{"id":16555,"date":"2024-05-24T08:30:34","date_gmt":"2024-05-24T06:30:34","guid":{"rendered":"https:\/\/www.globalong.com\/blog\/?p=16555"},"modified":"2024-09-20T17:25:52","modified_gmt":"2024-09-20T15:25:52","slug":"en-humanitaer-helt-i-afrika","status":"publish","type":"post","link":"https:\/\/www.vita-explorers.dk\/blog\/en-humanitaer-helt-i-afrika\/","title":{"rendered":"En humanit\u00e6r indsats i Afrika"},"content":{"rendered":"<h1 style=\"text-align: justify;\"><span style=\"font-size: 18pt;\">M\u00f8d Denis og hans inspirerende engagement i et internationalt forl\u00f8b med fokus p\u00e5 b\u00f8rnebeskyttelse og undervisning i Afrika.<\/span><\/h1>\n<h1 style=\"text-align: justify;\"><span style=\"font-size: 18pt;\"><strong>Denis: Et engageret humanit\u00e6rt arbejde i Afrika<\/strong><\/span><\/h1>\n<h2 style=\"text-align: justify;\"><span style=\"font-size: 14pt;\">I en verden med mange forskellige humanit\u00e6re udfordringer er der deltagere som Denis, der skiller sig ud med deres vedholdenhed og lyst til at bidrage. I et humanit\u00e6rt forl\u00f8b i Afrika arbejder Denis m\u00e5lrettet for at styrke beskyttelsen af udsatte b\u00f8rn og forbedre undervisningen i lokalsamfund. Hans historie kan inspirere alle, der gerne vil g\u00f8re en konkret og ansvarlig forskel.<\/span><\/h2>\n<p style=\"text-align: justify;\"><strong>Hvor engagementet begyndte\u00a0<\/strong><\/p>\n<p style=\"text-align: justify;\">Denis har l\u00e6nge v\u00e6ret drevet af et oprigtigt \u00f8nske om at hj\u00e6lpe andre. Allerede som ung interesserede han sig for sociale sp\u00f8rgsm\u00e5l og menneskerettigheder. Efter flere \u00e5r i uddannelsessektoren i Frankrig valgte Denis at give sin hverdag en ny retning ved at deltage i et <a href=\"https:\/\/www.vita-explorers.dk\/frivilligt-arbejde\/frivilligt-arbejde-ghana.html\" target=\"_blank\" rel=\"noopener\">humanit\u00e6rt forl\u00f8b i Afrika.<\/a> Beslutningen var velovervejet og udsprang af en tydelig motivation for at bidrage til positiv og langsigtet forandring.<\/p>\n<p style=\"text-align: justify;\"><strong>M\u00e5l for det humanit\u00e6re forl\u00f8b<\/strong><\/p>\n<p style=\"text-align: justify;\">Denis\u2019 humanit\u00e6re forl\u00f8b i Afrika har is\u00e6r fokus p\u00e5 to omr\u00e5der: <a href=\"https:\/\/www.vita-explorers.dk\/frivilligt-arbejde\/\">b\u00f8rnebeskyttelse og undervisning.<\/a> M\u00e5let er at skabe trygge rammer for udsatte b\u00f8rn og styrke adgangen til undervisning af god kvalitet. Indsatsen ligger i tr\u00e5d med FN\u2019s <a href=\"https:\/\/www.un.org\/sustainabledevelopment\/fr\/objectifs-de-developpement-durable\/\">Verdensm\u00e5l (SDG)<\/a>, s\u00e6rligt m\u00e5lene om kvalitetsuddannelse og mindre ulighed.<\/p>\n<p style=\"text-align: justify;\"><strong>B\u00f8rnebeskyttelse: En central udfordring<\/strong><\/p>\n<p style=\"text-align: justify;\"><strong>B\u00f8rnebeskyttelse i Afrika<\/strong> rummer mange udfordringer. B\u00f8rn kan st\u00e5 i meget s\u00e5rbare situationer \u2013 blandt andet som f\u00f8lge af fattigdom, b\u00f8rnearbejde og vold i hjemmet. Det g\u00f8r arbejdet med beskyttelse endnu mere afg\u00f8rende. Denis og hans team arbejder for at skabe trygge milj\u00f8er, hvor b\u00f8rn kan udvikle sig og trives. I dialog med lokalsamfundene identificerer de b\u00f8rn i risiko og hj\u00e6lper med at etablere konkrete og holdbare beskyttelsestiltag.<\/p>\n<p style=\"text-align: justify;\"><strong>Denis\u2019 rolle i arbejdet med b\u00f8rnebeskyttelse<\/strong><\/p>\n<p style=\"text-align: justify;\">Han spiller en central rolle i at gennemf\u00f8re <strong>indsatser for b\u00f8rnebeskyttelse.<\/strong> Han koordinerer oplysningsaktiviteter og tr\u00e6ning for lokale socialarbejdere. Denis <strong>f\u00f8lger ogs\u00e5 etableringen af b\u00f8rnecentre t\u00e6t,<\/strong> hvor b\u00f8rn kan f\u00e5 sundhedsfaglig hj\u00e6lp, psykologisk st\u00f8tte og grundl\u00e6ggende undervisning. Hans tilstedev\u00e6relse i praksis er med til at sikre, at initiativerne tilpasses b\u00f8rnenes behov og lever op til internationale standarder for <a href=\"https:\/\/www.unicef.fr\/convention-droits-enfants\/\">barnets rettigheder.<\/a><\/p>\n<p style=\"text-align: justify;\"><strong>Initiativer og projekter<\/strong><\/p>\n<p style=\"text-align: justify;\">Blandt de mange aktiviteter er oprettelse af b\u00f8rnevenlige f\u00e6llesskaber, mentor- og lektieordninger samt oplysningskampagner om b\u00f8rns rettigheder. Indsatserne skal st\u00f8tte b\u00e5de b\u00f8rn og familier helhedsorienteret \u2013 ved at im\u00f8dekomme akutte behov og samtidig arbejde langsigtet for at <strong>forbedre livsvilk\u00e5rene i lokalsamfundene.<\/strong><\/p>\n<p style=\"text-align: justify;\"><strong>Effekt for b\u00f8rn og lokalsamfund<\/strong><\/p>\n<p style=\"text-align: justify;\">Resultaterne kan m\u00e6rkes p\u00e5 flere niveauer. B\u00f8rnene f\u00e5r direkte gavn af beskyttelse og st\u00f8tte til l\u00e6ring, som kan give mere stabilitet og bedre muligheder for fremtiden. Lokalsamfundene oplever samtidig forbedringer gennem de tilbud og programmer, der etableres. Indsatserne bidrager ogs\u00e5 til st\u00f8rre viden om b\u00f8rns rettigheder og styrker et mere trygt og omsorgsfuldt milj\u00f8 omkring b\u00f8rnene.<\/p>\n<p style=\"text-align: justify;\"><strong>Hvorfor undervisning betyder s\u00e5 meget<\/strong><\/p>\n<p style=\"text-align: justify;\">Undervisning er et af de vigtigste omdrejningspunkter i Denis\u2019 humanit\u00e6re arbejde. Han ser <strong>adgang til undervisning af god kvalitet som en grundl\u00e6ggende ret<\/strong> og et st\u00e6rkt redskab til at bryde fattigdom p\u00e5 sigt. <strong>I Afrika<\/strong> st\u00e5r mange b\u00f8rn uden et stabilt skoletilbud p\u00e5 grund af blandt andet manglende faciliteter, h\u00f8je omkostninger og kulturelle barrierer. Denis arbejder m\u00e5lrettet for at mindske disse barrierer, s\u00e5 flere b\u00f8rn f\u00e5r mulighed for at l\u00e6re og udvikle sig.<\/p>\n<p style=\"text-align: justify;\"><strong>Bidrag til undervisningen\u00a0<\/strong><\/p>\n<p style=\"text-align: justify;\">Som del af forl\u00f8bet har han v\u00e6ret med til at gennemf\u00f8re flere uddannelsesinitiativer. <strong>Han har bidraget til opf\u00f8relse af skoler og klasselokaler,<\/strong> til indk\u00f8b af skolematerialer og til at organisere supplerende undervisning for b\u00f8rn, der er bagud fagligt. Denis har ogs\u00e5 v\u00e6ret med til at udvikle l\u00e6ringsforl\u00f8b, der passer til b\u00f8rnenes behov, med fokus p\u00e5 mere interaktive og deltagende undervisningsformer.<\/p>\n<p style=\"text-align: justify;\"><strong>Kompetenceudvikling af lokale l\u00e6rere<\/strong><\/p>\n<p style=\"text-align: justify;\">En vigtig del af arbejdet er at styrke lokale l\u00e6reres kompetencer. Han organiserer workshops og tr\u00e6ningsforl\u00f8b, der udvikler de p\u00e6dagogiske f\u00e6rdigheder og giver inspiration til mere inkluderende undervisning. Det hj\u00e6lper l\u00e6rerne med at im\u00f8dekomme forskellige behov i klassen og skabe mere trygge og l\u00e6ringsfremmende rammer.<\/p>\n<p style=\"text-align: justify;\"><strong>Udfordringer i undervisningsomr\u00e5det<\/strong><\/p>\n<p style=\"text-align: justify;\"><strong>Udfordringerne p\u00e5 uddannelsesomr\u00e5det i Afrika er mange.<\/strong> Denis har oplevet mangel p\u00e5 ressourcer, utilstr\u00e6kkelige faciliteter og kulturelle barrierer. P\u00e5 trods af det holder han fast i m\u00e5let om at finde l\u00f8sninger og underst\u00f8tte undervisning af god kvalitet for b\u00f8rnene.<\/p>\n<p style=\"text-align: justify;\"><strong>Succeshistorier<\/strong><\/p>\n<p style=\"text-align: justify;\">Indsatsen har f\u00f8rt til mange positive udviklinger. B\u00f8rn, der tidligere var droppet ud af skolen p\u00e5 grund af \u00f8konomi eller uroligheder, har f\u00e5et mulighed for at komme tilbage gennem programmerne. Skolegangen er steget i flere omr\u00e5der, og mange b\u00f8rn har forbedret deres faglige niveau og fortsat deres uddannelse. Det viser, at vedholdende arbejde kan skabe reel forandring \u2013 og at initiativerne g\u00f8r en konkret forskel.<\/p>\n<p style=\"text-align: justify;\"><strong>Samarbejde med NGO\u2019er<\/strong><\/p>\n<p style=\"text-align: justify;\">Denis arbejder t\u00e6t sammen med <a href=\"http:\/\/globalong.com\">VITA<\/a> for at styrke effekten af indsatsen. Samarbejdet g\u00f8r det muligt at samle ressourcer og viden, s\u00e5 arbejdet bliver mere sammenh\u00e6ngende og praktisk gennemf\u00f8rligt. Organisationen bidrager med logistik, \u00f8konomi og faglig st\u00f8tte, s\u00e5 projekterne kan lykkes og n\u00e5 ud til flere.<\/p>\n<p style=\"text-align: justify;\"><strong>Hverdagen som deltager<\/strong><\/p>\n<p style=\"text-align: justify;\">Hverdagen i et internationalt forl\u00f8b kan v\u00e6re varieret og kr\u00e6vende. Mellem koordinationsm\u00f8der, tr\u00e6ningsaktiviteter, bes\u00f8g i felten og m\u00f8der med lokalsamfundene er dagene ofte fyldte. Arbejdet starter tit tidligt og slutter sent, men opleves samtidig som meningsfuldt, fordi indsatsen er t\u00e6t p\u00e5 mennesker og behov.<\/p>\n<p style=\"text-align: justify;\"><strong>Den personlige betydning af forl\u00f8bet<\/strong><\/p>\n<p style=\"text-align: justify;\">For Denis er opholdet meget mere end en opgave \u2013 det har v\u00e6ret en erfaring, der har flyttet ham. Han har f\u00e5et en dybere forst\u00e5else for globale udfordringer og st\u00f8rre indlevelse i, hvordan hverdagen kan se ud under sv\u00e6re vilk\u00e5r. Oplevelsen har styrket hans engagement og givet ham et bredere perspektiv p\u00e5 b\u00e5de livet og verden.<\/p>\n<p style=\"text-align: justify;\"><strong>St\u00f8tte og finansiering<\/strong><\/p>\n<p style=\"text-align: justify;\">\u00d8konomisk st\u00f8tte er vigtig for at kunne gennemf\u00f8re og videreudvikle humanit\u00e6re indsatser. Projekterne finansieres gennem forskellige kilder, blandt andet private donationer, offentlige tilskud og bidrag fra virksomheder. Gennemsigtighed og ansvarlig \u00f8konomistyring er afg\u00f8rende, s\u00e5 midlerne bruges bedst muligt og n\u00e5r derhen, hvor behovet er st\u00f8rst.<\/p>\n<p style=\"text-align: justify;\"><strong>Perspektiver for indsatsen<\/strong><\/p>\n<p style=\"text-align: justify;\">Denis \u00f8nsker at forts\u00e6tte med at udvikle arbejdet i Afrika. Han vil gerne igangs\u00e6tte nye undervisningstiltag, styrke eksisterende rammer og n\u00e5 ud til flere b\u00f8rn og familier. Samtidig h\u00e5ber han at inspirere andre til at engagere sig i internationale forl\u00f8b og bidrage til en mere fair og b\u00e6redygtig udvikling.<\/p>\n<p style=\"text-align: justify;\"><strong>At motivere flere til humanit\u00e6rt engagement<\/strong><\/p>\n<p style=\"text-align: justify;\">Til dem, der overvejer at <a href=\"https:\/\/www.vita-explorers.dk\/engagements-globalong.html\">engagere sig i humanit\u00e6re forl\u00f8b<\/a>, anbefaler Denis at forberede sig grundigt og s\u00e6tte sig ind i hverdagen p\u00e5 stedet. Han opfordrer til at finde en sag, der giver mening personligt, og g\u00e5 ind i den med ansvarlighed og vedholdenhed. <strong>Humanit\u00e6re forl\u00f8b<\/strong> kr\u00e6ver mod, fleksibilitet og evnen til at omstille sig \u2013 men for mange vejer b\u00e5de l\u00e6ringen og den positive effekt tungt.<\/p>\n<p style=\"text-align: justify;\"><b>Afslutningsvis<\/b><\/p>\n<p style=\"text-align: justify;\">Denis\u2019 historie minder os om <strong>hvilken forskel et menneske med retning og vedholdenhed kan g\u00f8re<\/strong>. Hans fokus p\u00e5 b\u00f8rnebeskyttelse og undervisning i Afrika har v\u00e6ret med til at forbedre hverdagen for mange b\u00f8rn og styrke lokalsamfund. Denis er et eksempel p\u00e5 et humanit\u00e6rt engagement, der tager udgangspunkt i respekt og ansvarlighed \u2013 og hans forl\u00f8b viser, hvorfor denne type indsatser fortsat er vigtige, n\u00e5r vi vil skabe bedre muligheder for flere.<\/p>\n<p style=\"text-align: justify;\"><strong>FAQs<\/strong><\/p>\n<p style=\"text-align: justify;\"><strong>Hvad er de vigtigste m\u00e5l med det humanit\u00e6re forl\u00f8b?<\/strong><\/p>\n<p style=\"text-align: justify;\">De prim\u00e6re m\u00e5l er at styrke beskyttelsen af udsatte b\u00f8rn og forbedre adgangen til undervisning af god kvalitet i Afrika.<\/p>\n<p style=\"text-align: justify;\"><strong>Hvordan bidrager han til b\u00f8rnebeskyttelse i Afrika?<\/strong><\/p>\n<p style=\"text-align: justify;\">Han koordinerer oplysningsaktiviteter, tr\u00e6ner lokale socialarbejdere og f\u00f8lger etableringen af b\u00f8rnecentre, der tilbyder sundhedsfaglig hj\u00e6lp, psykologisk st\u00f8tte og grundl\u00e6ggende undervisning.<\/p>\n<p style=\"text-align: justify;\"><strong>Hvilke udfordringer m\u00f8der han p\u00e5 uddannelsesomr\u00e5det i Afrika?<\/strong><\/p>\n<p style=\"text-align: justify;\">Han m\u00f8der mangel p\u00e5 ressourcer, utilstr\u00e6kkelige faciliteter og kulturelle barrierer samt udfordringer i forbindelse med v\u00e6bnede konflikter og befolkningsflytninger.<\/p>\n<p style=\"text-align: justify;\"><strong>Hvilke undervisningsinitiativer har Denis sat i gang?<\/strong><\/p>\n<p style=\"text-align: justify;\">Han har bidraget til opf\u00f8relse af skoler, indk\u00f8b af skolematerialer og supplerende undervisning samt kompetenceudvikling af lokale l\u00e6rere i inkluderende undervisningsmetoder.<\/p>\n<p style=\"text-align: justify;\"><strong>Hvordan finansierer Denis sine humanit\u00e6re projekter?<\/strong><\/p>\n<p style=\"text-align: justify;\">Indsatserne finansieres via private donationer, offentlige tilskud og bidrag fra virksomheder, med fokus p\u00e5 gennemsigtighed og ansvarlig brug af midler.<\/p>\n<p style=\"text-align: justify;\"><strong>Hvad er perspektiverne for indsatsen i Afrika?<\/strong><\/p>\n<p style=\"text-align: justify;\">Denis \u00f8nsker at udvikle nye undervisningstiltag, styrke eksisterende rammer og n\u00e5 ud til flere med sine humanit\u00e6re initiativer.<\/p>\n<p class=\"p4\" style=\"text-align: center;\"><b>For mere information er du velkommen til at kontakte os p\u00e5\u00a0<\/b><a href=\"mailto:info@globalong.com\"><span class=\"s2\"><b>info@globalong.com<\/b><\/span><\/a><\/p>\n<p class=\"p4\" style=\"text-align: center;\"><b>Vil du vide mere om VITA og vores deltagere, kan du finde os p\u00e5\u00a0<\/b><a href=\"https:\/\/www.instagram.com\/globalongofficiel\/\"><span class=\"s2\"><b>Instagram<\/b><\/span><\/a><b>,\u00a0<\/b><a href=\"https:\/\/www.facebook.com\/globalong\"><span class=\"s2\"><b>Facebook<\/b><\/span><\/a><b>,\u00a0<\/b><a href=\"https:\/\/www.linkedin.com\/company\/5113177\/admin\/feed\/posts\/\"><span class=\"s2\"><b>LinkedIn<\/b><\/span><\/a><b>\u00a0og\u00a0<\/b><a href=\"https:\/\/www.youtube.com\/c\/globalong\/videos\"><span class=\"s2\"><b>Youtube<\/b><\/span><\/a><b>\u00a0!\u00a0<\/b><\/p>\n","protected":false},"excerpt":{"rendered":"<p>M\u00f8d Denis og hans inspirerende engagement i et internationalt forl\u00f8b med fokus p\u00e5 b\u00f8rnebeskyttelse og undervisning i Afrika. Denis: Et engageret humanit\u00e6rt arbejde i\u2026<\/p>\n","protected":false},"author":7,"featured_media":9308,"comment_status":"open","ping_status":"open","sticky":false,"template":"","format":"standard","meta":{"footnotes":""},"categories":[13,8,6,4],"tags":[],"yoast_head":"<!-- This site is optimized with the Yoast SEO Premium plugin v23.4 (Yoast SEO v23.4) - https:\/\/yoast.com\/wordpress\/plugins\/seo\/ -->\n<title>En humanit\u00e6r indsats i Afrika - VITA Explorers Blog<\/title>\n<meta name=\"description\" content=\"D\u00e9couvrez l&#039;histoire inspirante d&#039;un h\u00e9ros engag\u00e9 dans une mission humanitaire en Afrique pour la protection de l&#039;enfance et l&#039;enseignement\" \/>\n<meta name=\"robots\" content=\"index, follow, max-snippet:-1, max-image-preview:large, max-video-preview:-1\" \/>\n<link rel=\"canonical\" href=\"https:\/\/www.vita-explorers.dk\/blog\/en-humanitaer-helt-i-afrika\/\" \/>\n<meta property=\"og:locale\" content=\"da_DK\" \/>\n<meta property=\"og:type\" content=\"article\" \/>\n<meta property=\"og:title\" content=\"En humanit\u00e6r indsats i Afrika\" \/>\n<meta property=\"og:description\" content=\"D\u00e9couvrez l&#039;histoire inspirante d&#039;un h\u00e9ros engag\u00e9 dans une mission humanitaire en Afrique pour la protection de l&#039;enfance et l&#039;enseignement\" \/>\n<meta property=\"og:url\" content=\"https:\/\/www.vita-explorers.dk\/blog\/en-humanitaer-helt-i-afrika\/\" \/>\n<meta property=\"og:site_name\" content=\"VITA Explorers Blog\" \/>\n<meta property=\"article:publisher\" content=\"https:\/\/www.facebook.com\/globalong\" \/>\n<meta property=\"article:published_time\" content=\"2024-05-24T06:30:34+00:00\" \/>\n<meta property=\"article:modified_time\" content=\"2024-09-20T15:25:52+00:00\" \/>\n<meta property=\"og:image\" content=\"https:\/\/www.vita-explorers.dk\/blog\/wp-content\/uploads\/2018\/03\/Game_Reserve_Conservation_6-min.jpg\" \/>\n\t<meta property=\"og:image:width\" content=\"2500\" \/>\n\t<meta property=\"og:image:height\" content=\"1666\" \/>\n\t<meta property=\"og:image:type\" content=\"image\/jpeg\" \/>\n<meta name=\"author\" content=\"VITA Tribe\" \/>\n<meta name=\"twitter:card\" content=\"summary_large_image\" \/>\n<meta name=\"twitter:label1\" content=\"Skrevet af\" \/>\n\t<meta name=\"twitter:data1\" content=\"VITA Tribe\" \/>\n\t<meta name=\"twitter:label2\" content=\"Estimeret l\u00e6setid\" \/>\n\t<meta name=\"twitter:data2\" content=\"9 minutter\" \/>\n<script type=\"application\/ld+json\" class=\"yoast-schema-graph\">{\"@context\":\"https:\/\/schema.org\",\"@graph\":[{\"@type\":\"Article\",\"@id\":\"https:\/\/www.vita-explorers.dk\/blog\/en-humanitaer-helt-i-afrika\/#article\",\"isPartOf\":{\"@id\":\"https:\/\/www.vita-explorers.dk\/blog\/en-humanitaer-helt-i-afrika\/\"},\"author\":{\"name\":\"VITA Tribe\",\"@id\":\"https:\/\/www.vita-explorers.dk\/blog\/#\/schema\/person\/fc0343a2f2db2ebb2793c1f62dbe73f0\"},\"headline\":\"En humanit\u00e6r indsats i Afrika\",\"datePublished\":\"2024-05-24T06:30:34+00:00\",\"dateModified\":\"2024-09-20T15:25:52+00:00\",\"mainEntityOfPage\":{\"@id\":\"https:\/\/www.vita-explorers.dk\/blog\/en-humanitaer-helt-i-afrika\/\"},\"wordCount\":1535,\"commentCount\":0,\"publisher\":{\"@id\":\"https:\/\/www.vita-explorers.dk\/blog\/#organization\"},\"image\":{\"@id\":\"https:\/\/www.vita-explorers.dk\/blog\/en-humanitaer-helt-i-afrika\/#primaryimage\"},\"thumbnailUrl\":\"https:\/\/www.vita-explorers.dk\/blog\/wp-content\/uploads\/2018\/03\/Game_Reserve_Conservation_6-min.jpg\",\"articleSection\":[\"Afrika\",\"Humanit\u00e6rt frivilligt arbejde\",\"Nyheder\",\"VITA Explorers\"],\"inLanguage\":\"da-DK\",\"potentialAction\":[{\"@type\":\"CommentAction\",\"name\":\"Comment\",\"target\":[\"https:\/\/www.vita-explorers.dk\/blog\/en-humanitaer-helt-i-afrika\/#respond\"]}]},{\"@type\":\"WebPage\",\"@id\":\"https:\/\/www.vita-explorers.dk\/blog\/en-humanitaer-helt-i-afrika\/\",\"url\":\"https:\/\/www.vita-explorers.dk\/blog\/en-humanitaer-helt-i-afrika\/\",\"name\":\"En humanit\u00e6r indsats i Afrika - VITA Explorers Blog\",\"isPartOf\":{\"@id\":\"https:\/\/www.vita-explorers.dk\/blog\/#website\"},\"primaryImageOfPage\":{\"@id\":\"https:\/\/www.vita-explorers.dk\/blog\/en-humanitaer-helt-i-afrika\/#primaryimage\"},\"image\":{\"@id\":\"https:\/\/www.vita-explorers.dk\/blog\/en-humanitaer-helt-i-afrika\/#primaryimage\"},\"thumbnailUrl\":\"https:\/\/www.vita-explorers.dk\/blog\/wp-content\/uploads\/2018\/03\/Game_Reserve_Conservation_6-min.jpg\",\"datePublished\":\"2024-05-24T06:30:34+00:00\",\"dateModified\":\"2024-09-20T15:25:52+00:00\",\"description\":\"D\u00e9couvrez l'histoire inspirante d'un h\u00e9ros engag\u00e9 dans une mission humanitaire en Afrique pour la protection de l'enfance et l'enseignement\",\"breadcrumb\":{\"@id\":\"https:\/\/www.vita-explorers.dk\/blog\/en-humanitaer-helt-i-afrika\/#breadcrumb\"},\"inLanguage\":\"da-DK\",\"potentialAction\":[{\"@type\":\"ReadAction\",\"target\":[\"https:\/\/www.vita-explorers.dk\/blog\/en-humanitaer-helt-i-afrika\/\"]}]},{\"@type\":\"ImageObject\",\"inLanguage\":\"da-DK\",\"@id\":\"https:\/\/www.vita-explorers.dk\/blog\/en-humanitaer-helt-i-afrika\/#primaryimage\",\"url\":\"https:\/\/www.vita-explorers.dk\/blog\/wp-content\/uploads\/2018\/03\/Game_Reserve_Conservation_6-min.jpg\",\"contentUrl\":\"https:\/\/www.vita-explorers.dk\/blog\/wp-content\/uploads\/2018\/03\/Game_Reserve_Conservation_6-min.jpg\",\"width\":2500,\"height\":1666,\"caption\":\"Join an Animal Volunteer Abroad program and enjoy a rewarding experience protecting wildlife around the world.\"},{\"@type\":\"BreadcrumbList\",\"@id\":\"https:\/\/www.vita-explorers.dk\/blog\/en-humanitaer-helt-i-afrika\/#breadcrumb\",\"itemListElement\":[{\"@type\":\"ListItem\",\"position\":1,\"name\":\"Accueil\",\"item\":\"https:\/\/www.vita-explorers.dk\/blog\/\"},{\"@type\":\"ListItem\",\"position\":2,\"name\":\"En humanit\u00e6r indsats i Afrika\"}]},{\"@type\":\"WebSite\",\"@id\":\"https:\/\/www.vita-explorers.dk\/blog\/#website\",\"url\":\"https:\/\/www.vita-explorers.dk\/blog\/\",\"name\":\"Association Globalong\",\"description\":\"Frivilligt arbejde, sprogophold, praktik i udlandet og internationale oplevelser\",\"publisher\":{\"@id\":\"https:\/\/www.vita-explorers.dk\/blog\/#organization\"},\"potentialAction\":[{\"@type\":\"SearchAction\",\"target\":{\"@type\":\"EntryPoint\",\"urlTemplate\":\"https:\/\/www.vita-explorers.dk\/blog\/?s={search_term_string}\"},\"query-input\":{\"@type\":\"PropertyValueSpecification\",\"valueRequired\":true,\"valueName\":\"search_term_string\"}}],\"inLanguage\":\"da-DK\"},{\"@type\":\"Organization\",\"@id\":\"https:\/\/www.vita-explorers.dk\/blog\/#organization\",\"name\":\"Association Globalong\",\"url\":\"https:\/\/www.vita-explorers.dk\/blog\/\",\"logo\":{\"@type\":\"ImageObject\",\"inLanguage\":\"da-DK\",\"@id\":\"https:\/\/www.vita-explorers.dk\/blog\/#\/schema\/logo\/image\/\",\"url\":\"https:\/\/www.globalong.com\/blog\/wp-content\/uploads\/2014\/11\/cropped-cropped-Logo-et-Afrique-Globalong-petite-taille-2.jpg\",\"contentUrl\":\"https:\/\/www.globalong.com\/blog\/wp-content\/uploads\/2014\/11\/cropped-cropped-Logo-et-Afrique-Globalong-petite-taille-2.jpg\",\"width\":512,\"height\":512,\"caption\":\"Association Globalong\"},\"image\":{\"@id\":\"https:\/\/www.vita-explorers.dk\/blog\/#\/schema\/logo\/image\/\"},\"sameAs\":[\"https:\/\/www.facebook.com\/globalong\"]},{\"@type\":\"Person\",\"@id\":\"https:\/\/www.vita-explorers.dk\/blog\/#\/schema\/person\/fc0343a2f2db2ebb2793c1f62dbe73f0\",\"name\":\"VITA Tribe\",\"image\":{\"@type\":\"ImageObject\",\"inLanguage\":\"da-DK\",\"@id\":\"https:\/\/www.vita-explorers.dk\/blog\/#\/schema\/person\/image\/\",\"url\":\"https:\/\/secure.gravatar.com\/avatar\/f7f05026bb439d0c96b30e135e5f852c?s=96&d=mm&r=g\",\"contentUrl\":\"https:\/\/secure.gravatar.com\/avatar\/f7f05026bb439d0c96b30e135e5f852c?s=96&d=mm&r=g\",\"caption\":\"VITA Tribe\"},\"sameAs\":[\"http:\/\/www.globalong.com\"],\"url\":\"https:\/\/www.vita-explorers.dk\/blog\/author\/teamglobalong\/\"}]}<\/script>\n<!-- \/ Yoast SEO Premium plugin. -->","yoast_head_json":{"title":"En humanit\u00e6r indsats i Afrika - VITA Explorers Blog","description":"D\u00e9couvrez l'histoire inspirante d'un h\u00e9ros engag\u00e9 dans une mission humanitaire en Afrique pour la protection de l'enfance et l'enseignement","robots":{"index":"index","follow":"follow","max-snippet":"max-snippet:-1","max-image-preview":"max-image-preview:large","max-video-preview":"max-video-preview:-1"},"canonical":"https:\/\/www.vita-explorers.dk\/blog\/en-humanitaer-helt-i-afrika\/","og_locale":"da_DK","og_type":"article","og_title":"En humanit\u00e6r indsats i Afrika","og_description":"D\u00e9couvrez l'histoire inspirante d'un h\u00e9ros engag\u00e9 dans une mission humanitaire en Afrique pour la protection de l'enfance et l'enseignement","og_url":"https:\/\/www.vita-explorers.dk\/blog\/en-humanitaer-helt-i-afrika\/","og_site_name":"VITA Explorers Blog","article_publisher":"https:\/\/www.facebook.com\/globalong","article_published_time":"2024-05-24T06:30:34+00:00","article_modified_time":"2024-09-20T15:25:52+00:00","og_image":[{"width":2500,"height":1666,"url":"https:\/\/www.vita-explorers.dk\/blog\/wp-content\/uploads\/2018\/03\/Game_Reserve_Conservation_6-min.jpg","type":"image\/jpeg"}],"author":"VITA Tribe","twitter_card":"summary_large_image","twitter_misc":{"Skrevet af":"VITA Tribe","Estimeret l\u00e6setid":"9 minutter"},"schema":{"@context":"https:\/\/schema.org","@graph":[{"@type":"Article","@id":"https:\/\/www.vita-explorers.dk\/blog\/en-humanitaer-helt-i-afrika\/#article","isPartOf":{"@id":"https:\/\/www.vita-explorers.dk\/blog\/en-humanitaer-helt-i-afrika\/"},"author":{"name":"VITA Tribe","@id":"https:\/\/www.vita-explorers.dk\/blog\/#\/schema\/person\/fc0343a2f2db2ebb2793c1f62dbe73f0"},"headline":"En humanit\u00e6r indsats i Afrika","datePublished":"2024-05-24T06:30:34+00:00","dateModified":"2024-09-20T15:25:52+00:00","mainEntityOfPage":{"@id":"https:\/\/www.vita-explorers.dk\/blog\/en-humanitaer-helt-i-afrika\/"},"wordCount":1535,"commentCount":0,"publisher":{"@id":"https:\/\/www.vita-explorers.dk\/blog\/#organization"},"image":{"@id":"https:\/\/www.vita-explorers.dk\/blog\/en-humanitaer-helt-i-afrika\/#primaryimage"},"thumbnailUrl":"https:\/\/www.vita-explorers.dk\/blog\/wp-content\/uploads\/2018\/03\/Game_Reserve_Conservation_6-min.jpg","articleSection":["Afrika","Humanit\u00e6rt frivilligt arbejde","Nyheder","VITA Explorers"],"inLanguage":"da-DK","potentialAction":[{"@type":"CommentAction","name":"Comment","target":["https:\/\/www.vita-explorers.dk\/blog\/en-humanitaer-helt-i-afrika\/#respond"]}]},{"@type":"WebPage","@id":"https:\/\/www.vita-explorers.dk\/blog\/en-humanitaer-helt-i-afrika\/","url":"https:\/\/www.vita-explorers.dk\/blog\/en-humanitaer-helt-i-afrika\/","name":"En humanit\u00e6r indsats i Afrika - VITA Explorers Blog","isPartOf":{"@id":"https:\/\/www.vita-explorers.dk\/blog\/#website"},"primaryImageOfPage":{"@id":"https:\/\/www.vita-explorers.dk\/blog\/en-humanitaer-helt-i-afrika\/#primaryimage"},"image":{"@id":"https:\/\/www.vita-explorers.dk\/blog\/en-humanitaer-helt-i-afrika\/#primaryimage"},"thumbnailUrl":"https:\/\/www.vita-explorers.dk\/blog\/wp-content\/uploads\/2018\/03\/Game_Reserve_Conservation_6-min.jpg","datePublished":"2024-05-24T06:30:34+00:00","dateModified":"2024-09-20T15:25:52+00:00","description":"D\u00e9couvrez l'histoire inspirante d'un h\u00e9ros engag\u00e9 dans une mission humanitaire en Afrique pour la protection de l'enfance et l'enseignement","breadcrumb":{"@id":"https:\/\/www.vita-explorers.dk\/blog\/en-humanitaer-helt-i-afrika\/#breadcrumb"},"inLanguage":"da-DK","potentialAction":[{"@type":"ReadAction","target":["https:\/\/www.vita-explorers.dk\/blog\/en-humanitaer-helt-i-afrika\/"]}]},{"@type":"ImageObject","inLanguage":"da-DK","@id":"https:\/\/www.vita-explorers.dk\/blog\/en-humanitaer-helt-i-afrika\/#primaryimage","url":"https:\/\/www.vita-explorers.dk\/blog\/wp-content\/uploads\/2018\/03\/Game_Reserve_Conservation_6-min.jpg","contentUrl":"https:\/\/www.vita-explorers.dk\/blog\/wp-content\/uploads\/2018\/03\/Game_Reserve_Conservation_6-min.jpg","width":2500,"height":1666,"caption":"Join an Animal Volunteer Abroad program and enjoy a rewarding experience protecting wildlife around the world."},{"@type":"BreadcrumbList","@id":"https:\/\/www.vita-explorers.dk\/blog\/en-humanitaer-helt-i-afrika\/#breadcrumb","itemListElement":[{"@type":"ListItem","position":1,"name":"Accueil","item":"https:\/\/www.vita-explorers.dk\/blog\/"},{"@type":"ListItem","position":2,"name":"En humanit\u00e6r indsats i Afrika"}]},{"@type":"WebSite","@id":"https:\/\/www.vita-explorers.dk\/blog\/#website","url":"https:\/\/www.vita-explorers.dk\/blog\/","name":"Association Globalong","description":"Frivilligt arbejde, sprogophold, praktik i udlandet og internationale oplevelser","publisher":{"@id":"https:\/\/www.vita-explorers.dk\/blog\/#organization"},"potentialAction":[{"@type":"SearchAction","target":{"@type":"EntryPoint","urlTemplate":"https:\/\/www.vita-explorers.dk\/blog\/?s={search_term_string}"},"query-input":{"@type":"PropertyValueSpecification","valueRequired":true,"valueName":"search_term_string"}}],"inLanguage":"da-DK"},{"@type":"Organization","@id":"https:\/\/www.vita-explorers.dk\/blog\/#organization","name":"Association Globalong","url":"https:\/\/www.vita-explorers.dk\/blog\/","logo":{"@type":"ImageObject","inLanguage":"da-DK","@id":"https:\/\/www.vita-explorers.dk\/blog\/#\/schema\/logo\/image\/","url":"https:\/\/www.globalong.com\/blog\/wp-content\/uploads\/2014\/11\/cropped-cropped-Logo-et-Afrique-Globalong-petite-taille-2.jpg","contentUrl":"https:\/\/www.globalong.com\/blog\/wp-content\/uploads\/2014\/11\/cropped-cropped-Logo-et-Afrique-Globalong-petite-taille-2.jpg","width":512,"height":512,"caption":"Association Globalong"},"image":{"@id":"https:\/\/www.vita-explorers.dk\/blog\/#\/schema\/logo\/image\/"},"sameAs":["https:\/\/www.facebook.com\/globalong"]},{"@type":"Person","@id":"https:\/\/www.vita-explorers.dk\/blog\/#\/schema\/person\/fc0343a2f2db2ebb2793c1f62dbe73f0","name":"VITA Tribe","image":{"@type":"ImageObject","inLanguage":"da-DK","@id":"https:\/\/www.vita-explorers.dk\/blog\/#\/schema\/person\/image\/","url":"https:\/\/secure.gravatar.com\/avatar\/f7f05026bb439d0c96b30e135e5f852c?s=96&d=mm&r=g","contentUrl":"https:\/\/secure.gravatar.com\/avatar\/f7f05026bb439d0c96b30e135e5f852c?s=96&d=mm&r=g","caption":"VITA Tribe"},"sameAs":["http:\/\/www.globalong.com"],"url":"https:\/\/www.vita-explorers.dk\/blog\/author\/teamglobalong\/"}]}},"_links":{"self":[{"href":"https:\/\/www.vita-explorers.dk\/blog\/wp-json\/wp\/v2\/posts\/16555"}],"collection":[{"href":"https:\/\/www.vita-explorers.dk\/blog\/wp-json\/wp\/v2\/posts"}],"about":[{"href":"https:\/\/www.vita-explorers.dk\/blog\/wp-json\/wp\/v2\/types\/post"}],"author":[{"embeddable":true,"href":"https:\/\/www.vita-explorers.dk\/blog\/wp-json\/wp\/v2\/users\/7"}],"replies":[{"embeddable":true,"href":"https:\/\/www.vita-explorers.dk\/blog\/wp-json\/wp\/v2\/comments?post=16555"}],"version-history":[{"count":1,"href":"https:\/\/www.vita-explorers.dk\/blog\/wp-json\/wp\/v2\/posts\/16555\/revisions"}],"predecessor-version":[{"id":16556,"href":"https:\/\/www.vita-explorers.dk\/blog\/wp-json\/wp\/v2\/posts\/16555\/revisions\/16556"}],"wp:featuredmedia":[{"embeddable":true,"href":"https:\/\/www.vita-explorers.dk\/blog\/wp-json\/wp\/v2\/media\/9308"}],"wp:attachment":[{"href":"https:\/\/www.vita-explorers.dk\/blog\/wp-json\/wp\/v2\/media?parent=16555"}],"wp:term":[{"taxonomy":"category","embeddable":true,"href":"https:\/\/www.vita-explorers.dk\/blog\/wp-json\/wp\/v2\/categories?post=16555"},{"taxonomy":"post_tag","embeddable":true,"href":"https:\/\/www.vita-explorers.dk\/blog\/wp-json\/wp\/v2\/tags?post=16555"}],"curies":[{"name":"wp","href":"https:\/\/api.w.org\/{rel}","templated":true}]}}