{"id":16584,"date":"2024-05-27T07:58:02","date_gmt":"2024-05-27T05:58:02","guid":{"rendered":"https:\/\/www.globalong.com\/blog\/?p=16584"},"modified":"2025-09-14T15:19:09","modified_gmt":"2025-09-14T13:19:09","slug":"frivilligt-arbejde-island-praktik","status":"publish","type":"post","link":"https:\/\/www.vita-explorers.dk\/blog\/frivilligt-arbejde-island-praktik\/","title":{"rendered":"Frivilligt arbejde i Island"},"content":{"rendered":"<h1>Frivilligt arbejde i Island<\/h1>\n<p><span style=\"font-size: 18pt;\"><span style=\"font-size: 12pt;\"><span style=\"font-size: 14pt;\">Jeg er lige kommet hjem efter<\/span> to uger med <a href=\"https:\/\/www.vita-explorers.dk\/frivilligt-arbejde\/internationalt-frivilligt-arbejde-island-praktik-studerende-europa.html\" target=\"_blank\" rel=\"noopener\">frivilligt arbejde i Island<\/a>, og jeg vil gerne sige af hjertet tak for en helt fantastisk oplevelse.<\/span><img loading=\"lazy\" decoding=\"async\" class=\"aligncenter wp-image-16591 size-medium\" src=\"https:\/\/www.vita-explorers.dk\/blog\/wp-content\/uploads\/2024\/05\/unnamed-1-1-225x300.jpg\" alt=\"Volontariat en Islande\" width=\"225\" height=\"300\" srcset=\"https:\/\/www.vita-explorers.dk\/blog\/wp-content\/uploads\/2024\/05\/unnamed-1-1-225x300.jpg 225w, https:\/\/www.vita-explorers.dk\/blog\/wp-content\/uploads\/2024\/05\/unnamed-1-1-768x1024.jpg 768w, https:\/\/www.vita-explorers.dk\/blog\/wp-content\/uploads\/2024\/05\/unnamed-1-1-1152x1536.jpg 1152w, https:\/\/www.vita-explorers.dk\/blog\/wp-content\/uploads\/2024\/05\/unnamed-1-1-1536x2048.jpg 1536w, https:\/\/www.vita-explorers.dk\/blog\/wp-content\/uploads\/2024\/05\/unnamed-1-1-scaled.jpg 1920w\" sizes=\"(max-width: 225px) 100vw, 225px\" \/><\/span><\/p>\n<p style=\"text-align: justify;\"><span style=\"font-size: 14pt;\"><span style=\"font-size: 12pt;\"> Takket v\u00e6re jeres st\u00e6rke indsats forl\u00f8b projektet virkelig godt. Hver dag fik jeg mulighed for at v\u00e6re med i oprydningen langs Islands kyster, og det gav mig en dybere forst\u00e5else af forurening \u2013 og hvor vigtigt det er at passe p\u00e5 naturen. Jeg var heldig at arbejde sammen med et fantastisk team, og jeg vil is\u00e6r gerne sige tak til projektlederne Hanna, Ren\u00e9 og Ramona for deres engagement og st\u00f8tte hele vejen. En stor tak til dem!<\/span><img loading=\"lazy\" decoding=\"async\" class=\"aligncenter wp-image-16588 size-medium\" src=\"https:\/\/www.vita-explorers.dk\/blog\/wp-content\/uploads\/2024\/05\/unnamed-5-1-169x300.jpg\" alt=\"Volontariat international \" width=\"169\" height=\"300\" srcset=\"https:\/\/www.vita-explorers.dk\/blog\/wp-content\/uploads\/2024\/05\/unnamed-5-1-169x300.jpg 169w, https:\/\/www.vita-explorers.dk\/blog\/wp-content\/uploads\/2024\/05\/unnamed-5-1-577x1024.jpg 577w, https:\/\/www.vita-explorers.dk\/blog\/wp-content\/uploads\/2024\/05\/unnamed-5-1-768x1364.jpg 768w, https:\/\/www.vita-explorers.dk\/blog\/wp-content\/uploads\/2024\/05\/unnamed-5-1-865x1536.jpg 865w, https:\/\/www.vita-explorers.dk\/blog\/wp-content\/uploads\/2024\/05\/unnamed-5-1-1153x2048.jpg 1153w, https:\/\/www.vita-explorers.dk\/blog\/wp-content\/uploads\/2024\/05\/unnamed-5-1.jpg 1242w\" sizes=\"(max-width: 169px) 100vw, 169px\" \/><\/span><\/p>\n<p style=\"text-align: justify;\"><span style=\"font-size: 12pt;\">At opleve Island var helt uforglemmeligt. Landets natur gjorde indtryk p\u00e5 mig fra f\u00f8rste dag. Kystbeskyttelsesprojektet ved de <a href=\"https:\/\/www.vita-explorers.dk\/blog\/anmeldelser-oplevelser-vita\/islande-pauline\/\" target=\"_blank\" rel=\"noopener\">islandske<\/a> kyster gav mig mulighed for at bidrage konkret til meningsfuldt milj\u00f8arbejde. Jeg deltog aktivt i milj\u00f8workshops, strandoprydning, madlavning og affaldssortering. Det udstyr, vi fik stillet til r\u00e5dighed \u2013 som handsker, jakker og projektor \u2013 var helt passende og gjorde arbejdet meget lettere.<\/span><\/p>\n<p style=\"text-align: justify;\">Opholdet har udvidet min viden om milj\u00f8 og givet mig konkrete id\u00e9er til, hvad jeg selv kan g\u00f8re i hverdagen. Jeg m\u00f8dte ogs\u00e5 mennesker med stor passion for naturen, og det har \u00e5bnet mine \u00f8jne for nye perspektiver. Jeg har nu en bedre forst\u00e5else af milj\u00f8udfordringer \u2013 fra luftforurening til forurening af havene \u2013 og er blevet mere opm\u00e6rksom p\u00e5 tiltag som genplantning af skov.<img loading=\"lazy\" decoding=\"async\" class=\"aligncenter wp-image-16586 size-medium\" src=\"https:\/\/www.vita-explorers.dk\/blog\/wp-content\/uploads\/2024\/05\/unnamed-10-225x300.jpg\" alt=\"stage \u00e0 l'\u00e9tranger\" width=\"225\" height=\"300\" srcset=\"https:\/\/www.vita-explorers.dk\/blog\/wp-content\/uploads\/2024\/05\/unnamed-10-225x300.jpg 225w, https:\/\/www.vita-explorers.dk\/blog\/wp-content\/uploads\/2024\/05\/unnamed-10-768x1024.jpg 768w, https:\/\/www.vita-explorers.dk\/blog\/wp-content\/uploads\/2024\/05\/unnamed-10-1152x1536.jpg 1152w, https:\/\/www.vita-explorers.dk\/blog\/wp-content\/uploads\/2024\/05\/unnamed-10-1536x2048.jpg 1536w, https:\/\/www.vita-explorers.dk\/blog\/wp-content\/uploads\/2024\/05\/unnamed-10-scaled.jpg 1920w\" sizes=\"(max-width: 225px) 100vw, 225px\" \/><\/p>\n<p style=\"text-align: justify;\"><a href=\"http:\/\/globalong.com\">VITA Institute<\/a> <strong>har v\u00e6ret en v\u00e6rdifuld st\u00f8tte gennem hele forl\u00f8bet. Dialogen med teamet \u2013 via mail, telefon og video \u2013 var af virkelig h\u00f8j kvalitet. Deres hurtige respons og professionalisme bet\u00f8d meget for, at opholdet blev en succes. Planl\u00e6gningen var gennemf\u00f8rt, og jeg har faktisk ingen forslag til forbedringer.<\/strong><\/p>\n<p style=\"text-align: justify;\"><strong>Jeg kan varmt anbefale VITA Institute<\/strong> til alle, der \u00f8nsker at <a href=\"https:\/\/www.vita-explorers.dk\/mission-humanitaire.html\">deltage i et internationalt frivilligforl\u00f8b.<\/a> For mig f\u00f8les det helt oplagt at rejse afsted med dem, fordi oplevelsen var s\u00e5 l\u00e6rerig og givende. Alt forl\u00f8b problemfrit \u2013 fra modtagelsen i lufthavnen til informationen fra det lokale team. Bolig og m\u00e5ltider var ogs\u00e5 rigtig fine.<\/p>\n<p><img loading=\"lazy\" decoding=\"async\" class=\"aligncenter wp-image-16589 size-medium\" style=\"text-align: justify;\" src=\"https:\/\/www.vita-explorers.dk\/blog\/wp-content\/uploads\/2024\/05\/unnamed-4-1-225x300.jpg\" alt=\"Volontariat en Islande\" width=\"225\" height=\"300\" srcset=\"https:\/\/www.vita-explorers.dk\/blog\/wp-content\/uploads\/2024\/05\/unnamed-4-1-225x300.jpg 225w, https:\/\/www.vita-explorers.dk\/blog\/wp-content\/uploads\/2024\/05\/unnamed-4-1-768x1024.jpg 768w, https:\/\/www.vita-explorers.dk\/blog\/wp-content\/uploads\/2024\/05\/unnamed-4-1-1152x1536.jpg 1152w, https:\/\/www.vita-explorers.dk\/blog\/wp-content\/uploads\/2024\/05\/unnamed-4-1-1536x2048.jpg 1536w, https:\/\/www.vita-explorers.dk\/blog\/wp-content\/uploads\/2024\/05\/unnamed-4-1-scaled.jpg 1920w\" sizes=\"(max-width: 225px) 100vw, 225px\" \/><\/p>\n<p style=\"text-align: justify;\">Til kommende deltagere i frivilligt arbejde i Island vil jeg anbefale at forberede sig p\u00e5 engelsk, s\u00e5 det er lettere at kommunikere. Hvad ang\u00e5r budget, s\u00e5 regn med cirka 200 euro om ugen til udflugter og 50 euro til personlige udgifter. Og vigtigst af alt: G\u00e5 ind i oplevelsen med et \u00e5bent sind \u2013 det g\u00f8r en stor forskel.<\/p>\n<p style=\"text-align: justify;\"><strong>Afslutningsvis overgik dette forl\u00f8b klart mine forventninger.<\/strong> Jeg har ikke bare f\u00e5et ny viden, men ogs\u00e5 m\u00f8dt virkelig sk\u00f8nne mennesker. For mig er internationalt frivilligt arbejde en gensidig udveksling, hvor alle b\u00e5de bidrager og l\u00e6rer noget. <strong>Oplevelsen har haft stor betydning for min hverdag og f\u00e5et mig til at t\u00e6nke mere over mit forbrug \u2013 og til at inspirere dem omkring mig til at tage milj\u00f8beskyttelse alvorligt. Tak til alle, og p\u00e5 gensyn til nye oplevelser!<\/strong><\/p>\n<p class=\"p4\" style=\"text-align: center;\"><b>For mere information er du velkommen til at kontakte os p\u00e5 <\/b><a href=\"mailto:info@globalong.com\"><span class=\"s2\"><b>info@globalong.com<\/b><\/span><\/a><\/p>\n<p class=\"p4\" style=\"text-align: center;\"><b>Hvis du vil f\u00f8lge VITA Institute og vores community, kan du finde os p\u00e5 <\/b><a href=\"https:\/\/www.instagram.com\/globalongofficiel\/\"><span class=\"s2\"><b>Instagram<\/b><\/span><\/a><b>, <\/b><a href=\"https:\/\/www.facebook.com\/globalong\"><span class=\"s2\"><b>Facebook<\/b><\/span><\/a><b>, <\/b><a href=\"https:\/\/www.linkedin.com\/company\/5113177\/admin\/feed\/posts\/\"><span class=\"s2\"><b>LinkedIn<\/b><\/span><\/a><b> og <\/b><a href=\"https:\/\/www.youtube.com\/c\/globalong\/videos\"><span class=\"s2\"><b>Youtube<\/b><\/span><\/a><b>! <\/b><\/p>\n","protected":false},"excerpt":{"rendered":"<p>Frivilligt arbejde i Island Jeg er lige kommet hjem efter to uger med frivilligt arbejde i Island, og jeg vil gerne sige af hjertet\u2026<\/p>\n","protected":false},"author":7,"featured_media":16587,"comment_status":"open","ping_status":"open","sticky":false,"template":"","format":"standard","meta":{"footnotes":""},"categories":[470,6,3,4],"tags":[],"yoast_head":"<!-- This site is optimized with the Yoast SEO Premium plugin v23.4 (Yoast SEO v23.4) - https:\/\/yoast.com\/wordpress\/plugins\/seo\/ -->\n<title>Frivilligt arbejde i Island for at beskytte milj\u00f8et - VITA Explorers Blog<\/title>\n<meta name=\"description\" content=\"Engagez-vous dans un volontariat en Islande en 2025 : participez \u00e0 des projets environnementaux, d\u00e9couvrez des paysages uniques en Islande\" \/>\n<meta name=\"robots\" content=\"index, follow, max-snippet:-1, max-image-preview:large, max-video-preview:-1\" \/>\n<link rel=\"canonical\" href=\"https:\/\/www.vita-explorers.dk\/blog\/frivilligt-arbejde-island-praktik\/\" \/>\n<meta property=\"og:locale\" content=\"da_DK\" \/>\n<meta property=\"og:type\" content=\"article\" \/>\n<meta property=\"og:title\" content=\"Frivilligt arbejde i Island\" \/>\n<meta property=\"og:description\" content=\"Engagez-vous dans un volontariat en Islande en 2025 : participez \u00e0 des projets environnementaux, d\u00e9couvrez des paysages uniques en Islande\" \/>\n<meta property=\"og:url\" content=\"https:\/\/www.vita-explorers.dk\/blog\/frivilligt-arbejde-island-praktik\/\" \/>\n<meta property=\"og:site_name\" content=\"VITA Explorers Blog\" \/>\n<meta property=\"article:publisher\" content=\"https:\/\/www.facebook.com\/globalong\" \/>\n<meta property=\"article:published_time\" content=\"2024-05-27T05:58:02+00:00\" \/>\n<meta property=\"article:modified_time\" content=\"2025-09-14T13:19:09+00:00\" \/>\n<meta property=\"og:image\" content=\"https:\/\/www.vita-explorers.dk\/blog\/wp-content\/uploads\/2024\/05\/unnamed-6-1-scaled.jpg\" \/>\n\t<meta property=\"og:image:width\" content=\"1920\" \/>\n\t<meta property=\"og:image:height\" content=\"2560\" \/>\n\t<meta property=\"og:image:type\" content=\"image\/jpeg\" \/>\n<meta name=\"author\" content=\"VITA Tribe\" \/>\n<meta name=\"twitter:card\" content=\"summary_large_image\" \/>\n<meta name=\"twitter:label1\" content=\"Skrevet af\" \/>\n\t<meta name=\"twitter:data1\" content=\"VITA Tribe\" \/>\n\t<meta name=\"twitter:label2\" content=\"Estimeret l\u00e6setid\" \/>\n\t<meta name=\"twitter:data2\" content=\"4 minutter\" \/>\n<script type=\"application\/ld+json\" class=\"yoast-schema-graph\">{\"@context\":\"https:\/\/schema.org\",\"@graph\":[{\"@type\":\"Article\",\"@id\":\"https:\/\/www.vita-explorers.dk\/blog\/frivilligt-arbejde-island-praktik\/#article\",\"isPartOf\":{\"@id\":\"https:\/\/www.vita-explorers.dk\/blog\/frivilligt-arbejde-island-praktik\/\"},\"author\":{\"name\":\"VITA Tribe\",\"@id\":\"https:\/\/www.vita-explorers.dk\/blog\/#\/schema\/person\/fc0343a2f2db2ebb2793c1f62dbe73f0\"},\"headline\":\"Frivilligt arbejde i Island\",\"datePublished\":\"2024-05-27T05:58:02+00:00\",\"dateModified\":\"2025-09-14T13:19:09+00:00\",\"mainEntityOfPage\":{\"@id\":\"https:\/\/www.vita-explorers.dk\/blog\/frivilligt-arbejde-island-praktik\/\"},\"wordCount\":539,\"commentCount\":0,\"publisher\":{\"@id\":\"https:\/\/www.vita-explorers.dk\/blog\/#organization\"},\"image\":{\"@id\":\"https:\/\/www.vita-explorers.dk\/blog\/frivilligt-arbejde-island-praktik\/#primaryimage\"},\"thumbnailUrl\":\"https:\/\/www.vita-explorers.dk\/blog\/wp-content\/uploads\/2024\/05\/unnamed-6-1-scaled.jpg\",\"articleSection\":[\"Natur- og milj\u00f8frivilligt arbejde\",\"Nyheder\",\"Rejser - generelle oplysninger\",\"VITA Explorers\"],\"inLanguage\":\"da-DK\",\"potentialAction\":[{\"@type\":\"CommentAction\",\"name\":\"Comment\",\"target\":[\"https:\/\/www.vita-explorers.dk\/blog\/frivilligt-arbejde-island-praktik\/#respond\"]}]},{\"@type\":\"WebPage\",\"@id\":\"https:\/\/www.vita-explorers.dk\/blog\/frivilligt-arbejde-island-praktik\/\",\"url\":\"https:\/\/www.vita-explorers.dk\/blog\/frivilligt-arbejde-island-praktik\/\",\"name\":\"Frivilligt arbejde i Island for at beskytte milj\u00f8et - VITA Explorers Blog\",\"isPartOf\":{\"@id\":\"https:\/\/www.vita-explorers.dk\/blog\/#website\"},\"primaryImageOfPage\":{\"@id\":\"https:\/\/www.vita-explorers.dk\/blog\/frivilligt-arbejde-island-praktik\/#primaryimage\"},\"image\":{\"@id\":\"https:\/\/www.vita-explorers.dk\/blog\/frivilligt-arbejde-island-praktik\/#primaryimage\"},\"thumbnailUrl\":\"https:\/\/www.vita-explorers.dk\/blog\/wp-content\/uploads\/2024\/05\/unnamed-6-1-scaled.jpg\",\"datePublished\":\"2024-05-27T05:58:02+00:00\",\"dateModified\":\"2025-09-14T13:19:09+00:00\",\"description\":\"Engagez-vous dans un volontariat en Islande en 2025 : participez \u00e0 des projets environnementaux, d\u00e9couvrez des paysages uniques en Islande\",\"breadcrumb\":{\"@id\":\"https:\/\/www.vita-explorers.dk\/blog\/frivilligt-arbejde-island-praktik\/#breadcrumb\"},\"inLanguage\":\"da-DK\",\"potentialAction\":[{\"@type\":\"ReadAction\",\"target\":[\"https:\/\/www.vita-explorers.dk\/blog\/frivilligt-arbejde-island-praktik\/\"]}]},{\"@type\":\"ImageObject\",\"inLanguage\":\"da-DK\",\"@id\":\"https:\/\/www.vita-explorers.dk\/blog\/frivilligt-arbejde-island-praktik\/#primaryimage\",\"url\":\"https:\/\/www.vita-explorers.dk\/blog\/wp-content\/uploads\/2024\/05\/unnamed-6-1-scaled.jpg\",\"contentUrl\":\"https:\/\/www.vita-explorers.dk\/blog\/wp-content\/uploads\/2024\/05\/unnamed-6-1-scaled.jpg\",\"width\":1920,\"height\":2560,\"caption\":\"Volontariat en Islande\"},{\"@type\":\"BreadcrumbList\",\"@id\":\"https:\/\/www.vita-explorers.dk\/blog\/frivilligt-arbejde-island-praktik\/#breadcrumb\",\"itemListElement\":[{\"@type\":\"ListItem\",\"position\":1,\"name\":\"Accueil\",\"item\":\"https:\/\/www.vita-explorers.dk\/blog\/\"},{\"@type\":\"ListItem\",\"position\":2,\"name\":\"Frivilligt arbejde i Island\"}]},{\"@type\":\"WebSite\",\"@id\":\"https:\/\/www.vita-explorers.dk\/blog\/#website\",\"url\":\"https:\/\/www.vita-explorers.dk\/blog\/\",\"name\":\"Association Globalong\",\"description\":\"Frivilligt arbejde, sprogophold, praktik i udlandet og internationale oplevelser\",\"publisher\":{\"@id\":\"https:\/\/www.vita-explorers.dk\/blog\/#organization\"},\"potentialAction\":[{\"@type\":\"SearchAction\",\"target\":{\"@type\":\"EntryPoint\",\"urlTemplate\":\"https:\/\/www.vita-explorers.dk\/blog\/?s={search_term_string}\"},\"query-input\":{\"@type\":\"PropertyValueSpecification\",\"valueRequired\":true,\"valueName\":\"search_term_string\"}}],\"inLanguage\":\"da-DK\"},{\"@type\":\"Organization\",\"@id\":\"https:\/\/www.vita-explorers.dk\/blog\/#organization\",\"name\":\"Association Globalong\",\"url\":\"https:\/\/www.vita-explorers.dk\/blog\/\",\"logo\":{\"@type\":\"ImageObject\",\"inLanguage\":\"da-DK\",\"@id\":\"https:\/\/www.vita-explorers.dk\/blog\/#\/schema\/logo\/image\/\",\"url\":\"https:\/\/www.globalong.com\/blog\/wp-content\/uploads\/2014\/11\/cropped-cropped-Logo-et-Afrique-Globalong-petite-taille-2.jpg\",\"contentUrl\":\"https:\/\/www.globalong.com\/blog\/wp-content\/uploads\/2014\/11\/cropped-cropped-Logo-et-Afrique-Globalong-petite-taille-2.jpg\",\"width\":512,\"height\":512,\"caption\":\"Association Globalong\"},\"image\":{\"@id\":\"https:\/\/www.vita-explorers.dk\/blog\/#\/schema\/logo\/image\/\"},\"sameAs\":[\"https:\/\/www.facebook.com\/globalong\"]},{\"@type\":\"Person\",\"@id\":\"https:\/\/www.vita-explorers.dk\/blog\/#\/schema\/person\/fc0343a2f2db2ebb2793c1f62dbe73f0\",\"name\":\"VITA Tribe\",\"image\":{\"@type\":\"ImageObject\",\"inLanguage\":\"da-DK\",\"@id\":\"https:\/\/www.vita-explorers.dk\/blog\/#\/schema\/person\/image\/\",\"url\":\"https:\/\/secure.gravatar.com\/avatar\/f7f05026bb439d0c96b30e135e5f852c?s=96&d=mm&r=g\",\"contentUrl\":\"https:\/\/secure.gravatar.com\/avatar\/f7f05026bb439d0c96b30e135e5f852c?s=96&d=mm&r=g\",\"caption\":\"VITA Tribe\"},\"sameAs\":[\"http:\/\/www.globalong.com\"],\"url\":\"https:\/\/www.vita-explorers.dk\/blog\/author\/teamglobalong\/\"}]}<\/script>\n<!-- \/ Yoast SEO Premium plugin. -->","yoast_head_json":{"title":"Frivilligt arbejde i Island for at beskytte milj\u00f8et - VITA Explorers Blog","description":"Engagez-vous dans un volontariat en Islande en 2025 : participez \u00e0 des projets environnementaux, d\u00e9couvrez des paysages uniques en Islande","robots":{"index":"index","follow":"follow","max-snippet":"max-snippet:-1","max-image-preview":"max-image-preview:large","max-video-preview":"max-video-preview:-1"},"canonical":"https:\/\/www.vita-explorers.dk\/blog\/frivilligt-arbejde-island-praktik\/","og_locale":"da_DK","og_type":"article","og_title":"Frivilligt arbejde i Island","og_description":"Engagez-vous dans un volontariat en Islande en 2025 : participez \u00e0 des projets environnementaux, d\u00e9couvrez des paysages uniques en Islande","og_url":"https:\/\/www.vita-explorers.dk\/blog\/frivilligt-arbejde-island-praktik\/","og_site_name":"VITA Explorers Blog","article_publisher":"https:\/\/www.facebook.com\/globalong","article_published_time":"2024-05-27T05:58:02+00:00","article_modified_time":"2025-09-14T13:19:09+00:00","og_image":[{"width":1920,"height":2560,"url":"https:\/\/www.vita-explorers.dk\/blog\/wp-content\/uploads\/2024\/05\/unnamed-6-1-scaled.jpg","type":"image\/jpeg"}],"author":"VITA Tribe","twitter_card":"summary_large_image","twitter_misc":{"Skrevet af":"VITA Tribe","Estimeret l\u00e6setid":"4 minutter"},"schema":{"@context":"https:\/\/schema.org","@graph":[{"@type":"Article","@id":"https:\/\/www.vita-explorers.dk\/blog\/frivilligt-arbejde-island-praktik\/#article","isPartOf":{"@id":"https:\/\/www.vita-explorers.dk\/blog\/frivilligt-arbejde-island-praktik\/"},"author":{"name":"VITA Tribe","@id":"https:\/\/www.vita-explorers.dk\/blog\/#\/schema\/person\/fc0343a2f2db2ebb2793c1f62dbe73f0"},"headline":"Frivilligt arbejde i Island","datePublished":"2024-05-27T05:58:02+00:00","dateModified":"2025-09-14T13:19:09+00:00","mainEntityOfPage":{"@id":"https:\/\/www.vita-explorers.dk\/blog\/frivilligt-arbejde-island-praktik\/"},"wordCount":539,"commentCount":0,"publisher":{"@id":"https:\/\/www.vita-explorers.dk\/blog\/#organization"},"image":{"@id":"https:\/\/www.vita-explorers.dk\/blog\/frivilligt-arbejde-island-praktik\/#primaryimage"},"thumbnailUrl":"https:\/\/www.vita-explorers.dk\/blog\/wp-content\/uploads\/2024\/05\/unnamed-6-1-scaled.jpg","articleSection":["Natur- og milj\u00f8frivilligt arbejde","Nyheder","Rejser - generelle oplysninger","VITA Explorers"],"inLanguage":"da-DK","potentialAction":[{"@type":"CommentAction","name":"Comment","target":["https:\/\/www.vita-explorers.dk\/blog\/frivilligt-arbejde-island-praktik\/#respond"]}]},{"@type":"WebPage","@id":"https:\/\/www.vita-explorers.dk\/blog\/frivilligt-arbejde-island-praktik\/","url":"https:\/\/www.vita-explorers.dk\/blog\/frivilligt-arbejde-island-praktik\/","name":"Frivilligt arbejde i Island for at beskytte milj\u00f8et - VITA Explorers Blog","isPartOf":{"@id":"https:\/\/www.vita-explorers.dk\/blog\/#website"},"primaryImageOfPage":{"@id":"https:\/\/www.vita-explorers.dk\/blog\/frivilligt-arbejde-island-praktik\/#primaryimage"},"image":{"@id":"https:\/\/www.vita-explorers.dk\/blog\/frivilligt-arbejde-island-praktik\/#primaryimage"},"thumbnailUrl":"https:\/\/www.vita-explorers.dk\/blog\/wp-content\/uploads\/2024\/05\/unnamed-6-1-scaled.jpg","datePublished":"2024-05-27T05:58:02+00:00","dateModified":"2025-09-14T13:19:09+00:00","description":"Engagez-vous dans un volontariat en Islande en 2025 : participez \u00e0 des projets environnementaux, d\u00e9couvrez des paysages uniques en Islande","breadcrumb":{"@id":"https:\/\/www.vita-explorers.dk\/blog\/frivilligt-arbejde-island-praktik\/#breadcrumb"},"inLanguage":"da-DK","potentialAction":[{"@type":"ReadAction","target":["https:\/\/www.vita-explorers.dk\/blog\/frivilligt-arbejde-island-praktik\/"]}]},{"@type":"ImageObject","inLanguage":"da-DK","@id":"https:\/\/www.vita-explorers.dk\/blog\/frivilligt-arbejde-island-praktik\/#primaryimage","url":"https:\/\/www.vita-explorers.dk\/blog\/wp-content\/uploads\/2024\/05\/unnamed-6-1-scaled.jpg","contentUrl":"https:\/\/www.vita-explorers.dk\/blog\/wp-content\/uploads\/2024\/05\/unnamed-6-1-scaled.jpg","width":1920,"height":2560,"caption":"Volontariat en Islande"},{"@type":"BreadcrumbList","@id":"https:\/\/www.vita-explorers.dk\/blog\/frivilligt-arbejde-island-praktik\/#breadcrumb","itemListElement":[{"@type":"ListItem","position":1,"name":"Accueil","item":"https:\/\/www.vita-explorers.dk\/blog\/"},{"@type":"ListItem","position":2,"name":"Frivilligt arbejde i Island"}]},{"@type":"WebSite","@id":"https:\/\/www.vita-explorers.dk\/blog\/#website","url":"https:\/\/www.vita-explorers.dk\/blog\/","name":"Association Globalong","description":"Frivilligt arbejde, sprogophold, praktik i udlandet og internationale oplevelser","publisher":{"@id":"https:\/\/www.vita-explorers.dk\/blog\/#organization"},"potentialAction":[{"@type":"SearchAction","target":{"@type":"EntryPoint","urlTemplate":"https:\/\/www.vita-explorers.dk\/blog\/?s={search_term_string}"},"query-input":{"@type":"PropertyValueSpecification","valueRequired":true,"valueName":"search_term_string"}}],"inLanguage":"da-DK"},{"@type":"Organization","@id":"https:\/\/www.vita-explorers.dk\/blog\/#organization","name":"Association Globalong","url":"https:\/\/www.vita-explorers.dk\/blog\/","logo":{"@type":"ImageObject","inLanguage":"da-DK","@id":"https:\/\/www.vita-explorers.dk\/blog\/#\/schema\/logo\/image\/","url":"https:\/\/www.globalong.com\/blog\/wp-content\/uploads\/2014\/11\/cropped-cropped-Logo-et-Afrique-Globalong-petite-taille-2.jpg","contentUrl":"https:\/\/www.globalong.com\/blog\/wp-content\/uploads\/2014\/11\/cropped-cropped-Logo-et-Afrique-Globalong-petite-taille-2.jpg","width":512,"height":512,"caption":"Association Globalong"},"image":{"@id":"https:\/\/www.vita-explorers.dk\/blog\/#\/schema\/logo\/image\/"},"sameAs":["https:\/\/www.facebook.com\/globalong"]},{"@type":"Person","@id":"https:\/\/www.vita-explorers.dk\/blog\/#\/schema\/person\/fc0343a2f2db2ebb2793c1f62dbe73f0","name":"VITA Tribe","image":{"@type":"ImageObject","inLanguage":"da-DK","@id":"https:\/\/www.vita-explorers.dk\/blog\/#\/schema\/person\/image\/","url":"https:\/\/secure.gravatar.com\/avatar\/f7f05026bb439d0c96b30e135e5f852c?s=96&d=mm&r=g","contentUrl":"https:\/\/secure.gravatar.com\/avatar\/f7f05026bb439d0c96b30e135e5f852c?s=96&d=mm&r=g","caption":"VITA Tribe"},"sameAs":["http:\/\/www.globalong.com"],"url":"https:\/\/www.vita-explorers.dk\/blog\/author\/teamglobalong\/"}]}},"_links":{"self":[{"href":"https:\/\/www.vita-explorers.dk\/blog\/wp-json\/wp\/v2\/posts\/16584"}],"collection":[{"href":"https:\/\/www.vita-explorers.dk\/blog\/wp-json\/wp\/v2\/posts"}],"about":[{"href":"https:\/\/www.vita-explorers.dk\/blog\/wp-json\/wp\/v2\/types\/post"}],"author":[{"embeddable":true,"href":"https:\/\/www.vita-explorers.dk\/blog\/wp-json\/wp\/v2\/users\/7"}],"replies":[{"embeddable":true,"href":"https:\/\/www.vita-explorers.dk\/blog\/wp-json\/wp\/v2\/comments?post=16584"}],"version-history":[{"count":7,"href":"https:\/\/www.vita-explorers.dk\/blog\/wp-json\/wp\/v2\/posts\/16584\/revisions"}],"predecessor-version":[{"id":21825,"href":"https:\/\/www.vita-explorers.dk\/blog\/wp-json\/wp\/v2\/posts\/16584\/revisions\/21825"}],"wp:featuredmedia":[{"embeddable":true,"href":"https:\/\/www.vita-explorers.dk\/blog\/wp-json\/wp\/v2\/media\/16587"}],"wp:attachment":[{"href":"https:\/\/www.vita-explorers.dk\/blog\/wp-json\/wp\/v2\/media?parent=16584"}],"wp:term":[{"taxonomy":"category","embeddable":true,"href":"https:\/\/www.vita-explorers.dk\/blog\/wp-json\/wp\/v2\/categories?post=16584"},{"taxonomy":"post_tag","embeddable":true,"href":"https:\/\/www.vita-explorers.dk\/blog\/wp-json\/wp\/v2\/tags?post=16584"}],"curies":[{"name":"wp","href":"https:\/\/api.w.org\/{rel}","templated":true}]}}