{"id":16841,"date":"2024-06-21T04:58:14","date_gmt":"2024-06-21T02:58:14","guid":{"rendered":"https:\/\/www.globalong.com\/blog\/?p=16841"},"modified":"2025-03-08T11:36:38","modified_gmt":"2025-03-08T10:36:38","slug":"musikfest-internationale-deltagere","status":"publish","type":"post","link":"https:\/\/www.vita-explorers.dk\/blog\/musikfest-internationale-deltagere\/","title":{"rendered":"Musikfest, internationale deltagere"},"content":{"rendered":"<h1 style=\"text-align: justify;\"><span style=\"font-size: 18pt;\">Oplev de mange m\u00e5der at fejre Musikdagen verden over \u2013 og den vigtige rolle, som internationale deltagere spiller.<\/span><\/h1>\n<h2 style=\"text-align: justify;\"><span style=\"font-size: 14pt;\">Forskellige m\u00e5der at fejre Musikdagen rundt om i verden<\/span><\/h2>\n<p style=\"text-align: justify;\"><strong>Musikdagen, som fejres hvert \u00e5r den 21. juni,<\/strong> er en international begivenhed, der hylder musik i alle dens former. Den blev startet i Frankrig i 1982 og er siden blevet et globalt f\u00e6nomen, <strong>som markeres i mere end 120 lande<\/strong>. I centrum for fejringen spiller <a href=\"https:\/\/www.vita-explorers.dk\/volontariat-international.html\">internationale frivillige<\/a> en vigtig rolle, n\u00e5r det g\u00e6lder planl\u00e6gning, formidling og gennemf\u00f8rsel af arrangementerne. Her f\u00e5r du et overblik over <strong>hvordan Musikdagen fejres rundt om i verden,<\/strong> og hvorfor internationale deltagere g\u00f8r en konkret forskel.<\/p>\n<p style=\"text-align: justify;\"><span style=\"font-size: 18pt;\"><strong>Musikdagens oprindelse og betydning<\/strong><\/span><\/p>\n<p style=\"text-align: justify;\"><span style=\"font-size: 14pt;\"><strong>S\u00e5dan begyndte traditionen<\/strong><\/span><\/p>\n<p style=\"text-align: justify;\">Musikdagen blev skabt af Jack Lang, dav\u00e6rende <a href=\"https:\/\/fetedelamusique.culture.gouv.fr\/\">kulturminister i Frankrig<\/a>, i 1982. M\u00e5let var at fremme musik i alle genrer og give musikere \u2013 b\u00e5de amat\u00f8rer og professionelle \u2013 mulighed for at spille frit i gaderne. Siden har begivenheden f\u00e5et et internationalt format med fejringer i mere end 120 lande.<\/p>\n<p style=\"text-align: justify;\"><span style=\"font-size: 18pt;\"><strong>Musikkens rolle i kultur og f\u00e6llesskab<\/strong><\/span><\/p>\n<p style=\"text-align: justify;\">Musik er en grundl\u00e6ggende del af menneskelig kultur og kan <strong>bygge bro p\u00e5 tv\u00e6rs af sprog<\/strong> og skabe relationer mellem mennesker. Musikdagen fejrer netop musikkens universelle sprog og giver plads til b\u00e5de musikalsk og kulturel mangfoldighed.<\/p>\n<p style=\"text-align: justify;\"><span style=\"font-size: 18pt;\"><strong>Internationale deltageres rolle<\/strong><\/span><\/p>\n<p style=\"text-align: justify;\"><span style=\"font-size: 14pt;\"><strong>Det bidrag, deltagerne giver<\/strong><\/span><\/p>\n<p style=\"text-align: justify;\">Internationale deltagere er vigtige for at f\u00e5 <a href=\"https:\/\/www.vita-explorers.dk\/blog\/Gl\u00e6delig nationaldag til alle \u2013 og tak til vores medlemmer\/\" target=\"_blank\" rel=\"noopener\">Musikdagen<\/a> til at fungere i praksis. De kan v\u00e6re med til at l\u00f8fte planl\u00e6gning, logistik, sikkerhed og synlighed omkring arrangementerne. Samtidig kan forskellige kulturelle perspektiver give nye id\u00e9er og g\u00f8re oplevelsen mere nuanceret for b\u00e5de publikum og medvirkende.<\/p>\n<p style=\"text-align: justify;\"><span style=\"font-size: 18pt;\"><strong>Kompetencer, der er brug for<\/strong><\/span><\/p>\n<p style=\"text-align: justify;\">Som deltager er det en fordel at have styr p\u00e5 organisering, kommunikation og samarbejde. Interesse for musik og events er ogs\u00e5 en klar styrke.<\/p>\n<p style=\"text-align: justify;\"><span style=\"font-size: 18pt;\"><strong>Europa: Mange udtryk \u2013 samme id\u00e9<\/strong><\/span><\/p>\n<p style=\"text-align: justify;\"><span style=\"font-size: 14pt;\"><strong>Frankrig: Her startede det<\/strong><\/span><\/p>\n<p style=\"text-align: justify;\">I Frankrig er Musikdagen en stor begivenhed med gratis koncerter i gader, parker og p\u00e5 torve. Byer og landsbyer bliver til sm\u00e5 scener med alt fra klassisk og rock til jazz og elektronisk musik.<\/p>\n<p style=\"text-align: justify;\"><span style=\"font-size: 18pt;\"><strong>Tyskland: En alsidig musikfest<\/strong><\/span><\/p>\n<p style=\"text-align: justify;\"><a href=\"https:\/\/www.vita-explorers.dk\/sprogophold\/tyskland-laer-tysk-kursus.html\">I Tyskland<\/a> er Musikdagen kendt som \u201cF\u00eate de la Musique\u201d og markeres i mange byer. Koncerter afholdes b\u00e5de i offentlige rum og p\u00e5 private venues og viser bredden i den tyske musikscene.<\/p>\n<p style=\"text-align: justify;\"><span style=\"font-size: 18pt;\"><strong>Spanien: Genrer side om side<\/strong><\/span><\/p>\n<p style=\"text-align: justify;\"><a href=\"https:\/\/www.vita-explorers.dk\/frivilligt-arbejde\/humanit\u00e6rt-ophold-frivilligt-arbejde-spanien.html\">I Spanien<\/a> er Musikdagen pr\u00e6get af en blanding af musikstilarter, som afspejler landets kulturelle mangfoldighed. Flamenco, klassisk musik og rock m\u00f8des og skaber en \u00e5ben, social og festlig stemning.<\/p>\n<p style=\"text-align: justify;\"><span style=\"font-size: 18pt;\"><strong>Amerika: Kulturm\u00f8der gennem musik<\/strong><\/span><\/p>\n<p style=\"text-align: justify;\"><span style=\"font-size: 14pt;\"><strong>USA: Plads til alle<\/strong><\/span><\/p>\n<p style=\"text-align: justify;\">I <a href=\"https:\/\/www.vita-explorers.dk\/sprogophold\/laer-engelsk-i-usa.html\">USA<\/a> fejres Musikdagen \u2013 ofte under navnet \u201cMake Music Day\u201d \u2013 i flere byer, blandt andet New York og Los Angeles. Fokus er p\u00e5, at alle kan v\u00e6re med, med spontane gadeoptr\u00e6dener og koncerter arrangeret af b\u00e5de amat\u00f8rer og professionelle.<\/p>\n<p style=\"text-align: justify;\"><span style=\"font-size: 18pt;\"><strong>Brasilien: Samba og energi<\/strong><\/span><\/p>\n<p style=\"text-align: justify;\">I Brasilien er Musikdagen farverig og levende med samba, bossa nova og andre musikgenrer, der er t\u00e6t forbundet med landet. Gaderne fyldes af musikere og dansere, og stemningen bliver hurtigt helt s\u00e6rlig.<\/p>\n<p style=\"text-align: justify;\"><span style=\"font-size: 18pt;\"><strong>Canada: En tosproget musikdag<\/strong><\/span><\/p>\n<p style=\"text-align: justify;\">I Canada fejres Musikdagen b\u00e5de p\u00e5 engelsk og fransk, hvilket afspejler landets tosprogethed. Der arrangeres gratis koncerter i mange byer, og programmet sp\u00e6nder bredt i genrer.<\/p>\n<p style=\"text-align: justify;\"><span style=\"font-size: 18pt;\"><strong>Afrika: Tradition og nutid i samme lyd<\/strong><\/span><\/p>\n<p style=\"text-align: justify;\"><span style=\"font-size: 18pt;\"><strong>Senegal: Traditionelle og moderne rytmer<\/strong><\/span><\/p>\n<p style=\"text-align: justify;\"><a href=\"https:\/\/www.vita-explorers.dk\/frivilligt-arbejde\/senegal-frivilligt-arbejde-internationalt-ophold.html\">I Senegal<\/a> er Musikdagen en anledning til at fremh\u00e6ve b\u00e5de traditionelle rytmer og moderne udtryk. Koncerter kan rumme alt fra klassisk senegalesisk musik til nyere genrer som hiphop og afrobeat.<\/p>\n<p style=\"text-align: justify;\"><span style=\"font-size: 18pt;\"><strong>Sydafrika: Stilarter i samspil<\/strong><\/span><\/p>\n<p style=\"text-align: justify;\"><a href=\"https:\/\/www.vita-explorers.dk\/frivilligt-arbejde\/frivilligt-arbejde-sydafrika.html\">I Sydafrika<\/a> fejres Musikdagen med en blanding af musikstilarter \u2013 fra zulu-traditioner til house. Arrangementerne tiltr\u00e6kker et bredt publikum og viser landets kulturelle mangfoldighed.<\/p>\n<p style=\"text-align: justify;\"><span style=\"font-size: 18pt;\"><strong>Asien: Melodi og balance<\/strong><\/span><\/p>\n<p style=\"text-align: justify;\"><span style=\"font-size: 18pt;\"><strong>Japan: En rolig musikoplevelse<\/strong><\/span><\/p>\n<p style=\"text-align: justify;\">I Japan fejres Musikdagen ofte med klassisk musik, jazz og traditionelle japanske udtryk. Koncerter kan foreg\u00e5 i parker, ved templer og i koncertsale, og stemningen er typisk mere rolig og eftert\u00e6nksom.<\/p>\n<p style=\"text-align: justify;\"><span style=\"font-size: 18pt;\"><strong>Indien: Stor musikalsk bredde<\/strong><\/span><\/p>\n<p style=\"text-align: justify;\">I <a href=\"https:\/\/www.vita-explorers.dk\/frivilligt-arbejde\/inde-nord-delhi-jaipur.html\">Indien<\/a> s\u00e6tter Musikdagen fokus p\u00e5 den store variation i indisk musik. Der kan v\u00e6re koncerter med indisk klassisk musik, Bollywood og nyere genrer, s\u00e5 publikum f\u00e5r en alsidig musikoplevelse.<\/p>\n<p style=\"text-align: justify;\"><span style=\"font-size: 18pt;\"><strong>Oceanien: Musik under \u00e5ben himmel<\/strong><\/span><\/p>\n<p style=\"text-align: justify;\"><span style=\"font-size: 18pt;\"><strong>Australien: Musik t\u00e6t p\u00e5 naturen<\/strong><\/span><\/p>\n<p style=\"text-align: justify;\">I <a href=\"https:\/\/www.vita-explorers.dk\/frivilligt-arbejde\/ecovolontariat-i-australien.html\">Australien<\/a> fejres Musikdagen ofte udend\u00f8rs med koncerter i parker, p\u00e5 strande og i offentlige rum. Musikken sp\u00e6nder fra rock og folk til aboriginal musik.<\/p>\n<p style=\"text-align: justify;\"><span style=\"font-size: 18pt;\"><strong>New Zealand: Et lokalt samlingspunkt<\/strong><\/span><\/p>\n<p style=\"text-align: justify;\">I <a href=\"https:\/\/www.vita-explorers.dk\/frivilligt-arbejde\/new-zealand-oeko-frivilligt-arbejde-natur.html\">New Zealand<\/a> er Musikdagen ofte en f\u00e6llesskabsfejring med koncerter arrangeret af skoler, lokale foreninger og musikgrupper. Her kan man opleve b\u00e5de traditionel maorimusik og moderne genrer.<\/p>\n<p style=\"text-align: justify;\"><span style=\"font-size: 18pt;\"><strong>Hvad internationale deltagere betyder i praksis<\/strong><\/span><\/p>\n<p style=\"text-align: justify;\"><span style=\"font-size: 14pt;\"><strong>Koordinering og logistik<\/strong><\/span><\/p>\n<p style=\"text-align: justify;\">Internationale deltagere er vigtige for koordinering og logistik under Musikdagen. De kan hj\u00e6lpe med planl\u00e6gning, ops\u00e6tning af scener, sikkerhed og med at f\u00e5 koncertdagene til at forl\u00f8be roligt og ordentligt.<\/p>\n<p style=\"text-align: justify;\"><span style=\"font-size: 14pt;\"><strong>Synlighed og formidling<\/strong><\/span><\/p>\n<p style=\"text-align: justify;\">Ogs\u00e5 kommunikationen omkring Musikdagen bliver ofte styrket af deltagere. De kan bidrage via sociale medier, plakater og andre kanaler, s\u00e5 flere f\u00e5r kendskab til arrangementerne og har lyst til at v\u00e6re med.<\/p>\n<p style=\"text-align: justify;\"><span style=\"font-size: 18pt;\"><strong>Organisationer, der underst\u00f8tter internationalt frivilligt engagement<\/strong><\/span><\/p>\n<p style=\"text-align: justify;\"><span style=\"font-size: 12pt;\"><strong>Centrale organisationer<\/strong><\/span><\/p>\n<p style=\"text-align: justify;\">Flere internationale organisationer g\u00f8r det muligt at engagere sig i forbindelse med Musikdagen, for eksempel <a href=\"http:\/\/globalong.com\">VITA Institute<\/a>. De hj\u00e6lper med at matche deltagere med musikrelaterede projekter rundt om i verden.<\/p>\n<p style=\"text-align: justify;\"><span style=\"font-size: 14pt;\"><strong>Musikforl\u00f8b med frivilligt arbejde<\/strong><\/span><\/p>\n<p style=\"text-align: justify;\"><a href=\"https:\/\/www.vita-explorers.dk\/frivilligt-arbejde\/frivilligt-arbejde-kenya\/musik-kenya.html\">Forl\u00f8b med frivilligt arbejde inden for musik<\/a> giver deltagerne mulighed for at v\u00e6re med i flere dele af eventarbejdet \u2013 fra ops\u00e6tning til formidling af koncerter. Det er l\u00e6rerige erfaringer, hvor man kan udvikle praktiske kompetencer og samtidig bidrage til det lokale musikmilj\u00f8.<\/p>\n<p style=\"text-align: justify;\"><span style=\"font-size: 14pt;\"><strong>Udfordringer og udbytte ved frivilligt engagement<\/strong><\/span><\/p>\n<p style=\"text-align: justify;\"><span style=\"font-size: 14pt;\"><strong>Praktiske udfordringer<\/strong><\/span><\/p>\n<p style=\"text-align: justify;\"><strong>Frivilligt engagement i forbindelse med Musikdagen<\/strong> kan byde p\u00e5 praktiske udfordringer som koordinering af aktiviteter, tidsstyring og kommunikation med forskellige akt\u00f8rer. Alligevel l\u00f8ses det ofte i f\u00e6llesskab gennem god planl\u00e6gning og deltagernes engagement.<\/p>\n<p style=\"text-align: justify;\"><span style=\"font-size: 18pt;\"><strong>Personligt udbytte<\/strong><\/span><\/p>\n<p style=\"text-align: justify;\">At v\u00e6re med som frivillig kan give stor personlig tilfredshed: Man bidrager til en vigtig kulturbegivenhed, m\u00f8der mennesker med samme interesse og f\u00e5r erfaringer, der kan bruges b\u00e5de privat og professionelt.<\/p>\n<p style=\"text-align: justify;\"><strong>Afslutningsvis er den 21. juni <\/strong>en global fejring af musik, der fremh\u00e6ver den kulturelle og musikalske mangfoldighed i hvert land. <strong>Internationale deltagere spiller en central rolle i planl\u00e6gning og synlighed omkring begivenheden<\/strong> og bidrager med energi, kompetencer og interesse for musik. Deres indsats er med til at skabe en god ramme om Musikdagen \u00e5r efter \u00e5r \u2013 og st\u00e6rke oplevelser for alle, der deltager.<\/p>\n<h3 style=\"text-align: justify;\">FAQ<\/h3>\n<p style=\"text-align: justify;\"><span style=\"font-size: 18pt;\"><strong>Hvad er Musikdagen?<\/strong><\/span><\/p>\n<p style=\"text-align: justify;\">Musikdagen er en international begivenhed, der fejres hvert \u00e5r den 21. juni, hvor der arrangeres gratis koncerter for at fremme musik i alle dens former.<\/p>\n<p style=\"text-align: justify;\"><span style=\"font-size: 18pt;\"><strong>Hvordan bidrager frivillige til Musikdagen?<\/strong><\/span><\/p>\n<p style=\"text-align: justify;\">Frivillige hj\u00e6lper med planl\u00e6gning, logistik, formidling og afvikling, s\u00e5 koncerter og aktiviteter kan forl\u00f8be godt og sikkert.<\/p>\n<p style=\"text-align: justify;\"><span style=\"font-size: 18pt;\"><strong>Hvilke kompetencer kr\u00e6ver det at v\u00e6re frivillig?<\/strong><\/span><\/p>\n<p style=\"text-align: justify;\">Det er en fordel at v\u00e6re god til organisering og kommunikation, at kunne arbejde i team og at have interesse for musik og eventarbejde.<\/p>\n<p style=\"text-align: justify;\"><span style=\"font-size: 18pt;\"><strong>Hvilke udfordringer kan der v\u00e6re ved at v\u00e6re frivillig under Musikdagen?<\/strong><\/span><\/p>\n<p style=\"text-align: justify;\">Udfordringerne kan v\u00e6re koordinering af aktiviteter, tidsstyring og kommunikation med forskellige akt\u00f8rer, men de h\u00e5ndteres ofte gennem f\u00e6lles planl\u00e6gning og engagement fra <a href=\"https:\/\/www.vita-explorers.dk\/blog\/betydningen-af-humanitaere-frivillige\/\" target=\"_blank\" rel=\"noopener\">deltagerne<\/a>.<\/p>\n<p style=\"text-align: justify;\"><span style=\"font-size: 18pt;\"><strong>Hvad f\u00e5r man ud af at v\u00e6re frivillig under Musikdagen?<\/strong><\/span><\/p>\n<p style=\"text-align: justify;\">Man f\u00e5r blandt andet personlig tilfredshed, mulighed for at bidrage til en stor kulturbegivenhed, m\u00f8de andre med samme interesse og f\u00e5 oplevelser, man husker.<\/p>\n<p style=\"text-align: justify;\"><span style=\"font-size: 18pt;\"><strong>Hvordan fejres Musikdagen i forskellige lande?<\/strong><\/span><\/p>\n<p style=\"text-align: justify;\">Musikdagen fejres p\u00e5 mange m\u00e5der verden over \u2013 med koncerter i forskellige genrer, optr\u00e6dener i gader og parker samt f\u00e6llesskabsarrangementer, der viser det enkelte lands kulturelle og musikalske bredde.<\/p>\n<h3 style=\"text-align: center;\"><strong><b>Vil du f\u00f8lge VITA Institute og VITA Explorers, kan du finde os p\u00e5 <\/b><a href=\"https:\/\/www.instagram.com\/globalongofficiel\/\"><span class=\"s2\"><b>Instagram<\/b><\/span><\/a><b>, <\/b><a href=\"https:\/\/www.tiktok.com\/@globalong\"><span class=\"s2\"><b>TikTok<\/b><\/span><\/a><b>, <\/b><a href=\"https:\/\/www.facebook.com\/globalong\"><span class=\"s2\"><b>Facebook<\/b><\/span><\/a><b>, <\/b><a href=\"https:\/\/www.linkedin.com\/company\/5113177\/admin\/feed\/posts\/\"><span class=\"s2\"><b>LinkedIn<\/b><\/span><\/a><b> og <\/b><a href=\"https:\/\/www.youtube.com\/c\/globalong\/videos\"><span class=\"s2\"><b>YouTube<\/b><\/span><\/a><b>! <\/b><\/strong><\/h3>\n<div class=\"ti-widget ti-goog\" data-layout-id=\"4\" data-set-id=\"light-background\" data-pid=\"\" data-language=\"fr\" data-version=\"2\" data-review-target-width=\"300\" data-review-text-mode=\"readmore\" data-pager-autoplay-timeout=\"6\" > <div class=\"ti-widget-container ti-col-3\"> <div class=\"ti-reviews-container\"> <div class=\"ti-controls\"> <div class=\"ti-next\" aria-label=\"Avis suivante\" role=\"button\"><\/div> <div class=\"ti-prev\" aria-label=\"Avis pr\u00e9c\u00e9dent\" role=\"button\"><\/div> <\/div> <div class=\"ti-reviews-container-wrapper\">  <div data-empty=\"0\" class=\"ti-review-item source-Google ti-image-layout-thumbnail\" data-id=\"cfcd208495d565ef66e7dff9f98764da\" > <div class=\"ti-inner\"> <div class=\"ti-review-header\"> <div class=\"ti-profile-img\"> <img decoding=\"async\" src=\"https:\/\/lh3.googleusercontent.com\/a\/ACg8ocKpaoKe37CD0_POxO97KqB60GsWQRsIuG2vmCfXT-W_FY44vw=s120-c-rp-mo-br100\" srcset=\"https:\/\/lh3.googleusercontent.com\/a\/ACg8ocKpaoKe37CD0_POxO97KqB60GsWQRsIuG2vmCfXT-W_FY44vw=s120-c-rp-mo-br100 2x\" alt=\"Lucie Correia\" loading=\"lazy\" \/> <\/div> <div class=\"ti-profile-details\"> <div class=\"ti-name\"> Lucie Correia <\/div> <div class=\"ti-date\">2024-10-17<\/div> <\/div> <\/div> <span class=\"ti-stars\"><span class=\"ti-star f\"><\/span><span class=\"ti-star f\"><\/span><span class=\"ti-star f\"><\/span><span class=\"ti-star f\"><\/span><span class=\"ti-star f\"><\/span><\/span> <div class=\"ti-review-text-container ti-review-content\"><!-- R-CONTENT -->La communication avec Globalong est super, personnes tr\u00e8s pr\u00e9sentes pour les b\u00e9n\u00e9voles et \u00e9tudiants partant avec cette association. Elles r\u00e9pondent \u00e0 toutes nos questions et sont tr\u00e8s accessibles au t\u00e9l\u00e9phone.<!-- R-CONTENT --><\/div> <span class=\"ti-read-more\" data-container=\".ti-review-content\" data-collapse-text=\"Cacher\" data-open-text=\"Lire la suite\" ><\/span> <\/div> <\/div>  <div data-empty=\"0\" class=\"ti-review-item source-Google ti-image-layout-thumbnail\" data-id=\"cfcd208495d565ef66e7dff9f98764da\" > <div class=\"ti-inner\"> <div class=\"ti-review-header\"> <div class=\"ti-profile-img\"> <img decoding=\"async\" src=\"https:\/\/lh3.googleusercontent.com\/a-\/ALV-UjWqnnzM7-7c9BDqeTDF-a7pOgNjvLkJ3WshRd_Tn7z0Eu-AGQwo=s120-c-rp-mo-br100\" srcset=\"https:\/\/lh3.googleusercontent.com\/a-\/ALV-UjWqnnzM7-7c9BDqeTDF-a7pOgNjvLkJ3WshRd_Tn7z0Eu-AGQwo=s120-c-rp-mo-br100 2x\" alt=\"Ra\u00efssa Frisch\" loading=\"lazy\" \/> <\/div> <div class=\"ti-profile-details\"> <div class=\"ti-name\"> Ra\u00efssa Frisch <\/div> <div class=\"ti-date\">2024-10-14<\/div> <\/div> <\/div> <span class=\"ti-stars\"><span class=\"ti-star f\"><\/span><span class=\"ti-star f\"><\/span><span class=\"ti-star f\"><\/span><span class=\"ti-star f\"><\/span><span class=\"ti-star f\"><\/span><\/span> <div class=\"ti-review-text-container ti-review-content\"><!-- R-CONTENT -->J\u2019ai d\u00e9j\u00e0 eu l\u2019opportunit\u00e9 de r\u00e9aliser deux projets humanitaires avec l\u2019association Globalong. Je ne peux que la recommander, car j\u2019ai toujours b\u00e9n\u00e9fici\u00e9 d\u2019un excellent accompagnement, aussi bien avant que pendant le voyage. On ne vous laisse pas vous d\u00e9brouiller seuls, bien au contraire, vous \u00eates tr\u00e8s bien encadr\u00e9s pour accomplir toutes les d\u00e9marches dans les d\u00e9lais.\n\nAu-del\u00e0 du suivi, les exp\u00e9riences humanitaires propos\u00e9es par Globalong ne peuvent que transformer votre vie de mani\u00e8re positive. Elles vous apportent une richesse humaine inestimable.<!-- R-CONTENT --><\/div> <span class=\"ti-read-more\" data-container=\".ti-review-content\" data-collapse-text=\"Cacher\" data-open-text=\"Lire la suite\" ><\/span> <\/div> <\/div>  <div data-empty=\"0\" class=\"ti-review-item source-Google ti-image-layout-thumbnail\" data-id=\"cfcd208495d565ef66e7dff9f98764da\" > <div class=\"ti-inner\"> <div class=\"ti-review-header\"> <div class=\"ti-profile-img\"> <img decoding=\"async\" src=\"https:\/\/lh3.googleusercontent.com\/a\/ACg8ocJL-Dxv25YkXK2QwWPNRxTVqZCv5uTmDQDFg5qslKra3vRZew=s120-c-rp-mo-br100\" srcset=\"https:\/\/lh3.googleusercontent.com\/a\/ACg8ocJL-Dxv25YkXK2QwWPNRxTVqZCv5uTmDQDFg5qslKra3vRZew=s120-c-rp-mo-br100 2x\" alt=\"Tara Turan\" loading=\"lazy\" \/> <\/div> <div class=\"ti-profile-details\"> <div class=\"ti-name\"> Tara Turan <\/div> <div class=\"ti-date\">2024-10-14<\/div> <\/div> <\/div> <span class=\"ti-stars\"><span class=\"ti-star f\"><\/span><span class=\"ti-star f\"><\/span><span class=\"ti-star f\"><\/span><span class=\"ti-star f\"><\/span><span class=\"ti-star f\"><\/span><\/span> <div class=\"ti-review-text-container ti-review-content\"><!-- R-CONTENT -->Une des meilleures associations que j\u2019ai pu faire !\nUne organisation et un suivi vraiment parfait, c\u2019est avec grand plaisir que je referai un projet avec eux.<!-- R-CONTENT --><\/div> <span class=\"ti-read-more\" data-container=\".ti-review-content\" data-collapse-text=\"Cacher\" data-open-text=\"Lire la suite\" ><\/span> <\/div> <\/div>  <div data-empty=\"0\" class=\"ti-review-item source-Google ti-image-layout-thumbnail\" data-id=\"cfcd208495d565ef66e7dff9f98764da\" > <div class=\"ti-inner\"> <div class=\"ti-review-header\"> <div class=\"ti-profile-img\"> <img decoding=\"async\" src=\"https:\/\/lh3.googleusercontent.com\/a\/ACg8ocLctTPNovSk3eKM0b_MIPOfcFEQsz2135Cdu59_BWRVsIYC7Q=s120-c-rp-mo-br100\" srcset=\"https:\/\/lh3.googleusercontent.com\/a\/ACg8ocLctTPNovSk3eKM0b_MIPOfcFEQsz2135Cdu59_BWRVsIYC7Q=s120-c-rp-mo-br100 2x\" alt=\"Repiquet Julie\" loading=\"lazy\" \/> <\/div> <div class=\"ti-profile-details\"> <div class=\"ti-name\"> Repiquet Julie <\/div> <div class=\"ti-date\">2024-10-13<\/div> <\/div> <\/div> <span class=\"ti-stars\"><span class=\"ti-star f\"><\/span><span class=\"ti-star f\"><\/span><span class=\"ti-star f\"><\/span><span class=\"ti-star f\"><\/span><span class=\"ti-star f\"><\/span><\/span> <div class=\"ti-review-text-container ti-review-content\"><!-- R-CONTENT -->Tr\u00e8s bon accompagnement de la part de Globalong, du premier jour avec toutes mes interrogations, jusqu'au d\u00e9part dans quelques jours. Le dossier transmis apr\u00e8s validation de la mission est plus que complet, les webmaster tr\u00e8s int\u00e9ressantes et permettent de d\u00e9charger mentalement ce genre de pr\u00e9paration, tout est pr\u00e9vu il n'y a plus qu'\u00e0 suivre ! Merci \u00e0 Florence de r\u00e9pondre \u00e0 toutes mes questions avec gentillesse et bienveillance, cela m'a permis de passer le cap!\nMaintenant, il n'y a plus qu'\u00e0 \ud83d\ude00<!-- R-CONTENT --><\/div> <span class=\"ti-read-more\" data-container=\".ti-review-content\" data-collapse-text=\"Cacher\" data-open-text=\"Lire la suite\" ><\/span> <\/div> <\/div>  <div data-empty=\"0\" class=\"ti-review-item source-Google ti-image-layout-thumbnail\" data-id=\"cfcd208495d565ef66e7dff9f98764da\" > <div class=\"ti-inner\"> <div class=\"ti-review-header\"> <div class=\"ti-profile-img\"> <img decoding=\"async\" src=\"https:\/\/lh3.googleusercontent.com\/a\/ACg8ocJJTdmTWs8nAA0yuH_cKOUgzc6GFAkHBiXhpnnVYXaWMBZsHw=s120-c-rp-mo-br100\" srcset=\"https:\/\/lh3.googleusercontent.com\/a\/ACg8ocJJTdmTWs8nAA0yuH_cKOUgzc6GFAkHBiXhpnnVYXaWMBZsHw=s120-c-rp-mo-br100 2x\" alt=\"Marine Guilhamat\" loading=\"lazy\" \/> <\/div> <div class=\"ti-profile-details\"> <div class=\"ti-name\"> Marine Guilhamat <\/div> <div class=\"ti-date\">2024-10-09<\/div> <\/div> <\/div> <span class=\"ti-stars\"><span class=\"ti-star f\"><\/span><span class=\"ti-star f\"><\/span><span class=\"ti-star f\"><\/span><span class=\"ti-star f\"><\/span><span class=\"ti-star f\"><\/span><\/span> <div class=\"ti-review-text-container ti-review-content\"><!-- R-CONTENT -->Tr\u00e8s belle association qui offre un cadre super s\u00e9curisant et permet de s\u2019investir dans des projets qui ont du sens. Merci \u00e0 l\u2019\u00e9quipe Globalong pour votre disponibilit\u00e9, gentillesse et accompagnement !<!-- R-CONTENT --><\/div> <span class=\"ti-read-more\" data-container=\".ti-review-content\" data-collapse-text=\"Cacher\" data-open-text=\"Lire la suite\" ><\/span> <\/div> <\/div>  <div data-empty=\"0\" class=\"ti-review-item source-Google ti-image-layout-thumbnail\" data-id=\"cfcd208495d565ef66e7dff9f98764da\" > <div class=\"ti-inner\"> <div class=\"ti-review-header\"> <div class=\"ti-profile-img\"> <img decoding=\"async\" src=\"https:\/\/lh3.googleusercontent.com\/a\/ACg8ocIgITHXKo46qgJyPqlJeAcxz11gCKUJpGIk2qauiIe2O3iZ6w=s120-c-rp-mo-br100\" srcset=\"https:\/\/lh3.googleusercontent.com\/a\/ACg8ocIgITHXKo46qgJyPqlJeAcxz11gCKUJpGIk2qauiIe2O3iZ6w=s120-c-rp-mo-br100 2x\" alt=\"Laura Mercier\" loading=\"lazy\" \/> <\/div> <div class=\"ti-profile-details\"> <div class=\"ti-name\"> Laura Mercier <\/div> <div class=\"ti-date\">2024-10-08<\/div> <\/div> <\/div> <span class=\"ti-stars\"><span class=\"ti-star f\"><\/span><span class=\"ti-star f\"><\/span><span class=\"ti-star f\"><\/span><span class=\"ti-star f\"><\/span><span class=\"ti-star f\"><\/span><\/span> <div class=\"ti-review-text-container ti-review-content\"><!-- R-CONTENT -->Mon d\u00e9part approche, je pars dans une semaine, et depuis le d\u00e9but de mon inscription je suis tr\u00e8s satisfaite du suivi effectu\u00e9 par l\u2019association. Ils sont tr\u00e8s disponibles et r\u00e9pondent rapidement \u00e0 l\u2019ensemble des questions. Je suis tr\u00e8s contente de partir faire cette mission humanitaire encadr\u00e9e par cette association. Je recommande vraiment.<!-- R-CONTENT --><\/div> <span class=\"ti-read-more\" data-container=\".ti-review-content\" data-collapse-text=\"Cacher\" data-open-text=\"Lire la suite\" ><\/span> <\/div> <\/div>  <div data-empty=\"0\" class=\"ti-review-item source-Google ti-image-layout-thumbnail\" data-id=\"cfcd208495d565ef66e7dff9f98764da\" > <div class=\"ti-inner\"> <div class=\"ti-review-header\"> <div class=\"ti-profile-img\"> <img decoding=\"async\" src=\"https:\/\/lh3.googleusercontent.com\/a-\/ALV-UjVVr0YMQhXl8QNEEB32l-rnoaYwvRZUjIEX9OEwPE_1fQwzIyk=s120-c-rp-mo-br100\" srcset=\"https:\/\/lh3.googleusercontent.com\/a-\/ALV-UjVVr0YMQhXl8QNEEB32l-rnoaYwvRZUjIEX9OEwPE_1fQwzIyk=s120-c-rp-mo-br100 2x\" alt=\"Anouk Rzkt\" loading=\"lazy\" \/> <\/div> <div class=\"ti-profile-details\"> <div class=\"ti-name\"> Anouk Rzkt <\/div> <div class=\"ti-date\">2024-10-02<\/div> <\/div> <\/div> <span class=\"ti-stars\"><span class=\"ti-star f\"><\/span><span class=\"ti-star f\"><\/span><span class=\"ti-star f\"><\/span><span class=\"ti-star f\"><\/span><span class=\"ti-star f\"><\/span><\/span> <div class=\"ti-review-text-container ti-review-content\"><!-- R-CONTENT -->Globalong est l'association parfaite. L'\u00e9quipe offre un v\u00e9ritable accompagnement rythm\u00e9 par beaucoup de conseils et d'\u00e9coute. Le site est tr\u00e8s bien fait avec des dossiers complets allant des sujets tr\u00e8s pratiques a d'autres plus th\u00e9oriques (tels que le choc culturel par exemple). Je recommande vivement et remercie sinc\u00e8rement toute l'\u00e9quipe pour leur gentillesse et investissement !<!-- R-CONTENT --><\/div> <span class=\"ti-read-more\" data-container=\".ti-review-content\" data-collapse-text=\"Cacher\" data-open-text=\"Lire la suite\" ><\/span> <\/div> <\/div>  <\/div> <div class=\"ti-controls-line\"> <div class=\"dot\"><\/div> <\/div> <\/div> <div class=\"ti-footer\"> <div class=\"ti-rating-text\"> <span class=\"nowrap\">\u00c9valuation <strong>Google<\/strong> : <\/span><span class=\"nowrap\"><strong>4.8<\/strong> sur 5, <\/span><span class=\"nowrap\">Bas\u00e9e sur <strong>240 avis<\/strong><\/span> <\/div> <\/div>  <\/div> <\/div> \n","protected":false},"excerpt":{"rendered":"<p>Oplev de mange m\u00e5der at fejre Musikdagen verden over \u2013 og den vigtige rolle, som internationale deltagere spiller. Forskellige m\u00e5der at fejre Musikdagen rundt\u2026<\/p>\n","protected":false},"author":7,"featured_media":8540,"comment_status":"open","ping_status":"open","sticky":false,"template":"","format":"standard","meta":{"footnotes":""},"categories":[6,3,4],"tags":[],"yoast_head":"<!-- This site is optimized with the Yoast SEO Premium plugin v23.4 (Yoast SEO v23.4) - https:\/\/yoast.com\/wordpress\/plugins\/seo\/ -->\n<title>Musikfest, internationale deltagere - VITA Explorers Blog<\/title>\n<meta name=\"description\" content=\"Vibrez au rythme de la F\u00eate de la Musique : d\u00e9couvrez les concerts gratuits, artistes locaux et \u00e9v\u00e9nements musicaux pr\u00e8s de chez vous le 21 juin\" \/>\n<meta name=\"robots\" content=\"index, follow, max-snippet:-1, max-image-preview:large, max-video-preview:-1\" \/>\n<link rel=\"canonical\" href=\"https:\/\/www.vita-explorers.dk\/blog\/musikfest-internationale-deltagere\/\" \/>\n<meta property=\"og:locale\" content=\"da_DK\" \/>\n<meta property=\"og:type\" content=\"article\" \/>\n<meta property=\"og:title\" content=\"Musikfest, internationale deltagere\" \/>\n<meta property=\"og:description\" content=\"Vibrez au rythme de la F\u00eate de la Musique : d\u00e9couvrez les concerts gratuits, artistes locaux et \u00e9v\u00e9nements musicaux pr\u00e8s de chez vous le 21 juin\" \/>\n<meta property=\"og:url\" content=\"https:\/\/www.vita-explorers.dk\/blog\/musikfest-internationale-deltagere\/\" \/>\n<meta property=\"og:site_name\" content=\"VITA Explorers Blog\" \/>\n<meta property=\"article:publisher\" content=\"https:\/\/www.facebook.com\/globalong\" \/>\n<meta property=\"article:published_time\" content=\"2024-06-21T02:58:14+00:00\" \/>\n<meta property=\"article:modified_time\" content=\"2025-03-08T10:36:38+00:00\" \/>\n<meta property=\"og:image\" content=\"https:\/\/www.vita-explorers.dk\/blog\/wp-content\/uploads\/2018\/01\/musique-senegal-globalong-min.jpg\" \/>\n\t<meta property=\"og:image:width\" content=\"5152\" \/>\n\t<meta property=\"og:image:height\" content=\"3864\" \/>\n\t<meta property=\"og:image:type\" content=\"image\/jpeg\" \/>\n<meta name=\"author\" content=\"VITA Tribe\" \/>\n<meta name=\"twitter:card\" content=\"summary_large_image\" \/>\n<meta name=\"twitter:label1\" content=\"Skrevet af\" \/>\n\t<meta name=\"twitter:data1\" content=\"VITA Tribe\" \/>\n\t<meta name=\"twitter:label2\" content=\"Estimeret l\u00e6setid\" \/>\n\t<meta name=\"twitter:data2\" content=\"8 minutter\" \/>\n<script type=\"application\/ld+json\" class=\"yoast-schema-graph\">{\"@context\":\"https:\/\/schema.org\",\"@graph\":[{\"@type\":\"Article\",\"@id\":\"https:\/\/www.vita-explorers.dk\/blog\/musikfest-internationale-deltagere\/#article\",\"isPartOf\":{\"@id\":\"https:\/\/www.vita-explorers.dk\/blog\/musikfest-internationale-deltagere\/\"},\"author\":{\"name\":\"VITA Tribe\",\"@id\":\"https:\/\/www.vita-explorers.dk\/blog\/#\/schema\/person\/fc0343a2f2db2ebb2793c1f62dbe73f0\"},\"headline\":\"Musikfest, internationale deltagere\",\"datePublished\":\"2024-06-21T02:58:14+00:00\",\"dateModified\":\"2025-03-08T10:36:38+00:00\",\"mainEntityOfPage\":{\"@id\":\"https:\/\/www.vita-explorers.dk\/blog\/musikfest-internationale-deltagere\/\"},\"wordCount\":1312,\"commentCount\":0,\"publisher\":{\"@id\":\"https:\/\/www.vita-explorers.dk\/blog\/#organization\"},\"image\":{\"@id\":\"https:\/\/www.vita-explorers.dk\/blog\/musikfest-internationale-deltagere\/#primaryimage\"},\"thumbnailUrl\":\"https:\/\/www.vita-explorers.dk\/blog\/wp-content\/uploads\/2018\/01\/musique-senegal-globalong-min.jpg\",\"articleSection\":[\"Nyheder\",\"Rejser - generelle oplysninger\",\"VITA Explorers\"],\"inLanguage\":\"da-DK\",\"potentialAction\":[{\"@type\":\"CommentAction\",\"name\":\"Comment\",\"target\":[\"https:\/\/www.vita-explorers.dk\/blog\/musikfest-internationale-deltagere\/#respond\"]}]},{\"@type\":\"WebPage\",\"@id\":\"https:\/\/www.vita-explorers.dk\/blog\/musikfest-internationale-deltagere\/\",\"url\":\"https:\/\/www.vita-explorers.dk\/blog\/musikfest-internationale-deltagere\/\",\"name\":\"Musikfest, internationale deltagere - VITA Explorers Blog\",\"isPartOf\":{\"@id\":\"https:\/\/www.vita-explorers.dk\/blog\/#website\"},\"primaryImageOfPage\":{\"@id\":\"https:\/\/www.vita-explorers.dk\/blog\/musikfest-internationale-deltagere\/#primaryimage\"},\"image\":{\"@id\":\"https:\/\/www.vita-explorers.dk\/blog\/musikfest-internationale-deltagere\/#primaryimage\"},\"thumbnailUrl\":\"https:\/\/www.vita-explorers.dk\/blog\/wp-content\/uploads\/2018\/01\/musique-senegal-globalong-min.jpg\",\"datePublished\":\"2024-06-21T02:58:14+00:00\",\"dateModified\":\"2025-03-08T10:36:38+00:00\",\"description\":\"Vibrez au rythme de la F\u00eate de la Musique : d\u00e9couvrez les concerts gratuits, artistes locaux et \u00e9v\u00e9nements musicaux pr\u00e8s de chez vous le 21 juin\",\"breadcrumb\":{\"@id\":\"https:\/\/www.vita-explorers.dk\/blog\/musikfest-internationale-deltagere\/#breadcrumb\"},\"inLanguage\":\"da-DK\",\"potentialAction\":[{\"@type\":\"ReadAction\",\"target\":[\"https:\/\/www.vita-explorers.dk\/blog\/musikfest-internationale-deltagere\/\"]}]},{\"@type\":\"ImageObject\",\"inLanguage\":\"da-DK\",\"@id\":\"https:\/\/www.vita-explorers.dk\/blog\/musikfest-internationale-deltagere\/#primaryimage\",\"url\":\"https:\/\/www.vita-explorers.dk\/blog\/wp-content\/uploads\/2018\/01\/musique-senegal-globalong-min.jpg\",\"contentUrl\":\"https:\/\/www.vita-explorers.dk\/blog\/wp-content\/uploads\/2018\/01\/musique-senegal-globalong-min.jpg\",\"width\":5152,\"height\":3864,\"caption\":\"fete de la musique 21 juin\"},{\"@type\":\"BreadcrumbList\",\"@id\":\"https:\/\/www.vita-explorers.dk\/blog\/musikfest-internationale-deltagere\/#breadcrumb\",\"itemListElement\":[{\"@type\":\"ListItem\",\"position\":1,\"name\":\"Accueil\",\"item\":\"https:\/\/www.vita-explorers.dk\/blog\/\"},{\"@type\":\"ListItem\",\"position\":2,\"name\":\"Musikfest, internationale deltagere\"}]},{\"@type\":\"WebSite\",\"@id\":\"https:\/\/www.vita-explorers.dk\/blog\/#website\",\"url\":\"https:\/\/www.vita-explorers.dk\/blog\/\",\"name\":\"Association Globalong\",\"description\":\"Frivilligt arbejde, sprogophold, praktik i udlandet og internationale oplevelser\",\"publisher\":{\"@id\":\"https:\/\/www.vita-explorers.dk\/blog\/#organization\"},\"potentialAction\":[{\"@type\":\"SearchAction\",\"target\":{\"@type\":\"EntryPoint\",\"urlTemplate\":\"https:\/\/www.vita-explorers.dk\/blog\/?s={search_term_string}\"},\"query-input\":{\"@type\":\"PropertyValueSpecification\",\"valueRequired\":true,\"valueName\":\"search_term_string\"}}],\"inLanguage\":\"da-DK\"},{\"@type\":\"Organization\",\"@id\":\"https:\/\/www.vita-explorers.dk\/blog\/#organization\",\"name\":\"Association Globalong\",\"url\":\"https:\/\/www.vita-explorers.dk\/blog\/\",\"logo\":{\"@type\":\"ImageObject\",\"inLanguage\":\"da-DK\",\"@id\":\"https:\/\/www.vita-explorers.dk\/blog\/#\/schema\/logo\/image\/\",\"url\":\"https:\/\/www.globalong.com\/blog\/wp-content\/uploads\/2014\/11\/cropped-cropped-Logo-et-Afrique-Globalong-petite-taille-2.jpg\",\"contentUrl\":\"https:\/\/www.globalong.com\/blog\/wp-content\/uploads\/2014\/11\/cropped-cropped-Logo-et-Afrique-Globalong-petite-taille-2.jpg\",\"width\":512,\"height\":512,\"caption\":\"Association Globalong\"},\"image\":{\"@id\":\"https:\/\/www.vita-explorers.dk\/blog\/#\/schema\/logo\/image\/\"},\"sameAs\":[\"https:\/\/www.facebook.com\/globalong\"]},{\"@type\":\"Person\",\"@id\":\"https:\/\/www.vita-explorers.dk\/blog\/#\/schema\/person\/fc0343a2f2db2ebb2793c1f62dbe73f0\",\"name\":\"VITA Tribe\",\"image\":{\"@type\":\"ImageObject\",\"inLanguage\":\"da-DK\",\"@id\":\"https:\/\/www.vita-explorers.dk\/blog\/#\/schema\/person\/image\/\",\"url\":\"https:\/\/secure.gravatar.com\/avatar\/f7f05026bb439d0c96b30e135e5f852c?s=96&d=mm&r=g\",\"contentUrl\":\"https:\/\/secure.gravatar.com\/avatar\/f7f05026bb439d0c96b30e135e5f852c?s=96&d=mm&r=g\",\"caption\":\"VITA Tribe\"},\"sameAs\":[\"http:\/\/www.globalong.com\"],\"url\":\"https:\/\/www.vita-explorers.dk\/blog\/author\/teamglobalong\/\"}]}<\/script>\n<!-- \/ Yoast SEO Premium plugin. -->","yoast_head_json":{"title":"Musikfest, internationale deltagere - VITA Explorers Blog","description":"Vibrez au rythme de la F\u00eate de la Musique : d\u00e9couvrez les concerts gratuits, artistes locaux et \u00e9v\u00e9nements musicaux pr\u00e8s de chez vous le 21 juin","robots":{"index":"index","follow":"follow","max-snippet":"max-snippet:-1","max-image-preview":"max-image-preview:large","max-video-preview":"max-video-preview:-1"},"canonical":"https:\/\/www.vita-explorers.dk\/blog\/musikfest-internationale-deltagere\/","og_locale":"da_DK","og_type":"article","og_title":"Musikfest, internationale deltagere","og_description":"Vibrez au rythme de la F\u00eate de la Musique : d\u00e9couvrez les concerts gratuits, artistes locaux et \u00e9v\u00e9nements musicaux pr\u00e8s de chez vous le 21 juin","og_url":"https:\/\/www.vita-explorers.dk\/blog\/musikfest-internationale-deltagere\/","og_site_name":"VITA Explorers Blog","article_publisher":"https:\/\/www.facebook.com\/globalong","article_published_time":"2024-06-21T02:58:14+00:00","article_modified_time":"2025-03-08T10:36:38+00:00","og_image":[{"width":5152,"height":3864,"url":"https:\/\/www.vita-explorers.dk\/blog\/wp-content\/uploads\/2018\/01\/musique-senegal-globalong-min.jpg","type":"image\/jpeg"}],"author":"VITA Tribe","twitter_card":"summary_large_image","twitter_misc":{"Skrevet af":"VITA Tribe","Estimeret l\u00e6setid":"8 minutter"},"schema":{"@context":"https:\/\/schema.org","@graph":[{"@type":"Article","@id":"https:\/\/www.vita-explorers.dk\/blog\/musikfest-internationale-deltagere\/#article","isPartOf":{"@id":"https:\/\/www.vita-explorers.dk\/blog\/musikfest-internationale-deltagere\/"},"author":{"name":"VITA Tribe","@id":"https:\/\/www.vita-explorers.dk\/blog\/#\/schema\/person\/fc0343a2f2db2ebb2793c1f62dbe73f0"},"headline":"Musikfest, internationale deltagere","datePublished":"2024-06-21T02:58:14+00:00","dateModified":"2025-03-08T10:36:38+00:00","mainEntityOfPage":{"@id":"https:\/\/www.vita-explorers.dk\/blog\/musikfest-internationale-deltagere\/"},"wordCount":1312,"commentCount":0,"publisher":{"@id":"https:\/\/www.vita-explorers.dk\/blog\/#organization"},"image":{"@id":"https:\/\/www.vita-explorers.dk\/blog\/musikfest-internationale-deltagere\/#primaryimage"},"thumbnailUrl":"https:\/\/www.vita-explorers.dk\/blog\/wp-content\/uploads\/2018\/01\/musique-senegal-globalong-min.jpg","articleSection":["Nyheder","Rejser - generelle oplysninger","VITA Explorers"],"inLanguage":"da-DK","potentialAction":[{"@type":"CommentAction","name":"Comment","target":["https:\/\/www.vita-explorers.dk\/blog\/musikfest-internationale-deltagere\/#respond"]}]},{"@type":"WebPage","@id":"https:\/\/www.vita-explorers.dk\/blog\/musikfest-internationale-deltagere\/","url":"https:\/\/www.vita-explorers.dk\/blog\/musikfest-internationale-deltagere\/","name":"Musikfest, internationale deltagere - VITA Explorers Blog","isPartOf":{"@id":"https:\/\/www.vita-explorers.dk\/blog\/#website"},"primaryImageOfPage":{"@id":"https:\/\/www.vita-explorers.dk\/blog\/musikfest-internationale-deltagere\/#primaryimage"},"image":{"@id":"https:\/\/www.vita-explorers.dk\/blog\/musikfest-internationale-deltagere\/#primaryimage"},"thumbnailUrl":"https:\/\/www.vita-explorers.dk\/blog\/wp-content\/uploads\/2018\/01\/musique-senegal-globalong-min.jpg","datePublished":"2024-06-21T02:58:14+00:00","dateModified":"2025-03-08T10:36:38+00:00","description":"Vibrez au rythme de la F\u00eate de la Musique : d\u00e9couvrez les concerts gratuits, artistes locaux et \u00e9v\u00e9nements musicaux pr\u00e8s de chez vous le 21 juin","breadcrumb":{"@id":"https:\/\/www.vita-explorers.dk\/blog\/musikfest-internationale-deltagere\/#breadcrumb"},"inLanguage":"da-DK","potentialAction":[{"@type":"ReadAction","target":["https:\/\/www.vita-explorers.dk\/blog\/musikfest-internationale-deltagere\/"]}]},{"@type":"ImageObject","inLanguage":"da-DK","@id":"https:\/\/www.vita-explorers.dk\/blog\/musikfest-internationale-deltagere\/#primaryimage","url":"https:\/\/www.vita-explorers.dk\/blog\/wp-content\/uploads\/2018\/01\/musique-senegal-globalong-min.jpg","contentUrl":"https:\/\/www.vita-explorers.dk\/blog\/wp-content\/uploads\/2018\/01\/musique-senegal-globalong-min.jpg","width":5152,"height":3864,"caption":"fete de la musique 21 juin"},{"@type":"BreadcrumbList","@id":"https:\/\/www.vita-explorers.dk\/blog\/musikfest-internationale-deltagere\/#breadcrumb","itemListElement":[{"@type":"ListItem","position":1,"name":"Accueil","item":"https:\/\/www.vita-explorers.dk\/blog\/"},{"@type":"ListItem","position":2,"name":"Musikfest, internationale deltagere"}]},{"@type":"WebSite","@id":"https:\/\/www.vita-explorers.dk\/blog\/#website","url":"https:\/\/www.vita-explorers.dk\/blog\/","name":"Association Globalong","description":"Frivilligt arbejde, sprogophold, praktik i udlandet og internationale oplevelser","publisher":{"@id":"https:\/\/www.vita-explorers.dk\/blog\/#organization"},"potentialAction":[{"@type":"SearchAction","target":{"@type":"EntryPoint","urlTemplate":"https:\/\/www.vita-explorers.dk\/blog\/?s={search_term_string}"},"query-input":{"@type":"PropertyValueSpecification","valueRequired":true,"valueName":"search_term_string"}}],"inLanguage":"da-DK"},{"@type":"Organization","@id":"https:\/\/www.vita-explorers.dk\/blog\/#organization","name":"Association Globalong","url":"https:\/\/www.vita-explorers.dk\/blog\/","logo":{"@type":"ImageObject","inLanguage":"da-DK","@id":"https:\/\/www.vita-explorers.dk\/blog\/#\/schema\/logo\/image\/","url":"https:\/\/www.globalong.com\/blog\/wp-content\/uploads\/2014\/11\/cropped-cropped-Logo-et-Afrique-Globalong-petite-taille-2.jpg","contentUrl":"https:\/\/www.globalong.com\/blog\/wp-content\/uploads\/2014\/11\/cropped-cropped-Logo-et-Afrique-Globalong-petite-taille-2.jpg","width":512,"height":512,"caption":"Association Globalong"},"image":{"@id":"https:\/\/www.vita-explorers.dk\/blog\/#\/schema\/logo\/image\/"},"sameAs":["https:\/\/www.facebook.com\/globalong"]},{"@type":"Person","@id":"https:\/\/www.vita-explorers.dk\/blog\/#\/schema\/person\/fc0343a2f2db2ebb2793c1f62dbe73f0","name":"VITA Tribe","image":{"@type":"ImageObject","inLanguage":"da-DK","@id":"https:\/\/www.vita-explorers.dk\/blog\/#\/schema\/person\/image\/","url":"https:\/\/secure.gravatar.com\/avatar\/f7f05026bb439d0c96b30e135e5f852c?s=96&d=mm&r=g","contentUrl":"https:\/\/secure.gravatar.com\/avatar\/f7f05026bb439d0c96b30e135e5f852c?s=96&d=mm&r=g","caption":"VITA Tribe"},"sameAs":["http:\/\/www.globalong.com"],"url":"https:\/\/www.vita-explorers.dk\/blog\/author\/teamglobalong\/"}]}},"_links":{"self":[{"href":"https:\/\/www.vita-explorers.dk\/blog\/wp-json\/wp\/v2\/posts\/16841"}],"collection":[{"href":"https:\/\/www.vita-explorers.dk\/blog\/wp-json\/wp\/v2\/posts"}],"about":[{"href":"https:\/\/www.vita-explorers.dk\/blog\/wp-json\/wp\/v2\/types\/post"}],"author":[{"embeddable":true,"href":"https:\/\/www.vita-explorers.dk\/blog\/wp-json\/wp\/v2\/users\/7"}],"replies":[{"embeddable":true,"href":"https:\/\/www.vita-explorers.dk\/blog\/wp-json\/wp\/v2\/comments?post=16841"}],"version-history":[{"count":5,"href":"https:\/\/www.vita-explorers.dk\/blog\/wp-json\/wp\/v2\/posts\/16841\/revisions"}],"predecessor-version":[{"id":21821,"href":"https:\/\/www.vita-explorers.dk\/blog\/wp-json\/wp\/v2\/posts\/16841\/revisions\/21821"}],"wp:featuredmedia":[{"embeddable":true,"href":"https:\/\/www.vita-explorers.dk\/blog\/wp-json\/wp\/v2\/media\/8540"}],"wp:attachment":[{"href":"https:\/\/www.vita-explorers.dk\/blog\/wp-json\/wp\/v2\/media?parent=16841"}],"wp:term":[{"taxonomy":"category","embeddable":true,"href":"https:\/\/www.vita-explorers.dk\/blog\/wp-json\/wp\/v2\/categories?post=16841"},{"taxonomy":"post_tag","embeddable":true,"href":"https:\/\/www.vita-explorers.dk\/blog\/wp-json\/wp\/v2\/tags?post=16841"}],"curies":[{"name":"wp","href":"https:\/\/api.w.org\/{rel}","templated":true}]}}