{"id":16942,"date":"2024-06-24T05:30:40","date_gmt":"2024-06-24T03:30:40","guid":{"rendered":"https:\/\/www.globalong.com\/blog\/?p=16942"},"modified":"2025-09-07T16:21:24","modified_gmt":"2025-09-07T14:21:24","slug":"humanitaert-forloeb-i-senegal","status":"publish","type":"post","link":"https:\/\/www.vita-explorers.dk\/blog\/humanitaert-forloeb-i-senegal\/","title":{"rendered":"Humanit\u00e6rt ophold i Senegal"},"content":{"rendered":"<h1><span style=\"font-size: 18pt;\">Humanit\u00e6rt ophold i Senegal: komplet guide<\/span><\/h1>\n<h2 style=\"text-align: justify;\"><span style=\"font-size: 18pt;\">Det vigtigste om humanit\u00e6re ophold i Senegal \u2013 fra muligheder til udfordringer \u2013 og hvordan du kan bidrage p\u00e5 en meningsfuld m\u00e5de.<\/span><\/h2>\n<h3 style=\"text-align: justify;\"><strong>Hvorfor tage p\u00e5 et humanit\u00e6rt ophold i Senegal?<\/strong><\/h3>\n<p style=\"text-align: justify;\"><a href=\"https:\/\/www.vita-explorers.dk\/frivilligt-arbejde\/senegal-frivilligt-arbejde-internationalt-ophold.html\" target=\"_blank\" rel=\"noopener\">Senegal<\/a> ligger i Vestafrika ud til Atlanterhavet og beskrives ofte som et land med store kontraster. Landet rummer en rig historie, et levende kulturliv og meget varierede landskaber \u2013 og samtidig st\u00e5r mange lokalsamfund med tydelige sociale og \u00f8konomiske udfordringer. Et <a href=\"https:\/\/www.vita-explorers.dk\/mission-humanitaire.html\">humanit\u00e6rt ophold<\/a> i Senegal kan derfor spille en vigtig rolle i at st\u00f8tte lokale indsatser, der styrker hverdagsvilk\u00e5r og muligheder.<\/p>\n<p style=\"text-align: justify;\"><strong>Historisk og geografisk kontekst<\/strong><\/p>\n<p style=\"text-align: justify;\">Senegal har en historie pr\u00e6get af fransk kolonitid og opn\u00e5ede selvst\u00e6ndighed i 1960. I dag er <strong>det et stabilt demokrati<\/strong>, men landet k\u00e6mper fortsat med \u00f8konomiske og sociale udfordringer. Omr\u00e5der som <strong>Dakar<\/strong>, <strong>Saint-Louis<\/strong> og <strong>Casamance<\/strong> er ofte omdrejningspunkt for humanit\u00e6re indsatser, blandt andet fordi befolkningst\u00e6theden er h\u00f8j, og behovene varierer fra sted til sted.<\/p>\n<h3 style=\"text-align: justify;\"><strong>Betydningen af humanit\u00e6re ophold:<br \/>\nHvorfor tage p\u00e5 et humanit\u00e6rt ophold i Senegal?<\/strong><\/h3>\n<p style=\"text-align: justify;\"><strong>Humanit\u00e6re indsatser kan v\u00e6re afg\u00f8rende<\/strong> for at st\u00f8tte mennesker i s\u00e5rbare situationer. Form\u00e5let er blandt andet at styrke levevilk\u00e5r, <a href=\"https:\/\/www.vita-explorers.dk\/frivilligt-arbejde\/senegal-frivilligt-arbejde-internationalt-ophold\/sygeplejepraktik-senegal-internationalt-forloeb-studerende-ifsi.html\">bidrage til sundhedstilbud<\/a>, fremme uddannelse og st\u00f8tte lokal \u00f8konomisk udvikling. Indsatserne kan v\u00e6re med til at udfylde huller, hvor lokale strukturer og ressourcer ikke altid r\u00e6kker.<\/p>\n<h2 style=\"text-align: justify;\">Hvilke muligheder for frivilligt arbejde findes der i Senegal?<\/h2>\n<p style=\"text-align: justify;\"><strong>Typer af forl\u00f8b<\/strong><\/p>\n<p style=\"text-align: justify;\"><strong>Humanit\u00e6re ophold i Senegal<\/strong> kan omfatte mange forskellige aktiviteter. Nogle af de mest almindelige er:<\/p>\n<ul style=\"text-align: justify;\">\n<li><a href=\"https:\/\/www.vita-explorers.dk\/frivilligt-arbejde\/senegal-frivilligt-arbejde-internationalt-ophold\/humanitaert-forloeb-senegal-uddannelse-af-talibe-boern-praktik.html\"><strong>Uddannelse og alfabetisering<\/strong> <\/a>: Undervisning af b\u00f8rn og voksne, planl\u00e6gning af l\u00e6ringsaktiviteter og workshops.<\/li>\n<li><a href=\"https:\/\/www.vita-explorers.dk\/frivilligt-arbejde\/senegal-frivilligt-arbejde-internationalt-ophold\/medicinsk-humanit\u00e6rt-forl\u00f8b-senegal-talib\u00e9-b\u00f8rn-adgang-til-sundhedspleje-afrika.html\"><strong>Sundhed<\/strong><\/a> : St\u00f8tte i klinikker og p\u00e5 hospitaler, samt oplysningsindsatser om sundhed.<\/li>\n<li><a href=\"https:\/\/www.vita-explorers.dk\/frivilligt-arbejde\/senegal-frivilligt-arbejde-internationalt-ophold\/mission-humanitaire-senegal-afrique-emancipation-economique-ong-talib%C3%A9s.html\"><strong>Lokalsamfundsudvikling<\/strong><\/a> : Byggeprojekter og forbedring af lokale faciliteter.<\/li>\n<li><strong>Milj\u00f8 og landbrug<\/strong> : Naturbevarelse og b\u00e6redygtige landbrugsinitiativer.<\/li>\n<\/ul>\n<h2 style=\"text-align: justify;\"><strong>Centrale indsatsomr\u00e5der<\/strong><\/h2>\n<h3 style=\"text-align: justify;\">De vigtigste indsatsomr\u00e5der omfatter:<\/h3>\n<ul style=\"text-align: justify;\">\n<li><strong>Folkesundhed<\/strong> : Vaccinationer, basal sundhedspleje samt mor- og barn-sundhed.<\/li>\n<li><strong>Uddannelse<\/strong> : Styrkelse af skoleforl\u00f8b og st\u00f8tte til undervisere.<\/li>\n<li><strong>\u00d8konomisk udvikling<\/strong> : Mikrofinans, kompetenceudvikling og erhvervsrettet tr\u00e6ning.<\/li>\n<li><strong>Milj\u00f8<\/strong> : Beskyttelse af naturomr\u00e5der og genplantningsprojekter.<\/li>\n<\/ul>\n<p style=\"text-align: justify;\"><strong>Rammer og foruds\u00e6tninger<\/strong><\/p>\n<p style=\"text-align: justify;\">For at deltage i et humanit\u00e6rt ophold i Senegal skal nogle grundl\u00e6ggende krav typisk v\u00e6re opfyldt:<\/p>\n<ul style=\"text-align: justify;\">\n<li><strong>Minimumsalder<\/strong> : Ofte skal deltagere v\u00e6re mindst 18 \u00e5r.<\/li>\n<li><strong>S\u00e6rlige kompetencer<\/strong> : Afh\u00e6ngigt af forl\u00f8bet kan der v\u00e6re krav om specifik erfaring, fx sundhedsfaglige kvalifikationer ved sundhedsindsatser.<\/li>\n<li><strong>Engagement<\/strong> : Der forventes som regel en minimumsperiode \u2013 fra f\u00e5 uger til flere m\u00e5neder.<\/li>\n<\/ul>\n<h3 style=\"text-align: justify;\">Vigtige organisationer i Senegal<\/h3>\n<p style=\"text-align: justify;\"><strong>Internationale organisationer<\/strong><\/p>\n<p style=\"text-align: justify;\">Flere internationale organisationer \u2013 herunder <a href=\"https:\/\/www.vita-explorers.dk\/frivilligt-arbejde\/senegal-frivilligt-arbejde-internationalt-ophold\/mission-humanitaire-senegal-afrique-emancipation-economique-ong-talib%C3%A9s.html\"><strong>VITA<\/strong> <\/a>\u2013 er aktive i Senegal:<\/p>\n<ul style=\"text-align: justify;\">\n<li><strong>L\u00e6ger uden Gr\u00e6nser (MSF)<\/strong><\/li>\n<li><b>R\u00f8de Kors<\/b><\/li>\n<li><b>m.fl.<\/b><\/li>\n<\/ul>\n<p style=\"text-align: justify;\">Organisationerne bidrager med erfaring og ressourcer, der kan underst\u00f8tte lokale indsatser.<\/p>\n<h3 style=\"text-align: justify;\"><strong>Lokale og nationale initiativer<\/strong><\/h3>\n<p style=\"text-align: justify;\">Lokale initiativer er centrale for at f\u00e5 projekter til at fungere i praksis. De kan blandt andet omfatte:<\/p>\n<h3 style=\"text-align: justify;\"><strong>Organisationernes roller og bidrag<\/strong><\/h3>\n<p style=\"text-align: justify;\"><a href=\"https:\/\/www.vita-explorers.dk\/association-globalong.html\">Organisationer og foreninger<\/a> arbejder i dialog med lokalsamfund for at afklare behov, udvikle l\u00f8sninger og skabe holdbarhed i indsatserne. Rollen er ofte at st\u00f8tte og facilitere \u2013 med ressourcer, viden og relevant opl\u00e6ring \u2013 s\u00e5 lokalsamfundet i h\u00f8jere grad kan drive udviklingen videre.<\/p>\n<h2 style=\"text-align: justify;\">Hvordan forbereder man sig p\u00e5 et humanit\u00e6rt ophold i udlandet?<\/h2>\n<h2 style=\"text-align: justify;\"><strong>Ans\u00f8gningsproces \u2013 trin for trin<\/strong><\/h2>\n<p style=\"text-align: justify;\">Ans\u00f8gningsprocessen varierer fra organisation til organisation, men indeholder typisk:<\/p>\n<ul style=\"text-align: justify;\">\n<li><strong><a href=\"https:\/\/www.vita-explorers.dk\/blog\/hvordan-skriver-man-en-motiveret-ansoegning-til-frivilligt-arbejde-i-udlandet\/\">Online ans\u00f8gning<\/a><\/strong> : Ofte med CV og motiveret ans\u00f8gning.<\/li>\n<li><strong>Samtaler<\/strong> : For at afklare kompetencer og motivation.<\/li>\n<li><strong>Kontrol<\/strong> : Referencer og i nogle tilf\u00e6lde sikkerhedstjek.<\/li>\n<\/ul>\n<h3 style=\"text-align: justify;\"><strong>Tr\u00e6ning og relevante kompetencer<\/strong><\/h3>\n<p style=\"text-align: justify;\"><a href=\"https:\/\/www.vita-explorers.dk\/blog\/de-10-ting-du-skal-gore-inden-du-tager-afsted-pa-et-ansvarligt-ophold\/\">F\u00f8r afrejse f\u00e5r deltagere ofte en introduktion til:<\/a><\/p>\n<ul style=\"text-align: justify;\">\n<li><strong>Lokal kultur<\/strong> : For bedre at forst\u00e5 og respektere normer, traditioner og hverdagsliv.<\/li>\n<li><strong>Faglige f\u00e6rdigheder<\/strong> : Tilpasset forl\u00f8bet (fx sundhed, undervisning m.m.).<\/li>\n<\/ul>\n<h3 style=\"text-align: justify;\"><strong>Logistik og det praktiske<\/strong><\/h3>\n<p style=\"text-align: justify;\">De praktiske forberedelser omfatter typisk:<\/p>\n<ul style=\"text-align: justify;\">\n<li><a href=\"https:\/\/www.vita-explorers.dk\/blog\/rejseforsikring-og-vacciner-paa-et-internationalt-forloeb\/\"><strong>Vacciner og helbred<\/strong> <\/a>: S\u00f8rg for at v\u00e6re opdateret med anbefalede vaccinationer.<\/li>\n<li><strong>Visum og dokumenter<\/strong> : F\u00e5 de n\u00f8dvendige dokumenter p\u00e5 plads inden afrejse.<\/li>\n<li><strong>Indkvartering<\/strong> : Forvent enkle, men trygge rammer.<\/li>\n<\/ul>\n<h2 style=\"text-align: justify;\">Hvilken effekt kan et humanit\u00e6rt ophold i Senegal have?<\/h2>\n<h2 style=\"text-align: justify;\"><strong>Eksempler p\u00e5 positive resultater<\/strong><\/h2>\n<p style=\"text-align: justify;\"><a href=\"https:\/\/www.vita-explorers.dk\/blog\/humanitaere-forloeb\/\">Humanit\u00e6re indsatser<\/a> kan give konkrete resultater. For eksempel har <strong>vaccinationskampagner gennemf\u00f8rt af MSF<\/strong> bidraget til at reducere forekomsten af sygdomme, der ellers kan forebygges, i flere landomr\u00e5der.<\/p>\n<h2 style=\"text-align: justify;\"><strong>Vurdering af langsigtet effekt<\/strong><\/h2>\n<p style=\"text-align: justify;\"><strong>Den langsigtede effekt af humanit\u00e6re ophold<\/strong> kan blandt andet v\u00e6re bedre lokale faciliteter, st\u00e6rkere undervisning og forbedrede sundhedsforhold. Det kan medvirke til st\u00f8rre stabilitet og mere b\u00e6redygtig udvikling i lokalsamfund over tid.<\/p>\n<h2 style=\"text-align: justify;\">Hvilke udfordringer kan man m\u00f8de p\u00e5 et humanit\u00e6rt ophold i Senegal?<\/h2>\n<h2 style=\"text-align: justify;\"><strong>Typiske udfordringer<\/strong><\/h2>\n<h3 style=\"text-align: justify;\">Deltagere kan m\u00f8de forskellige udfordringer:<\/h3>\n<ul style=\"text-align: justify;\">\n<li><a href=\"https:\/\/www.vita-explorers.dk\/blog\/sprogkurser-i-spansk-udforsk-dine-muligheder\/\"><strong>Sprogbarrierer<\/strong> <\/a>: Kommunikation kan v\u00e6re vanskelig uden grundl\u00e6ggende fransk eller lokale sprog.<\/li>\n<li><strong>Arbejdsforhold<\/strong> : Indsatser kan foreg\u00e5 i kr\u00e6vende rammer med begr\u00e6nsede ressourcer.<\/li>\n<li><a href=\"https:\/\/www.vita-explorers.dk\/blog\/kulturchok-det-er-helt-normalt\/\"><strong>Kulturchok<\/strong><\/a> : Det kan tage tid at v\u00e6nne sig til andre normer og traditioner.<\/li>\n<\/ul>\n<h2 style=\"text-align: justify;\"><strong>L\u00f8sninger og gode strategier<\/strong><\/h2>\n<h3 style=\"text-align: justify;\">For at h\u00e5ndtere udfordringerne er det en god id\u00e9 at:<\/h3>\n<ul style=\"text-align: justify;\">\n<li><strong>L\u00e6re nogle basale ord og vendinger p\u00e5 wolof eller fransk<\/strong>.<\/li>\n<li><strong>V\u00e6re \u00e5ben, nysgerrig og fleksibel<\/strong>.<\/li>\n<li><strong>L\u00e6ne sig op ad st\u00f8tte fra teams p\u00e5 stedet og andre deltagere<\/strong>.<\/li>\n<\/ul>\n<h2 style=\"text-align: justify;\"><a href=\"https:\/\/www.vita-explorers.dk\/blog\/avis-globalong\/\">Oplevelser fra deltagere<\/a><\/h2>\n<h2 style=\"text-align: justify;\"><strong>Personlige erfaringer<\/strong><\/h2>\n<h3 style=\"text-align: justify;\">Mange deltagere beskriver, at opholdet g\u00f8r et stort indtryk:<\/h3>\n<blockquote><p><strong>&#8220;At v\u00e6re med i et humanit\u00e6rt ophold i Senegal \u00e6ndrede mit blik p\u00e5 verden. Jeg l\u00e6rte mindst lige s\u00e5 meget af de mennesker, jeg m\u00f8dte, som jeg selv kunne bidrage med.&#8221;<\/strong> \u2013 Marie, deltager p\u00e5 et sundhedsfagligt forl\u00f8b.<\/p><\/blockquote>\n<h2 style=\"text-align: justify;\"><strong>R\u00e5d til kommende deltagere<\/strong><\/h2>\n<h3 style=\"text-align: justify;\">For at f\u00e5 mest muligt ud af oplevelsen:<\/h3>\n<ul style=\"text-align: justify;\">\n<li><strong>V\u00e6r forberedt p\u00e5 at komme lidt ud af komfortzonen<\/strong>.<\/li>\n<li><strong>G\u00e5 nysgerrigt ind i kulturudvekslingen<\/strong>.<\/li>\n<li><strong>V\u00e6r t\u00e5lmodig og omstillingsparat, n\u00e5r tingene ikke g\u00e5r som planlagt<\/strong>.<\/li>\n<\/ul>\n<h3 style=\"text-align: justify;\">Ressourcer og nyttig information<\/h3>\n<p style=\"text-align: justify;\"><strong>Websites om internationale forl\u00f8b<\/strong><\/p>\n<p style=\"text-align: justify;\"><a href=\"http:\/\/globalong.com\">Find muligheder for frivilligt arbejde i Senegal<\/a><\/p>\n<h3>Humanit\u00e6re ophold i Senegal kan v\u00e6re med til at styrke lokal udvikling og forbedre levevilk\u00e5r. Uanset om du \u00f8nsker at bidrage med dine kompetencer eller s\u00f8ger personlig l\u00e6ring og perspektiv, kan et ansvarligt ophold give en konkret og meningsfuld erfaring.<\/h3>\n<h3 style=\"text-align: justify;\">FAQ<\/h3>\n<h2 style=\"text-align: justify;\"><strong>Hvad er et humanit\u00e6rt ophold i Senegal?<\/strong><\/h2>\n<p style=\"text-align: justify;\">Et humanit\u00e6rt ophold er en indsats, der har til form\u00e5l at st\u00f8tte mennesker og lokalsamfund, som st\u00e5r i en sv\u00e6r situation. Det kan handle om sundhed, uddannelse, \u00f8konomisk udvikling og meget mere.<\/p>\n<h2 style=\"text-align: justify;\"><strong>Hvordan engagerer jeg mig i et humanit\u00e6rt ophold i Senegal?<\/strong><\/h2>\n<p style=\"text-align: justify;\">Du kan engagere dig ved at kontakte relevante organisationer, ans\u00f8ge online og f\u00f8lge den konkrete ans\u00f8gningsproces, som den enkelte akt\u00f8r beskriver.<\/p>\n<h2 style=\"text-align: justify;\"><strong>Hvilke udfordringer kan jeg forvente?<\/strong><\/h2>\n<p style=\"text-align: justify;\">Udfordringer kan blandt andet v\u00e6re sprogbarrierer, enkle levevilk\u00e5r og kulturchok. Det er en fordel at forberede sig b\u00e5de mentalt og praktisk.<\/p>\n<h2 style=\"text-align: justify;\"><strong>Hvilke kompetencer er n\u00f8dvendige?<\/strong><\/h2>\n<p style=\"text-align: justify;\">Det afh\u00e6nger af forl\u00f8bet, men kompetencer inden for sundhed, undervisning eller erfaring med lokalsamfundsudvikling er ofte relevante.<\/p>\n<h2 style=\"text-align: justify;\"><strong>Er humanit\u00e6re ophold i Senegal sikre?<\/strong><\/h2>\n<p style=\"text-align: justify;\">Der arbejdes typisk med sikkerhed og klare retningslinjer, men det er vigtigt at f\u00f8lge organisationens anbefalinger og bruge sund fornuft under opholdet.<\/p>\n<h2 style=\"text-align: justify;\"><strong>Hvilken effekt kan jeg forvente at have i Senegal?<\/strong><\/h2>\n<p style=\"text-align: justify;\">Du kan bidrage konkret \u2013 for eksempel ved at st\u00f8tte sundhedsindsatser, l\u00e6ring eller lokale udviklingsinitiativer. Effekten afh\u00e6nger af opgaven, varigheden og de rammer, du indg\u00e5r i.<\/p>\n<p style=\"text-align: justify;\"><strong>At deltage i et humanit\u00e6rt ophold i Senegal<\/strong> kan v\u00e6re en l\u00e6rerig erfaring, hvor du bidrager positivt og samtidig udvikler b\u00e5de personlige og faglige kompetencer. Brug tid p\u00e5 at forberede dig grundigt, <a href=\"https:\/\/www.vita-explorers.dk\/engagements-globalong.html\">v\u00e6lge den rette organisation<\/a> og g\u00e5 til opholdet med en \u00e5ben, respektfuld tilgang.<\/p>\n<h3 style=\"text-align: center;\"><strong><b>Vil du f\u00f8lge mere fra VITA Institute og vores community, s\u00e5 find os p\u00e5 <\/b><a href=\"https:\/\/www.instagram.com\/globalongofficiel\/\"><span class=\"s2\"><b>Instagram<\/b><\/span><\/a><b>, <\/b><a href=\"https:\/\/www.tiktok.com\/@globalong\"><span class=\"s2\"><b>TikTok<\/b><\/span><\/a><b>, <\/b><a href=\"https:\/\/www.facebook.com\/globalong\"><span class=\"s2\"><b>Facebook<\/b><\/span><\/a><b>, <\/b><a href=\"https:\/\/www.linkedin.com\/company\/5113177\/admin\/feed\/posts\/\"><span class=\"s2\"><b>LinkedIn<\/b><\/span><\/a><b> og <\/b><a href=\"https:\/\/www.youtube.com\/c\/globalong\/videos\"><span class=\"s2\"><b>Youtube<\/b><\/span><\/a><b>! <\/b><\/strong><\/h3>\n<div class=\"ti-widget ti-goog\" data-layout-id=\"4\" data-set-id=\"light-background\" data-pid=\"\" data-language=\"fr\" data-version=\"2\" data-review-target-width=\"300\" data-review-text-mode=\"readmore\" data-pager-autoplay-timeout=\"6\" > <div class=\"ti-widget-container ti-col-3\"> <div class=\"ti-reviews-container\"> <div class=\"ti-controls\"> <div class=\"ti-next\" aria-label=\"Avis suivante\" role=\"button\"><\/div> <div class=\"ti-prev\" aria-label=\"Avis pr\u00e9c\u00e9dent\" role=\"button\"><\/div> <\/div> <div class=\"ti-reviews-container-wrapper\">  <div data-empty=\"0\" class=\"ti-review-item source-Google ti-image-layout-thumbnail\" data-id=\"cfcd208495d565ef66e7dff9f98764da\" > <div class=\"ti-inner\"> <div class=\"ti-review-header\"> <div class=\"ti-profile-img\"> <img decoding=\"async\" src=\"https:\/\/lh3.googleusercontent.com\/a\/ACg8ocKpaoKe37CD0_POxO97KqB60GsWQRsIuG2vmCfXT-W_FY44vw=s120-c-rp-mo-br100\" srcset=\"https:\/\/lh3.googleusercontent.com\/a\/ACg8ocKpaoKe37CD0_POxO97KqB60GsWQRsIuG2vmCfXT-W_FY44vw=s120-c-rp-mo-br100 2x\" alt=\"Lucie Correia\" loading=\"lazy\" \/> <\/div> <div class=\"ti-profile-details\"> <div class=\"ti-name\"> Lucie Correia <\/div> <div class=\"ti-date\">2024-10-17<\/div> <\/div> <\/div> <span class=\"ti-stars\"><span class=\"ti-star f\"><\/span><span class=\"ti-star f\"><\/span><span class=\"ti-star f\"><\/span><span class=\"ti-star f\"><\/span><span class=\"ti-star f\"><\/span><\/span> <div class=\"ti-review-text-container ti-review-content\"><!-- R-CONTENT -->La communication avec Globalong est super, personnes tr\u00e8s pr\u00e9sentes pour les b\u00e9n\u00e9voles et \u00e9tudiants partant avec cette association. Elles r\u00e9pondent \u00e0 toutes nos questions et sont tr\u00e8s accessibles au t\u00e9l\u00e9phone.<!-- R-CONTENT --><\/div> <span class=\"ti-read-more\" data-container=\".ti-review-content\" data-collapse-text=\"Cacher\" data-open-text=\"Lire la suite\" ><\/span> <\/div> <\/div>  <div data-empty=\"0\" class=\"ti-review-item source-Google ti-image-layout-thumbnail\" data-id=\"cfcd208495d565ef66e7dff9f98764da\" > <div class=\"ti-inner\"> <div class=\"ti-review-header\"> <div class=\"ti-profile-img\"> <img decoding=\"async\" src=\"https:\/\/lh3.googleusercontent.com\/a-\/ALV-UjWqnnzM7-7c9BDqeTDF-a7pOgNjvLkJ3WshRd_Tn7z0Eu-AGQwo=s120-c-rp-mo-br100\" srcset=\"https:\/\/lh3.googleusercontent.com\/a-\/ALV-UjWqnnzM7-7c9BDqeTDF-a7pOgNjvLkJ3WshRd_Tn7z0Eu-AGQwo=s120-c-rp-mo-br100 2x\" alt=\"Ra\u00efssa Frisch\" loading=\"lazy\" \/> <\/div> <div class=\"ti-profile-details\"> <div class=\"ti-name\"> Ra\u00efssa Frisch <\/div> <div class=\"ti-date\">2024-10-14<\/div> <\/div> <\/div> <span class=\"ti-stars\"><span class=\"ti-star f\"><\/span><span class=\"ti-star f\"><\/span><span class=\"ti-star f\"><\/span><span class=\"ti-star f\"><\/span><span class=\"ti-star f\"><\/span><\/span> <div class=\"ti-review-text-container ti-review-content\"><!-- R-CONTENT -->J\u2019ai d\u00e9j\u00e0 eu l\u2019opportunit\u00e9 de r\u00e9aliser deux projets humanitaires avec l\u2019association Globalong. Je ne peux que la recommander, car j\u2019ai toujours b\u00e9n\u00e9fici\u00e9 d\u2019un excellent accompagnement, aussi bien avant que pendant le voyage. On ne vous laisse pas vous d\u00e9brouiller seuls, bien au contraire, vous \u00eates tr\u00e8s bien encadr\u00e9s pour accomplir toutes les d\u00e9marches dans les d\u00e9lais.\n\nAu-del\u00e0 du suivi, les exp\u00e9riences humanitaires propos\u00e9es par Globalong ne peuvent que transformer votre vie de mani\u00e8re positive. Elles vous apportent une richesse humaine inestimable.<!-- R-CONTENT --><\/div> <span class=\"ti-read-more\" data-container=\".ti-review-content\" data-collapse-text=\"Cacher\" data-open-text=\"Lire la suite\" ><\/span> <\/div> <\/div>  <div data-empty=\"0\" class=\"ti-review-item source-Google ti-image-layout-thumbnail\" data-id=\"cfcd208495d565ef66e7dff9f98764da\" > <div class=\"ti-inner\"> <div class=\"ti-review-header\"> <div class=\"ti-profile-img\"> <img decoding=\"async\" src=\"https:\/\/lh3.googleusercontent.com\/a\/ACg8ocJL-Dxv25YkXK2QwWPNRxTVqZCv5uTmDQDFg5qslKra3vRZew=s120-c-rp-mo-br100\" srcset=\"https:\/\/lh3.googleusercontent.com\/a\/ACg8ocJL-Dxv25YkXK2QwWPNRxTVqZCv5uTmDQDFg5qslKra3vRZew=s120-c-rp-mo-br100 2x\" alt=\"Tara Turan\" loading=\"lazy\" \/> <\/div> <div class=\"ti-profile-details\"> <div class=\"ti-name\"> Tara Turan <\/div> <div class=\"ti-date\">2024-10-14<\/div> <\/div> <\/div> <span class=\"ti-stars\"><span class=\"ti-star f\"><\/span><span class=\"ti-star f\"><\/span><span class=\"ti-star f\"><\/span><span class=\"ti-star f\"><\/span><span class=\"ti-star f\"><\/span><\/span> <div class=\"ti-review-text-container ti-review-content\"><!-- R-CONTENT -->Une des meilleures associations que j\u2019ai pu faire !\nUne organisation et un suivi vraiment parfait, c\u2019est avec grand plaisir que je referai un projet avec eux.<!-- R-CONTENT --><\/div> <span class=\"ti-read-more\" data-container=\".ti-review-content\" data-collapse-text=\"Cacher\" data-open-text=\"Lire la suite\" ><\/span> <\/div> <\/div>  <div data-empty=\"0\" class=\"ti-review-item source-Google ti-image-layout-thumbnail\" data-id=\"cfcd208495d565ef66e7dff9f98764da\" > <div class=\"ti-inner\"> <div class=\"ti-review-header\"> <div class=\"ti-profile-img\"> <img decoding=\"async\" src=\"https:\/\/lh3.googleusercontent.com\/a\/ACg8ocLctTPNovSk3eKM0b_MIPOfcFEQsz2135Cdu59_BWRVsIYC7Q=s120-c-rp-mo-br100\" srcset=\"https:\/\/lh3.googleusercontent.com\/a\/ACg8ocLctTPNovSk3eKM0b_MIPOfcFEQsz2135Cdu59_BWRVsIYC7Q=s120-c-rp-mo-br100 2x\" alt=\"Repiquet Julie\" loading=\"lazy\" \/> <\/div> <div class=\"ti-profile-details\"> <div class=\"ti-name\"> Repiquet Julie <\/div> <div class=\"ti-date\">2024-10-13<\/div> <\/div> <\/div> <span class=\"ti-stars\"><span class=\"ti-star f\"><\/span><span class=\"ti-star f\"><\/span><span class=\"ti-star f\"><\/span><span class=\"ti-star f\"><\/span><span class=\"ti-star f\"><\/span><\/span> <div class=\"ti-review-text-container ti-review-content\"><!-- R-CONTENT -->Tr\u00e8s bon accompagnement de la part de Globalong, du premier jour avec toutes mes interrogations, jusqu'au d\u00e9part dans quelques jours. Le dossier transmis apr\u00e8s validation de la mission est plus que complet, les webmaster tr\u00e8s int\u00e9ressantes et permettent de d\u00e9charger mentalement ce genre de pr\u00e9paration, tout est pr\u00e9vu il n'y a plus qu'\u00e0 suivre ! Merci \u00e0 Florence de r\u00e9pondre \u00e0 toutes mes questions avec gentillesse et bienveillance, cela m'a permis de passer le cap!\nMaintenant, il n'y a plus qu'\u00e0 \ud83d\ude00<!-- R-CONTENT --><\/div> <span class=\"ti-read-more\" data-container=\".ti-review-content\" data-collapse-text=\"Cacher\" data-open-text=\"Lire la suite\" ><\/span> <\/div> <\/div>  <div data-empty=\"0\" class=\"ti-review-item source-Google ti-image-layout-thumbnail\" data-id=\"cfcd208495d565ef66e7dff9f98764da\" > <div class=\"ti-inner\"> <div class=\"ti-review-header\"> <div class=\"ti-profile-img\"> <img decoding=\"async\" src=\"https:\/\/lh3.googleusercontent.com\/a\/ACg8ocJJTdmTWs8nAA0yuH_cKOUgzc6GFAkHBiXhpnnVYXaWMBZsHw=s120-c-rp-mo-br100\" srcset=\"https:\/\/lh3.googleusercontent.com\/a\/ACg8ocJJTdmTWs8nAA0yuH_cKOUgzc6GFAkHBiXhpnnVYXaWMBZsHw=s120-c-rp-mo-br100 2x\" alt=\"Marine Guilhamat\" loading=\"lazy\" \/> <\/div> <div class=\"ti-profile-details\"> <div class=\"ti-name\"> Marine Guilhamat <\/div> <div class=\"ti-date\">2024-10-09<\/div> <\/div> <\/div> <span class=\"ti-stars\"><span class=\"ti-star f\"><\/span><span class=\"ti-star f\"><\/span><span class=\"ti-star f\"><\/span><span class=\"ti-star f\"><\/span><span class=\"ti-star f\"><\/span><\/span> <div class=\"ti-review-text-container ti-review-content\"><!-- R-CONTENT -->Tr\u00e8s belle association qui offre un cadre super s\u00e9curisant et permet de s\u2019investir dans des projets qui ont du sens. Merci \u00e0 l\u2019\u00e9quipe Globalong pour votre disponibilit\u00e9, gentillesse et accompagnement !<!-- R-CONTENT --><\/div> <span class=\"ti-read-more\" data-container=\".ti-review-content\" data-collapse-text=\"Cacher\" data-open-text=\"Lire la suite\" ><\/span> <\/div> <\/div>  <div data-empty=\"0\" class=\"ti-review-item source-Google ti-image-layout-thumbnail\" data-id=\"cfcd208495d565ef66e7dff9f98764da\" > <div class=\"ti-inner\"> <div class=\"ti-review-header\"> <div class=\"ti-profile-img\"> <img decoding=\"async\" src=\"https:\/\/lh3.googleusercontent.com\/a\/ACg8ocIgITHXKo46qgJyPqlJeAcxz11gCKUJpGIk2qauiIe2O3iZ6w=s120-c-rp-mo-br100\" srcset=\"https:\/\/lh3.googleusercontent.com\/a\/ACg8ocIgITHXKo46qgJyPqlJeAcxz11gCKUJpGIk2qauiIe2O3iZ6w=s120-c-rp-mo-br100 2x\" alt=\"Laura Mercier\" loading=\"lazy\" \/> <\/div> <div class=\"ti-profile-details\"> <div class=\"ti-name\"> Laura Mercier <\/div> <div class=\"ti-date\">2024-10-08<\/div> <\/div> <\/div> <span class=\"ti-stars\"><span class=\"ti-star f\"><\/span><span class=\"ti-star f\"><\/span><span class=\"ti-star f\"><\/span><span class=\"ti-star f\"><\/span><span class=\"ti-star f\"><\/span><\/span> <div class=\"ti-review-text-container ti-review-content\"><!-- R-CONTENT -->Mon d\u00e9part approche, je pars dans une semaine, et depuis le d\u00e9but de mon inscription je suis tr\u00e8s satisfaite du suivi effectu\u00e9 par l\u2019association. Ils sont tr\u00e8s disponibles et r\u00e9pondent rapidement \u00e0 l\u2019ensemble des questions. Je suis tr\u00e8s contente de partir faire cette mission humanitaire encadr\u00e9e par cette association. Je recommande vraiment.<!-- R-CONTENT --><\/div> <span class=\"ti-read-more\" data-container=\".ti-review-content\" data-collapse-text=\"Cacher\" data-open-text=\"Lire la suite\" ><\/span> <\/div> <\/div>  <div data-empty=\"0\" class=\"ti-review-item source-Google ti-image-layout-thumbnail\" data-id=\"cfcd208495d565ef66e7dff9f98764da\" > <div class=\"ti-inner\"> <div class=\"ti-review-header\"> <div class=\"ti-profile-img\"> <img decoding=\"async\" src=\"https:\/\/lh3.googleusercontent.com\/a-\/ALV-UjVVr0YMQhXl8QNEEB32l-rnoaYwvRZUjIEX9OEwPE_1fQwzIyk=s120-c-rp-mo-br100\" srcset=\"https:\/\/lh3.googleusercontent.com\/a-\/ALV-UjVVr0YMQhXl8QNEEB32l-rnoaYwvRZUjIEX9OEwPE_1fQwzIyk=s120-c-rp-mo-br100 2x\" alt=\"Anouk Rzkt\" loading=\"lazy\" \/> <\/div> <div class=\"ti-profile-details\"> <div class=\"ti-name\"> Anouk Rzkt <\/div> <div class=\"ti-date\">2024-10-02<\/div> <\/div> <\/div> <span class=\"ti-stars\"><span class=\"ti-star f\"><\/span><span class=\"ti-star f\"><\/span><span class=\"ti-star f\"><\/span><span class=\"ti-star f\"><\/span><span class=\"ti-star f\"><\/span><\/span> <div class=\"ti-review-text-container ti-review-content\"><!-- R-CONTENT -->Globalong est l'association parfaite. L'\u00e9quipe offre un v\u00e9ritable accompagnement rythm\u00e9 par beaucoup de conseils et d'\u00e9coute. Le site est tr\u00e8s bien fait avec des dossiers complets allant des sujets tr\u00e8s pratiques a d'autres plus th\u00e9oriques (tels que le choc culturel par exemple). Je recommande vivement et remercie sinc\u00e8rement toute l'\u00e9quipe pour leur gentillesse et investissement !<!-- R-CONTENT --><\/div> <span class=\"ti-read-more\" data-container=\".ti-review-content\" data-collapse-text=\"Cacher\" data-open-text=\"Lire la suite\" ><\/span> <\/div> <\/div>  <\/div> <div class=\"ti-controls-line\"> <div class=\"dot\"><\/div> <\/div> <\/div> <div class=\"ti-footer\"> <div class=\"ti-rating-text\"> <span class=\"nowrap\">\u00c9valuation <strong>Google<\/strong> : <\/span><span class=\"nowrap\"><strong>4.8<\/strong> sur 5, <\/span><span class=\"nowrap\">Bas\u00e9e sur <strong>240 avis<\/strong><\/span> <\/div> <\/div>  <\/div> <\/div> \n","protected":false},"excerpt":{"rendered":"<p>Humanit\u00e6rt ophold i Senegal: komplet guide Det vigtigste om humanit\u00e6re ophold i Senegal \u2013 fra muligheder til udfordringer \u2013 og hvordan du kan bidrage\u2026<\/p>\n","protected":false},"author":7,"featured_media":8530,"comment_status":"open","ping_status":"open","sticky":false,"template":"","format":"standard","meta":{"footnotes":""},"categories":[13,8,6,4],"tags":[],"yoast_head":"<!-- This site is optimized with the Yoast SEO Premium plugin v23.4 (Yoast SEO v23.4) - https:\/\/yoast.com\/wordpress\/plugins\/seo\/ -->\n<title>Humanit\u00e6rt ophold i Senegal: st\u00f8tte til lokal udvikling - VITA Explorers Blog<\/title>\n<meta name=\"description\" content=\"Engagez-vous dans une mission humanitaire au S\u00e9n\u00e9gal : soutenez des projets \u00e9ducatifs, de sant\u00e9 ou de d\u00e9veloppement en 2025, 2026 et 2027\" \/>\n<meta name=\"robots\" content=\"index, follow, max-snippet:-1, max-image-preview:large, max-video-preview:-1\" \/>\n<link rel=\"canonical\" href=\"https:\/\/www.vita-explorers.dk\/blog\/humanitaert-forloeb-i-senegal\/\" \/>\n<meta property=\"og:locale\" content=\"da_DK\" \/>\n<meta property=\"og:type\" content=\"article\" \/>\n<meta property=\"og:title\" content=\"Mission Humanitaire au S\u00e9n\u00e9gal : Soutien au D\u00e9veloppement\" \/>\n<meta property=\"og:description\" content=\"Explorez le r\u00f4le vital des missions humanitaires au S\u00e9n\u00e9gal\" \/>\n<meta property=\"og:url\" content=\"https:\/\/www.vita-explorers.dk\/blog\/humanitaert-forloeb-i-senegal\/\" \/>\n<meta property=\"og:site_name\" content=\"VITA Explorers Blog\" \/>\n<meta property=\"article:publisher\" content=\"https:\/\/www.facebook.com\/globalong\" \/>\n<meta property=\"article:published_time\" content=\"2024-06-24T03:30:40+00:00\" \/>\n<meta property=\"article:modified_time\" content=\"2025-09-07T14:21:24+00:00\" \/>\n<meta property=\"og:image\" content=\"https:\/\/www.vita-explorers.dk\/blog\/wp-content\/uploads\/2018\/01\/Lac-Rose-au-Senegal-globalong-min.jpg\" \/>\n\t<meta property=\"og:image:width\" content=\"3264\" \/>\n\t<meta property=\"og:image:height\" content=\"1836\" \/>\n\t<meta property=\"og:image:type\" content=\"image\/jpeg\" \/>\n<meta name=\"author\" content=\"VITA Tribe\" \/>\n<meta name=\"twitter:card\" content=\"summary_large_image\" \/>\n<meta name=\"twitter:title\" content=\"Humanit\u00e6rt ophold i Senegal\" \/>\n<meta name=\"twitter:label1\" content=\"Skrevet af\" \/>\n\t<meta name=\"twitter:data1\" content=\"VITA Tribe\" \/>\n\t<meta name=\"twitter:label2\" content=\"Estimeret l\u00e6setid\" \/>\n\t<meta name=\"twitter:data2\" content=\"7 minutter\" \/>\n<script type=\"application\/ld+json\" class=\"yoast-schema-graph\">{\"@context\":\"https:\/\/schema.org\",\"@graph\":[{\"@type\":\"Article\",\"@id\":\"https:\/\/www.vita-explorers.dk\/blog\/humanitaert-forloeb-i-senegal\/#article\",\"isPartOf\":{\"@id\":\"https:\/\/www.vita-explorers.dk\/blog\/humanitaert-forloeb-i-senegal\/\"},\"author\":{\"name\":\"VITA Tribe\",\"@id\":\"https:\/\/www.vita-explorers.dk\/blog\/#\/schema\/person\/fc0343a2f2db2ebb2793c1f62dbe73f0\"},\"headline\":\"Humanit\u00e6rt ophold i Senegal\",\"datePublished\":\"2024-06-24T03:30:40+00:00\",\"dateModified\":\"2025-09-07T14:21:24+00:00\",\"mainEntityOfPage\":{\"@id\":\"https:\/\/www.vita-explorers.dk\/blog\/humanitaert-forloeb-i-senegal\/\"},\"wordCount\":1287,\"commentCount\":0,\"publisher\":{\"@id\":\"https:\/\/www.vita-explorers.dk\/blog\/#organization\"},\"image\":{\"@id\":\"https:\/\/www.vita-explorers.dk\/blog\/humanitaert-forloeb-i-senegal\/#primaryimage\"},\"thumbnailUrl\":\"https:\/\/www.vita-explorers.dk\/blog\/wp-content\/uploads\/2018\/01\/Lac-Rose-au-Senegal-globalong-min.jpg\",\"articleSection\":[\"Afrika\",\"Humanit\u00e6rt frivilligt arbejde\",\"Nyheder\",\"VITA Explorers\"],\"inLanguage\":\"da-DK\",\"potentialAction\":[{\"@type\":\"CommentAction\",\"name\":\"Comment\",\"target\":[\"https:\/\/www.vita-explorers.dk\/blog\/humanitaert-forloeb-i-senegal\/#respond\"]}]},{\"@type\":\"WebPage\",\"@id\":\"https:\/\/www.vita-explorers.dk\/blog\/humanitaert-forloeb-i-senegal\/\",\"url\":\"https:\/\/www.vita-explorers.dk\/blog\/humanitaert-forloeb-i-senegal\/\",\"name\":\"Humanit\u00e6rt ophold i Senegal: st\u00f8tte til lokal udvikling - VITA Explorers Blog\",\"isPartOf\":{\"@id\":\"https:\/\/www.vita-explorers.dk\/blog\/#website\"},\"primaryImageOfPage\":{\"@id\":\"https:\/\/www.vita-explorers.dk\/blog\/humanitaert-forloeb-i-senegal\/#primaryimage\"},\"image\":{\"@id\":\"https:\/\/www.vita-explorers.dk\/blog\/humanitaert-forloeb-i-senegal\/#primaryimage\"},\"thumbnailUrl\":\"https:\/\/www.vita-explorers.dk\/blog\/wp-content\/uploads\/2018\/01\/Lac-Rose-au-Senegal-globalong-min.jpg\",\"datePublished\":\"2024-06-24T03:30:40+00:00\",\"dateModified\":\"2025-09-07T14:21:24+00:00\",\"description\":\"Engagez-vous dans une mission humanitaire au S\u00e9n\u00e9gal : soutenez des projets \u00e9ducatifs, de sant\u00e9 ou de d\u00e9veloppement en 2025, 2026 et 2027\",\"breadcrumb\":{\"@id\":\"https:\/\/www.vita-explorers.dk\/blog\/humanitaert-forloeb-i-senegal\/#breadcrumb\"},\"inLanguage\":\"da-DK\",\"potentialAction\":[{\"@type\":\"ReadAction\",\"target\":[\"https:\/\/www.vita-explorers.dk\/blog\/humanitaert-forloeb-i-senegal\/\"]}]},{\"@type\":\"ImageObject\",\"inLanguage\":\"da-DK\",\"@id\":\"https:\/\/www.vita-explorers.dk\/blog\/humanitaert-forloeb-i-senegal\/#primaryimage\",\"url\":\"https:\/\/www.vita-explorers.dk\/blog\/wp-content\/uploads\/2018\/01\/Lac-Rose-au-Senegal-globalong-min.jpg\",\"contentUrl\":\"https:\/\/www.vita-explorers.dk\/blog\/wp-content\/uploads\/2018\/01\/Lac-Rose-au-Senegal-globalong-min.jpg\",\"width\":3264,\"height\":1836,\"caption\":\"Mission humanitaire au S\u00e9n\u00e9gal\"},{\"@type\":\"BreadcrumbList\",\"@id\":\"https:\/\/www.vita-explorers.dk\/blog\/humanitaert-forloeb-i-senegal\/#breadcrumb\",\"itemListElement\":[{\"@type\":\"ListItem\",\"position\":1,\"name\":\"Accueil\",\"item\":\"https:\/\/www.vita-explorers.dk\/blog\/\"},{\"@type\":\"ListItem\",\"position\":2,\"name\":\"Humanit\u00e6rt ophold i Senegal\"}]},{\"@type\":\"WebSite\",\"@id\":\"https:\/\/www.vita-explorers.dk\/blog\/#website\",\"url\":\"https:\/\/www.vita-explorers.dk\/blog\/\",\"name\":\"Association Globalong\",\"description\":\"Frivilligt arbejde, sprogophold, praktik i udlandet og internationale oplevelser\",\"publisher\":{\"@id\":\"https:\/\/www.vita-explorers.dk\/blog\/#organization\"},\"potentialAction\":[{\"@type\":\"SearchAction\",\"target\":{\"@type\":\"EntryPoint\",\"urlTemplate\":\"https:\/\/www.vita-explorers.dk\/blog\/?s={search_term_string}\"},\"query-input\":{\"@type\":\"PropertyValueSpecification\",\"valueRequired\":true,\"valueName\":\"search_term_string\"}}],\"inLanguage\":\"da-DK\"},{\"@type\":\"Organization\",\"@id\":\"https:\/\/www.vita-explorers.dk\/blog\/#organization\",\"name\":\"Association Globalong\",\"url\":\"https:\/\/www.vita-explorers.dk\/blog\/\",\"logo\":{\"@type\":\"ImageObject\",\"inLanguage\":\"da-DK\",\"@id\":\"https:\/\/www.vita-explorers.dk\/blog\/#\/schema\/logo\/image\/\",\"url\":\"https:\/\/www.globalong.com\/blog\/wp-content\/uploads\/2014\/11\/cropped-cropped-Logo-et-Afrique-Globalong-petite-taille-2.jpg\",\"contentUrl\":\"https:\/\/www.globalong.com\/blog\/wp-content\/uploads\/2014\/11\/cropped-cropped-Logo-et-Afrique-Globalong-petite-taille-2.jpg\",\"width\":512,\"height\":512,\"caption\":\"Association Globalong\"},\"image\":{\"@id\":\"https:\/\/www.vita-explorers.dk\/blog\/#\/schema\/logo\/image\/\"},\"sameAs\":[\"https:\/\/www.facebook.com\/globalong\"]},{\"@type\":\"Person\",\"@id\":\"https:\/\/www.vita-explorers.dk\/blog\/#\/schema\/person\/fc0343a2f2db2ebb2793c1f62dbe73f0\",\"name\":\"VITA Tribe\",\"image\":{\"@type\":\"ImageObject\",\"inLanguage\":\"da-DK\",\"@id\":\"https:\/\/www.vita-explorers.dk\/blog\/#\/schema\/person\/image\/\",\"url\":\"https:\/\/secure.gravatar.com\/avatar\/f7f05026bb439d0c96b30e135e5f852c?s=96&d=mm&r=g\",\"contentUrl\":\"https:\/\/secure.gravatar.com\/avatar\/f7f05026bb439d0c96b30e135e5f852c?s=96&d=mm&r=g\",\"caption\":\"VITA Tribe\"},\"sameAs\":[\"http:\/\/www.globalong.com\"],\"url\":\"https:\/\/www.vita-explorers.dk\/blog\/author\/teamglobalong\/\"}]}<\/script>\n<!-- \/ Yoast SEO Premium plugin. -->","yoast_head_json":{"title":"Humanit\u00e6rt ophold i Senegal: st\u00f8tte til lokal udvikling - VITA Explorers Blog","description":"Engagez-vous dans une mission humanitaire au S\u00e9n\u00e9gal : soutenez des projets \u00e9ducatifs, de sant\u00e9 ou de d\u00e9veloppement en 2025, 2026 et 2027","robots":{"index":"index","follow":"follow","max-snippet":"max-snippet:-1","max-image-preview":"max-image-preview:large","max-video-preview":"max-video-preview:-1"},"canonical":"https:\/\/www.vita-explorers.dk\/blog\/humanitaert-forloeb-i-senegal\/","og_locale":"da_DK","og_type":"article","og_title":"Mission Humanitaire au S\u00e9n\u00e9gal : Soutien au D\u00e9veloppement","og_description":"Explorez le r\u00f4le vital des missions humanitaires au S\u00e9n\u00e9gal","og_url":"https:\/\/www.vita-explorers.dk\/blog\/humanitaert-forloeb-i-senegal\/","og_site_name":"VITA Explorers Blog","article_publisher":"https:\/\/www.facebook.com\/globalong","article_published_time":"2024-06-24T03:30:40+00:00","article_modified_time":"2025-09-07T14:21:24+00:00","og_image":[{"width":3264,"height":1836,"url":"https:\/\/www.vita-explorers.dk\/blog\/wp-content\/uploads\/2018\/01\/Lac-Rose-au-Senegal-globalong-min.jpg","type":"image\/jpeg"}],"author":"VITA Tribe","twitter_card":"summary_large_image","twitter_title":"Humanit\u00e6rt ophold i Senegal","twitter_misc":{"Skrevet af":"VITA Tribe","Estimeret l\u00e6setid":"7 minutter"},"schema":{"@context":"https:\/\/schema.org","@graph":[{"@type":"Article","@id":"https:\/\/www.vita-explorers.dk\/blog\/humanitaert-forloeb-i-senegal\/#article","isPartOf":{"@id":"https:\/\/www.vita-explorers.dk\/blog\/humanitaert-forloeb-i-senegal\/"},"author":{"name":"VITA Tribe","@id":"https:\/\/www.vita-explorers.dk\/blog\/#\/schema\/person\/fc0343a2f2db2ebb2793c1f62dbe73f0"},"headline":"Humanit\u00e6rt ophold i Senegal","datePublished":"2024-06-24T03:30:40+00:00","dateModified":"2025-09-07T14:21:24+00:00","mainEntityOfPage":{"@id":"https:\/\/www.vita-explorers.dk\/blog\/humanitaert-forloeb-i-senegal\/"},"wordCount":1287,"commentCount":0,"publisher":{"@id":"https:\/\/www.vita-explorers.dk\/blog\/#organization"},"image":{"@id":"https:\/\/www.vita-explorers.dk\/blog\/humanitaert-forloeb-i-senegal\/#primaryimage"},"thumbnailUrl":"https:\/\/www.vita-explorers.dk\/blog\/wp-content\/uploads\/2018\/01\/Lac-Rose-au-Senegal-globalong-min.jpg","articleSection":["Afrika","Humanit\u00e6rt frivilligt arbejde","Nyheder","VITA Explorers"],"inLanguage":"da-DK","potentialAction":[{"@type":"CommentAction","name":"Comment","target":["https:\/\/www.vita-explorers.dk\/blog\/humanitaert-forloeb-i-senegal\/#respond"]}]},{"@type":"WebPage","@id":"https:\/\/www.vita-explorers.dk\/blog\/humanitaert-forloeb-i-senegal\/","url":"https:\/\/www.vita-explorers.dk\/blog\/humanitaert-forloeb-i-senegal\/","name":"Humanit\u00e6rt ophold i Senegal: st\u00f8tte til lokal udvikling - VITA Explorers Blog","isPartOf":{"@id":"https:\/\/www.vita-explorers.dk\/blog\/#website"},"primaryImageOfPage":{"@id":"https:\/\/www.vita-explorers.dk\/blog\/humanitaert-forloeb-i-senegal\/#primaryimage"},"image":{"@id":"https:\/\/www.vita-explorers.dk\/blog\/humanitaert-forloeb-i-senegal\/#primaryimage"},"thumbnailUrl":"https:\/\/www.vita-explorers.dk\/blog\/wp-content\/uploads\/2018\/01\/Lac-Rose-au-Senegal-globalong-min.jpg","datePublished":"2024-06-24T03:30:40+00:00","dateModified":"2025-09-07T14:21:24+00:00","description":"Engagez-vous dans une mission humanitaire au S\u00e9n\u00e9gal : soutenez des projets \u00e9ducatifs, de sant\u00e9 ou de d\u00e9veloppement en 2025, 2026 et 2027","breadcrumb":{"@id":"https:\/\/www.vita-explorers.dk\/blog\/humanitaert-forloeb-i-senegal\/#breadcrumb"},"inLanguage":"da-DK","potentialAction":[{"@type":"ReadAction","target":["https:\/\/www.vita-explorers.dk\/blog\/humanitaert-forloeb-i-senegal\/"]}]},{"@type":"ImageObject","inLanguage":"da-DK","@id":"https:\/\/www.vita-explorers.dk\/blog\/humanitaert-forloeb-i-senegal\/#primaryimage","url":"https:\/\/www.vita-explorers.dk\/blog\/wp-content\/uploads\/2018\/01\/Lac-Rose-au-Senegal-globalong-min.jpg","contentUrl":"https:\/\/www.vita-explorers.dk\/blog\/wp-content\/uploads\/2018\/01\/Lac-Rose-au-Senegal-globalong-min.jpg","width":3264,"height":1836,"caption":"Mission humanitaire au S\u00e9n\u00e9gal"},{"@type":"BreadcrumbList","@id":"https:\/\/www.vita-explorers.dk\/blog\/humanitaert-forloeb-i-senegal\/#breadcrumb","itemListElement":[{"@type":"ListItem","position":1,"name":"Accueil","item":"https:\/\/www.vita-explorers.dk\/blog\/"},{"@type":"ListItem","position":2,"name":"Humanit\u00e6rt ophold i Senegal"}]},{"@type":"WebSite","@id":"https:\/\/www.vita-explorers.dk\/blog\/#website","url":"https:\/\/www.vita-explorers.dk\/blog\/","name":"Association Globalong","description":"Frivilligt arbejde, sprogophold, praktik i udlandet og internationale oplevelser","publisher":{"@id":"https:\/\/www.vita-explorers.dk\/blog\/#organization"},"potentialAction":[{"@type":"SearchAction","target":{"@type":"EntryPoint","urlTemplate":"https:\/\/www.vita-explorers.dk\/blog\/?s={search_term_string}"},"query-input":{"@type":"PropertyValueSpecification","valueRequired":true,"valueName":"search_term_string"}}],"inLanguage":"da-DK"},{"@type":"Organization","@id":"https:\/\/www.vita-explorers.dk\/blog\/#organization","name":"Association Globalong","url":"https:\/\/www.vita-explorers.dk\/blog\/","logo":{"@type":"ImageObject","inLanguage":"da-DK","@id":"https:\/\/www.vita-explorers.dk\/blog\/#\/schema\/logo\/image\/","url":"https:\/\/www.globalong.com\/blog\/wp-content\/uploads\/2014\/11\/cropped-cropped-Logo-et-Afrique-Globalong-petite-taille-2.jpg","contentUrl":"https:\/\/www.globalong.com\/blog\/wp-content\/uploads\/2014\/11\/cropped-cropped-Logo-et-Afrique-Globalong-petite-taille-2.jpg","width":512,"height":512,"caption":"Association Globalong"},"image":{"@id":"https:\/\/www.vita-explorers.dk\/blog\/#\/schema\/logo\/image\/"},"sameAs":["https:\/\/www.facebook.com\/globalong"]},{"@type":"Person","@id":"https:\/\/www.vita-explorers.dk\/blog\/#\/schema\/person\/fc0343a2f2db2ebb2793c1f62dbe73f0","name":"VITA Tribe","image":{"@type":"ImageObject","inLanguage":"da-DK","@id":"https:\/\/www.vita-explorers.dk\/blog\/#\/schema\/person\/image\/","url":"https:\/\/secure.gravatar.com\/avatar\/f7f05026bb439d0c96b30e135e5f852c?s=96&d=mm&r=g","contentUrl":"https:\/\/secure.gravatar.com\/avatar\/f7f05026bb439d0c96b30e135e5f852c?s=96&d=mm&r=g","caption":"VITA Tribe"},"sameAs":["http:\/\/www.globalong.com"],"url":"https:\/\/www.vita-explorers.dk\/blog\/author\/teamglobalong\/"}]}},"_links":{"self":[{"href":"https:\/\/www.vita-explorers.dk\/blog\/wp-json\/wp\/v2\/posts\/16942"}],"collection":[{"href":"https:\/\/www.vita-explorers.dk\/blog\/wp-json\/wp\/v2\/posts"}],"about":[{"href":"https:\/\/www.vita-explorers.dk\/blog\/wp-json\/wp\/v2\/types\/post"}],"author":[{"embeddable":true,"href":"https:\/\/www.vita-explorers.dk\/blog\/wp-json\/wp\/v2\/users\/7"}],"replies":[{"embeddable":true,"href":"https:\/\/www.vita-explorers.dk\/blog\/wp-json\/wp\/v2\/comments?post=16942"}],"version-history":[{"count":10,"href":"https:\/\/www.vita-explorers.dk\/blog\/wp-json\/wp\/v2\/posts\/16942\/revisions"}],"predecessor-version":[{"id":21604,"href":"https:\/\/www.vita-explorers.dk\/blog\/wp-json\/wp\/v2\/posts\/16942\/revisions\/21604"}],"wp:featuredmedia":[{"embeddable":true,"href":"https:\/\/www.vita-explorers.dk\/blog\/wp-json\/wp\/v2\/media\/8530"}],"wp:attachment":[{"href":"https:\/\/www.vita-explorers.dk\/blog\/wp-json\/wp\/v2\/media?parent=16942"}],"wp:term":[{"taxonomy":"category","embeddable":true,"href":"https:\/\/www.vita-explorers.dk\/blog\/wp-json\/wp\/v2\/categories?post=16942"},{"taxonomy":"post_tag","embeddable":true,"href":"https:\/\/www.vita-explorers.dk\/blog\/wp-json\/wp\/v2\/tags?post=16942"}],"curies":[{"name":"wp","href":"https:\/\/api.w.org\/{rel}","templated":true}]}}