{"id":16967,"date":"2024-06-30T16:09:53","date_gmt":"2024-06-30T14:09:53","guid":{"rendered":"https:\/\/www.globalong.com\/blog\/?p=16967"},"modified":"2024-12-19T09:25:11","modified_gmt":"2024-12-19T08:25:11","slug":"hvordan-du-tager-afsted-paa-et-humanitaert-ophold-i-udlandet-2","status":"publish","type":"post","link":"https:\/\/www.vita-explorers.dk\/blog\/hvordan-du-tager-afsted-paa-et-humanitaert-ophold-i-udlandet-2\/","title":{"rendered":"S\u00e5dan tager du p\u00e5 et humanit\u00e6rt forl\u00f8b i udlandet"},"content":{"rendered":"<style>\n  body {<br \/>    font-family: Arial, sans-serif;<br \/>    line-height:1.6;<br \/>    color:#333;<br \/>    max-width:1200px;<br \/>    margin:auto;<br \/>    background:#f9f9f9;<br \/>    padding:20px;<br \/>  }<br \/>  h1,h2,h3 {<br \/>    font-weight:bold;<br \/>    margin-top:1.5em;<br \/>    line-height:1.2;<br \/>  }<br \/>  h1 {font-size:2em;}<br \/>  h2 {font-size:1.6em;}<br \/>  h3 {font-size:1.3em;}<br \/>  a {color:#0066cc; text-decoration:none;}<br \/>  a:hover {text-decoration:underline;}<br \/>  img {max-width:100%; height:auto;}<br \/>  nav.toc {<br \/>    background:#fff;<br \/>    border:1px solid #ddd;<br \/>    padding:20px;<br \/>    margin:20px 0;<br \/>  }<br \/>  nav.toc h2 {font-size:1.2em; margin-top:0;}<br \/>  ul {margin:1em 0; padding-left:20px;}<br \/>  .cta {<br \/>    background:#0066cc;<br \/>    color:#fff;<br \/>    padding:10px 20px;<br \/>    display:inline-block;<br \/>    margin:20px 0;<br \/>    text-decoration:none;<br \/>    font-weight:bold;<br \/>    border-radius:5px;<br \/>  }<br \/>  blockquote, aside {<br \/>    background:#eef;<br \/>    border-left:5px solid #66c;<br \/>    padding:10px;<br \/>    margin:20px 0;<br \/>  }<br \/>  .faq-section {background:#fff; border:1px solid #ddd; padding:20px; margin:40px 0;}<br \/><\/style>\n<p><script type=\"application\/ld+json\">\n{\n  \"@context\": \"https:\/\/schema.org\",\n  \"@type\": \"FAQPage\",\n  \"mainEntity\": [\n    {\n      \"@type\": \"Question\",\n      \"name\": \"Hvordan v\u00e6lger man den rigtige organisation til et humanit\u00e6rt ophold?\",\n      \"acceptedAnswer\": {\n        \"@type\": \"Answer\",\n        \"text\": \"For at v\u00e6lge den rigtige organisation b\u00f8r du se efter akt\u00f8rer, der er trov\u00e6rdige, transparente og i tr\u00e5d med dine v\u00e6rdier. L\u00e6s tidligere deltageres erfaringer, unders\u00f8g \u00e5benhed om \u00f8konomi, og se efter dokumentation for, at projekterne skaber reel v\u00e6rdi lokalt.\"\n      }\n    },\n    {\n      \"@type\": \"Question\",\n      \"name\": \"Hvilke kompetencer skal man have for at deltage i et humanit\u00e6rt forl\u00f8b?\",\n      \"acceptedAnswer\": {\n        \"@type\": \"Answer\",\n        \"text\": \"Kompetencekravene afh\u00e6nger af forl\u00f8bet. Nogle kr\u00e6ver sundhedsfaglige kvalifikationer, andre p\u00e6dagogiske, tekniske, projektledelse eller st\u00e6rke interkulturelle kompetencer. I nogle tilf\u00e6lde kan specifik tr\u00e6ning eller certificering v\u00e6re n\u00f8dvendig.\"\n      }\n    },\n    {\n      \"@type\": \"Question\",\n      \"name\": \"Hvordan kan man finansiere et humanit\u00e6rt ophold?\",\n      \"acceptedAnswer\": {\n        \"@type\": \"Answer\",\n        \"text\": \"Finansiering kan komme fra indsamlinger, donationer, sponsorater, legater eller crowdfunding. Unders\u00f8g om organisationen tilbyder st\u00f8tte, opret en online indsamling, og overvej at involvere netv\u00e6rk eller virksomheder for at reducere dine udgifter.\"\n      }\n    },\n    {\n      \"@type\": \"Question\",\n      \"name\": \"Hvilke udfordringer m\u00f8der man typisk i humanit\u00e6re forl\u00f8b?\",\n      \"acceptedAnswer\": {\n        \"@type\": \"Answer\",\n        \"text\": \"Deltagere kan m\u00f8de enkle levevilk\u00e5r, sprogbarrierer, kulturelle forskelle og f\u00f8lelsesm\u00e6ssigt kr\u00e6vende situationer. God mental, fysisk og interkulturel forberedelse er vigtig for at kunne h\u00e5ndtere udfordringerne ansvarligt.\"\n      }\n    },\n    {\n      \"@type\": \"Question\",\n      \"name\": \"Hvordan forbereder man sig til et humanit\u00e6rt forl\u00f8b i udlandet?\",\n      \"acceptedAnswer\": {\n        \"@type\": \"Answer\",\n        \"text\": \"Forberedelsen handler om at s\u00e6tte sig ind i organisationen og destinationen, visumregler, sundhed (vacciner), relevant tr\u00e6ning, logistisk planl\u00e6gning og mental forberedelse til kulturchok og nye rammer i hverdagen.\"\n      }\n    },\n    {\n      \"@type\": \"Question\",\n      \"name\": \"Hvad f\u00e5r man ud af et humanit\u00e6rt forl\u00f8b?\",\n      \"acceptedAnswer\": {\n        \"@type\": \"Answer\",\n        \"text\": \"Humanit\u00e6re forl\u00f8b kan give personlig udvikling, faglige kompetencer (fx projektarbejde, samarbejde og interkulturel forst\u00e5else), et internationalt netv\u00e6rk og en meningsfuld oplevelse af at bidrage til noget st\u00f8rre.\"\n      }\n    }\n  ]\n}\n<\/script><\/p>\n<article>\n<header>\n<h1>Hvordan kommer du p\u00e5 et humanit\u00e6rt ophold i udlandet i 2025 eller 2026?<\/h1>\n<p><em>Forfatter: VITA-teamet | Senest opdateret: december 2024<\/em><\/p>\n<p><iframe loading=\"lazy\" title=\"Projet de protection des tortues au Nicaragua avec l&#039;association Globalong\" width=\"500\" height=\"281\" src=\"https:\/\/www.youtube.com\/embed\/dHYl8HLVY4o?feature=oembed\" frameborder=\"0\" allow=\"accelerometer; autoplay; clipboard-write; encrypted-media; gyroscope; picture-in-picture; web-share\" referrerpolicy=\"strict-origin-when-cross-origin\" allowfullscreen><\/iframe><\/p>\n<p style=\"text-align: justify;\"><strong>Humanit\u00e6re ophold<\/strong> kan give en s\u00e6rlig mulighed for at bidrage i verden, samtidig med at du f\u00e5r en erfaring, der b\u00e5de er l\u00e6rerig og perspektiverende. Uanset om du er drevet af personlige eller faglige grunde, kan det at <strong>deltage i et humanit\u00e6rt forl\u00f8b i udlandet<\/strong> \u00e6ndre dit syn p\u00e5 f\u00e6llesskab, ansvarlige ophold og internationalt engagement. I denne artikel gennemg\u00e5r vi i dybden, <strong>hvordan du kan komme p\u00e5 et humanit\u00e6rt ophold i udlandet i 2025 eller 2026<\/strong> \u2013 fra valg af organisation og visum til finansiering, n\u00f8dvendige kompetencer, hverdagen under opholdet og overgangen hjem igen.<\/p>\n<\/header>\n<nav class=\"toc\">\n<h2>Indhold<\/h2>\n<ul>\n<li><a href=\"#definition\">Hvad er et humanit\u00e6rt ophold?<\/a><\/li>\n<li><a href=\"#importance\">Hvorfor er humanit\u00e6re ophold vigtige \u2013 og hvordan har de udviklet sig?<\/a><\/li>\n<li><a href=\"#pourquoi-comment\">Hvorfor og hvordan tager man p\u00e5 et humanit\u00e6rt ophold i udlandet?<\/a><\/li>\n<li><a href=\"#avantages-defis\">Fordele og udfordringer<\/a><\/li>\n<li><a href=\"#choix-ong\">S\u00e5dan v\u00e6lger du den rigtige organisation<\/a><\/li>\n<li><a href=\"#preparation\">Forberedelse til dit humanit\u00e6re ophold<\/a><\/li>\n<li><a href=\"#financement\">Finansiering af opholdet<\/a><\/li>\n<li><a href=\"#deroulement\">S\u00e5dan foreg\u00e5r opholdet p\u00e5 stedet<\/a><\/li>\n<li><a href=\"#types-missions\">Typer af humanit\u00e6re forl\u00f8b (sundhed, undervisning m.m.)<\/a><\/li>\n<li><a href=\"#temoignages\">Erfaringer og indblik fra deltagere<\/a><\/li>\n<li><a href=\"#retour-vie\">At vende hjem efter opholdet<\/a><\/li>\n<li><a href=\"#faq\">FAQ<\/a><\/li>\n<li><a href=\"#analyse-amelioration\">Evaluering og l\u00f8bende forbedring<\/a><\/li>\n<\/ul>\n<\/nav>\n<section id=\"definition\">\n<h2>Hvad er et humanit\u00e6rt ophold?<\/h2>\n<p style=\"text-align: justify;\">Et <strong>humanit\u00e6rt ophold<\/strong> er en organiseret indsats, der har til form\u00e5l at <strong>bidrage med st\u00f8tte, ressourcer og konkrete aktiviteter til mennesker i s\u00e5rbare situationer<\/strong>. Det kan fx handle om sundhed, undervisning, lokal udvikling eller akut hj\u00e6lp. M\u00e5let er at styrke levevilk\u00e5r og muligheder i lokalsamfund, der er p\u00e5virket af konflikter, naturkatastrofer eller socio\u00f8konomiske og sundhedsm\u00e6ssige kriser.<\/p>\n<\/section>\n<section id=\"importance\">\n<h2>Hvilken betydning har humanit\u00e6re ophold?<\/h2>\n<p style=\"text-align: justify;\"><strong>Humanit\u00e6re indsatser spiller en vigtig rolle<\/strong> i at st\u00f8tte mennesker i udsatte situationer. De kan afhj\u00e6lpe presserende behov, mindske belastning og underst\u00f8tte mere langsigtede l\u00f8sninger. Over tid har omr\u00e5det udviklet sig i takt med verdens udfordringer, med st\u00f8rre fokus p\u00e5 nye metoder, teknologi og samarbejde t\u00e6ttere p\u00e5 lokalsamfundene.<\/p>\n<p style=\"text-align: justify;\">I dag er der ofte mere opm\u00e6rksomhed p\u00e5 projektets b\u00e6redygtighed, lokalt ejerskab og kompetenceopbygning. Det \u00f8ger chancen for, at indsatsen skaber v\u00e6rdi p\u00e5 l\u00e6ngere sigt.<\/p>\n<p><img loading=\"lazy\" decoding=\"async\" class=\"aligncenter wp-image-19341 size-medium\" src=\"https:\/\/www.vita-explorers.dk\/blog\/wp-content\/uploads\/2024\/11\/15369900889_47340030c7-300x200.jpg\" alt=\"Webinar om humanit\u00e6re ophold\" width=\"300\" height=\"200\" srcset=\"https:\/\/www.vita-explorers.dk\/blog\/wp-content\/uploads\/2024\/11\/15369900889_47340030c7-300x200.jpg 300w, https:\/\/www.vita-explorers.dk\/blog\/wp-content\/uploads\/2024\/11\/15369900889_47340030c7.jpg 499w\" sizes=\"(max-width: 300px) 100vw, 300px\" \/><\/p>\n<\/section>\n<section id=\"pourquoi-comment\">\n<h2>Hvorfor og hvordan tager man p\u00e5 et humanit\u00e6rt ophold i udlandet?<\/h2>\n<h3 style=\"text-align: justify;\">Personlige og faglige motivationer<\/h3>\n<p style=\"text-align: justify;\">Der kan v\u00e6re mange grunde til at <strong>tage p\u00e5 et humanit\u00e6rt ophold<\/strong>: et \u00f8nske om at bidrage, nysgerrighed p\u00e5 verden, lysten til kulturudveksling og udvikling af kompetencer (fx projektarbejde, samarbejde og interkulturel forst\u00e5else). For mange handler det ogs\u00e5 om at skabe retning i det, man g\u00f8r, og engagere sig i internationalt arbejde p\u00e5 en ansvarlig m\u00e5de.<\/p>\n<\/section>\n<section id=\"avantages-defis\">\n<h2>Fordele ved humanit\u00e6re ophold i udlandet<\/h2>\n<p><strong>Du kan blandt andet f\u00e5:<\/strong><\/p>\n<ul>\n<li><strong>Udvikling af kompetencer:<\/strong> Samarbejde, teamarbejde, kommunikation p\u00e5 tv\u00e6rs af kulturer.<\/li>\n<li><strong>Personligt udbytte:<\/strong> Indblik i andre hverdagsliv, nye perspektiver og en oplevelse af mening.<\/li>\n<li><strong>Styrket profil:<\/strong> International erfaring og praktiske f\u00e6rdigheder, som mange arbejdsgivere v\u00e6rds\u00e6tter.<\/li>\n<\/ul>\n<h2>Udfordringer, du b\u00f8r v\u00e6re forberedt p\u00e5<\/h2>\n<p style=\"text-align: justify;\">Et <strong>humanit\u00e6rt ophold<\/strong> kan ogs\u00e5 indeb\u00e6re udfordringer: enkle levevilk\u00e5r, sprogbarrierer, kulturelle forskelle og situationer, der kan v\u00e6re f\u00f8lelsesm\u00e6ssigt kr\u00e6vende. God mental, fysisk og praktisk forberedelse g\u00f8r det lettere at navigere i hverdagen og bidrage p\u00e5 en ordentlig m\u00e5de.<\/p>\n<\/section>\n<section id=\"choix-ong\">\n<h2>S\u00e5dan v\u00e6lger du den rigtige organisation<\/h2>\n<h3><strong>Vigtige kriterier<\/strong><\/h3>\n<p style=\"text-align: justify;\">Dit <strong>valg af organisation<\/strong> er afg\u00f8rende. G\u00e5 efter akt\u00f8rer, der er <strong>trov\u00e6rdige og transparente<\/strong>, har erfaring og arbejder p\u00e5 en m\u00e5de, der passer til dine v\u00e6rdier. Se p\u00e5 deres baggrund, hvordan de f\u00f8lger op p\u00e5 aktiviteter, og hvad tidligere deltagere fort\u00e6ller. En seri\u00f8s organisation tilbyder tydelig information, relevant forberedelse og praktisk st\u00f8tte.<\/p>\n<h2>S\u00e5dan vurderer du kvalitet og ansvarlighed<\/h2>\n<p style=\"text-align: justify;\">Inden du forpligter dig, kan du med fordel tale med tidligere deltagere og f\u00e5 deres indtryk. En god organisation kendetegnes ofte ved klar struktur, ordentlig kommunikation, gennemsigtighed i \u00f8konomien og et fokus p\u00e5 l\u00f8sninger, der holder over tid.<\/p>\n<p><iframe loading=\"lazy\" title=\"Depuis une recherche sur Google jusqu&#039;aux rencontres sur le terrain...\" width=\"422\" height=\"750\" src=\"https:\/\/www.youtube.com\/embed\/pxgJbMqEHIE?feature=oembed\" frameborder=\"0\" allow=\"accelerometer; autoplay; clipboard-write; encrypted-media; gyroscope; picture-in-picture; web-share\" referrerpolicy=\"strict-origin-when-cross-origin\" allowfullscreen><\/iframe><\/p>\n<\/section>\n<section id=\"preparation\">\n<h2>Forberedelse til dit humanit\u00e6re ophold i udlandet<\/h2>\n<h3><strong>Trin i forberedelsen<\/strong><\/h3>\n<p style=\"text-align: justify;\">Forberedelsen begynder ofte flere m\u00e5neder f\u00f8r afrejse. S\u00e6t dig ind i omr\u00e5det, klimaet og de kulturelle rammer. Planl\u00e6g rejsen, book fly og eventuelt overnatning, og afstem forventninger med organisationen, s\u00e5 du kender din rolle og opgaverne p\u00e5 stedet.<\/p>\n<h2>N\u00f8dvendige kompetencer<\/h2>\n<p style=\"text-align: justify;\">Afh\u00e6ngigt af forl\u00f8bet kan der v\u00e6re behov for s\u00e6rlige kompetencer (sundhedsfaglige, undervisningsfaglige eller tekniske). Hvis det er relevant, kan du forberede dig med m\u00e5lrettet l\u00e6ring. For eksempel kr\u00e6ver <strong>sundhedsfaglige forl\u00f8b<\/strong> typisk uddannelse inden for medicin eller sygepleje. Andre forl\u00f8b kan kr\u00e6ve erfaring med undervisning, ingeni\u00f8rfag eller projektledelse.<\/p>\n<h2>Tr\u00e6ning og certificering<\/h2>\n<p style=\"text-align: justify;\">Mange organisationer anbefaler eller kr\u00e6ver tr\u00e6ning (fx f\u00f8rstehj\u00e6lp, kriseh\u00e5ndtering eller interkulturel kommunikation). Relevante kurser og certificeringer kan styrke din tryghed og g\u00f8re dig mere effektiv i praksis.<\/p>\n<h2>Visum, dokumenter og forsikring<\/h2>\n<p style=\"text-align: justify;\">Tjek indrejsekrav, visumregler og n\u00f8dvendige tilladelser samt <a href=\"https:\/\/www.vita-explorers.dk\/blog\/rejseforsikring-og-vacciner-paa-et-internationalt-forloeb\/\">rejseforsikring<\/a>. Start i god tid, da nogle processer kan tage tid. S\u00f8rg for at v\u00e6re d\u00e6kket ift. sygdom, ansvar, hjemtransport og akut hj\u00e6lp.<\/p>\n<h2>Vacciner og sundhed<\/h2>\n<p style=\"text-align: justify;\">Tal med en l\u00e6ge eller rejsemedicinsk klinik. F\u00e5 de vacciner, der kr\u00e6ves og anbefales for destinationen. Din sundhed er en foruds\u00e6tning for et godt og ansvarligt ophold, s\u00e5 planl\u00e6g det grundigt.<\/p>\n<p><img loading=\"lazy\" decoding=\"async\" class=\"aligncenter wp-image-19331 size-medium\" src=\"https:\/\/www.vita-explorers.dk\/blog\/wp-content\/uploads\/2024\/11\/35771816284_387dfb142d-300x179.jpg\" alt=\"Deltager p\u00e5 ophold i Marokko\" width=\"300\" height=\"179\" srcset=\"https:\/\/www.vita-explorers.dk\/blog\/wp-content\/uploads\/2024\/11\/35771816284_387dfb142d-300x179.jpg 300w, https:\/\/www.vita-explorers.dk\/blog\/wp-content\/uploads\/2024\/11\/35771816284_387dfb142d.jpg 500w\" sizes=\"(max-width: 300px) 100vw, 300px\" \/><\/p>\n<\/section>\n<section id=\"financement\">\n<h2>Hvordan finansierer du et humanit\u00e6rt ophold?<\/h2>\n<h3><strong>Hvad koster et humanit\u00e6rt ophold?<\/strong><\/h3>\n<p style=\"text-align: justify;\"><strong>At deltage i et humanit\u00e6rt ophold<\/strong> kan medf\u00f8re udgifter til transport, ophold, materialer og eventuelle kurser. Lav et realistisk <a href=\"https:\/\/www.vita-explorers.dk\/tarifs.html\" target=\"_blank\" rel=\"noopener\">budget<\/a> og unders\u00f8g, hvordan du kan reducere omkostningerne. Nogle forl\u00f8b kan v\u00e6re gratis eller mere \u00f8konomisk tilg\u00e6ngelige.<\/p>\n<h2>Muligheder for finansiering<\/h2>\n<p style=\"text-align: justify;\">Indsamlinger, donationer, sponsorater, legater og crowdfunding er blandt de mest brugte m\u00e5der at finansiere et ophold p\u00e5. Sp\u00f8rg i dit netv\u00e6rk, opret en online indsamling, eller kontakt relevante fonde. Tilskud og st\u00f8tteordninger kan ogs\u00e5 g\u00f8re det mere overskueligt.<\/p>\n<\/section>\n<section id=\"deroulement\">\n<h2>S\u00e5dan foreg\u00e5r opholdet p\u00e5 stedet<\/h2>\n<h3><strong>Modtagelse og introduktion<\/strong><\/h3>\n<p style=\"text-align: justify;\">N\u00e5r du ankommer, bliver du typisk taget imod af teamet p\u00e5 stedet. En introduktion hj\u00e6lper dig med at falde til, forst\u00e5 rammerne, aktiviteterne og eventuelle sikkerhedsprocedurer.<\/p>\n<h2>At tilpasse sig den lokale kultur<\/h2>\n<p style=\"text-align: justify;\">V\u00e6r nysgerrig p\u00e5 lokale normer, traditioner og hverdagsliv. Respekt, ydmyghed og aktiv lytning g\u00f8r samarbejdet lettere og er med til at opbygge tillid.<\/p>\n<h2>Praktik og logistik<\/h2>\n<p style=\"text-align: justify;\">Logistik kan handle om bolig, mad og transport. Organisationen guider ofte, men tydelig kommunikation er vigtig for at undg\u00e5 misforst\u00e5elser og uventede situationer.<\/p>\n<h2>Samarbejde med lokale teams<\/h2>\n<p style=\"text-align: justify;\">Arbejd t\u00e6t sammen med fagpersoner p\u00e5 stedet og respekter deres erfaring og viden. Det styrker b\u00e5de kvaliteten og muligheden for, at indsatserne kan forts\u00e6tte over tid.<\/p>\n<\/section>\n<section id=\"types-missions\">\n<h2>S\u00e6rlige typer af humanit\u00e6re forl\u00f8b<\/h2>\n<h3><strong>Sundhedsfaglige forl\u00f8b<\/strong><\/h3>\n<p style=\"text-align: justify;\"><a href=\"https:\/\/www.vita-explorers.dk\/frivilligt-arbejde\/senegal-frivilligt-arbejde-internationalt-ophold\/sygeplejepraktik-senegal-internationalt-forloeb-studerende-ifsi.html\"><strong>Sundhedsfaglige forl\u00f8b<\/strong><\/a> kan omfatte basale sundhedsydelser, forebyggelse, vaccinationsindsatser og st\u00f8tte til klinikker. Sundhedsprofessionelle spiller ofte en central rolle i den type aktiviteter.<\/p>\n<h3><strong>Undervisnings- og l\u00e6ringsforl\u00f8b<\/strong><\/h3>\n<p style=\"text-align: justify;\">Det kan handle om at styrke adgangen til undervisning, st\u00f8tte l\u00e6rere, bidrage til skoleaktiviteter eller hj\u00e6lpe b\u00f8rn med l\u00e6ring. Uddannelse er en vigtig n\u00f8gle til langsigtet udvikling og flere muligheder.<\/p>\n<h2>Lokalsamfund og udvikling<\/h2>\n<p style=\"text-align: justify;\">Her kan fokus v\u00e6re p\u00e5 at styrke lokale l\u00f8sninger \u2013 fx inden for infrastruktur, \u00f8konomi, landbrug eller mikrofinans. Form\u00e5let er at underst\u00f8tte robusthed og langsigtede forbedringer i hverdagen.<\/p>\n<h2>Akut indsats<\/h2>\n<p style=\"text-align: justify;\">Ved naturkatastrofer, konflikter eller epidemier kan akut indsats handle om hurtig st\u00f8tte som mad, vand, basal sundhedshj\u00e6lp og midlertidigt husly. Tempo og koordinering er afg\u00f8rende for at hj\u00e6lpe effektivt.<\/p>\n<\/section>\n<section id=\"temoignages\">\n<h2>Erfaringer og indblik fra deltagere<\/h2>\n<h3><strong>Oplevelser fra deltagere<\/strong><\/h3>\n<p style=\"text-align: justify;\"><a href=\"https:\/\/www.vita-explorers.dk\/frivilligt-arbejde\/frivilligt-arbejde-tanzania-internationale-forloeb.html\">Deltageres erfaringer<\/a> giver et konkret indblik i hverdagen og rammerne p\u00e5 stedet. De kan inspirere, forberede dig p\u00e5 udfordringer og vise, hvordan mange udvikler sig b\u00e5de personligt og fagligt gennem et ophold.<\/p>\n<div class=\"ti-widget ti-goog\" data-layout-id=\"4\" data-set-id=\"light-background\" data-pid=\"\" data-language=\"fr\" data-version=\"2\" data-review-target-width=\"300\" data-review-text-mode=\"readmore\" data-pager-autoplay-timeout=\"6\" > <div class=\"ti-widget-container ti-col-3\"> <div class=\"ti-reviews-container\"> <div class=\"ti-controls\"> <div class=\"ti-next\" aria-label=\"Avis suivante\" role=\"button\"><\/div> <div class=\"ti-prev\" aria-label=\"Avis pr\u00e9c\u00e9dent\" role=\"button\"><\/div> <\/div> <div class=\"ti-reviews-container-wrapper\">  <div data-empty=\"0\" class=\"ti-review-item source-Google ti-image-layout-thumbnail\" data-id=\"cfcd208495d565ef66e7dff9f98764da\" > <div class=\"ti-inner\"> <div class=\"ti-review-header\"> <div class=\"ti-profile-img\"> <img decoding=\"async\" src=\"https:\/\/lh3.googleusercontent.com\/a\/ACg8ocKpaoKe37CD0_POxO97KqB60GsWQRsIuG2vmCfXT-W_FY44vw=s120-c-rp-mo-br100\" srcset=\"https:\/\/lh3.googleusercontent.com\/a\/ACg8ocKpaoKe37CD0_POxO97KqB60GsWQRsIuG2vmCfXT-W_FY44vw=s120-c-rp-mo-br100 2x\" alt=\"Lucie Correia\" loading=\"lazy\" \/> <\/div> <div class=\"ti-profile-details\"> <div class=\"ti-name\"> Lucie Correia <\/div> <div class=\"ti-date\">2024-10-17<\/div> <\/div> <\/div> <span class=\"ti-stars\"><span class=\"ti-star f\"><\/span><span class=\"ti-star f\"><\/span><span class=\"ti-star f\"><\/span><span class=\"ti-star f\"><\/span><span class=\"ti-star f\"><\/span><\/span> <div class=\"ti-review-text-container ti-review-content\"><!-- R-CONTENT -->La communication avec Globalong est super, personnes tr\u00e8s pr\u00e9sentes pour les b\u00e9n\u00e9voles et \u00e9tudiants partant avec cette association. Elles r\u00e9pondent \u00e0 toutes nos questions et sont tr\u00e8s accessibles au t\u00e9l\u00e9phone.<!-- R-CONTENT --><\/div> <span class=\"ti-read-more\" data-container=\".ti-review-content\" data-collapse-text=\"Cacher\" data-open-text=\"Lire la suite\" ><\/span> <\/div> <\/div>  <div data-empty=\"0\" class=\"ti-review-item source-Google ti-image-layout-thumbnail\" data-id=\"cfcd208495d565ef66e7dff9f98764da\" > <div class=\"ti-inner\"> <div class=\"ti-review-header\"> <div class=\"ti-profile-img\"> <img decoding=\"async\" src=\"https:\/\/lh3.googleusercontent.com\/a-\/ALV-UjWqnnzM7-7c9BDqeTDF-a7pOgNjvLkJ3WshRd_Tn7z0Eu-AGQwo=s120-c-rp-mo-br100\" srcset=\"https:\/\/lh3.googleusercontent.com\/a-\/ALV-UjWqnnzM7-7c9BDqeTDF-a7pOgNjvLkJ3WshRd_Tn7z0Eu-AGQwo=s120-c-rp-mo-br100 2x\" alt=\"Ra\u00efssa Frisch\" loading=\"lazy\" \/> <\/div> <div class=\"ti-profile-details\"> <div class=\"ti-name\"> Ra\u00efssa Frisch <\/div> <div class=\"ti-date\">2024-10-14<\/div> <\/div> <\/div> <span class=\"ti-stars\"><span class=\"ti-star f\"><\/span><span class=\"ti-star f\"><\/span><span class=\"ti-star f\"><\/span><span class=\"ti-star f\"><\/span><span class=\"ti-star f\"><\/span><\/span> <div class=\"ti-review-text-container ti-review-content\"><!-- R-CONTENT -->J\u2019ai d\u00e9j\u00e0 eu l\u2019opportunit\u00e9 de r\u00e9aliser deux projets humanitaires avec l\u2019association Globalong. Je ne peux que la recommander, car j\u2019ai toujours b\u00e9n\u00e9fici\u00e9 d\u2019un excellent accompagnement, aussi bien avant que pendant le voyage. On ne vous laisse pas vous d\u00e9brouiller seuls, bien au contraire, vous \u00eates tr\u00e8s bien encadr\u00e9s pour accomplir toutes les d\u00e9marches dans les d\u00e9lais.\n\nAu-del\u00e0 du suivi, les exp\u00e9riences humanitaires propos\u00e9es par Globalong ne peuvent que transformer votre vie de mani\u00e8re positive. Elles vous apportent une richesse humaine inestimable.<!-- R-CONTENT --><\/div> <span class=\"ti-read-more\" data-container=\".ti-review-content\" data-collapse-text=\"Cacher\" data-open-text=\"Lire la suite\" ><\/span> <\/div> <\/div>  <div data-empty=\"0\" class=\"ti-review-item source-Google ti-image-layout-thumbnail\" data-id=\"cfcd208495d565ef66e7dff9f98764da\" > <div class=\"ti-inner\"> <div class=\"ti-review-header\"> <div class=\"ti-profile-img\"> <img decoding=\"async\" src=\"https:\/\/lh3.googleusercontent.com\/a\/ACg8ocJL-Dxv25YkXK2QwWPNRxTVqZCv5uTmDQDFg5qslKra3vRZew=s120-c-rp-mo-br100\" srcset=\"https:\/\/lh3.googleusercontent.com\/a\/ACg8ocJL-Dxv25YkXK2QwWPNRxTVqZCv5uTmDQDFg5qslKra3vRZew=s120-c-rp-mo-br100 2x\" alt=\"Tara Turan\" loading=\"lazy\" \/> <\/div> <div class=\"ti-profile-details\"> <div class=\"ti-name\"> Tara Turan <\/div> <div class=\"ti-date\">2024-10-14<\/div> <\/div> <\/div> <span class=\"ti-stars\"><span class=\"ti-star f\"><\/span><span class=\"ti-star f\"><\/span><span class=\"ti-star f\"><\/span><span class=\"ti-star f\"><\/span><span class=\"ti-star f\"><\/span><\/span> <div class=\"ti-review-text-container ti-review-content\"><!-- R-CONTENT -->Une des meilleures associations que j\u2019ai pu faire !\nUne organisation et un suivi vraiment parfait, c\u2019est avec grand plaisir que je referai un projet avec eux.<!-- R-CONTENT --><\/div> <span class=\"ti-read-more\" data-container=\".ti-review-content\" data-collapse-text=\"Cacher\" data-open-text=\"Lire la suite\" ><\/span> <\/div> <\/div>  <div data-empty=\"0\" class=\"ti-review-item source-Google ti-image-layout-thumbnail\" data-id=\"cfcd208495d565ef66e7dff9f98764da\" > <div class=\"ti-inner\"> <div class=\"ti-review-header\"> <div class=\"ti-profile-img\"> <img decoding=\"async\" src=\"https:\/\/lh3.googleusercontent.com\/a\/ACg8ocLctTPNovSk3eKM0b_MIPOfcFEQsz2135Cdu59_BWRVsIYC7Q=s120-c-rp-mo-br100\" srcset=\"https:\/\/lh3.googleusercontent.com\/a\/ACg8ocLctTPNovSk3eKM0b_MIPOfcFEQsz2135Cdu59_BWRVsIYC7Q=s120-c-rp-mo-br100 2x\" alt=\"Repiquet Julie\" loading=\"lazy\" \/> <\/div> <div class=\"ti-profile-details\"> <div class=\"ti-name\"> Repiquet Julie <\/div> <div class=\"ti-date\">2024-10-13<\/div> <\/div> <\/div> <span class=\"ti-stars\"><span class=\"ti-star f\"><\/span><span class=\"ti-star f\"><\/span><span class=\"ti-star f\"><\/span><span class=\"ti-star f\"><\/span><span class=\"ti-star f\"><\/span><\/span> <div class=\"ti-review-text-container ti-review-content\"><!-- R-CONTENT -->Tr\u00e8s bon accompagnement de la part de Globalong, du premier jour avec toutes mes interrogations, jusqu'au d\u00e9part dans quelques jours. Le dossier transmis apr\u00e8s validation de la mission est plus que complet, les webmaster tr\u00e8s int\u00e9ressantes et permettent de d\u00e9charger mentalement ce genre de pr\u00e9paration, tout est pr\u00e9vu il n'y a plus qu'\u00e0 suivre ! Merci \u00e0 Florence de r\u00e9pondre \u00e0 toutes mes questions avec gentillesse et bienveillance, cela m'a permis de passer le cap!\nMaintenant, il n'y a plus qu'\u00e0 \ud83d\ude00<!-- R-CONTENT --><\/div> <span class=\"ti-read-more\" data-container=\".ti-review-content\" data-collapse-text=\"Cacher\" data-open-text=\"Lire la suite\" ><\/span> <\/div> <\/div>  <div data-empty=\"0\" class=\"ti-review-item source-Google ti-image-layout-thumbnail\" data-id=\"cfcd208495d565ef66e7dff9f98764da\" > <div class=\"ti-inner\"> <div class=\"ti-review-header\"> <div class=\"ti-profile-img\"> <img decoding=\"async\" src=\"https:\/\/lh3.googleusercontent.com\/a\/ACg8ocJJTdmTWs8nAA0yuH_cKOUgzc6GFAkHBiXhpnnVYXaWMBZsHw=s120-c-rp-mo-br100\" srcset=\"https:\/\/lh3.googleusercontent.com\/a\/ACg8ocJJTdmTWs8nAA0yuH_cKOUgzc6GFAkHBiXhpnnVYXaWMBZsHw=s120-c-rp-mo-br100 2x\" alt=\"Marine Guilhamat\" loading=\"lazy\" \/> <\/div> <div class=\"ti-profile-details\"> <div class=\"ti-name\"> Marine Guilhamat <\/div> <div class=\"ti-date\">2024-10-09<\/div> <\/div> <\/div> <span class=\"ti-stars\"><span class=\"ti-star f\"><\/span><span class=\"ti-star f\"><\/span><span class=\"ti-star f\"><\/span><span class=\"ti-star f\"><\/span><span class=\"ti-star f\"><\/span><\/span> <div class=\"ti-review-text-container ti-review-content\"><!-- R-CONTENT -->Tr\u00e8s belle association qui offre un cadre super s\u00e9curisant et permet de s\u2019investir dans des projets qui ont du sens. Merci \u00e0 l\u2019\u00e9quipe Globalong pour votre disponibilit\u00e9, gentillesse et accompagnement !<!-- R-CONTENT --><\/div> <span class=\"ti-read-more\" data-container=\".ti-review-content\" data-collapse-text=\"Cacher\" data-open-text=\"Lire la suite\" ><\/span> <\/div> <\/div>  <div data-empty=\"0\" class=\"ti-review-item source-Google ti-image-layout-thumbnail\" data-id=\"cfcd208495d565ef66e7dff9f98764da\" > <div class=\"ti-inner\"> <div class=\"ti-review-header\"> <div class=\"ti-profile-img\"> <img decoding=\"async\" src=\"https:\/\/lh3.googleusercontent.com\/a\/ACg8ocIgITHXKo46qgJyPqlJeAcxz11gCKUJpGIk2qauiIe2O3iZ6w=s120-c-rp-mo-br100\" srcset=\"https:\/\/lh3.googleusercontent.com\/a\/ACg8ocIgITHXKo46qgJyPqlJeAcxz11gCKUJpGIk2qauiIe2O3iZ6w=s120-c-rp-mo-br100 2x\" alt=\"Laura Mercier\" loading=\"lazy\" \/> <\/div> <div class=\"ti-profile-details\"> <div class=\"ti-name\"> Laura Mercier <\/div> <div class=\"ti-date\">2024-10-08<\/div> <\/div> <\/div> <span class=\"ti-stars\"><span class=\"ti-star f\"><\/span><span class=\"ti-star f\"><\/span><span class=\"ti-star f\"><\/span><span class=\"ti-star f\"><\/span><span class=\"ti-star f\"><\/span><\/span> <div class=\"ti-review-text-container ti-review-content\"><!-- R-CONTENT -->Mon d\u00e9part approche, je pars dans une semaine, et depuis le d\u00e9but de mon inscription je suis tr\u00e8s satisfaite du suivi effectu\u00e9 par l\u2019association. Ils sont tr\u00e8s disponibles et r\u00e9pondent rapidement \u00e0 l\u2019ensemble des questions. Je suis tr\u00e8s contente de partir faire cette mission humanitaire encadr\u00e9e par cette association. Je recommande vraiment.<!-- R-CONTENT --><\/div> <span class=\"ti-read-more\" data-container=\".ti-review-content\" data-collapse-text=\"Cacher\" data-open-text=\"Lire la suite\" ><\/span> <\/div> <\/div>  <div data-empty=\"0\" class=\"ti-review-item source-Google ti-image-layout-thumbnail\" data-id=\"cfcd208495d565ef66e7dff9f98764da\" > <div class=\"ti-inner\"> <div class=\"ti-review-header\"> <div class=\"ti-profile-img\"> <img decoding=\"async\" src=\"https:\/\/lh3.googleusercontent.com\/a-\/ALV-UjVVr0YMQhXl8QNEEB32l-rnoaYwvRZUjIEX9OEwPE_1fQwzIyk=s120-c-rp-mo-br100\" srcset=\"https:\/\/lh3.googleusercontent.com\/a-\/ALV-UjVVr0YMQhXl8QNEEB32l-rnoaYwvRZUjIEX9OEwPE_1fQwzIyk=s120-c-rp-mo-br100 2x\" alt=\"Anouk Rzkt\" loading=\"lazy\" \/> <\/div> <div class=\"ti-profile-details\"> <div class=\"ti-name\"> Anouk Rzkt <\/div> <div class=\"ti-date\">2024-10-02<\/div> <\/div> <\/div> <span class=\"ti-stars\"><span class=\"ti-star f\"><\/span><span class=\"ti-star f\"><\/span><span class=\"ti-star f\"><\/span><span class=\"ti-star f\"><\/span><span class=\"ti-star f\"><\/span><\/span> <div class=\"ti-review-text-container ti-review-content\"><!-- R-CONTENT -->Globalong est l'association parfaite. L'\u00e9quipe offre un v\u00e9ritable accompagnement rythm\u00e9 par beaucoup de conseils et d'\u00e9coute. Le site est tr\u00e8s bien fait avec des dossiers complets allant des sujets tr\u00e8s pratiques a d'autres plus th\u00e9oriques (tels que le choc culturel par exemple). Je recommande vivement et remercie sinc\u00e8rement toute l'\u00e9quipe pour leur gentillesse et investissement !<!-- R-CONTENT --><\/div> <span class=\"ti-read-more\" data-container=\".ti-review-content\" data-collapse-text=\"Cacher\" data-open-text=\"Lire la suite\" ><\/span> <\/div> <\/div>  <\/div> <div class=\"ti-controls-line\"> <div class=\"dot\"><\/div> <\/div> <\/div> <div class=\"ti-footer\"> <div class=\"ti-rating-text\"> <span class=\"nowrap\">\u00c9valuation <strong>Google<\/strong> : <\/span><span class=\"nowrap\"><strong>4.8<\/strong> sur 5, <\/span><span class=\"nowrap\">Bas\u00e9e sur <strong>240 avis<\/strong><\/span> <\/div> <\/div>  <\/div> <\/div> \n<h3><strong>Hvilken effekt skaber humanit\u00e6re indsatser?<\/strong><\/h3>\n<p style=\"text-align: justify;\"><strong>Humanit\u00e6re indsatser kan skabe reel og varig v\u00e6rdi<\/strong> for de mennesker og lokalsamfund, de retter sig mod. Data, cases og evalueringer er vigtige for at forst\u00e5, hvad der virker, og hvordan indsatser kan forbedres over tid.<\/p>\n<\/section>\n<section id=\"retour-vie\">\n<h2>At vende hjem til hverdagen efter et humanit\u00e6rt ophold<\/h2>\n<p style=\"text-align: justify;\">Efter et ophold kan hjemkomsten ogs\u00e5 v\u00e6re en omstilling. Kulturchok i omvendt retning, \u00e6ndrede perspektiver og et behov for at finde mening i hverdagen er almindeligt. Del dine erfaringer, engag\u00e9r dig lokalt, og hold kontakt med organisationen og de mennesker, du har m\u00f8dt. Din oplevelse kan ogs\u00e5 inspirere andre til at overveje et <strong>humanit\u00e6rt ophold i udlandet<\/strong>.<\/p>\n<p style=\"text-align: justify;\"><strong>At tage p\u00e5 et humanit\u00e6rt ophold i udlandet i 2025 eller 2026<\/strong> kan v\u00e6re et meningsfuldt valg \u2013 b\u00e5de personligt og fagligt. Med god forberedelse, et gennemt\u00e6nkt valg af organisation, styr p\u00e5 finansiering og sundhed samt realistiske forventninger, st\u00e5r du st\u00e6rkere i dit bidrag undervejs.<\/p>\n<p style=\"text-align: justify;\">Kom gerne i gang i god tid med at <strong>planl\u00e6gge dit humanit\u00e6re ophold<\/strong>. Et ansvarligt engagement kan g\u00f8re en forskel \u2013 ogs\u00e5 for din egen forst\u00e5else af verden.<\/p>\n<aside><strong>Vil du vide mere om VITA Institute?<\/strong><\/p>\n<p style=\"text-align: center;\">F\u00f8lg os p\u00e5 <a href=\"https:\/\/www.instagram.com\/globalongofficiel\/\" target=\"_blank\" rel=\"noopener\">Instagram<\/a>, <a href=\"https:\/\/www.tiktok.com\/@globalong\" target=\"_blank\" rel=\"noopener\">TikTok<\/a>, <a href=\"https:\/\/www.facebook.com\/globalong\" target=\"_blank\" rel=\"noopener\">Facebook<\/a>, <a href=\"https:\/\/www.linkedin.com\/company\/5113177\/admin\/feed\/posts\/\" target=\"_blank\" rel=\"noopener\">LinkedIn<\/a> og <a href=\"https:\/\/www.youtube.com\/c\/globalong\/videos\" target=\"_blank\" rel=\"noopener\">YouTube<\/a>!<\/p>\n<\/aside>\n<section id=\"faq\">\n<h2>FAQ<\/h2>\n<p><img loading=\"lazy\" decoding=\"async\" class=\"aligncenter wp-image-17730 size-medium\" src=\"https:\/\/www.vita-explorers.dk\/blog\/wp-content\/uploads\/2024\/10\/2027d9a0-6ed7-4932-8751-aefb22e0d6af-300x171.webp\" alt=\"FAQ om praktikophold i udlandet\" width=\"300\" height=\"171\" srcset=\"https:\/\/www.vita-explorers.dk\/blog\/wp-content\/uploads\/2024\/10\/2027d9a0-6ed7-4932-8751-aefb22e0d6af-300x171.webp 300w, https:\/\/www.vita-explorers.dk\/blog\/wp-content\/uploads\/2024\/10\/2027d9a0-6ed7-4932-8751-aefb22e0d6af-1024x585.webp 1024w, https:\/\/www.vita-explorers.dk\/blog\/wp-content\/uploads\/2024\/10\/2027d9a0-6ed7-4932-8751-aefb22e0d6af-768x439.webp 768w, https:\/\/www.vita-explorers.dk\/blog\/wp-content\/uploads\/2024\/10\/2027d9a0-6ed7-4932-8751-aefb22e0d6af-1536x878.webp 1536w, https:\/\/www.vita-explorers.dk\/blog\/wp-content\/uploads\/2024\/10\/2027d9a0-6ed7-4932-8751-aefb22e0d6af.webp 1792w\" sizes=\"(max-width: 300px) 100vw, 300px\" \/><\/p>\n<p><!-- FAQ'en er allerede integreret via JSON-LD i head --><\/p>\n<div class=\"faq-section\">\n<h3><strong>Hvordan v\u00e6lger man den rigtige organisation til et humanit\u00e6rt ophold?<\/strong><\/h3>\n<p>Se efter trov\u00e6rdige organisationer, <a href=\"https:\/\/www.vita-explorers.dk\/blog\/avis-globalong\/\" target=\"_blank\" rel=\"noopener\">l\u00e6s erfaringer<\/a>, og vurder gennemsigtighed, kvalitet og om det matcher dine v\u00e6rdier.<\/p>\n<h3><strong>Hvilke kompetencer er n\u00f8dvendige?<\/strong><\/h3>\n<p>Det afh\u00e6nger af forl\u00f8bet: sundhed, undervisning, tekniske opgaver eller interkulturelle kompetencer. Kurser og certificeringer kan v\u00e6re relevante.<\/p>\n<h3><strong>Hvordan finansierer man sit ophold?<\/strong><\/h3>\n<p>Indsamlinger, donationer, sponsorater, legater og crowdfunding. Brug gerne flere kilder til at d\u00e6kke udgifterne.<\/p>\n<h3><strong>Konklusion: s\u00e5dan kommer du p\u00e5 et humanit\u00e6rt ophold i udlandet<\/strong><\/h3>\n<p style=\"text-align: justify;\">At tage p\u00e5 et humanit\u00e6rt ophold i udlandet i 2025 eller 2026 kan v\u00e6re et meningsfuldt engagement \u2013 b\u00e5de personligt og fagligt. Ved at v\u00e6lge en trov\u00e6rdig organisation, forberede dig grundigt (kompetencer, vacciner og visum), t\u00e6nke strategisk om finansiering (indsamlinger og legater) og m\u00f8de hverdagen p\u00e5 stedet med respekt for kulturelle rammer, \u00f8ger du chancen for et godt og ansvarligt ophold. Ud over den konkrete st\u00f8tte kan erfaringen give dig nye perspektiver, styrke dit CV og \u00e5bne d\u00f8re til internationale sammenh\u00e6nge.<\/p>\n<p style=\"text-align: justify;\"><strong>Din tur.<\/strong> G\u00e5 i gang med planl\u00e6gningen allerede nu og v\u00e6lg et ophold, der bygger p\u00e5 respekt og ansvarlighed. Hvis du \u00f8nsker personlig sparring, praktiske r\u00e5d eller vil l\u00e6se flere erfaringer fra deltagere, er du velkommen til at <strong><a target=\"_new\" rel=\"noopener\">kontakte VITA<\/a><\/strong> og f\u00f8lge med p\u00e5 vores sociale medier. Dit engagement kan g\u00f8re en reel forskel.<\/p>\n<p style=\"text-align: center;\"><strong>Vil du vide mere om VITA Institute og vores community, s\u00e5 find os p\u00e5 <a href=\"https:\/\/www.instagram.com\/globalongofficiel\/\"><span class=\"s2\">Instagram<\/span><\/a>, <a href=\"https:\/\/www.facebook.com\/globalong\"><span class=\"s2\">Facebook<\/span><\/a>, <a href=\"https:\/\/www.linkedin.com\/company\/5113177\/admin\/feed\/posts\/\"><span class=\"s2\">LinkedIn<\/span><\/a> og <a href=\"https:\/\/www.youtube.com\/c\/globalong\/videos\"><span class=\"s2\">YouTube<\/span><\/a>!<\/strong><\/p>\n<\/div>\n<\/section>\n<\/section>\n<\/article>\n","protected":false},"excerpt":{"rendered":"<p>Hvordan kommer du p\u00e5 et humanit\u00e6rt ophold i udlandet i 2025 eller 2026? Forfatter: VITA-teamet | Senest opdateret: december 2024 Humanit\u00e6re ophold kan give\u2026<\/p>\n","protected":false},"author":7,"featured_media":12018,"comment_status":"open","ping_status":"open","sticky":false,"template":"","format":"standard","meta":{"footnotes":""},"categories":[8,6,472,4],"tags":[],"yoast_head":"<!-- This site is optimized with the Yoast SEO Premium plugin v23.4 (Yoast SEO v23.4) - https:\/\/yoast.com\/wordpress\/plugins\/seo\/ -->\n<title>S\u00e5dan tager du afsted p\u00e5 et humanit\u00e6rt forl\u00f8b i udlandet: Den komplette guide<\/title>\n<meta name=\"description\" content=\"Comment partir en mission humanitaire \u00e0 l&#039;\u00e9tranger : \u00e9tapes cl\u00e9s, conseils pratiques et choix d&#039;organisations pour 2025,2026 et 2027\" \/>\n<meta name=\"robots\" content=\"index, follow, max-snippet:-1, max-image-preview:large, max-video-preview:-1\" \/>\n<link rel=\"canonical\" href=\"https:\/\/www.vita-explorers.dk\/blog\/hvordan-du-tager-afsted-paa-et-humanitaert-ophold-i-udlandet-2\/\" \/>\n<meta property=\"og:locale\" content=\"da_DK\" \/>\n<meta property=\"og:type\" content=\"article\" \/>\n<meta property=\"og:title\" content=\"Comment partir en mission humanitaire \u00e0 l&#039;\u00e9tranger en 2025 ?\" \/>\n<meta property=\"og:description\" content=\"D\u00e9couvrez comment partir en mission humanitaire \u00e0 l&#039;\u00e9tranger en 2025\" \/>\n<meta property=\"og:url\" content=\"https:\/\/www.vita-explorers.dk\/blog\/hvordan-du-tager-afsted-paa-et-humanitaert-ophold-i-udlandet-2\/\" \/>\n<meta property=\"og:site_name\" content=\"VITA Explorers Blog\" \/>\n<meta property=\"article:publisher\" content=\"https:\/\/www.facebook.com\/globalong\" \/>\n<meta property=\"article:published_time\" content=\"2024-06-30T14:09:53+00:00\" \/>\n<meta property=\"article:modified_time\" content=\"2024-12-19T08:25:11+00:00\" \/>\n<meta property=\"og:image\" content=\"https:\/\/www.vita-explorers.dk\/blog\/wp-content\/uploads\/2018\/12\/DSCN1591-min-1.jpg\" \/>\n\t<meta property=\"og:image:width\" content=\"640\" \/>\n\t<meta property=\"og:image:height\" content=\"480\" \/>\n\t<meta property=\"og:image:type\" content=\"image\/jpeg\" \/>\n<meta name=\"author\" content=\"VITA Tribe\" \/>\n<meta name=\"twitter:card\" content=\"summary_large_image\" \/>\n<meta name=\"twitter:title\" content=\"S\u00e5dan tager du p\u00e5 et humanit\u00e6rt forl\u00f8b i udlandet\" \/>\n<meta name=\"twitter:label1\" content=\"Skrevet af\" \/>\n\t<meta name=\"twitter:data1\" content=\"VITA Tribe\" \/>\n\t<meta name=\"twitter:label2\" content=\"Estimeret l\u00e6setid\" \/>\n\t<meta name=\"twitter:data2\" content=\"9 minutter\" \/>\n<script type=\"application\/ld+json\" class=\"yoast-schema-graph\">{\"@context\":\"https:\/\/schema.org\",\"@graph\":[{\"@type\":\"Article\",\"@id\":\"https:\/\/www.vita-explorers.dk\/blog\/hvordan-du-tager-afsted-paa-et-humanitaert-ophold-i-udlandet-2\/#article\",\"isPartOf\":{\"@id\":\"https:\/\/www.vita-explorers.dk\/blog\/hvordan-du-tager-afsted-paa-et-humanitaert-ophold-i-udlandet-2\/\"},\"author\":{\"name\":\"VITA Tribe\",\"@id\":\"https:\/\/www.vita-explorers.dk\/blog\/#\/schema\/person\/fc0343a2f2db2ebb2793c1f62dbe73f0\"},\"headline\":\"S\u00e5dan tager du p\u00e5 et humanit\u00e6rt forl\u00f8b i udlandet\",\"datePublished\":\"2024-06-30T14:09:53+00:00\",\"dateModified\":\"2024-12-19T08:25:11+00:00\",\"mainEntityOfPage\":{\"@id\":\"https:\/\/www.vita-explorers.dk\/blog\/hvordan-du-tager-afsted-paa-et-humanitaert-ophold-i-udlandet-2\/\"},\"wordCount\":1811,\"commentCount\":0,\"publisher\":{\"@id\":\"https:\/\/www.vita-explorers.dk\/blog\/#organization\"},\"image\":{\"@id\":\"https:\/\/www.vita-explorers.dk\/blog\/hvordan-du-tager-afsted-paa-et-humanitaert-ophold-i-udlandet-2\/#primaryimage\"},\"thumbnailUrl\":\"https:\/\/www.vita-explorers.dk\/blog\/wp-content\/uploads\/2018\/12\/DSCN1591-min-1.jpg\",\"articleSection\":[\"Humanit\u00e6rt frivilligt arbejde\",\"Nyheder\",\"Oplysning\",\"VITA Explorers\"],\"inLanguage\":\"da-DK\",\"potentialAction\":[{\"@type\":\"CommentAction\",\"name\":\"Comment\",\"target\":[\"https:\/\/www.vita-explorers.dk\/blog\/hvordan-du-tager-afsted-paa-et-humanitaert-ophold-i-udlandet-2\/#respond\"]}]},{\"@type\":\"WebPage\",\"@id\":\"https:\/\/www.vita-explorers.dk\/blog\/hvordan-du-tager-afsted-paa-et-humanitaert-ophold-i-udlandet-2\/\",\"url\":\"https:\/\/www.vita-explorers.dk\/blog\/hvordan-du-tager-afsted-paa-et-humanitaert-ophold-i-udlandet-2\/\",\"name\":\"S\u00e5dan tager du afsted p\u00e5 et humanit\u00e6rt forl\u00f8b i udlandet: Den komplette guide\",\"isPartOf\":{\"@id\":\"https:\/\/www.vita-explorers.dk\/blog\/#website\"},\"primaryImageOfPage\":{\"@id\":\"https:\/\/www.vita-explorers.dk\/blog\/hvordan-du-tager-afsted-paa-et-humanitaert-ophold-i-udlandet-2\/#primaryimage\"},\"image\":{\"@id\":\"https:\/\/www.vita-explorers.dk\/blog\/hvordan-du-tager-afsted-paa-et-humanitaert-ophold-i-udlandet-2\/#primaryimage\"},\"thumbnailUrl\":\"https:\/\/www.vita-explorers.dk\/blog\/wp-content\/uploads\/2018\/12\/DSCN1591-min-1.jpg\",\"datePublished\":\"2024-06-30T14:09:53+00:00\",\"dateModified\":\"2024-12-19T08:25:11+00:00\",\"description\":\"Comment partir en mission humanitaire \u00e0 l'\u00e9tranger : \u00e9tapes cl\u00e9s, conseils pratiques et choix d'organisations pour 2025,2026 et 2027\",\"breadcrumb\":{\"@id\":\"https:\/\/www.vita-explorers.dk\/blog\/hvordan-du-tager-afsted-paa-et-humanitaert-ophold-i-udlandet-2\/#breadcrumb\"},\"inLanguage\":\"da-DK\",\"potentialAction\":[{\"@type\":\"ReadAction\",\"target\":[\"https:\/\/www.vita-explorers.dk\/blog\/hvordan-du-tager-afsted-paa-et-humanitaert-ophold-i-udlandet-2\/\"]}]},{\"@type\":\"ImageObject\",\"inLanguage\":\"da-DK\",\"@id\":\"https:\/\/www.vita-explorers.dk\/blog\/hvordan-du-tager-afsted-paa-et-humanitaert-ophold-i-udlandet-2\/#primaryimage\",\"url\":\"https:\/\/www.vita-explorers.dk\/blog\/wp-content\/uploads\/2018\/12\/DSCN1591-min-1.jpg\",\"contentUrl\":\"https:\/\/www.vita-explorers.dk\/blog\/wp-content\/uploads\/2018\/12\/DSCN1591-min-1.jpg\",\"width\":640,\"height\":480,\"caption\":\"Comment partir en mission humanitaire \u00e0 l'\u00e9tranger\"},{\"@type\":\"BreadcrumbList\",\"@id\":\"https:\/\/www.vita-explorers.dk\/blog\/hvordan-du-tager-afsted-paa-et-humanitaert-ophold-i-udlandet-2\/#breadcrumb\",\"itemListElement\":[{\"@type\":\"ListItem\",\"position\":1,\"name\":\"Accueil\",\"item\":\"https:\/\/www.vita-explorers.dk\/blog\/\"},{\"@type\":\"ListItem\",\"position\":2,\"name\":\"S\u00e5dan tager du p\u00e5 et humanit\u00e6rt forl\u00f8b i udlandet\"}]},{\"@type\":\"WebSite\",\"@id\":\"https:\/\/www.vita-explorers.dk\/blog\/#website\",\"url\":\"https:\/\/www.vita-explorers.dk\/blog\/\",\"name\":\"Association Globalong\",\"description\":\"Frivilligt arbejde, sprogophold, praktik i udlandet og internationale oplevelser\",\"publisher\":{\"@id\":\"https:\/\/www.vita-explorers.dk\/blog\/#organization\"},\"potentialAction\":[{\"@type\":\"SearchAction\",\"target\":{\"@type\":\"EntryPoint\",\"urlTemplate\":\"https:\/\/www.vita-explorers.dk\/blog\/?s={search_term_string}\"},\"query-input\":{\"@type\":\"PropertyValueSpecification\",\"valueRequired\":true,\"valueName\":\"search_term_string\"}}],\"inLanguage\":\"da-DK\"},{\"@type\":\"Organization\",\"@id\":\"https:\/\/www.vita-explorers.dk\/blog\/#organization\",\"name\":\"Association Globalong\",\"url\":\"https:\/\/www.vita-explorers.dk\/blog\/\",\"logo\":{\"@type\":\"ImageObject\",\"inLanguage\":\"da-DK\",\"@id\":\"https:\/\/www.vita-explorers.dk\/blog\/#\/schema\/logo\/image\/\",\"url\":\"https:\/\/www.globalong.com\/blog\/wp-content\/uploads\/2014\/11\/cropped-cropped-Logo-et-Afrique-Globalong-petite-taille-2.jpg\",\"contentUrl\":\"https:\/\/www.globalong.com\/blog\/wp-content\/uploads\/2014\/11\/cropped-cropped-Logo-et-Afrique-Globalong-petite-taille-2.jpg\",\"width\":512,\"height\":512,\"caption\":\"Association Globalong\"},\"image\":{\"@id\":\"https:\/\/www.vita-explorers.dk\/blog\/#\/schema\/logo\/image\/\"},\"sameAs\":[\"https:\/\/www.facebook.com\/globalong\"]},{\"@type\":\"Person\",\"@id\":\"https:\/\/www.vita-explorers.dk\/blog\/#\/schema\/person\/fc0343a2f2db2ebb2793c1f62dbe73f0\",\"name\":\"VITA Tribe\",\"image\":{\"@type\":\"ImageObject\",\"inLanguage\":\"da-DK\",\"@id\":\"https:\/\/www.vita-explorers.dk\/blog\/#\/schema\/person\/image\/\",\"url\":\"https:\/\/secure.gravatar.com\/avatar\/f7f05026bb439d0c96b30e135e5f852c?s=96&d=mm&r=g\",\"contentUrl\":\"https:\/\/secure.gravatar.com\/avatar\/f7f05026bb439d0c96b30e135e5f852c?s=96&d=mm&r=g\",\"caption\":\"VITA Tribe\"},\"sameAs\":[\"http:\/\/www.globalong.com\"],\"url\":\"https:\/\/www.vita-explorers.dk\/blog\/author\/teamglobalong\/\"}]}<\/script>\n<!-- \/ Yoast SEO Premium plugin. -->","yoast_head_json":{"title":"S\u00e5dan tager du afsted p\u00e5 et humanit\u00e6rt forl\u00f8b i udlandet: Den komplette guide","description":"Comment partir en mission humanitaire \u00e0 l'\u00e9tranger : \u00e9tapes cl\u00e9s, conseils pratiques et choix d'organisations pour 2025,2026 et 2027","robots":{"index":"index","follow":"follow","max-snippet":"max-snippet:-1","max-image-preview":"max-image-preview:large","max-video-preview":"max-video-preview:-1"},"canonical":"https:\/\/www.vita-explorers.dk\/blog\/hvordan-du-tager-afsted-paa-et-humanitaert-ophold-i-udlandet-2\/","og_locale":"da_DK","og_type":"article","og_title":"Comment partir en mission humanitaire \u00e0 l'\u00e9tranger en 2025 ?","og_description":"D\u00e9couvrez comment partir en mission humanitaire \u00e0 l'\u00e9tranger en 2025","og_url":"https:\/\/www.vita-explorers.dk\/blog\/hvordan-du-tager-afsted-paa-et-humanitaert-ophold-i-udlandet-2\/","og_site_name":"VITA Explorers Blog","article_publisher":"https:\/\/www.facebook.com\/globalong","article_published_time":"2024-06-30T14:09:53+00:00","article_modified_time":"2024-12-19T08:25:11+00:00","og_image":[{"width":640,"height":480,"url":"https:\/\/www.vita-explorers.dk\/blog\/wp-content\/uploads\/2018\/12\/DSCN1591-min-1.jpg","type":"image\/jpeg"}],"author":"VITA Tribe","twitter_card":"summary_large_image","twitter_title":"S\u00e5dan tager du p\u00e5 et humanit\u00e6rt forl\u00f8b i udlandet","twitter_misc":{"Skrevet af":"VITA Tribe","Estimeret l\u00e6setid":"9 minutter"},"schema":{"@context":"https:\/\/schema.org","@graph":[{"@type":"Article","@id":"https:\/\/www.vita-explorers.dk\/blog\/hvordan-du-tager-afsted-paa-et-humanitaert-ophold-i-udlandet-2\/#article","isPartOf":{"@id":"https:\/\/www.vita-explorers.dk\/blog\/hvordan-du-tager-afsted-paa-et-humanitaert-ophold-i-udlandet-2\/"},"author":{"name":"VITA Tribe","@id":"https:\/\/www.vita-explorers.dk\/blog\/#\/schema\/person\/fc0343a2f2db2ebb2793c1f62dbe73f0"},"headline":"S\u00e5dan tager du p\u00e5 et humanit\u00e6rt forl\u00f8b i udlandet","datePublished":"2024-06-30T14:09:53+00:00","dateModified":"2024-12-19T08:25:11+00:00","mainEntityOfPage":{"@id":"https:\/\/www.vita-explorers.dk\/blog\/hvordan-du-tager-afsted-paa-et-humanitaert-ophold-i-udlandet-2\/"},"wordCount":1811,"commentCount":0,"publisher":{"@id":"https:\/\/www.vita-explorers.dk\/blog\/#organization"},"image":{"@id":"https:\/\/www.vita-explorers.dk\/blog\/hvordan-du-tager-afsted-paa-et-humanitaert-ophold-i-udlandet-2\/#primaryimage"},"thumbnailUrl":"https:\/\/www.vita-explorers.dk\/blog\/wp-content\/uploads\/2018\/12\/DSCN1591-min-1.jpg","articleSection":["Humanit\u00e6rt frivilligt arbejde","Nyheder","Oplysning","VITA Explorers"],"inLanguage":"da-DK","potentialAction":[{"@type":"CommentAction","name":"Comment","target":["https:\/\/www.vita-explorers.dk\/blog\/hvordan-du-tager-afsted-paa-et-humanitaert-ophold-i-udlandet-2\/#respond"]}]},{"@type":"WebPage","@id":"https:\/\/www.vita-explorers.dk\/blog\/hvordan-du-tager-afsted-paa-et-humanitaert-ophold-i-udlandet-2\/","url":"https:\/\/www.vita-explorers.dk\/blog\/hvordan-du-tager-afsted-paa-et-humanitaert-ophold-i-udlandet-2\/","name":"S\u00e5dan tager du afsted p\u00e5 et humanit\u00e6rt forl\u00f8b i udlandet: Den komplette guide","isPartOf":{"@id":"https:\/\/www.vita-explorers.dk\/blog\/#website"},"primaryImageOfPage":{"@id":"https:\/\/www.vita-explorers.dk\/blog\/hvordan-du-tager-afsted-paa-et-humanitaert-ophold-i-udlandet-2\/#primaryimage"},"image":{"@id":"https:\/\/www.vita-explorers.dk\/blog\/hvordan-du-tager-afsted-paa-et-humanitaert-ophold-i-udlandet-2\/#primaryimage"},"thumbnailUrl":"https:\/\/www.vita-explorers.dk\/blog\/wp-content\/uploads\/2018\/12\/DSCN1591-min-1.jpg","datePublished":"2024-06-30T14:09:53+00:00","dateModified":"2024-12-19T08:25:11+00:00","description":"Comment partir en mission humanitaire \u00e0 l'\u00e9tranger : \u00e9tapes cl\u00e9s, conseils pratiques et choix d'organisations pour 2025,2026 et 2027","breadcrumb":{"@id":"https:\/\/www.vita-explorers.dk\/blog\/hvordan-du-tager-afsted-paa-et-humanitaert-ophold-i-udlandet-2\/#breadcrumb"},"inLanguage":"da-DK","potentialAction":[{"@type":"ReadAction","target":["https:\/\/www.vita-explorers.dk\/blog\/hvordan-du-tager-afsted-paa-et-humanitaert-ophold-i-udlandet-2\/"]}]},{"@type":"ImageObject","inLanguage":"da-DK","@id":"https:\/\/www.vita-explorers.dk\/blog\/hvordan-du-tager-afsted-paa-et-humanitaert-ophold-i-udlandet-2\/#primaryimage","url":"https:\/\/www.vita-explorers.dk\/blog\/wp-content\/uploads\/2018\/12\/DSCN1591-min-1.jpg","contentUrl":"https:\/\/www.vita-explorers.dk\/blog\/wp-content\/uploads\/2018\/12\/DSCN1591-min-1.jpg","width":640,"height":480,"caption":"Comment partir en mission humanitaire \u00e0 l'\u00e9tranger"},{"@type":"BreadcrumbList","@id":"https:\/\/www.vita-explorers.dk\/blog\/hvordan-du-tager-afsted-paa-et-humanitaert-ophold-i-udlandet-2\/#breadcrumb","itemListElement":[{"@type":"ListItem","position":1,"name":"Accueil","item":"https:\/\/www.vita-explorers.dk\/blog\/"},{"@type":"ListItem","position":2,"name":"S\u00e5dan tager du p\u00e5 et humanit\u00e6rt forl\u00f8b i udlandet"}]},{"@type":"WebSite","@id":"https:\/\/www.vita-explorers.dk\/blog\/#website","url":"https:\/\/www.vita-explorers.dk\/blog\/","name":"Association Globalong","description":"Frivilligt arbejde, sprogophold, praktik i udlandet og internationale oplevelser","publisher":{"@id":"https:\/\/www.vita-explorers.dk\/blog\/#organization"},"potentialAction":[{"@type":"SearchAction","target":{"@type":"EntryPoint","urlTemplate":"https:\/\/www.vita-explorers.dk\/blog\/?s={search_term_string}"},"query-input":{"@type":"PropertyValueSpecification","valueRequired":true,"valueName":"search_term_string"}}],"inLanguage":"da-DK"},{"@type":"Organization","@id":"https:\/\/www.vita-explorers.dk\/blog\/#organization","name":"Association Globalong","url":"https:\/\/www.vita-explorers.dk\/blog\/","logo":{"@type":"ImageObject","inLanguage":"da-DK","@id":"https:\/\/www.vita-explorers.dk\/blog\/#\/schema\/logo\/image\/","url":"https:\/\/www.globalong.com\/blog\/wp-content\/uploads\/2014\/11\/cropped-cropped-Logo-et-Afrique-Globalong-petite-taille-2.jpg","contentUrl":"https:\/\/www.globalong.com\/blog\/wp-content\/uploads\/2014\/11\/cropped-cropped-Logo-et-Afrique-Globalong-petite-taille-2.jpg","width":512,"height":512,"caption":"Association Globalong"},"image":{"@id":"https:\/\/www.vita-explorers.dk\/blog\/#\/schema\/logo\/image\/"},"sameAs":["https:\/\/www.facebook.com\/globalong"]},{"@type":"Person","@id":"https:\/\/www.vita-explorers.dk\/blog\/#\/schema\/person\/fc0343a2f2db2ebb2793c1f62dbe73f0","name":"VITA Tribe","image":{"@type":"ImageObject","inLanguage":"da-DK","@id":"https:\/\/www.vita-explorers.dk\/blog\/#\/schema\/person\/image\/","url":"https:\/\/secure.gravatar.com\/avatar\/f7f05026bb439d0c96b30e135e5f852c?s=96&d=mm&r=g","contentUrl":"https:\/\/secure.gravatar.com\/avatar\/f7f05026bb439d0c96b30e135e5f852c?s=96&d=mm&r=g","caption":"VITA Tribe"},"sameAs":["http:\/\/www.globalong.com"],"url":"https:\/\/www.vita-explorers.dk\/blog\/author\/teamglobalong\/"}]}},"_links":{"self":[{"href":"https:\/\/www.vita-explorers.dk\/blog\/wp-json\/wp\/v2\/posts\/16967"}],"collection":[{"href":"https:\/\/www.vita-explorers.dk\/blog\/wp-json\/wp\/v2\/posts"}],"about":[{"href":"https:\/\/www.vita-explorers.dk\/blog\/wp-json\/wp\/v2\/types\/post"}],"author":[{"embeddable":true,"href":"https:\/\/www.vita-explorers.dk\/blog\/wp-json\/wp\/v2\/users\/7"}],"replies":[{"embeddable":true,"href":"https:\/\/www.vita-explorers.dk\/blog\/wp-json\/wp\/v2\/comments?post=16967"}],"version-history":[{"count":13,"href":"https:\/\/www.vita-explorers.dk\/blog\/wp-json\/wp\/v2\/posts\/16967\/revisions"}],"predecessor-version":[{"id":19727,"href":"https:\/\/www.vita-explorers.dk\/blog\/wp-json\/wp\/v2\/posts\/16967\/revisions\/19727"}],"wp:featuredmedia":[{"embeddable":true,"href":"https:\/\/www.vita-explorers.dk\/blog\/wp-json\/wp\/v2\/media\/12018"}],"wp:attachment":[{"href":"https:\/\/www.vita-explorers.dk\/blog\/wp-json\/wp\/v2\/media?parent=16967"}],"wp:term":[{"taxonomy":"category","embeddable":true,"href":"https:\/\/www.vita-explorers.dk\/blog\/wp-json\/wp\/v2\/categories?post=16967"},{"taxonomy":"post_tag","embeddable":true,"href":"https:\/\/www.vita-explorers.dk\/blog\/wp-json\/wp\/v2\/tags?post=16967"}],"curies":[{"name":"wp","href":"https:\/\/api.w.org\/{rel}","templated":true}]}}