{"id":16989,"date":"2024-07-15T15:00:36","date_gmt":"2024-07-15T13:00:36","guid":{"rendered":"https:\/\/www.globalong.com\/blog\/?p=16989"},"modified":"2024-10-29T16:45:46","modified_gmt":"2024-10-29T15:45:46","slug":"glaedelig-nationaldag-til-alle","status":"publish","type":"post","link":"https:\/\/www.vita-explorers.dk\/blog\/glaedelig-nationaldag-til-alle\/","title":{"rendered":"14. juli 2024, nationaldag"},"content":{"rendered":"<h1 style=\"text-align: justify;\"><span style=\"font-size: 18pt;\">Gl\u00e6delig nationaldag den 14. juli 2024 til jer alle<\/span><\/h1>\n<h2 style=\"text-align: justify;\">Nationaldagen den 14. juli 2024 er en anledning til at fejre og anerkende f\u00e6llesskabet. Det er en dag, hvor vi kan v\u00e6re stolte af det, der binder os sammen, og vise taknemmelighed for vores historie og v\u00e6rdier. Samtidig er det en god mulighed for at s\u00e6tte fokus p\u00e5 dem, der med engagement og ansvar bidrager til positive forandringer \u2013 b\u00e5de hjemme og internationalt.<\/h2>\n<p style=\"text-align: justify;\">Nationaldagen den 1. juli 2024 er meget mere end en fridag. Den symboliserer sammenhold og en f\u00e6lles fort\u00e6lling. P\u00e5 denne s\u00e6rlige dag markerer vi ikke kun vores land, men ogs\u00e5 indsatsen fra dem, der hver dag arbejder for at g\u00f8re verden lidt bedre. <strong>Blandt dem er VITA Explorers, som engagerer sig i internationale forl\u00f8b og projekter p\u00e5 tv\u00e6rs af lande og kulturer.<\/strong><\/p>\n<h2 style=\"text-align: justify;\"><strong>Gl\u00e6delig nationaldag<\/strong><\/h2>\n<h3 style=\"text-align: justify;\"><strong>Hvad er nationaldagen?<\/strong><\/h3>\n<p style=\"text-align: justify;\">Nationaldagen er en \u00e5rlig markering, der knytter sig til en vigtig begivenhed i et lands historie. I Frankrig fejres den den 14. juli til minde om stormen p\u00e5 Bastillen i 1789 \u2013 et afg\u00f8rende vendepunkt i den franske revolution. <strong>Dagen forbindes med frihed, lighed og broderskab, som fortsat er centrale v\u00e6rdier i republikken.<\/strong><\/p>\n<p style=\"text-align: justify;\"><strong>Fejringer og traditioner<\/strong> :<\/p>\n<p style=\"text-align: justify;\">Fejringen i Frankrig er rig p\u00e5 traditioner: milit\u00e6rparader p\u00e5 Champs-\u00c9lys\u00e9es i Paris, store fyrv\u00e6rkerishows, folkedansefester og hyggelige picnics i hele landet. Begivenhederne samler mennesker p\u00e5 tv\u00e6rs af generationer til f\u00e6llesskab og gode stunder.<\/p>\n<p style=\"text-align: justify;\"><strong>Nationaldagens betydning<\/strong> :<\/p>\n<p style=\"text-align: justify;\">Nationaldagen er en anledning til at styrke f\u00f8lelsen af tilh\u00f8rsforhold og f\u00e6lles identitet. Den minder os om betydningen af kultur og historie \u2013 og kan samtidig inspirere til at leve v\u00e6rdier som frihed, lighed og broderskab i hverdagen.<\/p>\n<h2 style=\"text-align: justify;\"><strong>VITA: Indsats med fokus p\u00e5 mennesker<\/strong><\/h2>\n<p style=\"text-align: justify;\"><strong>Pr\u00e6sentation af VITA<\/strong> :<\/p>\n<p style=\"text-align: justify;\"><a href=\"https:\/\/www.vita-explorers.dk\/association-globalong.html\" target=\"_blank\" rel=\"noopener\">VITA Institute er kendt<\/a> for sit arbejde med internationale forl\u00f8b og kulturudveksling. Medlemmer og deltagere engagerer sig i indsatser, der st\u00f8tter lokalsamfund verden over \u2013 blandt andet inden for <strong>uddannelse, sundhed, milj\u00f8 og menneskerettigheder.<\/strong><\/p>\n<p style=\"text-align: justify;\"><strong>VITAs form\u00e5l og fokus<\/strong> :<\/p>\n<p style=\"text-align: justify;\">VITA arbejder for at styrke interkulturel forst\u00e5else og bidrage til b\u00e6redygtig udvikling gennem frivilligt arbejde og ansvarlige ophold. M\u00e5let er at st\u00f8tte mennesker i s\u00e5rbare situationer, v\u00e6rne om milj\u00f8et og skabe bedre adgang til l\u00e6ring og muligheder.<\/p>\n<p style=\"text-align: justify;\"><strong>Global effekt<\/strong> :<\/p>\n<p style=\"text-align: justify;\">Takket v\u00e6re engagementet fra <a href=\"https:\/\/www.vita-explorers.dk\/blog\/vores-medlemmer-har-talent-romains-humanitaere-ophold-i-tanzania\/\">VITA Explorers<\/a> er der gennemf\u00f8rt mange projekter med m\u00e6rkbar betydning. Det kan v\u00e6re alt fra st\u00f8tte til skoleaktiviteter i Afrika og oplysning om sundhed i Asien til deltagelse i natur- og bevaringsindsatser i Sydamerika \u2013 handlinger, der samlet set bidrager til en mere retf\u00e6rdig og b\u00e6redygtig verden.<\/p>\n<h3 style=\"text-align: justify;\"><strong>Tak til VITA Explorers<\/strong><\/h3>\n<p style=\"text-align: justify;\"><strong>Anerkendelse og tak<\/strong> :<\/p>\n<p style=\"text-align: justify;\">P\u00e5 nationaldagen er <strong>det vigtigt at sige tak til VITA Explorers<\/strong> for deres ansvarlige engagement og vilje til at bidrage. Deres indsats internationalt viser solidaritet og omtanke \u2013 v\u00e6rdier, der ogs\u00e5 ligger dybt i den m\u00e5de, vi gerne vil v\u00e6re i verden p\u00e5.<\/p>\n<p style=\"text-align: justify;\"><strong>Oplevelser, der g\u00f8r indtryk<\/strong> :<\/p>\n<p style=\"text-align: justify;\">Blandt de mange oplevelser kan vi n\u00e6vne Marie, som tilbragte to \u00e5r i Senegal med at undervise b\u00f8rn i landdistrikter. Eller Paul, som var med til at styrke sanit\u00e6re l\u00f8sninger i Indien. Eksemplerne viser bredden i de forl\u00f8b, som deltagere engagerer sig i.<\/p>\n<p style=\"text-align: justify;\"><strong>Frivilligt engagement<\/strong> :<\/p>\n<p style=\"text-align: justify;\">Frivilligt arbejde er et gener\u00f8st valg, der fortjener anerkendelse. VITA Explorers investerer tid og kompetencer for at st\u00f8tte d\u00e9r, hvor behovet er st\u00f8rst \u2013 ofte under kr\u00e6vende rammer. Deres engagement kan inspirere andre til ogs\u00e5 at bidrage p\u00e5 en ansvarlig m\u00e5de.<\/p>\n<h1 style=\"text-align: justify;\"><strong>Hvorfor engagere sig med VITA?<\/strong><\/h1>\n<p style=\"text-align: justify;\"><strong>Muligheder for frivilligt arbejde<\/strong> :<\/p>\n<p style=\"text-align: justify;\"><strong>VITA tilbyder mange muligheder for frivilligt arbejde<\/strong> for dig, der \u00f8nsker at indg\u00e5 i internationale projekter. Uanset om du er <a href=\"https:\/\/www.vita-explorers.dk\/stage-etudiant-etranger.html\">studerende<\/a>, professionel eller pensionist, findes der forl\u00f8b, som kan matche dine interesser og erfaringer. Et ophold med VITA kan give b\u00e5de faglig og personlig udvikling \u2013 og samtidig en dybere forst\u00e5else for andre kulturer.<\/p>\n<p style=\"text-align: justify;\"><strong>Forberedelse og st\u00f8tte<\/strong> :<\/p>\n<p style=\"text-align: justify;\">Inden afrejse f\u00e5r deltagerne et personligt forl\u00f8b med forberedelse og st\u00f8tte. VITA sikrer, at hver VITA Explorer er godt kl\u00e6dt p\u00e5 til opgaven, kan navigere i nye rammer og bidrage p\u00e5 en m\u00e5de, der er meningsfuld og b\u00e6redygtig.<\/p>\n<p style=\"text-align: justify;\"><strong>Netv\u00e6rk og community<\/strong> :<\/p>\n<p style=\"text-align: justify;\">N\u00e5r du bliver en del af VITA, bliver du samtidig en del af et internationalt f\u00e6llesskab. Du f\u00e5r mulighed for at m\u00f8de mennesker med lignende v\u00e6rdier og skabe relationer, der ofte r\u00e6kker langt ud over selve opholdet.<\/p>\n<h3 style=\"text-align: justify;\"><strong>FAQ<\/strong><\/h3>\n<h2 style=\"text-align: justify;\"><strong>Hvilke kvalifikationer kr\u00e6ves for at deltage som frivillig hos VITA?<\/strong><\/h2>\n<p style=\"text-align: justify;\">Det afh\u00e6nger af forl\u00f8bet, men mange projekter kr\u00e6ver ikke specifikke kompetencer. Motivation, ansvarlighed og lysten til at engagere sig er ofte det vigtigste.<\/p>\n<h2 style=\"text-align: justify;\"><strong>Hvor l\u00e6nge varer VITAs forl\u00f8b?<\/strong><\/h2>\n<p style=\"text-align: justify;\">Varigheden varierer fra nogle uger til flere m\u00e5neder, afh\u00e6ngigt af projektet og din mulighed for at deltage.<\/p>\n<h2 style=\"text-align: justify;\"><strong>Kan jeg selv v\u00e6lge destination for mit forl\u00f8b?<\/strong><\/h2>\n<p style=\"text-align: justify;\">Ja, du kan angive en pr\u00e6ference for destination, men tilg\u00e6ngelige projekter og timing kan have betydning for det endelige valg.<\/p>\n<h2 style=\"text-align: justify;\"><strong>Hvordan tilmelder jeg mig som medlem hos VITA?<\/strong><\/h2>\n<p style=\"text-align: justify;\">Du kan tilmelde dig via VITAs hjemmeside ved at udfylde formularen online. Herefter bliver du kontaktet, s\u00e5 I sammen kan gennemg\u00e5 relevante muligheder for frivilligt arbejde og ophold.<\/p>\n<h2 style=\"text-align: justify;\"><strong>Hvilke hovedomr\u00e5der arbejder VITA med?<\/strong><\/h2>\n<p style=\"text-align: justify;\">VITA arbejder p\u00e5 tv\u00e6rs af flere omr\u00e5der, blandt andet uddannelse, sundhed, milj\u00f8, menneskerettigheder og lokalsamfundsudvikling.<\/p>\n<p style=\"text-align: justify;\">P\u00e5 nationaldagen kan vi fejre b\u00e5de f\u00e6llesskabet og den indsats, som VITA Explorers l\u00e6gger internationalt. Deres engagement og vedholdenhed er en vigtig p\u00e5mindelse om, at solidaritet og ansvarlige valg g\u00f8r en forskel. N\u00e5r vi siger \u201ctak\u201d, anerkender vi v\u00e6rdien af deres bidrag \u2013 og giver samtidig plads til, at flere kan blive inspireret til at engagere sig.<\/p>\n<h3 style=\"text-align: center;\"><strong><b>Vil du vide mere om VITA og vores medlemmer, s\u00e5 f\u00f8lg med p\u00e5 <\/b><a href=\"https:\/\/www.instagram.com\/globalongofficiel\/\"><span class=\"s2\"><b>Instagram<\/b><\/span><\/a><b>, <\/b><a href=\"https:\/\/www.tiktok.com\/@globalong\"><span class=\"s2\"><b>TikTok<\/b><\/span><\/a><b>, <\/b><a href=\"https:\/\/www.facebook.com\/globalong\"><span class=\"s2\"><b>Facebook<\/b><\/span><\/a><b>, <\/b><a href=\"https:\/\/www.linkedin.com\/company\/5113177\/admin\/feed\/posts\/\"><span class=\"s2\"><b>LinkedIn<\/b><\/span><\/a><b> og <\/b><a href=\"https:\/\/www.youtube.com\/c\/globalong\/videos\"><span class=\"s2\"><b>YouTube<\/b><\/span><\/a><b>! <\/b><\/strong><\/h3>\n<div class=\"ti-widget ti-goog\" data-layout-id=\"4\" data-set-id=\"light-background\" data-pid=\"\" data-language=\"fr\" data-version=\"2\" data-review-target-width=\"300\" data-review-text-mode=\"readmore\" data-pager-autoplay-timeout=\"6\" > <div class=\"ti-widget-container ti-col-3\"> <div class=\"ti-reviews-container\"> <div class=\"ti-controls\"> <div class=\"ti-next\" aria-label=\"Avis suivante\" role=\"button\"><\/div> <div class=\"ti-prev\" aria-label=\"Avis pr\u00e9c\u00e9dent\" role=\"button\"><\/div> <\/div> <div class=\"ti-reviews-container-wrapper\">  <div data-empty=\"0\" class=\"ti-review-item source-Google ti-image-layout-thumbnail\" data-id=\"cfcd208495d565ef66e7dff9f98764da\" > <div class=\"ti-inner\"> <div class=\"ti-review-header\"> <div class=\"ti-profile-img\"> <img decoding=\"async\" src=\"https:\/\/lh3.googleusercontent.com\/a\/ACg8ocKpaoKe37CD0_POxO97KqB60GsWQRsIuG2vmCfXT-W_FY44vw=s120-c-rp-mo-br100\" srcset=\"https:\/\/lh3.googleusercontent.com\/a\/ACg8ocKpaoKe37CD0_POxO97KqB60GsWQRsIuG2vmCfXT-W_FY44vw=s120-c-rp-mo-br100 2x\" alt=\"Lucie Correia\" loading=\"lazy\" \/> <\/div> <div class=\"ti-profile-details\"> <div class=\"ti-name\"> Lucie Correia <\/div> <div class=\"ti-date\">2024-10-17<\/div> <\/div> <\/div> <span class=\"ti-stars\"><span class=\"ti-star f\"><\/span><span class=\"ti-star f\"><\/span><span class=\"ti-star f\"><\/span><span class=\"ti-star f\"><\/span><span class=\"ti-star f\"><\/span><\/span> <div class=\"ti-review-text-container ti-review-content\"><!-- R-CONTENT -->La communication avec Globalong est super, personnes tr\u00e8s pr\u00e9sentes pour les b\u00e9n\u00e9voles et \u00e9tudiants partant avec cette association. Elles r\u00e9pondent \u00e0 toutes nos questions et sont tr\u00e8s accessibles au t\u00e9l\u00e9phone.<!-- R-CONTENT --><\/div> <span class=\"ti-read-more\" data-container=\".ti-review-content\" data-collapse-text=\"Cacher\" data-open-text=\"Lire la suite\" ><\/span> <\/div> <\/div>  <div data-empty=\"0\" class=\"ti-review-item source-Google ti-image-layout-thumbnail\" data-id=\"cfcd208495d565ef66e7dff9f98764da\" > <div class=\"ti-inner\"> <div class=\"ti-review-header\"> <div class=\"ti-profile-img\"> <img decoding=\"async\" src=\"https:\/\/lh3.googleusercontent.com\/a-\/ALV-UjWqnnzM7-7c9BDqeTDF-a7pOgNjvLkJ3WshRd_Tn7z0Eu-AGQwo=s120-c-rp-mo-br100\" srcset=\"https:\/\/lh3.googleusercontent.com\/a-\/ALV-UjWqnnzM7-7c9BDqeTDF-a7pOgNjvLkJ3WshRd_Tn7z0Eu-AGQwo=s120-c-rp-mo-br100 2x\" alt=\"Ra\u00efssa Frisch\" loading=\"lazy\" \/> <\/div> <div class=\"ti-profile-details\"> <div class=\"ti-name\"> Ra\u00efssa Frisch <\/div> <div class=\"ti-date\">2024-10-14<\/div> <\/div> <\/div> <span class=\"ti-stars\"><span class=\"ti-star f\"><\/span><span class=\"ti-star f\"><\/span><span class=\"ti-star f\"><\/span><span class=\"ti-star f\"><\/span><span class=\"ti-star f\"><\/span><\/span> <div class=\"ti-review-text-container ti-review-content\"><!-- R-CONTENT -->J\u2019ai d\u00e9j\u00e0 eu l\u2019opportunit\u00e9 de r\u00e9aliser deux projets humanitaires avec l\u2019association Globalong. Je ne peux que la recommander, car j\u2019ai toujours b\u00e9n\u00e9fici\u00e9 d\u2019un excellent accompagnement, aussi bien avant que pendant le voyage. On ne vous laisse pas vous d\u00e9brouiller seuls, bien au contraire, vous \u00eates tr\u00e8s bien encadr\u00e9s pour accomplir toutes les d\u00e9marches dans les d\u00e9lais.\n\nAu-del\u00e0 du suivi, les exp\u00e9riences humanitaires propos\u00e9es par Globalong ne peuvent que transformer votre vie de mani\u00e8re positive. Elles vous apportent une richesse humaine inestimable.<!-- R-CONTENT --><\/div> <span class=\"ti-read-more\" data-container=\".ti-review-content\" data-collapse-text=\"Cacher\" data-open-text=\"Lire la suite\" ><\/span> <\/div> <\/div>  <div data-empty=\"0\" class=\"ti-review-item source-Google ti-image-layout-thumbnail\" data-id=\"cfcd208495d565ef66e7dff9f98764da\" > <div class=\"ti-inner\"> <div class=\"ti-review-header\"> <div class=\"ti-profile-img\"> <img decoding=\"async\" src=\"https:\/\/lh3.googleusercontent.com\/a\/ACg8ocJL-Dxv25YkXK2QwWPNRxTVqZCv5uTmDQDFg5qslKra3vRZew=s120-c-rp-mo-br100\" srcset=\"https:\/\/lh3.googleusercontent.com\/a\/ACg8ocJL-Dxv25YkXK2QwWPNRxTVqZCv5uTmDQDFg5qslKra3vRZew=s120-c-rp-mo-br100 2x\" alt=\"Tara Turan\" loading=\"lazy\" \/> <\/div> <div class=\"ti-profile-details\"> <div class=\"ti-name\"> Tara Turan <\/div> <div class=\"ti-date\">2024-10-14<\/div> <\/div> <\/div> <span class=\"ti-stars\"><span class=\"ti-star f\"><\/span><span class=\"ti-star f\"><\/span><span class=\"ti-star f\"><\/span><span class=\"ti-star f\"><\/span><span class=\"ti-star f\"><\/span><\/span> <div class=\"ti-review-text-container ti-review-content\"><!-- R-CONTENT -->Une des meilleures associations que j\u2019ai pu faire !\nUne organisation et un suivi vraiment parfait, c\u2019est avec grand plaisir que je referai un projet avec eux.<!-- R-CONTENT --><\/div> <span class=\"ti-read-more\" data-container=\".ti-review-content\" data-collapse-text=\"Cacher\" data-open-text=\"Lire la suite\" ><\/span> <\/div> <\/div>  <div data-empty=\"0\" class=\"ti-review-item source-Google ti-image-layout-thumbnail\" data-id=\"cfcd208495d565ef66e7dff9f98764da\" > <div class=\"ti-inner\"> <div class=\"ti-review-header\"> <div class=\"ti-profile-img\"> <img decoding=\"async\" src=\"https:\/\/lh3.googleusercontent.com\/a\/ACg8ocLctTPNovSk3eKM0b_MIPOfcFEQsz2135Cdu59_BWRVsIYC7Q=s120-c-rp-mo-br100\" srcset=\"https:\/\/lh3.googleusercontent.com\/a\/ACg8ocLctTPNovSk3eKM0b_MIPOfcFEQsz2135Cdu59_BWRVsIYC7Q=s120-c-rp-mo-br100 2x\" alt=\"Repiquet Julie\" loading=\"lazy\" \/> <\/div> <div class=\"ti-profile-details\"> <div class=\"ti-name\"> Repiquet Julie <\/div> <div class=\"ti-date\">2024-10-13<\/div> <\/div> <\/div> <span class=\"ti-stars\"><span class=\"ti-star f\"><\/span><span class=\"ti-star f\"><\/span><span class=\"ti-star f\"><\/span><span class=\"ti-star f\"><\/span><span class=\"ti-star f\"><\/span><\/span> <div class=\"ti-review-text-container ti-review-content\"><!-- R-CONTENT -->Tr\u00e8s bon accompagnement de la part de Globalong, du premier jour avec toutes mes interrogations, jusqu'au d\u00e9part dans quelques jours. Le dossier transmis apr\u00e8s validation de la mission est plus que complet, les webmaster tr\u00e8s int\u00e9ressantes et permettent de d\u00e9charger mentalement ce genre de pr\u00e9paration, tout est pr\u00e9vu il n'y a plus qu'\u00e0 suivre ! Merci \u00e0 Florence de r\u00e9pondre \u00e0 toutes mes questions avec gentillesse et bienveillance, cela m'a permis de passer le cap!\nMaintenant, il n'y a plus qu'\u00e0 \ud83d\ude00<!-- R-CONTENT --><\/div> <span class=\"ti-read-more\" data-container=\".ti-review-content\" data-collapse-text=\"Cacher\" data-open-text=\"Lire la suite\" ><\/span> <\/div> <\/div>  <div data-empty=\"0\" class=\"ti-review-item source-Google ti-image-layout-thumbnail\" data-id=\"cfcd208495d565ef66e7dff9f98764da\" > <div class=\"ti-inner\"> <div class=\"ti-review-header\"> <div class=\"ti-profile-img\"> <img decoding=\"async\" src=\"https:\/\/lh3.googleusercontent.com\/a\/ACg8ocJJTdmTWs8nAA0yuH_cKOUgzc6GFAkHBiXhpnnVYXaWMBZsHw=s120-c-rp-mo-br100\" srcset=\"https:\/\/lh3.googleusercontent.com\/a\/ACg8ocJJTdmTWs8nAA0yuH_cKOUgzc6GFAkHBiXhpnnVYXaWMBZsHw=s120-c-rp-mo-br100 2x\" alt=\"Marine Guilhamat\" loading=\"lazy\" \/> <\/div> <div class=\"ti-profile-details\"> <div class=\"ti-name\"> Marine Guilhamat <\/div> <div class=\"ti-date\">2024-10-09<\/div> <\/div> <\/div> <span class=\"ti-stars\"><span class=\"ti-star f\"><\/span><span class=\"ti-star f\"><\/span><span class=\"ti-star f\"><\/span><span class=\"ti-star f\"><\/span><span class=\"ti-star f\"><\/span><\/span> <div class=\"ti-review-text-container ti-review-content\"><!-- R-CONTENT -->Tr\u00e8s belle association qui offre un cadre super s\u00e9curisant et permet de s\u2019investir dans des projets qui ont du sens. Merci \u00e0 l\u2019\u00e9quipe Globalong pour votre disponibilit\u00e9, gentillesse et accompagnement !<!-- R-CONTENT --><\/div> <span class=\"ti-read-more\" data-container=\".ti-review-content\" data-collapse-text=\"Cacher\" data-open-text=\"Lire la suite\" ><\/span> <\/div> <\/div>  <div data-empty=\"0\" class=\"ti-review-item source-Google ti-image-layout-thumbnail\" data-id=\"cfcd208495d565ef66e7dff9f98764da\" > <div class=\"ti-inner\"> <div class=\"ti-review-header\"> <div class=\"ti-profile-img\"> <img decoding=\"async\" src=\"https:\/\/lh3.googleusercontent.com\/a\/ACg8ocIgITHXKo46qgJyPqlJeAcxz11gCKUJpGIk2qauiIe2O3iZ6w=s120-c-rp-mo-br100\" srcset=\"https:\/\/lh3.googleusercontent.com\/a\/ACg8ocIgITHXKo46qgJyPqlJeAcxz11gCKUJpGIk2qauiIe2O3iZ6w=s120-c-rp-mo-br100 2x\" alt=\"Laura Mercier\" loading=\"lazy\" \/> <\/div> <div class=\"ti-profile-details\"> <div class=\"ti-name\"> Laura Mercier <\/div> <div class=\"ti-date\">2024-10-08<\/div> <\/div> <\/div> <span class=\"ti-stars\"><span class=\"ti-star f\"><\/span><span class=\"ti-star f\"><\/span><span class=\"ti-star f\"><\/span><span class=\"ti-star f\"><\/span><span class=\"ti-star f\"><\/span><\/span> <div class=\"ti-review-text-container ti-review-content\"><!-- R-CONTENT -->Mon d\u00e9part approche, je pars dans une semaine, et depuis le d\u00e9but de mon inscription je suis tr\u00e8s satisfaite du suivi effectu\u00e9 par l\u2019association. Ils sont tr\u00e8s disponibles et r\u00e9pondent rapidement \u00e0 l\u2019ensemble des questions. Je suis tr\u00e8s contente de partir faire cette mission humanitaire encadr\u00e9e par cette association. Je recommande vraiment.<!-- R-CONTENT --><\/div> <span class=\"ti-read-more\" data-container=\".ti-review-content\" data-collapse-text=\"Cacher\" data-open-text=\"Lire la suite\" ><\/span> <\/div> <\/div>  <div data-empty=\"0\" class=\"ti-review-item source-Google ti-image-layout-thumbnail\" data-id=\"cfcd208495d565ef66e7dff9f98764da\" > <div class=\"ti-inner\"> <div class=\"ti-review-header\"> <div class=\"ti-profile-img\"> <img decoding=\"async\" src=\"https:\/\/lh3.googleusercontent.com\/a-\/ALV-UjVVr0YMQhXl8QNEEB32l-rnoaYwvRZUjIEX9OEwPE_1fQwzIyk=s120-c-rp-mo-br100\" srcset=\"https:\/\/lh3.googleusercontent.com\/a-\/ALV-UjVVr0YMQhXl8QNEEB32l-rnoaYwvRZUjIEX9OEwPE_1fQwzIyk=s120-c-rp-mo-br100 2x\" alt=\"Anouk Rzkt\" loading=\"lazy\" \/> <\/div> <div class=\"ti-profile-details\"> <div class=\"ti-name\"> Anouk Rzkt <\/div> <div class=\"ti-date\">2024-10-02<\/div> <\/div> <\/div> <span class=\"ti-stars\"><span class=\"ti-star f\"><\/span><span class=\"ti-star f\"><\/span><span class=\"ti-star f\"><\/span><span class=\"ti-star f\"><\/span><span class=\"ti-star f\"><\/span><\/span> <div class=\"ti-review-text-container ti-review-content\"><!-- R-CONTENT -->Globalong est l'association parfaite. L'\u00e9quipe offre un v\u00e9ritable accompagnement rythm\u00e9 par beaucoup de conseils et d'\u00e9coute. Le site est tr\u00e8s bien fait avec des dossiers complets allant des sujets tr\u00e8s pratiques a d'autres plus th\u00e9oriques (tels que le choc culturel par exemple). Je recommande vivement et remercie sinc\u00e8rement toute l'\u00e9quipe pour leur gentillesse et investissement !<!-- R-CONTENT --><\/div> <span class=\"ti-read-more\" data-container=\".ti-review-content\" data-collapse-text=\"Cacher\" data-open-text=\"Lire la suite\" ><\/span> <\/div> <\/div>  <\/div> <div class=\"ti-controls-line\"> <div class=\"dot\"><\/div> <\/div> <\/div> <div class=\"ti-footer\"> <div class=\"ti-rating-text\"> <span class=\"nowrap\">\u00c9valuation <strong>Google<\/strong> : <\/span><span class=\"nowrap\"><strong>4.8<\/strong> sur 5, <\/span><span class=\"nowrap\">Bas\u00e9e sur <strong>240 avis<\/strong><\/span> <\/div> <\/div>  <\/div> <\/div> \n","protected":false},"excerpt":{"rendered":"<p>Gl\u00e6delig nationaldag den 14. juli 2024 til jer alle Nationaldagen den 14. juli 2024 er en anledning til at fejre og anerkende f\u00e6llesskabet. Det\u2026<\/p>\n","protected":false},"author":7,"featured_media":9367,"comment_status":"open","ping_status":"open","sticky":false,"template":"","format":"standard","meta":{"footnotes":""},"categories":[8,472,4],"tags":[],"yoast_head":"<!-- This site is optimized with the Yoast SEO Premium plugin v23.4 (Yoast SEO v23.4) - https:\/\/yoast.com\/wordpress\/plugins\/seo\/ -->\n<title>14. juli 2024, nationaldag - VITA Explorers Blog<\/title>\n<meta name=\"description\" content=\"C\u00e9l\u00e9brez le 14 juillet 2024, la f\u00eate nationale fran\u00e7aise : d\u00e9couvrez les \u00e9v\u00e9nements et traditions qui marquent cette journ\u00e9e historique\" \/>\n<meta name=\"robots\" content=\"index, follow, max-snippet:-1, max-image-preview:large, max-video-preview:-1\" \/>\n<link rel=\"canonical\" href=\"https:\/\/www.vita-explorers.dk\/blog\/Glaedelig%20nationaldag%20til%20alle%20\u2013%20og%20tak%20til%20vores%20medlemmer\/\" \/>\n<meta property=\"og:locale\" content=\"da_DK\" \/>\n<meta property=\"og:type\" content=\"article\" \/>\n<meta property=\"og:title\" content=\"14. juli 2024, nationaldag\" \/>\n<meta property=\"og:description\" content=\"C\u00e9l\u00e9brez le 14 juillet 2024, la f\u00eate nationale fran\u00e7aise : d\u00e9couvrez les \u00e9v\u00e9nements et traditions qui marquent cette journ\u00e9e historique\" \/>\n<meta property=\"og:url\" content=\"https:\/\/www.vita-explorers.dk\/blog\/Glaedelig nationaldag til alle \u2013 og tak til vores medlemmer\/\" \/>\n<meta property=\"og:site_name\" content=\"VITA Explorers Blog\" \/>\n<meta property=\"article:publisher\" content=\"https:\/\/www.facebook.com\/globalong\" \/>\n<meta property=\"article:published_time\" content=\"2024-07-15T13:00:36+00:00\" \/>\n<meta property=\"article:modified_time\" content=\"2024-10-29T15:45:46+00:00\" \/>\n<meta property=\"og:image\" content=\"https:\/\/www.vita-explorers.dk\/blog\/wp-content\/uploads\/2018\/03\/Participez-a\u0300-un-programme-de\u0301co-volontariat-au-Nicaragua-GlobAlong-min.jpg\" \/>\n\t<meta property=\"og:image:width\" content=\"4094\" \/>\n\t<meta property=\"og:image:height\" content=\"2724\" \/>\n\t<meta property=\"og:image:type\" content=\"image\/jpeg\" \/>\n<meta name=\"author\" content=\"VITA Tribe\" \/>\n<meta name=\"twitter:card\" content=\"summary_large_image\" \/>\n<meta name=\"twitter:label1\" content=\"Skrevet af\" \/>\n\t<meta name=\"twitter:data1\" content=\"VITA Tribe\" \/>\n\t<meta name=\"twitter:label2\" content=\"Estimeret l\u00e6setid\" \/>\n\t<meta name=\"twitter:data2\" content=\"6 minutter\" \/>\n<script type=\"application\/ld+json\" class=\"yoast-schema-graph\">{\"@context\":\"https:\/\/schema.org\",\"@graph\":[{\"@type\":\"Article\",\"@id\":\"https:\/\/www.vita-explorers.dk\/blog\/Glaedelig nationaldag til alle \u2013 og tak til vores medlemmer\/#article\",\"isPartOf\":{\"@id\":\"https:\/\/www.vita-explorers.dk\/blog\/Glaedelig nationaldag til alle \u2013 og tak til vores medlemmer\/\"},\"author\":{\"name\":\"VITA Tribe\",\"@id\":\"https:\/\/www.vita-explorers.dk\/blog\/#\/schema\/person\/fc0343a2f2db2ebb2793c1f62dbe73f0\"},\"headline\":\"14. juli 2024, nationaldag\",\"datePublished\":\"2024-07-15T13:00:36+00:00\",\"dateModified\":\"2024-10-29T15:45:46+00:00\",\"mainEntityOfPage\":{\"@id\":\"https:\/\/www.vita-explorers.dk\/blog\/Glaedelig nationaldag til alle \u2013 og tak til vores medlemmer\/\"},\"wordCount\":992,\"commentCount\":0,\"publisher\":{\"@id\":\"https:\/\/www.vita-explorers.dk\/blog\/#organization\"},\"image\":{\"@id\":\"https:\/\/www.vita-explorers.dk\/blog\/Glaedelig nationaldag til alle \u2013 og tak til vores medlemmer\/#primaryimage\"},\"thumbnailUrl\":\"https:\/\/www.vita-explorers.dk\/blog\/wp-content\/uploads\/2018\/03\/Participez-a\u0300-un-programme-de\u0301co-volontariat-au-Nicaragua-GlobAlong-min.jpg\",\"articleSection\":[\"Humanit\u00e6rt frivilligt arbejde\",\"Oplysning\",\"VITA Explorers\"],\"inLanguage\":\"da-DK\",\"potentialAction\":[{\"@type\":\"CommentAction\",\"name\":\"Comment\",\"target\":[\"https:\/\/www.vita-explorers.dk\/blog\/Glaedelig nationaldag til alle \u2013 og tak til vores medlemmer\/#respond\"]}]},{\"@type\":\"WebPage\",\"@id\":\"https:\/\/www.vita-explorers.dk\/blog\/Glaedelig nationaldag til alle \u2013 og tak til vores medlemmer\/\",\"url\":\"https:\/\/www.vita-explorers.dk\/blog\/Glaedelig nationaldag til alle \u2013 og tak til vores medlemmer\/\",\"name\":\"14. juli 2024, nationaldag - VITA Explorers Blog\",\"isPartOf\":{\"@id\":\"https:\/\/www.vita-explorers.dk\/blog\/#website\"},\"primaryImageOfPage\":{\"@id\":\"https:\/\/www.vita-explorers.dk\/blog\/Glaedelig nationaldag til alle \u2013 og tak til vores medlemmer\/#primaryimage\"},\"image\":{\"@id\":\"https:\/\/www.vita-explorers.dk\/blog\/Glaedelig nationaldag til alle \u2013 og tak til vores medlemmer\/#primaryimage\"},\"thumbnailUrl\":\"https:\/\/www.vita-explorers.dk\/blog\/wp-content\/uploads\/2018\/03\/Participez-a\u0300-un-programme-de\u0301co-volontariat-au-Nicaragua-GlobAlong-min.jpg\",\"datePublished\":\"2024-07-15T13:00:36+00:00\",\"dateModified\":\"2024-10-29T15:45:46+00:00\",\"description\":\"C\u00e9l\u00e9brez le 14 juillet 2024, la f\u00eate nationale fran\u00e7aise : d\u00e9couvrez les \u00e9v\u00e9nements et traditions qui marquent cette journ\u00e9e historique\",\"breadcrumb\":{\"@id\":\"https:\/\/www.vita-explorers.dk\/blog\/Glaedelig nationaldag til alle \u2013 og tak til vores medlemmer\/#breadcrumb\"},\"inLanguage\":\"da-DK\",\"potentialAction\":[{\"@type\":\"ReadAction\",\"target\":[\"https:\/\/www.vita-explorers.dk\/blog\/Glaedelig nationaldag til alle \u2013 og tak til vores medlemmer\/\"]}]},{\"@type\":\"ImageObject\",\"inLanguage\":\"da-DK\",\"@id\":\"https:\/\/www.vita-explorers.dk\/blog\/Glaedelig nationaldag til alle \u2013 og tak til vores medlemmer\/#primaryimage\",\"url\":\"https:\/\/www.vita-explorers.dk\/blog\/wp-content\/uploads\/2018\/03\/Participez-a\u0300-un-programme-de\u0301co-volontariat-au-Nicaragua-GlobAlong-min.jpg\",\"contentUrl\":\"https:\/\/www.vita-explorers.dk\/blog\/wp-content\/uploads\/2018\/03\/Participez-a\u0300-un-programme-de\u0301co-volontariat-au-Nicaragua-GlobAlong-min.jpg\",\"width\":4094,\"height\":2724,\"caption\":\"14 juillet 2024\"},{\"@type\":\"BreadcrumbList\",\"@id\":\"https:\/\/www.vita-explorers.dk\/blog\/Glaedelig nationaldag til alle \u2013 og tak til vores medlemmer\/#breadcrumb\",\"itemListElement\":[{\"@type\":\"ListItem\",\"position\":1,\"name\":\"Accueil\",\"item\":\"https:\/\/www.vita-explorers.dk\/blog\/\"},{\"@type\":\"ListItem\",\"position\":2,\"name\":\"14. juli 2024, nationaldag\"}]},{\"@type\":\"WebSite\",\"@id\":\"https:\/\/www.vita-explorers.dk\/blog\/#website\",\"url\":\"https:\/\/www.vita-explorers.dk\/blog\/\",\"name\":\"Association Globalong\",\"description\":\"Frivilligt arbejde, sprogophold, praktik i udlandet og internationale oplevelser\",\"publisher\":{\"@id\":\"https:\/\/www.vita-explorers.dk\/blog\/#organization\"},\"potentialAction\":[{\"@type\":\"SearchAction\",\"target\":{\"@type\":\"EntryPoint\",\"urlTemplate\":\"https:\/\/www.vita-explorers.dk\/blog\/?s={search_term_string}\"},\"query-input\":{\"@type\":\"PropertyValueSpecification\",\"valueRequired\":true,\"valueName\":\"search_term_string\"}}],\"inLanguage\":\"da-DK\"},{\"@type\":\"Organization\",\"@id\":\"https:\/\/www.vita-explorers.dk\/blog\/#organization\",\"name\":\"Association Globalong\",\"url\":\"https:\/\/www.vita-explorers.dk\/blog\/\",\"logo\":{\"@type\":\"ImageObject\",\"inLanguage\":\"da-DK\",\"@id\":\"https:\/\/www.vita-explorers.dk\/blog\/#\/schema\/logo\/image\/\",\"url\":\"https:\/\/www.globalong.com\/blog\/wp-content\/uploads\/2014\/11\/cropped-cropped-Logo-et-Afrique-Globalong-petite-taille-2.jpg\",\"contentUrl\":\"https:\/\/www.globalong.com\/blog\/wp-content\/uploads\/2014\/11\/cropped-cropped-Logo-et-Afrique-Globalong-petite-taille-2.jpg\",\"width\":512,\"height\":512,\"caption\":\"Association Globalong\"},\"image\":{\"@id\":\"https:\/\/www.vita-explorers.dk\/blog\/#\/schema\/logo\/image\/\"},\"sameAs\":[\"https:\/\/www.facebook.com\/globalong\"]},{\"@type\":\"Person\",\"@id\":\"https:\/\/www.vita-explorers.dk\/blog\/#\/schema\/person\/fc0343a2f2db2ebb2793c1f62dbe73f0\",\"name\":\"VITA Tribe\",\"image\":{\"@type\":\"ImageObject\",\"inLanguage\":\"da-DK\",\"@id\":\"https:\/\/www.vita-explorers.dk\/blog\/#\/schema\/person\/image\/\",\"url\":\"https:\/\/secure.gravatar.com\/avatar\/f7f05026bb439d0c96b30e135e5f852c?s=96&d=mm&r=g\",\"contentUrl\":\"https:\/\/secure.gravatar.com\/avatar\/f7f05026bb439d0c96b30e135e5f852c?s=96&d=mm&r=g\",\"caption\":\"VITA Tribe\"},\"sameAs\":[\"http:\/\/www.globalong.com\"],\"url\":\"https:\/\/www.vita-explorers.dk\/blog\/author\/teamglobalong\/\"}]}<\/script>\n<!-- \/ Yoast SEO Premium plugin. -->","yoast_head_json":{"title":"14. juli 2024, nationaldag - VITA Explorers Blog","description":"C\u00e9l\u00e9brez le 14 juillet 2024, la f\u00eate nationale fran\u00e7aise : d\u00e9couvrez les \u00e9v\u00e9nements et traditions qui marquent cette journ\u00e9e historique","robots":{"index":"index","follow":"follow","max-snippet":"max-snippet:-1","max-image-preview":"max-image-preview:large","max-video-preview":"max-video-preview:-1"},"canonical":"https:\/\/www.vita-explorers.dk\/blog\/Glaedelig nationaldag til alle \u2013 og tak til vores medlemmer\/","og_locale":"da_DK","og_type":"article","og_title":"14. juli 2024, nationaldag","og_description":"C\u00e9l\u00e9brez le 14 juillet 2024, la f\u00eate nationale fran\u00e7aise : d\u00e9couvrez les \u00e9v\u00e9nements et traditions qui marquent cette journ\u00e9e historique","og_url":"https:\/\/www.vita-explorers.dk\/blog\/Glaedelig nationaldag til alle \u2013 og tak til vores medlemmer\/","og_site_name":"VITA Explorers Blog","article_publisher":"https:\/\/www.facebook.com\/globalong","article_published_time":"2024-07-15T13:00:36+00:00","article_modified_time":"2024-10-29T15:45:46+00:00","og_image":[{"width":4094,"height":2724,"url":"https:\/\/www.vita-explorers.dk\/blog\/wp-content\/uploads\/2018\/03\/Participez-a\u0300-un-programme-de\u0301co-volontariat-au-Nicaragua-GlobAlong-min.jpg","type":"image\/jpeg"}],"author":"VITA Tribe","twitter_card":"summary_large_image","twitter_misc":{"Skrevet af":"VITA Tribe","Estimeret l\u00e6setid":"6 minutter"},"schema":{"@context":"https:\/\/schema.org","@graph":[{"@type":"Article","@id":"https:\/\/www.vita-explorers.dk\/blog\/Glaedelig nationaldag til alle \u2013 og tak til vores medlemmer\/#article","isPartOf":{"@id":"https:\/\/www.vita-explorers.dk\/blog\/Glaedelig nationaldag til alle \u2013 og tak til vores medlemmer\/"},"author":{"name":"VITA Tribe","@id":"https:\/\/www.vita-explorers.dk\/blog\/#\/schema\/person\/fc0343a2f2db2ebb2793c1f62dbe73f0"},"headline":"14. juli 2024, nationaldag","datePublished":"2024-07-15T13:00:36+00:00","dateModified":"2024-10-29T15:45:46+00:00","mainEntityOfPage":{"@id":"https:\/\/www.vita-explorers.dk\/blog\/Glaedelig nationaldag til alle \u2013 og tak til vores medlemmer\/"},"wordCount":992,"commentCount":0,"publisher":{"@id":"https:\/\/www.vita-explorers.dk\/blog\/#organization"},"image":{"@id":"https:\/\/www.vita-explorers.dk\/blog\/Glaedelig nationaldag til alle \u2013 og tak til vores medlemmer\/#primaryimage"},"thumbnailUrl":"https:\/\/www.vita-explorers.dk\/blog\/wp-content\/uploads\/2018\/03\/Participez-a\u0300-un-programme-de\u0301co-volontariat-au-Nicaragua-GlobAlong-min.jpg","articleSection":["Humanit\u00e6rt frivilligt arbejde","Oplysning","VITA Explorers"],"inLanguage":"da-DK","potentialAction":[{"@type":"CommentAction","name":"Comment","target":["https:\/\/www.vita-explorers.dk\/blog\/Glaedelig nationaldag til alle \u2013 og tak til vores medlemmer\/#respond"]}]},{"@type":"WebPage","@id":"https:\/\/www.vita-explorers.dk\/blog\/Glaedelig nationaldag til alle \u2013 og tak til vores medlemmer\/","url":"https:\/\/www.vita-explorers.dk\/blog\/Glaedelig nationaldag til alle \u2013 og tak til vores medlemmer\/","name":"14. juli 2024, nationaldag - VITA Explorers Blog","isPartOf":{"@id":"https:\/\/www.vita-explorers.dk\/blog\/#website"},"primaryImageOfPage":{"@id":"https:\/\/www.vita-explorers.dk\/blog\/Glaedelig nationaldag til alle \u2013 og tak til vores medlemmer\/#primaryimage"},"image":{"@id":"https:\/\/www.vita-explorers.dk\/blog\/Glaedelig nationaldag til alle \u2013 og tak til vores medlemmer\/#primaryimage"},"thumbnailUrl":"https:\/\/www.vita-explorers.dk\/blog\/wp-content\/uploads\/2018\/03\/Participez-a\u0300-un-programme-de\u0301co-volontariat-au-Nicaragua-GlobAlong-min.jpg","datePublished":"2024-07-15T13:00:36+00:00","dateModified":"2024-10-29T15:45:46+00:00","description":"C\u00e9l\u00e9brez le 14 juillet 2024, la f\u00eate nationale fran\u00e7aise : d\u00e9couvrez les \u00e9v\u00e9nements et traditions qui marquent cette journ\u00e9e historique","breadcrumb":{"@id":"https:\/\/www.vita-explorers.dk\/blog\/Glaedelig nationaldag til alle \u2013 og tak til vores medlemmer\/#breadcrumb"},"inLanguage":"da-DK","potentialAction":[{"@type":"ReadAction","target":["https:\/\/www.vita-explorers.dk\/blog\/Glaedelig nationaldag til alle \u2013 og tak til vores medlemmer\/"]}]},{"@type":"ImageObject","inLanguage":"da-DK","@id":"https:\/\/www.vita-explorers.dk\/blog\/Glaedelig nationaldag til alle \u2013 og tak til vores medlemmer\/#primaryimage","url":"https:\/\/www.vita-explorers.dk\/blog\/wp-content\/uploads\/2018\/03\/Participez-a\u0300-un-programme-de\u0301co-volontariat-au-Nicaragua-GlobAlong-min.jpg","contentUrl":"https:\/\/www.vita-explorers.dk\/blog\/wp-content\/uploads\/2018\/03\/Participez-a\u0300-un-programme-de\u0301co-volontariat-au-Nicaragua-GlobAlong-min.jpg","width":4094,"height":2724,"caption":"14 juillet 2024"},{"@type":"BreadcrumbList","@id":"https:\/\/www.vita-explorers.dk\/blog\/Glaedelig nationaldag til alle \u2013 og tak til vores medlemmer\/#breadcrumb","itemListElement":[{"@type":"ListItem","position":1,"name":"Accueil","item":"https:\/\/www.vita-explorers.dk\/blog\/"},{"@type":"ListItem","position":2,"name":"14. juli 2024, nationaldag"}]},{"@type":"WebSite","@id":"https:\/\/www.vita-explorers.dk\/blog\/#website","url":"https:\/\/www.vita-explorers.dk\/blog\/","name":"Association Globalong","description":"Frivilligt arbejde, sprogophold, praktik i udlandet og internationale oplevelser","publisher":{"@id":"https:\/\/www.vita-explorers.dk\/blog\/#organization"},"potentialAction":[{"@type":"SearchAction","target":{"@type":"EntryPoint","urlTemplate":"https:\/\/www.vita-explorers.dk\/blog\/?s={search_term_string}"},"query-input":{"@type":"PropertyValueSpecification","valueRequired":true,"valueName":"search_term_string"}}],"inLanguage":"da-DK"},{"@type":"Organization","@id":"https:\/\/www.vita-explorers.dk\/blog\/#organization","name":"Association Globalong","url":"https:\/\/www.vita-explorers.dk\/blog\/","logo":{"@type":"ImageObject","inLanguage":"da-DK","@id":"https:\/\/www.vita-explorers.dk\/blog\/#\/schema\/logo\/image\/","url":"https:\/\/www.globalong.com\/blog\/wp-content\/uploads\/2014\/11\/cropped-cropped-Logo-et-Afrique-Globalong-petite-taille-2.jpg","contentUrl":"https:\/\/www.globalong.com\/blog\/wp-content\/uploads\/2014\/11\/cropped-cropped-Logo-et-Afrique-Globalong-petite-taille-2.jpg","width":512,"height":512,"caption":"Association Globalong"},"image":{"@id":"https:\/\/www.vita-explorers.dk\/blog\/#\/schema\/logo\/image\/"},"sameAs":["https:\/\/www.facebook.com\/globalong"]},{"@type":"Person","@id":"https:\/\/www.vita-explorers.dk\/blog\/#\/schema\/person\/fc0343a2f2db2ebb2793c1f62dbe73f0","name":"VITA Tribe","image":{"@type":"ImageObject","inLanguage":"da-DK","@id":"https:\/\/www.vita-explorers.dk\/blog\/#\/schema\/person\/image\/","url":"https:\/\/secure.gravatar.com\/avatar\/f7f05026bb439d0c96b30e135e5f852c?s=96&d=mm&r=g","contentUrl":"https:\/\/secure.gravatar.com\/avatar\/f7f05026bb439d0c96b30e135e5f852c?s=96&d=mm&r=g","caption":"VITA Tribe"},"sameAs":["http:\/\/www.globalong.com"],"url":"https:\/\/www.vita-explorers.dk\/blog\/author\/teamglobalong\/"}]}},"_links":{"self":[{"href":"https:\/\/www.vita-explorers.dk\/blog\/wp-json\/wp\/v2\/posts\/16989"}],"collection":[{"href":"https:\/\/www.vita-explorers.dk\/blog\/wp-json\/wp\/v2\/posts"}],"about":[{"href":"https:\/\/www.vita-explorers.dk\/blog\/wp-json\/wp\/v2\/types\/post"}],"author":[{"embeddable":true,"href":"https:\/\/www.vita-explorers.dk\/blog\/wp-json\/wp\/v2\/users\/7"}],"replies":[{"embeddable":true,"href":"https:\/\/www.vita-explorers.dk\/blog\/wp-json\/wp\/v2\/comments?post=16989"}],"version-history":[{"count":4,"href":"https:\/\/www.vita-explorers.dk\/blog\/wp-json\/wp\/v2\/posts\/16989\/revisions"}],"predecessor-version":[{"id":18406,"href":"https:\/\/www.vita-explorers.dk\/blog\/wp-json\/wp\/v2\/posts\/16989\/revisions\/18406"}],"wp:featuredmedia":[{"embeddable":true,"href":"https:\/\/www.vita-explorers.dk\/blog\/wp-json\/wp\/v2\/media\/9367"}],"wp:attachment":[{"href":"https:\/\/www.vita-explorers.dk\/blog\/wp-json\/wp\/v2\/media?parent=16989"}],"wp:term":[{"taxonomy":"category","embeddable":true,"href":"https:\/\/www.vita-explorers.dk\/blog\/wp-json\/wp\/v2\/categories?post=16989"},{"taxonomy":"post_tag","embeddable":true,"href":"https:\/\/www.vita-explorers.dk\/blog\/wp-json\/wp\/v2\/tags?post=16989"}],"curies":[{"name":"wp","href":"https:\/\/api.w.org\/{rel}","templated":true}]}}