{"id":17117,"date":"2024-08-05T03:57:41","date_gmt":"2024-08-05T01:57:41","guid":{"rendered":"https:\/\/www.globalong.com\/blog\/?p=17117"},"modified":"2025-12-02T18:40:41","modified_gmt":"2025-12-02T17:40:41","slug":"obligatorisk-praktik-i-2-g-med-vita-i-udlandet-juni-2025","status":"publish","type":"post","link":"https:\/\/www.vita-explorers.dk\/blog\/obligatorisk-praktik-i-2-g-med-vita-i-udlandet-juni-2025\/","title":{"rendered":"Erhvervspraktik i 2.g i udlandet i juni 2026"},"content":{"rendered":"<h1 style=\"text-align: justify;\"><span style=\"font-size: 18pt;\">Find det bedste obligatoriske praktikophold i 2.g i udlandet i juni 2026<\/span><\/h1>\n<h2 style=\"text-align: justify;\">Hvordan finder man et 2 ugers praktikophold i udlandet i juni?<\/h2>\n<p style=\"text-align: justify;\"><a href=\"https:\/\/www.vita-explorers.dk\/blog\/studiepraktik-i-udlandet-bts\/\" target=\"_blank\" rel=\"noopener\">Obligatoriske praktikophold<\/a> i 2.g i udlandet er i dag en vigtig del af gymnasiets uddannelsesforl\u00f8b.<br \/>\nDe fungerer som en bro mellem det, man l\u00e6rer i undervisningen, og praktisk erfaring i virkeligheden.<br \/>\nDet g\u00e6lder is\u00e6r for <strong>elever i 2.g<\/strong>, som st\u00e5r ved et naturligt vendepunkt i deres skole- og karrierevalg.<br \/>\n<strong>I juni 2026<\/strong> f\u00e5r disse elever en sp\u00e6ndende mulighed gennem et <strong>program for obligatorisk praktik i udlandet<\/strong>.<br \/>\nI denne artikel gennemg\u00e5r vi hovedlinjerne i programmet, hvorfor det er relevant, hvordan man forbereder sig, og hvilke erfaringer det kan give.<\/p>\n<p style=\"text-align: justify;\"><img loading=\"lazy\" decoding=\"async\" class=\"aligncenter wp-image-7555 size-medium\" src=\"https:\/\/www.vita-explorers.dk\/blog\/wp-content\/uploads\/2017\/11\/Australie-Globalong-excursion-min-300x205.jpg\" alt=\"Praktikophold i 2.g juni 2026\" width=\"300\" height=\"205\" srcset=\"https:\/\/www.vita-explorers.dk\/blog\/wp-content\/uploads\/2017\/11\/Australie-Globalong-excursion-min-300x205.jpg 300w, https:\/\/www.vita-explorers.dk\/blog\/wp-content\/uploads\/2017\/11\/Australie-Globalong-excursion-min-768x526.jpg 768w, https:\/\/www.vita-explorers.dk\/blog\/wp-content\/uploads\/2017\/11\/Australie-Globalong-excursion-min-150x103.jpg 150w, https:\/\/www.vita-explorers.dk\/blog\/wp-content\/uploads\/2017\/11\/Australie-Globalong-excursion-min.jpg 789w\" sizes=\"(max-width: 300px) 100vw, 300px\" \/><\/p>\n<h2 style=\"text-align: justify;\"><strong>Forst\u00e5 det obligatoriske praktikophold i 2.g i udlandet<\/strong><\/h2>\n<h3 style=\"text-align: justify;\"><strong>Hvad er et obligatorisk praktikophold i 2.g i udlandet?<\/strong><\/h3>\n<p style=\"text-align: justify;\">Et obligatorisk praktikophold er en periode med erhvervserfaring, der indg\u00e5r som en del af skoleforl\u00f8bet.<br \/>\nDet er skabt for at give en f\u00f8rste reel introduktion til en arbejdsplads og hverdagen p\u00e5 jobbet.<br \/>\nP\u00e5 den m\u00e5de supplerer det den teoretiske viden fra undervisningen.<br \/>\nFor <strong>elever i 2.g<\/strong> fungerer praktikken som en indgang til forskellige job- og uddannelsesmuligheder.<br \/>\nDen hj\u00e6lper dem med at afklare interesser og tr\u00e6ffe mere oplyste valg om deres n\u00e6ste skridt.<\/p>\n<h3 style=\"text-align: justify;\"><strong>Hvorfor er det vigtigt for elever i 2.g?<\/strong><\/h3>\n<p style=\"text-align: justify;\"><strong>For elever i 2.g er et obligatorisk praktikophold<\/strong> i udlandet i juni 2026 et vigtigt skridt.<br \/>\nFor det f\u00f8rste styrker det centrale kompetencer som samarbejde, kommunikation og probleml\u00f8sning.<br \/>\nFor det andet giver det et f\u00f8rste indblik i arbejdslivet og i de brancher, der kan v\u00e6kke interesse.<br \/>\nDerudover kan et praktikophold p\u00e5 dette tidspunkt i skoleforl\u00f8bet p\u00e5virke valg af studieretning, \u00f8ge motivationen for videre uddannelse med et klarere m\u00e5l og<br \/>\n<a href=\"https:\/\/www.vita-explorers.dk\/blog\/humanitaer-rejse-etudiant\/\">styrke CV\u2019et<\/a>, hvilket kan v\u00e6re en fordel senere.<\/p>\n<p style=\"text-align: justify;\"><img loading=\"lazy\" decoding=\"async\" class=\"aligncenter wp-image-15772 size-medium\" src=\"https:\/\/www.vita-explorers.dk\/blog\/wp-content\/uploads\/2023\/10\/engagement-humanitaire-des-jeunes-300x296.png\" alt=\"Obligatorisk praktikophold i 2.g\" width=\"300\" height=\"296\" srcset=\"https:\/\/www.vita-explorers.dk\/blog\/wp-content\/uploads\/2023\/10\/engagement-humanitaire-des-jeunes-300x296.png 300w, https:\/\/www.vita-explorers.dk\/blog\/wp-content\/uploads\/2023\/10\/engagement-humanitaire-des-jeunes-1024x1009.png 1024w, https:\/\/www.vita-explorers.dk\/blog\/wp-content\/uploads\/2023\/10\/engagement-humanitaire-des-jeunes-768x757.png 768w, https:\/\/www.vita-explorers.dk\/blog\/wp-content\/uploads\/2023\/10\/engagement-humanitaire-des-jeunes-1536x1513.png 1536w, https:\/\/www.vita-explorers.dk\/blog\/wp-content\/uploads\/2023\/10\/engagement-humanitaire-des-jeunes.png 1870w\" sizes=\"(max-width: 300px) 100vw, 300px\" \/><\/p>\n<h2 style=\"text-align: justify;\"><strong>VITA Institutes rolle i at organisere det obligatoriske praktikophold i 2.g i udlandet i juni 2026<\/strong><\/h2>\n<h3 style=\"text-align: justify;\"><strong>Pr\u00e6sentation af VITA Institute<\/strong><\/h3>\n<p style=\"text-align: justify;\"><a href=\"https:\/\/www.vita-explorers.dk\/association-globalong.html\">VITA Institute<\/a> arbejder for at fremme internationale udvekslinger gennem l\u00e6ringsforl\u00f8b, internationale ophold og frivilligt engagement.<br \/>\nGennem flere \u00e5r har VITA faciliteret praktikophold, frivillige projekter og kulturelle immersion-ophold.<br \/>\n<strong>VITA har allerede st\u00f8ttet mange elever og studerende i at gennemf\u00f8re internationale praktikforl\u00f8b, frivillige projekter og ophold i udlandet.<\/strong><\/p>\n<h2 style=\"text-align: justify;\"><strong>VITA Institutes form\u00e5l og vision<\/strong><\/h2>\n<p style=\"text-align: justify;\">VITA Institutes form\u00e5l er <strong>at give unge og studerende nye perspektiver<\/strong> gennem <strong>gennemarbejdede erfaringer i udlandet<\/strong>.<br \/>\nOrganisationen vil underst\u00f8tte personlig udvikling, nysgerrighed og kompetencer, der kan bruges videre i uddannelse og arbejdsliv.<br \/>\nP\u00e5 l\u00e6ngere sigt er m\u00e5let at bidrage til en verden, hvor interkulturel forst\u00e5else og internationalt samarbejde bliver taget alvorligt og v\u00e6rdsat i praksis.<\/p>\n<h2 style=\"text-align: justify;\"><strong>Obligatorisk praktikophold i 2.g i udlandet: en s\u00e6rlig mulighed<\/strong><\/h2>\n<h3 style=\"text-align: justify;\"><strong>Fordelene ved et internationalt praktikophold<\/strong><\/h3>\n<p style=\"text-align: justify;\"><strong>At deltage i et <a href=\"https:\/\/www.vita-explorers.dk\/blog\/find-en-praktik-i-2g-i-juni\/\" target=\"_blank\" rel=\"noopener\">praktikophold i 2.g i udlandet<\/a><\/strong> i juni 2026 rummer mange fordele.<br \/>\nF\u00f8rst og fremmest m\u00f8der eleverne en ny kultur og en anden hverdag.<br \/>\nDe kan samtidig forbedre deres sprogkundskaber og f\u00e5 et bredere blik p\u00e5 verden.<br \/>\nDerudover styrker oplevelsen ofte b\u00e5de selvtillid, selvst\u00e6ndighed og evnen til at omstille sig i nye situationer.<br \/>\nEndelig bliver et <a href=\"https:\/\/www.vita-explorers.dk\/blog\/VITA-tips: S\u00e5dan fremh\u00e6ver du dit engagement som deltager p\u00e5 LinkedIn\/\">internationalt praktikophold p\u00e5 CV\u2019et<\/a> ofte positivt vurderet af arbejdsgivere, fordi det viser fleksibilitet, nysgerrighed og \u00e5benhed.<\/p>\n<p style=\"text-align: justify;\"><img loading=\"lazy\" decoding=\"async\" class=\"aligncenter wp-image-12629 size-medium\" src=\"https:\/\/www.vita-explorers.dk\/blog\/wp-content\/uploads\/2019\/05\/Excursion-min-300x225.jpg\" alt=\"Unge p\u00e5 sommerforl\u00f8b i Irland\" width=\"300\" height=\"225\" srcset=\"https:\/\/www.vita-explorers.dk\/blog\/wp-content\/uploads\/2019\/05\/Excursion-min-300x225.jpg 300w, https:\/\/www.vita-explorers.dk\/blog\/wp-content\/uploads\/2019\/05\/Excursion-min-150x113.jpg 150w, https:\/\/www.vita-explorers.dk\/blog\/wp-content\/uploads\/2019\/05\/Excursion-min.jpg 520w\" sizes=\"(max-width: 300px) 100vw, 300px\" \/><\/p>\n<h3 style=\"text-align: justify;\"><strong>Kulturudveksling og personlig udvikling<\/strong><\/h3>\n<p style=\"text-align: justify;\"><strong>En af de mest v\u00e6rdifulde dele af et praktikophold i udlandet er kulturudvekslingen.<\/strong><br \/>\nEleverne bor i et andet land, m\u00f8der mennesker med forskellige baggrunde og l\u00e6rer nye vaner at kende.<br \/>\nDen type immersion underst\u00f8tter personlig udvikling og giver en dybere forst\u00e5else af omverdenen.<br \/>\nLidt efter lidt bliver mange mere selvst\u00e6ndige, mere rummelige og mere trygge ved forskellighed.<\/p>\n<h2 style=\"text-align: justify;\"><strong>Forberedelse til obligatorisk praktikophold i 2.g i udlandet<\/strong><\/h2>\n<h3 style=\"text-align: justify;\"><strong>Krav og ans\u00f8gningsproces<\/strong><\/h3>\n<p style=\"text-align: justify;\">For at <strong>deltage i praktikprogrammet<\/strong> arrangeret af <strong>VITA<\/strong> skal eleverne leve op til nogle grundl\u00e6ggende kriterier.<br \/>\n<strong>De skal v\u00e6re elever i 2.g<\/strong>, have et basalt niveau i v\u00e6rtslandets sprog eller engelsk og kunne vise tydelig motivation.<br \/>\nDe skal ogs\u00e5 v\u00e6re indstillet p\u00e5 at indg\u00e5 i en international hverdag.<br \/>\nAns\u00f8gningsprocessen best\u00e5r typisk af en online formular, indsendelse af relevante skole- og personlige dokumenter og i nogle tilf\u00e6lde en samtale.<\/p>\n<h3 style=\"text-align: justify;\"><strong>S\u00e5dan forbereder du din ans\u00f8gning<\/strong><\/h3>\n<p style=\"text-align: justify;\">En gennemt\u00e6nkt ans\u00f8gning \u00f8ger chancen for at blive optaget.<br \/>\nEleverne b\u00f8r sikre, at alle dokumenter er komplette og lette at forst\u00e5.<br \/>\n<a href=\"https:\/\/www.vita-explorers.dk\/blog\/hvordan-skriver-man-en-motiveret-ansoegning-til-frivilligt-arbejde-i-udlandet\/\">En st\u00e6rk motiveret ans\u00f8gning<\/a> er vigtig.<br \/>\nDen skal forklare, hvorfor man \u00f8nsker opholdet, hvad man h\u00e5ber at l\u00e6re, og hvad man selv kan bidrage med.<br \/>\nDet kan ogs\u00e5 v\u00e6re en fordel at f\u00e5 en anbefaling fra en l\u00e6rer eller en anden relevant voksen.<\/p>\n<h3 style=\"text-align: justify;\"><strong>\u00d8konomi og legater<\/strong><\/h3>\n<p style=\"text-align: justify;\"><strong>Et obligatorisk praktikophold i 2.g i udlandet<\/strong> indeb\u00e6rer udgifter.<br \/>\nDer findes dog muligheder for at mindske \u00f8konomien.<br \/>\nMan kan fx unders\u00f8ge eksterne legater eller arrangere en <a href=\"https:\/\/www.vita-explorers.dk\/blog\/indsamling-af-fonde-fordelene-ved-en-online-indsamling\/\">indsamling<\/a> online.<br \/>\nCrowdfunding kan g\u00f8re det muligt at engagere familie, venner eller netv\u00e6rk omkring projektet.<\/p>\n<p style=\"text-align: justify;\"><img loading=\"lazy\" decoding=\"async\" class=\"aligncenter wp-image-12444 size-medium\" src=\"https:\/\/www.vita-explorers.dk\/blog\/wp-content\/uploads\/2019\/03\/Jeux-des-enfants-dans-la-cour-GlobAlong-min-300x169.jpg\" alt=\"Praktikophold i udlandet\" width=\"300\" height=\"169\" srcset=\"https:\/\/www.vita-explorers.dk\/blog\/wp-content\/uploads\/2019\/03\/Jeux-des-enfants-dans-la-cour-GlobAlong-min-300x169.jpg 300w, https:\/\/www.vita-explorers.dk\/blog\/wp-content\/uploads\/2019\/03\/Jeux-des-enfants-dans-la-cour-GlobAlong-min-768x432.jpg 768w, https:\/\/www.vita-explorers.dk\/blog\/wp-content\/uploads\/2019\/03\/Jeux-des-enfants-dans-la-cour-GlobAlong-min-1024x576.jpg 1024w, https:\/\/www.vita-explorers.dk\/blog\/wp-content\/uploads\/2019\/03\/Jeux-des-enfants-dans-la-cour-GlobAlong-min-150x84.jpg 150w\" sizes=\"(max-width: 300px) 100vw, 300px\" \/><\/p>\n<h2 style=\"text-align: justify;\"><strong>Praktik, rejse og planl\u00e6gning<\/strong><\/h2>\n<h3 style=\"text-align: justify;\"><strong>Planl\u00e6gning af rejsen<\/strong><\/h3>\n<p style=\"text-align: justify;\">God rejseforberedelse er vigtig for at f\u00e5 et roligt og trygt praktikophold.<br \/>\nDet kan omfatte booking af fly, tjek af ID og pas, eventuelle visumkrav og planl\u00e6gning af transport mellem lufthavn og praktiksted.<br \/>\nDet anbefales at booke flybilletter flere m\u00e5neder i forvejen.<br \/>\nS\u00e5 kan man ofte f\u00e5 bedre priser og undg\u00e5 stress t\u00e6t p\u00e5 afrejse.<\/p>\n<h3 style=\"text-align: justify;\"><strong>Muligheder for indkvartering<\/strong><\/h3>\n<p style=\"text-align: justify;\">Indkvartering afh\u00e6nger af destination og programtype.<br \/>\nElever kan bo i v\u00e6rtsfamilie, p\u00e5 kollegium eller i delelejlighed.<br \/>\nHver l\u00f8sning har sine fordele.<br \/>\nV\u00e6rtsfamilie giver typisk en t\u00e6t kulturudveksling og en tryg ramme.<br \/>\nOmvendt giver kollegium eller delelejlighed ofte mere selvst\u00e6ndighed.<\/p>\n<h3 style=\"text-align: justify;\"><strong>Sundhed og sikkerhed<\/strong><\/h3>\n<p style=\"text-align: justify;\">Elevernes sundhed og tryghed er en prioritet for VITA.<br \/>\nInden afrejse b\u00f8r eleverne sikre, at de har de <a href=\"https:\/\/www.vita-explorers.dk\/blog\/rejseforsikring-og-vacciner-paa-et-internationalt-forloeb\/\">n\u00f8dvendige vaccinationer og en rejse-\/sygeforsikring<\/a> <strong>der d\u00e6kker medicinske udgifter i udlandet<\/strong>.<br \/>\nDerudover er det vigtigt at orientere sig i v\u00e6rtslandets sikkerhedsr\u00e5d og f\u00f8lge anbefalinger fra organisationen og relevante myndigheder.<\/p>\n<p style=\"text-align: justify;\"><img loading=\"lazy\" decoding=\"async\" class=\"aligncenter wp-image-16203 size-full\" src=\"https:\/\/www.vita-explorers.dk\/blog\/wp-content\/uploads\/2024\/04\/Rennert-Teens-Miami-Baseball-Game.jpg\" alt=\"Praktikophold i 2.g\" width=\"250\" height=\"188\" \/><\/p>\n<h2 style=\"text-align: justify;\"><strong>Placering og opgaver i praktikken<\/strong><\/h2>\n<h3 style=\"text-align: justify;\"><strong>Typer af praktikpladser i et obligatorisk praktikophold i 2.g i udlandet<\/strong><\/h3>\n<p style=\"text-align: justify;\">Praktikforl\u00f8b via VITA d\u00e6kker flere omr\u00e5der.<br \/>\nElever kan derfor v\u00e6lge en retning, der passer til deres interesser.<br \/>\nBlandt de mest efterspurgte omr\u00e5der er <strong>undervisning, sundhed, lokalsamfundsudvikling, milj\u00f8 og lokale virksomheder<\/strong>.<br \/>\nHver placering har sine rammer og giver nye muligheder for l\u00e6ring.<\/p>\n<h3 style=\"text-align: justify;\"><strong>Forventede ansvarsomr\u00e5der og l\u00e6ringsudbytte<\/strong><\/h3>\n<p style=\"text-align: justify;\">Opgaverne varierer alt efter sted og omr\u00e5de.<br \/>\nTypisk st\u00f8tter eleverne de daglige teams, bidrager til konkrete aktiviteter og kommer med friske perspektiver.<br \/>\nDe opfordres til at v\u00e6re nysgerrige, stille sp\u00f8rgsm\u00e5l og gribe de l\u00e6ringsmuligheder, der opst\u00e5r.<br \/>\nEfter endt praktik vil de ofte have styrket deres arbejdsrelaterede kompetencer, l\u00f8ftet deres sprogniveau og f\u00e5et indblik i nye m\u00e5der at arbejde p\u00e5 i en international kontekst.<\/p>\n<h2 style=\"text-align: justify;\"><strong>Kulturel immersion<\/strong><\/h2>\n<h3 style=\"text-align: justify;\"><strong>At finde sig til rette i en ny kultur<\/strong><\/h3>\n<p style=\"text-align: justify;\">At bo og arbejde i et andet land kr\u00e6ver tilpasning.<br \/>\nEleverne m\u00f8der nye sociale koder, andre rytmer i hverdagen og nogle gange en anden arbejdspraksis.<br \/>\nFor at f\u00e5 en god oplevelse er det vigtigt at v\u00e6re \u00e5ben, respektfuld og villig til at l\u00e6re.<br \/>\nDenne immersion er en integreret del af <strong>praktikopholdet<\/strong> og kan bidrage meget til elevernes modenhed.<\/p>\n<p style=\"text-align: justify;\"><img loading=\"lazy\" decoding=\"async\" class=\"aligncenter wp-image-19340 size-medium\" src=\"https:\/\/www.vita-explorers.dk\/blog\/wp-content\/uploads\/2024\/11\/14935692134_92d9c45a0c-300x200.jpg\" alt=\"Praktikophold i 2.g i USA i 2026\" width=\"300\" height=\"200\" srcset=\"https:\/\/www.vita-explorers.dk\/blog\/wp-content\/uploads\/2024\/11\/14935692134_92d9c45a0c-300x200.jpg 300w, https:\/\/www.vita-explorers.dk\/blog\/wp-content\/uploads\/2024\/11\/14935692134_92d9c45a0c.jpg 500w\" sizes=\"(max-width: 300px) 100vw, 300px\" \/><\/p>\n<h3 style=\"text-align: justify;\"><strong>Muligheder for sprogtr\u00e6ning<\/strong><\/h3>\n<p style=\"text-align: justify;\"><strong>Et obligatorisk praktikophold i 2.g i udlandet<\/strong> giver ogs\u00e5 gode muligheder for at blive bedre til sprog.<br \/>\nEleverne \u00f8ver sig hver dag med modersm\u00e5lstalere \u2013 b\u00e5de p\u00e5 praktikstedet, der hvor de bor, og i fritiden.<br \/>\nDe kan tage sprogundervisning, men l\u00e6rer ogs\u00e5 meget i praksis, hvilket ofte er s\u00e6rligt effektivt.<\/p>\n<h2 style=\"text-align: justify;\"><strong>St\u00f8tte og sparring<\/strong><\/h2>\n<h3 style=\"text-align: justify;\"><strong>Mentorers og vejlederes rolle<\/strong><\/h3>\n<p style=\"text-align: justify;\">Mentorer og vejledere spiller en vigtig rolle i praktikoplevelsen \u2013 is\u00e6r for elever i 2.g.<br \/>\nDe giver tydelige rammer, deler erfaringer og giver l\u00f8bende feedback p\u00e5 det, der bliver lavet.<br \/>\nDe er ogs\u00e5 tilg\u00e6ngelige, hvis der opst\u00e5r sp\u00f8rgsm\u00e5l eller udfordringer, og hj\u00e6lper med at sikre en god integration i teamet.<\/p>\n<h3 style=\"text-align: justify;\"><strong>F\u00e6llesskab med andre deltagere og netv\u00e6rk<\/strong><\/h3>\n<p style=\"text-align: justify;\">St\u00f8tte fra andre deltagere kan ogs\u00e5 betyde meget.<br \/>\nEleverne kan dele oplevelser, vende usikkerheder og fejre sm\u00e5 succeser sammen.<br \/>\nOver tid kan de kontakter udvikle sig til et netv\u00e6rk, der kan v\u00e6re nyttigt senere.<br \/>\nAt deltage i sociale aktiviteter og arrangementer organiseret af VITA er en god m\u00e5de at tage de f\u00f8rste skridt.<\/p>\n<p style=\"text-align: justify;\"><img loading=\"lazy\" decoding=\"async\" class=\"aligncenter wp-image-19341 size-medium\" src=\"https:\/\/www.vita-explorers.dk\/blog\/wp-content\/uploads\/2024\/11\/15369900889_47340030c7-300x200.jpg\" alt=\"Praktikophold i udlandet 2 uger \" width=\"300\" height=\"200\" srcset=\"https:\/\/www.vita-explorers.dk\/blog\/wp-content\/uploads\/2024\/11\/15369900889_47340030c7-300x200.jpg 300w, https:\/\/www.vita-explorers.dk\/blog\/wp-content\/uploads\/2024\/11\/15369900889_47340030c7.jpg 499w\" sizes=\"(max-width: 300px) 100vw, 300px\" \/><\/p>\n<h2 style=\"text-align: justify;\"><strong>Udfordringer \u2013 og hvordan man h\u00e5ndterer dem<\/strong><\/h2>\n<h3 style=\"text-align: justify;\"><strong>Typiske udfordringer for praktikanter<\/strong><\/h3>\n<p style=\"text-align: justify;\">Praktikanter kan m\u00f8de flere udfordringer.<br \/>\nDet kan fx v\u00e6re hjemve, kulturforskelle eller sproglige barrierer.<br \/>\nTilpasningen til en ny arbejdsplads kan ogs\u00e5 f\u00f8les uvant \u2013 is\u00e6r i begyndelsen.<\/p>\n<h3 style=\"text-align: justify;\"><strong>R\u00e5d til at komme godt igennem udfordringerne<\/strong><\/h3>\n<p style=\"text-align: justify;\">For at h\u00e5ndtere udfordringerne hj\u00e6lper det at v\u00e6re t\u00e5lmodig og holde fast i en konstruktiv tilgang.<br \/>\n\u00c5ben kommunikation med teamet, fokus p\u00e5 b\u00e5de mental og fysisk trivsel og deltagelse i sociale aktiviteter g\u00f8r ofte en stor forskel.<br \/>\nDet er ogs\u00e5 en god id\u00e9 at s\u00e6tte sm\u00e5, realistiske m\u00e5l og anerkende hver fremgang.<br \/>\nP\u00e5 den m\u00e5de kan eleverne tydeligt se deres udvikling undervejs i praktikopholdet.<\/p>\n<h2 style=\"text-align: justify;\"><strong>Gode erfaringer fra obligatoriske praktikophold i 2.g i udlandet<\/strong><\/h2>\n<h3 style=\"text-align: justify;\"><strong>Erfaringer fra tidligere deltagere<\/strong><\/h3>\n<p style=\"text-align: justify;\">Mange <a href=\"https:\/\/www.vita-explorers.dk\/blog\/avis-globalong\/\">tidligere deltagere deler oplevelser<\/a> fra deres forl\u00f8b med VITA.<br \/>\nDe fort\u00e6ller, hvordan praktikken har hjulpet dem med at afklare interesser, f\u00e5 mere selvtillid og st\u00e5 st\u00e6rkere i forhold til studie- og karrierevalg.<br \/>\nDe erfaringer peger p\u00e5, at den type internationale forl\u00f8b kan have en tydelig positiv effekt.<\/p>\n<h3 style=\"text-align: justify;\"><strong>Praktikkens betydning for uddannelse og karriere<\/strong><\/h3>\n<p style=\"text-align: justify;\"><strong>For mange har praktikforl\u00f8bet med VITA v\u00e6ret et springbr\u00e6t.<\/strong><br \/>\nNogle er senere blevet ansat i internationale virksomheder, andre er kommet ind p\u00e5 anerkendte universiteter, og enkelte har startet deres egne projekter.<br \/>\nF\u00e6lles er, at erfaringerne fra praktikken har haft betydning for deres videre vej.<\/p>\n<h3 style=\"text-align: justify;\"><strong>FAQ<\/strong><\/h3>\n<h3 style=\"text-align: justify;\"><strong>Hvilke krav skal man opfylde for at komme i obligatorisk praktik i 2.g i udlandet?<\/strong><\/h3>\n<p style=\"text-align: justify;\">For at komme i betragtning skal eleverne g\u00e5 i 2.g, have et basalt niveau i v\u00e6rtslandets sprog eller engelsk og kunne vise tydelig motivation.<br \/>\nDe skal ogs\u00e5 v\u00e6re indstillet p\u00e5 at tilpasse sig en international hverdag.<\/p>\n<h3 style=\"text-align: justify;\"><strong>Hvordan kan jeg finansiere mit obligatoriske praktikophold i 2.g i udlandet?<\/strong><\/h3>\n<p style=\"text-align: justify;\">Der findes flere muligheder, fx lokale st\u00f8tteordninger, eksterne legater eller crowdfunding.<br \/>\nDet er en god id\u00e9 at starte planl\u00e6gningen s\u00e5 tidligt som muligt.<\/p>\n<h3 style=\"text-align: justify;\"><strong>Hvilken type indkvartering tilbydes?<\/strong><\/h3>\n<p style=\"text-align: justify;\">Mulighederne omfatter v\u00e6rtsfamilie, kollegium og delelejlighed.<br \/>\nHver l\u00f8sning har sine fordele, og eleverne kan v\u00e6lge den, der passer bedst til deres behov.<\/p>\n<h3 style=\"text-align: justify;\"><strong>Hvilke udfordringer m\u00f8der elever i 2.g oftest under praktik i udlandet?<\/strong><\/h3>\n<p style=\"text-align: justify;\">De mest almindelige udfordringer er hjemve, kulturforskelle og sprog.<br \/>\nDet kan ogs\u00e5 tage lidt tid at falde til i et nyt arbejdsmilj\u00f8.<\/p>\n<h3 style=\"text-align: justify;\"><strong>Hvilken st\u00f8tte f\u00e5r man under et obligatorisk praktikophold i 2.g i udlandet?<\/strong><\/h3>\n<p style=\"text-align: justify;\">Deltagerne f\u00e5r st\u00f8tte fra organisationen f\u00f8r, under og efter praktikopholdet.<br \/>\nTeamet er tilg\u00e6ngeligt, hvis der opst\u00e5r sp\u00f8rgsm\u00e5l eller udfordringer.<\/p>\n<h3 style=\"text-align: justify;\"><strong>Hvad er fordelene ved et obligatorisk praktikophold i 2.g i udlandet for min fremtidige karriere?<\/strong><\/h3>\n<p style=\"text-align: justify;\">Et internationalt praktikophold kan styrke sprogkundskaber, give st\u00f8rre kulturel forst\u00e5else og give en f\u00f8rste erhvervserfaring, der er relevant p\u00e5 et CV.<br \/>\nDet kan g\u00f8re en m\u00e6rkbar forskel senere.<\/p>\n<p style=\"text-align: justify;\"><strong>Et obligatorisk praktikophold i 2.g i udlandet<\/strong> med VITA i <strong>juni 2026<\/strong> er derfor en rigtig god mulighed for gymnasieelever.<br \/>\nOpholdet kan styrke brugbare kompetencer, give en tydelig kulturudveksling og g\u00f8re det lettere at planl\u00e6gge n\u00e6ste skridt.<br \/>\nMed god forberedelse, relevant st\u00f8tte og en \u00e5ben tilgang kan eleverne f\u00e5 meget ud af oplevelsen \u2013 og tage v\u00e6rdifulde erfaringer med sig videre i en verden, der i stigende grad h\u00e6nger sammen.<\/p>\n<h3 style=\"text-align: justify;\"><strong><br \/>\n<b>Vil du h\u00f8re mere om VITA og vores community, s\u00e5 f\u00f8lg med p\u00e5 <\/b><br \/>\n<a href=\"https:\/\/www.instagram.com\/globalongofficiel\/\"><span class=\"s2\"><b>Instagram<\/b><\/span><\/a><b>, <\/b><br \/>\n<a href=\"https:\/\/www.tiktok.com\/@globalong\"><span class=\"s2\"><b>TikTok<\/b><\/span><\/a><b>, <\/b><br \/>\n<a href=\"https:\/\/www.facebook.com\/globalong\"><span class=\"s2\"><b>Facebook<\/b><\/span><\/a><b>, <\/b><br \/>\n<a href=\"https:\/\/www.linkedin.com\/company\/5113177\/admin\/feed\/posts\/\"><span class=\"s2\"><b>LinkedIn<\/b><\/span><\/a><b> og <\/b><br \/>\n<a href=\"https:\/\/www.youtube.com\/c\/globalong\/videos\"><span class=\"s2\"><b>YouTube<\/b><\/span><\/a><b>! <\/b><br \/>\n<\/strong><\/h3>\n<p style=\"text-align: justify;\"><div class=\"ti-widget ti-goog\" data-layout-id=\"4\" data-set-id=\"light-background\" data-pid=\"\" data-language=\"fr\" data-version=\"2\" data-review-target-width=\"300\" data-review-text-mode=\"readmore\" data-pager-autoplay-timeout=\"6\" > <div class=\"ti-widget-container ti-col-3\"> <div class=\"ti-reviews-container\"> <div class=\"ti-controls\"> <div class=\"ti-next\" aria-label=\"Avis suivante\" role=\"button\"><\/div> <div class=\"ti-prev\" aria-label=\"Avis pr\u00e9c\u00e9dent\" role=\"button\"><\/div> <\/div> <div class=\"ti-reviews-container-wrapper\">  <div data-empty=\"0\" class=\"ti-review-item source-Google ti-image-layout-thumbnail\" data-id=\"cfcd208495d565ef66e7dff9f98764da\" > <div class=\"ti-inner\"> <div class=\"ti-review-header\"> <div class=\"ti-profile-img\"> <img decoding=\"async\" src=\"https:\/\/lh3.googleusercontent.com\/a\/ACg8ocKpaoKe37CD0_POxO97KqB60GsWQRsIuG2vmCfXT-W_FY44vw=s120-c-rp-mo-br100\" srcset=\"https:\/\/lh3.googleusercontent.com\/a\/ACg8ocKpaoKe37CD0_POxO97KqB60GsWQRsIuG2vmCfXT-W_FY44vw=s120-c-rp-mo-br100 2x\" alt=\"Lucie Correia\" loading=\"lazy\" \/> <\/div> <div class=\"ti-profile-details\"> <div class=\"ti-name\"> Lucie Correia <\/div> <div class=\"ti-date\">2024-10-17<\/div> <\/div> <\/div> <span class=\"ti-stars\"><span class=\"ti-star f\"><\/span><span class=\"ti-star f\"><\/span><span class=\"ti-star f\"><\/span><span class=\"ti-star f\"><\/span><span class=\"ti-star f\"><\/span><\/span> <div class=\"ti-review-text-container ti-review-content\"><!-- R-CONTENT -->La communication avec Globalong est super, personnes tr\u00e8s pr\u00e9sentes pour les b\u00e9n\u00e9voles et \u00e9tudiants partant avec cette association. Elles r\u00e9pondent \u00e0 toutes nos questions et sont tr\u00e8s accessibles au t\u00e9l\u00e9phone.<!-- R-CONTENT --><\/div> <span class=\"ti-read-more\" data-container=\".ti-review-content\" data-collapse-text=\"Cacher\" data-open-text=\"Lire la suite\" ><\/span> <\/div> <\/div>  <div data-empty=\"0\" class=\"ti-review-item source-Google ti-image-layout-thumbnail\" data-id=\"cfcd208495d565ef66e7dff9f98764da\" > <div class=\"ti-inner\"> <div class=\"ti-review-header\"> <div class=\"ti-profile-img\"> <img decoding=\"async\" src=\"https:\/\/lh3.googleusercontent.com\/a-\/ALV-UjWqnnzM7-7c9BDqeTDF-a7pOgNjvLkJ3WshRd_Tn7z0Eu-AGQwo=s120-c-rp-mo-br100\" srcset=\"https:\/\/lh3.googleusercontent.com\/a-\/ALV-UjWqnnzM7-7c9BDqeTDF-a7pOgNjvLkJ3WshRd_Tn7z0Eu-AGQwo=s120-c-rp-mo-br100 2x\" alt=\"Ra\u00efssa Frisch\" loading=\"lazy\" \/> <\/div> <div class=\"ti-profile-details\"> <div class=\"ti-name\"> Ra\u00efssa Frisch <\/div> <div class=\"ti-date\">2024-10-14<\/div> <\/div> <\/div> <span class=\"ti-stars\"><span class=\"ti-star f\"><\/span><span class=\"ti-star f\"><\/span><span class=\"ti-star f\"><\/span><span class=\"ti-star f\"><\/span><span class=\"ti-star f\"><\/span><\/span> <div class=\"ti-review-text-container ti-review-content\"><!-- R-CONTENT -->J\u2019ai d\u00e9j\u00e0 eu l\u2019opportunit\u00e9 de r\u00e9aliser deux projets humanitaires avec l\u2019association Globalong. Je ne peux que la recommander, car j\u2019ai toujours b\u00e9n\u00e9fici\u00e9 d\u2019un excellent accompagnement, aussi bien avant que pendant le voyage. On ne vous laisse pas vous d\u00e9brouiller seuls, bien au contraire, vous \u00eates tr\u00e8s bien encadr\u00e9s pour accomplir toutes les d\u00e9marches dans les d\u00e9lais.\n\nAu-del\u00e0 du suivi, les exp\u00e9riences humanitaires propos\u00e9es par Globalong ne peuvent que transformer votre vie de mani\u00e8re positive. Elles vous apportent une richesse humaine inestimable.<!-- R-CONTENT --><\/div> <span class=\"ti-read-more\" data-container=\".ti-review-content\" data-collapse-text=\"Cacher\" data-open-text=\"Lire la suite\" ><\/span> <\/div> <\/div>  <div data-empty=\"0\" class=\"ti-review-item source-Google ti-image-layout-thumbnail\" data-id=\"cfcd208495d565ef66e7dff9f98764da\" > <div class=\"ti-inner\"> <div class=\"ti-review-header\"> <div class=\"ti-profile-img\"> <img decoding=\"async\" src=\"https:\/\/lh3.googleusercontent.com\/a\/ACg8ocJL-Dxv25YkXK2QwWPNRxTVqZCv5uTmDQDFg5qslKra3vRZew=s120-c-rp-mo-br100\" srcset=\"https:\/\/lh3.googleusercontent.com\/a\/ACg8ocJL-Dxv25YkXK2QwWPNRxTVqZCv5uTmDQDFg5qslKra3vRZew=s120-c-rp-mo-br100 2x\" alt=\"Tara Turan\" loading=\"lazy\" \/> <\/div> <div class=\"ti-profile-details\"> <div class=\"ti-name\"> Tara Turan <\/div> <div class=\"ti-date\">2024-10-14<\/div> <\/div> <\/div> <span class=\"ti-stars\"><span class=\"ti-star f\"><\/span><span class=\"ti-star f\"><\/span><span class=\"ti-star f\"><\/span><span class=\"ti-star f\"><\/span><span class=\"ti-star f\"><\/span><\/span> <div class=\"ti-review-text-container ti-review-content\"><!-- R-CONTENT -->Une des meilleures associations que j\u2019ai pu faire !\nUne organisation et un suivi vraiment parfait, c\u2019est avec grand plaisir que je referai un projet avec eux.<!-- R-CONTENT --><\/div> <span class=\"ti-read-more\" data-container=\".ti-review-content\" data-collapse-text=\"Cacher\" data-open-text=\"Lire la suite\" ><\/span> <\/div> <\/div>  <div data-empty=\"0\" class=\"ti-review-item source-Google ti-image-layout-thumbnail\" data-id=\"cfcd208495d565ef66e7dff9f98764da\" > <div class=\"ti-inner\"> <div class=\"ti-review-header\"> <div class=\"ti-profile-img\"> <img decoding=\"async\" src=\"https:\/\/lh3.googleusercontent.com\/a\/ACg8ocLctTPNovSk3eKM0b_MIPOfcFEQsz2135Cdu59_BWRVsIYC7Q=s120-c-rp-mo-br100\" srcset=\"https:\/\/lh3.googleusercontent.com\/a\/ACg8ocLctTPNovSk3eKM0b_MIPOfcFEQsz2135Cdu59_BWRVsIYC7Q=s120-c-rp-mo-br100 2x\" alt=\"Repiquet Julie\" loading=\"lazy\" \/> <\/div> <div class=\"ti-profile-details\"> <div class=\"ti-name\"> Repiquet Julie <\/div> <div class=\"ti-date\">2024-10-13<\/div> <\/div> <\/div> <span class=\"ti-stars\"><span class=\"ti-star f\"><\/span><span class=\"ti-star f\"><\/span><span class=\"ti-star f\"><\/span><span class=\"ti-star f\"><\/span><span class=\"ti-star f\"><\/span><\/span> <div class=\"ti-review-text-container ti-review-content\"><!-- R-CONTENT -->Tr\u00e8s bon accompagnement de la part de Globalong, du premier jour avec toutes mes interrogations, jusqu'au d\u00e9part dans quelques jours. Le dossier transmis apr\u00e8s validation de la mission est plus que complet, les webmaster tr\u00e8s int\u00e9ressantes et permettent de d\u00e9charger mentalement ce genre de pr\u00e9paration, tout est pr\u00e9vu il n'y a plus qu'\u00e0 suivre ! Merci \u00e0 Florence de r\u00e9pondre \u00e0 toutes mes questions avec gentillesse et bienveillance, cela m'a permis de passer le cap!\nMaintenant, il n'y a plus qu'\u00e0 \ud83d\ude00<!-- R-CONTENT --><\/div> <span class=\"ti-read-more\" data-container=\".ti-review-content\" data-collapse-text=\"Cacher\" data-open-text=\"Lire la suite\" ><\/span> <\/div> <\/div>  <div data-empty=\"0\" class=\"ti-review-item source-Google ti-image-layout-thumbnail\" data-id=\"cfcd208495d565ef66e7dff9f98764da\" > <div class=\"ti-inner\"> <div class=\"ti-review-header\"> <div class=\"ti-profile-img\"> <img decoding=\"async\" src=\"https:\/\/lh3.googleusercontent.com\/a\/ACg8ocJJTdmTWs8nAA0yuH_cKOUgzc6GFAkHBiXhpnnVYXaWMBZsHw=s120-c-rp-mo-br100\" srcset=\"https:\/\/lh3.googleusercontent.com\/a\/ACg8ocJJTdmTWs8nAA0yuH_cKOUgzc6GFAkHBiXhpnnVYXaWMBZsHw=s120-c-rp-mo-br100 2x\" alt=\"Marine Guilhamat\" loading=\"lazy\" \/> <\/div> <div class=\"ti-profile-details\"> <div class=\"ti-name\"> Marine Guilhamat <\/div> <div class=\"ti-date\">2024-10-09<\/div> <\/div> <\/div> <span class=\"ti-stars\"><span class=\"ti-star f\"><\/span><span class=\"ti-star f\"><\/span><span class=\"ti-star f\"><\/span><span class=\"ti-star f\"><\/span><span class=\"ti-star f\"><\/span><\/span> <div class=\"ti-review-text-container ti-review-content\"><!-- R-CONTENT -->Tr\u00e8s belle association qui offre un cadre super s\u00e9curisant et permet de s\u2019investir dans des projets qui ont du sens. Merci \u00e0 l\u2019\u00e9quipe Globalong pour votre disponibilit\u00e9, gentillesse et accompagnement !<!-- R-CONTENT --><\/div> <span class=\"ti-read-more\" data-container=\".ti-review-content\" data-collapse-text=\"Cacher\" data-open-text=\"Lire la suite\" ><\/span> <\/div> <\/div>  <div data-empty=\"0\" class=\"ti-review-item source-Google ti-image-layout-thumbnail\" data-id=\"cfcd208495d565ef66e7dff9f98764da\" > <div class=\"ti-inner\"> <div class=\"ti-review-header\"> <div class=\"ti-profile-img\"> <img decoding=\"async\" src=\"https:\/\/lh3.googleusercontent.com\/a\/ACg8ocIgITHXKo46qgJyPqlJeAcxz11gCKUJpGIk2qauiIe2O3iZ6w=s120-c-rp-mo-br100\" srcset=\"https:\/\/lh3.googleusercontent.com\/a\/ACg8ocIgITHXKo46qgJyPqlJeAcxz11gCKUJpGIk2qauiIe2O3iZ6w=s120-c-rp-mo-br100 2x\" alt=\"Laura Mercier\" loading=\"lazy\" \/> <\/div> <div class=\"ti-profile-details\"> <div class=\"ti-name\"> Laura Mercier <\/div> <div class=\"ti-date\">2024-10-08<\/div> <\/div> <\/div> <span class=\"ti-stars\"><span class=\"ti-star f\"><\/span><span class=\"ti-star f\"><\/span><span class=\"ti-star f\"><\/span><span class=\"ti-star f\"><\/span><span class=\"ti-star f\"><\/span><\/span> <div class=\"ti-review-text-container ti-review-content\"><!-- R-CONTENT -->Mon d\u00e9part approche, je pars dans une semaine, et depuis le d\u00e9but de mon inscription je suis tr\u00e8s satisfaite du suivi effectu\u00e9 par l\u2019association. Ils sont tr\u00e8s disponibles et r\u00e9pondent rapidement \u00e0 l\u2019ensemble des questions. Je suis tr\u00e8s contente de partir faire cette mission humanitaire encadr\u00e9e par cette association. Je recommande vraiment.<!-- R-CONTENT --><\/div> <span class=\"ti-read-more\" data-container=\".ti-review-content\" data-collapse-text=\"Cacher\" data-open-text=\"Lire la suite\" ><\/span> <\/div> <\/div>  <div data-empty=\"0\" class=\"ti-review-item source-Google ti-image-layout-thumbnail\" data-id=\"cfcd208495d565ef66e7dff9f98764da\" > <div class=\"ti-inner\"> <div class=\"ti-review-header\"> <div class=\"ti-profile-img\"> <img decoding=\"async\" src=\"https:\/\/lh3.googleusercontent.com\/a-\/ALV-UjVVr0YMQhXl8QNEEB32l-rnoaYwvRZUjIEX9OEwPE_1fQwzIyk=s120-c-rp-mo-br100\" srcset=\"https:\/\/lh3.googleusercontent.com\/a-\/ALV-UjVVr0YMQhXl8QNEEB32l-rnoaYwvRZUjIEX9OEwPE_1fQwzIyk=s120-c-rp-mo-br100 2x\" alt=\"Anouk Rzkt\" loading=\"lazy\" \/> <\/div> <div class=\"ti-profile-details\"> <div class=\"ti-name\"> Anouk Rzkt <\/div> <div class=\"ti-date\">2024-10-02<\/div> <\/div> <\/div> <span class=\"ti-stars\"><span class=\"ti-star f\"><\/span><span class=\"ti-star f\"><\/span><span class=\"ti-star f\"><\/span><span class=\"ti-star f\"><\/span><span class=\"ti-star f\"><\/span><\/span> <div class=\"ti-review-text-container ti-review-content\"><!-- R-CONTENT -->Globalong est l'association parfaite. L'\u00e9quipe offre un v\u00e9ritable accompagnement rythm\u00e9 par beaucoup de conseils et d'\u00e9coute. Le site est tr\u00e8s bien fait avec des dossiers complets allant des sujets tr\u00e8s pratiques a d'autres plus th\u00e9oriques (tels que le choc culturel par exemple). Je recommande vivement et remercie sinc\u00e8rement toute l'\u00e9quipe pour leur gentillesse et investissement !<!-- R-CONTENT --><\/div> <span class=\"ti-read-more\" data-container=\".ti-review-content\" data-collapse-text=\"Cacher\" data-open-text=\"Lire la suite\" ><\/span> <\/div> <\/div>  <\/div> <div class=\"ti-controls-line\"> <div class=\"dot\"><\/div> <\/div> <\/div> <div class=\"ti-footer\"> <div class=\"ti-rating-text\"> <span class=\"nowrap\">\u00c9valuation <strong>Google<\/strong> : <\/span><span class=\"nowrap\"><strong>4.8<\/strong> sur 5, <\/span><span class=\"nowrap\">Bas\u00e9e sur <strong>240 avis<\/strong><\/span> <\/div> <\/div>  <\/div> <\/div> \n","protected":false},"excerpt":{"rendered":"<p>Find det bedste obligatoriske praktikophold i 2.g i udlandet i juni 2026 Hvordan finder man et 2 ugers praktikophold i udlandet i juni? Obligatoriske\u2026<\/p>\n","protected":false},"author":7,"featured_media":15577,"comment_status":"open","ping_status":"open","sticky":false,"template":"","format":"standard","meta":{"footnotes":""},"categories":[1,6,3,4],"tags":[],"yoast_head":"<!-- This site is optimized with the Yoast SEO Premium plugin v23.4 (Yoast SEO v23.4) - https:\/\/yoast.com\/wordpress\/plugins\/seo\/ -->\n<title>Obligatorisk erhvervspraktik i 2.g i 2026 i udlandet: en mulighed<\/title>\n<meta name=\"description\" content=\"D\u00e9couvrez les avantages d&#039;un stage obligatoire de seconde en 2026 \u00e0 l&#039;\u00e9tranger. Une exp\u00e9rience inestimable pour les lyc\u00e9ens en juin.\" \/>\n<meta name=\"robots\" content=\"index, follow, max-snippet:-1, max-image-preview:large, max-video-preview:-1\" \/>\n<link rel=\"canonical\" href=\"https:\/\/www.vita-explorers.dk\/blog\/obligatorisk-praktik-i-2-g-med-vita-i-udlandet-juni-2025\/\" \/>\n<meta property=\"og:locale\" content=\"da_DK\" \/>\n<meta property=\"og:type\" content=\"article\" \/>\n<meta property=\"og:title\" content=\"Erhvervspraktik i 2.g i udlandet i juni 2026\" \/>\n<meta property=\"og:description\" content=\"D\u00e9couvrez les avantages d&#039;un stage obligatoire de seconde en 2026 \u00e0 l&#039;\u00e9tranger. Une exp\u00e9rience inestimable pour les lyc\u00e9ens en juin.\" \/>\n<meta property=\"og:url\" content=\"https:\/\/www.vita-explorers.dk\/blog\/obligatorisk-praktik-i-2-g-med-vita-i-udlandet-juni-2025\/\" \/>\n<meta property=\"og:site_name\" content=\"VITA Explorers Blog\" \/>\n<meta property=\"article:publisher\" content=\"https:\/\/www.facebook.com\/globalong\" \/>\n<meta property=\"article:published_time\" content=\"2024-08-05T01:57:41+00:00\" \/>\n<meta property=\"article:modified_time\" content=\"2025-12-02T17:40:41+00:00\" \/>\n<meta property=\"og:image\" content=\"https:\/\/www.vita-explorers.dk\/blog\/wp-content\/uploads\/2023\/08\/stage-etudiant-en-grece.jpg\" \/>\n\t<meta property=\"og:image:width\" content=\"1024\" \/>\n\t<meta property=\"og:image:height\" content=\"768\" \/>\n\t<meta property=\"og:image:type\" content=\"image\/jpeg\" \/>\n<meta name=\"author\" content=\"VITA Tribe\" \/>\n<meta name=\"twitter:card\" content=\"summary_large_image\" \/>\n<meta name=\"twitter:label1\" content=\"Skrevet af\" \/>\n\t<meta name=\"twitter:data1\" content=\"VITA Tribe\" \/>\n\t<meta name=\"twitter:label2\" content=\"Estimeret l\u00e6setid\" \/>\n\t<meta name=\"twitter:data2\" content=\"12 minutter\" \/>\n<script type=\"application\/ld+json\" class=\"yoast-schema-graph\">{\"@context\":\"https:\/\/schema.org\",\"@graph\":[{\"@type\":\"Article\",\"@id\":\"https:\/\/www.vita-explorers.dk\/blog\/obligatorisk-praktik-i-2-g-med-vita-i-udlandet-juni-2025\/#article\",\"isPartOf\":{\"@id\":\"https:\/\/www.vita-explorers.dk\/blog\/obligatorisk-praktik-i-2-g-med-vita-i-udlandet-juni-2025\/\"},\"author\":{\"name\":\"VITA Tribe\",\"@id\":\"https:\/\/www.vita-explorers.dk\/blog\/#\/schema\/person\/fc0343a2f2db2ebb2793c1f62dbe73f0\"},\"headline\":\"Erhvervspraktik i 2.g i udlandet i juni 2026\",\"datePublished\":\"2024-08-05T01:57:41+00:00\",\"dateModified\":\"2025-12-02T17:40:41+00:00\",\"mainEntityOfPage\":{\"@id\":\"https:\/\/www.vita-explorers.dk\/blog\/obligatorisk-praktik-i-2-g-med-vita-i-udlandet-juni-2025\/\"},\"wordCount\":1980,\"commentCount\":8,\"publisher\":{\"@id\":\"https:\/\/www.vita-explorers.dk\/blog\/#organization\"},\"image\":{\"@id\":\"https:\/\/www.vita-explorers.dk\/blog\/obligatorisk-praktik-i-2-g-med-vita-i-udlandet-juni-2025\/#primaryimage\"},\"thumbnailUrl\":\"https:\/\/www.vita-explorers.dk\/blog\/wp-content\/uploads\/2023\/08\/stage-etudiant-en-grece.jpg\",\"articleSection\":[\"No Name\",\"Nyheder\",\"Rejser - generelle oplysninger\",\"VITA Explorers\"],\"inLanguage\":\"da-DK\",\"potentialAction\":[{\"@type\":\"CommentAction\",\"name\":\"Comment\",\"target\":[\"https:\/\/www.vita-explorers.dk\/blog\/obligatorisk-praktik-i-2-g-med-vita-i-udlandet-juni-2025\/#respond\"]}]},{\"@type\":\"WebPage\",\"@id\":\"https:\/\/www.vita-explorers.dk\/blog\/obligatorisk-praktik-i-2-g-med-vita-i-udlandet-juni-2025\/\",\"url\":\"https:\/\/www.vita-explorers.dk\/blog\/obligatorisk-praktik-i-2-g-med-vita-i-udlandet-juni-2025\/\",\"name\":\"Obligatorisk erhvervspraktik i 2.g i 2026 i udlandet: en mulighed\",\"isPartOf\":{\"@id\":\"https:\/\/www.vita-explorers.dk\/blog\/#website\"},\"primaryImageOfPage\":{\"@id\":\"https:\/\/www.vita-explorers.dk\/blog\/obligatorisk-praktik-i-2-g-med-vita-i-udlandet-juni-2025\/#primaryimage\"},\"image\":{\"@id\":\"https:\/\/www.vita-explorers.dk\/blog\/obligatorisk-praktik-i-2-g-med-vita-i-udlandet-juni-2025\/#primaryimage\"},\"thumbnailUrl\":\"https:\/\/www.vita-explorers.dk\/blog\/wp-content\/uploads\/2023\/08\/stage-etudiant-en-grece.jpg\",\"datePublished\":\"2024-08-05T01:57:41+00:00\",\"dateModified\":\"2025-12-02T17:40:41+00:00\",\"description\":\"D\u00e9couvrez les avantages d'un stage obligatoire de seconde en 2026 \u00e0 l'\u00e9tranger. Une exp\u00e9rience inestimable pour les lyc\u00e9ens en juin.\",\"breadcrumb\":{\"@id\":\"https:\/\/www.vita-explorers.dk\/blog\/obligatorisk-praktik-i-2-g-med-vita-i-udlandet-juni-2025\/#breadcrumb\"},\"inLanguage\":\"da-DK\",\"potentialAction\":[{\"@type\":\"ReadAction\",\"target\":[\"https:\/\/www.vita-explorers.dk\/blog\/obligatorisk-praktik-i-2-g-med-vita-i-udlandet-juni-2025\/\"]}]},{\"@type\":\"ImageObject\",\"inLanguage\":\"da-DK\",\"@id\":\"https:\/\/www.vita-explorers.dk\/blog\/obligatorisk-praktik-i-2-g-med-vita-i-udlandet-juni-2025\/#primaryimage\",\"url\":\"https:\/\/www.vita-explorers.dk\/blog\/wp-content\/uploads\/2023\/08\/stage-etudiant-en-grece.jpg\",\"contentUrl\":\"https:\/\/www.vita-explorers.dk\/blog\/wp-content\/uploads\/2023\/08\/stage-etudiant-en-grece.jpg\",\"width\":1024,\"height\":768,\"caption\":\"Mission humanitaire Europe\"},{\"@type\":\"BreadcrumbList\",\"@id\":\"https:\/\/www.vita-explorers.dk\/blog\/obligatorisk-praktik-i-2-g-med-vita-i-udlandet-juni-2025\/#breadcrumb\",\"itemListElement\":[{\"@type\":\"ListItem\",\"position\":1,\"name\":\"Accueil\",\"item\":\"https:\/\/www.vita-explorers.dk\/blog\/\"},{\"@type\":\"ListItem\",\"position\":2,\"name\":\"Erhvervspraktik i 2.g i udlandet i juni 2026\"}]},{\"@type\":\"WebSite\",\"@id\":\"https:\/\/www.vita-explorers.dk\/blog\/#website\",\"url\":\"https:\/\/www.vita-explorers.dk\/blog\/\",\"name\":\"Association Globalong\",\"description\":\"Frivilligt arbejde, sprogophold, praktik i udlandet og internationale oplevelser\",\"publisher\":{\"@id\":\"https:\/\/www.vita-explorers.dk\/blog\/#organization\"},\"potentialAction\":[{\"@type\":\"SearchAction\",\"target\":{\"@type\":\"EntryPoint\",\"urlTemplate\":\"https:\/\/www.vita-explorers.dk\/blog\/?s={search_term_string}\"},\"query-input\":{\"@type\":\"PropertyValueSpecification\",\"valueRequired\":true,\"valueName\":\"search_term_string\"}}],\"inLanguage\":\"da-DK\"},{\"@type\":\"Organization\",\"@id\":\"https:\/\/www.vita-explorers.dk\/blog\/#organization\",\"name\":\"Association Globalong\",\"url\":\"https:\/\/www.vita-explorers.dk\/blog\/\",\"logo\":{\"@type\":\"ImageObject\",\"inLanguage\":\"da-DK\",\"@id\":\"https:\/\/www.vita-explorers.dk\/blog\/#\/schema\/logo\/image\/\",\"url\":\"https:\/\/www.globalong.com\/blog\/wp-content\/uploads\/2014\/11\/cropped-cropped-Logo-et-Afrique-Globalong-petite-taille-2.jpg\",\"contentUrl\":\"https:\/\/www.globalong.com\/blog\/wp-content\/uploads\/2014\/11\/cropped-cropped-Logo-et-Afrique-Globalong-petite-taille-2.jpg\",\"width\":512,\"height\":512,\"caption\":\"Association Globalong\"},\"image\":{\"@id\":\"https:\/\/www.vita-explorers.dk\/blog\/#\/schema\/logo\/image\/\"},\"sameAs\":[\"https:\/\/www.facebook.com\/globalong\"]},{\"@type\":\"Person\",\"@id\":\"https:\/\/www.vita-explorers.dk\/blog\/#\/schema\/person\/fc0343a2f2db2ebb2793c1f62dbe73f0\",\"name\":\"VITA Tribe\",\"image\":{\"@type\":\"ImageObject\",\"inLanguage\":\"da-DK\",\"@id\":\"https:\/\/www.vita-explorers.dk\/blog\/#\/schema\/person\/image\/\",\"url\":\"https:\/\/secure.gravatar.com\/avatar\/f7f05026bb439d0c96b30e135e5f852c?s=96&d=mm&r=g\",\"contentUrl\":\"https:\/\/secure.gravatar.com\/avatar\/f7f05026bb439d0c96b30e135e5f852c?s=96&d=mm&r=g\",\"caption\":\"VITA Tribe\"},\"sameAs\":[\"http:\/\/www.globalong.com\"],\"url\":\"https:\/\/www.vita-explorers.dk\/blog\/author\/teamglobalong\/\"}]}<\/script>\n<!-- \/ Yoast SEO Premium plugin. -->","yoast_head_json":{"title":"Obligatorisk erhvervspraktik i 2.g i 2026 i udlandet: en mulighed","description":"D\u00e9couvrez les avantages d'un stage obligatoire de seconde en 2026 \u00e0 l'\u00e9tranger. Une exp\u00e9rience inestimable pour les lyc\u00e9ens en juin.","robots":{"index":"index","follow":"follow","max-snippet":"max-snippet:-1","max-image-preview":"max-image-preview:large","max-video-preview":"max-video-preview:-1"},"canonical":"https:\/\/www.vita-explorers.dk\/blog\/obligatorisk-praktik-i-2-g-med-vita-i-udlandet-juni-2025\/","og_locale":"da_DK","og_type":"article","og_title":"Erhvervspraktik i 2.g i udlandet i juni 2026","og_description":"D\u00e9couvrez les avantages d'un stage obligatoire de seconde en 2026 \u00e0 l'\u00e9tranger. Une exp\u00e9rience inestimable pour les lyc\u00e9ens en juin.","og_url":"https:\/\/www.vita-explorers.dk\/blog\/obligatorisk-praktik-i-2-g-med-vita-i-udlandet-juni-2025\/","og_site_name":"VITA Explorers Blog","article_publisher":"https:\/\/www.facebook.com\/globalong","article_published_time":"2024-08-05T01:57:41+00:00","article_modified_time":"2025-12-02T17:40:41+00:00","og_image":[{"width":1024,"height":768,"url":"https:\/\/www.vita-explorers.dk\/blog\/wp-content\/uploads\/2023\/08\/stage-etudiant-en-grece.jpg","type":"image\/jpeg"}],"author":"VITA Tribe","twitter_card":"summary_large_image","twitter_misc":{"Skrevet af":"VITA Tribe","Estimeret l\u00e6setid":"12 minutter"},"schema":{"@context":"https:\/\/schema.org","@graph":[{"@type":"Article","@id":"https:\/\/www.vita-explorers.dk\/blog\/obligatorisk-praktik-i-2-g-med-vita-i-udlandet-juni-2025\/#article","isPartOf":{"@id":"https:\/\/www.vita-explorers.dk\/blog\/obligatorisk-praktik-i-2-g-med-vita-i-udlandet-juni-2025\/"},"author":{"name":"VITA Tribe","@id":"https:\/\/www.vita-explorers.dk\/blog\/#\/schema\/person\/fc0343a2f2db2ebb2793c1f62dbe73f0"},"headline":"Erhvervspraktik i 2.g i udlandet i juni 2026","datePublished":"2024-08-05T01:57:41+00:00","dateModified":"2025-12-02T17:40:41+00:00","mainEntityOfPage":{"@id":"https:\/\/www.vita-explorers.dk\/blog\/obligatorisk-praktik-i-2-g-med-vita-i-udlandet-juni-2025\/"},"wordCount":1980,"commentCount":8,"publisher":{"@id":"https:\/\/www.vita-explorers.dk\/blog\/#organization"},"image":{"@id":"https:\/\/www.vita-explorers.dk\/blog\/obligatorisk-praktik-i-2-g-med-vita-i-udlandet-juni-2025\/#primaryimage"},"thumbnailUrl":"https:\/\/www.vita-explorers.dk\/blog\/wp-content\/uploads\/2023\/08\/stage-etudiant-en-grece.jpg","articleSection":["No Name","Nyheder","Rejser - generelle oplysninger","VITA Explorers"],"inLanguage":"da-DK","potentialAction":[{"@type":"CommentAction","name":"Comment","target":["https:\/\/www.vita-explorers.dk\/blog\/obligatorisk-praktik-i-2-g-med-vita-i-udlandet-juni-2025\/#respond"]}]},{"@type":"WebPage","@id":"https:\/\/www.vita-explorers.dk\/blog\/obligatorisk-praktik-i-2-g-med-vita-i-udlandet-juni-2025\/","url":"https:\/\/www.vita-explorers.dk\/blog\/obligatorisk-praktik-i-2-g-med-vita-i-udlandet-juni-2025\/","name":"Obligatorisk erhvervspraktik i 2.g i 2026 i udlandet: en mulighed","isPartOf":{"@id":"https:\/\/www.vita-explorers.dk\/blog\/#website"},"primaryImageOfPage":{"@id":"https:\/\/www.vita-explorers.dk\/blog\/obligatorisk-praktik-i-2-g-med-vita-i-udlandet-juni-2025\/#primaryimage"},"image":{"@id":"https:\/\/www.vita-explorers.dk\/blog\/obligatorisk-praktik-i-2-g-med-vita-i-udlandet-juni-2025\/#primaryimage"},"thumbnailUrl":"https:\/\/www.vita-explorers.dk\/blog\/wp-content\/uploads\/2023\/08\/stage-etudiant-en-grece.jpg","datePublished":"2024-08-05T01:57:41+00:00","dateModified":"2025-12-02T17:40:41+00:00","description":"D\u00e9couvrez les avantages d'un stage obligatoire de seconde en 2026 \u00e0 l'\u00e9tranger. Une exp\u00e9rience inestimable pour les lyc\u00e9ens en juin.","breadcrumb":{"@id":"https:\/\/www.vita-explorers.dk\/blog\/obligatorisk-praktik-i-2-g-med-vita-i-udlandet-juni-2025\/#breadcrumb"},"inLanguage":"da-DK","potentialAction":[{"@type":"ReadAction","target":["https:\/\/www.vita-explorers.dk\/blog\/obligatorisk-praktik-i-2-g-med-vita-i-udlandet-juni-2025\/"]}]},{"@type":"ImageObject","inLanguage":"da-DK","@id":"https:\/\/www.vita-explorers.dk\/blog\/obligatorisk-praktik-i-2-g-med-vita-i-udlandet-juni-2025\/#primaryimage","url":"https:\/\/www.vita-explorers.dk\/blog\/wp-content\/uploads\/2023\/08\/stage-etudiant-en-grece.jpg","contentUrl":"https:\/\/www.vita-explorers.dk\/blog\/wp-content\/uploads\/2023\/08\/stage-etudiant-en-grece.jpg","width":1024,"height":768,"caption":"Mission humanitaire Europe"},{"@type":"BreadcrumbList","@id":"https:\/\/www.vita-explorers.dk\/blog\/obligatorisk-praktik-i-2-g-med-vita-i-udlandet-juni-2025\/#breadcrumb","itemListElement":[{"@type":"ListItem","position":1,"name":"Accueil","item":"https:\/\/www.vita-explorers.dk\/blog\/"},{"@type":"ListItem","position":2,"name":"Erhvervspraktik i 2.g i udlandet i juni 2026"}]},{"@type":"WebSite","@id":"https:\/\/www.vita-explorers.dk\/blog\/#website","url":"https:\/\/www.vita-explorers.dk\/blog\/","name":"Association Globalong","description":"Frivilligt arbejde, sprogophold, praktik i udlandet og internationale oplevelser","publisher":{"@id":"https:\/\/www.vita-explorers.dk\/blog\/#organization"},"potentialAction":[{"@type":"SearchAction","target":{"@type":"EntryPoint","urlTemplate":"https:\/\/www.vita-explorers.dk\/blog\/?s={search_term_string}"},"query-input":{"@type":"PropertyValueSpecification","valueRequired":true,"valueName":"search_term_string"}}],"inLanguage":"da-DK"},{"@type":"Organization","@id":"https:\/\/www.vita-explorers.dk\/blog\/#organization","name":"Association Globalong","url":"https:\/\/www.vita-explorers.dk\/blog\/","logo":{"@type":"ImageObject","inLanguage":"da-DK","@id":"https:\/\/www.vita-explorers.dk\/blog\/#\/schema\/logo\/image\/","url":"https:\/\/www.globalong.com\/blog\/wp-content\/uploads\/2014\/11\/cropped-cropped-Logo-et-Afrique-Globalong-petite-taille-2.jpg","contentUrl":"https:\/\/www.globalong.com\/blog\/wp-content\/uploads\/2014\/11\/cropped-cropped-Logo-et-Afrique-Globalong-petite-taille-2.jpg","width":512,"height":512,"caption":"Association Globalong"},"image":{"@id":"https:\/\/www.vita-explorers.dk\/blog\/#\/schema\/logo\/image\/"},"sameAs":["https:\/\/www.facebook.com\/globalong"]},{"@type":"Person","@id":"https:\/\/www.vita-explorers.dk\/blog\/#\/schema\/person\/fc0343a2f2db2ebb2793c1f62dbe73f0","name":"VITA Tribe","image":{"@type":"ImageObject","inLanguage":"da-DK","@id":"https:\/\/www.vita-explorers.dk\/blog\/#\/schema\/person\/image\/","url":"https:\/\/secure.gravatar.com\/avatar\/f7f05026bb439d0c96b30e135e5f852c?s=96&d=mm&r=g","contentUrl":"https:\/\/secure.gravatar.com\/avatar\/f7f05026bb439d0c96b30e135e5f852c?s=96&d=mm&r=g","caption":"VITA Tribe"},"sameAs":["http:\/\/www.globalong.com"],"url":"https:\/\/www.vita-explorers.dk\/blog\/author\/teamglobalong\/"}]}},"_links":{"self":[{"href":"https:\/\/www.vita-explorers.dk\/blog\/wp-json\/wp\/v2\/posts\/17117"}],"collection":[{"href":"https:\/\/www.vita-explorers.dk\/blog\/wp-json\/wp\/v2\/posts"}],"about":[{"href":"https:\/\/www.vita-explorers.dk\/blog\/wp-json\/wp\/v2\/types\/post"}],"author":[{"embeddable":true,"href":"https:\/\/www.vita-explorers.dk\/blog\/wp-json\/wp\/v2\/users\/7"}],"replies":[{"embeddable":true,"href":"https:\/\/www.vita-explorers.dk\/blog\/wp-json\/wp\/v2\/comments?post=17117"}],"version-history":[{"count":13,"href":"https:\/\/www.vita-explorers.dk\/blog\/wp-json\/wp\/v2\/posts\/17117\/revisions"}],"predecessor-version":[{"id":22738,"href":"https:\/\/www.vita-explorers.dk\/blog\/wp-json\/wp\/v2\/posts\/17117\/revisions\/22738"}],"wp:featuredmedia":[{"embeddable":true,"href":"https:\/\/www.vita-explorers.dk\/blog\/wp-json\/wp\/v2\/media\/15577"}],"wp:attachment":[{"href":"https:\/\/www.vita-explorers.dk\/blog\/wp-json\/wp\/v2\/media?parent=17117"}],"wp:term":[{"taxonomy":"category","embeddable":true,"href":"https:\/\/www.vita-explorers.dk\/blog\/wp-json\/wp\/v2\/categories?post=17117"},{"taxonomy":"post_tag","embeddable":true,"href":"https:\/\/www.vita-explorers.dk\/blog\/wp-json\/wp\/v2\/tags?post=17117"}],"curies":[{"name":"wp","href":"https:\/\/api.w.org\/{rel}","templated":true}]}}