{"id":17123,"date":"2024-08-11T05:40:41","date_gmt":"2024-08-11T03:40:41","guid":{"rendered":"https:\/\/www.globalong.com\/blog\/?p=17123"},"modified":"2024-11-17T17:30:17","modified_gmt":"2024-11-17T16:30:17","slug":"laer-spansk-i-spanien","status":"publish","type":"post","link":"https:\/\/www.vita-explorers.dk\/blog\/laer-spansk-i-spanien\/","title":{"rendered":"L\u00e6r spansk i Spanien"},"content":{"rendered":"<h1 style=\"text-align: justify;\"><span style=\"font-size: 24pt;\"><strong>L\u00e6r spansk i Spanien<\/strong><\/span><\/h1>\n<p style=\"text-align: justify;\"><strong>At l\u00e6re et fremmedsprog<\/strong> er en v\u00e6rdifuld erfaring, der \u00e5bner d\u00f8re til nye kulturer, nye perspektiver og nye muligheder. <strong>N\u00e5r det handler om at l\u00e6re spansk i Spanien<\/strong>, er en af de mest effektive veje til at blive tryg i sproget at v\u00e6re i landet, hvor det bliver talt til hverdag. <a href=\"https:\/\/www.vita-explorers.dk\/sprogophold\/sprogkursus-spanien-spansk.html\" target=\"_blank\" rel=\"noopener\">Spanien<\/a> er med sin rige historie, store variation i landskaber og levende kulturliv et oplagt sted til denne <strong>sprogrejse<\/strong>.<\/p>\n<h2 style=\"text-align: justify;\"><strong>Hvorfor v\u00e6lge Spanien, n\u00e5r du vil l\u00e6re spansk?<\/strong><\/h2>\n<h3 style=\"text-align: justify;\">Der er mange forskellige grunde \u2013 fra fuld sproglig immersion til t\u00e6t kontakt med spansk kultur.<\/h3>\n<p style=\"text-align: justify;\"><strong>Fordelene ved fuld <a href=\"https:\/\/www.vita-explorers.dk\/blog\/laer-et-sprog-i-immersion-frivilligt-arbejde\/\" target=\"_blank\" rel=\"noopener\">immersion<\/a> er sv\u00e6re at komme udenom<\/strong>. N\u00e5r man bor og studerer i <strong>Spanien,<\/strong> m\u00f8der man spansk i hverdagen \u2013 i butikker, p\u00e5 gaden og i sociale sammenh\u00e6nge. Det giver en st\u00e6rkere forst\u00e5else og et mere naturligt sprog. I mods\u00e6tning til undervisning hjemme i Danmark kan <strong>studerende, der l\u00e6rer spansk i Spanien<\/strong>, bruge det, de l\u00e6rer, med det samme: bestille mad p\u00e5 en restaurant, sp\u00f8rge om vej eller falde i snak med lokale.<\/p>\n<p style=\"text-align: justify;\">Ud over sproget giver <strong>det at bo i Spanien<\/strong> ogs\u00e5 direkte adgang til spansk kultur. <a href=\"https:\/\/www.vita-explorers.dk\/blog\/de-mest-populaere-destinationer-til-studieophold-i-udlandet-i-2024-2025\/\" target=\"_blank\" rel=\"noopener\">Studerende<\/a> kan tage del i lokale festivaler, smage det traditionelle k\u00f8kken og l\u00e6re hverdagslivets skikke og traditioner at kende. Den kulturelle immersion styrker b\u00e5de l\u00e6ringen og forst\u00e5elsen af sproget i den sammenh\u00e6ng, hvor det bliver brugt.<\/p>\n<h2 style=\"text-align: justify;\"><strong>V\u00e6lg det rigtige program, n\u00e5r du vil l\u00e6re spansk!<\/strong><\/h2>\n<p style=\"text-align: justify;\">At v\u00e6lge det rette kursusforl\u00f8b er afg\u00f8rende, hvis du vil <b>l\u00e6re spansk i Spanien<\/b>. Der findes mange typer kurser \u2013 fra intensive forl\u00f8b til mere rolige forl\u00f8b over l\u00e6ngere tid. Intensive kurser passer godt til dig, der gerne vil <strong>l\u00e6re hurtigt<\/strong>, med flere undervisningstimer om dagen. De mere udstrakte forl\u00f8b har et lavere tempo og er velegnede, hvis du har l\u00e6ngere tid.<\/p>\n<p style=\"text-align: justify;\">Du kan ogs\u00e5 v\u00e6lge mellem holdundervisning og eneundervisning. Hold giver mulighed for socialt samspil og at \u00f8ve sig sammen, mens eneundervisning typisk betyder mere individuel sparring og et <strong>program tilpasset dine behov.<\/strong> Derudover findes der specialiserede forl\u00f8b, som fx <strong><a href=\"https:\/\/www.vita-explorers.dk\/blog\/laer-spansk-i-latinamerika\/\" target=\"_blank\" rel=\"noopener\">spanskkurser<\/a> til erhverv<\/strong>, <strong>akademisk spansk eller spansk til turisme, med undervisning m\u00e5lrettet forskellige behov.<\/strong><\/p>\n<p style=\"text-align: justify;\">Hvis du kigger efter mere budgetvenlige muligheder, findes der <strong>billige kurser og endda gratis kurser.<\/strong> Mange sprogskoler og udbydere tilbyder stipendier. Du kan ogs\u00e5 v\u00e6lge et <a href=\"https:\/\/www.vita-explorers.dk\/volontariat-international.html\" target=\"_blank\" rel=\"noopener\">internationalt frivilligt forl\u00f8b<\/a> med VITA Institute for at styrke dit spansk hurtigt i praksis.<\/p>\n<h2 style=\"text-align: justify;\"><strong>De bedste byer i Spanien til at l\u00e6re spansk?<\/strong><\/h2>\n<p style=\"text-align: justify;\"><strong>Madrid<\/strong> er som Spaniens hovedstad et popul\u00e6rt valg for studerende. Med mange sprogskoler, anerkendte museer og et aktivt byliv giver Madrid en helhedsoplevelse af b\u00e5de sproglig og kulturel immersion.<\/p>\n<p style=\"text-align: justify;\"><strong>Barcelona<\/strong> er med sin kosmopolitiske stemning og <strong>tosprogethed (spansk og catalansk)<\/strong> ogs\u00e5 en st\u00e6rk mulighed. Byen er kendt for modernistisk arkitektur, strande og et levende kunstmilj\u00f8.<\/p>\n<p style=\"text-align: justify;\"><strong>Sevilla<\/strong>, Andalusiens hovedstad, passer godt til dig, der gerne vil t\u00e6ttere p\u00e5 spanske traditioner. Med festkultur, flamenco og charmerende brostensgader kan Sevilla opleves b\u00e5de autentisk og im\u00f8dekommende.<\/p>\n<p style=\"text-align: justify;\"><strong>Valencia<\/strong>, kendt for Byen for Kunst og Videnskab og sine strande, kombinerer moderne byliv med traditioner. Det er et godt valg, hvis du \u00f8nsker et mere afslappet tempo og samtidig adgang til kvalitetsundervisning.<\/p>\n<h2 style=\"text-align: justify;\"><strong>Typer af spanskkurser, du kan v\u00e6lge i Spanien<\/strong><\/h2>\n<p style=\"text-align: justify;\"><strong>Udvalget af spanskkurser i Spanien<\/strong> er bredt. <strong>Begynderkurser<\/strong> er for dig, der ikke har kendskab til sproget i forvejen, og d\u00e6kker grundl\u00e6ggende grammatik, ordforr\u00e5d og samtale.<\/p>\n<p style=\"text-align: justify;\"><strong>Kurser p\u00e5 mellemniveau og avanceret niveau<\/strong> er for dig, der allerede kan en del spansk, og som vil styrke flydende sprog og forst\u00e5else. Her arbejder man ofte med mere komplekse sproglige emner, som grammatiske nuancer, idiomer og kultur.<\/p>\n<p style=\"text-align: justify;\">For professionelle findes der specialiserede kurser med fokus p\u00e5 <strong>erhvervsspansk<\/strong>, herunder ordforr\u00e5d og formuleringer til forskellige brancher som <strong>handel, jura eller sundhed<\/strong>.<\/p>\n<h2 style=\"text-align: justify;\"><strong>Sproglig immersion i Spanien<\/strong><\/h2>\n<p style=\"text-align: justify;\"><strong>Sproglig immersion i Spanien<\/strong> kan se ud p\u00e5 flere m\u00e5der. <strong>Et sprogophold hos en <a href=\"https:\/\/www.vita-explorers.dk\/blog\/s\u00e5dan-f\u00e5r-du-en-god-relation-til-din-v\u00e6rtsfamilie\/\" target=\"_blank\" rel=\"noopener\">v\u00e6rtsfamilie<\/a><\/strong> er en god m\u00e5de at komme t\u00e6t p\u00e5 hverdagslivet. <strong>At bo hos en spansk familie<\/strong> giver daglig tr\u00e6ning og en naturlig kulturel forankring.<\/p>\n<p style=\"text-align: justify;\"><strong>Studieudveksling<\/strong> er en anden popul\u00e6r l\u00f8sning, hvor <strong>studerende<\/strong> kan f\u00f8lge undervisning p\u00e5 spanske universiteter og bo p\u00e5 campus eller hos v\u00e6rtsfamilier. <strong>For voksne findes der ogs\u00e5 sprogophold s\u00e6rligt tilrettelagt<\/strong> med intensive kurser kombineret med kulturelle aktiviteter og udflugter.<\/p>\n<h2 style=\"text-align: justify;\"><strong>Kulturelle aktiviteter og integration<\/strong><\/h2>\n<p style=\"text-align: justify;\">At deltage i lokale festivaler er en god m\u00e5de at finde sig til rette og <strong>\u00f8ve spansk<\/strong>. Begivenheder som Feria de Abril i Sevilla, Tomatina i Bu\u00f1ol eller Fallas i Valencia kan give helt s\u00e6rlige oplevelser, man husker l\u00e6nge.<\/p>\n<p style=\"text-align: justify;\">Udflugter og guidede ture er ogs\u00e5 nyttige. N\u00e5r du bes\u00f8ger historiske steder, museer og monumenter, f\u00e5r du b\u00e5de en bedre forst\u00e5else af Spaniens historie og kultur \u2013 og flere anledninger til at bruge spansk i forskellige situationer.<\/p>\n<p style=\"text-align: justify;\">Madlavningsworkshops med spansk k\u00f8kken er en anden popul\u00e6r aktivitet. At l\u00e6re at lave klassikere som paella, tapas eller gazpacho er b\u00e5de hyggeligt og l\u00e6rerigt, fordi du samtidig f\u00e5r kulinarisk ordforr\u00e5d og indblik i traditioner.<\/p>\n<h2 style=\"text-align: justify;\"><strong>De bedste skoler til at l\u00e6re spansk i Spanien<\/strong><\/h2>\n<p style=\"text-align: justify;\">Blandt Spaniens mest anerkendte sprogskoler finder man udbydere, der er kendt for h\u00f8j undervisningskvalitet og gode immersionsforl\u00f8b. Med skoler i flere spanske byer er der kurser, som passer til alle niveauer.<\/p>\n<p style=\"text-align: justify;\">Instituttet, som er st\u00f8ttet af den spanske stat, er en prestigefyldt institution, der tilbyder spanskkurser af h\u00f8j kvalitet samt internationalt anerkendte certificeringer.<\/p>\n<p style=\"text-align: justify;\">VITA Institute skiller sig ud med mere budgetvenlige muligheder. Som organisation med fokus p\u00e5 l\u00e6ring og internationale forl\u00f8b tilbyder VITA programmer, hvor deltagere kan <strong>indg\u00e5 i lokalt drevne community-projekter samtidig med, at de f\u00f8lger spanskkurser<\/strong>. Den tilgang kan b\u00e5de holde omkostningerne nede og give en meningsfuld, praksisn\u00e6r sproglig immersion.<\/p>\n<h2 style=\"text-align: justify;\"><strong>Gode r\u00e5d til at f\u00e5 mest muligt ud af dit ophold<\/strong><\/h2>\n<p style=\"text-align: justify;\"><strong>Hvis du vil f\u00e5 mest muligt ud af at l\u00e6re spansk i Spanien<\/strong>, er det vigtigt at bruge sproget med lokale. Sm\u00e5 samtaler i hverdagen, deltagelse i lokale aktiviteter og nye venskaber kan g\u00f8re en stor forskel for din sproglige sikkerhed.<\/p>\n<p style=\"text-align: justify;\">Digitale ressourcer som sprogapps, podcasts og l\u00e6ringsvideoer kan v\u00e6re et godt supplement til undervisningen og give flere muligheder for tr\u00e6ning.<\/p>\n<p style=\"text-align: justify;\">Det hj\u00e6lper ogs\u00e5 at s\u00e6tte klare og m\u00e5lbare m\u00e5l. Uanset om det handler om at f\u00e5 styr p\u00e5 en bestemt grammatik, udvide dit ordforr\u00e5d eller n\u00e5 et bestemt niveau, kan tydelige m\u00e5l give retning og motivation.<\/p>\n<h2 style=\"text-align: justify;\"><strong>Hvad koster det at l\u00e6re spansk i Spanien?<\/strong><\/h2>\n<p style=\"text-align: justify;\">Prisen for at l\u00e6re spansk i Spanien afh\u00e6nger af flere faktorer som by, kursustype og boligform. Kursusgebyrer kan svinge fra nogle f\u00e5 hundrede til flere tusinde euro om m\u00e5neden.<\/p>\n<p style=\"text-align: justify;\">Bolig og leveomkostninger er ogs\u00e5 vigtige at regne med. At bo hos en v\u00e6rtsfamilie kan ofte v\u00e6re billigere end at leje en lejlighed, og nogle byer \u2013 som <strong>Madrid og Barcelona<\/strong> \u2013 er generelt dyrere end andre, fx <strong>Sevilla eller Valencia<\/strong>.<\/p>\n<p style=\"text-align: justify;\">Der findes ogs\u00e5 stipendier og \u00f8konomisk st\u00f8tte til internationale studerende, som udbydes af b\u00e5de spanske og internationale institutioner.<\/p>\n<p style=\"text-align: justify;\"><strong>Succesoplevelser<\/strong><\/p>\n<p style=\"text-align: justify;\">Mange studerende fort\u00e6ller, at deres ophold med spansk i Spanien har givet dem et nyt udsyn. <a href=\"https:\/\/www.vita-explorers.dk\/blog\/avis-globalong\/\" target=\"_blank\" rel=\"noopener\">Studerendes oplevelser<\/a> peger ofte p\u00e5, hvordan <strong>sproglig immersion<\/strong> har styrket deres spansk og \u00e5bnet d\u00f8re \u2013 b\u00e5de kulturelt og professionelt.<\/p>\n<p style=\"text-align: justify;\">En succesoplevelse kan inspirere andre til at tage afsted. For eksempel kan en studerende, der har taget et intensivt kursus i Sevilla og senere f\u00e5et job i en spansk virksomhed, illustrere effekten af at l\u00e6re gennem en kombination af undervisning og hverdagssprog.<\/p>\n<h2 style=\"text-align: justify;\"><strong>FAQ<\/strong><\/h2>\n<h3 style=\"text-align: justify;\"><strong>Er det sv\u00e6rt at l\u00e6re spansk i Spanien?<\/strong><\/h3>\n<p style=\"text-align: justify;\">Det kan f\u00f8les overv\u00e6ldende i starten, men fuld immersion og daglig tr\u00e6ning g\u00f8r l\u00e6ringen mere naturlig og effektiv. Det spanske milj\u00f8 giver mange muligheder for at \u00f8ve og styrke dine sprogf\u00e6rdigheder.<\/p>\n<h3 style=\"text-align: justify;\"><strong>Hvor lang tid tager det at blive god til spansk?<\/strong><\/h3>\n<p style=\"text-align: justify;\">Hvor lang tid det tager, afh\u00e6nger af dit udgangspunkt og din indsats. Med intensive kurser og h\u00f8j grad af immersion kan du ofte n\u00e5 et samtaleniveau p\u00e5 f\u00e5 m\u00e5neder.<\/p>\n<h3 style=\"text-align: justify;\"><strong>Hvorn\u00e5r er det bedst at l\u00e6re spansk i Spanien?<\/strong><\/h3>\n<p style=\"text-align: justify;\">Der er ikke \u00e9t tidspunkt, der er bedst, fordi kurser typisk udbydes hele \u00e5ret. Hvis du v\u00e6lger en periode med festivaler eller kulturelle begivenheder, kan det dog give ekstra v\u00e6rdi til dit ophold.<\/p>\n<h3 style=\"text-align: justify;\"><strong>Findes der s\u00e6rlige spanskkurser for professionelle?<\/strong><\/h3>\n<p style=\"text-align: justify;\">Ja, mange skoler tilbyder specialiserede forl\u00f8b for professionelle \u2013 fx til erhverv, jura, sundhed og turisme. Kurserne fokuserer p\u00e5 ordforr\u00e5d og udtryk, der bruges i den konkrete branche.<\/p>\n<h3 style=\"text-align: justify;\"><strong>Kan jeg l\u00e6re spansk i Spanien, hvis jeg er nybegynder?<\/strong><\/h3>\n<p style=\"text-align: justify;\">Helt sikkert. Der findes mange begynderkurser til dig, der ikke har l\u00e6rt spansk f\u00f8r. De d\u00e6kker grundl\u00e6ggende grammatik, ordforr\u00e5d og samtale og hj\u00e6lper dig hurtigt med at f\u00f8le dig mere tryg.<\/p>\n<h3 style=\"text-align: justify;\"><strong>Er spanskkurser i Spanien dyre?<\/strong><\/h3>\n<p style=\"text-align: justify;\">Prisen varierer, men der findes ogs\u00e5 budgetvenlige muligheder.<\/p>\n<p style=\"text-align: justify;\"><b>Afslutningsvis<\/b> er det at l\u00e6re spansk i Spanien en meningsfuld oplevelse, der kombinerer sprogtr\u00e6ning med kulturm\u00f8der. Uanset om du v\u00e6lger intensive kurser i Madrid, et ophold hos v\u00e6rtsfamilie i Sevilla eller madlavningsworkshops i Valencia, er mulighederne mange. Med det rigtige program og en aktiv indsats kan du b\u00e5de blive st\u00e6rkere i spansk og f\u00e5 et n\u00e6rv\u00e6rende indblik i et fascinerende land \u2013 og tage gode minder med hjem.<\/p>\n<p style=\"text-align: center;\"><strong><b>Vil du vide mere om VITA Institute og vores community, s\u00e5 f\u00f8lg med p\u00e5 <\/b><a href=\"https:\/\/www.instagram.com\/globalongofficiel\/\"><span class=\"s2\"><b>Instagram<\/b><\/span><\/a><b>, <\/b><a href=\"https:\/\/www.tiktok.com\/@globalong\"><span class=\"s2\"><b>TikTok<\/b><\/span><\/a><b>, <\/b><a href=\"https:\/\/www.facebook.com\/globalong\"><span class=\"s2\"><b>Facebook<\/b><\/span><\/a><b>, <\/b><a href=\"https:\/\/www.linkedin.com\/company\/5113177\/admin\/feed\/posts\/\"><span class=\"s2\"><b>LinkedIn<\/b><\/span><\/a><b> og <\/b><a href=\"https:\/\/www.youtube.com\/c\/globalong\/videos\"><span class=\"s2\"><b>Youtube<\/b><\/span><\/a><b>!<\/b><\/strong><\/p>\n<div class=\"ti-widget ti-goog\" data-layout-id=\"4\" data-set-id=\"light-background\" data-pid=\"\" data-language=\"fr\" data-version=\"2\" data-review-target-width=\"300\" data-review-text-mode=\"readmore\" data-pager-autoplay-timeout=\"6\" > <div class=\"ti-widget-container ti-col-3\"> <div class=\"ti-reviews-container\"> <div class=\"ti-controls\"> <div class=\"ti-next\" aria-label=\"Avis suivante\" role=\"button\"><\/div> <div class=\"ti-prev\" aria-label=\"Avis pr\u00e9c\u00e9dent\" role=\"button\"><\/div> <\/div> <div class=\"ti-reviews-container-wrapper\">  <div data-empty=\"0\" class=\"ti-review-item source-Google ti-image-layout-thumbnail\" data-id=\"cfcd208495d565ef66e7dff9f98764da\" > <div class=\"ti-inner\"> <div class=\"ti-review-header\"> <div class=\"ti-profile-img\"> <img decoding=\"async\" src=\"https:\/\/lh3.googleusercontent.com\/a\/ACg8ocKpaoKe37CD0_POxO97KqB60GsWQRsIuG2vmCfXT-W_FY44vw=s120-c-rp-mo-br100\" srcset=\"https:\/\/lh3.googleusercontent.com\/a\/ACg8ocKpaoKe37CD0_POxO97KqB60GsWQRsIuG2vmCfXT-W_FY44vw=s120-c-rp-mo-br100 2x\" alt=\"Lucie Correia\" loading=\"lazy\" \/> <\/div> <div class=\"ti-profile-details\"> <div class=\"ti-name\"> Lucie Correia <\/div> <div class=\"ti-date\">2024-10-17<\/div> <\/div> <\/div> <span class=\"ti-stars\"><span class=\"ti-star f\"><\/span><span class=\"ti-star f\"><\/span><span class=\"ti-star f\"><\/span><span class=\"ti-star f\"><\/span><span class=\"ti-star f\"><\/span><\/span> <div class=\"ti-review-text-container ti-review-content\"><!-- R-CONTENT -->La communication avec Globalong est super, personnes tr\u00e8s pr\u00e9sentes pour les b\u00e9n\u00e9voles et \u00e9tudiants partant avec cette association. Elles r\u00e9pondent \u00e0 toutes nos questions et sont tr\u00e8s accessibles au t\u00e9l\u00e9phone.<!-- R-CONTENT --><\/div> <span class=\"ti-read-more\" data-container=\".ti-review-content\" data-collapse-text=\"Cacher\" data-open-text=\"Lire la suite\" ><\/span> <\/div> <\/div>  <div data-empty=\"0\" class=\"ti-review-item source-Google ti-image-layout-thumbnail\" data-id=\"cfcd208495d565ef66e7dff9f98764da\" > <div class=\"ti-inner\"> <div class=\"ti-review-header\"> <div class=\"ti-profile-img\"> <img decoding=\"async\" src=\"https:\/\/lh3.googleusercontent.com\/a-\/ALV-UjWqnnzM7-7c9BDqeTDF-a7pOgNjvLkJ3WshRd_Tn7z0Eu-AGQwo=s120-c-rp-mo-br100\" srcset=\"https:\/\/lh3.googleusercontent.com\/a-\/ALV-UjWqnnzM7-7c9BDqeTDF-a7pOgNjvLkJ3WshRd_Tn7z0Eu-AGQwo=s120-c-rp-mo-br100 2x\" alt=\"Ra\u00efssa Frisch\" loading=\"lazy\" \/> <\/div> <div class=\"ti-profile-details\"> <div class=\"ti-name\"> Ra\u00efssa Frisch <\/div> <div class=\"ti-date\">2024-10-14<\/div> <\/div> <\/div> <span class=\"ti-stars\"><span class=\"ti-star f\"><\/span><span class=\"ti-star f\"><\/span><span class=\"ti-star f\"><\/span><span class=\"ti-star f\"><\/span><span class=\"ti-star f\"><\/span><\/span> <div class=\"ti-review-text-container ti-review-content\"><!-- R-CONTENT -->J\u2019ai d\u00e9j\u00e0 eu l\u2019opportunit\u00e9 de r\u00e9aliser deux projets humanitaires avec l\u2019association Globalong. Je ne peux que la recommander, car j\u2019ai toujours b\u00e9n\u00e9fici\u00e9 d\u2019un excellent accompagnement, aussi bien avant que pendant le voyage. On ne vous laisse pas vous d\u00e9brouiller seuls, bien au contraire, vous \u00eates tr\u00e8s bien encadr\u00e9s pour accomplir toutes les d\u00e9marches dans les d\u00e9lais.\n\nAu-del\u00e0 du suivi, les exp\u00e9riences humanitaires propos\u00e9es par Globalong ne peuvent que transformer votre vie de mani\u00e8re positive. Elles vous apportent une richesse humaine inestimable.<!-- R-CONTENT --><\/div> <span class=\"ti-read-more\" data-container=\".ti-review-content\" data-collapse-text=\"Cacher\" data-open-text=\"Lire la suite\" ><\/span> <\/div> <\/div>  <div data-empty=\"0\" class=\"ti-review-item source-Google ti-image-layout-thumbnail\" data-id=\"cfcd208495d565ef66e7dff9f98764da\" > <div class=\"ti-inner\"> <div class=\"ti-review-header\"> <div class=\"ti-profile-img\"> <img decoding=\"async\" src=\"https:\/\/lh3.googleusercontent.com\/a\/ACg8ocJL-Dxv25YkXK2QwWPNRxTVqZCv5uTmDQDFg5qslKra3vRZew=s120-c-rp-mo-br100\" srcset=\"https:\/\/lh3.googleusercontent.com\/a\/ACg8ocJL-Dxv25YkXK2QwWPNRxTVqZCv5uTmDQDFg5qslKra3vRZew=s120-c-rp-mo-br100 2x\" alt=\"Tara Turan\" loading=\"lazy\" \/> <\/div> <div class=\"ti-profile-details\"> <div class=\"ti-name\"> Tara Turan <\/div> <div class=\"ti-date\">2024-10-14<\/div> <\/div> <\/div> <span class=\"ti-stars\"><span class=\"ti-star f\"><\/span><span class=\"ti-star f\"><\/span><span class=\"ti-star f\"><\/span><span class=\"ti-star f\"><\/span><span class=\"ti-star f\"><\/span><\/span> <div class=\"ti-review-text-container ti-review-content\"><!-- R-CONTENT -->Une des meilleures associations que j\u2019ai pu faire !\nUne organisation et un suivi vraiment parfait, c\u2019est avec grand plaisir que je referai un projet avec eux.<!-- R-CONTENT --><\/div> <span class=\"ti-read-more\" data-container=\".ti-review-content\" data-collapse-text=\"Cacher\" data-open-text=\"Lire la suite\" ><\/span> <\/div> <\/div>  <div data-empty=\"0\" class=\"ti-review-item source-Google ti-image-layout-thumbnail\" data-id=\"cfcd208495d565ef66e7dff9f98764da\" > <div class=\"ti-inner\"> <div class=\"ti-review-header\"> <div class=\"ti-profile-img\"> <img decoding=\"async\" src=\"https:\/\/lh3.googleusercontent.com\/a\/ACg8ocLctTPNovSk3eKM0b_MIPOfcFEQsz2135Cdu59_BWRVsIYC7Q=s120-c-rp-mo-br100\" srcset=\"https:\/\/lh3.googleusercontent.com\/a\/ACg8ocLctTPNovSk3eKM0b_MIPOfcFEQsz2135Cdu59_BWRVsIYC7Q=s120-c-rp-mo-br100 2x\" alt=\"Repiquet Julie\" loading=\"lazy\" \/> <\/div> <div class=\"ti-profile-details\"> <div class=\"ti-name\"> Repiquet Julie <\/div> <div class=\"ti-date\">2024-10-13<\/div> <\/div> <\/div> <span class=\"ti-stars\"><span class=\"ti-star f\"><\/span><span class=\"ti-star f\"><\/span><span class=\"ti-star f\"><\/span><span class=\"ti-star f\"><\/span><span class=\"ti-star f\"><\/span><\/span> <div class=\"ti-review-text-container ti-review-content\"><!-- R-CONTENT -->Tr\u00e8s bon accompagnement de la part de Globalong, du premier jour avec toutes mes interrogations, jusqu'au d\u00e9part dans quelques jours. Le dossier transmis apr\u00e8s validation de la mission est plus que complet, les webmaster tr\u00e8s int\u00e9ressantes et permettent de d\u00e9charger mentalement ce genre de pr\u00e9paration, tout est pr\u00e9vu il n'y a plus qu'\u00e0 suivre ! Merci \u00e0 Florence de r\u00e9pondre \u00e0 toutes mes questions avec gentillesse et bienveillance, cela m'a permis de passer le cap!\nMaintenant, il n'y a plus qu'\u00e0 \ud83d\ude00<!-- R-CONTENT --><\/div> <span class=\"ti-read-more\" data-container=\".ti-review-content\" data-collapse-text=\"Cacher\" data-open-text=\"Lire la suite\" ><\/span> <\/div> <\/div>  <div data-empty=\"0\" class=\"ti-review-item source-Google ti-image-layout-thumbnail\" data-id=\"cfcd208495d565ef66e7dff9f98764da\" > <div class=\"ti-inner\"> <div class=\"ti-review-header\"> <div class=\"ti-profile-img\"> <img decoding=\"async\" src=\"https:\/\/lh3.googleusercontent.com\/a\/ACg8ocJJTdmTWs8nAA0yuH_cKOUgzc6GFAkHBiXhpnnVYXaWMBZsHw=s120-c-rp-mo-br100\" srcset=\"https:\/\/lh3.googleusercontent.com\/a\/ACg8ocJJTdmTWs8nAA0yuH_cKOUgzc6GFAkHBiXhpnnVYXaWMBZsHw=s120-c-rp-mo-br100 2x\" alt=\"Marine Guilhamat\" loading=\"lazy\" \/> <\/div> <div class=\"ti-profile-details\"> <div class=\"ti-name\"> Marine Guilhamat <\/div> <div class=\"ti-date\">2024-10-09<\/div> <\/div> <\/div> <span class=\"ti-stars\"><span class=\"ti-star f\"><\/span><span class=\"ti-star f\"><\/span><span class=\"ti-star f\"><\/span><span class=\"ti-star f\"><\/span><span class=\"ti-star f\"><\/span><\/span> <div class=\"ti-review-text-container ti-review-content\"><!-- R-CONTENT -->Tr\u00e8s belle association qui offre un cadre super s\u00e9curisant et permet de s\u2019investir dans des projets qui ont du sens. Merci \u00e0 l\u2019\u00e9quipe Globalong pour votre disponibilit\u00e9, gentillesse et accompagnement !<!-- R-CONTENT --><\/div> <span class=\"ti-read-more\" data-container=\".ti-review-content\" data-collapse-text=\"Cacher\" data-open-text=\"Lire la suite\" ><\/span> <\/div> <\/div>  <div data-empty=\"0\" class=\"ti-review-item source-Google ti-image-layout-thumbnail\" data-id=\"cfcd208495d565ef66e7dff9f98764da\" > <div class=\"ti-inner\"> <div class=\"ti-review-header\"> <div class=\"ti-profile-img\"> <img decoding=\"async\" src=\"https:\/\/lh3.googleusercontent.com\/a\/ACg8ocIgITHXKo46qgJyPqlJeAcxz11gCKUJpGIk2qauiIe2O3iZ6w=s120-c-rp-mo-br100\" srcset=\"https:\/\/lh3.googleusercontent.com\/a\/ACg8ocIgITHXKo46qgJyPqlJeAcxz11gCKUJpGIk2qauiIe2O3iZ6w=s120-c-rp-mo-br100 2x\" alt=\"Laura Mercier\" loading=\"lazy\" \/> <\/div> <div class=\"ti-profile-details\"> <div class=\"ti-name\"> Laura Mercier <\/div> <div class=\"ti-date\">2024-10-08<\/div> <\/div> <\/div> <span class=\"ti-stars\"><span class=\"ti-star f\"><\/span><span class=\"ti-star f\"><\/span><span class=\"ti-star f\"><\/span><span class=\"ti-star f\"><\/span><span class=\"ti-star f\"><\/span><\/span> <div class=\"ti-review-text-container ti-review-content\"><!-- R-CONTENT -->Mon d\u00e9part approche, je pars dans une semaine, et depuis le d\u00e9but de mon inscription je suis tr\u00e8s satisfaite du suivi effectu\u00e9 par l\u2019association. Ils sont tr\u00e8s disponibles et r\u00e9pondent rapidement \u00e0 l\u2019ensemble des questions. Je suis tr\u00e8s contente de partir faire cette mission humanitaire encadr\u00e9e par cette association. Je recommande vraiment.<!-- R-CONTENT --><\/div> <span class=\"ti-read-more\" data-container=\".ti-review-content\" data-collapse-text=\"Cacher\" data-open-text=\"Lire la suite\" ><\/span> <\/div> <\/div>  <div data-empty=\"0\" class=\"ti-review-item source-Google ti-image-layout-thumbnail\" data-id=\"cfcd208495d565ef66e7dff9f98764da\" > <div class=\"ti-inner\"> <div class=\"ti-review-header\"> <div class=\"ti-profile-img\"> <img decoding=\"async\" src=\"https:\/\/lh3.googleusercontent.com\/a-\/ALV-UjVVr0YMQhXl8QNEEB32l-rnoaYwvRZUjIEX9OEwPE_1fQwzIyk=s120-c-rp-mo-br100\" srcset=\"https:\/\/lh3.googleusercontent.com\/a-\/ALV-UjVVr0YMQhXl8QNEEB32l-rnoaYwvRZUjIEX9OEwPE_1fQwzIyk=s120-c-rp-mo-br100 2x\" alt=\"Anouk Rzkt\" loading=\"lazy\" \/> <\/div> <div class=\"ti-profile-details\"> <div class=\"ti-name\"> Anouk Rzkt <\/div> <div class=\"ti-date\">2024-10-02<\/div> <\/div> <\/div> <span class=\"ti-stars\"><span class=\"ti-star f\"><\/span><span class=\"ti-star f\"><\/span><span class=\"ti-star f\"><\/span><span class=\"ti-star f\"><\/span><span class=\"ti-star f\"><\/span><\/span> <div class=\"ti-review-text-container ti-review-content\"><!-- R-CONTENT -->Globalong est l'association parfaite. L'\u00e9quipe offre un v\u00e9ritable accompagnement rythm\u00e9 par beaucoup de conseils et d'\u00e9coute. Le site est tr\u00e8s bien fait avec des dossiers complets allant des sujets tr\u00e8s pratiques a d'autres plus th\u00e9oriques (tels que le choc culturel par exemple). Je recommande vivement et remercie sinc\u00e8rement toute l'\u00e9quipe pour leur gentillesse et investissement !<!-- R-CONTENT --><\/div> <span class=\"ti-read-more\" data-container=\".ti-review-content\" data-collapse-text=\"Cacher\" data-open-text=\"Lire la suite\" ><\/span> <\/div> <\/div>  <\/div> <div class=\"ti-controls-line\"> <div class=\"dot\"><\/div> <\/div> <\/div> <div class=\"ti-footer\"> <div class=\"ti-rating-text\"> <span class=\"nowrap\">\u00c9valuation <strong>Google<\/strong> : <\/span><span class=\"nowrap\"><strong>4.8<\/strong> sur 5, <\/span><span class=\"nowrap\">Bas\u00e9e sur <strong>240 avis<\/strong><\/span> <\/div> <\/div>  <\/div> <\/div> \n","protected":false},"excerpt":{"rendered":"<p>L\u00e6r spansk i Spanien At l\u00e6re et fremmedsprog er en v\u00e6rdifuld erfaring, der \u00e5bner d\u00f8re til nye kulturer, nye perspektiver og nye muligheder. N\u00e5r\u2026<\/p>\n","protected":false},"author":7,"featured_media":3477,"comment_status":"open","ping_status":"open","sticky":false,"template":"","format":"standard","meta":{"footnotes":""},"categories":[10,6,5,4],"tags":[],"yoast_head":"<!-- This site is optimized with the Yoast SEO Premium plugin v23.4 (Yoast SEO v23.4) - https:\/\/yoast.com\/wordpress\/plugins\/seo\/ -->\n<title>L\u00e6r spansk i Spanien: kulturel immersion - VITA Explorers Blog<\/title>\n<meta name=\"description\" content=\"Apprendre l&#039;espagnol en Espagne : une exp\u00e9rience immersive unique pour ma\u00eetriser la langue et d\u00e9couvrir la culture espagnole.\" \/>\n<meta name=\"robots\" content=\"index, follow, max-snippet:-1, max-image-preview:large, max-video-preview:-1\" \/>\n<link rel=\"canonical\" href=\"https:\/\/www.vita-explorers.dk\/blog\/laer-spansk-i-spanien\/\" \/>\n<meta property=\"og:locale\" content=\"da_DK\" \/>\n<meta property=\"og:type\" content=\"article\" \/>\n<meta property=\"og:title\" content=\"L\u00e6r spansk i Spanien\" \/>\n<meta property=\"og:description\" content=\"Apprendre l&#039;espagnol en Espagne : une exp\u00e9rience immersive unique pour ma\u00eetriser la langue et d\u00e9couvrir la culture espagnole.\" \/>\n<meta property=\"og:url\" content=\"https:\/\/www.vita-explorers.dk\/blog\/laer-spansk-i-spanien\/\" \/>\n<meta property=\"og:site_name\" content=\"VITA Explorers Blog\" \/>\n<meta property=\"article:publisher\" content=\"https:\/\/www.facebook.com\/globalong\" \/>\n<meta property=\"article:published_time\" content=\"2024-08-11T03:40:41+00:00\" \/>\n<meta property=\"article:modified_time\" content=\"2024-11-17T16:30:17+00:00\" \/>\n<meta property=\"og:image\" content=\"https:\/\/www.vita-explorers.dk\/blog\/wp-content\/uploads\/2016\/03\/Alicante-sous-le-soleil.jpg\" \/>\n\t<meta property=\"og:image:width\" content=\"954\" \/>\n\t<meta property=\"og:image:height\" content=\"501\" \/>\n\t<meta property=\"og:image:type\" content=\"image\/jpeg\" \/>\n<meta name=\"author\" content=\"VITA Tribe\" \/>\n<meta name=\"twitter:card\" content=\"summary_large_image\" \/>\n<meta name=\"twitter:label1\" content=\"Skrevet af\" \/>\n\t<meta name=\"twitter:data1\" content=\"VITA Tribe\" \/>\n\t<meta name=\"twitter:label2\" content=\"Estimeret l\u00e6setid\" \/>\n\t<meta name=\"twitter:data2\" content=\"10 minutter\" \/>\n<script type=\"application\/ld+json\" class=\"yoast-schema-graph\">{\"@context\":\"https:\/\/schema.org\",\"@graph\":[{\"@type\":\"Article\",\"@id\":\"https:\/\/www.vita-explorers.dk\/blog\/laer-spansk-i-spanien\/#article\",\"isPartOf\":{\"@id\":\"https:\/\/www.vita-explorers.dk\/blog\/laer-spansk-i-spanien\/\"},\"author\":{\"name\":\"VITA Tribe\",\"@id\":\"https:\/\/www.vita-explorers.dk\/blog\/#\/schema\/person\/fc0343a2f2db2ebb2793c1f62dbe73f0\"},\"headline\":\"L\u00e6r spansk i Spanien\",\"datePublished\":\"2024-08-11T03:40:41+00:00\",\"dateModified\":\"2024-11-17T16:30:17+00:00\",\"mainEntityOfPage\":{\"@id\":\"https:\/\/www.vita-explorers.dk\/blog\/laer-spansk-i-spanien\/\"},\"wordCount\":1645,\"commentCount\":0,\"publisher\":{\"@id\":\"https:\/\/www.vita-explorers.dk\/blog\/#organization\"},\"image\":{\"@id\":\"https:\/\/www.vita-explorers.dk\/blog\/laer-spansk-i-spanien\/#primaryimage\"},\"thumbnailUrl\":\"https:\/\/www.vita-explorers.dk\/blog\/wp-content\/uploads\/2016\/03\/Alicante-sous-le-soleil.jpg\",\"articleSection\":[\"Europa\",\"Nyheder\",\"Sprogophold\",\"VITA Explorers\"],\"inLanguage\":\"da-DK\",\"potentialAction\":[{\"@type\":\"CommentAction\",\"name\":\"Comment\",\"target\":[\"https:\/\/www.vita-explorers.dk\/blog\/laer-spansk-i-spanien\/#respond\"]}]},{\"@type\":\"WebPage\",\"@id\":\"https:\/\/www.vita-explorers.dk\/blog\/laer-spansk-i-spanien\/\",\"url\":\"https:\/\/www.vita-explorers.dk\/blog\/laer-spansk-i-spanien\/\",\"name\":\"L\u00e6r spansk i Spanien: kulturel immersion - VITA Explorers Blog\",\"isPartOf\":{\"@id\":\"https:\/\/www.vita-explorers.dk\/blog\/#website\"},\"primaryImageOfPage\":{\"@id\":\"https:\/\/www.vita-explorers.dk\/blog\/laer-spansk-i-spanien\/#primaryimage\"},\"image\":{\"@id\":\"https:\/\/www.vita-explorers.dk\/blog\/laer-spansk-i-spanien\/#primaryimage\"},\"thumbnailUrl\":\"https:\/\/www.vita-explorers.dk\/blog\/wp-content\/uploads\/2016\/03\/Alicante-sous-le-soleil.jpg\",\"datePublished\":\"2024-08-11T03:40:41+00:00\",\"dateModified\":\"2024-11-17T16:30:17+00:00\",\"description\":\"Apprendre l'espagnol en Espagne : une exp\u00e9rience immersive unique pour ma\u00eetriser la langue et d\u00e9couvrir la culture espagnole.\",\"breadcrumb\":{\"@id\":\"https:\/\/www.vita-explorers.dk\/blog\/laer-spansk-i-spanien\/#breadcrumb\"},\"inLanguage\":\"da-DK\",\"potentialAction\":[{\"@type\":\"ReadAction\",\"target\":[\"https:\/\/www.vita-explorers.dk\/blog\/laer-spansk-i-spanien\/\"]}]},{\"@type\":\"ImageObject\",\"inLanguage\":\"da-DK\",\"@id\":\"https:\/\/www.vita-explorers.dk\/blog\/laer-spansk-i-spanien\/#primaryimage\",\"url\":\"https:\/\/www.vita-explorers.dk\/blog\/wp-content\/uploads\/2016\/03\/Alicante-sous-le-soleil.jpg\",\"contentUrl\":\"https:\/\/www.vita-explorers.dk\/blog\/wp-content\/uploads\/2016\/03\/Alicante-sous-le-soleil.jpg\",\"width\":954,\"height\":501,\"caption\":\"mission humanitaire\"},{\"@type\":\"BreadcrumbList\",\"@id\":\"https:\/\/www.vita-explorers.dk\/blog\/laer-spansk-i-spanien\/#breadcrumb\",\"itemListElement\":[{\"@type\":\"ListItem\",\"position\":1,\"name\":\"Accueil\",\"item\":\"https:\/\/www.vita-explorers.dk\/blog\/\"},{\"@type\":\"ListItem\",\"position\":2,\"name\":\"L\u00e6r spansk i Spanien\"}]},{\"@type\":\"WebSite\",\"@id\":\"https:\/\/www.vita-explorers.dk\/blog\/#website\",\"url\":\"https:\/\/www.vita-explorers.dk\/blog\/\",\"name\":\"Association Globalong\",\"description\":\"Frivilligt arbejde, sprogophold, praktik i udlandet og internationale oplevelser\",\"publisher\":{\"@id\":\"https:\/\/www.vita-explorers.dk\/blog\/#organization\"},\"potentialAction\":[{\"@type\":\"SearchAction\",\"target\":{\"@type\":\"EntryPoint\",\"urlTemplate\":\"https:\/\/www.vita-explorers.dk\/blog\/?s={search_term_string}\"},\"query-input\":{\"@type\":\"PropertyValueSpecification\",\"valueRequired\":true,\"valueName\":\"search_term_string\"}}],\"inLanguage\":\"da-DK\"},{\"@type\":\"Organization\",\"@id\":\"https:\/\/www.vita-explorers.dk\/blog\/#organization\",\"name\":\"Association Globalong\",\"url\":\"https:\/\/www.vita-explorers.dk\/blog\/\",\"logo\":{\"@type\":\"ImageObject\",\"inLanguage\":\"da-DK\",\"@id\":\"https:\/\/www.vita-explorers.dk\/blog\/#\/schema\/logo\/image\/\",\"url\":\"https:\/\/www.globalong.com\/blog\/wp-content\/uploads\/2014\/11\/cropped-cropped-Logo-et-Afrique-Globalong-petite-taille-2.jpg\",\"contentUrl\":\"https:\/\/www.globalong.com\/blog\/wp-content\/uploads\/2014\/11\/cropped-cropped-Logo-et-Afrique-Globalong-petite-taille-2.jpg\",\"width\":512,\"height\":512,\"caption\":\"Association Globalong\"},\"image\":{\"@id\":\"https:\/\/www.vita-explorers.dk\/blog\/#\/schema\/logo\/image\/\"},\"sameAs\":[\"https:\/\/www.facebook.com\/globalong\"]},{\"@type\":\"Person\",\"@id\":\"https:\/\/www.vita-explorers.dk\/blog\/#\/schema\/person\/fc0343a2f2db2ebb2793c1f62dbe73f0\",\"name\":\"VITA Tribe\",\"image\":{\"@type\":\"ImageObject\",\"inLanguage\":\"da-DK\",\"@id\":\"https:\/\/www.vita-explorers.dk\/blog\/#\/schema\/person\/image\/\",\"url\":\"https:\/\/secure.gravatar.com\/avatar\/f7f05026bb439d0c96b30e135e5f852c?s=96&d=mm&r=g\",\"contentUrl\":\"https:\/\/secure.gravatar.com\/avatar\/f7f05026bb439d0c96b30e135e5f852c?s=96&d=mm&r=g\",\"caption\":\"VITA Tribe\"},\"sameAs\":[\"http:\/\/www.globalong.com\"],\"url\":\"https:\/\/www.vita-explorers.dk\/blog\/author\/teamglobalong\/\"}]}<\/script>\n<!-- \/ Yoast SEO Premium plugin. -->","yoast_head_json":{"title":"L\u00e6r spansk i Spanien: kulturel immersion - VITA Explorers Blog","description":"Apprendre l'espagnol en Espagne : une exp\u00e9rience immersive unique pour ma\u00eetriser la langue et d\u00e9couvrir la culture espagnole.","robots":{"index":"index","follow":"follow","max-snippet":"max-snippet:-1","max-image-preview":"max-image-preview:large","max-video-preview":"max-video-preview:-1"},"canonical":"https:\/\/www.vita-explorers.dk\/blog\/laer-spansk-i-spanien\/","og_locale":"da_DK","og_type":"article","og_title":"L\u00e6r spansk i Spanien","og_description":"Apprendre l'espagnol en Espagne : une exp\u00e9rience immersive unique pour ma\u00eetriser la langue et d\u00e9couvrir la culture espagnole.","og_url":"https:\/\/www.vita-explorers.dk\/blog\/laer-spansk-i-spanien\/","og_site_name":"VITA Explorers Blog","article_publisher":"https:\/\/www.facebook.com\/globalong","article_published_time":"2024-08-11T03:40:41+00:00","article_modified_time":"2024-11-17T16:30:17+00:00","og_image":[{"width":954,"height":501,"url":"https:\/\/www.vita-explorers.dk\/blog\/wp-content\/uploads\/2016\/03\/Alicante-sous-le-soleil.jpg","type":"image\/jpeg"}],"author":"VITA Tribe","twitter_card":"summary_large_image","twitter_misc":{"Skrevet af":"VITA Tribe","Estimeret l\u00e6setid":"10 minutter"},"schema":{"@context":"https:\/\/schema.org","@graph":[{"@type":"Article","@id":"https:\/\/www.vita-explorers.dk\/blog\/laer-spansk-i-spanien\/#article","isPartOf":{"@id":"https:\/\/www.vita-explorers.dk\/blog\/laer-spansk-i-spanien\/"},"author":{"name":"VITA Tribe","@id":"https:\/\/www.vita-explorers.dk\/blog\/#\/schema\/person\/fc0343a2f2db2ebb2793c1f62dbe73f0"},"headline":"L\u00e6r spansk i Spanien","datePublished":"2024-08-11T03:40:41+00:00","dateModified":"2024-11-17T16:30:17+00:00","mainEntityOfPage":{"@id":"https:\/\/www.vita-explorers.dk\/blog\/laer-spansk-i-spanien\/"},"wordCount":1645,"commentCount":0,"publisher":{"@id":"https:\/\/www.vita-explorers.dk\/blog\/#organization"},"image":{"@id":"https:\/\/www.vita-explorers.dk\/blog\/laer-spansk-i-spanien\/#primaryimage"},"thumbnailUrl":"https:\/\/www.vita-explorers.dk\/blog\/wp-content\/uploads\/2016\/03\/Alicante-sous-le-soleil.jpg","articleSection":["Europa","Nyheder","Sprogophold","VITA Explorers"],"inLanguage":"da-DK","potentialAction":[{"@type":"CommentAction","name":"Comment","target":["https:\/\/www.vita-explorers.dk\/blog\/laer-spansk-i-spanien\/#respond"]}]},{"@type":"WebPage","@id":"https:\/\/www.vita-explorers.dk\/blog\/laer-spansk-i-spanien\/","url":"https:\/\/www.vita-explorers.dk\/blog\/laer-spansk-i-spanien\/","name":"L\u00e6r spansk i Spanien: kulturel immersion - VITA Explorers Blog","isPartOf":{"@id":"https:\/\/www.vita-explorers.dk\/blog\/#website"},"primaryImageOfPage":{"@id":"https:\/\/www.vita-explorers.dk\/blog\/laer-spansk-i-spanien\/#primaryimage"},"image":{"@id":"https:\/\/www.vita-explorers.dk\/blog\/laer-spansk-i-spanien\/#primaryimage"},"thumbnailUrl":"https:\/\/www.vita-explorers.dk\/blog\/wp-content\/uploads\/2016\/03\/Alicante-sous-le-soleil.jpg","datePublished":"2024-08-11T03:40:41+00:00","dateModified":"2024-11-17T16:30:17+00:00","description":"Apprendre l'espagnol en Espagne : une exp\u00e9rience immersive unique pour ma\u00eetriser la langue et d\u00e9couvrir la culture espagnole.","breadcrumb":{"@id":"https:\/\/www.vita-explorers.dk\/blog\/laer-spansk-i-spanien\/#breadcrumb"},"inLanguage":"da-DK","potentialAction":[{"@type":"ReadAction","target":["https:\/\/www.vita-explorers.dk\/blog\/laer-spansk-i-spanien\/"]}]},{"@type":"ImageObject","inLanguage":"da-DK","@id":"https:\/\/www.vita-explorers.dk\/blog\/laer-spansk-i-spanien\/#primaryimage","url":"https:\/\/www.vita-explorers.dk\/blog\/wp-content\/uploads\/2016\/03\/Alicante-sous-le-soleil.jpg","contentUrl":"https:\/\/www.vita-explorers.dk\/blog\/wp-content\/uploads\/2016\/03\/Alicante-sous-le-soleil.jpg","width":954,"height":501,"caption":"mission humanitaire"},{"@type":"BreadcrumbList","@id":"https:\/\/www.vita-explorers.dk\/blog\/laer-spansk-i-spanien\/#breadcrumb","itemListElement":[{"@type":"ListItem","position":1,"name":"Accueil","item":"https:\/\/www.vita-explorers.dk\/blog\/"},{"@type":"ListItem","position":2,"name":"L\u00e6r spansk i Spanien"}]},{"@type":"WebSite","@id":"https:\/\/www.vita-explorers.dk\/blog\/#website","url":"https:\/\/www.vita-explorers.dk\/blog\/","name":"Association Globalong","description":"Frivilligt arbejde, sprogophold, praktik i udlandet og internationale oplevelser","publisher":{"@id":"https:\/\/www.vita-explorers.dk\/blog\/#organization"},"potentialAction":[{"@type":"SearchAction","target":{"@type":"EntryPoint","urlTemplate":"https:\/\/www.vita-explorers.dk\/blog\/?s={search_term_string}"},"query-input":{"@type":"PropertyValueSpecification","valueRequired":true,"valueName":"search_term_string"}}],"inLanguage":"da-DK"},{"@type":"Organization","@id":"https:\/\/www.vita-explorers.dk\/blog\/#organization","name":"Association Globalong","url":"https:\/\/www.vita-explorers.dk\/blog\/","logo":{"@type":"ImageObject","inLanguage":"da-DK","@id":"https:\/\/www.vita-explorers.dk\/blog\/#\/schema\/logo\/image\/","url":"https:\/\/www.globalong.com\/blog\/wp-content\/uploads\/2014\/11\/cropped-cropped-Logo-et-Afrique-Globalong-petite-taille-2.jpg","contentUrl":"https:\/\/www.globalong.com\/blog\/wp-content\/uploads\/2014\/11\/cropped-cropped-Logo-et-Afrique-Globalong-petite-taille-2.jpg","width":512,"height":512,"caption":"Association Globalong"},"image":{"@id":"https:\/\/www.vita-explorers.dk\/blog\/#\/schema\/logo\/image\/"},"sameAs":["https:\/\/www.facebook.com\/globalong"]},{"@type":"Person","@id":"https:\/\/www.vita-explorers.dk\/blog\/#\/schema\/person\/fc0343a2f2db2ebb2793c1f62dbe73f0","name":"VITA Tribe","image":{"@type":"ImageObject","inLanguage":"da-DK","@id":"https:\/\/www.vita-explorers.dk\/blog\/#\/schema\/person\/image\/","url":"https:\/\/secure.gravatar.com\/avatar\/f7f05026bb439d0c96b30e135e5f852c?s=96&d=mm&r=g","contentUrl":"https:\/\/secure.gravatar.com\/avatar\/f7f05026bb439d0c96b30e135e5f852c?s=96&d=mm&r=g","caption":"VITA Tribe"},"sameAs":["http:\/\/www.globalong.com"],"url":"https:\/\/www.vita-explorers.dk\/blog\/author\/teamglobalong\/"}]}},"_links":{"self":[{"href":"https:\/\/www.vita-explorers.dk\/blog\/wp-json\/wp\/v2\/posts\/17123"}],"collection":[{"href":"https:\/\/www.vita-explorers.dk\/blog\/wp-json\/wp\/v2\/posts"}],"about":[{"href":"https:\/\/www.vita-explorers.dk\/blog\/wp-json\/wp\/v2\/types\/post"}],"author":[{"embeddable":true,"href":"https:\/\/www.vita-explorers.dk\/blog\/wp-json\/wp\/v2\/users\/7"}],"replies":[{"embeddable":true,"href":"https:\/\/www.vita-explorers.dk\/blog\/wp-json\/wp\/v2\/comments?post=17123"}],"version-history":[{"count":10,"href":"https:\/\/www.vita-explorers.dk\/blog\/wp-json\/wp\/v2\/posts\/17123\/revisions"}],"predecessor-version":[{"id":18893,"href":"https:\/\/www.vita-explorers.dk\/blog\/wp-json\/wp\/v2\/posts\/17123\/revisions\/18893"}],"wp:featuredmedia":[{"embeddable":true,"href":"https:\/\/www.vita-explorers.dk\/blog\/wp-json\/wp\/v2\/media\/3477"}],"wp:attachment":[{"href":"https:\/\/www.vita-explorers.dk\/blog\/wp-json\/wp\/v2\/media?parent=17123"}],"wp:term":[{"taxonomy":"category","embeddable":true,"href":"https:\/\/www.vita-explorers.dk\/blog\/wp-json\/wp\/v2\/categories?post=17123"},{"taxonomy":"post_tag","embeddable":true,"href":"https:\/\/www.vita-explorers.dk\/blog\/wp-json\/wp\/v2\/tags?post=17123"}],"curies":[{"name":"wp","href":"https:\/\/api.w.org\/{rel}","templated":true}]}}