{"id":17207,"date":"2024-09-10T06:49:01","date_gmt":"2024-09-10T04:49:01","guid":{"rendered":"https:\/\/www.globalong.com\/blog\/?p=17207"},"modified":"2025-03-07T09:57:48","modified_gmt":"2025-03-07T08:57:48","slug":"fransk-humanitaer-organisation","status":"publish","type":"post","link":"https:\/\/www.vita-explorers.dk\/blog\/fransk-humanitaer-organisation\/","title":{"rendered":"Fransk humanit\u00e6r organisation"},"content":{"rendered":"<h1 style=\"text-align: justify;\">Se, hvilken forskel franske humanit\u00e6re organisationer g\u00f8r i deres internationale indsatser.<\/h1>\n<h2 style=\"text-align: justify;\">VITA: Sammen for en mere retf\u00e6rdig verden<\/h2>\n<p style=\"text-align: justify;\">De <a href=\"https:\/\/www.vita-explorers.dk\/blog\/humanitaert-forlob-paa-fransk\/\" target=\"_blank\" rel=\"noopener\">franske humanit\u00e6re organisationer<\/a> spiller en vigtig rolle i social forandring verden over. Blandt dem skiller <strong>VITA<\/strong> sig ud med et st\u00e6rkt fokus p\u00e5 at <strong>styrke internationale forl\u00f8b<\/strong> og skabe konkret st\u00f8tte til mennesker i s\u00e5rbare livssituationer. Hvorfor er denne type engagement s\u00e5 vigtigt i dag \u2013 og hvordan kan du selv v\u00e6re med? <strong>Denne artikel giver et overblik over franske humanit\u00e6re organisationer<\/strong> og s\u00e6tter samtidig fokus p\u00e5 VITAs s\u00e6rlige tilgang.<\/p>\n<h3 style=\"text-align: justify;\"><strong>Franske humanit\u00e6re organisationers rolle i verden<\/strong><\/h3>\n<p style=\"text-align: justify;\">Franske humanit\u00e6re organisationer har i mange \u00e5r v\u00e6ret centrale i internationalt socialt arbejde. De bidrager b\u00e5de i akutte humanit\u00e6re kriser og i l\u00e6ngerevarende udviklingsprojekter i omr\u00e5der, der ofte f\u00e5r begr\u00e6nset opm\u00e6rksomhed.<\/p>\n<h2 style=\"text-align: justify;\"><strong>Historien om humanit\u00e6re organisationer i Frankrig<\/strong><\/h2>\n<p style=\"text-align: justify;\">Frankrigs engagement i humanit\u00e6rt arbejde g\u00e5r flere \u00e5rtier tilbage. Organisationer som <strong>R\u00f8de Kors i Frankrig<\/strong>, <strong>L\u00e6ger uden Gr\u00e6nser<\/strong> og <strong>Action Contre la Faim<\/strong> har banet vejen for generationer af NGO\u2019er, der arbejder p\u00e5 alle kontinenter. Indsatserne retter sig mod akutte kriser som naturkatastrofer, krig og epidemier \u2013 samtidig med at der arbejdes for mere holdbare l\u00f8sninger for de ber\u00f8rte lokalsamfund.<\/p>\n<h2 style=\"text-align: justify;\"><strong>Hvorfor humanit\u00e6re organisationer er vigtige i dag<\/strong><\/h2>\n<p style=\"text-align: justify;\">I en verden, hvor sociale og \u00f8konomiske uligheder fortsat vokser, <strong>bliver humanit\u00e6re organisationers rolle stadig mere central<\/strong>. Evnen til at organisere sig hurtigt, mobilisere finansiering og v\u00e6re til stede i felten g\u00f8r dem til vigtige akt\u00f8rer i arbejdet for menneskerettigheder og social retf\u00e6rdighed.<\/p>\n<h3 style=\"text-align: justify;\"><strong>VITA: En fransk humanit\u00e6r organisation med fokus p\u00e5 internationale forl\u00f8b<\/strong><\/h3>\n<p style=\"text-align: justify;\">Blandt de mange franske humanit\u00e6re organisationer er <a href=\"http:\/\/globalong.com\" target=\"_blank\" rel=\"noopener\"><strong>VITA<\/strong><\/a> <strong>en markant akt\u00f8r inden for internationale forl\u00f8b og frivilligt arbejde<\/strong>. Med v\u00e6rdier som solidaritet, kulturudveksling og b\u00e6redygtig udvikling giver organisationen mange deltagere mulighed for at engagere sig i meningsfulde indsatser rundt om i verden.<\/p>\n<h4 style=\"text-align: justify;\"><strong>VITAs internationale forl\u00f8b<\/strong><\/h4>\n<p style=\"text-align: justify;\">VITA tilbyder en bred vifte af forl\u00f8b, der kan matches med deltagernes kompetencer og \u00f8nsker. Det kan v\u00e6re inden for <strong>uddannelse<\/strong>, <strong>sundhed<\/strong>, <strong>milj\u00f8<\/strong> eller <strong>st\u00f8tte til mennesker i udsatte positioner<\/strong>. Destinationerne sp\u00e6nder fra <strong>Asien<\/strong> og <strong>Afrika<\/strong> til <strong>Sydamerika<\/strong>.<\/p>\n<p style=\"text-align: justify;\"><strong>Effekten af VITAs forl\u00f8b<\/strong> kan m\u00e6rkes b\u00e5de hos de mennesker, der bliver m\u00f8dt i indsatsen, og hos deltagerne selv. Ud over praktisk st\u00f8tte giver opholdet ofte et sk\u00e6rpet socialt blik, nye perspektiver og st\u00e6rke menneskelige relationer p\u00e5 tv\u00e6rs af kulturer.<\/p>\n<h4 style=\"text-align: justify;\"><strong>Oplevelsen af at deltage med VITA<\/strong><\/h4>\n<p style=\"text-align: justify;\">At tage afsted med <strong>VITA<\/strong> er mere end et kort ophold. Organisationen hj\u00e6lper deltagerne godt p\u00e5 vej f\u00f8r afrejse, s\u00e5 de er forberedte p\u00e5 hverdagen og de udfordringer, der kan opst\u00e5. Forberedelsen omfatter bl.a. viden om lokale forhold, arbejdsformer og forventninger til interkulturel forst\u00e5else.<\/p>\n<p style=\"text-align: justify;\"><a href=\"https:\/\/www.vita-explorers.dk\/blog\/avis-globalong\/\" target=\"_blank\" rel=\"noopener\">Deltagernes oplevelser<\/a> beskriver ofte, hvordan opholdet har gjort et varigt indtryk \u2013 b\u00e5de personligt og i de sammenh\u00e6nge, de har v\u00e6ret en del af.<\/p>\n<h3 style=\"text-align: justify;\"><strong>Fordele ved at engagere sig i en humanit\u00e6r organisation<\/strong><\/h3>\n<p style=\"text-align: justify;\">At engagere sig i en <a href=\"https:\/\/www.vita-explorers.dk\/blog\/opret-en-humanitaer-forening\/\" target=\"_blank\" rel=\"noopener\">humanit\u00e6r organisation<\/a> som VITA kan have v\u00e6rdi b\u00e5de for samfundet og for den enkelte deltager.<\/p>\n<h4 style=\"text-align: justify;\"><strong>Personlig og faglig udvikling<\/strong><\/h4>\n<p style=\"text-align: justify;\"><a href=\"https:\/\/www.vita-explorers.dk\/blog\/hvordan-tager-du-afsted-paa-et-internationalt-forloeb\/\">At deltage i et internationalt forl\u00f8b<\/a> kan styrke praktiske kompetencer som projektarbejde, samarbejde, interkulturel kommunikation og meget mere. Mange deltagere fort\u00e6ller, at erfaringen har \u00f8get deres selvtillid og \u00e5bnet nye muligheder \u2013 fx i arbejde med international udvikling eller i NGO-verdenen.<\/p>\n<h4 style=\"text-align: justify;\"><strong>Bidrag til samfund og lokale f\u00e6llesskaber<\/strong><\/h4>\n<p style=\"text-align: justify;\">Indsatser, som <a href=\"https:\/\/www.vita-explorers.dk\/blog\/internationalt-administrativt-forloeb-via-internationalt-virksomhedsforloeb-vie\/\" target=\"_blank\" rel=\"noopener\">deltagere i frivilligt arbejde<\/a> bidrager til, kan g\u00f8re en konkret forskel i lokalsamfund. Det kan fx handle om at st\u00f8tte undervisning, bidrage til aktiviteter for b\u00f8rn eller hj\u00e6lpe med basal sundhedsindsats \u2013 alt efter projektets rammer og behov.<\/p>\n<h3 style=\"text-align: justify;\"><strong>Udfordringer for franske humanit\u00e6re organisationer<\/strong><\/h3>\n<p style=\"text-align: justify;\">Selv om humanit\u00e6re organisationer g\u00f8r en vigtig indsats, m\u00f8der de ogs\u00e5 udfordringer. Begr\u00e6nset finansiering, komplekse indsatser i konfliktomr\u00e5der og administrative begr\u00e6nsninger i visse lande kan g\u00f8re arbejdet kr\u00e6vende.<\/p>\n<h4 style=\"text-align: justify;\"><strong>At skaffe finansiering<\/strong><\/h4>\n<p style=\"text-align: justify;\">De <strong>franske humanit\u00e6re organisationer<\/strong> er ofte afh\u00e6ngige af offentlige og private donationer for at kunne forts\u00e6tte deres indsatser. Oplysningsarbejde og fundraising er derfor afg\u00f8rende. En gennemg\u00e5ende udfordring er at sikre gennemsigtighed i \u00f8konomien, s\u00e5 tilliden hos donorer og samarbejdspartnere bevares.<\/p>\n<h4 style=\"text-align: justify;\"><strong>Risici i konfliktomr\u00e5der<\/strong><\/h4>\n<p style=\"text-align: justify;\">Indsatser i krigszoner eller under naturkatastrofer kan indeb\u00e6re betydelige risici. B\u00e5de fysiske farer og psykisk belastning kr\u00e6ver solid forberedelse og adgang til st\u00f8tte undervejs.<\/p>\n<h3 style=\"text-align: justify;\"><strong>VITA: Hvordan kommer du med p\u00e5 et internationalt forl\u00f8b?<\/strong><\/h3>\n<p style=\"text-align: justify;\">Hvis du overvejer et internationalt ophold, tilbyder <strong>VITA<\/strong> en enkel m\u00e5de at komme i gang. Tilmeldingsprocessen er overskuelig og g\u00f8r det muligt at v\u00e6lge et forl\u00f8b, der passer til dine kompetencer og interesser.<\/p>\n<h4 style=\"text-align: justify;\"><strong>Trin for trin: s\u00e5dan bliver du deltager hos VITA<\/strong><\/h4>\n<p style=\"text-align: justify;\">For at deltage i et forl\u00f8b med VITA kan du bes\u00f8ge hjemmesiden og se de forskellige muligheder. N\u00e5r du har valgt et projekt, udfylder du en ans\u00f8gningsformular.<\/p>\n<p style=\"text-align: justify;\">VITA er kendt for den st\u00f8tte, deltagerne f\u00e5r gennem hele forl\u00f8bet. Det kan v\u00e6re l\u00f8bende opf\u00f8lgning p\u00e5 stedet samt support p\u00e5 afstand, hvis der opst\u00e5r sp\u00f8rgsm\u00e5l eller udfordringer undervejs.<\/p>\n<h3 style=\"text-align: justify;\"><strong>FAQ<\/strong><\/h3>\n<h3 style=\"text-align: justify;\"><strong>Hvordan kan jeg finansiere et internationalt forl\u00f8b?<\/strong><\/h3>\n<p style=\"text-align: justify;\">VITA tilbyder forskellige muligheder, der kan hj\u00e6lpe med finansieringen, bl.a. personlige indsamlinger, tilskud og partnerskaber med virksomheder. Organisationen kan ogs\u00e5 hj\u00e6lpe deltagerne med at finde l\u00f8sninger, der passer til deres situation.<\/p>\n<h3 style=\"text-align: justify;\"><strong>Hvor l\u00e6nge varer et forl\u00f8b?<\/strong><\/h3>\n<p style=\"text-align: justify;\">Varigheden afh\u00e6nger af projektet og kan sp\u00e6nde fra f\u00e5 uger til flere m\u00e5neder. Det kan i nogle tilf\u00e6lde v\u00e6re muligt at forl\u00e6nge opholdet efter aftale og ud fra behov p\u00e5 stedet.<\/p>\n<h3 style=\"text-align: justify;\"><strong>Hvilke krav er der for at blive deltager?<\/strong><\/h3>\n<p style=\"text-align: justify;\">Der er ingen faste krav for at blive deltager hos VITA. Nogle forl\u00f8b kan dog kr\u00e6ve s\u00e6rlige kompetencer, fx sundhedsfaglig baggrund eller undervisningserfaring. Motivation og ansvarlighed er ofte det vigtigste.<\/p>\n<h3 style=\"text-align: justify;\"><strong>Tilbyder VITA forl\u00f8b i Frankrig?<\/strong><\/h3>\n<p style=\"text-align: justify;\">Selv om VITA prim\u00e6rt arbejder med ophold i udlandet, kan organisationen i nogle tilf\u00e6lde indg\u00e5 i indsatser i Frankrig og formidle muligheder for lokalt engagement. Mulighederne afh\u00e6nger af aktuelle behov.<\/p>\n<h3 style=\"text-align: justify;\"><strong>Er deltagelse med VITA l\u00f8nnet?<\/strong><\/h3>\n<p style=\"text-align: justify;\">Forl\u00f8b med VITA er ikke l\u00f8nnede. Deltagere st\u00e5r ofte selv for udgifter til rejsen, men der kan v\u00e6re muligheder for \u00f8konomisk st\u00f8tte eller online indsamlinger.<\/p>\n<h3 style=\"text-align: justify;\"><strong>Tilbyder VITA st\u00f8tte til deltagerne?<\/strong><\/h3>\n<p style=\"text-align: justify;\">Ja, VITA prioriterer deltagernes trivsel og tilbyder st\u00f8tte f\u00f8r, under og efter opholdet. Teamet er i kontakt med deltagerne for at sikre, at de falder godt til og f\u00e5r hj\u00e6lp til at h\u00e5ndtere de udfordringer, der kan opst\u00e5.<\/p>\n<p style=\"text-align: justify;\">Franske humanit\u00e6re organisationer som <strong>VITA<\/strong> er vigtige drivkr\u00e6fter i arbejdet for en mere retf\u00e6rdig og solidarisk verden. N\u00e5r du deltager i internationale forl\u00f8b, bidrager du til konkrete indsatser \u2013 og du f\u00e5r samtidig erfaringer, der kan styrke dig b\u00e5de personligt og fagligt. Uanset om du \u00f8nsker at tage ud i verden eller st\u00f8tte indsatser i Frankrig, findes der mange muligheder. Med VITA kan du v\u00e6re en del af et ansvarligt ophold, hvor kulturudveksling og respekt for lokale rammer g\u00e5r h\u00e5nd i h\u00e5nd med l\u00e6ring og engagement.<\/p>\n<p class=\"p4\" style=\"text-align: center;\"><b>Hvis du vil h\u00f8re mere, er du velkommen til at kontakte os p\u00e5 <\/b><a href=\"mailto:info@globalong.com\"><span class=\"s2\"><b>info@globalong.com<\/b><\/span><\/a><\/p>\n<p class=\"p4\" style=\"text-align: center;\"><b>Vil du f\u00f8lge mere med i VITA og vores community, kan du finde os p\u00e5 <\/b><a href=\"https:\/\/www.instagram.com\/globalongofficiel\/\"><span class=\"s2\"><b>Instagram<\/b><\/span><\/a><b>, <\/b><a href=\"https:\/\/www.facebook.com\/globalong\"><span class=\"s2\"><b>Facebook<\/b><\/span><\/a><b>, <\/b><a href=\"https:\/\/www.linkedin.com\/company\/5113177\/admin\/feed\/posts\/\"><span class=\"s2\"><b>LinkedIn<\/b><\/span><\/a><b> og <\/b><a href=\"https:\/\/www.youtube.com\/c\/globalong\/videos\"><span class=\"s2\"><b>Youtube<\/b><\/span><\/a><b>! <\/b><\/p>\n<div class=\"ti-widget ti-goog\" data-layout-id=\"4\" data-set-id=\"light-background\" data-pid=\"\" data-language=\"fr\" data-version=\"2\" data-review-target-width=\"300\" data-review-text-mode=\"readmore\" data-pager-autoplay-timeout=\"6\" > <div class=\"ti-widget-container ti-col-3\"> <div class=\"ti-reviews-container\"> <div class=\"ti-controls\"> <div class=\"ti-next\" aria-label=\"Avis suivante\" role=\"button\"><\/div> <div class=\"ti-prev\" aria-label=\"Avis pr\u00e9c\u00e9dent\" role=\"button\"><\/div> <\/div> <div class=\"ti-reviews-container-wrapper\">  <div data-empty=\"0\" class=\"ti-review-item source-Google ti-image-layout-thumbnail\" data-id=\"cfcd208495d565ef66e7dff9f98764da\" > <div class=\"ti-inner\"> <div class=\"ti-review-header\"> <div class=\"ti-profile-img\"> <img decoding=\"async\" src=\"https:\/\/lh3.googleusercontent.com\/a\/ACg8ocKpaoKe37CD0_POxO97KqB60GsWQRsIuG2vmCfXT-W_FY44vw=s120-c-rp-mo-br100\" srcset=\"https:\/\/lh3.googleusercontent.com\/a\/ACg8ocKpaoKe37CD0_POxO97KqB60GsWQRsIuG2vmCfXT-W_FY44vw=s120-c-rp-mo-br100 2x\" alt=\"Lucie Correia\" loading=\"lazy\" \/> <\/div> <div class=\"ti-profile-details\"> <div class=\"ti-name\"> Lucie Correia <\/div> <div class=\"ti-date\">2024-10-17<\/div> <\/div> <\/div> <span class=\"ti-stars\"><span class=\"ti-star f\"><\/span><span class=\"ti-star f\"><\/span><span class=\"ti-star f\"><\/span><span class=\"ti-star f\"><\/span><span class=\"ti-star f\"><\/span><\/span> <div class=\"ti-review-text-container ti-review-content\"><!-- R-CONTENT -->La communication avec Globalong est super, personnes tr\u00e8s pr\u00e9sentes pour les b\u00e9n\u00e9voles et \u00e9tudiants partant avec cette association. Elles r\u00e9pondent \u00e0 toutes nos questions et sont tr\u00e8s accessibles au t\u00e9l\u00e9phone.<!-- R-CONTENT --><\/div> <span class=\"ti-read-more\" data-container=\".ti-review-content\" data-collapse-text=\"Cacher\" data-open-text=\"Lire la suite\" ><\/span> <\/div> <\/div>  <div data-empty=\"0\" class=\"ti-review-item source-Google ti-image-layout-thumbnail\" data-id=\"cfcd208495d565ef66e7dff9f98764da\" > <div class=\"ti-inner\"> <div class=\"ti-review-header\"> <div class=\"ti-profile-img\"> <img decoding=\"async\" src=\"https:\/\/lh3.googleusercontent.com\/a-\/ALV-UjWqnnzM7-7c9BDqeTDF-a7pOgNjvLkJ3WshRd_Tn7z0Eu-AGQwo=s120-c-rp-mo-br100\" srcset=\"https:\/\/lh3.googleusercontent.com\/a-\/ALV-UjWqnnzM7-7c9BDqeTDF-a7pOgNjvLkJ3WshRd_Tn7z0Eu-AGQwo=s120-c-rp-mo-br100 2x\" alt=\"Ra\u00efssa Frisch\" loading=\"lazy\" \/> <\/div> <div class=\"ti-profile-details\"> <div class=\"ti-name\"> Ra\u00efssa Frisch <\/div> <div class=\"ti-date\">2024-10-14<\/div> <\/div> <\/div> <span class=\"ti-stars\"><span class=\"ti-star f\"><\/span><span class=\"ti-star f\"><\/span><span class=\"ti-star f\"><\/span><span class=\"ti-star f\"><\/span><span class=\"ti-star f\"><\/span><\/span> <div class=\"ti-review-text-container ti-review-content\"><!-- R-CONTENT -->J\u2019ai d\u00e9j\u00e0 eu l\u2019opportunit\u00e9 de r\u00e9aliser deux projets humanitaires avec l\u2019association Globalong. Je ne peux que la recommander, car j\u2019ai toujours b\u00e9n\u00e9fici\u00e9 d\u2019un excellent accompagnement, aussi bien avant que pendant le voyage. On ne vous laisse pas vous d\u00e9brouiller seuls, bien au contraire, vous \u00eates tr\u00e8s bien encadr\u00e9s pour accomplir toutes les d\u00e9marches dans les d\u00e9lais.\n\nAu-del\u00e0 du suivi, les exp\u00e9riences humanitaires propos\u00e9es par Globalong ne peuvent que transformer votre vie de mani\u00e8re positive. Elles vous apportent une richesse humaine inestimable.<!-- R-CONTENT --><\/div> <span class=\"ti-read-more\" data-container=\".ti-review-content\" data-collapse-text=\"Cacher\" data-open-text=\"Lire la suite\" ><\/span> <\/div> <\/div>  <div data-empty=\"0\" class=\"ti-review-item source-Google ti-image-layout-thumbnail\" data-id=\"cfcd208495d565ef66e7dff9f98764da\" > <div class=\"ti-inner\"> <div class=\"ti-review-header\"> <div class=\"ti-profile-img\"> <img decoding=\"async\" src=\"https:\/\/lh3.googleusercontent.com\/a\/ACg8ocJL-Dxv25YkXK2QwWPNRxTVqZCv5uTmDQDFg5qslKra3vRZew=s120-c-rp-mo-br100\" srcset=\"https:\/\/lh3.googleusercontent.com\/a\/ACg8ocJL-Dxv25YkXK2QwWPNRxTVqZCv5uTmDQDFg5qslKra3vRZew=s120-c-rp-mo-br100 2x\" alt=\"Tara Turan\" loading=\"lazy\" \/> <\/div> <div class=\"ti-profile-details\"> <div class=\"ti-name\"> Tara Turan <\/div> <div class=\"ti-date\">2024-10-14<\/div> <\/div> <\/div> <span class=\"ti-stars\"><span class=\"ti-star f\"><\/span><span class=\"ti-star f\"><\/span><span class=\"ti-star f\"><\/span><span class=\"ti-star f\"><\/span><span class=\"ti-star f\"><\/span><\/span> <div class=\"ti-review-text-container ti-review-content\"><!-- R-CONTENT -->Une des meilleures associations que j\u2019ai pu faire !\nUne organisation et un suivi vraiment parfait, c\u2019est avec grand plaisir que je referai un projet avec eux.<!-- R-CONTENT --><\/div> <span class=\"ti-read-more\" data-container=\".ti-review-content\" data-collapse-text=\"Cacher\" data-open-text=\"Lire la suite\" ><\/span> <\/div> <\/div>  <div data-empty=\"0\" class=\"ti-review-item source-Google ti-image-layout-thumbnail\" data-id=\"cfcd208495d565ef66e7dff9f98764da\" > <div class=\"ti-inner\"> <div class=\"ti-review-header\"> <div class=\"ti-profile-img\"> <img decoding=\"async\" src=\"https:\/\/lh3.googleusercontent.com\/a\/ACg8ocLctTPNovSk3eKM0b_MIPOfcFEQsz2135Cdu59_BWRVsIYC7Q=s120-c-rp-mo-br100\" srcset=\"https:\/\/lh3.googleusercontent.com\/a\/ACg8ocLctTPNovSk3eKM0b_MIPOfcFEQsz2135Cdu59_BWRVsIYC7Q=s120-c-rp-mo-br100 2x\" alt=\"Repiquet Julie\" loading=\"lazy\" \/> <\/div> <div class=\"ti-profile-details\"> <div class=\"ti-name\"> Repiquet Julie <\/div> <div class=\"ti-date\">2024-10-13<\/div> <\/div> <\/div> <span class=\"ti-stars\"><span class=\"ti-star f\"><\/span><span class=\"ti-star f\"><\/span><span class=\"ti-star f\"><\/span><span class=\"ti-star f\"><\/span><span class=\"ti-star f\"><\/span><\/span> <div class=\"ti-review-text-container ti-review-content\"><!-- R-CONTENT -->Tr\u00e8s bon accompagnement de la part de Globalong, du premier jour avec toutes mes interrogations, jusqu'au d\u00e9part dans quelques jours. Le dossier transmis apr\u00e8s validation de la mission est plus que complet, les webmaster tr\u00e8s int\u00e9ressantes et permettent de d\u00e9charger mentalement ce genre de pr\u00e9paration, tout est pr\u00e9vu il n'y a plus qu'\u00e0 suivre ! Merci \u00e0 Florence de r\u00e9pondre \u00e0 toutes mes questions avec gentillesse et bienveillance, cela m'a permis de passer le cap!\nMaintenant, il n'y a plus qu'\u00e0 \ud83d\ude00<!-- R-CONTENT --><\/div> <span class=\"ti-read-more\" data-container=\".ti-review-content\" data-collapse-text=\"Cacher\" data-open-text=\"Lire la suite\" ><\/span> <\/div> <\/div>  <div data-empty=\"0\" class=\"ti-review-item source-Google ti-image-layout-thumbnail\" data-id=\"cfcd208495d565ef66e7dff9f98764da\" > <div class=\"ti-inner\"> <div class=\"ti-review-header\"> <div class=\"ti-profile-img\"> <img decoding=\"async\" src=\"https:\/\/lh3.googleusercontent.com\/a\/ACg8ocJJTdmTWs8nAA0yuH_cKOUgzc6GFAkHBiXhpnnVYXaWMBZsHw=s120-c-rp-mo-br100\" srcset=\"https:\/\/lh3.googleusercontent.com\/a\/ACg8ocJJTdmTWs8nAA0yuH_cKOUgzc6GFAkHBiXhpnnVYXaWMBZsHw=s120-c-rp-mo-br100 2x\" alt=\"Marine Guilhamat\" loading=\"lazy\" \/> <\/div> <div class=\"ti-profile-details\"> <div class=\"ti-name\"> Marine Guilhamat <\/div> <div class=\"ti-date\">2024-10-09<\/div> <\/div> <\/div> <span class=\"ti-stars\"><span class=\"ti-star f\"><\/span><span class=\"ti-star f\"><\/span><span class=\"ti-star f\"><\/span><span class=\"ti-star f\"><\/span><span class=\"ti-star f\"><\/span><\/span> <div class=\"ti-review-text-container ti-review-content\"><!-- R-CONTENT -->Tr\u00e8s belle association qui offre un cadre super s\u00e9curisant et permet de s\u2019investir dans des projets qui ont du sens. Merci \u00e0 l\u2019\u00e9quipe Globalong pour votre disponibilit\u00e9, gentillesse et accompagnement !<!-- R-CONTENT --><\/div> <span class=\"ti-read-more\" data-container=\".ti-review-content\" data-collapse-text=\"Cacher\" data-open-text=\"Lire la suite\" ><\/span> <\/div> <\/div>  <div data-empty=\"0\" class=\"ti-review-item source-Google ti-image-layout-thumbnail\" data-id=\"cfcd208495d565ef66e7dff9f98764da\" > <div class=\"ti-inner\"> <div class=\"ti-review-header\"> <div class=\"ti-profile-img\"> <img decoding=\"async\" src=\"https:\/\/lh3.googleusercontent.com\/a\/ACg8ocIgITHXKo46qgJyPqlJeAcxz11gCKUJpGIk2qauiIe2O3iZ6w=s120-c-rp-mo-br100\" srcset=\"https:\/\/lh3.googleusercontent.com\/a\/ACg8ocIgITHXKo46qgJyPqlJeAcxz11gCKUJpGIk2qauiIe2O3iZ6w=s120-c-rp-mo-br100 2x\" alt=\"Laura Mercier\" loading=\"lazy\" \/> <\/div> <div class=\"ti-profile-details\"> <div class=\"ti-name\"> Laura Mercier <\/div> <div class=\"ti-date\">2024-10-08<\/div> <\/div> <\/div> <span class=\"ti-stars\"><span class=\"ti-star f\"><\/span><span class=\"ti-star f\"><\/span><span class=\"ti-star f\"><\/span><span class=\"ti-star f\"><\/span><span class=\"ti-star f\"><\/span><\/span> <div class=\"ti-review-text-container ti-review-content\"><!-- R-CONTENT -->Mon d\u00e9part approche, je pars dans une semaine, et depuis le d\u00e9but de mon inscription je suis tr\u00e8s satisfaite du suivi effectu\u00e9 par l\u2019association. Ils sont tr\u00e8s disponibles et r\u00e9pondent rapidement \u00e0 l\u2019ensemble des questions. Je suis tr\u00e8s contente de partir faire cette mission humanitaire encadr\u00e9e par cette association. Je recommande vraiment.<!-- R-CONTENT --><\/div> <span class=\"ti-read-more\" data-container=\".ti-review-content\" data-collapse-text=\"Cacher\" data-open-text=\"Lire la suite\" ><\/span> <\/div> <\/div>  <div data-empty=\"0\" class=\"ti-review-item source-Google ti-image-layout-thumbnail\" data-id=\"cfcd208495d565ef66e7dff9f98764da\" > <div class=\"ti-inner\"> <div class=\"ti-review-header\"> <div class=\"ti-profile-img\"> <img decoding=\"async\" src=\"https:\/\/lh3.googleusercontent.com\/a-\/ALV-UjVVr0YMQhXl8QNEEB32l-rnoaYwvRZUjIEX9OEwPE_1fQwzIyk=s120-c-rp-mo-br100\" srcset=\"https:\/\/lh3.googleusercontent.com\/a-\/ALV-UjVVr0YMQhXl8QNEEB32l-rnoaYwvRZUjIEX9OEwPE_1fQwzIyk=s120-c-rp-mo-br100 2x\" alt=\"Anouk Rzkt\" loading=\"lazy\" \/> <\/div> <div class=\"ti-profile-details\"> <div class=\"ti-name\"> Anouk Rzkt <\/div> <div class=\"ti-date\">2024-10-02<\/div> <\/div> <\/div> <span class=\"ti-stars\"><span class=\"ti-star f\"><\/span><span class=\"ti-star f\"><\/span><span class=\"ti-star f\"><\/span><span class=\"ti-star f\"><\/span><span class=\"ti-star f\"><\/span><\/span> <div class=\"ti-review-text-container ti-review-content\"><!-- R-CONTENT -->Globalong est l'association parfaite. L'\u00e9quipe offre un v\u00e9ritable accompagnement rythm\u00e9 par beaucoup de conseils et d'\u00e9coute. Le site est tr\u00e8s bien fait avec des dossiers complets allant des sujets tr\u00e8s pratiques a d'autres plus th\u00e9oriques (tels que le choc culturel par exemple). Je recommande vivement et remercie sinc\u00e8rement toute l'\u00e9quipe pour leur gentillesse et investissement !<!-- R-CONTENT --><\/div> <span class=\"ti-read-more\" data-container=\".ti-review-content\" data-collapse-text=\"Cacher\" data-open-text=\"Lire la suite\" ><\/span> <\/div> <\/div>  <\/div> <div class=\"ti-controls-line\"> <div class=\"dot\"><\/div> <\/div> <\/div> <div class=\"ti-footer\"> <div class=\"ti-rating-text\"> <span class=\"nowrap\">\u00c9valuation <strong>Google<\/strong> : <\/span><span class=\"nowrap\"><strong>4.8<\/strong> sur 5, <\/span><span class=\"nowrap\">Bas\u00e9e sur <strong>240 avis<\/strong><\/span> <\/div> <\/div>  <\/div> <\/div> \n","protected":false},"excerpt":{"rendered":"<p>Se, hvilken forskel franske humanit\u00e6re organisationer g\u00f8r i deres internationale indsatser. VITA: Sammen for en mere retf\u00e6rdig verden De franske humanit\u00e6re organisationer spiller en\u2026<\/p>\n","protected":false},"author":7,"featured_media":11796,"comment_status":"open","ping_status":"open","sticky":false,"template":"","format":"standard","meta":{"footnotes":""},"categories":[6,4],"tags":[],"yoast_head":"<!-- This site is optimized with the Yoast SEO Premium plugin v23.4 (Yoast SEO v23.4) - https:\/\/yoast.com\/wordpress\/plugins\/seo\/ -->\n<title>Fransk humanit\u00e6r organisation - VITA Explorers Blog<\/title>\n<meta name=\"description\" content=\"D\u00e9couvre une association humanitaire fran\u00e7aise : actions solidaires, projets \u00e0 l&#039;\u00e9tranger, opportunit\u00e9s de b\u00e9n\u00e9volat et fait la diff\u00e9rence\" \/>\n<meta name=\"robots\" content=\"index, follow, max-snippet:-1, max-image-preview:large, max-video-preview:-1\" \/>\n<link rel=\"canonical\" href=\"https:\/\/www.vita-explorers.dk\/blog\/fransk-humanitaer-organisation\/\" \/>\n<meta property=\"og:locale\" content=\"da_DK\" \/>\n<meta property=\"og:type\" content=\"article\" \/>\n<meta property=\"og:title\" content=\"Fransk humanit\u00e6r organisation\" \/>\n<meta property=\"og:description\" content=\"D\u00e9couvre une association humanitaire fran\u00e7aise : actions solidaires, projets \u00e0 l&#039;\u00e9tranger, opportunit\u00e9s de b\u00e9n\u00e9volat et fait la diff\u00e9rence\" \/>\n<meta property=\"og:url\" content=\"https:\/\/www.vita-explorers.dk\/blog\/fransk-humanitaer-organisation\/\" \/>\n<meta property=\"og:site_name\" content=\"VITA Explorers Blog\" \/>\n<meta property=\"article:publisher\" content=\"https:\/\/www.facebook.com\/globalong\" \/>\n<meta property=\"article:published_time\" content=\"2024-09-10T04:49:01+00:00\" \/>\n<meta property=\"article:modified_time\" content=\"2025-03-07T08:57:48+00:00\" \/>\n<meta property=\"og:image\" content=\"https:\/\/www.vita-explorers.dk\/blog\/wp-content\/uploads\/2018\/10\/Equipe-b\u00e9n\u00e9voles-min.jpg\" \/>\n\t<meta property=\"og:image:width\" content=\"960\" \/>\n\t<meta property=\"og:image:height\" content=\"720\" \/>\n\t<meta property=\"og:image:type\" content=\"image\/jpeg\" \/>\n<meta name=\"author\" content=\"VITA Tribe\" \/>\n<meta name=\"twitter:card\" content=\"summary_large_image\" \/>\n<meta name=\"twitter:label1\" content=\"Skrevet af\" \/>\n\t<meta name=\"twitter:data1\" content=\"VITA Tribe\" \/>\n\t<meta name=\"twitter:label2\" content=\"Estimeret l\u00e6setid\" \/>\n\t<meta name=\"twitter:data2\" content=\"8 minutter\" \/>\n<script type=\"application\/ld+json\" class=\"yoast-schema-graph\">{\"@context\":\"https:\/\/schema.org\",\"@graph\":[{\"@type\":\"Article\",\"@id\":\"https:\/\/www.vita-explorers.dk\/blog\/fransk-humanitaer-organisation\/#article\",\"isPartOf\":{\"@id\":\"https:\/\/www.vita-explorers.dk\/blog\/fransk-humanitaer-organisation\/\"},\"author\":{\"name\":\"VITA Tribe\",\"@id\":\"https:\/\/www.vita-explorers.dk\/blog\/#\/schema\/person\/fc0343a2f2db2ebb2793c1f62dbe73f0\"},\"headline\":\"Fransk humanit\u00e6r organisation\",\"datePublished\":\"2024-09-10T04:49:01+00:00\",\"dateModified\":\"2025-03-07T08:57:48+00:00\",\"mainEntityOfPage\":{\"@id\":\"https:\/\/www.vita-explorers.dk\/blog\/fransk-humanitaer-organisation\/\"},\"wordCount\":1283,\"commentCount\":0,\"publisher\":{\"@id\":\"https:\/\/www.vita-explorers.dk\/blog\/#organization\"},\"image\":{\"@id\":\"https:\/\/www.vita-explorers.dk\/blog\/fransk-humanitaer-organisation\/#primaryimage\"},\"thumbnailUrl\":\"https:\/\/www.vita-explorers.dk\/blog\/wp-content\/uploads\/2018\/10\/Equipe-b\u00e9n\u00e9voles-min.jpg\",\"articleSection\":[\"Nyheder\",\"VITA Explorers\"],\"inLanguage\":\"da-DK\",\"potentialAction\":[{\"@type\":\"CommentAction\",\"name\":\"Comment\",\"target\":[\"https:\/\/www.vita-explorers.dk\/blog\/fransk-humanitaer-organisation\/#respond\"]}]},{\"@type\":\"WebPage\",\"@id\":\"https:\/\/www.vita-explorers.dk\/blog\/fransk-humanitaer-organisation\/\",\"url\":\"https:\/\/www.vita-explorers.dk\/blog\/fransk-humanitaer-organisation\/\",\"name\":\"Fransk humanit\u00e6r organisation - VITA Explorers Blog\",\"isPartOf\":{\"@id\":\"https:\/\/www.vita-explorers.dk\/blog\/#website\"},\"primaryImageOfPage\":{\"@id\":\"https:\/\/www.vita-explorers.dk\/blog\/fransk-humanitaer-organisation\/#primaryimage\"},\"image\":{\"@id\":\"https:\/\/www.vita-explorers.dk\/blog\/fransk-humanitaer-organisation\/#primaryimage\"},\"thumbnailUrl\":\"https:\/\/www.vita-explorers.dk\/blog\/wp-content\/uploads\/2018\/10\/Equipe-b\u00e9n\u00e9voles-min.jpg\",\"datePublished\":\"2024-09-10T04:49:01+00:00\",\"dateModified\":\"2025-03-07T08:57:48+00:00\",\"description\":\"D\u00e9couvre une association humanitaire fran\u00e7aise : actions solidaires, projets \u00e0 l'\u00e9tranger, opportunit\u00e9s de b\u00e9n\u00e9volat et fait la diff\u00e9rence\",\"breadcrumb\":{\"@id\":\"https:\/\/www.vita-explorers.dk\/blog\/fransk-humanitaer-organisation\/#breadcrumb\"},\"inLanguage\":\"da-DK\",\"potentialAction\":[{\"@type\":\"ReadAction\",\"target\":[\"https:\/\/www.vita-explorers.dk\/blog\/fransk-humanitaer-organisation\/\"]}]},{\"@type\":\"ImageObject\",\"inLanguage\":\"da-DK\",\"@id\":\"https:\/\/www.vita-explorers.dk\/blog\/fransk-humanitaer-organisation\/#primaryimage\",\"url\":\"https:\/\/www.vita-explorers.dk\/blog\/wp-content\/uploads\/2018\/10\/Equipe-b\u00e9n\u00e9voles-min.jpg\",\"contentUrl\":\"https:\/\/www.vita-explorers.dk\/blog\/wp-content\/uploads\/2018\/10\/Equipe-b\u00e9n\u00e9voles-min.jpg\",\"width\":960,\"height\":720,\"caption\":\"association humanitaire Francaise\"},{\"@type\":\"BreadcrumbList\",\"@id\":\"https:\/\/www.vita-explorers.dk\/blog\/fransk-humanitaer-organisation\/#breadcrumb\",\"itemListElement\":[{\"@type\":\"ListItem\",\"position\":1,\"name\":\"Accueil\",\"item\":\"https:\/\/www.vita-explorers.dk\/blog\/\"},{\"@type\":\"ListItem\",\"position\":2,\"name\":\"Fransk humanit\u00e6r organisation\"}]},{\"@type\":\"WebSite\",\"@id\":\"https:\/\/www.vita-explorers.dk\/blog\/#website\",\"url\":\"https:\/\/www.vita-explorers.dk\/blog\/\",\"name\":\"Association Globalong\",\"description\":\"Frivilligt arbejde, sprogophold, praktik i udlandet og internationale oplevelser\",\"publisher\":{\"@id\":\"https:\/\/www.vita-explorers.dk\/blog\/#organization\"},\"potentialAction\":[{\"@type\":\"SearchAction\",\"target\":{\"@type\":\"EntryPoint\",\"urlTemplate\":\"https:\/\/www.vita-explorers.dk\/blog\/?s={search_term_string}\"},\"query-input\":{\"@type\":\"PropertyValueSpecification\",\"valueRequired\":true,\"valueName\":\"search_term_string\"}}],\"inLanguage\":\"da-DK\"},{\"@type\":\"Organization\",\"@id\":\"https:\/\/www.vita-explorers.dk\/blog\/#organization\",\"name\":\"Association Globalong\",\"url\":\"https:\/\/www.vita-explorers.dk\/blog\/\",\"logo\":{\"@type\":\"ImageObject\",\"inLanguage\":\"da-DK\",\"@id\":\"https:\/\/www.vita-explorers.dk\/blog\/#\/schema\/logo\/image\/\",\"url\":\"https:\/\/www.globalong.com\/blog\/wp-content\/uploads\/2014\/11\/cropped-cropped-Logo-et-Afrique-Globalong-petite-taille-2.jpg\",\"contentUrl\":\"https:\/\/www.globalong.com\/blog\/wp-content\/uploads\/2014\/11\/cropped-cropped-Logo-et-Afrique-Globalong-petite-taille-2.jpg\",\"width\":512,\"height\":512,\"caption\":\"Association Globalong\"},\"image\":{\"@id\":\"https:\/\/www.vita-explorers.dk\/blog\/#\/schema\/logo\/image\/\"},\"sameAs\":[\"https:\/\/www.facebook.com\/globalong\"]},{\"@type\":\"Person\",\"@id\":\"https:\/\/www.vita-explorers.dk\/blog\/#\/schema\/person\/fc0343a2f2db2ebb2793c1f62dbe73f0\",\"name\":\"VITA Tribe\",\"image\":{\"@type\":\"ImageObject\",\"inLanguage\":\"da-DK\",\"@id\":\"https:\/\/www.vita-explorers.dk\/blog\/#\/schema\/person\/image\/\",\"url\":\"https:\/\/secure.gravatar.com\/avatar\/f7f05026bb439d0c96b30e135e5f852c?s=96&d=mm&r=g\",\"contentUrl\":\"https:\/\/secure.gravatar.com\/avatar\/f7f05026bb439d0c96b30e135e5f852c?s=96&d=mm&r=g\",\"caption\":\"VITA Tribe\"},\"sameAs\":[\"http:\/\/www.globalong.com\"],\"url\":\"https:\/\/www.vita-explorers.dk\/blog\/author\/teamglobalong\/\"}]}<\/script>\n<!-- \/ Yoast SEO Premium plugin. -->","yoast_head_json":{"title":"Fransk humanit\u00e6r organisation - VITA Explorers Blog","description":"D\u00e9couvre une association humanitaire fran\u00e7aise : actions solidaires, projets \u00e0 l'\u00e9tranger, opportunit\u00e9s de b\u00e9n\u00e9volat et fait la diff\u00e9rence","robots":{"index":"index","follow":"follow","max-snippet":"max-snippet:-1","max-image-preview":"max-image-preview:large","max-video-preview":"max-video-preview:-1"},"canonical":"https:\/\/www.vita-explorers.dk\/blog\/fransk-humanitaer-organisation\/","og_locale":"da_DK","og_type":"article","og_title":"Fransk humanit\u00e6r organisation","og_description":"D\u00e9couvre une association humanitaire fran\u00e7aise : actions solidaires, projets \u00e0 l'\u00e9tranger, opportunit\u00e9s de b\u00e9n\u00e9volat et fait la diff\u00e9rence","og_url":"https:\/\/www.vita-explorers.dk\/blog\/fransk-humanitaer-organisation\/","og_site_name":"VITA Explorers Blog","article_publisher":"https:\/\/www.facebook.com\/globalong","article_published_time":"2024-09-10T04:49:01+00:00","article_modified_time":"2025-03-07T08:57:48+00:00","og_image":[{"width":960,"height":720,"url":"https:\/\/www.vita-explorers.dk\/blog\/wp-content\/uploads\/2018\/10\/Equipe-b\u00e9n\u00e9voles-min.jpg","type":"image\/jpeg"}],"author":"VITA Tribe","twitter_card":"summary_large_image","twitter_misc":{"Skrevet af":"VITA Tribe","Estimeret l\u00e6setid":"8 minutter"},"schema":{"@context":"https:\/\/schema.org","@graph":[{"@type":"Article","@id":"https:\/\/www.vita-explorers.dk\/blog\/fransk-humanitaer-organisation\/#article","isPartOf":{"@id":"https:\/\/www.vita-explorers.dk\/blog\/fransk-humanitaer-organisation\/"},"author":{"name":"VITA Tribe","@id":"https:\/\/www.vita-explorers.dk\/blog\/#\/schema\/person\/fc0343a2f2db2ebb2793c1f62dbe73f0"},"headline":"Fransk humanit\u00e6r organisation","datePublished":"2024-09-10T04:49:01+00:00","dateModified":"2025-03-07T08:57:48+00:00","mainEntityOfPage":{"@id":"https:\/\/www.vita-explorers.dk\/blog\/fransk-humanitaer-organisation\/"},"wordCount":1283,"commentCount":0,"publisher":{"@id":"https:\/\/www.vita-explorers.dk\/blog\/#organization"},"image":{"@id":"https:\/\/www.vita-explorers.dk\/blog\/fransk-humanitaer-organisation\/#primaryimage"},"thumbnailUrl":"https:\/\/www.vita-explorers.dk\/blog\/wp-content\/uploads\/2018\/10\/Equipe-b\u00e9n\u00e9voles-min.jpg","articleSection":["Nyheder","VITA Explorers"],"inLanguage":"da-DK","potentialAction":[{"@type":"CommentAction","name":"Comment","target":["https:\/\/www.vita-explorers.dk\/blog\/fransk-humanitaer-organisation\/#respond"]}]},{"@type":"WebPage","@id":"https:\/\/www.vita-explorers.dk\/blog\/fransk-humanitaer-organisation\/","url":"https:\/\/www.vita-explorers.dk\/blog\/fransk-humanitaer-organisation\/","name":"Fransk humanit\u00e6r organisation - VITA Explorers Blog","isPartOf":{"@id":"https:\/\/www.vita-explorers.dk\/blog\/#website"},"primaryImageOfPage":{"@id":"https:\/\/www.vita-explorers.dk\/blog\/fransk-humanitaer-organisation\/#primaryimage"},"image":{"@id":"https:\/\/www.vita-explorers.dk\/blog\/fransk-humanitaer-organisation\/#primaryimage"},"thumbnailUrl":"https:\/\/www.vita-explorers.dk\/blog\/wp-content\/uploads\/2018\/10\/Equipe-b\u00e9n\u00e9voles-min.jpg","datePublished":"2024-09-10T04:49:01+00:00","dateModified":"2025-03-07T08:57:48+00:00","description":"D\u00e9couvre une association humanitaire fran\u00e7aise : actions solidaires, projets \u00e0 l'\u00e9tranger, opportunit\u00e9s de b\u00e9n\u00e9volat et fait la diff\u00e9rence","breadcrumb":{"@id":"https:\/\/www.vita-explorers.dk\/blog\/fransk-humanitaer-organisation\/#breadcrumb"},"inLanguage":"da-DK","potentialAction":[{"@type":"ReadAction","target":["https:\/\/www.vita-explorers.dk\/blog\/fransk-humanitaer-organisation\/"]}]},{"@type":"ImageObject","inLanguage":"da-DK","@id":"https:\/\/www.vita-explorers.dk\/blog\/fransk-humanitaer-organisation\/#primaryimage","url":"https:\/\/www.vita-explorers.dk\/blog\/wp-content\/uploads\/2018\/10\/Equipe-b\u00e9n\u00e9voles-min.jpg","contentUrl":"https:\/\/www.vita-explorers.dk\/blog\/wp-content\/uploads\/2018\/10\/Equipe-b\u00e9n\u00e9voles-min.jpg","width":960,"height":720,"caption":"association humanitaire Francaise"},{"@type":"BreadcrumbList","@id":"https:\/\/www.vita-explorers.dk\/blog\/fransk-humanitaer-organisation\/#breadcrumb","itemListElement":[{"@type":"ListItem","position":1,"name":"Accueil","item":"https:\/\/www.vita-explorers.dk\/blog\/"},{"@type":"ListItem","position":2,"name":"Fransk humanit\u00e6r organisation"}]},{"@type":"WebSite","@id":"https:\/\/www.vita-explorers.dk\/blog\/#website","url":"https:\/\/www.vita-explorers.dk\/blog\/","name":"Association Globalong","description":"Frivilligt arbejde, sprogophold, praktik i udlandet og internationale oplevelser","publisher":{"@id":"https:\/\/www.vita-explorers.dk\/blog\/#organization"},"potentialAction":[{"@type":"SearchAction","target":{"@type":"EntryPoint","urlTemplate":"https:\/\/www.vita-explorers.dk\/blog\/?s={search_term_string}"},"query-input":{"@type":"PropertyValueSpecification","valueRequired":true,"valueName":"search_term_string"}}],"inLanguage":"da-DK"},{"@type":"Organization","@id":"https:\/\/www.vita-explorers.dk\/blog\/#organization","name":"Association Globalong","url":"https:\/\/www.vita-explorers.dk\/blog\/","logo":{"@type":"ImageObject","inLanguage":"da-DK","@id":"https:\/\/www.vita-explorers.dk\/blog\/#\/schema\/logo\/image\/","url":"https:\/\/www.globalong.com\/blog\/wp-content\/uploads\/2014\/11\/cropped-cropped-Logo-et-Afrique-Globalong-petite-taille-2.jpg","contentUrl":"https:\/\/www.globalong.com\/blog\/wp-content\/uploads\/2014\/11\/cropped-cropped-Logo-et-Afrique-Globalong-petite-taille-2.jpg","width":512,"height":512,"caption":"Association Globalong"},"image":{"@id":"https:\/\/www.vita-explorers.dk\/blog\/#\/schema\/logo\/image\/"},"sameAs":["https:\/\/www.facebook.com\/globalong"]},{"@type":"Person","@id":"https:\/\/www.vita-explorers.dk\/blog\/#\/schema\/person\/fc0343a2f2db2ebb2793c1f62dbe73f0","name":"VITA Tribe","image":{"@type":"ImageObject","inLanguage":"da-DK","@id":"https:\/\/www.vita-explorers.dk\/blog\/#\/schema\/person\/image\/","url":"https:\/\/secure.gravatar.com\/avatar\/f7f05026bb439d0c96b30e135e5f852c?s=96&d=mm&r=g","contentUrl":"https:\/\/secure.gravatar.com\/avatar\/f7f05026bb439d0c96b30e135e5f852c?s=96&d=mm&r=g","caption":"VITA Tribe"},"sameAs":["http:\/\/www.globalong.com"],"url":"https:\/\/www.vita-explorers.dk\/blog\/author\/teamglobalong\/"}]}},"_links":{"self":[{"href":"https:\/\/www.vita-explorers.dk\/blog\/wp-json\/wp\/v2\/posts\/17207"}],"collection":[{"href":"https:\/\/www.vita-explorers.dk\/blog\/wp-json\/wp\/v2\/posts"}],"about":[{"href":"https:\/\/www.vita-explorers.dk\/blog\/wp-json\/wp\/v2\/types\/post"}],"author":[{"embeddable":true,"href":"https:\/\/www.vita-explorers.dk\/blog\/wp-json\/wp\/v2\/users\/7"}],"replies":[{"embeddable":true,"href":"https:\/\/www.vita-explorers.dk\/blog\/wp-json\/wp\/v2\/comments?post=17207"}],"version-history":[{"count":10,"href":"https:\/\/www.vita-explorers.dk\/blog\/wp-json\/wp\/v2\/posts\/17207\/revisions"}],"predecessor-version":[{"id":20857,"href":"https:\/\/www.vita-explorers.dk\/blog\/wp-json\/wp\/v2\/posts\/17207\/revisions\/20857"}],"wp:featuredmedia":[{"embeddable":true,"href":"https:\/\/www.vita-explorers.dk\/blog\/wp-json\/wp\/v2\/media\/11796"}],"wp:attachment":[{"href":"https:\/\/www.vita-explorers.dk\/blog\/wp-json\/wp\/v2\/media?parent=17207"}],"wp:term":[{"taxonomy":"category","embeddable":true,"href":"https:\/\/www.vita-explorers.dk\/blog\/wp-json\/wp\/v2\/categories?post=17207"},{"taxonomy":"post_tag","embeddable":true,"href":"https:\/\/www.vita-explorers.dk\/blog\/wp-json\/wp\/v2\/tags?post=17207"}],"curies":[{"name":"wp","href":"https:\/\/api.w.org\/{rel}","templated":true}]}}