{"id":17276,"date":"2024-09-18T06:53:43","date_gmt":"2024-09-18T04:53:43","guid":{"rendered":"https:\/\/www.globalong.com\/blog\/?p=17276"},"modified":"2024-10-29T16:13:56","modified_gmt":"2024-10-29T15:13:56","slug":"skriv-et-cv-til-praktik-i-sygepleje","status":"publish","type":"post","link":"https:\/\/www.vita-explorers.dk\/blog\/skriv-et-cv-til-praktik-i-sygepleje\/","title":{"rendered":"S\u00e5dan skriver du et st\u00e6rkt CV til praktik i sygepleje"},"content":{"rendered":"<h1 style=\"text-align: justify;\"><span style=\"font-size: 18pt;\">S\u00e5dan skriver du et st\u00e6rkt CV til en praktik i sygepleje \u2013 konkrete r\u00e5d til dig som studerende<\/span><\/h1>\n<p style=\"text-align: justify;\">At skrive et <strong>st\u00e6rkt CV til en praktik i sygepleje<\/strong> kan v\u00e6re udfordrende \u2013 is\u00e6r hvis du endnu ikke har meget erhvervserfaring. Et <a href=\"https:\/\/www.vita-explorers.dk\/blog\/hvorfor-anbefalinger-er-vigtige-i-et-internationalt-sygeplejepraktikophold\/\" target=\"_blank\" rel=\"noopener\"><strong>CV med en tydelig struktur<\/strong><\/a> og et professionelt udtryk er dog afg\u00f8rende, hvis du vil i betragtning til den praktik, der passer bedst til dig \u2013 og f\u00e5 et l\u00e6rerigt forl\u00f8b. Her f\u00e5r du en trin-for-trin guide til at lave et <strong>CV, der passer til sygeplejefaget<\/strong>.<\/p>\n<p style=\"text-align: justify;\">Rekrutteringsansvarlige kigger typisk efter kandidater, der kan udvise empati, arbejder omhyggeligt og har en realistisk forst\u00e5else af, hvad faget kr\u00e6ver. N\u00e5r du pr\u00e6senterer dine kompetencer, din uddannelse og dine erfaringer klart, \u00f8ger du chancen for at blive bem\u00e6rket.<\/p>\n<h3 style=\"text-align: justify;\"><strong>De vigtigste elementer i et CV til en sygeplejepraktik<\/strong><\/h3>\n<p style=\"text-align: justify;\">Et <strong>CV til en <a href=\"https:\/\/www.vita-explorers.dk\/blog\/bedste-lande-til-et-sygeplejepraktikophold-i-udlandet\/\" target=\"_blank\" rel=\"noopener\">praktik i sygepleje<\/a><\/strong> skal f\u00f8rst og fremmest vise dine mest relevante kompetencer, din uddannelsesbaggrund og de erfaringer, der bedst matcher stillingen. Det er en god id\u00e9 at tilpasse CV\u2019et til sundhedssektoren og g\u00f8re det let at l\u00e6se \u2013 og rart at g\u00e5 til.<\/p>\n<p style=\"text-align: justify;\"><strong>CV-overskriften<\/strong><br \/>\n\u00d8verst skal dine kontaktoplysninger st\u00e5 tydeligt: navn, adresse, telefon og en professionel e-mailadresse. Husk ogs\u00e5 gerne et link til din <a href=\"https:\/\/www.vita-explorers.dk\/blog\/VITA-tips: S\u00e5dan fremh\u00e6ver du dit engagement som deltager p\u00e5 LinkedIn\/\">LinkedIn-profil<\/a>, hvis den er opdateret og relevant.<\/p>\n<p style=\"text-align: justify;\"><strong>Profiltekst eller fagligt m\u00e5l<\/strong><br \/>\nProfilteksten er en vigtig del af CV\u2019et, hvor du p\u00e5 f\u00e5 linjer opsummerer dine faglige m\u00e5l, dine vigtigste kompetencer og hvad du s\u00f8ger i praktikken. For eksempel:<br \/>\n<strong><em>&#8220;Motiveret sygeplejestuderende med stor interesse for omsorg og patientkontakt samt et solidt grundlag i basale sygeplejeopgaver. S\u00f8ger praktik for at oms\u00e6tte min viden i praksis og bidrage til patientforl\u00f8b i et travlt og l\u00e6rende milj\u00f8.&#8221;<\/em><\/strong><\/p>\n<p style=\"text-align: justify;\"><strong>Uddannelse<\/strong><br \/>\nN\u00e5r du s\u00f8ger praktik, er afsnittet om uddannelse centralt. Skriv din nuv\u00e6rende uddannelse (<a href=\"https:\/\/www.vita-explorers.dk\/blog\/studiepraktik-i-udlandet-bts\/\">BTS<\/a>, <a href=\"https:\/\/www.vita-explorers.dk\/blog\/studerende-praktik-ifsi\/\">IFSI<\/a>, eller en bachelor i sygepleje), uddannelsessted og datoer. Har du certifikater eller supplerende kurser \u2013 fx f\u00f8rstehj\u00e6lp eller kurser i patienth\u00e5ndtering \u2013 er det her, du skal fremh\u00e6ve dem.<\/p>\n<p style=\"text-align: justify;\"><strong>N\u00f8glekompetencer<\/strong><br \/>\nI sygepleje er b\u00e5de praktiske og menneskelige kompetencer vigtige. List dine vigtigste kompetencer:<\/p>\n<ul style=\"text-align: justify;\">\n<li><strong>Omsorg og st\u00f8tte til patienter<\/strong> (personlig hygiejne, m\u00e5ltider, komfort)<\/li>\n<li><strong>H\u00e5ndtering af patientjournaler<\/strong><\/li>\n<li><strong>Basale sygeplejeteknikker<\/strong> (s\u00e5rpleje, blodtryk)<\/li>\n<li><strong>Relationskompetencer<\/strong> (lytte, empati)<\/li>\n<li><strong>Samarbejde i team<\/strong><br \/>\nDisse kompetencer kan ogs\u00e5 v\u00e6re opbygget gennem undervisning, \u00f8velser og tidligere praktikforl\u00f8b \u2013 selv hvis du ikke har haft fuldt ansvar i klinikken endnu.<\/li>\n<\/ul>\n<h3 style=\"text-align: justify;\"><strong>Fremh\u00e6v dine erfaringer og tidligere praktikforl\u00f8b<\/strong><\/h3>\n<p style=\"text-align: justify;\">Selvom du s\u00f8ger en <a href=\"https:\/\/www.vita-explorers.dk\/blog\/studerendepraktik-svejs-sygepleje-i-udlandet\/\" target=\"_blank\" rel=\"noopener\">sygeplejepraktik<\/a> og endnu ikke har fuld erhvervserfaring, har du sandsynligvis v\u00e6ret i <strong>praktik tidligere<\/strong> eller deltaget i studieprojekter. Ogs\u00e5 korte forl\u00f8b kan g\u00f8re en forskel, hvis de pr\u00e6senteres tydeligt og struktureret.<\/p>\n<p style=\"text-align: justify;\"><strong>Hvordan beskriver du dine erfaringer?<\/strong><br \/>\nBrug gerne denne model for hver erfaring:<\/p>\n<ul style=\"text-align: justify;\">\n<li>Titel p\u00e5 forl\u00f8bet (Sygeplejestuderende i praktik)<\/li>\n<li>Sted og praktikperiode<\/li>\n<li>Beskrivelse af opgaver:\n<ul>\n<li><em>&#8220;Assisterede sygeplejersker med basale opgaver (blodtryk, s\u00e5rpleje, observation af vitale v\u00e6rdier)&#8221;<\/em><\/li>\n<li><em>&#8220;Bidrog til administrative opgaver omkring patientjournaler&#8221;<\/em><\/li>\n<li><em>&#8220;Kommunikerede med patienter og p\u00e5r\u00f8rende for at skabe tryghed og formidle relevant information&#8221;<\/em><\/li>\n<\/ul>\n<\/li>\n<\/ul>\n<p style=\"text-align: justify;\">Selv et kort forl\u00f8b i sundhedssektoren kan vise, at du er l\u00e6revillig og tager ansvar.<\/p>\n<h3 style=\"text-align: justify;\"><strong>Tilpas dit CV til forventningerne i sundhedssektoren<\/strong><\/h3>\n<p style=\"text-align: justify;\">Sundhedssektoren har s\u00e6rlige forventninger til <strong>professionalitet<\/strong> og <strong>samarbejde<\/strong>, og det er vigtigt, at dit CV afspejler det. Her er nogle konkrete greb til at ramme rigtigt:<\/p>\n<p style=\"text-align: justify;\"><strong>Fremh\u00e6v din struktur og din sans for kvalitet<\/strong><br \/>\nSygepleje kr\u00e6ver omhyggelighed. Vis, at du kan f\u00f8lge retningslinjer, overholde hygiejne- og sikkerhedsstandarder og planl\u00e6gge dit arbejde i en travl hverdag.<\/p>\n<p style=\"text-align: justify;\"><strong>Vis, at du kan arbejde i team<\/strong><br \/>\nSygepleje bygger p\u00e5 t\u00e6t samarbejde med andre faggrupper. N\u00e6vn erfaringer med teamwork \u2013 ogs\u00e5 fra andre sammenh\u00e6nge \u2013 fx gruppearbejde, studieprojekter eller frivilligt arbejde.<\/p>\n<p style=\"text-align: justify;\"><strong>Fokus p\u00e5 det menneskelige og relationelle<\/strong><br \/>\n<a href=\"https:\/\/www.vita-explorers.dk\/blog\/humanit\u00e6rt-forl\u00f8b-infirmiere-courte-duree\/\" target=\"_blank\" rel=\"noopener\">Sygeplejefaget<\/a> forbindes ofte med et st\u00e6rkt menneskesyn. Vis, at du forst\u00e5r betydningen af n\u00e6rv\u00e6r og god kommunikation ved at fremh\u00e6ve dine relationskompetencer, din empati og din evne til at h\u00e5ndtere sv\u00e6re situationer p\u00e5 en professionel m\u00e5de.<\/p>\n<h3 style=\"text-align: justify;\"><strong>Eksempler p\u00e5 CV\u2019er til en sygeplejepraktik<\/strong><\/h3>\n<p style=\"text-align: justify;\">Her er nogle eksempler p\u00e5 <strong>CV\u2019er til en praktik i sygepleje<\/strong>, som kan give dig inspiration:<\/p>\n<ol style=\"text-align: justify;\">\n<li><strong>Klassisk skabelon<\/strong><br \/>\nDenne model pr\u00e6senterer dine oplysninger i en tydelig r\u00e6kkef\u00f8lge: uddannelse, kompetencer, erfaring. Den er velegnet til din f\u00f8rste ans\u00f8gning.<\/li>\n<li><strong>Kreativ skabelon<\/strong><br \/>\nHvis du gerne vil skille dig positivt ud, kan en enkel og moderne ops\u00e6tning med afd\u00e6mpede farver signalere overskud og energi.<\/li>\n<li><strong>Kompetencebaseret skabelon<\/strong><br \/>\nHvis du har begr\u00e6nset erfaring, men gode kompetencer, giver denne model dig mulighed for at fremh\u00e6ve det, du kan. Den passer is\u00e6r godt til dig, der er ny p\u00e5 omr\u00e5det.<\/li>\n<\/ol>\n<h3 style=\"text-align: justify;\"><strong>Tilpas dit CV til hver ans\u00f8gning<\/strong><\/h3>\n<p style=\"text-align: justify;\">Det er vigtigt at justere dit CV alt efter, hvor du s\u00f8ger. En praktik p\u00e5 et hospital, i en privat klinik eller p\u00e5 et plejehjem vil typisk v\u00e6gte forskellige kompetencer.<\/p>\n<p style=\"text-align: justify;\"><strong>Hvordan g\u00f8r du?<\/strong><\/p>\n<ul style=\"text-align: justify;\">\n<li><strong>Gennemg\u00e5 praktikopslaget<\/strong> : Find de kompetencer, der eftersp\u00f8rges, og g\u00f8r dem synlige i dit CV.<\/li>\n<li><strong>S\u00e6t dig ind i stedet<\/strong> : Unders\u00f8g stedets v\u00e6rdier og hverdag, og skriv kort, hvorfor det matcher dig.<\/li>\n<\/ul>\n<h3 style=\"text-align: justify;\"><strong>Tips til en overbevisende motiveret ans\u00f8gning<\/strong><\/h3>\n<p style=\"text-align: justify;\">En <a href=\"https:\/\/www.vita-explorers.dk\/blog\/hvordan-skriver-man-en-motiveret-ansoegning-til-frivilligt-arbejde-i-udlandet\/\" target=\"_blank\" rel=\"noopener\"><strong>motiveret ans\u00f8gning<\/strong> <\/a>er et vigtigt supplement til dit CV. Den skal vise din motivation og forklare, hvorfor du \u00f8nsker netop denne praktik. Hold tonen direkte og professionel, og underbyg dine pointer med konkrete eksempler.<\/p>\n<ul style=\"text-align: justify;\">\n<li><strong>Indledning<\/strong> : N\u00e6vn stedet og den praktik, du s\u00f8ger.<\/li>\n<li><strong>Motivation<\/strong> : Forklar, hvorfor praktikken er vigtig for dig, og hvad du gerne vil l\u00e6re.<\/li>\n<li><strong>Styrker<\/strong> : Fremh\u00e6v dine kompetencer og hvad du kan bidrage med.<\/li>\n<li><strong>Afslutning<\/strong> : Afslut med tak og g\u00f8r det tydeligt, at du gerne stiller op til en samtale.<\/li>\n<\/ul>\n<h3 style=\"text-align: justify;\"><strong>Fejl du b\u00f8r undg\u00e5, n\u00e5r du skriver dit CV<\/strong><\/h3>\n<p style=\"text-align: justify;\">Her er nogle typiske fejl, du b\u00f8r undg\u00e5:<\/p>\n<ul style=\"text-align: justify;\">\n<li><strong>For mange personlige detaljer<\/strong> : Hold dig til det, der er relevant.<\/li>\n<li><strong>Uoverensstemmelser eller stavefejl<\/strong> : L\u00e6s grundigt korrekt og f\u00e5 gerne en anden til at kigge det igennem.<\/li>\n<li><strong>At glemme at tilpasse dit CV<\/strong> : Et generisk CV ryger hurtigt nederst i bunken.<\/li>\n<\/ul>\n<h3 style=\"text-align: justify;\"><strong>FAQ<\/strong><\/h3>\n<p style=\"text-align: justify;\"><strong>Hvordan beskriver man en sygeplejepraktik p\u00e5 et CV?<\/strong><br \/>\nBeskriv de konkrete opgaver, du har arbejdet med \u2013 fx st\u00f8tte til sygeplejersker, observation af patienter og h\u00e5ndtering af patientjournaler.<\/p>\n<p style=\"text-align: justify;\"><strong>Skal man tage erfaringer med uden for sundhedsomr\u00e5det?<\/strong><br \/>\nJa \u2013 is\u00e6r hvis de viser overf\u00f8rbare kompetencer som samarbejde, ansvarlighed eller evnen til at bevare roen.<\/p>\n<p style=\"text-align: justify;\"><strong>Hvordan pr\u00e6senterer man kompetencer uden erhvervserfaring?<\/strong><br \/>\nFremh\u00e6v det, du har l\u00e6rt gennem studiet, praktiske \u00f8velser, klinikforl\u00f8b eller studieprojekter.<\/p>\n<p style=\"text-align: justify;\"><strong>Hvilket CV-format passer bedst til en praktikans\u00f8gning?<\/strong><br \/>\nEt kronologisk CV eller et kompetencebaseret CV fungerer godt \u2013 afh\u00e6ngigt af hvilke erfaringer du har.<\/p>\n<p style=\"text-align: justify;\"><strong>Hvor langt b\u00f8r et CV til sygeplejepraktik v\u00e6re?<\/strong><br \/>\nSom udgangspunkt \u00e9n side, s\u00e5 det er overskueligt og relevant.<\/p>\n<p style=\"text-align: justify;\"><strong>Er det n\u00f8dvendigt at n\u00e6vne fritidsaktiviteter?<\/strong><br \/>\nJa \u2013 is\u00e6r hvis de viser egenskaber som samarbejde, ansvar eller stabilt engagement.<\/p>\n<p style=\"text-align: justify;\">Et <strong>st\u00e6rkt CV til en praktik i sygepleje<\/strong> skal v\u00e6re overskueligt, velstruktureret og fremh\u00e6ve b\u00e5de dine menneskelige og faglige kompetencer. Med r\u00e5dene her \u00f8ger du chancen for at f\u00e5 den praktik, der kan give dig et godt afs\u00e6t for din videre vej i sygepleje. Husk ogs\u00e5 at vedl\u00e6gge en m\u00e5lrettet og personlig ans\u00f8gning, s\u00e5 din samlede ans\u00f8gning st\u00e5r skarpt.<\/p>\n<p class=\"p4\" style=\"text-align: center;\"><strong>For mere information er du velkommen til at kontakte os p\u00e5 <a href=\"mailto:info@globalong.com\"><span class=\"s2\">info@globalong.com<\/span><\/a><\/strong><\/p>\n<p class=\"p4\" style=\"text-align: center;\"><strong>Vil du vide mere om VITA Institute og vores community, s\u00e5 f\u00f8lg med p\u00e5 <a href=\"https:\/\/www.instagram.com\/globalongofficiel\/\"><span class=\"s2\">Instagram<\/span><\/a>, <a href=\"https:\/\/www.facebook.com\/globalong\"><span class=\"s2\">Facebook<\/span><\/a>, <a href=\"https:\/\/www.linkedin.com\/company\/5113177\/admin\/feed\/posts\/\"><span class=\"s2\">LinkedIn<\/span><\/a> og <a href=\"https:\/\/www.youtube.com\/c\/globalong\/videos\"><span class=\"s2\">Youtube<\/span><\/a> ! <\/strong><\/p>\n<div class=\"ti-widget ti-goog\" data-layout-id=\"4\" data-set-id=\"light-background\" data-pid=\"\" data-language=\"fr\" data-version=\"2\" data-review-target-width=\"300\" data-review-text-mode=\"readmore\" data-pager-autoplay-timeout=\"6\" > <div class=\"ti-widget-container ti-col-3\"> <div class=\"ti-reviews-container\"> <div class=\"ti-controls\"> <div class=\"ti-next\" aria-label=\"Avis suivante\" role=\"button\"><\/div> <div class=\"ti-prev\" aria-label=\"Avis pr\u00e9c\u00e9dent\" role=\"button\"><\/div> <\/div> <div class=\"ti-reviews-container-wrapper\">  <div data-empty=\"0\" class=\"ti-review-item source-Google ti-image-layout-thumbnail\" data-id=\"cfcd208495d565ef66e7dff9f98764da\" > <div class=\"ti-inner\"> <div class=\"ti-review-header\"> <div class=\"ti-profile-img\"> <img decoding=\"async\" src=\"https:\/\/lh3.googleusercontent.com\/a\/ACg8ocKpaoKe37CD0_POxO97KqB60GsWQRsIuG2vmCfXT-W_FY44vw=s120-c-rp-mo-br100\" srcset=\"https:\/\/lh3.googleusercontent.com\/a\/ACg8ocKpaoKe37CD0_POxO97KqB60GsWQRsIuG2vmCfXT-W_FY44vw=s120-c-rp-mo-br100 2x\" alt=\"Lucie Correia\" loading=\"lazy\" \/> <\/div> <div class=\"ti-profile-details\"> <div class=\"ti-name\"> Lucie Correia <\/div> <div class=\"ti-date\">2024-10-17<\/div> <\/div> <\/div> <span class=\"ti-stars\"><span class=\"ti-star f\"><\/span><span class=\"ti-star f\"><\/span><span class=\"ti-star f\"><\/span><span class=\"ti-star f\"><\/span><span class=\"ti-star f\"><\/span><\/span> <div class=\"ti-review-text-container ti-review-content\"><!-- R-CONTENT -->La communication avec Globalong est super, personnes tr\u00e8s pr\u00e9sentes pour les b\u00e9n\u00e9voles et \u00e9tudiants partant avec cette association. Elles r\u00e9pondent \u00e0 toutes nos questions et sont tr\u00e8s accessibles au t\u00e9l\u00e9phone.<!-- R-CONTENT --><\/div> <span class=\"ti-read-more\" data-container=\".ti-review-content\" data-collapse-text=\"Cacher\" data-open-text=\"Lire la suite\" ><\/span> <\/div> <\/div>  <div data-empty=\"0\" class=\"ti-review-item source-Google ti-image-layout-thumbnail\" data-id=\"cfcd208495d565ef66e7dff9f98764da\" > <div class=\"ti-inner\"> <div class=\"ti-review-header\"> <div class=\"ti-profile-img\"> <img decoding=\"async\" src=\"https:\/\/lh3.googleusercontent.com\/a-\/ALV-UjWqnnzM7-7c9BDqeTDF-a7pOgNjvLkJ3WshRd_Tn7z0Eu-AGQwo=s120-c-rp-mo-br100\" srcset=\"https:\/\/lh3.googleusercontent.com\/a-\/ALV-UjWqnnzM7-7c9BDqeTDF-a7pOgNjvLkJ3WshRd_Tn7z0Eu-AGQwo=s120-c-rp-mo-br100 2x\" alt=\"Ra\u00efssa Frisch\" loading=\"lazy\" \/> <\/div> <div class=\"ti-profile-details\"> <div class=\"ti-name\"> Ra\u00efssa Frisch <\/div> <div class=\"ti-date\">2024-10-14<\/div> <\/div> <\/div> <span class=\"ti-stars\"><span class=\"ti-star f\"><\/span><span class=\"ti-star f\"><\/span><span class=\"ti-star f\"><\/span><span class=\"ti-star f\"><\/span><span class=\"ti-star f\"><\/span><\/span> <div class=\"ti-review-text-container ti-review-content\"><!-- R-CONTENT -->J\u2019ai d\u00e9j\u00e0 eu l\u2019opportunit\u00e9 de r\u00e9aliser deux projets humanitaires avec l\u2019association Globalong. Je ne peux que la recommander, car j\u2019ai toujours b\u00e9n\u00e9fici\u00e9 d\u2019un excellent accompagnement, aussi bien avant que pendant le voyage. On ne vous laisse pas vous d\u00e9brouiller seuls, bien au contraire, vous \u00eates tr\u00e8s bien encadr\u00e9s pour accomplir toutes les d\u00e9marches dans les d\u00e9lais.\n\nAu-del\u00e0 du suivi, les exp\u00e9riences humanitaires propos\u00e9es par Globalong ne peuvent que transformer votre vie de mani\u00e8re positive. Elles vous apportent une richesse humaine inestimable.<!-- R-CONTENT --><\/div> <span class=\"ti-read-more\" data-container=\".ti-review-content\" data-collapse-text=\"Cacher\" data-open-text=\"Lire la suite\" ><\/span> <\/div> <\/div>  <div data-empty=\"0\" class=\"ti-review-item source-Google ti-image-layout-thumbnail\" data-id=\"cfcd208495d565ef66e7dff9f98764da\" > <div class=\"ti-inner\"> <div class=\"ti-review-header\"> <div class=\"ti-profile-img\"> <img decoding=\"async\" src=\"https:\/\/lh3.googleusercontent.com\/a\/ACg8ocJL-Dxv25YkXK2QwWPNRxTVqZCv5uTmDQDFg5qslKra3vRZew=s120-c-rp-mo-br100\" srcset=\"https:\/\/lh3.googleusercontent.com\/a\/ACg8ocJL-Dxv25YkXK2QwWPNRxTVqZCv5uTmDQDFg5qslKra3vRZew=s120-c-rp-mo-br100 2x\" alt=\"Tara Turan\" loading=\"lazy\" \/> <\/div> <div class=\"ti-profile-details\"> <div class=\"ti-name\"> Tara Turan <\/div> <div class=\"ti-date\">2024-10-14<\/div> <\/div> <\/div> <span class=\"ti-stars\"><span class=\"ti-star f\"><\/span><span class=\"ti-star f\"><\/span><span class=\"ti-star f\"><\/span><span class=\"ti-star f\"><\/span><span class=\"ti-star f\"><\/span><\/span> <div class=\"ti-review-text-container ti-review-content\"><!-- R-CONTENT -->Une des meilleures associations que j\u2019ai pu faire !\nUne organisation et un suivi vraiment parfait, c\u2019est avec grand plaisir que je referai un projet avec eux.<!-- R-CONTENT --><\/div> <span class=\"ti-read-more\" data-container=\".ti-review-content\" data-collapse-text=\"Cacher\" data-open-text=\"Lire la suite\" ><\/span> <\/div> <\/div>  <div data-empty=\"0\" class=\"ti-review-item source-Google ti-image-layout-thumbnail\" data-id=\"cfcd208495d565ef66e7dff9f98764da\" > <div class=\"ti-inner\"> <div class=\"ti-review-header\"> <div class=\"ti-profile-img\"> <img decoding=\"async\" src=\"https:\/\/lh3.googleusercontent.com\/a\/ACg8ocLctTPNovSk3eKM0b_MIPOfcFEQsz2135Cdu59_BWRVsIYC7Q=s120-c-rp-mo-br100\" srcset=\"https:\/\/lh3.googleusercontent.com\/a\/ACg8ocLctTPNovSk3eKM0b_MIPOfcFEQsz2135Cdu59_BWRVsIYC7Q=s120-c-rp-mo-br100 2x\" alt=\"Repiquet Julie\" loading=\"lazy\" \/> <\/div> <div class=\"ti-profile-details\"> <div class=\"ti-name\"> Repiquet Julie <\/div> <div class=\"ti-date\">2024-10-13<\/div> <\/div> <\/div> <span class=\"ti-stars\"><span class=\"ti-star f\"><\/span><span class=\"ti-star f\"><\/span><span class=\"ti-star f\"><\/span><span class=\"ti-star f\"><\/span><span class=\"ti-star f\"><\/span><\/span> <div class=\"ti-review-text-container ti-review-content\"><!-- R-CONTENT -->Tr\u00e8s bon accompagnement de la part de Globalong, du premier jour avec toutes mes interrogations, jusqu'au d\u00e9part dans quelques jours. Le dossier transmis apr\u00e8s validation de la mission est plus que complet, les webmaster tr\u00e8s int\u00e9ressantes et permettent de d\u00e9charger mentalement ce genre de pr\u00e9paration, tout est pr\u00e9vu il n'y a plus qu'\u00e0 suivre ! Merci \u00e0 Florence de r\u00e9pondre \u00e0 toutes mes questions avec gentillesse et bienveillance, cela m'a permis de passer le cap!\nMaintenant, il n'y a plus qu'\u00e0 \ud83d\ude00<!-- R-CONTENT --><\/div> <span class=\"ti-read-more\" data-container=\".ti-review-content\" data-collapse-text=\"Cacher\" data-open-text=\"Lire la suite\" ><\/span> <\/div> <\/div>  <div data-empty=\"0\" class=\"ti-review-item source-Google ti-image-layout-thumbnail\" data-id=\"cfcd208495d565ef66e7dff9f98764da\" > <div class=\"ti-inner\"> <div class=\"ti-review-header\"> <div class=\"ti-profile-img\"> <img decoding=\"async\" src=\"https:\/\/lh3.googleusercontent.com\/a\/ACg8ocJJTdmTWs8nAA0yuH_cKOUgzc6GFAkHBiXhpnnVYXaWMBZsHw=s120-c-rp-mo-br100\" srcset=\"https:\/\/lh3.googleusercontent.com\/a\/ACg8ocJJTdmTWs8nAA0yuH_cKOUgzc6GFAkHBiXhpnnVYXaWMBZsHw=s120-c-rp-mo-br100 2x\" alt=\"Marine Guilhamat\" loading=\"lazy\" \/> <\/div> <div class=\"ti-profile-details\"> <div class=\"ti-name\"> Marine Guilhamat <\/div> <div class=\"ti-date\">2024-10-09<\/div> <\/div> <\/div> <span class=\"ti-stars\"><span class=\"ti-star f\"><\/span><span class=\"ti-star f\"><\/span><span class=\"ti-star f\"><\/span><span class=\"ti-star f\"><\/span><span class=\"ti-star f\"><\/span><\/span> <div class=\"ti-review-text-container ti-review-content\"><!-- R-CONTENT -->Tr\u00e8s belle association qui offre un cadre super s\u00e9curisant et permet de s\u2019investir dans des projets qui ont du sens. Merci \u00e0 l\u2019\u00e9quipe Globalong pour votre disponibilit\u00e9, gentillesse et accompagnement !<!-- R-CONTENT --><\/div> <span class=\"ti-read-more\" data-container=\".ti-review-content\" data-collapse-text=\"Cacher\" data-open-text=\"Lire la suite\" ><\/span> <\/div> <\/div>  <div data-empty=\"0\" class=\"ti-review-item source-Google ti-image-layout-thumbnail\" data-id=\"cfcd208495d565ef66e7dff9f98764da\" > <div class=\"ti-inner\"> <div class=\"ti-review-header\"> <div class=\"ti-profile-img\"> <img decoding=\"async\" src=\"https:\/\/lh3.googleusercontent.com\/a\/ACg8ocIgITHXKo46qgJyPqlJeAcxz11gCKUJpGIk2qauiIe2O3iZ6w=s120-c-rp-mo-br100\" srcset=\"https:\/\/lh3.googleusercontent.com\/a\/ACg8ocIgITHXKo46qgJyPqlJeAcxz11gCKUJpGIk2qauiIe2O3iZ6w=s120-c-rp-mo-br100 2x\" alt=\"Laura Mercier\" loading=\"lazy\" \/> <\/div> <div class=\"ti-profile-details\"> <div class=\"ti-name\"> Laura Mercier <\/div> <div class=\"ti-date\">2024-10-08<\/div> <\/div> <\/div> <span class=\"ti-stars\"><span class=\"ti-star f\"><\/span><span class=\"ti-star f\"><\/span><span class=\"ti-star f\"><\/span><span class=\"ti-star f\"><\/span><span class=\"ti-star f\"><\/span><\/span> <div class=\"ti-review-text-container ti-review-content\"><!-- R-CONTENT -->Mon d\u00e9part approche, je pars dans une semaine, et depuis le d\u00e9but de mon inscription je suis tr\u00e8s satisfaite du suivi effectu\u00e9 par l\u2019association. Ils sont tr\u00e8s disponibles et r\u00e9pondent rapidement \u00e0 l\u2019ensemble des questions. Je suis tr\u00e8s contente de partir faire cette mission humanitaire encadr\u00e9e par cette association. Je recommande vraiment.<!-- R-CONTENT --><\/div> <span class=\"ti-read-more\" data-container=\".ti-review-content\" data-collapse-text=\"Cacher\" data-open-text=\"Lire la suite\" ><\/span> <\/div> <\/div>  <div data-empty=\"0\" class=\"ti-review-item source-Google ti-image-layout-thumbnail\" data-id=\"cfcd208495d565ef66e7dff9f98764da\" > <div class=\"ti-inner\"> <div class=\"ti-review-header\"> <div class=\"ti-profile-img\"> <img decoding=\"async\" src=\"https:\/\/lh3.googleusercontent.com\/a-\/ALV-UjVVr0YMQhXl8QNEEB32l-rnoaYwvRZUjIEX9OEwPE_1fQwzIyk=s120-c-rp-mo-br100\" srcset=\"https:\/\/lh3.googleusercontent.com\/a-\/ALV-UjVVr0YMQhXl8QNEEB32l-rnoaYwvRZUjIEX9OEwPE_1fQwzIyk=s120-c-rp-mo-br100 2x\" alt=\"Anouk Rzkt\" loading=\"lazy\" \/> <\/div> <div class=\"ti-profile-details\"> <div class=\"ti-name\"> Anouk Rzkt <\/div> <div class=\"ti-date\">2024-10-02<\/div> <\/div> <\/div> <span class=\"ti-stars\"><span class=\"ti-star f\"><\/span><span class=\"ti-star f\"><\/span><span class=\"ti-star f\"><\/span><span class=\"ti-star f\"><\/span><span class=\"ti-star f\"><\/span><\/span> <div class=\"ti-review-text-container ti-review-content\"><!-- R-CONTENT -->Globalong est l'association parfaite. L'\u00e9quipe offre un v\u00e9ritable accompagnement rythm\u00e9 par beaucoup de conseils et d'\u00e9coute. Le site est tr\u00e8s bien fait avec des dossiers complets allant des sujets tr\u00e8s pratiques a d'autres plus th\u00e9oriques (tels que le choc culturel par exemple). Je recommande vivement et remercie sinc\u00e8rement toute l'\u00e9quipe pour leur gentillesse et investissement !<!-- R-CONTENT --><\/div> <span class=\"ti-read-more\" data-container=\".ti-review-content\" data-collapse-text=\"Cacher\" data-open-text=\"Lire la suite\" ><\/span> <\/div> <\/div>  <\/div> <div class=\"ti-controls-line\"> <div class=\"dot\"><\/div> <\/div> <\/div> <div class=\"ti-footer\"> <div class=\"ti-rating-text\"> <span class=\"nowrap\">\u00c9valuation <strong>Google<\/strong> : <\/span><span class=\"nowrap\"><strong>4.8<\/strong> sur 5, <\/span><span class=\"nowrap\">Bas\u00e9e sur <strong>240 avis<\/strong><\/span> <\/div> <\/div>  <\/div> <\/div> \n","protected":false},"excerpt":{"rendered":"<p>S\u00e5dan skriver du et st\u00e6rkt CV til en praktik i sygepleje \u2013 konkrete r\u00e5d til dig som studerende At skrive et st\u00e6rkt CV til\u2026<\/p>\n","protected":false},"author":7,"featured_media":17249,"comment_status":"open","ping_status":"open","sticky":false,"template":"","format":"standard","meta":{"footnotes":""},"categories":[8,6,4],"tags":[],"yoast_head":"<!-- This site is optimized with the Yoast SEO Premium plugin v23.4 (Yoast SEO v23.4) - https:\/\/yoast.com\/wordpress\/plugins\/seo\/ -->\n<title>S\u00e5dan skriver du et st\u00e6rkt CV til praktik i sygepleje - VITA Explorers Blog<\/title>\n<meta name=\"description\" content=\"Apprenez \u00e0 r\u00e9diger un CV percutant pour un stage en soins infirmiers : conseils pratiques, mise en avant des comp\u00e9tences, et astuces pour attirer l\u2019attention des recruteurs\" \/>\n<meta name=\"robots\" content=\"index, follow, max-snippet:-1, max-image-preview:large, max-video-preview:-1\" \/>\n<link rel=\"canonical\" href=\"https:\/\/www.vita-explorers.dk\/blog\/skriv-et-cv-til-praktik-i-sygepleje\/\" \/>\n<meta property=\"og:locale\" content=\"da_DK\" \/>\n<meta property=\"og:type\" content=\"article\" \/>\n<meta property=\"og:title\" content=\"S\u00e5dan skriver du et st\u00e6rkt CV til praktik i sygepleje\" \/>\n<meta property=\"og:description\" content=\"Apprenez \u00e0 r\u00e9diger un CV percutant pour un stage en soins infirmiers : conseils pratiques, mise en avant des comp\u00e9tences, et astuces pour attirer l\u2019attention des recruteurs\" \/>\n<meta property=\"og:url\" content=\"https:\/\/www.vita-explorers.dk\/blog\/skriv-et-cv-til-praktik-i-sygepleje\/\" \/>\n<meta property=\"og:site_name\" content=\"VITA Explorers Blog\" \/>\n<meta property=\"article:publisher\" content=\"https:\/\/www.facebook.com\/globalong\" \/>\n<meta property=\"article:published_time\" content=\"2024-09-18T04:53:43+00:00\" \/>\n<meta property=\"article:modified_time\" content=\"2024-10-29T15:13:56+00:00\" \/>\n<meta property=\"og:image\" content=\"https:\/\/www.vita-explorers.dk\/blog\/wp-content\/uploads\/2024\/09\/1f5f1f7f-afdb-4929-bf1f-190dfc27d1ba.webp\" \/>\n\t<meta property=\"og:image:width\" content=\"1792\" \/>\n\t<meta property=\"og:image:height\" content=\"1024\" \/>\n\t<meta property=\"og:image:type\" content=\"image\/webp\" \/>\n<meta name=\"author\" content=\"VITA Tribe\" \/>\n<meta name=\"twitter:card\" content=\"summary_large_image\" \/>\n<meta name=\"twitter:label1\" content=\"Skrevet af\" \/>\n\t<meta name=\"twitter:data1\" content=\"VITA Tribe\" \/>\n\t<meta name=\"twitter:label2\" content=\"Estimeret l\u00e6setid\" \/>\n\t<meta name=\"twitter:data2\" content=\"7 minutter\" \/>\n<script type=\"application\/ld+json\" class=\"yoast-schema-graph\">{\"@context\":\"https:\/\/schema.org\",\"@graph\":[{\"@type\":\"Article\",\"@id\":\"https:\/\/www.vita-explorers.dk\/blog\/skriv-et-cv-til-praktik-i-sygepleje\/#article\",\"isPartOf\":{\"@id\":\"https:\/\/www.vita-explorers.dk\/blog\/skriv-et-cv-til-praktik-i-sygepleje\/\"},\"author\":{\"name\":\"VITA Tribe\",\"@id\":\"https:\/\/www.vita-explorers.dk\/blog\/#\/schema\/person\/fc0343a2f2db2ebb2793c1f62dbe73f0\"},\"headline\":\"S\u00e5dan skriver du et st\u00e6rkt CV til praktik i sygepleje\",\"datePublished\":\"2024-09-18T04:53:43+00:00\",\"dateModified\":\"2024-10-29T15:13:56+00:00\",\"mainEntityOfPage\":{\"@id\":\"https:\/\/www.vita-explorers.dk\/blog\/skriv-et-cv-til-praktik-i-sygepleje\/\"},\"wordCount\":1299,\"commentCount\":0,\"publisher\":{\"@id\":\"https:\/\/www.vita-explorers.dk\/blog\/#organization\"},\"image\":{\"@id\":\"https:\/\/www.vita-explorers.dk\/blog\/skriv-et-cv-til-praktik-i-sygepleje\/#primaryimage\"},\"thumbnailUrl\":\"https:\/\/www.vita-explorers.dk\/blog\/wp-content\/uploads\/2024\/09\/1f5f1f7f-afdb-4929-bf1f-190dfc27d1ba.webp\",\"articleSection\":[\"Humanit\u00e6rt frivilligt arbejde\",\"Nyheder\",\"VITA Explorers\"],\"inLanguage\":\"da-DK\",\"potentialAction\":[{\"@type\":\"CommentAction\",\"name\":\"Comment\",\"target\":[\"https:\/\/www.vita-explorers.dk\/blog\/skriv-et-cv-til-praktik-i-sygepleje\/#respond\"]}]},{\"@type\":\"WebPage\",\"@id\":\"https:\/\/www.vita-explorers.dk\/blog\/skriv-et-cv-til-praktik-i-sygepleje\/\",\"url\":\"https:\/\/www.vita-explorers.dk\/blog\/skriv-et-cv-til-praktik-i-sygepleje\/\",\"name\":\"S\u00e5dan skriver du et st\u00e6rkt CV til praktik i sygepleje - VITA Explorers Blog\",\"isPartOf\":{\"@id\":\"https:\/\/www.vita-explorers.dk\/blog\/#website\"},\"primaryImageOfPage\":{\"@id\":\"https:\/\/www.vita-explorers.dk\/blog\/skriv-et-cv-til-praktik-i-sygepleje\/#primaryimage\"},\"image\":{\"@id\":\"https:\/\/www.vita-explorers.dk\/blog\/skriv-et-cv-til-praktik-i-sygepleje\/#primaryimage\"},\"thumbnailUrl\":\"https:\/\/www.vita-explorers.dk\/blog\/wp-content\/uploads\/2024\/09\/1f5f1f7f-afdb-4929-bf1f-190dfc27d1ba.webp\",\"datePublished\":\"2024-09-18T04:53:43+00:00\",\"dateModified\":\"2024-10-29T15:13:56+00:00\",\"description\":\"Apprenez \u00e0 r\u00e9diger un CV percutant pour un stage en soins infirmiers : conseils pratiques, mise en avant des comp\u00e9tences, et astuces pour attirer l\u2019attention des recruteurs\",\"breadcrumb\":{\"@id\":\"https:\/\/www.vita-explorers.dk\/blog\/skriv-et-cv-til-praktik-i-sygepleje\/#breadcrumb\"},\"inLanguage\":\"da-DK\",\"potentialAction\":[{\"@type\":\"ReadAction\",\"target\":[\"https:\/\/www.vita-explorers.dk\/blog\/skriv-et-cv-til-praktik-i-sygepleje\/\"]}]},{\"@type\":\"ImageObject\",\"inLanguage\":\"da-DK\",\"@id\":\"https:\/\/www.vita-explorers.dk\/blog\/skriv-et-cv-til-praktik-i-sygepleje\/#primaryimage\",\"url\":\"https:\/\/www.vita-explorers.dk\/blog\/wp-content\/uploads\/2024\/09\/1f5f1f7f-afdb-4929-bf1f-190dfc27d1ba.webp\",\"contentUrl\":\"https:\/\/www.vita-explorers.dk\/blog\/wp-content\/uploads\/2024\/09\/1f5f1f7f-afdb-4929-bf1f-190dfc27d1ba.webp\",\"width\":1792,\"height\":1024,\"caption\":\"Mission humanitaire aide soignante\"},{\"@type\":\"BreadcrumbList\",\"@id\":\"https:\/\/www.vita-explorers.dk\/blog\/skriv-et-cv-til-praktik-i-sygepleje\/#breadcrumb\",\"itemListElement\":[{\"@type\":\"ListItem\",\"position\":1,\"name\":\"Accueil\",\"item\":\"https:\/\/www.vita-explorers.dk\/blog\/\"},{\"@type\":\"ListItem\",\"position\":2,\"name\":\"S\u00e5dan skriver du et st\u00e6rkt CV til praktik i sygepleje\"}]},{\"@type\":\"WebSite\",\"@id\":\"https:\/\/www.vita-explorers.dk\/blog\/#website\",\"url\":\"https:\/\/www.vita-explorers.dk\/blog\/\",\"name\":\"Association Globalong\",\"description\":\"Frivilligt arbejde, sprogophold, praktik i udlandet og internationale oplevelser\",\"publisher\":{\"@id\":\"https:\/\/www.vita-explorers.dk\/blog\/#organization\"},\"potentialAction\":[{\"@type\":\"SearchAction\",\"target\":{\"@type\":\"EntryPoint\",\"urlTemplate\":\"https:\/\/www.vita-explorers.dk\/blog\/?s={search_term_string}\"},\"query-input\":{\"@type\":\"PropertyValueSpecification\",\"valueRequired\":true,\"valueName\":\"search_term_string\"}}],\"inLanguage\":\"da-DK\"},{\"@type\":\"Organization\",\"@id\":\"https:\/\/www.vita-explorers.dk\/blog\/#organization\",\"name\":\"Association Globalong\",\"url\":\"https:\/\/www.vita-explorers.dk\/blog\/\",\"logo\":{\"@type\":\"ImageObject\",\"inLanguage\":\"da-DK\",\"@id\":\"https:\/\/www.vita-explorers.dk\/blog\/#\/schema\/logo\/image\/\",\"url\":\"https:\/\/www.globalong.com\/blog\/wp-content\/uploads\/2014\/11\/cropped-cropped-Logo-et-Afrique-Globalong-petite-taille-2.jpg\",\"contentUrl\":\"https:\/\/www.globalong.com\/blog\/wp-content\/uploads\/2014\/11\/cropped-cropped-Logo-et-Afrique-Globalong-petite-taille-2.jpg\",\"width\":512,\"height\":512,\"caption\":\"Association Globalong\"},\"image\":{\"@id\":\"https:\/\/www.vita-explorers.dk\/blog\/#\/schema\/logo\/image\/\"},\"sameAs\":[\"https:\/\/www.facebook.com\/globalong\"]},{\"@type\":\"Person\",\"@id\":\"https:\/\/www.vita-explorers.dk\/blog\/#\/schema\/person\/fc0343a2f2db2ebb2793c1f62dbe73f0\",\"name\":\"VITA Tribe\",\"image\":{\"@type\":\"ImageObject\",\"inLanguage\":\"da-DK\",\"@id\":\"https:\/\/www.vita-explorers.dk\/blog\/#\/schema\/person\/image\/\",\"url\":\"https:\/\/secure.gravatar.com\/avatar\/f7f05026bb439d0c96b30e135e5f852c?s=96&d=mm&r=g\",\"contentUrl\":\"https:\/\/secure.gravatar.com\/avatar\/f7f05026bb439d0c96b30e135e5f852c?s=96&d=mm&r=g\",\"caption\":\"VITA Tribe\"},\"sameAs\":[\"http:\/\/www.globalong.com\"],\"url\":\"https:\/\/www.vita-explorers.dk\/blog\/author\/teamglobalong\/\"}]}<\/script>\n<!-- \/ Yoast SEO Premium plugin. -->","yoast_head_json":{"title":"S\u00e5dan skriver du et st\u00e6rkt CV til praktik i sygepleje - VITA Explorers Blog","description":"Apprenez \u00e0 r\u00e9diger un CV percutant pour un stage en soins infirmiers : conseils pratiques, mise en avant des comp\u00e9tences, et astuces pour attirer l\u2019attention des recruteurs","robots":{"index":"index","follow":"follow","max-snippet":"max-snippet:-1","max-image-preview":"max-image-preview:large","max-video-preview":"max-video-preview:-1"},"canonical":"https:\/\/www.vita-explorers.dk\/blog\/skriv-et-cv-til-praktik-i-sygepleje\/","og_locale":"da_DK","og_type":"article","og_title":"S\u00e5dan skriver du et st\u00e6rkt CV til praktik i sygepleje","og_description":"Apprenez \u00e0 r\u00e9diger un CV percutant pour un stage en soins infirmiers : conseils pratiques, mise en avant des comp\u00e9tences, et astuces pour attirer l\u2019attention des recruteurs","og_url":"https:\/\/www.vita-explorers.dk\/blog\/skriv-et-cv-til-praktik-i-sygepleje\/","og_site_name":"VITA Explorers Blog","article_publisher":"https:\/\/www.facebook.com\/globalong","article_published_time":"2024-09-18T04:53:43+00:00","article_modified_time":"2024-10-29T15:13:56+00:00","og_image":[{"width":1792,"height":1024,"url":"https:\/\/www.vita-explorers.dk\/blog\/wp-content\/uploads\/2024\/09\/1f5f1f7f-afdb-4929-bf1f-190dfc27d1ba.webp","type":"image\/webp"}],"author":"VITA Tribe","twitter_card":"summary_large_image","twitter_misc":{"Skrevet af":"VITA Tribe","Estimeret l\u00e6setid":"7 minutter"},"schema":{"@context":"https:\/\/schema.org","@graph":[{"@type":"Article","@id":"https:\/\/www.vita-explorers.dk\/blog\/skriv-et-cv-til-praktik-i-sygepleje\/#article","isPartOf":{"@id":"https:\/\/www.vita-explorers.dk\/blog\/skriv-et-cv-til-praktik-i-sygepleje\/"},"author":{"name":"VITA Tribe","@id":"https:\/\/www.vita-explorers.dk\/blog\/#\/schema\/person\/fc0343a2f2db2ebb2793c1f62dbe73f0"},"headline":"S\u00e5dan skriver du et st\u00e6rkt CV til praktik i sygepleje","datePublished":"2024-09-18T04:53:43+00:00","dateModified":"2024-10-29T15:13:56+00:00","mainEntityOfPage":{"@id":"https:\/\/www.vita-explorers.dk\/blog\/skriv-et-cv-til-praktik-i-sygepleje\/"},"wordCount":1299,"commentCount":0,"publisher":{"@id":"https:\/\/www.vita-explorers.dk\/blog\/#organization"},"image":{"@id":"https:\/\/www.vita-explorers.dk\/blog\/skriv-et-cv-til-praktik-i-sygepleje\/#primaryimage"},"thumbnailUrl":"https:\/\/www.vita-explorers.dk\/blog\/wp-content\/uploads\/2024\/09\/1f5f1f7f-afdb-4929-bf1f-190dfc27d1ba.webp","articleSection":["Humanit\u00e6rt frivilligt arbejde","Nyheder","VITA Explorers"],"inLanguage":"da-DK","potentialAction":[{"@type":"CommentAction","name":"Comment","target":["https:\/\/www.vita-explorers.dk\/blog\/skriv-et-cv-til-praktik-i-sygepleje\/#respond"]}]},{"@type":"WebPage","@id":"https:\/\/www.vita-explorers.dk\/blog\/skriv-et-cv-til-praktik-i-sygepleje\/","url":"https:\/\/www.vita-explorers.dk\/blog\/skriv-et-cv-til-praktik-i-sygepleje\/","name":"S\u00e5dan skriver du et st\u00e6rkt CV til praktik i sygepleje - VITA Explorers Blog","isPartOf":{"@id":"https:\/\/www.vita-explorers.dk\/blog\/#website"},"primaryImageOfPage":{"@id":"https:\/\/www.vita-explorers.dk\/blog\/skriv-et-cv-til-praktik-i-sygepleje\/#primaryimage"},"image":{"@id":"https:\/\/www.vita-explorers.dk\/blog\/skriv-et-cv-til-praktik-i-sygepleje\/#primaryimage"},"thumbnailUrl":"https:\/\/www.vita-explorers.dk\/blog\/wp-content\/uploads\/2024\/09\/1f5f1f7f-afdb-4929-bf1f-190dfc27d1ba.webp","datePublished":"2024-09-18T04:53:43+00:00","dateModified":"2024-10-29T15:13:56+00:00","description":"Apprenez \u00e0 r\u00e9diger un CV percutant pour un stage en soins infirmiers : conseils pratiques, mise en avant des comp\u00e9tences, et astuces pour attirer l\u2019attention des recruteurs","breadcrumb":{"@id":"https:\/\/www.vita-explorers.dk\/blog\/skriv-et-cv-til-praktik-i-sygepleje\/#breadcrumb"},"inLanguage":"da-DK","potentialAction":[{"@type":"ReadAction","target":["https:\/\/www.vita-explorers.dk\/blog\/skriv-et-cv-til-praktik-i-sygepleje\/"]}]},{"@type":"ImageObject","inLanguage":"da-DK","@id":"https:\/\/www.vita-explorers.dk\/blog\/skriv-et-cv-til-praktik-i-sygepleje\/#primaryimage","url":"https:\/\/www.vita-explorers.dk\/blog\/wp-content\/uploads\/2024\/09\/1f5f1f7f-afdb-4929-bf1f-190dfc27d1ba.webp","contentUrl":"https:\/\/www.vita-explorers.dk\/blog\/wp-content\/uploads\/2024\/09\/1f5f1f7f-afdb-4929-bf1f-190dfc27d1ba.webp","width":1792,"height":1024,"caption":"Mission humanitaire aide soignante"},{"@type":"BreadcrumbList","@id":"https:\/\/www.vita-explorers.dk\/blog\/skriv-et-cv-til-praktik-i-sygepleje\/#breadcrumb","itemListElement":[{"@type":"ListItem","position":1,"name":"Accueil","item":"https:\/\/www.vita-explorers.dk\/blog\/"},{"@type":"ListItem","position":2,"name":"S\u00e5dan skriver du et st\u00e6rkt CV til praktik i sygepleje"}]},{"@type":"WebSite","@id":"https:\/\/www.vita-explorers.dk\/blog\/#website","url":"https:\/\/www.vita-explorers.dk\/blog\/","name":"Association Globalong","description":"Frivilligt arbejde, sprogophold, praktik i udlandet og internationale oplevelser","publisher":{"@id":"https:\/\/www.vita-explorers.dk\/blog\/#organization"},"potentialAction":[{"@type":"SearchAction","target":{"@type":"EntryPoint","urlTemplate":"https:\/\/www.vita-explorers.dk\/blog\/?s={search_term_string}"},"query-input":{"@type":"PropertyValueSpecification","valueRequired":true,"valueName":"search_term_string"}}],"inLanguage":"da-DK"},{"@type":"Organization","@id":"https:\/\/www.vita-explorers.dk\/blog\/#organization","name":"Association Globalong","url":"https:\/\/www.vita-explorers.dk\/blog\/","logo":{"@type":"ImageObject","inLanguage":"da-DK","@id":"https:\/\/www.vita-explorers.dk\/blog\/#\/schema\/logo\/image\/","url":"https:\/\/www.globalong.com\/blog\/wp-content\/uploads\/2014\/11\/cropped-cropped-Logo-et-Afrique-Globalong-petite-taille-2.jpg","contentUrl":"https:\/\/www.globalong.com\/blog\/wp-content\/uploads\/2014\/11\/cropped-cropped-Logo-et-Afrique-Globalong-petite-taille-2.jpg","width":512,"height":512,"caption":"Association Globalong"},"image":{"@id":"https:\/\/www.vita-explorers.dk\/blog\/#\/schema\/logo\/image\/"},"sameAs":["https:\/\/www.facebook.com\/globalong"]},{"@type":"Person","@id":"https:\/\/www.vita-explorers.dk\/blog\/#\/schema\/person\/fc0343a2f2db2ebb2793c1f62dbe73f0","name":"VITA Tribe","image":{"@type":"ImageObject","inLanguage":"da-DK","@id":"https:\/\/www.vita-explorers.dk\/blog\/#\/schema\/person\/image\/","url":"https:\/\/secure.gravatar.com\/avatar\/f7f05026bb439d0c96b30e135e5f852c?s=96&d=mm&r=g","contentUrl":"https:\/\/secure.gravatar.com\/avatar\/f7f05026bb439d0c96b30e135e5f852c?s=96&d=mm&r=g","caption":"VITA Tribe"},"sameAs":["http:\/\/www.globalong.com"],"url":"https:\/\/www.vita-explorers.dk\/blog\/author\/teamglobalong\/"}]}},"_links":{"self":[{"href":"https:\/\/www.vita-explorers.dk\/blog\/wp-json\/wp\/v2\/posts\/17276"}],"collection":[{"href":"https:\/\/www.vita-explorers.dk\/blog\/wp-json\/wp\/v2\/posts"}],"about":[{"href":"https:\/\/www.vita-explorers.dk\/blog\/wp-json\/wp\/v2\/types\/post"}],"author":[{"embeddable":true,"href":"https:\/\/www.vita-explorers.dk\/blog\/wp-json\/wp\/v2\/users\/7"}],"replies":[{"embeddable":true,"href":"https:\/\/www.vita-explorers.dk\/blog\/wp-json\/wp\/v2\/comments?post=17276"}],"version-history":[{"count":5,"href":"https:\/\/www.vita-explorers.dk\/blog\/wp-json\/wp\/v2\/posts\/17276\/revisions"}],"predecessor-version":[{"id":18374,"href":"https:\/\/www.vita-explorers.dk\/blog\/wp-json\/wp\/v2\/posts\/17276\/revisions\/18374"}],"wp:featuredmedia":[{"embeddable":true,"href":"https:\/\/www.vita-explorers.dk\/blog\/wp-json\/wp\/v2\/media\/17249"}],"wp:attachment":[{"href":"https:\/\/www.vita-explorers.dk\/blog\/wp-json\/wp\/v2\/media?parent=17276"}],"wp:term":[{"taxonomy":"category","embeddable":true,"href":"https:\/\/www.vita-explorers.dk\/blog\/wp-json\/wp\/v2\/categories?post=17276"},{"taxonomy":"post_tag","embeddable":true,"href":"https:\/\/www.vita-explorers.dk\/blog\/wp-json\/wp\/v2\/tags?post=17276"}],"curies":[{"name":"wp","href":"https:\/\/api.w.org\/{rel}","templated":true}]}}