{"id":17304,"date":"2024-09-29T07:27:38","date_gmt":"2024-09-29T05:27:38","guid":{"rendered":"https:\/\/www.globalong.com\/blog\/?p=17304"},"modified":"2025-09-14T14:36:54","modified_gmt":"2025-09-14T12:36:54","slug":"humanitaer-forening-internationalt-frivilligt-arbejde-belgisk","status":"publish","type":"post","link":"https:\/\/www.vita-explorers.dk\/blog\/humanitaer-forening-internationalt-frivilligt-arbejde-belgisk\/","title":{"rendered":"Internationalt frivilligt arbejde efter studierne for unge belgiske"},"content":{"rendered":"<h1 style=\"text-align: justify;\"><span style=\"font-size: 14pt;\">Hvorfor unge belgier v\u00e6lger internationalt frivilligt arbejde efter endt uddannelse<\/span><\/h1>\n<h2><strong>Humanit\u00e6r organisation for belgiske deltagere<\/strong><\/h2>\n<p style=\"text-align: justify;\"><a href=\"https:\/\/www.vita-explorers.dk\/frivilligt-arbejde\/\" target=\"_blank\" rel=\"noopener\">Internationalt frivilligt arbejde<\/a> tiltr\u00e6kker et stigende antal unge belgier. Efter studierne v\u00e6lger mange at tage p\u00e5 et meningsfuldt ophold i udlandet. Uanset om det handler om at opleve nye kulturer, styrke jobmulighederne eller bidrage i et land med f\u00e6rre ressourcer, er motivationerne mange. I denne artikel ser vi p\u00e5 de vigtigste grunde til valget \u2013 og p\u00e5, hvordan et internationalt forl\u00f8b kan g\u00f8re en forskel p\u00e5 CV\u2019et. Bliv en del af VITA Explorers og deltag i et internationalt frivilligforl\u00f8b <a href=\"https:\/\/www.vita-explorers.dk\/blog\/humanit\u00e6rt-forl\u00f8b-stage-jeunes\/\" target=\"_blank\" rel=\"noopener\">med fokus p\u00e5 unge<\/a> belgiere i udlandet.<\/p>\n<h2 style=\"text-align: justify;\">De vigtigste grunde til at v\u00e6lge internationalt frivilligt arbejde<\/h2>\n<h3 style=\"text-align: justify;\"><strong>Et \u00f8nske om nye kulturelle perspektiver<\/strong><\/h3>\n<p style=\"text-align: justify;\">En af de mest udbredte <strong>motivationer blandt unge belgier, der v\u00e6lger <a href=\"https:\/\/www.vita-explorers.dk\/blog\/frivilligt-arbejde-er-godt-for-sundheden-saa-lad-os-komme-i-gang\/\" target=\"_blank\" rel=\"noopener\">internationalt frivilligt arbejde<\/a><\/strong>, er lysten til at m\u00f8de nye kulturer og tr\u00e6de ind i en hverdag, der fungerer p\u00e5 en helt anden m\u00e5de. Efter flere \u00e5r i et ofte struktureret studiemilj\u00f8 kan behovet for at komme ud, opleve og l\u00e6re p\u00e5 en mere praktisk m\u00e5de blive tydeligt. Gennem <strong>frivilligprojekter<\/strong> kan de f\u00e5 autentiske erfaringer, skabe relationer lokalt og f\u00e5 en dybere forst\u00e5else af sociale og \u00f8konomiske vilk\u00e5r i andre lande. Den form for n\u00e6rv\u00e6r giver en v\u00e6rdifuld \u00e5benhed og perspektiv.<\/p>\n<h3 style=\"text-align: justify;\"><strong>Personlig udvikling og nye kompetencer<\/strong><\/h3>\n<p style=\"text-align: justify;\"><a href=\"https:\/\/www.vita-explorers.dk\/blog\/internationalt-frivilligt-ophold\/\" target=\"_blank\" rel=\"noopener\">Internationalt frivilligt arbejde<\/a> er ogs\u00e5 en oplagt mulighed for at udvikle nye kompetencer. Det kan v\u00e6re sprog, planl\u00e6gning, kommunikation eller samarbejde \u2013 og ofte m\u00f8der unge belgier udfordringer, som de ikke st\u00f8der p\u00e5 i hverdagen derhjemme. Projektarbejde i nye rammer, tilpasning til mere enkle arbejdsforhold og samarbejde p\u00e5 tv\u00e6rs af kulturer er situationer, der kan f\u00e5 dem til at <a href=\"https:\/\/www.vita-explorers.dk\/blog\/fordelene-ved-frivilligt-arbejde-i-udlandet\/\">vokse b\u00e5de personligt og fagligt.<\/a><\/p>\n<h2 style=\"text-align: justify;\"><strong>At bidrage til en global sag<\/strong><\/h2>\n<h3><strong>Humanit\u00e6r organisation for belgiske deltagere<\/strong><\/h3>\n<p style=\"text-align: justify;\"><a href=\"https:\/\/www.vita-explorers.dk\/blog\/unge-frivilliges-rolle-i-internationalt-frivilligt-arbejde\/\">For mange unge<\/a> er frivilligt arbejde en konkret m\u00e5de at bidrage til noget st\u00f8rre. I en tid, hvor globale uligheder og milj\u00f8udfordringer fylder mere i den offentlige debat, v\u00e6lger flere belgiere at bruge tid og energi p\u00e5 <strong>projekter med fokus p\u00e5 b\u00e6redygtig udvikling<\/strong>, <strong>uddannelse<\/strong> eller<strong> sundhed<\/strong> i lande med f\u00e6rre ressourcer. Oplevelsen af at kunne g\u00f8re en reel forskel \u2013 og give noget tilbage i en global sammenh\u00e6ng \u2013 er en st\u00e6rk drivkraft.<\/p>\n<p style=\"text-align: justify;\"><a href=\"https:\/\/www.vita-explorers.dk\/blog\/internationalt-frivilligt-arbejde\/\"><strong>Styrke sine jobmuligheder<\/strong><\/a><\/p>\n<h3 style=\"text-align: justify;\">Internationalt frivilligt arbejde og betydningen for arbejdsmarkedet<\/h3>\n<p style=\"text-align: justify;\">P\u00e5 b\u00e5de det belgiske og internationale arbejdsmarked eftersp\u00f8rger flere arbejdsgivere kandidater med international erfaring. Et frivilligophold i udlandet \u2013 som ofte ses som et klart plus \u2013 kan hj\u00e6lpe <a href=\"https:\/\/www.vita-explorers.dk\/blog\/frivilligt-arbejde-for-unge\/\" target=\"_blank\" rel=\"noopener\">unge<\/a> med at skille sig ud. Ud over de faglige kompetencer fra studiet kan de fremh\u00e6ve tv\u00e6rg\u00e5ende styrker som omstillingsevne, stressh\u00e5ndtering og evnen til at arbejde i multikulturelle sammenh\u00e6nge. Den slags soft skills er h\u00f8jt v\u00e6rdsat.<\/p>\n<p style=\"text-align: justify;\"><strong>At vise initiativ og handlekraft<\/strong><\/p>\n<p style=\"text-align: justify;\">Internationalt frivilligt arbejde signalerer ogs\u00e5 initiativ og handlekraft. Unge, der v\u00e6lger at engagere sig i et ophold i udlandet, bliver ofte opfattet som personer, der t\u00f8r bev\u00e6ge sig ud af tryghedszonen, tage ansvar og arbejde selvst\u00e6ndigt. Det er egenskaber, som virksomheder i dag l\u00e6gger stor v\u00e6gt p\u00e5 \u2013 s\u00e6rligt i brancher som <a href=\"https:\/\/www.vita-explorers.dk\/blog\/obligatorisk-humanit\u00e6rt-ophold-handelsh\u00f8jskole\/\" target=\"_blank\" rel=\"noopener\">international handel<\/a>, b\u00e6redygtig udvikling og projektledelse i sociale indsatser.<\/p>\n<p style=\"text-align: justify;\"><strong>Et internationalt netv\u00e6rk og professionelle kontakter<\/strong><\/p>\n<p style=\"text-align: justify;\">Et ophold i udlandet giver ogs\u00e5 mulighed for at skabe forbindelser til mennesker fra mange forskellige baggrunde. Gennem kontakt med andre deltagere, organisationer og lokale akt\u00f8rer kan unge belgier opbygge et bredt og internationalt netv\u00e6rk. Det kan v\u00e6re en stor fordel, n\u00e5r de senere s\u00f8ger jobmuligheder \u2013 enten i Belgien eller i udlandet. Relationerne kan \u00e5bne d\u00f8re til nye samarbejder, projekter og veje i karrieren.<\/p>\n<h3 style=\"text-align: justify;\">Udfordringer ved internationalt frivilligt arbejde<\/h3>\n<p style=\"text-align: justify;\"><strong>\u00d8konomiske barrierer<\/strong><\/p>\n<p style=\"text-align: justify;\"><strong>Internationalt frivilligt arbejde<\/strong> kan v\u00e6re forbundet med betydelige udgifter. Transport, indkvartering \u2013 og nogle gange forberedelse eller tr\u00e6ning \u2013 kan g\u00f8re det sv\u00e6rt for nogle at komme afsted. Samtidig tilbyder flere organisationer st\u00f8tte og vejledning p\u00e5 forskellige omr\u00e5der, s\u00e5 deltagere bedre kan gennemf\u00f8re deres projekt. Derfor er det vigtigt at unders\u00f8ge mulighederne grundigt og finde frem til relevante st\u00f8tteordninger, inden man rejser.<\/p>\n<p style=\"text-align: justify;\"><strong>At tilpasse sig et ukendt milj\u00f8<\/strong><\/p>\n<p style=\"text-align: justify;\">At skulle v\u00e6nne sig til en ny kultur, et andet klima eller mere enkle levevilk\u00e5r kan v\u00e6re udfordrende. For mange unge belgier kan det v\u00e6re sv\u00e6rt at forlade det kendte og leve i omgivelser, der kan f\u00f8les mere s\u00e5rbare. Omvendt er det ofte netop her, de udvikler mest robusthed, selvst\u00e6ndighed og handlekraft.<\/p>\n<p style=\"text-align: justify;\"><strong>At komme hjem igen<\/strong><br \/>\nN\u00e5r man vender tilbage til Belgien efter l\u00e6ngere tid i udlandet, kan det ogs\u00e5 v\u00e6re kr\u00e6vende. Omvendt <a href=\"https:\/\/www.vita-explorers.dk\/blog\/kulturchok-det-er-helt-normalt\/\" target=\"_blank\" rel=\"noopener\">kulturchok<\/a> \u2013 alts\u00e5 at skulle falde til i hverdagen derhjemme igen \u2013 kan give en f\u00f8lelse af afstand. Mange kommer hjem med nye perspektiver og oplever, at de selv har forandret sig, mens livet omkring dem virker u\u00e6ndret.<\/p>\n<h3 style=\"text-align: justify;\">Internationalt frivilligt arbejde: en investering i fremtiden<\/h3>\n<h4 style=\"text-align: justify;\"><strong>At skille sig ud p\u00e5 et presset arbejdsmarked<\/strong><\/h4>\n<p style=\"text-align: justify;\">P\u00e5 et mere og mere konkurrencepr\u00e6get arbejdsmarked skal nyuddannede finde m\u00e5der at skille sig ud p\u00e5. Et internationalt frivilligforl\u00f8b kan v\u00e6re en reel mulighed for at g\u00f8re netop det. Erfaringerne fra et aktivt engagement ses ofte som et tegn p\u00e5 modenhed, lederskab og ansvarlighed \u2013 kvaliteter, som rekrutteringsansvarlige ofte leder efter, is\u00e6r i omr\u00e5der som international marketing, projektledelse og socialt arbejde.<\/p>\n<h4 style=\"text-align: justify;\"><strong>At udvikle et globalt udsyn<\/strong><\/h4>\n<p style=\"text-align: justify;\">Et ophold i udlandet hj\u00e6lper ogs\u00e5 unge med at udvikle et mere globalt blik p\u00e5 verden. Uanset om de har arbejdet med uddannelse, b\u00e6redygtigt landbrug eller adgang til vand, vender de hjem med en st\u00e6rkere forst\u00e5else for lokale vilk\u00e5r og de udfordringer, nogle lokalsamfund st\u00e5r i. Det udsyn kan v\u00e6re v\u00e6rdifuldt i fx politik, internationale relationer og kommunikation.<\/p>\n<h4 style=\"text-align: justify;\"><strong>Et etisk og langsigtet engagement<\/strong><\/h4>\n<p style=\"text-align: justify;\">At v\u00e6lge internationalt frivilligt arbejde kan ogs\u00e5 v\u00e6re en m\u00e5de at st\u00e5 ved et engagement for en mere retf\u00e6rdig og b\u00e6redygtig verden. For unge belgier er det en mulighed for at vise, at de \u00f8nsker at handle \u2013 ikke kun tale. Ud over at bidrage til konkrete indsatser kan de ogs\u00e5 inspirere deres omgivelser, b\u00e5de gennem deres erfaringer og ved at engagere sig l\u00e6ngerevarende i initiativer lokalt eller internationalt.<\/p>\n<p style=\"text-align: justify;\">Internationalt frivilligt arbejde kan v\u00e6re en l\u00e6rerig og udviklende erfaring for unge belgier. Ud over at give indblik i nye kulturer og mulighed for at bidrage til vigtige indsatser, styrker det kompetencer og kan forbedre jobmulighederne. Udfordringerne \u2013 \u00f8konomiske s\u00e5vel som personlige \u2013 opvejes ofte af de faglige og menneskelige gevinster. I en verden i forandring kan et frivilligophold i udlandet give et tydeligt forspring i karrieren og samtidig styrke unge som engagerede, nysgerrige og ansvarlige medborgere.<\/p>\n<h3 style=\"text-align: justify;\">FAQ : <strong>Humanit\u00e6r organisation for belgiske deltagere<\/strong><\/h3>\n<p style=\"text-align: justify;\"><strong>Hvad er fordelene ved internationalt frivilligt arbejde for nyuddannede belgiere?<\/strong><br \/>\nInternationalt frivilligt arbejde giver tv\u00e6rg\u00e5ende kompetencer, unikke erfaringer og kan styrke jobmulighederne. Det er ogs\u00e5 en chance for at leve sig ind i andre kulturer og bidrage til en global sag.<\/p>\n<p style=\"text-align: justify;\"><strong>Bliver internationalt frivilligt arbejde anerkendt af arbejdsgivere?<\/strong><br \/>\nJa, flere og flere arbejdsgivere v\u00e6rds\u00e6tter international frivilligerfaring. Det viser initiativ, omstillingsevne og \u00e5benhed \u2013 kvaliteter, der er efterspurgte p\u00e5 arbejdsmarkedet.<\/p>\n<p style=\"text-align: justify;\"><strong>Hvordan kan man finansiere et frivilligophold i udlandet?<\/strong><br \/>\nDer findes organisationer, der tilbyder stipendier eller \u00f8konomisk st\u00f8tte til unge, der \u00f8nsker at rejse ud. Det er vigtigt at unders\u00f8ge mulighederne og planl\u00e6gge sit projekt i god tid.<\/p>\n<p style=\"text-align: justify;\"><strong>Hvor l\u00e6nge varer et internationalt frivilligforl\u00f8b?<\/strong><br \/>\nFrivilligforl\u00f8b kan vare fra nogle uger til flere m\u00e5neder \u2013 og i nogle tilf\u00e6lde op til et \u00e5r. Det afh\u00e6nger af projektet og deltagerens mulighed for at v\u00e6re afsted.<\/p>\n<p style=\"text-align: justify;\"><strong>Hj\u00e6lper internationalt frivilligt arbejde med at finde job?<\/strong><br \/>\nJa, det kan v\u00e6re en fordel p\u00e5 CV\u2019et, is\u00e6r hvis man s\u00f8ger job inden for international udvikling, socialt arbejde eller i multinationale virksomheder.<\/p>\n<p style=\"text-align: justify;\"><strong>Kan alle unge belgiere deltage i internationalt frivilligt arbejde?<\/strong><br \/>\nJa, de fleste organisationer s\u00f8ger motiverede unge uanset uddannelsesbaggrund. Nogle forl\u00f8b kan dog kr\u00e6ve s\u00e6rlige kompetencer eller forudg\u00e5ende forberedelse.<\/p>\n<p class=\"p4\" style=\"text-align: center;\"><strong>For mere information er du velkommen til at kontakte os p\u00e5\u00a0<a href=\"mailto:info@globalong.com\"><span class=\"s2\">info@globalong.com<\/span><\/a><\/strong><\/p>\n<p class=\"p4\" style=\"text-align: center;\"><strong>Vil du vide mere om VITA og vores community, s\u00e5 f\u00f8lg med p\u00e5\u00a0<a href=\"https:\/\/www.instagram.com\/globalongofficiel\/\"><span class=\"s2\">Instagram<\/span><\/a>,\u00a0<a href=\"https:\/\/www.facebook.com\/globalong\"><span class=\"s2\">Facebook<\/span><\/a>,\u00a0<a href=\"https:\/\/www.linkedin.com\/company\/5113177\/admin\/feed\/posts\/\"><span class=\"s2\">LinkedIn<\/span><\/a>\u00a0og\u00a0<a href=\"https:\/\/www.youtube.com\/c\/globalong\/videos\"><span class=\"s2\">Youtube<\/span><\/a>\u00a0!\u00a0<\/strong><\/p>\n<div class=\"ti-widget ti-goog\" data-layout-id=\"4\" data-set-id=\"light-background\" data-pid=\"\" data-language=\"fr\" data-version=\"2\" data-review-target-width=\"300\" data-review-text-mode=\"readmore\" data-pager-autoplay-timeout=\"6\" > <div class=\"ti-widget-container ti-col-3\"> <div class=\"ti-reviews-container\"> <div class=\"ti-controls\"> <div class=\"ti-next\" aria-label=\"Avis suivante\" role=\"button\"><\/div> <div class=\"ti-prev\" aria-label=\"Avis pr\u00e9c\u00e9dent\" role=\"button\"><\/div> <\/div> <div class=\"ti-reviews-container-wrapper\">  <div data-empty=\"0\" class=\"ti-review-item source-Google ti-image-layout-thumbnail\" data-id=\"cfcd208495d565ef66e7dff9f98764da\" > <div class=\"ti-inner\"> <div class=\"ti-review-header\"> <div class=\"ti-profile-img\"> <img decoding=\"async\" src=\"https:\/\/lh3.googleusercontent.com\/a\/ACg8ocKpaoKe37CD0_POxO97KqB60GsWQRsIuG2vmCfXT-W_FY44vw=s120-c-rp-mo-br100\" srcset=\"https:\/\/lh3.googleusercontent.com\/a\/ACg8ocKpaoKe37CD0_POxO97KqB60GsWQRsIuG2vmCfXT-W_FY44vw=s120-c-rp-mo-br100 2x\" alt=\"Lucie Correia\" loading=\"lazy\" \/> <\/div> <div class=\"ti-profile-details\"> <div class=\"ti-name\"> Lucie Correia <\/div> <div class=\"ti-date\">2024-10-17<\/div> <\/div> <\/div> <span class=\"ti-stars\"><span class=\"ti-star f\"><\/span><span class=\"ti-star f\"><\/span><span class=\"ti-star f\"><\/span><span class=\"ti-star f\"><\/span><span class=\"ti-star f\"><\/span><\/span> <div class=\"ti-review-text-container ti-review-content\"><!-- R-CONTENT -->La communication avec Globalong est super, personnes tr\u00e8s pr\u00e9sentes pour les b\u00e9n\u00e9voles et \u00e9tudiants partant avec cette association. Elles r\u00e9pondent \u00e0 toutes nos questions et sont tr\u00e8s accessibles au t\u00e9l\u00e9phone.<!-- R-CONTENT --><\/div> <span class=\"ti-read-more\" data-container=\".ti-review-content\" data-collapse-text=\"Cacher\" data-open-text=\"Lire la suite\" ><\/span> <\/div> <\/div>  <div data-empty=\"0\" class=\"ti-review-item source-Google ti-image-layout-thumbnail\" data-id=\"cfcd208495d565ef66e7dff9f98764da\" > <div class=\"ti-inner\"> <div class=\"ti-review-header\"> <div class=\"ti-profile-img\"> <img decoding=\"async\" src=\"https:\/\/lh3.googleusercontent.com\/a-\/ALV-UjWqnnzM7-7c9BDqeTDF-a7pOgNjvLkJ3WshRd_Tn7z0Eu-AGQwo=s120-c-rp-mo-br100\" srcset=\"https:\/\/lh3.googleusercontent.com\/a-\/ALV-UjWqnnzM7-7c9BDqeTDF-a7pOgNjvLkJ3WshRd_Tn7z0Eu-AGQwo=s120-c-rp-mo-br100 2x\" alt=\"Ra\u00efssa Frisch\" loading=\"lazy\" \/> <\/div> <div class=\"ti-profile-details\"> <div class=\"ti-name\"> Ra\u00efssa Frisch <\/div> <div class=\"ti-date\">2024-10-14<\/div> <\/div> <\/div> <span class=\"ti-stars\"><span class=\"ti-star f\"><\/span><span class=\"ti-star f\"><\/span><span class=\"ti-star f\"><\/span><span class=\"ti-star f\"><\/span><span class=\"ti-star f\"><\/span><\/span> <div class=\"ti-review-text-container ti-review-content\"><!-- R-CONTENT -->J\u2019ai d\u00e9j\u00e0 eu l\u2019opportunit\u00e9 de r\u00e9aliser deux projets humanitaires avec l\u2019association Globalong. Je ne peux que la recommander, car j\u2019ai toujours b\u00e9n\u00e9fici\u00e9 d\u2019un excellent accompagnement, aussi bien avant que pendant le voyage. On ne vous laisse pas vous d\u00e9brouiller seuls, bien au contraire, vous \u00eates tr\u00e8s bien encadr\u00e9s pour accomplir toutes les d\u00e9marches dans les d\u00e9lais.\n\nAu-del\u00e0 du suivi, les exp\u00e9riences humanitaires propos\u00e9es par Globalong ne peuvent que transformer votre vie de mani\u00e8re positive. Elles vous apportent une richesse humaine inestimable.<!-- R-CONTENT --><\/div> <span class=\"ti-read-more\" data-container=\".ti-review-content\" data-collapse-text=\"Cacher\" data-open-text=\"Lire la suite\" ><\/span> <\/div> <\/div>  <div data-empty=\"0\" class=\"ti-review-item source-Google ti-image-layout-thumbnail\" data-id=\"cfcd208495d565ef66e7dff9f98764da\" > <div class=\"ti-inner\"> <div class=\"ti-review-header\"> <div class=\"ti-profile-img\"> <img decoding=\"async\" src=\"https:\/\/lh3.googleusercontent.com\/a\/ACg8ocJL-Dxv25YkXK2QwWPNRxTVqZCv5uTmDQDFg5qslKra3vRZew=s120-c-rp-mo-br100\" srcset=\"https:\/\/lh3.googleusercontent.com\/a\/ACg8ocJL-Dxv25YkXK2QwWPNRxTVqZCv5uTmDQDFg5qslKra3vRZew=s120-c-rp-mo-br100 2x\" alt=\"Tara Turan\" loading=\"lazy\" \/> <\/div> <div class=\"ti-profile-details\"> <div class=\"ti-name\"> Tara Turan <\/div> <div class=\"ti-date\">2024-10-14<\/div> <\/div> <\/div> <span class=\"ti-stars\"><span class=\"ti-star f\"><\/span><span class=\"ti-star f\"><\/span><span class=\"ti-star f\"><\/span><span class=\"ti-star f\"><\/span><span class=\"ti-star f\"><\/span><\/span> <div class=\"ti-review-text-container ti-review-content\"><!-- R-CONTENT -->Une des meilleures associations que j\u2019ai pu faire !\nUne organisation et un suivi vraiment parfait, c\u2019est avec grand plaisir que je referai un projet avec eux.<!-- R-CONTENT --><\/div> <span class=\"ti-read-more\" data-container=\".ti-review-content\" data-collapse-text=\"Cacher\" data-open-text=\"Lire la suite\" ><\/span> <\/div> <\/div>  <div data-empty=\"0\" class=\"ti-review-item source-Google ti-image-layout-thumbnail\" data-id=\"cfcd208495d565ef66e7dff9f98764da\" > <div class=\"ti-inner\"> <div class=\"ti-review-header\"> <div class=\"ti-profile-img\"> <img decoding=\"async\" src=\"https:\/\/lh3.googleusercontent.com\/a\/ACg8ocLctTPNovSk3eKM0b_MIPOfcFEQsz2135Cdu59_BWRVsIYC7Q=s120-c-rp-mo-br100\" srcset=\"https:\/\/lh3.googleusercontent.com\/a\/ACg8ocLctTPNovSk3eKM0b_MIPOfcFEQsz2135Cdu59_BWRVsIYC7Q=s120-c-rp-mo-br100 2x\" alt=\"Repiquet Julie\" loading=\"lazy\" \/> <\/div> <div class=\"ti-profile-details\"> <div class=\"ti-name\"> Repiquet Julie <\/div> <div class=\"ti-date\">2024-10-13<\/div> <\/div> <\/div> <span class=\"ti-stars\"><span class=\"ti-star f\"><\/span><span class=\"ti-star f\"><\/span><span class=\"ti-star f\"><\/span><span class=\"ti-star f\"><\/span><span class=\"ti-star f\"><\/span><\/span> <div class=\"ti-review-text-container ti-review-content\"><!-- R-CONTENT -->Tr\u00e8s bon accompagnement de la part de Globalong, du premier jour avec toutes mes interrogations, jusqu'au d\u00e9part dans quelques jours. Le dossier transmis apr\u00e8s validation de la mission est plus que complet, les webmaster tr\u00e8s int\u00e9ressantes et permettent de d\u00e9charger mentalement ce genre de pr\u00e9paration, tout est pr\u00e9vu il n'y a plus qu'\u00e0 suivre ! Merci \u00e0 Florence de r\u00e9pondre \u00e0 toutes mes questions avec gentillesse et bienveillance, cela m'a permis de passer le cap!\nMaintenant, il n'y a plus qu'\u00e0 \ud83d\ude00<!-- R-CONTENT --><\/div> <span class=\"ti-read-more\" data-container=\".ti-review-content\" data-collapse-text=\"Cacher\" data-open-text=\"Lire la suite\" ><\/span> <\/div> <\/div>  <div data-empty=\"0\" class=\"ti-review-item source-Google ti-image-layout-thumbnail\" data-id=\"cfcd208495d565ef66e7dff9f98764da\" > <div class=\"ti-inner\"> <div class=\"ti-review-header\"> <div class=\"ti-profile-img\"> <img decoding=\"async\" src=\"https:\/\/lh3.googleusercontent.com\/a\/ACg8ocJJTdmTWs8nAA0yuH_cKOUgzc6GFAkHBiXhpnnVYXaWMBZsHw=s120-c-rp-mo-br100\" srcset=\"https:\/\/lh3.googleusercontent.com\/a\/ACg8ocJJTdmTWs8nAA0yuH_cKOUgzc6GFAkHBiXhpnnVYXaWMBZsHw=s120-c-rp-mo-br100 2x\" alt=\"Marine Guilhamat\" loading=\"lazy\" \/> <\/div> <div class=\"ti-profile-details\"> <div class=\"ti-name\"> Marine Guilhamat <\/div> <div class=\"ti-date\">2024-10-09<\/div> <\/div> <\/div> <span class=\"ti-stars\"><span class=\"ti-star f\"><\/span><span class=\"ti-star f\"><\/span><span class=\"ti-star f\"><\/span><span class=\"ti-star f\"><\/span><span class=\"ti-star f\"><\/span><\/span> <div class=\"ti-review-text-container ti-review-content\"><!-- R-CONTENT -->Tr\u00e8s belle association qui offre un cadre super s\u00e9curisant et permet de s\u2019investir dans des projets qui ont du sens. Merci \u00e0 l\u2019\u00e9quipe Globalong pour votre disponibilit\u00e9, gentillesse et accompagnement !<!-- R-CONTENT --><\/div> <span class=\"ti-read-more\" data-container=\".ti-review-content\" data-collapse-text=\"Cacher\" data-open-text=\"Lire la suite\" ><\/span> <\/div> <\/div>  <div data-empty=\"0\" class=\"ti-review-item source-Google ti-image-layout-thumbnail\" data-id=\"cfcd208495d565ef66e7dff9f98764da\" > <div class=\"ti-inner\"> <div class=\"ti-review-header\"> <div class=\"ti-profile-img\"> <img decoding=\"async\" src=\"https:\/\/lh3.googleusercontent.com\/a\/ACg8ocIgITHXKo46qgJyPqlJeAcxz11gCKUJpGIk2qauiIe2O3iZ6w=s120-c-rp-mo-br100\" srcset=\"https:\/\/lh3.googleusercontent.com\/a\/ACg8ocIgITHXKo46qgJyPqlJeAcxz11gCKUJpGIk2qauiIe2O3iZ6w=s120-c-rp-mo-br100 2x\" alt=\"Laura Mercier\" loading=\"lazy\" \/> <\/div> <div class=\"ti-profile-details\"> <div class=\"ti-name\"> Laura Mercier <\/div> <div class=\"ti-date\">2024-10-08<\/div> <\/div> <\/div> <span class=\"ti-stars\"><span class=\"ti-star f\"><\/span><span class=\"ti-star f\"><\/span><span class=\"ti-star f\"><\/span><span class=\"ti-star f\"><\/span><span class=\"ti-star f\"><\/span><\/span> <div class=\"ti-review-text-container ti-review-content\"><!-- R-CONTENT -->Mon d\u00e9part approche, je pars dans une semaine, et depuis le d\u00e9but de mon inscription je suis tr\u00e8s satisfaite du suivi effectu\u00e9 par l\u2019association. Ils sont tr\u00e8s disponibles et r\u00e9pondent rapidement \u00e0 l\u2019ensemble des questions. Je suis tr\u00e8s contente de partir faire cette mission humanitaire encadr\u00e9e par cette association. Je recommande vraiment.<!-- R-CONTENT --><\/div> <span class=\"ti-read-more\" data-container=\".ti-review-content\" data-collapse-text=\"Cacher\" data-open-text=\"Lire la suite\" ><\/span> <\/div> <\/div>  <div data-empty=\"0\" class=\"ti-review-item source-Google ti-image-layout-thumbnail\" data-id=\"cfcd208495d565ef66e7dff9f98764da\" > <div class=\"ti-inner\"> <div class=\"ti-review-header\"> <div class=\"ti-profile-img\"> <img decoding=\"async\" src=\"https:\/\/lh3.googleusercontent.com\/a-\/ALV-UjVVr0YMQhXl8QNEEB32l-rnoaYwvRZUjIEX9OEwPE_1fQwzIyk=s120-c-rp-mo-br100\" srcset=\"https:\/\/lh3.googleusercontent.com\/a-\/ALV-UjVVr0YMQhXl8QNEEB32l-rnoaYwvRZUjIEX9OEwPE_1fQwzIyk=s120-c-rp-mo-br100 2x\" alt=\"Anouk Rzkt\" loading=\"lazy\" \/> <\/div> <div class=\"ti-profile-details\"> <div class=\"ti-name\"> Anouk Rzkt <\/div> <div class=\"ti-date\">2024-10-02<\/div> <\/div> <\/div> <span class=\"ti-stars\"><span class=\"ti-star f\"><\/span><span class=\"ti-star f\"><\/span><span class=\"ti-star f\"><\/span><span class=\"ti-star f\"><\/span><span class=\"ti-star f\"><\/span><\/span> <div class=\"ti-review-text-container ti-review-content\"><!-- R-CONTENT -->Globalong est l'association parfaite. L'\u00e9quipe offre un v\u00e9ritable accompagnement rythm\u00e9 par beaucoup de conseils et d'\u00e9coute. Le site est tr\u00e8s bien fait avec des dossiers complets allant des sujets tr\u00e8s pratiques a d'autres plus th\u00e9oriques (tels que le choc culturel par exemple). Je recommande vivement et remercie sinc\u00e8rement toute l'\u00e9quipe pour leur gentillesse et investissement !<!-- R-CONTENT --><\/div> <span class=\"ti-read-more\" data-container=\".ti-review-content\" data-collapse-text=\"Cacher\" data-open-text=\"Lire la suite\" ><\/span> <\/div> <\/div>  <\/div> <div class=\"ti-controls-line\"> <div class=\"dot\"><\/div> <\/div> <\/div> <div class=\"ti-footer\"> <div class=\"ti-rating-text\"> <span class=\"nowrap\">\u00c9valuation <strong>Google<\/strong> : <\/span><span class=\"nowrap\"><strong>4.8<\/strong> sur 5, <\/span><span class=\"nowrap\">Bas\u00e9e sur <strong>240 avis<\/strong><\/span> <\/div> <\/div>  <\/div> <\/div> \n<p>\u00a0<\/p>\n","protected":false},"excerpt":{"rendered":"<p>Hvorfor unge belgier v\u00e6lger internationalt frivilligt arbejde efter endt uddannelse Humanit\u00e6r organisation for belgiske deltagere Internationalt frivilligt arbejde tiltr\u00e6kker et stigende antal unge belgier.\u2026<\/p>\n","protected":false},"author":7,"featured_media":15586,"comment_status":"open","ping_status":"open","sticky":false,"template":"","format":"standard","meta":{"footnotes":""},"categories":[8,470,1,4],"tags":[],"yoast_head":"<!-- This site is optimized with the Yoast SEO Premium plugin v23.4 (Yoast SEO v23.4) - https:\/\/yoast.com\/wordpress\/plugins\/seo\/ -->\n<title>Belgisk humanit\u00e6rt frivilligt arbejde: Hvorfor engagere sig?<\/title>\n<meta name=\"description\" content=\"Engagez-vous avec une association humanitaire de b\u00e9n\u00e9volat international en tant que jeune Belge. Faites la diff\u00e9rence dans le monde\" \/>\n<meta name=\"robots\" content=\"index, follow, max-snippet:-1, max-image-preview:large, max-video-preview:-1\" \/>\n<link rel=\"canonical\" href=\"https:\/\/www.vita-explorers.dk\/blog\/humanitaer-forening-internationalt-frivilligt-arbejde-belgisk\/\" \/>\n<meta property=\"og:locale\" content=\"da_DK\" \/>\n<meta property=\"og:type\" content=\"article\" \/>\n<meta property=\"og:title\" content=\"Internationalt frivilligt arbejde efter studierne for unge belgiske\" \/>\n<meta property=\"og:description\" content=\"Engagez-vous avec une association humanitaire de b\u00e9n\u00e9volat international en tant que jeune Belge. Faites la diff\u00e9rence dans le monde\" \/>\n<meta property=\"og:url\" content=\"https:\/\/www.vita-explorers.dk\/blog\/humanitaer-forening-internationalt-frivilligt-arbejde-belgisk\/\" \/>\n<meta property=\"og:site_name\" content=\"VITA Explorers Blog\" \/>\n<meta property=\"article:publisher\" content=\"https:\/\/www.facebook.com\/globalong\" \/>\n<meta property=\"article:published_time\" content=\"2024-09-29T05:27:38+00:00\" \/>\n<meta property=\"article:modified_time\" content=\"2025-09-14T12:36:54+00:00\" \/>\n<meta property=\"og:image\" content=\"https:\/\/www.vita-explorers.dk\/blog\/wp-content\/uploads\/2023\/08\/vietnam-humanitaire.jpeg\" \/>\n\t<meta property=\"og:image:width\" content=\"960\" \/>\n\t<meta property=\"og:image:height\" content=\"720\" \/>\n\t<meta property=\"og:image:type\" content=\"image\/jpeg\" \/>\n<meta name=\"author\" content=\"VITA Tribe\" \/>\n<meta name=\"twitter:card\" content=\"summary_large_image\" \/>\n<meta name=\"twitter:label1\" content=\"Skrevet af\" \/>\n\t<meta name=\"twitter:data1\" content=\"VITA Tribe\" \/>\n\t<meta name=\"twitter:label2\" content=\"Estimeret l\u00e6setid\" \/>\n\t<meta name=\"twitter:data2\" content=\"8 minutter\" \/>\n<script type=\"application\/ld+json\" class=\"yoast-schema-graph\">{\"@context\":\"https:\/\/schema.org\",\"@graph\":[{\"@type\":\"Article\",\"@id\":\"https:\/\/www.vita-explorers.dk\/blog\/humanitaer-forening-internationalt-frivilligt-arbejde-belgisk\/#article\",\"isPartOf\":{\"@id\":\"https:\/\/www.vita-explorers.dk\/blog\/humanitaer-forening-internationalt-frivilligt-arbejde-belgisk\/\"},\"author\":{\"name\":\"VITA Tribe\",\"@id\":\"https:\/\/www.vita-explorers.dk\/blog\/#\/schema\/person\/fc0343a2f2db2ebb2793c1f62dbe73f0\"},\"headline\":\"Internationalt frivilligt arbejde efter studierne for unge belgiske\",\"datePublished\":\"2024-09-29T05:27:38+00:00\",\"dateModified\":\"2025-09-14T12:36:54+00:00\",\"mainEntityOfPage\":{\"@id\":\"https:\/\/www.vita-explorers.dk\/blog\/humanitaer-forening-internationalt-frivilligt-arbejde-belgisk\/\"},\"wordCount\":1415,\"commentCount\":0,\"publisher\":{\"@id\":\"https:\/\/www.vita-explorers.dk\/blog\/#organization\"},\"image\":{\"@id\":\"https:\/\/www.vita-explorers.dk\/blog\/humanitaer-forening-internationalt-frivilligt-arbejde-belgisk\/#primaryimage\"},\"thumbnailUrl\":\"https:\/\/www.vita-explorers.dk\/blog\/wp-content\/uploads\/2023\/08\/vietnam-humanitaire.jpeg\",\"articleSection\":[\"Humanit\u00e6rt frivilligt arbejde\",\"Natur- og milj\u00f8frivilligt arbejde\",\"No Name\",\"VITA Explorers\"],\"inLanguage\":\"da-DK\",\"potentialAction\":[{\"@type\":\"CommentAction\",\"name\":\"Comment\",\"target\":[\"https:\/\/www.vita-explorers.dk\/blog\/humanitaer-forening-internationalt-frivilligt-arbejde-belgisk\/#respond\"]}]},{\"@type\":\"WebPage\",\"@id\":\"https:\/\/www.vita-explorers.dk\/blog\/humanitaer-forening-internationalt-frivilligt-arbejde-belgisk\/\",\"url\":\"https:\/\/www.vita-explorers.dk\/blog\/humanitaer-forening-internationalt-frivilligt-arbejde-belgisk\/\",\"name\":\"Belgisk humanit\u00e6rt frivilligt arbejde: Hvorfor engagere sig?\",\"isPartOf\":{\"@id\":\"https:\/\/www.vita-explorers.dk\/blog\/#website\"},\"primaryImageOfPage\":{\"@id\":\"https:\/\/www.vita-explorers.dk\/blog\/humanitaer-forening-internationalt-frivilligt-arbejde-belgisk\/#primaryimage\"},\"image\":{\"@id\":\"https:\/\/www.vita-explorers.dk\/blog\/humanitaer-forening-internationalt-frivilligt-arbejde-belgisk\/#primaryimage\"},\"thumbnailUrl\":\"https:\/\/www.vita-explorers.dk\/blog\/wp-content\/uploads\/2023\/08\/vietnam-humanitaire.jpeg\",\"datePublished\":\"2024-09-29T05:27:38+00:00\",\"dateModified\":\"2025-09-14T12:36:54+00:00\",\"description\":\"Engagez-vous avec une association humanitaire de b\u00e9n\u00e9volat international en tant que jeune Belge. Faites la diff\u00e9rence dans le monde\",\"breadcrumb\":{\"@id\":\"https:\/\/www.vita-explorers.dk\/blog\/humanitaer-forening-internationalt-frivilligt-arbejde-belgisk\/#breadcrumb\"},\"inLanguage\":\"da-DK\",\"potentialAction\":[{\"@type\":\"ReadAction\",\"target\":[\"https:\/\/www.vita-explorers.dk\/blog\/humanitaer-forening-internationalt-frivilligt-arbejde-belgisk\/\"]}]},{\"@type\":\"ImageObject\",\"inLanguage\":\"da-DK\",\"@id\":\"https:\/\/www.vita-explorers.dk\/blog\/humanitaer-forening-internationalt-frivilligt-arbejde-belgisk\/#primaryimage\",\"url\":\"https:\/\/www.vita-explorers.dk\/blog\/wp-content\/uploads\/2023\/08\/vietnam-humanitaire.jpeg\",\"contentUrl\":\"https:\/\/www.vita-explorers.dk\/blog\/wp-content\/uploads\/2023\/08\/vietnam-humanitaire.jpeg\",\"width\":960,\"height\":720,\"caption\":\"association humanitaire b\u00e9n\u00e9volat belge\"},{\"@type\":\"BreadcrumbList\",\"@id\":\"https:\/\/www.vita-explorers.dk\/blog\/humanitaer-forening-internationalt-frivilligt-arbejde-belgisk\/#breadcrumb\",\"itemListElement\":[{\"@type\":\"ListItem\",\"position\":1,\"name\":\"Accueil\",\"item\":\"https:\/\/www.vita-explorers.dk\/blog\/\"},{\"@type\":\"ListItem\",\"position\":2,\"name\":\"Internationalt frivilligt arbejde efter studierne for unge belgiske\"}]},{\"@type\":\"WebSite\",\"@id\":\"https:\/\/www.vita-explorers.dk\/blog\/#website\",\"url\":\"https:\/\/www.vita-explorers.dk\/blog\/\",\"name\":\"Association Globalong\",\"description\":\"Frivilligt arbejde, sprogophold, praktik i udlandet og internationale oplevelser\",\"publisher\":{\"@id\":\"https:\/\/www.vita-explorers.dk\/blog\/#organization\"},\"potentialAction\":[{\"@type\":\"SearchAction\",\"target\":{\"@type\":\"EntryPoint\",\"urlTemplate\":\"https:\/\/www.vita-explorers.dk\/blog\/?s={search_term_string}\"},\"query-input\":{\"@type\":\"PropertyValueSpecification\",\"valueRequired\":true,\"valueName\":\"search_term_string\"}}],\"inLanguage\":\"da-DK\"},{\"@type\":\"Organization\",\"@id\":\"https:\/\/www.vita-explorers.dk\/blog\/#organization\",\"name\":\"Association Globalong\",\"url\":\"https:\/\/www.vita-explorers.dk\/blog\/\",\"logo\":{\"@type\":\"ImageObject\",\"inLanguage\":\"da-DK\",\"@id\":\"https:\/\/www.vita-explorers.dk\/blog\/#\/schema\/logo\/image\/\",\"url\":\"https:\/\/www.globalong.com\/blog\/wp-content\/uploads\/2014\/11\/cropped-cropped-Logo-et-Afrique-Globalong-petite-taille-2.jpg\",\"contentUrl\":\"https:\/\/www.globalong.com\/blog\/wp-content\/uploads\/2014\/11\/cropped-cropped-Logo-et-Afrique-Globalong-petite-taille-2.jpg\",\"width\":512,\"height\":512,\"caption\":\"Association Globalong\"},\"image\":{\"@id\":\"https:\/\/www.vita-explorers.dk\/blog\/#\/schema\/logo\/image\/\"},\"sameAs\":[\"https:\/\/www.facebook.com\/globalong\"]},{\"@type\":\"Person\",\"@id\":\"https:\/\/www.vita-explorers.dk\/blog\/#\/schema\/person\/fc0343a2f2db2ebb2793c1f62dbe73f0\",\"name\":\"VITA Tribe\",\"image\":{\"@type\":\"ImageObject\",\"inLanguage\":\"da-DK\",\"@id\":\"https:\/\/www.vita-explorers.dk\/blog\/#\/schema\/person\/image\/\",\"url\":\"https:\/\/secure.gravatar.com\/avatar\/f7f05026bb439d0c96b30e135e5f852c?s=96&d=mm&r=g\",\"contentUrl\":\"https:\/\/secure.gravatar.com\/avatar\/f7f05026bb439d0c96b30e135e5f852c?s=96&d=mm&r=g\",\"caption\":\"VITA Tribe\"},\"sameAs\":[\"http:\/\/www.globalong.com\"],\"url\":\"https:\/\/www.vita-explorers.dk\/blog\/author\/teamglobalong\/\"}]}<\/script>\n<!-- \/ Yoast SEO Premium plugin. -->","yoast_head_json":{"title":"Belgisk humanit\u00e6rt frivilligt arbejde: Hvorfor engagere sig?","description":"Engagez-vous avec une association humanitaire de b\u00e9n\u00e9volat international en tant que jeune Belge. Faites la diff\u00e9rence dans le monde","robots":{"index":"index","follow":"follow","max-snippet":"max-snippet:-1","max-image-preview":"max-image-preview:large","max-video-preview":"max-video-preview:-1"},"canonical":"https:\/\/www.vita-explorers.dk\/blog\/humanitaer-forening-internationalt-frivilligt-arbejde-belgisk\/","og_locale":"da_DK","og_type":"article","og_title":"Internationalt frivilligt arbejde efter studierne for unge belgiske","og_description":"Engagez-vous avec une association humanitaire de b\u00e9n\u00e9volat international en tant que jeune Belge. Faites la diff\u00e9rence dans le monde","og_url":"https:\/\/www.vita-explorers.dk\/blog\/humanitaer-forening-internationalt-frivilligt-arbejde-belgisk\/","og_site_name":"VITA Explorers Blog","article_publisher":"https:\/\/www.facebook.com\/globalong","article_published_time":"2024-09-29T05:27:38+00:00","article_modified_time":"2025-09-14T12:36:54+00:00","og_image":[{"width":960,"height":720,"url":"https:\/\/www.vita-explorers.dk\/blog\/wp-content\/uploads\/2023\/08\/vietnam-humanitaire.jpeg","type":"image\/jpeg"}],"author":"VITA Tribe","twitter_card":"summary_large_image","twitter_misc":{"Skrevet af":"VITA Tribe","Estimeret l\u00e6setid":"8 minutter"},"schema":{"@context":"https:\/\/schema.org","@graph":[{"@type":"Article","@id":"https:\/\/www.vita-explorers.dk\/blog\/humanitaer-forening-internationalt-frivilligt-arbejde-belgisk\/#article","isPartOf":{"@id":"https:\/\/www.vita-explorers.dk\/blog\/humanitaer-forening-internationalt-frivilligt-arbejde-belgisk\/"},"author":{"name":"VITA Tribe","@id":"https:\/\/www.vita-explorers.dk\/blog\/#\/schema\/person\/fc0343a2f2db2ebb2793c1f62dbe73f0"},"headline":"Internationalt frivilligt arbejde efter studierne for unge belgiske","datePublished":"2024-09-29T05:27:38+00:00","dateModified":"2025-09-14T12:36:54+00:00","mainEntityOfPage":{"@id":"https:\/\/www.vita-explorers.dk\/blog\/humanitaer-forening-internationalt-frivilligt-arbejde-belgisk\/"},"wordCount":1415,"commentCount":0,"publisher":{"@id":"https:\/\/www.vita-explorers.dk\/blog\/#organization"},"image":{"@id":"https:\/\/www.vita-explorers.dk\/blog\/humanitaer-forening-internationalt-frivilligt-arbejde-belgisk\/#primaryimage"},"thumbnailUrl":"https:\/\/www.vita-explorers.dk\/blog\/wp-content\/uploads\/2023\/08\/vietnam-humanitaire.jpeg","articleSection":["Humanit\u00e6rt frivilligt arbejde","Natur- og milj\u00f8frivilligt arbejde","No Name","VITA Explorers"],"inLanguage":"da-DK","potentialAction":[{"@type":"CommentAction","name":"Comment","target":["https:\/\/www.vita-explorers.dk\/blog\/humanitaer-forening-internationalt-frivilligt-arbejde-belgisk\/#respond"]}]},{"@type":"WebPage","@id":"https:\/\/www.vita-explorers.dk\/blog\/humanitaer-forening-internationalt-frivilligt-arbejde-belgisk\/","url":"https:\/\/www.vita-explorers.dk\/blog\/humanitaer-forening-internationalt-frivilligt-arbejde-belgisk\/","name":"Belgisk humanit\u00e6rt frivilligt arbejde: Hvorfor engagere sig?","isPartOf":{"@id":"https:\/\/www.vita-explorers.dk\/blog\/#website"},"primaryImageOfPage":{"@id":"https:\/\/www.vita-explorers.dk\/blog\/humanitaer-forening-internationalt-frivilligt-arbejde-belgisk\/#primaryimage"},"image":{"@id":"https:\/\/www.vita-explorers.dk\/blog\/humanitaer-forening-internationalt-frivilligt-arbejde-belgisk\/#primaryimage"},"thumbnailUrl":"https:\/\/www.vita-explorers.dk\/blog\/wp-content\/uploads\/2023\/08\/vietnam-humanitaire.jpeg","datePublished":"2024-09-29T05:27:38+00:00","dateModified":"2025-09-14T12:36:54+00:00","description":"Engagez-vous avec une association humanitaire de b\u00e9n\u00e9volat international en tant que jeune Belge. Faites la diff\u00e9rence dans le monde","breadcrumb":{"@id":"https:\/\/www.vita-explorers.dk\/blog\/humanitaer-forening-internationalt-frivilligt-arbejde-belgisk\/#breadcrumb"},"inLanguage":"da-DK","potentialAction":[{"@type":"ReadAction","target":["https:\/\/www.vita-explorers.dk\/blog\/humanitaer-forening-internationalt-frivilligt-arbejde-belgisk\/"]}]},{"@type":"ImageObject","inLanguage":"da-DK","@id":"https:\/\/www.vita-explorers.dk\/blog\/humanitaer-forening-internationalt-frivilligt-arbejde-belgisk\/#primaryimage","url":"https:\/\/www.vita-explorers.dk\/blog\/wp-content\/uploads\/2023\/08\/vietnam-humanitaire.jpeg","contentUrl":"https:\/\/www.vita-explorers.dk\/blog\/wp-content\/uploads\/2023\/08\/vietnam-humanitaire.jpeg","width":960,"height":720,"caption":"association humanitaire b\u00e9n\u00e9volat belge"},{"@type":"BreadcrumbList","@id":"https:\/\/www.vita-explorers.dk\/blog\/humanitaer-forening-internationalt-frivilligt-arbejde-belgisk\/#breadcrumb","itemListElement":[{"@type":"ListItem","position":1,"name":"Accueil","item":"https:\/\/www.vita-explorers.dk\/blog\/"},{"@type":"ListItem","position":2,"name":"Internationalt frivilligt arbejde efter studierne for unge belgiske"}]},{"@type":"WebSite","@id":"https:\/\/www.vita-explorers.dk\/blog\/#website","url":"https:\/\/www.vita-explorers.dk\/blog\/","name":"Association Globalong","description":"Frivilligt arbejde, sprogophold, praktik i udlandet og internationale oplevelser","publisher":{"@id":"https:\/\/www.vita-explorers.dk\/blog\/#organization"},"potentialAction":[{"@type":"SearchAction","target":{"@type":"EntryPoint","urlTemplate":"https:\/\/www.vita-explorers.dk\/blog\/?s={search_term_string}"},"query-input":{"@type":"PropertyValueSpecification","valueRequired":true,"valueName":"search_term_string"}}],"inLanguage":"da-DK"},{"@type":"Organization","@id":"https:\/\/www.vita-explorers.dk\/blog\/#organization","name":"Association Globalong","url":"https:\/\/www.vita-explorers.dk\/blog\/","logo":{"@type":"ImageObject","inLanguage":"da-DK","@id":"https:\/\/www.vita-explorers.dk\/blog\/#\/schema\/logo\/image\/","url":"https:\/\/www.globalong.com\/blog\/wp-content\/uploads\/2014\/11\/cropped-cropped-Logo-et-Afrique-Globalong-petite-taille-2.jpg","contentUrl":"https:\/\/www.globalong.com\/blog\/wp-content\/uploads\/2014\/11\/cropped-cropped-Logo-et-Afrique-Globalong-petite-taille-2.jpg","width":512,"height":512,"caption":"Association Globalong"},"image":{"@id":"https:\/\/www.vita-explorers.dk\/blog\/#\/schema\/logo\/image\/"},"sameAs":["https:\/\/www.facebook.com\/globalong"]},{"@type":"Person","@id":"https:\/\/www.vita-explorers.dk\/blog\/#\/schema\/person\/fc0343a2f2db2ebb2793c1f62dbe73f0","name":"VITA Tribe","image":{"@type":"ImageObject","inLanguage":"da-DK","@id":"https:\/\/www.vita-explorers.dk\/blog\/#\/schema\/person\/image\/","url":"https:\/\/secure.gravatar.com\/avatar\/f7f05026bb439d0c96b30e135e5f852c?s=96&d=mm&r=g","contentUrl":"https:\/\/secure.gravatar.com\/avatar\/f7f05026bb439d0c96b30e135e5f852c?s=96&d=mm&r=g","caption":"VITA Tribe"},"sameAs":["http:\/\/www.globalong.com"],"url":"https:\/\/www.vita-explorers.dk\/blog\/author\/teamglobalong\/"}]}},"_links":{"self":[{"href":"https:\/\/www.vita-explorers.dk\/blog\/wp-json\/wp\/v2\/posts\/17304"}],"collection":[{"href":"https:\/\/www.vita-explorers.dk\/blog\/wp-json\/wp\/v2\/posts"}],"about":[{"href":"https:\/\/www.vita-explorers.dk\/blog\/wp-json\/wp\/v2\/types\/post"}],"author":[{"embeddable":true,"href":"https:\/\/www.vita-explorers.dk\/blog\/wp-json\/wp\/v2\/users\/7"}],"replies":[{"embeddable":true,"href":"https:\/\/www.vita-explorers.dk\/blog\/wp-json\/wp\/v2\/comments?post=17304"}],"version-history":[{"count":11,"href":"https:\/\/www.vita-explorers.dk\/blog\/wp-json\/wp\/v2\/posts\/17304\/revisions"}],"predecessor-version":[{"id":21792,"href":"https:\/\/www.vita-explorers.dk\/blog\/wp-json\/wp\/v2\/posts\/17304\/revisions\/21792"}],"wp:featuredmedia":[{"embeddable":true,"href":"https:\/\/www.vita-explorers.dk\/blog\/wp-json\/wp\/v2\/media\/15586"}],"wp:attachment":[{"href":"https:\/\/www.vita-explorers.dk\/blog\/wp-json\/wp\/v2\/media?parent=17304"}],"wp:term":[{"taxonomy":"category","embeddable":true,"href":"https:\/\/www.vita-explorers.dk\/blog\/wp-json\/wp\/v2\/categories?post=17304"},{"taxonomy":"post_tag","embeddable":true,"href":"https:\/\/www.vita-explorers.dk\/blog\/wp-json\/wp\/v2\/tags?post=17304"}],"curies":[{"name":"wp","href":"https:\/\/api.w.org\/{rel}","templated":true}]}}