{"id":17702,"date":"2024-10-16T06:01:41","date_gmt":"2024-10-16T04:01:41","guid":{"rendered":"https:\/\/www.globalong.com\/blog\/?p=17702"},"modified":"2024-11-18T13:18:33","modified_gmt":"2024-11-18T12:18:33","slug":"kompetencebaseret-pro-bono-i-virksomheder","status":"publish","type":"post","link":"https:\/\/www.vita-explorers.dk\/blog\/kompetencebaseret-pro-bono-i-virksomheder\/","title":{"rendered":"Kompetencebaseret pro bono i virksomheder"},"content":{"rendered":"<h1 style=\"text-align: justify;\"><span style=\"font-size: 18pt;\">Kompetencebaseret engagement: En ny m\u00e5de for virksomheder at tage socialt ansvar<\/span><\/h1>\n<p style=\"text-align: justify;\">Kompetencebaseret engagement bliver i stigende grad en del af virksomheders strategier for <a href=\"https:\/\/www.vita-explorers.dk\/blog\/virksomheders-samfundsansvar-frivilligt-arbejde-for-medarbejdere\/\" target=\"_blank\" rel=\"noopener\"><strong>samfundsansvar (CSR)<\/strong><\/a>. Med denne tilgang kan virksomheder st\u00f8tte form\u00e5l til gavn for f\u00e6llesskabet \u2013 samtidig med at medarbejdernes faglige kompetencer bringes i spil.<\/p>\n<p style=\"text-align: justify;\">I mods\u00e6tning til andre former for virksomhedsst\u00f8tte bygger <a href=\"https:\/\/www.vita-explorers.dk\/blog\/virksomhedssponsorat-og-social-effekt\/\" target=\"_blank\" rel=\"noopener\"><strong>kompetencebaseret engagement<\/strong><\/a> p\u00e5 medarbejdernes direkte deltagelse. Medarbejdere bruger en del af deres arbejdstid p\u00e5 opgaver til gavn for foreninger eller NGO\u2019er. De modtager fortsat l\u00f8n fra virksomheden, hvilket g\u00f8r ordningen attraktiv for b\u00e5de arbejdsgiver og medarbejder.<\/p>\n<p style=\"text-align: justify;\">Her ser vi n\u00e6rmere p\u00e5, hvad kompetencebaseret engagement er, hvilke fordele der f\u00f8lger med, hvordan det typisk organiseres, samt de juridiske rammer omkring det.<\/p>\n<h2 style=\"text-align: justify;\"><strong>Hvad betyder kompetencebaseret engagement i en virksomhed?<\/strong><\/h2>\n<p style=\"text-align: justify;\">Kompetencebaseret engagement handler om at stille medarbejderes viden og ekspertise til r\u00e5dighed for <a href=\"https:\/\/www.vita-explorers.dk\/association-globalong.html\" target=\"_blank\" rel=\"noopener\">organisationer, der arbejder for almennyttige form\u00e5l<\/a>. I stedet for at give penge eller udstyr, er det <strong>medarbejdernes kompetencer<\/strong>, der bliver sat i spil for en sag.<\/p>\n<p style=\"text-align: justify;\">Opgaverne kan v\u00e6re mangeartede: r\u00e5dgivning om ledelse, kommunikation, IT-udvikling eller strategisk sparring. I perioden <strong>forts\u00e6tter virksomheden med at l\u00f8nne medarbejderen<\/strong>. P\u00e5 den m\u00e5de kan virksomheden bidrage konkret til social og milj\u00f8m\u00e6ssig effekt.<\/p>\n<h3 style=\"text-align: justify;\"><strong>Fordele for virksomheden<\/strong><\/h3>\n<p style=\"text-align: justify;\"><a href=\"https:\/\/www.vita-explorers.dk\/blog\/humanitaer-hjaelp-for-virksomheder\/\" target=\"_blank\" rel=\"noopener\"><strong>Styrket CSR-profil<\/strong><\/a><br \/>\nKompetencebaseret engagement kan styrke virksomhedens profil som en ansvarlig akt\u00f8r. Ved at st\u00f8tte projekter, der gavner f\u00e6llesskabet, bidrager virksomheden til et tydeligere fokus p\u00e5 samfundsansvar. Det kan ogs\u00e5 styrke relationen til b\u00e5de interessenter og omverdenen.<\/p>\n<p style=\"text-align: justify;\"><strong>Udvikling af medarbejdernes kompetencer<\/strong><br \/>\nN\u00e5r medarbejdere deltager i kompetenceforl\u00f8b, m\u00f8der de nye problemstillinger og arbejdsmilj\u00f8er. Det kan give l\u00e6ring, der ligger uden for det daglige arbejde. Mange udvikler is\u00e6r soft skills som omstillingsparathed, projektledelse og samarbejde.<\/p>\n<p style=\"text-align: justify;\"><strong>Sammenhold og motivation<\/strong><br \/>\nAt bidrage til et socialt projekt kan \u00f8ge motivationen og give arbejdet ekstra mening. Medarbejdere kan opleve st\u00f8rre stolthed ved at se effekten af deres indsats, og f\u00e6lles forl\u00f8b kan styrke sammenholdet i teamet.<\/p>\n<h3 style=\"text-align: justify;\"><strong>Fordele for medarbejdere, der deltager<\/strong><\/h3>\n<p style=\"text-align: justify;\"><a href=\"https:\/\/www.vita-explorers.dk\/blog\/hvordan-sender-du-dine-medarbejdere-paa-internationalt-forloeb\/\" target=\"_blank\" rel=\"noopener\">Medarbejdere<\/a> f\u00e5r ogs\u00e5 mange gevinster af kompetencebaseret engagement. De kan opleve at blive anerkendt for deres faglighed, n\u00e5r de bruger deres erfaring til gavn for et form\u00e5l, der r\u00e6kker ud over virksomheden. At bidrage til almennyttige indsatser kan give ny mening i arbejdslivet og styrke trivsel og engagement.<\/p>\n<p style=\"text-align: justify;\"><strong>Styrkede kompetencer<\/strong><br \/>\nI m\u00f8det med nye udfordringer kan medarbejdere <a href=\"https:\/\/www.vita-explorers.dk\/blog\/tv\u00e6rg\u00e5ende-kompetencer-soft-skills\/\" target=\"_blank\" rel=\"noopener\">udvikle supplerende kompetencer<\/a>. Mange l\u00e6rer at navigere i rammer med f\u00e6rre ressourcer, hvilket kan styrke deres faglige fleksibilitet. Det kan ogs\u00e5 l\u00f8fte deres samarbejde og kommunikation.<\/p>\n<p style=\"text-align: justify;\"><strong>Personlig tilfredshed<\/strong><br \/>\nAt engagere sig i sociale form\u00e5l kan give stor personlig tilfredshed. Oplevelsen af at g\u00f8re noget nyttigt uden for den almindelige jobramme kan styrke motivation og arbejdsgl\u00e6de.<\/p>\n<h3 style=\"text-align: justify;\"><strong>Hvordan fungerer kompetencebaseret engagement i praksis?<\/strong><\/h3>\n<p style=\"text-align: justify;\">For at et kompetenceforl\u00f8b fungerer godt, kr\u00e6ver det en tydelig proces. Her er de vigtigste elementer, man typisk b\u00f8r have styr p\u00e5, n\u00e5r man etablerer denne type indsats.<\/p>\n<p style=\"text-align: justify;\"><strong>1. Afklaring af behov<\/strong><br \/>\nProcessen starter med at afklare behovene hos de organisationer, der skal have gl\u00e6de af indsatsen. De kan eftersp\u00f8rge specifikke kompetencer inden for fx \u00f8konomi, marketing eller IT-udvikling. M\u00e5let er at forst\u00e5 udfordringerne, s\u00e5 st\u00f8tten bliver relevant og effektiv.<\/p>\n<p style=\"text-align: justify;\"><strong>2. Udv\u00e6lgelse af medarbejdere<\/strong><br \/>\nN\u00e5r behovene er tydelige, skal virksomheden finde de medarbejdere, der bedst kan bidrage. Ofte bygger <strong>kompetencebaseret engagement<\/strong> p\u00e5 <a href=\"https:\/\/www.vita-explorers.dk\/volontariat-international.html\">frivillighed<\/a>. Medarbejdere skal have lyst og motivation til at g\u00e5 ind i opgaven med engagement.<\/p>\n<p style=\"text-align: justify;\"><strong>3. Varighed og rammer<\/strong><br \/>\nIndsatsen kan v\u00e6re kortvarig eller str\u00e6kke sig over flere m\u00e5neder. Rammerne aftales p\u00e5 forh\u00e5nd, s\u00e5 medarbejderen kan l\u00f8fte opgaven uden at miste overblik over de almindelige arbejdsforpligtelser. <strong>I hele perioden f\u00e5r medarbejderen stadig l\u00f8n fra virksomheden.<\/strong><\/p>\n<p style=\"text-align: justify;\"><strong>4. Opf\u00f8lgning og evaluering<\/strong><br \/>\nN\u00e5r forl\u00f8bet er afsluttet, er det vigtigt at f\u00f8lge op og vurdere effekten. Evalueringen viser, om m\u00e5lene er n\u00e5et, og giver samtidig v\u00e6rdifulde erfaringer til fremtidige kompetenceforl\u00f8b.<\/p>\n<h3 style=\"text-align: justify;\"><strong>Juridiske rammer for kompetencebaseret engagement<\/strong><\/h3>\n<p style=\"text-align: justify;\">I Frankrig er <strong>kompetencebaseret engagement<\/strong> reguleret af lovgivning \u2013 is\u00e6r <a href=\"https:\/\/www.culture.gouv.fr\/actualites\/20-ans-de-la-loi-Aillagon-la-mutation-du-paysage-francais-du-mecenat#:~:text=Adopt%C3%A9e%20le%201er%20ao%C3%BBt%202003,'int%C3%A9r%C3%AAt%20g%C3%A9n%C3%A9ral%2C%20notamment%20culturelles.\" target=\"_blank\" rel=\"noopener\"><strong>Aillagon-loven fra 2003<\/strong><\/a>. Den g\u00f8r det muligt for virksomheder at f\u00e5 skattem\u00e6ssige fordele, n\u00e5r de engagerer sig i denne type st\u00f8tte.<\/p>\n<p style=\"text-align: justify;\"><strong>Virksomheder kan fradrage 60 % af den l\u00f8n, der udbetales til medarbejdere, som deltager i kompetenceforl\u00f8b<\/strong>, op til en gr\u00e6nse p\u00e5 0,5 % af oms\u00e6tningen. Det g\u00f8r ordningen interessant for mange virksomheder, der \u00f8nsker at integrere kompetencebaseret engagement i deres CSR-arbejde.<\/p>\n<h3 style=\"text-align: justify;\"><strong>Forskellige former for kompetencebaseret engagement<\/strong><\/h3>\n<p style=\"text-align: justify;\">Der findes flere m\u00e5der at tilrettel\u00e6gge <strong>kompetencebaseret engagement<\/strong> p\u00e5 \u2013 afh\u00e6ngigt af organisationens behov og medarbejdernes mulighed for at deltage.<\/p>\n<p style=\"text-align: justify;\"><strong>Korte, afgr\u00e6nsede forl\u00f8b<\/strong><br \/>\nDenne type passer til opgaver med kort varighed. Det kan fx v\u00e6re hj\u00e6lp til at planl\u00e6gge et arrangement eller r\u00e5dgivning i en afgr\u00e6nset periode.<\/p>\n<p style=\"text-align: justify;\"><strong>L\u00e6ngerevarende forl\u00f8b<\/strong><br \/>\nHer indg\u00e5r medarbejdere i en opgave, der kan str\u00e6kke sig over flere m\u00e5neder eller op til et \u00e5r. Det er mindre udbredt, men relevant ved st\u00f8rre indsatser, hvor der er behov for kontinuitet.<\/p>\n<p style=\"text-align: justify;\"><strong>Delt forl\u00f8b<\/strong><br \/>\nEn opgave kan ogs\u00e5 deles mellem flere medarbejdere. Hver person bidrager i en aftalt periode, s\u00e5 man kan bringe forskellige kompetencer i spil og samtidig begr\u00e6nse p\u00e5virkningen af virksomhedens bemanding.<\/p>\n<h3 style=\"text-align: justify;\"><strong>Hvorfor er kompetencebaseret engagement godt for samfundet?<\/strong><\/h3>\n<p style=\"text-align: justify;\">Ud over fordelene for virksomhed og medarbejdere kan kompetencebaseret engagement ogs\u00e5 skabe tydelig v\u00e6rdi for samfundet.<\/p>\n<p style=\"text-align: justify;\"><strong>Styrkede organisationer<\/strong><br \/>\nForeninger og NGO\u2019er arbejder ofte med begr\u00e6nsede ressourcer. Kompetencebaseret engagement giver adgang til faglig hj\u00e6lp af h\u00f8j kvalitet uden direkte omkostninger. Det kan styrke organisationens interne kapacitet og g\u00f8re det muligt at l\u00f8fte mere ambiti\u00f8se indsatser.<\/p>\n<p style=\"text-align: justify;\"><strong>St\u00f8rre social effekt<\/strong><br \/>\nN\u00e5r organisationer f\u00e5r adgang til relevante kompetencer, kan de ofte \u00f8ge effekten af deres arbejde. Det kan fx ses i bedre projektstyring, mere m\u00e5lrettet kommunikation eller st\u00e6rkere \u00f8konomistyring.<\/p>\n<h3 style=\"text-align: justify;\"><strong>Udfordringer ved kompetencebaseret engagement<\/strong><\/h3>\n<p style=\"text-align: justify;\">Som alle andre tiltag rummer kompetencebaseret engagement ogs\u00e5 udfordringer. Derfor er det vigtigt at h\u00e5ndtere dem ordentligt, s\u00e5 forl\u00f8bet bliver b\u00e6redygtigt og meningsfuldt for alle parter.<\/p>\n<p style=\"text-align: justify;\"><strong>Prioritering og planl\u00e6gning<\/strong><br \/>\nAt frigive en medarbejder til en ekstern opgave kan v\u00e6re kr\u00e6vende \u2013 s\u00e6rligt i mindre virksomheder. Det kr\u00e6ver god planl\u00e6gning, s\u00e5 ressourcer og drift fortsat h\u00e6nger sammen.<\/p>\n<p style=\"text-align: justify;\"><strong>Match mellem behov og kompetencer<\/strong><br \/>\nDet kan v\u00e6re sv\u00e6rt at finde det almennyttige projekt, der passer pr\u00e6cist til de kompetencer, virksomheden r\u00e5der over. Derfor er det vigtigt at analysere behovene grundigt og v\u00e6lge de medarbejdere, der passer bedst til opgaven.<\/p>\n<h3 style=\"text-align: justify;\"><strong>S\u00e5dan etablerer I et kompetencebaseret forl\u00f8b<\/strong><\/h3>\n<p style=\"text-align: justify;\">Hvis et kompetenceforl\u00f8b skal lykkes, er der nogle grundl\u00e6ggende skridt, der er vigtige at tage:<\/p>\n<ul style=\"text-align: justify;\">\n<li><strong>Kortl\u00e6g de kompetencer, I kan tilbyde<\/strong> : En klar oversigt over medarbejdernes kompetencer g\u00f8r det lettere at se, hvor indsatsen kan skabe mest v\u00e6rdi.<\/li>\n<li><strong>V\u00e6lg de rette samarbejder<\/strong> : V\u00e6lg organisationer og projekter, I har tillid til, s\u00e5 forl\u00f8bet bliver meningsfuldt og ordentligt for alle involverede.<\/li>\n<li><strong>Skab rum for frivillighed<\/strong> : Det er vigtigt, at deltagelsen bygger p\u00e5 lyst. Det \u00f8ger sandsynligheden for et seri\u00f8st engagement og et godt forl\u00f8b.<\/li>\n<\/ul>\n<h3 style=\"text-align: justify;\"><strong>Konklusion: En indsats, der gavner begge veje<\/strong><\/h3>\n<p style=\"text-align: justify;\"><strong>Kompetencebaseret engagement<\/strong> er en v\u00e6rdifuld mulighed for virksomheder, der vil tage socialt ansvar og samtidig udvikle og anerkende deres medarbejdere. Ved at bidrage til almennyttige projekter kan virksomheden st\u00f8tte samfundet \u2013 og samtidig styrke motivation og kompetencer internt.<\/p>\n<p style=\"text-align: justify;\">Med et gunstigt lovgrundlag og skattem\u00e6ssige fordele st\u00e5r kompetencebaseret engagement st\u00e6rkt som en relevant l\u00f8sning for virksomheder, der arbejder seri\u00f8st med ansvarlighed. Det kan v\u00e6re et effektivt greb til at styrke CSR-indsatsen og tiltr\u00e6kke medarbejdere, der \u00f8nsker at bruge deres faglighed meningsfuldt.<\/p>\n<h3 style=\"text-align: justify;\"><a href=\"https:\/\/www.vita-explorers.dk\/blog\/faq-internationalt-frivilligt-arbejde\/\" target=\"_blank\" rel=\"noopener\"><strong>FAQ<\/strong><\/a><\/h3>\n<h3 style=\"text-align: justify;\"><strong>Er kompetencebaseret engagement kun for store virksomheder?<\/strong><\/h3>\n<p style=\"text-align: justify;\">Nej. Virksomheder i alle st\u00f8rrelser kan etablere kompetencebaseret engagement \u2013 det kr\u00e6ver blot, at ressourcer og planl\u00e6gning h\u00e6nger sammen.<\/p>\n<h3 style=\"text-align: justify;\"><strong>Er kompetencebaseret engagement altid frivilligt?<\/strong><\/h3>\n<p style=\"text-align: justify;\">Ja, det bygger p\u00e5 frivillighed. Medarbejdere skal have lyst til at deltage, hvilket typisk giver et mere \u00e6rligt og stabilt engagement.<\/p>\n<h3 style=\"text-align: justify;\"><strong>Hvor l\u00e6nge varer et kompetencebaseret forl\u00f8b?<\/strong><\/h3>\n<p style=\"text-align: justify;\">Varigheden afh\u00e6nger af organisationens behov. Et forl\u00f8b kan v\u00e6re kort \u2013 fx nogle dage \u2013 eller str\u00e6kke sig over flere m\u00e5neder.<\/p>\n<h3 style=\"text-align: justify;\"><strong>Hvilke skattem\u00e6ssige fordele giver kompetencebaseret engagement?<\/strong><\/h3>\n<p style=\"text-align: justify;\">Virksomheder kan fradrage 60 % af den l\u00f8n, der udbetales til medarbejdere, som deltager i kompetenceforl\u00f8b \u2013 op til 0,5 % af virksomhedens \u00e5rlige oms\u00e6tning.<\/p>\n<h3 style=\"text-align: justify;\"><strong>F\u00e5r medarbejdere stadig l\u00f8n under et forl\u00f8b?<\/strong><\/h3>\n<p style=\"text-align: justify;\">Ja, medarbejdere er fortsat l\u00f8nnet af virksomheden under hele kompetenceforl\u00f8bet.<\/p>\n<h3 style=\"text-align: justify;\"><strong>Kan kompetencebaseret engagement bruges i alle brancher?<\/strong><\/h3>\n<p style=\"text-align: justify;\">Ja. Uanset branche kan virksomhedens kompetencer bruges i indsatser med socialt eller milj\u00f8m\u00e6ssigt fokus.<\/p>\n<p class=\"p4\" style=\"text-align: center;\"><strong>Vil du vide mere, er du velkommen til at kontakte os p\u00e5 <a href=\"mailto:info@globalong.com\"><span class=\"s2\">info@globalong.com<\/span><\/a><\/strong><\/p>\n<p class=\"p4\" style=\"text-align: center;\"><strong>F\u00f8lg med<\/strong><\/p>\n<p class=\"p4\" style=\"text-align: center;\"><strong>Vil du vide mere om VITA Institute og vores community, s\u00e5 find os p\u00e5 <a href=\"https:\/\/www.instagram.com\/globalongofficiel\/\"><span class=\"s2\">Instagram<\/span><\/a>, <a href=\"https:\/\/www.facebook.com\/globalong\"><span class=\"s2\">Facebook<\/span><\/a>, <a href=\"https:\/\/www.linkedin.com\/company\/5113177\/admin\/feed\/posts\/\"><span class=\"s2\">LinkedIn<\/span><\/a> og <a href=\"https:\/\/www.youtube.com\/c\/globalong\/videos\"><span class=\"s2\">YouTube<\/span><\/a>!<\/strong><\/p>\n<div class=\"ti-widget ti-goog\" data-layout-id=\"4\" data-set-id=\"light-background\" data-pid=\"\" data-language=\"fr\" data-version=\"2\" data-review-target-width=\"300\" data-review-text-mode=\"readmore\" data-pager-autoplay-timeout=\"6\" > <div class=\"ti-widget-container ti-col-3\"> <div class=\"ti-reviews-container\"> <div class=\"ti-controls\"> <div class=\"ti-next\" aria-label=\"Avis suivante\" role=\"button\"><\/div> <div class=\"ti-prev\" aria-label=\"Avis pr\u00e9c\u00e9dent\" role=\"button\"><\/div> <\/div> <div class=\"ti-reviews-container-wrapper\">  <div data-empty=\"0\" class=\"ti-review-item source-Google ti-image-layout-thumbnail\" data-id=\"cfcd208495d565ef66e7dff9f98764da\" > <div class=\"ti-inner\"> <div class=\"ti-review-header\"> <div class=\"ti-profile-img\"> <img decoding=\"async\" src=\"https:\/\/lh3.googleusercontent.com\/a\/ACg8ocKpaoKe37CD0_POxO97KqB60GsWQRsIuG2vmCfXT-W_FY44vw=s120-c-rp-mo-br100\" srcset=\"https:\/\/lh3.googleusercontent.com\/a\/ACg8ocKpaoKe37CD0_POxO97KqB60GsWQRsIuG2vmCfXT-W_FY44vw=s120-c-rp-mo-br100 2x\" alt=\"Lucie Correia\" loading=\"lazy\" \/> <\/div> <div class=\"ti-profile-details\"> <div class=\"ti-name\"> Lucie Correia <\/div> <div class=\"ti-date\">2024-10-17<\/div> <\/div> <\/div> <span class=\"ti-stars\"><span class=\"ti-star f\"><\/span><span class=\"ti-star f\"><\/span><span class=\"ti-star f\"><\/span><span class=\"ti-star f\"><\/span><span class=\"ti-star f\"><\/span><\/span> <div class=\"ti-review-text-container ti-review-content\"><!-- R-CONTENT -->La communication avec Globalong est super, personnes tr\u00e8s pr\u00e9sentes pour les b\u00e9n\u00e9voles et \u00e9tudiants partant avec cette association. Elles r\u00e9pondent \u00e0 toutes nos questions et sont tr\u00e8s accessibles au t\u00e9l\u00e9phone.<!-- R-CONTENT --><\/div> <span class=\"ti-read-more\" data-container=\".ti-review-content\" data-collapse-text=\"Cacher\" data-open-text=\"Lire la suite\" ><\/span> <\/div> <\/div>  <div data-empty=\"0\" class=\"ti-review-item source-Google ti-image-layout-thumbnail\" data-id=\"cfcd208495d565ef66e7dff9f98764da\" > <div class=\"ti-inner\"> <div class=\"ti-review-header\"> <div class=\"ti-profile-img\"> <img decoding=\"async\" src=\"https:\/\/lh3.googleusercontent.com\/a-\/ALV-UjWqnnzM7-7c9BDqeTDF-a7pOgNjvLkJ3WshRd_Tn7z0Eu-AGQwo=s120-c-rp-mo-br100\" srcset=\"https:\/\/lh3.googleusercontent.com\/a-\/ALV-UjWqnnzM7-7c9BDqeTDF-a7pOgNjvLkJ3WshRd_Tn7z0Eu-AGQwo=s120-c-rp-mo-br100 2x\" alt=\"Ra\u00efssa Frisch\" loading=\"lazy\" \/> <\/div> <div class=\"ti-profile-details\"> <div class=\"ti-name\"> Ra\u00efssa Frisch <\/div> <div class=\"ti-date\">2024-10-14<\/div> <\/div> <\/div> <span class=\"ti-stars\"><span class=\"ti-star f\"><\/span><span class=\"ti-star f\"><\/span><span class=\"ti-star f\"><\/span><span class=\"ti-star f\"><\/span><span class=\"ti-star f\"><\/span><\/span> <div class=\"ti-review-text-container ti-review-content\"><!-- R-CONTENT -->J\u2019ai d\u00e9j\u00e0 eu l\u2019opportunit\u00e9 de r\u00e9aliser deux projets humanitaires avec l\u2019association Globalong. Je ne peux que la recommander, car j\u2019ai toujours b\u00e9n\u00e9fici\u00e9 d\u2019un excellent accompagnement, aussi bien avant que pendant le voyage. On ne vous laisse pas vous d\u00e9brouiller seuls, bien au contraire, vous \u00eates tr\u00e8s bien encadr\u00e9s pour accomplir toutes les d\u00e9marches dans les d\u00e9lais.\n\nAu-del\u00e0 du suivi, les exp\u00e9riences humanitaires propos\u00e9es par Globalong ne peuvent que transformer votre vie de mani\u00e8re positive. Elles vous apportent une richesse humaine inestimable.<!-- R-CONTENT --><\/div> <span class=\"ti-read-more\" data-container=\".ti-review-content\" data-collapse-text=\"Cacher\" data-open-text=\"Lire la suite\" ><\/span> <\/div> <\/div>  <div data-empty=\"0\" class=\"ti-review-item source-Google ti-image-layout-thumbnail\" data-id=\"cfcd208495d565ef66e7dff9f98764da\" > <div class=\"ti-inner\"> <div class=\"ti-review-header\"> <div class=\"ti-profile-img\"> <img decoding=\"async\" src=\"https:\/\/lh3.googleusercontent.com\/a\/ACg8ocJL-Dxv25YkXK2QwWPNRxTVqZCv5uTmDQDFg5qslKra3vRZew=s120-c-rp-mo-br100\" srcset=\"https:\/\/lh3.googleusercontent.com\/a\/ACg8ocJL-Dxv25YkXK2QwWPNRxTVqZCv5uTmDQDFg5qslKra3vRZew=s120-c-rp-mo-br100 2x\" alt=\"Tara Turan\" loading=\"lazy\" \/> <\/div> <div class=\"ti-profile-details\"> <div class=\"ti-name\"> Tara Turan <\/div> <div class=\"ti-date\">2024-10-14<\/div> <\/div> <\/div> <span class=\"ti-stars\"><span class=\"ti-star f\"><\/span><span class=\"ti-star f\"><\/span><span class=\"ti-star f\"><\/span><span class=\"ti-star f\"><\/span><span class=\"ti-star f\"><\/span><\/span> <div class=\"ti-review-text-container ti-review-content\"><!-- R-CONTENT -->Une des meilleures associations que j\u2019ai pu faire !\nUne organisation et un suivi vraiment parfait, c\u2019est avec grand plaisir que je referai un projet avec eux.<!-- R-CONTENT --><\/div> <span class=\"ti-read-more\" data-container=\".ti-review-content\" data-collapse-text=\"Cacher\" data-open-text=\"Lire la suite\" ><\/span> <\/div> <\/div>  <div data-empty=\"0\" class=\"ti-review-item source-Google ti-image-layout-thumbnail\" data-id=\"cfcd208495d565ef66e7dff9f98764da\" > <div class=\"ti-inner\"> <div class=\"ti-review-header\"> <div class=\"ti-profile-img\"> <img decoding=\"async\" src=\"https:\/\/lh3.googleusercontent.com\/a\/ACg8ocLctTPNovSk3eKM0b_MIPOfcFEQsz2135Cdu59_BWRVsIYC7Q=s120-c-rp-mo-br100\" srcset=\"https:\/\/lh3.googleusercontent.com\/a\/ACg8ocLctTPNovSk3eKM0b_MIPOfcFEQsz2135Cdu59_BWRVsIYC7Q=s120-c-rp-mo-br100 2x\" alt=\"Repiquet Julie\" loading=\"lazy\" \/> <\/div> <div class=\"ti-profile-details\"> <div class=\"ti-name\"> Repiquet Julie <\/div> <div class=\"ti-date\">2024-10-13<\/div> <\/div> <\/div> <span class=\"ti-stars\"><span class=\"ti-star f\"><\/span><span class=\"ti-star f\"><\/span><span class=\"ti-star f\"><\/span><span class=\"ti-star f\"><\/span><span class=\"ti-star f\"><\/span><\/span> <div class=\"ti-review-text-container ti-review-content\"><!-- R-CONTENT -->Tr\u00e8s bon accompagnement de la part de Globalong, du premier jour avec toutes mes interrogations, jusqu'au d\u00e9part dans quelques jours. Le dossier transmis apr\u00e8s validation de la mission est plus que complet, les webmaster tr\u00e8s int\u00e9ressantes et permettent de d\u00e9charger mentalement ce genre de pr\u00e9paration, tout est pr\u00e9vu il n'y a plus qu'\u00e0 suivre ! Merci \u00e0 Florence de r\u00e9pondre \u00e0 toutes mes questions avec gentillesse et bienveillance, cela m'a permis de passer le cap!\nMaintenant, il n'y a plus qu'\u00e0 \ud83d\ude00<!-- R-CONTENT --><\/div> <span class=\"ti-read-more\" data-container=\".ti-review-content\" data-collapse-text=\"Cacher\" data-open-text=\"Lire la suite\" ><\/span> <\/div> <\/div>  <div data-empty=\"0\" class=\"ti-review-item source-Google ti-image-layout-thumbnail\" data-id=\"cfcd208495d565ef66e7dff9f98764da\" > <div class=\"ti-inner\"> <div class=\"ti-review-header\"> <div class=\"ti-profile-img\"> <img decoding=\"async\" src=\"https:\/\/lh3.googleusercontent.com\/a\/ACg8ocJJTdmTWs8nAA0yuH_cKOUgzc6GFAkHBiXhpnnVYXaWMBZsHw=s120-c-rp-mo-br100\" srcset=\"https:\/\/lh3.googleusercontent.com\/a\/ACg8ocJJTdmTWs8nAA0yuH_cKOUgzc6GFAkHBiXhpnnVYXaWMBZsHw=s120-c-rp-mo-br100 2x\" alt=\"Marine Guilhamat\" loading=\"lazy\" \/> <\/div> <div class=\"ti-profile-details\"> <div class=\"ti-name\"> Marine Guilhamat <\/div> <div class=\"ti-date\">2024-10-09<\/div> <\/div> <\/div> <span class=\"ti-stars\"><span class=\"ti-star f\"><\/span><span class=\"ti-star f\"><\/span><span class=\"ti-star f\"><\/span><span class=\"ti-star f\"><\/span><span class=\"ti-star f\"><\/span><\/span> <div class=\"ti-review-text-container ti-review-content\"><!-- R-CONTENT -->Tr\u00e8s belle association qui offre un cadre super s\u00e9curisant et permet de s\u2019investir dans des projets qui ont du sens. Merci \u00e0 l\u2019\u00e9quipe Globalong pour votre disponibilit\u00e9, gentillesse et accompagnement !<!-- R-CONTENT --><\/div> <span class=\"ti-read-more\" data-container=\".ti-review-content\" data-collapse-text=\"Cacher\" data-open-text=\"Lire la suite\" ><\/span> <\/div> <\/div>  <div data-empty=\"0\" class=\"ti-review-item source-Google ti-image-layout-thumbnail\" data-id=\"cfcd208495d565ef66e7dff9f98764da\" > <div class=\"ti-inner\"> <div class=\"ti-review-header\"> <div class=\"ti-profile-img\"> <img decoding=\"async\" src=\"https:\/\/lh3.googleusercontent.com\/a\/ACg8ocIgITHXKo46qgJyPqlJeAcxz11gCKUJpGIk2qauiIe2O3iZ6w=s120-c-rp-mo-br100\" srcset=\"https:\/\/lh3.googleusercontent.com\/a\/ACg8ocIgITHXKo46qgJyPqlJeAcxz11gCKUJpGIk2qauiIe2O3iZ6w=s120-c-rp-mo-br100 2x\" alt=\"Laura Mercier\" loading=\"lazy\" \/> <\/div> <div class=\"ti-profile-details\"> <div class=\"ti-name\"> Laura Mercier <\/div> <div class=\"ti-date\">2024-10-08<\/div> <\/div> <\/div> <span class=\"ti-stars\"><span class=\"ti-star f\"><\/span><span class=\"ti-star f\"><\/span><span class=\"ti-star f\"><\/span><span class=\"ti-star f\"><\/span><span class=\"ti-star f\"><\/span><\/span> <div class=\"ti-review-text-container ti-review-content\"><!-- R-CONTENT -->Mon d\u00e9part approche, je pars dans une semaine, et depuis le d\u00e9but de mon inscription je suis tr\u00e8s satisfaite du suivi effectu\u00e9 par l\u2019association. Ils sont tr\u00e8s disponibles et r\u00e9pondent rapidement \u00e0 l\u2019ensemble des questions. Je suis tr\u00e8s contente de partir faire cette mission humanitaire encadr\u00e9e par cette association. Je recommande vraiment.<!-- R-CONTENT --><\/div> <span class=\"ti-read-more\" data-container=\".ti-review-content\" data-collapse-text=\"Cacher\" data-open-text=\"Lire la suite\" ><\/span> <\/div> <\/div>  <div data-empty=\"0\" class=\"ti-review-item source-Google ti-image-layout-thumbnail\" data-id=\"cfcd208495d565ef66e7dff9f98764da\" > <div class=\"ti-inner\"> <div class=\"ti-review-header\"> <div class=\"ti-profile-img\"> <img decoding=\"async\" src=\"https:\/\/lh3.googleusercontent.com\/a-\/ALV-UjVVr0YMQhXl8QNEEB32l-rnoaYwvRZUjIEX9OEwPE_1fQwzIyk=s120-c-rp-mo-br100\" srcset=\"https:\/\/lh3.googleusercontent.com\/a-\/ALV-UjVVr0YMQhXl8QNEEB32l-rnoaYwvRZUjIEX9OEwPE_1fQwzIyk=s120-c-rp-mo-br100 2x\" alt=\"Anouk Rzkt\" loading=\"lazy\" \/> <\/div> <div class=\"ti-profile-details\"> <div class=\"ti-name\"> Anouk Rzkt <\/div> <div class=\"ti-date\">2024-10-02<\/div> <\/div> <\/div> <span class=\"ti-stars\"><span class=\"ti-star f\"><\/span><span class=\"ti-star f\"><\/span><span class=\"ti-star f\"><\/span><span class=\"ti-star f\"><\/span><span class=\"ti-star f\"><\/span><\/span> <div class=\"ti-review-text-container ti-review-content\"><!-- R-CONTENT -->Globalong est l'association parfaite. L'\u00e9quipe offre un v\u00e9ritable accompagnement rythm\u00e9 par beaucoup de conseils et d'\u00e9coute. Le site est tr\u00e8s bien fait avec des dossiers complets allant des sujets tr\u00e8s pratiques a d'autres plus th\u00e9oriques (tels que le choc culturel par exemple). Je recommande vivement et remercie sinc\u00e8rement toute l'\u00e9quipe pour leur gentillesse et investissement !<!-- R-CONTENT --><\/div> <span class=\"ti-read-more\" data-container=\".ti-review-content\" data-collapse-text=\"Cacher\" data-open-text=\"Lire la suite\" ><\/span> <\/div> <\/div>  <\/div> <div class=\"ti-controls-line\"> <div class=\"dot\"><\/div> <\/div> <\/div> <div class=\"ti-footer\"> <div class=\"ti-rating-text\"> <span class=\"nowrap\">\u00c9valuation <strong>Google<\/strong> : <\/span><span class=\"nowrap\"><strong>4.8<\/strong> sur 5, <\/span><span class=\"nowrap\">Bas\u00e9e sur <strong>240 avis<\/strong><\/span> <\/div> <\/div>  <\/div> <\/div> \n","protected":false},"excerpt":{"rendered":"<p>Kompetencebaseret engagement: En ny m\u00e5de for virksomheder at tage socialt ansvar Kompetencebaseret engagement bliver i stigende grad en del af virksomheders strategier for samfundsansvar\u2026<\/p>\n","protected":false},"author":7,"featured_media":15227,"comment_status":"open","ping_status":"open","sticky":false,"template":"","format":"standard","meta":{"footnotes":""},"categories":[8,6,4],"tags":[],"yoast_head":"<!-- This site is optimized with the Yoast SEO Premium plugin v23.4 (Yoast SEO v23.4) - https:\/\/yoast.com\/wordpress\/plugins\/seo\/ -->\n<title>Kompetencebaseret pro bono i virksomheder - VITA Explorers Blog<\/title>\n<meta name=\"description\" content=\"D\u00e9couvrez le m\u00e9c\u00e9nat de comp\u00e9tences en entreprise et comment il permet de concilier engagement social et d\u00e9veloppement professionnel.\" \/>\n<meta name=\"robots\" content=\"index, follow, max-snippet:-1, max-image-preview:large, max-video-preview:-1\" \/>\n<link rel=\"canonical\" href=\"https:\/\/www.vita-explorers.dk\/blog\/kompetencebaseret-pro-bono-i-virksomheder\/\" \/>\n<meta property=\"og:locale\" content=\"da_DK\" \/>\n<meta property=\"og:type\" content=\"article\" \/>\n<meta property=\"og:title\" content=\"Tout savoir sur le m\u00e9c\u00e9nat de comp\u00e9tences en entreprise\" \/>\n<meta property=\"og:description\" content=\"Offrez votre expertise en entreprise gr\u00e2ce au m\u00e9c\u00e9nat de comp\u00e9tences.\" \/>\n<meta property=\"og:url\" content=\"https:\/\/www.vita-explorers.dk\/blog\/kompetencebaseret-pro-bono-i-virksomheder\/\" \/>\n<meta property=\"og:site_name\" content=\"VITA Explorers Blog\" \/>\n<meta property=\"article:publisher\" content=\"https:\/\/www.facebook.com\/globalong\" \/>\n<meta property=\"article:published_time\" content=\"2024-10-16T04:01:41+00:00\" \/>\n<meta property=\"article:modified_time\" content=\"2024-11-18T12:18:33+00:00\" \/>\n<meta property=\"og:image\" content=\"https:\/\/www.vita-explorers.dk\/blog\/wp-content\/uploads\/2023\/03\/adhe\u0301rentes-a\u0300-Madagascar.jpg\" \/>\n\t<meta property=\"og:image:width\" content=\"960\" \/>\n\t<meta property=\"og:image:height\" content=\"720\" \/>\n\t<meta property=\"og:image:type\" content=\"image\/jpeg\" \/>\n<meta name=\"author\" content=\"VITA Tribe\" \/>\n<meta name=\"twitter:card\" content=\"summary_large_image\" \/>\n<meta name=\"twitter:title\" content=\"Kompetencebaseret pro bono i virksomheder\" \/>\n<meta name=\"twitter:label1\" content=\"Skrevet af\" \/>\n\t<meta name=\"twitter:data1\" content=\"VITA Tribe\" \/>\n\t<meta name=\"twitter:label2\" content=\"Estimeret l\u00e6setid\" \/>\n\t<meta name=\"twitter:data2\" content=\"9 minutter\" \/>\n<script type=\"application\/ld+json\" class=\"yoast-schema-graph\">{\"@context\":\"https:\/\/schema.org\",\"@graph\":[{\"@type\":\"Article\",\"@id\":\"https:\/\/www.vita-explorers.dk\/blog\/kompetencebaseret-pro-bono-i-virksomheder\/#article\",\"isPartOf\":{\"@id\":\"https:\/\/www.vita-explorers.dk\/blog\/kompetencebaseret-pro-bono-i-virksomheder\/\"},\"author\":{\"name\":\"VITA Tribe\",\"@id\":\"https:\/\/www.vita-explorers.dk\/blog\/#\/schema\/person\/fc0343a2f2db2ebb2793c1f62dbe73f0\"},\"headline\":\"Kompetencebaseret pro bono i virksomheder\",\"datePublished\":\"2024-10-16T04:01:41+00:00\",\"dateModified\":\"2024-11-18T12:18:33+00:00\",\"mainEntityOfPage\":{\"@id\":\"https:\/\/www.vita-explorers.dk\/blog\/kompetencebaseret-pro-bono-i-virksomheder\/\"},\"wordCount\":1511,\"commentCount\":0,\"publisher\":{\"@id\":\"https:\/\/www.vita-explorers.dk\/blog\/#organization\"},\"image\":{\"@id\":\"https:\/\/www.vita-explorers.dk\/blog\/kompetencebaseret-pro-bono-i-virksomheder\/#primaryimage\"},\"thumbnailUrl\":\"https:\/\/www.vita-explorers.dk\/blog\/wp-content\/uploads\/2023\/03\/adhe\u0301rentes-a\u0300-Madagascar.jpg\",\"articleSection\":[\"Humanit\u00e6rt frivilligt arbejde\",\"Nyheder\",\"VITA Explorers\"],\"inLanguage\":\"da-DK\",\"potentialAction\":[{\"@type\":\"CommentAction\",\"name\":\"Comment\",\"target\":[\"https:\/\/www.vita-explorers.dk\/blog\/kompetencebaseret-pro-bono-i-virksomheder\/#respond\"]}]},{\"@type\":\"WebPage\",\"@id\":\"https:\/\/www.vita-explorers.dk\/blog\/kompetencebaseret-pro-bono-i-virksomheder\/\",\"url\":\"https:\/\/www.vita-explorers.dk\/blog\/kompetencebaseret-pro-bono-i-virksomheder\/\",\"name\":\"Kompetencebaseret pro bono i virksomheder - VITA Explorers Blog\",\"isPartOf\":{\"@id\":\"https:\/\/www.vita-explorers.dk\/blog\/#website\"},\"primaryImageOfPage\":{\"@id\":\"https:\/\/www.vita-explorers.dk\/blog\/kompetencebaseret-pro-bono-i-virksomheder\/#primaryimage\"},\"image\":{\"@id\":\"https:\/\/www.vita-explorers.dk\/blog\/kompetencebaseret-pro-bono-i-virksomheder\/#primaryimage\"},\"thumbnailUrl\":\"https:\/\/www.vita-explorers.dk\/blog\/wp-content\/uploads\/2023\/03\/adhe\u0301rentes-a\u0300-Madagascar.jpg\",\"datePublished\":\"2024-10-16T04:01:41+00:00\",\"dateModified\":\"2024-11-18T12:18:33+00:00\",\"description\":\"D\u00e9couvrez le m\u00e9c\u00e9nat de comp\u00e9tences en entreprise et comment il permet de concilier engagement social et d\u00e9veloppement professionnel.\",\"breadcrumb\":{\"@id\":\"https:\/\/www.vita-explorers.dk\/blog\/kompetencebaseret-pro-bono-i-virksomheder\/#breadcrumb\"},\"inLanguage\":\"da-DK\",\"potentialAction\":[{\"@type\":\"ReadAction\",\"target\":[\"https:\/\/www.vita-explorers.dk\/blog\/kompetencebaseret-pro-bono-i-virksomheder\/\"]}]},{\"@type\":\"ImageObject\",\"inLanguage\":\"da-DK\",\"@id\":\"https:\/\/www.vita-explorers.dk\/blog\/kompetencebaseret-pro-bono-i-virksomheder\/#primaryimage\",\"url\":\"https:\/\/www.vita-explorers.dk\/blog\/wp-content\/uploads\/2023\/03\/adhe\u0301rentes-a\u0300-Madagascar.jpg\",\"contentUrl\":\"https:\/\/www.vita-explorers.dk\/blog\/wp-content\/uploads\/2023\/03\/adhe\u0301rentes-a\u0300-Madagascar.jpg\",\"width\":960,\"height\":720,\"caption\":\"D\u00e9couvrez les projets humanitaires \u00e0 Madagascar\"},{\"@type\":\"BreadcrumbList\",\"@id\":\"https:\/\/www.vita-explorers.dk\/blog\/kompetencebaseret-pro-bono-i-virksomheder\/#breadcrumb\",\"itemListElement\":[{\"@type\":\"ListItem\",\"position\":1,\"name\":\"Accueil\",\"item\":\"https:\/\/www.vita-explorers.dk\/blog\/\"},{\"@type\":\"ListItem\",\"position\":2,\"name\":\"Kompetencebaseret pro bono i virksomheder\"}]},{\"@type\":\"WebSite\",\"@id\":\"https:\/\/www.vita-explorers.dk\/blog\/#website\",\"url\":\"https:\/\/www.vita-explorers.dk\/blog\/\",\"name\":\"Association Globalong\",\"description\":\"Frivilligt arbejde, sprogophold, praktik i udlandet og internationale oplevelser\",\"publisher\":{\"@id\":\"https:\/\/www.vita-explorers.dk\/blog\/#organization\"},\"potentialAction\":[{\"@type\":\"SearchAction\",\"target\":{\"@type\":\"EntryPoint\",\"urlTemplate\":\"https:\/\/www.vita-explorers.dk\/blog\/?s={search_term_string}\"},\"query-input\":{\"@type\":\"PropertyValueSpecification\",\"valueRequired\":true,\"valueName\":\"search_term_string\"}}],\"inLanguage\":\"da-DK\"},{\"@type\":\"Organization\",\"@id\":\"https:\/\/www.vita-explorers.dk\/blog\/#organization\",\"name\":\"Association Globalong\",\"url\":\"https:\/\/www.vita-explorers.dk\/blog\/\",\"logo\":{\"@type\":\"ImageObject\",\"inLanguage\":\"da-DK\",\"@id\":\"https:\/\/www.vita-explorers.dk\/blog\/#\/schema\/logo\/image\/\",\"url\":\"https:\/\/www.globalong.com\/blog\/wp-content\/uploads\/2014\/11\/cropped-cropped-Logo-et-Afrique-Globalong-petite-taille-2.jpg\",\"contentUrl\":\"https:\/\/www.globalong.com\/blog\/wp-content\/uploads\/2014\/11\/cropped-cropped-Logo-et-Afrique-Globalong-petite-taille-2.jpg\",\"width\":512,\"height\":512,\"caption\":\"Association Globalong\"},\"image\":{\"@id\":\"https:\/\/www.vita-explorers.dk\/blog\/#\/schema\/logo\/image\/\"},\"sameAs\":[\"https:\/\/www.facebook.com\/globalong\"]},{\"@type\":\"Person\",\"@id\":\"https:\/\/www.vita-explorers.dk\/blog\/#\/schema\/person\/fc0343a2f2db2ebb2793c1f62dbe73f0\",\"name\":\"VITA Tribe\",\"image\":{\"@type\":\"ImageObject\",\"inLanguage\":\"da-DK\",\"@id\":\"https:\/\/www.vita-explorers.dk\/blog\/#\/schema\/person\/image\/\",\"url\":\"https:\/\/secure.gravatar.com\/avatar\/f7f05026bb439d0c96b30e135e5f852c?s=96&d=mm&r=g\",\"contentUrl\":\"https:\/\/secure.gravatar.com\/avatar\/f7f05026bb439d0c96b30e135e5f852c?s=96&d=mm&r=g\",\"caption\":\"VITA Tribe\"},\"sameAs\":[\"http:\/\/www.globalong.com\"],\"url\":\"https:\/\/www.vita-explorers.dk\/blog\/author\/teamglobalong\/\"}]}<\/script>\n<!-- \/ Yoast SEO Premium plugin. -->","yoast_head_json":{"title":"Kompetencebaseret pro bono i virksomheder - VITA Explorers Blog","description":"D\u00e9couvrez le m\u00e9c\u00e9nat de comp\u00e9tences en entreprise et comment il permet de concilier engagement social et d\u00e9veloppement professionnel.","robots":{"index":"index","follow":"follow","max-snippet":"max-snippet:-1","max-image-preview":"max-image-preview:large","max-video-preview":"max-video-preview:-1"},"canonical":"https:\/\/www.vita-explorers.dk\/blog\/kompetencebaseret-pro-bono-i-virksomheder\/","og_locale":"da_DK","og_type":"article","og_title":"Tout savoir sur le m\u00e9c\u00e9nat de comp\u00e9tences en entreprise","og_description":"Offrez votre expertise en entreprise gr\u00e2ce au m\u00e9c\u00e9nat de comp\u00e9tences.","og_url":"https:\/\/www.vita-explorers.dk\/blog\/kompetencebaseret-pro-bono-i-virksomheder\/","og_site_name":"VITA Explorers Blog","article_publisher":"https:\/\/www.facebook.com\/globalong","article_published_time":"2024-10-16T04:01:41+00:00","article_modified_time":"2024-11-18T12:18:33+00:00","og_image":[{"width":960,"height":720,"url":"https:\/\/www.vita-explorers.dk\/blog\/wp-content\/uploads\/2023\/03\/adhe\u0301rentes-a\u0300-Madagascar.jpg","type":"image\/jpeg"}],"author":"VITA Tribe","twitter_card":"summary_large_image","twitter_title":"Kompetencebaseret pro bono i virksomheder","twitter_misc":{"Skrevet af":"VITA Tribe","Estimeret l\u00e6setid":"9 minutter"},"schema":{"@context":"https:\/\/schema.org","@graph":[{"@type":"Article","@id":"https:\/\/www.vita-explorers.dk\/blog\/kompetencebaseret-pro-bono-i-virksomheder\/#article","isPartOf":{"@id":"https:\/\/www.vita-explorers.dk\/blog\/kompetencebaseret-pro-bono-i-virksomheder\/"},"author":{"name":"VITA Tribe","@id":"https:\/\/www.vita-explorers.dk\/blog\/#\/schema\/person\/fc0343a2f2db2ebb2793c1f62dbe73f0"},"headline":"Kompetencebaseret pro bono i virksomheder","datePublished":"2024-10-16T04:01:41+00:00","dateModified":"2024-11-18T12:18:33+00:00","mainEntityOfPage":{"@id":"https:\/\/www.vita-explorers.dk\/blog\/kompetencebaseret-pro-bono-i-virksomheder\/"},"wordCount":1511,"commentCount":0,"publisher":{"@id":"https:\/\/www.vita-explorers.dk\/blog\/#organization"},"image":{"@id":"https:\/\/www.vita-explorers.dk\/blog\/kompetencebaseret-pro-bono-i-virksomheder\/#primaryimage"},"thumbnailUrl":"https:\/\/www.vita-explorers.dk\/blog\/wp-content\/uploads\/2023\/03\/adhe\u0301rentes-a\u0300-Madagascar.jpg","articleSection":["Humanit\u00e6rt frivilligt arbejde","Nyheder","VITA Explorers"],"inLanguage":"da-DK","potentialAction":[{"@type":"CommentAction","name":"Comment","target":["https:\/\/www.vita-explorers.dk\/blog\/kompetencebaseret-pro-bono-i-virksomheder\/#respond"]}]},{"@type":"WebPage","@id":"https:\/\/www.vita-explorers.dk\/blog\/kompetencebaseret-pro-bono-i-virksomheder\/","url":"https:\/\/www.vita-explorers.dk\/blog\/kompetencebaseret-pro-bono-i-virksomheder\/","name":"Kompetencebaseret pro bono i virksomheder - VITA Explorers Blog","isPartOf":{"@id":"https:\/\/www.vita-explorers.dk\/blog\/#website"},"primaryImageOfPage":{"@id":"https:\/\/www.vita-explorers.dk\/blog\/kompetencebaseret-pro-bono-i-virksomheder\/#primaryimage"},"image":{"@id":"https:\/\/www.vita-explorers.dk\/blog\/kompetencebaseret-pro-bono-i-virksomheder\/#primaryimage"},"thumbnailUrl":"https:\/\/www.vita-explorers.dk\/blog\/wp-content\/uploads\/2023\/03\/adhe\u0301rentes-a\u0300-Madagascar.jpg","datePublished":"2024-10-16T04:01:41+00:00","dateModified":"2024-11-18T12:18:33+00:00","description":"D\u00e9couvrez le m\u00e9c\u00e9nat de comp\u00e9tences en entreprise et comment il permet de concilier engagement social et d\u00e9veloppement professionnel.","breadcrumb":{"@id":"https:\/\/www.vita-explorers.dk\/blog\/kompetencebaseret-pro-bono-i-virksomheder\/#breadcrumb"},"inLanguage":"da-DK","potentialAction":[{"@type":"ReadAction","target":["https:\/\/www.vita-explorers.dk\/blog\/kompetencebaseret-pro-bono-i-virksomheder\/"]}]},{"@type":"ImageObject","inLanguage":"da-DK","@id":"https:\/\/www.vita-explorers.dk\/blog\/kompetencebaseret-pro-bono-i-virksomheder\/#primaryimage","url":"https:\/\/www.vita-explorers.dk\/blog\/wp-content\/uploads\/2023\/03\/adhe\u0301rentes-a\u0300-Madagascar.jpg","contentUrl":"https:\/\/www.vita-explorers.dk\/blog\/wp-content\/uploads\/2023\/03\/adhe\u0301rentes-a\u0300-Madagascar.jpg","width":960,"height":720,"caption":"D\u00e9couvrez les projets humanitaires \u00e0 Madagascar"},{"@type":"BreadcrumbList","@id":"https:\/\/www.vita-explorers.dk\/blog\/kompetencebaseret-pro-bono-i-virksomheder\/#breadcrumb","itemListElement":[{"@type":"ListItem","position":1,"name":"Accueil","item":"https:\/\/www.vita-explorers.dk\/blog\/"},{"@type":"ListItem","position":2,"name":"Kompetencebaseret pro bono i virksomheder"}]},{"@type":"WebSite","@id":"https:\/\/www.vita-explorers.dk\/blog\/#website","url":"https:\/\/www.vita-explorers.dk\/blog\/","name":"Association Globalong","description":"Frivilligt arbejde, sprogophold, praktik i udlandet og internationale oplevelser","publisher":{"@id":"https:\/\/www.vita-explorers.dk\/blog\/#organization"},"potentialAction":[{"@type":"SearchAction","target":{"@type":"EntryPoint","urlTemplate":"https:\/\/www.vita-explorers.dk\/blog\/?s={search_term_string}"},"query-input":{"@type":"PropertyValueSpecification","valueRequired":true,"valueName":"search_term_string"}}],"inLanguage":"da-DK"},{"@type":"Organization","@id":"https:\/\/www.vita-explorers.dk\/blog\/#organization","name":"Association Globalong","url":"https:\/\/www.vita-explorers.dk\/blog\/","logo":{"@type":"ImageObject","inLanguage":"da-DK","@id":"https:\/\/www.vita-explorers.dk\/blog\/#\/schema\/logo\/image\/","url":"https:\/\/www.globalong.com\/blog\/wp-content\/uploads\/2014\/11\/cropped-cropped-Logo-et-Afrique-Globalong-petite-taille-2.jpg","contentUrl":"https:\/\/www.globalong.com\/blog\/wp-content\/uploads\/2014\/11\/cropped-cropped-Logo-et-Afrique-Globalong-petite-taille-2.jpg","width":512,"height":512,"caption":"Association Globalong"},"image":{"@id":"https:\/\/www.vita-explorers.dk\/blog\/#\/schema\/logo\/image\/"},"sameAs":["https:\/\/www.facebook.com\/globalong"]},{"@type":"Person","@id":"https:\/\/www.vita-explorers.dk\/blog\/#\/schema\/person\/fc0343a2f2db2ebb2793c1f62dbe73f0","name":"VITA Tribe","image":{"@type":"ImageObject","inLanguage":"da-DK","@id":"https:\/\/www.vita-explorers.dk\/blog\/#\/schema\/person\/image\/","url":"https:\/\/secure.gravatar.com\/avatar\/f7f05026bb439d0c96b30e135e5f852c?s=96&d=mm&r=g","contentUrl":"https:\/\/secure.gravatar.com\/avatar\/f7f05026bb439d0c96b30e135e5f852c?s=96&d=mm&r=g","caption":"VITA Tribe"},"sameAs":["http:\/\/www.globalong.com"],"url":"https:\/\/www.vita-explorers.dk\/blog\/author\/teamglobalong\/"}]}},"_links":{"self":[{"href":"https:\/\/www.vita-explorers.dk\/blog\/wp-json\/wp\/v2\/posts\/17702"}],"collection":[{"href":"https:\/\/www.vita-explorers.dk\/blog\/wp-json\/wp\/v2\/posts"}],"about":[{"href":"https:\/\/www.vita-explorers.dk\/blog\/wp-json\/wp\/v2\/types\/post"}],"author":[{"embeddable":true,"href":"https:\/\/www.vita-explorers.dk\/blog\/wp-json\/wp\/v2\/users\/7"}],"replies":[{"embeddable":true,"href":"https:\/\/www.vita-explorers.dk\/blog\/wp-json\/wp\/v2\/comments?post=17702"}],"version-history":[{"count":9,"href":"https:\/\/www.vita-explorers.dk\/blog\/wp-json\/wp\/v2\/posts\/17702\/revisions"}],"predecessor-version":[{"id":18914,"href":"https:\/\/www.vita-explorers.dk\/blog\/wp-json\/wp\/v2\/posts\/17702\/revisions\/18914"}],"wp:featuredmedia":[{"embeddable":true,"href":"https:\/\/www.vita-explorers.dk\/blog\/wp-json\/wp\/v2\/media\/15227"}],"wp:attachment":[{"href":"https:\/\/www.vita-explorers.dk\/blog\/wp-json\/wp\/v2\/media?parent=17702"}],"wp:term":[{"taxonomy":"category","embeddable":true,"href":"https:\/\/www.vita-explorers.dk\/blog\/wp-json\/wp\/v2\/categories?post=17702"},{"taxonomy":"post_tag","embeddable":true,"href":"https:\/\/www.vita-explorers.dk\/blog\/wp-json\/wp\/v2\/tags?post=17702"}],"curies":[{"name":"wp","href":"https:\/\/api.w.org\/{rel}","templated":true}]}}