{"id":18247,"date":"2024-11-10T06:53:39","date_gmt":"2024-11-10T05:53:39","guid":{"rendered":"https:\/\/www.globalong.com\/blog\/?p=18247"},"modified":"2025-09-07T17:09:09","modified_gmt":"2025-09-07T15:09:09","slug":"fransktalende-frivillige-i-udlandet","status":"publish","type":"post","link":"https:\/\/www.vita-explorers.dk\/blog\/fransktalende-frivillige-i-udlandet\/","title":{"rendered":"Fransktalende frivilligt arbejde i udlandet"},"content":{"rendered":"<h1 style=\"text-align: justify;\"><strong>Fransktalende deltager i udlandet: Hvilke udfordringer og muligheder?<\/strong><\/h1>\n<p style=\"text-align: justify;\">At deltage i frivilligt arbejde i udlandet kan v\u00e6re en helt s\u00e6rlig oplevelse. <strong>For <a href=\"https:\/\/www.vita-explorers.dk\/blog\/lektiehj\u00e6lp-i-fransktalende-afrika\/\" target=\"_blank\" rel=\"noopener\">fransktalende<\/a> deltagere i udlandet<\/strong> er det en mulighed for at opleve verden og samtidig bidrage i meningsfulde sammenh\u00e6nge. <strong>Samtidig<\/strong> kan der opst\u00e5 kulturelle og sproglige barrierer. <strong>Derfor<\/strong> er det vigtigt at forberede sig godt, s\u00e5 man f\u00e5r mest muligt ud af opholdet. I denne artikel ser vi p\u00e5 typiske udfordringer for fransktalende deltagere i udlandet \u2013 og p\u00e5, hvordan du kan gribe mulighederne.<\/p>\n<h2 style=\"text-align: justify;\"><strong>Hvorfor v\u00e6lger fransktalende deltagere internationale forl\u00f8b?<\/strong><\/h2>\n<h3 style=\"text-align: justify;\"><strong>At opleve andre kulturer som fransktalende deltager<\/strong><\/h3>\n<ul style=\"text-align: justify;\">\n<li><strong>For det f\u00f8rste<\/strong> giver <a href=\"https:\/\/www.vita-explorers.dk\/blog\/top-10-destinationer-for-frivilligt-arbejde-2025\/\" target=\"_blank\" rel=\"noopener\">frivilligt arbejde i udlandet<\/a> mulighed for at m\u00f8de nye kulturer og samtidig bruge fransk i hverdagen. <strong>Derudover<\/strong> kan nogle regioner \u2013 for eksempel dele af Afrika \u2013 g\u00f8re det lettere for fransktalende at finde sig til rette.<\/li>\n<\/ul>\n<h3 style=\"text-align: justify;\"><strong>At bidrage som fransktalende i internationale projekter<\/strong><\/h3>\n<ul style=\"text-align: justify;\">\n<li><strong>Som <a href=\"https:\/\/www.vita-explorers.dk\/blog\/frivillighedsprogram-pour-les-francophones\/\" target=\"_blank\" rel=\"noopener\">fransktalende<\/a><\/strong> kan du g\u00f8re en forskel i omr\u00e5der, hvor fransk er en fordel. <strong>P\u00e5 den m\u00e5de<\/strong> kan du indg\u00e5 i projekter inden for undervisning, sociale indsatser eller milj\u00f8 \u2013 og samtidig dele erfaringer og perspektiver p\u00e5 tv\u00e6rs.<\/li>\n<\/ul>\n<h2 style=\"text-align: justify;\"><strong>Sproglige udfordringer for fransktalende deltagere i udlandet<\/strong><\/h2>\n<h3 style=\"text-align: justify;\"><strong>At v\u00e6nne sig til forskellige franske accenter i udlandet<\/strong><\/h3>\n<ul style=\"text-align: justify;\">\n<li><strong>For <a href=\"https:\/\/www.vita-explorers.dk\/blog\/humanitaert-forlob-paa-fransk\/\" target=\"_blank\" rel=\"noopener\">fransktalende deltagere<\/a> i udlandet<\/strong> handler sproglige udfordringer ikke kun om engelsk, men ogs\u00e5 om forskellige franske accenter, udtryk og talem\u00e5der. <strong>Derfor<\/strong> er det en god id\u00e9 at v\u00e6re klar p\u00e5 at lytte og tilpasse sig.<\/li>\n<\/ul>\n<h3 style=\"text-align: justify;\"><strong>At l\u00e6re lokalsproget for lettere kommunikation som fransktalende<\/strong><\/h3>\n<ul style=\"text-align: justify;\">\n<li><strong>Derudover<\/strong> kan det v\u00e6re en stor hj\u00e6lp at kunne et par ord p\u00e5 det lokale sprog \u2013 ogs\u00e5 selv om du er i en fransktalende region. <strong>Det viser<\/strong> respekt og vilje til at v\u00e6re en del af hverdagen og kan g\u00f8re dialogen med lokale mennesker lettere.<\/li>\n<\/ul>\n<h2 style=\"text-align: justify;\"><strong>Hvordan kommer fransktalende deltagere bedst over kulturelle barrierer?<\/strong><\/h2>\n<h3 style=\"text-align: justify;\"><strong>At forberede sig p\u00e5 lokale normer f\u00f8r et fransksproget ophold i udlandet<\/strong><\/h3>\n<ul style=\"text-align: justify;\">\n<li><strong>For at undg\u00e5<\/strong> misforst\u00e5elser er det en fordel at s\u00e6tte sig ind i lokale traditioner og omgangsformer f\u00f8r afrejse. <strong>S\u00e5<\/strong> f\u00e5r du en bedre fornemmelse af, hvordan du viser hensyn og navigerer respektfuldt i hverdagen.<\/li>\n<\/ul>\n<h3 style=\"text-align: justify;\"><strong>At m\u00f8de kulturelle forskelle med \u00e5benhed under et frivilligforl\u00f8b<\/strong><\/h3>\n<ul style=\"text-align: justify;\">\n<li><strong>Derudover<\/strong> kan du komme langt ved at m\u00f8de kulturelle forskelle med nysgerrighed og respekt. <strong>Selv om<\/strong> noget kan virke uvant, er det ofte en del af det, der g\u00f8r landet unikt. <strong>Derfor<\/strong> er en \u00e5ben tilgang vigtig.<\/li>\n<\/ul>\n<h2 style=\"text-align: justify;\"><strong>Muligheder for fransktalende deltagere i udlandet<\/strong><\/h2>\n<h3 style=\"text-align: justify;\"><strong>At blive en del af et fransktalende f\u00e6llesskab under frivilligt arbejde i udlandet<\/strong><\/h3>\n<ul style=\"text-align: justify;\">\n<li><strong>For <a href=\"https:\/\/www.vita-explorers.dk\/blog\/hvordan-bliver-man-frivillig-i-udlandet\/\" target=\"_blank\" rel=\"noopener\">fransktalende deltagere<\/a><\/strong> kan det ofte v\u00e6re lettere at finde et f\u00e6llesskab, hvor man deler sprog. <strong>Det<\/strong> kan mindske f\u00f8lelsen af at st\u00e5 alene og g\u00f8re det nemmere at sparre og udveksle erfaringer. <strong>Som f\u00f8lge af det<\/strong> kan man f\u00f8le sig mere tryg i starten.<\/li>\n<\/ul>\n<h3 style=\"text-align: justify;\"><strong>At deltage i frivilligforl\u00f8b, der er tilrettelagt for fransktalende<\/strong><\/h3>\n<ul style=\"text-align: justify;\">\n<li><strong>Derudover<\/strong> findes der organisationer, som tilbyder <a href=\"https:\/\/www.vita-explorers.dk\/blog\/fordelene-ved-frivilligt-arbejde-i-udlandet\/\" target=\"_blank\" rel=\"noopener\">frivilligforl\u00f8b<\/a> m\u00e5lrettet fransktalende deltagere. <strong>Dermed<\/strong> kan du bidrage i projekter med fokus p\u00e5 undervisning, kultur eller sociale indsatser, hvor fransk indg\u00e5r naturligt.<\/li>\n<\/ul>\n<h2 style=\"text-align: justify;\"><strong>Hvordan finder man frivilligforl\u00f8b, der passer til fransktalende?<\/strong><\/h2>\n<h3 style=\"text-align: justify;\"><strong>Brug specialiserede sites til fransktalende deltagere i udlandet<\/strong><\/h3>\n<ul style=\"text-align: justify;\">\n<li><strong>For at finde<\/strong> et forl\u00f8b, der matcher dine behov, kan du bruge platforme som <a href=\"http:\/\/www.vita-explorers.dk\" target=\"_blank\" rel=\"noopener\"><b>Globalong<\/b>.<\/a> <strong>P\u00e5 den m\u00e5de<\/strong> kan du v\u00e6lge et forl\u00f8b, der er relevant for fransktalende.<\/li>\n<\/ul>\n<h3 style=\"text-align: justify;\"><strong>Find lokale organisationer, der tager imod fransktalende deltagere<\/strong><\/h3>\n<ul style=\"text-align: justify;\">\n<li><strong>Derudover<\/strong> kan du lede efter organisationer, som s\u00f8ger fransktalende til specifikke opgaver. <strong>Det kan<\/strong> g\u00f8re det lettere at finde et forl\u00f8b, der passer til dine kompetencer. <strong>Faktisk<\/strong> leder mange lokale akt\u00f8rer efter bestemte profiler.<\/li>\n<\/ul>\n<h2 style=\"text-align: justify;\"><strong>Hvordan forbereder man et frivilligophold i udlandet som fransktalende?<\/strong><\/h2>\n<h3 style=\"text-align: justify;\"><strong>Styrk dit fransk og l\u00e6r lidt lokalsprog f\u00f8r afrejse<\/strong><\/h3>\n<ul style=\"text-align: justify;\">\n<li><strong>For at v\u00e6re klar<\/strong> kan du forbedre dine sproglige f\u00e6rdigheder f\u00f8r afrejse. <strong>Hvis du skal<\/strong> til et sted, hvor fransk ikke er hovedsproget, kan det hj\u00e6lpe at l\u00e6re det mest grundl\u00e6ggende, s\u00e5 du f\u00f8ler dig mere tryg i hverdagen.<\/li>\n<\/ul>\n<h3 style=\"text-align: justify;\"><strong>Forst\u00e5 regionens sociale og kulturelle sammenh\u00e6nge f\u00f8r et frivilligforl\u00f8b<\/strong><\/h3>\n<ul style=\"text-align: justify;\">\n<li><strong>Derudover<\/strong> er det en god id\u00e9 at l\u00e6se op p\u00e5 landets kultur og samfund. <strong>Det hj\u00e6lper<\/strong> dig med bedre at forst\u00e5 konteksten og bidrage mere hensigtsm\u00e6ssigt p\u00e5 stedet.<\/li>\n<\/ul>\n<h2 style=\"text-align: justify;\"><strong>Typiske udfordringer for fransktalende deltagere i udlandet<\/strong><\/h2>\n<h3 style=\"text-align: justify;\"><strong>At finde sig til rette i et multikulturelt milj\u00f8 under et frivilligforl\u00f8b<\/strong><\/h3>\n<ul style=\"text-align: justify;\">\n<li><strong>N\u00e5r du som fransktalende deltager er i udlandet<\/strong>, skal du ofte navigere i et multikulturelt milj\u00f8. <strong>Derfor<\/strong> er fleksibilitet vigtig for at f\u00e5 et godt forl\u00f8b. <strong>Med andre ord<\/strong> handler det om at v\u00e6re \u00e5ben for forskelle.<\/li>\n<\/ul>\n<h3 style=\"text-align: justify;\"><strong>At samarbejde med et internationalt team som fransktalende deltager<\/strong><\/h3>\n<ul style=\"text-align: justify;\">\n<li><strong>Derudover<\/strong> kan det v\u00e6re udfordrende at arbejde i et internationalt team. <strong>Alligevel<\/strong> kan du som fransktalende bidrage med et perspektiv, der styrker samarbejdet. <strong>P\u00e5 den m\u00e5de<\/strong> kan du v\u00e6re med til at bygge bro mellem forskellige kulturer.<\/li>\n<\/ul>\n<h2 style=\"text-align: justify;\"><strong>Hvordan f\u00e5r du mest muligt ud af dit bidrag som fransktalende deltager?<\/strong><\/h2>\n<h3 style=\"text-align: justify;\"><strong>Brug dine franskkundskaber til gavn for lokalsamfundet<\/strong><\/h3>\n<ul style=\"text-align: justify;\">\n<li><strong>For at styrke<\/strong> dit bidrag kan du bruge dine sproglige kompetencer aktivt. <strong>For eksempel<\/strong> kan du overs\u00e6tte materialer eller afholde workshops p\u00e5 fransk.<\/li>\n<\/ul>\n<h3 style=\"text-align: justify;\"><strong>At bringe fransksproget kultur i spil i frivillige initiativer<\/strong><\/h3>\n<ul style=\"text-align: justify;\">\n<li><strong>Derudover<\/strong> kan du dele elementer af fransksproget kultur. <strong>S\u00e5<\/strong> kan du arrangere kulturaktiviteter eller sproghold, der giver indblik i den fransksprogede verden.<\/li>\n<\/ul>\n<h2 style=\"text-align: justify;\"><strong>Hvordan h\u00e5ndterer fransktalende deltagere sproglige og kommunikative udfordringer?<\/strong><\/h2>\n<h3 style=\"text-align: justify;\"><strong>At komme over sprogbarrierer under et fransksproget frivilligforl\u00f8b i udlandet<\/strong><\/h3>\n<ul style=\"text-align: justify;\">\n<li><strong>For at h\u00e5ndtere<\/strong> sprogbarrierer kan du bruge overs\u00e6ttelsesapps eller l\u00e6re nogle lokale udtryk. <strong>Det g\u00f8r<\/strong> det lettere at kommunikere og skabe kontakt. <strong>Derudover<\/strong> viser det interesse for den lokale kultur.<\/li>\n<\/ul>\n<h3 style=\"text-align: justify;\"><strong>\u00a0Brug et klart sprog for at undg\u00e5 misforst\u00e5elser under opholdet<\/strong><\/h3>\n<ul style=\"text-align: justify;\">\n<li><strong>For at undg\u00e5<\/strong> misforst\u00e5elser er det bedst at bruge et enkelt og tydeligt sprog. <strong>Ofte<\/strong> er det en god id\u00e9 at gentage eller omformulere, s\u00e5 du er sikker p\u00e5, at budskabet er forst\u00e5et.<\/li>\n<\/ul>\n<h2 style=\"text-align: justify;\"><strong>Hvorfor blive en del af et netv\u00e6rk for fransktalende deltagere i udlandet?<\/strong><\/h2>\n<h3 style=\"text-align: justify;\"><strong>F\u00e5 st\u00f8tte og r\u00e5d p\u00e5 fransk under dit frivilligforl\u00f8b<\/strong><\/h3>\n<ul style=\"text-align: justify;\">\n<li><strong>For at f\u00f8le sig mindre alene<\/strong> kan det v\u00e6re en god id\u00e9 at v\u00e6re en del af et netv\u00e6rk med andre fransktalende deltagere. <strong>Det giver<\/strong> mulighed for sparring, r\u00e5d og deling af oplevelser.<\/li>\n<\/ul>\n<h3 style=\"text-align: justify;\"><strong>Del dine oplevelser med andre fransktalende deltagere i udlandet<\/strong><\/h3>\n<ul style=\"text-align: justify;\">\n<li><strong>Derudover<\/strong> g\u00f8r s\u00e5danne <a href=\"https:\/\/www.vita-explorers.dk\/blog\/brug-sociale-medier-til-at-dele-dit-frivillige-ophold\/\" target=\"_blank\" rel=\"noopener\">netv\u00e6rk<\/a> det lettere at dele ressourcer og konkrete tips. <strong>P\u00e5 den m\u00e5de<\/strong> kan du l\u00e6re af andre og f\u00e5 gl\u00e6de af deres erfaringer.<\/li>\n<\/ul>\n<h2 style=\"text-align: justify;\"><strong>Hvordan bevarer du kontakten til et fransktalende f\u00e6llesskab efter et ophold i udlandet?<\/strong><\/h2>\n<h3 style=\"text-align: justify;\"><strong>Deltag i lokale fransksprogede aktiviteter efter dit ophold<\/strong><\/h3>\n<ul style=\"text-align: justify;\">\n<li><strong>For at holde fast i relationerne<\/strong> kan du engagere dig i lokale aktiviteter med fransksproget fokus. <strong>For eksempel<\/strong> kan du finde foreninger eller grupper, der arrangerer events p\u00e5 fransk.<\/li>\n<\/ul>\n<h3 style=\"text-align: justify;\"><strong>Del dine oplevelser p\u00e5 fransksprogede fora efter et ophold i udlandet<\/strong><\/h3>\n<ul style=\"text-align: justify;\">\n<li><strong>Derudover<\/strong> kan du forts\u00e6tte med at dele dine oplevelser p\u00e5 fransksprogede fora eller blogs. <strong>Det g\u00f8r<\/strong> det lettere at holde kontakten til f\u00e6llesskabet \u2013 og kan samtidig inspirere andre, der overvejer et internationalt forl\u00f8b.<\/li>\n<\/ul>\n<h3 style=\"text-align: justify;\"><strong>Vigtigheden af god forberedelse til et fransksproget ophold i udlandet<\/strong><\/h3>\n<ul style=\"text-align: justify;\">\n<li><strong>Som afslutning<\/strong> m\u00f8der fransktalende deltagere i udlandet b\u00e5de udfordringer og s\u00e6rlige muligheder. <strong>Med god forberedelse<\/strong> kan du h\u00e5ndtere de fleste forhindringer og bidrage p\u00e5 en meningsfuld m\u00e5de.<\/li>\n<\/ul>\n<h3 style=\"text-align: justify;\"><strong>Grib mulighederne for at skabe relationer under et frivilligforl\u00f8b<\/strong><\/h3>\n<ul>\n<li style=\"text-align: justify;\"><strong>T<\/strong>\u00f8v ikke med at bruge mulighederne til at skabe gode relationer til mennesker, du m\u00f8der undervejs. <strong>Husk<\/strong>, at hvert ophold er en chance for at l\u00e6re, dele og f\u00e5 nye perspektiver gennem kulturudveksling.<\/li>\n<\/ul>\n<p style=\"text-align: center;\"><strong><b>Vil du f\u00f8lge mere med i Globalong og deres community, s\u00e5 kig forbi\u00a0<\/b><a href=\"https:\/\/www.instagram.com\/globalongofficiel\/\"><span class=\"s2\"><b>Instagram<\/b><\/span><\/a><b>,\u00a0<\/b><a href=\"https:\/\/www.tiktok.com\/@globalong\"><span class=\"s2\"><b>TikTok<\/b><\/span><\/a><b>,\u00a0<\/b><a href=\"https:\/\/www.facebook.com\/globalong\"><span class=\"s2\"><b>Facebook<\/b><\/span><\/a><b>,\u00a0<\/b><a href=\"https:\/\/www.linkedin.com\/company\/5113177\/admin\/feed\/posts\/\"><span class=\"s2\"><b>LinkedIn<\/b><\/span><\/a><b>\u00a0og\u00a0<\/b><a href=\"https:\/\/www.youtube.com\/c\/globalong\/videos\"><span class=\"s2\"><b>Youtube<\/b><\/span><\/a><b>\u00a0!\u00a0<\/b><\/strong><\/p>\n<div class=\"ti-widget ti-goog\" data-layout-id=\"4\" data-set-id=\"light-background\" data-pid=\"\" data-language=\"fr\" data-version=\"2\" data-review-target-width=\"300\" data-review-text-mode=\"readmore\" data-pager-autoplay-timeout=\"6\" > <div class=\"ti-widget-container ti-col-3\"> <div class=\"ti-reviews-container\"> <div class=\"ti-controls\"> <div class=\"ti-next\" aria-label=\"Avis suivante\" role=\"button\"><\/div> <div class=\"ti-prev\" aria-label=\"Avis pr\u00e9c\u00e9dent\" role=\"button\"><\/div> <\/div> <div class=\"ti-reviews-container-wrapper\">  <div data-empty=\"0\" class=\"ti-review-item source-Google ti-image-layout-thumbnail\" data-id=\"cfcd208495d565ef66e7dff9f98764da\" > <div class=\"ti-inner\"> <div class=\"ti-review-header\"> <div class=\"ti-profile-img\"> <img decoding=\"async\" src=\"https:\/\/lh3.googleusercontent.com\/a\/ACg8ocKpaoKe37CD0_POxO97KqB60GsWQRsIuG2vmCfXT-W_FY44vw=s120-c-rp-mo-br100\" srcset=\"https:\/\/lh3.googleusercontent.com\/a\/ACg8ocKpaoKe37CD0_POxO97KqB60GsWQRsIuG2vmCfXT-W_FY44vw=s120-c-rp-mo-br100 2x\" alt=\"Lucie Correia\" loading=\"lazy\" \/> <\/div> <div class=\"ti-profile-details\"> <div class=\"ti-name\"> Lucie Correia <\/div> <div class=\"ti-date\">2024-10-17<\/div> <\/div> <\/div> <span class=\"ti-stars\"><span class=\"ti-star f\"><\/span><span class=\"ti-star f\"><\/span><span class=\"ti-star f\"><\/span><span class=\"ti-star f\"><\/span><span class=\"ti-star f\"><\/span><\/span> <div class=\"ti-review-text-container ti-review-content\"><!-- R-CONTENT -->La communication avec Globalong est super, personnes tr\u00e8s pr\u00e9sentes pour les b\u00e9n\u00e9voles et \u00e9tudiants partant avec cette association. Elles r\u00e9pondent \u00e0 toutes nos questions et sont tr\u00e8s accessibles au t\u00e9l\u00e9phone.<!-- R-CONTENT --><\/div> <span class=\"ti-read-more\" data-container=\".ti-review-content\" data-collapse-text=\"Cacher\" data-open-text=\"Lire la suite\" ><\/span> <\/div> <\/div>  <div data-empty=\"0\" class=\"ti-review-item source-Google ti-image-layout-thumbnail\" data-id=\"cfcd208495d565ef66e7dff9f98764da\" > <div class=\"ti-inner\"> <div class=\"ti-review-header\"> <div class=\"ti-profile-img\"> <img decoding=\"async\" src=\"https:\/\/lh3.googleusercontent.com\/a-\/ALV-UjWqnnzM7-7c9BDqeTDF-a7pOgNjvLkJ3WshRd_Tn7z0Eu-AGQwo=s120-c-rp-mo-br100\" srcset=\"https:\/\/lh3.googleusercontent.com\/a-\/ALV-UjWqnnzM7-7c9BDqeTDF-a7pOgNjvLkJ3WshRd_Tn7z0Eu-AGQwo=s120-c-rp-mo-br100 2x\" alt=\"Ra\u00efssa Frisch\" loading=\"lazy\" \/> <\/div> <div class=\"ti-profile-details\"> <div class=\"ti-name\"> Ra\u00efssa Frisch <\/div> <div class=\"ti-date\">2024-10-14<\/div> <\/div> <\/div> <span class=\"ti-stars\"><span class=\"ti-star f\"><\/span><span class=\"ti-star f\"><\/span><span class=\"ti-star f\"><\/span><span class=\"ti-star f\"><\/span><span class=\"ti-star f\"><\/span><\/span> <div class=\"ti-review-text-container ti-review-content\"><!-- R-CONTENT -->J\u2019ai d\u00e9j\u00e0 eu l\u2019opportunit\u00e9 de r\u00e9aliser deux projets humanitaires avec l\u2019association Globalong. Je ne peux que la recommander, car j\u2019ai toujours b\u00e9n\u00e9fici\u00e9 d\u2019un excellent accompagnement, aussi bien avant que pendant le voyage. On ne vous laisse pas vous d\u00e9brouiller seuls, bien au contraire, vous \u00eates tr\u00e8s bien encadr\u00e9s pour accomplir toutes les d\u00e9marches dans les d\u00e9lais.\n\nAu-del\u00e0 du suivi, les exp\u00e9riences humanitaires propos\u00e9es par Globalong ne peuvent que transformer votre vie de mani\u00e8re positive. Elles vous apportent une richesse humaine inestimable.<!-- R-CONTENT --><\/div> <span class=\"ti-read-more\" data-container=\".ti-review-content\" data-collapse-text=\"Cacher\" data-open-text=\"Lire la suite\" ><\/span> <\/div> <\/div>  <div data-empty=\"0\" class=\"ti-review-item source-Google ti-image-layout-thumbnail\" data-id=\"cfcd208495d565ef66e7dff9f98764da\" > <div class=\"ti-inner\"> <div class=\"ti-review-header\"> <div class=\"ti-profile-img\"> <img decoding=\"async\" src=\"https:\/\/lh3.googleusercontent.com\/a\/ACg8ocJL-Dxv25YkXK2QwWPNRxTVqZCv5uTmDQDFg5qslKra3vRZew=s120-c-rp-mo-br100\" srcset=\"https:\/\/lh3.googleusercontent.com\/a\/ACg8ocJL-Dxv25YkXK2QwWPNRxTVqZCv5uTmDQDFg5qslKra3vRZew=s120-c-rp-mo-br100 2x\" alt=\"Tara Turan\" loading=\"lazy\" \/> <\/div> <div class=\"ti-profile-details\"> <div class=\"ti-name\"> Tara Turan <\/div> <div class=\"ti-date\">2024-10-14<\/div> <\/div> <\/div> <span class=\"ti-stars\"><span class=\"ti-star f\"><\/span><span class=\"ti-star f\"><\/span><span class=\"ti-star f\"><\/span><span class=\"ti-star f\"><\/span><span class=\"ti-star f\"><\/span><\/span> <div class=\"ti-review-text-container ti-review-content\"><!-- R-CONTENT -->Une des meilleures associations que j\u2019ai pu faire !\nUne organisation et un suivi vraiment parfait, c\u2019est avec grand plaisir que je referai un projet avec eux.<!-- R-CONTENT --><\/div> <span class=\"ti-read-more\" data-container=\".ti-review-content\" data-collapse-text=\"Cacher\" data-open-text=\"Lire la suite\" ><\/span> <\/div> <\/div>  <div data-empty=\"0\" class=\"ti-review-item source-Google ti-image-layout-thumbnail\" data-id=\"cfcd208495d565ef66e7dff9f98764da\" > <div class=\"ti-inner\"> <div class=\"ti-review-header\"> <div class=\"ti-profile-img\"> <img decoding=\"async\" src=\"https:\/\/lh3.googleusercontent.com\/a\/ACg8ocLctTPNovSk3eKM0b_MIPOfcFEQsz2135Cdu59_BWRVsIYC7Q=s120-c-rp-mo-br100\" srcset=\"https:\/\/lh3.googleusercontent.com\/a\/ACg8ocLctTPNovSk3eKM0b_MIPOfcFEQsz2135Cdu59_BWRVsIYC7Q=s120-c-rp-mo-br100 2x\" alt=\"Repiquet Julie\" loading=\"lazy\" \/> <\/div> <div class=\"ti-profile-details\"> <div class=\"ti-name\"> Repiquet Julie <\/div> <div class=\"ti-date\">2024-10-13<\/div> <\/div> <\/div> <span class=\"ti-stars\"><span class=\"ti-star f\"><\/span><span class=\"ti-star f\"><\/span><span class=\"ti-star f\"><\/span><span class=\"ti-star f\"><\/span><span class=\"ti-star f\"><\/span><\/span> <div class=\"ti-review-text-container ti-review-content\"><!-- R-CONTENT -->Tr\u00e8s bon accompagnement de la part de Globalong, du premier jour avec toutes mes interrogations, jusqu'au d\u00e9part dans quelques jours. Le dossier transmis apr\u00e8s validation de la mission est plus que complet, les webmaster tr\u00e8s int\u00e9ressantes et permettent de d\u00e9charger mentalement ce genre de pr\u00e9paration, tout est pr\u00e9vu il n'y a plus qu'\u00e0 suivre ! Merci \u00e0 Florence de r\u00e9pondre \u00e0 toutes mes questions avec gentillesse et bienveillance, cela m'a permis de passer le cap!\nMaintenant, il n'y a plus qu'\u00e0 \ud83d\ude00<!-- R-CONTENT --><\/div> <span class=\"ti-read-more\" data-container=\".ti-review-content\" data-collapse-text=\"Cacher\" data-open-text=\"Lire la suite\" ><\/span> <\/div> <\/div>  <div data-empty=\"0\" class=\"ti-review-item source-Google ti-image-layout-thumbnail\" data-id=\"cfcd208495d565ef66e7dff9f98764da\" > <div class=\"ti-inner\"> <div class=\"ti-review-header\"> <div class=\"ti-profile-img\"> <img decoding=\"async\" src=\"https:\/\/lh3.googleusercontent.com\/a\/ACg8ocJJTdmTWs8nAA0yuH_cKOUgzc6GFAkHBiXhpnnVYXaWMBZsHw=s120-c-rp-mo-br100\" srcset=\"https:\/\/lh3.googleusercontent.com\/a\/ACg8ocJJTdmTWs8nAA0yuH_cKOUgzc6GFAkHBiXhpnnVYXaWMBZsHw=s120-c-rp-mo-br100 2x\" alt=\"Marine Guilhamat\" loading=\"lazy\" \/> <\/div> <div class=\"ti-profile-details\"> <div class=\"ti-name\"> Marine Guilhamat <\/div> <div class=\"ti-date\">2024-10-09<\/div> <\/div> <\/div> <span class=\"ti-stars\"><span class=\"ti-star f\"><\/span><span class=\"ti-star f\"><\/span><span class=\"ti-star f\"><\/span><span class=\"ti-star f\"><\/span><span class=\"ti-star f\"><\/span><\/span> <div class=\"ti-review-text-container ti-review-content\"><!-- R-CONTENT -->Tr\u00e8s belle association qui offre un cadre super s\u00e9curisant et permet de s\u2019investir dans des projets qui ont du sens. Merci \u00e0 l\u2019\u00e9quipe Globalong pour votre disponibilit\u00e9, gentillesse et accompagnement !<!-- R-CONTENT --><\/div> <span class=\"ti-read-more\" data-container=\".ti-review-content\" data-collapse-text=\"Cacher\" data-open-text=\"Lire la suite\" ><\/span> <\/div> <\/div>  <div data-empty=\"0\" class=\"ti-review-item source-Google ti-image-layout-thumbnail\" data-id=\"cfcd208495d565ef66e7dff9f98764da\" > <div class=\"ti-inner\"> <div class=\"ti-review-header\"> <div class=\"ti-profile-img\"> <img decoding=\"async\" src=\"https:\/\/lh3.googleusercontent.com\/a\/ACg8ocIgITHXKo46qgJyPqlJeAcxz11gCKUJpGIk2qauiIe2O3iZ6w=s120-c-rp-mo-br100\" srcset=\"https:\/\/lh3.googleusercontent.com\/a\/ACg8ocIgITHXKo46qgJyPqlJeAcxz11gCKUJpGIk2qauiIe2O3iZ6w=s120-c-rp-mo-br100 2x\" alt=\"Laura Mercier\" loading=\"lazy\" \/> <\/div> <div class=\"ti-profile-details\"> <div class=\"ti-name\"> Laura Mercier <\/div> <div class=\"ti-date\">2024-10-08<\/div> <\/div> <\/div> <span class=\"ti-stars\"><span class=\"ti-star f\"><\/span><span class=\"ti-star f\"><\/span><span class=\"ti-star f\"><\/span><span class=\"ti-star f\"><\/span><span class=\"ti-star f\"><\/span><\/span> <div class=\"ti-review-text-container ti-review-content\"><!-- R-CONTENT -->Mon d\u00e9part approche, je pars dans une semaine, et depuis le d\u00e9but de mon inscription je suis tr\u00e8s satisfaite du suivi effectu\u00e9 par l\u2019association. Ils sont tr\u00e8s disponibles et r\u00e9pondent rapidement \u00e0 l\u2019ensemble des questions. Je suis tr\u00e8s contente de partir faire cette mission humanitaire encadr\u00e9e par cette association. Je recommande vraiment.<!-- R-CONTENT --><\/div> <span class=\"ti-read-more\" data-container=\".ti-review-content\" data-collapse-text=\"Cacher\" data-open-text=\"Lire la suite\" ><\/span> <\/div> <\/div>  <div data-empty=\"0\" class=\"ti-review-item source-Google ti-image-layout-thumbnail\" data-id=\"cfcd208495d565ef66e7dff9f98764da\" > <div class=\"ti-inner\"> <div class=\"ti-review-header\"> <div class=\"ti-profile-img\"> <img decoding=\"async\" src=\"https:\/\/lh3.googleusercontent.com\/a-\/ALV-UjVVr0YMQhXl8QNEEB32l-rnoaYwvRZUjIEX9OEwPE_1fQwzIyk=s120-c-rp-mo-br100\" srcset=\"https:\/\/lh3.googleusercontent.com\/a-\/ALV-UjVVr0YMQhXl8QNEEB32l-rnoaYwvRZUjIEX9OEwPE_1fQwzIyk=s120-c-rp-mo-br100 2x\" alt=\"Anouk Rzkt\" loading=\"lazy\" \/> <\/div> <div class=\"ti-profile-details\"> <div class=\"ti-name\"> Anouk Rzkt <\/div> <div class=\"ti-date\">2024-10-02<\/div> <\/div> <\/div> <span class=\"ti-stars\"><span class=\"ti-star f\"><\/span><span class=\"ti-star f\"><\/span><span class=\"ti-star f\"><\/span><span class=\"ti-star f\"><\/span><span class=\"ti-star f\"><\/span><\/span> <div class=\"ti-review-text-container ti-review-content\"><!-- R-CONTENT -->Globalong est l'association parfaite. L'\u00e9quipe offre un v\u00e9ritable accompagnement rythm\u00e9 par beaucoup de conseils et d'\u00e9coute. Le site est tr\u00e8s bien fait avec des dossiers complets allant des sujets tr\u00e8s pratiques a d'autres plus th\u00e9oriques (tels que le choc culturel par exemple). Je recommande vivement et remercie sinc\u00e8rement toute l'\u00e9quipe pour leur gentillesse et investissement !<!-- R-CONTENT --><\/div> <span class=\"ti-read-more\" data-container=\".ti-review-content\" data-collapse-text=\"Cacher\" data-open-text=\"Lire la suite\" ><\/span> <\/div> <\/div>  <\/div> <div class=\"ti-controls-line\"> <div class=\"dot\"><\/div> <\/div> <\/div> <div class=\"ti-footer\"> <div class=\"ti-rating-text\"> <span class=\"nowrap\">\u00c9valuation <strong>Google<\/strong> : <\/span><span class=\"nowrap\"><strong>4.8<\/strong> sur 5, <\/span><span class=\"nowrap\">Bas\u00e9e sur <strong>240 avis<\/strong><\/span> <\/div> <\/div>  <\/div> <\/div> \n","protected":false},"excerpt":{"rendered":"<p>Fransktalende deltager i udlandet: Hvilke udfordringer og muligheder? At deltage i frivilligt arbejde i udlandet kan v\u00e6re en helt s\u00e6rlig oplevelse. For fransktalende deltagere\u2026<\/p>\n","protected":false},"author":7,"featured_media":9944,"comment_status":"open","ping_status":"open","sticky":false,"template":"","format":"standard","meta":{"footnotes":""},"categories":[1,4],"tags":[],"yoast_head":"<!-- This site is optimized with the Yoast SEO Premium plugin v23.4 (Yoast SEO v23.4) - https:\/\/yoast.com\/wordpress\/plugins\/seo\/ -->\n<title>Fransktalende frivillig i udlandet: Udfordringer og muligheder - VITA Explorers Blog<\/title>\n<meta name=\"description\" content=\"Partez \u00e0 l&#039;aventure en tant que b\u00e9n\u00e9vole francophone \u00e0 l&#039;\u00e9tranger. D\u00e9couvrez comment utiliser vos comp\u00e9tences en fran\u00e7ais pour aider.\" \/>\n<meta name=\"robots\" content=\"index, follow, max-snippet:-1, max-image-preview:large, max-video-preview:-1\" \/>\n<link rel=\"canonical\" href=\"https:\/\/www.vita-explorers.dk\/blog\/fransktalende-frivillige-i-udlandet\/\" \/>\n<meta property=\"og:locale\" content=\"da_DK\" \/>\n<meta property=\"og:type\" content=\"article\" \/>\n<meta property=\"og:title\" content=\"Les d\u00e9fis pour les b\u00e9n\u00e9voles francophones \u00e0 l&#039;\u00e9tranger\" \/>\n<meta property=\"og:description\" content=\"Comment saisir les opportunit\u00e9s pour les b\u00e9n\u00e9voles fran\u00e7ais\" \/>\n<meta property=\"og:url\" content=\"https:\/\/www.vita-explorers.dk\/blog\/fransktalende-frivillige-i-udlandet\/\" \/>\n<meta property=\"og:site_name\" content=\"VITA Explorers Blog\" \/>\n<meta property=\"article:publisher\" content=\"https:\/\/www.facebook.com\/globalong\" \/>\n<meta property=\"article:published_time\" content=\"2024-11-10T05:53:39+00:00\" \/>\n<meta property=\"article:modified_time\" content=\"2025-09-07T15:09:09+00:00\" \/>\n<meta property=\"og:image\" content=\"https:\/\/www.vita-explorers.dk\/blog\/wp-content\/uploads\/2018\/05\/Arriv\u00e9e-des-b\u00e9n\u00e9voles-Globalong-afrique-min.jpg\" \/>\n\t<meta property=\"og:image:width\" content=\"960\" \/>\n\t<meta property=\"og:image:height\" content=\"720\" \/>\n\t<meta property=\"og:image:type\" content=\"image\/jpeg\" \/>\n<meta name=\"author\" content=\"VITA Tribe\" \/>\n<meta name=\"twitter:card\" content=\"summary_large_image\" \/>\n<meta name=\"twitter:title\" content=\"Fransktalende frivilligt arbejde i udlandet\" \/>\n<meta name=\"twitter:label1\" content=\"Skrevet af\" \/>\n\t<meta name=\"twitter:data1\" content=\"VITA Tribe\" \/>\n\t<meta name=\"twitter:label2\" content=\"Estimeret l\u00e6setid\" \/>\n\t<meta name=\"twitter:data2\" content=\"7 minutter\" \/>\n<script type=\"application\/ld+json\" class=\"yoast-schema-graph\">{\"@context\":\"https:\/\/schema.org\",\"@graph\":[{\"@type\":\"Article\",\"@id\":\"https:\/\/www.vita-explorers.dk\/blog\/fransktalende-frivillige-i-udlandet\/#article\",\"isPartOf\":{\"@id\":\"https:\/\/www.vita-explorers.dk\/blog\/fransktalende-frivillige-i-udlandet\/\"},\"author\":{\"name\":\"VITA Tribe\",\"@id\":\"https:\/\/www.vita-explorers.dk\/blog\/#\/schema\/person\/fc0343a2f2db2ebb2793c1f62dbe73f0\"},\"headline\":\"Fransktalende frivilligt arbejde i udlandet\",\"datePublished\":\"2024-11-10T05:53:39+00:00\",\"dateModified\":\"2025-09-07T15:09:09+00:00\",\"mainEntityOfPage\":{\"@id\":\"https:\/\/www.vita-explorers.dk\/blog\/fransktalende-frivillige-i-udlandet\/\"},\"wordCount\":1335,\"commentCount\":0,\"publisher\":{\"@id\":\"https:\/\/www.vita-explorers.dk\/blog\/#organization\"},\"image\":{\"@id\":\"https:\/\/www.vita-explorers.dk\/blog\/fransktalende-frivillige-i-udlandet\/#primaryimage\"},\"thumbnailUrl\":\"https:\/\/www.vita-explorers.dk\/blog\/wp-content\/uploads\/2018\/05\/Arriv\u00e9e-des-b\u00e9n\u00e9voles-Globalong-afrique-min.jpg\",\"articleSection\":[\"No Name\",\"VITA Explorers\"],\"inLanguage\":\"da-DK\",\"potentialAction\":[{\"@type\":\"CommentAction\",\"name\":\"Comment\",\"target\":[\"https:\/\/www.vita-explorers.dk\/blog\/fransktalende-frivillige-i-udlandet\/#respond\"]}]},{\"@type\":\"WebPage\",\"@id\":\"https:\/\/www.vita-explorers.dk\/blog\/fransktalende-frivillige-i-udlandet\/\",\"url\":\"https:\/\/www.vita-explorers.dk\/blog\/fransktalende-frivillige-i-udlandet\/\",\"name\":\"Fransktalende frivillig i udlandet: Udfordringer og muligheder - VITA Explorers Blog\",\"isPartOf\":{\"@id\":\"https:\/\/www.vita-explorers.dk\/blog\/#website\"},\"primaryImageOfPage\":{\"@id\":\"https:\/\/www.vita-explorers.dk\/blog\/fransktalende-frivillige-i-udlandet\/#primaryimage\"},\"image\":{\"@id\":\"https:\/\/www.vita-explorers.dk\/blog\/fransktalende-frivillige-i-udlandet\/#primaryimage\"},\"thumbnailUrl\":\"https:\/\/www.vita-explorers.dk\/blog\/wp-content\/uploads\/2018\/05\/Arriv\u00e9e-des-b\u00e9n\u00e9voles-Globalong-afrique-min.jpg\",\"datePublished\":\"2024-11-10T05:53:39+00:00\",\"dateModified\":\"2025-09-07T15:09:09+00:00\",\"description\":\"Partez \u00e0 l'aventure en tant que b\u00e9n\u00e9vole francophone \u00e0 l'\u00e9tranger. D\u00e9couvrez comment utiliser vos comp\u00e9tences en fran\u00e7ais pour aider.\",\"breadcrumb\":{\"@id\":\"https:\/\/www.vita-explorers.dk\/blog\/fransktalende-frivillige-i-udlandet\/#breadcrumb\"},\"inLanguage\":\"da-DK\",\"potentialAction\":[{\"@type\":\"ReadAction\",\"target\":[\"https:\/\/www.vita-explorers.dk\/blog\/fransktalende-frivillige-i-udlandet\/\"]}]},{\"@type\":\"ImageObject\",\"inLanguage\":\"da-DK\",\"@id\":\"https:\/\/www.vita-explorers.dk\/blog\/fransktalende-frivillige-i-udlandet\/#primaryimage\",\"url\":\"https:\/\/www.vita-explorers.dk\/blog\/wp-content\/uploads\/2018\/05\/Arriv\u00e9e-des-b\u00e9n\u00e9voles-Globalong-afrique-min.jpg\",\"contentUrl\":\"https:\/\/www.vita-explorers.dk\/blog\/wp-content\/uploads\/2018\/05\/Arriv\u00e9e-des-b\u00e9n\u00e9voles-Globalong-afrique-min.jpg\",\"width\":960,\"height\":720,\"caption\":\"B\u00e9n\u00e9voles francophones \u00e0 l'\u00e9tranger\"},{\"@type\":\"BreadcrumbList\",\"@id\":\"https:\/\/www.vita-explorers.dk\/blog\/fransktalende-frivillige-i-udlandet\/#breadcrumb\",\"itemListElement\":[{\"@type\":\"ListItem\",\"position\":1,\"name\":\"Accueil\",\"item\":\"https:\/\/www.vita-explorers.dk\/blog\/\"},{\"@type\":\"ListItem\",\"position\":2,\"name\":\"Fransktalende frivilligt arbejde i udlandet\"}]},{\"@type\":\"WebSite\",\"@id\":\"https:\/\/www.vita-explorers.dk\/blog\/#website\",\"url\":\"https:\/\/www.vita-explorers.dk\/blog\/\",\"name\":\"Association Globalong\",\"description\":\"Frivilligt arbejde, sprogophold, praktik i udlandet og internationale oplevelser\",\"publisher\":{\"@id\":\"https:\/\/www.vita-explorers.dk\/blog\/#organization\"},\"potentialAction\":[{\"@type\":\"SearchAction\",\"target\":{\"@type\":\"EntryPoint\",\"urlTemplate\":\"https:\/\/www.vita-explorers.dk\/blog\/?s={search_term_string}\"},\"query-input\":{\"@type\":\"PropertyValueSpecification\",\"valueRequired\":true,\"valueName\":\"search_term_string\"}}],\"inLanguage\":\"da-DK\"},{\"@type\":\"Organization\",\"@id\":\"https:\/\/www.vita-explorers.dk\/blog\/#organization\",\"name\":\"Association Globalong\",\"url\":\"https:\/\/www.vita-explorers.dk\/blog\/\",\"logo\":{\"@type\":\"ImageObject\",\"inLanguage\":\"da-DK\",\"@id\":\"https:\/\/www.vita-explorers.dk\/blog\/#\/schema\/logo\/image\/\",\"url\":\"https:\/\/www.globalong.com\/blog\/wp-content\/uploads\/2014\/11\/cropped-cropped-Logo-et-Afrique-Globalong-petite-taille-2.jpg\",\"contentUrl\":\"https:\/\/www.globalong.com\/blog\/wp-content\/uploads\/2014\/11\/cropped-cropped-Logo-et-Afrique-Globalong-petite-taille-2.jpg\",\"width\":512,\"height\":512,\"caption\":\"Association Globalong\"},\"image\":{\"@id\":\"https:\/\/www.vita-explorers.dk\/blog\/#\/schema\/logo\/image\/\"},\"sameAs\":[\"https:\/\/www.facebook.com\/globalong\"]},{\"@type\":\"Person\",\"@id\":\"https:\/\/www.vita-explorers.dk\/blog\/#\/schema\/person\/fc0343a2f2db2ebb2793c1f62dbe73f0\",\"name\":\"VITA Tribe\",\"image\":{\"@type\":\"ImageObject\",\"inLanguage\":\"da-DK\",\"@id\":\"https:\/\/www.vita-explorers.dk\/blog\/#\/schema\/person\/image\/\",\"url\":\"https:\/\/secure.gravatar.com\/avatar\/f7f05026bb439d0c96b30e135e5f852c?s=96&d=mm&r=g\",\"contentUrl\":\"https:\/\/secure.gravatar.com\/avatar\/f7f05026bb439d0c96b30e135e5f852c?s=96&d=mm&r=g\",\"caption\":\"VITA Tribe\"},\"sameAs\":[\"http:\/\/www.globalong.com\"],\"url\":\"https:\/\/www.vita-explorers.dk\/blog\/author\/teamglobalong\/\"}]}<\/script>\n<!-- \/ Yoast SEO Premium plugin. -->","yoast_head_json":{"title":"Fransktalende frivillig i udlandet: Udfordringer og muligheder - VITA Explorers Blog","description":"Partez \u00e0 l'aventure en tant que b\u00e9n\u00e9vole francophone \u00e0 l'\u00e9tranger. D\u00e9couvrez comment utiliser vos comp\u00e9tences en fran\u00e7ais pour aider.","robots":{"index":"index","follow":"follow","max-snippet":"max-snippet:-1","max-image-preview":"max-image-preview:large","max-video-preview":"max-video-preview:-1"},"canonical":"https:\/\/www.vita-explorers.dk\/blog\/fransktalende-frivillige-i-udlandet\/","og_locale":"da_DK","og_type":"article","og_title":"Les d\u00e9fis pour les b\u00e9n\u00e9voles francophones \u00e0 l'\u00e9tranger","og_description":"Comment saisir les opportunit\u00e9s pour les b\u00e9n\u00e9voles fran\u00e7ais","og_url":"https:\/\/www.vita-explorers.dk\/blog\/fransktalende-frivillige-i-udlandet\/","og_site_name":"VITA Explorers Blog","article_publisher":"https:\/\/www.facebook.com\/globalong","article_published_time":"2024-11-10T05:53:39+00:00","article_modified_time":"2025-09-07T15:09:09+00:00","og_image":[{"width":960,"height":720,"url":"https:\/\/www.vita-explorers.dk\/blog\/wp-content\/uploads\/2018\/05\/Arriv\u00e9e-des-b\u00e9n\u00e9voles-Globalong-afrique-min.jpg","type":"image\/jpeg"}],"author":"VITA Tribe","twitter_card":"summary_large_image","twitter_title":"Fransktalende frivilligt arbejde i udlandet","twitter_misc":{"Skrevet af":"VITA Tribe","Estimeret l\u00e6setid":"7 minutter"},"schema":{"@context":"https:\/\/schema.org","@graph":[{"@type":"Article","@id":"https:\/\/www.vita-explorers.dk\/blog\/fransktalende-frivillige-i-udlandet\/#article","isPartOf":{"@id":"https:\/\/www.vita-explorers.dk\/blog\/fransktalende-frivillige-i-udlandet\/"},"author":{"name":"VITA Tribe","@id":"https:\/\/www.vita-explorers.dk\/blog\/#\/schema\/person\/fc0343a2f2db2ebb2793c1f62dbe73f0"},"headline":"Fransktalende frivilligt arbejde i udlandet","datePublished":"2024-11-10T05:53:39+00:00","dateModified":"2025-09-07T15:09:09+00:00","mainEntityOfPage":{"@id":"https:\/\/www.vita-explorers.dk\/blog\/fransktalende-frivillige-i-udlandet\/"},"wordCount":1335,"commentCount":0,"publisher":{"@id":"https:\/\/www.vita-explorers.dk\/blog\/#organization"},"image":{"@id":"https:\/\/www.vita-explorers.dk\/blog\/fransktalende-frivillige-i-udlandet\/#primaryimage"},"thumbnailUrl":"https:\/\/www.vita-explorers.dk\/blog\/wp-content\/uploads\/2018\/05\/Arriv\u00e9e-des-b\u00e9n\u00e9voles-Globalong-afrique-min.jpg","articleSection":["No Name","VITA Explorers"],"inLanguage":"da-DK","potentialAction":[{"@type":"CommentAction","name":"Comment","target":["https:\/\/www.vita-explorers.dk\/blog\/fransktalende-frivillige-i-udlandet\/#respond"]}]},{"@type":"WebPage","@id":"https:\/\/www.vita-explorers.dk\/blog\/fransktalende-frivillige-i-udlandet\/","url":"https:\/\/www.vita-explorers.dk\/blog\/fransktalende-frivillige-i-udlandet\/","name":"Fransktalende frivillig i udlandet: Udfordringer og muligheder - VITA Explorers Blog","isPartOf":{"@id":"https:\/\/www.vita-explorers.dk\/blog\/#website"},"primaryImageOfPage":{"@id":"https:\/\/www.vita-explorers.dk\/blog\/fransktalende-frivillige-i-udlandet\/#primaryimage"},"image":{"@id":"https:\/\/www.vita-explorers.dk\/blog\/fransktalende-frivillige-i-udlandet\/#primaryimage"},"thumbnailUrl":"https:\/\/www.vita-explorers.dk\/blog\/wp-content\/uploads\/2018\/05\/Arriv\u00e9e-des-b\u00e9n\u00e9voles-Globalong-afrique-min.jpg","datePublished":"2024-11-10T05:53:39+00:00","dateModified":"2025-09-07T15:09:09+00:00","description":"Partez \u00e0 l'aventure en tant que b\u00e9n\u00e9vole francophone \u00e0 l'\u00e9tranger. D\u00e9couvrez comment utiliser vos comp\u00e9tences en fran\u00e7ais pour aider.","breadcrumb":{"@id":"https:\/\/www.vita-explorers.dk\/blog\/fransktalende-frivillige-i-udlandet\/#breadcrumb"},"inLanguage":"da-DK","potentialAction":[{"@type":"ReadAction","target":["https:\/\/www.vita-explorers.dk\/blog\/fransktalende-frivillige-i-udlandet\/"]}]},{"@type":"ImageObject","inLanguage":"da-DK","@id":"https:\/\/www.vita-explorers.dk\/blog\/fransktalende-frivillige-i-udlandet\/#primaryimage","url":"https:\/\/www.vita-explorers.dk\/blog\/wp-content\/uploads\/2018\/05\/Arriv\u00e9e-des-b\u00e9n\u00e9voles-Globalong-afrique-min.jpg","contentUrl":"https:\/\/www.vita-explorers.dk\/blog\/wp-content\/uploads\/2018\/05\/Arriv\u00e9e-des-b\u00e9n\u00e9voles-Globalong-afrique-min.jpg","width":960,"height":720,"caption":"B\u00e9n\u00e9voles francophones \u00e0 l'\u00e9tranger"},{"@type":"BreadcrumbList","@id":"https:\/\/www.vita-explorers.dk\/blog\/fransktalende-frivillige-i-udlandet\/#breadcrumb","itemListElement":[{"@type":"ListItem","position":1,"name":"Accueil","item":"https:\/\/www.vita-explorers.dk\/blog\/"},{"@type":"ListItem","position":2,"name":"Fransktalende frivilligt arbejde i udlandet"}]},{"@type":"WebSite","@id":"https:\/\/www.vita-explorers.dk\/blog\/#website","url":"https:\/\/www.vita-explorers.dk\/blog\/","name":"Association Globalong","description":"Frivilligt arbejde, sprogophold, praktik i udlandet og internationale oplevelser","publisher":{"@id":"https:\/\/www.vita-explorers.dk\/blog\/#organization"},"potentialAction":[{"@type":"SearchAction","target":{"@type":"EntryPoint","urlTemplate":"https:\/\/www.vita-explorers.dk\/blog\/?s={search_term_string}"},"query-input":{"@type":"PropertyValueSpecification","valueRequired":true,"valueName":"search_term_string"}}],"inLanguage":"da-DK"},{"@type":"Organization","@id":"https:\/\/www.vita-explorers.dk\/blog\/#organization","name":"Association Globalong","url":"https:\/\/www.vita-explorers.dk\/blog\/","logo":{"@type":"ImageObject","inLanguage":"da-DK","@id":"https:\/\/www.vita-explorers.dk\/blog\/#\/schema\/logo\/image\/","url":"https:\/\/www.globalong.com\/blog\/wp-content\/uploads\/2014\/11\/cropped-cropped-Logo-et-Afrique-Globalong-petite-taille-2.jpg","contentUrl":"https:\/\/www.globalong.com\/blog\/wp-content\/uploads\/2014\/11\/cropped-cropped-Logo-et-Afrique-Globalong-petite-taille-2.jpg","width":512,"height":512,"caption":"Association Globalong"},"image":{"@id":"https:\/\/www.vita-explorers.dk\/blog\/#\/schema\/logo\/image\/"},"sameAs":["https:\/\/www.facebook.com\/globalong"]},{"@type":"Person","@id":"https:\/\/www.vita-explorers.dk\/blog\/#\/schema\/person\/fc0343a2f2db2ebb2793c1f62dbe73f0","name":"VITA Tribe","image":{"@type":"ImageObject","inLanguage":"da-DK","@id":"https:\/\/www.vita-explorers.dk\/blog\/#\/schema\/person\/image\/","url":"https:\/\/secure.gravatar.com\/avatar\/f7f05026bb439d0c96b30e135e5f852c?s=96&d=mm&r=g","contentUrl":"https:\/\/secure.gravatar.com\/avatar\/f7f05026bb439d0c96b30e135e5f852c?s=96&d=mm&r=g","caption":"VITA Tribe"},"sameAs":["http:\/\/www.globalong.com"],"url":"https:\/\/www.vita-explorers.dk\/blog\/author\/teamglobalong\/"}]}},"_links":{"self":[{"href":"https:\/\/www.vita-explorers.dk\/blog\/wp-json\/wp\/v2\/posts\/18247"}],"collection":[{"href":"https:\/\/www.vita-explorers.dk\/blog\/wp-json\/wp\/v2\/posts"}],"about":[{"href":"https:\/\/www.vita-explorers.dk\/blog\/wp-json\/wp\/v2\/types\/post"}],"author":[{"embeddable":true,"href":"https:\/\/www.vita-explorers.dk\/blog\/wp-json\/wp\/v2\/users\/7"}],"replies":[{"embeddable":true,"href":"https:\/\/www.vita-explorers.dk\/blog\/wp-json\/wp\/v2\/comments?post=18247"}],"version-history":[{"count":13,"href":"https:\/\/www.vita-explorers.dk\/blog\/wp-json\/wp\/v2\/posts\/18247\/revisions"}],"predecessor-version":[{"id":21630,"href":"https:\/\/www.vita-explorers.dk\/blog\/wp-json\/wp\/v2\/posts\/18247\/revisions\/21630"}],"wp:featuredmedia":[{"embeddable":true,"href":"https:\/\/www.vita-explorers.dk\/blog\/wp-json\/wp\/v2\/media\/9944"}],"wp:attachment":[{"href":"https:\/\/www.vita-explorers.dk\/blog\/wp-json\/wp\/v2\/media?parent=18247"}],"wp:term":[{"taxonomy":"category","embeddable":true,"href":"https:\/\/www.vita-explorers.dk\/blog\/wp-json\/wp\/v2\/categories?post=18247"},{"taxonomy":"post_tag","embeddable":true,"href":"https:\/\/www.vita-explorers.dk\/blog\/wp-json\/wp\/v2\/tags?post=18247"}],"curies":[{"name":"wp","href":"https:\/\/api.w.org\/{rel}","templated":true}]}}