{"id":18322,"date":"2024-11-23T06:58:48","date_gmt":"2024-11-23T05:58:48","guid":{"rendered":"https:\/\/www.globalong.com\/blog\/?p=18322"},"modified":"2024-11-29T16:30:43","modified_gmt":"2024-11-29T15:30:43","slug":"sprogophold-med-fokus-paa-karriere","status":"publish","type":"post","link":"https:\/\/www.vita-explorers.dk\/blog\/sprogophold-med-fokus-paa-karriere\/","title":{"rendered":"Sprogophold med fokus p\u00e5 arbejdsliv og karriere"},"content":{"rendered":"<h1 style=\"text-align: justify;\"><span style=\"font-size: 18pt;\"><strong>Erhvervsrettet sprogophold:<\/strong><\/span><\/h1>\n<h2 style=\"text-align: justify;\"><span style=\"font-size: 18pt;\"><strong>Den st\u00e6rke vej til en international karriere<\/strong><\/span><\/h2>\n<p style=\"text-align: justify;\">I dag er det blevet vigtigt at kunne flere sprog og have international erfaring. <strong>Et erhvervsrettet sprogophold<\/strong> samler begge dele, s\u00e5 du kan <a href=\"https:\/\/www.vita-explorers.dk\/blog\/laer-et-fremmedsprog-i-udlandet\/\" target=\"_blank\" rel=\"noopener\">l\u00e6re et fremmedsprog<\/a> og samtidig blive en del af en international arbejdsdag. Uanset om du er ny p\u00e5 arbejdsmarkedet eller allerede har erfaring, kan denne type <strong>sprogophold<\/strong> give dig et tydeligt fagligt l\u00f8ft. S\u00e5 hvorfor ikke se n\u00e6rmere p\u00e5, hvordan oplevelsen kan styrke din professionelle retning?<\/p>\n<hr \/>\n<h3 style=\"text-align: justify;\"><strong>Indholdsfortegnelse<\/strong><\/h3>\n<ul style=\"text-align: justify;\">\n<li><strong>Introduktion: Erhvervsrettet sprogophold<\/strong><\/li>\n<li><strong>Hvorfor v\u00e6lge et erhvervsrettet sprogophold?<\/strong><\/li>\n<li><strong>Fordele ved sprogophold for professionelle<\/strong><\/li>\n<li><strong>Hvordan et sprogophold kan p\u00e5virke din karriere<\/strong><\/li>\n<li><strong>Gode destinationer til et sprogophold<\/strong><\/li>\n<li><strong>Former for sprogophold: muligheder og valg<\/strong><\/li>\n<li><strong>S\u00e5dan v\u00e6lger du et program, der passer til dine behov<\/strong><\/li>\n<li><strong>Brancher, der f\u00e5r s\u00e6rligt meget ud af et sprogophold<\/strong><\/li>\n<li><strong>Soft skills, du udvikler gennem sproglig immersion<\/strong><\/li>\n<li><strong>Anbefalet varighed for et erhvervsrettet sprogophold<\/strong><\/li>\n<li><strong>Popul\u00e6re destinationer til sproglig immersion<\/strong><\/li>\n<li><strong>Forberedelse og planl\u00e6gning af opholdet<\/strong><\/li>\n<li><strong>Gode r\u00e5d til et vellykket sprogophold<\/strong><\/li>\n<li><strong>Muligheder for finansiering af sprogophold<\/strong><\/li>\n<li><strong>Oplevelser og vurderinger fra tidligere deltagere<\/strong><\/li>\n<li><strong>Sprogophold vs. intensivt kursus: hvad skal du v\u00e6lge?<\/strong><\/li>\n<li><strong>Fejl, du b\u00f8r undg\u00e5 for at f\u00e5 et godt sprogophold<\/strong><\/li>\n<li><strong>Certifikater og diplomer fra et sprogophold<\/strong><\/li>\n<li><strong>Nye programmer og tendenser inden for sprogophold<\/strong><\/li>\n<li><strong>Vigtige sproglige kompetencer i arbejdslivet<\/strong><\/li>\n<li><strong>Tilbage til arbejdslivet efter opholdet<\/strong><\/li>\n<li><strong>FAQ: Erhvervsrettet sprogophold<\/strong><\/li>\n<li><strong>Konklusion: Hvad betyder det for din karriere?<\/strong><\/li>\n<\/ul>\n<hr \/>\n<h3 style=\"text-align: justify;\"><strong>Introduktion: Erhvervsrettet sprogophold<\/strong><\/h3>\n<p style=\"text-align: justify;\">I en tid hvor sproglige kompetencer og international erfaring v\u00e6gtes h\u00f8jt, skiller <strong>erhvervsrettede sprogophold<\/strong> sig ud. I mods\u00e6tning til klassiske forl\u00f8b handler det ikke kun om sprog, men ogs\u00e5 om at forst\u00e5 hverdagen og forventningerne i en <a href=\"https:\/\/www.vita-explorers.dk\/blog\/virksomhedssponsorat-og-social-effekt\/\" target=\"_blank\" rel=\"noopener\">arbejdskultur<\/a>. Den type ophold er for dig, der vil styrke din profil og st\u00e5 skarpere p\u00e5 et internationalt jobmarked. Det er med andre ord mere end bare undervisning.<\/p>\n<h3 style=\"text-align: justify;\"><strong>Hvorfor v\u00e6lge et erhvervsrettet sprogophold?<\/strong><\/h3>\n<p style=\"text-align: justify;\">Et <strong>erhvervsrettet sprogophold<\/strong> er ofte mere effektivt end et rent sprogkursus. Hvorfor? Fordi du bruger sproget i virkelige arbejdssituationer, hvor det hele tiden bliver sat i spil. I stedet for kun at l\u00e6re i et klasselokale bliver du m\u00f8dt af konkrete opgaver, <strong>ofte som en del af en praktik eller et fagligt forl\u00f8b.<\/strong> Du f\u00e5r derfor tr\u00e6net professionelt sprogbrug og samtidig en bedre forst\u00e5else for lokale arbejdsformer. For mange giver det et mere l\u00e6rerigt og relevant udbytte.<\/p>\n<h3 style=\"text-align: justify;\"><strong>Fordele ved sprogophold for professionelle<\/strong><\/h3>\n<p style=\"text-align: justify;\">Et <strong>erhvervsrettet sprogophold<\/strong> kan give en r\u00e6kke forskellige fordele:<\/p>\n<ul style=\"text-align: justify;\">\n<li><strong>Teknisk og fagligt ordforr\u00e5d<\/strong> : Du l\u00e6rer de begreber og den terminologi, der h\u00f8rer til dit felt, s\u00e5 du kan agere mere sikkert i praksis.<\/li>\n<li><a href=\"https:\/\/www.vita-explorers.dk\/blog\/tv\u00e6rg\u00e5ende-kompetencer-soft-skills\/\" target=\"_blank\" rel=\"noopener\"><strong>Udvikling af soft skills<\/strong><\/a> : Du styrker blandt andet kommunikation, omstillingsparathed og samarbejde p\u00e5 tv\u00e6rs af kulturer.<\/li>\n<li><strong>Internationalt netv\u00e6rk<\/strong> : Du opbygger relationer i din branche, som kan blive v\u00e6rdifulde senere.<\/li>\n<li><strong>Mere selvtillid<\/strong> : N\u00e5r du navigerer i et nyt milj\u00f8, bliver du mere robust og fleksibel.<\/li>\n<\/ul>\n<p style=\"text-align: justify;\">Kort sagt styrker <strong>et erhvervsrettet sprogophold<\/strong> b\u00e5de dine sproglige kompetencer og din kulturelle forst\u00e5else \u2013 noget mange arbejdsgivere l\u00e6gger v\u00e6gt p\u00e5.<\/p>\n<h3 style=\"text-align: justify;\"><strong>Hvordan et sprogophold kan p\u00e5virke din karriere<\/strong><\/h3>\n<p style=\"text-align: justify;\">Et erhvervsrettet sprogophold kan have en direkte betydning for din karriere. Du opbygger erfaringer og f\u00e6rdigheder, der kan skille dig ud fra andre kandidater. Rekrutterende ledere l\u00e6gger ofte m\u00e6rke til b\u00e5de sprogniveauet og det, at du har vist, at du kan tilpasse dig nye rammer. Det kan \u00e5bne d\u00f8re til mere kr\u00e6vende roller \u2013 is\u00e6r i internationale milj\u00f8er. For nogle bliver opholdet ogs\u00e5 et springbr\u00e6t til et nyt spor eller n\u00e6ste skridt i jobbet.<\/p>\n<h3 style=\"text-align: justify;\"><strong>Gode destinationer til et sprogophold<\/strong><\/h3>\n<p style=\"text-align: justify;\">De bedste destinationer til et <strong>erhvervsrettet sprogophold<\/strong> afh\u00e6nger ofte af din branche. For eksempel:<\/p>\n<ul style=\"text-align: justify;\">\n<li><a href=\"https:\/\/www.vita-explorers.dk\/sprogophold\/laer-engelsk-i-usa.html\" target=\"_blank\" rel=\"noopener\"><strong>USA<\/strong> <\/a>: St\u00e6rkt milj\u00f8 inden for finans og teknologi.<\/li>\n<li><strong>Canada<\/strong> : Relevant for sundhedsfag og ledelse.<\/li>\n<li><a href=\"https:\/\/www.vita-explorers.dk\/sprogophold\/tyskland-laer-tysk-kursus.html\" target=\"_blank\" rel=\"noopener\"><strong>Tyskland<\/strong> <\/a>: Kendt for ingeni\u00f8rfag, industri og logistik.<\/li>\n<li><a href=\"https:\/\/www.vita-explorers.dk\/sprogophold\/sprogkursus-spanien-spansk.html\" target=\"_blank\" rel=\"noopener\"><strong>Spanien<\/strong> <\/a>: Gode muligheder inden for turisme, administration og internationale relationer.<\/li>\n<\/ul>\n<p style=\"text-align: justify;\">Hver destination har sine styrker \u2013 s\u00e5 v\u00e6lg ud fra dit fagomr\u00e5de og dine m\u00e5l.<\/p>\n<h3 style=\"text-align: justify;\"><strong>Former for sprogophold: muligheder og valg<\/strong><\/h3>\n<p style=\"text-align: justify;\">Der findes flere former for erhvervsrettede sprogophold, og de kan d\u00e6kke forskellige behov:<\/p>\n<ul style=\"text-align: justify;\">\n<li><strong>Praktik i en virksomhed<\/strong> : Godt til fuld immersion og giver ofte konkrete arbejdsopgaver.<\/li>\n<li><strong>Uddannelsesforl\u00f8b<\/strong> : Kombinerer sprogundervisning med faglige moduler i en mere akademisk ramme.<\/li>\n<li><strong>Korte intensive ophold<\/strong> : Typisk f\u00e5 uger og oplagt, hvis du har begr\u00e6nset tid.<\/li>\n<\/ul>\n<p style=\"text-align: justify;\">P\u00e5 den m\u00e5de kan du v\u00e6lge et forl\u00f8b, der passer til b\u00e5de ambitioner og kalender.<\/p>\n<h3 style=\"text-align: justify;\"><strong>S\u00e5dan v\u00e6lger du et program, der passer til dine behov<\/strong><\/h3>\n<p style=\"text-align: justify;\">For at v\u00e6lge rigtigt er det en god id\u00e9 at se p\u00e5 nogle centrale kriterier. Start med at sikre, at programmet matcher dine <strong>faglige m\u00e5l<\/strong>. Tjek derefter, at der er <strong>sproglig immersion, der giver mening i forhold til dit arbejdsfelt<\/strong>. Til sidst skal varigheden passe til din hverdag og dine forpligtelser. N\u00e5r du t\u00e6nker det igennem p\u00e5 forh\u00e5nd, f\u00e5r du typisk mere ud af dit sprogophold.<\/p>\n<h3 style=\"text-align: justify;\"><strong>Brancher, der f\u00e5r s\u00e6rligt meget ud af et sprogophold<\/strong><\/h3>\n<p style=\"text-align: justify;\">Nogle brancher passer s\u00e6rligt godt til et erhvervsrettet sprogophold:<\/p>\n<ul style=\"text-align: justify;\">\n<li><strong>International handel og finans<\/strong><\/li>\n<li><strong>IT og teknologi<\/strong><\/li>\n<li><strong>Turisme og hotel<\/strong><\/li>\n<li><strong>Sundhed og medicinske fag<\/strong><\/li>\n<\/ul>\n<p style=\"text-align: justify;\">I disse omr\u00e5der er sprog og international erfaring ofte en vigtig del af jobbet.<\/p>\n<h3 style=\"text-align: justify;\"><strong>Soft skills, du udvikler gennem sproglig immersion<\/strong><\/h3>\n<p style=\"text-align: justify;\">Det er ogs\u00e5 v\u00e6rd at bem\u00e6rke, at sproglig immersion styrker soft skills som:<\/p>\n<ul style=\"text-align: justify;\">\n<li><strong>Interkulturel kommunikation<\/strong> : N\u00e5r du arbejder i et internationalt milj\u00f8, bliver du bedre til at kommunikere tydeligt og respektfuldt.<\/li>\n<li><strong>H\u00e5ndtering af forskellighed<\/strong> : Du l\u00e6rer at samarbejde med mennesker med andre perspektiver og arbejdsvaner.<\/li>\n<li><strong>Omstillingsevne<\/strong> : Nye situationer tr\u00e6ner din fleksibilitet og din evne til at finde l\u00f8sninger.<\/li>\n<\/ul>\n<p style=\"text-align: justify;\">Det er kompetencer, der er efterspurgt p\u00e5 tv\u00e6rs af brancher.<\/p>\n<h3 style=\"text-align: justify;\"><strong>Anbefalet varighed for et erhvervsrettet sprogophold<\/strong><\/h3>\n<p style=\"text-align: justify;\">Som udgangspunkt er tre til seks m\u00e5neder ofte et godt sp\u00e6nd, hvis du vil n\u00e5 et solidt sprogligt niveau og samtidig lande i lokale arbejdsrutiner. Har du mindre tid, kan intensive programmer p\u00e5 fire til otte uger ogs\u00e5 v\u00e6re en mulighed.<\/p>\n<h3 style=\"text-align: justify;\"><strong>Popul\u00e6re destinationer til sproglig immersion<\/strong><\/h3>\n<p style=\"text-align: justify;\">Afh\u00e6ngigt af dit fagomr\u00e5de er destinationer som USA, Canada, Storbritannien og Tyskland blandt de mest popul\u00e6re til erhvervsrettede ophold.<\/p>\n<h3 style=\"text-align: justify;\"><strong>Forberedelse og planl\u00e6gning af opholdet<\/strong><\/h3>\n<p style=\"text-align: justify;\">God forberedelse g\u00f8r en stor forskel. Inden du rejser, kan du s\u00e6tte dig ind i kultur og professionelle normer. S\u00f8rg ogs\u00e5 for at have styr p\u00e5 n\u00f8dvendige dokumenter, og l\u00e6g en plan for, hvordan du vil f\u00e5 mest muligt ud af dit ophold.<\/p>\n<h3 style=\"text-align: justify;\"><strong>Gode r\u00e5d til et vellykket sprogophold<\/strong><\/h3>\n<p style=\"text-align: justify;\">Her er nogle enkle r\u00e5d til at f\u00e5 mest muligt ud af opholdet:<\/p>\n<ul style=\"text-align: justify;\">\n<li><strong>S\u00e6t klare m\u00e5l<\/strong> : G\u00f8r dig klart, hvad du vil opn\u00e5 \u2013 sprogligt og fagligt.<\/li>\n<li><strong>V\u00e6r ops\u00f8gende<\/strong> : Engag\u00e9r dig i opgaver og deltag i lokale arrangementer.<\/li>\n<li><strong>V\u00e6r nysgerrig<\/strong> : Kulturer fungerer forskelligt \u2013 og det er en del af l\u00e6ringen.<\/li>\n<\/ul>\n<h3 style=\"text-align: justify;\"><strong>Muligheder for finansiering af sprogophold<\/strong><\/h3>\n<p style=\"text-align: justify;\">Der findes heldigvis flere muligheder for finansiering, herunder st\u00f8tteordninger via arbejdspladsen. Unders\u00f8g ogs\u00e5, om du kan komme i betragtning til et studiel\u00e5n.<\/p>\n<h3 style=\"text-align: justify;\"><strong>Oplevelser og vurderinger fra tidligere deltagere<\/strong><\/h3>\n<p style=\"text-align: justify;\"><a href=\"https:\/\/www.vita-explorers.dk\/blog\/avis-globalong\/\" target=\"_blank\" rel=\"noopener\">Erfaringer fra tidligere deltagere<\/a> er ofte positive. Mange fort\u00e6ller, at opholdet har givet dem nye perspektiver og styrket deres professionelle muligheder.<\/p>\n<h3 style=\"text-align: justify;\"><strong>Sprogophold vs. intensivt kursus: hvad skal du v\u00e6lge?<\/strong><\/h3>\n<p style=\"text-align: justify;\">I forhold til et intensivt kursus giver et erhvervsrettet sprogophold typisk en mere helhedsorienteret immersion, hvor du b\u00e5de l\u00e6rer sproget og f\u00e5r indsigt i arbejdspraksis.<\/p>\n<h3 style=\"text-align: justify;\"><strong>Fejl, du b\u00f8r undg\u00e5 for at f\u00e5 et godt sprogophold<\/strong><\/h3>\n<p style=\"text-align: justify;\">For at f\u00e5 mest muligt ud af dit ophold kan du med fordel undg\u00e5 disse typiske fejl:<\/p>\n<ul style=\"text-align: justify;\">\n<li><strong>At springe forberedelsen over<\/strong> : Forberedelse g\u00f8r det lettere at falde til.<\/li>\n<li><strong>Kun at v\u00e6re sammen med folk fra samme land<\/strong> : Tal med lokale og brug sproget i hverdagen for bedre immersion.<\/li>\n<\/ul>\n<h3 style=\"text-align: justify;\"><strong>Certifikater og diplomer fra et sprogophold<\/strong><\/h3>\n<p style=\"text-align: justify;\">Nogle programmer inkluderer anerkendte certifikater, som TOEIC eller IELTS. De kan <a href=\"https:\/\/www.vita-explorers.dk\/blog\/hvordan-et-internationalt-forlob-kan-styrke-din-linkedin-profil\/\" target=\"_blank\" rel=\"noopener\">styrke dit CV yderligere.<\/a><\/p>\n<h3 style=\"text-align: justify;\"><strong>Nye programmer og tendenser inden for sprogophold<\/strong><\/h3>\n<p style=\"text-align: justify;\">I dag tilbyder mange forl\u00f8b digitale moduler og online l\u00e6ring, som giver mere fleksibilitet og mulighed for at skr\u00e6ddersy oplevelsen.<\/p>\n<h3 style=\"text-align: justify;\"><strong>Vigtige sproglige kompetencer i arbejdslivet<\/strong><\/h3>\n<p style=\"text-align: justify;\">De vigtigste sproglige kompetencer varierer fra branche til branche. Et erhvervsrettet sprogophold giver dig mulighed for at opbygge dem naturligt i den sammenh\u00e6ng, hvor de skal bruges.<\/p>\n<h3 style=\"text-align: justify;\"><strong>Tilbage til arbejdslivet efter opholdet<\/strong><\/h3>\n<p style=\"text-align: justify;\">N\u00e5r du er hjemme igen, s\u00e5 s\u00f8rg for at f\u00e5 erfaringen med i dit CV og fremh\u00e6ve de kompetencer, du har udviklet. Det viser arbejdsgivere, at du kan oms\u00e6tte international erfaring til konkret v\u00e6rdi i jobbet.<\/p>\n<hr \/>\n<h3 style=\"text-align: justify;\"><strong>FAQ: Erhvervsrettet sprogophold<\/strong><\/h3>\n<p style=\"text-align: justify;\"><strong>Hvad er et erhvervsrettet sprogophold?<\/strong><\/p>\n<p style=\"text-align: justify;\">Et forl\u00f8b, der kombinerer sprogindl\u00e6ring med immersion i en arbejdsrelateret hverdag.<\/p>\n<p style=\"text-align: justify;\"><strong>Hvad er den ideelle varighed?<\/strong><\/p>\n<p style=\"text-align: justify;\">Typisk tre til seks m\u00e5neder, men kortere programmer kan ogs\u00e5 v\u00e6re relevante.<\/p>\n<p style=\"text-align: justify;\"><strong>Hvilke brancher er mest relevante?<\/strong><\/p>\n<p style=\"text-align: justify;\">Finans, teknologi, sundhed og turisme er blandt de omr\u00e5der, hvor det ofte er s\u00e6rligt relevant.<\/p>\n<p style=\"text-align: justify;\"><strong>Kan man f\u00e5 finansiering?<\/strong><\/p>\n<p style=\"text-align: justify;\">Ja, der findes forskellige st\u00f8tte- og finansieringsmuligheder.<\/p>\n<hr \/>\n<h3 style=\"text-align: justify;\"><strong>Konklusion: Hvad betyder det for din karriere?<\/strong><\/h3>\n<p style=\"text-align: justify;\">Et <strong>erhvervsrettet sprogophold<\/strong> kan v\u00e6re et st\u00e6rkt valg for dig, der vil arbejde mere internationalt. Med den rette destination og et program, der matcher dine m\u00e5l, kan du f\u00e5 en solid immersion og samtidig styrke din videre karriere.<\/p>\n<p class=\"p4\" style=\"text-align: center;\"><b>Vil du h\u00f8re mere, er du velkommen til at kontakte os p\u00e5 <\/b><a href=\"mailto:info@globalong.com\"><span class=\"s2\"><b>info@globalong.com<\/b><\/span><\/a><\/p>\n<p class=\"p4\" style=\"text-align: center;\"><b>Vil du f\u00f8lge med i VITA Institute og vores community, kan du finde os p\u00e5 <\/b><a href=\"https:\/\/www.instagram.com\/globalongofficiel\/\"><span class=\"s2\"><b>Instagram<\/b><\/span><\/a><b>, <\/b><a href=\"https:\/\/www.facebook.com\/globalong\"><span class=\"s2\"><b>Facebook<\/b><\/span><\/a><b>, <\/b><a href=\"https:\/\/www.linkedin.com\/company\/5113177\/admin\/feed\/posts\/\"><span class=\"s2\"><b>LinkedIn<\/b><\/span><\/a><b> og <\/b><a href=\"https:\/\/www.youtube.com\/c\/globalong\/videos\"><span class=\"s2\"><b>YouTube<\/b><\/span><\/a><b>! <\/b><\/p>\n<div class=\"ti-widget ti-goog\" data-layout-id=\"4\" data-set-id=\"light-background\" data-pid=\"\" data-language=\"fr\" data-version=\"2\" data-review-target-width=\"300\" data-review-text-mode=\"readmore\" data-pager-autoplay-timeout=\"6\" > <div class=\"ti-widget-container ti-col-3\"> <div class=\"ti-reviews-container\"> <div class=\"ti-controls\"> <div class=\"ti-next\" aria-label=\"Avis suivante\" role=\"button\"><\/div> <div class=\"ti-prev\" aria-label=\"Avis pr\u00e9c\u00e9dent\" role=\"button\"><\/div> <\/div> <div class=\"ti-reviews-container-wrapper\">  <div data-empty=\"0\" class=\"ti-review-item source-Google ti-image-layout-thumbnail\" data-id=\"cfcd208495d565ef66e7dff9f98764da\" > <div class=\"ti-inner\"> <div class=\"ti-review-header\"> <div class=\"ti-profile-img\"> <img decoding=\"async\" src=\"https:\/\/lh3.googleusercontent.com\/a\/ACg8ocKpaoKe37CD0_POxO97KqB60GsWQRsIuG2vmCfXT-W_FY44vw=s120-c-rp-mo-br100\" srcset=\"https:\/\/lh3.googleusercontent.com\/a\/ACg8ocKpaoKe37CD0_POxO97KqB60GsWQRsIuG2vmCfXT-W_FY44vw=s120-c-rp-mo-br100 2x\" alt=\"Lucie Correia\" loading=\"lazy\" \/> <\/div> <div class=\"ti-profile-details\"> <div class=\"ti-name\"> Lucie Correia <\/div> <div class=\"ti-date\">2024-10-17<\/div> <\/div> <\/div> <span class=\"ti-stars\"><span class=\"ti-star f\"><\/span><span class=\"ti-star f\"><\/span><span class=\"ti-star f\"><\/span><span class=\"ti-star f\"><\/span><span class=\"ti-star f\"><\/span><\/span> <div class=\"ti-review-text-container ti-review-content\"><!-- R-CONTENT -->La communication avec Globalong est super, personnes tr\u00e8s pr\u00e9sentes pour les b\u00e9n\u00e9voles et \u00e9tudiants partant avec cette association. Elles r\u00e9pondent \u00e0 toutes nos questions et sont tr\u00e8s accessibles au t\u00e9l\u00e9phone.<!-- R-CONTENT --><\/div> <span class=\"ti-read-more\" data-container=\".ti-review-content\" data-collapse-text=\"Cacher\" data-open-text=\"Lire la suite\" ><\/span> <\/div> <\/div>  <div data-empty=\"0\" class=\"ti-review-item source-Google ti-image-layout-thumbnail\" data-id=\"cfcd208495d565ef66e7dff9f98764da\" > <div class=\"ti-inner\"> <div class=\"ti-review-header\"> <div class=\"ti-profile-img\"> <img decoding=\"async\" src=\"https:\/\/lh3.googleusercontent.com\/a-\/ALV-UjWqnnzM7-7c9BDqeTDF-a7pOgNjvLkJ3WshRd_Tn7z0Eu-AGQwo=s120-c-rp-mo-br100\" srcset=\"https:\/\/lh3.googleusercontent.com\/a-\/ALV-UjWqnnzM7-7c9BDqeTDF-a7pOgNjvLkJ3WshRd_Tn7z0Eu-AGQwo=s120-c-rp-mo-br100 2x\" alt=\"Ra\u00efssa Frisch\" loading=\"lazy\" \/> <\/div> <div class=\"ti-profile-details\"> <div class=\"ti-name\"> Ra\u00efssa Frisch <\/div> <div class=\"ti-date\">2024-10-14<\/div> <\/div> <\/div> <span class=\"ti-stars\"><span class=\"ti-star f\"><\/span><span class=\"ti-star f\"><\/span><span class=\"ti-star f\"><\/span><span class=\"ti-star f\"><\/span><span class=\"ti-star f\"><\/span><\/span> <div class=\"ti-review-text-container ti-review-content\"><!-- R-CONTENT -->J\u2019ai d\u00e9j\u00e0 eu l\u2019opportunit\u00e9 de r\u00e9aliser deux projets humanitaires avec l\u2019association Globalong. Je ne peux que la recommander, car j\u2019ai toujours b\u00e9n\u00e9fici\u00e9 d\u2019un excellent accompagnement, aussi bien avant que pendant le voyage. On ne vous laisse pas vous d\u00e9brouiller seuls, bien au contraire, vous \u00eates tr\u00e8s bien encadr\u00e9s pour accomplir toutes les d\u00e9marches dans les d\u00e9lais.\n\nAu-del\u00e0 du suivi, les exp\u00e9riences humanitaires propos\u00e9es par Globalong ne peuvent que transformer votre vie de mani\u00e8re positive. Elles vous apportent une richesse humaine inestimable.<!-- R-CONTENT --><\/div> <span class=\"ti-read-more\" data-container=\".ti-review-content\" data-collapse-text=\"Cacher\" data-open-text=\"Lire la suite\" ><\/span> <\/div> <\/div>  <div data-empty=\"0\" class=\"ti-review-item source-Google ti-image-layout-thumbnail\" data-id=\"cfcd208495d565ef66e7dff9f98764da\" > <div class=\"ti-inner\"> <div class=\"ti-review-header\"> <div class=\"ti-profile-img\"> <img decoding=\"async\" src=\"https:\/\/lh3.googleusercontent.com\/a\/ACg8ocJL-Dxv25YkXK2QwWPNRxTVqZCv5uTmDQDFg5qslKra3vRZew=s120-c-rp-mo-br100\" srcset=\"https:\/\/lh3.googleusercontent.com\/a\/ACg8ocJL-Dxv25YkXK2QwWPNRxTVqZCv5uTmDQDFg5qslKra3vRZew=s120-c-rp-mo-br100 2x\" alt=\"Tara Turan\" loading=\"lazy\" \/> <\/div> <div class=\"ti-profile-details\"> <div class=\"ti-name\"> Tara Turan <\/div> <div class=\"ti-date\">2024-10-14<\/div> <\/div> <\/div> <span class=\"ti-stars\"><span class=\"ti-star f\"><\/span><span class=\"ti-star f\"><\/span><span class=\"ti-star f\"><\/span><span class=\"ti-star f\"><\/span><span class=\"ti-star f\"><\/span><\/span> <div class=\"ti-review-text-container ti-review-content\"><!-- R-CONTENT -->Une des meilleures associations que j\u2019ai pu faire !\nUne organisation et un suivi vraiment parfait, c\u2019est avec grand plaisir que je referai un projet avec eux.<!-- R-CONTENT --><\/div> <span class=\"ti-read-more\" data-container=\".ti-review-content\" data-collapse-text=\"Cacher\" data-open-text=\"Lire la suite\" ><\/span> <\/div> <\/div>  <div data-empty=\"0\" class=\"ti-review-item source-Google ti-image-layout-thumbnail\" data-id=\"cfcd208495d565ef66e7dff9f98764da\" > <div class=\"ti-inner\"> <div class=\"ti-review-header\"> <div class=\"ti-profile-img\"> <img decoding=\"async\" src=\"https:\/\/lh3.googleusercontent.com\/a\/ACg8ocLctTPNovSk3eKM0b_MIPOfcFEQsz2135Cdu59_BWRVsIYC7Q=s120-c-rp-mo-br100\" srcset=\"https:\/\/lh3.googleusercontent.com\/a\/ACg8ocLctTPNovSk3eKM0b_MIPOfcFEQsz2135Cdu59_BWRVsIYC7Q=s120-c-rp-mo-br100 2x\" alt=\"Repiquet Julie\" loading=\"lazy\" \/> <\/div> <div class=\"ti-profile-details\"> <div class=\"ti-name\"> Repiquet Julie <\/div> <div class=\"ti-date\">2024-10-13<\/div> <\/div> <\/div> <span class=\"ti-stars\"><span class=\"ti-star f\"><\/span><span class=\"ti-star f\"><\/span><span class=\"ti-star f\"><\/span><span class=\"ti-star f\"><\/span><span class=\"ti-star f\"><\/span><\/span> <div class=\"ti-review-text-container ti-review-content\"><!-- R-CONTENT -->Tr\u00e8s bon accompagnement de la part de Globalong, du premier jour avec toutes mes interrogations, jusqu'au d\u00e9part dans quelques jours. Le dossier transmis apr\u00e8s validation de la mission est plus que complet, les webmaster tr\u00e8s int\u00e9ressantes et permettent de d\u00e9charger mentalement ce genre de pr\u00e9paration, tout est pr\u00e9vu il n'y a plus qu'\u00e0 suivre ! Merci \u00e0 Florence de r\u00e9pondre \u00e0 toutes mes questions avec gentillesse et bienveillance, cela m'a permis de passer le cap!\nMaintenant, il n'y a plus qu'\u00e0 \ud83d\ude00<!-- R-CONTENT --><\/div> <span class=\"ti-read-more\" data-container=\".ti-review-content\" data-collapse-text=\"Cacher\" data-open-text=\"Lire la suite\" ><\/span> <\/div> <\/div>  <div data-empty=\"0\" class=\"ti-review-item source-Google ti-image-layout-thumbnail\" data-id=\"cfcd208495d565ef66e7dff9f98764da\" > <div class=\"ti-inner\"> <div class=\"ti-review-header\"> <div class=\"ti-profile-img\"> <img decoding=\"async\" src=\"https:\/\/lh3.googleusercontent.com\/a\/ACg8ocJJTdmTWs8nAA0yuH_cKOUgzc6GFAkHBiXhpnnVYXaWMBZsHw=s120-c-rp-mo-br100\" srcset=\"https:\/\/lh3.googleusercontent.com\/a\/ACg8ocJJTdmTWs8nAA0yuH_cKOUgzc6GFAkHBiXhpnnVYXaWMBZsHw=s120-c-rp-mo-br100 2x\" alt=\"Marine Guilhamat\" loading=\"lazy\" \/> <\/div> <div class=\"ti-profile-details\"> <div class=\"ti-name\"> Marine Guilhamat <\/div> <div class=\"ti-date\">2024-10-09<\/div> <\/div> <\/div> <span class=\"ti-stars\"><span class=\"ti-star f\"><\/span><span class=\"ti-star f\"><\/span><span class=\"ti-star f\"><\/span><span class=\"ti-star f\"><\/span><span class=\"ti-star f\"><\/span><\/span> <div class=\"ti-review-text-container ti-review-content\"><!-- R-CONTENT -->Tr\u00e8s belle association qui offre un cadre super s\u00e9curisant et permet de s\u2019investir dans des projets qui ont du sens. Merci \u00e0 l\u2019\u00e9quipe Globalong pour votre disponibilit\u00e9, gentillesse et accompagnement !<!-- R-CONTENT --><\/div> <span class=\"ti-read-more\" data-container=\".ti-review-content\" data-collapse-text=\"Cacher\" data-open-text=\"Lire la suite\" ><\/span> <\/div> <\/div>  <div data-empty=\"0\" class=\"ti-review-item source-Google ti-image-layout-thumbnail\" data-id=\"cfcd208495d565ef66e7dff9f98764da\" > <div class=\"ti-inner\"> <div class=\"ti-review-header\"> <div class=\"ti-profile-img\"> <img decoding=\"async\" src=\"https:\/\/lh3.googleusercontent.com\/a\/ACg8ocIgITHXKo46qgJyPqlJeAcxz11gCKUJpGIk2qauiIe2O3iZ6w=s120-c-rp-mo-br100\" srcset=\"https:\/\/lh3.googleusercontent.com\/a\/ACg8ocIgITHXKo46qgJyPqlJeAcxz11gCKUJpGIk2qauiIe2O3iZ6w=s120-c-rp-mo-br100 2x\" alt=\"Laura Mercier\" loading=\"lazy\" \/> <\/div> <div class=\"ti-profile-details\"> <div class=\"ti-name\"> Laura Mercier <\/div> <div class=\"ti-date\">2024-10-08<\/div> <\/div> <\/div> <span class=\"ti-stars\"><span class=\"ti-star f\"><\/span><span class=\"ti-star f\"><\/span><span class=\"ti-star f\"><\/span><span class=\"ti-star f\"><\/span><span class=\"ti-star f\"><\/span><\/span> <div class=\"ti-review-text-container ti-review-content\"><!-- R-CONTENT -->Mon d\u00e9part approche, je pars dans une semaine, et depuis le d\u00e9but de mon inscription je suis tr\u00e8s satisfaite du suivi effectu\u00e9 par l\u2019association. Ils sont tr\u00e8s disponibles et r\u00e9pondent rapidement \u00e0 l\u2019ensemble des questions. Je suis tr\u00e8s contente de partir faire cette mission humanitaire encadr\u00e9e par cette association. Je recommande vraiment.<!-- R-CONTENT --><\/div> <span class=\"ti-read-more\" data-container=\".ti-review-content\" data-collapse-text=\"Cacher\" data-open-text=\"Lire la suite\" ><\/span> <\/div> <\/div>  <div data-empty=\"0\" class=\"ti-review-item source-Google ti-image-layout-thumbnail\" data-id=\"cfcd208495d565ef66e7dff9f98764da\" > <div class=\"ti-inner\"> <div class=\"ti-review-header\"> <div class=\"ti-profile-img\"> <img decoding=\"async\" src=\"https:\/\/lh3.googleusercontent.com\/a-\/ALV-UjVVr0YMQhXl8QNEEB32l-rnoaYwvRZUjIEX9OEwPE_1fQwzIyk=s120-c-rp-mo-br100\" srcset=\"https:\/\/lh3.googleusercontent.com\/a-\/ALV-UjVVr0YMQhXl8QNEEB32l-rnoaYwvRZUjIEX9OEwPE_1fQwzIyk=s120-c-rp-mo-br100 2x\" alt=\"Anouk Rzkt\" loading=\"lazy\" \/> <\/div> <div class=\"ti-profile-details\"> <div class=\"ti-name\"> Anouk Rzkt <\/div> <div class=\"ti-date\">2024-10-02<\/div> <\/div> <\/div> <span class=\"ti-stars\"><span class=\"ti-star f\"><\/span><span class=\"ti-star f\"><\/span><span class=\"ti-star f\"><\/span><span class=\"ti-star f\"><\/span><span class=\"ti-star f\"><\/span><\/span> <div class=\"ti-review-text-container ti-review-content\"><!-- R-CONTENT -->Globalong est l'association parfaite. L'\u00e9quipe offre un v\u00e9ritable accompagnement rythm\u00e9 par beaucoup de conseils et d'\u00e9coute. Le site est tr\u00e8s bien fait avec des dossiers complets allant des sujets tr\u00e8s pratiques a d'autres plus th\u00e9oriques (tels que le choc culturel par exemple). Je recommande vivement et remercie sinc\u00e8rement toute l'\u00e9quipe pour leur gentillesse et investissement !<!-- R-CONTENT --><\/div> <span class=\"ti-read-more\" data-container=\".ti-review-content\" data-collapse-text=\"Cacher\" data-open-text=\"Lire la suite\" ><\/span> <\/div> <\/div>  <\/div> <div class=\"ti-controls-line\"> <div class=\"dot\"><\/div> <\/div> <\/div> <div class=\"ti-footer\"> <div class=\"ti-rating-text\"> <span class=\"nowrap\">\u00c9valuation <strong>Google<\/strong> : <\/span><span class=\"nowrap\"><strong>4.8<\/strong> sur 5, <\/span><span class=\"nowrap\">Bas\u00e9e sur <strong>240 avis<\/strong><\/span> <\/div> <\/div>  <\/div> <\/div> \n","protected":false},"excerpt":{"rendered":"<p>Erhvervsrettet sprogophold: Den st\u00e6rke vej til en international karriere I dag er det blevet vigtigt at kunne flere sprog og have international erfaring. Et\u2026<\/p>\n","protected":false},"author":7,"featured_media":8398,"comment_status":"open","ping_status":"open","sticky":false,"template":"","format":"standard","meta":{"footnotes":""},"categories":[6,5],"tags":[],"yoast_head":"<!-- This site is optimized with the Yoast SEO Premium plugin v23.4 (Yoast SEO v23.4) - https:\/\/yoast.com\/wordpress\/plugins\/seo\/ -->\n<title>Professionelt sprogophold: Bliv st\u00e6rk i et fremmedsprog<\/title>\n<meta name=\"description\" content=\"Comment un s\u00e9jour linguistique professionnel peut-il impacter votre carri\u00e8re ? D\u00e9couvrez les avantages et les destinations id\u00e9ales.\" \/>\n<meta name=\"robots\" content=\"index, follow, max-snippet:-1, max-image-preview:large, max-video-preview:-1\" \/>\n<link rel=\"canonical\" href=\"https:\/\/www.vita-explorers.dk\/blog\/sprogophold-med-fokus-paa-karriere\/\" \/>\n<meta property=\"og:locale\" content=\"da_DK\" \/>\n<meta property=\"og:type\" content=\"article\" \/>\n<meta property=\"og:title\" content=\"Les Avantages d&#039;un S\u00e9jour Linguistique Professionnel\" \/>\n<meta property=\"og:description\" content=\"Boostez votre carri\u00e8re avec un s\u00e9jour linguistique professionnel.\" \/>\n<meta property=\"og:url\" content=\"https:\/\/www.vita-explorers.dk\/blog\/sprogophold-med-fokus-paa-karriere\/\" \/>\n<meta property=\"og:site_name\" content=\"VITA Explorers Blog\" \/>\n<meta property=\"article:publisher\" content=\"https:\/\/www.facebook.com\/globalong\" \/>\n<meta property=\"article:published_time\" content=\"2024-11-23T05:58:48+00:00\" \/>\n<meta property=\"article:modified_time\" content=\"2024-11-29T15:30:43+00:00\" \/>\n<meta property=\"og:image\" content=\"https:\/\/www.vita-explorers.dk\/blog\/wp-content\/uploads\/2017\/12\/S\u00e9jour-linguistique-\u00e0-Majorque-GlobAlong-min.jpg\" \/>\n\t<meta property=\"og:image:width\" content=\"935\" \/>\n\t<meta property=\"og:image:height\" content=\"623\" \/>\n\t<meta property=\"og:image:type\" content=\"image\/jpeg\" \/>\n<meta name=\"author\" content=\"VITA Tribe\" \/>\n<meta name=\"twitter:card\" content=\"summary_large_image\" \/>\n<meta name=\"twitter:title\" content=\"Sprogophold med fokus p\u00e5 arbejdsliv og karriere\" \/>\n<meta name=\"twitter:label1\" content=\"Skrevet af\" \/>\n\t<meta name=\"twitter:data1\" content=\"VITA Tribe\" \/>\n\t<meta name=\"twitter:label2\" content=\"Estimeret l\u00e6setid\" \/>\n\t<meta name=\"twitter:data2\" content=\"9 minutter\" \/>\n<script type=\"application\/ld+json\" class=\"yoast-schema-graph\">{\"@context\":\"https:\/\/schema.org\",\"@graph\":[{\"@type\":\"Article\",\"@id\":\"https:\/\/www.vita-explorers.dk\/blog\/sprogophold-med-fokus-paa-karriere\/#article\",\"isPartOf\":{\"@id\":\"https:\/\/www.vita-explorers.dk\/blog\/sprogophold-med-fokus-paa-karriere\/\"},\"author\":{\"name\":\"VITA Tribe\",\"@id\":\"https:\/\/www.vita-explorers.dk\/blog\/#\/schema\/person\/fc0343a2f2db2ebb2793c1f62dbe73f0\"},\"headline\":\"Sprogophold med fokus p\u00e5 arbejdsliv og karriere\",\"datePublished\":\"2024-11-23T05:58:48+00:00\",\"dateModified\":\"2024-11-29T15:30:43+00:00\",\"mainEntityOfPage\":{\"@id\":\"https:\/\/www.vita-explorers.dk\/blog\/sprogophold-med-fokus-paa-karriere\/\"},\"wordCount\":1619,\"commentCount\":0,\"publisher\":{\"@id\":\"https:\/\/www.vita-explorers.dk\/blog\/#organization\"},\"image\":{\"@id\":\"https:\/\/www.vita-explorers.dk\/blog\/sprogophold-med-fokus-paa-karriere\/#primaryimage\"},\"thumbnailUrl\":\"https:\/\/www.vita-explorers.dk\/blog\/wp-content\/uploads\/2017\/12\/S\u00e9jour-linguistique-\u00e0-Majorque-GlobAlong-min.jpg\",\"articleSection\":[\"Nyheder\",\"Sprogophold\"],\"inLanguage\":\"da-DK\",\"potentialAction\":[{\"@type\":\"CommentAction\",\"name\":\"Comment\",\"target\":[\"https:\/\/www.vita-explorers.dk\/blog\/sprogophold-med-fokus-paa-karriere\/#respond\"]}]},{\"@type\":\"WebPage\",\"@id\":\"https:\/\/www.vita-explorers.dk\/blog\/sprogophold-med-fokus-paa-karriere\/\",\"url\":\"https:\/\/www.vita-explorers.dk\/blog\/sprogophold-med-fokus-paa-karriere\/\",\"name\":\"Professionelt sprogophold: Bliv st\u00e6rk i et fremmedsprog\",\"isPartOf\":{\"@id\":\"https:\/\/www.vita-explorers.dk\/blog\/#website\"},\"primaryImageOfPage\":{\"@id\":\"https:\/\/www.vita-explorers.dk\/blog\/sprogophold-med-fokus-paa-karriere\/#primaryimage\"},\"image\":{\"@id\":\"https:\/\/www.vita-explorers.dk\/blog\/sprogophold-med-fokus-paa-karriere\/#primaryimage\"},\"thumbnailUrl\":\"https:\/\/www.vita-explorers.dk\/blog\/wp-content\/uploads\/2017\/12\/S\u00e9jour-linguistique-\u00e0-Majorque-GlobAlong-min.jpg\",\"datePublished\":\"2024-11-23T05:58:48+00:00\",\"dateModified\":\"2024-11-29T15:30:43+00:00\",\"description\":\"Comment un s\u00e9jour linguistique professionnel peut-il impacter votre carri\u00e8re ? D\u00e9couvrez les avantages et les destinations id\u00e9ales.\",\"breadcrumb\":{\"@id\":\"https:\/\/www.vita-explorers.dk\/blog\/sprogophold-med-fokus-paa-karriere\/#breadcrumb\"},\"inLanguage\":\"da-DK\",\"potentialAction\":[{\"@type\":\"ReadAction\",\"target\":[\"https:\/\/www.vita-explorers.dk\/blog\/sprogophold-med-fokus-paa-karriere\/\"]}]},{\"@type\":\"ImageObject\",\"inLanguage\":\"da-DK\",\"@id\":\"https:\/\/www.vita-explorers.dk\/blog\/sprogophold-med-fokus-paa-karriere\/#primaryimage\",\"url\":\"https:\/\/www.vita-explorers.dk\/blog\/wp-content\/uploads\/2017\/12\/S\u00e9jour-linguistique-\u00e0-Majorque-GlobAlong-min.jpg\",\"contentUrl\":\"https:\/\/www.vita-explorers.dk\/blog\/wp-content\/uploads\/2017\/12\/S\u00e9jour-linguistique-\u00e0-Majorque-GlobAlong-min.jpg\",\"width\":935,\"height\":623,\"caption\":\"S\u00e9jour linguistique professionnel\"},{\"@type\":\"BreadcrumbList\",\"@id\":\"https:\/\/www.vita-explorers.dk\/blog\/sprogophold-med-fokus-paa-karriere\/#breadcrumb\",\"itemListElement\":[{\"@type\":\"ListItem\",\"position\":1,\"name\":\"Accueil\",\"item\":\"https:\/\/www.vita-explorers.dk\/blog\/\"},{\"@type\":\"ListItem\",\"position\":2,\"name\":\"Sprogophold med fokus p\u00e5 arbejdsliv og karriere\"}]},{\"@type\":\"WebSite\",\"@id\":\"https:\/\/www.vita-explorers.dk\/blog\/#website\",\"url\":\"https:\/\/www.vita-explorers.dk\/blog\/\",\"name\":\"Association Globalong\",\"description\":\"Frivilligt arbejde, sprogophold, praktik i udlandet og internationale oplevelser\",\"publisher\":{\"@id\":\"https:\/\/www.vita-explorers.dk\/blog\/#organization\"},\"potentialAction\":[{\"@type\":\"SearchAction\",\"target\":{\"@type\":\"EntryPoint\",\"urlTemplate\":\"https:\/\/www.vita-explorers.dk\/blog\/?s={search_term_string}\"},\"query-input\":{\"@type\":\"PropertyValueSpecification\",\"valueRequired\":true,\"valueName\":\"search_term_string\"}}],\"inLanguage\":\"da-DK\"},{\"@type\":\"Organization\",\"@id\":\"https:\/\/www.vita-explorers.dk\/blog\/#organization\",\"name\":\"Association Globalong\",\"url\":\"https:\/\/www.vita-explorers.dk\/blog\/\",\"logo\":{\"@type\":\"ImageObject\",\"inLanguage\":\"da-DK\",\"@id\":\"https:\/\/www.vita-explorers.dk\/blog\/#\/schema\/logo\/image\/\",\"url\":\"https:\/\/www.globalong.com\/blog\/wp-content\/uploads\/2014\/11\/cropped-cropped-Logo-et-Afrique-Globalong-petite-taille-2.jpg\",\"contentUrl\":\"https:\/\/www.globalong.com\/blog\/wp-content\/uploads\/2014\/11\/cropped-cropped-Logo-et-Afrique-Globalong-petite-taille-2.jpg\",\"width\":512,\"height\":512,\"caption\":\"Association Globalong\"},\"image\":{\"@id\":\"https:\/\/www.vita-explorers.dk\/blog\/#\/schema\/logo\/image\/\"},\"sameAs\":[\"https:\/\/www.facebook.com\/globalong\"]},{\"@type\":\"Person\",\"@id\":\"https:\/\/www.vita-explorers.dk\/blog\/#\/schema\/person\/fc0343a2f2db2ebb2793c1f62dbe73f0\",\"name\":\"VITA Tribe\",\"image\":{\"@type\":\"ImageObject\",\"inLanguage\":\"da-DK\",\"@id\":\"https:\/\/www.vita-explorers.dk\/blog\/#\/schema\/person\/image\/\",\"url\":\"https:\/\/secure.gravatar.com\/avatar\/f7f05026bb439d0c96b30e135e5f852c?s=96&d=mm&r=g\",\"contentUrl\":\"https:\/\/secure.gravatar.com\/avatar\/f7f05026bb439d0c96b30e135e5f852c?s=96&d=mm&r=g\",\"caption\":\"VITA Tribe\"},\"sameAs\":[\"http:\/\/www.globalong.com\"],\"url\":\"https:\/\/www.vita-explorers.dk\/blog\/author\/teamglobalong\/\"}]}<\/script>\n<!-- \/ Yoast SEO Premium plugin. -->","yoast_head_json":{"title":"Professionelt sprogophold: Bliv st\u00e6rk i et fremmedsprog","description":"Comment un s\u00e9jour linguistique professionnel peut-il impacter votre carri\u00e8re ? D\u00e9couvrez les avantages et les destinations id\u00e9ales.","robots":{"index":"index","follow":"follow","max-snippet":"max-snippet:-1","max-image-preview":"max-image-preview:large","max-video-preview":"max-video-preview:-1"},"canonical":"https:\/\/www.vita-explorers.dk\/blog\/sprogophold-med-fokus-paa-karriere\/","og_locale":"da_DK","og_type":"article","og_title":"Les Avantages d'un S\u00e9jour Linguistique Professionnel","og_description":"Boostez votre carri\u00e8re avec un s\u00e9jour linguistique professionnel.","og_url":"https:\/\/www.vita-explorers.dk\/blog\/sprogophold-med-fokus-paa-karriere\/","og_site_name":"VITA Explorers Blog","article_publisher":"https:\/\/www.facebook.com\/globalong","article_published_time":"2024-11-23T05:58:48+00:00","article_modified_time":"2024-11-29T15:30:43+00:00","og_image":[{"width":935,"height":623,"url":"https:\/\/www.vita-explorers.dk\/blog\/wp-content\/uploads\/2017\/12\/S\u00e9jour-linguistique-\u00e0-Majorque-GlobAlong-min.jpg","type":"image\/jpeg"}],"author":"VITA Tribe","twitter_card":"summary_large_image","twitter_title":"Sprogophold med fokus p\u00e5 arbejdsliv og karriere","twitter_misc":{"Skrevet af":"VITA Tribe","Estimeret l\u00e6setid":"9 minutter"},"schema":{"@context":"https:\/\/schema.org","@graph":[{"@type":"Article","@id":"https:\/\/www.vita-explorers.dk\/blog\/sprogophold-med-fokus-paa-karriere\/#article","isPartOf":{"@id":"https:\/\/www.vita-explorers.dk\/blog\/sprogophold-med-fokus-paa-karriere\/"},"author":{"name":"VITA Tribe","@id":"https:\/\/www.vita-explorers.dk\/blog\/#\/schema\/person\/fc0343a2f2db2ebb2793c1f62dbe73f0"},"headline":"Sprogophold med fokus p\u00e5 arbejdsliv og karriere","datePublished":"2024-11-23T05:58:48+00:00","dateModified":"2024-11-29T15:30:43+00:00","mainEntityOfPage":{"@id":"https:\/\/www.vita-explorers.dk\/blog\/sprogophold-med-fokus-paa-karriere\/"},"wordCount":1619,"commentCount":0,"publisher":{"@id":"https:\/\/www.vita-explorers.dk\/blog\/#organization"},"image":{"@id":"https:\/\/www.vita-explorers.dk\/blog\/sprogophold-med-fokus-paa-karriere\/#primaryimage"},"thumbnailUrl":"https:\/\/www.vita-explorers.dk\/blog\/wp-content\/uploads\/2017\/12\/S\u00e9jour-linguistique-\u00e0-Majorque-GlobAlong-min.jpg","articleSection":["Nyheder","Sprogophold"],"inLanguage":"da-DK","potentialAction":[{"@type":"CommentAction","name":"Comment","target":["https:\/\/www.vita-explorers.dk\/blog\/sprogophold-med-fokus-paa-karriere\/#respond"]}]},{"@type":"WebPage","@id":"https:\/\/www.vita-explorers.dk\/blog\/sprogophold-med-fokus-paa-karriere\/","url":"https:\/\/www.vita-explorers.dk\/blog\/sprogophold-med-fokus-paa-karriere\/","name":"Professionelt sprogophold: Bliv st\u00e6rk i et fremmedsprog","isPartOf":{"@id":"https:\/\/www.vita-explorers.dk\/blog\/#website"},"primaryImageOfPage":{"@id":"https:\/\/www.vita-explorers.dk\/blog\/sprogophold-med-fokus-paa-karriere\/#primaryimage"},"image":{"@id":"https:\/\/www.vita-explorers.dk\/blog\/sprogophold-med-fokus-paa-karriere\/#primaryimage"},"thumbnailUrl":"https:\/\/www.vita-explorers.dk\/blog\/wp-content\/uploads\/2017\/12\/S\u00e9jour-linguistique-\u00e0-Majorque-GlobAlong-min.jpg","datePublished":"2024-11-23T05:58:48+00:00","dateModified":"2024-11-29T15:30:43+00:00","description":"Comment un s\u00e9jour linguistique professionnel peut-il impacter votre carri\u00e8re ? D\u00e9couvrez les avantages et les destinations id\u00e9ales.","breadcrumb":{"@id":"https:\/\/www.vita-explorers.dk\/blog\/sprogophold-med-fokus-paa-karriere\/#breadcrumb"},"inLanguage":"da-DK","potentialAction":[{"@type":"ReadAction","target":["https:\/\/www.vita-explorers.dk\/blog\/sprogophold-med-fokus-paa-karriere\/"]}]},{"@type":"ImageObject","inLanguage":"da-DK","@id":"https:\/\/www.vita-explorers.dk\/blog\/sprogophold-med-fokus-paa-karriere\/#primaryimage","url":"https:\/\/www.vita-explorers.dk\/blog\/wp-content\/uploads\/2017\/12\/S\u00e9jour-linguistique-\u00e0-Majorque-GlobAlong-min.jpg","contentUrl":"https:\/\/www.vita-explorers.dk\/blog\/wp-content\/uploads\/2017\/12\/S\u00e9jour-linguistique-\u00e0-Majorque-GlobAlong-min.jpg","width":935,"height":623,"caption":"S\u00e9jour linguistique professionnel"},{"@type":"BreadcrumbList","@id":"https:\/\/www.vita-explorers.dk\/blog\/sprogophold-med-fokus-paa-karriere\/#breadcrumb","itemListElement":[{"@type":"ListItem","position":1,"name":"Accueil","item":"https:\/\/www.vita-explorers.dk\/blog\/"},{"@type":"ListItem","position":2,"name":"Sprogophold med fokus p\u00e5 arbejdsliv og karriere"}]},{"@type":"WebSite","@id":"https:\/\/www.vita-explorers.dk\/blog\/#website","url":"https:\/\/www.vita-explorers.dk\/blog\/","name":"Association Globalong","description":"Frivilligt arbejde, sprogophold, praktik i udlandet og internationale oplevelser","publisher":{"@id":"https:\/\/www.vita-explorers.dk\/blog\/#organization"},"potentialAction":[{"@type":"SearchAction","target":{"@type":"EntryPoint","urlTemplate":"https:\/\/www.vita-explorers.dk\/blog\/?s={search_term_string}"},"query-input":{"@type":"PropertyValueSpecification","valueRequired":true,"valueName":"search_term_string"}}],"inLanguage":"da-DK"},{"@type":"Organization","@id":"https:\/\/www.vita-explorers.dk\/blog\/#organization","name":"Association Globalong","url":"https:\/\/www.vita-explorers.dk\/blog\/","logo":{"@type":"ImageObject","inLanguage":"da-DK","@id":"https:\/\/www.vita-explorers.dk\/blog\/#\/schema\/logo\/image\/","url":"https:\/\/www.globalong.com\/blog\/wp-content\/uploads\/2014\/11\/cropped-cropped-Logo-et-Afrique-Globalong-petite-taille-2.jpg","contentUrl":"https:\/\/www.globalong.com\/blog\/wp-content\/uploads\/2014\/11\/cropped-cropped-Logo-et-Afrique-Globalong-petite-taille-2.jpg","width":512,"height":512,"caption":"Association Globalong"},"image":{"@id":"https:\/\/www.vita-explorers.dk\/blog\/#\/schema\/logo\/image\/"},"sameAs":["https:\/\/www.facebook.com\/globalong"]},{"@type":"Person","@id":"https:\/\/www.vita-explorers.dk\/blog\/#\/schema\/person\/fc0343a2f2db2ebb2793c1f62dbe73f0","name":"VITA Tribe","image":{"@type":"ImageObject","inLanguage":"da-DK","@id":"https:\/\/www.vita-explorers.dk\/blog\/#\/schema\/person\/image\/","url":"https:\/\/secure.gravatar.com\/avatar\/f7f05026bb439d0c96b30e135e5f852c?s=96&d=mm&r=g","contentUrl":"https:\/\/secure.gravatar.com\/avatar\/f7f05026bb439d0c96b30e135e5f852c?s=96&d=mm&r=g","caption":"VITA Tribe"},"sameAs":["http:\/\/www.globalong.com"],"url":"https:\/\/www.vita-explorers.dk\/blog\/author\/teamglobalong\/"}]}},"_links":{"self":[{"href":"https:\/\/www.vita-explorers.dk\/blog\/wp-json\/wp\/v2\/posts\/18322"}],"collection":[{"href":"https:\/\/www.vita-explorers.dk\/blog\/wp-json\/wp\/v2\/posts"}],"about":[{"href":"https:\/\/www.vita-explorers.dk\/blog\/wp-json\/wp\/v2\/types\/post"}],"author":[{"embeddable":true,"href":"https:\/\/www.vita-explorers.dk\/blog\/wp-json\/wp\/v2\/users\/7"}],"replies":[{"embeddable":true,"href":"https:\/\/www.vita-explorers.dk\/blog\/wp-json\/wp\/v2\/comments?post=18322"}],"version-history":[{"count":5,"href":"https:\/\/www.vita-explorers.dk\/blog\/wp-json\/wp\/v2\/posts\/18322\/revisions"}],"predecessor-version":[{"id":19406,"href":"https:\/\/www.vita-explorers.dk\/blog\/wp-json\/wp\/v2\/posts\/18322\/revisions\/19406"}],"wp:featuredmedia":[{"embeddable":true,"href":"https:\/\/www.vita-explorers.dk\/blog\/wp-json\/wp\/v2\/media\/8398"}],"wp:attachment":[{"href":"https:\/\/www.vita-explorers.dk\/blog\/wp-json\/wp\/v2\/media?parent=18322"}],"wp:term":[{"taxonomy":"category","embeddable":true,"href":"https:\/\/www.vita-explorers.dk\/blog\/wp-json\/wp\/v2\/categories?post=18322"},{"taxonomy":"post_tag","embeddable":true,"href":"https:\/\/www.vita-explorers.dk\/blog\/wp-json\/wp\/v2\/tags?post=18322"}],"curies":[{"name":"wp","href":"https:\/\/api.w.org\/{rel}","templated":true}]}}