{"id":18485,"date":"2024-11-15T06:18:51","date_gmt":"2024-11-15T05:18:51","guid":{"rendered":"https:\/\/www.globalong.com\/blog\/?p=18485"},"modified":"2025-09-14T14:29:54","modified_gmt":"2025-09-14T12:29:54","slug":"internationalt-frivilligt-arbejde-for-unge-fra-quebec","status":"publish","type":"post","link":"https:\/\/www.vita-explorers.dk\/blog\/internationalt-frivilligt-arbejde-for-unge-fra-quebec\/","title":{"rendered":"Internationalt frivilligt arbejde for unge fra Qu\u00e9bec"},"content":{"rendered":"<h1 style=\"text-align: justify;\"><strong>Internationalt frivilligt arbejde for unge fra Qu\u00e9bec: en l\u00e6rerig oplevelse<\/strong><\/h1>\n<hr \/>\n<h2 style=\"text-align: justify;\"><strong>Introduktion til internationalt frivilligt arbejde<\/strong><\/h2>\n<p style=\"text-align: justify;\"><strong><a href=\"https:\/\/www.vita-explorers.dk\/blog\/internationalt-frivilligt-ophold\/\" target=\"_blank\" rel=\"noopener\">Internationalt frivilligt arbejde<\/a> for unge fra Qu\u00e9bec<\/strong> er en oplagt vej ud i verden. Det er en oplevelse, der s\u00e6tter sig fast og giver noget med hjem. Et ophold i udlandet kan \u00e5bne for nye kulturer, styrke dine kompetencer og bidrage meningsfuldt i lokalsamfund. Samtidig er frivilligt arbejde i udlandet meget mere end en rejse \u2013 det kr\u00e6ver nysgerrighed, ansvarlighed og lysten til at v\u00e6re til gavn.<\/p>\n<hr \/>\n<h2 style=\"text-align: justify;\"><strong>Hvorfor tage frivilligt arbejde i udlandet?<\/strong><\/h2>\n<h3 style=\"text-align: justify;\"><strong><em>Personlig og faglig udvikling<\/em><\/strong><\/h3>\n<p style=\"text-align: justify;\">Frivilligt arbejde i udlandet er en s\u00e6rlig mulighed for unge, der gerne vil udvikle sig. Erfaringen kan hj\u00e6lpe dig med at <a href=\"https:\/\/www.vita-explorers.dk\/blog\/de-blode-kompetencer-du-udvikler-pa-et-internationalt-forlob\/\" target=\"_blank\" rel=\"noopener\">opbygge vigtige personlige kompetencer<\/a> som robusthed, selvtillid og evnen til hurtigt at omstille sig. Mange unge fra Qu\u00e9bec vender hjem med nye perspektiver \u2013 og en st\u00e6rkere tro p\u00e5 egne evner. Det er ogs\u00e5 kompetencer, som arbejdsgivere v\u00e6rds\u00e6tter, is\u00e6r n\u00e5r det handler om samarbejde og at h\u00e5ndtere udfordringer i praksis.<\/p>\n<h3 style=\"text-align: justify;\"><strong><em>Kulturel fordybelse og et mere \u00e5bent blik<\/em><\/strong><\/h3>\n<p style=\"text-align: justify;\">At rejse ud for at lave frivilligt arbejde som ung fra <a href=\"https:\/\/www.vita-explorers.dk\/blog\/frivilligt-arbejde-med-dyr-i-udlandet-for-quebecoise\/\" target=\"_blank\" rel=\"noopener\">Qu\u00e9bec<\/a> er ogs\u00e5 en sj\u00e6lden chance for at opleve andre hverdage og m\u00e5der at leve p\u00e5. Fordybelsen giver ikke kun en bedre forst\u00e5else af verden, men kan ogs\u00e5 udfordre vaner og antagelser p\u00e5 en konstruktiv m\u00e5de. N\u00e5r unge skaber relationer undervejs, udvikler de en kulturel forst\u00e5else, der ofte f\u00f8lger dem resten af livet.<\/p>\n<hr \/>\n<h2 style=\"text-align: justify;\"><strong>Muligheder for frivilligt arbejde for unge fra Qu\u00e9bec<\/strong><\/h2>\n<h3 style=\"text-align: justify;\"><strong><em>Programmer efter alder og interesser<\/em><\/strong><\/h3>\n<p style=\"text-align: justify;\">Der findes mange forskellige programmer for unge fra Qu\u00e9bec. Nogle er <a href=\"https:\/\/www.vita-explorers.dk\/blog\/sprogophold-for-teenagere\/\" target=\"_blank\" rel=\"noopener\">tilrettelagt til teenagere og har fokus p\u00e5 kulturudveksling eller sprogophold.<\/a> Andre er mere m\u00e5lrettede unge voksne. Uanset om interessen er <strong>milj\u00f8<\/strong>, <strong>undervisning<\/strong> eller <strong>sundhed<\/strong>, kan de fleste finde et forl\u00f8b, der passer. P\u00e5 den m\u00e5de kan man bidrage ud fra sine interesser og det, man er god til.<\/p>\n<h3 style=\"text-align: justify;\"><strong><em>Muligheder for mange typer deltagere<\/em><\/strong><\/h3>\n<p style=\"text-align: justify;\">Uanset baggrund og pr\u00e6ferencer kan de fleste <a href=\"https:\/\/www.vita-explorers.dk\/blog\/humanitaer-rejse-for-mindreaarige\/\" target=\"_blank\" rel=\"noopener\">unge<\/a> finde et <a href=\"https:\/\/www.vita-explorers.dk\/blog\/top-10-naturdestinationer-frivilligt-arbejde-bevaring\/\" target=\"_blank\" rel=\"noopener\">frivilligprogram<\/a>, der matcher dem. Der findes projekter, der sp\u00e6nder fra undervisning i engelsk til naturbevarelse og community-st\u00f8tte. Det giver plads til, at man b\u00e5de kan l\u00e6re og g\u00f8re en forskel p\u00e5 en ansvarlig m\u00e5de.<\/p>\n<hr \/>\n<h2 style=\"text-align: justify;\"><strong>S\u00e5dan v\u00e6lger du det rigtige frivilligprogram i udlandet<\/strong><\/h2>\n<h3 style=\"text-align: justify;\"><strong><em>Bliv klar p\u00e5 dine m\u00e5l<\/em><\/strong><\/h3>\n<p style=\"text-align: justify;\">F\u00f8r du beslutter dig, er det en god id\u00e9 at v\u00e6re tydelig omkring dine egne m\u00e5l. En ung med interesse for undervisning kan for eksempel v\u00e6lge et <a href=\"https:\/\/www.vita-explorers.dk\/blog\/humanit\u00e6rt-forl\u00f8b-en-tanzanie\/\" target=\"_blank\" rel=\"noopener\">uddannelsesrettet program.<\/a> Er du mere til natur og biodiversitet, kan et <a href=\"https:\/\/www.vita-explorers.dk\/blog\/ugens-fokus-programmer-til-bevarelse-af-havskildpadder\/\" target=\"_blank\" rel=\"noopener\">bevaringsprojekt<\/a> v\u00e6re et bedre match. N\u00e5r program og v\u00e6rdier h\u00e6nger sammen, bliver oplevelsen typisk mere meningsfuld \u2013 og motivationen lettere at holde.<\/p>\n<h3 style=\"text-align: justify;\"><strong><em>V\u00e6lg en organisation, du kan have tillid til<\/em><\/strong><\/h3>\n<p style=\"text-align: justify;\">For at f\u00e5 en god og tryg oplevelse er det vigtigt at <a href=\"https:\/\/www.vita-explorers.dk\/blog\/humanitaer-forening-quebec\/\" target=\"_blank\" rel=\"noopener\">v\u00e6lge en organisation med et solidt omd\u00f8mme.<\/a> Her kan <a href=\"https:\/\/www.vita-explorers.dk\/blog\/avis-globalong\/\" target=\"_blank\" rel=\"noopener\">erfaringer fra tidligere deltagere<\/a> v\u00e6re en hj\u00e6lp til at vurdere kvalitet og forventninger. Ved at stille sp\u00f8rgsm\u00e5l til teamet og s\u00e6tte dig ind i, hvordan forl\u00f8bene er tilrettelagt, kan du bedre sikre, at dit ophold bidrager positivt.<\/p>\n<hr \/>\n<h2 style=\"text-align: justify;\"><strong>Popul\u00e6re destinationer for unge fra Qu\u00e9bec<\/strong><\/h2>\n<h3 style=\"text-align: justify;\"><strong><em>G\u00e6stfri lande og st\u00e6rke kulturm\u00f8der<\/em><\/strong><\/h3>\n<p style=\"text-align: justify;\">Nogle lande tiltr\u00e6kker s\u00e6rligt <strong>unge fra <a href=\"https:\/\/www.vita-explorers.dk\/blog\/frivilligt-arbejde-for-unge\/\" target=\"_blank\" rel=\"noopener\">Qu\u00e9bec<\/a>, der vil lave frivilligt arbejde<\/strong>. Destinationer som <a href=\"https:\/\/www.vita-explorers.dk\/sprog-og-frivilligt-arbejde\/frivilligt-arbejde-spansk-costa-rica.html\" target=\"_blank\" rel=\"noopener\">Costa Rica<\/a>, <a href=\"https:\/\/www.vita-explorers.dk\/frivilligt-arbejde\/frivilligt-arbejde-kenya.html\" target=\"_blank\" rel=\"noopener\">Kenya<\/a> og <a href=\"https:\/\/www.vita-explorers.dk\/frivilligt-arbejde\/thailand-bangkok-ayutthaya.html\" target=\"_blank\" rel=\"noopener\">Thailand<\/a> er kendt for g\u00e6stfrihed og et rigt kulturliv. Derudover opleves de ofte som trygge rammer, hvor der er god plads til l\u00e6ring, hverdagsliv og udforskning.<\/p>\n<h3 style=\"text-align: justify;\"><strong><em>S\u00e6rlige landskaber og relationer, der varer ved<\/em><\/strong><\/h3>\n<p style=\"text-align: justify;\">Samtidig giver destinationerne mulighed for at bo i smukke omgivelser og skabe t\u00e6tte relationer undervejs. De forbindelser kan blive ved med at betyde noget l\u00e6nge efter, man er hjemme igen \u2013 og g\u00f8r ofte hele opholdet til en menneskelig erfaring, der s\u00e6tter spor.<\/p>\n<hr \/>\n<h2 style=\"text-align: justify;\"><strong>Kompetencer du kan f\u00e5 gennem internationalt frivilligt arbejde<\/strong><\/h2>\n<h3 style=\"text-align: justify;\"><strong><em>Udvikling af efterspurgte kompetencer<\/em><\/strong><\/h3>\n<p style=\"text-align: justify;\">Internationalt frivilligt arbejde kan <a href=\"https:\/\/www.vita-explorers.dk\/blog\/tv\u00e6rg\u00e5ende-kompetencer-soft-skills\/\" target=\"_blank\" rel=\"noopener\">styrke centrale kompetencer<\/a>, blandt andet lederskab og evnen til at arbejde i team. Det kan v\u00e6re v\u00e6rdifuldt b\u00e5de personligt og professionelt. Mange arbejdsgivere l\u00e6gger v\u00e6gt p\u00e5, at unge har erfaring med forskellige situationer og kan samarbejde p\u00e5 tv\u00e6rs af rammer og kulturer.<\/p>\n<h3 style=\"text-align: justify;\"><strong><em>Sprog som n\u00f8gle til forst\u00e5else<\/em><\/strong><\/h3>\n<p style=\"text-align: justify;\">Et internationalt forl\u00f8b giver ogs\u00e5 mulighed for <a href=\"https:\/\/www.vita-explorers.dk\/blog\/laer-et-sprog-i-immersion-frivilligt-arbejde\/\" target=\"_blank\" rel=\"noopener\">at l\u00e6re eller styrke et sprog.<\/a> N\u00e5r du kommunikerer i hverdagen, bliver du ofte mere tryg i sproget \u2013 og f\u00e5r samtidig en bedre fornemmelse for kulturelle nuancer. Det kan v\u00e6re en fordel b\u00e5de i studier, job og fremtidige internationale sammenh\u00e6nge.<\/p>\n<hr \/>\n<h2 style=\"text-align: justify;\"><strong>Typer af internationale frivilligprogrammer for unge fra Qu\u00e9bec<\/strong><\/h2>\n<h3 style=\"text-align: justify;\"><strong><em>Muligheder for mange interesser<\/em><\/strong><\/h3>\n<p style=\"text-align: justify;\">Der findes mange forskellige <a href=\"https:\/\/www.vita-explorers.dk\/frivilligt-arbejde\/\">frivilligprogrammer<\/a>, som kan tilpasses interesser og kompetencer. Uddannelsesprojekter kan for eksempel handle om at undervise i engelsk eller andre fag, mens milj\u00f8indsatser typisk fokuserer p\u00e5 at beskytte natur og \u00f8kosystemer.<\/p>\n<h3 style=\"text-align: justify;\"><strong><em>Konkrete bidrag i lokalsamfund<\/em><\/strong><\/h3>\n<p style=\"text-align: justify;\">N\u00e5r du v\u00e6lger et program, der passer til dig, kan du bidrage mere m\u00e5lrettet til lokalsamfundets behov. Mange projekter er t\u00e6nkt med et langsigtet perspektiv og sigter efter varige forbedringer. Undervejs f\u00e5r deltagerne ofte ogs\u00e5 selv nye erfaringer, kompetencer og et bredere udsyn.<\/p>\n<hr \/>\n<h2 style=\"text-align: justify;\"><strong>\u00d8konomi i forbindelse med internationalt frivilligt arbejde<\/strong><\/h2>\n<h3 style=\"text-align: justify;\"><strong><em>Lav et realistisk budget<\/em><\/strong><\/h3>\n<p style=\"text-align: justify;\">Frivilligt arbejde i udlandet kan medf\u00f8re nogle udgifter. De fleste programmer forventer, at deltagerne selv d\u00e6kker transport og indkvartering. Til geng\u00e6ld findes der m\u00e5der at mindske omkostningerne p\u00e5, blandt andet via legater og tilskud.<\/p>\n<h3 style=\"text-align: justify;\"><strong><em>Legater og tilskud<\/em><\/strong><\/h3>\n<p style=\"text-align: justify;\">Unge fra Qu\u00e9bec kan i nogle tilf\u00e6lde s\u00f8ge legater, som kan finansiere en del af opholdet. Ved at s\u00f8ge i god tid \u00f8ger du typisk chancen for at f\u00e5 \u00f8konomisk st\u00f8tte.<\/p>\n<hr \/>\n<h2 style=\"text-align: justify;\"><strong>FAQ om internationalt frivilligt arbejde for unge fra Qu\u00e9bec<\/strong><\/h2>\n<h3 style=\"text-align: justify;\"><strong>Hvilken alder er bedst til internationalt frivilligt arbejde?<\/strong><\/h3>\n<p style=\"text-align: justify;\">De fleste <a href=\"https:\/\/www.vita-explorers.dk\/blog\/frivilligt-arbejde-i-udlandet\/\" target=\"_blank\" rel=\"noopener\">frivilligprogrammer<\/a> er \u00e5bne fra 18 \u00e5r. Nogle accepterer ogs\u00e5 mindre\u00e5rige, hvis de rejser med en voksen. C\u00e9gep-studerende og unge voksne kan ofte v\u00e6lge mere intensive forl\u00f8b, hvor der stilles st\u00f8rre krav til ansvar og kompetencer.<\/p>\n<h3 style=\"text-align: justify;\"><strong>Hvilke finansieringsmuligheder findes der for unge frivillige fra Qu\u00e9bec?<\/strong><\/h3>\n<p style=\"text-align: justify;\">Der kan v\u00e6re adgang til forskellige former for \u00f8konomisk st\u00f8tte. Derudover er fundraising-kampagner ogs\u00e5 en god m\u00e5de at samle midler ind til opholdet.<\/p>\n<h3 style=\"text-align: justify;\"><strong>Hvilke lande er popul\u00e6re for unge fra Qu\u00e9bec, der vil lave frivilligt arbejde?<\/strong><\/h3>\n<p style=\"text-align: justify;\">Blandt de mest popul\u00e6re destinationer er Costa Rica, Thailand, Ghana og Indien. Landene tilbyder store kulturm\u00f8der, flotte naturomr\u00e5der og en bred vifte af projekter \u2013 s\u00e6rligt inden for undervisning og naturbevarelse.<\/p>\n<h3 style=\"text-align: justify;\"><strong>Hvordan finder jeg p\u00e5lidelige organisationer til frivilligt arbejde?<\/strong><\/h3>\n<p style=\"text-align: justify;\">Platforme som VITA Institute er kendt for gennemsigtighed og veldesignede forl\u00f8b. Erfaringer fra tidligere deltagere kan ogs\u00e5 v\u00e6re en god kilde til viden, n\u00e5r du skal vurdere, hvad der passer til dig.<\/p>\n<h3 style=\"text-align: justify;\"><strong>Hvilke kompetencer kan jeg f\u00e5 gennem internationalt frivilligt arbejde?<\/strong><\/h3>\n<p style=\"text-align: justify;\">Internationalt frivilligt arbejde kan styrke kompetencer som lederskab, stressh\u00e5ndtering og interkulturel kommunikation. Det kan give et CV et l\u00f8ft og v\u00e6re relevant for uddannelser og jobs inden for fx internationale relationer og samfundsvidenskab.<\/p>\n<h3 style=\"text-align: justify;\"><strong>Kan frivilligt arbejde i udlandet forbedre mine sprogkundskaber?<\/strong><\/h3>\n<p style=\"text-align: justify;\">Helt sikkert. N\u00e5r du er i et andet land, bruger du ofte sproget hver dag i praksis. Nogle forl\u00f8b inkluderer ogs\u00e5 sprogundervisning, s\u00e5 du kan blive bedre til fx spansk eller engelsk.<\/p>\n<hr \/>\n<h3 style=\"text-align: justify;\"><strong>Konklusion<\/strong><\/h3>\n<p style=\"text-align: justify;\">Internationalt frivilligt arbejde kan v\u00e6re en helt s\u00e6rlig oplevelse for unge fra Qu\u00e9bec. Det handler om at tage ud i verden og samtidig bidrage positivt i f\u00e6llesskaber, der byder dig velkommen. Mange vender hjem med nye kompetencer, st\u00f8rre selvindsigt og et bredere perspektiv p\u00e5 verden. N\u00e5r de deler deres oplevelser efter hjemkomst, kan det ogs\u00e5 inspirere andre til at engagere sig og styrke v\u00e6rdier som respekt, \u00e5benhed og solidaritet.<\/p>\n<p class=\"p4\" style=\"text-align: center;\"><b>For mere information er du velkommen til at kontakte os p\u00e5 <\/b><a href=\"mailto:info@globalong.com\"><span class=\"s2\"><b>info@globalong.com<\/b><\/span><\/a><\/p>\n<p class=\"p4\" style=\"text-align: center;\"><b>Vil du f\u00f8lge mere med i VITA Institute og vores community, kan du finde os p\u00e5 <\/b><a href=\"https:\/\/www.instagram.com\/globalongofficiel\/\"><span class=\"s2\"><b>Instagram<\/b><\/span><\/a><b>, <\/b><a href=\"https:\/\/www.facebook.com\/globalong\"><span class=\"s2\"><b>Facebook<\/b><\/span><\/a><b>, <\/b><a href=\"https:\/\/www.linkedin.com\/company\/5113177\/admin\/feed\/posts\/\"><span class=\"s2\"><b>LinkedIn<\/b><\/span><\/a><b> og <\/b><a href=\"https:\/\/www.youtube.com\/c\/globalong\/videos\"><span class=\"s2\"><b>Youtube<\/b><\/span><\/a><b>! <\/b><\/p>\n<div class=\"ti-widget ti-goog\" data-layout-id=\"4\" data-set-id=\"light-background\" data-pid=\"\" data-language=\"fr\" data-version=\"2\" data-review-target-width=\"300\" data-review-text-mode=\"readmore\" data-pager-autoplay-timeout=\"6\" > <div class=\"ti-widget-container ti-col-3\"> <div class=\"ti-reviews-container\"> <div class=\"ti-controls\"> <div class=\"ti-next\" aria-label=\"Avis suivante\" role=\"button\"><\/div> <div class=\"ti-prev\" aria-label=\"Avis pr\u00e9c\u00e9dent\" role=\"button\"><\/div> <\/div> <div class=\"ti-reviews-container-wrapper\">  <div data-empty=\"0\" class=\"ti-review-item source-Google ti-image-layout-thumbnail\" data-id=\"cfcd208495d565ef66e7dff9f98764da\" > <div class=\"ti-inner\"> <div class=\"ti-review-header\"> <div class=\"ti-profile-img\"> <img decoding=\"async\" src=\"https:\/\/lh3.googleusercontent.com\/a\/ACg8ocKpaoKe37CD0_POxO97KqB60GsWQRsIuG2vmCfXT-W_FY44vw=s120-c-rp-mo-br100\" srcset=\"https:\/\/lh3.googleusercontent.com\/a\/ACg8ocKpaoKe37CD0_POxO97KqB60GsWQRsIuG2vmCfXT-W_FY44vw=s120-c-rp-mo-br100 2x\" alt=\"Lucie Correia\" loading=\"lazy\" \/> <\/div> <div class=\"ti-profile-details\"> <div class=\"ti-name\"> Lucie Correia <\/div> <div class=\"ti-date\">2024-10-17<\/div> <\/div> <\/div> <span class=\"ti-stars\"><span class=\"ti-star f\"><\/span><span class=\"ti-star f\"><\/span><span class=\"ti-star f\"><\/span><span class=\"ti-star f\"><\/span><span class=\"ti-star f\"><\/span><\/span> <div class=\"ti-review-text-container ti-review-content\"><!-- R-CONTENT -->La communication avec Globalong est super, personnes tr\u00e8s pr\u00e9sentes pour les b\u00e9n\u00e9voles et \u00e9tudiants partant avec cette association. Elles r\u00e9pondent \u00e0 toutes nos questions et sont tr\u00e8s accessibles au t\u00e9l\u00e9phone.<!-- R-CONTENT --><\/div> <span class=\"ti-read-more\" data-container=\".ti-review-content\" data-collapse-text=\"Cacher\" data-open-text=\"Lire la suite\" ><\/span> <\/div> <\/div>  <div data-empty=\"0\" class=\"ti-review-item source-Google ti-image-layout-thumbnail\" data-id=\"cfcd208495d565ef66e7dff9f98764da\" > <div class=\"ti-inner\"> <div class=\"ti-review-header\"> <div class=\"ti-profile-img\"> <img decoding=\"async\" src=\"https:\/\/lh3.googleusercontent.com\/a-\/ALV-UjWqnnzM7-7c9BDqeTDF-a7pOgNjvLkJ3WshRd_Tn7z0Eu-AGQwo=s120-c-rp-mo-br100\" srcset=\"https:\/\/lh3.googleusercontent.com\/a-\/ALV-UjWqnnzM7-7c9BDqeTDF-a7pOgNjvLkJ3WshRd_Tn7z0Eu-AGQwo=s120-c-rp-mo-br100 2x\" alt=\"Ra\u00efssa Frisch\" loading=\"lazy\" \/> <\/div> <div class=\"ti-profile-details\"> <div class=\"ti-name\"> Ra\u00efssa Frisch <\/div> <div class=\"ti-date\">2024-10-14<\/div> <\/div> <\/div> <span class=\"ti-stars\"><span class=\"ti-star f\"><\/span><span class=\"ti-star f\"><\/span><span class=\"ti-star f\"><\/span><span class=\"ti-star f\"><\/span><span class=\"ti-star f\"><\/span><\/span> <div class=\"ti-review-text-container ti-review-content\"><!-- R-CONTENT -->J\u2019ai d\u00e9j\u00e0 eu l\u2019opportunit\u00e9 de r\u00e9aliser deux projets humanitaires avec l\u2019association Globalong. Je ne peux que la recommander, car j\u2019ai toujours b\u00e9n\u00e9fici\u00e9 d\u2019un excellent accompagnement, aussi bien avant que pendant le voyage. On ne vous laisse pas vous d\u00e9brouiller seuls, bien au contraire, vous \u00eates tr\u00e8s bien encadr\u00e9s pour accomplir toutes les d\u00e9marches dans les d\u00e9lais.\n\nAu-del\u00e0 du suivi, les exp\u00e9riences humanitaires propos\u00e9es par Globalong ne peuvent que transformer votre vie de mani\u00e8re positive. Elles vous apportent une richesse humaine inestimable.<!-- R-CONTENT --><\/div> <span class=\"ti-read-more\" data-container=\".ti-review-content\" data-collapse-text=\"Cacher\" data-open-text=\"Lire la suite\" ><\/span> <\/div> <\/div>  <div data-empty=\"0\" class=\"ti-review-item source-Google ti-image-layout-thumbnail\" data-id=\"cfcd208495d565ef66e7dff9f98764da\" > <div class=\"ti-inner\"> <div class=\"ti-review-header\"> <div class=\"ti-profile-img\"> <img decoding=\"async\" src=\"https:\/\/lh3.googleusercontent.com\/a\/ACg8ocJL-Dxv25YkXK2QwWPNRxTVqZCv5uTmDQDFg5qslKra3vRZew=s120-c-rp-mo-br100\" srcset=\"https:\/\/lh3.googleusercontent.com\/a\/ACg8ocJL-Dxv25YkXK2QwWPNRxTVqZCv5uTmDQDFg5qslKra3vRZew=s120-c-rp-mo-br100 2x\" alt=\"Tara Turan\" loading=\"lazy\" \/> <\/div> <div class=\"ti-profile-details\"> <div class=\"ti-name\"> Tara Turan <\/div> <div class=\"ti-date\">2024-10-14<\/div> <\/div> <\/div> <span class=\"ti-stars\"><span class=\"ti-star f\"><\/span><span class=\"ti-star f\"><\/span><span class=\"ti-star f\"><\/span><span class=\"ti-star f\"><\/span><span class=\"ti-star f\"><\/span><\/span> <div class=\"ti-review-text-container ti-review-content\"><!-- R-CONTENT -->Une des meilleures associations que j\u2019ai pu faire !\nUne organisation et un suivi vraiment parfait, c\u2019est avec grand plaisir que je referai un projet avec eux.<!-- R-CONTENT --><\/div> <span class=\"ti-read-more\" data-container=\".ti-review-content\" data-collapse-text=\"Cacher\" data-open-text=\"Lire la suite\" ><\/span> <\/div> <\/div>  <div data-empty=\"0\" class=\"ti-review-item source-Google ti-image-layout-thumbnail\" data-id=\"cfcd208495d565ef66e7dff9f98764da\" > <div class=\"ti-inner\"> <div class=\"ti-review-header\"> <div class=\"ti-profile-img\"> <img decoding=\"async\" src=\"https:\/\/lh3.googleusercontent.com\/a\/ACg8ocLctTPNovSk3eKM0b_MIPOfcFEQsz2135Cdu59_BWRVsIYC7Q=s120-c-rp-mo-br100\" srcset=\"https:\/\/lh3.googleusercontent.com\/a\/ACg8ocLctTPNovSk3eKM0b_MIPOfcFEQsz2135Cdu59_BWRVsIYC7Q=s120-c-rp-mo-br100 2x\" alt=\"Repiquet Julie\" loading=\"lazy\" \/> <\/div> <div class=\"ti-profile-details\"> <div class=\"ti-name\"> Repiquet Julie <\/div> <div class=\"ti-date\">2024-10-13<\/div> <\/div> <\/div> <span class=\"ti-stars\"><span class=\"ti-star f\"><\/span><span class=\"ti-star f\"><\/span><span class=\"ti-star f\"><\/span><span class=\"ti-star f\"><\/span><span class=\"ti-star f\"><\/span><\/span> <div class=\"ti-review-text-container ti-review-content\"><!-- R-CONTENT -->Tr\u00e8s bon accompagnement de la part de Globalong, du premier jour avec toutes mes interrogations, jusqu'au d\u00e9part dans quelques jours. Le dossier transmis apr\u00e8s validation de la mission est plus que complet, les webmaster tr\u00e8s int\u00e9ressantes et permettent de d\u00e9charger mentalement ce genre de pr\u00e9paration, tout est pr\u00e9vu il n'y a plus qu'\u00e0 suivre ! Merci \u00e0 Florence de r\u00e9pondre \u00e0 toutes mes questions avec gentillesse et bienveillance, cela m'a permis de passer le cap!\nMaintenant, il n'y a plus qu'\u00e0 \ud83d\ude00<!-- R-CONTENT --><\/div> <span class=\"ti-read-more\" data-container=\".ti-review-content\" data-collapse-text=\"Cacher\" data-open-text=\"Lire la suite\" ><\/span> <\/div> <\/div>  <div data-empty=\"0\" class=\"ti-review-item source-Google ti-image-layout-thumbnail\" data-id=\"cfcd208495d565ef66e7dff9f98764da\" > <div class=\"ti-inner\"> <div class=\"ti-review-header\"> <div class=\"ti-profile-img\"> <img decoding=\"async\" src=\"https:\/\/lh3.googleusercontent.com\/a\/ACg8ocJJTdmTWs8nAA0yuH_cKOUgzc6GFAkHBiXhpnnVYXaWMBZsHw=s120-c-rp-mo-br100\" srcset=\"https:\/\/lh3.googleusercontent.com\/a\/ACg8ocJJTdmTWs8nAA0yuH_cKOUgzc6GFAkHBiXhpnnVYXaWMBZsHw=s120-c-rp-mo-br100 2x\" alt=\"Marine Guilhamat\" loading=\"lazy\" \/> <\/div> <div class=\"ti-profile-details\"> <div class=\"ti-name\"> Marine Guilhamat <\/div> <div class=\"ti-date\">2024-10-09<\/div> <\/div> <\/div> <span class=\"ti-stars\"><span class=\"ti-star f\"><\/span><span class=\"ti-star f\"><\/span><span class=\"ti-star f\"><\/span><span class=\"ti-star f\"><\/span><span class=\"ti-star f\"><\/span><\/span> <div class=\"ti-review-text-container ti-review-content\"><!-- R-CONTENT -->Tr\u00e8s belle association qui offre un cadre super s\u00e9curisant et permet de s\u2019investir dans des projets qui ont du sens. Merci \u00e0 l\u2019\u00e9quipe Globalong pour votre disponibilit\u00e9, gentillesse et accompagnement !<!-- R-CONTENT --><\/div> <span class=\"ti-read-more\" data-container=\".ti-review-content\" data-collapse-text=\"Cacher\" data-open-text=\"Lire la suite\" ><\/span> <\/div> <\/div>  <div data-empty=\"0\" class=\"ti-review-item source-Google ti-image-layout-thumbnail\" data-id=\"cfcd208495d565ef66e7dff9f98764da\" > <div class=\"ti-inner\"> <div class=\"ti-review-header\"> <div class=\"ti-profile-img\"> <img decoding=\"async\" src=\"https:\/\/lh3.googleusercontent.com\/a\/ACg8ocIgITHXKo46qgJyPqlJeAcxz11gCKUJpGIk2qauiIe2O3iZ6w=s120-c-rp-mo-br100\" srcset=\"https:\/\/lh3.googleusercontent.com\/a\/ACg8ocIgITHXKo46qgJyPqlJeAcxz11gCKUJpGIk2qauiIe2O3iZ6w=s120-c-rp-mo-br100 2x\" alt=\"Laura Mercier\" loading=\"lazy\" \/> <\/div> <div class=\"ti-profile-details\"> <div class=\"ti-name\"> Laura Mercier <\/div> <div class=\"ti-date\">2024-10-08<\/div> <\/div> <\/div> <span class=\"ti-stars\"><span class=\"ti-star f\"><\/span><span class=\"ti-star f\"><\/span><span class=\"ti-star f\"><\/span><span class=\"ti-star f\"><\/span><span class=\"ti-star f\"><\/span><\/span> <div class=\"ti-review-text-container ti-review-content\"><!-- R-CONTENT -->Mon d\u00e9part approche, je pars dans une semaine, et depuis le d\u00e9but de mon inscription je suis tr\u00e8s satisfaite du suivi effectu\u00e9 par l\u2019association. Ils sont tr\u00e8s disponibles et r\u00e9pondent rapidement \u00e0 l\u2019ensemble des questions. Je suis tr\u00e8s contente de partir faire cette mission humanitaire encadr\u00e9e par cette association. Je recommande vraiment.<!-- R-CONTENT --><\/div> <span class=\"ti-read-more\" data-container=\".ti-review-content\" data-collapse-text=\"Cacher\" data-open-text=\"Lire la suite\" ><\/span> <\/div> <\/div>  <div data-empty=\"0\" class=\"ti-review-item source-Google ti-image-layout-thumbnail\" data-id=\"cfcd208495d565ef66e7dff9f98764da\" > <div class=\"ti-inner\"> <div class=\"ti-review-header\"> <div class=\"ti-profile-img\"> <img decoding=\"async\" src=\"https:\/\/lh3.googleusercontent.com\/a-\/ALV-UjVVr0YMQhXl8QNEEB32l-rnoaYwvRZUjIEX9OEwPE_1fQwzIyk=s120-c-rp-mo-br100\" srcset=\"https:\/\/lh3.googleusercontent.com\/a-\/ALV-UjVVr0YMQhXl8QNEEB32l-rnoaYwvRZUjIEX9OEwPE_1fQwzIyk=s120-c-rp-mo-br100 2x\" alt=\"Anouk Rzkt\" loading=\"lazy\" \/> <\/div> <div class=\"ti-profile-details\"> <div class=\"ti-name\"> Anouk Rzkt <\/div> <div class=\"ti-date\">2024-10-02<\/div> <\/div> <\/div> <span class=\"ti-stars\"><span class=\"ti-star f\"><\/span><span class=\"ti-star f\"><\/span><span class=\"ti-star f\"><\/span><span class=\"ti-star f\"><\/span><span class=\"ti-star f\"><\/span><\/span> <div class=\"ti-review-text-container ti-review-content\"><!-- R-CONTENT -->Globalong est l'association parfaite. L'\u00e9quipe offre un v\u00e9ritable accompagnement rythm\u00e9 par beaucoup de conseils et d'\u00e9coute. Le site est tr\u00e8s bien fait avec des dossiers complets allant des sujets tr\u00e8s pratiques a d'autres plus th\u00e9oriques (tels que le choc culturel par exemple). Je recommande vivement et remercie sinc\u00e8rement toute l'\u00e9quipe pour leur gentillesse et investissement !<!-- R-CONTENT --><\/div> <span class=\"ti-read-more\" data-container=\".ti-review-content\" data-collapse-text=\"Cacher\" data-open-text=\"Lire la suite\" ><\/span> <\/div> <\/div>  <\/div> <div class=\"ti-controls-line\"> <div class=\"dot\"><\/div> <\/div> <\/div> <div class=\"ti-footer\"> <div class=\"ti-rating-text\"> <span class=\"nowrap\">\u00c9valuation <strong>Google<\/strong> : <\/span><span class=\"nowrap\"><strong>4.8<\/strong> sur 5, <\/span><span class=\"nowrap\">Bas\u00e9e sur <strong>240 avis<\/strong><\/span> <\/div> <\/div>  <\/div> <\/div> \n","protected":false},"excerpt":{"rendered":"<p>Internationalt frivilligt arbejde for unge fra Qu\u00e9bec: en l\u00e6rerig oplevelse Introduktion til internationalt frivilligt arbejde Internationalt frivilligt arbejde for unge fra Qu\u00e9bec er en\u2026<\/p>\n","protected":false},"author":7,"featured_media":12579,"comment_status":"open","ping_status":"open","sticky":false,"template":"","format":"standard","meta":{"footnotes":""},"categories":[8,6,4],"tags":[],"yoast_head":"<!-- This site is optimized with the Yoast SEO Premium plugin v23.4 (Yoast SEO v23.4) - https:\/\/yoast.com\/wordpress\/plugins\/seo\/ -->\n<title>Internationalt frivilligt arbejde for unge fra Qu\u00e9bec: social impact - VITA Explorers Blog<\/title>\n<meta name=\"description\" content=\"Le b\u00e9n\u00e9volat international pour les jeunes Qu\u00e9b\u00e9cois : une aventure humaine inoubliable. Faites une vraie diff\u00e9rence \u00e0 l&#039;\u00e9tranger en 2025\/26\" \/>\n<meta name=\"robots\" content=\"index, follow, max-snippet:-1, max-image-preview:large, max-video-preview:-1\" \/>\n<link rel=\"canonical\" href=\"https:\/\/www.vita-explorers.dk\/blog\/internationalt-frivilligt-arbejde-for-unge-fra-quebec\/\" \/>\n<meta property=\"og:locale\" content=\"da_DK\" \/>\n<meta property=\"og:type\" content=\"article\" \/>\n<meta property=\"og:title\" content=\"Internationalt frivilligt arbejde for unge fra Qu\u00e9bec\" \/>\n<meta property=\"og:description\" content=\"Faites une diff\u00e9rence et d\u00e9couvrez de nouvelles cultures\" \/>\n<meta property=\"og:url\" content=\"https:\/\/www.vita-explorers.dk\/blog\/internationalt-frivilligt-arbejde-for-unge-fra-quebec\/\" \/>\n<meta property=\"og:site_name\" content=\"VITA Explorers Blog\" \/>\n<meta property=\"article:publisher\" content=\"https:\/\/www.facebook.com\/globalong\" \/>\n<meta property=\"article:published_time\" content=\"2024-11-15T05:18:51+00:00\" \/>\n<meta property=\"article:modified_time\" content=\"2025-09-14T12:29:54+00:00\" \/>\n<meta property=\"og:image\" content=\"https:\/\/www.vita-explorers.dk\/blog\/wp-content\/uploads\/2019\/04\/15-min.jpg\" \/>\n\t<meta property=\"og:image:width\" content=\"1632\" \/>\n\t<meta property=\"og:image:height\" content=\"1224\" \/>\n\t<meta property=\"og:image:type\" content=\"image\/jpeg\" \/>\n<meta name=\"author\" content=\"VITA Tribe\" \/>\n<meta name=\"twitter:card\" content=\"summary_large_image\" \/>\n<meta name=\"twitter:label1\" content=\"Skrevet af\" \/>\n\t<meta name=\"twitter:data1\" content=\"VITA Tribe\" \/>\n\t<meta name=\"twitter:label2\" content=\"Estimeret l\u00e6setid\" \/>\n\t<meta name=\"twitter:data2\" content=\"7 minutter\" \/>\n<script type=\"application\/ld+json\" class=\"yoast-schema-graph\">{\"@context\":\"https:\/\/schema.org\",\"@graph\":[{\"@type\":\"Article\",\"@id\":\"https:\/\/www.vita-explorers.dk\/blog\/internationalt-frivilligt-arbejde-for-unge-fra-quebec\/#article\",\"isPartOf\":{\"@id\":\"https:\/\/www.vita-explorers.dk\/blog\/internationalt-frivilligt-arbejde-for-unge-fra-quebec\/\"},\"author\":{\"name\":\"VITA Tribe\",\"@id\":\"https:\/\/www.vita-explorers.dk\/blog\/#\/schema\/person\/fc0343a2f2db2ebb2793c1f62dbe73f0\"},\"headline\":\"Internationalt frivilligt arbejde for unge fra Qu\u00e9bec\",\"datePublished\":\"2024-11-15T05:18:51+00:00\",\"dateModified\":\"2025-09-14T12:29:54+00:00\",\"mainEntityOfPage\":{\"@id\":\"https:\/\/www.vita-explorers.dk\/blog\/internationalt-frivilligt-arbejde-for-unge-fra-quebec\/\"},\"wordCount\":1377,\"commentCount\":0,\"publisher\":{\"@id\":\"https:\/\/www.vita-explorers.dk\/blog\/#organization\"},\"image\":{\"@id\":\"https:\/\/www.vita-explorers.dk\/blog\/internationalt-frivilligt-arbejde-for-unge-fra-quebec\/#primaryimage\"},\"thumbnailUrl\":\"https:\/\/www.vita-explorers.dk\/blog\/wp-content\/uploads\/2019\/04\/15-min.jpg\",\"articleSection\":[\"Humanit\u00e6rt frivilligt arbejde\",\"Nyheder\",\"VITA Explorers\"],\"inLanguage\":\"da-DK\",\"potentialAction\":[{\"@type\":\"CommentAction\",\"name\":\"Comment\",\"target\":[\"https:\/\/www.vita-explorers.dk\/blog\/internationalt-frivilligt-arbejde-for-unge-fra-quebec\/#respond\"]}]},{\"@type\":\"WebPage\",\"@id\":\"https:\/\/www.vita-explorers.dk\/blog\/internationalt-frivilligt-arbejde-for-unge-fra-quebec\/\",\"url\":\"https:\/\/www.vita-explorers.dk\/blog\/internationalt-frivilligt-arbejde-for-unge-fra-quebec\/\",\"name\":\"Internationalt frivilligt arbejde for unge fra Qu\u00e9bec: social impact - VITA Explorers Blog\",\"isPartOf\":{\"@id\":\"https:\/\/www.vita-explorers.dk\/blog\/#website\"},\"primaryImageOfPage\":{\"@id\":\"https:\/\/www.vita-explorers.dk\/blog\/internationalt-frivilligt-arbejde-for-unge-fra-quebec\/#primaryimage\"},\"image\":{\"@id\":\"https:\/\/www.vita-explorers.dk\/blog\/internationalt-frivilligt-arbejde-for-unge-fra-quebec\/#primaryimage\"},\"thumbnailUrl\":\"https:\/\/www.vita-explorers.dk\/blog\/wp-content\/uploads\/2019\/04\/15-min.jpg\",\"datePublished\":\"2024-11-15T05:18:51+00:00\",\"dateModified\":\"2025-09-14T12:29:54+00:00\",\"description\":\"Le b\u00e9n\u00e9volat international pour les jeunes Qu\u00e9b\u00e9cois : une aventure humaine inoubliable. Faites une vraie diff\u00e9rence \u00e0 l'\u00e9tranger en 2025\/26\",\"breadcrumb\":{\"@id\":\"https:\/\/www.vita-explorers.dk\/blog\/internationalt-frivilligt-arbejde-for-unge-fra-quebec\/#breadcrumb\"},\"inLanguage\":\"da-DK\",\"potentialAction\":[{\"@type\":\"ReadAction\",\"target\":[\"https:\/\/www.vita-explorers.dk\/blog\/internationalt-frivilligt-arbejde-for-unge-fra-quebec\/\"]}]},{\"@type\":\"ImageObject\",\"inLanguage\":\"da-DK\",\"@id\":\"https:\/\/www.vita-explorers.dk\/blog\/internationalt-frivilligt-arbejde-for-unge-fra-quebec\/#primaryimage\",\"url\":\"https:\/\/www.vita-explorers.dk\/blog\/wp-content\/uploads\/2019\/04\/15-min.jpg\",\"contentUrl\":\"https:\/\/www.vita-explorers.dk\/blog\/wp-content\/uploads\/2019\/04\/15-min.jpg\",\"width\":1632,\"height\":1224,\"caption\":\"b\u00e9n\u00e9volat international pour les jeunes Qu\u00e9b\u00e9cois\"},{\"@type\":\"BreadcrumbList\",\"@id\":\"https:\/\/www.vita-explorers.dk\/blog\/internationalt-frivilligt-arbejde-for-unge-fra-quebec\/#breadcrumb\",\"itemListElement\":[{\"@type\":\"ListItem\",\"position\":1,\"name\":\"Accueil\",\"item\":\"https:\/\/www.vita-explorers.dk\/blog\/\"},{\"@type\":\"ListItem\",\"position\":2,\"name\":\"Internationalt frivilligt arbejde for unge fra Qu\u00e9bec\"}]},{\"@type\":\"WebSite\",\"@id\":\"https:\/\/www.vita-explorers.dk\/blog\/#website\",\"url\":\"https:\/\/www.vita-explorers.dk\/blog\/\",\"name\":\"Association Globalong\",\"description\":\"Frivilligt arbejde, sprogophold, praktik i udlandet og internationale oplevelser\",\"publisher\":{\"@id\":\"https:\/\/www.vita-explorers.dk\/blog\/#organization\"},\"potentialAction\":[{\"@type\":\"SearchAction\",\"target\":{\"@type\":\"EntryPoint\",\"urlTemplate\":\"https:\/\/www.vita-explorers.dk\/blog\/?s={search_term_string}\"},\"query-input\":{\"@type\":\"PropertyValueSpecification\",\"valueRequired\":true,\"valueName\":\"search_term_string\"}}],\"inLanguage\":\"da-DK\"},{\"@type\":\"Organization\",\"@id\":\"https:\/\/www.vita-explorers.dk\/blog\/#organization\",\"name\":\"Association Globalong\",\"url\":\"https:\/\/www.vita-explorers.dk\/blog\/\",\"logo\":{\"@type\":\"ImageObject\",\"inLanguage\":\"da-DK\",\"@id\":\"https:\/\/www.vita-explorers.dk\/blog\/#\/schema\/logo\/image\/\",\"url\":\"https:\/\/www.globalong.com\/blog\/wp-content\/uploads\/2014\/11\/cropped-cropped-Logo-et-Afrique-Globalong-petite-taille-2.jpg\",\"contentUrl\":\"https:\/\/www.globalong.com\/blog\/wp-content\/uploads\/2014\/11\/cropped-cropped-Logo-et-Afrique-Globalong-petite-taille-2.jpg\",\"width\":512,\"height\":512,\"caption\":\"Association Globalong\"},\"image\":{\"@id\":\"https:\/\/www.vita-explorers.dk\/blog\/#\/schema\/logo\/image\/\"},\"sameAs\":[\"https:\/\/www.facebook.com\/globalong\"]},{\"@type\":\"Person\",\"@id\":\"https:\/\/www.vita-explorers.dk\/blog\/#\/schema\/person\/fc0343a2f2db2ebb2793c1f62dbe73f0\",\"name\":\"VITA Tribe\",\"image\":{\"@type\":\"ImageObject\",\"inLanguage\":\"da-DK\",\"@id\":\"https:\/\/www.vita-explorers.dk\/blog\/#\/schema\/person\/image\/\",\"url\":\"https:\/\/secure.gravatar.com\/avatar\/f7f05026bb439d0c96b30e135e5f852c?s=96&d=mm&r=g\",\"contentUrl\":\"https:\/\/secure.gravatar.com\/avatar\/f7f05026bb439d0c96b30e135e5f852c?s=96&d=mm&r=g\",\"caption\":\"VITA Tribe\"},\"sameAs\":[\"http:\/\/www.globalong.com\"],\"url\":\"https:\/\/www.vita-explorers.dk\/blog\/author\/teamglobalong\/\"}]}<\/script>\n<!-- \/ Yoast SEO Premium plugin. -->","yoast_head_json":{"title":"Internationalt frivilligt arbejde for unge fra Qu\u00e9bec: social impact - VITA Explorers Blog","description":"Le b\u00e9n\u00e9volat international pour les jeunes Qu\u00e9b\u00e9cois : une aventure humaine inoubliable. Faites une vraie diff\u00e9rence \u00e0 l'\u00e9tranger en 2025\/26","robots":{"index":"index","follow":"follow","max-snippet":"max-snippet:-1","max-image-preview":"max-image-preview:large","max-video-preview":"max-video-preview:-1"},"canonical":"https:\/\/www.vita-explorers.dk\/blog\/internationalt-frivilligt-arbejde-for-unge-fra-quebec\/","og_locale":"da_DK","og_type":"article","og_title":"Internationalt frivilligt arbejde for unge fra Qu\u00e9bec","og_description":"Faites une diff\u00e9rence et d\u00e9couvrez de nouvelles cultures","og_url":"https:\/\/www.vita-explorers.dk\/blog\/internationalt-frivilligt-arbejde-for-unge-fra-quebec\/","og_site_name":"VITA Explorers Blog","article_publisher":"https:\/\/www.facebook.com\/globalong","article_published_time":"2024-11-15T05:18:51+00:00","article_modified_time":"2025-09-14T12:29:54+00:00","og_image":[{"width":1632,"height":1224,"url":"https:\/\/www.vita-explorers.dk\/blog\/wp-content\/uploads\/2019\/04\/15-min.jpg","type":"image\/jpeg"}],"author":"VITA Tribe","twitter_card":"summary_large_image","twitter_misc":{"Skrevet af":"VITA Tribe","Estimeret l\u00e6setid":"7 minutter"},"schema":{"@context":"https:\/\/schema.org","@graph":[{"@type":"Article","@id":"https:\/\/www.vita-explorers.dk\/blog\/internationalt-frivilligt-arbejde-for-unge-fra-quebec\/#article","isPartOf":{"@id":"https:\/\/www.vita-explorers.dk\/blog\/internationalt-frivilligt-arbejde-for-unge-fra-quebec\/"},"author":{"name":"VITA Tribe","@id":"https:\/\/www.vita-explorers.dk\/blog\/#\/schema\/person\/fc0343a2f2db2ebb2793c1f62dbe73f0"},"headline":"Internationalt frivilligt arbejde for unge fra Qu\u00e9bec","datePublished":"2024-11-15T05:18:51+00:00","dateModified":"2025-09-14T12:29:54+00:00","mainEntityOfPage":{"@id":"https:\/\/www.vita-explorers.dk\/blog\/internationalt-frivilligt-arbejde-for-unge-fra-quebec\/"},"wordCount":1377,"commentCount":0,"publisher":{"@id":"https:\/\/www.vita-explorers.dk\/blog\/#organization"},"image":{"@id":"https:\/\/www.vita-explorers.dk\/blog\/internationalt-frivilligt-arbejde-for-unge-fra-quebec\/#primaryimage"},"thumbnailUrl":"https:\/\/www.vita-explorers.dk\/blog\/wp-content\/uploads\/2019\/04\/15-min.jpg","articleSection":["Humanit\u00e6rt frivilligt arbejde","Nyheder","VITA Explorers"],"inLanguage":"da-DK","potentialAction":[{"@type":"CommentAction","name":"Comment","target":["https:\/\/www.vita-explorers.dk\/blog\/internationalt-frivilligt-arbejde-for-unge-fra-quebec\/#respond"]}]},{"@type":"WebPage","@id":"https:\/\/www.vita-explorers.dk\/blog\/internationalt-frivilligt-arbejde-for-unge-fra-quebec\/","url":"https:\/\/www.vita-explorers.dk\/blog\/internationalt-frivilligt-arbejde-for-unge-fra-quebec\/","name":"Internationalt frivilligt arbejde for unge fra Qu\u00e9bec: social impact - VITA Explorers Blog","isPartOf":{"@id":"https:\/\/www.vita-explorers.dk\/blog\/#website"},"primaryImageOfPage":{"@id":"https:\/\/www.vita-explorers.dk\/blog\/internationalt-frivilligt-arbejde-for-unge-fra-quebec\/#primaryimage"},"image":{"@id":"https:\/\/www.vita-explorers.dk\/blog\/internationalt-frivilligt-arbejde-for-unge-fra-quebec\/#primaryimage"},"thumbnailUrl":"https:\/\/www.vita-explorers.dk\/blog\/wp-content\/uploads\/2019\/04\/15-min.jpg","datePublished":"2024-11-15T05:18:51+00:00","dateModified":"2025-09-14T12:29:54+00:00","description":"Le b\u00e9n\u00e9volat international pour les jeunes Qu\u00e9b\u00e9cois : une aventure humaine inoubliable. Faites une vraie diff\u00e9rence \u00e0 l'\u00e9tranger en 2025\/26","breadcrumb":{"@id":"https:\/\/www.vita-explorers.dk\/blog\/internationalt-frivilligt-arbejde-for-unge-fra-quebec\/#breadcrumb"},"inLanguage":"da-DK","potentialAction":[{"@type":"ReadAction","target":["https:\/\/www.vita-explorers.dk\/blog\/internationalt-frivilligt-arbejde-for-unge-fra-quebec\/"]}]},{"@type":"ImageObject","inLanguage":"da-DK","@id":"https:\/\/www.vita-explorers.dk\/blog\/internationalt-frivilligt-arbejde-for-unge-fra-quebec\/#primaryimage","url":"https:\/\/www.vita-explorers.dk\/blog\/wp-content\/uploads\/2019\/04\/15-min.jpg","contentUrl":"https:\/\/www.vita-explorers.dk\/blog\/wp-content\/uploads\/2019\/04\/15-min.jpg","width":1632,"height":1224,"caption":"b\u00e9n\u00e9volat international pour les jeunes Qu\u00e9b\u00e9cois"},{"@type":"BreadcrumbList","@id":"https:\/\/www.vita-explorers.dk\/blog\/internationalt-frivilligt-arbejde-for-unge-fra-quebec\/#breadcrumb","itemListElement":[{"@type":"ListItem","position":1,"name":"Accueil","item":"https:\/\/www.vita-explorers.dk\/blog\/"},{"@type":"ListItem","position":2,"name":"Internationalt frivilligt arbejde for unge fra Qu\u00e9bec"}]},{"@type":"WebSite","@id":"https:\/\/www.vita-explorers.dk\/blog\/#website","url":"https:\/\/www.vita-explorers.dk\/blog\/","name":"Association Globalong","description":"Frivilligt arbejde, sprogophold, praktik i udlandet og internationale oplevelser","publisher":{"@id":"https:\/\/www.vita-explorers.dk\/blog\/#organization"},"potentialAction":[{"@type":"SearchAction","target":{"@type":"EntryPoint","urlTemplate":"https:\/\/www.vita-explorers.dk\/blog\/?s={search_term_string}"},"query-input":{"@type":"PropertyValueSpecification","valueRequired":true,"valueName":"search_term_string"}}],"inLanguage":"da-DK"},{"@type":"Organization","@id":"https:\/\/www.vita-explorers.dk\/blog\/#organization","name":"Association Globalong","url":"https:\/\/www.vita-explorers.dk\/blog\/","logo":{"@type":"ImageObject","inLanguage":"da-DK","@id":"https:\/\/www.vita-explorers.dk\/blog\/#\/schema\/logo\/image\/","url":"https:\/\/www.globalong.com\/blog\/wp-content\/uploads\/2014\/11\/cropped-cropped-Logo-et-Afrique-Globalong-petite-taille-2.jpg","contentUrl":"https:\/\/www.globalong.com\/blog\/wp-content\/uploads\/2014\/11\/cropped-cropped-Logo-et-Afrique-Globalong-petite-taille-2.jpg","width":512,"height":512,"caption":"Association Globalong"},"image":{"@id":"https:\/\/www.vita-explorers.dk\/blog\/#\/schema\/logo\/image\/"},"sameAs":["https:\/\/www.facebook.com\/globalong"]},{"@type":"Person","@id":"https:\/\/www.vita-explorers.dk\/blog\/#\/schema\/person\/fc0343a2f2db2ebb2793c1f62dbe73f0","name":"VITA Tribe","image":{"@type":"ImageObject","inLanguage":"da-DK","@id":"https:\/\/www.vita-explorers.dk\/blog\/#\/schema\/person\/image\/","url":"https:\/\/secure.gravatar.com\/avatar\/f7f05026bb439d0c96b30e135e5f852c?s=96&d=mm&r=g","contentUrl":"https:\/\/secure.gravatar.com\/avatar\/f7f05026bb439d0c96b30e135e5f852c?s=96&d=mm&r=g","caption":"VITA Tribe"},"sameAs":["http:\/\/www.globalong.com"],"url":"https:\/\/www.vita-explorers.dk\/blog\/author\/teamglobalong\/"}]}},"_links":{"self":[{"href":"https:\/\/www.vita-explorers.dk\/blog\/wp-json\/wp\/v2\/posts\/18485"}],"collection":[{"href":"https:\/\/www.vita-explorers.dk\/blog\/wp-json\/wp\/v2\/posts"}],"about":[{"href":"https:\/\/www.vita-explorers.dk\/blog\/wp-json\/wp\/v2\/types\/post"}],"author":[{"embeddable":true,"href":"https:\/\/www.vita-explorers.dk\/blog\/wp-json\/wp\/v2\/users\/7"}],"replies":[{"embeddable":true,"href":"https:\/\/www.vita-explorers.dk\/blog\/wp-json\/wp\/v2\/comments?post=18485"}],"version-history":[{"count":9,"href":"https:\/\/www.vita-explorers.dk\/blog\/wp-json\/wp\/v2\/posts\/18485\/revisions"}],"predecessor-version":[{"id":21790,"href":"https:\/\/www.vita-explorers.dk\/blog\/wp-json\/wp\/v2\/posts\/18485\/revisions\/21790"}],"wp:featuredmedia":[{"embeddable":true,"href":"https:\/\/www.vita-explorers.dk\/blog\/wp-json\/wp\/v2\/media\/12579"}],"wp:attachment":[{"href":"https:\/\/www.vita-explorers.dk\/blog\/wp-json\/wp\/v2\/media?parent=18485"}],"wp:term":[{"taxonomy":"category","embeddable":true,"href":"https:\/\/www.vita-explorers.dk\/blog\/wp-json\/wp\/v2\/categories?post=18485"},{"taxonomy":"post_tag","embeddable":true,"href":"https:\/\/www.vita-explorers.dk\/blog\/wp-json\/wp\/v2\/tags?post=18485"}],"curies":[{"name":"wp","href":"https:\/\/api.w.org\/{rel}","templated":true}]}}