{"id":18542,"date":"2024-11-22T03:15:32","date_gmt":"2024-11-22T02:15:32","guid":{"rendered":"https:\/\/www.globalong.com\/blog\/?p=18542"},"modified":"2024-12-14T08:56:12","modified_gmt":"2024-12-14T07:56:12","slug":"humanitaert-forloeb-schweiz","status":"publish","type":"post","link":"https:\/\/www.vita-explorers.dk\/blog\/humanitaert-forloeb-schweiz\/","title":{"rendered":"Humanit\u00e6re forl\u00f8b for schweizere"},"content":{"rendered":"<h1>Humanit\u00e6rt ophold for schweizere<\/h1>\n<h2>Engag\u00e9r dig i et humanit\u00e6rt ophold: en s\u00e6rlig mulighed for schweizere<\/h2>\n<p style=\"text-align: justify;\">Et humanit\u00e6rt ophold for schweizere tiltr\u00e6kker hvert \u00e5r flere, der \u00f8nsker en meningsfuld oplevelse og vil bidrage aktivt til sociale og humanit\u00e6re indsatser rundt om i verden. VITA Institute, som arbejder med internationale forl\u00f8b, giver schweizere mulighed for at engagere sig i forskellige typer ophold \u2013 fra undervisning og sundhed til natur- og milj\u00f8projekter. Her f\u00e5r du et samlet overblik over mulighederne, fordelene ved at engagere sig og de praktiske ting, der er gode at have p\u00e5 plads, f\u00f8r du rejser.<\/p>\n<p><iframe loading=\"lazy\" title=\"Partir en mission avec Globalong : des moments partag\u00e9s \u00e0 travers le monde\" width=\"422\" height=\"750\" src=\"https:\/\/www.youtube.com\/embed\/ZRC4xs6EX2g?feature=oembed\" frameborder=\"0\" allow=\"accelerometer; autoplay; clipboard-write; encrypted-media; gyroscope; picture-in-picture; web-share\" referrerpolicy=\"strict-origin-when-cross-origin\" allowfullscreen><\/iframe><\/p>\n<hr \/>\n<h3 style=\"text-align: justify;\"><strong>Boks: N\u00f8gletal om frivilligt arbejde for schweizere<\/strong><\/h3>\n<p style=\"text-align: justify;\">Vidste du, at frivilligt engagement er i v\u00e6kst i Schweiz? Her er nogle nyere tal:<\/p>\n<ul style=\"text-align: justify;\">\n<li><strong>46% af schweizerne<\/strong> siger, at de er klar til at deltage i internationale frivillige indsatser.<\/li>\n<li><strong>Unge mellem 18-30 \u00e5r<\/strong> er s\u00e6rligt interesserede i ophold i udlandet, hvor rejse kan kombineres med et ansvarligt engagement.<\/li>\n<li><strong>58% af deltagerne<\/strong> ser deres engagement som en vej til personlig udvikling.<\/li>\n<\/ul>\n<hr \/>\n<h2 style=\"text-align: justify;\"><strong>Hvorfor tage afsted p\u00e5 et humanit\u00e6rt ophold?<\/strong><\/h2>\n<p style=\"text-align: justify;\">Frivilligt <a href=\"https:\/\/www.vita-explorers.dk\/blog\/humanitaer-rejse-fra-schweiz\/\" target=\"_blank\" rel=\"noopener\">humanit\u00e6rt arbejde for schweizere<\/a> handler ikke kun om at hj\u00e6lpe. Det er ogs\u00e5 en mulighed for at f\u00e5 en st\u00e6rk oplevelse, m\u00f8de mennesker p\u00e5 tv\u00e6rs af kulturer og bidrage positivt til f\u00e6llesskaber.<\/p>\n<h3 style=\"text-align: justify;\"><strong>Hvordan schweiziske deltagere kan bidrage i lokalsamfund<\/strong><\/h3>\n<p style=\"text-align: justify;\">Hvert ophold kan g\u00f8re en reel forskel for lokalsamfund. VITA Institute udv\u00e6lger projekter med fokus p\u00e5 langsigtet v\u00e6rdi inden for <a href=\"https:\/\/www.vita-explorers.dk\/blog\/studerendepraktik-svejs-sygepleje-i-udlandet\/\" target=\"_blank\" rel=\"noopener\">sundhed<\/a>, undervisning og milj\u00f8. Schweizerske VITA Explorers kan st\u00f8tte indsatserne ved fx at bidrage i undervisningen, hj\u00e6lpe sundhedsfaglige teams eller deltage i aktiviteter, der beskytter s\u00e5rbare \u00f8kosystemer.<\/p>\n<p><img loading=\"lazy\" decoding=\"async\" class=\"aligncenter wp-image-17200 size-medium\" src=\"https:\/\/www.vita-explorers.dk\/blog\/wp-content\/uploads\/2024\/09\/f754430c-b677-4c9c-b05c-a3edefbc4d47-300x171.webp\" alt=\"Mission humanitaire pour les suisses\" width=\"300\" height=\"171\" srcset=\"https:\/\/www.vita-explorers.dk\/blog\/wp-content\/uploads\/2024\/09\/f754430c-b677-4c9c-b05c-a3edefbc4d47-300x171.webp 300w, https:\/\/www.vita-explorers.dk\/blog\/wp-content\/uploads\/2024\/09\/f754430c-b677-4c9c-b05c-a3edefbc4d47-1024x585.webp 1024w, https:\/\/www.vita-explorers.dk\/blog\/wp-content\/uploads\/2024\/09\/f754430c-b677-4c9c-b05c-a3edefbc4d47-768x439.webp 768w, https:\/\/www.vita-explorers.dk\/blog\/wp-content\/uploads\/2024\/09\/f754430c-b677-4c9c-b05c-a3edefbc4d47-1536x878.webp 1536w, https:\/\/www.vita-explorers.dk\/blog\/wp-content\/uploads\/2024\/09\/f754430c-b677-4c9c-b05c-a3edefbc4d47.webp 1792w\" sizes=\"(max-width: 300px) 100vw, 300px\" \/><\/p>\n<h3 style=\"text-align: justify;\"><strong>Personlig udvikling og v\u00e6rdifulde kompetencer<\/strong><\/h3>\n<p style=\"text-align: justify;\">Et humanit\u00e6rt ophold kan ogs\u00e5 v\u00e6re en vigtig kilde til personlig udvikling. Du f\u00e5r mulighed for at <a href=\"https:\/\/www.vita-explorers.dk\/blog\/tv\u00e6rg\u00e5ende-kompetencer-soft-skills\/\" target=\"_blank\" rel=\"noopener\">udvikle kompetencer<\/a> som samarbejde under pres, interkulturel kommunikation og omstillingsparathed \u2013 f\u00e6rdigheder, der er relevante i mange uddannelser og job.<\/p>\n<hr \/>\n<h3 style=\"text-align: justify;\"><strong>Konkret eksempel: Et undervisningsforl\u00f8b i Tanzania med VITA Institute<\/strong><\/h3>\n<p style=\"text-align: justify;\">VITA Institute tilbyder schweizere et <a href=\"https:\/\/www.vita-explorers.dk\/blog\/humanit\u00e6rt-ophold-i-udlandet\/\" target=\"_blank\" rel=\"noopener\">humanit\u00e6rt ophold<\/a> med fokus p\u00e5 undervisning i Tanzania, hvor man bidrager til engelsk og andre fag for b\u00f8rn i landdistrikter.<\/p>\n<ul style=\"text-align: justify;\">\n<li><strong>Form\u00e5l<\/strong> : At styrke b\u00f8rnenes l\u00e6se- og skrivef\u00e6rdigheder.<\/li>\n<li><strong>Din rolle<\/strong> : At st\u00f8tte lokale undervisere ved at lave interaktive aktiviteter.<\/li>\n<li><strong>Varighed<\/strong> : Minimum to uger \u2013 kan tilpasses dine muligheder.<\/li>\n<\/ul>\n<p style=\"text-align: justify;\">Forl\u00f8bet giver deltagerne v\u00e6rdifuld erfaring med undervisning og samtidig mulighed for at st\u00f8tte b\u00f8rn og unges l\u00e6ring.<\/p>\n<hr \/>\n<h2 style=\"text-align: justify;\"><strong>Typer af humanit\u00e6re ophold for schweiziske deltagere<\/strong><\/h2>\n<p style=\"text-align: justify;\">VITA Institute tilbyder en bred vifte af projekter, der matcher forskellige interesser og kompetencer hos schweiziske deltagere.<\/p>\n<h3 style=\"text-align: justify;\"><strong>Ophold inden for sundhed<\/strong><\/h3>\n<p style=\"text-align: justify;\">For schweizere med en sundhedsfaglig baggrund findes der sundhedsrelaterede forl\u00f8b i omr\u00e5der med begr\u00e6nsede ressourcer i Afrika og Asien. Her kan du bruge dine kompetencer i praksis i lokale klinikker og sundhedscentre, hvor der ofte er stor eftersp\u00f8rgsel p\u00e5 ekstra h\u00e6nder.<\/p>\n<p><img loading=\"lazy\" decoding=\"async\" class=\"aligncenter wp-image-18431 size-medium\" src=\"https:\/\/www.vita-explorers.dk\/blog\/wp-content\/uploads\/2024\/10\/stage-infirmier-humanitaire-au-sri-lanka-1-661e40747343c-263x300.jpeg\" alt=\"Stage infirmier troisi\u00e8me ann\u00e9e \u00e0 l'\u00e9tranger pour les Suisses\" width=\"263\" height=\"300\" srcset=\"https:\/\/www.vita-explorers.dk\/blog\/wp-content\/uploads\/2024\/10\/stage-infirmier-humanitaire-au-sri-lanka-1-661e40747343c-263x300.jpeg 263w, https:\/\/www.vita-explorers.dk\/blog\/wp-content\/uploads\/2024\/10\/stage-infirmier-humanitaire-au-sri-lanka-1-661e40747343c-896x1024.jpeg 896w, https:\/\/www.vita-explorers.dk\/blog\/wp-content\/uploads\/2024\/10\/stage-infirmier-humanitaire-au-sri-lanka-1-661e40747343c-768x878.jpeg 768w, https:\/\/www.vita-explorers.dk\/blog\/wp-content\/uploads\/2024\/10\/stage-infirmier-humanitaire-au-sri-lanka-1-661e40747343c.jpeg 966w\" sizes=\"(max-width: 263px) 100vw, 263px\" \/><\/p>\n<h4 style=\"text-align: justify;\"><strong>Opgaver for deltagere<\/strong><\/h4>\n<ul style=\"text-align: justify;\">\n<li>St\u00f8tte sundhedspersonale ved konsultationer.<\/li>\n<li>Deltage i informationsindsatser om hygiejne og folkesundhed.<\/li>\n<li>Assistere ved akut behandling og vaccinationsaktiviteter.<\/li>\n<\/ul>\n<blockquote><p><strong>Praktisk r\u00e5d:<\/strong> Inden du rejser ud, er det en god id\u00e9 at have grundl\u00e6ggende kendskab til det lokale sprog. VITA Institute tilbyder udvekslingssessioner, som kan g\u00f8re det lettere at falde til p\u00e5 stedet.<\/p><\/blockquote>\n<hr \/>\n<h3 style=\"text-align: justify;\"><strong>Natur- og milj\u00f8projekter i Syd\u00f8stasien<\/strong><\/h3>\n<p style=\"text-align: justify;\">Schweizere med interesse for natur og klima kan deltage i milj\u00f8- og bevaringsprojekter i <a href=\"https:\/\/www.vita-explorers.dk\/frivilligt-arbejde\/thailand-bangkok-ayutthaya.html\" target=\"_blank\" rel=\"noopener\">Thailand<\/a> eller i <a href=\"https:\/\/www.vita-explorers.dk\/frivilligt-arbejde\/frivilligt-arbejde-cambodja-boern.html\" target=\"_blank\" rel=\"noopener\">Cambodja<\/a>. Projekterne arbejder med at beskytte lokal biodiversitet gennem oplysning og konkrete aktiviteter i felten.<\/p>\n<h4 style=\"text-align: justify;\"><strong>M\u00e5l for milj\u00f8forl\u00f8b<\/strong><\/h4>\n<ul style=\"text-align: justify;\">\n<li>Beskyttelse af \u00f8kosystemer og truede arter.<\/li>\n<li>Genplantning og beskyttelse af jordomr\u00e5der.<\/li>\n<li>Workshops og formidling om b\u00e6redygtighed og \u00f8kologi.<\/li>\n<\/ul>\n<p style=\"text-align: justify;\">Opholdene giver schweiziske deltagere mulighed for at bidrage til klimaindsatser og samtidig opleve unikke naturomr\u00e5der p\u00e5 en ansvarlig m\u00e5de.<\/p>\n<p><img loading=\"lazy\" decoding=\"async\" class=\"aligncenter wp-image-15950 size-medium\" src=\"https:\/\/www.vita-explorers.dk\/blog\/wp-content\/uploads\/2024\/01\/mission-de-construction-en-Tanzanie-1-225x300.jpeg\" alt=\"Volontariat international pour les Suisses \" width=\"225\" height=\"300\" srcset=\"https:\/\/www.vita-explorers.dk\/blog\/wp-content\/uploads\/2024\/01\/mission-de-construction-en-Tanzanie-1-225x300.jpeg 225w, https:\/\/www.vita-explorers.dk\/blog\/wp-content\/uploads\/2024\/01\/mission-de-construction-en-Tanzanie-1.jpeg 768w\" sizes=\"(max-width: 225px) 100vw, 225px\" \/><\/p>\n<hr \/>\n<h3 style=\"text-align: justify;\"><strong>Oplevelser fra en deltager: Jean, schweizisk deltager i Indien<\/strong><\/h3>\n<blockquote><p>&#8220;Jeg valgte at tage afsted p\u00e5 et humanit\u00e6rt ophold i <a href=\"https:\/\/www.vita-explorers.dk\/frivilligt-arbejde\/inde-nord-delhi-jaipur.html\" target=\"_blank\" rel=\"noopener\">Indien<\/a> med VITA Institute, fordi jeg gerne ville udfordre mig selv og komme ud af min komfortzone. Jeg blev en del af et undervisningsprojekt for b\u00f8rn og unge i Bangalore, hvor jeg b\u00e5de kunne undervise og l\u00e6re om den lokale kultur. Opholdet gav mig et nyt perspektiv p\u00e5 verden, en stor personlig tilfredshed og endnu mere motivation til at engagere mig videre.&#8221;<\/p><\/blockquote>\n<hr \/>\n<h2 style=\"text-align: justify;\"><strong>S\u00e5dan forbereder du dig p\u00e5 et humanit\u00e6rt ophold fra Schweiz<\/strong><\/h2>\n<h3 style=\"text-align: justify;\"><a href=\"https:\/\/www.vita-explorers.dk\/blog\/de-10-ting-du-skal-gore-inden-du-tager-afsted-pa-et-ansvarligt-ophold\/\" target=\"_blank\" rel=\"noopener\"><strong>Tjekliste til en god afrejse<\/strong><\/a><\/h3>\n<ol style=\"text-align: justify;\">\n<li><strong>Pas og visum<\/strong> : Tjek passets gyldighed og krav til visum.<\/li>\n<li><strong>Vaccinationer<\/strong> : Unders\u00f8g sundhedsanbefalinger for din destination. VITA Institute giver relevant information.<\/li>\n<li><strong>Rejseforsikring<\/strong> : International d\u00e6kning er vigtig for din tryghed under opholdet.<\/li>\n<li><strong>Budget<\/strong> : L\u00e6g et realistisk budget til program, transport og personlige udgifter.<\/li>\n<\/ol>\n<h3 style=\"text-align: justify;\"><strong>Gode r\u00e5d til den mentale forberedelse<\/strong><\/h3>\n<ul style=\"text-align: justify;\">\n<li><strong>V\u00e6r fleksibel<\/strong> : Rammerne kan v\u00e6re anderledes end forventet. Omstillingsparathed g\u00f8r en stor forskel.<\/li>\n<li><strong>S\u00e6t dig ind i kulturen<\/strong> : Respekt for lokale normer og traditioner g\u00f8r det lettere at indg\u00e5 i hverdagen.<\/li>\n<li><strong>Hold et \u00e5bent sind<\/strong> : Hvert ophold er ogs\u00e5 l\u00e6ring \u2013 v\u00e6r klar p\u00e5 nye perspektiver.<\/li>\n<\/ul>\n<p><img loading=\"lazy\" decoding=\"async\" class=\"aligncenter wp-image-17730 size-medium\" src=\"https:\/\/www.vita-explorers.dk\/blog\/wp-content\/uploads\/2024\/10\/2027d9a0-6ed7-4932-8751-aefb22e0d6af-300x171.webp\" alt=\"Faq stage IFSI \u00e0 l'\u00e9tranger\" width=\"300\" height=\"171\" srcset=\"https:\/\/www.vita-explorers.dk\/blog\/wp-content\/uploads\/2024\/10\/2027d9a0-6ed7-4932-8751-aefb22e0d6af-300x171.webp 300w, https:\/\/www.vita-explorers.dk\/blog\/wp-content\/uploads\/2024\/10\/2027d9a0-6ed7-4932-8751-aefb22e0d6af-1024x585.webp 1024w, https:\/\/www.vita-explorers.dk\/blog\/wp-content\/uploads\/2024\/10\/2027d9a0-6ed7-4932-8751-aefb22e0d6af-768x439.webp 768w, https:\/\/www.vita-explorers.dk\/blog\/wp-content\/uploads\/2024\/10\/2027d9a0-6ed7-4932-8751-aefb22e0d6af-1536x878.webp 1536w, https:\/\/www.vita-explorers.dk\/blog\/wp-content\/uploads\/2024\/10\/2027d9a0-6ed7-4932-8751-aefb22e0d6af.webp 1792w\" sizes=\"(max-width: 300px) 100vw, 300px\" \/><\/p>\n<hr \/>\n<h2 style=\"text-align: justify;\"><strong><a href=\"https:\/\/www.vita-explorers.dk\/blog\/faq-internationalt-frivilligt-arbejde\/\" target=\"_blank\" rel=\"noopener\">FAQ<\/a> \u2013 Det vigtigste, du b\u00f8r vide<\/strong><\/h2>\n<h3 style=\"text-align: justify;\"><strong>Hvordan tilmelder man sig et humanit\u00e6rt ophold med VITA Institute?<\/strong><\/h3>\n<p style=\"text-align: justify;\">Tilmelding foreg\u00e5r online. Se de tilg\u00e6ngelige projekter p\u00e5 VITA Institutes hjemmeside og udfyld ans\u00f8gningsformularen.<\/p>\n<h3 style=\"text-align: justify;\"><strong>Hvad koster et humanit\u00e6rt ophold?<\/strong><\/h3>\n<p style=\"text-align: justify;\">Prisen varierer afh\u00e6ngigt af projekt og destination, men inkluderer typisk indkvartering, m\u00e5ltider og praktisk st\u00f8tte.<\/p>\n<h3 style=\"text-align: justify;\"><strong>Kan man tage afsted som frivillig i alle aldre?<\/strong><\/h3>\n<p style=\"text-align: justify;\">Ja, VITA Institute tilbyder forl\u00f8b, der kan tilpasses forskellige aldersgrupper \u2013 uanset om du er ung voksen eller pensionist.<\/p>\n<h3 style=\"text-align: justify;\"><strong>Hvilke kompetencer skal man have for at deltage?<\/strong><\/h3>\n<p style=\"text-align: justify;\">Det afh\u00e6nger af projektet. Nogle forl\u00f8b, fx inden for sundhed, kr\u00e6ver relevante kompetencer, mens andre er \u00e5bne for de fleste.<\/p>\n<h3 style=\"text-align: justify;\"><strong>Kan man rejse fra Schweiz p\u00e5 alle tidspunkter af \u00e5ret?<\/strong><\/h3>\n<p style=\"text-align: justify;\">Ja, de fleste forl\u00f8b tager imod deltagere \u00e5ret rundt \u2013 afh\u00e6ngigt af dine muligheder og projektets planl\u00e6gning.<\/p>\n<hr \/>\n<h2 style=\"text-align: justify;\"><strong>Konklusion: Tag afsted p\u00e5 et humanit\u00e6rt ophold fra Schweiz med VITA Institute<\/strong><\/h2>\n<p style=\"text-align: justify;\">At tage afsted p\u00e5 et <a href=\"https:\/\/www.vita-explorers.dk\/blog\/humanitaert-forloeb-sundhedsassistent\/\" target=\"_blank\" rel=\"noopener\">ophold<\/a> med frivilligt arbejde kan v\u00e6re en st\u00e6rk oplevelse, pr\u00e6get af f\u00e6llesskab og nye indsigter. For schweizere giver VITA Institutes forl\u00f8b mulighed for at bidrage til indsatser med v\u00e6rdi og samtidig f\u00e5 en menneskelig og l\u00e6rerig rejse. Hvis du er klar til at pr\u00f8ve noget nyt og give dit bidrag, s\u00e5 tag n\u00e6ste skridt. Bliv en del af et humanit\u00e6rt ophold for schweizere med VITA Institute \u2013 og oplev, hvordan engagement kan g\u00f8re en forskel.<\/p>\n<h3 style=\"text-align: center;\"><strong><b>Vil du f\u00f8lge mere med i VITA Institute og vores community, s\u00e5 find os p\u00e5 <\/b><a href=\"https:\/\/www.instagram.com\/globalongofficiel\/\"><span class=\"s2\"><b>Instagram<\/b><\/span><\/a><b>, <\/b><a href=\"https:\/\/www.tiktok.com\/@globalong\"><span class=\"s2\"><b>TikTok<\/b><\/span><\/a><b>, <\/b><a href=\"https:\/\/www.facebook.com\/globalong\"><span class=\"s2\"><b>Facebook<\/b><\/span><\/a><b>, <\/b><a href=\"https:\/\/www.linkedin.com\/company\/5113177\/admin\/feed\/posts\/\"><span class=\"s2\"><b>LinkedIn<\/b><\/span><\/a><b> og <\/b><a href=\"https:\/\/www.youtube.com\/c\/globalong\/videos\"><span class=\"s2\"><b>Youtube<\/b><\/span><\/a><b>! <\/b><\/strong><\/h3>\n<div class=\"ti-widget ti-goog\" data-layout-id=\"4\" data-set-id=\"light-background\" data-pid=\"\" data-language=\"fr\" data-version=\"2\" data-review-target-width=\"300\" data-review-text-mode=\"readmore\" data-pager-autoplay-timeout=\"6\" > <div class=\"ti-widget-container ti-col-3\"> <div class=\"ti-reviews-container\"> <div class=\"ti-controls\"> <div class=\"ti-next\" aria-label=\"Avis suivante\" role=\"button\"><\/div> <div class=\"ti-prev\" aria-label=\"Avis pr\u00e9c\u00e9dent\" role=\"button\"><\/div> <\/div> <div class=\"ti-reviews-container-wrapper\">  <div data-empty=\"0\" class=\"ti-review-item source-Google ti-image-layout-thumbnail\" data-id=\"cfcd208495d565ef66e7dff9f98764da\" > <div class=\"ti-inner\"> <div class=\"ti-review-header\"> <div class=\"ti-profile-img\"> <img decoding=\"async\" src=\"https:\/\/lh3.googleusercontent.com\/a\/ACg8ocKpaoKe37CD0_POxO97KqB60GsWQRsIuG2vmCfXT-W_FY44vw=s120-c-rp-mo-br100\" srcset=\"https:\/\/lh3.googleusercontent.com\/a\/ACg8ocKpaoKe37CD0_POxO97KqB60GsWQRsIuG2vmCfXT-W_FY44vw=s120-c-rp-mo-br100 2x\" alt=\"Lucie Correia\" loading=\"lazy\" \/> <\/div> <div class=\"ti-profile-details\"> <div class=\"ti-name\"> Lucie Correia <\/div> <div class=\"ti-date\">2024-10-17<\/div> <\/div> <\/div> <span class=\"ti-stars\"><span class=\"ti-star f\"><\/span><span class=\"ti-star f\"><\/span><span class=\"ti-star f\"><\/span><span class=\"ti-star f\"><\/span><span class=\"ti-star f\"><\/span><\/span> <div class=\"ti-review-text-container ti-review-content\"><!-- R-CONTENT -->La communication avec Globalong est super, personnes tr\u00e8s pr\u00e9sentes pour les b\u00e9n\u00e9voles et \u00e9tudiants partant avec cette association. Elles r\u00e9pondent \u00e0 toutes nos questions et sont tr\u00e8s accessibles au t\u00e9l\u00e9phone.<!-- R-CONTENT --><\/div> <span class=\"ti-read-more\" data-container=\".ti-review-content\" data-collapse-text=\"Cacher\" data-open-text=\"Lire la suite\" ><\/span> <\/div> <\/div>  <div data-empty=\"0\" class=\"ti-review-item source-Google ti-image-layout-thumbnail\" data-id=\"cfcd208495d565ef66e7dff9f98764da\" > <div class=\"ti-inner\"> <div class=\"ti-review-header\"> <div class=\"ti-profile-img\"> <img decoding=\"async\" src=\"https:\/\/lh3.googleusercontent.com\/a-\/ALV-UjWqnnzM7-7c9BDqeTDF-a7pOgNjvLkJ3WshRd_Tn7z0Eu-AGQwo=s120-c-rp-mo-br100\" srcset=\"https:\/\/lh3.googleusercontent.com\/a-\/ALV-UjWqnnzM7-7c9BDqeTDF-a7pOgNjvLkJ3WshRd_Tn7z0Eu-AGQwo=s120-c-rp-mo-br100 2x\" alt=\"Ra\u00efssa Frisch\" loading=\"lazy\" \/> <\/div> <div class=\"ti-profile-details\"> <div class=\"ti-name\"> Ra\u00efssa Frisch <\/div> <div class=\"ti-date\">2024-10-14<\/div> <\/div> <\/div> <span class=\"ti-stars\"><span class=\"ti-star f\"><\/span><span class=\"ti-star f\"><\/span><span class=\"ti-star f\"><\/span><span class=\"ti-star f\"><\/span><span class=\"ti-star f\"><\/span><\/span> <div class=\"ti-review-text-container ti-review-content\"><!-- R-CONTENT -->J\u2019ai d\u00e9j\u00e0 eu l\u2019opportunit\u00e9 de r\u00e9aliser deux projets humanitaires avec l\u2019association Globalong. Je ne peux que la recommander, car j\u2019ai toujours b\u00e9n\u00e9fici\u00e9 d\u2019un excellent accompagnement, aussi bien avant que pendant le voyage. On ne vous laisse pas vous d\u00e9brouiller seuls, bien au contraire, vous \u00eates tr\u00e8s bien encadr\u00e9s pour accomplir toutes les d\u00e9marches dans les d\u00e9lais.\n\nAu-del\u00e0 du suivi, les exp\u00e9riences humanitaires propos\u00e9es par Globalong ne peuvent que transformer votre vie de mani\u00e8re positive. Elles vous apportent une richesse humaine inestimable.<!-- R-CONTENT --><\/div> <span class=\"ti-read-more\" data-container=\".ti-review-content\" data-collapse-text=\"Cacher\" data-open-text=\"Lire la suite\" ><\/span> <\/div> <\/div>  <div data-empty=\"0\" class=\"ti-review-item source-Google ti-image-layout-thumbnail\" data-id=\"cfcd208495d565ef66e7dff9f98764da\" > <div class=\"ti-inner\"> <div class=\"ti-review-header\"> <div class=\"ti-profile-img\"> <img decoding=\"async\" src=\"https:\/\/lh3.googleusercontent.com\/a\/ACg8ocJL-Dxv25YkXK2QwWPNRxTVqZCv5uTmDQDFg5qslKra3vRZew=s120-c-rp-mo-br100\" srcset=\"https:\/\/lh3.googleusercontent.com\/a\/ACg8ocJL-Dxv25YkXK2QwWPNRxTVqZCv5uTmDQDFg5qslKra3vRZew=s120-c-rp-mo-br100 2x\" alt=\"Tara Turan\" loading=\"lazy\" \/> <\/div> <div class=\"ti-profile-details\"> <div class=\"ti-name\"> Tara Turan <\/div> <div class=\"ti-date\">2024-10-14<\/div> <\/div> <\/div> <span class=\"ti-stars\"><span class=\"ti-star f\"><\/span><span class=\"ti-star f\"><\/span><span class=\"ti-star f\"><\/span><span class=\"ti-star f\"><\/span><span class=\"ti-star f\"><\/span><\/span> <div class=\"ti-review-text-container ti-review-content\"><!-- R-CONTENT -->Une des meilleures associations que j\u2019ai pu faire !\nUne organisation et un suivi vraiment parfait, c\u2019est avec grand plaisir que je referai un projet avec eux.<!-- R-CONTENT --><\/div> <span class=\"ti-read-more\" data-container=\".ti-review-content\" data-collapse-text=\"Cacher\" data-open-text=\"Lire la suite\" ><\/span> <\/div> <\/div>  <div data-empty=\"0\" class=\"ti-review-item source-Google ti-image-layout-thumbnail\" data-id=\"cfcd208495d565ef66e7dff9f98764da\" > <div class=\"ti-inner\"> <div class=\"ti-review-header\"> <div class=\"ti-profile-img\"> <img decoding=\"async\" src=\"https:\/\/lh3.googleusercontent.com\/a\/ACg8ocLctTPNovSk3eKM0b_MIPOfcFEQsz2135Cdu59_BWRVsIYC7Q=s120-c-rp-mo-br100\" srcset=\"https:\/\/lh3.googleusercontent.com\/a\/ACg8ocLctTPNovSk3eKM0b_MIPOfcFEQsz2135Cdu59_BWRVsIYC7Q=s120-c-rp-mo-br100 2x\" alt=\"Repiquet Julie\" loading=\"lazy\" \/> <\/div> <div class=\"ti-profile-details\"> <div class=\"ti-name\"> Repiquet Julie <\/div> <div class=\"ti-date\">2024-10-13<\/div> <\/div> <\/div> <span class=\"ti-stars\"><span class=\"ti-star f\"><\/span><span class=\"ti-star f\"><\/span><span class=\"ti-star f\"><\/span><span class=\"ti-star f\"><\/span><span class=\"ti-star f\"><\/span><\/span> <div class=\"ti-review-text-container ti-review-content\"><!-- R-CONTENT -->Tr\u00e8s bon accompagnement de la part de Globalong, du premier jour avec toutes mes interrogations, jusqu'au d\u00e9part dans quelques jours. Le dossier transmis apr\u00e8s validation de la mission est plus que complet, les webmaster tr\u00e8s int\u00e9ressantes et permettent de d\u00e9charger mentalement ce genre de pr\u00e9paration, tout est pr\u00e9vu il n'y a plus qu'\u00e0 suivre ! Merci \u00e0 Florence de r\u00e9pondre \u00e0 toutes mes questions avec gentillesse et bienveillance, cela m'a permis de passer le cap!\nMaintenant, il n'y a plus qu'\u00e0 \ud83d\ude00<!-- R-CONTENT --><\/div> <span class=\"ti-read-more\" data-container=\".ti-review-content\" data-collapse-text=\"Cacher\" data-open-text=\"Lire la suite\" ><\/span> <\/div> <\/div>  <div data-empty=\"0\" class=\"ti-review-item source-Google ti-image-layout-thumbnail\" data-id=\"cfcd208495d565ef66e7dff9f98764da\" > <div class=\"ti-inner\"> <div class=\"ti-review-header\"> <div class=\"ti-profile-img\"> <img decoding=\"async\" src=\"https:\/\/lh3.googleusercontent.com\/a\/ACg8ocJJTdmTWs8nAA0yuH_cKOUgzc6GFAkHBiXhpnnVYXaWMBZsHw=s120-c-rp-mo-br100\" srcset=\"https:\/\/lh3.googleusercontent.com\/a\/ACg8ocJJTdmTWs8nAA0yuH_cKOUgzc6GFAkHBiXhpnnVYXaWMBZsHw=s120-c-rp-mo-br100 2x\" alt=\"Marine Guilhamat\" loading=\"lazy\" \/> <\/div> <div class=\"ti-profile-details\"> <div class=\"ti-name\"> Marine Guilhamat <\/div> <div class=\"ti-date\">2024-10-09<\/div> <\/div> <\/div> <span class=\"ti-stars\"><span class=\"ti-star f\"><\/span><span class=\"ti-star f\"><\/span><span class=\"ti-star f\"><\/span><span class=\"ti-star f\"><\/span><span class=\"ti-star f\"><\/span><\/span> <div class=\"ti-review-text-container ti-review-content\"><!-- R-CONTENT -->Tr\u00e8s belle association qui offre un cadre super s\u00e9curisant et permet de s\u2019investir dans des projets qui ont du sens. Merci \u00e0 l\u2019\u00e9quipe Globalong pour votre disponibilit\u00e9, gentillesse et accompagnement !<!-- R-CONTENT --><\/div> <span class=\"ti-read-more\" data-container=\".ti-review-content\" data-collapse-text=\"Cacher\" data-open-text=\"Lire la suite\" ><\/span> <\/div> <\/div>  <div data-empty=\"0\" class=\"ti-review-item source-Google ti-image-layout-thumbnail\" data-id=\"cfcd208495d565ef66e7dff9f98764da\" > <div class=\"ti-inner\"> <div class=\"ti-review-header\"> <div class=\"ti-profile-img\"> <img decoding=\"async\" src=\"https:\/\/lh3.googleusercontent.com\/a\/ACg8ocIgITHXKo46qgJyPqlJeAcxz11gCKUJpGIk2qauiIe2O3iZ6w=s120-c-rp-mo-br100\" srcset=\"https:\/\/lh3.googleusercontent.com\/a\/ACg8ocIgITHXKo46qgJyPqlJeAcxz11gCKUJpGIk2qauiIe2O3iZ6w=s120-c-rp-mo-br100 2x\" alt=\"Laura Mercier\" loading=\"lazy\" \/> <\/div> <div class=\"ti-profile-details\"> <div class=\"ti-name\"> Laura Mercier <\/div> <div class=\"ti-date\">2024-10-08<\/div> <\/div> <\/div> <span class=\"ti-stars\"><span class=\"ti-star f\"><\/span><span class=\"ti-star f\"><\/span><span class=\"ti-star f\"><\/span><span class=\"ti-star f\"><\/span><span class=\"ti-star f\"><\/span><\/span> <div class=\"ti-review-text-container ti-review-content\"><!-- R-CONTENT -->Mon d\u00e9part approche, je pars dans une semaine, et depuis le d\u00e9but de mon inscription je suis tr\u00e8s satisfaite du suivi effectu\u00e9 par l\u2019association. Ils sont tr\u00e8s disponibles et r\u00e9pondent rapidement \u00e0 l\u2019ensemble des questions. Je suis tr\u00e8s contente de partir faire cette mission humanitaire encadr\u00e9e par cette association. Je recommande vraiment.<!-- R-CONTENT --><\/div> <span class=\"ti-read-more\" data-container=\".ti-review-content\" data-collapse-text=\"Cacher\" data-open-text=\"Lire la suite\" ><\/span> <\/div> <\/div>  <div data-empty=\"0\" class=\"ti-review-item source-Google ti-image-layout-thumbnail\" data-id=\"cfcd208495d565ef66e7dff9f98764da\" > <div class=\"ti-inner\"> <div class=\"ti-review-header\"> <div class=\"ti-profile-img\"> <img decoding=\"async\" src=\"https:\/\/lh3.googleusercontent.com\/a-\/ALV-UjVVr0YMQhXl8QNEEB32l-rnoaYwvRZUjIEX9OEwPE_1fQwzIyk=s120-c-rp-mo-br100\" srcset=\"https:\/\/lh3.googleusercontent.com\/a-\/ALV-UjVVr0YMQhXl8QNEEB32l-rnoaYwvRZUjIEX9OEwPE_1fQwzIyk=s120-c-rp-mo-br100 2x\" alt=\"Anouk Rzkt\" loading=\"lazy\" \/> <\/div> <div class=\"ti-profile-details\"> <div class=\"ti-name\"> Anouk Rzkt <\/div> <div class=\"ti-date\">2024-10-02<\/div> <\/div> <\/div> <span class=\"ti-stars\"><span class=\"ti-star f\"><\/span><span class=\"ti-star f\"><\/span><span class=\"ti-star f\"><\/span><span class=\"ti-star f\"><\/span><span class=\"ti-star f\"><\/span><\/span> <div class=\"ti-review-text-container ti-review-content\"><!-- R-CONTENT -->Globalong est l'association parfaite. L'\u00e9quipe offre un v\u00e9ritable accompagnement rythm\u00e9 par beaucoup de conseils et d'\u00e9coute. Le site est tr\u00e8s bien fait avec des dossiers complets allant des sujets tr\u00e8s pratiques a d'autres plus th\u00e9oriques (tels que le choc culturel par exemple). Je recommande vivement et remercie sinc\u00e8rement toute l'\u00e9quipe pour leur gentillesse et investissement !<!-- R-CONTENT --><\/div> <span class=\"ti-read-more\" data-container=\".ti-review-content\" data-collapse-text=\"Cacher\" data-open-text=\"Lire la suite\" ><\/span> <\/div> <\/div>  <\/div> <div class=\"ti-controls-line\"> <div class=\"dot\"><\/div> <\/div> <\/div> <div class=\"ti-footer\"> <div class=\"ti-rating-text\"> <span class=\"nowrap\">\u00c9valuation <strong>Google<\/strong> : <\/span><span class=\"nowrap\"><strong>4.8<\/strong> sur 5, <\/span><span class=\"nowrap\">Bas\u00e9e sur <strong>240 avis<\/strong><\/span> <\/div> <\/div>  <\/div> <\/div> \n","protected":false},"excerpt":{"rendered":"<p>Humanit\u00e6rt ophold for schweizere Engag\u00e9r dig i et humanit\u00e6rt ophold: en s\u00e6rlig mulighed for schweizere Et humanit\u00e6rt ophold for schweizere tiltr\u00e6kker hvert \u00e5r flere,\u2026<\/p>\n","protected":false},"author":7,"featured_media":11169,"comment_status":"open","ping_status":"open","sticky":false,"template":"","format":"standard","meta":{"footnotes":""},"categories":[8,470,6,4],"tags":[],"yoast_head":"<!-- This site is optimized with the Yoast SEO Premium plugin v23.4 (Yoast SEO v23.4) - https:\/\/yoast.com\/wordpress\/plugins\/seo\/ -->\n<title>Humanit\u00e6rt ophold for schweizere: engag\u00e9r dig i en sag<\/title>\n<meta name=\"description\" content=\"Mission humanitaire pour les Suisses en plein essor. D\u00e9couvrez les statistiques r\u00e9centes et les opportunit\u00e9s \u00e0 l&#039;\u00e9tranger en 2025 et 2026\" \/>\n<meta name=\"robots\" content=\"index, follow, max-snippet:-1, max-image-preview:large, max-video-preview:-1\" \/>\n<link rel=\"canonical\" href=\"https:\/\/www.vita-explorers.dk\/blog\/humanitaert-forloeb-schweiz\/\" \/>\n<meta property=\"og:locale\" content=\"da_DK\" \/>\n<meta property=\"og:type\" content=\"article\" \/>\n<meta property=\"og:title\" content=\"Humanit\u00e6re forl\u00f8b for schweizere\" \/>\n<meta property=\"og:description\" content=\"Mission humanitaire pour les Suisses en plein essor. D\u00e9couvrez les statistiques r\u00e9centes et les opportunit\u00e9s \u00e0 l&#039;\u00e9tranger en 2025 et 2026\" \/>\n<meta property=\"og:url\" content=\"https:\/\/www.vita-explorers.dk\/blog\/humanitaert-forloeb-schweiz\/\" \/>\n<meta property=\"og:site_name\" content=\"VITA Explorers Blog\" \/>\n<meta property=\"article:publisher\" content=\"https:\/\/www.facebook.com\/globalong\" \/>\n<meta property=\"article:published_time\" content=\"2024-11-22T02:15:32+00:00\" \/>\n<meta property=\"article:modified_time\" content=\"2024-12-14T07:56:12+00:00\" \/>\n<meta property=\"og:image\" content=\"https:\/\/www.vita-explorers.dk\/blog\/wp-content\/uploads\/2018\/09\/DSC07186-min.jpg\" \/>\n\t<meta property=\"og:image:width\" content=\"4896\" \/>\n\t<meta property=\"og:image:height\" content=\"3672\" \/>\n\t<meta property=\"og:image:type\" content=\"image\/jpeg\" \/>\n<meta name=\"author\" content=\"VITA Tribe\" \/>\n<meta name=\"twitter:card\" content=\"summary_large_image\" \/>\n<meta name=\"twitter:label1\" content=\"Skrevet af\" \/>\n\t<meta name=\"twitter:data1\" content=\"VITA Tribe\" \/>\n\t<meta name=\"twitter:label2\" content=\"Estimeret l\u00e6setid\" \/>\n\t<meta name=\"twitter:data2\" content=\"7 minutter\" \/>\n<script type=\"application\/ld+json\" class=\"yoast-schema-graph\">{\"@context\":\"https:\/\/schema.org\",\"@graph\":[{\"@type\":\"Article\",\"@id\":\"https:\/\/www.vita-explorers.dk\/blog\/humanitaert-forloeb-schweiz\/#article\",\"isPartOf\":{\"@id\":\"https:\/\/www.vita-explorers.dk\/blog\/humanitaert-forloeb-schweiz\/\"},\"author\":{\"name\":\"VITA Tribe\",\"@id\":\"https:\/\/www.vita-explorers.dk\/blog\/#\/schema\/person\/fc0343a2f2db2ebb2793c1f62dbe73f0\"},\"headline\":\"Humanit\u00e6re forl\u00f8b for schweizere\",\"datePublished\":\"2024-11-22T02:15:32+00:00\",\"dateModified\":\"2024-12-14T07:56:12+00:00\",\"mainEntityOfPage\":{\"@id\":\"https:\/\/www.vita-explorers.dk\/blog\/humanitaert-forloeb-schweiz\/\"},\"wordCount\":1136,\"commentCount\":0,\"publisher\":{\"@id\":\"https:\/\/www.vita-explorers.dk\/blog\/#organization\"},\"image\":{\"@id\":\"https:\/\/www.vita-explorers.dk\/blog\/humanitaert-forloeb-schweiz\/#primaryimage\"},\"thumbnailUrl\":\"https:\/\/www.vita-explorers.dk\/blog\/wp-content\/uploads\/2018\/09\/DSC07186-min.jpg\",\"articleSection\":[\"Humanit\u00e6rt frivilligt arbejde\",\"Natur- og milj\u00f8frivilligt arbejde\",\"Nyheder\",\"VITA Explorers\"],\"inLanguage\":\"da-DK\",\"potentialAction\":[{\"@type\":\"CommentAction\",\"name\":\"Comment\",\"target\":[\"https:\/\/www.vita-explorers.dk\/blog\/humanitaert-forloeb-schweiz\/#respond\"]}]},{\"@type\":\"WebPage\",\"@id\":\"https:\/\/www.vita-explorers.dk\/blog\/humanitaert-forloeb-schweiz\/\",\"url\":\"https:\/\/www.vita-explorers.dk\/blog\/humanitaert-forloeb-schweiz\/\",\"name\":\"Humanit\u00e6rt ophold for schweizere: engag\u00e9r dig i en sag\",\"isPartOf\":{\"@id\":\"https:\/\/www.vita-explorers.dk\/blog\/#website\"},\"primaryImageOfPage\":{\"@id\":\"https:\/\/www.vita-explorers.dk\/blog\/humanitaert-forloeb-schweiz\/#primaryimage\"},\"image\":{\"@id\":\"https:\/\/www.vita-explorers.dk\/blog\/humanitaert-forloeb-schweiz\/#primaryimage\"},\"thumbnailUrl\":\"https:\/\/www.vita-explorers.dk\/blog\/wp-content\/uploads\/2018\/09\/DSC07186-min.jpg\",\"datePublished\":\"2024-11-22T02:15:32+00:00\",\"dateModified\":\"2024-12-14T07:56:12+00:00\",\"description\":\"Mission humanitaire pour les Suisses en plein essor. D\u00e9couvrez les statistiques r\u00e9centes et les opportunit\u00e9s \u00e0 l'\u00e9tranger en 2025 et 2026\",\"breadcrumb\":{\"@id\":\"https:\/\/www.vita-explorers.dk\/blog\/humanitaert-forloeb-schweiz\/#breadcrumb\"},\"inLanguage\":\"da-DK\",\"potentialAction\":[{\"@type\":\"ReadAction\",\"target\":[\"https:\/\/www.vita-explorers.dk\/blog\/humanitaert-forloeb-schweiz\/\"]}]},{\"@type\":\"ImageObject\",\"inLanguage\":\"da-DK\",\"@id\":\"https:\/\/www.vita-explorers.dk\/blog\/humanitaert-forloeb-schweiz\/#primaryimage\",\"url\":\"https:\/\/www.vita-explorers.dk\/blog\/wp-content\/uploads\/2018\/09\/DSC07186-min.jpg\",\"contentUrl\":\"https:\/\/www.vita-explorers.dk\/blog\/wp-content\/uploads\/2018\/09\/DSC07186-min.jpg\",\"width\":4896,\"height\":3672,\"caption\":\"Mission de b\u00e9n\u00e9volat humanitaire pour les Suisses\"},{\"@type\":\"BreadcrumbList\",\"@id\":\"https:\/\/www.vita-explorers.dk\/blog\/humanitaert-forloeb-schweiz\/#breadcrumb\",\"itemListElement\":[{\"@type\":\"ListItem\",\"position\":1,\"name\":\"Accueil\",\"item\":\"https:\/\/www.vita-explorers.dk\/blog\/\"},{\"@type\":\"ListItem\",\"position\":2,\"name\":\"Humanit\u00e6re forl\u00f8b for schweizere\"}]},{\"@type\":\"WebSite\",\"@id\":\"https:\/\/www.vita-explorers.dk\/blog\/#website\",\"url\":\"https:\/\/www.vita-explorers.dk\/blog\/\",\"name\":\"Association Globalong\",\"description\":\"Frivilligt arbejde, sprogophold, praktik i udlandet og internationale oplevelser\",\"publisher\":{\"@id\":\"https:\/\/www.vita-explorers.dk\/blog\/#organization\"},\"potentialAction\":[{\"@type\":\"SearchAction\",\"target\":{\"@type\":\"EntryPoint\",\"urlTemplate\":\"https:\/\/www.vita-explorers.dk\/blog\/?s={search_term_string}\"},\"query-input\":{\"@type\":\"PropertyValueSpecification\",\"valueRequired\":true,\"valueName\":\"search_term_string\"}}],\"inLanguage\":\"da-DK\"},{\"@type\":\"Organization\",\"@id\":\"https:\/\/www.vita-explorers.dk\/blog\/#organization\",\"name\":\"Association Globalong\",\"url\":\"https:\/\/www.vita-explorers.dk\/blog\/\",\"logo\":{\"@type\":\"ImageObject\",\"inLanguage\":\"da-DK\",\"@id\":\"https:\/\/www.vita-explorers.dk\/blog\/#\/schema\/logo\/image\/\",\"url\":\"https:\/\/www.globalong.com\/blog\/wp-content\/uploads\/2014\/11\/cropped-cropped-Logo-et-Afrique-Globalong-petite-taille-2.jpg\",\"contentUrl\":\"https:\/\/www.globalong.com\/blog\/wp-content\/uploads\/2014\/11\/cropped-cropped-Logo-et-Afrique-Globalong-petite-taille-2.jpg\",\"width\":512,\"height\":512,\"caption\":\"Association Globalong\"},\"image\":{\"@id\":\"https:\/\/www.vita-explorers.dk\/blog\/#\/schema\/logo\/image\/\"},\"sameAs\":[\"https:\/\/www.facebook.com\/globalong\"]},{\"@type\":\"Person\",\"@id\":\"https:\/\/www.vita-explorers.dk\/blog\/#\/schema\/person\/fc0343a2f2db2ebb2793c1f62dbe73f0\",\"name\":\"VITA Tribe\",\"image\":{\"@type\":\"ImageObject\",\"inLanguage\":\"da-DK\",\"@id\":\"https:\/\/www.vita-explorers.dk\/blog\/#\/schema\/person\/image\/\",\"url\":\"https:\/\/secure.gravatar.com\/avatar\/f7f05026bb439d0c96b30e135e5f852c?s=96&d=mm&r=g\",\"contentUrl\":\"https:\/\/secure.gravatar.com\/avatar\/f7f05026bb439d0c96b30e135e5f852c?s=96&d=mm&r=g\",\"caption\":\"VITA Tribe\"},\"sameAs\":[\"http:\/\/www.globalong.com\"],\"url\":\"https:\/\/www.vita-explorers.dk\/blog\/author\/teamglobalong\/\"}]}<\/script>\n<!-- \/ Yoast SEO Premium plugin. -->","yoast_head_json":{"title":"Humanit\u00e6rt ophold for schweizere: engag\u00e9r dig i en sag","description":"Mission humanitaire pour les Suisses en plein essor. D\u00e9couvrez les statistiques r\u00e9centes et les opportunit\u00e9s \u00e0 l'\u00e9tranger en 2025 et 2026","robots":{"index":"index","follow":"follow","max-snippet":"max-snippet:-1","max-image-preview":"max-image-preview:large","max-video-preview":"max-video-preview:-1"},"canonical":"https:\/\/www.vita-explorers.dk\/blog\/humanitaert-forloeb-schweiz\/","og_locale":"da_DK","og_type":"article","og_title":"Humanit\u00e6re forl\u00f8b for schweizere","og_description":"Mission humanitaire pour les Suisses en plein essor. D\u00e9couvrez les statistiques r\u00e9centes et les opportunit\u00e9s \u00e0 l'\u00e9tranger en 2025 et 2026","og_url":"https:\/\/www.vita-explorers.dk\/blog\/humanitaert-forloeb-schweiz\/","og_site_name":"VITA Explorers Blog","article_publisher":"https:\/\/www.facebook.com\/globalong","article_published_time":"2024-11-22T02:15:32+00:00","article_modified_time":"2024-12-14T07:56:12+00:00","og_image":[{"width":4896,"height":3672,"url":"https:\/\/www.vita-explorers.dk\/blog\/wp-content\/uploads\/2018\/09\/DSC07186-min.jpg","type":"image\/jpeg"}],"author":"VITA Tribe","twitter_card":"summary_large_image","twitter_misc":{"Skrevet af":"VITA Tribe","Estimeret l\u00e6setid":"7 minutter"},"schema":{"@context":"https:\/\/schema.org","@graph":[{"@type":"Article","@id":"https:\/\/www.vita-explorers.dk\/blog\/humanitaert-forloeb-schweiz\/#article","isPartOf":{"@id":"https:\/\/www.vita-explorers.dk\/blog\/humanitaert-forloeb-schweiz\/"},"author":{"name":"VITA Tribe","@id":"https:\/\/www.vita-explorers.dk\/blog\/#\/schema\/person\/fc0343a2f2db2ebb2793c1f62dbe73f0"},"headline":"Humanit\u00e6re forl\u00f8b for schweizere","datePublished":"2024-11-22T02:15:32+00:00","dateModified":"2024-12-14T07:56:12+00:00","mainEntityOfPage":{"@id":"https:\/\/www.vita-explorers.dk\/blog\/humanitaert-forloeb-schweiz\/"},"wordCount":1136,"commentCount":0,"publisher":{"@id":"https:\/\/www.vita-explorers.dk\/blog\/#organization"},"image":{"@id":"https:\/\/www.vita-explorers.dk\/blog\/humanitaert-forloeb-schweiz\/#primaryimage"},"thumbnailUrl":"https:\/\/www.vita-explorers.dk\/blog\/wp-content\/uploads\/2018\/09\/DSC07186-min.jpg","articleSection":["Humanit\u00e6rt frivilligt arbejde","Natur- og milj\u00f8frivilligt arbejde","Nyheder","VITA Explorers"],"inLanguage":"da-DK","potentialAction":[{"@type":"CommentAction","name":"Comment","target":["https:\/\/www.vita-explorers.dk\/blog\/humanitaert-forloeb-schweiz\/#respond"]}]},{"@type":"WebPage","@id":"https:\/\/www.vita-explorers.dk\/blog\/humanitaert-forloeb-schweiz\/","url":"https:\/\/www.vita-explorers.dk\/blog\/humanitaert-forloeb-schweiz\/","name":"Humanit\u00e6rt ophold for schweizere: engag\u00e9r dig i en sag","isPartOf":{"@id":"https:\/\/www.vita-explorers.dk\/blog\/#website"},"primaryImageOfPage":{"@id":"https:\/\/www.vita-explorers.dk\/blog\/humanitaert-forloeb-schweiz\/#primaryimage"},"image":{"@id":"https:\/\/www.vita-explorers.dk\/blog\/humanitaert-forloeb-schweiz\/#primaryimage"},"thumbnailUrl":"https:\/\/www.vita-explorers.dk\/blog\/wp-content\/uploads\/2018\/09\/DSC07186-min.jpg","datePublished":"2024-11-22T02:15:32+00:00","dateModified":"2024-12-14T07:56:12+00:00","description":"Mission humanitaire pour les Suisses en plein essor. D\u00e9couvrez les statistiques r\u00e9centes et les opportunit\u00e9s \u00e0 l'\u00e9tranger en 2025 et 2026","breadcrumb":{"@id":"https:\/\/www.vita-explorers.dk\/blog\/humanitaert-forloeb-schweiz\/#breadcrumb"},"inLanguage":"da-DK","potentialAction":[{"@type":"ReadAction","target":["https:\/\/www.vita-explorers.dk\/blog\/humanitaert-forloeb-schweiz\/"]}]},{"@type":"ImageObject","inLanguage":"da-DK","@id":"https:\/\/www.vita-explorers.dk\/blog\/humanitaert-forloeb-schweiz\/#primaryimage","url":"https:\/\/www.vita-explorers.dk\/blog\/wp-content\/uploads\/2018\/09\/DSC07186-min.jpg","contentUrl":"https:\/\/www.vita-explorers.dk\/blog\/wp-content\/uploads\/2018\/09\/DSC07186-min.jpg","width":4896,"height":3672,"caption":"Mission de b\u00e9n\u00e9volat humanitaire pour les Suisses"},{"@type":"BreadcrumbList","@id":"https:\/\/www.vita-explorers.dk\/blog\/humanitaert-forloeb-schweiz\/#breadcrumb","itemListElement":[{"@type":"ListItem","position":1,"name":"Accueil","item":"https:\/\/www.vita-explorers.dk\/blog\/"},{"@type":"ListItem","position":2,"name":"Humanit\u00e6re forl\u00f8b for schweizere"}]},{"@type":"WebSite","@id":"https:\/\/www.vita-explorers.dk\/blog\/#website","url":"https:\/\/www.vita-explorers.dk\/blog\/","name":"Association Globalong","description":"Frivilligt arbejde, sprogophold, praktik i udlandet og internationale oplevelser","publisher":{"@id":"https:\/\/www.vita-explorers.dk\/blog\/#organization"},"potentialAction":[{"@type":"SearchAction","target":{"@type":"EntryPoint","urlTemplate":"https:\/\/www.vita-explorers.dk\/blog\/?s={search_term_string}"},"query-input":{"@type":"PropertyValueSpecification","valueRequired":true,"valueName":"search_term_string"}}],"inLanguage":"da-DK"},{"@type":"Organization","@id":"https:\/\/www.vita-explorers.dk\/blog\/#organization","name":"Association Globalong","url":"https:\/\/www.vita-explorers.dk\/blog\/","logo":{"@type":"ImageObject","inLanguage":"da-DK","@id":"https:\/\/www.vita-explorers.dk\/blog\/#\/schema\/logo\/image\/","url":"https:\/\/www.globalong.com\/blog\/wp-content\/uploads\/2014\/11\/cropped-cropped-Logo-et-Afrique-Globalong-petite-taille-2.jpg","contentUrl":"https:\/\/www.globalong.com\/blog\/wp-content\/uploads\/2014\/11\/cropped-cropped-Logo-et-Afrique-Globalong-petite-taille-2.jpg","width":512,"height":512,"caption":"Association Globalong"},"image":{"@id":"https:\/\/www.vita-explorers.dk\/blog\/#\/schema\/logo\/image\/"},"sameAs":["https:\/\/www.facebook.com\/globalong"]},{"@type":"Person","@id":"https:\/\/www.vita-explorers.dk\/blog\/#\/schema\/person\/fc0343a2f2db2ebb2793c1f62dbe73f0","name":"VITA Tribe","image":{"@type":"ImageObject","inLanguage":"da-DK","@id":"https:\/\/www.vita-explorers.dk\/blog\/#\/schema\/person\/image\/","url":"https:\/\/secure.gravatar.com\/avatar\/f7f05026bb439d0c96b30e135e5f852c?s=96&d=mm&r=g","contentUrl":"https:\/\/secure.gravatar.com\/avatar\/f7f05026bb439d0c96b30e135e5f852c?s=96&d=mm&r=g","caption":"VITA Tribe"},"sameAs":["http:\/\/www.globalong.com"],"url":"https:\/\/www.vita-explorers.dk\/blog\/author\/teamglobalong\/"}]}},"_links":{"self":[{"href":"https:\/\/www.vita-explorers.dk\/blog\/wp-json\/wp\/v2\/posts\/18542"}],"collection":[{"href":"https:\/\/www.vita-explorers.dk\/blog\/wp-json\/wp\/v2\/posts"}],"about":[{"href":"https:\/\/www.vita-explorers.dk\/blog\/wp-json\/wp\/v2\/types\/post"}],"author":[{"embeddable":true,"href":"https:\/\/www.vita-explorers.dk\/blog\/wp-json\/wp\/v2\/users\/7"}],"replies":[{"embeddable":true,"href":"https:\/\/www.vita-explorers.dk\/blog\/wp-json\/wp\/v2\/comments?post=18542"}],"version-history":[{"count":10,"href":"https:\/\/www.vita-explorers.dk\/blog\/wp-json\/wp\/v2\/posts\/18542\/revisions"}],"predecessor-version":[{"id":19701,"href":"https:\/\/www.vita-explorers.dk\/blog\/wp-json\/wp\/v2\/posts\/18542\/revisions\/19701"}],"wp:featuredmedia":[{"embeddable":true,"href":"https:\/\/www.vita-explorers.dk\/blog\/wp-json\/wp\/v2\/media\/11169"}],"wp:attachment":[{"href":"https:\/\/www.vita-explorers.dk\/blog\/wp-json\/wp\/v2\/media?parent=18542"}],"wp:term":[{"taxonomy":"category","embeddable":true,"href":"https:\/\/www.vita-explorers.dk\/blog\/wp-json\/wp\/v2\/categories?post=18542"},{"taxonomy":"post_tag","embeddable":true,"href":"https:\/\/www.vita-explorers.dk\/blog\/wp-json\/wp\/v2\/tags?post=18542"}],"curies":[{"name":"wp","href":"https:\/\/api.w.org\/{rel}","templated":true}]}}