{"id":18549,"date":"2024-11-03T14:17:56","date_gmt":"2024-11-03T13:17:56","guid":{"rendered":"https:\/\/www.globalong.com\/blog\/?p=18549"},"modified":"2025-01-28T23:27:37","modified_gmt":"2025-01-28T22:27:37","slug":"praktik-sygeplejestuderende-3-aar-udlandet","status":"publish","type":"post","link":"https:\/\/www.vita-explorers.dk\/blog\/praktik-sygeplejestuderende-3-aar-udlandet\/","title":{"rendered":"Praktik i sygepleje (3. \u00e5r) i udlandet"},"content":{"rendered":"<h1 style=\"text-align: justify;\">Sygeplejepraktik p\u00e5 <em>3.<\/em> \u00e5r i udlandet<\/h1>\n<h2 style=\"text-align: justify;\">\u2013 Guide til et vellykket praktikforl\u00f8b p\u00e5 <i>tredje<\/i>\u00a0\u00e5r<\/h2>\n<p style=\"text-align: justify;\">At tage sin <strong>sygeplejepraktik p\u00e5 tredje \u00e5r i udlandet<\/strong> kan v\u00e6re en helt s\u00e6rlig mulighed for sygeplejestuderende. Forl\u00f8bet giver dig ikke kun indblik i andre m\u00e5der at arbejde med pleje og behandling p\u00e5 \u2013 du f\u00e5r ogs\u00e5 erfaring med et internationalt milj\u00f8 og styrker dine tv\u00e6rkulturelle kompetencer. Uanset om du rejser til Afrika, Asien eller et andet sted i verden, f\u00e5r du her en samlet guide til at g\u00f8re opholdet b\u00e5de trygt, l\u00e6rerigt og relevant for din fremtid som sygeplejerske.<\/p>\n<hr \/>\n<h3 style=\"text-align: justify;\"><strong>Indhold: Sygeplejepraktik p\u00e5 <em>3.<\/em>\u00a0 \u00e5r i udlandet<\/strong><\/h3>\n<ul style=\"text-align: justify;\">\n<li>Hvorfor tage sygeplejepraktik p\u00e5 tredje \u00e5r i udlandet?<\/li>\n<li>M\u00e5l for sygeplejepraktik p\u00e5 tredje \u00e5r i udlandet<\/li>\n<li>Konkrete eksempel: praktik p\u00e5 f\u00f8deafdeling i Peru<\/li>\n<li>Gode r\u00e5d til at f\u00e5 succes med din sygeplejepraktik p\u00e5 tredje \u00e5r i udlandet<\/li>\n<li>N\u00f8glekompetencer til en international sygeplejepraktik<\/li>\n<li>Oplevelse: Claire, sygeplejestuderende i praktik i Cambodja<\/li>\n<li>S\u00e5dan forbereder du din sygeplejepraktik p\u00e5 tredje \u00e5r i udlandet<\/li>\n<li><a href=\"https:\/\/www.vita-explorers.dk\/blog\/praktik-sygepleje-i-neonatologi\/\" target=\"_blank\" rel=\"noopener\">Sygeplejepraktik i neonatologi<\/a><\/li>\n<li>FAQ om sygeplejepraktik p\u00e5 tredje \u00e5r i udlandet<\/li>\n<li>Konklusion: G\u00f8r din sygeplejepraktik p\u00e5 tredje \u00e5r i udlandet til et springbr\u00e6t i din karriere<\/li>\n<\/ul>\n<hr \/>\n<h2 style=\"text-align: justify;\">Hvorfor tage sygeplejepraktik p\u00e5 tredje \u00e5r i udlandet?<\/h2>\n<p style=\"text-align: justify;\">Et <a href=\"https:\/\/www.vita-explorers.dk\/blog\/forening-for-sygeplejepraktik\/\" target=\"_blank\" rel=\"noopener\">praktikforl\u00f8b i sygepleje<\/a> i udlandet p\u00e5 <em>3.<\/em> \u00e5r er en l\u00e6rerig erfaring, hvor du f\u00e5r indblik i andre sundhedssystemer, udvider din faglige horisont og udvikler b\u00e5de professionelle og kulturelle kompetencer. N\u00e5r du arbejder i en international ramme, f\u00e5r du et bredere perspektiv p\u00e5 <a href=\"https:\/\/www.vita-explorers.dk\/blog\/bedste-lande-til-et-sygeplejepraktikophold-i-udlandet\/\" target=\"_blank\" rel=\"noopener\">sygepleje<\/a> og l\u00e6rer at tilpasse dig de ressourcer og arbejdsgange, der findes lokalt.<\/p>\n<h3 style=\"text-align: justify;\"><strong>M\u00e5l for sygeplejepraktik p\u00e5 tredje \u00e5r i udlandet<\/strong><\/h3>\n<ol style=\"text-align: justify;\">\n<li><strong>Tilpasse dig lokale pleje- og behandlingspraksisser<\/strong><br \/>\nPleje og <a href=\"https:\/\/www.vita-explorers.dk\/blog\/sosu-assistentpraktik-i-udlandet\/\" target=\"_blank\" rel=\"noopener\">omsorg<\/a> kan v\u00e6re organiseret meget forskelligt fra land til land. Praktikken giver dig mulighed for at observere, l\u00e6re og m\u00f8de forskelle med respekt \u2013 ogs\u00e5 n\u00e5r de h\u00e6nger t\u00e6t sammen med kultur.<\/li>\n<li><strong>Styrke tv\u00e6rkulturel kommunikation<\/strong><br \/>\nSprog- og kulturforskelle kan v\u00e6re en udfordring, men de hj\u00e6lper dig med at tr\u00e6ne tydelig, respektfuld kommunikation med b\u00e5de patienter og lokale teams.<\/li>\n<li><strong>Blive mere selvst\u00e6ndig og fleksibel<\/strong><br \/>\nArbejdsdagen kan v\u00e6re uforudsigelig, og ressourcerne kan v\u00e6re begr\u00e6nsede. Erfaringen styrker din evne til at handle selvst\u00e6ndigt og v\u00e6re omstillingsparat i plejen.<\/li>\n<\/ol>\n<hr \/>\n<h3 style=\"text-align: justify;\"><strong>Konkrete eksempel: praktik p\u00e5 f\u00f8deafdeling i Peru<\/strong><\/h3>\n<p style=\"text-align: justify;\"><strong>Ramme og rolle som praktikant p\u00e5 f\u00f8deafdeling<\/strong><br \/>\nP\u00e5 en landklinik i <a href=\"https:\/\/www.vita-explorers.dk\/sprog-og-frivilligt-arbejde\/frivilligt-arbejde-peru\/medical-peru.html\" target=\"_blank\" rel=\"noopener\">Peru<\/a> kan en studerende komme til at indg\u00e5 i arbejdet p\u00e5 en f\u00f8deafdeling, hvor de sundhedsfaglige ressourcer er mere begr\u00e6nsede. Det giver mulighed for at l\u00e6re, hvordan pleje tilpasses en konkret lokal virkelighed.<\/p>\n<p style=\"text-align: justify;\"><strong>Tekniske kompetencer du kan arbejde med<\/strong><\/p>\n<ul style=\"text-align: justify;\">\n<li>Obstetrisk pleje: st\u00f8tte ved f\u00f8dsler, opf\u00f8lgning med nybagte m\u00f8dre og tilpasning til de ressourcer, der findes lokalt.<\/li>\n<\/ul>\n<p style=\"text-align: justify;\"><strong>Relationelle kompetencer der er vigtige<\/strong><\/p>\n<ul style=\"text-align: justify;\">\n<li>At skabe en tryg og empatisk kontakt med de gravide og f\u00f8dende \u2013 med respekt for traditioner og lokale skikke omkring graviditet og f\u00f8dsel.<\/li>\n<\/ul>\n<p style=\"text-align: justify;\">Den type praktik kan styrke din robusthed og evne til at tilpasse plejen \u2013 kvaliteter, der er v\u00e6rdifulde i sygeplejefaget.<\/p>\n<hr \/>\n<h3 style=\"text-align: justify;\"><strong>Gode r\u00e5d til at f\u00e5 succes med din sygeplejepraktik p\u00e5 tredje \u00e5r i udlandet<\/strong><\/h3>\n<ol style=\"text-align: justify;\">\n<li><strong>L\u00e6r det grundl\u00e6ggende i det lokale sprog<\/strong><br \/>\nSelv om engelsk (eller nogle gange fransk) kan v\u00e6re nok, g\u00f8r f\u00e5 ord p\u00e5 det lokale sprog en stor forskel i m\u00f8det med patienter \u2013 og giver ofte bedre forst\u00e5else af behov og situation.<\/li>\n<li><strong>Respekt\u00e9r lokale kulturelle praksisser<\/strong><br \/>\nI nogle kulturer er pleje og behandling t\u00e6t knyttet til bestemte traditioner eller overbevisninger. V\u00e6r nysgerrig, lyttende og tilpas din tilgang til patienternes forventninger.<\/li>\n<li><strong>V\u00e6r fleksibel<\/strong><br \/>\nRessourcerne kan v\u00e6re begr\u00e6nsede, og arbejdsforholdene kan v\u00e6re anderledes end hjemme. V\u00e6r klar til at finde l\u00f8sninger undervejs \u2013 uden at g\u00e5 p\u00e5 kompromis med sikker og ansvarlig pleje.<\/li>\n<\/ol>\n<hr \/>\n<h2 style=\"text-align: justify;\">N\u00f8glekompetencer til en international sygeplejepraktik p\u00e5 <em>3.<\/em> \u00e5r<\/h2>\n<p style=\"text-align: justify;\">Et <a href=\"https:\/\/www.vita-explorers.dk\/blog\/humanit\u00e6rt-forl\u00f8b-for-sygeplejestuderende\/\" target=\"_blank\" rel=\"noopener\">praktikforl\u00f8b i sygepleje<\/a> i udlandet kr\u00e6ver, at du udvikler s\u00e6rlige kompetencer, s\u00e5 du kan navigere i forskellige sundhedsfaglige rammer.<\/p>\n<h3 style=\"text-align: justify;\"><strong>At kunne arbejde med pleje under varierende vilk\u00e5r<\/strong><\/h3>\n<p style=\"text-align: justify;\">Tilg\u00e6ngelige ressourcer og arbejdsgange kan variere. Erfaringen l\u00e6rer dig at justere din faglighed efter det udstyr og de rammer, der findes lokalt.<\/p>\n<ul style=\"text-align: justify;\">\n<li><strong>Medicinh\u00e5ndtering<\/strong><br \/>\nL\u00e6gemidler kan v\u00e6re andre end dem, du kender hjemmefra. S\u00e6t dig ind i doseringer og v\u00e6r opm\u00e6rksom p\u00e5 mulige bivirkninger.<\/li>\n<li><strong>Brug af mindre avanceret udstyr<\/strong><br \/>\nI nogle omr\u00e5der er udstyret mere basalt. Her handler det om at tilpasse sig og stadig sikre kvalitet i plejen med de midler, der er til r\u00e5dighed.<\/li>\n<\/ul>\n<h3 style=\"text-align: justify;\"><strong>At styrke tv\u00e6rkulturel kommunikation<\/strong><\/h3>\n<p style=\"text-align: justify;\">Tv\u00e6rkulturelle kompetencer er centrale, hvis du vil skabe tillid og en god relation til patienter i en ny kontekst.<\/p>\n<ul style=\"text-align: justify;\">\n<li><strong>Aktiv lytning<\/strong><br \/>\nPatienter kan udtrykke behov p\u00e5 andre m\u00e5der, end du er vant til. God lytning er afg\u00f8rende for at kunne m\u00f8de dem bedst muligt.<\/li>\n<li><strong>Nonverbal kommunikation<\/strong><br \/>\nI nogle situationer spiller kropssprog en s\u00e6rlig stor rolle. Tilpas din nonverbale kommunikation, s\u00e5 du signalerer respekt og n\u00e6rv\u00e6r.<\/li>\n<\/ul>\n<hr \/>\n<h3 style=\"text-align: justify;\"><strong>Oplevelse: Claire, sygeplejestuderende i praktik i Cambodja<\/strong><\/h3>\n<p style=\"text-align: justify;\">\u201cAt tage til <a href=\"https:\/\/www.vita-explorers.dk\/frivilligt-arbejde\/frivilligt-arbejde-cambodja-boern\/frivilligt-arbejde-sygeplejerske-cambodja.html\" target=\"_blank\" rel=\"noopener\">Cambodja for min sygeplejepraktik<\/a> p\u00e5 tredje \u00e5r \u00e6ndrede mit syn p\u00e5 pleje. Jeg l\u00e6rte at arbejde med f\u00e5 ressourcer og at m\u00f8de lokale arbejdsgange med respekt. Opholdet l\u00e6rte mig fleksibilitet, selvst\u00e6ndighed og hvor vigtig tv\u00e6rkulturel kommunikation er. Jeg f\u00f8ler mig nu bedre rustet til at arbejde i forskellige kontekster og tilpasse min praksis til patienternes behov.\u201d<\/p>\n<hr \/>\n<h2 style=\"text-align: justify;\">S\u00e5dan forbereder du din sygeplejepraktik p\u00e5 tredje \u00e5r i udlandet<\/h2>\n<h3 style=\"text-align: justify;\"><strong>S\u00e6t dig ind i sundhedssystemet og lokale arbejdsgange<\/strong><\/h3>\n<p style=\"text-align: justify;\">Inden du rejser, er det en god id\u00e9 at orientere dig om landets sundhedssystem og standarder for pleje. Det hj\u00e6lper dig til at forst\u00e5 forventninger og patienternes behov bedre.<\/p>\n<h3 style=\"text-align: justify;\"><strong>Tjek administrative og sundhedsm\u00e6ssige krav<\/strong><\/h3>\n<p style=\"text-align: justify;\">S\u00f8rg for, at du har de n\u00f8dvendige dokumenter (visum, pas), og at dine vaccinationer er opdaterede i forhold til destinationen. Det anbefales ogs\u00e5 at <a href=\"https:\/\/www.vita-explorers.dk\/blog\/er-rejseforsikring-nodvendig\/\" target=\"_blank\" rel=\"noopener\">tegne en rejse- og sygeforsikring<\/a>, der d\u00e6kker international behandling.<\/p>\n<h3 style=\"text-align: justify;\"><strong>Mental og fysisk forberedelse<\/strong><\/h3>\n<p style=\"text-align: justify;\">Et praktikophold i udlandet kan v\u00e6re b\u00e5de fysisk og mentalt kr\u00e6vende. Forbered dig p\u00e5 nye rammer, og t\u00e6nk over, hvordan du bedst h\u00e5ndterer stress og belastning undervejs.<\/p>\n<hr \/>\n<h3 style=\"text-align: justify;\"><strong>FAQ om sygeplejepraktik p\u00e5 tredje \u00e5r i udlandet<\/strong><\/h3>\n<p style=\"text-align: justify;\"><strong>Hvilke sundhedsm\u00e6ssige forholdsregler skal man tage f\u00f8r afrejse?<\/strong><br \/>\nS\u00f8rg for, at dine vaccinationer er opdaterede, og at du har en sygeforsikring. Der kan ogs\u00e5 v\u00e6re behov for s\u00e6rlige forholdsregler, fx forebyggelse af malaria.<\/p>\n<p style=\"text-align: justify;\"><strong>Hvordan h\u00e5ndterer man kulturchok?<\/strong><br \/>\nKulturchok er helt normalt. V\u00e6r \u00e5ben, l\u00e6r af andre, og bed om r\u00e5d fra dit team, hvis du oplever, at det er sv\u00e6rt at falde til.<\/p>\n<p style=\"text-align: justify;\"><strong>Kan man selv v\u00e6lge destinationsland?<\/strong><br \/>\nDet afh\u00e6nger af din uddannelses muligheder og aftaler. Ofte kan du \u00f8nske et bestemt land, men det kommer an p\u00e5, hvad der er tilg\u00e6ngeligt.<\/p>\n<p style=\"text-align: justify;\"><strong>Hvad er de st\u00f8rste udfordringer ved en sygeplejepraktik i udlandet?<\/strong><br \/>\nTypiske udfordringer er sprogbarrierer, kulturelle forskelle i pleje og begr\u00e6nsede ressourcer. Til geng\u00e6ld styrker opholdet din fleksibilitet og evne til at omstille dig.<\/p>\n<p style=\"text-align: justify;\"><strong>Hvordan f\u00e5r man en god praktikevaluering?<\/strong><br \/>\nVis engagement, respekter lokale arbejdsgange, og deltag aktivt i plejen. Teams s\u00e6tter pris p\u00e5 studerende, der er omstillingsparate og bidrager konstruktivt.<\/p>\n<hr \/>\n<h2 style=\"text-align: justify;\">Konklusion: G\u00f8r din sygeplejepraktik p\u00e5 tredje \u00e5r i udlandet til et springbr\u00e6t i din karriere<\/h2>\n<p style=\"text-align: justify;\">En <a href=\"https:\/\/www.vita-explorers.dk\/blog\/humanitaer-rejse-sygeplejerske\/\" target=\"_blank\" rel=\"noopener\">sygeplejepraktik<\/a> p\u00e5 tredje \u00e5r i udlandet er en s\u00e6rlig mulighed for at udvikle faglige kompetencer, selvst\u00e6ndighed og tv\u00e6rkulturel kommunikation. Med god forberedelse og en respektfuld tilgang til lokale rammer kan opholdet blive en st\u00e6rk erfaring, du tager med videre i dit arbejdsliv. Uanset om du senere arbejder i forskellige kontekster eller g\u00e5r efter en specialisering, kan et internationalt praktikforl\u00f8b v\u00e6re et v\u00e6rdifuldt skridt i en meningsfuld karriere.<\/p>\n<h3 style=\"text-align: center;\"><strong><b>Vil du f\u00f8lge med og h\u00f8re mere om VITA Institute og vores community, s\u00e5 find os p\u00e5\u00a0<\/b><a href=\"https:\/\/www.instagram.com\/globalongofficiel\/\"><span class=\"s2\"><b>Instagram<\/b><\/span><\/a><b>,\u00a0<\/b><a href=\"https:\/\/www.tiktok.com\/@globalong\"><span class=\"s2\"><b>TikTok<\/b><\/span><\/a><b>,\u00a0<\/b><a href=\"https:\/\/www.facebook.com\/globalong\"><span class=\"s2\"><b>Facebook<\/b><\/span><\/a><b>,\u00a0<\/b><a href=\"https:\/\/www.linkedin.com\/company\/5113177\/admin\/feed\/posts\/\"><span class=\"s2\"><b>LinkedIn<\/b><\/span><\/a><b>\u00a0og\u00a0<\/b><a href=\"https:\/\/www.youtube.com\/c\/globalong\/videos\"><span class=\"s2\"><b>Youtube<\/b><\/span><\/a><b>\u00a0<\/b><\/strong><\/h3>\n<div class=\"ti-widget ti-goog\" data-layout-id=\"4\" data-set-id=\"light-background\" data-pid=\"\" data-language=\"fr\" data-version=\"2\" data-review-target-width=\"300\" data-review-text-mode=\"readmore\" data-pager-autoplay-timeout=\"6\" > <div class=\"ti-widget-container ti-col-3\"> <div class=\"ti-reviews-container\"> <div class=\"ti-controls\"> <div class=\"ti-next\" aria-label=\"Avis suivante\" role=\"button\"><\/div> <div class=\"ti-prev\" aria-label=\"Avis pr\u00e9c\u00e9dent\" role=\"button\"><\/div> <\/div> <div class=\"ti-reviews-container-wrapper\">  <div data-empty=\"0\" class=\"ti-review-item source-Google ti-image-layout-thumbnail\" data-id=\"cfcd208495d565ef66e7dff9f98764da\" > <div class=\"ti-inner\"> <div class=\"ti-review-header\"> <div class=\"ti-profile-img\"> <img decoding=\"async\" src=\"https:\/\/lh3.googleusercontent.com\/a\/ACg8ocKpaoKe37CD0_POxO97KqB60GsWQRsIuG2vmCfXT-W_FY44vw=s120-c-rp-mo-br100\" srcset=\"https:\/\/lh3.googleusercontent.com\/a\/ACg8ocKpaoKe37CD0_POxO97KqB60GsWQRsIuG2vmCfXT-W_FY44vw=s120-c-rp-mo-br100 2x\" alt=\"Lucie Correia\" loading=\"lazy\" \/> <\/div> <div class=\"ti-profile-details\"> <div class=\"ti-name\"> Lucie Correia <\/div> <div class=\"ti-date\">2024-10-17<\/div> <\/div> <\/div> <span class=\"ti-stars\"><span class=\"ti-star f\"><\/span><span class=\"ti-star f\"><\/span><span class=\"ti-star f\"><\/span><span class=\"ti-star f\"><\/span><span class=\"ti-star f\"><\/span><\/span> <div class=\"ti-review-text-container ti-review-content\"><!-- R-CONTENT -->La communication avec Globalong est super, personnes tr\u00e8s pr\u00e9sentes pour les b\u00e9n\u00e9voles et \u00e9tudiants partant avec cette association. Elles r\u00e9pondent \u00e0 toutes nos questions et sont tr\u00e8s accessibles au t\u00e9l\u00e9phone.<!-- R-CONTENT --><\/div> <span class=\"ti-read-more\" data-container=\".ti-review-content\" data-collapse-text=\"Cacher\" data-open-text=\"Lire la suite\" ><\/span> <\/div> <\/div>  <div data-empty=\"0\" class=\"ti-review-item source-Google ti-image-layout-thumbnail\" data-id=\"cfcd208495d565ef66e7dff9f98764da\" > <div class=\"ti-inner\"> <div class=\"ti-review-header\"> <div class=\"ti-profile-img\"> <img decoding=\"async\" src=\"https:\/\/lh3.googleusercontent.com\/a-\/ALV-UjWqnnzM7-7c9BDqeTDF-a7pOgNjvLkJ3WshRd_Tn7z0Eu-AGQwo=s120-c-rp-mo-br100\" srcset=\"https:\/\/lh3.googleusercontent.com\/a-\/ALV-UjWqnnzM7-7c9BDqeTDF-a7pOgNjvLkJ3WshRd_Tn7z0Eu-AGQwo=s120-c-rp-mo-br100 2x\" alt=\"Ra\u00efssa Frisch\" loading=\"lazy\" \/> <\/div> <div class=\"ti-profile-details\"> <div class=\"ti-name\"> Ra\u00efssa Frisch <\/div> <div class=\"ti-date\">2024-10-14<\/div> <\/div> <\/div> <span class=\"ti-stars\"><span class=\"ti-star f\"><\/span><span class=\"ti-star f\"><\/span><span class=\"ti-star f\"><\/span><span class=\"ti-star f\"><\/span><span class=\"ti-star f\"><\/span><\/span> <div class=\"ti-review-text-container ti-review-content\"><!-- R-CONTENT -->J\u2019ai d\u00e9j\u00e0 eu l\u2019opportunit\u00e9 de r\u00e9aliser deux projets humanitaires avec l\u2019association Globalong. Je ne peux que la recommander, car j\u2019ai toujours b\u00e9n\u00e9fici\u00e9 d\u2019un excellent accompagnement, aussi bien avant que pendant le voyage. On ne vous laisse pas vous d\u00e9brouiller seuls, bien au contraire, vous \u00eates tr\u00e8s bien encadr\u00e9s pour accomplir toutes les d\u00e9marches dans les d\u00e9lais.\n\nAu-del\u00e0 du suivi, les exp\u00e9riences humanitaires propos\u00e9es par Globalong ne peuvent que transformer votre vie de mani\u00e8re positive. Elles vous apportent une richesse humaine inestimable.<!-- R-CONTENT --><\/div> <span class=\"ti-read-more\" data-container=\".ti-review-content\" data-collapse-text=\"Cacher\" data-open-text=\"Lire la suite\" ><\/span> <\/div> <\/div>  <div data-empty=\"0\" class=\"ti-review-item source-Google ti-image-layout-thumbnail\" data-id=\"cfcd208495d565ef66e7dff9f98764da\" > <div class=\"ti-inner\"> <div class=\"ti-review-header\"> <div class=\"ti-profile-img\"> <img decoding=\"async\" src=\"https:\/\/lh3.googleusercontent.com\/a\/ACg8ocJL-Dxv25YkXK2QwWPNRxTVqZCv5uTmDQDFg5qslKra3vRZew=s120-c-rp-mo-br100\" srcset=\"https:\/\/lh3.googleusercontent.com\/a\/ACg8ocJL-Dxv25YkXK2QwWPNRxTVqZCv5uTmDQDFg5qslKra3vRZew=s120-c-rp-mo-br100 2x\" alt=\"Tara Turan\" loading=\"lazy\" \/> <\/div> <div class=\"ti-profile-details\"> <div class=\"ti-name\"> Tara Turan <\/div> <div class=\"ti-date\">2024-10-14<\/div> <\/div> <\/div> <span class=\"ti-stars\"><span class=\"ti-star f\"><\/span><span class=\"ti-star f\"><\/span><span class=\"ti-star f\"><\/span><span class=\"ti-star f\"><\/span><span class=\"ti-star f\"><\/span><\/span> <div class=\"ti-review-text-container ti-review-content\"><!-- R-CONTENT -->Une des meilleures associations que j\u2019ai pu faire !\nUne organisation et un suivi vraiment parfait, c\u2019est avec grand plaisir que je referai un projet avec eux.<!-- R-CONTENT --><\/div> <span class=\"ti-read-more\" data-container=\".ti-review-content\" data-collapse-text=\"Cacher\" data-open-text=\"Lire la suite\" ><\/span> <\/div> <\/div>  <div data-empty=\"0\" class=\"ti-review-item source-Google ti-image-layout-thumbnail\" data-id=\"cfcd208495d565ef66e7dff9f98764da\" > <div class=\"ti-inner\"> <div class=\"ti-review-header\"> <div class=\"ti-profile-img\"> <img decoding=\"async\" src=\"https:\/\/lh3.googleusercontent.com\/a\/ACg8ocLctTPNovSk3eKM0b_MIPOfcFEQsz2135Cdu59_BWRVsIYC7Q=s120-c-rp-mo-br100\" srcset=\"https:\/\/lh3.googleusercontent.com\/a\/ACg8ocLctTPNovSk3eKM0b_MIPOfcFEQsz2135Cdu59_BWRVsIYC7Q=s120-c-rp-mo-br100 2x\" alt=\"Repiquet Julie\" loading=\"lazy\" \/> <\/div> <div class=\"ti-profile-details\"> <div class=\"ti-name\"> Repiquet Julie <\/div> <div class=\"ti-date\">2024-10-13<\/div> <\/div> <\/div> <span class=\"ti-stars\"><span class=\"ti-star f\"><\/span><span class=\"ti-star f\"><\/span><span class=\"ti-star f\"><\/span><span class=\"ti-star f\"><\/span><span class=\"ti-star f\"><\/span><\/span> <div class=\"ti-review-text-container ti-review-content\"><!-- R-CONTENT -->Tr\u00e8s bon accompagnement de la part de Globalong, du premier jour avec toutes mes interrogations, jusqu'au d\u00e9part dans quelques jours. Le dossier transmis apr\u00e8s validation de la mission est plus que complet, les webmaster tr\u00e8s int\u00e9ressantes et permettent de d\u00e9charger mentalement ce genre de pr\u00e9paration, tout est pr\u00e9vu il n'y a plus qu'\u00e0 suivre ! Merci \u00e0 Florence de r\u00e9pondre \u00e0 toutes mes questions avec gentillesse et bienveillance, cela m'a permis de passer le cap!\nMaintenant, il n'y a plus qu'\u00e0 \ud83d\ude00<!-- R-CONTENT --><\/div> <span class=\"ti-read-more\" data-container=\".ti-review-content\" data-collapse-text=\"Cacher\" data-open-text=\"Lire la suite\" ><\/span> <\/div> <\/div>  <div data-empty=\"0\" class=\"ti-review-item source-Google ti-image-layout-thumbnail\" data-id=\"cfcd208495d565ef66e7dff9f98764da\" > <div class=\"ti-inner\"> <div class=\"ti-review-header\"> <div class=\"ti-profile-img\"> <img decoding=\"async\" src=\"https:\/\/lh3.googleusercontent.com\/a\/ACg8ocJJTdmTWs8nAA0yuH_cKOUgzc6GFAkHBiXhpnnVYXaWMBZsHw=s120-c-rp-mo-br100\" srcset=\"https:\/\/lh3.googleusercontent.com\/a\/ACg8ocJJTdmTWs8nAA0yuH_cKOUgzc6GFAkHBiXhpnnVYXaWMBZsHw=s120-c-rp-mo-br100 2x\" alt=\"Marine Guilhamat\" loading=\"lazy\" \/> <\/div> <div class=\"ti-profile-details\"> <div class=\"ti-name\"> Marine Guilhamat <\/div> <div class=\"ti-date\">2024-10-09<\/div> <\/div> <\/div> <span class=\"ti-stars\"><span class=\"ti-star f\"><\/span><span class=\"ti-star f\"><\/span><span class=\"ti-star f\"><\/span><span class=\"ti-star f\"><\/span><span class=\"ti-star f\"><\/span><\/span> <div class=\"ti-review-text-container ti-review-content\"><!-- R-CONTENT -->Tr\u00e8s belle association qui offre un cadre super s\u00e9curisant et permet de s\u2019investir dans des projets qui ont du sens. Merci \u00e0 l\u2019\u00e9quipe Globalong pour votre disponibilit\u00e9, gentillesse et accompagnement !<!-- R-CONTENT --><\/div> <span class=\"ti-read-more\" data-container=\".ti-review-content\" data-collapse-text=\"Cacher\" data-open-text=\"Lire la suite\" ><\/span> <\/div> <\/div>  <div data-empty=\"0\" class=\"ti-review-item source-Google ti-image-layout-thumbnail\" data-id=\"cfcd208495d565ef66e7dff9f98764da\" > <div class=\"ti-inner\"> <div class=\"ti-review-header\"> <div class=\"ti-profile-img\"> <img decoding=\"async\" src=\"https:\/\/lh3.googleusercontent.com\/a\/ACg8ocIgITHXKo46qgJyPqlJeAcxz11gCKUJpGIk2qauiIe2O3iZ6w=s120-c-rp-mo-br100\" srcset=\"https:\/\/lh3.googleusercontent.com\/a\/ACg8ocIgITHXKo46qgJyPqlJeAcxz11gCKUJpGIk2qauiIe2O3iZ6w=s120-c-rp-mo-br100 2x\" alt=\"Laura Mercier\" loading=\"lazy\" \/> <\/div> <div class=\"ti-profile-details\"> <div class=\"ti-name\"> Laura Mercier <\/div> <div class=\"ti-date\">2024-10-08<\/div> <\/div> <\/div> <span class=\"ti-stars\"><span class=\"ti-star f\"><\/span><span class=\"ti-star f\"><\/span><span class=\"ti-star f\"><\/span><span class=\"ti-star f\"><\/span><span class=\"ti-star f\"><\/span><\/span> <div class=\"ti-review-text-container ti-review-content\"><!-- R-CONTENT -->Mon d\u00e9part approche, je pars dans une semaine, et depuis le d\u00e9but de mon inscription je suis tr\u00e8s satisfaite du suivi effectu\u00e9 par l\u2019association. Ils sont tr\u00e8s disponibles et r\u00e9pondent rapidement \u00e0 l\u2019ensemble des questions. Je suis tr\u00e8s contente de partir faire cette mission humanitaire encadr\u00e9e par cette association. Je recommande vraiment.<!-- R-CONTENT --><\/div> <span class=\"ti-read-more\" data-container=\".ti-review-content\" data-collapse-text=\"Cacher\" data-open-text=\"Lire la suite\" ><\/span> <\/div> <\/div>  <div data-empty=\"0\" class=\"ti-review-item source-Google ti-image-layout-thumbnail\" data-id=\"cfcd208495d565ef66e7dff9f98764da\" > <div class=\"ti-inner\"> <div class=\"ti-review-header\"> <div class=\"ti-profile-img\"> <img decoding=\"async\" src=\"https:\/\/lh3.googleusercontent.com\/a-\/ALV-UjVVr0YMQhXl8QNEEB32l-rnoaYwvRZUjIEX9OEwPE_1fQwzIyk=s120-c-rp-mo-br100\" srcset=\"https:\/\/lh3.googleusercontent.com\/a-\/ALV-UjVVr0YMQhXl8QNEEB32l-rnoaYwvRZUjIEX9OEwPE_1fQwzIyk=s120-c-rp-mo-br100 2x\" alt=\"Anouk Rzkt\" loading=\"lazy\" \/> <\/div> <div class=\"ti-profile-details\"> <div class=\"ti-name\"> Anouk Rzkt <\/div> <div class=\"ti-date\">2024-10-02<\/div> <\/div> <\/div> <span class=\"ti-stars\"><span class=\"ti-star f\"><\/span><span class=\"ti-star f\"><\/span><span class=\"ti-star f\"><\/span><span class=\"ti-star f\"><\/span><span class=\"ti-star f\"><\/span><\/span> <div class=\"ti-review-text-container ti-review-content\"><!-- R-CONTENT -->Globalong est l'association parfaite. L'\u00e9quipe offre un v\u00e9ritable accompagnement rythm\u00e9 par beaucoup de conseils et d'\u00e9coute. Le site est tr\u00e8s bien fait avec des dossiers complets allant des sujets tr\u00e8s pratiques a d'autres plus th\u00e9oriques (tels que le choc culturel par exemple). Je recommande vivement et remercie sinc\u00e8rement toute l'\u00e9quipe pour leur gentillesse et investissement !<!-- R-CONTENT --><\/div> <span class=\"ti-read-more\" data-container=\".ti-review-content\" data-collapse-text=\"Cacher\" data-open-text=\"Lire la suite\" ><\/span> <\/div> <\/div>  <\/div> <div class=\"ti-controls-line\"> <div class=\"dot\"><\/div> <\/div> <\/div> <div class=\"ti-footer\"> <div class=\"ti-rating-text\"> <span class=\"nowrap\">\u00c9valuation <strong>Google<\/strong> : <\/span><span class=\"nowrap\"><strong>4.8<\/strong> sur 5, <\/span><span class=\"nowrap\">Bas\u00e9e sur <strong>240 avis<\/strong><\/span> <\/div> <\/div>  <\/div> <\/div> \n","protected":false},"excerpt":{"rendered":"<p>Sygeplejepraktik p\u00e5 3. \u00e5r i udlandet \u2013 Guide til et vellykket praktikforl\u00f8b p\u00e5 tredje\u00a0\u00e5r At tage sin sygeplejepraktik p\u00e5 tredje \u00e5r i udlandet kan\u2026<\/p>\n","protected":false},"author":7,"featured_media":18580,"comment_status":"open","ping_status":"open","sticky":false,"template":"","format":"standard","meta":{"footnotes":""},"categories":[8,6,4],"tags":[],"yoast_head":"<!-- This site is optimized with the Yoast SEO Premium plugin v23.4 (Yoast SEO v23.4) - https:\/\/yoast.com\/wordpress\/plugins\/seo\/ -->\n<title>Sygeplejepraktik p\u00e5 3. \u00e5r i udlandet: Komplet guide 2025<\/title>\n<meta name=\"description\" content=\"Stage infirmier de troisi\u00e8me ann\u00e9e \u00e0 l&#039;\u00e9tranger. Exp\u00e9rimentez de nouvelles pratiques de soins et d\u00e9veloppez des comp\u00e9tences interculturelles.\" \/>\n<meta name=\"robots\" content=\"index, follow, max-snippet:-1, max-image-preview:large, max-video-preview:-1\" \/>\n<link rel=\"canonical\" href=\"https:\/\/www.vita-explorers.dk\/blog\/praktik-sygeplejestuderende-3-aar-udlandet\/\" \/>\n<meta property=\"og:locale\" content=\"da_DK\" \/>\n<meta property=\"og:type\" content=\"article\" \/>\n<meta property=\"og:title\" content=\"Praktik i sygepleje (3. \u00e5r) i udlandet\" \/>\n<meta property=\"og:description\" content=\"Stage infirmier de troisi\u00e8me ann\u00e9e \u00e0 l&#039;\u00e9tranger. Exp\u00e9rimentez de nouvelles pratiques de soins et d\u00e9veloppez des comp\u00e9tences interculturelles.\" \/>\n<meta property=\"og:url\" content=\"https:\/\/www.vita-explorers.dk\/blog\/praktik-sygeplejestuderende-3-aar-udlandet\/\" \/>\n<meta property=\"og:site_name\" content=\"VITA Explorers Blog\" \/>\n<meta property=\"article:publisher\" content=\"https:\/\/www.facebook.com\/globalong\" \/>\n<meta property=\"article:published_time\" content=\"2024-11-03T13:17:56+00:00\" \/>\n<meta property=\"article:modified_time\" content=\"2025-01-28T22:27:37+00:00\" \/>\n<meta property=\"og:image\" content=\"https:\/\/www.vita-explorers.dk\/blog\/wp-content\/uploads\/2024\/11\/458976063_561068172910165_5321533045276374745_n.jpg\" \/>\n\t<meta property=\"og:image:width\" content=\"2048\" \/>\n\t<meta property=\"og:image:height\" content=\"1365\" \/>\n\t<meta property=\"og:image:type\" content=\"image\/jpeg\" \/>\n<meta name=\"author\" content=\"VITA Tribe\" \/>\n<meta name=\"twitter:card\" content=\"summary_large_image\" \/>\n<meta name=\"twitter:label1\" content=\"Skrevet af\" \/>\n\t<meta name=\"twitter:data1\" content=\"VITA Tribe\" \/>\n\t<meta name=\"twitter:label2\" content=\"Estimeret l\u00e6setid\" \/>\n\t<meta name=\"twitter:data2\" content=\"7 minutter\" \/>\n<script type=\"application\/ld+json\" class=\"yoast-schema-graph\">{\"@context\":\"https:\/\/schema.org\",\"@graph\":[{\"@type\":\"Article\",\"@id\":\"https:\/\/www.vita-explorers.dk\/blog\/praktik-sygeplejestuderende-3-aar-udlandet\/#article\",\"isPartOf\":{\"@id\":\"https:\/\/www.vita-explorers.dk\/blog\/praktik-sygeplejestuderende-3-aar-udlandet\/\"},\"author\":{\"name\":\"VITA Tribe\",\"@id\":\"https:\/\/www.vita-explorers.dk\/blog\/#\/schema\/person\/fc0343a2f2db2ebb2793c1f62dbe73f0\"},\"headline\":\"Praktik i sygepleje (3. \u00e5r) i udlandet\",\"datePublished\":\"2024-11-03T13:17:56+00:00\",\"dateModified\":\"2025-01-28T22:27:37+00:00\",\"mainEntityOfPage\":{\"@id\":\"https:\/\/www.vita-explorers.dk\/blog\/praktik-sygeplejestuderende-3-aar-udlandet\/\"},\"wordCount\":1358,\"commentCount\":0,\"publisher\":{\"@id\":\"https:\/\/www.vita-explorers.dk\/blog\/#organization\"},\"image\":{\"@id\":\"https:\/\/www.vita-explorers.dk\/blog\/praktik-sygeplejestuderende-3-aar-udlandet\/#primaryimage\"},\"thumbnailUrl\":\"https:\/\/www.vita-explorers.dk\/blog\/wp-content\/uploads\/2024\/11\/458976063_561068172910165_5321533045276374745_n.jpg\",\"articleSection\":[\"Humanit\u00e6rt frivilligt arbejde\",\"Nyheder\",\"VITA Explorers\"],\"inLanguage\":\"da-DK\",\"potentialAction\":[{\"@type\":\"CommentAction\",\"name\":\"Comment\",\"target\":[\"https:\/\/www.vita-explorers.dk\/blog\/praktik-sygeplejestuderende-3-aar-udlandet\/#respond\"]}]},{\"@type\":\"WebPage\",\"@id\":\"https:\/\/www.vita-explorers.dk\/blog\/praktik-sygeplejestuderende-3-aar-udlandet\/\",\"url\":\"https:\/\/www.vita-explorers.dk\/blog\/praktik-sygeplejestuderende-3-aar-udlandet\/\",\"name\":\"Sygeplejepraktik p\u00e5 3. \u00e5r i udlandet: Komplet guide 2025\",\"isPartOf\":{\"@id\":\"https:\/\/www.vita-explorers.dk\/blog\/#website\"},\"primaryImageOfPage\":{\"@id\":\"https:\/\/www.vita-explorers.dk\/blog\/praktik-sygeplejestuderende-3-aar-udlandet\/#primaryimage\"},\"image\":{\"@id\":\"https:\/\/www.vita-explorers.dk\/blog\/praktik-sygeplejestuderende-3-aar-udlandet\/#primaryimage\"},\"thumbnailUrl\":\"https:\/\/www.vita-explorers.dk\/blog\/wp-content\/uploads\/2024\/11\/458976063_561068172910165_5321533045276374745_n.jpg\",\"datePublished\":\"2024-11-03T13:17:56+00:00\",\"dateModified\":\"2025-01-28T22:27:37+00:00\",\"description\":\"Stage infirmier de troisi\u00e8me ann\u00e9e \u00e0 l'\u00e9tranger. Exp\u00e9rimentez de nouvelles pratiques de soins et d\u00e9veloppez des comp\u00e9tences interculturelles.\",\"breadcrumb\":{\"@id\":\"https:\/\/www.vita-explorers.dk\/blog\/praktik-sygeplejestuderende-3-aar-udlandet\/#breadcrumb\"},\"inLanguage\":\"da-DK\",\"potentialAction\":[{\"@type\":\"ReadAction\",\"target\":[\"https:\/\/www.vita-explorers.dk\/blog\/praktik-sygeplejestuderende-3-aar-udlandet\/\"]}]},{\"@type\":\"ImageObject\",\"inLanguage\":\"da-DK\",\"@id\":\"https:\/\/www.vita-explorers.dk\/blog\/praktik-sygeplejestuderende-3-aar-udlandet\/#primaryimage\",\"url\":\"https:\/\/www.vita-explorers.dk\/blog\/wp-content\/uploads\/2024\/11\/458976063_561068172910165_5321533045276374745_n.jpg\",\"contentUrl\":\"https:\/\/www.vita-explorers.dk\/blog\/wp-content\/uploads\/2024\/11\/458976063_561068172910165_5321533045276374745_n.jpg\",\"width\":2048,\"height\":1365,\"caption\":\"Mission humanitaire en m\u00e9decine\"},{\"@type\":\"BreadcrumbList\",\"@id\":\"https:\/\/www.vita-explorers.dk\/blog\/praktik-sygeplejestuderende-3-aar-udlandet\/#breadcrumb\",\"itemListElement\":[{\"@type\":\"ListItem\",\"position\":1,\"name\":\"Accueil\",\"item\":\"https:\/\/www.vita-explorers.dk\/blog\/\"},{\"@type\":\"ListItem\",\"position\":2,\"name\":\"Praktik i sygepleje (3. \u00e5r) i udlandet\"}]},{\"@type\":\"WebSite\",\"@id\":\"https:\/\/www.vita-explorers.dk\/blog\/#website\",\"url\":\"https:\/\/www.vita-explorers.dk\/blog\/\",\"name\":\"Association Globalong\",\"description\":\"Frivilligt arbejde, sprogophold, praktik i udlandet og internationale oplevelser\",\"publisher\":{\"@id\":\"https:\/\/www.vita-explorers.dk\/blog\/#organization\"},\"potentialAction\":[{\"@type\":\"SearchAction\",\"target\":{\"@type\":\"EntryPoint\",\"urlTemplate\":\"https:\/\/www.vita-explorers.dk\/blog\/?s={search_term_string}\"},\"query-input\":{\"@type\":\"PropertyValueSpecification\",\"valueRequired\":true,\"valueName\":\"search_term_string\"}}],\"inLanguage\":\"da-DK\"},{\"@type\":\"Organization\",\"@id\":\"https:\/\/www.vita-explorers.dk\/blog\/#organization\",\"name\":\"Association Globalong\",\"url\":\"https:\/\/www.vita-explorers.dk\/blog\/\",\"logo\":{\"@type\":\"ImageObject\",\"inLanguage\":\"da-DK\",\"@id\":\"https:\/\/www.vita-explorers.dk\/blog\/#\/schema\/logo\/image\/\",\"url\":\"https:\/\/www.globalong.com\/blog\/wp-content\/uploads\/2014\/11\/cropped-cropped-Logo-et-Afrique-Globalong-petite-taille-2.jpg\",\"contentUrl\":\"https:\/\/www.globalong.com\/blog\/wp-content\/uploads\/2014\/11\/cropped-cropped-Logo-et-Afrique-Globalong-petite-taille-2.jpg\",\"width\":512,\"height\":512,\"caption\":\"Association Globalong\"},\"image\":{\"@id\":\"https:\/\/www.vita-explorers.dk\/blog\/#\/schema\/logo\/image\/\"},\"sameAs\":[\"https:\/\/www.facebook.com\/globalong\"]},{\"@type\":\"Person\",\"@id\":\"https:\/\/www.vita-explorers.dk\/blog\/#\/schema\/person\/fc0343a2f2db2ebb2793c1f62dbe73f0\",\"name\":\"VITA Tribe\",\"image\":{\"@type\":\"ImageObject\",\"inLanguage\":\"da-DK\",\"@id\":\"https:\/\/www.vita-explorers.dk\/blog\/#\/schema\/person\/image\/\",\"url\":\"https:\/\/secure.gravatar.com\/avatar\/f7f05026bb439d0c96b30e135e5f852c?s=96&d=mm&r=g\",\"contentUrl\":\"https:\/\/secure.gravatar.com\/avatar\/f7f05026bb439d0c96b30e135e5f852c?s=96&d=mm&r=g\",\"caption\":\"VITA Tribe\"},\"sameAs\":[\"http:\/\/www.globalong.com\"],\"url\":\"https:\/\/www.vita-explorers.dk\/blog\/author\/teamglobalong\/\"}]}<\/script>\n<!-- \/ Yoast SEO Premium plugin. -->","yoast_head_json":{"title":"Sygeplejepraktik p\u00e5 3. \u00e5r i udlandet: Komplet guide 2025","description":"Stage infirmier de troisi\u00e8me ann\u00e9e \u00e0 l'\u00e9tranger. Exp\u00e9rimentez de nouvelles pratiques de soins et d\u00e9veloppez des comp\u00e9tences interculturelles.","robots":{"index":"index","follow":"follow","max-snippet":"max-snippet:-1","max-image-preview":"max-image-preview:large","max-video-preview":"max-video-preview:-1"},"canonical":"https:\/\/www.vita-explorers.dk\/blog\/praktik-sygeplejestuderende-3-aar-udlandet\/","og_locale":"da_DK","og_type":"article","og_title":"Praktik i sygepleje (3. \u00e5r) i udlandet","og_description":"Stage infirmier de troisi\u00e8me ann\u00e9e \u00e0 l'\u00e9tranger. Exp\u00e9rimentez de nouvelles pratiques de soins et d\u00e9veloppez des comp\u00e9tences interculturelles.","og_url":"https:\/\/www.vita-explorers.dk\/blog\/praktik-sygeplejestuderende-3-aar-udlandet\/","og_site_name":"VITA Explorers Blog","article_publisher":"https:\/\/www.facebook.com\/globalong","article_published_time":"2024-11-03T13:17:56+00:00","article_modified_time":"2025-01-28T22:27:37+00:00","og_image":[{"width":2048,"height":1365,"url":"https:\/\/www.vita-explorers.dk\/blog\/wp-content\/uploads\/2024\/11\/458976063_561068172910165_5321533045276374745_n.jpg","type":"image\/jpeg"}],"author":"VITA Tribe","twitter_card":"summary_large_image","twitter_misc":{"Skrevet af":"VITA Tribe","Estimeret l\u00e6setid":"7 minutter"},"schema":{"@context":"https:\/\/schema.org","@graph":[{"@type":"Article","@id":"https:\/\/www.vita-explorers.dk\/blog\/praktik-sygeplejestuderende-3-aar-udlandet\/#article","isPartOf":{"@id":"https:\/\/www.vita-explorers.dk\/blog\/praktik-sygeplejestuderende-3-aar-udlandet\/"},"author":{"name":"VITA Tribe","@id":"https:\/\/www.vita-explorers.dk\/blog\/#\/schema\/person\/fc0343a2f2db2ebb2793c1f62dbe73f0"},"headline":"Praktik i sygepleje (3. \u00e5r) i udlandet","datePublished":"2024-11-03T13:17:56+00:00","dateModified":"2025-01-28T22:27:37+00:00","mainEntityOfPage":{"@id":"https:\/\/www.vita-explorers.dk\/blog\/praktik-sygeplejestuderende-3-aar-udlandet\/"},"wordCount":1358,"commentCount":0,"publisher":{"@id":"https:\/\/www.vita-explorers.dk\/blog\/#organization"},"image":{"@id":"https:\/\/www.vita-explorers.dk\/blog\/praktik-sygeplejestuderende-3-aar-udlandet\/#primaryimage"},"thumbnailUrl":"https:\/\/www.vita-explorers.dk\/blog\/wp-content\/uploads\/2024\/11\/458976063_561068172910165_5321533045276374745_n.jpg","articleSection":["Humanit\u00e6rt frivilligt arbejde","Nyheder","VITA Explorers"],"inLanguage":"da-DK","potentialAction":[{"@type":"CommentAction","name":"Comment","target":["https:\/\/www.vita-explorers.dk\/blog\/praktik-sygeplejestuderende-3-aar-udlandet\/#respond"]}]},{"@type":"WebPage","@id":"https:\/\/www.vita-explorers.dk\/blog\/praktik-sygeplejestuderende-3-aar-udlandet\/","url":"https:\/\/www.vita-explorers.dk\/blog\/praktik-sygeplejestuderende-3-aar-udlandet\/","name":"Sygeplejepraktik p\u00e5 3. \u00e5r i udlandet: Komplet guide 2025","isPartOf":{"@id":"https:\/\/www.vita-explorers.dk\/blog\/#website"},"primaryImageOfPage":{"@id":"https:\/\/www.vita-explorers.dk\/blog\/praktik-sygeplejestuderende-3-aar-udlandet\/#primaryimage"},"image":{"@id":"https:\/\/www.vita-explorers.dk\/blog\/praktik-sygeplejestuderende-3-aar-udlandet\/#primaryimage"},"thumbnailUrl":"https:\/\/www.vita-explorers.dk\/blog\/wp-content\/uploads\/2024\/11\/458976063_561068172910165_5321533045276374745_n.jpg","datePublished":"2024-11-03T13:17:56+00:00","dateModified":"2025-01-28T22:27:37+00:00","description":"Stage infirmier de troisi\u00e8me ann\u00e9e \u00e0 l'\u00e9tranger. Exp\u00e9rimentez de nouvelles pratiques de soins et d\u00e9veloppez des comp\u00e9tences interculturelles.","breadcrumb":{"@id":"https:\/\/www.vita-explorers.dk\/blog\/praktik-sygeplejestuderende-3-aar-udlandet\/#breadcrumb"},"inLanguage":"da-DK","potentialAction":[{"@type":"ReadAction","target":["https:\/\/www.vita-explorers.dk\/blog\/praktik-sygeplejestuderende-3-aar-udlandet\/"]}]},{"@type":"ImageObject","inLanguage":"da-DK","@id":"https:\/\/www.vita-explorers.dk\/blog\/praktik-sygeplejestuderende-3-aar-udlandet\/#primaryimage","url":"https:\/\/www.vita-explorers.dk\/blog\/wp-content\/uploads\/2024\/11\/458976063_561068172910165_5321533045276374745_n.jpg","contentUrl":"https:\/\/www.vita-explorers.dk\/blog\/wp-content\/uploads\/2024\/11\/458976063_561068172910165_5321533045276374745_n.jpg","width":2048,"height":1365,"caption":"Mission humanitaire en m\u00e9decine"},{"@type":"BreadcrumbList","@id":"https:\/\/www.vita-explorers.dk\/blog\/praktik-sygeplejestuderende-3-aar-udlandet\/#breadcrumb","itemListElement":[{"@type":"ListItem","position":1,"name":"Accueil","item":"https:\/\/www.vita-explorers.dk\/blog\/"},{"@type":"ListItem","position":2,"name":"Praktik i sygepleje (3. \u00e5r) i udlandet"}]},{"@type":"WebSite","@id":"https:\/\/www.vita-explorers.dk\/blog\/#website","url":"https:\/\/www.vita-explorers.dk\/blog\/","name":"Association Globalong","description":"Frivilligt arbejde, sprogophold, praktik i udlandet og internationale oplevelser","publisher":{"@id":"https:\/\/www.vita-explorers.dk\/blog\/#organization"},"potentialAction":[{"@type":"SearchAction","target":{"@type":"EntryPoint","urlTemplate":"https:\/\/www.vita-explorers.dk\/blog\/?s={search_term_string}"},"query-input":{"@type":"PropertyValueSpecification","valueRequired":true,"valueName":"search_term_string"}}],"inLanguage":"da-DK"},{"@type":"Organization","@id":"https:\/\/www.vita-explorers.dk\/blog\/#organization","name":"Association Globalong","url":"https:\/\/www.vita-explorers.dk\/blog\/","logo":{"@type":"ImageObject","inLanguage":"da-DK","@id":"https:\/\/www.vita-explorers.dk\/blog\/#\/schema\/logo\/image\/","url":"https:\/\/www.globalong.com\/blog\/wp-content\/uploads\/2014\/11\/cropped-cropped-Logo-et-Afrique-Globalong-petite-taille-2.jpg","contentUrl":"https:\/\/www.globalong.com\/blog\/wp-content\/uploads\/2014\/11\/cropped-cropped-Logo-et-Afrique-Globalong-petite-taille-2.jpg","width":512,"height":512,"caption":"Association Globalong"},"image":{"@id":"https:\/\/www.vita-explorers.dk\/blog\/#\/schema\/logo\/image\/"},"sameAs":["https:\/\/www.facebook.com\/globalong"]},{"@type":"Person","@id":"https:\/\/www.vita-explorers.dk\/blog\/#\/schema\/person\/fc0343a2f2db2ebb2793c1f62dbe73f0","name":"VITA Tribe","image":{"@type":"ImageObject","inLanguage":"da-DK","@id":"https:\/\/www.vita-explorers.dk\/blog\/#\/schema\/person\/image\/","url":"https:\/\/secure.gravatar.com\/avatar\/f7f05026bb439d0c96b30e135e5f852c?s=96&d=mm&r=g","contentUrl":"https:\/\/secure.gravatar.com\/avatar\/f7f05026bb439d0c96b30e135e5f852c?s=96&d=mm&r=g","caption":"VITA Tribe"},"sameAs":["http:\/\/www.globalong.com"],"url":"https:\/\/www.vita-explorers.dk\/blog\/author\/teamglobalong\/"}]}},"_links":{"self":[{"href":"https:\/\/www.vita-explorers.dk\/blog\/wp-json\/wp\/v2\/posts\/18549"}],"collection":[{"href":"https:\/\/www.vita-explorers.dk\/blog\/wp-json\/wp\/v2\/posts"}],"about":[{"href":"https:\/\/www.vita-explorers.dk\/blog\/wp-json\/wp\/v2\/types\/post"}],"author":[{"embeddable":true,"href":"https:\/\/www.vita-explorers.dk\/blog\/wp-json\/wp\/v2\/users\/7"}],"replies":[{"embeddable":true,"href":"https:\/\/www.vita-explorers.dk\/blog\/wp-json\/wp\/v2\/comments?post=18549"}],"version-history":[{"count":36,"href":"https:\/\/www.vita-explorers.dk\/blog\/wp-json\/wp\/v2\/posts\/18549\/revisions"}],"predecessor-version":[{"id":20640,"href":"https:\/\/www.vita-explorers.dk\/blog\/wp-json\/wp\/v2\/posts\/18549\/revisions\/20640"}],"wp:featuredmedia":[{"embeddable":true,"href":"https:\/\/www.vita-explorers.dk\/blog\/wp-json\/wp\/v2\/media\/18580"}],"wp:attachment":[{"href":"https:\/\/www.vita-explorers.dk\/blog\/wp-json\/wp\/v2\/media?parent=18549"}],"wp:term":[{"taxonomy":"category","embeddable":true,"href":"https:\/\/www.vita-explorers.dk\/blog\/wp-json\/wp\/v2\/categories?post=18549"},{"taxonomy":"post_tag","embeddable":true,"href":"https:\/\/www.vita-explorers.dk\/blog\/wp-json\/wp\/v2\/tags?post=18549"}],"curies":[{"name":"wp","href":"https:\/\/api.w.org\/{rel}","templated":true}]}}