{"id":18664,"date":"2024-11-25T03:55:53","date_gmt":"2024-11-25T02:55:53","guid":{"rendered":"https:\/\/www.globalong.com\/blog\/?p=18664"},"modified":"2025-10-29T16:35:16","modified_gmt":"2025-10-29T15:35:16","slug":"humanitaer-rejse-til-costa-rica","status":"publish","type":"post","link":"https:\/\/www.vita-explorers.dk\/blog\/humanitaer-rejse-til-costa-rica\/","title":{"rendered":"Humanit\u00e6rt ophold i Costa Rica"},"content":{"rendered":"<h1 style=\"text-align: justify;\"><span style=\"font-size: 18pt;\">Humanit\u00e6r rejse til Costa Rica: <\/span><\/h1>\n<h2 style=\"text-align: justify;\"><span style=\"font-size: 18pt;\">En berigende og uforglemmelig oplevelse<\/span><\/h2>\n<p style=\"text-align: justify;\">F\u00e5 overblik over det vigtigste, hvis du overvejer en <strong>humanit\u00e6r rejse til Costa Rica<\/strong>: forl\u00f8b, oplevelser, praktiske r\u00e5d og erfaringer, der bliver siddende l\u00e6nge efter, du er kommet hjem.<\/p>\n<hr \/>\n<h3 style=\"text-align: justify;\">Introduktion<\/h3>\n<p style=\"text-align: justify;\">En <strong>humanit\u00e6r rejse til <a href=\"https:\/\/www.vita-explorers.dk\/blog\/frivilligt-arbejde-costa-rica\/\" target=\"_blank\" rel=\"noopener\">Costa Rica<\/a><\/strong> kan v\u00e6re et forl\u00f8b, der b\u00e5de giver mening og perspektiv \u2013 samtidig med at du oplever et land med en helt s\u00e6rlig biodiversitet. Forestil dig at v\u00e6re t\u00e6t p\u00e5 naturen og bidrage til arbejdet med at beskytte havskildpadder, eller at indg\u00e5 i hverdagen p\u00e5 en skole og st\u00f8tte b\u00f8rn i grundl\u00e6ggende f\u00e6rdigheder. Men er det den rette rejseform for dig? Her ser vi n\u00e6rmere p\u00e5 forskellige typer af <a href=\"https:\/\/www.vita-explorers.dk\/blog\/humanit\u00e6rt-ophold-i-costa-rica\/\" target=\"_blank\" rel=\"noopener\">frivilligt arbejde i Costa Rica<\/a>, hvilke indsatser du kan deltage i, og hvordan du forbereder dig bedst. L\u00e6s med og f\u00e5 en realistisk fornemmelse af, hvorfor s\u00e5 mange v\u00e6lger Costa Rica \u2013 og hvad du selv kan f\u00e5 ud af oplevelsen.<\/p>\n<p><iframe loading=\"lazy\" title=\"Depuis une recherche sur Google jusqu&#039;aux rencontres sur le terrain...\" width=\"422\" height=\"750\" src=\"https:\/\/www.youtube.com\/embed\/pxgJbMqEHIE?feature=oembed\" frameborder=\"0\" allow=\"accelerometer; autoplay; clipboard-write; encrypted-media; gyroscope; picture-in-picture; web-share\" referrerpolicy=\"strict-origin-when-cross-origin\" allowfullscreen><\/iframe><\/p>\n<hr \/>\n<h3 style=\"text-align: justify;\"><strong>Hvorfor v\u00e6lge en humanit\u00e6r rejse til Costa Rica?<\/strong><\/h3>\n<p style=\"text-align: justify;\">Costa Rica er et popul\u00e6rt valg for internationale forl\u00f8b \u2013 og det er der gode grunde til. Landet er kendt for sit fokus p\u00e5 naturbeskyttelse og for en \u00e5ben og im\u00f8dekommende kultur. <strong>Men hvorfor v\u00e6lge et humanit\u00e6rt ophold her frem for et andet sted?<\/strong><\/p>\n<ol style=\"text-align: justify;\">\n<li><strong>Unik biodiversitet<\/strong><br \/>\nCosta Rica rummer omkring 5 % af verdens biodiversitet, selvom landet er relativt lille. Det g\u00f8r destinationen oplagt for dig, der interesserer dig for natur og gerne vil bidrage til projekter med fokus p\u00e5 bevaring. Derfor kan dit engagement ofte m\u00e6rkes direkte i forhold til lokale \u00f8kosystemer.<\/li>\n<li><strong>En im\u00f8dekommende kultur<\/strong><br \/>\nCostaricanerne \u2013 ofte kaldet \u201cTicos\u201d \u2013 er kendt for livsfilosofien \u201cPura Vida\u201d, som kan forst\u00e5s som en enkel og positiv tilgang til hverdagen. Det skaber gode rammer for kulturudveksling og g\u00f8r opholdet mere n\u00e6rv\u00e6rende, fordi du m\u00f8der mennesker, der v\u00e6rds\u00e6tter f\u00e6llesskab og enkelhed.<\/li>\n<li><strong>Mange forskellige projekter<\/strong><br \/>\nDer findes en bred vifte af forl\u00f8b \u2013 fra milj\u00f8indsatser (fx beskyttelse af strande for havskildpadder) til sociale og uddannelsesrettede aktiviteter i lokalsamfund. Uanset om du br\u00e6nder for undervisning eller naturbeskyttelse, kan Costa Rica v\u00e6re et match.<\/li>\n<\/ol>\n<blockquote><p><strong>N\u00f8gletal:<\/strong> Omkring <strong>25 %<\/strong> af Costa Ricas areal er udlagt som beskyttede naturomr\u00e5der, og landet regnes blandt de internationale frontl\u00f8bere p\u00e5 naturbevarelse.<\/p><\/blockquote>\n<hr \/>\n<h3 style=\"text-align: justify;\"><strong>Typer af humanit\u00e6re forl\u00f8b i Costa Rica<\/strong><\/h3>\n<p style=\"text-align: justify;\">Humanit\u00e6re forl\u00f8b i Costa Rica samler sig typisk om tre omr\u00e5der: <strong>milj\u00f8- og naturbeskyttelse<\/strong>, <strong>uddannelse og f\u00e6llesskabsst\u00f8tte<\/strong> samt <strong>social udvikling<\/strong>.<\/p>\n<h4 style=\"text-align: justify;\"><strong>1. Milj\u00f8- og naturbeskyttelse<\/strong><\/h4>\n<p style=\"text-align: justify;\">Costa Rica er kendt for sin indsats inden for <a href=\"https:\/\/www.vita-explorers.dk\/blog\/costa-rica-okologi-ansvarligt-internationalt-frivilligt-arbejde-vita-institute\/\" target=\"_blank\" rel=\"noopener\">naturbevarelse<\/a>. Hvis du trives udend\u00f8rs og interesserer dig for milj\u00f8, kan du fx deltage i projekter som:<\/p>\n<ul style=\"text-align: justify;\">\n<li><a href=\"https:\/\/www.vita-explorers.dk\/frivilligt-arbejde\/costa-rica-internationalt-frivilligt-arbejde-okoprojekt-praktik\/beskyttelse-af-havskildpadder-frivilligt-arbejde.html\" target=\"_blank\" rel=\"noopener\"><strong>Beskyttelse af havskildpadder<\/strong><\/a> : Hj\u00e6lp med overv\u00e5gning af strande, registrering af data og st\u00f8tte til at sikre, at ungerne n\u00e5r sikkert ud i havet.<\/li>\n<li><a href=\"https:\/\/www.vita-explorers.dk\/sprog-og-frivilligt-arbejde\/frivilligt-arbejde-spansk-costa-rica\/humanitaert-forloeb-miljoebeskyttelse-costa-rica%20.html\" target=\"_blank\" rel=\"noopener\"><strong>Genplantning af skov<\/strong><\/a>: Plant tr\u00e6er i omr\u00e5der, der er blevet nedbrudt, for at underst\u00f8tte naturens genopbygning.<\/li>\n<li><strong>Bevarelse af naturreservater<\/strong> : Bidrag i nationalparker med vedligehold af stier, formidling til bes\u00f8gende og beskyttelse af dyreliv.<\/li>\n<\/ul>\n<blockquote><p><strong>Oplevelse<\/strong> : &#8220;At v\u00e6re med til at beskytte skildpadder i Costa Rica var noget af det mest mindev\u00e6rdige, jeg har pr\u00f8vet. At se de sm\u00e5 unger finde vej mod havet f\u00f8rste gang er et \u00f8jeblik, jeg aldrig glemmer.&#8221; \u2013 <strong>Lucie, 28 \u00e5r, deltager i 2022<\/strong>.<\/p>\n<p><img loading=\"lazy\" decoding=\"async\" class=\"aligncenter wp-image-15854 size-medium\" src=\"https:\/\/www.vita-explorers.dk\/blog\/wp-content\/uploads\/2023\/12\/mission-humanitaire-au-Costa-Rica-300x197.png\" alt=\"Se, hvordan Costa Rica beskytter milj\u00f8et med rig biodiversitet og m\u00e5lrettede naturbevarende tiltag.\" width=\"300\" height=\"197\" srcset=\"https:\/\/www.vita-explorers.dk\/blog\/wp-content\/uploads\/2023\/12\/mission-humanitaire-au-Costa-Rica-300x197.png 300w, https:\/\/www.vita-explorers.dk\/blog\/wp-content\/uploads\/2023\/12\/mission-humanitaire-au-Costa-Rica-1024x673.png 1024w, https:\/\/www.vita-explorers.dk\/blog\/wp-content\/uploads\/2023\/12\/mission-humanitaire-au-Costa-Rica-768x505.png 768w, https:\/\/www.vita-explorers.dk\/blog\/wp-content\/uploads\/2023\/12\/mission-humanitaire-au-Costa-Rica.png 1528w\" sizes=\"(max-width: 300px) 100vw, 300px\" \/><\/p><\/blockquote>\n<hr \/>\n<h4 style=\"text-align: justify;\"><a href=\"https:\/\/www.vita-explorers.dk\/sprog-og-frivilligt-arbejde\/frivilligt-arbejde-spansk-costa-rica\/costa-rica-b\u00f8rn-ofre-for-vold.html\" target=\"_blank\" rel=\"noopener\"><strong>2. Uddannelse og f\u00e6llesskabsst\u00f8tte<\/strong><\/a><\/h4>\n<p style=\"text-align: justify;\">Uddannelse er en vigtig del af lokal udvikling \u2013 s\u00e6rligt i mere landlige omr\u00e5der. Her kan du fx komme til at:<\/p>\n<ul style=\"text-align: justify;\">\n<li><strong>Undervise i engelsk<\/strong> : St\u00f8t b\u00f8rn i at l\u00e6re et sprog, der ofte er relevant i et land, hvor turisme spiller en stor rolle.<\/li>\n<li><strong>Arrangere kreative aktiviteter<\/strong> : Workshops med kunst, sport eller personlig udvikling er typisk popul\u00e6re blandt b\u00f8rn og unge.<\/li>\n<li><strong>Give lektiehj\u00e6lp<\/strong> : Hj\u00e6lp elever med fx matematik eller naturfag gennem legende og p\u00e6dagogiske aktiviteter.<\/li>\n<\/ul>\n<blockquote><p><strong>Case<\/strong> : En lokal <a href=\"https:\/\/www.vita-explorers.dk\/blog\/stage-international-en-ong\/\" target=\"_blank\" rel=\"noopener\">organisation<\/a> har observeret en forbedring p\u00e5 <strong>15 %<\/strong> i elevers skolepr\u00e6stationer efter et forl\u00f8b, hvor deltagere har bidraget med mere interaktive undervisningsmetoder.<\/p><\/blockquote>\n<hr \/>\n<h4 style=\"text-align: justify;\"><strong>3. Social udvikling<\/strong><\/h4>\n<p style=\"text-align: justify;\">Forl\u00f8b med fokus p\u00e5 social udvikling handler om at styrke hverdagsvilk\u00e5r og muligheder for mennesker i s\u00e5rbare situationer. Projekterne kan fx omfatte:<\/p>\n<ul style=\"text-align: justify;\">\n<li><strong>Arbejde med b\u00f8rn<\/strong> : Bidrag i b\u00f8rnecentre eller lokale f\u00e6llesskabsprojekter gennem lege, aktiviteter og l\u00e6ring.<\/li>\n<li><strong>St\u00f8tte til kvinder<\/strong> : Deltag i workshops og l\u00e6ringsforl\u00f8b, der underst\u00f8tter kompetencer og handlemuligheder i landdistrikter.<\/li>\n<\/ul>\n<blockquote><p><strong>Oplevelse<\/strong> : &#8220;Jeg var tre m\u00e5neder i en afsides landsby og st\u00f8ttede kvinder i at udvikle deres h\u00e5ndv\u00e6rkskompetencer. Det var en stor oplevelse at se deres stolthed og selvst\u00e6ndighed vokse.&#8221; \u2013 <strong>Nathalie, 35 \u00e5r, deltager i social udvikling<\/strong>.<\/p><\/blockquote>\n<hr \/>\n<h3 style=\"text-align: justify;\"><strong>Interaktiv quiz: &#8220;Hvilken type humanit\u00e6rt forl\u00f8b passer til dig?&#8221;<\/strong><\/h3>\n<p style=\"text-align: justify;\">Er du i tvivl om, hvilken indsats der passer bedst til dig? Tag denne korte quiz og f\u00e5 en id\u00e9 om, hvor du typisk vil trives bedst.<\/p>\n<ol style=\"text-align: justify;\">\n<li><strong>Hvilken sag betyder mest for dig?<\/strong>\n<ul>\n<li>A) At beskytte dyr og milj\u00f8.<\/li>\n<li>B) At st\u00f8tte b\u00f8rn i at f\u00e5 bedre adgang til uddannelse.<\/li>\n<li>C) At bakke op om kvinder og mennesker i s\u00e5rbare situationer.<\/li>\n<\/ul>\n<\/li>\n<li><strong>Hvor vil du helst arbejde?<\/strong>\n<ul>\n<li>A) P\u00e5 en strand t\u00e6t p\u00e5 havskildpadder.<\/li>\n<li>B) P\u00e5 en skole med engagerede b\u00f8rn.<\/li>\n<li>C) I en landsby, hvor du kan bidrage i hverdagen.<\/li>\n<\/ul>\n<\/li>\n<li><strong>Hvilke kompetencer vil du gerne udvikle?<\/strong>\n<ul>\n<li>A) Naturbevarelse og viden om biodiversitet.<\/li>\n<li>B) Undervisning og p\u00e6dagogik.<\/li>\n<li>C) Interkulturel kommunikation og projektforst\u00e5else.<\/li>\n<\/ul>\n<\/li>\n<\/ol>\n<p style=\"text-align: justify;\"><strong>Quiz-resultater:<\/strong><\/p>\n<ul style=\"text-align: justify;\">\n<li><strong>Flest A<\/strong> : Natur- og milj\u00f8forl\u00f8b passer godt til dig. Du vil sandsynligvis trives med at arbejde udend\u00f8rs.<\/li>\n<li><strong>Flest B<\/strong> : Uddannelsesforl\u00f8b er et st\u00e6rkt match. Her f\u00e5r du ofte en t\u00e6t hverdag med b\u00f8rn og l\u00e6ring.<\/li>\n<li><strong>Flest C<\/strong> : Sociale forl\u00f8b kan v\u00e6re det rette for dig. Du vil typisk kunne se din indsats i konkrete hverdagsforandringer.<\/li>\n<\/ul>\n<hr \/>\n<h3 style=\"text-align: justify;\"><strong>Praktiske r\u00e5d til en vellykket humanit\u00e6r rejse<\/strong><\/h3>\n<ol style=\"text-align: justify;\">\n<li><strong>L\u00e6r lidt spansk<\/strong> : Engelsk kan v\u00e6re nyttigt, men nogle basale s\u00e6tninger p\u00e5 spansk g\u00f8r det nemmere at indg\u00e5 i hverdagen.<\/li>\n<li><strong>Forbered dig fysisk<\/strong> : Projekter som genplantning eller skildpaddebeskyttelse kan v\u00e6re fysisk kr\u00e6vende. Det hj\u00e6lper at v\u00e6re i rimelig form, inden du tager afsted.<\/li>\n<li><strong>V\u00e6r fleksibel<\/strong> : Tingene g\u00e5r ikke altid efter planen. Netop det kan ogs\u00e5 v\u00e6re en del af det, der g\u00f8r oplevelsen l\u00e6rerig.<\/li>\n<\/ol>\n<hr \/>\n<h3 style=\"text-align: justify;\"><strong>Hvordan kan du finansiere din humanit\u00e6re rejse til Costa Rica?<\/strong><\/h3>\n<ol style=\"text-align: justify;\">\n<li><strong>Legater og st\u00f8tteordninger<\/strong> : Unders\u00f8g, om der findes relevante fonde eller puljer til internationale forl\u00f8b. Det kan reducere dine egne udgifter.<\/li>\n<li><strong>Indsamling og crowdfunding<\/strong> : Opret en <a href=\"https:\/\/tribee.fr\/associations\/globalong\/\" target=\"_blank\" rel=\"noopener\">Tribee<\/a>-side og del din plan med venner og familie.<\/li>\n<li><strong>Lokale sponsorer<\/strong> : Nogle virksomheder kan v\u00e6re interesserede i at st\u00f8tte mod synlighed \u2013 afh\u00e6ngigt af din kontekst og dit netv\u00e6rk.<\/li>\n<\/ol>\n<blockquote><p><strong>N\u00f8gletal:<\/strong> Omkring <strong>30 %<\/strong> af deltagerne finansierer deres rejse gennem crowdfunding-kampagner.<\/p>\n<p><img loading=\"lazy\" decoding=\"async\" class=\"aligncenter wp-image-7912 size-medium\" src=\"https:\/\/www.vita-explorers.dk\/blog\/wp-content\/uploads\/2017\/11\/Friends-in-Costa-Rica-Globalong-min-300x225.jpg\" alt=\"Humanit\u00e6r rejse til Costa Rica\" width=\"300\" height=\"225\" srcset=\"https:\/\/www.vita-explorers.dk\/blog\/wp-content\/uploads\/2017\/11\/Friends-in-Costa-Rica-Globalong-min-300x225.jpg 300w, https:\/\/www.vita-explorers.dk\/blog\/wp-content\/uploads\/2017\/11\/Friends-in-Costa-Rica-Globalong-min-768x577.jpg 768w, https:\/\/www.vita-explorers.dk\/blog\/wp-content\/uploads\/2017\/11\/Friends-in-Costa-Rica-Globalong-min-150x113.jpg 150w, https:\/\/www.vita-explorers.dk\/blog\/wp-content\/uploads\/2017\/11\/Friends-in-Costa-Rica-Globalong-min.jpg 852w\" sizes=\"(max-width: 300px) 100vw, 300px\" \/><\/p><\/blockquote>\n<hr \/>\n<h3 style=\"text-align: justify;\"><a href=\"https:\/\/www.vita-explorers.dk\/blog\/faq-internationalt-frivilligt-arbejde\/\" target=\"_blank\" rel=\"noopener\">FAQ<\/a><\/h3>\n<p style=\"text-align: justify;\"><strong>1. Skal jeg tale flydende spansk for at tage p\u00e5 en humanit\u00e6r rejse til Costa Rica?<\/strong><br \/>\nNej, det er ikke et krav. Men lidt grundl\u00e6ggende spansk g\u00f8r det lettere at kommunikere.<\/p>\n<p style=\"text-align: justify;\"><strong>2. Hvor l\u00e6nge varer de humanit\u00e6re forl\u00f8b?<\/strong><br \/>\nForl\u00f8b varierer typisk fra 2 uger til 6 m\u00e5neder. Det afh\u00e6nger af organisationen og projektets type.<\/p>\n<p style=\"text-align: justify;\"><strong>3. Koster det noget at deltage?<\/strong><br \/>\nJa, de fleste forl\u00f8b kr\u00e6ver et bidrag, som d\u00e6kker indkvartering og praktisk logistik. Der findes dog ofte forskellige m\u00e5der at s\u00f8ge finansiering p\u00e5.<\/p>\n<p style=\"text-align: justify;\"><strong>4. Er det sikkert at rejse til Costa Rica i forbindelse med et humanit\u00e6rt forl\u00f8b?<\/strong><br \/>\nJa, Costa Rica regnes blandt de mere sikre lande i Mellemamerika. Det er stadig vigtigt at f\u00f8lge g\u00e6ldende sikkerhedsr\u00e5d.<\/p>\n<p style=\"text-align: justify;\"><strong>5. Hvilken type indkvartering tilbydes?<\/strong><br \/>\nDet varierer: Nogle bor hos v\u00e6rtsfamilier, andre i f\u00e6llesboliger eller \u00f8ko-lodges.<\/p>\n<hr \/>\n<h3 style=\"text-align: justify;\">Konklusion<\/h3>\n<p style=\"text-align: justify;\">En <strong>humanit\u00e6r rejse til Costa Rica<\/strong> er mere end et almindeligt frivilligt ophold. Det kan v\u00e6re en mulighed for at komme t\u00e6ttere p\u00e5 naturen, st\u00f8tte lokale f\u00e6llesskaber og skabe oplevelser, du tager med dig videre. Er du klar til at tage n\u00e6ste skridt?<\/p>\n<p style=\"text-align: justify;\">Download vores gratis guide og kom godt i gang med at planl\u00e6gge dit humanit\u00e6re ophold allerede i dag.<\/p>\n<div class=\"ti-widget ti-goog\" data-layout-id=\"4\" data-set-id=\"light-background\" data-pid=\"\" data-language=\"fr\" data-version=\"2\" data-review-target-width=\"300\" data-review-text-mode=\"readmore\" data-pager-autoplay-timeout=\"6\" > <div class=\"ti-widget-container ti-col-3\"> <div class=\"ti-reviews-container\"> <div class=\"ti-controls\"> <div class=\"ti-next\" aria-label=\"Avis suivante\" role=\"button\"><\/div> <div class=\"ti-prev\" aria-label=\"Avis pr\u00e9c\u00e9dent\" role=\"button\"><\/div> <\/div> <div class=\"ti-reviews-container-wrapper\">  <div data-empty=\"0\" class=\"ti-review-item source-Google ti-image-layout-thumbnail\" data-id=\"cfcd208495d565ef66e7dff9f98764da\" > <div class=\"ti-inner\"> <div class=\"ti-review-header\"> <div class=\"ti-profile-img\"> <img decoding=\"async\" src=\"https:\/\/lh3.googleusercontent.com\/a\/ACg8ocKpaoKe37CD0_POxO97KqB60GsWQRsIuG2vmCfXT-W_FY44vw=s120-c-rp-mo-br100\" srcset=\"https:\/\/lh3.googleusercontent.com\/a\/ACg8ocKpaoKe37CD0_POxO97KqB60GsWQRsIuG2vmCfXT-W_FY44vw=s120-c-rp-mo-br100 2x\" alt=\"Lucie Correia\" loading=\"lazy\" \/> <\/div> <div class=\"ti-profile-details\"> <div class=\"ti-name\"> Lucie Correia <\/div> <div class=\"ti-date\">2024-10-17<\/div> <\/div> <\/div> <span class=\"ti-stars\"><span class=\"ti-star f\"><\/span><span class=\"ti-star f\"><\/span><span class=\"ti-star f\"><\/span><span class=\"ti-star f\"><\/span><span class=\"ti-star f\"><\/span><\/span> <div class=\"ti-review-text-container ti-review-content\"><!-- R-CONTENT -->La communication avec Globalong est super, personnes tr\u00e8s pr\u00e9sentes pour les b\u00e9n\u00e9voles et \u00e9tudiants partant avec cette association. Elles r\u00e9pondent \u00e0 toutes nos questions et sont tr\u00e8s accessibles au t\u00e9l\u00e9phone.<!-- R-CONTENT --><\/div> <span class=\"ti-read-more\" data-container=\".ti-review-content\" data-collapse-text=\"Cacher\" data-open-text=\"Lire la suite\" ><\/span> <\/div> <\/div>  <div data-empty=\"0\" class=\"ti-review-item source-Google ti-image-layout-thumbnail\" data-id=\"cfcd208495d565ef66e7dff9f98764da\" > <div class=\"ti-inner\"> <div class=\"ti-review-header\"> <div class=\"ti-profile-img\"> <img decoding=\"async\" src=\"https:\/\/lh3.googleusercontent.com\/a-\/ALV-UjWqnnzM7-7c9BDqeTDF-a7pOgNjvLkJ3WshRd_Tn7z0Eu-AGQwo=s120-c-rp-mo-br100\" srcset=\"https:\/\/lh3.googleusercontent.com\/a-\/ALV-UjWqnnzM7-7c9BDqeTDF-a7pOgNjvLkJ3WshRd_Tn7z0Eu-AGQwo=s120-c-rp-mo-br100 2x\" alt=\"Ra\u00efssa Frisch\" loading=\"lazy\" \/> <\/div> <div class=\"ti-profile-details\"> <div class=\"ti-name\"> Ra\u00efssa Frisch <\/div> <div class=\"ti-date\">2024-10-14<\/div> <\/div> <\/div> <span class=\"ti-stars\"><span class=\"ti-star f\"><\/span><span class=\"ti-star f\"><\/span><span class=\"ti-star f\"><\/span><span class=\"ti-star f\"><\/span><span class=\"ti-star f\"><\/span><\/span> <div class=\"ti-review-text-container ti-review-content\"><!-- R-CONTENT -->J\u2019ai d\u00e9j\u00e0 eu l\u2019opportunit\u00e9 de r\u00e9aliser deux projets humanitaires avec l\u2019association Globalong. Je ne peux que la recommander, car j\u2019ai toujours b\u00e9n\u00e9fici\u00e9 d\u2019un excellent accompagnement, aussi bien avant que pendant le voyage. On ne vous laisse pas vous d\u00e9brouiller seuls, bien au contraire, vous \u00eates tr\u00e8s bien encadr\u00e9s pour accomplir toutes les d\u00e9marches dans les d\u00e9lais.\n\nAu-del\u00e0 du suivi, les exp\u00e9riences humanitaires propos\u00e9es par Globalong ne peuvent que transformer votre vie de mani\u00e8re positive. Elles vous apportent une richesse humaine inestimable.<!-- R-CONTENT --><\/div> <span class=\"ti-read-more\" data-container=\".ti-review-content\" data-collapse-text=\"Cacher\" data-open-text=\"Lire la suite\" ><\/span> <\/div> <\/div>  <div data-empty=\"0\" class=\"ti-review-item source-Google ti-image-layout-thumbnail\" data-id=\"cfcd208495d565ef66e7dff9f98764da\" > <div class=\"ti-inner\"> <div class=\"ti-review-header\"> <div class=\"ti-profile-img\"> <img decoding=\"async\" src=\"https:\/\/lh3.googleusercontent.com\/a\/ACg8ocJL-Dxv25YkXK2QwWPNRxTVqZCv5uTmDQDFg5qslKra3vRZew=s120-c-rp-mo-br100\" srcset=\"https:\/\/lh3.googleusercontent.com\/a\/ACg8ocJL-Dxv25YkXK2QwWPNRxTVqZCv5uTmDQDFg5qslKra3vRZew=s120-c-rp-mo-br100 2x\" alt=\"Tara Turan\" loading=\"lazy\" \/> <\/div> <div class=\"ti-profile-details\"> <div class=\"ti-name\"> Tara Turan <\/div> <div class=\"ti-date\">2024-10-14<\/div> <\/div> <\/div> <span class=\"ti-stars\"><span class=\"ti-star f\"><\/span><span class=\"ti-star f\"><\/span><span class=\"ti-star f\"><\/span><span class=\"ti-star f\"><\/span><span class=\"ti-star f\"><\/span><\/span> <div class=\"ti-review-text-container ti-review-content\"><!-- R-CONTENT -->Une des meilleures associations que j\u2019ai pu faire !\nUne organisation et un suivi vraiment parfait, c\u2019est avec grand plaisir que je referai un projet avec eux.<!-- R-CONTENT --><\/div> <span class=\"ti-read-more\" data-container=\".ti-review-content\" data-collapse-text=\"Cacher\" data-open-text=\"Lire la suite\" ><\/span> <\/div> <\/div>  <div data-empty=\"0\" class=\"ti-review-item source-Google ti-image-layout-thumbnail\" data-id=\"cfcd208495d565ef66e7dff9f98764da\" > <div class=\"ti-inner\"> <div class=\"ti-review-header\"> <div class=\"ti-profile-img\"> <img decoding=\"async\" src=\"https:\/\/lh3.googleusercontent.com\/a\/ACg8ocLctTPNovSk3eKM0b_MIPOfcFEQsz2135Cdu59_BWRVsIYC7Q=s120-c-rp-mo-br100\" srcset=\"https:\/\/lh3.googleusercontent.com\/a\/ACg8ocLctTPNovSk3eKM0b_MIPOfcFEQsz2135Cdu59_BWRVsIYC7Q=s120-c-rp-mo-br100 2x\" alt=\"Repiquet Julie\" loading=\"lazy\" \/> <\/div> <div class=\"ti-profile-details\"> <div class=\"ti-name\"> Repiquet Julie <\/div> <div class=\"ti-date\">2024-10-13<\/div> <\/div> <\/div> <span class=\"ti-stars\"><span class=\"ti-star f\"><\/span><span class=\"ti-star f\"><\/span><span class=\"ti-star f\"><\/span><span class=\"ti-star f\"><\/span><span class=\"ti-star f\"><\/span><\/span> <div class=\"ti-review-text-container ti-review-content\"><!-- R-CONTENT -->Tr\u00e8s bon accompagnement de la part de Globalong, du premier jour avec toutes mes interrogations, jusqu'au d\u00e9part dans quelques jours. Le dossier transmis apr\u00e8s validation de la mission est plus que complet, les webmaster tr\u00e8s int\u00e9ressantes et permettent de d\u00e9charger mentalement ce genre de pr\u00e9paration, tout est pr\u00e9vu il n'y a plus qu'\u00e0 suivre ! Merci \u00e0 Florence de r\u00e9pondre \u00e0 toutes mes questions avec gentillesse et bienveillance, cela m'a permis de passer le cap!\nMaintenant, il n'y a plus qu'\u00e0 \ud83d\ude00<!-- R-CONTENT --><\/div> <span class=\"ti-read-more\" data-container=\".ti-review-content\" data-collapse-text=\"Cacher\" data-open-text=\"Lire la suite\" ><\/span> <\/div> <\/div>  <div data-empty=\"0\" class=\"ti-review-item source-Google ti-image-layout-thumbnail\" data-id=\"cfcd208495d565ef66e7dff9f98764da\" > <div class=\"ti-inner\"> <div class=\"ti-review-header\"> <div class=\"ti-profile-img\"> <img decoding=\"async\" src=\"https:\/\/lh3.googleusercontent.com\/a\/ACg8ocJJTdmTWs8nAA0yuH_cKOUgzc6GFAkHBiXhpnnVYXaWMBZsHw=s120-c-rp-mo-br100\" srcset=\"https:\/\/lh3.googleusercontent.com\/a\/ACg8ocJJTdmTWs8nAA0yuH_cKOUgzc6GFAkHBiXhpnnVYXaWMBZsHw=s120-c-rp-mo-br100 2x\" alt=\"Marine Guilhamat\" loading=\"lazy\" \/> <\/div> <div class=\"ti-profile-details\"> <div class=\"ti-name\"> Marine Guilhamat <\/div> <div class=\"ti-date\">2024-10-09<\/div> <\/div> <\/div> <span class=\"ti-stars\"><span class=\"ti-star f\"><\/span><span class=\"ti-star f\"><\/span><span class=\"ti-star f\"><\/span><span class=\"ti-star f\"><\/span><span class=\"ti-star f\"><\/span><\/span> <div class=\"ti-review-text-container ti-review-content\"><!-- R-CONTENT -->Tr\u00e8s belle association qui offre un cadre super s\u00e9curisant et permet de s\u2019investir dans des projets qui ont du sens. Merci \u00e0 l\u2019\u00e9quipe Globalong pour votre disponibilit\u00e9, gentillesse et accompagnement !<!-- R-CONTENT --><\/div> <span class=\"ti-read-more\" data-container=\".ti-review-content\" data-collapse-text=\"Cacher\" data-open-text=\"Lire la suite\" ><\/span> <\/div> <\/div>  <div data-empty=\"0\" class=\"ti-review-item source-Google ti-image-layout-thumbnail\" data-id=\"cfcd208495d565ef66e7dff9f98764da\" > <div class=\"ti-inner\"> <div class=\"ti-review-header\"> <div class=\"ti-profile-img\"> <img decoding=\"async\" src=\"https:\/\/lh3.googleusercontent.com\/a\/ACg8ocIgITHXKo46qgJyPqlJeAcxz11gCKUJpGIk2qauiIe2O3iZ6w=s120-c-rp-mo-br100\" srcset=\"https:\/\/lh3.googleusercontent.com\/a\/ACg8ocIgITHXKo46qgJyPqlJeAcxz11gCKUJpGIk2qauiIe2O3iZ6w=s120-c-rp-mo-br100 2x\" alt=\"Laura Mercier\" loading=\"lazy\" \/> <\/div> <div class=\"ti-profile-details\"> <div class=\"ti-name\"> Laura Mercier <\/div> <div class=\"ti-date\">2024-10-08<\/div> <\/div> <\/div> <span class=\"ti-stars\"><span class=\"ti-star f\"><\/span><span class=\"ti-star f\"><\/span><span class=\"ti-star f\"><\/span><span class=\"ti-star f\"><\/span><span class=\"ti-star f\"><\/span><\/span> <div class=\"ti-review-text-container ti-review-content\"><!-- R-CONTENT -->Mon d\u00e9part approche, je pars dans une semaine, et depuis le d\u00e9but de mon inscription je suis tr\u00e8s satisfaite du suivi effectu\u00e9 par l\u2019association. Ils sont tr\u00e8s disponibles et r\u00e9pondent rapidement \u00e0 l\u2019ensemble des questions. Je suis tr\u00e8s contente de partir faire cette mission humanitaire encadr\u00e9e par cette association. Je recommande vraiment.<!-- R-CONTENT --><\/div> <span class=\"ti-read-more\" data-container=\".ti-review-content\" data-collapse-text=\"Cacher\" data-open-text=\"Lire la suite\" ><\/span> <\/div> <\/div>  <div data-empty=\"0\" class=\"ti-review-item source-Google ti-image-layout-thumbnail\" data-id=\"cfcd208495d565ef66e7dff9f98764da\" > <div class=\"ti-inner\"> <div class=\"ti-review-header\"> <div class=\"ti-profile-img\"> <img decoding=\"async\" src=\"https:\/\/lh3.googleusercontent.com\/a-\/ALV-UjVVr0YMQhXl8QNEEB32l-rnoaYwvRZUjIEX9OEwPE_1fQwzIyk=s120-c-rp-mo-br100\" srcset=\"https:\/\/lh3.googleusercontent.com\/a-\/ALV-UjVVr0YMQhXl8QNEEB32l-rnoaYwvRZUjIEX9OEwPE_1fQwzIyk=s120-c-rp-mo-br100 2x\" alt=\"Anouk Rzkt\" loading=\"lazy\" \/> <\/div> <div class=\"ti-profile-details\"> <div class=\"ti-name\"> Anouk Rzkt <\/div> <div class=\"ti-date\">2024-10-02<\/div> <\/div> <\/div> <span class=\"ti-stars\"><span class=\"ti-star f\"><\/span><span class=\"ti-star f\"><\/span><span class=\"ti-star f\"><\/span><span class=\"ti-star f\"><\/span><span class=\"ti-star f\"><\/span><\/span> <div class=\"ti-review-text-container ti-review-content\"><!-- R-CONTENT -->Globalong est l'association parfaite. L'\u00e9quipe offre un v\u00e9ritable accompagnement rythm\u00e9 par beaucoup de conseils et d'\u00e9coute. Le site est tr\u00e8s bien fait avec des dossiers complets allant des sujets tr\u00e8s pratiques a d'autres plus th\u00e9oriques (tels que le choc culturel par exemple). Je recommande vivement et remercie sinc\u00e8rement toute l'\u00e9quipe pour leur gentillesse et investissement !<!-- R-CONTENT --><\/div> <span class=\"ti-read-more\" data-container=\".ti-review-content\" data-collapse-text=\"Cacher\" data-open-text=\"Lire la suite\" ><\/span> <\/div> <\/div>  <\/div> <div class=\"ti-controls-line\"> <div class=\"dot\"><\/div> <\/div> <\/div> <div class=\"ti-footer\"> <div class=\"ti-rating-text\"> <span class=\"nowrap\">\u00c9valuation <strong>Google<\/strong> : <\/span><span class=\"nowrap\"><strong>4.8<\/strong> sur 5, <\/span><span class=\"nowrap\">Bas\u00e9e sur <strong>240 avis<\/strong><\/span> <\/div> <\/div>  <\/div> <\/div> \n<p class=\"p4\" style=\"text-align: center;\"><strong>Har du sp\u00f8rgsm\u00e5l, er du altid velkommen til at kontakte os p\u00e5 <a href=\"mailto:info@globalong.com\"><span class=\"s2\">info@globalong.com<\/span><\/a><\/strong><\/p>\n<p class=\"p4\" style=\"text-align: center;\"><strong>Vil du f\u00f8lge VITA og vores community, kan du finde os p\u00e5 <a href=\"https:\/\/www.instagram.com\/globalongofficiel\/\"><span class=\"s2\">Instagram<\/span><\/a>, <a href=\"https:\/\/www.facebook.com\/globalong\"><span class=\"s2\">Facebook<\/span><\/a>, <a href=\"https:\/\/www.linkedin.com\/company\/5113177\/admin\/feed\/posts\/\"><span class=\"s2\">LinkedIn<\/span><\/a> og <a href=\"https:\/\/www.youtube.com\/c\/globalong\/videos\"><span class=\"s2\">YouTube<\/span><\/a>! <\/strong><\/p>\n","protected":false},"excerpt":{"rendered":"<p>Humanit\u00e6r rejse til Costa Rica: En berigende og uforglemmelig oplevelse F\u00e5 overblik over det vigtigste, hvis du overvejer en humanit\u00e6r rejse til Costa Rica:\u2026<\/p>\n","protected":false},"author":7,"featured_media":15750,"comment_status":"open","ping_status":"open","sticky":false,"template":"","format":"standard","meta":{"footnotes":""},"categories":[1],"tags":[],"yoast_head":"<!-- This site is optimized with the Yoast SEO Premium plugin v23.4 (Yoast SEO v23.4) - https:\/\/yoast.com\/wordpress\/plugins\/seo\/ -->\n<title>Humanit\u00e6r rejse til Costa Rica: G\u00f8r en m\u00e6rkbar forskel - VITA Explorers Blog<\/title>\n<meta name=\"description\" content=\"Envisagez un voyage humanitaire au Costa Rica et d\u00e9couvrez une aventure qui change des vies. Prot\u00e9gez la faune ou enseignez aux enfants;\" \/>\n<meta name=\"robots\" content=\"index, follow, max-snippet:-1, max-image-preview:large, max-video-preview:-1\" \/>\n<link rel=\"canonical\" href=\"https:\/\/www.vita-explorers.dk\/blog\/humanitaer-rejse-til-costa-rica\/\" \/>\n<meta property=\"og:locale\" content=\"da_DK\" \/>\n<meta property=\"og:type\" content=\"article\" \/>\n<meta property=\"og:title\" content=\"Humanit\u00e6rt ophold i Costa Rica\" \/>\n<meta property=\"og:description\" content=\"Envisagez un voyage humanitaire au Costa Rica et d\u00e9couvrez une aventure qui change des vies. Prot\u00e9gez la faune ou enseignez aux enfants;\" \/>\n<meta property=\"og:url\" content=\"https:\/\/www.vita-explorers.dk\/blog\/humanitaer-rejse-til-costa-rica\/\" \/>\n<meta property=\"og:site_name\" content=\"VITA Explorers Blog\" \/>\n<meta property=\"article:publisher\" content=\"https:\/\/www.facebook.com\/globalong\" \/>\n<meta property=\"article:published_time\" content=\"2024-11-25T02:55:53+00:00\" \/>\n<meta property=\"article:modified_time\" content=\"2025-10-29T15:35:16+00:00\" \/>\n<meta property=\"og:image\" content=\"https:\/\/www.vita-explorers.dk\/blog\/wp-content\/uploads\/2023\/10\/mission-humanitaire-costa-rica.png\" \/>\n\t<meta property=\"og:image:width\" content=\"1288\" \/>\n\t<meta property=\"og:image:height\" content=\"796\" \/>\n\t<meta property=\"og:image:type\" content=\"image\/png\" \/>\n<meta name=\"author\" content=\"VITA Tribe\" \/>\n<meta name=\"twitter:card\" content=\"summary_large_image\" \/>\n<meta name=\"twitter:label1\" content=\"Skrevet af\" \/>\n\t<meta name=\"twitter:data1\" content=\"VITA Tribe\" \/>\n\t<meta name=\"twitter:label2\" content=\"Estimeret l\u00e6setid\" \/>\n\t<meta name=\"twitter:data2\" content=\"7 minutter\" \/>\n<script type=\"application\/ld+json\" class=\"yoast-schema-graph\">{\"@context\":\"https:\/\/schema.org\",\"@graph\":[{\"@type\":\"Article\",\"@id\":\"https:\/\/www.vita-explorers.dk\/blog\/humanitaer-rejse-til-costa-rica\/#article\",\"isPartOf\":{\"@id\":\"https:\/\/www.vita-explorers.dk\/blog\/humanitaer-rejse-til-costa-rica\/\"},\"author\":{\"name\":\"VITA Tribe\",\"@id\":\"https:\/\/www.vita-explorers.dk\/blog\/#\/schema\/person\/fc0343a2f2db2ebb2793c1f62dbe73f0\"},\"headline\":\"Humanit\u00e6rt ophold i Costa Rica\",\"datePublished\":\"2024-11-25T02:55:53+00:00\",\"dateModified\":\"2025-10-29T15:35:16+00:00\",\"mainEntityOfPage\":{\"@id\":\"https:\/\/www.vita-explorers.dk\/blog\/humanitaer-rejse-til-costa-rica\/\"},\"wordCount\":1425,\"commentCount\":0,\"publisher\":{\"@id\":\"https:\/\/www.vita-explorers.dk\/blog\/#organization\"},\"image\":{\"@id\":\"https:\/\/www.vita-explorers.dk\/blog\/humanitaer-rejse-til-costa-rica\/#primaryimage\"},\"thumbnailUrl\":\"https:\/\/www.vita-explorers.dk\/blog\/wp-content\/uploads\/2023\/10\/mission-humanitaire-costa-rica.png\",\"articleSection\":[\"No Name\"],\"inLanguage\":\"da-DK\",\"potentialAction\":[{\"@type\":\"CommentAction\",\"name\":\"Comment\",\"target\":[\"https:\/\/www.vita-explorers.dk\/blog\/humanitaer-rejse-til-costa-rica\/#respond\"]}]},{\"@type\":\"WebPage\",\"@id\":\"https:\/\/www.vita-explorers.dk\/blog\/humanitaer-rejse-til-costa-rica\/\",\"url\":\"https:\/\/www.vita-explorers.dk\/blog\/humanitaer-rejse-til-costa-rica\/\",\"name\":\"Humanit\u00e6r rejse til Costa Rica: G\u00f8r en m\u00e6rkbar forskel - VITA Explorers Blog\",\"isPartOf\":{\"@id\":\"https:\/\/www.vita-explorers.dk\/blog\/#website\"},\"primaryImageOfPage\":{\"@id\":\"https:\/\/www.vita-explorers.dk\/blog\/humanitaer-rejse-til-costa-rica\/#primaryimage\"},\"image\":{\"@id\":\"https:\/\/www.vita-explorers.dk\/blog\/humanitaer-rejse-til-costa-rica\/#primaryimage\"},\"thumbnailUrl\":\"https:\/\/www.vita-explorers.dk\/blog\/wp-content\/uploads\/2023\/10\/mission-humanitaire-costa-rica.png\",\"datePublished\":\"2024-11-25T02:55:53+00:00\",\"dateModified\":\"2025-10-29T15:35:16+00:00\",\"description\":\"Envisagez un voyage humanitaire au Costa Rica et d\u00e9couvrez une aventure qui change des vies. Prot\u00e9gez la faune ou enseignez aux enfants;\",\"breadcrumb\":{\"@id\":\"https:\/\/www.vita-explorers.dk\/blog\/humanitaer-rejse-til-costa-rica\/#breadcrumb\"},\"inLanguage\":\"da-DK\",\"potentialAction\":[{\"@type\":\"ReadAction\",\"target\":[\"https:\/\/www.vita-explorers.dk\/blog\/humanitaer-rejse-til-costa-rica\/\"]}]},{\"@type\":\"ImageObject\",\"inLanguage\":\"da-DK\",\"@id\":\"https:\/\/www.vita-explorers.dk\/blog\/humanitaer-rejse-til-costa-rica\/#primaryimage\",\"url\":\"https:\/\/www.vita-explorers.dk\/blog\/wp-content\/uploads\/2023\/10\/mission-humanitaire-costa-rica.png\",\"contentUrl\":\"https:\/\/www.vita-explorers.dk\/blog\/wp-content\/uploads\/2023\/10\/mission-humanitaire-costa-rica.png\",\"width\":1288,\"height\":796,\"caption\":\"Comment bien pr\u00e9parer ma mission humanitaire\"},{\"@type\":\"BreadcrumbList\",\"@id\":\"https:\/\/www.vita-explorers.dk\/blog\/humanitaer-rejse-til-costa-rica\/#breadcrumb\",\"itemListElement\":[{\"@type\":\"ListItem\",\"position\":1,\"name\":\"Accueil\",\"item\":\"https:\/\/www.vita-explorers.dk\/blog\/\"},{\"@type\":\"ListItem\",\"position\":2,\"name\":\"Humanit\u00e6rt ophold i Costa Rica\"}]},{\"@type\":\"WebSite\",\"@id\":\"https:\/\/www.vita-explorers.dk\/blog\/#website\",\"url\":\"https:\/\/www.vita-explorers.dk\/blog\/\",\"name\":\"Association Globalong\",\"description\":\"Frivilligt arbejde, sprogophold, praktik i udlandet og internationale oplevelser\",\"publisher\":{\"@id\":\"https:\/\/www.vita-explorers.dk\/blog\/#organization\"},\"potentialAction\":[{\"@type\":\"SearchAction\",\"target\":{\"@type\":\"EntryPoint\",\"urlTemplate\":\"https:\/\/www.vita-explorers.dk\/blog\/?s={search_term_string}\"},\"query-input\":{\"@type\":\"PropertyValueSpecification\",\"valueRequired\":true,\"valueName\":\"search_term_string\"}}],\"inLanguage\":\"da-DK\"},{\"@type\":\"Organization\",\"@id\":\"https:\/\/www.vita-explorers.dk\/blog\/#organization\",\"name\":\"Association Globalong\",\"url\":\"https:\/\/www.vita-explorers.dk\/blog\/\",\"logo\":{\"@type\":\"ImageObject\",\"inLanguage\":\"da-DK\",\"@id\":\"https:\/\/www.vita-explorers.dk\/blog\/#\/schema\/logo\/image\/\",\"url\":\"https:\/\/www.globalong.com\/blog\/wp-content\/uploads\/2014\/11\/cropped-cropped-Logo-et-Afrique-Globalong-petite-taille-2.jpg\",\"contentUrl\":\"https:\/\/www.globalong.com\/blog\/wp-content\/uploads\/2014\/11\/cropped-cropped-Logo-et-Afrique-Globalong-petite-taille-2.jpg\",\"width\":512,\"height\":512,\"caption\":\"Association Globalong\"},\"image\":{\"@id\":\"https:\/\/www.vita-explorers.dk\/blog\/#\/schema\/logo\/image\/\"},\"sameAs\":[\"https:\/\/www.facebook.com\/globalong\"]},{\"@type\":\"Person\",\"@id\":\"https:\/\/www.vita-explorers.dk\/blog\/#\/schema\/person\/fc0343a2f2db2ebb2793c1f62dbe73f0\",\"name\":\"VITA Tribe\",\"image\":{\"@type\":\"ImageObject\",\"inLanguage\":\"da-DK\",\"@id\":\"https:\/\/www.vita-explorers.dk\/blog\/#\/schema\/person\/image\/\",\"url\":\"https:\/\/secure.gravatar.com\/avatar\/f7f05026bb439d0c96b30e135e5f852c?s=96&d=mm&r=g\",\"contentUrl\":\"https:\/\/secure.gravatar.com\/avatar\/f7f05026bb439d0c96b30e135e5f852c?s=96&d=mm&r=g\",\"caption\":\"VITA Tribe\"},\"sameAs\":[\"http:\/\/www.globalong.com\"],\"url\":\"https:\/\/www.vita-explorers.dk\/blog\/author\/teamglobalong\/\"}]}<\/script>\n<!-- \/ Yoast SEO Premium plugin. -->","yoast_head_json":{"title":"Humanit\u00e6r rejse til Costa Rica: G\u00f8r en m\u00e6rkbar forskel - VITA Explorers Blog","description":"Envisagez un voyage humanitaire au Costa Rica et d\u00e9couvrez une aventure qui change des vies. Prot\u00e9gez la faune ou enseignez aux enfants;","robots":{"index":"index","follow":"follow","max-snippet":"max-snippet:-1","max-image-preview":"max-image-preview:large","max-video-preview":"max-video-preview:-1"},"canonical":"https:\/\/www.vita-explorers.dk\/blog\/humanitaer-rejse-til-costa-rica\/","og_locale":"da_DK","og_type":"article","og_title":"Humanit\u00e6rt ophold i Costa Rica","og_description":"Envisagez un voyage humanitaire au Costa Rica et d\u00e9couvrez une aventure qui change des vies. Prot\u00e9gez la faune ou enseignez aux enfants;","og_url":"https:\/\/www.vita-explorers.dk\/blog\/humanitaer-rejse-til-costa-rica\/","og_site_name":"VITA Explorers Blog","article_publisher":"https:\/\/www.facebook.com\/globalong","article_published_time":"2024-11-25T02:55:53+00:00","article_modified_time":"2025-10-29T15:35:16+00:00","og_image":[{"width":1288,"height":796,"url":"https:\/\/www.vita-explorers.dk\/blog\/wp-content\/uploads\/2023\/10\/mission-humanitaire-costa-rica.png","type":"image\/png"}],"author":"VITA Tribe","twitter_card":"summary_large_image","twitter_misc":{"Skrevet af":"VITA Tribe","Estimeret l\u00e6setid":"7 minutter"},"schema":{"@context":"https:\/\/schema.org","@graph":[{"@type":"Article","@id":"https:\/\/www.vita-explorers.dk\/blog\/humanitaer-rejse-til-costa-rica\/#article","isPartOf":{"@id":"https:\/\/www.vita-explorers.dk\/blog\/humanitaer-rejse-til-costa-rica\/"},"author":{"name":"VITA Tribe","@id":"https:\/\/www.vita-explorers.dk\/blog\/#\/schema\/person\/fc0343a2f2db2ebb2793c1f62dbe73f0"},"headline":"Humanit\u00e6rt ophold i Costa Rica","datePublished":"2024-11-25T02:55:53+00:00","dateModified":"2025-10-29T15:35:16+00:00","mainEntityOfPage":{"@id":"https:\/\/www.vita-explorers.dk\/blog\/humanitaer-rejse-til-costa-rica\/"},"wordCount":1425,"commentCount":0,"publisher":{"@id":"https:\/\/www.vita-explorers.dk\/blog\/#organization"},"image":{"@id":"https:\/\/www.vita-explorers.dk\/blog\/humanitaer-rejse-til-costa-rica\/#primaryimage"},"thumbnailUrl":"https:\/\/www.vita-explorers.dk\/blog\/wp-content\/uploads\/2023\/10\/mission-humanitaire-costa-rica.png","articleSection":["No Name"],"inLanguage":"da-DK","potentialAction":[{"@type":"CommentAction","name":"Comment","target":["https:\/\/www.vita-explorers.dk\/blog\/humanitaer-rejse-til-costa-rica\/#respond"]}]},{"@type":"WebPage","@id":"https:\/\/www.vita-explorers.dk\/blog\/humanitaer-rejse-til-costa-rica\/","url":"https:\/\/www.vita-explorers.dk\/blog\/humanitaer-rejse-til-costa-rica\/","name":"Humanit\u00e6r rejse til Costa Rica: G\u00f8r en m\u00e6rkbar forskel - VITA Explorers Blog","isPartOf":{"@id":"https:\/\/www.vita-explorers.dk\/blog\/#website"},"primaryImageOfPage":{"@id":"https:\/\/www.vita-explorers.dk\/blog\/humanitaer-rejse-til-costa-rica\/#primaryimage"},"image":{"@id":"https:\/\/www.vita-explorers.dk\/blog\/humanitaer-rejse-til-costa-rica\/#primaryimage"},"thumbnailUrl":"https:\/\/www.vita-explorers.dk\/blog\/wp-content\/uploads\/2023\/10\/mission-humanitaire-costa-rica.png","datePublished":"2024-11-25T02:55:53+00:00","dateModified":"2025-10-29T15:35:16+00:00","description":"Envisagez un voyage humanitaire au Costa Rica et d\u00e9couvrez une aventure qui change des vies. Prot\u00e9gez la faune ou enseignez aux enfants;","breadcrumb":{"@id":"https:\/\/www.vita-explorers.dk\/blog\/humanitaer-rejse-til-costa-rica\/#breadcrumb"},"inLanguage":"da-DK","potentialAction":[{"@type":"ReadAction","target":["https:\/\/www.vita-explorers.dk\/blog\/humanitaer-rejse-til-costa-rica\/"]}]},{"@type":"ImageObject","inLanguage":"da-DK","@id":"https:\/\/www.vita-explorers.dk\/blog\/humanitaer-rejse-til-costa-rica\/#primaryimage","url":"https:\/\/www.vita-explorers.dk\/blog\/wp-content\/uploads\/2023\/10\/mission-humanitaire-costa-rica.png","contentUrl":"https:\/\/www.vita-explorers.dk\/blog\/wp-content\/uploads\/2023\/10\/mission-humanitaire-costa-rica.png","width":1288,"height":796,"caption":"Comment bien pr\u00e9parer ma mission humanitaire"},{"@type":"BreadcrumbList","@id":"https:\/\/www.vita-explorers.dk\/blog\/humanitaer-rejse-til-costa-rica\/#breadcrumb","itemListElement":[{"@type":"ListItem","position":1,"name":"Accueil","item":"https:\/\/www.vita-explorers.dk\/blog\/"},{"@type":"ListItem","position":2,"name":"Humanit\u00e6rt ophold i Costa Rica"}]},{"@type":"WebSite","@id":"https:\/\/www.vita-explorers.dk\/blog\/#website","url":"https:\/\/www.vita-explorers.dk\/blog\/","name":"Association Globalong","description":"Frivilligt arbejde, sprogophold, praktik i udlandet og internationale oplevelser","publisher":{"@id":"https:\/\/www.vita-explorers.dk\/blog\/#organization"},"potentialAction":[{"@type":"SearchAction","target":{"@type":"EntryPoint","urlTemplate":"https:\/\/www.vita-explorers.dk\/blog\/?s={search_term_string}"},"query-input":{"@type":"PropertyValueSpecification","valueRequired":true,"valueName":"search_term_string"}}],"inLanguage":"da-DK"},{"@type":"Organization","@id":"https:\/\/www.vita-explorers.dk\/blog\/#organization","name":"Association Globalong","url":"https:\/\/www.vita-explorers.dk\/blog\/","logo":{"@type":"ImageObject","inLanguage":"da-DK","@id":"https:\/\/www.vita-explorers.dk\/blog\/#\/schema\/logo\/image\/","url":"https:\/\/www.globalong.com\/blog\/wp-content\/uploads\/2014\/11\/cropped-cropped-Logo-et-Afrique-Globalong-petite-taille-2.jpg","contentUrl":"https:\/\/www.globalong.com\/blog\/wp-content\/uploads\/2014\/11\/cropped-cropped-Logo-et-Afrique-Globalong-petite-taille-2.jpg","width":512,"height":512,"caption":"Association Globalong"},"image":{"@id":"https:\/\/www.vita-explorers.dk\/blog\/#\/schema\/logo\/image\/"},"sameAs":["https:\/\/www.facebook.com\/globalong"]},{"@type":"Person","@id":"https:\/\/www.vita-explorers.dk\/blog\/#\/schema\/person\/fc0343a2f2db2ebb2793c1f62dbe73f0","name":"VITA Tribe","image":{"@type":"ImageObject","inLanguage":"da-DK","@id":"https:\/\/www.vita-explorers.dk\/blog\/#\/schema\/person\/image\/","url":"https:\/\/secure.gravatar.com\/avatar\/f7f05026bb439d0c96b30e135e5f852c?s=96&d=mm&r=g","contentUrl":"https:\/\/secure.gravatar.com\/avatar\/f7f05026bb439d0c96b30e135e5f852c?s=96&d=mm&r=g","caption":"VITA Tribe"},"sameAs":["http:\/\/www.globalong.com"],"url":"https:\/\/www.vita-explorers.dk\/blog\/author\/teamglobalong\/"}]}},"_links":{"self":[{"href":"https:\/\/www.vita-explorers.dk\/blog\/wp-json\/wp\/v2\/posts\/18664"}],"collection":[{"href":"https:\/\/www.vita-explorers.dk\/blog\/wp-json\/wp\/v2\/posts"}],"about":[{"href":"https:\/\/www.vita-explorers.dk\/blog\/wp-json\/wp\/v2\/types\/post"}],"author":[{"embeddable":true,"href":"https:\/\/www.vita-explorers.dk\/blog\/wp-json\/wp\/v2\/users\/7"}],"replies":[{"embeddable":true,"href":"https:\/\/www.vita-explorers.dk\/blog\/wp-json\/wp\/v2\/comments?post=18664"}],"version-history":[{"count":6,"href":"https:\/\/www.vita-explorers.dk\/blog\/wp-json\/wp\/v2\/posts\/18664\/revisions"}],"predecessor-version":[{"id":22165,"href":"https:\/\/www.vita-explorers.dk\/blog\/wp-json\/wp\/v2\/posts\/18664\/revisions\/22165"}],"wp:featuredmedia":[{"embeddable":true,"href":"https:\/\/www.vita-explorers.dk\/blog\/wp-json\/wp\/v2\/media\/15750"}],"wp:attachment":[{"href":"https:\/\/www.vita-explorers.dk\/blog\/wp-json\/wp\/v2\/media?parent=18664"}],"wp:term":[{"taxonomy":"category","embeddable":true,"href":"https:\/\/www.vita-explorers.dk\/blog\/wp-json\/wp\/v2\/categories?post=18664"},{"taxonomy":"post_tag","embeddable":true,"href":"https:\/\/www.vita-explorers.dk\/blog\/wp-json\/wp\/v2\/tags?post=18664"}],"curies":[{"name":"wp","href":"https:\/\/api.w.org\/{rel}","templated":true}]}}