{"id":18931,"date":"2024-11-19T08:45:57","date_gmt":"2024-11-19T07:45:57","guid":{"rendered":"https:\/\/www.globalong.com\/blog\/?p=18931"},"modified":"2025-01-10T07:54:32","modified_gmt":"2025-01-10T06:54:32","slug":"praktik-ifsi-i-udlandet","status":"publish","type":"post","link":"https:\/\/www.vita-explorers.dk\/blog\/praktik-ifsi-i-udlandet\/","title":{"rendered":"IFSI-praktik i udlandet"},"content":{"rendered":"<p><!-- Ajoutez ici d'autres balises meta si n\u00e9cessaire --><\/p>\n<p><!-- Donn\u00e9es structur\u00e9es JSON-LD pour l'Article --><br \/>\n<script type=\"application\/ld+json\">\n    {\n      \"@context\": \"https:\/\/schema.org\",\n      \"@type\": \"Article\",\n      \"headline\": \"Praktik i sygepleje i udlandet: En v\u00e6rdifuld mulighed for din karriere\",\n      \"description\": \"Se fordelene ved at tage praktik i udlandet med VITA, og hvordan oplevelsen kan styrke din faglige profil som sygeplejerske.\",\n      \"image\": \"https:\/\/www.vita-explorers.dk\/content\/uploads\/2024\/11\/448320220_506093451740971_6606937331887058808_n-300x300.jpg\",\n      \"url\": \"https:\/\/www.vita-explorers.dk\/blog\/praktik-ifsi-i-udlandet\/\",\n      \"author\": {\n        \"@type\": \"Organization\",\n        \"name\": \"VITA Institute\",\n        \"url\": \"https:\/\/www.vita-explorers.dk\"\n      },\n      \"publisher\": {\n        \"@type\": \"Organization\",\n        \"name\": \"VITA Institute\",\n        \"logo\": {\n          \"@type\": \"ImageObject\",\n          \"url\": \"https:\/\/www.vita-explorers.dk\/logo.png\"  \/\/ S\u00f8rg for, at denne URL peger p\u00e5 det korrekte logo\n        }\n      },\n      \"datePublished\": \"2024-11-19T00:00:00+01:00\", \n      \"dateModified\": \"2025-01-10T00:00:00+01:00\"    \n    }\n    <\/script><\/p>\n<p><!-- Donn\u00e9es structur\u00e9es JSON-LD pour la FAQ --><br \/>\n<script type=\"application\/ld+json\">\n    {\n      \"@context\": \"https:\/\/schema.org\",\n      \"@type\": \"FAQPage\",\n      \"mainEntity\": [\n        {\n          \"@type\": \"Question\",\n          \"name\": \"Hvilke lande er mest popul\u00e6re til en praktik i sygepleje i udlandet?\",\n          \"acceptedAnswer\": {\n            \"@type\": \"Answer\",\n            \"text\": \"Popul\u00e6re destinationer er Canada, Australien, Storbritannien og udvalgte afrikanske lande som Ghana, hvor du m\u00f8der andre m\u00e5der at arbejde med pleje p\u00e5.\"\n          }\n        },\n        {\n          \"@type\": \"Question\",\n          \"name\": \"Hvor l\u00e6nge varer en praktik i udlandet typisk?\",\n          \"acceptedAnswer\": {\n            \"@type\": \"Answer\",\n            \"text\": \"Praktikophold kan vare fra f\u00e5 uger til flere m\u00e5neder. Det afh\u00e6nger af dine studiekrav og rammerne fra din uddannelse.\"\n          }\n        },\n        {\n          \"@type\": \"Question\",\n          \"name\": \"Hvilke finansieringsmuligheder findes der?\",\n          \"acceptedAnswer\": {\n            \"@type\": \"Answer\",\n            \"text\": \"Du kan unders\u00f8ge muligheder som Erasmus+, regionale tilskud eller privat finansiering, der kan d\u00e6kke en del af udgifterne.\"\n          }\n        },\n        {\n          \"@type\": \"Question\",\n          \"name\": \"Kan jeg tage afsted uden at kunne det lokale sprog?\",\n          \"acceptedAnswer\": {\n            \"@type\": \"Answer\",\n            \"text\": \"Ja, det kan lade sig g\u00f8re. Mange steder er vant til internationale praktikanter, men et grundniveau anbefales.\"\n          }\n        },\n        {\n          \"@type\": \"Question\",\n          \"name\": \"Hvilke dokumenter skal jeg bruge for at rejse?\",\n          \"acceptedAnswer\": {\n            \"@type\": \"Answer\",\n            \"text\": \"Et gyldigt pas, opdaterede sundhedsoplysninger\/vacciner, en sygeforsikring samt visum til visse destinationer.\"\n          }\n        },\n        {\n          \"@type\": \"Question\",\n          \"name\": \"Kan jeg kombinere en praktik med frivilligt arbejde?\",\n          \"acceptedAnswer\": {\n            \"@type\": \"Answer\",\n            \"text\": \"Ja, VITA tilbyder forl\u00f8b, hvor praktik kan kombineres med frivilligt arbejde, s\u00e5 dit ophold i udlandet bliver endnu mere l\u00e6ringsrigt.\"\n          }\n        }\n      ]\n    }\n    <\/script><\/p>\n<h1><strong>Praktik i sygepleje i udlandet: <\/strong><\/h1>\n<h2><strong>En v\u00e6rdifuld mulighed for din sygeplejekarriere<\/strong><\/h2>\n<h3><strong>Introduktion<\/strong><\/h3>\n<p style=\"text-align: justify;\">Vidste du, at <strong>73 % af de studerende<\/strong> p\u00e5 sygeplejeuddannelser, der tager international praktik, siger, at oplevelsen har p\u00e5virket deres karrierevalg markant? En <strong>praktik i sygepleje i udlandet<\/strong> er mere end en sp\u00e6ndende rejse; det kan v\u00e6re et reelt springbr\u00e6t til fremtiden. VITA Institute arbejder med internationale l\u00e6ringsforl\u00f8b og hj\u00e6lper studerende med at g\u00f8re opholdet til en tydelig faglig styrke. Som Eleanor Roosevelt sagde: <em>\u201cFremtiden tilh\u00f8rer dem, der tror p\u00e5 deres dr\u00f8mmes sk\u00f8nhed.\u201d<\/em> Dr\u00f8mmer du om en sygeplejekarriere, der ogs\u00e5 rummer internationale erfaringer? Lad os se n\u00e6rmere p\u00e5, hvad du kan f\u00e5 ud af praktik i udlandet.<\/p>\n<p><img loading=\"lazy\" decoding=\"async\" class=\"aligncenter wp-image-18940 size-medium\" src=\"https:\/\/www.vita-explorers.dk\/blog\/wp-content\/uploads\/2024\/11\/448320220_506093451740971_6606937331887058808_n-300x300.jpg\" alt=\"Praktikmuligheder i sygepleje i udlandet\" width=\"300\" height=\"300\" srcset=\"https:\/\/www.vita-explorers.dk\/blog\/wp-content\/uploads\/2024\/11\/448320220_506093451740971_6606937331887058808_n-300x300.jpg 300w, https:\/\/www.vita-explorers.dk\/blog\/wp-content\/uploads\/2024\/11\/448320220_506093451740971_6606937331887058808_n-1024x1024.jpg 1024w, https:\/\/www.vita-explorers.dk\/blog\/wp-content\/uploads\/2024\/11\/448320220_506093451740971_6606937331887058808_n-150x150.jpg 150w, https:\/\/www.vita-explorers.dk\/blog\/wp-content\/uploads\/2024\/11\/448320220_506093451740971_6606937331887058808_n-768x767.jpg 768w, https:\/\/www.vita-explorers.dk\/blog\/wp-content\/uploads\/2024\/11\/448320220_506093451740971_6606937331887058808_n-1536x1534.jpg 1536w, https:\/\/www.vita-explorers.dk\/blog\/wp-content\/uploads\/2024\/11\/448320220_506093451740971_6606937331887058808_n.jpg 1802w\" sizes=\"(max-width: 300px) 100vw, 300px\" \/><\/p>\n<h2><strong>Hvorfor v\u00e6lge praktik i sygepleje i udlandet?<\/strong><\/h2>\n<h3><strong>Udvide dine faglige horisonter<\/strong><\/h3>\n<p style=\"text-align: justify;\">En <strong>praktik i sygepleje i udlandet<\/strong> giver dig mulighed for at m\u00f8de andre plejepraksisser, udvide dine kliniske kompetencer og l\u00e6re at arbejde i tv\u00e6rkulturelle sammenh\u00e6nge. If\u00f8lge en unders\u00f8gelse i <em>Journal of Global Health<\/em> fort\u00e6ller <strong>85 % af sygeplejersker med international praktikerfaring<\/strong>, at det har styrket deres evne til at omstille sig og forst\u00e5 patienters behov p\u00e5 tv\u00e6rs af kulturelle baggrunde.<\/p>\n<blockquote><p><em>\u201cMit praktikophold i Sydafrika l\u00e6rte mig at t\u00e6nke anderledes, finde l\u00f8sninger med begr\u00e6nsede ressourcer og forst\u00e5 mange forskellige kulturelle sammenh\u00e6nge. Det \u00e6ndrede mit syn p\u00e5 sundhed og pleje.\u201d<\/em> \u2014 <strong>Laura P., tidligere sygeplejestuderende i praktik med VITA<\/strong><\/p><\/blockquote>\n<h3><strong>Styrke dine sprogkompetencer<\/strong><\/h3>\n<p style=\"text-align: justify;\">Sundhedssektoren bliver stadig mere international, og fremmedsprog er en klar fordel. <strong>60 % af arbejdsgivere<\/strong> siger, at de prioriterer kandidater med st\u00e6rke sprogkompetencer. N\u00e5r du er i et nyt milj\u00f8, udvikler du ofte sproget hurtigt i praksis \u2014 og det g\u00f8r dig mere konkurrencedygtig p\u00e5 arbejdsmarkedet.<\/p>\n<p><iframe loading=\"lazy\" title=\"Stage infirmier en Tanzanie avec l&#039;association Globalong\" width=\"500\" height=\"281\" src=\"https:\/\/www.youtube.com\/embed\/H_AgGbuHtOc?feature=oembed\" frameborder=\"0\" allow=\"accelerometer; autoplay; clipboard-write; encrypted-media; gyroscope; picture-in-picture; web-share\" referrerpolicy=\"strict-origin-when-cross-origin\" allowfullscreen><\/iframe><\/p>\n<h2><strong>Konkrete fordele ved praktik i sygepleje i udlandet<\/strong><\/h2>\n<h3><strong>Personlig og faglig udvikling<\/strong><\/h3>\n<p style=\"text-align: justify;\">Et praktikophold i udlandet udfordrer dig til at blive mere selvst\u00e6ndig, tr\u00e6de ud af din komfortzone og h\u00e5ndtere komplekse situationer p\u00e5 en rolig og effektiv m\u00e5de. If\u00f8lge en unders\u00f8gelse fra University of California vurderer <strong>92 % af studerende, der rejser ud<\/strong>, at det har styrket deres selvtillid og evne til at l\u00f8se problemer.<\/p>\n<blockquote><p><em>\u201cIntet er umuligt for den, der tror\u201d<\/em> \u2014 <strong>Napoleon Bonaparte<\/strong>.<\/p>\n<p>&#8220;Det citat fulgte mig gennem min praktik i Indien, hvor jeg l\u00e6rte at h\u00e5ndtere vanskelige kliniske situationer med et \u00e5bent og positivt sind.&#8221; \u2014 <strong>Sophie B., sygeplejestuderende i praktik i Indien<\/strong><\/p><\/blockquote>\n<h3><strong>International klinisk erfaring<\/strong><\/h3>\n<p style=\"text-align: justify;\">N\u00e5r du er i <strong>praktik i sygepleje i udlandet<\/strong>, f\u00e5r du mulighed for at deltage aktivt i patientpleje og m\u00f8de nye metoder. Det kan styrke din faglige praksis og give en bedre forst\u00e5else for forskelle i adgang til sundhed. For mange er det netop den type erfaring, der g\u00f8r en tydelig forskel i en fremtidig ans\u00f8gning.<\/p>\n<blockquote><p><em>\u201cAt arbejde p\u00e5 et landhospital i Kenya \u00e5bnede mine \u00f8jne for ulighed i sundhed og gav mig lyst til at bidrage til en mere retf\u00e6rdig verden.\u201d<\/em> \u2014 <strong>Pierre M., sygeplejestuderende<\/strong><\/p><\/blockquote>\n<h2><strong>S\u00e5dan kan VITA g\u00f8re din praktik i sygepleje i udlandet lettere<\/strong><\/h2>\n<h3><strong>Personlig st\u00f8tte hele vejen<\/strong><\/h3>\n<p style=\"text-align: justify;\">VITA f\u00f8lger dig fra start til slut \u2014 fra valg af destination til du er hjemme igen. <a href=\"https:\/\/www.vita-explorers.dk\/association-globalong.html\" target=\"_blank\" rel=\"noopener\">Vores organisation<\/a> hj\u00e6lper dig med at finde et praktikforl\u00f8b, der matcher dine faglige m\u00e5l og dine \u00f8nsker for opholdet. Det kan bl.a. v\u00e6re sparring om forberedelse, bolig og kulturforst\u00e5else. <strong>97 % af deltagerne<\/strong> <a href=\"https:\/\/www.vita-explorers.dk\/blog\/avis-globalong\/\" target=\"_blank\" rel=\"noopener\">anbefaler VITA<\/a> for professionel st\u00f8tte og tryghed undervejs.<\/p>\n<h3><strong>Mange destinationer at v\u00e6lge imellem<\/strong><\/h3>\n<p style=\"text-align: justify;\">Du kan v\u00e6lge mellem mere end <strong>30 destinationer verden over<\/strong>. Hvert land rummer sine egne l\u00e6ringer og perspektiver. Uanset om du v\u00e6lger Australien med et veludbygget sundhedssystem eller <a href=\"https:\/\/www.vita-explorers.dk\/frivilligt-arbejde\/frivilligt-arbejde-i-nepal.html\" target=\"_blank\" rel=\"noopener\">Nepal<\/a> med andre tilgange til behandling, tager du hjem med v\u00e6rdifuld faglig og kulturel erfaring.<\/p>\n<p><img loading=\"lazy\" decoding=\"async\" class=\"aligncenter wp-image-18583 size-medium\" src=\"https:\/\/www.vita-explorers.dk\/blog\/wp-content\/uploads\/2024\/11\/DALL\u00b7E-2024-11-03-23.04.35-A-world-map-highlighting-popular-humanitarian-mission-regions-with-only-icons-and-color-coding-for-each-sector.-The-map-has-no-text-labels-or-count-300x171.webp\" alt=\"Destinationer for sygeplejepraktik 2025\" width=\"300\" height=\"171\" srcset=\"https:\/\/www.vita-explorers.dk\/blog\/wp-content\/uploads\/2024\/11\/DALL\u00b7E-2024-11-03-23.04.35-A-world-map-highlighting-popular-humanitarian-mission-regions-with-only-icons-and-color-coding-for-each-sector.-The-map-has-no-text-labels-or-count-300x171.webp 300w, https:\/\/www.vita-explorers.dk\/blog\/wp-content\/uploads\/2024\/11\/DALL\u00b7E-2024-11-03-23.04.35-A-world-map-highlighting-popular-humanitarian-mission-regions-with-only-icons-and-color-coding-for-each-sector.-The-map-has-no-text-labels-or-count-1024x585.webp 1024w, https:\/\/www.vita-explorers.dk\/blog\/wp-content\/uploads\/2024\/11\/DALL\u00b7E-2024-11-03-23.04.35-A-world-map-highlighting-popular-humanitarian-mission-regions-with-only-icons-and-color-coding-for-each-sector.-The-map-has-no-text-labels-or-count-768x439.webp 768w, https:\/\/www.vita-explorers.dk\/blog\/wp-content\/uploads\/2024\/11\/DALL\u00b7E-2024-11-03-23.04.35-A-world-map-highlighting-popular-humanitarian-mission-regions-with-only-icons-and-color-coding-for-each-sector.-The-map-has-no-text-labels-or-count-1536x878.webp 1536w, https:\/\/www.vita-explorers.dk\/blog\/wp-content\/uploads\/2024\/11\/DALL\u00b7E-2024-11-03-23.04.35-A-world-map-highlighting-popular-humanitarian-mission-regions-with-only-icons-and-color-coding-for-each-sector.-The-map-has-no-text-labels-or-count.webp 1792w\" sizes=\"(max-width: 300px) 100vw, 300px\" \/><\/p>\n<h2><strong>Forbered din praktik i sygepleje i udlandet<\/strong><\/h2>\n<h3><strong>De vigtigste trin<\/strong><\/h3>\n<p>For at f\u00e5 mest muligt ud af din <strong><a href=\"https:\/\/www.vita-explorers.dk\/blog\/find-et-studiepraktikophold-i-udlandet\/\" target=\"_blank\" rel=\"noopener\">praktik<\/a> i udlandet<\/strong> er planl\u00e6gning afg\u00f8rende. Her er de vigtigste trin:<\/p>\n<ul>\n<li><strong>Valg af destination<\/strong> : Ud fra dine interesser og dine faglige m\u00e5l.<\/li>\n<li><strong>Godkendelse via din uddannelse<\/strong> : Praktikken skal leve op til kravene i dit studieforl\u00f8b.<\/li>\n<li><strong>Praktisk forberedelse<\/strong> : Pas, visum, sundhedsforsikring\u2026 f\u00e5 styr p\u00e5 detaljerne i god tid.<\/li>\n<li><strong>Budget og finansiering<\/strong> : St\u00f8tteordninger som Erasmus+ kan d\u00e6kke op til <strong>70 % af udgifterne<\/strong>.<\/li>\n<\/ul>\n<h3><strong>Tilpas praktikprojektet til dit studie<\/strong><\/h3>\n<p style=\"text-align: justify;\">For at praktikken bliver b\u00e5de l\u00e6rerig og anerkendt af din uddannelse, har du brug for et tydeligt og velbeskrevet praktikprojekt. VITA hj\u00e6lper dig med at forme projektet, s\u00e5 det passer til dine studiem\u00e5l.<\/p>\n<p><img loading=\"lazy\" decoding=\"async\" class=\"aligncenter wp-image-18936 size-medium\" src=\"https:\/\/www.vita-explorers.dk\/blog\/wp-content\/uploads\/2024\/11\/420193427_464415389242111_7621443864485175664_n-300x195.jpg\" alt=\"Studerende i praktik p\u00e5 hospital\" width=\"300\" height=\"195\" srcset=\"https:\/\/www.vita-explorers.dk\/blog\/wp-content\/uploads\/2024\/11\/420193427_464415389242111_7621443864485175664_n-300x195.jpg 300w, https:\/\/www.vita-explorers.dk\/blog\/wp-content\/uploads\/2024\/11\/420193427_464415389242111_7621443864485175664_n.jpg 370w\" sizes=\"(max-width: 300px) 100vw, 300px\" \/><\/p>\n<h2><strong>Udfordringer og l\u00f8sninger ved praktik i sygepleje i udlandet<\/strong><\/h2>\n<h3><strong>Overkomme sprogbarrieren<\/strong><\/h3>\n<p style=\"text-align: justify;\">Det er helt normalt at f\u00f8le sig usikker i et nyt sprogmilj\u00f8. Men med <strong>daglig praksis<\/strong> og fuld immersion bliver det hurtigt lettere. Ofte kan du allerede efter f\u00e5 uger m\u00e6rke tydelige fremskridt.<\/p>\n<h3><strong>H\u00e5ndtere <a href=\"https:\/\/www.vita-explorers.dk\/blog\/kulturchok-det-er-helt-normalt\/\" target=\"_blank\" rel=\"noopener\">kulturchok<\/a><\/strong><\/h3>\n<p style=\"text-align: justify;\">At bo og arbejde i et andet land kan f\u00f8les overv\u00e6ldende i starten, men det er ogs\u00e5 meget udviklende. If\u00f8lge en unders\u00f8gelse fra WHO fort\u00e6ller <strong>70 % af praktikanter<\/strong>, at kulturtilpasningen var sv\u00e6r i begyndelsen, men gav stor v\u00e6rdi p\u00e5 l\u00e6ngere sigt. N\u00f8glen er at v\u00e6re nysgerrig, \u00e5ben og respektfuld over for forskelle.<\/p>\n<h2><strong>Praktik i sygepleje i udlandet: Oplevelser der inspirerer<\/strong><\/h2>\n<h3><strong>Camilles historie fra Bolivia<\/strong><\/h3>\n<p style=\"text-align: justify;\">Camille, sygeplejestuderende, tog tre m\u00e5neders praktik i Bolivia. <em>\u201cPraktikken \u00e5bnede mine \u00f8jne for den robusthed, sundhedspersonale viser, n\u00e5r de arbejder med begr\u00e6nsede ressourcer. Jeg l\u00e6rte, hvor vigtig kreativitet kan v\u00e6re i behandling og pleje.\u201d<\/em> Opholdet styrkede b\u00e5de hendes kompetencer og hendes interesse for folkesundhed.<\/p>\n<h3><strong>Antoines oplevelse i Australien<\/strong><\/h3>\n<p style=\"text-align: justify;\">Antoine valgte Australien til sin praktik. <em>\u201cSamarbejdet i moderne hospitaler gjorde det muligt for mig at finpudse mine tekniske f\u00e6rdigheder. VITAs st\u00f8tte var vigtig for, at jeg hurtigt faldt til.\u201d<\/em> Han anbefaler oplevelsen til andre sygeplejestuderende.<\/p>\n<p><img loading=\"lazy\" decoding=\"async\" class=\"aligncenter wp-image-17730 size-medium\" src=\"https:\/\/www.vita-explorers.dk\/blog\/wp-content\/uploads\/2024\/10\/2027d9a0-6ed7-4932-8751-aefb22e0d6af-300x171.webp\" alt=\"FAQ om frivilligt arbejde\" width=\"300\" height=\"171\" srcset=\"https:\/\/www.vita-explorers.dk\/blog\/wp-content\/uploads\/2024\/10\/2027d9a0-6ed7-4932-8751-aefb22e0d6af-300x171.webp 300w, https:\/\/www.vita-explorers.dk\/blog\/wp-content\/uploads\/2024\/10\/2027d9a0-6ed7-4932-8751-aefb22e0d6af-1024x585.webp 1024w, https:\/\/www.vita-explorers.dk\/blog\/wp-content\/uploads\/2024\/10\/2027d9a0-6ed7-4932-8751-aefb22e0d6af-768x439.webp 768w, https:\/\/www.vita-explorers.dk\/blog\/wp-content\/uploads\/2024\/10\/2027d9a0-6ed7-4932-8751-aefb22e0d6af-1536x878.webp 1536w, https:\/\/www.vita-explorers.dk\/blog\/wp-content\/uploads\/2024\/10\/2027d9a0-6ed7-4932-8751-aefb22e0d6af.webp 1792w\" sizes=\"(max-width: 300px) 100vw, 300px\" \/><\/p>\n<hr \/>\n<h3><strong>FAQ: praktik i sygepleje i udlandet\u00a0<\/strong><\/h3>\n<p><strong>Hvilke lande er mest popul\u00e6re til en praktik i sygepleje i udlandet?<\/strong><br \/>\nPopul\u00e6re destinationer er Canada, Australien, Storbritannien og udvalgte afrikanske lande som Ghana, hvor du m\u00f8der andre m\u00e5der at arbejde med pleje p\u00e5.<\/p>\n<p><strong>Hvor l\u00e6nge varer en praktik i udlandet typisk?<\/strong><br \/>\nPraktikophold kan vare fra f\u00e5 uger til flere m\u00e5neder. Det afh\u00e6nger af dine studiekrav og rammerne fra din uddannelse.<\/p>\n<p><strong>Hvilke finansieringsmuligheder findes der?<\/strong><br \/>\nDu kan unders\u00f8ge muligheder som Erasmus+, regionale tilskud eller privat finansiering, der kan d\u00e6kke en del af udgifterne.<\/p>\n<p><strong>Kan jeg tage afsted uden at kunne det lokale sprog?<\/strong><br \/>\nJa, det kan lade sig g\u00f8re. Mange steder er vant til internationale praktikanter, men et grundniveau anbefales.<\/p>\n<p><strong>Hvilke dokumenter skal jeg bruge for at rejse?<\/strong><br \/>\nEt gyldigt pas, opdaterede sundhedsoplysninger\/vacciner, en sygeforsikring samt visum til visse destinationer.<\/p>\n<p><strong>Kan jeg kombinere en praktik med frivilligt arbejde?<\/strong><br \/>\nJa, VITA tilbyder forl\u00f8b, hvor praktik kan kombineres med frivilligt arbejde, s\u00e5 dit ophold i udlandet bliver endnu mere l\u00e6ringsrigt.<\/p>\n<hr \/>\n<h2><strong>Konklusion<\/strong><\/h2>\n<p style=\"text-align: justify;\">En <strong>praktik i sygepleje i udlandet<\/strong> kan blive en erfaring, der f\u00f8lger dig resten af livet. N\u00e5r du m\u00f8der nye kulturer og andre m\u00e5der at arbejde med pleje p\u00e5, styrker du b\u00e5de dine kompetencer og dine menneskelige kvaliteter. VITA er med dig i forberedelsen og under opholdet. <em>\u201cDet eneste, du vil fortryde, er, at du ikke tog afsted tidligere!\u201d<\/em> Klar til at udforske verden, mens du l\u00e6rer mere om sundhed og omsorg? Din fremtidige sygeplejekarriere venter.<\/p>\n<p class=\"p4\" style=\"text-align: center;\"><b>Vil du h\u00f8re mere, er du velkommen til at kontakte os p\u00e5 <\/b><a href=\"mailto:info@globalong.com\"><span class=\"s2\"><b>info@globalong.com<\/b><\/span><\/a><\/p>\n<p class=\"p4\" style=\"text-align: center;\"><b>Vil du vide mere om VITA og vores community, kan du f\u00f8lge os p\u00e5 <\/b><a href=\"https:\/\/www.instagram.com\/globalongofficiel\/\" target=\"_blank\" rel=\"noopener\"><span class=\"s2\"><b>Instagram<\/b><\/span><\/a><b>,\u00a0<\/b><a href=\"https:\/\/www.facebook.com\/globalong\" target=\"_blank\" rel=\"noopener\"><span class=\"s2\"><b>Facebook<\/b><\/span><\/a><b>,\u00a0<\/b><a href=\"https:\/\/www.linkedin.com\/company\/5113177\/admin\/feed\/posts\/\" target=\"_blank\" rel=\"noopener\"><span class=\"s2\"><b>LinkedIn<\/b><\/span><\/a><b>\u00a0og\u00a0<\/b><a href=\"https:\/\/www.youtube.com\/c\/globalong\/videos\" target=\"_blank\" rel=\"noopener\"><span class=\"s2\"><b>Youtube<\/b><\/span><\/a><b>\u00a0!\u00a0<\/b><\/p>\n<div class=\"ti-widget ti-goog\" data-layout-id=\"4\" data-set-id=\"light-background\" data-pid=\"\" data-language=\"fr\" data-version=\"2\" data-review-target-width=\"300\" data-review-text-mode=\"readmore\" data-pager-autoplay-timeout=\"6\" > <div class=\"ti-widget-container ti-col-3\"> <div class=\"ti-reviews-container\"> <div class=\"ti-controls\"> <div class=\"ti-next\" aria-label=\"Avis suivante\" role=\"button\"><\/div> <div class=\"ti-prev\" aria-label=\"Avis pr\u00e9c\u00e9dent\" role=\"button\"><\/div> <\/div> <div class=\"ti-reviews-container-wrapper\">  <div data-empty=\"0\" class=\"ti-review-item source-Google ti-image-layout-thumbnail\" data-id=\"cfcd208495d565ef66e7dff9f98764da\" > <div class=\"ti-inner\"> <div class=\"ti-review-header\"> <div class=\"ti-profile-img\"> <img decoding=\"async\" src=\"https:\/\/lh3.googleusercontent.com\/a\/ACg8ocKpaoKe37CD0_POxO97KqB60GsWQRsIuG2vmCfXT-W_FY44vw=s120-c-rp-mo-br100\" srcset=\"https:\/\/lh3.googleusercontent.com\/a\/ACg8ocKpaoKe37CD0_POxO97KqB60GsWQRsIuG2vmCfXT-W_FY44vw=s120-c-rp-mo-br100 2x\" alt=\"Lucie Correia\" loading=\"lazy\" \/> <\/div> <div class=\"ti-profile-details\"> <div class=\"ti-name\"> Lucie Correia <\/div> <div class=\"ti-date\">2024-10-17<\/div> <\/div> <\/div> <span class=\"ti-stars\"><span class=\"ti-star f\"><\/span><span class=\"ti-star f\"><\/span><span class=\"ti-star f\"><\/span><span class=\"ti-star f\"><\/span><span class=\"ti-star f\"><\/span><\/span> <div class=\"ti-review-text-container ti-review-content\"><!-- R-CONTENT -->La communication avec Globalong est super, personnes tr\u00e8s pr\u00e9sentes pour les b\u00e9n\u00e9voles et \u00e9tudiants partant avec cette association. Elles r\u00e9pondent \u00e0 toutes nos questions et sont tr\u00e8s accessibles au t\u00e9l\u00e9phone.<!-- R-CONTENT --><\/div> <span class=\"ti-read-more\" data-container=\".ti-review-content\" data-collapse-text=\"Cacher\" data-open-text=\"Lire la suite\" ><\/span> <\/div> <\/div>  <div data-empty=\"0\" class=\"ti-review-item source-Google ti-image-layout-thumbnail\" data-id=\"cfcd208495d565ef66e7dff9f98764da\" > <div class=\"ti-inner\"> <div class=\"ti-review-header\"> <div class=\"ti-profile-img\"> <img decoding=\"async\" src=\"https:\/\/lh3.googleusercontent.com\/a-\/ALV-UjWqnnzM7-7c9BDqeTDF-a7pOgNjvLkJ3WshRd_Tn7z0Eu-AGQwo=s120-c-rp-mo-br100\" srcset=\"https:\/\/lh3.googleusercontent.com\/a-\/ALV-UjWqnnzM7-7c9BDqeTDF-a7pOgNjvLkJ3WshRd_Tn7z0Eu-AGQwo=s120-c-rp-mo-br100 2x\" alt=\"Ra\u00efssa Frisch\" loading=\"lazy\" \/> <\/div> <div class=\"ti-profile-details\"> <div class=\"ti-name\"> Ra\u00efssa Frisch <\/div> <div class=\"ti-date\">2024-10-14<\/div> <\/div> <\/div> <span class=\"ti-stars\"><span class=\"ti-star f\"><\/span><span class=\"ti-star f\"><\/span><span class=\"ti-star f\"><\/span><span class=\"ti-star f\"><\/span><span class=\"ti-star f\"><\/span><\/span> <div class=\"ti-review-text-container ti-review-content\"><!-- R-CONTENT -->J\u2019ai d\u00e9j\u00e0 eu l\u2019opportunit\u00e9 de r\u00e9aliser deux projets humanitaires avec l\u2019association Globalong. Je ne peux que la recommander, car j\u2019ai toujours b\u00e9n\u00e9fici\u00e9 d\u2019un excellent accompagnement, aussi bien avant que pendant le voyage. On ne vous laisse pas vous d\u00e9brouiller seuls, bien au contraire, vous \u00eates tr\u00e8s bien encadr\u00e9s pour accomplir toutes les d\u00e9marches dans les d\u00e9lais.\n\nAu-del\u00e0 du suivi, les exp\u00e9riences humanitaires propos\u00e9es par Globalong ne peuvent que transformer votre vie de mani\u00e8re positive. Elles vous apportent une richesse humaine inestimable.<!-- R-CONTENT --><\/div> <span class=\"ti-read-more\" data-container=\".ti-review-content\" data-collapse-text=\"Cacher\" data-open-text=\"Lire la suite\" ><\/span> <\/div> <\/div>  <div data-empty=\"0\" class=\"ti-review-item source-Google ti-image-layout-thumbnail\" data-id=\"cfcd208495d565ef66e7dff9f98764da\" > <div class=\"ti-inner\"> <div class=\"ti-review-header\"> <div class=\"ti-profile-img\"> <img decoding=\"async\" src=\"https:\/\/lh3.googleusercontent.com\/a\/ACg8ocJL-Dxv25YkXK2QwWPNRxTVqZCv5uTmDQDFg5qslKra3vRZew=s120-c-rp-mo-br100\" srcset=\"https:\/\/lh3.googleusercontent.com\/a\/ACg8ocJL-Dxv25YkXK2QwWPNRxTVqZCv5uTmDQDFg5qslKra3vRZew=s120-c-rp-mo-br100 2x\" alt=\"Tara Turan\" loading=\"lazy\" \/> <\/div> <div class=\"ti-profile-details\"> <div class=\"ti-name\"> Tara Turan <\/div> <div class=\"ti-date\">2024-10-14<\/div> <\/div> <\/div> <span class=\"ti-stars\"><span class=\"ti-star f\"><\/span><span class=\"ti-star f\"><\/span><span class=\"ti-star f\"><\/span><span class=\"ti-star f\"><\/span><span class=\"ti-star f\"><\/span><\/span> <div class=\"ti-review-text-container ti-review-content\"><!-- R-CONTENT -->Une des meilleures associations que j\u2019ai pu faire !\nUne organisation et un suivi vraiment parfait, c\u2019est avec grand plaisir que je referai un projet avec eux.<!-- R-CONTENT --><\/div> <span class=\"ti-read-more\" data-container=\".ti-review-content\" data-collapse-text=\"Cacher\" data-open-text=\"Lire la suite\" ><\/span> <\/div> <\/div>  <div data-empty=\"0\" class=\"ti-review-item source-Google ti-image-layout-thumbnail\" data-id=\"cfcd208495d565ef66e7dff9f98764da\" > <div class=\"ti-inner\"> <div class=\"ti-review-header\"> <div class=\"ti-profile-img\"> <img decoding=\"async\" src=\"https:\/\/lh3.googleusercontent.com\/a\/ACg8ocLctTPNovSk3eKM0b_MIPOfcFEQsz2135Cdu59_BWRVsIYC7Q=s120-c-rp-mo-br100\" srcset=\"https:\/\/lh3.googleusercontent.com\/a\/ACg8ocLctTPNovSk3eKM0b_MIPOfcFEQsz2135Cdu59_BWRVsIYC7Q=s120-c-rp-mo-br100 2x\" alt=\"Repiquet Julie\" loading=\"lazy\" \/> <\/div> <div class=\"ti-profile-details\"> <div class=\"ti-name\"> Repiquet Julie <\/div> <div class=\"ti-date\">2024-10-13<\/div> <\/div> <\/div> <span class=\"ti-stars\"><span class=\"ti-star f\"><\/span><span class=\"ti-star f\"><\/span><span class=\"ti-star f\"><\/span><span class=\"ti-star f\"><\/span><span class=\"ti-star f\"><\/span><\/span> <div class=\"ti-review-text-container ti-review-content\"><!-- R-CONTENT -->Tr\u00e8s bon accompagnement de la part de Globalong, du premier jour avec toutes mes interrogations, jusqu'au d\u00e9part dans quelques jours. Le dossier transmis apr\u00e8s validation de la mission est plus que complet, les webmaster tr\u00e8s int\u00e9ressantes et permettent de d\u00e9charger mentalement ce genre de pr\u00e9paration, tout est pr\u00e9vu il n'y a plus qu'\u00e0 suivre ! Merci \u00e0 Florence de r\u00e9pondre \u00e0 toutes mes questions avec gentillesse et bienveillance, cela m'a permis de passer le cap!\nMaintenant, il n'y a plus qu'\u00e0 \ud83d\ude00<!-- R-CONTENT --><\/div> <span class=\"ti-read-more\" data-container=\".ti-review-content\" data-collapse-text=\"Cacher\" data-open-text=\"Lire la suite\" ><\/span> <\/div> <\/div>  <div data-empty=\"0\" class=\"ti-review-item source-Google ti-image-layout-thumbnail\" data-id=\"cfcd208495d565ef66e7dff9f98764da\" > <div class=\"ti-inner\"> <div class=\"ti-review-header\"> <div class=\"ti-profile-img\"> <img decoding=\"async\" src=\"https:\/\/lh3.googleusercontent.com\/a\/ACg8ocJJTdmTWs8nAA0yuH_cKOUgzc6GFAkHBiXhpnnVYXaWMBZsHw=s120-c-rp-mo-br100\" srcset=\"https:\/\/lh3.googleusercontent.com\/a\/ACg8ocJJTdmTWs8nAA0yuH_cKOUgzc6GFAkHBiXhpnnVYXaWMBZsHw=s120-c-rp-mo-br100 2x\" alt=\"Marine Guilhamat\" loading=\"lazy\" \/> <\/div> <div class=\"ti-profile-details\"> <div class=\"ti-name\"> Marine Guilhamat <\/div> <div class=\"ti-date\">2024-10-09<\/div> <\/div> <\/div> <span class=\"ti-stars\"><span class=\"ti-star f\"><\/span><span class=\"ti-star f\"><\/span><span class=\"ti-star f\"><\/span><span class=\"ti-star f\"><\/span><span class=\"ti-star f\"><\/span><\/span> <div class=\"ti-review-text-container ti-review-content\"><!-- R-CONTENT -->Tr\u00e8s belle association qui offre un cadre super s\u00e9curisant et permet de s\u2019investir dans des projets qui ont du sens. Merci \u00e0 l\u2019\u00e9quipe Globalong pour votre disponibilit\u00e9, gentillesse et accompagnement !<!-- R-CONTENT --><\/div> <span class=\"ti-read-more\" data-container=\".ti-review-content\" data-collapse-text=\"Cacher\" data-open-text=\"Lire la suite\" ><\/span> <\/div> <\/div>  <div data-empty=\"0\" class=\"ti-review-item source-Google ti-image-layout-thumbnail\" data-id=\"cfcd208495d565ef66e7dff9f98764da\" > <div class=\"ti-inner\"> <div class=\"ti-review-header\"> <div class=\"ti-profile-img\"> <img decoding=\"async\" src=\"https:\/\/lh3.googleusercontent.com\/a\/ACg8ocIgITHXKo46qgJyPqlJeAcxz11gCKUJpGIk2qauiIe2O3iZ6w=s120-c-rp-mo-br100\" srcset=\"https:\/\/lh3.googleusercontent.com\/a\/ACg8ocIgITHXKo46qgJyPqlJeAcxz11gCKUJpGIk2qauiIe2O3iZ6w=s120-c-rp-mo-br100 2x\" alt=\"Laura Mercier\" loading=\"lazy\" \/> <\/div> <div class=\"ti-profile-details\"> <div class=\"ti-name\"> Laura Mercier <\/div> <div class=\"ti-date\">2024-10-08<\/div> <\/div> <\/div> <span class=\"ti-stars\"><span class=\"ti-star f\"><\/span><span class=\"ti-star f\"><\/span><span class=\"ti-star f\"><\/span><span class=\"ti-star f\"><\/span><span class=\"ti-star f\"><\/span><\/span> <div class=\"ti-review-text-container ti-review-content\"><!-- R-CONTENT -->Mon d\u00e9part approche, je pars dans une semaine, et depuis le d\u00e9but de mon inscription je suis tr\u00e8s satisfaite du suivi effectu\u00e9 par l\u2019association. Ils sont tr\u00e8s disponibles et r\u00e9pondent rapidement \u00e0 l\u2019ensemble des questions. Je suis tr\u00e8s contente de partir faire cette mission humanitaire encadr\u00e9e par cette association. Je recommande vraiment.<!-- R-CONTENT --><\/div> <span class=\"ti-read-more\" data-container=\".ti-review-content\" data-collapse-text=\"Cacher\" data-open-text=\"Lire la suite\" ><\/span> <\/div> <\/div>  <div data-empty=\"0\" class=\"ti-review-item source-Google ti-image-layout-thumbnail\" data-id=\"cfcd208495d565ef66e7dff9f98764da\" > <div class=\"ti-inner\"> <div class=\"ti-review-header\"> <div class=\"ti-profile-img\"> <img decoding=\"async\" src=\"https:\/\/lh3.googleusercontent.com\/a-\/ALV-UjVVr0YMQhXl8QNEEB32l-rnoaYwvRZUjIEX9OEwPE_1fQwzIyk=s120-c-rp-mo-br100\" srcset=\"https:\/\/lh3.googleusercontent.com\/a-\/ALV-UjVVr0YMQhXl8QNEEB32l-rnoaYwvRZUjIEX9OEwPE_1fQwzIyk=s120-c-rp-mo-br100 2x\" alt=\"Anouk Rzkt\" loading=\"lazy\" \/> <\/div> <div class=\"ti-profile-details\"> <div class=\"ti-name\"> Anouk Rzkt <\/div> <div class=\"ti-date\">2024-10-02<\/div> <\/div> <\/div> <span class=\"ti-stars\"><span class=\"ti-star f\"><\/span><span class=\"ti-star f\"><\/span><span class=\"ti-star f\"><\/span><span class=\"ti-star f\"><\/span><span class=\"ti-star f\"><\/span><\/span> <div class=\"ti-review-text-container ti-review-content\"><!-- R-CONTENT -->Globalong est l'association parfaite. L'\u00e9quipe offre un v\u00e9ritable accompagnement rythm\u00e9 par beaucoup de conseils et d'\u00e9coute. Le site est tr\u00e8s bien fait avec des dossiers complets allant des sujets tr\u00e8s pratiques a d'autres plus th\u00e9oriques (tels que le choc culturel par exemple). Je recommande vivement et remercie sinc\u00e8rement toute l'\u00e9quipe pour leur gentillesse et investissement !<!-- R-CONTENT --><\/div> <span class=\"ti-read-more\" data-container=\".ti-review-content\" data-collapse-text=\"Cacher\" data-open-text=\"Lire la suite\" ><\/span> <\/div> <\/div>  <\/div> <div class=\"ti-controls-line\"> <div class=\"dot\"><\/div> <\/div> <\/div> <div class=\"ti-footer\"> <div class=\"ti-rating-text\"> <span class=\"nowrap\">\u00c9valuation <strong>Google<\/strong> : <\/span><span class=\"nowrap\"><strong>4.8<\/strong> sur 5, <\/span><span class=\"nowrap\">Bas\u00e9e sur <strong>240 avis<\/strong><\/span> <\/div> <\/div>  <\/div> <\/div> \n","protected":false},"excerpt":{"rendered":"<p>Praktik i sygepleje i udlandet: En v\u00e6rdifuld mulighed for din sygeplejekarriere Introduktion Vidste du, at 73 % af de studerende p\u00e5 sygeplejeuddannelser, der tager\u2026<\/p>\n","protected":false},"author":7,"featured_media":18580,"comment_status":"open","ping_status":"open","sticky":false,"template":"","format":"standard","meta":{"footnotes":""},"categories":[8,1,6,4],"tags":[],"yoast_head":"<!-- This site is optimized with the Yoast SEO Premium plugin v23.4 (Yoast SEO v23.4) - https:\/\/yoast.com\/wordpress\/plugins\/seo\/ -->\n<title>IFSI-praktik i udlandet: en erfaring, der kan pr\u00e6ge din karriere<\/title>\n<meta name=\"description\" content=\"D\u00e9couvrez pourquoi un stage IFSI \u00e0 l&#039;\u00e9tranger est une opportunit\u00e9 unique pour enrichir vos comp\u00e9tences et votre carri\u00e8re en soins infirmiers.\" \/>\n<meta name=\"robots\" content=\"index, follow, max-snippet:-1, max-image-preview:large, max-video-preview:-1\" \/>\n<link rel=\"canonical\" href=\"https:\/\/www.vita-explorers.dk\/blog\/praktik-ifsi-i-udlandet\/\" \/>\n<meta property=\"og:locale\" content=\"da_DK\" \/>\n<meta property=\"og:type\" content=\"article\" \/>\n<meta property=\"og:title\" content=\"Transformez votre carri\u00e8re avec un stage IFSI \u00e0 l\u2019\u00e9tranger\" \/>\n<meta property=\"og:description\" content=\"\u00c9largissez vos horizons et d\u00e9couvrez des pratiques de soins diff\u00e9rentes.\" \/>\n<meta property=\"og:url\" content=\"https:\/\/www.vita-explorers.dk\/blog\/praktik-ifsi-i-udlandet\/\" \/>\n<meta property=\"og:site_name\" content=\"VITA Explorers Blog\" \/>\n<meta property=\"article:publisher\" content=\"https:\/\/www.facebook.com\/globalong\" \/>\n<meta property=\"article:published_time\" content=\"2024-11-19T07:45:57+00:00\" \/>\n<meta property=\"article:modified_time\" content=\"2025-01-10T06:54:32+00:00\" \/>\n<meta property=\"og:image\" content=\"https:\/\/www.vita-explorers.dk\/blog\/wp-content\/uploads\/2024\/11\/458976063_561068172910165_5321533045276374745_n.jpg\" \/>\n\t<meta property=\"og:image:width\" content=\"2048\" \/>\n\t<meta property=\"og:image:height\" content=\"1365\" \/>\n\t<meta property=\"og:image:type\" content=\"image\/jpeg\" \/>\n<meta name=\"author\" content=\"VITA Tribe\" \/>\n<meta name=\"twitter:card\" content=\"summary_large_image\" \/>\n<meta name=\"twitter:title\" content=\"IFSI-praktik i udlandet\" \/>\n<meta name=\"twitter:label1\" content=\"Skrevet af\" \/>\n\t<meta name=\"twitter:data1\" content=\"VITA Tribe\" \/>\n\t<meta name=\"twitter:label2\" content=\"Estimeret l\u00e6setid\" \/>\n\t<meta name=\"twitter:data2\" content=\"7 minutter\" \/>\n<script type=\"application\/ld+json\" class=\"yoast-schema-graph\">{\"@context\":\"https:\/\/schema.org\",\"@graph\":[{\"@type\":\"Article\",\"@id\":\"https:\/\/www.vita-explorers.dk\/blog\/praktik-ifsi-i-udlandet\/#article\",\"isPartOf\":{\"@id\":\"https:\/\/www.vita-explorers.dk\/blog\/praktik-ifsi-i-udlandet\/\"},\"author\":{\"name\":\"VITA Tribe\",\"@id\":\"https:\/\/www.vita-explorers.dk\/blog\/#\/schema\/person\/fc0343a2f2db2ebb2793c1f62dbe73f0\"},\"headline\":\"IFSI-praktik i udlandet\",\"datePublished\":\"2024-11-19T07:45:57+00:00\",\"dateModified\":\"2025-01-10T06:54:32+00:00\",\"mainEntityOfPage\":{\"@id\":\"https:\/\/www.vita-explorers.dk\/blog\/praktik-ifsi-i-udlandet\/\"},\"wordCount\":1280,\"commentCount\":0,\"publisher\":{\"@id\":\"https:\/\/www.vita-explorers.dk\/blog\/#organization\"},\"image\":{\"@id\":\"https:\/\/www.vita-explorers.dk\/blog\/praktik-ifsi-i-udlandet\/#primaryimage\"},\"thumbnailUrl\":\"https:\/\/www.vita-explorers.dk\/blog\/wp-content\/uploads\/2024\/11\/458976063_561068172910165_5321533045276374745_n.jpg\",\"articleSection\":[\"Humanit\u00e6rt frivilligt arbejde\",\"No Name\",\"Nyheder\",\"VITA Explorers\"],\"inLanguage\":\"da-DK\",\"potentialAction\":[{\"@type\":\"CommentAction\",\"name\":\"Comment\",\"target\":[\"https:\/\/www.vita-explorers.dk\/blog\/praktik-ifsi-i-udlandet\/#respond\"]}]},{\"@type\":\"WebPage\",\"@id\":\"https:\/\/www.vita-explorers.dk\/blog\/praktik-ifsi-i-udlandet\/\",\"url\":\"https:\/\/www.vita-explorers.dk\/blog\/praktik-ifsi-i-udlandet\/\",\"name\":\"IFSI-praktik i udlandet: en erfaring, der kan pr\u00e6ge din karriere\",\"isPartOf\":{\"@id\":\"https:\/\/www.vita-explorers.dk\/blog\/#website\"},\"primaryImageOfPage\":{\"@id\":\"https:\/\/www.vita-explorers.dk\/blog\/praktik-ifsi-i-udlandet\/#primaryimage\"},\"image\":{\"@id\":\"https:\/\/www.vita-explorers.dk\/blog\/praktik-ifsi-i-udlandet\/#primaryimage\"},\"thumbnailUrl\":\"https:\/\/www.vita-explorers.dk\/blog\/wp-content\/uploads\/2024\/11\/458976063_561068172910165_5321533045276374745_n.jpg\",\"datePublished\":\"2024-11-19T07:45:57+00:00\",\"dateModified\":\"2025-01-10T06:54:32+00:00\",\"description\":\"D\u00e9couvrez pourquoi un stage IFSI \u00e0 l'\u00e9tranger est une opportunit\u00e9 unique pour enrichir vos comp\u00e9tences et votre carri\u00e8re en soins infirmiers.\",\"breadcrumb\":{\"@id\":\"https:\/\/www.vita-explorers.dk\/blog\/praktik-ifsi-i-udlandet\/#breadcrumb\"},\"inLanguage\":\"da-DK\",\"potentialAction\":[{\"@type\":\"ReadAction\",\"target\":[\"https:\/\/www.vita-explorers.dk\/blog\/praktik-ifsi-i-udlandet\/\"]}]},{\"@type\":\"ImageObject\",\"inLanguage\":\"da-DK\",\"@id\":\"https:\/\/www.vita-explorers.dk\/blog\/praktik-ifsi-i-udlandet\/#primaryimage\",\"url\":\"https:\/\/www.vita-explorers.dk\/blog\/wp-content\/uploads\/2024\/11\/458976063_561068172910165_5321533045276374745_n.jpg\",\"contentUrl\":\"https:\/\/www.vita-explorers.dk\/blog\/wp-content\/uploads\/2024\/11\/458976063_561068172910165_5321533045276374745_n.jpg\",\"width\":2048,\"height\":1365,\"caption\":\"Mission humanitaire en m\u00e9decine\"},{\"@type\":\"BreadcrumbList\",\"@id\":\"https:\/\/www.vita-explorers.dk\/blog\/praktik-ifsi-i-udlandet\/#breadcrumb\",\"itemListElement\":[{\"@type\":\"ListItem\",\"position\":1,\"name\":\"Accueil\",\"item\":\"https:\/\/www.vita-explorers.dk\/blog\/\"},{\"@type\":\"ListItem\",\"position\":2,\"name\":\"IFSI-praktik i udlandet\"}]},{\"@type\":\"WebSite\",\"@id\":\"https:\/\/www.vita-explorers.dk\/blog\/#website\",\"url\":\"https:\/\/www.vita-explorers.dk\/blog\/\",\"name\":\"Association Globalong\",\"description\":\"Frivilligt arbejde, sprogophold, praktik i udlandet og internationale oplevelser\",\"publisher\":{\"@id\":\"https:\/\/www.vita-explorers.dk\/blog\/#organization\"},\"potentialAction\":[{\"@type\":\"SearchAction\",\"target\":{\"@type\":\"EntryPoint\",\"urlTemplate\":\"https:\/\/www.vita-explorers.dk\/blog\/?s={search_term_string}\"},\"query-input\":{\"@type\":\"PropertyValueSpecification\",\"valueRequired\":true,\"valueName\":\"search_term_string\"}}],\"inLanguage\":\"da-DK\"},{\"@type\":\"Organization\",\"@id\":\"https:\/\/www.vita-explorers.dk\/blog\/#organization\",\"name\":\"Association Globalong\",\"url\":\"https:\/\/www.vita-explorers.dk\/blog\/\",\"logo\":{\"@type\":\"ImageObject\",\"inLanguage\":\"da-DK\",\"@id\":\"https:\/\/www.vita-explorers.dk\/blog\/#\/schema\/logo\/image\/\",\"url\":\"https:\/\/www.globalong.com\/blog\/wp-content\/uploads\/2014\/11\/cropped-cropped-Logo-et-Afrique-Globalong-petite-taille-2.jpg\",\"contentUrl\":\"https:\/\/www.globalong.com\/blog\/wp-content\/uploads\/2014\/11\/cropped-cropped-Logo-et-Afrique-Globalong-petite-taille-2.jpg\",\"width\":512,\"height\":512,\"caption\":\"Association Globalong\"},\"image\":{\"@id\":\"https:\/\/www.vita-explorers.dk\/blog\/#\/schema\/logo\/image\/\"},\"sameAs\":[\"https:\/\/www.facebook.com\/globalong\"]},{\"@type\":\"Person\",\"@id\":\"https:\/\/www.vita-explorers.dk\/blog\/#\/schema\/person\/fc0343a2f2db2ebb2793c1f62dbe73f0\",\"name\":\"VITA Tribe\",\"image\":{\"@type\":\"ImageObject\",\"inLanguage\":\"da-DK\",\"@id\":\"https:\/\/www.vita-explorers.dk\/blog\/#\/schema\/person\/image\/\",\"url\":\"https:\/\/secure.gravatar.com\/avatar\/f7f05026bb439d0c96b30e135e5f852c?s=96&d=mm&r=g\",\"contentUrl\":\"https:\/\/secure.gravatar.com\/avatar\/f7f05026bb439d0c96b30e135e5f852c?s=96&d=mm&r=g\",\"caption\":\"VITA Tribe\"},\"sameAs\":[\"http:\/\/www.globalong.com\"],\"url\":\"https:\/\/www.vita-explorers.dk\/blog\/author\/teamglobalong\/\"}]}<\/script>\n<!-- \/ Yoast SEO Premium plugin. -->","yoast_head_json":{"title":"IFSI-praktik i udlandet: en erfaring, der kan pr\u00e6ge din karriere","description":"D\u00e9couvrez pourquoi un stage IFSI \u00e0 l'\u00e9tranger est une opportunit\u00e9 unique pour enrichir vos comp\u00e9tences et votre carri\u00e8re en soins infirmiers.","robots":{"index":"index","follow":"follow","max-snippet":"max-snippet:-1","max-image-preview":"max-image-preview:large","max-video-preview":"max-video-preview:-1"},"canonical":"https:\/\/www.vita-explorers.dk\/blog\/praktik-ifsi-i-udlandet\/","og_locale":"da_DK","og_type":"article","og_title":"Transformez votre carri\u00e8re avec un stage IFSI \u00e0 l\u2019\u00e9tranger","og_description":"\u00c9largissez vos horizons et d\u00e9couvrez des pratiques de soins diff\u00e9rentes.","og_url":"https:\/\/www.vita-explorers.dk\/blog\/praktik-ifsi-i-udlandet\/","og_site_name":"VITA Explorers Blog","article_publisher":"https:\/\/www.facebook.com\/globalong","article_published_time":"2024-11-19T07:45:57+00:00","article_modified_time":"2025-01-10T06:54:32+00:00","og_image":[{"width":2048,"height":1365,"url":"https:\/\/www.vita-explorers.dk\/blog\/wp-content\/uploads\/2024\/11\/458976063_561068172910165_5321533045276374745_n.jpg","type":"image\/jpeg"}],"author":"VITA Tribe","twitter_card":"summary_large_image","twitter_title":"IFSI-praktik i udlandet","twitter_misc":{"Skrevet af":"VITA Tribe","Estimeret l\u00e6setid":"7 minutter"},"schema":{"@context":"https:\/\/schema.org","@graph":[{"@type":"Article","@id":"https:\/\/www.vita-explorers.dk\/blog\/praktik-ifsi-i-udlandet\/#article","isPartOf":{"@id":"https:\/\/www.vita-explorers.dk\/blog\/praktik-ifsi-i-udlandet\/"},"author":{"name":"VITA Tribe","@id":"https:\/\/www.vita-explorers.dk\/blog\/#\/schema\/person\/fc0343a2f2db2ebb2793c1f62dbe73f0"},"headline":"IFSI-praktik i udlandet","datePublished":"2024-11-19T07:45:57+00:00","dateModified":"2025-01-10T06:54:32+00:00","mainEntityOfPage":{"@id":"https:\/\/www.vita-explorers.dk\/blog\/praktik-ifsi-i-udlandet\/"},"wordCount":1280,"commentCount":0,"publisher":{"@id":"https:\/\/www.vita-explorers.dk\/blog\/#organization"},"image":{"@id":"https:\/\/www.vita-explorers.dk\/blog\/praktik-ifsi-i-udlandet\/#primaryimage"},"thumbnailUrl":"https:\/\/www.vita-explorers.dk\/blog\/wp-content\/uploads\/2024\/11\/458976063_561068172910165_5321533045276374745_n.jpg","articleSection":["Humanit\u00e6rt frivilligt arbejde","No Name","Nyheder","VITA Explorers"],"inLanguage":"da-DK","potentialAction":[{"@type":"CommentAction","name":"Comment","target":["https:\/\/www.vita-explorers.dk\/blog\/praktik-ifsi-i-udlandet\/#respond"]}]},{"@type":"WebPage","@id":"https:\/\/www.vita-explorers.dk\/blog\/praktik-ifsi-i-udlandet\/","url":"https:\/\/www.vita-explorers.dk\/blog\/praktik-ifsi-i-udlandet\/","name":"IFSI-praktik i udlandet: en erfaring, der kan pr\u00e6ge din karriere","isPartOf":{"@id":"https:\/\/www.vita-explorers.dk\/blog\/#website"},"primaryImageOfPage":{"@id":"https:\/\/www.vita-explorers.dk\/blog\/praktik-ifsi-i-udlandet\/#primaryimage"},"image":{"@id":"https:\/\/www.vita-explorers.dk\/blog\/praktik-ifsi-i-udlandet\/#primaryimage"},"thumbnailUrl":"https:\/\/www.vita-explorers.dk\/blog\/wp-content\/uploads\/2024\/11\/458976063_561068172910165_5321533045276374745_n.jpg","datePublished":"2024-11-19T07:45:57+00:00","dateModified":"2025-01-10T06:54:32+00:00","description":"D\u00e9couvrez pourquoi un stage IFSI \u00e0 l'\u00e9tranger est une opportunit\u00e9 unique pour enrichir vos comp\u00e9tences et votre carri\u00e8re en soins infirmiers.","breadcrumb":{"@id":"https:\/\/www.vita-explorers.dk\/blog\/praktik-ifsi-i-udlandet\/#breadcrumb"},"inLanguage":"da-DK","potentialAction":[{"@type":"ReadAction","target":["https:\/\/www.vita-explorers.dk\/blog\/praktik-ifsi-i-udlandet\/"]}]},{"@type":"ImageObject","inLanguage":"da-DK","@id":"https:\/\/www.vita-explorers.dk\/blog\/praktik-ifsi-i-udlandet\/#primaryimage","url":"https:\/\/www.vita-explorers.dk\/blog\/wp-content\/uploads\/2024\/11\/458976063_561068172910165_5321533045276374745_n.jpg","contentUrl":"https:\/\/www.vita-explorers.dk\/blog\/wp-content\/uploads\/2024\/11\/458976063_561068172910165_5321533045276374745_n.jpg","width":2048,"height":1365,"caption":"Mission humanitaire en m\u00e9decine"},{"@type":"BreadcrumbList","@id":"https:\/\/www.vita-explorers.dk\/blog\/praktik-ifsi-i-udlandet\/#breadcrumb","itemListElement":[{"@type":"ListItem","position":1,"name":"Accueil","item":"https:\/\/www.vita-explorers.dk\/blog\/"},{"@type":"ListItem","position":2,"name":"IFSI-praktik i udlandet"}]},{"@type":"WebSite","@id":"https:\/\/www.vita-explorers.dk\/blog\/#website","url":"https:\/\/www.vita-explorers.dk\/blog\/","name":"Association Globalong","description":"Frivilligt arbejde, sprogophold, praktik i udlandet og internationale oplevelser","publisher":{"@id":"https:\/\/www.vita-explorers.dk\/blog\/#organization"},"potentialAction":[{"@type":"SearchAction","target":{"@type":"EntryPoint","urlTemplate":"https:\/\/www.vita-explorers.dk\/blog\/?s={search_term_string}"},"query-input":{"@type":"PropertyValueSpecification","valueRequired":true,"valueName":"search_term_string"}}],"inLanguage":"da-DK"},{"@type":"Organization","@id":"https:\/\/www.vita-explorers.dk\/blog\/#organization","name":"Association Globalong","url":"https:\/\/www.vita-explorers.dk\/blog\/","logo":{"@type":"ImageObject","inLanguage":"da-DK","@id":"https:\/\/www.vita-explorers.dk\/blog\/#\/schema\/logo\/image\/","url":"https:\/\/www.globalong.com\/blog\/wp-content\/uploads\/2014\/11\/cropped-cropped-Logo-et-Afrique-Globalong-petite-taille-2.jpg","contentUrl":"https:\/\/www.globalong.com\/blog\/wp-content\/uploads\/2014\/11\/cropped-cropped-Logo-et-Afrique-Globalong-petite-taille-2.jpg","width":512,"height":512,"caption":"Association Globalong"},"image":{"@id":"https:\/\/www.vita-explorers.dk\/blog\/#\/schema\/logo\/image\/"},"sameAs":["https:\/\/www.facebook.com\/globalong"]},{"@type":"Person","@id":"https:\/\/www.vita-explorers.dk\/blog\/#\/schema\/person\/fc0343a2f2db2ebb2793c1f62dbe73f0","name":"VITA Tribe","image":{"@type":"ImageObject","inLanguage":"da-DK","@id":"https:\/\/www.vita-explorers.dk\/blog\/#\/schema\/person\/image\/","url":"https:\/\/secure.gravatar.com\/avatar\/f7f05026bb439d0c96b30e135e5f852c?s=96&d=mm&r=g","contentUrl":"https:\/\/secure.gravatar.com\/avatar\/f7f05026bb439d0c96b30e135e5f852c?s=96&d=mm&r=g","caption":"VITA Tribe"},"sameAs":["http:\/\/www.globalong.com"],"url":"https:\/\/www.vita-explorers.dk\/blog\/author\/teamglobalong\/"}]}},"_links":{"self":[{"href":"https:\/\/www.vita-explorers.dk\/blog\/wp-json\/wp\/v2\/posts\/18931"}],"collection":[{"href":"https:\/\/www.vita-explorers.dk\/blog\/wp-json\/wp\/v2\/posts"}],"about":[{"href":"https:\/\/www.vita-explorers.dk\/blog\/wp-json\/wp\/v2\/types\/post"}],"author":[{"embeddable":true,"href":"https:\/\/www.vita-explorers.dk\/blog\/wp-json\/wp\/v2\/users\/7"}],"replies":[{"embeddable":true,"href":"https:\/\/www.vita-explorers.dk\/blog\/wp-json\/wp\/v2\/comments?post=18931"}],"version-history":[{"count":12,"href":"https:\/\/www.vita-explorers.dk\/blog\/wp-json\/wp\/v2\/posts\/18931\/revisions"}],"predecessor-version":[{"id":19673,"href":"https:\/\/www.vita-explorers.dk\/blog\/wp-json\/wp\/v2\/posts\/18931\/revisions\/19673"}],"wp:featuredmedia":[{"embeddable":true,"href":"https:\/\/www.vita-explorers.dk\/blog\/wp-json\/wp\/v2\/media\/18580"}],"wp:attachment":[{"href":"https:\/\/www.vita-explorers.dk\/blog\/wp-json\/wp\/v2\/media?parent=18931"}],"wp:term":[{"taxonomy":"category","embeddable":true,"href":"https:\/\/www.vita-explorers.dk\/blog\/wp-json\/wp\/v2\/categories?post=18931"},{"taxonomy":"post_tag","embeddable":true,"href":"https:\/\/www.vita-explorers.dk\/blog\/wp-json\/wp\/v2\/tags?post=18931"}],"curies":[{"name":"wp","href":"https:\/\/api.w.org\/{rel}","templated":true}]}}