{"id":18956,"date":"2024-11-20T00:24:28","date_gmt":"2024-11-19T23:24:28","guid":{"rendered":"https:\/\/www.globalong.com\/blog\/?p=18956"},"modified":"2025-10-29T17:32:19","modified_gmt":"2025-10-29T16:32:19","slug":"international-boernedag","status":"publish","type":"post","link":"https:\/\/www.vita-explorers.dk\/blog\/international-boernedag\/","title":{"rendered":"International dag for b\u00f8rns rettigheder"},"content":{"rendered":"<h2><strong>International dag for b\u00f8rns rettigheder<\/strong><\/h2>\n<h3><strong>Introduktion<\/strong><\/h3>\n<p style=\"text-align: justify;\">Den <strong>20. november<\/strong> markerer verden <strong>International dag for b\u00f8rns rettigheder<\/strong>. Det er en anledning til at minde os selv om, hvor vigtigt det er at beskytte og styrke b\u00f8rns rettigheder. Mange b\u00f8rn og unge lever fortsat med fattigdom, vold og manglende adgang til skolegang eller sundhed. Som Kofi Annan udtrykte det,<\/p>\n<blockquote>\n<p style=\"text-align: justify;\"><em>&#8220;Der findes ikke en mere presserende sag end at beskytte b\u00f8rn&#8221;<\/em>.<\/p>\n<\/blockquote>\n<hr \/>\n<h3><strong>Hvad er International dag for b\u00f8rns rettigheder?<\/strong><\/h3>\n<p style=\"text-align: justify;\">Dagen markerer FN\u2019s vedtagelse af <strong>Konventionen om <a href=\"https:\/\/www.vita-explorers.dk\/blog\/internationalt-frivilligt-arbejde-jura\/\" target=\"_blank\" rel=\"noopener\">barnets<\/a> rettigheder<\/strong> i 1989. Konventionen <a href=\"https:\/\/www.vita-explorers.dk\/blog\/focus-sur-le-senegal-le-cas-des-enfants-talibes\/\" target=\"_blank\" rel=\"noopener\">beskytter b\u00f8rn<\/a> p\u00e5 tv\u00e6rs af civile, politiske, \u00f8konomiske og kulturelle omr\u00e5der. I dag er den ratificeret af 196 lande, hvilket understreger dens betydning.<\/p>\n<blockquote><p><strong>Interessant fakta<\/strong> : Konventionen er den mest tilsluttede menneskerettighedstraktat i verden.<\/p><\/blockquote>\n<hr \/>\n<h3><strong>Hvorfor er dagen vigtig?<\/strong><\/h3>\n<p style=\"text-align: justify;\">Dagen s\u00e6tter fokus p\u00e5 alvorlige udfordringer. If\u00f8lge UNICEF lever <strong>356 millioner b\u00f8rn i ekstrem fattigdom<\/strong>. Mange b\u00f8rn oplever vold eller udnyttelse. Den 20. november samler mennesker verden over om handling og oplysning.<\/p>\n<blockquote><p><strong>En st\u00e6rk oplevelse<\/strong> : <em>Fatima, en ung syrisk flygtning, fortalte: &#8220;Skolen gav mig h\u00e5b om igen at kunne dr\u00f8mme om en fremtid.&#8221;<\/em><\/p>\n<p>\u00a0<\/p>\n<p><em><strong>Nelson Mandela sagde:<\/strong> &#8220;Intet afsl\u00f8rer et samfund tydeligere end den m\u00e5de, det behandler sine b\u00f8rn p\u00e5.&#8221;<\/em><\/p><\/blockquote>\n<hr \/>\n<h3><strong>Hvorfor b\u00f8rns rettigheder betyder noget<\/strong><\/h3>\n<p style=\"text-align: justify;\">B\u00f8rns <strong>rettigheder<\/strong> er fundamentet for et trygt og sundt liv, hvor der er plads til udvikling. N\u00e5r rettighederne respekteres, styrker det ogs\u00e5 samfundets fremtid. B\u00f8rn, der f\u00e5r god undervisning og adgang til ordentlig behandling, bidrager positivt til f\u00e6llesskabet.<\/p>\n<blockquote><p><strong>N\u00f8gletal<\/strong> : Omkring <strong>1 ud af 5 b\u00f8rn<\/strong> g\u00e5r ikke i skole, hvilket fastholder fattigdom p\u00e5 tv\u00e6rs af generationer.<\/p><\/blockquote>\n<hr \/>\n<h3><strong>Konventionen om barnets rettigheder<\/strong><\/h3>\n<p style=\"text-align: justify;\">Konventionen bygger p\u00e5 fire centrale principper: ikke-diskrimination, barnets tarv, retten til liv og udvikling samt retten til at blive h\u00f8rt og deltage. Alligevel har mange lande stadig behov for at styrke indsatsen for at oms\u00e6tte principperne til praksis.<\/p>\n<blockquote><p><strong>Statistik<\/strong> : I nogle regioner mangler mere end <strong>50% af b\u00f8rn<\/strong> adgang til basale ydelser.<\/p><\/blockquote>\n<hr \/>\n<h3><strong>Uddannelse og dens rolle<\/strong><\/h3>\n<p style=\"text-align: justify;\">Uddannelse kan \u00e6ndre et livsforl\u00f8b. Alligevel er millioner af b\u00f8rn og unge stadig afsk\u00e5ret fra denne ret. Initiativer som <strong>&#8220;Education For All&#8221;<\/strong> arbejder for at forbedre situationen.<\/p>\n<blockquote><p><strong><em>Citat af Malala Yousafzai<\/em> :<\/strong> &#8220;Et barn, en l\u00e6rer, en bog og en kuglepen kan forandre verden.&#8221;<\/p><\/blockquote>\n<p><strong>Eksempel<\/strong> : I Afrika hj\u00e6lper programmer piger med at blive i skolen og forf\u00f8lge deres dr\u00f8mme.<\/p>\n<hr \/>\n<h3><strong>B\u00f8rns sundhed<\/strong><\/h3>\n<p>Sygdomme, der kan forebygges, tager stadig livet af tusindvis af b\u00f8rn hvert \u00e5r. Adgang til sundhedsydelser er afg\u00f8rende. Derfor er der behov for handling, s\u00e5 alle b\u00f8rn kan f\u00e5 behandling af god kvalitet.<br \/>\n<strong><br \/>\n<\/strong><\/p>\n<blockquote><p><strong>Markant tal<\/strong> : N\u00e6sten <strong>5 millioner b\u00f8rn under 5 \u00e5r<\/strong> d\u00f8r af forebyggelige \u00e5rsager, if\u00f8lge WHO.<\/p><\/blockquote>\n<hr \/>\n<h3><strong>Beskyttelse mod vold<\/strong><\/h3>\n<p style=\"text-align: justify;\">B\u00f8rn rammes fortsat af vold og udnyttelse, herunder tvangsarbejde og overgreb. Organisationer som Save the Children arbejder for at beskytte b\u00f8rn og skabe bedre muligheder for fremtiden.<\/p>\n<blockquote><p><strong>Oplevelse<\/strong> : <em>Maria, 14 \u00e5r, blev reddet ud af et netv\u00e6rk for menneskehandel i Brasilien. &#8220;Jeg troede, mit liv var slut, men i dag har jeg h\u00e5b.&#8221;<\/em><\/p><\/blockquote>\n<hr \/>\n<h3><strong>B\u00f8rn har en stemme<\/strong><\/h3>\n<p style=\"text-align: justify;\">B\u00f8rn og unge skal blive h\u00f8rt. Unge aktivister som <strong>Greta Thunberg<\/strong> viser, at n\u00e5r b\u00f8rn f\u00e5r plads til at tale, kan det skabe forandring.<\/p>\n<blockquote><p><strong>Inspirerende historie<\/strong> : <em>Greta Thunberg har f\u00e5et millioner til at engagere sig i klimakrisen.<\/em><\/p><\/blockquote>\n<hr \/>\n<h3><strong>Meningsm\u00e5ling<\/strong><\/h3>\n<p>Hvilke rettigheder mener du er mest truede i dag?<\/p>\n<ul>\n<li>Adgang til uddannelse<\/li>\n<li>Beskyttelse mod vold<\/li>\n<li>Adgang til sundhedsydelser<\/li>\n<li>Inddragelse i beslutninger<\/li>\n<\/ul>\n<p><strong>Del gerne din mening i kommentarfeltet.<\/strong> Dine perspektiver er vigtige!<\/p>\n<hr \/>\n<h3><strong>B\u00f8rnefattigdom<\/strong><\/h3>\n<p style=\"text-align: justify;\">Fattigdom fratager b\u00f8rn grundl\u00e6ggende rettigheder. Ordninger som <strong>kontante overf\u00f8rsler<\/strong> fors\u00f8ger at mindske konsekvenserne.<\/p>\n<blockquote><p><strong>Tal<\/strong> : <strong>1 ud af 5 b\u00f8rn<\/strong> lever med kronisk underern\u00e6ring.<\/p><\/blockquote>\n<hr \/>\n<h3><strong>Konflikters p\u00e5virkning af b\u00f8rn<\/strong><\/h3>\n<p style=\"text-align: justify;\">V\u00e6bnede konflikter s\u00e6tter dybe spor hos b\u00f8rn. Over <strong>250.000 b\u00f8rn bruges som soldater<\/strong> p\u00e5 verdensplan, en uacceptabel virkelighed.<\/p>\n<blockquote><p><strong>Chokerende fakta<\/strong> : Disse b\u00f8rn uds\u00e6ttes for ekstreme overgreb, som kan pr\u00e6ge resten af livet.<\/p><\/blockquote>\n<hr \/>\n<h3><strong>Flygtninge- og migrantb\u00f8rn<\/strong><\/h3>\n<p style=\"text-align: justify;\">B\u00f8rn p\u00e5 flugt er s\u00e6rligt udsatte. Det er afg\u00f8rende at beskytte dem og give dem mulighed for en tryg og v\u00e6rdig fremtid.<\/p>\n<blockquote><p><strong>Statistik<\/strong> : I 2022 blev mere end <strong>36,5 millioner b\u00f8rn fordrevet<\/strong>.<\/p><\/blockquote>\n<hr \/>\n<h3><strong>UNICEF og NGO\u2019ers rolle<\/strong><\/h3>\n<p style=\"text-align: justify;\"><strong>UNICEF<\/strong> spiller en central rolle i arbejdet for b\u00f8rns rettigheder og gennemf\u00f8rer programmer for uddannelse, sundhed og beskyttelse.<\/p>\n<blockquote><p><strong>N\u00f8gletal<\/strong> : I 2021 vaccinerede UNICEF mere end <strong>50% af verdens b\u00f8rn<\/strong> og reddede millioner af liv.<\/p><\/blockquote>\n<hr \/>\n<h3><strong>Globale og lokale initiativer<\/strong><\/h3>\n<p style=\"text-align: justify;\">Kampagner som <strong>&#8220;Girls Not Brides&#8221;<\/strong> arbejder for pigers rettigheder. Ogs\u00e5 lokale tiltag, som <strong>mobile biblioteker<\/strong>, g\u00f8r en konkret forskel.<\/p>\n<blockquote><p><strong>Eksempel<\/strong> : Frivillige i Asien samler midler ind for at finansiere b\u00f8rns skolegang.<\/p><\/blockquote>\n<hr \/>\n<h3><strong>Hvordan kan du handle?<\/strong><\/h3>\n<p style=\"text-align: justify;\">Du kan bidrage ved at st\u00f8tte en organisation eller ved at skabe opm\u00e6rksomhed i dit netv\u00e6rk. Sm\u00e5 handlinger kan v\u00e6re med til at beskytte b\u00f8rns rettigheder.<\/p>\n<blockquote><p><strong>Enkle handlinger<\/strong> : Bliv frivillig, skriv til dine folkevalgte eller del artiklen.<\/p><\/blockquote>\n<hr \/>\n<h3><strong>Del artiklen<\/strong><\/h3>\n<blockquote><p>Hj\u00e6lp os med at n\u00e5 ud til flere. <strong>Del artiklen<\/strong> p\u00e5 sociale medier. Sammen kan vi skabe forandring.<\/p><\/blockquote>\n<h3>FAQ om International dag for b\u00f8rns rettigheder<\/h3>\n<blockquote>\n<hr \/>\n<\/blockquote>\n<h3 style=\"text-align: justify;\"><strong>Hvad er International dag for b\u00f8rns rettigheder?<\/strong><\/h3>\n<p style=\"text-align: justify;\">International dag for b\u00f8rns rettigheder markeres hvert \u00e5r den 20. november. Dagen er \u00e5rsdagen for FN\u2019s Generalforsamlings vedtagelse af <strong>Konventionen om barnets rettigheder<\/strong> i <strong>1989<\/strong>. Form\u00e5let er at skabe opm\u00e6rksomhed om b\u00f8rns rettigheder, herunder adgang til uddannelse, sundhed, beskyttelse mod vold og inddragelse i beslutninger, der vedr\u00f8rer dem.<\/p>\n<hr \/>\n<h3 style=\"text-align: justify;\"><strong>Hvorfor er International dag for b\u00f8rns rettigheder vigtig?<\/strong><\/h3>\n<p style=\"text-align: justify;\">Dagen er vigtig, fordi den minder os om, at <strong>b\u00f8rns rettigheder<\/strong> skal respekteres og beskyttes overalt i verden. Mange b\u00f8rn lever stadig med fattigdom, vold og begr\u00e6nset adgang til helt basale ressourcer. Dagen opfordrer regeringer, organisationer og borgere til at handle for at sikre bedre vilk\u00e5r for kommende generationer.<\/p>\n<hr \/>\n<h3 style=\"text-align: justify;\"><strong>Hvilke m\u00e5l har International dag for b\u00f8rns rettigheder?<\/strong><\/h3>\n<p style=\"text-align: justify;\">De vigtigste m\u00e5l er:<\/p>\n<ul style=\"text-align: justify;\">\n<li style=\"text-align: justify;\"><strong>At skabe opm\u00e6rksomhed<\/strong> om de udfordringer, b\u00f8rn st\u00e5r overfor, fx b\u00f8rnearbejde, manglende adgang til skole og underern\u00e6ring.<\/li>\n<li style=\"text-align: justify;\"><strong>At fremme<\/strong> Konventionen om barnets rettigheder, som sikrer b\u00f8rn grundl\u00e6ggende rettigheder.<\/li>\n<li style=\"text-align: justify;\"><strong>At mobilisere<\/strong> ressourcer og konkrete handlinger, der forbedrer b\u00f8rns trivsel, is\u00e6r i de mest s\u00e5rbare omr\u00e5der.<\/li>\n<\/ul>\n<hr \/>\n<h3 style=\"text-align: justify;\"><strong>Hvordan markeres International dag for b\u00f8rns rettigheder?<\/strong><\/h3>\n<p style=\"text-align: justify;\">Dagen markeres gennem <strong>undervisningsaktiviteter, oplysningskampagner<\/strong> og f\u00e6llesskabsarrangementer, der s\u00e6tter fokus p\u00e5 b\u00f8rns rettigheder. Skoler, NGO\u2019er og myndigheder arrangerer opl\u00e6g, debatter og workshops. Samtidig opfordres b\u00f8rn og unge til at give deres perspektiver p\u00e5 de emner, der ang\u00e5r dem.<\/p>\n<hr \/>\n<h3 style=\"text-align: justify;\"><strong>Hvilke b\u00f8rnerettigheder defineres i Konventionen om barnets rettigheder?<\/strong><\/h3>\n<p style=\"text-align: justify;\">Konventionen om barnets rettigheder fastl\u00e6gger en r\u00e6kke grundl\u00e6ggende rettigheder, blandt andet:<\/p>\n<ul style=\"text-align: justify;\">\n<li style=\"text-align: justify;\"><strong>Retten til liv, overlevelse og udvikling<\/strong>.<\/li>\n<li style=\"text-align: justify;\"><strong>Retten til ikke-diskrimination<\/strong>.<\/li>\n<li style=\"text-align: justify;\"><strong>Retten til at blive h\u00f8rt<\/strong> og til at deltage i beslutninger, der vedr\u00f8rer dem.<\/li>\n<li style=\"text-align: justify;\"><strong>Retten til beskyttelse<\/strong> mod alle former for vold, udnyttelse og overgreb.<\/li>\n<li style=\"text-align: justify;\"><strong>Retten til uddannelse<\/strong>, sundhed og en passende levestandard.<\/li>\n<\/ul>\n<hr \/>\n<h3 style=\"text-align: justify;\"><strong>Hvilke initiativer er sat i gang for at beskytte b\u00f8rn?<\/strong><\/h3>\n<p style=\"text-align: justify;\">Der findes mange indsatser, drevet af internationale organisationer som <strong>UNICEF<\/strong> og NGO\u2019er som <strong>Save the Children og <a href=\"https:\/\/www.vita-explorers.dk\/association-globalong.html\" target=\"_blank\" rel=\"noopener\">VITA Institute<\/a><\/strong>. Det kan v\u00e6re vaccinationsprogrammer, adgang til skolegang for alle, kampagner mod b\u00f8rnearbejde samt st\u00f8tte til b\u00f8rn p\u00e5 flugt. M\u00e5let er, at alle b\u00f8rn \u2013 uanset livssituation \u2013 kan f\u00e5 deres grundl\u00e6ggende rettigheder respekteret.<\/p>\n<hr \/>\n<h3 style=\"text-align: justify;\"><strong>Hvordan kan jeg bidrage til International dag for b\u00f8rns rettigheder?<\/strong><\/h3>\n<p style=\"text-align: justify;\">Der er flere m\u00e5der at bidrage p\u00e5:<\/p>\n<ul style=\"text-align: justify;\">\n<li style=\"text-align: justify;\"><strong>Skab opm\u00e6rksomhed<\/strong> ved at dele viden om b\u00f8rns rettigheder p\u00e5 sociale medier.<\/li>\n<li style=\"text-align: justify;\"><strong>St\u00f8t med en donation<\/strong> til organisationer, der arbejder for udsatte b\u00f8rn.<\/li>\n<li style=\"text-align: justify;\"><a href=\"https:\/\/www.vita-explorers.dk\/\" target=\"_blank\" rel=\"noopener\"><strong>Bliv frivillig<\/strong><\/a> i lokale eller internationale indsatser, der styrker b\u00f8rns rettigheder.<\/li>\n<\/ul>\n<ul>\n<li style=\"text-align: justify;\"><strong>Tal med b\u00f8rn og unge<\/strong> omkring dig om deres rettigheder og opmuntre dem til at sige deres mening.<\/li>\n<\/ul>\n<blockquote>\n<hr \/>\n<p>\u00a0<\/p><\/blockquote>\n<hr \/>\n<h3><strong>Konklusion<\/strong><\/h3>\n<p style=\"text-align: justify;\">International dag for b\u00f8rns rettigheder er en anledning til b\u00e5de eftertanke og handling. Sammen kan vi <a href=\"https:\/\/www.vita-explorers.dk\/blog\/lektiehj\u00e6lp-i-udlandet\/\" target=\"_blank\" rel=\"noopener\">styrke b\u00f8rns mulighed for en tryg fremtid<\/a> med plads til l\u00e6ring og udvikling.<\/p>\n<p class=\"p4\" style=\"text-align: center;\"><b>Har du sp\u00f8rgsm\u00e5l, er du velkommen til at kontakte os p\u00e5 <\/b><a href=\"mailto:info@globalong.com\"><span class=\"s2\"><b>info@globalong.com<\/b><\/span><\/a><\/p>\n<p class=\"p4\" style=\"text-align: center;\"><b>Vil du f\u00f8lge mere med i VITA Institute og vores community, kan du finde os p\u00e5 <\/b><a href=\"https:\/\/www.instagram.com\/globalongofficiel\/\"><span class=\"s2\"><b>Instagram<\/b><\/span><\/a><b>, <\/b><a href=\"https:\/\/www.facebook.com\/globalong\"><span class=\"s2\"><b>Facebook<\/b><\/span><\/a><b>, <\/b><a href=\"https:\/\/www.linkedin.com\/company\/5113177\/admin\/feed\/posts\/\"><span class=\"s2\"><b>LinkedIn<\/b><\/span><\/a><b> og <\/b><a href=\"https:\/\/www.youtube.com\/c\/globalong\/videos\"><span class=\"s2\"><b>YouTube<\/b><\/span><\/a><b>. <\/b><\/p>\n<div class=\"ti-widget ti-goog\" data-layout-id=\"4\" data-set-id=\"light-background\" data-pid=\"\" data-language=\"fr\" data-version=\"2\" data-review-target-width=\"300\" data-review-text-mode=\"readmore\" data-pager-autoplay-timeout=\"6\" > <div class=\"ti-widget-container ti-col-3\"> <div class=\"ti-reviews-container\"> <div class=\"ti-controls\"> <div class=\"ti-next\" aria-label=\"Avis suivante\" role=\"button\"><\/div> <div class=\"ti-prev\" aria-label=\"Avis pr\u00e9c\u00e9dent\" role=\"button\"><\/div> <\/div> <div class=\"ti-reviews-container-wrapper\">  <div data-empty=\"0\" class=\"ti-review-item source-Google ti-image-layout-thumbnail\" data-id=\"cfcd208495d565ef66e7dff9f98764da\" > <div class=\"ti-inner\"> <div class=\"ti-review-header\"> <div class=\"ti-profile-img\"> <img decoding=\"async\" src=\"https:\/\/lh3.googleusercontent.com\/a\/ACg8ocKpaoKe37CD0_POxO97KqB60GsWQRsIuG2vmCfXT-W_FY44vw=s120-c-rp-mo-br100\" srcset=\"https:\/\/lh3.googleusercontent.com\/a\/ACg8ocKpaoKe37CD0_POxO97KqB60GsWQRsIuG2vmCfXT-W_FY44vw=s120-c-rp-mo-br100 2x\" alt=\"Lucie Correia\" loading=\"lazy\" \/> <\/div> <div class=\"ti-profile-details\"> <div class=\"ti-name\"> Lucie Correia <\/div> <div class=\"ti-date\">2024-10-17<\/div> <\/div> <\/div> <span class=\"ti-stars\"><span class=\"ti-star f\"><\/span><span class=\"ti-star f\"><\/span><span class=\"ti-star f\"><\/span><span class=\"ti-star f\"><\/span><span class=\"ti-star f\"><\/span><\/span> <div class=\"ti-review-text-container ti-review-content\"><!-- R-CONTENT -->La communication avec Globalong est super, personnes tr\u00e8s pr\u00e9sentes pour les b\u00e9n\u00e9voles et \u00e9tudiants partant avec cette association. Elles r\u00e9pondent \u00e0 toutes nos questions et sont tr\u00e8s accessibles au t\u00e9l\u00e9phone.<!-- R-CONTENT --><\/div> <span class=\"ti-read-more\" data-container=\".ti-review-content\" data-collapse-text=\"Cacher\" data-open-text=\"Lire la suite\" ><\/span> <\/div> <\/div>  <div data-empty=\"0\" class=\"ti-review-item source-Google ti-image-layout-thumbnail\" data-id=\"cfcd208495d565ef66e7dff9f98764da\" > <div class=\"ti-inner\"> <div class=\"ti-review-header\"> <div class=\"ti-profile-img\"> <img decoding=\"async\" src=\"https:\/\/lh3.googleusercontent.com\/a-\/ALV-UjWqnnzM7-7c9BDqeTDF-a7pOgNjvLkJ3WshRd_Tn7z0Eu-AGQwo=s120-c-rp-mo-br100\" srcset=\"https:\/\/lh3.googleusercontent.com\/a-\/ALV-UjWqnnzM7-7c9BDqeTDF-a7pOgNjvLkJ3WshRd_Tn7z0Eu-AGQwo=s120-c-rp-mo-br100 2x\" alt=\"Ra\u00efssa Frisch\" loading=\"lazy\" \/> <\/div> <div class=\"ti-profile-details\"> <div class=\"ti-name\"> Ra\u00efssa Frisch <\/div> <div class=\"ti-date\">2024-10-14<\/div> <\/div> <\/div> <span class=\"ti-stars\"><span class=\"ti-star f\"><\/span><span class=\"ti-star f\"><\/span><span class=\"ti-star f\"><\/span><span class=\"ti-star f\"><\/span><span class=\"ti-star f\"><\/span><\/span> <div class=\"ti-review-text-container ti-review-content\"><!-- R-CONTENT -->J\u2019ai d\u00e9j\u00e0 eu l\u2019opportunit\u00e9 de r\u00e9aliser deux projets humanitaires avec l\u2019association Globalong. Je ne peux que la recommander, car j\u2019ai toujours b\u00e9n\u00e9fici\u00e9 d\u2019un excellent accompagnement, aussi bien avant que pendant le voyage. On ne vous laisse pas vous d\u00e9brouiller seuls, bien au contraire, vous \u00eates tr\u00e8s bien encadr\u00e9s pour accomplir toutes les d\u00e9marches dans les d\u00e9lais.\n\nAu-del\u00e0 du suivi, les exp\u00e9riences humanitaires propos\u00e9es par Globalong ne peuvent que transformer votre vie de mani\u00e8re positive. Elles vous apportent une richesse humaine inestimable.<!-- R-CONTENT --><\/div> <span class=\"ti-read-more\" data-container=\".ti-review-content\" data-collapse-text=\"Cacher\" data-open-text=\"Lire la suite\" ><\/span> <\/div> <\/div>  <div data-empty=\"0\" class=\"ti-review-item source-Google ti-image-layout-thumbnail\" data-id=\"cfcd208495d565ef66e7dff9f98764da\" > <div class=\"ti-inner\"> <div class=\"ti-review-header\"> <div class=\"ti-profile-img\"> <img decoding=\"async\" src=\"https:\/\/lh3.googleusercontent.com\/a\/ACg8ocJL-Dxv25YkXK2QwWPNRxTVqZCv5uTmDQDFg5qslKra3vRZew=s120-c-rp-mo-br100\" srcset=\"https:\/\/lh3.googleusercontent.com\/a\/ACg8ocJL-Dxv25YkXK2QwWPNRxTVqZCv5uTmDQDFg5qslKra3vRZew=s120-c-rp-mo-br100 2x\" alt=\"Tara Turan\" loading=\"lazy\" \/> <\/div> <div class=\"ti-profile-details\"> <div class=\"ti-name\"> Tara Turan <\/div> <div class=\"ti-date\">2024-10-14<\/div> <\/div> <\/div> <span class=\"ti-stars\"><span class=\"ti-star f\"><\/span><span class=\"ti-star f\"><\/span><span class=\"ti-star f\"><\/span><span class=\"ti-star f\"><\/span><span class=\"ti-star f\"><\/span><\/span> <div class=\"ti-review-text-container ti-review-content\"><!-- R-CONTENT -->Une des meilleures associations que j\u2019ai pu faire !\nUne organisation et un suivi vraiment parfait, c\u2019est avec grand plaisir que je referai un projet avec eux.<!-- R-CONTENT --><\/div> <span class=\"ti-read-more\" data-container=\".ti-review-content\" data-collapse-text=\"Cacher\" data-open-text=\"Lire la suite\" ><\/span> <\/div> <\/div>  <div data-empty=\"0\" class=\"ti-review-item source-Google ti-image-layout-thumbnail\" data-id=\"cfcd208495d565ef66e7dff9f98764da\" > <div class=\"ti-inner\"> <div class=\"ti-review-header\"> <div class=\"ti-profile-img\"> <img decoding=\"async\" src=\"https:\/\/lh3.googleusercontent.com\/a\/ACg8ocLctTPNovSk3eKM0b_MIPOfcFEQsz2135Cdu59_BWRVsIYC7Q=s120-c-rp-mo-br100\" srcset=\"https:\/\/lh3.googleusercontent.com\/a\/ACg8ocLctTPNovSk3eKM0b_MIPOfcFEQsz2135Cdu59_BWRVsIYC7Q=s120-c-rp-mo-br100 2x\" alt=\"Repiquet Julie\" loading=\"lazy\" \/> <\/div> <div class=\"ti-profile-details\"> <div class=\"ti-name\"> Repiquet Julie <\/div> <div class=\"ti-date\">2024-10-13<\/div> <\/div> <\/div> <span class=\"ti-stars\"><span class=\"ti-star f\"><\/span><span class=\"ti-star f\"><\/span><span class=\"ti-star f\"><\/span><span class=\"ti-star f\"><\/span><span class=\"ti-star f\"><\/span><\/span> <div class=\"ti-review-text-container ti-review-content\"><!-- R-CONTENT -->Tr\u00e8s bon accompagnement de la part de Globalong, du premier jour avec toutes mes interrogations, jusqu'au d\u00e9part dans quelques jours. Le dossier transmis apr\u00e8s validation de la mission est plus que complet, les webmaster tr\u00e8s int\u00e9ressantes et permettent de d\u00e9charger mentalement ce genre de pr\u00e9paration, tout est pr\u00e9vu il n'y a plus qu'\u00e0 suivre ! Merci \u00e0 Florence de r\u00e9pondre \u00e0 toutes mes questions avec gentillesse et bienveillance, cela m'a permis de passer le cap!\nMaintenant, il n'y a plus qu'\u00e0 \ud83d\ude00<!-- R-CONTENT --><\/div> <span class=\"ti-read-more\" data-container=\".ti-review-content\" data-collapse-text=\"Cacher\" data-open-text=\"Lire la suite\" ><\/span> <\/div> <\/div>  <div data-empty=\"0\" class=\"ti-review-item source-Google ti-image-layout-thumbnail\" data-id=\"cfcd208495d565ef66e7dff9f98764da\" > <div class=\"ti-inner\"> <div class=\"ti-review-header\"> <div class=\"ti-profile-img\"> <img decoding=\"async\" src=\"https:\/\/lh3.googleusercontent.com\/a\/ACg8ocJJTdmTWs8nAA0yuH_cKOUgzc6GFAkHBiXhpnnVYXaWMBZsHw=s120-c-rp-mo-br100\" srcset=\"https:\/\/lh3.googleusercontent.com\/a\/ACg8ocJJTdmTWs8nAA0yuH_cKOUgzc6GFAkHBiXhpnnVYXaWMBZsHw=s120-c-rp-mo-br100 2x\" alt=\"Marine Guilhamat\" loading=\"lazy\" \/> <\/div> <div class=\"ti-profile-details\"> <div class=\"ti-name\"> Marine Guilhamat <\/div> <div class=\"ti-date\">2024-10-09<\/div> <\/div> <\/div> <span class=\"ti-stars\"><span class=\"ti-star f\"><\/span><span class=\"ti-star f\"><\/span><span class=\"ti-star f\"><\/span><span class=\"ti-star f\"><\/span><span class=\"ti-star f\"><\/span><\/span> <div class=\"ti-review-text-container ti-review-content\"><!-- R-CONTENT -->Tr\u00e8s belle association qui offre un cadre super s\u00e9curisant et permet de s\u2019investir dans des projets qui ont du sens. Merci \u00e0 l\u2019\u00e9quipe Globalong pour votre disponibilit\u00e9, gentillesse et accompagnement !<!-- R-CONTENT --><\/div> <span class=\"ti-read-more\" data-container=\".ti-review-content\" data-collapse-text=\"Cacher\" data-open-text=\"Lire la suite\" ><\/span> <\/div> <\/div>  <div data-empty=\"0\" class=\"ti-review-item source-Google ti-image-layout-thumbnail\" data-id=\"cfcd208495d565ef66e7dff9f98764da\" > <div class=\"ti-inner\"> <div class=\"ti-review-header\"> <div class=\"ti-profile-img\"> <img decoding=\"async\" src=\"https:\/\/lh3.googleusercontent.com\/a\/ACg8ocIgITHXKo46qgJyPqlJeAcxz11gCKUJpGIk2qauiIe2O3iZ6w=s120-c-rp-mo-br100\" srcset=\"https:\/\/lh3.googleusercontent.com\/a\/ACg8ocIgITHXKo46qgJyPqlJeAcxz11gCKUJpGIk2qauiIe2O3iZ6w=s120-c-rp-mo-br100 2x\" alt=\"Laura Mercier\" loading=\"lazy\" \/> <\/div> <div class=\"ti-profile-details\"> <div class=\"ti-name\"> Laura Mercier <\/div> <div class=\"ti-date\">2024-10-08<\/div> <\/div> <\/div> <span class=\"ti-stars\"><span class=\"ti-star f\"><\/span><span class=\"ti-star f\"><\/span><span class=\"ti-star f\"><\/span><span class=\"ti-star f\"><\/span><span class=\"ti-star f\"><\/span><\/span> <div class=\"ti-review-text-container ti-review-content\"><!-- R-CONTENT -->Mon d\u00e9part approche, je pars dans une semaine, et depuis le d\u00e9but de mon inscription je suis tr\u00e8s satisfaite du suivi effectu\u00e9 par l\u2019association. Ils sont tr\u00e8s disponibles et r\u00e9pondent rapidement \u00e0 l\u2019ensemble des questions. Je suis tr\u00e8s contente de partir faire cette mission humanitaire encadr\u00e9e par cette association. Je recommande vraiment.<!-- R-CONTENT --><\/div> <span class=\"ti-read-more\" data-container=\".ti-review-content\" data-collapse-text=\"Cacher\" data-open-text=\"Lire la suite\" ><\/span> <\/div> <\/div>  <div data-empty=\"0\" class=\"ti-review-item source-Google ti-image-layout-thumbnail\" data-id=\"cfcd208495d565ef66e7dff9f98764da\" > <div class=\"ti-inner\"> <div class=\"ti-review-header\"> <div class=\"ti-profile-img\"> <img decoding=\"async\" src=\"https:\/\/lh3.googleusercontent.com\/a-\/ALV-UjVVr0YMQhXl8QNEEB32l-rnoaYwvRZUjIEX9OEwPE_1fQwzIyk=s120-c-rp-mo-br100\" srcset=\"https:\/\/lh3.googleusercontent.com\/a-\/ALV-UjVVr0YMQhXl8QNEEB32l-rnoaYwvRZUjIEX9OEwPE_1fQwzIyk=s120-c-rp-mo-br100 2x\" alt=\"Anouk Rzkt\" loading=\"lazy\" \/> <\/div> <div class=\"ti-profile-details\"> <div class=\"ti-name\"> Anouk Rzkt <\/div> <div class=\"ti-date\">2024-10-02<\/div> <\/div> <\/div> <span class=\"ti-stars\"><span class=\"ti-star f\"><\/span><span class=\"ti-star f\"><\/span><span class=\"ti-star f\"><\/span><span class=\"ti-star f\"><\/span><span class=\"ti-star f\"><\/span><\/span> <div class=\"ti-review-text-container ti-review-content\"><!-- R-CONTENT -->Globalong est l'association parfaite. L'\u00e9quipe offre un v\u00e9ritable accompagnement rythm\u00e9 par beaucoup de conseils et d'\u00e9coute. Le site est tr\u00e8s bien fait avec des dossiers complets allant des sujets tr\u00e8s pratiques a d'autres plus th\u00e9oriques (tels que le choc culturel par exemple). Je recommande vivement et remercie sinc\u00e8rement toute l'\u00e9quipe pour leur gentillesse et investissement !<!-- R-CONTENT --><\/div> <span class=\"ti-read-more\" data-container=\".ti-review-content\" data-collapse-text=\"Cacher\" data-open-text=\"Lire la suite\" ><\/span> <\/div> <\/div>  <\/div> <div class=\"ti-controls-line\"> <div class=\"dot\"><\/div> <\/div> <\/div> <div class=\"ti-footer\"> <div class=\"ti-rating-text\"> <span class=\"nowrap\">\u00c9valuation <strong>Google<\/strong> : <\/span><span class=\"nowrap\"><strong>4.8<\/strong> sur 5, <\/span><span class=\"nowrap\">Bas\u00e9e sur <strong>240 avis<\/strong><\/span> <\/div> <\/div>  <\/div> <\/div> \n<p>\u00a0<\/p>\n","protected":false},"excerpt":{"rendered":"<p>International dag for b\u00f8rns rettigheder Introduktion Den 20. november markerer verden International dag for b\u00f8rns rettigheder. Det er en anledning til at minde os\u2026<\/p>\n","protected":false},"author":7,"featured_media":18957,"comment_status":"open","ping_status":"open","sticky":false,"template":"","format":"standard","meta":{"footnotes":""},"categories":[6,472,4],"tags":[],"yoast_head":"<!-- This site is optimized with the Yoast SEO Premium plugin v23.4 (Yoast SEO v23.4) - https:\/\/yoast.com\/wordpress\/plugins\/seo\/ -->\n<title>B\u00f8rns internationale dag: Vigtige temaer og udfordringer - VITA Explorers Blog<\/title>\n<meta name=\"description\" content=\"D\u00e9couvrez l&#039;importance de la Journ\u00e9e Internationale des droits de l&#039;enfant et comment elle promeut et prot\u00e8ge les droits des enfants en 2025\" \/>\n<meta name=\"robots\" content=\"index, follow, max-snippet:-1, max-image-preview:large, max-video-preview:-1\" \/>\n<link rel=\"canonical\" href=\"https:\/\/www.vita-explorers.dk\/blog\/international-boernedag\/\" \/>\n<meta property=\"og:locale\" content=\"da_DK\" \/>\n<meta property=\"og:type\" content=\"article\" \/>\n<meta property=\"og:title\" content=\"International dag for b\u00f8rns rettigheder\" \/>\n<meta property=\"og:description\" content=\"D\u00e9couvrez l&#039;importance de la Journ\u00e9e Internationale des droits de l&#039;enfant et comment elle promeut et prot\u00e8ge les droits des enfants en 2025\" \/>\n<meta property=\"og:url\" content=\"https:\/\/www.vita-explorers.dk\/blog\/international-boernedag\/\" \/>\n<meta property=\"og:site_name\" content=\"VITA Explorers Blog\" \/>\n<meta property=\"article:publisher\" content=\"https:\/\/www.facebook.com\/globalong\" \/>\n<meta property=\"article:published_time\" content=\"2024-11-19T23:24:28+00:00\" \/>\n<meta property=\"article:modified_time\" content=\"2025-10-29T16:32:19+00:00\" \/>\n<meta property=\"og:image\" content=\"https:\/\/www.vita-explorers.dk\/blog\/wp-content\/uploads\/2024\/11\/DALL\u00b7E-2024-11-19-13.53.36-A-heartwarming-scene-illustrating-the-Journee-Internationale-des-droits-de-lenfant.-The-image-shows-a-diverse-group-of-children-smiling-and-engaged-.webp\" \/>\n\t<meta property=\"og:image:width\" content=\"1024\" \/>\n\t<meta property=\"og:image:height\" content=\"1024\" \/>\n\t<meta property=\"og:image:type\" content=\"image\/webp\" \/>\n<meta name=\"author\" content=\"VITA Tribe\" \/>\n<meta name=\"twitter:card\" content=\"summary_large_image\" \/>\n<meta name=\"twitter:label1\" content=\"Skrevet af\" \/>\n\t<meta name=\"twitter:data1\" content=\"VITA Tribe\" \/>\n\t<meta name=\"twitter:label2\" content=\"Estimeret l\u00e6setid\" \/>\n\t<meta name=\"twitter:data2\" content=\"7 minutter\" \/>\n<script type=\"application\/ld+json\" class=\"yoast-schema-graph\">{\"@context\":\"https:\/\/schema.org\",\"@graph\":[{\"@type\":\"Article\",\"@id\":\"https:\/\/www.vita-explorers.dk\/blog\/international-boernedag\/#article\",\"isPartOf\":{\"@id\":\"https:\/\/www.vita-explorers.dk\/blog\/international-boernedag\/\"},\"author\":{\"name\":\"VITA Tribe\",\"@id\":\"https:\/\/www.vita-explorers.dk\/blog\/#\/schema\/person\/fc0343a2f2db2ebb2793c1f62dbe73f0\"},\"headline\":\"International dag for b\u00f8rns rettigheder\",\"datePublished\":\"2024-11-19T23:24:28+00:00\",\"dateModified\":\"2025-10-29T16:32:19+00:00\",\"mainEntityOfPage\":{\"@id\":\"https:\/\/www.vita-explorers.dk\/blog\/international-boernedag\/\"},\"wordCount\":1404,\"commentCount\":0,\"publisher\":{\"@id\":\"https:\/\/www.vita-explorers.dk\/blog\/#organization\"},\"image\":{\"@id\":\"https:\/\/www.vita-explorers.dk\/blog\/international-boernedag\/#primaryimage\"},\"thumbnailUrl\":\"https:\/\/www.vita-explorers.dk\/blog\/wp-content\/uploads\/2024\/11\/DALL\u00b7E-2024-11-19-13.53.36-A-heartwarming-scene-illustrating-the-Journee-Internationale-des-droits-de-lenfant.-The-image-shows-a-diverse-group-of-children-smiling-and-engaged-.webp\",\"articleSection\":[\"Nyheder\",\"Oplysning\",\"VITA Explorers\"],\"inLanguage\":\"da-DK\",\"potentialAction\":[{\"@type\":\"CommentAction\",\"name\":\"Comment\",\"target\":[\"https:\/\/www.vita-explorers.dk\/blog\/international-boernedag\/#respond\"]}]},{\"@type\":\"WebPage\",\"@id\":\"https:\/\/www.vita-explorers.dk\/blog\/international-boernedag\/\",\"url\":\"https:\/\/www.vita-explorers.dk\/blog\/international-boernedag\/\",\"name\":\"B\u00f8rns internationale dag: Vigtige temaer og udfordringer - VITA Explorers Blog\",\"isPartOf\":{\"@id\":\"https:\/\/www.vita-explorers.dk\/blog\/#website\"},\"primaryImageOfPage\":{\"@id\":\"https:\/\/www.vita-explorers.dk\/blog\/international-boernedag\/#primaryimage\"},\"image\":{\"@id\":\"https:\/\/www.vita-explorers.dk\/blog\/international-boernedag\/#primaryimage\"},\"thumbnailUrl\":\"https:\/\/www.vita-explorers.dk\/blog\/wp-content\/uploads\/2024\/11\/DALL\u00b7E-2024-11-19-13.53.36-A-heartwarming-scene-illustrating-the-Journee-Internationale-des-droits-de-lenfant.-The-image-shows-a-diverse-group-of-children-smiling-and-engaged-.webp\",\"datePublished\":\"2024-11-19T23:24:28+00:00\",\"dateModified\":\"2025-10-29T16:32:19+00:00\",\"description\":\"D\u00e9couvrez l'importance de la Journ\u00e9e Internationale des droits de l'enfant et comment elle promeut et prot\u00e8ge les droits des enfants en 2025\",\"breadcrumb\":{\"@id\":\"https:\/\/www.vita-explorers.dk\/blog\/international-boernedag\/#breadcrumb\"},\"inLanguage\":\"da-DK\",\"potentialAction\":[{\"@type\":\"ReadAction\",\"target\":[\"https:\/\/www.vita-explorers.dk\/blog\/international-boernedag\/\"]}]},{\"@type\":\"ImageObject\",\"inLanguage\":\"da-DK\",\"@id\":\"https:\/\/www.vita-explorers.dk\/blog\/international-boernedag\/#primaryimage\",\"url\":\"https:\/\/www.vita-explorers.dk\/blog\/wp-content\/uploads\/2024\/11\/DALL\u00b7E-2024-11-19-13.53.36-A-heartwarming-scene-illustrating-the-Journee-Internationale-des-droits-de-lenfant.-The-image-shows-a-diverse-group-of-children-smiling-and-engaged-.webp\",\"contentUrl\":\"https:\/\/www.vita-explorers.dk\/blog\/wp-content\/uploads\/2024\/11\/DALL\u00b7E-2024-11-19-13.53.36-A-heartwarming-scene-illustrating-the-Journee-Internationale-des-droits-de-lenfant.-The-image-shows-a-diverse-group-of-children-smiling-and-engaged-.webp\",\"width\":1024,\"height\":1024,\"caption\":\"Le 20 novembre, journ\u00e9e internationale des droits de l'enfant\"},{\"@type\":\"BreadcrumbList\",\"@id\":\"https:\/\/www.vita-explorers.dk\/blog\/international-boernedag\/#breadcrumb\",\"itemListElement\":[{\"@type\":\"ListItem\",\"position\":1,\"name\":\"Accueil\",\"item\":\"https:\/\/www.vita-explorers.dk\/blog\/\"},{\"@type\":\"ListItem\",\"position\":2,\"name\":\"International dag for b\u00f8rns rettigheder\"}]},{\"@type\":\"WebSite\",\"@id\":\"https:\/\/www.vita-explorers.dk\/blog\/#website\",\"url\":\"https:\/\/www.vita-explorers.dk\/blog\/\",\"name\":\"Association Globalong\",\"description\":\"Frivilligt arbejde, sprogophold, praktik i udlandet og internationale oplevelser\",\"publisher\":{\"@id\":\"https:\/\/www.vita-explorers.dk\/blog\/#organization\"},\"potentialAction\":[{\"@type\":\"SearchAction\",\"target\":{\"@type\":\"EntryPoint\",\"urlTemplate\":\"https:\/\/www.vita-explorers.dk\/blog\/?s={search_term_string}\"},\"query-input\":{\"@type\":\"PropertyValueSpecification\",\"valueRequired\":true,\"valueName\":\"search_term_string\"}}],\"inLanguage\":\"da-DK\"},{\"@type\":\"Organization\",\"@id\":\"https:\/\/www.vita-explorers.dk\/blog\/#organization\",\"name\":\"Association Globalong\",\"url\":\"https:\/\/www.vita-explorers.dk\/blog\/\",\"logo\":{\"@type\":\"ImageObject\",\"inLanguage\":\"da-DK\",\"@id\":\"https:\/\/www.vita-explorers.dk\/blog\/#\/schema\/logo\/image\/\",\"url\":\"https:\/\/www.globalong.com\/blog\/wp-content\/uploads\/2014\/11\/cropped-cropped-Logo-et-Afrique-Globalong-petite-taille-2.jpg\",\"contentUrl\":\"https:\/\/www.globalong.com\/blog\/wp-content\/uploads\/2014\/11\/cropped-cropped-Logo-et-Afrique-Globalong-petite-taille-2.jpg\",\"width\":512,\"height\":512,\"caption\":\"Association Globalong\"},\"image\":{\"@id\":\"https:\/\/www.vita-explorers.dk\/blog\/#\/schema\/logo\/image\/\"},\"sameAs\":[\"https:\/\/www.facebook.com\/globalong\"]},{\"@type\":\"Person\",\"@id\":\"https:\/\/www.vita-explorers.dk\/blog\/#\/schema\/person\/fc0343a2f2db2ebb2793c1f62dbe73f0\",\"name\":\"VITA Tribe\",\"image\":{\"@type\":\"ImageObject\",\"inLanguage\":\"da-DK\",\"@id\":\"https:\/\/www.vita-explorers.dk\/blog\/#\/schema\/person\/image\/\",\"url\":\"https:\/\/secure.gravatar.com\/avatar\/f7f05026bb439d0c96b30e135e5f852c?s=96&d=mm&r=g\",\"contentUrl\":\"https:\/\/secure.gravatar.com\/avatar\/f7f05026bb439d0c96b30e135e5f852c?s=96&d=mm&r=g\",\"caption\":\"VITA Tribe\"},\"sameAs\":[\"http:\/\/www.globalong.com\"],\"url\":\"https:\/\/www.vita-explorers.dk\/blog\/author\/teamglobalong\/\"}]}<\/script>\n<!-- \/ Yoast SEO Premium plugin. -->","yoast_head_json":{"title":"B\u00f8rns internationale dag: Vigtige temaer og udfordringer - VITA Explorers Blog","description":"D\u00e9couvrez l'importance de la Journ\u00e9e Internationale des droits de l'enfant et comment elle promeut et prot\u00e8ge les droits des enfants en 2025","robots":{"index":"index","follow":"follow","max-snippet":"max-snippet:-1","max-image-preview":"max-image-preview:large","max-video-preview":"max-video-preview:-1"},"canonical":"https:\/\/www.vita-explorers.dk\/blog\/international-boernedag\/","og_locale":"da_DK","og_type":"article","og_title":"International dag for b\u00f8rns rettigheder","og_description":"D\u00e9couvrez l'importance de la Journ\u00e9e Internationale des droits de l'enfant et comment elle promeut et prot\u00e8ge les droits des enfants en 2025","og_url":"https:\/\/www.vita-explorers.dk\/blog\/international-boernedag\/","og_site_name":"VITA Explorers Blog","article_publisher":"https:\/\/www.facebook.com\/globalong","article_published_time":"2024-11-19T23:24:28+00:00","article_modified_time":"2025-10-29T16:32:19+00:00","og_image":[{"width":1024,"height":1024,"url":"https:\/\/www.vita-explorers.dk\/blog\/wp-content\/uploads\/2024\/11\/DALL\u00b7E-2024-11-19-13.53.36-A-heartwarming-scene-illustrating-the-Journee-Internationale-des-droits-de-lenfant.-The-image-shows-a-diverse-group-of-children-smiling-and-engaged-.webp","type":"image\/webp"}],"author":"VITA Tribe","twitter_card":"summary_large_image","twitter_misc":{"Skrevet af":"VITA Tribe","Estimeret l\u00e6setid":"7 minutter"},"schema":{"@context":"https:\/\/schema.org","@graph":[{"@type":"Article","@id":"https:\/\/www.vita-explorers.dk\/blog\/international-boernedag\/#article","isPartOf":{"@id":"https:\/\/www.vita-explorers.dk\/blog\/international-boernedag\/"},"author":{"name":"VITA Tribe","@id":"https:\/\/www.vita-explorers.dk\/blog\/#\/schema\/person\/fc0343a2f2db2ebb2793c1f62dbe73f0"},"headline":"International dag for b\u00f8rns rettigheder","datePublished":"2024-11-19T23:24:28+00:00","dateModified":"2025-10-29T16:32:19+00:00","mainEntityOfPage":{"@id":"https:\/\/www.vita-explorers.dk\/blog\/international-boernedag\/"},"wordCount":1404,"commentCount":0,"publisher":{"@id":"https:\/\/www.vita-explorers.dk\/blog\/#organization"},"image":{"@id":"https:\/\/www.vita-explorers.dk\/blog\/international-boernedag\/#primaryimage"},"thumbnailUrl":"https:\/\/www.vita-explorers.dk\/blog\/wp-content\/uploads\/2024\/11\/DALL\u00b7E-2024-11-19-13.53.36-A-heartwarming-scene-illustrating-the-Journee-Internationale-des-droits-de-lenfant.-The-image-shows-a-diverse-group-of-children-smiling-and-engaged-.webp","articleSection":["Nyheder","Oplysning","VITA Explorers"],"inLanguage":"da-DK","potentialAction":[{"@type":"CommentAction","name":"Comment","target":["https:\/\/www.vita-explorers.dk\/blog\/international-boernedag\/#respond"]}]},{"@type":"WebPage","@id":"https:\/\/www.vita-explorers.dk\/blog\/international-boernedag\/","url":"https:\/\/www.vita-explorers.dk\/blog\/international-boernedag\/","name":"B\u00f8rns internationale dag: Vigtige temaer og udfordringer - VITA Explorers Blog","isPartOf":{"@id":"https:\/\/www.vita-explorers.dk\/blog\/#website"},"primaryImageOfPage":{"@id":"https:\/\/www.vita-explorers.dk\/blog\/international-boernedag\/#primaryimage"},"image":{"@id":"https:\/\/www.vita-explorers.dk\/blog\/international-boernedag\/#primaryimage"},"thumbnailUrl":"https:\/\/www.vita-explorers.dk\/blog\/wp-content\/uploads\/2024\/11\/DALL\u00b7E-2024-11-19-13.53.36-A-heartwarming-scene-illustrating-the-Journee-Internationale-des-droits-de-lenfant.-The-image-shows-a-diverse-group-of-children-smiling-and-engaged-.webp","datePublished":"2024-11-19T23:24:28+00:00","dateModified":"2025-10-29T16:32:19+00:00","description":"D\u00e9couvrez l'importance de la Journ\u00e9e Internationale des droits de l'enfant et comment elle promeut et prot\u00e8ge les droits des enfants en 2025","breadcrumb":{"@id":"https:\/\/www.vita-explorers.dk\/blog\/international-boernedag\/#breadcrumb"},"inLanguage":"da-DK","potentialAction":[{"@type":"ReadAction","target":["https:\/\/www.vita-explorers.dk\/blog\/international-boernedag\/"]}]},{"@type":"ImageObject","inLanguage":"da-DK","@id":"https:\/\/www.vita-explorers.dk\/blog\/international-boernedag\/#primaryimage","url":"https:\/\/www.vita-explorers.dk\/blog\/wp-content\/uploads\/2024\/11\/DALL\u00b7E-2024-11-19-13.53.36-A-heartwarming-scene-illustrating-the-Journee-Internationale-des-droits-de-lenfant.-The-image-shows-a-diverse-group-of-children-smiling-and-engaged-.webp","contentUrl":"https:\/\/www.vita-explorers.dk\/blog\/wp-content\/uploads\/2024\/11\/DALL\u00b7E-2024-11-19-13.53.36-A-heartwarming-scene-illustrating-the-Journee-Internationale-des-droits-de-lenfant.-The-image-shows-a-diverse-group-of-children-smiling-and-engaged-.webp","width":1024,"height":1024,"caption":"Le 20 novembre, journ\u00e9e internationale des droits de l'enfant"},{"@type":"BreadcrumbList","@id":"https:\/\/www.vita-explorers.dk\/blog\/international-boernedag\/#breadcrumb","itemListElement":[{"@type":"ListItem","position":1,"name":"Accueil","item":"https:\/\/www.vita-explorers.dk\/blog\/"},{"@type":"ListItem","position":2,"name":"International dag for b\u00f8rns rettigheder"}]},{"@type":"WebSite","@id":"https:\/\/www.vita-explorers.dk\/blog\/#website","url":"https:\/\/www.vita-explorers.dk\/blog\/","name":"Association Globalong","description":"Frivilligt arbejde, sprogophold, praktik i udlandet og internationale oplevelser","publisher":{"@id":"https:\/\/www.vita-explorers.dk\/blog\/#organization"},"potentialAction":[{"@type":"SearchAction","target":{"@type":"EntryPoint","urlTemplate":"https:\/\/www.vita-explorers.dk\/blog\/?s={search_term_string}"},"query-input":{"@type":"PropertyValueSpecification","valueRequired":true,"valueName":"search_term_string"}}],"inLanguage":"da-DK"},{"@type":"Organization","@id":"https:\/\/www.vita-explorers.dk\/blog\/#organization","name":"Association Globalong","url":"https:\/\/www.vita-explorers.dk\/blog\/","logo":{"@type":"ImageObject","inLanguage":"da-DK","@id":"https:\/\/www.vita-explorers.dk\/blog\/#\/schema\/logo\/image\/","url":"https:\/\/www.globalong.com\/blog\/wp-content\/uploads\/2014\/11\/cropped-cropped-Logo-et-Afrique-Globalong-petite-taille-2.jpg","contentUrl":"https:\/\/www.globalong.com\/blog\/wp-content\/uploads\/2014\/11\/cropped-cropped-Logo-et-Afrique-Globalong-petite-taille-2.jpg","width":512,"height":512,"caption":"Association Globalong"},"image":{"@id":"https:\/\/www.vita-explorers.dk\/blog\/#\/schema\/logo\/image\/"},"sameAs":["https:\/\/www.facebook.com\/globalong"]},{"@type":"Person","@id":"https:\/\/www.vita-explorers.dk\/blog\/#\/schema\/person\/fc0343a2f2db2ebb2793c1f62dbe73f0","name":"VITA Tribe","image":{"@type":"ImageObject","inLanguage":"da-DK","@id":"https:\/\/www.vita-explorers.dk\/blog\/#\/schema\/person\/image\/","url":"https:\/\/secure.gravatar.com\/avatar\/f7f05026bb439d0c96b30e135e5f852c?s=96&d=mm&r=g","contentUrl":"https:\/\/secure.gravatar.com\/avatar\/f7f05026bb439d0c96b30e135e5f852c?s=96&d=mm&r=g","caption":"VITA Tribe"},"sameAs":["http:\/\/www.globalong.com"],"url":"https:\/\/www.vita-explorers.dk\/blog\/author\/teamglobalong\/"}]}},"_links":{"self":[{"href":"https:\/\/www.vita-explorers.dk\/blog\/wp-json\/wp\/v2\/posts\/18956"}],"collection":[{"href":"https:\/\/www.vita-explorers.dk\/blog\/wp-json\/wp\/v2\/posts"}],"about":[{"href":"https:\/\/www.vita-explorers.dk\/blog\/wp-json\/wp\/v2\/types\/post"}],"author":[{"embeddable":true,"href":"https:\/\/www.vita-explorers.dk\/blog\/wp-json\/wp\/v2\/users\/7"}],"replies":[{"embeddable":true,"href":"https:\/\/www.vita-explorers.dk\/blog\/wp-json\/wp\/v2\/comments?post=18956"}],"version-history":[{"count":8,"href":"https:\/\/www.vita-explorers.dk\/blog\/wp-json\/wp\/v2\/posts\/18956\/revisions"}],"predecessor-version":[{"id":22198,"href":"https:\/\/www.vita-explorers.dk\/blog\/wp-json\/wp\/v2\/posts\/18956\/revisions\/22198"}],"wp:featuredmedia":[{"embeddable":true,"href":"https:\/\/www.vita-explorers.dk\/blog\/wp-json\/wp\/v2\/media\/18957"}],"wp:attachment":[{"href":"https:\/\/www.vita-explorers.dk\/blog\/wp-json\/wp\/v2\/media?parent=18956"}],"wp:term":[{"taxonomy":"category","embeddable":true,"href":"https:\/\/www.vita-explorers.dk\/blog\/wp-json\/wp\/v2\/categories?post=18956"},{"taxonomy":"post_tag","embeddable":true,"href":"https:\/\/www.vita-explorers.dk\/blog\/wp-json\/wp\/v2\/tags?post=18956"}],"curies":[{"name":"wp","href":"https:\/\/api.w.org\/{rel}","templated":true}]}}