{"id":19512,"date":"2024-12-08T01:32:58","date_gmt":"2024-12-08T00:32:58","guid":{"rendered":"https:\/\/www.globalong.com\/blog\/?p=19512"},"modified":"2024-12-10T11:18:14","modified_gmt":"2024-12-10T10:18:14","slug":"tag-del-i-internationalt-forloeb","status":"publish","type":"post","link":"https:\/\/www.vita-explorers.dk\/blog\/tag-del-i-internationalt-forloeb\/","title":{"rendered":"Tag afsted p\u00e5 et ansvarligt ophold"},"content":{"rendered":"<p><!-- D\u00e9but de l'article --><\/p>\n<h1>Tag af sted p\u00e5 et humanit\u00e6rt forl\u00f8b: Alt du skal vide<\/h1>\n<p><em>Find ud af, hvordan <strong>at tage p\u00e5 et humanit\u00e6rt forl\u00f8b<\/strong> kan g\u00f8re en forskel \u2013 for dig og for andre. Denne guide hj\u00e6lper dig hele vejen: motivation, forberedelse, udfordringer samt personlige og faglige gevinster.<\/em><\/p>\n<p><iframe loading=\"lazy\" title=\"Mission au Togo avec Julia :)\" width=\"500\" height=\"281\" src=\"https:\/\/www.youtube.com\/embed\/5KkwktXHd4c?feature=oembed\" frameborder=\"0\" allow=\"accelerometer; autoplay; clipboard-write; encrypted-media; gyroscope; picture-in-picture; web-share\" referrerpolicy=\"strict-origin-when-cross-origin\" allowfullscreen><\/iframe><\/p>\n<hr \/>\n<h2>Indholdsfortegnelse<\/h2>\n<ul>\n<li><a href=\"#introduction\">Introduktion: Kernen i humanit\u00e6rt frivilligt arbejde<\/a><\/li>\n<li><a href=\"#motivations\">Motivation for at tage af sted p\u00e5 et humanit\u00e6rt forl\u00f8b<\/a>\n<ul>\n<li><a href=\"#altruisme\">Omsorg og solidaritet<\/a><\/li>\n<li><a href=\"#developpement-personnel\">Personlig udvikling<\/a><\/li>\n<li><a href=\"#aventure-culturelle\">Eventyr og kulturm\u00f8der<\/a><\/li>\n<li><a href=\"#experience-professionnelle\">Faglig erfaring<\/a><\/li>\n<li><a href=\"#impact-global\">At bidrage til en st\u00f8rre indsats<\/a><\/li>\n<\/ul>\n<\/li>\n<li><a href=\"#preparatifs\">N\u00f8dvendige forberedelser til et humanit\u00e6rt ophold<\/a>\n<ul>\n<li><a href=\"#choix-organisation\">Valg af organisation og program<\/a><\/li>\n<li><a href=\"#formalites-administratives\">Praktiske formaliteter<\/a><\/li>\n<li><a href=\"#sante\">Sundhed og vaccinationer<\/a><\/li>\n<li><a href=\"#formation\">Tr\u00e6ning og kompetencer<\/a><\/li>\n<li><a href=\"#financement\">Finansiering af opholdet<\/a><\/li>\n<li><a href=\"#assurance\">Forsikring og sikkerhed<\/a><\/li>\n<li><a href=\"#logistique\">Logistik og bagage<\/a><\/li>\n<li><a href=\"#culture-locale\">Indblik i lokal kultur<\/a><\/li>\n<\/ul>\n<\/li>\n<li><a href=\"#defis\">Udfordringer, du b\u00f8r forberede dig p\u00e5<\/a>\n<ul>\n<li><a href=\"#choc-culturel\">Kulturchok<\/a><\/li>\n<li><a href=\"#conditions-vie\">Enklere levevilk\u00e5r<\/a><\/li>\n<li><a href=\"#barriere-linguistique\">Sprogbarriere<\/a><\/li>\n<li><a href=\"#emotions\">At h\u00e5ndtere f\u00f8lelser<\/a><\/li>\n<li><a href=\"#securite\">Sikkerhed i praksis<\/a><\/li>\n<li><a href=\"#ethique\">Etiske overvejelser<\/a><\/li>\n<\/ul>\n<\/li>\n<li><a href=\"#benefices\">Personlige og faglige gevinster ved et humanit\u00e6rt forl\u00f8b<\/a>\n<ul>\n<li><a href=\"#competences\">Nye kompetencer<\/a><\/li>\n<li><a href=\"#developpement-personnel-benefices\">Personlig udvikling<\/a><\/li>\n<li><a href=\"#reseau\">St\u00f8rre fagligt netv\u00e6rk<\/a><\/li>\n<li><a href=\"#employabilite\">Styrket employability<\/a><\/li>\n<li><a href=\"#satisfaction-personnelle\">Personlig tilfredshed og mening<\/a><\/li>\n<\/ul>\n<\/li>\n<li><a href=\"#temoignages\">Oplevelser: inspirerende historier<\/a><\/li>\n<li><a href=\"#conclusion\">Afrunding: Klar til at tage n\u00e6ste skridt?<\/a><\/li>\n<li><a href=\"#faq\">FAQ<\/a><\/li>\n<\/ul>\n<hr \/>\n<h2 id=\"introduction\">Introduktion: Kernen i humanit\u00e6rt frivilligt arbejde<\/h2>\n<p><strong>Humanit\u00e6rt frivilligt arbejde<\/strong> handler om at bruge tid, kompetencer og energi p\u00e5 at st\u00f8tte mennesker og f\u00e6llesskaber, hvor der er behov. At tage p\u00e5 et <a href=\"https:\/\/www.vita-explorers.dk\/blog\/humanit\u00e6rt-ophold-i-udlandet\/\" target=\"_blank\" rel=\"noopener\">humanit\u00e6rt forl\u00f8b<\/a> er samtidig et internationalt ophold, der giver nye perspektiver gennem kulturudveksling, samarbejde og l\u00e6ring.<\/p>\n<p>Uanset om du engagerer dig i forbindelse med en krise, vil st\u00f8tte lokale udviklingsinitiativer eller deltage i milj\u00f8projekter, findes der mange forskellige internationale forl\u00f8b for dig, der \u00f8nsker at bidrage p\u00e5 en ansvarlig m\u00e5de.<\/p>\n<p><img loading=\"lazy\" decoding=\"async\" class=\"aligncenter wp-image-19331 size-medium\" src=\"https:\/\/www.vita-explorers.dk\/blog\/wp-content\/uploads\/2024\/11\/35771816284_387dfb142d-300x179.jpg\" alt=\"Volontaire en mission au Maroc\" width=\"300\" height=\"179\" srcset=\"https:\/\/www.vita-explorers.dk\/blog\/wp-content\/uploads\/2024\/11\/35771816284_387dfb142d-300x179.jpg 300w, https:\/\/www.vita-explorers.dk\/blog\/wp-content\/uploads\/2024\/11\/35771816284_387dfb142d.jpg 500w\" sizes=\"(max-width: 300px) 100vw, 300px\" \/><\/p>\n<hr \/>\n<h2 id=\"motivations\">Motivation for at tage af sted p\u00e5 et humanit\u00e6rt forl\u00f8b<\/h2>\n<h3 id=\"altruisme\"><strong>Omsorg og solidaritet<\/strong><\/h3>\n<ul>\n<li><strong>At hj\u00e6lpe andre<\/strong> : \u00f8nsket om at bidrage positivt til andres hverdag.<\/li>\n<li><strong>Internationalt engagement<\/strong> : at v\u00e6re en del af en f\u00e6lles indsats for en mere fair verden.<\/li>\n<li><strong>Social retf\u00e6rdighed<\/strong> : at arbejde for at mindske ulighed og uretf\u00e6rdighed.<\/li>\n<li><strong>Ansvarsf\u00f8lelse<\/strong> : en oplevelse af at have et medmenneskeligt ansvar.<\/li>\n<li><strong>Empati<\/strong> : at forst\u00e5 og tage hensyn til andres behov.<\/li>\n<\/ul>\n<h3 id=\"developpement-personnel\"><strong>Personlig udvikling<\/strong><\/h3>\n<ul>\n<li><strong>Selvtillid<\/strong> : at styrke sin tro p\u00e5 egne evner gennem nye udfordringer.<\/li>\n<li><strong>Robusthed<\/strong> : at l\u00e6re at omstille sig i forskellige \u2013 og til tider kr\u00e6vende \u2013 situationer.<\/li>\n<li><strong>Menneskelige kompetencer<\/strong> : at blive bedre til kommunikation og samarbejde.<\/li>\n<li><strong>Selvst\u00e6ndighed<\/strong> : at tage ansvar og st\u00e5 mere p\u00e5 egne ben.<\/li>\n<li><strong>\u00c5benhed<\/strong> : at udvide sit blik p\u00e5 verden.<\/li>\n<\/ul>\n<h3 id=\"aventure-culturelle\"><strong>Eventyr og kulturm\u00f8der<\/strong><\/h3>\n<ul>\n<li><strong>Rejse<\/strong> : at opleve nye lande og landskaber.<\/li>\n<li><strong>Kulturel fordybelse<\/strong> : at v\u00e6re t\u00e6t p\u00e5 hverdagen i lokale f\u00e6llesskaber.<\/li>\n<li><strong>Sprog<\/strong> : at l\u00e6re eller blive bedre til et fremmedsprog \u2013 et sprogophold i praksis.<\/li>\n<li><strong>Oplevelser<\/strong> : at pr\u00f8ve noget, der ligger uden for det vante.<\/li>\n<li><strong>Madkultur<\/strong> : at smage nye retter og forst\u00e5 traditioner omkring mad.<\/li>\n<\/ul>\n<h3 id=\"experience-professionnelle\"><strong>Faglig erfaring<\/strong><\/h3>\n<ul>\n<li><strong>Kompetenceudvikling<\/strong> : at opbygge b\u00e5de praktiske og menneskelige f\u00e6rdigheder.<\/li>\n<li><strong>International erfaring<\/strong> : <a href=\"https:\/\/www.vita-explorers.dk\/blog\/VITA-tips: S\u00e5dan fremh\u00e6ver du dit engagement som deltager p\u00e5 LinkedIn\/\" target=\"_blank\" rel=\"noopener\">at styrke dit CV<\/a> med erfaring fra udlandet.<\/li>\n<li><strong>Netv\u00e6rk<\/strong> : at m\u00f8de fagfolk og engagerede mennesker i feltet.<\/li>\n<li><strong>Karriereafklaring<\/strong> : at bekr\u00e6fte \u2013 eller opdage \u2013 en retning, der giver mening.<\/li>\n<li><a href=\"https:\/\/www.vita-explorers.dk\/blog\/tv\u00e6rg\u00e5ende-kompetencer-soft-skills\/\" target=\"_blank\" rel=\"noopener\"><strong>Lederskab<\/strong> <\/a>: at tage initiativ og ansvar, n\u00e5r der er behov.<\/li>\n<\/ul>\n<h3 id=\"impact-global\"><strong>At bidrage til en st\u00f8rre indsats<\/strong><\/h3>\n<ul>\n<li><strong>Verdensm\u00e5lene<\/strong> : <a href=\"https:\/\/www.vita-explorers.dk\/blog\/m\u00e5l-for-at-redde-verden-fn\/\" target=\"_blank\" rel=\"noopener\">at st\u00f8tte FN\u2019s verdensm\u00e5l (SDG).<\/a><\/li>\n<li><strong>Milj\u00f8<\/strong> : at bidrage til at passe p\u00e5 natur og ressourcer.<\/li>\n<li><strong>Menneskerettigheder<\/strong> : at st\u00f8tte grundl\u00e6ggende rettigheder.<\/li>\n<li><strong>Uddannelse<\/strong> : at styrke adgang til l\u00e6ring og undervisning.<\/li>\n<li><strong>Sundhed<\/strong> : at forbedre sundhedsforhold for s\u00e5rbare grupper.<\/li>\n<\/ul>\n<p><img loading=\"lazy\" decoding=\"async\" class=\"aligncenter wp-image-16636 size-medium\" src=\"https:\/\/www.vita-explorers.dk\/blog\/wp-content\/uploads\/2024\/05\/Sophie-Togo-300x300.png\" alt=\"Volontariat au Togo\" width=\"300\" height=\"300\" srcset=\"https:\/\/www.vita-explorers.dk\/blog\/wp-content\/uploads\/2024\/05\/Sophie-Togo-300x300.png 300w, https:\/\/www.vita-explorers.dk\/blog\/wp-content\/uploads\/2024\/05\/Sophie-Togo-1024x1024.png 1024w, https:\/\/www.vita-explorers.dk\/blog\/wp-content\/uploads\/2024\/05\/Sophie-Togo-150x150.png 150w, https:\/\/www.vita-explorers.dk\/blog\/wp-content\/uploads\/2024\/05\/Sophie-Togo-768x768.png 768w, https:\/\/www.vita-explorers.dk\/blog\/wp-content\/uploads\/2024\/05\/Sophie-Togo.png 1080w\" sizes=\"(max-width: 300px) 100vw, 300px\" \/><\/p>\n<hr \/>\n<h2 id=\"preparatifs\">N\u00f8dvendige forberedelser til et humanit\u00e6rt ophold<\/h2>\n<h3 id=\"choix-organisation\"><strong>Valg af organisation og program<\/strong><\/h3>\n<p>Valget af organisation har stor betydning for, om dit ophold bliver godt og ansvarligt. Her er nogle kriterier, du kan l\u00e6ne dig op ad:<\/p>\n<ul>\n<li><strong>Gennemsigtighed<\/strong> : s\u00f8rg for, at der er klarhed om \u00f8konomi, prioriteringer og resultater.<\/li>\n<li><strong>Omd\u00f8mme<\/strong> : l\u00e6s erfaringer fra tidligere deltagere.<\/li>\n<li><strong>Match<\/strong> : v\u00e6lg et program, der passer til dine kompetencer og din motivation.<\/li>\n<li><strong>St\u00f8tte<\/strong> : tjek hvilket niveau af forberedelse og st\u00f8tte, der tilbydes f\u00f8r og under opholdet.<\/li>\n<li><strong>Lokal forankring<\/strong> : v\u00e6lg gerne forl\u00f8b, hvor aktiviteterne drives lokalt og tager udgangspunkt i reelle behov.<\/li>\n<\/ul>\n<h3 id=\"formalites-administratives\"><strong>Praktiske formaliteter<\/strong><\/h3>\n<ul>\n<li><strong>Pas<\/strong> : tjek at dit pas er gyldigt (ofte mindst 6 m\u00e5neder efter hjemrejsedato).<\/li>\n<li><strong>Visum<\/strong> : unders\u00f8g visumkrav for destinationen i god tid.<\/li>\n<li><strong>Arbejdstilladelse<\/strong> : nogle lande kr\u00e6ver tilladelse \u2013 ogs\u00e5 ved frivilligt arbejde.<\/li>\n<li><strong>Sundhedsdokumenter<\/strong> : hav dit vaccinationskort og relevante dokumenter klar.<\/li>\n<li><strong>Forsikring<\/strong> : <a href=\"https:\/\/www.vita-explorers.dk\/blog\/rejseforsikring-og-vacciner-paa-et-internationalt-forloeb\/\" target=\"_blank\" rel=\"noopener\">tegn en rejse- og sygeforsikring<\/a>, der passer til et l\u00e6ngere ophold.<\/li>\n<\/ul>\n<h3 id=\"sante\"><strong>Sundhed og vaccinationer<\/strong><\/h3>\n<ul>\n<li><strong>L\u00e6gekonsultation<\/strong> : tal med en l\u00e6ge med viden om rejsemedicin.<\/li>\n<li><strong>Obligatoriske vaccinationer<\/strong> : f\u00e5 overblik over krav og anbefalinger (fx gul feber, hepatitis).<\/li>\n<li><strong>Forebyggende behandling<\/strong> : unders\u00f8g behov for fx malariaforebyggelse.<\/li>\n<li><strong>F\u00f8rstehj\u00e6lpskit<\/strong> : pak efter forholdene i omr\u00e5det.<\/li>\n<li><strong>Sundhedsforsikring<\/strong> : tjek at du er d\u00e6kket for behandling i udlandet.<\/li>\n<\/ul>\n<h3 id=\"formation\"><strong>Tr\u00e6ning og kompetencer<\/strong><\/h3>\n<ul>\n<li><strong>Forberedelse f\u00f8r afrejse<\/strong> : nogle organisationer tilbyder m\u00e5lrettet tr\u00e6ning.<\/li>\n<li><strong>Sprogkundskaber<\/strong> : l\u00e6r basis, hvis det er relevant for din rolle.<\/li>\n<li><strong>Faglige f\u00e6rdigheder<\/strong> : skaf det, der kr\u00e6ves (fx f\u00f8rstehj\u00e6lp, undervisning).<\/li>\n<li><strong>Kulturel forst\u00e5else<\/strong> : s\u00e6t dig ind i normer, hverdag og sociale koder.<\/li>\n<li><strong>Fleksibilitet<\/strong> : tr\u00e6n din evne til at omstille dig i nye rammer.<\/li>\n<\/ul>\n<h3 id=\"financement\">Finansiering af opholdet<\/h3>\n<ul>\n<li><strong>Personligt budget<\/strong> : lav et samlet budget for program, fly, bolig og hverdagsudgifter.<\/li>\n<li><a href=\"https:\/\/tribee.fr\/associations\/globalong\/\" target=\"_blank\" rel=\"noopener\"><strong>Indsamling<\/strong><\/a> : overvej crowdfunding eller sm\u00e5 indsamlinger i dit netv\u00e6rk.<\/li>\n<li><strong>Sponsorater<\/strong> : kontakt virksomheder, der kan st\u00f8tte dit ophold.<\/li>\n<li><strong>Legater og st\u00f8tte<\/strong> : unders\u00f8g muligheder for \u00f8konomisk hj\u00e6lp til internationale forl\u00f8b.<\/li>\n<li><strong>Opsparing<\/strong> : planl\u00e6g i god tid, s\u00e5 \u00f8konomien er realistisk.<\/li>\n<\/ul>\n<h3 id=\"assurance\"><strong>Forsikring og sikkerhed<\/strong><\/h3>\n<ul>\n<li><strong>Rejseforsikring<\/strong> : d\u00e6kker typisk afbestilling, forsinkelser og bagage.<\/li>\n<li><strong>Sygeforsikring<\/strong> : d\u00e6kker behandling og eventuel medicinsk hjemtransport.<\/li>\n<li><strong>Ansvarsforsikring<\/strong> : d\u00e6kker, hvis du utilsigtet forvolder skade p\u00e5 andre.<\/li>\n<li><strong>Sikkerhedsr\u00e5d<\/strong> : f\u00f8lg anbefalinger fra Udenrigsministeriet.<\/li>\n<li><strong>N\u00f8dnumre<\/strong> : gem lokale n\u00f8dkontakter og ambassadens oplysninger.<\/li>\n<\/ul>\n<h3 id=\"logistique\"><strong>Logistik og bagage<\/strong><\/h3>\n<ul>\n<li><strong>Praktisk bagage<\/strong> : v\u00e6lg robust udstyr, du kan holde til at bruge hver dag.<\/li>\n<li><strong>Passende t\u00f8j<\/strong> : tag h\u00f8jde for klima og lokale normer.<\/li>\n<li><strong>S\u00e6rligt udstyr<\/strong> : medbring det, du skal bruge (fx computer, v\u00e6rkt\u00f8j), hvis relevant.<\/li>\n<li><strong>V\u00e6rdigenstande<\/strong> : begr\u00e6ns og opbevar sikkert.<\/li>\n<li><strong>Vigtige dokumenter<\/strong> : lav b\u00e5de papir- og digitale kopier.<\/li>\n<\/ul>\n<h3 id=\"culture-locale\">Indblik i lokal kultur<\/h3>\n<ul>\n<li><strong>Sprog<\/strong> : l\u00e6r et par s\u00e6tninger, der g\u00f8r hverdagen lettere.<\/li>\n<li><strong>Skikke og traditioner<\/strong> : vis respekt for lokale vaner.<\/li>\n<li><strong>Religion<\/strong> : v\u00e6r opm\u00e6rksom p\u00e5 praksisser og helligdage.<\/li>\n<li><strong>Mad<\/strong> : v\u00e6r nysgerrig og \u00e5ben over for lokale retter.<\/li>\n<li><strong>H\u00f8flighed<\/strong> : s\u00e6t dig ind i omgangsformer og sociale koder.<\/li>\n<\/ul>\n<p><img loading=\"lazy\" decoding=\"async\" class=\"aligncenter wp-image-12556 size-medium\" src=\"https:\/\/www.vita-explorers.dk\/blog\/wp-content\/uploads\/2019\/04\/02-min-300x224.jpg\" alt=\"Volontariat humanitaire \" width=\"300\" height=\"224\" srcset=\"https:\/\/www.vita-explorers.dk\/blog\/wp-content\/uploads\/2019\/04\/02-min-300x224.jpg 300w, https:\/\/www.vita-explorers.dk\/blog\/wp-content\/uploads\/2019\/04\/02-min-768x572.jpg 768w, https:\/\/www.vita-explorers.dk\/blog\/wp-content\/uploads\/2019\/04\/02-min-1024x763.jpg 1024w, https:\/\/www.vita-explorers.dk\/blog\/wp-content\/uploads\/2019\/04\/02-min-150x112.jpg 150w, https:\/\/www.vita-explorers.dk\/blog\/wp-content\/uploads\/2019\/04\/02-min.jpg 1632w\" sizes=\"(max-width: 300px) 100vw, 300px\" \/><\/p>\n<hr \/>\n<h2 id=\"defis\"><strong>Udfordringer, du b\u00f8r forberede dig p\u00e5<\/strong><\/h2>\n<h3 id=\"choc-culturel\"><strong>Kulturchok<\/strong><\/h3>\n<p><a href=\"https:\/\/www.vita-explorers.dk\/blog\/kulturchok-det-er-helt-normalt\/\" target=\"_blank\" rel=\"noopener\">Kulturchok<\/a> er en helt normal reaktion, n\u00e5r man st\u00e5r i et nyt og anderledes milj\u00f8.<\/p>\n<ul>\n<li><strong>Faser<\/strong> : nyhedens gl\u00e6de, frustration, tilpasning, accept.<\/li>\n<li><strong>H\u00e5ndtering<\/strong> : hold et \u00e5bent sind og giv dig selv tid.<\/li>\n<li><strong>St\u00f8tte<\/strong> : tal med andre deltagere eller mennesker omkring dig og del dine oplevelser.<\/li>\n<\/ul>\n<h3 id=\"conditions-vie\"><strong>Enklere levevilk\u00e5r<\/strong><\/h3>\n<ul>\n<li><strong>Begr\u00e6nset komfort<\/strong> : forbered dig p\u00e5, at ikke alt fungerer som hjemme.<\/li>\n<li><strong>Mad<\/strong> : v\u00e6n dig til nye r\u00e5varer og m\u00e5ltidsvaner.<\/li>\n<li><strong>Hygiejne<\/strong> : v\u00e6r ekstra opm\u00e6rksom p\u00e5 sundhed og basale rutiner.<\/li>\n<li><strong>Klima<\/strong> : tag h\u00f8jde for varme, fugtighed eller kulde.<\/li>\n<li><strong>Bolig<\/strong> : forvent simple rammer \u2013 nogle steder meget grundl\u00e6ggende.<\/li>\n<\/ul>\n<h3 id=\"barriere-linguistique\"><strong>Sprogbarriere<\/strong><\/h3>\n<ul>\n<li><strong>Kommunikation<\/strong> : brug kropssprog, billeder eller overs\u00e6ttelsesapps.<\/li>\n<li><strong>L\u00e6ring<\/strong> : grib chancen for at l\u00e6re sproget undervejs.<\/li>\n<li><strong>T\u00e5lmodighed<\/strong> : v\u00e6r fleksibel og giv samtalerne tid.<\/li>\n<li><strong>Kursus<\/strong> : overvej sprogundervisning f\u00f8r afrejse.<\/li>\n<li><strong>Tolkning<\/strong> : brug tolk, hvis der er behov.<\/li>\n<\/ul>\n<h3 id=\"emotions\"><strong>At h\u00e5ndtere f\u00f8lelser<\/strong><\/h3>\n<ul>\n<li><strong>S\u00e5rbarhed<\/strong> : du kan m\u00f8de situationer, der er f\u00f8lelsesm\u00e6ssigt kr\u00e6vende.<\/li>\n<li><strong>Stress<\/strong> : l\u00e6r teknikker til <a href=\"https:\/\/www.vita-explorers.dk\/blog\/stresshaandtering-for-studerende-paa-praktik-i-udlandet\/\" target=\"_blank\" rel=\"noopener\">at h\u00e5ndtere stress<\/a> (fx pauser, bev\u00e6gelse, vejrtr\u00e6kning).<\/li>\n<li><strong>St\u00f8tte<\/strong> : isol\u00e9r dig ikke \u2013 del det, du g\u00e5r med.<\/li>\n<li><strong>Tr\u00e6thed<\/strong> : pas p\u00e5 dig selv og giv plads til restitution.<\/li>\n<li><strong>Frustration<\/strong> : accepter, at forandringer ofte tager tid.<\/li>\n<\/ul>\n<h3 id=\"securite\"><strong>Sikkerhed i praksis<\/strong><\/h3>\n<ul>\n<li><strong>Risici<\/strong> : s\u00e6t dig ind i forholdene i landet (sikkerhed, sundhed, natur).<\/li>\n<li><strong>Forsigtighed<\/strong> : undg\u00e5 un\u00f8dige risici og f\u00f8lg lokale anvisninger.<\/li>\n<li><strong>Kontakter<\/strong> : hav altid n\u00f8dnumre ved h\u00e5nden.<\/li>\n<li><strong>Evakueringsplan<\/strong> : kend procedurerne, hvis noget opst\u00e5r.<\/li>\n<li><strong>Vurdering<\/strong> : v\u00e6r opm\u00e6rksom og brug din sunde fornuft.<\/li>\n<\/ul>\n<h3 id=\"ethique\"><strong>Etiske overvejelser<\/strong><\/h3>\n<ul>\n<li><strong>Respekt<\/strong> : vis hensyn til lokale normer og m\u00e5der at g\u00f8re tingene p\u00e5.<\/li>\n<li><strong>Samtykke<\/strong> : tag ikke billeder uden tilladelse.<\/li>\n<li><strong>Effekt<\/strong> : s\u00f8rg for, at din indsats er relevant og bidrager konstruktivt.<\/li>\n<li><strong>Ikke at \u201cvide bedst\u201d<\/strong> : undg\u00e5 at presse egne v\u00e6rdier eller l\u00f8sninger ned over andre.<\/li>\n<li><strong>B\u00e6redygtighed<\/strong> : t\u00e6nk langsigtet og st\u00f8t l\u00f8sninger, der kan leve videre lokalt.<\/li>\n<\/ul>\n<p><img loading=\"lazy\" decoding=\"async\" class=\"aligncenter wp-image-6027 size-medium\" src=\"https:\/\/www.vita-explorers.dk\/blog\/wp-content\/uploads\/2017\/01\/Stage-photo-paysages-communaute\u0301s-locales-Afrique-du-Sud-GlobAlong-300x200.jpg\" alt=\"Volontaires et stagiaires en Afrique du Sud - Globalong\" width=\"300\" height=\"200\" srcset=\"https:\/\/www.vita-explorers.dk\/blog\/wp-content\/uploads\/2017\/01\/Stage-photo-paysages-communaute\u0301s-locales-Afrique-du-Sud-GlobAlong-300x200.jpg 300w, https:\/\/www.vita-explorers.dk\/blog\/wp-content\/uploads\/2017\/01\/Stage-photo-paysages-communaute\u0301s-locales-Afrique-du-Sud-GlobAlong-768x512.jpg 768w, https:\/\/www.vita-explorers.dk\/blog\/wp-content\/uploads\/2017\/01\/Stage-photo-paysages-communaute\u0301s-locales-Afrique-du-Sud-GlobAlong-1024x683.jpg 1024w, https:\/\/www.vita-explorers.dk\/blog\/wp-content\/uploads\/2017\/01\/Stage-photo-paysages-communaute\u0301s-locales-Afrique-du-Sud-GlobAlong-150x100.jpg 150w\" sizes=\"(max-width: 300px) 100vw, 300px\" \/><\/p>\n<hr \/>\n<h2 id=\"benefices\">Personlige og faglige gevinster ved et humanit\u00e6rt forl\u00f8b<\/h2>\n<h3 id=\"competences\"><strong>Nye kompetencer<\/strong><\/h3>\n<ul>\n<li><strong>Faglige kompetencer<\/strong> : udvikling af konkrete f\u00e6rdigheder knyttet til opgaven.<\/li>\n<li><strong>Interkulturelle kompetencer<\/strong> : evnen til at arbejde i et mangfoldigt milj\u00f8.<\/li>\n<li><strong>Lederskab<\/strong> : at kunne tage ansvar og motivere andre.<\/li>\n<li><strong>Projektarbejde<\/strong> : planl\u00e6gning, koordinering og gennemf\u00f8rsel.<\/li>\n<li><strong>Probleml\u00f8sning<\/strong> : kreativitet og omstillingsevne, n\u00e5r ting \u00e6ndrer sig.<\/li>\n<\/ul>\n<h3 id=\"developpement-personnel-benefices\"><strong>Personlig udvikling<\/strong><\/h3>\n<ul>\n<li><strong>Selvtillid<\/strong> : styrket tro p\u00e5 egne evner.<\/li>\n<li><strong>Empati<\/strong> : dybere forst\u00e5else for andres livsvilk\u00e5r.<\/li>\n<li><strong>Robusthed<\/strong> : at kunne st\u00e5 i udfordringer og komme videre.<\/li>\n<li><strong>\u00c5benhed<\/strong> : et bredere perspektiv p\u00e5 verden.<\/li>\n<li><strong>T\u00e5lmodighed<\/strong> : st\u00f8rre ro og tolerance i m\u00f8det med forskellighed.<\/li>\n<\/ul>\n<h3 id=\"reseau\"><strong>St\u00f8rre fagligt netv\u00e6rk<\/strong><\/h3>\n<ul>\n<li><strong>M\u00f8der<\/strong> : kontakt med mennesker, der arbejder med eller interesserer sig for feltet.<\/li>\n<li><strong>Muligheder<\/strong> : adgang til nye veje og erfaringer i karrieren.<\/li>\n<li><strong>Samarbejde<\/strong> : mulighed for at forts\u00e6tte relationer og projekter efter hjemkomst.<\/li>\n<li><strong>Mentorforl\u00f8b<\/strong> : at finde sparring til n\u00e6ste skridt.<\/li>\n<li><strong>F\u00e6llesskab<\/strong> : at blive en del af et netv\u00e6rk med f\u00e6lles v\u00e6rdier.<\/li>\n<\/ul>\n<h3 id=\"employabilite\"><strong>Styrket employability<\/strong><\/h3>\n<ul>\n<li><strong>International erfaring<\/strong> : et st\u00e6rkt plus p\u00e5 CV\u2019et.<\/li>\n<li><strong>Tilpasningsevne<\/strong> : erfaring med at arbejde i skiftende rammer.<\/li>\n<li><strong>Tv\u00e6rg\u00e5ende kompetencer<\/strong> : alsidighed og fleksibilitet.<\/li>\n<li><strong>Anbefalinger<\/strong> : mulighed for solide faglige referencer.<\/li>\n<li><strong>Samfundsengagement<\/strong> : relevant erfaring for mange arbejdspladser.<\/li>\n<\/ul>\n<h3 id=\"satisfaction-personnelle\">Personlig tilfredshed og mening<\/h3>\n<ul>\n<li><strong>Positiv betydning<\/strong> : oplevelsen af at bidrage til andres trivsel.<\/li>\n<li><strong>Resultater<\/strong> : stolthed over at have n\u00e5et m\u00e5l \u2013 b\u00e5de personligt og sammen med andre.<\/li>\n<li><strong>Mening<\/strong> : at finde retning og form\u00e5l i det, du g\u00f8r.<\/li>\n<li><strong>Anerkendelse<\/strong> : at blive m\u00f8dt med taknemmelighed og respekt.<\/li>\n<li><strong>Aftryk<\/strong> : at efterlade noget, der kan bygge videre p\u00e5.<\/li>\n<\/ul>\n<hr \/>\n<h2 id=\"temoignages\">Oplevelser: inspirerende historier<\/h2>\n<div class=\"ti-widget ti-goog\" data-layout-id=\"4\" data-set-id=\"light-background\" data-pid=\"\" data-language=\"fr\" data-version=\"2\" data-review-target-width=\"300\" data-review-text-mode=\"readmore\" data-pager-autoplay-timeout=\"6\" > <div class=\"ti-widget-container ti-col-3\"> <div class=\"ti-reviews-container\"> <div class=\"ti-controls\"> <div class=\"ti-next\" aria-label=\"Avis suivante\" role=\"button\"><\/div> <div class=\"ti-prev\" aria-label=\"Avis pr\u00e9c\u00e9dent\" role=\"button\"><\/div> <\/div> <div class=\"ti-reviews-container-wrapper\">  <div data-empty=\"0\" class=\"ti-review-item source-Google ti-image-layout-thumbnail\" data-id=\"cfcd208495d565ef66e7dff9f98764da\" > <div class=\"ti-inner\"> <div class=\"ti-review-header\"> <div class=\"ti-profile-img\"> <img decoding=\"async\" src=\"https:\/\/lh3.googleusercontent.com\/a\/ACg8ocKpaoKe37CD0_POxO97KqB60GsWQRsIuG2vmCfXT-W_FY44vw=s120-c-rp-mo-br100\" srcset=\"https:\/\/lh3.googleusercontent.com\/a\/ACg8ocKpaoKe37CD0_POxO97KqB60GsWQRsIuG2vmCfXT-W_FY44vw=s120-c-rp-mo-br100 2x\" alt=\"Lucie Correia\" loading=\"lazy\" \/> <\/div> <div class=\"ti-profile-details\"> <div class=\"ti-name\"> Lucie Correia <\/div> <div class=\"ti-date\">2024-10-17<\/div> <\/div> <\/div> <span class=\"ti-stars\"><span class=\"ti-star f\"><\/span><span class=\"ti-star f\"><\/span><span class=\"ti-star f\"><\/span><span class=\"ti-star f\"><\/span><span class=\"ti-star f\"><\/span><\/span> <div class=\"ti-review-text-container ti-review-content\"><!-- R-CONTENT -->La communication avec Globalong est super, personnes tr\u00e8s pr\u00e9sentes pour les b\u00e9n\u00e9voles et \u00e9tudiants partant avec cette association. Elles r\u00e9pondent \u00e0 toutes nos questions et sont tr\u00e8s accessibles au t\u00e9l\u00e9phone.<!-- R-CONTENT --><\/div> <span class=\"ti-read-more\" data-container=\".ti-review-content\" data-collapse-text=\"Cacher\" data-open-text=\"Lire la suite\" ><\/span> <\/div> <\/div>  <div data-empty=\"0\" class=\"ti-review-item source-Google ti-image-layout-thumbnail\" data-id=\"cfcd208495d565ef66e7dff9f98764da\" > <div class=\"ti-inner\"> <div class=\"ti-review-header\"> <div class=\"ti-profile-img\"> <img decoding=\"async\" src=\"https:\/\/lh3.googleusercontent.com\/a-\/ALV-UjWqnnzM7-7c9BDqeTDF-a7pOgNjvLkJ3WshRd_Tn7z0Eu-AGQwo=s120-c-rp-mo-br100\" srcset=\"https:\/\/lh3.googleusercontent.com\/a-\/ALV-UjWqnnzM7-7c9BDqeTDF-a7pOgNjvLkJ3WshRd_Tn7z0Eu-AGQwo=s120-c-rp-mo-br100 2x\" alt=\"Ra\u00efssa Frisch\" loading=\"lazy\" \/> <\/div> <div class=\"ti-profile-details\"> <div class=\"ti-name\"> Ra\u00efssa Frisch <\/div> <div class=\"ti-date\">2024-10-14<\/div> <\/div> <\/div> <span class=\"ti-stars\"><span class=\"ti-star f\"><\/span><span class=\"ti-star f\"><\/span><span class=\"ti-star f\"><\/span><span class=\"ti-star f\"><\/span><span class=\"ti-star f\"><\/span><\/span> <div class=\"ti-review-text-container ti-review-content\"><!-- R-CONTENT -->J\u2019ai d\u00e9j\u00e0 eu l\u2019opportunit\u00e9 de r\u00e9aliser deux projets humanitaires avec l\u2019association Globalong. Je ne peux que la recommander, car j\u2019ai toujours b\u00e9n\u00e9fici\u00e9 d\u2019un excellent accompagnement, aussi bien avant que pendant le voyage. On ne vous laisse pas vous d\u00e9brouiller seuls, bien au contraire, vous \u00eates tr\u00e8s bien encadr\u00e9s pour accomplir toutes les d\u00e9marches dans les d\u00e9lais.\n\nAu-del\u00e0 du suivi, les exp\u00e9riences humanitaires propos\u00e9es par Globalong ne peuvent que transformer votre vie de mani\u00e8re positive. Elles vous apportent une richesse humaine inestimable.<!-- R-CONTENT --><\/div> <span class=\"ti-read-more\" data-container=\".ti-review-content\" data-collapse-text=\"Cacher\" data-open-text=\"Lire la suite\" ><\/span> <\/div> <\/div>  <div data-empty=\"0\" class=\"ti-review-item source-Google ti-image-layout-thumbnail\" data-id=\"cfcd208495d565ef66e7dff9f98764da\" > <div class=\"ti-inner\"> <div class=\"ti-review-header\"> <div class=\"ti-profile-img\"> <img decoding=\"async\" src=\"https:\/\/lh3.googleusercontent.com\/a\/ACg8ocJL-Dxv25YkXK2QwWPNRxTVqZCv5uTmDQDFg5qslKra3vRZew=s120-c-rp-mo-br100\" srcset=\"https:\/\/lh3.googleusercontent.com\/a\/ACg8ocJL-Dxv25YkXK2QwWPNRxTVqZCv5uTmDQDFg5qslKra3vRZew=s120-c-rp-mo-br100 2x\" alt=\"Tara Turan\" loading=\"lazy\" \/> <\/div> <div class=\"ti-profile-details\"> <div class=\"ti-name\"> Tara Turan <\/div> <div class=\"ti-date\">2024-10-14<\/div> <\/div> <\/div> <span class=\"ti-stars\"><span class=\"ti-star f\"><\/span><span class=\"ti-star f\"><\/span><span class=\"ti-star f\"><\/span><span class=\"ti-star f\"><\/span><span class=\"ti-star f\"><\/span><\/span> <div class=\"ti-review-text-container ti-review-content\"><!-- R-CONTENT -->Une des meilleures associations que j\u2019ai pu faire !\nUne organisation et un suivi vraiment parfait, c\u2019est avec grand plaisir que je referai un projet avec eux.<!-- R-CONTENT --><\/div> <span class=\"ti-read-more\" data-container=\".ti-review-content\" data-collapse-text=\"Cacher\" data-open-text=\"Lire la suite\" ><\/span> <\/div> <\/div>  <div data-empty=\"0\" class=\"ti-review-item source-Google ti-image-layout-thumbnail\" data-id=\"cfcd208495d565ef66e7dff9f98764da\" > <div class=\"ti-inner\"> <div class=\"ti-review-header\"> <div class=\"ti-profile-img\"> <img decoding=\"async\" src=\"https:\/\/lh3.googleusercontent.com\/a\/ACg8ocLctTPNovSk3eKM0b_MIPOfcFEQsz2135Cdu59_BWRVsIYC7Q=s120-c-rp-mo-br100\" srcset=\"https:\/\/lh3.googleusercontent.com\/a\/ACg8ocLctTPNovSk3eKM0b_MIPOfcFEQsz2135Cdu59_BWRVsIYC7Q=s120-c-rp-mo-br100 2x\" alt=\"Repiquet Julie\" loading=\"lazy\" \/> <\/div> <div class=\"ti-profile-details\"> <div class=\"ti-name\"> Repiquet Julie <\/div> <div class=\"ti-date\">2024-10-13<\/div> <\/div> <\/div> <span class=\"ti-stars\"><span class=\"ti-star f\"><\/span><span class=\"ti-star f\"><\/span><span class=\"ti-star f\"><\/span><span class=\"ti-star f\"><\/span><span class=\"ti-star f\"><\/span><\/span> <div class=\"ti-review-text-container ti-review-content\"><!-- R-CONTENT -->Tr\u00e8s bon accompagnement de la part de Globalong, du premier jour avec toutes mes interrogations, jusqu'au d\u00e9part dans quelques jours. Le dossier transmis apr\u00e8s validation de la mission est plus que complet, les webmaster tr\u00e8s int\u00e9ressantes et permettent de d\u00e9charger mentalement ce genre de pr\u00e9paration, tout est pr\u00e9vu il n'y a plus qu'\u00e0 suivre ! Merci \u00e0 Florence de r\u00e9pondre \u00e0 toutes mes questions avec gentillesse et bienveillance, cela m'a permis de passer le cap!\nMaintenant, il n'y a plus qu'\u00e0 \ud83d\ude00<!-- R-CONTENT --><\/div> <span class=\"ti-read-more\" data-container=\".ti-review-content\" data-collapse-text=\"Cacher\" data-open-text=\"Lire la suite\" ><\/span> <\/div> <\/div>  <div data-empty=\"0\" class=\"ti-review-item source-Google ti-image-layout-thumbnail\" data-id=\"cfcd208495d565ef66e7dff9f98764da\" > <div class=\"ti-inner\"> <div class=\"ti-review-header\"> <div class=\"ti-profile-img\"> <img decoding=\"async\" src=\"https:\/\/lh3.googleusercontent.com\/a\/ACg8ocJJTdmTWs8nAA0yuH_cKOUgzc6GFAkHBiXhpnnVYXaWMBZsHw=s120-c-rp-mo-br100\" srcset=\"https:\/\/lh3.googleusercontent.com\/a\/ACg8ocJJTdmTWs8nAA0yuH_cKOUgzc6GFAkHBiXhpnnVYXaWMBZsHw=s120-c-rp-mo-br100 2x\" alt=\"Marine Guilhamat\" loading=\"lazy\" \/> <\/div> <div class=\"ti-profile-details\"> <div class=\"ti-name\"> Marine Guilhamat <\/div> <div class=\"ti-date\">2024-10-09<\/div> <\/div> <\/div> <span class=\"ti-stars\"><span class=\"ti-star f\"><\/span><span class=\"ti-star f\"><\/span><span class=\"ti-star f\"><\/span><span class=\"ti-star f\"><\/span><span class=\"ti-star f\"><\/span><\/span> <div class=\"ti-review-text-container ti-review-content\"><!-- R-CONTENT -->Tr\u00e8s belle association qui offre un cadre super s\u00e9curisant et permet de s\u2019investir dans des projets qui ont du sens. Merci \u00e0 l\u2019\u00e9quipe Globalong pour votre disponibilit\u00e9, gentillesse et accompagnement !<!-- R-CONTENT --><\/div> <span class=\"ti-read-more\" data-container=\".ti-review-content\" data-collapse-text=\"Cacher\" data-open-text=\"Lire la suite\" ><\/span> <\/div> <\/div>  <div data-empty=\"0\" class=\"ti-review-item source-Google ti-image-layout-thumbnail\" data-id=\"cfcd208495d565ef66e7dff9f98764da\" > <div class=\"ti-inner\"> <div class=\"ti-review-header\"> <div class=\"ti-profile-img\"> <img decoding=\"async\" src=\"https:\/\/lh3.googleusercontent.com\/a\/ACg8ocIgITHXKo46qgJyPqlJeAcxz11gCKUJpGIk2qauiIe2O3iZ6w=s120-c-rp-mo-br100\" srcset=\"https:\/\/lh3.googleusercontent.com\/a\/ACg8ocIgITHXKo46qgJyPqlJeAcxz11gCKUJpGIk2qauiIe2O3iZ6w=s120-c-rp-mo-br100 2x\" alt=\"Laura Mercier\" loading=\"lazy\" \/> <\/div> <div class=\"ti-profile-details\"> <div class=\"ti-name\"> Laura Mercier <\/div> <div class=\"ti-date\">2024-10-08<\/div> <\/div> <\/div> <span class=\"ti-stars\"><span class=\"ti-star f\"><\/span><span class=\"ti-star f\"><\/span><span class=\"ti-star f\"><\/span><span class=\"ti-star f\"><\/span><span class=\"ti-star f\"><\/span><\/span> <div class=\"ti-review-text-container ti-review-content\"><!-- R-CONTENT -->Mon d\u00e9part approche, je pars dans une semaine, et depuis le d\u00e9but de mon inscription je suis tr\u00e8s satisfaite du suivi effectu\u00e9 par l\u2019association. Ils sont tr\u00e8s disponibles et r\u00e9pondent rapidement \u00e0 l\u2019ensemble des questions. Je suis tr\u00e8s contente de partir faire cette mission humanitaire encadr\u00e9e par cette association. Je recommande vraiment.<!-- R-CONTENT --><\/div> <span class=\"ti-read-more\" data-container=\".ti-review-content\" data-collapse-text=\"Cacher\" data-open-text=\"Lire la suite\" ><\/span> <\/div> <\/div>  <div data-empty=\"0\" class=\"ti-review-item source-Google ti-image-layout-thumbnail\" data-id=\"cfcd208495d565ef66e7dff9f98764da\" > <div class=\"ti-inner\"> <div class=\"ti-review-header\"> <div class=\"ti-profile-img\"> <img decoding=\"async\" src=\"https:\/\/lh3.googleusercontent.com\/a-\/ALV-UjVVr0YMQhXl8QNEEB32l-rnoaYwvRZUjIEX9OEwPE_1fQwzIyk=s120-c-rp-mo-br100\" srcset=\"https:\/\/lh3.googleusercontent.com\/a-\/ALV-UjVVr0YMQhXl8QNEEB32l-rnoaYwvRZUjIEX9OEwPE_1fQwzIyk=s120-c-rp-mo-br100 2x\" alt=\"Anouk Rzkt\" loading=\"lazy\" \/> <\/div> <div class=\"ti-profile-details\"> <div class=\"ti-name\"> Anouk Rzkt <\/div> <div class=\"ti-date\">2024-10-02<\/div> <\/div> <\/div> <span class=\"ti-stars\"><span class=\"ti-star f\"><\/span><span class=\"ti-star f\"><\/span><span class=\"ti-star f\"><\/span><span class=\"ti-star f\"><\/span><span class=\"ti-star f\"><\/span><\/span> <div class=\"ti-review-text-container ti-review-content\"><!-- R-CONTENT -->Globalong est l'association parfaite. L'\u00e9quipe offre un v\u00e9ritable accompagnement rythm\u00e9 par beaucoup de conseils et d'\u00e9coute. Le site est tr\u00e8s bien fait avec des dossiers complets allant des sujets tr\u00e8s pratiques a d'autres plus th\u00e9oriques (tels que le choc culturel par exemple). Je recommande vivement et remercie sinc\u00e8rement toute l'\u00e9quipe pour leur gentillesse et investissement !<!-- R-CONTENT --><\/div> <span class=\"ti-read-more\" data-container=\".ti-review-content\" data-collapse-text=\"Cacher\" data-open-text=\"Lire la suite\" ><\/span> <\/div> <\/div>  <\/div> <div class=\"ti-controls-line\"> <div class=\"dot\"><\/div> <\/div> <\/div> <div class=\"ti-footer\"> <div class=\"ti-rating-text\"> <span class=\"nowrap\">\u00c9valuation <strong>Google<\/strong> : <\/span><span class=\"nowrap\"><strong>4.8<\/strong> sur 5, <\/span><span class=\"nowrap\">Bas\u00e9e sur <strong>240 avis<\/strong><\/span> <\/div> <\/div>  <\/div> <\/div> \n<h3>Oplevelse 1: Clara i Den Dominikanske Republik<\/h3>\n<p><strong>Baggrund<\/strong> : Clara, 29-\u00e5rig sygeplejerske, deltog i et humanit\u00e6rt ophold i Den Dominikanske Republik.<\/p>\n<p><strong>Oplevelse<\/strong> : Hun arbejdede p\u00e5 et felthospital.<\/p>\n<p><strong>Bidrag<\/strong> : Hun var med til at etablere et tr\u00e6ningsforl\u00f8b i f\u00f8rstehj\u00e6lp.<\/p>\n<h3>Oplevelse 2: Lucas i Nepal<\/h3>\n<p><strong>Baggrund<\/strong> : Lucas, 35-\u00e5rig bygningsingeni\u00f8r, deltog i et genopbygningsprojekt.<\/p>\n<p><strong>Oplevelse<\/strong> : Han hjalp med at genopbygge skoler og introducerede jordsk\u00e6lvssikre byggeteknikker.<\/p>\n<p><strong>Bidrag<\/strong> : Indsatsen gjorde, at hundredvis af b\u00f8rn igen kunne komme sikkert i skole.<\/p>\n<h3>Oplevelse 3: \u00c9milie i Senegal<\/h3>\n<p><strong>Baggrund<\/strong> : \u00c9milie, 42-\u00e5rig franskl\u00e6rer, deltog i et l\u00e6se- og skriveprogram for kvinder.<\/p>\n<p><strong>Oplevelse<\/strong> : Hun underviste voksne kvinder i l\u00e6sning og skrivning og styrkede deres muligheder for selvst\u00e6ndighed.<\/p>\n<p><strong>Bidrag<\/strong> : Flere kvinder kunne starte deres egen aktivitet med de nye kompetencer.<\/p>\n<p><img loading=\"lazy\" decoding=\"async\" class=\"aligncenter wp-image-8104 size-medium\" src=\"https:\/\/www.vita-explorers.dk\/blog\/wp-content\/uploads\/2017\/12\/Marina-Olivia-Verena-Audrey-en-stage-m\u00e9dical-au-S\u00e9n\u00e9gal-avec-GlobAlong-min-300x209.jpeg\" alt=\"Stage d'aide-soignante \u00e0 l'\u00e9tranger, partir en mission humanitaire\" width=\"300\" height=\"209\" srcset=\"https:\/\/www.vita-explorers.dk\/blog\/wp-content\/uploads\/2017\/12\/Marina-Olivia-Verena-Audrey-en-stage-m\u00e9dical-au-S\u00e9n\u00e9gal-avec-GlobAlong-min-300x209.jpeg 300w, https:\/\/www.vita-explorers.dk\/blog\/wp-content\/uploads\/2017\/12\/Marina-Olivia-Verena-Audrey-en-stage-m\u00e9dical-au-S\u00e9n\u00e9gal-avec-GlobAlong-min-768x536.jpeg 768w, https:\/\/www.vita-explorers.dk\/blog\/wp-content\/uploads\/2017\/12\/Marina-Olivia-Verena-Audrey-en-stage-m\u00e9dical-au-S\u00e9n\u00e9gal-avec-GlobAlong-min-1024x715.jpeg 1024w, https:\/\/www.vita-explorers.dk\/blog\/wp-content\/uploads\/2017\/12\/Marina-Olivia-Verena-Audrey-en-stage-m\u00e9dical-au-S\u00e9n\u00e9gal-avec-GlobAlong-min-150x105.jpeg 150w\" sizes=\"(max-width: 300px) 100vw, 300px\" \/><\/p>\n<hr \/>\n<h2 id=\"conclusion\">Afrunding: Klar til at tage n\u00e6ste skridt?<\/h2>\n<p>At tage p\u00e5 et humanit\u00e6rt forl\u00f8b kan give varige erfaringer \u2013 b\u00e5de personligt og fagligt. Denne guide er lavet for at give dig et solidt overblik, s\u00e5 du kan tage af sted med ro i maven. Der vil v\u00e6re udfordringer undervejs, men for mange er l\u00e6ringen og f\u00e6llesskabet det hele v\u00e6rd.<\/p>\n<p><strong>Hvis du er nysgerrig<\/strong>, s\u00e5 tag n\u00e6ste skridt og find et ansvarligt ophold, der passer til dig. Sm\u00e5 bidrag kan have stor betydning \u2013 is\u00e6r n\u00e5r de sker med respekt og omtanke.<\/p>\n<hr \/>\n<h2 id=\"faq\">FAQ<\/h2>\n<h3><strong>Skal jeg have en s\u00e6rlig uddannelse for at tage p\u00e5 et humanit\u00e6rt forl\u00f8b?<\/strong><\/h3>\n<p>Ikke n\u00f8dvendigvis. Mange organisationer s\u00f8ger deltagere med forskellige kompetencer. Nogle forl\u00f8b kan dog kr\u00e6ve bestemte kvalifikationer.<\/p>\n<h3><strong>Hvad koster et humanit\u00e6rt ophold?<\/strong><\/h3>\n<p>Prisen varierer afh\u00e6ngigt af organisation, destination og varighed. Det er vigtigt at l\u00e6gge et samlet budget, der ogs\u00e5 inkluderer programgebyr, transport, indkvartering og egne udgifter.<\/p>\n<h3><strong>Hvor l\u00e6nge b\u00f8r et humanit\u00e6rt forl\u00f8b vare?<\/strong><\/h3>\n<p>Varigheden kan v\u00e6re alt fra f\u00e5 uger til flere m\u00e5neder \u2013 nogle gange op til et \u00e5r. Det afh\u00e6nger af dine muligheder og projektets behov.<\/p>\n<h3><strong>Kan jeg tage af sted, hvis jeg ikke taler det lokale sprog?<\/strong><\/h3>\n<p>Ja, selvom sproget er en fordel. Mange forl\u00f8b kan gennemf\u00f8res p\u00e5 engelsk eller fransk, og det bliver altid v\u00e6rdsat, at du l\u00e6rer et par lokale fraser.<\/p>\n<h3><strong>Hvordan v\u00e6lger jeg den rette organisation?<\/strong><\/h3>\n<p>Unders\u00f8g grundigt, <a href=\"https:\/\/www.vita-explorers.dk\/blog\/avis-globalong\/\" target=\"_blank\" rel=\"noopener\">l\u00e6s erfaringer<\/a>, tjek \u00f8konomisk gennemsigtighed og se p\u00e5, hvilken effekt projekterne har. Kontakt organisationen direkte og stil dine sp\u00f8rgsm\u00e5l.<\/p>\n<h3><strong>Er humanit\u00e6rt frivilligt arbejde sikkert?<\/strong><\/h3>\n<p>Organisationer g\u00f8r meget for at skabe trygge rammer. F\u00f8lg altid sikkerhedsvejledninger og hold dig opdateret p\u00e5 de lokale forhold.<\/p>\n<h3><strong>Kan jeg tage p\u00e5 et humanit\u00e6rt forl\u00f8b som familie?<\/strong><\/h3>\n<p>Ja, nogle organisationer tilbyder <a href=\"https:\/\/www.vita-explorers.dk\/blog\/humanitaer-rejse-et-missions-en-famille\/\" target=\"_blank\" rel=\"noopener\">forl\u00f8b, der er tilpasset familier<\/a>. Sp\u00f8rg ind til krav og rammer hos den organisation, du overvejer.<\/p>\n<h3><strong>Er humanit\u00e6re forl\u00f8b l\u00f8nnede?<\/strong><\/h3>\n<p>Som udgangspunkt er humanit\u00e6re forl\u00f8b ul\u00f8nnede.<\/p>\n<hr \/>\n<h2>Nyttige links<\/h2>\n<p><img loading=\"lazy\" decoding=\"async\" class=\"aligncenter wp-image-18965 size-medium\" src=\"https:\/\/www.vita-explorers.dk\/blog\/wp-content\/uploads\/2014\/11\/cropped-cropped-Logo-et-Afrique-Globalong-petite-taille-2-300x300.jpg\" alt=\"Association Globalong partir en mission humanitaire\" width=\"300\" height=\"300\" srcset=\"https:\/\/www.vita-explorers.dk\/blog\/wp-content\/uploads\/2014\/11\/cropped-cropped-Logo-et-Afrique-Globalong-petite-taille-2-300x300.jpg 300w, https:\/\/www.vita-explorers.dk\/blog\/wp-content\/uploads\/2014\/11\/cropped-cropped-Logo-et-Afrique-Globalong-petite-taille-2-150x150.jpg 150w, https:\/\/www.vita-explorers.dk\/blog\/wp-content\/uploads\/2014\/11\/cropped-cropped-Logo-et-Afrique-Globalong-petite-taille-2-270x270.jpg 270w, https:\/\/www.vita-explorers.dk\/blog\/wp-content\/uploads\/2014\/11\/cropped-cropped-Logo-et-Afrique-Globalong-petite-taille-2-192x192.jpg 192w, https:\/\/www.vita-explorers.dk\/blog\/wp-content\/uploads\/2014\/11\/cropped-cropped-Logo-et-Afrique-Globalong-petite-taille-2-180x180.jpg 180w, https:\/\/www.vita-explorers.dk\/blog\/wp-content\/uploads\/2014\/11\/cropped-cropped-Logo-et-Afrique-Globalong-petite-taille-2-32x32.jpg 32w, https:\/\/www.vita-explorers.dk\/blog\/wp-content\/uploads\/2014\/11\/cropped-cropped-Logo-et-Afrique-Globalong-petite-taille-2.jpg 512w\" sizes=\"(max-width: 300px) 100vw, 300px\" \/><\/p>\n<ul>\n<li><a href=\"https:\/\/www.vita-explorers.dk\/\" target=\"_blank\" rel=\"noopener\">VITA &#8211; Humanit\u00e6re forl\u00f8b<\/a><\/li>\n<\/ul>\n<hr \/>\n<h2>Del artiklen<\/h2>\n<hr \/>\n<h2>Kontakt os<\/h2>\n<p style=\"text-align: center;\">Vil du h\u00f8re mere om internationale forl\u00f8b og ansvarligt frivilligt arbejde, <strong><a href=\"https:\/\/www.vita-explorers.dk\/contact-globalong.html\" target=\"_blank\" rel=\"noopener\">kontakt VITA<\/a><\/strong>.<\/p>\n<hr \/>\n<p class=\"p4\" style=\"text-align: center;\"><b>Vil du f\u00f8lge med i VITA og vores community, s\u00e5 find os p\u00e5 <\/b><a href=\"https:\/\/www.instagram.com\/globalongofficiel\/\"><span class=\"s2\"><b>Instagram<\/b><\/span><\/a><b>, <\/b><a href=\"https:\/\/www.facebook.com\/globalong\"><span class=\"s2\"><b>Facebook<\/b><\/span><\/a><b>, <\/b><a href=\"https:\/\/www.linkedin.com\/company\/5113177\/admin\/feed\/posts\/\"><span class=\"s2\"><b>LinkedIn<\/b><\/span><\/a><b> og <\/b><a href=\"https:\/\/www.youtube.com\/c\/globalong\/videos\"><span class=\"s2\"><b>YouTube<\/b><\/span><\/a><b>! <\/b><\/p>\n<hr \/>\n<p><!-- Schema Markup JSON-LD pour l'article et les FAQ --><br \/>\n<script type=\"application\/ld+json\">\n{\n  \"@context\": \"https:\/\/schema.org\",\n  \"@graph\": [\n    {\n      \"@type\": \"Article\",\n      \"headline\": \"Tag af sted p\u00e5 et humanit\u00e6rt forl\u00f8b: Alt du skal vide\",\n      \"image\": \"https:\/\/www.votre-site.com\/images\/partir-mission-humanitaire.jpg\",\n      \"author\": {\n        \"@type\": \"Person\",\n        \"name\": \"Dit navn\"\n      },\n      \"publisher\": {\n        \"@type\": \"Organization\",\n        \"name\": \"VITA Institute\",\n        \"logo\": {\n          \"@type\": \"ImageObject\",\n          \"url\": \"https:\/\/www.vita-explorers.dk\/images\/logo-globalong.png\"\n        }\n      },\n      \"datePublished\": \"2023-10-25\",\n      \"dateModified\": \"2023-10-25\",\n      \"description\": \"Find ud af, hvordan det at tage p\u00e5 et humanit\u00e6rt forl\u00f8b kan g\u00f8re en forskel \u2013 for dig og for andre. Denne guide hj\u00e6lper dig hele vejen: motivation, forberedelse, udfordringer samt personlige og faglige gevinster.\",\n      \"mainEntityOfPage\": {\n        \"@type\": \"WebPage\",\n        \"@id\": \"https:\/\/www.votre-site.com\/partir-mission-humanitaire\"\n      }\n    },\n    {\n      \"@type\": \"FAQPage\",\n      \"mainEntity\": [\n        {\n          \"@type\": \"Question\",\n          \"name\": \"Skal jeg have en s\u00e6rlig uddannelse for at tage p\u00e5 et humanit\u00e6rt forl\u00f8b?\",\n          \"acceptedAnswer\": {\n            \"@type\": \"Answer\",\n            \"text\": \"Ikke n\u00f8dvendigvis. Mange organisationer s\u00f8ger deltagere med forskellige kompetencer. Nogle forl\u00f8b kan dog kr\u00e6ve bestemte kvalifikationer.\"\n          }\n        },\n        {\n          \"@type\": \"Question\",\n          \"name\": \"Hvad koster et humanit\u00e6rt ophold?\",\n          \"acceptedAnswer\": {\n            \"@type\": \"Answer\",\n            \"text\": \"Prisen varierer afh\u00e6ngigt af organisation, destination og varighed. Det er vigtigt at l\u00e6gge et samlet budget, der ogs\u00e5 inkluderer programgebyr, transport, indkvartering og egne udgifter.\"\n          }\n        },\n        {\n          \"@type\": \"Question\",\n          \"name\": \"Hvor l\u00e6nge b\u00f8r et humanit\u00e6rt forl\u00f8b vare?\",\n          \"acceptedAnswer\": {\n            \"@type\": \"Answer\",\n            \"text\": \"Varigheden kan v\u00e6re alt fra f\u00e5 uger til flere m\u00e5neder \u2013 nogle gange op til et \u00e5r. Det afh\u00e6nger af dine muligheder og projektets behov.\"\n          }\n        },\n        {\n          \"@type\": \"Question\",\n          \"name\": \"Kan jeg tage af sted, hvis jeg ikke taler det lokale sprog?\",\n          \"acceptedAnswer\": {\n            \"@type\": \"Answer\",\n            \"text\": \"Ja, selvom sproget er en fordel. Mange forl\u00f8b kan gennemf\u00f8res p\u00e5 engelsk eller fransk, og det bliver altid v\u00e6rdsat, at du l\u00e6rer et par lokale fraser.\"\n          }\n        },\n        {\n          \"@type\": \"Question\",\n          \"name\": \"Hvordan v\u00e6lger jeg den rette organisation?\",\n          \"acceptedAnswer\": {\n            \"@type\": \"Answer\",\n            \"text\": \"Unders\u00f8g grundigt, l\u00e6s erfaringer, tjek \u00f8konomisk gennemsigtighed og se p\u00e5, hvilken effekt projekterne har. Kontakt organisationen direkte og stil dine sp\u00f8rgsm\u00e5l.\"\n          }\n        },\n        {\n          \"@type\": \"Question\",\n          \"name\": \"Er humanit\u00e6rt frivilligt arbejde sikkert?\",\n          \"acceptedAnswer\": {\n            \"@type\": \"Answer\",\n            \"text\": \"Organisationer g\u00f8r meget for at skabe trygge rammer. F\u00f8lg altid sikkerhedsvejledninger og hold dig opdateret p\u00e5 de lokale forhold.\"\n          }\n        },\n        {\n          \"@type\": \"Question\",\n          \"name\": \"Kan jeg tage p\u00e5 et humanit\u00e6rt forl\u00f8b som familie?\",\n          \"acceptedAnswer\": {\n            \"@type\": \"Answer\",\n            \"text\": \"Ja, nogle organisationer tilbyder forl\u00f8b, der er tilpasset familier. Sp\u00f8rg ind til krav og rammer hos den organisation, du overvejer.\"\n          }\n        },\n        {\n          \"@type\": \"Question\",\n          \"name\": \"Er humanit\u00e6re forl\u00f8b l\u00f8nnede?\",\n          \"acceptedAnswer\": {\n            \"@type\": \"Answer\",\n            \"text\": \"Som udgangspunkt er humanit\u00e6re forl\u00f8b ul\u00f8nnede. Nogle organisationer kan d\u00e6kke udgifter til kost og logi, men det er sj\u00e6ldent, at man f\u00e5r l\u00f8n.\"\n          }\n        }\n      ]\n    }\n  ]\n}\n<\/script><br \/>\n<!-- Fin du Schema Markup --><\/p>\n<p><!-- Meta Titre et Description pour le SEO --><br \/>\n<!-- Meta Titre : Tag af sted p\u00e5 et humanit\u00e6rt forl\u00f8b: Alt du skal vide | Komplet guide Meta Description : Find ud af, hvordan det at tage p\u00e5 et humanit\u00e6rt forl\u00f8b kan g\u00f8re en forskel \u2013 for dig og for andre. Komplet guide om motivation, forberedelse, udfordringer og gevinster ved et humanit\u00e6rt ophold. --><\/p>\n<p><!-- Fin de l'article --><\/p>\n","protected":false},"excerpt":{"rendered":"<p>Tag af sted p\u00e5 et humanit\u00e6rt forl\u00f8b: Alt du skal vide Find ud af, hvordan at tage p\u00e5 et humanit\u00e6rt forl\u00f8b kan g\u00f8re en\u2026<\/p>\n","protected":false},"author":7,"featured_media":15972,"comment_status":"open","ping_status":"open","sticky":false,"template":"","format":"standard","meta":{"footnotes":""},"categories":[8,6,4],"tags":[],"yoast_head":"<!-- This site is optimized with the Yoast SEO Premium plugin v23.4 (Yoast SEO v23.4) - https:\/\/yoast.com\/wordpress\/plugins\/seo\/ -->\n<title>Tag p\u00e5 et humanit\u00e6rt ophold: Den komplette guide til 2025 og 2026 - VITA Explorers Blog<\/title>\n<meta name=\"description\" content=\"Partez en mission humanitaire et transformez votre vie ainsi que celle des autres. Guide complet pour vous pr\u00e9parer et faire une diff\u00e9rence.\" \/>\n<meta name=\"robots\" content=\"index, follow, max-snippet:-1, max-image-preview:large, max-video-preview:-1\" \/>\n<link rel=\"canonical\" href=\"https:\/\/www.vita-explorers.dk\/blog\/tag-del-i-internationalt-forloeb\/\" \/>\n<meta property=\"og:locale\" content=\"da_DK\" \/>\n<meta property=\"og:type\" content=\"article\" \/>\n<meta property=\"og:title\" content=\"Tag afsted p\u00e5 et ansvarligt ophold\" \/>\n<meta property=\"og:description\" content=\"Partez en mission humanitaire et transformez votre vie ainsi que celle des autres. Guide complet pour vous pr\u00e9parer et faire une diff\u00e9rence.\" \/>\n<meta property=\"og:url\" content=\"https:\/\/www.vita-explorers.dk\/blog\/tag-del-i-internationalt-forloeb\/\" \/>\n<meta property=\"og:site_name\" content=\"VITA Explorers Blog\" \/>\n<meta property=\"article:publisher\" content=\"https:\/\/www.facebook.com\/globalong\" \/>\n<meta property=\"article:published_time\" content=\"2024-12-08T00:32:58+00:00\" \/>\n<meta property=\"article:modified_time\" content=\"2024-12-10T10:18:14+00:00\" \/>\n<meta property=\"og:image\" content=\"https:\/\/www.vita-explorers.dk\/blog\/wp-content\/uploads\/2024\/01\/Les-questions-a-se-poser-avant-de-candidater-a-une-mission-humanitaire-.png\" \/>\n\t<meta property=\"og:image:width\" content=\"1260\" \/>\n\t<meta property=\"og:image:height\" content=\"936\" \/>\n\t<meta property=\"og:image:type\" content=\"image\/png\" \/>\n<meta name=\"author\" content=\"VITA Tribe\" \/>\n<meta name=\"twitter:card\" content=\"summary_large_image\" \/>\n<meta name=\"twitter:label1\" content=\"Skrevet af\" \/>\n\t<meta name=\"twitter:data1\" content=\"VITA Tribe\" \/>\n\t<meta name=\"twitter:label2\" content=\"Estimeret l\u00e6setid\" \/>\n\t<meta name=\"twitter:data2\" content=\"12 minutter\" \/>\n<script type=\"application\/ld+json\" class=\"yoast-schema-graph\">{\"@context\":\"https:\/\/schema.org\",\"@graph\":[{\"@type\":\"Article\",\"@id\":\"https:\/\/www.vita-explorers.dk\/blog\/tag-del-i-internationalt-forloeb\/#article\",\"isPartOf\":{\"@id\":\"https:\/\/www.vita-explorers.dk\/blog\/tag-del-i-internationalt-forloeb\/\"},\"author\":{\"name\":\"VITA Tribe\",\"@id\":\"https:\/\/www.vita-explorers.dk\/blog\/#\/schema\/person\/fc0343a2f2db2ebb2793c1f62dbe73f0\"},\"headline\":\"Tag afsted p\u00e5 et ansvarligt ophold\",\"datePublished\":\"2024-12-08T00:32:58+00:00\",\"dateModified\":\"2024-12-10T10:18:14+00:00\",\"mainEntityOfPage\":{\"@id\":\"https:\/\/www.vita-explorers.dk\/blog\/tag-del-i-internationalt-forloeb\/\"},\"wordCount\":2209,\"commentCount\":0,\"publisher\":{\"@id\":\"https:\/\/www.vita-explorers.dk\/blog\/#organization\"},\"image\":{\"@id\":\"https:\/\/www.vita-explorers.dk\/blog\/tag-del-i-internationalt-forloeb\/#primaryimage\"},\"thumbnailUrl\":\"https:\/\/www.vita-explorers.dk\/blog\/wp-content\/uploads\/2024\/01\/Les-questions-a-se-poser-avant-de-candidater-a-une-mission-humanitaire-.png\",\"articleSection\":[\"Humanit\u00e6rt frivilligt arbejde\",\"Nyheder\",\"VITA Explorers\"],\"inLanguage\":\"da-DK\",\"potentialAction\":[{\"@type\":\"CommentAction\",\"name\":\"Comment\",\"target\":[\"https:\/\/www.vita-explorers.dk\/blog\/tag-del-i-internationalt-forloeb\/#respond\"]}]},{\"@type\":\"WebPage\",\"@id\":\"https:\/\/www.vita-explorers.dk\/blog\/tag-del-i-internationalt-forloeb\/\",\"url\":\"https:\/\/www.vita-explorers.dk\/blog\/tag-del-i-internationalt-forloeb\/\",\"name\":\"Tag p\u00e5 et humanit\u00e6rt ophold: Den komplette guide til 2025 og 2026 - VITA Explorers Blog\",\"isPartOf\":{\"@id\":\"https:\/\/www.vita-explorers.dk\/blog\/#website\"},\"primaryImageOfPage\":{\"@id\":\"https:\/\/www.vita-explorers.dk\/blog\/tag-del-i-internationalt-forloeb\/#primaryimage\"},\"image\":{\"@id\":\"https:\/\/www.vita-explorers.dk\/blog\/tag-del-i-internationalt-forloeb\/#primaryimage\"},\"thumbnailUrl\":\"https:\/\/www.vita-explorers.dk\/blog\/wp-content\/uploads\/2024\/01\/Les-questions-a-se-poser-avant-de-candidater-a-une-mission-humanitaire-.png\",\"datePublished\":\"2024-12-08T00:32:58+00:00\",\"dateModified\":\"2024-12-10T10:18:14+00:00\",\"description\":\"Partez en mission humanitaire et transformez votre vie ainsi que celle des autres. Guide complet pour vous pr\u00e9parer et faire une diff\u00e9rence.\",\"breadcrumb\":{\"@id\":\"https:\/\/www.vita-explorers.dk\/blog\/tag-del-i-internationalt-forloeb\/#breadcrumb\"},\"inLanguage\":\"da-DK\",\"potentialAction\":[{\"@type\":\"ReadAction\",\"target\":[\"https:\/\/www.vita-explorers.dk\/blog\/tag-del-i-internationalt-forloeb\/\"]}]},{\"@type\":\"ImageObject\",\"inLanguage\":\"da-DK\",\"@id\":\"https:\/\/www.vita-explorers.dk\/blog\/tag-del-i-internationalt-forloeb\/#primaryimage\",\"url\":\"https:\/\/www.vita-explorers.dk\/blog\/wp-content\/uploads\/2024\/01\/Les-questions-a-se-poser-avant-de-candidater-a-une-mission-humanitaire-.png\",\"contentUrl\":\"https:\/\/www.vita-explorers.dk\/blog\/wp-content\/uploads\/2024\/01\/Les-questions-a-se-poser-avant-de-candidater-a-une-mission-humanitaire-.png\",\"width\":1260,\"height\":936,\"caption\":\"faire du b\u00e9n\u00e9volat \u00e0 l'\u00e9tranger\"},{\"@type\":\"BreadcrumbList\",\"@id\":\"https:\/\/www.vita-explorers.dk\/blog\/tag-del-i-internationalt-forloeb\/#breadcrumb\",\"itemListElement\":[{\"@type\":\"ListItem\",\"position\":1,\"name\":\"Accueil\",\"item\":\"https:\/\/www.vita-explorers.dk\/blog\/\"},{\"@type\":\"ListItem\",\"position\":2,\"name\":\"Tag afsted p\u00e5 et ansvarligt ophold\"}]},{\"@type\":\"WebSite\",\"@id\":\"https:\/\/www.vita-explorers.dk\/blog\/#website\",\"url\":\"https:\/\/www.vita-explorers.dk\/blog\/\",\"name\":\"Association Globalong\",\"description\":\"Frivilligt arbejde, sprogophold, praktik i udlandet og internationale oplevelser\",\"publisher\":{\"@id\":\"https:\/\/www.vita-explorers.dk\/blog\/#organization\"},\"potentialAction\":[{\"@type\":\"SearchAction\",\"target\":{\"@type\":\"EntryPoint\",\"urlTemplate\":\"https:\/\/www.vita-explorers.dk\/blog\/?s={search_term_string}\"},\"query-input\":{\"@type\":\"PropertyValueSpecification\",\"valueRequired\":true,\"valueName\":\"search_term_string\"}}],\"inLanguage\":\"da-DK\"},{\"@type\":\"Organization\",\"@id\":\"https:\/\/www.vita-explorers.dk\/blog\/#organization\",\"name\":\"Association Globalong\",\"url\":\"https:\/\/www.vita-explorers.dk\/blog\/\",\"logo\":{\"@type\":\"ImageObject\",\"inLanguage\":\"da-DK\",\"@id\":\"https:\/\/www.vita-explorers.dk\/blog\/#\/schema\/logo\/image\/\",\"url\":\"https:\/\/www.globalong.com\/blog\/wp-content\/uploads\/2014\/11\/cropped-cropped-Logo-et-Afrique-Globalong-petite-taille-2.jpg\",\"contentUrl\":\"https:\/\/www.globalong.com\/blog\/wp-content\/uploads\/2014\/11\/cropped-cropped-Logo-et-Afrique-Globalong-petite-taille-2.jpg\",\"width\":512,\"height\":512,\"caption\":\"Association Globalong\"},\"image\":{\"@id\":\"https:\/\/www.vita-explorers.dk\/blog\/#\/schema\/logo\/image\/\"},\"sameAs\":[\"https:\/\/www.facebook.com\/globalong\"]},{\"@type\":\"Person\",\"@id\":\"https:\/\/www.vita-explorers.dk\/blog\/#\/schema\/person\/fc0343a2f2db2ebb2793c1f62dbe73f0\",\"name\":\"VITA Tribe\",\"image\":{\"@type\":\"ImageObject\",\"inLanguage\":\"da-DK\",\"@id\":\"https:\/\/www.vita-explorers.dk\/blog\/#\/schema\/person\/image\/\",\"url\":\"https:\/\/secure.gravatar.com\/avatar\/f7f05026bb439d0c96b30e135e5f852c?s=96&d=mm&r=g\",\"contentUrl\":\"https:\/\/secure.gravatar.com\/avatar\/f7f05026bb439d0c96b30e135e5f852c?s=96&d=mm&r=g\",\"caption\":\"VITA Tribe\"},\"sameAs\":[\"http:\/\/www.globalong.com\"],\"url\":\"https:\/\/www.vita-explorers.dk\/blog\/author\/teamglobalong\/\"}]}<\/script>\n<!-- \/ Yoast SEO Premium plugin. -->","yoast_head_json":{"title":"Tag p\u00e5 et humanit\u00e6rt ophold: Den komplette guide til 2025 og 2026 - VITA Explorers Blog","description":"Partez en mission humanitaire et transformez votre vie ainsi que celle des autres. Guide complet pour vous pr\u00e9parer et faire une diff\u00e9rence.","robots":{"index":"index","follow":"follow","max-snippet":"max-snippet:-1","max-image-preview":"max-image-preview:large","max-video-preview":"max-video-preview:-1"},"canonical":"https:\/\/www.vita-explorers.dk\/blog\/tag-del-i-internationalt-forloeb\/","og_locale":"da_DK","og_type":"article","og_title":"Tag afsted p\u00e5 et ansvarligt ophold","og_description":"Partez en mission humanitaire et transformez votre vie ainsi que celle des autres. Guide complet pour vous pr\u00e9parer et faire une diff\u00e9rence.","og_url":"https:\/\/www.vita-explorers.dk\/blog\/tag-del-i-internationalt-forloeb\/","og_site_name":"VITA Explorers Blog","article_publisher":"https:\/\/www.facebook.com\/globalong","article_published_time":"2024-12-08T00:32:58+00:00","article_modified_time":"2024-12-10T10:18:14+00:00","og_image":[{"width":1260,"height":936,"url":"https:\/\/www.vita-explorers.dk\/blog\/wp-content\/uploads\/2024\/01\/Les-questions-a-se-poser-avant-de-candidater-a-une-mission-humanitaire-.png","type":"image\/png"}],"author":"VITA Tribe","twitter_card":"summary_large_image","twitter_misc":{"Skrevet af":"VITA Tribe","Estimeret l\u00e6setid":"12 minutter"},"schema":{"@context":"https:\/\/schema.org","@graph":[{"@type":"Article","@id":"https:\/\/www.vita-explorers.dk\/blog\/tag-del-i-internationalt-forloeb\/#article","isPartOf":{"@id":"https:\/\/www.vita-explorers.dk\/blog\/tag-del-i-internationalt-forloeb\/"},"author":{"name":"VITA Tribe","@id":"https:\/\/www.vita-explorers.dk\/blog\/#\/schema\/person\/fc0343a2f2db2ebb2793c1f62dbe73f0"},"headline":"Tag afsted p\u00e5 et ansvarligt ophold","datePublished":"2024-12-08T00:32:58+00:00","dateModified":"2024-12-10T10:18:14+00:00","mainEntityOfPage":{"@id":"https:\/\/www.vita-explorers.dk\/blog\/tag-del-i-internationalt-forloeb\/"},"wordCount":2209,"commentCount":0,"publisher":{"@id":"https:\/\/www.vita-explorers.dk\/blog\/#organization"},"image":{"@id":"https:\/\/www.vita-explorers.dk\/blog\/tag-del-i-internationalt-forloeb\/#primaryimage"},"thumbnailUrl":"https:\/\/www.vita-explorers.dk\/blog\/wp-content\/uploads\/2024\/01\/Les-questions-a-se-poser-avant-de-candidater-a-une-mission-humanitaire-.png","articleSection":["Humanit\u00e6rt frivilligt arbejde","Nyheder","VITA Explorers"],"inLanguage":"da-DK","potentialAction":[{"@type":"CommentAction","name":"Comment","target":["https:\/\/www.vita-explorers.dk\/blog\/tag-del-i-internationalt-forloeb\/#respond"]}]},{"@type":"WebPage","@id":"https:\/\/www.vita-explorers.dk\/blog\/tag-del-i-internationalt-forloeb\/","url":"https:\/\/www.vita-explorers.dk\/blog\/tag-del-i-internationalt-forloeb\/","name":"Tag p\u00e5 et humanit\u00e6rt ophold: Den komplette guide til 2025 og 2026 - VITA Explorers Blog","isPartOf":{"@id":"https:\/\/www.vita-explorers.dk\/blog\/#website"},"primaryImageOfPage":{"@id":"https:\/\/www.vita-explorers.dk\/blog\/tag-del-i-internationalt-forloeb\/#primaryimage"},"image":{"@id":"https:\/\/www.vita-explorers.dk\/blog\/tag-del-i-internationalt-forloeb\/#primaryimage"},"thumbnailUrl":"https:\/\/www.vita-explorers.dk\/blog\/wp-content\/uploads\/2024\/01\/Les-questions-a-se-poser-avant-de-candidater-a-une-mission-humanitaire-.png","datePublished":"2024-12-08T00:32:58+00:00","dateModified":"2024-12-10T10:18:14+00:00","description":"Partez en mission humanitaire et transformez votre vie ainsi que celle des autres. Guide complet pour vous pr\u00e9parer et faire une diff\u00e9rence.","breadcrumb":{"@id":"https:\/\/www.vita-explorers.dk\/blog\/tag-del-i-internationalt-forloeb\/#breadcrumb"},"inLanguage":"da-DK","potentialAction":[{"@type":"ReadAction","target":["https:\/\/www.vita-explorers.dk\/blog\/tag-del-i-internationalt-forloeb\/"]}]},{"@type":"ImageObject","inLanguage":"da-DK","@id":"https:\/\/www.vita-explorers.dk\/blog\/tag-del-i-internationalt-forloeb\/#primaryimage","url":"https:\/\/www.vita-explorers.dk\/blog\/wp-content\/uploads\/2024\/01\/Les-questions-a-se-poser-avant-de-candidater-a-une-mission-humanitaire-.png","contentUrl":"https:\/\/www.vita-explorers.dk\/blog\/wp-content\/uploads\/2024\/01\/Les-questions-a-se-poser-avant-de-candidater-a-une-mission-humanitaire-.png","width":1260,"height":936,"caption":"faire du b\u00e9n\u00e9volat \u00e0 l'\u00e9tranger"},{"@type":"BreadcrumbList","@id":"https:\/\/www.vita-explorers.dk\/blog\/tag-del-i-internationalt-forloeb\/#breadcrumb","itemListElement":[{"@type":"ListItem","position":1,"name":"Accueil","item":"https:\/\/www.vita-explorers.dk\/blog\/"},{"@type":"ListItem","position":2,"name":"Tag afsted p\u00e5 et ansvarligt ophold"}]},{"@type":"WebSite","@id":"https:\/\/www.vita-explorers.dk\/blog\/#website","url":"https:\/\/www.vita-explorers.dk\/blog\/","name":"Association Globalong","description":"Frivilligt arbejde, sprogophold, praktik i udlandet og internationale oplevelser","publisher":{"@id":"https:\/\/www.vita-explorers.dk\/blog\/#organization"},"potentialAction":[{"@type":"SearchAction","target":{"@type":"EntryPoint","urlTemplate":"https:\/\/www.vita-explorers.dk\/blog\/?s={search_term_string}"},"query-input":{"@type":"PropertyValueSpecification","valueRequired":true,"valueName":"search_term_string"}}],"inLanguage":"da-DK"},{"@type":"Organization","@id":"https:\/\/www.vita-explorers.dk\/blog\/#organization","name":"Association Globalong","url":"https:\/\/www.vita-explorers.dk\/blog\/","logo":{"@type":"ImageObject","inLanguage":"da-DK","@id":"https:\/\/www.vita-explorers.dk\/blog\/#\/schema\/logo\/image\/","url":"https:\/\/www.globalong.com\/blog\/wp-content\/uploads\/2014\/11\/cropped-cropped-Logo-et-Afrique-Globalong-petite-taille-2.jpg","contentUrl":"https:\/\/www.globalong.com\/blog\/wp-content\/uploads\/2014\/11\/cropped-cropped-Logo-et-Afrique-Globalong-petite-taille-2.jpg","width":512,"height":512,"caption":"Association Globalong"},"image":{"@id":"https:\/\/www.vita-explorers.dk\/blog\/#\/schema\/logo\/image\/"},"sameAs":["https:\/\/www.facebook.com\/globalong"]},{"@type":"Person","@id":"https:\/\/www.vita-explorers.dk\/blog\/#\/schema\/person\/fc0343a2f2db2ebb2793c1f62dbe73f0","name":"VITA Tribe","image":{"@type":"ImageObject","inLanguage":"da-DK","@id":"https:\/\/www.vita-explorers.dk\/blog\/#\/schema\/person\/image\/","url":"https:\/\/secure.gravatar.com\/avatar\/f7f05026bb439d0c96b30e135e5f852c?s=96&d=mm&r=g","contentUrl":"https:\/\/secure.gravatar.com\/avatar\/f7f05026bb439d0c96b30e135e5f852c?s=96&d=mm&r=g","caption":"VITA Tribe"},"sameAs":["http:\/\/www.globalong.com"],"url":"https:\/\/www.vita-explorers.dk\/blog\/author\/teamglobalong\/"}]}},"_links":{"self":[{"href":"https:\/\/www.vita-explorers.dk\/blog\/wp-json\/wp\/v2\/posts\/19512"}],"collection":[{"href":"https:\/\/www.vita-explorers.dk\/blog\/wp-json\/wp\/v2\/posts"}],"about":[{"href":"https:\/\/www.vita-explorers.dk\/blog\/wp-json\/wp\/v2\/types\/post"}],"author":[{"embeddable":true,"href":"https:\/\/www.vita-explorers.dk\/blog\/wp-json\/wp\/v2\/users\/7"}],"replies":[{"embeddable":true,"href":"https:\/\/www.vita-explorers.dk\/blog\/wp-json\/wp\/v2\/comments?post=19512"}],"version-history":[{"count":2,"href":"https:\/\/www.vita-explorers.dk\/blog\/wp-json\/wp\/v2\/posts\/19512\/revisions"}],"predecessor-version":[{"id":19583,"href":"https:\/\/www.vita-explorers.dk\/blog\/wp-json\/wp\/v2\/posts\/19512\/revisions\/19583"}],"wp:featuredmedia":[{"embeddable":true,"href":"https:\/\/www.vita-explorers.dk\/blog\/wp-json\/wp\/v2\/media\/15972"}],"wp:attachment":[{"href":"https:\/\/www.vita-explorers.dk\/blog\/wp-json\/wp\/v2\/media?parent=19512"}],"wp:term":[{"taxonomy":"category","embeddable":true,"href":"https:\/\/www.vita-explorers.dk\/blog\/wp-json\/wp\/v2\/categories?post=19512"},{"taxonomy":"post_tag","embeddable":true,"href":"https:\/\/www.vita-explorers.dk\/blog\/wp-json\/wp\/v2\/tags?post=19512"}],"curies":[{"name":"wp","href":"https:\/\/api.w.org\/{rel}","templated":true}]}}