{"id":19514,"date":"2024-12-09T02:21:47","date_gmt":"2024-12-09T01:21:47","guid":{"rendered":"https:\/\/www.globalong.com\/blog\/?p=19514"},"modified":"2025-09-14T14:29:02","modified_gmt":"2025-09-14T12:29:02","slug":"internationalt-frivilligt-arbejde-2","status":"publish","type":"post","link":"https:\/\/www.vita-explorers.dk\/blog\/internationalt-frivilligt-arbejde-2\/","title":{"rendered":"Internationalt frivilligt arbejde"},"content":{"rendered":"<p><!-- D\u00e9but de l'article --><\/p>\n<h1>Internationalt frivilligt arbejde: Engag\u00e9r dig for en mere b\u00e6redygtig verden<\/h1>\n<p><em>Se, hvordan <a href=\"https:\/\/www.vita-explorers.dk\/blog\/internationalt-frivilligt-ophold\/\" target=\"_blank\" rel=\"noopener\"><strong>internationalt frivilligt arbejde<\/strong><\/a> kan give dig nye perspektiver \u2013 og samtidig bidrage positivt i lokalsamfund verden over. Denne komplette guide giver dig et solidt overblik over, hvad du skal vide, f\u00f8r du tager afsted.<\/em><\/p>\n<p><iframe loading=\"lazy\" title=\"T\u00e9moignage de Mickael, b\u00e9n\u00e9vole avec l&#039;association Globalong en Inde\" width=\"500\" height=\"281\" src=\"https:\/\/www.youtube.com\/embed\/fqe4ZZkPwIE?feature=oembed\" frameborder=\"0\" allow=\"accelerometer; autoplay; clipboard-write; encrypted-media; gyroscope; picture-in-picture; web-share\" referrerpolicy=\"strict-origin-when-cross-origin\" allowfullscreen><\/iframe><\/p>\n<hr \/>\n<h2>Indholdsfortegnelse<\/h2>\n<ul>\n<li><a href=\"#introduction\">Introduktion: Kernen i internationalt frivilligt arbejde<\/a><\/li>\n<li><a href=\"#pourquoi-benevolat-international\">Hvorfor tage afsted som frivillig i udlandet?<\/a>\n<ul>\n<li><a href=\"#impact-communautaire\">Betydning for lokalsamfund<\/a><\/li>\n<li><a href=\"#developpement-personnel\">Personlig udvikling<\/a><\/li>\n<li><a href=\"#experience-culturelle\">Kulturel erfaring<\/a><\/li>\n<li><a href=\"#reseau-mondial\">Opbygning af et internationalt netv\u00e6rk<\/a><\/li>\n<li><a href=\"#competences-professionnelles\">Udvikling af faglige kompetencer<\/a><\/li>\n<\/ul>\n<\/li>\n<li><a href=\"#types-de-programmes\">Typer af internationale forl\u00f8b<\/a>\n<ul>\n<li><a href=\"#enseignement\">Undervisning og uddannelse<\/a><\/li>\n<li><a href=\"#sante\">Sundhed og trivsel<\/a><\/li>\n<li><a href=\"#environnement\">Natur- og milj\u00f8projekter<\/a><\/li>\n<li><a href=\"#developpement-communautaire\">Lokalsamfund og udvikling<\/a><\/li>\n<li><a href=\"#faune-sauvage\">Beskyttelse af vilde dyr<\/a><\/li>\n<li><a href=\"#urgence-humanitaire\">Humanit\u00e6re indsatser i krisesituationer<\/a><\/li>\n<\/ul>\n<\/li>\n<li><a href=\"#comment-choisir\">S\u00e5dan v\u00e6lger du det rigtige program<\/a><\/li>\n<li><a href=\"#preparation\">Forberedelse til dit internationale ophold<\/a><\/li>\n<li><a href=\"#defis\">Udfordringer, du b\u00f8r forvente \u2013 og hvordan du h\u00e5ndterer dem<\/a><\/li>\n<li><a href=\"#benefices\">Personlige og professionelle gevinster<\/a><\/li>\n<li><a href=\"#temoignages\">Oplevelser: Historier, der inspirerer<\/a><\/li>\n<li><a href=\"#faq\">FAQ<\/a><\/li>\n<li><a href=\"#conclusion\">Afslutning: Klar til at g\u00f8re en forskel?<\/a><\/li>\n<\/ul>\n<hr \/>\n<h2 id=\"introduction\">Introduktion: Kernen i internationalt frivilligt arbejde<\/h2>\n<p>Internationalt <strong>frivilligt arbejde<\/strong> handler om at give af din tid og dine kompetencer i et projekt i udlandet. For mange er det en meningsfuld m\u00e5de at st\u00f8tte konkrete indsatser p\u00e5 \u2013 og samtidig l\u00e6re nyt om sig selv og verden.<\/p>\n<p>Uanset om du er <a href=\"https:\/\/www.vita-explorers.dk\/blog\/studiepraktik-som-veterinaerstuderende-i-udlandet\/\" target=\"_blank\" rel=\"noopener\">studerende<\/a>, fagperson p\u00e5 udkig efter et mere v\u00e6rdib\u00e5ret spor, eller <a href=\"https:\/\/www.vita-explorers.dk\/blog\/frivilligt-arbejde-i-udlandet-fransk-laege-paa-pension\/\" target=\"_blank\" rel=\"noopener\">pensionist<\/a> med lyst til at dele erfaring, kan et internationalt <a href=\"https:\/\/www.vita-explorers.dk\/blog\/frivilligt-arbejde-i-udlandet\/\" target=\"_blank\" rel=\"noopener\">frivilligforl\u00f8b<\/a> v\u00e6re en st\u00e6rk kombination af kulturudveksling, l\u00e6ring og ansvarlige ophold. Her f\u00e5r du den viden, du skal bruge for at komme godt i gang.<\/p>\n<hr \/>\n<h2 id=\"pourquoi-benevolat-international\">Hvorfor tage afsted som frivillig i udlandet?<\/h2>\n<h3 id=\"impact-communautaire\"><strong>Betydning for lokalsamfund<\/strong><\/h3>\n<ul>\n<li><strong>St\u00f8tte til mennesker i udsatte situationer<\/strong> : bidrag til at forbedre hverdagsvilk\u00e5r i omr\u00e5der med f\u00e6rre ressourcer.<\/li>\n<li><strong>Bidrag til udvikling<\/strong> : v\u00e6r med i projekter, der arbejder med langtidsholdbare l\u00f8sninger.<\/li>\n<li><strong>Deling af viden<\/strong> : brug dine kompetencer til at styrke lokale muligheder og kapacitet.<\/li>\n<li><strong>Oplysning<\/strong> : v\u00e6r med til at formidle vigtige temaer som sundhed, milj\u00f8 og menneskerettigheder.<\/li>\n<li><strong>Styrkelse af rammer<\/strong> : st\u00f8t op om etablering eller forbedring af fx skoler, klinikker eller f\u00e6llesskabscentre.<\/li>\n<\/ul>\n<h3 id=\"developpement-personnel\"><strong>Personlig udvikling<\/strong><\/h3>\n<ul>\n<li><strong>Selvtillid<\/strong> : f\u00e5 mere ro og sikkerhed ved at pr\u00f8ve noget nyt.<\/li>\n<li><strong>Menneskelige kompetencer<\/strong> : styrk din kommunikation, samarbejde og empati.<\/li>\n<li><strong>Robusthed<\/strong> : l\u00e6r at navigere i uforudsete situationer.<\/li>\n<li><strong>\u00c5benhed<\/strong> : f\u00e5 et bredere blik p\u00e5 verden og din egen rolle i den.<\/li>\n<li><strong>Meningsfuldhed<\/strong> : oplev, at din tid og indsats har v\u00e6rdi.<\/li>\n<\/ul>\n<h3 id=\"experience-culturelle\"><strong>Kulturel erfaring<\/strong><\/h3>\n<ul>\n<li><strong>T\u00e6t p\u00e5 hverdagen<\/strong> : bo og lev i et lokalmilj\u00f8 og f\u00e5 indblik i kulturen indefra.<\/li>\n<li><strong>Sprog<\/strong> : l\u00e6r et nyt sprog eller styrk dine sprogf\u00e6rdigheder.<\/li>\n<li><strong>Madkultur<\/strong> : oplev nye smage og traditioner.<\/li>\n<li><strong>Kulturarv<\/strong> : udforsk historiske steder og lokale traditioner.<\/li>\n<li><strong>M\u00f8der mellem mennesker<\/strong> : skab relationer p\u00e5 tv\u00e6rs af baggrund og perspektiver.<\/li>\n<\/ul>\n<h3 id=\"reseau-mondial\"><strong>Opbygning af et internationalt netv\u00e6rk<\/strong><\/h3>\n<ul>\n<li><strong>Internationalt netv\u00e6rk<\/strong> : m\u00f8d deltagere og fagfolk fra mange lande.<\/li>\n<li><strong>Professionelle muligheder<\/strong> : skab kontakter, der kan \u00e5bne d\u00f8re senere.<\/li>\n<li><strong>Venskaber<\/strong> : oplev f\u00e6llesskab, der kan holde l\u00e6nge.<\/li>\n<li><strong>F\u00e6llesskab blandt deltagere<\/strong> : bliv en del af et engageret og omsorgsfuldt netv\u00e6rk.<\/li>\n<li><strong>Mentoring<\/strong> : find mennesker, der kan give sparring p\u00e5 din personlige og faglige retning.<\/li>\n<\/ul>\n<h3 id=\"competences-professionnelles\"><strong>Udvikling af faglige kompetencer<\/strong><\/h3>\n<ul>\n<li><strong>Projektarbejde<\/strong> : planl\u00e6g og gennemf\u00f8r konkrete opgaver i praksis.<\/li>\n<li><strong>Ledelse<\/strong> : tag initiativ og underst\u00f8t samarbejde i teams.<\/li>\n<li><strong>Faglige f\u00e6rdigheder<\/strong> : opbyg kompetencer, der passer til dit omr\u00e5de.<\/li>\n<li><strong>Omstillingsevne<\/strong> : l\u00e6r at arbejde i forskellige rammer og kulturer.<\/li>\n<li><a href=\"https:\/\/www.vita-explorers.dk\/blog\/tv\u00e6rg\u00e5ende-kompetencer-soft-skills\/\" target=\"_blank\" rel=\"noopener\"><strong>Tv\u00e6rg\u00e5ende kompetencer<\/strong> <\/a>: styrk fx kommunikation, probleml\u00f8sning og samarbejde.<\/li>\n<\/ul>\n<p><img loading=\"lazy\" decoding=\"async\" class=\"aligncenter wp-image-15629 size-medium\" src=\"https:\/\/www.vita-explorers.dk\/blog\/wp-content\/uploads\/2023\/08\/banque-de-france-300x268.png\" alt=\"tv\u00e6rg\u00e5ende kompetencer soft skills\" width=\"300\" height=\"268\" srcset=\"https:\/\/www.vita-explorers.dk\/blog\/wp-content\/uploads\/2023\/08\/banque-de-france-300x268.png 300w, https:\/\/www.vita-explorers.dk\/blog\/wp-content\/uploads\/2023\/08\/banque-de-france-768x686.png 768w, https:\/\/www.vita-explorers.dk\/blog\/wp-content\/uploads\/2023\/08\/banque-de-france.png 938w\" sizes=\"(max-width: 300px) 100vw, 300px\" \/><\/p>\n<hr \/>\n<h2 id=\"types-de-programmes\">Typer af internationale forl\u00f8b<\/h2>\n<h3 id=\"enseignement\"><strong>Undervisning og uddannelse<\/strong><\/h3>\n<p>Bidrag til l\u00e6ring for b\u00f8rn og voksne i omr\u00e5der, hvor adgangen til undervisning er begr\u00e6nset.<\/p>\n<ul>\n<li><strong>Sprogundervisning<\/strong> : del dine sproglige kompetencer.<\/li>\n<li><strong>Lektiehj\u00e6lp<\/strong> : st\u00f8t elever, der har brug for ekstra hj\u00e6lp.<\/li>\n<li><strong>Erhvervsrettet undervisning<\/strong> : afhold workshops i praktiske f\u00e6rdigheder.<\/li>\n<li><strong>Specialp\u00e6dagogisk st\u00f8tte<\/strong> : arbejd med b\u00f8rn med s\u00e6rlige behov.<\/li>\n<li><strong>Udvikling af undervisningsmaterialer<\/strong> : skab ressourcer, der kan bruges i undervisningen.<\/li>\n<\/ul>\n<h3 id=\"sante\"><strong>Sundhed og trivsel<\/strong><\/h3>\n<p><iframe loading=\"lazy\" title=\"Stage infirmier en Tanzanie avec l&#039;association Globalong\" width=\"500\" height=\"281\" src=\"https:\/\/www.youtube.com\/embed\/H_AgGbuHtOc?feature=oembed\" frameborder=\"0\" allow=\"accelerometer; autoplay; clipboard-write; encrypted-media; gyroscope; picture-in-picture; web-share\" referrerpolicy=\"strict-origin-when-cross-origin\" allowfullscreen><\/iframe><\/p>\n<p>Styrk trivsel og sundhed ved at st\u00f8tte indsatser inden for det medicinske omr\u00e5de.<\/p>\n<ul>\n<li><strong>Praktisk st\u00f8tte<\/strong> : hj\u00e6lp sundhedspersonale p\u00e5 klinikker og hospitaler.<\/li>\n<li><strong>Sundhedsoplysning<\/strong> : formidl viden om hygiejne og forebyggelse.<\/li>\n<li><strong>M\u00f8dre- og b\u00f8rnesundhed<\/strong> : st\u00f8tte til m\u00f8dre og nyf\u00f8dte.<\/li>\n<li><strong>Psykisk trivsel<\/strong> : bidrag til mental og f\u00f8lelsesm\u00e6ssig st\u00f8tte.<\/li>\n<li><strong>Vaccinationsindsatser<\/strong> : deltag i programmer, der styrker folkesundheden.<\/li>\n<\/ul>\n<h3 id=\"environnement\"><strong>Natur- og milj\u00f8projekter<\/strong><\/h3>\n<p>V\u00e6r med til at passe p\u00e5 naturen gennem konkrete milj\u00f8projekter.<\/p>\n<ul>\n<li><strong>Skovrejsning<\/strong> : plant tr\u00e6er og bidrag til at mindske afskovning.<\/li>\n<li><strong>Beskyttelse af havet<\/strong> : deltag i oprydning p\u00e5 strande og i kystomr\u00e5der.<\/li>\n<li><strong>Milj\u00f8oplysning<\/strong> : del viden om b\u00e6redygtige hverdagsvalg.<\/li>\n<li><strong>Biodiversitet<\/strong> : arbejde i naturreservater og beskyttede omr\u00e5der.<\/li>\n<li><strong>Vedvarende energi<\/strong> : st\u00f8tte formidling og brug af gr\u00f8nnere l\u00f8sninger.<\/li>\n<\/ul>\n<p><img loading=\"lazy\" decoding=\"async\" class=\"aligncenter wp-image-10432 size-medium\" src=\"https:\/\/www.vita-explorers.dk\/blog\/wp-content\/uploads\/2018\/06\/27113123729_3c78334ea5_o-min-300x169.jpg\" alt=\"internationalt frivilligt arbejde\" width=\"300\" height=\"169\" srcset=\"https:\/\/www.vita-explorers.dk\/blog\/wp-content\/uploads\/2018\/06\/27113123729_3c78334ea5_o-min-300x169.jpg 300w, https:\/\/www.vita-explorers.dk\/blog\/wp-content\/uploads\/2018\/06\/27113123729_3c78334ea5_o-min-768x432.jpg 768w, https:\/\/www.vita-explorers.dk\/blog\/wp-content\/uploads\/2018\/06\/27113123729_3c78334ea5_o-min-1024x575.jpg 1024w, https:\/\/www.vita-explorers.dk\/blog\/wp-content\/uploads\/2018\/06\/27113123729_3c78334ea5_o-min-150x84.jpg 150w\" sizes=\"(max-width: 300px) 100vw, 300px\" \/><\/p>\n<h3 id=\"developpement-communautaire\"><strong>Lokalsamfund og udvikling<\/strong><\/h3>\n<p>St\u00f8t arbejdet med mere robuste og b\u00e6redygtige lokalsamfund.<\/p>\n<ul>\n<li><strong>Byggeri<\/strong> : hj\u00e6lp med at opf\u00f8re eller forbedre vigtig infrastruktur.<\/li>\n<li><strong>Styrkelse af kvinder<\/strong> : st\u00f8t \u00f8konomiske og sociale muligheder for kvinder.<\/li>\n<li><strong>\u00d8konomisk udvikling<\/strong> : hj\u00e6lp med at igangs\u00e6tte mikrovirksomheder.<\/li>\n<li><strong>Vand og adgang<\/strong> : arbejde med l\u00f8sninger, der \u00f8ger adgang til rent drikkevand.<\/li>\n<li><strong>Kunst og kultur<\/strong> : bidrag til at bevare og synligg\u00f8re lokale traditioner.<\/li>\n<\/ul>\n<p><img loading=\"lazy\" decoding=\"async\" class=\"aligncenter wp-image-6826 size-medium\" src=\"https:\/\/www.vita-explorers.dk\/blog\/wp-content\/uploads\/2017\/09\/Construction-dun-centre-socio-e\u0301ducatif-au-Maroc-GlobAlong-min-300x225.jpg\" alt=\"Internationalt frivilligt arbejde i Marokko\" width=\"300\" height=\"225\" srcset=\"https:\/\/www.vita-explorers.dk\/blog\/wp-content\/uploads\/2017\/09\/Construction-dun-centre-socio-e\u0301ducatif-au-Maroc-GlobAlong-min-300x225.jpg 300w, https:\/\/www.vita-explorers.dk\/blog\/wp-content\/uploads\/2017\/09\/Construction-dun-centre-socio-e\u0301ducatif-au-Maroc-GlobAlong-min-768x576.jpg 768w, https:\/\/www.vita-explorers.dk\/blog\/wp-content\/uploads\/2017\/09\/Construction-dun-centre-socio-e\u0301ducatif-au-Maroc-GlobAlong-min-1024x768.jpg 1024w, https:\/\/www.vita-explorers.dk\/blog\/wp-content\/uploads\/2017\/09\/Construction-dun-centre-socio-e\u0301ducatif-au-Maroc-GlobAlong-min-150x113.jpg 150w\" sizes=\"(max-width: 300px) 100vw, 300px\" \/><\/p>\n<h3 id=\"faune-sauvage\"><strong>Beskyttelse af vilde dyr<\/strong><\/h3>\n<p>Bidrag til beskyttelse af truede arter og deres levesteder.<\/p>\n<ul>\n<li><strong>Rehabilitering af dyr<\/strong> : hj\u00e6lp med pleje af s\u00e5rede eller for\u00e6ldrel\u00f8se dyr.<\/li>\n<li><strong>Overv\u00e5gning<\/strong> : indsamling af data til natur- og forskningsarbejde.<\/li>\n<li><strong>Indsatser mod krybskytteri<\/strong> : st\u00f8tte oplysning og forebyggende arbejde.<\/li>\n<li><strong>Milj\u00f8undervisning<\/strong> : formidl, hvorfor naturbeskyttelse er vigtig.<\/li>\n<li><strong>Levesteder<\/strong> : deltag i genopretning af \u00f8kosystemer.<\/li>\n<\/ul>\n<p><img loading=\"lazy\" decoding=\"async\" class=\"aligncenter wp-image-11788 size-medium\" src=\"https:\/\/www.vita-explorers.dk\/blog\/wp-content\/uploads\/2018\/10\/Mission-de-b\u00e9n\u00e9volat-en-Afrique-avce-les-animaux-Globalong-1-min-300x225.jpg\" alt=\"Veterin\u00e6rstuderende arbejder med dyr p\u00e5 et praktikophold i udlandet.\" width=\"300\" height=\"225\" srcset=\"https:\/\/www.vita-explorers.dk\/blog\/wp-content\/uploads\/2018\/10\/Mission-de-b\u00e9n\u00e9volat-en-Afrique-avce-les-animaux-Globalong-1-min-300x225.jpg 300w, https:\/\/www.vita-explorers.dk\/blog\/wp-content\/uploads\/2018\/10\/Mission-de-b\u00e9n\u00e9volat-en-Afrique-avce-les-animaux-Globalong-1-min-768x576.jpg 768w, https:\/\/www.vita-explorers.dk\/blog\/wp-content\/uploads\/2018\/10\/Mission-de-b\u00e9n\u00e9volat-en-Afrique-avce-les-animaux-Globalong-1-min-150x113.jpg 150w, https:\/\/www.vita-explorers.dk\/blog\/wp-content\/uploads\/2018\/10\/Mission-de-b\u00e9n\u00e9volat-en-Afrique-avce-les-animaux-Globalong-1-min.jpg 800w\" sizes=\"(max-width: 300px) 100vw, 300px\" \/><\/p>\n<h3 id=\"urgence-humanitaire\">Humanit\u00e6re indsatser i krisesituationer<\/h3>\n<p>Bidrag i omr\u00e5der ramt af naturkatastrofer eller humanit\u00e6re kriser.<\/p>\n<ul>\n<li><strong>Logistisk st\u00f8tte<\/strong> : hj\u00e6lp med distribution af mad og udstyr.<\/li>\n<li><strong>Akut sundhedsindsats<\/strong> : st\u00f8tte behandlingen af tilskadekomne.<\/li>\n<li><strong>Genopbygning<\/strong> : deltag i reparation og genopbygning af infrastruktur.<\/li>\n<li><strong>Psykosocial st\u00f8tte<\/strong> : hj\u00e6lp mennesker med at h\u00e5ndtere sv\u00e6re oplevelser.<\/li>\n<li><strong>Koordinering<\/strong> : arbejde sammen med organisationer om en effektiv indsats.<\/li>\n<\/ul>\n<hr \/>\n<h2 id=\"comment-choisir\">S\u00e5dan v\u00e6lger du det rigtige program<\/h2>\n<p>Valget af program er afg\u00f8rende for et godt og ansvarligt ophold. Her er nogle kriterier, du kan bruge:<\/p>\n<ol>\n<li><strong>Dine interesser og kompetencer<\/strong> : v\u00e6lg et omr\u00e5de, der motiverer dig, og hvor du realistisk kan bidrage.<\/li>\n<li><strong>Destination<\/strong> : v\u00e6lg et land eller en region, du er nysgerrig p\u00e5.<\/li>\n<li><strong>Varighed<\/strong> : forl\u00f8b kan v\u00e6re alt fra f\u00e5 uger til flere m\u00e5neder.<\/li>\n<li><strong>Pris<\/strong> : lav et overblik over budget, inklusive program, rejse og \u00f8vrige udgifter.<\/li>\n<li><strong>Organisation<\/strong> : kig efter trov\u00e6rdige akt\u00f8rer med gode erfaringer fra tidligere deltagere.<\/li>\n<li><strong>Effekt<\/strong> : unders\u00f8g om indsatsen er forankret og skaber v\u00e6rdi p\u00e5 l\u00e6ngere sigt.<\/li>\n<li><strong>Levevilk\u00e5r<\/strong> : v\u00e6r klar p\u00e5 at tilpasse dig lokale rammer og hverdagsliv.<\/li>\n<\/ol>\n<p><strong>Tip<\/strong> : Kontakt flere organisationer, sammenlign tilbud, og stil konkrete sp\u00f8rgsm\u00e5l, f\u00f8r du beslutter dig.<\/p>\n<div class=\"ti-widget ti-goog\" data-layout-id=\"4\" data-set-id=\"light-background\" data-pid=\"\" data-language=\"fr\" data-version=\"2\" data-review-target-width=\"300\" data-review-text-mode=\"readmore\" data-pager-autoplay-timeout=\"6\" > <div class=\"ti-widget-container ti-col-3\"> <div class=\"ti-reviews-container\"> <div class=\"ti-controls\"> <div class=\"ti-next\" aria-label=\"Avis suivante\" role=\"button\"><\/div> <div class=\"ti-prev\" aria-label=\"Avis pr\u00e9c\u00e9dent\" role=\"button\"><\/div> <\/div> <div class=\"ti-reviews-container-wrapper\">  <div data-empty=\"0\" class=\"ti-review-item source-Google ti-image-layout-thumbnail\" data-id=\"cfcd208495d565ef66e7dff9f98764da\" > <div class=\"ti-inner\"> <div class=\"ti-review-header\"> <div class=\"ti-profile-img\"> <img decoding=\"async\" src=\"https:\/\/lh3.googleusercontent.com\/a\/ACg8ocKpaoKe37CD0_POxO97KqB60GsWQRsIuG2vmCfXT-W_FY44vw=s120-c-rp-mo-br100\" srcset=\"https:\/\/lh3.googleusercontent.com\/a\/ACg8ocKpaoKe37CD0_POxO97KqB60GsWQRsIuG2vmCfXT-W_FY44vw=s120-c-rp-mo-br100 2x\" alt=\"Lucie Correia\" loading=\"lazy\" \/> <\/div> <div class=\"ti-profile-details\"> <div class=\"ti-name\"> Lucie Correia <\/div> <div class=\"ti-date\">2024-10-17<\/div> <\/div> <\/div> <span class=\"ti-stars\"><span class=\"ti-star f\"><\/span><span class=\"ti-star f\"><\/span><span class=\"ti-star f\"><\/span><span class=\"ti-star f\"><\/span><span class=\"ti-star f\"><\/span><\/span> <div class=\"ti-review-text-container ti-review-content\"><!-- R-CONTENT -->La communication avec Globalong est super, personnes tr\u00e8s pr\u00e9sentes pour les b\u00e9n\u00e9voles et \u00e9tudiants partant avec cette association. Elles r\u00e9pondent \u00e0 toutes nos questions et sont tr\u00e8s accessibles au t\u00e9l\u00e9phone.<!-- R-CONTENT --><\/div> <span class=\"ti-read-more\" data-container=\".ti-review-content\" data-collapse-text=\"Cacher\" data-open-text=\"Lire la suite\" ><\/span> <\/div> <\/div>  <div data-empty=\"0\" class=\"ti-review-item source-Google ti-image-layout-thumbnail\" data-id=\"cfcd208495d565ef66e7dff9f98764da\" > <div class=\"ti-inner\"> <div class=\"ti-review-header\"> <div class=\"ti-profile-img\"> <img decoding=\"async\" src=\"https:\/\/lh3.googleusercontent.com\/a-\/ALV-UjWqnnzM7-7c9BDqeTDF-a7pOgNjvLkJ3WshRd_Tn7z0Eu-AGQwo=s120-c-rp-mo-br100\" srcset=\"https:\/\/lh3.googleusercontent.com\/a-\/ALV-UjWqnnzM7-7c9BDqeTDF-a7pOgNjvLkJ3WshRd_Tn7z0Eu-AGQwo=s120-c-rp-mo-br100 2x\" alt=\"Ra\u00efssa Frisch\" loading=\"lazy\" \/> <\/div> <div class=\"ti-profile-details\"> <div class=\"ti-name\"> Ra\u00efssa Frisch <\/div> <div class=\"ti-date\">2024-10-14<\/div> <\/div> <\/div> <span class=\"ti-stars\"><span class=\"ti-star f\"><\/span><span class=\"ti-star f\"><\/span><span class=\"ti-star f\"><\/span><span class=\"ti-star f\"><\/span><span class=\"ti-star f\"><\/span><\/span> <div class=\"ti-review-text-container ti-review-content\"><!-- R-CONTENT -->J\u2019ai d\u00e9j\u00e0 eu l\u2019opportunit\u00e9 de r\u00e9aliser deux projets humanitaires avec l\u2019association Globalong. Je ne peux que la recommander, car j\u2019ai toujours b\u00e9n\u00e9fici\u00e9 d\u2019un excellent accompagnement, aussi bien avant que pendant le voyage. On ne vous laisse pas vous d\u00e9brouiller seuls, bien au contraire, vous \u00eates tr\u00e8s bien encadr\u00e9s pour accomplir toutes les d\u00e9marches dans les d\u00e9lais.\n\nAu-del\u00e0 du suivi, les exp\u00e9riences humanitaires propos\u00e9es par Globalong ne peuvent que transformer votre vie de mani\u00e8re positive. Elles vous apportent une richesse humaine inestimable.<!-- R-CONTENT --><\/div> <span class=\"ti-read-more\" data-container=\".ti-review-content\" data-collapse-text=\"Cacher\" data-open-text=\"Lire la suite\" ><\/span> <\/div> <\/div>  <div data-empty=\"0\" class=\"ti-review-item source-Google ti-image-layout-thumbnail\" data-id=\"cfcd208495d565ef66e7dff9f98764da\" > <div class=\"ti-inner\"> <div class=\"ti-review-header\"> <div class=\"ti-profile-img\"> <img decoding=\"async\" src=\"https:\/\/lh3.googleusercontent.com\/a\/ACg8ocJL-Dxv25YkXK2QwWPNRxTVqZCv5uTmDQDFg5qslKra3vRZew=s120-c-rp-mo-br100\" srcset=\"https:\/\/lh3.googleusercontent.com\/a\/ACg8ocJL-Dxv25YkXK2QwWPNRxTVqZCv5uTmDQDFg5qslKra3vRZew=s120-c-rp-mo-br100 2x\" alt=\"Tara Turan\" loading=\"lazy\" \/> <\/div> <div class=\"ti-profile-details\"> <div class=\"ti-name\"> Tara Turan <\/div> <div class=\"ti-date\">2024-10-14<\/div> <\/div> <\/div> <span class=\"ti-stars\"><span class=\"ti-star f\"><\/span><span class=\"ti-star f\"><\/span><span class=\"ti-star f\"><\/span><span class=\"ti-star f\"><\/span><span class=\"ti-star f\"><\/span><\/span> <div class=\"ti-review-text-container ti-review-content\"><!-- R-CONTENT -->Une des meilleures associations que j\u2019ai pu faire !\nUne organisation et un suivi vraiment parfait, c\u2019est avec grand plaisir que je referai un projet avec eux.<!-- R-CONTENT --><\/div> <span class=\"ti-read-more\" data-container=\".ti-review-content\" data-collapse-text=\"Cacher\" data-open-text=\"Lire la suite\" ><\/span> <\/div> <\/div>  <div data-empty=\"0\" class=\"ti-review-item source-Google ti-image-layout-thumbnail\" data-id=\"cfcd208495d565ef66e7dff9f98764da\" > <div class=\"ti-inner\"> <div class=\"ti-review-header\"> <div class=\"ti-profile-img\"> <img decoding=\"async\" src=\"https:\/\/lh3.googleusercontent.com\/a\/ACg8ocLctTPNovSk3eKM0b_MIPOfcFEQsz2135Cdu59_BWRVsIYC7Q=s120-c-rp-mo-br100\" srcset=\"https:\/\/lh3.googleusercontent.com\/a\/ACg8ocLctTPNovSk3eKM0b_MIPOfcFEQsz2135Cdu59_BWRVsIYC7Q=s120-c-rp-mo-br100 2x\" alt=\"Repiquet Julie\" loading=\"lazy\" \/> <\/div> <div class=\"ti-profile-details\"> <div class=\"ti-name\"> Repiquet Julie <\/div> <div class=\"ti-date\">2024-10-13<\/div> <\/div> <\/div> <span class=\"ti-stars\"><span class=\"ti-star f\"><\/span><span class=\"ti-star f\"><\/span><span class=\"ti-star f\"><\/span><span class=\"ti-star f\"><\/span><span class=\"ti-star f\"><\/span><\/span> <div class=\"ti-review-text-container ti-review-content\"><!-- R-CONTENT -->Tr\u00e8s bon accompagnement de la part de Globalong, du premier jour avec toutes mes interrogations, jusqu'au d\u00e9part dans quelques jours. Le dossier transmis apr\u00e8s validation de la mission est plus que complet, les webmaster tr\u00e8s int\u00e9ressantes et permettent de d\u00e9charger mentalement ce genre de pr\u00e9paration, tout est pr\u00e9vu il n'y a plus qu'\u00e0 suivre ! Merci \u00e0 Florence de r\u00e9pondre \u00e0 toutes mes questions avec gentillesse et bienveillance, cela m'a permis de passer le cap!\nMaintenant, il n'y a plus qu'\u00e0 \ud83d\ude00<!-- R-CONTENT --><\/div> <span class=\"ti-read-more\" data-container=\".ti-review-content\" data-collapse-text=\"Cacher\" data-open-text=\"Lire la suite\" ><\/span> <\/div> <\/div>  <div data-empty=\"0\" class=\"ti-review-item source-Google ti-image-layout-thumbnail\" data-id=\"cfcd208495d565ef66e7dff9f98764da\" > <div class=\"ti-inner\"> <div class=\"ti-review-header\"> <div class=\"ti-profile-img\"> <img decoding=\"async\" src=\"https:\/\/lh3.googleusercontent.com\/a\/ACg8ocJJTdmTWs8nAA0yuH_cKOUgzc6GFAkHBiXhpnnVYXaWMBZsHw=s120-c-rp-mo-br100\" srcset=\"https:\/\/lh3.googleusercontent.com\/a\/ACg8ocJJTdmTWs8nAA0yuH_cKOUgzc6GFAkHBiXhpnnVYXaWMBZsHw=s120-c-rp-mo-br100 2x\" alt=\"Marine Guilhamat\" loading=\"lazy\" \/> <\/div> <div class=\"ti-profile-details\"> <div class=\"ti-name\"> Marine Guilhamat <\/div> <div class=\"ti-date\">2024-10-09<\/div> <\/div> <\/div> <span class=\"ti-stars\"><span class=\"ti-star f\"><\/span><span class=\"ti-star f\"><\/span><span class=\"ti-star f\"><\/span><span class=\"ti-star f\"><\/span><span class=\"ti-star f\"><\/span><\/span> <div class=\"ti-review-text-container ti-review-content\"><!-- R-CONTENT -->Tr\u00e8s belle association qui offre un cadre super s\u00e9curisant et permet de s\u2019investir dans des projets qui ont du sens. Merci \u00e0 l\u2019\u00e9quipe Globalong pour votre disponibilit\u00e9, gentillesse et accompagnement !<!-- R-CONTENT --><\/div> <span class=\"ti-read-more\" data-container=\".ti-review-content\" data-collapse-text=\"Cacher\" data-open-text=\"Lire la suite\" ><\/span> <\/div> <\/div>  <div data-empty=\"0\" class=\"ti-review-item source-Google ti-image-layout-thumbnail\" data-id=\"cfcd208495d565ef66e7dff9f98764da\" > <div class=\"ti-inner\"> <div class=\"ti-review-header\"> <div class=\"ti-profile-img\"> <img decoding=\"async\" src=\"https:\/\/lh3.googleusercontent.com\/a\/ACg8ocIgITHXKo46qgJyPqlJeAcxz11gCKUJpGIk2qauiIe2O3iZ6w=s120-c-rp-mo-br100\" srcset=\"https:\/\/lh3.googleusercontent.com\/a\/ACg8ocIgITHXKo46qgJyPqlJeAcxz11gCKUJpGIk2qauiIe2O3iZ6w=s120-c-rp-mo-br100 2x\" alt=\"Laura Mercier\" loading=\"lazy\" \/> <\/div> <div class=\"ti-profile-details\"> <div class=\"ti-name\"> Laura Mercier <\/div> <div class=\"ti-date\">2024-10-08<\/div> <\/div> <\/div> <span class=\"ti-stars\"><span class=\"ti-star f\"><\/span><span class=\"ti-star f\"><\/span><span class=\"ti-star f\"><\/span><span class=\"ti-star f\"><\/span><span class=\"ti-star f\"><\/span><\/span> <div class=\"ti-review-text-container ti-review-content\"><!-- R-CONTENT -->Mon d\u00e9part approche, je pars dans une semaine, et depuis le d\u00e9but de mon inscription je suis tr\u00e8s satisfaite du suivi effectu\u00e9 par l\u2019association. Ils sont tr\u00e8s disponibles et r\u00e9pondent rapidement \u00e0 l\u2019ensemble des questions. Je suis tr\u00e8s contente de partir faire cette mission humanitaire encadr\u00e9e par cette association. Je recommande vraiment.<!-- R-CONTENT --><\/div> <span class=\"ti-read-more\" data-container=\".ti-review-content\" data-collapse-text=\"Cacher\" data-open-text=\"Lire la suite\" ><\/span> <\/div> <\/div>  <div data-empty=\"0\" class=\"ti-review-item source-Google ti-image-layout-thumbnail\" data-id=\"cfcd208495d565ef66e7dff9f98764da\" > <div class=\"ti-inner\"> <div class=\"ti-review-header\"> <div class=\"ti-profile-img\"> <img decoding=\"async\" src=\"https:\/\/lh3.googleusercontent.com\/a-\/ALV-UjVVr0YMQhXl8QNEEB32l-rnoaYwvRZUjIEX9OEwPE_1fQwzIyk=s120-c-rp-mo-br100\" srcset=\"https:\/\/lh3.googleusercontent.com\/a-\/ALV-UjVVr0YMQhXl8QNEEB32l-rnoaYwvRZUjIEX9OEwPE_1fQwzIyk=s120-c-rp-mo-br100 2x\" alt=\"Anouk Rzkt\" loading=\"lazy\" \/> <\/div> <div class=\"ti-profile-details\"> <div class=\"ti-name\"> Anouk Rzkt <\/div> <div class=\"ti-date\">2024-10-02<\/div> <\/div> <\/div> <span class=\"ti-stars\"><span class=\"ti-star f\"><\/span><span class=\"ti-star f\"><\/span><span class=\"ti-star f\"><\/span><span class=\"ti-star f\"><\/span><span class=\"ti-star f\"><\/span><\/span> <div class=\"ti-review-text-container ti-review-content\"><!-- R-CONTENT -->Globalong est l'association parfaite. L'\u00e9quipe offre un v\u00e9ritable accompagnement rythm\u00e9 par beaucoup de conseils et d'\u00e9coute. Le site est tr\u00e8s bien fait avec des dossiers complets allant des sujets tr\u00e8s pratiques a d'autres plus th\u00e9oriques (tels que le choc culturel par exemple). Je recommande vivement et remercie sinc\u00e8rement toute l'\u00e9quipe pour leur gentillesse et investissement !<!-- R-CONTENT --><\/div> <span class=\"ti-read-more\" data-container=\".ti-review-content\" data-collapse-text=\"Cacher\" data-open-text=\"Lire la suite\" ><\/span> <\/div> <\/div>  <\/div> <div class=\"ti-controls-line\"> <div class=\"dot\"><\/div> <\/div> <\/div> <div class=\"ti-footer\"> <div class=\"ti-rating-text\"> <span class=\"nowrap\">\u00c9valuation <strong>Google<\/strong> : <\/span><span class=\"nowrap\"><strong>4.8<\/strong> sur 5, <\/span><span class=\"nowrap\">Bas\u00e9e sur <strong>240 avis<\/strong><\/span> <\/div> <\/div>  <\/div> <\/div> \n<hr \/>\n<h2 id=\"preparation\">Forberedelse til dit internationale ophold<\/h2>\n<ul>\n<li><strong>Praktisk papirarbejde<\/strong> : gyldigt pas, visum og eventuelle tilladelser, hvis det kr\u00e6ves.<\/li>\n<li><strong>Sundhed<\/strong> : vaccinationer, forebyggende behandling og international sygeforsikring.<\/li>\n<li><strong>Forsikringer<\/strong> : rejse-, sundheds- og ansvarsforsikring.<\/li>\n<li><strong>Forberedelse<\/strong> : nogle organisationer tilbyder pre-departure tr\u00e6ning eller intro.<\/li>\n<li><strong>Sprog<\/strong> : l\u00e6r det grundl\u00e6ggende i det lokale sprog.<\/li>\n<li><strong>Budget<\/strong> : l\u00e6g et realistisk budget med luft til uforudsete udgifter.<\/li>\n<li><strong>Bagage<\/strong> : pak t\u00f8j og udstyr, der passer til klima og opgaver.<\/li>\n<li><strong>Mental forberedelse<\/strong> : v\u00e6r \u00e5ben for nye oplevelser \u2013 ogs\u00e5 dem, der kan udfordre dig.<\/li>\n<\/ul>\n<hr \/>\n<h2 id=\"defis\">Udfordringer, du b\u00f8r forvente \u2013 og hvordan du h\u00e5ndterer dem<\/h2>\n<ul>\n<li><a href=\"https:\/\/www.vita-explorers.dk\/blog\/kulturchok-det-er-helt-normalt\/\" target=\"_blank\" rel=\"noopener\"><strong>Kulturchok<\/strong><\/a> : s\u00e6t dig ind i kulturen p\u00e5 forh\u00e5nd, og m\u00f8d forskelle med nysgerrighed.<\/li>\n<li><strong>Enklere levevilk\u00e5r<\/strong> : tilpas dig, og se det som en del af l\u00e6ringen.<\/li>\n<li><strong>Sprogbarriere<\/strong> : l\u00e6r n\u00f8glefraser, og brug overs\u00e6ttelsesapps ved behov.<\/li>\n<li><strong>F\u00f8lelser<\/strong> : v\u00e6r opm\u00e6rksom p\u00e5 din trivsel, og tal med nogen, n\u00e5r det bliver sv\u00e6rt.<\/li>\n<li><strong>Begr\u00e6nsede ressourcer<\/strong> : t\u00e6nk kreativt og v\u00e6r fleksibel i l\u00f8sningerne.<\/li>\n<li><strong>Sikkerhed<\/strong> : f\u00f8lg organisationens retningslinjer, og hold dig l\u00f8bende orienteret.<\/li>\n<li><strong>Etik<\/strong> : handl altid respektfuldt og med hensyn til mennesker og lokale sammenh\u00e6nge.<\/li>\n<\/ul>\n<hr \/>\n<h2 id=\"benefices\">Personlige og professionelle gevinster<\/h2>\n<h3>Personlig udvikling<\/h3>\n<ul>\n<li><strong>Selvtillid<\/strong> : styrket tro p\u00e5 egne evner.<\/li>\n<li><strong>Empati<\/strong> : dybere forst\u00e5else for andres hverdag og vilk\u00e5r.<\/li>\n<li><strong>Robusthed<\/strong> : evnen til at komme videre, n\u00e5r noget er sv\u00e6rt.<\/li>\n<li><strong>\u00c5benhed<\/strong> : et bredere perspektiv p\u00e5 verden.<\/li>\n<li><strong>T\u00e5lmodighed<\/strong> : st\u00f8rre tolerance og ro i samarbejdet med andre.<\/li>\n<\/ul>\n<h3>Faglige kompetencer<\/h3>\n<ul>\n<li><strong>Ledelse<\/strong> : evnen til at tage ansvar og motivere andre.<\/li>\n<li><strong>Projektstyring<\/strong> : planl\u00e6gning, organisering og gennemf\u00f8relse i praksis.<\/li>\n<li><strong>Faglige f\u00e6rdigheder<\/strong> : kompetencer knyttet til dit forl\u00f8b og dine opgaver.<\/li>\n<li><strong>Omstillingsevne<\/strong> : at kunne trives i forskellige arbejdsmilj\u00f8er.<\/li>\n<li><strong>Probleml\u00f8sning<\/strong> : at finde l\u00f8sninger, n\u00e5r rammerne \u00e6ndrer sig.<\/li>\n<\/ul>\n<h3>Internationalt netv\u00e6rk<\/h3>\n<ul>\n<li><strong>M\u00f8der<\/strong> : kontakt med mennesker fra mange steder i verden.<\/li>\n<li><strong>Muligheder<\/strong> : adgang til nye l\u00e6rings- og karrierespor.<\/li>\n<li><strong>Samarbejder<\/strong> : mulighed for at bygge videre p\u00e5 relationer og projekter.<\/li>\n<li><strong>Mentoring<\/strong> : find sparringspartnere, der kan st\u00f8tte din udvikling.<\/li>\n<li><strong>F\u00e6llesskab<\/strong> : blive en del af et engageret f\u00e6llesskab.<\/li>\n<\/ul>\n<h3>Personlig tilfredshed<\/h3>\n<ul>\n<li><strong>Positivt bidrag<\/strong> : gl\u00e6den ved at v\u00e6re med til at st\u00f8tte andre.<\/li>\n<li><strong>Resultater<\/strong> : f\u00f8lelsen af at have n\u00e5et noget \u2013 sammen med andre.<\/li>\n<li><strong>Form\u00e5l<\/strong> : oplevelsen af mening i det, du g\u00f8r.<\/li>\n<li><strong>Anerkendelse<\/strong> : v\u00e6rds\u00e6ttelse fra de mennesker, du samarbejder med.<\/li>\n<li><strong>Aftryk<\/strong> : at v\u00e6re med til at skabe noget, der kan leve videre.<\/li>\n<\/ul>\n<hr \/>\n<h2 id=\"temoignages\">Oplevelser: Historier, der inspirerer<\/h2>\n<p><img loading=\"lazy\" decoding=\"async\" class=\"aligncenter wp-image-15758 size-medium\" src=\"https:\/\/www.vita-explorers.dk\/blog\/wp-content\/uploads\/2023\/10\/mission-humanitaire-perou-300x224.png\" alt=\"Humanit\u00e6re rejser for unge voksne\" width=\"300\" height=\"224\" srcset=\"https:\/\/www.vita-explorers.dk\/blog\/wp-content\/uploads\/2023\/10\/mission-humanitaire-perou-300x224.png 300w, https:\/\/www.vita-explorers.dk\/blog\/wp-content\/uploads\/2023\/10\/mission-humanitaire-perou-1024x765.png 1024w, https:\/\/www.vita-explorers.dk\/blog\/wp-content\/uploads\/2023\/10\/mission-humanitaire-perou-768x574.png 768w, https:\/\/www.vita-explorers.dk\/blog\/wp-content\/uploads\/2023\/10\/mission-humanitaire-perou.png 1172w\" sizes=\"(max-width: 300px) 100vw, 300px\" \/><\/p>\n<h3>Oplevelse 1: Sophie i Peru<\/h3>\n<p><strong>Baggrund<\/strong> : Sophie, 24 \u00e5r, deltog i et forl\u00f8b med engelskundervisning i Peru.<\/p>\n<p><strong>Oplevelse<\/strong> : Hun underviste p\u00e5 en skole i et landomr\u00e5de og startede en l\u00e6seklub.<\/p>\n<p><strong>Resultat<\/strong> : Eleverne blev bedre sprogligt og fik mere lyst til at l\u00e6se.<\/p>\n<h3>Oplevelse 2: Marc i Tanzania<\/h3>\n<p><img loading=\"lazy\" decoding=\"async\" class=\"aligncenter wp-image-15786 size-medium\" src=\"https:\/\/www.vita-explorers.dk\/blog\/wp-content\/uploads\/2023\/10\/mission-humanitaire-tanzanie-300x300.png\" alt=\"ingeni\u00f8rpraktik btp i udlandet\" width=\"300\" height=\"300\" srcset=\"https:\/\/www.vita-explorers.dk\/blog\/wp-content\/uploads\/2023\/10\/mission-humanitaire-tanzanie-300x300.png 300w, https:\/\/www.vita-explorers.dk\/blog\/wp-content\/uploads\/2023\/10\/mission-humanitaire-tanzanie-1024x1020.png 1024w, https:\/\/www.vita-explorers.dk\/blog\/wp-content\/uploads\/2023\/10\/mission-humanitaire-tanzanie-150x150.png 150w, https:\/\/www.vita-explorers.dk\/blog\/wp-content\/uploads\/2023\/10\/mission-humanitaire-tanzanie-768x765.png 768w, https:\/\/www.vita-explorers.dk\/blog\/wp-content\/uploads\/2023\/10\/mission-humanitaire-tanzanie.png 1086w\" sizes=\"(max-width: 300px) 100vw, 300px\" \/><\/p>\n<p>\u00a0<\/p>\n<p><strong>Baggrund<\/strong> : Marc, 30 \u00e5r, agronomingeni\u00f8r, deltog i et projekt med fokus p\u00e5 landbrugsudvikling.<\/p>\n<p><strong>Oplevelse<\/strong> : Han hjalp med at introducere mere b\u00e6redygtige dyrkningsmetoder.<\/p>\n<p><strong>Resultat<\/strong> : Produktionen p\u00e5 lokale g\u00e5rde steg, hvilket forbedrede vilk\u00e5rene for flere familier.<\/p>\n<h3>Oplevelse 3: Lisa i Indien<\/h3>\n<p><img loading=\"lazy\" decoding=\"async\" class=\"aligncenter wp-image-12017 size-medium\" src=\"https:\/\/www.vita-explorers.dk\/blog\/wp-content\/uploads\/2018\/12\/DSCN1591-min-300x225.jpg\" alt=\"Humanit\u00e6rt studenterophold i udlandet\" width=\"300\" height=\"225\" srcset=\"https:\/\/www.vita-explorers.dk\/blog\/wp-content\/uploads\/2018\/12\/DSCN1591-min-300x225.jpg 300w, https:\/\/www.vita-explorers.dk\/blog\/wp-content\/uploads\/2018\/12\/DSCN1591-min-150x113.jpg 150w, https:\/\/www.vita-explorers.dk\/blog\/wp-content\/uploads\/2018\/12\/DSCN1591-min.jpg 640w\" sizes=\"(max-width: 300px) 100vw, 300px\" \/><\/p>\n<p><strong>Baggrund<\/strong> : Lisa, 27 \u00e5r, deltog i et forl\u00f8b med fokus p\u00e5 at styrke kvinders rettigheder i Indien.<\/p>\n<p><strong>Oplevelse<\/strong> : Hun afholdt workshops om empowerment og kvinders rettigheder.<\/p>\n<p><strong>Resultat<\/strong> : Flere kvinder startede mikrovirksomheder med den st\u00f8tte, de havde f\u00e5et.<\/p>\n<hr \/>\n<h2 id=\"faq\">FAQ<\/h2>\n<h3><strong>Skal jeg have s\u00e6rlige kvalifikationer for at lave frivilligt arbejde i udlandet?<\/strong><\/h3>\n<p>Ikke n\u00f8dvendigvis. Mange programmer er \u00e5bne for alle, men nogle forl\u00f8b kan kr\u00e6ve specifikke kompetencer.<\/p>\n<h3><strong>Hvad koster et internationalt frivilligforl\u00f8b?<\/strong><\/h3>\n<p>Prisen varierer afh\u00e6ngigt af varighed, destination og organisation.<\/p>\n<h3><strong>Hvor l\u00e6nge b\u00f8r et frivilligophold vare?<\/strong><\/h3>\n<p>Det afh\u00e6nger af dine muligheder og programmets behov og kan v\u00e6re alt fra to uger til et \u00e5r.<\/p>\n<h3><strong>Er internationalt frivilligt arbejde sikkert?<\/strong><\/h3>\n<p>Organisationer g\u00f8r meget for at skabe trygge rammer. Det er vigtigt at f\u00f8lge retningslinjer og holde sig orienteret om lokale forhold.<\/p>\n<h3><strong>Kan jeg tage afsted med <a href=\"https:\/\/www.vita-explorers.dk\/blog\/frivilligt-arbejde-i-udlandet\/\" target=\"_blank\" rel=\"noopener\">internationalt frivilligt arbejde<\/a>, hvis jeg ikke taler det lokale sprog?<\/strong><\/h3>\n<p>Ja, engelsk er ofte nok, men det er altid en fordel at kunne et par lokale fraser.<\/p>\n<h3><strong>Hvordan finder jeg det frivilligprogram, der passer til mig?<\/strong><\/h3>\n<p>Start med dine interesser, find trov\u00e6rdige organisationer, og kontakt dem for mere information.<\/p>\n<h3><strong>D\u00e6kker programgebyret alle udgifter?<\/strong><\/h3>\n<p>Gebyret d\u00e6kker typisk overnatning, mad og st\u00f8tte p\u00e5 stedet, men ikke flybilletter og personlige udgifter.<\/p>\n<h3><strong>Kan jeg tage p\u00e5 frivilligophold i udlandet med familien?<\/strong><\/h3>\n<p>Ja, nogle organisationer tilbyder forl\u00f8b, der er tilpasset familier.<\/p>\n<hr \/>\n<h2 id=\"conclusion\">Afslutning: Klar til at g\u00f8re en forskel?<\/h2>\n<p>Internationalt <strong>frivilligt arbejde<\/strong> kan give dig nye erfaringer og perspektiver \u2013 samtidig med at du bidrager til indsatser, der betyder noget. N\u00e5r du engagerer dig, v\u00e6lger du at bruge din tid p\u00e5 en m\u00e5de, der kan skabe v\u00e6rdi b\u00e5de for andre og for dig selv.<\/p>\n<p><strong>T\u00f8v ikke<\/strong> \u2013 tag det f\u00f8rste skridt mod et meningsfuldt ophold og bliv en del af forandringen.<\/p>\n<hr \/>\n<h2>Nyttige links<\/h2>\n<p><img loading=\"lazy\" decoding=\"async\" class=\"aligncenter wp-image-18965 size-medium\" src=\"https:\/\/www.vita-explorers.dk\/blog\/wp-content\/uploads\/2014\/11\/cropped-cropped-Logo-et-Afrique-Globalong-petite-taille-2-300x300.jpg\" alt=\"VITA Institute, internationalt frivilligt arbejde\" width=\"300\" height=\"300\" srcset=\"https:\/\/www.vita-explorers.dk\/blog\/wp-content\/uploads\/2014\/11\/cropped-cropped-Logo-et-Afrique-Globalong-petite-taille-2-300x300.jpg 300w, https:\/\/www.vita-explorers.dk\/blog\/wp-content\/uploads\/2014\/11\/cropped-cropped-Logo-et-Afrique-Globalong-petite-taille-2-150x150.jpg 150w, https:\/\/www.vita-explorers.dk\/blog\/wp-content\/uploads\/2014\/11\/cropped-cropped-Logo-et-Afrique-Globalong-petite-taille-2-270x270.jpg 270w, https:\/\/www.vita-explorers.dk\/blog\/wp-content\/uploads\/2014\/11\/cropped-cropped-Logo-et-Afrique-Globalong-petite-taille-2-192x192.jpg 192w, https:\/\/www.vita-explorers.dk\/blog\/wp-content\/uploads\/2014\/11\/cropped-cropped-Logo-et-Afrique-Globalong-petite-taille-2-180x180.jpg 180w, https:\/\/www.vita-explorers.dk\/blog\/wp-content\/uploads\/2014\/11\/cropped-cropped-Logo-et-Afrique-Globalong-petite-taille-2-32x32.jpg 32w, https:\/\/www.vita-explorers.dk\/blog\/wp-content\/uploads\/2014\/11\/cropped-cropped-Logo-et-Afrique-Globalong-petite-taille-2.jpg 512w\" sizes=\"(max-width: 300px) 100vw, 300px\" \/><\/p>\n<ul>\n<li><a href=\"https:\/\/www.vita-explorers.dk\/\" target=\"_blank\" rel=\"noopener\">VITA Institute \u2013 Internationalt frivilligt arbejde<\/a><\/li>\n<\/ul>\n<hr \/>\n<h2>Del denne artikel<\/h2>\n<p><a title=\"Togo\" href=\"https:\/\/www.flickr.com\/photos\/globalong\/albums\/72157640040896094\" data-flickr-embed=\"true\" data-footer=\"true\"><img loading=\"lazy\" decoding=\"async\" class=\"aligncenter\" src=\"https:\/\/live.staticflickr.com\/1604\/25247653136_5b992c9f30_w.jpg\" alt=\"Togo\" width=\"400\" height=\"300\" \/><\/a><script async src=\"\/\/embedr.flickr.com\/assets\/client-code.js\" charset=\"utf-8\"><\/script><\/p>\n<hr \/>\n<h2>Kontakt os<\/h2>\n<p style=\"text-align: center;\">Har du sp\u00f8rgsm\u00e5l om internationalt frivilligt arbejde, s\u00e5 <strong><a href=\"https:\/\/www.vita-explorers.dk\/contact-globalong.html\" target=\"_blank\" rel=\"noopener\">kontakt VITA Institute<\/a><\/strong>.<\/p>\n<hr \/>\n<p style=\"text-align: center;\"><strong>Vil du f\u00f8lge med i VITA Institute og vores community, s\u00e5 find os p\u00e5\u00a0<a href=\"https:\/\/www.instagram.com\/globalongofficiel\/\"><span class=\"s2\">Instagram<\/span><\/a>,\u00a0<a href=\"https:\/\/www.facebook.com\/globalong\"><span class=\"s2\">Facebook<\/span><\/a>,\u00a0<a href=\"https:\/\/www.linkedin.com\/company\/5113177\/admin\/feed\/posts\/\"><span class=\"s2\">LinkedIn<\/span><\/a>\u00a0og\u00a0<a href=\"https:\/\/www.youtube.com\/c\/globalong\/videos\"><span class=\"s2\">YouTube<\/span><\/a>\u00a0!\u00a0<\/strong><\/p>\n<hr \/>\n<p><!-- Schema Markup JSON-LD pour l'article et les FAQ --><br \/>\n<script type=\"application\/ld+json\">\n{\n  \"@context\": \"https:\/\/schema.org\",\n  \"@graph\": [\n    {\n      \"@type\": \"Article\",\n      \"headline\": \"Internationalt frivilligt arbejde: Engag\u00e9r dig for en mere b\u00e6redygtig verden\",\n      \"image\": \"https:\/\/www.votre-site.com\/images\/benevolat-international.jpg\",\n      \"author\": {\n        \"@type\": \"Person\",\n        \"name\": \"Dit navn\"\n      },\n      \"publisher\": {\n        \"@type\": \"Organization\",\n        \"name\": \"VITA Institute\",\n        \"logo\": {\n          \"@type\": \"ImageObject\",\n          \"url\": \"https:\/\/www.vita-explorers.dk\/images\/logo-globalong.png\"\n        }\n      },\n      \"datePublished\": \"2023-10-25\",\n      \"dateModified\": \"2023-10-25\",\n      \"description\": \"Se, hvordan internationalt frivilligt arbejde kan give dig nye perspektiver \u2013 og samtidig bidrage positivt i lokalsamfund verden over. Denne komplette guide giver dig et solidt overblik over, hvad du skal vide, f\u00f8r du tager afsted.\",\n      \"mainEntityOfPage\": {\n        \"@type\": \"WebPage\",\n        \"@id\": \"https:\/\/www.votre-site.com\/benevolat-international\"\n      }\n    },\n    {\n      \"@type\": \"FAQPage\",\n      \"mainEntity\": [\n        {\n          \"@type\": \"Question\",\n          \"name\": \"Skal jeg have s\u00e6rlige kvalifikationer for at lave frivilligt arbejde i udlandet?\",\n          \"acceptedAnswer\": {\n            \"@type\": \"Answer\",\n            \"text\": \"Ikke n\u00f8dvendigvis. Mange programmer er \u00e5bne for alle, men nogle forl\u00f8b kan kr\u00e6ve specifikke kompetencer.\"\n          }\n        },\n        {\n          \"@type\": \"Question\",\n          \"name\": \"Hvad koster et internationalt frivilligforl\u00f8b?\",\n          \"acceptedAnswer\": {\n            \"@type\": \"Answer\",\n            \"text\": \"Prisen varierer afh\u00e6ngigt af varighed, destination og organisation, typisk mellem 500 \u20ac og 3.500 \u20ac for flere uger.\"\n          }\n        },\n        {\n          \"@type\": \"Question\",\n          \"name\": \"Hvor l\u00e6nge b\u00f8r et frivilligophold vare?\",\n          \"acceptedAnswer\": {\n            \"@type\": \"Answer\",\n            \"text\": \"Det afh\u00e6nger af dine muligheder og programmets behov og kan v\u00e6re alt fra to uger til et \u00e5r.\"\n          }\n        },\n        {\n          \"@type\": \"Question\",\n          \"name\": \"Er internationalt frivilligt arbejde sikkert?\",\n          \"acceptedAnswer\": {\n            \"@type\": \"Answer\",\n            \"text\": \"Organisationer g\u00f8r meget for at skabe trygge rammer. Det er vigtigt at f\u00f8lge retningslinjer og holde sig orienteret om lokale forhold.\"\n          }\n        },\n        {\n          \"@type\": \"Question\",\n          \"name\": \"Kan jeg tage afsted med internationalt frivilligt arbejde, hvis jeg ikke taler det lokale sprog?\",\n          \"acceptedAnswer\": {\n            \"@type\": \"Answer\",\n            \"text\": \"Ja, engelsk er ofte nok, men det er altid en fordel at kunne et par lokale fraser.\"\n          }\n        },\n        {\n          \"@type\": \"Question\",\n          \"name\": \"Hvordan finder jeg det frivilligprogram, der passer til mig?\",\n          \"acceptedAnswer\": {\n            \"@type\": \"Answer\",\n            \"text\": \"Start med dine interesser, find trov\u00e6rdige organisationer, og kontakt dem for mere information.\"\n          }\n        },\n        {\n          \"@type\": \"Question\",\n          \"name\": \"D\u00e6kker programgebyret alle udgifter?\",\n          \"acceptedAnswer\": {\n            \"@type\": \"Answer\",\n            \"text\": \"Gebyret d\u00e6kker typisk overnatning, mad og st\u00f8tte p\u00e5 stedet, men ikke flybilletter og personlige udgifter.\"\n          }\n        },\n        {\n          \"@type\": \"Question\",\n          \"name\": \"Kan jeg tage p\u00e5 frivilligophold i udlandet med familien?\",\n          \"acceptedAnswer\": {\n            \"@type\": \"Answer\",\n            \"text\": \"Ja, nogle organisationer tilbyder forl\u00f8b, der er tilpasset familier.\"\n          }\n        }\n      ]\n    }\n  ]\n}\n<\/script><br \/>\n<!-- Fin du Schema Markup --><\/p>\n<p><!-- Meta Titre et Description pour le SEO --><br \/>\n<!-- Meta Titre : Internationalt frivilligt arbejde: Engag\u00e9r dig for en mere b\u00e6redygtig verden | Komplet guide Meta Description : Se, hvordan internationalt frivilligt arbejde kan give dig nye perspektiver \u2013 og samtidig bidrage positivt i lokalsamfund verden over. Komplet guide til at komme godt i gang. --><\/p>\n<p><!-- Fin de l'article --><\/p>\n","protected":false},"excerpt":{"rendered":"<p>Internationalt frivilligt arbejde: Engag\u00e9r dig for en mere b\u00e6redygtig verden Se, hvordan internationalt frivilligt arbejde kan give dig nye perspektiver \u2013 og samtidig bidrage\u2026<\/p>\n","protected":false},"author":7,"featured_media":19332,"comment_status":"open","ping_status":"open","sticky":false,"template":"","format":"standard","meta":{"footnotes":""},"categories":[8,4],"tags":[],"yoast_head":"<!-- This site is optimized with the Yoast SEO Premium plugin v23.4 (Yoast SEO v23.4) - https:\/\/yoast.com\/wordpress\/plugins\/seo\/ -->\n<title>Internationalt frivilligt arbejde: Skab positiv forandring verden over<\/title>\n<meta name=\"description\" content=\"Guide complet sur le b\u00e9n\u00e9volat international : d\u00e9couvrez comment avoir un impact positif en donnant de votre temps et de vos comp\u00e9tences.\" \/>\n<meta name=\"robots\" content=\"index, follow, max-snippet:-1, max-image-preview:large, max-video-preview:-1\" \/>\n<link rel=\"canonical\" href=\"https:\/\/www.vita-explorers.dk\/blog\/internationalt-frivilligt-arbejde-2\/\" \/>\n<meta property=\"og:locale\" content=\"da_DK\" \/>\n<meta property=\"og:type\" content=\"article\" \/>\n<meta property=\"og:title\" content=\"Internationalt frivilligt arbejde\" \/>\n<meta property=\"og:description\" content=\"Guide complet sur le b\u00e9n\u00e9volat international : d\u00e9couvrez comment avoir un impact positif en donnant de votre temps et de vos comp\u00e9tences.\" \/>\n<meta property=\"og:url\" content=\"https:\/\/www.vita-explorers.dk\/blog\/internationalt-frivilligt-arbejde-2\/\" \/>\n<meta property=\"og:site_name\" content=\"VITA Explorers Blog\" \/>\n<meta property=\"article:publisher\" content=\"https:\/\/www.facebook.com\/globalong\" \/>\n<meta property=\"article:published_time\" content=\"2024-12-09T01:21:47+00:00\" \/>\n<meta property=\"article:modified_time\" content=\"2025-09-14T12:29:02+00:00\" \/>\n<meta property=\"og:image\" content=\"https:\/\/www.vita-explorers.dk\/blog\/wp-content\/uploads\/2024\/11\/36167007900_be33157318_w.jpg\" \/>\n\t<meta property=\"og:image:width\" content=\"400\" \/>\n\t<meta property=\"og:image:height\" content=\"300\" \/>\n\t<meta property=\"og:image:type\" content=\"image\/jpeg\" \/>\n<meta name=\"author\" content=\"VITA Tribe\" \/>\n<meta name=\"twitter:card\" content=\"summary_large_image\" \/>\n<meta name=\"twitter:label1\" content=\"Skrevet af\" \/>\n\t<meta name=\"twitter:data1\" content=\"VITA Tribe\" \/>\n\t<meta name=\"twitter:label2\" content=\"Estimeret l\u00e6setid\" \/>\n\t<meta name=\"twitter:data2\" content=\"11 minutter\" \/>\n<script type=\"application\/ld+json\" class=\"yoast-schema-graph\">{\"@context\":\"https:\/\/schema.org\",\"@graph\":[{\"@type\":\"Article\",\"@id\":\"https:\/\/www.vita-explorers.dk\/blog\/internationalt-frivilligt-arbejde-2\/#article\",\"isPartOf\":{\"@id\":\"https:\/\/www.vita-explorers.dk\/blog\/internationalt-frivilligt-arbejde-2\/\"},\"author\":{\"name\":\"VITA Tribe\",\"@id\":\"https:\/\/www.vita-explorers.dk\/blog\/#\/schema\/person\/fc0343a2f2db2ebb2793c1f62dbe73f0\"},\"headline\":\"Internationalt frivilligt arbejde\",\"datePublished\":\"2024-12-09T01:21:47+00:00\",\"dateModified\":\"2025-09-14T12:29:02+00:00\",\"mainEntityOfPage\":{\"@id\":\"https:\/\/www.vita-explorers.dk\/blog\/internationalt-frivilligt-arbejde-2\/\"},\"wordCount\":1983,\"commentCount\":0,\"publisher\":{\"@id\":\"https:\/\/www.vita-explorers.dk\/blog\/#organization\"},\"image\":{\"@id\":\"https:\/\/www.vita-explorers.dk\/blog\/internationalt-frivilligt-arbejde-2\/#primaryimage\"},\"thumbnailUrl\":\"https:\/\/www.vita-explorers.dk\/blog\/wp-content\/uploads\/2024\/11\/36167007900_be33157318_w.jpg\",\"articleSection\":[\"Humanit\u00e6rt frivilligt arbejde\",\"VITA Explorers\"],\"inLanguage\":\"da-DK\",\"potentialAction\":[{\"@type\":\"CommentAction\",\"name\":\"Comment\",\"target\":[\"https:\/\/www.vita-explorers.dk\/blog\/internationalt-frivilligt-arbejde-2\/#respond\"]}]},{\"@type\":\"WebPage\",\"@id\":\"https:\/\/www.vita-explorers.dk\/blog\/internationalt-frivilligt-arbejde-2\/\",\"url\":\"https:\/\/www.vita-explorers.dk\/blog\/internationalt-frivilligt-arbejde-2\/\",\"name\":\"Internationalt frivilligt arbejde: Skab positiv forandring verden over\",\"isPartOf\":{\"@id\":\"https:\/\/www.vita-explorers.dk\/blog\/#website\"},\"primaryImageOfPage\":{\"@id\":\"https:\/\/www.vita-explorers.dk\/blog\/internationalt-frivilligt-arbejde-2\/#primaryimage\"},\"image\":{\"@id\":\"https:\/\/www.vita-explorers.dk\/blog\/internationalt-frivilligt-arbejde-2\/#primaryimage\"},\"thumbnailUrl\":\"https:\/\/www.vita-explorers.dk\/blog\/wp-content\/uploads\/2024\/11\/36167007900_be33157318_w.jpg\",\"datePublished\":\"2024-12-09T01:21:47+00:00\",\"dateModified\":\"2025-09-14T12:29:02+00:00\",\"description\":\"Guide complet sur le b\u00e9n\u00e9volat international : d\u00e9couvrez comment avoir un impact positif en donnant de votre temps et de vos comp\u00e9tences.\",\"breadcrumb\":{\"@id\":\"https:\/\/www.vita-explorers.dk\/blog\/internationalt-frivilligt-arbejde-2\/#breadcrumb\"},\"inLanguage\":\"da-DK\",\"potentialAction\":[{\"@type\":\"ReadAction\",\"target\":[\"https:\/\/www.vita-explorers.dk\/blog\/internationalt-frivilligt-arbejde-2\/\"]}]},{\"@type\":\"ImageObject\",\"inLanguage\":\"da-DK\",\"@id\":\"https:\/\/www.vita-explorers.dk\/blog\/internationalt-frivilligt-arbejde-2\/#primaryimage\",\"url\":\"https:\/\/www.vita-explorers.dk\/blog\/wp-content\/uploads\/2024\/11\/36167007900_be33157318_w.jpg\",\"contentUrl\":\"https:\/\/www.vita-explorers.dk\/blog\/wp-content\/uploads\/2024\/11\/36167007900_be33157318_w.jpg\",\"width\":400,\"height\":300,\"caption\":\"Voyage humanitaire \u00e0 l'\u00e9tranger\"},{\"@type\":\"BreadcrumbList\",\"@id\":\"https:\/\/www.vita-explorers.dk\/blog\/internationalt-frivilligt-arbejde-2\/#breadcrumb\",\"itemListElement\":[{\"@type\":\"ListItem\",\"position\":1,\"name\":\"Accueil\",\"item\":\"https:\/\/www.vita-explorers.dk\/blog\/\"},{\"@type\":\"ListItem\",\"position\":2,\"name\":\"Internationalt frivilligt arbejde\"}]},{\"@type\":\"WebSite\",\"@id\":\"https:\/\/www.vita-explorers.dk\/blog\/#website\",\"url\":\"https:\/\/www.vita-explorers.dk\/blog\/\",\"name\":\"Association Globalong\",\"description\":\"Frivilligt arbejde, sprogophold, praktik i udlandet og internationale oplevelser\",\"publisher\":{\"@id\":\"https:\/\/www.vita-explorers.dk\/blog\/#organization\"},\"potentialAction\":[{\"@type\":\"SearchAction\",\"target\":{\"@type\":\"EntryPoint\",\"urlTemplate\":\"https:\/\/www.vita-explorers.dk\/blog\/?s={search_term_string}\"},\"query-input\":{\"@type\":\"PropertyValueSpecification\",\"valueRequired\":true,\"valueName\":\"search_term_string\"}}],\"inLanguage\":\"da-DK\"},{\"@type\":\"Organization\",\"@id\":\"https:\/\/www.vita-explorers.dk\/blog\/#organization\",\"name\":\"Association Globalong\",\"url\":\"https:\/\/www.vita-explorers.dk\/blog\/\",\"logo\":{\"@type\":\"ImageObject\",\"inLanguage\":\"da-DK\",\"@id\":\"https:\/\/www.vita-explorers.dk\/blog\/#\/schema\/logo\/image\/\",\"url\":\"https:\/\/www.globalong.com\/blog\/wp-content\/uploads\/2014\/11\/cropped-cropped-Logo-et-Afrique-Globalong-petite-taille-2.jpg\",\"contentUrl\":\"https:\/\/www.globalong.com\/blog\/wp-content\/uploads\/2014\/11\/cropped-cropped-Logo-et-Afrique-Globalong-petite-taille-2.jpg\",\"width\":512,\"height\":512,\"caption\":\"Association Globalong\"},\"image\":{\"@id\":\"https:\/\/www.vita-explorers.dk\/blog\/#\/schema\/logo\/image\/\"},\"sameAs\":[\"https:\/\/www.facebook.com\/globalong\"]},{\"@type\":\"Person\",\"@id\":\"https:\/\/www.vita-explorers.dk\/blog\/#\/schema\/person\/fc0343a2f2db2ebb2793c1f62dbe73f0\",\"name\":\"VITA Tribe\",\"image\":{\"@type\":\"ImageObject\",\"inLanguage\":\"da-DK\",\"@id\":\"https:\/\/www.vita-explorers.dk\/blog\/#\/schema\/person\/image\/\",\"url\":\"https:\/\/secure.gravatar.com\/avatar\/f7f05026bb439d0c96b30e135e5f852c?s=96&d=mm&r=g\",\"contentUrl\":\"https:\/\/secure.gravatar.com\/avatar\/f7f05026bb439d0c96b30e135e5f852c?s=96&d=mm&r=g\",\"caption\":\"VITA Tribe\"},\"sameAs\":[\"http:\/\/www.globalong.com\"],\"url\":\"https:\/\/www.vita-explorers.dk\/blog\/author\/teamglobalong\/\"}]}<\/script>\n<!-- \/ Yoast SEO Premium plugin. -->","yoast_head_json":{"title":"Internationalt frivilligt arbejde: Skab positiv forandring verden over","description":"Guide complet sur le b\u00e9n\u00e9volat international : d\u00e9couvrez comment avoir un impact positif en donnant de votre temps et de vos comp\u00e9tences.","robots":{"index":"index","follow":"follow","max-snippet":"max-snippet:-1","max-image-preview":"max-image-preview:large","max-video-preview":"max-video-preview:-1"},"canonical":"https:\/\/www.vita-explorers.dk\/blog\/internationalt-frivilligt-arbejde-2\/","og_locale":"da_DK","og_type":"article","og_title":"Internationalt frivilligt arbejde","og_description":"Guide complet sur le b\u00e9n\u00e9volat international : d\u00e9couvrez comment avoir un impact positif en donnant de votre temps et de vos comp\u00e9tences.","og_url":"https:\/\/www.vita-explorers.dk\/blog\/internationalt-frivilligt-arbejde-2\/","og_site_name":"VITA Explorers Blog","article_publisher":"https:\/\/www.facebook.com\/globalong","article_published_time":"2024-12-09T01:21:47+00:00","article_modified_time":"2025-09-14T12:29:02+00:00","og_image":[{"width":400,"height":300,"url":"https:\/\/www.vita-explorers.dk\/blog\/wp-content\/uploads\/2024\/11\/36167007900_be33157318_w.jpg","type":"image\/jpeg"}],"author":"VITA Tribe","twitter_card":"summary_large_image","twitter_misc":{"Skrevet af":"VITA Tribe","Estimeret l\u00e6setid":"11 minutter"},"schema":{"@context":"https:\/\/schema.org","@graph":[{"@type":"Article","@id":"https:\/\/www.vita-explorers.dk\/blog\/internationalt-frivilligt-arbejde-2\/#article","isPartOf":{"@id":"https:\/\/www.vita-explorers.dk\/blog\/internationalt-frivilligt-arbejde-2\/"},"author":{"name":"VITA Tribe","@id":"https:\/\/www.vita-explorers.dk\/blog\/#\/schema\/person\/fc0343a2f2db2ebb2793c1f62dbe73f0"},"headline":"Internationalt frivilligt arbejde","datePublished":"2024-12-09T01:21:47+00:00","dateModified":"2025-09-14T12:29:02+00:00","mainEntityOfPage":{"@id":"https:\/\/www.vita-explorers.dk\/blog\/internationalt-frivilligt-arbejde-2\/"},"wordCount":1983,"commentCount":0,"publisher":{"@id":"https:\/\/www.vita-explorers.dk\/blog\/#organization"},"image":{"@id":"https:\/\/www.vita-explorers.dk\/blog\/internationalt-frivilligt-arbejde-2\/#primaryimage"},"thumbnailUrl":"https:\/\/www.vita-explorers.dk\/blog\/wp-content\/uploads\/2024\/11\/36167007900_be33157318_w.jpg","articleSection":["Humanit\u00e6rt frivilligt arbejde","VITA Explorers"],"inLanguage":"da-DK","potentialAction":[{"@type":"CommentAction","name":"Comment","target":["https:\/\/www.vita-explorers.dk\/blog\/internationalt-frivilligt-arbejde-2\/#respond"]}]},{"@type":"WebPage","@id":"https:\/\/www.vita-explorers.dk\/blog\/internationalt-frivilligt-arbejde-2\/","url":"https:\/\/www.vita-explorers.dk\/blog\/internationalt-frivilligt-arbejde-2\/","name":"Internationalt frivilligt arbejde: Skab positiv forandring verden over","isPartOf":{"@id":"https:\/\/www.vita-explorers.dk\/blog\/#website"},"primaryImageOfPage":{"@id":"https:\/\/www.vita-explorers.dk\/blog\/internationalt-frivilligt-arbejde-2\/#primaryimage"},"image":{"@id":"https:\/\/www.vita-explorers.dk\/blog\/internationalt-frivilligt-arbejde-2\/#primaryimage"},"thumbnailUrl":"https:\/\/www.vita-explorers.dk\/blog\/wp-content\/uploads\/2024\/11\/36167007900_be33157318_w.jpg","datePublished":"2024-12-09T01:21:47+00:00","dateModified":"2025-09-14T12:29:02+00:00","description":"Guide complet sur le b\u00e9n\u00e9volat international : d\u00e9couvrez comment avoir un impact positif en donnant de votre temps et de vos comp\u00e9tences.","breadcrumb":{"@id":"https:\/\/www.vita-explorers.dk\/blog\/internationalt-frivilligt-arbejde-2\/#breadcrumb"},"inLanguage":"da-DK","potentialAction":[{"@type":"ReadAction","target":["https:\/\/www.vita-explorers.dk\/blog\/internationalt-frivilligt-arbejde-2\/"]}]},{"@type":"ImageObject","inLanguage":"da-DK","@id":"https:\/\/www.vita-explorers.dk\/blog\/internationalt-frivilligt-arbejde-2\/#primaryimage","url":"https:\/\/www.vita-explorers.dk\/blog\/wp-content\/uploads\/2024\/11\/36167007900_be33157318_w.jpg","contentUrl":"https:\/\/www.vita-explorers.dk\/blog\/wp-content\/uploads\/2024\/11\/36167007900_be33157318_w.jpg","width":400,"height":300,"caption":"Voyage humanitaire \u00e0 l'\u00e9tranger"},{"@type":"BreadcrumbList","@id":"https:\/\/www.vita-explorers.dk\/blog\/internationalt-frivilligt-arbejde-2\/#breadcrumb","itemListElement":[{"@type":"ListItem","position":1,"name":"Accueil","item":"https:\/\/www.vita-explorers.dk\/blog\/"},{"@type":"ListItem","position":2,"name":"Internationalt frivilligt arbejde"}]},{"@type":"WebSite","@id":"https:\/\/www.vita-explorers.dk\/blog\/#website","url":"https:\/\/www.vita-explorers.dk\/blog\/","name":"Association Globalong","description":"Frivilligt arbejde, sprogophold, praktik i udlandet og internationale oplevelser","publisher":{"@id":"https:\/\/www.vita-explorers.dk\/blog\/#organization"},"potentialAction":[{"@type":"SearchAction","target":{"@type":"EntryPoint","urlTemplate":"https:\/\/www.vita-explorers.dk\/blog\/?s={search_term_string}"},"query-input":{"@type":"PropertyValueSpecification","valueRequired":true,"valueName":"search_term_string"}}],"inLanguage":"da-DK"},{"@type":"Organization","@id":"https:\/\/www.vita-explorers.dk\/blog\/#organization","name":"Association Globalong","url":"https:\/\/www.vita-explorers.dk\/blog\/","logo":{"@type":"ImageObject","inLanguage":"da-DK","@id":"https:\/\/www.vita-explorers.dk\/blog\/#\/schema\/logo\/image\/","url":"https:\/\/www.globalong.com\/blog\/wp-content\/uploads\/2014\/11\/cropped-cropped-Logo-et-Afrique-Globalong-petite-taille-2.jpg","contentUrl":"https:\/\/www.globalong.com\/blog\/wp-content\/uploads\/2014\/11\/cropped-cropped-Logo-et-Afrique-Globalong-petite-taille-2.jpg","width":512,"height":512,"caption":"Association Globalong"},"image":{"@id":"https:\/\/www.vita-explorers.dk\/blog\/#\/schema\/logo\/image\/"},"sameAs":["https:\/\/www.facebook.com\/globalong"]},{"@type":"Person","@id":"https:\/\/www.vita-explorers.dk\/blog\/#\/schema\/person\/fc0343a2f2db2ebb2793c1f62dbe73f0","name":"VITA Tribe","image":{"@type":"ImageObject","inLanguage":"da-DK","@id":"https:\/\/www.vita-explorers.dk\/blog\/#\/schema\/person\/image\/","url":"https:\/\/secure.gravatar.com\/avatar\/f7f05026bb439d0c96b30e135e5f852c?s=96&d=mm&r=g","contentUrl":"https:\/\/secure.gravatar.com\/avatar\/f7f05026bb439d0c96b30e135e5f852c?s=96&d=mm&r=g","caption":"VITA Tribe"},"sameAs":["http:\/\/www.globalong.com"],"url":"https:\/\/www.vita-explorers.dk\/blog\/author\/teamglobalong\/"}]}},"_links":{"self":[{"href":"https:\/\/www.vita-explorers.dk\/blog\/wp-json\/wp\/v2\/posts\/19514"}],"collection":[{"href":"https:\/\/www.vita-explorers.dk\/blog\/wp-json\/wp\/v2\/posts"}],"about":[{"href":"https:\/\/www.vita-explorers.dk\/blog\/wp-json\/wp\/v2\/types\/post"}],"author":[{"embeddable":true,"href":"https:\/\/www.vita-explorers.dk\/blog\/wp-json\/wp\/v2\/users\/7"}],"replies":[{"embeddable":true,"href":"https:\/\/www.vita-explorers.dk\/blog\/wp-json\/wp\/v2\/comments?post=19514"}],"version-history":[{"count":4,"href":"https:\/\/www.vita-explorers.dk\/blog\/wp-json\/wp\/v2\/posts\/19514\/revisions"}],"predecessor-version":[{"id":21789,"href":"https:\/\/www.vita-explorers.dk\/blog\/wp-json\/wp\/v2\/posts\/19514\/revisions\/21789"}],"wp:featuredmedia":[{"embeddable":true,"href":"https:\/\/www.vita-explorers.dk\/blog\/wp-json\/wp\/v2\/media\/19332"}],"wp:attachment":[{"href":"https:\/\/www.vita-explorers.dk\/blog\/wp-json\/wp\/v2\/media?parent=19514"}],"wp:term":[{"taxonomy":"category","embeddable":true,"href":"https:\/\/www.vita-explorers.dk\/blog\/wp-json\/wp\/v2\/categories?post=19514"},{"taxonomy":"post_tag","embeddable":true,"href":"https:\/\/www.vita-explorers.dk\/blog\/wp-json\/wp\/v2\/tags?post=19514"}],"curies":[{"name":"wp","href":"https:\/\/api.w.org\/{rel}","templated":true}]}}