{"id":19516,"date":"2024-12-10T02:57:21","date_gmt":"2024-12-10T01:57:21","guid":{"rendered":"https:\/\/www.globalong.com\/blog\/?p=19516"},"modified":"2024-12-10T11:15:31","modified_gmt":"2024-12-10T10:15:31","slug":"humanitaert-ophold-i-udlandet","status":"publish","type":"post","link":"https:\/\/www.vita-explorers.dk\/blog\/humanitaert-ophold-i-udlandet\/","title":{"rendered":"Humanit\u00e6rt ophold i udlandet"},"content":{"rendered":"<p><!-- D\u00e9but de l'article --><\/p>\n<h1>Humanit\u00e6rt ophold i udlandet: Den komplette guide til at engagere dig<\/h1>\n<p><em>Find ud af, hvordan et <strong>humanit\u00e6rt ophold i udlandet<\/strong> kan give nye perspektiver \u2013 b\u00e5de for dig og de mennesker, du m\u00f8der. Denne grundige guide giver dig et solidt overblik over motivationer, forberedelse, typiske udfordringer samt personlige og faglige udbytter.<\/em><\/p>\n<hr \/>\n<h2>Indholdsfortegnelse<\/h2>\n<ul>\n<li><a href=\"#introduction\">Introduktion: Internationalt engagement i praksis<\/a><\/li>\n<li><a href=\"#pourquoi-partir\">Hvorfor tage afsted p\u00e5 et humanit\u00e6rt ophold i udlandet?<\/a>\n<ul>\n<li><a href=\"#solidarite\">F\u00e6llesskab og ansvar<\/a><\/li>\n<li><a href=\"#decouverte\">Kulturel og personlig udvikling<\/a><\/li>\n<li><a href=\"#developpement\">Udvikling af kompetencer<\/a><\/li>\n<li><a href=\"#impact\">Betydning for lokalsamfund<\/a><\/li>\n<li><a href=\"#reseau\">Udbygning af et internationalt netv\u00e6rk<\/a><\/li>\n<\/ul>\n<\/li>\n<li><a href=\"#comment-choisir\">S\u00e5dan v\u00e6lger du det rette humanit\u00e6re forl\u00f8b<\/a>\n<ul>\n<li><a href=\"#interets\">Afklar dine interesser og kompetencer<\/a><\/li>\n<li><a href=\"#organisations\">V\u00e6lg den rigtige organisation<\/a><\/li>\n<li><a href=\"#destinations\">Find den destination, der passer til dig<\/a><\/li>\n<li><a href=\"#duree\">V\u00e6lg varighed<\/a><\/li>\n<li><a href=\"#couts\">Vurd\u00e9r omkostninger og budget<\/a><\/li>\n<\/ul>\n<\/li>\n<li><a href=\"#preparatifs\">Forberedelse til et godt og ansvarligt ophold<\/a>\n<ul>\n<li><a href=\"#administratif\">Praktiske og administrative forhold<\/a><\/li>\n<li><a href=\"#sante\">Sundhed og vaccinationer<\/a><\/li>\n<li><a href=\"#formation\">Tr\u00e6ning og forberedelse<\/a><\/li>\n<li><a href=\"#assurance\">Forsikring og sikkerhed<\/a><\/li>\n<li><a href=\"#logistique\">Logistik og bagage<\/a><\/li>\n<li><a href=\"#culture\">Indblik i lokal kultur<\/a><\/li>\n<\/ul>\n<\/li>\n<li><a href=\"#defis\">Udfordringer, du b\u00f8r v\u00e6re forberedt p\u00e5<\/a>\n<ul>\n<li><a href=\"#choc-culturel\">Kulturchok<\/a><\/li>\n<li><a href=\"#conditions-vie\">Levevilk\u00e5r<\/a><\/li>\n<li><a href=\"#communication\">Kommunikationsbarrierer<\/a><\/li>\n<li><a href=\"#emotionnel\">Mentalt og f\u00f8lelsesm\u00e6ssigt overskud<\/a><\/li>\n<li><a href=\"#ethique\">Etiske overvejelser<\/a><\/li>\n<\/ul>\n<\/li>\n<li><a href=\"#benefices\">Udbyttet af et humanit\u00e6rt ophold<\/a>\n<ul>\n<li><a href=\"#personnel\">Personlig udvikling<\/a><\/li>\n<li><a href=\"#professionnel\">Faglige fordele<\/a><\/li>\n<li><a href=\"#social\">Social og milj\u00f8m\u00e6ssig betydning<\/a><\/li>\n<\/ul>\n<\/li>\n<li><a href=\"#temoignages\">Stemmer og oplevelser<\/a><\/li>\n<li><a href=\"#faq\">FAQ<\/a><\/li>\n<li><a href=\"#conclusion\">Konklusion: Klar til at tage n\u00e6ste skridt?<\/a><\/li>\n<\/ul>\n<hr \/>\n<h2 id=\"introduction\">Introduktion: Internationalt engagement i praksis<\/h2>\n<p>At tage afsted p\u00e5 et <strong>humanit\u00e6rt ophold i udlandet<\/strong> kan give dig et dybere blik ind i verden \u2013 og i dine egne v\u00e6rdier. Det er en mulighed for at bidrage til konkrete indsatser, samtidig med at du f\u00e5r en st\u00e6rk personlig og kulturel erfaring.<\/p>\n<p>Uanset om du er drevet af lysten til at g\u00f8re en forskel, nysgerrighed p\u00e5 andre kulturer eller \u00f8nsket om at udvikle dine kompetencer, guider vi dig trin for trin, s\u00e5 du kan forberede dig p\u00e5 en tryg og meningsfuld m\u00e5de.<\/p>\n<p><iframe loading=\"lazy\" title=\"Stage infirmier en Tanzanie avec l&#039;association Globalong\" width=\"500\" height=\"281\" src=\"https:\/\/www.youtube.com\/embed\/H_AgGbuHtOc?feature=oembed\" frameborder=\"0\" allow=\"accelerometer; autoplay; clipboard-write; encrypted-media; gyroscope; picture-in-picture; web-share\" referrerpolicy=\"strict-origin-when-cross-origin\" allowfullscreen><\/iframe><\/p>\n<hr \/>\n<h2 id=\"pourquoi-partir\">Hvorfor tage afsted p\u00e5 et humanit\u00e6rt ophold i udlandet?<\/h2>\n<h3 id=\"solidarite\"><strong>F\u00e6llesskab og ansvar<\/strong><\/h3>\n<ul>\n<li><strong>Bidrag til noget st\u00f8rre<\/strong> : give en konkret h\u00e5ndsr\u00e6kning, hvor der er behov.<\/li>\n<li><strong>Globalt medborgerskab<\/strong> : v\u00e6re en del af internationale indsatser og kulturudveksling.<\/li>\n<li><strong>Del dine kompetencer<\/strong> : bruge det, du kan, i en ny sammenh\u00e6ng.<\/li>\n<li><strong>V\u00e6rdier i praksis<\/strong> : handle i tr\u00e5d med det, du tror p\u00e5.<\/li>\n<li><strong>F\u00f8lelse af samh\u00f8righed<\/strong> : opleve, hvordan f\u00e6llesskab ogs\u00e5 kan v\u00e6re globalt.<\/li>\n<\/ul>\n<h3 id=\"decouverte\"><strong>Kulturel og personlig udvikling<\/strong><\/h3>\n<ul>\n<li><strong>\u00c6gte indblik<\/strong> : leve t\u00e6t p\u00e5 hverdagen i v\u00e6rtslandet.<\/li>\n<li><strong>Sprog<\/strong> : l\u00e6re et nyt sprog eller styrke det, du allerede kan.<\/li>\n<li><strong>Personlig udvikling<\/strong> : rykke dine vaner og blive klogere p\u00e5 dig selv.<\/li>\n<li><strong>Oplevelse<\/strong> : udforske steder, du ellers ikke ville komme til.<\/li>\n<li><strong>N\u00e6re m\u00f8der<\/strong> : skabe relationer p\u00e5 tv\u00e6rs af kulturer.<\/li>\n<\/ul>\n<h3 id=\"developpement\"><strong>Udvikling af kompetencer<\/strong><\/h3>\n<ul>\n<li><a href=\"https:\/\/www.vita-explorers.dk\/blog\/tv\u00e6rg\u00e5ende-kompetencer-soft-skills\/\" target=\"_blank\" rel=\"noopener\"><strong>Tv\u00e6rg\u00e5ende kompetencer<\/strong><\/a> : styrke din fleksibilitet, kommunikation og evne til at tage ansvar.<\/li>\n<li><strong>Faglig erfaring<\/strong> : <a href=\"https:\/\/www.vita-explorers.dk\/blog\/hvordan-et-internationalt-forlob-kan-styrke-din-linkedin-profil\/\" target=\"_blank\" rel=\"noopener\">styrke dit CV<\/a> med international erfaring.<\/li>\n<li><strong>L\u00f8bende l\u00e6ring<\/strong> : f\u00e5 nye metoder og arbejdsgange med dig.<\/li>\n<li><strong>Projektarbejde<\/strong> : v\u00e6re med til at planl\u00e6gge og gennemf\u00f8re konkrete aktiviteter.<\/li>\n<li><strong>Probleml\u00f8sning<\/strong> : tr\u00e6ne evnen til at finde praktiske l\u00f8sninger i nye rammer.<\/li>\n<\/ul>\n<h3 id=\"impact\"><strong>Betydning for lokalsamfund<\/strong><\/h3>\n<ul>\n<li><strong>Direkte st\u00f8tte<\/strong> : bidrage til bedre rammer i hverdagen.<\/li>\n<li><strong>Langsigtet fokus<\/strong> : indg\u00e5 i projekter, der arbejder for varige forbedringer.<\/li>\n<li><strong>Vidensdeling<\/strong> : st\u00f8tte l\u00e6ring og kapacitetsopbygning.<\/li>\n<li><strong>Uddannelse<\/strong> : v\u00e6re en del af indsatser, der styrker adgang til l\u00e6ring.<\/li>\n<li><strong>Milj\u00f8<\/strong> : deltage i gr\u00f8nne og b\u00e6redygtige aktiviteter.<\/li>\n<\/ul>\n<h3 id=\"reseau\"><strong>Udbygning af et internationalt netv\u00e6rk<\/strong><\/h3>\n<ul>\n<li><strong>Netv\u00e6rk<\/strong> : m\u00f8de mennesker med forskellige baggrunde og erfaringer.<\/li>\n<li><strong>Karrieremuligheder<\/strong> : f\u00e5 perspektiver, der kan \u00e5bne d\u00f8re internationalt.<\/li>\n<li><strong>Samarbejde<\/strong> : skabe relationer, der kan vare ved.<\/li>\n<li><strong>F\u00e6llesskab<\/strong> : blive en del af et netv\u00e6rk med lyst til at bidrage.<\/li>\n<li><strong>Sparring<\/strong> : f\u00e5 r\u00e5d fra personer med mere erfaring.<\/li>\n<\/ul>\n<p><img loading=\"lazy\" decoding=\"async\" class=\"aligncenter wp-image-19309 size-medium\" src=\"https:\/\/www.vita-explorers.dk\/blog\/wp-content\/uploads\/2024\/11\/29949402438_e9492b2e8c_w-300x225.jpg\" alt=\"Humanit\u00e6rt ophold i Colombia\" width=\"300\" height=\"225\" srcset=\"https:\/\/www.vita-explorers.dk\/blog\/wp-content\/uploads\/2024\/11\/29949402438_e9492b2e8c_w-300x225.jpg 300w, https:\/\/www.vita-explorers.dk\/blog\/wp-content\/uploads\/2024\/11\/29949402438_e9492b2e8c_w.jpg 400w\" sizes=\"(max-width: 300px) 100vw, 300px\" \/><\/p>\n<hr \/>\n<h2 id=\"comment-choisir\">S\u00e5dan v\u00e6lger du det rette humanit\u00e6re forl\u00f8b<\/h2>\n<h3 id=\"interets\"><strong>Afklar dine interesser og kompetencer<\/strong><\/h3>\n<p>F\u00f8rste skridt er at f\u00e5 overblik over dine motivationer og det, du kan bidrage med:<\/p>\n<ul>\n<li><strong>Selvrefleksion<\/strong> : hvad er du god til, og hvad interesserer dig?<\/li>\n<li><strong>Indsatsomr\u00e5der<\/strong> : tiltr\u00e6kkes du mest af uddannelse, sundhed, milj\u00f8 eller sociale indsatser?<\/li>\n<li><strong>Personlige m\u00e5l<\/strong> : hvad h\u00e5ber du at tage med hjem?<\/li>\n<li><strong>Tid<\/strong> : hvor l\u00e6nge kan du v\u00e6re afsted?<\/li>\n<li><strong>Fleksibilitet<\/strong> : kan du v\u00e6re i forandring og h\u00e5ndtere det uventede?<\/li>\n<\/ul>\n<h3 id=\"organisations\"><strong>V\u00e6lg den rigtige organisation<\/strong><\/h3>\n<p>Valget af organisation har stor betydning for, hvordan opholdet bliver:<\/p>\n<ul>\n<li><strong>Trov\u00e6rdighed<\/strong> : unders\u00f8g organisationens erfaring og p\u00e5lidelighed.<\/li>\n<li><strong>\u00c5benhed<\/strong> : se p\u00e5 \u00f8konomi, ansvarlighed og dokumenteret effekt.<\/li>\n<li><strong>Forberedelse og st\u00f8tte<\/strong> : vurder, hvor godt du bliver kl\u00e6dt p\u00e5 f\u00f8r, under og efter.<\/li>\n<li><strong>F\u00e6lles v\u00e6rdier<\/strong> : v\u00e6lg et sted, hvor tilgang og etik matcher dine egne.<\/li>\n<li><strong>Erfaringer<\/strong> : <a href=\"https:\/\/www.vita-explorers.dk\/blog\/avis-globalong\/\" target=\"_blank\" rel=\"noopener\">l\u00e6s tidligere deltageres oplevelser.<\/a><\/li>\n<\/ul>\n<h3 id=\"destinations\"><strong>Find den destination, der passer til dig<\/strong><\/h3>\n<ul>\n<li><strong>Sprog<\/strong> : vil du helst arbejde p\u00e5 fransk, engelsk eller et andet sprog?<\/li>\n<li><strong>Kultur<\/strong> : hvilke steder og kulturer nysgerrigg\u00f8r dig mest?<\/li>\n<li><strong>Klima<\/strong> : trives du i varme, fugt, h\u00f8jde eller mere skiftende vejr?<\/li>\n<li><strong>Sikkerhed<\/strong> : orient\u00e9r dig om situationen og lokale forhold.<\/li>\n<li><strong>Reelt behov<\/strong> : hvor kan dine kompetencer bruges mest meningsfuldt?<\/li>\n<\/ul>\n<h3 id=\"duree\"><strong>V\u00e6lg varighed<\/strong><\/h3>\n<ul>\n<li><strong>Kort forl\u00f8b<\/strong> : fra et par uger til et par m\u00e5neder.<\/li>\n<li><strong>Mellem langt<\/strong> : 6 m\u00e5neder til et \u00e5r.<\/li>\n<li><strong>Langt<\/strong> : over et \u00e5r, hvis rammer og behov l\u00e6gger op til det.<\/li>\n<li><strong>Din hverdag<\/strong> : t\u00e6nk dine studier, arbejde og familieforpligtelser ind.<\/li>\n<li><strong>Projektets behov<\/strong> : nogle indsatser kr\u00e6ver tid for at blive stabile og b\u00e6redygtige.<\/li>\n<\/ul>\n<h3 id=\"couts\"><strong>Vurd\u00e9r omkostninger og budget<\/strong><\/h3>\n<ul>\n<li><strong>Deltagerbetaling<\/strong> : d\u00e6kker ofte indkvartering, mad og st\u00f8tte p\u00e5 stedet.<\/li>\n<li><strong>Flybilletter<\/strong> : beregn udgifter til international transport.<\/li>\n<li><strong>Forsikring<\/strong> :<a href=\"https:\/\/www.vita-explorers.dk\/blog\/rejseforsikring-til-et-trygt-ophold\/\" target=\"_blank\" rel=\"noopener\"> v\u00e6lg en rejseforsikring, der passer til dit ophold.<\/a><\/li>\n<li><strong>Eg\u00adne udgifter<\/strong> : s\u00e6t penge af til fritid og uforudsete ting.<\/li>\n<li><strong>Finansiering<\/strong> : overvej fundraising eller relevante tilskud.<\/li>\n<\/ul>\n<div class=\"ti-widget ti-goog\" data-layout-id=\"4\" data-set-id=\"light-background\" data-pid=\"\" data-language=\"fr\" data-version=\"2\" data-review-target-width=\"300\" data-review-text-mode=\"readmore\" data-pager-autoplay-timeout=\"6\" > <div class=\"ti-widget-container ti-col-3\"> <div class=\"ti-reviews-container\"> <div class=\"ti-controls\"> <div class=\"ti-next\" aria-label=\"Avis suivante\" role=\"button\"><\/div> <div class=\"ti-prev\" aria-label=\"Avis pr\u00e9c\u00e9dent\" role=\"button\"><\/div> <\/div> <div class=\"ti-reviews-container-wrapper\">  <div data-empty=\"0\" class=\"ti-review-item source-Google ti-image-layout-thumbnail\" data-id=\"cfcd208495d565ef66e7dff9f98764da\" > <div class=\"ti-inner\"> <div class=\"ti-review-header\"> <div class=\"ti-profile-img\"> <img decoding=\"async\" src=\"https:\/\/lh3.googleusercontent.com\/a\/ACg8ocKpaoKe37CD0_POxO97KqB60GsWQRsIuG2vmCfXT-W_FY44vw=s120-c-rp-mo-br100\" srcset=\"https:\/\/lh3.googleusercontent.com\/a\/ACg8ocKpaoKe37CD0_POxO97KqB60GsWQRsIuG2vmCfXT-W_FY44vw=s120-c-rp-mo-br100 2x\" alt=\"Lucie Correia\" loading=\"lazy\" \/> <\/div> <div class=\"ti-profile-details\"> <div class=\"ti-name\"> Lucie Correia <\/div> <div class=\"ti-date\">2024-10-17<\/div> <\/div> <\/div> <span class=\"ti-stars\"><span class=\"ti-star f\"><\/span><span class=\"ti-star f\"><\/span><span class=\"ti-star f\"><\/span><span class=\"ti-star f\"><\/span><span class=\"ti-star f\"><\/span><\/span> <div class=\"ti-review-text-container ti-review-content\"><!-- R-CONTENT -->La communication avec Globalong est super, personnes tr\u00e8s pr\u00e9sentes pour les b\u00e9n\u00e9voles et \u00e9tudiants partant avec cette association. Elles r\u00e9pondent \u00e0 toutes nos questions et sont tr\u00e8s accessibles au t\u00e9l\u00e9phone.<!-- R-CONTENT --><\/div> <span class=\"ti-read-more\" data-container=\".ti-review-content\" data-collapse-text=\"Cacher\" data-open-text=\"Lire la suite\" ><\/span> <\/div> <\/div>  <div data-empty=\"0\" class=\"ti-review-item source-Google ti-image-layout-thumbnail\" data-id=\"cfcd208495d565ef66e7dff9f98764da\" > <div class=\"ti-inner\"> <div class=\"ti-review-header\"> <div class=\"ti-profile-img\"> <img decoding=\"async\" src=\"https:\/\/lh3.googleusercontent.com\/a-\/ALV-UjWqnnzM7-7c9BDqeTDF-a7pOgNjvLkJ3WshRd_Tn7z0Eu-AGQwo=s120-c-rp-mo-br100\" srcset=\"https:\/\/lh3.googleusercontent.com\/a-\/ALV-UjWqnnzM7-7c9BDqeTDF-a7pOgNjvLkJ3WshRd_Tn7z0Eu-AGQwo=s120-c-rp-mo-br100 2x\" alt=\"Ra\u00efssa Frisch\" loading=\"lazy\" \/> <\/div> <div class=\"ti-profile-details\"> <div class=\"ti-name\"> Ra\u00efssa Frisch <\/div> <div class=\"ti-date\">2024-10-14<\/div> <\/div> <\/div> <span class=\"ti-stars\"><span class=\"ti-star f\"><\/span><span class=\"ti-star f\"><\/span><span class=\"ti-star f\"><\/span><span class=\"ti-star f\"><\/span><span class=\"ti-star f\"><\/span><\/span> <div class=\"ti-review-text-container ti-review-content\"><!-- R-CONTENT -->J\u2019ai d\u00e9j\u00e0 eu l\u2019opportunit\u00e9 de r\u00e9aliser deux projets humanitaires avec l\u2019association Globalong. Je ne peux que la recommander, car j\u2019ai toujours b\u00e9n\u00e9fici\u00e9 d\u2019un excellent accompagnement, aussi bien avant que pendant le voyage. On ne vous laisse pas vous d\u00e9brouiller seuls, bien au contraire, vous \u00eates tr\u00e8s bien encadr\u00e9s pour accomplir toutes les d\u00e9marches dans les d\u00e9lais.\n\nAu-del\u00e0 du suivi, les exp\u00e9riences humanitaires propos\u00e9es par Globalong ne peuvent que transformer votre vie de mani\u00e8re positive. Elles vous apportent une richesse humaine inestimable.<!-- R-CONTENT --><\/div> <span class=\"ti-read-more\" data-container=\".ti-review-content\" data-collapse-text=\"Cacher\" data-open-text=\"Lire la suite\" ><\/span> <\/div> <\/div>  <div data-empty=\"0\" class=\"ti-review-item source-Google ti-image-layout-thumbnail\" data-id=\"cfcd208495d565ef66e7dff9f98764da\" > <div class=\"ti-inner\"> <div class=\"ti-review-header\"> <div class=\"ti-profile-img\"> <img decoding=\"async\" src=\"https:\/\/lh3.googleusercontent.com\/a\/ACg8ocJL-Dxv25YkXK2QwWPNRxTVqZCv5uTmDQDFg5qslKra3vRZew=s120-c-rp-mo-br100\" srcset=\"https:\/\/lh3.googleusercontent.com\/a\/ACg8ocJL-Dxv25YkXK2QwWPNRxTVqZCv5uTmDQDFg5qslKra3vRZew=s120-c-rp-mo-br100 2x\" alt=\"Tara Turan\" loading=\"lazy\" \/> <\/div> <div class=\"ti-profile-details\"> <div class=\"ti-name\"> Tara Turan <\/div> <div class=\"ti-date\">2024-10-14<\/div> <\/div> <\/div> <span class=\"ti-stars\"><span class=\"ti-star f\"><\/span><span class=\"ti-star f\"><\/span><span class=\"ti-star f\"><\/span><span class=\"ti-star f\"><\/span><span class=\"ti-star f\"><\/span><\/span> <div class=\"ti-review-text-container ti-review-content\"><!-- R-CONTENT -->Une des meilleures associations que j\u2019ai pu faire !\nUne organisation et un suivi vraiment parfait, c\u2019est avec grand plaisir que je referai un projet avec eux.<!-- R-CONTENT --><\/div> <span class=\"ti-read-more\" data-container=\".ti-review-content\" data-collapse-text=\"Cacher\" data-open-text=\"Lire la suite\" ><\/span> <\/div> <\/div>  <div data-empty=\"0\" class=\"ti-review-item source-Google ti-image-layout-thumbnail\" data-id=\"cfcd208495d565ef66e7dff9f98764da\" > <div class=\"ti-inner\"> <div class=\"ti-review-header\"> <div class=\"ti-profile-img\"> <img decoding=\"async\" src=\"https:\/\/lh3.googleusercontent.com\/a\/ACg8ocLctTPNovSk3eKM0b_MIPOfcFEQsz2135Cdu59_BWRVsIYC7Q=s120-c-rp-mo-br100\" srcset=\"https:\/\/lh3.googleusercontent.com\/a\/ACg8ocLctTPNovSk3eKM0b_MIPOfcFEQsz2135Cdu59_BWRVsIYC7Q=s120-c-rp-mo-br100 2x\" alt=\"Repiquet Julie\" loading=\"lazy\" \/> <\/div> <div class=\"ti-profile-details\"> <div class=\"ti-name\"> Repiquet Julie <\/div> <div class=\"ti-date\">2024-10-13<\/div> <\/div> <\/div> <span class=\"ti-stars\"><span class=\"ti-star f\"><\/span><span class=\"ti-star f\"><\/span><span class=\"ti-star f\"><\/span><span class=\"ti-star f\"><\/span><span class=\"ti-star f\"><\/span><\/span> <div class=\"ti-review-text-container ti-review-content\"><!-- R-CONTENT -->Tr\u00e8s bon accompagnement de la part de Globalong, du premier jour avec toutes mes interrogations, jusqu'au d\u00e9part dans quelques jours. Le dossier transmis apr\u00e8s validation de la mission est plus que complet, les webmaster tr\u00e8s int\u00e9ressantes et permettent de d\u00e9charger mentalement ce genre de pr\u00e9paration, tout est pr\u00e9vu il n'y a plus qu'\u00e0 suivre ! Merci \u00e0 Florence de r\u00e9pondre \u00e0 toutes mes questions avec gentillesse et bienveillance, cela m'a permis de passer le cap!\nMaintenant, il n'y a plus qu'\u00e0 \ud83d\ude00<!-- R-CONTENT --><\/div> <span class=\"ti-read-more\" data-container=\".ti-review-content\" data-collapse-text=\"Cacher\" data-open-text=\"Lire la suite\" ><\/span> <\/div> <\/div>  <div data-empty=\"0\" class=\"ti-review-item source-Google ti-image-layout-thumbnail\" data-id=\"cfcd208495d565ef66e7dff9f98764da\" > <div class=\"ti-inner\"> <div class=\"ti-review-header\"> <div class=\"ti-profile-img\"> <img decoding=\"async\" src=\"https:\/\/lh3.googleusercontent.com\/a\/ACg8ocJJTdmTWs8nAA0yuH_cKOUgzc6GFAkHBiXhpnnVYXaWMBZsHw=s120-c-rp-mo-br100\" srcset=\"https:\/\/lh3.googleusercontent.com\/a\/ACg8ocJJTdmTWs8nAA0yuH_cKOUgzc6GFAkHBiXhpnnVYXaWMBZsHw=s120-c-rp-mo-br100 2x\" alt=\"Marine Guilhamat\" loading=\"lazy\" \/> <\/div> <div class=\"ti-profile-details\"> <div class=\"ti-name\"> Marine Guilhamat <\/div> <div class=\"ti-date\">2024-10-09<\/div> <\/div> <\/div> <span class=\"ti-stars\"><span class=\"ti-star f\"><\/span><span class=\"ti-star f\"><\/span><span class=\"ti-star f\"><\/span><span class=\"ti-star f\"><\/span><span class=\"ti-star f\"><\/span><\/span> <div class=\"ti-review-text-container ti-review-content\"><!-- R-CONTENT -->Tr\u00e8s belle association qui offre un cadre super s\u00e9curisant et permet de s\u2019investir dans des projets qui ont du sens. Merci \u00e0 l\u2019\u00e9quipe Globalong pour votre disponibilit\u00e9, gentillesse et accompagnement !<!-- R-CONTENT --><\/div> <span class=\"ti-read-more\" data-container=\".ti-review-content\" data-collapse-text=\"Cacher\" data-open-text=\"Lire la suite\" ><\/span> <\/div> <\/div>  <div data-empty=\"0\" class=\"ti-review-item source-Google ti-image-layout-thumbnail\" data-id=\"cfcd208495d565ef66e7dff9f98764da\" > <div class=\"ti-inner\"> <div class=\"ti-review-header\"> <div class=\"ti-profile-img\"> <img decoding=\"async\" src=\"https:\/\/lh3.googleusercontent.com\/a\/ACg8ocIgITHXKo46qgJyPqlJeAcxz11gCKUJpGIk2qauiIe2O3iZ6w=s120-c-rp-mo-br100\" srcset=\"https:\/\/lh3.googleusercontent.com\/a\/ACg8ocIgITHXKo46qgJyPqlJeAcxz11gCKUJpGIk2qauiIe2O3iZ6w=s120-c-rp-mo-br100 2x\" alt=\"Laura Mercier\" loading=\"lazy\" \/> <\/div> <div class=\"ti-profile-details\"> <div class=\"ti-name\"> Laura Mercier <\/div> <div class=\"ti-date\">2024-10-08<\/div> <\/div> <\/div> <span class=\"ti-stars\"><span class=\"ti-star f\"><\/span><span class=\"ti-star f\"><\/span><span class=\"ti-star f\"><\/span><span class=\"ti-star f\"><\/span><span class=\"ti-star f\"><\/span><\/span> <div class=\"ti-review-text-container ti-review-content\"><!-- R-CONTENT -->Mon d\u00e9part approche, je pars dans une semaine, et depuis le d\u00e9but de mon inscription je suis tr\u00e8s satisfaite du suivi effectu\u00e9 par l\u2019association. Ils sont tr\u00e8s disponibles et r\u00e9pondent rapidement \u00e0 l\u2019ensemble des questions. Je suis tr\u00e8s contente de partir faire cette mission humanitaire encadr\u00e9e par cette association. Je recommande vraiment.<!-- R-CONTENT --><\/div> <span class=\"ti-read-more\" data-container=\".ti-review-content\" data-collapse-text=\"Cacher\" data-open-text=\"Lire la suite\" ><\/span> <\/div> <\/div>  <div data-empty=\"0\" class=\"ti-review-item source-Google ti-image-layout-thumbnail\" data-id=\"cfcd208495d565ef66e7dff9f98764da\" > <div class=\"ti-inner\"> <div class=\"ti-review-header\"> <div class=\"ti-profile-img\"> <img decoding=\"async\" src=\"https:\/\/lh3.googleusercontent.com\/a-\/ALV-UjVVr0YMQhXl8QNEEB32l-rnoaYwvRZUjIEX9OEwPE_1fQwzIyk=s120-c-rp-mo-br100\" srcset=\"https:\/\/lh3.googleusercontent.com\/a-\/ALV-UjVVr0YMQhXl8QNEEB32l-rnoaYwvRZUjIEX9OEwPE_1fQwzIyk=s120-c-rp-mo-br100 2x\" alt=\"Anouk Rzkt\" loading=\"lazy\" \/> <\/div> <div class=\"ti-profile-details\"> <div class=\"ti-name\"> Anouk Rzkt <\/div> <div class=\"ti-date\">2024-10-02<\/div> <\/div> <\/div> <span class=\"ti-stars\"><span class=\"ti-star f\"><\/span><span class=\"ti-star f\"><\/span><span class=\"ti-star f\"><\/span><span class=\"ti-star f\"><\/span><span class=\"ti-star f\"><\/span><\/span> <div class=\"ti-review-text-container ti-review-content\"><!-- R-CONTENT -->Globalong est l'association parfaite. L'\u00e9quipe offre un v\u00e9ritable accompagnement rythm\u00e9 par beaucoup de conseils et d'\u00e9coute. Le site est tr\u00e8s bien fait avec des dossiers complets allant des sujets tr\u00e8s pratiques a d'autres plus th\u00e9oriques (tels que le choc culturel par exemple). Je recommande vivement et remercie sinc\u00e8rement toute l'\u00e9quipe pour leur gentillesse et investissement !<!-- R-CONTENT --><\/div> <span class=\"ti-read-more\" data-container=\".ti-review-content\" data-collapse-text=\"Cacher\" data-open-text=\"Lire la suite\" ><\/span> <\/div> <\/div>  <\/div> <div class=\"ti-controls-line\"> <div class=\"dot\"><\/div> <\/div> <\/div> <div class=\"ti-footer\"> <div class=\"ti-rating-text\"> <span class=\"nowrap\">\u00c9valuation <strong>Google<\/strong> : <\/span><span class=\"nowrap\"><strong>4.8<\/strong> sur 5, <\/span><span class=\"nowrap\">Bas\u00e9e sur <strong>240 avis<\/strong><\/span> <\/div> <\/div>  <\/div> <\/div> \n<hr \/>\n<h2 id=\"preparatifs\">Forberedelse til et godt og ansvarligt ophold<\/h2>\n<p><img loading=\"lazy\" decoding=\"async\" class=\"aligncenter wp-image-17200 size-medium\" src=\"https:\/\/www.vita-explorers.dk\/blog\/wp-content\/uploads\/2024\/09\/f754430c-b677-4c9c-b05c-a3edefbc4d47-300x171.webp\" alt=\"Humanit\u00e6rt ophold i udlandet\" width=\"300\" height=\"171\" srcset=\"https:\/\/www.vita-explorers.dk\/blog\/wp-content\/uploads\/2024\/09\/f754430c-b677-4c9c-b05c-a3edefbc4d47-300x171.webp 300w, https:\/\/www.vita-explorers.dk\/blog\/wp-content\/uploads\/2024\/09\/f754430c-b677-4c9c-b05c-a3edefbc4d47-1024x585.webp 1024w, https:\/\/www.vita-explorers.dk\/blog\/wp-content\/uploads\/2024\/09\/f754430c-b677-4c9c-b05c-a3edefbc4d47-768x439.webp 768w, https:\/\/www.vita-explorers.dk\/blog\/wp-content\/uploads\/2024\/09\/f754430c-b677-4c9c-b05c-a3edefbc4d47-1536x878.webp 1536w, https:\/\/www.vita-explorers.dk\/blog\/wp-content\/uploads\/2024\/09\/f754430c-b677-4c9c-b05c-a3edefbc4d47.webp 1792w\" sizes=\"(max-width: 300px) 100vw, 300px\" \/><\/p>\n<h3 id=\"administratif\"><strong>Praktiske og administrative forhold<\/strong><\/h3>\n<ul>\n<li><strong>Pas<\/strong> : tjek at det er gyldigt mindst 6 m\u00e5neder efter hjemrejse.<\/li>\n<li><strong>Visum<\/strong> : unders\u00f8g, hvilken type visum du skal bruge til destinationen.<\/li>\n<li><strong>Arbejdstilladelse<\/strong> : nogle forl\u00f8b kr\u00e6ver s\u00e6rlige tilladelser.<\/li>\n<li><strong>Sundhedsdokumenter<\/strong> : hav styr p\u00e5 vaccinationskort og relevante attester.<\/li>\n<li><strong>Aftaler<\/strong> : l\u00e6s alle vilk\u00e5r grundigt, f\u00f8r du siger ja.<\/li>\n<\/ul>\n<h3 id=\"sante\"><strong>Sundhed og vaccinationer<\/strong><\/h3>\n<ul>\n<li><strong>L\u00e6getjek<\/strong> : tal med en l\u00e6ge med erfaring i rejsemedicin.<\/li>\n<li><strong>P\u00e5kr\u00e6vede vacciner<\/strong> : f\u00e5 overblik over obligatoriske og anbefalede vacciner.<\/li>\n<li><strong>F\u00f8rstehj\u00e6lp<\/strong> : pak et lille, relevant f\u00f8rstehj\u00e6lpskit.<\/li>\n<li><strong>Sundhedsforsikring<\/strong> : tjek d\u00e6kning under ophold i udlandet.<\/li>\n<li><strong>Forebyggelse<\/strong> : s\u00e6t dig ind i lokale sygdomme og forebyggende r\u00e5d.<\/li>\n<\/ul>\n<h3 id=\"formation\"><strong>Tr\u00e6ning og forberedelse<\/strong><\/h3>\n<ul>\n<li><strong>Online forberedelse<\/strong> : brug tilg\u00e6ngelige ressourcer til at blive kl\u00e6dt p\u00e5.<\/li>\n<li><strong>Praktiske workshops<\/strong> : deltag i tr\u00e6ning, hvis det tilbydes af organisationen.<\/li>\n<li><strong>Sproglige f\u00e6rdigheder<\/strong> : styrk dit niveau i landets sprog, hvor det er relevant.<\/li>\n<li><strong>Landekendskab<\/strong> : l\u00e6s om historie, kultur og lokale normer.<\/li>\n<li><strong>Mental forberedelse<\/strong> : v\u00e6r indstillet p\u00e5, at ting ikke altid g\u00e5r som planlagt.<\/li>\n<\/ul>\n<h3 id=\"assurance\"><strong>Forsikring og sikkerhed<\/strong><\/h3>\n<ul>\n<li><strong>Rejseforsikring<\/strong> : d\u00e6kker typisk afbestilling, forsinkelser og bagage.<\/li>\n<li><strong>International sygeforsikring<\/strong> : kan d\u00e6kke behandling og hjemtransport.<\/li>\n<li><strong>Ansvarsforsikring<\/strong> : beskytter ved skader forvoldt p\u00e5 andre.<\/li>\n<li><strong>Sikkerhedsr\u00e5d<\/strong> : f\u00f8lg anbefalinger fra myndigheder og organisationen.<\/li>\n<li><strong>N\u00f8dkontakter<\/strong> : not\u00e9r vigtige numre og ambassadens adresse.<\/li>\n<\/ul>\n<h3 id=\"logistique\"><strong>Logistik og bagage<\/strong><\/h3>\n<ul>\n<li><strong>Praktisk t\u00f8j<\/strong> : tilpas til klima og lokale normer.<\/li>\n<li><strong>Relevant udstyr<\/strong> : medbring det n\u00f8dvendige til dit forl\u00f8b.<\/li>\n<li><strong>Bagage<\/strong> : v\u00e6lg robuste tasker, der er nemme at transportere.<\/li>\n<li><strong>V\u00e6rdigenstande<\/strong> : tag kun det mest n\u00f8dvendige med.<\/li>\n<li><strong>Vigtige dokumenter<\/strong> : lav b\u00e5de digitale og fysiske kopier.<\/li>\n<\/ul>\n<h3 id=\"culture\"><strong>Indblik i lokal kultur<\/strong><\/h3>\n<ul>\n<li><strong>Sprog<\/strong> : l\u00e6r nogle n\u00f8gles\u00e6tninger, der g\u00f8r hverdagen lettere.<\/li>\n<li><strong>Skikke<\/strong> : vis respekt for traditioner og sociale normer.<\/li>\n<li><strong>Religion<\/strong> : v\u00e6r opm\u00e6rksom p\u00e5 lokale religi\u00f8se praksisser.<\/li>\n<li><strong>Mad<\/strong> : v\u00e6r nysgerrig og \u00e5ben over for nye retter.<\/li>\n<li><strong>H\u00f8flighed<\/strong> : s\u00e6t dig ind i almindelige omgangsformer.<\/li>\n<\/ul>\n<p><a href=\"https:\/\/www.vita-explorers.dk\/blog\/de-10-ting-du-skal-gore-inden-du-tager-afsted-pa-et-ansvarligt-ophold\/\" target=\"_blank\" rel=\"noopener\"><img loading=\"lazy\" decoding=\"async\" class=\"aligncenter wp-image-16129 size-medium\" src=\"https:\/\/www.vita-explorers.dk\/blog\/wp-content\/uploads\/2024\/04\/Les-20-choses-a-faire-avant-de-partir-en-voyage-humanitaire-300x300.png\" alt=\"Definition af internationalt frivilligt arbejde\" width=\"300\" height=\"300\" srcset=\"https:\/\/www.vita-explorers.dk\/blog\/wp-content\/uploads\/2024\/04\/Les-20-choses-a-faire-avant-de-partir-en-voyage-humanitaire-300x300.png 300w, https:\/\/www.vita-explorers.dk\/blog\/wp-content\/uploads\/2024\/04\/Les-20-choses-a-faire-avant-de-partir-en-voyage-humanitaire-1024x1024.png 1024w, https:\/\/www.vita-explorers.dk\/blog\/wp-content\/uploads\/2024\/04\/Les-20-choses-a-faire-avant-de-partir-en-voyage-humanitaire-150x150.png 150w, https:\/\/www.vita-explorers.dk\/blog\/wp-content\/uploads\/2024\/04\/Les-20-choses-a-faire-avant-de-partir-en-voyage-humanitaire-768x768.png 768w, https:\/\/www.vita-explorers.dk\/blog\/wp-content\/uploads\/2024\/04\/Les-20-choses-a-faire-avant-de-partir-en-voyage-humanitaire.png 1200w\" sizes=\"(max-width: 300px) 100vw, 300px\" \/><\/a><\/p>\n<hr \/>\n<h2 id=\"defis\">Udfordringer, du b\u00f8r v\u00e6re forberedt p\u00e5<\/h2>\n<h3 id=\"choc-culturel\"><strong>Kulturchok<\/strong><\/h3>\n<p><a href=\"https:\/\/www.vita-explorers.dk\/blog\/kulturchok-det-er-helt-normalt\/\" target=\"_blank\" rel=\"noopener\">Kulturchok<\/a> er helt normalt, n\u00e5r du tr\u00e6der ind i en ny hverdag:<\/p>\n<ul>\n<li><strong>Forst\u00e5else<\/strong> : accept\u00e9r, at det er en naturlig del af processen.<\/li>\n<li><strong>Tilv\u00e6nning<\/strong> : giv dig selv tid til at lande i de nye rammer.<\/li>\n<li><strong>Samtale<\/strong> : del dine tanker med nogen, du har tillid til.<\/li>\n<li><strong>\u00c5benhed<\/strong> : v\u00e6r nysgerrig p\u00e5 forskelle i kultur og vaner.<\/li>\n<li><strong>L\u00e6ring<\/strong> : se det som en mulighed for at udvikle dig.<\/li>\n<\/ul>\n<h3 id=\"conditions-vie\"><strong>Levevilk\u00e5r<\/strong><\/h3>\n<ul>\n<li><strong>Komfort<\/strong> : forvent mere enkle forhold end hjemme.<\/li>\n<li><strong>Hygiejne<\/strong> : tilpas dig lokale standarder og rutiner.<\/li>\n<li><strong>Mad<\/strong> : v\u00e6r klar p\u00e5 nye smage og madvaner.<\/li>\n<li><strong>Bolig<\/strong> : det kan v\u00e6re f\u00e6lles indkvartering med andre deltagere eller lokale.<\/li>\n<li><strong>Klima<\/strong> : s\u00e6t dig ind i vejrforhold og s\u00e6soner.<\/li>\n<\/ul>\n<h3 id=\"communication\"><strong>Kommunikationsbarrierer<\/strong><\/h3>\n<ul>\n<li><strong>Sprog<\/strong> : brug kropssprog og l\u00e6r vigtige ord og udtryk.<\/li>\n<li><strong>Tolkning<\/strong> : brug sproglige brobyggere, hvis det er n\u00f8dvendigt.<\/li>\n<li><strong>T\u00e5lmodighed<\/strong> : v\u00e6r rummelig \u2013 b\u00e5de over for dig selv og andre.<\/li>\n<li><strong>V\u00e6rkt\u00f8jer<\/strong> : brug overs\u00e6ttelsesapps, n\u00e5r det giver mening.<\/li>\n<li><strong>Nonverbal kommunikation<\/strong> : l\u00e6r lokale signaler og normer.<\/li>\n<\/ul>\n<h3 id=\"emotionnel\"><strong>Mentalt og f\u00f8lelsesm\u00e6ssigt overskud<\/strong><\/h3>\n<ul>\n<li><strong>S\u00e5rbarhed<\/strong> : du kan m\u00f8de situationer, der p\u00e5virker dig.<\/li>\n<li><a href=\"https:\/\/www.vita-explorers.dk\/blog\/stresshaandtering-for-studerende-paa-praktik-i-udlandet\/\" target=\"_blank\" rel=\"noopener\"><strong>Stress<\/strong> <\/a>: find strategier, der hj\u00e6lper (\u00e5ndedr\u00e6t, pauser, mindfulness).<\/li>\n<li><strong>St\u00f8tte<\/strong> : tal med kolleger eller en fagperson, hvis du har behov.<\/li>\n<li><strong>Pauser<\/strong> : giv dig selv tid til at lade op.<\/li>\n<li><strong>Fokus<\/strong> : l\u00e6g m\u00e6rke til det, der fungerer, og de sm\u00e5 fremskridt.<\/li>\n<\/ul>\n<h3 id=\"ethique\"><strong>Etiske overvejelser<\/strong><\/h3>\n<ul>\n<li><strong>Respekt<\/strong> : m\u00f8d mennesker med v\u00e6rdighed og ligev\u00e6rd.<\/li>\n<li><strong>Samtykke<\/strong> : sp\u00f8rg altid, f\u00f8r du tager billeder eller deler oplysninger.<\/li>\n<li><strong>Langsigtet effekt<\/strong> : t\u00e6nk i ansvarlige indsatser frem for hurtige l\u00f8sninger.<\/li>\n<li><strong>Ydmyghed<\/strong> : undg\u00e5 \u201credder\u201d-fort\u00e6llinger og lyt til lokale perspektiver.<\/li>\n<li><strong>Fortrolighed<\/strong> : respekter privatliv og personlige gr\u00e6nser.<\/li>\n<\/ul>\n<p><img loading=\"lazy\" decoding=\"async\" class=\"aligncenter wp-image-15784 size-medium\" src=\"https:\/\/www.vita-explorers.dk\/blog\/wp-content\/uploads\/2023\/10\/mission-humanitaire-namibie-300x253.png\" alt=\"Tilbud om internationalt solidaritetsforl\u00f8b\" width=\"300\" height=\"253\" srcset=\"https:\/\/www.vita-explorers.dk\/blog\/wp-content\/uploads\/2023\/10\/mission-humanitaire-namibie-300x253.png 300w, https:\/\/www.vita-explorers.dk\/blog\/wp-content\/uploads\/2023\/10\/mission-humanitaire-namibie-1024x863.png 1024w, https:\/\/www.vita-explorers.dk\/blog\/wp-content\/uploads\/2023\/10\/mission-humanitaire-namibie-768x647.png 768w, https:\/\/www.vita-explorers.dk\/blog\/wp-content\/uploads\/2023\/10\/mission-humanitaire-namibie.png 1258w\" sizes=\"(max-width: 300px) 100vw, 300px\" \/><\/p>\n<hr \/>\n<h2 id=\"benefices\">Udbyttet af et humanit\u00e6rt ophold<\/h2>\n<h3 id=\"personnel\"><strong>Personlig udvikling<\/strong><\/h3>\n<ul>\n<li><strong>Selvtillid<\/strong> : st\u00e5 st\u00e6rkere i dig selv.<\/li>\n<li><strong>Robusthed<\/strong> : l\u00e6re at h\u00e5ndtere udfordringer og forandring.<\/li>\n<li><strong>\u00c5bent sind<\/strong> : f\u00e5 nye perspektiver p\u00e5 verden.<\/li>\n<li><strong>Empati<\/strong> : styrke din evne til at forst\u00e5 andre.<\/li>\n<li><strong>Meningsfuldhed<\/strong> : f\u00f8lelsen af at bidrage i en vigtig sammenh\u00e6ng.<\/li>\n<\/ul>\n<h3 id=\"professionnel\"><strong>Faglige fordele<\/strong><\/h3>\n<ul>\n<li><strong>Nye kompetencer<\/strong> : udvide din faglige profil.<\/li>\n<li><strong>International erfaring<\/strong> : et st\u00e6rkt element p\u00e5 CV\u2019et.<\/li>\n<li><strong>Netv\u00e6rk<\/strong> : skabe kontakter, der kan f\u00e5 betydning senere.<\/li>\n<li><strong>Tilpasningsevne<\/strong> : en eftertragtet kompetence p\u00e5 arbejdsmarkedet.<\/li>\n<li><strong>Ledelse<\/strong> : udvikle evnen til at koordinere og samarbejde i teams.<\/li>\n<\/ul>\n<h3 id=\"social\"><strong>Social og milj\u00f8m\u00e6ssig betydning<\/strong><\/h3>\n<ul>\n<li><strong>Positiv forandring<\/strong> : bidrage til konkrete forbedringer.<\/li>\n<li><strong>B\u00e6redygtighed<\/strong> : v\u00e6re med i gr\u00f8nne initiativer.<\/li>\n<li><strong>Uddannelse<\/strong> : st\u00f8tte adgang til l\u00e6ring.<\/li>\n<li><strong>Social retf\u00e6rdighed<\/strong> : v\u00e6re en del af indsatser, der reducerer ulighed.<\/li>\n<li><strong>Inspirere andre<\/strong> : dele erfaringer, der kan motivere dit netv\u00e6rk.<\/li>\n<\/ul>\n<hr \/>\n<h2 id=\"temoignages\"><strong>Stemmer og oplevelser<\/strong><\/h2>\n<h3>Julien i Cambodja :<\/h3>\n<p><strong>Baggrund<\/strong> : Julien, 28 \u00e5r, deltog i et projekt i Cambodja.<\/p>\n<p><strong>Oplevelse<\/strong> : Han hjalp p\u00e5 en skole og underviste b\u00f8rn i engelsk.<\/p>\n<p><strong>Betydning<\/strong> : Takket v\u00e6re hans engagement fik mere end 200 b\u00f8rn adgang til undervisning.<\/p>\n<h3>Laura i Peru :<\/h3>\n<p><strong>Baggrund<\/strong> : Laura, 35 \u00e5r, deltog i et milj\u00f8program i Amazonas.<\/p>\n<p><strong>Oplevelse<\/strong> : Hun var med til genplantning og milj\u00f8undervisning i lokalsamfund.<\/p>\n<p><strong>Betydning<\/strong> : Hendes indsats bidrog til plantning af hundredvis af tr\u00e6er og \u00f8get opm\u00e6rksomhed hos mange familier.<\/p>\n<h3>Sophie i Indien :<\/h3>\n<p><strong>Baggrund<\/strong> : Hun valgte at engagere sig i et projekt i Indien.<\/p>\n<p><strong>Oplevelse<\/strong> : Hun arbejdede p\u00e5 en klinik, hvor der blev afholdt forebyggende workshops.<\/p>\n<p><strong>Betydning<\/strong> : Arbejdet forbedrede adgangen til sundhed for over hundrede mennesker.<\/p>\n<p><img loading=\"lazy\" decoding=\"async\" class=\"aligncenter wp-image-18938 size-medium\" src=\"https:\/\/www.vita-explorers.dk\/blog\/wp-content\/uploads\/2024\/11\/437530444_470247178658932_7566890546727809063_n-300x300.jpg\" alt=\"Humanit\u00e6rt ophold i udlandet\" width=\"300\" height=\"300\" srcset=\"https:\/\/www.vita-explorers.dk\/blog\/wp-content\/uploads\/2024\/11\/437530444_470247178658932_7566890546727809063_n-300x300.jpg 300w, https:\/\/www.vita-explorers.dk\/blog\/wp-content\/uploads\/2024\/11\/437530444_470247178658932_7566890546727809063_n-1024x1024.jpg 1024w, https:\/\/www.vita-explorers.dk\/blog\/wp-content\/uploads\/2024\/11\/437530444_470247178658932_7566890546727809063_n-150x150.jpg 150w, https:\/\/www.vita-explorers.dk\/blog\/wp-content\/uploads\/2024\/11\/437530444_470247178658932_7566890546727809063_n-768x767.jpg 768w, https:\/\/www.vita-explorers.dk\/blog\/wp-content\/uploads\/2024\/11\/437530444_470247178658932_7566890546727809063_n-1536x1534.jpg 1536w, https:\/\/www.vita-explorers.dk\/blog\/wp-content\/uploads\/2024\/11\/437530444_470247178658932_7566890546727809063_n.jpg 1938w\" sizes=\"(max-width: 300px) 100vw, 300px\" \/><\/p>\n<hr \/>\n<h2 id=\"faq\">FAQ<\/h2>\n<h3><strong>Skal jeg have s\u00e6rlige kompetencer for at tage afsted p\u00e5 et humanit\u00e6rt ophold i udlandet?<\/strong><\/h3>\n<p>Det afh\u00e6nger af det forl\u00f8b, du v\u00e6lger. Nogle kr\u00e6ver bestemte kompetencer, mens andre er \u00e5bne for de fleste.<\/p>\n<h3><strong>Hvordan kan jeg finansiere mit humanit\u00e6re ophold?<\/strong><\/h3>\n<p>Du kan bruge egne opsparinger, lave indsamlinger eller unders\u00f8ge muligheder for tilskud.<\/p>\n<h3><strong>Hvad er den korteste varighed for et ophold?<\/strong><\/h3>\n<p>Der findes forl\u00f8b fra to uger, men et l\u00e6ngere ophold giver ofte bedre mulighed for forankring og udbytte.<\/p>\n<h3><strong>Er frivilligt arbejde i udlandet sikkert?<\/strong><\/h3>\n<p>Organisationer arbejder for at skabe trygge rammer. Det er vigtigt at f\u00f8lge deres retningslinjer og bruge din sunde fornuft.<\/p>\n<h3><strong>Kan jeg tage afsted som familie?<\/strong><\/h3>\n<p>Ja, nogle organisationer tilbyder forl\u00f8b, der er tilpasset familier.<\/p>\n<h3><strong>D\u00e6kker deltagerbetalingen alle udgifter?<\/strong><\/h3>\n<p>Som regel d\u00e6kker den indkvartering, mad og st\u00f8tte p\u00e5 stedet, men ikke fly og personlige udgifter.<\/p>\n<h3><strong>Skal jeg kunne det lokale sprog?<\/strong><\/h3>\n<p>Det er ikke altid n\u00f8dvendigt, men det er en klar fordel at kunne det grundl\u00e6ggende.<\/p>\n<h3><strong>Hvordan v\u00e6lger jeg den rigtige organisation?<\/strong><\/h3>\n<p>Unders\u00f8g grundigt, l\u00e6s erfaringer fra andre, og v\u00e6lg en organisation, hvis v\u00e6rdier passer til dine.<\/p>\n<hr \/>\n<h2 id=\"conclusion\">Konklusion: Klar til at tage n\u00e6ste skridt?<\/h2>\n<p>Et <strong>humanit\u00e6rt ophold i udlandet<\/strong> kan give dig erfaringer, der s\u00e6tter sig \u2013 b\u00e5de personligt og fagligt. Det er en mulighed for at udfordre dig selv, l\u00e6re nyt og bidrage til noget meningsfuldt.<\/p>\n<p><strong>Hvis du overvejer det, s\u00e5 begynd at forberede dig allerede nu<\/strong>. Jo bedre du planl\u00e6gger, desto mere ro og udbytte f\u00e5r du med dig.<\/p>\n<hr \/>\n<h2>Nyttige links<\/h2>\n<p><img loading=\"lazy\" decoding=\"async\" class=\"aligncenter wp-image-17781 size-medium\" src=\"https:\/\/www.vita-explorers.dk\/blog\/wp-content\/uploads\/2024\/10\/61346d42-9293-4778-b4d8-2a92fcb77bc4-300x171.webp\" alt=\"Humanit\u00e6rt ophold i udlandet 2025\" width=\"300\" height=\"171\" srcset=\"https:\/\/www.vita-explorers.dk\/blog\/wp-content\/uploads\/2024\/10\/61346d42-9293-4778-b4d8-2a92fcb77bc4-300x171.webp 300w, https:\/\/www.vita-explorers.dk\/blog\/wp-content\/uploads\/2024\/10\/61346d42-9293-4778-b4d8-2a92fcb77bc4-1024x585.webp 1024w, https:\/\/www.vita-explorers.dk\/blog\/wp-content\/uploads\/2024\/10\/61346d42-9293-4778-b4d8-2a92fcb77bc4-768x439.webp 768w, https:\/\/www.vita-explorers.dk\/blog\/wp-content\/uploads\/2024\/10\/61346d42-9293-4778-b4d8-2a92fcb77bc4-1536x878.webp 1536w, https:\/\/www.vita-explorers.dk\/blog\/wp-content\/uploads\/2024\/10\/61346d42-9293-4778-b4d8-2a92fcb77bc4.webp 1792w\" sizes=\"(max-width: 300px) 100vw, 300px\" \/><\/p>\n<ul>\n<li><a href=\"https:\/\/www.vita-explorers.dk\/\" target=\"_blank\" rel=\"noopener\">VITA \u2013 Humanit\u00e6re ophold i udlandet<\/a><\/li>\n<\/ul>\n<hr \/>\n<h2>Del artiklen<\/h2>\n<p><strong>F\u00f8lg os p\u00e5 <a href=\"https:\/\/www.instagram.com\/globalongofficiel\/\"><span class=\"s2\">Instagram<\/span><\/a>,\u00a0<a href=\"https:\/\/www.facebook.com\/globalong\"><span class=\"s2\">Facebook<\/span><\/a>,\u00a0<a href=\"https:\/\/www.linkedin.com\/company\/5113177\/admin\/feed\/posts\/\"><span class=\"s2\">LinkedIn<\/span><\/a>\u00a0og\u00a0<a href=\"https:\/\/www.youtube.com\/c\/globalong\/videos\"><span class=\"s2\">YouTube<\/span><\/a>\u00a0!\u00a0<\/strong><\/p>\n<hr \/>\n<h2>Kontakt os<\/h2>\n<p>Har du sp\u00f8rgsm\u00e5l eller vil du h\u00f8re mere om humanit\u00e6re ophold i udlandet, s\u00e5 <strong><a href=\"https:\/\/www.vita-explorers.dk\/contact-globalong.html\" target=\"_blank\" rel=\"noopener\">kontakt VITA<\/a><\/strong>.<\/p>\n<hr \/>\n<blockquote><p>&#8220;Man ser kun rigtigt med hjertet. Det v\u00e6sentlige er usynligt for \u00f8jet.&#8221;<\/p>\n<p>\u2014 <strong>Antoine de Saint-Exup\u00e9ry<\/strong><\/p>\n<p><a title=\"N\u00e9pal\" href=\"https:\/\/www.flickr.com\/photos\/globalong\/albums\/72157639471477014\" data-flickr-embed=\"true\" data-footer=\"true\"><img loading=\"lazy\" decoding=\"async\" class=\"aligncenter\" src=\"https:\/\/live.staticflickr.com\/7313\/11794856075_b243bb4b05_w.jpg\" alt=\"Nepal\" width=\"300\" height=\"400\" \/><\/a><script async src=\"\/\/embedr.flickr.com\/assets\/client-code.js\" charset=\"utf-8\"><\/script><\/p><\/blockquote>\n<hr \/>\n<p><!-- Schema Markup JSON-LD pour l'article et les FAQ --><br \/>\n<script type=\"application\/ld+json\">\n{\n  \"@context\": \"https:\/\/schema.org\",\n  \"@graph\": [\n    {\n      \"@type\": \"Article\",\n      \"headline\": \"Humanit\u00e6rt ophold i udlandet: Din komplette guide til at engagere dig\",\n      \"image\": \"https:\/\/www.votre-site.com\/images\/mission-humanitaire-etranger.jpg\",\n      \"author\": {\n        \"@type\": \"Person\",\n        \"name\": \"Dit navn\"\n      },\n      \"publisher\": {\n        \"@type\": \"Organization\",\n        \"name\": \"VITA\",\n        \"logo\": {\n          \"@type\": \"ImageObject\",\n          \"url\": \"https:\/\/www.vita-explorers.dk\/images\/logo-globalong.png\"\n        }\n      },\n      \"datePublished\": \"2023-10-25\",\n      \"dateModified\": \"2023-10-25\",\n      \"description\": \"Find ud af, hvordan et humanit\u00e6rt ophold i udlandet kan give nye perspektiver \u2013 b\u00e5de for dig og de mennesker, du m\u00f8der. Denne grundige guide giver dig et solidt overblik over motivationer, forberedelse, typiske udfordringer samt personlige og faglige udbytter.\",\n      \"mainEntityOfPage\": {\n        \"@type\": \"WebPage\",\n        \"@id\": \"https:\/\/www.votre-site.com\/mission-humanitaire-etranger\"\n      }\n    },\n    {\n      \"@type\": \"FAQPage\",\n      \"mainEntity\": [\n        {\n          \"@type\": \"Question\",\n          \"name\": \"Skal jeg have s\u00e6rlige kompetencer for at tage afsted p\u00e5 et humanit\u00e6rt ophold i udlandet?\",\n          \"acceptedAnswer\": {\n            \"@type\": \"Answer\",\n            \"text\": \"Det afh\u00e6nger af det forl\u00f8b, du v\u00e6lger. Nogle kr\u00e6ver bestemte kompetencer, mens andre er \u00e5bne for de fleste.\"\n          }\n        },\n        {\n          \"@type\": \"Question\",\n          \"name\": \"Hvordan kan jeg finansiere mit humanit\u00e6re ophold?\",\n          \"acceptedAnswer\": {\n            \"@type\": \"Answer\",\n            \"text\": \"Du kan bruge egne opsparinger, lave indsamlinger eller unders\u00f8ge muligheder for tilskud.\"\n          }\n        },\n        {\n          \"@type\": \"Question\",\n          \"name\": \"Hvad er den korteste varighed for et ophold?\",\n          \"acceptedAnswer\": {\n            \"@type\": \"Answer\",\n            \"text\": \"Der findes forl\u00f8b fra to uger, men et l\u00e6ngere ophold giver ofte bedre mulighed for forankring og udbytte.\"\n          }\n        },\n        {\n          \"@type\": \"Question\",\n          \"name\": \"Er frivilligt arbejde i udlandet sikkert?\",\n          \"acceptedAnswer\": {\n            \"@type\": \"Answer\",\n            \"text\": \"Organisationer arbejder for at skabe trygge rammer. Det er vigtigt at f\u00f8lge deres retningslinjer og bruge din sunde fornuft.\"\n          }\n        },\n        {\n          \"@type\": \"Question\",\n          \"name\": \"Kan jeg tage afsted som familie?\",\n          \"acceptedAnswer\": {\n            \"@type\": \"Answer\",\n            \"text\": \"Ja, nogle organisationer tilbyder forl\u00f8b, der er tilpasset familier.\"\n          }\n        },\n        {\n          \"@type\": \"Question\",\n          \"name\": \"D\u00e6kker deltagerbetalingen alle udgifter?\",\n          \"acceptedAnswer\": {\n            \"@type\": \"Answer\",\n            \"text\": \"Som regel d\u00e6kker den indkvartering, mad og st\u00f8tte p\u00e5 stedet, men ikke fly og personlige udgifter.\"\n          }\n        },\n        {\n          \"@type\": \"Question\",\n          \"name\": \"Skal jeg kunne det lokale sprog?\",\n          \"acceptedAnswer\": {\n            \"@type\": \"Answer\",\n            \"text\": \"Det er ikke altid n\u00f8dvendigt, men det er en klar fordel at kunne det grundl\u00e6ggende.\"\n          }\n        },\n        {\n          \"@type\": \"Question\",\n          \"name\": \"Hvordan v\u00e6lger jeg den rigtige organisation?\",\n          \"acceptedAnswer\": {\n            \"@type\": \"Answer\",\n            \"text\": \"Unders\u00f8g grundigt, l\u00e6s erfaringer fra andre, og v\u00e6lg en organisation, hvis v\u00e6rdier passer til dine.\"\n          }\n        }\n      ]\n    }\n  ]\n}\n<\/script><br \/>\n<!-- Fin du Schema Markup --><\/p>\n<p><!-- Meta Titre et Description pour le SEO --><br \/>\n<!-- Meta Titre : Humanit\u00e6rt ophold i udlandet: Din komplette guide til at engagere dig Meta Description : Find ud af, hvordan et humanit\u00e6rt ophold i udlandet kan give nye perspektiver \u2013 b\u00e5de for dig og de mennesker, du m\u00f8der. Komplet guide til at komme godt fra start. --><\/p>\n<p><!-- Fin de l'article --><\/p>\n","protected":false},"excerpt":{"rendered":"<p>Humanit\u00e6rt ophold i udlandet: Den komplette guide til at engagere dig Find ud af, hvordan et humanit\u00e6rt ophold i udlandet kan give nye perspektiver\u2026<\/p>\n","protected":false},"author":7,"featured_media":16770,"comment_status":"open","ping_status":"open","sticky":false,"template":"","format":"standard","meta":{"footnotes":""},"categories":[8,470,4],"tags":[],"yoast_head":"<!-- This site is optimized with the Yoast SEO Premium plugin v23.4 (Yoast SEO v23.4) - https:\/\/yoast.com\/wordpress\/plugins\/seo\/ -->\n<title>Humanit\u00e6rt ophold i udlandet - VITA Explorers Blog<\/title>\n<meta name=\"robots\" content=\"index, follow, max-snippet:-1, max-image-preview:large, max-video-preview:-1\" \/>\n<link rel=\"canonical\" href=\"https:\/\/www.vita-explorers.dk\/blog\/humanitaert-ophold-i-udlandet\/\" \/>\n<meta property=\"og:locale\" content=\"da_DK\" \/>\n<meta property=\"og:type\" content=\"article\" \/>\n<meta property=\"og:title\" content=\"Humanit\u00e6rt ophold i udlandet\" \/>\n<meta property=\"og:description\" content=\"Humanit\u00e6rt ophold i udlandet: Den komplette guide til at engagere dig Find ud af, hvordan et humanit\u00e6rt ophold i udlandet kan give nye perspektiver\u2026\" \/>\n<meta property=\"og:url\" content=\"https:\/\/www.vita-explorers.dk\/blog\/humanitaert-ophold-i-udlandet\/\" \/>\n<meta property=\"og:site_name\" content=\"VITA Explorers Blog\" \/>\n<meta property=\"article:publisher\" content=\"https:\/\/www.facebook.com\/globalong\" \/>\n<meta property=\"article:published_time\" content=\"2024-12-10T01:57:21+00:00\" \/>\n<meta property=\"article:modified_time\" content=\"2024-12-10T10:15:31+00:00\" \/>\n<meta property=\"og:image\" content=\"https:\/\/www.vita-explorers.dk\/blog\/wp-content\/uploads\/2024\/06\/IMG_7868-Marie-Mahaut.jpeg\" \/>\n\t<meta property=\"og:image:width\" content=\"2208\" \/>\n\t<meta property=\"og:image:height\" content=\"1656\" \/>\n\t<meta property=\"og:image:type\" content=\"image\/jpeg\" \/>\n<meta name=\"author\" content=\"VITA Tribe\" \/>\n<meta name=\"twitter:card\" content=\"summary_large_image\" \/>\n<meta name=\"twitter:label1\" content=\"Skrevet af\" \/>\n\t<meta name=\"twitter:data1\" content=\"VITA Tribe\" \/>\n\t<meta name=\"twitter:label2\" content=\"Estimeret l\u00e6setid\" \/>\n\t<meta name=\"twitter:data2\" content=\"12 minutter\" \/>\n<script type=\"application\/ld+json\" class=\"yoast-schema-graph\">{\"@context\":\"https:\/\/schema.org\",\"@graph\":[{\"@type\":\"Article\",\"@id\":\"https:\/\/www.vita-explorers.dk\/blog\/humanitaert-ophold-i-udlandet\/#article\",\"isPartOf\":{\"@id\":\"https:\/\/www.vita-explorers.dk\/blog\/humanitaert-ophold-i-udlandet\/\"},\"author\":{\"name\":\"VITA Tribe\",\"@id\":\"https:\/\/www.vita-explorers.dk\/blog\/#\/schema\/person\/fc0343a2f2db2ebb2793c1f62dbe73f0\"},\"headline\":\"Humanit\u00e6rt ophold i udlandet\",\"datePublished\":\"2024-12-10T01:57:21+00:00\",\"dateModified\":\"2024-12-10T10:15:31+00:00\",\"mainEntityOfPage\":{\"@id\":\"https:\/\/www.vita-explorers.dk\/blog\/humanitaert-ophold-i-udlandet\/\"},\"wordCount\":2153,\"commentCount\":0,\"publisher\":{\"@id\":\"https:\/\/www.vita-explorers.dk\/blog\/#organization\"},\"image\":{\"@id\":\"https:\/\/www.vita-explorers.dk\/blog\/humanitaert-ophold-i-udlandet\/#primaryimage\"},\"thumbnailUrl\":\"https:\/\/www.vita-explorers.dk\/blog\/wp-content\/uploads\/2024\/06\/IMG_7868-Marie-Mahaut.jpeg\",\"articleSection\":[\"Humanit\u00e6rt frivilligt arbejde\",\"Natur- og milj\u00f8frivilligt arbejde\",\"VITA Explorers\"],\"inLanguage\":\"da-DK\",\"potentialAction\":[{\"@type\":\"CommentAction\",\"name\":\"Comment\",\"target\":[\"https:\/\/www.vita-explorers.dk\/blog\/humanitaert-ophold-i-udlandet\/#respond\"]}]},{\"@type\":\"WebPage\",\"@id\":\"https:\/\/www.vita-explorers.dk\/blog\/humanitaert-ophold-i-udlandet\/\",\"url\":\"https:\/\/www.vita-explorers.dk\/blog\/humanitaert-ophold-i-udlandet\/\",\"name\":\"Humanit\u00e6rt ophold i udlandet - VITA Explorers Blog\",\"isPartOf\":{\"@id\":\"https:\/\/www.vita-explorers.dk\/blog\/#website\"},\"primaryImageOfPage\":{\"@id\":\"https:\/\/www.vita-explorers.dk\/blog\/humanitaert-ophold-i-udlandet\/#primaryimage\"},\"image\":{\"@id\":\"https:\/\/www.vita-explorers.dk\/blog\/humanitaert-ophold-i-udlandet\/#primaryimage\"},\"thumbnailUrl\":\"https:\/\/www.vita-explorers.dk\/blog\/wp-content\/uploads\/2024\/06\/IMG_7868-Marie-Mahaut.jpeg\",\"datePublished\":\"2024-12-10T01:57:21+00:00\",\"dateModified\":\"2024-12-10T10:15:31+00:00\",\"breadcrumb\":{\"@id\":\"https:\/\/www.vita-explorers.dk\/blog\/humanitaert-ophold-i-udlandet\/#breadcrumb\"},\"inLanguage\":\"da-DK\",\"potentialAction\":[{\"@type\":\"ReadAction\",\"target\":[\"https:\/\/www.vita-explorers.dk\/blog\/humanitaert-ophold-i-udlandet\/\"]}]},{\"@type\":\"ImageObject\",\"inLanguage\":\"da-DK\",\"@id\":\"https:\/\/www.vita-explorers.dk\/blog\/humanitaert-ophold-i-udlandet\/#primaryimage\",\"url\":\"https:\/\/www.vita-explorers.dk\/blog\/wp-content\/uploads\/2024\/06\/IMG_7868-Marie-Mahaut.jpeg\",\"contentUrl\":\"https:\/\/www.vita-explorers.dk\/blog\/wp-content\/uploads\/2024\/06\/IMG_7868-Marie-Mahaut.jpeg\",\"width\":2208,\"height\":1656,\"caption\":\"Mission humanitaire \u00e0 l'\u00e9tranger\"},{\"@type\":\"BreadcrumbList\",\"@id\":\"https:\/\/www.vita-explorers.dk\/blog\/humanitaert-ophold-i-udlandet\/#breadcrumb\",\"itemListElement\":[{\"@type\":\"ListItem\",\"position\":1,\"name\":\"Accueil\",\"item\":\"https:\/\/www.vita-explorers.dk\/blog\/\"},{\"@type\":\"ListItem\",\"position\":2,\"name\":\"Humanit\u00e6rt ophold i udlandet\"}]},{\"@type\":\"WebSite\",\"@id\":\"https:\/\/www.vita-explorers.dk\/blog\/#website\",\"url\":\"https:\/\/www.vita-explorers.dk\/blog\/\",\"name\":\"Association Globalong\",\"description\":\"Frivilligt arbejde, sprogophold, praktik i udlandet og internationale oplevelser\",\"publisher\":{\"@id\":\"https:\/\/www.vita-explorers.dk\/blog\/#organization\"},\"potentialAction\":[{\"@type\":\"SearchAction\",\"target\":{\"@type\":\"EntryPoint\",\"urlTemplate\":\"https:\/\/www.vita-explorers.dk\/blog\/?s={search_term_string}\"},\"query-input\":{\"@type\":\"PropertyValueSpecification\",\"valueRequired\":true,\"valueName\":\"search_term_string\"}}],\"inLanguage\":\"da-DK\"},{\"@type\":\"Organization\",\"@id\":\"https:\/\/www.vita-explorers.dk\/blog\/#organization\",\"name\":\"Association Globalong\",\"url\":\"https:\/\/www.vita-explorers.dk\/blog\/\",\"logo\":{\"@type\":\"ImageObject\",\"inLanguage\":\"da-DK\",\"@id\":\"https:\/\/www.vita-explorers.dk\/blog\/#\/schema\/logo\/image\/\",\"url\":\"https:\/\/www.globalong.com\/blog\/wp-content\/uploads\/2014\/11\/cropped-cropped-Logo-et-Afrique-Globalong-petite-taille-2.jpg\",\"contentUrl\":\"https:\/\/www.globalong.com\/blog\/wp-content\/uploads\/2014\/11\/cropped-cropped-Logo-et-Afrique-Globalong-petite-taille-2.jpg\",\"width\":512,\"height\":512,\"caption\":\"Association Globalong\"},\"image\":{\"@id\":\"https:\/\/www.vita-explorers.dk\/blog\/#\/schema\/logo\/image\/\"},\"sameAs\":[\"https:\/\/www.facebook.com\/globalong\"]},{\"@type\":\"Person\",\"@id\":\"https:\/\/www.vita-explorers.dk\/blog\/#\/schema\/person\/fc0343a2f2db2ebb2793c1f62dbe73f0\",\"name\":\"VITA Tribe\",\"image\":{\"@type\":\"ImageObject\",\"inLanguage\":\"da-DK\",\"@id\":\"https:\/\/www.vita-explorers.dk\/blog\/#\/schema\/person\/image\/\",\"url\":\"https:\/\/secure.gravatar.com\/avatar\/f7f05026bb439d0c96b30e135e5f852c?s=96&d=mm&r=g\",\"contentUrl\":\"https:\/\/secure.gravatar.com\/avatar\/f7f05026bb439d0c96b30e135e5f852c?s=96&d=mm&r=g\",\"caption\":\"VITA Tribe\"},\"sameAs\":[\"http:\/\/www.globalong.com\"],\"url\":\"https:\/\/www.vita-explorers.dk\/blog\/author\/teamglobalong\/\"}]}<\/script>\n<!-- \/ Yoast SEO Premium plugin. -->","yoast_head_json":{"title":"Humanit\u00e6rt ophold i udlandet - VITA Explorers Blog","robots":{"index":"index","follow":"follow","max-snippet":"max-snippet:-1","max-image-preview":"max-image-preview:large","max-video-preview":"max-video-preview:-1"},"canonical":"https:\/\/www.vita-explorers.dk\/blog\/humanitaert-ophold-i-udlandet\/","og_locale":"da_DK","og_type":"article","og_title":"Humanit\u00e6rt ophold i udlandet","og_description":"Humanit\u00e6rt ophold i udlandet: Den komplette guide til at engagere dig Find ud af, hvordan et humanit\u00e6rt ophold i udlandet kan give nye perspektiver\u2026","og_url":"https:\/\/www.vita-explorers.dk\/blog\/humanitaert-ophold-i-udlandet\/","og_site_name":"VITA Explorers Blog","article_publisher":"https:\/\/www.facebook.com\/globalong","article_published_time":"2024-12-10T01:57:21+00:00","article_modified_time":"2024-12-10T10:15:31+00:00","og_image":[{"width":2208,"height":1656,"url":"https:\/\/www.vita-explorers.dk\/blog\/wp-content\/uploads\/2024\/06\/IMG_7868-Marie-Mahaut.jpeg","type":"image\/jpeg"}],"author":"VITA Tribe","twitter_card":"summary_large_image","twitter_misc":{"Skrevet af":"VITA Tribe","Estimeret l\u00e6setid":"12 minutter"},"schema":{"@context":"https:\/\/schema.org","@graph":[{"@type":"Article","@id":"https:\/\/www.vita-explorers.dk\/blog\/humanitaert-ophold-i-udlandet\/#article","isPartOf":{"@id":"https:\/\/www.vita-explorers.dk\/blog\/humanitaert-ophold-i-udlandet\/"},"author":{"name":"VITA Tribe","@id":"https:\/\/www.vita-explorers.dk\/blog\/#\/schema\/person\/fc0343a2f2db2ebb2793c1f62dbe73f0"},"headline":"Humanit\u00e6rt ophold i udlandet","datePublished":"2024-12-10T01:57:21+00:00","dateModified":"2024-12-10T10:15:31+00:00","mainEntityOfPage":{"@id":"https:\/\/www.vita-explorers.dk\/blog\/humanitaert-ophold-i-udlandet\/"},"wordCount":2153,"commentCount":0,"publisher":{"@id":"https:\/\/www.vita-explorers.dk\/blog\/#organization"},"image":{"@id":"https:\/\/www.vita-explorers.dk\/blog\/humanitaert-ophold-i-udlandet\/#primaryimage"},"thumbnailUrl":"https:\/\/www.vita-explorers.dk\/blog\/wp-content\/uploads\/2024\/06\/IMG_7868-Marie-Mahaut.jpeg","articleSection":["Humanit\u00e6rt frivilligt arbejde","Natur- og milj\u00f8frivilligt arbejde","VITA Explorers"],"inLanguage":"da-DK","potentialAction":[{"@type":"CommentAction","name":"Comment","target":["https:\/\/www.vita-explorers.dk\/blog\/humanitaert-ophold-i-udlandet\/#respond"]}]},{"@type":"WebPage","@id":"https:\/\/www.vita-explorers.dk\/blog\/humanitaert-ophold-i-udlandet\/","url":"https:\/\/www.vita-explorers.dk\/blog\/humanitaert-ophold-i-udlandet\/","name":"Humanit\u00e6rt ophold i udlandet - VITA Explorers Blog","isPartOf":{"@id":"https:\/\/www.vita-explorers.dk\/blog\/#website"},"primaryImageOfPage":{"@id":"https:\/\/www.vita-explorers.dk\/blog\/humanitaert-ophold-i-udlandet\/#primaryimage"},"image":{"@id":"https:\/\/www.vita-explorers.dk\/blog\/humanitaert-ophold-i-udlandet\/#primaryimage"},"thumbnailUrl":"https:\/\/www.vita-explorers.dk\/blog\/wp-content\/uploads\/2024\/06\/IMG_7868-Marie-Mahaut.jpeg","datePublished":"2024-12-10T01:57:21+00:00","dateModified":"2024-12-10T10:15:31+00:00","breadcrumb":{"@id":"https:\/\/www.vita-explorers.dk\/blog\/humanitaert-ophold-i-udlandet\/#breadcrumb"},"inLanguage":"da-DK","potentialAction":[{"@type":"ReadAction","target":["https:\/\/www.vita-explorers.dk\/blog\/humanitaert-ophold-i-udlandet\/"]}]},{"@type":"ImageObject","inLanguage":"da-DK","@id":"https:\/\/www.vita-explorers.dk\/blog\/humanitaert-ophold-i-udlandet\/#primaryimage","url":"https:\/\/www.vita-explorers.dk\/blog\/wp-content\/uploads\/2024\/06\/IMG_7868-Marie-Mahaut.jpeg","contentUrl":"https:\/\/www.vita-explorers.dk\/blog\/wp-content\/uploads\/2024\/06\/IMG_7868-Marie-Mahaut.jpeg","width":2208,"height":1656,"caption":"Mission humanitaire \u00e0 l'\u00e9tranger"},{"@type":"BreadcrumbList","@id":"https:\/\/www.vita-explorers.dk\/blog\/humanitaert-ophold-i-udlandet\/#breadcrumb","itemListElement":[{"@type":"ListItem","position":1,"name":"Accueil","item":"https:\/\/www.vita-explorers.dk\/blog\/"},{"@type":"ListItem","position":2,"name":"Humanit\u00e6rt ophold i udlandet"}]},{"@type":"WebSite","@id":"https:\/\/www.vita-explorers.dk\/blog\/#website","url":"https:\/\/www.vita-explorers.dk\/blog\/","name":"Association Globalong","description":"Frivilligt arbejde, sprogophold, praktik i udlandet og internationale oplevelser","publisher":{"@id":"https:\/\/www.vita-explorers.dk\/blog\/#organization"},"potentialAction":[{"@type":"SearchAction","target":{"@type":"EntryPoint","urlTemplate":"https:\/\/www.vita-explorers.dk\/blog\/?s={search_term_string}"},"query-input":{"@type":"PropertyValueSpecification","valueRequired":true,"valueName":"search_term_string"}}],"inLanguage":"da-DK"},{"@type":"Organization","@id":"https:\/\/www.vita-explorers.dk\/blog\/#organization","name":"Association Globalong","url":"https:\/\/www.vita-explorers.dk\/blog\/","logo":{"@type":"ImageObject","inLanguage":"da-DK","@id":"https:\/\/www.vita-explorers.dk\/blog\/#\/schema\/logo\/image\/","url":"https:\/\/www.globalong.com\/blog\/wp-content\/uploads\/2014\/11\/cropped-cropped-Logo-et-Afrique-Globalong-petite-taille-2.jpg","contentUrl":"https:\/\/www.globalong.com\/blog\/wp-content\/uploads\/2014\/11\/cropped-cropped-Logo-et-Afrique-Globalong-petite-taille-2.jpg","width":512,"height":512,"caption":"Association Globalong"},"image":{"@id":"https:\/\/www.vita-explorers.dk\/blog\/#\/schema\/logo\/image\/"},"sameAs":["https:\/\/www.facebook.com\/globalong"]},{"@type":"Person","@id":"https:\/\/www.vita-explorers.dk\/blog\/#\/schema\/person\/fc0343a2f2db2ebb2793c1f62dbe73f0","name":"VITA Tribe","image":{"@type":"ImageObject","inLanguage":"da-DK","@id":"https:\/\/www.vita-explorers.dk\/blog\/#\/schema\/person\/image\/","url":"https:\/\/secure.gravatar.com\/avatar\/f7f05026bb439d0c96b30e135e5f852c?s=96&d=mm&r=g","contentUrl":"https:\/\/secure.gravatar.com\/avatar\/f7f05026bb439d0c96b30e135e5f852c?s=96&d=mm&r=g","caption":"VITA Tribe"},"sameAs":["http:\/\/www.globalong.com"],"url":"https:\/\/www.vita-explorers.dk\/blog\/author\/teamglobalong\/"}]}},"_links":{"self":[{"href":"https:\/\/www.vita-explorers.dk\/blog\/wp-json\/wp\/v2\/posts\/19516"}],"collection":[{"href":"https:\/\/www.vita-explorers.dk\/blog\/wp-json\/wp\/v2\/posts"}],"about":[{"href":"https:\/\/www.vita-explorers.dk\/blog\/wp-json\/wp\/v2\/types\/post"}],"author":[{"embeddable":true,"href":"https:\/\/www.vita-explorers.dk\/blog\/wp-json\/wp\/v2\/users\/7"}],"replies":[{"embeddable":true,"href":"https:\/\/www.vita-explorers.dk\/blog\/wp-json\/wp\/v2\/comments?post=19516"}],"version-history":[{"count":4,"href":"https:\/\/www.vita-explorers.dk\/blog\/wp-json\/wp\/v2\/posts\/19516\/revisions"}],"predecessor-version":[{"id":19582,"href":"https:\/\/www.vita-explorers.dk\/blog\/wp-json\/wp\/v2\/posts\/19516\/revisions\/19582"}],"wp:featuredmedia":[{"embeddable":true,"href":"https:\/\/www.vita-explorers.dk\/blog\/wp-json\/wp\/v2\/media\/16770"}],"wp:attachment":[{"href":"https:\/\/www.vita-explorers.dk\/blog\/wp-json\/wp\/v2\/media?parent=19516"}],"wp:term":[{"taxonomy":"category","embeddable":true,"href":"https:\/\/www.vita-explorers.dk\/blog\/wp-json\/wp\/v2\/categories?post=19516"},{"taxonomy":"post_tag","embeddable":true,"href":"https:\/\/www.vita-explorers.dk\/blog\/wp-json\/wp\/v2\/tags?post=19516"}],"curies":[{"name":"wp","href":"https:\/\/api.w.org\/{rel}","templated":true}]}}