{"id":19651,"date":"2024-12-17T07:07:08","date_gmt":"2024-12-17T06:07:08","guid":{"rendered":"https:\/\/www.globalong.com\/blog\/?p=19651"},"modified":"2025-10-29T16:34:33","modified_gmt":"2025-10-29T15:34:33","slug":"humanitaert-ophold-i-costa-rica","status":"publish","type":"post","link":"https:\/\/www.vita-explorers.dk\/blog\/humanitaert-ophold-i-costa-rica\/","title":{"rendered":"Humanit\u00e6rt ophold i Costa Rica"},"content":{"rendered":"<p><!-- JSON-LD donn\u00e9es structur\u00e9es pour FAQ --><br \/>\n<script type=\"application\/ld+json\">\n{\n  \"@context\": \"https:\/\/schema.org\",\n  \"@type\": \"FAQPage\",\n  \"mainEntity\": [\n    {\n      \"@type\": \"Question\",\n      \"name\": \"Hvorfor v\u00e6lge et humanit\u00e6rt forl\u00f8b i Costa Rica?\",\n      \"acceptedAnswer\": {\n        \"@type\": \"Answer\",\n        \"text\": \"Costa Rica er internationalt kendt for st\u00e6rke indsatser inden for natur- og biodiversitetsbeskyttelse, hvilket g\u00f8r landet til et oplagt valg for ansvarlige internationale forl\u00f8b med fokus p\u00e5 milj\u00f8, naturbevarelse og st\u00f8tte til lokalsamfund.\" \n      }\n    },\n    {\n      \"@type\": \"Question\",\n      \"name\": \"Hvilke typer humanit\u00e6re forl\u00f8b findes der i Costa Rica?\",\n      \"acceptedAnswer\": {\n        \"@type\": \"Answer\",\n        \"text\": \"Humanit\u00e6re forl\u00f8b i Costa Rica kan bl.a. handle om biodiversitet og naturbevarelse, undervisning, st\u00f8tte til mennesker i s\u00e5rbare livssituationer samt projekter for social og lokal udvikling.\" \n      }\n    },\n    {\n      \"@type\": \"Question\",\n      \"name\": \"Hvordan deltager man i et humanit\u00e6rt forl\u00f8b i Costa Rica?\",\n      \"acceptedAnswer\": {\n        \"@type\": \"Answer\",\n        \"text\": \"For at deltage i et humanit\u00e6rt forl\u00f8b i Costa Rica kan du finde en organisation som VITA, der tilbyder internationale forl\u00f8b inden for naturbevarelse, undervisning og f\u00e6llesskabsbaseret udvikling.\" \n      }\n    }\n  ]\n}\n<\/script><\/p>\n<p><!-- JSON-LD pour t\u00e9moignage (incluant l'Event avec les modifications) --><br \/>\n<script type=\"application\/ld+json\">\n{\n  \"@context\": \"https:\/\/schema.org\",\n  \"@type\": \"Review\",\n  \"reviewRating\": {\n    \"@type\": \"Rating\",\n    \"ratingValue\": \"5\",\n    \"bestRating\": \"5\"\n  },\n  \"author\": {\n    \"@type\": \"Person\",\n    \"name\": \"Lina\"\n  },\n  \"reviewBody\": \"At deltage i det humanit\u00e6re forl\u00f8b i Costa Rica \u00e6ndrede mit liv. Jeg arbejdede med beskyttelse af havskildpadder og fik samtidig mulighed for at undervise i engelsk p\u00e5 en lille lokal skole. At se skildpaddeungerne bev\u00e6ge sig mod havet var et helt s\u00e6rligt \u00f8jeblik. Jeg l\u00e6rte ogs\u00e5 en levende og im\u00f8dekommende kultur at kende.\",\n  \"datePublished\": \"2024-12-17\",\n  \"publisher\": {\n    \"@type\": \"Organization\",\n    \"name\": \"VITA Institute\"\n  },\n  \"itemReviewed\": {\n    \"@type\": \"Event\",\n    \"name\": \"Humanit\u00e6rt forl\u00f8b i Costa Rica\",\n    \"description\": \"Et l\u00e6ngerevarende humanit\u00e6rt forl\u00f8b (et \u00e5r) i Costa Rica med fokus p\u00e5 natur- og dyrelivsbeskyttelse, social udvikling, undervisning og milj\u00f8bevarelse.\",\n    \"startDate\": \"2024-12-17\",\n    \"endDate\": \"2026-12-31\",\n    \"eventStatus\": \"http:\/\/schema.org\/EventScheduled\",\n    \"eventAttendanceMode\": \"http:\/\/schema.org\/OfflineEventAttendanceMode\",\n    \"image\": \"https:\/\/www.vita-explorers.dk\/blog\/wp-content\/uploads\/2024\/11\/20054119329_d511e97df9-300x169.jpg\",\n    \"organizer\": {\n      \"@type\": \"Organization\",\n      \"name\": \"VITA Institute\",\n      \"url\": \"https:\/\/www.vita-explorers.dk\/\"\n    },\n    \"location\": {\n      \"@type\": \"Place\",\n      \"name\": \"Costa Rica\",\n      \"address\": {\n        \"@type\": \"PostalAddress\",\n        \"addressCountry\": {\n          \"@type\": \"Country\",\n          \"name\": \"CR\"\n        }\n      }\n    },\n    \"performer\": {\n      \"@type\": \"Organization\",\n      \"name\": \"Deltagerteam\"\n    },\n    \"offers\": {\n      \"@type\": \"Offer\",\n      \"price\": \"0\",\n      \"priceCurrency\": \"USD\",\n      \"availability\": \"http:\/\/schema.org\/InStock\",\n      \"validFrom\": \"2023-12-01T12:00:00\",\n      \"url\": \"https:\/\/www.vita-explorers.dk\/mission-humanitaire-costa-rica\"\n    }\n  }\n}\n<\/script><\/p>\n<h1>Humanit\u00e6rt forl\u00f8b i Costa Rica<\/h1>\n<p><strong>En meningsfuld rejse med fokus p\u00e5 natur, f\u00e6llesskaber og milj\u00f8<\/strong><\/p>\n<article><!-- Sommaire avec liens internes --><br \/>\n<strong>Indhold<\/strong><\/p>\n<ul>\n<li><a href=\"#pourquoi-choisir-costa-rica\">Hvorfor v\u00e6lge et humanit\u00e6rt forl\u00f8b i Costa Rica?<\/a><\/li>\n<li><a href=\"#types-missions-humanitaires\">Typer af humanit\u00e6re forl\u00f8b i Costa Rica<\/a><\/li>\n<li><a href=\"#conservation-faune\">Humanit\u00e6rt forl\u00f8b med natur- og dyrelivsbeskyttelse<\/a><\/li>\n<li><a href=\"#education-communautaire\">Humanit\u00e6rt forl\u00f8b med undervisning og st\u00f8tte i lokalsamfund<\/a><\/li>\n<li><a href=\"#developpement-social\">Humanit\u00e6rt forl\u00f8b med social og lokal udvikling<\/a><\/li>\n<li><a href=\"#temoignages\">Oplevelser fra deltagere i Costa Rica<\/a><\/li>\n<li><a href=\"#preparation-mission\">S\u00e5dan forbereder du dig til et humanit\u00e6rt forl\u00f8b i Costa Rica<\/a><\/li>\n<li><a href=\"#conclusion\">Afslutning: Hvorfor v\u00e6lge et humanit\u00e6rt forl\u00f8b i Costa Rica?<\/a><\/li>\n<\/ul>\n<h2 id=\"pourquoi-choisir-costa-rica\">Hvorfor v\u00e6lge et humanit\u00e6rt forl\u00f8b i Costa Rica?<\/h2>\n<p style=\"text-align: justify;\">Et humanit\u00e6rt forl\u00f8b i <a href=\"https:\/\/www.vita-explorers.dk\/blog\/frivilligt-arbejde-costa-rica\/\" target=\"_blank\" rel=\"noopener\">Costa Rica<\/a> er s\u00e6rligt relevant for dig, der vil engagere dig i <strong>milj\u00f8<\/strong> og <strong>b\u00e6redygtig udvikling<\/strong>. Landet rummer omkring 5 % af verdens biodiversitet, selv om det er relativt lille. Omkring 25 % af territoriet er udlagt til <strong>naturreservater<\/strong> og <strong>nationalparker<\/strong>. Som deltager kan du bidrage til <strong>beskyttelse af dyreliv<\/strong> og <strong>bevarelse af \u00f8kosystemer<\/strong>.<\/p>\n<p><img loading=\"lazy\" decoding=\"async\" class=\"aligncenter wp-image-19375 size-medium\" src=\"https:\/\/www.vita-explorers.dk\/blog\/wp-content\/uploads\/2024\/11\/20054119329_d511e97df9-300x169.jpg\" alt=\"Humanit\u00e6rt forl\u00f8b i Costa Rica\" width=\"300\" height=\"169\" srcset=\"https:\/\/www.vita-explorers.dk\/blog\/wp-content\/uploads\/2024\/11\/20054119329_d511e97df9-300x169.jpg 300w, https:\/\/www.vita-explorers.dk\/blog\/wp-content\/uploads\/2024\/11\/20054119329_d511e97df9.jpg 500w\" sizes=\"(max-width: 300px) 100vw, 300px\" \/><\/p>\n<h3><strong>Et gr\u00f8nt paradis, der skal passes p\u00e5<\/strong><\/h3>\n<p style=\"text-align: justify;\"><a href=\"https:\/\/www.vita-explorers.dk\/sprogophold\/costa-rica-spansk-kursus.html\" target=\"_blank\" rel=\"noopener\">Costa Rica<\/a> er et <strong>naturligt paradis<\/strong> med en imponerende variation af \u00f8kosystemer \u2013 fra <strong>tropiske regnskove<\/strong> til <strong>uber\u00f8rte strande<\/strong>, <strong>aktive vulkaner<\/strong> og s\u00e6rlige <strong>kyst- og havomr\u00e5der<\/strong>. Samtidig er naturen presset af <strong>skovrydning<\/strong>, <strong>forurening<\/strong> og tab af levesteder for mange dyrearter. Derfor er indsatser for <strong>naturbevarelse<\/strong> og <strong>beskyttelse af biodiversitet<\/strong> vigtige.<\/p>\n<h3><strong>Socialt engagement i et land i udvikling<\/strong><\/h3>\n<p style=\"text-align: justify;\">Ud over den st\u00e6rke milj\u00f8profil arbejder Costa Rica ogs\u00e5 med <strong>social udvikling<\/strong> \u2013 blandt andet gennem bedre adgang til uddannelse og indsatser mod fattigdom. Alligevel findes der fortsat uligheder, is\u00e6r i landdistrikter. Her kan deltagere g\u00f8re en konkret forskel. Gennem humanit\u00e6re forl\u00f8b kan du v\u00e6re med i <strong>uddannelsesprojekter<\/strong>, <strong>sundhedsinitiativer<\/strong> og <strong>st\u00f8tte til lokalsamfund<\/strong>.<\/p>\n<p><img loading=\"lazy\" decoding=\"async\" class=\"aligncenter wp-image-15750 size-medium\" src=\"https:\/\/www.vita-explorers.dk\/blog\/wp-content\/uploads\/2023\/10\/mission-humanitaire-costa-rica-300x185.png\" alt=\"S\u00e5dan forbereder jeg mig bedst til et humanit\u00e6rt forl\u00f8b\" width=\"300\" height=\"185\" srcset=\"https:\/\/www.vita-explorers.dk\/blog\/wp-content\/uploads\/2023\/10\/mission-humanitaire-costa-rica-300x185.png 300w, https:\/\/www.vita-explorers.dk\/blog\/wp-content\/uploads\/2023\/10\/mission-humanitaire-costa-rica-1024x633.png 1024w, https:\/\/www.vita-explorers.dk\/blog\/wp-content\/uploads\/2023\/10\/mission-humanitaire-costa-rica-768x475.png 768w, https:\/\/www.vita-explorers.dk\/blog\/wp-content\/uploads\/2023\/10\/mission-humanitaire-costa-rica.png 1288w\" sizes=\"(max-width: 300px) 100vw, 300px\" \/><\/p>\n<h2 id=\"types-missions-humanitaires\">Typer af humanit\u00e6re forl\u00f8b i Costa Rica<\/h2>\n<p style=\"text-align: justify;\">I Costa Rica sp\u00e6nder humanit\u00e6re forl\u00f8b over flere vigtige omr\u00e5der, s\u00e5 du kan engagere dig i projekter inden for <strong>naturbevarelse<\/strong>, <strong>undervisning<\/strong> og <strong>lokal udvikling<\/strong>.<\/p>\n<h3 id=\"conservation-faune\"><strong>Humanit\u00e6rt forl\u00f8b med natur- og dyrelivsbeskyttelse<\/strong><\/h3>\n<p style=\"text-align: justify;\">Costa Rica er blandt de lande, der arbejder mest m\u00e5lrettet med <strong>bevarelse af biodiversitet<\/strong>. Et forl\u00f8b med naturbevarelse giver dig mulighed for at bidrage aktivt til milj\u00f8indsatsen og st\u00f8tte projekter, der beskytter truede arter.<\/p>\n<h4><strong>Beskyttelse af havskildpadder<\/strong><\/h4>\n<p style=\"text-align: justify;\">Strandene i Costa Rica, fx ved <strong>Tortuguero<\/strong> og <strong>Ostional<\/strong>, er vigtige omr\u00e5der for <strong>havskildpaddernes <a href=\"https:\/\/www.vita-explorers.dk\/frivilligt-arbejde\/costa-rica-internationalt-frivilligt-arbejde-okoprojekt-praktik\/beskyttelse-af-havskildpadder-frivilligt-arbejde.html\" target=\"_blank\" rel=\"noopener\">ynglepladser<\/a><\/strong>. Deltagere kan indg\u00e5 i beskyttelsesarbejdet, blandt andet ved at overv\u00e5ge strandene, st\u00f8tte arbejdet omkring \u00e6g og hj\u00e6lpe med at s\u00e6tte <strong>skildpaddeunger<\/strong> sikkert i vandet. Indsatserne er med til at styrke overlevelsen for truede arter.<\/p>\n<p><img loading=\"lazy\" decoding=\"async\" class=\"aligncenter wp-image-10122 size-medium\" src=\"https:\/\/www.vita-explorers.dk\/blog\/wp-content\/uploads\/2018\/06\/Vol1_turtle-2-min-300x204.jpg\" alt=\"humanit\u00e6rt forl\u00f8b i Costa Rica\" width=\"300\" height=\"204\" srcset=\"https:\/\/www.vita-explorers.dk\/blog\/wp-content\/uploads\/2018\/06\/Vol1_turtle-2-min-300x204.jpg 300w, https:\/\/www.vita-explorers.dk\/blog\/wp-content\/uploads\/2018\/06\/Vol1_turtle-2-min-768x522.jpg 768w, https:\/\/www.vita-explorers.dk\/blog\/wp-content\/uploads\/2018\/06\/Vol1_turtle-2-min-1024x697.jpg 1024w, https:\/\/www.vita-explorers.dk\/blog\/wp-content\/uploads\/2018\/06\/Vol1_turtle-2-min-150x102.jpg 150w, https:\/\/www.vita-explorers.dk\/blog\/wp-content\/uploads\/2018\/06\/Vol1_turtle-2-min.jpg 1426w\" sizes=\"(max-width: 300px) 100vw, 300px\" \/><\/p>\n<h4><strong>Genplantning og pleje af tropiske skove<\/strong><\/h4>\n<p style=\"text-align: justify;\">Costa Rica har <strong>tropiske regnskove<\/strong>, som er vigtige for biodiversiteten. Projekter med <strong>genplantning<\/strong> er centrale for at modvirke effekterne af skovrydning. Som deltager kan du v\u00e6re med i arbejde med tr\u00e6plantning og pleje af beskyttede naturomr\u00e5der.<\/p>\n<h3 id=\"education-communautaire\"><strong>Humanit\u00e6rt forl\u00f8b med undervisning og st\u00f8tte i lokalsamfund<\/strong><\/h3>\n<p style=\"text-align: justify;\">Costa Rica har gjort store fremskridt p\u00e5 uddannelsesomr\u00e5det, men der er stadig udfordringer \u2013 is\u00e6r i <strong>landdistrikter<\/strong>. Her kan deltagere bidrage til at mindske uligheder gennem undervisningsrettede indsatser.<\/p>\n<h4><strong>Undervisning i engelsk og grundl\u00e6ggende fag<\/strong><\/h4>\n<p style=\"text-align: justify;\">Mange skoler i landdistrikter mangler ressourcer til engelskundervisning, som ofte er vigtig i et land med stor turisme. Forl\u00f8bene giver mulighed for at st\u00f8tte undervisning i engelsk og andre fag som <strong>matematik<\/strong> og <strong>IT<\/strong>.<\/p>\n<h4><strong>St\u00f8tte til b\u00f8rn og unge samt kreative workshops<\/strong><\/h4>\n<p style=\"text-align: justify;\">Deltagere kan ogs\u00e5 v\u00e6re med til at facilitere kreative aktiviteter p\u00e5 skoler. Workshops kan give b\u00f8rn plads til at udfolde sig og samtidig styrke sociale og f\u00f8lelsesm\u00e6ssige kompetencer, som kan v\u00e6re v\u00e6rdifulde fremadrettet.<\/p>\n<p><img loading=\"lazy\" decoding=\"async\" class=\"aligncenter wp-image-8491 size-medium\" src=\"https:\/\/www.vita-explorers.dk\/blog\/wp-content\/uploads\/2017\/12\/Sandra-au-costa-rica-avec-Globalong-min-300x225.jpg\" alt=\"Humanit\u00e6rt forl\u00f8b i Costa Rica\" width=\"300\" height=\"225\" srcset=\"https:\/\/www.vita-explorers.dk\/blog\/wp-content\/uploads\/2017\/12\/Sandra-au-costa-rica-avec-Globalong-min-300x225.jpg 300w, https:\/\/www.vita-explorers.dk\/blog\/wp-content\/uploads\/2017\/12\/Sandra-au-costa-rica-avec-Globalong-min-768x576.jpg 768w, https:\/\/www.vita-explorers.dk\/blog\/wp-content\/uploads\/2017\/12\/Sandra-au-costa-rica-avec-Globalong-min-150x113.jpg 150w, https:\/\/www.vita-explorers.dk\/blog\/wp-content\/uploads\/2017\/12\/Sandra-au-costa-rica-avec-Globalong-min.jpg 960w\" sizes=\"(max-width: 300px) 100vw, 300px\" \/><\/p>\n<h3 id=\"developpement-social\"><strong>Humanit\u00e6rt forl\u00f8b med social og lokal udvikling<\/strong><\/h3>\n<p style=\"text-align: justify;\">Costa Rica rummer ogs\u00e5 muligheder for at st\u00f8tte lokalsamfund gennem projekter om <strong>infrastruktur<\/strong>, <strong>boliger<\/strong> og adgang til rent vand.<\/p>\n<h4><strong>Byggeri af infrastruktur og boliger<\/strong><\/h4>\n<p style=\"text-align: justify;\">Deltagere kan indg\u00e5 i byggeprojekter, der har til form\u00e5l at forbedre levevilk\u00e5r i landdistrikter. Det kan fx v\u00e6re arbejde med <strong>boliger<\/strong>, <strong>klinikker<\/strong> og <strong>skoler<\/strong>.<\/p>\n<h4><strong>St\u00f8tte til mennesker i s\u00e5rbare livssituationer<\/strong><\/h4>\n<div class=\"ti-widget ti-goog\" data-layout-id=\"4\" data-set-id=\"light-background\" data-pid=\"\" data-language=\"fr\" data-version=\"2\" data-review-target-width=\"300\" data-review-text-mode=\"readmore\" data-pager-autoplay-timeout=\"6\" > <div class=\"ti-widget-container ti-col-3\"> <div class=\"ti-reviews-container\"> <div class=\"ti-controls\"> <div class=\"ti-next\" aria-label=\"Avis suivante\" role=\"button\"><\/div> <div class=\"ti-prev\" aria-label=\"Avis pr\u00e9c\u00e9dent\" role=\"button\"><\/div> <\/div> <div class=\"ti-reviews-container-wrapper\">  <div data-empty=\"0\" class=\"ti-review-item source-Google ti-image-layout-thumbnail\" data-id=\"cfcd208495d565ef66e7dff9f98764da\" > <div class=\"ti-inner\"> <div class=\"ti-review-header\"> <div class=\"ti-profile-img\"> <img decoding=\"async\" src=\"https:\/\/lh3.googleusercontent.com\/a\/ACg8ocKpaoKe37CD0_POxO97KqB60GsWQRsIuG2vmCfXT-W_FY44vw=s120-c-rp-mo-br100\" srcset=\"https:\/\/lh3.googleusercontent.com\/a\/ACg8ocKpaoKe37CD0_POxO97KqB60GsWQRsIuG2vmCfXT-W_FY44vw=s120-c-rp-mo-br100 2x\" alt=\"Lucie Correia\" loading=\"lazy\" \/> <\/div> <div class=\"ti-profile-details\"> <div class=\"ti-name\"> Lucie Correia <\/div> <div class=\"ti-date\">2024-10-17<\/div> <\/div> <\/div> <span class=\"ti-stars\"><span class=\"ti-star f\"><\/span><span class=\"ti-star f\"><\/span><span class=\"ti-star f\"><\/span><span class=\"ti-star f\"><\/span><span class=\"ti-star f\"><\/span><\/span> <div class=\"ti-review-text-container ti-review-content\"><!-- R-CONTENT -->La communication avec Globalong est super, personnes tr\u00e8s pr\u00e9sentes pour les b\u00e9n\u00e9voles et \u00e9tudiants partant avec cette association. Elles r\u00e9pondent \u00e0 toutes nos questions et sont tr\u00e8s accessibles au t\u00e9l\u00e9phone.<!-- R-CONTENT --><\/div> <span class=\"ti-read-more\" data-container=\".ti-review-content\" data-collapse-text=\"Cacher\" data-open-text=\"Lire la suite\" ><\/span> <\/div> <\/div>  <div data-empty=\"0\" class=\"ti-review-item source-Google ti-image-layout-thumbnail\" data-id=\"cfcd208495d565ef66e7dff9f98764da\" > <div class=\"ti-inner\"> <div class=\"ti-review-header\"> <div class=\"ti-profile-img\"> <img decoding=\"async\" src=\"https:\/\/lh3.googleusercontent.com\/a-\/ALV-UjWqnnzM7-7c9BDqeTDF-a7pOgNjvLkJ3WshRd_Tn7z0Eu-AGQwo=s120-c-rp-mo-br100\" srcset=\"https:\/\/lh3.googleusercontent.com\/a-\/ALV-UjWqnnzM7-7c9BDqeTDF-a7pOgNjvLkJ3WshRd_Tn7z0Eu-AGQwo=s120-c-rp-mo-br100 2x\" alt=\"Ra\u00efssa Frisch\" loading=\"lazy\" \/> <\/div> <div class=\"ti-profile-details\"> <div class=\"ti-name\"> Ra\u00efssa Frisch <\/div> <div class=\"ti-date\">2024-10-14<\/div> <\/div> <\/div> <span class=\"ti-stars\"><span class=\"ti-star f\"><\/span><span class=\"ti-star f\"><\/span><span class=\"ti-star f\"><\/span><span class=\"ti-star f\"><\/span><span class=\"ti-star f\"><\/span><\/span> <div class=\"ti-review-text-container ti-review-content\"><!-- R-CONTENT -->J\u2019ai d\u00e9j\u00e0 eu l\u2019opportunit\u00e9 de r\u00e9aliser deux projets humanitaires avec l\u2019association Globalong. Je ne peux que la recommander, car j\u2019ai toujours b\u00e9n\u00e9fici\u00e9 d\u2019un excellent accompagnement, aussi bien avant que pendant le voyage. On ne vous laisse pas vous d\u00e9brouiller seuls, bien au contraire, vous \u00eates tr\u00e8s bien encadr\u00e9s pour accomplir toutes les d\u00e9marches dans les d\u00e9lais.\n\nAu-del\u00e0 du suivi, les exp\u00e9riences humanitaires propos\u00e9es par Globalong ne peuvent que transformer votre vie de mani\u00e8re positive. Elles vous apportent une richesse humaine inestimable.<!-- R-CONTENT --><\/div> <span class=\"ti-read-more\" data-container=\".ti-review-content\" data-collapse-text=\"Cacher\" data-open-text=\"Lire la suite\" ><\/span> <\/div> <\/div>  <div data-empty=\"0\" class=\"ti-review-item source-Google ti-image-layout-thumbnail\" data-id=\"cfcd208495d565ef66e7dff9f98764da\" > <div class=\"ti-inner\"> <div class=\"ti-review-header\"> <div class=\"ti-profile-img\"> <img decoding=\"async\" src=\"https:\/\/lh3.googleusercontent.com\/a\/ACg8ocJL-Dxv25YkXK2QwWPNRxTVqZCv5uTmDQDFg5qslKra3vRZew=s120-c-rp-mo-br100\" srcset=\"https:\/\/lh3.googleusercontent.com\/a\/ACg8ocJL-Dxv25YkXK2QwWPNRxTVqZCv5uTmDQDFg5qslKra3vRZew=s120-c-rp-mo-br100 2x\" alt=\"Tara Turan\" loading=\"lazy\" \/> <\/div> <div class=\"ti-profile-details\"> <div class=\"ti-name\"> Tara Turan <\/div> <div class=\"ti-date\">2024-10-14<\/div> <\/div> <\/div> <span class=\"ti-stars\"><span class=\"ti-star f\"><\/span><span class=\"ti-star f\"><\/span><span class=\"ti-star f\"><\/span><span class=\"ti-star f\"><\/span><span class=\"ti-star f\"><\/span><\/span> <div class=\"ti-review-text-container ti-review-content\"><!-- R-CONTENT -->Une des meilleures associations que j\u2019ai pu faire !\nUne organisation et un suivi vraiment parfait, c\u2019est avec grand plaisir que je referai un projet avec eux.<!-- R-CONTENT --><\/div> <span class=\"ti-read-more\" data-container=\".ti-review-content\" data-collapse-text=\"Cacher\" data-open-text=\"Lire la suite\" ><\/span> <\/div> <\/div>  <div data-empty=\"0\" class=\"ti-review-item source-Google ti-image-layout-thumbnail\" data-id=\"cfcd208495d565ef66e7dff9f98764da\" > <div class=\"ti-inner\"> <div class=\"ti-review-header\"> <div class=\"ti-profile-img\"> <img decoding=\"async\" src=\"https:\/\/lh3.googleusercontent.com\/a\/ACg8ocLctTPNovSk3eKM0b_MIPOfcFEQsz2135Cdu59_BWRVsIYC7Q=s120-c-rp-mo-br100\" srcset=\"https:\/\/lh3.googleusercontent.com\/a\/ACg8ocLctTPNovSk3eKM0b_MIPOfcFEQsz2135Cdu59_BWRVsIYC7Q=s120-c-rp-mo-br100 2x\" alt=\"Repiquet Julie\" loading=\"lazy\" \/> <\/div> <div class=\"ti-profile-details\"> <div class=\"ti-name\"> Repiquet Julie <\/div> <div class=\"ti-date\">2024-10-13<\/div> <\/div> <\/div> <span class=\"ti-stars\"><span class=\"ti-star f\"><\/span><span class=\"ti-star f\"><\/span><span class=\"ti-star f\"><\/span><span class=\"ti-star f\"><\/span><span class=\"ti-star f\"><\/span><\/span> <div class=\"ti-review-text-container ti-review-content\"><!-- R-CONTENT -->Tr\u00e8s bon accompagnement de la part de Globalong, du premier jour avec toutes mes interrogations, jusqu'au d\u00e9part dans quelques jours. Le dossier transmis apr\u00e8s validation de la mission est plus que complet, les webmaster tr\u00e8s int\u00e9ressantes et permettent de d\u00e9charger mentalement ce genre de pr\u00e9paration, tout est pr\u00e9vu il n'y a plus qu'\u00e0 suivre ! Merci \u00e0 Florence de r\u00e9pondre \u00e0 toutes mes questions avec gentillesse et bienveillance, cela m'a permis de passer le cap!\nMaintenant, il n'y a plus qu'\u00e0 \ud83d\ude00<!-- R-CONTENT --><\/div> <span class=\"ti-read-more\" data-container=\".ti-review-content\" data-collapse-text=\"Cacher\" data-open-text=\"Lire la suite\" ><\/span> <\/div> <\/div>  <div data-empty=\"0\" class=\"ti-review-item source-Google ti-image-layout-thumbnail\" data-id=\"cfcd208495d565ef66e7dff9f98764da\" > <div class=\"ti-inner\"> <div class=\"ti-review-header\"> <div class=\"ti-profile-img\"> <img decoding=\"async\" src=\"https:\/\/lh3.googleusercontent.com\/a\/ACg8ocJJTdmTWs8nAA0yuH_cKOUgzc6GFAkHBiXhpnnVYXaWMBZsHw=s120-c-rp-mo-br100\" srcset=\"https:\/\/lh3.googleusercontent.com\/a\/ACg8ocJJTdmTWs8nAA0yuH_cKOUgzc6GFAkHBiXhpnnVYXaWMBZsHw=s120-c-rp-mo-br100 2x\" alt=\"Marine Guilhamat\" loading=\"lazy\" \/> <\/div> <div class=\"ti-profile-details\"> <div class=\"ti-name\"> Marine Guilhamat <\/div> <div class=\"ti-date\">2024-10-09<\/div> <\/div> <\/div> <span class=\"ti-stars\"><span class=\"ti-star f\"><\/span><span class=\"ti-star f\"><\/span><span class=\"ti-star f\"><\/span><span class=\"ti-star f\"><\/span><span class=\"ti-star f\"><\/span><\/span> <div class=\"ti-review-text-container ti-review-content\"><!-- R-CONTENT -->Tr\u00e8s belle association qui offre un cadre super s\u00e9curisant et permet de s\u2019investir dans des projets qui ont du sens. Merci \u00e0 l\u2019\u00e9quipe Globalong pour votre disponibilit\u00e9, gentillesse et accompagnement !<!-- R-CONTENT --><\/div> <span class=\"ti-read-more\" data-container=\".ti-review-content\" data-collapse-text=\"Cacher\" data-open-text=\"Lire la suite\" ><\/span> <\/div> <\/div>  <div data-empty=\"0\" class=\"ti-review-item source-Google ti-image-layout-thumbnail\" data-id=\"cfcd208495d565ef66e7dff9f98764da\" > <div class=\"ti-inner\"> <div class=\"ti-review-header\"> <div class=\"ti-profile-img\"> <img decoding=\"async\" src=\"https:\/\/lh3.googleusercontent.com\/a\/ACg8ocIgITHXKo46qgJyPqlJeAcxz11gCKUJpGIk2qauiIe2O3iZ6w=s120-c-rp-mo-br100\" srcset=\"https:\/\/lh3.googleusercontent.com\/a\/ACg8ocIgITHXKo46qgJyPqlJeAcxz11gCKUJpGIk2qauiIe2O3iZ6w=s120-c-rp-mo-br100 2x\" alt=\"Laura Mercier\" loading=\"lazy\" \/> <\/div> <div class=\"ti-profile-details\"> <div class=\"ti-name\"> Laura Mercier <\/div> <div class=\"ti-date\">2024-10-08<\/div> <\/div> <\/div> <span class=\"ti-stars\"><span class=\"ti-star f\"><\/span><span class=\"ti-star f\"><\/span><span class=\"ti-star f\"><\/span><span class=\"ti-star f\"><\/span><span class=\"ti-star f\"><\/span><\/span> <div class=\"ti-review-text-container ti-review-content\"><!-- R-CONTENT -->Mon d\u00e9part approche, je pars dans une semaine, et depuis le d\u00e9but de mon inscription je suis tr\u00e8s satisfaite du suivi effectu\u00e9 par l\u2019association. Ils sont tr\u00e8s disponibles et r\u00e9pondent rapidement \u00e0 l\u2019ensemble des questions. Je suis tr\u00e8s contente de partir faire cette mission humanitaire encadr\u00e9e par cette association. Je recommande vraiment.<!-- R-CONTENT --><\/div> <span class=\"ti-read-more\" data-container=\".ti-review-content\" data-collapse-text=\"Cacher\" data-open-text=\"Lire la suite\" ><\/span> <\/div> <\/div>  <div data-empty=\"0\" class=\"ti-review-item source-Google ti-image-layout-thumbnail\" data-id=\"cfcd208495d565ef66e7dff9f98764da\" > <div class=\"ti-inner\"> <div class=\"ti-review-header\"> <div class=\"ti-profile-img\"> <img decoding=\"async\" src=\"https:\/\/lh3.googleusercontent.com\/a-\/ALV-UjVVr0YMQhXl8QNEEB32l-rnoaYwvRZUjIEX9OEwPE_1fQwzIyk=s120-c-rp-mo-br100\" srcset=\"https:\/\/lh3.googleusercontent.com\/a-\/ALV-UjVVr0YMQhXl8QNEEB32l-rnoaYwvRZUjIEX9OEwPE_1fQwzIyk=s120-c-rp-mo-br100 2x\" alt=\"Anouk Rzkt\" loading=\"lazy\" \/> <\/div> <div class=\"ti-profile-details\"> <div class=\"ti-name\"> Anouk Rzkt <\/div> <div class=\"ti-date\">2024-10-02<\/div> <\/div> <\/div> <span class=\"ti-stars\"><span class=\"ti-star f\"><\/span><span class=\"ti-star f\"><\/span><span class=\"ti-star f\"><\/span><span class=\"ti-star f\"><\/span><span class=\"ti-star f\"><\/span><\/span> <div class=\"ti-review-text-container ti-review-content\"><!-- R-CONTENT -->Globalong est l'association parfaite. L'\u00e9quipe offre un v\u00e9ritable accompagnement rythm\u00e9 par beaucoup de conseils et d'\u00e9coute. Le site est tr\u00e8s bien fait avec des dossiers complets allant des sujets tr\u00e8s pratiques a d'autres plus th\u00e9oriques (tels que le choc culturel par exemple). Je recommande vivement et remercie sinc\u00e8rement toute l'\u00e9quipe pour leur gentillesse et investissement !<!-- R-CONTENT --><\/div> <span class=\"ti-read-more\" data-container=\".ti-review-content\" data-collapse-text=\"Cacher\" data-open-text=\"Lire la suite\" ><\/span> <\/div> <\/div>  <\/div> <div class=\"ti-controls-line\"> <div class=\"dot\"><\/div> <\/div> <\/div> <div class=\"ti-footer\"> <div class=\"ti-rating-text\"> <span class=\"nowrap\">\u00c9valuation <strong>Google<\/strong> : <\/span><span class=\"nowrap\"><strong>4.8<\/strong> sur 5, <\/span><span class=\"nowrap\">Bas\u00e9e sur <strong>240 avis<\/strong><\/span> <\/div> <\/div>  <\/div> <\/div> \n<p style=\"text-align: justify;\">Deltagere kan ogs\u00e5 st\u00f8tte mennesker i s\u00e5rbare livssituationer \u2013 fx b\u00f8rn i b\u00f8rnecentre, \u00e6ldre p\u00e5 plejehjem og mennesker med handicap. Indsatserne handler om n\u00e6rv\u00e6r og praktisk hj\u00e6lp i hverdagen.<\/p>\n<h2 id=\"temoignages\">Oplevelser fra deltagere i Costa Rica<\/h2>\n<blockquote><p>&#8220;At deltage i det humanit\u00e6re forl\u00f8b i Costa Rica \u00e6ndrede mit liv. Jeg arbejdede med beskyttelse af havskildpadder og fik samtidig mulighed for at undervise i engelsk p\u00e5 en lille lokal skole. At se skildpaddeungerne bev\u00e6ge sig mod havet var et helt s\u00e6rligt \u00f8jeblik. Jeg l\u00e6rte ogs\u00e5 en levende og im\u00f8dekommende kultur at kende.&#8221; \u2014 <strong>L\u00e9a, 29 \u00e5r<\/strong><\/p><\/blockquote>\n<h2 id=\"preparation-mission\">S\u00e5dan forbereder du dig til et humanit\u00e6rt forl\u00f8b i Costa Rica<\/h2>\n<ul>\n<li><strong>Sprogforberedelse<\/strong> : Det kan anbefales at l\u00e6re grundl\u00e6ggende spansk for at g\u00f8re hverdagen nemmere og styrke kommunikationen under opholdet.<\/li>\n<li><strong>Vaccinationer og forsikring<\/strong> : Tal med din l\u00e6ge om relevante vaccinationer, og s\u00f8rg for at have en rejseforsikring, der d\u00e6kker dit ophold.<\/li>\n<li><strong>Respekt for lokale normer<\/strong> : S\u00e6t dig ind i traditioner og hverdagskultur i Costa Rica, s\u00e5 du m\u00f8der mennesker med respekt og falder naturligt til.<\/li>\n<\/ul>\n<h2 id=\"conclusion\">Hvorfor v\u00e6lge et humanit\u00e6rt forl\u00f8b i Costa Rica?<\/h2>\n<p style=\"text-align: justify;\">Costa Rica kan v\u00e6re et st\u00e6rkt valg for dig, der \u00f8nsker et ansvarligt internationalt forl\u00f8b med mening. Uanset om fokus er <strong>beskyttelse af dyreliv<\/strong>, <strong>undervisning<\/strong> eller <strong>social udvikling<\/strong>, er det en mulighed for at bidrage til en mere b\u00e6redygtig retning for landet \u2013 og samtidig l\u00e6re gennem kulturudveksling og nye perspektiver.<\/p>\n<p style=\"text-align: center;\"><strong>Vil du f\u00f8lge med i VITA Institute og vores community, s\u00e5 find os p\u00e5 <a href=\"https:\/\/www.instagram.com\/globalongofficiel\/\">Instagram<\/a>, <a href=\"https:\/\/www.facebook.com\/globalong\">Facebook<\/a>, <a href=\"https:\/\/www.linkedin.com\/company\/5113177\/admin\/feed\/posts\/\">LinkedIn<\/a> og <a href=\"https:\/\/www.youtube.com\/c\/globalong\/videos\">Youtube<\/a>!<\/strong><\/p>\n<p><a title=\"Costa Rica\" href=\"https:\/\/www.flickr.com\/photos\/globalong\/albums\/72157639520607094\" data-flickr-embed=\"true\" data-footer=\"true\"><img loading=\"lazy\" decoding=\"async\" class=\"aligncenter\" src=\"https:\/\/live.staticflickr.com\/65535\/20054119329_d511e97df9_n.jpg\" alt=\"Costa Rica\" width=\"300\" height=\"400\" \/><\/a><script async src=\"\/\/embedr.flickr.com\/assets\/client-code.js\" charset=\"utf-8\"><\/script><\/p>\n<p>a0<\/p>\n<\/article>\n<p>a0<\/p>\n<p>a0<\/p>\n","protected":false},"excerpt":{"rendered":"<p>Humanit\u00e6rt forl\u00f8b i Costa Rica En meningsfuld rejse med fokus p\u00e5 natur, f\u00e6llesskaber og milj\u00f8 Indhold Hvorfor v\u00e6lge et humanit\u00e6rt forl\u00f8b i Costa Rica?\u2026<\/p>\n","protected":false},"author":7,"featured_media":15854,"comment_status":"open","ping_status":"open","sticky":false,"template":"","format":"standard","meta":{"footnotes":""},"categories":[8,6,472,4],"tags":[],"yoast_head":"<!-- This site is optimized with the Yoast SEO Premium plugin v23.4 (Yoast SEO v23.4) - https:\/\/yoast.com\/wordpress\/plugins\/seo\/ -->\n<title>Humanit\u00e6rt ophold i Costa Rica: Beskyt dyrelivet og naturen - VITA Explorers Blog<\/title>\n<meta name=\"description\" content=\"D\u00e9couvrez comment contribuer \u00e0 la pr\u00e9servation de la biodiversit\u00e9 en participant \u00e0 une mission humanitaire au Costa Rica en 2025 et 2026.\" \/>\n<meta name=\"robots\" content=\"index, follow, max-snippet:-1, max-image-preview:large, max-video-preview:-1\" \/>\n<link rel=\"canonical\" href=\"https:\/\/www.vita-explorers.dk\/blog\/humanitaert-ophold-i-costa-rica\/\" \/>\n<meta property=\"og:locale\" content=\"da_DK\" \/>\n<meta property=\"og:type\" content=\"article\" \/>\n<meta property=\"og:title\" content=\"Humanit\u00e6rt ophold i Costa Rica\" \/>\n<meta property=\"og:description\" content=\"D\u00e9couvrez comment contribuer \u00e0 la pr\u00e9servation de la biodiversit\u00e9 en participant \u00e0 une mission humanitaire au Costa Rica en 2025 et 2026.\" \/>\n<meta property=\"og:url\" content=\"https:\/\/www.vita-explorers.dk\/blog\/humanitaert-ophold-i-costa-rica\/\" \/>\n<meta property=\"og:site_name\" content=\"VITA Explorers Blog\" \/>\n<meta property=\"article:publisher\" content=\"https:\/\/www.facebook.com\/globalong\" \/>\n<meta property=\"article:published_time\" content=\"2024-12-17T06:07:08+00:00\" \/>\n<meta property=\"article:modified_time\" content=\"2025-10-29T15:34:33+00:00\" \/>\n<meta property=\"og:image\" content=\"https:\/\/www.vita-explorers.dk\/blog\/wp-content\/uploads\/2023\/12\/mission-humanitaire-au-Costa-Rica-1024x673.png\" \/>\n\t<meta property=\"og:image:width\" content=\"1024\" \/>\n\t<meta property=\"og:image:height\" content=\"673\" \/>\n\t<meta property=\"og:image:type\" content=\"image\/png\" \/>\n<meta name=\"author\" content=\"VITA Tribe\" \/>\n<meta name=\"twitter:card\" content=\"summary_large_image\" \/>\n<meta name=\"twitter:label1\" content=\"Skrevet af\" \/>\n\t<meta name=\"twitter:data1\" content=\"VITA Tribe\" \/>\n\t<meta name=\"twitter:label2\" content=\"Estimeret l\u00e6setid\" \/>\n\t<meta name=\"twitter:data2\" content=\"6 minutter\" \/>\n<script type=\"application\/ld+json\" class=\"yoast-schema-graph\">{\"@context\":\"https:\/\/schema.org\",\"@graph\":[{\"@type\":\"Article\",\"@id\":\"https:\/\/www.vita-explorers.dk\/blog\/humanitaert-ophold-i-costa-rica\/#article\",\"isPartOf\":{\"@id\":\"https:\/\/www.vita-explorers.dk\/blog\/humanitaert-ophold-i-costa-rica\/\"},\"author\":{\"name\":\"VITA Tribe\",\"@id\":\"https:\/\/www.vita-explorers.dk\/blog\/#\/schema\/person\/fc0343a2f2db2ebb2793c1f62dbe73f0\"},\"headline\":\"Humanit\u00e6rt ophold i Costa Rica\",\"datePublished\":\"2024-12-17T06:07:08+00:00\",\"dateModified\":\"2025-10-29T15:34:33+00:00\",\"mainEntityOfPage\":{\"@id\":\"https:\/\/www.vita-explorers.dk\/blog\/humanitaert-ophold-i-costa-rica\/\"},\"wordCount\":968,\"commentCount\":0,\"publisher\":{\"@id\":\"https:\/\/www.vita-explorers.dk\/blog\/#organization\"},\"image\":{\"@id\":\"https:\/\/www.vita-explorers.dk\/blog\/humanitaert-ophold-i-costa-rica\/#primaryimage\"},\"thumbnailUrl\":\"https:\/\/www.vita-explorers.dk\/blog\/wp-content\/uploads\/2023\/12\/mission-humanitaire-au-Costa-Rica.png\",\"articleSection\":[\"Humanit\u00e6rt frivilligt arbejde\",\"Nyheder\",\"Oplysning\",\"VITA Explorers\"],\"inLanguage\":\"da-DK\",\"potentialAction\":[{\"@type\":\"CommentAction\",\"name\":\"Comment\",\"target\":[\"https:\/\/www.vita-explorers.dk\/blog\/humanitaert-ophold-i-costa-rica\/#respond\"]}]},{\"@type\":\"WebPage\",\"@id\":\"https:\/\/www.vita-explorers.dk\/blog\/humanitaert-ophold-i-costa-rica\/\",\"url\":\"https:\/\/www.vita-explorers.dk\/blog\/humanitaert-ophold-i-costa-rica\/\",\"name\":\"Humanit\u00e6rt ophold i Costa Rica: Beskyt dyrelivet og naturen - VITA Explorers Blog\",\"isPartOf\":{\"@id\":\"https:\/\/www.vita-explorers.dk\/blog\/#website\"},\"primaryImageOfPage\":{\"@id\":\"https:\/\/www.vita-explorers.dk\/blog\/humanitaert-ophold-i-costa-rica\/#primaryimage\"},\"image\":{\"@id\":\"https:\/\/www.vita-explorers.dk\/blog\/humanitaert-ophold-i-costa-rica\/#primaryimage\"},\"thumbnailUrl\":\"https:\/\/www.vita-explorers.dk\/blog\/wp-content\/uploads\/2023\/12\/mission-humanitaire-au-Costa-Rica.png\",\"datePublished\":\"2024-12-17T06:07:08+00:00\",\"dateModified\":\"2025-10-29T15:34:33+00:00\",\"description\":\"D\u00e9couvrez comment contribuer \u00e0 la pr\u00e9servation de la biodiversit\u00e9 en participant \u00e0 une mission humanitaire au Costa Rica en 2025 et 2026.\",\"breadcrumb\":{\"@id\":\"https:\/\/www.vita-explorers.dk\/blog\/humanitaert-ophold-i-costa-rica\/#breadcrumb\"},\"inLanguage\":\"da-DK\",\"potentialAction\":[{\"@type\":\"ReadAction\",\"target\":[\"https:\/\/www.vita-explorers.dk\/blog\/humanitaert-ophold-i-costa-rica\/\"]}]},{\"@type\":\"ImageObject\",\"inLanguage\":\"da-DK\",\"@id\":\"https:\/\/www.vita-explorers.dk\/blog\/humanitaert-ophold-i-costa-rica\/#primaryimage\",\"url\":\"https:\/\/www.vita-explorers.dk\/blog\/wp-content\/uploads\/2023\/12\/mission-humanitaire-au-Costa-Rica.png\",\"contentUrl\":\"https:\/\/www.vita-explorers.dk\/blog\/wp-content\/uploads\/2023\/12\/mission-humanitaire-au-Costa-Rica.png\",\"width\":1528,\"height\":1004,\"caption\":\"Voyage \u00e9co-responsable au Costa Rica\"},{\"@type\":\"BreadcrumbList\",\"@id\":\"https:\/\/www.vita-explorers.dk\/blog\/humanitaert-ophold-i-costa-rica\/#breadcrumb\",\"itemListElement\":[{\"@type\":\"ListItem\",\"position\":1,\"name\":\"Accueil\",\"item\":\"https:\/\/www.vita-explorers.dk\/blog\/\"},{\"@type\":\"ListItem\",\"position\":2,\"name\":\"Humanit\u00e6rt ophold i Costa Rica\"}]},{\"@type\":\"WebSite\",\"@id\":\"https:\/\/www.vita-explorers.dk\/blog\/#website\",\"url\":\"https:\/\/www.vita-explorers.dk\/blog\/\",\"name\":\"Association Globalong\",\"description\":\"Frivilligt arbejde, sprogophold, praktik i udlandet og internationale oplevelser\",\"publisher\":{\"@id\":\"https:\/\/www.vita-explorers.dk\/blog\/#organization\"},\"potentialAction\":[{\"@type\":\"SearchAction\",\"target\":{\"@type\":\"EntryPoint\",\"urlTemplate\":\"https:\/\/www.vita-explorers.dk\/blog\/?s={search_term_string}\"},\"query-input\":{\"@type\":\"PropertyValueSpecification\",\"valueRequired\":true,\"valueName\":\"search_term_string\"}}],\"inLanguage\":\"da-DK\"},{\"@type\":\"Organization\",\"@id\":\"https:\/\/www.vita-explorers.dk\/blog\/#organization\",\"name\":\"Association Globalong\",\"url\":\"https:\/\/www.vita-explorers.dk\/blog\/\",\"logo\":{\"@type\":\"ImageObject\",\"inLanguage\":\"da-DK\",\"@id\":\"https:\/\/www.vita-explorers.dk\/blog\/#\/schema\/logo\/image\/\",\"url\":\"https:\/\/www.globalong.com\/blog\/wp-content\/uploads\/2014\/11\/cropped-cropped-Logo-et-Afrique-Globalong-petite-taille-2.jpg\",\"contentUrl\":\"https:\/\/www.globalong.com\/blog\/wp-content\/uploads\/2014\/11\/cropped-cropped-Logo-et-Afrique-Globalong-petite-taille-2.jpg\",\"width\":512,\"height\":512,\"caption\":\"Association Globalong\"},\"image\":{\"@id\":\"https:\/\/www.vita-explorers.dk\/blog\/#\/schema\/logo\/image\/\"},\"sameAs\":[\"https:\/\/www.facebook.com\/globalong\"]},{\"@type\":\"Person\",\"@id\":\"https:\/\/www.vita-explorers.dk\/blog\/#\/schema\/person\/fc0343a2f2db2ebb2793c1f62dbe73f0\",\"name\":\"VITA Tribe\",\"image\":{\"@type\":\"ImageObject\",\"inLanguage\":\"da-DK\",\"@id\":\"https:\/\/www.vita-explorers.dk\/blog\/#\/schema\/person\/image\/\",\"url\":\"https:\/\/secure.gravatar.com\/avatar\/f7f05026bb439d0c96b30e135e5f852c?s=96&d=mm&r=g\",\"contentUrl\":\"https:\/\/secure.gravatar.com\/avatar\/f7f05026bb439d0c96b30e135e5f852c?s=96&d=mm&r=g\",\"caption\":\"VITA Tribe\"},\"sameAs\":[\"http:\/\/www.globalong.com\"],\"url\":\"https:\/\/www.vita-explorers.dk\/blog\/author\/teamglobalong\/\"}]}<\/script>\n<!-- \/ Yoast SEO Premium plugin. -->","yoast_head_json":{"title":"Humanit\u00e6rt ophold i Costa Rica: Beskyt dyrelivet og naturen - VITA Explorers Blog","description":"D\u00e9couvrez comment contribuer \u00e0 la pr\u00e9servation de la biodiversit\u00e9 en participant \u00e0 une mission humanitaire au Costa Rica en 2025 et 2026.","robots":{"index":"index","follow":"follow","max-snippet":"max-snippet:-1","max-image-preview":"max-image-preview:large","max-video-preview":"max-video-preview:-1"},"canonical":"https:\/\/www.vita-explorers.dk\/blog\/humanitaert-ophold-i-costa-rica\/","og_locale":"da_DK","og_type":"article","og_title":"Humanit\u00e6rt ophold i Costa Rica","og_description":"D\u00e9couvrez comment contribuer \u00e0 la pr\u00e9servation de la biodiversit\u00e9 en participant \u00e0 une mission humanitaire au Costa Rica en 2025 et 2026.","og_url":"https:\/\/www.vita-explorers.dk\/blog\/humanitaert-ophold-i-costa-rica\/","og_site_name":"VITA Explorers Blog","article_publisher":"https:\/\/www.facebook.com\/globalong","article_published_time":"2024-12-17T06:07:08+00:00","article_modified_time":"2025-10-29T15:34:33+00:00","og_image":[{"width":1024,"height":673,"url":"https:\/\/www.vita-explorers.dk\/blog\/wp-content\/uploads\/2023\/12\/mission-humanitaire-au-Costa-Rica-1024x673.png","type":"image\/png"}],"author":"VITA Tribe","twitter_card":"summary_large_image","twitter_misc":{"Skrevet af":"VITA Tribe","Estimeret l\u00e6setid":"6 minutter"},"schema":{"@context":"https:\/\/schema.org","@graph":[{"@type":"Article","@id":"https:\/\/www.vita-explorers.dk\/blog\/humanitaert-ophold-i-costa-rica\/#article","isPartOf":{"@id":"https:\/\/www.vita-explorers.dk\/blog\/humanitaert-ophold-i-costa-rica\/"},"author":{"name":"VITA Tribe","@id":"https:\/\/www.vita-explorers.dk\/blog\/#\/schema\/person\/fc0343a2f2db2ebb2793c1f62dbe73f0"},"headline":"Humanit\u00e6rt ophold i Costa Rica","datePublished":"2024-12-17T06:07:08+00:00","dateModified":"2025-10-29T15:34:33+00:00","mainEntityOfPage":{"@id":"https:\/\/www.vita-explorers.dk\/blog\/humanitaert-ophold-i-costa-rica\/"},"wordCount":968,"commentCount":0,"publisher":{"@id":"https:\/\/www.vita-explorers.dk\/blog\/#organization"},"image":{"@id":"https:\/\/www.vita-explorers.dk\/blog\/humanitaert-ophold-i-costa-rica\/#primaryimage"},"thumbnailUrl":"https:\/\/www.vita-explorers.dk\/blog\/wp-content\/uploads\/2023\/12\/mission-humanitaire-au-Costa-Rica.png","articleSection":["Humanit\u00e6rt frivilligt arbejde","Nyheder","Oplysning","VITA Explorers"],"inLanguage":"da-DK","potentialAction":[{"@type":"CommentAction","name":"Comment","target":["https:\/\/www.vita-explorers.dk\/blog\/humanitaert-ophold-i-costa-rica\/#respond"]}]},{"@type":"WebPage","@id":"https:\/\/www.vita-explorers.dk\/blog\/humanitaert-ophold-i-costa-rica\/","url":"https:\/\/www.vita-explorers.dk\/blog\/humanitaert-ophold-i-costa-rica\/","name":"Humanit\u00e6rt ophold i Costa Rica: Beskyt dyrelivet og naturen - VITA Explorers Blog","isPartOf":{"@id":"https:\/\/www.vita-explorers.dk\/blog\/#website"},"primaryImageOfPage":{"@id":"https:\/\/www.vita-explorers.dk\/blog\/humanitaert-ophold-i-costa-rica\/#primaryimage"},"image":{"@id":"https:\/\/www.vita-explorers.dk\/blog\/humanitaert-ophold-i-costa-rica\/#primaryimage"},"thumbnailUrl":"https:\/\/www.vita-explorers.dk\/blog\/wp-content\/uploads\/2023\/12\/mission-humanitaire-au-Costa-Rica.png","datePublished":"2024-12-17T06:07:08+00:00","dateModified":"2025-10-29T15:34:33+00:00","description":"D\u00e9couvrez comment contribuer \u00e0 la pr\u00e9servation de la biodiversit\u00e9 en participant \u00e0 une mission humanitaire au Costa Rica en 2025 et 2026.","breadcrumb":{"@id":"https:\/\/www.vita-explorers.dk\/blog\/humanitaert-ophold-i-costa-rica\/#breadcrumb"},"inLanguage":"da-DK","potentialAction":[{"@type":"ReadAction","target":["https:\/\/www.vita-explorers.dk\/blog\/humanitaert-ophold-i-costa-rica\/"]}]},{"@type":"ImageObject","inLanguage":"da-DK","@id":"https:\/\/www.vita-explorers.dk\/blog\/humanitaert-ophold-i-costa-rica\/#primaryimage","url":"https:\/\/www.vita-explorers.dk\/blog\/wp-content\/uploads\/2023\/12\/mission-humanitaire-au-Costa-Rica.png","contentUrl":"https:\/\/www.vita-explorers.dk\/blog\/wp-content\/uploads\/2023\/12\/mission-humanitaire-au-Costa-Rica.png","width":1528,"height":1004,"caption":"Voyage \u00e9co-responsable au Costa Rica"},{"@type":"BreadcrumbList","@id":"https:\/\/www.vita-explorers.dk\/blog\/humanitaert-ophold-i-costa-rica\/#breadcrumb","itemListElement":[{"@type":"ListItem","position":1,"name":"Accueil","item":"https:\/\/www.vita-explorers.dk\/blog\/"},{"@type":"ListItem","position":2,"name":"Humanit\u00e6rt ophold i Costa Rica"}]},{"@type":"WebSite","@id":"https:\/\/www.vita-explorers.dk\/blog\/#website","url":"https:\/\/www.vita-explorers.dk\/blog\/","name":"Association Globalong","description":"Frivilligt arbejde, sprogophold, praktik i udlandet og internationale oplevelser","publisher":{"@id":"https:\/\/www.vita-explorers.dk\/blog\/#organization"},"potentialAction":[{"@type":"SearchAction","target":{"@type":"EntryPoint","urlTemplate":"https:\/\/www.vita-explorers.dk\/blog\/?s={search_term_string}"},"query-input":{"@type":"PropertyValueSpecification","valueRequired":true,"valueName":"search_term_string"}}],"inLanguage":"da-DK"},{"@type":"Organization","@id":"https:\/\/www.vita-explorers.dk\/blog\/#organization","name":"Association Globalong","url":"https:\/\/www.vita-explorers.dk\/blog\/","logo":{"@type":"ImageObject","inLanguage":"da-DK","@id":"https:\/\/www.vita-explorers.dk\/blog\/#\/schema\/logo\/image\/","url":"https:\/\/www.globalong.com\/blog\/wp-content\/uploads\/2014\/11\/cropped-cropped-Logo-et-Afrique-Globalong-petite-taille-2.jpg","contentUrl":"https:\/\/www.globalong.com\/blog\/wp-content\/uploads\/2014\/11\/cropped-cropped-Logo-et-Afrique-Globalong-petite-taille-2.jpg","width":512,"height":512,"caption":"Association Globalong"},"image":{"@id":"https:\/\/www.vita-explorers.dk\/blog\/#\/schema\/logo\/image\/"},"sameAs":["https:\/\/www.facebook.com\/globalong"]},{"@type":"Person","@id":"https:\/\/www.vita-explorers.dk\/blog\/#\/schema\/person\/fc0343a2f2db2ebb2793c1f62dbe73f0","name":"VITA Tribe","image":{"@type":"ImageObject","inLanguage":"da-DK","@id":"https:\/\/www.vita-explorers.dk\/blog\/#\/schema\/person\/image\/","url":"https:\/\/secure.gravatar.com\/avatar\/f7f05026bb439d0c96b30e135e5f852c?s=96&d=mm&r=g","contentUrl":"https:\/\/secure.gravatar.com\/avatar\/f7f05026bb439d0c96b30e135e5f852c?s=96&d=mm&r=g","caption":"VITA Tribe"},"sameAs":["http:\/\/www.globalong.com"],"url":"https:\/\/www.vita-explorers.dk\/blog\/author\/teamglobalong\/"}]}},"_links":{"self":[{"href":"https:\/\/www.vita-explorers.dk\/blog\/wp-json\/wp\/v2\/posts\/19651"}],"collection":[{"href":"https:\/\/www.vita-explorers.dk\/blog\/wp-json\/wp\/v2\/posts"}],"about":[{"href":"https:\/\/www.vita-explorers.dk\/blog\/wp-json\/wp\/v2\/types\/post"}],"author":[{"embeddable":true,"href":"https:\/\/www.vita-explorers.dk\/blog\/wp-json\/wp\/v2\/users\/7"}],"replies":[{"embeddable":true,"href":"https:\/\/www.vita-explorers.dk\/blog\/wp-json\/wp\/v2\/comments?post=19651"}],"version-history":[{"count":11,"href":"https:\/\/www.vita-explorers.dk\/blog\/wp-json\/wp\/v2\/posts\/19651\/revisions"}],"predecessor-version":[{"id":22164,"href":"https:\/\/www.vita-explorers.dk\/blog\/wp-json\/wp\/v2\/posts\/19651\/revisions\/22164"}],"wp:featuredmedia":[{"embeddable":true,"href":"https:\/\/www.vita-explorers.dk\/blog\/wp-json\/wp\/v2\/media\/15854"}],"wp:attachment":[{"href":"https:\/\/www.vita-explorers.dk\/blog\/wp-json\/wp\/v2\/media?parent=19651"}],"wp:term":[{"taxonomy":"category","embeddable":true,"href":"https:\/\/www.vita-explorers.dk\/blog\/wp-json\/wp\/v2\/categories?post=19651"},{"taxonomy":"post_tag","embeddable":true,"href":"https:\/\/www.vita-explorers.dk\/blog\/wp-json\/wp\/v2\/tags?post=19651"}],"curies":[{"name":"wp","href":"https:\/\/api.w.org\/{rel}","templated":true}]}}