{"id":19693,"date":"2024-12-21T06:13:14","date_gmt":"2024-12-21T05:13:14","guid":{"rendered":"https:\/\/www.globalong.com\/blog\/?p=19693"},"modified":"2025-09-14T15:06:19","modified_gmt":"2025-09-14T13:06:19","slug":"internationalt-solidaritetsophold","status":"publish","type":"post","link":"https:\/\/www.vita-explorers.dk\/blog\/internationalt-solidaritetsophold\/","title":{"rendered":"Internationalt solidaritetsophold"},"content":{"rendered":"<p><!-- Donn\u00e9es Structur\u00e9es (JSON-LD) --><br \/>\n<script type=\"application\/ld+json\">\n    {\n      \"@context\": \"https:\/\/schema.org\",\n      \"@type\": \"Article\",\n      \"mainEntityOfPage\": {\n        \"@type\": \"WebPage\",\n        \"@id\": \"https:\/\/www.globalong.org\/voyage-de-solidarite-international\"\n      },\n      \"headline\": \"Internationalt solidaritetsophold med VITA: En meningsfuld og engagerende oplevelse\",\n      \"description\": \"F\u00e5 indblik i, hvordan et internationalt solidaritetsophold med VITA kan give dig nye perspektiver og samtidig st\u00f8tte lokale indsatser. L\u00e6s om planl\u00e6gning, valg af destination og hvordan du f\u00e5r mest muligt ud af dit ophold.\",\n      \"image\": \"https:\/\/www.globalong.org\/images\/volontaires-solidarite-afrique.jpg\",\n      \"author\": {\n        \"@type\": \"Organization\",\n        \"name\": \"VITA Institute\",\n        \"url\": \"https:\/\/www.globalong.org\"\n      },\n      \"publisher\": {\n        \"@type\": \"Organization\",\n        \"name\": \"VITA Institute\",\n        \"logo\": {\n          \"@type\": \"ImageObject\",\n          \"url\": \"https:\/\/www.globalong.org\/images\/logo.png\"\n        }\n      },\n      \"datePublished\": \"2024-12-21T00:00:00Z\",\n      \"dateModified\": \"2024-12-21T00:00:00Z\",\n      \"mainEntity\": [\n        {\n          \"@type\": \"Question\",\n          \"name\": \"Hvilke kompetencer er relevante til et internationalt solidaritetsophold med VITA?\",\n          \"acceptedAnswer\": {\n            \"@type\": \"Answer\",\n            \"text\": \"Kompetencerne afh\u00e6nger af projektet, men erfaring med undervisning, byggeri, sundhed eller projektledelse er ofte efterspurgt. Evnen til at samarbejde, tilpasse sig nye kulturer og kommunikere tydeligt er ogs\u00e5 vigtig.\"\n          }\n        },\n        {\n          \"@type\": \"Question\",\n          \"name\": \"Hvor l\u00e6nge varer et internationalt solidaritetsophold med VITA?\",\n          \"acceptedAnswer\": {\n            \"@type\": \"Answer\",\n            \"text\": \"Varigheden kan sp\u00e6nde fra f\u00e5 uger til flere m\u00e5neder \u2013 i nogle tilf\u00e6lde op til et helt \u00e5r. Det afh\u00e6nger af programmet, projekttypen og dine personlige muligheder.\"\n          }\n        },\n        {\n          \"@type\": \"Question\",\n          \"name\": \"Er det n\u00f8dvendigt at have erfaring for at deltage?\",\n          \"acceptedAnswer\": {\n            \"@type\": \"Answer\",\n            \"text\": \"Erfaring kan v\u00e6re en fordel, men VITA byder ogs\u00e5 deltagere velkommen uden forudg\u00e5ende erfaring. En nysgerrig tilgang, lyst til at l\u00e6re og evne til at tilpasse sig betyder ofte mere end specifikke f\u00e6rdigheder.\"\n          }\n        },\n        {\n          \"@type\": \"Question\",\n          \"name\": \"Hvordan kan man finansiere sit internationale solidaritetsophold med VITA?\",\n          \"acceptedAnswer\": {\n            \"@type\": \"Answer\",\n            \"text\": \"Finansiering kan komme fra egen opsparing, fundraising, legater eller st\u00f8tteordninger. VITA kan ogs\u00e5 tilbyde fleksible betalingsmuligheder, der kan hj\u00e6lpe med at fordele udgifterne. Det vigtigste er at planl\u00e6gge i god tid og afklare mulighederne f\u00f8r afrejse.\"\n          }\n        },\n        {\n          \"@type\": \"Question\",\n          \"name\": \"Hvilke milj\u00f8m\u00e6ssige p\u00e5virkninger har solidaritetsrejser?\",\n          \"acceptedAnswer\": {\n            \"@type\": \"Answer\",\n            \"text\": \"Det er vigtigt at v\u00e6lge et ansvarligt forl\u00f8b, der arbejder for at begr\u00e6nse klima- og milj\u00f8aftryk. VITA prioriterer b\u00e6redygtige praksisser, som fx mindre affald, hensyn til lokale ressourcer og st\u00f8tte til lokale natur- og bevaringsinitiativer.\"\n          }\n        }\n      ]\n    }\n    <\/script><\/p>\n<article>\n<h1>Internationalt solidaritetsophold: en meningsfuld og engagerende oplevelse<\/h1>\n<p><img loading=\"lazy\" decoding=\"async\" class=\"aligncenter wp-image-8945 size-medium\" src=\"https:\/\/www.globalong.org\/blog\/wp-content\/uploads\/2018\/02\/Game_Reserve_Conservation_9-min-300x200.jpg\" alt=\"Deltager p\u00e5 internationalt solidaritetsophold\" width=\"300\" height=\"200\" srcset=\"https:\/\/www.vita-explorers.dk\/blog\/wp-content\/uploads\/2018\/02\/Game_Reserve_Conservation_9-min-300x200.jpg 300w, https:\/\/www.vita-explorers.dk\/blog\/wp-content\/uploads\/2018\/02\/Game_Reserve_Conservation_9-min-768x512.jpg 768w, https:\/\/www.vita-explorers.dk\/blog\/wp-content\/uploads\/2018\/02\/Game_Reserve_Conservation_9-min-1024x682.jpg 1024w, https:\/\/www.vita-explorers.dk\/blog\/wp-content\/uploads\/2018\/02\/Game_Reserve_Conservation_9-min-150x100.jpg 150w\" sizes=\"(max-width: 300px) 100vw, 300px\" \/><\/p>\n<h2>Indhold<\/h2>\n<ol>\n<li><a href=\"#introduction\">Introduktion<\/a><\/li>\n<li><a href=\"#quest-ce-quun-voyage-de-solidarite-international-avec-globalong\">Hvad er et internationalt solidaritetsophold med VITA?<\/a>\n<ul>\n<li><a href=\"#les-differents-types-de-voyages-de-solidarite-avec-globalong\">Forskellige typer af solidaritetsophold<\/a><\/li>\n<\/ul>\n<\/li>\n<li><a href=\"#pourquoi-choisir-un-voyage-de-solidarite-international-avec-globalong\">Hvorfor v\u00e6lge et internationalt solidaritetsophold?<\/a>\n<ul>\n<li><a href=\"#impact-positif-sur-les-communautees-locales\">Positiv effekt for lokalsamfund<\/a><\/li>\n<li><a href=\"#enrichissement-personnel\">Personlig udvikling<\/a><\/li>\n<li><a href=\"#decouverte-culturelle\">Kulturel indsigt<\/a><\/li>\n<li><a href=\"#developpement-professionnel\">Faglig udvikling<\/a><\/li>\n<\/ul>\n<\/li>\n<li><a href=\"#comment-planifier-un-voyage-de-solidarite-international-avec-globalong\">S\u00e5dan planl\u00e6gger du et internationalt solidaritetsophold med VITA<\/a>\n<ul>\n<li><a href=\"#definir-ses-objectifs\">Afklar dine m\u00e5l<\/a><\/li>\n<li><a href=\"#choisir-la-destination\">V\u00e6lg destination<\/a><\/li>\n<li><a href=\"#selectionner-un-programme-globalong\">V\u00e6lg et VITA-forl\u00f8b<\/a><\/li>\n<li><a href=\"#budget-et-financement\">Budget og finansiering<\/a><\/li>\n<li><a href=\"#preparer-son-voyage\">Forbered rejsen<\/a><\/li>\n<\/ul>\n<\/li>\n<li><a href=\"#les-meilleures-destinations-pour-un-voyage-de-solidarite-international-avec-globalong\">Gode destinationer til et internationalt solidaritetsophold<\/a>\n<ul>\n<li><a href=\"#afrique-un-continent-de-diversite-et-dopportunites\">Afrika: mangfoldighed og muligheder<\/a><\/li>\n<li><a href=\"#asie-du-sud-est-une-region-en-developpement\">Syd\u00f8stasien: en region i udvikling<\/a><\/li>\n<li><a href=\"#amerique-latine-richesse-culturelle-et-projets-innovants\">Latinamerika: kulturel rigdom og nye initiativer<\/a><\/li>\n<li><a href=\"#europe-de-lest-revitalisation-et-soutien-social\">\u00d8steuropa: revitalisering og social st\u00f8tte<\/a><\/li>\n<\/ul>\n<\/li>\n<li><a href=\"#avantages-dun-voyage-de-solidarite-international-avec-globalong\">Fordele ved et internationalt solidaritetsophold<\/a>\n<ul>\n<li><a href=\"#impact-social-et-developpement-durable\">Social effekt og b\u00e6redygtig udvikling<\/a><\/li>\n<li><a href=\"#enrichissement-personnel-et-professionnel\">Personlig og faglig udvikling<\/a><\/li>\n<li><a href=\"#sensibilisation-et-responsabilite-sociale\">Bevidsthed og socialt ansvar<\/a><\/li>\n<li><a href=\"#creation-de-reseaux-et-amities-internationales\">Netv\u00e6rk og internationale venskaber<\/a><\/li>\n<\/ul>\n<\/li>\n<li><a href=\"#defis-et-solutions-lors-dun-voyage-de-solidarite-international-avec-globalong\">Udfordringer og l\u00f8sninger under et solidaritetsophold<\/a>\n<ul>\n<li><a href=\"#defis-communes\">Typiske udfordringer<\/a><\/li>\n<li><a href=\"#solutions-et-conseils\">L\u00f8sninger og gode r\u00e5d<\/a><\/li>\n<\/ul>\n<\/li>\n<li><a href=\"#temoignages-de-voyageurs-de-solidarite-international-avec-globalong\">Oplevelser fra deltagere p\u00e5 solidaritetsophold<\/a>\n<ul>\n<li><a href=\"#temoignage-1--marie-enseignante-en-ethiopie\">Oplevelse 1: Marie, underviser i Afrika<\/a><\/li>\n<li><a href=\"#temoignage-2--thomas-ingenieur-en-indonesie\">Oplevelse 2: Thomas, ingeni\u00f8r i Asien<\/a><\/li>\n<li><a href=\"#temoignage-3--amina-etudiante-en-sante-publique-au-bresil\">Oplevelse 3: Amina, studerende i folkesundhed i Brasilien<\/a><\/li>\n<\/ul>\n<\/li>\n<li><a href=\"#conseils-pratiques-pour-reussir-son-voyage-de-solidarite-international-avec-globalong\">Praktiske r\u00e5d til et godt solidaritetsophold<\/a>\n<ul>\n<li><a href=\"#faire-des-recherches-approfondies\">G\u00e5 i dybden med din research<\/a><\/li>\n<li><a href=\"#preparer-son-itineraire\">Planl\u00e6g rejsen<\/a><\/li>\n<li><a href=\"#se-former-avant-le-depart\">Forbered dig f\u00f8r afrejse<\/a><\/li>\n<li><a href=\"#adopter-une-attitude-flexible-et-positive\">V\u00e6r fleksibel og positiv<\/a><\/li>\n<li><a href=\"#respecter-les-communautees-locales\">Vis respekt for lokalsamfundet<\/a><\/li>\n<li><a href=\"#documenter-et-partager-son-experience\">Dokument\u00e9r og del dine oplevelser<\/a><\/li>\n<\/ul>\n<\/li>\n<li><a href=\"#etapes-pour-integrer-un-voyage-de-solidarite-international-avec-globalong\">Trin til at komme med p\u00e5 et internationalt solidaritetsophold<\/a>\n<ul>\n<li><a href=\"#auto-evaluation\">Selvvurdering<\/a><\/li>\n<li><a href=\"#recherche-et-selection\">Research og valg<\/a><\/li>\n<li><a href=\"#candidature\">Ans\u00f8gning<\/a><\/li>\n<li><a href=\"#preparation-logistique\">Praktisk forberedelse<\/a><\/li>\n<li><a href=\"#formation-et-briefing\">Forberedelse og briefing<\/a><\/li>\n<li><a href=\"#depart-et-integration\">Afrejse og opstart<\/a><\/li>\n<\/ul>\n<\/li>\n<li><a href=\"#impact-a-long-terme-des-voyages-de-solidarite-international-avec-globalong\">Langsigtet effekt af internationale solidaritetsophold med VITA<\/a>\n<ul>\n<li><a href=\"#developpement-durable\">B\u00e6redygtig udvikling<\/a><\/li>\n<li><a href=\"#autonomisation-des-communautees-locales\">Styrkelse af lokalsamfund<\/a><\/li>\n<li><a href=\"#sensibilisation-globale\">Global bevidsthed<\/a><\/li>\n<li><a href=\"#reduction-des-inegalites\">Mindre ulighed<\/a><\/li>\n<\/ul>\n<\/li>\n<li><a href=\"#faq-sur-le-voyage-de-solidarite-international-avec-globalong\">FAQ om internationalt solidaritetsophold<\/a>\n<ul>\n<li><a href=\"#quelles-sont-les-competences-necessaires-pour-un-voyage-de-solidarite-international-avec-globalong\">Hvilke kompetencer er relevante til et internationalt solidaritetsophold med VITA?<\/a><\/li>\n<li><a href=\"#combien-de-temps-dure-un-voyage-de-solidarite-international-avec-globalong\">Hvor l\u00e6nge varer et internationalt solidaritetsophold med VITA?<\/a><\/li>\n<li><a href=\"#est-il-necessaire-davoir-une-experience-prealable-pour-participer\">Er det n\u00f8dvendigt at have erfaring for at deltage?<\/a><\/li>\n<li><a href=\"#comment-financer-son-voyage-de-solidarite-international-avec-globalong\">Hvordan kan man finansiere sit internationale solidaritetsophold med VITA?<\/a><\/li>\n<li><a href=\"#quels-sont-les-impacts-environnementaux-des-voyages-de-solidarite\">Hvilke milj\u00f8m\u00e6ssige p\u00e5virkninger har solidaritetsophold?<\/a><\/li>\n<\/ul>\n<\/li>\n<\/ol>\n<h2 id=\"introduction\">Introduktion<\/h2>\n<p style=\"text-align: justify;\">I en verden i forandring er der flere og flere, der \u00f8nsker at give deres rejser mening ved at kombinere oplevelser med socialt engagement. Et <strong>internationalt <a href=\"https:\/\/www.vita-explorers.dk\/blog\/international-dag-for-menneskelig-solidaritet-2\/\" target=\"_blank\" rel=\"noopener\">solidaritetsophold<\/a><\/strong> passer godt ind i den tanke. Her f\u00e5r du mulighed for at bidrage positivt til lokale indsatser, samtidig med at du l\u00e6rer nye kulturer, steder og hverdagsliv at kende. I denne artikel g\u00e5r vi i dybden med, hvad et internationalt solidaritetsophold er, hvilke fordele der kan v\u00e6re, hvordan du planl\u00e6gger det, oplagte destinationer og konkrete r\u00e5d til at f\u00e5 mest muligt ud af forl\u00f8bet.<\/p>\n<p><iframe loading=\"lazy\" title=\"YouTube video player\" src=\"https:\/\/www.youtube.com\/embed\/qTqccmuFj1U\" width=\"560\" height=\"315\" frameborder=\"0\" allowfullscreen=\"allowfullscreen\"><\/iframe><\/p>\n<h2 id=\"quest-ce-quun-voyage-de-solidarite-international-avec-globalong\">Hvad er et internationalt solidaritetsophold med VITA?<\/h2>\n<p style=\"text-align: justify;\">Et <strong>internationalt solidaritetsophold<\/strong> kombinerer frivilligt arbejde med kulturel l\u00e6ring. I mods\u00e6tning til en klassisk ferie handler det om at indg\u00e5 i en konkret indsats, hvor dit bidrag underst\u00f8tter lokale behov. Med <a href=\"https:\/\/www.vita-explorers.dk\/association-globalong.html\" target=\"_blank\" rel=\"noopener\"><strong>VITA<\/strong><\/a> kan deltagere indg\u00e5 i forskellige typer projekter, fx inden for byggeri, undervisning, milj\u00f8 og st\u00f8tte til lokale initiativer inden for sundhed og uddannelse.<\/p>\n<h3 id=\"les-differents-types-de-voyages-de-solidarite-avec-globalong\"><strong>Forskellige typer af solidaritetsophold<\/strong><\/h3>\n<ol>\n<li><strong>Frivilligt arbejde i undervisning<\/strong> : fx undervisning i engelsk eller andre fag p\u00e5 lokale skoler.<\/li>\n<li><strong>Byggeri og infrastruktur<\/strong> : bidrag til opf\u00f8relse eller forbedring af skoler, sundhedsklinikker eller boliger.<\/li>\n<li><strong>Milj\u00f8 og natur<\/strong> : deltagelse i bevaringsprojekter, skovrejsning eller strandrensning.<\/li>\n<li><strong>Sundhed og trivsel<\/strong> : st\u00f8tte i klinikker, hospitaler eller folkesundhedsprogrammer.<\/li>\n<li><strong>Lokalsamfund og udvikling<\/strong> : samarbejde med lokale organisationer om at styrke hverdagsvilk\u00e5r og tilbud.<\/li>\n<\/ol>\n<p><img loading=\"lazy\" decoding=\"async\" class=\"aligncenter wp-image-1101 size-medium\" src=\"https:\/\/www.vita-explorers.dk\/blog\/wp-content\/uploads\/2016\/01\/IMG_1445-300x225.jpg\" alt=\"Solidaritetsophold i udlandet\" width=\"300\" height=\"225\" srcset=\"https:\/\/www.vita-explorers.dk\/blog\/wp-content\/uploads\/2016\/01\/IMG_1445-300x225.jpg 300w, https:\/\/www.vita-explorers.dk\/blog\/wp-content\/uploads\/2016\/01\/IMG_1445-1024x768.jpg 1024w, https:\/\/www.vita-explorers.dk\/blog\/wp-content\/uploads\/2016\/01\/IMG_1445-150x113.jpg 150w, https:\/\/www.vita-explorers.dk\/blog\/wp-content\/uploads\/2016\/01\/IMG_1445.jpg 1280w\" sizes=\"(max-width: 300px) 100vw, 300px\" \/><\/p>\n<h2 id=\"pourquoi-choisir-un-voyage-de-solidarite-international-avec-globalong\">Hvorfor v\u00e6lge et internationalt solidaritetsophold?<\/h2>\n<h3 id=\"impact-positif-sur-les-communautees-locales\"><strong>Positiv effekt for lokalsamfund<\/strong><\/h3>\n<p style=\"text-align: justify;\">En af de store styrker ved et <strong>internationalt solidaritetsophold<\/strong> er, at det kan underst\u00f8tte lokale indsatser p\u00e5 en konkret m\u00e5de. N\u00e5r du deltager aktivt i et projekt, bidrager du til l\u00f8sninger, der er t\u00e6nkt langsigtet og giver mening i hverdagen.<\/p>\n<h3 id=\"enrichissement-personnel\"><strong>Personlig udvikling<\/strong><\/h3>\n<p style=\"text-align: justify;\">Ud over den sociale dimension giver opholdet ofte meget personligt. Du kan udvikle nye kompetencer, f\u00e5 et mere nuanceret blik p\u00e5 verden og blive bedre til at m\u00f8de andre mennesker med respekt og nysgerrighed.<\/p>\n<h3 id=\"decouverte-culturelle\"><strong>Kulturel indsigt<\/strong><\/h3>\n<p style=\"text-align: justify;\">Et solidaritetsophold giver typisk en mere t\u00e6t kontakt til lokalsamfundet end traditionel turisme. Det skaber rum for kulturel udveksling og autentiske m\u00f8der \u2013 og en dybere forst\u00e5else for hverdagsliv, v\u00e6rdier og traditioner.<\/p>\n<h3 id=\"developpement-professionnel\"><strong>Faglig udvikling<\/strong><\/h3>\n<p style=\"text-align: justify;\">Hvis du overvejer en retning inden for internationalt arbejde, kan frivilligt arbejde i udlandet v\u00e6re relevant erfaring. Du kan styrke kompetencer som projektarbejde, tv\u00e6rkulturel kommunikation og ansvar i praksis.<\/p>\n<h2 id=\"comment-planifier-un-voyage-de-solidarite-international-avec-globalong\">S\u00e5dan planl\u00e6gger du et internationalt solidaritetsophold med VITA<\/h2>\n<p><iframe loading=\"lazy\" title=\"YouTube video player\" src=\"https:\/\/www.youtube.com\/embed\/pxgJbMqEHIE\" width=\"560\" height=\"315\" frameborder=\"0\" allowfullscreen=\"allowfullscreen\"><\/iframe><\/p>\n<h3 id=\"definir-ses-objectifs\"><strong>Afklar dine m\u00e5l<\/strong><\/h3>\n<p style=\"text-align: justify;\">F\u00f8r du tager afsted, er det en god id\u00e9 at v\u00e6re tydelig omkring, hvad du \u00f8nsker. Vil du arbejde med undervisning, byggeri eller milj\u00f8? Dine m\u00e5l g\u00f8r det lettere at v\u00e6lge b\u00e5de program og destination, s\u00e5 opholdet passer til dine kompetencer og interesser.<\/p>\n<h3 id=\"choisir-la-destination\"><strong>V\u00e6lg destination<\/strong><\/h3>\n<p style=\"text-align: justify;\">Destinationen for dit <strong>internationalt solidaritetsophold<\/strong> afh\u00e6nger af dine interesser, dine f\u00e6rdigheder og de behov, der er i omr\u00e5det. Her er nogle oplagte regioner:<\/p>\n<ul>\n<li><strong>Afrika<\/strong> : ofte projekter inden for sundhed, uddannelse og byggeri.<\/li>\n<li><strong>Syd\u00f8stasien<\/strong> : ofte milj\u00f8indsatser og lokalsamfundsprojekter.<\/li>\n<li><strong>Latinamerika<\/strong> : ofte infrastruktur og st\u00f8tte til udsatte grupper.<\/li>\n<li><strong>\u00d8steuropa<\/strong> : ofte indsatser med f\u00e6llesskab, trivsel og social st\u00f8tte.<\/li>\n<\/ul>\n<h3 id=\"selectionner-un-programme-globalong\"><strong>V\u00e6lg et forl\u00f8b<\/strong><\/h3>\n<p style=\"text-align: justify;\"><strong>VITA<\/strong> tilbyder flere typer forl\u00f8b, der kan tilpasses forskellige profiler og interesser. Det er vigtigt at v\u00e6lge et program, der matcher b\u00e5de dine kompetencer og det, du gerne vil l\u00e6re. Eksempler p\u00e5 muligheder:<\/p>\n<ul>\n<li><strong>Frivilligt arbejde i undervisning<\/strong> : fx undervisning i engelsk eller andre fag p\u00e5 lokale skoler.<\/li>\n<li><strong>Milj\u00f8projekter<\/strong> : deltagelse i bevaring og skovrejsning.<\/li>\n<li><strong>Lokalsamfund og udvikling<\/strong> : st\u00f8tte til infrastruktur og lokale tilbud.<\/li>\n<\/ul>\n<h3 id=\"budget-et-financement\"><strong>Budget og finansiering<\/strong><\/h3>\n<p style=\"text-align: justify;\"><a href=\"https:\/\/www.vita-explorers.dk\/tarifs.html\" target=\"_blank\" rel=\"noopener\">Prisen p\u00e5 et <strong>internationalt solidaritetsophold<\/strong><\/a> kan variere afh\u00e6ngigt af varighed, destination og projekttype.<\/p>\n<h3 id=\"preparer-son-voyage\" style=\"text-align: justify;\">Forbered rejsen<\/h3>\n<p style=\"text-align: justify;\">N\u00e5r du har valgt program, handler det om at blive klar til afrejse:<\/p>\n<ul>\n<li><strong>Praktiske formaliteter<\/strong> : tjek pas, visumkrav og relevante vaccinationer.<\/li>\n<li><strong>Forberedelse<\/strong> : deltag i den forberedelse, som <strong>VITA<\/strong> tilbyder, s\u00e5 du forst\u00e5r rammerne og forventningerne.<\/li>\n<li><strong>Rejseforsikring<\/strong> : v\u00e6lg en forsikring, der d\u00e6kker sygdom og aflysning.<\/li>\n<li><strong>Sprog<\/strong> : selv f\u00e5 gloser kan g\u00f8re en stor forskel i m\u00f8det med mennesker.<\/li>\n<\/ul>\n<h2 id=\"les-meilleures-destinations-pour-un-voyage-de-solidarite-international-avec-globalong\">Gode destinationer til et internationalt solidaritetsophold<\/h2>\n<p><img loading=\"lazy\" decoding=\"async\" class=\"aligncenter wp-image-12233 size-medium\" src=\"https:\/\/www.vita-explorers.dk\/blog\/wp-content\/uploads\/2018\/12\/image4-min-300x225.jpeg\" alt=\"Solidaritetsophold i udlandet\" width=\"300\" height=\"225\" srcset=\"https:\/\/www.vita-explorers.dk\/blog\/wp-content\/uploads\/2018\/12\/image4-min-300x225.jpeg 300w, https:\/\/www.vita-explorers.dk\/blog\/wp-content\/uploads\/2018\/12\/image4-min-768x576.jpeg 768w, https:\/\/www.vita-explorers.dk\/blog\/wp-content\/uploads\/2018\/12\/image4-min-1024x768.jpeg 1024w, https:\/\/www.vita-explorers.dk\/blog\/wp-content\/uploads\/2018\/12\/image4-min-150x113.jpeg 150w, https:\/\/www.vita-explorers.dk\/blog\/wp-content\/uploads\/2018\/12\/image4-min.jpeg 2016w\" sizes=\"(max-width: 300px) 100vw, 300px\" \/><\/p>\n<h3 id=\"afrique-un-continent-de-diversite-et-dopportunites\"><strong>Afrika: mangfoldighed og muligheder<\/strong><\/h3>\n<p style=\"text-align: justify;\">Afrika er for mange en oplagt region til <strong>internationale solidaritetsophold<\/strong>, fordi der findes mange forskellige indsatser, og fordi kontinentet rummer stor kulturel variation.<\/p>\n<h4 id=\"projets-en-afrique\"><strong>Projekter i Afrika<\/strong><\/h4>\n<ul>\n<li><strong>Uddannelse<\/strong> : undervisning p\u00e5 skoler i landdistrikter i <a href=\"https:\/\/www.vita-explorers.dk\/frivilligt-arbejde\/frivilligt-arbejde-kenya.html\" target=\"_blank\" rel=\"noopener\">Kenya<\/a> eller i <a href=\"https:\/\/www.vita-explorers.dk\/frivilligt-arbejde\/senegal-frivilligt-arbejde-internationalt-ophold.html\" target=\"_blank\" rel=\"noopener\">Senegal.<\/a><\/li>\n<li><strong>Sundhed<\/strong> : st\u00f8tte i klinikker i <a href=\"https:\/\/www.vita-explorers.dk\/frivilligt-arbejde\/frivilligt-arbejde-tanzania-internationale-forloeb.html\" target=\"_blank\" rel=\"noopener\">Tanzania.<\/a><\/li>\n<li><strong>Milj\u00f8<\/strong> : deltagelse i natur- og bevaringsprojekter i <a href=\"https:\/\/www.vita-explorers.dk\/frivilligt-arbejde\/frivilligt-arbejde-sydafrika.html\" target=\"_blank\" rel=\"noopener\">Sydafrika.<\/a><\/li>\n<\/ul>\n<h3 id=\"asie-du-sud-est-une-region-en-developpement\"><strong>Syd\u00f8stasien: en region i udvikling<\/strong><\/h3>\n<p style=\"text-align: justify;\">Syd\u00f8stasien rummer mange muligheder for frivilligt arbejde, is\u00e6r inden for milj\u00f8 og lokalsamfundsudvikling.<\/p>\n<h4 id=\"projets-en-asie-du-sud-est\"><strong>Projekter i Syd\u00f8stasien<\/strong><\/h4>\n<ul>\n<li><strong>Milj\u00f8 og natur<\/strong> : i <a href=\"https:\/\/www.vita-explorers.dk\/frivilligt-arbejde\/ecofrivilligt-arbejde-indonesien-internationalt-forloeb-dyr-beskyttelse-center-humanitaert.html\" target=\"_blank\" rel=\"noopener\">Indonesien<\/a> eller i <a href=\"https:\/\/www.vita-explorers.dk\/frivilligt-arbejde\/thailand-bangkok-ayutthaya.html\" target=\"_blank\" rel=\"noopener\">Thailand<\/a>.<\/li>\n<li><strong>Lokalsamfund og udvikling<\/strong> : st\u00f8tte til lokale initiativer i <a href=\"https:\/\/www.vita-explorers.dk\/frivilligt-arbejde\/frivilligt-arbejde-vietnam.html\" target=\"_blank\" rel=\"noopener\">Vietnam<\/a> eller i <a href=\"https:\/\/www.vita-explorers.dk\/frivilligt-arbejde\/frivilligt-arbejde-cambodja-boern.html\" target=\"_blank\" rel=\"noopener\">Cambodja.<\/a><\/li>\n<li><strong>Uddannelse<\/strong> : beskyttelse af elefanter i <a href=\"https:\/\/www.vita-explorers.dk\/frivilligt-arbejde\/humanitaert-forloeb-laos-elefanter-asien-studiepraktik-.html\" target=\"_blank\" rel=\"noopener\">Laos.<\/a><\/li>\n<\/ul>\n<p><img loading=\"lazy\" decoding=\"async\" class=\"aligncenter wp-image-974 size-medium\" src=\"https:\/\/www.vita-explorers.dk\/blog\/wp-content\/uploads\/2016\/02\/Il-faut-gratter-les-pieds-et-quel-pieds-300x199.jpg\" alt=\"Deltager p\u00e5 solidaritetsophold i udlandet\" width=\"300\" height=\"199\" srcset=\"https:\/\/www.vita-explorers.dk\/blog\/wp-content\/uploads\/2016\/02\/Il-faut-gratter-les-pieds-et-quel-pieds-300x199.jpg 300w, https:\/\/www.vita-explorers.dk\/blog\/wp-content\/uploads\/2016\/02\/Il-faut-gratter-les-pieds-et-quel-pieds-150x100.jpg 150w, https:\/\/www.vita-explorers.dk\/blog\/wp-content\/uploads\/2016\/02\/Il-faut-gratter-les-pieds-et-quel-pieds.jpg 960w\" sizes=\"(max-width: 300px) 100vw, 300px\" \/><\/p>\n<h3 id=\"amerique-latine-richesse-culturelle-et-projets-innovants\"><strong>Latinamerika: kulturel rigdom og nye initiativer<\/strong><\/h3>\n<p style=\"text-align: justify;\">Latinamerika er en dynamisk region med mange indsatser inden for social og \u00f8konomisk udvikling.<\/p>\n<h4 id=\"projets-en-amerique-latine\"><strong>Projekter i Latinamerika<\/strong><\/h4>\n<ul>\n<li><strong>Infrastruktur<\/strong> : i <a href=\"https:\/\/www.vita-explorers.dk\/sprog-og-frivilligt-arbejde\/frivilligt-arbejde-peru.html\" target=\"_blank\" rel=\"noopener\">Peru<\/a> eller i <a href=\"https:\/\/www.vita-explorers.dk\/frivilligt-arbejde\/colombia-frivilligt-arbejde-internationalt-vita-erfaringer-service.html\" target=\"_blank\" rel=\"noopener\">Colombia.<\/a><\/li>\n<li><strong>Sundhed<\/strong> : st\u00f8tte i folkesundhedsprogrammer.<\/li>\n<li><strong>Udvikling<\/strong> : i <a href=\"https:\/\/www.vita-explorers.dk\/frivilligt-arbejde\/frivilligt-arbejde-mexico-internationalt-forloeb-latinamerika.html\" target=\"_blank\" rel=\"noopener\">Mexico<\/a> eller i <a href=\"https:\/\/www.vita-explorers.dk\/sprog-og-frivilligt-arbejde\/spansk-frivilligt-arbejde-ecuador.html\" target=\"_blank\" rel=\"noopener\">Ecuador.<\/a><\/li>\n<\/ul>\n<h3 id=\"europe-de-lest-revitalisation-et-soutien-social\"><strong>\u00d8steuropa: revitalisering og social st\u00f8tte<\/strong><\/h3>\n<p style=\"text-align: justify;\">Ogs\u00e5 i Europa er der steder, hvor der er behov for solidariske indsatser \u2013 s\u00e6rligt i lande, der er i \u00f8konomisk og social omstilling.<\/p>\n<h4 id=\"projets-en-europe-de-lest\"><strong>Projekter i \u00d8steuropa<\/strong><\/h4>\n<ul>\n<li><strong>F\u00e6llesskab og revitalisering<\/strong> : st\u00f8tte til lokale initiativer.<\/li>\n<li><strong>Social st\u00f8tte<\/strong> : aktiviteter med mennesker i s\u00e5rbare situationer.<\/li>\n<li><strong>Uddannelse<\/strong> : undervisning til b\u00f8rn med begr\u00e6nsede muligheder.<\/li>\n<\/ul>\n<h2 id=\"avantages-dun-voyage-de-solidarite-international-avec-globalong\">Fordele ved et internationalt solidaritetsophold<\/h2>\n<h3 id=\"impact-social-et-developpement-durable\"><strong>Social effekt og b\u00e6redygtig udvikling<\/strong><\/h3>\n<p style=\"text-align: justify;\">Et <strong>internationalt solidaritetsophold<\/strong> med <strong>VITA<\/strong> kan bidrage til b\u00e6redygtig udvikling ved at st\u00f8tte indsatser, der er t\u00e6nkt til at fungere p\u00e5 sigt. N\u00e5r forl\u00f8b er langsigtede, kan de underst\u00f8tte l\u00f8sninger p\u00e5 sociale, \u00f8konomiske og milj\u00f8m\u00e6ssige udfordringer.<\/p>\n<h3 id=\"enrichissement-personnel-et-professionnel\"><strong>Personlig og faglig udvikling<\/strong><\/h3>\n<p style=\"text-align: justify;\">Et solidaritetsophold kan styrke kompetencer som projektarbejde, tv\u00e6rkulturel kommunikation og ansvar i praksis. Det er erfaringer, som mange kan bruge b\u00e5de i studie, job og privatliv.<\/p>\n<h3 id=\"sensibilisation-et-responsabilite-sociale\"><strong>Bevidsthed og socialt ansvar<\/strong><\/h3>\n<p style=\"text-align: justify;\">Mange deltagere kommer hjem med et mere nuanceret blik p\u00e5 globale sammenh\u00e6nge. Oplevelserne kan g\u00f8re det lettere at tale med andre om internationale forhold og inspirere til mere ansvarlige valg i hverdagen.<\/p>\n<h3 id=\"creation-de-reseaux-et-amities-internationales\"><strong>Netv\u00e6rk og internationale venskaber<\/strong><\/h3>\n<p style=\"text-align: justify;\">Opholdet giver ofte st\u00e6rke relationer \u2013 b\u00e5de med mennesker p\u00e5 stedet og med andre deltagere. Kulturudveksling kan skabe varige venskaber og et bredere netv\u00e6rk p\u00e5 tv\u00e6rs af landegr\u00e6nser.<\/p>\n<p><img loading=\"lazy\" decoding=\"async\" class=\"aligncenter wp-image-12818 size-medium\" src=\"https:\/\/www.vita-explorers.dk\/blog\/wp-content\/uploads\/2019\/07\/13407226_10207933814795674_6536042578831294093_n-min-300x225.jpg\" alt=\"Studieophold i udlandet\" width=\"300\" height=\"225\" srcset=\"https:\/\/www.vita-explorers.dk\/blog\/wp-content\/uploads\/2019\/07\/13407226_10207933814795674_6536042578831294093_n-min-300x225.jpg 300w, https:\/\/www.vita-explorers.dk\/blog\/wp-content\/uploads\/2019\/07\/13407226_10207933814795674_6536042578831294093_n-min-768x575.jpg 768w, https:\/\/www.vita-explorers.dk\/blog\/wp-content\/uploads\/2019\/07\/13407226_10207933814795674_6536042578831294093_n-min-150x112.jpg 150w, https:\/\/www.vita-explorers.dk\/blog\/wp-content\/uploads\/2019\/07\/13407226_10207933814795674_6536042578831294093_n-min.jpg 960w\" sizes=\"(max-width: 300px) 100vw, 300px\" \/><\/p>\n<h2 id=\"defis-et-solutions-lors-dun-voyage-de-solidarite-international-avec-globalong\">Udfordringer og l\u00f8sninger under et solidaritetsophold<\/h2>\n<h3 id=\"defis-communes\"><strong>Typiske udfordringer<\/strong><\/h3>\n<ol>\n<li><strong>Sprogbarrierer<\/strong> : forskellige sprog kan g\u00f8re kommunikationen sv\u00e6r.<\/li>\n<li><strong>Kulturchok<\/strong> : det kan v\u00e6re uvant at skulle navigere i nye normer og hverdagsrutiner.<\/li>\n<li><strong>Levevilk\u00e5r<\/strong> : forholdene kan v\u00e6re mere enkle, end du er vant til.<\/li>\n<li><strong>Forventningsafstemning<\/strong> : resultater kan tage tid, og det kan f\u00f8les frustrerende undervejs.<\/li>\n<\/ol>\n<h3 id=\"solutions-et-conseils\"><strong>L\u00f8sninger og gode r\u00e5d<\/strong><\/h3>\n<ol>\n<li><strong>L\u00e6r lidt af sproget<\/strong> : selv det grundl\u00e6ggende g\u00f8r en forskel og viser respekt.<\/li>\n<li><strong>V\u00e6r \u00e5ben<\/strong> : en fleksibel tilgang hj\u00e6lper, n\u00e5r tingene foreg\u00e5r p\u00e5 andre m\u00e5der end hjemme.<\/li>\n<li><strong>Forberedelse<\/strong> : god forberedelse f\u00f8r afrejse g\u00f8r det lettere at forst\u00e5 rammer og m\u00e5l.<\/li>\n<li><strong>T\u00e5lmodighed<\/strong> : sociale forandringer tager tid, og sm\u00e5 bidrag kan v\u00e6re vigtige.<\/li>\n<\/ol>\n<h2 id=\"temoignages-de-voyageurs-de-solidarite-international-avec-globalong\">Oplevelser fra deltagere p\u00e5 solidaritetsophold<\/h2>\n<p><!-- TrustIndex Widget --><br \/>\n<div class=\"ti-widget ti-goog\" data-layout-id=\"4\" data-set-id=\"light-background\" data-pid=\"\" data-language=\"fr\" data-version=\"2\" data-review-target-width=\"300\" data-review-text-mode=\"readmore\" data-pager-autoplay-timeout=\"6\" > <div class=\"ti-widget-container ti-col-3\"> <div class=\"ti-reviews-container\"> <div class=\"ti-controls\"> <div class=\"ti-next\" aria-label=\"Avis suivante\" role=\"button\"><\/div> <div class=\"ti-prev\" aria-label=\"Avis pr\u00e9c\u00e9dent\" role=\"button\"><\/div> <\/div> <div class=\"ti-reviews-container-wrapper\">  <div data-empty=\"0\" class=\"ti-review-item source-Google ti-image-layout-thumbnail\" data-id=\"cfcd208495d565ef66e7dff9f98764da\" > <div class=\"ti-inner\"> <div class=\"ti-review-header\"> <div class=\"ti-profile-img\"> <img decoding=\"async\" src=\"https:\/\/lh3.googleusercontent.com\/a\/ACg8ocKpaoKe37CD0_POxO97KqB60GsWQRsIuG2vmCfXT-W_FY44vw=s120-c-rp-mo-br100\" srcset=\"https:\/\/lh3.googleusercontent.com\/a\/ACg8ocKpaoKe37CD0_POxO97KqB60GsWQRsIuG2vmCfXT-W_FY44vw=s120-c-rp-mo-br100 2x\" alt=\"Lucie Correia\" loading=\"lazy\" \/> <\/div> <div class=\"ti-profile-details\"> <div class=\"ti-name\"> Lucie Correia <\/div> <div class=\"ti-date\">2024-10-17<\/div> <\/div> <\/div> <span class=\"ti-stars\"><span class=\"ti-star f\"><\/span><span class=\"ti-star f\"><\/span><span class=\"ti-star f\"><\/span><span class=\"ti-star f\"><\/span><span class=\"ti-star f\"><\/span><\/span> <div class=\"ti-review-text-container ti-review-content\"><!-- R-CONTENT -->La communication avec Globalong est super, personnes tr\u00e8s pr\u00e9sentes pour les b\u00e9n\u00e9voles et \u00e9tudiants partant avec cette association. Elles r\u00e9pondent \u00e0 toutes nos questions et sont tr\u00e8s accessibles au t\u00e9l\u00e9phone.<!-- R-CONTENT --><\/div> <span class=\"ti-read-more\" data-container=\".ti-review-content\" data-collapse-text=\"Cacher\" data-open-text=\"Lire la suite\" ><\/span> <\/div> <\/div>  <div data-empty=\"0\" class=\"ti-review-item source-Google ti-image-layout-thumbnail\" data-id=\"cfcd208495d565ef66e7dff9f98764da\" > <div class=\"ti-inner\"> <div class=\"ti-review-header\"> <div class=\"ti-profile-img\"> <img decoding=\"async\" src=\"https:\/\/lh3.googleusercontent.com\/a-\/ALV-UjWqnnzM7-7c9BDqeTDF-a7pOgNjvLkJ3WshRd_Tn7z0Eu-AGQwo=s120-c-rp-mo-br100\" srcset=\"https:\/\/lh3.googleusercontent.com\/a-\/ALV-UjWqnnzM7-7c9BDqeTDF-a7pOgNjvLkJ3WshRd_Tn7z0Eu-AGQwo=s120-c-rp-mo-br100 2x\" alt=\"Ra\u00efssa Frisch\" loading=\"lazy\" \/> <\/div> <div class=\"ti-profile-details\"> <div class=\"ti-name\"> Ra\u00efssa Frisch <\/div> <div class=\"ti-date\">2024-10-14<\/div> <\/div> <\/div> <span class=\"ti-stars\"><span class=\"ti-star f\"><\/span><span class=\"ti-star f\"><\/span><span class=\"ti-star f\"><\/span><span class=\"ti-star f\"><\/span><span class=\"ti-star f\"><\/span><\/span> <div class=\"ti-review-text-container ti-review-content\"><!-- R-CONTENT -->J\u2019ai d\u00e9j\u00e0 eu l\u2019opportunit\u00e9 de r\u00e9aliser deux projets humanitaires avec l\u2019association Globalong. Je ne peux que la recommander, car j\u2019ai toujours b\u00e9n\u00e9fici\u00e9 d\u2019un excellent accompagnement, aussi bien avant que pendant le voyage. On ne vous laisse pas vous d\u00e9brouiller seuls, bien au contraire, vous \u00eates tr\u00e8s bien encadr\u00e9s pour accomplir toutes les d\u00e9marches dans les d\u00e9lais.\n\nAu-del\u00e0 du suivi, les exp\u00e9riences humanitaires propos\u00e9es par Globalong ne peuvent que transformer votre vie de mani\u00e8re positive. Elles vous apportent une richesse humaine inestimable.<!-- R-CONTENT --><\/div> <span class=\"ti-read-more\" data-container=\".ti-review-content\" data-collapse-text=\"Cacher\" data-open-text=\"Lire la suite\" ><\/span> <\/div> <\/div>  <div data-empty=\"0\" class=\"ti-review-item source-Google ti-image-layout-thumbnail\" data-id=\"cfcd208495d565ef66e7dff9f98764da\" > <div class=\"ti-inner\"> <div class=\"ti-review-header\"> <div class=\"ti-profile-img\"> <img decoding=\"async\" src=\"https:\/\/lh3.googleusercontent.com\/a\/ACg8ocJL-Dxv25YkXK2QwWPNRxTVqZCv5uTmDQDFg5qslKra3vRZew=s120-c-rp-mo-br100\" srcset=\"https:\/\/lh3.googleusercontent.com\/a\/ACg8ocJL-Dxv25YkXK2QwWPNRxTVqZCv5uTmDQDFg5qslKra3vRZew=s120-c-rp-mo-br100 2x\" alt=\"Tara Turan\" loading=\"lazy\" \/> <\/div> <div class=\"ti-profile-details\"> <div class=\"ti-name\"> Tara Turan <\/div> <div class=\"ti-date\">2024-10-14<\/div> <\/div> <\/div> <span class=\"ti-stars\"><span class=\"ti-star f\"><\/span><span class=\"ti-star f\"><\/span><span class=\"ti-star f\"><\/span><span class=\"ti-star f\"><\/span><span class=\"ti-star f\"><\/span><\/span> <div class=\"ti-review-text-container ti-review-content\"><!-- R-CONTENT -->Une des meilleures associations que j\u2019ai pu faire !\nUne organisation et un suivi vraiment parfait, c\u2019est avec grand plaisir que je referai un projet avec eux.<!-- R-CONTENT --><\/div> <span class=\"ti-read-more\" data-container=\".ti-review-content\" data-collapse-text=\"Cacher\" data-open-text=\"Lire la suite\" ><\/span> <\/div> <\/div>  <div data-empty=\"0\" class=\"ti-review-item source-Google ti-image-layout-thumbnail\" data-id=\"cfcd208495d565ef66e7dff9f98764da\" > <div class=\"ti-inner\"> <div class=\"ti-review-header\"> <div class=\"ti-profile-img\"> <img decoding=\"async\" src=\"https:\/\/lh3.googleusercontent.com\/a\/ACg8ocLctTPNovSk3eKM0b_MIPOfcFEQsz2135Cdu59_BWRVsIYC7Q=s120-c-rp-mo-br100\" srcset=\"https:\/\/lh3.googleusercontent.com\/a\/ACg8ocLctTPNovSk3eKM0b_MIPOfcFEQsz2135Cdu59_BWRVsIYC7Q=s120-c-rp-mo-br100 2x\" alt=\"Repiquet Julie\" loading=\"lazy\" \/> <\/div> <div class=\"ti-profile-details\"> <div class=\"ti-name\"> Repiquet Julie <\/div> <div class=\"ti-date\">2024-10-13<\/div> <\/div> <\/div> <span class=\"ti-stars\"><span class=\"ti-star f\"><\/span><span class=\"ti-star f\"><\/span><span class=\"ti-star f\"><\/span><span class=\"ti-star f\"><\/span><span class=\"ti-star f\"><\/span><\/span> <div class=\"ti-review-text-container ti-review-content\"><!-- R-CONTENT -->Tr\u00e8s bon accompagnement de la part de Globalong, du premier jour avec toutes mes interrogations, jusqu'au d\u00e9part dans quelques jours. Le dossier transmis apr\u00e8s validation de la mission est plus que complet, les webmaster tr\u00e8s int\u00e9ressantes et permettent de d\u00e9charger mentalement ce genre de pr\u00e9paration, tout est pr\u00e9vu il n'y a plus qu'\u00e0 suivre ! Merci \u00e0 Florence de r\u00e9pondre \u00e0 toutes mes questions avec gentillesse et bienveillance, cela m'a permis de passer le cap!\nMaintenant, il n'y a plus qu'\u00e0 \ud83d\ude00<!-- R-CONTENT --><\/div> <span class=\"ti-read-more\" data-container=\".ti-review-content\" data-collapse-text=\"Cacher\" data-open-text=\"Lire la suite\" ><\/span> <\/div> <\/div>  <div data-empty=\"0\" class=\"ti-review-item source-Google ti-image-layout-thumbnail\" data-id=\"cfcd208495d565ef66e7dff9f98764da\" > <div class=\"ti-inner\"> <div class=\"ti-review-header\"> <div class=\"ti-profile-img\"> <img decoding=\"async\" src=\"https:\/\/lh3.googleusercontent.com\/a\/ACg8ocJJTdmTWs8nAA0yuH_cKOUgzc6GFAkHBiXhpnnVYXaWMBZsHw=s120-c-rp-mo-br100\" srcset=\"https:\/\/lh3.googleusercontent.com\/a\/ACg8ocJJTdmTWs8nAA0yuH_cKOUgzc6GFAkHBiXhpnnVYXaWMBZsHw=s120-c-rp-mo-br100 2x\" alt=\"Marine Guilhamat\" loading=\"lazy\" \/> <\/div> <div class=\"ti-profile-details\"> <div class=\"ti-name\"> Marine Guilhamat <\/div> <div class=\"ti-date\">2024-10-09<\/div> <\/div> <\/div> <span class=\"ti-stars\"><span class=\"ti-star f\"><\/span><span class=\"ti-star f\"><\/span><span class=\"ti-star f\"><\/span><span class=\"ti-star f\"><\/span><span class=\"ti-star f\"><\/span><\/span> <div class=\"ti-review-text-container ti-review-content\"><!-- R-CONTENT -->Tr\u00e8s belle association qui offre un cadre super s\u00e9curisant et permet de s\u2019investir dans des projets qui ont du sens. Merci \u00e0 l\u2019\u00e9quipe Globalong pour votre disponibilit\u00e9, gentillesse et accompagnement !<!-- R-CONTENT --><\/div> <span class=\"ti-read-more\" data-container=\".ti-review-content\" data-collapse-text=\"Cacher\" data-open-text=\"Lire la suite\" ><\/span> <\/div> <\/div>  <div data-empty=\"0\" class=\"ti-review-item source-Google ti-image-layout-thumbnail\" data-id=\"cfcd208495d565ef66e7dff9f98764da\" > <div class=\"ti-inner\"> <div class=\"ti-review-header\"> <div class=\"ti-profile-img\"> <img decoding=\"async\" src=\"https:\/\/lh3.googleusercontent.com\/a\/ACg8ocIgITHXKo46qgJyPqlJeAcxz11gCKUJpGIk2qauiIe2O3iZ6w=s120-c-rp-mo-br100\" srcset=\"https:\/\/lh3.googleusercontent.com\/a\/ACg8ocIgITHXKo46qgJyPqlJeAcxz11gCKUJpGIk2qauiIe2O3iZ6w=s120-c-rp-mo-br100 2x\" alt=\"Laura Mercier\" loading=\"lazy\" \/> <\/div> <div class=\"ti-profile-details\"> <div class=\"ti-name\"> Laura Mercier <\/div> <div class=\"ti-date\">2024-10-08<\/div> <\/div> <\/div> <span class=\"ti-stars\"><span class=\"ti-star f\"><\/span><span class=\"ti-star f\"><\/span><span class=\"ti-star f\"><\/span><span class=\"ti-star f\"><\/span><span class=\"ti-star f\"><\/span><\/span> <div class=\"ti-review-text-container ti-review-content\"><!-- R-CONTENT -->Mon d\u00e9part approche, je pars dans une semaine, et depuis le d\u00e9but de mon inscription je suis tr\u00e8s satisfaite du suivi effectu\u00e9 par l\u2019association. Ils sont tr\u00e8s disponibles et r\u00e9pondent rapidement \u00e0 l\u2019ensemble des questions. Je suis tr\u00e8s contente de partir faire cette mission humanitaire encadr\u00e9e par cette association. Je recommande vraiment.<!-- R-CONTENT --><\/div> <span class=\"ti-read-more\" data-container=\".ti-review-content\" data-collapse-text=\"Cacher\" data-open-text=\"Lire la suite\" ><\/span> <\/div> <\/div>  <div data-empty=\"0\" class=\"ti-review-item source-Google ti-image-layout-thumbnail\" data-id=\"cfcd208495d565ef66e7dff9f98764da\" > <div class=\"ti-inner\"> <div class=\"ti-review-header\"> <div class=\"ti-profile-img\"> <img decoding=\"async\" src=\"https:\/\/lh3.googleusercontent.com\/a-\/ALV-UjVVr0YMQhXl8QNEEB32l-rnoaYwvRZUjIEX9OEwPE_1fQwzIyk=s120-c-rp-mo-br100\" srcset=\"https:\/\/lh3.googleusercontent.com\/a-\/ALV-UjVVr0YMQhXl8QNEEB32l-rnoaYwvRZUjIEX9OEwPE_1fQwzIyk=s120-c-rp-mo-br100 2x\" alt=\"Anouk Rzkt\" loading=\"lazy\" \/> <\/div> <div class=\"ti-profile-details\"> <div class=\"ti-name\"> Anouk Rzkt <\/div> <div class=\"ti-date\">2024-10-02<\/div> <\/div> <\/div> <span class=\"ti-stars\"><span class=\"ti-star f\"><\/span><span class=\"ti-star f\"><\/span><span class=\"ti-star f\"><\/span><span class=\"ti-star f\"><\/span><span class=\"ti-star f\"><\/span><\/span> <div class=\"ti-review-text-container ti-review-content\"><!-- R-CONTENT -->Globalong est l'association parfaite. L'\u00e9quipe offre un v\u00e9ritable accompagnement rythm\u00e9 par beaucoup de conseils et d'\u00e9coute. Le site est tr\u00e8s bien fait avec des dossiers complets allant des sujets tr\u00e8s pratiques a d'autres plus th\u00e9oriques (tels que le choc culturel par exemple). Je recommande vivement et remercie sinc\u00e8rement toute l'\u00e9quipe pour leur gentillesse et investissement !<!-- R-CONTENT --><\/div> <span class=\"ti-read-more\" data-container=\".ti-review-content\" data-collapse-text=\"Cacher\" data-open-text=\"Lire la suite\" ><\/span> <\/div> <\/div>  <\/div> <div class=\"ti-controls-line\"> <div class=\"dot\"><\/div> <\/div> <\/div> <div class=\"ti-footer\"> <div class=\"ti-rating-text\"> <span class=\"nowrap\">\u00c9valuation <strong>Google<\/strong> : <\/span><span class=\"nowrap\"><strong>4.8<\/strong> sur 5, <\/span><span class=\"nowrap\">Bas\u00e9e sur <strong>240 avis<\/strong><\/span> <\/div> <\/div>  <\/div> <\/div> \n<h3 id=\"temoignage-1--marie-enseignante-en-ethiopie\"><strong>Marie, underviser i Afrika<\/strong><\/h3>\n<p><em>&#8220;At deltage i et solidaritetsophold med VITA var en virkelig st\u00e6rk oplevelse. At undervise i engelsk p\u00e5 en landsbyskole gav mig mulighed for at dele viden \u2013 og samtidig l\u00e6re enormt meget om lokal kultur og traditioner. At f\u00f8lge elevernes udvikling over flere m\u00e5neder var b\u00e5de r\u00f8rende og motiverende.&#8221;<\/em><\/p>\n<h3 id=\"temoignage-2--thomas-ingenieur-en-indonesie\"><strong>Thomas, ingeni\u00f8r i Asien<\/strong><\/h3>\n<p><em>&#8220;At v\u00e6re med i et skovrejsningsprojekt gav mig en st\u00f8rre forst\u00e5else for milj\u00f8udfordringer og betydningen af naturbevarelse. At arbejde sammen med lokalsamfundet var l\u00e6rerigt og gav mig mange perspektiver med hjem.&#8221;<\/em><\/p>\n<h2 id=\"conseils-pratiques-pour-reussir-son-voyage-de-solidarite-international-avec-globalong\">Praktiske r\u00e5d til et godt solidaritetsophold<\/h2>\n<h3 id=\"faire-des-recherches-approfondies\"><strong>G\u00e5 i dybden med din research<\/strong><\/h3>\n<p style=\"text-align: justify;\">F\u00f8r du v\u00e6lger et program, b\u00f8r du s\u00e6tte dig ind i, hvem der st\u00e5r bag, og hvordan forl\u00f8bene drives. V\u00e6r opm\u00e6rksom p\u00e5 etik og gennemsigtighed, og at indsatserne sker i dialog med lokalsamfundet.<\/p>\n<h3 id=\"preparer-son-itineraire\"><strong>Planl\u00e6g rejsen<\/strong><\/h3>\n<p style=\"text-align: justify;\">Planl\u00e6g med fokus p\u00e5 logistik som transport, indkvartering og praktiske behov. S\u00e6t dig ogs\u00e5 ind i lokale normer og skikke \u2013 det g\u00f8r opstarten lettere og mere respektfuld.<\/p>\n<h3 id=\"se-former-avant-le-depart\"><strong>Forbered dig f\u00f8r afrejse<\/strong><\/h3>\n<p style=\"text-align: justify;\">Deltag i forberedende sessioner med <strong>VITA<\/strong>, s\u00e5 du forst\u00e5r kontekst, m\u00e5ls\u00e6tning og forventninger. Det kan ogs\u00e5 v\u00e6re en stor fordel at l\u00e6re lidt af sproget inden afrejse.<\/p>\n<h3 id=\"adopter-une-attitude-flexible-et-positive\"><strong>V\u00e6r fleksibel og positiv<\/strong><\/h3>\n<p style=\"text-align: justify;\">Uforudsete ting sker ofte p\u00e5 internationale ophold. En fleksibel og rolig tilgang hj\u00e6lper dig med at h\u00e5ndtere \u00e6ndringer og f\u00e5 det bedste ud af oplevelsen.<\/p>\n<h3 id=\"respecter-les-communautees-locales\"><strong>Vis respekt for lokalsamfundet<\/strong><\/h3>\n<p style=\"text-align: justify;\">Respekt\u00e9r traditioner, v\u00e6rdier og hverdagsliv. G\u00e5 til opgaven med ydmyghed, og lyt til, hvad der faktisk eftersp\u00f8rges og giver mening lokalt.<\/p>\n<h3 id=\"documenter-et-partager-son-experience\"><strong>Dokument\u00e9r og del dine oplevelser<\/strong><\/h3>\n<p style=\"text-align: justify;\">Skriv dagbog, tag billeder (med samtykke) og del dine erfaringer med venner og familie. Det kan skabe st\u00f8rre forst\u00e5else for internationalt engagement og inspirere andre til at deltage p\u00e5 en ansvarlig m\u00e5de.<\/p>\n<p><img loading=\"lazy\" decoding=\"async\" class=\"aligncenter wp-image-7604 size-medium\" src=\"https:\/\/www.vita-explorers.dk\/blog\/wp-content\/uploads\/2017\/11\/Etudiants-et-be\u0301ne\u0301voles-en-Afrique-du-Sud-GlobAlong--300x200.jpg\" alt=\"Veterin\u00e6rstuderende, der arbejder med dyr p\u00e5 et ophold i udlandet.\" width=\"300\" height=\"200\" srcset=\"https:\/\/www.vita-explorers.dk\/blog\/wp-content\/uploads\/2017\/11\/Etudiants-et-be\u0301ne\u0301voles-en-Afrique-du-Sud-GlobAlong--300x200.jpg 300w, https:\/\/www.vita-explorers.dk\/blog\/wp-content\/uploads\/2017\/11\/Etudiants-et-be\u0301ne\u0301voles-en-Afrique-du-Sud-GlobAlong--768x512.jpg 768w, https:\/\/www.vita-explorers.dk\/blog\/wp-content\/uploads\/2017\/11\/Etudiants-et-be\u0301ne\u0301voles-en-Afrique-du-Sud-GlobAlong--1024x682.jpg 1024w, https:\/\/www.vita-explorers.dk\/blog\/wp-content\/uploads\/2017\/11\/Etudiants-et-be\u0301ne\u0301voles-en-Afrique-du-Sud-GlobAlong--150x100.jpg 150w\" sizes=\"(max-width: 300px) 100vw, 300px\" \/><\/p>\n<h2 id=\"etapes-pour-integrer-un-voyage-de-solidarite-international-avec-globalong\">Trin til at komme med p\u00e5 et internationalt solidaritetsophold<\/h2>\n<h3 id=\"auto-evaluation\"><strong>Selvvurdering<\/strong><\/h3>\n<p style=\"text-align: justify;\">Overvej dine motivationer, dine kompetencer og hvad du gerne vil bidrage med. Det g\u00f8r det lettere at v\u00e6lge et projekt, der passer til dine forventninger og muligheder.<\/p>\n<h3 id=\"recherche-et-selection\">Research og valg<\/h3>\n<p style=\"text-align: justify;\">Find de VITA-forl\u00f8b, der matcher dine m\u00e5l. Sammenlign indhold, pris, varighed og destinationer, s\u00e5 du kan tr\u00e6ffe et velovervejet valg.<\/p>\n<h3 id=\"candidature\"><strong>Ans\u00f8gning<\/strong><\/h3>\n<p style=\"text-align: justify;\">Forbered din ans\u00f8gning ved at beskrive dine kompetencer, erfaringer og din motivation. Nogle forl\u00f8b kan ogs\u00e5 indeb\u00e6re en samtale eller \u00f8nske om referencer.<\/p>\n<h3 id=\"preparation-logistique\"><strong>Praktisk forberedelse<\/strong><\/h3>\n<p style=\"text-align: justify;\">F\u00e5 styr p\u00e5 visum, vaccinationer, rejseforsikring og flybilletter. Tjek, at alle n\u00f8dvendige dokumenter er p\u00e5 plads i god tid f\u00f8r afrejse.<\/p>\n<h3 id=\"formation-et-briefing\"><strong>Forberedelse og briefing<\/strong><\/h3>\n<p style=\"text-align: justify;\">Deltag i den forberedelse og briefing, som <strong>VITA<\/strong> tilbyder. Det hj\u00e6lper dig med at forst\u00e5 konteksten, forventningerne og gode praksisser for et ansvarligt ophold.<\/p>\n<h3 id=\"depart-et-integration\"><strong>Afrejse og opstart<\/strong><\/h3>\n<p style=\"text-align: justify;\">N\u00e5r du ankommer, s\u00e5 giv dig tid til at lande og l\u00e6re omgivelserne at kende. Lyt, observer og samarbejd t\u00e6t, s\u00e5 du bedst muligt kan bidrage til forl\u00f8bets m\u00e5l.<\/p>\n<h2 id=\"impact-a-long-terme-des-voyages-de-solidarite-international-avec-globalong\">Langsigtet effekt af internationale solidaritetsophold med VITA<\/h2>\n<h3 id=\"developpement-durable\"><strong>B\u00e6redygtig udvikling<\/strong><\/h3>\n<p style=\"text-align: justify;\">De <strong>internationale solidaritetsophold<\/strong> med <strong>VITA<\/strong> kan underst\u00f8tte b\u00e6redygtig udvikling ved at bakke op om indsatser, der tager h\u00f8jde for b\u00e5de nutidige behov og fremtidige muligheder.<\/p>\n<h3 id=\"autonomisation-des-communautees-locales\"><strong>Styrkelse af lokalsamfund<\/strong><\/h3>\n<p style=\"text-align: justify;\">N\u00e5r aktiviteterne gennemf\u00f8res sammen med lokalsamfundet, kan de bidrage til styrkelse og lokal handlekraft. Projekter er ofte tilrettelagt, s\u00e5 der er v\u00e6rdi og l\u00e6ring, ogs\u00e5 efter at deltagere er rejst hjem.<\/p>\n<h3 id=\"sensibilisation-globale\"><strong>Global bevidsthed<\/strong><\/h3>\n<p style=\"text-align: justify;\">Deltagernes oplevelser kan skabe st\u00f8rre forst\u00e5else hjemme \u2013 for andre landes hverdag, muligheder og udfordringer \u2013 og dermed styrke en mere nuanceret global bevidsthed.<\/p>\n<h3 id=\"reduction-des-inegalites\"><strong>Mindre ulighed<\/strong><\/h3>\n<p style=\"text-align: justify;\">Ved at st\u00f8tte konkrete indsatser og lokalt forankrede initiativer kan <strong>internationale solidaritetsophold<\/strong> bidrage til at mindske social, \u00f8konomisk og milj\u00f8m\u00e6ssig ulighed p\u00e5 tv\u00e6rs af lande.<\/p>\n<p><img loading=\"lazy\" decoding=\"async\" class=\"aligncenter wp-image-17730 size-medium\" src=\"https:\/\/www.vita-explorers.dk\/blog\/wp-content\/uploads\/2024\/10\/2027d9a0-6ed7-4932-8751-aefb22e0d6af-300x171.webp\" alt=\"FAQ om sygeplejepraktik i udlandet\" width=\"300\" height=\"171\" srcset=\"https:\/\/www.vita-explorers.dk\/blog\/wp-content\/uploads\/2024\/10\/2027d9a0-6ed7-4932-8751-aefb22e0d6af-300x171.webp 300w, https:\/\/www.vita-explorers.dk\/blog\/wp-content\/uploads\/2024\/10\/2027d9a0-6ed7-4932-8751-aefb22e0d6af-1024x585.webp 1024w, https:\/\/www.vita-explorers.dk\/blog\/wp-content\/uploads\/2024\/10\/2027d9a0-6ed7-4932-8751-aefb22e0d6af-768x439.webp 768w, https:\/\/www.vita-explorers.dk\/blog\/wp-content\/uploads\/2024\/10\/2027d9a0-6ed7-4932-8751-aefb22e0d6af-1536x878.webp 1536w, https:\/\/www.vita-explorers.dk\/blog\/wp-content\/uploads\/2024\/10\/2027d9a0-6ed7-4932-8751-aefb22e0d6af.webp 1792w\" sizes=\"(max-width: 300px) 100vw, 300px\" \/><\/p>\n<h2 id=\"faq-sur-le-voyage-de-solidarite-international-avec-globalong\">FAQ om internationalt solidaritetsophold<\/h2>\n<h3 id=\"quelles-sont-les-competences-necessaires-pour-un-voyage-de-solidarite-international-avec-globalong\"><strong>Hvilke kompetencer er relevante til et internationalt solidaritetsophold med VITA?<\/strong><\/h3>\n<p style=\"text-align: justify;\">Kompetencerne afh\u00e6nger af projektet, men erfaring med undervisning, byggeri, sundhed eller projektledelse er ofte efterspurgt. Evnen til at samarbejde, tilpasse sig nye kulturer og kommunikere tydeligt er ogs\u00e5 vigtig.<\/p>\n<h3 id=\"combien-de-temps-dure-un-voyage-de-solidarite-international-avec-globalong\"><strong>Hvor l\u00e6nge varer et internationalt solidaritetsophold med VITA?<\/strong><\/h3>\n<p style=\"text-align: justify;\">Varigheden kan sp\u00e6nde fra f\u00e5 uger til flere m\u00e5neder \u2013 i nogle tilf\u00e6lde op til et helt \u00e5r. Det afh\u00e6nger af programmet, projekttypen og dine personlige muligheder.<\/p>\n<h3 id=\"est-il-necessaire-davoir-une-experience-prealable-pour-participer\"><strong>Er det n\u00f8dvendigt at have erfaring for at deltage?<\/strong><\/h3>\n<p style=\"text-align: justify;\">Erfaring kan v\u00e6re en fordel, men <strong>VITA<\/strong> byder ogs\u00e5 deltagere velkommen uden forudg\u00e5ende erfaring. En nysgerrig tilgang, lyst til at l\u00e6re og evne til at tilpasse sig betyder ofte mere end specifikke f\u00e6rdigheder.<\/p>\n<h3 id=\"comment-financer-son-voyage-de-solidarite-international-avec-globalong\"><strong>Hvordan kan man finansiere sit internationale solidaritetsophold med VITA?<\/strong><\/h3>\n<p style=\"text-align: justify;\">Finansiering kan komme fra egen opsparing, fundraising, legater eller st\u00f8tteordninger. <strong>VITA<\/strong> kan ogs\u00e5 tilbyde fleksible betalingsmuligheder, der kan hj\u00e6lpe med at fordele udgifterne. Det vigtigste er at planl\u00e6gge i god tid og afklare mulighederne f\u00f8r afrejse.<\/p>\n<h3 id=\"quels-sont-les-impacts-environnementaux-des-voyages-de-solidarite\"><strong>Hvilke milj\u00f8m\u00e6ssige p\u00e5virkninger har solidaritetsophold?<\/strong><\/h3>\n<p style=\"text-align: justify;\">Det er vigtigt at v\u00e6lge et ansvarligt forl\u00f8b, der arbejder for at begr\u00e6nse klima- og milj\u00f8aftryk. VITA prioriterer b\u00e6redygtige praksisser, som fx mindre affald, hensyn til lokale ressourcer og st\u00f8tte til lokale natur- og bevaringsinitiativer.<\/p>\n<p><!-- Boutons de Partage Social --><\/p>\n<div class=\"share-buttons\"><a href=\"https:\/\/www.facebook.com\/\" target=\"_blank\" rel=\"noopener\">Del p\u00e5 Facebook<\/a><\/div>\n<p><!-- Conclusion Ajout\u00e9e --><\/p>\n<h2>Afslutning<\/h2>\n<p style=\"text-align: justify;\">Et <strong>internationalt solidaritetsophold<\/strong> med <strong>VITA<\/strong> er mere end en rejse. Det er en mulighed for at blive en del af en konkret indsats, hvor du b\u00e5de kan l\u00e6re nyt og bidrage p\u00e5 en m\u00e5de, der er meningsfuld i en lokal kontekst. Som deltager st\u00f8tter du arbejdet med b\u00e6redygtige l\u00f8sninger, styrkelse af lokalsamfund og relationer p\u00e5 tv\u00e6rs af kulturer.<\/p>\n<p style=\"text-align: justify;\">Opholdet kan give dig v\u00e6rdifulde kompetencer, nye perspektiver og oplevelser, du tager med dig l\u00e6nge efter, du er kommet hjem. Uanset om du interesserer dig for undervisning, byggeri, milj\u00f8 eller sundhedsindsatser, findes der forl\u00f8b, hvor dine interesser kan kobles til konkrete opgaver.<\/p>\n<p style=\"text-align: justify;\">N\u00e5r du planl\u00e6gger grundigt, m\u00f8der mennesker med respekt og g\u00e5r til opgaven med \u00e5benhed, f\u00e5r du typisk mest ud af b\u00e5de den personlige og faglige side af opholdet \u2013 samtidig med at du bidrager ansvarligt.<\/p>\n<p style=\"text-align: justify;\">Klar til at tage afsted og f\u00e5 en erfaring, der s\u00e6tter sig? Bliv en del af <strong>VITA<\/strong> og tag med p\u00e5 et <strong>internationalt solidaritetsophold<\/strong>, som kan give b\u00e5de dig og andre noget v\u00e6rdifuldt med videre.<\/p>\n<p><!-- Tags --><br \/>\n<a title=\"\" href=\"https:\/\/www.flickr.com\/photos\/113196753@N04\" data-flickr-embed=\"true\" data-footer=\"true\"><br \/>\n<img loading=\"lazy\" decoding=\"async\" class=\"aligncenter\" src=\"https:\/\/live.staticflickr.com\/65535\/51997047548_34a8e07fb6_n.jpg\" alt=\"\" width=\"300\" height=\"400\" \/><br \/>\n<\/a><br \/>\n<script async src=\"\/\/embedr.flickr.com\/assets\/client-code.js\" charset=\"utf-8\"><\/script><\/p>\n<p><!-- Note Finale --><\/p>\n<p style=\"text-align: center;\"><strong>Vil du f\u00f8lge med i VITA og h\u00f8re fra vores community, s\u00e5 find os p\u00e5 <a href=\"https:\/\/www.instagram.com\/globalongofficiel\/\" target=\"_blank\" rel=\"noopener\"><span class=\"s2\">Instagram<\/span><\/a>, <a href=\"https:\/\/www.facebook.com\/globalong\" target=\"_blank\" rel=\"noopener\"><span class=\"s2\">Facebook<\/span><\/a>, <a href=\"https:\/\/www.linkedin.com\/company\/5113177\/admin\/feed\/posts\/\" target=\"_blank\" rel=\"noopener\"><span class=\"s2\">LinkedIn<\/span><\/a> og <a href=\"https:\/\/www.youtube.com\/c\/globalong\/videos\" target=\"_blank\" rel=\"noopener\"><span class=\"s2\">YouTube<\/span><\/a>! <\/strong><\/p>\n<\/article>\n","protected":false},"excerpt":{"rendered":"<p>Internationalt solidaritetsophold: en meningsfuld og engagerende oplevelse Indhold Introduktion Hvad er et internationalt solidaritetsophold med VITA? Forskellige typer af solidaritetsophold Hvorfor v\u00e6lge et internationalt\u2026<\/p>\n","protected":false},"author":7,"featured_media":15778,"comment_status":"open","ping_status":"open","sticky":false,"template":"","format":"standard","meta":{"footnotes":""},"categories":[8,6,4],"tags":[],"yoast_head":"<!-- This site is optimized with the Yoast SEO Premium plugin v23.4 (Yoast SEO v23.4) - https:\/\/yoast.com\/wordpress\/plugins\/seo\/ -->\n<title>Internationalt solidaritetsophold: kombiner oplevelser med engagement - VITA Explorers Blog<\/title>\n<meta name=\"description\" content=\"D\u00e9couvrez le concept unique du voyage de solidarit\u00e9 international et comment il peut vous permettre de contribuer positivement\" \/>\n<meta name=\"robots\" content=\"index, follow, max-snippet:-1, max-image-preview:large, max-video-preview:-1\" \/>\n<link rel=\"canonical\" href=\"https:\/\/www.vita-explorers.dk\/blog\/internationalt-solidaritetsophold\/\" \/>\n<meta property=\"og:locale\" content=\"da_DK\" \/>\n<meta property=\"og:type\" content=\"article\" \/>\n<meta property=\"og:title\" content=\"Internationalt solidaritetsophold\" \/>\n<meta property=\"og:description\" content=\"D\u00e9couvrez le concept unique du voyage de solidarit\u00e9 international et comment il peut vous permettre de contribuer positivement\" \/>\n<meta property=\"og:url\" content=\"https:\/\/www.vita-explorers.dk\/blog\/internationalt-solidaritetsophold\/\" \/>\n<meta property=\"og:site_name\" content=\"VITA Explorers Blog\" \/>\n<meta property=\"article:publisher\" content=\"https:\/\/www.facebook.com\/globalong\" \/>\n<meta property=\"article:published_time\" content=\"2024-12-21T05:13:14+00:00\" \/>\n<meta property=\"article:modified_time\" content=\"2025-09-14T13:06:19+00:00\" \/>\n<meta property=\"og:image\" content=\"https:\/\/www.vita-explorers.dk\/blog\/wp-content\/uploads\/2023\/10\/mission-humanitaire-afrique-du-sud.png\" \/>\n\t<meta property=\"og:image:width\" content=\"1258\" \/>\n\t<meta property=\"og:image:height\" content=\"1060\" \/>\n\t<meta property=\"og:image:type\" content=\"image\/png\" \/>\n<meta name=\"author\" content=\"VITA Tribe\" \/>\n<meta name=\"twitter:card\" content=\"summary_large_image\" \/>\n<meta name=\"twitter:label1\" content=\"Skrevet af\" \/>\n\t<meta name=\"twitter:data1\" content=\"VITA Tribe\" \/>\n\t<meta name=\"twitter:label2\" content=\"Estimeret l\u00e6setid\" \/>\n\t<meta name=\"twitter:data2\" content=\"16 minutter\" \/>\n<script type=\"application\/ld+json\" class=\"yoast-schema-graph\">{\"@context\":\"https:\/\/schema.org\",\"@graph\":[{\"@type\":\"Article\",\"@id\":\"https:\/\/www.vita-explorers.dk\/blog\/internationalt-solidaritetsophold\/#article\",\"isPartOf\":{\"@id\":\"https:\/\/www.vita-explorers.dk\/blog\/internationalt-solidaritetsophold\/\"},\"author\":{\"name\":\"VITA Tribe\",\"@id\":\"https:\/\/www.vita-explorers.dk\/blog\/#\/schema\/person\/fc0343a2f2db2ebb2793c1f62dbe73f0\"},\"headline\":\"Internationalt solidaritetsophold\",\"datePublished\":\"2024-12-21T05:13:14+00:00\",\"dateModified\":\"2025-09-14T13:06:19+00:00\",\"mainEntityOfPage\":{\"@id\":\"https:\/\/www.vita-explorers.dk\/blog\/internationalt-solidaritetsophold\/\"},\"wordCount\":2552,\"commentCount\":0,\"publisher\":{\"@id\":\"https:\/\/www.vita-explorers.dk\/blog\/#organization\"},\"image\":{\"@id\":\"https:\/\/www.vita-explorers.dk\/blog\/internationalt-solidaritetsophold\/#primaryimage\"},\"thumbnailUrl\":\"https:\/\/www.vita-explorers.dk\/blog\/wp-content\/uploads\/2023\/10\/mission-humanitaire-afrique-du-sud.png\",\"articleSection\":[\"Humanit\u00e6rt frivilligt arbejde\",\"Nyheder\",\"VITA Explorers\"],\"inLanguage\":\"da-DK\",\"potentialAction\":[{\"@type\":\"CommentAction\",\"name\":\"Comment\",\"target\":[\"https:\/\/www.vita-explorers.dk\/blog\/internationalt-solidaritetsophold\/#respond\"]}]},{\"@type\":\"WebPage\",\"@id\":\"https:\/\/www.vita-explorers.dk\/blog\/internationalt-solidaritetsophold\/\",\"url\":\"https:\/\/www.vita-explorers.dk\/blog\/internationalt-solidaritetsophold\/\",\"name\":\"Internationalt solidaritetsophold: kombiner oplevelser med engagement - VITA Explorers Blog\",\"isPartOf\":{\"@id\":\"https:\/\/www.vita-explorers.dk\/blog\/#website\"},\"primaryImageOfPage\":{\"@id\":\"https:\/\/www.vita-explorers.dk\/blog\/internationalt-solidaritetsophold\/#primaryimage\"},\"image\":{\"@id\":\"https:\/\/www.vita-explorers.dk\/blog\/internationalt-solidaritetsophold\/#primaryimage\"},\"thumbnailUrl\":\"https:\/\/www.vita-explorers.dk\/blog\/wp-content\/uploads\/2023\/10\/mission-humanitaire-afrique-du-sud.png\",\"datePublished\":\"2024-12-21T05:13:14+00:00\",\"dateModified\":\"2025-09-14T13:06:19+00:00\",\"description\":\"D\u00e9couvrez le concept unique du voyage de solidarit\u00e9 international et comment il peut vous permettre de contribuer positivement\",\"breadcrumb\":{\"@id\":\"https:\/\/www.vita-explorers.dk\/blog\/internationalt-solidaritetsophold\/#breadcrumb\"},\"inLanguage\":\"da-DK\",\"potentialAction\":[{\"@type\":\"ReadAction\",\"target\":[\"https:\/\/www.vita-explorers.dk\/blog\/internationalt-solidaritetsophold\/\"]}]},{\"@type\":\"ImageObject\",\"inLanguage\":\"da-DK\",\"@id\":\"https:\/\/www.vita-explorers.dk\/blog\/internationalt-solidaritetsophold\/#primaryimage\",\"url\":\"https:\/\/www.vita-explorers.dk\/blog\/wp-content\/uploads\/2023\/10\/mission-humanitaire-afrique-du-sud.png\",\"contentUrl\":\"https:\/\/www.vita-explorers.dk\/blog\/wp-content\/uploads\/2023\/10\/mission-humanitaire-afrique-du-sud.png\",\"width\":1258,\"height\":1060,\"caption\":\"Comment s\u2019engager dans une mission de volontariat \u00e0 l'\u00e9tranger en 2026\"},{\"@type\":\"BreadcrumbList\",\"@id\":\"https:\/\/www.vita-explorers.dk\/blog\/internationalt-solidaritetsophold\/#breadcrumb\",\"itemListElement\":[{\"@type\":\"ListItem\",\"position\":1,\"name\":\"Accueil\",\"item\":\"https:\/\/www.vita-explorers.dk\/blog\/\"},{\"@type\":\"ListItem\",\"position\":2,\"name\":\"Internationalt solidaritetsophold\"}]},{\"@type\":\"WebSite\",\"@id\":\"https:\/\/www.vita-explorers.dk\/blog\/#website\",\"url\":\"https:\/\/www.vita-explorers.dk\/blog\/\",\"name\":\"Association Globalong\",\"description\":\"Frivilligt arbejde, sprogophold, praktik i udlandet og internationale oplevelser\",\"publisher\":{\"@id\":\"https:\/\/www.vita-explorers.dk\/blog\/#organization\"},\"potentialAction\":[{\"@type\":\"SearchAction\",\"target\":{\"@type\":\"EntryPoint\",\"urlTemplate\":\"https:\/\/www.vita-explorers.dk\/blog\/?s={search_term_string}\"},\"query-input\":{\"@type\":\"PropertyValueSpecification\",\"valueRequired\":true,\"valueName\":\"search_term_string\"}}],\"inLanguage\":\"da-DK\"},{\"@type\":\"Organization\",\"@id\":\"https:\/\/www.vita-explorers.dk\/blog\/#organization\",\"name\":\"Association Globalong\",\"url\":\"https:\/\/www.vita-explorers.dk\/blog\/\",\"logo\":{\"@type\":\"ImageObject\",\"inLanguage\":\"da-DK\",\"@id\":\"https:\/\/www.vita-explorers.dk\/blog\/#\/schema\/logo\/image\/\",\"url\":\"https:\/\/www.globalong.com\/blog\/wp-content\/uploads\/2014\/11\/cropped-cropped-Logo-et-Afrique-Globalong-petite-taille-2.jpg\",\"contentUrl\":\"https:\/\/www.globalong.com\/blog\/wp-content\/uploads\/2014\/11\/cropped-cropped-Logo-et-Afrique-Globalong-petite-taille-2.jpg\",\"width\":512,\"height\":512,\"caption\":\"Association Globalong\"},\"image\":{\"@id\":\"https:\/\/www.vita-explorers.dk\/blog\/#\/schema\/logo\/image\/\"},\"sameAs\":[\"https:\/\/www.facebook.com\/globalong\"]},{\"@type\":\"Person\",\"@id\":\"https:\/\/www.vita-explorers.dk\/blog\/#\/schema\/person\/fc0343a2f2db2ebb2793c1f62dbe73f0\",\"name\":\"VITA Tribe\",\"image\":{\"@type\":\"ImageObject\",\"inLanguage\":\"da-DK\",\"@id\":\"https:\/\/www.vita-explorers.dk\/blog\/#\/schema\/person\/image\/\",\"url\":\"https:\/\/secure.gravatar.com\/avatar\/f7f05026bb439d0c96b30e135e5f852c?s=96&d=mm&r=g\",\"contentUrl\":\"https:\/\/secure.gravatar.com\/avatar\/f7f05026bb439d0c96b30e135e5f852c?s=96&d=mm&r=g\",\"caption\":\"VITA Tribe\"},\"sameAs\":[\"http:\/\/www.globalong.com\"],\"url\":\"https:\/\/www.vita-explorers.dk\/blog\/author\/teamglobalong\/\"}]}<\/script>\n<!-- \/ Yoast SEO Premium plugin. -->","yoast_head_json":{"title":"Internationalt solidaritetsophold: kombiner oplevelser med engagement - VITA Explorers Blog","description":"D\u00e9couvrez le concept unique du voyage de solidarit\u00e9 international et comment il peut vous permettre de contribuer positivement","robots":{"index":"index","follow":"follow","max-snippet":"max-snippet:-1","max-image-preview":"max-image-preview:large","max-video-preview":"max-video-preview:-1"},"canonical":"https:\/\/www.vita-explorers.dk\/blog\/internationalt-solidaritetsophold\/","og_locale":"da_DK","og_type":"article","og_title":"Internationalt solidaritetsophold","og_description":"D\u00e9couvrez le concept unique du voyage de solidarit\u00e9 international et comment il peut vous permettre de contribuer positivement","og_url":"https:\/\/www.vita-explorers.dk\/blog\/internationalt-solidaritetsophold\/","og_site_name":"VITA Explorers Blog","article_publisher":"https:\/\/www.facebook.com\/globalong","article_published_time":"2024-12-21T05:13:14+00:00","article_modified_time":"2025-09-14T13:06:19+00:00","og_image":[{"width":1258,"height":1060,"url":"https:\/\/www.vita-explorers.dk\/blog\/wp-content\/uploads\/2023\/10\/mission-humanitaire-afrique-du-sud.png","type":"image\/png"}],"author":"VITA Tribe","twitter_card":"summary_large_image","twitter_misc":{"Skrevet af":"VITA Tribe","Estimeret l\u00e6setid":"16 minutter"},"schema":{"@context":"https:\/\/schema.org","@graph":[{"@type":"Article","@id":"https:\/\/www.vita-explorers.dk\/blog\/internationalt-solidaritetsophold\/#article","isPartOf":{"@id":"https:\/\/www.vita-explorers.dk\/blog\/internationalt-solidaritetsophold\/"},"author":{"name":"VITA Tribe","@id":"https:\/\/www.vita-explorers.dk\/blog\/#\/schema\/person\/fc0343a2f2db2ebb2793c1f62dbe73f0"},"headline":"Internationalt solidaritetsophold","datePublished":"2024-12-21T05:13:14+00:00","dateModified":"2025-09-14T13:06:19+00:00","mainEntityOfPage":{"@id":"https:\/\/www.vita-explorers.dk\/blog\/internationalt-solidaritetsophold\/"},"wordCount":2552,"commentCount":0,"publisher":{"@id":"https:\/\/www.vita-explorers.dk\/blog\/#organization"},"image":{"@id":"https:\/\/www.vita-explorers.dk\/blog\/internationalt-solidaritetsophold\/#primaryimage"},"thumbnailUrl":"https:\/\/www.vita-explorers.dk\/blog\/wp-content\/uploads\/2023\/10\/mission-humanitaire-afrique-du-sud.png","articleSection":["Humanit\u00e6rt frivilligt arbejde","Nyheder","VITA Explorers"],"inLanguage":"da-DK","potentialAction":[{"@type":"CommentAction","name":"Comment","target":["https:\/\/www.vita-explorers.dk\/blog\/internationalt-solidaritetsophold\/#respond"]}]},{"@type":"WebPage","@id":"https:\/\/www.vita-explorers.dk\/blog\/internationalt-solidaritetsophold\/","url":"https:\/\/www.vita-explorers.dk\/blog\/internationalt-solidaritetsophold\/","name":"Internationalt solidaritetsophold: kombiner oplevelser med engagement - VITA Explorers Blog","isPartOf":{"@id":"https:\/\/www.vita-explorers.dk\/blog\/#website"},"primaryImageOfPage":{"@id":"https:\/\/www.vita-explorers.dk\/blog\/internationalt-solidaritetsophold\/#primaryimage"},"image":{"@id":"https:\/\/www.vita-explorers.dk\/blog\/internationalt-solidaritetsophold\/#primaryimage"},"thumbnailUrl":"https:\/\/www.vita-explorers.dk\/blog\/wp-content\/uploads\/2023\/10\/mission-humanitaire-afrique-du-sud.png","datePublished":"2024-12-21T05:13:14+00:00","dateModified":"2025-09-14T13:06:19+00:00","description":"D\u00e9couvrez le concept unique du voyage de solidarit\u00e9 international et comment il peut vous permettre de contribuer positivement","breadcrumb":{"@id":"https:\/\/www.vita-explorers.dk\/blog\/internationalt-solidaritetsophold\/#breadcrumb"},"inLanguage":"da-DK","potentialAction":[{"@type":"ReadAction","target":["https:\/\/www.vita-explorers.dk\/blog\/internationalt-solidaritetsophold\/"]}]},{"@type":"ImageObject","inLanguage":"da-DK","@id":"https:\/\/www.vita-explorers.dk\/blog\/internationalt-solidaritetsophold\/#primaryimage","url":"https:\/\/www.vita-explorers.dk\/blog\/wp-content\/uploads\/2023\/10\/mission-humanitaire-afrique-du-sud.png","contentUrl":"https:\/\/www.vita-explorers.dk\/blog\/wp-content\/uploads\/2023\/10\/mission-humanitaire-afrique-du-sud.png","width":1258,"height":1060,"caption":"Comment s\u2019engager dans une mission de volontariat \u00e0 l'\u00e9tranger en 2026"},{"@type":"BreadcrumbList","@id":"https:\/\/www.vita-explorers.dk\/blog\/internationalt-solidaritetsophold\/#breadcrumb","itemListElement":[{"@type":"ListItem","position":1,"name":"Accueil","item":"https:\/\/www.vita-explorers.dk\/blog\/"},{"@type":"ListItem","position":2,"name":"Internationalt solidaritetsophold"}]},{"@type":"WebSite","@id":"https:\/\/www.vita-explorers.dk\/blog\/#website","url":"https:\/\/www.vita-explorers.dk\/blog\/","name":"Association Globalong","description":"Frivilligt arbejde, sprogophold, praktik i udlandet og internationale oplevelser","publisher":{"@id":"https:\/\/www.vita-explorers.dk\/blog\/#organization"},"potentialAction":[{"@type":"SearchAction","target":{"@type":"EntryPoint","urlTemplate":"https:\/\/www.vita-explorers.dk\/blog\/?s={search_term_string}"},"query-input":{"@type":"PropertyValueSpecification","valueRequired":true,"valueName":"search_term_string"}}],"inLanguage":"da-DK"},{"@type":"Organization","@id":"https:\/\/www.vita-explorers.dk\/blog\/#organization","name":"Association Globalong","url":"https:\/\/www.vita-explorers.dk\/blog\/","logo":{"@type":"ImageObject","inLanguage":"da-DK","@id":"https:\/\/www.vita-explorers.dk\/blog\/#\/schema\/logo\/image\/","url":"https:\/\/www.globalong.com\/blog\/wp-content\/uploads\/2014\/11\/cropped-cropped-Logo-et-Afrique-Globalong-petite-taille-2.jpg","contentUrl":"https:\/\/www.globalong.com\/blog\/wp-content\/uploads\/2014\/11\/cropped-cropped-Logo-et-Afrique-Globalong-petite-taille-2.jpg","width":512,"height":512,"caption":"Association Globalong"},"image":{"@id":"https:\/\/www.vita-explorers.dk\/blog\/#\/schema\/logo\/image\/"},"sameAs":["https:\/\/www.facebook.com\/globalong"]},{"@type":"Person","@id":"https:\/\/www.vita-explorers.dk\/blog\/#\/schema\/person\/fc0343a2f2db2ebb2793c1f62dbe73f0","name":"VITA Tribe","image":{"@type":"ImageObject","inLanguage":"da-DK","@id":"https:\/\/www.vita-explorers.dk\/blog\/#\/schema\/person\/image\/","url":"https:\/\/secure.gravatar.com\/avatar\/f7f05026bb439d0c96b30e135e5f852c?s=96&d=mm&r=g","contentUrl":"https:\/\/secure.gravatar.com\/avatar\/f7f05026bb439d0c96b30e135e5f852c?s=96&d=mm&r=g","caption":"VITA Tribe"},"sameAs":["http:\/\/www.globalong.com"],"url":"https:\/\/www.vita-explorers.dk\/blog\/author\/teamglobalong\/"}]}},"_links":{"self":[{"href":"https:\/\/www.vita-explorers.dk\/blog\/wp-json\/wp\/v2\/posts\/19693"}],"collection":[{"href":"https:\/\/www.vita-explorers.dk\/blog\/wp-json\/wp\/v2\/posts"}],"about":[{"href":"https:\/\/www.vita-explorers.dk\/blog\/wp-json\/wp\/v2\/types\/post"}],"author":[{"embeddable":true,"href":"https:\/\/www.vita-explorers.dk\/blog\/wp-json\/wp\/v2\/users\/7"}],"replies":[{"embeddable":true,"href":"https:\/\/www.vita-explorers.dk\/blog\/wp-json\/wp\/v2\/comments?post=19693"}],"version-history":[{"count":6,"href":"https:\/\/www.vita-explorers.dk\/blog\/wp-json\/wp\/v2\/posts\/19693\/revisions"}],"predecessor-version":[{"id":21817,"href":"https:\/\/www.vita-explorers.dk\/blog\/wp-json\/wp\/v2\/posts\/19693\/revisions\/21817"}],"wp:featuredmedia":[{"embeddable":true,"href":"https:\/\/www.vita-explorers.dk\/blog\/wp-json\/wp\/v2\/media\/15778"}],"wp:attachment":[{"href":"https:\/\/www.vita-explorers.dk\/blog\/wp-json\/wp\/v2\/media?parent=19693"}],"wp:term":[{"taxonomy":"category","embeddable":true,"href":"https:\/\/www.vita-explorers.dk\/blog\/wp-json\/wp\/v2\/categories?post=19693"},{"taxonomy":"post_tag","embeddable":true,"href":"https:\/\/www.vita-explorers.dk\/blog\/wp-json\/wp\/v2\/tags?post=19693"}],"curies":[{"name":"wp","href":"https:\/\/api.w.org\/{rel}","templated":true}]}}