{"id":19732,"date":"2024-12-24T04:10:59","date_gmt":"2024-12-24T03:10:59","guid":{"rendered":"https:\/\/www.globalong.com\/blog\/?p=19732"},"modified":"2025-11-12T17:00:32","modified_gmt":"2025-11-12T16:00:32","slug":"sprogtraening-og-internationalt-frivilligt-arbejde","status":"publish","type":"post","link":"https:\/\/www.vita-explorers.dk\/blog\/sprogtraening-og-internationalt-frivilligt-arbejde\/","title":{"rendered":"Gl\u00e6delig jul og godt nyt\u00e5r 2025"},"content":{"rendered":"<h1><strong>Gl\u00e6delig jul og godt nyt\u00e5r 2025<\/strong><\/h1>\n<p style=\"text-align: justify;\">Mens vi g\u00f8r os klar til at afslutte \u00e5rets sprogforl\u00f8b og internationale ophold i 2025, vil hele teamet hos <a href=\"https:\/\/www.vita-explorers.dk\/association-globalong.html\" target=\"_blank\" rel=\"noopener\">VITA Institute<\/a> sende en stor tak og de varmeste hilsner til alle i vores community: deltagere, lokale koordinatorer, samarbejdspartnere, praktikanter, VITA Explorers, undervisere og rejsende.<\/p>\n<p style=\"text-align: justify;\">H\u00f8jtiden er en god anledning til at se tilbage p\u00e5 de sidste tolv m\u00e5neder, fremh\u00e6ve de initiativer og forbedringer, vi har arbejdet med, og dele, hvad vi gl\u00e6der os til i 2026. Fra videreudvikling af vores sprogforl\u00f8b til styrkelsen af vores <strong>internationale forl\u00f8b med <a href=\"https:\/\/www.vita-explorers.dk\/blog\/internationalt-frivilligt-arbejde-i-europa-hvilke-forloeb\/\" target=\"_blank\" rel=\"noopener\">frivilligt arbejde<\/a><\/strong> \u2013 og med udvidelsen af b\u00e5de vores<strong> professionelle forl\u00f8b<\/strong> og <strong>kulturudveksling<\/strong> \u2013 har 2025 v\u00e6ret et \u00e5r med tydelige fremskridt og nye l\u00f8sninger.<\/p>\n<p style=\"text-align: justify;\">Med denne lidt l\u00e6ngere hilsen vil vi gerne tage jer med i en kort tilbageblik p\u00e5 det, der gjorde 2025 st\u00e6rkt for VITA, og give en forsmag p\u00e5 de nyheder, der kan inspirere jeres lyst til at udforske verden i 2026.<\/p>\n<h2><strong>Tilbageblik p\u00e5 et engageret og markant 2025<\/strong><\/h2>\n<p style=\"text-align: justify;\">2025 har v\u00e6ret pr\u00e6get af et helt s\u00e6rligt momentum. I en verden i forandring har VITA l\u00f8bende tilpasset sig, s\u00e5 vi fortsat kan tilbyde et bredt udvalg af internationale forl\u00f8b, der matcher forskellige m\u00e5l \u2013 hvad enten det handler om sprogophold, meningsfulde ophold, faglig udvikling eller menneskelige erfaringer. Mange forskellige deltagere \u2013 fra studerende p\u00e5 udkig efter international erfaring til voksne i jobskifte \u2013 har i \u00e5r m\u00f8dt nye perspektiver, mere m\u00e5lrettet undervisning og en endnu mere personlig forberedelse.<\/p>\n<p style=\"text-align: justify;\">Vi har blandt andet styrket samarbejdet med udvalgte, lokale organisationer, som er valgt for deres seri\u00f8sitet og langsigtede engagement. Det har v\u00e6ret med til at give deltagerne et mere autentisk ophold med fokus p\u00e5 kulturudveksling og gensidig forst\u00e5else.<\/p>\n<p style=\"text-align: justify;\">Ud over de klassiske sprogforl\u00f8b har 2025 ogs\u00e5 budt p\u00e5 nye programmer med fokus p\u00e5 mindre udbredte sprog og p\u00e5 temaer som tv\u00e6rkulturel kommunikation, sproglig brobygning, specialiseret overs\u00e6ttelse og undervisning i fransk som fremmedsprog i humanit\u00e6re sammenh\u00e6nge. Det har v\u00e6ret en vigtig drivkraft i vores l\u00f8bende udvikling af undervisning og l\u00e6ringsformater.<\/p>\n<p>\u00a0<\/p>\n<h2><strong>Mere indhold og st\u00f8rre variation i sprogforl\u00f8b<\/strong><\/h2>\n<p style=\"text-align: justify;\">VITAs <strong> sprogforl\u00f8b<\/strong> i 2025 er blevet udbygget betydeligt. Vores undervisningsteam, som best\u00e5r af erfarne undervisere og fagfolk, har arbejdet med nye l\u00e6ringsmetoder og inddraget flere multimedier, digitale v\u00e6rkt\u00f8jer og opdaterede materialer. Det har givet deltagerne en mere immersiv sproglig oplevelse med mere interaktive lektioner, samtaleworkshops og moduler, der kobler sprog, kulturforst\u00e5else og en mere naturlig udtale.<\/p>\n<p style=\"text-align: justify;\">I 2025 har vi ogs\u00e5 udvidet vores destinationer. Fra klassiske engelsksprogede lande som <a href=\"https:\/\/www.vita-explorers.dk\/sprogophold\/england-sprogophold-skraeddersyet.html\" target=\"_blank\" rel=\"noopener\">Storbritannien,<\/a> <a href=\"https:\/\/www.vita-explorers.dk\/sprogophold\/laer-engelsk-i-usa.html\" target=\"_blank\" rel=\"noopener\">USA<\/a> og <a href=\"https:\/\/www.vita-explorers.dk\/sprogophold\/engelsk-australien.html\" target=\"_blank\" rel=\"noopener\">Australien<\/a>, til mindre oplagte \u2013 men mindst lige s\u00e5 givende \u2013 steder som <a href=\"https:\/\/www.vita-explorers.dk\/sprogophold\/malta-engelsk-kursus.html\" target=\"_blank\" rel=\"noopener\">Malta,<\/a> <a href=\"https:\/\/www.vita-explorers.dk\/frivilligt-arbejde\/vita-institute-frivilligt-arbejde-internationale-forloeb-praktik-irland.html\" target=\"_blank\" rel=\"noopener\">Irland,<\/a> <a href=\"https:\/\/www.vita-explorers.dk\/sprog-og-frivilligt-arbejde\/A-syd-engelsk-frivilligt-arbejde.html\" target=\"_blank\" rel=\"noopener\">Sydafrika<\/a> og <a href=\"https:\/\/www.vita-explorers.dk\/frivilligt-arbejde\/new-zealand-oeko-frivilligt-arbejde-natur.html\">New Zealand<\/a> \u2013 har vores deltagere kunnet v\u00e6lge det milj\u00f8, der passer bedst til deres m\u00e5l og budget. P\u00e5 samme m\u00e5de har vi udvidet mulighederne for <a href=\"https:\/\/www.vita-explorers.dk\/frivilligt-arbejde\/humanit\u00e6rt-ophold-frivilligt-arbejde-spanien.html\" target=\"_blank\" rel=\"noopener\">spansk,<\/a> <a href=\"https:\/\/www.vita-explorers.dk\/sprogophold\/tyskland-laer-tysk-kursus.html\" target=\"_blank\" rel=\"noopener\">tysk<\/a> og <a href=\"https:\/\/www.vita-explorers.dk\/sprogophold\/Italiensk-i-italien-sprogophold.html\">italiensk<\/a>, s\u00e5 flere kan finde et forl\u00f8b, der giver gode rammer for progression og m\u00f8det med andre kulturer.<\/p>\n<h2><strong>Internationale forl\u00f8b og lokal effekt: en udvikling med tydelig retning<\/strong><\/h2>\n<p style=\"text-align: justify;\">Ud over sprogforl\u00f8b har internationale ophold med frivilligt arbejde v\u00e6ret en central del af VITAs aktiviteter i 2025. Mange deltagere \u2013 studerende, nyuddannede og erfarne fagfolk \u2013 har engageret sig i forskellige typer projekter: undervisning, lektiest\u00f8tte, natur- og milj\u00f8indsatser, sundhedsrelaterede aktiviteter, f\u00e6llesskabsudvikling og arbejde med kulturarv m.m. Indsatsen fra vores lokale koordinatorer har v\u00e6ret afg\u00f8rende for at sikre en tryg ramme, et godt forl\u00f8b og en klar sammenh\u00e6ng mellem lokale behov og deltagernes kompetencer.<\/p>\n<p style=\"text-align: justify;\">Internationale forl\u00f8b skaber konkrete m\u00f8der mellem mennesker og bygger bro mellem kulturer \u2013 med plads til b\u00e5de l\u00e6ring og ansvar. I 2025 har vi sammen med vores teams arbejdet m\u00e5lrettet p\u00e5 at forbedre rammerne, styrke forberedelsen f\u00f8r afrejse og sikre t\u00e6ttere opf\u00f8lgning under opholdene.<\/p>\n<p style=\"text-align: justify;\"><a href=\"https:\/\/www.vita-explorers.dk\/blog\/avis-globalong\/\" target=\"_blank\" rel=\"noopener\">Deltagernes oplevelser<\/a> \u2013 og feedback fra dem, de m\u00f8der undervejs \u2013 peger ofte p\u00e5 det menneskelige aspekt, den gensidige l\u00e6ring og den positive effekt af de aktiviteter, der gennemf\u00f8res. Den tilgang har v\u00e6ret med til at styrke VITAs profil som en ansvarlig akt\u00f8r, der tager hensyn til b\u00e5de deltagere og v\u00e6rtsmilj\u00f8er.<\/p>\n<h2><strong>Professionelle forl\u00f8b og praktik i udlandet: nye kompetencer i spil<\/strong><\/h2>\n<p style=\"text-align: justify;\">Et vigtigt fokus i 2025 har v\u00e6ret at udvikle mere specialiserede <strong>professionelle forl\u00f8b<\/strong> og <strong>praktik i udlandet<\/strong>. Behovene \u00e6ndrer sig hurtigt, og VITA har prioriteret at st\u00f8tte deltagere i at opbygge kompetencer, der kan bruges internationalt. Vi har derfor udviklet m\u00e5lrettede moduler til dem, der \u00f8nsker st\u00e6rke sprogf\u00e6rdigheder, et \u00e5bent mindset og evnen til at navigere i flerkulturelle arbejdsmilj\u00f8er. Det har f\u00f8rt til forl\u00f8b, der kombinerer sprogundervisning, praktiske workshops, tematiske seminarer og perioder med immersion.<\/p>\n<p style=\"text-align: justify;\">Vores praktikanter har f\u00e5et indblik i, hvordan lokalt forankrede organisationer arbejder, deltaget i udviklingsorienterede projekter og styrket kompetencer inden for tv\u00e6rkulturel kommunikation og probleml\u00f8sning. M\u00e5let er, at hver deltager st\u00e5r mere sikkert og bedre forberedt p\u00e5 fremtidige opgaver. Det faglige fokus p\u00e5 konkrete, overf\u00f8rbare kompetencer har bidraget til, at VITAs forl\u00f8b opleves som relevante og fleksible.<\/p>\n<h3><strong>Kulturudveksling: et st\u00f8rre udsyn<\/strong><\/h3>\n<p style=\"text-align: justify;\">Den <strong>kulturelle dimension<\/strong> er en kerne i VITAs arbejde. I 2025 har vi lagt ekstra kr\u00e6fter i at tilbyde forl\u00f8b med plads til m\u00f8der, oplevelser og l\u00e6ring. Vores kulturforl\u00f8b er blevet udvidet til nye lande og regioner. Fra Latinamerika til Syd\u00f8stasien, fra Centraleuropa til Afrika syd for Sahara, har deltagerne kunnet f\u00e5 mere autentiske oplevelser, smage lokale k\u00f8kkener, deltage i traditioner og f\u00e5 indblik i hverdagsliv, der kan v\u00e6re langt fra deres eget.<\/p>\n<p style=\"text-align: justify;\">Tilgangen r\u00e6kker ud over sprogtr\u00e6ning og handler om menneskelige relationer og gensidig forst\u00e5else. I stedet for masseturisme bygger kulturudvekslingen p\u00e5 respekt for lokale identiteter, st\u00f8tte til regionale initiativer og v\u00e6rdier som tolerance, hj\u00e6lpsomhed og nysgerrighed. Mange deltagere fort\u00e6ller, at oplevelserne giver nye perspektiver, udfordrer vaner og \u00e5bner for at se deres eget liv p\u00e5 en anden m\u00e5de.<\/p>\n<h2><strong>Personlig st\u00f8tte og digitale v\u00e6rkt\u00f8jer, der g\u00f8r det lettere<\/strong><\/h2>\n<p style=\"text-align: justify;\">For at underst\u00f8tte forl\u00f8bene og sikre gode oplevelser for b\u00e5de deltagere og lokalsamfund har VITA i 2025 styrket den personlige st\u00f8tte f\u00f8r, under og efter ophold i udlandet. Vores team, der br\u00e6nder for sprog og kulturel mangfoldighed, har udviklet digitale l\u00f8sninger, som g\u00f8r planl\u00e6gning, forberedelse og opf\u00f8lgning mere overskuelig. Deltagere kan blandt andet f\u00e5 adgang til e-learning, praktiske r\u00e5d, online materialer, forberedende moduler inden afrejse og l\u00f8bende check-ins under opholdet.<\/p>\n<p style=\"text-align: justify;\">Samtidig har vi opdateret vores tilstedev\u00e6relse p\u00e5 sociale medier med fokus p\u00e5 mere relevant information og videreudviklet bloggen med flere artikler, oplevelser og rejsetips. M\u00e5let er, at man f\u00f8ler sig st\u00f8ttet, guidet og lyttet til \u2013 uanset om man er i gang med at v\u00e6lge destination, forberede praktiske forhold, styrke sine kompetencer eller finde ro i m\u00f8det med kulturelle forskelle. Det har samlet set bidraget til h\u00f8jere tilfredshed og en t\u00e6ttere VITA community.<\/p>\n<h2><strong>Perspektiver for 2026: ambiti\u00f8st \u2013 og ansvarligt<\/strong><\/h2>\n<p style=\"text-align: justify;\">P\u00e5 t\u00e6rsklen til 2026 vil VITA bygge videre p\u00e5 erfaringerne fra 2025 og samtidig styrke den ansvarlige og mere langsigtede retning. Vores ambition er at udvikle flere forl\u00f8b med fokus p\u00e5 b\u00e6redygtighed, der tager h\u00f8jde for nutidens milj\u00f8- og sociale udfordringer. Vi vil gerne inspirere deltagere til mere planetvenlige valg og til forl\u00f8b, hvor indsatsen handler om biodiversitet, beskyttelse af naturressourcer, klimaoplysning og at reducere klimaaftryk fra rejser.<\/p>\n<p style=\"text-align: justify;\">Samtidig vil vi fortsat udbygge vores sprog- og kulturtilbud med mere specialiserede forl\u00f8b, tilpasset specifikke fagomr\u00e5der (b\u00e6redygtig udvikling, humanit\u00e6r indsats, kulturel diplomati m.m.). Vi \u00f8nsker ogs\u00e5 at styrke relationerne til lokale uddannelsesmilj\u00f8er, universiteter og tr\u00e6ningscentre, s\u00e5 deltagerne kan f\u00e5 diplomer, certificeringer og anerkendte referencer, der kan styrke deres muligheder internationalt.<\/p>\n<h2><strong>Flere destinationer \u2013 og flere typer deltagere<\/strong><\/h2>\n<p style=\"text-align: justify;\">2026 bliver ogs\u00e5 pr\u00e6get af en bredere geografisk \u00e5bning. Vi vil unders\u00f8ge nye destinationer til vores sprogforl\u00f8b, internationale ophold og kulturudveksling. M\u00e5let er at give et endnu st\u00f8rre udvalg, s\u00e5 flere kan finde et forl\u00f8b, der passer \u2013 uanset om dr\u00f8mmen handler om at l\u00e6re, engagere sig i natur- og dyrebeskyttelse i Asien, undervise i fransk p\u00e5 en landsbyskole eller deltage i et sundhedsrelateret forl\u00f8b.<\/p>\n<p style=\"text-align: justify;\">Vi \u00f8nsker ogs\u00e5 at n\u00e5 en bredere og mere mangfoldig m\u00e5lgruppe. VITA henvender sig ikke kun til studerende, men i stigende grad ogs\u00e5 til familier, seniorer, erfarne fagfolk og mennesker i jobskifte. Vi tror p\u00e5, at international erfaring, kulturforst\u00e5else og \u00e5benhed ikke har en alder eller en fast ramme. Vores ambition er at g\u00f8re det muligt for flere at rejse, l\u00e6re og udvikle sig \u2013 uanset livsfase og arbejdssituation \u2013 med respekt for, at form\u00e5let er at st\u00f8tte mennesker og milj\u00f8er, der har brug for det.<\/p>\n<h2><strong>Kvalitet, tryghed og \u00e5benhed i centrum<\/strong><\/h2>\n<p style=\"text-align: justify;\">I 2026 vil VITA styrke vores processer for afrejse, sikkerhed og transparens. Vi \u00f8nsker, at alle, der rejser med os, f\u00f8ler sig velinformeret, godt forberedt og tryg. Det kr\u00e6ver tydeligere information p\u00e5 vores hjemmeside, mere klarhed i pr\u00e6sentationen af forl\u00f8b og vilk\u00e5r samt en l\u00f8bende forbedring af kommunikationen med vores lokale koordinatorer. Kvaliteten i rammerne og den tillid, vi skaber, er afg\u00f8rende \u2013 og vi vil g\u00f8re vores for at holde et h\u00f8jt niveau.<\/p>\n<p style=\"text-align: justify;\">\u00c5benhed handler ogs\u00e5 om effekt. Sammen med de lokale teams vil vi arbejde med indikatorer, der kan hj\u00e6lpe med at f\u00f8lge den konkrete v\u00e6rdi af ophold med frivilligt arbejde og solidaritetsprojekter. Vi vil b\u00e5de kunne fremh\u00e6ve det, der virker, og se mere klart p\u00e5, hvor vi kan blive bedre \u2013 s\u00e5 forl\u00f8bene bliver ved med at v\u00e6re relevante, holdbare og meningsfulde.<\/p>\n<h3><strong>Mennesket, m\u00f8det og l\u00e6ringen som den r\u00f8de tr\u00e5d<\/strong><\/h3>\n<h3><strong>Sprogforl\u00f8b og internationalt frivilligt arbejde.<\/strong><\/h3>\n<p style=\"text-align: justify;\">Hos VITA er vi overbeviste om, at sprog, internationale ophold, faglig udvikling og kulturudveksling ikke bare er ydelser, men livserfaringer. Det bygger p\u00e5 kvaliteten af m\u00f8derne, styrken i relationerne og dybden i den tv\u00e6rkulturelle forst\u00e5else. I 2025 har vi set nye venskaber opst\u00e5, retninger i livet blive tydeligere og fordomme blive udfordret. De \u00f8jeblikke skabes i samspillet mellem vores team, dem vi arbejder sammen med, og alle jer, der viser os tillid.<\/p>\n<p style=\"text-align: justify;\">Vi h\u00e5ber, at 2026 bliver et \u00e5r med kontinuitet og videre udvikling. VITA \u00f8nsker at v\u00e6re en stabil rejsemakker \u2013 en sparringspartner, der g\u00f8r det lettere at oms\u00e6tte id\u00e9er til ansvarlige ophold og st\u00e6rke l\u00e6ringsforl\u00f8b. Vi vil fortsat arbejde for, at hver deltager f\u00f8ler sig set, st\u00f8ttet og taget seri\u00f8st. Det menneskelige fokus giver os grundlag for at se fremad med ro, handlekraft og h\u00e5b.<\/p>\n<h3><strong>Tak og gode \u00f8nsker for \u00e5ret, der kommer<\/strong><\/h3>\n<p style=\"text-align: justify;\">N\u00e5r vi lukker 2025 og g\u00e5r ind i 2026, vil vi gerne sige en oprigtig tak til alle, der har v\u00e6ret med til at g\u00f8re \u00e5ret til en succes. Tak til vores deltagere, som viser os tillid i deres internationale planer, til vores lokale koordinatorer, der l\u00e6gger et stort arbejde i at f\u00e5 forl\u00f8bene til at fungere i praksis, til vores samarbejdspartnere, og til vores interne team \u2013 uden jer kunne vi ikke gennemf\u00f8re det, vi g\u00f8r.<\/p>\n<p style=\"text-align: justify;\">Vores tanker g\u00e5r ogs\u00e5 til alle dem, rundt omkring i verden, som har taget imod vores rejsende, \u00e5bnet deres d\u00f8re og delt kultur, traditioner og hverdagsliv. Den menneskelige udveksling er kernen i VITA. Det er for at v\u00e6rne om og styrke den forbindelse, at vi arbejder med dette hver dag.<\/p>\n<p style=\"text-align: justify;\">P\u00e5 denne juleaftens- og h\u00f8jtidstid sender vi vores varmeste hilsner. M\u00e5 2026 blive et \u00e5r med nye oplevelser, personlig udvikling, f\u00e6llesskab og gensidig respekt. Og m\u00e5 jeres planer \u2013 sproglige, faglige, kulturelle eller personlige \u2013 lykkes med gl\u00e6de, ro og et \u00e5bent sind.<\/p>\n<p style=\"text-align: justify;\">Vi h\u00e5ber, I fortsat vil f\u00f8lge med, dele jeres oplevelser, forslag og feedback. Den l\u00f8bende dialog er vigtig for, at vi kan forbedre vores arbejde, sk\u00e6rpe vores tilbud og skabe forl\u00f8b, der passer endnu bedre til jeres \u00f8nsker. Sammen kan vi g\u00f8re 2026 til et \u00e5r med l\u00e6ring, kulturudveksling, ansvarlige fremskridt og oplevelser, der bliver hos jer.<\/p>\n<h3>Konklusion: Sprogforl\u00f8b og internationalt frivilligt arbejde.<\/h3>\n<p style=\"text-align: justify;\">N\u00e5r vi ser tilbage, har 2025 v\u00e6ret et markant \u00e5r for VITA med mange initiativer, forbedringer og konkrete resultater \u2013 b\u00e5de inden for sprogforl\u00f8b, internationale ophold med frivilligt arbejde, praktik og kulturudveksling. Alt sammen med \u00e9t overordnet form\u00e5l: at g\u00f8re det muligt for flere at udforske verden, m\u00f8de andre mennesker, l\u00e6re et sprog, blive klogere p\u00e5 andre kulturer og udvikle kompetencer, der kan bruges b\u00e5de personligt og professionelt, samtidig med at man bidrager i milj\u00f8er, hvor ressourcerne ofte er meget begr\u00e6nsede.<\/p>\n<p style=\"text-align: justify;\">I 2026 bekr\u00e6fter vi vores \u00f8nske om at bygge bro mellem kulturer, skabe flere muligheder, styrke kvaliteten i vores st\u00f8tte og bakke op om ansvarlige og langsigtede initiativer. P\u00e5 vegne af hele VITA-teamet \u00f8nsker vi jer en rigtig god jul og et godt nyt\u00e5r \u2013 og en start p\u00e5 2026 med fokus p\u00e5 menneskeligt f\u00e6llesskab, nye m\u00f8der og gensidig l\u00e6ring. Gl\u00e6delig jul og godt nyt\u00e5r!<\/p>\n<p style=\"text-align: center;\"><strong>Vil du vide mere om VITA Institute og vores community, s\u00e5 f\u00f8lg med p\u00e5\u00a0<a href=\"https:\/\/www.instagram.com\/globalongofficiel\/\"><span class=\"s2\">Instagram<\/span><\/a>,\u00a0<a href=\"https:\/\/www.facebook.com\/globalong\"><span class=\"s2\">Facebook<\/span><\/a>,\u00a0<a href=\"https:\/\/www.linkedin.com\/company\/5113177\/admin\/feed\/posts\/\"><span class=\"s2\">LinkedIn<\/span><\/a>\u00a0og\u00a0<a href=\"https:\/\/www.youtube.com\/c\/globalong\/videos\"><span class=\"s2\">YouTube<\/span><\/a>\u00a0!\u00a0<\/strong><\/p>\n<p>\u00a0<\/p>\n","protected":false},"excerpt":{"rendered":"<p>Gl\u00e6delig jul og godt nyt\u00e5r 2025 Mens vi g\u00f8r os klar til at afslutte \u00e5rets sprogforl\u00f8b og internationale ophold i 2025, vil hele teamet\u2026<\/p>\n","protected":false},"author":7,"featured_media":14829,"comment_status":"open","ping_status":"open","sticky":false,"template":"","format":"standard","meta":{"footnotes":""},"categories":[6,4],"tags":[],"yoast_head":"<!-- This site is optimized with the Yoast SEO Premium plugin v23.4 (Yoast SEO v23.4) - https:\/\/yoast.com\/wordpress\/plugins\/seo\/ -->\n<title>Sprogkursus og frivilligt arbejde i udlandet: \u00c5rsstatus - VITA Explorers Blog<\/title>\n<meta name=\"description\" content=\"D\u00e9couvrez les formations linguistiques et le volontariat international, une ann\u00e9e riche en accomplissements et projets ambitieux pour 2025.\" \/>\n<meta name=\"robots\" content=\"index, follow, max-snippet:-1, max-image-preview:large, max-video-preview:-1\" \/>\n<link rel=\"canonical\" href=\"https:\/\/www.vita-explorers.dk\/blog\/sprogtraening-og-internationalt-frivilligt-arbejde\/\" \/>\n<meta property=\"og:locale\" content=\"da_DK\" \/>\n<meta property=\"og:type\" content=\"article\" \/>\n<meta property=\"og:title\" content=\"Gl\u00e6delig jul og godt nyt\u00e5r 2025\" \/>\n<meta property=\"og:description\" content=\"D\u00e9couvrez les formations linguistiques et le volontariat international, une ann\u00e9e riche en accomplissements et projets ambitieux pour 2025.\" \/>\n<meta property=\"og:url\" content=\"https:\/\/www.vita-explorers.dk\/blog\/sprogtraening-og-internationalt-frivilligt-arbejde\/\" \/>\n<meta property=\"og:site_name\" content=\"VITA Explorers Blog\" \/>\n<meta property=\"article:publisher\" content=\"https:\/\/www.facebook.com\/globalong\" \/>\n<meta property=\"article:published_time\" content=\"2024-12-24T03:10:59+00:00\" \/>\n<meta property=\"article:modified_time\" content=\"2025-11-12T16:00:32+00:00\" \/>\n<meta property=\"og:image\" content=\"https:\/\/www.vita-explorers.dk\/blog\/wp-content\/uploads\/2022\/12\/Noel-.jpeg\" \/>\n\t<meta property=\"og:image:width\" content=\"1449\" \/>\n\t<meta property=\"og:image:height\" content=\"775\" \/>\n\t<meta property=\"og:image:type\" content=\"image\/jpeg\" \/>\n<meta name=\"author\" content=\"VITA Tribe\" \/>\n<meta name=\"twitter:card\" content=\"summary_large_image\" \/>\n<meta name=\"twitter:label1\" content=\"Skrevet af\" \/>\n\t<meta name=\"twitter:data1\" content=\"VITA Tribe\" \/>\n\t<meta name=\"twitter:label2\" content=\"Estimeret l\u00e6setid\" \/>\n\t<meta name=\"twitter:data2\" content=\"13 minutter\" \/>\n<script type=\"application\/ld+json\" class=\"yoast-schema-graph\">{\"@context\":\"https:\/\/schema.org\",\"@graph\":[{\"@type\":\"Article\",\"@id\":\"https:\/\/www.vita-explorers.dk\/blog\/sprogtraening-og-internationalt-frivilligt-arbejde\/#article\",\"isPartOf\":{\"@id\":\"https:\/\/www.vita-explorers.dk\/blog\/sprogtraening-og-internationalt-frivilligt-arbejde\/\"},\"author\":{\"name\":\"VITA Tribe\",\"@id\":\"https:\/\/www.vita-explorers.dk\/blog\/#\/schema\/person\/fc0343a2f2db2ebb2793c1f62dbe73f0\"},\"headline\":\"Gl\u00e6delig jul og godt nyt\u00e5r 2025\",\"datePublished\":\"2024-12-24T03:10:59+00:00\",\"dateModified\":\"2025-11-12T16:00:32+00:00\",\"mainEntityOfPage\":{\"@id\":\"https:\/\/www.vita-explorers.dk\/blog\/sprogtraening-og-internationalt-frivilligt-arbejde\/\"},\"wordCount\":2255,\"commentCount\":0,\"publisher\":{\"@id\":\"https:\/\/www.vita-explorers.dk\/blog\/#organization\"},\"image\":{\"@id\":\"https:\/\/www.vita-explorers.dk\/blog\/sprogtraening-og-internationalt-frivilligt-arbejde\/#primaryimage\"},\"thumbnailUrl\":\"https:\/\/www.vita-explorers.dk\/blog\/wp-content\/uploads\/2022\/12\/Noel-.jpeg\",\"articleSection\":[\"Nyheder\",\"VITA Explorers\"],\"inLanguage\":\"da-DK\",\"potentialAction\":[{\"@type\":\"CommentAction\",\"name\":\"Comment\",\"target\":[\"https:\/\/www.vita-explorers.dk\/blog\/sprogtraening-og-internationalt-frivilligt-arbejde\/#respond\"]}]},{\"@type\":\"WebPage\",\"@id\":\"https:\/\/www.vita-explorers.dk\/blog\/sprogtraening-og-internationalt-frivilligt-arbejde\/\",\"url\":\"https:\/\/www.vita-explorers.dk\/blog\/sprogtraening-og-internationalt-frivilligt-arbejde\/\",\"name\":\"Sprogkursus og frivilligt arbejde i udlandet: \u00c5rsstatus - VITA Explorers Blog\",\"isPartOf\":{\"@id\":\"https:\/\/www.vita-explorers.dk\/blog\/#website\"},\"primaryImageOfPage\":{\"@id\":\"https:\/\/www.vita-explorers.dk\/blog\/sprogtraening-og-internationalt-frivilligt-arbejde\/#primaryimage\"},\"image\":{\"@id\":\"https:\/\/www.vita-explorers.dk\/blog\/sprogtraening-og-internationalt-frivilligt-arbejde\/#primaryimage\"},\"thumbnailUrl\":\"https:\/\/www.vita-explorers.dk\/blog\/wp-content\/uploads\/2022\/12\/Noel-.jpeg\",\"datePublished\":\"2024-12-24T03:10:59+00:00\",\"dateModified\":\"2025-11-12T16:00:32+00:00\",\"description\":\"D\u00e9couvrez les formations linguistiques et le volontariat international, une ann\u00e9e riche en accomplissements et projets ambitieux pour 2025.\",\"breadcrumb\":{\"@id\":\"https:\/\/www.vita-explorers.dk\/blog\/sprogtraening-og-internationalt-frivilligt-arbejde\/#breadcrumb\"},\"inLanguage\":\"da-DK\",\"potentialAction\":[{\"@type\":\"ReadAction\",\"target\":[\"https:\/\/www.vita-explorers.dk\/blog\/sprogtraening-og-internationalt-frivilligt-arbejde\/\"]}]},{\"@type\":\"ImageObject\",\"inLanguage\":\"da-DK\",\"@id\":\"https:\/\/www.vita-explorers.dk\/blog\/sprogtraening-og-internationalt-frivilligt-arbejde\/#primaryimage\",\"url\":\"https:\/\/www.vita-explorers.dk\/blog\/wp-content\/uploads\/2022\/12\/Noel-.jpeg\",\"contentUrl\":\"https:\/\/www.vita-explorers.dk\/blog\/wp-content\/uploads\/2022\/12\/Noel-.jpeg\",\"width\":1449,\"height\":775,\"caption\":\"Noel avec Globalong\"},{\"@type\":\"BreadcrumbList\",\"@id\":\"https:\/\/www.vita-explorers.dk\/blog\/sprogtraening-og-internationalt-frivilligt-arbejde\/#breadcrumb\",\"itemListElement\":[{\"@type\":\"ListItem\",\"position\":1,\"name\":\"Accueil\",\"item\":\"https:\/\/www.vita-explorers.dk\/blog\/\"},{\"@type\":\"ListItem\",\"position\":2,\"name\":\"Gl\u00e6delig jul og godt nyt\u00e5r 2025\"}]},{\"@type\":\"WebSite\",\"@id\":\"https:\/\/www.vita-explorers.dk\/blog\/#website\",\"url\":\"https:\/\/www.vita-explorers.dk\/blog\/\",\"name\":\"Association Globalong\",\"description\":\"Frivilligt arbejde, sprogophold, praktik i udlandet og internationale oplevelser\",\"publisher\":{\"@id\":\"https:\/\/www.vita-explorers.dk\/blog\/#organization\"},\"potentialAction\":[{\"@type\":\"SearchAction\",\"target\":{\"@type\":\"EntryPoint\",\"urlTemplate\":\"https:\/\/www.vita-explorers.dk\/blog\/?s={search_term_string}\"},\"query-input\":{\"@type\":\"PropertyValueSpecification\",\"valueRequired\":true,\"valueName\":\"search_term_string\"}}],\"inLanguage\":\"da-DK\"},{\"@type\":\"Organization\",\"@id\":\"https:\/\/www.vita-explorers.dk\/blog\/#organization\",\"name\":\"Association Globalong\",\"url\":\"https:\/\/www.vita-explorers.dk\/blog\/\",\"logo\":{\"@type\":\"ImageObject\",\"inLanguage\":\"da-DK\",\"@id\":\"https:\/\/www.vita-explorers.dk\/blog\/#\/schema\/logo\/image\/\",\"url\":\"https:\/\/www.globalong.com\/blog\/wp-content\/uploads\/2014\/11\/cropped-cropped-Logo-et-Afrique-Globalong-petite-taille-2.jpg\",\"contentUrl\":\"https:\/\/www.globalong.com\/blog\/wp-content\/uploads\/2014\/11\/cropped-cropped-Logo-et-Afrique-Globalong-petite-taille-2.jpg\",\"width\":512,\"height\":512,\"caption\":\"Association Globalong\"},\"image\":{\"@id\":\"https:\/\/www.vita-explorers.dk\/blog\/#\/schema\/logo\/image\/\"},\"sameAs\":[\"https:\/\/www.facebook.com\/globalong\"]},{\"@type\":\"Person\",\"@id\":\"https:\/\/www.vita-explorers.dk\/blog\/#\/schema\/person\/fc0343a2f2db2ebb2793c1f62dbe73f0\",\"name\":\"VITA Tribe\",\"image\":{\"@type\":\"ImageObject\",\"inLanguage\":\"da-DK\",\"@id\":\"https:\/\/www.vita-explorers.dk\/blog\/#\/schema\/person\/image\/\",\"url\":\"https:\/\/secure.gravatar.com\/avatar\/f7f05026bb439d0c96b30e135e5f852c?s=96&d=mm&r=g\",\"contentUrl\":\"https:\/\/secure.gravatar.com\/avatar\/f7f05026bb439d0c96b30e135e5f852c?s=96&d=mm&r=g\",\"caption\":\"VITA Tribe\"},\"sameAs\":[\"http:\/\/www.globalong.com\"],\"url\":\"https:\/\/www.vita-explorers.dk\/blog\/author\/teamglobalong\/\"}]}<\/script>\n<!-- \/ Yoast SEO Premium plugin. -->","yoast_head_json":{"title":"Sprogkursus og frivilligt arbejde i udlandet: \u00c5rsstatus - VITA Explorers Blog","description":"D\u00e9couvrez les formations linguistiques et le volontariat international, une ann\u00e9e riche en accomplissements et projets ambitieux pour 2025.","robots":{"index":"index","follow":"follow","max-snippet":"max-snippet:-1","max-image-preview":"max-image-preview:large","max-video-preview":"max-video-preview:-1"},"canonical":"https:\/\/www.vita-explorers.dk\/blog\/sprogtraening-og-internationalt-frivilligt-arbejde\/","og_locale":"da_DK","og_type":"article","og_title":"Gl\u00e6delig jul og godt nyt\u00e5r 2025","og_description":"D\u00e9couvrez les formations linguistiques et le volontariat international, une ann\u00e9e riche en accomplissements et projets ambitieux pour 2025.","og_url":"https:\/\/www.vita-explorers.dk\/blog\/sprogtraening-og-internationalt-frivilligt-arbejde\/","og_site_name":"VITA Explorers Blog","article_publisher":"https:\/\/www.facebook.com\/globalong","article_published_time":"2024-12-24T03:10:59+00:00","article_modified_time":"2025-11-12T16:00:32+00:00","og_image":[{"width":1449,"height":775,"url":"https:\/\/www.vita-explorers.dk\/blog\/wp-content\/uploads\/2022\/12\/Noel-.jpeg","type":"image\/jpeg"}],"author":"VITA Tribe","twitter_card":"summary_large_image","twitter_misc":{"Skrevet af":"VITA Tribe","Estimeret l\u00e6setid":"13 minutter"},"schema":{"@context":"https:\/\/schema.org","@graph":[{"@type":"Article","@id":"https:\/\/www.vita-explorers.dk\/blog\/sprogtraening-og-internationalt-frivilligt-arbejde\/#article","isPartOf":{"@id":"https:\/\/www.vita-explorers.dk\/blog\/sprogtraening-og-internationalt-frivilligt-arbejde\/"},"author":{"name":"VITA Tribe","@id":"https:\/\/www.vita-explorers.dk\/blog\/#\/schema\/person\/fc0343a2f2db2ebb2793c1f62dbe73f0"},"headline":"Gl\u00e6delig jul og godt nyt\u00e5r 2025","datePublished":"2024-12-24T03:10:59+00:00","dateModified":"2025-11-12T16:00:32+00:00","mainEntityOfPage":{"@id":"https:\/\/www.vita-explorers.dk\/blog\/sprogtraening-og-internationalt-frivilligt-arbejde\/"},"wordCount":2255,"commentCount":0,"publisher":{"@id":"https:\/\/www.vita-explorers.dk\/blog\/#organization"},"image":{"@id":"https:\/\/www.vita-explorers.dk\/blog\/sprogtraening-og-internationalt-frivilligt-arbejde\/#primaryimage"},"thumbnailUrl":"https:\/\/www.vita-explorers.dk\/blog\/wp-content\/uploads\/2022\/12\/Noel-.jpeg","articleSection":["Nyheder","VITA Explorers"],"inLanguage":"da-DK","potentialAction":[{"@type":"CommentAction","name":"Comment","target":["https:\/\/www.vita-explorers.dk\/blog\/sprogtraening-og-internationalt-frivilligt-arbejde\/#respond"]}]},{"@type":"WebPage","@id":"https:\/\/www.vita-explorers.dk\/blog\/sprogtraening-og-internationalt-frivilligt-arbejde\/","url":"https:\/\/www.vita-explorers.dk\/blog\/sprogtraening-og-internationalt-frivilligt-arbejde\/","name":"Sprogkursus og frivilligt arbejde i udlandet: \u00c5rsstatus - VITA Explorers Blog","isPartOf":{"@id":"https:\/\/www.vita-explorers.dk\/blog\/#website"},"primaryImageOfPage":{"@id":"https:\/\/www.vita-explorers.dk\/blog\/sprogtraening-og-internationalt-frivilligt-arbejde\/#primaryimage"},"image":{"@id":"https:\/\/www.vita-explorers.dk\/blog\/sprogtraening-og-internationalt-frivilligt-arbejde\/#primaryimage"},"thumbnailUrl":"https:\/\/www.vita-explorers.dk\/blog\/wp-content\/uploads\/2022\/12\/Noel-.jpeg","datePublished":"2024-12-24T03:10:59+00:00","dateModified":"2025-11-12T16:00:32+00:00","description":"D\u00e9couvrez les formations linguistiques et le volontariat international, une ann\u00e9e riche en accomplissements et projets ambitieux pour 2025.","breadcrumb":{"@id":"https:\/\/www.vita-explorers.dk\/blog\/sprogtraening-og-internationalt-frivilligt-arbejde\/#breadcrumb"},"inLanguage":"da-DK","potentialAction":[{"@type":"ReadAction","target":["https:\/\/www.vita-explorers.dk\/blog\/sprogtraening-og-internationalt-frivilligt-arbejde\/"]}]},{"@type":"ImageObject","inLanguage":"da-DK","@id":"https:\/\/www.vita-explorers.dk\/blog\/sprogtraening-og-internationalt-frivilligt-arbejde\/#primaryimage","url":"https:\/\/www.vita-explorers.dk\/blog\/wp-content\/uploads\/2022\/12\/Noel-.jpeg","contentUrl":"https:\/\/www.vita-explorers.dk\/blog\/wp-content\/uploads\/2022\/12\/Noel-.jpeg","width":1449,"height":775,"caption":"Noel avec Globalong"},{"@type":"BreadcrumbList","@id":"https:\/\/www.vita-explorers.dk\/blog\/sprogtraening-og-internationalt-frivilligt-arbejde\/#breadcrumb","itemListElement":[{"@type":"ListItem","position":1,"name":"Accueil","item":"https:\/\/www.vita-explorers.dk\/blog\/"},{"@type":"ListItem","position":2,"name":"Gl\u00e6delig jul og godt nyt\u00e5r 2025"}]},{"@type":"WebSite","@id":"https:\/\/www.vita-explorers.dk\/blog\/#website","url":"https:\/\/www.vita-explorers.dk\/blog\/","name":"Association Globalong","description":"Frivilligt arbejde, sprogophold, praktik i udlandet og internationale oplevelser","publisher":{"@id":"https:\/\/www.vita-explorers.dk\/blog\/#organization"},"potentialAction":[{"@type":"SearchAction","target":{"@type":"EntryPoint","urlTemplate":"https:\/\/www.vita-explorers.dk\/blog\/?s={search_term_string}"},"query-input":{"@type":"PropertyValueSpecification","valueRequired":true,"valueName":"search_term_string"}}],"inLanguage":"da-DK"},{"@type":"Organization","@id":"https:\/\/www.vita-explorers.dk\/blog\/#organization","name":"Association Globalong","url":"https:\/\/www.vita-explorers.dk\/blog\/","logo":{"@type":"ImageObject","inLanguage":"da-DK","@id":"https:\/\/www.vita-explorers.dk\/blog\/#\/schema\/logo\/image\/","url":"https:\/\/www.globalong.com\/blog\/wp-content\/uploads\/2014\/11\/cropped-cropped-Logo-et-Afrique-Globalong-petite-taille-2.jpg","contentUrl":"https:\/\/www.globalong.com\/blog\/wp-content\/uploads\/2014\/11\/cropped-cropped-Logo-et-Afrique-Globalong-petite-taille-2.jpg","width":512,"height":512,"caption":"Association Globalong"},"image":{"@id":"https:\/\/www.vita-explorers.dk\/blog\/#\/schema\/logo\/image\/"},"sameAs":["https:\/\/www.facebook.com\/globalong"]},{"@type":"Person","@id":"https:\/\/www.vita-explorers.dk\/blog\/#\/schema\/person\/fc0343a2f2db2ebb2793c1f62dbe73f0","name":"VITA Tribe","image":{"@type":"ImageObject","inLanguage":"da-DK","@id":"https:\/\/www.vita-explorers.dk\/blog\/#\/schema\/person\/image\/","url":"https:\/\/secure.gravatar.com\/avatar\/f7f05026bb439d0c96b30e135e5f852c?s=96&d=mm&r=g","contentUrl":"https:\/\/secure.gravatar.com\/avatar\/f7f05026bb439d0c96b30e135e5f852c?s=96&d=mm&r=g","caption":"VITA Tribe"},"sameAs":["http:\/\/www.globalong.com"],"url":"https:\/\/www.vita-explorers.dk\/blog\/author\/teamglobalong\/"}]}},"_links":{"self":[{"href":"https:\/\/www.vita-explorers.dk\/blog\/wp-json\/wp\/v2\/posts\/19732"}],"collection":[{"href":"https:\/\/www.vita-explorers.dk\/blog\/wp-json\/wp\/v2\/posts"}],"about":[{"href":"https:\/\/www.vita-explorers.dk\/blog\/wp-json\/wp\/v2\/types\/post"}],"author":[{"embeddable":true,"href":"https:\/\/www.vita-explorers.dk\/blog\/wp-json\/wp\/v2\/users\/7"}],"replies":[{"embeddable":true,"href":"https:\/\/www.vita-explorers.dk\/blog\/wp-json\/wp\/v2\/comments?post=19732"}],"version-history":[{"count":6,"href":"https:\/\/www.vita-explorers.dk\/blog\/wp-json\/wp\/v2\/posts\/19732\/revisions"}],"predecessor-version":[{"id":22511,"href":"https:\/\/www.vita-explorers.dk\/blog\/wp-json\/wp\/v2\/posts\/19732\/revisions\/22511"}],"wp:featuredmedia":[{"embeddable":true,"href":"https:\/\/www.vita-explorers.dk\/blog\/wp-json\/wp\/v2\/media\/14829"}],"wp:attachment":[{"href":"https:\/\/www.vita-explorers.dk\/blog\/wp-json\/wp\/v2\/media?parent=19732"}],"wp:term":[{"taxonomy":"category","embeddable":true,"href":"https:\/\/www.vita-explorers.dk\/blog\/wp-json\/wp\/v2\/categories?post=19732"},{"taxonomy":"post_tag","embeddable":true,"href":"https:\/\/www.vita-explorers.dk\/blog\/wp-json\/wp\/v2\/tags?post=19732"}],"curies":[{"name":"wp","href":"https:\/\/api.w.org\/{rel}","templated":true}]}}