{"id":19734,"date":"2024-12-25T04:55:49","date_gmt":"2024-12-25T03:55:49","guid":{"rendered":"https:\/\/www.globalong.com\/blog\/?p=19734"},"modified":"2025-09-07T14:48:49","modified_gmt":"2025-09-07T12:48:49","slug":"humanitaert-forloeb-med-teenagere","status":"publish","type":"post","link":"https:\/\/www.vita-explorers.dk\/blog\/humanitaert-forloeb-med-teenagere\/","title":{"rendered":"Humanit\u00e6rt ophold for teenagere"},"content":{"rendered":"<p><!-- D\u00e9but de l'article optimis\u00e9 avec sommaire cliquable --><\/p>\n<h1 id=\"mission-humanitaire-adolescents\">Frivilligt arbejde i udlandet med teenagere: erfaringer, konkrete r\u00e5d og en komplet guide til et godt familieforl\u00f8b<\/h1>\n<p><img loading=\"lazy\" decoding=\"async\" class=\"aligncenter wp-image-19737 size-medium\" src=\"https:\/\/www.vita-explorers.dk\/blog\/wp-content\/uploads\/2024\/12\/108005839_1357931744402093_9188697762123803237_n-300x225.jpg\" alt=\"Frivilligt arbejde i udlandet som familie.\" width=\"300\" height=\"225\" srcset=\"https:\/\/www.vita-explorers.dk\/blog\/wp-content\/uploads\/2024\/12\/108005839_1357931744402093_9188697762123803237_n-300x225.jpg 300w, https:\/\/www.vita-explorers.dk\/blog\/wp-content\/uploads\/2024\/12\/108005839_1357931744402093_9188697762123803237_n-768x576.jpg 768w, https:\/\/www.vita-explorers.dk\/blog\/wp-content\/uploads\/2024\/12\/108005839_1357931744402093_9188697762123803237_n.jpg 960w\" sizes=\"(max-width: 300px) 100vw, 300px\" \/><\/p>\n<p><!-- Balises m\u00e9ta suggestives (\u00e0 ins\u00e9rer dans l'\u00e9diteur ou via votre th\u00e8me\/SEO plugin) --><br \/>\n<!--\n<title>Frivilligt arbejde i udlandet med teenagere: guide, erfaringer og r\u00e5d<\/title>\n<meta name=\"description\" content=\"L\u00e6s om L\u00e9anna (13 \u00e5r) og hendes families oplevelse p\u00e5 et solidarisk forl\u00f8b i Senegal \u2013 og f\u00e5 konkrete r\u00e5d og ressourcer til at planl\u00e6gge et ansvarligt familieophold i udlandet med teenagere.\">\n--><\/p>\n<p><!-- Sommaire cliquable --><\/p>\n<div class=\"sommaire\">\n<h2>Indholdsfortegnelse<\/h2>\n<ol>\n<li><a href=\"#introduction\">Introduktion: At give familiens engagement mening<\/a><\/li>\n<li><a href=\"#pourquoi-mission-adolescents\">Hvorfor tage afsted med teenagere?<\/a><\/li>\n<li><a href=\"#experience-leanna\">L\u00e9annas inspirerende oplevelse (13 \u00e5r) med familien i Dakar<\/a><\/li>\n<li><a href=\"#mission-ecole-dakar\">Det solidariske forl\u00f8b p\u00e5 en skole i Dakar<\/a><\/li>\n<li><a href=\"#defis-terrain\">Udfordringer i praksis: at omstille sig og l\u00e6re<\/a><\/li>\n<li><a href=\"#moments-forts\">H\u00f8jdepunkter og minder, der bliver h\u00e6ngende<\/a><\/li>\n<li><a href=\"#impact-durable\">Varig betydning for L\u00e9anna og familien<\/a><\/li>\n<li><a href=\"#comment-sengager\">S\u00e5dan engagerer I jer med teenagere: Praktisk guide<\/a><\/li>\n<li><a href=\"#faq\">FAQ om internationale forl\u00f8b med teenagere<\/a><\/li>\n<li><a href=\"#globalong\">Kom videre med VITA Institute<\/a><\/li>\n<li><a href=\"#conclusion\">Konklusion: et menneskeligt, l\u00e6rende og inspirerende ophold<\/a><\/li>\n<\/ol>\n<\/div>\n<h2 id=\"introduction\">Introduktion: At give familiens engagement mening<\/h2>\n<p style=\"text-align: justify;\">At tage p\u00e5 et <strong>internationalt solidarisk forl\u00f8b med teenagere<\/strong> kan v\u00e6re en st\u00e6rk oplevelse \u2013 b\u00e5de menneskeligt og l\u00e6ringsm\u00e6ssigt. For familier er det en mulighed for at give v\u00e6rdier videre (f\u00e6llesskab, empati og respekt p\u00e5 tv\u00e6rs af kulturer) og samtidig styrke sammenholdet gennem en oplevelse, der er anderledes end en klassisk ferie.<\/p>\n<p style=\"text-align: justify;\">L\u00e9anna p\u00e5 13 \u00e5r, hendes lilles\u00f8ster p\u00e5 6 \u00e5r og deres for\u00e6ldre valgte netop det: at rejse til <a href=\"https:\/\/www.vita-explorers.dk\/frivilligt-arbejde\/senegal-frivilligt-arbejde-internationalt-ophold.html\" target=\"_blank\" rel=\"noopener\">Senegal<\/a> og indg\u00e5 i et skoleforl\u00f8b i Dakar, hvor de st\u00f8ttede l\u00e6rere og elever. Deres oplevelser viser, at et <a href=\"https:\/\/www.vita-explorers.dk\/blog\/humanitaer-rejse-et-missions-en-famille\/\" target=\"_blank\" rel=\"noopener\">familieophold med frivilligt arbejde i udlandet<\/a> ikke bare kan lade sig g\u00f8re \u2013 men ogs\u00e5 kan v\u00e6re meningsfuldt og l\u00e6rerigt for alle.<\/p>\n<p style=\"text-align: justify;\">I artiklen deler vi familiens erfaringer, giver konkrete r\u00e5d til at forberede et ansvarligt ophold og samler en praktisk guide til andre familier. Fra at finde den rette organisation til tips om kulturm\u00f8det og om at f\u00e5 teenagere godt med, f\u00e5r I et samlet overblik over, hvad der g\u00f8r projektet trygt og vellykket.<\/p>\n<p><img loading=\"lazy\" decoding=\"async\" class=\"aligncenter wp-image-19736 size-medium\" src=\"https:\/\/www.vita-explorers.dk\/blog\/wp-content\/uploads\/2024\/12\/107695164_1357931937735407_4757696997449785457_n-225x300.jpg\" alt=\"Familieophold med L\u00e9anna (13 \u00e5r)\" width=\"225\" height=\"300\" srcset=\"https:\/\/www.vita-explorers.dk\/blog\/wp-content\/uploads\/2024\/12\/107695164_1357931937735407_4757696997449785457_n-225x300.jpg 225w, https:\/\/www.vita-explorers.dk\/blog\/wp-content\/uploads\/2024\/12\/107695164_1357931937735407_4757696997449785457_n.jpg 720w\" sizes=\"(max-width: 225px) 100vw, 225px\" \/><\/p>\n<h2 id=\"pourquoi-mission-adolescents\">Hvorfor tage afsted med teenagere?<\/h2>\n<p style=\"text-align: justify;\"><strong>Styrk familiens f\u00e6lles v\u00e6rdier:<\/strong> <a href=\"https:\/\/www.vita-explorers.dk\/blog\/frivilligt-arbejde-for-unge-i-skoleferierne\/\" target=\"_blank\" rel=\"noopener\">Teenagere<\/a> er i en vigtig fase, hvor deres blik p\u00e5 verden formes. Et solidarisk familieforl\u00f8b kan styrke deres ansvarsf\u00f8lelse, empati og \u00e5benhed. Samtidig kan det skabe t\u00e6ttere familieb\u00e5nd, n\u00e5r man deler b\u00e5de udfordringer, sm\u00e5 sejre og nye indtryk.<\/p>\n<p style=\"text-align: justify;\"><strong>Give unge perspektiv p\u00e5 ulighed:<\/strong> At opleve et land med andre levevilk\u00e5r og se de udfordringer, andre b\u00f8rn m\u00f8der \u2013 is\u00e6r i skolen \u2013 kan give teenagere en mere nuanceret forst\u00e5else af deres egen hverdag og af, hvorfor internationalt engagement og st\u00f8tte kan g\u00f8re en forskel.<\/p>\n<p style=\"text-align: justify;\"><strong>Skabe lyst til varigt engagement:<\/strong> Et f\u00f8rste ophold kan v\u00e6re starten p\u00e5 en l\u00e6ngere rejse. Unge, der tidligt f\u00e5r erfaring med f\u00e6llesskabsorienterede projekter, har ofte lettere ved at engagere sig videre \u2013 gennem frivilligt arbejde hjemme, studievalg eller nye internationale forl\u00f8b.<\/p>\n<h2 id=\"experience-leanna\">L\u00e9annas inspirerende oplevelse (13 \u00e5r) med familien i Dakar<\/h2>\n<h3><strong>Fra id\u00e9 til afrejse: s\u00e5dan startede projektet<\/strong><\/h3>\n<p style=\"text-align: justify;\">L\u00e9annas for\u00e6ldre \u00f8nskede mere end en almindelig turisttur. Med interesse for globalt medborgerskab ledte de efter et forl\u00f8b, der var relevant for familier og realistisk for b\u00f8rnenes alder. Efter kontakt til <a href=\"https:\/\/www.vita-explorers.dk\/association-globalong.html\" target=\"_blank\" rel=\"noopener\">VITA Institute<\/a>, som arbejder med ansvarlige og tilpassede forl\u00f8b, valgte de et ophold i Senegal med fokus p\u00e5 skole og l\u00e6ring.<\/p>\n<h3><strong>Grundig forberedelse giver et bedre ophold<\/strong><\/h3>\n<ul>\n<li><strong>Viden om landet:<\/strong> inden afrejse satte familien sig ind i Senegal, historie, kultur, sprog (bl.a. wolof og fransk) og den lokale skolekontekst.<\/li>\n<li><strong>Forberedende opl\u00e6g:<\/strong> de deltog i informationsm\u00f8der og brugte praktiske guides fra organisationen.<\/li>\n<li><strong>Indsamling af skolematerialer:<\/strong> sammen samlede de h\u00e6fter, blyanter, b\u00f8ger og enkelte l\u00e6ringsspil. At inddrage b\u00f8rnene i forberedelsen gjorde det nemmere at forst\u00e5 form\u00e5let og skabte motivation.<\/li>\n<\/ul>\n<p><iframe loading=\"lazy\" title=\"T\u00e9moignage mission humanitaire - Marie-Lou et son papa au Sri Lanka\" width=\"500\" height=\"281\" src=\"https:\/\/www.youtube.com\/embed\/zxVe_4u1c1I?feature=oembed\" frameborder=\"0\" allow=\"accelerometer; autoplay; clipboard-write; encrypted-media; gyroscope; picture-in-picture; web-share\" referrerpolicy=\"strict-origin-when-cross-origin\" allowfullscreen><\/iframe><\/p>\n<h3><strong>Ankomst til Dakar: kulturm\u00f8de og g\u00e6stfrihed<\/strong><\/h3>\n<p style=\"text-align: justify;\">Allerede i lufthavnen blev familien m\u00f8dt varmt, hvilket gav ro fra start. De boede i et levende kvarter t\u00e6t p\u00e5 skolen i et hus, de delte med andre deltagere. L\u00e9anna m\u00f8dte en hverdag med store kontraster \u2013 travle markeder, smil i gaderne og rutiner, der l\u00e5 langt fra det, hun kendte. Den tidlige immersion gjorde det lettere for b\u00e5de hende og resten af familien at falde til.<\/p>\n<h2 id=\"mission-ecole-dakar\">Det solidariske forl\u00f8b p\u00e5 en skole i Dakar<\/h2>\n<h3><strong>At st\u00f8tte l\u00e6rere og elever<\/strong><\/h3>\n<ul>\n<li><strong>L\u00e9annas rolle (13 \u00e5r):<\/strong> st\u00f8tte i undervisningen, hj\u00e6lp til lektier, kreative aktiviteter (tegning, sm\u00e5 historier), samt l\u00e6ringslege i frikvartererne.<\/li>\n<li><strong>Lilles\u00f8steren (6 \u00e5r):<\/strong> selv om hun var lille, legede hun med b\u00f8rnene og delte mange spontane \u00f8jeblikke, som gjorde m\u00f8det p\u00e5 tv\u00e6rs af sprog og kultur lettere.<\/li>\n<li><strong>For\u00e6ldrene som rammes\u00e6ttere:<\/strong> p\u00e6dagogiske input til l\u00e6rere, let istands\u00e6ttelse af klasselokaler (maling, reparation af b\u00e6nke) og dialog med skolens ledelse for at forst\u00e5 behovene bedre.<\/li>\n<\/ul>\n<h3><strong>En skole som samlingspunkt<\/strong><\/h3>\n<p style=\"text-align: justify;\">Skolen, som L\u00e9annas familie st\u00f8ttede, var mere end et sted for undervisning. Den fungerede ogs\u00e5 som et lokalt samlingspunkt:<\/p>\n<ul>\n<li>Der blev j\u00e6vnligt holdt voksenundervisning (l\u00e6se- og skrivekurser samt praktiske workshops).<\/li>\n<li>Skolens rammer blev brugt som m\u00f8dested for beboere i omr\u00e5det og bidrog til socialt f\u00e6llesskab.<\/li>\n<\/ul>\n<h2 id=\"defis-terrain\">Udfordringer i praksis: at omstille sig og l\u00e6re<\/h2>\n<h3><strong>Enkle forhold og nye erkendelser<\/strong><\/h3>\n<p style=\"text-align: justify;\">Begr\u00e6nset adgang til rindende vand, str\u00f8mafbrydelser og mangel p\u00e5 skoleudstyr kom bag p\u00e5 familien. Oplevelsen gjorde det tydeligt for L\u00e9anna og hendes for\u00e6ldre, hvor meget ressourcer betyder. Samtidig lagde de m\u00e6rke til elevernes og l\u00e6rernes energi, robusthed og livsgl\u00e6de \u2013 ogs\u00e5 n\u00e5r rammerne var knappe.<\/p>\n<h3><strong>Store klasser og f\u00e5 midler<\/strong><\/h3>\n<p style=\"text-align: justify;\">At se en l\u00e6rer undervise mere end 50 elever i \u00e9t lokale gjorde indtryk. Alligevel styrkede det familiens oplevelse af, at selv sm\u00e5 bidrag kan have v\u00e6rdi. Udvekslingen af p\u00e6dagogiske metoder mellem L\u00e9annas for\u00e6ldre og l\u00e6rerne gav id\u00e9er, der kunne bygges videre p\u00e5.<\/p>\n<div class=\"ti-widget ti-goog\" data-layout-id=\"4\" data-set-id=\"light-background\" data-pid=\"\" data-language=\"fr\" data-version=\"2\" data-review-target-width=\"300\" data-review-text-mode=\"readmore\" data-pager-autoplay-timeout=\"6\" > <div class=\"ti-widget-container ti-col-3\"> <div class=\"ti-reviews-container\"> <div class=\"ti-controls\"> <div class=\"ti-next\" aria-label=\"Avis suivante\" role=\"button\"><\/div> <div class=\"ti-prev\" aria-label=\"Avis pr\u00e9c\u00e9dent\" role=\"button\"><\/div> <\/div> <div class=\"ti-reviews-container-wrapper\">  <div data-empty=\"0\" class=\"ti-review-item source-Google ti-image-layout-thumbnail\" data-id=\"cfcd208495d565ef66e7dff9f98764da\" > <div class=\"ti-inner\"> <div class=\"ti-review-header\"> <div class=\"ti-profile-img\"> <img decoding=\"async\" src=\"https:\/\/lh3.googleusercontent.com\/a\/ACg8ocKpaoKe37CD0_POxO97KqB60GsWQRsIuG2vmCfXT-W_FY44vw=s120-c-rp-mo-br100\" srcset=\"https:\/\/lh3.googleusercontent.com\/a\/ACg8ocKpaoKe37CD0_POxO97KqB60GsWQRsIuG2vmCfXT-W_FY44vw=s120-c-rp-mo-br100 2x\" alt=\"Lucie Correia\" loading=\"lazy\" \/> <\/div> <div class=\"ti-profile-details\"> <div class=\"ti-name\"> Lucie Correia <\/div> <div class=\"ti-date\">2024-10-17<\/div> <\/div> <\/div> <span class=\"ti-stars\"><span class=\"ti-star f\"><\/span><span class=\"ti-star f\"><\/span><span class=\"ti-star f\"><\/span><span class=\"ti-star f\"><\/span><span class=\"ti-star f\"><\/span><\/span> <div class=\"ti-review-text-container ti-review-content\"><!-- R-CONTENT -->La communication avec Globalong est super, personnes tr\u00e8s pr\u00e9sentes pour les b\u00e9n\u00e9voles et \u00e9tudiants partant avec cette association. Elles r\u00e9pondent \u00e0 toutes nos questions et sont tr\u00e8s accessibles au t\u00e9l\u00e9phone.<!-- R-CONTENT --><\/div> <span class=\"ti-read-more\" data-container=\".ti-review-content\" data-collapse-text=\"Cacher\" data-open-text=\"Lire la suite\" ><\/span> <\/div> <\/div>  <div data-empty=\"0\" class=\"ti-review-item source-Google ti-image-layout-thumbnail\" data-id=\"cfcd208495d565ef66e7dff9f98764da\" > <div class=\"ti-inner\"> <div class=\"ti-review-header\"> <div class=\"ti-profile-img\"> <img decoding=\"async\" src=\"https:\/\/lh3.googleusercontent.com\/a-\/ALV-UjWqnnzM7-7c9BDqeTDF-a7pOgNjvLkJ3WshRd_Tn7z0Eu-AGQwo=s120-c-rp-mo-br100\" srcset=\"https:\/\/lh3.googleusercontent.com\/a-\/ALV-UjWqnnzM7-7c9BDqeTDF-a7pOgNjvLkJ3WshRd_Tn7z0Eu-AGQwo=s120-c-rp-mo-br100 2x\" alt=\"Ra\u00efssa Frisch\" loading=\"lazy\" \/> <\/div> <div class=\"ti-profile-details\"> <div class=\"ti-name\"> Ra\u00efssa Frisch <\/div> <div class=\"ti-date\">2024-10-14<\/div> <\/div> <\/div> <span class=\"ti-stars\"><span class=\"ti-star f\"><\/span><span class=\"ti-star f\"><\/span><span class=\"ti-star f\"><\/span><span class=\"ti-star f\"><\/span><span class=\"ti-star f\"><\/span><\/span> <div class=\"ti-review-text-container ti-review-content\"><!-- R-CONTENT -->J\u2019ai d\u00e9j\u00e0 eu l\u2019opportunit\u00e9 de r\u00e9aliser deux projets humanitaires avec l\u2019association Globalong. Je ne peux que la recommander, car j\u2019ai toujours b\u00e9n\u00e9fici\u00e9 d\u2019un excellent accompagnement, aussi bien avant que pendant le voyage. On ne vous laisse pas vous d\u00e9brouiller seuls, bien au contraire, vous \u00eates tr\u00e8s bien encadr\u00e9s pour accomplir toutes les d\u00e9marches dans les d\u00e9lais.\n\nAu-del\u00e0 du suivi, les exp\u00e9riences humanitaires propos\u00e9es par Globalong ne peuvent que transformer votre vie de mani\u00e8re positive. Elles vous apportent une richesse humaine inestimable.<!-- R-CONTENT --><\/div> <span class=\"ti-read-more\" data-container=\".ti-review-content\" data-collapse-text=\"Cacher\" data-open-text=\"Lire la suite\" ><\/span> <\/div> <\/div>  <div data-empty=\"0\" class=\"ti-review-item source-Google ti-image-layout-thumbnail\" data-id=\"cfcd208495d565ef66e7dff9f98764da\" > <div class=\"ti-inner\"> <div class=\"ti-review-header\"> <div class=\"ti-profile-img\"> <img decoding=\"async\" src=\"https:\/\/lh3.googleusercontent.com\/a\/ACg8ocJL-Dxv25YkXK2QwWPNRxTVqZCv5uTmDQDFg5qslKra3vRZew=s120-c-rp-mo-br100\" srcset=\"https:\/\/lh3.googleusercontent.com\/a\/ACg8ocJL-Dxv25YkXK2QwWPNRxTVqZCv5uTmDQDFg5qslKra3vRZew=s120-c-rp-mo-br100 2x\" alt=\"Tara Turan\" loading=\"lazy\" \/> <\/div> <div class=\"ti-profile-details\"> <div class=\"ti-name\"> Tara Turan <\/div> <div class=\"ti-date\">2024-10-14<\/div> <\/div> <\/div> <span class=\"ti-stars\"><span class=\"ti-star f\"><\/span><span class=\"ti-star f\"><\/span><span class=\"ti-star f\"><\/span><span class=\"ti-star f\"><\/span><span class=\"ti-star f\"><\/span><\/span> <div class=\"ti-review-text-container ti-review-content\"><!-- R-CONTENT -->Une des meilleures associations que j\u2019ai pu faire !\nUne organisation et un suivi vraiment parfait, c\u2019est avec grand plaisir que je referai un projet avec eux.<!-- R-CONTENT --><\/div> <span class=\"ti-read-more\" data-container=\".ti-review-content\" data-collapse-text=\"Cacher\" data-open-text=\"Lire la suite\" ><\/span> <\/div> <\/div>  <div data-empty=\"0\" class=\"ti-review-item source-Google ti-image-layout-thumbnail\" data-id=\"cfcd208495d565ef66e7dff9f98764da\" > <div class=\"ti-inner\"> <div class=\"ti-review-header\"> <div class=\"ti-profile-img\"> <img decoding=\"async\" src=\"https:\/\/lh3.googleusercontent.com\/a\/ACg8ocLctTPNovSk3eKM0b_MIPOfcFEQsz2135Cdu59_BWRVsIYC7Q=s120-c-rp-mo-br100\" srcset=\"https:\/\/lh3.googleusercontent.com\/a\/ACg8ocLctTPNovSk3eKM0b_MIPOfcFEQsz2135Cdu59_BWRVsIYC7Q=s120-c-rp-mo-br100 2x\" alt=\"Repiquet Julie\" loading=\"lazy\" \/> <\/div> <div class=\"ti-profile-details\"> <div class=\"ti-name\"> Repiquet Julie <\/div> <div class=\"ti-date\">2024-10-13<\/div> <\/div> <\/div> <span class=\"ti-stars\"><span class=\"ti-star f\"><\/span><span class=\"ti-star f\"><\/span><span class=\"ti-star f\"><\/span><span class=\"ti-star f\"><\/span><span class=\"ti-star f\"><\/span><\/span> <div class=\"ti-review-text-container ti-review-content\"><!-- R-CONTENT -->Tr\u00e8s bon accompagnement de la part de Globalong, du premier jour avec toutes mes interrogations, jusqu'au d\u00e9part dans quelques jours. Le dossier transmis apr\u00e8s validation de la mission est plus que complet, les webmaster tr\u00e8s int\u00e9ressantes et permettent de d\u00e9charger mentalement ce genre de pr\u00e9paration, tout est pr\u00e9vu il n'y a plus qu'\u00e0 suivre ! Merci \u00e0 Florence de r\u00e9pondre \u00e0 toutes mes questions avec gentillesse et bienveillance, cela m'a permis de passer le cap!\nMaintenant, il n'y a plus qu'\u00e0 \ud83d\ude00<!-- R-CONTENT --><\/div> <span class=\"ti-read-more\" data-container=\".ti-review-content\" data-collapse-text=\"Cacher\" data-open-text=\"Lire la suite\" ><\/span> <\/div> <\/div>  <div data-empty=\"0\" class=\"ti-review-item source-Google ti-image-layout-thumbnail\" data-id=\"cfcd208495d565ef66e7dff9f98764da\" > <div class=\"ti-inner\"> <div class=\"ti-review-header\"> <div class=\"ti-profile-img\"> <img decoding=\"async\" src=\"https:\/\/lh3.googleusercontent.com\/a\/ACg8ocJJTdmTWs8nAA0yuH_cKOUgzc6GFAkHBiXhpnnVYXaWMBZsHw=s120-c-rp-mo-br100\" srcset=\"https:\/\/lh3.googleusercontent.com\/a\/ACg8ocJJTdmTWs8nAA0yuH_cKOUgzc6GFAkHBiXhpnnVYXaWMBZsHw=s120-c-rp-mo-br100 2x\" alt=\"Marine Guilhamat\" loading=\"lazy\" \/> <\/div> <div class=\"ti-profile-details\"> <div class=\"ti-name\"> Marine Guilhamat <\/div> <div class=\"ti-date\">2024-10-09<\/div> <\/div> <\/div> <span class=\"ti-stars\"><span class=\"ti-star f\"><\/span><span class=\"ti-star f\"><\/span><span class=\"ti-star f\"><\/span><span class=\"ti-star f\"><\/span><span class=\"ti-star f\"><\/span><\/span> <div class=\"ti-review-text-container ti-review-content\"><!-- R-CONTENT -->Tr\u00e8s belle association qui offre un cadre super s\u00e9curisant et permet de s\u2019investir dans des projets qui ont du sens. Merci \u00e0 l\u2019\u00e9quipe Globalong pour votre disponibilit\u00e9, gentillesse et accompagnement !<!-- R-CONTENT --><\/div> <span class=\"ti-read-more\" data-container=\".ti-review-content\" data-collapse-text=\"Cacher\" data-open-text=\"Lire la suite\" ><\/span> <\/div> <\/div>  <div data-empty=\"0\" class=\"ti-review-item source-Google ti-image-layout-thumbnail\" data-id=\"cfcd208495d565ef66e7dff9f98764da\" > <div class=\"ti-inner\"> <div class=\"ti-review-header\"> <div class=\"ti-profile-img\"> <img decoding=\"async\" src=\"https:\/\/lh3.googleusercontent.com\/a\/ACg8ocIgITHXKo46qgJyPqlJeAcxz11gCKUJpGIk2qauiIe2O3iZ6w=s120-c-rp-mo-br100\" srcset=\"https:\/\/lh3.googleusercontent.com\/a\/ACg8ocIgITHXKo46qgJyPqlJeAcxz11gCKUJpGIk2qauiIe2O3iZ6w=s120-c-rp-mo-br100 2x\" alt=\"Laura Mercier\" loading=\"lazy\" \/> <\/div> <div class=\"ti-profile-details\"> <div class=\"ti-name\"> Laura Mercier <\/div> <div class=\"ti-date\">2024-10-08<\/div> <\/div> <\/div> <span class=\"ti-stars\"><span class=\"ti-star f\"><\/span><span class=\"ti-star f\"><\/span><span class=\"ti-star f\"><\/span><span class=\"ti-star f\"><\/span><span class=\"ti-star f\"><\/span><\/span> <div class=\"ti-review-text-container ti-review-content\"><!-- R-CONTENT -->Mon d\u00e9part approche, je pars dans une semaine, et depuis le d\u00e9but de mon inscription je suis tr\u00e8s satisfaite du suivi effectu\u00e9 par l\u2019association. Ils sont tr\u00e8s disponibles et r\u00e9pondent rapidement \u00e0 l\u2019ensemble des questions. Je suis tr\u00e8s contente de partir faire cette mission humanitaire encadr\u00e9e par cette association. Je recommande vraiment.<!-- R-CONTENT --><\/div> <span class=\"ti-read-more\" data-container=\".ti-review-content\" data-collapse-text=\"Cacher\" data-open-text=\"Lire la suite\" ><\/span> <\/div> <\/div>  <div data-empty=\"0\" class=\"ti-review-item source-Google ti-image-layout-thumbnail\" data-id=\"cfcd208495d565ef66e7dff9f98764da\" > <div class=\"ti-inner\"> <div class=\"ti-review-header\"> <div class=\"ti-profile-img\"> <img decoding=\"async\" src=\"https:\/\/lh3.googleusercontent.com\/a-\/ALV-UjVVr0YMQhXl8QNEEB32l-rnoaYwvRZUjIEX9OEwPE_1fQwzIyk=s120-c-rp-mo-br100\" srcset=\"https:\/\/lh3.googleusercontent.com\/a-\/ALV-UjVVr0YMQhXl8QNEEB32l-rnoaYwvRZUjIEX9OEwPE_1fQwzIyk=s120-c-rp-mo-br100 2x\" alt=\"Anouk Rzkt\" loading=\"lazy\" \/> <\/div> <div class=\"ti-profile-details\"> <div class=\"ti-name\"> Anouk Rzkt <\/div> <div class=\"ti-date\">2024-10-02<\/div> <\/div> <\/div> <span class=\"ti-stars\"><span class=\"ti-star f\"><\/span><span class=\"ti-star f\"><\/span><span class=\"ti-star f\"><\/span><span class=\"ti-star f\"><\/span><span class=\"ti-star f\"><\/span><\/span> <div class=\"ti-review-text-container ti-review-content\"><!-- R-CONTENT -->Globalong est l'association parfaite. L'\u00e9quipe offre un v\u00e9ritable accompagnement rythm\u00e9 par beaucoup de conseils et d'\u00e9coute. Le site est tr\u00e8s bien fait avec des dossiers complets allant des sujets tr\u00e8s pratiques a d'autres plus th\u00e9oriques (tels que le choc culturel par exemple). Je recommande vivement et remercie sinc\u00e8rement toute l'\u00e9quipe pour leur gentillesse et investissement !<!-- R-CONTENT --><\/div> <span class=\"ti-read-more\" data-container=\".ti-review-content\" data-collapse-text=\"Cacher\" data-open-text=\"Lire la suite\" ><\/span> <\/div> <\/div>  <\/div> <div class=\"ti-controls-line\"> <div class=\"dot\"><\/div> <\/div> <\/div> <div class=\"ti-footer\"> <div class=\"ti-rating-text\"> <span class=\"nowrap\">\u00c9valuation <strong>Google<\/strong> : <\/span><span class=\"nowrap\"><strong>4.8<\/strong> sur 5, <\/span><span class=\"nowrap\">Bas\u00e9e sur <strong>240 avis<\/strong><\/span> <\/div> <\/div>  <\/div> <\/div> \n<h2 id=\"moments-forts\">H\u00f8jdepunkter og minder, der bliver h\u00e6ngende<\/h2>\n<h3><strong>En f\u00e6lles f\u00f8dselsdagsfest<\/strong><\/h3>\n<p style=\"text-align: justify;\">Familien arrangerede en fest for b\u00f8rn, der aldrig f\u00f8r havde fejret f\u00f8dselsdag. Programmet b\u00f8d p\u00e5 lege, sm\u00e5 gaver, sang og dans. Et enkelt, men st\u00e6rkt \u00f8jeblik, som satte sig hos alle.<\/p>\n<h3><strong>Et kulturelt indslag som tak<\/strong><\/h3>\n<p style=\"text-align: justify;\">Eleverne forberedte et show med sange og traditionelle danse for at sige tak. Et fint eksempel p\u00e5 gensidighed, hvor der var udveksling i begge retninger \u2013 og hvor alle tog noget med sig hjem.<\/p>\n<h2 id=\"impact-durable\">Varig betydning for L\u00e9anna og familien<\/h2>\n<h3><strong>Et mere nuanceret blik p\u00e5 verden<\/strong><\/h3>\n<p style=\"text-align: justify;\">Tilbage i Frankrig ser L\u00e9anna verden p\u00e5 en ny m\u00e5de. Hun ved nu, at adgang til skole og l\u00e6ring ikke er en selvf\u00f8lge for alle. Opholdet gav hende lyst til at engagere sig p\u00e5 l\u00e6ngere sigt \u2013 lokalt eller gennem nye internationale projekter.<\/p>\n<h3><strong>St\u00e6rkere familieb\u00e5nd<\/strong><\/h3>\n<p style=\"text-align: justify;\">For\u00e6ldrene er glade for at have givet deres d\u00f8tre en konkret erfaring med omsorg og f\u00e6llesskab. Opholdet samlede familien: alle bidrog, m\u00f8dte udfordringer, fandt l\u00f8sninger og delte gl\u00e6den i hverdagen. Mindet om rejsen er blevet noget, de har sammen.<\/p>\n<h2 id=\"comment-sengager\">S\u00e5dan engagerer I jer med teenagere: Praktisk guide<\/h2>\n<h3><strong>Find den rigtige organisation<\/strong><\/h3>\n<ul>\n<li><strong>Udv\u00e6lgelseskriterier:<\/strong> erfaring med familieforl\u00f8b, klare rammer og forventninger, gennemsigtighed om \u00f8konomi\/donationer, sikkerhed og st\u00f8tte p\u00e5 stedet.<\/li>\n<li><a href=\"https:\/\/www.vita-explorers.dk\/\" target=\"_blank\" rel=\"noopener\"><strong>VITA Institute<\/strong><\/a> tilbyder for eksempel familieforl\u00f8b, der er tilrettelagt med tydelig forberedelse, st\u00f8tte og ansvarlighed.<\/li>\n<\/ul>\n<h3><strong>Forberedelse f\u00f8r afrejse<\/strong><\/h3>\n<ul>\n<li><strong>Kultur og sprog:<\/strong> forst\u00e5 lokal kontekst, skikke, religion og traditioner \u2013 og inddrag gerne teenagere i researchen.<\/li>\n<li><strong>Forberedende m\u00f8der:<\/strong> deltag i informationssessioner, l\u00e6s andres erfaringer og brug relevante fora til at f\u00e5 et realistisk billede.<\/li>\n<li><strong>Indsamling af materialer eller midler:<\/strong> lad teenagere v\u00e6re med til at planl\u00e6gge en indsamling via skole, venner og familie.<\/li>\n<\/ul>\n<h3><strong>P\u00e5 stedet: respekt og fleksibilitet<\/strong><\/h3>\n<ul>\n<li><strong>Se, lyt og forst\u00e5:<\/strong> brug tid p\u00e5 at afl\u00e6se situationen og behovene, f\u00f8r I handler.<\/li>\n<li><strong>Samarbejd med folk p\u00e5 stedet:<\/strong> arbejd side om side med l\u00e6rere, b\u00f8rn og familier i omr\u00e5det.<\/li>\n<li><strong>Gensidighed:<\/strong> husk at anerkende det, man selv f\u00e5r med (r\u00e5d, smil og g\u00e6stfrihed), som en vigtig del af kulturudvekslingen.<\/li>\n<\/ul>\n<h3><strong>Efter opholdet: hold engagementet i live<\/strong><\/h3>\n<ul>\n<li><strong>Del jeres oplevelse:<\/strong> fort\u00e6l i netv\u00e6rket og p\u00e5 sociale medier, og inspir\u00e9r andre familier.<\/li>\n<li><strong>Bevar kontakten:<\/strong> hold forbindelsen til skolen og organisationen, send materialer eller planl\u00e6g et evt. gensyn.<\/li>\n<li><strong>G\u00e5 videre:<\/strong> engag\u00e9r jer lokalt som frivillige, st\u00f8t andre forl\u00f8b eller deltag i borgerdrevne initiativer.<\/li>\n<\/ul>\n<p><img loading=\"lazy\" decoding=\"async\" class=\"aligncenter wp-image-8530 size-medium\" src=\"https:\/\/www.vita-explorers.dk\/blog\/wp-content\/uploads\/2018\/01\/Lac-Rose-au-Senegal-globalong-min-300x169.jpg\" alt=\"Frivilligt arbejde i Senegal\" width=\"300\" height=\"169\" srcset=\"https:\/\/www.vita-explorers.dk\/blog\/wp-content\/uploads\/2018\/01\/Lac-Rose-au-Senegal-globalong-min-300x169.jpg 300w, https:\/\/www.vita-explorers.dk\/blog\/wp-content\/uploads\/2018\/01\/Lac-Rose-au-Senegal-globalong-min-768x432.jpg 768w, https:\/\/www.vita-explorers.dk\/blog\/wp-content\/uploads\/2018\/01\/Lac-Rose-au-Senegal-globalong-min-1024x576.jpg 1024w, https:\/\/www.vita-explorers.dk\/blog\/wp-content\/uploads\/2018\/01\/Lac-Rose-au-Senegal-globalong-min-150x84.jpg 150w\" sizes=\"(max-width: 300px) 100vw, 300px\" \/><\/p>\n<h2 id=\"faq\">FAQ om internationale forl\u00f8b med teenagere<\/h2>\n<p><strong>Hvad er den ideelle varighed?<\/strong><br \/>\n2 til 5 uger for en f\u00f8rste oplevelse, s\u00e5 der er tid til at falde til, l\u00e6re og bidrage uden at blive k\u00f8rt tr\u00e6t.<\/p>\n<p><strong>Hvor gamle kan b\u00f8rn v\u00e6re?<\/strong><br \/>\nFra ca. 5\u20136 \u00e5r kan man deltage som familie, men fra 12\u201313 \u00e5r er det typisk lettere at f\u00e5 en mere aktiv og selvst\u00e6ndig rolle.<\/p>\n<p><strong>Hvordan kan man finansiere et ophold?<\/strong><br \/>\nIndsamlinger, sponsorater, private donationer og lokale st\u00f8ttearrangementer (fx loppemarked eller velg\u00f8renhedssalg). Teenagere kan med fordel v\u00e6re med til at drive processen.<\/p>\n<p><strong>Hvilke kompetencer kr\u00e6ver det?<\/strong><br \/>\nDer kr\u00e6ves ingen s\u00e6rlige faglige kompetencer. Det vigtigste er motivation, omstillingsparathed og evnen til at lytte.<\/p>\n<p><strong>Hvordan v\u00e6lger man destination og omr\u00e5de?<\/strong><br \/>\nV\u00e6lg et stabilt land, et omr\u00e5de der passer til familien (fx skole og lokalsamfundsst\u00f8tte), og lad jer guide af organisationens anbefalinger.<\/p>\n<h2 id=\"globalong\">Kom videre med VITA Institute<\/h2>\n<p style=\"text-align: justify;\"><strong>Kontakt VITA Institute i dag:<\/strong> Vil I ogs\u00e5 give jeres rejser mere mening \u2013 og kombinere kulturudveksling med et ansvarligt familieophold i udlandet? <a href=\"https:\/\/www.vita-explorers.dk\/#tel-contact-form-glob\" target=\"_blank\" rel=\"noopener\">Klik her<\/a> for at h\u00f8re mere om forl\u00f8b, der er tilpasset familier og teenagere. Vi st\u00f8tter jer fra forberedelse til opf\u00f8lgning p\u00e5 stedet, s\u00e5 I kan f\u00e5 en tryg, l\u00e6rerig og ansvarlig oplevelse.<\/p>\n<p><iframe loading=\"lazy\" title=\"Depuis une recherche sur Google jusqu&#039;aux rencontres sur le terrain...\" width=\"422\" height=\"750\" src=\"https:\/\/www.youtube.com\/embed\/pxgJbMqEHIE?feature=oembed\" frameborder=\"0\" allow=\"accelerometer; autoplay; clipboard-write; encrypted-media; gyroscope; picture-in-picture; web-share\" referrerpolicy=\"strict-origin-when-cross-origin\" allowfullscreen><\/iframe><\/p>\n<h2 id=\"conclusion\">Konklusion: et menneskeligt, l\u00e6rende og inspirerende ophold<\/h2>\n<p style=\"text-align: justify;\">L\u00e9annas oplevelse som 13-\u00e5rig i Dakar viser, hvor meningsfuldt et familieengagement kan v\u00e6re \u2013 is\u00e6r n\u00e5r teenagere er en aktiv del af det. Ud over den konkrete st\u00f8tte til skolen gav opholdet familien en st\u00e6rkere forst\u00e5else for solidaritet, tolerance og m\u00f8det mellem kulturer.<\/p>\n<p style=\"text-align: justify;\">Med r\u00e5dene i denne guide, en god forberedelse og valg af en seri\u00f8s organisation som VITA Institute kan I skabe et internationalt forl\u00f8b, der b\u00e5de er l\u00e6rerigt og b\u00e6redygtigt i sin tilgang. For mange bliver det starten p\u00e5 et varigt engagement \u2013 og et f\u00e6lles minde, der f\u00f8lger familien l\u00e6nge.<\/p>\n<hr \/>\n<h3>Supplerende ressourcer:<\/h3>\n<ul>\n<li style=\"list-style-type: none;\">\n<ul>\n<li><a href=\"https:\/\/www.vita-explorers.dk\/blog\/avis-globalong\/\" target=\"_blank\" rel=\"noopener\">L\u00e6s flere oplevelser fra deltagere<\/a><\/li>\n<li><a href=\"https:\/\/www.vita-explorers.dk\/blog\/humanitaer-rejse-et-missions-en-famille\/\" target=\"_blank\" rel=\"noopener\">Praktisk guide til frivilligt arbejde i udlandet som familie<\/a><\/li>\n<li><a href=\"https:\/\/www.vita-explorers.dk\/blog\/kulturchok-det-er-helt-normalt\/\" target=\"_blank\" rel=\"noopener\">S\u00e5dan forbereder I teenagere p\u00e5 kulturchok<\/a><\/li>\n<\/ul>\n<\/li>\n<\/ul>\n<p style=\"text-align: center;\"><strong>Vil du vide mere om VITA Institute og vores community, s\u00e5 find os p\u00e5 <a href=\"https:\/\/www.instagram.com\/globalongofficiel\/\">Instagram<\/a>, <a href=\"https:\/\/www.facebook.com\/globalong\">Facebook<\/a>, <a href=\"https:\/\/www.linkedin.com\/company\/5113177\/admin\/feed\/posts\/\">LinkedIn<\/a> og <a href=\"https:\/\/www.youtube.com\/c\/globalong\/videos\">YouTube<\/a>!<\/strong><\/p>\n<p><!-- Fin de l'article --><\/p>\n<p><!-- Donn\u00e9es structur\u00e9es Article --><br \/>\n<script type=\"application\/ld+json\">\n{\n  \"@context\": \"https:\/\/schema.org\",\n  \"@type\": \"Article\",\n  \"mainEntityOfPage\": {\n    \"@type\": \"WebPage\",\n    \"@id\": \"https:\/\/www.vita-explorers.dk\/blog\/\"\n  },\n  \"headline\": \"Frivilligt arbejde i udlandet med teenagere: erfaringer, konkrete r\u00e5d og en komplet guide\",\n  \"description\": \"L\u00e6s om L\u00e9anna (13 \u00e5r) og hendes families oplevelse p\u00e5 et solidarisk forl\u00f8b i Senegal \u2013 og f\u00e5 konkrete r\u00e5d og ressourcer til at planl\u00e6gge et ansvarligt familieophold i udlandet med teenagere.\",\n  \"image\": \"https:\/\/www.vita-explorers.dk\/blog\/wp-content\/uploads\/2024\/12\/108005839_1357931744402093_9188697762123803237_n-300x225.jpg\",\n  \"author\": {\n    \"@type\": \"Organization\",\n    \"name\": \"VITA Institute\",\n    \"url\": \"https:\/\/www.vita-explorers.dk\"\n  },\n  \"publisher\": {\n    \"@type\": \"Organization\",\n    \"name\": \"VITA Institute\",\n    \"logo\": {\n      \"@type\": \"ImageObject\",\n      \"url\": \"https:\/\/www.vita-explorers.dk\/blog\/wp-content\/uploads\/2020\/09\/logo-globalong.png\"\n    }\n  },\n  \"datePublished\": \"2024-12-25T08:00:00+00:00\",\n  \"dateModified\": \"2024-12-25T08:00:00+00:00\"\n}\n<\/script><\/p>\n<p><!-- Donn\u00e9es structur\u00e9es FAQ --><br \/>\n<script type=\"application\/ld+json\">\n{\n  \"@context\": \"https:\/\/schema.org\",\n  \"@type\": \"FAQPage\",\n  \"mainEntity\": [{\n    \"@type\": \"Question\",\n    \"name\": \"Hvad er den ideelle varighed?\",\n    \"acceptedAnswer\": {\n      \"@type\": \"Answer\",\n      \"text\": \"2 til 5 uger for en f\u00f8rste oplevelse, s\u00e5 der er tid til at falde til, l\u00e6re og bidrage uden at blive k\u00f8rt tr\u00e6t.\"\n    }\n  },{\n    \"@type\": \"Question\",\n    \"name\": \"Hvor gamle kan b\u00f8rn v\u00e6re?\",\n    \"acceptedAnswer\": {\n      \"@type\": \"Answer\",\n      \"text\": \"Fra ca. 5\u20136 \u00e5r kan man deltage som familie, men fra 12\u201313 \u00e5r er det typisk lettere at f\u00e5 en mere aktiv og selvst\u00e6ndig rolle.\"\n    }\n  },{\n    \"@type\": \"Question\",\n    \"name\": \"Hvordan kan man finansiere et ophold?\",\n    \"acceptedAnswer\": {\n      \"@type\": \"Answer\",\n      \"text\": \"Indsamlinger, sponsorater, private donationer og lokale st\u00f8ttearrangementer (fx loppemarked eller velg\u00f8renhedssalg). Teenagere kan med fordel v\u00e6re med til at drive processen.\"\n    }\n  },{\n    \"@type\": \"Question\",\n    \"name\": \"Hvilke kompetencer kr\u00e6ver det?\",\n    \"acceptedAnswer\": {\n      \"@type\": \"Answer\",\n      \"text\": \"Der kr\u00e6ves ingen s\u00e6rlige faglige kompetencer. Det vigtigste er motivation, omstillingsparathed og evnen til at lytte.\"\n    }\n  },{\n    \"@type\": \"Question\",\n    \"name\": \"Hvordan v\u00e6lger man destination og omr\u00e5de?\",\n    \"acceptedAnswer\": {\n      \"@type\": \"Answer\",\n      \"text\": \"V\u00e6lg et stabilt land, et omr\u00e5de der passer til familien (fx skole og lokalsamfundsst\u00f8tte), og lad jer guide af organisationens anbefalinger.\"\n    }\n  }]\n}\n<\/script><\/p>\n","protected":false},"excerpt":{"rendered":"<p>Frivilligt arbejde i udlandet med teenagere: erfaringer, konkrete r\u00e5d og en komplet guide til et godt familieforl\u00f8b Indholdsfortegnelse Introduktion: At give familiens engagement mening\u2026<\/p>\n","protected":false},"author":7,"featured_media":8528,"comment_status":"open","ping_status":"open","sticky":false,"template":"","format":"standard","meta":{"footnotes":""},"categories":[8,6,4],"tags":[],"yoast_head":"<!-- This site is optimized with the Yoast SEO Premium plugin v23.4 (Yoast SEO v23.4) - https:\/\/yoast.com\/wordpress\/plugins\/seo\/ -->\n<title>L\u00e9anna p\u00e5 internationalt forl\u00f8b: et familieeventyr som 13-\u00e5rig - VITA Explorers Blog<\/title>\n<meta name=\"description\" content=\"D\u00e9couvrez l&#039;histoire inspirante de L\u00e9anna, une adolescente de 13 ans qui a r\u00e9alis\u00e9 une mission humanitaire en famille \u00e0 Dakar.\" \/>\n<meta name=\"robots\" content=\"index, follow, max-snippet:-1, max-image-preview:large, max-video-preview:-1\" \/>\n<link rel=\"canonical\" href=\"https:\/\/www.vita-explorers.dk\/blog\/humanitaert-forloeb-med-teenagere\/\" \/>\n<meta property=\"og:locale\" content=\"da_DK\" \/>\n<meta property=\"og:type\" content=\"article\" \/>\n<meta property=\"og:title\" content=\"Humanit\u00e6rt ophold for teenagere\" \/>\n<meta property=\"og:description\" content=\"D\u00e9couvrez l&#039;histoire inspirante de L\u00e9anna, une adolescente de 13 ans qui a r\u00e9alis\u00e9 une mission humanitaire en famille \u00e0 Dakar.\" \/>\n<meta property=\"og:url\" content=\"https:\/\/www.vita-explorers.dk\/blog\/humanitaert-forloeb-med-teenagere\/\" \/>\n<meta property=\"og:site_name\" content=\"VITA Explorers Blog\" \/>\n<meta property=\"article:publisher\" content=\"https:\/\/www.facebook.com\/globalong\" \/>\n<meta property=\"article:published_time\" content=\"2024-12-25T03:55:49+00:00\" \/>\n<meta property=\"article:modified_time\" content=\"2025-09-07T12:48:49+00:00\" \/>\n<meta property=\"og:image\" content=\"https:\/\/www.vita-explorers.dk\/blog\/wp-content\/uploads\/2018\/01\/humanitaire-senegal-globalong-min.jpg\" \/>\n\t<meta property=\"og:image:width\" content=\"1557\" \/>\n\t<meta property=\"og:image:height\" content=\"1003\" \/>\n\t<meta property=\"og:image:type\" content=\"image\/jpeg\" \/>\n<meta name=\"author\" content=\"VITA Tribe\" \/>\n<meta name=\"twitter:card\" content=\"summary_large_image\" \/>\n<meta name=\"twitter:label1\" content=\"Skrevet af\" \/>\n\t<meta name=\"twitter:data1\" content=\"VITA Tribe\" \/>\n\t<meta name=\"twitter:label2\" content=\"Estimeret l\u00e6setid\" \/>\n\t<meta name=\"twitter:data2\" content=\"10 minutter\" \/>\n<script type=\"application\/ld+json\" class=\"yoast-schema-graph\">{\"@context\":\"https:\/\/schema.org\",\"@graph\":[{\"@type\":\"Article\",\"@id\":\"https:\/\/www.vita-explorers.dk\/blog\/humanitaert-forloeb-med-teenagere\/#article\",\"isPartOf\":{\"@id\":\"https:\/\/www.vita-explorers.dk\/blog\/humanitaert-forloeb-med-teenagere\/\"},\"author\":{\"name\":\"VITA Tribe\",\"@id\":\"https:\/\/www.vita-explorers.dk\/blog\/#\/schema\/person\/fc0343a2f2db2ebb2793c1f62dbe73f0\"},\"headline\":\"Humanit\u00e6rt ophold for teenagere\",\"datePublished\":\"2024-12-25T03:55:49+00:00\",\"dateModified\":\"2025-09-07T12:48:49+00:00\",\"mainEntityOfPage\":{\"@id\":\"https:\/\/www.vita-explorers.dk\/blog\/humanitaert-forloeb-med-teenagere\/\"},\"wordCount\":1780,\"commentCount\":0,\"publisher\":{\"@id\":\"https:\/\/www.vita-explorers.dk\/blog\/#organization\"},\"image\":{\"@id\":\"https:\/\/www.vita-explorers.dk\/blog\/humanitaert-forloeb-med-teenagere\/#primaryimage\"},\"thumbnailUrl\":\"https:\/\/www.vita-explorers.dk\/blog\/wp-content\/uploads\/2018\/01\/humanitaire-senegal-globalong-min.jpg\",\"articleSection\":[\"Humanit\u00e6rt frivilligt arbejde\",\"Nyheder\",\"VITA Explorers\"],\"inLanguage\":\"da-DK\",\"potentialAction\":[{\"@type\":\"CommentAction\",\"name\":\"Comment\",\"target\":[\"https:\/\/www.vita-explorers.dk\/blog\/humanitaert-forloeb-med-teenagere\/#respond\"]}]},{\"@type\":\"WebPage\",\"@id\":\"https:\/\/www.vita-explorers.dk\/blog\/humanitaert-forloeb-med-teenagere\/\",\"url\":\"https:\/\/www.vita-explorers.dk\/blog\/humanitaert-forloeb-med-teenagere\/\",\"name\":\"L\u00e9anna p\u00e5 internationalt forl\u00f8b: et familieeventyr som 13-\u00e5rig - VITA Explorers Blog\",\"isPartOf\":{\"@id\":\"https:\/\/www.vita-explorers.dk\/blog\/#website\"},\"primaryImageOfPage\":{\"@id\":\"https:\/\/www.vita-explorers.dk\/blog\/humanitaert-forloeb-med-teenagere\/#primaryimage\"},\"image\":{\"@id\":\"https:\/\/www.vita-explorers.dk\/blog\/humanitaert-forloeb-med-teenagere\/#primaryimage\"},\"thumbnailUrl\":\"https:\/\/www.vita-explorers.dk\/blog\/wp-content\/uploads\/2018\/01\/humanitaire-senegal-globalong-min.jpg\",\"datePublished\":\"2024-12-25T03:55:49+00:00\",\"dateModified\":\"2025-09-07T12:48:49+00:00\",\"description\":\"D\u00e9couvrez l'histoire inspirante de L\u00e9anna, une adolescente de 13 ans qui a r\u00e9alis\u00e9 une mission humanitaire en famille \u00e0 Dakar.\",\"breadcrumb\":{\"@id\":\"https:\/\/www.vita-explorers.dk\/blog\/humanitaert-forloeb-med-teenagere\/#breadcrumb\"},\"inLanguage\":\"da-DK\",\"potentialAction\":[{\"@type\":\"ReadAction\",\"target\":[\"https:\/\/www.vita-explorers.dk\/blog\/humanitaert-forloeb-med-teenagere\/\"]}]},{\"@type\":\"ImageObject\",\"inLanguage\":\"da-DK\",\"@id\":\"https:\/\/www.vita-explorers.dk\/blog\/humanitaert-forloeb-med-teenagere\/#primaryimage\",\"url\":\"https:\/\/www.vita-explorers.dk\/blog\/wp-content\/uploads\/2018\/01\/humanitaire-senegal-globalong-min.jpg\",\"contentUrl\":\"https:\/\/www.vita-explorers.dk\/blog\/wp-content\/uploads\/2018\/01\/humanitaire-senegal-globalong-min.jpg\",\"width\":1557,\"height\":1003,\"caption\":\"Mission humanitaire en Famille\"},{\"@type\":\"BreadcrumbList\",\"@id\":\"https:\/\/www.vita-explorers.dk\/blog\/humanitaert-forloeb-med-teenagere\/#breadcrumb\",\"itemListElement\":[{\"@type\":\"ListItem\",\"position\":1,\"name\":\"Accueil\",\"item\":\"https:\/\/www.vita-explorers.dk\/blog\/\"},{\"@type\":\"ListItem\",\"position\":2,\"name\":\"Humanit\u00e6rt ophold for teenagere\"}]},{\"@type\":\"WebSite\",\"@id\":\"https:\/\/www.vita-explorers.dk\/blog\/#website\",\"url\":\"https:\/\/www.vita-explorers.dk\/blog\/\",\"name\":\"Association Globalong\",\"description\":\"Frivilligt arbejde, sprogophold, praktik i udlandet og internationale oplevelser\",\"publisher\":{\"@id\":\"https:\/\/www.vita-explorers.dk\/blog\/#organization\"},\"potentialAction\":[{\"@type\":\"SearchAction\",\"target\":{\"@type\":\"EntryPoint\",\"urlTemplate\":\"https:\/\/www.vita-explorers.dk\/blog\/?s={search_term_string}\"},\"query-input\":{\"@type\":\"PropertyValueSpecification\",\"valueRequired\":true,\"valueName\":\"search_term_string\"}}],\"inLanguage\":\"da-DK\"},{\"@type\":\"Organization\",\"@id\":\"https:\/\/www.vita-explorers.dk\/blog\/#organization\",\"name\":\"Association Globalong\",\"url\":\"https:\/\/www.vita-explorers.dk\/blog\/\",\"logo\":{\"@type\":\"ImageObject\",\"inLanguage\":\"da-DK\",\"@id\":\"https:\/\/www.vita-explorers.dk\/blog\/#\/schema\/logo\/image\/\",\"url\":\"https:\/\/www.globalong.com\/blog\/wp-content\/uploads\/2014\/11\/cropped-cropped-Logo-et-Afrique-Globalong-petite-taille-2.jpg\",\"contentUrl\":\"https:\/\/www.globalong.com\/blog\/wp-content\/uploads\/2014\/11\/cropped-cropped-Logo-et-Afrique-Globalong-petite-taille-2.jpg\",\"width\":512,\"height\":512,\"caption\":\"Association Globalong\"},\"image\":{\"@id\":\"https:\/\/www.vita-explorers.dk\/blog\/#\/schema\/logo\/image\/\"},\"sameAs\":[\"https:\/\/www.facebook.com\/globalong\"]},{\"@type\":\"Person\",\"@id\":\"https:\/\/www.vita-explorers.dk\/blog\/#\/schema\/person\/fc0343a2f2db2ebb2793c1f62dbe73f0\",\"name\":\"VITA Tribe\",\"image\":{\"@type\":\"ImageObject\",\"inLanguage\":\"da-DK\",\"@id\":\"https:\/\/www.vita-explorers.dk\/blog\/#\/schema\/person\/image\/\",\"url\":\"https:\/\/secure.gravatar.com\/avatar\/f7f05026bb439d0c96b30e135e5f852c?s=96&d=mm&r=g\",\"contentUrl\":\"https:\/\/secure.gravatar.com\/avatar\/f7f05026bb439d0c96b30e135e5f852c?s=96&d=mm&r=g\",\"caption\":\"VITA Tribe\"},\"sameAs\":[\"http:\/\/www.globalong.com\"],\"url\":\"https:\/\/www.vita-explorers.dk\/blog\/author\/teamglobalong\/\"}]}<\/script>\n<!-- \/ Yoast SEO Premium plugin. -->","yoast_head_json":{"title":"L\u00e9anna p\u00e5 internationalt forl\u00f8b: et familieeventyr som 13-\u00e5rig - VITA Explorers Blog","description":"D\u00e9couvrez l'histoire inspirante de L\u00e9anna, une adolescente de 13 ans qui a r\u00e9alis\u00e9 une mission humanitaire en famille \u00e0 Dakar.","robots":{"index":"index","follow":"follow","max-snippet":"max-snippet:-1","max-image-preview":"max-image-preview:large","max-video-preview":"max-video-preview:-1"},"canonical":"https:\/\/www.vita-explorers.dk\/blog\/humanitaert-forloeb-med-teenagere\/","og_locale":"da_DK","og_type":"article","og_title":"Humanit\u00e6rt ophold for teenagere","og_description":"D\u00e9couvrez l'histoire inspirante de L\u00e9anna, une adolescente de 13 ans qui a r\u00e9alis\u00e9 une mission humanitaire en famille \u00e0 Dakar.","og_url":"https:\/\/www.vita-explorers.dk\/blog\/humanitaert-forloeb-med-teenagere\/","og_site_name":"VITA Explorers Blog","article_publisher":"https:\/\/www.facebook.com\/globalong","article_published_time":"2024-12-25T03:55:49+00:00","article_modified_time":"2025-09-07T12:48:49+00:00","og_image":[{"width":1557,"height":1003,"url":"https:\/\/www.vita-explorers.dk\/blog\/wp-content\/uploads\/2018\/01\/humanitaire-senegal-globalong-min.jpg","type":"image\/jpeg"}],"author":"VITA Tribe","twitter_card":"summary_large_image","twitter_misc":{"Skrevet af":"VITA Tribe","Estimeret l\u00e6setid":"10 minutter"},"schema":{"@context":"https:\/\/schema.org","@graph":[{"@type":"Article","@id":"https:\/\/www.vita-explorers.dk\/blog\/humanitaert-forloeb-med-teenagere\/#article","isPartOf":{"@id":"https:\/\/www.vita-explorers.dk\/blog\/humanitaert-forloeb-med-teenagere\/"},"author":{"name":"VITA Tribe","@id":"https:\/\/www.vita-explorers.dk\/blog\/#\/schema\/person\/fc0343a2f2db2ebb2793c1f62dbe73f0"},"headline":"Humanit\u00e6rt ophold for teenagere","datePublished":"2024-12-25T03:55:49+00:00","dateModified":"2025-09-07T12:48:49+00:00","mainEntityOfPage":{"@id":"https:\/\/www.vita-explorers.dk\/blog\/humanitaert-forloeb-med-teenagere\/"},"wordCount":1780,"commentCount":0,"publisher":{"@id":"https:\/\/www.vita-explorers.dk\/blog\/#organization"},"image":{"@id":"https:\/\/www.vita-explorers.dk\/blog\/humanitaert-forloeb-med-teenagere\/#primaryimage"},"thumbnailUrl":"https:\/\/www.vita-explorers.dk\/blog\/wp-content\/uploads\/2018\/01\/humanitaire-senegal-globalong-min.jpg","articleSection":["Humanit\u00e6rt frivilligt arbejde","Nyheder","VITA Explorers"],"inLanguage":"da-DK","potentialAction":[{"@type":"CommentAction","name":"Comment","target":["https:\/\/www.vita-explorers.dk\/blog\/humanitaert-forloeb-med-teenagere\/#respond"]}]},{"@type":"WebPage","@id":"https:\/\/www.vita-explorers.dk\/blog\/humanitaert-forloeb-med-teenagere\/","url":"https:\/\/www.vita-explorers.dk\/blog\/humanitaert-forloeb-med-teenagere\/","name":"L\u00e9anna p\u00e5 internationalt forl\u00f8b: et familieeventyr som 13-\u00e5rig - VITA Explorers Blog","isPartOf":{"@id":"https:\/\/www.vita-explorers.dk\/blog\/#website"},"primaryImageOfPage":{"@id":"https:\/\/www.vita-explorers.dk\/blog\/humanitaert-forloeb-med-teenagere\/#primaryimage"},"image":{"@id":"https:\/\/www.vita-explorers.dk\/blog\/humanitaert-forloeb-med-teenagere\/#primaryimage"},"thumbnailUrl":"https:\/\/www.vita-explorers.dk\/blog\/wp-content\/uploads\/2018\/01\/humanitaire-senegal-globalong-min.jpg","datePublished":"2024-12-25T03:55:49+00:00","dateModified":"2025-09-07T12:48:49+00:00","description":"D\u00e9couvrez l'histoire inspirante de L\u00e9anna, une adolescente de 13 ans qui a r\u00e9alis\u00e9 une mission humanitaire en famille \u00e0 Dakar.","breadcrumb":{"@id":"https:\/\/www.vita-explorers.dk\/blog\/humanitaert-forloeb-med-teenagere\/#breadcrumb"},"inLanguage":"da-DK","potentialAction":[{"@type":"ReadAction","target":["https:\/\/www.vita-explorers.dk\/blog\/humanitaert-forloeb-med-teenagere\/"]}]},{"@type":"ImageObject","inLanguage":"da-DK","@id":"https:\/\/www.vita-explorers.dk\/blog\/humanitaert-forloeb-med-teenagere\/#primaryimage","url":"https:\/\/www.vita-explorers.dk\/blog\/wp-content\/uploads\/2018\/01\/humanitaire-senegal-globalong-min.jpg","contentUrl":"https:\/\/www.vita-explorers.dk\/blog\/wp-content\/uploads\/2018\/01\/humanitaire-senegal-globalong-min.jpg","width":1557,"height":1003,"caption":"Mission humanitaire en Famille"},{"@type":"BreadcrumbList","@id":"https:\/\/www.vita-explorers.dk\/blog\/humanitaert-forloeb-med-teenagere\/#breadcrumb","itemListElement":[{"@type":"ListItem","position":1,"name":"Accueil","item":"https:\/\/www.vita-explorers.dk\/blog\/"},{"@type":"ListItem","position":2,"name":"Humanit\u00e6rt ophold for teenagere"}]},{"@type":"WebSite","@id":"https:\/\/www.vita-explorers.dk\/blog\/#website","url":"https:\/\/www.vita-explorers.dk\/blog\/","name":"Association Globalong","description":"Frivilligt arbejde, sprogophold, praktik i udlandet og internationale oplevelser","publisher":{"@id":"https:\/\/www.vita-explorers.dk\/blog\/#organization"},"potentialAction":[{"@type":"SearchAction","target":{"@type":"EntryPoint","urlTemplate":"https:\/\/www.vita-explorers.dk\/blog\/?s={search_term_string}"},"query-input":{"@type":"PropertyValueSpecification","valueRequired":true,"valueName":"search_term_string"}}],"inLanguage":"da-DK"},{"@type":"Organization","@id":"https:\/\/www.vita-explorers.dk\/blog\/#organization","name":"Association Globalong","url":"https:\/\/www.vita-explorers.dk\/blog\/","logo":{"@type":"ImageObject","inLanguage":"da-DK","@id":"https:\/\/www.vita-explorers.dk\/blog\/#\/schema\/logo\/image\/","url":"https:\/\/www.globalong.com\/blog\/wp-content\/uploads\/2014\/11\/cropped-cropped-Logo-et-Afrique-Globalong-petite-taille-2.jpg","contentUrl":"https:\/\/www.globalong.com\/blog\/wp-content\/uploads\/2014\/11\/cropped-cropped-Logo-et-Afrique-Globalong-petite-taille-2.jpg","width":512,"height":512,"caption":"Association Globalong"},"image":{"@id":"https:\/\/www.vita-explorers.dk\/blog\/#\/schema\/logo\/image\/"},"sameAs":["https:\/\/www.facebook.com\/globalong"]},{"@type":"Person","@id":"https:\/\/www.vita-explorers.dk\/blog\/#\/schema\/person\/fc0343a2f2db2ebb2793c1f62dbe73f0","name":"VITA Tribe","image":{"@type":"ImageObject","inLanguage":"da-DK","@id":"https:\/\/www.vita-explorers.dk\/blog\/#\/schema\/person\/image\/","url":"https:\/\/secure.gravatar.com\/avatar\/f7f05026bb439d0c96b30e135e5f852c?s=96&d=mm&r=g","contentUrl":"https:\/\/secure.gravatar.com\/avatar\/f7f05026bb439d0c96b30e135e5f852c?s=96&d=mm&r=g","caption":"VITA Tribe"},"sameAs":["http:\/\/www.globalong.com"],"url":"https:\/\/www.vita-explorers.dk\/blog\/author\/teamglobalong\/"}]}},"_links":{"self":[{"href":"https:\/\/www.vita-explorers.dk\/blog\/wp-json\/wp\/v2\/posts\/19734"}],"collection":[{"href":"https:\/\/www.vita-explorers.dk\/blog\/wp-json\/wp\/v2\/posts"}],"about":[{"href":"https:\/\/www.vita-explorers.dk\/blog\/wp-json\/wp\/v2\/types\/post"}],"author":[{"embeddable":true,"href":"https:\/\/www.vita-explorers.dk\/blog\/wp-json\/wp\/v2\/users\/7"}],"replies":[{"embeddable":true,"href":"https:\/\/www.vita-explorers.dk\/blog\/wp-json\/wp\/v2\/comments?post=19734"}],"version-history":[{"count":7,"href":"https:\/\/www.vita-explorers.dk\/blog\/wp-json\/wp\/v2\/posts\/19734\/revisions"}],"predecessor-version":[{"id":21538,"href":"https:\/\/www.vita-explorers.dk\/blog\/wp-json\/wp\/v2\/posts\/19734\/revisions\/21538"}],"wp:featuredmedia":[{"embeddable":true,"href":"https:\/\/www.vita-explorers.dk\/blog\/wp-json\/wp\/v2\/media\/8528"}],"wp:attachment":[{"href":"https:\/\/www.vita-explorers.dk\/blog\/wp-json\/wp\/v2\/media?parent=19734"}],"wp:term":[{"taxonomy":"category","embeddable":true,"href":"https:\/\/www.vita-explorers.dk\/blog\/wp-json\/wp\/v2\/categories?post=19734"},{"taxonomy":"post_tag","embeddable":true,"href":"https:\/\/www.vita-explorers.dk\/blog\/wp-json\/wp\/v2\/tags?post=19734"}],"curies":[{"name":"wp","href":"https:\/\/api.w.org\/{rel}","templated":true}]}}