{"id":19746,"date":"2024-12-20T17:03:01","date_gmt":"2024-12-20T16:03:01","guid":{"rendered":"https:\/\/www.globalong.com\/blog\/?p=19746"},"modified":"2024-12-23T10:31:35","modified_gmt":"2024-12-23T09:31:35","slug":"international-dag-for-menneskelig-solidaritet-2","status":"publish","type":"post","link":"https:\/\/www.vita-explorers.dk\/blog\/international-dag-for-menneskelig-solidaritet-2\/","title":{"rendered":"International dag for menneskelig solidaritet"},"content":{"rendered":"<h1><strong>20. december \u2013 en vigtig dato for solidaritet<\/strong><\/h1>\n<p style=\"text-align: justify;\">Den 20. december markerer vi FN\u2019s internationale dag for menneskelig <a href=\"https:\/\/www.vita-explorers.dk\/blog\/internationalt-solidaritetsophold\/\" target=\"_blank\" rel=\"noopener\">solidaritet<\/a>. En vigtig dato her ved \u00e5rets slutning i 2024, som minder os om v\u00e6rdier som f\u00e6llesskab, sammenh\u00e6ngskraft og globalt ansvar.<\/p>\n<p style=\"text-align: justify;\">Dagen har en s\u00e6rlig betydning i arbejdet med frivilligt engagement og internationale forl\u00f8b \u2013 og den er ogs\u00e5 relevant for det, vi m\u00f8der i hverdagen.<\/p>\n<p style=\"text-align: justify;\">Men f\u00f8rst: Lad os se n\u00e6rmere p\u00e5, hvad dagen egentlig handler om, og hvorfor solidaritet fortsat er vigtig i verden.<\/p>\n<p><iframe loading=\"lazy\" title=\"Mission d&#039;ergothe\u0301rapie au Sri Lanka avec l&#039;association Globalong\" width=\"500\" height=\"281\" src=\"https:\/\/www.youtube.com\/embed\/bKMw3OiDS_s?feature=oembed\" frameborder=\"0\" allow=\"accelerometer; autoplay; clipboard-write; encrypted-media; gyroscope; picture-in-picture; web-share\" referrerpolicy=\"strict-origin-when-cross-origin\" allowfullscreen><\/iframe><\/p>\n<p>\u00a0<\/p>\n<h2><strong>Den internationale dag for menneskelig solidaritet: Hvorfor?<\/strong><\/h2>\n<h3><strong>Baggrunden:<\/strong><\/h3>\n<p style=\"text-align: justify;\">Dagen blev udr\u00e5bt i 2005 af <a href=\"https:\/\/www.vita-explorers.dk\/blog\/m\u00e5l-for-at-redde-verden-fn\/\" target=\"_blank\" rel=\"noopener\">FN\u2019s Generalforsamling<\/a> for at fremme solidaritet som en grundl\u00e6ggende v\u00e6rdi i menneskelig og social udvikling.<\/p>\n<h3><strong>Form\u00e5let:<\/strong><\/h3>\n<p style=\"text-align: justify;\">Den s\u00e6tter fokus p\u00e5 store samfundsudfordringer som fattigdom samt manglende adgang til sundhed og uddannelse.<\/p>\n<p style=\"text-align: justify;\">I centrum st\u00e5r tanken om, at solidaritet \u2013 sammen med frihed, lighed, tolerance, respekt for biodiversitet og milj\u00f8 samt et f\u00e6lles ansvar \u2013 kan bidrage til mere stabile internationale relationer i det 21. \u00e5rhundrede.<\/p>\n<div class=\"ti-widget ti-goog\" data-layout-id=\"4\" data-set-id=\"light-background\" data-pid=\"\" data-language=\"fr\" data-version=\"2\" data-review-target-width=\"300\" data-review-text-mode=\"readmore\" data-pager-autoplay-timeout=\"6\" > <div class=\"ti-widget-container ti-col-3\"> <div class=\"ti-reviews-container\"> <div class=\"ti-controls\"> <div class=\"ti-next\" aria-label=\"Avis suivante\" role=\"button\"><\/div> <div class=\"ti-prev\" aria-label=\"Avis pr\u00e9c\u00e9dent\" role=\"button\"><\/div> <\/div> <div class=\"ti-reviews-container-wrapper\">  <div data-empty=\"0\" class=\"ti-review-item source-Google ti-image-layout-thumbnail\" data-id=\"cfcd208495d565ef66e7dff9f98764da\" > <div class=\"ti-inner\"> <div class=\"ti-review-header\"> <div class=\"ti-profile-img\"> <img decoding=\"async\" src=\"https:\/\/lh3.googleusercontent.com\/a\/ACg8ocKpaoKe37CD0_POxO97KqB60GsWQRsIuG2vmCfXT-W_FY44vw=s120-c-rp-mo-br100\" srcset=\"https:\/\/lh3.googleusercontent.com\/a\/ACg8ocKpaoKe37CD0_POxO97KqB60GsWQRsIuG2vmCfXT-W_FY44vw=s120-c-rp-mo-br100 2x\" alt=\"Lucie Correia\" loading=\"lazy\" \/> <\/div> <div class=\"ti-profile-details\"> <div class=\"ti-name\"> Lucie Correia <\/div> <div class=\"ti-date\">2024-10-17<\/div> <\/div> <\/div> <span class=\"ti-stars\"><span class=\"ti-star f\"><\/span><span class=\"ti-star f\"><\/span><span class=\"ti-star f\"><\/span><span class=\"ti-star f\"><\/span><span class=\"ti-star f\"><\/span><\/span> <div class=\"ti-review-text-container ti-review-content\"><!-- R-CONTENT -->La communication avec Globalong est super, personnes tr\u00e8s pr\u00e9sentes pour les b\u00e9n\u00e9voles et \u00e9tudiants partant avec cette association. Elles r\u00e9pondent \u00e0 toutes nos questions et sont tr\u00e8s accessibles au t\u00e9l\u00e9phone.<!-- R-CONTENT --><\/div> <span class=\"ti-read-more\" data-container=\".ti-review-content\" data-collapse-text=\"Cacher\" data-open-text=\"Lire la suite\" ><\/span> <\/div> <\/div>  <div data-empty=\"0\" class=\"ti-review-item source-Google ti-image-layout-thumbnail\" data-id=\"cfcd208495d565ef66e7dff9f98764da\" > <div class=\"ti-inner\"> <div class=\"ti-review-header\"> <div class=\"ti-profile-img\"> <img decoding=\"async\" src=\"https:\/\/lh3.googleusercontent.com\/a-\/ALV-UjWqnnzM7-7c9BDqeTDF-a7pOgNjvLkJ3WshRd_Tn7z0Eu-AGQwo=s120-c-rp-mo-br100\" srcset=\"https:\/\/lh3.googleusercontent.com\/a-\/ALV-UjWqnnzM7-7c9BDqeTDF-a7pOgNjvLkJ3WshRd_Tn7z0Eu-AGQwo=s120-c-rp-mo-br100 2x\" alt=\"Ra\u00efssa Frisch\" loading=\"lazy\" \/> <\/div> <div class=\"ti-profile-details\"> <div class=\"ti-name\"> Ra\u00efssa Frisch <\/div> <div class=\"ti-date\">2024-10-14<\/div> <\/div> <\/div> <span class=\"ti-stars\"><span class=\"ti-star f\"><\/span><span class=\"ti-star f\"><\/span><span class=\"ti-star f\"><\/span><span class=\"ti-star f\"><\/span><span class=\"ti-star f\"><\/span><\/span> <div class=\"ti-review-text-container ti-review-content\"><!-- R-CONTENT -->J\u2019ai d\u00e9j\u00e0 eu l\u2019opportunit\u00e9 de r\u00e9aliser deux projets humanitaires avec l\u2019association Globalong. Je ne peux que la recommander, car j\u2019ai toujours b\u00e9n\u00e9fici\u00e9 d\u2019un excellent accompagnement, aussi bien avant que pendant le voyage. On ne vous laisse pas vous d\u00e9brouiller seuls, bien au contraire, vous \u00eates tr\u00e8s bien encadr\u00e9s pour accomplir toutes les d\u00e9marches dans les d\u00e9lais.\n\nAu-del\u00e0 du suivi, les exp\u00e9riences humanitaires propos\u00e9es par Globalong ne peuvent que transformer votre vie de mani\u00e8re positive. Elles vous apportent une richesse humaine inestimable.<!-- R-CONTENT --><\/div> <span class=\"ti-read-more\" data-container=\".ti-review-content\" data-collapse-text=\"Cacher\" data-open-text=\"Lire la suite\" ><\/span> <\/div> <\/div>  <div data-empty=\"0\" class=\"ti-review-item source-Google ti-image-layout-thumbnail\" data-id=\"cfcd208495d565ef66e7dff9f98764da\" > <div class=\"ti-inner\"> <div class=\"ti-review-header\"> <div class=\"ti-profile-img\"> <img decoding=\"async\" src=\"https:\/\/lh3.googleusercontent.com\/a\/ACg8ocJL-Dxv25YkXK2QwWPNRxTVqZCv5uTmDQDFg5qslKra3vRZew=s120-c-rp-mo-br100\" srcset=\"https:\/\/lh3.googleusercontent.com\/a\/ACg8ocJL-Dxv25YkXK2QwWPNRxTVqZCv5uTmDQDFg5qslKra3vRZew=s120-c-rp-mo-br100 2x\" alt=\"Tara Turan\" loading=\"lazy\" \/> <\/div> <div class=\"ti-profile-details\"> <div class=\"ti-name\"> Tara Turan <\/div> <div class=\"ti-date\">2024-10-14<\/div> <\/div> <\/div> <span class=\"ti-stars\"><span class=\"ti-star f\"><\/span><span class=\"ti-star f\"><\/span><span class=\"ti-star f\"><\/span><span class=\"ti-star f\"><\/span><span class=\"ti-star f\"><\/span><\/span> <div class=\"ti-review-text-container ti-review-content\"><!-- R-CONTENT -->Une des meilleures associations que j\u2019ai pu faire !\nUne organisation et un suivi vraiment parfait, c\u2019est avec grand plaisir que je referai un projet avec eux.<!-- R-CONTENT --><\/div> <span class=\"ti-read-more\" data-container=\".ti-review-content\" data-collapse-text=\"Cacher\" data-open-text=\"Lire la suite\" ><\/span> <\/div> <\/div>  <div data-empty=\"0\" class=\"ti-review-item source-Google ti-image-layout-thumbnail\" data-id=\"cfcd208495d565ef66e7dff9f98764da\" > <div class=\"ti-inner\"> <div class=\"ti-review-header\"> <div class=\"ti-profile-img\"> <img decoding=\"async\" src=\"https:\/\/lh3.googleusercontent.com\/a\/ACg8ocLctTPNovSk3eKM0b_MIPOfcFEQsz2135Cdu59_BWRVsIYC7Q=s120-c-rp-mo-br100\" srcset=\"https:\/\/lh3.googleusercontent.com\/a\/ACg8ocLctTPNovSk3eKM0b_MIPOfcFEQsz2135Cdu59_BWRVsIYC7Q=s120-c-rp-mo-br100 2x\" alt=\"Repiquet Julie\" loading=\"lazy\" \/> <\/div> <div class=\"ti-profile-details\"> <div class=\"ti-name\"> Repiquet Julie <\/div> <div class=\"ti-date\">2024-10-13<\/div> <\/div> <\/div> <span class=\"ti-stars\"><span class=\"ti-star f\"><\/span><span class=\"ti-star f\"><\/span><span class=\"ti-star f\"><\/span><span class=\"ti-star f\"><\/span><span class=\"ti-star f\"><\/span><\/span> <div class=\"ti-review-text-container ti-review-content\"><!-- R-CONTENT -->Tr\u00e8s bon accompagnement de la part de Globalong, du premier jour avec toutes mes interrogations, jusqu'au d\u00e9part dans quelques jours. Le dossier transmis apr\u00e8s validation de la mission est plus que complet, les webmaster tr\u00e8s int\u00e9ressantes et permettent de d\u00e9charger mentalement ce genre de pr\u00e9paration, tout est pr\u00e9vu il n'y a plus qu'\u00e0 suivre ! Merci \u00e0 Florence de r\u00e9pondre \u00e0 toutes mes questions avec gentillesse et bienveillance, cela m'a permis de passer le cap!\nMaintenant, il n'y a plus qu'\u00e0 \ud83d\ude00<!-- R-CONTENT --><\/div> <span class=\"ti-read-more\" data-container=\".ti-review-content\" data-collapse-text=\"Cacher\" data-open-text=\"Lire la suite\" ><\/span> <\/div> <\/div>  <div data-empty=\"0\" class=\"ti-review-item source-Google ti-image-layout-thumbnail\" data-id=\"cfcd208495d565ef66e7dff9f98764da\" > <div class=\"ti-inner\"> <div class=\"ti-review-header\"> <div class=\"ti-profile-img\"> <img decoding=\"async\" src=\"https:\/\/lh3.googleusercontent.com\/a\/ACg8ocJJTdmTWs8nAA0yuH_cKOUgzc6GFAkHBiXhpnnVYXaWMBZsHw=s120-c-rp-mo-br100\" srcset=\"https:\/\/lh3.googleusercontent.com\/a\/ACg8ocJJTdmTWs8nAA0yuH_cKOUgzc6GFAkHBiXhpnnVYXaWMBZsHw=s120-c-rp-mo-br100 2x\" alt=\"Marine Guilhamat\" loading=\"lazy\" \/> <\/div> <div class=\"ti-profile-details\"> <div class=\"ti-name\"> Marine Guilhamat <\/div> <div class=\"ti-date\">2024-10-09<\/div> <\/div> <\/div> <span class=\"ti-stars\"><span class=\"ti-star f\"><\/span><span class=\"ti-star f\"><\/span><span class=\"ti-star f\"><\/span><span class=\"ti-star f\"><\/span><span class=\"ti-star f\"><\/span><\/span> <div class=\"ti-review-text-container ti-review-content\"><!-- R-CONTENT -->Tr\u00e8s belle association qui offre un cadre super s\u00e9curisant et permet de s\u2019investir dans des projets qui ont du sens. Merci \u00e0 l\u2019\u00e9quipe Globalong pour votre disponibilit\u00e9, gentillesse et accompagnement !<!-- R-CONTENT --><\/div> <span class=\"ti-read-more\" data-container=\".ti-review-content\" data-collapse-text=\"Cacher\" data-open-text=\"Lire la suite\" ><\/span> <\/div> <\/div>  <div data-empty=\"0\" class=\"ti-review-item source-Google ti-image-layout-thumbnail\" data-id=\"cfcd208495d565ef66e7dff9f98764da\" > <div class=\"ti-inner\"> <div class=\"ti-review-header\"> <div class=\"ti-profile-img\"> <img decoding=\"async\" src=\"https:\/\/lh3.googleusercontent.com\/a\/ACg8ocIgITHXKo46qgJyPqlJeAcxz11gCKUJpGIk2qauiIe2O3iZ6w=s120-c-rp-mo-br100\" srcset=\"https:\/\/lh3.googleusercontent.com\/a\/ACg8ocIgITHXKo46qgJyPqlJeAcxz11gCKUJpGIk2qauiIe2O3iZ6w=s120-c-rp-mo-br100 2x\" alt=\"Laura Mercier\" loading=\"lazy\" \/> <\/div> <div class=\"ti-profile-details\"> <div class=\"ti-name\"> Laura Mercier <\/div> <div class=\"ti-date\">2024-10-08<\/div> <\/div> <\/div> <span class=\"ti-stars\"><span class=\"ti-star f\"><\/span><span class=\"ti-star f\"><\/span><span class=\"ti-star f\"><\/span><span class=\"ti-star f\"><\/span><span class=\"ti-star f\"><\/span><\/span> <div class=\"ti-review-text-container ti-review-content\"><!-- R-CONTENT -->Mon d\u00e9part approche, je pars dans une semaine, et depuis le d\u00e9but de mon inscription je suis tr\u00e8s satisfaite du suivi effectu\u00e9 par l\u2019association. Ils sont tr\u00e8s disponibles et r\u00e9pondent rapidement \u00e0 l\u2019ensemble des questions. Je suis tr\u00e8s contente de partir faire cette mission humanitaire encadr\u00e9e par cette association. Je recommande vraiment.<!-- R-CONTENT --><\/div> <span class=\"ti-read-more\" data-container=\".ti-review-content\" data-collapse-text=\"Cacher\" data-open-text=\"Lire la suite\" ><\/span> <\/div> <\/div>  <div data-empty=\"0\" class=\"ti-review-item source-Google ti-image-layout-thumbnail\" data-id=\"cfcd208495d565ef66e7dff9f98764da\" > <div class=\"ti-inner\"> <div class=\"ti-review-header\"> <div class=\"ti-profile-img\"> <img decoding=\"async\" src=\"https:\/\/lh3.googleusercontent.com\/a-\/ALV-UjVVr0YMQhXl8QNEEB32l-rnoaYwvRZUjIEX9OEwPE_1fQwzIyk=s120-c-rp-mo-br100\" srcset=\"https:\/\/lh3.googleusercontent.com\/a-\/ALV-UjVVr0YMQhXl8QNEEB32l-rnoaYwvRZUjIEX9OEwPE_1fQwzIyk=s120-c-rp-mo-br100 2x\" alt=\"Anouk Rzkt\" loading=\"lazy\" \/> <\/div> <div class=\"ti-profile-details\"> <div class=\"ti-name\"> Anouk Rzkt <\/div> <div class=\"ti-date\">2024-10-02<\/div> <\/div> <\/div> <span class=\"ti-stars\"><span class=\"ti-star f\"><\/span><span class=\"ti-star f\"><\/span><span class=\"ti-star f\"><\/span><span class=\"ti-star f\"><\/span><span class=\"ti-star f\"><\/span><\/span> <div class=\"ti-review-text-container ti-review-content\"><!-- R-CONTENT -->Globalong est l'association parfaite. L'\u00e9quipe offre un v\u00e9ritable accompagnement rythm\u00e9 par beaucoup de conseils et d'\u00e9coute. Le site est tr\u00e8s bien fait avec des dossiers complets allant des sujets tr\u00e8s pratiques a d'autres plus th\u00e9oriques (tels que le choc culturel par exemple). Je recommande vivement et remercie sinc\u00e8rement toute l'\u00e9quipe pour leur gentillesse et investissement !<!-- R-CONTENT --><\/div> <span class=\"ti-read-more\" data-container=\".ti-review-content\" data-collapse-text=\"Cacher\" data-open-text=\"Lire la suite\" ><\/span> <\/div> <\/div>  <\/div> <div class=\"ti-controls-line\"> <div class=\"dot\"><\/div> <\/div> <\/div> <div class=\"ti-footer\"> <div class=\"ti-rating-text\"> <span class=\"nowrap\">\u00c9valuation <strong>Google<\/strong> : <\/span><span class=\"nowrap\"><strong>4.8<\/strong> sur 5, <\/span><span class=\"nowrap\">Bas\u00e9e sur <strong>240 avis<\/strong><\/span> <\/div> <\/div>  <\/div> <\/div> \n<h3><strong>Hvorfor den er vigtig:<\/strong><\/h3>\n<p style=\"text-align: justify;\">N\u00e5r konflikter bliver flere, fattigdom stiger, og sociale udfordringer vokser, bliver solidaritet et centralt holdepunkt. Samtidig er der en stigende bevidsthed om, at det g\u00f8r en forskel at st\u00f8tte andre \u2013 b\u00e5de lokalt og globalt.<\/p>\n<p>\u00a0<\/p>\n<h2><strong>Nogle n\u00f8gletal, der viser behovet for handling:<\/strong><\/h2>\n<ul>\n<li style=\"text-align: justify;\">44% af verdens befolkning (omkring 3,5 milliarder mennesker) lever for under 6,85 dollars om dagen, hvilket svarer til den gr\u00e6nse, der vurderes som n\u00f8dvendig for at leve i et land med \u00f8vre mellemindkomst. Derudover lever t\u00e6t p\u00e5 8,5% af verdens befolkning (omkring 700 millioner mennesker) i ekstrem fattigdom med under 2,15 dollars om dagen.<\/li>\n<li style=\"text-align: justify;\">I 2023 blev omkring 1,3 millioner mennesker smittet med hiv p\u00e5 verdensplan. I dag lever omkring 40 millioner mennesker med hiv, og cirka 25% af dem (10 millioner mennesker) har ikke adgang til antiretroviral behandling.<\/li>\n<li style=\"text-align: justify;\">Globalt g\u00e5r omkring 58 millioner b\u00f8rn i skolealderen ikke i skole, heraf 27 millioner i konfliktomr\u00e5der. Det skyldes bl.a. fattigdom, konflikter, social eksklusion og forskellige former for diskrimination.<\/li>\n<\/ul>\n<p><img loading=\"lazy\" decoding=\"async\" class=\"aligncenter wp-image-19358 size-medium\" src=\"https:\/\/www.vita-explorers.dk\/blog\/wp-content\/uploads\/2024\/11\/mission-humanitaire-senegal-1-6565c13b81337-300x195.png\" alt=\"Humanit\u00e6r rejse i Senegal\" width=\"300\" height=\"195\" srcset=\"https:\/\/www.vita-explorers.dk\/blog\/wp-content\/uploads\/2024\/11\/mission-humanitaire-senegal-1-6565c13b81337-300x195.png 300w, https:\/\/www.vita-explorers.dk\/blog\/wp-content\/uploads\/2024\/11\/mission-humanitaire-senegal-1-6565c13b81337.png 370w\" sizes=\"(max-width: 300px) 100vw, 300px\" \/><\/p>\n<h2><strong>Hvordan kan solidaritet reelt g\u00f8re en forskel?<\/strong><\/h2>\n<p style=\"text-align: justify;\">P\u00e5 den internationale dag for menneskelig solidaritet bliver der sat konkrete m\u00e5l for at styrke solidaritet \u2013 gennem politiske beslutninger, f\u00e6llesskaber og personlige valg:<\/p>\n<ul>\n<li><u>Styrke og fejre enhed i mangfoldighed:<\/u> Vise, at forskellighed er en styrke<\/li>\n<li><u>Minde lande om at leve op til deres forpligtelser:<\/u> Sikre, at de stater, der har lovet at handle, ogs\u00e5 gennemf\u00f8rer deres indsatser<\/li>\n<li><u>Skabe opm\u00e6rksomhed i offentligheden:<\/u> \u00d8ge bevidstheden om, hvorfor solidaritet er vigtig \u2013 og hvorfor der er behov for handling<\/li>\n<li><u>Give et skub i den rigtige retning:<\/u> Motivere flere til at engagere sig i sager, der betyder noget for dem, ved at vise de fremskridt der allerede er sket gennem \u00e5rene<\/li>\n<li><u>Forst\u00e5 effekten af f\u00e6lles handling:<\/u> Vise, at mange sm\u00e5 indsatser tilsammen kan skabe store og m\u00e6rkbare forbedringer<\/li>\n<li><u>St\u00f8tte nye initiativer:<\/u> N\u00e5r det bliver tydeligt, at deltagelse g\u00f8r en forskel, kan flere opleve, at deres bidrag bliver v\u00e6rdsat<\/li>\n<li><u>Mund-til-mund:<\/u> N\u00e5r vi deler oplevelser og viden, kan information spredes og blive en del af den f\u00e6lles bevidsthed<\/li>\n<\/ul>\n<h2><strong>Hvilke udfordringer st\u00e5r vi overfor i dag?<\/strong><\/h2>\n<p>Verden st\u00e5r over for komplekse udfordringer, der fortsat p\u00e5virker hverdagen og \u00f8ger uligheder<\/p>\n<ul>\n<li><u>Pandemier:<\/u> I k\u00f8lvandet p\u00e5 COVID har mange lande og befolkningsgrupper oplevet forringet adgang til bl.a. sundhed og uddannelse, is\u00e6r i perioder med nedlukninger<\/li>\n<li><u>Konflikter:<\/u> Krige og uroligheder har \u00f8get uligheden, udvidet kl\u00f8ften til ekstrem fattigdom og gjort det sv\u00e6rere for mange at leve et normalt liv<\/li>\n<li><u>Klima\u00e6ndringer:<\/u> Global opvarmning rammer mange befolkningsgrupper h\u00e5rdt, og flere lever i dag med konsekvenserne af skader og tab<\/li>\n<li><u>Stigende ulighed:<\/u> Ogs\u00e5 i lande, der betegnes som \u201cudviklede\u201d, vokser forskellene mellem de rigeste og de fattigste<\/li>\n<\/ul>\n<p><iframe loading=\"lazy\" title=\"Cours de fran\u00e7ais au Kenya avec l&#039;association Globalong\" width=\"500\" height=\"281\" src=\"https:\/\/www.youtube.com\/embed\/hAoWEuW0SgA?feature=oembed\" frameborder=\"0\" allow=\"accelerometer; autoplay; clipboard-write; encrypted-media; gyroscope; picture-in-picture; web-share\" referrerpolicy=\"strict-origin-when-cross-origin\" allowfullscreen><\/iframe><\/p>\n<h2><strong>Solidaritet i praksis: nogle positive tal<\/strong><\/h2>\n<p>Solidaritet har bidraget til markante fremskridt p\u00e5 flere omr\u00e5der:<\/p>\n<ul>\n<li><u>Reduktion af fattigdom:<\/u> Over mere end 25 \u00e5r er andelen i ekstrem fattigdom i udviklingslande faldet fra 47% til 14%<\/li>\n<li><u>Adgang til uddannelse:<\/u> P\u00e5 bare 15 \u00e5r har indsatser bidraget til, at n\u00e6sten 50 millioner b\u00f8rn i skolealderen har f\u00e5et adgang til skolegang<\/li>\n<li><u>Bek\u00e6mpelse af hiv\/aids:<\/u> Siden toppen for 30 \u00e5r siden, hvor 3,3 millioner blev smittet p\u00e5 blot \u00e9t \u00e5r, er antallet af nye smittetilf\u00e6lde faldet markant \u2013 med mere end 50%, til 1,3 millioner i 2023<\/li>\n<\/ul>\n<p>\u00a0<\/p>\n<h2><strong>Hvordan kan du deltage i den internationale dag for solidaritet?<\/strong><\/h2>\n<p>Alle kan bidrage p\u00e5 deres m\u00e5de til at styrke menneskelig solidaritet<\/p>\n<ul>\n<li><u>Skabe opm\u00e6rksomhed:<\/u> Tale med familie, venner og netv\u00e6rk om, hvorfor solidaritet er vigtig, og hvordan vores handlinger p\u00e5virker verden<\/li>\n<li><u>Engagement i f\u00e6llesskabet:<\/u> Deltage i lokale initiativer, der st\u00f8tter mennesker i s\u00e5rbare situationer<\/li>\n<li><u>\u00d8konomisk eller praktisk st\u00f8tte:<\/u> Bidrage med ressourcer eller tid, s\u00e5 organisationer kan gennemf\u00f8re deres aktiviteter<\/li>\n<li><u>Fortalerarbejde:<\/u> Opfordre beslutningstagere \u2013 lokalt eller nationalt \u2013 til at fastholde og styrke deres indsats for international solidaritet<\/li>\n<\/ul>\n<p><img loading=\"lazy\" decoding=\"async\" class=\"aligncenter wp-image-19310 size-medium\" src=\"https:\/\/www.vita-explorers.dk\/blog\/wp-content\/uploads\/2024\/11\/40820310053_4f9d7c0b57_w-300x225.jpg\" alt=\"Humanit\u00e6r rejse for familier i Colombia\" width=\"300\" height=\"225\" srcset=\"https:\/\/www.vita-explorers.dk\/blog\/wp-content\/uploads\/2024\/11\/40820310053_4f9d7c0b57_w-300x225.jpg 300w, https:\/\/www.vita-explorers.dk\/blog\/wp-content\/uploads\/2024\/11\/40820310053_4f9d7c0b57_w.jpg 400w\" sizes=\"(max-width: 300px) 100vw, 300px\" \/><\/p>\n<p>\u00a0<\/p>\n<h2><strong>Og med VITA, hvordan kan du v\u00e6re med?<\/strong><\/h2>\n<p>Hos VITA Institute tror vi p\u00e5, at alle kan bidrage til et mere solidarisk f\u00e6llesskab. Vores aktiviteter foreg\u00e5r \u00e5ret rundt, og der er flere m\u00e5der at engagere sig p\u00e5:<\/p>\n<ul>\n<li><strong>Udforsk vores projekter<\/strong> : P\u00e5 vores hjemmeside finder du information om de forl\u00f8b, vi tilbyder, og de omr\u00e5der, hvor du kan engagere dig.<\/li>\n<li><strong>Bring dine kompetencer i spil<\/strong> : Uanset om du er underviser, studerende, h\u00e5ndv\u00e6rker eller bare motiveret, kan dine erfaringer og f\u00e6rdigheder f\u00e5 konkret betydning i de projekter, vi st\u00f8tter.<\/li>\n<li><strong>Del vores arbejde i dit netv\u00e6rk<\/strong> : N\u00e5r du fort\u00e6ller andre om vores initiativer, er du med til at skabe st\u00f8rre opm\u00e6rksomhed om ansvarlige ophold og solidaritet i praksis.<\/li>\n<li><strong>F\u00e5 en meningsfuld erfaring<\/strong> : At deltage i et forl\u00f8b handler ikke kun om at bidrage, men ogs\u00e5 om kulturudveksling, l\u00e6ring og relationer p\u00e5 tv\u00e6rs af landegr\u00e6nser.<\/li>\n<\/ul>\n<p style=\"text-align: justify;\">Hos VITA kan man finde sin plads og bidrage i sit eget tempo. Uanset hvordan du engagerer dig, er du med til at styrke et f\u00e6llesskab, der bygger p\u00e5 respekt, nysgerrighed og ansvar.<\/p>\n<p style=\"text-align: center;\">Vil du vide mere om VITA Institute p\u00e5<br \/>\n<strong><a href=\"https:\/\/www.instagram.com\/globalongofficiel\/\"><span class=\"s2\"><b>Instagram<\/b><\/span><\/a><b>,\u00a0<\/b><a href=\"https:\/\/www.tiktok.com\/@globalong\"><span class=\"s2\"><b>TikTok<\/b><\/span><\/a><b>,\u00a0<\/b><a href=\"https:\/\/www.facebook.com\/globalong\"><span class=\"s2\"><b>Facebook<\/b><\/span><\/a><b>,\u00a0<\/b><a href=\"https:\/\/www.linkedin.com\/company\/5113177\/admin\/feed\/posts\/\"><span class=\"s2\"><b>LinkedIn<\/b><\/span><\/a><b>\u00a0og\u00a0<\/b><a href=\"https:\/\/www.youtube.com\/c\/globalong\/videos\"><span class=\"s2\"><b>Youtube<\/b><\/span><\/a><b>\u00a0!\u00a0<\/b><\/strong><\/p>\n<p><strong>Artikel skrevet af Julia, studerende p\u00e5 MY Digital School.<\/strong><\/p>\n<p>\u00a0<\/p>\n<div id=\"aircall-extension-app\"><\/div>\n","protected":false},"excerpt":{"rendered":"<p>20. december \u2013 en vigtig dato for solidaritet Den 20. december markerer vi FN\u2019s internationale dag for menneskelig solidaritet. En vigtig dato her ved\u2026<\/p>\n","protected":false},"author":1,"featured_media":12021,"comment_status":"open","ping_status":"open","sticky":false,"template":"","format":"standard","meta":{"footnotes":""},"categories":[1],"tags":[],"yoast_head":"<!-- This site is optimized with the Yoast SEO Premium plugin v23.4 (Yoast SEO v23.4) - https:\/\/yoast.com\/wordpress\/plugins\/seo\/ -->\n<title>Menneskelig Solidaritet-dag: F\u00e6llesskab, sammenhold og enhed - VITA Explorers Blog<\/title>\n<meta name=\"description\" content=\"Participez \u00e0 la journ\u00e9e de la solidarit\u00e9 humaine et promouvons ensemble des valeurs telles que le partage et la coh\u00e9sion mondiale.\" \/>\n<meta name=\"robots\" content=\"index, follow, max-snippet:-1, max-image-preview:large, max-video-preview:-1\" \/>\n<link rel=\"canonical\" href=\"https:\/\/www.vita-explorers.dk\/blog\/international-dag-for-menneskelig-solidaritet-2\/\" \/>\n<meta property=\"og:locale\" content=\"da_DK\" \/>\n<meta property=\"og:type\" content=\"article\" \/>\n<meta property=\"og:title\" content=\"International dag for menneskelig solidaritet\" \/>\n<meta property=\"og:description\" content=\"Participez \u00e0 la journ\u00e9e de la solidarit\u00e9 humaine et promouvons ensemble des valeurs telles que le partage et la coh\u00e9sion mondiale.\" \/>\n<meta property=\"og:url\" content=\"https:\/\/www.vita-explorers.dk\/blog\/international-dag-for-menneskelig-solidaritet-2\/\" \/>\n<meta property=\"og:site_name\" content=\"VITA Explorers Blog\" \/>\n<meta property=\"article:publisher\" content=\"https:\/\/www.facebook.com\/globalong\" \/>\n<meta property=\"article:published_time\" content=\"2024-12-20T16:03:01+00:00\" \/>\n<meta property=\"article:modified_time\" content=\"2024-12-23T09:31:35+00:00\" \/>\n<meta property=\"og:image\" content=\"https:\/\/www.vita-explorers.dk\/blog\/wp-content\/uploads\/2018\/12\/IMG-20181108-WA0039-min.jpg\" \/>\n\t<meta property=\"og:image:width\" content=\"1600\" \/>\n\t<meta property=\"og:image:height\" content=\"1200\" \/>\n\t<meta property=\"og:image:type\" content=\"image\/jpeg\" \/>\n<meta name=\"author\" content=\"VITA Tribe\" \/>\n<meta name=\"twitter:card\" content=\"summary_large_image\" \/>\n<meta name=\"twitter:label1\" content=\"Skrevet af\" \/>\n\t<meta name=\"twitter:data1\" content=\"VITA Tribe\" \/>\n\t<meta name=\"twitter:label2\" content=\"Estimeret l\u00e6setid\" \/>\n\t<meta name=\"twitter:data2\" content=\"7 minutter\" \/>\n<script type=\"application\/ld+json\" class=\"yoast-schema-graph\">{\"@context\":\"https:\/\/schema.org\",\"@graph\":[{\"@type\":\"Article\",\"@id\":\"https:\/\/www.vita-explorers.dk\/blog\/international-dag-for-menneskelig-solidaritet-2\/#article\",\"isPartOf\":{\"@id\":\"https:\/\/www.vita-explorers.dk\/blog\/international-dag-for-menneskelig-solidaritet-2\/\"},\"author\":{\"name\":\"VITA Tribe\",\"@id\":\"https:\/\/www.vita-explorers.dk\/blog\/#\/schema\/person\/d7df267b64f23018d1dc519e78fb2735\"},\"headline\":\"International dag for menneskelig solidaritet\",\"datePublished\":\"2024-12-20T16:03:01+00:00\",\"dateModified\":\"2024-12-23T09:31:35+00:00\",\"mainEntityOfPage\":{\"@id\":\"https:\/\/www.vita-explorers.dk\/blog\/international-dag-for-menneskelig-solidaritet-2\/\"},\"wordCount\":1051,\"commentCount\":0,\"publisher\":{\"@id\":\"https:\/\/www.vita-explorers.dk\/blog\/#organization\"},\"image\":{\"@id\":\"https:\/\/www.vita-explorers.dk\/blog\/international-dag-for-menneskelig-solidaritet-2\/#primaryimage\"},\"thumbnailUrl\":\"https:\/\/www.vita-explorers.dk\/blog\/wp-content\/uploads\/2018\/12\/IMG-20181108-WA0039-min.jpg\",\"articleSection\":[\"No Name\"],\"inLanguage\":\"da-DK\",\"potentialAction\":[{\"@type\":\"CommentAction\",\"name\":\"Comment\",\"target\":[\"https:\/\/www.vita-explorers.dk\/blog\/international-dag-for-menneskelig-solidaritet-2\/#respond\"]}]},{\"@type\":\"WebPage\",\"@id\":\"https:\/\/www.vita-explorers.dk\/blog\/international-dag-for-menneskelig-solidaritet-2\/\",\"url\":\"https:\/\/www.vita-explorers.dk\/blog\/international-dag-for-menneskelig-solidaritet-2\/\",\"name\":\"Menneskelig Solidaritet-dag: F\u00e6llesskab, sammenhold og enhed - VITA Explorers Blog\",\"isPartOf\":{\"@id\":\"https:\/\/www.vita-explorers.dk\/blog\/#website\"},\"primaryImageOfPage\":{\"@id\":\"https:\/\/www.vita-explorers.dk\/blog\/international-dag-for-menneskelig-solidaritet-2\/#primaryimage\"},\"image\":{\"@id\":\"https:\/\/www.vita-explorers.dk\/blog\/international-dag-for-menneskelig-solidaritet-2\/#primaryimage\"},\"thumbnailUrl\":\"https:\/\/www.vita-explorers.dk\/blog\/wp-content\/uploads\/2018\/12\/IMG-20181108-WA0039-min.jpg\",\"datePublished\":\"2024-12-20T16:03:01+00:00\",\"dateModified\":\"2024-12-23T09:31:35+00:00\",\"description\":\"Participez \u00e0 la journ\u00e9e de la solidarit\u00e9 humaine et promouvons ensemble des valeurs telles que le partage et la coh\u00e9sion mondiale.\",\"breadcrumb\":{\"@id\":\"https:\/\/www.vita-explorers.dk\/blog\/international-dag-for-menneskelig-solidaritet-2\/#breadcrumb\"},\"inLanguage\":\"da-DK\",\"potentialAction\":[{\"@type\":\"ReadAction\",\"target\":[\"https:\/\/www.vita-explorers.dk\/blog\/international-dag-for-menneskelig-solidaritet-2\/\"]}]},{\"@type\":\"ImageObject\",\"inLanguage\":\"da-DK\",\"@id\":\"https:\/\/www.vita-explorers.dk\/blog\/international-dag-for-menneskelig-solidaritet-2\/#primaryimage\",\"url\":\"https:\/\/www.vita-explorers.dk\/blog\/wp-content\/uploads\/2018\/12\/IMG-20181108-WA0039-min.jpg\",\"contentUrl\":\"https:\/\/www.vita-explorers.dk\/blog\/wp-content\/uploads\/2018\/12\/IMG-20181108-WA0039-min.jpg\",\"width\":1600,\"height\":1200,\"caption\":\"Choose the Right Project and Go for It\"},{\"@type\":\"BreadcrumbList\",\"@id\":\"https:\/\/www.vita-explorers.dk\/blog\/international-dag-for-menneskelig-solidaritet-2\/#breadcrumb\",\"itemListElement\":[{\"@type\":\"ListItem\",\"position\":1,\"name\":\"Accueil\",\"item\":\"https:\/\/www.vita-explorers.dk\/blog\/\"},{\"@type\":\"ListItem\",\"position\":2,\"name\":\"International dag for menneskelig solidaritet\"}]},{\"@type\":\"WebSite\",\"@id\":\"https:\/\/www.vita-explorers.dk\/blog\/#website\",\"url\":\"https:\/\/www.vita-explorers.dk\/blog\/\",\"name\":\"Association Globalong\",\"description\":\"Frivilligt arbejde, sprogophold, praktik i udlandet og internationale oplevelser\",\"publisher\":{\"@id\":\"https:\/\/www.vita-explorers.dk\/blog\/#organization\"},\"potentialAction\":[{\"@type\":\"SearchAction\",\"target\":{\"@type\":\"EntryPoint\",\"urlTemplate\":\"https:\/\/www.vita-explorers.dk\/blog\/?s={search_term_string}\"},\"query-input\":{\"@type\":\"PropertyValueSpecification\",\"valueRequired\":true,\"valueName\":\"search_term_string\"}}],\"inLanguage\":\"da-DK\"},{\"@type\":\"Organization\",\"@id\":\"https:\/\/www.vita-explorers.dk\/blog\/#organization\",\"name\":\"Association Globalong\",\"url\":\"https:\/\/www.vita-explorers.dk\/blog\/\",\"logo\":{\"@type\":\"ImageObject\",\"inLanguage\":\"da-DK\",\"@id\":\"https:\/\/www.vita-explorers.dk\/blog\/#\/schema\/logo\/image\/\",\"url\":\"https:\/\/www.globalong.com\/blog\/wp-content\/uploads\/2014\/11\/cropped-cropped-Logo-et-Afrique-Globalong-petite-taille-2.jpg\",\"contentUrl\":\"https:\/\/www.globalong.com\/blog\/wp-content\/uploads\/2014\/11\/cropped-cropped-Logo-et-Afrique-Globalong-petite-taille-2.jpg\",\"width\":512,\"height\":512,\"caption\":\"Association Globalong\"},\"image\":{\"@id\":\"https:\/\/www.vita-explorers.dk\/blog\/#\/schema\/logo\/image\/\"},\"sameAs\":[\"https:\/\/www.facebook.com\/globalong\"]},{\"@type\":\"Person\",\"@id\":\"https:\/\/www.vita-explorers.dk\/blog\/#\/schema\/person\/d7df267b64f23018d1dc519e78fb2735\",\"name\":\"VITA Tribe\",\"image\":{\"@type\":\"ImageObject\",\"inLanguage\":\"da-DK\",\"@id\":\"https:\/\/www.vita-explorers.dk\/blog\/#\/schema\/person\/image\/\",\"url\":\"https:\/\/secure.gravatar.com\/avatar\/81461bcc213d0ff2bdc043d4206648f0?s=96&d=mm&r=g\",\"contentUrl\":\"https:\/\/secure.gravatar.com\/avatar\/81461bcc213d0ff2bdc043d4206648f0?s=96&d=mm&r=g\",\"caption\":\"VITA Tribe\"},\"sameAs\":[\"https:\/\/www.globalong.com\"],\"url\":\"https:\/\/www.vita-explorers.dk\/blog\/author\/sophie\/\"}]}<\/script>\n<!-- \/ Yoast SEO Premium plugin. -->","yoast_head_json":{"title":"Menneskelig Solidaritet-dag: F\u00e6llesskab, sammenhold og enhed - VITA Explorers Blog","description":"Participez \u00e0 la journ\u00e9e de la solidarit\u00e9 humaine et promouvons ensemble des valeurs telles que le partage et la coh\u00e9sion mondiale.","robots":{"index":"index","follow":"follow","max-snippet":"max-snippet:-1","max-image-preview":"max-image-preview:large","max-video-preview":"max-video-preview:-1"},"canonical":"https:\/\/www.vita-explorers.dk\/blog\/international-dag-for-menneskelig-solidaritet-2\/","og_locale":"da_DK","og_type":"article","og_title":"International dag for menneskelig solidaritet","og_description":"Participez \u00e0 la journ\u00e9e de la solidarit\u00e9 humaine et promouvons ensemble des valeurs telles que le partage et la coh\u00e9sion mondiale.","og_url":"https:\/\/www.vita-explorers.dk\/blog\/international-dag-for-menneskelig-solidaritet-2\/","og_site_name":"VITA Explorers Blog","article_publisher":"https:\/\/www.facebook.com\/globalong","article_published_time":"2024-12-20T16:03:01+00:00","article_modified_time":"2024-12-23T09:31:35+00:00","og_image":[{"width":1600,"height":1200,"url":"https:\/\/www.vita-explorers.dk\/blog\/wp-content\/uploads\/2018\/12\/IMG-20181108-WA0039-min.jpg","type":"image\/jpeg"}],"author":"VITA Tribe","twitter_card":"summary_large_image","twitter_misc":{"Skrevet af":"VITA Tribe","Estimeret l\u00e6setid":"7 minutter"},"schema":{"@context":"https:\/\/schema.org","@graph":[{"@type":"Article","@id":"https:\/\/www.vita-explorers.dk\/blog\/international-dag-for-menneskelig-solidaritet-2\/#article","isPartOf":{"@id":"https:\/\/www.vita-explorers.dk\/blog\/international-dag-for-menneskelig-solidaritet-2\/"},"author":{"name":"VITA Tribe","@id":"https:\/\/www.vita-explorers.dk\/blog\/#\/schema\/person\/d7df267b64f23018d1dc519e78fb2735"},"headline":"International dag for menneskelig solidaritet","datePublished":"2024-12-20T16:03:01+00:00","dateModified":"2024-12-23T09:31:35+00:00","mainEntityOfPage":{"@id":"https:\/\/www.vita-explorers.dk\/blog\/international-dag-for-menneskelig-solidaritet-2\/"},"wordCount":1051,"commentCount":0,"publisher":{"@id":"https:\/\/www.vita-explorers.dk\/blog\/#organization"},"image":{"@id":"https:\/\/www.vita-explorers.dk\/blog\/international-dag-for-menneskelig-solidaritet-2\/#primaryimage"},"thumbnailUrl":"https:\/\/www.vita-explorers.dk\/blog\/wp-content\/uploads\/2018\/12\/IMG-20181108-WA0039-min.jpg","articleSection":["No Name"],"inLanguage":"da-DK","potentialAction":[{"@type":"CommentAction","name":"Comment","target":["https:\/\/www.vita-explorers.dk\/blog\/international-dag-for-menneskelig-solidaritet-2\/#respond"]}]},{"@type":"WebPage","@id":"https:\/\/www.vita-explorers.dk\/blog\/international-dag-for-menneskelig-solidaritet-2\/","url":"https:\/\/www.vita-explorers.dk\/blog\/international-dag-for-menneskelig-solidaritet-2\/","name":"Menneskelig Solidaritet-dag: F\u00e6llesskab, sammenhold og enhed - VITA Explorers Blog","isPartOf":{"@id":"https:\/\/www.vita-explorers.dk\/blog\/#website"},"primaryImageOfPage":{"@id":"https:\/\/www.vita-explorers.dk\/blog\/international-dag-for-menneskelig-solidaritet-2\/#primaryimage"},"image":{"@id":"https:\/\/www.vita-explorers.dk\/blog\/international-dag-for-menneskelig-solidaritet-2\/#primaryimage"},"thumbnailUrl":"https:\/\/www.vita-explorers.dk\/blog\/wp-content\/uploads\/2018\/12\/IMG-20181108-WA0039-min.jpg","datePublished":"2024-12-20T16:03:01+00:00","dateModified":"2024-12-23T09:31:35+00:00","description":"Participez \u00e0 la journ\u00e9e de la solidarit\u00e9 humaine et promouvons ensemble des valeurs telles que le partage et la coh\u00e9sion mondiale.","breadcrumb":{"@id":"https:\/\/www.vita-explorers.dk\/blog\/international-dag-for-menneskelig-solidaritet-2\/#breadcrumb"},"inLanguage":"da-DK","potentialAction":[{"@type":"ReadAction","target":["https:\/\/www.vita-explorers.dk\/blog\/international-dag-for-menneskelig-solidaritet-2\/"]}]},{"@type":"ImageObject","inLanguage":"da-DK","@id":"https:\/\/www.vita-explorers.dk\/blog\/international-dag-for-menneskelig-solidaritet-2\/#primaryimage","url":"https:\/\/www.vita-explorers.dk\/blog\/wp-content\/uploads\/2018\/12\/IMG-20181108-WA0039-min.jpg","contentUrl":"https:\/\/www.vita-explorers.dk\/blog\/wp-content\/uploads\/2018\/12\/IMG-20181108-WA0039-min.jpg","width":1600,"height":1200,"caption":"Choose the Right Project and Go for It"},{"@type":"BreadcrumbList","@id":"https:\/\/www.vita-explorers.dk\/blog\/international-dag-for-menneskelig-solidaritet-2\/#breadcrumb","itemListElement":[{"@type":"ListItem","position":1,"name":"Accueil","item":"https:\/\/www.vita-explorers.dk\/blog\/"},{"@type":"ListItem","position":2,"name":"International dag for menneskelig solidaritet"}]},{"@type":"WebSite","@id":"https:\/\/www.vita-explorers.dk\/blog\/#website","url":"https:\/\/www.vita-explorers.dk\/blog\/","name":"Association Globalong","description":"Frivilligt arbejde, sprogophold, praktik i udlandet og internationale oplevelser","publisher":{"@id":"https:\/\/www.vita-explorers.dk\/blog\/#organization"},"potentialAction":[{"@type":"SearchAction","target":{"@type":"EntryPoint","urlTemplate":"https:\/\/www.vita-explorers.dk\/blog\/?s={search_term_string}"},"query-input":{"@type":"PropertyValueSpecification","valueRequired":true,"valueName":"search_term_string"}}],"inLanguage":"da-DK"},{"@type":"Organization","@id":"https:\/\/www.vita-explorers.dk\/blog\/#organization","name":"Association Globalong","url":"https:\/\/www.vita-explorers.dk\/blog\/","logo":{"@type":"ImageObject","inLanguage":"da-DK","@id":"https:\/\/www.vita-explorers.dk\/blog\/#\/schema\/logo\/image\/","url":"https:\/\/www.globalong.com\/blog\/wp-content\/uploads\/2014\/11\/cropped-cropped-Logo-et-Afrique-Globalong-petite-taille-2.jpg","contentUrl":"https:\/\/www.globalong.com\/blog\/wp-content\/uploads\/2014\/11\/cropped-cropped-Logo-et-Afrique-Globalong-petite-taille-2.jpg","width":512,"height":512,"caption":"Association Globalong"},"image":{"@id":"https:\/\/www.vita-explorers.dk\/blog\/#\/schema\/logo\/image\/"},"sameAs":["https:\/\/www.facebook.com\/globalong"]},{"@type":"Person","@id":"https:\/\/www.vita-explorers.dk\/blog\/#\/schema\/person\/d7df267b64f23018d1dc519e78fb2735","name":"VITA Tribe","image":{"@type":"ImageObject","inLanguage":"da-DK","@id":"https:\/\/www.vita-explorers.dk\/blog\/#\/schema\/person\/image\/","url":"https:\/\/secure.gravatar.com\/avatar\/81461bcc213d0ff2bdc043d4206648f0?s=96&d=mm&r=g","contentUrl":"https:\/\/secure.gravatar.com\/avatar\/81461bcc213d0ff2bdc043d4206648f0?s=96&d=mm&r=g","caption":"VITA Tribe"},"sameAs":["https:\/\/www.globalong.com"],"url":"https:\/\/www.vita-explorers.dk\/blog\/author\/sophie\/"}]}},"_links":{"self":[{"href":"https:\/\/www.vita-explorers.dk\/blog\/wp-json\/wp\/v2\/posts\/19746"}],"collection":[{"href":"https:\/\/www.vita-explorers.dk\/blog\/wp-json\/wp\/v2\/posts"}],"about":[{"href":"https:\/\/www.vita-explorers.dk\/blog\/wp-json\/wp\/v2\/types\/post"}],"author":[{"embeddable":true,"href":"https:\/\/www.vita-explorers.dk\/blog\/wp-json\/wp\/v2\/users\/1"}],"replies":[{"embeddable":true,"href":"https:\/\/www.vita-explorers.dk\/blog\/wp-json\/wp\/v2\/comments?post=19746"}],"version-history":[{"count":4,"href":"https:\/\/www.vita-explorers.dk\/blog\/wp-json\/wp\/v2\/posts\/19746\/revisions"}],"predecessor-version":[{"id":19748,"href":"https:\/\/www.vita-explorers.dk\/blog\/wp-json\/wp\/v2\/posts\/19746\/revisions\/19748"}],"wp:featuredmedia":[{"embeddable":true,"href":"https:\/\/www.vita-explorers.dk\/blog\/wp-json\/wp\/v2\/media\/12021"}],"wp:attachment":[{"href":"https:\/\/www.vita-explorers.dk\/blog\/wp-json\/wp\/v2\/media?parent=19746"}],"wp:term":[{"taxonomy":"category","embeddable":true,"href":"https:\/\/www.vita-explorers.dk\/blog\/wp-json\/wp\/v2\/categories?post=19746"},{"taxonomy":"post_tag","embeddable":true,"href":"https:\/\/www.vita-explorers.dk\/blog\/wp-json\/wp\/v2\/tags?post=19746"}],"curies":[{"name":"wp","href":"https:\/\/api.w.org\/{rel}","templated":true}]}}