{"id":19770,"date":"2024-12-28T03:02:32","date_gmt":"2024-12-28T02:02:32","guid":{"rendered":"https:\/\/www.globalong.com\/blog\/?p=19770"},"modified":"2025-09-07T16:41:49","modified_gmt":"2025-09-07T14:41:49","slug":"miljoforlob-i-udlandet","status":"publish","type":"post","link":"https:\/\/www.vita-explorers.dk\/blog\/miljoforlob-i-udlandet\/","title":{"rendered":"Milj\u00f8praktik i udlandet"},"content":{"rendered":"<div><!-- Strukturerede data (JSON-LD) --><br \/>\n<script type=\"application\/ld+json\">\n    {\n      \"@context\": \"https:\/\/schema.org\",\n      \"@type\": \"Article\",\n      \"mainEntityOfPage\": {\n        \"@type\": \"WebPage\",\n        \"@id\": \"https:\/\/www.vita-explorers.dk\/stage-environnement-etranger\"\n      },\n      \"headline\": \"Milj\u00f8praktik i udlandet med VITA: Bidrag til at passe p\u00e5 planeten \u2013 og styrk din internationale erfaring\",\n      \"description\": \"Udforsk VITAs milj\u00f8praktik i udlandet. Bidrag konkret til natur- og milj\u00f8indsatser, udvikl relevante kompetencer og f\u00e5 en meningsfuld international erfaring.\",\n      \"image\": \"https:\/\/www.vita-explorers.dk\/images\/stage-environnement.jpg\",\n      \"author\": {\n        \"@type\": \"Organization\",\n        \"name\": \"VITA\",\n        \"url\": \"https:\/\/www.vita-explorers.dk\"\n      },\n      \"publisher\": {\n        \"@type\": \"Organization\",\n        \"name\": \"VITA\",\n        \"logo\": {\n          \"@type\": \"ImageObject\",\n          \"url\": \"https:\/\/www.vita-explorers.dk\/images\/logo.png\"\n        }\n      },\n      \"datePublished\": \"2024-04-27T00:00:00Z\",\n      \"dateModified\": \"2024-04-27T00:00:00Z\",\n      \"breadcrumb\": {\n        \"@type\": \"BreadcrumbList\",\n        \"itemListElement\": [\n          {\n            \"@type\": \"ListItem\",\n            \"position\": 1,\n            \"name\": \"Forside\",\n            \"item\": \"https:\/\/www.vita-explorers.dk\/\"\n          },\n          {\n            \"@type\": \"ListItem\",\n            \"position\": 2,\n            \"name\": \"Praktik\",\n            \"item\": \"https:\/\/www.vita-explorers.dk\/stages\"\n          },\n          {\n            \"@type\": \"ListItem\",\n            \"position\": 3,\n            \"name\": \"Milj\u00f8praktik i udlandet\",\n            \"item\": \"https:\/\/www.vita-explorers.dk\/stage-environnement-etranger\"\n          }\n        ]\n      },\n      \"mainEntity\": [\n        {\n          \"@type\": \"Question\",\n          \"name\": \"Hvad er fordelene ved en milj\u00f8praktik i udlandet med VITA?\",\n          \"acceptedAnswer\": {\n            \"@type\": \"Answer\",\n            \"text\": \"En milj\u00f8praktik i udlandet med VITA kan v\u00e6re v\u00e6rdifuld b\u00e5de personligt og fagligt. Du bidrager til indsatser for natur og milj\u00f8, opbygger konkrete kompetencer og f\u00e5r en international erfaring med kulturudveksling, der udvider dit perspektiv.\"\n          }\n        },\n        {\n          \"@type\": \"Question\",\n          \"name\": \"Hvordan s\u00f8ger man en milj\u00f8praktik i udlandet med VITA?\",\n          \"acceptedAnswer\": {\n            \"@type\": \"Answer\",\n            \"text\": \"G\u00e5 ind p\u00e5 VITAs hjemmeside, v\u00e6lg det praktikforl\u00f8b, du er interesseret i, udfyld den online ans\u00f8gning og upload de n\u00f8dvendige dokumenter. Der kan ogs\u00e5 blive arrangeret en samtale for at afstemme din profil og motivation.\"\n          }\n        },\n        {\n          \"@type\": \"Question\",\n          \"name\": \"Hvilke destinationer findes der for milj\u00f8forl\u00f8b?\",\n          \"acceptedAnswer\": {\n            \"@type\": \"Answer\",\n            \"text\": \"VITA tilbyder milj\u00f8forl\u00f8b i flere lande p\u00e5 tv\u00e6rs af Afrika, Asien, Latinamerika og Europa. Hver destination rummer forskellige projekter, der tilpasses lokale behov.\"\n          }\n        },\n        {\n          \"@type\": \"Question\",\n          \"name\": \"Hvilke fokusomr\u00e5der d\u00e6kker milj\u00f8praktikkerne?\",\n          \"acceptedAnswer\": {\n            \"@type\": \"Answer\",\n            \"text\": \"Milj\u00f8praktikkerne kan blandt andet handle om biodiversitet, genplantning, affaldsh\u00e5ndtering, beskyttelse af kyst- og havomr\u00e5der samt b\u00e6redygtige l\u00f8sninger i lokalsamfund.\"\n          }\n        },\n        {\n          \"@type\": \"Question\",\n          \"name\": \"Findes der \u00f8konomisk st\u00f8tte til milj\u00f8praktikker med VITA?\",\n          \"acceptedAnswer\": {\n            \"@type\": \"Answer\",\n            \"text\": \"Ja, VITA kan tilbyde fleksible betalingsmuligheder, herunder mulighed for afdragsordninger, samt st\u00f8tte til fundraising. Vi anbefaler at se de relevante sider p\u00e5 hjemmesiden for detaljer.\"\n          }\n        }\n      ]\n    }\n    <\/script><!-- Artikelindhold --><\/p>\n<article>\n<h1>Milj\u00f8praktik i udlandet med VITA: Bidrag til at passe p\u00e5 planeten \u2013 og styrk din internationale erfaring<\/h1>\n<p><img loading=\"lazy\" decoding=\"async\" class=\"aligncenter wp-image-12462 size-medium\" src=\"https:\/\/www.vita-explorers.dk\/blog\/wp-content\/uploads\/2019\/03\/10321019_577095915730211_8869803165837218211_o-min-300x200.jpg\" alt=\"Milj\u00f8praktik i udlandet\" width=\"300\" height=\"200\" srcset=\"https:\/\/www.vita-explorers.dk\/blog\/wp-content\/uploads\/2019\/03\/10321019_577095915730211_8869803165837218211_o-min-300x200.jpg 300w, https:\/\/www.vita-explorers.dk\/blog\/wp-content\/uploads\/2019\/03\/10321019_577095915730211_8869803165837218211_o-min-768x512.jpg 768w, https:\/\/www.vita-explorers.dk\/blog\/wp-content\/uploads\/2019\/03\/10321019_577095915730211_8869803165837218211_o-min-1024x683.jpg 1024w, https:\/\/www.vita-explorers.dk\/blog\/wp-content\/uploads\/2019\/03\/10321019_577095915730211_8869803165837218211_o-min-150x100.jpg 150w, https:\/\/www.vita-explorers.dk\/blog\/wp-content\/uploads\/2019\/03\/10321019_577095915730211_8869803165837218211_o-min.jpg 2048w\" sizes=\"(max-width: 300px) 100vw, 300px\" \/><\/p>\n<h2>Indhold<\/h2>\n<ol>\n<li><a href=\"#introduction\">Introduktion<\/a><\/li>\n<li><a href=\"#qu-est-ce-quun-stage-environnement-etranger\">Hvad er en milj\u00f8praktik i udlandet?<\/a><\/li>\n<li><a href=\"#avantages-dun-stage-environnement-etranger\">Fordele ved milj\u00f8praktik i udlandet<\/a><\/li>\n<li><a href=\"#programmes-de-stage-environnemental-avec-globalong\">VITAs programmer for milj\u00f8praktik<\/a><\/li>\n<li><a href=\"#comment-choisir-son-stage-environnement-etranger\">S\u00e5dan v\u00e6lger du den rette milj\u00f8praktik<\/a><\/li>\n<li><a href=\"#comment-participer\">S\u00e5dan deltager du<\/a><\/li>\n<li><a href=\"#temoignages-de-stagiaires\">Oplevelser fra deltagere<\/a><\/li>\n<li><a href=\"#faq\">FAQ<\/a><\/li>\n<li><a href=\"#conclusion\">Afrunding<\/a><\/li>\n<\/ol>\n<h2 id=\"introduction\">Introduktion<\/h2>\n<p style=\"text-align: justify;\">I en tid, hvor klima og milj\u00f8 fylder mere og mere globalt, kan en <strong><a href=\"https:\/\/www.vita-explorers.dk\/blog\/humanitaert-miljoeprojekt\/\" target=\"_blank\" rel=\"noopener\">milj\u00f8praktik<\/a> i udlandet<\/strong> v\u00e6re et ansvarligt og udviklende valg. N\u00e5r du kombinerer interesse for natur og b\u00e6redygtighed med lysten til en international erfaring, f\u00e5r du mulighed for at bidrage til konkrete indsatser \u2013 samtidig med at du opbygger v\u00e6rdifulde kompetencer. <a href=\"https:\/\/www.vita-explorers.dk\/association-globalong.html\" target=\"_blank\" rel=\"noopener\"><strong>VITA<\/strong><\/a> tilbyder internationale praktikforl\u00f8b inden for milj\u00f8 og b\u00e6redygtighed, tilpasset forskellige profiler og m\u00e5l, s\u00e5 du kan f\u00e5 en meningsfuld oplevelse \u2013 b\u00e5de personligt og fagligt.<\/p>\n<p><iframe loading=\"lazy\" title=\"YouTube video player\" src=\"https:\/\/www.youtube.com\/embed\/qTqccmuFj1U\" width=\"560\" height=\"315\" frameborder=\"0\" allowfullscreen=\"allowfullscreen\"><\/iframe><\/p>\n<h2 id=\"qu-est-ce-quun-stage-environnement-etranger\">Hvad er en milj\u00f8praktik i udlandet?<\/h2>\n<p style=\"text-align: justify;\">En <strong>milj\u00f8praktik i udlandet<\/strong> er et praksisn\u00e6rt forl\u00f8b, hvor du bliver en del af indsatser, der arbejder med at beskytte og bevare natur og milj\u00f8 i en international kontekst. I mods\u00e6tning til en klassisk praktik foreg\u00e5r forl\u00f8bet ofte i omr\u00e5der, hvor naturen er s\u00e6rligt s\u00e5rbar eller hvor der er behov for langsigtede l\u00f8sninger. Det giver en unik mulighed for at arbejde med lokale initiativer i dialog med fagfolk og lokalsamfund.<\/p>\n<h2 id=\"avantages-dun-stage-environnement-etranger\">Fordele ved milj\u00f8praktik i udlandet<\/h2>\n<h3 id=\"developpement-personnel\"><strong>Personlig udvikling<\/strong><\/h3>\n<p style=\"text-align: justify;\">At deltage i en milj\u00f8praktik i udlandet med VITA kan give et markant l\u00f8ft til din personlige udvikling. Du kommer ud af din komfortzone, m\u00f8der en ny kultur og f\u00e5r erfaringer, der ikke kan l\u00e6res hjemmefra. Det styrker din selvindsigt, opbygger selvtillid og tr\u00e6ner din evne til at omstille dig, n\u00e5r tingene ikke g\u00e5r helt som planlagt.<\/p>\n<p style=\"text-align: justify;\">Derudover giver arbejdet i et <a href=\"https:\/\/www.vita-explorers.dk\/blog\/frivilligt-arbejde-for-beskyttelse-af-miljoeet\/\">internationalt milj\u00f8<\/a> dig mulighed for at <a href=\"https:\/\/www.vita-explorers.dk\/blog\/tv\u00e6rg\u00e5ende-kompetencer-soft-skills\/\" target=\"_blank\" rel=\"noopener\">udvikle kompetencer<\/a> som tv\u00e6rkulturel kommunikation, samarbejde og konflikth\u00e5ndtering \u2013 vigtige f\u00e6rdigheder i en globaliseret verden.<\/p>\n<h3 id=\"competences-professionnelles\"><strong>Faglige kompetencer<\/strong><\/h3>\n<p style=\"text-align: justify;\">Fagligt kan en <a href=\"https:\/\/www.vita-explorers.dk\/blog\/praktikophold-i-9-klasse-i-udlandet\/\" target=\"_blank\" rel=\"noopener\">praktik<\/a> inden for milj\u00f8 i udlandet v\u00e6re <a href=\"https:\/\/www.vita-explorers.dk\/blog\/hvordan-et-internationalt-forlob-kan-styrke-din-linkedin-profil\/\" target=\"_blank\" rel=\"noopener\">et st\u00e6rkt plus p\u00e5 dit CV<\/a>. Du opbygger specialiserede kompetencer, fx projektarbejde inden for natur- og milj\u00f8indsatser, indsamling og analyse af milj\u00f8data samt brug af metoder og v\u00e6rkt\u00f8jer til naturbeskyttelse. Det er efterspurgt i felter som b\u00e6redygtighed, milj\u00f8, udvikling og civilsamfund.<\/p>\n<p><img loading=\"lazy\" decoding=\"async\" class=\"aligncenter wp-image-5389 size-medium\" src=\"https:\/\/www.vita-explorers.dk\/blog\/wp-content\/uploads\/2016\/08\/Queensland-Protection-de-lenvironnement-300x225.jpg\" alt=\"Deltagere i milj\u00f8praktik i udlandet\" width=\"300\" height=\"225\" srcset=\"https:\/\/www.vita-explorers.dk\/blog\/wp-content\/uploads\/2016\/08\/Queensland-Protection-de-lenvironnement-300x225.jpg 300w, https:\/\/www.vita-explorers.dk\/blog\/wp-content\/uploads\/2016\/08\/Queensland-Protection-de-lenvironnement-768x576.jpg 768w, https:\/\/www.vita-explorers.dk\/blog\/wp-content\/uploads\/2016\/08\/Queensland-Protection-de-lenvironnement-150x113.jpg 150w, https:\/\/www.vita-explorers.dk\/blog\/wp-content\/uploads\/2016\/08\/Queensland-Protection-de-lenvironnement.jpg 960w\" sizes=\"(max-width: 300px) 100vw, 300px\" \/><\/p>\n<h3 id=\"impact-environnemental-et-social\"><strong>Milj\u00f8m\u00e6ssig og social betydning<\/strong><\/h3>\n<p style=\"text-align: justify;\">En milj\u00f8praktik i udlandet giver dig mulighed for at bidrage direkte til konkrete indsatser. N\u00e5r du arbejder med fx genplantning, natur- og dyrebeskyttelse eller affaldsh\u00e5ndtering, er du med til at underst\u00f8tte \u00f8kosystemer og samtidig styrke levevilk\u00e5r i lokalsamfund.<\/p>\n<p style=\"text-align: justify;\">Din indsats kan v\u00e6re med til at fremme mere b\u00e6redygtige l\u00f8sninger og \u00f8ge opm\u00e6rksomheden om milj\u00f8udfordringer, s\u00e5 der skabes positive forandringer p\u00e5 l\u00e6ngere sigt.<\/p>\n<h2 id=\"programmes-de-stage-environnemental-avec-globalong\">VITAs programmer for milj\u00f8praktik<\/h2>\n<h3 id=\"types-de-programmes\"><strong>Typer af forl\u00f8b<\/strong><\/h3>\n<p style=\"text-align: justify;\">VITA tilbyder flere typer milj\u00f8praktik, der hver is\u00e6r er tilrettelagt efter forskellige behov. Her er de mest almindelige spor:<\/p>\n<ul>\n<li><strong>Genplantning og biodiversitet:<\/strong> Deltag i tr\u00e6plantning, restaurering af naturomr\u00e5der og beskyttelse af truede arter.<\/li>\n<li><strong>Affaldsh\u00e5ndtering og genbrug:<\/strong> Arbejd med affaldsreduktion, genanvendelse og formidling om ansvarligt ressourceforbrug.<\/li>\n<li><strong>Beskyttelse af kyst- og havomr\u00e5der:<\/strong> Bidrag til at bevare marine levesteder, reducere plastikforurening og st\u00f8tte arbejdet med koralrev.<\/li>\n<li><strong>Vedvarende energi og energieffektivitet:<\/strong> Indg\u00e5 i projekter, der fremmer vedvarende energi og forbedrer energil\u00f8sninger i lokalsamfund.<\/li>\n<li><strong>Milj\u00f8undervisning og oplysning:<\/strong> V\u00e6r med til at udvikle og gennemf\u00f8re undervisningsforl\u00f8b, der \u00f8ger kendskabet til milj\u00f8, klima og b\u00e6redygtige vaner.<\/li>\n<\/ul>\n<p><iframe loading=\"lazy\" title=\"Projet de protection des tortues au Nicaragua avec l&#039;association Globalong\" width=\"500\" height=\"281\" src=\"https:\/\/www.youtube.com\/embed\/dHYl8HLVY4o?feature=oembed\" frameborder=\"0\" allow=\"accelerometer; autoplay; clipboard-write; encrypted-media; gyroscope; picture-in-picture; web-share\" referrerpolicy=\"strict-origin-when-cross-origin\" allowfullscreen><\/iframe><\/p>\n<h3 id=\"destinations-populaires\"><strong>Popul\u00e6re destinationer<\/strong><\/h3>\n<p style=\"text-align: justify;\">Du kan tage p\u00e5 milj\u00f8praktik i flere dele af verden, hvor projekterne tilpasses lokale behov. Blandt de mest popul\u00e6re destinationer er:<\/p>\n<ul>\n<li><strong><a href=\"https:\/\/www.vita-explorers.dk\/frivilligt-arbejde\/frivilligt-arbejde-kenya.html\" target=\"_blank\" rel=\"noopener\">Afrika<\/a> :<\/strong> Bidrag til natur- og dyrelivsbeskyttelse, genplantning i \u00d8stafrika eller forvaltning af naturressourcer i Vestafrika.<\/li>\n<li><a href=\"https:\/\/www.vita-explorers.dk\/frivilligt-arbejde\/frivilligt-arbejde-cambodja-boern.html\" target=\"_blank\" rel=\"noopener\"><strong>Asien :<\/strong><\/a> V\u00e6r med i indsatser for regnskovsbeskyttelse, strandrensning eller affaldsh\u00e5ndtering.<\/li>\n<li><a href=\"https:\/\/www.vita-explorers.dk\/frivilligt-arbejde\/costa-rica-internationalt-frivilligt-arbejde-okoprojekt-praktik.html\" target=\"_blank\" rel=\"noopener\"><strong>Latinamerika :<\/strong><\/a> St\u00f8t arbejdet med at bevare \u00f8kosystemer, fremme b\u00e6redygtig ressourcebrug eller udvikle projekter med vedvarende energi.<\/li>\n<li><a href=\"https:\/\/www.vita-explorers.dk\/frivilligt-arbejde\/internationalt-frivilligt-arbejde-island-praktik-studerende-europa.html\" target=\"_blank\" rel=\"noopener\"><strong>Europa :<\/strong> <\/a>Deltag i genplantningsprogrammer, beskyttelse af v\u00e5domr\u00e5der eller initiativer for vedvarende energi.<\/li>\n<\/ul>\n<p><img loading=\"lazy\" decoding=\"async\" class=\"aligncenter wp-image-12635 size-medium\" src=\"https:\/\/www.vita-explorers.dk\/blog\/wp-content\/uploads\/2019\/05\/Agriculture.Chapoleando.CoffeeFarm-min-300x225.jpg\" alt=\"Milj\u00f8praktik\" width=\"300\" height=\"225\" srcset=\"https:\/\/www.vita-explorers.dk\/blog\/wp-content\/uploads\/2019\/05\/Agriculture.Chapoleando.CoffeeFarm-min-300x225.jpg 300w, https:\/\/www.vita-explorers.dk\/blog\/wp-content\/uploads\/2019\/05\/Agriculture.Chapoleando.CoffeeFarm-min-768x576.jpg 768w, https:\/\/www.vita-explorers.dk\/blog\/wp-content\/uploads\/2019\/05\/Agriculture.Chapoleando.CoffeeFarm-min-1024x768.jpg 1024w, https:\/\/www.vita-explorers.dk\/blog\/wp-content\/uploads\/2019\/05\/Agriculture.Chapoleando.CoffeeFarm-min-150x113.jpg 150w\" sizes=\"(max-width: 300px) 100vw, 300px\" \/><\/p>\n<h2 id=\"comment-choisir-son-stage-environnement-etranger\">S\u00e5dan v\u00e6lger du den rette milj\u00f8praktik<\/h2>\n<p style=\"text-align: justify;\">At v\u00e6lge den rigtige milj\u00f8praktik i udlandet er vigtigt for at f\u00e5 et forl\u00f8b, der b\u00e5de giver mening og skaber v\u00e6rdi. Her er nogle punkter, du kan bruge i din vurdering:<\/p>\n<ul>\n<li><strong>Dine interesser og kompetencer:<\/strong> Overvej, hvad der motiverer dig inden for milj\u00f8feltet, og hvad du allerede kan. Br\u00e6nder du for biodiversitet, kan naturbeskyttelse v\u00e6re oplagt. Vil du hellere arbejde med affald og ressourcer, s\u00e5 v\u00e6lg et forl\u00f8b med fokus p\u00e5 genbrug og affaldsreduktion.<\/li>\n<li><strong>Destinationen:<\/strong> V\u00e6lg et sted, der passer til dine forventninger til kultur, klima og sprog. T\u00e6nk ogs\u00e5 over levevilk\u00e5r og sikkerhed.<\/li>\n<li><strong>Varighed:<\/strong> Afklar hvor l\u00e6nge du kan forpligte dig. Nogle forl\u00f8b varer f\u00e5 uger, mens andre kan str\u00e6kke sig over flere m\u00e5neder.<\/li>\n<li><strong>Effekt og holdbarhed:<\/strong> S\u00f8rg for, at forl\u00f8bet bidrager positivt p\u00e5 en m\u00e5de, der kan holde over tid \u2013 og at aktiviteterne drives lokalt og svarer p\u00e5 reelle behov.<\/li>\n<li><strong>St\u00f8tte og forberedelse:<\/strong> Tjek om der er forberedelse og l\u00f8bende st\u00f8tte undervejs. God briefing g\u00f8r en stor forskel for et ansvarligt ophold.<\/li>\n<li><strong>Budget:<\/strong> Vurder prisen og de muligheder, der findes for betaling og finansiering.<\/li>\n<\/ul>\n<p><img loading=\"lazy\" decoding=\"async\" class=\"aligncenter wp-image-9516 size-medium\" src=\"https:\/\/www.vita-explorers.dk\/blog\/wp-content\/uploads\/2018\/04\/20273490081_fd0d80ff511-min-300x200.jpg\" alt=\"deltager i Californien, der hj\u00e6lper til\" width=\"300\" height=\"200\" srcset=\"https:\/\/www.vita-explorers.dk\/blog\/wp-content\/uploads\/2018\/04\/20273490081_fd0d80ff511-min-300x200.jpg 300w, https:\/\/www.vita-explorers.dk\/blog\/wp-content\/uploads\/2018\/04\/20273490081_fd0d80ff511-min-150x100.jpg 150w, https:\/\/www.vita-explorers.dk\/blog\/wp-content\/uploads\/2018\/04\/20273490081_fd0d80ff511-min.jpg 500w\" sizes=\"(max-width: 300px) 100vw, 300px\" \/><\/p>\n<h2 id=\"comment-participer\">S\u00e5dan deltager du<\/h2>\n<h3 id=\"etapes-de-candidature\"><strong>Trin i ans\u00f8gningsprocessen<\/strong><\/h3>\n<p style=\"text-align: justify;\">At deltage i en milj\u00f8praktik i udlandet med VITA er en enkel og struktureret proces. Her er de vigtigste trin:<\/p>\n<ol>\n<li><strong>Selvafklaring:<\/strong> T\u00e6nk over din motivation, dine kompetencer og hvad du h\u00e5ber at f\u00e5 ud af forl\u00f8bet. Det g\u00f8r det lettere at v\u00e6lge rigtigt.<\/li>\n<li><strong>Research og valg:<\/strong> Se de forskellige muligheder for milj\u00f8praktik hos VITA. Sammenlign projekter, destinationer og varighed, s\u00e5 du kan tr\u00e6ffe et informeret valg.<\/li>\n<li><strong>Ans\u00f8gning:<\/strong> Udfyld den online ans\u00f8gning p\u00e5 <a href=\"https:\/\/membre.globalong.com\/ident?_gl=1*1156r6w*_gcl_au*MjA1MjE0Njg2NS4xNzMwNjI5Nzcy\" target=\"_blank\" rel=\"noopener\">VITAs<\/a> website. Forbered et opdateret CV og en motiveret ans\u00f8gning, der viser din interesse og dine relevante kompetencer.<\/li>\n<li><strong>Samtale:<\/strong> Nogle forl\u00f8b kan kr\u00e6ve en samtale, s\u00e5 vi kan l\u00e6re dig bedre at kende og afstemme forventninger. V\u00e6r klar til at fort\u00e6lle om din baggrund, dine styrker og dine m\u00e5l.<\/li>\n<li><strong>Praktisk forberedelse:<\/strong> N\u00e5r du er optaget, planl\u00e6gger du det praktiske \u2013 fx visum, vaccinationer, <a href=\"https:\/\/www.vita-explorers.dk\/blog\/rejseforsikring-og-vacciner-paa-et-internationalt-forloeb\/\" target=\"_blank\" rel=\"noopener\">rejseforsikring<\/a> og flybilletter. S\u00f8rg for, at alle dokumenter er p\u00e5 plads f\u00f8r afrejse.<\/li>\n<li><strong>Forberedelse og briefing:<\/strong> Deltag i VITAs forberedelse, s\u00e5 du forst\u00e5r konteksten, projektets m\u00e5l og gode principper for samarbejde i praksis.<\/li>\n<li><strong>Afrejse og opstart:<\/strong> N\u00e5r du er fremme, brug tid p\u00e5 at falde til, forst\u00e5 hverdagen og bidrage p\u00e5 en m\u00e5de, der passer ind i det arbejde, der allerede er i gang.<\/li>\n<\/ol>\n<h3 id=\"preparation-au-stage\"><strong>Forberedelse til milj\u00f8praktik i udlandet<\/strong><\/h3>\n<p style=\"text-align: justify;\">God forberedelse er afg\u00f8rende for at f\u00e5 et godt og ansvarligt forl\u00f8b. Her er nogle r\u00e5d, der kan hj\u00e6lpe dig p\u00e5 vej:<\/p>\n<ul>\n<li><strong>Viden om destinationen:<\/strong> S\u00e6t dig ind i kultur, normer, sprog og levevilk\u00e5r. Det g\u00f8r det lettere at falde til og mindsker risikoen for<a href=\"https:\/\/www.vita-explorers.dk\/blog\/kulturchok-det-er-helt-normalt\/\" target=\"_blank\" rel=\"noopener\"> kulturchok.<\/a><\/li>\n<li><strong>L\u00e6r lidt af sproget:<\/strong> Selv f\u00e5 gloser kan g\u00f8re en stor forskel i hverdagen og signalerer respekt.<\/li>\n<li><strong>Fysisk og mental forberedelse:<\/strong> Milj\u00f8praktik kan v\u00e6re b\u00e5de fysisk og mentalt kr\u00e6vende. S\u00f8rg for, at du er i god form og klar p\u00e5 udfordringer.<\/li>\n<li><strong>\u00d8konomi:<\/strong> L\u00e6g et realistisk budget til dine personlige udgifter. Nogle organisationer kan tilbyde stipendier eller st\u00f8tte.<\/li>\n<li><strong>Dokumenter:<\/strong> Tjek at du har pas, visum, vaccinationspapirer og rejseforsikring i orden.<\/li>\n<li><strong>Udstyr:<\/strong> Afh\u00e6ngigt af forl\u00f8bet kan du f\u00e5 brug for fx praktisk t\u00f8j, vandresko eller s\u00e6rligt udstyr.<\/li>\n<\/ul>\n<h2 id=\"temoignages-de-stagiaires\"><a href=\"https:\/\/www.vita-explorers.dk\/blog\/avis-globalong\/\" target=\"_blank\" rel=\"noopener\">Oplevelser fra deltagere<\/a><\/h2>\n<p style=\"text-align: justify;\">Erfaringer fra tidligere deltagere kan give b\u00e5de inspiration og et mere realistisk billede af hverdagen. Her er nogle stemmer fra personer, der har v\u00e6ret p\u00e5 milj\u00f8forl\u00f8b:<\/p>\n<div class=\"ti-widget ti-goog\" data-layout-id=\"4\" data-set-id=\"light-background\" data-pid=\"\" data-language=\"fr\" data-version=\"2\" data-review-target-width=\"300\" data-review-text-mode=\"readmore\" data-pager-autoplay-timeout=\"6\" > <div class=\"ti-widget-container ti-col-3\"> <div class=\"ti-reviews-container\"> <div class=\"ti-controls\"> <div class=\"ti-next\" aria-label=\"Avis suivante\" role=\"button\"><\/div> <div class=\"ti-prev\" aria-label=\"Avis pr\u00e9c\u00e9dent\" role=\"button\"><\/div> <\/div> <div class=\"ti-reviews-container-wrapper\">  <div data-empty=\"0\" class=\"ti-review-item source-Google ti-image-layout-thumbnail\" data-id=\"cfcd208495d565ef66e7dff9f98764da\" > <div class=\"ti-inner\"> <div class=\"ti-review-header\"> <div class=\"ti-profile-img\"> <img decoding=\"async\" src=\"https:\/\/lh3.googleusercontent.com\/a\/ACg8ocKpaoKe37CD0_POxO97KqB60GsWQRsIuG2vmCfXT-W_FY44vw=s120-c-rp-mo-br100\" srcset=\"https:\/\/lh3.googleusercontent.com\/a\/ACg8ocKpaoKe37CD0_POxO97KqB60GsWQRsIuG2vmCfXT-W_FY44vw=s120-c-rp-mo-br100 2x\" alt=\"Lucie Correia\" loading=\"lazy\" \/> <\/div> <div class=\"ti-profile-details\"> <div class=\"ti-name\"> Lucie Correia <\/div> <div class=\"ti-date\">2024-10-17<\/div> <\/div> <\/div> <span class=\"ti-stars\"><span class=\"ti-star f\"><\/span><span class=\"ti-star f\"><\/span><span class=\"ti-star f\"><\/span><span class=\"ti-star f\"><\/span><span class=\"ti-star f\"><\/span><\/span> <div class=\"ti-review-text-container ti-review-content\"><!-- R-CONTENT -->La communication avec Globalong est super, personnes tr\u00e8s pr\u00e9sentes pour les b\u00e9n\u00e9voles et \u00e9tudiants partant avec cette association. Elles r\u00e9pondent \u00e0 toutes nos questions et sont tr\u00e8s accessibles au t\u00e9l\u00e9phone.<!-- R-CONTENT --><\/div> <span class=\"ti-read-more\" data-container=\".ti-review-content\" data-collapse-text=\"Cacher\" data-open-text=\"Lire la suite\" ><\/span> <\/div> <\/div>  <div data-empty=\"0\" class=\"ti-review-item source-Google ti-image-layout-thumbnail\" data-id=\"cfcd208495d565ef66e7dff9f98764da\" > <div class=\"ti-inner\"> <div class=\"ti-review-header\"> <div class=\"ti-profile-img\"> <img decoding=\"async\" src=\"https:\/\/lh3.googleusercontent.com\/a-\/ALV-UjWqnnzM7-7c9BDqeTDF-a7pOgNjvLkJ3WshRd_Tn7z0Eu-AGQwo=s120-c-rp-mo-br100\" srcset=\"https:\/\/lh3.googleusercontent.com\/a-\/ALV-UjWqnnzM7-7c9BDqeTDF-a7pOgNjvLkJ3WshRd_Tn7z0Eu-AGQwo=s120-c-rp-mo-br100 2x\" alt=\"Ra\u00efssa Frisch\" loading=\"lazy\" \/> <\/div> <div class=\"ti-profile-details\"> <div class=\"ti-name\"> Ra\u00efssa Frisch <\/div> <div class=\"ti-date\">2024-10-14<\/div> <\/div> <\/div> <span class=\"ti-stars\"><span class=\"ti-star f\"><\/span><span class=\"ti-star f\"><\/span><span class=\"ti-star f\"><\/span><span class=\"ti-star f\"><\/span><span class=\"ti-star f\"><\/span><\/span> <div class=\"ti-review-text-container ti-review-content\"><!-- R-CONTENT -->J\u2019ai d\u00e9j\u00e0 eu l\u2019opportunit\u00e9 de r\u00e9aliser deux projets humanitaires avec l\u2019association Globalong. Je ne peux que la recommander, car j\u2019ai toujours b\u00e9n\u00e9fici\u00e9 d\u2019un excellent accompagnement, aussi bien avant que pendant le voyage. On ne vous laisse pas vous d\u00e9brouiller seuls, bien au contraire, vous \u00eates tr\u00e8s bien encadr\u00e9s pour accomplir toutes les d\u00e9marches dans les d\u00e9lais.\n\nAu-del\u00e0 du suivi, les exp\u00e9riences humanitaires propos\u00e9es par Globalong ne peuvent que transformer votre vie de mani\u00e8re positive. Elles vous apportent une richesse humaine inestimable.<!-- R-CONTENT --><\/div> <span class=\"ti-read-more\" data-container=\".ti-review-content\" data-collapse-text=\"Cacher\" data-open-text=\"Lire la suite\" ><\/span> <\/div> <\/div>  <div data-empty=\"0\" class=\"ti-review-item source-Google ti-image-layout-thumbnail\" data-id=\"cfcd208495d565ef66e7dff9f98764da\" > <div class=\"ti-inner\"> <div class=\"ti-review-header\"> <div class=\"ti-profile-img\"> <img decoding=\"async\" src=\"https:\/\/lh3.googleusercontent.com\/a\/ACg8ocJL-Dxv25YkXK2QwWPNRxTVqZCv5uTmDQDFg5qslKra3vRZew=s120-c-rp-mo-br100\" srcset=\"https:\/\/lh3.googleusercontent.com\/a\/ACg8ocJL-Dxv25YkXK2QwWPNRxTVqZCv5uTmDQDFg5qslKra3vRZew=s120-c-rp-mo-br100 2x\" alt=\"Tara Turan\" loading=\"lazy\" \/> <\/div> <div class=\"ti-profile-details\"> <div class=\"ti-name\"> Tara Turan <\/div> <div class=\"ti-date\">2024-10-14<\/div> <\/div> <\/div> <span class=\"ti-stars\"><span class=\"ti-star f\"><\/span><span class=\"ti-star f\"><\/span><span class=\"ti-star f\"><\/span><span class=\"ti-star f\"><\/span><span class=\"ti-star f\"><\/span><\/span> <div class=\"ti-review-text-container ti-review-content\"><!-- R-CONTENT -->Une des meilleures associations que j\u2019ai pu faire !\nUne organisation et un suivi vraiment parfait, c\u2019est avec grand plaisir que je referai un projet avec eux.<!-- R-CONTENT --><\/div> <span class=\"ti-read-more\" data-container=\".ti-review-content\" data-collapse-text=\"Cacher\" data-open-text=\"Lire la suite\" ><\/span> <\/div> <\/div>  <div data-empty=\"0\" class=\"ti-review-item source-Google ti-image-layout-thumbnail\" data-id=\"cfcd208495d565ef66e7dff9f98764da\" > <div class=\"ti-inner\"> <div class=\"ti-review-header\"> <div class=\"ti-profile-img\"> <img decoding=\"async\" src=\"https:\/\/lh3.googleusercontent.com\/a\/ACg8ocLctTPNovSk3eKM0b_MIPOfcFEQsz2135Cdu59_BWRVsIYC7Q=s120-c-rp-mo-br100\" srcset=\"https:\/\/lh3.googleusercontent.com\/a\/ACg8ocLctTPNovSk3eKM0b_MIPOfcFEQsz2135Cdu59_BWRVsIYC7Q=s120-c-rp-mo-br100 2x\" alt=\"Repiquet Julie\" loading=\"lazy\" \/> <\/div> <div class=\"ti-profile-details\"> <div class=\"ti-name\"> Repiquet Julie <\/div> <div class=\"ti-date\">2024-10-13<\/div> <\/div> <\/div> <span class=\"ti-stars\"><span class=\"ti-star f\"><\/span><span class=\"ti-star f\"><\/span><span class=\"ti-star f\"><\/span><span class=\"ti-star f\"><\/span><span class=\"ti-star f\"><\/span><\/span> <div class=\"ti-review-text-container ti-review-content\"><!-- R-CONTENT -->Tr\u00e8s bon accompagnement de la part de Globalong, du premier jour avec toutes mes interrogations, jusqu'au d\u00e9part dans quelques jours. Le dossier transmis apr\u00e8s validation de la mission est plus que complet, les webmaster tr\u00e8s int\u00e9ressantes et permettent de d\u00e9charger mentalement ce genre de pr\u00e9paration, tout est pr\u00e9vu il n'y a plus qu'\u00e0 suivre ! Merci \u00e0 Florence de r\u00e9pondre \u00e0 toutes mes questions avec gentillesse et bienveillance, cela m'a permis de passer le cap!\nMaintenant, il n'y a plus qu'\u00e0 \ud83d\ude00<!-- R-CONTENT --><\/div> <span class=\"ti-read-more\" data-container=\".ti-review-content\" data-collapse-text=\"Cacher\" data-open-text=\"Lire la suite\" ><\/span> <\/div> <\/div>  <div data-empty=\"0\" class=\"ti-review-item source-Google ti-image-layout-thumbnail\" data-id=\"cfcd208495d565ef66e7dff9f98764da\" > <div class=\"ti-inner\"> <div class=\"ti-review-header\"> <div class=\"ti-profile-img\"> <img decoding=\"async\" src=\"https:\/\/lh3.googleusercontent.com\/a\/ACg8ocJJTdmTWs8nAA0yuH_cKOUgzc6GFAkHBiXhpnnVYXaWMBZsHw=s120-c-rp-mo-br100\" srcset=\"https:\/\/lh3.googleusercontent.com\/a\/ACg8ocJJTdmTWs8nAA0yuH_cKOUgzc6GFAkHBiXhpnnVYXaWMBZsHw=s120-c-rp-mo-br100 2x\" alt=\"Marine Guilhamat\" loading=\"lazy\" \/> <\/div> <div class=\"ti-profile-details\"> <div class=\"ti-name\"> Marine Guilhamat <\/div> <div class=\"ti-date\">2024-10-09<\/div> <\/div> <\/div> <span class=\"ti-stars\"><span class=\"ti-star f\"><\/span><span class=\"ti-star f\"><\/span><span class=\"ti-star f\"><\/span><span class=\"ti-star f\"><\/span><span class=\"ti-star f\"><\/span><\/span> <div class=\"ti-review-text-container ti-review-content\"><!-- R-CONTENT -->Tr\u00e8s belle association qui offre un cadre super s\u00e9curisant et permet de s\u2019investir dans des projets qui ont du sens. Merci \u00e0 l\u2019\u00e9quipe Globalong pour votre disponibilit\u00e9, gentillesse et accompagnement !<!-- R-CONTENT --><\/div> <span class=\"ti-read-more\" data-container=\".ti-review-content\" data-collapse-text=\"Cacher\" data-open-text=\"Lire la suite\" ><\/span> <\/div> <\/div>  <div data-empty=\"0\" class=\"ti-review-item source-Google ti-image-layout-thumbnail\" data-id=\"cfcd208495d565ef66e7dff9f98764da\" > <div class=\"ti-inner\"> <div class=\"ti-review-header\"> <div class=\"ti-profile-img\"> <img decoding=\"async\" src=\"https:\/\/lh3.googleusercontent.com\/a\/ACg8ocIgITHXKo46qgJyPqlJeAcxz11gCKUJpGIk2qauiIe2O3iZ6w=s120-c-rp-mo-br100\" srcset=\"https:\/\/lh3.googleusercontent.com\/a\/ACg8ocIgITHXKo46qgJyPqlJeAcxz11gCKUJpGIk2qauiIe2O3iZ6w=s120-c-rp-mo-br100 2x\" alt=\"Laura Mercier\" loading=\"lazy\" \/> <\/div> <div class=\"ti-profile-details\"> <div class=\"ti-name\"> Laura Mercier <\/div> <div class=\"ti-date\">2024-10-08<\/div> <\/div> <\/div> <span class=\"ti-stars\"><span class=\"ti-star f\"><\/span><span class=\"ti-star f\"><\/span><span class=\"ti-star f\"><\/span><span class=\"ti-star f\"><\/span><span class=\"ti-star f\"><\/span><\/span> <div class=\"ti-review-text-container ti-review-content\"><!-- R-CONTENT -->Mon d\u00e9part approche, je pars dans une semaine, et depuis le d\u00e9but de mon inscription je suis tr\u00e8s satisfaite du suivi effectu\u00e9 par l\u2019association. Ils sont tr\u00e8s disponibles et r\u00e9pondent rapidement \u00e0 l\u2019ensemble des questions. Je suis tr\u00e8s contente de partir faire cette mission humanitaire encadr\u00e9e par cette association. Je recommande vraiment.<!-- R-CONTENT --><\/div> <span class=\"ti-read-more\" data-container=\".ti-review-content\" data-collapse-text=\"Cacher\" data-open-text=\"Lire la suite\" ><\/span> <\/div> <\/div>  <div data-empty=\"0\" class=\"ti-review-item source-Google ti-image-layout-thumbnail\" data-id=\"cfcd208495d565ef66e7dff9f98764da\" > <div class=\"ti-inner\"> <div class=\"ti-review-header\"> <div class=\"ti-profile-img\"> <img decoding=\"async\" src=\"https:\/\/lh3.googleusercontent.com\/a-\/ALV-UjVVr0YMQhXl8QNEEB32l-rnoaYwvRZUjIEX9OEwPE_1fQwzIyk=s120-c-rp-mo-br100\" srcset=\"https:\/\/lh3.googleusercontent.com\/a-\/ALV-UjVVr0YMQhXl8QNEEB32l-rnoaYwvRZUjIEX9OEwPE_1fQwzIyk=s120-c-rp-mo-br100 2x\" alt=\"Anouk Rzkt\" loading=\"lazy\" \/> <\/div> <div class=\"ti-profile-details\"> <div class=\"ti-name\"> Anouk Rzkt <\/div> <div class=\"ti-date\">2024-10-02<\/div> <\/div> <\/div> <span class=\"ti-stars\"><span class=\"ti-star f\"><\/span><span class=\"ti-star f\"><\/span><span class=\"ti-star f\"><\/span><span class=\"ti-star f\"><\/span><span class=\"ti-star f\"><\/span><\/span> <div class=\"ti-review-text-container ti-review-content\"><!-- R-CONTENT -->Globalong est l'association parfaite. L'\u00e9quipe offre un v\u00e9ritable accompagnement rythm\u00e9 par beaucoup de conseils et d'\u00e9coute. Le site est tr\u00e8s bien fait avec des dossiers complets allant des sujets tr\u00e8s pratiques a d'autres plus th\u00e9oriques (tels que le choc culturel par exemple). Je recommande vivement et remercie sinc\u00e8rement toute l'\u00e9quipe pour leur gentillesse et investissement !<!-- R-CONTENT --><\/div> <span class=\"ti-read-more\" data-container=\".ti-review-content\" data-collapse-text=\"Cacher\" data-open-text=\"Lire la suite\" ><\/span> <\/div> <\/div>  <\/div> <div class=\"ti-controls-line\"> <div class=\"dot\"><\/div> <\/div> <\/div> <div class=\"ti-footer\"> <div class=\"ti-rating-text\"> <span class=\"nowrap\">\u00c9valuation <strong>Google<\/strong> : <\/span><span class=\"nowrap\"><strong>4.8<\/strong> sur 5, <\/span><span class=\"nowrap\">Bas\u00e9e sur <strong>240 avis<\/strong><\/span> <\/div> <\/div>  <\/div> <\/div> \n<h3 id=\"temoignage-1--lucie-ecologiste-au-perou\"><strong>Lucie, milj\u00f8interesseret i Peru<\/strong><\/h3>\n<p><em>&#8220;Min milj\u00f8praktik i Peru var en virkelig st\u00e6rk oplevelse. Jeg arbejdede med genplantning i Amazonas-omr\u00e5det, og det gav mig mulighed for at bidrage til biodiversiteten, samtidig med at jeg l\u00e6rte meget om \u00f8kosystemer. Opholdet hjalp mig ogs\u00e5 med at udvikle kompetencer inden for projektarbejde og kommunikation.&#8221;<\/em><\/p>\n<h3 id=\"temoignage-2--mathieu-gestionnaire-de-dechets-en-indonesie\"><strong>Mathieu, affaldsh\u00e5ndtering<\/strong><\/h3>\n<p><em>&#8220;At v\u00e6re med i projektet var en l\u00e6rerig oplevelse. Jeg kunne hj\u00e6lpe med at etablere initiativer for genbrug og oplysning om at reducere plastaffald. Forl\u00f8bet gjorde en konkret forskel for mig og gav mig samtidig et tydeligere fagligt spor inden for milj\u00f8 og ressourcer.&#8221;<\/em><\/p>\n<h3 id=\"temoignage-3--sophie-conservation-des-animaux-en-afrique-du-sud\"><strong>Sophie, natur- og dyrebeskyttelse i Sydafrika<\/strong><\/h3>\n<p><em>&#8220;Mit forl\u00f8b med natur- og dyrebeskyttelse i Sydafrika var uforglemmeligt. Jeg arbejdede sammen med lokale teams om at beskytte truede arter og st\u00f8tte restaurering af deres levesteder. Det gav mig en mere nuanceret forst\u00e5else af milj\u00f8udfordringer og inspirerede mig til at g\u00e5 videre inden for \u00f8kologi.&#8221;<\/em><\/p>\n<h2 id=\"faq\"><a href=\"https:\/\/www.vita-explorers.dk\/blog\/faq-internationalt-frivilligt-arbejde\/\" target=\"_blank\" rel=\"noopener\">FAQ<\/a><\/h2>\n<h3 id=\"quelles-sont-les-competences-necessaires-pour-un-stage-environnement-etranger\"><strong>Hvilke kompetencer kr\u00e6ver en milj\u00f8praktik i udlandet?<\/strong><\/h3>\n<p style=\"text-align: justify;\">Det afh\u00e6nger af forl\u00f8bet. Kompetencer inden for naturforst\u00e5else, projektarbejde, kommunikation og et vist fysisk overskud er ofte relevante. Evnen til at samarbejde, tilpasse sig nye kulturelle rammer og finde praktiske l\u00f8sninger undervejs er ogs\u00e5 vigtig.<\/p>\n<h3 id=\"combien-de-temps-dure-un-stage-environnement-etranger\"><strong>Hvor l\u00e6nge varer en milj\u00f8praktik i udlandet?<\/strong><\/h3>\n<p style=\"text-align: justify;\">Varigheden kan sp\u00e6nde fra f\u00e5 uger til flere m\u00e5neder \u2013 i nogle tilf\u00e6lde op til et helt \u00e5r. Det afh\u00e6nger af programmet, projektets behov og dine egne muligheder.<\/p>\n<h3 id=\"est-il-necessaire-davoir-une-experience-prealable-pour-participer\"><strong>Skal man have erfaring for at deltage i en milj\u00f8praktik i udlandet?<\/strong><\/h3>\n<p style=\"text-align: justify;\">Selvom erfaring kan v\u00e6re en fordel, byder <strong>VITA<\/strong> ogs\u00e5 deltagere velkommen uden forudg\u00e5ende erfaring inden for milj\u00f8omr\u00e5det. En god indstilling, lysten til at l\u00e6re og evnen til at tilpasse sig vejer ofte tungere end specifik viden.<\/p>\n<h3 id=\"comment-financer-son-stage-environnement-etranger\"><strong>Hvordan kan man finansiere sin milj\u00f8praktik i udlandet?<\/strong><\/h3>\n<p style=\"text-align: justify;\">Finansiering kan ske via opsparing, <a href=\"https:\/\/www.vita-explorers.dk\/blog\/indsamling-af-fonde-fordelene-ved-en-online-indsamling\/\" target=\"_blank\" rel=\"noopener\">fundraising<\/a>, stipendier eller st\u00f8tteordninger fra enkelte institutioner. Det kan v\u00e6re en god id\u00e9 at se finansieringsafsnittet p\u00e5 VITAs hjemmeside og planl\u00e6gge budgettet i god tid.<\/p>\n<h3 id=\"quels-sont-les-impacts-environnementaux-des-stages-environnement-etrangers\"><strong>Hvilken effekt har milj\u00f8praktikker i udlandet?<\/strong><\/h3>\n<p style=\"text-align: justify;\">Milj\u00f8praktikker kan bidrage positivt til natur- og b\u00e6redygtighedsindsatser. N\u00e5r deltagere er med i fx genplantning, affaldsh\u00e5ndtering eller milj\u00f8oplysning, styrkes arbejdet med biodiversitet og mere b\u00e6redygtige l\u00f8sninger i hverdagen. Samtidig kan forl\u00f8bene \u00f8ge bevidstheden om milj\u00f8udfordringer og st\u00f8tte bedre praksis lokalt.<\/p>\n<h2 id=\"conclusion\">Afrunding<\/h2>\n<p style=\"text-align: justify;\">En <strong>milj\u00f8praktik i udlandet<\/strong> er mere end et punkt p\u00e5 CV\u2019et; det er en mulighed for at bidrage konkret til at passe p\u00e5 vores planet \u2013 samtidig med at du udvikler dig personligt og fagligt. Ved at indg\u00e5 i indsatser som naturbeskyttelse, affaldsh\u00e5ndtering eller milj\u00f8oplysning st\u00f8tter du l\u00f8sninger, der kan g\u00f8re en positiv forskel over tid.<\/p>\n<p style=\"text-align: justify;\">Den internationale ramme giver dig nye perspektiver, m\u00f8der med mennesker, der deler dine v\u00e6rdier, og erfaringer du kan tage med videre. Uanset om du dr\u00f8mmer om en karriere inden for milj\u00f8 og b\u00e6redygtighed, eller du blot \u00f8nsker at engagere dig i en sag, der betyder noget for dig.<\/p>\n<p style=\"text-align: justify;\">N\u00e5r du planl\u00e6gger dit forl\u00f8b grundigt, m\u00f8der andre med respekt og er \u00e5ben for at l\u00e6re, f\u00e5r du mest muligt ud af opholdet \u2013 og bidrager til mere b\u00e6redygtige og fair l\u00f8sninger.<\/p>\n<p><img loading=\"lazy\" decoding=\"async\" class=\"aligncenter wp-image-10432 size-medium\" src=\"https:\/\/www.vita-explorers.dk\/blog\/wp-content\/uploads\/2018\/06\/27113123729_3c78334ea5_o-min-300x169.jpg\" alt=\"internationalt frivilligt arbejde med milj\u00f8\" width=\"300\" height=\"169\" srcset=\"https:\/\/www.vita-explorers.dk\/blog\/wp-content\/uploads\/2018\/06\/27113123729_3c78334ea5_o-min-300x169.jpg 300w, https:\/\/www.vita-explorers.dk\/blog\/wp-content\/uploads\/2018\/06\/27113123729_3c78334ea5_o-min-768x432.jpg 768w, https:\/\/www.vita-explorers.dk\/blog\/wp-content\/uploads\/2018\/06\/27113123729_3c78334ea5_o-min-1024x575.jpg 1024w, https:\/\/www.vita-explorers.dk\/blog\/wp-content\/uploads\/2018\/06\/27113123729_3c78334ea5_o-min-150x84.jpg 150w\" sizes=\"(max-width: 300px) 100vw, 300px\" \/><\/p>\n<p><!-- Knapper til deling p\u00e5 sociale medier --><\/p>\n<p style=\"text-align: center;\"><strong>Vil du vide mere om milj\u00f8praktik og blive en del af vores engagerede community, s\u00e5 find os p\u00e5 <a href=\"https:\/\/www.instagram.com\/globalongofficiel\/\" target=\"_blank\" rel=\"noopener\">Instagram<\/a>,\u00a0<a href=\"https:\/\/www.facebook.com\/globalong\" target=\"_blank\" rel=\"noopener\">Facebook<\/a>,\u00a0<a href=\"https:\/\/www.linkedin.com\/company\/5113177\/admin\/feed\/posts\/\" target=\"_blank\" rel=\"noopener\">LinkedIn<\/a>\u00a0og\u00a0<a href=\"https:\/\/www.youtube.com\/c\/globalong\/videos\" target=\"_blank\" rel=\"noopener\">YouTube<\/a>\u00a0!<\/strong><\/p>\n<\/article>\n<\/div>\n<p>\u00a0<\/p>\n","protected":false},"excerpt":{"rendered":"<p>Milj\u00f8praktik i udlandet med VITA: Bidrag til at passe p\u00e5 planeten \u2013 og styrk din internationale erfaring Indhold Introduktion Hvad er en milj\u00f8praktik i\u2026<\/p>\n","protected":false},"author":7,"featured_media":19268,"comment_status":"open","ping_status":"open","sticky":false,"template":"","format":"standard","meta":{"footnotes":""},"categories":[8,6,4],"tags":[],"yoast_head":"<!-- This site is optimized with the Yoast SEO Premium plugin v23.4 (Yoast SEO v23.4) - https:\/\/yoast.com\/wordpress\/plugins\/seo\/ -->\n<title>Milj\u00f8forl\u00f8b i udlandet: g\u00f8r en indsats for planeten<\/title>\n<meta name=\"description\" content=\"D\u00e9couvrez les avantages d&#039;un stage environnemental \u00e0 l&#039;\u00e9tranger et contribuez activement \u00e0 la conservation et la protection de la plan\u00e8te.\" \/>\n<meta name=\"robots\" content=\"index, follow, max-snippet:-1, max-image-preview:large, max-video-preview:-1\" \/>\n<link rel=\"canonical\" href=\"https:\/\/www.vita-explorers.dk\/blog\/miljoforlob-i-udlandet\/\" \/>\n<meta property=\"og:locale\" content=\"da_DK\" \/>\n<meta property=\"og:type\" content=\"article\" \/>\n<meta property=\"og:title\" content=\"Milj\u00f8praktik i udlandet\" \/>\n<meta property=\"og:description\" content=\"D\u00e9couvrez les avantages d&#039;un stage environnemental \u00e0 l&#039;\u00e9tranger et contribuez activement \u00e0 la conservation et la protection de la plan\u00e8te.\" \/>\n<meta property=\"og:url\" content=\"https:\/\/www.vita-explorers.dk\/blog\/miljoforlob-i-udlandet\/\" \/>\n<meta property=\"og:site_name\" content=\"VITA Explorers Blog\" \/>\n<meta property=\"article:publisher\" content=\"https:\/\/www.facebook.com\/globalong\" \/>\n<meta property=\"article:published_time\" content=\"2024-12-28T02:02:32+00:00\" \/>\n<meta property=\"article:modified_time\" content=\"2025-09-07T14:41:49+00:00\" \/>\n<meta property=\"og:image\" content=\"https:\/\/www.vita-explorers.dk\/blog\/wp-content\/uploads\/2024\/11\/300577665_10159652489151487_5439550758874821546_n.jpg\" \/>\n\t<meta property=\"og:image:width\" content=\"2048\" \/>\n\t<meta property=\"og:image:height\" content=\"1536\" \/>\n\t<meta property=\"og:image:type\" content=\"image\/jpeg\" \/>\n<meta name=\"author\" content=\"VITA Tribe\" \/>\n<meta name=\"twitter:card\" content=\"summary_large_image\" \/>\n<meta name=\"twitter:label1\" content=\"Skrevet af\" \/>\n\t<meta name=\"twitter:data1\" content=\"VITA Tribe\" \/>\n\t<meta name=\"twitter:label2\" content=\"Estimeret l\u00e6setid\" \/>\n\t<meta name=\"twitter:data2\" content=\"12 minutter\" \/>\n<script type=\"application\/ld+json\" class=\"yoast-schema-graph\">{\"@context\":\"https:\/\/schema.org\",\"@graph\":[{\"@type\":\"Article\",\"@id\":\"https:\/\/www.vita-explorers.dk\/blog\/miljoforlob-i-udlandet\/#article\",\"isPartOf\":{\"@id\":\"https:\/\/www.vita-explorers.dk\/blog\/miljoforlob-i-udlandet\/\"},\"author\":{\"name\":\"VITA Tribe\",\"@id\":\"https:\/\/www.vita-explorers.dk\/blog\/#\/schema\/person\/fc0343a2f2db2ebb2793c1f62dbe73f0\"},\"headline\":\"Milj\u00f8praktik i udlandet\",\"datePublished\":\"2024-12-28T02:02:32+00:00\",\"dateModified\":\"2025-09-07T14:41:49+00:00\",\"mainEntityOfPage\":{\"@id\":\"https:\/\/www.vita-explorers.dk\/blog\/miljoforlob-i-udlandet\/\"},\"wordCount\":1907,\"commentCount\":0,\"publisher\":{\"@id\":\"https:\/\/www.vita-explorers.dk\/blog\/#organization\"},\"image\":{\"@id\":\"https:\/\/www.vita-explorers.dk\/blog\/miljoforlob-i-udlandet\/#primaryimage\"},\"thumbnailUrl\":\"https:\/\/www.vita-explorers.dk\/blog\/wp-content\/uploads\/2024\/11\/300577665_10159652489151487_5439550758874821546_n.jpg\",\"articleSection\":[\"Humanit\u00e6rt frivilligt arbejde\",\"Nyheder\",\"VITA Explorers\"],\"inLanguage\":\"da-DK\",\"potentialAction\":[{\"@type\":\"CommentAction\",\"name\":\"Comment\",\"target\":[\"https:\/\/www.vita-explorers.dk\/blog\/miljoforlob-i-udlandet\/#respond\"]}]},{\"@type\":\"WebPage\",\"@id\":\"https:\/\/www.vita-explorers.dk\/blog\/miljoforlob-i-udlandet\/\",\"url\":\"https:\/\/www.vita-explorers.dk\/blog\/miljoforlob-i-udlandet\/\",\"name\":\"Milj\u00f8forl\u00f8b i udlandet: g\u00f8r en indsats for planeten\",\"isPartOf\":{\"@id\":\"https:\/\/www.vita-explorers.dk\/blog\/#website\"},\"primaryImageOfPage\":{\"@id\":\"https:\/\/www.vita-explorers.dk\/blog\/miljoforlob-i-udlandet\/#primaryimage\"},\"image\":{\"@id\":\"https:\/\/www.vita-explorers.dk\/blog\/miljoforlob-i-udlandet\/#primaryimage\"},\"thumbnailUrl\":\"https:\/\/www.vita-explorers.dk\/blog\/wp-content\/uploads\/2024\/11\/300577665_10159652489151487_5439550758874821546_n.jpg\",\"datePublished\":\"2024-12-28T02:02:32+00:00\",\"dateModified\":\"2025-09-07T14:41:49+00:00\",\"description\":\"D\u00e9couvrez les avantages d'un stage environnemental \u00e0 l'\u00e9tranger et contribuez activement \u00e0 la conservation et la protection de la plan\u00e8te.\",\"breadcrumb\":{\"@id\":\"https:\/\/www.vita-explorers.dk\/blog\/miljoforlob-i-udlandet\/#breadcrumb\"},\"inLanguage\":\"da-DK\",\"potentialAction\":[{\"@type\":\"ReadAction\",\"target\":[\"https:\/\/www.vita-explorers.dk\/blog\/miljoforlob-i-udlandet\/\"]}]},{\"@type\":\"ImageObject\",\"inLanguage\":\"da-DK\",\"@id\":\"https:\/\/www.vita-explorers.dk\/blog\/miljoforlob-i-udlandet\/#primaryimage\",\"url\":\"https:\/\/www.vita-explorers.dk\/blog\/wp-content\/uploads\/2024\/11\/300577665_10159652489151487_5439550758874821546_n.jpg\",\"contentUrl\":\"https:\/\/www.vita-explorers.dk\/blog\/wp-content\/uploads\/2024\/11\/300577665_10159652489151487_5439550758874821546_n.jpg\",\"width\":2048,\"height\":1536,\"caption\":\"Stage environemental \u00e0 l'\u00e9tranger\"},{\"@type\":\"BreadcrumbList\",\"@id\":\"https:\/\/www.vita-explorers.dk\/blog\/miljoforlob-i-udlandet\/#breadcrumb\",\"itemListElement\":[{\"@type\":\"ListItem\",\"position\":1,\"name\":\"Accueil\",\"item\":\"https:\/\/www.vita-explorers.dk\/blog\/\"},{\"@type\":\"ListItem\",\"position\":2,\"name\":\"Milj\u00f8praktik i udlandet\"}]},{\"@type\":\"WebSite\",\"@id\":\"https:\/\/www.vita-explorers.dk\/blog\/#website\",\"url\":\"https:\/\/www.vita-explorers.dk\/blog\/\",\"name\":\"Association Globalong\",\"description\":\"Frivilligt arbejde, sprogophold, praktik i udlandet og internationale oplevelser\",\"publisher\":{\"@id\":\"https:\/\/www.vita-explorers.dk\/blog\/#organization\"},\"potentialAction\":[{\"@type\":\"SearchAction\",\"target\":{\"@type\":\"EntryPoint\",\"urlTemplate\":\"https:\/\/www.vita-explorers.dk\/blog\/?s={search_term_string}\"},\"query-input\":{\"@type\":\"PropertyValueSpecification\",\"valueRequired\":true,\"valueName\":\"search_term_string\"}}],\"inLanguage\":\"da-DK\"},{\"@type\":\"Organization\",\"@id\":\"https:\/\/www.vita-explorers.dk\/blog\/#organization\",\"name\":\"Association Globalong\",\"url\":\"https:\/\/www.vita-explorers.dk\/blog\/\",\"logo\":{\"@type\":\"ImageObject\",\"inLanguage\":\"da-DK\",\"@id\":\"https:\/\/www.vita-explorers.dk\/blog\/#\/schema\/logo\/image\/\",\"url\":\"https:\/\/www.globalong.com\/blog\/wp-content\/uploads\/2014\/11\/cropped-cropped-Logo-et-Afrique-Globalong-petite-taille-2.jpg\",\"contentUrl\":\"https:\/\/www.globalong.com\/blog\/wp-content\/uploads\/2014\/11\/cropped-cropped-Logo-et-Afrique-Globalong-petite-taille-2.jpg\",\"width\":512,\"height\":512,\"caption\":\"Association Globalong\"},\"image\":{\"@id\":\"https:\/\/www.vita-explorers.dk\/blog\/#\/schema\/logo\/image\/\"},\"sameAs\":[\"https:\/\/www.facebook.com\/globalong\"]},{\"@type\":\"Person\",\"@id\":\"https:\/\/www.vita-explorers.dk\/blog\/#\/schema\/person\/fc0343a2f2db2ebb2793c1f62dbe73f0\",\"name\":\"VITA Tribe\",\"image\":{\"@type\":\"ImageObject\",\"inLanguage\":\"da-DK\",\"@id\":\"https:\/\/www.vita-explorers.dk\/blog\/#\/schema\/person\/image\/\",\"url\":\"https:\/\/secure.gravatar.com\/avatar\/f7f05026bb439d0c96b30e135e5f852c?s=96&d=mm&r=g\",\"contentUrl\":\"https:\/\/secure.gravatar.com\/avatar\/f7f05026bb439d0c96b30e135e5f852c?s=96&d=mm&r=g\",\"caption\":\"VITA Tribe\"},\"sameAs\":[\"http:\/\/www.globalong.com\"],\"url\":\"https:\/\/www.vita-explorers.dk\/blog\/author\/teamglobalong\/\"}]}<\/script>\n<!-- \/ Yoast SEO Premium plugin. -->","yoast_head_json":{"title":"Milj\u00f8forl\u00f8b i udlandet: g\u00f8r en indsats for planeten","description":"D\u00e9couvrez les avantages d'un stage environnemental \u00e0 l'\u00e9tranger et contribuez activement \u00e0 la conservation et la protection de la plan\u00e8te.","robots":{"index":"index","follow":"follow","max-snippet":"max-snippet:-1","max-image-preview":"max-image-preview:large","max-video-preview":"max-video-preview:-1"},"canonical":"https:\/\/www.vita-explorers.dk\/blog\/miljoforlob-i-udlandet\/","og_locale":"da_DK","og_type":"article","og_title":"Milj\u00f8praktik i udlandet","og_description":"D\u00e9couvrez les avantages d'un stage environnemental \u00e0 l'\u00e9tranger et contribuez activement \u00e0 la conservation et la protection de la plan\u00e8te.","og_url":"https:\/\/www.vita-explorers.dk\/blog\/miljoforlob-i-udlandet\/","og_site_name":"VITA Explorers Blog","article_publisher":"https:\/\/www.facebook.com\/globalong","article_published_time":"2024-12-28T02:02:32+00:00","article_modified_time":"2025-09-07T14:41:49+00:00","og_image":[{"width":2048,"height":1536,"url":"https:\/\/www.vita-explorers.dk\/blog\/wp-content\/uploads\/2024\/11\/300577665_10159652489151487_5439550758874821546_n.jpg","type":"image\/jpeg"}],"author":"VITA Tribe","twitter_card":"summary_large_image","twitter_misc":{"Skrevet af":"VITA Tribe","Estimeret l\u00e6setid":"12 minutter"},"schema":{"@context":"https:\/\/schema.org","@graph":[{"@type":"Article","@id":"https:\/\/www.vita-explorers.dk\/blog\/miljoforlob-i-udlandet\/#article","isPartOf":{"@id":"https:\/\/www.vita-explorers.dk\/blog\/miljoforlob-i-udlandet\/"},"author":{"name":"VITA Tribe","@id":"https:\/\/www.vita-explorers.dk\/blog\/#\/schema\/person\/fc0343a2f2db2ebb2793c1f62dbe73f0"},"headline":"Milj\u00f8praktik i udlandet","datePublished":"2024-12-28T02:02:32+00:00","dateModified":"2025-09-07T14:41:49+00:00","mainEntityOfPage":{"@id":"https:\/\/www.vita-explorers.dk\/blog\/miljoforlob-i-udlandet\/"},"wordCount":1907,"commentCount":0,"publisher":{"@id":"https:\/\/www.vita-explorers.dk\/blog\/#organization"},"image":{"@id":"https:\/\/www.vita-explorers.dk\/blog\/miljoforlob-i-udlandet\/#primaryimage"},"thumbnailUrl":"https:\/\/www.vita-explorers.dk\/blog\/wp-content\/uploads\/2024\/11\/300577665_10159652489151487_5439550758874821546_n.jpg","articleSection":["Humanit\u00e6rt frivilligt arbejde","Nyheder","VITA Explorers"],"inLanguage":"da-DK","potentialAction":[{"@type":"CommentAction","name":"Comment","target":["https:\/\/www.vita-explorers.dk\/blog\/miljoforlob-i-udlandet\/#respond"]}]},{"@type":"WebPage","@id":"https:\/\/www.vita-explorers.dk\/blog\/miljoforlob-i-udlandet\/","url":"https:\/\/www.vita-explorers.dk\/blog\/miljoforlob-i-udlandet\/","name":"Milj\u00f8forl\u00f8b i udlandet: g\u00f8r en indsats for planeten","isPartOf":{"@id":"https:\/\/www.vita-explorers.dk\/blog\/#website"},"primaryImageOfPage":{"@id":"https:\/\/www.vita-explorers.dk\/blog\/miljoforlob-i-udlandet\/#primaryimage"},"image":{"@id":"https:\/\/www.vita-explorers.dk\/blog\/miljoforlob-i-udlandet\/#primaryimage"},"thumbnailUrl":"https:\/\/www.vita-explorers.dk\/blog\/wp-content\/uploads\/2024\/11\/300577665_10159652489151487_5439550758874821546_n.jpg","datePublished":"2024-12-28T02:02:32+00:00","dateModified":"2025-09-07T14:41:49+00:00","description":"D\u00e9couvrez les avantages d'un stage environnemental \u00e0 l'\u00e9tranger et contribuez activement \u00e0 la conservation et la protection de la plan\u00e8te.","breadcrumb":{"@id":"https:\/\/www.vita-explorers.dk\/blog\/miljoforlob-i-udlandet\/#breadcrumb"},"inLanguage":"da-DK","potentialAction":[{"@type":"ReadAction","target":["https:\/\/www.vita-explorers.dk\/blog\/miljoforlob-i-udlandet\/"]}]},{"@type":"ImageObject","inLanguage":"da-DK","@id":"https:\/\/www.vita-explorers.dk\/blog\/miljoforlob-i-udlandet\/#primaryimage","url":"https:\/\/www.vita-explorers.dk\/blog\/wp-content\/uploads\/2024\/11\/300577665_10159652489151487_5439550758874821546_n.jpg","contentUrl":"https:\/\/www.vita-explorers.dk\/blog\/wp-content\/uploads\/2024\/11\/300577665_10159652489151487_5439550758874821546_n.jpg","width":2048,"height":1536,"caption":"Stage environemental \u00e0 l'\u00e9tranger"},{"@type":"BreadcrumbList","@id":"https:\/\/www.vita-explorers.dk\/blog\/miljoforlob-i-udlandet\/#breadcrumb","itemListElement":[{"@type":"ListItem","position":1,"name":"Accueil","item":"https:\/\/www.vita-explorers.dk\/blog\/"},{"@type":"ListItem","position":2,"name":"Milj\u00f8praktik i udlandet"}]},{"@type":"WebSite","@id":"https:\/\/www.vita-explorers.dk\/blog\/#website","url":"https:\/\/www.vita-explorers.dk\/blog\/","name":"Association Globalong","description":"Frivilligt arbejde, sprogophold, praktik i udlandet og internationale oplevelser","publisher":{"@id":"https:\/\/www.vita-explorers.dk\/blog\/#organization"},"potentialAction":[{"@type":"SearchAction","target":{"@type":"EntryPoint","urlTemplate":"https:\/\/www.vita-explorers.dk\/blog\/?s={search_term_string}"},"query-input":{"@type":"PropertyValueSpecification","valueRequired":true,"valueName":"search_term_string"}}],"inLanguage":"da-DK"},{"@type":"Organization","@id":"https:\/\/www.vita-explorers.dk\/blog\/#organization","name":"Association Globalong","url":"https:\/\/www.vita-explorers.dk\/blog\/","logo":{"@type":"ImageObject","inLanguage":"da-DK","@id":"https:\/\/www.vita-explorers.dk\/blog\/#\/schema\/logo\/image\/","url":"https:\/\/www.globalong.com\/blog\/wp-content\/uploads\/2014\/11\/cropped-cropped-Logo-et-Afrique-Globalong-petite-taille-2.jpg","contentUrl":"https:\/\/www.globalong.com\/blog\/wp-content\/uploads\/2014\/11\/cropped-cropped-Logo-et-Afrique-Globalong-petite-taille-2.jpg","width":512,"height":512,"caption":"Association Globalong"},"image":{"@id":"https:\/\/www.vita-explorers.dk\/blog\/#\/schema\/logo\/image\/"},"sameAs":["https:\/\/www.facebook.com\/globalong"]},{"@type":"Person","@id":"https:\/\/www.vita-explorers.dk\/blog\/#\/schema\/person\/fc0343a2f2db2ebb2793c1f62dbe73f0","name":"VITA Tribe","image":{"@type":"ImageObject","inLanguage":"da-DK","@id":"https:\/\/www.vita-explorers.dk\/blog\/#\/schema\/person\/image\/","url":"https:\/\/secure.gravatar.com\/avatar\/f7f05026bb439d0c96b30e135e5f852c?s=96&d=mm&r=g","contentUrl":"https:\/\/secure.gravatar.com\/avatar\/f7f05026bb439d0c96b30e135e5f852c?s=96&d=mm&r=g","caption":"VITA Tribe"},"sameAs":["http:\/\/www.globalong.com"],"url":"https:\/\/www.vita-explorers.dk\/blog\/author\/teamglobalong\/"}]}},"_links":{"self":[{"href":"https:\/\/www.vita-explorers.dk\/blog\/wp-json\/wp\/v2\/posts\/19770"}],"collection":[{"href":"https:\/\/www.vita-explorers.dk\/blog\/wp-json\/wp\/v2\/posts"}],"about":[{"href":"https:\/\/www.vita-explorers.dk\/blog\/wp-json\/wp\/v2\/types\/post"}],"author":[{"embeddable":true,"href":"https:\/\/www.vita-explorers.dk\/blog\/wp-json\/wp\/v2\/users\/7"}],"replies":[{"embeddable":true,"href":"https:\/\/www.vita-explorers.dk\/blog\/wp-json\/wp\/v2\/comments?post=19770"}],"version-history":[{"count":9,"href":"https:\/\/www.vita-explorers.dk\/blog\/wp-json\/wp\/v2\/posts\/19770\/revisions"}],"predecessor-version":[{"id":21622,"href":"https:\/\/www.vita-explorers.dk\/blog\/wp-json\/wp\/v2\/posts\/19770\/revisions\/21622"}],"wp:featuredmedia":[{"embeddable":true,"href":"https:\/\/www.vita-explorers.dk\/blog\/wp-json\/wp\/v2\/media\/19268"}],"wp:attachment":[{"href":"https:\/\/www.vita-explorers.dk\/blog\/wp-json\/wp\/v2\/media?parent=19770"}],"wp:term":[{"taxonomy":"category","embeddable":true,"href":"https:\/\/www.vita-explorers.dk\/blog\/wp-json\/wp\/v2\/categories?post=19770"},{"taxonomy":"post_tag","embeddable":true,"href":"https:\/\/www.vita-explorers.dk\/blog\/wp-json\/wp\/v2\/tags?post=19770"}],"curies":[{"name":"wp","href":"https:\/\/api.w.org\/{rel}","templated":true}]}}