{"id":19834,"date":"2025-01-02T08:12:22","date_gmt":"2025-01-02T07:12:22","guid":{"rendered":"https:\/\/www.globalong.com\/blog\/?p=19834"},"modified":"2025-02-08T14:15:11","modified_gmt":"2025-02-08T13:15:11","slug":"frivilligt-arbejde-i-afrika","status":"publish","type":"post","link":"https:\/\/www.vita-explorers.dk\/blog\/frivilligt-arbejde-i-afrika\/","title":{"rendered":"Frivilligt arbejde i Afrika"},"content":{"rendered":"<div class=\"globalong-container\">\n<article>\n<h1>Frivilligt arbejde i Afrika: En erfaring, der kan \u00e6ndre dit perspektiv<\/h1>\n<p><img loading=\"lazy\" decoding=\"async\" class=\"aligncenter wp-image-7896 size-medium\" src=\"https:\/\/www.vita-explorers.dk\/blog\/wp-content\/uploads\/2017\/11\/Be\u0301ne\u0301volat-avec-les-be\u0301ne\u0301voles-animaliers-Afrique-du-Sud-GlobAlong-300x200.jpg\" alt=\"Frivillig i Afrika\" width=\"300\" height=\"200\" srcset=\"https:\/\/www.vita-explorers.dk\/blog\/wp-content\/uploads\/2017\/11\/Be\u0301ne\u0301volat-avec-les-be\u0301ne\u0301voles-animaliers-Afrique-du-Sud-GlobAlong-300x200.jpg 300w, https:\/\/www.vita-explorers.dk\/blog\/wp-content\/uploads\/2017\/11\/Be\u0301ne\u0301volat-avec-les-be\u0301ne\u0301voles-animaliers-Afrique-du-Sud-GlobAlong-768x512.jpg 768w, https:\/\/www.vita-explorers.dk\/blog\/wp-content\/uploads\/2017\/11\/Be\u0301ne\u0301volat-avec-les-be\u0301ne\u0301voles-animaliers-Afrique-du-Sud-GlobAlong-1024x682.jpg 1024w, https:\/\/www.vita-explorers.dk\/blog\/wp-content\/uploads\/2017\/11\/Be\u0301ne\u0301volat-avec-les-be\u0301ne\u0301voles-animaliers-Afrique-du-Sud-GlobAlong-150x100.jpg 150w\" sizes=\"(max-width: 300px) 100vw, 300px\" \/><\/p>\n<h2>Indhold<\/h2>\n<ol>\n<li><a href=\"#introduction\">Introduktion<\/a><\/li>\n<li><a href=\"#pourquoi-choisir\">Hvorfor v\u00e6lge frivilligt arbejde i Afrika med VITA?<\/a><\/li>\n<li><a href=\"#types-de-missions\">De forskellige typer forl\u00f8b<\/a><\/li>\n<li><a href=\"#avantages\">Fordele ved frivilligt arbejde i Afrika<\/a><\/li>\n<li><a href=\"#inscription\">S\u00e5dan tilmelder du dig et frivilligforl\u00f8b i Afrika med VITA<\/a><\/li>\n<li><a href=\"#temoignages\">Oplevelser fra deltagere<\/a><\/li>\n<li><a href=\"#faq\">FAQ om frivilligt arbejde i Afrika<\/a><\/li>\n<li><a href=\"#conclusion\">Konklusion<\/a><\/li>\n<\/ol>\n<section id=\"introduction\">\n<h2>Introduktion til frivilligt arbejde i Afrika<\/h2>\n<p style=\"text-align: justify;\">Frivilligt arbejde i <a href=\"https:\/\/www.vita-explorers.dk\/blog\/humanit\u00e6r-forening-i-afrika\/\" target=\"_blank\" rel=\"noopener\">Afrika<\/a> kan v\u00e6re en helt s\u00e6rlig mulighed for at engagere sig i meningsfulde projekter, samtidig med at du oplever et kontinent med stor kulturel mangfoldighed. Uanset om du er studerende, p\u00e5 vej i en ny retning i arbejdslivet eller bare gerne vil bidrage med noget konkret, kan et ansvarligt ophold give erfaringer, der f\u00f8lger dig l\u00e6nge.<\/p>\n<p style=\"text-align: justify;\">N\u00e5r du v\u00e6lger <a href=\"https:\/\/www.vita-explorers.dk\/\" target=\"_blank\" rel=\"noopener\">VITA<\/a>, bliver du en del af et internationalt f\u00e6llesskab af VITA Explorers, der deler interessen for b\u00e6redygtig udvikling og gensidig l\u00e6ring. Vores <a href=\"https:\/\/www.vita-explorers.dk\/blog\/humanitaere-projekter-i-afrika\/\" target=\"_blank\" rel=\"noopener\">projekter i Afrika<\/a> er udvalgt med fokus p\u00e5 lokale behov og rammer, samtidig med at du f\u00e5r en n\u00e6r og l\u00e6rerig kulturudveksling.<\/p>\n<\/section>\n<section id=\"pourquoi-choisir\">\n<h2>Hvorfor v\u00e6lge frivilligt arbejde i Afrika med VITA?<\/h2>\n<p>At v\u00e6lge <a href=\"https:\/\/www.vita-explorers.dk\/blog\/frivillighedsprogram\/\" target=\"_blank\" rel=\"noopener\">frivilligt arbejde<\/a> i Afrika er at v\u00e6lge at:<\/p>\n<ul>\n<li>Bidrage til indsatser, der tager udgangspunkt i konkrete behov i lokalsamfund.<\/li>\n<li>F\u00e5 en st\u00e6rk kulturudveksling og mulighed for at l\u00e6re nye sprog.<\/li>\n<li>Udvikle faglige og personlige kompetencer, du kan bruge i studier og job.<\/li>\n<li>Skabe relationer og venskaber p\u00e5 tv\u00e6rs af landegr\u00e6nser.<\/li>\n<li>Opleve storsl\u00e5ede landskaber og en unik biodiversitet.<\/li>\n<li>Deltage i initiativer for b\u00e6redygtig udvikling og milj\u00f8beskyttelse.<\/li>\n<\/ul>\n<p style=\"text-align: justify;\">Frivilligt arbejde i Afrika handler ikke kun om at \u201chj\u00e6lpe\u201d. Det er et menneskeligt m\u00f8de, hvor du l\u00e6rer, samarbejder og bliver klogere p\u00e5 b\u00e5de verden og dig selv \u2013 og hvor dine perspektiver kan flytte sig p\u00e5 en rolig og varig m\u00e5de.<\/p>\n<\/section>\n<section id=\"types-de-missions\">\n<h2>De forskellige typer forl\u00f8b<\/h2>\n<p style=\"text-align: justify;\">VITA tilbyder flere typer forl\u00f8b, s\u00e5 du kan finde et ophold, der matcher dine interesser og dine kompetencer. Hvert forl\u00f8b er tilrettelagt med fokus p\u00e5 ansvarlighed og en god oplevelse for deltagerne. Her er et overblik over de mest typiske kategorier:<\/p>\n<p><img loading=\"lazy\" decoding=\"async\" class=\"aligncenter wp-image-1085 size-medium\" src=\"https:\/\/www.vita-explorers.dk\/blog\/wp-content\/uploads\/2016\/02\/FB_IMG_1439416478879-300x200.jpg\" alt=\"forl\u00f8b med lektiehj\u00e6lp i udlandet\" width=\"300\" height=\"200\" srcset=\"https:\/\/www.vita-explorers.dk\/blog\/wp-content\/uploads\/2016\/02\/FB_IMG_1439416478879-300x200.jpg 300w, https:\/\/www.vita-explorers.dk\/blog\/wp-content\/uploads\/2016\/02\/FB_IMG_1439416478879-150x100.jpg 150w, https:\/\/www.vita-explorers.dk\/blog\/wp-content\/uploads\/2016\/02\/FB_IMG_1439416478879.jpg 720w\" sizes=\"(max-width: 300px) 100vw, 300px\" \/><\/p>\n<h3><strong>Uddannelse og undervisning<\/strong><\/h3>\n<p style=\"text-align: justify;\">Bidrag til bedre adgang til l\u00e6ring ved at undervise p\u00e5 skoler, facilitere workshops eller udvikle undervisningsmaterialer. Uanset om du er uddannet underviser eller bare br\u00e6nder for formidling, kan du v\u00e6re med til at skabe gode rammer for b\u00f8rn og unge.<\/p>\n<p>Forl\u00f8b i dette omr\u00e5de kan fx omfatte:<\/p>\n<ul>\n<li>Undervisning i fag som matematik, naturfag eller sprog.<\/li>\n<li>Workshops i praktiske f\u00e6rdigheder som IT, h\u00e5ndv\u00e6rk eller musik.<\/li>\n<li>Udvikling af undervisningsforl\u00f8b, der passer til lokale behov.<\/li>\n<\/ul>\n<h3><strong>Sundhed og omsorg<\/strong><\/h3>\n<p style=\"text-align: justify;\">Deltag i sundhedsrelaterede forl\u00f8b, st\u00f8t lokale sundhedsteams eller medvirk i oplysningsindsatser om folkesundhed. Hvor adgangen til behandling kan v\u00e6re begr\u00e6nset, kan din indsats v\u00e6re et v\u00e6rdifuldt supplement.<\/p>\n<p>Sundhedsforl\u00f8b kan fx omfatte:<\/p>\n<ul>\n<li>St\u00f8tte i lokale klinikker.<\/li>\n<li>Deltagelse i vaccinations- og forebyggelseskampagner.<\/li>\n<li>Opl\u00e6ring og oplysning om fx hygiejne og ern\u00e6ring.<\/li>\n<\/ul>\n<p><iframe loading=\"lazy\" title=\"Stage infirmier en Tanzanie avec l&#039;association Globalong\" width=\"500\" height=\"281\" src=\"https:\/\/www.youtube.com\/embed\/H_AgGbuHtOc?feature=oembed\" frameborder=\"0\" allow=\"accelerometer; autoplay; clipboard-write; encrypted-media; gyroscope; picture-in-picture; web-share\" referrerpolicy=\"strict-origin-when-cross-origin\" allowfullscreen><\/iframe><\/p>\n<h3><strong>Milj\u00f8 og naturbeskyttelse<\/strong><\/h3>\n<p style=\"text-align: justify;\">Engag\u00e9r dig i projekter med genplantning, naturbevarelse eller milj\u00f8formidling for at st\u00f8tte beskyttelsen af \u00f8kosystemer. Forl\u00f8bene kan bidrage til at mindske skovrydning, beskytte truede arter og fremme b\u00e6redygtige l\u00f8sninger.<\/p>\n<p>Milj\u00f8forl\u00f8b kan fx omfatte:<\/p>\n<ul>\n<li>Tr\u00e6plantning og genopretning af naturomr\u00e5der.<\/li>\n<li>Overv\u00e5gning og beskyttelse af truede dyrearter.<\/li>\n<li>Workshops om b\u00e6redygtig udvikling og forvaltning af naturressourcer.<\/li>\n<\/ul>\n<p><img loading=\"lazy\" decoding=\"async\" class=\"aligncenter wp-image-2584 size-medium\" src=\"https:\/\/www.vita-explorers.dk\/blog\/wp-content\/uploads\/2015\/10\/globalong-elephant-afrique-300x300.jpg\" alt=\"Deltager p\u00e5 forl\u00f8b i Afrika\" width=\"300\" height=\"300\" srcset=\"https:\/\/www.vita-explorers.dk\/blog\/wp-content\/uploads\/2015\/10\/globalong-elephant-afrique-300x300.jpg 300w, https:\/\/www.vita-explorers.dk\/blog\/wp-content\/uploads\/2015\/10\/globalong-elephant-afrique-150x150.jpg 150w, https:\/\/www.vita-explorers.dk\/blog\/wp-content\/uploads\/2015\/10\/globalong-elephant-afrique.jpg 640w\" sizes=\"(max-width: 300px) 100vw, 300px\" \/><\/p>\n<h3><strong>Lokalsamfund og udvikling<\/strong><\/h3>\n<p style=\"text-align: justify;\">V\u00e6r med til at styrke hverdagen i lokalsamfund gennem st\u00f8tte til basale faciliteter, \u00f8konomisk selvst\u00e6ndigg\u00f8relse eller lokale projektinitiativer. Form\u00e5let er at forbedre levevilk\u00e5r og \u00f8ge robusthed i m\u00f8det med sociale og \u00f8konomiske udfordringer.<\/p>\n<p>Forl\u00f8b inden for lokalsamfund og udvikling kan fx omfatte:<\/p>\n<ul>\n<li>Byggeri eller renovering af skoler, sundhedscentre eller andre f\u00e6lles faciliteter.<\/li>\n<li>St\u00f8tte til lokale mikrofinans-tiltag, der kan fremme iv\u00e6rks\u00e6tteri.<\/li>\n<li>Tr\u00e6ning i projektledelse og lederskab for lokale deltagere.<\/li>\n<\/ul>\n<h3>Kultur og kunst<\/h3>\n<p style=\"text-align: justify;\">Deltag i forl\u00f8b, der arbejder med at synligg\u00f8re og bevare lokale kulturer gennem kunst og kreative udtryk. Det kan passe godt til dig, der er optaget af kunst, musik, dans eller andre former for kulturformidling.<\/p>\n<p>Kulturelle forl\u00f8b kan fx omfatte:<\/p>\n<ul>\n<li>Planl\u00e6gning af forestillinger, udstillinger eller kreative workshops.<\/li>\n<li>St\u00f8tte til bevaring af traditioner og lokal kulturarv.<\/li>\n<li>Samarbejde med lokale kunstnere om f\u00e6llesskabsprojekter.<\/li>\n<\/ul>\n<\/section>\n<section id=\"avantages\">\n<h2>Fordele ved frivilligt arbejde i Afrika<\/h2>\n<h3><strong>Personligt og fagligt udbytte<\/strong><\/h3>\n<p>Frivilligt arbejde i Afrika med VITA giver mulighed for at:<\/p>\n<ul>\n<li><a href=\"https:\/\/www.vita-explorers.dk\/blog\/tv\u00e6rg\u00e5ende-kompetencer-soft-skills\/\" target=\"_blank\" rel=\"noopener\">Udvikle kompetencer<\/a> inden for projektarbejde, tv\u00e6rkulturel kommunikation og probleml\u00f8sning.<\/li>\n<li>Styrke din selvtillid gennem nye udfordringer.<\/li>\n<li>F\u00e5 et bredere perspektiv gennem en t\u00e6t kulturudveksling.<\/li>\n<li><a href=\"https:\/\/www.vita-explorers.dk\/blog\/VITA-tips: S\u00e5dan fremh\u00e6ver du dit engagement som deltager p\u00e5 LinkedIn\/\" target=\"_blank\" rel=\"noopener\">Styrke dit CV<\/a> med relevant international erfaring.<\/li>\n<li>F\u00e5 st\u00f8rre forst\u00e5else for b\u00e5de globale og lokale problemstillinger.<\/li>\n<\/ul>\n<p style=\"text-align: justify;\">Derudover kan et ophold v\u00e6re en god m\u00e5de at tr\u00e6de ud af vante rammer, m\u00f8de andre m\u00e5der at arbejde p\u00e5 og opbygge en fleksibilitet, der er v\u00e6rdifuld i et arbejdsliv i forandring.<\/p>\n<h3><strong>Bidrag til et st\u00f8rre f\u00e6llesskab<\/strong><\/h3>\n<p>Som deltager i Afrika kan du bidrage til at st\u00f8tte udviklingen i lokalsamfund ved at:<\/p>\n<ul>\n<li>Styrke adgang til l\u00e6ring og basale sundhedstilbud.<\/li>\n<li>St\u00f8tte natur- og milj\u00f8indsatser.<\/li>\n<li>Medvirke til \u00f8konomisk og social selvst\u00e6ndigg\u00f8relse.<\/li>\n<li>Underst\u00f8tte f\u00e6llesskab og lokalt engagement.<\/li>\n<\/ul>\n<p>Din indsats kan b\u00e5de adressere konkrete behov her og nu og v\u00e6re med til at skabe mere langtidsholdbare forbedringer.<\/p>\n<h3><strong>Kulturel og personlig berigelse<\/strong><\/h3>\n<p>At bo og samarbejde i et afrikansk lokalsamfund giver dig en s\u00e6rlig mulighed for at opleve andre traditioner og hverdagsliv. Det kan hj\u00e6lpe dig til at:<\/p>\n<ul>\n<li>L\u00e6re nye sprog og styrke dine sproglige f\u00e6rdigheder.<\/li>\n<li>Udforske lokale k\u00f8kkener og madkultur.<\/li>\n<li>Deltage i h\u00f8jtider, ceremonier og lokale begivenheder.<\/li>\n<li>Udvikle st\u00f8rre \u00e5benhed og forst\u00e5else for forskellighed.<\/li>\n<\/ul>\n<p>Denne form for kulturudveksling beriger ikke kun dit ophold, men kan ogs\u00e5 g\u00f8re dig st\u00e6rkere i samarbejder p\u00e5 tv\u00e6rs af kulturer.<\/p>\n<p><img loading=\"lazy\" decoding=\"async\" class=\"aligncenter wp-image-2800 size-medium\" src=\"https:\/\/www.vita-explorers.dk\/blog\/wp-content\/uploads\/2016\/03\/12109086_10206418531919705_1862910266915591566_n-300x200.jpg\" alt=\"Frivilligforl\u00f8b med VITA i Afrika i Kenya\" width=\"300\" height=\"200\" srcset=\"https:\/\/www.vita-explorers.dk\/blog\/wp-content\/uploads\/2016\/03\/12109086_10206418531919705_1862910266915591566_n-300x200.jpg 300w, https:\/\/www.vita-explorers.dk\/blog\/wp-content\/uploads\/2016\/03\/12109086_10206418531919705_1862910266915591566_n-768x512.jpg 768w, https:\/\/www.vita-explorers.dk\/blog\/wp-content\/uploads\/2016\/03\/12109086_10206418531919705_1862910266915591566_n-150x100.jpg 150w, https:\/\/www.vita-explorers.dk\/blog\/wp-content\/uploads\/2016\/03\/12109086_10206418531919705_1862910266915591566_n.jpg 960w\" sizes=\"(max-width: 300px) 100vw, 300px\" \/><\/p>\n<\/section>\n<section id=\"inscription\">\n<h2>S\u00e5dan tilmelder du dig et frivilligforl\u00f8b i Afrika<\/h2>\n<p>At tilmelde sig et frivilligforl\u00f8b i Afrika med VITA er en enkel og overskuelig proces, der er lavet til at st\u00f8tte dig hele vejen. Her er de typiske trin:<\/p>\n<ol>\n<li><strong>Selvafklaring:<\/strong> T\u00e6nk over dine motivationer, kompetencer og m\u00e5l. Overvej, hvad du gerne vil bidrage med \u2013 og hvad du h\u00e5ber at l\u00e6re.<\/li>\n<li><strong>Valg af forl\u00f8b:<\/strong> Se de forskellige forl\u00f8b <a href=\"https:\/\/www.vita-explorers.dk\/frivilligt-arbejde\/\" target=\"_blank\" rel=\"noopener\">p\u00e5 vores hjemmeside<\/a> og v\u00e6lg det, der passer bedst til dine \u00f8nsker og din erfaring. Tag h\u00f8jde for placering, varighed og projekttype.<\/li>\n<li><strong>Ans\u00f8gning:<\/strong> Udfyld den online ans\u00f8gning med de n\u00f8dvendige oplysninger, inkl. CV, en motiveret ans\u00f8gning og gerne faglige eller akademiske referencer.<\/li>\n<li><strong>Samtale:<\/strong> Deltag i en samtale med en repr\u00e6sentant for organisationen om din profil, dine forventninger og det valgte forl\u00f8b. Form\u00e5let er at sikre et godt match og afstemme rammerne.<\/li>\n<li><strong>Praktisk forberedelse:<\/strong> Klarg\u00f8r de n\u00f8dvendige dokumenter som gyldigt pas, relevant visum, vaccinationsdokumentation og rejseforsikring. VITA giver en tydelig oversigt over kravene til det konkrete forl\u00f8b.<\/li>\n<li><strong>Forberedelse:<\/strong> Deltag i de forberedende opl\u00e6g og materialer. Det kan bl.a. handle om kulturforst\u00e5else, relevante f\u00e6rdigheder og sikkerhed.<\/li>\n<li><strong>Afrejse:<\/strong> Tag afsted p\u00e5 et l\u00e6rerigt ophold i Afrika. Ved ankomst bliver du taget imod af det lokale team, som f\u00f8lger dig undervejs i forl\u00f8bet.<\/li>\n<\/ol>\n<p style=\"text-align: justify;\">VITA st\u00f8tter dig gennem hele tilmeldingsprocessen og under opholdet, s\u00e5 du f\u00e5r en tryg og meningsfuld oplevelse.<\/p>\n<h3><strong>Tips til en st\u00e6rk ans\u00f8gning:<\/strong><\/h3>\n<ul>\n<li>Skriv en<a href=\"https:\/\/www.vita-explorers.dk\/blog\/hvordan-skriver-man-en-motiveret-ansoegning-til-frivilligt-arbejde-i-udlandet\/\" target=\"_blank\" rel=\"noopener\"> motiveret ans\u00f8gning<\/a> med en klar og \u00e6rlig begrundelse for, hvorfor du vil deltage, og hvad du kan bidrage med.<\/li>\n<li>Fremh\u00e6v relevante kompetencer og erfaringer \u2013 ogs\u00e5 selvom de ikke er 1:1 med forl\u00f8bets tema.<\/li>\n<li>Forbered dig til samtalen ved at t\u00e6nke over dine forventninger og hvordan du trives i nye kulturelle rammer.<\/li>\n<li>S\u00f8rg for, at dine rejsedokumenter er opdaterede, s\u00e5 tilmeldingen ikke bliver forsinket.<\/li>\n<\/ul>\n<\/section>\n<section id=\"temoignages\">\n<h2>Oplevelser fra deltagere i Afrika<\/h2>\n<div class=\"testimonial\">\n<h3><strong>Marie, underviser i Kenya<\/strong><\/h3>\n<p><em>&#8220;Mit ophold i Kenya med VITA var en virkelig st\u00e6rk oplevelse. At undervise p\u00e5 en skole gav mig f\u00f8lelsen af at bidrage konkret, samtidig med at jeg l\u00e6rte en fascinerende kultur at kende. De kompetencer, jeg fik med mig, er uvurderlige, og relationerne til mennesker i lokalsamfundet betyder stadig meget.&#8221;<\/em><\/p>\n<\/div>\n<div class=\"testimonial\">\n<h3><strong>Thomas, deltager i Ghana<\/strong><\/h3>\n<p><em>&#8220;At v\u00e6re p\u00e5 et sundhedsforl\u00f8b i Ghana var b\u00e5de l\u00e6rerigt og meningsfuldt. Jeg deltog i vaccinationsindsatser og st\u00f8ttede lokale sundhedsteams. Det var givende at kunne se, hvordan arbejdet gjorde en positiv forskel, og at samarbejde med engagerede fagfolk.&#8221;<\/em><\/p>\n<\/div>\n<div class=\"testimonial\">\n<h3><strong>Amina, milj\u00f8forl\u00f8b i Tanzania<\/strong><\/h3>\n<p><em>&#8220;Mit forl\u00f8b i Tanzania rykkede virkelig noget i mig. Jeg var med til at genoprette naturomr\u00e5der og l\u00e6rte samtidig mennesker at kende, som jeg stadig har kontakt med. Opholdet inspirerede mig til at g\u00e5 videre i den retning professionelt.&#8221;<\/em><\/p>\n<div class=\"ti-widget ti-goog\" data-layout-id=\"4\" data-set-id=\"light-background\" data-pid=\"\" data-language=\"fr\" data-version=\"2\" data-review-target-width=\"300\" data-review-text-mode=\"readmore\" data-pager-autoplay-timeout=\"6\" > <div class=\"ti-widget-container ti-col-3\"> <div class=\"ti-reviews-container\"> <div class=\"ti-controls\"> <div class=\"ti-next\" aria-label=\"Avis suivante\" role=\"button\"><\/div> <div class=\"ti-prev\" aria-label=\"Avis pr\u00e9c\u00e9dent\" role=\"button\"><\/div> <\/div> <div class=\"ti-reviews-container-wrapper\">  <div data-empty=\"0\" class=\"ti-review-item source-Google ti-image-layout-thumbnail\" data-id=\"cfcd208495d565ef66e7dff9f98764da\" > <div class=\"ti-inner\"> <div class=\"ti-review-header\"> <div class=\"ti-profile-img\"> <img decoding=\"async\" src=\"https:\/\/lh3.googleusercontent.com\/a\/ACg8ocKpaoKe37CD0_POxO97KqB60GsWQRsIuG2vmCfXT-W_FY44vw=s120-c-rp-mo-br100\" srcset=\"https:\/\/lh3.googleusercontent.com\/a\/ACg8ocKpaoKe37CD0_POxO97KqB60GsWQRsIuG2vmCfXT-W_FY44vw=s120-c-rp-mo-br100 2x\" alt=\"Lucie Correia\" loading=\"lazy\" \/> <\/div> <div class=\"ti-profile-details\"> <div class=\"ti-name\"> Lucie Correia <\/div> <div class=\"ti-date\">2024-10-17<\/div> <\/div> <\/div> <span class=\"ti-stars\"><span class=\"ti-star f\"><\/span><span class=\"ti-star f\"><\/span><span class=\"ti-star f\"><\/span><span class=\"ti-star f\"><\/span><span class=\"ti-star f\"><\/span><\/span> <div class=\"ti-review-text-container ti-review-content\"><!-- R-CONTENT -->La communication avec Globalong est super, personnes tr\u00e8s pr\u00e9sentes pour les b\u00e9n\u00e9voles et \u00e9tudiants partant avec cette association. Elles r\u00e9pondent \u00e0 toutes nos questions et sont tr\u00e8s accessibles au t\u00e9l\u00e9phone.<!-- R-CONTENT --><\/div> <span class=\"ti-read-more\" data-container=\".ti-review-content\" data-collapse-text=\"Cacher\" data-open-text=\"Lire la suite\" ><\/span> <\/div> <\/div>  <div data-empty=\"0\" class=\"ti-review-item source-Google ti-image-layout-thumbnail\" data-id=\"cfcd208495d565ef66e7dff9f98764da\" > <div class=\"ti-inner\"> <div class=\"ti-review-header\"> <div class=\"ti-profile-img\"> <img decoding=\"async\" src=\"https:\/\/lh3.googleusercontent.com\/a-\/ALV-UjWqnnzM7-7c9BDqeTDF-a7pOgNjvLkJ3WshRd_Tn7z0Eu-AGQwo=s120-c-rp-mo-br100\" srcset=\"https:\/\/lh3.googleusercontent.com\/a-\/ALV-UjWqnnzM7-7c9BDqeTDF-a7pOgNjvLkJ3WshRd_Tn7z0Eu-AGQwo=s120-c-rp-mo-br100 2x\" alt=\"Ra\u00efssa Frisch\" loading=\"lazy\" \/> <\/div> <div class=\"ti-profile-details\"> <div class=\"ti-name\"> Ra\u00efssa Frisch <\/div> <div class=\"ti-date\">2024-10-14<\/div> <\/div> <\/div> <span class=\"ti-stars\"><span class=\"ti-star f\"><\/span><span class=\"ti-star f\"><\/span><span class=\"ti-star f\"><\/span><span class=\"ti-star f\"><\/span><span class=\"ti-star f\"><\/span><\/span> <div class=\"ti-review-text-container ti-review-content\"><!-- R-CONTENT -->J\u2019ai d\u00e9j\u00e0 eu l\u2019opportunit\u00e9 de r\u00e9aliser deux projets humanitaires avec l\u2019association Globalong. Je ne peux que la recommander, car j\u2019ai toujours b\u00e9n\u00e9fici\u00e9 d\u2019un excellent accompagnement, aussi bien avant que pendant le voyage. On ne vous laisse pas vous d\u00e9brouiller seuls, bien au contraire, vous \u00eates tr\u00e8s bien encadr\u00e9s pour accomplir toutes les d\u00e9marches dans les d\u00e9lais.\n\nAu-del\u00e0 du suivi, les exp\u00e9riences humanitaires propos\u00e9es par Globalong ne peuvent que transformer votre vie de mani\u00e8re positive. Elles vous apportent une richesse humaine inestimable.<!-- R-CONTENT --><\/div> <span class=\"ti-read-more\" data-container=\".ti-review-content\" data-collapse-text=\"Cacher\" data-open-text=\"Lire la suite\" ><\/span> <\/div> <\/div>  <div data-empty=\"0\" class=\"ti-review-item source-Google ti-image-layout-thumbnail\" data-id=\"cfcd208495d565ef66e7dff9f98764da\" > <div class=\"ti-inner\"> <div class=\"ti-review-header\"> <div class=\"ti-profile-img\"> <img decoding=\"async\" src=\"https:\/\/lh3.googleusercontent.com\/a\/ACg8ocJL-Dxv25YkXK2QwWPNRxTVqZCv5uTmDQDFg5qslKra3vRZew=s120-c-rp-mo-br100\" srcset=\"https:\/\/lh3.googleusercontent.com\/a\/ACg8ocJL-Dxv25YkXK2QwWPNRxTVqZCv5uTmDQDFg5qslKra3vRZew=s120-c-rp-mo-br100 2x\" alt=\"Tara Turan\" loading=\"lazy\" \/> <\/div> <div class=\"ti-profile-details\"> <div class=\"ti-name\"> Tara Turan <\/div> <div class=\"ti-date\">2024-10-14<\/div> <\/div> <\/div> <span class=\"ti-stars\"><span class=\"ti-star f\"><\/span><span class=\"ti-star f\"><\/span><span class=\"ti-star f\"><\/span><span class=\"ti-star f\"><\/span><span class=\"ti-star f\"><\/span><\/span> <div class=\"ti-review-text-container ti-review-content\"><!-- R-CONTENT -->Une des meilleures associations que j\u2019ai pu faire !\nUne organisation et un suivi vraiment parfait, c\u2019est avec grand plaisir que je referai un projet avec eux.<!-- R-CONTENT --><\/div> <span class=\"ti-read-more\" data-container=\".ti-review-content\" data-collapse-text=\"Cacher\" data-open-text=\"Lire la suite\" ><\/span> <\/div> <\/div>  <div data-empty=\"0\" class=\"ti-review-item source-Google ti-image-layout-thumbnail\" data-id=\"cfcd208495d565ef66e7dff9f98764da\" > <div class=\"ti-inner\"> <div class=\"ti-review-header\"> <div class=\"ti-profile-img\"> <img decoding=\"async\" src=\"https:\/\/lh3.googleusercontent.com\/a\/ACg8ocLctTPNovSk3eKM0b_MIPOfcFEQsz2135Cdu59_BWRVsIYC7Q=s120-c-rp-mo-br100\" srcset=\"https:\/\/lh3.googleusercontent.com\/a\/ACg8ocLctTPNovSk3eKM0b_MIPOfcFEQsz2135Cdu59_BWRVsIYC7Q=s120-c-rp-mo-br100 2x\" alt=\"Repiquet Julie\" loading=\"lazy\" \/> <\/div> <div class=\"ti-profile-details\"> <div class=\"ti-name\"> Repiquet Julie <\/div> <div class=\"ti-date\">2024-10-13<\/div> <\/div> <\/div> <span class=\"ti-stars\"><span class=\"ti-star f\"><\/span><span class=\"ti-star f\"><\/span><span class=\"ti-star f\"><\/span><span class=\"ti-star f\"><\/span><span class=\"ti-star f\"><\/span><\/span> <div class=\"ti-review-text-container ti-review-content\"><!-- R-CONTENT -->Tr\u00e8s bon accompagnement de la part de Globalong, du premier jour avec toutes mes interrogations, jusqu'au d\u00e9part dans quelques jours. Le dossier transmis apr\u00e8s validation de la mission est plus que complet, les webmaster tr\u00e8s int\u00e9ressantes et permettent de d\u00e9charger mentalement ce genre de pr\u00e9paration, tout est pr\u00e9vu il n'y a plus qu'\u00e0 suivre ! Merci \u00e0 Florence de r\u00e9pondre \u00e0 toutes mes questions avec gentillesse et bienveillance, cela m'a permis de passer le cap!\nMaintenant, il n'y a plus qu'\u00e0 \ud83d\ude00<!-- R-CONTENT --><\/div> <span class=\"ti-read-more\" data-container=\".ti-review-content\" data-collapse-text=\"Cacher\" data-open-text=\"Lire la suite\" ><\/span> <\/div> <\/div>  <div data-empty=\"0\" class=\"ti-review-item source-Google ti-image-layout-thumbnail\" data-id=\"cfcd208495d565ef66e7dff9f98764da\" > <div class=\"ti-inner\"> <div class=\"ti-review-header\"> <div class=\"ti-profile-img\"> <img decoding=\"async\" src=\"https:\/\/lh3.googleusercontent.com\/a\/ACg8ocJJTdmTWs8nAA0yuH_cKOUgzc6GFAkHBiXhpnnVYXaWMBZsHw=s120-c-rp-mo-br100\" srcset=\"https:\/\/lh3.googleusercontent.com\/a\/ACg8ocJJTdmTWs8nAA0yuH_cKOUgzc6GFAkHBiXhpnnVYXaWMBZsHw=s120-c-rp-mo-br100 2x\" alt=\"Marine Guilhamat\" loading=\"lazy\" \/> <\/div> <div class=\"ti-profile-details\"> <div class=\"ti-name\"> Marine Guilhamat <\/div> <div class=\"ti-date\">2024-10-09<\/div> <\/div> <\/div> <span class=\"ti-stars\"><span class=\"ti-star f\"><\/span><span class=\"ti-star f\"><\/span><span class=\"ti-star f\"><\/span><span class=\"ti-star f\"><\/span><span class=\"ti-star f\"><\/span><\/span> <div class=\"ti-review-text-container ti-review-content\"><!-- R-CONTENT -->Tr\u00e8s belle association qui offre un cadre super s\u00e9curisant et permet de s\u2019investir dans des projets qui ont du sens. Merci \u00e0 l\u2019\u00e9quipe Globalong pour votre disponibilit\u00e9, gentillesse et accompagnement !<!-- R-CONTENT --><\/div> <span class=\"ti-read-more\" data-container=\".ti-review-content\" data-collapse-text=\"Cacher\" data-open-text=\"Lire la suite\" ><\/span> <\/div> <\/div>  <div data-empty=\"0\" class=\"ti-review-item source-Google ti-image-layout-thumbnail\" data-id=\"cfcd208495d565ef66e7dff9f98764da\" > <div class=\"ti-inner\"> <div class=\"ti-review-header\"> <div class=\"ti-profile-img\"> <img decoding=\"async\" src=\"https:\/\/lh3.googleusercontent.com\/a\/ACg8ocIgITHXKo46qgJyPqlJeAcxz11gCKUJpGIk2qauiIe2O3iZ6w=s120-c-rp-mo-br100\" srcset=\"https:\/\/lh3.googleusercontent.com\/a\/ACg8ocIgITHXKo46qgJyPqlJeAcxz11gCKUJpGIk2qauiIe2O3iZ6w=s120-c-rp-mo-br100 2x\" alt=\"Laura Mercier\" loading=\"lazy\" \/> <\/div> <div class=\"ti-profile-details\"> <div class=\"ti-name\"> Laura Mercier <\/div> <div class=\"ti-date\">2024-10-08<\/div> <\/div> <\/div> <span class=\"ti-stars\"><span class=\"ti-star f\"><\/span><span class=\"ti-star f\"><\/span><span class=\"ti-star f\"><\/span><span class=\"ti-star f\"><\/span><span class=\"ti-star f\"><\/span><\/span> <div class=\"ti-review-text-container ti-review-content\"><!-- R-CONTENT -->Mon d\u00e9part approche, je pars dans une semaine, et depuis le d\u00e9but de mon inscription je suis tr\u00e8s satisfaite du suivi effectu\u00e9 par l\u2019association. Ils sont tr\u00e8s disponibles et r\u00e9pondent rapidement \u00e0 l\u2019ensemble des questions. Je suis tr\u00e8s contente de partir faire cette mission humanitaire encadr\u00e9e par cette association. Je recommande vraiment.<!-- R-CONTENT --><\/div> <span class=\"ti-read-more\" data-container=\".ti-review-content\" data-collapse-text=\"Cacher\" data-open-text=\"Lire la suite\" ><\/span> <\/div> <\/div>  <div data-empty=\"0\" class=\"ti-review-item source-Google ti-image-layout-thumbnail\" data-id=\"cfcd208495d565ef66e7dff9f98764da\" > <div class=\"ti-inner\"> <div class=\"ti-review-header\"> <div class=\"ti-profile-img\"> <img decoding=\"async\" src=\"https:\/\/lh3.googleusercontent.com\/a-\/ALV-UjVVr0YMQhXl8QNEEB32l-rnoaYwvRZUjIEX9OEwPE_1fQwzIyk=s120-c-rp-mo-br100\" srcset=\"https:\/\/lh3.googleusercontent.com\/a-\/ALV-UjVVr0YMQhXl8QNEEB32l-rnoaYwvRZUjIEX9OEwPE_1fQwzIyk=s120-c-rp-mo-br100 2x\" alt=\"Anouk Rzkt\" loading=\"lazy\" \/> <\/div> <div class=\"ti-profile-details\"> <div class=\"ti-name\"> Anouk Rzkt <\/div> <div class=\"ti-date\">2024-10-02<\/div> <\/div> <\/div> <span class=\"ti-stars\"><span class=\"ti-star f\"><\/span><span class=\"ti-star f\"><\/span><span class=\"ti-star f\"><\/span><span class=\"ti-star f\"><\/span><span class=\"ti-star f\"><\/span><\/span> <div class=\"ti-review-text-container ti-review-content\"><!-- R-CONTENT -->Globalong est l'association parfaite. L'\u00e9quipe offre un v\u00e9ritable accompagnement rythm\u00e9 par beaucoup de conseils et d'\u00e9coute. Le site est tr\u00e8s bien fait avec des dossiers complets allant des sujets tr\u00e8s pratiques a d'autres plus th\u00e9oriques (tels que le choc culturel par exemple). Je recommande vivement et remercie sinc\u00e8rement toute l'\u00e9quipe pour leur gentillesse et investissement !<!-- R-CONTENT --><\/div> <span class=\"ti-read-more\" data-container=\".ti-review-content\" data-collapse-text=\"Cacher\" data-open-text=\"Lire la suite\" ><\/span> <\/div> <\/div>  <\/div> <div class=\"ti-controls-line\"> <div class=\"dot\"><\/div> <\/div> <\/div> <div class=\"ti-footer\"> <div class=\"ti-rating-text\"> <span class=\"nowrap\">\u00c9valuation <strong>Google<\/strong> : <\/span><span class=\"nowrap\"><strong>4.8<\/strong> sur 5, <\/span><span class=\"nowrap\">Bas\u00e9e sur <strong>240 avis<\/strong><\/span> <\/div> <\/div>  <\/div> <\/div> \n<\/div>\n<p>\u00a0<\/p>\n<\/section>\n<section id=\"faq\" class=\"faq-section\">\n<h2>FAQ om frivilligt arbejde i Afrika<\/h2>\n<div class=\"faq-item\">\n<h3><strong>Hvilke kvalifikationer skal man have for at deltage i frivilligt arbejde i Afrika?<\/strong><\/h3>\n<div class=\"answer\">\n<p style=\"text-align: justify;\">VITA byder deltagere med mange forskellige baggrunde velkommen \u2013 ogs\u00e5 uden tidligere erfaring. De konkrete krav afh\u00e6nger af forl\u00f8bet, men en positiv indstilling, lysten til at l\u00e6re og evnen til at omstille sig er vigtige. Nogle forl\u00f8b kan kr\u00e6ve s\u00e6rlige kompetencer, fx inden for undervisning, sundhed eller projektarbejde.<\/p>\n<\/div>\n<\/div>\n<div class=\"faq-item\">\n<h3><strong>Hvor l\u00e6nge varer et frivilligforl\u00f8b i Afrika?<\/strong><\/h3>\n<div class=\"answer\">\n<p style=\"text-align: justify;\">Varigheden varierer fra forl\u00f8b til forl\u00f8b. Du kan deltage i et kort ophold p\u00e5 f\u00e5 uger eller v\u00e6lge l\u00e6ngere forl\u00f8b, der str\u00e6kker sig over flere m\u00e5neder. VITA tilbyder fleksible muligheder, s\u00e5 det kan tilpasses din kalender og dine m\u00e5l. Nogle forl\u00f8b kan i enkelte tilf\u00e6lde vare et \u00e5r eller l\u00e6ngere og give en endnu dybere forankring.<\/p>\n<\/div>\n<\/div>\n<div class=\"faq-item\">\n<h3><strong>Er frivilligt arbejde i Afrika dyrt?<\/strong><\/h3>\n<div class=\"answer\">\n<p style=\"text-align: justify;\">Udgifterne varierer afh\u00e6ngigt af forl\u00f8b og varighed. Det er en god id\u00e9 at f\u00e5 et tydeligt overblik over, hvad der er inkluderet, og planl\u00e6gge dit budget i god tid. VITA giver en detaljeret prisoversigt i forbindelse med valg af forl\u00f8b, s\u00e5 du kan tr\u00e6ffe en oplyst beslutning.<\/p>\n<\/div>\n<\/div>\n<div class=\"faq-item\">\n<h3><strong>Er det n\u00f8dvendigt at kunne det lokale sprog for at v\u00e6re frivillig i Afrika?<\/strong><\/h3>\n<div class=\"answer\">\n<p style=\"text-align: justify;\">Det er ikke altid n\u00f8dvendigt, men grundl\u00e6ggende kendskab til det lokale sprog kan g\u00f8re det nemmere at falde til og indg\u00e5 i hverdagen. At l\u00e6re et par centrale fraser er ogs\u00e5 en enkel m\u00e5de at vise respekt og engagement over for de mennesker, du m\u00f8der.<\/p>\n<\/div>\n<\/div>\n<div class=\"faq-item\">\n<h3><strong>Hvordan arbejder VITA med sikkerhed for deltagere i Afrika?<\/strong><\/h3>\n<div class=\"answer\">\n<p style=\"text-align: justify;\">Deltagernes sikkerhed har h\u00f8j prioritet. VITA vurderer omr\u00e5der og rammer, f\u00f8r et forl\u00f8b tilbydes, og aktiviteterne drives lokalt med l\u00f8bende st\u00f8tte p\u00e5 stedet. Der findes ogs\u00e5 klare procedurer for, hvordan man handler, hvis der opst\u00e5r en uforudset situation.<\/p>\n<\/div>\n<\/div>\n<div class=\"faq-item\">\n<h3><strong>Hvilke kriterier l\u00e6gger I v\u00e6gt p\u00e5, n\u00e5r man vil deltage i Afrika?<\/strong><\/h3>\n<div class=\"answer\">\n<p>VITA s\u00f8ger deltagere, der er motiverede, ansvarlige og har lyst til at bidrage positivt. Udv\u00e6lgelseskriterier kan omfatte:<\/p>\n<ul>\n<li>En oprigtig motivation for at deltage i forl\u00f8bets form\u00e5l.<\/li>\n<li>Relevante kompetencer eller erfaringer afh\u00e6ngigt af det valgte forl\u00f8b.<\/li>\n<li>Evnen til at samarbejde og tilpasse sig nye rammer.<\/li>\n<li>En god fysisk og mental robusthed i forhold til hverdagen p\u00e5 stedet.<\/li>\n<li>Kendskab til fransk, spansk eller engelsk, afh\u00e6ngigt af hvor forl\u00f8bet foreg\u00e5r.<\/li>\n<\/ul>\n<p>En grundig ans\u00f8gningsproces, herunder en samtale, er med til at sikre, at deltagerne er forberedte og at forventningerne passer sammen.<\/p>\n<\/div>\n<\/div>\n<div class=\"faq-item\">\n<h3><strong>Hvilke typer indkvartering tilbydes?<\/strong><\/h3>\n<div class=\"answer\">\n<p>Indkvarteringen afh\u00e6nger af forl\u00f8b og sted. VITA tilbyder typisk f\u00f8lgende muligheder:<\/p>\n<ul>\n<li><strong>V\u00e6rtsfamilie:<\/strong> At bo hos en lokal familie giver en t\u00e6t kulturudveksling og plads til \u00e6gte hverdagsm\u00f8der.<\/li>\n<li><strong>Delt bolig:<\/strong> At dele bolig med andre deltagere kan give et st\u00e6rkt f\u00e6llesskab og gode samtaler p\u00e5 tv\u00e6rs af kulturer.<\/li>\n<li><strong>F\u00e6lleshuse:<\/strong> Nogle projekter har indkvartering i tilknytning til lokale faciliteter.<\/li>\n<\/ul>\n<p style=\"text-align: justify;\">Alle indkvarteringsl\u00f8sninger er trygge og har de mest n\u00f8dvendige faciliteter. VITA sikrer ogs\u00e5, at boligforholdene passer til forl\u00f8bets rammer og f\u00f8lger lokale sikkerhedsstandarder.<\/p>\n<\/div>\n<\/div>\n<div class=\"faq-item\">\n<h3>Er der muligheder for faglig udvikling under opholdet?<\/h3>\n<div class=\"answer\">\n<p>Ja, VITA l\u00e6gger v\u00e6gt p\u00e5 l\u00e6ring undervejs og giver adgang til relevante muligheder for kompetenceudvikling. Afh\u00e6ngigt af forl\u00f8bet kan du:<\/p>\n<ul>\n<li>Deltage i workshops og tr\u00e6ning, der passer til dit indsatsomr\u00e5de.<\/li>\n<li>Udvikle f\u00e6rdigheder i projektarbejde, lederskab og tv\u00e6rkulturel kommunikation.<\/li>\n<li>Blive en del af et internationalt netv\u00e6rk af fagpersoner p\u00e5 tv\u00e6rs af omr\u00e5der.<\/li>\n<li>Modtage dokumentation for din deltagelse.<\/li>\n<\/ul>\n<p>Mulighederne er t\u00e6nkt som st\u00f8tte til din videre vej \u2013 b\u00e5de personligt og i dit studieliv eller arbejdsliv.<\/p>\n<p><img loading=\"lazy\" decoding=\"async\" class=\"aligncenter wp-image-12021 size-medium\" src=\"https:\/\/www.vita-explorers.dk\/blog\/wp-content\/uploads\/2018\/12\/IMG-20181108-WA0039-min-300x225.jpg\" alt=\"Solidaritetsdag \" width=\"300\" height=\"225\" srcset=\"https:\/\/www.vita-explorers.dk\/blog\/wp-content\/uploads\/2018\/12\/IMG-20181108-WA0039-min-300x225.jpg 300w, https:\/\/www.vita-explorers.dk\/blog\/wp-content\/uploads\/2018\/12\/IMG-20181108-WA0039-min-768x576.jpg 768w, https:\/\/www.vita-explorers.dk\/blog\/wp-content\/uploads\/2018\/12\/IMG-20181108-WA0039-min-1024x768.jpg 1024w, https:\/\/www.vita-explorers.dk\/blog\/wp-content\/uploads\/2018\/12\/IMG-20181108-WA0039-min-150x113.jpg 150w, https:\/\/www.vita-explorers.dk\/blog\/wp-content\/uploads\/2018\/12\/IMG-20181108-WA0039-min.jpg 1600w\" sizes=\"(max-width: 300px) 100vw, 300px\" \/><\/p>\n<\/div>\n<\/div>\n<\/section>\n<section id=\"conclusion\">\n<h2>Konklusion om frivilligt arbejde i Afrika<\/h2>\n<p style=\"text-align: justify;\">Frivilligt arbejde i Afrika med <strong>VITA<\/strong> er et l\u00e6rerigt ophold, hvor du kan bidrage meningsfuldt, udvikle brugbare kompetencer og opleve en kulturudveksling, du vil huske. Uanset om du interesserer dig for undervisning, sundhed, milj\u00f8 eller lokalsamfund, findes der forl\u00f8b, der kan tilpasses dine interesser og dine erfaringer.<\/p>\n<p style=\"text-align: justify;\">N\u00e5r du engagerer dig i et frivilligforl\u00f8b i Afrika, bliver du en del af en indsats, hvor din tid og dine kompetencer bruges ansvarligt og med respekt for lokale rammer. Du f\u00e5r ikke kun noget med hjem selv \u2013 du bidrager ogs\u00e5 til processer, der kan skabe v\u00e6rdi over tid.<\/p>\n<p>Vent ikke med at tage n\u00e6ste skridt. Bliv en del af VITA og tag afsted p\u00e5 et frivilligforl\u00f8b i Afrika, der kan s\u00e6tte sig som et vigtigt kapitel i dit liv. Sammen kan vi arbejde for st\u00e6rkere muligheder \u2013 b\u00e5de for lokalsamfund og for dig.<\/p>\n<p>\u00a0<\/p>\n<p><!-- Note Finale --><\/p>\n<p class=\"footer-note\" style=\"text-align: center;\"><strong>Vil du vide mere om frivilligt arbejde i Afrika med <strong>VITA<\/strong> og blive en del af vores VITA community, s\u00e5 bes\u00f8g os p\u00e5 <a href=\"https:\/\/www.instagram.com\/globalongofficiel\/\" target=\"_blank\" rel=\"noopener\">Instagram<\/a>, <a href=\"https:\/\/www.facebook.com\/globalong\" target=\"_blank\" rel=\"noopener\">Facebook<\/a>, <a href=\"https:\/\/www.linkedin.com\/company\/5113177\/admin\/feed\/posts\/\" target=\"_blank\" rel=\"noopener\">LinkedIn<\/a> og <a href=\"https:\/\/www.youtube.com\/c\/globalong\/videos\" target=\"_blank\" rel=\"noopener\">YouTube<\/a>\u00a0!<\/strong><\/p>\n<\/section>\n<\/article>\n<\/div>\n<p><!-- Styles CSS Personnalis\u00e9s --><\/p>\n<style>\n    \/* Styles personnalis\u00e9s pour VITA *\/<br \/>    .globalong-container {<br \/>        width: 95%;<br \/>        max-width: 1200px;<br \/>        margin: 20px auto;<br \/>        overflow: hidden;<br \/>        padding: 20px;<br \/>        background-color: #fff;<br \/>        box-shadow: 0 0 10px rgba(0, 0, 0, 0.1);<br \/>        box-sizing: border-box;<br \/>    }<\/p>\n<p>    .globalong-container p {<br \/>        margin: 15px 0;<br \/>        text-align: justify;<br \/>    }<\/p>\n<p>    .globalong-container h1,<br \/>    .globalong-container h2,<br \/>    .globalong-container h3,<br \/>    .globalong-container h4 {<br \/>        color: #0056b3;<br \/>        margin-top: 20px;<br \/>        margin-bottom: 10px;<br \/>    }<\/p>\n<p>    .globalong-container img.responsive-image {<br \/>        max-width: 100%;<br \/>        height: auto;<br \/>        margin: 20px 0;<br \/>        border-radius: 8px;<br \/>        display: block;<br \/>    }<\/p>\n<p>    .globalong-container ol,<br \/>    .globalong-container ul {<br \/>        margin: 20px 0;<br \/>        padding-left: 40px;<br \/>    }<\/p>\n<p>    .globalong-container ol li,<br \/>    .globalong-container ul li {<br \/>        margin-bottom: 10px;<br \/>    }<\/p>\n<p>    .globalong-container .share-buttons a.share-button {<br \/>        margin-right: 10px;<br \/>        text-decoration: none;<br \/>        color: #fff;<br \/>        background: #0056b3;<br \/>        padding: 10px 15px;<br \/>        border-radius: 5px;<br \/>        transition: background 0.3s ease;<br \/>    }<\/p>\n<p>    .globalong-container .share-buttons a.share-button:hover {<br \/>        background: #003d80;<br \/>    }<\/p>\n<p>    .globalong-container .testimonial {<br \/>        background-color: #f1f1f1;<br \/>        padding: 20px;<br \/>        border-left: 5px solid #0056b3;<br \/>        margin: 20px 0;<br \/>        border-radius: 5px;<br \/>    }<\/p>\n<p>    .globalong-container .testimonial p {<br \/>        font-style: italic;<br \/>        text-align: justify;<br \/>    }<\/p>\n<p>    .globalong-container .faq-section h3 {<br \/>        cursor: pointer;<br \/>        position: relative;<br \/>        color: #0056b3;<br \/>        font-size: 1.5em;<br \/>    }<\/p>\n<p>    .globalong-container .faq-section h3::after {<br \/>        content: '+';<br \/>        position: absolute;<br \/>        right: 0;<br \/>        font-size: 1.5em;<br \/>    }<\/p>\n<p>    .globalong-container .faq-section h3.active::after {<br \/>        content: '-';<br \/>    }<\/p>\n<p>    .globalong-container .faq-section .answer {<br \/>        display: none;<br \/>        margin-top: 10px;<br \/>    }<\/p>\n<p>    .globalong-container .footer-note {<br \/>        text-align: center;<br \/>        margin-top: 40px;<br \/>        font-size: 1.1em;<br \/>    }<\/p>\n<p>    .globalong-container .footer-note a {<br \/>        color: #0056b3;<br \/>        text-decoration: none;<br \/>        font-weight: bold;<br \/>    }<\/p>\n<p>    .globalong-container .footer-note a:hover {<br \/>        text-decoration: underline;<br \/>    }<\/p>\n<p>    \/* Responsive Design *\/<br \/>    @media (max-width: 768px) {<br \/>        .globalong-container h1 {<br \/>            font-size: 2em;<br \/>        }<br \/>        .globalong-container h2 {<br \/>            font-size: 1.75em;<br \/>        }<br \/>        .globalong-container h3 {<br \/>            font-size: 1.5em;<br \/>        }<br \/>    }<br \/><\/style>\n<p><!-- Script JavaScript pour l'Interactivit\u00e9 de la FAQ --><br \/>\n<script>\n    document.addEventListener('DOMContentLoaded', function() {\n        document.querySelectorAll('.faq-section h3').forEach(function(question) {\n            question.addEventListener('click', function() {\n                this.classList.toggle('active');\n                var answer = this.nextElementSibling;\n                if (answer.style.display === 'block') {\n                    answer.style.display = 'none';\n                } else {\n                    answer.style.display = 'block';\n                }\n            });\n        });\n    });\n<\/script><\/p>\n<p><!-- Donn\u00e9es Structur\u00e9es JSON-LD pour l'Article et la FAQ --><br \/>\n<script type=\"application\/ld+json\">\n{\n  \"@context\": \"https:\/\/schema.org\",\n  \"@type\": \"Article\",\n  \"mainEntityOfPage\": {\n    \"@type\": \"WebPage\",\n    \"@id\": \"https:\/\/www.vita-explorers.dk\/blog\/frivilligt-arbejde-i-afrika\"\n  },\n  \"headline\": \"Frivilligt arbejde i Afrika med VITA: En erfaring, der kan \u00e6ndre dit perspektiv\",\n  \"description\": \"Se, hvordan frivilligt arbejde i Afrika med VITA kan give dig relevant erfaring, st\u00e6rk kulturudveksling og et ansvarligt internationalt ophold. Bliv en del af f\u00e6llesskabet og g\u00f8r en forskel p\u00e5 en ordentlig m\u00e5de.\",\n  \"image\": \"https:\/\/www.vita-explorers.dk\/images\/volontariat-en-afrique.jpg\",\n  \"author\": {\n    \"@type\": \"Organization\",\n    \"name\": \"VITA\",\n    \"url\": \"https:\/\/www.vita-explorers.dk\"\n  },\n  \"publisher\": {\n    \"@type\": \"Organization\",\n    \"name\": \"VITA\",\n    \"logo\": {\n      \"@type\": \"ImageObject\",\n      \"url\": \"https:\/\/www.vita-explorers.dk\/images\/logo.png\"\n    }\n  },\n  \"datePublished\": \"2025-01-02T00:00:00Z\",\n  \"dateModified\": \"2025-01-02T00:00:00Z\",\n  \"breadcrumb\": {\n    \"@type\": \"BreadcrumbList\",\n    \"itemListElement\": [\n      {\n        \"@type\": \"ListItem\",\n        \"position\": 1,\n        \"name\": \"Forside\",\n        \"item\": \"https:\/\/www.vita-explorers.dk\/blog\/\"\n      },\n      {\n        \"@type\": \"ListItem\",\n        \"position\": 2,\n        \"name\": \"Frivilligt arbejde\",\n        \"item\": \"https:\/\/www.vita-explorers.dk\/blog\/volontariat\"\n      },\n      {\n        \"@type\": \"ListItem\",\n        \"position\": 3,\n        \"name\": \"Frivilligt arbejde i Afrika\",\n        \"item\": \"https:\/\/www.vita-explorers.dk\/blog\/frivilligt-arbejde-i-afrika\"\n      }\n    ]\n  },\n  \"mainEntity\": [\n    {\n      \"@type\": \"Question\",\n      \"name\": \"Hvilke kvalifikationer skal man have for at deltage i frivilligt arbejde i Afrika med VITA?\",\n      \"acceptedAnswer\": {\n        \"@type\": \"Answer\",\n        \"text\": \"VITA byder deltagere med mange forskellige baggrunde velkommen \u2013 ogs\u00e5 uden tidligere erfaring. De konkrete krav afh\u00e6nger af forl\u00f8bet, men en positiv indstilling, lysten til at l\u00e6re og evnen til at omstille sig er vigtige. Nogle forl\u00f8b kan kr\u00e6ve s\u00e6rlige kompetencer, fx inden for undervisning, sundhed eller projektarbejde.\"\n      }\n    },\n    {\n      \"@type\": \"Question\",\n      \"name\": \"Hvor l\u00e6nge varer et frivilligforl\u00f8b i Afrika?\",\n      \"acceptedAnswer\": {\n        \"@type\": \"Answer\",\n        \"text\": \"Varigheden varierer fra forl\u00f8b til forl\u00f8b. Du kan deltage i et kort ophold p\u00e5 f\u00e5 uger eller v\u00e6lge l\u00e6ngere forl\u00f8b, der str\u00e6kker sig over flere m\u00e5neder. VITA tilbyder fleksible muligheder, s\u00e5 det kan tilpasses din kalender og dine m\u00e5l. Nogle forl\u00f8b kan i enkelte tilf\u00e6lde vare et \u00e5r eller l\u00e6ngere og give en endnu dybere forankring.\"\n      }\n    },\n    {\n      \"@type\": \"Question\",\n      \"name\": \"Er frivilligt arbejde i Afrika dyrt?\",\n      \"acceptedAnswer\": {\n        \"@type\": \"Answer\",\n        \"text\": \"Udgifterne varierer afh\u00e6ngigt af forl\u00f8b og varighed. Det er en god id\u00e9 at f\u00e5 et tydeligt overblik over, hvad der er inkluderet, og planl\u00e6gge dit budget i god tid. VITA giver en detaljeret prisoversigt i forbindelse med valg af forl\u00f8b, s\u00e5 du kan tr\u00e6ffe en oplyst beslutning.\"\n      }\n    },\n    {\n      \"@type\": \"Question\",\n      \"name\": \"Er det n\u00f8dvendigt at kunne det lokale sprog for frivilligt arbejde i Afrika?\",\n      \"acceptedAnswer\": {\n        \"@type\": \"Answer\",\n        \"text\": \"Det er ikke altid n\u00f8dvendigt, men grundl\u00e6ggende kendskab til det lokale sprog kan g\u00f8re det nemmere at falde til og indg\u00e5 i hverdagen. At l\u00e6re et par centrale fraser er ogs\u00e5 en enkel m\u00e5de at vise respekt og engagement over for de mennesker, du m\u00f8der.\"\n      }\n    },\n    {\n      \"@type\": \"Question\",\n      \"name\": \"Hvordan arbejder VITA med sikkerhed for deltagere i Afrika?\",\n      \"acceptedAnswer\": {\n        \"@type\": \"Answer\",\n        \"text\": \"Deltagernes sikkerhed har h\u00f8j prioritet. VITA vurderer omr\u00e5der og rammer, f\u00f8r et forl\u00f8b tilbydes, og aktiviteterne drives lokalt med l\u00f8bende st\u00f8tte p\u00e5 stedet. Der findes ogs\u00e5 klare procedurer for, hvordan man handler, hvis der opst\u00e5r en uforudset situation.\"\n      }\n    },\n    {\n      \"@type\": \"Question\",\n      \"name\": \"Hvilke kriterier er vigtige for at blive deltager hos VITA?\",\n      \"acceptedAnswer\": {\n        \"@type\": \"Answer\",\n        \"text\": \"VITA s\u00f8ger deltagere, der er motiverede, ansvarlige og har lyst til at bidrage positivt. Kriterier kan omfatte: \\n\\n- En oprigtig motivation for at deltage i forl\u00f8bets form\u00e5l.\\n- Relevante kompetencer eller erfaringer afh\u00e6ngigt af det valgte forl\u00f8b.\\n- Evnen til at samarbejde og tilpasse sig nye rammer.\\n- En god fysisk og mental robusthed i forhold til hverdagen p\u00e5 stedet.\\n- Kendskab til fransk, spansk eller engelsk, afh\u00e6ngigt af hvor forl\u00f8bet foreg\u00e5r.\\n\\nEn grundig ans\u00f8gningsproces, herunder en samtale, er med til at sikre, at deltagerne er forberedte og at forventningerne passer sammen.\"\n      }\n    },\n    {\n      \"@type\": \"Question\",\n      \"name\": \"Hvilke typer indkvartering tilbydes?\",\n      \"acceptedAnswer\": {\n        \"@type\": \"Answer\",\n        \"text\": \"Indkvarteringen afh\u00e6nger af forl\u00f8b og sted. VITA tilbyder typisk: \\n\\n- **V\u00e6rtsfamilie:** At bo hos en lokal familie giver en t\u00e6t kulturudveksling og plads til \u00e6gte hverdagsm\u00f8der.\\n- **Delt bolig:** At dele bolig med andre deltagere kan give et st\u00e6rkt f\u00e6llesskab og gode samtaler p\u00e5 tv\u00e6rs af kulturer.\\n- **F\u00e6lleshuse:** Nogle projekter har indkvartering i tilknytning til lokale faciliteter.\\n\\nAlle indkvarteringsl\u00f8sninger er trygge og har de mest n\u00f8dvendige faciliteter. VITA sikrer ogs\u00e5, at boligforholdene passer til forl\u00f8bets rammer og f\u00f8lger lokale sikkerhedsstandarder.\"\n      }\n    },\n    {\n      \"@type\": \"Question\",\n      \"name\": \"Er der muligheder for faglig udvikling under frivilligt arbejde?\",\n      \"acceptedAnswer\": {\n        \"@type\": \"Answer\",\n        \"text\": \"Ja, VITA l\u00e6gger v\u00e6gt p\u00e5 l\u00e6ring undervejs og giver adgang til relevante muligheder for kompetenceudvikling. Afh\u00e6ngigt af forl\u00f8bet kan du: \\n\\n- Deltage i workshops og tr\u00e6ning, der passer til dit indsatsomr\u00e5de.\\n- Udvikle f\u00e6rdigheder i projektarbejde, lederskab og tv\u00e6rkulturel kommunikation.\\n- Blive en del af et internationalt netv\u00e6rk af fagpersoner p\u00e5 tv\u00e6rs af omr\u00e5der.\\n- Modtage dokumentation for din deltagelse.\\n\\nMulighederne er t\u00e6nkt som st\u00f8tte til din videre vej \u2013 b\u00e5de personligt og i dit studieliv eller arbejdsliv.\"\n      }\n    }\n  ]\n}\n<\/script><\/p>\n","protected":false},"excerpt":{"rendered":"<p>Frivilligt arbejde i Afrika: En erfaring, der kan \u00e6ndre dit perspektiv Indhold Introduktion Hvorfor v\u00e6lge frivilligt arbejde i Afrika med VITA? De forskellige typer\u2026<\/p>\n","protected":false},"author":7,"featured_media":2556,"comment_status":"open","ping_status":"open","sticky":false,"template":"","format":"standard","meta":{"footnotes":""},"categories":[8,6],"tags":[],"yoast_head":"<!-- This site is optimized with the Yoast SEO Premium plugin v23.4 (Yoast SEO v23.4) - https:\/\/yoast.com\/wordpress\/plugins\/seo\/ -->\n<title>Frivilligt arbejde i Afrika: Humanit\u00e6rt, socialt og kulturelt engagement<\/title>\n<meta name=\"description\" content=\"D\u00e9couvrez le volontariat en Afrique en 2025. Une exp\u00e9rience enrichissante pour faire une r\u00e9elle diff\u00e9rence dans les communaut\u00e9s locales.\" \/>\n<meta name=\"robots\" content=\"index, follow, max-snippet:-1, max-image-preview:large, max-video-preview:-1\" \/>\n<link rel=\"canonical\" href=\"https:\/\/www.vita-explorers.dk\/blog\/frivilligt-arbejde-i-afrika\/\" \/>\n<meta property=\"og:locale\" content=\"da_DK\" \/>\n<meta property=\"og:type\" content=\"article\" \/>\n<meta property=\"og:title\" content=\"Frivilligt arbejde i Afrika\" \/>\n<meta property=\"og:description\" content=\"D\u00e9couvrez le volontariat en Afrique en 2025. Une exp\u00e9rience enrichissante pour faire une r\u00e9elle diff\u00e9rence dans les communaut\u00e9s locales.\" \/>\n<meta property=\"og:url\" content=\"https:\/\/www.vita-explorers.dk\/blog\/frivilligt-arbejde-i-afrika\/\" \/>\n<meta property=\"og:site_name\" content=\"VITA Explorers Blog\" \/>\n<meta property=\"article:publisher\" content=\"https:\/\/www.facebook.com\/globalong\" \/>\n<meta property=\"article:published_time\" content=\"2025-01-02T07:12:22+00:00\" \/>\n<meta property=\"article:modified_time\" content=\"2025-02-08T13:15:11+00:00\" \/>\n<meta property=\"og:image\" content=\"https:\/\/www.vita-explorers.dk\/blog\/wp-content\/uploads\/2015\/10\/afrique-b\u00e9n\u00e9volat-globalong.jpg\" \/>\n\t<meta property=\"og:image:width\" content=\"1600\" \/>\n\t<meta property=\"og:image:height\" content=\"1200\" \/>\n\t<meta property=\"og:image:type\" content=\"image\/jpeg\" \/>\n<meta name=\"author\" content=\"VITA Tribe\" \/>\n<meta name=\"twitter:card\" content=\"summary_large_image\" \/>\n<meta name=\"twitter:label1\" content=\"Skrevet af\" \/>\n\t<meta name=\"twitter:data1\" content=\"VITA Tribe\" \/>\n\t<meta name=\"twitter:label2\" content=\"Estimeret l\u00e6setid\" \/>\n\t<meta name=\"twitter:data2\" content=\"14 minutter\" \/>\n<script type=\"application\/ld+json\" class=\"yoast-schema-graph\">{\"@context\":\"https:\/\/schema.org\",\"@graph\":[{\"@type\":\"Article\",\"@id\":\"https:\/\/www.vita-explorers.dk\/blog\/frivilligt-arbejde-i-afrika\/#article\",\"isPartOf\":{\"@id\":\"https:\/\/www.vita-explorers.dk\/blog\/frivilligt-arbejde-i-afrika\/\"},\"author\":{\"name\":\"VITA Tribe\",\"@id\":\"https:\/\/www.vita-explorers.dk\/blog\/#\/schema\/person\/fc0343a2f2db2ebb2793c1f62dbe73f0\"},\"headline\":\"Frivilligt arbejde i Afrika\",\"datePublished\":\"2025-01-02T07:12:22+00:00\",\"dateModified\":\"2025-02-08T13:15:11+00:00\",\"mainEntityOfPage\":{\"@id\":\"https:\/\/www.vita-explorers.dk\/blog\/frivilligt-arbejde-i-afrika\/\"},\"wordCount\":2313,\"commentCount\":0,\"publisher\":{\"@id\":\"https:\/\/www.vita-explorers.dk\/blog\/#organization\"},\"image\":{\"@id\":\"https:\/\/www.vita-explorers.dk\/blog\/frivilligt-arbejde-i-afrika\/#primaryimage\"},\"thumbnailUrl\":\"https:\/\/www.vita-explorers.dk\/blog\/wp-content\/uploads\/2015\/10\/afrique-b\u00e9n\u00e9volat-globalong.jpg\",\"articleSection\":[\"Humanit\u00e6rt frivilligt arbejde\",\"Nyheder\"],\"inLanguage\":\"da-DK\",\"potentialAction\":[{\"@type\":\"CommentAction\",\"name\":\"Comment\",\"target\":[\"https:\/\/www.vita-explorers.dk\/blog\/frivilligt-arbejde-i-afrika\/#respond\"]}]},{\"@type\":\"WebPage\",\"@id\":\"https:\/\/www.vita-explorers.dk\/blog\/frivilligt-arbejde-i-afrika\/\",\"url\":\"https:\/\/www.vita-explorers.dk\/blog\/frivilligt-arbejde-i-afrika\/\",\"name\":\"Frivilligt arbejde i Afrika: Humanit\u00e6rt, socialt og kulturelt engagement\",\"isPartOf\":{\"@id\":\"https:\/\/www.vita-explorers.dk\/blog\/#website\"},\"primaryImageOfPage\":{\"@id\":\"https:\/\/www.vita-explorers.dk\/blog\/frivilligt-arbejde-i-afrika\/#primaryimage\"},\"image\":{\"@id\":\"https:\/\/www.vita-explorers.dk\/blog\/frivilligt-arbejde-i-afrika\/#primaryimage\"},\"thumbnailUrl\":\"https:\/\/www.vita-explorers.dk\/blog\/wp-content\/uploads\/2015\/10\/afrique-b\u00e9n\u00e9volat-globalong.jpg\",\"datePublished\":\"2025-01-02T07:12:22+00:00\",\"dateModified\":\"2025-02-08T13:15:11+00:00\",\"description\":\"D\u00e9couvrez le volontariat en Afrique en 2025. Une exp\u00e9rience enrichissante pour faire une r\u00e9elle diff\u00e9rence dans les communaut\u00e9s locales.\",\"breadcrumb\":{\"@id\":\"https:\/\/www.vita-explorers.dk\/blog\/frivilligt-arbejde-i-afrika\/#breadcrumb\"},\"inLanguage\":\"da-DK\",\"potentialAction\":[{\"@type\":\"ReadAction\",\"target\":[\"https:\/\/www.vita-explorers.dk\/blog\/frivilligt-arbejde-i-afrika\/\"]}]},{\"@type\":\"ImageObject\",\"inLanguage\":\"da-DK\",\"@id\":\"https:\/\/www.vita-explorers.dk\/blog\/frivilligt-arbejde-i-afrika\/#primaryimage\",\"url\":\"https:\/\/www.vita-explorers.dk\/blog\/wp-content\/uploads\/2015\/10\/afrique-b\u00e9n\u00e9volat-globalong.jpg\",\"contentUrl\":\"https:\/\/www.vita-explorers.dk\/blog\/wp-content\/uploads\/2015\/10\/afrique-b\u00e9n\u00e9volat-globalong.jpg\",\"width\":1600,\"height\":1200,\"caption\":\"Volontariat en Afrique\"},{\"@type\":\"BreadcrumbList\",\"@id\":\"https:\/\/www.vita-explorers.dk\/blog\/frivilligt-arbejde-i-afrika\/#breadcrumb\",\"itemListElement\":[{\"@type\":\"ListItem\",\"position\":1,\"name\":\"Accueil\",\"item\":\"https:\/\/www.vita-explorers.dk\/blog\/\"},{\"@type\":\"ListItem\",\"position\":2,\"name\":\"Frivilligt arbejde i Afrika\"}]},{\"@type\":\"WebSite\",\"@id\":\"https:\/\/www.vita-explorers.dk\/blog\/#website\",\"url\":\"https:\/\/www.vita-explorers.dk\/blog\/\",\"name\":\"Association Globalong\",\"description\":\"Frivilligt arbejde, sprogophold, praktik i udlandet og internationale oplevelser\",\"publisher\":{\"@id\":\"https:\/\/www.vita-explorers.dk\/blog\/#organization\"},\"potentialAction\":[{\"@type\":\"SearchAction\",\"target\":{\"@type\":\"EntryPoint\",\"urlTemplate\":\"https:\/\/www.vita-explorers.dk\/blog\/?s={search_term_string}\"},\"query-input\":{\"@type\":\"PropertyValueSpecification\",\"valueRequired\":true,\"valueName\":\"search_term_string\"}}],\"inLanguage\":\"da-DK\"},{\"@type\":\"Organization\",\"@id\":\"https:\/\/www.vita-explorers.dk\/blog\/#organization\",\"name\":\"Association Globalong\",\"url\":\"https:\/\/www.vita-explorers.dk\/blog\/\",\"logo\":{\"@type\":\"ImageObject\",\"inLanguage\":\"da-DK\",\"@id\":\"https:\/\/www.vita-explorers.dk\/blog\/#\/schema\/logo\/image\/\",\"url\":\"https:\/\/www.globalong.com\/blog\/wp-content\/uploads\/2014\/11\/cropped-cropped-Logo-et-Afrique-Globalong-petite-taille-2.jpg\",\"contentUrl\":\"https:\/\/www.globalong.com\/blog\/wp-content\/uploads\/2014\/11\/cropped-cropped-Logo-et-Afrique-Globalong-petite-taille-2.jpg\",\"width\":512,\"height\":512,\"caption\":\"Association Globalong\"},\"image\":{\"@id\":\"https:\/\/www.vita-explorers.dk\/blog\/#\/schema\/logo\/image\/\"},\"sameAs\":[\"https:\/\/www.facebook.com\/globalong\"]},{\"@type\":\"Person\",\"@id\":\"https:\/\/www.vita-explorers.dk\/blog\/#\/schema\/person\/fc0343a2f2db2ebb2793c1f62dbe73f0\",\"name\":\"VITA Tribe\",\"image\":{\"@type\":\"ImageObject\",\"inLanguage\":\"da-DK\",\"@id\":\"https:\/\/www.vita-explorers.dk\/blog\/#\/schema\/person\/image\/\",\"url\":\"https:\/\/secure.gravatar.com\/avatar\/f7f05026bb439d0c96b30e135e5f852c?s=96&d=mm&r=g\",\"contentUrl\":\"https:\/\/secure.gravatar.com\/avatar\/f7f05026bb439d0c96b30e135e5f852c?s=96&d=mm&r=g\",\"caption\":\"VITA Tribe\"},\"sameAs\":[\"http:\/\/www.globalong.com\"],\"url\":\"https:\/\/www.vita-explorers.dk\/blog\/author\/teamglobalong\/\"}]}<\/script>\n<!-- \/ Yoast SEO Premium plugin. -->","yoast_head_json":{"title":"Frivilligt arbejde i Afrika: Humanit\u00e6rt, socialt og kulturelt engagement","description":"D\u00e9couvrez le volontariat en Afrique en 2025. Une exp\u00e9rience enrichissante pour faire une r\u00e9elle diff\u00e9rence dans les communaut\u00e9s locales.","robots":{"index":"index","follow":"follow","max-snippet":"max-snippet:-1","max-image-preview":"max-image-preview:large","max-video-preview":"max-video-preview:-1"},"canonical":"https:\/\/www.vita-explorers.dk\/blog\/frivilligt-arbejde-i-afrika\/","og_locale":"da_DK","og_type":"article","og_title":"Frivilligt arbejde i Afrika","og_description":"D\u00e9couvrez le volontariat en Afrique en 2025. Une exp\u00e9rience enrichissante pour faire une r\u00e9elle diff\u00e9rence dans les communaut\u00e9s locales.","og_url":"https:\/\/www.vita-explorers.dk\/blog\/frivilligt-arbejde-i-afrika\/","og_site_name":"VITA Explorers Blog","article_publisher":"https:\/\/www.facebook.com\/globalong","article_published_time":"2025-01-02T07:12:22+00:00","article_modified_time":"2025-02-08T13:15:11+00:00","og_image":[{"width":1600,"height":1200,"url":"https:\/\/www.vita-explorers.dk\/blog\/wp-content\/uploads\/2015\/10\/afrique-b\u00e9n\u00e9volat-globalong.jpg","type":"image\/jpeg"}],"author":"VITA Tribe","twitter_card":"summary_large_image","twitter_misc":{"Skrevet af":"VITA Tribe","Estimeret l\u00e6setid":"14 minutter"},"schema":{"@context":"https:\/\/schema.org","@graph":[{"@type":"Article","@id":"https:\/\/www.vita-explorers.dk\/blog\/frivilligt-arbejde-i-afrika\/#article","isPartOf":{"@id":"https:\/\/www.vita-explorers.dk\/blog\/frivilligt-arbejde-i-afrika\/"},"author":{"name":"VITA Tribe","@id":"https:\/\/www.vita-explorers.dk\/blog\/#\/schema\/person\/fc0343a2f2db2ebb2793c1f62dbe73f0"},"headline":"Frivilligt arbejde i Afrika","datePublished":"2025-01-02T07:12:22+00:00","dateModified":"2025-02-08T13:15:11+00:00","mainEntityOfPage":{"@id":"https:\/\/www.vita-explorers.dk\/blog\/frivilligt-arbejde-i-afrika\/"},"wordCount":2313,"commentCount":0,"publisher":{"@id":"https:\/\/www.vita-explorers.dk\/blog\/#organization"},"image":{"@id":"https:\/\/www.vita-explorers.dk\/blog\/frivilligt-arbejde-i-afrika\/#primaryimage"},"thumbnailUrl":"https:\/\/www.vita-explorers.dk\/blog\/wp-content\/uploads\/2015\/10\/afrique-b\u00e9n\u00e9volat-globalong.jpg","articleSection":["Humanit\u00e6rt frivilligt arbejde","Nyheder"],"inLanguage":"da-DK","potentialAction":[{"@type":"CommentAction","name":"Comment","target":["https:\/\/www.vita-explorers.dk\/blog\/frivilligt-arbejde-i-afrika\/#respond"]}]},{"@type":"WebPage","@id":"https:\/\/www.vita-explorers.dk\/blog\/frivilligt-arbejde-i-afrika\/","url":"https:\/\/www.vita-explorers.dk\/blog\/frivilligt-arbejde-i-afrika\/","name":"Frivilligt arbejde i Afrika: Humanit\u00e6rt, socialt og kulturelt engagement","isPartOf":{"@id":"https:\/\/www.vita-explorers.dk\/blog\/#website"},"primaryImageOfPage":{"@id":"https:\/\/www.vita-explorers.dk\/blog\/frivilligt-arbejde-i-afrika\/#primaryimage"},"image":{"@id":"https:\/\/www.vita-explorers.dk\/blog\/frivilligt-arbejde-i-afrika\/#primaryimage"},"thumbnailUrl":"https:\/\/www.vita-explorers.dk\/blog\/wp-content\/uploads\/2015\/10\/afrique-b\u00e9n\u00e9volat-globalong.jpg","datePublished":"2025-01-02T07:12:22+00:00","dateModified":"2025-02-08T13:15:11+00:00","description":"D\u00e9couvrez le volontariat en Afrique en 2025. Une exp\u00e9rience enrichissante pour faire une r\u00e9elle diff\u00e9rence dans les communaut\u00e9s locales.","breadcrumb":{"@id":"https:\/\/www.vita-explorers.dk\/blog\/frivilligt-arbejde-i-afrika\/#breadcrumb"},"inLanguage":"da-DK","potentialAction":[{"@type":"ReadAction","target":["https:\/\/www.vita-explorers.dk\/blog\/frivilligt-arbejde-i-afrika\/"]}]},{"@type":"ImageObject","inLanguage":"da-DK","@id":"https:\/\/www.vita-explorers.dk\/blog\/frivilligt-arbejde-i-afrika\/#primaryimage","url":"https:\/\/www.vita-explorers.dk\/blog\/wp-content\/uploads\/2015\/10\/afrique-b\u00e9n\u00e9volat-globalong.jpg","contentUrl":"https:\/\/www.vita-explorers.dk\/blog\/wp-content\/uploads\/2015\/10\/afrique-b\u00e9n\u00e9volat-globalong.jpg","width":1600,"height":1200,"caption":"Volontariat en Afrique"},{"@type":"BreadcrumbList","@id":"https:\/\/www.vita-explorers.dk\/blog\/frivilligt-arbejde-i-afrika\/#breadcrumb","itemListElement":[{"@type":"ListItem","position":1,"name":"Accueil","item":"https:\/\/www.vita-explorers.dk\/blog\/"},{"@type":"ListItem","position":2,"name":"Frivilligt arbejde i Afrika"}]},{"@type":"WebSite","@id":"https:\/\/www.vita-explorers.dk\/blog\/#website","url":"https:\/\/www.vita-explorers.dk\/blog\/","name":"Association Globalong","description":"Frivilligt arbejde, sprogophold, praktik i udlandet og internationale oplevelser","publisher":{"@id":"https:\/\/www.vita-explorers.dk\/blog\/#organization"},"potentialAction":[{"@type":"SearchAction","target":{"@type":"EntryPoint","urlTemplate":"https:\/\/www.vita-explorers.dk\/blog\/?s={search_term_string}"},"query-input":{"@type":"PropertyValueSpecification","valueRequired":true,"valueName":"search_term_string"}}],"inLanguage":"da-DK"},{"@type":"Organization","@id":"https:\/\/www.vita-explorers.dk\/blog\/#organization","name":"Association Globalong","url":"https:\/\/www.vita-explorers.dk\/blog\/","logo":{"@type":"ImageObject","inLanguage":"da-DK","@id":"https:\/\/www.vita-explorers.dk\/blog\/#\/schema\/logo\/image\/","url":"https:\/\/www.globalong.com\/blog\/wp-content\/uploads\/2014\/11\/cropped-cropped-Logo-et-Afrique-Globalong-petite-taille-2.jpg","contentUrl":"https:\/\/www.globalong.com\/blog\/wp-content\/uploads\/2014\/11\/cropped-cropped-Logo-et-Afrique-Globalong-petite-taille-2.jpg","width":512,"height":512,"caption":"Association Globalong"},"image":{"@id":"https:\/\/www.vita-explorers.dk\/blog\/#\/schema\/logo\/image\/"},"sameAs":["https:\/\/www.facebook.com\/globalong"]},{"@type":"Person","@id":"https:\/\/www.vita-explorers.dk\/blog\/#\/schema\/person\/fc0343a2f2db2ebb2793c1f62dbe73f0","name":"VITA Tribe","image":{"@type":"ImageObject","inLanguage":"da-DK","@id":"https:\/\/www.vita-explorers.dk\/blog\/#\/schema\/person\/image\/","url":"https:\/\/secure.gravatar.com\/avatar\/f7f05026bb439d0c96b30e135e5f852c?s=96&d=mm&r=g","contentUrl":"https:\/\/secure.gravatar.com\/avatar\/f7f05026bb439d0c96b30e135e5f852c?s=96&d=mm&r=g","caption":"VITA Tribe"},"sameAs":["http:\/\/www.globalong.com"],"url":"https:\/\/www.vita-explorers.dk\/blog\/author\/teamglobalong\/"}]}},"_links":{"self":[{"href":"https:\/\/www.vita-explorers.dk\/blog\/wp-json\/wp\/v2\/posts\/19834"}],"collection":[{"href":"https:\/\/www.vita-explorers.dk\/blog\/wp-json\/wp\/v2\/posts"}],"about":[{"href":"https:\/\/www.vita-explorers.dk\/blog\/wp-json\/wp\/v2\/types\/post"}],"author":[{"embeddable":true,"href":"https:\/\/www.vita-explorers.dk\/blog\/wp-json\/wp\/v2\/users\/7"}],"replies":[{"embeddable":true,"href":"https:\/\/www.vita-explorers.dk\/blog\/wp-json\/wp\/v2\/comments?post=19834"}],"version-history":[{"count":9,"href":"https:\/\/www.vita-explorers.dk\/blog\/wp-json\/wp\/v2\/posts\/19834\/revisions"}],"predecessor-version":[{"id":20713,"href":"https:\/\/www.vita-explorers.dk\/blog\/wp-json\/wp\/v2\/posts\/19834\/revisions\/20713"}],"wp:featuredmedia":[{"embeddable":true,"href":"https:\/\/www.vita-explorers.dk\/blog\/wp-json\/wp\/v2\/media\/2556"}],"wp:attachment":[{"href":"https:\/\/www.vita-explorers.dk\/blog\/wp-json\/wp\/v2\/media?parent=19834"}],"wp:term":[{"taxonomy":"category","embeddable":true,"href":"https:\/\/www.vita-explorers.dk\/blog\/wp-json\/wp\/v2\/categories?post=19834"},{"taxonomy":"post_tag","embeddable":true,"href":"https:\/\/www.vita-explorers.dk\/blog\/wp-json\/wp\/v2\/tags?post=19834"}],"curies":[{"name":"wp","href":"https:\/\/api.w.org\/{rel}","templated":true}]}}