{"id":20052,"date":"2025-01-18T04:56:20","date_gmt":"2025-01-18T03:56:20","guid":{"rendered":"https:\/\/www.globalong.com\/blog\/?p=20052"},"modified":"2025-04-22T06:29:20","modified_gmt":"2025-04-22T04:29:20","slug":"frivilligt-arbejde-for-unge","status":"publish","type":"post","link":"https:\/\/www.vita-explorers.dk\/blog\/frivilligt-arbejde-for-unge\/","title":{"rendered":"Frivilligt arbejde for unge"},"content":{"rendered":"<style>\n        body {<br \/>            font-family: Arial, sans-serif;<br \/>            line-height: 1.6;<br \/>            color: #333;<br \/>            background-color: #f9f9f9;<br \/>            padding: 20px;<br \/>            max-width: 1200px;<br \/>            margin: auto;<br \/>        }<br \/>        h1, h2, h3, h4 {<br \/>            color: #007BFF;<br \/>        }<br \/>        h1 {<br \/>            text-align: center;<br \/>            margin-bottom: 40px;<br \/>        }<br \/>        h2 {<br \/>            margin-top: 40px;<br \/>            border-bottom: 2px solid #007BFF;<br \/>            padding-bottom: 10px;<br \/>        }<br \/>        h3, h4 {<br \/>            margin-top: 30px;<br \/>            color: #0056b3;<br \/>        }<br \/>        p {<br \/>            margin-bottom: 20px;<br \/>            text-align: justify;<br \/>        }<br \/>        ul, ol {<br \/>            margin-bottom: 20px;<br \/>            padding-left: 40px;<br \/>        }<br \/>        li {<br \/>            margin-bottom: 10px;<br \/>        }<br \/>        blockquote {<br \/>            border-left: 5px solid #007BFF;<br \/>            padding-left: 15px;<br \/>            color: #555;<br \/>            font-style: italic;<br \/>            background-color: #f1f1f1;<br \/>            margin: 20px 0;<br \/>        }<br \/>        img {<br \/>            display: block;<br \/>            margin: 20px auto;<br \/>            max-width: 100%;<br \/>            height: auto;<br \/>            border-radius: 10px;<br \/>        }<br \/>        .cta-button {<br \/>            display: inline-block;<br \/>            padding: 15px 30px;<br \/>            background-color: #007BFF;<br \/>            color: #fff;<br \/>            text-decoration: none;<br \/>            border-radius: 50px;<br \/>            transition: background-color 0.3s ease;<br \/>            font-size: 1.2em;<br \/>            margin-top: 30px;<br \/>        }<br \/>        .cta-button:hover {<br \/>            background-color: #0056b3;<br \/>        }<br \/>        footer {<br \/>            text-align: center;<br \/>            margin-top: 60px;<br \/>            padding: 20px;<br \/>            background-color: #fff;<br \/>            box-shadow: 0 -2px 4px rgba(0,0,0,0.1);<br \/>        }<br \/>        \/* Responsive Design *\/<br \/>        @media (max-width: 768px) {<br \/>            .cta-button {<br \/>                width: 80%;<br \/>                text-align: center;<br \/>            }<br \/>        }<br \/>        \/* Table of Contents *\/<br \/>        .table-of-contents {<br \/>            background-color: #fff;<br \/>            padding: 20px;<br \/>            border-radius: 10px;<br \/>            box-shadow: 0 2px 4px rgba(0,0,0,0.1);<br \/>            margin-bottom: 40px;<br \/>        }<br \/>        .table-of-contents h2 {<br \/>            border-bottom: none;<br \/>            color: #333;<br \/>            margin-bottom: 20px;<br \/>        }<br \/>        .table-of-contents ul {<br \/>            list-style-type: none;<br \/>            padding-left: 0;<br \/>        }<br \/>        .table-of-contents li {<br \/>            margin-bottom: 10px;<br \/>        }<br \/>        .table-of-contents a {<br \/>            text-decoration: none;<br \/>            color: #007BFF;<br \/>        }<br \/>        .table-of-contents a:hover {<br \/>            text-decoration: underline;<br \/>        }<br \/>    <\/style>\n<p><!-- Schema.org JSON-LD for Article --><br \/>\n<script type=\"application\/ld+json\">\n    {\n      \"@context\": \"https:\/\/schema.org\",\n      \"@type\": \"Article\",\n      \"headline\": \"Frivilligt arbejde for unge: Programmer og initiativer\",\n      \"description\": \"F\u00e5 overblik over gode programmer og initiativer for frivilligt arbejde for unge. Deltag i meningsfulde internationale forl\u00f8b i Spanien, Island, Storbritannien og Irland med VITA.\",\n      \"image\": \"https:\/\/www.vita-explorers.dk\/blog\/wp-content\/uploads\/2025\/04\/volontariat-jeunes.jpg\",\n      \"author\": {\n        \"@type\": \"Organization\",\n        \"name\": \"VITA\",\n        \"url\": \"https:\/\/www.vita-explorers.dk\"\n      },\n      \"publisher\": {\n        \"@type\": \"Organization\",\n        \"name\": \"VITA\",\n        \"logo\": {\n          \"@type\": \"ImageObject\",\n          \"url\": \"https:\/\/www.vita-explorers.dk\/logo.png\"\n        }\n      },\n      \"datePublished\": \"2025-04-27T10:00:00+02:00\",\n      \"mainEntityOfPage\": {\n        \"@type\": \"WebPage\",\n        \"@id\": \"https:\/\/www.vita-explorers.dk\/blog\/frivilligt-arbejde-for-unge-programmes-et-initiatives\"\n      },\n      \"keywords\": \"Frivilligt arbejde for unge, frivilligprogrammer, sociale initiativer, frivilligt arbejde Spanien, socialt forl\u00f8b Barcelona, \u00f8ko-frivilligt arbejde Island, sprogophold London, frivilligt ophold unge\"\n    }\n    <\/script><\/p>\n<p><!-- Schema.org JSON-LD for FAQ (Optional for Rich Results) --><br \/>\n<script type=\"application\/ld+json\">\n    {\n      \"@context\": \"https:\/\/schema.org\",\n      \"@type\": \"FAQPage\",\n      \"mainEntity\": [\n        {\n          \"@type\": \"Question\",\n          \"name\": \"Hvilke frivilligprogrammer er der for unge i Spanien?\",\n          \"acceptedAnswer\": {\n            \"@type\": \"Answer\",\n            \"text\": \"I Spanien tilbyder VITA forl\u00f8b med fokus p\u00e5 lokalsamfund, sociale indsatser i Barcelona og initiativer, der arbejder med ulighed. Programmerne giver unge mulighed for at engagere sig i meningsfulde projekter og samtidig opleve spansk kultur.\"\n          }\n        },\n        {\n          \"@type\": \"Question\",\n          \"name\": \"Findes der frivilligprogrammer i Island, som passer til teenagere?\",\n          \"acceptedAnswer\": {\n            \"@type\": \"Answer\",\n            \"text\": \"Ja, VITA tilbyder \u00f8ko-frivillige forl\u00f8b for unge mellem 14 og 17 \u00e5r i Island. Programmerne inkluderer et 12-dages forl\u00f8b m\u00e5lrettet mindre\u00e5rige samt en rejsende sommerlejr, hvor teenagere kan bidrage til natur- og milj\u00f8projekter.\"\n          }\n        },\n        {\n          \"@type\": \"Question\",\n          \"name\": \"Hvad er fordelene ved et sprogophold i London for teenagere?\",\n          \"acceptedAnswer\": {\n            \"@type\": \"Answer\",\n            \"text\": \"Et sprogophold i London giver teenagere mulighed for at l\u00e6re engelsk gennem fuld immersion. Programmerne kan omfatte intensive engelskkurser, ophold hos en britisk v\u00e6rtsfamilie og kulturaktiviteter, der underst\u00f8tter l\u00e6ringen og giver en tryg helhedsoplevelse.\"\n          }\n        },\n        {\n          \"@type\": \"Question\",\n          \"name\": \"Hvordan deltager man i et frivilligt forl\u00f8b i Irland med VITA?\",\n          \"acceptedAnswer\": {\n            \"@type\": \"Answer\",\n            \"text\": \"For at deltage i et frivilligt forl\u00f8b i Irland med VITA kan unge tilmelde sig \u00f8ko-frivillige projekter og sommerlejre for teenagere. Forl\u00f8bene er tilrettelagt, s\u00e5 de b\u00e5de giver praktisk erfaring, personlig udvikling og \u00f8get forst\u00e5else for milj\u00f8 og natur.\"\n          }\n        }\n      ]\n    }\n    <\/script><\/p>\n<header>\n<h1>Frivilligt arbejde for unge: Programmer og initiativer<\/h1>\n<\/header>\n<div class=\"table-of-contents\">\n<h2>Indhold<\/h2>\n<ul>\n<li><a href=\"#introduction\">Introduktion<\/a><\/li>\n<li><a href=\"#programmes-espagne\">1. Frivilligprogrammer i Spanien<\/a>\n<ul>\n<li><a href=\"#mission-developpement\">1.1 Forl\u00f8b med lokalsamfundsudvikling i Spanien<\/a><\/li>\n<li><a href=\"#mission-sociale\">1.2 Socialt forl\u00f8b i Barcelona<\/a><\/li>\n<li><a href=\"#lutte-inegalites\">1.3 Engagement mod ulighed<\/a><\/li>\n<\/ul>\n<\/li>\n<li><a href=\"#programmes-islande\">2. Frivilligprogrammer i Island<\/a>\n<ul>\n<li><a href=\"#eco-volontariat\">2.1 \u00d8ko-frivilligt forl\u00f8b for 14\u201317-\u00e5rige i Island<\/a><\/li>\n<li><a href=\"#programme-12-jours\">2.2 12-dages program rundt i Island for mindre\u00e5rige<\/a><\/li>\n<li><a href=\"#camp-ete-ados\">2.3 Rejsende sommerlejr for teenagere<\/a><\/li>\n<\/ul>\n<\/li>\n<li><a href=\"#programmes-royaume-uni\">3. Frivilligprogrammer i Storbritannien<\/a>\n<ul>\n<li><a href=\"#sejour-linguistique-londres\">3.1 Sprogophold i London<\/a><\/li>\n<li><a href=\"#sejour-immersion\">3.2 Ophold med fuld immersion hos en britisk v\u00e6rtsfamilie<\/a><\/li>\n<li><a href=\"#cours-anglais-ados\">3.3 Engelskkurser for teenagere i Ramsgate<\/a><\/li>\n<\/ul>\n<\/li>\n<li><a href=\"#programmes-irlande\">4. Frivilligprogrammer i Irland<\/a>\n<ul>\n<li><a href=\"#mission-volontariat-jeunes\">4.1 \u00d8ko-frivilligt forl\u00f8b for unge<\/a><\/li>\n<li><a href=\"#camp-ete-irlande\">4.2 Sommerlejr for teenagere i Irland<\/a><\/li>\n<\/ul>\n<\/li>\n<li><a href=\"#conclusion\">5. Afslutning<\/a><\/li>\n<li><a href=\"#faq\">6. FAQ<\/a><\/li>\n<\/ul>\n<\/div>\n<article>\n<section id=\"introduction\">\n<h2>Introduktion til frivilligt arbejde for unge<\/h2>\n<p><img loading=\"lazy\" decoding=\"async\" class=\"aligncenter wp-image-19736 size-medium\" src=\"https:\/\/www.vita-explorers.dk\/blog\/wp-content\/uploads\/2024\/12\/107695164_1357931937735407_4757696997449785457_n-225x300.jpg\" alt=\"Jeunes volontaires en action\" width=\"225\" height=\"300\" srcset=\"https:\/\/www.vita-explorers.dk\/blog\/wp-content\/uploads\/2024\/12\/107695164_1357931937735407_4757696997449785457_n-225x300.jpg 225w, https:\/\/www.vita-explorers.dk\/blog\/wp-content\/uploads\/2024\/12\/107695164_1357931937735407_4757696997449785457_n.jpg 720w\" sizes=\"(max-width: 225px) 100vw, 225px\" \/><\/p>\n<p style=\"text-align: justify;\">Frivilligt arbejde for unge er en god mulighed for at udvikle kompetencer, opleve nye kulturer og bidrage til indsatser, der g\u00f8r en forskel. Hos VITA tilbyder vi en r\u00e6kke programmer og initiativer, der er tilrettelagt til unge, med forl\u00f8b i <a href=\"https:\/\/www.vita-explorers.dk\/frivilligt-arbejde\/humanit\u00e6rt-ophold-frivilligt-arbejde-spanien.html\" target=\"_blank\" rel=\"noopener\">Spanien<\/a>, <a href=\"https:\/\/www.vita-explorers.dk\/frivilligt-arbejde\/internationalt-frivilligt-arbejde-island-praktik-studerende-europa.html\" target=\"_blank\" rel=\"noopener\">Island<\/a>, <a href=\"https:\/\/www.vita-explorers.dk\/sprogophold\/england-sprogophold-skraeddersyet.html\" target=\"_blank\" rel=\"noopener\">Storbritannien<\/a> og <a href=\"https:\/\/www.vita-explorers.dk\/frivilligt-arbejde\/vita-institute-frivilligt-arbejde-internationale-forloeb-praktik-irland.html\" target=\"_blank\" rel=\"noopener\">Irland<\/a>. Artiklen giver et overblik over mulighederne, hvad man kan f\u00e5 ud af dem, og hvordan et ansvarligt ophold kan styrke unge \u2013 samtidig med at det skaber v\u00e6rdi i de f\u00e6llesskaber, man indg\u00e5r i.<\/p>\n<\/section>\n<section id=\"programmes-espagne\">\n<h2>1. Frivilligprogrammer for unge i Spanien<\/h2>\n<section id=\"mission-developpement\">\n<h3><strong>1.1 Forl\u00f8b med lokalsamfundsudvikling i Spanien<\/strong><\/h3>\n<p><img loading=\"lazy\" decoding=\"async\" class=\"aligncenter wp-image-20055 size-medium\" src=\"https:\/\/www.vita-explorers.dk\/blog\/wp-content\/uploads\/2025\/01\/mission-humanitaire-espagne-6504716c53904-263x300.jpeg\" alt=\"Volontaires en mission de d\u00e9veloppement communautaire en Espagne\" width=\"263\" height=\"300\" srcset=\"https:\/\/www.vita-explorers.dk\/blog\/wp-content\/uploads\/2025\/01\/mission-humanitaire-espagne-6504716c53904-263x300.jpeg 263w, https:\/\/www.vita-explorers.dk\/blog\/wp-content\/uploads\/2025\/01\/mission-humanitaire-espagne-6504716c53904-896x1024.jpeg 896w, https:\/\/www.vita-explorers.dk\/blog\/wp-content\/uploads\/2025\/01\/mission-humanitaire-espagne-6504716c53904-768x878.jpeg 768w, https:\/\/www.vita-explorers.dk\/blog\/wp-content\/uploads\/2025\/01\/mission-humanitaire-espagne-6504716c53904.jpeg 966w\" sizes=\"(max-width: 263px) 100vw, 263px\" \/><\/p>\n<p style=\"text-align: justify;\">Forl\u00f8bet med lokalsamfundsudvikling i Spanien er for unge, der gerne vil engagere sig konkret i indsatser, som kan forbedre hverdagen i lokale omr\u00e5der. Opholdet foreg\u00e5r i forskellige regioner og kan omfatte alt fra praktisk st\u00f8tte til infrastruktur til aktiviteter, der underst\u00f8tter l\u00e6ring og f\u00e6llesskab.<\/p>\n<ul>\n<li><strong>M\u00e5l:<\/strong> styrke lokale rammer, forbedre adgangen til l\u00e6ring og underst\u00f8tte b\u00e6redygtig udvikling.<\/li>\n<li><strong>Aktiviteter:<\/strong> opbygning af biblioteker, lektiehj\u00e6lp og aktiviteter om milj\u00f8 og b\u00e6redygtighed.<\/li>\n<li><strong>Varighed:<\/strong> fleksible forl\u00f8b fra 2 til 12 uger.<\/li>\n<li><strong>Sted:<\/strong> prim\u00e6rt i landlige og semi-landlige omr\u00e5der i Spanien.<\/li>\n<\/ul>\n<blockquote><p>&#8220;At v\u00e6re med i forl\u00f8bet gjorde det tydeligt, hvad vores indsats bet\u00f8d i praksis. Jeg tager is\u00e6r l\u00e6ringen om samarbejde og vedholdenhed med mig.&#8221;<\/p><\/blockquote>\n<p style=\"text-align: justify;\">For unge giver opholdet b\u00e5de et meningsfuldt engagement og mulighed for at opbygge kompetencer inden for ledelse, projektarbejde og interkulturel kommunikation.<\/p>\n<\/section>\n<section id=\"mission-sociale\">\n<h3><strong>1.2 Socialt forl\u00f8b i Barcelona<\/strong><\/h3>\n<p><img loading=\"lazy\" decoding=\"async\" class=\"aligncenter wp-image-20056 size-medium\" src=\"https:\/\/www.vita-explorers.dk\/blog\/wp-content\/uploads\/2025\/01\/Copia-de-DSC07686-65017f09d4aa2-300x180.jpeg\" alt=\"Volontaires en mission sociale \u00e0 Barcelone\" width=\"300\" height=\"180\" srcset=\"https:\/\/www.vita-explorers.dk\/blog\/wp-content\/uploads\/2025\/01\/Copia-de-DSC07686-65017f09d4aa2-300x180.jpeg 300w, https:\/\/www.vita-explorers.dk\/blog\/wp-content\/uploads\/2025\/01\/Copia-de-DSC07686-65017f09d4aa2.jpeg 750w\" sizes=\"(max-width: 300px) 100vw, 300px\" \/><\/p>\n<p style=\"text-align: justify;\">Det sociale forl\u00f8b i Barcelona har fokus p\u00e5 at reducere social ulighed gennem praktisk st\u00f8tte til mennesker i s\u00e5rbare situationer. Deltagerne indg\u00e5r i forskellige sociale aktiviteter, der har til form\u00e5l at styrke trivsel og muligheder i udvalgte byomr\u00e5der.<\/p>\n<ul>\n<li><strong>M\u00e5l:<\/strong> mindske social ulighed, st\u00f8tte mennesker i udsatte positioner og fremme inklusion.<\/li>\n<li><strong>Aktiviteter:<\/strong> udlevering af m\u00e5ltider, workshops om personlig udvikling og st\u00f8tte til mennesker uden fast bolig.<\/li>\n<li><strong>Varighed:<\/strong> forl\u00f8b p\u00e5 4 til 8 uger.<\/li>\n<li><strong>Sted:<\/strong> udsatte kvarterer i Barcelona.<\/li>\n<\/ul>\n<blockquote><p>&#8220;Forl\u00f8bet gav mig et mere nuanceret blik p\u00e5 nogle af de udfordringer, mennesker kan st\u00e5 i. Jeg l\u00e6rte, hvor meget sm\u00e5, konkrete handlinger kan betyde.&#8221;<\/p><\/blockquote>\n<p style=\"text-align: justify;\">Deltagelsen styrker samtidig kompetencer som samarbejde, kommunikation og h\u00e5ndtering af situationer, der kan \u00e6ndre sig hurtigt.<\/p>\n<\/section>\n<section id=\"lutte-inegalites\">\n<h3><strong>1.3 Engagement mod ulighed<\/strong><\/h3>\n<p><img loading=\"lazy\" decoding=\"async\" class=\"aligncenter wp-image-9091 size-medium\" src=\"https:\/\/www.vita-explorers.dk\/blog\/wp-content\/uploads\/2018\/03\/Jeunes-filles-Madagascar-Globalong-min-300x205.jpg\" alt=\"Jeune mission de volontariat international\" width=\"300\" height=\"205\" srcset=\"https:\/\/www.vita-explorers.dk\/blog\/wp-content\/uploads\/2018\/03\/Jeunes-filles-Madagascar-Globalong-min-300x205.jpg 300w, https:\/\/www.vita-explorers.dk\/blog\/wp-content\/uploads\/2018\/03\/Jeunes-filles-Madagascar-Globalong-min-768x526.jpg 768w, https:\/\/www.vita-explorers.dk\/blog\/wp-content\/uploads\/2018\/03\/Jeunes-filles-Madagascar-Globalong-min-150x103.jpg 150w, https:\/\/www.vita-explorers.dk\/blog\/wp-content\/uploads\/2018\/03\/Jeunes-filles-Madagascar-Globalong-min.jpg 887w\" sizes=\"(max-width: 300px) 100vw, 300px\" \/><\/p>\n<p style=\"text-align: justify;\">VITA tilbyder ogs\u00e5 m\u00e5lrettede initiativer, der s\u00e6tter fokus p\u00e5 ulighed. Forl\u00f8bene er tilrettelagt, s\u00e5 unge f\u00e5r viden om sociale problemstillinger og bliver kl\u00e6dt p\u00e5 til at handle ansvarligt i de f\u00e6llesskaber, de er en del af.<\/p>\n<ul>\n<li><strong>M\u00e5l:<\/strong> \u00f8ge forst\u00e5elsen for ulighed, og styrke arbejdet for mere retf\u00e6rdige muligheder.<\/li>\n<li><strong>Aktiviteter:<\/strong> oplysningsworkshops, indsamlinger og projekter, der underst\u00f8tter social inklusion.<\/li>\n<li><strong>Varighed:<\/strong> forl\u00f8b p\u00e5 6 uger.<\/li>\n<\/ul>\n<blockquote><p>&#8220;At arbejde med ulighed gav mig en st\u00e6rkere forst\u00e5else af socialt ansvar. Det er meningsfuldt at se, at en indsats kan g\u00f8re en konkret forskel.&#8221;<\/p><\/blockquote>\n<p style=\"text-align: justify;\">Forl\u00f8bene styrker social bevidsthed og giver samtidig erfaring med projektarbejde og interessevaretagelse.<\/p>\n<\/section>\n<\/section>\n<section id=\"programmes-islande\">\n<h2>2. Frivilligprogrammer for unge i Island<\/h2>\n<section id=\"eco-volontariat\">\n<h3><strong>2.1 \u00d8ko-frivilligt forl\u00f8b for 14\u201317-\u00e5rige i Island<\/strong><\/h3>\n<p><img loading=\"lazy\" decoding=\"async\" class=\"aligncenter wp-image-15555 size-medium\" src=\"https:\/\/www.vita-explorers.dk\/blog\/wp-content\/uploads\/2023\/08\/eco-volontariat-en-Islande-300x180.jpeg\" alt=\"Jeunes en mission d'\u00e9co-volontariat en Islande\" width=\"300\" height=\"180\" srcset=\"https:\/\/www.vita-explorers.dk\/blog\/wp-content\/uploads\/2023\/08\/eco-volontariat-en-Islande-300x180.jpeg 300w, https:\/\/www.vita-explorers.dk\/blog\/wp-content\/uploads\/2023\/08\/eco-volontariat-en-Islande.jpeg 750w\" sizes=\"(max-width: 300px) 100vw, 300px\" \/><\/p>\n<p style=\"text-align: justify;\">Island, med sine markante landskaber og st\u00e6rke fokus p\u00e5 natur, er en oplagt ramme for \u00f8ko-frivilligt arbejde. For unge mellem 14 og 17 \u00e5r giver forl\u00f8bet mulighed for at deltage i natur- og milj\u00f8projekter samt l\u00e6re om b\u00e6redygtige l\u00f8sninger i praksis.<\/p>\n<ul>\n<li><strong>M\u00e5l:<\/strong> beskytte naturen, \u00f8ge forst\u00e5elsen for biodiversitet og fremme b\u00e6redygtige praksisser.<\/li>\n<li><strong>Aktiviteter:<\/strong> strandrensning, genplantning, registrering af dyreliv og oplysningsaktiviteter.<\/li>\n<li><strong>Varighed:<\/strong> forl\u00f8b p\u00e5 2 til 4 uger.<\/li>\n<li><strong>Sted:<\/strong> forskellige naturomr\u00e5der rundt om i Island.<\/li>\n<\/ul>\n<blockquote><p>&#8220;Forl\u00f8bet gav mig mulighed for at bidrage til at passe p\u00e5 nogle helt s\u00e6rlige landskaber \u2013 og samtidig l\u00e6re, hvorfor b\u00e6redygtighed betyder noget i hverdagen.&#8221;<\/p><\/blockquote>\n<p style=\"text-align: justify;\">Samtidig udvikler deltagerne erfaring med samarbejde og praktisk projektarbejde i en gr\u00f8n kontekst.<\/p>\n<\/section>\n<section id=\"programme-12-jours\">\n<h3 style=\"text-align: justify;\"><strong>2.2 12-dages program rundt i Island for mindre\u00e5rige<\/strong><\/h3>\n<p style=\"text-align: justify;\">Dette intensive 12-dages program er tilrettelagt til mindre\u00e5rige, der \u00f8nsker et kortere, samlet forl\u00f8b i Island. Programmet kombinerer \u00f8ko-frivillige aktiviteter med kulturelle oplevelser, s\u00e5 man f\u00e5r et bredt indblik i landet og indsatserne.<\/p>\n<ul>\n<li><strong>M\u00e5l:<\/strong> kombinere frivilligt arbejde og kulturudveksling, styrke sprogkompetencer og st\u00f8tte unges udvikling af ansvar og initiativ.<\/li>\n<li><strong>Aktiviteter:<\/strong> naturprojekter, kulturelle bes\u00f8g, introduktion til islandsk sprog og teambuilding.<\/li>\n<li><strong>Varighed:<\/strong> 12 dage.<\/li>\n<li><strong>Sted:<\/strong> flere steder i Island, inkl. Reykjavik og omegn.<\/li>\n<\/ul>\n<blockquote><p>&#8220;Programmet gav mig en helhedsoplevelse af Island: kultur, natur og et f\u00e6lles ansvar for at passe p\u00e5 den. Jeg l\u00e6rte meget \u2013 ogs\u00e5 om mig selv.&#8221;<\/p><\/blockquote>\n<p style=\"text-align: justify;\">VITA har fokus p\u00e5 en tryg og l\u00e6rerig ramme med relevant st\u00f8tte og aktiviteter, der passer til alder og foruds\u00e6tninger.<\/p>\n<\/section>\n<section id=\"camp-ete-ados\">\n<h3><strong>2.3 Rejsende sommerlejr for teenagere<\/strong><\/h3>\n<p><img loading=\"lazy\" decoding=\"async\" class=\"aligncenter wp-image-20057 size-medium\" src=\"https:\/\/www.vita-explorers.dk\/blog\/wp-content\/uploads\/2025\/01\/PHOTO-2022-09-22-16-06-22-2-63c54b26776af-300x195.jpeg\" alt=\"Camp d'\u00e9t\u00e9 pour les jeunes en Islande\" width=\"300\" height=\"195\" srcset=\"https:\/\/www.vita-explorers.dk\/blog\/wp-content\/uploads\/2025\/01\/PHOTO-2022-09-22-16-06-22-2-63c54b26776af-300x195.jpeg 300w, https:\/\/www.vita-explorers.dk\/blog\/wp-content\/uploads\/2025\/01\/PHOTO-2022-09-22-16-06-22-2-63c54b26776af.jpeg 370w\" sizes=\"(max-width: 300px) 100vw, 300px\" \/><\/p>\n<p style=\"text-align: justify;\">Den rejsende sommerlejr i Island er for teenagere, der gerne vil kombinere frivilligt arbejde med friluftsliv og oplevelser i naturen. Programmet giver en t\u00e6t forbindelse til de islandske landskaber og inkluderer aktiviteter, der st\u00f8tter lokale f\u00e6llesskaber.<\/p>\n<ul>\n<li><strong>M\u00e5l:<\/strong> styrke engagement i f\u00e6llesskaber, fremme respekt for naturen og udvikle samarbejdsevner.<\/li>\n<li><strong>Aktiviteter:<\/strong> vandreture, milj\u00f8workshops, \u00f8kologiske restaureringsprojekter og sportsaktiviteter.<\/li>\n<li><strong>Varighed:<\/strong> 3 uger.<\/li>\n<li><strong>Sted:<\/strong> forskellige nationalparker og naturreservater i Island.<\/li>\n<\/ul>\n<blockquote><p>&#8220;Sommerlejren gav mig b\u00e5de naturoplevelser og en f\u00f8lelse af at bidrage til noget, der r\u00e6kker ud over mig selv. Det satte sig i mig.&#8221;<\/p><\/blockquote>\n<p style=\"text-align: justify;\">For unge, der motiveres af b\u00e5de oplevelser og ansvarlige ophold, er det en god ramme til at udvikle lederskab og projektforst\u00e5else.<\/p>\n<\/section>\n<\/section>\n<section id=\"programmes-royaume-uni\">\n<h2>3. Frivilligprogrammer for unge i Storbritannien<\/h2>\n<section id=\"sejour-linguistique-londres\">\n<h3><strong>3.1 Sprogophold i London<\/strong><\/h3>\n<p><img loading=\"lazy\" decoding=\"async\" class=\"aligncenter wp-image-8401 size-medium\" src=\"https:\/\/www.vita-explorers.dk\/blog\/wp-content\/uploads\/2017\/12\/Cours-en-Angleterre-min-300x225.jpg\" alt=\"Adolescents en s\u00e9jour linguistique \u00e0 Londres\" width=\"300\" height=\"225\" srcset=\"https:\/\/www.vita-explorers.dk\/blog\/wp-content\/uploads\/2017\/12\/Cours-en-Angleterre-min-300x225.jpg 300w, https:\/\/www.vita-explorers.dk\/blog\/wp-content\/uploads\/2017\/12\/Cours-en-Angleterre-min-768x576.jpg 768w, https:\/\/www.vita-explorers.dk\/blog\/wp-content\/uploads\/2017\/12\/Cours-en-Angleterre-min-150x113.jpg 150w, https:\/\/www.vita-explorers.dk\/blog\/wp-content\/uploads\/2017\/12\/Cours-en-Angleterre-min.jpg 960w\" sizes=\"(max-width: 300px) 100vw, 300px\" \/><\/p>\n<p style=\"text-align: justify;\">Et <a href=\"https:\/\/www.vita-explorers.dk\/sprogophold\/england-sprogophold-skraeddersyet.html\" target=\"_blank\" rel=\"noopener\">sprogophold i London<\/a> er en st\u00e6rk mulighed for teenagere, der vil blive bedre til engelsk i en international hverdag. Programmet kombinerer intensive engelsktimer med sociale frivilligaktiviteter.<\/p>\n<ul>\n<li><strong>M\u00e5l:<\/strong> forbedre sprogkompetencer, udvikle sociale f\u00e6rdigheder og styrke engagement i lokalsamfund.<\/li>\n<li><strong>Aktiviteter:<\/strong> engelskundervisning, frivillige indsatser i community-centre samt kulturelle og sociale aktiviteter.<\/li>\n<li><strong>Varighed:<\/strong> 6 uger.<\/li>\n<li><strong>Sted:<\/strong> campus i London og Ramsgate.<\/li>\n<\/ul>\n<blockquote><p>&#8220;Sprogopholdet gav mig et m\u00e6rkbart l\u00f8ft i engelsk. Det f\u00f8ltes som en hel og meningsfuld oplevelse.&#8221;<\/p><\/blockquote>\n<p style=\"text-align: justify;\">VITA sikrer en tydelig ramme, hvor undervisningen varetages af erfarne l\u00e6rere, og hvor aktiviteterne er tilpasset teenagernes niveau og behov.<\/p>\n<\/section>\n<section id=\"sejour-immersion\">\n<h3><strong>3.2 Ophold med fuld immersion hos en britisk v\u00e6rtsfamilie<\/strong><\/h3>\n<p><img loading=\"lazy\" decoding=\"async\" class=\"aligncenter wp-image-178 size-full\" src=\"https:\/\/www.vita-explorers.dk\/blog\/wp-content\/uploads\/2014\/01\/Globalong-angleterre.jpeg\" alt=\"Adolescents en immersion chez une famille britannique\" width=\"312\" height=\"108\" srcset=\"https:\/\/www.vita-explorers.dk\/blog\/wp-content\/uploads\/2014\/01\/Globalong-angleterre.jpeg 312w, https:\/\/www.vita-explorers.dk\/blog\/wp-content\/uploads\/2014\/01\/Globalong-angleterre-300x103.jpeg 300w, https:\/\/www.vita-explorers.dk\/blog\/wp-content\/uploads\/2014\/01\/Globalong-angleterre-150x51.jpeg 150w\" sizes=\"(max-width: 312px) 100vw, 312px\" \/><\/p>\n<p style=\"text-align: justify;\">Et ophold med fuld immersion hos en britisk v\u00e6rtsfamilie giver teenagere en autentisk hverdagsoplevelse ved at blive en del af en families daglige rytme. Immersionen underst\u00f8tter b\u00e5de sproglig udvikling og forst\u00e5else for lokal kultur.<\/p>\n<ul>\n<li><strong>M\u00e5l:<\/strong> kulturudveksling, styrkelse af sprog og personlig udvikling.<\/li>\n<li><strong>Aktiviteter:<\/strong> ophold hos v\u00e6rtsfamilie, deltagelse i hverdagsaktiviteter, engelskundervisning og frivillige aktiviteter i lokale organisationer.<\/li>\n<li><strong>Varighed:<\/strong> 4 uger.<\/li>\n<li><strong>Sted:<\/strong> forskellige v\u00e6rtsfamilier fordelt i Storbritannien.<\/li>\n<\/ul>\n<blockquote><p>&#8220;At bo hos en britisk familie gav mig en \u00e6gte fornemmelse af kulturen. Jeg fik nye perspektiver og oplevede, at mit engelsk rykkede sig hurtigt.&#8221;<\/p><\/blockquote>\n<p style=\"text-align: justify;\">Opholdet giver en t\u00e6t og tryg ramme, hvor unge b\u00e5de kan tilpasse sig et nyt milj\u00f8 og bidrage i frivillige aktiviteter.<\/p>\n<\/section>\n<section id=\"cours-anglais-ados\">\n<h3><strong>3.3 Engelskkurser for teenagere i Ramsgate<\/strong><\/h3>\n<p><img loading=\"lazy\" decoding=\"async\" class=\"aligncenter wp-image-11492 size-medium\" src=\"https:\/\/www.vita-explorers.dk\/blog\/wp-content\/uploads\/2018\/09\/Group-Ramsgate-min-300x199.jpg\" alt=\"Adolescents apprenant l'anglais \u00e0 Ramsgate\" width=\"300\" height=\"199\" srcset=\"https:\/\/www.vita-explorers.dk\/blog\/wp-content\/uploads\/2018\/09\/Group-Ramsgate-min-300x199.jpg 300w, https:\/\/www.vita-explorers.dk\/blog\/wp-content\/uploads\/2018\/09\/Group-Ramsgate-min-768x510.jpg 768w, https:\/\/www.vita-explorers.dk\/blog\/wp-content\/uploads\/2018\/09\/Group-Ramsgate-min-150x100.jpg 150w, https:\/\/www.vita-explorers.dk\/blog\/wp-content\/uploads\/2018\/09\/Group-Ramsgate-min.jpg 924w\" sizes=\"(max-width: 300px) 100vw, 300px\" \/><\/p>\n<p style=\"text-align: justify;\">Engelskkurserne i Ramsgate er til teenagere mellem 12 og 17 \u00e5r og er tilrettelagt som et intensivt forl\u00f8b, der kan l\u00f8fte sproget p\u00e5 kort tid. Der indg\u00e5r ogs\u00e5 sociale frivilligaktiviteter, som giver sproget en naturlig plads i hverdagen.<\/p>\n<ul>\n<li><strong>M\u00e5l:<\/strong> styrke engelsk, \u00f8ge selvtillid og motivere til socialt engagement.<\/li>\n<li><strong>Aktiviteter:<\/strong> intensive engelsktimer, samtaleworkshops, frivillige indsatser i lokale skoler samt kultur- og fritidsaktiviteter.<\/li>\n<li><strong>Varighed:<\/strong> 8 uger.<\/li>\n<li><strong>Sted:<\/strong> skole i Ramsgate, med aktiviteter i forskellige skoler og f\u00e6llesskabsinitiativer.<\/li>\n<\/ul>\n<blockquote><p>&#8220;Kurset i Ramsgate hjalp mig til hurtigt at blive mere sikker i engelsk, og jeg kunne samtidig v\u00e6re med i aktiviteter, der havde en positiv betydning for b\u00f8rn i lokale skoler.&#8221;<\/p><\/blockquote>\n<p style=\"text-align: justify;\">VITA tilbyder et l\u00e6ringsmilj\u00f8 med kvalificerede undervisere og aktiviteter, der er relevante og passende for teenagere, s\u00e5 oplevelsen bliver b\u00e5de faglig og social.<\/p>\n<\/section>\n<\/section>\n<section id=\"programmes-irlande\">\n<h2>4. Frivilligprogrammer for unge i Irland<\/h2>\n<section id=\"mission-volontariat-jeunes\">\n<h3><strong>4.1 \u00d8ko-frivilligt forl\u00f8b for unge<\/strong><\/h3>\n<p><img loading=\"lazy\" decoding=\"async\" class=\"aligncenter wp-image-15600 size-medium\" src=\"https:\/\/www.vita-explorers.dk\/blog\/wp-content\/uploads\/2023\/08\/mission-humanitaire-en-irlande-300x300.jpeg\" alt=\"Jeunes en mission d'\u00e9co-volontariat en Irlande\" width=\"300\" height=\"300\" srcset=\"https:\/\/www.vita-explorers.dk\/blog\/wp-content\/uploads\/2023\/08\/mission-humanitaire-en-irlande-300x300.jpeg 300w, https:\/\/www.vita-explorers.dk\/blog\/wp-content\/uploads\/2023\/08\/mission-humanitaire-en-irlande-150x150.jpeg 150w, https:\/\/www.vita-explorers.dk\/blog\/wp-content\/uploads\/2023\/08\/mission-humanitaire-en-irlande.jpeg 768w\" sizes=\"(max-width: 300px) 100vw, 300px\" \/><\/p>\n<p style=\"text-align: justify;\">Det \u00f8ko-frivillige forl\u00f8b i Irland er for unge, der \u00f8nsker at bidrage til natur- og bevaringsprojekter. Programmet kombinerer praktiske opgaver med l\u00e6ring om milj\u00f8 og natur i forskellige lokale sammenh\u00e6nge.<\/p>\n<ul>\n<li><strong>M\u00e5l:<\/strong> beskytte biodiversitet, fremme b\u00e6redygtige praksisser og \u00f8ge milj\u00f8bevidsthed.<\/li>\n<li><strong>Aktiviteter:<\/strong> restaurering af naturomr\u00e5der, registrering af dyreliv, oprydning i beskyttede omr\u00e5der og milj\u00f8workshops.<\/li>\n<li><strong>Varighed:<\/strong> 4 uger.<\/li>\n<li><strong>Sted:<\/strong> forskellige bevaringsomr\u00e5der i Irland, inkl. naturreservater og nationalparker.<\/li>\n<\/ul>\n<blockquote><p>&#8220;Forl\u00f8bet i Irland gav mig mulighed for at bidrage direkte til at passe p\u00e5 landskaberne \u2013 og gav mig en bedre forst\u00e5else af, hvad milj\u00f8m\u00e6ssig b\u00e6redygtighed kr\u00e6ver i praksis.&#8221;<\/p><\/blockquote>\n<p style=\"text-align: justify;\">Deltagerne opbygger samtidig gr\u00f8nne kompetencer og erfaring med samarbejde og projektopgaver.<\/p>\n<\/section>\n<section id=\"camp-ete-irlande\">\n<h3><strong>4.2 Sommerlejr for teenagere i Irland<\/strong><\/h3>\n<p><img loading=\"lazy\" decoding=\"async\" class=\"aligncenter wp-image-12629 size-medium\" src=\"https:\/\/www.vita-explorers.dk\/blog\/wp-content\/uploads\/2019\/05\/Excursion-min-300x225.jpg\" alt=\"Adolescents en camp d'\u00e9t\u00e9 en Irlande\" width=\"300\" height=\"225\" srcset=\"https:\/\/www.vita-explorers.dk\/blog\/wp-content\/uploads\/2019\/05\/Excursion-min-300x225.jpg 300w, https:\/\/www.vita-explorers.dk\/blog\/wp-content\/uploads\/2019\/05\/Excursion-min-150x113.jpg 150w, https:\/\/www.vita-explorers.dk\/blog\/wp-content\/uploads\/2019\/05\/Excursion-min.jpg 520w\" sizes=\"(max-width: 300px) 100vw, 300px\" \/><\/p>\n<p style=\"text-align: justify;\">Sommerlejren i Irland er en god mulighed for teenagere, der \u00f8nsker et frivilligt ophold med b\u00e5de l\u00e6ring og oplevelser i naturen. Programmet kombinerer frivillige aktiviteter med fritid og f\u00e6llesskab, s\u00e5 der er en god balance mellem engagement og pauser.<\/p>\n<ul>\n<li><strong>M\u00e5l:<\/strong> personlig udvikling, engagement i f\u00e6llesskaber og kulturudveksling.<\/li>\n<li><strong>Aktiviteter:<\/strong> frivillige f\u00e6llesskabsprojekter, vandreture, kreative workshops og kulturelle aftener.<\/li>\n<li><strong>Varighed:<\/strong> 3 uger.<\/li>\n<li><strong>Sted:<\/strong>\u00a0 I Irland, med naturen som en aktiv del af rammen for l\u00e6ring og udvikling.<\/li>\n<\/ul>\n<blockquote><p>&#8220;Sommerlejren i Irland gav mig ro og energi fra naturen \u2013 og samtidig f\u00f8lelsen af at bidrage. Det styrkede b\u00e5de mit samarbejde med andre og min ansvarsf\u00f8lelse.&#8221;<\/p><\/blockquote>\n<p style=\"text-align: justify;\">Lejren giver unge et trygt rum til at engagere sig og udvikle sociale og organisatoriske kompetencer, de kan bruge videre frem.<\/p>\n<\/section>\n<\/section>\n<section id=\"conclusion\">\n<h2>5. Afslutning: frivilligt arbejde for unge<\/h2>\n<p style=\"text-align: justify;\">Frivilligt arbejde for unge er en v\u00e6rdifuld mulighed for at bidrage til vigtige indsatser, samtidig med at man udvikler b\u00e5de personlige og faglige kompetencer. Uanset om det er i Spanien, Island, Storbritannien eller Irland, tilbyder <a href=\"https:\/\/www.vita-explorers.dk\/association-globalong.html\" target=\"_blank\" rel=\"noopener\">VITA<\/a> en r\u00e6kke programmer og initiativer, der passer til <strong>unge mellem 12 og 17 \u00e5r<\/strong>. Forl\u00f8bene kombinerer engagement med kulturudveksling og giver unge et st\u00e6rkere udsyn og nye erfaringer.<\/p>\n<p style=\"text-align: justify;\">N\u00e5r unge v\u00e6lger et frivilligt forl\u00f8b gennem VITA, f\u00e5r de mulighed for at bidrage konkret, opbygge kompetencer som lederskab, projektarbejde og interkulturel kommunikation \u2013 og tage oplevelser med sig, der kan pr\u00e6ge deres valg og retning fremover.<\/p>\n<p style=\"text-align: justify;\">Det er vigtigt at forberede sig grundigt og f\u00f8lge gode r\u00e5d, s\u00e5 opholdet bliver trygt og vellykket. VITA f\u00f8lger deltagerne f\u00f8r, under og efter med forberedelse, relevant viden og st\u00f8tte, s\u00e5 trivsel og <a href=\"https:\/\/www.vita-explorers.dk\/blog\/sikkerhed-og-frivilligt-arbejde\/\" target=\"_blank\" rel=\"noopener\">sikkerhed<\/a> er t\u00e6nkt ind hele vejen.<\/p>\n<p><a class=\"cta-button\" href=\"https:\/\/membre.globalong.com\/ident?_gl=1*11c9734*_gcl_au*MjA1MjE0Njg2NS4xNzMwNjI5Nzcy\" target=\"_blank\" rel=\"noopener\">Start dit frivillige forl\u00f8b nu<\/a><\/p>\n<\/section>\n<section id=\"faq\">\n<h2>6. FAQ<\/h2>\n<div class=\"faq-section\">\n<div class=\"question\">\n<h3><strong>Hvad er kravene for at deltage i frivilligprogrammer for unge?<\/strong><\/h3>\n<p style=\"text-align: justify;\">Kravene varierer fra program til program, men som udgangspunkt skal unge v\u00e6re mellem 12 og 17 \u00e5r, have et godt fysisk og mentalt helbred og v\u00e6re motiverede for at indg\u00e5 i et meningsfuldt forl\u00f8b. Nogle forl\u00f8b kan ogs\u00e5 kr\u00e6ve basale sprogkundskaber eller tidligere erfaring med frivilligt arbejde.<\/p>\n<\/div>\n<div class=\"question\">\n<h3><strong>Hvordan sikrer VITA tryghed og sikkerhed for unge deltagere?<\/strong><\/h3>\n<p style=\"text-align: justify;\">VITA arbejder med tydelige sikkerhedsprocedurer, som typisk omfatter forberedelse f\u00f8r afrejse, information og tr\u00e6ning i sikkerhed, relevant voksenst\u00f8tte under opholdet samt l\u00f8bende hj\u00e6lp ved behov. Programmerne vurderes ogs\u00e5 regelm\u00e6ssigt for at sikre, at de lever op til g\u00e6ldende standarder.<\/p>\n<\/div>\n<div class=\"question\">\n<h3><strong>Hvilke typer frivillige projekter tilbyder I i Spanien?<\/strong><\/h3>\n<p style=\"text-align: justify;\">I Spanien tilbyder VITA forl\u00f8b med lokalsamfundsudvikling, sociale indsatser i Barcelona og initiativer med fokus p\u00e5 ulighed. Det kan fx v\u00e6re praktiske aktiviteter, lektiehj\u00e6lp, udlevering af m\u00e5ltider og milj\u00f8relaterede oplysningsaktiviteter.<\/p>\n<\/div>\n<div class=\"question\">\n<h3><strong>Er frivilligprogrammerne i Island tilpasset 14\u201317-\u00e5rige?<\/strong><\/h3>\n<p style=\"text-align: justify;\">Ja, VITA tilbyder \u00f8ko-frivillige forl\u00f8b, der er tilrettelagt til unge mellem 14 og 17 \u00e5r i Island. Programmerne kombinerer milj\u00f8indsatser med kulturelle aktiviteter og elementer af sprogophold, s\u00e5 oplevelsen bliver afbalanceret og tryg.<\/p>\n<\/div>\n<div class=\"question\">\n<h3><strong>Hvad f\u00e5r teenagere ud af et sprogophold i London?<\/strong><\/h3>\n<p style=\"text-align: justify;\">Et sprogophold i London kan give teenagere et hurtigt l\u00f8ft i engelsk gennem fuld immersion. Ud over intensive kurser deltager de i sociale frivilligaktiviteter, som g\u00f8r det lettere at bruge sproget i praksis og samtidig f\u00e5 en st\u00e6rk kulturel oplevelse.<\/p>\n<\/div>\n<div class=\"question\">\n<h3><strong>Hvordan tilmelder man sig et frivilligt forl\u00f8b i Irland med VITA?<\/strong><\/h3>\n<p style=\"text-align: justify;\">For at tilmelde sig et frivilligt forl\u00f8b i Irland med VITA kan interesserede bes\u00f8ge VITAs hjemmeside, udfylde tilmeldingsformularen online og indsende de n\u00f8dvendige oplysninger. Det anbefales at tilmelde sig i god tid, da der ofte er begr\u00e6nsede pladser p\u00e5 hvert program.<\/p>\n<p class=\"p4\" style=\"text-align: center;\"><b>For mere information er du velkommen til at kontakte os p\u00e5 <\/b><a href=\"mailto:info@globalong.com\"><span class=\"s2\"><b>info@globalong.com<\/b><\/span><\/a><\/p>\n<p class=\"p4\" style=\"text-align: center;\"><b>Vil du f\u00f8lge med i VITA og vores deltagere, kan du finde os p\u00e5 <\/b><a href=\"https:\/\/www.instagram.com\/globalongofficiel\/\" target=\"_blank\" rel=\"noopener\"><span class=\"s2\"><b>Instagram<\/b><\/span><\/a><b>, <\/b><a href=\"https:\/\/www.facebook.com\/globalong\" target=\"_blank\" rel=\"noopener\"><span class=\"s2\"><b>Facebook<\/b><\/span><\/a><b>, <\/b><a href=\"https:\/\/www.linkedin.com\/company\/5113177\/admin\/feed\/posts\/\" target=\"_blank\" rel=\"noopener\"><span class=\"s2\"><b>LinkedIn<\/b><\/span><\/a><b> og <\/b><a href=\"https:\/\/www.youtube.com\/c\/globalong\/videos\" target=\"_blank\" rel=\"noopener\"><span class=\"s2\"><b>YouTube<\/b><\/span><\/a><b>! <\/b><\/p>\n<\/div>\n<\/div>\n<\/section>\n<\/article>\n<footer>\u00a9 2025 VITA. Alle rettigheder forbeholdes.<\/footer>\n","protected":false},"excerpt":{"rendered":"<p>Frivilligt arbejde for unge: Programmer og initiativer Indhold Introduktion 1. Frivilligprogrammer i Spanien 1.1 Forl\u00f8b med lokalsamfundsudvikling i Spanien 1.2 Socialt forl\u00f8b i Barcelona\u2026<\/p>\n","protected":false},"author":7,"featured_media":11794,"comment_status":"open","ping_status":"open","sticky":false,"template":"","format":"standard","meta":{"footnotes":""},"categories":[8,6],"tags":[],"yoast_head":"<!-- This site is optimized with the Yoast SEO Premium plugin v23.4 (Yoast SEO v23.4) - https:\/\/yoast.com\/wordpress\/plugins\/seo\/ -->\n<title>Frivilligt arbejde for unge: Oplev en unik mulighed<\/title>\n<meta name=\"description\" content=\"D\u00e9couvrez les avantages du volontariat pour les jeunes. Des exp\u00e9riences enrichissantes en Espagne, Islande, Royaume-Uni et Irlande en 2025\" \/>\n<meta name=\"robots\" content=\"index, follow, max-snippet:-1, max-image-preview:large, max-video-preview:-1\" \/>\n<link rel=\"canonical\" href=\"https:\/\/www.vita-explorers.dk\/blog\/frivilligt-arbejde-for-unge\/\" \/>\n<meta property=\"og:locale\" content=\"da_DK\" \/>\n<meta property=\"og:type\" content=\"article\" \/>\n<meta property=\"og:title\" content=\"Frivilligt arbejde for unge\" \/>\n<meta property=\"og:description\" content=\"D\u00e9couvrez les avantages du volontariat pour les jeunes. Des exp\u00e9riences enrichissantes en Espagne, Islande, Royaume-Uni et Irlande en 2025\" \/>\n<meta property=\"og:url\" content=\"https:\/\/www.vita-explorers.dk\/blog\/frivilligt-arbejde-for-unge\/\" \/>\n<meta property=\"og:site_name\" content=\"VITA Explorers Blog\" \/>\n<meta property=\"article:publisher\" content=\"https:\/\/www.facebook.com\/globalong\" \/>\n<meta property=\"article:published_time\" content=\"2025-01-18T03:56:20+00:00\" \/>\n<meta property=\"article:modified_time\" content=\"2025-04-22T04:29:20+00:00\" \/>\n<meta property=\"og:image\" content=\"https:\/\/www.vita-explorers.dk\/blog\/wp-content\/uploads\/2018\/10\/Festival-5-min.jpg\" \/>\n\t<meta property=\"og:image:width\" content=\"500\" \/>\n\t<meta property=\"og:image:height\" content=\"354\" \/>\n\t<meta property=\"og:image:type\" content=\"image\/jpeg\" \/>\n<meta name=\"author\" content=\"VITA Tribe\" \/>\n<meta name=\"twitter:card\" content=\"summary_large_image\" \/>\n<meta name=\"twitter:label1\" content=\"Skrevet af\" \/>\n\t<meta name=\"twitter:data1\" content=\"VITA Tribe\" \/>\n\t<meta name=\"twitter:label2\" content=\"Estimeret l\u00e6setid\" \/>\n\t<meta name=\"twitter:data2\" content=\"13 minutter\" \/>\n<script type=\"application\/ld+json\" class=\"yoast-schema-graph\">{\"@context\":\"https:\/\/schema.org\",\"@graph\":[{\"@type\":\"Article\",\"@id\":\"https:\/\/www.vita-explorers.dk\/blog\/frivilligt-arbejde-for-unge\/#article\",\"isPartOf\":{\"@id\":\"https:\/\/www.vita-explorers.dk\/blog\/frivilligt-arbejde-for-unge\/\"},\"author\":{\"name\":\"VITA Tribe\",\"@id\":\"https:\/\/www.vita-explorers.dk\/blog\/#\/schema\/person\/fc0343a2f2db2ebb2793c1f62dbe73f0\"},\"headline\":\"Frivilligt arbejde for unge\",\"datePublished\":\"2025-01-18T03:56:20+00:00\",\"dateModified\":\"2025-04-22T04:29:20+00:00\",\"mainEntityOfPage\":{\"@id\":\"https:\/\/www.vita-explorers.dk\/blog\/frivilligt-arbejde-for-unge\/\"},\"wordCount\":2134,\"commentCount\":0,\"publisher\":{\"@id\":\"https:\/\/www.vita-explorers.dk\/blog\/#organization\"},\"image\":{\"@id\":\"https:\/\/www.vita-explorers.dk\/blog\/frivilligt-arbejde-for-unge\/#primaryimage\"},\"thumbnailUrl\":\"https:\/\/www.vita-explorers.dk\/blog\/wp-content\/uploads\/2018\/10\/Festival-5-min.jpg\",\"articleSection\":[\"Humanit\u00e6rt frivilligt arbejde\",\"Nyheder\"],\"inLanguage\":\"da-DK\",\"potentialAction\":[{\"@type\":\"CommentAction\",\"name\":\"Comment\",\"target\":[\"https:\/\/www.vita-explorers.dk\/blog\/frivilligt-arbejde-for-unge\/#respond\"]}]},{\"@type\":\"WebPage\",\"@id\":\"https:\/\/www.vita-explorers.dk\/blog\/frivilligt-arbejde-for-unge\/\",\"url\":\"https:\/\/www.vita-explorers.dk\/blog\/frivilligt-arbejde-for-unge\/\",\"name\":\"Frivilligt arbejde for unge: Oplev en unik mulighed\",\"isPartOf\":{\"@id\":\"https:\/\/www.vita-explorers.dk\/blog\/#website\"},\"primaryImageOfPage\":{\"@id\":\"https:\/\/www.vita-explorers.dk\/blog\/frivilligt-arbejde-for-unge\/#primaryimage\"},\"image\":{\"@id\":\"https:\/\/www.vita-explorers.dk\/blog\/frivilligt-arbejde-for-unge\/#primaryimage\"},\"thumbnailUrl\":\"https:\/\/www.vita-explorers.dk\/blog\/wp-content\/uploads\/2018\/10\/Festival-5-min.jpg\",\"datePublished\":\"2025-01-18T03:56:20+00:00\",\"dateModified\":\"2025-04-22T04:29:20+00:00\",\"description\":\"D\u00e9couvrez les avantages du volontariat pour les jeunes. Des exp\u00e9riences enrichissantes en Espagne, Islande, Royaume-Uni et Irlande en 2025\",\"breadcrumb\":{\"@id\":\"https:\/\/www.vita-explorers.dk\/blog\/frivilligt-arbejde-for-unge\/#breadcrumb\"},\"inLanguage\":\"da-DK\",\"potentialAction\":[{\"@type\":\"ReadAction\",\"target\":[\"https:\/\/www.vita-explorers.dk\/blog\/frivilligt-arbejde-for-unge\/\"]}]},{\"@type\":\"ImageObject\",\"inLanguage\":\"da-DK\",\"@id\":\"https:\/\/www.vita-explorers.dk\/blog\/frivilligt-arbejde-for-unge\/#primaryimage\",\"url\":\"https:\/\/www.vita-explorers.dk\/blog\/wp-content\/uploads\/2018\/10\/Festival-5-min.jpg\",\"contentUrl\":\"https:\/\/www.vita-explorers.dk\/blog\/wp-content\/uploads\/2018\/10\/Festival-5-min.jpg\",\"width\":500,\"height\":354,\"caption\":\"JEUNES VOLONTAIRES EN MISSION \u00c0 L'\u00c9TRANGER\"},{\"@type\":\"BreadcrumbList\",\"@id\":\"https:\/\/www.vita-explorers.dk\/blog\/frivilligt-arbejde-for-unge\/#breadcrumb\",\"itemListElement\":[{\"@type\":\"ListItem\",\"position\":1,\"name\":\"Accueil\",\"item\":\"https:\/\/www.vita-explorers.dk\/blog\/\"},{\"@type\":\"ListItem\",\"position\":2,\"name\":\"Frivilligt arbejde for unge\"}]},{\"@type\":\"WebSite\",\"@id\":\"https:\/\/www.vita-explorers.dk\/blog\/#website\",\"url\":\"https:\/\/www.vita-explorers.dk\/blog\/\",\"name\":\"Association Globalong\",\"description\":\"Frivilligt arbejde, sprogophold, praktik i udlandet og internationale oplevelser\",\"publisher\":{\"@id\":\"https:\/\/www.vita-explorers.dk\/blog\/#organization\"},\"potentialAction\":[{\"@type\":\"SearchAction\",\"target\":{\"@type\":\"EntryPoint\",\"urlTemplate\":\"https:\/\/www.vita-explorers.dk\/blog\/?s={search_term_string}\"},\"query-input\":{\"@type\":\"PropertyValueSpecification\",\"valueRequired\":true,\"valueName\":\"search_term_string\"}}],\"inLanguage\":\"da-DK\"},{\"@type\":\"Organization\",\"@id\":\"https:\/\/www.vita-explorers.dk\/blog\/#organization\",\"name\":\"Association Globalong\",\"url\":\"https:\/\/www.vita-explorers.dk\/blog\/\",\"logo\":{\"@type\":\"ImageObject\",\"inLanguage\":\"da-DK\",\"@id\":\"https:\/\/www.vita-explorers.dk\/blog\/#\/schema\/logo\/image\/\",\"url\":\"https:\/\/www.globalong.com\/blog\/wp-content\/uploads\/2014\/11\/cropped-cropped-Logo-et-Afrique-Globalong-petite-taille-2.jpg\",\"contentUrl\":\"https:\/\/www.globalong.com\/blog\/wp-content\/uploads\/2014\/11\/cropped-cropped-Logo-et-Afrique-Globalong-petite-taille-2.jpg\",\"width\":512,\"height\":512,\"caption\":\"Association Globalong\"},\"image\":{\"@id\":\"https:\/\/www.vita-explorers.dk\/blog\/#\/schema\/logo\/image\/\"},\"sameAs\":[\"https:\/\/www.facebook.com\/globalong\"]},{\"@type\":\"Person\",\"@id\":\"https:\/\/www.vita-explorers.dk\/blog\/#\/schema\/person\/fc0343a2f2db2ebb2793c1f62dbe73f0\",\"name\":\"VITA Tribe\",\"image\":{\"@type\":\"ImageObject\",\"inLanguage\":\"da-DK\",\"@id\":\"https:\/\/www.vita-explorers.dk\/blog\/#\/schema\/person\/image\/\",\"url\":\"https:\/\/secure.gravatar.com\/avatar\/f7f05026bb439d0c96b30e135e5f852c?s=96&d=mm&r=g\",\"contentUrl\":\"https:\/\/secure.gravatar.com\/avatar\/f7f05026bb439d0c96b30e135e5f852c?s=96&d=mm&r=g\",\"caption\":\"VITA Tribe\"},\"sameAs\":[\"http:\/\/www.globalong.com\"],\"url\":\"https:\/\/www.vita-explorers.dk\/blog\/author\/teamglobalong\/\"}]}<\/script>\n<!-- \/ Yoast SEO Premium plugin. -->","yoast_head_json":{"title":"Frivilligt arbejde for unge: Oplev en unik mulighed","description":"D\u00e9couvrez les avantages du volontariat pour les jeunes. Des exp\u00e9riences enrichissantes en Espagne, Islande, Royaume-Uni et Irlande en 2025","robots":{"index":"index","follow":"follow","max-snippet":"max-snippet:-1","max-image-preview":"max-image-preview:large","max-video-preview":"max-video-preview:-1"},"canonical":"https:\/\/www.vita-explorers.dk\/blog\/frivilligt-arbejde-for-unge\/","og_locale":"da_DK","og_type":"article","og_title":"Frivilligt arbejde for unge","og_description":"D\u00e9couvrez les avantages du volontariat pour les jeunes. Des exp\u00e9riences enrichissantes en Espagne, Islande, Royaume-Uni et Irlande en 2025","og_url":"https:\/\/www.vita-explorers.dk\/blog\/frivilligt-arbejde-for-unge\/","og_site_name":"VITA Explorers Blog","article_publisher":"https:\/\/www.facebook.com\/globalong","article_published_time":"2025-01-18T03:56:20+00:00","article_modified_time":"2025-04-22T04:29:20+00:00","og_image":[{"width":500,"height":354,"url":"https:\/\/www.vita-explorers.dk\/blog\/wp-content\/uploads\/2018\/10\/Festival-5-min.jpg","type":"image\/jpeg"}],"author":"VITA Tribe","twitter_card":"summary_large_image","twitter_misc":{"Skrevet af":"VITA Tribe","Estimeret l\u00e6setid":"13 minutter"},"schema":{"@context":"https:\/\/schema.org","@graph":[{"@type":"Article","@id":"https:\/\/www.vita-explorers.dk\/blog\/frivilligt-arbejde-for-unge\/#article","isPartOf":{"@id":"https:\/\/www.vita-explorers.dk\/blog\/frivilligt-arbejde-for-unge\/"},"author":{"name":"VITA Tribe","@id":"https:\/\/www.vita-explorers.dk\/blog\/#\/schema\/person\/fc0343a2f2db2ebb2793c1f62dbe73f0"},"headline":"Frivilligt arbejde for unge","datePublished":"2025-01-18T03:56:20+00:00","dateModified":"2025-04-22T04:29:20+00:00","mainEntityOfPage":{"@id":"https:\/\/www.vita-explorers.dk\/blog\/frivilligt-arbejde-for-unge\/"},"wordCount":2134,"commentCount":0,"publisher":{"@id":"https:\/\/www.vita-explorers.dk\/blog\/#organization"},"image":{"@id":"https:\/\/www.vita-explorers.dk\/blog\/frivilligt-arbejde-for-unge\/#primaryimage"},"thumbnailUrl":"https:\/\/www.vita-explorers.dk\/blog\/wp-content\/uploads\/2018\/10\/Festival-5-min.jpg","articleSection":["Humanit\u00e6rt frivilligt arbejde","Nyheder"],"inLanguage":"da-DK","potentialAction":[{"@type":"CommentAction","name":"Comment","target":["https:\/\/www.vita-explorers.dk\/blog\/frivilligt-arbejde-for-unge\/#respond"]}]},{"@type":"WebPage","@id":"https:\/\/www.vita-explorers.dk\/blog\/frivilligt-arbejde-for-unge\/","url":"https:\/\/www.vita-explorers.dk\/blog\/frivilligt-arbejde-for-unge\/","name":"Frivilligt arbejde for unge: Oplev en unik mulighed","isPartOf":{"@id":"https:\/\/www.vita-explorers.dk\/blog\/#website"},"primaryImageOfPage":{"@id":"https:\/\/www.vita-explorers.dk\/blog\/frivilligt-arbejde-for-unge\/#primaryimage"},"image":{"@id":"https:\/\/www.vita-explorers.dk\/blog\/frivilligt-arbejde-for-unge\/#primaryimage"},"thumbnailUrl":"https:\/\/www.vita-explorers.dk\/blog\/wp-content\/uploads\/2018\/10\/Festival-5-min.jpg","datePublished":"2025-01-18T03:56:20+00:00","dateModified":"2025-04-22T04:29:20+00:00","description":"D\u00e9couvrez les avantages du volontariat pour les jeunes. Des exp\u00e9riences enrichissantes en Espagne, Islande, Royaume-Uni et Irlande en 2025","breadcrumb":{"@id":"https:\/\/www.vita-explorers.dk\/blog\/frivilligt-arbejde-for-unge\/#breadcrumb"},"inLanguage":"da-DK","potentialAction":[{"@type":"ReadAction","target":["https:\/\/www.vita-explorers.dk\/blog\/frivilligt-arbejde-for-unge\/"]}]},{"@type":"ImageObject","inLanguage":"da-DK","@id":"https:\/\/www.vita-explorers.dk\/blog\/frivilligt-arbejde-for-unge\/#primaryimage","url":"https:\/\/www.vita-explorers.dk\/blog\/wp-content\/uploads\/2018\/10\/Festival-5-min.jpg","contentUrl":"https:\/\/www.vita-explorers.dk\/blog\/wp-content\/uploads\/2018\/10\/Festival-5-min.jpg","width":500,"height":354,"caption":"JEUNES VOLONTAIRES EN MISSION \u00c0 L'\u00c9TRANGER"},{"@type":"BreadcrumbList","@id":"https:\/\/www.vita-explorers.dk\/blog\/frivilligt-arbejde-for-unge\/#breadcrumb","itemListElement":[{"@type":"ListItem","position":1,"name":"Accueil","item":"https:\/\/www.vita-explorers.dk\/blog\/"},{"@type":"ListItem","position":2,"name":"Frivilligt arbejde for unge"}]},{"@type":"WebSite","@id":"https:\/\/www.vita-explorers.dk\/blog\/#website","url":"https:\/\/www.vita-explorers.dk\/blog\/","name":"Association Globalong","description":"Frivilligt arbejde, sprogophold, praktik i udlandet og internationale oplevelser","publisher":{"@id":"https:\/\/www.vita-explorers.dk\/blog\/#organization"},"potentialAction":[{"@type":"SearchAction","target":{"@type":"EntryPoint","urlTemplate":"https:\/\/www.vita-explorers.dk\/blog\/?s={search_term_string}"},"query-input":{"@type":"PropertyValueSpecification","valueRequired":true,"valueName":"search_term_string"}}],"inLanguage":"da-DK"},{"@type":"Organization","@id":"https:\/\/www.vita-explorers.dk\/blog\/#organization","name":"Association Globalong","url":"https:\/\/www.vita-explorers.dk\/blog\/","logo":{"@type":"ImageObject","inLanguage":"da-DK","@id":"https:\/\/www.vita-explorers.dk\/blog\/#\/schema\/logo\/image\/","url":"https:\/\/www.globalong.com\/blog\/wp-content\/uploads\/2014\/11\/cropped-cropped-Logo-et-Afrique-Globalong-petite-taille-2.jpg","contentUrl":"https:\/\/www.globalong.com\/blog\/wp-content\/uploads\/2014\/11\/cropped-cropped-Logo-et-Afrique-Globalong-petite-taille-2.jpg","width":512,"height":512,"caption":"Association Globalong"},"image":{"@id":"https:\/\/www.vita-explorers.dk\/blog\/#\/schema\/logo\/image\/"},"sameAs":["https:\/\/www.facebook.com\/globalong"]},{"@type":"Person","@id":"https:\/\/www.vita-explorers.dk\/blog\/#\/schema\/person\/fc0343a2f2db2ebb2793c1f62dbe73f0","name":"VITA Tribe","image":{"@type":"ImageObject","inLanguage":"da-DK","@id":"https:\/\/www.vita-explorers.dk\/blog\/#\/schema\/person\/image\/","url":"https:\/\/secure.gravatar.com\/avatar\/f7f05026bb439d0c96b30e135e5f852c?s=96&d=mm&r=g","contentUrl":"https:\/\/secure.gravatar.com\/avatar\/f7f05026bb439d0c96b30e135e5f852c?s=96&d=mm&r=g","caption":"VITA Tribe"},"sameAs":["http:\/\/www.globalong.com"],"url":"https:\/\/www.vita-explorers.dk\/blog\/author\/teamglobalong\/"}]}},"_links":{"self":[{"href":"https:\/\/www.vita-explorers.dk\/blog\/wp-json\/wp\/v2\/posts\/20052"}],"collection":[{"href":"https:\/\/www.vita-explorers.dk\/blog\/wp-json\/wp\/v2\/posts"}],"about":[{"href":"https:\/\/www.vita-explorers.dk\/blog\/wp-json\/wp\/v2\/types\/post"}],"author":[{"embeddable":true,"href":"https:\/\/www.vita-explorers.dk\/blog\/wp-json\/wp\/v2\/users\/7"}],"replies":[{"embeddable":true,"href":"https:\/\/www.vita-explorers.dk\/blog\/wp-json\/wp\/v2\/comments?post=20052"}],"version-history":[{"count":9,"href":"https:\/\/www.vita-explorers.dk\/blog\/wp-json\/wp\/v2\/posts\/20052\/revisions"}],"predecessor-version":[{"id":21114,"href":"https:\/\/www.vita-explorers.dk\/blog\/wp-json\/wp\/v2\/posts\/20052\/revisions\/21114"}],"wp:featuredmedia":[{"embeddable":true,"href":"https:\/\/www.vita-explorers.dk\/blog\/wp-json\/wp\/v2\/media\/11794"}],"wp:attachment":[{"href":"https:\/\/www.vita-explorers.dk\/blog\/wp-json\/wp\/v2\/media?parent=20052"}],"wp:term":[{"taxonomy":"category","embeddable":true,"href":"https:\/\/www.vita-explorers.dk\/blog\/wp-json\/wp\/v2\/categories?post=20052"},{"taxonomy":"post_tag","embeddable":true,"href":"https:\/\/www.vita-explorers.dk\/blog\/wp-json\/wp\/v2\/tags?post=20052"}],"curies":[{"name":"wp","href":"https:\/\/api.w.org\/{rel}","templated":true}]}}