{"id":20060,"date":"2025-01-28T04:11:43","date_gmt":"2025-01-28T03:11:43","guid":{"rendered":"https:\/\/www.globalong.com\/blog\/?p=20060"},"modified":"2025-04-22T06:09:22","modified_gmt":"2025-04-22T04:09:22","slug":"vita-explorers-oplevelser","status":"publish","type":"post","link":"https:\/\/www.vita-explorers.dk\/blog\/vita-explorers-oplevelser\/","title":{"rendered":"Erfaringer fra VITA Explorers"},"content":{"rendered":"<p>\u00a0<\/p>\n<style>\n        body {<br \/>            font-family: Arial, sans-serif;<br \/>            line-height: 1.6;<br \/>            color: #333;<br \/>            background-color: #f9f9f9;<br \/>            padding: 20px;<br \/>            max-width: 1200px;<br \/>            margin: auto;<br \/>        }<br \/>        h1, h2, h3, h4 {<br \/>            color: #007BFF;<br \/>        }<br \/>        h1 {<br \/>            text-align: center;<br \/>            margin-bottom: 40px;<br \/>        }<br \/>        h2 {<br \/>            margin-top: 40px;<br \/>            border-bottom: 2px solid #007BFF;<br \/>            padding-bottom: 10px;<br \/>        }<br \/>        h3, h4 {<br \/>            margin-top: 30px;<br \/>            color: #0056b3;<br \/>        }<br \/>        p {<br \/>            margin-bottom: 20px;<br \/>            text-align: justify;<br \/>        }<br \/>        ul, ol {<br \/>            margin-bottom: 20px;<br \/>            padding-left: 40px;<br \/>        }<br \/>        li {<br \/>            margin-bottom: 10px;<br \/>        }<br \/>        blockquote {<br \/>            border-left: 5px solid #007BFF;<br \/>            padding-left: 15px;<br \/>            color: #555;<br \/>            font-style: italic;<br \/>            background-color: #f1f1f1;<br \/>            margin: 20px 0;<br \/>        }<br \/>        img {<br \/>            display: block;<br \/>            margin: 20px auto;<br \/>            max-width: 100%;<br \/>            height: auto;<br \/>            border-radius: 10px;<br \/>        }<br \/>        .cta-button {<br \/>            display: inline-block;<br \/>            padding: 15px 30px;<br \/>            background-color: #007BFF;<br \/>            color: #fff;<br \/>            text-decoration: none;<br \/>            border-radius: 50px;<br \/>            transition: background-color 0.3s ease;<br \/>            font-size: 1.2em;<br \/>            margin-top: 30px;<br \/>        }<br \/>        .cta-button:hover {<br \/>            background-color: #0056b3;<br \/>        }<br \/>        footer {<br \/>            text-align: center;<br \/>            margin-top: 60px;<br \/>            padding: 20px;<br \/>            background-color: #fff;<br \/>            box-shadow: 0 -2px 4px rgba(0,0,0,0.1);<br \/>        }<br \/>        \/* Responsive Design *\/<br \/>        @media (max-width: 768px) {<br \/>            .cta-button {<br \/>                width: 80%;<br \/>                text-align: center;<br \/>            }<br \/>        }<br \/>        \/* Table of Contents *\/<br \/>        .table-of-contents {<br \/>            background-color: #fff;<br \/>            padding: 20px;<br \/>            border-radius: 10px;<br \/>            box-shadow: 0 2px 4px rgba(0,0,0,0.1);<br \/>            margin-bottom: 40px;<br \/>        }<br \/>        .table-of-contents h2 {<br \/>            border-bottom: none;<br \/>            color: #333;<br \/>            margin-bottom: 20px;<br \/>        }<br \/>        .table-of-contents ul {<br \/>            list-style-type: none;<br \/>            padding-left: 0;<br \/>        }<br \/>        .table-of-contents li {<br \/>            margin-bottom: 10px;<br \/>        }<br \/>        .table-of-contents a {<br \/>            text-decoration: none;<br \/>            color: #007BFF;<br \/>        }<br \/>        .table-of-contents a:hover {<br \/>            text-decoration: underline;<br \/>        }<br \/>    <\/style>\n<p><!-- Schema.org JSON-LD for Article --><br \/>\n<script type=\"application\/ld+json\">\n    {\n      \"@context\": \"https:\/\/schema.org\",\n      \"@type\": \"Article\",\n      \"headline\": \"Oplevelser fra VITA Explorers\",\n      \"description\": \"L\u00e6s personlige oplevelser fra VITA Explorers, der har deltaget i internationale forl\u00f8b i Sydafrika, Indien, Cambodja, Costa Rica, Madagaskar, Mongoliet og Nepal.\",\n      \"image\": \"https:\/\/www.vita-explorers.dk\/blog\/wp-content\/uploads\/2025\/04\/temoignages-volontaires-internationaux.jpg\",\n      \"author\": {\n        \"@type\": \"Organization\",\n        \"name\": \"VITA Institute\",\n        \"url\": \"https:\/\/www.vita-explorers.dk\"\n      },\n      \"publisher\": {\n        \"@type\": \"Organization\",\n        \"name\": \"VITA Institute\",\n        \"logo\": {\n          \"@type\": \"ImageObject\",\n          \"url\": \"https:\/\/www.vita-explorers.dk\/logo.png\"\n        }\n      },\n      \"datePublished\": \"2025-04-27T10:00:00+02:00\",\n      \"mainEntityOfPage\": {\n        \"@type\": \"WebPage\",\n        \"@id\": \"https:\/\/www.vita-explorers.dk\/blog\/temoignages-volontaires-internationaux\"\n      },\n      \"keywords\": \"frivilligt arbejde, internationale forl\u00f8b, oplevelser fra deltagere, ansvarlige ophold, kulturudveksling, VITA Institute\"\n    }\n    <\/script><\/p>\n<p><!-- Schema.org JSON-LD for FAQ (Optional for Rich Results) --><br \/>\n<script type=\"application\/ld+json\">\n    {\n      \"@context\": \"https:\/\/schema.org\",\n      \"@type\": \"FAQPage\",\n      \"mainEntity\": [\n        {\n          \"@type\": \"Question\",\n          \"name\": \"Hvad f\u00e5r man ud af at deltage i et internationalt forl\u00f8b med VITA Institute?\",\n          \"acceptedAnswer\": {\n            \"@type\": \"Answer\",\n            \"text\": \"Et internationalt forl\u00f8b med VITA Institute kan styrke b\u00e5de personlige og faglige kompetencer. Du m\u00f8der nye kulturer, opbygger internationale relationer og bidrager til sociale og milj\u00f8m\u00e6ssige indsatser p\u00e5 en ansvarlig m\u00e5de.\"\n          }\n        },\n        {\n          \"@type\": \"Question\",\n          \"name\": \"Hvordan arbejder VITA Institute med tryghed og sikkerhed for deltagere?\",\n          \"acceptedAnswer\": {\n            \"@type\": \"Answer\",\n            \"text\": \"VITA Institute arbejder med klare sikkerhedsrammer, herunder forberedelse inden afrejse, l\u00f8bende st\u00f8tte under opholdet og faste procedurer ved behov for hj\u00e6lp. Hvert forl\u00f8b vurderes l\u00f8bende med fokus p\u00e5 ansvarlige ophold og relevant risikoh\u00e5ndtering.\"\n          }\n        },\n        {\n          \"@type\": \"Question\",\n          \"name\": \"Hvilke typer internationale forl\u00f8b kan man deltage i gennem VITA Institute?\",\n          \"acceptedAnswer\": {\n            \"@type\": \"Answer\",\n            \"text\": \"VITA Institute tilbyder forskellige internationale forl\u00f8b, fx dyre- og naturprojekter i Sydafrika, undervisningsforl\u00f8b i Indien og Cambodja, \u00f8ko-forl\u00f8b i Island, sprogophold i Storbritannien og sociale forl\u00f8b i Irland.\"\n          }\n        },\n        {\n          \"@type\": \"Question\",\n          \"name\": \"Hvilke alderskrav g\u00e6lder for at deltage i VITA Institutes forl\u00f8b?\",\n          \"acceptedAnswer\": {\n            \"@type\": \"Answer\",\n            \"text\": \"Forl\u00f8bene er som udgangspunkt \u00e5bne for deltagere i forskellige aldre, afh\u00e6ngigt af de konkrete krav og rammer for det enkelte projekt.\"\n          }\n        },\n        {\n          \"@type\": \"Question\",\n          \"name\": \"Hvordan tilmelder man sig et internationalt forl\u00f8b med VITA Institute?\",\n          \"acceptedAnswer\": {\n            \"@type\": \"Answer\",\n            \"text\": \"Du kan tilmelde dig ved at bes\u00f8ge VITA Institutes hjemmeside, v\u00e6lge det forl\u00f8b, der passer til dig, udfylde tilmeldingsformularen og indsende de n\u00f8dvendige oplysninger. Det anbefales at tilmelde sig i god tid, da antallet af pladser ofte er begr\u00e6nset.\"\n          }\n        }\n      ]\n    }\n    <\/script><\/p>\n<p>\u00a0<\/p>\n<header>\n<h1>Oplevelser fra VITA Explorers<\/h1>\n<\/header>\n<div class=\"table-of-contents\">\n<h2>Internationale forl\u00f8b<\/h2>\n<ul>\n<li><a href=\"#introduction\">Introduktion til internationale forl\u00f8b<\/a><\/li>\n<li><a href=\"#afrique-sud\">1. Internationalt forl\u00f8b i Sydafrika \u2013 L\u00e9o<\/a><\/li>\n<li><a href=\"#inde\">2. Internationalt forl\u00f8b i Indien \u2013 \u00c9milie<\/a><\/li>\n<li><a href=\"#cambodge\">3. Internationalt forl\u00f8b i Cambodja \u2013 Coralie<\/a><\/li>\n<li><a href=\"#costa-rica\">4. Internationalt forl\u00f8b i Costa Rica \u2013 Sandra<\/a><\/li>\n<li><a href=\"#madagascar\">5. Internationalt forl\u00f8b p\u00e5 Madagaskar \u2013 Astrid<\/a><\/li>\n<li><a href=\"#mongolie\">6. Internationalt forl\u00f8b i Mongoliet \u2013 Octanse, Nolwenn &#038; Lucie<\/a><\/li>\n<li><a href=\"#nepal\">7. Internationalt forl\u00f8b i Nepal \u2013 Pierre-Yves<\/a><\/li>\n<li><a href=\"#conclusion\">8. Konklusion<\/a><\/li>\n<li><a href=\"#faq\">9. FAQ<\/a><\/li>\n<\/ul>\n<\/div>\n<article>\n<section id=\"introduction\">\n<h2>Introduktion<\/h2>\n<div class=\"ti-widget ti-goog\" data-layout-id=\"4\" data-set-id=\"light-background\" data-pid=\"\" data-language=\"fr\" data-version=\"2\" data-review-target-width=\"300\" data-review-text-mode=\"readmore\" data-pager-autoplay-timeout=\"6\" > <div class=\"ti-widget-container ti-col-3\"> <div class=\"ti-reviews-container\"> <div class=\"ti-controls\"> <div class=\"ti-next\" aria-label=\"Avis suivante\" role=\"button\"><\/div> <div class=\"ti-prev\" aria-label=\"Avis pr\u00e9c\u00e9dent\" role=\"button\"><\/div> <\/div> <div class=\"ti-reviews-container-wrapper\">  <div data-empty=\"0\" class=\"ti-review-item source-Google ti-image-layout-thumbnail\" data-id=\"cfcd208495d565ef66e7dff9f98764da\" > <div class=\"ti-inner\"> <div class=\"ti-review-header\"> <div class=\"ti-profile-img\"> <img decoding=\"async\" src=\"https:\/\/lh3.googleusercontent.com\/a\/ACg8ocKpaoKe37CD0_POxO97KqB60GsWQRsIuG2vmCfXT-W_FY44vw=s120-c-rp-mo-br100\" srcset=\"https:\/\/lh3.googleusercontent.com\/a\/ACg8ocKpaoKe37CD0_POxO97KqB60GsWQRsIuG2vmCfXT-W_FY44vw=s120-c-rp-mo-br100 2x\" alt=\"Lucie Correia\" loading=\"lazy\" \/> <\/div> <div class=\"ti-profile-details\"> <div class=\"ti-name\"> Lucie Correia <\/div> <div class=\"ti-date\">2024-10-17<\/div> <\/div> <\/div> <span class=\"ti-stars\"><span class=\"ti-star f\"><\/span><span class=\"ti-star f\"><\/span><span class=\"ti-star f\"><\/span><span class=\"ti-star f\"><\/span><span class=\"ti-star f\"><\/span><\/span> <div class=\"ti-review-text-container ti-review-content\"><!-- R-CONTENT -->La communication avec Globalong est super, personnes tr\u00e8s pr\u00e9sentes pour les b\u00e9n\u00e9voles et \u00e9tudiants partant avec cette association. Elles r\u00e9pondent \u00e0 toutes nos questions et sont tr\u00e8s accessibles au t\u00e9l\u00e9phone.<!-- R-CONTENT --><\/div> <span class=\"ti-read-more\" data-container=\".ti-review-content\" data-collapse-text=\"Cacher\" data-open-text=\"Lire la suite\" ><\/span> <\/div> <\/div>  <div data-empty=\"0\" class=\"ti-review-item source-Google ti-image-layout-thumbnail\" data-id=\"cfcd208495d565ef66e7dff9f98764da\" > <div class=\"ti-inner\"> <div class=\"ti-review-header\"> <div class=\"ti-profile-img\"> <img decoding=\"async\" src=\"https:\/\/lh3.googleusercontent.com\/a-\/ALV-UjWqnnzM7-7c9BDqeTDF-a7pOgNjvLkJ3WshRd_Tn7z0Eu-AGQwo=s120-c-rp-mo-br100\" srcset=\"https:\/\/lh3.googleusercontent.com\/a-\/ALV-UjWqnnzM7-7c9BDqeTDF-a7pOgNjvLkJ3WshRd_Tn7z0Eu-AGQwo=s120-c-rp-mo-br100 2x\" alt=\"Ra\u00efssa Frisch\" loading=\"lazy\" \/> <\/div> <div class=\"ti-profile-details\"> <div class=\"ti-name\"> Ra\u00efssa Frisch <\/div> <div class=\"ti-date\">2024-10-14<\/div> <\/div> <\/div> <span class=\"ti-stars\"><span class=\"ti-star f\"><\/span><span class=\"ti-star f\"><\/span><span class=\"ti-star f\"><\/span><span class=\"ti-star f\"><\/span><span class=\"ti-star f\"><\/span><\/span> <div class=\"ti-review-text-container ti-review-content\"><!-- R-CONTENT -->J\u2019ai d\u00e9j\u00e0 eu l\u2019opportunit\u00e9 de r\u00e9aliser deux projets humanitaires avec l\u2019association Globalong. Je ne peux que la recommander, car j\u2019ai toujours b\u00e9n\u00e9fici\u00e9 d\u2019un excellent accompagnement, aussi bien avant que pendant le voyage. On ne vous laisse pas vous d\u00e9brouiller seuls, bien au contraire, vous \u00eates tr\u00e8s bien encadr\u00e9s pour accomplir toutes les d\u00e9marches dans les d\u00e9lais.\n\nAu-del\u00e0 du suivi, les exp\u00e9riences humanitaires propos\u00e9es par Globalong ne peuvent que transformer votre vie de mani\u00e8re positive. Elles vous apportent une richesse humaine inestimable.<!-- R-CONTENT --><\/div> <span class=\"ti-read-more\" data-container=\".ti-review-content\" data-collapse-text=\"Cacher\" data-open-text=\"Lire la suite\" ><\/span> <\/div> <\/div>  <div data-empty=\"0\" class=\"ti-review-item source-Google ti-image-layout-thumbnail\" data-id=\"cfcd208495d565ef66e7dff9f98764da\" > <div class=\"ti-inner\"> <div class=\"ti-review-header\"> <div class=\"ti-profile-img\"> <img decoding=\"async\" src=\"https:\/\/lh3.googleusercontent.com\/a\/ACg8ocJL-Dxv25YkXK2QwWPNRxTVqZCv5uTmDQDFg5qslKra3vRZew=s120-c-rp-mo-br100\" srcset=\"https:\/\/lh3.googleusercontent.com\/a\/ACg8ocJL-Dxv25YkXK2QwWPNRxTVqZCv5uTmDQDFg5qslKra3vRZew=s120-c-rp-mo-br100 2x\" alt=\"Tara Turan\" loading=\"lazy\" \/> <\/div> <div class=\"ti-profile-details\"> <div class=\"ti-name\"> Tara Turan <\/div> <div class=\"ti-date\">2024-10-14<\/div> <\/div> <\/div> <span class=\"ti-stars\"><span class=\"ti-star f\"><\/span><span class=\"ti-star f\"><\/span><span class=\"ti-star f\"><\/span><span class=\"ti-star f\"><\/span><span class=\"ti-star f\"><\/span><\/span> <div class=\"ti-review-text-container ti-review-content\"><!-- R-CONTENT -->Une des meilleures associations que j\u2019ai pu faire !\nUne organisation et un suivi vraiment parfait, c\u2019est avec grand plaisir que je referai un projet avec eux.<!-- R-CONTENT --><\/div> <span class=\"ti-read-more\" data-container=\".ti-review-content\" data-collapse-text=\"Cacher\" data-open-text=\"Lire la suite\" ><\/span> <\/div> <\/div>  <div data-empty=\"0\" class=\"ti-review-item source-Google ti-image-layout-thumbnail\" data-id=\"cfcd208495d565ef66e7dff9f98764da\" > <div class=\"ti-inner\"> <div class=\"ti-review-header\"> <div class=\"ti-profile-img\"> <img decoding=\"async\" src=\"https:\/\/lh3.googleusercontent.com\/a\/ACg8ocLctTPNovSk3eKM0b_MIPOfcFEQsz2135Cdu59_BWRVsIYC7Q=s120-c-rp-mo-br100\" srcset=\"https:\/\/lh3.googleusercontent.com\/a\/ACg8ocLctTPNovSk3eKM0b_MIPOfcFEQsz2135Cdu59_BWRVsIYC7Q=s120-c-rp-mo-br100 2x\" alt=\"Repiquet Julie\" loading=\"lazy\" \/> <\/div> <div class=\"ti-profile-details\"> <div class=\"ti-name\"> Repiquet Julie <\/div> <div class=\"ti-date\">2024-10-13<\/div> <\/div> <\/div> <span class=\"ti-stars\"><span class=\"ti-star f\"><\/span><span class=\"ti-star f\"><\/span><span class=\"ti-star f\"><\/span><span class=\"ti-star f\"><\/span><span class=\"ti-star f\"><\/span><\/span> <div class=\"ti-review-text-container ti-review-content\"><!-- R-CONTENT -->Tr\u00e8s bon accompagnement de la part de Globalong, du premier jour avec toutes mes interrogations, jusqu'au d\u00e9part dans quelques jours. Le dossier transmis apr\u00e8s validation de la mission est plus que complet, les webmaster tr\u00e8s int\u00e9ressantes et permettent de d\u00e9charger mentalement ce genre de pr\u00e9paration, tout est pr\u00e9vu il n'y a plus qu'\u00e0 suivre ! Merci \u00e0 Florence de r\u00e9pondre \u00e0 toutes mes questions avec gentillesse et bienveillance, cela m'a permis de passer le cap!\nMaintenant, il n'y a plus qu'\u00e0 \ud83d\ude00<!-- R-CONTENT --><\/div> <span class=\"ti-read-more\" data-container=\".ti-review-content\" data-collapse-text=\"Cacher\" data-open-text=\"Lire la suite\" ><\/span> <\/div> <\/div>  <div data-empty=\"0\" class=\"ti-review-item source-Google ti-image-layout-thumbnail\" data-id=\"cfcd208495d565ef66e7dff9f98764da\" > <div class=\"ti-inner\"> <div class=\"ti-review-header\"> <div class=\"ti-profile-img\"> <img decoding=\"async\" src=\"https:\/\/lh3.googleusercontent.com\/a\/ACg8ocJJTdmTWs8nAA0yuH_cKOUgzc6GFAkHBiXhpnnVYXaWMBZsHw=s120-c-rp-mo-br100\" srcset=\"https:\/\/lh3.googleusercontent.com\/a\/ACg8ocJJTdmTWs8nAA0yuH_cKOUgzc6GFAkHBiXhpnnVYXaWMBZsHw=s120-c-rp-mo-br100 2x\" alt=\"Marine Guilhamat\" loading=\"lazy\" \/> <\/div> <div class=\"ti-profile-details\"> <div class=\"ti-name\"> Marine Guilhamat <\/div> <div class=\"ti-date\">2024-10-09<\/div> <\/div> <\/div> <span class=\"ti-stars\"><span class=\"ti-star f\"><\/span><span class=\"ti-star f\"><\/span><span class=\"ti-star f\"><\/span><span class=\"ti-star f\"><\/span><span class=\"ti-star f\"><\/span><\/span> <div class=\"ti-review-text-container ti-review-content\"><!-- R-CONTENT -->Tr\u00e8s belle association qui offre un cadre super s\u00e9curisant et permet de s\u2019investir dans des projets qui ont du sens. Merci \u00e0 l\u2019\u00e9quipe Globalong pour votre disponibilit\u00e9, gentillesse et accompagnement !<!-- R-CONTENT --><\/div> <span class=\"ti-read-more\" data-container=\".ti-review-content\" data-collapse-text=\"Cacher\" data-open-text=\"Lire la suite\" ><\/span> <\/div> <\/div>  <div data-empty=\"0\" class=\"ti-review-item source-Google ti-image-layout-thumbnail\" data-id=\"cfcd208495d565ef66e7dff9f98764da\" > <div class=\"ti-inner\"> <div class=\"ti-review-header\"> <div class=\"ti-profile-img\"> <img decoding=\"async\" src=\"https:\/\/lh3.googleusercontent.com\/a\/ACg8ocIgITHXKo46qgJyPqlJeAcxz11gCKUJpGIk2qauiIe2O3iZ6w=s120-c-rp-mo-br100\" srcset=\"https:\/\/lh3.googleusercontent.com\/a\/ACg8ocIgITHXKo46qgJyPqlJeAcxz11gCKUJpGIk2qauiIe2O3iZ6w=s120-c-rp-mo-br100 2x\" alt=\"Laura Mercier\" loading=\"lazy\" \/> <\/div> <div class=\"ti-profile-details\"> <div class=\"ti-name\"> Laura Mercier <\/div> <div class=\"ti-date\">2024-10-08<\/div> <\/div> <\/div> <span class=\"ti-stars\"><span class=\"ti-star f\"><\/span><span class=\"ti-star f\"><\/span><span class=\"ti-star f\"><\/span><span class=\"ti-star f\"><\/span><span class=\"ti-star f\"><\/span><\/span> <div class=\"ti-review-text-container ti-review-content\"><!-- R-CONTENT -->Mon d\u00e9part approche, je pars dans une semaine, et depuis le d\u00e9but de mon inscription je suis tr\u00e8s satisfaite du suivi effectu\u00e9 par l\u2019association. Ils sont tr\u00e8s disponibles et r\u00e9pondent rapidement \u00e0 l\u2019ensemble des questions. Je suis tr\u00e8s contente de partir faire cette mission humanitaire encadr\u00e9e par cette association. Je recommande vraiment.<!-- R-CONTENT --><\/div> <span class=\"ti-read-more\" data-container=\".ti-review-content\" data-collapse-text=\"Cacher\" data-open-text=\"Lire la suite\" ><\/span> <\/div> <\/div>  <div data-empty=\"0\" class=\"ti-review-item source-Google ti-image-layout-thumbnail\" data-id=\"cfcd208495d565ef66e7dff9f98764da\" > <div class=\"ti-inner\"> <div class=\"ti-review-header\"> <div class=\"ti-profile-img\"> <img decoding=\"async\" src=\"https:\/\/lh3.googleusercontent.com\/a-\/ALV-UjVVr0YMQhXl8QNEEB32l-rnoaYwvRZUjIEX9OEwPE_1fQwzIyk=s120-c-rp-mo-br100\" srcset=\"https:\/\/lh3.googleusercontent.com\/a-\/ALV-UjVVr0YMQhXl8QNEEB32l-rnoaYwvRZUjIEX9OEwPE_1fQwzIyk=s120-c-rp-mo-br100 2x\" alt=\"Anouk Rzkt\" loading=\"lazy\" \/> <\/div> <div class=\"ti-profile-details\"> <div class=\"ti-name\"> Anouk Rzkt <\/div> <div class=\"ti-date\">2024-10-02<\/div> <\/div> <\/div> <span class=\"ti-stars\"><span class=\"ti-star f\"><\/span><span class=\"ti-star f\"><\/span><span class=\"ti-star f\"><\/span><span class=\"ti-star f\"><\/span><span class=\"ti-star f\"><\/span><\/span> <div class=\"ti-review-text-container ti-review-content\"><!-- R-CONTENT -->Globalong est l'association parfaite. L'\u00e9quipe offre un v\u00e9ritable accompagnement rythm\u00e9 par beaucoup de conseils et d'\u00e9coute. Le site est tr\u00e8s bien fait avec des dossiers complets allant des sujets tr\u00e8s pratiques a d'autres plus th\u00e9oriques (tels que le choc culturel par exemple). Je recommande vivement et remercie sinc\u00e8rement toute l'\u00e9quipe pour leur gentillesse et investissement !<!-- R-CONTENT --><\/div> <span class=\"ti-read-more\" data-container=\".ti-review-content\" data-collapse-text=\"Cacher\" data-open-text=\"Lire la suite\" ><\/span> <\/div> <\/div>  <\/div> <div class=\"ti-controls-line\"> <div class=\"dot\"><\/div> <\/div> <\/div> <div class=\"ti-footer\"> <div class=\"ti-rating-text\"> <span class=\"nowrap\">\u00c9valuation <strong>Google<\/strong> : <\/span><span class=\"nowrap\"><strong>4.8<\/strong> sur 5, <\/span><span class=\"nowrap\">Bas\u00e9e sur <strong>240 avis<\/strong><\/span> <\/div> <\/div>  <\/div> <\/div> \n<p><img loading=\"lazy\" decoding=\"async\" class=\"aligncenter wp-image-19334 size-medium\" src=\"https:\/\/www.vita-explorers.dk\/blog\/wp-content\/uploads\/2024\/11\/36517409686_5be92744ac_w-300x225.jpg\" alt=\"Volontariat international au Maroc\" width=\"300\" height=\"225\" srcset=\"https:\/\/www.vita-explorers.dk\/blog\/wp-content\/uploads\/2024\/11\/36517409686_5be92744ac_w-300x225.jpg 300w, https:\/\/www.vita-explorers.dk\/blog\/wp-content\/uploads\/2024\/11\/36517409686_5be92744ac_w.jpg 400w\" sizes=\"(max-width: 300px) 100vw, 300px\" \/><\/p>\n<p style=\"text-align: justify;\">Et <strong>internationalt forl\u00f8b<\/strong> kan v\u00e6re en s\u00e6rlig mulighed for b\u00e5de engagement og nye perspektiver. P\u00e5 den ene side kan <a href=\"https:\/\/www.vita-explorers.dk\/blog\/betydningen-af-humanitaere-frivillige\/\" target=\"_blank\" rel=\"noopener\">deltagere<\/a> indg\u00e5 i forskellige typer <strong>forl\u00f8b<\/strong>. P\u00e5 den anden side giver det mulighed for kulturudveksling og for at opbygge vigtige kompetencer.<\/p>\n<p style=\"text-align: justify;\"><strong>VITA Institute<\/strong> tilbyder en bred vifte af <strong>internationale forl\u00f8b<\/strong> til forskellige profiler. I denne artikel deler vi <a href=\"https:\/\/www.vita-explorers.dk\/blog\/avis-globalong\/\" target=\"_blank\" rel=\"noopener\"><strong>oplevelser fra deltagere<\/strong><\/a>, der har v\u00e6ret afsted i Sydafrika, Indien, Cambodja, Costa Rica, Madagaskar, Mongoliet og Nepal. Deres fort\u00e6llinger viser b\u00e5de den personlige l\u00e6ring og de sociale aspekter. Samtidig beskriver de, hvordan de kunne bidrage meningsfuldt, mens de udviklede sig undervejs.<\/p>\n<p style=\"text-align: justify;\">For mange bliver et <strong>internationalt forl\u00f8b<\/strong> med VITA en oplevelse, der kombinerer ansvarligt engagement med personlig udvikling.<\/p>\n<\/section>\n<section id=\"afrique-sud\">\n<h2>1. Internationalt forl\u00f8b i Sydafrika<\/h2>\n<section id=\"mission-animalier-af-sud\">\n<h3><strong>1.1 Dyreprojekt i Sydafrika<\/strong><\/h3>\n<p><img loading=\"lazy\" decoding=\"async\" class=\"aligncenter wp-image-15778 size-medium\" src=\"https:\/\/www.vita-explorers.dk\/blog\/wp-content\/uploads\/2023\/10\/mission-humanitaire-afrique-du-sud-300x253.png\" alt=\"Projets humanitaires en Afrique du sud\" width=\"300\" height=\"253\" srcset=\"https:\/\/www.vita-explorers.dk\/blog\/wp-content\/uploads\/2023\/10\/mission-humanitaire-afrique-du-sud-300x253.png 300w, https:\/\/www.vita-explorers.dk\/blog\/wp-content\/uploads\/2023\/10\/mission-humanitaire-afrique-du-sud-1024x863.png 1024w, https:\/\/www.vita-explorers.dk\/blog\/wp-content\/uploads\/2023\/10\/mission-humanitaire-afrique-du-sud-768x647.png 768w, https:\/\/www.vita-explorers.dk\/blog\/wp-content\/uploads\/2023\/10\/mission-humanitaire-afrique-du-sud.png 1258w\" sizes=\"(max-width: 300px) 100vw, 300px\" \/><\/p>\n<p style=\"text-align: justify;\">Hej alle, jeg hedder L\u00e9o. Jeg rejste til <a href=\"https:\/\/www.vita-explorers.dk\/frivilligt-arbejde\/frivilligt-arbejde-sydafrika.html\" target=\"_blank\" rel=\"noopener\">Sydafrika<\/a> i et par uger med VITA. Jeg deltog i et <strong>internationalt dyreprojekt<\/strong>. Mit m\u00e5l var at opleve et nyt land og en ny kultur \u2013 samtidig med at jeg bidrog til arbejdet med vilde dyr.<\/p>\n<blockquote><p>&#8220;Min periode som deltager var virkelig rigtig god! Lederne forklarede, hvordan stedet fungerer, og de er altid tilg\u00e6ngelige, hvis man har sp\u00f8rgsm\u00e5l.&#8221;<\/p><\/blockquote>\n<p style=\"text-align: justify;\">F\u00f8r afrejse blev jeg positivt overrasket over VITAs tilgang. Vores mailkontakt var venlig og hurtig. Hjemmesiden gav et godt overblik over <strong>internationale forl\u00f8b<\/strong> rundt om i verden \u2013 b\u00e5de <strong><a href=\"https:\/\/www.vita-explorers.dk\/blog\/frivilligt-internationalt-rolle-og-ansvar\/\" target=\"_blank\" rel=\"noopener\">frivilligt arbejde<\/a><\/strong> og <strong>\u00f8ko-forl\u00f8b<\/strong>. Det gjorde det nemt at v\u00e6lge et projekt, der passede til mine interesser.<\/p>\n<h4><strong>Erfaringer p\u00e5 stedet<\/strong><\/h4>\n<p style=\"text-align: justify;\">Forl\u00f8bet foregik i et center for vilde dyr. Vi hjalp med pasning og beskyttelse af dyrene. Selvom jeg ikke tog sprogundervisning, forklarede lederne os rammerne tydeligt. Vi arbejdede altid to og to \u2013 is\u00e6r de f\u00f8rste to uger \u2013 sammen med en, der kendte omr\u00e5det i forvejen.<\/p>\n<blockquote><p>&#8220;Teamet var virkelig venligt og tilg\u00e6ngeligt. De fleste deltagere var der ogs\u00e5 for at opleve noget nyt, m\u00f8de mennesker og have det sjovt!&#8221;<\/p><\/blockquote>\n<p style=\"text-align: justify;\">Udover det daglige projekt tog vi p\u00e5 safari, red ture p\u00e5 stranden og pr\u00f8vede canyoning. Safari og canyoning var godt organiseret. Aktiviteterne gav os b\u00e5de naturoplevelser og styrkede f\u00e6llesskabet i gruppen.<\/p>\n<h4><strong>M\u00f8der og f\u00e6llesskab<\/strong><\/h4>\n<p style=\"text-align: justify;\">Der var mange <a href=\"https:\/\/www.vita-explorers.dk\/blog\/bliv-frivillig-humanit\u00e6rt-arbejde\/\" target=\"_blank\" rel=\"noopener\">deltagere<\/a> fra Europa: Tyskland, Storbritannien, Frankrig, Spanien, Portugal og Schweiz. Der var ogs\u00e5 et par brasilianere, hvilket gav en fin kulturel blanding. De fleste var unge, der enten studerede eller var nyuddannede. Og der var flere piger end drenge, hvilket gav gruppen sin egen dynamik.<\/p>\n<blockquote><p>&#8220;Oplevelsen gav mig lyst til at rejse endnu mere \u2013 n\u00e6ste gang m\u00e5ske til Sydamerika. Jeg m\u00f8dte ogs\u00e5 nogle virkelig sk\u00f8nne mennesker, som jeg gerne vil bes\u00f8ge i deres hjemlande.&#8221;<\/p><\/blockquote>\n<p style=\"text-align: justify;\">Hjemrejsen gik fint, men den sydafrikanske vinter var en udfordring. Man skal ikke undervurdere, hvor koldt det kan blive om natten. Det er vigtigt at tage varmt t\u00f8j og gerne et ekstra t\u00e6ppe med. Om dagen er det som regel varmt, hvilket g\u00f8r udend\u00f8rsaktiviteterne behagelige.<\/p>\n<h4><strong>R\u00e5d og anbefalinger<\/strong><\/h4>\n<p style=\"text-align: justify;\">Mit r\u00e5d: Undervurd\u00e9r ikke den sydafrikanske vinter. N\u00e6tterne kan v\u00e6re meget kolde, og v\u00e6relserne er ikke s\u00e6rligt godt isolerede. Tag tr\u00f8jer og et ekstra t\u00e6ppe med. Om dagen kan du til geng\u00e6ld nyde det gode vejr og lave aktiviteter udend\u00f8rs.<\/p>\n<blockquote><p>&#8220;Jeg kan virkelig anbefale den safari!&#8221;<\/p><\/blockquote>\n<p style=\"text-align: justify;\">VITA stod for en st\u00e6rk organisering. Det gjorde mit <strong>internationale forl\u00f8b<\/strong> b\u00e5de trygt og givende. &#8211; <strong>L\u00e9o<\/strong><\/p>\n<\/section>\n<\/section>\n<section id=\"inde\">\n<h2>2. Internationalt forl\u00f8b i Indien<\/h2>\n<section id=\"mission-bangalore\">\n<h3><strong>2.1 Frivilligt arbejde i Bangalore, Indien<\/strong><\/h3>\n<p><img loading=\"lazy\" decoding=\"async\" class=\"aligncenter wp-image-8987 size-medium\" src=\"https:\/\/www.vita-explorers.dk\/blog\/wp-content\/uploads\/2018\/02\/camille-inde-2-min-300x225.jpg\" alt=\"Volontaire en mission en Inde\" width=\"300\" height=\"225\" srcset=\"https:\/\/www.vita-explorers.dk\/blog\/wp-content\/uploads\/2018\/02\/camille-inde-2-min-300x225.jpg 300w, https:\/\/www.vita-explorers.dk\/blog\/wp-content\/uploads\/2018\/02\/camille-inde-2-min-768x576.jpg 768w, https:\/\/www.vita-explorers.dk\/blog\/wp-content\/uploads\/2018\/02\/camille-inde-2-min-150x113.jpg 150w, https:\/\/www.vita-explorers.dk\/blog\/wp-content\/uploads\/2018\/02\/camille-inde-2-min.jpg 960w\" sizes=\"(max-width: 300px) 100vw, 300px\" \/><\/p>\n<p style=\"text-align: justify;\">Hej, jeg hedder \u00c9milie. Jeg deltager i et forl\u00f8b i Bangalore i <a href=\"https:\/\/www.vita-explorers.dk\/frivilligt-arbejde\/inde-nord-delhi-jaipur.html\" target=\"_blank\" rel=\"noopener\">Indien<\/a> med VITA. Mit <strong>internationale forl\u00f8b<\/strong> var hver dag fyldt med l\u00e6ring. F\u00f8rst skulle jeg lige igennem <a href=\"https:\/\/www.vita-explorers.dk\/blog\/kulturchok-det-er-helt-normalt\/\" target=\"_blank\" rel=\"noopener\">kulturchokket<\/a>. Derefter kunne jeg for alvor m\u00e6rke den store venlighed hos de mennesker, jeg m\u00f8dte. Og jeg fik relationer, som virkelig bet\u00f8d noget.<\/p>\n<blockquote><p>&#8220;Jeg havde faktisk flere opgaver i \u00e9n: st\u00f8tte til l\u00e6reren i to forskellige klasser og hj\u00e6lp til organiseringen af et kunstprojekt.&#8221;<\/p><\/blockquote>\n<p style=\"text-align: justify;\">Hver dag b\u00f8d p\u00e5 nye overraskelser. Jeg blev inviteret hjem til middag hos en familie. Jeg delte ogs\u00e5 tid og oplevelser med stifteren af organisationen og hans familie. Og s\u00e5 opstod der et st\u00e6rkt venskab med en person, der hjalp mig p\u00e5 hospitalet en fredag aften kl. 22.<\/p>\n<h4><strong>Organisering og hverdagen<\/strong><\/h4>\n<p>De daglige rammer var tydelige:<\/p>\n<ul>\n<li><strong>9.30-13.00:<\/strong> hj\u00e6lp i undervisningen med unge voksne med udviklingshandicap og b\u00f8rn med h\u00f8reneds\u00e6ttelse.<\/li>\n<li><strong>13.00-14.00:<\/strong> frokost og pause.<\/li>\n<li><strong>14.00-15.30:<\/strong> hj\u00e6lp i undervisningen.<\/li>\n<li><strong>15.30-17.00:<\/strong> Overseas-projekt, bl.a. kontakt til steder med kunstproduktion og overnatningsmuligheder.<\/li>\n<\/ul>\n<blockquote><p>&#8220;Jeg m\u00f8dte ledermunken i klosteret, som introducerede mig til meditation.&#8221;<\/p><\/blockquote>\n<p style=\"text-align: justify;\">Derudover rejste jeg en weekend til den nordlige del af landet for at bes\u00f8ge sp\u00e6ndende steder. Det her var mit tredje internationale forl\u00f8b, men det mest givende. Jeg blev markant bedre til engelsk og til indisk tegnsprog.<\/p>\n<h4><strong>Udbytte og personlig udvikling<\/strong><\/h4>\n<p style=\"text-align: justify;\">Forl\u00f8bet styrkede mine sproglige og p\u00e6dagogiske kompetencer. Det l\u00e6rte mig ogs\u00e5 at s\u00e6tte hverdagens sm\u00e5 bekymringer i perspektiv. Kontakten med b\u00f8rnene og munkene gav mig et nyt blik p\u00e5 livet og p\u00e5 menneskers robusthed.<\/p>\n<blockquote><p>&#8220;Jeg kan varmt anbefale VITA for deres seri\u00f8sitet og st\u00f8tte i forberedelsen.&#8221;<\/p><\/blockquote>\n<p style=\"text-align: justify;\"><a href=\"https:\/\/www.vita-explorers.dk\/\" target=\"_blank\" rel=\"noopener\">VITA<\/a> fulgte mig gennem hele opholdet. Det gjorde det til en professionel og menneskelig oplevelse, jeg sent glemmer. &#8211; <strong>Emilie<\/strong><\/p>\n<\/section>\n<\/section>\n<section id=\"cambodge\">\n<h2>3. Internationalt forl\u00f8b i Cambodja \u2013 Coralie<\/h2>\n<section id=\"mission-cambodge\">\n<h3>3.1 Deltagerforl\u00f8b i Cambodja<\/h3>\n<p><img loading=\"lazy\" decoding=\"async\" class=\"aligncenter wp-image-5133 size-medium\" src=\"https:\/\/www.vita-explorers.dk\/blog\/wp-content\/uploads\/2016\/01\/Coralie-Cambodge-300x300.jpeg\" alt=\"Volontaire en mission \u00e0 l'\u00e9tranger\" width=\"300\" height=\"300\" srcset=\"https:\/\/www.vita-explorers.dk\/blog\/wp-content\/uploads\/2016\/01\/Coralie-Cambodge-300x300.jpeg 300w, https:\/\/www.vita-explorers.dk\/blog\/wp-content\/uploads\/2016\/01\/Coralie-Cambodge-150x150.jpeg 150w, https:\/\/www.vita-explorers.dk\/blog\/wp-content\/uploads\/2016\/01\/Coralie-Cambodge.jpeg 425w\" sizes=\"(max-width: 300px) 100vw, 300px\" \/><\/p>\n<p style=\"text-align: justify;\">Hej, jeg hedder Coralie. Jeg var p\u00e5 et <strong>internationalt forl\u00f8b<\/strong> i <a href=\"https:\/\/www.vita-explorers.dk\/frivilligt-arbejde\/frivilligt-arbejde-cambodja-boern.html\" target=\"_blank\" rel=\"noopener\">Cambodja<\/a> med VITA. Mit ophold i Phnom Penh var fuldt af erfaringer og l\u00e6ring. Jeg valgte forl\u00f8bet for at pr\u00f8ve noget helt andet og st\u00f8tte b\u00f8rn i et <strong>b\u00f8rnecenter<\/strong> i et kr\u00e6vende milj\u00f8.<\/p>\n<blockquote><p>&#8220;Jeg m\u00f8dte deltagere fra hele verden og meget im\u00f8dekommende lokale.&#8221;<\/p><\/blockquote>\n<p style=\"text-align: justify;\">I et b\u00f8rnecenter arbejdede jeg sammen med et dedikeret team om at st\u00f8tte b\u00f8rnene. Hver dag havde forskellige aktiviteter, og det gjorde det muligt b\u00e5de at bidrage konkret og udvikle mine kompetencer inden for klasseledelse og interkulturel kommunikation.<\/p>\n<h4><strong>Organisering og aktiviteter<\/strong><\/h4>\n<p>Dagene var planlagt:<\/p>\n<ul>\n<li><strong>9.00-12.00:<\/strong> hj\u00e6lp i undervisningen med b\u00f8rn i forskellige aldre.<\/li>\n<li><strong>12.00-13.00:<\/strong> frokost og pause.<\/li>\n<li><strong>13.00-16.00:<\/strong> kreative v\u00e6rksteder og individuel st\u00f8tte.<\/li>\n<li><strong>16.00-18.00:<\/strong> fritidsaktiviteter og samv\u00e6r med lokale familier.<\/li>\n<\/ul>\n<blockquote><p>&#8220;Selvom v\u00e6relserne bliver varme i l\u00f8bet af dagen, er de ikke termisk isolerede.&#8221;<\/p><\/blockquote>\n<p style=\"text-align: justify;\">P\u00e5 trods af lokale udfordringer gjorde den varme modtagelse fra familierne og b\u00f8rnene et stort indtryk. Teamet p\u00e5 stedet \u2013 s\u00e6rligt Ando, som havde ansvaret \u2013 var afg\u00f8rende for, at jeg f\u00f8lte mig godt tilpas under hele mit <strong>internationale forl\u00f8b<\/strong>.<\/p>\n<h4><strong>Kultur og personlig l\u00e6ring<\/strong><\/h4>\n<p style=\"text-align: justify;\">Opholdet gav mig indblik i en ny kultur og i hverdagen i Cambodja. Jeg l\u00e6rte at se mine egne bekymringer i et andet lys og at v\u00e6rds\u00e6tte de sm\u00e5 ting. Den daglige kontakt med b\u00f8rn og familier gav et st\u00e6rkt perspektiv p\u00e5 robusthed og betydningen af empati.<\/p>\n<blockquote><p>&#8220;Jeg anbefaler VITA, fordi alt var godt organiseret \u2013 uden ubehagelige overraskelser ved ankomsten.&#8221;<\/p><\/blockquote>\n<p style=\"text-align: justify;\">Alt i alt var mit forl\u00f8b i Cambodja b\u00e5de fagligt og menneskeligt givende. Det inspirerede mig til at forts\u00e6tte mit engagement i sociale projekter. &#8211; <b>Coralie ;<\/b><\/p>\n<\/section>\n<\/section>\n<section id=\"costa-rica\">\n<h2>4. Internationalt forl\u00f8b i Costa Rica \u2013 Sandra<\/h2>\n<section id=\"mission-costa-rica\">\n<h3>4.1\u00a0 Frivilligt arbejde i Costa Rica<\/h3>\n<p><img loading=\"lazy\" decoding=\"async\" class=\"aligncenter wp-image-5205 size-medium\" src=\"https:\/\/www.vita-explorers.dk\/blog\/wp-content\/uploads\/2016\/01\/SAndra-Costa-Rica-300x300.jpeg\" alt=\"Volontaire en mission au Costa Rica\" width=\"300\" height=\"300\" srcset=\"https:\/\/www.vita-explorers.dk\/blog\/wp-content\/uploads\/2016\/01\/SAndra-Costa-Rica-300x300.jpeg 300w, https:\/\/www.vita-explorers.dk\/blog\/wp-content\/uploads\/2016\/01\/SAndra-Costa-Rica-150x150.jpeg 150w, https:\/\/www.vita-explorers.dk\/blog\/wp-content\/uploads\/2016\/01\/SAndra-Costa-Rica.jpeg 426w\" sizes=\"(max-width: 300px) 100vw, 300px\" \/><\/p>\n<p style=\"text-align: justify;\">Jeg hedder Sandra. Jeg var p\u00e5 et <strong>internationalt forl\u00f8b<\/strong> i <a href=\"https:\/\/www.vita-explorers.dk\/frivilligt-arbejde\/costa-rica-internationalt-frivilligt-arbejde-okoprojekt-praktik.html\" target=\"_blank\" rel=\"noopener\">Costa Rica<\/a> i 8 uger med VITA. Under opholdet arbejdede jeg sammen med en f\u00f8rskolel\u00e6rer og to p\u00e6dagogmedhj\u00e6lpere. Mit m\u00e5l var at st\u00f8tte b\u00f8rnenes l\u00e6ring og trivsel \u2013 og samtidig l\u00e6re spansk i et milj\u00f8, hvor sproget var en del af hverdagen.<\/p>\n<blockquote><p>&#8220;Takket v\u00e6re mit ophold blev jeg bedre til at tale spansk. Jeg \u00f8vede sproget meget med mine kolleger og med b\u00f8rnene.&#8221;<\/p><\/blockquote>\n<p style=\"text-align: justify;\">Jeg arbejdede mandag til fredag fra kl. 8 til 15 med i alt 43 b\u00f8rn. Mine opgaver handlede om at st\u00f8tte b\u00f8rnene i b\u00e5de l\u00e6rings- og bev\u00e6gelsesaktiviteter. Jeg hjalp ogs\u00e5 med m\u00e5ltider og hygiejne. Derudover lavede jeg aktiviteter i mindre grupper som maling, h\u00f8jtl\u00e6sning af historier og puslespil.<\/p>\n<h4><strong>Aktiviteter og ansvar<\/strong><\/h4>\n<p style=\"text-align: justify;\">Ud over de daglige opgaver pyntede jeg klasselokalet og malede v\u00e6gmalerier for at g\u00f8re rummet mere indbydende. Jeg hjalp med oprydning efter frokost. Jeg m\u00f8dte ogs\u00e5 m\u00f8drene, som kom hver dag for at spise frokost med deres b\u00f8rn. Det gav mig et bedre indblik i familiernes hverdag og b\u00f8rnenes behov.<\/p>\n<blockquote><p>&#8220;Jeg hjalp hende med at f\u00f8le sig tryg sammen med mig. Lidt efter lidt motiverede jeg hende til f\u00f8rst at lave lyde \u2013 og senere til at sige flere ord.&#8221;<\/p><\/blockquote>\n<p style=\"text-align: justify;\">Noget af det mest meningsfulde var at se b\u00f8rnenes udvikling. For eksempel begyndte Kimberly, en pige p\u00e5 4 \u00e5r, som ikke sagde noget i starten, gradvist at bruge enkle ord som &#8220;hola&#8221; og &#8220;te amo&#8221; \u2013 takket v\u00e6re t\u00e5lmodighed og kontinuitet. Yurgen gik fra at v\u00e6re nerv\u00f8s og udfordret ved m\u00e5ltiderne til at blive mere rolig og glad.<\/p>\n<h4>Udbytte og personlig udvikling<\/h4>\n<p style=\"text-align: justify;\">Opholdet gjorde mig ikke kun bedre til spansk, men styrkede ogs\u00e5 mine menneskelige kompetencer og min empati. Jeg l\u00e6rte at m\u00f8de b\u00f8rnene, hvor de var, og at forst\u00e5 deres behov \u2013 noget jeg tager med mig videre b\u00e5de personligt og fagligt.<\/p>\n<blockquote><p>&#8220;Opholdet gjorde det muligt for mig at se, hvordan man kan st\u00f8tte b\u00f8rn, som mangler mange materielle og familiem\u00e6ssige rammer \u2013 gennem n\u00e6rv\u00e6r, motivation, omsorg og varme.&#8221;<\/p><\/blockquote>\n<p style=\"text-align: justify;\">Det var en god balance mellem personlig udvikling og et konkret bidrag. Jeg l\u00e6rte at h\u00e5ndtere sv\u00e6re situationer og at tilpasse mig et nyt milj\u00f8, samtidig med at jeg st\u00f8ttede b\u00f8rnene i deres hverdag.<\/p>\n<p style=\"text-align: justify;\">VITA har en st\u00e6rk organisering, som g\u00f8r et <strong>internationalt forl\u00f8b<\/strong> b\u00e5de trygt og l\u00e6rerigt for deltagerne. \u2014 <strong>Sandra ;<\/strong><\/p>\n<\/section>\n<\/section>\n<section id=\"madagascar\">\n<h2>5. Internationalt forl\u00f8b p\u00e5 Madagaskar \u2013 Astrid<\/h2>\n<section id=\"mission-madagascar\">\n<h3>5.1 Deltager p\u00e5 forl\u00f8b p\u00e5 Madagaskar<\/h3>\n<p><img loading=\"lazy\" decoding=\"async\" class=\"aligncenter wp-image-8186 size-medium\" src=\"https:\/\/www.vita-explorers.dk\/blog\/wp-content\/uploads\/2017\/12\/Photo-de-groupe-avec-la-volontaire-GlobAlong-min-300x225.jpg\" alt=\"Volontaire en mission \u00e0 l'\u00e9tranger\" width=\"300\" height=\"225\" srcset=\"https:\/\/www.vita-explorers.dk\/blog\/wp-content\/uploads\/2017\/12\/Photo-de-groupe-avec-la-volontaire-GlobAlong-min-300x225.jpg 300w, https:\/\/www.vita-explorers.dk\/blog\/wp-content\/uploads\/2017\/12\/Photo-de-groupe-avec-la-volontaire-GlobAlong-min-768x576.jpg 768w, https:\/\/www.vita-explorers.dk\/blog\/wp-content\/uploads\/2017\/12\/Photo-de-groupe-avec-la-volontaire-GlobAlong-min-1024x768.jpg 1024w, https:\/\/www.vita-explorers.dk\/blog\/wp-content\/uploads\/2017\/12\/Photo-de-groupe-avec-la-volontaire-GlobAlong-min-150x113.jpg 150w, https:\/\/www.vita-explorers.dk\/blog\/wp-content\/uploads\/2017\/12\/Photo-de-groupe-avec-la-volontaire-GlobAlong-min.jpg 1280w\" sizes=\"(max-width: 300px) 100vw, 300px\" \/><\/p>\n<p style=\"text-align: justify;\">Det er snart 15 dage siden, jeg startede mit ophold p\u00e5 <a href=\"https:\/\/www.vita-explorers.dk\/frivilligt-arbejde\/madagaskar-frivilligt-arbejde-humanitaert-og-praktik.html\" target=\"_blank\" rel=\"noopener\">Madagaskar<\/a> med VITA. I begyndelsen var jeg meget stresset og lidt bekymret. Men jeg fandt hurtigt ud af, at jeg faktisk holder af at undervise. Jeg gjorde mit bedste for at l\u00e6re b\u00f8rnene det mest grundl\u00e6ggende fransk.<\/p>\n<blockquote><p>&#8220;Udtalekurserne er virkelig popul\u00e6re \u2013 de vil gerne l\u00e6re og er meget motiverede!&#8221;<\/p><\/blockquote>\n<p style=\"text-align: justify;\">Om morgenen arbejdede jeg med de \u00e6ldre, mellem 13 og 27 \u00e5r, og lavede grundl\u00e6ggende franskundervisning. Om eftermiddagen var jeg sammen med de sm\u00e5 med hj\u00e6lp fra l\u00e6reren Sylvie. Vi oversatte og forberedte \u00f8velserne sammen.<\/p>\n<h4><strong>Kulturm\u00f8der og undervisning<\/strong><\/h4>\n<p style=\"text-align: justify;\">Selvom der var fattigdom og usikre vilk\u00e5r, smilede b\u00f8rnene n\u00e6sten altid og var meget gener\u00f8se. Jeg kunne m\u00e6rke, at min tilstedev\u00e6relse bet\u00f8d noget for dem. VITA havde en kontaktperson p\u00e5 stedet med et overblik over aktiviteter i omr\u00e5det. Det gjorde det lettere at planl\u00e6gge og udvikle mine aktiviteter.<\/p>\n<blockquote><p>&#8220;Langt de fleste deltagere var virkelig s\u00f8de \u2013 bortset fra m\u00e5ske vores britiske naboer, som var lidt h\u00f8jlydte\u2026!&#8221;<\/p><\/blockquote>\n<p style=\"text-align: justify;\">Jeg gav ogs\u00e5 individuel st\u00f8tte om aftenen. Det var ikke formel undervisning, men samtaler om vores liv og hverdag. Det styrkede min relation til b\u00f8rnene og hjalp mig til bedre at forst\u00e5 deres individuelle behov.<\/p>\n<h4><strong>L\u00e6ring og personlig udvikling<\/strong><\/h4>\n<p style=\"text-align: justify;\">Forl\u00f8bet l\u00e6rte mig, at sm\u00e5 handlinger kan g\u00f8re en stor forskel i b\u00f8rnenes liv. At arbejde under sv\u00e6re rammer l\u00e6rte mig t\u00e5lmodighed, empati og fleksibilitet. Derudover blev jeg bedre til at v\u00e6rds\u00e6tte kulturelle forskelle og til at forst\u00e5 hverdagen i de lokalsamfund, jeg m\u00f8dte.<\/p>\n<blockquote><p>&#8220;En stor tak ogs\u00e5 til den ansvarlige p\u00e5 stedet \u2013 uden hende og hendes familie havde jeg nok ikke f\u00f8lt mig s\u00e5 godt integreret, guidet og taget imod.&#8221;<\/p><\/blockquote>\n<p style=\"text-align: justify;\">Oplevelsen gjorde mig mere robust og mindede mig om at s\u00e6tte pris p\u00e5 de sm\u00e5 ting. Den daglige kontakt med b\u00f8rn og familier gav mig et s\u00e6rligt indblik i menneskelig varme og betydningen af solidaritet.<\/p>\n<p style=\"text-align: justify;\">VITA var en stabil st\u00f8tte gennem hele mit <strong>internationale forl\u00f8b<\/strong>. Det gjorde oplevelsen endnu rigere og gav mig en dybere forst\u00e5else af den malagassiske kultur.<\/p>\n<\/section>\n<\/section>\n<section id=\"mongolie\">\n<h2>6. Internationalt forl\u00f8b i Mongoliet \u2013 Octanse, Nolwenn &#038; Lucie<\/h2>\n<section id=\"mission-mongolie\">\n<h3><strong>6.1 Internationalt forl\u00f8b i Mongoliet<\/strong><\/h3>\n<p><img loading=\"lazy\" decoding=\"async\" class=\"aligncenter wp-image-10174 size-medium\" src=\"https:\/\/www.vita-explorers.dk\/blog\/wp-content\/uploads\/2018\/06\/Programme-de-be\u0301ne\u0301volat-en-Mongolie-GlobAlong-min-300x225.jpg\" alt=\"Volontariat en Mongolie\" width=\"300\" height=\"225\" srcset=\"https:\/\/www.vita-explorers.dk\/blog\/wp-content\/uploads\/2018\/06\/Programme-de-be\u0301ne\u0301volat-en-Mongolie-GlobAlong-min-300x225.jpg 300w, https:\/\/www.vita-explorers.dk\/blog\/wp-content\/uploads\/2018\/06\/Programme-de-be\u0301ne\u0301volat-en-Mongolie-GlobAlong-min-768x576.jpg 768w, https:\/\/www.vita-explorers.dk\/blog\/wp-content\/uploads\/2018\/06\/Programme-de-be\u0301ne\u0301volat-en-Mongolie-GlobAlong-min-150x113.jpg 150w, https:\/\/www.vita-explorers.dk\/blog\/wp-content\/uploads\/2018\/06\/Programme-de-be\u0301ne\u0301volat-en-Mongolie-GlobAlong-min.jpg 960w\" sizes=\"(max-width: 300px) 100vw, 300px\" \/><\/p>\n<p style=\"text-align: justify;\">Vi hedder Nolwenn, Octanse og Lucie. Vi deltog sammen i et <strong>internationalt forl\u00f8b<\/strong> i <a href=\"https:\/\/www.vita-explorers.dk\/frivilligt-arbejde\/mongoliet-frivilligt-arbejde-internationalt.html\" target=\"_blank\" rel=\"noopener\">Mongoliet<\/a> med VITA. Her er vores oplevelse:<\/p>\n<blockquote><p>&#8220;En virkelig smuk rejse fyldt med f\u00f8lelser og minder. B\u00f8rn, der var im\u00f8dekommende og smilende trods en sv\u00e6r hverdag. Vi kom hjem klogere og med lyst til at forts\u00e6tte i den retning.&#8221;<\/p><\/blockquote>\n<p style=\"text-align: justify;\">Som studerende fik vi mulighed for at deltage i et <strong>internationalt forl\u00f8b<\/strong> i Mongoliet. Vores hovedopgaver var at undervise de st\u00f8rre b\u00f8rn i engelsk, g\u00f8re rent i lejren, lege med b\u00f8rnene p\u00e5 2 til 6 \u00e5r og hj\u00e6lpe med madlavning til deltagernes m\u00e5ltider.<\/p>\n<h4><strong>Organisering og aktiviteter<\/strong><\/h4>\n<p style=\"text-align: justify;\">Dagene var fyldte. Om morgenen havde vi aktiviteter i mindre grupper. Om eftermiddagen var der fritidsaktiviteter som g\u00e5ture i naturen og maling. Om aftenen legede vi med b\u00f8rnene og deltog i f\u00e6lles aktiviteter, der styrkede relationerne.<\/p>\n<p>En af de mest mindev\u00e6rdige dele var olympiaden. Alle b\u00f8rn og deltagere var med i en venskabelig konkurrence, som sluttede med en lille afskedsfest.<\/p>\n<h4><strong>Udbytte og l\u00e6ring<\/strong><\/h4>\n<p style=\"text-align: justify;\">Forl\u00f8bet gjorde det muligt for os at bidrage konkret til b\u00f8rnenes hverdag i lejren. Samtidig l\u00e6rte vi om mongolsk kultur og udviklede kompetencer i projektarbejde og samarbejde. Den t\u00e6tte kontakt med b\u00f8rnene l\u00e6rte os betydningen af t\u00e5lmodighed, kreativitet og stabilt engagement.<\/p>\n<p style=\"text-align: justify;\">Kort sagt var vores <strong>internationale forl\u00f8b<\/strong> i Mongoliet en oplevelse, der gav rigtig meget. Det efterlod os med lyst til at forts\u00e6tte med at l\u00e6re og bidrage p\u00e5 fremtidige ophold. Vi vil gerne opfordre andre unge til at tage med VITA for at f\u00e5 en lignende oplevelse med b\u00e5de l\u00e6ring og personlig udvikling.<\/p>\n<\/section>\n<\/section>\n<section id=\"nepal\">\n<h2>7. Internationalt forl\u00f8b i Nepal<\/h2>\n<section id=\"mission-nepal\">\n<h3>7.1 Pierre-Yves \u2013 deltager i Nepal<\/h3>\n<p><img loading=\"lazy\" decoding=\"async\" class=\"aligncenter wp-image-8908 size-full\" src=\"https:\/\/www.vita-explorers.dk\/blog\/wp-content\/uploads\/2016\/01\/Projet-de-be\u0301ne\u0301volat-au-Ghana-3.png\" alt=\"Volontaire fran\u00e7ais en mission au N\u00e9pal\" width=\"200\" height=\"200\" srcset=\"https:\/\/www.vita-explorers.dk\/blog\/wp-content\/uploads\/2016\/01\/Projet-de-be\u0301ne\u0301volat-au-Ghana-3.png 200w, https:\/\/www.vita-explorers.dk\/blog\/wp-content\/uploads\/2016\/01\/Projet-de-be\u0301ne\u0301volat-au-Ghana-3-150x150.png 150w\" sizes=\"(max-width: 200px) 100vw, 200px\" \/><\/p>\n<p style=\"text-align: justify;\">Jeg rejste til <a href=\"https:\/\/www.vita-explorers.dk\/frivilligt-arbejde\/frivilligt-arbejde-i-nepal.html\" target=\"_blank\" rel=\"noopener\">Nepal<\/a> med VITA for at undervise buddhistiske munke i engelsk. Jeg havde bes\u00f8gt Nepal for mere end 10 \u00e5r siden og \u00f8nskede at vende tilbage \u2013 b\u00e5de af nysgerrighed og for at f\u00e5 et ophold med mening.<\/p>\n<blockquote><p>&#8220;Jeg forstod de kulturelle forskelle og hvorfor de er der. Det er vigtigt at respektere lokale normer og stille sp\u00f8rgsm\u00e5l.&#8221;<\/p><\/blockquote>\n<p style=\"text-align: justify;\">Dagene i mit <strong>internationale forl\u00f8b<\/strong> var godt strukturerede. Om formiddagen underviste vi i engelsk. Om eftermiddagen var der kulturelle aktiviteter og tid til egne oplevelser. Jeg arbejdede med en gruppe p\u00e5 25 unge munke, hvor jeg underviste dem \u2013 og samtidig l\u00e6rte af dem.<\/p>\n<h4><strong>Kulturelle oplevelser og personligt udbytte<\/strong><\/h4>\n<p style=\"text-align: justify;\">En af de mest s\u00e6rlige oplevelser var at deltage i deres m\u00e5ltidsritual. Jeg s\u00e5, hvordan munkene bad og serverede maden i stilhed. Senere fik vi en astronomilektion i skumringen. Det gav mig en t\u00e6ttere forbindelse til kulturen og en st\u00f8rre forst\u00e5else for deres traditioner.<\/p>\n<blockquote><p>&#8220;Det her var en meget berigende oplevelse. Jeg l\u00e6rte meget om en anden kultur og om de udfordringer, landet st\u00e5r med. At se s\u00e5 meget fattigdom gav mig stof til eftertanke og fik mig til at f\u00f8le mig heldig.&#8221;<\/p><\/blockquote>\n<p style=\"text-align: justify;\">Jeg fik ogs\u00e5 mulighed for at bes\u00f8ge kendte steder i Kathmandu, som templet Patshupatina og omr\u00e5det Patan. Turene gav os et bedre kendskab til landet og dets s\u00e6rlige steder \u2013 og styrkede min forbindelse til nepalesisk kultur.<\/p>\n<h4><strong>L\u00e6ring og anbefalinger<\/strong><\/h4>\n<p style=\"text-align: justify;\">Forl\u00f8bet l\u00e6rte mig vigtigheden af t\u00e5lmodighed, empati og interkulturel respekt. Jeg blev bedre til at h\u00e5ndtere kulturelle forskelle og til at kommunikere med munkene, ogs\u00e5 n\u00e5r sproget var en barriere.<\/p>\n<blockquote><p>&#8220;Jeg anbefaler varmt VITA for deres seri\u00f8sitet og st\u00f8tte i forberedelsen.&#8221;<\/p><\/blockquote>\n<p style=\"text-align: justify;\">VITA var en stabil st\u00f8tte gennem hele opholdet. Det gav et <strong>internationalt forl\u00f8b<\/strong>, der f\u00f8ltes b\u00e5de trygt og udbytterigt. Det er en af de mest meningsfulde oplevelser, jeg har haft, og jeg har lyst til at deltage i flere internationale projekter fremover.<\/p>\n<\/section>\n<\/section>\n<section id=\"conclusion\">\n<h2>8. Konklusion p\u00e5 oplevelser fra deltagere<\/h2>\n<p style=\"text-align: justify;\">Oplevelser fra VITA Explorers viser, hvilken forskel <strong>internationale forl\u00f8b<\/strong> kan g\u00f8re \u2013 b\u00e5de for deltagerne selv og i de sammenh\u00e6nge, de indg\u00e5r i. Hvert <strong>internationalt forl\u00f8b<\/strong>, uanset om det er i Sydafrika, Indien, Cambodja, Costa Rica, Madagaskar, Mongoliet eller Nepal, giver en mulighed for personlig udvikling, nye kompetencer og et ansvarligt bidrag til sociale og milj\u00f8m\u00e6ssige indsatser.<\/p>\n<p>At deltage i et <strong>internationalt forl\u00f8b<\/strong> med VITA kan styrke kompetencer som lederskab, projektforst\u00e5else og interkulturel kommunikation. Samtidig kan det \u00f8ge den sociale og milj\u00f8m\u00e6ssige bevidsthed, som mange tager med sig videre i livet. De relationer og venskaber, der opst\u00e5r undervejs, kan skabe et netv\u00e6rk p\u00e5 tv\u00e6rs af lande \u2013 med mennesker, der \u00f8nsker at g\u00f8re en positiv forskel.<\/p>\n<p style=\"text-align: justify;\">Det er vigtigt at v\u00e6re godt forberedt og f\u00f8lge VITAs praktiske anbefalinger. Det bidrager til et trygt og vellykket <strong>ophold<\/strong>. Fra at v\u00e6lge det rette forl\u00f8b til at falde til i nye kulturer og rammer tilbyder VITA den st\u00f8tte, der g\u00f8r, at du kan f\u00e5 mest muligt ud af dit <strong>forl\u00f8b<\/strong>.<\/p>\n<blockquote><p>&#8220;Jeg anbefaler VITA, fordi alt var virkelig godt organiseret \u2013 s\u00e5 der var ingen ubehagelige overraskelser ved ankomsten.&#8221;<\/p><\/blockquote>\n<p style=\"text-align: justify;\">Hvis du overvejer et <strong>internationalt forl\u00f8b<\/strong>, kan VITA v\u00e6re en solid sparringspartner hele vejen. Du f\u00e5r en oplevelse med b\u00e5de l\u00e6ring og perspektiv \u2013 og muligheden for at bidrage p\u00e5 en ansvarlig m\u00e5de.<\/p>\n<p><a class=\"cta-button\" href=\"https:\/\/www.vita-explorers.dk\/#tel-contact-form-glob\" target=\"_blank\" rel=\"noopener\">Start dit internationale forl\u00f8b nu<\/a><\/p>\n<\/section>\n<section id=\"faq\">\n<h2>9. FAQ om oplevelser fra deltagere<\/h2>\n<div class=\"faq-section\">\n<div class=\"question\">\n<h3><strong>Hvad f\u00e5r man ud af at deltage i et internationalt forl\u00f8b med VITA Institute?<\/strong><\/h3>\n<p style=\"text-align: justify;\">At deltage i et <strong>internationalt forl\u00f8b<\/strong> med VITA kan styrke b\u00e5de personlige og faglige kompetencer. Du oplever nye kulturer, opbygger internationale relationer og bidrager til sociale og milj\u00f8m\u00e6ssige indsatser.<\/p>\n<\/div>\n<div class=\"question\">\n<h3><strong>Hvordan arbejder VITA med tryghed og sikkerhed for deltagere?<\/strong><\/h3>\n<p style=\"text-align: justify;\">VITA arbejder med tydelige sikkerhedsrammer. Det omfatter forberedelse f\u00f8r afrejse, professionel st\u00f8tte under opholdet og l\u00f8bende hj\u00e6lp ved behov. Hvert forl\u00f8b vurderes for at sikre ansvarlige rammer og et trygt ophold.<\/p>\n<\/div>\n<div class=\"question\">\n<h3><strong>Hvilke typer internationale forl\u00f8b findes gennem VITA?<\/strong><\/h3>\n<p style=\"text-align: justify;\">VITA tilbyder forskellige internationale forl\u00f8b. Det kan fx v\u00e6re dyreprojekter i Sydafrika, undervisningsforl\u00f8b i Indien og Cambodja, \u00f8ko-forl\u00f8b i Island, sprogophold i Storbritannien og sociale forl\u00f8b i Irland.<\/p>\n<\/div>\n<div class=\"question\">\n<h3><strong>Hvilke alderskrav g\u00e6lder for at deltage i forl\u00f8b?<\/strong><\/h3>\n<p style=\"text-align: justify;\">Forl\u00f8bene er typisk \u00e5bne for deltagere i forskellige aldre, afh\u00e6ngigt af de specifikke krav og rammer for det enkelte projekt.<\/p>\n<\/div>\n<div class=\"question\">\n<h3><strong>Hvordan tilmelder man sig et internationalt forl\u00f8b?<\/strong><\/h3>\n<p style=\"text-align: justify;\">For at tilmelde dig et <strong>internationalt forl\u00f8b<\/strong> kan du bes\u00f8ge VITAs hjemmeside, v\u00e6lge det \u00f8nskede forl\u00f8b, udfylde online tilmelding og indsende de n\u00f8dvendige oplysninger. Det anbefales at tilmelde sig i god tid, da der ofte er et begr\u00e6nset antal pladser.<\/p>\n<footer>\n<footer>\n<ul>\n<li>\n<p style=\"text-align: center;\"><strong><a href=\"https:\/\/www.instagram.com\/globalongofficiel\/\"><span class=\"s2\"><b>Instagram<\/b><\/span><\/a><b>,\u00a0<\/b><a href=\"https:\/\/www.tiktok.com\/@globalong\"><span class=\"s2\"><b>TikTok<\/b><\/span><\/a><b>,\u00a0<\/b><a href=\"https:\/\/www.facebook.com\/globalong\"><span class=\"s2\"><b>Facebook<\/b><\/span><\/a><b>,\u00a0<\/b><a href=\"https:\/\/www.linkedin.com\/company\/5113177\/admin\/feed\/posts\/\"><span class=\"s2\"><b>LinkedIn<\/b><\/span><\/a><b>\u00a0og\u00a0<\/b><a href=\"https:\/\/www.youtube.com\/c\/globalong\/videos\"><span class=\"s2\"><b>Youtube<\/b><\/span><\/a><b>\u00a0!\u00a0<\/b><\/strong><\/p>\n<\/li>\n<\/ul>\n<\/footer>\n<\/footer>\n<\/div>\n<\/div>\n<\/section>\n<\/article>\n<footer>\u00a9 2025 VITA Institute. Alle rettigheder forbeholdes.<\/footer>\n<footer><\/footer>\n<p>\u00a0<\/p>\n","protected":false},"excerpt":{"rendered":"<p>\u00a0 \u00a0 Oplevelser fra VITA Explorers Internationale forl\u00f8b Introduktion til internationale forl\u00f8b 1. Internationalt forl\u00f8b i Sydafrika \u2013 L\u00e9o 2. Internationalt forl\u00f8b i Indien\u2026<\/p>\n","protected":false},"author":7,"featured_media":19272,"comment_status":"open","ping_status":"open","sticky":false,"template":"","format":"standard","meta":{"footnotes":""},"categories":[6,4],"tags":[],"yoast_head":"<!-- This site is optimized with the Yoast SEO Premium plugin v23.4 (Yoast SEO v23.4) - https:\/\/yoast.com\/wordpress\/plugins\/seo\/ -->\n<title>Oplevelser fra VITA Explorers i Afrika, Asien og Sydamerika - VITA Explorers Blog<\/title>\n<meta name=\"description\" content=\"Explorez les t\u00e9moignages de jeunes volontaires en Afrique du Sud, en Inde, au Cambodge, au Costa Rica, \u00e0 Madagascar, en Mongolie et au N\u00e9pal.\" \/>\n<meta name=\"robots\" content=\"index, follow, max-snippet:-1, max-image-preview:large, max-video-preview:-1\" \/>\n<link rel=\"canonical\" href=\"https:\/\/www.vita-explorers.dk\/blog\/vita-explorers-oplevelser\/\" \/>\n<meta property=\"og:locale\" content=\"da_DK\" \/>\n<meta property=\"og:type\" content=\"article\" \/>\n<meta property=\"og:title\" content=\"Erfaringer fra VITA Explorers\" \/>\n<meta property=\"og:description\" content=\"Explorez les t\u00e9moignages de jeunes volontaires en Afrique du Sud, en Inde, au Cambodge, au Costa Rica, \u00e0 Madagascar, en Mongolie et au N\u00e9pal.\" \/>\n<meta property=\"og:url\" content=\"https:\/\/www.vita-explorers.dk\/blog\/vita-explorers-oplevelser\/\" \/>\n<meta property=\"og:site_name\" content=\"VITA Explorers Blog\" \/>\n<meta property=\"article:publisher\" content=\"https:\/\/www.facebook.com\/globalong\" \/>\n<meta property=\"article:published_time\" content=\"2025-01-28T03:11:43+00:00\" \/>\n<meta property=\"article:modified_time\" content=\"2025-04-22T04:09:22+00:00\" \/>\n<meta property=\"og:image\" content=\"https:\/\/www.vita-explorers.dk\/blog\/wp-content\/uploads\/2024\/11\/23995131914_767006038c.jpg\" \/>\n\t<meta property=\"og:image:width\" content=\"500\" \/>\n\t<meta property=\"og:image:height\" content=\"333\" \/>\n\t<meta property=\"og:image:type\" content=\"image\/jpeg\" \/>\n<meta name=\"author\" content=\"VITA Tribe\" \/>\n<meta name=\"twitter:card\" content=\"summary_large_image\" \/>\n<meta name=\"twitter:label1\" content=\"Skrevet af\" \/>\n\t<meta name=\"twitter:data1\" content=\"VITA Tribe\" \/>\n\t<meta name=\"twitter:label2\" content=\"Estimeret l\u00e6setid\" \/>\n\t<meta name=\"twitter:data2\" content=\"17 minutter\" \/>\n<script type=\"application\/ld+json\" class=\"yoast-schema-graph\">{\"@context\":\"https:\/\/schema.org\",\"@graph\":[{\"@type\":\"Article\",\"@id\":\"https:\/\/www.vita-explorers.dk\/blog\/vita-explorers-oplevelser\/#article\",\"isPartOf\":{\"@id\":\"https:\/\/www.vita-explorers.dk\/blog\/vita-explorers-oplevelser\/\"},\"author\":{\"name\":\"VITA Tribe\",\"@id\":\"https:\/\/www.vita-explorers.dk\/blog\/#\/schema\/person\/fc0343a2f2db2ebb2793c1f62dbe73f0\"},\"headline\":\"Erfaringer fra VITA Explorers\",\"datePublished\":\"2025-01-28T03:11:43+00:00\",\"dateModified\":\"2025-04-22T04:09:22+00:00\",\"mainEntityOfPage\":{\"@id\":\"https:\/\/www.vita-explorers.dk\/blog\/vita-explorers-oplevelser\/\"},\"wordCount\":3236,\"commentCount\":0,\"publisher\":{\"@id\":\"https:\/\/www.vita-explorers.dk\/blog\/#organization\"},\"image\":{\"@id\":\"https:\/\/www.vita-explorers.dk\/blog\/vita-explorers-oplevelser\/#primaryimage\"},\"thumbnailUrl\":\"https:\/\/www.vita-explorers.dk\/blog\/wp-content\/uploads\/2024\/11\/23995131914_767006038c.jpg\",\"articleSection\":[\"Nyheder\",\"VITA Explorers\"],\"inLanguage\":\"da-DK\",\"potentialAction\":[{\"@type\":\"CommentAction\",\"name\":\"Comment\",\"target\":[\"https:\/\/www.vita-explorers.dk\/blog\/vita-explorers-oplevelser\/#respond\"]}]},{\"@type\":\"WebPage\",\"@id\":\"https:\/\/www.vita-explorers.dk\/blog\/vita-explorers-oplevelser\/\",\"url\":\"https:\/\/www.vita-explorers.dk\/blog\/vita-explorers-oplevelser\/\",\"name\":\"Oplevelser fra VITA Explorers i Afrika, Asien og Sydamerika - VITA Explorers Blog\",\"isPartOf\":{\"@id\":\"https:\/\/www.vita-explorers.dk\/blog\/#website\"},\"primaryImageOfPage\":{\"@id\":\"https:\/\/www.vita-explorers.dk\/blog\/vita-explorers-oplevelser\/#primaryimage\"},\"image\":{\"@id\":\"https:\/\/www.vita-explorers.dk\/blog\/vita-explorers-oplevelser\/#primaryimage\"},\"thumbnailUrl\":\"https:\/\/www.vita-explorers.dk\/blog\/wp-content\/uploads\/2024\/11\/23995131914_767006038c.jpg\",\"datePublished\":\"2025-01-28T03:11:43+00:00\",\"dateModified\":\"2025-04-22T04:09:22+00:00\",\"description\":\"Explorez les t\u00e9moignages de jeunes volontaires en Afrique du Sud, en Inde, au Cambodge, au Costa Rica, \u00e0 Madagascar, en Mongolie et au N\u00e9pal.\",\"breadcrumb\":{\"@id\":\"https:\/\/www.vita-explorers.dk\/blog\/vita-explorers-oplevelser\/#breadcrumb\"},\"inLanguage\":\"da-DK\",\"potentialAction\":[{\"@type\":\"ReadAction\",\"target\":[\"https:\/\/www.vita-explorers.dk\/blog\/vita-explorers-oplevelser\/\"]}]},{\"@type\":\"ImageObject\",\"inLanguage\":\"da-DK\",\"@id\":\"https:\/\/www.vita-explorers.dk\/blog\/vita-explorers-oplevelser\/#primaryimage\",\"url\":\"https:\/\/www.vita-explorers.dk\/blog\/wp-content\/uploads\/2024\/11\/23995131914_767006038c.jpg\",\"contentUrl\":\"https:\/\/www.vita-explorers.dk\/blog\/wp-content\/uploads\/2024\/11\/23995131914_767006038c.jpg\",\"width\":500,\"height\":333,\"caption\":\"Volontariat dans les parcs nationaux am\u00e9ricain\"},{\"@type\":\"BreadcrumbList\",\"@id\":\"https:\/\/www.vita-explorers.dk\/blog\/vita-explorers-oplevelser\/#breadcrumb\",\"itemListElement\":[{\"@type\":\"ListItem\",\"position\":1,\"name\":\"Accueil\",\"item\":\"https:\/\/www.vita-explorers.dk\/blog\/\"},{\"@type\":\"ListItem\",\"position\":2,\"name\":\"Erfaringer fra VITA Explorers\"}]},{\"@type\":\"WebSite\",\"@id\":\"https:\/\/www.vita-explorers.dk\/blog\/#website\",\"url\":\"https:\/\/www.vita-explorers.dk\/blog\/\",\"name\":\"Association Globalong\",\"description\":\"Frivilligt arbejde, sprogophold, praktik i udlandet og internationale oplevelser\",\"publisher\":{\"@id\":\"https:\/\/www.vita-explorers.dk\/blog\/#organization\"},\"potentialAction\":[{\"@type\":\"SearchAction\",\"target\":{\"@type\":\"EntryPoint\",\"urlTemplate\":\"https:\/\/www.vita-explorers.dk\/blog\/?s={search_term_string}\"},\"query-input\":{\"@type\":\"PropertyValueSpecification\",\"valueRequired\":true,\"valueName\":\"search_term_string\"}}],\"inLanguage\":\"da-DK\"},{\"@type\":\"Organization\",\"@id\":\"https:\/\/www.vita-explorers.dk\/blog\/#organization\",\"name\":\"Association Globalong\",\"url\":\"https:\/\/www.vita-explorers.dk\/blog\/\",\"logo\":{\"@type\":\"ImageObject\",\"inLanguage\":\"da-DK\",\"@id\":\"https:\/\/www.vita-explorers.dk\/blog\/#\/schema\/logo\/image\/\",\"url\":\"https:\/\/www.globalong.com\/blog\/wp-content\/uploads\/2014\/11\/cropped-cropped-Logo-et-Afrique-Globalong-petite-taille-2.jpg\",\"contentUrl\":\"https:\/\/www.globalong.com\/blog\/wp-content\/uploads\/2014\/11\/cropped-cropped-Logo-et-Afrique-Globalong-petite-taille-2.jpg\",\"width\":512,\"height\":512,\"caption\":\"Association Globalong\"},\"image\":{\"@id\":\"https:\/\/www.vita-explorers.dk\/blog\/#\/schema\/logo\/image\/\"},\"sameAs\":[\"https:\/\/www.facebook.com\/globalong\"]},{\"@type\":\"Person\",\"@id\":\"https:\/\/www.vita-explorers.dk\/blog\/#\/schema\/person\/fc0343a2f2db2ebb2793c1f62dbe73f0\",\"name\":\"VITA Tribe\",\"image\":{\"@type\":\"ImageObject\",\"inLanguage\":\"da-DK\",\"@id\":\"https:\/\/www.vita-explorers.dk\/blog\/#\/schema\/person\/image\/\",\"url\":\"https:\/\/secure.gravatar.com\/avatar\/f7f05026bb439d0c96b30e135e5f852c?s=96&d=mm&r=g\",\"contentUrl\":\"https:\/\/secure.gravatar.com\/avatar\/f7f05026bb439d0c96b30e135e5f852c?s=96&d=mm&r=g\",\"caption\":\"VITA Tribe\"},\"sameAs\":[\"http:\/\/www.globalong.com\"],\"url\":\"https:\/\/www.vita-explorers.dk\/blog\/author\/teamglobalong\/\"}]}<\/script>\n<!-- \/ Yoast SEO Premium plugin. -->","yoast_head_json":{"title":"Oplevelser fra VITA Explorers i Afrika, Asien og Sydamerika - VITA Explorers Blog","description":"Explorez les t\u00e9moignages de jeunes volontaires en Afrique du Sud, en Inde, au Cambodge, au Costa Rica, \u00e0 Madagascar, en Mongolie et au N\u00e9pal.","robots":{"index":"index","follow":"follow","max-snippet":"max-snippet:-1","max-image-preview":"max-image-preview:large","max-video-preview":"max-video-preview:-1"},"canonical":"https:\/\/www.vita-explorers.dk\/blog\/vita-explorers-oplevelser\/","og_locale":"da_DK","og_type":"article","og_title":"Erfaringer fra VITA Explorers","og_description":"Explorez les t\u00e9moignages de jeunes volontaires en Afrique du Sud, en Inde, au Cambodge, au Costa Rica, \u00e0 Madagascar, en Mongolie et au N\u00e9pal.","og_url":"https:\/\/www.vita-explorers.dk\/blog\/vita-explorers-oplevelser\/","og_site_name":"VITA Explorers Blog","article_publisher":"https:\/\/www.facebook.com\/globalong","article_published_time":"2025-01-28T03:11:43+00:00","article_modified_time":"2025-04-22T04:09:22+00:00","og_image":[{"width":500,"height":333,"url":"https:\/\/www.vita-explorers.dk\/blog\/wp-content\/uploads\/2024\/11\/23995131914_767006038c.jpg","type":"image\/jpeg"}],"author":"VITA Tribe","twitter_card":"summary_large_image","twitter_misc":{"Skrevet af":"VITA Tribe","Estimeret l\u00e6setid":"17 minutter"},"schema":{"@context":"https:\/\/schema.org","@graph":[{"@type":"Article","@id":"https:\/\/www.vita-explorers.dk\/blog\/vita-explorers-oplevelser\/#article","isPartOf":{"@id":"https:\/\/www.vita-explorers.dk\/blog\/vita-explorers-oplevelser\/"},"author":{"name":"VITA Tribe","@id":"https:\/\/www.vita-explorers.dk\/blog\/#\/schema\/person\/fc0343a2f2db2ebb2793c1f62dbe73f0"},"headline":"Erfaringer fra VITA Explorers","datePublished":"2025-01-28T03:11:43+00:00","dateModified":"2025-04-22T04:09:22+00:00","mainEntityOfPage":{"@id":"https:\/\/www.vita-explorers.dk\/blog\/vita-explorers-oplevelser\/"},"wordCount":3236,"commentCount":0,"publisher":{"@id":"https:\/\/www.vita-explorers.dk\/blog\/#organization"},"image":{"@id":"https:\/\/www.vita-explorers.dk\/blog\/vita-explorers-oplevelser\/#primaryimage"},"thumbnailUrl":"https:\/\/www.vita-explorers.dk\/blog\/wp-content\/uploads\/2024\/11\/23995131914_767006038c.jpg","articleSection":["Nyheder","VITA Explorers"],"inLanguage":"da-DK","potentialAction":[{"@type":"CommentAction","name":"Comment","target":["https:\/\/www.vita-explorers.dk\/blog\/vita-explorers-oplevelser\/#respond"]}]},{"@type":"WebPage","@id":"https:\/\/www.vita-explorers.dk\/blog\/vita-explorers-oplevelser\/","url":"https:\/\/www.vita-explorers.dk\/blog\/vita-explorers-oplevelser\/","name":"Oplevelser fra VITA Explorers i Afrika, Asien og Sydamerika - VITA Explorers Blog","isPartOf":{"@id":"https:\/\/www.vita-explorers.dk\/blog\/#website"},"primaryImageOfPage":{"@id":"https:\/\/www.vita-explorers.dk\/blog\/vita-explorers-oplevelser\/#primaryimage"},"image":{"@id":"https:\/\/www.vita-explorers.dk\/blog\/vita-explorers-oplevelser\/#primaryimage"},"thumbnailUrl":"https:\/\/www.vita-explorers.dk\/blog\/wp-content\/uploads\/2024\/11\/23995131914_767006038c.jpg","datePublished":"2025-01-28T03:11:43+00:00","dateModified":"2025-04-22T04:09:22+00:00","description":"Explorez les t\u00e9moignages de jeunes volontaires en Afrique du Sud, en Inde, au Cambodge, au Costa Rica, \u00e0 Madagascar, en Mongolie et au N\u00e9pal.","breadcrumb":{"@id":"https:\/\/www.vita-explorers.dk\/blog\/vita-explorers-oplevelser\/#breadcrumb"},"inLanguage":"da-DK","potentialAction":[{"@type":"ReadAction","target":["https:\/\/www.vita-explorers.dk\/blog\/vita-explorers-oplevelser\/"]}]},{"@type":"ImageObject","inLanguage":"da-DK","@id":"https:\/\/www.vita-explorers.dk\/blog\/vita-explorers-oplevelser\/#primaryimage","url":"https:\/\/www.vita-explorers.dk\/blog\/wp-content\/uploads\/2024\/11\/23995131914_767006038c.jpg","contentUrl":"https:\/\/www.vita-explorers.dk\/blog\/wp-content\/uploads\/2024\/11\/23995131914_767006038c.jpg","width":500,"height":333,"caption":"Volontariat dans les parcs nationaux am\u00e9ricain"},{"@type":"BreadcrumbList","@id":"https:\/\/www.vita-explorers.dk\/blog\/vita-explorers-oplevelser\/#breadcrumb","itemListElement":[{"@type":"ListItem","position":1,"name":"Accueil","item":"https:\/\/www.vita-explorers.dk\/blog\/"},{"@type":"ListItem","position":2,"name":"Erfaringer fra VITA Explorers"}]},{"@type":"WebSite","@id":"https:\/\/www.vita-explorers.dk\/blog\/#website","url":"https:\/\/www.vita-explorers.dk\/blog\/","name":"Association Globalong","description":"Frivilligt arbejde, sprogophold, praktik i udlandet og internationale oplevelser","publisher":{"@id":"https:\/\/www.vita-explorers.dk\/blog\/#organization"},"potentialAction":[{"@type":"SearchAction","target":{"@type":"EntryPoint","urlTemplate":"https:\/\/www.vita-explorers.dk\/blog\/?s={search_term_string}"},"query-input":{"@type":"PropertyValueSpecification","valueRequired":true,"valueName":"search_term_string"}}],"inLanguage":"da-DK"},{"@type":"Organization","@id":"https:\/\/www.vita-explorers.dk\/blog\/#organization","name":"Association Globalong","url":"https:\/\/www.vita-explorers.dk\/blog\/","logo":{"@type":"ImageObject","inLanguage":"da-DK","@id":"https:\/\/www.vita-explorers.dk\/blog\/#\/schema\/logo\/image\/","url":"https:\/\/www.globalong.com\/blog\/wp-content\/uploads\/2014\/11\/cropped-cropped-Logo-et-Afrique-Globalong-petite-taille-2.jpg","contentUrl":"https:\/\/www.globalong.com\/blog\/wp-content\/uploads\/2014\/11\/cropped-cropped-Logo-et-Afrique-Globalong-petite-taille-2.jpg","width":512,"height":512,"caption":"Association Globalong"},"image":{"@id":"https:\/\/www.vita-explorers.dk\/blog\/#\/schema\/logo\/image\/"},"sameAs":["https:\/\/www.facebook.com\/globalong"]},{"@type":"Person","@id":"https:\/\/www.vita-explorers.dk\/blog\/#\/schema\/person\/fc0343a2f2db2ebb2793c1f62dbe73f0","name":"VITA Tribe","image":{"@type":"ImageObject","inLanguage":"da-DK","@id":"https:\/\/www.vita-explorers.dk\/blog\/#\/schema\/person\/image\/","url":"https:\/\/secure.gravatar.com\/avatar\/f7f05026bb439d0c96b30e135e5f852c?s=96&d=mm&r=g","contentUrl":"https:\/\/secure.gravatar.com\/avatar\/f7f05026bb439d0c96b30e135e5f852c?s=96&d=mm&r=g","caption":"VITA Tribe"},"sameAs":["http:\/\/www.globalong.com"],"url":"https:\/\/www.vita-explorers.dk\/blog\/author\/teamglobalong\/"}]}},"_links":{"self":[{"href":"https:\/\/www.vita-explorers.dk\/blog\/wp-json\/wp\/v2\/posts\/20060"}],"collection":[{"href":"https:\/\/www.vita-explorers.dk\/blog\/wp-json\/wp\/v2\/posts"}],"about":[{"href":"https:\/\/www.vita-explorers.dk\/blog\/wp-json\/wp\/v2\/types\/post"}],"author":[{"embeddable":true,"href":"https:\/\/www.vita-explorers.dk\/blog\/wp-json\/wp\/v2\/users\/7"}],"replies":[{"embeddable":true,"href":"https:\/\/www.vita-explorers.dk\/blog\/wp-json\/wp\/v2\/comments?post=20060"}],"version-history":[{"count":7,"href":"https:\/\/www.vita-explorers.dk\/blog\/wp-json\/wp\/v2\/posts\/20060\/revisions"}],"predecessor-version":[{"id":21097,"href":"https:\/\/www.vita-explorers.dk\/blog\/wp-json\/wp\/v2\/posts\/20060\/revisions\/21097"}],"wp:featuredmedia":[{"embeddable":true,"href":"https:\/\/www.vita-explorers.dk\/blog\/wp-json\/wp\/v2\/media\/19272"}],"wp:attachment":[{"href":"https:\/\/www.vita-explorers.dk\/blog\/wp-json\/wp\/v2\/media?parent=20060"}],"wp:term":[{"taxonomy":"category","embeddable":true,"href":"https:\/\/www.vita-explorers.dk\/blog\/wp-json\/wp\/v2\/categories?post=20060"},{"taxonomy":"post_tag","embeddable":true,"href":"https:\/\/www.vita-explorers.dk\/blog\/wp-json\/wp\/v2\/tags?post=20060"}],"curies":[{"name":"wp","href":"https:\/\/api.w.org\/{rel}","templated":true}]}}