{"id":20115,"date":"2025-01-26T03:44:04","date_gmt":"2025-01-26T02:44:04","guid":{"rendered":"https:\/\/www.globalong.com\/blog\/?p=20115"},"modified":"2025-11-12T16:14:23","modified_gmt":"2025-11-12T15:14:23","slug":"humanitaer-rejse-i-ecuador","status":"publish","type":"post","link":"https:\/\/www.vita-explorers.dk\/blog\/humanitaer-rejse-i-ecuador\/","title":{"rendered":"Humanit\u00e6r rejse til Ecuador"},"content":{"rendered":"<p><!-- Balise Title pour le SEO --><\/p>\n<p><!-- Meta-description (si votre th\u00e8me ou plugin SEO ne la g\u00e8re pas) --><\/p>\n<p>\u00a0<\/p>\n<p><!-- Exemple de balisage JSON-LD pour la FAQ (Rich Snippets) --><br \/>\n<script type=\"application\/ld+json\">\n  {\n    \"@context\": \"https:\/\/schema.org\",\n    \"@type\": \"FAQPage\",\n    \"mainEntity\": [\n      {\n        \"@type\": \"Question\",\n        \"name\": \"Hvilke kompetencer skal man have for at deltage i et humanit\u00e6rt forl\u00f8b i Ecuador?\",\n        \"acceptedAnswer\": {\n          \"@type\": \"Answer\",\n          \"text\": \"Der kr\u00e6ves ingen s\u00e6rlige kompetencer. Erfaring med undervisning, sundhed eller milj\u00f8 kan dog v\u00e6re en fordel. Det vigtigste er motivation, nysgerrighed og lysten til at l\u00e6re undervejs.\"\n        }\n      },\n      {\n        \"@type\": \"Question\",\n        \"name\": \"Er humanit\u00e6re rejser i Ecuador velegnede til familier?\",\n        \"acceptedAnswer\": {\n          \"@type\": \"Answer\",\n          \"text\": \"Ja. Nogle organisationer tilbyder familieforl\u00f8b med aktiviteter, der er tilpasset b\u00f8rn og unge.\"\n        }\n      },\n      {\n        \"@type\": \"Question\",\n        \"name\": \"Hvad koster en humanit\u00e6r rejse til Ecuador?\",\n        \"acceptedAnswer\": {\n          \"@type\": \"Answer\",\n          \"text\": \"Prisen afh\u00e6nger af varighed, arrang\u00f8r og region. Regn med budget til flybillet, deltagerbetaling (typisk kost og logi) samt personlige udgifter.\"\n        }\n      },\n      {\n        \"@type\": \"Question\",\n        \"name\": \"Er der en aldersgr\u00e6nse for deltagere?\",\n        \"acceptedAnswer\": {\n          \"@type\": \"Answer\",\n          \"text\": \"De fleste projekter tager imod deltagere fra 18 \u00e5r. Nogle forl\u00f8b kan ogs\u00e5 rumme unge under 18 \u00e5r, hvis de rejser med en voksen, samt seniorer.\"\n        }\n      },\n      {\n        \"@type\": \"Question\",\n        \"name\": \"Kan man forl\u00e6nge sit ophold efter et humanit\u00e6rt forl\u00f8b?\",\n        \"acceptedAnswer\": {\n          \"@type\": \"Answer\",\n          \"text\": \"Ja, du kan sagtens forts\u00e6tte med at rejse i Ecuador efter forl\u00f8bet \u2013 inden for den opholdstid dit visum eller din indrejsetilladelse giver.\"\n        }\n      },\n      {\n        \"@type\": \"Question\",\n        \"name\": \"Hvordan sikrer man, at ens indsats giver en varig effekt?\",\n        \"acceptedAnswer\": {\n          \"@type\": \"Answer\",\n          \"text\": \"V\u00e6lg en trov\u00e6rdig organisation, der inddrager lokalsamfundet i alle faser. L\u00f8bende opf\u00f8lgning og klare m\u00e5l er vigtige for, at indsatsen kan holde p\u00e5 lang sigt.\"\n        }\n      },\n      {\n        \"@type\": \"Question\",\n        \"name\": \"Hvilket niveau spansk skal man have?\",\n        \"acceptedAnswer\": {\n          \"@type\": \"Answer\",\n          \"text\": \"Et basalt niveau er ofte nok. Det vigtigste er, at du er klar p\u00e5 at blive bedre undervejs og kommunikere respektfuldt.\"\n        }\n      },\n      {\n        \"@type\": \"Question\",\n        \"name\": \"Er indkvarteringen meget enkel?\",\n        \"acceptedAnswer\": {\n          \"@type\": \"Answer\",\n          \"text\": \"Det afh\u00e6nger af projektet og omr\u00e5det. Nogle bor privat, andre p\u00e5 hostel eller i f\u00e6lles indkvartering. I Amazonas og p\u00e5 landet kan rammerne v\u00e6re mere enkle.\"\n        }\n      },\n      {\n        \"@type\": \"Question\",\n        \"name\": \"Kan man finansiere rejsen via legater eller st\u00f8tteordninger?\",\n        \"acceptedAnswer\": {\n          \"@type\": \"Answer\",\n          \"text\": \"Ja, nogle organisationer, kommuner eller regioner kan tilbyde st\u00f8tte til internationale solidaritetsprojekter. Crowdfunding kan ogs\u00e5 v\u00e6re en mulighed.\"\n        }\n      },\n      {\n        \"@type\": \"Question\",\n        \"name\": \"Hvilke platforme kan man bruge til at finde et forl\u00f8b?\",\n        \"acceptedAnswer\": {\n          \"@type\": \"Answer\",\n          \"text\": \"Der findes specialiserede platforme som Volunteer World og Workaway samt st\u00f8rre organisationer som R\u00f8de Kors, Plan International m.fl.\"\n        }\n      }\n    ]\n  }\n  <\/script><\/p>\n<p><!-- Styles simples pour l'article (optionnels) --><\/p>\n<style>\n    body {<br \/>      font-family: Arial, sans-serif;<br \/>      line-height: 1.6;<br \/>      margin: 20px;<br \/>    }<br \/>    h1, h2, h3 {<br \/>      color: #2c3e50;<br \/>    }<br \/>    nav.toc ul {<br \/>      list-style: none;<br \/>      padding-left: 0;<br \/>    }<br \/>    nav.toc li {<br \/>      margin: 5px 0;<br \/>    }<br \/>    a {<br \/>      color: #007ACC;<br \/>      text-decoration: none;<br \/>    }<br \/>    a:hover {<br \/>      text-decoration: underline;<br \/>    }<br \/>    .quote {<br \/>      font-style: italic;<br \/>      margin: 15px 0;<br \/>      padding: 10px;<br \/>      border-left: 4px solid #ccc;<br \/>      background: #f9f9f9;<br \/>    }<br \/>  <\/style>\n<p>\u00a0<\/p>\n<p>\u00a0<\/p>\n<p><!-- H1 : Titre principal de l'article --><\/p>\n<h1>Humanit\u00e6r rejse i Ecuador: En komplet guide til et meningsfuldt og ansvarligt ophold<\/h1>\n<p><!-- Table des mati\u00e8res --><\/p>\n<nav class=\"toc\">\n<h2>Indholdsfortegnelse<\/h2>\n<ul>\n<li><a href=\"#pourquoi-choisir\">1. Introduktion: Hvorfor v\u00e6lge en humanit\u00e6r rejse i Ecuador?<\/a><\/li>\n<li><a href=\"#contexte-equateur\">2. Baggrund: Ecuador \u2013 et land med mange sider<\/a><\/li>\n<li><a href=\"#types-missions\">3. Forskellige typer humanit\u00e6re forl\u00f8b i Ecuador<\/a>\n<ul>\n<li><a href=\"#projets-educatifs\">3.1 Uddannelsesprojekter<\/a><\/li>\n<li><a href=\"#sante-medecine\">3.2 Indsatser inden for sundhed og medicin<\/a><\/li>\n<li><a href=\"#conservation-environnement\">3.3 Natur- og milj\u00f8beskyttelse<\/a><\/li>\n<li><a href=\"#developpement-communautaire\">3.4 Programmer for lokalsamfundsudvikling<\/a><\/li>\n<li><a href=\"#economie-solidaire\">3.5 Projekter inden for social \u00f8konomi<\/a><\/li>\n<\/ul>\n<\/li>\n<li><a href=\"#benefices\">4. Fordelene ved en humanit\u00e6r rejse i Ecuador<\/a>\n<ul>\n<li><a href=\"#pour-les-volontaires\">4.1 For deltagerne<\/a><\/li>\n<li><a href=\"#communautes-locales\">4.2 For lokalsamfundene<\/a><\/li>\n<li><a href=\"#environnement-planete\">4.3 For milj\u00f8et og planeten<\/a><\/li>\n<\/ul>\n<\/li>\n<li><a href=\"#preparer-voyage\">5. S\u00e5dan forbereder du din humanit\u00e6re rejse i Ecuador<\/a>\n<ul>\n<li><a href=\"#choisir-organisation\">5.1 V\u00e6lg en trov\u00e6rdig organisation<\/a><\/li>\n<li><a href=\"#comprendre-besoins\">5.2 Forst\u00e5 lokale behov og kultur<\/a><\/li>\n<li><a href=\"#logistique\">5.3 Praktiske forberedelser: visum, vacciner, forsikring<\/a><\/li>\n<li><a href=\"#budget\">5.4 Budget og finansiering<\/a><\/li>\n<li><a href=\"#bases-espagnol\">5.5 L\u00e6r det grundl\u00e6ggende spansk<\/a><\/li>\n<\/ul>\n<\/li>\n<li><a href=\"#quand-partir\">6. Hvorn\u00e5r skal man rejse til Ecuador? Klima og bedste periode<\/a><\/li>\n<li><a href=\"#defis\">7. Udfordringer \u2013 og hvordan du h\u00e5ndterer dem<\/a>\n<ul>\n<li><a href=\"#adapter-attentes\">7.1 Afstem forventninger og h\u00e5ndt\u00e9r kulturchok<\/a><\/li>\n<li><a href=\"#gerer-emotionnel\">7.2 H\u00e5ndt\u00e9r f\u00f8lelser og tr\u00e6thed<\/a><\/li>\n<\/ul>\n<\/li>\n<li><a href=\"#immersion-culturelle\">8. Kulturel fordybelse: Oplev Ecuador p\u00e5 en anden m\u00e5de<\/a>\n<ul>\n<li><a href=\"#gastronomie\">8.1 Ecuadors madkultur<\/a><\/li>\n<li><a href=\"#traditions-festivals\">8.2 Traditioner og festivaler<\/a><\/li>\n<li><a href=\"#communaute-autochtone\">8.3 L\u00e6r af oprindelige folk<\/a><\/li>\n<\/ul>\n<\/li>\n<li><a href=\"#destinations-cles\">9. N\u00f8gleomr\u00e5der for en humanit\u00e6r rejse i Ecuador<\/a>\n<ul>\n<li><a href=\"#andes\">9.1 Andesbjergene<\/a><\/li>\n<li><a href=\"#amazonie\">9.2 Amazonas-regionen<\/a><\/li>\n<li><a href=\"#galapagos\">9.3 Gal\u00e1pagos-\u00f8erne<\/a><\/li>\n<li><a href=\"#cote-pacifique\">9.4 Stillehavskysten<\/a><\/li>\n<li><a href=\"#quito\">9.5 Quito og de koloniale byer<\/a><\/li>\n<\/ul>\n<\/li>\n<li><a href=\"#infos-pratiques\">10. Praktisk info: Transport, leveomkostninger, sikkerhed<\/a>\n<ul>\n<li><a href=\"#deplacer\">10.1 Transport i Ecuador<\/a><\/li>\n<li><a href=\"#cout-vie\">10.2 Leveomkostninger p\u00e5 stedet<\/a><\/li>\n<li><a href=\"#urgences-sante\">10.3 Akut hj\u00e6lp og sundhed<\/a><\/li>\n<\/ul>\n<\/li>\n<li><a href=\"#retour-experience\">11. Erfaringer og langsigtet effekt<\/a>\n<ul>\n<li><a href=\"#rester-engage\">11.1 Bliv ved med at engagere dig efter opholdet<\/a><\/li>\n<li><a href=\"#partager-experience\">11.2 Del dine oplevelser<\/a><\/li>\n<li><a href=\"#impact-long-terme\">11.3 M\u00e5l effekten p\u00e5 lang sigt<\/a><\/li>\n<\/ul>\n<\/li>\n<li><a href=\"#faq\">12. FAQ om humanit\u00e6r rejse i Ecuador<\/a><\/li>\n<li><a href=\"#conclusion\">13. Afslutning: Hvad en humanit\u00e6r rejse i Ecuador kan give dig<\/a><\/li>\n<\/ul>\n<\/nav>\n<hr \/>\n<p><!-- 1. INTRODUCTION --><\/p>\n<h2 id=\"pourquoi-choisir\">1. Introduktion: Hvorfor v\u00e6lge en humanit\u00e6r rejse i Ecuador?<\/h2>\n<p style=\"text-align: justify;\">Et <a href=\"https:\/\/www.vita-explorers.dk\/blog\/humanitaert-forloeb-i-ecuador\/\" target=\"_blank\" rel=\"noopener\">humanit\u00e6rt <strong>ophold i Ecuador<\/strong> <\/a>er meget mere end en almindelig rejse. Det er en mulighed for at komme t\u00e6t p\u00e5 et sydamerikansk land kendt for sin <strong>enest\u00e5ende biodiversitet<\/strong>, sin <strong>rige kulturarv<\/strong> og en <strong>\u00e5ben og im\u00f8dekommende befolkning<\/strong>. N\u00e5r du deltager i et <em>solidaritetsforl\u00f8b<\/em>, kan du bidrage konkret i hverdagen, st\u00f8tte lokale initiativer og f\u00e5 en erfaring, der ofte s\u00e6tter sig \u2013 b\u00e5de fagligt og menneskeligt.<\/p>\n<p style=\"text-align: justify;\">Ecuador er et oplagt valg til <strong>frivilligt arbejde i udlandet<\/strong>, fordi der findes mange forskellige typer forl\u00f8b: undervisning, sundhed, milj\u00f8 og meget mere. I denne guide f\u00e5r du et overblik over, hvordan du forbereder dig, s\u00e5 dit <strong>frivillige ophold i Ecuador<\/strong> bliver trygt, ansvarligt og godt planlagt.<\/p>\n<p><!-- 2. CONTEXTE --><\/p>\n<h2 id=\"contexte-equateur\">2. Baggrund: Ecuador \u2013 et land med mange sider<\/h2>\n<p style=\"text-align: justify;\">Ecuador ligger mellem Colombia og Peru og har f\u00e5et sit navn fra \u00e6kvatorlinjen, der krydser landet. Selvom landet er forholdsvis lille (ca. 283.560 km\u00b2), rummer det en <strong>us\u00e6dvanlig geografisk variation<\/strong>:<\/p>\n<ul>\n<li><strong>Sierra (Andes)<\/strong> : bjergrig region med markante vulkaner som Cotopaxi og Chimborazo.<\/li>\n<li><strong>Costa (Stillehavskysten)<\/strong> : strande, mangrover og havnebyer.<\/li>\n<li><strong>Oriente (Amazonas)<\/strong> : tropisk regnskov med stor rigdom af dyr og planter.<\/li>\n<li><strong>\u00d8regionen (Gal\u00e1pagos)<\/strong> : vulkansk \u00f8hav, kendt verden over for sine unikke arter og Darwins arbejde.<\/li>\n<\/ul>\n<p style=\"text-align: justify;\">Mangfoldigheden er ogs\u00e5 kulturel: mere end et dusin oprindelige folk lever side om side med mestizer og afro-ecuadorianske grupper. Trods \u00f8konomiske fremskridt findes der fortsat sociale udfordringer \u2013 is\u00e6r i landomr\u00e5der, hvor adgang til uddannelse og sundhed kan v\u00e6re begr\u00e6nset. Derfor udbydes der mange <strong>humanit\u00e6re forl\u00f8b<\/strong>, som underst\u00f8tter lokale indsatser og behov.<\/p>\n<p><iframe loading=\"lazy\" title=\"Depuis une recherche sur Google jusqu&#039;aux rencontres sur le terrain...\" width=\"422\" height=\"750\" src=\"https:\/\/www.youtube.com\/embed\/pxgJbMqEHIE?feature=oembed\" frameborder=\"0\" allow=\"accelerometer; autoplay; clipboard-write; encrypted-media; gyroscope; picture-in-picture; web-share\" referrerpolicy=\"strict-origin-when-cross-origin\" allowfullscreen><\/iframe><\/p>\n<p><!-- 3. TYPES DE MISSIONS --><\/p>\n<h2 id=\"types-missions\">3. Forskellige typer humanit\u00e6re forl\u00f8b i Ecuador<\/h2>\n<h3 id=\"projets-educatifs\"><strong>3.1 Uddannelsesprojekter i Ecuador<\/strong><\/h3>\n<p style=\"text-align: justify;\">I landdistrikter og mere afsides omr\u00e5der mangler skoler ofte b\u00e5de materialer og personale. Deltagelse i <strong>uddannelsesprojekter<\/strong> kan fx handle om at:<\/p>\n<ul>\n<li><strong>Undervise<\/strong> (engelsk, fransk, matematik m.m.) eller give lektiehj\u00e6lp.<\/li>\n<li><strong>St\u00f8tte lokale l\u00e6rere<\/strong> med nye p\u00e6dagogiske metoder.<\/li>\n<li><strong>Arrangere fritidsaktiviteter<\/strong> som udvider l\u00e6ringsmilj\u00f8et (kunst, sport, teater).<\/li>\n<\/ul>\n<p style=\"text-align: justify;\">Denne type <em>frivilligt arbejde i Ecuador<\/em> passer godt, hvis du trives med formidling og gerne vil st\u00f8tte b\u00f8rn og unge i deres l\u00e6ring.<\/p>\n<h3 id=\"sante-medecine\"><strong>3.2 Indsatser inden for sundhed og medicin i Ecuador<\/strong><\/h3>\n<p style=\"text-align: justify;\">Adgangen til sundhedsydelser er fortsat meget forskellig fra region til region. <strong>Sundhedsindsatser<\/strong> kan blandt andet omfatte:<\/p>\n<ul>\n<li><strong>Mobile klinikker<\/strong> med sundheds- eller tandtjek i omr\u00e5der langt fra byerne.<\/li>\n<li><strong>Oplysning om hygiejne<\/strong> (h\u00e5ndvask, vandfiltrering) og ern\u00e6ring.<\/li>\n<li><strong>Tr\u00e6ning af lokalt sundhedspersonale<\/strong> i fx akut hj\u00e6lp og f\u00f8rstehj\u00e6lp.<\/li>\n<\/ul>\n<p style=\"text-align: justify;\">Forl\u00f8bene kan v\u00e6re relevante for sundhedsprofessionelle og medicinstuderende \u2013 men ogs\u00e5 for deltagere, der kan bidrage i forebyggelse og oplysningsarbejde.<\/p>\n<h3 id=\"conservation-environnement\"><strong>3.3 Natur- og milj\u00f8beskyttelse i Ecuador<\/strong><\/h3>\n<p style=\"text-align: justify;\">Ecuador regnes blandt verdens \u201cmegadiverse\u201d lande. Samtidig truer <strong>skovrydning<\/strong>, <strong>forurening<\/strong> og <strong>overfiskeri<\/strong> naturen. Forl\u00f8b med <em>natur- og milj\u00f8beskyttelse<\/em> kan fx omfatte:<\/p>\n<ul>\n<li><strong>Genplantning af skov<\/strong> : plantning af hjemmeh\u00f8rende tr\u00e6er for at modvirke erosion og beskytte levesteder.<\/li>\n<li><strong>Beskyttelse af truede arter<\/strong> : registrering af dyr, beskyttelsesprogrammer for havskildpadder m.m.<\/li>\n<li><strong>Strand- og kystoprydning<\/strong> : oplysning om sortering og genbrug af affald.<\/li>\n<\/ul>\n<p style=\"text-align: justify;\">For dig, der holder af naturen, er dette en direkte m\u00e5de at st\u00f8tte <strong>bevarelsen af Ecuadors naturarv<\/strong> p\u00e5.<\/p>\n<h3 id=\"developpement-communautaire\"><strong>3.4 Programmer for lokalsamfundsudvikling<\/strong><\/h3>\n<p style=\"text-align: justify;\">Nogle isolerede lokalsamfund mangler basale faciliteter. <strong>Programmer for lokalsamfundsudvikling<\/strong> kan handle om:<\/p>\n<ul>\n<li><strong>Byggeri eller renovering<\/strong> af skoler, klinikker og boliger.<\/li>\n<li><strong>Bedre adgang til rent drikkevand<\/strong> : br\u00f8nde, opsamling af regnvand.<\/li>\n<li><strong>Etablering af f\u00e6lleshaver<\/strong> for at styrke f\u00f8devaresikkerhed.<\/li>\n<\/ul>\n<p style=\"text-align: justify;\">Ved at deltage i disse indsatser kan du bidrage til, at lokalsamfund bliver mere <strong>selvst\u00e6ndige<\/strong> og <strong>robuste<\/strong> i m\u00f8det med \u00f8konomiske og klimatiske udfordringer.<\/p>\n<h3 id=\"economie-solidaire\"><strong>3.5 Projekter inden for social \u00f8konomi i Ecuador<\/strong><\/h3>\n<p>Social \u00f8konomi handler om at st\u00f8tte lokalsamfund i at skabe <strong>mere stabile indt\u00e6gter<\/strong>:<\/p>\n<ul>\n<li><strong>H\u00e5ndv\u00e6rk<\/strong> : opl\u00e6ring i v\u00e6vning, keramik eller smykkefremstilling samt st\u00f8tte til salg og formidling.<\/li>\n<li><strong>B\u00e6redygtigt landbrug<\/strong> : introduktion til agro\u00f8kologi, permakultur eller kooperativer omkring kaffe og kakao.<\/li>\n<li><strong>Marketing og virksomhedsdrift<\/strong> : sparring om regnskab og kommunikation, s\u00e5 grupper kan drive deres egne mikroprojekter.<\/li>\n<\/ul>\n<p>Disse forl\u00f8b har til form\u00e5l at <strong>reducere fattigdom<\/strong> ved at styrke mulighederne for en stabil og v\u00e6rdig indkomst baseret p\u00e5 lokale kompetencer.<\/p>\n<p><img loading=\"lazy\" decoding=\"async\" class=\"aligncenter wp-image-11596 size-medium\" src=\"https:\/\/www.vita-explorers.dk\/blog\/wp-content\/uploads\/2018\/09\/Classroom-min-1-300x267.jpg\" alt=\"Humanit\u00e6r rejse i Ecuador\" width=\"300\" height=\"267\" srcset=\"https:\/\/www.vita-explorers.dk\/blog\/wp-content\/uploads\/2018\/09\/Classroom-min-1-300x267.jpg 300w, https:\/\/www.vita-explorers.dk\/blog\/wp-content\/uploads\/2018\/09\/Classroom-min-1-150x134.jpg 150w, https:\/\/www.vita-explorers.dk\/blog\/wp-content\/uploads\/2018\/09\/Classroom-min-1.jpg 464w\" sizes=\"(max-width: 300px) 100vw, 300px\" \/><\/p>\n<p><!-- 4. LES B\u00c9N\u00c9FICES --><\/p>\n<h2 id=\"benefices\"><strong>4. Fordelene ved en humanit\u00e6r rejse i Ecuador<\/strong><\/h2>\n<h3 id=\"pour-les-volontaires\"><strong>4.1 For deltagerne<\/strong><\/h3>\n<ul>\n<li><strong>Personlig udvikling<\/strong> : du bliver udfordret p\u00e5 vaner og l\u00e6rer at samarbejde i et multikulturelt milj\u00f8.<\/li>\n<li><strong>Nye kompetencer<\/strong> : interkulturel kommunikation, projektforst\u00e5else, samarbejde m.m.<\/li>\n<li><strong>Kulturel indsigt<\/strong> : du f\u00e5r et t\u00e6ttere m\u00f8de med hverdagsliv, traditioner, mad og h\u00f8jtider.<\/li>\n<\/ul>\n<h3 id=\"communautes-locales\"><strong>4.2 For lokalsamfundene<\/strong><\/h3>\n<ul>\n<li><strong>Konkret st\u00f8tte<\/strong> : forbedringer i adgang til uddannelse, sundhed eller mere stabile indt\u00e6gter.<\/li>\n<li><strong>Udveksling af viden<\/strong> : deltagere bidrager med erfaringer, mens lokalsamfund deler lokal viden og praksis.<\/li>\n<li><strong>International synlighed<\/strong> : bes\u00f8gende kan skabe opm\u00e6rksomhed og i nogle tilf\u00e6lde f\u00f8re til langsigtede partnerskaber.<\/li>\n<\/ul>\n<h3 id=\"environnement-planete\" style=\"text-align: justify;\"><strong>4.3 For milj\u00f8et og planeten<\/strong><\/h3>\n<ul>\n<li><strong>Beskyttelse af unikke \u00f8kosystemer<\/strong> : hver plantet tr\u00e6 og hver beskyttet art bidrager til biodiversiteten.<\/li>\n<li><strong>Oplysning<\/strong> : lokale aktiviteter kan inspirere til bedre praksis omkring affald, natur og ressourcer.<\/li>\n<li><strong>Bidrag til verdensm\u00e5lene<\/strong> : du st\u00f8tter FN\u2019s Verdensm\u00e5l for b\u00e6redygtig udvikling (SDG\u2019er) gennem konkrete indsatser.<\/li>\n<\/ul>\n<p><!-- 5. PR\u00c9PARATION --><\/p>\n<h2 id=\"preparer-voyage\">5. S\u00e5dan forbereder du din humanit\u00e6re rejse i Ecuador<\/h2>\n<h3 id=\"choisir-organisation\"><strong>5.1 V\u00e6lg en trov\u00e6rdig organisation<\/strong><\/h3>\n<ul>\n<li><strong>Erfaring og omd\u00f8mme<\/strong> : v\u00e6lg gerne <a href=\"https:\/\/www.vita-explorers.dk\/association-globalong.html\" target=\"_blank\" rel=\"noopener\">foreninger eller NGO\u2019er<\/a> med et etableret lokalt netv\u00e6rk.<\/li>\n<li><strong>\u00d8konomisk gennemsigtighed<\/strong> : s\u00f8rg for, at deltagerbetaling og hvad den d\u00e6kker, er tydeligt beskrevet.<\/li>\n<li><strong>Erfaringer fra tidligere deltagere<\/strong> : <a href=\"https:\/\/www.vita-explorers.dk\/blog\/avis-globalong\/\" target=\"_blank\" rel=\"noopener\">l\u00e6s anmeldelser<\/a> og se erfaringer for at vurdere trov\u00e6rdigheden.<\/li>\n<\/ul>\n<h3 id=\"comprendre-besoins\"><strong>5.2 Forst\u00e5 lokale behov og kultur<\/strong><\/h3>\n<ul>\n<li><strong>S\u00e6t dig ind i forholdene<\/strong> : unders\u00f8g omr\u00e5det (kultur, sprogvarianter, normer).<\/li>\n<li><strong>Forst\u00e5 behovet<\/strong> : hvad er prioriteterne (vand, l\u00e6rere, faglig tr\u00e6ning m.m.)?<\/li>\n<li><strong>Dialog med organisationen<\/strong> : de kan guide dig i, hvordan du bedst bidrager og undg\u00e5r kulturmisforst\u00e5elser.<\/li>\n<\/ul>\n<h3 id=\"logistique\"><strong>5.3 Praktiske forberedelser: visum, vacciner, forsikring<\/strong><\/h3>\n<ul>\n<li><strong>Visum<\/strong> : mange rejsende kan opholde sig 90 dage i Ecuador uden visum (afh\u00e6nger af nationalitet). Tjek altid betingelserne hos <a href=\"https:\/\/www.vita-explorers.dk\/\" target=\"_blank\" rel=\"noopener\">VITA.<\/a><\/li>\n<li><strong>Vacciner<\/strong> : gul feber, hepatitis A, tyfus m.m. Kontakt en rejsevaccinationsklinik.<\/li>\n<li><a href=\"https:\/\/www.vita-explorers.dk\/blog\/dossiers-vita-ekstra-information-gode-rad-forskelle-sporgsmal-praktik-sprog-internationale-forlob-frivilligt-arbejde-sprogophold-udlandsophold-humanitaert-arbejde-projekt-sabbat\u00e5r\/assurance-voyage-pour-benevolat-volontariat-action-humanitaire-globalong-social-voyager\/\" target=\"_blank\" rel=\"noopener\"><strong>Rejseforsikring<\/strong> <\/a>: v\u00e6lg en l\u00f8sning, der d\u00e6kker sygdom, hjemtransport og ansvar.<\/li>\n<\/ul>\n<h3 id=\"budget\"><strong>5.4 Budget og finansiering<\/strong><\/h3>\n<ul>\n<li><strong>Deltagerbetaling<\/strong> : varierer. D\u00e6kker ofte kost og logi og nogle gange lokal transport.<\/li>\n<li><strong>Flybillet<\/strong> : <a href=\"https:\/\/www.vita-explorers.dk\/blog\/s\u00e5dan-finder-du-din-flybillet-til-den-bedste-pris-med-google-flights\/\" target=\"_blank\" rel=\"noopener\">sammenlign priser<\/a> og book i god tid.<\/li>\n<li><strong>Crowdfunding<\/strong> : flere deltagere bruger platforme som <a href=\"https:\/\/tribee.fr\/associations\/globalong\/\" target=\"_blank\" rel=\"noopener\">Tribee<\/a><\/li>\n<li><strong>Legater og st\u00f8tte<\/strong> : nogle kommuner eller foreninger yder st\u00f8tte til internationalt solidaritetsarbejde.<\/li>\n<\/ul>\n<h3 id=\"bases-espagnol\"><strong>5.5 L\u00e6r det grundl\u00e6ggende spansk<\/strong><\/h3>\n<ul>\n<li><strong>Online eller fysisk undervisning<\/strong> : selv et begynderniveau g\u00f8r en stor forskel.<\/li>\n<li><strong>Mobilapps<\/strong> : til at f\u00e5 et grundl\u00e6ggende ordforr\u00e5d p\u00e5 plads.<\/li>\n<li><strong>Lille huskeseddel<\/strong> : skriv h\u00f8flighedsfraser og vigtige s\u00e6tninger ned.<\/li>\n<\/ul>\n<p><img loading=\"lazy\" decoding=\"async\" class=\"aligncenter wp-image-7028 size-medium\" src=\"https:\/\/www.vita-explorers.dk\/blog\/wp-content\/uploads\/2017\/10\/Participez-au-programme-d\u00e9covolontariat-en-Equateur-min-300x225.jpg\" alt=\"Milj\u00f8frivilligt arbejde i udlandet i Ecuador\" width=\"300\" height=\"225\" srcset=\"https:\/\/www.vita-explorers.dk\/blog\/wp-content\/uploads\/2017\/10\/Participez-au-programme-d\u00e9covolontariat-en-Equateur-min-300x225.jpg 300w, https:\/\/www.vita-explorers.dk\/blog\/wp-content\/uploads\/2017\/10\/Participez-au-programme-d\u00e9covolontariat-en-Equateur-min-768x576.jpg 768w, https:\/\/www.vita-explorers.dk\/blog\/wp-content\/uploads\/2017\/10\/Participez-au-programme-d\u00e9covolontariat-en-Equateur-min-1024x768.jpg 1024w, https:\/\/www.vita-explorers.dk\/blog\/wp-content\/uploads\/2017\/10\/Participez-au-programme-d\u00e9covolontariat-en-Equateur-min-150x113.jpg 150w\" sizes=\"(max-width: 300px) 100vw, 300px\" \/><\/p>\n<p><!-- 6. QUAND PARTIR --><\/p>\n<h2 id=\"quand-partir\">6. Hvorn\u00e5r skal man rejse til Ecuador? Klima og bedste periode<\/h2>\n<p style=\"text-align: justify;\">Ecuador kan bes\u00f8ges \u00e5ret rundt, men klimaet varierer markant fra region til region:<\/p>\n<ul>\n<li><strong>Andes<\/strong> : t\u00f8r s\u00e6son fra juni til september, k\u00f8lige temperaturer i h\u00f8jderne.<\/li>\n<li><strong>Amazonas<\/strong> : varmt og fugtigt, typisk lidt mindre regn fra juni til august.<\/li>\n<li><strong>Stillehavskysten<\/strong> : t\u00f8r s\u00e6son fra maj til december, mere fugtigt fra januar til april.<\/li>\n<li><strong>Gal\u00e1pagos<\/strong> : relativt t\u00f8rt fra juni til november, varmere fra december til maj.<\/li>\n<\/ul>\n<p>For et <strong>humanit\u00e6rt ophold<\/strong> er det en god id\u00e9 at tilpasse rejsetidspunktet til projektets behov (fx plantes\u00e6son ved genplantning).<\/p>\n<p><!-- 7. D\u00c9FIS --><\/p>\n<h2 id=\"defis\">7. Udfordringer \u2013 og hvordan du h\u00e5ndterer dem<\/h2>\n<h3 id=\"adapter-attentes\"><strong>7.1 Afstem forventninger og h\u00e5ndt\u00e9r kulturchok<\/strong><\/h3>\n<ul>\n<li><strong>Ydmyghed<\/strong> : du kan ikke \u00e6ndre alt p\u00e5 f\u00e5 uger. Respekt\u00e9r lokale rytmer og prioriteringer.<\/li>\n<li><strong>\u00c5benhed<\/strong> : vaner og hverdagsliv kan v\u00e6re meget anderledes end det, du kender.<\/li>\n<li><strong>Kommunikation<\/strong> : lyt, sp\u00f8rg ind, og pr\u00f8v at forst\u00e5, f\u00f8r du kommer med l\u00f8sninger.<\/li>\n<\/ul>\n<h3 id=\"gerer-emotionnel\"><strong>7.2 H\u00e5ndt\u00e9r f\u00f8lelser og tr\u00e6thed<\/strong><\/h3>\n<ul>\n<li><strong>Egenomsorg<\/strong> : planl\u00e6g pauser og let motion, s\u00e5 du kan lade op.<\/li>\n<li><strong>Del og f\u00e5 st\u00f8tte<\/strong> : tal med andre deltagere eller en ansvarlig, hvis du f\u00e5r en sv\u00e6r dag.<\/li>\n<li><strong>Rolige rutiner<\/strong> : meditation, vejrtr\u00e6kning eller yoga kan hj\u00e6lpe med at bevare roen.<\/li>\n<\/ul>\n<p><!-- 8. IMMERSION CULTURELLE --><\/p>\n<h2 id=\"immersion-culturelle\">8. Kulturel fordybelse: Oplev Ecuador p\u00e5 en anden m\u00e5de<\/h2>\n<h3 id=\"gastronomie\"><strong>8.1 Ecuadors madkultur<\/strong><\/h3>\n<p>Ecuadors <strong>k\u00f8kken<\/strong> er varieret og velsmagende:<\/p>\n<ul>\n<li><strong>Ceviche<\/strong> : fisk eller skaldyr marineret i citrussaft med l\u00f8g og koriander.<\/li>\n<li><strong>Empanadas<\/strong> : sm\u00e5 dejpakker fyldt med ost, k\u00f8d eller gr\u00f8ntsager.<\/li>\n<li><strong>Hornado<\/strong> : helstegt svinek\u00f8d serveret med majs, kartofler og en st\u00e6rk sauce.<\/li>\n<\/ul>\n<h3 id=\"traditions-festivals\"><strong>8.2 Traditioner og festivaler<\/strong><\/h3>\n<ul>\n<li><strong>Inti Raymi<\/strong> : solfest fejret af andinske samfund i juni.<\/li>\n<li><strong>Quito-festerne<\/strong> : i starten af december fyldes hovedstaden med koncerter og optog.<\/li>\n<li><strong>Karneval<\/strong> : i februar, hvor man spr\u00f8jter vand og farvet pulver i gaderne.<\/li>\n<\/ul>\n<h3 id=\"communaute-autochtone\"><strong>8.3 L\u00e6r af oprindelige folk<\/strong><\/h3>\n<ul>\n<li><strong>Verdenssyn<\/strong> : Kichwa, Shuar og andre grupper har en t\u00e6t relation til naturen.<\/li>\n<li><strong>Traditionelt h\u00e5ndv\u00e6rk<\/strong> : v\u00e6vning, keramik, smykker af amazoniske fr\u00f8.<\/li>\n<li><strong>Traditionel medicin<\/strong> : brug af l\u00e6geplanter og \u00e6ldre ritualer.<\/li>\n<\/ul>\n<p><!-- 9. DESTINATIONS --><\/p>\n<h2 id=\"destinations-cles\">9. N\u00f8gleomr\u00e5der for en humanit\u00e6r rejse i Ecuador<\/h2>\n<h3 id=\"andes\"><strong>9.1 Andesbjergene<\/strong><\/h3>\n<ul>\n<li><strong>Uddannelsesprojekter<\/strong> og <strong>lokalsamfundsudvikling<\/strong> i h\u00f8jlandsbyer.<\/li>\n<li>Vandreture t\u00e6t p\u00e5 vulkaner (Chimborazo, Cotopaxi).<\/li>\n<\/ul>\n<h3 id=\"amazonie\"><strong>9.2 Amazonas-regionen<\/strong><\/h3>\n<ul>\n<li><strong>Bevarelse af biodiversitet<\/strong> : registrering af dyreliv, genplantning, \u00f8koturisme.<\/li>\n<li><strong>Sundhedsindsatser<\/strong> : mobile klinikker i afsidesliggende oprindelige samfund.<\/li>\n<\/ul>\n<h3 id=\"galapagos\"><strong>9.3 Gal\u00e1pagos-\u00f8erne<\/strong><\/h3>\n<ul>\n<li><strong>Beskyttelse af havets dyreliv<\/strong> : k\u00e6mpeskildpadder, leguaner, s\u00f8l\u00f8ver.<\/li>\n<li><strong>Milj\u00f8oplysning<\/strong> til turister og lokale.<\/li>\n<\/ul>\n<h3 id=\"cote-pacifique\"><strong>9.4 Stillehavskysten<\/strong><\/h3>\n<ul>\n<li><strong>B\u00e6redygtigt fiskeri<\/strong> og <strong>strandoprydning<\/strong>.<\/li>\n<li>Fiskersamfund, der kan st\u00f8ttes i at styrke og synligg\u00f8re lokale produkter.<\/li>\n<\/ul>\n<h3 id=\"quito\"><strong>9.5 Quito og de koloniale byer<\/strong><\/h3>\n<ul>\n<li><strong>Frivilligt arbejde i byer<\/strong> : lektiehj\u00e6lp, st\u00f8tte til hjeml\u00f8se, kulturelle initiativer.<\/li>\n<li><strong>Oplev den historiske bymidte<\/strong>, som er p\u00e5 UNESCO\u2019s verdensarvsliste.<\/li>\n<\/ul>\n<p><!-- 10. INFOS PRATIQUES --><\/p>\n<h2 id=\"infos-pratiques\">10. Praktisk info: Transport, leveomkostninger, sikkerhed<\/h2>\n<p><img loading=\"lazy\" decoding=\"async\" class=\"aligncenter wp-image-17200 size-medium\" src=\"https:\/\/www.vita-explorers.dk\/blog\/wp-content\/uploads\/2024\/09\/f754430c-b677-4c9c-b05c-a3edefbc4d47-300x171.webp\" alt=\"Humanit\u00e6rt ophold i udlandet\" width=\"300\" height=\"171\" srcset=\"https:\/\/www.vita-explorers.dk\/blog\/wp-content\/uploads\/2024\/09\/f754430c-b677-4c9c-b05c-a3edefbc4d47-300x171.webp 300w, https:\/\/www.vita-explorers.dk\/blog\/wp-content\/uploads\/2024\/09\/f754430c-b677-4c9c-b05c-a3edefbc4d47-1024x585.webp 1024w, https:\/\/www.vita-explorers.dk\/blog\/wp-content\/uploads\/2024\/09\/f754430c-b677-4c9c-b05c-a3edefbc4d47-768x439.webp 768w, https:\/\/www.vita-explorers.dk\/blog\/wp-content\/uploads\/2024\/09\/f754430c-b677-4c9c-b05c-a3edefbc4d47-1536x878.webp 1536w, https:\/\/www.vita-explorers.dk\/blog\/wp-content\/uploads\/2024\/09\/f754430c-b677-4c9c-b05c-a3edefbc4d47.webp 1792w\" sizes=\"(max-width: 300px) 100vw, 300px\" \/><\/p>\n<h3 id=\"deplacer\"><strong>10.1 Transport i Ecuador<\/strong><\/h3>\n<ul>\n<li><strong>Bus<\/strong> : et relativt veludbygget og billigt netv\u00e6rk. Turene kan v\u00e6re lange i bjergomr\u00e5der.<\/li>\n<li><strong>Taxi<\/strong> : ofte billigt i byerne. V\u00e6lg helst officielle selskaber.<\/li>\n<li><strong>Indenrigsfly<\/strong> : praktisk til Amazonas eller Gal\u00e1pagos. Book tidligt.<\/li>\n<\/ul>\n<h3 id=\"cout-vie\"><strong>10.2 Leveomkostninger p\u00e5 stedet<\/strong><\/h3>\n<ul>\n<li><strong>Indkvartering<\/strong> : hostels, privat indkvartering, enkle hoteller.<\/li>\n<li><strong>Mad<\/strong> : at spise p\u00e5 markedet er ofte meget billigt<\/li>\n<li><strong>Transport<\/strong> : bus cirka 1-2 USD pr. times k\u00f8rsel.<\/li>\n<li><strong>Aktiviteter<\/strong> : priser varierer efter region (Gal\u00e1pagos er dyrere).<\/li>\n<\/ul>\n<h3 id=\"urgences-sante\"><strong>10.3 Akut hj\u00e6lp og sundhed<\/strong><\/h3>\n<ul>\n<li><strong>Alarmnummer<\/strong> : 911 i alvorlige situationer.<\/li>\n<li><strong>Hospitaler<\/strong> : i st\u00f8rre byer (Quito, Guayaquil, Cuenca). Mere enkle sundhedscentre i landdistrikter.<\/li>\n<li><strong>R\u00e5d<\/strong> : undg\u00e5 vand fra hanen. Brug filtreret vand eller flaskevand.<\/li>\n<\/ul>\n<p><!-- 11. RETOUR D'EXP\u00c9RIENCE --><\/p>\n<h2 id=\"retour-experience\">11. Erfaringer og langsigtet effekt<\/h2>\n<h3 id=\"rester-engage\"><strong>11.1 Bliv ved med at engagere dig efter opholdet<\/strong><\/h3>\n<ul>\n<li><strong>\u00d8konomisk st\u00f8tte<\/strong> : forts\u00e6t med donationer eller st\u00f8t et barn gennem en ordning.<\/li>\n<li><strong>Sociale medier<\/strong> : f\u00f8lg NGO\u2019en og del deres opdateringer for at skabe synlighed.<\/li>\n<li><strong>Opf\u00f8lgende bes\u00f8g<\/strong> : nogle deltagere rejser tilbage for at se, hvordan projektet udvikler sig.<\/li>\n<\/ul>\n<h3 id=\"partager-experience\"><strong>11.2 Del dine oplevelser<\/strong><\/h3>\n<ul>\n<li><strong>Blog eller vlog<\/strong> : fort\u00e6l om opholdet, dine indsigter og praktiske r\u00e5d.<\/li>\n<li><strong>Lokale arrangementer<\/strong> : opl\u00e6g, fotoudstilling eller informationsm\u00f8de.<\/li>\n<li><strong>Medier<\/strong> : skriv en artikel til en lokal eller regional avis.<\/li>\n<\/ul>\n<h3 id=\"impact-long-terme\">11.3 M\u00e5l effekten p\u00e5 lang sigt<\/h3>\n<ul>\n<li><strong>N\u00f8gleindikatorer<\/strong> : antal b\u00f8rn i skole, vaccinationsrate, hektar genplantet skov m.m.<\/li>\n<li><strong>Feedback fra lokalsamfund<\/strong> : bed j\u00e6vnligt om input, s\u00e5 indsatserne kan justeres.<\/li>\n<li><strong>Holdbarhed<\/strong> : m\u00e5let er, at lokalsamfundet kan st\u00e5 mere selv \u2013 uden varig afh\u00e6ngighed af udefrakommende st\u00f8tte.<\/li>\n<\/ul>\n<p><img loading=\"lazy\" decoding=\"async\" class=\"aligncenter wp-image-17730 size-medium\" src=\"https:\/\/www.vita-explorers.dk\/blog\/wp-content\/uploads\/2024\/10\/2027d9a0-6ed7-4932-8751-aefb22e0d6af-300x171.webp\" alt=\"FAQ om frivilligt arbejde i udlandet\" width=\"300\" height=\"171\" srcset=\"https:\/\/www.vita-explorers.dk\/blog\/wp-content\/uploads\/2024\/10\/2027d9a0-6ed7-4932-8751-aefb22e0d6af-300x171.webp 300w, https:\/\/www.vita-explorers.dk\/blog\/wp-content\/uploads\/2024\/10\/2027d9a0-6ed7-4932-8751-aefb22e0d6af-1024x585.webp 1024w, https:\/\/www.vita-explorers.dk\/blog\/wp-content\/uploads\/2024\/10\/2027d9a0-6ed7-4932-8751-aefb22e0d6af-768x439.webp 768w, https:\/\/www.vita-explorers.dk\/blog\/wp-content\/uploads\/2024\/10\/2027d9a0-6ed7-4932-8751-aefb22e0d6af-1536x878.webp 1536w, https:\/\/www.vita-explorers.dk\/blog\/wp-content\/uploads\/2024\/10\/2027d9a0-6ed7-4932-8751-aefb22e0d6af.webp 1792w\" sizes=\"(max-width: 300px) 100vw, 300px\" \/><\/p>\n<p><!-- 12. FAQ (EN PLUS DU JSON-LD) --><\/p>\n<h2 id=\"faq\">12. FAQ om humanit\u00e6r rejse i Ecuador<\/h2>\n<p style=\"text-align: justify;\"><strong>1. Hvilke kompetencer skal man have for at deltage i et humanit\u00e6rt forl\u00f8b i Ecuador?<\/strong><br \/>\nDer kr\u00e6ves ingen s\u00e6rlige kompetencer. Erfaring med undervisning, sundhed eller milj\u00f8 kan dog v\u00e6re en fordel. Det vigtigste er motivation, nysgerrighed og lysten til at l\u00e6re undervejs.<\/p>\n<p style=\"text-align: justify;\"><strong>2. Er humanit\u00e6re rejser i Ecuador velegnede til familier?<\/strong><br \/>\nJa. Nogle organisationer tilbyder familieforl\u00f8b med aktiviteter, der er tilpasset b\u00f8rn og unge.<\/p>\n<p style=\"text-align: justify;\"><strong>3. Hvad koster en humanit\u00e6r rejse til Ecuador?<\/strong><br \/>\nPrisen afh\u00e6nger af varighed, arrang\u00f8r og region. Regn med budget til flybillet, deltagerbetaling (typisk kost og logi) samt personlige udgifter.<\/p>\n<h3 style=\"text-align: justify;\"><span style=\"font-size: 12pt;\"><strong>4. Er der en aldersgr\u00e6nse for deltagere?<\/strong><\/span><br \/>\nDe fleste projekter tager imod deltagere fra 18 \u00e5r. Nogle forl\u00f8b kan ogs\u00e5 rumme unge under 18 \u00e5r, hvis de rejser med en voksen, samt seniorer.<\/h3>\n<p style=\"text-align: justify;\"><strong>5. Kan man forl\u00e6nge sit ophold efter et humanit\u00e6rt forl\u00f8b?<\/strong><br \/>\nJa, du kan sagtens forts\u00e6tte med at rejse i Ecuador efter forl\u00f8bet \u2013 inden for den opholdstid dit visum eller din indrejsetilladelse giver.<\/p>\n<p style=\"text-align: justify;\"><strong>6. Hvordan sikrer man, at ens indsats giver en varig effekt?<\/strong><br \/>\nV\u00e6lg en trov\u00e6rdig organisation, der inddrager lokalsamfundet i alle faser. L\u00f8bende opf\u00f8lgning og klare m\u00e5l er vigtige for, at indsatsen kan holde p\u00e5 lang sigt.<\/p>\n<p style=\"text-align: justify;\"><strong>7. Hvilket niveau spansk skal man have?<\/strong><br \/>\nEt basalt niveau er ofte nok. Det vigtigste er, at du er klar p\u00e5 at blive bedre undervejs og kommunikere respektfuldt.<\/p>\n<p style=\"text-align: justify;\"><strong>8. Er indkvarteringen meget enkel?<\/strong><br \/>\nDet afh\u00e6nger af projektet og omr\u00e5det. Nogle bor privat, andre p\u00e5 hostel eller i f\u00e6lles indkvartering. I Amazonas og p\u00e5 landet kan rammerne v\u00e6re mere enkle.<\/p>\n<p style=\"text-align: justify;\"><strong>9. Kan man finansiere rejsen via legater eller st\u00f8tteordninger?<\/strong><br \/>\nJa, nogle organisationer, kommuner eller regioner kan tilbyde st\u00f8tte til internationale solidaritetsprojekter. Crowdfunding kan ogs\u00e5 v\u00e6re en mulighed.<\/p>\n<p><!-- 13. CONCLUSION --><\/p>\n<h2 id=\"conclusion\">13. Afslutning: Hvad en humanit\u00e6r rejse i Ecuador kan give dig<\/h2>\n<p style=\"text-align: justify;\">En <strong>humanit\u00e6r rejse i Ecuador<\/strong> kan v\u00e6re et st\u00e6rkt afs\u00e6t til at udvide dit perspektiv, styrke din <strong>empati<\/strong> og bidrage til indsatser, der g\u00f8r en forskel i hverdagen. Med sin <em>kulturelle rigdom<\/em>, <em>store biodiversitet<\/em> og <em>im\u00f8dekommende mennesker<\/em> giver Ecuador gode rammer for en <strong>dybdeg\u00e5ende fordybelse<\/strong>.<\/p>\n<p style=\"text-align: justify;\">De <strong>positive effekter<\/strong> handler ikke kun om, hvad der sker p\u00e5 stedet. Som deltager tager du ofte hjem med nye indsigter i internationalt engagement og <strong>ansvarlige rejser<\/strong> \u2013 og et mere nuanceret blik p\u00e5 b\u00e6redygtighed i praksis.<\/p>\n<p style=\"text-align: justify;\">Er du klar til at tage n\u00e6ste skridt mod dit n\u00e6ste <strong>frivillige ophold i Ecuador<\/strong>?<\/p>\n<ul>\n<li><a href=\"https:\/\/www.vita-explorers.dk\/#tel-contact-form-glob\" target=\"_blank\" rel=\"noopener\">Kontakt os allerede i dag<\/a> for at f\u00e5 personlig sparring.<\/li>\n<li>Del gerne artiklen p\u00e5 sociale medier, hvis du vil inspirere andre til at tage afsted p\u00e5 et ansvarligt forl\u00f8b.<\/li>\n<\/ul>\n<div class=\"quote\">\n<p>\u00ab Min oplevelse med frivilligt arbejde i det ecuadorske Amazonas vil jeg tage med mig resten af livet. Jeg s\u00e5, hvor meget samarbejde og f\u00e6llesskab kan betyde i praksis. \u00bb<\/p>\n<p><strong>\u2014 Marie, deltager i 2023<\/strong><\/p>\n<\/div>\n<h3><strong>Supplerende ressourcer<\/strong><\/h3>\n<ul>\n<li><a href=\"https:\/\/www.unesco.org\/\" target=\"_blank\" rel=\"noopener noreferrer\">UNESCO-rapport om biodiversitet i Ecuador<\/a><\/li>\n<li><a href=\"https:\/\/www.turismo.gob.ec\/\" target=\"_blank\" rel=\"noopener noreferrer\">Ecuadors turistministerium<\/a><\/li>\n<li><a href=\"https:\/\/www.who.int\/fr\" target=\"_blank\" rel=\"noopener noreferrer\">Verdenssundhedsorganisationen: Rejser\u00e5d<\/a><\/li>\n<\/ul>\n<p><strong>Del artiklen!<\/strong><br \/>\nHusk at dele guiden, hvis du vil hj\u00e6lpe flere med at f\u00e5 indblik i <strong>mulighederne<\/strong> og <strong>effekten<\/strong> af en <strong>humanit\u00e6r rejse i Ecuador<\/strong>. Hver deling g\u00f8r det lettere for andre at finde ansvarlige forl\u00f8b og engagere sig.<\/p>\n<p><em>\u00ab Sammen kan vi skabe forandring. \u00bb<\/em><\/p>\n<p>\u00a9 2025 VITA. Alle rettigheder forbeholdes. F\u00f8lg os p\u00e5:<\/p>\n<h3><span style=\"font-size: 12pt;\"><strong><a href=\"https:\/\/www.instagram.com\/globalongofficiel\/\"><span class=\"s2\"><b>Instagram<\/b><\/span><\/a><b>,\u00a0<\/b><a href=\"https:\/\/www.tiktok.com\/@globalong\"><span class=\"s2\"><b>TikTok<\/b><\/span><\/a><b>,\u00a0<\/b><a href=\"https:\/\/www.facebook.com\/globalong\"><span class=\"s2\"><b>Facebook<\/b><\/span><\/a><b>,\u00a0<\/b><a href=\"https:\/\/www.linkedin.com\/company\/5113177\/admin\/feed\/posts\/\"><span class=\"s2\"><b>LinkedIn<\/b><\/span><\/a><b>\u00a0og\u00a0<\/b><a href=\"https:\/\/www.youtube.com\/c\/globalong\/videos\"><span class=\"s2\"><b>YouTube<\/b><\/span><\/a><b>\u00a0!\u00a0<\/b><\/strong><\/span><\/h3>\n<p>\u00a0<\/p>\n","protected":false},"excerpt":{"rendered":"<p>\u00a0 \u00a0 \u00a0 Humanit\u00e6r rejse i Ecuador: En komplet guide til et meningsfuldt og ansvarligt ophold Indholdsfortegnelse 1. Introduktion: Hvorfor v\u00e6lge en humanit\u00e6r rejse\u2026<\/p>\n","protected":false},"author":7,"featured_media":5939,"comment_status":"open","ping_status":"open","sticky":false,"template":"","format":"standard","meta":{"footnotes":""},"categories":[6,4],"tags":[],"yoast_head":"<!-- This site is optimized with the Yoast SEO Premium plugin v23.4 (Yoast SEO v23.4) - https:\/\/yoast.com\/wordpress\/plugins\/seo\/ -->\n<title>Humanit\u00e6rt ophold i Ecuador: Den komplette guide til frivilligt arbejde<\/title>\n<meta name=\"description\" content=\"D\u00e9couvrez comment pr\u00e9parer et r\u00e9ussir votre voyage humanitaire en \u00c9quateur, de la s\u00e9lection du projet aux conseils pratiques et culturels.\" \/>\n<meta name=\"robots\" content=\"index, follow, max-snippet:-1, max-image-preview:large, max-video-preview:-1\" \/>\n<link rel=\"canonical\" href=\"https:\/\/www.vita-explorers.dk\/blog\/humanitaer-rejse-i-ecuador\/\" \/>\n<meta property=\"og:locale\" content=\"da_DK\" \/>\n<meta property=\"og:type\" content=\"article\" \/>\n<meta property=\"og:title\" content=\"Humanit\u00e6r rejse til Ecuador\" \/>\n<meta property=\"og:description\" content=\"D\u00e9couvrez comment pr\u00e9parer et r\u00e9ussir votre voyage humanitaire en \u00c9quateur, de la s\u00e9lection du projet aux conseils pratiques et culturels.\" \/>\n<meta property=\"og:url\" content=\"https:\/\/www.vita-explorers.dk\/blog\/humanitaer-rejse-i-ecuador\/\" \/>\n<meta property=\"og:site_name\" content=\"VITA Explorers Blog\" \/>\n<meta property=\"article:publisher\" content=\"https:\/\/www.facebook.com\/globalong\" \/>\n<meta property=\"article:published_time\" content=\"2025-01-26T02:44:04+00:00\" \/>\n<meta property=\"article:modified_time\" content=\"2025-11-12T15:14:23+00:00\" \/>\n<meta property=\"og:image\" content=\"https:\/\/www.vita-explorers.dk\/blog\/wp-content\/uploads\/2016\/12\/Sandy-et-Globalong-en-Equateur.jpg\" \/>\n\t<meta property=\"og:image:width\" content=\"1632\" \/>\n\t<meta property=\"og:image:height\" content=\"918\" \/>\n\t<meta property=\"og:image:type\" content=\"image\/jpeg\" \/>\n<meta name=\"author\" content=\"VITA Tribe\" \/>\n<meta name=\"twitter:card\" content=\"summary_large_image\" \/>\n<meta name=\"twitter:label1\" content=\"Skrevet af\" \/>\n\t<meta name=\"twitter:data1\" content=\"VITA Tribe\" \/>\n\t<meta name=\"twitter:label2\" content=\"Estimeret l\u00e6setid\" \/>\n\t<meta name=\"twitter:data2\" content=\"15 minutter\" \/>\n<script type=\"application\/ld+json\" class=\"yoast-schema-graph\">{\"@context\":\"https:\/\/schema.org\",\"@graph\":[{\"@type\":\"Article\",\"@id\":\"https:\/\/www.vita-explorers.dk\/blog\/humanitaer-rejse-i-ecuador\/#article\",\"isPartOf\":{\"@id\":\"https:\/\/www.vita-explorers.dk\/blog\/humanitaer-rejse-i-ecuador\/\"},\"author\":{\"name\":\"VITA Tribe\",\"@id\":\"https:\/\/www.vita-explorers.dk\/blog\/#\/schema\/person\/fc0343a2f2db2ebb2793c1f62dbe73f0\"},\"headline\":\"Humanit\u00e6r rejse til Ecuador\",\"datePublished\":\"2025-01-26T02:44:04+00:00\",\"dateModified\":\"2025-11-12T15:14:23+00:00\",\"mainEntityOfPage\":{\"@id\":\"https:\/\/www.vita-explorers.dk\/blog\/humanitaer-rejse-i-ecuador\/\"},\"wordCount\":2599,\"commentCount\":0,\"publisher\":{\"@id\":\"https:\/\/www.vita-explorers.dk\/blog\/#organization\"},\"image\":{\"@id\":\"https:\/\/www.vita-explorers.dk\/blog\/humanitaer-rejse-i-ecuador\/#primaryimage\"},\"thumbnailUrl\":\"https:\/\/www.vita-explorers.dk\/blog\/wp-content\/uploads\/2016\/12\/Sandy-et-Globalong-en-Equateur.jpg\",\"articleSection\":[\"Nyheder\",\"VITA Explorers\"],\"inLanguage\":\"da-DK\",\"potentialAction\":[{\"@type\":\"CommentAction\",\"name\":\"Comment\",\"target\":[\"https:\/\/www.vita-explorers.dk\/blog\/humanitaer-rejse-i-ecuador\/#respond\"]}]},{\"@type\":\"WebPage\",\"@id\":\"https:\/\/www.vita-explorers.dk\/blog\/humanitaer-rejse-i-ecuador\/\",\"url\":\"https:\/\/www.vita-explorers.dk\/blog\/humanitaer-rejse-i-ecuador\/\",\"name\":\"Humanit\u00e6rt ophold i Ecuador: Den komplette guide til frivilligt arbejde\",\"isPartOf\":{\"@id\":\"https:\/\/www.vita-explorers.dk\/blog\/#website\"},\"primaryImageOfPage\":{\"@id\":\"https:\/\/www.vita-explorers.dk\/blog\/humanitaer-rejse-i-ecuador\/#primaryimage\"},\"image\":{\"@id\":\"https:\/\/www.vita-explorers.dk\/blog\/humanitaer-rejse-i-ecuador\/#primaryimage\"},\"thumbnailUrl\":\"https:\/\/www.vita-explorers.dk\/blog\/wp-content\/uploads\/2016\/12\/Sandy-et-Globalong-en-Equateur.jpg\",\"datePublished\":\"2025-01-26T02:44:04+00:00\",\"dateModified\":\"2025-11-12T15:14:23+00:00\",\"description\":\"D\u00e9couvrez comment pr\u00e9parer et r\u00e9ussir votre voyage humanitaire en \u00c9quateur, de la s\u00e9lection du projet aux conseils pratiques et culturels.\",\"breadcrumb\":{\"@id\":\"https:\/\/www.vita-explorers.dk\/blog\/humanitaer-rejse-i-ecuador\/#breadcrumb\"},\"inLanguage\":\"da-DK\",\"potentialAction\":[{\"@type\":\"ReadAction\",\"target\":[\"https:\/\/www.vita-explorers.dk\/blog\/humanitaer-rejse-i-ecuador\/\"]}]},{\"@type\":\"ImageObject\",\"inLanguage\":\"da-DK\",\"@id\":\"https:\/\/www.vita-explorers.dk\/blog\/humanitaer-rejse-i-ecuador\/#primaryimage\",\"url\":\"https:\/\/www.vita-explorers.dk\/blog\/wp-content\/uploads\/2016\/12\/Sandy-et-Globalong-en-Equateur.jpg\",\"contentUrl\":\"https:\/\/www.vita-explorers.dk\/blog\/wp-content\/uploads\/2016\/12\/Sandy-et-Globalong-en-Equateur.jpg\",\"width\":1632,\"height\":918,\"caption\":\"Vpyage humanitaire en Equateur\"},{\"@type\":\"BreadcrumbList\",\"@id\":\"https:\/\/www.vita-explorers.dk\/blog\/humanitaer-rejse-i-ecuador\/#breadcrumb\",\"itemListElement\":[{\"@type\":\"ListItem\",\"position\":1,\"name\":\"Accueil\",\"item\":\"https:\/\/www.vita-explorers.dk\/blog\/\"},{\"@type\":\"ListItem\",\"position\":2,\"name\":\"Humanit\u00e6r rejse til Ecuador\"}]},{\"@type\":\"WebSite\",\"@id\":\"https:\/\/www.vita-explorers.dk\/blog\/#website\",\"url\":\"https:\/\/www.vita-explorers.dk\/blog\/\",\"name\":\"Association Globalong\",\"description\":\"Frivilligt arbejde, sprogophold, praktik i udlandet og internationale oplevelser\",\"publisher\":{\"@id\":\"https:\/\/www.vita-explorers.dk\/blog\/#organization\"},\"potentialAction\":[{\"@type\":\"SearchAction\",\"target\":{\"@type\":\"EntryPoint\",\"urlTemplate\":\"https:\/\/www.vita-explorers.dk\/blog\/?s={search_term_string}\"},\"query-input\":{\"@type\":\"PropertyValueSpecification\",\"valueRequired\":true,\"valueName\":\"search_term_string\"}}],\"inLanguage\":\"da-DK\"},{\"@type\":\"Organization\",\"@id\":\"https:\/\/www.vita-explorers.dk\/blog\/#organization\",\"name\":\"Association Globalong\",\"url\":\"https:\/\/www.vita-explorers.dk\/blog\/\",\"logo\":{\"@type\":\"ImageObject\",\"inLanguage\":\"da-DK\",\"@id\":\"https:\/\/www.vita-explorers.dk\/blog\/#\/schema\/logo\/image\/\",\"url\":\"https:\/\/www.globalong.com\/blog\/wp-content\/uploads\/2014\/11\/cropped-cropped-Logo-et-Afrique-Globalong-petite-taille-2.jpg\",\"contentUrl\":\"https:\/\/www.globalong.com\/blog\/wp-content\/uploads\/2014\/11\/cropped-cropped-Logo-et-Afrique-Globalong-petite-taille-2.jpg\",\"width\":512,\"height\":512,\"caption\":\"Association Globalong\"},\"image\":{\"@id\":\"https:\/\/www.vita-explorers.dk\/blog\/#\/schema\/logo\/image\/\"},\"sameAs\":[\"https:\/\/www.facebook.com\/globalong\"]},{\"@type\":\"Person\",\"@id\":\"https:\/\/www.vita-explorers.dk\/blog\/#\/schema\/person\/fc0343a2f2db2ebb2793c1f62dbe73f0\",\"name\":\"VITA Tribe\",\"image\":{\"@type\":\"ImageObject\",\"inLanguage\":\"da-DK\",\"@id\":\"https:\/\/www.vita-explorers.dk\/blog\/#\/schema\/person\/image\/\",\"url\":\"https:\/\/secure.gravatar.com\/avatar\/f7f05026bb439d0c96b30e135e5f852c?s=96&d=mm&r=g\",\"contentUrl\":\"https:\/\/secure.gravatar.com\/avatar\/f7f05026bb439d0c96b30e135e5f852c?s=96&d=mm&r=g\",\"caption\":\"VITA Tribe\"},\"sameAs\":[\"http:\/\/www.globalong.com\"],\"url\":\"https:\/\/www.vita-explorers.dk\/blog\/author\/teamglobalong\/\"}]}<\/script>\n<!-- \/ Yoast SEO Premium plugin. -->","yoast_head_json":{"title":"Humanit\u00e6rt ophold i Ecuador: Den komplette guide til frivilligt arbejde","description":"D\u00e9couvrez comment pr\u00e9parer et r\u00e9ussir votre voyage humanitaire en \u00c9quateur, de la s\u00e9lection du projet aux conseils pratiques et culturels.","robots":{"index":"index","follow":"follow","max-snippet":"max-snippet:-1","max-image-preview":"max-image-preview:large","max-video-preview":"max-video-preview:-1"},"canonical":"https:\/\/www.vita-explorers.dk\/blog\/humanitaer-rejse-i-ecuador\/","og_locale":"da_DK","og_type":"article","og_title":"Humanit\u00e6r rejse til Ecuador","og_description":"D\u00e9couvrez comment pr\u00e9parer et r\u00e9ussir votre voyage humanitaire en \u00c9quateur, de la s\u00e9lection du projet aux conseils pratiques et culturels.","og_url":"https:\/\/www.vita-explorers.dk\/blog\/humanitaer-rejse-i-ecuador\/","og_site_name":"VITA Explorers Blog","article_publisher":"https:\/\/www.facebook.com\/globalong","article_published_time":"2025-01-26T02:44:04+00:00","article_modified_time":"2025-11-12T15:14:23+00:00","og_image":[{"width":1632,"height":918,"url":"https:\/\/www.vita-explorers.dk\/blog\/wp-content\/uploads\/2016\/12\/Sandy-et-Globalong-en-Equateur.jpg","type":"image\/jpeg"}],"author":"VITA Tribe","twitter_card":"summary_large_image","twitter_misc":{"Skrevet af":"VITA Tribe","Estimeret l\u00e6setid":"15 minutter"},"schema":{"@context":"https:\/\/schema.org","@graph":[{"@type":"Article","@id":"https:\/\/www.vita-explorers.dk\/blog\/humanitaer-rejse-i-ecuador\/#article","isPartOf":{"@id":"https:\/\/www.vita-explorers.dk\/blog\/humanitaer-rejse-i-ecuador\/"},"author":{"name":"VITA Tribe","@id":"https:\/\/www.vita-explorers.dk\/blog\/#\/schema\/person\/fc0343a2f2db2ebb2793c1f62dbe73f0"},"headline":"Humanit\u00e6r rejse til Ecuador","datePublished":"2025-01-26T02:44:04+00:00","dateModified":"2025-11-12T15:14:23+00:00","mainEntityOfPage":{"@id":"https:\/\/www.vita-explorers.dk\/blog\/humanitaer-rejse-i-ecuador\/"},"wordCount":2599,"commentCount":0,"publisher":{"@id":"https:\/\/www.vita-explorers.dk\/blog\/#organization"},"image":{"@id":"https:\/\/www.vita-explorers.dk\/blog\/humanitaer-rejse-i-ecuador\/#primaryimage"},"thumbnailUrl":"https:\/\/www.vita-explorers.dk\/blog\/wp-content\/uploads\/2016\/12\/Sandy-et-Globalong-en-Equateur.jpg","articleSection":["Nyheder","VITA Explorers"],"inLanguage":"da-DK","potentialAction":[{"@type":"CommentAction","name":"Comment","target":["https:\/\/www.vita-explorers.dk\/blog\/humanitaer-rejse-i-ecuador\/#respond"]}]},{"@type":"WebPage","@id":"https:\/\/www.vita-explorers.dk\/blog\/humanitaer-rejse-i-ecuador\/","url":"https:\/\/www.vita-explorers.dk\/blog\/humanitaer-rejse-i-ecuador\/","name":"Humanit\u00e6rt ophold i Ecuador: Den komplette guide til frivilligt arbejde","isPartOf":{"@id":"https:\/\/www.vita-explorers.dk\/blog\/#website"},"primaryImageOfPage":{"@id":"https:\/\/www.vita-explorers.dk\/blog\/humanitaer-rejse-i-ecuador\/#primaryimage"},"image":{"@id":"https:\/\/www.vita-explorers.dk\/blog\/humanitaer-rejse-i-ecuador\/#primaryimage"},"thumbnailUrl":"https:\/\/www.vita-explorers.dk\/blog\/wp-content\/uploads\/2016\/12\/Sandy-et-Globalong-en-Equateur.jpg","datePublished":"2025-01-26T02:44:04+00:00","dateModified":"2025-11-12T15:14:23+00:00","description":"D\u00e9couvrez comment pr\u00e9parer et r\u00e9ussir votre voyage humanitaire en \u00c9quateur, de la s\u00e9lection du projet aux conseils pratiques et culturels.","breadcrumb":{"@id":"https:\/\/www.vita-explorers.dk\/blog\/humanitaer-rejse-i-ecuador\/#breadcrumb"},"inLanguage":"da-DK","potentialAction":[{"@type":"ReadAction","target":["https:\/\/www.vita-explorers.dk\/blog\/humanitaer-rejse-i-ecuador\/"]}]},{"@type":"ImageObject","inLanguage":"da-DK","@id":"https:\/\/www.vita-explorers.dk\/blog\/humanitaer-rejse-i-ecuador\/#primaryimage","url":"https:\/\/www.vita-explorers.dk\/blog\/wp-content\/uploads\/2016\/12\/Sandy-et-Globalong-en-Equateur.jpg","contentUrl":"https:\/\/www.vita-explorers.dk\/blog\/wp-content\/uploads\/2016\/12\/Sandy-et-Globalong-en-Equateur.jpg","width":1632,"height":918,"caption":"Vpyage humanitaire en Equateur"},{"@type":"BreadcrumbList","@id":"https:\/\/www.vita-explorers.dk\/blog\/humanitaer-rejse-i-ecuador\/#breadcrumb","itemListElement":[{"@type":"ListItem","position":1,"name":"Accueil","item":"https:\/\/www.vita-explorers.dk\/blog\/"},{"@type":"ListItem","position":2,"name":"Humanit\u00e6r rejse til Ecuador"}]},{"@type":"WebSite","@id":"https:\/\/www.vita-explorers.dk\/blog\/#website","url":"https:\/\/www.vita-explorers.dk\/blog\/","name":"Association Globalong","description":"Frivilligt arbejde, sprogophold, praktik i udlandet og internationale oplevelser","publisher":{"@id":"https:\/\/www.vita-explorers.dk\/blog\/#organization"},"potentialAction":[{"@type":"SearchAction","target":{"@type":"EntryPoint","urlTemplate":"https:\/\/www.vita-explorers.dk\/blog\/?s={search_term_string}"},"query-input":{"@type":"PropertyValueSpecification","valueRequired":true,"valueName":"search_term_string"}}],"inLanguage":"da-DK"},{"@type":"Organization","@id":"https:\/\/www.vita-explorers.dk\/blog\/#organization","name":"Association Globalong","url":"https:\/\/www.vita-explorers.dk\/blog\/","logo":{"@type":"ImageObject","inLanguage":"da-DK","@id":"https:\/\/www.vita-explorers.dk\/blog\/#\/schema\/logo\/image\/","url":"https:\/\/www.globalong.com\/blog\/wp-content\/uploads\/2014\/11\/cropped-cropped-Logo-et-Afrique-Globalong-petite-taille-2.jpg","contentUrl":"https:\/\/www.globalong.com\/blog\/wp-content\/uploads\/2014\/11\/cropped-cropped-Logo-et-Afrique-Globalong-petite-taille-2.jpg","width":512,"height":512,"caption":"Association Globalong"},"image":{"@id":"https:\/\/www.vita-explorers.dk\/blog\/#\/schema\/logo\/image\/"},"sameAs":["https:\/\/www.facebook.com\/globalong"]},{"@type":"Person","@id":"https:\/\/www.vita-explorers.dk\/blog\/#\/schema\/person\/fc0343a2f2db2ebb2793c1f62dbe73f0","name":"VITA Tribe","image":{"@type":"ImageObject","inLanguage":"da-DK","@id":"https:\/\/www.vita-explorers.dk\/blog\/#\/schema\/person\/image\/","url":"https:\/\/secure.gravatar.com\/avatar\/f7f05026bb439d0c96b30e135e5f852c?s=96&d=mm&r=g","contentUrl":"https:\/\/secure.gravatar.com\/avatar\/f7f05026bb439d0c96b30e135e5f852c?s=96&d=mm&r=g","caption":"VITA Tribe"},"sameAs":["http:\/\/www.globalong.com"],"url":"https:\/\/www.vita-explorers.dk\/blog\/author\/teamglobalong\/"}]}},"_links":{"self":[{"href":"https:\/\/www.vita-explorers.dk\/blog\/wp-json\/wp\/v2\/posts\/20115"}],"collection":[{"href":"https:\/\/www.vita-explorers.dk\/blog\/wp-json\/wp\/v2\/posts"}],"about":[{"href":"https:\/\/www.vita-explorers.dk\/blog\/wp-json\/wp\/v2\/types\/post"}],"author":[{"embeddable":true,"href":"https:\/\/www.vita-explorers.dk\/blog\/wp-json\/wp\/v2\/users\/7"}],"replies":[{"embeddable":true,"href":"https:\/\/www.vita-explorers.dk\/blog\/wp-json\/wp\/v2\/comments?post=20115"}],"version-history":[{"count":6,"href":"https:\/\/www.vita-explorers.dk\/blog\/wp-json\/wp\/v2\/posts\/20115\/revisions"}],"predecessor-version":[{"id":22497,"href":"https:\/\/www.vita-explorers.dk\/blog\/wp-json\/wp\/v2\/posts\/20115\/revisions\/22497"}],"wp:featuredmedia":[{"embeddable":true,"href":"https:\/\/www.vita-explorers.dk\/blog\/wp-json\/wp\/v2\/media\/5939"}],"wp:attachment":[{"href":"https:\/\/www.vita-explorers.dk\/blog\/wp-json\/wp\/v2\/media?parent=20115"}],"wp:term":[{"taxonomy":"category","embeddable":true,"href":"https:\/\/www.vita-explorers.dk\/blog\/wp-json\/wp\/v2\/categories?post=20115"},{"taxonomy":"post_tag","embeddable":true,"href":"https:\/\/www.vita-explorers.dk\/blog\/wp-json\/wp\/v2\/tags?post=20115"}],"curies":[{"name":"wp","href":"https:\/\/api.w.org\/{rel}","templated":true}]}}