{"id":20667,"date":"2025-02-09T03:52:06","date_gmt":"2025-02-09T02:52:06","guid":{"rendered":"https:\/\/www.globalong.com\/blog\/?p=20667"},"modified":"2025-02-02T14:24:15","modified_gmt":"2025-02-02T13:24:15","slug":"inspirerende-citater-om-humanitaert-engagement","status":"publish","type":"post","link":"https:\/\/www.vita-explorers.dk\/blog\/inspirerende-citater-om-humanitaert-engagement\/","title":{"rendered":"Inspirerende citater om humanit\u00e6rt engagement"},"content":{"rendered":"<p><!--?php \/* Template Name: Citations Engagement Humanitaire Complet *\/ ?--><\/p>\n<p><!-- Titre optimis\u00e9 pour le SEO --><\/p>\n<p><!-- Meta description optimis\u00e9e pour Yoast SEO --><\/p>\n<p><!-- Balise canonical pour \u00e9viter le contenu dupliqu\u00e9 --><\/p>\n<p><!-- Open Graph pour le partage sur les r\u00e9seaux sociaux --><\/p>\n<p><!-- Twitter Card --><\/p>\n<p><!-- Feuille de style (optionnel : adapter selon votre th\u00e8me) --><\/p>\n<p><!--?php wp_head(); \/\/ Fonction WordPress pour ins\u00e9rer les scripts et styles n\u00e9cessaires ?--><\/p>\n<p>><\/p>\n<p><!-- En-t\u00eate de l'article --><\/p>\n<header class=\"entry-header\">\n<h1 class=\"entry-title\">10 inspirerende citater om humanit\u00e6rt engagement: En komplet guide til at blive inspireret og handle<\/h1>\n<\/header>\n<p><!-- Navigation interne (Table des Mati\u00e8res) --><\/p>\n<nav id=\"table-des-matieres\">\n<ul>\n<li><a href=\"#introduction\">Introduktion: inspirerende citater om humanit\u00e6rt engagement<\/a><\/li>\n<li><a href=\"#citation-1\">Citat 1: V\u00e6r den forandring&#8230;<\/a><\/li>\n<li><a href=\"#citation-2\">Citat 2: Menneskelighed er vores ansvar&#8230;<\/a><\/li>\n<li><a href=\"#citation-3\">Citat 3: Solidaritet er ikke bare ord&#8230;<\/a><\/li>\n<li><a href=\"#citation-4\">Citat 4: Hver lille handling t\u00e6ller&#8230;<\/a><\/li>\n<li><a href=\"#citation-5\">Citat 5: At give er at s\u00e5 fremtiden&#8230;<\/a><\/li>\n<li><a href=\"#citation-6\">Citat 6: Hj\u00e6lp til hinanden er den sande styrke&#8230;<\/a><\/li>\n<li><a href=\"#citation-7\">Citat 7: N\u00e5r du hj\u00e6lper andre, l\u00f8fter du ogs\u00e5 dig selv&#8230;<\/a><\/li>\n<li><a href=\"#citation-8\">Citat 8: Humanit\u00e6rt engagement er et lys&#8230;<\/a><\/li>\n<li><a href=\"#citation-9\">Citat 9: En bedre verden begynder&#8230;<\/a><\/li>\n<li><a href=\"#citation-10\">Citat 10: Menneskeheden samles, n\u00e5r h\u00e5bet viser vej&#8230;<\/a><\/li>\n<li><a href=\"#conclusion\">Konklusion<\/a><\/li>\n<li><a href=\"#ressources\">Ressourcer og nyttige links<\/a><\/li>\n<\/ul>\n<\/nav>\n<p><!-- Contenu principal de l'article --><\/p>\n<p><main class=\"entry-content\"><br \/>\n<!-- Introduction --><\/main><\/p>\n<section id=\"introduction\">\n<h2><strong>Introduktion: Humanit\u00e6rt engagement og inspiration<\/strong><\/h2>\n<p style=\"text-align: justify;\">I en verden i konstant forandring minder humanit\u00e6re kriser \u2013 sociale, milj\u00f8m\u00e6ssige og \u00f8konomiske \u2013 os om, at f\u00e6lles ansvar og handling betyder noget. Ord kan inspirere og samle mennesker. Derfor deler vi her <strong>10 inspirerende citater om humanit\u00e6rt engagement<\/strong>, som forh\u00e5bentlig kan give perspektiv og styrke lysten til at g\u00f8re en forskel.<\/p>\n<p style=\"text-align: justify;\">Uanset om du har v\u00e6ret engageret l\u00e6nge eller f\u00f8rst er ved at tage de f\u00f8rste skridt ind i frivilligt arbejde, kan citaterne her opmuntre dig til at handle, stille sp\u00f8rgsm\u00e5l til dine valg og udvikle en dybere forst\u00e5else for andre. Hvert citat er valgt for sin relevans og gennemslagskraft \u2013 og fordi det kan oms\u00e6ttes til konkrete, meningsfulde handlinger.<\/p>\n<div style=\"width: 1920px;\" class=\"wp-video\"><!--[if lt IE 9]><script>document.createElement('video');<\/script><![endif]-->\n<video class=\"wp-video-shortcode\" id=\"video-20667-1\" width=\"1920\" height=\"1080\" preload=\"metadata\" controls=\"controls\"><source type=\"video\/mp4\" src=\"https:\/\/www.vita-explorers.dk\/blog\/wp-content\/uploads\/2024\/07\/My-Movie-1.mp4?_=1\" \/><a href=\"https:\/\/www.vita-explorers.dk\/blog\/wp-content\/uploads\/2024\/07\/My-Movie-1.mp4\">https:\/\/www.vita-explorers.dk\/blog\/wp-content\/uploads\/2024\/07\/My-Movie-1.mp4<\/a><\/video><\/div>\n<\/section>\n<p><!-- Citation 1 --><\/p>\n<section id=\"citation-1\">\n<h2>Citat 1 : \u00ab V\u00e6r den forandring, du \u00f8nsker at se i verden. \u00bb \u2013 Mahatma Gandhi<\/h2>\n<p style=\"text-align: justify;\">Mahatma Gandhis klassiske citat minder os om, at forandring ikke kommer af sig selv. I stedet handler det om at v\u00e6re et konkret eksempel p\u00e5 den udvikling, man gerne vil se. Selv sm\u00e5, personlige valg kan v\u00e6re med til at flytte noget i f\u00e6llesskabet.<\/p>\n<h3><strong>Analyse og anvendelse<\/strong><\/h3>\n<ul>\n<li><strong>Personligt ansvar:<\/strong> Hver handling t\u00e6ller. Et respektfuldt og solidarisk mindset kan skabe ringe i vandet.<\/li>\n<li><strong>At g\u00e5 forrest med et godt eksempel:<\/strong> N\u00e5r du tr\u00e6ffer etiske valg, inspirerer du ofte andre til at g\u00f8re det samme.<\/li>\n<li><strong>Sm\u00e5 skridt, stor betydning:<\/strong> Selv sm\u00e5 indsatser \u2013 som frivilligt arbejde eller hj\u00e6lp i hverdagen \u2013 kan styrke et lokalsamfund.<\/li>\n<\/ul>\n<h3><strong>Forslag til konkrete handlinger<\/strong><\/h3>\n<ul>\n<li><em>B\u00e6redygtighed i hverdagen:<\/em> Sk\u00e6r ned p\u00e5 plastik, genbrug, og v\u00e6lg transportformer med lavere klimaaftryk.<\/li>\n<li><em>Lokalt engagement:<\/em> Bliv en del af et f\u00e6llesskab eller start et lille initiativ, der forbedrer dit n\u00e6romr\u00e5de.<\/li>\n<li><em>L\u00e6ring og oplysning:<\/em> Deltag i workshops eller opl\u00e6g om ansvarlige ophold og humanit\u00e6rt engagement.<\/li>\n<\/ul>\n<p><img loading=\"lazy\" decoding=\"async\" class=\"aligncenter wp-image-19358 size-medium\" src=\"https:\/\/www.vita-explorers.dk\/blog\/wp-content\/uploads\/2024\/11\/mission-humanitaire-senegal-1-6565c13b81337-300x195.png\" alt=\"Humanit\u00e6r rejse i Senegal\" width=\"300\" height=\"195\" srcset=\"https:\/\/www.vita-explorers.dk\/blog\/wp-content\/uploads\/2024\/11\/mission-humanitaire-senegal-1-6565c13b81337-300x195.png 300w, https:\/\/www.vita-explorers.dk\/blog\/wp-content\/uploads\/2024\/11\/mission-humanitaire-senegal-1-6565c13b81337.png 370w\" sizes=\"(max-width: 300px) 100vw, 300px\" \/><\/p>\n<\/section>\n<p><!-- Citation 2 --><\/p>\n<section id=\"citation-2\">\n<h2><strong>Citat 2 : \u00ab Menneskelighed er vores ansvar \u2013 ikke kun et privilegium. \u00bb<\/strong><\/h2>\n<p style=\"text-align: justify;\">Citatet peger p\u00e5, at humanit\u00e6rt engagement ikke kun er noget, man g\u00f8r, n\u00e5r det passer ind. Det handler ogs\u00e5 om et f\u00e6lles moralsk ansvar: at se s\u00e5rbarhed og reagere med omtanke \u2013 ikke som velg\u00f8renhed, men som medmenneskelighed.<\/p>\n<h3><strong>Analyse<\/strong><\/h3>\n<ul>\n<li><strong>Moralsk ansvar:<\/strong> Vi har alle et ansvar over for mennesker i sv\u00e6re situationer \u2013 p\u00e5 tv\u00e6rs af sociale og kulturelle forskelle.<\/li>\n<li><strong>Universel solidaritet:<\/strong> Omsorg og respekt b\u00f8r g\u00e6lde alle, uden diskrimination.<\/li>\n<li><strong>Etik i praksis:<\/strong> N\u00e5r vi hj\u00e6lper andre, er vi med til at styrke et mere retf\u00e6rdigt og ligev\u00e6rdigt samfund.<\/li>\n<\/ul>\n<h3><strong>Forslag til konkrete handlinger<\/strong><\/h3>\n<ul>\n<li><em>Donationer og \u00f8konomisk st\u00f8tte:<\/em> St\u00f8t j\u00e6vnligt <a href=\"https:\/\/www.vita-explorers.dk\/association-globalong.html\" target=\"_blank\" rel=\"noopener\">humanit\u00e6re organisationer.<\/a><\/li>\n<li><em>Mentorordninger og uddannelse:<\/em> Engag\u00e9r dig i mentorprogrammer, der hj\u00e6lper unge med at h\u00e5ndtere udfordringer.<\/li>\n<li><em>Aktiv deltagelse:<\/em> V\u00e6r med i projekter, der arbejder med lokal udvikling og f\u00e6llesskab.<\/li>\n<\/ul>\n<\/section>\n<p><!-- Citation 3 --><\/p>\n<section id=\"citation-3\">\n<h2>Citat 3 : \u00ab Solidaritet er ikke bare et ord \u2013 det er en handling. \u00bb<\/h2>\n<p style=\"text-align: justify;\">Solidaritet m\u00e5les i det, vi g\u00f8r \u2013 ikke i det, vi siger. Citatet understreger v\u00e6rdien af at oms\u00e6tte gode intentioner til konkrete handlinger, der reelt hj\u00e6lper andre mennesker.<\/p>\n<h3><strong>Analyse og betydning<\/strong><\/h3>\n<ul>\n<li><strong>At v\u00e6re der:<\/strong> Solidaritet kan v\u00e6re meget konkret \u2013 fra n\u00e6rv\u00e6r og st\u00f8tte til praktisk hj\u00e6lp.<\/li>\n<li><strong>Forandring gennem handling:<\/strong> Hvert initiativ styrker f\u00e6llesskabet og bygger relationer p\u00e5 tv\u00e6rs.<\/li>\n<li><strong>F\u00e6lles inspiration:<\/strong> N\u00e5r du handler, kan det motivere andre til ogs\u00e5 at engagere sig.<\/li>\n<\/ul>\n<h3><strong>Forslag til konkrete handlinger<\/strong><\/h3>\n<ul>\n<li><em>Regelm\u00e6ssigt frivilligt arbejde:<\/em> Engag\u00e9r dig i lokale eller internationale initiativer.<\/li>\n<li><em>Indsamlinger:<\/em> Arrang\u00e9r eller deltag i <a href=\"https:\/\/tribee.fr\/associations\/globalong\/\" target=\"_blank\" rel=\"noopener\">indsamlinger<\/a> af penge eller n\u00f8dvendige varer.<\/li>\n<li><em>Hj\u00e6lpenetv\u00e6rk:<\/em> St\u00f8t op om netv\u00e6rk i dit omr\u00e5de, der g\u00f8r det lettere at hj\u00e6lpe hinanden.<\/li>\n<\/ul>\n<p><iframe loading=\"lazy\" title=\"Stage infirmier en Tanzanie avec l&#039;association Globalong\" width=\"500\" height=\"281\" src=\"https:\/\/www.youtube.com\/embed\/H_AgGbuHtOc?feature=oembed\" frameborder=\"0\" allow=\"accelerometer; autoplay; clipboard-write; encrypted-media; gyroscope; picture-in-picture; web-share\" referrerpolicy=\"strict-origin-when-cross-origin\" allowfullscreen><\/iframe><\/p>\n<\/section>\n<p><!-- Citation 4 --><\/p>\n<section id=\"citation-4\">\n<h2>Citat 4 : \u00ab Hver lille handling t\u00e6ller \u2013 hvert smil kan give h\u00e5b. \u00bb<\/h2>\n<p style=\"text-align: justify;\">Citatet minder os om, at selv sm\u00e5 ting kan g\u00f8re en forskel. Et smil, en venlig gestus eller en kort hj\u00e6lpende h\u00e5nd kan lette en dag \u2013 is\u00e6r n\u00e5r livet er tungt.<\/p>\n<h3><strong>Analyse<\/strong><\/h3>\n<ul>\n<li><strong>V\u00e6rdien af det sm\u00e5:<\/strong> Vi leder ofte efter store l\u00f8sninger, men de sm\u00e5 handlinger i hverdagen skaber ogs\u00e5 forandring.<\/li>\n<li><strong>H\u00e5b i praksis:<\/strong> Venlighed kan styrke tillid og give mod hos andre.<\/li>\n<li><strong>Hverdagsvaner:<\/strong> N\u00e5r sm\u00e5 handlinger bliver en del af din rutine, p\u00e5virker det positivt dit milj\u00f8.<\/li>\n<\/ul>\n<h3><strong>Forslag til konkrete handlinger<\/strong><\/h3>\n<ul>\n<li><em>Taknemmelighed i hverdagen:<\/em> Vis, at du v\u00e6rds\u00e6tter mennesker omkring dig \u2013 ogs\u00e5 dem, du kun m\u00f8der kort.<\/li>\n<li><em>En daglig, hj\u00e6lpsom handling:<\/em> Hj\u00e6lp en person, giv et \u00e6rligt smil eller et opmuntrende ord.<\/li>\n<li><em>Lokale initiativer:<\/em> Deltag i kampagner i dit omr\u00e5de, der styrker trivsel og f\u00e6llesskab.<\/li>\n<\/ul>\n<\/section>\n<p><!-- Citation 5 --><\/p>\n<section id=\"citation-5\">\n<h2><strong>Citat 5 : \u00ab At give er at s\u00e5 fremtiden. \u00bb<\/strong><\/h2>\n<p style=\"text-align: justify;\">At give \u2013 tid, penge eller kompetencer \u2013 kan ses som en investering i en bedre fremtid. Hver gang vi bidrager, l\u00e6gger vi en lille byggesten, der kan vokse til noget, som kommer flere til gavn.<\/p>\n<h3><strong>Analyse<\/strong><\/h3>\n<ul>\n<li><strong>Investering i fremtiden:<\/strong> At give er ikke et tab \u2013 det er en m\u00e5de at styrke et mere solidarisk samfund p\u00e5.<\/li>\n<li><strong>F\u00e6lles ansvar:<\/strong> Ogs\u00e5 sm\u00e5 bidrag kan g\u00f8re en reel forskel over tid.<\/li>\n<li><strong>En positiv spiral:<\/strong> Gener\u00f8sitet smitter ofte og kan skabe mere engagement i et f\u00e6llesskab.<\/li>\n<\/ul>\n<h3><strong>Forslag til konkrete handlinger<\/strong><\/h3>\n<ul>\n<li><em>Faste donationer:<\/em> Planl\u00e6g regelm\u00e6ssig st\u00f8tte til initiativer, du har tillid til.<\/li>\n<li><em>Del dine kompetencer:<\/em> Tilbyd din faglighed til organisationer og projekter, der mangler ressourcer.<\/li>\n<li><em>Solidaritetsarrangementer:<\/em> V\u00e6r med i indsamlinger og kampagner, der skaber konkret st\u00f8tte.<\/li>\n<\/ul>\n<p><img loading=\"lazy\" decoding=\"async\" class=\"aligncenter wp-image-19736 size-medium\" src=\"https:\/\/www.vita-explorers.dk\/blog\/wp-content\/uploads\/2024\/12\/107695164_1357931937735407_4757696997449785457_n-225x300.jpg\" alt=\"Unge deltagere i gang\" width=\"225\" height=\"300\" srcset=\"https:\/\/www.vita-explorers.dk\/blog\/wp-content\/uploads\/2024\/12\/107695164_1357931937735407_4757696997449785457_n-225x300.jpg 225w, https:\/\/www.vita-explorers.dk\/blog\/wp-content\/uploads\/2024\/12\/107695164_1357931937735407_4757696997449785457_n.jpg 720w\" sizes=\"(max-width: 225px) 100vw, 225px\" \/><\/p>\n<\/section>\n<p><!-- Citation 6 --><\/p>\n<section id=\"citation-6\">\n<h2>Citat 6 : \u00ab Hj\u00e6lp til hinanden er den sande styrke i et samfund. \u00bb<\/h2>\n<p style=\"text-align: justify;\">N\u00e5r vi hj\u00e6lper hinanden, bliver vi st\u00e6rkere som f\u00e6llesskab. Det skaber sammenh\u00e6ngskraft og g\u00f8r det lettere at h\u00e5ndtere b\u00e5de sm\u00e5 og store udfordringer \u2013 sammen.<\/p>\n<h3><strong>Analyse<\/strong><\/h3>\n<ul>\n<li><strong>F\u00e6lles styrke:<\/strong> Samfund med st\u00e6rke hj\u00e6lpekulturer st\u00e5r mere robust i kriser.<\/li>\n<li><strong>Modstandskraft i f\u00e6llesskabet:<\/strong> N\u00e5r vi st\u00f8tter hinanden, \u00f8ges f\u00f8lelsen af tilh\u00f8rsforhold og tryghed.<\/li>\n<li><strong>L\u00e6ring tidligt:<\/strong> N\u00e5r b\u00f8rn og unge l\u00e6rer v\u00e6rdien af at hj\u00e6lpe, vokser de op med ansvar og omtanke.<\/li>\n<\/ul>\n<h3><strong>Forslag til konkrete handlinger<\/strong><\/h3>\n<ul>\n<li><em>Hj\u00e6lpegrupper:<\/em> Start eller bliv en del af lokale netv\u00e6rk, hvor man st\u00f8tter hinanden.<\/li>\n<li><em>Mentorforl\u00f8b p\u00e5 tv\u00e6rs af generationer:<\/em> Skab m\u00f8der, hvor erfaring og viden kan deles mellem unge og \u00e6ldre.<\/li>\n<li><em>Samarbejdsbaserede workshops:<\/em> Deltag i kurser og f\u00e6lles aktiviteter, der styrker f\u00e6llesskab og handlekraft.<\/li>\n<\/ul>\n<\/section>\n<p><!-- Citation 7 --><\/p>\n<section id=\"citation-7\">\n<h2>Citat 7 : \u00ab N\u00e5r du hj\u00e6lper andre, l\u00f8fter du ogs\u00e5 dig selv. \u00bb<\/h2>\n<p style=\"text-align: justify;\">At hj\u00e6lpe andre kan b\u00e5de v\u00e6re en gener\u00f8s handling og en vej til personlig udvikling. N\u00e5r vi r\u00e6kker h\u00e5nden ud, opdager vi ofte nye sider af os selv \u2013 og f\u00e5r en tydeligere fornemmelse af, hvad der giver mening.<\/p>\n<h3><strong>Analyse<\/strong><\/h3>\n<ul>\n<li><strong>Personlig udvikling:<\/strong> <a href=\"https:\/\/www.vita-explorers.dk\/blog\/frivilligt-arbejde-i-udlandet\/\" target=\"_blank\" rel=\"noopener\">Frivilligt arbejde<\/a> og hverdagsomsorg kan styrke f\u00f8lelsen af form\u00e5l og tilfredshed.<\/li>\n<li><strong>At vokse gennem at dele:<\/strong> N\u00e5r vi hj\u00e6lper, tr\u00e6ner vi empati, t\u00e5lmodighed og forst\u00e5else.<\/li>\n<li><strong>Sammenh\u00e6ng mellem trivsel og engagement:<\/strong> Mange studier peger p\u00e5, at engagement i andre kan styrke mental trivsel.<\/li>\n<\/ul>\n<h3><strong>Forslag til konkrete handlinger<\/strong><\/h3>\n<ul>\n<li><em>M\u00e5lrettet frivillighed:<\/em> Find dine styrker og tilbyd dem til lokale initiativer.<\/li>\n<li><em>F\u00e6llesskabsprojekter:<\/em> Deltag i indsatser, der forbedrer hverdagen i dit n\u00e6romr\u00e5de.<\/li>\n<li><em>Egen refleksion:<\/em> Overvej, hvad du selv l\u00e6rer af at hj\u00e6lpe \u2013 og del gerne dine oplevelser for at inspirere andre.<\/li>\n<\/ul>\n<p><img loading=\"lazy\" decoding=\"async\" class=\"aligncenter wp-image-18934 size-medium\" src=\"https:\/\/www.vita-explorers.dk\/blog\/wp-content\/uploads\/2024\/11\/399314519_380829270934057_187905304589354827_n-300x300.jpg\" alt=\"Humanit\u00e6rt ophold for sygeplejersker\" width=\"300\" height=\"300\" srcset=\"https:\/\/www.vita-explorers.dk\/blog\/wp-content\/uploads\/2024\/11\/399314519_380829270934057_187905304589354827_n-300x300.jpg 300w, https:\/\/www.vita-explorers.dk\/blog\/wp-content\/uploads\/2024\/11\/399314519_380829270934057_187905304589354827_n-1024x1024.jpg 1024w, https:\/\/www.vita-explorers.dk\/blog\/wp-content\/uploads\/2024\/11\/399314519_380829270934057_187905304589354827_n-150x150.jpg 150w, https:\/\/www.vita-explorers.dk\/blog\/wp-content\/uploads\/2024\/11\/399314519_380829270934057_187905304589354827_n-768x768.jpg 768w, https:\/\/www.vita-explorers.dk\/blog\/wp-content\/uploads\/2024\/11\/399314519_380829270934057_187905304589354827_n.jpg 1200w\" sizes=\"(max-width: 300px) 100vw, 300px\" \/><\/p>\n<\/section>\n<p><!-- Citation 8 --><\/p>\n<section id=\"citation-8\">\n<h2>Citat 8 : \u00ab Humanit\u00e6rt engagement er et lys i m\u00f8rket. \u00bb<\/h2>\n<p style=\"text-align: justify;\">N\u00e5r kriser rammer, kan engagement og f\u00e6lles handling f\u00f8les som et pejlem\u00e6rke. Det minder os om, at selv n\u00e5r situationen er sv\u00e6r, kan en enkelt solidarisk handling skabe retning og h\u00e5b.<\/p>\n<h3><strong>Analyse<\/strong><\/h3>\n<ul>\n<li><strong>Lys og h\u00e5b:<\/strong> Hver indsats kan give mennesker i en s\u00e5rbar situation lidt mere ro og mulighed.<\/li>\n<li><strong>F\u00e6lles styrke:<\/strong> N\u00e5r flere bidrager, bliver vi bedre i stand til at h\u00e5ndtere udfordringer.<\/li>\n<li><strong>Inspiration til forandring:<\/strong> Engagement smitter og kan skabe bev\u00e6gelse, ogs\u00e5 p\u00e5 tv\u00e6rs af lande og kulturer.<\/li>\n<\/ul>\n<h3><strong>Forslag til konkrete handlinger<\/strong><\/h3>\n<ul>\n<li><em>St\u00f8tte ved kriser:<\/em> Hj\u00e6lp til ved lokale kriser ved at deltage i indsatser, hvor der er et reelt behov.<\/li>\n<li><em>Koordinering og information:<\/em> Brug sociale medier ansvarligt til at koordinere hj\u00e6lp og dele trov\u00e6rdig information.<\/li>\n<li><em>At sprede h\u00e5b:<\/em> Del positive historier og l\u00f8ft samtalen om, hvad der faktisk virker.<\/li>\n<\/ul>\n<\/section>\n<p><!-- Citation 9 --><\/p>\n<section id=\"citation-9\">\n<h2>Citat 9 : \u00ab En bedre verden begynder med konkrete handlinger. \u00bb<\/h2>\n<p style=\"text-align: justify;\">Citatet minder os om, at forandring f\u00f8rst sker, n\u00e5r vi g\u00e5r fra id\u00e9 til handling. Store ambitioner bliver til virkelighed gennem sm\u00e5, vedholdende skridt \u2013 og ved at g\u00f8re noget, der kan m\u00e6rkes.<\/p>\n<h3><strong>Analyse<\/strong><\/h3>\n<ul>\n<li><strong>Handling som drivkraft:<\/strong> Uden konkrete initiativer bliver selv de bedste intentioner ved snakken.<\/li>\n<li><strong>F\u00e6lles ansvar:<\/strong> En bedre verden skabes af mange bidrag \u2013 p\u00e5 alle niveauer.<\/li>\n<li><strong>Pragmatisme og vedholdenhed:<\/strong> Forandring kr\u00e6ver b\u00e5de nye l\u00f8sninger, t\u00e5lmodighed og en f\u00e6lles vilje.<\/li>\n<\/ul>\n<h3><strong>Forslag til konkrete handlinger<\/strong><\/h3>\n<ul>\n<li><em>Lokale initiativer:<\/em> Start projekter i dit omr\u00e5de, fx f\u00e6lleshaver eller sm\u00e5 nabobiblioteker.<\/li>\n<li><em>Borgerengagement:<\/em> S\u00e6t dig ind i lokale beslutninger og deltag i debatter om b\u00e6redygtig udvikling.<\/li>\n<li><em>Tv\u00e6rg\u00e5ende <a href=\"https:\/\/www.vita-explorers.dk\/blog\/tv\u00e6rg\u00e5ende-kompetencer-soft-skills\/\" target=\"_blank\" rel=\"noopener\">samarbejder<\/a> :<\/em> G\u00e5 sammen med andre om projekter, hvor I kan skabe st\u00f8rre effekt.<\/li>\n<\/ul>\n<\/section>\n<p><!-- Citation 10 --><\/p>\n<section id=\"citation-10\">\n<h2>Citat 10 : \u00ab Menneskeheden samles, n\u00e5r h\u00e5bet viser vej. \u00bb<\/h2>\n<p style=\"text-align: justify;\">H\u00e5b kan samle mennesker om et f\u00e6lles m\u00e5l. N\u00e5r vi tror p\u00e5, at en bedre fremtid er mulig, bliver det mere naturligt at st\u00e5 sammen og bidrage \u2013 og finde l\u00f8sninger i f\u00e6llesskab.<\/p>\n<h3><strong>Analyse<\/strong><\/h3>\n<ul>\n<li><strong>Enhed gennem h\u00e5b:<\/strong> H\u00e5b kan bygge bro over forskelle og skabe lyst til at samarbejde.<\/li>\n<li><strong>F\u00e6lles engagement:<\/strong> Styrken i en indsats ligger ofte i, at mange vil det samme \u2013 hver p\u00e5 sin m\u00e5de.<\/li>\n<li><strong>Delt retning:<\/strong> En f\u00e6lles vision g\u00f8r det lettere at samle handlinger, der gavner f\u00e6llesskabet.<\/li>\n<\/ul>\n<h3><strong>Forslag til konkrete handlinger<\/strong><\/h3>\n<ul>\n<li><em>H\u00e5bskampagner:<\/em> Deltag i eller start initiativer, der viser, hvad hj\u00e6lpsomhed kan f\u00f8re til.<\/li>\n<li><em>At skabe f\u00e6llesskaber:<\/em> Brug sociale medier eller lokale arrangementer til at samle engagerede mennesker.<\/li>\n<li><em>Dialog og deling:<\/em> Arrang\u00e9r m\u00f8der, hvor I taler om konkrete m\u00e5der at styrke sammenhold og solidaritet.<\/li>\n<\/ul>\n<p><img loading=\"lazy\" decoding=\"async\" class=\"aligncenter wp-image-17268 size-medium\" src=\"https:\/\/www.vita-explorers.dk\/blog\/wp-content\/uploads\/2024\/09\/Globalong-humanitaire-rugby-Jamaique-5f96a5b6ae552-300x195.jpeg\" alt=\"Frivilligt sportsforl\u00f8b i udlandet\" width=\"300\" height=\"195\" srcset=\"https:\/\/www.vita-explorers.dk\/blog\/wp-content\/uploads\/2024\/09\/Globalong-humanitaire-rugby-Jamaique-5f96a5b6ae552-300x195.jpeg 300w, https:\/\/www.vita-explorers.dk\/blog\/wp-content\/uploads\/2024\/09\/Globalong-humanitaire-rugby-Jamaique-5f96a5b6ae552.jpeg 350w\" sizes=\"(max-width: 300px) 100vw, 300px\" \/><\/p>\n<\/section>\n<p><!-- Conclusion --><\/p>\n<section id=\"conclusion\">\n<h2><strong>Konklusion: At handle for en bedre verden<\/strong><\/h2>\n<p style=\"text-align: justify;\">De <strong>10 inspirerende citater om humanit\u00e6rt engagement<\/strong> i artiklen er ikke kun ord til eftertanke. De kan ogs\u00e5 ses som sm\u00e5 p\u00e5mindelser om at oms\u00e6tte v\u00e6rdier til handling \u2013 i stort og sm\u00e5t.<\/p>\n<p style=\"text-align: justify;\">Hver lille gestus, hvert smil og hver indsats t\u00e6ller. N\u00e5r vi tager de her principper med ind i hverdagen, bidrager vi til et mere retf\u00e6rdigt, solidarisk og menneskeligt samfund. Humanit\u00e6rt engagement handler ofte om at tr\u00e6de et skridt ud af komfortzonen og tage ansvar p\u00e5 en m\u00e5de, der kommer flere til gode.<\/p>\n<p style=\"text-align: justify;\">Del gerne artiklen, hvis du har lyst, og brug den som inspiration til at engagere dig. Sammen kan vi v\u00e6re med til at skabe en bedre fremtid.<\/p>\n<\/section>\n<p><!-- Ressources et Liens Utiles --><\/p>\n<section id=\"ressources\">\n<h2><strong>Ressourcer og nyttige links<\/strong><\/h2>\n<ul>\n<li><a href=\"https:\/\/www.croix-rouge.fr\" target=\"_blank\" rel=\"noopener\">R\u00f8de Kors<\/a> \u2013 L\u00e6s om R\u00f8de Kors\u2019 initiativer og indsatser.<\/li>\n<li><a href=\"https:\/\/www.msf.fr\" target=\"_blank\" rel=\"noopener\">L\u00e6ger uden Gr\u00e6nser<\/a> \u2013 F\u00e5 indblik i medicinske og humanit\u00e6re indsatser rundt om i verden.<\/li>\n<li><a href=\"https:\/\/www.francebenevolat.org\/associations\/reseau\/association\/60240\" target=\"_blank\" rel=\"noopener\">France B\u00e9n\u00e9volat<\/a> \u2013 Find muligheder for frivilligt arbejde t\u00e6t p\u00e5 dig.<\/li>\n<\/ul>\n<p style=\"text-align: justify;\">Vil du dykke dybere ned i humanit\u00e6rt engagement, kan du ogs\u00e5 se dokumentarer eller l\u00e6se b\u00f8ger om emnet \u2013 og f\u00f8lge med i vores nyheder via vores newsletter.<\/p>\n<p class=\"p4\" style=\"text-align: center;\"><strong>Vil du h\u00f8re mere, er du velkommen til at kontakte os p\u00e5 <a href=\"mailto:info@globalong.com\"><span class=\"s2\">info@globalong.com<\/span><\/a><\/strong><\/p>\n<p class=\"p4\" style=\"text-align: center;\"><strong>Vil du vide mere om VITA og vores community, s\u00e5 f\u00f8lg os p\u00e5\u00a0<a href=\"https:\/\/www.instagram.com\/globalongofficiel\/\"><span class=\"s2\">Instagram<\/span><\/a>,\u00a0<a href=\"https:\/\/www.facebook.com\/globalong\"><span class=\"s2\">Facebook<\/span><\/a>,\u00a0<a href=\"https:\/\/www.linkedin.com\/company\/5113177\/admin\/feed\/posts\/\"><span class=\"s2\">LinkedIn<\/span><\/a>\u00a0og\u00a0<a href=\"https:\/\/www.youtube.com\/c\/globalong\/videos\"><span class=\"s2\">Youtube<\/span><\/a>\u00a0!\u00a0<\/strong><\/p>\n<\/section>\n<p><!-- Pied de page --><\/p>\n<footer class=\"entry-footer\">\u00a9 www.vita-explorers.dk. Alle rettigheder forbeholdes.<\/footer>\n<p><!--?php wp_footer(); \/\/ Inclusion des scripts et \u00e9l\u00e9ments WordPress ?--><\/p>\n","protected":false},"excerpt":{"rendered":"<p>> 10 inspirerende citater om humanit\u00e6rt engagement: En komplet guide til at blive inspireret og handle Introduktion: inspirerende citater om humanit\u00e6rt engagement Citat 1:\u2026<\/p>\n","protected":false},"author":7,"featured_media":6950,"comment_status":"open","ping_status":"open","sticky":false,"template":"","format":"standard","meta":{"footnotes":""},"categories":[6,4],"tags":[],"yoast_head":"<!-- This site is optimized with the Yoast SEO Premium plugin v23.4 (Yoast SEO v23.4) - https:\/\/yoast.com\/wordpress\/plugins\/seo\/ -->\n<title>Inspirerende citater om humanit\u00e6rt engagement: G\u00f8r en forskel<\/title>\n<meta name=\"description\" content=\"D\u00e9couvrez 10 citations inspirantes sur l&#039;engagement humanitaire. Ces mots puissants vous encourageront \u00e0 agir et \u00e0 d\u00e9velopper la conscience.\" \/>\n<meta name=\"robots\" content=\"index, follow, max-snippet:-1, max-image-preview:large, max-video-preview:-1\" \/>\n<link rel=\"canonical\" href=\"https:\/\/www.vita-explorers.dk\/blog\/inspirerende-citater-om-humanitaert-engagement\/\" \/>\n<meta property=\"og:locale\" content=\"da_DK\" \/>\n<meta property=\"og:type\" content=\"article\" \/>\n<meta property=\"og:title\" content=\"Inspirerende citater om humanit\u00e6rt engagement\" \/>\n<meta property=\"og:description\" content=\"D\u00e9couvrez 10 citations inspirantes sur l&#039;engagement humanitaire. Ces mots puissants vous encourageront \u00e0 agir et \u00e0 d\u00e9velopper la conscience.\" \/>\n<meta property=\"og:url\" content=\"https:\/\/www.vita-explorers.dk\/blog\/inspirerende-citater-om-humanitaert-engagement\/\" \/>\n<meta property=\"og:site_name\" content=\"VITA Explorers Blog\" \/>\n<meta property=\"article:publisher\" content=\"https:\/\/www.facebook.com\/globalong\" \/>\n<meta property=\"article:published_time\" content=\"2025-02-09T02:52:06+00:00\" \/>\n<meta property=\"article:modified_time\" content=\"2025-02-02T13:24:15+00:00\" \/>\n<meta property=\"og:image\" content=\"https:\/\/www.vita-explorers.dk\/blog\/wp-content\/uploads\/2017\/10\/Les-be\u0301ne\u0301voles-du-programme-humanitaire-en-Mongolie-GlobAlong.jpg\" \/>\n\t<meta property=\"og:image:width\" content=\"1024\" \/>\n\t<meta property=\"og:image:height\" content=\"578\" \/>\n\t<meta property=\"og:image:type\" content=\"image\/jpeg\" \/>\n<meta name=\"author\" content=\"VITA Tribe\" \/>\n<meta name=\"twitter:card\" content=\"summary_large_image\" \/>\n<meta name=\"twitter:label1\" content=\"Skrevet af\" \/>\n\t<meta name=\"twitter:data1\" content=\"VITA Tribe\" \/>\n\t<meta name=\"twitter:label2\" content=\"Estimeret l\u00e6setid\" \/>\n\t<meta name=\"twitter:data2\" content=\"11 minutter\" \/>\n<script type=\"application\/ld+json\" class=\"yoast-schema-graph\">{\"@context\":\"https:\/\/schema.org\",\"@graph\":[{\"@type\":\"Article\",\"@id\":\"https:\/\/www.vita-explorers.dk\/blog\/inspirerende-citater-om-humanitaert-engagement\/#article\",\"isPartOf\":{\"@id\":\"https:\/\/www.vita-explorers.dk\/blog\/inspirerende-citater-om-humanitaert-engagement\/\"},\"author\":{\"name\":\"VITA Tribe\",\"@id\":\"https:\/\/www.vita-explorers.dk\/blog\/#\/schema\/person\/fc0343a2f2db2ebb2793c1f62dbe73f0\"},\"headline\":\"Inspirerende citater om humanit\u00e6rt engagement\",\"datePublished\":\"2025-02-09T02:52:06+00:00\",\"dateModified\":\"2025-02-02T13:24:15+00:00\",\"mainEntityOfPage\":{\"@id\":\"https:\/\/www.vita-explorers.dk\/blog\/inspirerende-citater-om-humanitaert-engagement\/\"},\"wordCount\":2060,\"commentCount\":1,\"publisher\":{\"@id\":\"https:\/\/www.vita-explorers.dk\/blog\/#organization\"},\"image\":{\"@id\":\"https:\/\/www.vita-explorers.dk\/blog\/inspirerende-citater-om-humanitaert-engagement\/#primaryimage\"},\"thumbnailUrl\":\"https:\/\/www.vita-explorers.dk\/blog\/wp-content\/uploads\/2017\/10\/Les-be\u0301ne\u0301voles-du-programme-humanitaire-en-Mongolie-GlobAlong.jpg\",\"articleSection\":[\"Nyheder\",\"VITA Explorers\"],\"inLanguage\":\"da-DK\",\"potentialAction\":[{\"@type\":\"CommentAction\",\"name\":\"Comment\",\"target\":[\"https:\/\/www.vita-explorers.dk\/blog\/inspirerende-citater-om-humanitaert-engagement\/#respond\"]}]},{\"@type\":\"WebPage\",\"@id\":\"https:\/\/www.vita-explorers.dk\/blog\/inspirerende-citater-om-humanitaert-engagement\/\",\"url\":\"https:\/\/www.vita-explorers.dk\/blog\/inspirerende-citater-om-humanitaert-engagement\/\",\"name\":\"Inspirerende citater om humanit\u00e6rt engagement: G\u00f8r en forskel\",\"isPartOf\":{\"@id\":\"https:\/\/www.vita-explorers.dk\/blog\/#website\"},\"primaryImageOfPage\":{\"@id\":\"https:\/\/www.vita-explorers.dk\/blog\/inspirerende-citater-om-humanitaert-engagement\/#primaryimage\"},\"image\":{\"@id\":\"https:\/\/www.vita-explorers.dk\/blog\/inspirerende-citater-om-humanitaert-engagement\/#primaryimage\"},\"thumbnailUrl\":\"https:\/\/www.vita-explorers.dk\/blog\/wp-content\/uploads\/2017\/10\/Les-be\u0301ne\u0301voles-du-programme-humanitaire-en-Mongolie-GlobAlong.jpg\",\"datePublished\":\"2025-02-09T02:52:06+00:00\",\"dateModified\":\"2025-02-02T13:24:15+00:00\",\"description\":\"D\u00e9couvrez 10 citations inspirantes sur l'engagement humanitaire. Ces mots puissants vous encourageront \u00e0 agir et \u00e0 d\u00e9velopper la conscience.\",\"breadcrumb\":{\"@id\":\"https:\/\/www.vita-explorers.dk\/blog\/inspirerende-citater-om-humanitaert-engagement\/#breadcrumb\"},\"inLanguage\":\"da-DK\",\"potentialAction\":[{\"@type\":\"ReadAction\",\"target\":[\"https:\/\/www.vita-explorers.dk\/blog\/inspirerende-citater-om-humanitaert-engagement\/\"]}]},{\"@type\":\"ImageObject\",\"inLanguage\":\"da-DK\",\"@id\":\"https:\/\/www.vita-explorers.dk\/blog\/inspirerende-citater-om-humanitaert-engagement\/#primaryimage\",\"url\":\"https:\/\/www.vita-explorers.dk\/blog\/wp-content\/uploads\/2017\/10\/Les-be\u0301ne\u0301voles-du-programme-humanitaire-en-Mongolie-GlobAlong.jpg\",\"contentUrl\":\"https:\/\/www.vita-explorers.dk\/blog\/wp-content\/uploads\/2017\/10\/Les-be\u0301ne\u0301voles-du-programme-humanitaire-en-Mongolie-GlobAlong.jpg\",\"width\":1024,\"height\":578,\"caption\":\"Humanitarian Mission in Mongolia\"},{\"@type\":\"BreadcrumbList\",\"@id\":\"https:\/\/www.vita-explorers.dk\/blog\/inspirerende-citater-om-humanitaert-engagement\/#breadcrumb\",\"itemListElement\":[{\"@type\":\"ListItem\",\"position\":1,\"name\":\"Accueil\",\"item\":\"https:\/\/www.vita-explorers.dk\/blog\/\"},{\"@type\":\"ListItem\",\"position\":2,\"name\":\"Inspirerende citater om humanit\u00e6rt engagement\"}]},{\"@type\":\"WebSite\",\"@id\":\"https:\/\/www.vita-explorers.dk\/blog\/#website\",\"url\":\"https:\/\/www.vita-explorers.dk\/blog\/\",\"name\":\"Association Globalong\",\"description\":\"Frivilligt arbejde, sprogophold, praktik i udlandet og internationale oplevelser\",\"publisher\":{\"@id\":\"https:\/\/www.vita-explorers.dk\/blog\/#organization\"},\"potentialAction\":[{\"@type\":\"SearchAction\",\"target\":{\"@type\":\"EntryPoint\",\"urlTemplate\":\"https:\/\/www.vita-explorers.dk\/blog\/?s={search_term_string}\"},\"query-input\":{\"@type\":\"PropertyValueSpecification\",\"valueRequired\":true,\"valueName\":\"search_term_string\"}}],\"inLanguage\":\"da-DK\"},{\"@type\":\"Organization\",\"@id\":\"https:\/\/www.vita-explorers.dk\/blog\/#organization\",\"name\":\"Association Globalong\",\"url\":\"https:\/\/www.vita-explorers.dk\/blog\/\",\"logo\":{\"@type\":\"ImageObject\",\"inLanguage\":\"da-DK\",\"@id\":\"https:\/\/www.vita-explorers.dk\/blog\/#\/schema\/logo\/image\/\",\"url\":\"https:\/\/www.globalong.com\/blog\/wp-content\/uploads\/2014\/11\/cropped-cropped-Logo-et-Afrique-Globalong-petite-taille-2.jpg\",\"contentUrl\":\"https:\/\/www.globalong.com\/blog\/wp-content\/uploads\/2014\/11\/cropped-cropped-Logo-et-Afrique-Globalong-petite-taille-2.jpg\",\"width\":512,\"height\":512,\"caption\":\"Association Globalong\"},\"image\":{\"@id\":\"https:\/\/www.vita-explorers.dk\/blog\/#\/schema\/logo\/image\/\"},\"sameAs\":[\"https:\/\/www.facebook.com\/globalong\"]},{\"@type\":\"Person\",\"@id\":\"https:\/\/www.vita-explorers.dk\/blog\/#\/schema\/person\/fc0343a2f2db2ebb2793c1f62dbe73f0\",\"name\":\"VITA Tribe\",\"image\":{\"@type\":\"ImageObject\",\"inLanguage\":\"da-DK\",\"@id\":\"https:\/\/www.vita-explorers.dk\/blog\/#\/schema\/person\/image\/\",\"url\":\"https:\/\/secure.gravatar.com\/avatar\/f7f05026bb439d0c96b30e135e5f852c?s=96&d=mm&r=g\",\"contentUrl\":\"https:\/\/secure.gravatar.com\/avatar\/f7f05026bb439d0c96b30e135e5f852c?s=96&d=mm&r=g\",\"caption\":\"VITA Tribe\"},\"sameAs\":[\"http:\/\/www.globalong.com\"],\"url\":\"https:\/\/www.vita-explorers.dk\/blog\/author\/teamglobalong\/\"}]}<\/script>\n<!-- \/ Yoast SEO Premium plugin. -->","yoast_head_json":{"title":"Inspirerende citater om humanit\u00e6rt engagement: G\u00f8r en forskel","description":"D\u00e9couvrez 10 citations inspirantes sur l'engagement humanitaire. Ces mots puissants vous encourageront \u00e0 agir et \u00e0 d\u00e9velopper la conscience.","robots":{"index":"index","follow":"follow","max-snippet":"max-snippet:-1","max-image-preview":"max-image-preview:large","max-video-preview":"max-video-preview:-1"},"canonical":"https:\/\/www.vita-explorers.dk\/blog\/inspirerende-citater-om-humanitaert-engagement\/","og_locale":"da_DK","og_type":"article","og_title":"Inspirerende citater om humanit\u00e6rt engagement","og_description":"D\u00e9couvrez 10 citations inspirantes sur l'engagement humanitaire. Ces mots puissants vous encourageront \u00e0 agir et \u00e0 d\u00e9velopper la conscience.","og_url":"https:\/\/www.vita-explorers.dk\/blog\/inspirerende-citater-om-humanitaert-engagement\/","og_site_name":"VITA Explorers Blog","article_publisher":"https:\/\/www.facebook.com\/globalong","article_published_time":"2025-02-09T02:52:06+00:00","article_modified_time":"2025-02-02T13:24:15+00:00","og_image":[{"width":1024,"height":578,"url":"https:\/\/www.vita-explorers.dk\/blog\/wp-content\/uploads\/2017\/10\/Les-be\u0301ne\u0301voles-du-programme-humanitaire-en-Mongolie-GlobAlong.jpg","type":"image\/jpeg"}],"author":"VITA Tribe","twitter_card":"summary_large_image","twitter_misc":{"Skrevet af":"VITA Tribe","Estimeret l\u00e6setid":"11 minutter"},"schema":{"@context":"https:\/\/schema.org","@graph":[{"@type":"Article","@id":"https:\/\/www.vita-explorers.dk\/blog\/inspirerende-citater-om-humanitaert-engagement\/#article","isPartOf":{"@id":"https:\/\/www.vita-explorers.dk\/blog\/inspirerende-citater-om-humanitaert-engagement\/"},"author":{"name":"VITA Tribe","@id":"https:\/\/www.vita-explorers.dk\/blog\/#\/schema\/person\/fc0343a2f2db2ebb2793c1f62dbe73f0"},"headline":"Inspirerende citater om humanit\u00e6rt engagement","datePublished":"2025-02-09T02:52:06+00:00","dateModified":"2025-02-02T13:24:15+00:00","mainEntityOfPage":{"@id":"https:\/\/www.vita-explorers.dk\/blog\/inspirerende-citater-om-humanitaert-engagement\/"},"wordCount":2060,"commentCount":1,"publisher":{"@id":"https:\/\/www.vita-explorers.dk\/blog\/#organization"},"image":{"@id":"https:\/\/www.vita-explorers.dk\/blog\/inspirerende-citater-om-humanitaert-engagement\/#primaryimage"},"thumbnailUrl":"https:\/\/www.vita-explorers.dk\/blog\/wp-content\/uploads\/2017\/10\/Les-be\u0301ne\u0301voles-du-programme-humanitaire-en-Mongolie-GlobAlong.jpg","articleSection":["Nyheder","VITA Explorers"],"inLanguage":"da-DK","potentialAction":[{"@type":"CommentAction","name":"Comment","target":["https:\/\/www.vita-explorers.dk\/blog\/inspirerende-citater-om-humanitaert-engagement\/#respond"]}]},{"@type":"WebPage","@id":"https:\/\/www.vita-explorers.dk\/blog\/inspirerende-citater-om-humanitaert-engagement\/","url":"https:\/\/www.vita-explorers.dk\/blog\/inspirerende-citater-om-humanitaert-engagement\/","name":"Inspirerende citater om humanit\u00e6rt engagement: G\u00f8r en forskel","isPartOf":{"@id":"https:\/\/www.vita-explorers.dk\/blog\/#website"},"primaryImageOfPage":{"@id":"https:\/\/www.vita-explorers.dk\/blog\/inspirerende-citater-om-humanitaert-engagement\/#primaryimage"},"image":{"@id":"https:\/\/www.vita-explorers.dk\/blog\/inspirerende-citater-om-humanitaert-engagement\/#primaryimage"},"thumbnailUrl":"https:\/\/www.vita-explorers.dk\/blog\/wp-content\/uploads\/2017\/10\/Les-be\u0301ne\u0301voles-du-programme-humanitaire-en-Mongolie-GlobAlong.jpg","datePublished":"2025-02-09T02:52:06+00:00","dateModified":"2025-02-02T13:24:15+00:00","description":"D\u00e9couvrez 10 citations inspirantes sur l'engagement humanitaire. Ces mots puissants vous encourageront \u00e0 agir et \u00e0 d\u00e9velopper la conscience.","breadcrumb":{"@id":"https:\/\/www.vita-explorers.dk\/blog\/inspirerende-citater-om-humanitaert-engagement\/#breadcrumb"},"inLanguage":"da-DK","potentialAction":[{"@type":"ReadAction","target":["https:\/\/www.vita-explorers.dk\/blog\/inspirerende-citater-om-humanitaert-engagement\/"]}]},{"@type":"ImageObject","inLanguage":"da-DK","@id":"https:\/\/www.vita-explorers.dk\/blog\/inspirerende-citater-om-humanitaert-engagement\/#primaryimage","url":"https:\/\/www.vita-explorers.dk\/blog\/wp-content\/uploads\/2017\/10\/Les-be\u0301ne\u0301voles-du-programme-humanitaire-en-Mongolie-GlobAlong.jpg","contentUrl":"https:\/\/www.vita-explorers.dk\/blog\/wp-content\/uploads\/2017\/10\/Les-be\u0301ne\u0301voles-du-programme-humanitaire-en-Mongolie-GlobAlong.jpg","width":1024,"height":578,"caption":"Humanitarian Mission in Mongolia"},{"@type":"BreadcrumbList","@id":"https:\/\/www.vita-explorers.dk\/blog\/inspirerende-citater-om-humanitaert-engagement\/#breadcrumb","itemListElement":[{"@type":"ListItem","position":1,"name":"Accueil","item":"https:\/\/www.vita-explorers.dk\/blog\/"},{"@type":"ListItem","position":2,"name":"Inspirerende citater om humanit\u00e6rt engagement"}]},{"@type":"WebSite","@id":"https:\/\/www.vita-explorers.dk\/blog\/#website","url":"https:\/\/www.vita-explorers.dk\/blog\/","name":"Association Globalong","description":"Frivilligt arbejde, sprogophold, praktik i udlandet og internationale oplevelser","publisher":{"@id":"https:\/\/www.vita-explorers.dk\/blog\/#organization"},"potentialAction":[{"@type":"SearchAction","target":{"@type":"EntryPoint","urlTemplate":"https:\/\/www.vita-explorers.dk\/blog\/?s={search_term_string}"},"query-input":{"@type":"PropertyValueSpecification","valueRequired":true,"valueName":"search_term_string"}}],"inLanguage":"da-DK"},{"@type":"Organization","@id":"https:\/\/www.vita-explorers.dk\/blog\/#organization","name":"Association Globalong","url":"https:\/\/www.vita-explorers.dk\/blog\/","logo":{"@type":"ImageObject","inLanguage":"da-DK","@id":"https:\/\/www.vita-explorers.dk\/blog\/#\/schema\/logo\/image\/","url":"https:\/\/www.globalong.com\/blog\/wp-content\/uploads\/2014\/11\/cropped-cropped-Logo-et-Afrique-Globalong-petite-taille-2.jpg","contentUrl":"https:\/\/www.globalong.com\/blog\/wp-content\/uploads\/2014\/11\/cropped-cropped-Logo-et-Afrique-Globalong-petite-taille-2.jpg","width":512,"height":512,"caption":"Association Globalong"},"image":{"@id":"https:\/\/www.vita-explorers.dk\/blog\/#\/schema\/logo\/image\/"},"sameAs":["https:\/\/www.facebook.com\/globalong"]},{"@type":"Person","@id":"https:\/\/www.vita-explorers.dk\/blog\/#\/schema\/person\/fc0343a2f2db2ebb2793c1f62dbe73f0","name":"VITA Tribe","image":{"@type":"ImageObject","inLanguage":"da-DK","@id":"https:\/\/www.vita-explorers.dk\/blog\/#\/schema\/person\/image\/","url":"https:\/\/secure.gravatar.com\/avatar\/f7f05026bb439d0c96b30e135e5f852c?s=96&d=mm&r=g","contentUrl":"https:\/\/secure.gravatar.com\/avatar\/f7f05026bb439d0c96b30e135e5f852c?s=96&d=mm&r=g","caption":"VITA Tribe"},"sameAs":["http:\/\/www.globalong.com"],"url":"https:\/\/www.vita-explorers.dk\/blog\/author\/teamglobalong\/"}]}},"_links":{"self":[{"href":"https:\/\/www.vita-explorers.dk\/blog\/wp-json\/wp\/v2\/posts\/20667"}],"collection":[{"href":"https:\/\/www.vita-explorers.dk\/blog\/wp-json\/wp\/v2\/posts"}],"about":[{"href":"https:\/\/www.vita-explorers.dk\/blog\/wp-json\/wp\/v2\/types\/post"}],"author":[{"embeddable":true,"href":"https:\/\/www.vita-explorers.dk\/blog\/wp-json\/wp\/v2\/users\/7"}],"replies":[{"embeddable":true,"href":"https:\/\/www.vita-explorers.dk\/blog\/wp-json\/wp\/v2\/comments?post=20667"}],"version-history":[{"count":5,"href":"https:\/\/www.vita-explorers.dk\/blog\/wp-json\/wp\/v2\/posts\/20667\/revisions"}],"predecessor-version":[{"id":20840,"href":"https:\/\/www.vita-explorers.dk\/blog\/wp-json\/wp\/v2\/posts\/20667\/revisions\/20840"}],"wp:featuredmedia":[{"embeddable":true,"href":"https:\/\/www.vita-explorers.dk\/blog\/wp-json\/wp\/v2\/media\/6950"}],"wp:attachment":[{"href":"https:\/\/www.vita-explorers.dk\/blog\/wp-json\/wp\/v2\/media?parent=20667"}],"wp:term":[{"taxonomy":"category","embeddable":true,"href":"https:\/\/www.vita-explorers.dk\/blog\/wp-json\/wp\/v2\/categories?post=20667"},{"taxonomy":"post_tag","embeddable":true,"href":"https:\/\/www.vita-explorers.dk\/blog\/wp-json\/wp\/v2\/tags?post=20667"}],"curies":[{"name":"wp","href":"https:\/\/api.w.org\/{rel}","templated":true}]}}