{"id":20766,"date":"2025-02-18T04:52:30","date_gmt":"2025-02-18T03:52:30","guid":{"rendered":"https:\/\/www.globalong.com\/blog\/?p=20766"},"modified":"2025-09-07T16:12:00","modified_gmt":"2025-09-07T14:12:00","slug":"sygeplejepraktik-i-udlandet","status":"publish","type":"post","link":"https:\/\/www.vita-explorers.dk\/blog\/sygeplejepraktik-i-udlandet\/","title":{"rendered":"Internationalt praktikforl\u00f8b for sygeplejestuderende"},"content":{"rendered":"<p style=\"text-align: justify;\">\n<style>\n    body {<br \/>      font-family: Arial, sans-serif;<br \/>      line-height: 1.6;<br \/>      margin: 20px;<br \/>      padding: 0;<br \/>      color: #333;<br \/>    }<br \/>    h1, h2, h3 {<br \/>      margin-top: 1.4em;<br \/>      margin-bottom: 0.6em;<br \/>    }<br \/>    ul {<br \/>      margin-bottom: 1em;<br \/>      padding-left: 1.3em;<br \/>    }<br \/>    #table-of-contents ul {<br \/>      list-style: none;<br \/>      padding-left: 0;<br \/>    }<br \/>    #table-of-contents ul li {<br \/>      margin: 5px 0;<br \/>    }<br \/>    #table-of-contents a {<br \/>      text-decoration: none;<br \/>      color: #007acc;<br \/>    }<br \/>    #table-of-contents a:hover {<br \/>      text-decoration: underline;<br \/>    }<br \/>  <\/style>\n<\/p>\n<p><iframe loading=\"lazy\" title=\"Stage infirmier en Tanzanie avec l&#039;association Globalong\" width=\"500\" height=\"281\" src=\"https:\/\/www.youtube.com\/embed\/H_AgGbuHtOc?feature=oembed\" frameborder=\"0\" allow=\"accelerometer; autoplay; clipboard-write; encrypted-media; gyroscope; picture-in-picture; web-share\" referrerpolicy=\"strict-origin-when-cross-origin\" allowfullscreen><\/iframe><\/p>\n<h1 style=\"text-align: justify;\">Sygeplejepraktik i udlandet<\/h1>\n<h2 style=\"text-align: justify;\">Forst\u00e5 rollen mellem VITA, den lokale koordinator og den studerende<\/h2>\n<p style=\"text-align: justify;\"><!-- KLIKBARELIGT INDHOLD --><\/p>\n<div id=\"table-of-contents\" style=\"text-align: justify;\">\n<h2>Indholdsfortegnelse<\/h2>\n<ul>\n<li><a href=\"#section1\">1. Introduktion<\/a><\/li>\n<li><a href=\"#section2\">2. Den sygeplejestuderendes rolle<\/a>\n<ul>\n<li><a href=\"#section2-1\">2.1. Faglige og l\u00e6ringsm\u00e6ssige m\u00e5l<\/a><\/li>\n<li><a href=\"#section2-2\">2.2. Personligt engagement og tilpasning<\/a><\/li>\n<li><a href=\"#section2-3\">2.3. Etik, ansvar og professionel adf\u00e6rd<\/a><\/li>\n<\/ul>\n<\/li>\n<li><a href=\"#section3\">3. VITAs rolle<\/a>\n<ul>\n<li><a href=\"#section3-1\">3.1. En organisation \u2013 ikke en kommerciel virksomhed<\/a><\/li>\n<li><a href=\"#section3-2\">3.2. Formidling og koordinering af praktikforl\u00f8bet<\/a><\/li>\n<li><a href=\"#section3-3\">3.3. Praktisk st\u00f8tte f\u00f8r afrejse<\/a><\/li>\n<li><a href=\"#section3-4\">3.4. Afgr\u00e6nsning af ansvar \u2013 og hvorfor der ikke er resultatgaranti<\/a><\/li>\n<\/ul>\n<\/li>\n<li><a href=\"#section4\">4. Den lokale koordinators rolle<\/a>\n<ul>\n<li><a href=\"#section4-1\">4.1. Praktikstedet<\/a><\/li>\n<li><a href=\"#section4-2\">4.2. Faglig vejledning p\u00e5 stedet<\/a><\/li>\n<li><a href=\"#section4-3\">4.3. Arbejdsvilk\u00e5r og lokale ressourcer<\/a><\/li>\n<li><a href=\"#section4-4\">4.4. Forventninger til den studerende<\/a><\/li>\n<\/ul>\n<\/li>\n<li><a href=\"#section5\">5. Hvorfor det ikke er en ydelse med resultatgaranti<\/a><\/li>\n<li><a href=\"#section6\">6. S\u00e5dan forbereder du din sygeplejepraktik i udlandet<\/a>\n<ul>\n<li><a href=\"#section6-1\">6.1. Afklar dit praktikforl\u00f8b med din uddannelsesinstitution<\/a><\/li>\n<li><a href=\"#section6-2\">6.2. S\u00e6t dig ind i kultur og sundhedssystem<\/a><\/li>\n<li><a href=\"#section6-3\">6.3. Styr p\u00e5 administrative formaliteter<\/a><\/li>\n<li><a href=\"#section6-4\">6.4. Sundhed, vacciner og forsikringer<\/a><\/li>\n<\/ul>\n<\/li>\n<li><a href=\"#section7\">7. Udfordringer ude i praksis<\/a>\n<ul>\n<li><a href=\"#section7-1\">7.1. Kulturel tilpasning<\/a><\/li>\n<li><a href=\"#section7-2\">7.2. Sprogbarrierer<\/a><\/li>\n<li><a href=\"#section7-3\">7.3. At h\u00e5ndtere f\u00f8lelsesm\u00e6ssige indtryk<\/a><\/li>\n<li><a href=\"#section7-4\">7.4. Begr\u00e6nsede ressourcer og praktiske l\u00f8sninger<\/a><\/li>\n<\/ul>\n<\/li>\n<li><a href=\"#section8\">8. Gode r\u00e5d til en vellykket sygeplejepraktik<\/a>\n<ul>\n<li><a href=\"#section8-1\">8.1. Hold l\u00f8bende kontakt med VITA og den lokale koordinator<\/a><\/li>\n<li><a href=\"#section8-2\">8.2. S\u00e6t realistiske m\u00e5l for praktikken<\/a><\/li>\n<li><a href=\"#section8-3\">8.3. Tag initiativ \u2013 med respekt<\/a><\/li>\n<li><a href=\"#section8-4\">8.4. Brug det uforudsete konstruktivt<\/a><\/li>\n<\/ul>\n<\/li>\n<li><a href=\"#section9\">9. Oplevelser fra sygeplejestuderende<\/a>\n<ul>\n<li><a href=\"#section9-1\">9.1. Sarahs erfaring<\/a><\/li>\n<li><a href=\"#section9-2\">9.2. Oplevelser fra medlemmer i VITA community<\/a><\/li>\n<\/ul>\n<\/li>\n<li><a href=\"#section10\">10. Ofte stillede sp\u00f8rgsm\u00e5l (FAQ)<\/a>\n<ul>\n<li><a href=\"#section10-1\">10.1. Hvilket niveau af vejledning kan jeg forvente?<\/a><\/li>\n<li><a href=\"#section10-2\">10.2. Hvad g\u00f8r jeg, hvis praktikken ikke lever op til mine forventninger?<\/a><\/li>\n<li><a href=\"#section10-3\">10.3. Er VITA ansvarlig for, om min praktik bliver godkendt?<\/a><\/li>\n<li><a href=\"#section10-4\">10.4. Kan flere sygeplejestuderende tage afsted samtidig?<\/a><\/li>\n<\/ul>\n<\/li>\n<li><a href=\"#section11\">11. Konklusion: et forl\u00f8b bygget p\u00e5 tillid og engagement<\/a><\/li>\n<\/ul>\n<\/div>\n<p style=\"text-align: justify;\"><!-- HOVEDINDHOLD --><\/p>\n<h2 id=\"section1\" style=\"text-align: justify;\"><strong>1. Introduktion: sygeplejepraktik i udlandet<\/strong><\/h2>\n<p style=\"text-align: justify;\">Flere og flere sygeplejestuderende v\u00e6lger at tage en <strong>praktik i udlandet<\/strong> for at opleve et andet sundhedssystem, styrke deres selvst\u00e6ndighed og opbygge interkulturelle kompetencer \u2013 samtidig med at de bidrager i en travl hverdag i v\u00e6rtslandet. Det kan v\u00e6re en helt s\u00e6rlig mulighed for b\u00e5de faglig og personlig udvikling, men der opst\u00e5r ogs\u00e5 indimellem misforst\u00e5elser om, <em>hvem der g\u00f8r hvad<\/em> i et internationalt praktikforl\u00f8b: <strong>den studerende<\/strong>, <a href=\"https:\/\/www.vita-explorers.dk\/association-globalong.html\" target=\"_blank\" rel=\"noopener\"><strong>VITA Institute<\/strong><\/a> og den <strong>lokale<\/strong> koordinator (hospital, klinik, sundhedscenter eller NGO).<\/p>\n<p style=\"text-align: justify;\">Nogle studerende tror, at <strong>VITA<\/strong> fungerer som en kommerciel udbyder, der leverer et \u201cf\u00e6rdigt\u201d forl\u00f8b med en form for <em>resultatgaranti<\/em>. Andre forventer, at den lokale koordinator automatisk st\u00e5r for alle logistiske og faglige detaljer, uden at den studerende selv skal tage initiativ. Netop derfor er det vigtigt at f\u00e5 helt tydeligt p\u00e5 plads, <strong>hvad der ligger i de forskellige roller og ansvar<\/strong>, s\u00e5 opholdet bliver trygt, realistisk og udbytterigt.<\/p>\n<p style=\"text-align: justify;\">I denne grundige guide gennemg\u00e5r vi, hvordan roller og rammer fordeler sig \u2013 fra forberedelse til afslutning af opholdet. Du vil se, at det ikke er en ydelse med garanti for et bestemt resultat, men en <strong>tredelt<\/strong> samarbejdsmodel, hvor dialog, fleksibilitet og f\u00e6lles ansvar er afg\u00f8rende.<\/p>\n<h2 id=\"section2\" style=\"text-align: justify;\"><strong>2. Den sygeplejestuderendes rolle i en international praktik<\/strong><\/h2>\n<p><img loading=\"lazy\" decoding=\"async\" class=\"aligncenter wp-image-18938 size-medium\" src=\"https:\/\/www.vita-explorers.dk\/blog\/wp-content\/uploads\/2024\/11\/437530444_470247178658932_7566890546727809063_n-300x300.jpg\" alt=\"Mission humanitaire aide soignante \u00e0 l'\u00e9tranger\" width=\"300\" height=\"300\" srcset=\"https:\/\/www.vita-explorers.dk\/blog\/wp-content\/uploads\/2024\/11\/437530444_470247178658932_7566890546727809063_n-300x300.jpg 300w, https:\/\/www.vita-explorers.dk\/blog\/wp-content\/uploads\/2024\/11\/437530444_470247178658932_7566890546727809063_n-1024x1024.jpg 1024w, https:\/\/www.vita-explorers.dk\/blog\/wp-content\/uploads\/2024\/11\/437530444_470247178658932_7566890546727809063_n-150x150.jpg 150w, https:\/\/www.vita-explorers.dk\/blog\/wp-content\/uploads\/2024\/11\/437530444_470247178658932_7566890546727809063_n-768x767.jpg 768w, https:\/\/www.vita-explorers.dk\/blog\/wp-content\/uploads\/2024\/11\/437530444_470247178658932_7566890546727809063_n-1536x1534.jpg 1536w, https:\/\/www.vita-explorers.dk\/blog\/wp-content\/uploads\/2024\/11\/437530444_470247178658932_7566890546727809063_n.jpg 1938w\" sizes=\"(max-width: 300px) 100vw, 300px\" \/><\/p>\n<p style=\"text-align: justify;\">F\u00f8rst og fremmest er det vigtigt at sl\u00e5 fast, at den sygeplejestuderende er den <strong>vigtigste drivkraft<\/strong> i sin internationale praktik. De rammer, VITA og den lokale koordinator stiller til r\u00e5dighed, er til for at <em>g\u00f8re det lettere<\/em> og skabe struktur \u2013 men det er den studerendes ansvar at give praktikforl\u00f8bet retning, leve op til kravene fra sin uddannelse og tilpasse sig virkeligheden p\u00e5 stedet.<\/p>\n<h3 id=\"section2-1\" style=\"text-align: justify;\"><strong>2.1. Faglige og l\u00e6ringsm\u00e6ssige m\u00e5l under praktikken<\/strong><\/h3>\n<p style=\"text-align: justify;\">I en sygeplejepraktik er m\u00e5lene typisk <strong>l\u00e6ringsm\u00e6ssige<\/strong>. Den studerende skal dokumentere kliniske, relationelle og organisatoriske kompetencer i tr\u00e5d med uddannelsens krav. N\u00e5r man tager afsted til udlandet, kan m\u00e5lene v\u00e6re mere udfordrende at indfri, fordi konteksten kan v\u00e6re markant anderledes: udstyr, sprog, behandlingspraksis, patienttyper og sygdomsbilleder mv.<\/p>\n<p style=\"text-align: justify;\">Derfor er det den studerendes opgave at <strong>afklare p\u00e5 forh\u00e5nd<\/strong> med sin uddannelsesinstitution:<\/p>\n<ul style=\"text-align: justify;\">\n<li>Hvilke kompetencer man \u00f8nsker at udvikle (fx smertebehandling, tekniske procedurer osv.).<\/li>\n<li>Vurderingsrammen og hvad der er realistisk: antal timer pr. dag, hvilke afdelinger\/omr\u00e5der, osv.<\/li>\n<li>Hvordan der f\u00f8lges op p\u00e5 afstand (rapporter, online-samtaler mv.).<\/li>\n<\/ul>\n<p style=\"text-align: justify;\"><a href=\"https:\/\/www.vita-explorers.dk\/\" target=\"_blank\" rel=\"noopener\">VITA<\/a> g\u00e5r ikke ind og <em>fastl\u00e6gger<\/em> disse m\u00e5l; VITAs rolle er at hj\u00e6lpe med at matche den studerende med et relevant sted og en kontakt p\u00e5 destinationen \u2013 ikke at definere, hvilke kompetencer der skal godkendes.<\/p>\n<h3 id=\"section2-2\" style=\"text-align: justify;\"><strong>2.2. Personligt engagement og tilpasning p\u00e5 et ophold i udlandet<\/strong><\/h3>\n<p style=\"text-align: justify;\">Det personlige engagement er <strong>helt afg\u00f8rende<\/strong> i denne type internationale forl\u00f8b. At l\u00e6re i en ny kontekst kr\u00e6ver b\u00e5de <em>motivation<\/em> og <em>fleksibilitet<\/em>. Sundhedssektoren kan fungere meget anderledes end den, du kender hjemmefra: begr\u00e6nsede ressourcer, en anden organisering, andre rammer og normer.<\/p>\n<p style=\"text-align: justify;\">Derfor skal den studerende v\u00e6re indstillet p\u00e5 at:<\/p>\n<ul style=\"text-align: justify;\">\n<li><strong>Observere og l\u00e6re<\/strong> med ydmyghed: Nogle lokale praksisser er anderledes, men giver mening i deres sammenh\u00e6ng.<\/li>\n<li><strong>Kommunikere<\/strong> med de lokale teams: Stil sp\u00f8rgsm\u00e5l, ops\u00f8g feedback og vis interesse.<\/li>\n<li><strong>V\u00e6re \u00e5ben og tolerant<\/strong>: Sprog og kultur kan g\u00f8re det sv\u00e6rere at falde til \u2013 men t\u00e5lmodighed og respekt g\u00f8r en stor forskel.\n<\/li>\n<li><strong>L\u00f8bende selv-evaluere<\/strong>: F\u00f8re logbog, notere hvad du har set og forst\u00e5et, og hvad du vil arbejde videre med.<\/li>\n<\/ul>\n<h3 id=\"section2-3\" style=\"text-align: justify;\"><strong>2.3. Etik, ansvar og professionel adf\u00e6rd<\/strong><\/h3>\n<p style=\"text-align: justify;\">Ogs\u00e5 i udlandet er en sygeplejestuderende underlagt <strong>etiske<\/strong> og <strong>professionelle<\/strong> principper. Du m\u00e5 ikke udf\u00f8re opgaver uden for dit kompetenceomr\u00e5de, og du kan ikke tr\u00e6de i stedet for autoriseret personale p\u00e5 stedet. Fortrolighed, tavshedspligt og respekt for patientens v\u00e6rdighed er fortsat <em>grundl\u00e6ggende<\/em>.<\/p>\n<p style=\"text-align: justify;\">Hvis du bliver bedt om at udf\u00f8re noget, der ligger uden for dine bef\u00f8jelser, eller som strider mod det, du har l\u00e6rt, er det dit ansvar at <strong>sige fra<\/strong>, g\u00f8re opm\u00e6rksom p\u00e5 situationen og tage dialogen med din kontakt p\u00e5 stedet.<\/p>\n<p style=\"text-align: justify;\">VITA kan orienteres om problemstillinger, men den studerende skal handle i tr\u00e5d med fagets standarder.<\/p>\n<h2 id=\"section3\" style=\"text-align: justify;\">3. VITAs rolle<\/h2>\n<p><img loading=\"lazy\" decoding=\"async\" class=\"aligncenter wp-image-18965 size-medium\" src=\"https:\/\/www.vita-explorers.dk\/blog\/wp-content\/uploads\/2014\/11\/cropped-cropped-Logo-et-Afrique-Globalong-petite-taille-2-300x300.jpg\" alt=\"D\u00e9finition ONG humanitaire\" width=\"300\" height=\"300\" srcset=\"https:\/\/www.vita-explorers.dk\/blog\/wp-content\/uploads\/2014\/11\/cropped-cropped-Logo-et-Afrique-Globalong-petite-taille-2-300x300.jpg 300w, https:\/\/www.vita-explorers.dk\/blog\/wp-content\/uploads\/2014\/11\/cropped-cropped-Logo-et-Afrique-Globalong-petite-taille-2-150x150.jpg 150w, https:\/\/www.vita-explorers.dk\/blog\/wp-content\/uploads\/2014\/11\/cropped-cropped-Logo-et-Afrique-Globalong-petite-taille-2-270x270.jpg 270w, https:\/\/www.vita-explorers.dk\/blog\/wp-content\/uploads\/2014\/11\/cropped-cropped-Logo-et-Afrique-Globalong-petite-taille-2-192x192.jpg 192w, https:\/\/www.vita-explorers.dk\/blog\/wp-content\/uploads\/2014\/11\/cropped-cropped-Logo-et-Afrique-Globalong-petite-taille-2-180x180.jpg 180w, https:\/\/www.vita-explorers.dk\/blog\/wp-content\/uploads\/2014\/11\/cropped-cropped-Logo-et-Afrique-Globalong-petite-taille-2-32x32.jpg 32w, https:\/\/www.vita-explorers.dk\/blog\/wp-content\/uploads\/2014\/11\/cropped-cropped-Logo-et-Afrique-Globalong-petite-taille-2.jpg 512w\" sizes=\"(max-width: 300px) 100vw, 300px\" \/><\/p>\n<p style=\"text-align: justify;\">VITA bliver nogle gange fejlagtigt opfattet som et \u201cpraktikbureau\u201d eller en akt\u00f8r, der s\u00e6lger en \u201calt inklusive\u201d-pakke. I praksis er VITA en organisation, der arbejder med <em>internationale forl\u00f8b<\/em> og <em>kulturudveksling<\/em>. Form\u00e5let er at skabe en god og ansvarlig kobling mellem en studerende, der \u00f8nsker et ophold i udlandet, og et lokalt sted, der kan tage imod og bidrage til et meningsfuldt l\u00e6ringsforl\u00f8b.<\/p>\n<h3 id=\"section3-1\" style=\"text-align: justify;\"><strong>3.1. En organisation \u2013 ikke en kommerciel virksomhed<\/strong><\/h3>\n<p style=\"text-align: justify;\">I mods\u00e6tning til en privat virksomhed arbejder VITA ikke med <em>profit<\/em> som m\u00e5l. Midlerne g\u00e5r til at styrke <strong>kvaliteten af forl\u00f8b<\/strong>, <strong>forberedelse og st\u00f8tte<\/strong> samt udvikling af netv\u00e6rk og processer. Der kan v\u00e6re deltagerbetaling, som d\u00e6kker praktiske omkostninger, koordinering og forberedelse, men der er ikke tale om en kommerciel \u201cavance\u201d.<\/p>\n<h4 style=\"text-align: justify;\"><strong>Det er en vigtig forskel:<\/strong><\/h4>\n<ul style=\"text-align: justify;\">\n<li style=\"list-style-type: none;\">\n<ul style=\"text-align: justify;\">\n<li>Der er ikke en <strong>resultatgaranti<\/strong>, som man kender det fra en serviceleverand\u00f8r.<\/li>\n<li>VITAs forpligtelse handler is\u00e6r om rammer, forberedelse og st\u00f8tte \u2013 ikke om at garantere en bestemt akademisk eller klinisk \u201csucces\u201d. Fokus er p\u00e5 l\u00e6ring, udveksling og ansvarligt engagement.<\/li>\n<\/ul>\n<\/li>\n<\/ul>\n<h3 id=\"section3-2\" style=\"text-align: justify;\"><strong>3.2. Formidling og koordinering af sygeplejepraktik i udlandet<\/strong><\/h3>\n<p style=\"text-align: justify;\">VITAs kerneopgave er at <strong>identificere<\/strong> og <strong>vurdere<\/strong> praktiksteder, der kan tage imod sygeplejestuderende (hospitaler, klinikker, sundhedscentre, organisationer). VITA fungerer som st\u00f8tte for deltagere:<\/p>\n<ul style=\"text-align: justify;\">\n<li>VITA vurderer, om der er en <strong>rimelig ramme<\/strong> for faglig introduktion og st\u00f8tte p\u00e5 stedet.<\/li>\n<li>VITA <strong>pr\u00e6senterer<\/strong> den studerendes profil (niveau, erfaring, forventninger) for kontaktpersonen, som herefter bekr\u00e6fter, om de kan tage imod.<\/li>\n<li>VITA <strong>informerer<\/strong> om forholdene p\u00e5 stedet, herunder boligmuligheder og forventede arbejdsvilk\u00e5r.<\/li>\n<\/ul>\n<p style=\"text-align: justify;\">Kort sagt matcher VITA en studerende med et praktiksted og hj\u00e6lper den <strong>indledende koordinering<\/strong> p\u00e5 plads, men <strong>styrer ikke<\/strong> den daglige praktik (detaljeret vagtplan, hvilke procedurer du m\u00e5 udf\u00f8re, mv.). Det aftales og h\u00e5ndteres mellem praktiksted og den studerende.<\/p>\n<h3 id=\"section3-3\" style=\"text-align: justify;\"><strong>3.3. Praktisk st\u00f8tte f\u00f8r afrejse<\/strong><\/h3>\n<p style=\"text-align: justify;\">VITA tilbyder ofte <strong>praktisk st\u00f8tte<\/strong> inden afrejse:<\/p>\n<ul style=\"text-align: justify;\">\n<li>Vejledning i <strong>administrative<\/strong> skridt: visum, dokumenter til uddannelsen, forsikring mv.<\/li>\n<li>R\u00e5d om <strong>vaccinationer<\/strong> og <strong>sundhedsforebyggelse<\/strong> afh\u00e6ngigt af destination (med afs\u00e6t i officielle kilder).<\/li>\n<li>Information om <strong>bolig<\/strong> (v\u00e6rtsfamilie, delt bolig mv.) og relevante kontakter p\u00e5 stedet.<\/li>\n<li>Mulighed for <strong>interkulturel forberedelse<\/strong> for at forebygge de mest almindelige kulturmisforst\u00e5elser.<\/li>\n<\/ul>\n<p style=\"text-align: justify;\">Det kan v\u00e6re en stor hj\u00e6lp, is\u00e6r hvis det er f\u00f8rste gang, du rejser uden for dit hjemland. Samtidig kan VITA ikke overtage myndigheders behandling af ans\u00f8gninger eller garantere, at alle dokumenter accepteres af uddannelsesinstitutionen eller praktikstedet.<\/p>\n<h3 id=\"section3-4\" style=\"text-align: justify;\"><strong>3.4. Afgr\u00e6nsning af ansvar \u2013 og hvorfor der ikke er resultatgaranti<\/strong><\/h3>\n<p style=\"text-align: justify;\">En af de mest almindelige misforst\u00e5elser er, at VITA fungerer som en serviceleverand\u00f8r, der skal \u201cgarantere\u201d kvalitet eller godkendelse af praktikken. Men VITA:<\/p>\n<ul style=\"text-align: justify;\">\n<li style=\"list-style-type: none;\">\n<ul style=\"text-align: justify;\">\n<li style=\"list-style-type: none;\">\n<ul style=\"text-align: justify;\">\n<li style=\"list-style-type: none;\">\n<ul style=\"text-align: justify; list-style-type: disc;\">\n<li><strong>Godkender ikke<\/strong> praktikm\u00e5l: Det er uddannelsen og den lokale kontakt, der vurderer din progression.<\/li>\n<li><strong>Lover ikke<\/strong> bestemte typer eller m\u00e6ngder af sygeplejefaglige procedurer: Det afh\u00e6nger af stedet, patientflow og lokale tilladelser.<\/li>\n<li><strong>Har ikke kontrol<\/strong> over alle lokale forhold (strejker, \u00e6ndringer i drift, helligdage mv.).<\/li>\n<\/ul>\n<\/li>\n<\/ul>\n<\/li>\n<\/ul>\n<\/li>\n<\/ul>\n<p style=\"text-align: justify;\">Derfor afh\u00e6nger udbyttet af en sygeplejepraktik i udlandet i h\u00f8j grad af den studerendes <strong>proaktivitet<\/strong> og <strong>evne til at tilpasse sig<\/strong> \u2013 samt den reelle mulighed for st\u00f8tte p\u00e5 praktikstedet.<\/p>\n<h2 id=\"section4\" style=\"text-align: justify;\">4. Den lokale koordinator i sygeplejepraktikken<\/h2>\n<p><img loading=\"lazy\" decoding=\"async\" class=\"aligncenter wp-image-18932 size-medium\" src=\"https:\/\/www.vita-explorers.dk\/blog\/wp-content\/uploads\/2024\/11\/399171983_380829227600728_8860467817083370562_n-300x300.jpg\" alt=\"\u00c9tudiante infirmi\u00e8re en stage \u00e0 l'\u00e9tranger\" width=\"300\" height=\"300\" srcset=\"https:\/\/www.vita-explorers.dk\/blog\/wp-content\/uploads\/2024\/11\/399171983_380829227600728_8860467817083370562_n-300x300.jpg 300w, https:\/\/www.vita-explorers.dk\/blog\/wp-content\/uploads\/2024\/11\/399171983_380829227600728_8860467817083370562_n-1024x1024.jpg 1024w, https:\/\/www.vita-explorers.dk\/blog\/wp-content\/uploads\/2024\/11\/399171983_380829227600728_8860467817083370562_n-150x150.jpg 150w, https:\/\/www.vita-explorers.dk\/blog\/wp-content\/uploads\/2024\/11\/399171983_380829227600728_8860467817083370562_n-768x768.jpg 768w, https:\/\/www.vita-explorers.dk\/blog\/wp-content\/uploads\/2024\/11\/399171983_380829227600728_8860467817083370562_n.jpg 1200w\" sizes=\"(max-width: 300px) 100vw, 300px\" \/><\/p>\n<p style=\"text-align: justify;\">Den lokale koordinator (hospital, klinik, sundhedscenter, sundheds-NGO osv.) spiller en central rolle, fordi det er her, <strong>praktikken foreg\u00e5r<\/strong> i praksis. Det er her, du som studerende oms\u00e6tter viden til erfaring, ser hverdagen i et andet sundhedssystem og indg\u00e5r i samarbejdet med et lokalt fagteam.<\/p>\n<h3 id=\"section4-1\" style=\"text-align: justify;\"><strong>4.1. Praktikstedet<\/strong><\/h3>\n<p style=\"text-align: justify;\">De steder, VITA arbejder med, er <em>meget forskellige<\/em>: Nogle er st\u00f8rre byhospitaler, andre mindre klinikker i landdistrikter eller lokale sundhedscentre. F\u00e6lles er, at de er <strong>\u00e5bne for at modtage<\/strong> internationale studerende og \u00f8nsker et <em>gensidigt<\/em> fagligt m\u00f8de.<\/p>\n<p style=\"text-align: justify;\">Hvert sted har sin <strong>egen drift<\/strong>, sine procedurer, hygiejnepraksisser og faglige fokusomr\u00e5der. Som studerende b\u00f8r du derfor s\u00e6tte dig ind i:<\/p>\n<ul style=\"text-align: justify;\">\n<li>Stedets st\u00f8rrelse og hvilke afdelinger der findes (fx f\u00f8deafdeling, akut, p\u00e6diatri).<\/li>\n<li>Arbejdssprog (fransk, engelsk, lokalt sprog) og om der er personale med sproglige kompetencer.<\/li>\n<li>Arbejdstider, fridage, lokale helligdage mv.<\/li>\n<\/ul>\n<h3 id=\"section4-2\" style=\"text-align: justify;\"><strong>4.2. Faglig vejledning p\u00e5 stedet<\/strong><\/h3>\n<p style=\"text-align: justify;\">Som sygeplejestuderende vil du typisk have en <strong>praktikvejleder<\/strong> eller en lokal kontaktperson. Rollen er at <em>introducere<\/em> dig til opgaverne, svare p\u00e5 sp\u00f8rgsm\u00e5l og <em>f\u00f8lge<\/em> din udvikling. Tilg\u00e6ngeligheden kan dog variere afh\u00e6ngigt af arbejdspres, patientm\u00e6ngde og organisering.<\/p>\n<p style=\"text-align: justify;\">I nogle lande er \u201cvejledning\u201d mindre formaliseret end i Danmark. Du kan derfor f\u00e5 brug for selv at ops\u00f8ge st\u00f8tte hos erfarne fagpersoner og have <strong>flere forskellige kontaktflader<\/strong>.<\/p>\n<p style=\"text-align: justify;\">Hvis du oplever <strong>manglende rammer<\/strong> eller har sv\u00e6rt ved at finde en fast kontakt, skal du tage det op med koordinatoren. Samtidig er det vigtigt at forst\u00e5, at VITA ikke kan p\u00e5l\u00e6gge lokalt personale at have mere tid; <em>virkeligheden p\u00e5 stedet<\/em> s\u00e6tter ofte rammen.<\/p>\n<h3 id=\"section4-3\" style=\"text-align: justify;\"><strong>4.3. Praktikvilk\u00e5r i udlandet og lokale ressourcer<\/strong><\/h3>\n<p>Forholdene i en <a href=\"https:\/\/www.vita-explorers.dk\/blog\/studerendepraktik-svejs-sygepleje-i-udlandet\/\" target=\"_blank\" rel=\"noopener\">praktik i udlandet<\/a>, s\u00e6rligt i omr\u00e5der med <strong>begr\u00e6nsede ressourcer<\/strong>, kan ligge langt fra det, mange kender fra et h\u00f8jt specialiseret sundhedsv\u00e6sen. Der kan v\u00e6re mangel p\u00e5 sterilt udstyr, ustabil adgang til medicin og slidte faciliteter. Det kan overraske \u2013 og for nogle ogs\u00e5 v\u00e6re sv\u00e6rt at tage ind.<\/p>\n<p style=\"text-align: justify;\">Den lokale koordinator g\u00f8r, hvad der er muligt, for at skabe et <em>l\u00e6ringsmilj\u00f8<\/em>, men kan ikke altid tilbyde samme udstyr eller komfort som et moderne hospital. Derfor er det vigtigt at:<\/p>\n<ul style=\"text-align: justify;\">\n<li>V\u00e6re <strong>omstillingsparat<\/strong> og l\u00f8sningsorienteret.<\/li>\n<li>Undg\u00e5 at forvente adgang til alt det, du er vant til.<\/li>\n<li>Observere hvordan lokale fagpersoner h\u00e5ndterer <strong>mangel<\/strong> og <strong>praktiske begr\u00e6nsninger<\/strong> \u2013 og l\u00e6re af det.<\/li>\n<\/ul>\n<h3 style=\"text-align: justify;\"><strong>4.4. Forventninger til den studerende i en international praktik<\/strong><\/h3>\n<p class=\"yoast-text-mark\">Praktikstedet kan forvente, at du som sygeplejestuderende bidrager med en <strong>ny faglig vinkel<\/strong> \u2013 eller i det mindste en <em>anden professionel kultur<\/em>. Det kan komme til udtryk gennem dialog om procedurer, metoder fra uddannelsen eller forebyggende tiltag som hygiejne og vaccination.<\/p>\n<p style=\"text-align: justify;\">Det handler dog ikke om at \u201c\u00e6ndre\u201d lokale praksisser eller presse en vestlig tilgang igennem.<br \/>\nTypisk er \u00f8nsket et <strong>gensidigt erfaringsudvekslingsrum<\/strong>. Den studerende kan:<\/p>\n<ul style=\"text-align: justify;\">\n<li>Komme med forslag, hvis det g\u00f8res med respekt for stedets <strong>struktur<\/strong> og <strong>kultur<\/strong>.<\/li>\n<li>Bidrage i perioder til <em>sundhedsoplysning<\/em> og <em>forebyggelse<\/em>.<\/li>\n<li>Indg\u00e5 i <em>screening<\/em> eller <em>vaccinationsaktiviteter<\/em>, hvis det er en del af de lokale rammer og tilladelser.<\/li>\n<\/ul>\n<h2 id=\"section5\" style=\"text-align: justify;\">5. Hvorfor det ikke er en ydelse med resultatgaranti?<img loading=\"lazy\" decoding=\"async\" class=\"aligncenter wp-image-18935 size-medium\" style=\"text-align: justify;\" src=\"https:\/\/www.vita-explorers.dk\/blog\/wp-content\/uploads\/2024\/11\/400347302_383001947383456_1309074405376009064_n-300x300.jpg\" alt=\"Stage \u00e9tudiant infirmier en Asie\" width=\"300\" height=\"300\" srcset=\"https:\/\/www.vita-explorers.dk\/blog\/wp-content\/uploads\/2024\/11\/400347302_383001947383456_1309074405376009064_n-300x300.jpg 300w, https:\/\/www.vita-explorers.dk\/blog\/wp-content\/uploads\/2024\/11\/400347302_383001947383456_1309074405376009064_n-1024x1024.jpg 1024w, https:\/\/www.vita-explorers.dk\/blog\/wp-content\/uploads\/2024\/11\/400347302_383001947383456_1309074405376009064_n-150x150.jpg 150w, https:\/\/www.vita-explorers.dk\/blog\/wp-content\/uploads\/2024\/11\/400347302_383001947383456_1309074405376009064_n-768x768.jpg 768w, https:\/\/www.vita-explorers.dk\/blog\/wp-content\/uploads\/2024\/11\/400347302_383001947383456_1309074405376009064_n.jpg 1416w\" sizes=\"(max-width: 300px) 100vw, 300px\" \/><\/h2>\n<p style=\"text-align: justify;\">Det er naturligt at forvente et \u201cskr\u00e6ddersyet\u201d forl\u00f8b, n\u00e5r man l\u00e6gger et budget for en praktik i udlandet. Det er dog vigtigt at forst\u00e5, at betalingen <strong>ikke er k\u00f8b af en kommerciel ydelse<\/strong>, men prim\u00e6rt d\u00e6kker:<\/p>\n<ul style=\"text-align: justify;\">\n<li><strong>Driftsomkostninger<\/strong> (vurdering af praktiksteder, forberedelse, st\u00f8tte mv.).<\/li>\n<li><strong>Udgifter til bolig<\/strong> og evt. forplejning, hvis der arrangeres overnatning via v\u00e6rtsfamilie eller et opholdssted.<\/li>\n<li><strong>Praktisk koordinering<\/strong> og opf\u00f8lgning relateret til deltagere.<\/li>\n<\/ul>\n<p style=\"text-align: justify;\">Det er alts\u00e5 ikke en klassisk <em>kunde-leverand\u00f8r<\/em>-relation. Og \u201cresultatgaranti\u201d giver ikke mening her, fordi udbyttet afh\u00e6nger af:<\/p>\n<ul style=\"text-align: justify;\">\n<li>Den studerendes <strong>egen indsats<\/strong>: motivation, stabilitet og initiativ.<\/li>\n<li>Den lokale koordinerings <strong>tilg\u00e6ngelighed og organisering<\/strong>.<\/li>\n<li><strong>Uforudsete forhold<\/strong> i v\u00e6rtslandet (samfundsforhold, politik, sundhedssituation mv.).<\/li>\n<\/ul>\n<p style=\"text-align: justify;\">VITA tilbyder et <em>trygt rammes\u00e6t<\/em> og en <em>struktur<\/em>, men kan ikke styre dit l\u00e6ringsudbytte eller om din uddannelsesinstitution godkender praktikken.<\/p>\n<h2 id=\"section6\" style=\"text-align: justify;\">6. S\u00e5dan forbereder du din sygeplejepraktik i udlandet<\/h2>\n<p style=\"text-align: justify;\">Vil du \u00f8ge chancen for et godt forl\u00f8b, kr\u00e6ver det <strong>grundig forberedelse<\/strong>. Det g\u00f8r det lettere at afklare m\u00e5l, forst\u00e5 konteksten og samle de n\u00f8dvendige dokumenter.<\/p>\n<h3 id=\"section6-1\" style=\"text-align: justify;\"><strong>6.1. Afklar dit praktikforl\u00f8b med din uddannelsesinstitution<\/strong><\/h3>\n<p style=\"text-align: justify;\">Start med at tale med din <strong>praktikansvarlige<\/strong> eller vejleder p\u00e5 uddannelsen. S\u00f8rg for at:<\/p>\n<ul style=\"text-align: justify;\">\n<li><strong>F\u00e5 bekr\u00e6ftet<\/strong>, at praktik i udlandet kan lade sig g\u00f8re (varighed, sammenh\u00e6ng med studieforl\u00f8bet mv.).<\/li>\n<li><strong>Identificere<\/strong> de kompetencer, du skal opn\u00e5 eller styrke, s\u00e5 du ved, hvad du konkret g\u00e5r efter p\u00e5 stedet.<\/li>\n<li>Kende uddannelsens <strong>administrative krav<\/strong> (praktikaftale, godkendelse af lokal kontakt mv.).<\/li>\n<\/ul>\n<p style=\"text-align: justify;\">Den afklaring er vigtig for at undg\u00e5 ubehagelige overraskelser: En praktik, der ikke lever op til kravene eller er d\u00e5rligt dokumenteret, kan risikere <strong>ikke<\/strong> at blive godkendt.<\/p>\n<h3 id=\"section6-2\" style=\"text-align: justify;\"><strong>6.2. S\u00e6t dig ind i kultur og sundhedssystem<\/strong><\/h3>\n<p style=\"text-align: justify;\">Hvert land har sit eget <strong>sundhedssystem<\/strong> og sin egen <strong>kultur<\/strong>. Inden du rejser, er det en god id\u00e9 at:<\/p>\n<ul style=\"text-align: justify;\">\n<li><strong>L\u00e6se<\/strong> materialer fra VITA eller relevante rapporter om sundhed og forhold i landet.<\/li>\n<li><strong>Orientere<\/strong> dig om typiske sygdomsbilleder og forebyggelse (fx malaria, dengue mv.).<\/li>\n<li>L\u00e6re nogle <strong>grundl\u00e6ggende fraser<\/strong> p\u00e5 lokalsproget, is\u00e6r hvis ikke alle taler engelsk eller fransk.<\/li>\n<\/ul>\n<p style=\"text-align: justify;\">Det giver dig et <em>minimum af kontekstforst\u00e5else<\/em>, mindsker risikoen for kulturelle fejltrin og g\u00f8r det lettere at <strong>forst\u00e5<\/strong> patienter og kollegaer.<\/p>\n<h3 id=\"section6-3\" style=\"text-align: justify;\"><strong>6.3. Styr p\u00e5 administrative formaliteter<\/strong><\/h3>\n<p style=\"text-align: justify;\">Afh\u00e6ngigt af destination kan du f\u00e5 brug for et <strong>visum<\/strong> (turist, studie, mv.). VITA kan vejlede, men du skal selv lave de officielle ans\u00f8gninger via den relevante ambassade eller det relevante konsulat.<\/p>\n<p style=\"text-align: justify;\"><strong>Husk ogs\u00e5 at:<\/strong><\/p>\n<ul style=\"text-align: justify;\">\n<li>Have et <strong>gyldigt pas<\/strong> (ofte mindst 6 m\u00e5neder efter hjemrejsedato).<\/li>\n<li>Udfylde de <strong>dokumenter<\/strong>, din uddannelse kr\u00e6ver (aftaler, forsikringspapirer mv.).<\/li>\n<li>Tjekke <strong>toldregler<\/strong>: Nogle lande tillader ikke indf\u00f8rsel af medicinsk udstyr uden tilladelse.<\/li>\n<\/ul>\n<h3 id=\"section6-4\" style=\"text-align: justify;\"><strong>6.4. Sundhed, vacciner og forsikringer<\/strong><\/h3>\n<p style=\"text-align: justify;\">I en sygeplejepraktik er det vigtigt at passe p\u00e5 din egen sundhed. Afh\u00e6ngigt af landet kan bestemte <strong>vacciner<\/strong> v\u00e6re obligatoriske eller kraftigt anbefalede (gul feber, hepatitis mv.). Tal med en l\u00e6ge med erfaring i rejsemedicin eller et vaccinationscenter for at f\u00e5 r\u00e5dgivning, der passer til din destination.<\/p>\n<p style=\"text-align: justify;\"><strong>N\u00e5r det g\u00e6lder <a href=\"https:\/\/www.vita-explorers.dk\/blog\/rejseforsikring-til-internationale-forloeb\/\" target=\"_blank\" rel=\"noopener\">forsikringer<\/a>, b\u00f8r du have:<\/strong><\/p>\n<ul style=\"text-align: justify;\">\n<li>En <strong>sygeforsikring<\/strong> som d\u00e6kker evt. indl\u00e6ggelse i v\u00e6rtslandet.<\/li>\n<li>En <strong>ansvarsforsikring<\/strong> (ofte et krav fra uddannelsen).<\/li>\n<li><strong>Hjemtransport\/evakuering<\/strong> ved alvorlige h\u00e6ndelser.<\/li>\n<\/ul>\n<h2 id=\"section7\" style=\"text-align: justify;\"><strong>7. Udfordringer i en international sygeplejepraktik<\/strong><\/h2>\n<p style=\"text-align: justify;\">Selv med god forberedelse kan en praktik i udlandet v\u00e6re kr\u00e6vende. Hvis du er bevidst om det fra start, er det lettere at <em>forudse<\/em> situationer og bevare perspektivet.<\/p>\n<h3 id=\"section7-1\" style=\"text-align: justify;\"><strong>7.1. Kulturel tilpasning<\/strong><\/h3>\n<p style=\"text-align: justify;\"><a href=\"https:\/\/www.vita-explorers.dk\/blog\/kulturchok-det-er-helt-normalt\/\" target=\"_blank\" rel=\"noopener\">Et <strong>kulturchok<\/strong><\/a> er almindeligt, n\u00e5r man lander i et samfund med andre normer, sprog og sociale koder. Relationer, tidsforst\u00e5else og hierarkier kan f\u00f8les uvant.<\/p>\n<p style=\"text-align: justify;\"><strong>For at h\u00e5ndtere det:<\/strong><\/p>\n<ul style=\"text-align: justify;\">\n<li>Pr\u00f8v at <strong>forst\u00e5<\/strong> lokale vaner frem for at vurdere dem.<\/li>\n<li>Undg\u00e5 at sammenligne alt med standarder hjemmefra.<\/li>\n<li>Se ubehag som en <em>del af l\u00e6ringen<\/em>.<\/li>\n<\/ul>\n<h3 id=\"section7-2\" style=\"text-align: justify;\"><strong>7.2. Sprogbarrierer<\/strong><\/h3>\n<p style=\"text-align: justify;\">Selv hvis du taler det <strong>officielle sprog<\/strong> (engelsk, fransk, spansk osv.), kan du m\u00f8de regionale dialekter eller medicinske udtryk, der bruges lokalt. Patienter kan ogs\u00e5 tale et andet sprog end personalet.<\/p>\n<p style=\"text-align: justify;\">Sygeplejepraktik kr\u00e6ver tydelig <strong>kommunikation<\/strong>. Derfor kan det hj\u00e6lpe at:<\/p>\n<ul style=\"text-align: justify;\">\n<li>Lave en lille <em>ordliste<\/em> med centrale medicinske termer p\u00e5 lokalsproget.<\/li>\n<li>Bruge en <em>tolk<\/em> (kollega, lokal frivillig) ved behov.<\/li>\n<li>L\u00e6re <em>n\u00f8gleord<\/em> til daglig h\u00f8flighed og basal kommunikation (goddag, tak, hvordan har du det? osv.).<\/li>\n<\/ul>\n<h3 id=\"section7-3\" style=\"text-align: justify;\"><strong>7.3. At h\u00e5ndtere f\u00f8lelsesm\u00e6ssige indtryk<\/strong><\/h3>\n<p style=\"text-align: justify;\">Nogle sygeplejestuderende m\u00f8der <strong>sv\u00e6re situationer<\/strong>: udtalt fattigdom, udfordrende hygiejneforhold, alvorlige sygdomme uden tilstr\u00e6kkelige behandlingsmuligheder. Forskellen fra det, man kender hjemmefra, kan give et <em>f\u00f8lelsesm\u00e6ssigt pres<\/em>.<\/p>\n<p style=\"text-align: justify;\"><a href=\"https:\/\/www.vita-explorers.dk\/blog\/stresshaandtering-for-studerende-paa-praktik-i-udlandet\/\" target=\"_blank\" rel=\"noopener\"><strong>For at passe p\u00e5 din mentale trivsel:<\/strong><\/a><\/p>\n<ul style=\"text-align: justify;\">\n<li>Tal j\u00e6vnligt med dine n\u00e6rmeste eller en kontaktperson (lokalt eller p\u00e5 afstand).<\/li>\n<li>F\u00f8r <em>dagbog<\/em> for at f\u00e5 sat ord p\u00e5 dine indtryk.<\/li>\n<li>Vis <strong>medmenneskelighed<\/strong> \u2013 men s\u00e6t ogs\u00e5 gr\u00e6nser, s\u00e5 du ikke br\u00e6nder ud.<\/li>\n<\/ul>\n<h3 id=\"section7-4\" style=\"text-align: justify;\"><strong>7.4. Begr\u00e6nsede ressourcer og praktiske l\u00f8sninger<\/strong><\/h3>\n<p style=\"text-align: justify;\">Som n\u00e6vnt kan der v\u00e6re <strong>knappe ressourcer<\/strong> i nogle sundhedsstrukturer. Du vil sandsynligvis skulle udvikle din evne til at finde <em>praktiske l\u00f8sninger<\/em>. Basale ting som handsker, forbindinger og desinfektion kan v\u00e6re rationeret.<\/p>\n<p style=\"text-align: justify;\">I stedet for at fokusere p\u00e5 frustration kan du se det som en <em>faglig tr\u00e6ning<\/em>. Du l\u00e6rer at prioritere og at arbejde med <strong>genbrug og genanvendelse<\/strong>, og du styrker din kreativitet i arbejdet med kvalitet under begr\u00e6nsninger.<\/p>\n<h2 id=\"section8\" style=\"text-align: justify;\">Gode r\u00e5d til en vellykket sygeplejepraktik i udlandet<\/h2>\n<p class=\"\">Her er nogle <strong>konkrete r\u00e5d<\/strong>, der kan hj\u00e6lpe dig med at f\u00e5 mest muligt ud af din oplevelse.<\/p>\n<h3 id=\"section8-1\" style=\"text-align: justify;\"><strong>8.1. Hold l\u00f8bende kontakt med VITA og den lokale koordinator<\/strong><\/h3>\n<p style=\"text-align: justify;\">St\u00e5 ikke alene med tingene. L\u00f8bende dialog med VITA og din lokale kontakt g\u00f8r det lettere at <strong>justere<\/strong>, hvis noget ikke fungerer. Hvis du oplever manglende vejledning, logistiske udfordringer eller udstyrsmangel, s\u00e5 sig det tidligt.<\/p>\n<p style=\"text-align: justify;\">VITA vil derefter fors\u00f8ge at finde l\u00f8sninger sammen med den lokale koordinator, i det omfang det er muligt.<\/p>\n<h3 id=\"section8-2\" style=\"text-align: justify;\"><strong>8.2. S\u00e6t realistiske m\u00e5l for praktikken<\/strong><\/h3>\n<p style=\"text-align: justify;\">Lav en <em>progressionsplan<\/em> sammen med din uddannelse og din lokale kontakt. Udpeg:<\/p>\n<ul style=\"text-align: justify;\">\n<li><strong>2-3 kompetencer<\/strong> som er vigtigst for dig, fx: \u201ckunne h\u00e5ndtere IV-anl\u00e6ggelse i en kontekst med begr\u00e6nsede ressourcer\u201d.<\/li>\n<li>Enkle <strong>indikatorer<\/strong> for, om du udvikler dig: \u201cKan jeg\u2026?\u201d \u201cHar jeg forst\u00e5et hvordan\u2026?\u201d<\/li>\n<li>En overordnet <em>tidsplan<\/em> (4, 8 eller 12 uger), s\u00e5 du kan f\u00f8lge din egen udvikling.<\/li>\n<\/ul>\n<p style=\"text-align: justify;\">Med <strong>realistiske<\/strong> og <strong>fleksible<\/strong> m\u00e5l mindsker du risikoen for skuffelser, hvis forl\u00f8bet ikke bliver pr\u00e6cis, som du havde forestillet dig.<\/p>\n<h3 id=\"section8-3\" style=\"text-align: justify;\"><strong>8.3. Tag initiativ \u2013 med respekt<\/strong><\/h3>\n<p style=\"text-align: justify;\">I et interkulturelt milj\u00f8 handler det om at <strong>balancere<\/strong> initiativ med respekt for lokale rutiner. Kom gerne med forslag, men g\u00f8r det med blik for <strong>kultur<\/strong> og <strong>struktur<\/strong> p\u00e5 stedet.<\/p>\n<p style=\"text-align: justify;\">Undg\u00e5 at lyde bel\u00e6rende. Dit fokus er at <em>l\u00e6re<\/em> lige s\u00e5 meget, som du bidrager. Den tilgang skaber <strong>tillid<\/strong> og gode relationer i teamet.<\/p>\n<h3 id=\"section8-4\" style=\"text-align: justify;\"><strong>8.4. Brug det uforudsete konstruktivt<\/strong><\/h3>\n<p style=\"text-align: justify;\">Det er sj\u00e6ldent, at et ophold i udlandet g\u00e5r <em>pr\u00e6cis<\/em> som planlagt: \u00e6ndringer i drift, helligdage, sociale begivenheder eller andre forhold. Se det ikke som en fiasko, men som <strong>en naturlig del<\/strong> af at v\u00e6re i en anden kontekst, hvor planl\u00e6gning kan fungere anderledes end hjemme.<\/p>\n<p style=\"text-align: justify;\">\u00d8v dig i at <strong>omstille<\/strong> dig og reagere hurtigt. Den form for <em>robusthed<\/em> er v\u00e6rdifuld i hele din fremtidige sygeplejekarriere.<\/p>\n<h2 id=\"section9\" style=\"text-align: justify;\"><strong>9. Oplevelser fra sygeplejestuderende<\/strong><\/h2>\n<p style=\"text-align: justify;\">For at give et mere realistisk billede af hverdagen i praksis kommer her en erfaring fra en sygeplejestuderende.<\/p>\n<h3 id=\"section9-1\" style=\"text-align: justify;\"><strong>9.1. Sarahs erfaring p\u00e5 et sundhedscenter<\/strong><\/h3>\n<blockquote><p>\u201cJeg valgte en 8 ugers praktik p\u00e5 et <strong>sundhedscenter<\/strong> i Syd\u00f8stasien via VITA. I starten troede jeg, at jeg ville f\u00e5 en fast plan og en dedikeret vejleder. I praksis havde det lokale team travlt, og der var ikke tid til en grundig introduktion. Jeg tog derfor selv initiativ: Jeg bad om at f\u00f8lge den ansvarlige sygeplejerske, n\u00e5r hun udf\u00f8rte behandlinger, og s\u00e5 talte vi dagen igennem til sidst.<\/p>\n<p>Jeg blev ogs\u00e5 overrasket over manglen p\u00e5 sterilt udstyr. Noget udstyr blev genbrugt efter grundig reng\u00f8ring, fordi lagrene var sm\u00e5. Det gjorde mig indimellem usikker, men jeg l\u00e6rte at <strong>tilpasse<\/strong> mine hygiejnerutiner til de lokale forhold. VITA hjalp mig med at finde et relevant sted, og det blev <strong>en meget st\u00e6rk oplevelse<\/strong>, som udviklede mig b\u00e5de personligt og fagligt.\u201d<\/p><\/blockquote>\n<h3 id=\"section9-2\" style=\"text-align: justify;\"><strong>9.2. Oplevelser fra medlemmer i VITA community<\/strong><\/h3>\n<div class=\"ti-widget ti-goog\" data-layout-id=\"4\" data-set-id=\"light-background\" data-pid=\"\" data-language=\"fr\" data-version=\"2\" data-review-target-width=\"300\" data-review-text-mode=\"readmore\" data-pager-autoplay-timeout=\"6\" > <div class=\"ti-widget-container ti-col-3\"> <div class=\"ti-reviews-container\"> <div class=\"ti-controls\"> <div class=\"ti-next\" aria-label=\"Avis suivante\" role=\"button\"><\/div> <div class=\"ti-prev\" aria-label=\"Avis pr\u00e9c\u00e9dent\" role=\"button\"><\/div> <\/div> <div class=\"ti-reviews-container-wrapper\">  <div data-empty=\"0\" class=\"ti-review-item source-Google ti-image-layout-thumbnail\" data-id=\"cfcd208495d565ef66e7dff9f98764da\" > <div class=\"ti-inner\"> <div class=\"ti-review-header\"> <div class=\"ti-profile-img\"> <img decoding=\"async\" src=\"https:\/\/lh3.googleusercontent.com\/a\/ACg8ocKpaoKe37CD0_POxO97KqB60GsWQRsIuG2vmCfXT-W_FY44vw=s120-c-rp-mo-br100\" srcset=\"https:\/\/lh3.googleusercontent.com\/a\/ACg8ocKpaoKe37CD0_POxO97KqB60GsWQRsIuG2vmCfXT-W_FY44vw=s120-c-rp-mo-br100 2x\" alt=\"Lucie Correia\" loading=\"lazy\" \/> <\/div> <div class=\"ti-profile-details\"> <div class=\"ti-name\"> Lucie Correia <\/div> <div class=\"ti-date\">2024-10-17<\/div> <\/div> <\/div> <span class=\"ti-stars\"><span class=\"ti-star f\"><\/span><span class=\"ti-star f\"><\/span><span class=\"ti-star f\"><\/span><span class=\"ti-star f\"><\/span><span class=\"ti-star f\"><\/span><\/span> <div class=\"ti-review-text-container ti-review-content\"><!-- R-CONTENT -->La communication avec Globalong est super, personnes tr\u00e8s pr\u00e9sentes pour les b\u00e9n\u00e9voles et \u00e9tudiants partant avec cette association. Elles r\u00e9pondent \u00e0 toutes nos questions et sont tr\u00e8s accessibles au t\u00e9l\u00e9phone.<!-- R-CONTENT --><\/div> <span class=\"ti-read-more\" data-container=\".ti-review-content\" data-collapse-text=\"Cacher\" data-open-text=\"Lire la suite\" ><\/span> <\/div> <\/div>  <div data-empty=\"0\" class=\"ti-review-item source-Google ti-image-layout-thumbnail\" data-id=\"cfcd208495d565ef66e7dff9f98764da\" > <div class=\"ti-inner\"> <div class=\"ti-review-header\"> <div class=\"ti-profile-img\"> <img decoding=\"async\" src=\"https:\/\/lh3.googleusercontent.com\/a-\/ALV-UjWqnnzM7-7c9BDqeTDF-a7pOgNjvLkJ3WshRd_Tn7z0Eu-AGQwo=s120-c-rp-mo-br100\" srcset=\"https:\/\/lh3.googleusercontent.com\/a-\/ALV-UjWqnnzM7-7c9BDqeTDF-a7pOgNjvLkJ3WshRd_Tn7z0Eu-AGQwo=s120-c-rp-mo-br100 2x\" alt=\"Ra\u00efssa Frisch\" loading=\"lazy\" \/> <\/div> <div class=\"ti-profile-details\"> <div class=\"ti-name\"> Ra\u00efssa Frisch <\/div> <div class=\"ti-date\">2024-10-14<\/div> <\/div> <\/div> <span class=\"ti-stars\"><span class=\"ti-star f\"><\/span><span class=\"ti-star f\"><\/span><span class=\"ti-star f\"><\/span><span class=\"ti-star f\"><\/span><span class=\"ti-star f\"><\/span><\/span> <div class=\"ti-review-text-container ti-review-content\"><!-- R-CONTENT -->J\u2019ai d\u00e9j\u00e0 eu l\u2019opportunit\u00e9 de r\u00e9aliser deux projets humanitaires avec l\u2019association Globalong. Je ne peux que la recommander, car j\u2019ai toujours b\u00e9n\u00e9fici\u00e9 d\u2019un excellent accompagnement, aussi bien avant que pendant le voyage. On ne vous laisse pas vous d\u00e9brouiller seuls, bien au contraire, vous \u00eates tr\u00e8s bien encadr\u00e9s pour accomplir toutes les d\u00e9marches dans les d\u00e9lais.\n\nAu-del\u00e0 du suivi, les exp\u00e9riences humanitaires propos\u00e9es par Globalong ne peuvent que transformer votre vie de mani\u00e8re positive. Elles vous apportent une richesse humaine inestimable.<!-- R-CONTENT --><\/div> <span class=\"ti-read-more\" data-container=\".ti-review-content\" data-collapse-text=\"Cacher\" data-open-text=\"Lire la suite\" ><\/span> <\/div> <\/div>  <div data-empty=\"0\" class=\"ti-review-item source-Google ti-image-layout-thumbnail\" data-id=\"cfcd208495d565ef66e7dff9f98764da\" > <div class=\"ti-inner\"> <div class=\"ti-review-header\"> <div class=\"ti-profile-img\"> <img decoding=\"async\" src=\"https:\/\/lh3.googleusercontent.com\/a\/ACg8ocJL-Dxv25YkXK2QwWPNRxTVqZCv5uTmDQDFg5qslKra3vRZew=s120-c-rp-mo-br100\" srcset=\"https:\/\/lh3.googleusercontent.com\/a\/ACg8ocJL-Dxv25YkXK2QwWPNRxTVqZCv5uTmDQDFg5qslKra3vRZew=s120-c-rp-mo-br100 2x\" alt=\"Tara Turan\" loading=\"lazy\" \/> <\/div> <div class=\"ti-profile-details\"> <div class=\"ti-name\"> Tara Turan <\/div> <div class=\"ti-date\">2024-10-14<\/div> <\/div> <\/div> <span class=\"ti-stars\"><span class=\"ti-star f\"><\/span><span class=\"ti-star f\"><\/span><span class=\"ti-star f\"><\/span><span class=\"ti-star f\"><\/span><span class=\"ti-star f\"><\/span><\/span> <div class=\"ti-review-text-container ti-review-content\"><!-- R-CONTENT -->Une des meilleures associations que j\u2019ai pu faire !\nUne organisation et un suivi vraiment parfait, c\u2019est avec grand plaisir que je referai un projet avec eux.<!-- R-CONTENT --><\/div> <span class=\"ti-read-more\" data-container=\".ti-review-content\" data-collapse-text=\"Cacher\" data-open-text=\"Lire la suite\" ><\/span> <\/div> <\/div>  <div data-empty=\"0\" class=\"ti-review-item source-Google ti-image-layout-thumbnail\" data-id=\"cfcd208495d565ef66e7dff9f98764da\" > <div class=\"ti-inner\"> <div class=\"ti-review-header\"> <div class=\"ti-profile-img\"> <img decoding=\"async\" src=\"https:\/\/lh3.googleusercontent.com\/a\/ACg8ocLctTPNovSk3eKM0b_MIPOfcFEQsz2135Cdu59_BWRVsIYC7Q=s120-c-rp-mo-br100\" srcset=\"https:\/\/lh3.googleusercontent.com\/a\/ACg8ocLctTPNovSk3eKM0b_MIPOfcFEQsz2135Cdu59_BWRVsIYC7Q=s120-c-rp-mo-br100 2x\" alt=\"Repiquet Julie\" loading=\"lazy\" \/> <\/div> <div class=\"ti-profile-details\"> <div class=\"ti-name\"> Repiquet Julie <\/div> <div class=\"ti-date\">2024-10-13<\/div> <\/div> <\/div> <span class=\"ti-stars\"><span class=\"ti-star f\"><\/span><span class=\"ti-star f\"><\/span><span class=\"ti-star f\"><\/span><span class=\"ti-star f\"><\/span><span class=\"ti-star f\"><\/span><\/span> <div class=\"ti-review-text-container ti-review-content\"><!-- R-CONTENT -->Tr\u00e8s bon accompagnement de la part de Globalong, du premier jour avec toutes mes interrogations, jusqu'au d\u00e9part dans quelques jours. Le dossier transmis apr\u00e8s validation de la mission est plus que complet, les webmaster tr\u00e8s int\u00e9ressantes et permettent de d\u00e9charger mentalement ce genre de pr\u00e9paration, tout est pr\u00e9vu il n'y a plus qu'\u00e0 suivre ! Merci \u00e0 Florence de r\u00e9pondre \u00e0 toutes mes questions avec gentillesse et bienveillance, cela m'a permis de passer le cap!\nMaintenant, il n'y a plus qu'\u00e0 \ud83d\ude00<!-- R-CONTENT --><\/div> <span class=\"ti-read-more\" data-container=\".ti-review-content\" data-collapse-text=\"Cacher\" data-open-text=\"Lire la suite\" ><\/span> <\/div> <\/div>  <div data-empty=\"0\" class=\"ti-review-item source-Google ti-image-layout-thumbnail\" data-id=\"cfcd208495d565ef66e7dff9f98764da\" > <div class=\"ti-inner\"> <div class=\"ti-review-header\"> <div class=\"ti-profile-img\"> <img decoding=\"async\" src=\"https:\/\/lh3.googleusercontent.com\/a\/ACg8ocJJTdmTWs8nAA0yuH_cKOUgzc6GFAkHBiXhpnnVYXaWMBZsHw=s120-c-rp-mo-br100\" srcset=\"https:\/\/lh3.googleusercontent.com\/a\/ACg8ocJJTdmTWs8nAA0yuH_cKOUgzc6GFAkHBiXhpnnVYXaWMBZsHw=s120-c-rp-mo-br100 2x\" alt=\"Marine Guilhamat\" loading=\"lazy\" \/> <\/div> <div class=\"ti-profile-details\"> <div class=\"ti-name\"> Marine Guilhamat <\/div> <div class=\"ti-date\">2024-10-09<\/div> <\/div> <\/div> <span class=\"ti-stars\"><span class=\"ti-star f\"><\/span><span class=\"ti-star f\"><\/span><span class=\"ti-star f\"><\/span><span class=\"ti-star f\"><\/span><span class=\"ti-star f\"><\/span><\/span> <div class=\"ti-review-text-container ti-review-content\"><!-- R-CONTENT -->Tr\u00e8s belle association qui offre un cadre super s\u00e9curisant et permet de s\u2019investir dans des projets qui ont du sens. Merci \u00e0 l\u2019\u00e9quipe Globalong pour votre disponibilit\u00e9, gentillesse et accompagnement !<!-- R-CONTENT --><\/div> <span class=\"ti-read-more\" data-container=\".ti-review-content\" data-collapse-text=\"Cacher\" data-open-text=\"Lire la suite\" ><\/span> <\/div> <\/div>  <div data-empty=\"0\" class=\"ti-review-item source-Google ti-image-layout-thumbnail\" data-id=\"cfcd208495d565ef66e7dff9f98764da\" > <div class=\"ti-inner\"> <div class=\"ti-review-header\"> <div class=\"ti-profile-img\"> <img decoding=\"async\" src=\"https:\/\/lh3.googleusercontent.com\/a\/ACg8ocIgITHXKo46qgJyPqlJeAcxz11gCKUJpGIk2qauiIe2O3iZ6w=s120-c-rp-mo-br100\" srcset=\"https:\/\/lh3.googleusercontent.com\/a\/ACg8ocIgITHXKo46qgJyPqlJeAcxz11gCKUJpGIk2qauiIe2O3iZ6w=s120-c-rp-mo-br100 2x\" alt=\"Laura Mercier\" loading=\"lazy\" \/> <\/div> <div class=\"ti-profile-details\"> <div class=\"ti-name\"> Laura Mercier <\/div> <div class=\"ti-date\">2024-10-08<\/div> <\/div> <\/div> <span class=\"ti-stars\"><span class=\"ti-star f\"><\/span><span class=\"ti-star f\"><\/span><span class=\"ti-star f\"><\/span><span class=\"ti-star f\"><\/span><span class=\"ti-star f\"><\/span><\/span> <div class=\"ti-review-text-container ti-review-content\"><!-- R-CONTENT -->Mon d\u00e9part approche, je pars dans une semaine, et depuis le d\u00e9but de mon inscription je suis tr\u00e8s satisfaite du suivi effectu\u00e9 par l\u2019association. Ils sont tr\u00e8s disponibles et r\u00e9pondent rapidement \u00e0 l\u2019ensemble des questions. Je suis tr\u00e8s contente de partir faire cette mission humanitaire encadr\u00e9e par cette association. Je recommande vraiment.<!-- R-CONTENT --><\/div> <span class=\"ti-read-more\" data-container=\".ti-review-content\" data-collapse-text=\"Cacher\" data-open-text=\"Lire la suite\" ><\/span> <\/div> <\/div>  <div data-empty=\"0\" class=\"ti-review-item source-Google ti-image-layout-thumbnail\" data-id=\"cfcd208495d565ef66e7dff9f98764da\" > <div class=\"ti-inner\"> <div class=\"ti-review-header\"> <div class=\"ti-profile-img\"> <img decoding=\"async\" src=\"https:\/\/lh3.googleusercontent.com\/a-\/ALV-UjVVr0YMQhXl8QNEEB32l-rnoaYwvRZUjIEX9OEwPE_1fQwzIyk=s120-c-rp-mo-br100\" srcset=\"https:\/\/lh3.googleusercontent.com\/a-\/ALV-UjVVr0YMQhXl8QNEEB32l-rnoaYwvRZUjIEX9OEwPE_1fQwzIyk=s120-c-rp-mo-br100 2x\" alt=\"Anouk Rzkt\" loading=\"lazy\" \/> <\/div> <div class=\"ti-profile-details\"> <div class=\"ti-name\"> Anouk Rzkt <\/div> <div class=\"ti-date\">2024-10-02<\/div> <\/div> <\/div> <span class=\"ti-stars\"><span class=\"ti-star f\"><\/span><span class=\"ti-star f\"><\/span><span class=\"ti-star f\"><\/span><span class=\"ti-star f\"><\/span><span class=\"ti-star f\"><\/span><\/span> <div class=\"ti-review-text-container ti-review-content\"><!-- R-CONTENT -->Globalong est l'association parfaite. L'\u00e9quipe offre un v\u00e9ritable accompagnement rythm\u00e9 par beaucoup de conseils et d'\u00e9coute. Le site est tr\u00e8s bien fait avec des dossiers complets allant des sujets tr\u00e8s pratiques a d'autres plus th\u00e9oriques (tels que le choc culturel par exemple). Je recommande vivement et remercie sinc\u00e8rement toute l'\u00e9quipe pour leur gentillesse et investissement !<!-- R-CONTENT --><\/div> <span class=\"ti-read-more\" data-container=\".ti-review-content\" data-collapse-text=\"Cacher\" data-open-text=\"Lire la suite\" ><\/span> <\/div> <\/div>  <\/div> <div class=\"ti-controls-line\"> <div class=\"dot\"><\/div> <\/div> <\/div> <div class=\"ti-footer\"> <div class=\"ti-rating-text\"> <span class=\"nowrap\">\u00c9valuation <strong>Google<\/strong> : <\/span><span class=\"nowrap\"><strong>4.8<\/strong> sur 5, <\/span><span class=\"nowrap\">Bas\u00e9e sur <strong>240 avis<\/strong><\/span> <\/div> <\/div>  <\/div> <\/div> \n<h2 id=\"section10\" style=\"text-align: justify;\">10. Ofte stillede sp\u00f8rgsm\u00e5l (FAQ)<\/h2>\n<h3 id=\"section10-1\" style=\"text-align: justify;\"><strong>10.1. Hvilket niveau af vejledning kan jeg forvente?<\/strong><\/h3>\n<p style=\"text-align: justify;\">Det afh\u00e6nger af <strong>praktikstedet<\/strong>. Nogle steder har en velorganiseret vejledningspraksis, mens andre har s\u00e5 h\u00f8jt arbejdspres, at st\u00f8tte kun kan gives i kortere perioder. VITA sikrer et <em>minimum<\/em> af rammer, men kan ikke garantere samme grad af vejledning som i Danmark.<\/p>\n<h3 id=\"section10-2\" style=\"text-align: justify;\"><strong>10.2. Hvad g\u00f8r jeg, hvis praktikken ikke lever op til mine forventninger?<\/strong><\/h3>\n<p style=\"text-align: justify;\">Hvis du oplever et stort misforhold mellem forventninger og virkelighed, er f\u00f8rste skridt at <strong>tage dialogen<\/strong>:<\/p>\n<ul style=\"text-align: justify;\">\n<li>Med din <strong>lokale vejleder<\/strong> eller teamet, s\u00e5 der kan justeres i plan og opgaver.<\/li>\n<li>Med <strong>VITA<\/strong>, som kan st\u00f8tte i en dialog og afklaring.<\/li>\n<\/ul>\n<p style=\"text-align: justify;\">Der kan ofte findes l\u00f8sninger, n\u00e5r kommunikationen er tydelig og respektfuld.<\/p>\n<h3 id=\"section10-3\" style=\"text-align: justify;\"><strong>10.3. Er VITA ansvarlig for, om min praktik bliver godkendt?<\/strong><\/h3>\n<p style=\"text-align: justify;\">Nej. VITA hj\u00e6lper med at <em>tilrettel\u00e6gge<\/em> forl\u00f8bet, men <strong>godkendelsen<\/strong> afh\u00e6nger af din uddannelsesinstitution og praktikstedet. Det er dit ansvar at opfylde de l\u00e6ringsm\u00e5l, der er fastsat i din uddannelse.<\/p>\n<h3 id=\"section10-4\" style=\"text-align: justify;\"><strong>10.4. Kan flere sygeplejestuderende tage afsted samtidig?<\/strong><\/h3>\n<p style=\"text-align: justify;\">I nogle tilf\u00e6lde ja. Det afh\u00e6nger af stedets <strong>kapacitet<\/strong>. Det kan v\u00e6re en fordel at rejse 2-3 sammen og st\u00f8tte hinanden, men husk at der ogs\u00e5 skal v\u00e6re plads til <strong>egen faglig fordybelse<\/strong>. VITA kan oplyse om muligheder og antal pladser p\u00e5 de enkelte destinationer.<\/p>\n<h2 id=\"section11\" style=\"text-align: justify;\"><strong>11. Konklusion: et forl\u00f8b bygget p\u00e5 tillid og engagement<\/strong><\/h2>\n<p style=\"text-align: justify;\">At tage en <strong>sygeplejepraktik i udlandet<\/strong> via en organisation som VITA er et forl\u00f8b, hvor rollerne er tydeligt fordelt. Den studerende er fortsat <strong>det centrale omdrejningspunkt<\/strong> i egen l\u00e6ring: Du skal v\u00e6re proaktiv, tilpasningsdygtig og holde fast i faglig etik. VITA st\u00f8tter og skaber rammer \u2013 men er <strong>ikke<\/strong> en virksomhed, der tilbyder en \u201cgaranteret\u201d ydelse eller resultat. Og praktikstedet giver vejledning s\u00e5 godt som muligt og forventer til geng\u00e6ld en respektfuld og konstruktiv tilgang fra den studerende.<\/p>\n<p style=\"text-align: justify;\">N\u00e5r du forst\u00e5r disse <strong>gensidige ansvar<\/strong>, bliver det lettere at undg\u00e5 misforst\u00e5elser og f\u00e5 mest muligt ud af opholdet. En international sygeplejepraktik er ikke noget, man \u201cforbruger\u201d som et produkt \u2013 det er et reelt <em>m\u00f8de<\/em>, der kr\u00e6ver <strong>t\u00e5lmodighed<\/strong>, <strong>fleksibilitet<\/strong> og f\u00f8rst og fremmest <strong>personligt engagement. Til geng\u00e6ld f\u00e5r du kulturforst\u00e5else, st\u00f8rre selvst\u00e6ndighed og bredere kliniske kompetencer, som du kan tage med dig resten af dit arbejdsliv.<\/strong><\/p>\n<p style=\"text-align: justify;\">Klar til at tage n\u00e6ste skridt mod en sygeplejepraktik i udlandet? Hvis ja, er du velkommen til at <a href=\"https:\/\/www.vita-explorers.dk\/#tel-contact-form-glob\" target=\"_blank\" rel=\"noopener\">kontakte VITA<\/a> og tale om dit projekt og den destination, der passer til dine l\u00e6ringsm\u00e5l. Husk: Et godt forl\u00f8b kr\u00e6ver, at du forst\u00e5r og accepterer, at alle parter har hver deres rolle \u2013 som supplerer hinanden, men ikke er den samme.<\/p>\n<p class=\"p4\"><b>Har du sp\u00f8rgsm\u00e5l, er du velkommen til at kontakte os p\u00e5 <\/b><a href=\"mailto:info@globalong.com\"><span class=\"s2\"><b>info@globalong.com<\/b><\/span><\/a><\/p>\n<p class=\"p4\" style=\"text-align: center;\"><b>Vil du f\u00f8lge med i VITA Institute og h\u00f8re fra vores community, s\u00e5 find os p\u00e5 <\/b><a href=\"https:\/\/www.instagram.com\/globalongofficiel\/\" target=\"_blank\" rel=\"noopener\"><span class=\"s2\"><b>Instagram<\/b><\/span><\/a><b>, <\/b><a href=\"https:\/\/www.facebook.com\/globalong\" target=\"_blank\" rel=\"noopener\"><span class=\"s2\"><b>Facebook<\/b><\/span><\/a><b>, <\/b><a href=\"https:\/\/www.linkedin.com\/company\/5113177\/admin\/feed\/posts\/\" target=\"_blank\" rel=\"noopener\"><span class=\"s2\"><b>LinkedIn<\/b><\/span><\/a><b> og <\/b><a href=\"https:\/\/www.youtube.com\/c\/globalong\/videos\" target=\"_blank\" rel=\"noopener\"><span class=\"s2\"><b>Youtube<\/b><\/span><\/a><b> ! <\/b><\/p>\n<p style=\"text-align: justify;\">\n","protected":false},"excerpt":{"rendered":"<p>Sygeplejepraktik i udlandet Forst\u00e5 rollen mellem VITA, den lokale koordinator og den studerende Indholdsfortegnelse 1. Introduktion 2. Den sygeplejestuderendes rolle 2.1. Faglige og l\u00e6ringsm\u00e6ssige\u2026<\/p>\n","protected":false},"author":7,"featured_media":12442,"comment_status":"open","ping_status":"open","sticky":false,"template":"","format":"standard","meta":{"footnotes":""},"categories":[8,1,4],"tags":[],"yoast_head":"<!-- This site is optimized with the Yoast SEO Premium plugin v23.4 (Yoast SEO v23.4) - https:\/\/yoast.com\/wordpress\/plugins\/seo\/ -->\n<title>Praktik i sygepleje i udlandet: s\u00e5dan f\u00e5r du et godt forl\u00f8b i udlandet - VITA Explorers Blog<\/title>\n<meta name=\"description\" content=\"Un stage infirmier \u00e0 l\u2019international avec une association offre une chance unique d&#039;apprendre et de d\u00e9couvrir d&#039;autres syst\u00e8mes de sant\u00e9.\" \/>\n<meta name=\"robots\" content=\"index, follow, max-snippet:-1, max-image-preview:large, max-video-preview:-1\" \/>\n<link rel=\"canonical\" href=\"https:\/\/www.vita-explorers.dk\/blog\/sygeplejepraktik-i-udlandet\/\" \/>\n<meta property=\"og:locale\" content=\"da_DK\" \/>\n<meta property=\"og:type\" content=\"article\" \/>\n<meta property=\"og:title\" content=\"Internationalt praktikforl\u00f8b for sygeplejestuderende\" \/>\n<meta property=\"og:description\" content=\"Un stage infirmier \u00e0 l\u2019international avec une association offre une chance unique d&#039;apprendre et de d\u00e9couvrir d&#039;autres syst\u00e8mes de sant\u00e9.\" \/>\n<meta property=\"og:url\" content=\"https:\/\/www.vita-explorers.dk\/blog\/sygeplejepraktik-i-udlandet\/\" \/>\n<meta property=\"og:site_name\" content=\"VITA Explorers Blog\" \/>\n<meta property=\"article:publisher\" content=\"https:\/\/www.facebook.com\/globalong\" \/>\n<meta property=\"article:published_time\" content=\"2025-02-18T03:52:30+00:00\" \/>\n<meta property=\"article:modified_time\" content=\"2025-09-07T14:12:00+00:00\" \/>\n<meta property=\"og:image\" content=\"https:\/\/www.vita-explorers.dk\/blog\/wp-content\/uploads\/2019\/03\/Sage-femme-infirmiere-globalong-min.jpg\" \/>\n\t<meta property=\"og:image:width\" content=\"1632\" \/>\n\t<meta property=\"og:image:height\" content=\"918\" \/>\n\t<meta property=\"og:image:type\" content=\"image\/jpeg\" \/>\n<meta name=\"author\" content=\"VITA Tribe\" \/>\n<meta name=\"twitter:card\" content=\"summary_large_image\" \/>\n<meta name=\"twitter:label1\" content=\"Skrevet af\" \/>\n\t<meta name=\"twitter:data1\" content=\"VITA Tribe\" \/>\n\t<meta name=\"twitter:label2\" content=\"Estimeret l\u00e6setid\" \/>\n\t<meta name=\"twitter:data2\" content=\"22 minutter\" \/>\n<script type=\"application\/ld+json\" class=\"yoast-schema-graph\">{\"@context\":\"https:\/\/schema.org\",\"@graph\":[{\"@type\":\"Article\",\"@id\":\"https:\/\/www.vita-explorers.dk\/blog\/sygeplejepraktik-i-udlandet\/#article\",\"isPartOf\":{\"@id\":\"https:\/\/www.vita-explorers.dk\/blog\/sygeplejepraktik-i-udlandet\/\"},\"author\":{\"name\":\"VITA Tribe\",\"@id\":\"https:\/\/www.vita-explorers.dk\/blog\/#\/schema\/person\/fc0343a2f2db2ebb2793c1f62dbe73f0\"},\"headline\":\"Internationalt praktikforl\u00f8b for sygeplejestuderende\",\"datePublished\":\"2025-02-18T03:52:30+00:00\",\"dateModified\":\"2025-09-07T14:12:00+00:00\",\"mainEntityOfPage\":{\"@id\":\"https:\/\/www.vita-explorers.dk\/blog\/sygeplejepraktik-i-udlandet\/\"},\"wordCount\":3854,\"commentCount\":0,\"publisher\":{\"@id\":\"https:\/\/www.vita-explorers.dk\/blog\/#organization\"},\"image\":{\"@id\":\"https:\/\/www.vita-explorers.dk\/blog\/sygeplejepraktik-i-udlandet\/#primaryimage\"},\"thumbnailUrl\":\"https:\/\/www.vita-explorers.dk\/blog\/wp-content\/uploads\/2019\/03\/Sage-femme-infirmiere-globalong-min.jpg\",\"articleSection\":[\"Humanit\u00e6rt frivilligt arbejde\",\"No Name\",\"VITA Explorers\"],\"inLanguage\":\"da-DK\",\"potentialAction\":[{\"@type\":\"CommentAction\",\"name\":\"Comment\",\"target\":[\"https:\/\/www.vita-explorers.dk\/blog\/sygeplejepraktik-i-udlandet\/#respond\"]}]},{\"@type\":\"WebPage\",\"@id\":\"https:\/\/www.vita-explorers.dk\/blog\/sygeplejepraktik-i-udlandet\/\",\"url\":\"https:\/\/www.vita-explorers.dk\/blog\/sygeplejepraktik-i-udlandet\/\",\"name\":\"Praktik i sygepleje i udlandet: s\u00e5dan f\u00e5r du et godt forl\u00f8b i udlandet - VITA Explorers Blog\",\"isPartOf\":{\"@id\":\"https:\/\/www.vita-explorers.dk\/blog\/#website\"},\"primaryImageOfPage\":{\"@id\":\"https:\/\/www.vita-explorers.dk\/blog\/sygeplejepraktik-i-udlandet\/#primaryimage\"},\"image\":{\"@id\":\"https:\/\/www.vita-explorers.dk\/blog\/sygeplejepraktik-i-udlandet\/#primaryimage\"},\"thumbnailUrl\":\"https:\/\/www.vita-explorers.dk\/blog\/wp-content\/uploads\/2019\/03\/Sage-femme-infirmiere-globalong-min.jpg\",\"datePublished\":\"2025-02-18T03:52:30+00:00\",\"dateModified\":\"2025-09-07T14:12:00+00:00\",\"description\":\"Un stage infirmier \u00e0 l\u2019international avec une association offre une chance unique d'apprendre et de d\u00e9couvrir d'autres syst\u00e8mes de sant\u00e9.\",\"breadcrumb\":{\"@id\":\"https:\/\/www.vita-explorers.dk\/blog\/sygeplejepraktik-i-udlandet\/#breadcrumb\"},\"inLanguage\":\"da-DK\",\"potentialAction\":[{\"@type\":\"ReadAction\",\"target\":[\"https:\/\/www.vita-explorers.dk\/blog\/sygeplejepraktik-i-udlandet\/\"]}]},{\"@type\":\"ImageObject\",\"inLanguage\":\"da-DK\",\"@id\":\"https:\/\/www.vita-explorers.dk\/blog\/sygeplejepraktik-i-udlandet\/#primaryimage\",\"url\":\"https:\/\/www.vita-explorers.dk\/blog\/wp-content\/uploads\/2019\/03\/Sage-femme-infirmiere-globalong-min.jpg\",\"contentUrl\":\"https:\/\/www.vita-explorers.dk\/blog\/wp-content\/uploads\/2019\/03\/Sage-femme-infirmiere-globalong-min.jpg\",\"width\":1632,\"height\":918,\"caption\":\"Explore inspiring stories from emergency nursing interns abroad. Nursing Emergency Interns Abroad is an experience.\"},{\"@type\":\"BreadcrumbList\",\"@id\":\"https:\/\/www.vita-explorers.dk\/blog\/sygeplejepraktik-i-udlandet\/#breadcrumb\",\"itemListElement\":[{\"@type\":\"ListItem\",\"position\":1,\"name\":\"Accueil\",\"item\":\"https:\/\/www.vita-explorers.dk\/blog\/\"},{\"@type\":\"ListItem\",\"position\":2,\"name\":\"Internationalt praktikforl\u00f8b for sygeplejestuderende\"}]},{\"@type\":\"WebSite\",\"@id\":\"https:\/\/www.vita-explorers.dk\/blog\/#website\",\"url\":\"https:\/\/www.vita-explorers.dk\/blog\/\",\"name\":\"Association Globalong\",\"description\":\"Frivilligt arbejde, sprogophold, praktik i udlandet og internationale oplevelser\",\"publisher\":{\"@id\":\"https:\/\/www.vita-explorers.dk\/blog\/#organization\"},\"potentialAction\":[{\"@type\":\"SearchAction\",\"target\":{\"@type\":\"EntryPoint\",\"urlTemplate\":\"https:\/\/www.vita-explorers.dk\/blog\/?s={search_term_string}\"},\"query-input\":{\"@type\":\"PropertyValueSpecification\",\"valueRequired\":true,\"valueName\":\"search_term_string\"}}],\"inLanguage\":\"da-DK\"},{\"@type\":\"Organization\",\"@id\":\"https:\/\/www.vita-explorers.dk\/blog\/#organization\",\"name\":\"Association Globalong\",\"url\":\"https:\/\/www.vita-explorers.dk\/blog\/\",\"logo\":{\"@type\":\"ImageObject\",\"inLanguage\":\"da-DK\",\"@id\":\"https:\/\/www.vita-explorers.dk\/blog\/#\/schema\/logo\/image\/\",\"url\":\"https:\/\/www.globalong.com\/blog\/wp-content\/uploads\/2014\/11\/cropped-cropped-Logo-et-Afrique-Globalong-petite-taille-2.jpg\",\"contentUrl\":\"https:\/\/www.globalong.com\/blog\/wp-content\/uploads\/2014\/11\/cropped-cropped-Logo-et-Afrique-Globalong-petite-taille-2.jpg\",\"width\":512,\"height\":512,\"caption\":\"Association Globalong\"},\"image\":{\"@id\":\"https:\/\/www.vita-explorers.dk\/blog\/#\/schema\/logo\/image\/\"},\"sameAs\":[\"https:\/\/www.facebook.com\/globalong\"]},{\"@type\":\"Person\",\"@id\":\"https:\/\/www.vita-explorers.dk\/blog\/#\/schema\/person\/fc0343a2f2db2ebb2793c1f62dbe73f0\",\"name\":\"VITA Tribe\",\"image\":{\"@type\":\"ImageObject\",\"inLanguage\":\"da-DK\",\"@id\":\"https:\/\/www.vita-explorers.dk\/blog\/#\/schema\/person\/image\/\",\"url\":\"https:\/\/secure.gravatar.com\/avatar\/f7f05026bb439d0c96b30e135e5f852c?s=96&d=mm&r=g\",\"contentUrl\":\"https:\/\/secure.gravatar.com\/avatar\/f7f05026bb439d0c96b30e135e5f852c?s=96&d=mm&r=g\",\"caption\":\"VITA Tribe\"},\"sameAs\":[\"http:\/\/www.globalong.com\"],\"url\":\"https:\/\/www.vita-explorers.dk\/blog\/author\/teamglobalong\/\"}]}<\/script>\n<!-- \/ Yoast SEO Premium plugin. -->","yoast_head_json":{"title":"Praktik i sygepleje i udlandet: s\u00e5dan f\u00e5r du et godt forl\u00f8b i udlandet - VITA Explorers Blog","description":"Un stage infirmier \u00e0 l\u2019international avec une association offre une chance unique d'apprendre et de d\u00e9couvrir d'autres syst\u00e8mes de sant\u00e9.","robots":{"index":"index","follow":"follow","max-snippet":"max-snippet:-1","max-image-preview":"max-image-preview:large","max-video-preview":"max-video-preview:-1"},"canonical":"https:\/\/www.vita-explorers.dk\/blog\/sygeplejepraktik-i-udlandet\/","og_locale":"da_DK","og_type":"article","og_title":"Internationalt praktikforl\u00f8b for sygeplejestuderende","og_description":"Un stage infirmier \u00e0 l\u2019international avec une association offre une chance unique d'apprendre et de d\u00e9couvrir d'autres syst\u00e8mes de sant\u00e9.","og_url":"https:\/\/www.vita-explorers.dk\/blog\/sygeplejepraktik-i-udlandet\/","og_site_name":"VITA Explorers Blog","article_publisher":"https:\/\/www.facebook.com\/globalong","article_published_time":"2025-02-18T03:52:30+00:00","article_modified_time":"2025-09-07T14:12:00+00:00","og_image":[{"width":1632,"height":918,"url":"https:\/\/www.vita-explorers.dk\/blog\/wp-content\/uploads\/2019\/03\/Sage-femme-infirmiere-globalong-min.jpg","type":"image\/jpeg"}],"author":"VITA Tribe","twitter_card":"summary_large_image","twitter_misc":{"Skrevet af":"VITA Tribe","Estimeret l\u00e6setid":"22 minutter"},"schema":{"@context":"https:\/\/schema.org","@graph":[{"@type":"Article","@id":"https:\/\/www.vita-explorers.dk\/blog\/sygeplejepraktik-i-udlandet\/#article","isPartOf":{"@id":"https:\/\/www.vita-explorers.dk\/blog\/sygeplejepraktik-i-udlandet\/"},"author":{"name":"VITA Tribe","@id":"https:\/\/www.vita-explorers.dk\/blog\/#\/schema\/person\/fc0343a2f2db2ebb2793c1f62dbe73f0"},"headline":"Internationalt praktikforl\u00f8b for sygeplejestuderende","datePublished":"2025-02-18T03:52:30+00:00","dateModified":"2025-09-07T14:12:00+00:00","mainEntityOfPage":{"@id":"https:\/\/www.vita-explorers.dk\/blog\/sygeplejepraktik-i-udlandet\/"},"wordCount":3854,"commentCount":0,"publisher":{"@id":"https:\/\/www.vita-explorers.dk\/blog\/#organization"},"image":{"@id":"https:\/\/www.vita-explorers.dk\/blog\/sygeplejepraktik-i-udlandet\/#primaryimage"},"thumbnailUrl":"https:\/\/www.vita-explorers.dk\/blog\/wp-content\/uploads\/2019\/03\/Sage-femme-infirmiere-globalong-min.jpg","articleSection":["Humanit\u00e6rt frivilligt arbejde","No Name","VITA Explorers"],"inLanguage":"da-DK","potentialAction":[{"@type":"CommentAction","name":"Comment","target":["https:\/\/www.vita-explorers.dk\/blog\/sygeplejepraktik-i-udlandet\/#respond"]}]},{"@type":"WebPage","@id":"https:\/\/www.vita-explorers.dk\/blog\/sygeplejepraktik-i-udlandet\/","url":"https:\/\/www.vita-explorers.dk\/blog\/sygeplejepraktik-i-udlandet\/","name":"Praktik i sygepleje i udlandet: s\u00e5dan f\u00e5r du et godt forl\u00f8b i udlandet - VITA Explorers Blog","isPartOf":{"@id":"https:\/\/www.vita-explorers.dk\/blog\/#website"},"primaryImageOfPage":{"@id":"https:\/\/www.vita-explorers.dk\/blog\/sygeplejepraktik-i-udlandet\/#primaryimage"},"image":{"@id":"https:\/\/www.vita-explorers.dk\/blog\/sygeplejepraktik-i-udlandet\/#primaryimage"},"thumbnailUrl":"https:\/\/www.vita-explorers.dk\/blog\/wp-content\/uploads\/2019\/03\/Sage-femme-infirmiere-globalong-min.jpg","datePublished":"2025-02-18T03:52:30+00:00","dateModified":"2025-09-07T14:12:00+00:00","description":"Un stage infirmier \u00e0 l\u2019international avec une association offre une chance unique d'apprendre et de d\u00e9couvrir d'autres syst\u00e8mes de sant\u00e9.","breadcrumb":{"@id":"https:\/\/www.vita-explorers.dk\/blog\/sygeplejepraktik-i-udlandet\/#breadcrumb"},"inLanguage":"da-DK","potentialAction":[{"@type":"ReadAction","target":["https:\/\/www.vita-explorers.dk\/blog\/sygeplejepraktik-i-udlandet\/"]}]},{"@type":"ImageObject","inLanguage":"da-DK","@id":"https:\/\/www.vita-explorers.dk\/blog\/sygeplejepraktik-i-udlandet\/#primaryimage","url":"https:\/\/www.vita-explorers.dk\/blog\/wp-content\/uploads\/2019\/03\/Sage-femme-infirmiere-globalong-min.jpg","contentUrl":"https:\/\/www.vita-explorers.dk\/blog\/wp-content\/uploads\/2019\/03\/Sage-femme-infirmiere-globalong-min.jpg","width":1632,"height":918,"caption":"Explore inspiring stories from emergency nursing interns abroad. Nursing Emergency Interns Abroad is an experience."},{"@type":"BreadcrumbList","@id":"https:\/\/www.vita-explorers.dk\/blog\/sygeplejepraktik-i-udlandet\/#breadcrumb","itemListElement":[{"@type":"ListItem","position":1,"name":"Accueil","item":"https:\/\/www.vita-explorers.dk\/blog\/"},{"@type":"ListItem","position":2,"name":"Internationalt praktikforl\u00f8b for sygeplejestuderende"}]},{"@type":"WebSite","@id":"https:\/\/www.vita-explorers.dk\/blog\/#website","url":"https:\/\/www.vita-explorers.dk\/blog\/","name":"Association Globalong","description":"Frivilligt arbejde, sprogophold, praktik i udlandet og internationale oplevelser","publisher":{"@id":"https:\/\/www.vita-explorers.dk\/blog\/#organization"},"potentialAction":[{"@type":"SearchAction","target":{"@type":"EntryPoint","urlTemplate":"https:\/\/www.vita-explorers.dk\/blog\/?s={search_term_string}"},"query-input":{"@type":"PropertyValueSpecification","valueRequired":true,"valueName":"search_term_string"}}],"inLanguage":"da-DK"},{"@type":"Organization","@id":"https:\/\/www.vita-explorers.dk\/blog\/#organization","name":"Association Globalong","url":"https:\/\/www.vita-explorers.dk\/blog\/","logo":{"@type":"ImageObject","inLanguage":"da-DK","@id":"https:\/\/www.vita-explorers.dk\/blog\/#\/schema\/logo\/image\/","url":"https:\/\/www.globalong.com\/blog\/wp-content\/uploads\/2014\/11\/cropped-cropped-Logo-et-Afrique-Globalong-petite-taille-2.jpg","contentUrl":"https:\/\/www.globalong.com\/blog\/wp-content\/uploads\/2014\/11\/cropped-cropped-Logo-et-Afrique-Globalong-petite-taille-2.jpg","width":512,"height":512,"caption":"Association Globalong"},"image":{"@id":"https:\/\/www.vita-explorers.dk\/blog\/#\/schema\/logo\/image\/"},"sameAs":["https:\/\/www.facebook.com\/globalong"]},{"@type":"Person","@id":"https:\/\/www.vita-explorers.dk\/blog\/#\/schema\/person\/fc0343a2f2db2ebb2793c1f62dbe73f0","name":"VITA Tribe","image":{"@type":"ImageObject","inLanguage":"da-DK","@id":"https:\/\/www.vita-explorers.dk\/blog\/#\/schema\/person\/image\/","url":"https:\/\/secure.gravatar.com\/avatar\/f7f05026bb439d0c96b30e135e5f852c?s=96&d=mm&r=g","contentUrl":"https:\/\/secure.gravatar.com\/avatar\/f7f05026bb439d0c96b30e135e5f852c?s=96&d=mm&r=g","caption":"VITA Tribe"},"sameAs":["http:\/\/www.globalong.com"],"url":"https:\/\/www.vita-explorers.dk\/blog\/author\/teamglobalong\/"}]}},"_links":{"self":[{"href":"https:\/\/www.vita-explorers.dk\/blog\/wp-json\/wp\/v2\/posts\/20766"}],"collection":[{"href":"https:\/\/www.vita-explorers.dk\/blog\/wp-json\/wp\/v2\/posts"}],"about":[{"href":"https:\/\/www.vita-explorers.dk\/blog\/wp-json\/wp\/v2\/types\/post"}],"author":[{"embeddable":true,"href":"https:\/\/www.vita-explorers.dk\/blog\/wp-json\/wp\/v2\/users\/7"}],"replies":[{"embeddable":true,"href":"https:\/\/www.vita-explorers.dk\/blog\/wp-json\/wp\/v2\/comments?post=20766"}],"version-history":[{"count":12,"href":"https:\/\/www.vita-explorers.dk\/blog\/wp-json\/wp\/v2\/posts\/20766\/revisions"}],"predecessor-version":[{"id":21594,"href":"https:\/\/www.vita-explorers.dk\/blog\/wp-json\/wp\/v2\/posts\/20766\/revisions\/21594"}],"wp:featuredmedia":[{"embeddable":true,"href":"https:\/\/www.vita-explorers.dk\/blog\/wp-json\/wp\/v2\/media\/12442"}],"wp:attachment":[{"href":"https:\/\/www.vita-explorers.dk\/blog\/wp-json\/wp\/v2\/media?parent=20766"}],"wp:term":[{"taxonomy":"category","embeddable":true,"href":"https:\/\/www.vita-explorers.dk\/blog\/wp-json\/wp\/v2\/categories?post=20766"},{"taxonomy":"post_tag","embeddable":true,"href":"https:\/\/www.vita-explorers.dk\/blog\/wp-json\/wp\/v2\/tags?post=20766"}],"curies":[{"name":"wp","href":"https:\/\/api.w.org\/{rel}","templated":true}]}}