{"id":20790,"date":"2025-02-21T04:50:00","date_gmt":"2025-02-21T03:50:00","guid":{"rendered":"https:\/\/www.globalong.com\/blog\/?p=20790"},"modified":"2025-02-18T15:13:49","modified_gmt":"2025-02-18T14:13:49","slug":"rejse-til-udlandet-som-mindreaarig","status":"publish","type":"post","link":"https:\/\/www.vita-explorers.dk\/blog\/rejse-til-udlandet-som-mindreaarig\/","title":{"rendered":"Rejse til udlandet som mindre\u00e5rig"},"content":{"rendered":"<style>\n    body {<br \/>      font-family: Arial, sans-serif;<br \/>      margin: 0;<br \/>      padding: 0;<br \/>      line-height: 1.6;<br \/>      color: #333;<br \/>    }<br \/>    article {<br \/>      max-width: 800px;<br \/>      margin: 0 auto;<br \/>      padding: 20px;<br \/>    }<br \/>    h1, h2, h3 {<br \/>      color: #2c3e50;<br \/>    }<br \/>    h1 {<br \/>      font-size: 1.8em;<br \/>      margin-bottom: 0.5em;<br \/>    }<br \/>    h2 {<br \/>      font-size: 1.4em;<br \/>      margin-top: 1.5em;<br \/>      margin-bottom: 0.8em;<br \/>    }<br \/>    h3 {<br \/>      font-size: 1.2em;<br \/>      margin-top: 1.2em;<br \/>      margin-bottom: 0.6em;<br \/>    }<br \/>    p {<br \/>      margin-bottom: 1em;<br \/>    }<br \/>    ul {<br \/>      margin: 0 0 1em 1.5em;<br \/>    }<br \/>    li {<br \/>      margin-bottom: 0.5em;<br \/>    }<br \/>    \/* Style du sommaire *\/<br \/>    #table-of-contents {<br \/>      background: #f9f9f9;<br \/>      border: 1px solid #ddd;<br \/>      padding: 15px;<br \/>      margin-bottom: 20px;<br \/>    }<br \/>    #table-of-contents h2 {<br \/>      margin-top: 0;<br \/>    }<br \/>    #table-of-contents ul {<br \/>      list-style-type: none;<br \/>      padding: 0;<br \/>      margin: 0;<br \/>    }<br \/>    #table-of-contents li {<br \/>      margin: 5px 0;<br \/>    }<br \/>    #table-of-contents li a {<br \/>      text-decoration: none;<br \/>      color: #2c3e50;<br \/>    }<br \/>    #table-of-contents li a:hover {<br \/>      text-decoration: underline;<br \/>    }<br \/>  <\/style>\n<p>\u00a0<\/p>\n<article>\n<h1>At rejse til udlandet, n\u00e5r man er under 18<\/h1>\n<h2><strong>Hvilke muligheder findes der for sprog- og kulturrejser?<\/strong><\/h2>\n<p><!-- Sommaire cliquable --><\/p>\n<nav id=\"table-of-contents\">\n<h3><strong>Indhold<\/strong><\/h3>\n<ul>\n<li><a href=\"#introduction\">1. Introduktion<\/a><\/li>\n<li><a href=\"#avantages\">2. Fordele ved at rejse ud som mindre\u00e5rig<\/a><\/li>\n<li><a href=\"#formules\">3. Forskellige typer ophold for unge under 18<\/a><\/li>\n<li><a href=\"#securite\">4. Sikkerhed og trygge rammer: h\u00f8jeste prioritet<\/a><\/li>\n<li><a href=\"#modalites\">5. Praktik og formalia<\/a><\/li>\n<li><a href=\"#conclusion\">Konklusion<\/a><\/li>\n<li><a href=\"#faq\">FAQ<\/a><\/li>\n<\/ul>\n<\/nav>\n<h2 id=\"introduction\">1. Introduktion<\/h2>\n<p style=\"text-align: justify;\">Interessen for <strong>sprogophold for unge<\/strong> og <strong>l\u00e6rende ferier i udlandet<\/strong> er voksende \u2013 b\u00e5de blandt unge og deres for\u00e6ldre. At rejse ud allerede i teenage\u00e5rene giver mulighed for at opleve nye kulturer, blive bedre til et fremmedsprog i praksis og udvikle modenhed og selvst\u00e6ndighed.<\/p>\n<p style=\"text-align: justify;\">I denne artikel ser vi p\u00e5 forskellige l\u00f8sninger for <strong>trygge, organiserede uddannelsesophold<\/strong> for mindre\u00e5rige \u2013 herunder sprogophold, kulturprogrammer og <strong>internationale skoleudvekslingsprogrammer<\/strong>. Vi gennemg\u00e5r ogs\u00e5, hvorfor disse ophold kan v\u00e6re en st\u00e6rk investering i fremtiden, og hvilke forholdsregler der er vigtige for at sikre sikkerhed og trivsel for unge rejsende.<\/p>\n<p><img loading=\"lazy\" decoding=\"async\" class=\"aligncenter wp-image-7555 size-medium\" src=\"https:\/\/www.vita-explorers.dk\/blog\/wp-content\/uploads\/2017\/11\/Australie-Globalong-excursion-min-300x205.jpg\" alt=\"Sprogophold for unge\" width=\"300\" height=\"205\" srcset=\"https:\/\/www.vita-explorers.dk\/blog\/wp-content\/uploads\/2017\/11\/Australie-Globalong-excursion-min-300x205.jpg 300w, https:\/\/www.vita-explorers.dk\/blog\/wp-content\/uploads\/2017\/11\/Australie-Globalong-excursion-min-768x526.jpg 768w, https:\/\/www.vita-explorers.dk\/blog\/wp-content\/uploads\/2017\/11\/Australie-Globalong-excursion-min-150x103.jpg 150w, https:\/\/www.vita-explorers.dk\/blog\/wp-content\/uploads\/2017\/11\/Australie-Globalong-excursion-min.jpg 789w\" sizes=\"(max-width: 300px) 100vw, 300px\" \/><\/p>\n<h2 id=\"avantages\">2. Fordele ved at rejse ud som mindre\u00e5rig<\/h2>\n<h3><strong>2.1. Hurtigere sproglig udvikling gennem immersion<\/strong><\/h3>\n<p style=\"text-align: justify;\">At rejse som ung handler f\u00f8rst og fremmest om at v\u00e6re i et milj\u00f8, hvor sproget bruges hver dag. Denne <em>fulde immersion<\/em> kan g\u00f8re en stor forskel for l\u00e6ringen: Teenagere rykker ofte hurtigt p\u00e5 grammatik, ordforr\u00e5d \u2013 og is\u00e6r p\u00e5 den mundtlige selvtillid.<\/p>\n<h3><strong>2.2. Udsyn, robusthed og tro p\u00e5 egne evner<\/strong><\/h3>\n<p style=\"text-align: justify;\">M\u00f8det med en anden kultur styrker nysgerrighed, empati og selvst\u00e6ndighed. Unge l\u00e6rer at tilpasse sig, h\u00e5ndtere hverdagen i nye rammer og bliver mere autonome \u2013 og f\u00e5r typisk mere <strong>selvtillid<\/strong>. Det er kompetencer, der b\u00e5de v\u00e6rds\u00e6ttes i skolelivet og senere p\u00e5 arbejdsmarkedet.<\/p>\n<h3><strong>2.3. Faglige og fremtidige muligheder<\/strong><\/h3>\n<p style=\"text-align: justify;\">Et <a href=\"https:\/\/www.vita-explorers.dk\/blog\/sprogophold-for-teenagere\/\" target=\"_blank\" rel=\"noopener\">ophold i udlandet allerede i teenage\u00e5rene<\/a> kan give et tydeligt forspring: Det kan styrke en studerendes CV, \u00e5bne for internationale uddannelsesforl\u00f8b og g\u00f8re det lettere at indg\u00e5 i projekter p\u00e5 tv\u00e6rs af lande og kulturer.<\/p>\n<h2 id=\"formules\">3. Forskellige typer ophold for unge under 18<\/h2>\n<h3><strong>3.1. Klassiske sprogophold<\/strong><\/h3>\n<p style=\"text-align: justify;\"><strong>Sprogophold for unge<\/strong> er ofte bygget op med sprogundervisning om formiddagen og kultur- eller sportsaktiviteter om eftermiddagen. De unge bor typisk i v\u00e6rtsfamilie eller p\u00e5 et superviseret kollegie. Det er en udbredt l\u00f8sning, som kombinerer l\u00e6ring med trygge, planlagte fritidsaktiviteter.<\/p>\n<h3><strong>3.2. L\u00e6rende ferier i udlandet<\/strong><\/h3>\n<p style=\"text-align: justify;\"><strong>L\u00e6rende ferier<\/strong> har et tydeligt p\u00e6dagogisk fokus, uden at det bliver tungt. De kombinerer undervisning med praktiske workshops (fx lokal madlavning, kunst, naturfaglige aktiviteter) og kulturelle udflugter. Formatet passer godt til yngre deltagere, som har brug for en gradvis og motiverende introduktion til at v\u00e6re i udlandet.<\/p>\n<h3><strong>3.3. Internationale skoleudvekslingsprogrammer<\/strong><\/h3>\n<p style=\"text-align: justify;\">For unge, der \u00f8nsker et l\u00e6ngere forl\u00f8b, kan et <strong>internationalt skoleudvekslingsprogram<\/strong> v\u00e6re en st\u00e6rk mulighed. Teenagere f\u00f8lger undervisning p\u00e5 en lokal skole og bor hos en v\u00e6rtsfamilie. Det giver indblik i et andet skolesystem og mulighed for at skabe t\u00e6tte relationer i n\u00e6rmilj\u00f8et.<\/p>\n<h3><strong>3.4. S\u00e6rligt tilrettelagte uddannelsesophold<\/strong><\/h3>\n<p style=\"text-align: justify;\">Nogle udbydere tilbyder temabaserede uddannelsesophold (fx natur og klima, kunst eller sport). Her kombineres sprog og l\u00e6ring med et s\u00e6rligt interessefelt, s\u00e5 de unge kan fordybe sig i noget, de br\u00e6nder for, samtidig med at de f\u00e5r et internationalt ophold.<\/p>\n<p><img loading=\"lazy\" decoding=\"async\" class=\"aligncenter wp-image-15772 size-medium\" src=\"https:\/\/www.vita-explorers.dk\/blog\/wp-content\/uploads\/2023\/10\/engagement-humanitaire-des-jeunes-300x296.png\" alt=\"Unges rolle i sociale indsatser: At st\u00f8tte ansvarligt engagement hos kommende generationer\" width=\"300\" height=\"296\" srcset=\"https:\/\/www.vita-explorers.dk\/blog\/wp-content\/uploads\/2023\/10\/engagement-humanitaire-des-jeunes-300x296.png 300w, https:\/\/www.vita-explorers.dk\/blog\/wp-content\/uploads\/2023\/10\/engagement-humanitaire-des-jeunes-1024x1009.png 1024w, https:\/\/www.vita-explorers.dk\/blog\/wp-content\/uploads\/2023\/10\/engagement-humanitaire-des-jeunes-768x757.png 768w, https:\/\/www.vita-explorers.dk\/blog\/wp-content\/uploads\/2023\/10\/engagement-humanitaire-des-jeunes-1536x1513.png 1536w, https:\/\/www.vita-explorers.dk\/blog\/wp-content\/uploads\/2023\/10\/engagement-humanitaire-des-jeunes.png 1870w\" sizes=\"(max-width: 300px) 100vw, 300px\" \/><\/p>\n<h2 id=\"securite\">4. Sikkerhed og trygge rammer: h\u00f8jeste prioritet<\/h2>\n<p style=\"text-align: justify;\">N\u00e5r mindre\u00e5rige rejser til udlandet, er <strong>sikkerhed<\/strong> og <strong>trygge rammer<\/strong> helt afg\u00f8rende. Specialiserede udbydere etablerer typisk l\u00f8sninger, der underst\u00f8tter de unges trivsel:<\/p>\n<ul>\n<li style=\"text-align: justify;\"><strong>Tilg\u00e6ngelige kontaktpersoner d\u00f8gnet rundt<\/strong> : Der er faste voksne kontaktpersoner, som kan st\u00f8tte de unge og hj\u00e6lpe, hvis der opst\u00e5r sp\u00f8rgsm\u00e5l eller udfordringer.<\/li>\n<li style=\"text-align: justify;\"><strong>Udvalgte v\u00e6rtsfamilier<\/strong> : V\u00e6rtsfamilier gennemg\u00e5s grundigt og f\u00f8lges som regel op l\u00f8bende af udbyderen.<\/li>\n<li style=\"text-align: justify;\"><strong>Sundhed og adgang til hj\u00e6lp<\/strong> : Ofte kr\u00e6ves der en relevant rejse-\/sygeforsikring, og der kan v\u00e6re lokale sundhedskontakter p\u00e5 destinationen.<\/li>\n<li style=\"text-align: justify;\"><strong>N\u00f8dnumre<\/strong> : Dedikerede telefonlinjer g\u00f8r det muligt hurtigt at f\u00e5 fat i ansvarlige, hvis noget sker.<\/li>\n<\/ul>\n<h2 id=\"modalites\">5. Praktik og formalia<\/h2>\n<h3><strong>5.1. For\u00e6ldresamtykke og dokumenter<\/strong><\/h3>\n<p style=\"text-align: justify;\">For at rejse til udlandet skal mindre\u00e5rige have gyldig legitimation (pas eller id-kort afh\u00e6ngigt af destinationen), eventuelle visa og en <strong>rejsetilladelse\/for\u00e6ldresamtykke<\/strong> underskrevet af for\u00e6ldre eller v\u00e6rge. Nogle lande kr\u00e6ver ogs\u00e5 ekstra dokumentation (fx forsikringsbevis, vaccinationsdokumentation mv.).<\/p>\n<h3><strong>5.2. Forsikring og sundhed<\/strong><\/h3>\n<p style=\"text-align: justify;\">Det anbefales at tegne en relevant <a href=\"https:\/\/www.vita-explorers.dk\/blog\/rejseforsikring-til-internationale-forloeb\/\" target=\"_blank\" rel=\"noopener\">forsikring<\/a> med hjemtransport og ansvarsd\u00e6kning, som passer til ophold i udlandet. Unders\u00f8g ogs\u00e5, hvilke vaccinationer der er obligatoriske eller anbefalede for destinationen.<\/p>\n<h3><strong>5.3. Budget og st\u00f8tteordninger<\/strong><\/h3>\n<p style=\"text-align: justify;\">Prisen p\u00e5 et <strong>organiseret uddannelsesophold<\/strong> varierer med varighed, destination og hvad der er inkluderet (indkvartering, undervisning, udflugter). I nogle tilf\u00e6lde findes der legater eller st\u00f8tteordninger (fx regionale eller via organisationer), som kan g\u00f8re det lettere for unge fra forskellige baggrunde at komme afsted.<\/p>\n<h2 id=\"conclusion\">Konklusion<\/h2>\n<p style=\"text-align: justify;\">Ophold i udlandet for unge under 18 \u2013 uanset om det er <strong>sprogophold for unge<\/strong>, <strong>l\u00e6rende ferier i udlandet<\/strong> eller <strong>internationale skoleudvekslingsprogrammer<\/strong> \u2013 kan give gevinster b\u00e5de her og nu og p\u00e5 l\u00e6ngere sigt. Ud over sproglige kompetencer styrker det ofte udsyn og evnen til at omstille sig.<\/p>\n<p style=\"text-align: justify;\">For at rejse med ro i maven er det vigtigt at <a href=\"https:\/\/www.vita-explorers.dk\/\" target=\"_blank\" rel=\"noopener\">v\u00e6lge en trov\u00e6rdig udbyder<\/a>, der kan sikre <strong>sikkerhed<\/strong>, <strong>trygge rammer<\/strong> og <strong>hj\u00e6lp til det praktiske<\/strong>. Med god forberedelse kan et ophold i udlandet i teenage\u00e5rene blive et solidt afs\u00e6t for b\u00e5de studieliv og arbejdsliv.<\/p>\n<p><!-- FAQ --><\/p>\n<h2 id=\"faq\">FAQ<\/h2>\n<h3><strong>1. Fra hvilken alder kan en mindre\u00e5rig deltage i et sprogophold i udlandet?<\/strong><\/h3>\n<p style=\"text-align: justify;\">Nogle udbydere tager imod deltagere fra 10 eller 12 \u00e5r, mens andre har en minimumsalder p\u00e5 14 eller 16 \u00e5r. Kravene afh\u00e6nger af destination og programtype.<\/p>\n<h3><strong>2. Hvordan v\u00e6lger man v\u00e6rtsfamilie til en teenager?<\/strong><\/h3>\n<p style=\"text-align: justify;\">Udbydere udv\u00e6lger v\u00e6rtsfamilier ud fra faste kriterier (boligforhold, rammer og egnethed). Du kan bede om referencer og i nogle tilf\u00e6lde komme i kontakt med familien f\u00f8r afrejse.<\/p>\n<h3><strong>3. Hvorn\u00e5r p\u00e5 \u00e5ret er det bedst at tage p\u00e5 sprogophold?<\/strong><\/h3>\n<p style=\"text-align: justify;\">Skoleferier er ofte det mest oplagte tidspunkt \u2013 is\u00e6r sommerferien. Nogle programmer k\u00f8rer dog \u00e5ret rundt, fx <strong>internationale skoleudvekslingsprogrammer<\/strong> over et semester eller et helt skole\u00e5r.<\/p>\n<h3><strong>4. Er ophold for unge under 18 egnede til unge med helbredsm\u00e6ssige udfordringer?<\/strong><\/h3>\n<p style=\"text-align: justify;\">Mange udbydere kan tage imod unge med s\u00e6rlige behov, hvis de f\u00e5r besked i god tid og sammen kan vurdere, hvad der er realistisk (medicin, allergier mv.).<\/p>\n<p class=\"p4\" style=\"text-align: center;\"><b>Vil du h\u00f8re mere, er du velkommen til at kontakte os p\u00e5 <\/b><a href=\"mailto:info@globalong.com\"><span class=\"s2\"><b>info@globalong.com<\/b><\/span><\/a><\/p>\n<p class=\"p4\" style=\"text-align: center;\"><b>F\u00f8lg VITA og m\u00f8d vores community p\u00e5 <\/b><a href=\"https:\/\/www.instagram.com\/globalongofficiel\/\" target=\"_blank\" rel=\"noopener\"><span class=\"s2\"><b>Instagram<\/b><\/span><\/a><b>, <\/b><a href=\"https:\/\/www.facebook.com\/globalong\" target=\"_blank\" rel=\"noopener\"><span class=\"s2\"><b>Facebook<\/b><\/span><\/a><b>, <\/b><a href=\"https:\/\/www.linkedin.com\/company\/5113177\/admin\/feed\/posts\/\" target=\"_blank\" rel=\"noopener\"><span class=\"s2\"><b>LinkedIn<\/b><\/span><\/a><b> og <\/b><a href=\"https:\/\/www.youtube.com\/c\/globalong\/videos\" target=\"_blank\" rel=\"noopener\"><span class=\"s2\"><b>Youtube<\/b><\/span><\/a><b>!<\/b><\/p>\n<p><!-- Donn\u00e9es structur\u00e9es FAQ pour le SEO --><br \/>\n<script type=\"application\/ld+json\">\n  {\n    \"@context\": \"https:\/\/schema.org\",\n    \"@type\": \"FAQPage\",\n    \"mainEntity\": [\n      {\n        \"@type\": \"Question\",\n        \"name\": \"Fra hvilken alder kan en mindre\u00e5rig deltage i et sprogophold i udlandet?\",\n        \"acceptedAnswer\": {\n          \"@type\": \"Answer\",\n          \"text\": \"Nogle udbydere tager imod deltagere fra 10 eller 12 \u00e5r, mens andre har en minimumsalder p\u00e5 14 eller 16 \u00e5r.\"\n        }\n      },\n      {\n        \"@type\": \"Question\",\n        \"name\": \"Hvordan v\u00e6lger man v\u00e6rtsfamilie til en teenager?\",\n        \"acceptedAnswer\": {\n          \"@type\": \"Answer\",\n          \"text\": \"Udbydere udv\u00e6lger v\u00e6rtsfamilier ud fra faste kriterier (boligforhold, rammer og egnethed). Du kan typisk komme i kontakt med familien f\u00f8r afrejse.\"\n        }\n      },\n      {\n        \"@type\": \"Question\",\n        \"name\": \"Hvorn\u00e5r p\u00e5 \u00e5ret er det bedst at tage p\u00e5 sprogophold?\",\n        \"acceptedAnswer\": {\n          \"@type\": \"Answer\",\n          \"text\": \"Skoleferier \u2013 is\u00e6r sommerferien \u2013 er det mest almindelige. Nogle udvekslingsprogrammer kan dog str\u00e6kke sig over et semester eller et helt skole\u00e5r.\"\n        }\n      },\n      {\n        \"@type\": \"Question\",\n        \"name\": \"Er ophold for unge under 18 egnede til unge med helbredsm\u00e6ssige udfordringer?\",\n        \"acceptedAnswer\": {\n          \"@type\": \"Answer\",\n          \"text\": \"Mange udbydere kan tage imod unge med s\u00e6rlige behov, hvis de f\u00e5r besked p\u00e5 forh\u00e5nd og I sammen vurderer, hvad der er realistisk (medicin, allergier mv.).\"\n        }\n      }\n    ]\n  }\n  <\/script><\/p>\n<\/article>\n<p>\u00a0 <\/p>\n","protected":false},"excerpt":{"rendered":"<p>\u00a0 At rejse til udlandet, n\u00e5r man er under 18 Hvilke muligheder findes der for sprog- og kulturrejser? Indhold 1. Introduktion 2. Fordele ved\u2026<\/p>\n","protected":false},"author":7,"featured_media":4808,"comment_status":"open","ping_status":"open","sticky":false,"template":"","format":"standard","meta":{"footnotes":""},"categories":[6,5,4],"tags":[],"yoast_head":"<!-- This site is optimized with the Yoast SEO Premium plugin v23.4 (Yoast SEO v23.4) - https:\/\/yoast.com\/wordpress\/plugins\/seo\/ -->\n<title>Trygt udlandsophold for unge under 18 \u00e5r i 2025 - VITA Explorers Blog<\/title>\n<meta name=\"description\" content=\"Explorez les avantages de partir \u00e0 l&#039;\u00e9tranger quand on est mineur. S\u00e9jours linguistiques et programmes \u00e9ducatifs passionnants vous attendent.\" \/>\n<meta name=\"robots\" content=\"index, follow, max-snippet:-1, max-image-preview:large, max-video-preview:-1\" \/>\n<link rel=\"canonical\" href=\"https:\/\/www.vita-explorers.dk\/blog\/rejse-til-udlandet-som-mindreaarig\/\" \/>\n<meta property=\"og:locale\" content=\"da_DK\" \/>\n<meta property=\"og:type\" content=\"article\" \/>\n<meta property=\"og:title\" content=\"Partir \u00e0 l&#039;\u00e9tranger quand on est mineur en toute s\u00e9curit\u00e9\" \/>\n<meta property=\"og:description\" content=\"Explorez les avantages de partir \u00e0 l&#039;\u00e9tranger quand on est mineur\" \/>\n<meta property=\"og:url\" content=\"https:\/\/www.vita-explorers.dk\/blog\/rejse-til-udlandet-som-mindreaarig\/\" \/>\n<meta property=\"og:site_name\" content=\"VITA Explorers Blog\" \/>\n<meta property=\"article:publisher\" content=\"https:\/\/www.facebook.com\/globalong\" \/>\n<meta property=\"article:published_time\" content=\"2025-02-21T03:50:00+00:00\" \/>\n<meta property=\"article:modified_time\" content=\"2025-02-18T14:13:49+00:00\" \/>\n<meta property=\"og:image\" content=\"https:\/\/www.vita-explorers.dk\/blog\/wp-content\/uploads\/2016\/06\/Se\u0301jours-linguistiques-et-humanitaires-quelle-formule-choisir-.jpeg\" \/>\n\t<meta property=\"og:image:width\" content=\"567\" \/>\n\t<meta property=\"og:image:height\" content=\"425\" \/>\n\t<meta property=\"og:image:type\" content=\"image\/jpeg\" \/>\n<meta name=\"author\" content=\"VITA Tribe\" \/>\n<meta name=\"twitter:card\" content=\"summary_large_image\" \/>\n<meta name=\"twitter:title\" content=\"Rejse til udlandet som mindre\u00e5rig\" \/>\n<meta name=\"twitter:label1\" content=\"Skrevet af\" \/>\n\t<meta name=\"twitter:data1\" content=\"VITA Tribe\" \/>\n\t<meta name=\"twitter:label2\" content=\"Estimeret l\u00e6setid\" \/>\n\t<meta name=\"twitter:data2\" content=\"7 minutter\" \/>\n<script type=\"application\/ld+json\" class=\"yoast-schema-graph\">{\"@context\":\"https:\/\/schema.org\",\"@graph\":[{\"@type\":\"Article\",\"@id\":\"https:\/\/www.vita-explorers.dk\/blog\/rejse-til-udlandet-som-mindreaarig\/#article\",\"isPartOf\":{\"@id\":\"https:\/\/www.vita-explorers.dk\/blog\/rejse-til-udlandet-som-mindreaarig\/\"},\"author\":{\"name\":\"VITA Tribe\",\"@id\":\"https:\/\/www.vita-explorers.dk\/blog\/#\/schema\/person\/fc0343a2f2db2ebb2793c1f62dbe73f0\"},\"headline\":\"Rejse til udlandet som mindre\u00e5rig\",\"datePublished\":\"2025-02-21T03:50:00+00:00\",\"dateModified\":\"2025-02-18T14:13:49+00:00\",\"mainEntityOfPage\":{\"@id\":\"https:\/\/www.vita-explorers.dk\/blog\/rejse-til-udlandet-som-mindreaarig\/\"},\"wordCount\":1063,\"commentCount\":0,\"publisher\":{\"@id\":\"https:\/\/www.vita-explorers.dk\/blog\/#organization\"},\"image\":{\"@id\":\"https:\/\/www.vita-explorers.dk\/blog\/rejse-til-udlandet-som-mindreaarig\/#primaryimage\"},\"thumbnailUrl\":\"https:\/\/www.vita-explorers.dk\/blog\/wp-content\/uploads\/2016\/06\/Se\u0301jours-linguistiques-et-humanitaires-quelle-formule-choisir-.jpeg\",\"articleSection\":[\"Nyheder\",\"Sprogophold\",\"VITA Explorers\"],\"inLanguage\":\"da-DK\",\"potentialAction\":[{\"@type\":\"CommentAction\",\"name\":\"Comment\",\"target\":[\"https:\/\/www.vita-explorers.dk\/blog\/rejse-til-udlandet-som-mindreaarig\/#respond\"]}]},{\"@type\":\"WebPage\",\"@id\":\"https:\/\/www.vita-explorers.dk\/blog\/rejse-til-udlandet-som-mindreaarig\/\",\"url\":\"https:\/\/www.vita-explorers.dk\/blog\/rejse-til-udlandet-som-mindreaarig\/\",\"name\":\"Trygt udlandsophold for unge under 18 \u00e5r i 2025 - VITA Explorers Blog\",\"isPartOf\":{\"@id\":\"https:\/\/www.vita-explorers.dk\/blog\/#website\"},\"primaryImageOfPage\":{\"@id\":\"https:\/\/www.vita-explorers.dk\/blog\/rejse-til-udlandet-som-mindreaarig\/#primaryimage\"},\"image\":{\"@id\":\"https:\/\/www.vita-explorers.dk\/blog\/rejse-til-udlandet-som-mindreaarig\/#primaryimage\"},\"thumbnailUrl\":\"https:\/\/www.vita-explorers.dk\/blog\/wp-content\/uploads\/2016\/06\/Se\u0301jours-linguistiques-et-humanitaires-quelle-formule-choisir-.jpeg\",\"datePublished\":\"2025-02-21T03:50:00+00:00\",\"dateModified\":\"2025-02-18T14:13:49+00:00\",\"description\":\"Explorez les avantages de partir \u00e0 l'\u00e9tranger quand on est mineur. S\u00e9jours linguistiques et programmes \u00e9ducatifs passionnants vous attendent.\",\"breadcrumb\":{\"@id\":\"https:\/\/www.vita-explorers.dk\/blog\/rejse-til-udlandet-som-mindreaarig\/#breadcrumb\"},\"inLanguage\":\"da-DK\",\"potentialAction\":[{\"@type\":\"ReadAction\",\"target\":[\"https:\/\/www.vita-explorers.dk\/blog\/rejse-til-udlandet-som-mindreaarig\/\"]}]},{\"@type\":\"ImageObject\",\"inLanguage\":\"da-DK\",\"@id\":\"https:\/\/www.vita-explorers.dk\/blog\/rejse-til-udlandet-som-mindreaarig\/#primaryimage\",\"url\":\"https:\/\/www.vita-explorers.dk\/blog\/wp-content\/uploads\/2016\/06\/Se\u0301jours-linguistiques-et-humanitaires-quelle-formule-choisir-.jpeg\",\"contentUrl\":\"https:\/\/www.vita-explorers.dk\/blog\/wp-content\/uploads\/2016\/06\/Se\u0301jours-linguistiques-et-humanitaires-quelle-formule-choisir-.jpeg\",\"width\":567,\"height\":425,\"caption\":\"Partir \u00e0 l'\u00e9tranger quand on est mineur\"},{\"@type\":\"BreadcrumbList\",\"@id\":\"https:\/\/www.vita-explorers.dk\/blog\/rejse-til-udlandet-som-mindreaarig\/#breadcrumb\",\"itemListElement\":[{\"@type\":\"ListItem\",\"position\":1,\"name\":\"Accueil\",\"item\":\"https:\/\/www.vita-explorers.dk\/blog\/\"},{\"@type\":\"ListItem\",\"position\":2,\"name\":\"Rejse til udlandet som mindre\u00e5rig\"}]},{\"@type\":\"WebSite\",\"@id\":\"https:\/\/www.vita-explorers.dk\/blog\/#website\",\"url\":\"https:\/\/www.vita-explorers.dk\/blog\/\",\"name\":\"Association Globalong\",\"description\":\"Frivilligt arbejde, sprogophold, praktik i udlandet og internationale oplevelser\",\"publisher\":{\"@id\":\"https:\/\/www.vita-explorers.dk\/blog\/#organization\"},\"potentialAction\":[{\"@type\":\"SearchAction\",\"target\":{\"@type\":\"EntryPoint\",\"urlTemplate\":\"https:\/\/www.vita-explorers.dk\/blog\/?s={search_term_string}\"},\"query-input\":{\"@type\":\"PropertyValueSpecification\",\"valueRequired\":true,\"valueName\":\"search_term_string\"}}],\"inLanguage\":\"da-DK\"},{\"@type\":\"Organization\",\"@id\":\"https:\/\/www.vita-explorers.dk\/blog\/#organization\",\"name\":\"Association Globalong\",\"url\":\"https:\/\/www.vita-explorers.dk\/blog\/\",\"logo\":{\"@type\":\"ImageObject\",\"inLanguage\":\"da-DK\",\"@id\":\"https:\/\/www.vita-explorers.dk\/blog\/#\/schema\/logo\/image\/\",\"url\":\"https:\/\/www.globalong.com\/blog\/wp-content\/uploads\/2014\/11\/cropped-cropped-Logo-et-Afrique-Globalong-petite-taille-2.jpg\",\"contentUrl\":\"https:\/\/www.globalong.com\/blog\/wp-content\/uploads\/2014\/11\/cropped-cropped-Logo-et-Afrique-Globalong-petite-taille-2.jpg\",\"width\":512,\"height\":512,\"caption\":\"Association Globalong\"},\"image\":{\"@id\":\"https:\/\/www.vita-explorers.dk\/blog\/#\/schema\/logo\/image\/\"},\"sameAs\":[\"https:\/\/www.facebook.com\/globalong\"]},{\"@type\":\"Person\",\"@id\":\"https:\/\/www.vita-explorers.dk\/blog\/#\/schema\/person\/fc0343a2f2db2ebb2793c1f62dbe73f0\",\"name\":\"VITA Tribe\",\"image\":{\"@type\":\"ImageObject\",\"inLanguage\":\"da-DK\",\"@id\":\"https:\/\/www.vita-explorers.dk\/blog\/#\/schema\/person\/image\/\",\"url\":\"https:\/\/secure.gravatar.com\/avatar\/f7f05026bb439d0c96b30e135e5f852c?s=96&d=mm&r=g\",\"contentUrl\":\"https:\/\/secure.gravatar.com\/avatar\/f7f05026bb439d0c96b30e135e5f852c?s=96&d=mm&r=g\",\"caption\":\"VITA Tribe\"},\"sameAs\":[\"http:\/\/www.globalong.com\"],\"url\":\"https:\/\/www.vita-explorers.dk\/blog\/author\/teamglobalong\/\"}]}<\/script>\n<!-- \/ Yoast SEO Premium plugin. -->","yoast_head_json":{"title":"Trygt udlandsophold for unge under 18 \u00e5r i 2025 - VITA Explorers Blog","description":"Explorez les avantages de partir \u00e0 l'\u00e9tranger quand on est mineur. S\u00e9jours linguistiques et programmes \u00e9ducatifs passionnants vous attendent.","robots":{"index":"index","follow":"follow","max-snippet":"max-snippet:-1","max-image-preview":"max-image-preview:large","max-video-preview":"max-video-preview:-1"},"canonical":"https:\/\/www.vita-explorers.dk\/blog\/rejse-til-udlandet-som-mindreaarig\/","og_locale":"da_DK","og_type":"article","og_title":"Partir \u00e0 l'\u00e9tranger quand on est mineur en toute s\u00e9curit\u00e9","og_description":"Explorez les avantages de partir \u00e0 l'\u00e9tranger quand on est mineur","og_url":"https:\/\/www.vita-explorers.dk\/blog\/rejse-til-udlandet-som-mindreaarig\/","og_site_name":"VITA Explorers Blog","article_publisher":"https:\/\/www.facebook.com\/globalong","article_published_time":"2025-02-21T03:50:00+00:00","article_modified_time":"2025-02-18T14:13:49+00:00","og_image":[{"width":567,"height":425,"url":"https:\/\/www.vita-explorers.dk\/blog\/wp-content\/uploads\/2016\/06\/Se\u0301jours-linguistiques-et-humanitaires-quelle-formule-choisir-.jpeg","type":"image\/jpeg"}],"author":"VITA Tribe","twitter_card":"summary_large_image","twitter_title":"Rejse til udlandet som mindre\u00e5rig","twitter_misc":{"Skrevet af":"VITA Tribe","Estimeret l\u00e6setid":"7 minutter"},"schema":{"@context":"https:\/\/schema.org","@graph":[{"@type":"Article","@id":"https:\/\/www.vita-explorers.dk\/blog\/rejse-til-udlandet-som-mindreaarig\/#article","isPartOf":{"@id":"https:\/\/www.vita-explorers.dk\/blog\/rejse-til-udlandet-som-mindreaarig\/"},"author":{"name":"VITA Tribe","@id":"https:\/\/www.vita-explorers.dk\/blog\/#\/schema\/person\/fc0343a2f2db2ebb2793c1f62dbe73f0"},"headline":"Rejse til udlandet som mindre\u00e5rig","datePublished":"2025-02-21T03:50:00+00:00","dateModified":"2025-02-18T14:13:49+00:00","mainEntityOfPage":{"@id":"https:\/\/www.vita-explorers.dk\/blog\/rejse-til-udlandet-som-mindreaarig\/"},"wordCount":1063,"commentCount":0,"publisher":{"@id":"https:\/\/www.vita-explorers.dk\/blog\/#organization"},"image":{"@id":"https:\/\/www.vita-explorers.dk\/blog\/rejse-til-udlandet-som-mindreaarig\/#primaryimage"},"thumbnailUrl":"https:\/\/www.vita-explorers.dk\/blog\/wp-content\/uploads\/2016\/06\/Se\u0301jours-linguistiques-et-humanitaires-quelle-formule-choisir-.jpeg","articleSection":["Nyheder","Sprogophold","VITA Explorers"],"inLanguage":"da-DK","potentialAction":[{"@type":"CommentAction","name":"Comment","target":["https:\/\/www.vita-explorers.dk\/blog\/rejse-til-udlandet-som-mindreaarig\/#respond"]}]},{"@type":"WebPage","@id":"https:\/\/www.vita-explorers.dk\/blog\/rejse-til-udlandet-som-mindreaarig\/","url":"https:\/\/www.vita-explorers.dk\/blog\/rejse-til-udlandet-som-mindreaarig\/","name":"Trygt udlandsophold for unge under 18 \u00e5r i 2025 - VITA Explorers Blog","isPartOf":{"@id":"https:\/\/www.vita-explorers.dk\/blog\/#website"},"primaryImageOfPage":{"@id":"https:\/\/www.vita-explorers.dk\/blog\/rejse-til-udlandet-som-mindreaarig\/#primaryimage"},"image":{"@id":"https:\/\/www.vita-explorers.dk\/blog\/rejse-til-udlandet-som-mindreaarig\/#primaryimage"},"thumbnailUrl":"https:\/\/www.vita-explorers.dk\/blog\/wp-content\/uploads\/2016\/06\/Se\u0301jours-linguistiques-et-humanitaires-quelle-formule-choisir-.jpeg","datePublished":"2025-02-21T03:50:00+00:00","dateModified":"2025-02-18T14:13:49+00:00","description":"Explorez les avantages de partir \u00e0 l'\u00e9tranger quand on est mineur. S\u00e9jours linguistiques et programmes \u00e9ducatifs passionnants vous attendent.","breadcrumb":{"@id":"https:\/\/www.vita-explorers.dk\/blog\/rejse-til-udlandet-som-mindreaarig\/#breadcrumb"},"inLanguage":"da-DK","potentialAction":[{"@type":"ReadAction","target":["https:\/\/www.vita-explorers.dk\/blog\/rejse-til-udlandet-som-mindreaarig\/"]}]},{"@type":"ImageObject","inLanguage":"da-DK","@id":"https:\/\/www.vita-explorers.dk\/blog\/rejse-til-udlandet-som-mindreaarig\/#primaryimage","url":"https:\/\/www.vita-explorers.dk\/blog\/wp-content\/uploads\/2016\/06\/Se\u0301jours-linguistiques-et-humanitaires-quelle-formule-choisir-.jpeg","contentUrl":"https:\/\/www.vita-explorers.dk\/blog\/wp-content\/uploads\/2016\/06\/Se\u0301jours-linguistiques-et-humanitaires-quelle-formule-choisir-.jpeg","width":567,"height":425,"caption":"Partir \u00e0 l'\u00e9tranger quand on est mineur"},{"@type":"BreadcrumbList","@id":"https:\/\/www.vita-explorers.dk\/blog\/rejse-til-udlandet-som-mindreaarig\/#breadcrumb","itemListElement":[{"@type":"ListItem","position":1,"name":"Accueil","item":"https:\/\/www.vita-explorers.dk\/blog\/"},{"@type":"ListItem","position":2,"name":"Rejse til udlandet som mindre\u00e5rig"}]},{"@type":"WebSite","@id":"https:\/\/www.vita-explorers.dk\/blog\/#website","url":"https:\/\/www.vita-explorers.dk\/blog\/","name":"Association Globalong","description":"Frivilligt arbejde, sprogophold, praktik i udlandet og internationale oplevelser","publisher":{"@id":"https:\/\/www.vita-explorers.dk\/blog\/#organization"},"potentialAction":[{"@type":"SearchAction","target":{"@type":"EntryPoint","urlTemplate":"https:\/\/www.vita-explorers.dk\/blog\/?s={search_term_string}"},"query-input":{"@type":"PropertyValueSpecification","valueRequired":true,"valueName":"search_term_string"}}],"inLanguage":"da-DK"},{"@type":"Organization","@id":"https:\/\/www.vita-explorers.dk\/blog\/#organization","name":"Association Globalong","url":"https:\/\/www.vita-explorers.dk\/blog\/","logo":{"@type":"ImageObject","inLanguage":"da-DK","@id":"https:\/\/www.vita-explorers.dk\/blog\/#\/schema\/logo\/image\/","url":"https:\/\/www.globalong.com\/blog\/wp-content\/uploads\/2014\/11\/cropped-cropped-Logo-et-Afrique-Globalong-petite-taille-2.jpg","contentUrl":"https:\/\/www.globalong.com\/blog\/wp-content\/uploads\/2014\/11\/cropped-cropped-Logo-et-Afrique-Globalong-petite-taille-2.jpg","width":512,"height":512,"caption":"Association Globalong"},"image":{"@id":"https:\/\/www.vita-explorers.dk\/blog\/#\/schema\/logo\/image\/"},"sameAs":["https:\/\/www.facebook.com\/globalong"]},{"@type":"Person","@id":"https:\/\/www.vita-explorers.dk\/blog\/#\/schema\/person\/fc0343a2f2db2ebb2793c1f62dbe73f0","name":"VITA Tribe","image":{"@type":"ImageObject","inLanguage":"da-DK","@id":"https:\/\/www.vita-explorers.dk\/blog\/#\/schema\/person\/image\/","url":"https:\/\/secure.gravatar.com\/avatar\/f7f05026bb439d0c96b30e135e5f852c?s=96&d=mm&r=g","contentUrl":"https:\/\/secure.gravatar.com\/avatar\/f7f05026bb439d0c96b30e135e5f852c?s=96&d=mm&r=g","caption":"VITA Tribe"},"sameAs":["http:\/\/www.globalong.com"],"url":"https:\/\/www.vita-explorers.dk\/blog\/author\/teamglobalong\/"}]}},"_links":{"self":[{"href":"https:\/\/www.vita-explorers.dk\/blog\/wp-json\/wp\/v2\/posts\/20790"}],"collection":[{"href":"https:\/\/www.vita-explorers.dk\/blog\/wp-json\/wp\/v2\/posts"}],"about":[{"href":"https:\/\/www.vita-explorers.dk\/blog\/wp-json\/wp\/v2\/types\/post"}],"author":[{"embeddable":true,"href":"https:\/\/www.vita-explorers.dk\/blog\/wp-json\/wp\/v2\/users\/7"}],"replies":[{"embeddable":true,"href":"https:\/\/www.vita-explorers.dk\/blog\/wp-json\/wp\/v2\/comments?post=20790"}],"version-history":[{"count":3,"href":"https:\/\/www.vita-explorers.dk\/blog\/wp-json\/wp\/v2\/posts\/20790\/revisions"}],"predecessor-version":[{"id":20908,"href":"https:\/\/www.vita-explorers.dk\/blog\/wp-json\/wp\/v2\/posts\/20790\/revisions\/20908"}],"wp:featuredmedia":[{"embeddable":true,"href":"https:\/\/www.vita-explorers.dk\/blog\/wp-json\/wp\/v2\/media\/4808"}],"wp:attachment":[{"href":"https:\/\/www.vita-explorers.dk\/blog\/wp-json\/wp\/v2\/media?parent=20790"}],"wp:term":[{"taxonomy":"category","embeddable":true,"href":"https:\/\/www.vita-explorers.dk\/blog\/wp-json\/wp\/v2\/categories?post=20790"},{"taxonomy":"post_tag","embeddable":true,"href":"https:\/\/www.vita-explorers.dk\/blog\/wp-json\/wp\/v2\/tags?post=20790"}],"curies":[{"name":"wp","href":"https:\/\/api.w.org\/{rel}","templated":true}]}}