{"id":20793,"date":"2025-02-22T03:36:00","date_gmt":"2025-02-22T02:36:00","guid":{"rendered":"https:\/\/www.globalong.com\/blog\/?p=20793"},"modified":"2025-03-10T17:54:06","modified_gmt":"2025-03-10T16:54:06","slug":"saadan-fremhaever-du-et-internationalt-forloeb-paa-dit-cv","status":"publish","type":"post","link":"https:\/\/www.vita-explorers.dk\/blog\/saadan-fremhaever-du-et-internationalt-forloeb-paa-dit-cv\/","title":{"rendered":"S\u00e5dan fremh\u00e6ver du et humanit\u00e6rt forl\u00f8b p\u00e5 dit CV"},"content":{"rendered":"<p><!-- Balises SEO --><\/p>\n<style>\n    body {<br \/>      font-family: Arial, sans-serif;<br \/>      margin: 0;<br \/>      padding: 0;<br \/>      line-height: 1.6;<br \/>      color: #333;<br \/>    }<br \/>    article {<br \/>      max-width: 900px;<br \/>      margin: 0 auto;<br \/>      padding: 20px;<br \/>    }<br \/>    h1, h2, h3 {<br \/>      color: #2c3e50;<br \/>      margin-top: 1.4em;<br \/>      margin-bottom: 0.6em;<br \/>    }<br \/>    h1 {<br \/>      font-size: 1.8em;<br \/>      margin-top: 0;<br \/>    }<br \/>    h2 {<br \/>      font-size: 1.4em;<br \/>    }<br \/>    h3 {<br \/>      font-size: 1.2em;<br \/>    }<br \/>    p {<br \/>      margin-bottom: 1em;<br \/>      text-align: justify;<br \/>    }<br \/>    ul, ol {<br \/>      margin: 1em 0 1em 3em;<br \/>    }<br \/>    li {<br \/>      margin-bottom: 0.5em;<br \/>    }<br \/>    \/* Sommaire *\/<br \/>    #table-of-contents {<br \/>      background: #f9f9f9;<br \/>      border: 1px solid #ddd;<br \/>      padding: 15px;<br \/>      margin-bottom: 20px;<br \/>    }<br \/>    #table-of-contents h2 {<br \/>      margin-top: 0;<br \/>    }<br \/>    #table-of-contents ul {<br \/>      list-style-type: none;<br \/>      padding: 0;<br \/>      margin: 0;<br \/>    }<br \/>    #table-of-contents li {<br \/>      margin: 8px 0;<br \/>    }<br \/>    #table-of-contents a {<br \/>      text-decoration: none;<br \/>      color: #2c3e50;<br \/>    }<br \/>    #table-of-contents a:hover {<br \/>      text-decoration: underline;<br \/>    }<br \/>  <\/style>\n<p>\u00a0<\/p>\n<article>\n<h1>S\u00e5dan fremh\u00e6ver du et internationalt frivilligforl\u00f8b p\u00e5 dit CV<\/h1>\n<p><!-- Sommaire (Table des mati\u00e8res) --><\/p>\n<nav id=\"table-of-contents\">\n<h2>Indholdsfortegnelse<\/h2>\n<ul>\n<li><a href=\"#introduction\">1. Introduktion<\/a><\/li>\n<li><a href=\"#definir-mission-humanitaire\">2. Hvad d\u00e6kker begrebet humanit\u00e6rt forl\u00f8b over?<\/a><\/li>\n<li><a href=\"#pourquoi-inclure\">3. Hvorfor tage et humanit\u00e6rt forl\u00f8b med p\u00e5 dit CV?<\/a><\/li>\n<li><a href=\"#competences-cles\">4. Centrale kompetencer du kan f\u00e5 gennem et humanit\u00e6rt forl\u00f8b<\/a>\n<ul>\n<li><a href=\"#soft-skills\">4.1. Soft skills og samarbejdskompetencer<\/a><\/li>\n<li><a href=\"#competences-techniques\">4.2. Faglige og organisatoriske kompetencer<\/a><\/li>\n<li><a href=\"#ouverture-interculturelle\">4.3. Personlig udvikling og interkulturel forst\u00e5else<\/a><\/li>\n<\/ul>\n<\/li>\n<li><a href=\"#presentation-cv\">5. S\u00e5dan pr\u00e6senterer du erfaringen p\u00e5 dit CV<\/a>\n<ul>\n<li><a href=\"#rubrique-experiences\">5.1. Under \u201cErhvervserfaring\u201d eller \u201cFrivilligt arbejde\u201d<\/a><\/li>\n<li><a href=\"#format-structure\">5.2. Format: hvordan strukturerer du informationen?<\/a><\/li>\n<li><a href=\"#adapter-cv\">5.3. Tilpas dit CV til den virksomhed, du s\u00f8ger hos<\/a><\/li>\n<\/ul>\n<\/li>\n<li><a href=\"#elements-langage\">6. Sprog og formuleringer, der virker<\/a>\n<ul>\n<li><a href=\"#verbes-action\">6.1. Gode handlingsverber<\/a><\/li>\n<li><a href=\"#mots-cles-specifiques\">6.2. N\u00f8gleord og relevant fagvokabular<\/a><\/li>\n<\/ul>\n<\/li>\n<li><a href=\"#exemples-concrets\">7. Konkrete eksempler p\u00e5 formuleringer<\/a>\n<ul>\n<li><a href=\"#exemple1\">7.1. Eksempel 1: forl\u00f8b med fokus p\u00e5 uddannelse<\/a><\/li>\n<li><a href=\"#exemple2\">7.2. Eksempel 2: forl\u00f8b inden for sundhed<\/a><\/li>\n<li><a href=\"#exemple3\">7.3. Eksempel 3: akut indsats (logistik)<\/a><\/li>\n<\/ul>\n<\/li>\n<li><a href=\"#entretien-embauche\">8. S\u00e5dan taler du om dit forl\u00f8b til en jobsamtale<\/a>\n<ul>\n<li><a href=\"#anticiper-questions\">8.1. Forudse rekrutterens sp\u00f8rgsm\u00e5l<\/a><\/li>\n<li><a href=\"#resolution-problemes\">8.2. Fremh\u00e6v probleml\u00f8sning<\/a><\/li>\n<li><a href=\"#esprit-equipe\">8.3. L\u00e6g v\u00e6gt p\u00e5 omstillingsevne og teamwork<\/a><\/li>\n<\/ul>\n<\/li>\n<li><a href=\"#erreurs-frequentes\">9. Typiske fejl du b\u00f8r undg\u00e5<\/a>\n<ul>\n<li><a href=\"#en-faire-trop\">9.1. At overdrive \u2013 eller v\u00e6re for vag<\/a><\/li>\n<li><a href=\"#coherence-cv\">9.2. At glemme den r\u00f8de tr\u00e5d i CV\u2019et<\/a><\/li>\n<li><a href=\"#impact-culturel-social\">9.3. At overse den kulturelle og sociale dimension<\/a><\/li>\n<\/ul>\n<\/li>\n<li><a href=\"#focus-etudiant\">10. Fokus: S\u00e5dan fremh\u00e6ver du et humanit\u00e6rt forl\u00f8b som studerende<\/a><\/li>\n<li><a href=\"#focus-reconversion\">11. Fokus: S\u00e5dan fremh\u00e6ver du et humanit\u00e6rt forl\u00f8b ved karriereskift<\/a><\/li>\n<li><a href=\"#poids-recommandations\">12. Betydningen af anbefalinger og erfaringer fra andre<\/a><\/li>\n<li><a href=\"#competences-transversales\">13. De mest efterspurgte tv\u00e6rg\u00e5ende kompetencer (soft skills) i dag<\/a><\/li>\n<li><a href=\"#conseils-reussite\">14. Gode r\u00e5d til et st\u00e6rkt CV med internationalt frivilligarbejde<\/a><\/li>\n<li><a href=\"#conclusion\">15. Konklusion<\/a><\/li>\n<li><a href=\"#faq\">16. FAQ: Ofte stillede sp\u00f8rgsm\u00e5l<\/a><\/li>\n<\/ul>\n<\/nav>\n<p><img loading=\"lazy\" decoding=\"async\" class=\"aligncenter wp-image-15778 size-medium\" src=\"https:\/\/www.vita-explorers.dk\/blog\/wp-content\/uploads\/2023\/10\/mission-humanitaire-afrique-du-sud-300x253.png\" alt=\"Projets humanitaires en Afrique du sud\" width=\"300\" height=\"253\" srcset=\"https:\/\/www.vita-explorers.dk\/blog\/wp-content\/uploads\/2023\/10\/mission-humanitaire-afrique-du-sud-300x253.png 300w, https:\/\/www.vita-explorers.dk\/blog\/wp-content\/uploads\/2023\/10\/mission-humanitaire-afrique-du-sud-1024x863.png 1024w, https:\/\/www.vita-explorers.dk\/blog\/wp-content\/uploads\/2023\/10\/mission-humanitaire-afrique-du-sud-768x647.png 768w, https:\/\/www.vita-explorers.dk\/blog\/wp-content\/uploads\/2023\/10\/mission-humanitaire-afrique-du-sud.png 1258w\" sizes=\"(max-width: 300px) 100vw, 300px\" \/><\/p>\n<h2 id=\"introduction\" style=\"text-align: justify;\">1. Introduktion: s\u00e5dan fremh\u00e6ver du et humanit\u00e6rt forl\u00f8b p\u00e5 dit CV<\/h2>\n<p style=\"text-align: justify;\">At vide <strong>hvordan du fremh\u00e6ver et humanit\u00e6rt forl\u00f8b p\u00e5 dit CV<\/strong>, kan v\u00e6re en klar fordel, n\u00e5r du vil til samtale \u2013 eller lande jobbet. I et arbejdsmarked med mange ans\u00f8gere kan erfaring med <em>internationalt frivilligt arbejde<\/em> eller et meningsfuldt engagement g\u00f8re en forskel. Flere rekrutterere l\u00e6gger i dag v\u00e6gt p\u00e5 <strong>menneskelige kompetencer<\/strong> (<a href=\"https:\/\/www.vita-explorers.dk\/blog\/tv\u00e6rg\u00e5ende-kompetencer-soft-skills\/\" target=\"_blank\" rel=\"noopener\">soft skills<\/a>) og interkulturel forst\u00e5else.<\/p>\n<p style=\"text-align: justify;\">Uanset om du har v\u00e6ret afsted i flere m\u00e5neder gennem en <a href=\"https:\/\/www.vita-explorers.dk\/blog\/ngo-humanitaer-definition\/\" target=\"_blank\" rel=\"noopener\">NGO<\/a>, har haft et kortere humanit\u00e6rt ophold p\u00e5 f\u00e5 uger eller har deltaget i et <em>enkeltst\u00e5ende frivilliginitiativ<\/em>, findes der mange m\u00e5der at synligg\u00f8re erfaringen p\u00e5. Det afg\u00f8rende er, hvordan du pr\u00e6senterer den, s\u00e5 den giver mening for arbejdsgiveren.<\/p>\n<p style=\"text-align: justify;\">Denne artikel er lang og grundig og giver dig konkrete greb til <strong>at f\u00e5 mest muligt ud af<\/strong> din erfaring med frivilligt arbejde og ansvarlige ophold p\u00e5 dit CV. F\u00f8rst ser vi p\u00e5, hvorfor det kan v\u00e6re relevant at tage erfaringen med, derefter p\u00e5 hvilke kompetencer du typisk opbygger. Til sidst f\u00e5r du praktiske r\u00e5d til ops\u00e6tning og formuleringer, der g\u00f8r dit CV klart, trov\u00e6rdigt og positivt.<\/p>\n<p style=\"text-align: justify;\">Uanset om du er <strong>studerende<\/strong>, nyuddannet eller <strong>i gang med et karriereskift<\/strong>, kan dit <a href=\"https:\/\/www.vita-explorers.dk\/blog\/Hvad er et internationalt forl\u00f8b?\/\" target=\"_blank\" rel=\"noopener\">humanit\u00e6re forl\u00f8b<\/a> blive et st\u00e6rkt afs\u00e6t. Det kr\u00e6ver blot, at du forst\u00e5r, hvad du faktisk har l\u00e6rt \u2013 og pr\u00e6senterer det p\u00e5 en m\u00e5de, der matcher det job eller den branche, du s\u00f8ger.<\/p>\n<p><iframe loading=\"lazy\" title=\"Partir avec Globalong, c&#039;est... des sourires et des moments inoubliables\" width=\"500\" height=\"281\" src=\"https:\/\/www.youtube.com\/embed\/qTqccmuFj1U?feature=oembed\" frameborder=\"0\" allow=\"accelerometer; autoplay; clipboard-write; encrypted-media; gyroscope; picture-in-picture; web-share\" referrerpolicy=\"strict-origin-when-cross-origin\" allowfullscreen><\/iframe><\/p>\n<h2 id=\"definir-mission-humanitaire\"><strong>2. Hvad d\u00e6kker begrebet humanit\u00e6rt forl\u00f8b over?<\/strong><\/h2>\n<h3><strong>S\u00e5dan fremh\u00e6ver du et humanit\u00e6rt forl\u00f8b p\u00e5 dit CV<\/strong><\/h3>\n<p style=\"text-align: justify;\">Et <a href=\"https:\/\/www.vita-explorers.dk\/mission-humanitaire.html\" target=\"_blank\" rel=\"noopener\"><strong>humanit\u00e6rt forl\u00f8b<\/strong> <\/a>er et engagement, hvor du bidrager med praktisk, faglig eller menneskelig st\u00f8tte i en konkret sammenh\u00e6ng. Rammerne kan variere: st\u00f8tte i en flygtningelejr, byggeri af skolefaciliteter, sundhedsindsatser i mere afsides omr\u00e5der, udviklingsprojekter med fokus p\u00e5 b\u00e6redygtighed m.m.<\/p>\n<p style=\"text-align: justify;\">NGO\u2019er og sociale organisationer tilbyder l\u00f8bende forl\u00f8b af b\u00e5de kortere og l\u00e6ngere varighed \u2013 b\u00e5de internationalt og lokalt. Det humanit\u00e6re element handler typisk om at arbejde for en <strong>f\u00e6lles sag<\/strong>, hvor form\u00e5let r\u00e6kker ud over personlig gevinst.<\/p>\n<p style=\"text-align: justify;\">Set i et karriereperspektiv kan denne type erfaring hj\u00e6lpe dig med at:<\/p>\n<ul>\n<li style=\"text-align: justify;\">Vise <strong>ansvarlighed<\/strong>.<\/li>\n<li style=\"text-align: justify;\">Synligg\u00f8re dine <strong>menneskelige v\u00e6rdier<\/strong> og din evne til at arbejde under vilk\u00e5r, der kan v\u00e6re kr\u00e6vende.<\/li>\n<li style=\"text-align: justify;\">Dokumentere <strong>omstillingsevne<\/strong> i nye kulturer eller i situationer, hvor der skal handles hurtigt.<\/li>\n<\/ul>\n<p><img loading=\"lazy\" decoding=\"async\" class=\"aligncenter wp-image-15543 size-medium\" src=\"https:\/\/www.vita-explorers.dk\/blog\/wp-content\/uploads\/2023\/08\/mission-humanitaire-cambodge-1-300x200.jpg\" alt=\"Comment faire une mission humanitaire\" width=\"300\" height=\"200\" srcset=\"https:\/\/www.vita-explorers.dk\/blog\/wp-content\/uploads\/2023\/08\/mission-humanitaire-cambodge-1-300x200.jpg 300w, https:\/\/www.vita-explorers.dk\/blog\/wp-content\/uploads\/2023\/08\/mission-humanitaire-cambodge-1-1024x682.jpg 1024w, https:\/\/www.vita-explorers.dk\/blog\/wp-content\/uploads\/2023\/08\/mission-humanitaire-cambodge-1-768x512.jpg 768w, https:\/\/www.vita-explorers.dk\/blog\/wp-content\/uploads\/2023\/08\/mission-humanitaire-cambodge-1.jpg 1280w\" sizes=\"(max-width: 300px) 100vw, 300px\" \/><\/p>\n<h2 id=\"pourquoi-inclure\">3. Hvorfor tage et humanit\u00e6rt forl\u00f8b med p\u00e5 dit CV?<\/h2>\n<p style=\"text-align: justify;\">Du sp\u00f8rger m\u00e5ske dig selv, hvorfor det overhovedet er relevant at have dit humanit\u00e6re forl\u00f8b med p\u00e5 CV\u2019et. Her er argumenter, der ofte giver mening \u2013 ogs\u00e5 set med rekruttererens \u00f8jne:<\/p>\n<ol>\n<li style=\"text-align: justify;\"><strong>Differentiering<\/strong> : P\u00e5 et konkurrencepr\u00e6get arbejdsmarked skiller et internationalt frivilligforl\u00f8b sig ud fra et CV, der kun best\u00e5r af uddannelse og traditionelle jobs.<\/li>\n<li style=\"text-align: justify;\"><strong>Menneskelighed og empati<\/strong> : Mange arbejdsgivere v\u00e6rds\u00e6tter medarbejdere med <strong>social forst\u00e5else<\/strong> og evnen til at m\u00f8de mennesker respektfuldt.<\/li>\n<li style=\"text-align: justify;\"><strong>Samarbejde<\/strong> : I mange forl\u00f8b arbejder man t\u00e6t i mindre teams og p\u00e5 tv\u00e6rs af sprog og baggrunde. Du l\u00e6rer at <a href=\"https:\/\/www.vita-explorers.dk\/blog\/stresshaandtering-for-studerende-paa-praktik-i-udlandet\/\" target=\"_blank\" rel=\"noopener\">h\u00e5ndtere pres<\/a>, lytte og <strong>koordinere opgaver<\/strong> med mennesker, der t\u00e6nker forskelligt.<\/li>\n<li style=\"text-align: justify;\"><strong>Initiativ<\/strong> : P\u00e5 stedet skal man ofte tr\u00e6ffe hurtige valg, improvisere og finde l\u00f8sninger p\u00e5 uforudsete udfordringer \u2013 en kompetence, der ogs\u00e5 er relevant i virksomheder.<\/li>\n<li style=\"text-align: justify;\"><strong>Alsidighed<\/strong> : Du kan f\u00e5 flere kasketter p\u00e5 (logistik, kommunikation, administration m.m.), som styrker din <strong>fleksibilitet<\/strong>.<\/li>\n<li style=\"text-align: justify;\"><strong>Kulturel omstillingsevne<\/strong> : N\u00e5r du arbejder i en anden kultur, udvikler du et mere nuanceret perspektiv og en bedre evne til at navigere i forskellige arbejdsmilj\u00f8er.<\/li>\n<\/ol>\n<p style=\"text-align: justify;\">Hvis dit forl\u00f8b passer direkte til den branche, du s\u00f8ger ind i (fx en NGO eller roller med fokus p\u00e5 <a href=\"https:\/\/www.vita-explorers.dk\/blog\/virksomheders-samfundsansvar-frivilligt-arbejde-for-medarbejdere\/\" target=\"_blank\" rel=\"noopener\">CSR\/ESG<\/a>), vil erfaringen typisk veje endnu tungere.<\/p>\n<p><img loading=\"lazy\" decoding=\"async\" class=\"aligncenter wp-image-15558 size-medium\" src=\"https:\/\/www.vita-explorers.dk\/blog\/wp-content\/uploads\/2023\/08\/mission-humanitaire-namibie-300x180.jpeg\" alt=\"\u00c9tudiant v\u00e9t\u00e9rinaire travaillant avec des animaux lors d'un stage \u00e0 l'\u00e9tranger.\" width=\"300\" height=\"180\" srcset=\"https:\/\/www.vita-explorers.dk\/blog\/wp-content\/uploads\/2023\/08\/mission-humanitaire-namibie-300x180.jpeg 300w, https:\/\/www.vita-explorers.dk\/blog\/wp-content\/uploads\/2023\/08\/mission-humanitaire-namibie.jpeg 750w\" sizes=\"(max-width: 300px) 100vw, 300px\" \/><\/p>\n<h2 id=\"competences-cles\">4. Centrale kompetencer du kan f\u00e5 gennem et humanit\u00e6rt forl\u00f8b<\/h2>\n<p style=\"text-align: justify;\">Humanit\u00e6re forl\u00f8b kan v\u00e6re et st\u00e6rkt l\u00e6ringsrum for <strong>mange forskellige kompetencer<\/strong>. Det handler ikke kun om at have \u201cet godt hjerte\u201d \u2013 du opbygger ogs\u00e5 konkrete f\u00e6rdigheder, der kan bruges i mange jobs.<\/p>\n<h3 id=\"soft-skills\"><strong>S\u00e5dan fremh\u00e6ver du et humanit\u00e6rt forl\u00f8b p\u00e5 dit CV<\/strong><\/h3>\n<div class=\"ti-widget ti-goog\" data-layout-id=\"4\" data-set-id=\"light-background\" data-pid=\"\" data-language=\"fr\" data-version=\"2\" data-review-target-width=\"300\" data-review-text-mode=\"readmore\" data-pager-autoplay-timeout=\"6\" > <div class=\"ti-widget-container ti-col-3\"> <div class=\"ti-reviews-container\"> <div class=\"ti-controls\"> <div class=\"ti-next\" aria-label=\"Avis suivante\" role=\"button\"><\/div> <div class=\"ti-prev\" aria-label=\"Avis pr\u00e9c\u00e9dent\" role=\"button\"><\/div> <\/div> <div class=\"ti-reviews-container-wrapper\">  <div data-empty=\"0\" class=\"ti-review-item source-Google ti-image-layout-thumbnail\" data-id=\"cfcd208495d565ef66e7dff9f98764da\" > <div class=\"ti-inner\"> <div class=\"ti-review-header\"> <div class=\"ti-profile-img\"> <img decoding=\"async\" src=\"https:\/\/lh3.googleusercontent.com\/a\/ACg8ocKpaoKe37CD0_POxO97KqB60GsWQRsIuG2vmCfXT-W_FY44vw=s120-c-rp-mo-br100\" srcset=\"https:\/\/lh3.googleusercontent.com\/a\/ACg8ocKpaoKe37CD0_POxO97KqB60GsWQRsIuG2vmCfXT-W_FY44vw=s120-c-rp-mo-br100 2x\" alt=\"Lucie Correia\" loading=\"lazy\" \/> <\/div> <div class=\"ti-profile-details\"> <div class=\"ti-name\"> Lucie Correia <\/div> <div class=\"ti-date\">2024-10-17<\/div> <\/div> <\/div> <span class=\"ti-stars\"><span class=\"ti-star f\"><\/span><span class=\"ti-star f\"><\/span><span class=\"ti-star f\"><\/span><span class=\"ti-star f\"><\/span><span class=\"ti-star f\"><\/span><\/span> <div class=\"ti-review-text-container ti-review-content\"><!-- R-CONTENT -->La communication avec Globalong est super, personnes tr\u00e8s pr\u00e9sentes pour les b\u00e9n\u00e9voles et \u00e9tudiants partant avec cette association. Elles r\u00e9pondent \u00e0 toutes nos questions et sont tr\u00e8s accessibles au t\u00e9l\u00e9phone.<!-- R-CONTENT --><\/div> <span class=\"ti-read-more\" data-container=\".ti-review-content\" data-collapse-text=\"Cacher\" data-open-text=\"Lire la suite\" ><\/span> <\/div> <\/div>  <div data-empty=\"0\" class=\"ti-review-item source-Google ti-image-layout-thumbnail\" data-id=\"cfcd208495d565ef66e7dff9f98764da\" > <div class=\"ti-inner\"> <div class=\"ti-review-header\"> <div class=\"ti-profile-img\"> <img decoding=\"async\" src=\"https:\/\/lh3.googleusercontent.com\/a-\/ALV-UjWqnnzM7-7c9BDqeTDF-a7pOgNjvLkJ3WshRd_Tn7z0Eu-AGQwo=s120-c-rp-mo-br100\" srcset=\"https:\/\/lh3.googleusercontent.com\/a-\/ALV-UjWqnnzM7-7c9BDqeTDF-a7pOgNjvLkJ3WshRd_Tn7z0Eu-AGQwo=s120-c-rp-mo-br100 2x\" alt=\"Ra\u00efssa Frisch\" loading=\"lazy\" \/> <\/div> <div class=\"ti-profile-details\"> <div class=\"ti-name\"> Ra\u00efssa Frisch <\/div> <div class=\"ti-date\">2024-10-14<\/div> <\/div> <\/div> <span class=\"ti-stars\"><span class=\"ti-star f\"><\/span><span class=\"ti-star f\"><\/span><span class=\"ti-star f\"><\/span><span class=\"ti-star f\"><\/span><span class=\"ti-star f\"><\/span><\/span> <div class=\"ti-review-text-container ti-review-content\"><!-- R-CONTENT -->J\u2019ai d\u00e9j\u00e0 eu l\u2019opportunit\u00e9 de r\u00e9aliser deux projets humanitaires avec l\u2019association Globalong. Je ne peux que la recommander, car j\u2019ai toujours b\u00e9n\u00e9fici\u00e9 d\u2019un excellent accompagnement, aussi bien avant que pendant le voyage. On ne vous laisse pas vous d\u00e9brouiller seuls, bien au contraire, vous \u00eates tr\u00e8s bien encadr\u00e9s pour accomplir toutes les d\u00e9marches dans les d\u00e9lais.\n\nAu-del\u00e0 du suivi, les exp\u00e9riences humanitaires propos\u00e9es par Globalong ne peuvent que transformer votre vie de mani\u00e8re positive. Elles vous apportent une richesse humaine inestimable.<!-- R-CONTENT --><\/div> <span class=\"ti-read-more\" data-container=\".ti-review-content\" data-collapse-text=\"Cacher\" data-open-text=\"Lire la suite\" ><\/span> <\/div> <\/div>  <div data-empty=\"0\" class=\"ti-review-item source-Google ti-image-layout-thumbnail\" data-id=\"cfcd208495d565ef66e7dff9f98764da\" > <div class=\"ti-inner\"> <div class=\"ti-review-header\"> <div class=\"ti-profile-img\"> <img decoding=\"async\" src=\"https:\/\/lh3.googleusercontent.com\/a\/ACg8ocJL-Dxv25YkXK2QwWPNRxTVqZCv5uTmDQDFg5qslKra3vRZew=s120-c-rp-mo-br100\" srcset=\"https:\/\/lh3.googleusercontent.com\/a\/ACg8ocJL-Dxv25YkXK2QwWPNRxTVqZCv5uTmDQDFg5qslKra3vRZew=s120-c-rp-mo-br100 2x\" alt=\"Tara Turan\" loading=\"lazy\" \/> <\/div> <div class=\"ti-profile-details\"> <div class=\"ti-name\"> Tara Turan <\/div> <div class=\"ti-date\">2024-10-14<\/div> <\/div> <\/div> <span class=\"ti-stars\"><span class=\"ti-star f\"><\/span><span class=\"ti-star f\"><\/span><span class=\"ti-star f\"><\/span><span class=\"ti-star f\"><\/span><span class=\"ti-star f\"><\/span><\/span> <div class=\"ti-review-text-container ti-review-content\"><!-- R-CONTENT -->Une des meilleures associations que j\u2019ai pu faire !\nUne organisation et un suivi vraiment parfait, c\u2019est avec grand plaisir que je referai un projet avec eux.<!-- R-CONTENT --><\/div> <span class=\"ti-read-more\" data-container=\".ti-review-content\" data-collapse-text=\"Cacher\" data-open-text=\"Lire la suite\" ><\/span> <\/div> <\/div>  <div data-empty=\"0\" class=\"ti-review-item source-Google ti-image-layout-thumbnail\" data-id=\"cfcd208495d565ef66e7dff9f98764da\" > <div class=\"ti-inner\"> <div class=\"ti-review-header\"> <div class=\"ti-profile-img\"> <img decoding=\"async\" src=\"https:\/\/lh3.googleusercontent.com\/a\/ACg8ocLctTPNovSk3eKM0b_MIPOfcFEQsz2135Cdu59_BWRVsIYC7Q=s120-c-rp-mo-br100\" srcset=\"https:\/\/lh3.googleusercontent.com\/a\/ACg8ocLctTPNovSk3eKM0b_MIPOfcFEQsz2135Cdu59_BWRVsIYC7Q=s120-c-rp-mo-br100 2x\" alt=\"Repiquet Julie\" loading=\"lazy\" \/> <\/div> <div class=\"ti-profile-details\"> <div class=\"ti-name\"> Repiquet Julie <\/div> <div class=\"ti-date\">2024-10-13<\/div> <\/div> <\/div> <span class=\"ti-stars\"><span class=\"ti-star f\"><\/span><span class=\"ti-star f\"><\/span><span class=\"ti-star f\"><\/span><span class=\"ti-star f\"><\/span><span class=\"ti-star f\"><\/span><\/span> <div class=\"ti-review-text-container ti-review-content\"><!-- R-CONTENT -->Tr\u00e8s bon accompagnement de la part de Globalong, du premier jour avec toutes mes interrogations, jusqu'au d\u00e9part dans quelques jours. Le dossier transmis apr\u00e8s validation de la mission est plus que complet, les webmaster tr\u00e8s int\u00e9ressantes et permettent de d\u00e9charger mentalement ce genre de pr\u00e9paration, tout est pr\u00e9vu il n'y a plus qu'\u00e0 suivre ! Merci \u00e0 Florence de r\u00e9pondre \u00e0 toutes mes questions avec gentillesse et bienveillance, cela m'a permis de passer le cap!\nMaintenant, il n'y a plus qu'\u00e0 \ud83d\ude00<!-- R-CONTENT --><\/div> <span class=\"ti-read-more\" data-container=\".ti-review-content\" data-collapse-text=\"Cacher\" data-open-text=\"Lire la suite\" ><\/span> <\/div> <\/div>  <div data-empty=\"0\" class=\"ti-review-item source-Google ti-image-layout-thumbnail\" data-id=\"cfcd208495d565ef66e7dff9f98764da\" > <div class=\"ti-inner\"> <div class=\"ti-review-header\"> <div class=\"ti-profile-img\"> <img decoding=\"async\" src=\"https:\/\/lh3.googleusercontent.com\/a\/ACg8ocJJTdmTWs8nAA0yuH_cKOUgzc6GFAkHBiXhpnnVYXaWMBZsHw=s120-c-rp-mo-br100\" srcset=\"https:\/\/lh3.googleusercontent.com\/a\/ACg8ocJJTdmTWs8nAA0yuH_cKOUgzc6GFAkHBiXhpnnVYXaWMBZsHw=s120-c-rp-mo-br100 2x\" alt=\"Marine Guilhamat\" loading=\"lazy\" \/> <\/div> <div class=\"ti-profile-details\"> <div class=\"ti-name\"> Marine Guilhamat <\/div> <div class=\"ti-date\">2024-10-09<\/div> <\/div> <\/div> <span class=\"ti-stars\"><span class=\"ti-star f\"><\/span><span class=\"ti-star f\"><\/span><span class=\"ti-star f\"><\/span><span class=\"ti-star f\"><\/span><span class=\"ti-star f\"><\/span><\/span> <div class=\"ti-review-text-container ti-review-content\"><!-- R-CONTENT -->Tr\u00e8s belle association qui offre un cadre super s\u00e9curisant et permet de s\u2019investir dans des projets qui ont du sens. Merci \u00e0 l\u2019\u00e9quipe Globalong pour votre disponibilit\u00e9, gentillesse et accompagnement !<!-- R-CONTENT --><\/div> <span class=\"ti-read-more\" data-container=\".ti-review-content\" data-collapse-text=\"Cacher\" data-open-text=\"Lire la suite\" ><\/span> <\/div> <\/div>  <div data-empty=\"0\" class=\"ti-review-item source-Google ti-image-layout-thumbnail\" data-id=\"cfcd208495d565ef66e7dff9f98764da\" > <div class=\"ti-inner\"> <div class=\"ti-review-header\"> <div class=\"ti-profile-img\"> <img decoding=\"async\" src=\"https:\/\/lh3.googleusercontent.com\/a\/ACg8ocIgITHXKo46qgJyPqlJeAcxz11gCKUJpGIk2qauiIe2O3iZ6w=s120-c-rp-mo-br100\" srcset=\"https:\/\/lh3.googleusercontent.com\/a\/ACg8ocIgITHXKo46qgJyPqlJeAcxz11gCKUJpGIk2qauiIe2O3iZ6w=s120-c-rp-mo-br100 2x\" alt=\"Laura Mercier\" loading=\"lazy\" \/> <\/div> <div class=\"ti-profile-details\"> <div class=\"ti-name\"> Laura Mercier <\/div> <div class=\"ti-date\">2024-10-08<\/div> <\/div> <\/div> <span class=\"ti-stars\"><span class=\"ti-star f\"><\/span><span class=\"ti-star f\"><\/span><span class=\"ti-star f\"><\/span><span class=\"ti-star f\"><\/span><span class=\"ti-star f\"><\/span><\/span> <div class=\"ti-review-text-container ti-review-content\"><!-- R-CONTENT -->Mon d\u00e9part approche, je pars dans une semaine, et depuis le d\u00e9but de mon inscription je suis tr\u00e8s satisfaite du suivi effectu\u00e9 par l\u2019association. Ils sont tr\u00e8s disponibles et r\u00e9pondent rapidement \u00e0 l\u2019ensemble des questions. Je suis tr\u00e8s contente de partir faire cette mission humanitaire encadr\u00e9e par cette association. Je recommande vraiment.<!-- R-CONTENT --><\/div> <span class=\"ti-read-more\" data-container=\".ti-review-content\" data-collapse-text=\"Cacher\" data-open-text=\"Lire la suite\" ><\/span> <\/div> <\/div>  <div data-empty=\"0\" class=\"ti-review-item source-Google ti-image-layout-thumbnail\" data-id=\"cfcd208495d565ef66e7dff9f98764da\" > <div class=\"ti-inner\"> <div class=\"ti-review-header\"> <div class=\"ti-profile-img\"> <img decoding=\"async\" src=\"https:\/\/lh3.googleusercontent.com\/a-\/ALV-UjVVr0YMQhXl8QNEEB32l-rnoaYwvRZUjIEX9OEwPE_1fQwzIyk=s120-c-rp-mo-br100\" srcset=\"https:\/\/lh3.googleusercontent.com\/a-\/ALV-UjVVr0YMQhXl8QNEEB32l-rnoaYwvRZUjIEX9OEwPE_1fQwzIyk=s120-c-rp-mo-br100 2x\" alt=\"Anouk Rzkt\" loading=\"lazy\" \/> <\/div> <div class=\"ti-profile-details\"> <div class=\"ti-name\"> Anouk Rzkt <\/div> <div class=\"ti-date\">2024-10-02<\/div> <\/div> <\/div> <span class=\"ti-stars\"><span class=\"ti-star f\"><\/span><span class=\"ti-star f\"><\/span><span class=\"ti-star f\"><\/span><span class=\"ti-star f\"><\/span><span class=\"ti-star f\"><\/span><\/span> <div class=\"ti-review-text-container ti-review-content\"><!-- R-CONTENT -->Globalong est l'association parfaite. L'\u00e9quipe offre un v\u00e9ritable accompagnement rythm\u00e9 par beaucoup de conseils et d'\u00e9coute. Le site est tr\u00e8s bien fait avec des dossiers complets allant des sujets tr\u00e8s pratiques a d'autres plus th\u00e9oriques (tels que le choc culturel par exemple). Je recommande vivement et remercie sinc\u00e8rement toute l'\u00e9quipe pour leur gentillesse et investissement !<!-- R-CONTENT --><\/div> <span class=\"ti-read-more\" data-container=\".ti-review-content\" data-collapse-text=\"Cacher\" data-open-text=\"Lire la suite\" ><\/span> <\/div> <\/div>  <\/div> <div class=\"ti-controls-line\"> <div class=\"dot\"><\/div> <\/div> <\/div> <div class=\"ti-footer\"> <div class=\"ti-rating-text\"> <span class=\"nowrap\">\u00c9valuation <strong>Google<\/strong> : <\/span><span class=\"nowrap\"><strong>4.8<\/strong> sur 5, <\/span><span class=\"nowrap\">Bas\u00e9e sur <strong>240 avis<\/strong><\/span> <\/div> <\/div>  <\/div> <\/div> \n<h3><strong>4.1. Soft skills og samarbejdskompetencer<\/strong><\/h3>\n<ul>\n<li style=\"text-align: justify;\"><strong>Kommunikation<\/strong> : At kunne tale med mennesker p\u00e5 tv\u00e6rs af kultur, sprog og alder. At lytte og formidle kort og respektfuldt.<\/li>\n<li style=\"text-align: justify;\"><strong>Empati<\/strong> : At forst\u00e5 behov og perspektiver og samarbejde ordentligt i teamet.<\/li>\n<li style=\"text-align: justify;\"><strong>Teamwork<\/strong> : Ofte arbejder man under forhold, hvor samarbejde og rollefordeling bliver ekstra vigtigt.<\/li>\n<li style=\"text-align: justify;\"><strong>Lederskab<\/strong> : Ogs\u00e5 uden en formel lederrolle kan du f\u00e5 ansvar, tage initiativ og st\u00f8tte andre i arbejdet.<\/li>\n<\/ul>\n<p>\u00a0<\/p>\n<h3 id=\"competences-techniques\"><strong>4.2. Faglige og organisatoriske kompetencer<\/strong><\/h3>\n<ul>\n<li style=\"text-align: justify;\"><strong>Projektstyring<\/strong> : Mange forl\u00f8b rummer planl\u00e6gning, koordinering og opf\u00f8lgning p\u00e5 indsatser (byggeri, oplysning, uddeling af udstyr m.m.).<\/li>\n<li style=\"text-align: justify;\"><strong>Logistik<\/strong> : Indk\u00f8b, lagerstyring, transport og planl\u00e6gning fylder ofte meget i praksis.<\/li>\n<li style=\"text-align: justify;\"><strong>Forhandling og partnerskaber<\/strong> : NGO\u2019er arbejder ofte i dialog med myndigheder og samarbejdspartnere. Som deltager kan du blive involveret i dele af dette og f\u00e5 erfaring med professionel kommunikation og afstemning af forventninger.<\/li>\n<li style=\"text-align: justify;\"><strong>Planl\u00e6gning<\/strong> : At forudse risici, have en plan B og C og f\u00e5 begr\u00e6nsede ressourcer til at r\u00e6kke l\u00e6ngere \u2013 det sk\u00e6rper din struktur og din kreativitet.<\/li>\n<\/ul>\n<p>\u00a0<\/p>\n<h3 id=\"ouverture-interculturelle\"><strong>4.3. Personlig udvikling og interkulturel forst\u00e5else<\/strong><\/h3>\n<p style=\"text-align: justify;\">Et humanit\u00e6rt forl\u00f8b \u2013 is\u00e6r i udlandet \u2013 giver ofte en s\u00e6rlig mulighed for at f\u00e5 perspektiv og styrke din interkulturelle forst\u00e5else. Du l\u00e6rer fx:<\/p>\n<ul>\n<li style=\"text-align: justify;\">At <strong>h\u00e5ndtere <a href=\"https:\/\/www.vita-explorers.dk\/blog\/kulturchok-det-er-helt-normalt\/\" target=\"_blank\" rel=\"noopener\">kulturchok<\/a><\/strong> (at finde sig til rette i nye vaner og rammer).<\/li>\n<li style=\"text-align: justify;\">At arbejde med <strong>f\u00f8lelser<\/strong> i situationer, der kan v\u00e6re komplekse (fattigdom, naturkatastrofer, sundhedskriser m.m.).<\/li>\n<li style=\"text-align: justify;\">At udvikle <strong>tolerance<\/strong> og <strong>\u00e5benhed<\/strong>, hvilket g\u00f8r samarbejde p\u00e5 tv\u00e6rs af baggrunde lettere.<\/li>\n<\/ul>\n<p style=\"text-align: justify;\">Det er kompetencer, der ofte er relevante i job med t\u00e6t kundekontakt (salg, service, hospitality) eller i milj\u00f8er med internationale teams (globale virksomheder, organisationer m.m.).<\/p>\n<p><img loading=\"lazy\" decoding=\"async\" class=\"aligncenter wp-image-15947 size-medium\" src=\"https:\/\/www.vita-explorers.dk\/blog\/wp-content\/uploads\/2024\/01\/Nos-conseils-pour-ameliorer-rapidement-votre-niveau-de-langue-avant-votre-depart-en-mission-humanitaire-300x300.png\" alt=\"Association humanitaire\" width=\"300\" height=\"300\" srcset=\"https:\/\/www.vita-explorers.dk\/blog\/wp-content\/uploads\/2024\/01\/Nos-conseils-pour-ameliorer-rapidement-votre-niveau-de-langue-avant-votre-depart-en-mission-humanitaire-300x300.png 300w, https:\/\/www.vita-explorers.dk\/blog\/wp-content\/uploads\/2024\/01\/Nos-conseils-pour-ameliorer-rapidement-votre-niveau-de-langue-avant-votre-depart-en-mission-humanitaire-1024x1024.png 1024w, https:\/\/www.vita-explorers.dk\/blog\/wp-content\/uploads\/2024\/01\/Nos-conseils-pour-ameliorer-rapidement-votre-niveau-de-langue-avant-votre-depart-en-mission-humanitaire-150x150.png 150w, https:\/\/www.vita-explorers.dk\/blog\/wp-content\/uploads\/2024\/01\/Nos-conseils-pour-ameliorer-rapidement-votre-niveau-de-langue-avant-votre-depart-en-mission-humanitaire-768x767.png 768w, https:\/\/www.vita-explorers.dk\/blog\/wp-content\/uploads\/2024\/01\/Nos-conseils-pour-ameliorer-rapidement-votre-niveau-de-langue-avant-votre-depart-en-mission-humanitaire.png 1446w\" sizes=\"(max-width: 300px) 100vw, 300px\" \/><\/p>\n<h2 id=\"presentation-cv\">5. S\u00e5dan pr\u00e6senterer du erfaringen p\u00e5 dit CV<\/h2>\n<p style=\"text-align: justify;\">Nu hvor du har overblik over, hvad et humanit\u00e6rt forl\u00f8b kan give, er n\u00f8glesp\u00f8rgsm\u00e5let: <strong>hvordan g\u00f8r du det tydeligt<\/strong> p\u00e5 et CV \u2013 kort, konkret og relevant?<\/p>\n<p>\u00a0<\/p>\n<h3 id=\"rubrique-experiences\"><strong>5.1. Under \u201cErhvervserfaring\u201d eller \u201cFrivilligt arbejde\u201d<\/strong><\/h3>\n<p style=\"text-align: justify;\">Afh\u00e6ngigt af varighed og ansvar kan du:<\/p>\n<ul>\n<li style=\"text-align: justify;\"><em>L\u00e6gge det under erhvervserfaring<\/em> : Hvis forl\u00f8bet varede flere m\u00e5neder, og din rolle mindede om en stilling med ansvar (koordinering, planl\u00e6gning m.m.), kan det v\u00e6re naturligt at placere det sammen med \u00f8vrige erfaringer.<\/li>\n<li style=\"text-align: justify;\"><em>Oprette en s\u00e6rskilt sektion \u201cFrivilligt arbejde &#038; engagement\u201d<\/em> : Det g\u00f8r det let at samle flere frivillige erfaringer uden at blande dem med l\u00f8nnede stillinger.<\/li>\n<\/ul>\n<p style=\"text-align: justify;\">Valget afh\u00e6nger af din samlede profil. Hvis du er nyuddannet, og dit humanit\u00e6re ophold er din st\u00f8rste praktiske erfaring, er det helt legitimt at give det en tydelig placering under \u201cErfaring\u201d.<\/p>\n<p>\u00a0<\/p>\n<h3 id=\"format-structure\"><strong>5.2. Format: hvordan strukturerer du informationen?<\/strong><\/h3>\n<p style=\"text-align: justify;\">Som ved enhver anden erfaring p\u00e5 et CV b\u00f8r du inkludere:<\/p>\n<ol>\n<li><strong>Datoer<\/strong> : forl\u00f8bets varighed (fx juni 2022 \u2013 september 2022).<\/li>\n<li><strong>Rolle\/titel<\/strong> : fx \u201cFrivillig logistikkoordinator\u201d eller \u201cFrivillig lektiehj\u00e6lper\u201d.<\/li>\n<li><strong>Organisation<\/strong> : fx \u201cL\u00e6ger uden Gr\u00e6nser\u201d, \u201cR\u00f8de Kors\u201d m.m.<\/li>\n<li><strong>Sted<\/strong> : land eller region, hvis det giver v\u00e6rdi og relevans.<\/li>\n<li><strong>Opgaver og resultater<\/strong> : 2\u20135 bullets med dine vigtigste ansvarsomr\u00e5der og konkrete bidrag.<\/li>\n<\/ol>\n<p style=\"text-align: justify;\">Hvis du har data, kan du ogs\u00e5 n\u00e6vne m\u00e5lbare resultater (antal deltagere, m\u00e6ngde udstyr, budgetansvar m.m.). Rekrutterere s\u00e6tter pris p\u00e5 konkrete oplysninger, der g\u00f8r erfaringen mere tydelig.<\/p>\n<h3 id=\"adapter-cv\"><strong>5.3. Tilpas dit CV til den virksomhed, du s\u00f8ger hos<\/strong><\/h3>\n<p><strong>N\u00f8glen til et godt CV er at tilpasse det til rekruttererens behov.<\/strong><\/p>\n<ul>\n<li style=\"text-align: justify;\">S\u00f8ger du hos en virksomhed med st\u00e6rkt fokus p\u00e5 CSR\/ESG, kan du fremh\u00e6ve den etiske og samfundsm\u00e6ssige dimension af dit forl\u00f8b.<\/li>\n<li style=\"text-align: justify;\">S\u00f8ger du en rolle som projektleder eller projektmedarbejder, s\u00e5 l\u00e6g v\u00e6gt p\u00e5 projektstyring, planl\u00e6gning og koordinering.<\/li>\n<li style=\"text-align: justify;\">S\u00f8ger du i konsulentbranchen, kan du fremh\u00e6ve behovsafd\u00e6kning, probleml\u00f8sning, arbejde under pres og samarbejde.<\/li>\n<\/ul>\n<p style=\"text-align: justify;\">M\u00e5let er at vise, at din erfaring <strong>ikke kun er en oplevelse<\/strong>, men et <strong>s\u00e6t kompetencer og resultater<\/strong>, der passer til den rolle, du s\u00f8ger.<\/p>\n<h2 id=\"elements-langage\">6. Sprog og formuleringer, der virker<\/h2>\n<p><img loading=\"lazy\" decoding=\"async\" class=\"aligncenter wp-image-11176 size-medium\" src=\"https:\/\/www.vita-explorers.dk\/blog\/wp-content\/uploads\/2018\/09\/DSC06861-min-300x225.jpg\" alt=\"Comment valoriser une mission humanitaire sur son CV ?\" width=\"300\" height=\"225\" srcset=\"https:\/\/www.vita-explorers.dk\/blog\/wp-content\/uploads\/2018\/09\/DSC06861-min-300x225.jpg 300w, https:\/\/www.vita-explorers.dk\/blog\/wp-content\/uploads\/2018\/09\/DSC06861-min-768x576.jpg 768w, https:\/\/www.vita-explorers.dk\/blog\/wp-content\/uploads\/2018\/09\/DSC06861-min-1024x768.jpg 1024w, https:\/\/www.vita-explorers.dk\/blog\/wp-content\/uploads\/2018\/09\/DSC06861-min-150x113.jpg 150w\" sizes=\"(max-width: 300px) 100vw, 300px\" \/><\/p>\n<h3 id=\"verbes-action\"><strong>6.1. Gode handlingsverber<\/strong><\/h3>\n<p style=\"text-align: justify;\">Vil du give dit CV mere gennemslagskraft, s\u00e5 brug tydelige <strong>handlingsverber<\/strong>, fx:<\/p>\n<ul>\n<li>\u00ab\u202f<strong>Koordinere<\/strong> et team p\u00e5 X personer\u2026\u202f\u00bb<\/li>\n<li>\u00ab\u202f<strong>Planl\u00e6gge<\/strong> uddeling af\u2026\u202f\u00bb<\/li>\n<li>\u00ab\u202f<strong>Administrere<\/strong> et budget p\u00e5\u2026\u202f\u00bb<\/li>\n<li>\u00ab\u202f<strong>Gennemf\u00f8re<\/strong> en oplysningskampagne\u2026\u202f\u00bb<\/li>\n<li>\u00ab\u202f<strong>Implementere<\/strong> en handlingsplan for\u2026\u202f\u00bb<\/li>\n<li>\u00ab\u202f<strong>Tr\u00e6ne<\/strong> lokale frivillige\u2026\u202f\u00bb<\/li>\n<li>\u00ab\u202f<strong>Drive<\/strong> projekter\u2026\u202f\u00bb<\/li>\n<\/ul>\n<p style=\"text-align: justify;\">Den type formuleringer viser rekruttereren, at du har bidraget aktivt \u2013 og ikke kun fulgt instruktioner.<\/p>\n<p>\u00a0<\/p>\n<h3 id=\"mots-cles-specifiques\"><strong>6.2. N\u00f8gleord og relevant fagvokabular<\/strong><\/h3>\n<p style=\"text-align: justify;\">For at g\u00f8re dit CV lettere at finde og forst\u00e5 \u2013 is\u00e6r p\u00e5 digitale platforme \u2013 kan du bruge relevante n\u00f8gleord, n\u00e5r de passer til din erfaring:<\/p>\n<ul>\n<li>\u00ab\u202fNGO\u202f\u00bb<\/li>\n<li>\u00ab\u202fHumanit\u00e6rt arbejde\u202f\u00bb<\/li>\n<li>\u00ab\u202fFrivilligt arbejde\u202f\u00bb<\/li>\n<li>\u00ab\u202fUdviklingsprojekt\u202f\u00bb<\/li>\n<li>\u00ab\u202fFeltarbejde\u202f\u00bb<\/li>\n<li>\u00ab\u202fAkut indsats\u202f\u00bb<\/li>\n<li>\u00ab\u202fFolkesundhed\u202f\u00bb<\/li>\n<li>\u00ab\u202fSocial indsats\u202f\u00bb<\/li>\n<li>\u00ab\u202fB\u00e6redygtig udvikling\u202f\u00bb<\/li>\n<\/ul>\n<p style=\"text-align: justify;\">Vigtigst: v\u00e6r <strong>autentisk<\/strong>. Brug kun de ord, der faktisk afspejler det, du har lavet.<\/p>\n<p>\u00a0<\/p>\n<h2 id=\"exemples-concrets\"><strong>7. Konkrete eksempler p\u00e5 formuleringer<\/strong><\/h2>\n<p style=\"text-align: justify;\">For at g\u00f8re det mere h\u00e5ndgribeligt, f\u00e5r du her eksempler p\u00e5, hvordan du kan <strong>fremh\u00e6ve et humanit\u00e6rt forl\u00f8b p\u00e5 et CV<\/strong> i forskellige typer roller.<\/p>\n<p>\u00a0<\/p>\n<h3 id=\"exemple1\"><strong>7.1. Eksempel 1: forl\u00f8b med fokus p\u00e5 uddannelse<\/strong><\/h3>\n<ul>\n<li><strong>Titel<\/strong> : Frivillig lektiehj\u00e6lper<\/li>\n<li><strong>NGO \/ Organisation<\/strong> : Foreningen Uddannelse for Alle<\/li>\n<li><strong>Sted<\/strong> : Dakar, Senegal<\/li>\n<li><strong>Opgaver<\/strong> :\n<ul>\n<li>\u00ab\u202fPlanl\u00e6gge og gennemf\u00f8re l\u00e6se- og skriveforl\u00f8b for 30 b\u00f8rn i alderen 6\u201310 \u00e5r.\u202f\u00bb<\/li>\n<li>\u00ab\u202fIntroducere 5 lokale frivillige til enkle, alderssvarende undervisningsmetoder.\u202f\u00bb<\/li>\n<li>\u00ab\u202fKoordinere uddeling af skolekits til 100 elever.\u202f\u00bb<\/li>\n<\/ul>\n<\/li>\n<\/ul>\n<p style=\"text-align: justify;\"><em>Udviklede kompetencer<\/em> : p\u00e6dagogisk forst\u00e5else, omstillingsevne, projektarbejde, interkulturel kommunikation.<\/p>\n<p>\u00a0<\/p>\n<h3 id=\"exemple2\"><strong>7.2. Eksempel 2: forl\u00f8b inden for sundhed<\/strong><\/h3>\n<ul>\n<li><strong>Titel<\/strong> : Logistikassistent p\u00e5 et sundhedscenter<\/li>\n<li><strong>NGO \/ Organisation<\/strong> : Fransk R\u00f8de Kors<\/li>\n<li><strong>Sted<\/strong> : Manila, Filippinerne<\/li>\n<li><strong>Opgaver<\/strong> :\n<ul>\n<li>\u00ab\u202fVaretage forsyning af medicinsk udstyr (masker, handsker, medicin) til en klinik med 50 senge.\u202f\u00bb<\/li>\n<li>\u00ab\u202fPlanl\u00e6gge transport og levering af forsyninger til 3 afsides landomr\u00e5der.\u202f\u00bb<\/li>\n<li>\u00ab\u202fSamarbejde med lokale myndigheder om at forbedre adgangen til sundhedsydelser for s\u00e5rbare grupper.\u202f\u00bb<\/li>\n<\/ul>\n<\/li>\n<\/ul>\n<p style=\"text-align: justify;\"><em>Udviklede kompetencer<\/em> : logistik, forhandling, strategisk planl\u00e6gning, evne til at arbejde under pres.<\/p>\n<p>\u00a0<\/p>\n<h3 id=\"exemple3\" style=\"text-align: justify;\">7.3. Eksempel 3: akut indsats (logistik)<\/h3>\n<ul>\n<li><strong>Titel<\/strong> : Akutkoordinator<\/li>\n<li><strong>NGO \/ Organisation<\/strong> : L\u00e6ger uden Gr\u00e6nser<\/li>\n<li><strong>Sted<\/strong> : Haiti, efter en naturkatastrofe<\/li>\n<li><strong>Opgaver<\/strong> :\n<ul>\n<li>\u00ab\u202fKoordinere et team p\u00e5 10 frivillige i forbindelse med etablering af midlertidige lejre.\u202f\u00bb<\/li>\n<li>\u00ab\u202fAdministrere et akutbudget p\u00e5 20.000 \u20ac.\u202f\u00bb<\/li>\n<li>\u00ab\u202fEtablere et system for uddeling af drikkevand til 200 familier.\u202f\u00bb<\/li>\n<\/ul>\n<\/li>\n<\/ul>\n<p style=\"text-align: justify;\"><em>Udviklede kompetencer<\/em> : lederskab, kriseh\u00e5ndtering, robusthed under pres, prioritering, dialog med lokale myndigheder.<\/p>\n<p>\u00a0<\/p>\n<h2 id=\"entretien-embauche\">8. S\u00e5dan taler du om dit forl\u00f8b til en jobsamtale<\/h2>\n<p style=\"text-align: justify;\">N\u00e5r dit CV har fanget rekruttererens interesse, f\u00e5r du ofte mulighed for at uddybe erfaringen til en <strong>jobsamtale<\/strong>. Her er nogle r\u00e5d til at fort\u00e6lle om forl\u00f8bet p\u00e5 en m\u00e5de, der virker professionel og relevant.<\/p>\n<p>\u00a0<\/p>\n<h3 id=\"anticiper-questions\"><strong>8.1. Forudse rekrutterens sp\u00f8rgsm\u00e5l<\/strong><\/h3>\n<p style=\"text-align: justify;\">Rekrutterere vil typisk gerne forst\u00e5:<\/p>\n<ul>\n<li><strong>Hvorfor<\/strong> du valgte at tage afsted.<\/li>\n<li><strong>Hvad du fik ud af det<\/strong> \u2013 kompetencem\u00e6ssigt og personligt.<\/li>\n<li><strong>Hvordan<\/strong> du vil bruge erfaringen i den rolle, du s\u00f8ger.<\/li>\n<\/ul>\n<p style=\"text-align: justify;\">De kan ogs\u00e5 v\u00e6re nysgerrige p\u00e5, hvordan du h\u00e5ndterer at vende hjem igen, og hvordan du trives i milj\u00f8er med mange kulturer.<\/p>\n<p>\u00a0<\/p>\n<h3 id=\"resolution-problemes\"><strong>8.2. Fremh\u00e6v probleml\u00f8sning<\/strong><\/h3>\n<p style=\"text-align: justify;\">Undg\u00e5 kun at fort\u00e6lle om hverdagen \u2013 udv\u00e6lg i stedet <strong>konkrete situationer<\/strong>, hvor du m\u00e5tte t\u00e6nke hurtigt, finde l\u00f8sninger eller tage ansvar. Fx:<\/p>\n<ul>\n<li style=\"text-align: justify;\">\u00ab\u202fVi manglede materialer til at etablere en br\u00f8nd, s\u00e5 jeg tog kontakt til en lokal h\u00e5ndv\u00e6rker og fandt et mere \u00f8konomisk alternativ.\u202f\u00bb<\/li>\n<li style=\"text-align: justify;\">\u00ab\u202fDer opstod smitte i lejren, og jeg var med til at koordinere teamets arbejde med klare hygiejnetiltag.\u202f\u00bb<\/li>\n<\/ul>\n<p style=\"text-align: justify;\">Jo mere <strong>pr\u00e6cise<\/strong> og <strong>faktuelle<\/strong> dine eksempler er, desto st\u00e6rkere st\u00e5r din profil.<\/p>\n<h3 id=\"esprit-equipe\"><strong>8.3. L\u00e6g v\u00e6gt p\u00e5 omstillingsevne og teamwork<\/strong><\/h3>\n<p style=\"text-align: justify;\">I virksomheder er <strong>samarbejde<\/strong> og <strong>omstillingsevne<\/strong> ofte helt centralt. Fort\u00e6l, hvordan du i en humanit\u00e6r kontekst samarbejdede med mennesker med forskellige uddannelser, roller og baggrunde.<\/p>\n<p style=\"text-align: justify;\"><em>Eksempel<\/em> : \u00ab\u202fVi var et team med forskellige nationaliteter og fagligheder. Vi skulle hurtigt finde en f\u00e6lles m\u00e5de at arbejde p\u00e5 og f\u00e5 forventningerne afstemt.\u202f\u00bb<\/p>\n<p style=\"text-align: justify;\">Det peger direkte p\u00e5 fleksibilitet og \u00e5benhed \u2013 kvaliteter, mange rekrutterere s\u00f8ger.<\/p>\n<p><img loading=\"lazy\" decoding=\"async\" class=\"aligncenter wp-image-11224 size-full\" src=\"https:\/\/www.vita-explorers.dk\/blog\/wp-content\/uploads\/2018\/09\/eco-cambodge-min.jpg\" alt=\"Volontaire en voyage solidaire\" width=\"250\" height=\"181\" srcset=\"https:\/\/www.vita-explorers.dk\/blog\/wp-content\/uploads\/2018\/09\/eco-cambodge-min.jpg 250w, https:\/\/www.vita-explorers.dk\/blog\/wp-content\/uploads\/2018\/09\/eco-cambodge-min-150x109.jpg 150w\" sizes=\"(max-width: 250px) 100vw, 250px\" \/><\/p>\n<h2 id=\"erreurs-frequentes\">9. Typiske fejl du b\u00f8r undg\u00e5<\/h2>\n<p style=\"text-align: justify;\">Et humanit\u00e6rt forl\u00f8b kan v\u00e6re en styrke p\u00e5 CV\u2019et, men der er ogs\u00e5 faldgruber, som kan give et uklart eller uheldigt indtryk.<\/p>\n<p>\u00a0<\/p>\n<h3 id=\"en-faire-trop\"><strong>9.1. At overdrive \u2013 eller v\u00e6re for vag<\/strong><\/h3>\n<ul>\n<li style=\"text-align: justify;\"><strong>At overdrive<\/strong> : Pas p\u00e5 med at s\u00e6lge dig selv for h\u00e5rdt. Hvis du var frivillig assistent, s\u00e5 kald ikke dig selv \u201cprojektchef\u201d. Rekrutterere gennemskuer hurtigt overdrivelser.<\/li>\n<li style=\"text-align: justify;\"><strong>At v\u00e6re for vag<\/strong> : Omvendt, hvis du beskriver forl\u00f8bet meget overordnet, kan arbejdsgiveren ikke vurdere, hvad du reelt bidrog med.<\/li>\n<\/ul>\n<p style=\"text-align: justify;\">Find en <strong>god balance<\/strong>: v\u00e6r konkret om opgaver og ansvar, og v\u00e6r samtidig \u00e6rlig om din rolle.<\/p>\n<p>\u00a0<\/p>\n<h3 id=\"coherence-cv\"><strong>9.2. At glemme den r\u00f8de tr\u00e5d i CV\u2019et<\/strong><\/h3>\n<p style=\"text-align: justify;\">Nogle gange bliver det humanit\u00e6re forl\u00f8b sat ind som en \u201cl\u00f8s brik\u201d uden sammenh\u00e6ng med resten. S\u00f8rg for en ensartet og gennemf\u00f8rt pr\u00e6sentation:<\/p>\n<ul>\n<li>N\u00e6vn relevante datoer (fx hvis det forklarer et hul i CV\u2019et).<\/li>\n<li>Brug samme format som ved dine \u00f8vrige erfaringer (titel, l\u00e6ngde, bullets osv.).<\/li>\n<\/ul>\n<p>\u00a0<\/p>\n<h3 id=\"impact-culturel-social\"><strong>9.3. At overse den kulturelle og sociale dimension<\/strong><\/h3>\n<p style=\"text-align: justify;\">Et humanit\u00e6rt forl\u00f8b handler ikke kun om teknik og logistik. Der er ogs\u00e5 en social og kulturel kontekst. Hvis det er relevant for jobbet, kan du n\u00e6vne din <strong>evne til at h\u00e5ndtere f\u00f8lelsesm\u00e6ssigt kr\u00e6vende situationer<\/strong>, din <strong>forst\u00e5else for sociale problemstillinger<\/strong> eller din <strong>tilpasning til andre kulturer<\/strong>.<\/p>\n<p><img loading=\"lazy\" decoding=\"async\" class=\"aligncenter wp-image-9647 size-full\" src=\"https:\/\/www.vita-explorers.dk\/blog\/wp-content\/uploads\/2018\/02\/Projet-de-be\u0301ne\u0301volat-au-Ghana.jpg\" alt=\"Volontariat international un plus sur le cv\" width=\"200\" height=\"200\" srcset=\"https:\/\/www.vita-explorers.dk\/blog\/wp-content\/uploads\/2018\/02\/Projet-de-be\u0301ne\u0301volat-au-Ghana.jpg 200w, https:\/\/www.vita-explorers.dk\/blog\/wp-content\/uploads\/2018\/02\/Projet-de-be\u0301ne\u0301volat-au-Ghana-150x150.jpg 150w\" sizes=\"(max-width: 200px) 100vw, 200px\" \/><\/p>\n<h2 id=\"focus-etudiant\">10. Fokus: S\u00e5dan fremh\u00e6ver du et humanit\u00e6rt forl\u00f8b som studerende<\/h2>\n<p style=\"text-align: justify;\">For studerende og nyuddannede kan et humanit\u00e6rt forl\u00f8b v\u00e6re den <strong>f\u00f8rste reelle praktiske erfaring<\/strong>. Derfor kan det fylde en del p\u00e5 CV\u2019et \u2013 is\u00e6r hvis:<\/p>\n<ul>\n<li>Du s\u00f8ger ind p\u00e5 internationale uddannelser eller programmer.<\/li>\n<li>Du s\u00f8ger praktik eller jobs med internationalt fokus, udvikling eller CSR\/ESG.<\/li>\n<li>Du vil vise <strong>engagement<\/strong> og <strong>mod p\u00e5 at pr\u00f8ve noget nyt<\/strong>.<\/li>\n<\/ul>\n<p><strong>I den situation kan du:<\/strong><\/p>\n<ul>\n<li>Lave en <strong>selvst\u00e6ndig sektion<\/strong> til frivilligt arbejde og engagement.<\/li>\n<li>Understrege din evne til at <strong>arbejde under pres<\/strong> og <strong>l\u00e6re hurtigt<\/strong>.<\/li>\n<li>Koble erfaringen til dit <strong>karrierem\u00e5l<\/strong> og forklare, hvorfor du s\u00f8ger i en bestemt retning (internationalt arbejde, menneskerettigheder m.m.).<\/li>\n<\/ul>\n<p>\u00a0<\/p>\n<h2 id=\"focus-reconversion\"><strong>11. Fokus: S\u00e5dan fremh\u00e6ver du et humanit\u00e6rt forl\u00f8b ved karriereskift<\/strong><\/h2>\n<p style=\"text-align: justify;\">Ved <strong>karriereskift<\/strong> kan man f\u00e5 brug for at dokumentere nye kompetencer eller forklare et skift i retning. Her kan et humanit\u00e6rt forl\u00f8b fungere som et st\u00e6rkt afs\u00e6t, hvis:<\/p>\n<ul>\n<li>Det har afklaret din interesse for et bestemt felt.<\/li>\n<li>Det viser, at du kan <strong>skifte milj\u00f8<\/strong>, l\u00e6re nyt og <strong>tilpasse dig<\/strong>.<\/li>\n<li>Det underst\u00f8tter, at din beslutning bygger p\u00e5 <strong>overvejelser<\/strong> om v\u00e6rdier, motivation og retning.<\/li>\n<\/ul>\n<p style=\"text-align: justify;\">V\u00e6r tydelig om, hvordan erfaringen spiller ind i din <strong>nye retning<\/strong>. Fx: \u00ab\u202fDette forl\u00f8b med social mikrofinans i <a href=\"https:\/\/www.vita-explorers.dk\/sprog-og-frivilligt-arbejde\/frivilligt-arbejde-peru.html\" target=\"_blank\" rel=\"noopener\">Peru<\/a> gav mig indblik i sm\u00e5 lokale virksomheders vilk\u00e5r og bekr\u00e6ftede mit \u00f8nske om at arbejde med ansvarlig finans.\u202f\u00bb<\/p>\n<p><img loading=\"lazy\" decoding=\"async\" class=\"aligncenter wp-image-12469 size-medium\" src=\"https:\/\/www.vita-explorers.dk\/blog\/wp-content\/uploads\/2019\/03\/image6-min-225x300.jpeg\" alt=\"b\u00e9n\u00e9vole en volontariat \u00e0 l'\u00e9tranger\" width=\"225\" height=\"300\" srcset=\"https:\/\/www.vita-explorers.dk\/blog\/wp-content\/uploads\/2019\/03\/image6-min-225x300.jpeg 225w, https:\/\/www.vita-explorers.dk\/blog\/wp-content\/uploads\/2019\/03\/image6-min-768x1024.jpeg 768w, https:\/\/www.vita-explorers.dk\/blog\/wp-content\/uploads\/2019\/03\/image6-min-113x150.jpeg 113w, https:\/\/www.vita-explorers.dk\/blog\/wp-content\/uploads\/2019\/03\/image6-min.jpeg 960w\" sizes=\"(max-width: 225px) 100vw, 225px\" \/><\/p>\n<h2 id=\"poids-recommandations\">12. Betydningen af anbefalinger og erfaringer fra andre<\/h2>\n<p style=\"text-align: justify;\">Vil du styrke trov\u00e6rdigheden af dit humanit\u00e6re forl\u00f8b, kan det v\u00e6re relevant at vedl\u00e6gge:<\/p>\n<ul>\n<li><strong>Anbefalingsbrev<\/strong> fra en ansvarlig i organisationen.<\/li>\n<li><strong><a href=\"https:\/\/www.vita-explorers.dk\/blog\/avis-globalong\/\" target=\"_blank\" rel=\"noopener\">Udtalelser<\/a><\/strong> fra personer, du har arbejdet sammen med (kolleger m.m.).<\/li>\n<li><strong>Deltagerbevis<\/strong> fra organisationen.<\/li>\n<\/ul>\n<p style=\"text-align: justify;\">Den type dokumentation kan underbygge din <strong>indsats<\/strong> og din <strong>p\u00e5lidelighed<\/strong>. Mange rekrutterere s\u00e6tter pris p\u00e5 konkrete bilag, der g\u00f8r erfaringen mere efterpr\u00f8vbar.<\/p>\n<p>\u00a0<\/p>\n<h2 id=\"competences-transversales\">13. De mest efterspurgte tv\u00e6rg\u00e5ende kompetencer (soft skills) i dag<\/h2>\n<p style=\"text-align: justify;\">Tv\u00e6rg\u00e5ende kompetencer (soft skills) er personlige og relationelle styrker, der kan bruges p\u00e5 tv\u00e6rs af jobtyper. Her er nogle af dem, rekrutterere ofte eftersp\u00f8rger \u2013 og som et humanit\u00e6rt forl\u00f8b kan v\u00e6re med til at udvikle:<\/p>\n<ol>\n<li><strong>Kommunikation og aktiv lytning<\/strong> : N\u00f8dvendigt for godt samarbejde og pr\u00e6cis behovsforst\u00e5else.<\/li>\n<li><strong>Teamwork<\/strong> : Vigtigt i teams med forskellige fagligheder og perspektiver.<\/li>\n<li><strong>Lederskab<\/strong> : Ogs\u00e5 uden personaleansvar kan du vise, at du kan skabe retning og motivation.<\/li>\n<li><strong>Stressh\u00e5ndtering<\/strong> : At kunne fungere i kr\u00e6vende eller tidskritiske situationer.<\/li>\n<li><strong>Omstillingsevne<\/strong> : At navigere i nye milj\u00f8er og h\u00e5ndtere det uforudsete.<\/li>\n<li><strong>Probleml\u00f8sning<\/strong> : At finde praktiske l\u00f8sninger i komplekse situationer.<\/li>\n<li><strong>\u00c5benhed og empati<\/strong> : Grundlaget for interkulturelt samarbejde og inkluderende arbejdsmilj\u00f8er.<\/li>\n<\/ol>\n<p>\u00a0<\/p>\n<h2 id=\"conseils-reussite\">14. Gode r\u00e5d til et st\u00e6rkt CV med internationalt frivilligarbejde<\/h2>\n<ul>\n<li><strong>Hold det kort \u2013 men konkret<\/strong> : Undg\u00e5 lange tekststykker. Brug bullets til opgaver og resultater.<\/li>\n<li><strong>G\u00f8r dine resultater m\u00e5lbare<\/strong> : Brug tal, n\u00e5r det giver mening (antal, budget, varighed m.m.).<\/li>\n<li><strong>Priorit\u00e9r informationen<\/strong> : L\u00f8ft de opgaver frem, der passer bedst til jobbet.<\/li>\n<li><strong>Tilpas dit CV<\/strong> : Vis sammenh\u00e6ng mellem dit engagement og din faglige retning.<\/li>\n<li><strong>Undg\u00e5 klich\u00e9er<\/strong> : Skriv ikke bare \u201cjeg oplevede en ny kultur\u201d. Forklar, hvad du l\u00e6rte, og hvordan det er relevant.<\/li>\n<li><strong>Forbered dig p\u00e5 at fort\u00e6lle om det<\/strong> : Hav 1\u20132 konkrete eksempler klar til samtalen.<\/li>\n<\/ul>\n<p><img loading=\"lazy\" decoding=\"async\" class=\"aligncenter wp-image-19344 size-medium\" src=\"https:\/\/www.vita-explorers.dk\/blog\/wp-content\/uploads\/2024\/11\/15557344472_5bd683d2ce-300x200.jpg\" alt=\"S\u00e9jour pour apprendre l'anglais \u00e0 New York\" width=\"300\" height=\"200\" srcset=\"https:\/\/www.vita-explorers.dk\/blog\/wp-content\/uploads\/2024\/11\/15557344472_5bd683d2ce-300x200.jpg 300w, https:\/\/www.vita-explorers.dk\/blog\/wp-content\/uploads\/2024\/11\/15557344472_5bd683d2ce.jpg 499w\" sizes=\"(max-width: 300px) 100vw, 300px\" \/><\/p>\n<h2 id=\"conclusion\">15. Konklusion<\/h2>\n<p style=\"text-align: justify;\">At fremh\u00e6ve et humanit\u00e6rt forl\u00f8b p\u00e5 dit CV kan v\u00e6re et <strong>st\u00e6rkt greb<\/strong> til at <strong>skille dig positivt ud<\/strong> og skabe interesse hos rekruttereren. Erfaringen kan vise <strong>omstillingsevne<\/strong>, <strong>samarbejdsevner<\/strong>, evnen til at <strong>h\u00e5ndtere pres<\/strong> og <strong>\u00e5benhed<\/strong> \u2013 kompetencer, der eftersp\u00f8rges i mange brancher, ogs\u00e5 uden for den humanit\u00e6re sektor.<\/p>\n<p style=\"text-align: justify;\">For at det skal virke, er det vigtigt at <strong>pr\u00e6sentere erfaringen rigtigt<\/strong>:<\/p>\n<ul>\n<li>V\u00e6lg den rette sektion (Erfaring, Frivilligt arbejde m.m.).<\/li>\n<li>Beskriv tydeligt <strong>ansvar<\/strong> og <strong>konkrete resultater<\/strong>.<\/li>\n<li>Vis, hvordan erfaringen h\u00e6nger sammen med dit <strong>karrierem\u00e5l<\/strong>.<\/li>\n<\/ul>\n<p style=\"text-align: justify;\">Husk: Det rekruttereren is\u00e6r kigger efter, er <strong>hvordan<\/strong> du vil bruge dine kompetencer i jobbet. Derfor er det en god strategi at tilpasse formuleringen af dit humanit\u00e6re forl\u00f8b til den konkrete stilling, du s\u00f8ger.<\/p>\n<p>\u00a0<\/p>\n<h2 id=\"faq\">16. FAQ: Ofte stillede sp\u00f8rgsm\u00e5l om at fremh\u00e6ve et humanit\u00e6rt forl\u00f8b<\/h2>\n<h3><strong>Q1. Skal jeg altid n\u00e6vne mit humanit\u00e6re forl\u00f8b p\u00e5 CV\u2019et?<\/strong><\/h3>\n<p style=\"text-align: justify;\">Ja, hvis forl\u00f8bet varede l\u00e6nge nok (mindst nogle uger) eller var et tydeligt engagement. Ogs\u00e5 kortere forl\u00f8b kan v\u00e6re relevante, hvis de har givet dig efterspurgte tv\u00e6rg\u00e5ende kompetencer.<\/p>\n<h3><strong>Q2. Hvor p\u00e5 CV\u2019et skal jeg placere det humanit\u00e6re forl\u00f8b?<\/strong><\/h3>\n<p style=\"text-align: justify;\">Det afh\u00e6nger af din profil. Du kan placere det under \u201cErhvervserfaring\u201d, hvis det var substantielt og mindede om et job. Ellers kan du lave en s\u00e6rskilt sektion som \u201cFrivilligt arbejde\u201d eller \u201cEngagement\u201d.<\/p>\n<h3><strong>Q3. Hvordan beskriver jeg konkret min rolle under forl\u00f8bet?<\/strong><\/h3>\n<p style=\"text-align: justify;\">Brug handlingsverber (koordinere, planl\u00e6gge, administrere osv.), beskriv konteksten (organisation, sted, varighed) og list 2\u20135 kerneopgaver som bullets. Hvis muligt, tilf\u00f8j m\u00e5lbare resultater.<\/p>\n<h3><strong>Q4. Hvilke kompetencer kan jeg fremh\u00e6ve?<\/strong><\/h3>\n<p style=\"text-align: justify;\">B\u00e5de soft skills som kommunikation, teamwork, lederskab, stressh\u00e5ndtering og interkulturel forst\u00e5else \u2013 samt mere tekniske kompetencer som logistik, projektstyring og forhandling.<\/p>\n<h3><strong>Q5. Hvordan undg\u00e5r jeg, at det virker som \u201ccharity washing\u201d?<\/strong><\/h3>\n<p style=\"text-align: justify;\">Hold dig til det, du faktisk lavede. Undg\u00e5 oppustede titler og store ord. Fort\u00e6l n\u00f8gternt, hvilke opgaver du havde, hvad du l\u00e6rte, og hvordan det er relevant for jobbet.<\/p>\n<h3><strong>Q6. Kan jeg beskrive forl\u00f8bet i en ans\u00f8gning i stedet for p\u00e5 CV\u2019et?<\/strong><\/h3>\n<p style=\"text-align: justify;\">Du kan g\u00f8re begge dele, men med forskellige form\u00e5l. CV\u2019et b\u00f8r v\u00e6re faktuelt (roller, opgaver, kompetencer), mens ans\u00f8gningen kan forklare motivationen og sammenh\u00e6ngen til den stilling, du s\u00f8ger.<\/p>\n<h3><strong>Q7. Skal jeg overs\u00e6tte mine kompetencer, hvis jeg s\u00f8ger job i udlandet?<\/strong><\/h3>\n<p style=\"text-align: justify;\">Ja. S\u00f8ger du internationalt, er det en fordel at have et CV p\u00e5 engelsk (eller relevant sprog) og bruge passende fagudtryk (project management, budgeting, volunteer coordinator osv.).<\/p>\n<h3><strong>Q8. Hvad hvis forl\u00f8bet ligger flere \u00e5r tilbage?<\/strong><\/h3>\n<p style=\"text-align: justify;\">Du kan stadig tage det med, hvis det er relevant og giver v\u00e6rdi i forhold til stillingen. Angiv datoer, og beskriv gerne kort, hvordan du har bygget videre p\u00e5 kompetencerne siden.<\/p>\n<h3><strong>Q9. Kan rekrutterere virkelig lide den slags erfaring?<\/strong><\/h3>\n<p style=\"text-align: justify;\">Ofte ja. Mange v\u00e6rds\u00e6tter ansvarlighed, social forst\u00e5else og interkulturelle kompetencer. Det vigtigste er at vise, hvorfor erfaringen er relevant for den konkrete rolle.<\/p>\n<h3><strong>Q10. Hvordan beskriver jeg et humanit\u00e6rt forl\u00f8b, jeg har lavet online (fx frivilligt arbejde p\u00e5 \u0434\u0438\u0441\u0442\u0430\u043dce)?<\/strong><\/h3>\n<p style=\"text-align: justify;\">Ogs\u00e5 p\u00e5 \u0434\u0438\u0441\u0442\u0430\u043dce kan du udvikle kompetencer (fjernkoordinering, digital kommunikation osv.). Beskriv opgaverne, v\u00e6rkt\u00f8jerne (videom\u00f8der, projektstyringsv\u00e6rkt\u00f8jer) og dine resultater.<\/p>\n<p class=\"p4\" style=\"text-align: center;\"><b>For mere information er du velkommen til at kontakte os p\u00e5 <\/b><a href=\"mailto:info@globalong.com\"><span class=\"s2\"><b>info@globalong.com<\/b><\/span><\/a><\/p>\n<p class=\"p4\" style=\"text-align: center;\"><b>Vil du vide mere om VITA og vores community, kan du f\u00f8lge med p\u00e5 <\/b><a href=\"https:\/\/www.instagram.com\/globalongofficiel\/\" target=\"_blank\" rel=\"noopener\"><span class=\"s2\"><b>Instagram<\/b><\/span><\/a><b>,\u00a0<\/b><a href=\"https:\/\/www.facebook.com\/globalong\" target=\"_blank\" rel=\"noopener\"><span class=\"s2\"><b>Facebook<\/b><\/span><\/a><b>,\u00a0<\/b><a href=\"https:\/\/www.linkedin.com\/company\/5113177\/admin\/feed\/posts\/\" target=\"_blank\" rel=\"noopener\"><span class=\"s2\"><b>LinkedIn<\/b><\/span><\/a><b>\u00a0og\u00a0<\/b><a href=\"https:\/\/www.youtube.com\/c\/globalong\/videos\" target=\"_blank\" rel=\"noopener\"><span class=\"s2\"><b>YouTube<\/b><\/span><\/a><b>\u00a0!\u00a0<\/b><\/p>\n<\/article>\n<p>\u00a0<\/p>\n<div id=\"aircall-extension-app\"><\/div>\n","protected":false},"excerpt":{"rendered":"<p>\u00a0 S\u00e5dan fremh\u00e6ver du et internationalt frivilligforl\u00f8b p\u00e5 dit CV Indholdsfortegnelse 1. Introduktion 2. Hvad d\u00e6kker begrebet humanit\u00e6rt forl\u00f8b over? 3. Hvorfor tage et\u2026<\/p>\n","protected":false},"author":7,"featured_media":15167,"comment_status":"open","ping_status":"open","sticky":false,"template":"","format":"standard","meta":{"footnotes":""},"categories":[1457,6,4],"tags":[],"yoast_head":"<!-- This site is optimized with the Yoast SEO Premium plugin v23.4 (Yoast SEO v23.4) - https:\/\/yoast.com\/wordpress\/plugins\/seo\/ -->\n<title>S\u00e5dan fremh\u00e6ver du et humanit\u00e6rt forl\u00f8b p\u00e5 dit CV - VITA Explorers Blog<\/title>\n<meta name=\"description\" content=\"Am\u00e9liorez votre CV en apprenant comment valoriser une mission humanitaire. Transformez votre exp\u00e9rience b\u00e9n\u00e9vole en atout.\" \/>\n<meta name=\"robots\" content=\"index, follow, max-snippet:-1, max-image-preview:large, max-video-preview:-1\" \/>\n<link rel=\"canonical\" href=\"https:\/\/www.vita-explorers.dk\/blog\/saadan-fremhaever-du-et-internationalt-forloeb-paa-dit-cv\/\" \/>\n<meta property=\"og:locale\" content=\"da_DK\" \/>\n<meta property=\"og:type\" content=\"article\" \/>\n<meta property=\"og:title\" content=\"S\u00e5dan fremh\u00e6ver du et humanit\u00e6rt forl\u00f8b p\u00e5 dit CV\" \/>\n<meta property=\"og:description\" content=\"D\u00e9couvrez les techniques pour mettre en avant vos comp\u00e9tences humaines.\" \/>\n<meta property=\"og:url\" content=\"https:\/\/www.vita-explorers.dk\/blog\/saadan-fremhaever-du-et-internationalt-forloeb-paa-dit-cv\/\" \/>\n<meta property=\"og:site_name\" content=\"VITA Explorers Blog\" \/>\n<meta property=\"article:publisher\" content=\"https:\/\/www.facebook.com\/globalong\" \/>\n<meta property=\"article:published_time\" content=\"2025-02-22T02:36:00+00:00\" \/>\n<meta property=\"article:modified_time\" content=\"2025-03-10T16:54:06+00:00\" \/>\n<meta property=\"og:image\" content=\"https:\/\/www.vita-explorers.dk\/blog\/wp-content\/uploads\/2023\/02\/Capture-de\u0301cran-2023-02-06-a\u0300-10.42.52-1024x535.png\" \/>\n\t<meta property=\"og:image:width\" content=\"1024\" \/>\n\t<meta property=\"og:image:height\" content=\"535\" \/>\n\t<meta property=\"og:image:type\" content=\"image\/png\" \/>\n<meta name=\"author\" content=\"VITA Tribe\" \/>\n<meta name=\"twitter:card\" content=\"summary_large_image\" \/>\n<meta name=\"twitter:label1\" content=\"Skrevet af\" \/>\n\t<meta name=\"twitter:data1\" content=\"VITA Tribe\" \/>\n\t<meta name=\"twitter:label2\" content=\"Estimeret l\u00e6setid\" \/>\n\t<meta name=\"twitter:data2\" content=\"23 minutter\" \/>\n<script type=\"application\/ld+json\" class=\"yoast-schema-graph\">{\"@context\":\"https:\/\/schema.org\",\"@graph\":[{\"@type\":\"Article\",\"@id\":\"https:\/\/www.vita-explorers.dk\/blog\/saadan-fremhaever-du-et-internationalt-forloeb-paa-dit-cv\/#article\",\"isPartOf\":{\"@id\":\"https:\/\/www.vita-explorers.dk\/blog\/saadan-fremhaever-du-et-internationalt-forloeb-paa-dit-cv\/\"},\"author\":{\"name\":\"VITA Tribe\",\"@id\":\"https:\/\/www.vita-explorers.dk\/blog\/#\/schema\/person\/fc0343a2f2db2ebb2793c1f62dbe73f0\"},\"headline\":\"S\u00e5dan fremh\u00e6ver du et humanit\u00e6rt forl\u00f8b p\u00e5 dit CV\",\"datePublished\":\"2025-02-22T02:36:00+00:00\",\"dateModified\":\"2025-03-10T16:54:06+00:00\",\"mainEntityOfPage\":{\"@id\":\"https:\/\/www.vita-explorers.dk\/blog\/saadan-fremhaever-du-et-internationalt-forloeb-paa-dit-cv\/\"},\"wordCount\":3681,\"commentCount\":0,\"publisher\":{\"@id\":\"https:\/\/www.vita-explorers.dk\/blog\/#organization\"},\"image\":{\"@id\":\"https:\/\/www.vita-explorers.dk\/blog\/saadan-fremhaever-du-et-internationalt-forloeb-paa-dit-cv\/#primaryimage\"},\"thumbnailUrl\":\"https:\/\/www.vita-explorers.dk\/blog\/wp-content\/uploads\/2023\/02\/Capture-de\u0301cran-2023-02-06-a\u0300-10.42.52.png\",\"articleSection\":[\"Forbered dit ophold!\",\"Nyheder\",\"VITA Explorers\"],\"inLanguage\":\"da-DK\",\"potentialAction\":[{\"@type\":\"CommentAction\",\"name\":\"Comment\",\"target\":[\"https:\/\/www.vita-explorers.dk\/blog\/saadan-fremhaever-du-et-internationalt-forloeb-paa-dit-cv\/#respond\"]}]},{\"@type\":\"WebPage\",\"@id\":\"https:\/\/www.vita-explorers.dk\/blog\/saadan-fremhaever-du-et-internationalt-forloeb-paa-dit-cv\/\",\"url\":\"https:\/\/www.vita-explorers.dk\/blog\/saadan-fremhaever-du-et-internationalt-forloeb-paa-dit-cv\/\",\"name\":\"S\u00e5dan fremh\u00e6ver du et humanit\u00e6rt forl\u00f8b p\u00e5 dit CV - VITA Explorers Blog\",\"isPartOf\":{\"@id\":\"https:\/\/www.vita-explorers.dk\/blog\/#website\"},\"primaryImageOfPage\":{\"@id\":\"https:\/\/www.vita-explorers.dk\/blog\/saadan-fremhaever-du-et-internationalt-forloeb-paa-dit-cv\/#primaryimage\"},\"image\":{\"@id\":\"https:\/\/www.vita-explorers.dk\/blog\/saadan-fremhaever-du-et-internationalt-forloeb-paa-dit-cv\/#primaryimage\"},\"thumbnailUrl\":\"https:\/\/www.vita-explorers.dk\/blog\/wp-content\/uploads\/2023\/02\/Capture-de\u0301cran-2023-02-06-a\u0300-10.42.52.png\",\"datePublished\":\"2025-02-22T02:36:00+00:00\",\"dateModified\":\"2025-03-10T16:54:06+00:00\",\"description\":\"Am\u00e9liorez votre CV en apprenant comment valoriser une mission humanitaire. Transformez votre exp\u00e9rience b\u00e9n\u00e9vole en atout.\",\"breadcrumb\":{\"@id\":\"https:\/\/www.vita-explorers.dk\/blog\/saadan-fremhaever-du-et-internationalt-forloeb-paa-dit-cv\/#breadcrumb\"},\"inLanguage\":\"da-DK\",\"potentialAction\":[{\"@type\":\"ReadAction\",\"target\":[\"https:\/\/www.vita-explorers.dk\/blog\/saadan-fremhaever-du-et-internationalt-forloeb-paa-dit-cv\/\"]}]},{\"@type\":\"ImageObject\",\"inLanguage\":\"da-DK\",\"@id\":\"https:\/\/www.vita-explorers.dk\/blog\/saadan-fremhaever-du-et-internationalt-forloeb-paa-dit-cv\/#primaryimage\",\"url\":\"https:\/\/www.vita-explorers.dk\/blog\/wp-content\/uploads\/2023\/02\/Capture-de\u0301cran-2023-02-06-a\u0300-10.42.52.png\",\"contentUrl\":\"https:\/\/www.vita-explorers.dk\/blog\/wp-content\/uploads\/2023\/02\/Capture-de\u0301cran-2023-02-06-a\u0300-10.42.52.png\",\"width\":2184,\"height\":1140,\"caption\":\"valoriser votre cv\"},{\"@type\":\"BreadcrumbList\",\"@id\":\"https:\/\/www.vita-explorers.dk\/blog\/saadan-fremhaever-du-et-internationalt-forloeb-paa-dit-cv\/#breadcrumb\",\"itemListElement\":[{\"@type\":\"ListItem\",\"position\":1,\"name\":\"Accueil\",\"item\":\"https:\/\/www.vita-explorers.dk\/blog\/\"},{\"@type\":\"ListItem\",\"position\":2,\"name\":\"S\u00e5dan fremh\u00e6ver du et humanit\u00e6rt forl\u00f8b p\u00e5 dit CV\"}]},{\"@type\":\"WebSite\",\"@id\":\"https:\/\/www.vita-explorers.dk\/blog\/#website\",\"url\":\"https:\/\/www.vita-explorers.dk\/blog\/\",\"name\":\"Association Globalong\",\"description\":\"Frivilligt arbejde, sprogophold, praktik i udlandet og internationale oplevelser\",\"publisher\":{\"@id\":\"https:\/\/www.vita-explorers.dk\/blog\/#organization\"},\"potentialAction\":[{\"@type\":\"SearchAction\",\"target\":{\"@type\":\"EntryPoint\",\"urlTemplate\":\"https:\/\/www.vita-explorers.dk\/blog\/?s={search_term_string}\"},\"query-input\":{\"@type\":\"PropertyValueSpecification\",\"valueRequired\":true,\"valueName\":\"search_term_string\"}}],\"inLanguage\":\"da-DK\"},{\"@type\":\"Organization\",\"@id\":\"https:\/\/www.vita-explorers.dk\/blog\/#organization\",\"name\":\"Association Globalong\",\"url\":\"https:\/\/www.vita-explorers.dk\/blog\/\",\"logo\":{\"@type\":\"ImageObject\",\"inLanguage\":\"da-DK\",\"@id\":\"https:\/\/www.vita-explorers.dk\/blog\/#\/schema\/logo\/image\/\",\"url\":\"https:\/\/www.globalong.com\/blog\/wp-content\/uploads\/2014\/11\/cropped-cropped-Logo-et-Afrique-Globalong-petite-taille-2.jpg\",\"contentUrl\":\"https:\/\/www.globalong.com\/blog\/wp-content\/uploads\/2014\/11\/cropped-cropped-Logo-et-Afrique-Globalong-petite-taille-2.jpg\",\"width\":512,\"height\":512,\"caption\":\"Association Globalong\"},\"image\":{\"@id\":\"https:\/\/www.vita-explorers.dk\/blog\/#\/schema\/logo\/image\/\"},\"sameAs\":[\"https:\/\/www.facebook.com\/globalong\"]},{\"@type\":\"Person\",\"@id\":\"https:\/\/www.vita-explorers.dk\/blog\/#\/schema\/person\/fc0343a2f2db2ebb2793c1f62dbe73f0\",\"name\":\"VITA Tribe\",\"image\":{\"@type\":\"ImageObject\",\"inLanguage\":\"da-DK\",\"@id\":\"https:\/\/www.vita-explorers.dk\/blog\/#\/schema\/person\/image\/\",\"url\":\"https:\/\/secure.gravatar.com\/avatar\/f7f05026bb439d0c96b30e135e5f852c?s=96&d=mm&r=g\",\"contentUrl\":\"https:\/\/secure.gravatar.com\/avatar\/f7f05026bb439d0c96b30e135e5f852c?s=96&d=mm&r=g\",\"caption\":\"VITA Tribe\"},\"sameAs\":[\"http:\/\/www.globalong.com\"],\"url\":\"https:\/\/www.vita-explorers.dk\/blog\/author\/teamglobalong\/\"}]}<\/script>\n<!-- \/ Yoast SEO Premium plugin. -->","yoast_head_json":{"title":"S\u00e5dan fremh\u00e6ver du et humanit\u00e6rt forl\u00f8b p\u00e5 dit CV - VITA Explorers Blog","description":"Am\u00e9liorez votre CV en apprenant comment valoriser une mission humanitaire. Transformez votre exp\u00e9rience b\u00e9n\u00e9vole en atout.","robots":{"index":"index","follow":"follow","max-snippet":"max-snippet:-1","max-image-preview":"max-image-preview:large","max-video-preview":"max-video-preview:-1"},"canonical":"https:\/\/www.vita-explorers.dk\/blog\/saadan-fremhaever-du-et-internationalt-forloeb-paa-dit-cv\/","og_locale":"da_DK","og_type":"article","og_title":"S\u00e5dan fremh\u00e6ver du et humanit\u00e6rt forl\u00f8b p\u00e5 dit CV","og_description":"D\u00e9couvrez les techniques pour mettre en avant vos comp\u00e9tences humaines.","og_url":"https:\/\/www.vita-explorers.dk\/blog\/saadan-fremhaever-du-et-internationalt-forloeb-paa-dit-cv\/","og_site_name":"VITA Explorers Blog","article_publisher":"https:\/\/www.facebook.com\/globalong","article_published_time":"2025-02-22T02:36:00+00:00","article_modified_time":"2025-03-10T16:54:06+00:00","og_image":[{"width":1024,"height":535,"url":"https:\/\/www.vita-explorers.dk\/blog\/wp-content\/uploads\/2023\/02\/Capture-de\u0301cran-2023-02-06-a\u0300-10.42.52-1024x535.png","type":"image\/png"}],"author":"VITA Tribe","twitter_card":"summary_large_image","twitter_misc":{"Skrevet af":"VITA Tribe","Estimeret l\u00e6setid":"23 minutter"},"schema":{"@context":"https:\/\/schema.org","@graph":[{"@type":"Article","@id":"https:\/\/www.vita-explorers.dk\/blog\/saadan-fremhaever-du-et-internationalt-forloeb-paa-dit-cv\/#article","isPartOf":{"@id":"https:\/\/www.vita-explorers.dk\/blog\/saadan-fremhaever-du-et-internationalt-forloeb-paa-dit-cv\/"},"author":{"name":"VITA Tribe","@id":"https:\/\/www.vita-explorers.dk\/blog\/#\/schema\/person\/fc0343a2f2db2ebb2793c1f62dbe73f0"},"headline":"S\u00e5dan fremh\u00e6ver du et humanit\u00e6rt forl\u00f8b p\u00e5 dit CV","datePublished":"2025-02-22T02:36:00+00:00","dateModified":"2025-03-10T16:54:06+00:00","mainEntityOfPage":{"@id":"https:\/\/www.vita-explorers.dk\/blog\/saadan-fremhaever-du-et-internationalt-forloeb-paa-dit-cv\/"},"wordCount":3681,"commentCount":0,"publisher":{"@id":"https:\/\/www.vita-explorers.dk\/blog\/#organization"},"image":{"@id":"https:\/\/www.vita-explorers.dk\/blog\/saadan-fremhaever-du-et-internationalt-forloeb-paa-dit-cv\/#primaryimage"},"thumbnailUrl":"https:\/\/www.vita-explorers.dk\/blog\/wp-content\/uploads\/2023\/02\/Capture-de\u0301cran-2023-02-06-a\u0300-10.42.52.png","articleSection":["Forbered dit ophold!","Nyheder","VITA Explorers"],"inLanguage":"da-DK","potentialAction":[{"@type":"CommentAction","name":"Comment","target":["https:\/\/www.vita-explorers.dk\/blog\/saadan-fremhaever-du-et-internationalt-forloeb-paa-dit-cv\/#respond"]}]},{"@type":"WebPage","@id":"https:\/\/www.vita-explorers.dk\/blog\/saadan-fremhaever-du-et-internationalt-forloeb-paa-dit-cv\/","url":"https:\/\/www.vita-explorers.dk\/blog\/saadan-fremhaever-du-et-internationalt-forloeb-paa-dit-cv\/","name":"S\u00e5dan fremh\u00e6ver du et humanit\u00e6rt forl\u00f8b p\u00e5 dit CV - VITA Explorers Blog","isPartOf":{"@id":"https:\/\/www.vita-explorers.dk\/blog\/#website"},"primaryImageOfPage":{"@id":"https:\/\/www.vita-explorers.dk\/blog\/saadan-fremhaever-du-et-internationalt-forloeb-paa-dit-cv\/#primaryimage"},"image":{"@id":"https:\/\/www.vita-explorers.dk\/blog\/saadan-fremhaever-du-et-internationalt-forloeb-paa-dit-cv\/#primaryimage"},"thumbnailUrl":"https:\/\/www.vita-explorers.dk\/blog\/wp-content\/uploads\/2023\/02\/Capture-de\u0301cran-2023-02-06-a\u0300-10.42.52.png","datePublished":"2025-02-22T02:36:00+00:00","dateModified":"2025-03-10T16:54:06+00:00","description":"Am\u00e9liorez votre CV en apprenant comment valoriser une mission humanitaire. Transformez votre exp\u00e9rience b\u00e9n\u00e9vole en atout.","breadcrumb":{"@id":"https:\/\/www.vita-explorers.dk\/blog\/saadan-fremhaever-du-et-internationalt-forloeb-paa-dit-cv\/#breadcrumb"},"inLanguage":"da-DK","potentialAction":[{"@type":"ReadAction","target":["https:\/\/www.vita-explorers.dk\/blog\/saadan-fremhaever-du-et-internationalt-forloeb-paa-dit-cv\/"]}]},{"@type":"ImageObject","inLanguage":"da-DK","@id":"https:\/\/www.vita-explorers.dk\/blog\/saadan-fremhaever-du-et-internationalt-forloeb-paa-dit-cv\/#primaryimage","url":"https:\/\/www.vita-explorers.dk\/blog\/wp-content\/uploads\/2023\/02\/Capture-de\u0301cran-2023-02-06-a\u0300-10.42.52.png","contentUrl":"https:\/\/www.vita-explorers.dk\/blog\/wp-content\/uploads\/2023\/02\/Capture-de\u0301cran-2023-02-06-a\u0300-10.42.52.png","width":2184,"height":1140,"caption":"valoriser votre cv"},{"@type":"BreadcrumbList","@id":"https:\/\/www.vita-explorers.dk\/blog\/saadan-fremhaever-du-et-internationalt-forloeb-paa-dit-cv\/#breadcrumb","itemListElement":[{"@type":"ListItem","position":1,"name":"Accueil","item":"https:\/\/www.vita-explorers.dk\/blog\/"},{"@type":"ListItem","position":2,"name":"S\u00e5dan fremh\u00e6ver du et humanit\u00e6rt forl\u00f8b p\u00e5 dit CV"}]},{"@type":"WebSite","@id":"https:\/\/www.vita-explorers.dk\/blog\/#website","url":"https:\/\/www.vita-explorers.dk\/blog\/","name":"Association Globalong","description":"Frivilligt arbejde, sprogophold, praktik i udlandet og internationale oplevelser","publisher":{"@id":"https:\/\/www.vita-explorers.dk\/blog\/#organization"},"potentialAction":[{"@type":"SearchAction","target":{"@type":"EntryPoint","urlTemplate":"https:\/\/www.vita-explorers.dk\/blog\/?s={search_term_string}"},"query-input":{"@type":"PropertyValueSpecification","valueRequired":true,"valueName":"search_term_string"}}],"inLanguage":"da-DK"},{"@type":"Organization","@id":"https:\/\/www.vita-explorers.dk\/blog\/#organization","name":"Association Globalong","url":"https:\/\/www.vita-explorers.dk\/blog\/","logo":{"@type":"ImageObject","inLanguage":"da-DK","@id":"https:\/\/www.vita-explorers.dk\/blog\/#\/schema\/logo\/image\/","url":"https:\/\/www.globalong.com\/blog\/wp-content\/uploads\/2014\/11\/cropped-cropped-Logo-et-Afrique-Globalong-petite-taille-2.jpg","contentUrl":"https:\/\/www.globalong.com\/blog\/wp-content\/uploads\/2014\/11\/cropped-cropped-Logo-et-Afrique-Globalong-petite-taille-2.jpg","width":512,"height":512,"caption":"Association Globalong"},"image":{"@id":"https:\/\/www.vita-explorers.dk\/blog\/#\/schema\/logo\/image\/"},"sameAs":["https:\/\/www.facebook.com\/globalong"]},{"@type":"Person","@id":"https:\/\/www.vita-explorers.dk\/blog\/#\/schema\/person\/fc0343a2f2db2ebb2793c1f62dbe73f0","name":"VITA Tribe","image":{"@type":"ImageObject","inLanguage":"da-DK","@id":"https:\/\/www.vita-explorers.dk\/blog\/#\/schema\/person\/image\/","url":"https:\/\/secure.gravatar.com\/avatar\/f7f05026bb439d0c96b30e135e5f852c?s=96&d=mm&r=g","contentUrl":"https:\/\/secure.gravatar.com\/avatar\/f7f05026bb439d0c96b30e135e5f852c?s=96&d=mm&r=g","caption":"VITA Tribe"},"sameAs":["http:\/\/www.globalong.com"],"url":"https:\/\/www.vita-explorers.dk\/blog\/author\/teamglobalong\/"}]}},"_links":{"self":[{"href":"https:\/\/www.vita-explorers.dk\/blog\/wp-json\/wp\/v2\/posts\/20793"}],"collection":[{"href":"https:\/\/www.vita-explorers.dk\/blog\/wp-json\/wp\/v2\/posts"}],"about":[{"href":"https:\/\/www.vita-explorers.dk\/blog\/wp-json\/wp\/v2\/types\/post"}],"author":[{"embeddable":true,"href":"https:\/\/www.vita-explorers.dk\/blog\/wp-json\/wp\/v2\/users\/7"}],"replies":[{"embeddable":true,"href":"https:\/\/www.vita-explorers.dk\/blog\/wp-json\/wp\/v2\/comments?post=20793"}],"version-history":[{"count":8,"href":"https:\/\/www.vita-explorers.dk\/blog\/wp-json\/wp\/v2\/posts\/20793\/revisions"}],"predecessor-version":[{"id":20929,"href":"https:\/\/www.vita-explorers.dk\/blog\/wp-json\/wp\/v2\/posts\/20793\/revisions\/20929"}],"wp:featuredmedia":[{"embeddable":true,"href":"https:\/\/www.vita-explorers.dk\/blog\/wp-json\/wp\/v2\/media\/15167"}],"wp:attachment":[{"href":"https:\/\/www.vita-explorers.dk\/blog\/wp-json\/wp\/v2\/media?parent=20793"}],"wp:term":[{"taxonomy":"category","embeddable":true,"href":"https:\/\/www.vita-explorers.dk\/blog\/wp-json\/wp\/v2\/categories?post=20793"},{"taxonomy":"post_tag","embeddable":true,"href":"https:\/\/www.vita-explorers.dk\/blog\/wp-json\/wp\/v2\/tags?post=20793"}],"curies":[{"name":"wp","href":"https:\/\/api.w.org\/{rel}","templated":true}]}}