{"id":20825,"date":"2025-03-04T06:07:07","date_gmt":"2025-03-04T05:07:07","guid":{"rendered":"https:\/\/www.globalong.com\/blog\/?p=20825"},"modified":"2025-03-10T18:02:44","modified_gmt":"2025-03-10T17:02:44","slug":"korttidsfrivilligt-arbejde-vs-langtidfrivilligt-arbejde","status":"publish","type":"post","link":"https:\/\/www.vita-explorers.dk\/blog\/korttidsfrivilligt-arbejde-vs-langtidfrivilligt-arbejde\/","title":{"rendered":"Korttidsfrivilligt arbejde vs. langtidsfrivilligt arbejde"},"content":{"rendered":"<h3><\/h3>\n<p><!-- Balises de donn\u00e9es structur\u00e9es (exemple Article \/ WebPage) --><br \/>\n<script type=\"application\/ld+json\">\n    {\n      \"@context\": \"https:\/\/schema.org\",\n      \"@type\": \"Article\",\n      \"mainEntityOfPage\": {\n        \"@type\": \"WebPage\",\n        \"@id\": \"https:\/\/www.vita-explorers.dk\/blog\/volontariat-court-terme-vs-long-terme\"\n      },\n      \"headline\": \"Korttidsforl\u00f8b vs. langtidsforl\u00f8b\",\n      \"description\": \"F\u00e5 overblik over de vigtigste forskelle mellem frivilligt arbejde p\u00e5 kort sigt og l\u00e6ngere internationale forl\u00f8b: varighed, effekt, kulturel fordybelse, budget og meget mere. L\u00e6r, hvordan du v\u00e6lger det ophold, der passer bedst til dig.\",\n      \"image\": \"https:\/\/www.vita-explorers.dk\/images\/volontariat-court-long.jpg\",\n      \"author\": {\n        \"@type\": \"Organization\",\n        \"name\": \"VITA Institute\",\n        \"url\": \"https:\/\/www.vita-explorers.dk\"\n      },\n      \"publisher\": {\n        \"@type\": \"Organization\",\n        \"name\": \"VITA Institute\",\n        \"logo\": {\n          \"@type\": \"ImageObject\",\n          \"url\": \"https:\/\/www.vita-explorers.dk\/images\/logo-globalong.png\"\n        }\n      },\n      \"datePublished\": \"2025-03-04T09:00:00+00:00\",\n      \"dateModified\": \"2025-03-04T09:00:00+00:00\"\n    }\n    <\/script><\/p>\n<article>\n<h1 id=\"introduction\">Korttidsforl\u00f8b vs. langtidsforl\u00f8b<\/h1>\n<p><!-- Court r\u00e9sum\u00e9 \/ introduction pour l'utilisateur press\u00e9 --><\/p>\n<div style=\"margin-bottom: 1.5em;\">\n<p style=\"text-align: justify;\"><strong>Resum\u00e9:<\/strong> Er du i tvivl, om du skal v\u00e6lge et <a href=\"https:\/\/www.vita-explorers.dk\/blog\/humanitaer-rejse-de-courte-duree-en-2024-et-2025\/\" target=\"_blank\" rel=\"noopener\">ophold p\u00e5 et par uger<\/a> eller et engagement over flere m\u00e5neder \u2013 m\u00e5ske endda et \u00e5r eller mere? Begge formater har deres fordele, udfordringer og s\u00e6rlige hensyn. I denne grundige artikel sammenligner vi korttids- og langtidsforl\u00f8b punkt for punkt: varighed, effekt, kulturel fordybelse, budget, personlige m\u00e5l og meget mere. N\u00e5r du er f\u00e6rdig, har du et solidt grundlag for at v\u00e6lge det forl\u00f8b, der passer bedst til din situation og dine ambitioner.<\/p>\n<\/div>\n<p><!-- Sommaire pour une meilleure navigation et UX --><\/p>\n<nav>\n<ul>\n<li><a href=\"#section1\">1. Introduktion: hvorfor skelne mellem \u201ckort\u201d og \u201clang\u201d varighed?<\/a><\/li>\n<li><a href=\"#section2\">2. Hvad er et korttidsforl\u00f8b? Kendetegn og typiske profiler<\/a><\/li>\n<li><a href=\"#section3\">3. Fordele ved et kortere engagement<\/a><\/li>\n<li><a href=\"#section4\">4. Begr\u00e6nsninger og udfordringer ved korttidsforl\u00f8b<\/a><\/li>\n<li><a href=\"#section5\">5. Hvad er et langtidsforl\u00f8b? S\u00e6rlige rammer og hensyn<\/a><\/li>\n<li><a href=\"#section6\">6. De st\u00f8rste gevinster ved et l\u00e6ngere forl\u00f8b<\/a><\/li>\n<li><a href=\"#section7\">7. Udfordringer og krav ved et l\u00e6ngere ophold<\/a><\/li>\n<li><a href=\"#section8\">8. Hvilken effekt giver varigheden? En dybdeg\u00e5ende sammenligning<\/a><\/li>\n<li><a href=\"#section9\">9. S\u00e5dan v\u00e6lger du rigtigt (budget, tid, m\u00e5l og kontekst)<\/a><\/li>\n<li><a href=\"#section10\">10. Myter og misforst\u00e5elser om varighed<\/a><\/li>\n<li><a href=\"#section11\">11. Cases: korttidsforl\u00f8b vs. langtidsforl\u00f8b<\/a><\/li>\n<li><a href=\"#section12\">12. Gode r\u00e5d: s\u00e5dan forbereder du dig efter varighed<\/a><\/li>\n<li><a href=\"#section13\">13. Stemmer og oplevelser: erfaringer fra deltagere<\/a><\/li>\n<li><a href=\"#section14\">14. FAQ<\/a><\/li>\n<li><a href=\"#section15\">15. Konklusion: v\u00e6lg en varighed, der passer til dig<\/a><\/li>\n<li><a href=\"#cta\">Call to action<\/a><\/li>\n<\/ul>\n<\/nav>\n<p><!-- SECTION 1 --><\/p>\n<h2 id=\"section1\">1. Introduktion: hvorfor skelne mellem \u201ckort\u201d og \u201clang\u201d varighed?<\/h2>\n<p><iframe loading=\"lazy\" title=\"Stage infirmier en Tanzanie avec l&#039;association Globalong\" width=\"500\" height=\"281\" src=\"https:\/\/www.youtube.com\/embed\/H_AgGbuHtOc?feature=oembed\" frameborder=\"0\" allow=\"accelerometer; autoplay; clipboard-write; encrypted-media; gyroscope; picture-in-picture; web-share\" referrerpolicy=\"strict-origin-when-cross-origin\" allowfullscreen><\/iframe><\/p>\n<p style=\"text-align: justify;\">Internationale forl\u00f8b kan se meget forskellige ud: solidaritets- og uddannelsesprojekter, milj\u00f8indsatser, aktiviteter i skoler, st\u00f8tte til sundhedsinitiativer i landomr\u00e5der, oplysning om naturbeskyttelse \u2013 og meget mere. Alligevel er <strong>varighed<\/strong> ofte et af de f\u00f8rste kriterier, der adskiller to overordnede typer forl\u00f8b: <em>korttidsforl\u00f8b<\/em> (fra nogle uger til to-tre m\u00e5neder) og <em>langtidsforl\u00f8b<\/em> (flere m\u00e5neder, et \u00e5r eller l\u00e6ngere).<\/p>\n<h3 id=\"introduction\"><strong>Korttidsforl\u00f8b vs. langtidsforl\u00f8b<\/strong><\/h3>\n<p style=\"text-align: justify;\">Det er langt fra en detalje, fordi varigheden p\u00e5virker b\u00e5de <strong>forl\u00f8bets effekt<\/strong>, den <strong>personlige indsats<\/strong> der kr\u00e6ves, <strong>kulturel fordybelse<\/strong> og den <strong>relation<\/strong>, du kan n\u00e5 at opbygge i m\u00f8det med mennesker lokalt. Nogle organisationer arbejder prim\u00e6rt med kortere forl\u00f8b for at kunne invitere mange deltagere ind over tid, mens andre l\u00e6gger v\u00e6gt p\u00e5 stabilitet og kontinuitet med deltagere, der kan v\u00e6re til stede l\u00e6ngere.<\/p>\n<p style=\"text-align: justify;\">I denne omfattende gennemgang ser vi p\u00e5 de vigtigste <strong>beslutningskriterier<\/strong>, n\u00e5r du skal v\u00e6lge den varighed, der passer til dine m\u00e5l. Vi viser ogs\u00e5, at begge formater rummer b\u00e5de fordele og ulemper \u2013 set fra deltagerens perspektiv, fra organisationens side og i forhold til de mennesker og initiativer, forl\u00f8bet knytter sig til. Til sidst f\u00e5r du praktiske r\u00e5d til forberedelse, uanset om dit ophold varer to uger eller ti m\u00e5neder, s\u00e5 du kan <strong>f\u00e5 mest muligt ud af<\/strong> oplevelsen og samtidig bidrage p\u00e5 en ansvarlig m\u00e5de.<\/p>\n<p><img loading=\"lazy\" decoding=\"async\" class=\"aligncenter wp-image-12321 size-medium\" src=\"https:\/\/www.vita-explorers.dk\/blog\/wp-content\/uploads\/2019\/01\/Les-volontaires-internationaux-en-Mongolie-GlobAlong-min-300x225.jpg\" alt=\"Volontariat de courte dur\u00e9e\" width=\"300\" height=\"225\" srcset=\"https:\/\/www.vita-explorers.dk\/blog\/wp-content\/uploads\/2019\/01\/Les-volontaires-internationaux-en-Mongolie-GlobAlong-min-300x225.jpg 300w, https:\/\/www.vita-explorers.dk\/blog\/wp-content\/uploads\/2019\/01\/Les-volontaires-internationaux-en-Mongolie-GlobAlong-min-768x576.jpg 768w, https:\/\/www.vita-explorers.dk\/blog\/wp-content\/uploads\/2019\/01\/Les-volontaires-internationaux-en-Mongolie-GlobAlong-min-150x113.jpg 150w, https:\/\/www.vita-explorers.dk\/blog\/wp-content\/uploads\/2019\/01\/Les-volontaires-internationaux-en-Mongolie-GlobAlong-min.jpg 960w\" sizes=\"(max-width: 300px) 100vw, 300px\" \/><\/p>\n<p><!-- SECTION 2 --><\/p>\n<h2 id=\"section2\">2. Hvad er et korttidsforl\u00f8b? Kendetegn og typiske profiler<\/h2>\n<p style=\"text-align: justify;\">Et <strong>korttidsforl\u00f8b<\/strong> d\u00e6kker typisk ophold p\u00e5 under tre til fire m\u00e5neder. Ofte ligger programmerne mellem <em>to uger<\/em> og <em>to m\u00e5neder<\/em>. Nogle deltagere kan kun rejse i deres ferie, andre bruger en sommerpause mellem to studie\u00e5r \u2013 eller en kort periode med fleksibilitet, f\u00f8r de vender tilbage til job og hverdag.<\/p>\n<p style=\"text-align: justify;\">I mange tilf\u00e6lde er kortere forl\u00f8b bygget op om <strong>afgr\u00e6nsede indsatser<\/strong>:<\/p>\n<ul>\n<li><em>Renoverings- eller byggeprojekter<\/em>, hvor deltagere hj\u00e6lper med at male, reparere eller opf\u00f8re lette faciliteter (klasselokaler, biblioteker, f\u00e6lleshuse m.m.).<\/li>\n<li><em>Milj\u00f8forl\u00f8b<\/em> som strandrensning, tr\u00e6plantning eller <a href=\"https:\/\/www.vita-explorers.dk\/frivilligt-arbejde\/costa-rica-internationalt-frivilligt-arbejde-okoprojekt-praktik\/beskyttelse-af-havskildpadder-frivilligt-arbejde.html\" target=\"_blank\" rel=\"noopener\">beskyttelse af havskildpadder<\/a> i yngles\u00e6sonen.<\/li>\n<li><em>Aktivitetsprogrammer<\/em> for b\u00f8rn \u2013 ofte som ferielejr eller legende l\u00e6ringsaktiviteter i en afgr\u00e6nset periode.<\/li>\n<li><em>Oplysnings- og forebyggelsesindsatser<\/em> om sundhed, hygiejne eller milj\u00f8, hvor der er brug for ekstra h\u00e6nder i en kort periode (vaccination, udlevering af myggenet, genbrugsworkshops osv.).<\/li>\n<\/ul>\n<h3><strong>Dette format tiltaler is\u00e6r:<\/strong><\/h3>\n<ol>\n<li><strong>Studerende<\/strong>, der vil bruge ferien p\u00e5 en meningsfuld erfaring med kulturudveksling, uden at s\u00e6tte studiet p\u00e5 pause.<\/li>\n<li><strong>Unge i job<\/strong>, som har nogle ugers ferie og gerne vil kombinere rejse med et konkret engagement.<\/li>\n<li>Personer <strong>i jobskifte eller omstilling<\/strong>, der ikke er klar til et langt ophold, og som hellere vil \u201cpr\u00f8ve det af\u201d f\u00f8rst.<\/li>\n<li>Deltagere ved <strong>deres f\u00f8rste internationale forl\u00f8b<\/strong>, som \u00f8nsker et koncentreret indblik i arbejde p\u00e5 tv\u00e6rs af lande og kulturer.<\/li>\n<li>Personer, der \u00f8nsker en <strong>hurtig og intensiv oplevelse<\/strong>, men som ikke kan eller vil v\u00e6re v\u00e6k l\u00e6nge (familie, arbejde, \u00f8konomi m.m.).<\/li>\n<\/ol>\n<p><!-- SECTION 3 --><\/p>\n<h2>3. Fordele ved et kortere engagement<\/h2>\n<h3 id=\"introduction\"><strong>Korttidsforl\u00f8b vs. langtidsforl\u00f8b:<\/strong><\/h3>\n<p style=\"text-align: justify;\">Et <a href=\"https:\/\/www.vita-explorers.dk\/blog\/varige-effekter-af-internationalt-frivilligt-arbejde\/\">frivilligt forl\u00f8b<\/a> af kortere varighed har flere <strong>styrker<\/strong>, som kan g\u00f8re det til det rigtige valg \u2013 afh\u00e6ngigt af din situation:<\/p>\n<ol>\n<li>\n<h4><strong>Fleksibilitet<\/strong><\/h4>\n<p style=\"text-align: justify;\">Du kan planl\u00e6gge dit ophold i en afgr\u00e6nset periode (ferie, kort sabbat, m.m.) uden at vende hele din hverdag p\u00e5 hovedet. Et ophold p\u00e5 nogle uger er ofte nemmere at f\u00e5 til at h\u00e6nge sammen \u2013 ogs\u00e5 i dialog med en arbejdsgiver.<\/p>\n<\/li>\n<li>\n<p style=\"text-align: justify;\"><strong>Mindre \u00f8konomisk forpligtelse<\/strong><\/p>\n<p>Et kortere ophold betyder som regel lavere udgifter: <a href=\"https:\/\/www.vita-explorers.dk\/blog\/dossiers-vita-ekstra-information-gode-rad-forskelle-sporgsmal-praktik-sprog-internationale-forlob-frivilligt-arbejde-sprogophold-udlandsophold-humanitaert-arbejde-projekt-sabbat\u00e5r\/trouver-billet-avion-astuces-vols-compagnies-aeriennes-prix-bon-benevolat-sejour-linguistique-stage-humanitaire\/\" target=\"_blank\" rel=\"noopener\">flybillet<\/a>, overnatning, mad osv. Selv n\u00e5r der er programgebyrer, er den samlede \u00f8konomi ofte mere overskuelig end ved et langt ophold. For mange med et stramt budget er det et afg\u00f8rende parameter.<\/li>\n<li>\n<p style=\"text-align: justify;\"><strong>Hurtig og intensiv l\u00e6ring<\/strong><\/p>\n<p>Kortere forl\u00f8b er ofte tilrettelagt, s\u00e5 du kommer i gang med det samme. Du kan opleve <a href=\"https:\/\/www.vita-explorers.dk\/blog\/kulturchok-det-er-helt-normalt\/\" target=\"_blank\" rel=\"noopener\"><em>kulturchok<\/em><\/a>, men ogs\u00e5 st\u00e6rk nysgerrighed og energi, fordi alt er nyt. Den intensitet kan styrke motivationen og n\u00e6rv\u00e6ret undervejs.<\/li>\n<li>\n<h4><strong>Mange forskellige erfaringer<br \/>\n<\/strong><\/h4>\n<p style=\"text-align: justify;\">Med kortere ophold kan du i nogle tilf\u00e6lde n\u00e5 flere forskellige forl\u00f8b i forskellige lande eller kontekster. P\u00e5 den m\u00e5de kan du over et \u00e5r afpr\u00f8ve <em>flere typer indsatser<\/em> (milj\u00f8, undervisning, sundhed m.m.) og m\u00f8de flere kulturelle virkeligheder.<\/p>\n<\/li>\n<li style=\"text-align: justify;\">\n<h4><strong>Mindre pres p\u00e5 planl\u00e6gningen<br \/>\n<\/strong><\/h4>\n<p>Selvf\u00f8lgelig skal du stadig s\u00e6tte dig ind i vacciner, visum, valuta og lokal kontekst, men tre uger kr\u00e6ver ofte mindre logistik end et \u00e5r. Du kan typisk planl\u00e6gge p\u00e5 f\u00e5 m\u00e5neder \u2013 og i nogle tilf\u00e6lde hurtigere, hvis programmet tillader tilmelding t\u00e6t p\u00e5 afrejse.<\/li>\n<\/ol>\n<p style=\"text-align: justify;\">Kort varighed kan derfor v\u00e6re et godt <strong>f\u00f8rste skridt<\/strong> ind i <a href=\"https:\/\/www.vita-explorers.dk\/volontariat-international.html\" target=\"_blank\" rel=\"noopener\">internationale forl\u00f8b<\/a> \u2013 med mange nye indtryk, uden at det n\u00f8dvendigvis kr\u00e6ver et stort brud med hverdagen eller en meget stor \u00f8konomi.<\/p>\n<p><img loading=\"lazy\" decoding=\"async\" class=\"aligncenter wp-image-11809 size-full\" src=\"https:\/\/www.vita-explorers.dk\/blog\/wp-content\/uploads\/2018\/10\/SBass-Trail-008-min.jpg\" alt=\"B\u00e9n\u00e9voles en s\u00e9curit\u00e9 et en volontariat \u00e0 l'\u00e9tranger\" width=\"190\" height=\"190\" srcset=\"https:\/\/www.vita-explorers.dk\/blog\/wp-content\/uploads\/2018\/10\/SBass-Trail-008-min.jpg 190w, https:\/\/www.vita-explorers.dk\/blog\/wp-content\/uploads\/2018\/10\/SBass-Trail-008-min-150x150.jpg 150w\" sizes=\"(max-width: 190px) 100vw, 190px\" \/><\/p>\n<p><!-- SECTION 4 --><\/p>\n<h2 id=\"section4\">4. Begr\u00e6nsninger og udfordringer ved korttidsforl\u00f8b<\/h2>\n<p style=\"text-align: justify;\">Selv med de oplagte fordele er det vigtigt at v\u00e6re bevidst om de <strong>barrierer<\/strong> og <strong>begr\u00e6nsninger<\/strong>, der ofte f\u00f8lger med et kort ophold:<\/p>\n<ol>\n<li style=\"text-align: justify;\">\n<h3><strong>Effekten kan blive overfladisk<br \/>\n<\/strong><\/h3>\n<p>P\u00e5 f\u00e5 uger er det sv\u00e6rt at f\u00e5 et dybt indblik i behov og processer \u2013 og endnu sv\u00e6rere at f\u00f8lge en udvikling t\u00e6t over tid. Risikoen er, at du prim\u00e6rt l\u00f8ser st\u00f8tteopgaver uden at n\u00e5 at bidrage til noget, der er stabilt forankret.<\/li>\n<li style=\"text-align: justify;\">\n<h3><strong>Begr\u00e6nset kulturel fordybelse<br \/>\n<\/strong><\/h3>\n<p>Kulturforst\u00e5else tager tid. P\u00e5 korte ophold er man ofte stadig \u201cg\u00e6st\u201d. Du kan sagtens f\u00e5 et indblik i hverdagen, men du n\u00e5r typisk ikke samme grad af <em>integration<\/em> og nuanceret forst\u00e5else som ved flere m\u00e5neder.<\/li>\n<li style=\"text-align: justify;\">\n<h3><strong>Kan v\u00e6re ressourcekr\u00e6vende for organisationen<br \/>\n<\/strong><\/h3>\n<p>At introducere nye deltagere, sikre logistik og f\u00f8lge op kr\u00e6ver tid og energi. Ved hurtig udskiftning (fx nye grupper hver 14. dag) kan udbyttet blive mindre, hvis kontinuiteten ikke er tydeligt planlagt.<\/li>\n<li style=\"text-align: justify;\">\n<h3><strong>Risiko for \u201cvoluntourism\u201d<br \/>\n<\/strong><\/h3>\n<p>Der findes udbydere, der s\u00e6lger korte ophold med fokus p\u00e5 eksotiske oplevelser og \u201cnyttige ferier\u201d, uden en klar plan eller reelt lokalt behov. I de tilf\u00e6lde kan deltagere st\u00e5 tilbage med en <em>uklar<\/em> oplevelse af at have \u201ck\u00f8bt\u201d en erfaring mere end at have bidraget meningsfuldt.<\/li>\n<li style=\"text-align: justify;\">\n<h3><strong>Personlig frustration<br \/>\n<\/strong><\/h3>\n<p>Lige n\u00e5r du begynder at forst\u00e5 sproget, skabe relationer og f\u00e5 greb om hverdagen, er det tid til at rejse hjem. Mange p\u00e5 kortere forl\u00f8b beskriver en f\u00f8lelse af, at de lige var kommet i gang \u2013 og et \u00f8nske om at vende tilbage i l\u00e6ngere tid.<\/li>\n<\/ol>\n<p style=\"text-align: justify;\">Korttidsforl\u00f8b kan alts\u00e5 v\u00e6re rigtig gode, hvis du <strong>v\u00e6lger forl\u00f8b med omtanke<\/strong>, forbereder dig p\u00e5 et h\u00f8jt tempo og accepterer, at et kort ophold ofte har en mere <em>afgr\u00e6nset<\/em> r\u00e6kkevidde.<\/p>\n<p><img loading=\"lazy\" decoding=\"async\" class=\"aligncenter wp-image-10998 size-medium\" src=\"https:\/\/www.vita-explorers.dk\/blog\/wp-content\/uploads\/2018\/09\/34157753_1455933167846477_3603537639346536448_o-min-300x200.jpg\" alt=\"volontaire internationaux\" width=\"300\" height=\"200\" srcset=\"https:\/\/www.vita-explorers.dk\/blog\/wp-content\/uploads\/2018\/09\/34157753_1455933167846477_3603537639346536448_o-min-300x200.jpg 300w, https:\/\/www.vita-explorers.dk\/blog\/wp-content\/uploads\/2018\/09\/34157753_1455933167846477_3603537639346536448_o-min-768x512.jpg 768w, https:\/\/www.vita-explorers.dk\/blog\/wp-content\/uploads\/2018\/09\/34157753_1455933167846477_3603537639346536448_o-min-1024x683.jpg 1024w, https:\/\/www.vita-explorers.dk\/blog\/wp-content\/uploads\/2018\/09\/34157753_1455933167846477_3603537639346536448_o-min-150x100.jpg 150w, https:\/\/www.vita-explorers.dk\/blog\/wp-content\/uploads\/2018\/09\/34157753_1455933167846477_3603537639346536448_o-min.jpg 2048w\" sizes=\"(max-width: 300px) 100vw, 300px\" \/><\/p>\n<p><!-- SECTION 5 --><\/p>\n<h2 id=\"section5\">5. Hvad er et langtidsforl\u00f8b? S\u00e6rlige rammer og hensyn<\/h2>\n<h3 id=\"introduction\"><strong>Korttidsforl\u00f8b vs. langtidsforl\u00f8b:<\/strong><\/h3>\n<p style=\"text-align: justify;\">Et <strong>langtidsforl\u00f8b<\/strong> d\u00e6kker ophold over flere m\u00e5neder \u2013 og i nogle tilf\u00e6lde flere \u00e5r. Typisk taler man om mindst <em>tre til fire m\u00e5neder<\/em>, og det er ikke us\u00e6dvanligt at v\u00e6re afsted i <em>6 til 12 m\u00e5neder. <\/em>Her bliver du i h\u00f8jere grad en del af <em>hverdagen<\/em> i den organisation, der tager imod. Det kan for eksempel betyde, at du:<\/p>\n<ul>\n<li>F\u00f8lger et undervisnings- eller l\u00e6ringsforl\u00f8b over tid (lektiehj\u00e6lp, alfabetisering, erhvervstr\u00e6ning m.m.).<\/li>\n<li>Deltager i l\u00e6ngere dataindsamling og observation (dyreliv, natur, milj\u00f8) over en periode, der g\u00f8r resultaterne mere robuste.<\/li>\n<li>Er med til at organisere, koordinere og planl\u00e6gge et program (fx forbedring af sanit\u00e6re forhold, landbrugsinitiativer m.m.).<\/li>\n<li>Opbygger og deler mere specialiserede kompetencer, fx inden for sundhed, teknik eller sociale indsatser, hvor der b\u00e5de kr\u00e6ves faglighed og tid til at blive ordentligt introduceret.<\/li>\n<\/ul>\n<p style=\"text-align: justify;\">Langtidsforl\u00f8b v\u00e6lges ofte af personer, der \u00f8nsker at give deres engagement en tydeligere retning:<\/p>\n<ol>\n<li><strong>Fagprofessionelle<\/strong> p\u00e5 <a href=\"https:\/\/www.vita-explorers.dk\/blog\/sabbat\u00e5r-frivilligt-arbejde-verden-rundt\/\" target=\"_blank\" rel=\"noopener\">sabbat\u00e5r<\/a> eller i jobskifte, som vil bruge tid p\u00e5 en sag, de finder meningsfuld.<\/li>\n<li><strong>Studerende<\/strong> sidst i uddannelsen, der v\u00e6lger praktik eller et l\u00e6ngere forl\u00f8b som en del af et sabbat\u00e5r og \u00f8nsker en <em>solid<\/em> erfaring.<\/li>\n<li><strong>Aktive pensionister<\/strong>, der gerne vil bringe deres erhvervserfaring i spil.<\/li>\n<li><strong>Personer med s\u00e6rlig interesse<\/strong> for en region eller et tema (biodiversitet, undervisning, sundhed m.m.), som vil <em>fordybe<\/em> sig og bidrage over tid.<\/li>\n<li><strong>Personer<\/strong> der s\u00f8ger et st\u00f8rre skifte i livet og er klar til at bo l\u00e6ngere tid i et andet land for at v\u00e6re til stede i praksis.<\/li>\n<\/ol>\n<p><!-- SECTION 6 --><\/p>\n<h2 id=\"section6\">6. De st\u00f8rste gevinster ved et l\u00e6ngere forl\u00f8b<\/h2>\n<p style=\"text-align: justify;\">Hvorfor v\u00e6lge at rejse ud i l\u00e6ngere tid? <strong>Langtidsforl\u00f8b<\/strong> giver en r\u00e6kke fordele:<\/p>\n<ol>\n<li style=\"text-align: justify;\"><strong>Dybere effekt<\/strong><br \/>\nN\u00e5r du bliver l\u00e6nge nok, kan du bedre <em>forst\u00e5 behovene<\/em>, justere din indsats undervejs og f\u00f8lge op. Det giver ofte et mere stabilt bidrag, end n\u00e5r man kun kan hj\u00e6lpe i korte nedslag.<\/li>\n<li style=\"text-align: justify;\"><strong>Reel kulturel fordybelse<\/strong><br \/>\nDu f\u00e5r tid til at l\u00e6re i hvert fald <em>det grundl\u00e6ggende<\/em> sprog, skabe relationer og forst\u00e5 traditioner og hverdag i dybden. Den fordybelse <em>styrker den menneskelige erfaring<\/em> og giver bedre blik for lokale sammenh\u00e6nge.<\/li>\n<li style=\"text-align: justify;\"><strong>Tillid og samarbejde over tid<\/strong><br \/>\nOver tid opbygges der en naturlig rytme i samarbejdet. N\u00e5r du er kendt i hverdagen, f\u00e5r du ofte mere ansvar og st\u00f8rre handlefrihed \u2013 og det kan g\u00f8re de opgaver, du er med i, mere stabile og trov\u00e6rdige.<\/li>\n<li style=\"text-align: justify;\"><strong>St\u00e6rkere kompetencer<\/strong><br \/>\nP\u00e5 et l\u00e6ngere ophold kan du udvikle projektforst\u00e5else, ansvarlighed i praksis og evnen til at h\u00e5ndtere komplekse problemstillinger \u2013 og i nogle tilf\u00e6lde specialisere dig (fx naturbeskyttelse, b\u00e6redygtigt byggeri, p\u00e6dagogiske metoder). <a href=\"https:\/\/www.vita-explorers.dk\/blog\/VITA-tips: S\u00e5dan fremh\u00e6ver du dit engagement som deltager p\u00e5 LinkedIn\/\" target=\"_blank\" rel=\"noopener\">Det kan ogs\u00e5 styrke din profil<\/a> og din personlige l\u00e6ring.<\/li>\n<li style=\"text-align: justify;\"><strong>Personlig udvikling<\/strong><br \/>\nAt v\u00e6re uden for sin komfortzone i l\u00e6ngere tid udfordrer vaner, gr\u00e6nser og forforst\u00e5elser. Mange beskriver, at de kommer hjem med et bredere perspektiv, mere t\u00e5lmodighed og nye prioriteter.<\/li>\n<\/ol>\n<p style=\"text-align: justify;\">Et langtidsforl\u00f8b kan dermed blive en del af en mere <strong>helhedsorienteret<\/strong> proces \u2013 b\u00e5de personligt og fagligt \u2013 samtidig med at det kan give en mere stabil st\u00f8tte til igangv\u00e6rende indsatser.<\/p>\n<p><img loading=\"lazy\" decoding=\"async\" class=\"aligncenter wp-image-9951 size-medium\" src=\"https:\/\/www.vita-explorers.dk\/blog\/wp-content\/uploads\/2018\/05\/volontaire-en-Jamaique-avec-globalong-en-ballade-min-300x225.jpg\" alt=\"Volontariat \u00e0 long terme\" width=\"300\" height=\"225\" srcset=\"https:\/\/www.vita-explorers.dk\/blog\/wp-content\/uploads\/2018\/05\/volontaire-en-Jamaique-avec-globalong-en-ballade-min-300x225.jpg 300w, https:\/\/www.vita-explorers.dk\/blog\/wp-content\/uploads\/2018\/05\/volontaire-en-Jamaique-avec-globalong-en-ballade-min-768x576.jpg 768w, https:\/\/www.vita-explorers.dk\/blog\/wp-content\/uploads\/2018\/05\/volontaire-en-Jamaique-avec-globalong-en-ballade-min-150x113.jpg 150w, https:\/\/www.vita-explorers.dk\/blog\/wp-content\/uploads\/2018\/05\/volontaire-en-Jamaique-avec-globalong-en-ballade-min.jpg 960w\" sizes=\"(max-width: 300px) 100vw, 300px\" \/><\/p>\n<p><!-- SECTION 7 --><\/p>\n<h2 id=\"section7\">7. Udfordringer og krav ved et l\u00e6ngere ophold<\/h2>\n<p style=\"text-align: justify;\">At rejse ud i flere m\u00e5neder eller \u00e5r passer ikke til alle og kommer med sine egne <strong>udfordringer<\/strong>:<\/p>\n<ol>\n<li style=\"text-align: justify;\"><strong>Budget og logistik<\/strong><br \/>\nEt l\u00e6ngere ophold kr\u00e6ver typisk en st\u00f8rre \u00f8konomi (leveomkostninger, fly, forsikringer osv.). Derfor er det vigtigt at planl\u00e6gge opsparing og eventuelt finde <em>finansiering<\/em> (legater, st\u00f8tte, crowdfunding m.m.).<\/li>\n<li style=\"text-align: justify;\"><strong>Pause fra hverdagen derhjemme<\/strong><br \/>\nAt tage fri fra job, s\u00e6tte studiet p\u00e5 hold eller v\u00e6re v\u00e6k fra familie og venner i l\u00e6ngere tid er store beslutninger. Man kan ogs\u00e5 komme til at <em>misse<\/em> vigtige begivenheder derhjemme, og det kr\u00e6ver en realistisk afstemning af forventninger.<\/li>\n<li style=\"text-align: justify;\"><strong>Dyb tilpasning<\/strong><br \/>\nEt <a href=\"https:\/\/www.vita-explorers.dk\/blog\/kulturchok-det-er-helt-normalt\/\" target=\"_blank\" rel=\"noopener\">kulturchok<\/a> kan ogs\u00e5 opst\u00e5 over tid. De f\u00f8rste m\u00e5neder kan f\u00f8les sp\u00e6ndende, men senere kan der komme tvivl, ensomhed eller friktion i m\u00f8det med lokale normer. <em>Robusthed<\/em> og <em>motivation<\/em> er afg\u00f8rende, n\u00e5r man skal st\u00e5 i det over l\u00e6ngere tid.<\/li>\n<li style=\"text-align: justify;\"><strong>Mulig f\u00f8lelse af isolation<\/strong><br \/>\nAlt efter hvor du bor (fx et afsides landomr\u00e5de eller steder med begr\u00e6nset infrastruktur) kan du opleve at v\u00e6re mere <em>afkoblet<\/em> fra omverdenen. Det kan v\u00e6re mentalt kr\u00e6vende \u2013 is\u00e6r hvis komfortniveauet er enkelt.<\/li>\n<li style=\"text-align: justify;\"><strong>Usikkerhed ved hjemkomst<\/strong><br \/>\nJo l\u00e6ngere du er v\u00e6k, desto sv\u00e6rere kan det v\u00e6re at <em>finde fodf\u00e6ste<\/em> i den gamle hverdag. <a href=\"https:\/\/www.vita-explorers.dk\/blog\/omvendt-kulturchok\/\" target=\"_blank\" rel=\"noopener\">Omvendt kulturchok<\/a> er velkendt: man kommer hjem til et tempo og en hverdag, som kan f\u00f8les fremmed, og omgivelserne forst\u00e5r ikke altid det, man har oplevet.<\/li>\n<\/ol>\n<p style=\"text-align: justify;\">At v\u00e6lge <strong>lang varighed<\/strong> kr\u00e6ver derfor en moden beslutning: Det er ikke bare en rejse, men et reelt engagement, som stiller st\u00f8rre krav \u2013 b\u00e5de \u00f8konomisk og mentalt.<\/p>\n<p><!-- SECTION 8 --><\/p>\n<h2 id=\"section8\">8. Hvilken effekt giver varigheden? En dybdeg\u00e5ende sammenligning<\/h2>\n<h3 id=\"introduction\"><strong>Korttidsforl\u00f8b vs. langtidsforl\u00f8b:<\/strong><\/h3>\n<p style=\"text-align: justify;\">Sp\u00f8rgsm\u00e5let om <strong>effekt<\/strong> st\u00e5r ofte centralt i diskussionen om kort vs. langt. Kan man v\u00e6re til nytte p\u00e5 to uger? Skal man blive seks m\u00e5neder for at g\u00f8re en forskel? Det afh\u00e6nger i h\u00f8j grad af <em>konteksten<\/em> og <em>forl\u00f8bets karakter<\/em>:<\/p>\n<ul>\n<li style=\"text-align: justify;\"><strong>Afgr\u00e6nsede indsatser<\/strong><br \/>\nNogle forl\u00f8b er designet til at mobilisere mange deltagere hurtigt omkring en konkret opgave (festival, vaccinationskampagne, byggeprojekt m.m.). Her kan kort varighed give god mening \u2013 is\u00e6r hvis det er en del af en tydelig plan, hvor bidragene l\u00e6gger sig oven p\u00e5 hinanden.<\/li>\n<li style=\"text-align: justify;\"><strong>Strukturelle indsatser<\/strong><br \/>\nN\u00e5r det handler om langsigtede forbedringer \u2013 fx uddannelse, sundhedsstrukturer eller adgang til vand \u2013 bliver <em>kontinuitet<\/em> vigtig. Behovet for opf\u00f8lgning og faglig forankring er typisk st\u00f8rre, og l\u00e6ngere ophold kan styrke kvaliteten.<\/li>\n<li style=\"text-align: justify;\"><strong>Relationer<\/strong><br \/>\nJo kortere tid, desto sv\u00e6rere kan det v\u00e6re at opbygge <em>dybe relationer<\/em>. Det betyder ikke, at man ikke kan skabe tillid, men stabilitet \u2013 b\u00e5de menneskeligt og praktisk \u2013 er ofte lettere at opn\u00e5 i l\u00e6ngere forl\u00f8b.<\/li>\n<li style=\"text-align: justify;\"><strong>L\u00e6ring og videre engagement<\/strong><br \/>\nSelv et kort ophold kan s\u00e6tte spor og f\u00e5 dig til at <em>forts\u00e6tte dit engagement<\/em> hjemme (st\u00f8tte, oplysning, senere deltagelse igen). Den indirekte effekt kan v\u00e6re stor. Omvendt kan et l\u00e6ngere ophold forankre et <em>dybt og vedvarende<\/em> engagement, som p\u00e5virker karrierevalg og hverdag langt efter hjemkomst.<\/li>\n<\/ul>\n<p style=\"text-align: justify;\">I sidste ende er effekt ikke <em>kun<\/em> et sp\u00f8rgsm\u00e5l om tid \u2013 men varighed spiller en rolle. Det vigtigste er <strong>sammenh\u00e6ngen<\/strong>: at forl\u00f8bet passer til lokale forhold, at rammerne er ansvarlige, og at du er godt forberedt og indstillet p\u00e5 at bidrage respektfuldt. <strong>Uanset om du rejser 2 uger eller 6 m\u00e5neder, b\u00f8r de forhold v\u00e6re p\u00e5 plads.<\/strong><\/p>\n<p><img loading=\"lazy\" decoding=\"async\" class=\"aligncenter wp-image-8485 size-full\" src=\"https:\/\/www.vita-explorers.dk\/blog\/wp-content\/uploads\/2017\/12\/volontaires-internationaux-sur-le-programme-de-conservation-marine-GlobAlong-min.jpg\" alt=\"volontariat de protections des tortues\" width=\"300\" height=\"300\" srcset=\"https:\/\/www.vita-explorers.dk\/blog\/wp-content\/uploads\/2017\/12\/volontaires-internationaux-sur-le-programme-de-conservation-marine-GlobAlong-min.jpg 300w, https:\/\/www.vita-explorers.dk\/blog\/wp-content\/uploads\/2017\/12\/volontaires-internationaux-sur-le-programme-de-conservation-marine-GlobAlong-min-150x150.jpg 150w\" sizes=\"(max-width: 300px) 100vw, 300px\" \/><\/p>\n<p><!-- SECTION 9 --><\/p>\n<h2 id=\"section9\">9. S\u00e5dan v\u00e6lger du rigtigt (budget, tid, m\u00e5l og kontekst)<\/h2>\n<p style=\"text-align: justify;\">Hvordan afg\u00f8r du, om du skal rejse to uger, to m\u00e5neder eller et \u00e5r? Her er nogle <strong>gode sp\u00f8rgsm\u00e5l<\/strong> at tage med i overvejelserne:<\/p>\n<ol>\n<li style=\"text-align: justify;\"><strong>Din situation<\/strong><br \/>\nHar du et job, mulighed for orlov eller et sabbat\u00e5r? Er du studerende, pensionist eller midt i et skifte? Din reelle mulighed for at v\u00e6re v\u00e6k er ofte det, der s\u00e6tter rammen for varigheden.<\/li>\n<li style=\"text-align: justify;\"><strong>Dit budget<\/strong><br \/>\nHar du \u00f8konomi til flere m\u00e5neder i udlandet? Kortere forl\u00f8b kan v\u00e6re nemmere at finansiere via opsparing eller enkeltst\u00e5ende st\u00f8tte.<\/li>\n<li style=\"text-align: justify;\"><strong>Hvilken type forl\u00f8b det er<\/strong><br \/>\nHvis forl\u00f8bet kr\u00e6ver <em>specialiseret faglighed<\/em> (sundhed, teknik, projektledelse), foretr\u00e6kker man ofte l\u00e6ngere engagement, s\u00e5 dine kompetencer kan komme ordentligt i spil. Ved bygge- eller oplysningsindsatser kan nogle uger til geng\u00e6ld v\u00e6re nok til at give konkret st\u00f8tte.<\/li>\n<li style=\"text-align: justify;\"><strong>Dine personlige m\u00e5l<\/strong><br \/>\nLeder du efter et hurtigt kulturelt \u201cwake-up call\u201d, en afpr\u00f8vning af din omstillingsevne \u2013 eller \u00f8nsker du at <em>\u00e6ndre retning<\/em> i dit liv? I det sidste tilf\u00e6lde kan et langt ophold give et st\u00f8rre l\u00e6ringsrum.<\/li>\n<li style=\"text-align: justify;\"><strong>Den lokale kontekst<\/strong><br \/>\nS\u00e6t dig ind i <em>virkeligheden p\u00e5 stedet<\/em>: Nogle programmer er tilrettelagt til korte ophold, mens andre kr\u00e6ver l\u00e6ngere tid for at give mening. L\u00e6s beskrivelserne grundigt og stil konkrete sp\u00f8rgsm\u00e5l, f\u00f8r du beslutter dig.<\/li>\n<\/ol>\n<p style=\"text-align: justify;\">Der findes ikke \u00e9t rigtigt svar \u2013 men en <strong>balance<\/strong> mellem dine muligheder, dine ambitioner og det, forl\u00f8bet reelt har brug for.<\/p>\n<p><!-- SECTION 10 --><\/p>\n<h2 id=\"section10\">10. Myter og misforst\u00e5elser om varighed<\/h2>\n<p><img loading=\"lazy\" decoding=\"async\" class=\"aligncenter wp-image-8494 size-medium\" src=\"https:\/\/www.vita-explorers.dk\/blog\/wp-content\/uploads\/2017\/12\/Une-volontaire-internationale-au-Ghana-min-300x225.jpg\" alt=\"B\u00e9n\u00e9vole en mission humanitaire \u00e0 l'\u00e9tranger\" width=\"300\" height=\"225\" srcset=\"https:\/\/www.vita-explorers.dk\/blog\/wp-content\/uploads\/2017\/12\/Une-volontaire-internationale-au-Ghana-min-300x225.jpg 300w, https:\/\/www.vita-explorers.dk\/blog\/wp-content\/uploads\/2017\/12\/Une-volontaire-internationale-au-Ghana-min-768x576.jpg 768w, https:\/\/www.vita-explorers.dk\/blog\/wp-content\/uploads\/2017\/12\/Une-volontaire-internationale-au-Ghana-min-150x113.jpg 150w, https:\/\/www.vita-explorers.dk\/blog\/wp-content\/uploads\/2017\/12\/Une-volontaire-internationale-au-Ghana-min.jpg 1000w\" sizes=\"(max-width: 300px) 100vw, 300px\" \/><\/p>\n<h3 id=\"introduction\"><strong>Korttidsforl\u00f8b vs. langtidsforl\u00f8b<\/strong><\/h3>\n<p style=\"text-align: justify;\">Der florerer mange <strong>myter<\/strong> om korte og lange forl\u00f8b. Her er nogle af de mest udbredte \u2013 med et mere nuanceret blik:<\/p>\n<ol>\n<li style=\"text-align: justify;\">\n<h3><strong><em>\u201cHvis man ikke er afsted mindst 6 m\u00e5neder, nytter det ikke.\u201d<br \/>\n<\/em><\/strong><\/h3>\n<p>Det passer ikke. Mange korte forl\u00f8b har en <em>konkret, afgr\u00e6nset<\/em> effekt \u2013 is\u00e6r n\u00e5r de er en del af et st\u00f8rre program. En to ugers genplantningsindsats kan fx bygge p\u00e5 en k\u00e6de af hold, der tilsammen skaber en tydelig samlet effekt.<\/li>\n<li style=\"text-align: justify;\">\n<h3><strong><em>\u201cKorte forl\u00f8b er altid voluntourism.\u201d<\/em><\/strong><\/h3>\n<p>Ikke n\u00f8dvendigvis. Der findes seri\u00f8se akt\u00f8rer, som tilbyder korte ophold med klare rammer og lokalt forankrede aktiviteter. Voluntourism opst\u00e5r is\u00e6r, n\u00e5r opholdet prim\u00e6rt s\u00e6lges som turisme \u2013 uden tydeligt form\u00e5l eller konkret behov.<\/li>\n<li style=\"text-align: justify;\">\n<h3><strong><em>\u201cLange forl\u00f8b er kun for erfarne.\u201d<\/em><\/strong><\/h3>\n<p>Nogle indsatser kr\u00e6ver specifikke kompetencer, men mange tager ogs\u00e5 imod deltagere, der er <em>motiverede<\/em> og villige til at l\u00e6re. Det afg\u00f8rende er, at du forst\u00e5r <em>rammerne<\/em> og den <em>indsats<\/em>, der forventes. Ofte f\u00e5r man introduktion og opl\u00e6ring f\u00f8r eller under opholdet.<\/li>\n<li style=\"text-align: justify;\">\n<h3><strong><em>\u201cAt rejse ud et \u00e5r er spild af tid.\u201d<\/em><\/strong><\/h3>\n<p>Det afh\u00e6nger af dine prioriteringer. For nogle er et \u00e5r i et solidaritetsforl\u00f8b en uvurderlig <em>investering<\/em> \u2013 menneskeligt og fagligt \u2013 som kan styrke b\u00e5de selvtillid og retning. For andre giver det bedre mening at engagere sig lokalt i Danmark. Der findes ikke en universel m\u00e5lestok.<\/li>\n<li style=\"text-align: justify;\">\n<h3><strong><em>\u201cLange forl\u00f8b giver altid en k\u00e6mpe effekt.\u201d<\/em><\/strong><\/h3>\n<p>Det afh\u00e6nger af forl\u00f8bets <em>kvalitet<\/em>, din indsats og de <em>ressourcer<\/em>, der er til r\u00e5dighed. 12 m\u00e5neder i et d\u00e5rligt organiseret program kan give mindre v\u00e6rdi end 2 intensive m\u00e5neder i et velforberedt forl\u00f8b. Varighed er ikke alt.<\/li>\n<\/ol>\n<p style=\"text-align: justify;\">Som du kan se, er <strong>kort vs. lang varighed ikke et sp\u00f8rgsm\u00e5l med \u00e9t facit.<\/strong> Begge formater kr\u00e6ver en nuanceret vurdering \u2013 uden de klich\u00e9er, der ellers kan farve valget.<\/p>\n<p><!-- SECTION 11 --><\/p>\n<h2>11. Cases: korttidsforl\u00f8b vs. langtidsforl\u00f8b<\/h2>\n<p style=\"text-align: justify;\">For at g\u00f8re forskellene mere <strong>konkrete<\/strong> kan vi se p\u00e5 nogle eksempler:<\/p>\n<h3 style=\"text-align: justify;\"><strong>Case 1: <\/strong><\/h3>\n<p style=\"text-align: justify;\"><strong>Milj\u00f8forl\u00f8b i Costa Rica<\/strong><\/p>\n<p>En lokal organisation arrangerer hver sommer hold p\u00e5 2 uger, hvor fokus er <em>beskyttelse af havskildpadder<\/em>. Deltagerne patruljerer om natten p\u00e5 strandene, finder reder og hj\u00e6lper med at sikre \u00e6ggene i et beskyttet milj\u00f8.<\/p>\n<p style=\"text-align: justify;\">Forl\u00f8bet fungerer godt med l\u00f8bende, mindre grupper, fordi det er knyttet til yngles\u00e6sonen og kr\u00e6ver mange h\u00e6nder i en kort periode. Selv om hver deltager kun er der i 14 dage, er den <strong>samlede effekt<\/strong> tydelig: tusindvis af \u00e6g kan beskyttes hvert \u00e5r.<\/p>\n<h3 style=\"text-align: justify;\"><strong>Case 2: <\/strong><\/h3>\n<p style=\"text-align: justify;\"><strong>Alfabetiseringsprogram i Senegal<br \/>\n<\/strong><br \/>\nHer har organisationen brug for <em>undervisere<\/em>, der kan f\u00f8lge deltagere (b\u00f8rn og voksne) i flere m\u00e5neder, s\u00e5 l\u00e6ringen bliver sammenh\u00e6ngende. For hurtig udskiftning uden opf\u00f8lgning vil v\u00e6re uhensigtsm\u00e6ssig, fordi man hele tiden skal s\u00e6tte nye deltagere ind i niveau og behov.<\/p>\n<p style=\"text-align: justify;\">I den type program prioriteres et <strong>langtidsforl\u00f8b<\/strong> typisk for at skabe relationer, se udfordringerne tydeligt, justere metoder og f\u00f8lge udviklingen. Effekten bliver ofte markant st\u00f8rre over tid.<\/p>\n<h3 style=\"text-align: justify;\"><strong>Case 3:<\/strong><\/h3>\n<p style=\"text-align: justify;\"><strong> Hurtigt byggeprojekt i Filippinerne<br \/>\n<\/strong><br \/>\nEfter en \u00f8del\u00e6ggende tyfon skiftes internationale deltagere i hold af 3 uger for at genopbygge midlertidige boliger. Hvert hold forts\u00e6tter, hvor det forrige slap \u2013 under <a href=\"https:\/\/www.vita-explorers.dk\/blog\/frivilligt-arbejde-ingeni\u00f8r\/\" target=\"_blank\" rel=\"noopener\">koordination af ingeni\u00f8rer<\/a> og lokale ansvarlige. Selvom indsatsen er opdelt i korte ophold, holdes den r\u00f8de tr\u00e5d af faste kr\u00e6fter, der sikrer sammenh\u00e6ng i arbejdet.<\/p>\n<p style=\"text-align: justify;\">I den type situation kan <strong>hyppighed<\/strong> og <strong>antal<\/strong> deltagere v\u00e6re vigtigere end den enkeltes varighed.<\/p>\n<p style=\"text-align: justify;\">Eksemplerne viser, at <strong>flere varigheder<\/strong> kan give mening \u2013 hvis de passer til <em>konteksten<\/em>, og hvis forl\u00f8bet er ordentligt <em>struktureret<\/em>.<\/p>\n<p><!-- SECTION 12 --><\/p>\n<h2 id=\"section12\">12. Gode r\u00e5d: s\u00e5dan forbereder du dig efter varighed<\/h2>\n<p style=\"text-align: justify;\">Uanset om du v\u00e6lger kort eller lang varighed, er nogle <strong>grundprincipper<\/strong> vigtige:<\/p>\n<ol>\n<li style=\"text-align: justify;\"><strong>S\u00e6t dig grundigt ind i forl\u00f8bet<\/strong><br \/>\nPr\u00f8v at tale med tidligere deltagere. L\u00e6s <a href=\"https:\/\/www.vita-explorers.dk\/blog\/avis-globalong\/\" target=\"_blank\" rel=\"noopener\"><em>anmeldelser<\/em> eller <em>oplevelser<\/em><\/a> om organisationen. Stil konkrete sp\u00f8rgsm\u00e5l: boligforhold, din rolle, forventet bidrag, og hvordan der sikres kontinuitet.<\/li>\n<li style=\"text-align: justify;\"><strong>V\u00e6r tydelig p\u00e5 dine m\u00e5l<\/strong><br \/>\nHvorfor rejser du ud? Hvad vil du l\u00e6re \u2013 og hvad h\u00e5ber du at bidrage med? To uger for at afklare, om et internationalt engagement er noget for dig, kan v\u00e6re et helt legitimt m\u00e5l. Seks m\u00e5neder for at v\u00e6re med i et agroforestry-projekt er et andet. Det vigtigste er at v\u00e6re \u00e6rlig om <em>hvad du sigter efter<\/em>.<\/li>\n<li style=\"text-align: justify;\"><strong>Vurder dine ressourcer (tid, \u00f8konomi, energi)<\/strong><br \/>\nJo l\u00e6ngere ophold, desto vigtigere er en realistisk finansiering. Er du klar til en mere enkel hverdag, hvis forl\u00f8bet kr\u00e6ver det? Har du helbred og trivsel til klima og rammer p\u00e5 stedet?<\/li>\n<li style=\"text-align: justify;\"><strong>Bliv kl\u00e6dt p\u00e5, hvis det er n\u00f8dvendigt<\/strong><br \/>\nNogle gange g\u00f8r en <em>kort forberedelse<\/em> en stor forskel: sprog, grundl\u00e6ggende projektforst\u00e5else, f\u00f8rstehj\u00e6lp osv. Mange organisationer tilbyder online eller fysisk introduktion for at give deltagerne et bedre afs\u00e6t.<\/li>\n<li style=\"text-align: justify;\"><strong>T\u00e6nk over tiden efter opholdet<\/strong><br \/>\nHvordan vil du bruge erfaringen bagefter \u2013 fagligt (CV, kompetencer) og personligt (deling, fortsat engagement)? Ved l\u00e6ngere ophold er det v\u00e6rd at planl\u00e6gge hjemkomst og n\u00e6ste skridt. Ved kortere ophold kan du overveje, hvordan du kan <em>holde engagementet i live<\/em>, n\u00e5r du er hjemme igen.<\/li>\n<\/ol>\n<p style=\"text-align: justify;\">God <strong>forberedelse<\/strong> er n\u00f8glen til at undg\u00e5 skuffelser og til, at dit ophold \u2013 uanset varighed \u2013 bliver s\u00e5 trygt, realistisk og udbytterigt som muligt.<\/p>\n<p style=\"text-align: justify;\"><!-- SECTION 13 --><\/p>\n<h2 id=\"section13\" style=\"text-align: justify;\">13. Stemmer og oplevelser: erfaringer fra deltagere<\/h2>\n<h3 id=\"introduction\"><strong>Korttidsforl\u00f8b vs. langtidsforl\u00f8b<\/strong><\/h3>\n<div class=\"ti-widget ti-goog\" data-layout-id=\"4\" data-set-id=\"light-background\" data-pid=\"\" data-language=\"fr\" data-version=\"2\" data-review-target-width=\"300\" data-review-text-mode=\"readmore\" data-pager-autoplay-timeout=\"6\" > <div class=\"ti-widget-container ti-col-3\"> <div class=\"ti-reviews-container\"> <div class=\"ti-controls\"> <div class=\"ti-next\" aria-label=\"Avis suivante\" role=\"button\"><\/div> <div class=\"ti-prev\" aria-label=\"Avis pr\u00e9c\u00e9dent\" role=\"button\"><\/div> <\/div> <div class=\"ti-reviews-container-wrapper\">  <div data-empty=\"0\" class=\"ti-review-item source-Google ti-image-layout-thumbnail\" data-id=\"cfcd208495d565ef66e7dff9f98764da\" > <div class=\"ti-inner\"> <div class=\"ti-review-header\"> <div class=\"ti-profile-img\"> <img decoding=\"async\" src=\"https:\/\/lh3.googleusercontent.com\/a\/ACg8ocKpaoKe37CD0_POxO97KqB60GsWQRsIuG2vmCfXT-W_FY44vw=s120-c-rp-mo-br100\" srcset=\"https:\/\/lh3.googleusercontent.com\/a\/ACg8ocKpaoKe37CD0_POxO97KqB60GsWQRsIuG2vmCfXT-W_FY44vw=s120-c-rp-mo-br100 2x\" alt=\"Lucie Correia\" loading=\"lazy\" \/> <\/div> <div class=\"ti-profile-details\"> <div class=\"ti-name\"> Lucie Correia <\/div> <div class=\"ti-date\">2024-10-17<\/div> <\/div> <\/div> <span class=\"ti-stars\"><span class=\"ti-star f\"><\/span><span class=\"ti-star f\"><\/span><span class=\"ti-star f\"><\/span><span class=\"ti-star f\"><\/span><span class=\"ti-star f\"><\/span><\/span> <div class=\"ti-review-text-container ti-review-content\"><!-- R-CONTENT -->La communication avec Globalong est super, personnes tr\u00e8s pr\u00e9sentes pour les b\u00e9n\u00e9voles et \u00e9tudiants partant avec cette association. Elles r\u00e9pondent \u00e0 toutes nos questions et sont tr\u00e8s accessibles au t\u00e9l\u00e9phone.<!-- R-CONTENT --><\/div> <span class=\"ti-read-more\" data-container=\".ti-review-content\" data-collapse-text=\"Cacher\" data-open-text=\"Lire la suite\" ><\/span> <\/div> <\/div>  <div data-empty=\"0\" class=\"ti-review-item source-Google ti-image-layout-thumbnail\" data-id=\"cfcd208495d565ef66e7dff9f98764da\" > <div class=\"ti-inner\"> <div class=\"ti-review-header\"> <div class=\"ti-profile-img\"> <img decoding=\"async\" src=\"https:\/\/lh3.googleusercontent.com\/a-\/ALV-UjWqnnzM7-7c9BDqeTDF-a7pOgNjvLkJ3WshRd_Tn7z0Eu-AGQwo=s120-c-rp-mo-br100\" srcset=\"https:\/\/lh3.googleusercontent.com\/a-\/ALV-UjWqnnzM7-7c9BDqeTDF-a7pOgNjvLkJ3WshRd_Tn7z0Eu-AGQwo=s120-c-rp-mo-br100 2x\" alt=\"Ra\u00efssa Frisch\" loading=\"lazy\" \/> <\/div> <div class=\"ti-profile-details\"> <div class=\"ti-name\"> Ra\u00efssa Frisch <\/div> <div class=\"ti-date\">2024-10-14<\/div> <\/div> <\/div> <span class=\"ti-stars\"><span class=\"ti-star f\"><\/span><span class=\"ti-star f\"><\/span><span class=\"ti-star f\"><\/span><span class=\"ti-star f\"><\/span><span class=\"ti-star f\"><\/span><\/span> <div class=\"ti-review-text-container ti-review-content\"><!-- R-CONTENT -->J\u2019ai d\u00e9j\u00e0 eu l\u2019opportunit\u00e9 de r\u00e9aliser deux projets humanitaires avec l\u2019association Globalong. Je ne peux que la recommander, car j\u2019ai toujours b\u00e9n\u00e9fici\u00e9 d\u2019un excellent accompagnement, aussi bien avant que pendant le voyage. On ne vous laisse pas vous d\u00e9brouiller seuls, bien au contraire, vous \u00eates tr\u00e8s bien encadr\u00e9s pour accomplir toutes les d\u00e9marches dans les d\u00e9lais.\n\nAu-del\u00e0 du suivi, les exp\u00e9riences humanitaires propos\u00e9es par Globalong ne peuvent que transformer votre vie de mani\u00e8re positive. Elles vous apportent une richesse humaine inestimable.<!-- R-CONTENT --><\/div> <span class=\"ti-read-more\" data-container=\".ti-review-content\" data-collapse-text=\"Cacher\" data-open-text=\"Lire la suite\" ><\/span> <\/div> <\/div>  <div data-empty=\"0\" class=\"ti-review-item source-Google ti-image-layout-thumbnail\" data-id=\"cfcd208495d565ef66e7dff9f98764da\" > <div class=\"ti-inner\"> <div class=\"ti-review-header\"> <div class=\"ti-profile-img\"> <img decoding=\"async\" src=\"https:\/\/lh3.googleusercontent.com\/a\/ACg8ocJL-Dxv25YkXK2QwWPNRxTVqZCv5uTmDQDFg5qslKra3vRZew=s120-c-rp-mo-br100\" srcset=\"https:\/\/lh3.googleusercontent.com\/a\/ACg8ocJL-Dxv25YkXK2QwWPNRxTVqZCv5uTmDQDFg5qslKra3vRZew=s120-c-rp-mo-br100 2x\" alt=\"Tara Turan\" loading=\"lazy\" \/> <\/div> <div class=\"ti-profile-details\"> <div class=\"ti-name\"> Tara Turan <\/div> <div class=\"ti-date\">2024-10-14<\/div> <\/div> <\/div> <span class=\"ti-stars\"><span class=\"ti-star f\"><\/span><span class=\"ti-star f\"><\/span><span class=\"ti-star f\"><\/span><span class=\"ti-star f\"><\/span><span class=\"ti-star f\"><\/span><\/span> <div class=\"ti-review-text-container ti-review-content\"><!-- R-CONTENT -->Une des meilleures associations que j\u2019ai pu faire !\nUne organisation et un suivi vraiment parfait, c\u2019est avec grand plaisir que je referai un projet avec eux.<!-- R-CONTENT --><\/div> <span class=\"ti-read-more\" data-container=\".ti-review-content\" data-collapse-text=\"Cacher\" data-open-text=\"Lire la suite\" ><\/span> <\/div> <\/div>  <div data-empty=\"0\" class=\"ti-review-item source-Google ti-image-layout-thumbnail\" data-id=\"cfcd208495d565ef66e7dff9f98764da\" > <div class=\"ti-inner\"> <div class=\"ti-review-header\"> <div class=\"ti-profile-img\"> <img decoding=\"async\" src=\"https:\/\/lh3.googleusercontent.com\/a\/ACg8ocLctTPNovSk3eKM0b_MIPOfcFEQsz2135Cdu59_BWRVsIYC7Q=s120-c-rp-mo-br100\" srcset=\"https:\/\/lh3.googleusercontent.com\/a\/ACg8ocLctTPNovSk3eKM0b_MIPOfcFEQsz2135Cdu59_BWRVsIYC7Q=s120-c-rp-mo-br100 2x\" alt=\"Repiquet Julie\" loading=\"lazy\" \/> <\/div> <div class=\"ti-profile-details\"> <div class=\"ti-name\"> Repiquet Julie <\/div> <div class=\"ti-date\">2024-10-13<\/div> <\/div> <\/div> <span class=\"ti-stars\"><span class=\"ti-star f\"><\/span><span class=\"ti-star f\"><\/span><span class=\"ti-star f\"><\/span><span class=\"ti-star f\"><\/span><span class=\"ti-star f\"><\/span><\/span> <div class=\"ti-review-text-container ti-review-content\"><!-- R-CONTENT -->Tr\u00e8s bon accompagnement de la part de Globalong, du premier jour avec toutes mes interrogations, jusqu'au d\u00e9part dans quelques jours. Le dossier transmis apr\u00e8s validation de la mission est plus que complet, les webmaster tr\u00e8s int\u00e9ressantes et permettent de d\u00e9charger mentalement ce genre de pr\u00e9paration, tout est pr\u00e9vu il n'y a plus qu'\u00e0 suivre ! Merci \u00e0 Florence de r\u00e9pondre \u00e0 toutes mes questions avec gentillesse et bienveillance, cela m'a permis de passer le cap!\nMaintenant, il n'y a plus qu'\u00e0 \ud83d\ude00<!-- R-CONTENT --><\/div> <span class=\"ti-read-more\" data-container=\".ti-review-content\" data-collapse-text=\"Cacher\" data-open-text=\"Lire la suite\" ><\/span> <\/div> <\/div>  <div data-empty=\"0\" class=\"ti-review-item source-Google ti-image-layout-thumbnail\" data-id=\"cfcd208495d565ef66e7dff9f98764da\" > <div class=\"ti-inner\"> <div class=\"ti-review-header\"> <div class=\"ti-profile-img\"> <img decoding=\"async\" src=\"https:\/\/lh3.googleusercontent.com\/a\/ACg8ocJJTdmTWs8nAA0yuH_cKOUgzc6GFAkHBiXhpnnVYXaWMBZsHw=s120-c-rp-mo-br100\" srcset=\"https:\/\/lh3.googleusercontent.com\/a\/ACg8ocJJTdmTWs8nAA0yuH_cKOUgzc6GFAkHBiXhpnnVYXaWMBZsHw=s120-c-rp-mo-br100 2x\" alt=\"Marine Guilhamat\" loading=\"lazy\" \/> <\/div> <div class=\"ti-profile-details\"> <div class=\"ti-name\"> Marine Guilhamat <\/div> <div class=\"ti-date\">2024-10-09<\/div> <\/div> <\/div> <span class=\"ti-stars\"><span class=\"ti-star f\"><\/span><span class=\"ti-star f\"><\/span><span class=\"ti-star f\"><\/span><span class=\"ti-star f\"><\/span><span class=\"ti-star f\"><\/span><\/span> <div class=\"ti-review-text-container ti-review-content\"><!-- R-CONTENT -->Tr\u00e8s belle association qui offre un cadre super s\u00e9curisant et permet de s\u2019investir dans des projets qui ont du sens. Merci \u00e0 l\u2019\u00e9quipe Globalong pour votre disponibilit\u00e9, gentillesse et accompagnement !<!-- R-CONTENT --><\/div> <span class=\"ti-read-more\" data-container=\".ti-review-content\" data-collapse-text=\"Cacher\" data-open-text=\"Lire la suite\" ><\/span> <\/div> <\/div>  <div data-empty=\"0\" class=\"ti-review-item source-Google ti-image-layout-thumbnail\" data-id=\"cfcd208495d565ef66e7dff9f98764da\" > <div class=\"ti-inner\"> <div class=\"ti-review-header\"> <div class=\"ti-profile-img\"> <img decoding=\"async\" src=\"https:\/\/lh3.googleusercontent.com\/a\/ACg8ocIgITHXKo46qgJyPqlJeAcxz11gCKUJpGIk2qauiIe2O3iZ6w=s120-c-rp-mo-br100\" srcset=\"https:\/\/lh3.googleusercontent.com\/a\/ACg8ocIgITHXKo46qgJyPqlJeAcxz11gCKUJpGIk2qauiIe2O3iZ6w=s120-c-rp-mo-br100 2x\" alt=\"Laura Mercier\" loading=\"lazy\" \/> <\/div> <div class=\"ti-profile-details\"> <div class=\"ti-name\"> Laura Mercier <\/div> <div class=\"ti-date\">2024-10-08<\/div> <\/div> <\/div> <span class=\"ti-stars\"><span class=\"ti-star f\"><\/span><span class=\"ti-star f\"><\/span><span class=\"ti-star f\"><\/span><span class=\"ti-star f\"><\/span><span class=\"ti-star f\"><\/span><\/span> <div class=\"ti-review-text-container ti-review-content\"><!-- R-CONTENT -->Mon d\u00e9part approche, je pars dans une semaine, et depuis le d\u00e9but de mon inscription je suis tr\u00e8s satisfaite du suivi effectu\u00e9 par l\u2019association. Ils sont tr\u00e8s disponibles et r\u00e9pondent rapidement \u00e0 l\u2019ensemble des questions. Je suis tr\u00e8s contente de partir faire cette mission humanitaire encadr\u00e9e par cette association. Je recommande vraiment.<!-- R-CONTENT --><\/div> <span class=\"ti-read-more\" data-container=\".ti-review-content\" data-collapse-text=\"Cacher\" data-open-text=\"Lire la suite\" ><\/span> <\/div> <\/div>  <div data-empty=\"0\" class=\"ti-review-item source-Google ti-image-layout-thumbnail\" data-id=\"cfcd208495d565ef66e7dff9f98764da\" > <div class=\"ti-inner\"> <div class=\"ti-review-header\"> <div class=\"ti-profile-img\"> <img decoding=\"async\" src=\"https:\/\/lh3.googleusercontent.com\/a-\/ALV-UjVVr0YMQhXl8QNEEB32l-rnoaYwvRZUjIEX9OEwPE_1fQwzIyk=s120-c-rp-mo-br100\" srcset=\"https:\/\/lh3.googleusercontent.com\/a-\/ALV-UjVVr0YMQhXl8QNEEB32l-rnoaYwvRZUjIEX9OEwPE_1fQwzIyk=s120-c-rp-mo-br100 2x\" alt=\"Anouk Rzkt\" loading=\"lazy\" \/> <\/div> <div class=\"ti-profile-details\"> <div class=\"ti-name\"> Anouk Rzkt <\/div> <div class=\"ti-date\">2024-10-02<\/div> <\/div> <\/div> <span class=\"ti-stars\"><span class=\"ti-star f\"><\/span><span class=\"ti-star f\"><\/span><span class=\"ti-star f\"><\/span><span class=\"ti-star f\"><\/span><span class=\"ti-star f\"><\/span><\/span> <div class=\"ti-review-text-container ti-review-content\"><!-- R-CONTENT -->Globalong est l'association parfaite. L'\u00e9quipe offre un v\u00e9ritable accompagnement rythm\u00e9 par beaucoup de conseils et d'\u00e9coute. Le site est tr\u00e8s bien fait avec des dossiers complets allant des sujets tr\u00e8s pratiques a d'autres plus th\u00e9oriques (tels que le choc culturel par exemple). Je recommande vivement et remercie sinc\u00e8rement toute l'\u00e9quipe pour leur gentillesse et investissement !<!-- R-CONTENT --><\/div> <span class=\"ti-read-more\" data-container=\".ti-review-content\" data-collapse-text=\"Cacher\" data-open-text=\"Lire la suite\" ><\/span> <\/div> <\/div>  <\/div> <div class=\"ti-controls-line\"> <div class=\"dot\"><\/div> <\/div> <\/div> <div class=\"ti-footer\"> <div class=\"ti-rating-text\"> <span class=\"nowrap\">\u00c9valuation <strong>Google<\/strong> : <\/span><span class=\"nowrap\"><strong>4.8<\/strong> sur 5, <\/span><span class=\"nowrap\">Bas\u00e9e sur <strong>240 avis<\/strong><\/span> <\/div> <\/div>  <\/div> <\/div> \n<p><!-- SECTION 14 : FAQ --><\/p>\n<h2 id=\"section14\">14. FAQ<\/h2>\n<div style=\"margin-bottom: 1.5em;\">\n<h3><strong>Kan man kombinere flere korte forl\u00f8b, s\u00e5 det svarer til et langt ophold?<\/strong><\/h3>\n<div>\n<p style=\"text-align: justify;\">Ja, nogle v\u00e6lger at tage flere korte ophold efter hinanden \u2013 i forskellige lande eller hos forskellige organisationer.<br \/>\nDet kan give mange perspektiver og indblik i forskellige problemstillinger. Til geng\u00e6ld kr\u00e6ver hvert nyt forl\u00f8b en introduktionsperiode, og der er ikke altid en r\u00f8d tr\u00e5d, der sikrer samlet sammenh\u00e6ng i det, du bidrager til. Det er en mere \u201cnomadisk\u201d tilgang end et langt ophold det samme sted.<\/p>\n<\/div>\n<\/div>\n<div style=\"margin-bottom: 1.5em;\">\n<h3><strong>Er et ophold p\u00e5 2-3 uger virkelig nyttigt?<\/strong><\/h3>\n<div>\n<p style=\"text-align: justify;\">Det afh\u00e6nger meget af forl\u00f8bet og den m\u00e5de, det er organiseret p\u00e5. Hvis opholdet er godt planlagt, med et konkret og tidsafgr\u00e6nset behov (fx byggeprojekt eller oplysningsindsats) og et team p\u00e5 stedet, der sikrer kontinuitet, s\u00e5 ja \u2013 du kan give et <em>v\u00e6sentligt ekstra l\u00f8ft<\/em>. Hvis forl\u00f8bet derimod er uklart struktureret, og der bruges mere tid p\u00e5 at \u201cbesk\u00e6ftige\u201d deltagere end p\u00e5 reelle behov, vil effekten v\u00e6re mindre. S\u00e6t dig godt ind i det p\u00e5 forh\u00e5nd.<\/p>\n<\/div>\n<\/div>\n<div style=\"margin-bottom: 1.5em;\">\n<h3><strong>Hvordan finansierer man et langtidsforl\u00f8b?<\/strong><\/h3>\n<div>\n<p style=\"text-align: justify;\">Der findes flere muligheder: orlov eller sabbat\u00e5r via arbejde, legater (regionalt eller via uddannelse) og <em>crowdfunding<\/em>. Du kan ogs\u00e5 unders\u00f8ge <em>partnerskaber<\/em> med virksomheder med socialt fokus eller kontakte fonde, der st\u00f8tter internationale forl\u00f8b.<\/p>\n<\/div>\n<\/div>\n<div style=\"margin-bottom: 1.5em;\">\n<h3><strong>Kan man tage afsted som familie p\u00e5 et langt forl\u00f8b?<\/strong><\/h3>\n<div>\n<p style=\"text-align: justify;\">I nogle tilf\u00e6lde ja. Nogle organisationer tager imod par eller familier \u2013 is\u00e6r hvis de voksne har relevante kompetencer. Men at rejse med b\u00f8rn kr\u00e6ver en endnu mere grundig <em>forberedelse<\/em> (skole, sundhedsforhold, visum til hele familien). Det er vigtigt at sikre, at den lokale kontekst er egnet.<\/p>\n<\/div>\n<\/div>\n<div style=\"margin-bottom: 1.5em;\">\n<h3 style=\"text-align: justify;\"><strong>Er langtidsforl\u00f8b altid fysisk kr\u00e6vende?<\/strong><\/h3>\n<div>\n<p style=\"text-align: justify;\">Det afh\u00e6nger af omr\u00e5det: Nogle indsatser (byggeri, genplantning, landbrug) kr\u00e6ver fysisk arbejde, mens andre (undervisning, administration, research) er mere mentalt orienterede. Ogs\u00e5 i sociale indsatser kan der v\u00e6re belastninger (h\u00e5ndtering af <a href=\"https:\/\/www.vita-explorers.dk\/blog\/stresshaandtering-for-studerende-paa-praktik-i-udlandet\/\" target=\"_blank\" rel=\"noopener\">stress<\/a> og f\u00f8lelsesm\u00e6ssige indtryk). Sp\u00f8rg ind til <em>den konkrete rolle<\/em>, s\u00e5 du kan vurdere, om det passer til din situation.<\/p>\n<\/div>\n<\/div>\n<p><!-- SECTION 15 --><\/p>\n<h2 id=\"section15\">15. Konklusion: v\u00e6lg en varighed, der passer til dig<\/h2>\n<p style=\"text-align: justify;\"><strong>Korttidsforl\u00f8b<\/strong> eller <strong>langtidsforl\u00f8b<\/strong>? Der findes i praksis ikke en l\u00f8sning, der er \u201cbedre\u201d end den anden. Det afh\u00e6nger af din <em>livssituation<\/em>, dine <em>ressourcer<\/em> (tid, \u00f8konomi, helbred, motivation) og <em>typen af forl\u00f8b<\/em> du g\u00e5r efter. Begge formater kan v\u00e6re positive, hvis rammerne er gennemt\u00e6nkte, og hvis deltagerrollen er tydeligt beskrevet og ordentligt underst\u00f8ttet.<\/p>\n<p style=\"text-align: justify;\">Den <strong>korte varighed<\/strong> passer ofte til dig, der \u00f8nsker et <em>hurtigt, intensivt indblik<\/em>, ikke kan v\u00e6re v\u00e6k l\u00e6nge, eller gerne vil afpr\u00f8ve forskellige indsatser. Fordelene er fleksibilitet og mere overskuelig \u00f8konomi, mens ulemperne typisk er en mere punktvis effekt og mindre kulturel fordybelse.<\/p>\n<p style=\"text-align: justify;\">Den <strong>lange varighed<\/strong> passer til dig, der vil <em>engagere dig i dybden<\/em>, opbygge stabile relationer og v\u00e6re med i mere langsigtede processer. Det kan give st\u00e6rk fordybelse og et st\u00f8rre potentiale for effekt, men kr\u00e6ver ogs\u00e5 bedre forberedelse (\u00f8konomisk og mentalt) og et st\u00f8rre livsm\u00e6ssigt commitment.<\/p>\n<p style=\"text-align: justify;\">I sidste ende er det <strong>dit livsprojekt<\/strong>, dine <strong>ambitioner<\/strong> og din <strong>tilg\u00e6ngelige tid<\/strong> der afg\u00f8r, hvad der er det rigtige valg. Stil dig selv de vigtige sp\u00f8rgsm\u00e5l: Hvad vil du have ud af opholdet? Hvor meget kan du realistisk set give? Hvilken sag betyder mest for dig? Svarene kan guide dig til den varighed, der passer bedst.<\/p>\n<p><!-- SECTION CTA --><\/p>\n<h2 id=\"cta\">Call to action til internationale deltagere<\/h2>\n<p style=\"text-align: justify;\">Vil du oms\u00e6tte din motivation til et konkret forl\u00f8b \u2013 uanset om det er f\u00e5 uger eller flere m\u00e5neder? \u00d8nsker du sparring til at v\u00e6lge det ophold, der passer til dig?<\/p>\n<ul>\n<li><strong><a href=\"https:\/\/www.vita-explorers.dk\/#tel-contact-form-glob\" target=\"_blank\" rel=\"noopener\">Kontakt VITA Institute<\/a><\/strong> : Vi tager gerne en dialog om din profil, dine \u00f8nsker og hj\u00e6lper dig med at finde et program, der matcher den varighed, du overvejer.<\/li>\n<li>Tilmeld dig vores <strong>nyhedsbrev<\/strong> : Her deler vi l\u00f8bende erfaringer fra deltagere, <a href=\"https:\/\/www.vita-explorers.dk\/blog\/hvordan-forbereder-jeg-mig-bedst-til-mit-internationale-forloeb\/\" target=\"_blank\" rel=\"noopener\">praktiske r\u00e5d til forberedelse<\/a> og nyt om kommende forl\u00f8b.<\/li>\n<li>F\u00f8lg os p\u00e5 <strong><a href=\"https:\/\/www.facebook.com\/globalong\" target=\"_blank\" rel=\"noopener\">Facebook<\/a><\/strong> og <strong>Instagram<\/strong> : F\u00e5 indblik i hverdagen p\u00e5 forl\u00f8bene, opdateringer og inspiration fra deltageroplevelser.<\/li>\n<\/ul>\n<p style=\"text-align: justify;\">Uanset hvad du v\u00e6lger, s\u00e5 husk: Et <strong>godt forl\u00f8b<\/strong> bygger p\u00e5 oprigtig motivation, solid forberedelse og en <em>respektfuld tilgang<\/em> i m\u00f8det med dem, du arbejder sammen med lokalt. P\u00e5 kort eller lang sigt er det din ansvarlige indsats, der g\u00f8r forskellen.<\/p>\n<\/article>\n<p class=\"p4\" style=\"text-align: center;\"><b>For mere information er du velkommen til at kontakte os p\u00e5 <\/b><a href=\"mailto:info@globalong.com\"><span class=\"s2\"><b>info@globalong.com<\/b><\/span><\/a><\/p>\n<p class=\"p4\" style=\"text-align: center;\"><b>Vil du vide mere om VITA Institute og vores community, s\u00e5 find os p\u00e5 <\/b><a href=\"https:\/\/www.instagram.com\/globalongofficiel\/\"><span class=\"s2\"><b>Instagram<\/b><\/span><\/a><b>, <\/b><a href=\"https:\/\/www.facebook.com\/globalong\"><span class=\"s2\"><b>Facebook<\/b><\/span><\/a><b>, <\/b><a href=\"https:\/\/www.linkedin.com\/company\/5113177\/admin\/feed\/posts\/\"><span class=\"s2\"><b>LinkedIn<\/b><\/span><\/a><b> og <\/b><a href=\"https:\/\/www.youtube.com\/c\/globalong\/videos\"><span class=\"s2\"><b>YouTube<\/b><\/span><\/a><b>!<\/b><\/p>\n","protected":false},"excerpt":{"rendered":"<p>Korttidsforl\u00f8b vs. langtidsforl\u00f8b Resum\u00e9: Er du i tvivl, om du skal v\u00e6lge et ophold p\u00e5 et par uger eller et engagement over flere m\u00e5neder\u2026<\/p>\n","protected":false},"author":7,"featured_media":15555,"comment_status":"open","ping_status":"open","sticky":false,"template":"","format":"standard","meta":{"footnotes":""},"categories":[8,6,4],"tags":[],"yoast_head":"<!-- This site is optimized with the Yoast SEO Premium plugin v23.4 (Yoast SEO v23.4) - https:\/\/yoast.com\/wordpress\/plugins\/seo\/ -->\n<title>Korttidsfrivilligt arbejde vs. langtidsfrivilligt arbejde: Sammenligning - VITA Explorers Blog<\/title>\n<meta name=\"description\" content=\"D\u00e9couvrez les diff\u00e9rences entre le volontariat \u00e0 court terme vs volontariat \u00e0 long terme pour choisir la meilleure option.\" \/>\n<meta name=\"robots\" content=\"index, follow, max-snippet:-1, max-image-preview:large, max-video-preview:-1\" \/>\n<link rel=\"canonical\" href=\"https:\/\/www.vita-explorers.dk\/blog\/korttidsfrivilligt-arbejde-vs-langtidfrivilligt-arbejde\/\" \/>\n<meta property=\"og:locale\" content=\"da_DK\" \/>\n<meta property=\"og:type\" content=\"article\" \/>\n<meta property=\"og:title\" content=\"Korttidsfrivilligt arbejde vs. langtidsfrivilligt arbejde\" \/>\n<meta property=\"og:description\" content=\"D\u00e9couvrez les diff\u00e9rences entre le volontariat \u00e0 court terme vs volontariat \u00e0 long terme pour choisir la meilleure option.\" \/>\n<meta property=\"og:url\" content=\"https:\/\/www.vita-explorers.dk\/blog\/korttidsfrivilligt-arbejde-vs-langtidfrivilligt-arbejde\/\" \/>\n<meta property=\"og:site_name\" content=\"VITA Explorers Blog\" \/>\n<meta property=\"article:publisher\" content=\"https:\/\/www.facebook.com\/globalong\" \/>\n<meta property=\"article:published_time\" content=\"2025-03-04T05:07:07+00:00\" \/>\n<meta property=\"article:modified_time\" content=\"2025-03-10T17:02:44+00:00\" \/>\n<meta property=\"og:image\" content=\"https:\/\/www.vita-explorers.dk\/blog\/wp-content\/uploads\/2023\/08\/eco-volontariat-en-Islande.jpeg\" \/>\n\t<meta property=\"og:image:width\" content=\"750\" \/>\n\t<meta property=\"og:image:height\" content=\"450\" \/>\n\t<meta property=\"og:image:type\" content=\"image\/jpeg\" \/>\n<meta name=\"author\" content=\"VITA Tribe\" \/>\n<meta name=\"twitter:card\" content=\"summary_large_image\" \/>\n<meta name=\"twitter:label1\" content=\"Skrevet af\" \/>\n\t<meta name=\"twitter:data1\" content=\"VITA Tribe\" \/>\n\t<meta name=\"twitter:label2\" content=\"Estimeret l\u00e6setid\" \/>\n\t<meta name=\"twitter:data2\" content=\"25 minutter\" \/>\n<script type=\"application\/ld+json\" class=\"yoast-schema-graph\">{\"@context\":\"https:\/\/schema.org\",\"@graph\":[{\"@type\":\"Article\",\"@id\":\"https:\/\/www.vita-explorers.dk\/blog\/korttidsfrivilligt-arbejde-vs-langtidfrivilligt-arbejde\/#article\",\"isPartOf\":{\"@id\":\"https:\/\/www.vita-explorers.dk\/blog\/korttidsfrivilligt-arbejde-vs-langtidfrivilligt-arbejde\/\"},\"author\":{\"name\":\"VITA Tribe\",\"@id\":\"https:\/\/www.vita-explorers.dk\/blog\/#\/schema\/person\/fc0343a2f2db2ebb2793c1f62dbe73f0\"},\"headline\":\"Korttidsfrivilligt arbejde vs. langtidsfrivilligt arbejde\",\"datePublished\":\"2025-03-04T05:07:07+00:00\",\"dateModified\":\"2025-03-10T17:02:44+00:00\",\"mainEntityOfPage\":{\"@id\":\"https:\/\/www.vita-explorers.dk\/blog\/korttidsfrivilligt-arbejde-vs-langtidfrivilligt-arbejde\/\"},\"wordCount\":4485,\"commentCount\":0,\"publisher\":{\"@id\":\"https:\/\/www.vita-explorers.dk\/blog\/#organization\"},\"image\":{\"@id\":\"https:\/\/www.vita-explorers.dk\/blog\/korttidsfrivilligt-arbejde-vs-langtidfrivilligt-arbejde\/#primaryimage\"},\"thumbnailUrl\":\"https:\/\/www.vita-explorers.dk\/blog\/wp-content\/uploads\/2023\/08\/eco-volontariat-en-Islande.jpeg\",\"articleSection\":[\"Humanit\u00e6rt frivilligt arbejde\",\"Nyheder\",\"VITA Explorers\"],\"inLanguage\":\"da-DK\",\"potentialAction\":[{\"@type\":\"CommentAction\",\"name\":\"Comment\",\"target\":[\"https:\/\/www.vita-explorers.dk\/blog\/korttidsfrivilligt-arbejde-vs-langtidfrivilligt-arbejde\/#respond\"]}]},{\"@type\":\"WebPage\",\"@id\":\"https:\/\/www.vita-explorers.dk\/blog\/korttidsfrivilligt-arbejde-vs-langtidfrivilligt-arbejde\/\",\"url\":\"https:\/\/www.vita-explorers.dk\/blog\/korttidsfrivilligt-arbejde-vs-langtidfrivilligt-arbejde\/\",\"name\":\"Korttidsfrivilligt arbejde vs. langtidsfrivilligt arbejde: Sammenligning - VITA Explorers Blog\",\"isPartOf\":{\"@id\":\"https:\/\/www.vita-explorers.dk\/blog\/#website\"},\"primaryImageOfPage\":{\"@id\":\"https:\/\/www.vita-explorers.dk\/blog\/korttidsfrivilligt-arbejde-vs-langtidfrivilligt-arbejde\/#primaryimage\"},\"image\":{\"@id\":\"https:\/\/www.vita-explorers.dk\/blog\/korttidsfrivilligt-arbejde-vs-langtidfrivilligt-arbejde\/#primaryimage\"},\"thumbnailUrl\":\"https:\/\/www.vita-explorers.dk\/blog\/wp-content\/uploads\/2023\/08\/eco-volontariat-en-Islande.jpeg\",\"datePublished\":\"2025-03-04T05:07:07+00:00\",\"dateModified\":\"2025-03-10T17:02:44+00:00\",\"description\":\"D\u00e9couvrez les diff\u00e9rences entre le volontariat \u00e0 court terme vs volontariat \u00e0 long terme pour choisir la meilleure option.\",\"breadcrumb\":{\"@id\":\"https:\/\/www.vita-explorers.dk\/blog\/korttidsfrivilligt-arbejde-vs-langtidfrivilligt-arbejde\/#breadcrumb\"},\"inLanguage\":\"da-DK\",\"potentialAction\":[{\"@type\":\"ReadAction\",\"target\":[\"https:\/\/www.vita-explorers.dk\/blog\/korttidsfrivilligt-arbejde-vs-langtidfrivilligt-arbejde\/\"]}]},{\"@type\":\"ImageObject\",\"inLanguage\":\"da-DK\",\"@id\":\"https:\/\/www.vita-explorers.dk\/blog\/korttidsfrivilligt-arbejde-vs-langtidfrivilligt-arbejde\/#primaryimage\",\"url\":\"https:\/\/www.vita-explorers.dk\/blog\/wp-content\/uploads\/2023\/08\/eco-volontariat-en-Islande.jpeg\",\"contentUrl\":\"https:\/\/www.vita-explorers.dk\/blog\/wp-content\/uploads\/2023\/08\/eco-volontariat-en-Islande.jpeg\",\"width\":750,\"height\":450,\"caption\":\"Volontariat \u00e0 court terme vs volontariat \u00e0 long terme\"},{\"@type\":\"BreadcrumbList\",\"@id\":\"https:\/\/www.vita-explorers.dk\/blog\/korttidsfrivilligt-arbejde-vs-langtidfrivilligt-arbejde\/#breadcrumb\",\"itemListElement\":[{\"@type\":\"ListItem\",\"position\":1,\"name\":\"Accueil\",\"item\":\"https:\/\/www.vita-explorers.dk\/blog\/\"},{\"@type\":\"ListItem\",\"position\":2,\"name\":\"Korttidsfrivilligt arbejde vs. langtidsfrivilligt arbejde\"}]},{\"@type\":\"WebSite\",\"@id\":\"https:\/\/www.vita-explorers.dk\/blog\/#website\",\"url\":\"https:\/\/www.vita-explorers.dk\/blog\/\",\"name\":\"Association Globalong\",\"description\":\"Frivilligt arbejde, sprogophold, praktik i udlandet og internationale oplevelser\",\"publisher\":{\"@id\":\"https:\/\/www.vita-explorers.dk\/blog\/#organization\"},\"potentialAction\":[{\"@type\":\"SearchAction\",\"target\":{\"@type\":\"EntryPoint\",\"urlTemplate\":\"https:\/\/www.vita-explorers.dk\/blog\/?s={search_term_string}\"},\"query-input\":{\"@type\":\"PropertyValueSpecification\",\"valueRequired\":true,\"valueName\":\"search_term_string\"}}],\"inLanguage\":\"da-DK\"},{\"@type\":\"Organization\",\"@id\":\"https:\/\/www.vita-explorers.dk\/blog\/#organization\",\"name\":\"Association Globalong\",\"url\":\"https:\/\/www.vita-explorers.dk\/blog\/\",\"logo\":{\"@type\":\"ImageObject\",\"inLanguage\":\"da-DK\",\"@id\":\"https:\/\/www.vita-explorers.dk\/blog\/#\/schema\/logo\/image\/\",\"url\":\"https:\/\/www.globalong.com\/blog\/wp-content\/uploads\/2014\/11\/cropped-cropped-Logo-et-Afrique-Globalong-petite-taille-2.jpg\",\"contentUrl\":\"https:\/\/www.globalong.com\/blog\/wp-content\/uploads\/2014\/11\/cropped-cropped-Logo-et-Afrique-Globalong-petite-taille-2.jpg\",\"width\":512,\"height\":512,\"caption\":\"Association Globalong\"},\"image\":{\"@id\":\"https:\/\/www.vita-explorers.dk\/blog\/#\/schema\/logo\/image\/\"},\"sameAs\":[\"https:\/\/www.facebook.com\/globalong\"]},{\"@type\":\"Person\",\"@id\":\"https:\/\/www.vita-explorers.dk\/blog\/#\/schema\/person\/fc0343a2f2db2ebb2793c1f62dbe73f0\",\"name\":\"VITA Tribe\",\"image\":{\"@type\":\"ImageObject\",\"inLanguage\":\"da-DK\",\"@id\":\"https:\/\/www.vita-explorers.dk\/blog\/#\/schema\/person\/image\/\",\"url\":\"https:\/\/secure.gravatar.com\/avatar\/f7f05026bb439d0c96b30e135e5f852c?s=96&d=mm&r=g\",\"contentUrl\":\"https:\/\/secure.gravatar.com\/avatar\/f7f05026bb439d0c96b30e135e5f852c?s=96&d=mm&r=g\",\"caption\":\"VITA Tribe\"},\"sameAs\":[\"http:\/\/www.globalong.com\"],\"url\":\"https:\/\/www.vita-explorers.dk\/blog\/author\/teamglobalong\/\"}]}<\/script>\n<!-- \/ Yoast SEO Premium plugin. -->","yoast_head_json":{"title":"Korttidsfrivilligt arbejde vs. langtidsfrivilligt arbejde: Sammenligning - VITA Explorers Blog","description":"D\u00e9couvrez les diff\u00e9rences entre le volontariat \u00e0 court terme vs volontariat \u00e0 long terme pour choisir la meilleure option.","robots":{"index":"index","follow":"follow","max-snippet":"max-snippet:-1","max-image-preview":"max-image-preview:large","max-video-preview":"max-video-preview:-1"},"canonical":"https:\/\/www.vita-explorers.dk\/blog\/korttidsfrivilligt-arbejde-vs-langtidfrivilligt-arbejde\/","og_locale":"da_DK","og_type":"article","og_title":"Korttidsfrivilligt arbejde vs. langtidsfrivilligt arbejde","og_description":"D\u00e9couvrez les diff\u00e9rences entre le volontariat \u00e0 court terme vs volontariat \u00e0 long terme pour choisir la meilleure option.","og_url":"https:\/\/www.vita-explorers.dk\/blog\/korttidsfrivilligt-arbejde-vs-langtidfrivilligt-arbejde\/","og_site_name":"VITA Explorers Blog","article_publisher":"https:\/\/www.facebook.com\/globalong","article_published_time":"2025-03-04T05:07:07+00:00","article_modified_time":"2025-03-10T17:02:44+00:00","og_image":[{"width":750,"height":450,"url":"https:\/\/www.vita-explorers.dk\/blog\/wp-content\/uploads\/2023\/08\/eco-volontariat-en-Islande.jpeg","type":"image\/jpeg"}],"author":"VITA Tribe","twitter_card":"summary_large_image","twitter_misc":{"Skrevet af":"VITA Tribe","Estimeret l\u00e6setid":"25 minutter"},"schema":{"@context":"https:\/\/schema.org","@graph":[{"@type":"Article","@id":"https:\/\/www.vita-explorers.dk\/blog\/korttidsfrivilligt-arbejde-vs-langtidfrivilligt-arbejde\/#article","isPartOf":{"@id":"https:\/\/www.vita-explorers.dk\/blog\/korttidsfrivilligt-arbejde-vs-langtidfrivilligt-arbejde\/"},"author":{"name":"VITA Tribe","@id":"https:\/\/www.vita-explorers.dk\/blog\/#\/schema\/person\/fc0343a2f2db2ebb2793c1f62dbe73f0"},"headline":"Korttidsfrivilligt arbejde vs. langtidsfrivilligt arbejde","datePublished":"2025-03-04T05:07:07+00:00","dateModified":"2025-03-10T17:02:44+00:00","mainEntityOfPage":{"@id":"https:\/\/www.vita-explorers.dk\/blog\/korttidsfrivilligt-arbejde-vs-langtidfrivilligt-arbejde\/"},"wordCount":4485,"commentCount":0,"publisher":{"@id":"https:\/\/www.vita-explorers.dk\/blog\/#organization"},"image":{"@id":"https:\/\/www.vita-explorers.dk\/blog\/korttidsfrivilligt-arbejde-vs-langtidfrivilligt-arbejde\/#primaryimage"},"thumbnailUrl":"https:\/\/www.vita-explorers.dk\/blog\/wp-content\/uploads\/2023\/08\/eco-volontariat-en-Islande.jpeg","articleSection":["Humanit\u00e6rt frivilligt arbejde","Nyheder","VITA Explorers"],"inLanguage":"da-DK","potentialAction":[{"@type":"CommentAction","name":"Comment","target":["https:\/\/www.vita-explorers.dk\/blog\/korttidsfrivilligt-arbejde-vs-langtidfrivilligt-arbejde\/#respond"]}]},{"@type":"WebPage","@id":"https:\/\/www.vita-explorers.dk\/blog\/korttidsfrivilligt-arbejde-vs-langtidfrivilligt-arbejde\/","url":"https:\/\/www.vita-explorers.dk\/blog\/korttidsfrivilligt-arbejde-vs-langtidfrivilligt-arbejde\/","name":"Korttidsfrivilligt arbejde vs. langtidsfrivilligt arbejde: Sammenligning - VITA Explorers Blog","isPartOf":{"@id":"https:\/\/www.vita-explorers.dk\/blog\/#website"},"primaryImageOfPage":{"@id":"https:\/\/www.vita-explorers.dk\/blog\/korttidsfrivilligt-arbejde-vs-langtidfrivilligt-arbejde\/#primaryimage"},"image":{"@id":"https:\/\/www.vita-explorers.dk\/blog\/korttidsfrivilligt-arbejde-vs-langtidfrivilligt-arbejde\/#primaryimage"},"thumbnailUrl":"https:\/\/www.vita-explorers.dk\/blog\/wp-content\/uploads\/2023\/08\/eco-volontariat-en-Islande.jpeg","datePublished":"2025-03-04T05:07:07+00:00","dateModified":"2025-03-10T17:02:44+00:00","description":"D\u00e9couvrez les diff\u00e9rences entre le volontariat \u00e0 court terme vs volontariat \u00e0 long terme pour choisir la meilleure option.","breadcrumb":{"@id":"https:\/\/www.vita-explorers.dk\/blog\/korttidsfrivilligt-arbejde-vs-langtidfrivilligt-arbejde\/#breadcrumb"},"inLanguage":"da-DK","potentialAction":[{"@type":"ReadAction","target":["https:\/\/www.vita-explorers.dk\/blog\/korttidsfrivilligt-arbejde-vs-langtidfrivilligt-arbejde\/"]}]},{"@type":"ImageObject","inLanguage":"da-DK","@id":"https:\/\/www.vita-explorers.dk\/blog\/korttidsfrivilligt-arbejde-vs-langtidfrivilligt-arbejde\/#primaryimage","url":"https:\/\/www.vita-explorers.dk\/blog\/wp-content\/uploads\/2023\/08\/eco-volontariat-en-Islande.jpeg","contentUrl":"https:\/\/www.vita-explorers.dk\/blog\/wp-content\/uploads\/2023\/08\/eco-volontariat-en-Islande.jpeg","width":750,"height":450,"caption":"Volontariat \u00e0 court terme vs volontariat \u00e0 long terme"},{"@type":"BreadcrumbList","@id":"https:\/\/www.vita-explorers.dk\/blog\/korttidsfrivilligt-arbejde-vs-langtidfrivilligt-arbejde\/#breadcrumb","itemListElement":[{"@type":"ListItem","position":1,"name":"Accueil","item":"https:\/\/www.vita-explorers.dk\/blog\/"},{"@type":"ListItem","position":2,"name":"Korttidsfrivilligt arbejde vs. langtidsfrivilligt arbejde"}]},{"@type":"WebSite","@id":"https:\/\/www.vita-explorers.dk\/blog\/#website","url":"https:\/\/www.vita-explorers.dk\/blog\/","name":"Association Globalong","description":"Frivilligt arbejde, sprogophold, praktik i udlandet og internationale oplevelser","publisher":{"@id":"https:\/\/www.vita-explorers.dk\/blog\/#organization"},"potentialAction":[{"@type":"SearchAction","target":{"@type":"EntryPoint","urlTemplate":"https:\/\/www.vita-explorers.dk\/blog\/?s={search_term_string}"},"query-input":{"@type":"PropertyValueSpecification","valueRequired":true,"valueName":"search_term_string"}}],"inLanguage":"da-DK"},{"@type":"Organization","@id":"https:\/\/www.vita-explorers.dk\/blog\/#organization","name":"Association Globalong","url":"https:\/\/www.vita-explorers.dk\/blog\/","logo":{"@type":"ImageObject","inLanguage":"da-DK","@id":"https:\/\/www.vita-explorers.dk\/blog\/#\/schema\/logo\/image\/","url":"https:\/\/www.globalong.com\/blog\/wp-content\/uploads\/2014\/11\/cropped-cropped-Logo-et-Afrique-Globalong-petite-taille-2.jpg","contentUrl":"https:\/\/www.globalong.com\/blog\/wp-content\/uploads\/2014\/11\/cropped-cropped-Logo-et-Afrique-Globalong-petite-taille-2.jpg","width":512,"height":512,"caption":"Association Globalong"},"image":{"@id":"https:\/\/www.vita-explorers.dk\/blog\/#\/schema\/logo\/image\/"},"sameAs":["https:\/\/www.facebook.com\/globalong"]},{"@type":"Person","@id":"https:\/\/www.vita-explorers.dk\/blog\/#\/schema\/person\/fc0343a2f2db2ebb2793c1f62dbe73f0","name":"VITA Tribe","image":{"@type":"ImageObject","inLanguage":"da-DK","@id":"https:\/\/www.vita-explorers.dk\/blog\/#\/schema\/person\/image\/","url":"https:\/\/secure.gravatar.com\/avatar\/f7f05026bb439d0c96b30e135e5f852c?s=96&d=mm&r=g","contentUrl":"https:\/\/secure.gravatar.com\/avatar\/f7f05026bb439d0c96b30e135e5f852c?s=96&d=mm&r=g","caption":"VITA Tribe"},"sameAs":["http:\/\/www.globalong.com"],"url":"https:\/\/www.vita-explorers.dk\/blog\/author\/teamglobalong\/"}]}},"_links":{"self":[{"href":"https:\/\/www.vita-explorers.dk\/blog\/wp-json\/wp\/v2\/posts\/20825"}],"collection":[{"href":"https:\/\/www.vita-explorers.dk\/blog\/wp-json\/wp\/v2\/posts"}],"about":[{"href":"https:\/\/www.vita-explorers.dk\/blog\/wp-json\/wp\/v2\/types\/post"}],"author":[{"embeddable":true,"href":"https:\/\/www.vita-explorers.dk\/blog\/wp-json\/wp\/v2\/users\/7"}],"replies":[{"embeddable":true,"href":"https:\/\/www.vita-explorers.dk\/blog\/wp-json\/wp\/v2\/comments?post=20825"}],"version-history":[{"count":4,"href":"https:\/\/www.vita-explorers.dk\/blog\/wp-json\/wp\/v2\/posts\/20825\/revisions"}],"predecessor-version":[{"id":20936,"href":"https:\/\/www.vita-explorers.dk\/blog\/wp-json\/wp\/v2\/posts\/20825\/revisions\/20936"}],"wp:featuredmedia":[{"embeddable":true,"href":"https:\/\/www.vita-explorers.dk\/blog\/wp-json\/wp\/v2\/media\/15555"}],"wp:attachment":[{"href":"https:\/\/www.vita-explorers.dk\/blog\/wp-json\/wp\/v2\/media?parent=20825"}],"wp:term":[{"taxonomy":"category","embeddable":true,"href":"https:\/\/www.vita-explorers.dk\/blog\/wp-json\/wp\/v2\/categories?post=20825"},{"taxonomy":"post_tag","embeddable":true,"href":"https:\/\/www.vita-explorers.dk\/blog\/wp-json\/wp\/v2\/tags?post=20825"}],"curies":[{"name":"wp","href":"https:\/\/api.w.org\/{rel}","templated":true}]}}