{"id":20983,"date":"2025-03-25T04:53:42","date_gmt":"2025-03-25T03:53:42","guid":{"rendered":"https:\/\/www.globalong.com\/blog\/?p=20983"},"modified":"2025-03-24T16:11:00","modified_gmt":"2025-03-24T15:11:00","slug":"vaccination-mod-gul-feber","status":"publish","type":"post","link":"https:\/\/www.vita-explorers.dk\/blog\/vaccination-mod-gul-feber\/","title":{"rendered":"Vaccine mod gul feber"},"content":{"rendered":"<p><iframe loading=\"lazy\" title=\"Stage infirmier en Tanzanie avec l&#039;association Globalong\" width=\"500\" height=\"281\" src=\"https:\/\/www.youtube.com\/embed\/H_AgGbuHtOc?feature=oembed\" frameborder=\"0\" allow=\"accelerometer; autoplay; clipboard-write; encrypted-media; gyroscope; picture-in-picture; web-share\" referrerpolicy=\"strict-origin-when-cross-origin\" allowfullscreen><\/iframe><\/p>\n<style>\n        body {<br \/>\n            font-family: Arial, sans-serif;<br \/>\n            margin: 20px;<br \/>\n            line-height: 1.6;<br \/>\n            max-width: 1000px;<br \/>\n            margin-left: auto;<br \/>\n            margin-right: auto;<br \/>\n        }<br \/>\n        h1, h2, h3 {<br \/>\n            margin-top: 1.3em;<br \/>\n        }<br \/>\n        h1 {<br \/>\n            font-size: 1.8em;<br \/>\n        }<br \/>\n        p {<br \/>\n            margin-bottom: 1em;<br \/>\n        }<br \/>\n        ul, ol {<br \/>\n            margin-bottom: 1em;<br \/>\n            padding-left: 1.4em;<br \/>\n        }<br \/>\n        nav#table-of-contents ul {<br \/>\n            list-style: none;<br \/>\n            padding-left: 0;<br \/>\n        }<br \/>\n        nav#table-of-contents li {<br \/>\n            margin: 0.4em 0;<br \/>\n        }<br \/>\n        nav#table-of-contents a {<br \/>\n            text-decoration: none;<br \/>\n            color: #007BFF;<br \/>\n        }<br \/>\n        nav#table-of-contents a:hover {<br \/>\n            text-decoration: underline;<br \/>\n        }<br \/>\n        .faq {<br \/>\n            background: #f9f9f9;<br \/>\n            padding: 1em;<br \/>\n            border-radius: 5px;<br \/>\n        }<br \/>\n        .cta-button {<br \/>\n            display: inline-block;<br \/>\n            margin-top: 1em;<br \/>\n            padding: 12px 18px;<br \/>\n            background-color: #007bff;<br \/>\n            color: #fff;<br \/>\n            text-decoration: none;<br \/>\n            border-radius: 4px;<br \/>\n        }<br \/>\n        .cta-button:hover {<br \/>\n            background-color: #0056b3;<br \/>\n        }<br \/>\n        .note {<br \/>\n            font-style: italic;<br \/>\n            font-size: 0.9em;<br \/>\n            color: #555;<br \/>\n        }<br \/>\n    <\/style>\n<p>\u00a0<\/p>\n<article><!-- TITRE PRINCIPAL (H1) --><\/p>\n<h1 id=\"introduction\">Vaccine mod gul feber: det skal du vide, f\u00f8r du tager p\u00e5 internationalt forl\u00f8b<\/h1>\n<p><!-- INTRODUCTION \/ TEASER --><\/p>\n<p style=\"text-align: justify;\">Hvis du planl\u00e6gger at <a href=\"https:\/\/www.vita-explorers.dk\/blog\/tag-del-i-internationalt-forloeb\/\" target=\"_blank\" rel=\"noopener\"><strong>tage afsted p\u00e5 et humanit\u00e6rt forl\u00f8b<\/strong><\/a> eller rejse til bestemte omr\u00e5der i Afrika, Sydamerika eller andre steder, vil sp\u00f8rgsm\u00e5let om <strong>vaccine mod gul feber<\/strong> hurtigt melde sig. I nogle lande er den et krav, i andre er den st\u00e6rkt anbefalet. For deltagere, der skal p\u00e5 ophold i udlandet, er den en vigtig del af en ansvarlig sundhedsforberedelse. I denne artikel gennemg\u00e5r vi det vigtigste, s\u00e5 du kan rejse mere trygt: hvad sygdommen er, hvorfor vaccination er relevant, hvilke lande der typisk stiller krav, de praktiske trin \u2013 og gode r\u00e5d til din forberedelse.<\/p>\n<p><!-- TABLE DES MATI\u00c8RES CLIQUABLE --><\/p>\n<nav id=\"table-of-contents\">\n<h2>Indhold<\/h2>\n<ul>\n<li><a href=\"#fi\u00e8vre-jaune\">1. Hvad er gul feber?<\/a><\/li>\n<li><a href=\"#pourquoi-se-faire-vacciner\">2. Hvorfor blive vaccineret mod gul feber?<\/a><\/li>\n<li><a href=\"#pays-concernes\">3. I hvilke lande er vaccinen obligatorisk eller anbefalet?<\/a><\/li>\n<li><a href=\"#demarches-vaccin\">4. S\u00e5dan bliver du vaccineret<\/a><\/li>\n<li><a href=\"#conseils-pratiques\">5. Praktiske r\u00e5d til VITA Explorers<\/a><\/li>\n<li><a href=\"#faq\">6. FAQ: de mest almindelige sp\u00f8rgsm\u00e5l<\/a><\/li>\n<li><a href=\"#conclusion\">7. Konklusion<\/a><\/li>\n<\/ul>\n<\/nav>\n<p><!-- SECTION 1 --><\/p>\n<h2 id=\"fi\u00e8vre-jaune\"><strong>1. Hvad er gul feber?<\/strong><\/h2>\n<p style=\"text-align: justify;\">Gul feber er en virussygdom, som smitter via stik fra bestemte inficerede myg \u2013 typisk af sl\u00e6gterne <em>Aedes<\/em> eller <em>Haemagogus<\/em>. Sygdommen forekommer is\u00e6r i tropiske omr\u00e5der i Afrika syd for Sahara og i Sydamerika samt i enkelte omr\u00e5der i Mellemamerika. Typiske symptomer kan v\u00e6re:<\/p>\n<ul>\n<li>Pludselig feber<\/li>\n<li>Kulderystelser og muskelsmerter<\/li>\n<li>Kraftig hovedpine<\/li>\n<li>Generel tr\u00e6thed<\/li>\n<li>I alvorlige tilf\u00e6lde: opkast, bl\u00f8dninger eller leverkomplikationer<\/li>\n<\/ul>\n<p style=\"text-align: justify;\">De fleste f\u00e5r kun milde symptomer, men gul feber kan i nogle tilf\u00e6lde udvikle sig alvorligt og i v\u00e6rste fald v\u00e6re livstruende. Derfor er vaccination i mange tropiske lande enten st\u00e6rkt anbefalet eller et formelt indrejsekrav.<\/p>\n<p><img loading=\"lazy\" decoding=\"async\" class=\"aligncenter wp-image-12676 size-medium\" src=\"https:\/\/www.vita-explorers.dk\/blog\/wp-content\/uploads\/2019\/05\/Moustique-min-300x184.jpg\" alt=\"Vaccins contre la fi\u00e9vre jaune\" width=\"300\" height=\"184\" srcset=\"https:\/\/www.vita-explorers.dk\/blog\/wp-content\/uploads\/2019\/05\/Moustique-min-300x184.jpg 300w, https:\/\/www.vita-explorers.dk\/blog\/wp-content\/uploads\/2019\/05\/Moustique-min-768x471.jpg 768w, https:\/\/www.vita-explorers.dk\/blog\/wp-content\/uploads\/2019\/05\/Moustique-min-1024x628.jpg 1024w, https:\/\/www.vita-explorers.dk\/blog\/wp-content\/uploads\/2019\/05\/Moustique-min-150x92.jpg 150w, https:\/\/www.vita-explorers.dk\/blog\/wp-content\/uploads\/2019\/05\/Moustique-min.jpg 1400w\" sizes=\"(max-width: 300px) 100vw, 300px\" \/><\/p>\n<p><!-- SECTION 2 --><\/p>\n<h2 id=\"pourquoi-se-faire-vacciner\"><strong>2. Hvorfor blive vaccineret mod gul feber?<\/strong><\/h2>\n<p>Det er vigtigt at blive vaccineret mod gul feber af flere grunde:<\/p>\n<ol>\n<li style=\"text-align: justify;\"><strong>Beskytte dit helbred<\/strong>: Sygdommen kan v\u00e6re alvorlig, og vaccinen er den mest effektive m\u00e5de at forebygge p\u00e5.<\/li>\n<li style=\"text-align: justify;\"><strong>Opfylde indrejsekrav<\/strong>: Nogle lande kr\u00e6ver et <em>internationalt vaccinationsbevis<\/em> ved indrejse \u2013 s\u00e6rligt hvis du kommer fra et risikoomr\u00e5de.<\/li>\n<li style=\"text-align: justify;\"><strong>Reducere risikoen for smittespredning<\/strong>: Man kan i sj\u00e6ldne tilf\u00e6lde bringe virus med videre. Vaccination mindsker risikoen markant.<\/li>\n<\/ol>\n<p style=\"text-align: justify;\">For dig, der skal p\u00e5 et <strong>humanit\u00e6rt ophold<\/strong>, er vaccination mod gul feber ofte en n\u00f8dvendig del af forberedelsen for at kunne deltage p\u00e5 en ansvarlig m\u00e5de.<\/p>\n<p><img loading=\"lazy\" decoding=\"async\" class=\"aligncenter wp-image-12502 size-full\" src=\"https:\/\/www.vita-explorers.dk\/blog\/wp-content\/uploads\/2019\/04\/passeport-visa2-300x225-min.jpg\" alt=\"Vaccins contre la Fi\u00e9vre jaune\" width=\"300\" height=\"225\" srcset=\"https:\/\/www.vita-explorers.dk\/blog\/wp-content\/uploads\/2019\/04\/passeport-visa2-300x225-min.jpg 300w, https:\/\/www.vita-explorers.dk\/blog\/wp-content\/uploads\/2019\/04\/passeport-visa2-300x225-min-150x113.jpg 150w\" sizes=\"(max-width: 300px) 100vw, 300px\" \/><\/p>\n<p><!-- SECTION 3 --><\/p>\n<h2 id=\"pays-concernes\">3. I hvilke lande er vaccinen obligatorisk eller anbefalet?<\/h2>\n<p style=\"text-align: justify;\">Mange lande i Afrika og Sydamerika (og nogle i Mellemamerika) stiller krav om eller anbefaler kraftigt vaccination mod gul feber. Listen herunder er ikke udt\u00f8mmende og kan \u00e6ndre sig. Tjek derfor altid de nyeste oplysninger hos sundhedsmyndighederne eller p\u00e5 <strong><a href=\"https:\/\/www.who.int\/fr\" target=\"_blank\" rel=\"noopener\">Verdenssundhedsorganisationens (WHO) hjemmeside<\/a><\/strong>.<\/p>\n<h3>Afrikanske lande, hvor vaccination <em>ofte er obligatorisk<\/em> eller <em>st\u00e6rkt anbefalet<\/em>:<\/h3>\n<ul>\n<li style=\"list-style-type: none;\">\n<ul>\n<li>Angola<\/li>\n<li>Benin<\/li>\n<li>Burkina Faso<\/li>\n<li>Cameroun<\/li>\n<li>Den Centralafrikanske Republik<\/li>\n<li>Tchad<\/li>\n<li>DR Congo<\/li>\n<li>Elfenbenskysten<\/li>\n<li>Gabon<\/li>\n<li><a href=\"https:\/\/www.vita-explorers.dk\/frivilligt-arbejde\/frivilligt-arbejde-ghana.html\" target=\"_blank\" rel=\"noopener\">Ghana<\/a><\/li>\n<li>Guinea<\/li>\n<li><a href=\"https:\/\/www.vita-explorers.dk\/frivilligt-arbejde\/frivilligt-arbejde-kenya.html\" target=\"_blank\" rel=\"noopener\">Kenya<\/a> <em>(afh\u00e6nger af region)<\/em><\/li>\n<li>Liberia<\/li>\n<li>Mali<\/li>\n<li>Niger<\/li>\n<li>Nigeria<\/li>\n<li><a href=\"https:\/\/www.vita-explorers.dk\/frivilligt-arbejde\/senegal-frivilligt-arbejde-internationalt-ophold.html\" target=\"_blank\" rel=\"noopener\">Senegal<\/a><\/li>\n<li>Sierra Leone<\/li>\n<li><a href=\"https:\/\/www.vita-explorers.dk\/frivilligt-arbejde\/togo-frivilligt-arbejde-humanitaert.html\">Togo<\/a><\/li>\n<\/ul>\n<\/li>\n<\/ul>\n<p><!-- Liste simplifi\u00e9e ; toujours v\u00e9rifier pays par pays --><\/p>\n<h3 style=\"text-align: justify;\">Latinamerikanske lande, hvor vaccination er <em>obligatorisk<\/em> eller <em>st\u00e6rkt anbefalet<\/em>:<\/h3>\n<ul>\n<li style=\"list-style-type: none;\">\n<ul>\n<li><a href=\"https:\/\/www.vita-explorers.dk\/frivilligt-arbejde\/internationalt-frivilligt-ophold-humanitaert-projekt-bolivia-praktik.html\" target=\"_blank\" rel=\"noopener\">Bolivia<\/a><\/li>\n<li>Brasilien (is\u00e6r Amazonas-omr\u00e5der)<\/li>\n<li><a href=\"https:\/\/www.vita-explorers.dk\/frivilligt-arbejde\/colombia-frivilligt-arbejde-internationalt-vita-erfaringer-service.html\" target=\"_blank\" rel=\"noopener\">Colombia<\/a><\/li>\n<li><a href=\"https:\/\/www.vita-explorers.dk\/sprog-og-frivilligt-arbejde\/spansk-frivilligt-arbejde-ecuador.html\" target=\"_blank\" rel=\"noopener\">Ecuador<\/a> (Amazonas-regionen)<\/li>\n<li>Guyana (Fransk Guyana)<\/li>\n<li>Paraguay<\/li>\n<li><a href=\"https:\/\/www.vita-explorers.dk\/frivilligt-arbejde\/peru-forening-frivilligt-arbejde-internationalt-forlob-service-praktik.html\">Peru<\/a><\/li>\n<li>Venezuela<\/li>\n<\/ul>\n<\/li>\n<\/ul>\n<p><!-- L\u00e0 encore, v\u00e9rifier les derni\u00e8res mises \u00e0 jour --><\/p>\n<p style=\"text-align: justify;\">Andre lande kan kr\u00e6ve vaccination, hvis du ankommer fra et omr\u00e5de med risiko. For eksempel kr\u00e6ver <a href=\"https:\/\/www.vita-explorers.dk\/frivilligt-arbejde\/frivilligt-arbejde-sydafrika.html\" target=\"_blank\" rel=\"noopener\">Sydafrika<\/a> et vaccinationsbevis for rejsende, der kommer fra et endemisk land. Derfor er det vigtigt altid at tjekke indrejsekravene <strong>f\u00f8r<\/strong> du bestiller flybillet.<\/p>\n<p><img loading=\"lazy\" decoding=\"async\" class=\"aligncenter wp-image-10849 size-full\" src=\"https:\/\/www.vita-explorers.dk\/blog\/wp-content\/uploads\/2018\/08\/B\u00e9n\u00e9voles-et-Maasa\u00ef-min-300x225-min.jpg\" alt=\"Pays ou le vaccin de la fi\u00e8vre jaune\" width=\"300\" height=\"225\" srcset=\"https:\/\/www.vita-explorers.dk\/blog\/wp-content\/uploads\/2018\/08\/B\u00e9n\u00e9voles-et-Maasa\u00ef-min-300x225-min.jpg 300w, https:\/\/www.vita-explorers.dk\/blog\/wp-content\/uploads\/2018\/08\/B\u00e9n\u00e9voles-et-Maasa\u00ef-min-300x225-min-150x113.jpg 150w\" sizes=\"(max-width: 300px) 100vw, 300px\" \/><\/p>\n<p><!-- SECTION 4 --><\/p>\n<h2 id=\"demarches-vaccin\">4. S\u00e5dan bliver du vaccineret<\/h2>\n<p style=\"text-align: justify;\">Vaccine mod gul feber gives p\u00e5 godkendte klinikker for rejse- og vaccinationsr\u00e5dgivning. Her er de vigtigste trin:<\/p>\n<ol>\n<li style=\"text-align: justify;\"><strong>Book tid i god tid<\/strong> (helst 4\u20136 uger f\u00f8r afrejse), da tider kan v\u00e6re begr\u00e6nsede, og vaccinen f\u00f8rst er fuldt effektiv efter cirka 10 dage.<\/li>\n<li style=\"text-align: justify;\"><strong>Medbring dit internationale vaccinationskort<\/strong>, som udstedes eller opdateres i forbindelse med vaccinationen. Det er din officielle dokumentation.<\/li>\n<li style=\"text-align: justify;\"><strong>F\u00e5 vurderet din helbredssituation<\/strong>: L\u00e6gen vurderer eventuelle kontraindikationer (fx graviditet, nedsat immunforsvar m.m.).<\/li>\n<li style=\"text-align: justify;\"><strong>Opbevar kortet sikkert<\/strong>: I nogle lande skal det vises ved gr\u00e6nsekontrol.<\/li>\n<\/ol>\n<p style=\"text-align: justify;\">Siden 2013 har WHO anbefalet, at \u00e9n dosis som udgangspunkt giver livslang beskyttelse mod gul feber, men enkelte lande kan stadig kr\u00e6ve revaccination. S\u00e6t dig derfor ind i reglerne for dit rejsem\u00e5l \u2013 og sp\u00f8rg en sundhedsfaglig, hvis du er i tvivl.<\/p>\n<div style=\"width: 1920px;\" class=\"wp-video\"><!--[if lt IE 9]><script>document.createElement('video');<\/script><![endif]-->\n<video class=\"wp-video-shortcode\" id=\"video-20983-1\" width=\"1920\" height=\"1080\" preload=\"metadata\" controls=\"controls\"><source type=\"video\/mp4\" src=\"https:\/\/www.vita-explorers.dk\/blog\/wp-content\/uploads\/2024\/07\/My-Movie-1.mp4?_=1\" \/><a href=\"https:\/\/www.vita-explorers.dk\/blog\/wp-content\/uploads\/2024\/07\/My-Movie-1.mp4\">https:\/\/www.vita-explorers.dk\/blog\/wp-content\/uploads\/2024\/07\/My-Movie-1.mp4<\/a><\/video><\/div>\n<p><!-- SECTION 5 --><\/p>\n<h2 id=\"conseils-pratiques\">5. Praktiske r\u00e5d til VITA Explorers<\/h2>\n<p style=\"text-align: justify;\">Hos <strong>VITA Institute<\/strong> hj\u00e6lper vi hvert \u00e5r deltagere, der skal p\u00e5 internationale forl\u00f8b rundt om i verden. Her er vores anbefalinger til en god og ansvarlig forberedelse:<\/p>\n<ul>\n<li style=\"text-align: justify;\"><strong>Kontakt os, n\u00e5r du er tilmeldt<\/strong>: Vi kan hj\u00e6lpe dig med at f\u00e5 overblik over de praktiske krav og det, der typisk g\u00e6lder for dit rejsem\u00e5l.<\/li>\n<li style=\"text-align: justify;\"><strong>Tjek ogs\u00e5 dine \u00f8vrige vacciner<\/strong>: Ud over gul feber kan andre vacciner v\u00e6re relevante (hepatitis A\/B, tyfus, rabies, meningokok m.m.).<\/li>\n<li style=\"text-align: justify;\"><strong>Planl\u00e6g god myggeforebyggelse<\/strong>: Impregneret myggenet, myggespray og t\u00f8j med lange \u00e6rmer\/ben. Forebyggelse er en vigtig del af rejsesundhed.<\/li>\n<li style=\"text-align: justify;\"><strong>S\u00e6t dig ind i lokale sundhedsr\u00e5d<\/strong>: Drikkevand, mad- og k\u00f8kkenhygiejne, og generelle anbefalinger.<\/li>\n<li style=\"text-align: justify;\"><strong>Opbevar dine rejsedokumenter sikkert<\/strong> (pas, forsikringspapirer, vaccinationskort) og lav kopier (fysisk eller digitalt).<\/li>\n<\/ul>\n<p style=\"text-align: justify;\">N\u00e5r du f\u00f8lger disse r\u00e5d, giver du dig selv de bedste rammer for et ophold med fokus p\u00e5 b\u00e5de sundhed, sikkerhed og et meningsfuldt engagement.<\/p>\n<p><!-- SECTION 6 : FAQ --><\/p>\n<div id=\"faq\" class=\"faq\">\n<h2><strong>6. FAQ: de mest almindelige sp\u00f8rgsm\u00e5l<\/strong><\/h2>\n<h3><strong>1) G\u00f8r vaccinen mod gul feber ondt?<\/strong><\/h3>\n<p style=\"text-align: justify;\">Vaccinationen kan give let \u00f8mhed ved indstiksstedet eller milde symptomer (hovedpine, tr\u00e6thed), men det g\u00e5r typisk hurtigt over. Alvorlige reaktioner er meget sj\u00e6ldne.<\/p>\n<h3><strong>2) Fra hvilken alder kan man blive vaccineret?<\/strong><\/h3>\n<p style=\"text-align: justify;\">Som udgangspunkt gives vaccine mod gul feber fra 9-m\u00e5nedersalderen. Der kan dog v\u00e6re undtagelser eller kontraindikationer (yngre b\u00f8rn, gravide m.fl.). Tal med en sundhedsfaglig for en individuel vurdering.<\/p>\n<h3><strong>3) G\u00e6lder vaccinen mod gul feber hele livet?<\/strong><\/h3>\n<p style=\"text-align: justify;\">Siden 2013 vurderer WHO, at \u00e9n dosis som udgangspunkt giver livslang beskyttelse. Nogle lande kan dog stadig kr\u00e6ve en booster. Tjek altid de officielle krav.<\/p>\n<h3><strong>4) Hvad g\u00f8r jeg, hvis jeg mister mit vaccinationskort?<\/strong><\/h3>\n<p style=\"text-align: justify;\">Det er vigtigt at passe godt p\u00e5 kortet, da det er din officielle dokumentation. Hvis du mister det, s\u00e5 kontakt stedet, hvor du blev vaccineret; de kan i nogle tilf\u00e6lde udstede en kopi eller vejlede om n\u00e6ste skridt, hvis en ny vaccination bliver n\u00f8dvendig.<\/p>\n<\/div>\n<p><!-- SECTION 7 --><\/p>\n<h2 id=\"conclusion\">7. Konklusion<\/h2>\n<p style=\"text-align: justify;\"><strong>Vaccine mod gul feber<\/strong> er et centralt punkt for alle, der skal p\u00e5 humanit\u00e6rt ophold eller rejse til tropiske omr\u00e5der i Afrika og Sydamerika. Det handler ikke kun om en formalitet \u2013 vaccinationen beskytter b\u00e5de dig og de mennesker, du m\u00f8der undervejs, og den hj\u00e6lper dig samtidig med at opfylde indrejsekrav i en r\u00e6kke lande.<\/p>\n<p style=\"text-align: justify;\">For <strong>VITA Explorers<\/strong> er det en forberedelse, der er v\u00e6rd at planl\u00e6gge i god tid, s\u00e5 du kan rejse afsted med ro i maven og bruge din energi p\u00e5 selve opholdet. N\u00e5r du unders\u00f8ger indrejsekrav, bestiller tid til vaccination og pakker fornuftigt, st\u00e5r du st\u00e6rkere til at f\u00e5 en tryg og meningsfuld oplevelse.<\/p>\n<p style=\"text-align: justify;\">Vil du vide mere om vores <strong>internationale forl\u00f8b<\/strong> og forberedelsen inden afrejse? Bes\u00f8g vores hjemmeside:<br \/>\n<a href=\"https:\/\/www.vita-explorers.dk\/\" target=\"_blank\" rel=\"noopener\">www.vita-explorers.dk<\/a> eller kontakt os for personlig vejledning.<\/p>\n<p><a class=\"cta-button\" href=\"https:\/\/www.vita-explorers.dk\/#tel-contact-form-glob\" target=\"_blank\" rel=\"noopener\">Kontakt os i dag<\/a><\/p>\n<p class=\"note\" style=\"text-align: justify;\">*Artiklen er kun til generel information og kan ikke erstatte r\u00e5dgivning fra en sundhedsfaglig. Ved medicinske sp\u00f8rgsm\u00e5l b\u00f8r du kontakte din l\u00e6ge eller en rejsevaccinationsklinik.*<\/p>\n<p style=\"text-align: center;\"><strong><b>Vil du f\u00f8lge med i VITA Institute og vores community, s\u00e5 find os p\u00e5\u00a0<\/b><a href=\"https:\/\/www.instagram.com\/globalongofficiel\/\"><span class=\"s2\"><b>Instagram<\/b><\/span><\/a><b>,\u00a0<\/b><a href=\"https:\/\/www.tiktok.com\/@globalong\"><span class=\"s2\"><b>TikTok<\/b><\/span><\/a><b>,\u00a0<\/b><a href=\"https:\/\/www.facebook.com\/globalong\"><span class=\"s2\"><b>Facebook<\/b><\/span><\/a><b>,\u00a0<\/b><a href=\"https:\/\/www.linkedin.com\/company\/5113177\/admin\/feed\/posts\/\"><span class=\"s2\"><b>LinkedIn<\/b><\/span><\/a><b>\u00a0og\u00a0<\/b><a href=\"https:\/\/www.youtube.com\/c\/globalong\/videos\"><span class=\"s2\"><b>YouTube<\/b><\/span><\/a><b>\u00a0!\u00a0<\/b><\/strong><\/p>\n<\/article>\n<p>\u00a0<\/p>\n","protected":false},"excerpt":{"rendered":"<p>\u00a0 Vaccine mod gul feber: det skal du vide, f\u00f8r du tager p\u00e5 internationalt forl\u00f8b Hvis du planl\u00e6gger at tage afsted p\u00e5 et humanit\u00e6rt\u2026<\/p>\n","protected":false},"author":7,"featured_media":12676,"comment_status":"open","ping_status":"open","sticky":false,"template":"","format":"standard","meta":{"footnotes":""},"categories":[1],"tags":[],"yoast_head":"<!-- This site is optimized with the Yoast SEO Premium plugin v23.4 (Yoast SEO v23.4) - https:\/\/yoast.com\/wordpress\/plugins\/seo\/ -->\n<title>Vaccine mod gul feber: vigtig information - VITA Explorers Blog<\/title>\n<meta name=\"description\" content=\"Le vaccin contre la fi\u00e8vre jaune est essentiel pour voyager en s\u00e9curit\u00e9. Apprenez-en plus sur sa n\u00e9cessit\u00e9 et ses d\u00e9marches.\" \/>\n<meta name=\"robots\" content=\"index, follow, max-snippet:-1, max-image-preview:large, max-video-preview:-1\" \/>\n<link rel=\"canonical\" href=\"https:\/\/www.vita-explorers.dk\/blog\/vaccination-mod-gul-feber\/\" \/>\n<meta property=\"og:locale\" content=\"da_DK\" \/>\n<meta property=\"og:type\" content=\"article\" \/>\n<meta property=\"og:title\" content=\"Vaccine mod gul feber\" \/>\n<meta property=\"og:description\" content=\"Le vaccin contre la fi\u00e8vre jaune est essentiel pour voyager en s\u00e9curit\u00e9. Apprenez-en plus sur sa n\u00e9cessit\u00e9 et ses d\u00e9marches.\" \/>\n<meta property=\"og:url\" content=\"https:\/\/www.vita-explorers.dk\/blog\/vaccination-mod-gul-feber\/\" \/>\n<meta property=\"og:site_name\" content=\"VITA Explorers Blog\" \/>\n<meta property=\"article:publisher\" content=\"https:\/\/www.facebook.com\/globalong\" \/>\n<meta property=\"article:published_time\" content=\"2025-03-25T03:53:42+00:00\" \/>\n<meta property=\"article:modified_time\" content=\"2025-03-24T15:11:00+00:00\" \/>\n<meta property=\"og:image\" content=\"https:\/\/www.vita-explorers.dk\/blog\/wp-content\/uploads\/2019\/05\/Moustique-min.jpg\" \/>\n\t<meta property=\"og:image:width\" content=\"1400\" \/>\n\t<meta property=\"og:image:height\" content=\"859\" \/>\n\t<meta property=\"og:image:type\" content=\"image\/jpeg\" \/>\n<meta name=\"author\" content=\"VITA Tribe\" \/>\n<meta name=\"twitter:card\" content=\"summary_large_image\" \/>\n<meta name=\"twitter:label1\" content=\"Skrevet af\" \/>\n\t<meta name=\"twitter:data1\" content=\"VITA Tribe\" \/>\n\t<meta name=\"twitter:label2\" content=\"Estimeret l\u00e6setid\" \/>\n\t<meta name=\"twitter:data2\" content=\"8 minutter\" \/>\n<script type=\"application\/ld+json\" class=\"yoast-schema-graph\">{\"@context\":\"https:\/\/schema.org\",\"@graph\":[{\"@type\":\"Article\",\"@id\":\"https:\/\/www.vita-explorers.dk\/blog\/vaccination-mod-gul-feber\/#article\",\"isPartOf\":{\"@id\":\"https:\/\/www.vita-explorers.dk\/blog\/vaccination-mod-gul-feber\/\"},\"author\":{\"name\":\"VITA Tribe\",\"@id\":\"https:\/\/www.vita-explorers.dk\/blog\/#\/schema\/person\/fc0343a2f2db2ebb2793c1f62dbe73f0\"},\"headline\":\"Vaccine mod gul feber\",\"datePublished\":\"2025-03-25T03:53:42+00:00\",\"dateModified\":\"2025-03-24T15:11:00+00:00\",\"mainEntityOfPage\":{\"@id\":\"https:\/\/www.vita-explorers.dk\/blog\/vaccination-mod-gul-feber\/\"},\"wordCount\":1239,\"commentCount\":0,\"publisher\":{\"@id\":\"https:\/\/www.vita-explorers.dk\/blog\/#organization\"},\"image\":{\"@id\":\"https:\/\/www.vita-explorers.dk\/blog\/vaccination-mod-gul-feber\/#primaryimage\"},\"thumbnailUrl\":\"https:\/\/www.vita-explorers.dk\/blog\/wp-content\/uploads\/2019\/05\/Moustique-min.jpg\",\"articleSection\":[\"No Name\"],\"inLanguage\":\"da-DK\",\"potentialAction\":[{\"@type\":\"CommentAction\",\"name\":\"Comment\",\"target\":[\"https:\/\/www.vita-explorers.dk\/blog\/vaccination-mod-gul-feber\/#respond\"]}]},{\"@type\":\"WebPage\",\"@id\":\"https:\/\/www.vita-explorers.dk\/blog\/vaccination-mod-gul-feber\/\",\"url\":\"https:\/\/www.vita-explorers.dk\/blog\/vaccination-mod-gul-feber\/\",\"name\":\"Vaccine mod gul feber: vigtig information - VITA Explorers Blog\",\"isPartOf\":{\"@id\":\"https:\/\/www.vita-explorers.dk\/blog\/#website\"},\"primaryImageOfPage\":{\"@id\":\"https:\/\/www.vita-explorers.dk\/blog\/vaccination-mod-gul-feber\/#primaryimage\"},\"image\":{\"@id\":\"https:\/\/www.vita-explorers.dk\/blog\/vaccination-mod-gul-feber\/#primaryimage\"},\"thumbnailUrl\":\"https:\/\/www.vita-explorers.dk\/blog\/wp-content\/uploads\/2019\/05\/Moustique-min.jpg\",\"datePublished\":\"2025-03-25T03:53:42+00:00\",\"dateModified\":\"2025-03-24T15:11:00+00:00\",\"description\":\"Le vaccin contre la fi\u00e8vre jaune est essentiel pour voyager en s\u00e9curit\u00e9. Apprenez-en plus sur sa n\u00e9cessit\u00e9 et ses d\u00e9marches.\",\"breadcrumb\":{\"@id\":\"https:\/\/www.vita-explorers.dk\/blog\/vaccination-mod-gul-feber\/#breadcrumb\"},\"inLanguage\":\"da-DK\",\"potentialAction\":[{\"@type\":\"ReadAction\",\"target\":[\"https:\/\/www.vita-explorers.dk\/blog\/vaccination-mod-gul-feber\/\"]}]},{\"@type\":\"ImageObject\",\"inLanguage\":\"da-DK\",\"@id\":\"https:\/\/www.vita-explorers.dk\/blog\/vaccination-mod-gul-feber\/#primaryimage\",\"url\":\"https:\/\/www.vita-explorers.dk\/blog\/wp-content\/uploads\/2019\/05\/Moustique-min.jpg\",\"contentUrl\":\"https:\/\/www.vita-explorers.dk\/blog\/wp-content\/uploads\/2019\/05\/Moustique-min.jpg\",\"width\":1400,\"height\":859,\"caption\":\"Vaccins contre la fi\u00e9vre jaune\"},{\"@type\":\"BreadcrumbList\",\"@id\":\"https:\/\/www.vita-explorers.dk\/blog\/vaccination-mod-gul-feber\/#breadcrumb\",\"itemListElement\":[{\"@type\":\"ListItem\",\"position\":1,\"name\":\"Accueil\",\"item\":\"https:\/\/www.vita-explorers.dk\/blog\/\"},{\"@type\":\"ListItem\",\"position\":2,\"name\":\"Vaccine mod gul feber\"}]},{\"@type\":\"WebSite\",\"@id\":\"https:\/\/www.vita-explorers.dk\/blog\/#website\",\"url\":\"https:\/\/www.vita-explorers.dk\/blog\/\",\"name\":\"Association Globalong\",\"description\":\"Frivilligt arbejde, sprogophold, praktik i udlandet og internationale oplevelser\",\"publisher\":{\"@id\":\"https:\/\/www.vita-explorers.dk\/blog\/#organization\"},\"potentialAction\":[{\"@type\":\"SearchAction\",\"target\":{\"@type\":\"EntryPoint\",\"urlTemplate\":\"https:\/\/www.vita-explorers.dk\/blog\/?s={search_term_string}\"},\"query-input\":{\"@type\":\"PropertyValueSpecification\",\"valueRequired\":true,\"valueName\":\"search_term_string\"}}],\"inLanguage\":\"da-DK\"},{\"@type\":\"Organization\",\"@id\":\"https:\/\/www.vita-explorers.dk\/blog\/#organization\",\"name\":\"Association Globalong\",\"url\":\"https:\/\/www.vita-explorers.dk\/blog\/\",\"logo\":{\"@type\":\"ImageObject\",\"inLanguage\":\"da-DK\",\"@id\":\"https:\/\/www.vita-explorers.dk\/blog\/#\/schema\/logo\/image\/\",\"url\":\"https:\/\/www.globalong.com\/blog\/wp-content\/uploads\/2014\/11\/cropped-cropped-Logo-et-Afrique-Globalong-petite-taille-2.jpg\",\"contentUrl\":\"https:\/\/www.globalong.com\/blog\/wp-content\/uploads\/2014\/11\/cropped-cropped-Logo-et-Afrique-Globalong-petite-taille-2.jpg\",\"width\":512,\"height\":512,\"caption\":\"Association Globalong\"},\"image\":{\"@id\":\"https:\/\/www.vita-explorers.dk\/blog\/#\/schema\/logo\/image\/\"},\"sameAs\":[\"https:\/\/www.facebook.com\/globalong\"]},{\"@type\":\"Person\",\"@id\":\"https:\/\/www.vita-explorers.dk\/blog\/#\/schema\/person\/fc0343a2f2db2ebb2793c1f62dbe73f0\",\"name\":\"VITA Tribe\",\"image\":{\"@type\":\"ImageObject\",\"inLanguage\":\"da-DK\",\"@id\":\"https:\/\/www.vita-explorers.dk\/blog\/#\/schema\/person\/image\/\",\"url\":\"https:\/\/secure.gravatar.com\/avatar\/f7f05026bb439d0c96b30e135e5f852c?s=96&d=mm&r=g\",\"contentUrl\":\"https:\/\/secure.gravatar.com\/avatar\/f7f05026bb439d0c96b30e135e5f852c?s=96&d=mm&r=g\",\"caption\":\"VITA Tribe\"},\"sameAs\":[\"http:\/\/www.globalong.com\"],\"url\":\"https:\/\/www.vita-explorers.dk\/blog\/author\/teamglobalong\/\"}]}<\/script>\n<!-- \/ Yoast SEO Premium plugin. -->","yoast_head_json":{"title":"Vaccine mod gul feber: vigtig information - VITA Explorers Blog","description":"Le vaccin contre la fi\u00e8vre jaune est essentiel pour voyager en s\u00e9curit\u00e9. Apprenez-en plus sur sa n\u00e9cessit\u00e9 et ses d\u00e9marches.","robots":{"index":"index","follow":"follow","max-snippet":"max-snippet:-1","max-image-preview":"max-image-preview:large","max-video-preview":"max-video-preview:-1"},"canonical":"https:\/\/www.vita-explorers.dk\/blog\/vaccination-mod-gul-feber\/","og_locale":"da_DK","og_type":"article","og_title":"Vaccine mod gul feber","og_description":"Le vaccin contre la fi\u00e8vre jaune est essentiel pour voyager en s\u00e9curit\u00e9. Apprenez-en plus sur sa n\u00e9cessit\u00e9 et ses d\u00e9marches.","og_url":"https:\/\/www.vita-explorers.dk\/blog\/vaccination-mod-gul-feber\/","og_site_name":"VITA Explorers Blog","article_publisher":"https:\/\/www.facebook.com\/globalong","article_published_time":"2025-03-25T03:53:42+00:00","article_modified_time":"2025-03-24T15:11:00+00:00","og_image":[{"width":1400,"height":859,"url":"https:\/\/www.vita-explorers.dk\/blog\/wp-content\/uploads\/2019\/05\/Moustique-min.jpg","type":"image\/jpeg"}],"author":"VITA Tribe","twitter_card":"summary_large_image","twitter_misc":{"Skrevet af":"VITA Tribe","Estimeret l\u00e6setid":"8 minutter"},"schema":{"@context":"https:\/\/schema.org","@graph":[{"@type":"Article","@id":"https:\/\/www.vita-explorers.dk\/blog\/vaccination-mod-gul-feber\/#article","isPartOf":{"@id":"https:\/\/www.vita-explorers.dk\/blog\/vaccination-mod-gul-feber\/"},"author":{"name":"VITA Tribe","@id":"https:\/\/www.vita-explorers.dk\/blog\/#\/schema\/person\/fc0343a2f2db2ebb2793c1f62dbe73f0"},"headline":"Vaccine mod gul feber","datePublished":"2025-03-25T03:53:42+00:00","dateModified":"2025-03-24T15:11:00+00:00","mainEntityOfPage":{"@id":"https:\/\/www.vita-explorers.dk\/blog\/vaccination-mod-gul-feber\/"},"wordCount":1239,"commentCount":0,"publisher":{"@id":"https:\/\/www.vita-explorers.dk\/blog\/#organization"},"image":{"@id":"https:\/\/www.vita-explorers.dk\/blog\/vaccination-mod-gul-feber\/#primaryimage"},"thumbnailUrl":"https:\/\/www.vita-explorers.dk\/blog\/wp-content\/uploads\/2019\/05\/Moustique-min.jpg","articleSection":["No Name"],"inLanguage":"da-DK","potentialAction":[{"@type":"CommentAction","name":"Comment","target":["https:\/\/www.vita-explorers.dk\/blog\/vaccination-mod-gul-feber\/#respond"]}]},{"@type":"WebPage","@id":"https:\/\/www.vita-explorers.dk\/blog\/vaccination-mod-gul-feber\/","url":"https:\/\/www.vita-explorers.dk\/blog\/vaccination-mod-gul-feber\/","name":"Vaccine mod gul feber: vigtig information - VITA Explorers Blog","isPartOf":{"@id":"https:\/\/www.vita-explorers.dk\/blog\/#website"},"primaryImageOfPage":{"@id":"https:\/\/www.vita-explorers.dk\/blog\/vaccination-mod-gul-feber\/#primaryimage"},"image":{"@id":"https:\/\/www.vita-explorers.dk\/blog\/vaccination-mod-gul-feber\/#primaryimage"},"thumbnailUrl":"https:\/\/www.vita-explorers.dk\/blog\/wp-content\/uploads\/2019\/05\/Moustique-min.jpg","datePublished":"2025-03-25T03:53:42+00:00","dateModified":"2025-03-24T15:11:00+00:00","description":"Le vaccin contre la fi\u00e8vre jaune est essentiel pour voyager en s\u00e9curit\u00e9. Apprenez-en plus sur sa n\u00e9cessit\u00e9 et ses d\u00e9marches.","breadcrumb":{"@id":"https:\/\/www.vita-explorers.dk\/blog\/vaccination-mod-gul-feber\/#breadcrumb"},"inLanguage":"da-DK","potentialAction":[{"@type":"ReadAction","target":["https:\/\/www.vita-explorers.dk\/blog\/vaccination-mod-gul-feber\/"]}]},{"@type":"ImageObject","inLanguage":"da-DK","@id":"https:\/\/www.vita-explorers.dk\/blog\/vaccination-mod-gul-feber\/#primaryimage","url":"https:\/\/www.vita-explorers.dk\/blog\/wp-content\/uploads\/2019\/05\/Moustique-min.jpg","contentUrl":"https:\/\/www.vita-explorers.dk\/blog\/wp-content\/uploads\/2019\/05\/Moustique-min.jpg","width":1400,"height":859,"caption":"Vaccins contre la fi\u00e9vre jaune"},{"@type":"BreadcrumbList","@id":"https:\/\/www.vita-explorers.dk\/blog\/vaccination-mod-gul-feber\/#breadcrumb","itemListElement":[{"@type":"ListItem","position":1,"name":"Accueil","item":"https:\/\/www.vita-explorers.dk\/blog\/"},{"@type":"ListItem","position":2,"name":"Vaccine mod gul feber"}]},{"@type":"WebSite","@id":"https:\/\/www.vita-explorers.dk\/blog\/#website","url":"https:\/\/www.vita-explorers.dk\/blog\/","name":"Association Globalong","description":"Frivilligt arbejde, sprogophold, praktik i udlandet og internationale oplevelser","publisher":{"@id":"https:\/\/www.vita-explorers.dk\/blog\/#organization"},"potentialAction":[{"@type":"SearchAction","target":{"@type":"EntryPoint","urlTemplate":"https:\/\/www.vita-explorers.dk\/blog\/?s={search_term_string}"},"query-input":{"@type":"PropertyValueSpecification","valueRequired":true,"valueName":"search_term_string"}}],"inLanguage":"da-DK"},{"@type":"Organization","@id":"https:\/\/www.vita-explorers.dk\/blog\/#organization","name":"Association Globalong","url":"https:\/\/www.vita-explorers.dk\/blog\/","logo":{"@type":"ImageObject","inLanguage":"da-DK","@id":"https:\/\/www.vita-explorers.dk\/blog\/#\/schema\/logo\/image\/","url":"https:\/\/www.globalong.com\/blog\/wp-content\/uploads\/2014\/11\/cropped-cropped-Logo-et-Afrique-Globalong-petite-taille-2.jpg","contentUrl":"https:\/\/www.globalong.com\/blog\/wp-content\/uploads\/2014\/11\/cropped-cropped-Logo-et-Afrique-Globalong-petite-taille-2.jpg","width":512,"height":512,"caption":"Association Globalong"},"image":{"@id":"https:\/\/www.vita-explorers.dk\/blog\/#\/schema\/logo\/image\/"},"sameAs":["https:\/\/www.facebook.com\/globalong"]},{"@type":"Person","@id":"https:\/\/www.vita-explorers.dk\/blog\/#\/schema\/person\/fc0343a2f2db2ebb2793c1f62dbe73f0","name":"VITA Tribe","image":{"@type":"ImageObject","inLanguage":"da-DK","@id":"https:\/\/www.vita-explorers.dk\/blog\/#\/schema\/person\/image\/","url":"https:\/\/secure.gravatar.com\/avatar\/f7f05026bb439d0c96b30e135e5f852c?s=96&d=mm&r=g","contentUrl":"https:\/\/secure.gravatar.com\/avatar\/f7f05026bb439d0c96b30e135e5f852c?s=96&d=mm&r=g","caption":"VITA Tribe"},"sameAs":["http:\/\/www.globalong.com"],"url":"https:\/\/www.vita-explorers.dk\/blog\/author\/teamglobalong\/"}]}},"_links":{"self":[{"href":"https:\/\/www.vita-explorers.dk\/blog\/wp-json\/wp\/v2\/posts\/20983"}],"collection":[{"href":"https:\/\/www.vita-explorers.dk\/blog\/wp-json\/wp\/v2\/posts"}],"about":[{"href":"https:\/\/www.vita-explorers.dk\/blog\/wp-json\/wp\/v2\/types\/post"}],"author":[{"embeddable":true,"href":"https:\/\/www.vita-explorers.dk\/blog\/wp-json\/wp\/v2\/users\/7"}],"replies":[{"embeddable":true,"href":"https:\/\/www.vita-explorers.dk\/blog\/wp-json\/wp\/v2\/comments?post=20983"}],"version-history":[{"count":1,"href":"https:\/\/www.vita-explorers.dk\/blog\/wp-json\/wp\/v2\/posts\/20983\/revisions"}],"predecessor-version":[{"id":20984,"href":"https:\/\/www.vita-explorers.dk\/blog\/wp-json\/wp\/v2\/posts\/20983\/revisions\/20984"}],"wp:featuredmedia":[{"embeddable":true,"href":"https:\/\/www.vita-explorers.dk\/blog\/wp-json\/wp\/v2\/media\/12676"}],"wp:attachment":[{"href":"https:\/\/www.vita-explorers.dk\/blog\/wp-json\/wp\/v2\/media?parent=20983"}],"wp:term":[{"taxonomy":"category","embeddable":true,"href":"https:\/\/www.vita-explorers.dk\/blog\/wp-json\/wp\/v2\/categories?post=20983"},{"taxonomy":"post_tag","embeddable":true,"href":"https:\/\/www.vita-explorers.dk\/blog\/wp-json\/wp\/v2\/tags?post=20983"}],"curies":[{"name":"wp","href":"https:\/\/api.w.org\/{rel}","templated":true}]}}