{"id":20987,"date":"2025-04-01T04:09:01","date_gmt":"2025-04-01T02:09:01","guid":{"rendered":"https:\/\/www.globalong.com\/blog\/?p=20987"},"modified":"2025-04-22T06:36:06","modified_gmt":"2025-04-22T04:36:06","slug":"humanitaer-rejse-for-mindreaarige","status":"publish","type":"post","link":"https:\/\/www.vita-explorers.dk\/blog\/humanitaer-rejse-for-mindreaarige\/","title":{"rendered":"Humanit\u00e6r rejse for mindre\u00e5rige"},"content":{"rendered":"<p><iframe loading=\"lazy\" title=\"T\u00e9moignage mission humanitaire - Marie-Lou et son papa au Sri Lanka\" width=\"500\" height=\"281\" src=\"https:\/\/www.youtube.com\/embed\/zxVe_4u1c1I?feature=oembed\" frameborder=\"0\" allow=\"accelerometer; autoplay; clipboard-write; encrypted-media; gyroscope; picture-in-picture; web-share\" referrerpolicy=\"strict-origin-when-cross-origin\" allowfullscreen><\/iframe><\/p>\n<h1>Humanit\u00e6rt ophold for unge under 18: en komplet og ansvarlig guide<\/h1>\n<p style=\"text-align: justify;\">Et humanit\u00e6rt ophold for unge under 18 er meget mere end en rejse til udlandet: det er en l\u00e6rerig livserfaring, et aktivt medborgerskab og en konkret mulighed for at deltage i projekter med <strong>solidarisk indsats<\/strong>. Mange unge har i dag lyst til at tage afsted p\u00e5 et <a href=\"https:\/\/www.vita-explorers.dk\/blog\/s\u00e5dan-integrerer-du-en-humanit\u00e6r-rejse\/\" target=\"_blank\" rel=\"noopener\"><strong>humanit\u00e6rt forl\u00f8b<\/strong> <\/a>og engagere sig i en sag, de br\u00e6nder for. Men hvad g\u00e6lder for unge under 18? Kan man deltage, n\u00e5r man endnu ikke er fyldt 18 \u00e5r? Hvilke krav skal opfyldes, hvilke formaliteter skal v\u00e6re p\u00e5 plads, og hvordan sikrer man et trygt og passende ansvarligt setup?<\/p>\n<p style=\"text-align: justify;\">I denne artikel gennemg\u00e5r vi de vigtigste aspekter af <strong>humanit\u00e6re ophold for unge under 18<\/strong> \u2013 fra forberedelser og dokumenter til st\u00f8tte og rammer p\u00e5 stedet, samt motivationer, udbytte og vigtige opm\u00e6rksomhedspunkter. Uanset om du er en ung, der s\u00f8ger mening, en for\u00e6lder, der vil st\u00f8tte et solidarisk projekt, eller en underviser, der vil inspirere unge til engagement, finder du her en samlet guide til at lykkes med dit <em>internationale <a href=\"https:\/\/www.vita-explorers.dk\/blog\/internationalt-frivilligt-arbejde-og-baeredygtig-udvikling\/\" target=\"_blank\" rel=\"noopener\">frivillige forl\u00f8b<\/a><\/em> i udlandet.<\/p>\n<p><!-- TABLE DES MATI\u00c8RES POUR UX --><\/p>\n<nav>\n<h2>Sommaire<\/h2>\n<ul>\n<li><a href=\"#section1\">1. Hvad er et humanit\u00e6rt ophold for unge under 18?<\/a><\/li>\n<li><a href=\"#section2\">2. Unge menneskers motivation for at engagere sig<\/a><\/li>\n<li><a href=\"#section3\">3. Juridiske rammer og administrative formaliteter<\/a><\/li>\n<li><a href=\"#section4\">4. Typer af forl\u00f8b, der egner sig til unge under 18<\/a><\/li>\n<li><a href=\"#section5\">5. Den vigtige rolle hos organisationen, der rammes\u00e6tter forl\u00f8bet (VITA)<\/a><\/li>\n<li><a href=\"#section6\">6. Forberedelsen f\u00f8r afrejse<\/a><\/li>\n<li><a href=\"#section7\">7. At v\u00e6re afsted p\u00e5 forl\u00f8b<\/a><\/li>\n<li><a href=\"#section8\">8. Langsigtede gevinster for den unge<\/a><\/li>\n<li><a href=\"#section9\">9. Erfaringer fra unge deltagere<\/a><\/li>\n<li><a href=\"#section10\">10. Vigtige opm\u00e6rksomhedspunkter og gode r\u00e5d<\/a><\/li>\n<li><a href=\"#section11\">11. Konklusion: et springbr\u00e6t til fremtiden<\/a><\/li>\n<\/ul>\n<\/nav>\n<h2 id=\"section1\">1. Hvad er et humanit\u00e6rt ophold for unge under 18?<\/h2>\n<p style=\"text-align: justify;\">Et <strong>humanit\u00e6rt ophold<\/strong> handler om at rejse \u2013 ofte til udlandet \u2013 for at bidrage praktisk til projekter, der st\u00f8tter mennesker i s\u00e5rbare situationer eller arbejder med almennyttige indsatser (uddannelse, sundhed, milj\u00f8, beskyttelse af dyre- og planteliv m.m.). N\u00e5r det g\u00e6lder unge under 18 \u00e5r, skal der etableres <strong>s\u00e6rlige rammer<\/strong>: for\u00e6ldresamtykke, passende voksenansvar, sk\u00e6rpet juridisk ansvar osv.<\/p>\n<p style=\"text-align: justify;\">For den unge er det en dannende oplevelse: man m\u00f8der nye m\u00e5der at leve p\u00e5, nye kulturer og st\u00e5r ansigt til ansigt med sociale, \u00f8konomiske eller milj\u00f8m\u00e6ssige virkeligheder, som man ikke n\u00f8dvendigvis m\u00f8der derhjemme. For mange for\u00e6ldre er det samtidig en mulighed for at st\u00f8tte deres barns udvikling og give v\u00e6rdier som respekt, nysgerrighed og solidaritet videre.<\/p>\n<h2 id=\"section2\"><strong>2. Unge menneskers motivation for at engagere sig<\/strong><\/h2>\n<p style=\"text-align: justify;\">Der kan v\u00e6re mange forskellige grunde til, at en ung v\u00e6lger at engagere sig i et <em>solidarisk projekt<\/em>. Her er nogle af de mest almindelige:<\/p>\n<h3><strong>2.1. At opleve nye kulturer<\/strong><\/h3>\n<p style=\"text-align: justify;\">At deltage i et <a href=\"https:\/\/www.vita-explorers.dk\/blog\/humanit\u00e6re-ophold-i-afrika-hele-\u00e5ret\/\" target=\"_blank\" rel=\"noopener\"><strong>humanit\u00e6rt ophold<\/strong><\/a> er for mange den f\u00f8rste rigtige kultur- og hverdagsoplevelse i en anden del af verden. Man m\u00f8der nye sprog, traditioner og livsformer \u2013 og udvikler b\u00e5de \u00e5benhed og tolerance.<\/p>\n<h3><strong>2.2. At kunne g\u00f8re en forskel<\/strong><\/h3>\n<p style=\"text-align: justify;\">Mange unge har brug for at kunne se meningen med det, de g\u00f8r. N\u00e5r man bidrager til undervisningsaktiviteter, hj\u00e6lper til i et lokalt projekt eller st\u00f8tter oplysningsindsatser, bliver det tydeligt, at ens deltagelse kan g\u00f8re nytte \u2013 ogs\u00e5 i det sm\u00e5.<\/p>\n<h3><strong>2.3. At l\u00e6re sig selv bedre at kende<\/strong><\/h3>\n<p style=\"text-align: justify;\">At tr\u00e6de ud af komfortzonen, tilpasse sig et nyt milj\u00f8 og klare sig v\u00e6k fra familien kan styrke selvst\u00e6ndighed, selvtillid og modenhed. M\u00f8det med mennesker lokalt og f\u00e6llesskabet med andre deltagere giver ofte ogs\u00e5 den unge et klarere billede af egne v\u00e6rdier og \u00f8nsker.<\/p>\n<h3><strong>2.4. At f\u00e5 et indblik i en mulig uddannelses- eller karrierevej<\/strong><\/h3>\n<p style=\"text-align: justify;\">Nogle unge bruger et <strong>internationalt frivilligt forl\u00f8b<\/strong> til at afpr\u00f8ve et felt, de er nysgerrige p\u00e5 \u2013 fx sundhed, milj\u00f8 eller undervisning. Det kan v\u00e6re med til at kvalificere valg af studieretning eller fremtidig retning, fordi erfaringerne er konkrete og virkelighedsn\u00e6re.<\/p>\n<h3><strong>2.5. At v\u00e6re med til at skabe positiv forandring<\/strong><\/h3>\n<p style=\"text-align: justify;\">Mange unge f\u00f8lger med i globale udfordringer som klima, ulighed og levevilk\u00e5r \u2013 og vil gerne handle nu. Et ansvarligt forl\u00f8b i udlandet kan v\u00e6re en m\u00e5de at oms\u00e6tte engagement til praksis p\u00e5, ogs\u00e5 f\u00f8r man fylder 18.<\/p>\n<p><img loading=\"lazy\" decoding=\"async\" class=\"aligncenter wp-image-7555 size-medium\" src=\"https:\/\/www.vita-explorers.dk\/blog\/wp-content\/uploads\/2017\/11\/Australie-Globalong-excursion-min-300x205.jpg\" alt=\"\" width=\"300\" height=\"205\" srcset=\"https:\/\/www.vita-explorers.dk\/blog\/wp-content\/uploads\/2017\/11\/Australie-Globalong-excursion-min-300x205.jpg 300w, https:\/\/www.vita-explorers.dk\/blog\/wp-content\/uploads\/2017\/11\/Australie-Globalong-excursion-min-768x526.jpg 768w, https:\/\/www.vita-explorers.dk\/blog\/wp-content\/uploads\/2017\/11\/Australie-Globalong-excursion-min-150x103.jpg 150w, https:\/\/www.vita-explorers.dk\/blog\/wp-content\/uploads\/2017\/11\/Australie-Globalong-excursion-min.jpg 789w\" sizes=\"(max-width: 300px) 100vw, 300px\" \/><\/p>\n<h2 id=\"section3\">3. Juridiske rammer og administrative formaliteter<\/h2>\n<p style=\"text-align: justify;\">De <strong>juridiske og administrative<\/strong> forhold er afg\u00f8rende, n\u00e5r et humanit\u00e6rt ophold involverer unge under 18. Der er is\u00e6r nogle punkter, man skal have styr p\u00e5:<\/p>\n<h3><strong>3.1. For\u00e6ldresamtykke<\/strong><\/h3>\n<p style=\"text-align: justify;\">Den unge skal have en formel tilladelse fra sine v\u00e6rger (typisk for\u00e6ldre) for at kunne rejse og deltage i forl\u00f8bet. Det sker som regel via underskrift p\u00e5 en deltageraftale eller et s\u00e6rskilt samtykkedokument.<\/p>\n<h3><strong>3.2. Pas og visum<\/strong><\/h3>\n<p style=\"text-align: justify;\">Som ved al international rejse er et <strong>gyldigt pas<\/strong> n\u00f8dvendigt. Afh\u00e6ngigt af destination kan der ogs\u00e5 v\u00e6re krav om visum eller ekstra dokumentation. Nogle lande stiller s\u00e6rlige krav, n\u00e5r unge rejser uden familie eller i en organiseret gruppe.<\/p>\n<h3><strong>3.3. Relevante forsikringer<\/strong><\/h3>\n<p style=\"text-align: justify;\"><strong>Rejseforsikring<\/strong> (sygdom, hjemtransport, ansvar) er en foruds\u00e6tning. Seri\u00f8se organisationer som <a href=\"https:\/\/www.vita-explorers.dk\/association-globalong.html\" target=\"_blank\" rel=\"noopener\">VITA<\/a> sikrer, at den unge er d\u00e6kket, hvis der opst\u00e5r sygdom, ulykke eller uforudsete situationer under opholdet.<\/p>\n<h3><strong>3.4. Voksenansvar p\u00e5 stedet<\/strong><\/h3>\n<p style=\"text-align: justify;\">Der skal v\u00e6re <em>et s\u00e6rligt setup<\/em> for unge under 18: voksne kontaktpersoner med erfaring, tydelige rammer for hverdagen og fokus p\u00e5 deltagernes trivsel. Uden trygge rammer er det ikke ansvarligt at lade unge f\u00e6rdes i omgivelser, der kan v\u00e6re kr\u00e6vende.<\/p>\n<h3><strong>3.5. Regler i v\u00e6rtslandet<\/strong><\/h3>\n<p style=\"text-align: justify;\">Nogle lande har egne regler for unge deltagere i frivillige projekter (opholdstilladelser, begr\u00e6nsninger i aktiviteter osv.). Anerkendte organisationer h\u00e5ndterer typisk disse forhold, s\u00e5 man undg\u00e5r juridiske problemer.<\/p>\n<p><img loading=\"lazy\" decoding=\"async\" class=\"aligncenter wp-image-15773 size-medium\" src=\"https:\/\/www.vita-explorers.dk\/blog\/wp-content\/uploads\/2023\/10\/jeunes-en-mission-humanitaire-300x296.png\" alt=\"Voyage humanitaire mineurs\" width=\"300\" height=\"296\" srcset=\"https:\/\/www.vita-explorers.dk\/blog\/wp-content\/uploads\/2023\/10\/jeunes-en-mission-humanitaire-300x296.png 300w, https:\/\/www.vita-explorers.dk\/blog\/wp-content\/uploads\/2023\/10\/jeunes-en-mission-humanitaire-1024x1009.png 1024w, https:\/\/www.vita-explorers.dk\/blog\/wp-content\/uploads\/2023\/10\/jeunes-en-mission-humanitaire-768x757.png 768w, https:\/\/www.vita-explorers.dk\/blog\/wp-content\/uploads\/2023\/10\/jeunes-en-mission-humanitaire-1536x1513.png 1536w, https:\/\/www.vita-explorers.dk\/blog\/wp-content\/uploads\/2023\/10\/jeunes-en-mission-humanitaire.png 1870w\" sizes=\"(max-width: 300px) 100vw, 300px\" \/><\/p>\n<h2 id=\"section4\">4. Typer af forl\u00f8b, der egner sig til unge under 18<\/h2>\n<p style=\"text-align: justify;\">Der findes mange typer humanit\u00e6re projekter, men ikke alle passer til <strong>teenagere<\/strong>. Her er nogle <em>forl\u00f8b, der typisk kan tilpasses<\/em> unge under 18:<\/p>\n<h3><strong>4.1. Undervisning og l\u00e6ring<\/strong><\/h3>\n<p style=\"text-align: justify;\">Unge kan hj\u00e6lpe til p\u00e5 skoler, i dagtilbud eller i lektie- og l\u00e6ringsmilj\u00f8er. De kan st\u00f8tte l\u00e6rere ved sprogaktiviteter eller legende undervisning, hvor det giver mening \u2013 og samtidig skabe kulturudveksling i \u00f8jenh\u00f8jde.<\/p>\n<h3><strong>4.2. Bygge- og renoveringsprojekter<\/strong><\/h3>\n<p style=\"text-align: justify;\">Renovering af skole, klinik eller f\u00e6lleshus kan v\u00e6re en del af et forl\u00f8b. For unge under 18 er opgaverne enkle (maling, oprydning, mindre forbedringer) og udf\u00f8res under opsyn af voksne. Den praktiske indsats kan v\u00e6re motiverende, fordi man hurtigt ser resultater.<\/p>\n<h3><strong>4.3. Milj\u00f8 og biodiversitet<\/strong><\/h3>\n<p style=\"text-align: justify;\">Mange unge br\u00e6nder for klima og natur. Indsatser som genplantning, arbejde med naturbeskyttelse eller lokale oplysningsaktiviteter kan v\u00e6re en meningsfuld m\u00e5de at engagere sig i ansvarlige ophold med fokus p\u00e5 planeten.<\/p>\n<h3><strong>4.4. Sociale og kulturelle aktiviteter<\/strong><\/h3>\n<p style=\"text-align: justify;\">I nogle forl\u00f8b arrangerer deltagere sport, kreative aktiviteter eller musikforl\u00f8b for b\u00f8rn og unge. Her kan man dele interesser, skabe f\u00e6llesskab og bidrage til trygge, positive aktiviteter i hverdagen.<\/p>\n<h3><strong>4.5. Sundhed og forebyggelse<\/strong><\/h3>\n<p style=\"text-align: justify;\">Unge under 18 kan ikke udf\u00f8re sundhedsfaglige behandlinger, men de kan deltage i <strong>forebyggende indsatser<\/strong> (hygiejne, oplysning, kostvejledning m.m.). Det giver indsigt i sundhedsomr\u00e5dets betydning og st\u00f8tter aktiviteter med nytte for lokalsamfundet.<\/p>\n<p><img loading=\"lazy\" decoding=\"async\" class=\"aligncenter wp-image-6948 size-medium\" src=\"https:\/\/www.vita-explorers.dk\/blog\/wp-content\/uploads\/2017\/10\/Quentin-jeune-be\u0301ne\u0301vole-lors-dune-excursion-en-Mongolie-GlobAlong-300x200.jpg\" alt=\"Mission humanitaire pour les jeunes \" width=\"300\" height=\"200\" srcset=\"https:\/\/www.vita-explorers.dk\/blog\/wp-content\/uploads\/2017\/10\/Quentin-jeune-be\u0301ne\u0301vole-lors-dune-excursion-en-Mongolie-GlobAlong-300x200.jpg 300w, https:\/\/www.vita-explorers.dk\/blog\/wp-content\/uploads\/2017\/10\/Quentin-jeune-be\u0301ne\u0301vole-lors-dune-excursion-en-Mongolie-GlobAlong-768x512.jpg 768w, https:\/\/www.vita-explorers.dk\/blog\/wp-content\/uploads\/2017\/10\/Quentin-jeune-be\u0301ne\u0301vole-lors-dune-excursion-en-Mongolie-GlobAlong-1024x683.jpg 1024w, https:\/\/www.vita-explorers.dk\/blog\/wp-content\/uploads\/2017\/10\/Quentin-jeune-be\u0301ne\u0301vole-lors-dune-excursion-en-Mongolie-GlobAlong-150x100.jpg 150w, https:\/\/www.vita-explorers.dk\/blog\/wp-content\/uploads\/2017\/10\/Quentin-jeune-be\u0301ne\u0301vole-lors-dune-excursion-en-Mongolie-GlobAlong.jpg 1500w\" sizes=\"(max-width: 300px) 100vw, 300px\" \/><\/p>\n<h2 id=\"section5\">5. Den vigtige rolle hos organisationen, der rammes\u00e6tter forl\u00f8bet (VITA)<\/h2>\n<p style=\"text-align: justify;\">For at sikre b\u00e5de tryghed og l\u00e6ring i et <strong>humanit\u00e6rt ophold for unge under 18<\/strong>, spiller den organisation, der koordinerer forl\u00f8bet, en afg\u00f8rende rolle. Hos VITA er fokus blandt andet p\u00e5:<\/p>\n<h3><strong>5.1. Grundig udv\u00e6lgelse af projekter<\/strong><\/h3>\n<p style=\"text-align: justify;\">VITA vurderer relevans, kvalitet og den reelle v\u00e6rdi af hvert forl\u00f8b. Aktiviteterne drives lokalt og tilrettel\u00e6gges, s\u00e5 opgaver og rammer passer til deltagernes alder.<\/p>\n<h3><strong>5.2. Forberedelse og l\u00e6ringsramme<\/strong><\/h3>\n<p style=\"text-align: justify;\">Inden afrejse f\u00e5r de unge viden om kultur, sikkerhed og grundl\u00e6ggende <strong>etiske principper<\/strong> (respekt, lydh\u00f8rhed og ydmyghed). Det hj\u00e6lper dem med at m\u00f8de forl\u00f8bet med de rette forventninger og en ansvarlig tilgang.<\/p>\n<h3><strong>5.3. Praktisk st\u00f8tte<\/strong><\/h3>\n<p style=\"text-align: justify;\">Dokumenter (visum, pas osv.), booking af transport og indkvartering samt <a href=\"https:\/\/www.vita-explorers.dk\/blog\/rejseforsikring-til-internationale-forloeb\/\" target=\"_blank\" rel=\"noopener\">forsikringer<\/a>: VITA hj\u00e6lper med overblik og processer, s\u00e5 b\u00e5de den unge og familien kan f\u00f8le sig trygge f\u00f8r og under opholdet.<\/p>\n<h3><strong>5.4. Voksne kontaktpersoner p\u00e5 stedet<\/strong><\/h3>\n<p style=\"text-align: justify;\">Kontaktpersoner p\u00e5 stedet kender omr\u00e5det og den daglige kontekst. De st\u00e5r for <em>rammerne omkring gruppen<\/em>, fordeling af opgaver og opf\u00f8lgning p\u00e5 sikkerhed. De er ogs\u00e5 tilg\u00e6ngelige, hvis der opst\u00e5r udfordringer eller behov for st\u00f8tte undervejs.<\/p>\n<h3><strong>5.5. Evaluering og opf\u00f8lgning<\/strong><\/h3>\n<p style=\"text-align: justify;\">Efter opholdet tilbydes en opsamling, der hj\u00e6lper den unge med at s\u00e6tte ord p\u00e5 l\u00e6ring og <strong>udviklede kompetencer<\/strong>. Det underst\u00f8tter refleksion og kan inspirere til et mere langsigtet engagement.<\/p>\n<p><img loading=\"lazy\" decoding=\"async\" class=\"aligncenter wp-image-11787 size-medium\" src=\"https:\/\/www.vita-explorers.dk\/blog\/wp-content\/uploads\/2018\/10\/Vol1_turtle-2-min-300x204.jpg\" alt=\"\u00c9tudiant v\u00e9t\u00e9rinaire travaillant avec des animaux lors d'un stage \u00e0 l'\u00e9tranger.\" width=\"300\" height=\"204\" srcset=\"https:\/\/www.vita-explorers.dk\/blog\/wp-content\/uploads\/2018\/10\/Vol1_turtle-2-min-300x204.jpg 300w, https:\/\/www.vita-explorers.dk\/blog\/wp-content\/uploads\/2018\/10\/Vol1_turtle-2-min-768x522.jpg 768w, https:\/\/www.vita-explorers.dk\/blog\/wp-content\/uploads\/2018\/10\/Vol1_turtle-2-min-1024x697.jpg 1024w, https:\/\/www.vita-explorers.dk\/blog\/wp-content\/uploads\/2018\/10\/Vol1_turtle-2-min-150x102.jpg 150w, https:\/\/www.vita-explorers.dk\/blog\/wp-content\/uploads\/2018\/10\/Vol1_turtle-2-min.jpg 1426w\" sizes=\"(max-width: 300px) 100vw, 300px\" \/><\/p>\n<h2 id=\"section6\"><strong>6. Forberedelsen f\u00f8r afrejse<\/strong><\/h2>\n<p style=\"text-align: justify;\">God forberedelse er afg\u00f8rende for et vellykket <strong>frivilligt ophold for unge under 18<\/strong>. Her er de vigtigste ting at planl\u00e6gge i god tid:<\/p>\n<h3><strong>6.1. S\u00e6t jer ind i destinationen<\/strong><\/h3>\n<p style=\"text-align: justify;\">Kultur, klima, religion og mulige risici (politiske eller sundhedsm\u00e6ssige): Det er vigtigt at have et realistisk billede af, hvad der venter. <a href=\"https:\/\/www.vita-explorers.dk\/blog\/avis-globalong\/\" target=\"_blank\" rel=\"noopener\">Erfaringer fra tidligere deltagere<\/a> og organisationens r\u00e5dgivning hj\u00e6lper med at forventningsafstemme.<\/p>\n<h3><strong>6.2. F\u00e5 styr p\u00e5 dokumenter og krav<\/strong><\/h3>\n<p style=\"text-align: justify;\"><em>Pas<\/em>, <em>visum<\/em>, <em>tilladelse til at rejse ud af landet<\/em> (hvis relevant), opdaterede vaccinationer, forsikring osv. Start gerne flere m\u00e5neder f\u00f8r afrejse, da tidsfrister og krav varierer fra land til land.<\/p>\n<h3><strong>6.3. Mental forberedelse<\/strong><\/h3>\n<p style=\"text-align: justify;\">At rejse langt v\u00e6k \u2013 m\u00e5ske for f\u00f8rste gang \u2013 kan give uro. Tal \u00e5bent om motivation, bekymringer og forventninger. Det kan ogs\u00e5 v\u00e6re en tryghed at aftale p\u00e5 forh\u00e5nd, hvor ofte man holder kontakt (opkald, beskeder), s\u00e5 b\u00e5de den unge og familien ved, hvad de kan regne med.<\/p>\n<h3><strong>6.4. Indsamling af midler eller udstyr<\/strong><\/h3>\n<p style=\"text-align: justify;\">Afh\u00e6ngigt af projektet kan det v\u00e6re n\u00f8dvendigt at finansiere hele eller dele af opholdet (transport, indkvartering) eller at medbringe udstyr (skolematerialer, sundhedsudstyr osv.). Det kan ogs\u00e5 v\u00e6re en mulighed for at involvere netv\u00e6rket \u2013 fx skole eller lokale f\u00e6llesskaber \u2013 og styrke den unges ejerskab.<\/p>\n<h3><strong>6.5. Forst\u00e5 forl\u00f8bets indhold<\/strong><\/h3>\n<p style=\"text-align: justify;\">Hvilke opgaver f\u00e5r den unge? Hvilke f\u00e6lles regler g\u00e6lder? Hvad er form\u00e5let med projektet? Jo mere tydeligt forl\u00f8bet er, desto lettere er det at v\u00e6re afsted med ro i maven og bidrage p\u00e5 en god m\u00e5de.<\/p>\n<p><img loading=\"lazy\" decoding=\"async\" class=\"aligncenter wp-image-15772 size-medium\" src=\"https:\/\/www.vita-explorers.dk\/blog\/wp-content\/uploads\/2023\/10\/engagement-humanitaire-des-jeunes-300x296.png\" alt=\"Le r\u00f4le des jeunes dans l'humanitaire : Encourager l'engagement des g\u00e9n\u00e9rations futures !\" width=\"300\" height=\"296\" srcset=\"https:\/\/www.vita-explorers.dk\/blog\/wp-content\/uploads\/2023\/10\/engagement-humanitaire-des-jeunes-300x296.png 300w, https:\/\/www.vita-explorers.dk\/blog\/wp-content\/uploads\/2023\/10\/engagement-humanitaire-des-jeunes-1024x1009.png 1024w, https:\/\/www.vita-explorers.dk\/blog\/wp-content\/uploads\/2023\/10\/engagement-humanitaire-des-jeunes-768x757.png 768w, https:\/\/www.vita-explorers.dk\/blog\/wp-content\/uploads\/2023\/10\/engagement-humanitaire-des-jeunes-1536x1513.png 1536w, https:\/\/www.vita-explorers.dk\/blog\/wp-content\/uploads\/2023\/10\/engagement-humanitaire-des-jeunes.png 1870w\" sizes=\"(max-width: 300px) 100vw, 300px\" \/><\/p>\n<h2 id=\"section7\"><strong>7. At v\u00e6re afsted p\u00e5 forl\u00f8b<\/strong><\/h2>\n<p style=\"text-align: justify;\">N\u00e5r man er ankommet, m\u00f8der den unge nye rutiner og udfordringer. Her er nogle enkle r\u00e5d til, at <strong>opholdet<\/strong> bliver s\u00e5 godt og trygt som muligt:<\/p>\n<h3><strong>7.1. Vis respekt for lokale normer<\/strong><\/h3>\n<p style=\"text-align: justify;\">Det er vigtigt at v\u00e6re <em>\u00e5ben<\/em> og <em>ydmyg<\/em>. Den unge skal kunne tilpasse sig lokale skikke, v\u00e6rdier og regler. At lytte og samarbejde er vigtigere end at komme med f\u00e6rdige l\u00f8sninger.<\/p>\n<h3><strong>7.2. Hold kontakt med familien<\/strong><\/h3>\n<p style=\"text-align: justify;\">Selvom <strong>fordybelse<\/strong> er en stor del af oplevelsen, er det trygt at kunne tale sammen l\u00f8bende. Opkald, beskeder og mails g\u00f8r det muligt at dele oplevelser og r\u00e6kke ud, hvis noget f\u00f8les sv\u00e6rt.<\/p>\n<h3><strong>7.3. V\u00e6r fleksibel<\/strong><\/h3>\n<p style=\"text-align: justify;\">I praksis opst\u00e5r der ofte \u00e6ndringer: vejr, materialer, tidsplaner. Den unge l\u00e6rer at omstille sig, h\u00e5ndtere frustrationer og finde l\u00f8sninger undervejs.<\/p>\n<h3><strong>7.4. Bed om hj\u00e6lp, n\u00e5r der er brug for det<\/strong><\/h3>\n<p style=\"text-align: justify;\">Helbred, uenigheder i gruppen eller usikkerhed omkring opgaver: Man skal ikke g\u00e5 alene med det. Tal med en koordinator eller en voksen kontaktperson. Deres rolle er at sikre b\u00e5de forl\u00f8bet og deltagernes trivsel.<\/p>\n<h3><strong>7.5. Skriv dagbog undervejs<\/strong><\/h3>\n<p style=\"text-align: justify;\">At notere dagens aktiviteter, m\u00f8der og tanker giver perspektiv. Det er ogs\u00e5 et st\u00e6rkt minde senere \u2013 og en m\u00e5de at se, hvordan ens forst\u00e5else og viden udvikler sig.<\/p>\n<p><img loading=\"lazy\" decoding=\"async\" class=\"aligncenter wp-image-12629 size-medium\" src=\"https:\/\/www.vita-explorers.dk\/blog\/wp-content\/uploads\/2019\/05\/Excursion-min-300x225.jpg\" alt=\"Adolescents en camp d'\u00e9t\u00e9 en Irlande\" width=\"300\" height=\"225\" srcset=\"https:\/\/www.vita-explorers.dk\/blog\/wp-content\/uploads\/2019\/05\/Excursion-min-300x225.jpg 300w, https:\/\/www.vita-explorers.dk\/blog\/wp-content\/uploads\/2019\/05\/Excursion-min-150x113.jpg 150w, https:\/\/www.vita-explorers.dk\/blog\/wp-content\/uploads\/2019\/05\/Excursion-min.jpg 520w\" sizes=\"(max-width: 300px) 100vw, 300px\" \/><\/p>\n<h2 id=\"section8\">8. Langsigtede gevinster for den unge<\/h2>\n<p style=\"text-align: justify;\">De positive effekter af et <strong>humanit\u00e6rt ophold for unge under 18<\/strong> r\u00e6kker ofte langt ud over selve opholdets l\u00e6ngde. Nogle af de mest markante udbytter er:<\/p>\n<h3><strong>8.1. St\u00f8rre forst\u00e5else for verden<\/strong><\/h3>\n<p style=\"text-align: justify;\">At m\u00f8de fattigdom, milj\u00f8udfordringer eller social ulighed kan give en helt ny forst\u00e5else af globale problemstillinger. Den <em>bevidsthed<\/em> kan \u00e6ndre den unges perspektiv og styrke ansvarsf\u00f8lelsen.<\/p>\n<h3><strong>8.2. Nye kompetencer og st\u00e6rke v\u00e6rdier<\/strong><\/h3>\n<p style=\"text-align: justify;\">Selvst\u00e6ndighed, initiativ, samarbejde og robusthed bliver ofte tr\u00e6net i praksis. Samtidig udvikler den unge v\u00e6rdier som solidaritet, respekt og ydmyghed \u2013 kompetencer, der kan bruges b\u00e5de personligt og professionelt.<\/p>\n<h3><strong>8.3. Lyst til at engagere sig p\u00e5 l\u00e6ngere sigt<\/strong><\/h3>\n<p style=\"text-align: justify;\">Et godt ophold kan give lyst til at forts\u00e6tte med frivilligt arbejde. Nogle v\u00e6lger efterf\u00f8lgende at engagere sig lokalt, deltage i nye internationale forl\u00f8b eller v\u00e6re med til at skabe fokus p\u00e5 <strong>internationalt engagement<\/strong> p\u00e5 deres skole.<\/p>\n<h3><strong>8.4. Mere afklaret uddannelsesretning<\/strong><\/h3>\n<p style=\"text-align: justify;\">At have pr\u00f8vet kr\u00e6fter med et forl\u00f8b inden for undervisning, sundhed eller milj\u00f8 kan bekr\u00e6fte en retning \u2013 eller \u00e5bne for nye muligheder. Den unge f\u00e5r et mere realistisk billede af, hvad omr\u00e5derne indeb\u00e6rer, og kan v\u00e6lge med st\u00f8rre klarhed.<\/p>\n<h3><strong>8.5. Internationale relationer og venskaber<\/strong><\/h3>\n<p style=\"text-align: justify;\">Deltagere m\u00f8der mennesker fra mange forskellige lande. Det kan f\u00f8re til venskaber og et internationalt netv\u00e6rk. Det er ogs\u00e5 en mulighed for at skabe meningsfulde relationer p\u00e5 tv\u00e6rs af alder og kultur, som kan s\u00e6tte sig varige spor.<\/p>\n<p><img loading=\"lazy\" decoding=\"async\" class=\"aligncenter wp-image-12559 size-medium\" src=\"https:\/\/www.vita-explorers.dk\/blog\/wp-content\/uploads\/2019\/04\/11-min-225x300.jpg\" alt=\"voyage humanitaire pour les mineurs \" width=\"225\" height=\"300\" srcset=\"https:\/\/www.vita-explorers.dk\/blog\/wp-content\/uploads\/2019\/04\/11-min-225x300.jpg 225w, https:\/\/www.vita-explorers.dk\/blog\/wp-content\/uploads\/2019\/04\/11-min-768x1024.jpg 768w, https:\/\/www.vita-explorers.dk\/blog\/wp-content\/uploads\/2019\/04\/11-min-113x150.jpg 113w, https:\/\/www.vita-explorers.dk\/blog\/wp-content\/uploads\/2019\/04\/11-min.jpg 1224w\" sizes=\"(max-width: 225px) 100vw, 225px\" \/><\/p>\n<h2 id=\"section9\"><strong>9. Erfaringer fra unge deltagere<\/strong><\/h2>\n<div class=\"ti-widget ti-goog\" data-layout-id=\"4\" data-set-id=\"light-background\" data-pid=\"\" data-language=\"fr\" data-version=\"2\" data-review-target-width=\"300\" data-review-text-mode=\"readmore\" data-pager-autoplay-timeout=\"6\" > <div class=\"ti-widget-container ti-col-3\"> <div class=\"ti-reviews-container\"> <div class=\"ti-controls\"> <div class=\"ti-next\" aria-label=\"Avis suivante\" role=\"button\"><\/div> <div class=\"ti-prev\" aria-label=\"Avis pr\u00e9c\u00e9dent\" role=\"button\"><\/div> <\/div> <div class=\"ti-reviews-container-wrapper\">  <div data-empty=\"0\" class=\"ti-review-item source-Google ti-image-layout-thumbnail\" data-id=\"cfcd208495d565ef66e7dff9f98764da\" > <div class=\"ti-inner\"> <div class=\"ti-review-header\"> <div class=\"ti-profile-img\"> <img decoding=\"async\" src=\"https:\/\/lh3.googleusercontent.com\/a\/ACg8ocKpaoKe37CD0_POxO97KqB60GsWQRsIuG2vmCfXT-W_FY44vw=s120-c-rp-mo-br100\" srcset=\"https:\/\/lh3.googleusercontent.com\/a\/ACg8ocKpaoKe37CD0_POxO97KqB60GsWQRsIuG2vmCfXT-W_FY44vw=s120-c-rp-mo-br100 2x\" alt=\"Lucie Correia\" loading=\"lazy\" \/> <\/div> <div class=\"ti-profile-details\"> <div class=\"ti-name\"> Lucie Correia <\/div> <div class=\"ti-date\">2024-10-17<\/div> <\/div> <\/div> <span class=\"ti-stars\"><span class=\"ti-star f\"><\/span><span class=\"ti-star f\"><\/span><span class=\"ti-star f\"><\/span><span class=\"ti-star f\"><\/span><span class=\"ti-star f\"><\/span><\/span> <div class=\"ti-review-text-container ti-review-content\"><!-- R-CONTENT -->La communication avec Globalong est super, personnes tr\u00e8s pr\u00e9sentes pour les b\u00e9n\u00e9voles et \u00e9tudiants partant avec cette association. Elles r\u00e9pondent \u00e0 toutes nos questions et sont tr\u00e8s accessibles au t\u00e9l\u00e9phone.<!-- R-CONTENT --><\/div> <span class=\"ti-read-more\" data-container=\".ti-review-content\" data-collapse-text=\"Cacher\" data-open-text=\"Lire la suite\" ><\/span> <\/div> <\/div>  <div data-empty=\"0\" class=\"ti-review-item source-Google ti-image-layout-thumbnail\" data-id=\"cfcd208495d565ef66e7dff9f98764da\" > <div class=\"ti-inner\"> <div class=\"ti-review-header\"> <div class=\"ti-profile-img\"> <img decoding=\"async\" src=\"https:\/\/lh3.googleusercontent.com\/a-\/ALV-UjWqnnzM7-7c9BDqeTDF-a7pOgNjvLkJ3WshRd_Tn7z0Eu-AGQwo=s120-c-rp-mo-br100\" srcset=\"https:\/\/lh3.googleusercontent.com\/a-\/ALV-UjWqnnzM7-7c9BDqeTDF-a7pOgNjvLkJ3WshRd_Tn7z0Eu-AGQwo=s120-c-rp-mo-br100 2x\" alt=\"Ra\u00efssa Frisch\" loading=\"lazy\" \/> <\/div> <div class=\"ti-profile-details\"> <div class=\"ti-name\"> Ra\u00efssa Frisch <\/div> <div class=\"ti-date\">2024-10-14<\/div> <\/div> <\/div> <span class=\"ti-stars\"><span class=\"ti-star f\"><\/span><span class=\"ti-star f\"><\/span><span class=\"ti-star f\"><\/span><span class=\"ti-star f\"><\/span><span class=\"ti-star f\"><\/span><\/span> <div class=\"ti-review-text-container ti-review-content\"><!-- R-CONTENT -->J\u2019ai d\u00e9j\u00e0 eu l\u2019opportunit\u00e9 de r\u00e9aliser deux projets humanitaires avec l\u2019association Globalong. Je ne peux que la recommander, car j\u2019ai toujours b\u00e9n\u00e9fici\u00e9 d\u2019un excellent accompagnement, aussi bien avant que pendant le voyage. On ne vous laisse pas vous d\u00e9brouiller seuls, bien au contraire, vous \u00eates tr\u00e8s bien encadr\u00e9s pour accomplir toutes les d\u00e9marches dans les d\u00e9lais.\n\nAu-del\u00e0 du suivi, les exp\u00e9riences humanitaires propos\u00e9es par Globalong ne peuvent que transformer votre vie de mani\u00e8re positive. Elles vous apportent une richesse humaine inestimable.<!-- R-CONTENT --><\/div> <span class=\"ti-read-more\" data-container=\".ti-review-content\" data-collapse-text=\"Cacher\" data-open-text=\"Lire la suite\" ><\/span> <\/div> <\/div>  <div data-empty=\"0\" class=\"ti-review-item source-Google ti-image-layout-thumbnail\" data-id=\"cfcd208495d565ef66e7dff9f98764da\" > <div class=\"ti-inner\"> <div class=\"ti-review-header\"> <div class=\"ti-profile-img\"> <img decoding=\"async\" src=\"https:\/\/lh3.googleusercontent.com\/a\/ACg8ocJL-Dxv25YkXK2QwWPNRxTVqZCv5uTmDQDFg5qslKra3vRZew=s120-c-rp-mo-br100\" srcset=\"https:\/\/lh3.googleusercontent.com\/a\/ACg8ocJL-Dxv25YkXK2QwWPNRxTVqZCv5uTmDQDFg5qslKra3vRZew=s120-c-rp-mo-br100 2x\" alt=\"Tara Turan\" loading=\"lazy\" \/> <\/div> <div class=\"ti-profile-details\"> <div class=\"ti-name\"> Tara Turan <\/div> <div class=\"ti-date\">2024-10-14<\/div> <\/div> <\/div> <span class=\"ti-stars\"><span class=\"ti-star f\"><\/span><span class=\"ti-star f\"><\/span><span class=\"ti-star f\"><\/span><span class=\"ti-star f\"><\/span><span class=\"ti-star f\"><\/span><\/span> <div class=\"ti-review-text-container ti-review-content\"><!-- R-CONTENT -->Une des meilleures associations que j\u2019ai pu faire !\nUne organisation et un suivi vraiment parfait, c\u2019est avec grand plaisir que je referai un projet avec eux.<!-- R-CONTENT --><\/div> <span class=\"ti-read-more\" data-container=\".ti-review-content\" data-collapse-text=\"Cacher\" data-open-text=\"Lire la suite\" ><\/span> <\/div> <\/div>  <div data-empty=\"0\" class=\"ti-review-item source-Google ti-image-layout-thumbnail\" data-id=\"cfcd208495d565ef66e7dff9f98764da\" > <div class=\"ti-inner\"> <div class=\"ti-review-header\"> <div class=\"ti-profile-img\"> <img decoding=\"async\" src=\"https:\/\/lh3.googleusercontent.com\/a\/ACg8ocLctTPNovSk3eKM0b_MIPOfcFEQsz2135Cdu59_BWRVsIYC7Q=s120-c-rp-mo-br100\" srcset=\"https:\/\/lh3.googleusercontent.com\/a\/ACg8ocLctTPNovSk3eKM0b_MIPOfcFEQsz2135Cdu59_BWRVsIYC7Q=s120-c-rp-mo-br100 2x\" alt=\"Repiquet Julie\" loading=\"lazy\" \/> <\/div> <div class=\"ti-profile-details\"> <div class=\"ti-name\"> Repiquet Julie <\/div> <div class=\"ti-date\">2024-10-13<\/div> <\/div> <\/div> <span class=\"ti-stars\"><span class=\"ti-star f\"><\/span><span class=\"ti-star f\"><\/span><span class=\"ti-star f\"><\/span><span class=\"ti-star f\"><\/span><span class=\"ti-star f\"><\/span><\/span> <div class=\"ti-review-text-container ti-review-content\"><!-- R-CONTENT -->Tr\u00e8s bon accompagnement de la part de Globalong, du premier jour avec toutes mes interrogations, jusqu'au d\u00e9part dans quelques jours. Le dossier transmis apr\u00e8s validation de la mission est plus que complet, les webmaster tr\u00e8s int\u00e9ressantes et permettent de d\u00e9charger mentalement ce genre de pr\u00e9paration, tout est pr\u00e9vu il n'y a plus qu'\u00e0 suivre ! Merci \u00e0 Florence de r\u00e9pondre \u00e0 toutes mes questions avec gentillesse et bienveillance, cela m'a permis de passer le cap!\nMaintenant, il n'y a plus qu'\u00e0 \ud83d\ude00<!-- R-CONTENT --><\/div> <span class=\"ti-read-more\" data-container=\".ti-review-content\" data-collapse-text=\"Cacher\" data-open-text=\"Lire la suite\" ><\/span> <\/div> <\/div>  <div data-empty=\"0\" class=\"ti-review-item source-Google ti-image-layout-thumbnail\" data-id=\"cfcd208495d565ef66e7dff9f98764da\" > <div class=\"ti-inner\"> <div class=\"ti-review-header\"> <div class=\"ti-profile-img\"> <img decoding=\"async\" src=\"https:\/\/lh3.googleusercontent.com\/a\/ACg8ocJJTdmTWs8nAA0yuH_cKOUgzc6GFAkHBiXhpnnVYXaWMBZsHw=s120-c-rp-mo-br100\" srcset=\"https:\/\/lh3.googleusercontent.com\/a\/ACg8ocJJTdmTWs8nAA0yuH_cKOUgzc6GFAkHBiXhpnnVYXaWMBZsHw=s120-c-rp-mo-br100 2x\" alt=\"Marine Guilhamat\" loading=\"lazy\" \/> <\/div> <div class=\"ti-profile-details\"> <div class=\"ti-name\"> Marine Guilhamat <\/div> <div class=\"ti-date\">2024-10-09<\/div> <\/div> <\/div> <span class=\"ti-stars\"><span class=\"ti-star f\"><\/span><span class=\"ti-star f\"><\/span><span class=\"ti-star f\"><\/span><span class=\"ti-star f\"><\/span><span class=\"ti-star f\"><\/span><\/span> <div class=\"ti-review-text-container ti-review-content\"><!-- R-CONTENT -->Tr\u00e8s belle association qui offre un cadre super s\u00e9curisant et permet de s\u2019investir dans des projets qui ont du sens. Merci \u00e0 l\u2019\u00e9quipe Globalong pour votre disponibilit\u00e9, gentillesse et accompagnement !<!-- R-CONTENT --><\/div> <span class=\"ti-read-more\" data-container=\".ti-review-content\" data-collapse-text=\"Cacher\" data-open-text=\"Lire la suite\" ><\/span> <\/div> <\/div>  <div data-empty=\"0\" class=\"ti-review-item source-Google ti-image-layout-thumbnail\" data-id=\"cfcd208495d565ef66e7dff9f98764da\" > <div class=\"ti-inner\"> <div class=\"ti-review-header\"> <div class=\"ti-profile-img\"> <img decoding=\"async\" src=\"https:\/\/lh3.googleusercontent.com\/a\/ACg8ocIgITHXKo46qgJyPqlJeAcxz11gCKUJpGIk2qauiIe2O3iZ6w=s120-c-rp-mo-br100\" srcset=\"https:\/\/lh3.googleusercontent.com\/a\/ACg8ocIgITHXKo46qgJyPqlJeAcxz11gCKUJpGIk2qauiIe2O3iZ6w=s120-c-rp-mo-br100 2x\" alt=\"Laura Mercier\" loading=\"lazy\" \/> <\/div> <div class=\"ti-profile-details\"> <div class=\"ti-name\"> Laura Mercier <\/div> <div class=\"ti-date\">2024-10-08<\/div> <\/div> <\/div> <span class=\"ti-stars\"><span class=\"ti-star f\"><\/span><span class=\"ti-star f\"><\/span><span class=\"ti-star f\"><\/span><span class=\"ti-star f\"><\/span><span class=\"ti-star f\"><\/span><\/span> <div class=\"ti-review-text-container ti-review-content\"><!-- R-CONTENT -->Mon d\u00e9part approche, je pars dans une semaine, et depuis le d\u00e9but de mon inscription je suis tr\u00e8s satisfaite du suivi effectu\u00e9 par l\u2019association. Ils sont tr\u00e8s disponibles et r\u00e9pondent rapidement \u00e0 l\u2019ensemble des questions. Je suis tr\u00e8s contente de partir faire cette mission humanitaire encadr\u00e9e par cette association. Je recommande vraiment.<!-- R-CONTENT --><\/div> <span class=\"ti-read-more\" data-container=\".ti-review-content\" data-collapse-text=\"Cacher\" data-open-text=\"Lire la suite\" ><\/span> <\/div> <\/div>  <div data-empty=\"0\" class=\"ti-review-item source-Google ti-image-layout-thumbnail\" data-id=\"cfcd208495d565ef66e7dff9f98764da\" > <div class=\"ti-inner\"> <div class=\"ti-review-header\"> <div class=\"ti-profile-img\"> <img decoding=\"async\" src=\"https:\/\/lh3.googleusercontent.com\/a-\/ALV-UjVVr0YMQhXl8QNEEB32l-rnoaYwvRZUjIEX9OEwPE_1fQwzIyk=s120-c-rp-mo-br100\" srcset=\"https:\/\/lh3.googleusercontent.com\/a-\/ALV-UjVVr0YMQhXl8QNEEB32l-rnoaYwvRZUjIEX9OEwPE_1fQwzIyk=s120-c-rp-mo-br100 2x\" alt=\"Anouk Rzkt\" loading=\"lazy\" \/> <\/div> <div class=\"ti-profile-details\"> <div class=\"ti-name\"> Anouk Rzkt <\/div> <div class=\"ti-date\">2024-10-02<\/div> <\/div> <\/div> <span class=\"ti-stars\"><span class=\"ti-star f\"><\/span><span class=\"ti-star f\"><\/span><span class=\"ti-star f\"><\/span><span class=\"ti-star f\"><\/span><span class=\"ti-star f\"><\/span><\/span> <div class=\"ti-review-text-container ti-review-content\"><!-- R-CONTENT -->Globalong est l'association parfaite. L'\u00e9quipe offre un v\u00e9ritable accompagnement rythm\u00e9 par beaucoup de conseils et d'\u00e9coute. Le site est tr\u00e8s bien fait avec des dossiers complets allant des sujets tr\u00e8s pratiques a d'autres plus th\u00e9oriques (tels que le choc culturel par exemple). Je recommande vivement et remercie sinc\u00e8rement toute l'\u00e9quipe pour leur gentillesse et investissement !<!-- R-CONTENT --><\/div> <span class=\"ti-read-more\" data-container=\".ti-review-content\" data-collapse-text=\"Cacher\" data-open-text=\"Lire la suite\" ><\/span> <\/div> <\/div>  <\/div> <div class=\"ti-controls-line\"> <div class=\"dot\"><\/div> <\/div> <\/div> <div class=\"ti-footer\"> <div class=\"ti-rating-text\"> <span class=\"nowrap\">\u00c9valuation <strong>Google<\/strong> : <\/span><span class=\"nowrap\"><strong>4.8<\/strong> sur 5, <\/span><span class=\"nowrap\">Bas\u00e9e sur <strong>240 avis<\/strong><\/span> <\/div> <\/div>  <\/div> <\/div> \n<h2 id=\"section10\">10. Vigtige opm\u00e6rksomhedspunkter og gode r\u00e5d<\/h2>\n<p style=\"text-align: justify;\">Selvom et <strong>humanit\u00e6rt ophold for unge under 18<\/strong> kan v\u00e6re meget givende, er der nogle vigtige forhold, man b\u00f8r v\u00e6re opm\u00e6rksom p\u00e5:<\/p>\n<h3><strong>10.1. Undg\u00e5 \u201cvoluntourism\u201d<\/strong><\/h3>\n<p style=\"text-align: justify;\">Voluntourism l\u00e6gger ofte v\u00e6gt p\u00e5 oplevelsen frem for reelt lokalt udbytte. V\u00e6lg derfor en seri\u00f8s organisation med en etisk og b\u00e6redygtig tilgang, og s\u00e6t jer ind i, hvor transparente projekterne er.<\/p>\n<h3><strong>10.2. S\u00f8rg for tilstr\u00e6kkelig st\u00f8tte og rammer<\/strong><\/h3>\n<p style=\"text-align: justify;\">En ung under 18 har brug for tydelige rammer og voksne, der kan guide. Uden et struktureret setup og erfarne kontaktpersoner kan risikoen for misforst\u00e5elser eller utrygge situationer stige.<\/p>\n<h3><strong>10.3. Forbered jer p\u00e5 kulturchok<\/strong><\/h3>\n<p style=\"text-align: justify;\">At se fattigdom eller usikre levevilk\u00e5r kan v\u00e6re f\u00f8lelsesm\u00e6ssigt h\u00e5rdt. Et <em>st\u00f8ttende opf\u00f8lgning<\/em> er vigtigt, s\u00e5 den unge kan bearbejde indtryk, skabe perspektiv og oms\u00e6tte oplevelsen til l\u00e6ring.<\/p>\n<h3><strong>10.4. Vis respekt for lokalsamfundet<\/strong><\/h3>\n<p style=\"text-align: justify;\">Ydmyghed er central: Man l\u00e6rer mindst lige s\u00e5 meget, som man bidrager. At presse egne id\u00e9er igennem uden forst\u00e5else for konteksten kan g\u00f8re mere skade end gavn. N\u00f8glen er at lytte og v\u00e6re en del af en f\u00e6lles indsats, hvor lokale behov og l\u00f8sninger er udgangspunktet.<\/p>\n<h3><strong>10.5. Planl\u00e6g budget og tidsramme<\/strong><\/h3>\n<p style=\"text-align: justify;\">Internationale forl\u00f8b indeb\u00e6rer ofte udgifter (rejse, indkvartering osv.). Det er vigtigt at planl\u00e6gge \u00f8konomien og v\u00e6lge en varighed, der giver mening. Meget korte ophold kan give et begr\u00e6nset udbytte, mens lange ophold kr\u00e6ver tid og overskud.<\/p>\n<p><img loading=\"lazy\" decoding=\"async\" class=\"aligncenter wp-image-11794 size-medium\" src=\"https:\/\/www.vita-explorers.dk\/blog\/wp-content\/uploads\/2018\/10\/Festival-5-min-300x212.jpg\" alt=\"JEUNES VOLONTAIRES EN MISSION \u00c0 L'\u00c9TRANGER\" width=\"300\" height=\"212\" srcset=\"https:\/\/www.vita-explorers.dk\/blog\/wp-content\/uploads\/2018\/10\/Festival-5-min-300x212.jpg 300w, https:\/\/www.vita-explorers.dk\/blog\/wp-content\/uploads\/2018\/10\/Festival-5-min-150x106.jpg 150w, https:\/\/www.vita-explorers.dk\/blog\/wp-content\/uploads\/2018\/10\/Festival-5-min.jpg 500w\" sizes=\"(max-width: 300px) 100vw, 300px\" \/><\/p>\n<h2 id=\"section11\"><strong>11. Konklusion: et springbr\u00e6t til fremtiden<\/strong><\/h2>\n<p style=\"text-align: justify;\">Et <strong>humanit\u00e6rt ophold for unge under 18<\/strong> kan v\u00e6re et st\u00e6rkt springbr\u00e6t til personlig udvikling og aktivt medborgerskab. For den unge er det en mulighed for at m\u00f8de en ny kultur, f\u00e5 indblik i andre livsvilk\u00e5r og udvikle v\u00e6rdier som solidaritet og ansvar. N\u00e5r opholdet er godt forberedt og rammesat af en trov\u00e6rdig organisation som VITA, kan det blive en b\u00e5de l\u00e6rerig og mindev\u00e6rdig erfaring.<\/p>\n<p style=\"text-align: justify;\">Ud over det menneskelige udbytte f\u00e5r den unge <em>praktiske kompetencer<\/em> (tilpasningsevne, selvst\u00e6ndighed, ansvarsf\u00f8lelse) og <em>personlige v\u00e6rdier<\/em> (empati, respekt, tolerance), som kan f\u00f8lge med resten af livet. Samtidig bliver man en aktiv del af sin egen l\u00e6ring og bidrager til konkrete aktiviteter p\u00e5 stedet.<\/p>\n<p style=\"text-align: justify;\">Kort sagt: At tage afsted f\u00f8r man fylder 18 kan vise, at det er muligt at engagere sig i en mere retf\u00e6rdig og solidarisk verden \u2013 ogs\u00e5 som ung. Med grundig forberedelse, <em>professionelle rammer<\/em> og en oprigtig motivation kan denne type ophold v\u00e6re en vigtig erfaring at tage med videre. Er du klar til at tage det f\u00f8rste skridt?<\/p>\n<p class=\"p4\"><b>Har du sp\u00f8rgsm\u00e5l, er du meget velkommen til at kontakte os p\u00e5 <\/b><a href=\"mailto:info@globalong.com\"><span class=\"s2\"><b>info@globalong.com<\/b><\/span><\/a><\/p>\n<p class=\"p4\" style=\"text-align: center;\"><b>Vil du f\u00f8lge mere med i VITA og vores community, s\u00e5 find os p\u00e5 <\/b><a href=\"https:\/\/www.instagram.com\/globalongofficiel\/\" target=\"_blank\" rel=\"noopener\"><span class=\"s2\"><b>Instagram<\/b><\/span><\/a><b>, <\/b><a href=\"https:\/\/www.facebook.com\/globalong\" target=\"_blank\" rel=\"noopener\"><span class=\"s2\"><b>Facebook<\/b><\/span><\/a><b>, <\/b><a href=\"https:\/\/www.linkedin.com\/company\/5113177\/admin\/feed\/posts\/\" target=\"_blank\" rel=\"noopener\"><span class=\"s2\"><b>LinkedIn<\/b><\/span><\/a><b> og <\/b><a href=\"https:\/\/www.youtube.com\/c\/globalong\/videos\" target=\"_blank\" rel=\"noopener\"><span class=\"s2\"><b>Youtube<\/b><\/span><\/a><b>! <\/b><\/p>\n","protected":false},"excerpt":{"rendered":"<p>Humanit\u00e6rt ophold for unge under 18: en komplet og ansvarlig guide Et humanit\u00e6rt ophold for unge under 18 er meget mere end en rejse\u2026<\/p>\n","protected":false},"author":7,"featured_media":9091,"comment_status":"open","ping_status":"open","sticky":false,"template":"","format":"standard","meta":{"footnotes":""},"categories":[1,6,4],"tags":[],"yoast_head":"<!-- This site is optimized with the Yoast SEO Premium plugin v23.4 (Yoast SEO v23.4) - https:\/\/yoast.com\/wordpress\/plugins\/seo\/ -->\n<title>Humanit\u00e6re rejser for unge under 18: En komplet guide - VITA Explorers Blog<\/title>\n<meta name=\"description\" content=\"Envisagez un voyage humanitaire pour les mineurs ? Apprenez tout sur les crit\u00e8res, l&#039;encadrement et les b\u00e9n\u00e9fices d&#039;une telle exp\u00e9rience.\" \/>\n<meta name=\"robots\" content=\"index, follow, max-snippet:-1, max-image-preview:large, max-video-preview:-1\" \/>\n<link rel=\"canonical\" href=\"https:\/\/www.vita-explorers.dk\/blog\/humanitaer-rejse-for-mindreaarige\/\" \/>\n<meta property=\"og:locale\" content=\"da_DK\" \/>\n<meta property=\"og:type\" content=\"article\" \/>\n<meta property=\"og:title\" content=\"Humanit\u00e6r rejse for mindre\u00e5rige\" \/>\n<meta property=\"og:description\" content=\"Envisagez un voyage humanitaire pour les mineurs ? Apprenez tout sur les crit\u00e8res, l&#039;encadrement et les b\u00e9n\u00e9fices d&#039;une telle exp\u00e9rience.\" \/>\n<meta property=\"og:url\" content=\"https:\/\/www.vita-explorers.dk\/blog\/humanitaer-rejse-for-mindreaarige\/\" \/>\n<meta property=\"og:site_name\" content=\"VITA Explorers Blog\" \/>\n<meta property=\"article:publisher\" content=\"https:\/\/www.facebook.com\/globalong\" \/>\n<meta property=\"article:published_time\" content=\"2025-04-01T02:09:01+00:00\" \/>\n<meta property=\"article:modified_time\" content=\"2025-04-22T04:36:06+00:00\" \/>\n<meta property=\"og:image\" content=\"https:\/\/www.vita-explorers.dk\/blog\/wp-content\/uploads\/2018\/03\/Jeunes-filles-Madagascar-Globalong-min.jpg\" \/>\n\t<meta property=\"og:image:width\" content=\"887\" \/>\n\t<meta property=\"og:image:height\" content=\"607\" \/>\n\t<meta property=\"og:image:type\" content=\"image\/jpeg\" \/>\n<meta name=\"author\" content=\"VITA Tribe\" \/>\n<meta name=\"twitter:card\" content=\"summary_large_image\" \/>\n<meta name=\"twitter:label1\" content=\"Skrevet af\" \/>\n\t<meta name=\"twitter:data1\" content=\"VITA Tribe\" \/>\n\t<meta name=\"twitter:label2\" content=\"Estimeret l\u00e6setid\" \/>\n\t<meta name=\"twitter:data2\" content=\"15 minutter\" \/>\n<script type=\"application\/ld+json\" class=\"yoast-schema-graph\">{\"@context\":\"https:\/\/schema.org\",\"@graph\":[{\"@type\":\"Article\",\"@id\":\"https:\/\/www.vita-explorers.dk\/blog\/humanitaer-rejse-for-mindreaarige\/#article\",\"isPartOf\":{\"@id\":\"https:\/\/www.vita-explorers.dk\/blog\/humanitaer-rejse-for-mindreaarige\/\"},\"author\":{\"name\":\"VITA Tribe\",\"@id\":\"https:\/\/www.vita-explorers.dk\/blog\/#\/schema\/person\/fc0343a2f2db2ebb2793c1f62dbe73f0\"},\"headline\":\"Humanit\u00e6r rejse for mindre\u00e5rige\",\"datePublished\":\"2025-04-01T02:09:01+00:00\",\"dateModified\":\"2025-04-22T04:36:06+00:00\",\"mainEntityOfPage\":{\"@id\":\"https:\/\/www.vita-explorers.dk\/blog\/humanitaer-rejse-for-mindreaarige\/\"},\"wordCount\":2660,\"commentCount\":0,\"publisher\":{\"@id\":\"https:\/\/www.vita-explorers.dk\/blog\/#organization\"},\"image\":{\"@id\":\"https:\/\/www.vita-explorers.dk\/blog\/humanitaer-rejse-for-mindreaarige\/#primaryimage\"},\"thumbnailUrl\":\"https:\/\/www.vita-explorers.dk\/blog\/wp-content\/uploads\/2018\/03\/Jeunes-filles-Madagascar-Globalong-min.jpg\",\"articleSection\":[\"No Name\",\"Nyheder\",\"VITA Explorers\"],\"inLanguage\":\"da-DK\",\"potentialAction\":[{\"@type\":\"CommentAction\",\"name\":\"Comment\",\"target\":[\"https:\/\/www.vita-explorers.dk\/blog\/humanitaer-rejse-for-mindreaarige\/#respond\"]}]},{\"@type\":\"WebPage\",\"@id\":\"https:\/\/www.vita-explorers.dk\/blog\/humanitaer-rejse-for-mindreaarige\/\",\"url\":\"https:\/\/www.vita-explorers.dk\/blog\/humanitaer-rejse-for-mindreaarige\/\",\"name\":\"Humanit\u00e6re rejser for unge under 18: En komplet guide - VITA Explorers Blog\",\"isPartOf\":{\"@id\":\"https:\/\/www.vita-explorers.dk\/blog\/#website\"},\"primaryImageOfPage\":{\"@id\":\"https:\/\/www.vita-explorers.dk\/blog\/humanitaer-rejse-for-mindreaarige\/#primaryimage\"},\"image\":{\"@id\":\"https:\/\/www.vita-explorers.dk\/blog\/humanitaer-rejse-for-mindreaarige\/#primaryimage\"},\"thumbnailUrl\":\"https:\/\/www.vita-explorers.dk\/blog\/wp-content\/uploads\/2018\/03\/Jeunes-filles-Madagascar-Globalong-min.jpg\",\"datePublished\":\"2025-04-01T02:09:01+00:00\",\"dateModified\":\"2025-04-22T04:36:06+00:00\",\"description\":\"Envisagez un voyage humanitaire pour les mineurs ? Apprenez tout sur les crit\u00e8res, l'encadrement et les b\u00e9n\u00e9fices d'une telle exp\u00e9rience.\",\"breadcrumb\":{\"@id\":\"https:\/\/www.vita-explorers.dk\/blog\/humanitaer-rejse-for-mindreaarige\/#breadcrumb\"},\"inLanguage\":\"da-DK\",\"potentialAction\":[{\"@type\":\"ReadAction\",\"target\":[\"https:\/\/www.vita-explorers.dk\/blog\/humanitaer-rejse-for-mindreaarige\/\"]}]},{\"@type\":\"ImageObject\",\"inLanguage\":\"da-DK\",\"@id\":\"https:\/\/www.vita-explorers.dk\/blog\/humanitaer-rejse-for-mindreaarige\/#primaryimage\",\"url\":\"https:\/\/www.vita-explorers.dk\/blog\/wp-content\/uploads\/2018\/03\/Jeunes-filles-Madagascar-Globalong-min.jpg\",\"contentUrl\":\"https:\/\/www.vita-explorers.dk\/blog\/wp-content\/uploads\/2018\/03\/Jeunes-filles-Madagascar-Globalong-min.jpg\",\"width\":887,\"height\":607,\"caption\":\"Jeune mission de volontariat international\"},{\"@type\":\"BreadcrumbList\",\"@id\":\"https:\/\/www.vita-explorers.dk\/blog\/humanitaer-rejse-for-mindreaarige\/#breadcrumb\",\"itemListElement\":[{\"@type\":\"ListItem\",\"position\":1,\"name\":\"Accueil\",\"item\":\"https:\/\/www.vita-explorers.dk\/blog\/\"},{\"@type\":\"ListItem\",\"position\":2,\"name\":\"Humanit\u00e6r rejse for mindre\u00e5rige\"}]},{\"@type\":\"WebSite\",\"@id\":\"https:\/\/www.vita-explorers.dk\/blog\/#website\",\"url\":\"https:\/\/www.vita-explorers.dk\/blog\/\",\"name\":\"Association Globalong\",\"description\":\"Frivilligt arbejde, sprogophold, praktik i udlandet og internationale oplevelser\",\"publisher\":{\"@id\":\"https:\/\/www.vita-explorers.dk\/blog\/#organization\"},\"potentialAction\":[{\"@type\":\"SearchAction\",\"target\":{\"@type\":\"EntryPoint\",\"urlTemplate\":\"https:\/\/www.vita-explorers.dk\/blog\/?s={search_term_string}\"},\"query-input\":{\"@type\":\"PropertyValueSpecification\",\"valueRequired\":true,\"valueName\":\"search_term_string\"}}],\"inLanguage\":\"da-DK\"},{\"@type\":\"Organization\",\"@id\":\"https:\/\/www.vita-explorers.dk\/blog\/#organization\",\"name\":\"Association Globalong\",\"url\":\"https:\/\/www.vita-explorers.dk\/blog\/\",\"logo\":{\"@type\":\"ImageObject\",\"inLanguage\":\"da-DK\",\"@id\":\"https:\/\/www.vita-explorers.dk\/blog\/#\/schema\/logo\/image\/\",\"url\":\"https:\/\/www.globalong.com\/blog\/wp-content\/uploads\/2014\/11\/cropped-cropped-Logo-et-Afrique-Globalong-petite-taille-2.jpg\",\"contentUrl\":\"https:\/\/www.globalong.com\/blog\/wp-content\/uploads\/2014\/11\/cropped-cropped-Logo-et-Afrique-Globalong-petite-taille-2.jpg\",\"width\":512,\"height\":512,\"caption\":\"Association Globalong\"},\"image\":{\"@id\":\"https:\/\/www.vita-explorers.dk\/blog\/#\/schema\/logo\/image\/\"},\"sameAs\":[\"https:\/\/www.facebook.com\/globalong\"]},{\"@type\":\"Person\",\"@id\":\"https:\/\/www.vita-explorers.dk\/blog\/#\/schema\/person\/fc0343a2f2db2ebb2793c1f62dbe73f0\",\"name\":\"VITA Tribe\",\"image\":{\"@type\":\"ImageObject\",\"inLanguage\":\"da-DK\",\"@id\":\"https:\/\/www.vita-explorers.dk\/blog\/#\/schema\/person\/image\/\",\"url\":\"https:\/\/secure.gravatar.com\/avatar\/f7f05026bb439d0c96b30e135e5f852c?s=96&d=mm&r=g\",\"contentUrl\":\"https:\/\/secure.gravatar.com\/avatar\/f7f05026bb439d0c96b30e135e5f852c?s=96&d=mm&r=g\",\"caption\":\"VITA Tribe\"},\"sameAs\":[\"http:\/\/www.globalong.com\"],\"url\":\"https:\/\/www.vita-explorers.dk\/blog\/author\/teamglobalong\/\"}]}<\/script>\n<!-- \/ Yoast SEO Premium plugin. -->","yoast_head_json":{"title":"Humanit\u00e6re rejser for unge under 18: En komplet guide - VITA Explorers Blog","description":"Envisagez un voyage humanitaire pour les mineurs ? Apprenez tout sur les crit\u00e8res, l'encadrement et les b\u00e9n\u00e9fices d'une telle exp\u00e9rience.","robots":{"index":"index","follow":"follow","max-snippet":"max-snippet:-1","max-image-preview":"max-image-preview:large","max-video-preview":"max-video-preview:-1"},"canonical":"https:\/\/www.vita-explorers.dk\/blog\/humanitaer-rejse-for-mindreaarige\/","og_locale":"da_DK","og_type":"article","og_title":"Humanit\u00e6r rejse for mindre\u00e5rige","og_description":"Envisagez un voyage humanitaire pour les mineurs ? Apprenez tout sur les crit\u00e8res, l'encadrement et les b\u00e9n\u00e9fices d'une telle exp\u00e9rience.","og_url":"https:\/\/www.vita-explorers.dk\/blog\/humanitaer-rejse-for-mindreaarige\/","og_site_name":"VITA Explorers Blog","article_publisher":"https:\/\/www.facebook.com\/globalong","article_published_time":"2025-04-01T02:09:01+00:00","article_modified_time":"2025-04-22T04:36:06+00:00","og_image":[{"width":887,"height":607,"url":"https:\/\/www.vita-explorers.dk\/blog\/wp-content\/uploads\/2018\/03\/Jeunes-filles-Madagascar-Globalong-min.jpg","type":"image\/jpeg"}],"author":"VITA Tribe","twitter_card":"summary_large_image","twitter_misc":{"Skrevet af":"VITA Tribe","Estimeret l\u00e6setid":"15 minutter"},"schema":{"@context":"https:\/\/schema.org","@graph":[{"@type":"Article","@id":"https:\/\/www.vita-explorers.dk\/blog\/humanitaer-rejse-for-mindreaarige\/#article","isPartOf":{"@id":"https:\/\/www.vita-explorers.dk\/blog\/humanitaer-rejse-for-mindreaarige\/"},"author":{"name":"VITA Tribe","@id":"https:\/\/www.vita-explorers.dk\/blog\/#\/schema\/person\/fc0343a2f2db2ebb2793c1f62dbe73f0"},"headline":"Humanit\u00e6r rejse for mindre\u00e5rige","datePublished":"2025-04-01T02:09:01+00:00","dateModified":"2025-04-22T04:36:06+00:00","mainEntityOfPage":{"@id":"https:\/\/www.vita-explorers.dk\/blog\/humanitaer-rejse-for-mindreaarige\/"},"wordCount":2660,"commentCount":0,"publisher":{"@id":"https:\/\/www.vita-explorers.dk\/blog\/#organization"},"image":{"@id":"https:\/\/www.vita-explorers.dk\/blog\/humanitaer-rejse-for-mindreaarige\/#primaryimage"},"thumbnailUrl":"https:\/\/www.vita-explorers.dk\/blog\/wp-content\/uploads\/2018\/03\/Jeunes-filles-Madagascar-Globalong-min.jpg","articleSection":["No Name","Nyheder","VITA Explorers"],"inLanguage":"da-DK","potentialAction":[{"@type":"CommentAction","name":"Comment","target":["https:\/\/www.vita-explorers.dk\/blog\/humanitaer-rejse-for-mindreaarige\/#respond"]}]},{"@type":"WebPage","@id":"https:\/\/www.vita-explorers.dk\/blog\/humanitaer-rejse-for-mindreaarige\/","url":"https:\/\/www.vita-explorers.dk\/blog\/humanitaer-rejse-for-mindreaarige\/","name":"Humanit\u00e6re rejser for unge under 18: En komplet guide - VITA Explorers Blog","isPartOf":{"@id":"https:\/\/www.vita-explorers.dk\/blog\/#website"},"primaryImageOfPage":{"@id":"https:\/\/www.vita-explorers.dk\/blog\/humanitaer-rejse-for-mindreaarige\/#primaryimage"},"image":{"@id":"https:\/\/www.vita-explorers.dk\/blog\/humanitaer-rejse-for-mindreaarige\/#primaryimage"},"thumbnailUrl":"https:\/\/www.vita-explorers.dk\/blog\/wp-content\/uploads\/2018\/03\/Jeunes-filles-Madagascar-Globalong-min.jpg","datePublished":"2025-04-01T02:09:01+00:00","dateModified":"2025-04-22T04:36:06+00:00","description":"Envisagez un voyage humanitaire pour les mineurs ? Apprenez tout sur les crit\u00e8res, l'encadrement et les b\u00e9n\u00e9fices d'une telle exp\u00e9rience.","breadcrumb":{"@id":"https:\/\/www.vita-explorers.dk\/blog\/humanitaer-rejse-for-mindreaarige\/#breadcrumb"},"inLanguage":"da-DK","potentialAction":[{"@type":"ReadAction","target":["https:\/\/www.vita-explorers.dk\/blog\/humanitaer-rejse-for-mindreaarige\/"]}]},{"@type":"ImageObject","inLanguage":"da-DK","@id":"https:\/\/www.vita-explorers.dk\/blog\/humanitaer-rejse-for-mindreaarige\/#primaryimage","url":"https:\/\/www.vita-explorers.dk\/blog\/wp-content\/uploads\/2018\/03\/Jeunes-filles-Madagascar-Globalong-min.jpg","contentUrl":"https:\/\/www.vita-explorers.dk\/blog\/wp-content\/uploads\/2018\/03\/Jeunes-filles-Madagascar-Globalong-min.jpg","width":887,"height":607,"caption":"Jeune mission de volontariat international"},{"@type":"BreadcrumbList","@id":"https:\/\/www.vita-explorers.dk\/blog\/humanitaer-rejse-for-mindreaarige\/#breadcrumb","itemListElement":[{"@type":"ListItem","position":1,"name":"Accueil","item":"https:\/\/www.vita-explorers.dk\/blog\/"},{"@type":"ListItem","position":2,"name":"Humanit\u00e6r rejse for mindre\u00e5rige"}]},{"@type":"WebSite","@id":"https:\/\/www.vita-explorers.dk\/blog\/#website","url":"https:\/\/www.vita-explorers.dk\/blog\/","name":"Association Globalong","description":"Frivilligt arbejde, sprogophold, praktik i udlandet og internationale oplevelser","publisher":{"@id":"https:\/\/www.vita-explorers.dk\/blog\/#organization"},"potentialAction":[{"@type":"SearchAction","target":{"@type":"EntryPoint","urlTemplate":"https:\/\/www.vita-explorers.dk\/blog\/?s={search_term_string}"},"query-input":{"@type":"PropertyValueSpecification","valueRequired":true,"valueName":"search_term_string"}}],"inLanguage":"da-DK"},{"@type":"Organization","@id":"https:\/\/www.vita-explorers.dk\/blog\/#organization","name":"Association Globalong","url":"https:\/\/www.vita-explorers.dk\/blog\/","logo":{"@type":"ImageObject","inLanguage":"da-DK","@id":"https:\/\/www.vita-explorers.dk\/blog\/#\/schema\/logo\/image\/","url":"https:\/\/www.globalong.com\/blog\/wp-content\/uploads\/2014\/11\/cropped-cropped-Logo-et-Afrique-Globalong-petite-taille-2.jpg","contentUrl":"https:\/\/www.globalong.com\/blog\/wp-content\/uploads\/2014\/11\/cropped-cropped-Logo-et-Afrique-Globalong-petite-taille-2.jpg","width":512,"height":512,"caption":"Association Globalong"},"image":{"@id":"https:\/\/www.vita-explorers.dk\/blog\/#\/schema\/logo\/image\/"},"sameAs":["https:\/\/www.facebook.com\/globalong"]},{"@type":"Person","@id":"https:\/\/www.vita-explorers.dk\/blog\/#\/schema\/person\/fc0343a2f2db2ebb2793c1f62dbe73f0","name":"VITA Tribe","image":{"@type":"ImageObject","inLanguage":"da-DK","@id":"https:\/\/www.vita-explorers.dk\/blog\/#\/schema\/person\/image\/","url":"https:\/\/secure.gravatar.com\/avatar\/f7f05026bb439d0c96b30e135e5f852c?s=96&d=mm&r=g","contentUrl":"https:\/\/secure.gravatar.com\/avatar\/f7f05026bb439d0c96b30e135e5f852c?s=96&d=mm&r=g","caption":"VITA Tribe"},"sameAs":["http:\/\/www.globalong.com"],"url":"https:\/\/www.vita-explorers.dk\/blog\/author\/teamglobalong\/"}]}},"_links":{"self":[{"href":"https:\/\/www.vita-explorers.dk\/blog\/wp-json\/wp\/v2\/posts\/20987"}],"collection":[{"href":"https:\/\/www.vita-explorers.dk\/blog\/wp-json\/wp\/v2\/posts"}],"about":[{"href":"https:\/\/www.vita-explorers.dk\/blog\/wp-json\/wp\/v2\/types\/post"}],"author":[{"embeddable":true,"href":"https:\/\/www.vita-explorers.dk\/blog\/wp-json\/wp\/v2\/users\/7"}],"replies":[{"embeddable":true,"href":"https:\/\/www.vita-explorers.dk\/blog\/wp-json\/wp\/v2\/comments?post=20987"}],"version-history":[{"count":3,"href":"https:\/\/www.vita-explorers.dk\/blog\/wp-json\/wp\/v2\/posts\/20987\/revisions"}],"predecessor-version":[{"id":21121,"href":"https:\/\/www.vita-explorers.dk\/blog\/wp-json\/wp\/v2\/posts\/20987\/revisions\/21121"}],"wp:featuredmedia":[{"embeddable":true,"href":"https:\/\/www.vita-explorers.dk\/blog\/wp-json\/wp\/v2\/media\/9091"}],"wp:attachment":[{"href":"https:\/\/www.vita-explorers.dk\/blog\/wp-json\/wp\/v2\/media?parent=20987"}],"wp:term":[{"taxonomy":"category","embeddable":true,"href":"https:\/\/www.vita-explorers.dk\/blog\/wp-json\/wp\/v2\/categories?post=20987"},{"taxonomy":"post_tag","embeddable":true,"href":"https:\/\/www.vita-explorers.dk\/blog\/wp-json\/wp\/v2\/tags?post=20987"}],"curies":[{"name":"wp","href":"https:\/\/api.w.org\/{rel}","templated":true}]}}