{"id":20989,"date":"2025-03-29T16:19:32","date_gmt":"2025-03-29T15:19:32","guid":{"rendered":"https:\/\/www.globalong.com\/blog\/?p=20989"},"modified":"2025-03-29T16:19:32","modified_gmt":"2025-03-29T15:19:32","slug":"de-mentale-fordele-ved-internationalt-frivilligt-arbejde","status":"publish","type":"post","link":"https:\/\/www.vita-explorers.dk\/blog\/de-mentale-fordele-ved-internationalt-frivilligt-arbejde\/","title":{"rendered":"Fordelene ved internationalt frivilligt arbejde for mental sundhed"},"content":{"rendered":"<h1 class=\"\" data-start=\"181\" data-end=\"276\">Internationalt frivilligt arbejde og mental sundhed: Gevinsterne ved en oplevelse, der kan s\u00e6tte varige spor<\/h1>\n<p class=\"\" style=\"text-align: justify;\" data-start=\"278\" data-end=\"944\">Internationalt frivilligt arbejde er et forl\u00f8b, der tiltr\u00e6kker flere og flere, som s\u00f8ger oplevelser, der kan flytte noget i dem. Ud over det konkrete bidrag, man kan give i lokalt forankrede projekter, oplever mange deltagere ogs\u00e5 en tydelig positiv effekt p\u00e5 deres mentale sundhed. Er du nysgerrig p\u00e5, hvorfor et ophold i udlandet som frivillig kan p\u00e5virke dit trivsel og velbefindende? I denne artikel ser vi n\u00e6rmere p\u00e5, hvad der ligger bag de psykologiske gevinster \u2013 og deler samtidig praktiske r\u00e5d til, hvordan du f\u00e5r mest muligt ud af oplevelsen.<\/p>\n<p class=\"\" style=\"text-align: justify;\" data-start=\"946\" data-end=\"1374\">G\u00f8r dig klar til en rejse ind i det menneskelige, hvor du kan blive klogere p\u00e5, hvordan <a href=\"https:\/\/www.vita-explorers.dk\/blog\/internationalt-frivilligt-arbejde-definition\/\" target=\"_blank\" rel=\"noopener\">internationalt frivilligt arbejde<\/a> kan styrke selvv\u00e6rdet, d\u00e6mpe stress, reducere angst og udvikle vigtige emotionelle og sociale kompetencer.<\/p>\n<p data-start=\"946\" data-end=\"1374\"><img loading=\"lazy\" decoding=\"async\" class=\"aligncenter wp-image-14720 size-medium\" src=\"https:\/\/www.vita-explorers.dk\/blog\/wp-content\/uploads\/2022\/09\/disaster-risk-reduction-01-1-300x184.jpg\" alt=\"Internationalt frivilligt arbejde og mental sundhed\" width=\"300\" height=\"184\" srcset=\"https:\/\/www.vita-explorers.dk\/blog\/wp-content\/uploads\/2022\/09\/disaster-risk-reduction-01-1-300x184.jpg 300w, https:\/\/www.vita-explorers.dk\/blog\/wp-content\/uploads\/2022\/09\/disaster-risk-reduction-01-1-768x471.jpg 768w, https:\/\/www.vita-explorers.dk\/blog\/wp-content\/uploads\/2022\/09\/disaster-risk-reduction-01-1.jpg 1000w\" sizes=\"(max-width: 300px) 100vw, 300px\" \/><\/p>\n<hr class=\"\" data-start=\"1376\" data-end=\"1379\" \/>\n<h2 class=\"\" data-start=\"1381\" data-end=\"1460\">1. Introduktion: Hvorfor tiltr\u00e6kker internationalt frivilligt arbejde s\u00e5 mange?<\/h2>\n<p class=\"\" style=\"text-align: justify;\" data-start=\"1462\" data-end=\"1940\">F\u00f8r vi g\u00e5r ind i, hvad det kan betyde for den mentale sundhed, giver det mening at stoppe op ved de mere grundl\u00e6ggende grunde til, at flere og flere v\u00e6lger internationalt frivilligt arbejde. Umiddelbart kan tanken om at rejse til et ofte fjernt land med andre levevilk\u00e5r for at bidrage til lokalsamfund virke ambiti\u00f8s \u2013 og m\u00e5ske ogs\u00e5 lidt overv\u00e6ldende. Alligevel tager tusindvis hvert \u00e5r skridtet.<\/p>\n<h3 class=\"\" data-start=\"1942\" data-end=\"1992\"><strong>1.1. Eventyrlyst og lysten til at opleve<\/strong><\/h3>\n<p class=\"\" style=\"text-align: justify;\" data-start=\"1994\" data-end=\"2136\">Verden er stor og fuld af kulturer, landskaber og traditioner, der kan udvide ens perspektiv. Internationalt frivilligt arbejde har en dobbelt gevinst:<\/p>\n<ul data-start=\"2137\" data-end=\"2386\">\n<li class=\"\" data-start=\"2137\" data-end=\"2288\">\n<p class=\"\" style=\"text-align: justify;\" data-start=\"2139\" data-end=\"2288\"><strong data-start=\"2139\" data-end=\"2160\">At opleve et land<\/strong> p\u00e5 en mere n\u00e6rv\u00e6rende m\u00e5de end ved en almindelig ferie \u2013 fordi man bliver en del af en hverdag i et lokalmilj\u00f8.<\/p>\n<\/li>\n<li class=\"\" data-start=\"2289\" data-end=\"2386\">\n<p class=\"\" style=\"text-align: justify;\" data-start=\"2291\" data-end=\"2386\"><strong data-start=\"2291\" data-end=\"2309\">At bidrage<\/strong> samtidig med, at man l\u00e6rer nyt \u2013 s\u00e5 oplevelse og engagement g\u00e5r h\u00e5nd i h\u00e5nd.<\/p>\n<\/li>\n<\/ul>\n<h3 class=\"\" data-start=\"2388\" data-end=\"2431\"><strong>1.2. S\u00f8gning efter mening og autenticitet<\/strong><\/h3>\n<p class=\"\" style=\"text-align: justify;\" data-start=\"2433\" data-end=\"2636\">Mange m\u00e6rker et behov for mere mening i hverdagen. I en tid, hvor alting g\u00e5r hurtigt, kan et ansvarligt ophold i udlandet i sociale eller milj\u00f8m\u00e6ssige projekter v\u00e6re en m\u00e5de at:<\/p>\n<ul data-start=\"2637\" data-end=\"2860\">\n<li class=\"\" data-start=\"2637\" data-end=\"2741\">\n<p class=\"\" data-start=\"2639\" data-end=\"2741\"><strong data-start=\"2639\" data-end=\"2660\">Finde retning<\/strong> ved at engagere sig i en sag, man oprigtigt kan st\u00e5 inde for \u2013 socialt, milj\u00f8m\u00e6ssigt eller menneskeligt.<\/p>\n<\/li>\n<li class=\"\" data-start=\"2742\" data-end=\"2860\">\n<p class=\"\" data-start=\"2744\" data-end=\"2860\"><strong data-start=\"2744\" data-end=\"2783\">F\u00e5 nye perspektiver<\/strong> og s\u00e6tte egne udfordringer i et andet lys, n\u00e5r man m\u00f8der andre livsvilk\u00e5r.<\/p>\n<\/li>\n<\/ul>\n<h3 class=\"\" data-start=\"2862\" data-end=\"2913\"><strong>1.3. Personlig og faglig udvikling<\/strong><\/h3>\n<p class=\"\" style=\"text-align: justify;\" data-start=\"2915\" data-end=\"3125\">Internationalt frivilligt arbejde er ikke kun et udtryk for at ville g\u00f8re en forskel; det kan ogs\u00e5 v\u00e6re en st\u00e6rk mulighed for personlig og faglig udvikling. Mange deltagere opbygger kompetencer som:<\/p>\n<ul data-start=\"3126\" data-end=\"3423\">\n<li class=\"\" data-start=\"3126\" data-end=\"3218\">\n<p class=\"\" data-start=\"3128\" data-end=\"3218\">\u00d8get <strong data-start=\"3131\" data-end=\"3146\">fleksibilitet<\/strong> og <strong data-start=\"3152\" data-end=\"3168\">tilpasningsevne<\/strong> \u2013 helt centralt i m\u00f8det mellem kulturer.<\/p>\n<\/li>\n<li class=\"\" data-start=\"3219\" data-end=\"3327\">\n<p class=\"\" data-start=\"3221\" data-end=\"3327\"><strong data-start=\"3224\" data-end=\"3245\">Projektforst\u00e5else<\/strong> og <strong data-start=\"3251\" data-end=\"3270\">samarbejdsevner<\/strong>, som ofte eftersp\u00f8rges p\u00e5 arbejdsmarkedet.<\/p>\n<\/li>\n<li class=\"\" data-start=\"3328\" data-end=\"3423\">\n<p class=\"\" data-start=\"3330\" data-end=\"3423\"><strong data-start=\"3333\" data-end=\"3366\">Interkulturel kommunikation<\/strong>, som er vigtig i en mere og mere global verden.<\/p>\n<\/li>\n<\/ul>\n<p class=\"\" style=\"text-align: justify;\" data-start=\"3425\" data-end=\"3752\">De tre motivationer \u2013 eventyr, mening samt personlig og faglig udvikling \u2013 er i sig selv gode grunde til at tage afsted. Men hvad med den mentale sundhed? Hvilke konkrete og dybere gevinster kan man tage med sig? Det ser vi p\u00e5 nu.<\/p>\n<p><iframe loading=\"lazy\" title=\"Partir en mission avec Globalong : des moments partag\u00e9s \u00e0 travers le monde\" width=\"422\" height=\"750\" src=\"https:\/\/www.youtube.com\/embed\/ZRC4xs6EX2g?feature=oembed\" frameborder=\"0\" allow=\"accelerometer; autoplay; clipboard-write; encrypted-media; gyroscope; picture-in-picture; web-share\" referrerpolicy=\"strict-origin-when-cross-origin\" allowfullscreen><\/iframe><\/p>\n<hr class=\"\" data-start=\"3754\" data-end=\"3757\" \/>\n<h2 class=\"\" data-start=\"3759\" data-end=\"3827\">2. Gevinster for den mentale sundhed: forst\u00e5 mekanismerne<\/h2>\n<p class=\"\" style=\"text-align: justify;\" data-start=\"3829\" data-end=\"4167\">Det kan v\u00e6re sv\u00e6rt at m\u00e5le den psykologiske effekt af et internationalt frivilligforl\u00f8b helt pr\u00e6cist, fordi oplevelsen ofte rummer mange f\u00f8lelser og l\u00e6ring p\u00e5 \u00e9n gang. Men mange studier, <a href=\"https:\/\/www.vita-explorers.dk\/blog\/avis-globalong\/\" target=\"_blank\" rel=\"noopener\">oplevelser<\/a> og personlige erfaringer peger p\u00e5 en r\u00e6kke mekanismer, der kan styrke den mentale sundhed.<\/p>\n<h3 class=\"\" data-start=\"4169\" data-end=\"4235\"><strong>2.1. Styrket selvv\u00e6rd og selvtillid<\/strong><\/h3>\n<p class=\"\" style=\"text-align: justify;\" data-start=\"4237\" data-end=\"4294\">Selvv\u00e6rd bygges blandt andet op gennem:<\/p>\n<ol data-start=\"4295\" data-end=\"4808\">\n<li class=\"\" data-start=\"4295\" data-end=\"4446\">\n<p class=\"\" style=\"text-align: justify;\" data-start=\"4298\" data-end=\"4446\"><strong data-start=\"4298\" data-end=\"4336\">At f\u00e5 \u00f8je p\u00e5 egne kompetencer<\/strong> : N\u00e5r man deltager i et projekt, m\u00e6rker man, at man kan bidrage i praksis.<\/p>\n<\/li>\n<li class=\"\" data-start=\"4447\" data-end=\"4624\">\n<p class=\"\" style=\"text-align: justify;\" data-start=\"4450\" data-end=\"4624\"><strong data-start=\"4450\" data-end=\"4482\">At blive m\u00f8dt positivt<\/strong> : N\u00e5r man bidrager i et lokalmilj\u00f8, oplever man ofte taknemmelighed og anerkendelse, som kan styrke troen p\u00e5 egne evner.<\/p>\n<\/li>\n<li class=\"\" data-start=\"4625\" data-end=\"4808\">\n<p class=\"\" style=\"text-align: justify;\" data-start=\"4628\" data-end=\"4808\"><strong data-start=\"4628\" data-end=\"4653\">At udfordre sig selv<\/strong> : At rejse langt v\u00e6k i en ny ramme er en personlig udfordring. At h\u00e5ndtere den i praksis kan give et markant l\u00f8ft i selvtillid.<\/p>\n<\/li>\n<\/ol>\n<p class=\"\" style=\"text-align: justify;\" data-start=\"4810\" data-end=\"5128\">N\u00e5r man kommer hjem, oplever mange, at de st\u00e5r st\u00e6rkere mentalt. Udfordringer undervejs \u2013 sprogbarrierer, kulturelle forskelle og mere enkle rammer \u2013 bliver konkrete beviser p\u00e5, at man godt kan klare det ukendte.<\/p>\n<h3 class=\"\" data-start=\"5130\" data-end=\"5174\"><strong>2.2. Mindre stress og angst<\/strong><\/h3>\n<p class=\"\" style=\"text-align: justify;\" data-start=\"5176\" data-end=\"5405\">Selvom det kan lyde som om, det er stressende at rejse langt v\u00e6k og m\u00f8de kr\u00e6vende situationer, har internationalt frivilligt arbejde ofte en paradoksal effekt og kan <a href=\"https:\/\/www.vita-explorers.dk\/blog\/stresshaandtering-for-studerende-paa-praktik-i-udlandet\/\" target=\"_blank\" rel=\"noopener\">reducere stress.<\/a> Hvorfor?<\/p>\n<ul data-start=\"5406\" data-end=\"5944\">\n<li class=\"\" data-start=\"5406\" data-end=\"5572\">\n<p class=\"\" style=\"text-align: justify;\" data-start=\"5408\" data-end=\"5572\"><strong data-start=\"5408\" data-end=\"5445\">Et brud med hverdagen<\/strong> : At tr\u00e6de ud af rutiner og daglige bekymringer kan give afstand til det, der f\u00f8r skabte uro.<\/p>\n<\/li>\n<li class=\"\" data-start=\"5573\" data-end=\"5760\">\n<p class=\"\" style=\"text-align: justify;\" data-start=\"5575\" data-end=\"5760\"><strong data-start=\"5575\" data-end=\"5603\">Mening i det, man g\u00f8r<\/strong> : At engagere sig i et socialt eller milj\u00f8fagligt projekt kan give en ro, fordi man oplever at v\u00e6re en del af noget, der giver mening.<\/p>\n<\/li>\n<li class=\"\" data-start=\"5761\" data-end=\"5944\">\n<p class=\"\" style=\"text-align: justify;\" data-start=\"5763\" data-end=\"5944\"><strong data-start=\"5763\" data-end=\"5790\">F\u00e6llesskab og udveksling<\/strong> : At arbejde t\u00e6t sammen med andre deltagere og mennesker i v\u00e6rtslandet kan give en f\u00f8lelse af samh\u00f8righed, som st\u00f8tter den mentale trivsel.<\/p>\n<\/li>\n<\/ul>\n<p class=\"\" style=\"text-align: justify;\" data-start=\"5946\" data-end=\"6192\">N\u00e5r de ting spiller sammen, kan det ofte <strong data-start=\"5989\" data-end=\"6010\">d\u00e6mpe angst<\/strong> \u2013 ogs\u00e5 social eller mere generel uro. Mange fort\u00e6ller, at de kommer hjem med et mere positivt udsyn og bedre modstandskraft over for stress.<\/p>\n<h3 class=\"\" data-start=\"6194\" data-end=\"6233\"><strong>2.3. Udvikling af robusthed<\/strong><\/h3>\n<p class=\"\" style=\"text-align: justify;\" data-start=\"6235\" data-end=\"6394\">Robusthed handler om at kunne komme igennem sv\u00e6re perioder og finde fodf\u00e6ste igen. Et ophold som frivillig i udlandet rummer ofte:<\/p>\n<ul data-start=\"6395\" data-end=\"6691\">\n<li class=\"\" data-start=\"6395\" data-end=\"6492\">\n<p class=\"\" data-start=\"6397\" data-end=\"6492\">Uforudsete situationer (ekstremt vejr, kulturelle forskelle, begr\u00e6nsede ressourcer).<\/p>\n<\/li>\n<li class=\"\" data-start=\"6493\" data-end=\"6586\">\n<p class=\"\" data-start=\"6495\" data-end=\"6586\">Kommunikationsudfordringer (sprogbarrierer, andre vaner og rytmer).<\/p>\n<\/li>\n<li class=\"\" data-start=\"6587\" data-end=\"6691\">\n<p class=\"\" data-start=\"6589\" data-end=\"6691\">St\u00e6rke f\u00f8lelsesm\u00e6ssige indtryk (m\u00f8det med fattigdom, utryghed eller menneskelig s\u00e5rbarhed).<\/p>\n<\/li>\n<\/ul>\n<p class=\"\" style=\"text-align: justify;\" data-start=\"6693\" data-end=\"7081\">At l\u00e6re at h\u00e5ndtere den slags situationer kan opbygge et st\u00e6rkere mentalt beredskab, bedre stressh\u00e5ndtering og mere nuanceret f\u00f8lelsesregulering. Man bruger egne ressourcer, beder om hj\u00e6lp, samarbejder og finder l\u00f8sninger. Netop den l\u00f8bende tilpasning er med til at styrke robustheden.<\/p>\n<h3 class=\"\" data-start=\"7083\" data-end=\"7138\"><strong>2.4. \u00c5benhed og f\u00f8lelsen af at h\u00f8re til<\/strong><\/h3>\n<p class=\"\" style=\"text-align: justify;\" data-start=\"7140\" data-end=\"7266\">At arbejde i en international ramme og m\u00f8de andre kulturer kan udvide ens horisont p\u00e5 en meget konkret m\u00e5de:<\/p>\n<ul data-start=\"7267\" data-end=\"7497\">\n<li class=\"\" data-start=\"7267\" data-end=\"7328\">\n<p class=\"\" data-start=\"7269\" data-end=\"7328\"><strong data-start=\"7269\" data-end=\"7309\">At udfordre egne forforst\u00e5elser<\/strong> og fordomme.<\/p>\n<\/li>\n<li class=\"\" data-start=\"7329\" data-end=\"7400\">\n<p class=\"\" data-start=\"7331\" data-end=\"7400\"><strong data-start=\"7331\" data-end=\"7366\">At opleve andre livsformer<\/strong> og m\u00e5der at t\u00e6nke p\u00e5.<\/p>\n<\/li>\n<li class=\"\" data-start=\"7401\" data-end=\"7497\">\n<p class=\"\" data-start=\"7403\" data-end=\"7497\"><strong data-start=\"7403\" data-end=\"7434\">At l\u00e6re at skabe relationer<\/strong> p\u00e5 tv\u00e6rs af kulturelle referencer.<\/p>\n<\/li>\n<\/ul>\n<p class=\"\" style=\"text-align: justify;\" data-start=\"7499\" data-end=\"7849\">Med tiden kan der opst\u00e5 et <strong data-start=\"7542\" data-end=\"7583\">st\u00e6rkere tilh\u00f8rsforhold til noget st\u00f8rre<\/strong> \u2013 en fornemmelse af at v\u00e6re en del af en bredere menneskelig sammenh\u00e6ng. Det kan styrke tolerance, empati og forst\u00e5else, som er vigtige byggesten for mental sundhed i en verden, der til tider kan f\u00f8les splittet.<\/p>\n<p data-start=\"7499\" data-end=\"7849\"><img loading=\"lazy\" decoding=\"async\" class=\"aligncenter wp-image-13124 size-medium\" src=\"https:\/\/www.vita-explorers.dk\/blog\/wp-content\/uploads\/2019\/12\/Programme-reconstruction-au-Nepal-avec-Globalong-300x169.jpg\" alt=\"Effekt af internationalt frivilligt arbejde p\u00e5 mental sundhed\" width=\"300\" height=\"169\" srcset=\"https:\/\/www.vita-explorers.dk\/blog\/wp-content\/uploads\/2019\/12\/Programme-reconstruction-au-Nepal-avec-Globalong-300x169.jpg 300w, https:\/\/www.vita-explorers.dk\/blog\/wp-content\/uploads\/2019\/12\/Programme-reconstruction-au-Nepal-avec-Globalong-768x432.jpg 768w, https:\/\/www.vita-explorers.dk\/blog\/wp-content\/uploads\/2019\/12\/Programme-reconstruction-au-Nepal-avec-Globalong-150x84.jpg 150w, https:\/\/www.vita-explorers.dk\/blog\/wp-content\/uploads\/2019\/12\/Programme-reconstruction-au-Nepal-avec-Globalong.jpg 974w\" sizes=\"(max-width: 300px) 100vw, 300px\" \/><\/p>\n<hr class=\"\" data-start=\"7851\" data-end=\"7854\" \/>\n<h2 class=\"\" data-start=\"7856\" data-end=\"7937\">3. Centrale omr\u00e5der, hvor frivilligt arbejde kan styrke mental trivsel<\/h2>\n<p class=\"\" style=\"text-align: justify;\" data-start=\"7939\" data-end=\"8096\">Efter de overordnede mekanismer ser vi nu mere konkret p\u00e5, hvordan internationalt frivilligt arbejde kan styrke forskellige sider af den mentale sundhed.<\/p>\n<h3 class=\"\" data-start=\"8098\" data-end=\"8151\"><strong>3.1. Mere selvst\u00e6ndighed og ansvar<\/strong><\/h3>\n<p class=\"\" data-start=\"8153\" data-end=\"8213\">At tage afsted som frivillig internationalt betyder ofte:<\/p>\n<ul data-start=\"8214\" data-end=\"8463\">\n<li class=\"\" data-start=\"8214\" data-end=\"8272\">\n<p class=\"\" data-start=\"8216\" data-end=\"8272\"><strong data-start=\"8216\" data-end=\"8239\">At tage vare p\u00e5 sig selv<\/strong> i et ukendt milj\u00f8.<\/p>\n<\/li>\n<li class=\"\" data-start=\"8273\" data-end=\"8364\">\n<p class=\"\" data-start=\"8275\" data-end=\"8364\"><strong data-start=\"8275\" data-end=\"8294\">At styre et budget<\/strong>, nogle gange med stramme rammer (overnatning, mad, transport).<\/p>\n<\/li>\n<li class=\"\" data-start=\"8365\" data-end=\"8463\">\n<p class=\"\" data-start=\"8367\" data-end=\"8463\"><strong data-start=\"8367\" data-end=\"8392\">At tr\u00e6ffe beslutninger<\/strong> i situationer med usikkerhed (sundhed, sikkerhed, planl\u00e6gning af arbejdet).<\/p>\n<\/li>\n<\/ul>\n<p class=\"\" style=\"text-align: justify;\" data-start=\"8465\" data-end=\"8737\">Det tvinger mange til at bev\u00e6ge sig ud af komfortzonen \u2013 og det kan <strong data-start=\"8544\" data-end=\"8592\">styrke ansvarsf\u00f8lelse og handlekraft<\/strong>. N\u00e5r man kommer hjem, f\u00f8ler mange sig mere selvst\u00e6ndige, bedre til at h\u00e5ndtere hverdagsudfordringer og mere modne.<\/p>\n<h3 class=\"\" data-start=\"8739\" data-end=\"8797\"><strong>3.2. Bedre forst\u00e5else og h\u00e5ndtering af f\u00f8lelser<\/strong><\/h3>\n<p class=\"\" style=\"text-align: justify;\" data-start=\"8799\" data-end=\"9149\">At leve i en anden kultur kan udl\u00f8se et <a href=\"https:\/\/www.vita-explorers.dk\/blog\/kulturchok-det-er-helt-normalt\/\" target=\"_blank\" rel=\"noopener\">kulturchok<\/a>, som kan f\u00f8lges af st\u00e6rke f\u00f8lelser: nysgerrighed, frustration, tristhed, gl\u00e6de osv. At m\u00e6rke f\u00f8lelserne tydeligt \u2013 og skulle s\u00e6tte ord p\u00e5 dem (for at bede om hj\u00e6lp eller dele det, man oplever) \u2013 kan v\u00e6re en meget udviklende psykologisk proces.<\/p>\n<ul data-start=\"9150\" data-end=\"9501\">\n<li class=\"\" data-start=\"9150\" data-end=\"9222\">\n<p class=\"\" data-start=\"9152\" data-end=\"9222\">Man l\u00e6rer at <strong data-start=\"9165\" data-end=\"9179\">genkende<\/strong> sine f\u00f8lelser og forst\u00e5, hvor de kommer fra.<\/p>\n<\/li>\n<li class=\"\" data-start=\"9223\" data-end=\"9343\">\n<p class=\"\" style=\"text-align: justify;\" data-start=\"9225\" data-end=\"9343\">Man \u00f8ver sig i at <strong data-start=\"9239\" data-end=\"9254\">kommunikere<\/strong> dem til andre \u2013 b\u00e5de til lokale samarbejdspartnere og til andre deltagere.<\/p>\n<\/li>\n<li class=\"\" data-start=\"9344\" data-end=\"9501\">\n<p class=\"\" style=\"text-align: justify;\" data-start=\"9346\" data-end=\"9501\">Man f\u00e5r <strong data-start=\"9362\" data-end=\"9386\">v\u00e6rkt\u00f8jer til regulering<\/strong> (meditation, \u00e5ndedr\u00e6ts\u00f8velser, at skrive dagbog) til at st\u00e5 st\u00e6rkere i sv\u00e6re situationer.<\/p>\n<\/li>\n<\/ul>\n<p class=\"\" style=\"text-align: justify;\" data-start=\"9503\" data-end=\"9695\">Arbejdet med f\u00f8lelser er en vigtig del af god mental sundhed, fordi det kan forebygge indre pres og styrke den emotionelle intelligens.<\/p>\n<h3 class=\"\" data-start=\"9697\" data-end=\"9745\"><strong>3.3. Mere motivation og kreativitet<\/strong><\/h3>\n<p class=\"\" style=\"text-align: justify;\" data-start=\"9747\" data-end=\"10026\">Frivilligt arbejde indeb\u00e6rer ofte mange forskellige udfordringer \u2013 fra at finde praktiske l\u00f8sninger, til at planl\u00e6gge l\u00e6ringsaktiviteter for b\u00f8rn eller st\u00f8tte milj\u00f8projekter. Den type udfordringer kan styrke:<\/p>\n<ul data-start=\"10027\" data-end=\"10383\">\n<li class=\"\" data-start=\"10027\" data-end=\"10152\">\n<p class=\"\" style=\"text-align: justify;\" data-start=\"10029\" data-end=\"10152\"><strong data-start=\"10032\" data-end=\"10046\">Motivation<\/strong> : F\u00f8lelsen af at v\u00e6re til gavn og l\u00f8se en opgave kan v\u00e6re meget meningsfuld.<\/p>\n<\/li>\n<li class=\"\" data-start=\"10153\" data-end=\"10277\">\n<p class=\"\" style=\"text-align: justify;\" data-start=\"10155\" data-end=\"10277\"><strong data-start=\"10158\" data-end=\"10172\">Kreativitet<\/strong> : Man m\u00e5 ofte t\u00e6nke nyt, improvisere og bruge alternative ressourcer for at komme i m\u00e5l.<\/p>\n<\/li>\n<li class=\"\" data-start=\"10278\" data-end=\"10383\">\n<p class=\"\" style=\"text-align: justify;\" data-start=\"10280\" data-end=\"10383\"><strong data-start=\"10283\" data-end=\"10299\">Vedholdenhed<\/strong> : N\u00e5r der opst\u00e5r forhindringer, er det afg\u00f8rende at blive ved og finde konkrete veje frem.<\/p>\n<\/li>\n<\/ul>\n<p class=\"\" style=\"text-align: justify;\" data-start=\"10385\" data-end=\"10643\">De kvaliteter \u2013 motivation, kreativitet og vedholdenhed \u2013 kan fungere som <strong>br\u00e6ndstof for mental trivsel.<\/strong> De hj\u00e6lper os med at se fremad og f\u00f8le os i stand til at h\u00e5ndtere b\u00e5de professionelle og personlige udfordringer.<\/p>\n<h3 class=\"\" data-start=\"10645\" data-end=\"10726\"><strong>3.4. Bedre kommunikation og konfliktl\u00f8sning<\/strong><\/h3>\n<p class=\"\" style=\"text-align: justify;\" data-start=\"10728\" data-end=\"10869\">I de fleste frivilligprojekter arbejder man i teams \u2013 ofte internationale \u2013 med mennesker med forskellige baggrunde:<\/p>\n<ul data-start=\"10870\" data-end=\"11127\">\n<li class=\"\" data-start=\"10870\" data-end=\"10976\">\n<p class=\"\" style=\"text-align: justify;\" data-start=\"10872\" data-end=\"10976\">Den verbale kommunikation kan v\u00e6re udfordret (fremmedsprog, forskellige udtryk og kulturelle koder).<\/p>\n<\/li>\n<li class=\"\" data-start=\"10977\" data-end=\"11043\">\n<p class=\"\" data-start=\"10979\" data-end=\"11043\">Kropssprog og sociale signaler kan tolkes forskelligt.<\/p>\n<\/li>\n<li class=\"\" data-start=\"11044\" data-end=\"11127\">\n<p class=\"\" data-start=\"11046\" data-end=\"11127\">Misforst\u00e5elser kan lettere skabe sp\u00e6ndinger.<\/p>\n<\/li>\n<\/ul>\n<p class=\"\" style=\"text-align: justify;\" data-start=\"11129\" data-end=\"11578\">Det giver anledning til at udvikle mere tydelig og empatisk kommunikation \u2013 og at l\u00e6re <strong data-start=\"11271\" data-end=\"11297\">konfliktl\u00f8sning<\/strong> i en interkulturel ramme. De f\u00e6rdigheder kan man bruge resten af livet, og de st\u00f8tter ogs\u00e5 den mentale sundhed: N\u00e5r vi kommunikerer bedre, forst\u00e5r vi hinanden bedre \u2013 og h\u00e5ndterer hverdagens sp\u00e6ndinger mere konstruktivt.<\/p>\n<p data-start=\"11129\" data-end=\"11578\"><img loading=\"lazy\" decoding=\"async\" class=\"aligncenter wp-image-12411 size-medium\" src=\"https:\/\/www.vita-explorers.dk\/blog\/wp-content\/uploads\/2019\/02\/image4-min-300x225.jpeg\" alt=\"Deltager p\u00e5 frivilligophold i udlandet\" width=\"300\" height=\"225\" srcset=\"https:\/\/www.vita-explorers.dk\/blog\/wp-content\/uploads\/2019\/02\/image4-min-300x225.jpeg 300w, https:\/\/www.vita-explorers.dk\/blog\/wp-content\/uploads\/2019\/02\/image4-min-768x576.jpeg 768w, https:\/\/www.vita-explorers.dk\/blog\/wp-content\/uploads\/2019\/02\/image4-min-1024x768.jpeg 1024w, https:\/\/www.vita-explorers.dk\/blog\/wp-content\/uploads\/2019\/02\/image4-min-150x113.jpeg 150w, https:\/\/www.vita-explorers.dk\/blog\/wp-content\/uploads\/2019\/02\/image4-min.jpeg 2016w\" sizes=\"(max-width: 300px) 100vw, 300px\" \/><\/p>\n<hr class=\"\" data-start=\"11580\" data-end=\"11583\" \/>\n<h2 class=\"\" style=\"text-align: justify;\" data-start=\"11585\" data-end=\"11674\"><strong>4. Praktiske r\u00e5d: S\u00e5dan f\u00e5r du mest muligt ud af frivilligt arbejde for din mentale sundhed<\/strong><\/h2>\n<p class=\"\" style=\"text-align: justify;\" data-start=\"11676\" data-end=\"11885\">Nu hvor vi har set p\u00e5 de mange fordele ved internationalt frivilligt arbejde for mental sundhed, handler det om, hvordan du bedst underst\u00f8tter dem gennem forberedelse og god organisering.<\/p>\n<h3 class=\"\" data-start=\"11887\" data-end=\"11937\"><strong>4.1. V\u00e6lg forl\u00f8b og destination med omtanke<\/strong><\/h3>\n<p class=\"\" style=\"text-align: justify;\" data-start=\"11939\" data-end=\"12038\">Ikke alle forl\u00f8b er ens, og det er vigtigt at v\u00e6lge et projekt, der:<\/p>\n<ol data-start=\"12039\" data-end=\"12575\">\n<li class=\"\" data-start=\"12039\" data-end=\"12204\">\n<p class=\"\" style=\"text-align: justify;\" data-start=\"12042\" data-end=\"12204\"><strong data-start=\"12042\" data-end=\"12058\">Motiverer dig<\/strong> helt oprigtigt: N\u00e5r du har en reel interesse for sagen (social, milj\u00f8, undervisning osv.), bliver udbyttet ofte st\u00f8rre.<\/p>\n<\/li>\n<li class=\"\" data-start=\"12205\" data-end=\"12397\">\n<p class=\"\" style=\"text-align: justify;\" data-start=\"12208\" data-end=\"12397\"><strong data-start=\"12208\" data-end=\"12240\">Matcher dine kompetencer<\/strong> : Du beh\u00f8ver ikke v\u00e6re ekspert, men det hj\u00e6lper at v\u00e6lge et omr\u00e5de, hvor du kan bidrage meningsfuldt \u2013 og samtidig l\u00e6re nyt.<\/p>\n<\/li>\n<li class=\"\" data-start=\"12398\" data-end=\"12575\">\n<p class=\"\" style=\"text-align: justify;\" data-start=\"12401\" data-end=\"12575\"><strong data-start=\"12401\" data-end=\"12429\">Passer til dine rammer<\/strong> : budget, varighed og levevilk\u00e5r. Hvert ophold er forskelligt, og det er vigtigt at kunne se sig selv i virkeligheden p\u00e5 stedet.<\/p>\n<\/li>\n<\/ol>\n<p class=\"\" style=\"text-align: justify;\" data-start=\"12577\" data-end=\"12736\"><a href=\"https:\/\/www.vita-explorers.dk\/association-globalong.html\" target=\"_blank\" rel=\"noopener\">VITA Institute<\/a> tilbyder en bred vifte af internationale forl\u00f8b og kan st\u00f8tte dig i at finde det rette, s\u00e5 dit engagement bliver b\u00e5de <strong data-start=\"12708\" data-end=\"12735\">meningsfuldt og ansvarligt<\/strong>.<\/p>\n<h3 class=\"\" data-start=\"12738\" data-end=\"12790\"><strong>4.2. Forbered dig mentalt og f\u00f8lelsesm\u00e6ssigt<\/strong><\/h3>\n<p class=\"\" style=\"text-align: justify;\" data-start=\"12792\" data-end=\"12840\">F\u00f8r afrejse kan det v\u00e6re en fordel at:<\/p>\n<ul data-start=\"12841\" data-end=\"13287\">\n<li class=\"\" data-start=\"12841\" data-end=\"12927\">\n<p class=\"\" data-start=\"12843\" data-end=\"12927\"><strong data-start=\"12843\" data-end=\"12867\">L\u00e6se erfaringer<\/strong> fra tidligere deltagere: blogindl\u00e6g, fora, beskrivelser af oplevelser.<\/p>\n<\/li>\n<li class=\"\" data-start=\"12928\" data-end=\"13030\">\n<p class=\"\" data-start=\"12930\" data-end=\"13030\"><strong data-start=\"12930\" data-end=\"12969\">S\u00e6tte dig ind i kulturen<\/strong> : normer, traditioner, historie, religion og sociale koder.<\/p>\n<\/li>\n<li class=\"\" data-start=\"13031\" data-end=\"13114\">\n<p class=\"\" data-start=\"13033\" data-end=\"13114\"><strong data-start=\"13033\" data-end=\"13077\">\u00d8ve meditation eller afsp\u00e6nding<\/strong> for at st\u00e5 bedre i stressende situationer.<\/p>\n<\/li>\n<li class=\"\" data-start=\"13115\" data-end=\"13287\">\n<p class=\"\" data-start=\"13117\" data-end=\"13287\"><strong data-start=\"13117\" data-end=\"13159\">Tage en personlig mental status<\/strong> : Er du klar til mulige udfordringer? Har du et netv\u00e6rk (familie, venner), du kan tr\u00e6kke p\u00e5, hvis du f\u00e5r det sv\u00e6rt?<\/p>\n<\/li>\n<\/ul>\n<p class=\"\" style=\"text-align: justify;\" data-start=\"13289\" data-end=\"13445\">Jo bedre du forbereder dig, jo mindre kan et kulturchok fylde \u2013 og jo st\u00f8rre chance har du for at f\u00e5 et st\u00e6rkt udbytte for din mentale sundhed.<\/p>\n<h3 class=\"\" data-start=\"13447\" data-end=\"13496\"><strong>4.3. F\u00f8r dagbog eller skriv blog<\/strong><\/h3>\n<p class=\"\" style=\"text-align: justify;\" data-start=\"13498\" data-end=\"13613\">At f\u00f8re dagbog (eller skrive blog, hvis du vil dele undervejs) kan v\u00e6re en stor hj\u00e6lp til at:<\/p>\n<ul data-start=\"13614\" data-end=\"13921\">\n<li class=\"\" data-start=\"13614\" data-end=\"13719\">\n<p class=\"\" data-start=\"13616\" data-end=\"13719\"><strong data-start=\"13616\" data-end=\"13641\">Forst\u00e5 dine f\u00f8lelser<\/strong> : N\u00e5r du skriver, bliver det ofte tydeligere, hvad du faktisk oplever.<\/p>\n<\/li>\n<li class=\"\" data-start=\"13720\" data-end=\"13806\">\n<p class=\"\" data-start=\"13722\" data-end=\"13806\"><strong data-start=\"13722\" data-end=\"13742\">Gemmespor<\/strong> af din udvikling, dine sm\u00e5 sejre og dine sv\u00e6re dage.<\/p>\n<\/li>\n<li class=\"\" data-start=\"13807\" data-end=\"13921\">\n<p class=\"\" data-start=\"13809\" data-end=\"13921\"><strong data-start=\"13809\" data-end=\"13821\">Dele<\/strong> rejsen med dine n\u00e6rmeste eller andre deltagere \u2013 og skabe et socialt og f\u00f8lelsesm\u00e6ssigt b\u00e5nd.<\/p>\n<\/li>\n<\/ul>\n<p class=\"\" style=\"text-align: justify;\" data-start=\"13923\" data-end=\"14114\">At skrive regelm\u00e6ssigt hj\u00e6lper mange med at f\u00e5 overblik over, hvad der giver energi, og hvad der stresser \u2013 s\u00e5 man kan justere undervejs, hvis det er n\u00f8dvendigt.<\/p>\n<h3 class=\"\" data-start=\"14116\" data-end=\"14170\"><strong>4.4. Plej relationer \u2013 og bed om hj\u00e6lp, n\u00e5r du har brug for det<\/strong><\/h3>\n<p class=\"\" style=\"text-align: justify;\" data-start=\"14172\" data-end=\"14213\">Under dit ophold er det en god id\u00e9 at:<\/p>\n<ul data-start=\"14214\" data-end=\"14645\">\n<li class=\"\" data-start=\"14214\" data-end=\"14329\">\n<p class=\"\" data-start=\"14216\" data-end=\"14329\"><strong data-start=\"14216\" data-end=\"14235\">Skabe relationer<\/strong> til andre deltagere, det lokale team og mennesker i v\u00e6rtslandet.<\/p>\n<\/li>\n<li class=\"\" data-start=\"14330\" data-end=\"14441\">\n<p class=\"\" data-start=\"14332\" data-end=\"14441\"><strong data-start=\"14332\" data-end=\"14360\">Dele b\u00e5de det sv\u00e6re og det gode<\/strong>, fordi \u00e5benhed ofte forebygger isolation.<\/p>\n<\/li>\n<li class=\"\" data-start=\"14442\" data-end=\"14645\">\n<p class=\"\" data-start=\"14444\" data-end=\"14645\"><strong data-start=\"14444\" data-end=\"14466\">R\u00e6kke ud efter st\u00f8tte<\/strong> hvis du m\u00e6rker et s\u00e6rligt ubehag. Nogle organisationer tilbyder samtalest\u00f8tte eller f\u00e6llesskaber, hvor man kan s\u00e6tte ord p\u00e5 det, man oplever.<\/p>\n<\/li>\n<\/ul>\n<p class=\"\" style=\"text-align: justify;\" data-start=\"14647\" data-end=\"14846\"><strong data-start=\"14650\" data-end=\"14668\">Social st\u00f8tte<\/strong> er en af de vigtigste faktorer for god mental sundhed. Du er ikke alene i oplevelsen, og der vil som regel v\u00e6re nogen, der kan lytte.<\/p>\n<h3 class=\"\" data-start=\"14848\" data-end=\"14887\"><strong>4.5. Tag l\u00e6ringen med hjem<\/strong><\/h3>\n<p class=\"\" style=\"text-align: justify;\" data-start=\"14889\" data-end=\"14991\">N\u00e5r man kommer hjem, kan det, der nogle gange kaldes et \u00ab <a href=\"https:\/\/www.vita-explorers.dk\/blog\/omvendt-kulturchok\/\" target=\"_blank\" rel=\"noopener\"><strong data-start=\"14935\" data-end=\"14960\">omvendt kulturchok<\/strong><\/a> \u00bb, f\u00f8les forvirrende:<\/p>\n<ul data-start=\"14992\" data-end=\"15302\">\n<li class=\"\" data-start=\"14992\" data-end=\"15101\">\n<p class=\"\" style=\"text-align: justify;\" data-start=\"14994\" data-end=\"15101\">Du kommer hjem med et nyt blik p\u00e5 verden, mens dine n\u00e6rmeste ikke har v\u00e6ret en del af det samme.<\/p>\n<\/li>\n<li class=\"\" data-start=\"15102\" data-end=\"15197\">\n<p class=\"\" style=\"text-align: justify;\" data-start=\"15104\" data-end=\"15197\">Du kan savne intensiteten og n\u00e6rheden fra opholdet.<\/p>\n<\/li>\n<li class=\"\" data-start=\"15198\" data-end=\"15302\">\n<p class=\"\" style=\"text-align: justify;\" data-start=\"15200\" data-end=\"15302\">Hverdagsproblemer kan virke ligegyldige \u2013 eller omvendt overraskende overv\u00e6ldende.<\/p>\n<\/li>\n<\/ul>\n<p class=\"\" data-start=\"15304\" data-end=\"15349\"><strong>For at lande godt hjemme igen kan det hj\u00e6lpe at:<\/strong><\/p>\n<ul data-start=\"15350\" data-end=\"15708\">\n<li class=\"\" data-start=\"15350\" data-end=\"15467\">\n<p class=\"\" style=\"text-align: justify;\" data-start=\"15352\" data-end=\"15467\"><strong data-start=\"15352\" data-end=\"15370\">Holde kontakt<\/strong> med mennesker, du har m\u00f8dt, og bevare forbindelsen til det milj\u00f8, du har l\u00e6rt s\u00e5 meget af.<\/p>\n<\/li>\n<li class=\"\" data-start=\"15468\" data-end=\"15554\">\n<p class=\"\" data-start=\"15470\" data-end=\"15554\"><strong data-start=\"15470\" data-end=\"15499\">Dele dine oplevelser<\/strong> med venner, familie eller andre rejsende.<\/p>\n<\/li>\n<li class=\"\" data-start=\"15555\" data-end=\"15708\">\n<p class=\"\" style=\"text-align: justify;\" data-start=\"15557\" data-end=\"15708\"><strong data-start=\"15557\" data-end=\"15576\">Oms\u00e6tte l\u00e6ringen<\/strong> ved at engagere dig, hvis det giver mening, i lokale initiativer (foreninger, kulturarrangementer osv.).<\/p>\n<\/li>\n<\/ul>\n<p class=\"\" style=\"text-align: justify;\" data-start=\"15710\" data-end=\"15895\">N\u00e5r du giver dig tid til at ford\u00f8je overgangen, bygger du videre p\u00e5 de erfaringer, du har f\u00e5et med dig \u2013 og du kan st\u00f8tte din mentale trivsel p\u00e5 l\u00e6ngere sigt.<\/p>\n<p data-start=\"15710\" data-end=\"15895\"><img loading=\"lazy\" decoding=\"async\" class=\"aligncenter wp-image-12419 size-medium\" src=\"https:\/\/www.vita-explorers.dk\/blog\/wp-content\/uploads\/2019\/02\/Classe-be\u0301ne\u0301vole-jamaique-globalong-min-300x199.jpg\" alt=\"Frivilligt arbejde og mental sundhed\" width=\"300\" height=\"199\" srcset=\"https:\/\/www.vita-explorers.dk\/blog\/wp-content\/uploads\/2019\/02\/Classe-be\u0301ne\u0301vole-jamaique-globalong-min-300x199.jpg 300w, https:\/\/www.vita-explorers.dk\/blog\/wp-content\/uploads\/2019\/02\/Classe-be\u0301ne\u0301vole-jamaique-globalong-min-768x510.jpg 768w, https:\/\/www.vita-explorers.dk\/blog\/wp-content\/uploads\/2019\/02\/Classe-be\u0301ne\u0301vole-jamaique-globalong-min-1024x681.jpg 1024w, https:\/\/www.vita-explorers.dk\/blog\/wp-content\/uploads\/2019\/02\/Classe-be\u0301ne\u0301vole-jamaique-globalong-min-150x100.jpg 150w, https:\/\/www.vita-explorers.dk\/blog\/wp-content\/uploads\/2019\/02\/Classe-be\u0301ne\u0301vole-jamaique-globalong-min.jpg 2048w\" sizes=\"(max-width: 300px) 100vw, 300px\" \/><\/p>\n<hr class=\"\" data-start=\"15897\" data-end=\"15900\" \/>\n<h2 class=\"\" data-start=\"15902\" data-end=\"15962\">5. Erfaringer fra deltagere: stemmer, der inspirerer<\/h2>\n<p class=\"\" style=\"text-align: justify;\" data-start=\"15964\" data-end=\"16135\">For at g\u00f8re gevinsterne for mental sundhed mere konkrete, f\u00e5r du her nogle erfaringer fra deltagere:<\/p>\n<blockquote data-start=\"17695\" data-end=\"18356\">\n<p class=\"\" data-start=\"17697\" data-end=\"18356\"><div class=\"ti-widget ti-goog\" data-layout-id=\"4\" data-set-id=\"light-background\" data-pid=\"\" data-language=\"fr\" data-version=\"2\" data-review-target-width=\"300\" data-review-text-mode=\"readmore\" data-pager-autoplay-timeout=\"6\" > <div class=\"ti-widget-container ti-col-3\"> <div class=\"ti-reviews-container\"> <div class=\"ti-controls\"> <div class=\"ti-next\" aria-label=\"Avis suivante\" role=\"button\"><\/div> <div class=\"ti-prev\" aria-label=\"Avis pr\u00e9c\u00e9dent\" role=\"button\"><\/div> <\/div> <div class=\"ti-reviews-container-wrapper\">  <div data-empty=\"0\" class=\"ti-review-item source-Google ti-image-layout-thumbnail\" data-id=\"cfcd208495d565ef66e7dff9f98764da\" > <div class=\"ti-inner\"> <div class=\"ti-review-header\"> <div class=\"ti-profile-img\"> <img decoding=\"async\" src=\"https:\/\/lh3.googleusercontent.com\/a\/ACg8ocKpaoKe37CD0_POxO97KqB60GsWQRsIuG2vmCfXT-W_FY44vw=s120-c-rp-mo-br100\" srcset=\"https:\/\/lh3.googleusercontent.com\/a\/ACg8ocKpaoKe37CD0_POxO97KqB60GsWQRsIuG2vmCfXT-W_FY44vw=s120-c-rp-mo-br100 2x\" alt=\"Lucie Correia\" loading=\"lazy\" \/> <\/div> <div class=\"ti-profile-details\"> <div class=\"ti-name\"> Lucie Correia <\/div> <div class=\"ti-date\">2024-10-17<\/div> <\/div> <\/div> <span class=\"ti-stars\"><span class=\"ti-star f\"><\/span><span class=\"ti-star f\"><\/span><span class=\"ti-star f\"><\/span><span class=\"ti-star f\"><\/span><span class=\"ti-star f\"><\/span><\/span> <div class=\"ti-review-text-container ti-review-content\"><!-- R-CONTENT -->La communication avec Globalong est super, personnes tr\u00e8s pr\u00e9sentes pour les b\u00e9n\u00e9voles et \u00e9tudiants partant avec cette association. Elles r\u00e9pondent \u00e0 toutes nos questions et sont tr\u00e8s accessibles au t\u00e9l\u00e9phone.<!-- R-CONTENT --><\/div> <span class=\"ti-read-more\" data-container=\".ti-review-content\" data-collapse-text=\"Cacher\" data-open-text=\"Lire la suite\" ><\/span> <\/div> <\/div>  <div data-empty=\"0\" class=\"ti-review-item source-Google ti-image-layout-thumbnail\" data-id=\"cfcd208495d565ef66e7dff9f98764da\" > <div class=\"ti-inner\"> <div class=\"ti-review-header\"> <div class=\"ti-profile-img\"> <img decoding=\"async\" src=\"https:\/\/lh3.googleusercontent.com\/a-\/ALV-UjWqnnzM7-7c9BDqeTDF-a7pOgNjvLkJ3WshRd_Tn7z0Eu-AGQwo=s120-c-rp-mo-br100\" srcset=\"https:\/\/lh3.googleusercontent.com\/a-\/ALV-UjWqnnzM7-7c9BDqeTDF-a7pOgNjvLkJ3WshRd_Tn7z0Eu-AGQwo=s120-c-rp-mo-br100 2x\" alt=\"Ra\u00efssa Frisch\" loading=\"lazy\" \/> <\/div> <div class=\"ti-profile-details\"> <div class=\"ti-name\"> Ra\u00efssa Frisch <\/div> <div class=\"ti-date\">2024-10-14<\/div> <\/div> <\/div> <span class=\"ti-stars\"><span class=\"ti-star f\"><\/span><span class=\"ti-star f\"><\/span><span class=\"ti-star f\"><\/span><span class=\"ti-star f\"><\/span><span class=\"ti-star f\"><\/span><\/span> <div class=\"ti-review-text-container ti-review-content\"><!-- R-CONTENT -->J\u2019ai d\u00e9j\u00e0 eu l\u2019opportunit\u00e9 de r\u00e9aliser deux projets humanitaires avec l\u2019association Globalong. Je ne peux que la recommander, car j\u2019ai toujours b\u00e9n\u00e9fici\u00e9 d\u2019un excellent accompagnement, aussi bien avant que pendant le voyage. On ne vous laisse pas vous d\u00e9brouiller seuls, bien au contraire, vous \u00eates tr\u00e8s bien encadr\u00e9s pour accomplir toutes les d\u00e9marches dans les d\u00e9lais.\n\nAu-del\u00e0 du suivi, les exp\u00e9riences humanitaires propos\u00e9es par Globalong ne peuvent que transformer votre vie de mani\u00e8re positive. Elles vous apportent une richesse humaine inestimable.<!-- R-CONTENT --><\/div> <span class=\"ti-read-more\" data-container=\".ti-review-content\" data-collapse-text=\"Cacher\" data-open-text=\"Lire la suite\" ><\/span> <\/div> <\/div>  <div data-empty=\"0\" class=\"ti-review-item source-Google ti-image-layout-thumbnail\" data-id=\"cfcd208495d565ef66e7dff9f98764da\" > <div class=\"ti-inner\"> <div class=\"ti-review-header\"> <div class=\"ti-profile-img\"> <img decoding=\"async\" src=\"https:\/\/lh3.googleusercontent.com\/a\/ACg8ocJL-Dxv25YkXK2QwWPNRxTVqZCv5uTmDQDFg5qslKra3vRZew=s120-c-rp-mo-br100\" srcset=\"https:\/\/lh3.googleusercontent.com\/a\/ACg8ocJL-Dxv25YkXK2QwWPNRxTVqZCv5uTmDQDFg5qslKra3vRZew=s120-c-rp-mo-br100 2x\" alt=\"Tara Turan\" loading=\"lazy\" \/> <\/div> <div class=\"ti-profile-details\"> <div class=\"ti-name\"> Tara Turan <\/div> <div class=\"ti-date\">2024-10-14<\/div> <\/div> <\/div> <span class=\"ti-stars\"><span class=\"ti-star f\"><\/span><span class=\"ti-star f\"><\/span><span class=\"ti-star f\"><\/span><span class=\"ti-star f\"><\/span><span class=\"ti-star f\"><\/span><\/span> <div class=\"ti-review-text-container ti-review-content\"><!-- R-CONTENT -->Une des meilleures associations que j\u2019ai pu faire !\nUne organisation et un suivi vraiment parfait, c\u2019est avec grand plaisir que je referai un projet avec eux.<!-- R-CONTENT --><\/div> <span class=\"ti-read-more\" data-container=\".ti-review-content\" data-collapse-text=\"Cacher\" data-open-text=\"Lire la suite\" ><\/span> <\/div> <\/div>  <div data-empty=\"0\" class=\"ti-review-item source-Google ti-image-layout-thumbnail\" data-id=\"cfcd208495d565ef66e7dff9f98764da\" > <div class=\"ti-inner\"> <div class=\"ti-review-header\"> <div class=\"ti-profile-img\"> <img decoding=\"async\" src=\"https:\/\/lh3.googleusercontent.com\/a\/ACg8ocLctTPNovSk3eKM0b_MIPOfcFEQsz2135Cdu59_BWRVsIYC7Q=s120-c-rp-mo-br100\" srcset=\"https:\/\/lh3.googleusercontent.com\/a\/ACg8ocLctTPNovSk3eKM0b_MIPOfcFEQsz2135Cdu59_BWRVsIYC7Q=s120-c-rp-mo-br100 2x\" alt=\"Repiquet Julie\" loading=\"lazy\" \/> <\/div> <div class=\"ti-profile-details\"> <div class=\"ti-name\"> Repiquet Julie <\/div> <div class=\"ti-date\">2024-10-13<\/div> <\/div> <\/div> <span class=\"ti-stars\"><span class=\"ti-star f\"><\/span><span class=\"ti-star f\"><\/span><span class=\"ti-star f\"><\/span><span class=\"ti-star f\"><\/span><span class=\"ti-star f\"><\/span><\/span> <div class=\"ti-review-text-container ti-review-content\"><!-- R-CONTENT -->Tr\u00e8s bon accompagnement de la part de Globalong, du premier jour avec toutes mes interrogations, jusqu'au d\u00e9part dans quelques jours. Le dossier transmis apr\u00e8s validation de la mission est plus que complet, les webmaster tr\u00e8s int\u00e9ressantes et permettent de d\u00e9charger mentalement ce genre de pr\u00e9paration, tout est pr\u00e9vu il n'y a plus qu'\u00e0 suivre ! Merci \u00e0 Florence de r\u00e9pondre \u00e0 toutes mes questions avec gentillesse et bienveillance, cela m'a permis de passer le cap!\nMaintenant, il n'y a plus qu'\u00e0 \ud83d\ude00<!-- R-CONTENT --><\/div> <span class=\"ti-read-more\" data-container=\".ti-review-content\" data-collapse-text=\"Cacher\" data-open-text=\"Lire la suite\" ><\/span> <\/div> <\/div>  <div data-empty=\"0\" class=\"ti-review-item source-Google ti-image-layout-thumbnail\" data-id=\"cfcd208495d565ef66e7dff9f98764da\" > <div class=\"ti-inner\"> <div class=\"ti-review-header\"> <div class=\"ti-profile-img\"> <img decoding=\"async\" src=\"https:\/\/lh3.googleusercontent.com\/a\/ACg8ocJJTdmTWs8nAA0yuH_cKOUgzc6GFAkHBiXhpnnVYXaWMBZsHw=s120-c-rp-mo-br100\" srcset=\"https:\/\/lh3.googleusercontent.com\/a\/ACg8ocJJTdmTWs8nAA0yuH_cKOUgzc6GFAkHBiXhpnnVYXaWMBZsHw=s120-c-rp-mo-br100 2x\" alt=\"Marine Guilhamat\" loading=\"lazy\" \/> <\/div> <div class=\"ti-profile-details\"> <div class=\"ti-name\"> Marine Guilhamat <\/div> <div class=\"ti-date\">2024-10-09<\/div> <\/div> <\/div> <span class=\"ti-stars\"><span class=\"ti-star f\"><\/span><span class=\"ti-star f\"><\/span><span class=\"ti-star f\"><\/span><span class=\"ti-star f\"><\/span><span class=\"ti-star f\"><\/span><\/span> <div class=\"ti-review-text-container ti-review-content\"><!-- R-CONTENT -->Tr\u00e8s belle association qui offre un cadre super s\u00e9curisant et permet de s\u2019investir dans des projets qui ont du sens. Merci \u00e0 l\u2019\u00e9quipe Globalong pour votre disponibilit\u00e9, gentillesse et accompagnement !<!-- R-CONTENT --><\/div> <span class=\"ti-read-more\" data-container=\".ti-review-content\" data-collapse-text=\"Cacher\" data-open-text=\"Lire la suite\" ><\/span> <\/div> <\/div>  <div data-empty=\"0\" class=\"ti-review-item source-Google ti-image-layout-thumbnail\" data-id=\"cfcd208495d565ef66e7dff9f98764da\" > <div class=\"ti-inner\"> <div class=\"ti-review-header\"> <div class=\"ti-profile-img\"> <img decoding=\"async\" src=\"https:\/\/lh3.googleusercontent.com\/a\/ACg8ocIgITHXKo46qgJyPqlJeAcxz11gCKUJpGIk2qauiIe2O3iZ6w=s120-c-rp-mo-br100\" srcset=\"https:\/\/lh3.googleusercontent.com\/a\/ACg8ocIgITHXKo46qgJyPqlJeAcxz11gCKUJpGIk2qauiIe2O3iZ6w=s120-c-rp-mo-br100 2x\" alt=\"Laura Mercier\" loading=\"lazy\" \/> <\/div> <div class=\"ti-profile-details\"> <div class=\"ti-name\"> Laura Mercier <\/div> <div class=\"ti-date\">2024-10-08<\/div> <\/div> <\/div> <span class=\"ti-stars\"><span class=\"ti-star f\"><\/span><span class=\"ti-star f\"><\/span><span class=\"ti-star f\"><\/span><span class=\"ti-star f\"><\/span><span class=\"ti-star f\"><\/span><\/span> <div class=\"ti-review-text-container ti-review-content\"><!-- R-CONTENT -->Mon d\u00e9part approche, je pars dans une semaine, et depuis le d\u00e9but de mon inscription je suis tr\u00e8s satisfaite du suivi effectu\u00e9 par l\u2019association. Ils sont tr\u00e8s disponibles et r\u00e9pondent rapidement \u00e0 l\u2019ensemble des questions. Je suis tr\u00e8s contente de partir faire cette mission humanitaire encadr\u00e9e par cette association. Je recommande vraiment.<!-- R-CONTENT --><\/div> <span class=\"ti-read-more\" data-container=\".ti-review-content\" data-collapse-text=\"Cacher\" data-open-text=\"Lire la suite\" ><\/span> <\/div> <\/div>  <div data-empty=\"0\" class=\"ti-review-item source-Google ti-image-layout-thumbnail\" data-id=\"cfcd208495d565ef66e7dff9f98764da\" > <div class=\"ti-inner\"> <div class=\"ti-review-header\"> <div class=\"ti-profile-img\"> <img decoding=\"async\" src=\"https:\/\/lh3.googleusercontent.com\/a-\/ALV-UjVVr0YMQhXl8QNEEB32l-rnoaYwvRZUjIEX9OEwPE_1fQwzIyk=s120-c-rp-mo-br100\" srcset=\"https:\/\/lh3.googleusercontent.com\/a-\/ALV-UjVVr0YMQhXl8QNEEB32l-rnoaYwvRZUjIEX9OEwPE_1fQwzIyk=s120-c-rp-mo-br100 2x\" alt=\"Anouk Rzkt\" loading=\"lazy\" \/> <\/div> <div class=\"ti-profile-details\"> <div class=\"ti-name\"> Anouk Rzkt <\/div> <div class=\"ti-date\">2024-10-02<\/div> <\/div> <\/div> <span class=\"ti-stars\"><span class=\"ti-star f\"><\/span><span class=\"ti-star f\"><\/span><span class=\"ti-star f\"><\/span><span class=\"ti-star f\"><\/span><span class=\"ti-star f\"><\/span><\/span> <div class=\"ti-review-text-container ti-review-content\"><!-- R-CONTENT -->Globalong est l'association parfaite. L'\u00e9quipe offre un v\u00e9ritable accompagnement rythm\u00e9 par beaucoup de conseils et d'\u00e9coute. Le site est tr\u00e8s bien fait avec des dossiers complets allant des sujets tr\u00e8s pratiques a d'autres plus th\u00e9oriques (tels que le choc culturel par exemple). Je recommande vivement et remercie sinc\u00e8rement toute l'\u00e9quipe pour leur gentillesse et investissement !<!-- R-CONTENT --><\/div> <span class=\"ti-read-more\" data-container=\".ti-review-content\" data-collapse-text=\"Cacher\" data-open-text=\"Lire la suite\" ><\/span> <\/div> <\/div>  <\/div> <div class=\"ti-controls-line\"> <div class=\"dot\"><\/div> <\/div> <\/div> <div class=\"ti-footer\"> <div class=\"ti-rating-text\"> <span class=\"nowrap\">\u00c9valuation <strong>Google<\/strong> : <\/span><span class=\"nowrap\"><strong>4.8<\/strong> sur 5, <\/span><span class=\"nowrap\">Bas\u00e9e sur <strong>240 avis<\/strong><\/span> <\/div> <\/div>  <\/div> <\/div> \n<\/blockquote>\n<p class=\"\" style=\"text-align: justify;\" data-start=\"18358\" data-end=\"18495\">De viser, hvor st\u00e6rk en menneskelig oplevelse det kan v\u00e6re \u2013 og hvordan den kan s\u00e6tte sig positivt i ens psykiske balance.<\/p>\n<p data-start=\"18358\" data-end=\"18495\"><img loading=\"lazy\" decoding=\"async\" class=\"aligncenter wp-image-8510 size-medium\" src=\"https:\/\/www.vita-explorers.dk\/blog\/wp-content\/uploads\/2017\/12\/Inde-du-sud-GlobAlong-min-300x225.jpg\" alt=\"Internationalt frivilligt arbejde\" width=\"300\" height=\"225\" srcset=\"https:\/\/www.vita-explorers.dk\/blog\/wp-content\/uploads\/2017\/12\/Inde-du-sud-GlobAlong-min-300x225.jpg 300w, https:\/\/www.vita-explorers.dk\/blog\/wp-content\/uploads\/2017\/12\/Inde-du-sud-GlobAlong-min-768x576.jpg 768w, https:\/\/www.vita-explorers.dk\/blog\/wp-content\/uploads\/2017\/12\/Inde-du-sud-GlobAlong-min-150x113.jpg 150w, https:\/\/www.vita-explorers.dk\/blog\/wp-content\/uploads\/2017\/12\/Inde-du-sud-GlobAlong-min.jpg 960w\" sizes=\"(max-width: 300px) 100vw, 300px\" \/><\/p>\n<hr class=\"\" data-start=\"18497\" data-end=\"18500\" \/>\n<h2 class=\"\" data-start=\"18502\" data-end=\"18594\">6. Etisk og ansvarligt engagement: en n\u00f8gle til en god oplevelse<\/h2>\n<p class=\"\" style=\"text-align: justify;\" data-start=\"18596\" data-end=\"18838\">For at et internationalt frivilligophold reelt bliver godt \u2013 b\u00e5de for deltageren og for lokalsamfundet \u2013 er det afg\u00f8rende at v\u00e6lge et <strong data-start=\"18771\" data-end=\"18809\">etisk og ansvarligt<\/strong> set-up. Det handler blandt andet om:<\/p>\n<ul data-start=\"18839\" data-end=\"19277\">\n<li class=\"\" data-start=\"18839\" data-end=\"18921\">\n<p class=\"\" data-start=\"18841\" data-end=\"18921\">At respektere lokal kultur og undg\u00e5 at presse vestlige normer ned over andre.<\/p>\n<\/li>\n<li class=\"\" data-start=\"18922\" data-end=\"19026\">\n<p class=\"\" data-start=\"18924\" data-end=\"19026\">At sikre, at indsatsen tager udgangspunkt i reelle behov, som er defineret lokalt.<\/p>\n<\/li>\n<li class=\"\" data-start=\"19027\" data-end=\"19156\">\n<p class=\"\" data-start=\"19029\" data-end=\"19156\">At prioritere kontinuitet og videndeling frem for korte indsatser uden opf\u00f8lgning.<\/p>\n<\/li>\n<\/ul>\n<p class=\"\" style=\"text-align: justify;\" data-start=\"19279\" data-end=\"19603\">N\u00e5r man indg\u00e5r i et forl\u00f8b, der er respektfuldt og langsigtet, styrker det ofte f\u00f8lelsen af mening og stolthed. Samtidig minimerer man risikoen for den utilfredshed, som kan opst\u00e5, hvis et projekt er d\u00e5rligt tilrettelagt eller ikke tager h\u00f8jde for lokale realiteter.<\/p>\n<p data-start=\"19279\" data-end=\"19603\"><img loading=\"lazy\" decoding=\"async\" class=\"aligncenter wp-image-8506 size-medium\" src=\"https:\/\/www.vita-explorers.dk\/blog\/wp-content\/uploads\/2017\/12\/Humanitarian-volunteering-in-South-Africa-GlobAlong-min-300x200.jpg\" alt=\"Deltager p\u00e5 ophold i Sydafrika\" width=\"300\" height=\"200\" srcset=\"https:\/\/www.vita-explorers.dk\/blog\/wp-content\/uploads\/2017\/12\/Humanitarian-volunteering-in-South-Africa-GlobAlong-min-300x200.jpg 300w, https:\/\/www.vita-explorers.dk\/blog\/wp-content\/uploads\/2017\/12\/Humanitarian-volunteering-in-South-Africa-GlobAlong-min-150x100.jpg 150w, https:\/\/www.vita-explorers.dk\/blog\/wp-content\/uploads\/2017\/12\/Humanitarian-volunteering-in-South-Africa-GlobAlong-min.jpg 720w\" sizes=\"(max-width: 300px) 100vw, 300px\" \/><\/p>\n<hr class=\"\" data-start=\"19605\" data-end=\"19608\" \/>\n<h2 class=\"\" data-start=\"19610\" data-end=\"19683\">7. N\u00f8glerne til et godt og udviklende ophold<\/h2>\n<p class=\"\" style=\"text-align: justify;\" data-start=\"19685\" data-end=\"19814\">Her er en samlet oversigt over, hvad der ofte g\u00f8r internationalt frivilligt arbejde til et st\u00e6rkt l\u00f8ft for den mentale trivsel:<\/p>\n<ol data-start=\"19816\" data-end=\"20789\">\n<li class=\"\" data-start=\"19816\" data-end=\"19947\">\n<p class=\"\" style=\"text-align: justify;\" data-start=\"19819\" data-end=\"19947\"><strong data-start=\"19819\" data-end=\"19862\">V\u00e6lg et projekt, du virkelig br\u00e6nder for<\/strong> : N\u00e5r sagen giver mening for dig, kommer engagementet mere naturligt.<\/p>\n<\/li>\n<li class=\"\" data-start=\"19948\" data-end=\"20090\">\n<p class=\"\" style=\"text-align: justify;\" data-start=\"19951\" data-end=\"20090\"><strong data-start=\"19951\" data-end=\"19975\">Forbered dig i god tid<\/strong> : kultur, sprog, evt. mental st\u00f8tte samt praktiske og sundhedsm\u00e6ssige forhold.<\/p>\n<\/li>\n<li class=\"\" data-start=\"20091\" data-end=\"20196\">\n<p class=\"\" data-start=\"20094\" data-end=\"20196\"><strong data-start=\"20094\" data-end=\"20130\">V\u00e6r fleksibel og \u00e5ben<\/strong> : accepter usikkerhed og uforudsete situationer \u2013 og m\u00f8d det hele med ydmyghed.<\/p>\n<\/li>\n<li class=\"\" data-start=\"20197\" data-end=\"20327\">\n<p class=\"\" style=\"text-align: justify;\" data-start=\"20200\" data-end=\"20327\"><strong data-start=\"20200\" data-end=\"20235\">Hold fast i dit netv\u00e6rk<\/strong> : v\u00e6r i kontakt med familie, venner, andre deltagere og teamet omkring dig.<\/p>\n<\/li>\n<li class=\"\" data-start=\"20328\" data-end=\"20480\">\n<p class=\"\" style=\"text-align: justify;\" data-start=\"20331\" data-end=\"20480\"><strong data-start=\"20331\" data-end=\"20371\">V\u00e6lg et ansvarligt set-up<\/strong> : <a href=\"https:\/\/www.vita-explorers.dk\/apropos.html\" target=\"_blank\" rel=\"noopener\">unders\u00f8g organisationens omd\u00f8mme<\/a>, den konkrete indsats og det reelle aftryk i lokalsamfundet.<\/p>\n<\/li>\n<li class=\"\" data-start=\"20481\" data-end=\"20595\">\n<p class=\"\" style=\"text-align: justify;\" data-start=\"20484\" data-end=\"20595\"><strong data-start=\"20484\" data-end=\"20512\">F\u00f8r en dagbog<\/strong> : s\u00e5 du kan f\u00f8lge din f\u00f8lelsesm\u00e6ssige udvikling og f\u00e5 \u00f8je p\u00e5 dine fremskridt.<\/p>\n<\/li>\n<li class=\"\" data-start=\"20596\" data-end=\"20789\">\n<p class=\"\" style=\"text-align: justify;\" data-start=\"20599\" data-end=\"20789\"><strong data-start=\"20599\" data-end=\"20638\">Forbered hjemkomsten<\/strong> : skab rum for at dele, find m\u00e5der at forts\u00e6tte dit engagement p\u00e5 \u2013 og bevar kontakten til dem, du har m\u00f8dt.<\/p>\n<\/li>\n<\/ol>\n<p><img loading=\"lazy\" decoding=\"async\" class=\"aligncenter wp-image-798 size-medium\" src=\"https:\/\/www.vita-explorers.dk\/blog\/wp-content\/uploads\/2015\/11\/Perito-Moreno-Glacier-Wallpaper-300x225.png\" alt=\"\u00f8kologisk frivilligt arbejde i udlandet\" width=\"300\" height=\"225\" srcset=\"https:\/\/www.vita-explorers.dk\/blog\/wp-content\/uploads\/2015\/11\/Perito-Moreno-Glacier-Wallpaper-300x225.png 300w, https:\/\/www.vita-explorers.dk\/blog\/wp-content\/uploads\/2015\/11\/Perito-Moreno-Glacier-Wallpaper-1024x768.png 1024w, https:\/\/www.vita-explorers.dk\/blog\/wp-content\/uploads\/2015\/11\/Perito-Moreno-Glacier-Wallpaper-150x113.png 150w, https:\/\/www.vita-explorers.dk\/blog\/wp-content\/uploads\/2015\/11\/Perito-Moreno-Glacier-Wallpaper.png 1600w\" sizes=\"(max-width: 300px) 100vw, 300px\" \/><\/p>\n<p>\u00a0<\/p>\n<hr class=\"\" data-start=\"20791\" data-end=\"20794\" \/>\n<h2 class=\"\" data-start=\"20796\" data-end=\"20877\">8. Hvorfor VITA Institute kan v\u00e6re din st\u00f8tte til et godt internationalt forl\u00f8b<\/h2>\n<p class=\"\" style=\"text-align: justify;\" data-start=\"20879\" data-end=\"21079\">VITA Institute er specialiseret i internationale forl\u00f8b med frivilligt arbejde og tilbyder programmer, der kan tilpasses forskellige interesser og kompetencer. <strong>At v\u00e6lge VITA Institute betyder blandt andet:<\/strong><\/p>\n<ul data-start=\"21080\" data-end=\"21667\">\n<li class=\"\" data-start=\"21080\" data-end=\"21185\">\n<p class=\"\" style=\"text-align: justify;\" data-start=\"21082\" data-end=\"21185\"><strong data-start=\"21082\" data-end=\"21129\">Personlig vejledning<\/strong> i at finde et forl\u00f8b, der passer til dig.<\/p>\n<\/li>\n<li class=\"\" data-start=\"21186\" data-end=\"21364\">\n<p class=\"\" style=\"text-align: justify;\" data-start=\"21188\" data-end=\"21364\"><strong data-start=\"21188\" data-end=\"21231\">Fokus p\u00e5 kvalitet og etik<\/strong> i projekterne: VITA Institute arbejder for at sikre, at forl\u00f8bene er respektfulde over for mennesker og milj\u00f8 og giver mening i den lokale kontekst.<\/p>\n<\/li>\n<li class=\"\" data-start=\"21365\" data-end=\"21512\">\n<p class=\"\" style=\"text-align: justify;\" data-start=\"21367\" data-end=\"21512\"><strong data-start=\"21367\" data-end=\"21407\">Et team, der lytter<\/strong> : Hvis du f\u00e5r tvivl eller udfordringer undervejs, kan du f\u00e5 praktisk og menneskelig st\u00f8tte.<\/p>\n<\/li>\n<li class=\"\" data-start=\"21513\" data-end=\"21667\">\n<p class=\"\" style=\"text-align: justify;\" data-start=\"21515\" data-end=\"21667\"><strong data-start=\"21515\" data-end=\"21558\">Et f\u00e6llesskab af deltagere<\/strong> : Et sted, hvor man kan dele overvejelser, oplevelser og relationer, der ofte r\u00e6kker l\u00e6ngere end selve opholdet.<\/p>\n<\/li>\n<\/ul>\n<p class=\"\" style=\"text-align: justify;\" data-start=\"21669\" data-end=\"21896\">Med den helhedsorienterede st\u00f8tte \u00f8ger du chancen for et frivilligophold i udlandet, der f\u00f8les <strong data-start=\"21787\" data-end=\"21816\">trygt, positivt og udviklende<\/strong> \u2013 og hvor din mentale sundhed ikke bare bevares, men kan styrkes.<\/p>\n<p data-start=\"21669\" data-end=\"21896\"><img loading=\"lazy\" decoding=\"async\" class=\"aligncenter wp-image-16060 size-full\" src=\"https:\/\/www.vita-explorers.dk\/blog\/wp-content\/uploads\/2014\/11\/Logo-et-Afrique-Globalong-petite-taille.jpg\" alt=\"Deltager i en oplysningskampagne om LGBT+-rettigheder\" width=\"192\" height=\"132\" \/><\/p>\n<hr class=\"\" data-start=\"21898\" data-end=\"21901\" \/>\n<h2 class=\"\" data-start=\"21903\" data-end=\"21959\">9. Konklusion: en rejse ind i dig selv \u2013 og ud mod andre<\/h2>\n<p class=\"\" style=\"text-align: justify;\" data-start=\"21961\" data-end=\"22365\">Internationalt frivilligt arbejde er ikke kun at bidrage i et projekt; <strong>det kan ogs\u00e5 v\u00e6re en personlig rejse, hvor du l\u00e6rer dig selv bedre at kende gennem m\u00f8det med andre.<\/strong> Gevinsterne for mental sundhed kan v\u00e6re b\u00e5de mange og dybe: mere selvtillid, mindre stress, st\u00f8rre robusthed, mere \u00e5benhed og styrkede relationelle kompetencer.<\/p>\n<p class=\"\" style=\"text-align: justify;\" data-start=\"22367\" data-end=\"22821\">N\u00e5r du v\u00e6lger et ansvarligt projekt, forbereder dig grundigt og lytter til dine egne gr\u00e6nser og f\u00f8lelser undervejs, kan oplevelsen blive et af de <strong data-start=\"22557\" data-end=\"22579\">fineste valg<\/strong> du giver dig selv \u2013 og dem, du m\u00f8der. Hjemkomsten kan v\u00e6re udfordrende, ja, men for mange f\u00f8lger der ogs\u00e5 et mere nuanceret udsyn og en st\u00e6rkere forankring i egne v\u00e6rdier med tilbage.<\/p>\n<p class=\"\" style=\"text-align: justify;\" data-start=\"22823\" data-end=\"23080\">Klar til at tage afsted? VITA Institute giver adgang til en bred vifte af forl\u00f8b, hvor din nysgerrighed og dit engagement kan komme i spil. Se vores programmer og find det, der passer til dine interesser og din hverdag.<\/p>\n<hr class=\"\" data-start=\"23082\" data-end=\"23085\" \/>\n<h2 class=\"\" data-start=\"23087\" data-end=\"23183\">10. Call to action: Bliv en del af VITA Institute og oplev internationalt frivilligt arbejde<\/h2>\n<p class=\"\" style=\"text-align: justify;\" data-start=\"23185\" data-end=\"23689\">Vil du i gang med et internationalt frivilligforl\u00f8b, som b\u00e5de kan v\u00e6re meningsfuldt for dig og relevant for det sted, du kommer til? Bes\u00f8g <strong data-start=\"23374\" data-end=\"23416\"><a class=\"\" href=\"https:\/\/www.vita-explorers.dk\" target=\"_blank\" rel=\"noopener\" data-start=\"23376\" data-end=\"23414\">VITA Institute<\/a><\/strong> for at se vores programmer rundt omkring i verden. Vores team st\u00e5r klar til at hj\u00e6lpe dig med overblik, sparring om valg af forl\u00f8b og st\u00f8tte f\u00f8r, under og efter opholdet.<\/p>\n<p class=\"\" style=\"text-align: justify;\" data-start=\"23691\" data-end=\"23965\"><strong data-start=\"23691\" data-end=\"23735\">Lad ikke tvivlen stoppe dig.<\/strong> Internationalt frivilligt arbejde er muligt for mange \u2013 n\u00e5r det g\u00f8res med empati, nysgerrighed og ydmyghed. For mange bliver det ogs\u00e5 et springbr\u00e6t til bedre selvindsigt og mere mental balance.<\/p>\n<div style=\"width: 1920px;\" class=\"wp-video\"><!--[if lt IE 9]><script>document.createElement('video');<\/script><![endif]-->\n<video class=\"wp-video-shortcode\" id=\"video-20989-1\" width=\"1920\" height=\"1080\" preload=\"metadata\" controls=\"controls\"><source type=\"video\/mp4\" src=\"https:\/\/www.vita-explorers.dk\/blog\/wp-content\/uploads\/2024\/07\/My-Movie-1.mp4?_=1\" \/><a href=\"https:\/\/www.vita-explorers.dk\/blog\/wp-content\/uploads\/2024\/07\/My-Movie-1.mp4\">https:\/\/www.vita-explorers.dk\/blog\/wp-content\/uploads\/2024\/07\/My-Movie-1.mp4<\/a><\/video><\/div>\n<hr class=\"\" data-start=\"23967\" data-end=\"23970\" \/>\n<h3 class=\"\" data-start=\"23972\" data-end=\"24038\">Sidste r\u00e5d til et endnu mere givende frivilligophold<\/h3>\n<ul data-start=\"24040\" data-end=\"24847\">\n<li class=\"\" data-start=\"24040\" data-end=\"24214\">\n<p class=\"\" style=\"text-align: justify;\" data-start=\"24042\" data-end=\"24214\"><strong data-start=\"24042\" data-end=\"24078\">Pas p\u00e5 din krop<\/strong> : En sund krop g\u00f8r det lettere at holde et roligt hoved. Tilpas kost og s\u00f8vn til de lokale rammer.<\/p>\n<\/li>\n<li class=\"\" data-start=\"24215\" data-end=\"24341\">\n<p class=\"\" style=\"text-align: justify;\" data-start=\"24217\" data-end=\"24341\"><strong data-start=\"24217\" data-end=\"24259\">Tr\u00e6n din tilpasningsevne<\/strong> : Verden \u00e6ndrer sig hele tiden, og fleksibilitet er en styrke p\u00e5 mange omr\u00e5der.<\/p>\n<\/li>\n<li class=\"\" data-start=\"24342\" data-end=\"24484\">\n<p class=\"\" style=\"text-align: justify;\" data-start=\"24344\" data-end=\"24484\"><strong data-start=\"24344\" data-end=\"24373\">M\u00f8d mange mennesker<\/strong> : Hver relation kan give noget v\u00e6rdifuldt. Lyt til andres historier, og del dine egne.<\/p>\n<\/li>\n<li class=\"\" data-start=\"24485\" data-end=\"24670\">\n<p class=\"\" style=\"text-align: justify;\" data-start=\"24487\" data-end=\"24670\"><strong data-start=\"24487\" data-end=\"24512\">Bliv ved med at l\u00e6re<\/strong> : Brug opholdet til at forbedre et sprog, pr\u00f8ve nye h\u00e5ndv\u00e6rk eller l\u00e6re lokale praksisser at kende.<\/p>\n<\/li>\n<li class=\"\" data-start=\"24671\" data-end=\"24847\">\n<p class=\"\" style=\"text-align: justify;\" data-start=\"24673\" data-end=\"24847\"><strong data-start=\"24673\" data-end=\"24690\">V\u00e6r t\u00e5lmodig<\/strong> : Forandringer sker sj\u00e6ldent fra den ene dag til den anden \u2013 hverken for dig eller for lokalsamfundet. Tag skridtene i et roligt tempo, med vedholdenhed og respekt.<\/p>\n<\/li>\n<\/ul>\n<hr class=\"\" data-start=\"24849\" data-end=\"24852\" \/>\n<h2 class=\"\" data-start=\"24854\" data-end=\"24897\"><strong>11. Et engagement, der kan vare ved<\/strong><\/h2>\n<p class=\"\" style=\"text-align: justify;\" data-start=\"24899\" data-end=\"25155\">Internationalt frivilligt arbejde handler ikke kun om uger eller m\u00e5neder i udlandet. For mange bliver det et <strong data-start=\"25027\" data-end=\"25042\">f\u00f8rste skridt<\/strong> mod et bredere engagement i hverdagen. Mange forts\u00e6tter fx ved at:<\/p>\n<ul data-start=\"25156\" data-end=\"25454\">\n<li class=\"\" data-start=\"25156\" data-end=\"25229\">\n<p class=\"\" data-start=\"25158\" data-end=\"25229\">Starte eller st\u00f8tte lokale initiativer, n\u00e5r de kommer hjem.<\/p>\n<\/li>\n<li class=\"\" data-start=\"25230\" data-end=\"25328\">\n<p class=\"\" data-start=\"25232\" data-end=\"25328\">Skabe opm\u00e6rksomhed i deres netv\u00e6rk om den sag, der gjorde indtryk under opholdet.<\/p>\n<\/li>\n<li class=\"\" data-start=\"25329\" data-end=\"25454\">\n<p class=\"\" data-start=\"25331\" data-end=\"25454\">L\u00e6gge om til en mere ansvarlig livsstil (forbrug, transport osv.) inspireret af erfaringerne fra udlandet.<\/p>\n<\/li>\n<\/ul>\n<p class=\"\" style=\"text-align: justify;\" data-start=\"25456\" data-end=\"25671\">N\u00e5r engagementet f\u00e5r lov at leve videre, kan det ogs\u00e5 forankre gevinsterne for mental sundhed. Mange oplever, at de bliver mere <strong data-start=\"25565\" data-end=\"25575\">handlekraftige<\/strong>, mere bevidste om deres valg og mere i tr\u00e5d med deres v\u00e6rdier.<\/p>\n<p data-start=\"25456\" data-end=\"25671\"><img loading=\"lazy\" decoding=\"async\" class=\"aligncenter wp-image-20066 size-medium\" src=\"https:\/\/www.vita-explorers.dk\/blog\/wp-content\/uploads\/2025\/01\/elderly-care1-min-5f69bb4146908-300x195.jpeg\" alt=\"R\u00e5d om internationalt frivilligt arbejde\" width=\"300\" height=\"195\" srcset=\"https:\/\/www.vita-explorers.dk\/blog\/wp-content\/uploads\/2025\/01\/elderly-care1-min-5f69bb4146908-300x195.jpeg 300w, https:\/\/www.vita-explorers.dk\/blog\/wp-content\/uploads\/2025\/01\/elderly-care1-min-5f69bb4146908.jpeg 370w\" sizes=\"(max-width: 300px) 100vw, 300px\" \/><\/p>\n<hr class=\"\" data-start=\"25673\" data-end=\"25676\" \/>\n<h2 class=\"\" data-start=\"25678\" data-end=\"25715\">12. Tag n\u00e6ste skridt nu<\/h2>\n<p class=\"\" style=\"text-align: justify;\" data-start=\"25717\" data-end=\"26051\">Hvis du m\u00e6rker lysten til at handle, opleve verden og bringe dine kompetencer i spil for en sag, du g\u00e5r op i, s\u00e5 vent ikke for l\u00e6nge. Internationalt frivilligt arbejde kan v\u00e6re en vej til b\u00e5de personlig og f\u00e6lles udvikling \u2013 med klare gevinster, ogs\u00e5 for den mentale sundhed.<\/p>\n<p class=\"\" style=\"text-align: justify;\" data-start=\"26053\" data-end=\"26382\">At blive en del af VITA Institute betyder at v\u00e6lge et ophold, der er jordn\u00e6rt, ansvarligt og menneskeligt. Det handler om at vokse, l\u00e6re og dele \u2013 samtidig med at man passer p\u00e5 sig selv og andre. For mange er det netop det, der g\u00f8r oplevelsen s\u00e5 v\u00e6rdifuld.<\/p>\n<p data-start=\"26053\" data-end=\"26382\"><img loading=\"lazy\" decoding=\"async\" class=\"aligncenter wp-image-19737 size-medium\" src=\"https:\/\/www.vita-explorers.dk\/blog\/wp-content\/uploads\/2024\/12\/108005839_1357931744402093_9188697762123803237_n-300x225.jpg\" alt=\"Turisme og internationalt frivilligt arbejde\" width=\"300\" height=\"225\" srcset=\"https:\/\/www.vita-explorers.dk\/blog\/wp-content\/uploads\/2024\/12\/108005839_1357931744402093_9188697762123803237_n-300x225.jpg 300w, https:\/\/www.vita-explorers.dk\/blog\/wp-content\/uploads\/2024\/12\/108005839_1357931744402093_9188697762123803237_n-768x576.jpg 768w, https:\/\/www.vita-explorers.dk\/blog\/wp-content\/uploads\/2024\/12\/108005839_1357931744402093_9188697762123803237_n.jpg 960w\" sizes=\"(max-width: 300px) 100vw, 300px\" \/><\/p>\n<hr class=\"\" data-start=\"26384\" data-end=\"26387\" \/>\n<h2 data-start=\"26389\" data-end=\"26408\"><strong>Afsluttende konklusion<\/strong><\/h2>\n<p class=\"\" style=\"text-align: justify;\" data-start=\"26410\" data-end=\"26889\"><strong data-start=\"26413\" data-end=\"26442\">Internationalt frivilligt arbejde<\/strong> er mere end en rejse eller et kort engagement: Det kan v\u00e6re en <strong data-start=\"26527\" data-end=\"26569\">personlig forandringsproces<\/strong>, hvor man udvikler selvv\u00e6rd, robusthed, evnen til at h\u00e5ndtere stress og en st\u00f8rre \u00e5benhed mod verden. Effekten p\u00e5 den <strong data-start=\"26711\" data-end=\"26728\">mentale sundhed<\/strong> kan v\u00e6re b\u00e5de dyb og langvarig \u2013 s\u00e6rligt n\u00e5r man forbereder sig godt, v\u00e6lger et ansvarligt forl\u00f8b og passer p\u00e5 sig selv undervejs.<\/p>\n<p class=\"\" style=\"text-align: justify;\" data-start=\"26891\" data-end=\"27306\">At tage afsted med VITA Institute betyder, at du f\u00e5r st\u00f8tte undervejs, adgang til et f\u00e6llesskab og en ramme, der prioriterer mening og respekt i m\u00f8det med lokalsamfund. Oplevelsen kan give dig mere ro og retning, som du kan tage med dig langt ud over selve opholdet.<\/p>\n<p class=\"\" style=\"text-align: justify;\" data-start=\"27308\" data-end=\"27573\">Er du klar til at g\u00f8re noget, der kan flytte b\u00e5de dig selv og din hverdag? Se de internationale forl\u00f8b hos VITA Institute og giv dig selv muligheden for en oplevelse, der s\u00e6tter sig i b\u00e5de krop og sind.<\/p>\n<p class=\"\" style=\"text-align: justify;\" data-start=\"27575\" data-end=\"27726\"><strong data-start=\"27575\" data-end=\"27624\">Din mentale trivsel fortjener at blive prioriteret.<\/strong> M\u00e5ske er internationalt frivilligt arbejde dit n\u00e6ste skridt.<\/p>\n<p class=\"p4\"><b>Hvis du vil h\u00f8re mere, er du velkommen til at kontakte os p\u00e5 <\/b><a href=\"mailto:info@globalong.com\"><span class=\"s2\"><b>info@globalong.com<\/b><\/span><\/a><\/p>\n<p class=\"p4\" style=\"text-align: center;\"><b>Vil du f\u00f8lge mere med i VITA Institute og vores community, s\u00e5 find os p\u00e5 <\/b><a href=\"https:\/\/www.instagram.com\/globalongofficiel\/\" target=\"_blank\" rel=\"noopener\"><span class=\"s2\"><b>Instagram<\/b><\/span><\/a><b>, <\/b><a href=\"https:\/\/www.facebook.com\/globalong\" target=\"_blank\" rel=\"noopener\"><span class=\"s2\"><b>Facebook<\/b><\/span><\/a><b>, <\/b><a href=\"https:\/\/www.linkedin.com\/company\/5113177\/admin\/feed\/posts\/\" target=\"_blank\" rel=\"noopener\"><span class=\"s2\"><b>LinkedIn<\/b><\/span><\/a><b> og <\/b><a href=\"https:\/\/www.youtube.com\/c\/globalong\/videos\" target=\"_blank\" rel=\"noopener\"><span class=\"s2\"><b>Youtube<\/b><\/span><\/a><b>! <\/b><\/p>\n","protected":false},"excerpt":{"rendered":"<p>Internationalt frivilligt arbejde og mental sundhed: Gevinsterne ved en oplevelse, der kan s\u00e6tte varige spor Internationalt frivilligt arbejde er et forl\u00f8b, der tiltr\u00e6kker flere\u2026<\/p>\n","protected":false},"author":7,"featured_media":19375,"comment_status":"open","ping_status":"open","sticky":false,"template":"","format":"standard","meta":{"footnotes":""},"categories":[6,4],"tags":[],"yoast_head":"<!-- This site is optimized with the Yoast SEO Premium plugin v23.4 (Yoast SEO v23.4) - https:\/\/yoast.com\/wordpress\/plugins\/seo\/ -->\n<title>Internationalt frivilligt arbejde og mental sundhed: hvorfor engagere sig? - VITA Explorers Blog<\/title>\n<meta name=\"description\" content=\"D\u00e9couvrez comment le volontariat international et la sant\u00e9 mentale peuvent transformer votre bien-\u00eatre et renforcer l&#039;estime de soi.\" \/>\n<meta name=\"robots\" content=\"index, follow, max-snippet:-1, max-image-preview:large, max-video-preview:-1\" \/>\n<link rel=\"canonical\" href=\"https:\/\/www.vita-explorers.dk\/blog\/de-mentale-fordele-ved-internationalt-frivilligt-arbejde\/\" \/>\n<meta property=\"og:locale\" content=\"da_DK\" \/>\n<meta property=\"og:type\" content=\"article\" \/>\n<meta property=\"og:title\" content=\"Fordelene ved internationalt frivilligt arbejde for mental sundhed\" \/>\n<meta property=\"og:description\" content=\"D\u00e9couvrez comment le volontariat international et la sant\u00e9 mentale peuvent transformer votre bien-\u00eatre et renforcer l&#039;estime de soi.\" \/>\n<meta property=\"og:url\" content=\"https:\/\/www.vita-explorers.dk\/blog\/de-mentale-fordele-ved-internationalt-frivilligt-arbejde\/\" \/>\n<meta property=\"og:site_name\" content=\"VITA Explorers Blog\" \/>\n<meta property=\"article:publisher\" content=\"https:\/\/www.facebook.com\/globalong\" \/>\n<meta property=\"article:published_time\" content=\"2025-03-29T15:19:32+00:00\" \/>\n<meta property=\"og:image\" content=\"https:\/\/www.vita-explorers.dk\/blog\/wp-content\/uploads\/2024\/11\/20054119329_d511e97df9.jpg\" \/>\n\t<meta property=\"og:image:width\" content=\"500\" \/>\n\t<meta property=\"og:image:height\" content=\"281\" \/>\n\t<meta property=\"og:image:type\" content=\"image\/jpeg\" \/>\n<meta name=\"author\" content=\"VITA Tribe\" \/>\n<meta name=\"twitter:card\" content=\"summary_large_image\" \/>\n<meta name=\"twitter:label1\" content=\"Skrevet af\" \/>\n\t<meta name=\"twitter:data1\" content=\"VITA Tribe\" \/>\n\t<meta name=\"twitter:label2\" content=\"Estimeret l\u00e6setid\" \/>\n\t<meta name=\"twitter:data2\" content=\"21 minutter\" \/>\n<script type=\"application\/ld+json\" class=\"yoast-schema-graph\">{\"@context\":\"https:\/\/schema.org\",\"@graph\":[{\"@type\":\"Article\",\"@id\":\"https:\/\/www.vita-explorers.dk\/blog\/de-mentale-fordele-ved-internationalt-frivilligt-arbejde\/#article\",\"isPartOf\":{\"@id\":\"https:\/\/www.vita-explorers.dk\/blog\/de-mentale-fordele-ved-internationalt-frivilligt-arbejde\/\"},\"author\":{\"name\":\"VITA Tribe\",\"@id\":\"https:\/\/www.vita-explorers.dk\/blog\/#\/schema\/person\/fc0343a2f2db2ebb2793c1f62dbe73f0\"},\"headline\":\"Fordelene ved internationalt frivilligt arbejde for mental sundhed\",\"datePublished\":\"2025-03-29T15:19:32+00:00\",\"dateModified\":\"2025-03-29T15:19:32+00:00\",\"mainEntityOfPage\":{\"@id\":\"https:\/\/www.vita-explorers.dk\/blog\/de-mentale-fordele-ved-internationalt-frivilligt-arbejde\/\"},\"wordCount\":3644,\"commentCount\":0,\"publisher\":{\"@id\":\"https:\/\/www.vita-explorers.dk\/blog\/#organization\"},\"image\":{\"@id\":\"https:\/\/www.vita-explorers.dk\/blog\/de-mentale-fordele-ved-internationalt-frivilligt-arbejde\/#primaryimage\"},\"thumbnailUrl\":\"https:\/\/www.vita-explorers.dk\/blog\/wp-content\/uploads\/2024\/11\/20054119329_d511e97df9.jpg\",\"articleSection\":[\"Nyheder\",\"VITA Explorers\"],\"inLanguage\":\"da-DK\",\"potentialAction\":[{\"@type\":\"CommentAction\",\"name\":\"Comment\",\"target\":[\"https:\/\/www.vita-explorers.dk\/blog\/de-mentale-fordele-ved-internationalt-frivilligt-arbejde\/#respond\"]}]},{\"@type\":\"WebPage\",\"@id\":\"https:\/\/www.vita-explorers.dk\/blog\/de-mentale-fordele-ved-internationalt-frivilligt-arbejde\/\",\"url\":\"https:\/\/www.vita-explorers.dk\/blog\/de-mentale-fordele-ved-internationalt-frivilligt-arbejde\/\",\"name\":\"Internationalt frivilligt arbejde og mental sundhed: hvorfor engagere sig? - VITA Explorers Blog\",\"isPartOf\":{\"@id\":\"https:\/\/www.vita-explorers.dk\/blog\/#website\"},\"primaryImageOfPage\":{\"@id\":\"https:\/\/www.vita-explorers.dk\/blog\/de-mentale-fordele-ved-internationalt-frivilligt-arbejde\/#primaryimage\"},\"image\":{\"@id\":\"https:\/\/www.vita-explorers.dk\/blog\/de-mentale-fordele-ved-internationalt-frivilligt-arbejde\/#primaryimage\"},\"thumbnailUrl\":\"https:\/\/www.vita-explorers.dk\/blog\/wp-content\/uploads\/2024\/11\/20054119329_d511e97df9.jpg\",\"datePublished\":\"2025-03-29T15:19:32+00:00\",\"dateModified\":\"2025-03-29T15:19:32+00:00\",\"description\":\"D\u00e9couvrez comment le volontariat international et la sant\u00e9 mentale peuvent transformer votre bien-\u00eatre et renforcer l'estime de soi.\",\"breadcrumb\":{\"@id\":\"https:\/\/www.vita-explorers.dk\/blog\/de-mentale-fordele-ved-internationalt-frivilligt-arbejde\/#breadcrumb\"},\"inLanguage\":\"da-DK\",\"potentialAction\":[{\"@type\":\"ReadAction\",\"target\":[\"https:\/\/www.vita-explorers.dk\/blog\/de-mentale-fordele-ved-internationalt-frivilligt-arbejde\/\"]}]},{\"@type\":\"ImageObject\",\"inLanguage\":\"da-DK\",\"@id\":\"https:\/\/www.vita-explorers.dk\/blog\/de-mentale-fordele-ved-internationalt-frivilligt-arbejde\/#primaryimage\",\"url\":\"https:\/\/www.vita-explorers.dk\/blog\/wp-content\/uploads\/2024\/11\/20054119329_d511e97df9.jpg\",\"contentUrl\":\"https:\/\/www.vita-explorers.dk\/blog\/wp-content\/uploads\/2024\/11\/20054119329_d511e97df9.jpg\",\"width\":500,\"height\":281,\"caption\":\"Mission solidaire \u00e0 l'\u00e9tranger\"},{\"@type\":\"BreadcrumbList\",\"@id\":\"https:\/\/www.vita-explorers.dk\/blog\/de-mentale-fordele-ved-internationalt-frivilligt-arbejde\/#breadcrumb\",\"itemListElement\":[{\"@type\":\"ListItem\",\"position\":1,\"name\":\"Accueil\",\"item\":\"https:\/\/www.vita-explorers.dk\/blog\/\"},{\"@type\":\"ListItem\",\"position\":2,\"name\":\"Fordelene ved internationalt frivilligt arbejde for mental sundhed\"}]},{\"@type\":\"WebSite\",\"@id\":\"https:\/\/www.vita-explorers.dk\/blog\/#website\",\"url\":\"https:\/\/www.vita-explorers.dk\/blog\/\",\"name\":\"Association Globalong\",\"description\":\"Frivilligt arbejde, sprogophold, praktik i udlandet og internationale oplevelser\",\"publisher\":{\"@id\":\"https:\/\/www.vita-explorers.dk\/blog\/#organization\"},\"potentialAction\":[{\"@type\":\"SearchAction\",\"target\":{\"@type\":\"EntryPoint\",\"urlTemplate\":\"https:\/\/www.vita-explorers.dk\/blog\/?s={search_term_string}\"},\"query-input\":{\"@type\":\"PropertyValueSpecification\",\"valueRequired\":true,\"valueName\":\"search_term_string\"}}],\"inLanguage\":\"da-DK\"},{\"@type\":\"Organization\",\"@id\":\"https:\/\/www.vita-explorers.dk\/blog\/#organization\",\"name\":\"Association Globalong\",\"url\":\"https:\/\/www.vita-explorers.dk\/blog\/\",\"logo\":{\"@type\":\"ImageObject\",\"inLanguage\":\"da-DK\",\"@id\":\"https:\/\/www.vita-explorers.dk\/blog\/#\/schema\/logo\/image\/\",\"url\":\"https:\/\/www.globalong.com\/blog\/wp-content\/uploads\/2014\/11\/cropped-cropped-Logo-et-Afrique-Globalong-petite-taille-2.jpg\",\"contentUrl\":\"https:\/\/www.globalong.com\/blog\/wp-content\/uploads\/2014\/11\/cropped-cropped-Logo-et-Afrique-Globalong-petite-taille-2.jpg\",\"width\":512,\"height\":512,\"caption\":\"Association Globalong\"},\"image\":{\"@id\":\"https:\/\/www.vita-explorers.dk\/blog\/#\/schema\/logo\/image\/\"},\"sameAs\":[\"https:\/\/www.facebook.com\/globalong\"]},{\"@type\":\"Person\",\"@id\":\"https:\/\/www.vita-explorers.dk\/blog\/#\/schema\/person\/fc0343a2f2db2ebb2793c1f62dbe73f0\",\"name\":\"VITA Tribe\",\"image\":{\"@type\":\"ImageObject\",\"inLanguage\":\"da-DK\",\"@id\":\"https:\/\/www.vita-explorers.dk\/blog\/#\/schema\/person\/image\/\",\"url\":\"https:\/\/secure.gravatar.com\/avatar\/f7f05026bb439d0c96b30e135e5f852c?s=96&d=mm&r=g\",\"contentUrl\":\"https:\/\/secure.gravatar.com\/avatar\/f7f05026bb439d0c96b30e135e5f852c?s=96&d=mm&r=g\",\"caption\":\"VITA Tribe\"},\"sameAs\":[\"http:\/\/www.globalong.com\"],\"url\":\"https:\/\/www.vita-explorers.dk\/blog\/author\/teamglobalong\/\"}]}<\/script>\n<!-- \/ Yoast SEO Premium plugin. -->","yoast_head_json":{"title":"Internationalt frivilligt arbejde og mental sundhed: hvorfor engagere sig? - VITA Explorers Blog","description":"D\u00e9couvrez comment le volontariat international et la sant\u00e9 mentale peuvent transformer votre bien-\u00eatre et renforcer l'estime de soi.","robots":{"index":"index","follow":"follow","max-snippet":"max-snippet:-1","max-image-preview":"max-image-preview:large","max-video-preview":"max-video-preview:-1"},"canonical":"https:\/\/www.vita-explorers.dk\/blog\/de-mentale-fordele-ved-internationalt-frivilligt-arbejde\/","og_locale":"da_DK","og_type":"article","og_title":"Fordelene ved internationalt frivilligt arbejde for mental sundhed","og_description":"D\u00e9couvrez comment le volontariat international et la sant\u00e9 mentale peuvent transformer votre bien-\u00eatre et renforcer l'estime de soi.","og_url":"https:\/\/www.vita-explorers.dk\/blog\/de-mentale-fordele-ved-internationalt-frivilligt-arbejde\/","og_site_name":"VITA Explorers Blog","article_publisher":"https:\/\/www.facebook.com\/globalong","article_published_time":"2025-03-29T15:19:32+00:00","og_image":[{"width":500,"height":281,"url":"https:\/\/www.vita-explorers.dk\/blog\/wp-content\/uploads\/2024\/11\/20054119329_d511e97df9.jpg","type":"image\/jpeg"}],"author":"VITA Tribe","twitter_card":"summary_large_image","twitter_misc":{"Skrevet af":"VITA Tribe","Estimeret l\u00e6setid":"21 minutter"},"schema":{"@context":"https:\/\/schema.org","@graph":[{"@type":"Article","@id":"https:\/\/www.vita-explorers.dk\/blog\/de-mentale-fordele-ved-internationalt-frivilligt-arbejde\/#article","isPartOf":{"@id":"https:\/\/www.vita-explorers.dk\/blog\/de-mentale-fordele-ved-internationalt-frivilligt-arbejde\/"},"author":{"name":"VITA Tribe","@id":"https:\/\/www.vita-explorers.dk\/blog\/#\/schema\/person\/fc0343a2f2db2ebb2793c1f62dbe73f0"},"headline":"Fordelene ved internationalt frivilligt arbejde for mental sundhed","datePublished":"2025-03-29T15:19:32+00:00","dateModified":"2025-03-29T15:19:32+00:00","mainEntityOfPage":{"@id":"https:\/\/www.vita-explorers.dk\/blog\/de-mentale-fordele-ved-internationalt-frivilligt-arbejde\/"},"wordCount":3644,"commentCount":0,"publisher":{"@id":"https:\/\/www.vita-explorers.dk\/blog\/#organization"},"image":{"@id":"https:\/\/www.vita-explorers.dk\/blog\/de-mentale-fordele-ved-internationalt-frivilligt-arbejde\/#primaryimage"},"thumbnailUrl":"https:\/\/www.vita-explorers.dk\/blog\/wp-content\/uploads\/2024\/11\/20054119329_d511e97df9.jpg","articleSection":["Nyheder","VITA Explorers"],"inLanguage":"da-DK","potentialAction":[{"@type":"CommentAction","name":"Comment","target":["https:\/\/www.vita-explorers.dk\/blog\/de-mentale-fordele-ved-internationalt-frivilligt-arbejde\/#respond"]}]},{"@type":"WebPage","@id":"https:\/\/www.vita-explorers.dk\/blog\/de-mentale-fordele-ved-internationalt-frivilligt-arbejde\/","url":"https:\/\/www.vita-explorers.dk\/blog\/de-mentale-fordele-ved-internationalt-frivilligt-arbejde\/","name":"Internationalt frivilligt arbejde og mental sundhed: hvorfor engagere sig? - VITA Explorers Blog","isPartOf":{"@id":"https:\/\/www.vita-explorers.dk\/blog\/#website"},"primaryImageOfPage":{"@id":"https:\/\/www.vita-explorers.dk\/blog\/de-mentale-fordele-ved-internationalt-frivilligt-arbejde\/#primaryimage"},"image":{"@id":"https:\/\/www.vita-explorers.dk\/blog\/de-mentale-fordele-ved-internationalt-frivilligt-arbejde\/#primaryimage"},"thumbnailUrl":"https:\/\/www.vita-explorers.dk\/blog\/wp-content\/uploads\/2024\/11\/20054119329_d511e97df9.jpg","datePublished":"2025-03-29T15:19:32+00:00","dateModified":"2025-03-29T15:19:32+00:00","description":"D\u00e9couvrez comment le volontariat international et la sant\u00e9 mentale peuvent transformer votre bien-\u00eatre et renforcer l'estime de soi.","breadcrumb":{"@id":"https:\/\/www.vita-explorers.dk\/blog\/de-mentale-fordele-ved-internationalt-frivilligt-arbejde\/#breadcrumb"},"inLanguage":"da-DK","potentialAction":[{"@type":"ReadAction","target":["https:\/\/www.vita-explorers.dk\/blog\/de-mentale-fordele-ved-internationalt-frivilligt-arbejde\/"]}]},{"@type":"ImageObject","inLanguage":"da-DK","@id":"https:\/\/www.vita-explorers.dk\/blog\/de-mentale-fordele-ved-internationalt-frivilligt-arbejde\/#primaryimage","url":"https:\/\/www.vita-explorers.dk\/blog\/wp-content\/uploads\/2024\/11\/20054119329_d511e97df9.jpg","contentUrl":"https:\/\/www.vita-explorers.dk\/blog\/wp-content\/uploads\/2024\/11\/20054119329_d511e97df9.jpg","width":500,"height":281,"caption":"Mission solidaire \u00e0 l'\u00e9tranger"},{"@type":"BreadcrumbList","@id":"https:\/\/www.vita-explorers.dk\/blog\/de-mentale-fordele-ved-internationalt-frivilligt-arbejde\/#breadcrumb","itemListElement":[{"@type":"ListItem","position":1,"name":"Accueil","item":"https:\/\/www.vita-explorers.dk\/blog\/"},{"@type":"ListItem","position":2,"name":"Fordelene ved internationalt frivilligt arbejde for mental sundhed"}]},{"@type":"WebSite","@id":"https:\/\/www.vita-explorers.dk\/blog\/#website","url":"https:\/\/www.vita-explorers.dk\/blog\/","name":"Association Globalong","description":"Frivilligt arbejde, sprogophold, praktik i udlandet og internationale oplevelser","publisher":{"@id":"https:\/\/www.vita-explorers.dk\/blog\/#organization"},"potentialAction":[{"@type":"SearchAction","target":{"@type":"EntryPoint","urlTemplate":"https:\/\/www.vita-explorers.dk\/blog\/?s={search_term_string}"},"query-input":{"@type":"PropertyValueSpecification","valueRequired":true,"valueName":"search_term_string"}}],"inLanguage":"da-DK"},{"@type":"Organization","@id":"https:\/\/www.vita-explorers.dk\/blog\/#organization","name":"Association Globalong","url":"https:\/\/www.vita-explorers.dk\/blog\/","logo":{"@type":"ImageObject","inLanguage":"da-DK","@id":"https:\/\/www.vita-explorers.dk\/blog\/#\/schema\/logo\/image\/","url":"https:\/\/www.globalong.com\/blog\/wp-content\/uploads\/2014\/11\/cropped-cropped-Logo-et-Afrique-Globalong-petite-taille-2.jpg","contentUrl":"https:\/\/www.globalong.com\/blog\/wp-content\/uploads\/2014\/11\/cropped-cropped-Logo-et-Afrique-Globalong-petite-taille-2.jpg","width":512,"height":512,"caption":"Association Globalong"},"image":{"@id":"https:\/\/www.vita-explorers.dk\/blog\/#\/schema\/logo\/image\/"},"sameAs":["https:\/\/www.facebook.com\/globalong"]},{"@type":"Person","@id":"https:\/\/www.vita-explorers.dk\/blog\/#\/schema\/person\/fc0343a2f2db2ebb2793c1f62dbe73f0","name":"VITA Tribe","image":{"@type":"ImageObject","inLanguage":"da-DK","@id":"https:\/\/www.vita-explorers.dk\/blog\/#\/schema\/person\/image\/","url":"https:\/\/secure.gravatar.com\/avatar\/f7f05026bb439d0c96b30e135e5f852c?s=96&d=mm&r=g","contentUrl":"https:\/\/secure.gravatar.com\/avatar\/f7f05026bb439d0c96b30e135e5f852c?s=96&d=mm&r=g","caption":"VITA Tribe"},"sameAs":["http:\/\/www.globalong.com"],"url":"https:\/\/www.vita-explorers.dk\/blog\/author\/teamglobalong\/"}]}},"_links":{"self":[{"href":"https:\/\/www.vita-explorers.dk\/blog\/wp-json\/wp\/v2\/posts\/20989"}],"collection":[{"href":"https:\/\/www.vita-explorers.dk\/blog\/wp-json\/wp\/v2\/posts"}],"about":[{"href":"https:\/\/www.vita-explorers.dk\/blog\/wp-json\/wp\/v2\/types\/post"}],"author":[{"embeddable":true,"href":"https:\/\/www.vita-explorers.dk\/blog\/wp-json\/wp\/v2\/users\/7"}],"replies":[{"embeddable":true,"href":"https:\/\/www.vita-explorers.dk\/blog\/wp-json\/wp\/v2\/comments?post=20989"}],"version-history":[{"count":2,"href":"https:\/\/www.vita-explorers.dk\/blog\/wp-json\/wp\/v2\/posts\/20989\/revisions"}],"predecessor-version":[{"id":21108,"href":"https:\/\/www.vita-explorers.dk\/blog\/wp-json\/wp\/v2\/posts\/20989\/revisions\/21108"}],"wp:featuredmedia":[{"embeddable":true,"href":"https:\/\/www.vita-explorers.dk\/blog\/wp-json\/wp\/v2\/media\/19375"}],"wp:attachment":[{"href":"https:\/\/www.vita-explorers.dk\/blog\/wp-json\/wp\/v2\/media?parent=20989"}],"wp:term":[{"taxonomy":"category","embeddable":true,"href":"https:\/\/www.vita-explorers.dk\/blog\/wp-json\/wp\/v2\/categories?post=20989"},{"taxonomy":"post_tag","embeddable":true,"href":"https:\/\/www.vita-explorers.dk\/blog\/wp-json\/wp\/v2\/tags?post=20989"}],"curies":[{"name":"wp","href":"https:\/\/api.w.org\/{rel}","templated":true}]}}