{"id":20991,"date":"2025-03-30T06:39:12","date_gmt":"2025-03-30T04:39:12","guid":{"rendered":"https:\/\/www.globalong.com\/blog\/?p=20991"},"modified":"2025-04-22T05:55:42","modified_gmt":"2025-04-22T03:55:42","slug":"internationalt-frivilligt-arbejde-solidarisk-sabaar","status":"publish","type":"post","link":"https:\/\/www.vita-explorers.dk\/blog\/internationalt-frivilligt-arbejde-solidarisk-sabaar\/","title":{"rendered":"Internationalt frivilligt arbejde p\u00e5 dit sabbat\u00e5r"},"content":{"rendered":"<p><iframe loading=\"lazy\" title=\"Projet de protection des tortues au Nicaragua avec l&#039;association Globalong\" width=\"500\" height=\"281\" src=\"https:\/\/www.youtube.com\/embed\/dHYl8HLVY4o?feature=oembed\" frameborder=\"0\" allow=\"accelerometer; autoplay; clipboard-write; encrypted-media; gyroscope; picture-in-picture; web-share\" referrerpolicy=\"strict-origin-when-cross-origin\" allowfullscreen><\/iframe><\/p>\n<p>\u00a0<\/p>\n<article><!-- Titre principal avec la requ\u00eate cible en H1 --><\/p>\n<h1 id=\"volontariat-international-annee-de-cesure-solidaire\">Internationalt frivilligt arbejde i et ansvarligt sabbat\u00e5r<\/h1>\n<p><!-- Introduction --><\/p>\n<p style=\"text-align: justify;\">Overvejer du at tage afsted p\u00e5 <strong>internationalt frivilligt arbejde i et ansvarligt sabbat\u00e5r<\/strong> for at give mere mening til din studie- eller karrierevej?<br \/>\nEt ansvarligt ophold i udlandet er en god mulighed for at komme t\u00e6t p\u00e5 en anden kultur, bidrage til lokalt forankrede indsatser og udvikle nye kompetencer. I denne artikel guider vi dig trin for trin, s\u00e5 du kan planl\u00e6gge dit <em>internationale forl\u00f8b i et ansvarligt sabbat\u00e5r<\/em> og f\u00e5 en oplevelse, du tager med dig videre.<\/p>\n<p><!-- Sommaire cliquable --><\/p>\n<nav>\n<h2>Indhold: <strong>internationalt frivilligt arbejde i et ansvarligt sabbat\u00e5r<\/strong><\/h2>\n<ul>\n<li><a href=\"#section1\">1. Hvorfor v\u00e6lge internationalt frivilligt arbejde i et ansvarligt sabbat\u00e5r?<\/a><\/li>\n<li><a href=\"#section2\">2. S\u00e5dan forbereder du dit internationale sabbat\u00e5r<\/a><\/li>\n<li><a href=\"#section3\">3. P\u00e5 stedet: f\u00e5 mest muligt ud af dit ophold<\/a><\/li>\n<li><a href=\"#section4\">4. N\u00e5r du kommer hjem: s\u00e6t din pause i spil<\/a><\/li>\n<li><a href=\"#faq\">FAQ<\/a><\/li>\n<\/ul>\n<p><img loading=\"lazy\" decoding=\"async\" class=\"aligncenter wp-image-19979 size-medium\" src=\"https:\/\/www.vita-explorers.dk\/blog\/wp-content\/uploads\/2025\/01\/48427210_1116325425202444_3305267167255068672_n-300x200.jpg\" alt=\"Internationalt frivilligt arbejde i et ansvarligt sabbat\u00e5r\" width=\"300\" height=\"200\" srcset=\"https:\/\/www.vita-explorers.dk\/blog\/wp-content\/uploads\/2025\/01\/48427210_1116325425202444_3305267167255068672_n-300x200.jpg 300w, https:\/\/www.vita-explorers.dk\/blog\/wp-content\/uploads\/2025\/01\/48427210_1116325425202444_3305267167255068672_n-768x511.jpg 768w, https:\/\/www.vita-explorers.dk\/blog\/wp-content\/uploads\/2025\/01\/48427210_1116325425202444_3305267167255068672_n.jpg 960w\" sizes=\"(max-width: 300px) 100vw, 300px\" \/><\/p>\n<\/nav>\n<p><!-- Section 1 --><\/p>\n<h2 id=\"section1\">1. Hvorfor v\u00e6lge internationalt frivilligt arbejde i et ansvarligt sabbat\u00e5r?<\/h2>\n<p style=\"text-align: justify;\">At tage p\u00e5 <strong><a href=\"https:\/\/www.vita-explorers.dk\/blog\/international-deltager\/\" target=\"_blank\" rel=\"noopener\">internationalt frivilligt arbejde<\/a> i et ansvarligt sabbat\u00e5r<\/strong> kan give dig nye perspektiver og en meningsfuld pause fra studierne \u2013 eller et afs\u00e6t f\u00f8r n\u00e6ste kapitel i arbejdslivet. Det kan blandt andet give dig:<\/p>\n<ul>\n<li style=\"text-align: justify;\"><strong>Kulturoplevelse:<\/strong> indblik i hverdagen i et nyt milj\u00f8 og forst\u00e5else for andre m\u00e5der at leve p\u00e5.<\/li>\n<li style=\"text-align: justify;\"><strong>Ansvarligt engagement:<\/strong> mulighed for at bidrage til et projekt med tydelig lokal relevans.<\/li>\n<li style=\"text-align: justify;\"><strong>Nye kompetencer:<\/strong> projektforst\u00e5else, interkulturel kommunikation, selvst\u00e6ndighed og evnen til at omstille sig.<\/li>\n<li style=\"text-align: justify;\"><strong>Personlig udvikling:<\/strong> mere selvtillid og et bredere blik p\u00e5 verden.<\/li>\n<\/ul>\n<p><img loading=\"lazy\" decoding=\"async\" class=\"aligncenter wp-image-19334 size-medium\" src=\"https:\/\/www.vita-explorers.dk\/blog\/wp-content\/uploads\/2024\/11\/36517409686_5be92744ac_w-300x225.jpg\" alt=\"At tage et sabbat\u00e5r\" width=\"300\" height=\"225\" srcset=\"https:\/\/www.vita-explorers.dk\/blog\/wp-content\/uploads\/2024\/11\/36517409686_5be92744ac_w-300x225.jpg 300w, https:\/\/www.vita-explorers.dk\/blog\/wp-content\/uploads\/2024\/11\/36517409686_5be92744ac_w.jpg 400w\" sizes=\"(max-width: 300px) 100vw, 300px\" \/><\/p>\n<p><!-- Section 2 --><\/p>\n<h2 id=\"section2\">2. S\u00e5dan forbereder du dit internationale sabbat\u00e5r<\/h2>\n<p style=\"text-align: justify;\">Hvis dit <em>internationale frivillige ophold i sabbat\u00e5ret<\/em> skal blive en god oplevelse, er forberedelsen afg\u00f8rende. Her er de vigtigste ting at have styr p\u00e5 i god tid:<\/p>\n<h3><strong>2.1 Afklar dine m\u00e5l og dit budget<\/strong><\/h3>\n<p style=\"text-align: justify;\">Start med at s\u00e6tte ord p\u00e5 din motivation: Vil du arbejde med undervisning, sundhed, milj\u00f8, eller indsatser for menneskers rettigheder? L\u00e6g ogs\u00e5 et realistisk budget (programudgifter, transport, ophold) og unders\u00f8g, om der findes st\u00f8tteordninger eller legater, der kan hj\u00e6lpe med finansieringen.<\/p>\n<h3><strong>2.2 V\u00e6lg en trov\u00e6rdig organisation<\/strong><\/h3>\n<p style=\"text-align: justify;\">V\u00e6lg en akt\u00f8r, der er transparent, fagligt ansvarlig og respektfuld i m\u00e5den, man indg\u00e5r i lokale sammenh\u00e6nge. <a href=\"https:\/\/www.vita-explorers.dk\/blog\/avis-globalong\/\" target=\"_blank\" rel=\"noopener\">L\u00e6s andre deltageres oplevelser<\/a>, vurder om projekterne giver mening, og tjek at du f\u00e5r ordentlig st\u00f8tte (forsikring, forberedelse og en kontaktperson p\u00e5 stedet).<\/p>\n<h3><strong>2.3 Praktik, papirer og sundhed<\/strong><\/h3>\n<p style=\"text-align: justify;\">Tjek visumkrav, at dit pas er gyldigt, og <a href=\"https:\/\/www.vita-explorers.dk\/blog\/rejseforsikring-til-internationale-forloeb\/\" target=\"_blank\" rel=\"noopener\">tegn en forsikring<\/a> der d\u00e6kker sygdom og hjemtransport. S\u00f8rg ogs\u00e5 for at f\u00e5 opdateret dine vacciner og s\u00e6t dig ind i relevante sundhedsr\u00e5d for din destination.<\/p>\n<div class=\"ti-widget ti-goog\" data-layout-id=\"4\" data-set-id=\"light-background\" data-pid=\"\" data-language=\"fr\" data-version=\"2\" data-review-target-width=\"300\" data-review-text-mode=\"readmore\" data-pager-autoplay-timeout=\"6\" > <div class=\"ti-widget-container ti-col-3\"> <div class=\"ti-reviews-container\"> <div class=\"ti-controls\"> <div class=\"ti-next\" aria-label=\"Avis suivante\" role=\"button\"><\/div> <div class=\"ti-prev\" aria-label=\"Avis pr\u00e9c\u00e9dent\" role=\"button\"><\/div> <\/div> <div class=\"ti-reviews-container-wrapper\">  <div data-empty=\"0\" class=\"ti-review-item source-Google ti-image-layout-thumbnail\" data-id=\"cfcd208495d565ef66e7dff9f98764da\" > <div class=\"ti-inner\"> <div class=\"ti-review-header\"> <div class=\"ti-profile-img\"> <img decoding=\"async\" src=\"https:\/\/lh3.googleusercontent.com\/a\/ACg8ocKpaoKe37CD0_POxO97KqB60GsWQRsIuG2vmCfXT-W_FY44vw=s120-c-rp-mo-br100\" srcset=\"https:\/\/lh3.googleusercontent.com\/a\/ACg8ocKpaoKe37CD0_POxO97KqB60GsWQRsIuG2vmCfXT-W_FY44vw=s120-c-rp-mo-br100 2x\" alt=\"Lucie Correia\" loading=\"lazy\" \/> <\/div> <div class=\"ti-profile-details\"> <div class=\"ti-name\"> Lucie Correia <\/div> <div class=\"ti-date\">2024-10-17<\/div> <\/div> <\/div> <span class=\"ti-stars\"><span class=\"ti-star f\"><\/span><span class=\"ti-star f\"><\/span><span class=\"ti-star f\"><\/span><span class=\"ti-star f\"><\/span><span class=\"ti-star f\"><\/span><\/span> <div class=\"ti-review-text-container ti-review-content\"><!-- R-CONTENT -->La communication avec Globalong est super, personnes tr\u00e8s pr\u00e9sentes pour les b\u00e9n\u00e9voles et \u00e9tudiants partant avec cette association. Elles r\u00e9pondent \u00e0 toutes nos questions et sont tr\u00e8s accessibles au t\u00e9l\u00e9phone.<!-- R-CONTENT --><\/div> <span class=\"ti-read-more\" data-container=\".ti-review-content\" data-collapse-text=\"Cacher\" data-open-text=\"Lire la suite\" ><\/span> <\/div> <\/div>  <div data-empty=\"0\" class=\"ti-review-item source-Google ti-image-layout-thumbnail\" data-id=\"cfcd208495d565ef66e7dff9f98764da\" > <div class=\"ti-inner\"> <div class=\"ti-review-header\"> <div class=\"ti-profile-img\"> <img decoding=\"async\" src=\"https:\/\/lh3.googleusercontent.com\/a-\/ALV-UjWqnnzM7-7c9BDqeTDF-a7pOgNjvLkJ3WshRd_Tn7z0Eu-AGQwo=s120-c-rp-mo-br100\" srcset=\"https:\/\/lh3.googleusercontent.com\/a-\/ALV-UjWqnnzM7-7c9BDqeTDF-a7pOgNjvLkJ3WshRd_Tn7z0Eu-AGQwo=s120-c-rp-mo-br100 2x\" alt=\"Ra\u00efssa Frisch\" loading=\"lazy\" \/> <\/div> <div class=\"ti-profile-details\"> <div class=\"ti-name\"> Ra\u00efssa Frisch <\/div> <div class=\"ti-date\">2024-10-14<\/div> <\/div> <\/div> <span class=\"ti-stars\"><span class=\"ti-star f\"><\/span><span class=\"ti-star f\"><\/span><span class=\"ti-star f\"><\/span><span class=\"ti-star f\"><\/span><span class=\"ti-star f\"><\/span><\/span> <div class=\"ti-review-text-container ti-review-content\"><!-- R-CONTENT -->J\u2019ai d\u00e9j\u00e0 eu l\u2019opportunit\u00e9 de r\u00e9aliser deux projets humanitaires avec l\u2019association Globalong. Je ne peux que la recommander, car j\u2019ai toujours b\u00e9n\u00e9fici\u00e9 d\u2019un excellent accompagnement, aussi bien avant que pendant le voyage. On ne vous laisse pas vous d\u00e9brouiller seuls, bien au contraire, vous \u00eates tr\u00e8s bien encadr\u00e9s pour accomplir toutes les d\u00e9marches dans les d\u00e9lais.\n\nAu-del\u00e0 du suivi, les exp\u00e9riences humanitaires propos\u00e9es par Globalong ne peuvent que transformer votre vie de mani\u00e8re positive. Elles vous apportent une richesse humaine inestimable.<!-- R-CONTENT --><\/div> <span class=\"ti-read-more\" data-container=\".ti-review-content\" data-collapse-text=\"Cacher\" data-open-text=\"Lire la suite\" ><\/span> <\/div> <\/div>  <div data-empty=\"0\" class=\"ti-review-item source-Google ti-image-layout-thumbnail\" data-id=\"cfcd208495d565ef66e7dff9f98764da\" > <div class=\"ti-inner\"> <div class=\"ti-review-header\"> <div class=\"ti-profile-img\"> <img decoding=\"async\" src=\"https:\/\/lh3.googleusercontent.com\/a\/ACg8ocJL-Dxv25YkXK2QwWPNRxTVqZCv5uTmDQDFg5qslKra3vRZew=s120-c-rp-mo-br100\" srcset=\"https:\/\/lh3.googleusercontent.com\/a\/ACg8ocJL-Dxv25YkXK2QwWPNRxTVqZCv5uTmDQDFg5qslKra3vRZew=s120-c-rp-mo-br100 2x\" alt=\"Tara Turan\" loading=\"lazy\" \/> <\/div> <div class=\"ti-profile-details\"> <div class=\"ti-name\"> Tara Turan <\/div> <div class=\"ti-date\">2024-10-14<\/div> <\/div> <\/div> <span class=\"ti-stars\"><span class=\"ti-star f\"><\/span><span class=\"ti-star f\"><\/span><span class=\"ti-star f\"><\/span><span class=\"ti-star f\"><\/span><span class=\"ti-star f\"><\/span><\/span> <div class=\"ti-review-text-container ti-review-content\"><!-- R-CONTENT -->Une des meilleures associations que j\u2019ai pu faire !\nUne organisation et un suivi vraiment parfait, c\u2019est avec grand plaisir que je referai un projet avec eux.<!-- R-CONTENT --><\/div> <span class=\"ti-read-more\" data-container=\".ti-review-content\" data-collapse-text=\"Cacher\" data-open-text=\"Lire la suite\" ><\/span> <\/div> <\/div>  <div data-empty=\"0\" class=\"ti-review-item source-Google ti-image-layout-thumbnail\" data-id=\"cfcd208495d565ef66e7dff9f98764da\" > <div class=\"ti-inner\"> <div class=\"ti-review-header\"> <div class=\"ti-profile-img\"> <img decoding=\"async\" src=\"https:\/\/lh3.googleusercontent.com\/a\/ACg8ocLctTPNovSk3eKM0b_MIPOfcFEQsz2135Cdu59_BWRVsIYC7Q=s120-c-rp-mo-br100\" srcset=\"https:\/\/lh3.googleusercontent.com\/a\/ACg8ocLctTPNovSk3eKM0b_MIPOfcFEQsz2135Cdu59_BWRVsIYC7Q=s120-c-rp-mo-br100 2x\" alt=\"Repiquet Julie\" loading=\"lazy\" \/> <\/div> <div class=\"ti-profile-details\"> <div class=\"ti-name\"> Repiquet Julie <\/div> <div class=\"ti-date\">2024-10-13<\/div> <\/div> <\/div> <span class=\"ti-stars\"><span class=\"ti-star f\"><\/span><span class=\"ti-star f\"><\/span><span class=\"ti-star f\"><\/span><span class=\"ti-star f\"><\/span><span class=\"ti-star f\"><\/span><\/span> <div class=\"ti-review-text-container ti-review-content\"><!-- R-CONTENT -->Tr\u00e8s bon accompagnement de la part de Globalong, du premier jour avec toutes mes interrogations, jusqu'au d\u00e9part dans quelques jours. Le dossier transmis apr\u00e8s validation de la mission est plus que complet, les webmaster tr\u00e8s int\u00e9ressantes et permettent de d\u00e9charger mentalement ce genre de pr\u00e9paration, tout est pr\u00e9vu il n'y a plus qu'\u00e0 suivre ! Merci \u00e0 Florence de r\u00e9pondre \u00e0 toutes mes questions avec gentillesse et bienveillance, cela m'a permis de passer le cap!\nMaintenant, il n'y a plus qu'\u00e0 \ud83d\ude00<!-- R-CONTENT --><\/div> <span class=\"ti-read-more\" data-container=\".ti-review-content\" data-collapse-text=\"Cacher\" data-open-text=\"Lire la suite\" ><\/span> <\/div> <\/div>  <div data-empty=\"0\" class=\"ti-review-item source-Google ti-image-layout-thumbnail\" data-id=\"cfcd208495d565ef66e7dff9f98764da\" > <div class=\"ti-inner\"> <div class=\"ti-review-header\"> <div class=\"ti-profile-img\"> <img decoding=\"async\" src=\"https:\/\/lh3.googleusercontent.com\/a\/ACg8ocJJTdmTWs8nAA0yuH_cKOUgzc6GFAkHBiXhpnnVYXaWMBZsHw=s120-c-rp-mo-br100\" srcset=\"https:\/\/lh3.googleusercontent.com\/a\/ACg8ocJJTdmTWs8nAA0yuH_cKOUgzc6GFAkHBiXhpnnVYXaWMBZsHw=s120-c-rp-mo-br100 2x\" alt=\"Marine Guilhamat\" loading=\"lazy\" \/> <\/div> <div class=\"ti-profile-details\"> <div class=\"ti-name\"> Marine Guilhamat <\/div> <div class=\"ti-date\">2024-10-09<\/div> <\/div> <\/div> <span class=\"ti-stars\"><span class=\"ti-star f\"><\/span><span class=\"ti-star f\"><\/span><span class=\"ti-star f\"><\/span><span class=\"ti-star f\"><\/span><span class=\"ti-star f\"><\/span><\/span> <div class=\"ti-review-text-container ti-review-content\"><!-- R-CONTENT -->Tr\u00e8s belle association qui offre un cadre super s\u00e9curisant et permet de s\u2019investir dans des projets qui ont du sens. Merci \u00e0 l\u2019\u00e9quipe Globalong pour votre disponibilit\u00e9, gentillesse et accompagnement !<!-- R-CONTENT --><\/div> <span class=\"ti-read-more\" data-container=\".ti-review-content\" data-collapse-text=\"Cacher\" data-open-text=\"Lire la suite\" ><\/span> <\/div> <\/div>  <div data-empty=\"0\" class=\"ti-review-item source-Google ti-image-layout-thumbnail\" data-id=\"cfcd208495d565ef66e7dff9f98764da\" > <div class=\"ti-inner\"> <div class=\"ti-review-header\"> <div class=\"ti-profile-img\"> <img decoding=\"async\" src=\"https:\/\/lh3.googleusercontent.com\/a\/ACg8ocIgITHXKo46qgJyPqlJeAcxz11gCKUJpGIk2qauiIe2O3iZ6w=s120-c-rp-mo-br100\" srcset=\"https:\/\/lh3.googleusercontent.com\/a\/ACg8ocIgITHXKo46qgJyPqlJeAcxz11gCKUJpGIk2qauiIe2O3iZ6w=s120-c-rp-mo-br100 2x\" alt=\"Laura Mercier\" loading=\"lazy\" \/> <\/div> <div class=\"ti-profile-details\"> <div class=\"ti-name\"> Laura Mercier <\/div> <div class=\"ti-date\">2024-10-08<\/div> <\/div> <\/div> <span class=\"ti-stars\"><span class=\"ti-star f\"><\/span><span class=\"ti-star f\"><\/span><span class=\"ti-star f\"><\/span><span class=\"ti-star f\"><\/span><span class=\"ti-star f\"><\/span><\/span> <div class=\"ti-review-text-container ti-review-content\"><!-- R-CONTENT -->Mon d\u00e9part approche, je pars dans une semaine, et depuis le d\u00e9but de mon inscription je suis tr\u00e8s satisfaite du suivi effectu\u00e9 par l\u2019association. Ils sont tr\u00e8s disponibles et r\u00e9pondent rapidement \u00e0 l\u2019ensemble des questions. Je suis tr\u00e8s contente de partir faire cette mission humanitaire encadr\u00e9e par cette association. Je recommande vraiment.<!-- R-CONTENT --><\/div> <span class=\"ti-read-more\" data-container=\".ti-review-content\" data-collapse-text=\"Cacher\" data-open-text=\"Lire la suite\" ><\/span> <\/div> <\/div>  <div data-empty=\"0\" class=\"ti-review-item source-Google ti-image-layout-thumbnail\" data-id=\"cfcd208495d565ef66e7dff9f98764da\" > <div class=\"ti-inner\"> <div class=\"ti-review-header\"> <div class=\"ti-profile-img\"> <img decoding=\"async\" src=\"https:\/\/lh3.googleusercontent.com\/a-\/ALV-UjVVr0YMQhXl8QNEEB32l-rnoaYwvRZUjIEX9OEwPE_1fQwzIyk=s120-c-rp-mo-br100\" srcset=\"https:\/\/lh3.googleusercontent.com\/a-\/ALV-UjVVr0YMQhXl8QNEEB32l-rnoaYwvRZUjIEX9OEwPE_1fQwzIyk=s120-c-rp-mo-br100 2x\" alt=\"Anouk Rzkt\" loading=\"lazy\" \/> <\/div> <div class=\"ti-profile-details\"> <div class=\"ti-name\"> Anouk Rzkt <\/div> <div class=\"ti-date\">2024-10-02<\/div> <\/div> <\/div> <span class=\"ti-stars\"><span class=\"ti-star f\"><\/span><span class=\"ti-star f\"><\/span><span class=\"ti-star f\"><\/span><span class=\"ti-star f\"><\/span><span class=\"ti-star f\"><\/span><\/span> <div class=\"ti-review-text-container ti-review-content\"><!-- R-CONTENT -->Globalong est l'association parfaite. L'\u00e9quipe offre un v\u00e9ritable accompagnement rythm\u00e9 par beaucoup de conseils et d'\u00e9coute. Le site est tr\u00e8s bien fait avec des dossiers complets allant des sujets tr\u00e8s pratiques a d'autres plus th\u00e9oriques (tels que le choc culturel par exemple). Je recommande vivement et remercie sinc\u00e8rement toute l'\u00e9quipe pour leur gentillesse et investissement !<!-- R-CONTENT --><\/div> <span class=\"ti-read-more\" data-container=\".ti-review-content\" data-collapse-text=\"Cacher\" data-open-text=\"Lire la suite\" ><\/span> <\/div> <\/div>  <\/div> <div class=\"ti-controls-line\"> <div class=\"dot\"><\/div> <\/div> <\/div> <div class=\"ti-footer\"> <div class=\"ti-rating-text\"> <span class=\"nowrap\">\u00c9valuation <strong>Google<\/strong> : <\/span><span class=\"nowrap\"><strong>4.8<\/strong> sur 5, <\/span><span class=\"nowrap\">Bas\u00e9e sur <strong>240 avis<\/strong><\/span> <\/div> <\/div>  <\/div> <\/div> \n<p><!-- Section 3 --><\/p>\n<h2 id=\"section3\">3. P\u00e5 stedet: f\u00e5 mest muligt ud af dit ophold<\/h2>\n<h3><strong>3.1 Tilpas dig den lokale kultur<\/strong><\/h3>\n<p style=\"text-align: justify;\">N\u00e5r du er fremme, s\u00e5 giv dig tid til at observere og lytte. Vis respekt for lokale normer, skab relationer og v\u00e6r nysgerrig p\u00e5 hverdagslivet. Dit <strong>internationale frivillige sabbat\u00e5r<\/strong> bliver typisk mere l\u00e6rerigt, n\u00e5r du m\u00f8der det nye med \u00e5benhed og engagement.<\/p>\n<h3><strong>3.2 H\u00e5ndt\u00e9r hverdagens udfordringer<\/strong><\/h3>\n<p style=\"text-align: justify;\">Du kan m\u00f8de udfordringer undervejs: sprogbarrierer, kulturelle forskelle eller mere enkle levevilk\u00e5r end du er vant til. V\u00e6r t\u00e5lmodig og fleksibel, og r\u00e6k ud efter sparring hos dit team p\u00e5 stedet eller mennesker omkring dig. Ofte er det netop her, du udvikler robusthed og l\u00e6rer mest.<\/p>\n<p><img loading=\"lazy\" decoding=\"async\" class=\"aligncenter wp-image-19333 size-medium\" src=\"https:\/\/www.vita-explorers.dk\/blog\/wp-content\/uploads\/2024\/11\/36517397186_1ef23a5efd_w-300x225.jpg\" alt=\"Deltager p\u00e5 ophold i Marokko\" width=\"300\" height=\"225\" srcset=\"https:\/\/www.vita-explorers.dk\/blog\/wp-content\/uploads\/2024\/11\/36517397186_1ef23a5efd_w-300x225.jpg 300w, https:\/\/www.vita-explorers.dk\/blog\/wp-content\/uploads\/2024\/11\/36517397186_1ef23a5efd_w.jpg 400w\" sizes=\"(max-width: 300px) 100vw, 300px\" \/><\/p>\n<p><!-- Section 4 --><\/p>\n<h2 id=\"section4\">4. N\u00e5r du kommer hjem: s\u00e6t din pause i spil<\/h2>\n<h3><strong>4.1 Omvendt kulturchok<\/strong><\/h3>\n<p style=\"text-align: justify;\"><a href=\"https:\/\/www.vita-explorers.dk\/blog\/omvendt-kulturchok\/\" target=\"_blank\" rel=\"noopener\">N\u00e5r du er hjemme igen,<\/a> kan du opleve et slags tomrum eller en f\u00f8lelse af afstand til hverdagen. Det er helt normalt efter et intenst ophold. Tal med venner og familie eller andre, der har v\u00e6ret afsted, og find m\u00e5der at holde fast i det, du har l\u00e6rt \u2013 ogs\u00e5 i Danmark.<\/p>\n<h3><strong>4.2 Fremh\u00e6v dine nye kompetencer<\/strong><\/h3>\n<p style=\"text-align: justify;\">Under dit <strong>internationale frivillige sabbat\u00e5r<\/strong> kan du have opbygget v\u00e6rdifulde kompetencer: samarbejde, selvst\u00e6ndighed, projektarbejde og probleml\u00f8sning. <a href=\"https:\/\/www.vita-explorers.dk\/blog\/VITA-tips: S\u00e5dan fremh\u00e6ver du dit engagement som deltager p\u00e5 LinkedIn\/\">S\u00e6t ord p\u00e5 dem i dit CV<\/a>, dine ans\u00f8gninger og til samtaler, s\u00e5 du kan finde muligheder, der matcher dine v\u00e6rdier og erfaringer.<\/p>\n<p><img loading=\"lazy\" decoding=\"async\" class=\"aligncenter wp-image-10972 size-medium\" src=\"https:\/\/www.vita-explorers.dk\/blog\/wp-content\/uploads\/2018\/08\/2d8f06f9-fc7d-402f-9105-e327a84b539c-min-300x225.jpg\" alt=\"Deltager p\u00e5 ansvarligt ophold\" width=\"300\" height=\"225\" srcset=\"https:\/\/www.vita-explorers.dk\/blog\/wp-content\/uploads\/2018\/08\/2d8f06f9-fc7d-402f-9105-e327a84b539c-min-300x225.jpg 300w, https:\/\/www.vita-explorers.dk\/blog\/wp-content\/uploads\/2018\/08\/2d8f06f9-fc7d-402f-9105-e327a84b539c-min-768x576.jpg 768w, https:\/\/www.vita-explorers.dk\/blog\/wp-content\/uploads\/2018\/08\/2d8f06f9-fc7d-402f-9105-e327a84b539c-min-1024x768.jpg 1024w, https:\/\/www.vita-explorers.dk\/blog\/wp-content\/uploads\/2018\/08\/2d8f06f9-fc7d-402f-9105-e327a84b539c-min-150x113.jpg 150w, https:\/\/www.vita-explorers.dk\/blog\/wp-content\/uploads\/2018\/08\/2d8f06f9-fc7d-402f-9105-e327a84b539c-min.jpg 1280w\" sizes=\"(max-width: 300px) 100vw, 300px\" \/><\/p>\n<p><!-- FAQ --><\/p>\n<h2 id=\"faq\">FAQ<\/h2>\n<h3><strong>Hvordan v\u00e6lger jeg den rigtige destination til mit ophold?<\/strong><\/h3>\n<p style=\"text-align: justify;\">Det afh\u00e6nger af dine interesser, og hvilken sag der betyder noget for dig. S\u00e6t dig ind i lokale behov, sprog og levevilk\u00e5r. Det kan ogs\u00e5 v\u00e6re en god id\u00e9 at sammenligne forskellige programmer, s\u00e5 du finder et forl\u00f8b, der passer til dig.<\/p>\n<h3><strong>Hvorn\u00e5r er det bedst at tage afsted i et internationalt frivilligt sabbat\u00e5r?<\/strong><\/h3>\n<p style=\"text-align: justify;\">Mange rejser i en pause i studierne eller lige efter endt uddannelse. Der findes dog ikke et \u201crigtigt\u201d tidspunkt \u2013 tag afsted, n\u00e5r du er klar \u00f8konomisk, mentalt og praktisk.<\/p>\n<h3><strong>Skal jeg kunne det lokale sprog?<\/strong><\/h3>\n<p style=\"text-align: justify;\">Det er en fordel at kunne sproget for at falde bedre til, men mange forl\u00f8b foreg\u00e5r i en ramme, hvor engelsk eller fransk kan bruges. Det vigtigste er, at du har et niveau, der g\u00f8r det muligt at kommunikere og finde dig til rette.<\/p>\n<h3><strong>Hvordan undg\u00e5r jeg \u201cvolonturisme\u201d?<\/strong><\/h3>\n<p style=\"text-align: justify;\">V\u00e6lg organisationer og programmer, der prioriterer ansvarlige ophold, hvor aktiviteterne er lokalt forankrede, og hvor der er fokus p\u00e5 varige l\u00f8sninger og gennemsigtighed. Sp\u00f8rg ind til etik, forventninger og hvordan din indsats konkret passer ind, f\u00f8r du siger ja.<\/p>\n<h3><strong>Er det sv\u00e6rt at komme hjem igen?<\/strong><\/h3>\n<p style=\"text-align: justify;\">Nogle oplever et <em>omvendt kulturchok<\/em>, men du kan bruge det konstruktivt ved at dele dine oplevelser og s\u00e6tte ord p\u00e5 det, du har l\u00e6rt. Det kan hj\u00e6lpe dig med at holde fast i engagementet og give retning til dine n\u00e6ste valg.<\/p>\n<p><!-- Conclusion --><\/p>\n<p style=\"text-align: justify;\">Kort sagt kan et <strong>internationalt frivilligt ophold i dit sabbat\u00e5r<\/strong> v\u00e6re fyldt med nye indtryk, udfordringer og l\u00e6ring. Med god forberedelse, klare m\u00e5l og en \u00e5ben tilgang kan du g\u00f8re sabbat\u00e5ret til en oplevelse, der s\u00e6tter spor \u2013 b\u00e5de i dine kompetencer og i din forst\u00e5else af verden.<\/p>\n<p class=\"p4\"><b>For mere information er du velkommen til at kontakte os p\u00e5 <\/b><a href=\"mailto:info@globalong.com\"><span class=\"s2\"><b>info@globalong.com<\/b><\/span><\/a><\/p>\n<p class=\"p4\" style=\"text-align: center;\"><b>Vil du l\u00e6re mere om VITA Institute og vores community, s\u00e5 find os p\u00e5 <\/b><a href=\"https:\/\/www.instagram.com\/globalongofficiel\/\" target=\"_blank\" rel=\"noopener\"><span class=\"s2\"><b>Instagram<\/b><\/span><\/a><b>, <\/b><a href=\"https:\/\/www.facebook.com\/globalong\" target=\"_blank\" rel=\"noopener\"><span class=\"s2\"><b>Facebook<\/b><\/span><\/a><b>, <\/b><a href=\"https:\/\/www.linkedin.com\/company\/5113177\/admin\/feed\/posts\/\" target=\"_blank\" rel=\"noopener\"><span class=\"s2\"><b>LinkedIn<\/b><\/span><\/a><b> og <\/b><a href=\"https:\/\/www.youtube.com\/c\/globalong\/videos\" target=\"_blank\" rel=\"noopener\"><span class=\"s2\"><b>YouTube<\/b><\/span><\/a><b>!<\/b><\/p>\n<\/article>\n<p>\u00a0<\/p>\n","protected":false},"excerpt":{"rendered":"<p>\u00a0 Internationalt frivilligt arbejde i et ansvarligt sabbat\u00e5r Overvejer du at tage afsted p\u00e5 internationalt frivilligt arbejde i et ansvarligt sabbat\u00e5r for at give\u2026<\/p>\n","protected":false},"author":7,"featured_media":20787,"comment_status":"open","ping_status":"open","sticky":false,"template":"","format":"standard","meta":{"footnotes":""},"categories":[6,4],"tags":[],"yoast_head":"<!-- This site is optimized with the Yoast SEO Premium plugin v23.4 (Yoast SEO v23.4) - https:\/\/yoast.com\/wordpress\/plugins\/seo\/ -->\n<title>Internationalt frivilligt arbejde i dit sabbat\u00e5r: er det din tur?<\/title>\n<meta name=\"description\" content=\"D\u00e9couvrez les avantages du Volontariat international ann\u00e9e de c\u00e9sure solidaire et transformez votre parcours acad\u00e9mique.\" \/>\n<meta name=\"robots\" content=\"index, follow, max-snippet:-1, max-image-preview:large, max-video-preview:-1\" \/>\n<link rel=\"canonical\" href=\"https:\/\/www.vita-explorers.dk\/blog\/internationalt-frivilligt-arbejde-solidarisk-sabaar\/\" \/>\n<meta property=\"og:locale\" content=\"da_DK\" \/>\n<meta property=\"og:type\" content=\"article\" \/>\n<meta property=\"og:title\" content=\"Internationalt frivilligt arbejde p\u00e5 dit sabbat\u00e5r\" \/>\n<meta property=\"og:description\" content=\"D\u00e9couvrez les avantages du Volontariat international ann\u00e9e de c\u00e9sure solidaire et transformez votre parcours acad\u00e9mique.\" \/>\n<meta property=\"og:url\" content=\"https:\/\/www.vita-explorers.dk\/blog\/internationalt-frivilligt-arbejde-solidarisk-sabaar\/\" \/>\n<meta property=\"og:site_name\" content=\"VITA Explorers Blog\" \/>\n<meta property=\"article:publisher\" content=\"https:\/\/www.facebook.com\/globalong\" \/>\n<meta property=\"article:published_time\" content=\"2025-03-30T04:39:12+00:00\" \/>\n<meta property=\"article:modified_time\" content=\"2025-04-22T03:55:42+00:00\" \/>\n<meta property=\"og:image\" content=\"https:\/\/www.vita-explorers.dk\/blog\/wp-content\/uploads\/2025\/02\/a7647839-76c5-4050-bbcb-9ce1b5946b2a.webp\" \/>\n\t<meta property=\"og:image:width\" content=\"1792\" \/>\n\t<meta property=\"og:image:height\" content=\"1024\" \/>\n\t<meta property=\"og:image:type\" content=\"image\/webp\" \/>\n<meta name=\"author\" content=\"VITA Tribe\" \/>\n<meta name=\"twitter:card\" content=\"summary_large_image\" \/>\n<meta name=\"twitter:label1\" content=\"Skrevet af\" \/>\n\t<meta name=\"twitter:data1\" content=\"VITA Tribe\" \/>\n\t<meta name=\"twitter:label2\" content=\"Estimeret l\u00e6setid\" \/>\n\t<meta name=\"twitter:data2\" content=\"6 minutter\" \/>\n<script type=\"application\/ld+json\" class=\"yoast-schema-graph\">{\"@context\":\"https:\/\/schema.org\",\"@graph\":[{\"@type\":\"Article\",\"@id\":\"https:\/\/www.vita-explorers.dk\/blog\/internationalt-frivilligt-arbejde-solidarisk-sabaar\/#article\",\"isPartOf\":{\"@id\":\"https:\/\/www.vita-explorers.dk\/blog\/internationalt-frivilligt-arbejde-solidarisk-sabaar\/\"},\"author\":{\"name\":\"VITA Tribe\",\"@id\":\"https:\/\/www.vita-explorers.dk\/blog\/#\/schema\/person\/fc0343a2f2db2ebb2793c1f62dbe73f0\"},\"headline\":\"Internationalt frivilligt arbejde p\u00e5 dit sabbat\u00e5r\",\"datePublished\":\"2025-03-30T04:39:12+00:00\",\"dateModified\":\"2025-04-22T03:55:42+00:00\",\"mainEntityOfPage\":{\"@id\":\"https:\/\/www.vita-explorers.dk\/blog\/internationalt-frivilligt-arbejde-solidarisk-sabaar\/\"},\"wordCount\":1034,\"commentCount\":0,\"publisher\":{\"@id\":\"https:\/\/www.vita-explorers.dk\/blog\/#organization\"},\"image\":{\"@id\":\"https:\/\/www.vita-explorers.dk\/blog\/internationalt-frivilligt-arbejde-solidarisk-sabaar\/#primaryimage\"},\"thumbnailUrl\":\"https:\/\/www.vita-explorers.dk\/blog\/wp-content\/uploads\/2025\/02\/a7647839-76c5-4050-bbcb-9ce1b5946b2a.webp\",\"articleSection\":[\"Nyheder\",\"VITA Explorers\"],\"inLanguage\":\"da-DK\",\"potentialAction\":[{\"@type\":\"CommentAction\",\"name\":\"Comment\",\"target\":[\"https:\/\/www.vita-explorers.dk\/blog\/internationalt-frivilligt-arbejde-solidarisk-sabaar\/#respond\"]}]},{\"@type\":\"WebPage\",\"@id\":\"https:\/\/www.vita-explorers.dk\/blog\/internationalt-frivilligt-arbejde-solidarisk-sabaar\/\",\"url\":\"https:\/\/www.vita-explorers.dk\/blog\/internationalt-frivilligt-arbejde-solidarisk-sabaar\/\",\"name\":\"Internationalt frivilligt arbejde i dit sabbat\u00e5r: er det din tur?\",\"isPartOf\":{\"@id\":\"https:\/\/www.vita-explorers.dk\/blog\/#website\"},\"primaryImageOfPage\":{\"@id\":\"https:\/\/www.vita-explorers.dk\/blog\/internationalt-frivilligt-arbejde-solidarisk-sabaar\/#primaryimage\"},\"image\":{\"@id\":\"https:\/\/www.vita-explorers.dk\/blog\/internationalt-frivilligt-arbejde-solidarisk-sabaar\/#primaryimage\"},\"thumbnailUrl\":\"https:\/\/www.vita-explorers.dk\/blog\/wp-content\/uploads\/2025\/02\/a7647839-76c5-4050-bbcb-9ce1b5946b2a.webp\",\"datePublished\":\"2025-03-30T04:39:12+00:00\",\"dateModified\":\"2025-04-22T03:55:42+00:00\",\"description\":\"D\u00e9couvrez les avantages du Volontariat international ann\u00e9e de c\u00e9sure solidaire et transformez votre parcours acad\u00e9mique.\",\"breadcrumb\":{\"@id\":\"https:\/\/www.vita-explorers.dk\/blog\/internationalt-frivilligt-arbejde-solidarisk-sabaar\/#breadcrumb\"},\"inLanguage\":\"da-DK\",\"potentialAction\":[{\"@type\":\"ReadAction\",\"target\":[\"https:\/\/www.vita-explorers.dk\/blog\/internationalt-frivilligt-arbejde-solidarisk-sabaar\/\"]}]},{\"@type\":\"ImageObject\",\"inLanguage\":\"da-DK\",\"@id\":\"https:\/\/www.vita-explorers.dk\/blog\/internationalt-frivilligt-arbejde-solidarisk-sabaar\/#primaryimage\",\"url\":\"https:\/\/www.vita-explorers.dk\/blog\/wp-content\/uploads\/2025\/02\/a7647839-76c5-4050-bbcb-9ce1b5946b2a.webp\",\"contentUrl\":\"https:\/\/www.vita-explorers.dk\/blog\/wp-content\/uploads\/2025\/02\/a7647839-76c5-4050-bbcb-9ce1b5946b2a.webp\",\"width\":1792,\"height\":1024,\"caption\":\"Pr\u00e9parer son voyage humanitaire \u00e0 l'\u00e9tranger\"},{\"@type\":\"BreadcrumbList\",\"@id\":\"https:\/\/www.vita-explorers.dk\/blog\/internationalt-frivilligt-arbejde-solidarisk-sabaar\/#breadcrumb\",\"itemListElement\":[{\"@type\":\"ListItem\",\"position\":1,\"name\":\"Accueil\",\"item\":\"https:\/\/www.vita-explorers.dk\/blog\/\"},{\"@type\":\"ListItem\",\"position\":2,\"name\":\"Internationalt frivilligt arbejde p\u00e5 dit sabbat\u00e5r\"}]},{\"@type\":\"WebSite\",\"@id\":\"https:\/\/www.vita-explorers.dk\/blog\/#website\",\"url\":\"https:\/\/www.vita-explorers.dk\/blog\/\",\"name\":\"Association Globalong\",\"description\":\"Frivilligt arbejde, sprogophold, praktik i udlandet og internationale oplevelser\",\"publisher\":{\"@id\":\"https:\/\/www.vita-explorers.dk\/blog\/#organization\"},\"potentialAction\":[{\"@type\":\"SearchAction\",\"target\":{\"@type\":\"EntryPoint\",\"urlTemplate\":\"https:\/\/www.vita-explorers.dk\/blog\/?s={search_term_string}\"},\"query-input\":{\"@type\":\"PropertyValueSpecification\",\"valueRequired\":true,\"valueName\":\"search_term_string\"}}],\"inLanguage\":\"da-DK\"},{\"@type\":\"Organization\",\"@id\":\"https:\/\/www.vita-explorers.dk\/blog\/#organization\",\"name\":\"Association Globalong\",\"url\":\"https:\/\/www.vita-explorers.dk\/blog\/\",\"logo\":{\"@type\":\"ImageObject\",\"inLanguage\":\"da-DK\",\"@id\":\"https:\/\/www.vita-explorers.dk\/blog\/#\/schema\/logo\/image\/\",\"url\":\"https:\/\/www.globalong.com\/blog\/wp-content\/uploads\/2014\/11\/cropped-cropped-Logo-et-Afrique-Globalong-petite-taille-2.jpg\",\"contentUrl\":\"https:\/\/www.globalong.com\/blog\/wp-content\/uploads\/2014\/11\/cropped-cropped-Logo-et-Afrique-Globalong-petite-taille-2.jpg\",\"width\":512,\"height\":512,\"caption\":\"Association Globalong\"},\"image\":{\"@id\":\"https:\/\/www.vita-explorers.dk\/blog\/#\/schema\/logo\/image\/\"},\"sameAs\":[\"https:\/\/www.facebook.com\/globalong\"]},{\"@type\":\"Person\",\"@id\":\"https:\/\/www.vita-explorers.dk\/blog\/#\/schema\/person\/fc0343a2f2db2ebb2793c1f62dbe73f0\",\"name\":\"VITA Tribe\",\"image\":{\"@type\":\"ImageObject\",\"inLanguage\":\"da-DK\",\"@id\":\"https:\/\/www.vita-explorers.dk\/blog\/#\/schema\/person\/image\/\",\"url\":\"https:\/\/secure.gravatar.com\/avatar\/f7f05026bb439d0c96b30e135e5f852c?s=96&d=mm&r=g\",\"contentUrl\":\"https:\/\/secure.gravatar.com\/avatar\/f7f05026bb439d0c96b30e135e5f852c?s=96&d=mm&r=g\",\"caption\":\"VITA Tribe\"},\"sameAs\":[\"http:\/\/www.globalong.com\"],\"url\":\"https:\/\/www.vita-explorers.dk\/blog\/author\/teamglobalong\/\"}]}<\/script>\n<!-- \/ Yoast SEO Premium plugin. -->","yoast_head_json":{"title":"Internationalt frivilligt arbejde i dit sabbat\u00e5r: er det din tur?","description":"D\u00e9couvrez les avantages du Volontariat international ann\u00e9e de c\u00e9sure solidaire et transformez votre parcours acad\u00e9mique.","robots":{"index":"index","follow":"follow","max-snippet":"max-snippet:-1","max-image-preview":"max-image-preview:large","max-video-preview":"max-video-preview:-1"},"canonical":"https:\/\/www.vita-explorers.dk\/blog\/internationalt-frivilligt-arbejde-solidarisk-sabaar\/","og_locale":"da_DK","og_type":"article","og_title":"Internationalt frivilligt arbejde p\u00e5 dit sabbat\u00e5r","og_description":"D\u00e9couvrez les avantages du Volontariat international ann\u00e9e de c\u00e9sure solidaire et transformez votre parcours acad\u00e9mique.","og_url":"https:\/\/www.vita-explorers.dk\/blog\/internationalt-frivilligt-arbejde-solidarisk-sabaar\/","og_site_name":"VITA Explorers Blog","article_publisher":"https:\/\/www.facebook.com\/globalong","article_published_time":"2025-03-30T04:39:12+00:00","article_modified_time":"2025-04-22T03:55:42+00:00","og_image":[{"width":1792,"height":1024,"url":"https:\/\/www.vita-explorers.dk\/blog\/wp-content\/uploads\/2025\/02\/a7647839-76c5-4050-bbcb-9ce1b5946b2a.webp","type":"image\/webp"}],"author":"VITA Tribe","twitter_card":"summary_large_image","twitter_misc":{"Skrevet af":"VITA Tribe","Estimeret l\u00e6setid":"6 minutter"},"schema":{"@context":"https:\/\/schema.org","@graph":[{"@type":"Article","@id":"https:\/\/www.vita-explorers.dk\/blog\/internationalt-frivilligt-arbejde-solidarisk-sabaar\/#article","isPartOf":{"@id":"https:\/\/www.vita-explorers.dk\/blog\/internationalt-frivilligt-arbejde-solidarisk-sabaar\/"},"author":{"name":"VITA Tribe","@id":"https:\/\/www.vita-explorers.dk\/blog\/#\/schema\/person\/fc0343a2f2db2ebb2793c1f62dbe73f0"},"headline":"Internationalt frivilligt arbejde p\u00e5 dit sabbat\u00e5r","datePublished":"2025-03-30T04:39:12+00:00","dateModified":"2025-04-22T03:55:42+00:00","mainEntityOfPage":{"@id":"https:\/\/www.vita-explorers.dk\/blog\/internationalt-frivilligt-arbejde-solidarisk-sabaar\/"},"wordCount":1034,"commentCount":0,"publisher":{"@id":"https:\/\/www.vita-explorers.dk\/blog\/#organization"},"image":{"@id":"https:\/\/www.vita-explorers.dk\/blog\/internationalt-frivilligt-arbejde-solidarisk-sabaar\/#primaryimage"},"thumbnailUrl":"https:\/\/www.vita-explorers.dk\/blog\/wp-content\/uploads\/2025\/02\/a7647839-76c5-4050-bbcb-9ce1b5946b2a.webp","articleSection":["Nyheder","VITA Explorers"],"inLanguage":"da-DK","potentialAction":[{"@type":"CommentAction","name":"Comment","target":["https:\/\/www.vita-explorers.dk\/blog\/internationalt-frivilligt-arbejde-solidarisk-sabaar\/#respond"]}]},{"@type":"WebPage","@id":"https:\/\/www.vita-explorers.dk\/blog\/internationalt-frivilligt-arbejde-solidarisk-sabaar\/","url":"https:\/\/www.vita-explorers.dk\/blog\/internationalt-frivilligt-arbejde-solidarisk-sabaar\/","name":"Internationalt frivilligt arbejde i dit sabbat\u00e5r: er det din tur?","isPartOf":{"@id":"https:\/\/www.vita-explorers.dk\/blog\/#website"},"primaryImageOfPage":{"@id":"https:\/\/www.vita-explorers.dk\/blog\/internationalt-frivilligt-arbejde-solidarisk-sabaar\/#primaryimage"},"image":{"@id":"https:\/\/www.vita-explorers.dk\/blog\/internationalt-frivilligt-arbejde-solidarisk-sabaar\/#primaryimage"},"thumbnailUrl":"https:\/\/www.vita-explorers.dk\/blog\/wp-content\/uploads\/2025\/02\/a7647839-76c5-4050-bbcb-9ce1b5946b2a.webp","datePublished":"2025-03-30T04:39:12+00:00","dateModified":"2025-04-22T03:55:42+00:00","description":"D\u00e9couvrez les avantages du Volontariat international ann\u00e9e de c\u00e9sure solidaire et transformez votre parcours acad\u00e9mique.","breadcrumb":{"@id":"https:\/\/www.vita-explorers.dk\/blog\/internationalt-frivilligt-arbejde-solidarisk-sabaar\/#breadcrumb"},"inLanguage":"da-DK","potentialAction":[{"@type":"ReadAction","target":["https:\/\/www.vita-explorers.dk\/blog\/internationalt-frivilligt-arbejde-solidarisk-sabaar\/"]}]},{"@type":"ImageObject","inLanguage":"da-DK","@id":"https:\/\/www.vita-explorers.dk\/blog\/internationalt-frivilligt-arbejde-solidarisk-sabaar\/#primaryimage","url":"https:\/\/www.vita-explorers.dk\/blog\/wp-content\/uploads\/2025\/02\/a7647839-76c5-4050-bbcb-9ce1b5946b2a.webp","contentUrl":"https:\/\/www.vita-explorers.dk\/blog\/wp-content\/uploads\/2025\/02\/a7647839-76c5-4050-bbcb-9ce1b5946b2a.webp","width":1792,"height":1024,"caption":"Pr\u00e9parer son voyage humanitaire \u00e0 l'\u00e9tranger"},{"@type":"BreadcrumbList","@id":"https:\/\/www.vita-explorers.dk\/blog\/internationalt-frivilligt-arbejde-solidarisk-sabaar\/#breadcrumb","itemListElement":[{"@type":"ListItem","position":1,"name":"Accueil","item":"https:\/\/www.vita-explorers.dk\/blog\/"},{"@type":"ListItem","position":2,"name":"Internationalt frivilligt arbejde p\u00e5 dit sabbat\u00e5r"}]},{"@type":"WebSite","@id":"https:\/\/www.vita-explorers.dk\/blog\/#website","url":"https:\/\/www.vita-explorers.dk\/blog\/","name":"Association Globalong","description":"Frivilligt arbejde, sprogophold, praktik i udlandet og internationale oplevelser","publisher":{"@id":"https:\/\/www.vita-explorers.dk\/blog\/#organization"},"potentialAction":[{"@type":"SearchAction","target":{"@type":"EntryPoint","urlTemplate":"https:\/\/www.vita-explorers.dk\/blog\/?s={search_term_string}"},"query-input":{"@type":"PropertyValueSpecification","valueRequired":true,"valueName":"search_term_string"}}],"inLanguage":"da-DK"},{"@type":"Organization","@id":"https:\/\/www.vita-explorers.dk\/blog\/#organization","name":"Association Globalong","url":"https:\/\/www.vita-explorers.dk\/blog\/","logo":{"@type":"ImageObject","inLanguage":"da-DK","@id":"https:\/\/www.vita-explorers.dk\/blog\/#\/schema\/logo\/image\/","url":"https:\/\/www.globalong.com\/blog\/wp-content\/uploads\/2014\/11\/cropped-cropped-Logo-et-Afrique-Globalong-petite-taille-2.jpg","contentUrl":"https:\/\/www.globalong.com\/blog\/wp-content\/uploads\/2014\/11\/cropped-cropped-Logo-et-Afrique-Globalong-petite-taille-2.jpg","width":512,"height":512,"caption":"Association Globalong"},"image":{"@id":"https:\/\/www.vita-explorers.dk\/blog\/#\/schema\/logo\/image\/"},"sameAs":["https:\/\/www.facebook.com\/globalong"]},{"@type":"Person","@id":"https:\/\/www.vita-explorers.dk\/blog\/#\/schema\/person\/fc0343a2f2db2ebb2793c1f62dbe73f0","name":"VITA Tribe","image":{"@type":"ImageObject","inLanguage":"da-DK","@id":"https:\/\/www.vita-explorers.dk\/blog\/#\/schema\/person\/image\/","url":"https:\/\/secure.gravatar.com\/avatar\/f7f05026bb439d0c96b30e135e5f852c?s=96&d=mm&r=g","contentUrl":"https:\/\/secure.gravatar.com\/avatar\/f7f05026bb439d0c96b30e135e5f852c?s=96&d=mm&r=g","caption":"VITA Tribe"},"sameAs":["http:\/\/www.globalong.com"],"url":"https:\/\/www.vita-explorers.dk\/blog\/author\/teamglobalong\/"}]}},"_links":{"self":[{"href":"https:\/\/www.vita-explorers.dk\/blog\/wp-json\/wp\/v2\/posts\/20991"}],"collection":[{"href":"https:\/\/www.vita-explorers.dk\/blog\/wp-json\/wp\/v2\/posts"}],"about":[{"href":"https:\/\/www.vita-explorers.dk\/blog\/wp-json\/wp\/v2\/types\/post"}],"author":[{"embeddable":true,"href":"https:\/\/www.vita-explorers.dk\/blog\/wp-json\/wp\/v2\/users\/7"}],"replies":[{"embeddable":true,"href":"https:\/\/www.vita-explorers.dk\/blog\/wp-json\/wp\/v2\/comments?post=20991"}],"version-history":[{"count":3,"href":"https:\/\/www.vita-explorers.dk\/blog\/wp-json\/wp\/v2\/posts\/20991\/revisions"}],"predecessor-version":[{"id":21110,"href":"https:\/\/www.vita-explorers.dk\/blog\/wp-json\/wp\/v2\/posts\/20991\/revisions\/21110"}],"wp:featuredmedia":[{"embeddable":true,"href":"https:\/\/www.vita-explorers.dk\/blog\/wp-json\/wp\/v2\/media\/20787"}],"wp:attachment":[{"href":"https:\/\/www.vita-explorers.dk\/blog\/wp-json\/wp\/v2\/media?parent=20991"}],"wp:term":[{"taxonomy":"category","embeddable":true,"href":"https:\/\/www.vita-explorers.dk\/blog\/wp-json\/wp\/v2\/categories?post=20991"},{"taxonomy":"post_tag","embeddable":true,"href":"https:\/\/www.vita-explorers.dk\/blog\/wp-json\/wp\/v2\/tags?post=20991"}],"curies":[{"name":"wp","href":"https:\/\/api.w.org\/{rel}","templated":true}]}}