{"id":20999,"date":"2025-04-02T05:57:39","date_gmt":"2025-04-02T03:57:39","guid":{"rendered":"https:\/\/www.globalong.com\/blog\/?p=20999"},"modified":"2025-03-31T17:31:59","modified_gmt":"2025-03-31T15:31:59","slug":"engager-dig-globalt-for-en-groennere-fremtid","status":"publish","type":"post","link":"https:\/\/www.vita-explorers.dk\/blog\/engager-dig-globalt-for-en-groennere-fremtid\/","title":{"rendered":"Engag\u00e9r dig globalt for en gr\u00f8nnere fremtid"},"content":{"rendered":"<p><iframe loading=\"lazy\" title=\"Projet de protection des tortues au Nicaragua avec l&#039;association Globalong\" width=\"500\" height=\"281\" src=\"https:\/\/www.youtube.com\/embed\/dHYl8HLVY4o?feature=oembed\" frameborder=\"0\" allow=\"accelerometer; autoplay; clipboard-write; encrypted-media; gyroscope; picture-in-picture; web-share\" referrerpolicy=\"strict-origin-when-cross-origin\" allowfullscreen><\/iframe><\/p>\n<p><!-- SOMMAIRE CLIQUABLE --><\/p>\n<h2>Indhold<\/h2>\n<ul>\n<li><a href=\"#introduction\">Introduktion<\/a><\/li>\n<li><a href=\"#section1\">1. At engagere sig globalt for en gr\u00f8nnere fremtid: derfor er det vigtigt<\/a><\/li>\n<li><a href=\"#section2\">2. Effekten af vores valg i hverdagen<\/a><\/li>\n<li><a href=\"#section3\">3. Uddannelse og oplysning<\/a><\/li>\n<li><a href=\"#section4\">4. Internationale forl\u00f8b og global handling<\/a><\/li>\n<li><a href=\"#section5\">5. Just\u00e9r dine forbrugsvaner<\/a><\/li>\n<li><a href=\"#section6\">6. Reduc\u00e9r og udnyt dit affald<\/a><\/li>\n<li><a href=\"#section7\">7. Vedvarende energi og energieffektivitet<\/a><\/li>\n<li><a href=\"#section8\">8. Mere klimaansvarlige transportvalg<\/a><\/li>\n<li><a href=\"#section9\">9. Beskyt biodiversiteten<\/a><\/li>\n<li><a href=\"#section10\">10. F\u00e6llesskabets styrke og netv\u00e6rk<\/a><\/li>\n<li><a href=\"#section11\">11. VITA\u2019s rolle i gr\u00f8nt engagement<\/a><\/li>\n<li><a href=\"#section12\">12. Personlige gevinster ved gr\u00f8nt engagement<\/a><\/li>\n<li><a href=\"#section13\">13. Verdensm\u00e5lene for b\u00e6redygtig udvikling (SDG)<\/a><\/li>\n<li><a href=\"#section14\">14. Udfordringer ved at holde motivationen<\/a><\/li>\n<li><a href=\"#section15\">15. Digitale v\u00e6rkt\u00f8jer til gr\u00f8n handling i hverdagen<\/a><\/li>\n<li><a href=\"#section16\">16. Cirkul\u00e6r \u00f8konomi: en model for fremtiden<\/a><\/li>\n<li><a href=\"#section17\">17. Myndighedernes og virksomhedernes rolle<\/a><\/li>\n<li><a href=\"#section18\">18. Kom i gang allerede nu<\/a><\/li>\n<li><a href=\"#section19\">19. Skab en positiv k\u00e6dereaktion<\/a><\/li>\n<li><a href=\"#section20\">20. Konklusion: en fremtid vi bygger sammen<\/a><\/li>\n<li><a href=\"#cta\">Kom i gang med VITA allerede i dag<\/a><\/li>\n<li><a href=\"#faq\">FAQ: At engagere sig globalt for en gr\u00f8nnere fremtid<\/a><\/li>\n<\/ul>\n<p><!-- INTRODUCTION --><\/p>\n<h1 id=\"introduction\">At engagere sig globalt for en gr\u00f8nnere fremtid: En komplet guide til at handle allerede i dag<\/h1>\n<p style=\"text-align: justify;\">At engagere sig globalt for en gr\u00f8nnere fremtid er blevet n\u00f8dvendigt. Vores planet st\u00e5r over for store klima- og milj\u00f8udfordringer. Hver handling \u2013 alene eller sammen med andre \u2013 kan g\u00f8re en positiv forskel. I denne artikel f\u00e5r du konkrete strategier og gode vaner, der g\u00f8r det lettere at leve mere <a href=\"https:\/\/www.vita-explorers.dk\/blog\/ansvarlig-rejse\/\" target=\"_blank\" rel=\"noopener\">milj\u00f8ansvarligt<\/a>. Du f\u00e5r ogs\u00e5 et indblik i, hvordan VITA arbejder med at skabe viden og engagement. Gl\u00e6d dig til at se, hvordan dine daglige valg kan blive til reelle l\u00f8ftest\u00e6nger for forandring \u2013 og hvordan du kan bidrage mere konkret til en mere b\u00e6redygtig fremtid.<\/p>\n<p><!-- SECTION 1 --><\/p>\n<h2 id=\"section1\">1. At engagere sig globalt for en gr\u00f8nnere fremtid: derfor er det vigtigt<\/h2>\n<p style=\"text-align: justify;\">Skal vi engagere os globalt for en gr\u00f8nnere fremtid, kr\u00e6ver det, at vi forst\u00e5r omfanget af de milj\u00f8m\u00e6ssige udfordringer. Global opvarmning, tab af biodiversitet og afskovning presser kloden. Det stopper ikke ved landegr\u00e6nser og kr\u00e6ver derfor f\u00e6lles l\u00f8sninger. At handle lokalt \u2013 med blik for de globale konsekvenser \u2013 er en vigtig n\u00f8gle. Den helhedsforst\u00e5else g\u00f8r indsatsen mere sammenh\u00e6ngende og dermed mere effektiv. Uden den risikerer man at undervurdere, hvor kompleks den \u00f8kologiske krise er.<\/p>\n<p style=\"text-align: justify;\">Solidaritet er en central del af engagementet. S\u00e5rbare befolkningsgrupper rammes ofte h\u00e5rdest af klimaforandringer. De oplever stigende vandstand og knappe naturressourcer. At engagere sig globalt for en gr\u00f8nnere fremtid handler derfor ogs\u00e5 om at tage disse realiteter alvorligt. Vi har brug for l\u00f8sninger, der b\u00e5de er b\u00e6redygtige og retf\u00e6rdige \u2013 og som kan bruges af mange. Det kr\u00e6ver ogs\u00e5, at vi ser kritisk p\u00e5 vores forbrugsvaner og vores forhold til naturen.<\/p>\n<p><img loading=\"lazy\" decoding=\"async\" class=\"aligncenter wp-image-12135 size-medium\" src=\"https:\/\/www.vita-explorers.dk\/blog\/wp-content\/uploads\/2018\/12\/image1-min-300x225.jpeg\" alt=\"Milj\u00f8ansvarlig rejse\" width=\"300\" height=\"225\" srcset=\"https:\/\/www.vita-explorers.dk\/blog\/wp-content\/uploads\/2018\/12\/image1-min-300x225.jpeg 300w, https:\/\/www.vita-explorers.dk\/blog\/wp-content\/uploads\/2018\/12\/image1-min-150x113.jpeg 150w, https:\/\/www.vita-explorers.dk\/blog\/wp-content\/uploads\/2018\/12\/image1-min.jpeg 640w\" sizes=\"(max-width: 300px) 100vw, 300px\" \/><\/p>\n<p><!-- SECTION 2 --><\/p>\n<h2 id=\"section2\">2. Effekten af vores valg i hverdagen<\/h2>\n<p style=\"text-align: justify;\">Alle kan bidrage til en gr\u00f8nnere fremtid ved at justere vaner i hverdagen. Transport, kost og affaldsh\u00e5ndtering p\u00e5virker vores aftryk. V\u00e6lg offentlig transport, samk\u00f8rsel eller g\u00e5ture for at mindske CO\u2082-udledningen. G\u00e5 efter en mere plantebaseret kost med lokale r\u00e5varer i s\u00e6son. P\u00e5 den m\u00e5de reducerer du belastningen fra transport og intensiv produktion.<\/p>\n<p style=\"text-align: justify;\">Hvert k\u00f8b t\u00e6ller ogs\u00e5. N\u00e5r du v\u00e6lger holdbare produkter, der kan genbruges eller genanvendes, mindsker du forurening. Det er ogs\u00e5 vigtigt at spare p\u00e5 vand og str\u00f8m. Sm\u00e5 ting \u2013 som at reparere en l\u00e6kage eller slukke apparater, der ikke bruges \u2013 g\u00f8r en forskel. N\u00e5r mange g\u00f8r det samme, kan det m\u00e6rkes globalt. Del id\u00e9erne med dem omkring dig, og v\u00e6r med til at g\u00f8re milj\u00f8ansvar til noget, der smitter.<\/p>\n<p><img loading=\"lazy\" decoding=\"async\" class=\"aligncenter wp-image-12133 size-medium\" src=\"https:\/\/www.vita-explorers.dk\/blog\/wp-content\/uploads\/2018\/12\/image3coup\u00e9e-min-300x120.jpeg\" alt=\"At engagere sig globalt for en gr\u00f8nnere fremtid\" width=\"300\" height=\"120\" srcset=\"https:\/\/www.vita-explorers.dk\/blog\/wp-content\/uploads\/2018\/12\/image3coup\u00e9e-min-300x120.jpeg 300w, https:\/\/www.vita-explorers.dk\/blog\/wp-content\/uploads\/2018\/12\/image3coup\u00e9e-min-150x60.jpeg 150w, https:\/\/www.vita-explorers.dk\/blog\/wp-content\/uploads\/2018\/12\/image3coup\u00e9e-min.jpeg 630w\" sizes=\"(max-width: 300px) 100vw, 300px\" \/><\/p>\n<p><!-- SECTION 3 --><\/p>\n<h2 id=\"section3\">3. Uddannelse og oplysning<\/h2>\n<p style=\"text-align: justify;\">Uddannelse og oplysning er afg\u00f8rende, hvis en gr\u00f8nnere fremtid skal forankres i hverdagen. Nutidens b\u00f8rn vokser op midt i en \u00f8kologisk krise. De har brug for viden og st\u00f8tte til at passe p\u00e5 naturen. Skoler og frivillige initiativer spiller en vigtig rolle. P\u00e6dagogiske projekter kan g\u00f8re emner som sortering, biodiversitet og affaldsreduktion konkrete og forst\u00e5elige.<\/p>\n<p style=\"text-align: justify;\">Voksne har ogs\u00e5 brug for at l\u00e6re nyt og revurdere vaner. Kurser, opl\u00e6g og dokumentarer kan give st\u00f8rre indsigt. Den viden g\u00f8r det lettere at se, hvad ens handlinger betyder \u2013 og at oms\u00e6tte det til konkrete valg. <a href=\"https:\/\/www.vita-explorers.dk\/\" target=\"_blank\" rel=\"noopener\">VITA<\/a> tilbyder ogs\u00e5 specialiserede forl\u00f8b, der giver praktisk erfaring med b\u00e6redygtig udvikling.<\/p>\n<p><img loading=\"lazy\" decoding=\"async\" class=\"aligncenter wp-image-11809 size-full\" src=\"https:\/\/www.vita-explorers.dk\/blog\/wp-content\/uploads\/2018\/10\/SBass-Trail-008-min.jpg\" alt=\"milj\u00f8ansvarlig rejse i udlandet\" width=\"190\" height=\"190\" srcset=\"https:\/\/www.vita-explorers.dk\/blog\/wp-content\/uploads\/2018\/10\/SBass-Trail-008-min.jpg 190w, https:\/\/www.vita-explorers.dk\/blog\/wp-content\/uploads\/2018\/10\/SBass-Trail-008-min-150x150.jpg 150w\" sizes=\"(max-width: 190px) 100vw, 190px\" \/><\/p>\n<p><!-- SECTION 4 --><\/p>\n<h2 id=\"section4\">4. Internationale forl\u00f8b og global handling<\/h2>\n<p style=\"text-align: justify;\">At engagere sig globalt for en gr\u00f8nnere fremtid kan ogs\u00e5 betyde at kigge ud over egne gr\u00e6nser. Internationale forl\u00f8b som frivilligt arbejde eller <a href=\"https:\/\/www.vita-explorers.dk\/blog\/praktikophold-polyteknisk-i-udlandet\/\" target=\"_blank\" rel=\"noopener\">praktik i udlandet<\/a>, faciliteret af VITA, kan v\u00e6re en oplagt mulighed. Her f\u00e5r du indblik i naturbeskyttelse i forskellige sammenh\u00e6nge. Deltagere kan v\u00e6re med til genplantning, beskyttelse af marint dyreliv eller milj\u00f8undervisning. Tilstedev\u00e6relsen p\u00e5 stedet kan samtidig styrke lokale indsatser.<\/p>\n<p style=\"text-align: justify;\">Et internationalt ophold giver ofte en s\u00e6rlig l\u00e6ring. Du ser, hvordan milj\u00f8udfordringer ser ud i forskellige regioner. Mange kommer hjem med ny energi og motivation. De har f\u00e5et en mere global forst\u00e5else af klima og natur. Samtidig opst\u00e5r der ofte et netv\u00e6rk af engagerede mennesker p\u00e5 tv\u00e6rs af lande. Det kan g\u00f8re det lettere at tage erfaringer og l\u00f8sninger med hjem og bruge dem i egen hverdag.<\/p>\n<p><img loading=\"lazy\" decoding=\"async\" class=\"aligncenter wp-image-11224 size-full\" src=\"https:\/\/www.vita-explorers.dk\/blog\/wp-content\/uploads\/2018\/09\/eco-cambodge-min.jpg\" alt=\"Deltager p\u00e5 ansvarligt ophold\" width=\"250\" height=\"181\" srcset=\"https:\/\/www.vita-explorers.dk\/blog\/wp-content\/uploads\/2018\/09\/eco-cambodge-min.jpg 250w, https:\/\/www.vita-explorers.dk\/blog\/wp-content\/uploads\/2018\/09\/eco-cambodge-min-150x109.jpg 150w\" sizes=\"(max-width: 250px) 100vw, 250px\" \/><\/p>\n<p><!-- SECTION 5 --><\/p>\n<h2 id=\"section5\">5. Just\u00e9r dine forbrugsvaner<\/h2>\n<p style=\"text-align: justify;\">Vores nuv\u00e6rende forbrugsm\u00f8nstre forst\u00e6rker den \u00f8kologiske krise. Vi producerer, k\u00f8ber og smider ud i et tempo, naturen ikke kan f\u00f8lge med til. Hvis du vil engagere dig globalt for en gr\u00f8nnere fremtid, kan du starte med at gent\u00e6nke dit forbrug. Pr\u00f8v tanken \u201cmindre \u2013 men bedre\u201d. Sp\u00f8rg dig selv, om du virkelig har brug for det, f\u00f8r du k\u00f8ber. V\u00e6lg gerne lokalt og \u00f8kologisk, n\u00e5r det giver mening.<\/p>\n<p style=\"text-align: justify;\">Secondhand er ogs\u00e5 et st\u00e6rkt valg. T\u00f8j, m\u00f8bler og b\u00f8ger kan ofte findes i rigtig god stand. Det st\u00f8tter en mere cirkul\u00e6r \u00f8konomi og s\u00e6nker CO\u2082-aftrykket. Overvej ogs\u00e5 reparation og bytteordninger, som bryder med brug-og-smid-v\u00e6k-kulturen. Lidt efter lidt bliver det til vaner i hverdagen. Og det skaber mere balance mellem vores behov og planetens gr\u00e6nser.<\/p>\n<p><img loading=\"lazy\" decoding=\"async\" class=\"aligncenter wp-image-10430 size-medium\" src=\"https:\/\/www.vita-explorers.dk\/blog\/wp-content\/uploads\/2018\/06\/MG_9733-min-1-300x200.jpg\" alt=\"Internationalt natur- og dyreforl\u00f8b for canadiere\" width=\"300\" height=\"200\" srcset=\"https:\/\/www.vita-explorers.dk\/blog\/wp-content\/uploads\/2018\/06\/MG_9733-min-1-300x200.jpg 300w, https:\/\/www.vita-explorers.dk\/blog\/wp-content\/uploads\/2018\/06\/MG_9733-min-1-768x512.jpg 768w, https:\/\/www.vita-explorers.dk\/blog\/wp-content\/uploads\/2018\/06\/MG_9733-min-1-1024x683.jpg 1024w, https:\/\/www.vita-explorers.dk\/blog\/wp-content\/uploads\/2018\/06\/MG_9733-min-1-150x100.jpg 150w\" sizes=\"(max-width: 300px) 100vw, 300px\" \/><\/p>\n<p><!-- SECTION 6 --><\/p>\n<h2 id=\"section6\"><strong>6. Reduc\u00e9r og udnyt dit affald<\/strong><\/h2>\n<p style=\"text-align: justify;\">Affaldsreduktion er central for en gr\u00f8nnere fremtid. Sig nej til engangsprodukter som plastposer og engangskopper. V\u00e6lg genanvendelige beholdere, og g\u00e5 uden om un\u00f8dvendig emballage. Sort\u00e9r dit affald, s\u00e5 det er lettere at genanvende. Lav kompost af madaffald, s\u00e5 n\u00e6ringsstofferne kommer tilbage i jorden.<\/p>\n<p style=\"text-align: justify;\">St\u00f8t gerne lokale genbrugs- og upcycling-initiativer. Mange foreninger og v\u00e6rksteder g\u00f8r affald til nye, nyttige ressourcer. Tekstil kan for eksempel blive til accessories lavet af genbrugsmaterialer. N\u00e5r du st\u00f8tter den type projekter, mindsker du forurening og bidrager samtidig til lokal v\u00e6rdiskabelse. Lokale handlinger, der sker mange steder, kan samlet set skabe en stor positiv effekt.<\/p>\n<p><img loading=\"lazy\" decoding=\"async\" class=\"aligncenter wp-image-10172 size-medium\" src=\"https:\/\/www.vita-explorers.dk\/blog\/wp-content\/uploads\/2018\/06\/IMG_1494-min-300x225.jpg\" alt=\"At engagere sig globalt for en gr\u00f8nnere fremtid\" width=\"300\" height=\"225\" srcset=\"https:\/\/www.vita-explorers.dk\/blog\/wp-content\/uploads\/2018\/06\/IMG_1494-min-300x225.jpg 300w, https:\/\/www.vita-explorers.dk\/blog\/wp-content\/uploads\/2018\/06\/IMG_1494-min-768x576.jpg 768w, https:\/\/www.vita-explorers.dk\/blog\/wp-content\/uploads\/2018\/06\/IMG_1494-min-1024x768.jpg 1024w, https:\/\/www.vita-explorers.dk\/blog\/wp-content\/uploads\/2018\/06\/IMG_1494-min-150x113.jpg 150w\" sizes=\"(max-width: 300px) 100vw, 300px\" \/><\/p>\n<p><!-- SECTION 7 --><\/p>\n<h2 id=\"section7\">7. Vedvarende energi og energieffektivitet<\/h2>\n<p style=\"text-align: justify;\">Overgangen til vedvarende energi er en af hj\u00f8rnestenene i en gr\u00f8nnere fremtid. Sol, vind, vandkraft og geotermi belaster mindre end fossile br\u00e6ndsler. Du kan v\u00e6lge en el-aftale med gr\u00f8n str\u00f8m. Hvis du har mulighed, kan solceller ogs\u00e5 v\u00e6re relevant. P\u00e5 den m\u00e5de er du med til at st\u00f8tte udviklingen af renere energil\u00f8sninger.<\/p>\n<p style=\"text-align: justify;\">Energieffektivitet er lige s\u00e5 vigtig. God isolering reducerer behovet for opvarmning og k\u00f8ling. LED-p\u00e6rer og fokus p\u00e5 at undg\u00e5 spild s\u00e6nker ogs\u00e5 CO\u2082-aftrykket. Det g\u00f8r en forskel at slukke og frakoble elektronik, der ikke bruges. P\u00e5 et st\u00f8rre plan er det vigtigt at eftersp\u00f8rge ambiti\u00f8se standarder for bygninger og transport.<\/p>\n<p><img loading=\"lazy\" decoding=\"async\" class=\"aligncenter wp-image-9994 size-medium\" src=\"https:\/\/www.vita-explorers.dk\/blog\/wp-content\/uploads\/2018\/05\/29520506035_b08c0f294b_o-min-300x168.jpg\" alt=\"At engagere sig globalt for en gr\u00f8nnere fremtid\" width=\"300\" height=\"168\" srcset=\"https:\/\/www.vita-explorers.dk\/blog\/wp-content\/uploads\/2018\/05\/29520506035_b08c0f294b_o-min-300x168.jpg 300w, https:\/\/www.vita-explorers.dk\/blog\/wp-content\/uploads\/2018\/05\/29520506035_b08c0f294b_o-min-768x431.jpg 768w, https:\/\/www.vita-explorers.dk\/blog\/wp-content\/uploads\/2018\/05\/29520506035_b08c0f294b_o-min-1024x575.jpg 1024w, https:\/\/www.vita-explorers.dk\/blog\/wp-content\/uploads\/2018\/05\/29520506035_b08c0f294b_o-min-150x84.jpg 150w, https:\/\/www.vita-explorers.dk\/blog\/wp-content\/uploads\/2018\/05\/29520506035_b08c0f294b_o-min.jpg 2048w\" sizes=\"(max-width: 300px) 100vw, 300px\" \/><\/p>\n<p><!-- SECTION 8 --><\/p>\n<h2 id=\"section8\">8. Mere klimaansvarlige transportvalg<\/h2>\n<p style=\"text-align: justify;\">Transport er en stor kilde til udledning. Hvis du vil engagere dig globalt for en gr\u00f8nnere fremtid, kan det v\u00e6re en god id\u00e9 at gent\u00e6nke dine ture. Cykel, gang og l\u00f8behjul mindsker forurening. Samtidig kan det g\u00f8re bylivet roligere og sundere. Offentlig transport er, hvor den findes, et effektivt alternativ til bilen.<\/p>\n<p style=\"text-align: justify;\">P\u00e5 l\u00e6ngere ture kan samk\u00f8rsel og delebil reducere behovet for egen bil. N\u00e5r flyrejser ikke kan undg\u00e5s, kan du overveje at klimakompensere. Det kan for eksempel ske ved at st\u00f8tte projekter, der arbejder med genplantning eller beskyttelse af \u00f8kosystemer. Klimakompensation er ikke en perfekt l\u00f8sning, men kan v\u00e6re et f\u00f8rste skridt. Hjemmearbejde, n\u00e5r det er muligt, reducerer ogs\u00e5 transport og br\u00e6ndstofforbrug.<\/p>\n<p><img loading=\"lazy\" decoding=\"async\" class=\"aligncenter wp-image-9967 size-medium\" src=\"https:\/\/www.vita-explorers.dk\/blog\/wp-content\/uploads\/2018\/05\/23996480843_87f176bec2_o-min-200x300.jpg\" alt=\"At engagere sig globalt for en gr\u00f8nnere fremtid\" width=\"200\" height=\"300\" srcset=\"https:\/\/www.vita-explorers.dk\/blog\/wp-content\/uploads\/2018\/05\/23996480843_87f176bec2_o-min-200x300.jpg 200w, https:\/\/www.vita-explorers.dk\/blog\/wp-content\/uploads\/2018\/05\/23996480843_87f176bec2_o-min-100x150.jpg 100w, https:\/\/www.vita-explorers.dk\/blog\/wp-content\/uploads\/2018\/05\/23996480843_87f176bec2_o-min.jpg 333w\" sizes=\"(max-width: 200px) 100vw, 200px\" \/><\/p>\n<p><!-- SECTION 9 --><\/p>\n<h2 id=\"section9\">9. Beskyt biodiversiteten<\/h2>\n<p style=\"text-align: justify;\"><a href=\"https:\/\/www.vita-explorers.dk\/blog\/biodiversitet-frivilligt-arbejde-praktik-oekologi-bier-irland-colombia-frivilligt-engagement-ansvarligt-ophold-landbrug-biavl-2\/\" target=\"_blank\" rel=\"noopener\">Biodiversitet<\/a> er helt central for en gr\u00f8nnere fremtid. Hver plante- og dyreart har en funktion i sit \u00f8kosystem. N\u00e5r en art forsvinder, kan det udl\u00f8se en k\u00e6dereaktion. At plante tr\u00e6er, beskytte skove og st\u00f8tte best\u00f8vning er konkrete handlinger. Blomster, der passer til bier og sommerfugle, hj\u00e6lper best\u00f8vere i lokalomr\u00e5det.<\/p>\n<p style=\"text-align: justify;\">V\u00e5domr\u00e5der, koralrev og mangrover har ogs\u00e5 brug for beskyttelse. VITA\u2019s internationale forl\u00f8b giver mulighed for at bidrage direkte i praksis. Du f\u00e5r en dybere forst\u00e5else af, hvor s\u00e5rbare \u00f8kosystemer kan v\u00e6re \u2013 og hvorfor bevaring er vigtigt. P\u00e5 den m\u00e5de er du med til at styrke biodiversiteten for kommende generationer.<\/p>\n<p><img loading=\"lazy\" decoding=\"async\" class=\"aligncenter wp-image-9657 size-full\" src=\"https:\/\/www.vita-explorers.dk\/blog\/wp-content\/uploads\/2016\/06\/Copie-de-Copie-de-Globalong-en-vide\u0301o-17.jpg\" alt=\"Deltagere p\u00e5 internationalt \u00f8ko-forl\u00f8b\" width=\"300\" height=\"225\" srcset=\"https:\/\/www.vita-explorers.dk\/blog\/wp-content\/uploads\/2016\/06\/Copie-de-Copie-de-Globalong-en-vide\u0301o-17.jpg 300w, https:\/\/www.vita-explorers.dk\/blog\/wp-content\/uploads\/2016\/06\/Copie-de-Copie-de-Globalong-en-vide\u0301o-17-150x113.jpg 150w\" sizes=\"(max-width: 300px) 100vw, 300px\" \/><\/p>\n<p><!-- SECTION 10 --><\/p>\n<h2 id=\"section10\">10. F\u00e6llesskabets styrke og netv\u00e6rk<\/h2>\n<p style=\"text-align: justify;\">Det kan v\u00e6re sv\u00e6rt at holde motivationen alene. Et f\u00e6llesskab g\u00f8r det lettere at blive ved. <a href=\"https:\/\/www.vita-explorers.dk\/apropos.html\" target=\"_blank\" rel=\"noopener\">Bliv en del af et f\u00e6llesskab<\/a> eller deltag i workshops om zero waste. Du m\u00f8der mennesker, der deler dine v\u00e6rdier. Den slags samtaler giver retning og mening. Og de kan ogs\u00e5 give lyst til at tage n\u00e6ste skridt.<\/p>\n<p style=\"text-align: justify;\">Sociale medier og online platforme g\u00f8r det nemt at dele id\u00e9er. Her kan du finde tips, inspiration og brugbare ressourcer. Samtidig arbejder flere og flere virksomheder med <a href=\"https:\/\/www.vita-explorers.dk\/blog\/virksomhedsfrivillighed-i-quebec-international-strategi\/\" target=\"_blank\" rel=\"noopener\">CSR<\/a>. De reagerer i stigende grad p\u00e5 borgernes forventninger om mere b\u00e6redygtige l\u00f8sninger. St\u00f8t de brands, der arbejder seri\u00f8st \u2013 og stil sp\u00f8rgsm\u00e5l til dem, der ikke g\u00f8r.<\/p>\n<p><img loading=\"lazy\" decoding=\"async\" class=\"aligncenter wp-image-9771 size-full\" src=\"https:\/\/www.vita-explorers.dk\/blog\/wp-content\/uploads\/2018\/02\/Copie-de-Copie-de-Globalong-en-vide\u0301o-27.jpg\" alt=\"Retningslinjer for internationalt \u00f8ko-engagement\" width=\"300\" height=\"225\" srcset=\"https:\/\/www.vita-explorers.dk\/blog\/wp-content\/uploads\/2018\/02\/Copie-de-Copie-de-Globalong-en-vide\u0301o-27.jpg 300w, https:\/\/www.vita-explorers.dk\/blog\/wp-content\/uploads\/2018\/02\/Copie-de-Copie-de-Globalong-en-vide\u0301o-27-150x113.jpg 150w\" sizes=\"(max-width: 300px) 100vw, 300px\" \/><\/p>\n<p><!-- SECTION 11 --><\/p>\n<h2 id=\"section11\">11. VITA\u2019s rolle i gr\u00f8nt engagement<\/h2>\n<p style=\"text-align: justify;\">VITA er med til at skabe viden og engagement omkring en gr\u00f8nnere fremtid. Vores internationale forl\u00f8b, praktikmuligheder og l\u00e6ringsforl\u00f8b har fokus p\u00e5 b\u00e6redygtig udvikling. Det giver en konkret og praksisn\u00e6r erfaring. Du bidrager i feltet og opbygger samtidig kompetencer inden for gr\u00f8n projektforst\u00e5else. Du f\u00e5r ogs\u00e5 indblik i formidling, milj\u00f8p\u00e6dagogik og naturvejledning.<\/p>\n<p style=\"text-align: justify;\">N\u00e5r du bliver en del af VITA, bliver du ogs\u00e5 en del af et internationalt f\u00e6llesskab. Her m\u00f8des mennesker, der \u00f8nsker at passe bedre p\u00e5 planeten. Relationerne fra forl\u00f8bene lever ofte videre efter hjemkomst. De kan blive til et netv\u00e6rk, hvor man deler erfaringer og st\u00f8tter hinanden. Det kan forst\u00e6rke effekten af den enkelte indsats. Se mere p\u00e5 <a href=\"https:\/\/www.vita-explorers.dk\" target=\"_blank\" rel=\"noopener\">VITA\u2019s officielle hjemmeside<\/a>.<\/p>\n<p><!-- SECTION 12 --><\/p>\n<h2 id=\"section12\">12. Personlige gevinster ved gr\u00f8nt engagement<\/h2>\n<p style=\"text-align: justify;\">At engagere sig globalt for en gr\u00f8nnere fremtid gavner ikke kun planeten. Det kan ogs\u00e5 give en f\u00f8lelse af mening og sammenh\u00e6ng. N\u00e5r man skruer ned for overforbrug og bidrager til f\u00e6llesskabet, kan det <a href=\"https:\/\/www.vita-explorers.dk\/blog\/stresshaandtering-for-studerende-paa-praktik-i-udlandet\/\" target=\"_blank\" rel=\"noopener\">mindske stress.<\/a> At v\u00e6re en del af ansvarlige projekter kan ogs\u00e5 styrke selvtilliden. Mange oplever hurtigt, at deres handlinger faktisk g\u00f8r en forskel.<\/p>\n<p style=\"text-align: justify;\">Det kan ogs\u00e5 udvide din horisont. Du m\u00f8der andre kulturer og hverdagsrealiteter. Det kan give ny nysgerrighed og lyst til at l\u00e6re mere. Gr\u00f8nt engagement kan v\u00e6re en kilde til kreativitet. Og det kan \u00e5bne nye muligheder \u2013 b\u00e5de fagligt og personligt.<\/p>\n<p><img loading=\"lazy\" decoding=\"async\" class=\"aligncenter wp-image-16837 size-medium\" src=\"https:\/\/www.vita-explorers.dk\/blog\/wp-content\/uploads\/2024\/06\/DALL\u00b7E-2024-06-09-17.42.15-An-illustrated-representation-of-the-17-Sustainable-Development-Goals-SDGs-as-set-by-the-United-Nations.-The-image-includes-colorful-icons-or-symbol-300x171.webp\" alt=\"FN\u2019s Verdensm\u00e5l\" width=\"300\" height=\"171\" srcset=\"https:\/\/www.vita-explorers.dk\/blog\/wp-content\/uploads\/2024\/06\/DALL\u00b7E-2024-06-09-17.42.15-An-illustrated-representation-of-the-17-Sustainable-Development-Goals-SDGs-as-set-by-the-United-Nations.-The-image-includes-colorful-icons-or-symbol-300x171.webp 300w, https:\/\/www.vita-explorers.dk\/blog\/wp-content\/uploads\/2024\/06\/DALL\u00b7E-2024-06-09-17.42.15-An-illustrated-representation-of-the-17-Sustainable-Development-Goals-SDGs-as-set-by-the-United-Nations.-The-image-includes-colorful-icons-or-symbol-1024x585.webp 1024w, https:\/\/www.vita-explorers.dk\/blog\/wp-content\/uploads\/2024\/06\/DALL\u00b7E-2024-06-09-17.42.15-An-illustrated-representation-of-the-17-Sustainable-Development-Goals-SDGs-as-set-by-the-United-Nations.-The-image-includes-colorful-icons-or-symbol-768x439.webp 768w, https:\/\/www.vita-explorers.dk\/blog\/wp-content\/uploads\/2024\/06\/DALL\u00b7E-2024-06-09-17.42.15-An-illustrated-representation-of-the-17-Sustainable-Development-Goals-SDGs-as-set-by-the-United-Nations.-The-image-includes-colorful-icons-or-symbol-1536x878.webp 1536w, https:\/\/www.vita-explorers.dk\/blog\/wp-content\/uploads\/2024\/06\/DALL\u00b7E-2024-06-09-17.42.15-An-illustrated-representation-of-the-17-Sustainable-Development-Goals-SDGs-as-set-by-the-United-Nations.-The-image-includes-colorful-icons-or-symbol.webp 1792w\" sizes=\"(max-width: 300px) 100vw, 300px\" \/><\/p>\n<p><!-- SECTION 13 --><\/p>\n<h2 id=\"section13\">13. Verdensm\u00e5lene for b\u00e6redygtig udvikling (SDG)<\/h2>\n<p style=\"text-align: justify;\"><a href=\"https:\/\/www.vita-explorers.dk\/blog\/m\u00e5l-for-at-redde-verden-fn\/\" target=\"_blank\" rel=\"noopener\">Verdensm\u00e5lene for b\u00e6redygtig udvikling (SDG)<\/a> er en god rettesnor. De er vedtaget af FN og skal b\u00e5de bek\u00e6mpe fattigdom og beskytte planeten. De 17 m\u00e5l handler blandt andet om adgang til rent vand, ren energi og klimaindsats. At engagere sig globalt for en gr\u00f8nnere fremtid er ogs\u00e5 at bakke op om verdensm\u00e5lene i praksis. M\u00e5lene g\u00f8r det muligt for stater, virksomheder og borgere at f\u00f8lge udvikling og fremskridt.<\/p>\n<p style=\"text-align: justify;\">N\u00e5r du deltager i et internationalt forl\u00f8b, kan du bidrage til flere af verdensm\u00e5lene p\u00e5 \u00e9n gang. Hvilke m\u00e5l der ber\u00f8res, afh\u00e6nger af stedet og typen af indsats. Det vigtige er at t\u00e6nke sammenh\u00e6ng og koordinering, s\u00e5 arbejdet giver st\u00f8rst mulig effekt. Det er s\u00e5dan, vi kan rykke os mod en gr\u00f8nnere og mere fair fremtid.<\/p>\n<p><!-- SECTION 14 --><\/p>\n<h2 id=\"section14\"><strong>14. Udfordringer ved at holde motivationen<\/strong><\/h2>\n<p style=\"text-align: justify;\">At \u00e6ndre vaner kan f\u00f8les besv\u00e6rligt. Mangel p\u00e5 tid, \u00f8konomi eller opbakning kan g\u00f8re det sv\u00e6rere at omstille sig. Men det hj\u00e6lper at tage det i etaper. Start med f\u00e5, enkle valg. L\u00e6g m\u00e6rke til fremskridtene, og brug dem til at styrke din motivation.<\/p>\n<p style=\"text-align: justify;\">Klimaangst er en anden udfordring. Den kan opst\u00e5, n\u00e5r man bliver bevidst om problemets omfang. For at h\u00e5ndtere det kan du handle lokalt og finde f\u00e6llesskaber, hvor man kan tale \u00e5bent. Del dine bekymringer og find ro i, at du ikke st\u00e5r alene. Et engageret f\u00e6llesskab kan v\u00e6re med til at holde motivationen oppe.<\/p>\n<p><img loading=\"lazy\" decoding=\"async\" class=\"aligncenter wp-image-20057 size-medium\" src=\"https:\/\/www.vita-explorers.dk\/blog\/wp-content\/uploads\/2025\/01\/PHOTO-2022-09-22-16-06-22-2-63c54b26776af-300x195.jpeg\" alt=\"\u00d8ko-forl\u00f8b: beskyt milj\u00f8et\" width=\"300\" height=\"195\" srcset=\"https:\/\/www.vita-explorers.dk\/blog\/wp-content\/uploads\/2025\/01\/PHOTO-2022-09-22-16-06-22-2-63c54b26776af-300x195.jpeg 300w, https:\/\/www.vita-explorers.dk\/blog\/wp-content\/uploads\/2025\/01\/PHOTO-2022-09-22-16-06-22-2-63c54b26776af.jpeg 370w\" sizes=\"(max-width: 300px) 100vw, 300px\" \/><\/p>\n<p><!-- SECTION 15 --><\/p>\n<h2 id=\"section15\">15. Digitale v\u00e6rkt\u00f8jer til gr\u00f8n handling i hverdagen<\/h2>\n<p style=\"text-align: justify;\">Teknologi kan v\u00e6re en hj\u00e6lp, n\u00e5r du vil engagere dig globalt for en gr\u00f8nnere fremtid. Nogle apps beregner dit CO\u2082-aftryk og foresl\u00e5r forbedringer. Andre giver zero-waste-udfordringer eller opskrifter, der minimerer madspild. P\u00e5 sociale medier kan du finde inspiration og st\u00f8tte. Online underskriftsindsamlinger g\u00f8r det ogs\u00e5 muligt at l\u00f8fte din stemme i st\u00f8rre skala.<\/p>\n<p style=\"text-align: justify;\">Crowdfunding kan st\u00f8tte lovende, gr\u00f8nne projekter. Platforme for frivilligt arbejde g\u00f8r det lettere at finde relevante muligheder. Du kan engagere dig hjemmefra eller i praksis \u2013 alt efter hvad der passer i din hverdag. Teknologi kan udvide mulighederne for ansvarligt engagement.<\/p>\n<p><img loading=\"lazy\" decoding=\"async\" class=\"aligncenter wp-image-19333 size-medium\" src=\"https:\/\/www.vita-explorers.dk\/blog\/wp-content\/uploads\/2024\/11\/36517397186_1ef23a5efd_w-300x225.jpg\" alt=\"Deltager p\u00e5 forl\u00f8b i Marokko\" width=\"300\" height=\"225\" srcset=\"https:\/\/www.vita-explorers.dk\/blog\/wp-content\/uploads\/2024\/11\/36517397186_1ef23a5efd_w-300x225.jpg 300w, https:\/\/www.vita-explorers.dk\/blog\/wp-content\/uploads\/2024\/11\/36517397186_1ef23a5efd_w.jpg 400w\" sizes=\"(max-width: 300px) 100vw, 300px\" \/><\/p>\n<p><!-- SECTION 16 --><\/p>\n<h2 id=\"section16\">16. Cirkul\u00e6r \u00f8konomi: en model for fremtiden<\/h2>\n<p style=\"text-align: justify;\">Den line\u00e6re \u00f8konomi \u2013 \u201cproducer, forbrug, smid ud\u201d \u2013 t\u00e6rer p\u00e5 ressourcerne. Cirkul\u00e6r \u00f8konomi peger p\u00e5 en anden vej. Her handler det om at lukke kredsl\u00f8b i produktionen. Genanvendelse, reparation og genbrug f\u00e5r h\u00f8jere v\u00e6rdi. Det reducerer affaldsm\u00e6ngder og forurening.<\/p>\n<p style=\"text-align: justify;\">At engagere sig globalt for en gr\u00f8nnere fremtid kan ogs\u00e5 betyde at st\u00f8tte mere cirkul\u00e6re l\u00f8sninger. V\u00e6lg brands, der t\u00e6nker i kortere forsyningsk\u00e6der og genanvendte materialer. Derudover kan du bakke op om borgerinitiativer, som fremmer reparation eller deleordninger. Udviklingen kan ogs\u00e5 skabe nye, lokale og mere langsigtede jobmuligheder. Og du bliver en aktiv del af en st\u00f8rre omstilling.<\/p>\n<p><!-- SECTION 17 --><\/p>\n<h2 id=\"section17\">17. Myndighedernes og virksomhedernes rolle<\/h2>\n<p style=\"text-align: justify;\">Individuelle valg betyder noget, men de kan ikke st\u00e5 alene. Myndighederne skal s\u00e6tte rammer, der bedre beskytter milj\u00f8et. Det kan v\u00e6re regler mod plastforurening, bedre vilk\u00e5r for vedvarende energi og mere ambiti\u00f8se standarder. Virksomheder skal samtidig se p\u00e5 deres produktion og v\u00e6rdik\u00e6der. Der er brug for strategier, der tager hensyn til planetens gr\u00e6nser.<\/p>\n<p style=\"text-align: justify;\">Borgernes pres kan rykke beslutninger. Underskriftsindsamlinger og f\u00e6lles initiativer kan f\u00e5 ansvarlige til at handle. Valg og forbrug er ogs\u00e5 st\u00e6rke virkemidler. Jo flere der eftersp\u00f8rger gennemsigtighed, jo mere flytter systemet sig. Derfor giver det mening at engagere sig globalt for en gr\u00f8nnere fremtid.<\/p>\n<p><!-- SECTION 18 --><\/p>\n<h2 id=\"section18\">18. Kom i gang allerede nu<\/h2>\n<p style=\"text-align: justify;\">Det kan v\u00e6re sv\u00e6rt at vide, hvor man skal starte. Men det bedste tidspunkt at g\u00e5 i gang er nu. Sort\u00e9r dit affald og skru ned for k\u00f8dforbruget \u2013 det er et konkret f\u00f8rste skridt. Del derefter dine erfaringer med dem omkring dig. Inviter til f\u00e6lles udfordringer, som for eksempel en m\u00e5ned uden plastik.<\/p>\n<p style=\"text-align: justify;\">Du beh\u00f8ver ikke v\u00e6re perfekt. Det vigtigste er at komme ind i en rytme, hvor du l\u00f8bende forbedrer dig. Ved at afpr\u00f8ve nye vaner finder du det, der passer til dig. Over tid bliver dine valg mere pr\u00e6cise. Og din effekt vokser \u2013 samtidig med at du inspirerer andre.<\/p>\n<p><img loading=\"lazy\" decoding=\"async\" class=\"aligncenter wp-image-19331 size-medium\" src=\"https:\/\/www.vita-explorers.dk\/blog\/wp-content\/uploads\/2024\/11\/35771816284_387dfb142d-300x179.jpg\" alt=\"Humanit\u00e6r rejse\" width=\"300\" height=\"179\" srcset=\"https:\/\/www.vita-explorers.dk\/blog\/wp-content\/uploads\/2024\/11\/35771816284_387dfb142d-300x179.jpg 300w, https:\/\/www.vita-explorers.dk\/blog\/wp-content\/uploads\/2024\/11\/35771816284_387dfb142d.jpg 500w\" sizes=\"(max-width: 300px) 100vw, 300px\" \/><\/p>\n<p><!-- SECTION 19 --><\/p>\n<h2 id=\"section19\">19. Skab en positiv k\u00e6dereaktion<\/h2>\n<p style=\"text-align: justify;\">En positiv k\u00e6dereaktion er vigtig, hvis adf\u00e6rd skal \u00e6ndre sig. N\u00e5r andre ser dig handle, bliver det lettere for dem selv at g\u00f8re noget. Den effekt kan sprede sig langt ud over din n\u00e6rmeste omgangskreds. Sociale medier og samtaler i det offentlige rum kan forst\u00e6rke det. N\u00e5r du deler dine sm\u00e5 sejre, kan det motivere andre til at pr\u00f8ve.<\/p>\n<p style=\"text-align: justify;\">At engagere sig globalt for en gr\u00f8nnere fremtid bliver dermed et f\u00e6lles projekt. Du kan f\u00e5 venner, kolleger og naboer med. Selv sm\u00e5 initiativer kan vokse og f\u00e5 st\u00f8rre gennemslag. Det er s\u00e5dan, st\u00e6rke borgerbev\u00e6gelser opst\u00e5r. Og de kan accelerere den gr\u00f8nne omstilling i st\u00f8rre skala.<\/p>\n<p><!-- SECTION 20 --><\/p>\n<h2 id=\"section20\">20. Konklusion: en fremtid vi bygger sammen<\/h2>\n<p style=\"text-align: justify;\">At engagere sig globalt for en gr\u00f8nnere fremtid er en stor udfordring. Men det er ogs\u00e5 en reel mulighed for at gent\u00e6nke vores forhold til planeten. Vi kan skabe et samfund, der er mere solidarisk og mere respektfuldt over for naturen. Individuelle valg, der h\u00e6nger sammen med f\u00e6lles handling, er fundamentet under forandringen. VITA giver en ramme for at engagere sig i ansvarlige, gr\u00f8nne forl\u00f8b.<\/p>\n<p style=\"text-align: justify;\">Uanset om du er studerende, i arbejde eller <a href=\"https:\/\/www.vita-explorers.dk\/blog\/humanitaer-rejse-for-pensionister-og-seniorer\/\" target=\"_blank\" rel=\"noopener\">pensionist<\/a>, kan du bidrage. Du kan m\u00f8de andre kulturer og opbygge konkrete erfaringer. Sammen kan vi g\u00f8re en forskel og give kommende generationer et sundere milj\u00f8. Klar til at engagere dig? S\u00e5 er det nu, du kan tage n\u00e6ste skridt.<\/p>\n<p><!-- CTA --><\/p>\n<h2 id=\"cta\">Kom i gang med VITA allerede i dag<\/h2>\n<p style=\"text-align: justify;\">Hvis du vil tage n\u00e6ste skridt og g\u00f8re dit engagement mere konkret, s\u00e5 <strong><a href=\"https:\/\/www.vita-explorers.dk\" target=\"_blank\" rel=\"noopener\">se vores programmer og internationale forl\u00f8b p\u00e5 VITA\u2019s hjemmeside<\/a><\/strong>. Du kan v\u00e6re med inden for biodiversitet, milj\u00f8undervisning eller udvikling af mere b\u00e6redygtige projekter. Der findes forskellige muligheder, der kan tilpasses din profil. Du er ogs\u00e5 velkommen til at <strong><a href=\"https:\/\/www.vita-explorers.dk\/#tel-contact-form-glob\" target=\"_blank\" rel=\"noopener\">kontakte os<\/a><\/strong>, hvis du vil h\u00f8re mere. Sammen kan vi bygge en gr\u00f8nnere og mere ansvarlig fremtid. Hver indsats t\u00e6ller, og vi tror p\u00e5, at f\u00e6llesskab kan s\u00e6tte store forandringer i gang.<\/p>\n<p><!-- FAQ --><\/p>\n<h2 id=\"faq\">FAQ: At engagere sig globalt for en gr\u00f8nnere fremtid<\/h2>\n<h3><strong>1. Hvorfor er det akut at engagere sig globalt for en gr\u00f8nnere fremtid?<\/strong><\/h3>\n<p style=\"text-align: justify;\">Klimaforandringer presser vores \u00f8kosystemer og p\u00e5virker ogs\u00e5 vores sundhed. Hver handling t\u00e6ller, n\u00e5r vi skal passe p\u00e5 planeten.<\/p>\n<h3><strong>2. Hvordan kan jeg nemt reducere mit klima- og milj\u00f8aftryk?<\/strong><\/h3>\n<p style=\"text-align: justify;\">Hold \u00f8je med dit forbrug af energi og vand. V\u00e6lg ogs\u00e5 genbrugelige produkter og mere sk\u00e5nsomme transportformer.<\/p>\n<h3><strong>3. Hvad er forskellen p\u00e5 frivilligt arbejde lokalt og internationalt?<\/strong><\/h3>\n<p style=\"text-align: justify;\">Lokalt frivilligt arbejde tager udgangspunkt i behovene i dit n\u00e6romr\u00e5de. Internationale forl\u00f8b giver indblik i andre kulturelle og milj\u00f8m\u00e6ssige sammenh\u00e6nge.<\/p>\n<h3><strong>4. Hvordan st\u00f8tter VITA gr\u00f8nne projekter?<\/strong><\/h3>\n<p style=\"text-align: justify;\">VITA tilbyder internationale forl\u00f8b med fokus p\u00e5 milj\u00f8 og natur. Vi forbereder ogs\u00e5 deltagere i ansvarlige praksisser.<\/p>\n<h3><strong>5. Kan jeg engagere mig, selvom jeg er ny i \u00f8kologi og b\u00e6redygtighed?<\/strong><\/h3>\n<p style=\"text-align: justify;\">Ja. De fleste starter med sm\u00e5 \u00e6ndringer. VITA og mange f\u00e6llesskaber g\u00f8r det lettere at komme i gang.<\/p>\n<p class=\"p4\"><b>Hvis du vil h\u00f8re mere, er du velkommen til at kontakte os p\u00e5 <\/b><a href=\"mailto:info@globalong.com\"><span class=\"s2\"><b>info@globalong.com<\/b><\/span><\/a><\/p>\n<p class=\"p4\" style=\"text-align: center;\"><b>Vil du f\u00f8lge med i VITA og vores community, s\u00e5 find os p\u00e5 <\/b><a href=\"https:\/\/www.instagram.com\/globalongofficiel\/\" target=\"_blank\" rel=\"noopener\"><span class=\"s2\"><b>Instagram<\/b><\/span><\/a><b>, <\/b><a href=\"https:\/\/www.facebook.com\/globalong\" target=\"_blank\" rel=\"noopener\"><span class=\"s2\"><b>Facebook<\/b><\/span><\/a><b>, <\/b><a href=\"https:\/\/www.linkedin.com\/company\/5113177\/admin\/feed\/posts\/\" target=\"_blank\" rel=\"noopener\"><span class=\"s2\"><b>LinkedIn<\/b><\/span><\/a><b> og <\/b><a href=\"https:\/\/www.youtube.com\/c\/globalong\/videos\" target=\"_blank\" rel=\"noopener\"><span class=\"s2\"><b>YouTube<\/b><\/span><\/a><b>!<\/b><\/p>\n<p><!-- FIN DU CONTENU --><\/p>\n<p>\u00a0<\/p>\n","protected":false},"excerpt":{"rendered":"<p>Indhold Introduktion 1. At engagere sig globalt for en gr\u00f8nnere fremtid: derfor er det vigtigt 2. Effekten af vores valg i hverdagen 3. Uddannelse\u2026<\/p>\n","protected":false},"author":7,"featured_media":20761,"comment_status":"open","ping_status":"open","sticky":false,"template":"","format":"standard","meta":{"footnotes":""},"categories":[1,6,4],"tags":[],"yoast_head":"<!-- This site is optimized with the Yoast SEO Premium plugin v23.4 (Yoast SEO v23.4) - https:\/\/yoast.com\/wordpress\/plugins\/seo\/ -->\n<title>Engag\u00e9r dig globalt for en gr\u00f8nnere fremtid: praktisk guide - VITA Explorers Blog<\/title>\n<meta name=\"description\" content=\"D\u00e9couvrez comment s\u2019engager globalement pour un futur vert et participer activement \u00e0 la protection de notre plan\u00e8te.\" \/>\n<meta name=\"robots\" content=\"index, follow, max-snippet:-1, max-image-preview:large, max-video-preview:-1\" \/>\n<link rel=\"canonical\" href=\"https:\/\/www.vita-explorers.dk\/blog\/engager-dig-globalt-for-en-groennere-fremtid\/\" \/>\n<meta property=\"og:locale\" content=\"da_DK\" \/>\n<meta property=\"og:type\" content=\"article\" \/>\n<meta property=\"og:title\" content=\"Engag\u00e9r dig globalt for en gr\u00f8nnere fremtid\" \/>\n<meta property=\"og:description\" content=\"D\u00e9couvrez comment s\u2019engager globalement pour un futur vert et participer activement \u00e0 la protection de notre plan\u00e8te.\" \/>\n<meta property=\"og:url\" content=\"https:\/\/www.vita-explorers.dk\/blog\/engager-dig-globalt-for-en-groennere-fremtid\/\" \/>\n<meta property=\"og:site_name\" content=\"VITA Explorers Blog\" \/>\n<meta property=\"article:publisher\" content=\"https:\/\/www.facebook.com\/globalong\" \/>\n<meta property=\"article:published_time\" content=\"2025-04-02T03:57:39+00:00\" \/>\n<meta property=\"article:modified_time\" content=\"2025-03-31T15:31:59+00:00\" \/>\n<meta property=\"og:image\" content=\"https:\/\/www.vita-explorers.dk\/blog\/wp-content\/uploads\/2025\/02\/CruceAndinoBannerTours2-3561686587.jpg\" \/>\n\t<meta property=\"og:image:width\" content=\"1000\" \/>\n\t<meta property=\"og:image:height\" content=\"562\" \/>\n\t<meta property=\"og:image:type\" content=\"image\/jpeg\" \/>\n<meta name=\"author\" content=\"VITA Tribe\" \/>\n<meta name=\"twitter:card\" content=\"summary_large_image\" \/>\n<meta name=\"twitter:label1\" content=\"Skrevet af\" \/>\n\t<meta name=\"twitter:data1\" content=\"VITA Tribe\" \/>\n\t<meta name=\"twitter:label2\" content=\"Estimeret l\u00e6setid\" \/>\n\t<meta name=\"twitter:data2\" content=\"18 minutter\" \/>\n<script type=\"application\/ld+json\" class=\"yoast-schema-graph\">{\"@context\":\"https:\/\/schema.org\",\"@graph\":[{\"@type\":\"Article\",\"@id\":\"https:\/\/www.vita-explorers.dk\/blog\/engager-dig-globalt-for-en-groennere-fremtid\/#article\",\"isPartOf\":{\"@id\":\"https:\/\/www.vita-explorers.dk\/blog\/engager-dig-globalt-for-en-groennere-fremtid\/\"},\"author\":{\"name\":\"VITA Tribe\",\"@id\":\"https:\/\/www.vita-explorers.dk\/blog\/#\/schema\/person\/fc0343a2f2db2ebb2793c1f62dbe73f0\"},\"headline\":\"Engag\u00e9r dig globalt for en gr\u00f8nnere fremtid\",\"datePublished\":\"2025-04-02T03:57:39+00:00\",\"dateModified\":\"2025-03-31T15:31:59+00:00\",\"mainEntityOfPage\":{\"@id\":\"https:\/\/www.vita-explorers.dk\/blog\/engager-dig-globalt-for-en-groennere-fremtid\/\"},\"wordCount\":3197,\"commentCount\":0,\"publisher\":{\"@id\":\"https:\/\/www.vita-explorers.dk\/blog\/#organization\"},\"image\":{\"@id\":\"https:\/\/www.vita-explorers.dk\/blog\/engager-dig-globalt-for-en-groennere-fremtid\/#primaryimage\"},\"thumbnailUrl\":\"https:\/\/www.vita-explorers.dk\/blog\/wp-content\/uploads\/2025\/02\/CruceAndinoBannerTours2-3561686587.jpg\",\"articleSection\":[\"No Name\",\"Nyheder\",\"VITA Explorers\"],\"inLanguage\":\"da-DK\",\"potentialAction\":[{\"@type\":\"CommentAction\",\"name\":\"Comment\",\"target\":[\"https:\/\/www.vita-explorers.dk\/blog\/engager-dig-globalt-for-en-groennere-fremtid\/#respond\"]}]},{\"@type\":\"WebPage\",\"@id\":\"https:\/\/www.vita-explorers.dk\/blog\/engager-dig-globalt-for-en-groennere-fremtid\/\",\"url\":\"https:\/\/www.vita-explorers.dk\/blog\/engager-dig-globalt-for-en-groennere-fremtid\/\",\"name\":\"Engag\u00e9r dig globalt for en gr\u00f8nnere fremtid: praktisk guide - VITA Explorers Blog\",\"isPartOf\":{\"@id\":\"https:\/\/www.vita-explorers.dk\/blog\/#website\"},\"primaryImageOfPage\":{\"@id\":\"https:\/\/www.vita-explorers.dk\/blog\/engager-dig-globalt-for-en-groennere-fremtid\/#primaryimage\"},\"image\":{\"@id\":\"https:\/\/www.vita-explorers.dk\/blog\/engager-dig-globalt-for-en-groennere-fremtid\/#primaryimage\"},\"thumbnailUrl\":\"https:\/\/www.vita-explorers.dk\/blog\/wp-content\/uploads\/2025\/02\/CruceAndinoBannerTours2-3561686587.jpg\",\"datePublished\":\"2025-04-02T03:57:39+00:00\",\"dateModified\":\"2025-03-31T15:31:59+00:00\",\"description\":\"D\u00e9couvrez comment s\u2019engager globalement pour un futur vert et participer activement \u00e0 la protection de notre plan\u00e8te.\",\"breadcrumb\":{\"@id\":\"https:\/\/www.vita-explorers.dk\/blog\/engager-dig-globalt-for-en-groennere-fremtid\/#breadcrumb\"},\"inLanguage\":\"da-DK\",\"potentialAction\":[{\"@type\":\"ReadAction\",\"target\":[\"https:\/\/www.vita-explorers.dk\/blog\/engager-dig-globalt-for-en-groennere-fremtid\/\"]}]},{\"@type\":\"ImageObject\",\"inLanguage\":\"da-DK\",\"@id\":\"https:\/\/www.vita-explorers.dk\/blog\/engager-dig-globalt-for-en-groennere-fremtid\/#primaryimage\",\"url\":\"https:\/\/www.vita-explorers.dk\/blog\/wp-content\/uploads\/2025\/02\/CruceAndinoBannerTours2-3561686587.jpg\",\"contentUrl\":\"https:\/\/www.vita-explorers.dk\/blog\/wp-content\/uploads\/2025\/02\/CruceAndinoBannerTours2-3561686587.jpg\",\"width\":1000,\"height\":562,\"caption\":\"Voyage humanitaire en Argentine\"},{\"@type\":\"BreadcrumbList\",\"@id\":\"https:\/\/www.vita-explorers.dk\/blog\/engager-dig-globalt-for-en-groennere-fremtid\/#breadcrumb\",\"itemListElement\":[{\"@type\":\"ListItem\",\"position\":1,\"name\":\"Accueil\",\"item\":\"https:\/\/www.vita-explorers.dk\/blog\/\"},{\"@type\":\"ListItem\",\"position\":2,\"name\":\"Engag\u00e9r dig globalt for en gr\u00f8nnere fremtid\"}]},{\"@type\":\"WebSite\",\"@id\":\"https:\/\/www.vita-explorers.dk\/blog\/#website\",\"url\":\"https:\/\/www.vita-explorers.dk\/blog\/\",\"name\":\"Association Globalong\",\"description\":\"Frivilligt arbejde, sprogophold, praktik i udlandet og internationale oplevelser\",\"publisher\":{\"@id\":\"https:\/\/www.vita-explorers.dk\/blog\/#organization\"},\"potentialAction\":[{\"@type\":\"SearchAction\",\"target\":{\"@type\":\"EntryPoint\",\"urlTemplate\":\"https:\/\/www.vita-explorers.dk\/blog\/?s={search_term_string}\"},\"query-input\":{\"@type\":\"PropertyValueSpecification\",\"valueRequired\":true,\"valueName\":\"search_term_string\"}}],\"inLanguage\":\"da-DK\"},{\"@type\":\"Organization\",\"@id\":\"https:\/\/www.vita-explorers.dk\/blog\/#organization\",\"name\":\"Association Globalong\",\"url\":\"https:\/\/www.vita-explorers.dk\/blog\/\",\"logo\":{\"@type\":\"ImageObject\",\"inLanguage\":\"da-DK\",\"@id\":\"https:\/\/www.vita-explorers.dk\/blog\/#\/schema\/logo\/image\/\",\"url\":\"https:\/\/www.globalong.com\/blog\/wp-content\/uploads\/2014\/11\/cropped-cropped-Logo-et-Afrique-Globalong-petite-taille-2.jpg\",\"contentUrl\":\"https:\/\/www.globalong.com\/blog\/wp-content\/uploads\/2014\/11\/cropped-cropped-Logo-et-Afrique-Globalong-petite-taille-2.jpg\",\"width\":512,\"height\":512,\"caption\":\"Association Globalong\"},\"image\":{\"@id\":\"https:\/\/www.vita-explorers.dk\/blog\/#\/schema\/logo\/image\/\"},\"sameAs\":[\"https:\/\/www.facebook.com\/globalong\"]},{\"@type\":\"Person\",\"@id\":\"https:\/\/www.vita-explorers.dk\/blog\/#\/schema\/person\/fc0343a2f2db2ebb2793c1f62dbe73f0\",\"name\":\"VITA Tribe\",\"image\":{\"@type\":\"ImageObject\",\"inLanguage\":\"da-DK\",\"@id\":\"https:\/\/www.vita-explorers.dk\/blog\/#\/schema\/person\/image\/\",\"url\":\"https:\/\/secure.gravatar.com\/avatar\/f7f05026bb439d0c96b30e135e5f852c?s=96&d=mm&r=g\",\"contentUrl\":\"https:\/\/secure.gravatar.com\/avatar\/f7f05026bb439d0c96b30e135e5f852c?s=96&d=mm&r=g\",\"caption\":\"VITA Tribe\"},\"sameAs\":[\"http:\/\/www.globalong.com\"],\"url\":\"https:\/\/www.vita-explorers.dk\/blog\/author\/teamglobalong\/\"}]}<\/script>\n<!-- \/ Yoast SEO Premium plugin. -->","yoast_head_json":{"title":"Engag\u00e9r dig globalt for en gr\u00f8nnere fremtid: praktisk guide - VITA Explorers Blog","description":"D\u00e9couvrez comment s\u2019engager globalement pour un futur vert et participer activement \u00e0 la protection de notre plan\u00e8te.","robots":{"index":"index","follow":"follow","max-snippet":"max-snippet:-1","max-image-preview":"max-image-preview:large","max-video-preview":"max-video-preview:-1"},"canonical":"https:\/\/www.vita-explorers.dk\/blog\/engager-dig-globalt-for-en-groennere-fremtid\/","og_locale":"da_DK","og_type":"article","og_title":"Engag\u00e9r dig globalt for en gr\u00f8nnere fremtid","og_description":"D\u00e9couvrez comment s\u2019engager globalement pour un futur vert et participer activement \u00e0 la protection de notre plan\u00e8te.","og_url":"https:\/\/www.vita-explorers.dk\/blog\/engager-dig-globalt-for-en-groennere-fremtid\/","og_site_name":"VITA Explorers Blog","article_publisher":"https:\/\/www.facebook.com\/globalong","article_published_time":"2025-04-02T03:57:39+00:00","article_modified_time":"2025-03-31T15:31:59+00:00","og_image":[{"width":1000,"height":562,"url":"https:\/\/www.vita-explorers.dk\/blog\/wp-content\/uploads\/2025\/02\/CruceAndinoBannerTours2-3561686587.jpg","type":"image\/jpeg"}],"author":"VITA Tribe","twitter_card":"summary_large_image","twitter_misc":{"Skrevet af":"VITA Tribe","Estimeret l\u00e6setid":"18 minutter"},"schema":{"@context":"https:\/\/schema.org","@graph":[{"@type":"Article","@id":"https:\/\/www.vita-explorers.dk\/blog\/engager-dig-globalt-for-en-groennere-fremtid\/#article","isPartOf":{"@id":"https:\/\/www.vita-explorers.dk\/blog\/engager-dig-globalt-for-en-groennere-fremtid\/"},"author":{"name":"VITA Tribe","@id":"https:\/\/www.vita-explorers.dk\/blog\/#\/schema\/person\/fc0343a2f2db2ebb2793c1f62dbe73f0"},"headline":"Engag\u00e9r dig globalt for en gr\u00f8nnere fremtid","datePublished":"2025-04-02T03:57:39+00:00","dateModified":"2025-03-31T15:31:59+00:00","mainEntityOfPage":{"@id":"https:\/\/www.vita-explorers.dk\/blog\/engager-dig-globalt-for-en-groennere-fremtid\/"},"wordCount":3197,"commentCount":0,"publisher":{"@id":"https:\/\/www.vita-explorers.dk\/blog\/#organization"},"image":{"@id":"https:\/\/www.vita-explorers.dk\/blog\/engager-dig-globalt-for-en-groennere-fremtid\/#primaryimage"},"thumbnailUrl":"https:\/\/www.vita-explorers.dk\/blog\/wp-content\/uploads\/2025\/02\/CruceAndinoBannerTours2-3561686587.jpg","articleSection":["No Name","Nyheder","VITA Explorers"],"inLanguage":"da-DK","potentialAction":[{"@type":"CommentAction","name":"Comment","target":["https:\/\/www.vita-explorers.dk\/blog\/engager-dig-globalt-for-en-groennere-fremtid\/#respond"]}]},{"@type":"WebPage","@id":"https:\/\/www.vita-explorers.dk\/blog\/engager-dig-globalt-for-en-groennere-fremtid\/","url":"https:\/\/www.vita-explorers.dk\/blog\/engager-dig-globalt-for-en-groennere-fremtid\/","name":"Engag\u00e9r dig globalt for en gr\u00f8nnere fremtid: praktisk guide - VITA Explorers Blog","isPartOf":{"@id":"https:\/\/www.vita-explorers.dk\/blog\/#website"},"primaryImageOfPage":{"@id":"https:\/\/www.vita-explorers.dk\/blog\/engager-dig-globalt-for-en-groennere-fremtid\/#primaryimage"},"image":{"@id":"https:\/\/www.vita-explorers.dk\/blog\/engager-dig-globalt-for-en-groennere-fremtid\/#primaryimage"},"thumbnailUrl":"https:\/\/www.vita-explorers.dk\/blog\/wp-content\/uploads\/2025\/02\/CruceAndinoBannerTours2-3561686587.jpg","datePublished":"2025-04-02T03:57:39+00:00","dateModified":"2025-03-31T15:31:59+00:00","description":"D\u00e9couvrez comment s\u2019engager globalement pour un futur vert et participer activement \u00e0 la protection de notre plan\u00e8te.","breadcrumb":{"@id":"https:\/\/www.vita-explorers.dk\/blog\/engager-dig-globalt-for-en-groennere-fremtid\/#breadcrumb"},"inLanguage":"da-DK","potentialAction":[{"@type":"ReadAction","target":["https:\/\/www.vita-explorers.dk\/blog\/engager-dig-globalt-for-en-groennere-fremtid\/"]}]},{"@type":"ImageObject","inLanguage":"da-DK","@id":"https:\/\/www.vita-explorers.dk\/blog\/engager-dig-globalt-for-en-groennere-fremtid\/#primaryimage","url":"https:\/\/www.vita-explorers.dk\/blog\/wp-content\/uploads\/2025\/02\/CruceAndinoBannerTours2-3561686587.jpg","contentUrl":"https:\/\/www.vita-explorers.dk\/blog\/wp-content\/uploads\/2025\/02\/CruceAndinoBannerTours2-3561686587.jpg","width":1000,"height":562,"caption":"Voyage humanitaire en Argentine"},{"@type":"BreadcrumbList","@id":"https:\/\/www.vita-explorers.dk\/blog\/engager-dig-globalt-for-en-groennere-fremtid\/#breadcrumb","itemListElement":[{"@type":"ListItem","position":1,"name":"Accueil","item":"https:\/\/www.vita-explorers.dk\/blog\/"},{"@type":"ListItem","position":2,"name":"Engag\u00e9r dig globalt for en gr\u00f8nnere fremtid"}]},{"@type":"WebSite","@id":"https:\/\/www.vita-explorers.dk\/blog\/#website","url":"https:\/\/www.vita-explorers.dk\/blog\/","name":"Association Globalong","description":"Frivilligt arbejde, sprogophold, praktik i udlandet og internationale oplevelser","publisher":{"@id":"https:\/\/www.vita-explorers.dk\/blog\/#organization"},"potentialAction":[{"@type":"SearchAction","target":{"@type":"EntryPoint","urlTemplate":"https:\/\/www.vita-explorers.dk\/blog\/?s={search_term_string}"},"query-input":{"@type":"PropertyValueSpecification","valueRequired":true,"valueName":"search_term_string"}}],"inLanguage":"da-DK"},{"@type":"Organization","@id":"https:\/\/www.vita-explorers.dk\/blog\/#organization","name":"Association Globalong","url":"https:\/\/www.vita-explorers.dk\/blog\/","logo":{"@type":"ImageObject","inLanguage":"da-DK","@id":"https:\/\/www.vita-explorers.dk\/blog\/#\/schema\/logo\/image\/","url":"https:\/\/www.globalong.com\/blog\/wp-content\/uploads\/2014\/11\/cropped-cropped-Logo-et-Afrique-Globalong-petite-taille-2.jpg","contentUrl":"https:\/\/www.globalong.com\/blog\/wp-content\/uploads\/2014\/11\/cropped-cropped-Logo-et-Afrique-Globalong-petite-taille-2.jpg","width":512,"height":512,"caption":"Association Globalong"},"image":{"@id":"https:\/\/www.vita-explorers.dk\/blog\/#\/schema\/logo\/image\/"},"sameAs":["https:\/\/www.facebook.com\/globalong"]},{"@type":"Person","@id":"https:\/\/www.vita-explorers.dk\/blog\/#\/schema\/person\/fc0343a2f2db2ebb2793c1f62dbe73f0","name":"VITA Tribe","image":{"@type":"ImageObject","inLanguage":"da-DK","@id":"https:\/\/www.vita-explorers.dk\/blog\/#\/schema\/person\/image\/","url":"https:\/\/secure.gravatar.com\/avatar\/f7f05026bb439d0c96b30e135e5f852c?s=96&d=mm&r=g","contentUrl":"https:\/\/secure.gravatar.com\/avatar\/f7f05026bb439d0c96b30e135e5f852c?s=96&d=mm&r=g","caption":"VITA Tribe"},"sameAs":["http:\/\/www.globalong.com"],"url":"https:\/\/www.vita-explorers.dk\/blog\/author\/teamglobalong\/"}]}},"_links":{"self":[{"href":"https:\/\/www.vita-explorers.dk\/blog\/wp-json\/wp\/v2\/posts\/20999"}],"collection":[{"href":"https:\/\/www.vita-explorers.dk\/blog\/wp-json\/wp\/v2\/posts"}],"about":[{"href":"https:\/\/www.vita-explorers.dk\/blog\/wp-json\/wp\/v2\/types\/post"}],"author":[{"embeddable":true,"href":"https:\/\/www.vita-explorers.dk\/blog\/wp-json\/wp\/v2\/users\/7"}],"replies":[{"embeddable":true,"href":"https:\/\/www.vita-explorers.dk\/blog\/wp-json\/wp\/v2\/comments?post=20999"}],"version-history":[{"count":2,"href":"https:\/\/www.vita-explorers.dk\/blog\/wp-json\/wp\/v2\/posts\/20999\/revisions"}],"predecessor-version":[{"id":21117,"href":"https:\/\/www.vita-explorers.dk\/blog\/wp-json\/wp\/v2\/posts\/20999\/revisions\/21117"}],"wp:featuredmedia":[{"embeddable":true,"href":"https:\/\/www.vita-explorers.dk\/blog\/wp-json\/wp\/v2\/media\/20761"}],"wp:attachment":[{"href":"https:\/\/www.vita-explorers.dk\/blog\/wp-json\/wp\/v2\/media?parent=20999"}],"wp:term":[{"taxonomy":"category","embeddable":true,"href":"https:\/\/www.vita-explorers.dk\/blog\/wp-json\/wp\/v2\/categories?post=20999"},{"taxonomy":"post_tag","embeddable":true,"href":"https:\/\/www.vita-explorers.dk\/blog\/wp-json\/wp\/v2\/tags?post=20999"}],"curies":[{"name":"wp","href":"https:\/\/api.w.org\/{rel}","templated":true}]}}