{"id":21039,"date":"2025-04-12T06:28:58","date_gmt":"2025-04-12T04:28:58","guid":{"rendered":"https:\/\/www.globalong.com\/blog\/?p=21039"},"modified":"2025-09-07T15:32:13","modified_gmt":"2025-09-07T13:32:13","slug":"interkulturel-traening-for-studerende","status":"publish","type":"post","link":"https:\/\/www.vita-explorers.dk\/blog\/interkulturel-traening-for-studerende\/","title":{"rendered":"Interkulturel forberedelse for studerende"},"content":{"rendered":"<p><iframe loading=\"lazy\" title=\"Depuis une recherche sur Google jusqu&#039;aux rencontres sur le terrain...\" width=\"422\" height=\"750\" src=\"https:\/\/www.youtube.com\/embed\/pxgJbMqEHIE?feature=oembed\" frameborder=\"0\" allow=\"accelerometer; autoplay; clipboard-write; encrypted-media; gyroscope; picture-in-picture; web-share\" referrerpolicy=\"strict-origin-when-cross-origin\" allowfullscreen><\/iframe><\/p>\n<article><!-- TITRE & INTRODUCTION --><\/p>\n<header>\n<h1>Interkulturel tr\u00e6ning for studerende: styrk din internationale profil<\/h1>\n<p style=\"text-align: justify;\">I en verden, hvor vi er mere forbundet end nogensinde, er <strong>interkulturel tr\u00e6ning for <a href=\"https:\/\/www.vita-explorers.dk\/blog\/solidaritetsprojekter-for-studerende\/\" target=\"_blank\" rel=\"noopener\">studerende<\/a><\/strong> en vigtig n\u00f8gle til at styrke b\u00e5de dit studieforl\u00f8b og dine karrieremuligheder. Uanset om du l\u00e6ser p\u00e5 universitetet, en professionsuddannelse eller leder efter en praktik inden for civilsamfund og socialt arbejde, kan interkulturelle kompetencer hj\u00e6lpe dig med at forst\u00e5 kulturel diversitet, blive bedre til sprog og udvikle et \u00e5bent og nuanceret blik p\u00e5 verden. Her f\u00e5r du et overblik over, hvordan du kan skabe et st\u00e6rkt, internationalt fundament!<\/p>\n<\/header>\n<p><!-- SOMMAIRE CLIQUABLE --><\/p>\n<nav>\n<h2>Indhold<\/h2>\n<ul>\n<li><a href=\"#definition\">1. Hvad er interkulturel tr\u00e6ning?<\/a><\/li>\n<li><a href=\"#pourquoi\">2. Hvorfor er det vigtigt for studerende?<\/a><\/li>\n<li><a href=\"#competences\">3. De vigtigste kompetencer, du udvikler<\/a><\/li>\n<li><a href=\"#programmes\">4. Programmer og muligheder for international erfaring<\/a><\/li>\n<li><a href=\"#exemples\">5. Eksempler p\u00e5 gode forl\u00f8b<\/a><\/li>\n<li><a href=\"#conseils\">6. Praktiske r\u00e5d til at f\u00e5 mest muligt ud af interkulturel tr\u00e6ning<\/a><\/li>\n<li><a href=\"#globalong\">7. VITAs st\u00f8tte og forberedelse<\/a><\/li>\n<li><a href=\"#faq\">8. Ofte stillede sp\u00f8rgsm\u00e5l (FAQ)<\/a><\/li>\n<li><a href=\"#conclusion\">9. Konklusion<\/a><\/li>\n<\/ul>\n<\/nav>\n<p><!-- 1. DEFINITION --><\/p>\n<section id=\"definition\">\n<h2><strong>1. Hvad er interkulturel tr\u00e6ning?<\/strong><\/h2>\n<p style=\"text-align: justify;\">Med <strong><a href=\"https:\/\/www.vita-explorers.dk\/blog\/forberedelse-foer-du-tager-afsted-paa-internationalt-forloeb\/\" target=\"_blank\" rel=\"noopener\">interkulturel tr\u00e6ning<\/a><\/strong> menes et forl\u00f8b eller en ramme, der hj\u00e6lper en studerende med at udvikle evnen til at forst\u00e5 og navigere i forskellige kulturelle sammenh\u00e6nge. Det kan blandt andet omfatte:<\/p>\n<ul>\n<li>Viden om kulturforst\u00e5else, fx gennem antropologi og sociologi.<\/li>\n<li>Tr\u00e6ning i et eller flere fremmedsprog.<\/li>\n<li>Praktiske erfaringer, fx <em>praktik, internationale forl\u00f8b med <a href=\"https:\/\/www.vita-explorers.dk\/blog\/fransk-frivilligorganisation-2\/\" target=\"_blank\" rel=\"noopener\">frivilligt arbejde<\/a><\/em> eller <em>studieophold i udlandet<\/em>.<\/li>\n<\/ul>\n<p style=\"text-align: justify;\">Form\u00e5let er at g\u00f8re dig i stand til at samarbejde i internationale teams, se problemstillinger fra flere kulturelle perspektiver og kommunikere respektfuldt og effektivt p\u00e5 tv\u00e6rs af forskelle. I videreg\u00e5ende uddannelser er det et st\u00e6rkt afs\u00e6t til at opbygge en alsidig profil med globalt udsyn.<\/p>\n<p><img loading=\"lazy\" decoding=\"async\" class=\"aligncenter wp-image-19980 size-medium\" src=\"https:\/\/www.vita-explorers.dk\/blog\/wp-content\/uploads\/2025\/01\/enseignement-vietnam-classe-300x225.jpg\" alt=\"Interkulturel tr\u00e6ning for studerende\" width=\"300\" height=\"225\" srcset=\"https:\/\/www.vita-explorers.dk\/blog\/wp-content\/uploads\/2025\/01\/enseignement-vietnam-classe-300x225.jpg 300w, https:\/\/www.vita-explorers.dk\/blog\/wp-content\/uploads\/2025\/01\/enseignement-vietnam-classe-1024x768.jpg 1024w, https:\/\/www.vita-explorers.dk\/blog\/wp-content\/uploads\/2025\/01\/enseignement-vietnam-classe-768x576.jpg 768w, https:\/\/www.vita-explorers.dk\/blog\/wp-content\/uploads\/2025\/01\/enseignement-vietnam-classe-1536x1152.jpg 1536w, https:\/\/www.vita-explorers.dk\/blog\/wp-content\/uploads\/2025\/01\/enseignement-vietnam-classe-2048x1536.jpg 2048w\" sizes=\"(max-width: 300px) 100vw, 300px\" \/><\/p>\n<\/section>\n<p><!-- 2. POURQUOI ESSENTIEL --><\/p>\n<section id=\"pourquoi\">\n<h2><strong>2. Hvorfor er det vigtigt for studerende?<\/strong><\/h2>\n<p style=\"text-align: justify;\">P\u00e5 mange uddannelser er en <strong>international dimension<\/strong> blevet en naturlig del af studielivet. Tre centrale grunde forklarer, hvorfor interkulturel tr\u00e6ning er vigtig for studerende:<\/p>\n<ol>\n<li style=\"text-align: justify;\"><strong>At kunne arbejde i en global virkelighed<\/strong> :<br \/>\nvirksomheder og organisationer eftersp\u00f8rger profiler, der kan indg\u00e5 i multikulturelle milj\u00f8er, forst\u00e5 sociale koder i andre lande og l\u00f8se opgaver i t\u00e6t samarbejde.<\/li>\n<li style=\"text-align: justify;\"><strong>At udvikle dine soft skills<\/strong> :<br \/>\nempati, tilpasningsevne, nysgerrighed og evnen til at h\u00e5ndtere <a href=\"https:\/\/www.vita-explorers.dk\/blog\/kulturchok-det-er-helt-normalt\/\" target=\"_blank\" rel=\"noopener\">kulturchok<\/a> styrkes ofte markant gennem internationale erfaringer.<\/li>\n<li style=\"text-align: justify;\"><strong>At berige din personlige og faglige udvikling<\/strong> :<br \/>\nat tr\u00e6de ud af komfortzonen, l\u00e6re et nyt sprog og skabe relationer p\u00e5 tv\u00e6rs af lande kan give b\u00e5de st\u00f8rre selvtillid og modenhed.<\/li>\n<\/ol>\n<p style=\"text-align: justify;\">Kort sagt handler interkulturel tr\u00e6ning ikke kun om teori. Den formes i m\u00f8det med andre perspektiver og kan g\u00f8re dig bedre rustet til en international karriere \u2013 eller til at engagere dig i meningsfulde, ansvarlige forl\u00f8b.<\/p>\n<p><img loading=\"lazy\" decoding=\"async\" class=\"aligncenter wp-image-19331 size-medium\" src=\"https:\/\/www.vita-explorers.dk\/blog\/wp-content\/uploads\/2024\/11\/35771816284_387dfb142d-300x179.jpg\" alt=\"Humanit\u00e6rt ophold \" width=\"300\" height=\"179\" srcset=\"https:\/\/www.vita-explorers.dk\/blog\/wp-content\/uploads\/2024\/11\/35771816284_387dfb142d-300x179.jpg 300w, https:\/\/www.vita-explorers.dk\/blog\/wp-content\/uploads\/2024\/11\/35771816284_387dfb142d.jpg 500w\" sizes=\"(max-width: 300px) 100vw, 300px\" \/><\/p>\n<\/section>\n<p><!-- 3. COMPETENCES --><\/p>\n<section id=\"competences\">\n<h2><strong>3. De vigtigste kompetencer, du udvikler<\/strong><\/h2>\n<p style=\"text-align: justify;\">Ud over at l\u00e6re en ny kultur at kende giver <strong>interkulturel tr\u00e6ning for studerende<\/strong> dig mulighed for at styrke en r\u00e6kke brede kompetencer:<\/p>\n<ul>\n<li style=\"text-align: justify;\"><strong>Interkulturel kommunikation<\/strong> : at kunne lytte aktivt, opfange det, der ikke bliver sagt direkte, og tilpasse din kommunikation til den, du taler med.<\/li>\n<li style=\"text-align: justify;\"><strong>Projektarbejde<\/strong> : at samarbejde med teams p\u00e5 tv\u00e6rs af geografi, planl\u00e6gge og koordinere opgaver p\u00e5 trods af sprogbarrierer eller tidszoner.<\/li>\n<li style=\"text-align: justify;\"><strong>Kritisk t\u00e6nkning<\/strong> : at udfordre egne vaner og antagelser, se tingene i perspektiv og udvide din forst\u00e5else af verden.<\/li>\n<li style=\"text-align: justify;\"><strong>Tilpasningsevne og kreativitet<\/strong> : at h\u00e5ndtere uforudsete situationer (logistisk, sprogligt eller kulturelt) hurtigt og l\u00f8sningsorienteret.<\/li>\n<\/ul>\n<p style=\"text-align: justify;\">De kompetencer er s\u00e6rligt v\u00e6rdifulde i et <a href=\"https:\/\/www.vita-explorers.dk\/frivilligt-arbejde\/\">internationalt socialt forl\u00f8b<\/a> eller en <a href=\"https:\/\/www.vita-explorers.dk\/stage-a-l-etranger\/\">praktik i udlandet<\/a>, hvor selvst\u00e6ndighed og respekt for lokale rammer er afg\u00f8rende for at trives og bidrage.<\/p>\n<p><img loading=\"lazy\" decoding=\"async\" class=\"aligncenter wp-image-20068 size-medium\" src=\"https:\/\/www.vita-explorers.dk\/blog\/wp-content\/uploads\/2025\/01\/Capture-decran-2022-12-22-a-12.17.43-63a43ce3bc4da-263x300.png\" alt=\"Frivilligt arbejde i Asien\" width=\"263\" height=\"300\" srcset=\"https:\/\/www.vita-explorers.dk\/blog\/wp-content\/uploads\/2025\/01\/Capture-decran-2022-12-22-a-12.17.43-63a43ce3bc4da-263x300.png 263w, https:\/\/www.vita-explorers.dk\/blog\/wp-content\/uploads\/2025\/01\/Capture-decran-2022-12-22-a-12.17.43-63a43ce3bc4da-896x1024.png 896w, https:\/\/www.vita-explorers.dk\/blog\/wp-content\/uploads\/2025\/01\/Capture-decran-2022-12-22-a-12.17.43-63a43ce3bc4da-768x878.png 768w, https:\/\/www.vita-explorers.dk\/blog\/wp-content\/uploads\/2025\/01\/Capture-decran-2022-12-22-a-12.17.43-63a43ce3bc4da.png 966w\" sizes=\"(max-width: 263px) 100vw, 263px\" \/><\/p>\n<\/section>\n<p><!-- 4. PROGRAMMES --><\/p>\n<section id=\"programmes\">\n<h2>4. Programmer og muligheder for international erfaring<\/h2>\n<h3><strong>4.1. Studenterudveksling (Erasmus+, AUF, bilaterale aftaler)<\/strong><\/h3>\n<p style=\"text-align: justify;\">Mange uddannelsesinstitutioner har aftaler om international mobilitet. Erasmus+ er det mest kendte program i Europa. Et semester eller et \u00e5r i udlandet kan give merit og samtidig indblik i et nyt uddannelsessystem.<\/p>\n<h3><strong>4.2. Praktik i udlandet<\/strong><\/h3>\n<p style=\"text-align: justify;\">P\u00e5 nogle uddannelser er <a href=\"https:\/\/www.vita-explorers.dk\/blog\/obligatorisk-humanit\u00e6rt-ophold-handelsh\u00f8jskole\/\" target=\"_blank\" rel=\"noopener\">praktik et krav<\/a>. Overvej at tage den i et andet land. <em>International praktik<\/em> styrker din faglige erfaring og giver dig hverdagsn\u00e6r kulturudveksling. Du f\u00e5r mulighed for at oms\u00e6tte viden til praksis, opbygge et internationalt netv\u00e6rk og rykke hurtigt p\u00e5 et fremmedsprog.<\/p>\n<h3><strong>4.3. Humanit\u00e6re forl\u00f8b eller internationalt frivilligt arbejde<\/strong><\/h3>\n<p style=\"text-align: justify;\">Du kan ogs\u00e5 v\u00e6lge et frivilligt forl\u00f8b i en NGO eller organisation. Den type <em>solidaritetsforl\u00f8b<\/em> giver ofte t\u00e6t kontakt til lokalsamfund og kan styrke ansvarsf\u00f8lelse og samarbejdsevner. Det er en god m\u00e5de at kombinere interkulturelle kompetencer med aktivt medborgerskab. N\u00e5r du engagerer dig i frivilligt arbejde, f\u00e5r du typisk en l\u00e6rerig oplevelse pr\u00e6get af samarbejde og f\u00e6llesskab.<\/p>\n<h3><strong>4.4. Sprogophold og sommeruniversiteter<\/strong><\/h3>\n<p style=\"text-align: justify;\"><a href=\"https:\/\/www.vita-explorers.dk\/voyage-sejour-linguistique.html\">Sprogophold<\/a> har fokus p\u00e5 sprog gennem intensive kurser og ofte en form for immersion, fx hos en v\u00e6rtsfamilie. De kan kombineres med kulturelle aktiviteter eller faglige workshops. <em>Sommeruniversiteter<\/em> tilbyder ofte temaforl\u00f8b (interkulturel ledelse, social\u00f8konomi m.m.), hvor studerende fra flere lande m\u00f8des.<\/p>\n<p><img loading=\"lazy\" decoding=\"async\" class=\"aligncenter wp-image-18935 size-medium\" src=\"https:\/\/www.vita-explorers.dk\/blog\/wp-content\/uploads\/2024\/11\/400347302_383001947383456_1309074405376009064_n-300x300.jpg\" alt=\"Studiepraktik for sygeplejestuderende i Asien og interkulturel tr\u00e6ning for studerende\" width=\"300\" height=\"300\" srcset=\"https:\/\/www.vita-explorers.dk\/blog\/wp-content\/uploads\/2024\/11\/400347302_383001947383456_1309074405376009064_n-300x300.jpg 300w, https:\/\/www.vita-explorers.dk\/blog\/wp-content\/uploads\/2024\/11\/400347302_383001947383456_1309074405376009064_n-1024x1024.jpg 1024w, https:\/\/www.vita-explorers.dk\/blog\/wp-content\/uploads\/2024\/11\/400347302_383001947383456_1309074405376009064_n-150x150.jpg 150w, https:\/\/www.vita-explorers.dk\/blog\/wp-content\/uploads\/2024\/11\/400347302_383001947383456_1309074405376009064_n-768x768.jpg 768w, https:\/\/www.vita-explorers.dk\/blog\/wp-content\/uploads\/2024\/11\/400347302_383001947383456_1309074405376009064_n.jpg 1416w\" sizes=\"(max-width: 300px) 100vw, 300px\" \/><\/p>\n<\/section>\n<p><!-- 5. EXEMPLES DE PARCOURS --><\/p>\n<section id=\"exemples\">\n<h2><strong>5. Eksempler p\u00e5 gode forl\u00f8b<\/strong><\/h2>\n<p style=\"text-align: justify;\">Mange oplevelser og erfaringer viser, hvad et interkulturelt forl\u00f8b kan f\u00f8re til. For eksempel:<\/p>\n<div class=\"ti-widget ti-goog\" data-layout-id=\"4\" data-set-id=\"light-background\" data-pid=\"\" data-language=\"fr\" data-version=\"2\" data-review-target-width=\"300\" data-review-text-mode=\"readmore\" data-pager-autoplay-timeout=\"6\" > <div class=\"ti-widget-container ti-col-3\"> <div class=\"ti-reviews-container\"> <div class=\"ti-controls\"> <div class=\"ti-next\" aria-label=\"Avis suivante\" role=\"button\"><\/div> <div class=\"ti-prev\" aria-label=\"Avis pr\u00e9c\u00e9dent\" role=\"button\"><\/div> <\/div> <div class=\"ti-reviews-container-wrapper\">  <div data-empty=\"0\" class=\"ti-review-item source-Google ti-image-layout-thumbnail\" data-id=\"cfcd208495d565ef66e7dff9f98764da\" > <div class=\"ti-inner\"> <div class=\"ti-review-header\"> <div class=\"ti-profile-img\"> <img decoding=\"async\" src=\"https:\/\/lh3.googleusercontent.com\/a\/ACg8ocKpaoKe37CD0_POxO97KqB60GsWQRsIuG2vmCfXT-W_FY44vw=s120-c-rp-mo-br100\" srcset=\"https:\/\/lh3.googleusercontent.com\/a\/ACg8ocKpaoKe37CD0_POxO97KqB60GsWQRsIuG2vmCfXT-W_FY44vw=s120-c-rp-mo-br100 2x\" alt=\"Lucie Correia\" loading=\"lazy\" \/> <\/div> <div class=\"ti-profile-details\"> <div class=\"ti-name\"> Lucie Correia <\/div> <div class=\"ti-date\">2024-10-17<\/div> <\/div> <\/div> <span class=\"ti-stars\"><span class=\"ti-star f\"><\/span><span class=\"ti-star f\"><\/span><span class=\"ti-star f\"><\/span><span class=\"ti-star f\"><\/span><span class=\"ti-star f\"><\/span><\/span> <div class=\"ti-review-text-container ti-review-content\"><!-- R-CONTENT -->La communication avec Globalong est super, personnes tr\u00e8s pr\u00e9sentes pour les b\u00e9n\u00e9voles et \u00e9tudiants partant avec cette association. Elles r\u00e9pondent \u00e0 toutes nos questions et sont tr\u00e8s accessibles au t\u00e9l\u00e9phone.<!-- R-CONTENT --><\/div> <span class=\"ti-read-more\" data-container=\".ti-review-content\" data-collapse-text=\"Cacher\" data-open-text=\"Lire la suite\" ><\/span> <\/div> <\/div>  <div data-empty=\"0\" class=\"ti-review-item source-Google ti-image-layout-thumbnail\" data-id=\"cfcd208495d565ef66e7dff9f98764da\" > <div class=\"ti-inner\"> <div class=\"ti-review-header\"> <div class=\"ti-profile-img\"> <img decoding=\"async\" src=\"https:\/\/lh3.googleusercontent.com\/a-\/ALV-UjWqnnzM7-7c9BDqeTDF-a7pOgNjvLkJ3WshRd_Tn7z0Eu-AGQwo=s120-c-rp-mo-br100\" srcset=\"https:\/\/lh3.googleusercontent.com\/a-\/ALV-UjWqnnzM7-7c9BDqeTDF-a7pOgNjvLkJ3WshRd_Tn7z0Eu-AGQwo=s120-c-rp-mo-br100 2x\" alt=\"Ra\u00efssa Frisch\" loading=\"lazy\" \/> <\/div> <div class=\"ti-profile-details\"> <div class=\"ti-name\"> Ra\u00efssa Frisch <\/div> <div class=\"ti-date\">2024-10-14<\/div> <\/div> <\/div> <span class=\"ti-stars\"><span class=\"ti-star f\"><\/span><span class=\"ti-star f\"><\/span><span class=\"ti-star f\"><\/span><span class=\"ti-star f\"><\/span><span class=\"ti-star f\"><\/span><\/span> <div class=\"ti-review-text-container ti-review-content\"><!-- R-CONTENT -->J\u2019ai d\u00e9j\u00e0 eu l\u2019opportunit\u00e9 de r\u00e9aliser deux projets humanitaires avec l\u2019association Globalong. Je ne peux que la recommander, car j\u2019ai toujours b\u00e9n\u00e9fici\u00e9 d\u2019un excellent accompagnement, aussi bien avant que pendant le voyage. On ne vous laisse pas vous d\u00e9brouiller seuls, bien au contraire, vous \u00eates tr\u00e8s bien encadr\u00e9s pour accomplir toutes les d\u00e9marches dans les d\u00e9lais.\n\nAu-del\u00e0 du suivi, les exp\u00e9riences humanitaires propos\u00e9es par Globalong ne peuvent que transformer votre vie de mani\u00e8re positive. Elles vous apportent une richesse humaine inestimable.<!-- R-CONTENT --><\/div> <span class=\"ti-read-more\" data-container=\".ti-review-content\" data-collapse-text=\"Cacher\" data-open-text=\"Lire la suite\" ><\/span> <\/div> <\/div>  <div data-empty=\"0\" class=\"ti-review-item source-Google ti-image-layout-thumbnail\" data-id=\"cfcd208495d565ef66e7dff9f98764da\" > <div class=\"ti-inner\"> <div class=\"ti-review-header\"> <div class=\"ti-profile-img\"> <img decoding=\"async\" src=\"https:\/\/lh3.googleusercontent.com\/a\/ACg8ocJL-Dxv25YkXK2QwWPNRxTVqZCv5uTmDQDFg5qslKra3vRZew=s120-c-rp-mo-br100\" srcset=\"https:\/\/lh3.googleusercontent.com\/a\/ACg8ocJL-Dxv25YkXK2QwWPNRxTVqZCv5uTmDQDFg5qslKra3vRZew=s120-c-rp-mo-br100 2x\" alt=\"Tara Turan\" loading=\"lazy\" \/> <\/div> <div class=\"ti-profile-details\"> <div class=\"ti-name\"> Tara Turan <\/div> <div class=\"ti-date\">2024-10-14<\/div> <\/div> <\/div> <span class=\"ti-stars\"><span class=\"ti-star f\"><\/span><span class=\"ti-star f\"><\/span><span class=\"ti-star f\"><\/span><span class=\"ti-star f\"><\/span><span class=\"ti-star f\"><\/span><\/span> <div class=\"ti-review-text-container ti-review-content\"><!-- R-CONTENT -->Une des meilleures associations que j\u2019ai pu faire !\nUne organisation et un suivi vraiment parfait, c\u2019est avec grand plaisir que je referai un projet avec eux.<!-- R-CONTENT --><\/div> <span class=\"ti-read-more\" data-container=\".ti-review-content\" data-collapse-text=\"Cacher\" data-open-text=\"Lire la suite\" ><\/span> <\/div> <\/div>  <div data-empty=\"0\" class=\"ti-review-item source-Google ti-image-layout-thumbnail\" data-id=\"cfcd208495d565ef66e7dff9f98764da\" > <div class=\"ti-inner\"> <div class=\"ti-review-header\"> <div class=\"ti-profile-img\"> <img decoding=\"async\" src=\"https:\/\/lh3.googleusercontent.com\/a\/ACg8ocLctTPNovSk3eKM0b_MIPOfcFEQsz2135Cdu59_BWRVsIYC7Q=s120-c-rp-mo-br100\" srcset=\"https:\/\/lh3.googleusercontent.com\/a\/ACg8ocLctTPNovSk3eKM0b_MIPOfcFEQsz2135Cdu59_BWRVsIYC7Q=s120-c-rp-mo-br100 2x\" alt=\"Repiquet Julie\" loading=\"lazy\" \/> <\/div> <div class=\"ti-profile-details\"> <div class=\"ti-name\"> Repiquet Julie <\/div> <div class=\"ti-date\">2024-10-13<\/div> <\/div> <\/div> <span class=\"ti-stars\"><span class=\"ti-star f\"><\/span><span class=\"ti-star f\"><\/span><span class=\"ti-star f\"><\/span><span class=\"ti-star f\"><\/span><span class=\"ti-star f\"><\/span><\/span> <div class=\"ti-review-text-container ti-review-content\"><!-- R-CONTENT -->Tr\u00e8s bon accompagnement de la part de Globalong, du premier jour avec toutes mes interrogations, jusqu'au d\u00e9part dans quelques jours. Le dossier transmis apr\u00e8s validation de la mission est plus que complet, les webmaster tr\u00e8s int\u00e9ressantes et permettent de d\u00e9charger mentalement ce genre de pr\u00e9paration, tout est pr\u00e9vu il n'y a plus qu'\u00e0 suivre ! Merci \u00e0 Florence de r\u00e9pondre \u00e0 toutes mes questions avec gentillesse et bienveillance, cela m'a permis de passer le cap!\nMaintenant, il n'y a plus qu'\u00e0 \ud83d\ude00<!-- R-CONTENT --><\/div> <span class=\"ti-read-more\" data-container=\".ti-review-content\" data-collapse-text=\"Cacher\" data-open-text=\"Lire la suite\" ><\/span> <\/div> <\/div>  <div data-empty=\"0\" class=\"ti-review-item source-Google ti-image-layout-thumbnail\" data-id=\"cfcd208495d565ef66e7dff9f98764da\" > <div class=\"ti-inner\"> <div class=\"ti-review-header\"> <div class=\"ti-profile-img\"> <img decoding=\"async\" src=\"https:\/\/lh3.googleusercontent.com\/a\/ACg8ocJJTdmTWs8nAA0yuH_cKOUgzc6GFAkHBiXhpnnVYXaWMBZsHw=s120-c-rp-mo-br100\" srcset=\"https:\/\/lh3.googleusercontent.com\/a\/ACg8ocJJTdmTWs8nAA0yuH_cKOUgzc6GFAkHBiXhpnnVYXaWMBZsHw=s120-c-rp-mo-br100 2x\" alt=\"Marine Guilhamat\" loading=\"lazy\" \/> <\/div> <div class=\"ti-profile-details\"> <div class=\"ti-name\"> Marine Guilhamat <\/div> <div class=\"ti-date\">2024-10-09<\/div> <\/div> <\/div> <span class=\"ti-stars\"><span class=\"ti-star f\"><\/span><span class=\"ti-star f\"><\/span><span class=\"ti-star f\"><\/span><span class=\"ti-star f\"><\/span><span class=\"ti-star f\"><\/span><\/span> <div class=\"ti-review-text-container ti-review-content\"><!-- R-CONTENT -->Tr\u00e8s belle association qui offre un cadre super s\u00e9curisant et permet de s\u2019investir dans des projets qui ont du sens. Merci \u00e0 l\u2019\u00e9quipe Globalong pour votre disponibilit\u00e9, gentillesse et accompagnement !<!-- R-CONTENT --><\/div> <span class=\"ti-read-more\" data-container=\".ti-review-content\" data-collapse-text=\"Cacher\" data-open-text=\"Lire la suite\" ><\/span> <\/div> <\/div>  <div data-empty=\"0\" class=\"ti-review-item source-Google ti-image-layout-thumbnail\" data-id=\"cfcd208495d565ef66e7dff9f98764da\" > <div class=\"ti-inner\"> <div class=\"ti-review-header\"> <div class=\"ti-profile-img\"> <img decoding=\"async\" src=\"https:\/\/lh3.googleusercontent.com\/a\/ACg8ocIgITHXKo46qgJyPqlJeAcxz11gCKUJpGIk2qauiIe2O3iZ6w=s120-c-rp-mo-br100\" srcset=\"https:\/\/lh3.googleusercontent.com\/a\/ACg8ocIgITHXKo46qgJyPqlJeAcxz11gCKUJpGIk2qauiIe2O3iZ6w=s120-c-rp-mo-br100 2x\" alt=\"Laura Mercier\" loading=\"lazy\" \/> <\/div> <div class=\"ti-profile-details\"> <div class=\"ti-name\"> Laura Mercier <\/div> <div class=\"ti-date\">2024-10-08<\/div> <\/div> <\/div> <span class=\"ti-stars\"><span class=\"ti-star f\"><\/span><span class=\"ti-star f\"><\/span><span class=\"ti-star f\"><\/span><span class=\"ti-star f\"><\/span><span class=\"ti-star f\"><\/span><\/span> <div class=\"ti-review-text-container ti-review-content\"><!-- R-CONTENT -->Mon d\u00e9part approche, je pars dans une semaine, et depuis le d\u00e9but de mon inscription je suis tr\u00e8s satisfaite du suivi effectu\u00e9 par l\u2019association. Ils sont tr\u00e8s disponibles et r\u00e9pondent rapidement \u00e0 l\u2019ensemble des questions. Je suis tr\u00e8s contente de partir faire cette mission humanitaire encadr\u00e9e par cette association. Je recommande vraiment.<!-- R-CONTENT --><\/div> <span class=\"ti-read-more\" data-container=\".ti-review-content\" data-collapse-text=\"Cacher\" data-open-text=\"Lire la suite\" ><\/span> <\/div> <\/div>  <div data-empty=\"0\" class=\"ti-review-item source-Google ti-image-layout-thumbnail\" data-id=\"cfcd208495d565ef66e7dff9f98764da\" > <div class=\"ti-inner\"> <div class=\"ti-review-header\"> <div class=\"ti-profile-img\"> <img decoding=\"async\" src=\"https:\/\/lh3.googleusercontent.com\/a-\/ALV-UjVVr0YMQhXl8QNEEB32l-rnoaYwvRZUjIEX9OEwPE_1fQwzIyk=s120-c-rp-mo-br100\" srcset=\"https:\/\/lh3.googleusercontent.com\/a-\/ALV-UjVVr0YMQhXl8QNEEB32l-rnoaYwvRZUjIEX9OEwPE_1fQwzIyk=s120-c-rp-mo-br100 2x\" alt=\"Anouk Rzkt\" loading=\"lazy\" \/> <\/div> <div class=\"ti-profile-details\"> <div class=\"ti-name\"> Anouk Rzkt <\/div> <div class=\"ti-date\">2024-10-02<\/div> <\/div> <\/div> <span class=\"ti-stars\"><span class=\"ti-star f\"><\/span><span class=\"ti-star f\"><\/span><span class=\"ti-star f\"><\/span><span class=\"ti-star f\"><\/span><span class=\"ti-star f\"><\/span><\/span> <div class=\"ti-review-text-container ti-review-content\"><!-- R-CONTENT -->Globalong est l'association parfaite. L'\u00e9quipe offre un v\u00e9ritable accompagnement rythm\u00e9 par beaucoup de conseils et d'\u00e9coute. Le site est tr\u00e8s bien fait avec des dossiers complets allant des sujets tr\u00e8s pratiques a d'autres plus th\u00e9oriques (tels que le choc culturel par exemple). Je recommande vivement et remercie sinc\u00e8rement toute l'\u00e9quipe pour leur gentillesse et investissement !<!-- R-CONTENT --><\/div> <span class=\"ti-read-more\" data-container=\".ti-review-content\" data-collapse-text=\"Cacher\" data-open-text=\"Lire la suite\" ><\/span> <\/div> <\/div>  <\/div> <div class=\"ti-controls-line\"> <div class=\"dot\"><\/div> <\/div> <\/div> <div class=\"ti-footer\"> <div class=\"ti-rating-text\"> <span class=\"nowrap\">\u00c9valuation <strong>Google<\/strong> : <\/span><span class=\"nowrap\"><strong>4.8<\/strong> sur 5, <\/span><span class=\"nowrap\">Bas\u00e9e sur <strong>240 avis<\/strong><\/span> <\/div> <\/div>  <\/div> <\/div> \n<p style=\"text-align: justify;\">Historierne viser, hvordan interkulturel tr\u00e6ning for studerende kan skabe b\u00e5de <strong>kulturel indsigt<\/strong> og <strong>personlig udvikling<\/strong>.<\/p>\n<\/section>\n<p><!-- 6. CONSEILS PRATIQUES --><\/p>\n<section id=\"conseils\">\n<h2>6. Praktiske r\u00e5d til at f\u00e5 mest muligt ud af interkulturel tr\u00e6ning<\/h2>\n<ol>\n<li><strong>S\u00e6t et tydeligt m\u00e5l<\/strong> : vil du blive bedre til et sprog, f\u00e5 meritgivende praktik eller have et ansvarligt solidaritetsforl\u00f8b? Et klart m\u00e5l g\u00f8r det lettere at v\u00e6lge den rigtige l\u00f8sning.<\/li>\n<li><strong>Forbered sproget p\u00e5 forh\u00e5nd<\/strong> : intensive kurser, sprogudveksling online, film og serier p\u00e5 originalsprog \u2013 alt hj\u00e6lper dig med at komme bedre fra start i v\u00e6rtslandet.<\/li>\n<li><strong>Planl\u00e6g dit budget<\/strong> : Erasmus+-st\u00f8tte, regionale puljer, crowdfunding m.m. Unders\u00f8g mulighederne via din uddannelse eller relevante akt\u00f8rer, s\u00e5 du ikke overser potentiel finansiering.<\/li>\n<li><strong>S\u00e6t dig ind i den lokale kultur<\/strong> : skikke, madkultur, h\u00f8flighedsnormer og historie. Det mindsker misforst\u00e5elser og g\u00f8r det nemmere at falde til.<\/li>\n<li><strong>V\u00e6r klar til at udfordre din komfortzone<\/strong> : kulturchok kan v\u00e6re en del af oplevelsen. M\u00f8d det med nysgerrighed og ro. De f\u00f8rste dage kan v\u00e6re kr\u00e6vende, men det er ofte netop d\u00e9r, den interkulturelle l\u00e6ring begynder at s\u00e6tte sig.<\/li>\n<\/ol>\n<p><img loading=\"lazy\" decoding=\"async\" class=\"aligncenter wp-image-6929 size-full\" src=\"https:\/\/www.vita-explorers.dk\/blog\/wp-content\/uploads\/2017\/10\/trail_190.jpg\" alt=\"Praktik for handelsstuderende og interkulturel tr\u00e6ning \" width=\"190\" height=\"190\" srcset=\"https:\/\/www.vita-explorers.dk\/blog\/wp-content\/uploads\/2017\/10\/trail_190.jpg 190w, https:\/\/www.vita-explorers.dk\/blog\/wp-content\/uploads\/2017\/10\/trail_190-150x150.jpg 150w\" sizes=\"(max-width: 190px) 100vw, 190px\" \/><\/p>\n<\/section>\n<p><!-- 7. GLOBALONG --><\/p>\n<section id=\"globalong\">\n<h2>7. VITAs st\u00f8tte og forberedelse<\/h2>\n<p style=\"text-align: justify;\">For at g\u00f8re din <strong>interkulturelle tr\u00e6ning for studerende<\/strong> konkret og overskuelig st\u00e5r <strong>VITA Institute<\/strong> klar til at st\u00f8tte dig. VITA arbejder med internationale forl\u00f8b, kulturudveksling og ansvarlige ophold og hj\u00e6lper med valg af destination, forberedelse, afklaring af \u00f8konomi og en god start p\u00e5 stedet. Uanset om du er interesseret i frivilligt arbejde, praktik eller sprogophold, f\u00e5r du en tryg ramme, s\u00e5 oplevelsen bliver b\u00e5de l\u00e6rerig og sikker.<\/p>\n<p style=\"text-align: center; margin-top: 1em;\"><a style=\"background-color: #007acc; color: #fff; padding: 10px 20px; text-decoration: none; border-radius: 5px;\" href=\"https:\/\/www.vita-explorers.dk\/voyage-sejour-linguistique.html#tel-contact-form-glob\" target=\"_blank\" rel=\"noopener\"><br \/>\nKontakt VITA Institute i dag<br \/>\n<\/a><\/p>\n<p style=\"text-align: justify;\">Med aktiviteter, der drives lokalt i mange lande, f\u00f8lger VITA dig gennem hele processen \u2013 fra tilmelding til hjemkomst \u2013 s\u00e5 forl\u00f8bet kan blive et solidt springbr\u00e6t videre.<\/p>\n<\/section>\n<p><!-- 8. FAQ --><\/p>\n<section id=\"faq\">\n<h2><strong>8. Ofte stillede sp\u00f8rgsm\u00e5l (FAQ)<\/strong><\/h2>\n<h3><strong>8.1. Skal man v\u00e6re tosproget, f\u00f8r man rejser?<\/strong><\/h3>\n<p style=\"text-align: justify;\">Ikke n\u00f8dvendigvis. Nogle programmer tager imod alle niveauer. Men hvis du forbedrer sproget f\u00f8r afrejse, bliver det ofte lettere at falde til og f\u00e5 mest muligt ud af mulighederne undervejs.<\/p>\n<h3><strong>8.2. T\u00e6ller interkulturel tr\u00e6ning p\u00e5 et CV?<\/strong><\/h3>\n<p style=\"text-align: justify;\">Ja. Arbejdsgivere l\u00e6gger i stigende grad v\u00e6gt p\u00e5 international erfaring. At n\u00e6vne <em>praktik<\/em>, <em>studieophold<\/em> eller <em>frivilligt arbejde i udlandet<\/em> signalerer fleksibilitet, udsyn og evne til at tilpasse sig.<\/p>\n<h3><strong>8.3. Hvordan kan man finansiere et ophold?<\/strong><\/h3>\n<p style=\"text-align: justify;\">Afh\u00e6ngigt af hvor du bor, kan du s\u00f8ge Erasmus+-st\u00f8tte samt regionale eller uddannelsesspecifikke legater. Overvej ogs\u00e5 crowdfunding eller andre puljer. VITA kan r\u00e5dgive dig om relevante finansieringsmuligheder.<\/p>\n<h3><strong>8.4. Kan man tage af sted p\u00e5 et solidaritetsforl\u00f8b, selv om man ikke g\u00e5r p\u00e5 en \u201cstor\u201d uddannelse?<\/strong><\/h3>\n<p style=\"text-align: justify;\">Ja. Du beh\u00f8ver ikke at g\u00e5 p\u00e5 en \u201cprestigefyldt\u201d uddannelse. Mange programmer er \u00e5bne for studerende fra alle fagomr\u00e5der, som har motivation for at l\u00e6re og bidrage.<\/p>\n<h3><strong>8.5. Hvor l\u00e6nge varer interkulturel tr\u00e6ning?<\/strong><\/h3>\n<p style=\"text-align: justify;\">Det kan variere fra f\u00e5 uger (intensive sprogophold, korte solidaritetsprojekter) til et \u00e5r (udveksling, l\u00e6ngere praktik). Det afh\u00e6nger af dine m\u00e5l og din kalender.<\/p>\n<\/section>\n<p><!-- 9. CONCLUSION --><\/p>\n<section id=\"conclusion\">\n<h2><strong>9. Konklusion<\/strong><\/h2>\n<p style=\"text-align: justify;\">Interkulturel tr\u00e6ning for studerende er mere end en formalitet: det er et reelt afs\u00e6t til internationale erfaringer, bedre selvindsigt og et vigtigt skridt i opbygningen af din faglige og professionelle retning. Uanset om du v\u00e6lger udveksling, praktik i udlandet, et humanit\u00e6rt forl\u00f8b eller et sprogophold, kan hver form for immersion styrke dit udsyn, din ansvarsf\u00f8lelse og din evne til at samarbejde i mangfoldige teams.<\/p>\n<p style=\"text-align: justify;\">P\u00e5 et arbejdsmarked med stigende konkurrence bliver internationale profiler ofte prioriteret \u2013 is\u00e6r n\u00e5r de kan kommunikere p\u00e5 flere sprog og bidrage med et bredere perspektiv p\u00e5 probleml\u00f8sning. Det er ogs\u00e5 derfor, at mange uddannelsesinstitutioner udvikler flere muligheder, der g\u00f8r det lettere for studerende at tage ud.<\/p>\n<p style=\"text-align: justify;\">Klar til at krydse gr\u00e6nser? International mobilitet kan v\u00e6re i Europa, Amerika, Afrika eller Asien. Med den rette st\u00f8tte \u2013 som den, du kan f\u00e5 hos <strong>VITA Institute<\/strong> \u2013 og god forberedelse (\u00f8konomi, sprog og praktiske forhold) er du godt p\u00e5 vej mod et forl\u00f8b, der kan m\u00e6rkes og bruges bagefter.<\/p>\n<h3 style=\"text-align: center;\"><strong><b>Vil du f\u00f8lge med i VITA Institute og vores community, s\u00e5 find os p\u00e5 <\/b><a href=\"https:\/\/www.instagram.com\/globalongofficiel\/\"><span class=\"s2\"><b>Instagram<\/b><\/span><\/a><b>, <\/b><a href=\"https:\/\/www.tiktok.com\/@globalong\"><span class=\"s2\"><b>TikTok<\/b><\/span><\/a><b>, <\/b><a href=\"https:\/\/www.facebook.com\/globalong\"><span class=\"s2\"><b>Facebook<\/b><\/span><\/a><b>, <\/b><a href=\"https:\/\/www.linkedin.com\/company\/5113177\/admin\/feed\/posts\/\"><span class=\"s2\"><b>LinkedIn<\/b><\/span><\/a><b> og <\/b><a href=\"https:\/\/www.youtube.com\/c\/globalong\/videos\"><span class=\"s2\"><b>YouTube<\/b><\/span><\/a><b>!<\/b><\/strong><\/h3>\n<\/section>\n<\/article>\n<p>\u00a0<\/p>\n","protected":false},"excerpt":{"rendered":"<p>Interkulturel tr\u00e6ning for studerende: styrk din internationale profil I en verden, hvor vi er mere forbundet end nogensinde, er interkulturel tr\u00e6ning for studerende en\u2026<\/p>\n","protected":false},"author":7,"featured_media":19979,"comment_status":"open","ping_status":"open","sticky":false,"template":"","format":"standard","meta":{"footnotes":""},"categories":[6,4],"tags":[],"yoast_head":"<!-- This site is optimized with the Yoast SEO Premium plugin v23.4 (Yoast SEO v23.4) - https:\/\/yoast.com\/wordpress\/plugins\/seo\/ -->\n<title>Interkulturel tr\u00e6ning for studerende: styrk din fremtid - VITA Explorers Blog<\/title>\n<meta name=\"description\" content=\"D\u00e9couvrez les avantages de la formation interculturelle pour \u00e9tudiants et boostez votre parcours acad\u00e9mique et professionnel \u00e0 l&#039;international\" \/>\n<meta name=\"robots\" content=\"index, follow, max-snippet:-1, max-image-preview:large, max-video-preview:-1\" \/>\n<link rel=\"canonical\" href=\"https:\/\/www.vita-explorers.dk\/blog\/interkulturel-traening-for-studerende\/\" \/>\n<meta property=\"og:locale\" content=\"da_DK\" \/>\n<meta property=\"og:type\" content=\"article\" \/>\n<meta property=\"og:title\" content=\"Interkulturel forberedelse for studerende\" \/>\n<meta property=\"og:description\" content=\"D\u00e9couvrez les avantages de la formation interculturelle pour \u00e9tudiants et boostez votre parcours acad\u00e9mique et professionnel \u00e0 l&#039;international\" \/>\n<meta property=\"og:url\" content=\"https:\/\/www.vita-explorers.dk\/blog\/interkulturel-traening-for-studerende\/\" \/>\n<meta property=\"og:site_name\" content=\"VITA Explorers Blog\" \/>\n<meta property=\"article:publisher\" content=\"https:\/\/www.facebook.com\/globalong\" \/>\n<meta property=\"article:published_time\" content=\"2025-04-12T04:28:58+00:00\" \/>\n<meta property=\"article:modified_time\" content=\"2025-09-07T13:32:13+00:00\" \/>\n<meta property=\"og:image\" content=\"https:\/\/www.vita-explorers.dk\/blog\/wp-content\/uploads\/2025\/01\/48427210_1116325425202444_3305267167255068672_n.jpg\" \/>\n\t<meta property=\"og:image:width\" content=\"960\" \/>\n\t<meta property=\"og:image:height\" content=\"639\" \/>\n\t<meta property=\"og:image:type\" content=\"image\/jpeg\" \/>\n<meta name=\"author\" content=\"VITA Tribe\" \/>\n<meta name=\"twitter:card\" content=\"summary_large_image\" \/>\n<meta name=\"twitter:label1\" content=\"Skrevet af\" \/>\n\t<meta name=\"twitter:data1\" content=\"VITA Tribe\" \/>\n\t<meta name=\"twitter:label2\" content=\"Estimeret l\u00e6setid\" \/>\n\t<meta name=\"twitter:data2\" content=\"9 minutter\" \/>\n<script type=\"application\/ld+json\" class=\"yoast-schema-graph\">{\"@context\":\"https:\/\/schema.org\",\"@graph\":[{\"@type\":\"Article\",\"@id\":\"https:\/\/www.vita-explorers.dk\/blog\/interkulturel-traening-for-studerende\/#article\",\"isPartOf\":{\"@id\":\"https:\/\/www.vita-explorers.dk\/blog\/interkulturel-traening-for-studerende\/\"},\"author\":{\"name\":\"VITA Tribe\",\"@id\":\"https:\/\/www.vita-explorers.dk\/blog\/#\/schema\/person\/fc0343a2f2db2ebb2793c1f62dbe73f0\"},\"headline\":\"Interkulturel forberedelse for studerende\",\"datePublished\":\"2025-04-12T04:28:58+00:00\",\"dateModified\":\"2025-09-07T13:32:13+00:00\",\"mainEntityOfPage\":{\"@id\":\"https:\/\/www.vita-explorers.dk\/blog\/interkulturel-traening-for-studerende\/\"},\"wordCount\":1548,\"commentCount\":0,\"publisher\":{\"@id\":\"https:\/\/www.vita-explorers.dk\/blog\/#organization\"},\"image\":{\"@id\":\"https:\/\/www.vita-explorers.dk\/blog\/interkulturel-traening-for-studerende\/#primaryimage\"},\"thumbnailUrl\":\"https:\/\/www.vita-explorers.dk\/blog\/wp-content\/uploads\/2025\/01\/48427210_1116325425202444_3305267167255068672_n.jpg\",\"articleSection\":[\"Nyheder\",\"VITA Explorers\"],\"inLanguage\":\"da-DK\",\"potentialAction\":[{\"@type\":\"CommentAction\",\"name\":\"Comment\",\"target\":[\"https:\/\/www.vita-explorers.dk\/blog\/interkulturel-traening-for-studerende\/#respond\"]}]},{\"@type\":\"WebPage\",\"@id\":\"https:\/\/www.vita-explorers.dk\/blog\/interkulturel-traening-for-studerende\/\",\"url\":\"https:\/\/www.vita-explorers.dk\/blog\/interkulturel-traening-for-studerende\/\",\"name\":\"Interkulturel tr\u00e6ning for studerende: styrk din fremtid - VITA Explorers Blog\",\"isPartOf\":{\"@id\":\"https:\/\/www.vita-explorers.dk\/blog\/#website\"},\"primaryImageOfPage\":{\"@id\":\"https:\/\/www.vita-explorers.dk\/blog\/interkulturel-traening-for-studerende\/#primaryimage\"},\"image\":{\"@id\":\"https:\/\/www.vita-explorers.dk\/blog\/interkulturel-traening-for-studerende\/#primaryimage\"},\"thumbnailUrl\":\"https:\/\/www.vita-explorers.dk\/blog\/wp-content\/uploads\/2025\/01\/48427210_1116325425202444_3305267167255068672_n.jpg\",\"datePublished\":\"2025-04-12T04:28:58+00:00\",\"dateModified\":\"2025-09-07T13:32:13+00:00\",\"description\":\"D\u00e9couvrez les avantages de la formation interculturelle pour \u00e9tudiants et boostez votre parcours acad\u00e9mique et professionnel \u00e0 l'international\",\"breadcrumb\":{\"@id\":\"https:\/\/www.vita-explorers.dk\/blog\/interkulturel-traening-for-studerende\/#breadcrumb\"},\"inLanguage\":\"da-DK\",\"potentialAction\":[{\"@type\":\"ReadAction\",\"target\":[\"https:\/\/www.vita-explorers.dk\/blog\/interkulturel-traening-for-studerende\/\"]}]},{\"@type\":\"ImageObject\",\"inLanguage\":\"da-DK\",\"@id\":\"https:\/\/www.vita-explorers.dk\/blog\/interkulturel-traening-for-studerende\/#primaryimage\",\"url\":\"https:\/\/www.vita-explorers.dk\/blog\/wp-content\/uploads\/2025\/01\/48427210_1116325425202444_3305267167255068672_n.jpg\",\"contentUrl\":\"https:\/\/www.vita-explorers.dk\/blog\/wp-content\/uploads\/2025\/01\/48427210_1116325425202444_3305267167255068672_n.jpg\",\"width\":960,\"height\":639,\"caption\":\"B\u00e9n\u00e9volat humanitaire \u00e0 l'\u00e9tranger pour les \u00e9tudiants\"},{\"@type\":\"BreadcrumbList\",\"@id\":\"https:\/\/www.vita-explorers.dk\/blog\/interkulturel-traening-for-studerende\/#breadcrumb\",\"itemListElement\":[{\"@type\":\"ListItem\",\"position\":1,\"name\":\"Accueil\",\"item\":\"https:\/\/www.vita-explorers.dk\/blog\/\"},{\"@type\":\"ListItem\",\"position\":2,\"name\":\"Interkulturel forberedelse for studerende\"}]},{\"@type\":\"WebSite\",\"@id\":\"https:\/\/www.vita-explorers.dk\/blog\/#website\",\"url\":\"https:\/\/www.vita-explorers.dk\/blog\/\",\"name\":\"Association Globalong\",\"description\":\"Frivilligt arbejde, sprogophold, praktik i udlandet og internationale oplevelser\",\"publisher\":{\"@id\":\"https:\/\/www.vita-explorers.dk\/blog\/#organization\"},\"potentialAction\":[{\"@type\":\"SearchAction\",\"target\":{\"@type\":\"EntryPoint\",\"urlTemplate\":\"https:\/\/www.vita-explorers.dk\/blog\/?s={search_term_string}\"},\"query-input\":{\"@type\":\"PropertyValueSpecification\",\"valueRequired\":true,\"valueName\":\"search_term_string\"}}],\"inLanguage\":\"da-DK\"},{\"@type\":\"Organization\",\"@id\":\"https:\/\/www.vita-explorers.dk\/blog\/#organization\",\"name\":\"Association Globalong\",\"url\":\"https:\/\/www.vita-explorers.dk\/blog\/\",\"logo\":{\"@type\":\"ImageObject\",\"inLanguage\":\"da-DK\",\"@id\":\"https:\/\/www.vita-explorers.dk\/blog\/#\/schema\/logo\/image\/\",\"url\":\"https:\/\/www.globalong.com\/blog\/wp-content\/uploads\/2014\/11\/cropped-cropped-Logo-et-Afrique-Globalong-petite-taille-2.jpg\",\"contentUrl\":\"https:\/\/www.globalong.com\/blog\/wp-content\/uploads\/2014\/11\/cropped-cropped-Logo-et-Afrique-Globalong-petite-taille-2.jpg\",\"width\":512,\"height\":512,\"caption\":\"Association Globalong\"},\"image\":{\"@id\":\"https:\/\/www.vita-explorers.dk\/blog\/#\/schema\/logo\/image\/\"},\"sameAs\":[\"https:\/\/www.facebook.com\/globalong\"]},{\"@type\":\"Person\",\"@id\":\"https:\/\/www.vita-explorers.dk\/blog\/#\/schema\/person\/fc0343a2f2db2ebb2793c1f62dbe73f0\",\"name\":\"VITA Tribe\",\"image\":{\"@type\":\"ImageObject\",\"inLanguage\":\"da-DK\",\"@id\":\"https:\/\/www.vita-explorers.dk\/blog\/#\/schema\/person\/image\/\",\"url\":\"https:\/\/secure.gravatar.com\/avatar\/f7f05026bb439d0c96b30e135e5f852c?s=96&d=mm&r=g\",\"contentUrl\":\"https:\/\/secure.gravatar.com\/avatar\/f7f05026bb439d0c96b30e135e5f852c?s=96&d=mm&r=g\",\"caption\":\"VITA Tribe\"},\"sameAs\":[\"http:\/\/www.globalong.com\"],\"url\":\"https:\/\/www.vita-explorers.dk\/blog\/author\/teamglobalong\/\"}]}<\/script>\n<!-- \/ Yoast SEO Premium plugin. -->","yoast_head_json":{"title":"Interkulturel tr\u00e6ning for studerende: styrk din fremtid - VITA Explorers Blog","description":"D\u00e9couvrez les avantages de la formation interculturelle pour \u00e9tudiants et boostez votre parcours acad\u00e9mique et professionnel \u00e0 l'international","robots":{"index":"index","follow":"follow","max-snippet":"max-snippet:-1","max-image-preview":"max-image-preview:large","max-video-preview":"max-video-preview:-1"},"canonical":"https:\/\/www.vita-explorers.dk\/blog\/interkulturel-traening-for-studerende\/","og_locale":"da_DK","og_type":"article","og_title":"Interkulturel forberedelse for studerende","og_description":"D\u00e9couvrez les avantages de la formation interculturelle pour \u00e9tudiants et boostez votre parcours acad\u00e9mique et professionnel \u00e0 l'international","og_url":"https:\/\/www.vita-explorers.dk\/blog\/interkulturel-traening-for-studerende\/","og_site_name":"VITA Explorers Blog","article_publisher":"https:\/\/www.facebook.com\/globalong","article_published_time":"2025-04-12T04:28:58+00:00","article_modified_time":"2025-09-07T13:32:13+00:00","og_image":[{"width":960,"height":639,"url":"https:\/\/www.vita-explorers.dk\/blog\/wp-content\/uploads\/2025\/01\/48427210_1116325425202444_3305267167255068672_n.jpg","type":"image\/jpeg"}],"author":"VITA Tribe","twitter_card":"summary_large_image","twitter_misc":{"Skrevet af":"VITA Tribe","Estimeret l\u00e6setid":"9 minutter"},"schema":{"@context":"https:\/\/schema.org","@graph":[{"@type":"Article","@id":"https:\/\/www.vita-explorers.dk\/blog\/interkulturel-traening-for-studerende\/#article","isPartOf":{"@id":"https:\/\/www.vita-explorers.dk\/blog\/interkulturel-traening-for-studerende\/"},"author":{"name":"VITA Tribe","@id":"https:\/\/www.vita-explorers.dk\/blog\/#\/schema\/person\/fc0343a2f2db2ebb2793c1f62dbe73f0"},"headline":"Interkulturel forberedelse for studerende","datePublished":"2025-04-12T04:28:58+00:00","dateModified":"2025-09-07T13:32:13+00:00","mainEntityOfPage":{"@id":"https:\/\/www.vita-explorers.dk\/blog\/interkulturel-traening-for-studerende\/"},"wordCount":1548,"commentCount":0,"publisher":{"@id":"https:\/\/www.vita-explorers.dk\/blog\/#organization"},"image":{"@id":"https:\/\/www.vita-explorers.dk\/blog\/interkulturel-traening-for-studerende\/#primaryimage"},"thumbnailUrl":"https:\/\/www.vita-explorers.dk\/blog\/wp-content\/uploads\/2025\/01\/48427210_1116325425202444_3305267167255068672_n.jpg","articleSection":["Nyheder","VITA Explorers"],"inLanguage":"da-DK","potentialAction":[{"@type":"CommentAction","name":"Comment","target":["https:\/\/www.vita-explorers.dk\/blog\/interkulturel-traening-for-studerende\/#respond"]}]},{"@type":"WebPage","@id":"https:\/\/www.vita-explorers.dk\/blog\/interkulturel-traening-for-studerende\/","url":"https:\/\/www.vita-explorers.dk\/blog\/interkulturel-traening-for-studerende\/","name":"Interkulturel tr\u00e6ning for studerende: styrk din fremtid - VITA Explorers Blog","isPartOf":{"@id":"https:\/\/www.vita-explorers.dk\/blog\/#website"},"primaryImageOfPage":{"@id":"https:\/\/www.vita-explorers.dk\/blog\/interkulturel-traening-for-studerende\/#primaryimage"},"image":{"@id":"https:\/\/www.vita-explorers.dk\/blog\/interkulturel-traening-for-studerende\/#primaryimage"},"thumbnailUrl":"https:\/\/www.vita-explorers.dk\/blog\/wp-content\/uploads\/2025\/01\/48427210_1116325425202444_3305267167255068672_n.jpg","datePublished":"2025-04-12T04:28:58+00:00","dateModified":"2025-09-07T13:32:13+00:00","description":"D\u00e9couvrez les avantages de la formation interculturelle pour \u00e9tudiants et boostez votre parcours acad\u00e9mique et professionnel \u00e0 l'international","breadcrumb":{"@id":"https:\/\/www.vita-explorers.dk\/blog\/interkulturel-traening-for-studerende\/#breadcrumb"},"inLanguage":"da-DK","potentialAction":[{"@type":"ReadAction","target":["https:\/\/www.vita-explorers.dk\/blog\/interkulturel-traening-for-studerende\/"]}]},{"@type":"ImageObject","inLanguage":"da-DK","@id":"https:\/\/www.vita-explorers.dk\/blog\/interkulturel-traening-for-studerende\/#primaryimage","url":"https:\/\/www.vita-explorers.dk\/blog\/wp-content\/uploads\/2025\/01\/48427210_1116325425202444_3305267167255068672_n.jpg","contentUrl":"https:\/\/www.vita-explorers.dk\/blog\/wp-content\/uploads\/2025\/01\/48427210_1116325425202444_3305267167255068672_n.jpg","width":960,"height":639,"caption":"B\u00e9n\u00e9volat humanitaire \u00e0 l'\u00e9tranger pour les \u00e9tudiants"},{"@type":"BreadcrumbList","@id":"https:\/\/www.vita-explorers.dk\/blog\/interkulturel-traening-for-studerende\/#breadcrumb","itemListElement":[{"@type":"ListItem","position":1,"name":"Accueil","item":"https:\/\/www.vita-explorers.dk\/blog\/"},{"@type":"ListItem","position":2,"name":"Interkulturel forberedelse for studerende"}]},{"@type":"WebSite","@id":"https:\/\/www.vita-explorers.dk\/blog\/#website","url":"https:\/\/www.vita-explorers.dk\/blog\/","name":"Association Globalong","description":"Frivilligt arbejde, sprogophold, praktik i udlandet og internationale oplevelser","publisher":{"@id":"https:\/\/www.vita-explorers.dk\/blog\/#organization"},"potentialAction":[{"@type":"SearchAction","target":{"@type":"EntryPoint","urlTemplate":"https:\/\/www.vita-explorers.dk\/blog\/?s={search_term_string}"},"query-input":{"@type":"PropertyValueSpecification","valueRequired":true,"valueName":"search_term_string"}}],"inLanguage":"da-DK"},{"@type":"Organization","@id":"https:\/\/www.vita-explorers.dk\/blog\/#organization","name":"Association Globalong","url":"https:\/\/www.vita-explorers.dk\/blog\/","logo":{"@type":"ImageObject","inLanguage":"da-DK","@id":"https:\/\/www.vita-explorers.dk\/blog\/#\/schema\/logo\/image\/","url":"https:\/\/www.globalong.com\/blog\/wp-content\/uploads\/2014\/11\/cropped-cropped-Logo-et-Afrique-Globalong-petite-taille-2.jpg","contentUrl":"https:\/\/www.globalong.com\/blog\/wp-content\/uploads\/2014\/11\/cropped-cropped-Logo-et-Afrique-Globalong-petite-taille-2.jpg","width":512,"height":512,"caption":"Association Globalong"},"image":{"@id":"https:\/\/www.vita-explorers.dk\/blog\/#\/schema\/logo\/image\/"},"sameAs":["https:\/\/www.facebook.com\/globalong"]},{"@type":"Person","@id":"https:\/\/www.vita-explorers.dk\/blog\/#\/schema\/person\/fc0343a2f2db2ebb2793c1f62dbe73f0","name":"VITA Tribe","image":{"@type":"ImageObject","inLanguage":"da-DK","@id":"https:\/\/www.vita-explorers.dk\/blog\/#\/schema\/person\/image\/","url":"https:\/\/secure.gravatar.com\/avatar\/f7f05026bb439d0c96b30e135e5f852c?s=96&d=mm&r=g","contentUrl":"https:\/\/secure.gravatar.com\/avatar\/f7f05026bb439d0c96b30e135e5f852c?s=96&d=mm&r=g","caption":"VITA Tribe"},"sameAs":["http:\/\/www.globalong.com"],"url":"https:\/\/www.vita-explorers.dk\/blog\/author\/teamglobalong\/"}]}},"_links":{"self":[{"href":"https:\/\/www.vita-explorers.dk\/blog\/wp-json\/wp\/v2\/posts\/21039"}],"collection":[{"href":"https:\/\/www.vita-explorers.dk\/blog\/wp-json\/wp\/v2\/posts"}],"about":[{"href":"https:\/\/www.vita-explorers.dk\/blog\/wp-json\/wp\/v2\/types\/post"}],"author":[{"embeddable":true,"href":"https:\/\/www.vita-explorers.dk\/blog\/wp-json\/wp\/v2\/users\/7"}],"replies":[{"embeddable":true,"href":"https:\/\/www.vita-explorers.dk\/blog\/wp-json\/wp\/v2\/comments?post=21039"}],"version-history":[{"count":5,"href":"https:\/\/www.vita-explorers.dk\/blog\/wp-json\/wp\/v2\/posts\/21039\/revisions"}],"predecessor-version":[{"id":21573,"href":"https:\/\/www.vita-explorers.dk\/blog\/wp-json\/wp\/v2\/posts\/21039\/revisions\/21573"}],"wp:featuredmedia":[{"embeddable":true,"href":"https:\/\/www.vita-explorers.dk\/blog\/wp-json\/wp\/v2\/media\/19979"}],"wp:attachment":[{"href":"https:\/\/www.vita-explorers.dk\/blog\/wp-json\/wp\/v2\/media?parent=21039"}],"wp:term":[{"taxonomy":"category","embeddable":true,"href":"https:\/\/www.vita-explorers.dk\/blog\/wp-json\/wp\/v2\/categories?post=21039"},{"taxonomy":"post_tag","embeddable":true,"href":"https:\/\/www.vita-explorers.dk\/blog\/wp-json\/wp\/v2\/tags?post=21039"}],"curies":[{"name":"wp","href":"https:\/\/api.w.org\/{rel}","templated":true}]}}