{"id":21046,"date":"2025-04-14T06:38:27","date_gmt":"2025-04-14T04:38:27","guid":{"rendered":"https:\/\/www.globalong.com\/blog\/?p=21046"},"modified":"2025-04-09T18:49:10","modified_gmt":"2025-04-09T16:49:10","slug":"solidarisk-stoette-i-verden","status":"publish","type":"post","link":"https:\/\/www.vita-explorers.dk\/blog\/solidarisk-stoette-i-verden\/","title":{"rendered":"Solidarisk st\u00f8tte i verden"},"content":{"rendered":"<article><!-- TABLE DES MATI\u00c8RES --><\/p>\n<nav style=\"margin-bottom: 2em;\">\n<h2>Indhold: solidarisk st\u00f8tte i verden<\/h2>\n<ol>\n<li><a href=\"#introduction\">Introduktion<\/a><\/li>\n<li><a href=\"#definition-soutien\">Hvad er solidarisk st\u00f8tte i verden?<\/a><\/li>\n<li><a href=\"#importance-soutien\">Hvorfor er solidarisk st\u00f8tte vigtig i dag?<\/a><\/li>\n<li><a href=\"#domaines-action\">VITA Institutes indsatsomr\u00e5der<\/a><\/li>\n<li><a href=\"#benefices-personnels\">Personlige og faglige gevinster<\/a><\/li>\n<li><a href=\"#benefices-communautes\">Gevinster for lokalsamfund<\/a><\/li>\n<li><a href=\"#etapes-engagement\">Trin for trin: s\u00e5dan engagerer du dig med VITA<\/a><\/li>\n<li><a href=\"#valeurs-globalong\">VITA\u2019s v\u00e6rdier<\/a><\/li>\n<li><a href=\"#conseils-pratiques\">Praktiske r\u00e5d til et godt frivilligt ophold<\/a><\/li>\n<li><a href=\"#accompagnement-globalong\">Hvordan st\u00f8tter VITA deltagerne?<\/a><\/li>\n<li><a href=\"#temoignages\">Oplevelser fra VITA Explorers<\/a><\/li>\n<li><a href=\"#defis-limites\">Udfordringer og begr\u00e6nsninger ved solidarisk st\u00f8tte<\/a><\/li>\n<li><a href=\"#conseils-seo\">SEO-r\u00e5d til at optimere artiklen<\/a><\/li>\n<li><a href=\"#conclusion\">Konklusion<\/a><\/li>\n<\/ol>\n<\/nav>\n<p><!-- IMAGE D'ILLUSTRATION 1 --><br \/>\n<img loading=\"lazy\" decoding=\"async\" class=\"aligncenter wp-image-20067 size-medium\" src=\"https:\/\/www.vita-explorers.dk\/blog\/wp-content\/uploads\/2025\/01\/mission-humanitaire-a-barcelone-2-650845c1a705d-662cdeeacc551-263x300.jpeg\" alt=\"Solidarisk st\u00f8tte i udlandet\" width=\"263\" height=\"300\" srcset=\"https:\/\/www.vita-explorers.dk\/blog\/wp-content\/uploads\/2025\/01\/mission-humanitaire-a-barcelone-2-650845c1a705d-662cdeeacc551-263x300.jpeg 263w, https:\/\/www.vita-explorers.dk\/blog\/wp-content\/uploads\/2025\/01\/mission-humanitaire-a-barcelone-2-650845c1a705d-662cdeeacc551-896x1024.jpeg 896w, https:\/\/www.vita-explorers.dk\/blog\/wp-content\/uploads\/2025\/01\/mission-humanitaire-a-barcelone-2-650845c1a705d-662cdeeacc551-768x878.jpeg 768w, https:\/\/www.vita-explorers.dk\/blog\/wp-content\/uploads\/2025\/01\/mission-humanitaire-a-barcelone-2-650845c1a705d-662cdeeacc551.jpeg 966w\" sizes=\"(max-width: 263px) 100vw, 263px\" \/><\/p>\n<p><!-- INTRODUCTION --><\/p>\n<section id=\"introduction\">\n<h1><span style=\"font-size: 18pt;\">Solidarisk st\u00f8tte i verden: engag\u00e9r dig med VITA for en varig forskel<\/span><\/h1>\n<p style=\"text-align: justify;\">F\u00f8rst og fremmest kan et <a href=\"https:\/\/www.vita-explorers.dk\/volontariat-international.html\" target=\"_blank\" rel=\"noopener\">internationalt forl\u00f8b<\/a> v\u00e6re en helt s\u00e6rlig menneskelig oplevelse. Det handler nemlig ikke kun om at give tid eller dele sine kompetencer \u2013 det er i lige s\u00e5 h\u00f8j grad en udveksling, der kan v\u00e6re med til at skabe en mere retf\u00e6rdig og solidarisk fremtid. Hos <strong>VITA Institute<\/strong> tror vi p\u00e5 styrken i <em>solidarisk st\u00f8tte i verden<\/em>: en tilgang, der bygger p\u00e5 engagement, omtanke og nysgerrighed. N\u00e5r du deltager i et humanit\u00e6rt ophold eller et program med <a href=\"https:\/\/www.vita-explorers.dk\/blog\/frivilligt-arbejde-i-udlandet\/\" target=\"_blank\" rel=\"noopener\">frivilligt arbejde i udlandet<\/a>, bliver du en konkret del af en positiv udvikling. Du m\u00f8der nye kulturer, opbygger interkulturelle kompetencer og bidrager til indsatser, der kan forbedre hverdagen for mennesker, der har brug for st\u00f8tte. Ud over det praktiske er det ogs\u00e5 en erfaring, der kan flytte noget i dig \u2013 personligt og menneskeligt.<\/p>\n<p style=\"text-align: justify;\">I denne artikel ser vi n\u00e6rmere p\u00e5, hvorfor det giver mening at engagere sig i <strong>solidarisk st\u00f8tte i verden<\/strong>, hvilke gevinster det kan give b\u00e5de dig og de mennesker, du m\u00f8der, og hvordan VITA st\u00f8tter dig trin for trin, s\u00e5 du f\u00e5r et trygt og meningsfuldt forl\u00f8b. G\u00f8r dig klar til at dykke ned i et engagement, der ikke kun kan g\u00f8re en forskel for andre \u2013 men ogs\u00e5 give dig nye perspektiver og et st\u00e6rkere st\u00e5sted.<\/p>\n<p><!-- Exemple d'image illustrative --><\/p>\n<figure style=\"text-align: center; margin: 2em 0;\" data-wp-editing=\"1\"><img loading=\"lazy\" decoding=\"async\" class=\"aligncenter wp-image-19334 size-medium\" src=\"https:\/\/www.vita-explorers.dk\/blog\/wp-content\/uploads\/2024\/11\/36517409686_5be92744ac_w-300x225.jpg\" alt=\"VITA Explorers engageret i et solidarisk projekt.\" width=\"300\" height=\"225\" srcset=\"https:\/\/www.vita-explorers.dk\/blog\/wp-content\/uploads\/2024\/11\/36517409686_5be92744ac_w-300x225.jpg 300w, https:\/\/www.vita-explorers.dk\/blog\/wp-content\/uploads\/2024\/11\/36517409686_5be92744ac_w.jpg 400w\" sizes=\"(max-width: 300px) 100vw, 300px\" \/><\/figure>\n<\/section>\n<p><!-- D\u00c9FINITION --><\/p>\n<section id=\"definition-soutien\">\n<h2><strong>Hvad er solidarisk st\u00f8tte i verden?<\/strong><\/h2>\n<p style=\"text-align: justify;\">Begrebet <strong>solidarisk st\u00f8tte i verden<\/strong> d\u00e6kker over indsatser, der giver konkret og holdbar st\u00f8tte til mennesker og f\u00e6llesskaber p\u00e5 tv\u00e6rs af landegr\u00e6nser. Det kan v\u00e6re humanit\u00e6re forl\u00f8b, frivilligt arbejde inden for undervisning, sundhed, milj\u00f8 eller projekter, der styrker lokal udvikling.<\/p>\n<p style=\"text-align: justify;\">Udgangspunktet er en erkendelse af, at vi lever i en sammenh\u00e6ngende verden, hvor \u00f8konomiske, sociale og milj\u00f8m\u00e6ssige udfordringer h\u00e6nger t\u00e6t sammen. N\u00e5r du deltager i et forl\u00f8b med <em>globalt ansvar<\/em>, er du med til at mindske ulighed, styrke adgangen til uddannelse, st\u00f8tte sundhed eller beskytte biodiversitet. P\u00e5 den m\u00e5de bliver du en <a href=\"https:\/\/www.vita-explorers.dk\/blog\/bliv-ambassadoer-for-vita\/\" target=\"_blank\" rel=\"noopener\"><strong>ambassad\u00f8r<\/strong><\/a> for internationalt engagement og kulturudveksling.<\/p>\n<p style=\"text-align: justify;\">Fordi international solidaritet bygger p\u00e5 frivillighed og respekt, samler den mennesker med meget forskellige baggrunde. Sammen bidrager de til en positiv udvikling og til forbedringer, der kan m\u00e6rkes i hverdagen. Hos <a href=\"https:\/\/www.vita-explorers.dk\/\" target=\"_blank\" rel=\"noopener\">VITA<\/a> bakker vi op om v\u00e6rdier som f\u00e6llesskab, hj\u00e6lpsomhed og gensidig respekt \u2013 og vi guider hver deltager gennem hele forl\u00f8bet.<\/p>\n<\/section>\n<p><!-- IMAGE --><br \/>\n<img loading=\"lazy\" decoding=\"async\" class=\"aligncenter wp-image-19333 size-medium\" src=\"https:\/\/www.vita-explorers.dk\/blog\/wp-content\/uploads\/2024\/11\/36517397186_1ef23a5efd_w-300x225.jpg\" alt=\"Deltager p\u00e5 forl\u00f8b i Marokko\" width=\"300\" height=\"225\" srcset=\"https:\/\/www.vita-explorers.dk\/blog\/wp-content\/uploads\/2024\/11\/36517397186_1ef23a5efd_w-300x225.jpg 300w, https:\/\/www.vita-explorers.dk\/blog\/wp-content\/uploads\/2024\/11\/36517397186_1ef23a5efd_w.jpg 400w\" sizes=\"(max-width: 300px) 100vw, 300px\" \/><\/p>\n<p><!-- IMPORTANCE SOUTIEN --><\/p>\n<section id=\"importance-soutien\">\n<h2><strong>Hvorfor er solidarisk st\u00f8tte i verden vigtig i dag?<\/strong><\/h2>\n<p style=\"text-align: justify;\">I en tid med hurtige forandringer, vedvarende ulighed og flere humanit\u00e6re kriser er <strong>solidarisk st\u00f8tte i verden<\/strong> mere relevant end nogensinde. Mange lokalsamfund mangler fortsat adgang til rent drikkevand, relevant undervisning, velfungerende sundhedsydelser \u2013 eller oplever, at deres livsgrundlag forringes.<\/p>\n<ul>\n<li><strong>Mindre ulighed<\/strong> : Internationale forl\u00f8b og humanit\u00e6re indsatser kan v\u00e6re med til at mindske sociale og \u00f8konomiske skel. N\u00e5r deltagere deler viden og ressourcer, kan det give nye muligheder for dem, der st\u00e5r mest s\u00e5rbart.<\/li>\n<li><strong>Mere stabilitet<\/strong> : Uretf\u00e6rdighed og fattigdom kan skabe uro. Ved at st\u00f8tte lokale projekter, der arbejder med selvst\u00e6ndighed og udvikling, styrkes grundlaget for mere trygge samfund.<\/li>\n<li><strong>Beskyttelse af milj\u00f8et<\/strong> : Klimakrise og afskovning p\u00e5virker os alle. Forl\u00f8b med genplantning, naturbevarelse eller beskyttelse af dyreliv er konkrete m\u00e5der at handle ansvarligt p\u00e5.<\/li>\n<li><strong>Styrket tolerance<\/strong> : <em>Internationalt frivilligt arbejde<\/em> fremmer m\u00f8det mellem mennesker og \u00f8ger forst\u00e5elsen p\u00e5 tv\u00e6rs af kulturer. Solidaritet kan v\u00e6re en drivkraft for dialog og et mere \u00e5bent udsyn.<\/li>\n<\/ul>\n<p style=\"text-align: justify;\">Kort sagt er engagement i <strong>international solidaritet<\/strong> en konkret m\u00e5de at bidrage til positive forandringer \u2013 samtidig med at det underst\u00f8tter en bredere f\u00e6lles forst\u00e5else af ansvar i en forbundet verden.<\/p>\n<\/section>\n<p><!-- IMAGE --><br \/>\n<img loading=\"lazy\" decoding=\"async\" class=\"aligncenter wp-image-19332 size-medium\" src=\"https:\/\/www.vita-explorers.dk\/blog\/wp-content\/uploads\/2024\/11\/36167007900_be33157318_w-300x225.jpg\" alt=\"Deltager p\u00e5 et internationalt solidaritetsprojekt\" width=\"300\" height=\"225\" srcset=\"https:\/\/www.vita-explorers.dk\/blog\/wp-content\/uploads\/2024\/11\/36167007900_be33157318_w-300x225.jpg 300w, https:\/\/www.vita-explorers.dk\/blog\/wp-content\/uploads\/2024\/11\/36167007900_be33157318_w.jpg 400w\" sizes=\"(max-width: 300px) 100vw, 300px\" \/><\/p>\n<p><!-- DOMAINES D'ACTION --><\/p>\n<section id=\"domaines-action\">\n<h2><strong>VITA Institutes indsatsomr\u00e5der<\/strong><\/h2>\n<p style=\"text-align: justify;\"><a href=\"https:\/\/www.vita-explorers.dk\/blog\/tag-til-sydafrika-i-6-maaneder\/\" target=\"_blank\" rel=\"noopener\">At tage afsted p\u00e5 et <em>humanit\u00e6rt ophold<\/em><\/a> med VITA betyder, at du kan v\u00e6lge mellem flere forskellige omr\u00e5der. Vi l\u00e6gger v\u00e6gt p\u00e5, at indsatserne giver mening i den lokale hverdag, og at forl\u00f8bet passer til deltagernes erfaring og motivation. Her er nogle centrale indsatsomr\u00e5der:<\/p>\n<ul>\n<li><strong>Uddannelse og undervisning<\/strong> : st\u00f8tte skoler, afholde sprogaktiviteter eller give individuel st\u00f8tte til elever, s\u00e5 de f\u00e5r bedre muligheder for l\u00e6ring.<\/li>\n<li><strong>Sundhed og trivsel<\/strong> : bidrage i hospitaler, sundhedsklinikker eller mindre behandlingssteder. Du kan ogs\u00e5 v\u00e6re med i oplysningsindsatser om hygiejne og forebyggelse og st\u00f8tte det lokale sundhedspersonale.<\/li>\n<li><strong>Milj\u00f8 og b\u00e6redygtig udvikling<\/strong> : genplantning, beskyttelse af dyreliv, affaldsh\u00e5ndtering eller undervisning i milj\u00f8bevidsthed. Initiativerne handler om at passe p\u00e5 naturressourcer og fremme mere ansvarlige l\u00f8sninger.<\/li>\n<li><strong>F\u00e6llesskabsudvikling<\/strong> : st\u00f8tte lokale initiativer, bidrage til projekter som br\u00f8nde, skolebyggeri eller tr\u00e6nings- og l\u00e6ringsmilj\u00f8er. Derudover er kompetenceopbygning gennem undervisning og oplysning ofte en vigtig del.<\/li>\n<\/ul>\n<p style=\"text-align: justify;\">Vi hj\u00e6lper dig med at finde det forl\u00f8b, der matcher dine kompetencer og dine \u00f8nsker, s\u00e5 du kan bidrage meningsfuldt til <strong>solidarisk st\u00f8tte i verden<\/strong> \u2013 og samtidig f\u00e5 en erfaring, der s\u00e6tter sig.<\/p>\n<\/section>\n<p><!-- IMAGE --><br \/>\n<img loading=\"lazy\" decoding=\"async\" class=\"aligncenter wp-image-19291 size-medium\" src=\"https:\/\/www.vita-explorers.dk\/blog\/wp-content\/uploads\/2024\/11\/51970078562_55ab91d6dd_w-300x200.jpg\" alt=\"Humanit\u00e6rt forl\u00f8b for studerende\" width=\"300\" height=\"200\" srcset=\"https:\/\/www.vita-explorers.dk\/blog\/wp-content\/uploads\/2024\/11\/51970078562_55ab91d6dd_w-300x200.jpg 300w, https:\/\/www.vita-explorers.dk\/blog\/wp-content\/uploads\/2024\/11\/51970078562_55ab91d6dd_w.jpg 400w\" sizes=\"(max-width: 300px) 100vw, 300px\" \/><\/p>\n<p><!-- B\u00c9N\u00c9FICES PERSONNELS --><\/p>\n<section id=\"benefices-personnels\">\n<h2>Personlige og faglige gevinster ved et solidarisk engagement<\/h2>\n<p style=\"text-align: justify;\">Selvom form\u00e5let med <em>internationalt frivilligt arbejde<\/em> er at st\u00f8tte de f\u00e6llesskaber, du bes\u00f8ger, vil du som deltager ofte ogs\u00e5 f\u00e5 meget med hjem:<\/p>\n<h3><strong>1. Personlig udvikling<\/strong><\/h3>\n<ul>\n<li><strong>Selvtillid<\/strong> : N\u00e5r du tr\u00e6der ud af din komfortzone og l\u00e6rer at navigere i nye rammer, styrker du din tro p\u00e5 egne evner.<\/li>\n<li><strong>Omstillingsevne<\/strong> : Du l\u00e6rer at h\u00e5ndtere nye sprog, kulturer og hverdagsformer, hvilket g\u00f8r dig mere fleksibel.<\/li>\n<li><strong>Meningsfuldhed<\/strong> : At v\u00e6re en del af et projekt med form\u00e5l kan give en dyb tilfredshed. Du kan m\u00e6rke, at din indsats betyder noget.<\/li>\n<\/ul>\n<h3><strong>2. Interkulturelle kompetencer<\/strong><\/h3>\n<ul>\n<li><strong>Kommunikation<\/strong> : N\u00e5r du lever t\u00e6t p\u00e5 mennesker med et andet sprog, udvikler du nye m\u00e5der at udtrykke dig og lytte p\u00e5.<\/li>\n<li><strong>Samarbejde<\/strong> : Du arbejder sammen med andre deltagere og lokale teams. Det er en god tr\u00e6ning i f\u00e6lles opgavel\u00f8sning og i at tage ansvar.<\/li>\n<\/ul>\n<h3><strong>3. Fagligt udbytte<\/strong><\/h3>\n<ul>\n<li><strong>Styrkelse af CV<\/strong> : Et forl\u00f8b inden for <em>international solidaritet<\/em> viser initiativ, tilpasningsevne og robusthed.<\/li>\n<li><strong>Nye konkrete kompetencer<\/strong> : Afh\u00e6ngigt af programmet kan du opbygge relevante f\u00e6rdigheder (fx undervisning, omsorg, projektkoordinering m.m.).<\/li>\n<li><strong>St\u00f8rre netv\u00e6rk<\/strong> : Du m\u00f8der deltagere fra mange lande og skaber relationer, der kan blive b\u00e5de fagligt og personligt v\u00e6rdifulde.<\/li>\n<\/ul>\n<p style=\"text-align: justify;\">Kort fortalt kan dit forl\u00f8b med <strong>solidarisk st\u00f8tte i verden<\/strong> hj\u00e6lpe dig med at vokse som menneske, f\u00e5 nye perspektiver og styrke din profil p\u00e5 arbejdsmarkedet.<\/p>\n<\/section>\n<p><!-- IMAGE --><br \/>\n<img loading=\"lazy\" decoding=\"async\" class=\"aligncenter wp-image-18331 size-medium\" src=\"https:\/\/www.vita-explorers.dk\/blog\/wp-content\/uploads\/2024\/10\/24lucasc05-300x201.jpg\" alt=\"Studerende i praktik i udlandet hos en NGO\" width=\"300\" height=\"201\" srcset=\"https:\/\/www.vita-explorers.dk\/blog\/wp-content\/uploads\/2024\/10\/24lucasc05-300x201.jpg 300w, https:\/\/www.vita-explorers.dk\/blog\/wp-content\/uploads\/2024\/10\/24lucasc05.jpg 398w\" sizes=\"(max-width: 300px) 100vw, 300px\" \/><\/p>\n<p><!-- B\u00c9N\u00c9FICES COMMUNAUT\u00c9S --><\/p>\n<section id=\"benefices-communautes\">\n<h2>Gevinster for lokalsamfund<\/h2>\n<p style=\"text-align: justify;\">Naturligvis er det de f\u00e6llesskaber, der tager imod, som f\u00e5r det f\u00f8rste og vigtigste udbytte af din deltagelse i <em>humanit\u00e6re forl\u00f8b<\/em>:<\/p>\n<ul>\n<li><strong>Bedre faciliteter<\/strong> : opf\u00f8relse eller renovering af skoler, veje, sundhedscentre eller br\u00f8nde. Det kan give en direkte forbedring i hverdagen.<\/li>\n<li><strong>L\u00e6ring og videndeling<\/strong> : deltagere deler viden (undervisning, sundhed, projektarbejde m.m.), og erfaringerne kan leve videre efter hjemrejsen.<\/li>\n<li><strong>Styrkede levevilk\u00e5r<\/strong> : adgang til rent vand, vaccinationer, undervisningsmaterialer eller indsatser om ern\u00e6ring. Tilsammen kan det l\u00f8fte trivsel og sundhed i familier.<\/li>\n<li><strong>Social sammenh\u00e6ngskraft<\/strong> : internationale deltagere kan skabe mere dialog og samarbejde og samtidig inspirere til lokalt engagement i f\u00e6lles udfordringer.<\/li>\n<\/ul>\n<p style=\"text-align: justify;\">Samlet set kan <strong>solidarisk st\u00f8tte i verden<\/strong> gennem VITA v\u00e6re med til at skabe en udvikling, der r\u00e6kker l\u00e6ngere end den enkelte indsats \u2013 med fokus p\u00e5 progression og st\u00f8rre selvst\u00e6ndighed over tid.<\/p>\n<\/section>\n<p><!-- IMAGE --><br \/>\n<img loading=\"lazy\" decoding=\"async\" class=\"aligncenter wp-image-16905 size-full\" src=\"https:\/\/www.vita-explorers.dk\/blog\/wp-content\/uploads\/2024\/06\/Capture-decran-2024-06-14-a-10.07.35.png\" alt=\"veterin\u00e6r praktikophold i udlandet for studerende\" width=\"198\" height=\"186\" \/><\/p>\n<p><!-- \u00c9TAPES D'ENGAGEMENT --><\/p>\n<section id=\"etapes-engagement\">\n<h2>Trin for trin: s\u00e5dan engagerer du dig i et solidarisk projekt med VITA<\/h2>\n<p style=\"text-align: justify;\">Vil du tage n\u00e6ste skridt og deltage i et forl\u00f8b med <em>solidarisk st\u00f8tte i verden<\/em>? Her er de vigtigste trin for at komme godt i gang:<\/p>\n<ol>\n<li><strong>Afklar dit projekt<\/strong> : Bliv tydelig p\u00e5 din motivation, dine kompetencer og hvilken type forl\u00f8b, der interesserer dig (undervisning, sundhed, milj\u00f8 m.m.). T\u00e6nk ogs\u00e5 over, hvilken region du kunne se dig selv i.<\/li>\n<li><strong>V\u00e6lg et program<\/strong> : G\u00e5 p\u00e5 opdagelse i VITA\u2019s muligheder. Hvert forl\u00f8b beskriver form\u00e5l, varighed, forventninger og praktiske rammer.<\/li>\n<li><strong>Forbered dig<\/strong> : F\u00e5 styr p\u00e5 det praktiske (visum, forsikring m.m.), tjek anbefalede vacciner og s\u00e6t dig ind i kultur og sprog i v\u00e6rtslandet.<\/li>\n<li><strong>Planl\u00e6g \u00f8konomien<\/strong> : L\u00e6g et realistisk budget (transport, ophold, mad m.m.). VITA kan ogs\u00e5 pege p\u00e5 muligheder for finansiering (legater, fundraising m.m.).<\/li>\n<li><strong>Tag afsted<\/strong> : N\u00e5r du er p\u00e5 plads, giver det v\u00e6rdi at bruge tid p\u00e5 at lande, forst\u00e5 hverdagen og indg\u00e5 aktivt i opgaverne sammen med teamet.<\/li>\n<\/ol>\n<p style=\"text-align: justify;\">P\u00e5 den m\u00e5de \u00f8ger du chancen for et godt forl\u00f8b og bidrager til en positiv effekt \u2013 b\u00e5de for dig og for dem, indsatserne handler om.<\/p>\n<\/section>\n<p><!-- IMAGE --><br \/>\n<img loading=\"lazy\" decoding=\"async\" class=\"aligncenter wp-image-16636 size-medium\" src=\"https:\/\/www.vita-explorers.dk\/blog\/wp-content\/uploads\/2024\/05\/Sophie-Togo-300x300.png\" alt=\"Humanit\u00e6rt frivilligophold i Togo med en NGO\" width=\"300\" height=\"300\" srcset=\"https:\/\/www.vita-explorers.dk\/blog\/wp-content\/uploads\/2024\/05\/Sophie-Togo-300x300.png 300w, https:\/\/www.vita-explorers.dk\/blog\/wp-content\/uploads\/2024\/05\/Sophie-Togo-1024x1024.png 1024w, https:\/\/www.vita-explorers.dk\/blog\/wp-content\/uploads\/2024\/05\/Sophie-Togo-150x150.png 150w, https:\/\/www.vita-explorers.dk\/blog\/wp-content\/uploads\/2024\/05\/Sophie-Togo-768x768.png 768w, https:\/\/www.vita-explorers.dk\/blog\/wp-content\/uploads\/2024\/05\/Sophie-Togo.png 1080w\" sizes=\"(max-width: 300px) 100vw, 300px\" \/><\/p>\n<p><!-- VALEURS GLOBALONG --><\/p>\n<section id=\"valeurs-globalong\">\n<h2>VITA\u2019s v\u00e6rdier<\/h2>\n<p style=\"text-align: justify;\">VITA Institute er en <a href=\"https:\/\/www.vita-explorers.dk\/association-globalong.html\" target=\"_blank\" rel=\"noopener\">organisation<\/a> med fokus p\u00e5 mennesker og langsigtet effekt. Vores principper er t\u00e6t forbundet med praksis og er med til at forme alt, vi g\u00f8r:<\/p>\n<ul>\n<li><strong>Respekt og n\u00e6rv\u00e6r<\/strong> : Vi m\u00f8der mennesker med lydh\u00f8rhed og tager hensyn til lokale normer, traditioner og konkrete \u00f8nsker.<\/li>\n<li><strong>Transparens<\/strong> : Vi prioriterer tydelig kommunikation om rammer, vilk\u00e5r og forventninger f\u00f8r og under forl\u00f8bet.<\/li>\n<li><strong>Faglighed og relevans<\/strong> : Indsatserne planl\u00e6gges ud fra reelle behov og med fokus p\u00e5, at deltagelsen giver mening i hverdagen.<\/li>\n<li><strong>F\u00e6llesskab og solidaritet<\/strong> : Vi tror p\u00e5, at gensidig st\u00f8tte rykker mest. Alle \u2013 deltagere s\u00e5vel som dem, der tager imod \u2013 har noget v\u00e6rdifuldt at bidrage med.<\/li>\n<\/ul>\n<p style=\"text-align: justify;\">Med de v\u00e6rdier \u00f8nsker VITA at bygge bro mellem kulturer og bidrage til en verden, der h\u00e6nger bedre sammen \u2013 p\u00e5 en jordn\u00e6r og respektfuld m\u00e5de.<\/p>\n<\/section>\n<p><!-- IMAGE --><br \/>\n<img loading=\"lazy\" decoding=\"async\" class=\"aligncenter wp-image-18932 size-medium\" src=\"https:\/\/www.vita-explorers.dk\/blog\/wp-content\/uploads\/2024\/11\/399171983_380829227600728_8860467817083370562_n-300x300.jpg\" alt=\"Solidarisk ophold rundt i verden \" width=\"300\" height=\"300\" srcset=\"https:\/\/www.vita-explorers.dk\/blog\/wp-content\/uploads\/2024\/11\/399171983_380829227600728_8860467817083370562_n-300x300.jpg 300w, https:\/\/www.vita-explorers.dk\/blog\/wp-content\/uploads\/2024\/11\/399171983_380829227600728_8860467817083370562_n-1024x1024.jpg 1024w, https:\/\/www.vita-explorers.dk\/blog\/wp-content\/uploads\/2024\/11\/399171983_380829227600728_8860467817083370562_n-150x150.jpg 150w, https:\/\/www.vita-explorers.dk\/blog\/wp-content\/uploads\/2024\/11\/399171983_380829227600728_8860467817083370562_n-768x768.jpg 768w, https:\/\/www.vita-explorers.dk\/blog\/wp-content\/uploads\/2024\/11\/399171983_380829227600728_8860467817083370562_n.jpg 1200w\" sizes=\"(max-width: 300px) 100vw, 300px\" \/><\/p>\n<p><!-- CONSEILS PRATIQUES --><\/p>\n<section id=\"conseils-pratiques\">\n<h2>Praktiske r\u00e5d til et godt frivilligt ophold<\/h2>\n<p style=\"text-align: justify;\">Hvis du vil have mest muligt ud af dit <em>humanit\u00e6re ophold<\/em> og styrke din <strong>solidariske st\u00f8tte i verden<\/strong>, kan disse r\u00e5d hj\u00e6lpe:<\/p>\n<h3><strong>1. S\u00e6t dig ind i kulturen<\/strong><\/h3>\n<ul>\n<li>L\u00e6s om lokale normer og l\u00e6r et par enkle gloser: det bliver ofte taget rigtig godt imod.<\/li>\n<li>V\u00e6r respektfuld og undg\u00e5 hurtige vurderinger: du er der for at bidrage og l\u00e6re.<\/li>\n<\/ul>\n<h3><strong>2. V\u00e6r ydmyg og fleksibel<\/strong><\/h3>\n<ul>\n<li style=\"text-align: justify;\">Ressourcerne kan v\u00e6re begr\u00e6nsede. V\u00e6r derfor omstillingsparat, n\u00e5r der opst\u00e5r uforudsete ting (str\u00f8mafbrydelser, forsinkelser m.m.).<\/li>\n<li style=\"text-align: justify;\">Undg\u00e5 at presse dine egne l\u00f8sninger igennem. Lyt, observer og kom med forslag, der passer til den lokale kontekst.<\/li>\n<\/ul>\n<h3><strong>3. F\u00f8lg sikkerheds- og sundhedsr\u00e5d<\/strong><\/h3>\n<ul>\n<li>F\u00f8lg anbefalinger om vacciner og forebyggelse (malaria, tyfus m.m.), som deles af VITA eller sundhedsfagligt personale.<\/li>\n<li>Undg\u00e5 risikoomr\u00e5der uden ledsagelse og f\u00f8lg officielle retningslinjer.<\/li>\n<\/ul>\n<h3><strong>4. Bevar et godt mindset<\/strong><\/h3>\n<ul>\n<li>Forl\u00f8b kan v\u00e6re mentalt kr\u00e6vende. Del dine tanker med andre deltagere eller teamet p\u00e5 stedet.<\/li>\n<li>Gl\u00e6d dig over de sm\u00e5 fremskridt: i <strong>international solidaritet<\/strong> t\u00e6ller hvert skridt.<\/li>\n<\/ul>\n<h3><strong>5. Dokument\u00e9r og del dine erfaringer<\/strong><\/h3>\n<ul>\n<li>Skriv dagbog, og tag billeder (selvf\u00f8lgelig kun med samtykke fra dem, der er med).<\/li>\n<li>N\u00e5r du kommer hjem, kan du fort\u00e6lle om dit forl\u00f8b \u2013 det kan inspirere andre til at engagere sig.<\/li>\n<\/ul>\n<p style=\"text-align: justify;\">Med disse r\u00e5d f\u00e5r du et mere udbytterigt ophold \u2013 til gavn for b\u00e5de dig og de mennesker, du er sammen med.<\/p>\n<\/section>\n<p><!-- IMAGE --><br \/>\n<img loading=\"lazy\" decoding=\"async\" class=\"aligncenter wp-image-19979 size-medium\" src=\"https:\/\/www.vita-explorers.dk\/blog\/wp-content\/uploads\/2025\/01\/48427210_1116325425202444_3305267167255068672_n-300x200.jpg\" alt=\"Interkulturel forberedelse for studerende\" width=\"300\" height=\"200\" srcset=\"https:\/\/www.vita-explorers.dk\/blog\/wp-content\/uploads\/2025\/01\/48427210_1116325425202444_3305267167255068672_n-300x200.jpg 300w, https:\/\/www.vita-explorers.dk\/blog\/wp-content\/uploads\/2025\/01\/48427210_1116325425202444_3305267167255068672_n-768x511.jpg 768w, https:\/\/www.vita-explorers.dk\/blog\/wp-content\/uploads\/2025\/01\/48427210_1116325425202444_3305267167255068672_n.jpg 960w\" sizes=\"(max-width: 300px) 100vw, 300px\" \/><\/p>\n<p><!-- ACCOMPAGNEMENT GLOBALONG --><\/p>\n<section id=\"accompagnement-globalong\">\n<h2>Hvordan st\u00f8tter VITA deltagerne?<\/h2>\n<p style=\"text-align: justify;\">VITA prioriterer, at dit <em>humanit\u00e6re ophold<\/em> bliver trygt og meningsfuldt. Derfor arbejder vi m\u00e5lrettet p\u00e5 at:<\/p>\n<ul>\n<li><strong>Give personlig sparring<\/strong> : Fra f\u00f8rste kontakt hj\u00e6lper en r\u00e5dgiver dig med at finde et forl\u00f8b, der passer til dig, og er tilg\u00e6ngelig undervejs.<\/li>\n<li><strong>Sikre en grundig forberedelse<\/strong> : Du f\u00e5r materiale med viden om lokale forhold, hvad du skal have styr p\u00e5, og gode r\u00e5d til at falde til.<\/li>\n<li><strong>Arbejde sammen med lokale organisationer<\/strong> : Forl\u00f8bene gennemf\u00f8res i dialog med lokale akt\u00f8rer, s\u00e5 indsatsen er relevant og forankret.<\/li>\n<li><strong>Tilbyde st\u00f8tte p\u00e5 stedet<\/strong> : Et team er til stede til at guide dig, hj\u00e6lpe ved udfordringer og skabe trygge rammer.<\/li>\n<li><strong>Inddrage dine erfaringer<\/strong> : Efter opholdet lytter vi til dine oplevelser, s\u00e5 vi l\u00f8bende kan l\u00e6re og forbedre vores programmer \u2013 og inspirere kommende deltagere.<\/li>\n<\/ul>\n<p style=\"text-align: justify;\">Med den samlede st\u00f8tte bliver dit forl\u00f8b med <strong>solidarisk st\u00f8tte i verden<\/strong> tilrettelagt, s\u00e5 det fungerer godt \u2013 b\u00e5de for dig og for de mennesker, indsatserne handler om.<\/p>\n<\/section>\n<p><!-- IMAGE --><br \/>\n<img loading=\"lazy\" decoding=\"async\" class=\"aligncenter wp-image-19359 size-medium\" src=\"https:\/\/www.vita-explorers.dk\/blog\/wp-content\/uploads\/2024\/11\/Mission-humanitaire-agriculture-renovation-Senegal-6-656764e28a849-300x195.png\" alt=\"Humanit\u00e6rt ophold i Senegal\" width=\"300\" height=\"195\" srcset=\"https:\/\/www.vita-explorers.dk\/blog\/wp-content\/uploads\/2024\/11\/Mission-humanitaire-agriculture-renovation-Senegal-6-656764e28a849-300x195.png 300w, https:\/\/www.vita-explorers.dk\/blog\/wp-content\/uploads\/2024\/11\/Mission-humanitaire-agriculture-renovation-Senegal-6-656764e28a849.png 370w\" sizes=\"(max-width: 300px) 100vw, 300px\" \/><\/p>\n<p><!-- T\u00c9MOIGNAGES --><\/p>\n<section id=\"temoignages\">\n<h2>Oplevelser fra VITA Explorers<\/h2>\n<article><\/article>\n<\/section>\n<div class=\"ti-widget ti-goog\" data-layout-id=\"4\" data-set-id=\"light-background\" data-pid=\"\" data-language=\"fr\" data-version=\"2\" data-review-target-width=\"300\" data-review-text-mode=\"readmore\" data-pager-autoplay-timeout=\"6\" > <div class=\"ti-widget-container ti-col-3\"> <div class=\"ti-reviews-container\"> <div class=\"ti-controls\"> <div class=\"ti-next\" aria-label=\"Avis suivante\" role=\"button\"><\/div> <div class=\"ti-prev\" aria-label=\"Avis pr\u00e9c\u00e9dent\" role=\"button\"><\/div> <\/div> <div class=\"ti-reviews-container-wrapper\">  <div data-empty=\"0\" class=\"ti-review-item source-Google ti-image-layout-thumbnail\" data-id=\"cfcd208495d565ef66e7dff9f98764da\" > <div class=\"ti-inner\"> <div class=\"ti-review-header\"> <div class=\"ti-profile-img\"> <img decoding=\"async\" src=\"https:\/\/lh3.googleusercontent.com\/a\/ACg8ocKpaoKe37CD0_POxO97KqB60GsWQRsIuG2vmCfXT-W_FY44vw=s120-c-rp-mo-br100\" srcset=\"https:\/\/lh3.googleusercontent.com\/a\/ACg8ocKpaoKe37CD0_POxO97KqB60GsWQRsIuG2vmCfXT-W_FY44vw=s120-c-rp-mo-br100 2x\" alt=\"Lucie Correia\" loading=\"lazy\" \/> <\/div> <div class=\"ti-profile-details\"> <div class=\"ti-name\"> Lucie Correia <\/div> <div class=\"ti-date\">2024-10-17<\/div> <\/div> <\/div> <span class=\"ti-stars\"><span class=\"ti-star f\"><\/span><span class=\"ti-star f\"><\/span><span class=\"ti-star f\"><\/span><span class=\"ti-star f\"><\/span><span class=\"ti-star f\"><\/span><\/span> <div class=\"ti-review-text-container ti-review-content\"><!-- R-CONTENT -->La communication avec Globalong est super, personnes tr\u00e8s pr\u00e9sentes pour les b\u00e9n\u00e9voles et \u00e9tudiants partant avec cette association. Elles r\u00e9pondent \u00e0 toutes nos questions et sont tr\u00e8s accessibles au t\u00e9l\u00e9phone.<!-- R-CONTENT --><\/div> <span class=\"ti-read-more\" data-container=\".ti-review-content\" data-collapse-text=\"Cacher\" data-open-text=\"Lire la suite\" ><\/span> <\/div> <\/div>  <div data-empty=\"0\" class=\"ti-review-item source-Google ti-image-layout-thumbnail\" data-id=\"cfcd208495d565ef66e7dff9f98764da\" > <div class=\"ti-inner\"> <div class=\"ti-review-header\"> <div class=\"ti-profile-img\"> <img decoding=\"async\" src=\"https:\/\/lh3.googleusercontent.com\/a-\/ALV-UjWqnnzM7-7c9BDqeTDF-a7pOgNjvLkJ3WshRd_Tn7z0Eu-AGQwo=s120-c-rp-mo-br100\" srcset=\"https:\/\/lh3.googleusercontent.com\/a-\/ALV-UjWqnnzM7-7c9BDqeTDF-a7pOgNjvLkJ3WshRd_Tn7z0Eu-AGQwo=s120-c-rp-mo-br100 2x\" alt=\"Ra\u00efssa Frisch\" loading=\"lazy\" \/> <\/div> <div class=\"ti-profile-details\"> <div class=\"ti-name\"> Ra\u00efssa Frisch <\/div> <div class=\"ti-date\">2024-10-14<\/div> <\/div> <\/div> <span class=\"ti-stars\"><span class=\"ti-star f\"><\/span><span class=\"ti-star f\"><\/span><span class=\"ti-star f\"><\/span><span class=\"ti-star f\"><\/span><span class=\"ti-star f\"><\/span><\/span> <div class=\"ti-review-text-container ti-review-content\"><!-- R-CONTENT -->J\u2019ai d\u00e9j\u00e0 eu l\u2019opportunit\u00e9 de r\u00e9aliser deux projets humanitaires avec l\u2019association Globalong. Je ne peux que la recommander, car j\u2019ai toujours b\u00e9n\u00e9fici\u00e9 d\u2019un excellent accompagnement, aussi bien avant que pendant le voyage. On ne vous laisse pas vous d\u00e9brouiller seuls, bien au contraire, vous \u00eates tr\u00e8s bien encadr\u00e9s pour accomplir toutes les d\u00e9marches dans les d\u00e9lais.\n\nAu-del\u00e0 du suivi, les exp\u00e9riences humanitaires propos\u00e9es par Globalong ne peuvent que transformer votre vie de mani\u00e8re positive. Elles vous apportent une richesse humaine inestimable.<!-- R-CONTENT --><\/div> <span class=\"ti-read-more\" data-container=\".ti-review-content\" data-collapse-text=\"Cacher\" data-open-text=\"Lire la suite\" ><\/span> <\/div> <\/div>  <div data-empty=\"0\" class=\"ti-review-item source-Google ti-image-layout-thumbnail\" data-id=\"cfcd208495d565ef66e7dff9f98764da\" > <div class=\"ti-inner\"> <div class=\"ti-review-header\"> <div class=\"ti-profile-img\"> <img decoding=\"async\" src=\"https:\/\/lh3.googleusercontent.com\/a\/ACg8ocJL-Dxv25YkXK2QwWPNRxTVqZCv5uTmDQDFg5qslKra3vRZew=s120-c-rp-mo-br100\" srcset=\"https:\/\/lh3.googleusercontent.com\/a\/ACg8ocJL-Dxv25YkXK2QwWPNRxTVqZCv5uTmDQDFg5qslKra3vRZew=s120-c-rp-mo-br100 2x\" alt=\"Tara Turan\" loading=\"lazy\" \/> <\/div> <div class=\"ti-profile-details\"> <div class=\"ti-name\"> Tara Turan <\/div> <div class=\"ti-date\">2024-10-14<\/div> <\/div> <\/div> <span class=\"ti-stars\"><span class=\"ti-star f\"><\/span><span class=\"ti-star f\"><\/span><span class=\"ti-star f\"><\/span><span class=\"ti-star f\"><\/span><span class=\"ti-star f\"><\/span><\/span> <div class=\"ti-review-text-container ti-review-content\"><!-- R-CONTENT -->Une des meilleures associations que j\u2019ai pu faire !\nUne organisation et un suivi vraiment parfait, c\u2019est avec grand plaisir que je referai un projet avec eux.<!-- R-CONTENT --><\/div> <span class=\"ti-read-more\" data-container=\".ti-review-content\" data-collapse-text=\"Cacher\" data-open-text=\"Lire la suite\" ><\/span> <\/div> <\/div>  <div data-empty=\"0\" class=\"ti-review-item source-Google ti-image-layout-thumbnail\" data-id=\"cfcd208495d565ef66e7dff9f98764da\" > <div class=\"ti-inner\"> <div class=\"ti-review-header\"> <div class=\"ti-profile-img\"> <img decoding=\"async\" src=\"https:\/\/lh3.googleusercontent.com\/a\/ACg8ocLctTPNovSk3eKM0b_MIPOfcFEQsz2135Cdu59_BWRVsIYC7Q=s120-c-rp-mo-br100\" srcset=\"https:\/\/lh3.googleusercontent.com\/a\/ACg8ocLctTPNovSk3eKM0b_MIPOfcFEQsz2135Cdu59_BWRVsIYC7Q=s120-c-rp-mo-br100 2x\" alt=\"Repiquet Julie\" loading=\"lazy\" \/> <\/div> <div class=\"ti-profile-details\"> <div class=\"ti-name\"> Repiquet Julie <\/div> <div class=\"ti-date\">2024-10-13<\/div> <\/div> <\/div> <span class=\"ti-stars\"><span class=\"ti-star f\"><\/span><span class=\"ti-star f\"><\/span><span class=\"ti-star f\"><\/span><span class=\"ti-star f\"><\/span><span class=\"ti-star f\"><\/span><\/span> <div class=\"ti-review-text-container ti-review-content\"><!-- R-CONTENT -->Tr\u00e8s bon accompagnement de la part de Globalong, du premier jour avec toutes mes interrogations, jusqu'au d\u00e9part dans quelques jours. Le dossier transmis apr\u00e8s validation de la mission est plus que complet, les webmaster tr\u00e8s int\u00e9ressantes et permettent de d\u00e9charger mentalement ce genre de pr\u00e9paration, tout est pr\u00e9vu il n'y a plus qu'\u00e0 suivre ! Merci \u00e0 Florence de r\u00e9pondre \u00e0 toutes mes questions avec gentillesse et bienveillance, cela m'a permis de passer le cap!\nMaintenant, il n'y a plus qu'\u00e0 \ud83d\ude00<!-- R-CONTENT --><\/div> <span class=\"ti-read-more\" data-container=\".ti-review-content\" data-collapse-text=\"Cacher\" data-open-text=\"Lire la suite\" ><\/span> <\/div> <\/div>  <div data-empty=\"0\" class=\"ti-review-item source-Google ti-image-layout-thumbnail\" data-id=\"cfcd208495d565ef66e7dff9f98764da\" > <div class=\"ti-inner\"> <div class=\"ti-review-header\"> <div class=\"ti-profile-img\"> <img decoding=\"async\" src=\"https:\/\/lh3.googleusercontent.com\/a\/ACg8ocJJTdmTWs8nAA0yuH_cKOUgzc6GFAkHBiXhpnnVYXaWMBZsHw=s120-c-rp-mo-br100\" srcset=\"https:\/\/lh3.googleusercontent.com\/a\/ACg8ocJJTdmTWs8nAA0yuH_cKOUgzc6GFAkHBiXhpnnVYXaWMBZsHw=s120-c-rp-mo-br100 2x\" alt=\"Marine Guilhamat\" loading=\"lazy\" \/> <\/div> <div class=\"ti-profile-details\"> <div class=\"ti-name\"> Marine Guilhamat <\/div> <div class=\"ti-date\">2024-10-09<\/div> <\/div> <\/div> <span class=\"ti-stars\"><span class=\"ti-star f\"><\/span><span class=\"ti-star f\"><\/span><span class=\"ti-star f\"><\/span><span class=\"ti-star f\"><\/span><span class=\"ti-star f\"><\/span><\/span> <div class=\"ti-review-text-container ti-review-content\"><!-- R-CONTENT -->Tr\u00e8s belle association qui offre un cadre super s\u00e9curisant et permet de s\u2019investir dans des projets qui ont du sens. Merci \u00e0 l\u2019\u00e9quipe Globalong pour votre disponibilit\u00e9, gentillesse et accompagnement !<!-- R-CONTENT --><\/div> <span class=\"ti-read-more\" data-container=\".ti-review-content\" data-collapse-text=\"Cacher\" data-open-text=\"Lire la suite\" ><\/span> <\/div> <\/div>  <div data-empty=\"0\" class=\"ti-review-item source-Google ti-image-layout-thumbnail\" data-id=\"cfcd208495d565ef66e7dff9f98764da\" > <div class=\"ti-inner\"> <div class=\"ti-review-header\"> <div class=\"ti-profile-img\"> <img decoding=\"async\" src=\"https:\/\/lh3.googleusercontent.com\/a\/ACg8ocIgITHXKo46qgJyPqlJeAcxz11gCKUJpGIk2qauiIe2O3iZ6w=s120-c-rp-mo-br100\" srcset=\"https:\/\/lh3.googleusercontent.com\/a\/ACg8ocIgITHXKo46qgJyPqlJeAcxz11gCKUJpGIk2qauiIe2O3iZ6w=s120-c-rp-mo-br100 2x\" alt=\"Laura Mercier\" loading=\"lazy\" \/> <\/div> <div class=\"ti-profile-details\"> <div class=\"ti-name\"> Laura Mercier <\/div> <div class=\"ti-date\">2024-10-08<\/div> <\/div> <\/div> <span class=\"ti-stars\"><span class=\"ti-star f\"><\/span><span class=\"ti-star f\"><\/span><span class=\"ti-star f\"><\/span><span class=\"ti-star f\"><\/span><span class=\"ti-star f\"><\/span><\/span> <div class=\"ti-review-text-container ti-review-content\"><!-- R-CONTENT -->Mon d\u00e9part approche, je pars dans une semaine, et depuis le d\u00e9but de mon inscription je suis tr\u00e8s satisfaite du suivi effectu\u00e9 par l\u2019association. Ils sont tr\u00e8s disponibles et r\u00e9pondent rapidement \u00e0 l\u2019ensemble des questions. Je suis tr\u00e8s contente de partir faire cette mission humanitaire encadr\u00e9e par cette association. Je recommande vraiment.<!-- R-CONTENT --><\/div> <span class=\"ti-read-more\" data-container=\".ti-review-content\" data-collapse-text=\"Cacher\" data-open-text=\"Lire la suite\" ><\/span> <\/div> <\/div>  <div data-empty=\"0\" class=\"ti-review-item source-Google ti-image-layout-thumbnail\" data-id=\"cfcd208495d565ef66e7dff9f98764da\" > <div class=\"ti-inner\"> <div class=\"ti-review-header\"> <div class=\"ti-profile-img\"> <img decoding=\"async\" src=\"https:\/\/lh3.googleusercontent.com\/a-\/ALV-UjVVr0YMQhXl8QNEEB32l-rnoaYwvRZUjIEX9OEwPE_1fQwzIyk=s120-c-rp-mo-br100\" srcset=\"https:\/\/lh3.googleusercontent.com\/a-\/ALV-UjVVr0YMQhXl8QNEEB32l-rnoaYwvRZUjIEX9OEwPE_1fQwzIyk=s120-c-rp-mo-br100 2x\" alt=\"Anouk Rzkt\" loading=\"lazy\" \/> <\/div> <div class=\"ti-profile-details\"> <div class=\"ti-name\"> Anouk Rzkt <\/div> <div class=\"ti-date\">2024-10-02<\/div> <\/div> <\/div> <span class=\"ti-stars\"><span class=\"ti-star f\"><\/span><span class=\"ti-star f\"><\/span><span class=\"ti-star f\"><\/span><span class=\"ti-star f\"><\/span><span class=\"ti-star f\"><\/span><\/span> <div class=\"ti-review-text-container ti-review-content\"><!-- R-CONTENT -->Globalong est l'association parfaite. L'\u00e9quipe offre un v\u00e9ritable accompagnement rythm\u00e9 par beaucoup de conseils et d'\u00e9coute. Le site est tr\u00e8s bien fait avec des dossiers complets allant des sujets tr\u00e8s pratiques a d'autres plus th\u00e9oriques (tels que le choc culturel par exemple). Je recommande vivement et remercie sinc\u00e8rement toute l'\u00e9quipe pour leur gentillesse et investissement !<!-- R-CONTENT --><\/div> <span class=\"ti-read-more\" data-container=\".ti-review-content\" data-collapse-text=\"Cacher\" data-open-text=\"Lire la suite\" ><\/span> <\/div> <\/div>  <\/div> <div class=\"ti-controls-line\"> <div class=\"dot\"><\/div> <\/div> <\/div> <div class=\"ti-footer\"> <div class=\"ti-rating-text\"> <span class=\"nowrap\">\u00c9valuation <strong>Google<\/strong> : <\/span><span class=\"nowrap\"><strong>4.8<\/strong> sur 5, <\/span><span class=\"nowrap\">Bas\u00e9e sur <strong>240 avis<\/strong><\/span> <\/div> <\/div>  <\/div> <\/div> \n<p><!-- D\u00c9FIS ET LIMITES --><\/p>\n<section id=\"defis-limites\">\n<h2>Udfordringer og begr\u00e6nsninger ved solidarisk st\u00f8tte i verden<\/h2>\n<p style=\"text-align: justify;\">Selvom <em>international solidaritet<\/em> rummer mange positive muligheder, er det vigtigt ogs\u00e5 at kende de udfordringer, der kan f\u00f8lge med:<\/p>\n<ul>\n<li><strong>Komplekse vilk\u00e5r<\/strong> : Hvert land har sine \u00f8konomiske, sociale og politiske forhold. Det, der fungerer \u00e9t sted, virker ikke n\u00f8dvendigvis et andet sted.<\/li>\n<li><strong>Risiko for afh\u00e6ngighed<\/strong> : Hvis hj\u00e6lp ikke er godt afstemt, kan den skabe afh\u00e6ngighed. VITA har fokus p\u00e5 tiltag, der underst\u00f8tter selvst\u00e6ndighed og varige l\u00f8sninger.<\/li>\n<li><strong>\u00d8konomiske rammer<\/strong> : Udgifter til rejse, ophold m.m. kan v\u00e6re en barriere. Derfor giver det mening at budgettere tidligt og unders\u00f8ge muligheder for st\u00f8tte.<\/li>\n<li><strong>Kulturelle og sproglige forskelle<\/strong> : De kan skabe misforst\u00e5elser. God forberedelse og \u00e5benhed g\u00f8r en stor forskel.<\/li>\n<li><strong>Langsigtet effekt<\/strong> : For at skabe holdbare resultater skal projekter kunne b\u00e6res lokalt over tid. Det kr\u00e6ver koordinering og l\u00f8bende opf\u00f8lgning.<\/li>\n<\/ul>\n<p style=\"text-align: justify;\">N\u00e5r du kender udfordringerne, er det lettere at handle ansvarligt og \u00f8ge effekten af <strong>solidarisk st\u00f8tte i verden<\/strong>. Samtidig er det netop dialogen med de mennesker, der lever med udfordringerne til daglig, som bedst kan skabe varige forbedringer.<\/p>\n<\/section>\n<p><!-- IMAGE --><br \/>\n<img loading=\"lazy\" decoding=\"async\" class=\"aligncenter wp-image-19297 size-medium\" src=\"https:\/\/www.vita-explorers.dk\/blog\/wp-content\/uploads\/2024\/11\/51971080636_a2699e564b_w-300x225.jpg\" alt=\"Humanit\u00e6rt ophold i Den Dominikanske Republik\" width=\"300\" height=\"225\" srcset=\"https:\/\/www.vita-explorers.dk\/blog\/wp-content\/uploads\/2024\/11\/51971080636_a2699e564b_w-300x225.jpg 300w, https:\/\/www.vita-explorers.dk\/blog\/wp-content\/uploads\/2024\/11\/51971080636_a2699e564b_w.jpg 400w\" sizes=\"(max-width: 300px) 100vw, 300px\" \/><\/p>\n<p><!-- CONSEILS SEO (Section vide \u00e0 l'origine, on la conserve telle quelle)--><\/p>\n<section id=\"conseils-seo\"><\/section>\n<p><!-- CONCLUSION --><\/p>\n<section id=\"conclusion\">\n<h2><strong>Konklusion<\/strong><\/h2>\n<p style=\"text-align: justify;\"><strong>Solidarisk st\u00f8tte i verden<\/strong> er en m\u00e5de at st\u00e5 sammen p\u00e5, der r\u00e6kker ud over landegr\u00e6nser. Det kan v\u00e6re et konkret bidrag til at mindske ulighed, styrke internationalt samarbejde og st\u00f8tte menneskelig udvikling p\u00e5 langt sigt. N\u00e5r du bliver en del af VITA, bliver du samtidig en del af et f\u00e6llesskab af deltagere og lokale teams, der arbejder for at g\u00f8re en reel forskel.<\/p>\n<p style=\"text-align: justify;\">Fra valg af forl\u00f8b til st\u00f8tte p\u00e5 stedet \u2013 og med forberedelse b\u00e5de praktisk og kulturelt \u2013 er hvert trin t\u00e6nkt, s\u00e5 du f\u00e5r en tryg og l\u00e6rerig oplevelse. De <a href=\"https:\/\/www.vita-explorers.dk\/blog\/avis-globalong\/\" target=\"_blank\" rel=\"noopener\">oplevelser, som deltagere deler<\/a>, viser den konkrete effekt af engagementet og de mange gevinster \u2013 personligt, fagligt og socialt.<\/p>\n<p style=\"text-align: justify;\">Ud over at bidrage til vigtige indsatser kan <strong>solidarisk st\u00f8tte i verden<\/strong> ogs\u00e5 styrke dialog p\u00e5 tv\u00e6rs og give mere forst\u00e5else. Det er en mulighed for at se sine egne vaner udefra og opbygge en \u00e6gte \u00e5benhed. Er du klar til at tage skridtet? Bliv en del af VITA og v\u00e6r med i et forl\u00f8b, der kan give dig en st\u00e6rk oplevelse \u2013 og bidrage til en mere retf\u00e6rdig verden.<\/p>\n<\/section>\n<p><!-- IMAGE --><br \/>\n<img loading=\"lazy\" decoding=\"async\" class=\"aligncenter wp-image-18937 size-medium\" src=\"https:\/\/www.vita-explorers.dk\/blog\/wp-content\/uploads\/2024\/11\/420357517_464415392575444_6344214511829920211_n-300x195.jpg\" alt=\"Internationalt sygeplejepraktikophold Forst\u00e5 Globalongs, koordinatorens og den studerendes rolle\" width=\"300\" height=\"195\" srcset=\"https:\/\/www.vita-explorers.dk\/blog\/wp-content\/uploads\/2024\/11\/420357517_464415392575444_6344214511829920211_n-300x195.jpg 300w, https:\/\/www.vita-explorers.dk\/blog\/wp-content\/uploads\/2024\/11\/420357517_464415392575444_6344214511829920211_n.jpg 370w\" sizes=\"(max-width: 300px) 100vw, 300px\" \/><\/p>\n<p><!-- APPEL \u00c0 L'ACTION --><\/p>\n<aside style=\"background: #f4f4f4; padding: 1em; margin-top: 2em; border-left: 4px solid #ccc;\">\n<h2><strong>Klar til at handle allerede nu?<\/strong><\/h2>\n<p style=\"text-align: justify;\">Kontakt os for at h\u00f8re mere om vores internationale forl\u00f8b og finde det projekt, der passer til dig. Giv din personlige og faglige vej en ny retning \u2013 samtidig med at du bidrager til <strong>solidarisk st\u00f8tte i verden<\/strong>!<\/p>\n<p style=\"text-align: center;\"><a style=\"text-decoration: none; font-weight: bold;\" href=\"https:\/\/www.vita-explorers.dk\/#tel-contact-form-glob\" target=\"_blank\" rel=\"noopener\"><br \/>\nKlik her for at kontakte VITA<br \/>\n<\/a><\/p>\n<\/aside>\n<\/article>\n<p class=\"p4\" style=\"text-align: center;\"><b>Hvis du vil h\u00f8re mere, er du altid velkommen til at kontakte os p\u00e5 <\/b><a href=\"mailto:info@globalong.com\"><span class=\"s2\"><b>info@globalong.com<\/b><\/span><\/a><\/p>\n<p class=\"p4\" style=\"text-align: center;\"><b>Vil du f\u00f8lge med i VITA\u2019s arbejde og vores community, s\u00e5 find os p\u00e5 <\/b><a href=\"https:\/\/www.instagram.com\/globalongofficiel\/\" target=\"_blank\" rel=\"noopener\"><span class=\"s2\"><b>Instagram<\/b><\/span><\/a><b>,<\/b><a href=\"https:\/\/www.facebook.com\/globalong\" target=\"_blank\" rel=\"noopener\"><span class=\"s2\"><b>Facebook<\/b><\/span><\/a><b>,<\/b><a href=\"https:\/\/www.linkedin.com\/company\/5113177\/admin\/feed\/posts\/\" target=\"_blank\" rel=\"noopener\"><span class=\"s2\"><b>LinkedIn<\/b><\/span><\/a><b>og<\/b><a href=\"https:\/\/www.youtube.com\/c\/globalong\/videos\" target=\"_blank\" rel=\"noopener\"><span class=\"s2\"><b>YouTube<\/b><\/span><\/a><b>!<\/b><\/p>\n","protected":false},"excerpt":{"rendered":"<p>Indhold: solidarisk st\u00f8tte i verden Introduktion Hvad er solidarisk st\u00f8tte i verden? Hvorfor er solidarisk st\u00f8tte vigtig i dag? VITA Institutes indsatsomr\u00e5der Personlige og\u2026<\/p>\n","protected":false},"author":7,"featured_media":19375,"comment_status":"open","ping_status":"open","sticky":false,"template":"","format":"standard","meta":{"footnotes":""},"categories":[6,4],"tags":[],"yoast_head":"<!-- This site is optimized with the Yoast SEO Premium plugin v23.4 (Yoast SEO v23.4) - https:\/\/yoast.com\/wordpress\/plugins\/seo\/ -->\n<title>Solidarisk st\u00f8tte i verden og humanit\u00e6rt engagement - VITA Explorers Blog<\/title>\n<meta name=\"description\" content=\"Le soutien solidaire dans le monde favorise l&#039;empathie et le changement social. Rejoignez une mission humanitaire d\u00e8s aujourd&#039;hui.\" \/>\n<meta name=\"robots\" content=\"index, follow, max-snippet:-1, max-image-preview:large, max-video-preview:-1\" \/>\n<link rel=\"canonical\" href=\"https:\/\/www.vita-explorers.dk\/blog\/solidarisk-stoette-i-verden\/\" \/>\n<meta property=\"og:locale\" content=\"da_DK\" \/>\n<meta property=\"og:type\" content=\"article\" \/>\n<meta property=\"og:title\" content=\"Soutien solidaire dans le monde et engagement humanitaire\" \/>\n<meta property=\"og:description\" content=\"Engagez-vous dans un projet de volontariat et explorez le monde.\" \/>\n<meta property=\"og:url\" content=\"https:\/\/www.vita-explorers.dk\/blog\/solidarisk-stoette-i-verden\/\" \/>\n<meta property=\"og:site_name\" content=\"VITA Explorers Blog\" \/>\n<meta property=\"article:publisher\" content=\"https:\/\/www.facebook.com\/globalong\" \/>\n<meta property=\"article:published_time\" content=\"2025-04-14T04:38:27+00:00\" \/>\n<meta property=\"article:modified_time\" content=\"2025-04-09T16:49:10+00:00\" \/>\n<meta property=\"og:image\" content=\"https:\/\/www.vita-explorers.dk\/blog\/wp-content\/uploads\/2024\/11\/20054119329_d511e97df9.jpg\" \/>\n\t<meta property=\"og:image:width\" content=\"500\" \/>\n\t<meta property=\"og:image:height\" content=\"281\" \/>\n\t<meta property=\"og:image:type\" content=\"image\/jpeg\" \/>\n<meta name=\"author\" content=\"VITA Tribe\" \/>\n<meta name=\"twitter:card\" content=\"summary_large_image\" \/>\n<meta name=\"twitter:title\" content=\"Solidarisk st\u00f8tte i verden\" \/>\n<meta name=\"twitter:label1\" content=\"Skrevet af\" \/>\n\t<meta name=\"twitter:data1\" content=\"VITA Tribe\" \/>\n\t<meta name=\"twitter:label2\" content=\"Estimeret l\u00e6setid\" \/>\n\t<meta name=\"twitter:data2\" content=\"16 minutter\" \/>\n<script type=\"application\/ld+json\" class=\"yoast-schema-graph\">{\"@context\":\"https:\/\/schema.org\",\"@graph\":[{\"@type\":\"Article\",\"@id\":\"https:\/\/www.vita-explorers.dk\/blog\/solidarisk-stoette-i-verden\/#article\",\"isPartOf\":{\"@id\":\"https:\/\/www.vita-explorers.dk\/blog\/solidarisk-stoette-i-verden\/\"},\"author\":{\"name\":\"VITA Tribe\",\"@id\":\"https:\/\/www.vita-explorers.dk\/blog\/#\/schema\/person\/fc0343a2f2db2ebb2793c1f62dbe73f0\"},\"headline\":\"Solidarisk st\u00f8tte i verden\",\"datePublished\":\"2025-04-14T04:38:27+00:00\",\"dateModified\":\"2025-04-09T16:49:10+00:00\",\"mainEntityOfPage\":{\"@id\":\"https:\/\/www.vita-explorers.dk\/blog\/solidarisk-stoette-i-verden\/\"},\"wordCount\":2612,\"commentCount\":0,\"publisher\":{\"@id\":\"https:\/\/www.vita-explorers.dk\/blog\/#organization\"},\"image\":{\"@id\":\"https:\/\/www.vita-explorers.dk\/blog\/solidarisk-stoette-i-verden\/#primaryimage\"},\"thumbnailUrl\":\"https:\/\/www.vita-explorers.dk\/blog\/wp-content\/uploads\/2024\/11\/20054119329_d511e97df9.jpg\",\"articleSection\":[\"Nyheder\",\"VITA Explorers\"],\"inLanguage\":\"da-DK\",\"potentialAction\":[{\"@type\":\"CommentAction\",\"name\":\"Comment\",\"target\":[\"https:\/\/www.vita-explorers.dk\/blog\/solidarisk-stoette-i-verden\/#respond\"]}]},{\"@type\":\"WebPage\",\"@id\":\"https:\/\/www.vita-explorers.dk\/blog\/solidarisk-stoette-i-verden\/\",\"url\":\"https:\/\/www.vita-explorers.dk\/blog\/solidarisk-stoette-i-verden\/\",\"name\":\"Solidarisk st\u00f8tte i verden og humanit\u00e6rt engagement - VITA Explorers Blog\",\"isPartOf\":{\"@id\":\"https:\/\/www.vita-explorers.dk\/blog\/#website\"},\"primaryImageOfPage\":{\"@id\":\"https:\/\/www.vita-explorers.dk\/blog\/solidarisk-stoette-i-verden\/#primaryimage\"},\"image\":{\"@id\":\"https:\/\/www.vita-explorers.dk\/blog\/solidarisk-stoette-i-verden\/#primaryimage\"},\"thumbnailUrl\":\"https:\/\/www.vita-explorers.dk\/blog\/wp-content\/uploads\/2024\/11\/20054119329_d511e97df9.jpg\",\"datePublished\":\"2025-04-14T04:38:27+00:00\",\"dateModified\":\"2025-04-09T16:49:10+00:00\",\"description\":\"Le soutien solidaire dans le monde favorise l'empathie et le changement social. Rejoignez une mission humanitaire d\u00e8s aujourd'hui.\",\"breadcrumb\":{\"@id\":\"https:\/\/www.vita-explorers.dk\/blog\/solidarisk-stoette-i-verden\/#breadcrumb\"},\"inLanguage\":\"da-DK\",\"potentialAction\":[{\"@type\":\"ReadAction\",\"target\":[\"https:\/\/www.vita-explorers.dk\/blog\/solidarisk-stoette-i-verden\/\"]}]},{\"@type\":\"ImageObject\",\"inLanguage\":\"da-DK\",\"@id\":\"https:\/\/www.vita-explorers.dk\/blog\/solidarisk-stoette-i-verden\/#primaryimage\",\"url\":\"https:\/\/www.vita-explorers.dk\/blog\/wp-content\/uploads\/2024\/11\/20054119329_d511e97df9.jpg\",\"contentUrl\":\"https:\/\/www.vita-explorers.dk\/blog\/wp-content\/uploads\/2024\/11\/20054119329_d511e97df9.jpg\",\"width\":500,\"height\":281,\"caption\":\"Mission solidaire \u00e0 l'\u00e9tranger\"},{\"@type\":\"BreadcrumbList\",\"@id\":\"https:\/\/www.vita-explorers.dk\/blog\/solidarisk-stoette-i-verden\/#breadcrumb\",\"itemListElement\":[{\"@type\":\"ListItem\",\"position\":1,\"name\":\"Accueil\",\"item\":\"https:\/\/www.vita-explorers.dk\/blog\/\"},{\"@type\":\"ListItem\",\"position\":2,\"name\":\"Solidarisk st\u00f8tte i verden\"}]},{\"@type\":\"WebSite\",\"@id\":\"https:\/\/www.vita-explorers.dk\/blog\/#website\",\"url\":\"https:\/\/www.vita-explorers.dk\/blog\/\",\"name\":\"Association Globalong\",\"description\":\"Frivilligt arbejde, sprogophold, praktik i udlandet og internationale oplevelser\",\"publisher\":{\"@id\":\"https:\/\/www.vita-explorers.dk\/blog\/#organization\"},\"potentialAction\":[{\"@type\":\"SearchAction\",\"target\":{\"@type\":\"EntryPoint\",\"urlTemplate\":\"https:\/\/www.vita-explorers.dk\/blog\/?s={search_term_string}\"},\"query-input\":{\"@type\":\"PropertyValueSpecification\",\"valueRequired\":true,\"valueName\":\"search_term_string\"}}],\"inLanguage\":\"da-DK\"},{\"@type\":\"Organization\",\"@id\":\"https:\/\/www.vita-explorers.dk\/blog\/#organization\",\"name\":\"Association Globalong\",\"url\":\"https:\/\/www.vita-explorers.dk\/blog\/\",\"logo\":{\"@type\":\"ImageObject\",\"inLanguage\":\"da-DK\",\"@id\":\"https:\/\/www.vita-explorers.dk\/blog\/#\/schema\/logo\/image\/\",\"url\":\"https:\/\/www.globalong.com\/blog\/wp-content\/uploads\/2014\/11\/cropped-cropped-Logo-et-Afrique-Globalong-petite-taille-2.jpg\",\"contentUrl\":\"https:\/\/www.globalong.com\/blog\/wp-content\/uploads\/2014\/11\/cropped-cropped-Logo-et-Afrique-Globalong-petite-taille-2.jpg\",\"width\":512,\"height\":512,\"caption\":\"Association Globalong\"},\"image\":{\"@id\":\"https:\/\/www.vita-explorers.dk\/blog\/#\/schema\/logo\/image\/\"},\"sameAs\":[\"https:\/\/www.facebook.com\/globalong\"]},{\"@type\":\"Person\",\"@id\":\"https:\/\/www.vita-explorers.dk\/blog\/#\/schema\/person\/fc0343a2f2db2ebb2793c1f62dbe73f0\",\"name\":\"VITA Tribe\",\"image\":{\"@type\":\"ImageObject\",\"inLanguage\":\"da-DK\",\"@id\":\"https:\/\/www.vita-explorers.dk\/blog\/#\/schema\/person\/image\/\",\"url\":\"https:\/\/secure.gravatar.com\/avatar\/f7f05026bb439d0c96b30e135e5f852c?s=96&d=mm&r=g\",\"contentUrl\":\"https:\/\/secure.gravatar.com\/avatar\/f7f05026bb439d0c96b30e135e5f852c?s=96&d=mm&r=g\",\"caption\":\"VITA Tribe\"},\"sameAs\":[\"http:\/\/www.globalong.com\"],\"url\":\"https:\/\/www.vita-explorers.dk\/blog\/author\/teamglobalong\/\"}]}<\/script>\n<!-- \/ Yoast SEO Premium plugin. -->","yoast_head_json":{"title":"Solidarisk st\u00f8tte i verden og humanit\u00e6rt engagement - VITA Explorers Blog","description":"Le soutien solidaire dans le monde favorise l'empathie et le changement social. Rejoignez une mission humanitaire d\u00e8s aujourd'hui.","robots":{"index":"index","follow":"follow","max-snippet":"max-snippet:-1","max-image-preview":"max-image-preview:large","max-video-preview":"max-video-preview:-1"},"canonical":"https:\/\/www.vita-explorers.dk\/blog\/solidarisk-stoette-i-verden\/","og_locale":"da_DK","og_type":"article","og_title":"Soutien solidaire dans le monde et engagement humanitaire","og_description":"Engagez-vous dans un projet de volontariat et explorez le monde.","og_url":"https:\/\/www.vita-explorers.dk\/blog\/solidarisk-stoette-i-verden\/","og_site_name":"VITA Explorers Blog","article_publisher":"https:\/\/www.facebook.com\/globalong","article_published_time":"2025-04-14T04:38:27+00:00","article_modified_time":"2025-04-09T16:49:10+00:00","og_image":[{"width":500,"height":281,"url":"https:\/\/www.vita-explorers.dk\/blog\/wp-content\/uploads\/2024\/11\/20054119329_d511e97df9.jpg","type":"image\/jpeg"}],"author":"VITA Tribe","twitter_card":"summary_large_image","twitter_title":"Solidarisk st\u00f8tte i verden","twitter_misc":{"Skrevet af":"VITA Tribe","Estimeret l\u00e6setid":"16 minutter"},"schema":{"@context":"https:\/\/schema.org","@graph":[{"@type":"Article","@id":"https:\/\/www.vita-explorers.dk\/blog\/solidarisk-stoette-i-verden\/#article","isPartOf":{"@id":"https:\/\/www.vita-explorers.dk\/blog\/solidarisk-stoette-i-verden\/"},"author":{"name":"VITA Tribe","@id":"https:\/\/www.vita-explorers.dk\/blog\/#\/schema\/person\/fc0343a2f2db2ebb2793c1f62dbe73f0"},"headline":"Solidarisk st\u00f8tte i verden","datePublished":"2025-04-14T04:38:27+00:00","dateModified":"2025-04-09T16:49:10+00:00","mainEntityOfPage":{"@id":"https:\/\/www.vita-explorers.dk\/blog\/solidarisk-stoette-i-verden\/"},"wordCount":2612,"commentCount":0,"publisher":{"@id":"https:\/\/www.vita-explorers.dk\/blog\/#organization"},"image":{"@id":"https:\/\/www.vita-explorers.dk\/blog\/solidarisk-stoette-i-verden\/#primaryimage"},"thumbnailUrl":"https:\/\/www.vita-explorers.dk\/blog\/wp-content\/uploads\/2024\/11\/20054119329_d511e97df9.jpg","articleSection":["Nyheder","VITA Explorers"],"inLanguage":"da-DK","potentialAction":[{"@type":"CommentAction","name":"Comment","target":["https:\/\/www.vita-explorers.dk\/blog\/solidarisk-stoette-i-verden\/#respond"]}]},{"@type":"WebPage","@id":"https:\/\/www.vita-explorers.dk\/blog\/solidarisk-stoette-i-verden\/","url":"https:\/\/www.vita-explorers.dk\/blog\/solidarisk-stoette-i-verden\/","name":"Solidarisk st\u00f8tte i verden og humanit\u00e6rt engagement - VITA Explorers Blog","isPartOf":{"@id":"https:\/\/www.vita-explorers.dk\/blog\/#website"},"primaryImageOfPage":{"@id":"https:\/\/www.vita-explorers.dk\/blog\/solidarisk-stoette-i-verden\/#primaryimage"},"image":{"@id":"https:\/\/www.vita-explorers.dk\/blog\/solidarisk-stoette-i-verden\/#primaryimage"},"thumbnailUrl":"https:\/\/www.vita-explorers.dk\/blog\/wp-content\/uploads\/2024\/11\/20054119329_d511e97df9.jpg","datePublished":"2025-04-14T04:38:27+00:00","dateModified":"2025-04-09T16:49:10+00:00","description":"Le soutien solidaire dans le monde favorise l'empathie et le changement social. Rejoignez une mission humanitaire d\u00e8s aujourd'hui.","breadcrumb":{"@id":"https:\/\/www.vita-explorers.dk\/blog\/solidarisk-stoette-i-verden\/#breadcrumb"},"inLanguage":"da-DK","potentialAction":[{"@type":"ReadAction","target":["https:\/\/www.vita-explorers.dk\/blog\/solidarisk-stoette-i-verden\/"]}]},{"@type":"ImageObject","inLanguage":"da-DK","@id":"https:\/\/www.vita-explorers.dk\/blog\/solidarisk-stoette-i-verden\/#primaryimage","url":"https:\/\/www.vita-explorers.dk\/blog\/wp-content\/uploads\/2024\/11\/20054119329_d511e97df9.jpg","contentUrl":"https:\/\/www.vita-explorers.dk\/blog\/wp-content\/uploads\/2024\/11\/20054119329_d511e97df9.jpg","width":500,"height":281,"caption":"Mission solidaire \u00e0 l'\u00e9tranger"},{"@type":"BreadcrumbList","@id":"https:\/\/www.vita-explorers.dk\/blog\/solidarisk-stoette-i-verden\/#breadcrumb","itemListElement":[{"@type":"ListItem","position":1,"name":"Accueil","item":"https:\/\/www.vita-explorers.dk\/blog\/"},{"@type":"ListItem","position":2,"name":"Solidarisk st\u00f8tte i verden"}]},{"@type":"WebSite","@id":"https:\/\/www.vita-explorers.dk\/blog\/#website","url":"https:\/\/www.vita-explorers.dk\/blog\/","name":"Association Globalong","description":"Frivilligt arbejde, sprogophold, praktik i udlandet og internationale oplevelser","publisher":{"@id":"https:\/\/www.vita-explorers.dk\/blog\/#organization"},"potentialAction":[{"@type":"SearchAction","target":{"@type":"EntryPoint","urlTemplate":"https:\/\/www.vita-explorers.dk\/blog\/?s={search_term_string}"},"query-input":{"@type":"PropertyValueSpecification","valueRequired":true,"valueName":"search_term_string"}}],"inLanguage":"da-DK"},{"@type":"Organization","@id":"https:\/\/www.vita-explorers.dk\/blog\/#organization","name":"Association Globalong","url":"https:\/\/www.vita-explorers.dk\/blog\/","logo":{"@type":"ImageObject","inLanguage":"da-DK","@id":"https:\/\/www.vita-explorers.dk\/blog\/#\/schema\/logo\/image\/","url":"https:\/\/www.globalong.com\/blog\/wp-content\/uploads\/2014\/11\/cropped-cropped-Logo-et-Afrique-Globalong-petite-taille-2.jpg","contentUrl":"https:\/\/www.globalong.com\/blog\/wp-content\/uploads\/2014\/11\/cropped-cropped-Logo-et-Afrique-Globalong-petite-taille-2.jpg","width":512,"height":512,"caption":"Association Globalong"},"image":{"@id":"https:\/\/www.vita-explorers.dk\/blog\/#\/schema\/logo\/image\/"},"sameAs":["https:\/\/www.facebook.com\/globalong"]},{"@type":"Person","@id":"https:\/\/www.vita-explorers.dk\/blog\/#\/schema\/person\/fc0343a2f2db2ebb2793c1f62dbe73f0","name":"VITA Tribe","image":{"@type":"ImageObject","inLanguage":"da-DK","@id":"https:\/\/www.vita-explorers.dk\/blog\/#\/schema\/person\/image\/","url":"https:\/\/secure.gravatar.com\/avatar\/f7f05026bb439d0c96b30e135e5f852c?s=96&d=mm&r=g","contentUrl":"https:\/\/secure.gravatar.com\/avatar\/f7f05026bb439d0c96b30e135e5f852c?s=96&d=mm&r=g","caption":"VITA Tribe"},"sameAs":["http:\/\/www.globalong.com"],"url":"https:\/\/www.vita-explorers.dk\/blog\/author\/teamglobalong\/"}]}},"_links":{"self":[{"href":"https:\/\/www.vita-explorers.dk\/blog\/wp-json\/wp\/v2\/posts\/21046"}],"collection":[{"href":"https:\/\/www.vita-explorers.dk\/blog\/wp-json\/wp\/v2\/posts"}],"about":[{"href":"https:\/\/www.vita-explorers.dk\/blog\/wp-json\/wp\/v2\/types\/post"}],"author":[{"embeddable":true,"href":"https:\/\/www.vita-explorers.dk\/blog\/wp-json\/wp\/v2\/users\/7"}],"replies":[{"embeddable":true,"href":"https:\/\/www.vita-explorers.dk\/blog\/wp-json\/wp\/v2\/comments?post=21046"}],"version-history":[{"count":7,"href":"https:\/\/www.vita-explorers.dk\/blog\/wp-json\/wp\/v2\/posts\/21046\/revisions"}],"predecessor-version":[{"id":21733,"href":"https:\/\/www.vita-explorers.dk\/blog\/wp-json\/wp\/v2\/posts\/21046\/revisions\/21733"}],"wp:featuredmedia":[{"embeddable":true,"href":"https:\/\/www.vita-explorers.dk\/blog\/wp-json\/wp\/v2\/media\/19375"}],"wp:attachment":[{"href":"https:\/\/www.vita-explorers.dk\/blog\/wp-json\/wp\/v2\/media?parent=21046"}],"wp:term":[{"taxonomy":"category","embeddable":true,"href":"https:\/\/www.vita-explorers.dk\/blog\/wp-json\/wp\/v2\/categories?post=21046"},{"taxonomy":"post_tag","embeddable":true,"href":"https:\/\/www.vita-explorers.dk\/blog\/wp-json\/wp\/v2\/tags?post=21046"}],"curies":[{"name":"wp","href":"https:\/\/api.w.org\/{rel}","templated":true}]}}