{"id":21134,"date":"2025-04-28T05:34:02","date_gmt":"2025-04-28T03:34:02","guid":{"rendered":"https:\/\/www.globalong.com\/blog\/?p=21134"},"modified":"2025-04-27T16:40:30","modified_gmt":"2025-04-27T14:40:30","slug":"humanitaert-miljoeprojekt","status":"publish","type":"post","link":"https:\/\/www.vita-explorers.dk\/blog\/humanitaert-miljoeprojekt\/","title":{"rendered":"Humanit\u00e6rt milj\u00f8forl\u00f8b"},"content":{"rendered":"<p><iframe loading=\"lazy\" title=\"Projet de protection des tortues au Nicaragua avec l&#039;association Globalong\" width=\"500\" height=\"281\" src=\"https:\/\/www.youtube.com\/embed\/dHYl8HLVY4o?feature=oembed\" frameborder=\"0\" allow=\"accelerometer; autoplay; clipboard-write; encrypted-media; gyroscope; picture-in-picture; web-share\" referrerpolicy=\"strict-origin-when-cross-origin\" allowfullscreen><\/iframe><\/p>\n<header>\n<h1>Humanit\u00e6rt milj\u00f8forl\u00f8b: solidaritet, b\u00e6redygtighed og global effekt<\/h1>\n<p><em>Af David G, 28. april 2025<\/em><\/p>\n<p style=\"text-align: justify;\">Et <strong>humanit\u00e6rt milj\u00f8forl\u00f8b<\/strong> handler om at forene <strong>international solidaritet<\/strong>, <strong>social indsats<\/strong> og <strong>genopretning af natur<\/strong> for at styrke lokalsamfunds robusthed over for klimaforandringer. Form\u00e5let er at h\u00e5ndtere akutte behov og samtidig skabe holdbare l\u00f8sninger, der hj\u00e6lper mennesker med at komme styrket ud af kriser p\u00e5 l\u00e6ngere sigt. Fokus er at bevare naturressourcer, reducere milj\u00f8belastning og forbedre livsvilk\u00e5r for s\u00e5rbare grupper \u2013 med respekt for lokale forhold og viden.<\/p>\n<p style=\"text-align: justify;\">I en verden pr\u00e6get af milj\u00f8m\u00e6ssige, sociale og \u00f8konomiske kriser bliver <strong>humanit\u00e6re milj\u00f8forl\u00f8b<\/strong> stadig vigtigere for at beskytte \u00f8kosystemer og st\u00f8tte b\u00e6redygtig udvikling. Indsatserne d\u00e6kker ikke kun de umiddelbare behov, men bidrager ogs\u00e5 til, at kommende generationer st\u00e5r bedre rustet til globale \u00f8kologiske udfordringer.<\/p>\n<\/header>\n<nav id=\"table-des-matieres\">\n<h2>Indholdsfortegnelse<\/h2>\n<ul>\n<li><a href=\"#definition\">Definition og optimeret uddrag<\/a><\/li>\n<li><a href=\"#contexte\">Global kontekst og centrale udfordringer i humanit\u00e6re milj\u00f8forl\u00f8b<\/a><\/li>\n<li><a href=\"#acteurs\">Akt\u00f8rer i et humanit\u00e6rt milj\u00f8forl\u00f8b<\/a><\/li>\n<li><a href=\"#methodologie\">Detaljeret metode for humanit\u00e6re milj\u00f8forl\u00f8b<\/a><\/li>\n<li><a href=\"#financement\">Finansieringsstrategier for et humanit\u00e6rt milj\u00f8forl\u00f8b<\/a><\/li>\n<li><a href=\"#renforcement\">Styrkelse af lokale kompetencer i humanit\u00e6re milj\u00f8forl\u00f8b<\/a><\/li>\n<li><a href=\"#cas\">Fordybende cases om humanit\u00e6re milj\u00f8forl\u00f8b<\/a><\/li>\n<li><a href=\"#suivi\">Opf\u00f8lgning, evaluering og l\u00e6ring i humanit\u00e6re milj\u00f8forl\u00f8b<\/a><\/li>\n<li><a href=\"#conclusion\">Konklusion og perspektiver p\u00e5 den globale effekt af humanit\u00e6re milj\u00f8forl\u00f8b<\/a><\/li>\n<\/ul>\n<\/nav>\n<p>\u00a0<\/p>\n<section id=\"definition\">\n<h2>1. Definition og optimeret uddrag<\/h2>\n<p style=\"text-align: justify;\">Et <strong>humanit\u00e6rt milj\u00f8forl\u00f8b<\/strong> kombinerer social st\u00f8tte, b\u00e6redygtig forvaltning af naturressourcer og <a href=\"https:\/\/www.vita-explorers.dk\/blog\/\u00f8kofrivilligt-arbejde-beskyt-milj\u00f8et\/\" target=\"_blank\" rel=\"noopener\">beskyttelse af milj\u00f8et<\/a>. Indsatserne gennemf\u00f8res ofte i omr\u00e5der ramt af naturkatastrofer, men det overordnede m\u00e5l er at skabe varige l\u00f8sninger p\u00e5 b\u00e5de \u00f8kologiske og sociale udfordringer. Det g\u00f8r det muligt at d\u00e6kke akutte behov og samtidig give b\u00e6redygtige svar p\u00e5 milj\u00f8m\u00e6ssige og sociale kriser.<\/p>\n<p><strong>De vigtigste m\u00e5l for disse forl\u00f8b er:<\/strong><\/p>\n<ul>\n<li style=\"text-align: justify;\"><strong>At d\u00e6kke akutte behov<\/strong> inden for vand, ern\u00e6ring, sundhed og husly i forbindelse med en milj\u00f8krise.<\/li>\n<li style=\"text-align: justify;\"><strong>At genoprette og beskytte lokale \u00f8kosystemer<\/strong> som skove, v\u00e5domr\u00e5der og vandoplande for at \u00f8ge robustheden over for klimarelaterede kriser.<\/li>\n<li style=\"text-align: justify;\"><strong>At styrke lokale kompetencer<\/strong>, s\u00e5 lokalsamfund p\u00e5 sigt selv kan forvalte naturressourcer og udvikling.<\/li>\n<li style=\"text-align: justify;\"><strong>At fremme inkluderende udvikling<\/strong> ved at integrere gr\u00f8nne praksisser i lokale erhverv \u2013 fx b\u00e6redygtigt landbrug, vandforvaltning og <a href=\"https:\/\/www.vita-explorers.dk\/blog\/turisme-vs-frivilligt-arbejde\/\" target=\"_blank\" rel=\"noopener\">b\u00e6redygtig turisme<\/a>.<\/li>\n<\/ul>\n<p style=\"text-align: justify;\">Humanit\u00e6re milj\u00f8forl\u00f8b handler alts\u00e5 ikke kun om at reagere p\u00e5 kriser her og nu, men ogs\u00e5 om at forebygge og skabe b\u00e6redygtig udvikling ved at t\u00e6nke milj\u00f8et ind i humanit\u00e6re indsatser.<\/p>\n<p><img loading=\"lazy\" decoding=\"async\" class=\"aligncenter wp-image-9363 size-medium\" src=\"https:\/\/www.vita-explorers.dk\/blog\/wp-content\/uploads\/2018\/03\/Queensland-Nettoyage-des-plages--300x225.jpg\" alt=\"Humanit\u00e6rt milj\u00f8forl\u00f8b\" width=\"300\" height=\"225\" srcset=\"https:\/\/www.vita-explorers.dk\/blog\/wp-content\/uploads\/2018\/03\/Queensland-Nettoyage-des-plages--300x225.jpg 300w, https:\/\/www.vita-explorers.dk\/blog\/wp-content\/uploads\/2018\/03\/Queensland-Nettoyage-des-plages--150x112.jpg 150w, https:\/\/www.vita-explorers.dk\/blog\/wp-content\/uploads\/2018\/03\/Queensland-Nettoyage-des-plages-.jpg 403w\" sizes=\"(max-width: 300px) 100vw, 300px\" \/><\/p>\n<\/section>\n<section id=\"contexte\">\n<h2>2. Global kontekst og centrale udfordringer i humanit\u00e6re milj\u00f8forl\u00f8b<\/h2>\n<h3><strong>2.1 Klimakrise og humanit\u00e6re n\u00f8dsituationer<\/strong><\/h3>\n<p style=\"text-align: justify;\">Ekstreme vejrh\u00e6ndelser som langvarig t\u00f8rke, voldsomme cykloner og massive oversv\u00f8mmelser rammer s\u00e6rligt h\u00e5rdt blandt s\u00e5rbare befolkningsgrupper. I 2024 fik t\u00f8rken i Sahel alvorlige konsekvenser for landbruget og truede f\u00f8devaresikkerheden for mere end 20 millioner mennesker. S\u00e5danne kriser forst\u00e6rker fattigdom og \u00f8ger sociale uligheder.<\/p>\n<p style=\"text-align: justify;\">I den sammenh\u00e6ng bliver <strong>humanit\u00e6re milj\u00f8forl\u00f8b<\/strong> en n\u00f8dvendighed. De g\u00f8r det muligt at h\u00e5ndtere akutte behov og samtidig etablere langsigtede l\u00f8sninger, der mindsker klimaforandringernes konsekvenser over tid. Ved at arbejde i omr\u00e5der med h\u00f8j risiko for katastrofer er m\u00e5let at styrke befolkningens robusthed og skabe rammer for en mere holdbar genopbygning.<\/p>\n<h3><strong>2.2 Tab af biodiversitet og \u00f8kosystemtjenester<\/strong><\/h3>\n<p style=\"text-align: justify;\">Den globale biodiversitet er under pres p\u00e5 grund af afskovning, overudnyttelse af naturressourcer og forurening. FAO peger p\u00e5, at n\u00e6sten 10 millioner hektar skov forsvinder hvert \u00e5r, hvilket sv\u00e6kker \u00f8kosystemer, der er vigtige for den globale klimabalance. Nedbrydningen betyder ogs\u00e5 tab af afg\u00f8rende \u00f8kosystemtjenester som best\u00f8vning af afgr\u00f8der, regulering af vandkredsl\u00f8b og lagring af CO\u2082.<\/p>\n<p style=\"text-align: justify;\"><strong>Humanit\u00e6re milj\u00f8forl\u00f8b<\/strong> er et konkret svar p\u00e5 disse udfordringer. N\u00e5r lokalsamfund inddrages i initiativer som genplantning af skov og b\u00e6redygtig jordforvaltning, bidrager indsatserne til at beskytte biodiversitet og genskabe \u00f8kosystemtjenester, som mennesker er afh\u00e6ngige af.<\/p>\n<h3><strong>2.3 Klimamigration og konflikter om ressourcer<\/strong><\/h3>\n<p style=\"text-align: justify;\">Milj\u00f8kriser kan f\u00f8re til b\u00e5de intern og international migration. N\u00e5r naturressourcer udt\u00f8mmes, flytter mennesker mod nye omr\u00e5der i h\u00e5b om frugtbar jord og adgang til vand. Det kan skabe sp\u00e6ndinger og lokale konflikter og forv\u00e6rre eksisterende humanit\u00e6re udfordringer.<\/p>\n<p style=\"text-align: justify;\"><strong>Milj\u00f8indsatser<\/strong> spiller en vigtig rolle ved at etablere holdbare l\u00f8sninger for forvaltning af naturressourcer, reducere nogle af drivkr\u00e6fterne bag migration og underst\u00f8tte fredelig sameksistens mellem lokalsamfund.<\/p>\n<p><img loading=\"lazy\" decoding=\"async\" class=\"aligncenter wp-image-8932 size-full\" src=\"https:\/\/www.vita-explorers.dk\/blog\/wp-content\/uploads\/2018\/02\/Projet-de-be\u0301ne\u0301volat-au-Ghana-6.png\" alt=\"Charter for ansvarligt milj\u00f8frivilligt arbejde\" width=\"200\" height=\"200\" srcset=\"https:\/\/www.vita-explorers.dk\/blog\/wp-content\/uploads\/2018\/02\/Projet-de-be\u0301ne\u0301volat-au-Ghana-6.png 200w, https:\/\/www.vita-explorers.dk\/blog\/wp-content\/uploads\/2018\/02\/Projet-de-be\u0301ne\u0301volat-au-Ghana-6-150x150.png 150w\" sizes=\"(max-width: 200px) 100vw, 200px\" \/><\/p>\n<\/section>\n<section id=\"acteurs\">\n<h2>3. Akt\u00f8rer i et humanit\u00e6rt milj\u00f8forl\u00f8b<\/h2>\n<p style=\"text-align: justify;\">Humanit\u00e6re milj\u00f8forl\u00f8b involverer flere typer akt\u00f8rer, som hver is\u00e6r bidrager til, at indsatsen kan lykkes. Det kan v\u00e6re:<\/p>\n<ul>\n<li><strong>Internationale NGO\u2019er<\/strong> : organisationer, der bidrager med teknisk viden og kapacitet i felten. Akt\u00f8rer som <strong>WWF<\/strong>, <strong>WaterAid<\/strong>, <a href=\"https:\/\/www.vita-explorers.dk\/association-globalong.html\" target=\"_blank\" rel=\"noopener\">VITA<\/a> og <strong>Oxfam<\/strong> koordinerer milj\u00f8projekter i st\u00f8rre skala.<\/li>\n<li><strong>Lokale organisationer<\/strong> : de lokale akt\u00f8rer har ofte den bedste forst\u00e5else for kulturelle og sociale forhold og kan v\u00e6re afg\u00f8rende for, at projekter forankres og kan forts\u00e6tte, bl.a. gennem opl\u00e6ring i b\u00e6redygtig forvaltning af naturressourcer.<\/li>\n<li><strong>Internationale institutioner<\/strong> : organisationer som <a href=\"https:\/\/www.undp.org\/fr\" target=\"_blank\" rel=\"noopener\"><strong>UNDP<\/strong><\/a> og <a href=\"https:\/\/www.unep.org\/fr\" target=\"_blank\" rel=\"noopener\"><strong>UNEP<\/strong> <\/a>bidrager med finansiering og st\u00f8tte via multilaterale mekanismer.<\/li>\n<li><strong>Lokalsamfund<\/strong> : aktiv deltagelse fra dem, indsatsen vedr\u00f8rer, er afg\u00f8rende. De mest b\u00e6redygtige resultater opst\u00e5r, n\u00e5r lokalsamfund inddrages allerede i planl\u00e6gningen, s\u00e5 der skabes ejerskab p\u00e5 lang sigt.<\/li>\n<\/ul>\n<p style=\"text-align: justify;\">N\u00e5r disse akt\u00f8rer arbejder sammen, \u00f8ges chancen for, at <strong>humanit\u00e6re milj\u00f8forl\u00f8b<\/strong> f\u00e5r en reel og varig effekt.<\/p>\n<p><img loading=\"lazy\" decoding=\"async\" class=\"aligncenter wp-image-7028 size-medium\" src=\"https:\/\/www.vita-explorers.dk\/blog\/wp-content\/uploads\/2017\/10\/Participez-au-programme-d\u00e9covolontariat-en-Equateur-min-300x225.jpg\" alt=\"Milj\u00f8frivilligt arbejde i udlandet i Ecuador\" width=\"300\" height=\"225\" srcset=\"https:\/\/www.vita-explorers.dk\/blog\/wp-content\/uploads\/2017\/10\/Participez-au-programme-d\u00e9covolontariat-en-Equateur-min-300x225.jpg 300w, https:\/\/www.vita-explorers.dk\/blog\/wp-content\/uploads\/2017\/10\/Participez-au-programme-d\u00e9covolontariat-en-Equateur-min-768x576.jpg 768w, https:\/\/www.vita-explorers.dk\/blog\/wp-content\/uploads\/2017\/10\/Participez-au-programme-d\u00e9covolontariat-en-Equateur-min-1024x768.jpg 1024w, https:\/\/www.vita-explorers.dk\/blog\/wp-content\/uploads\/2017\/10\/Participez-au-programme-d\u00e9covolontariat-en-Equateur-min-150x113.jpg 150w\" sizes=\"(max-width: 300px) 100vw, 300px\" \/><\/p>\n<\/section>\n<section id=\"methodologie\">\n<h2>4. Detaljeret metode for humanit\u00e6re milj\u00f8forl\u00f8b<\/h2>\n<h3><strong>4.1 Planl\u00e6gning og behovsvurdering<\/strong><\/h3>\n<p style=\"text-align: justify;\">Planl\u00e6gningen af humanit\u00e6re milj\u00f8forl\u00f8b begynder med en <strong>behovsvurdering<\/strong>. Det er vigtigt at v\u00e6re i dialog med lokalsamfund for at forst\u00e5 konkrete behov \u2013 fx naturressourcer, adgang til vand, sundhed og uddannelse. N\u00e5r behovene er identificeret, tilrettel\u00e6gges forl\u00f8bene med <strong>SMART<\/strong>-m\u00e5l (Specifikke, M\u00e5lbare, Accepterede, Realistiske og Tidsafgr\u00e6nsede), som underst\u00f8tter b\u00e5de kvalitet og effekt.<\/p>\n<h3><strong>4.2 Implementering og opf\u00f8lgning<\/strong><\/h3>\n<p style=\"text-align: justify;\">Under implementeringen f\u00f8lges indsatsen l\u00f8bende via relevante indikatorer. I et genplantningsprojekt kan det fx v\u00e6re overlevelsesrate for nye tr\u00e6er og udvikling i biodiversitet. <strong>Deltagerbaseret opf\u00f8lgning<\/strong> giver lokalsamfund mulighed for at bidrage til vurderingen og pege p\u00e5 justeringer, n\u00e5r der er behov.<\/p>\n<h3><strong>4.3 Evaluering og l\u00e6ring<\/strong><\/h3>\n<p style=\"text-align: justify;\">Evaluering er central for at l\u00e6re af indsatserne og styrke kommende forl\u00f8b. Effektevaluering gennemf\u00f8res ofte i samspil mellem eksterne fagpersoner og lokale akt\u00f8rer for at give et nuanceret billede af b\u00e5de sociale og milj\u00f8m\u00e6ssige resultater. Evalueringerne g\u00f8r det muligt at justere strategier og \u00f8ge chancen for, at indsatserne bliver vedvarende.<\/p>\n<p><img loading=\"lazy\" decoding=\"async\" class=\"aligncenter wp-image-6933 size-medium\" src=\"https:\/\/www.vita-explorers.dk\/blog\/wp-content\/uploads\/2017\/10\/Programme-d\u00e9covolontariat-en-Californie-GlobAlong-300x225.jpg\" alt=\"milj\u00f8frivilligt arbejde i USA\" width=\"300\" height=\"225\" srcset=\"https:\/\/www.vita-explorers.dk\/blog\/wp-content\/uploads\/2017\/10\/Programme-d\u00e9covolontariat-en-Californie-GlobAlong-300x225.jpg 300w, https:\/\/www.vita-explorers.dk\/blog\/wp-content\/uploads\/2017\/10\/Programme-d\u00e9covolontariat-en-Californie-GlobAlong-768x576.jpg 768w, https:\/\/www.vita-explorers.dk\/blog\/wp-content\/uploads\/2017\/10\/Programme-d\u00e9covolontariat-en-Californie-GlobAlong-1024x768.jpg 1024w, https:\/\/www.vita-explorers.dk\/blog\/wp-content\/uploads\/2017\/10\/Programme-d\u00e9covolontariat-en-Californie-GlobAlong-150x113.jpg 150w\" sizes=\"(max-width: 300px) 100vw, 300px\" \/><\/p>\n<\/section>\n<section id=\"financement\">\n<h2>5. Finansieringsstrategier for et humanit\u00e6rt milj\u00f8forl\u00f8b<\/h2>\n<p>Finansieringen af <strong>humanit\u00e6re milj\u00f8forl\u00f8b<\/strong> kommer typisk fra flere kilder:<\/p>\n<ul>\n<li><strong>Offentlige tilskud<\/strong> : regeringer og internationale institutioner som Verdensbanken eller EU st\u00f8tter st\u00f8rre milj\u00f8projekter.<\/li>\n<li><strong>Virksomhedssponsorater<\/strong> : virksomheder, bl.a. i teknologisektoren, finansierer b\u00e6redygtige initiativer som led i at reducere eller kompensere for deres klimaaftryk.<\/li>\n<li><strong>Crowdfunding<\/strong> : f\u00e6llesfinansiering kan v\u00e6re en effektiv m\u00e5de at samle midler direkte fra offentligheden, s\u00e6rligt til lokale projekter.<\/li>\n<li><strong>Multilaterale partnerskaber<\/strong> : alliancer mellem regeringer, <a href=\"https:\/\/www.vita-explorers.dk\/blog\/ngo-humanitaer-definition\/\" target=\"_blank\" rel=\"noopener\">NGO\u2019er<\/a> og virksomheder kan samle de n\u00f8dvendige ressourcer til ambiti\u00f8se indsatser.<\/li>\n<\/ul>\n<p style=\"text-align: justify;\">Kilderne b\u00f8r ses som supplementer til hinanden for at sikre et stabilt grundlag og langsigtet b\u00e6redygtighed.<\/p>\n<p><img loading=\"lazy\" decoding=\"async\" class=\"aligncenter wp-image-7896 size-medium\" src=\"https:\/\/www.vita-explorers.dk\/blog\/wp-content\/uploads\/2017\/11\/Be\u0301ne\u0301volat-avec-les-be\u0301ne\u0301voles-animaliers-Afrique-du-Sud-GlobAlong-300x200.jpg\" alt=\"Humanit\u00e6rt milj\u00f8forl\u00f8b\" width=\"300\" height=\"200\" srcset=\"https:\/\/www.vita-explorers.dk\/blog\/wp-content\/uploads\/2017\/11\/Be\u0301ne\u0301volat-avec-les-be\u0301ne\u0301voles-animaliers-Afrique-du-Sud-GlobAlong-300x200.jpg 300w, https:\/\/www.vita-explorers.dk\/blog\/wp-content\/uploads\/2017\/11\/Be\u0301ne\u0301volat-avec-les-be\u0301ne\u0301voles-animaliers-Afrique-du-Sud-GlobAlong-768x512.jpg 768w, https:\/\/www.vita-explorers.dk\/blog\/wp-content\/uploads\/2017\/11\/Be\u0301ne\u0301volat-avec-les-be\u0301ne\u0301voles-animaliers-Afrique-du-Sud-GlobAlong-1024x682.jpg 1024w, https:\/\/www.vita-explorers.dk\/blog\/wp-content\/uploads\/2017\/11\/Be\u0301ne\u0301volat-avec-les-be\u0301ne\u0301voles-animaliers-Afrique-du-Sud-GlobAlong-150x100.jpg 150w\" sizes=\"(max-width: 300px) 100vw, 300px\" \/><\/p>\n<\/section>\n<section id=\"renforcement\">\n<h2>6. Styrkelse af lokale kompetencer i humanit\u00e6re milj\u00f8forl\u00f8b<\/h2>\n<h3><strong>Humanit\u00e6rt milj\u00f8forl\u00f8b<\/strong><\/h3>\n<p style=\"text-align: justify;\">Styrkelse af lokale kompetencer er afg\u00f8rende for, at projekter kan holde p\u00e5 lang sigt. Det kan handle om tr\u00e6ning i b\u00e6redygtig forvaltning af naturressourcer \u2013 fx vand, landbrug eller beskyttelse af biodiversitet. <strong>Humanit\u00e6re milj\u00f8forl\u00f8b<\/strong> inkluderer ofte undervisning, der tilpasses lokale vilk\u00e5r og samtidig respekterer traditionel viden og praksis.<\/p>\n<p style=\"text-align: justify;\">Et eksempel er et <strong>agroforestry<\/strong>-projekt i Afrika, hvor landm\u00e6nd blev opl\u00e6rt i b\u00e6redygtige dyrkningsmetoder og i at integrere tr\u00e6er i landbruget. Projektet bidrog til at genoprette jordens frugtbarhed, styrke familiers f\u00f8devaresikkerhed og skabe jobs i skov- og tr\u00e6sektoren.<\/p>\n<p><img loading=\"lazy\" decoding=\"async\" class=\"aligncenter wp-image-12635 size-medium\" src=\"https:\/\/www.vita-explorers.dk\/blog\/wp-content\/uploads\/2019\/05\/Agriculture.Chapoleando.CoffeeFarm-min-300x225.jpg\" alt=\"Milj\u00f8praktik\" width=\"300\" height=\"225\" srcset=\"https:\/\/www.vita-explorers.dk\/blog\/wp-content\/uploads\/2019\/05\/Agriculture.Chapoleando.CoffeeFarm-min-300x225.jpg 300w, https:\/\/www.vita-explorers.dk\/blog\/wp-content\/uploads\/2019\/05\/Agriculture.Chapoleando.CoffeeFarm-min-768x576.jpg 768w, https:\/\/www.vita-explorers.dk\/blog\/wp-content\/uploads\/2019\/05\/Agriculture.Chapoleando.CoffeeFarm-min-1024x768.jpg 1024w, https:\/\/www.vita-explorers.dk\/blog\/wp-content\/uploads\/2019\/05\/Agriculture.Chapoleando.CoffeeFarm-min-150x113.jpg 150w\" sizes=\"(max-width: 300px) 100vw, 300px\" \/><\/p>\n<\/section>\n<section id=\"cas\">\n<h2>7. Fordybende cases om humanit\u00e6re milj\u00f8forl\u00f8b<\/h2>\n<p><strong>Humanit\u00e6rt milj\u00f8forl\u00f8b :<\/strong><\/p>\n<h3><strong>7.1 Case: Genopretning af biodiversitet i Amazonas<\/strong><\/h3>\n<p style=\"text-align: justify;\">Et genplantningsprojekt i Amazonas gjorde det muligt at plante mere end 2 millioner tr\u00e6er over 5 \u00e5r. Projektet, st\u00f8ttet af en international NGO, genoprettede ikke kun biodiversitet, men skabte ogs\u00e5 mere varige jobs for lokalsamfund inden for skovbrug og \u00f8koturisme. Indsatsen underst\u00f8ttede b\u00e6redygtig turisme og gav lokale beboere kompetencer i forvaltning af naturressourcer, hvilket styrkede b\u00e5de lokal\u00f8konomi og milj\u00f8beskyttelse.<\/p>\n<p><img loading=\"lazy\" decoding=\"async\" class=\"aligncenter wp-image-16908 size-full\" src=\"https:\/\/www.vita-explorers.dk\/blog\/wp-content\/uploads\/2024\/06\/Capture-decran-2024-06-14-a-10.08.20.png\" alt=\"Humanit\u00e6rt milj\u00f8forl\u00f8b\" width=\"221\" height=\"242\" \/><\/p>\n<\/section>\n<section id=\"suivi\">\n<h2>8. Opf\u00f8lgning, evaluering og l\u00e6ring i humanit\u00e6re milj\u00f8forl\u00f8b<\/h2>\n<p style=\"text-align: justify;\">Opf\u00f8lgning p\u00e5 <strong>humanit\u00e6re milj\u00f8forl\u00f8b<\/strong> er afg\u00f8rende for at m\u00e5le effekt og sikre, at indsatserne g\u00f8r det, de skal. Man bruger bl.a. indikatorer som overlevelsesrate for tr\u00e6er i genplantningsprojekter, forbedringer i vandkvalitet eller f\u00e6rre konflikter knyttet til knappe naturressourcer.<\/p>\n<p style=\"text-align: justify;\">Regelm\u00e6ssig opf\u00f8lgning g\u00f8r det muligt at tilpasse indsatsen undervejs og sikre, at m\u00e5lene n\u00e5s p\u00e5 en tilfredsstillende m\u00e5de.<\/p>\n<p><img loading=\"lazy\" decoding=\"async\" class=\"aligncenter wp-image-16905 size-full\" src=\"https:\/\/www.vita-explorers.dk\/blog\/wp-content\/uploads\/2024\/06\/Capture-decran-2024-06-14-a-10.07.35.png\" alt=\"Humanit\u00e6rt milj\u00f8forl\u00f8b\" width=\"198\" height=\"186\" \/><\/p>\n<\/section>\n<section id=\"conclusion\">\n<h2>9. Konklusion og perspektiver p\u00e5 den globale effekt af humanit\u00e6re milj\u00f8forl\u00f8b<\/h2>\n<p style=\"text-align: justify;\"><strong>Humanit\u00e6re milj\u00f8forl\u00f8b<\/strong> er vigtige redskaber i arbejdet med klimaforandringer og tab af biodiversitet. De kan styrke lokalsamfunds robusthed og samtidig beskytte de \u00f8kosystemer, som menneskers liv og sundhed afh\u00e6nger af.<\/p>\n<p style=\"text-align: justify;\">Fremtidige indsatser vil skulle tilpasse sig nye milj\u00f8m\u00e6ssige realiteter og udnytte nye teknologier \u2013 fx dataindsamling i realtid og digital ressourceforvaltning \u2013 for at \u00f8ge kvalitet og effekt.<\/p>\n<p style=\"text-align: justify;\"><strong>Humanit\u00e6re milj\u00f8forl\u00f8b<\/strong> peger dermed p\u00e5 en model for b\u00e6redygtig udvikling, hvor sociale behov og hensyn til natur og klima t\u00e6nkes sammen, med fokus p\u00e5 robusthed og en mere retf\u00e6rdig og holdbar fremtid.<\/p>\n<\/section>\n<p>\u00a0<\/p>\n<footer>\u00a9 2025 www.vita-institute.org. Alle rettigheder forbeholdes.<\/p>\n<\/footer>\n<p>\u00a0<\/p>\n","protected":false},"excerpt":{"rendered":"<p>Humanit\u00e6rt milj\u00f8forl\u00f8b: solidaritet, b\u00e6redygtighed og global effekt Af David G, 28. april 2025 Et humanit\u00e6rt milj\u00f8forl\u00f8b handler om at forene international solidaritet, social indsats\u2026<\/p>\n","protected":false},"author":7,"featured_media":12462,"comment_status":"open","ping_status":"open","sticky":false,"template":"","format":"standard","meta":{"footnotes":""},"categories":[6],"tags":[],"yoast_head":"<!-- This site is optimized with the Yoast SEO Premium plugin v23.4 (Yoast SEO v23.4) - https:\/\/yoast.com\/wordpress\/plugins\/seo\/ -->\n<title>Milj\u00f8forl\u00f8b i udlandet: et etisk og ansvarligt engagement - VITA Explorers Blog<\/title>\n<meta name=\"description\" content=\"Participez \u00e0 une mission humanitaire environnementale et aidez \u00e0 restaurer les \u00e9cosyst\u00e8mes tout en soutenant les populations locales.\" \/>\n<meta name=\"robots\" content=\"index, follow, max-snippet:-1, max-image-preview:large, max-video-preview:-1\" \/>\n<link rel=\"canonical\" href=\"https:\/\/www.vita-explorers.dk\/blog\/humanitaert-miljoeprojekt\/\" \/>\n<meta property=\"og:locale\" content=\"da_DK\" \/>\n<meta property=\"og:type\" content=\"article\" \/>\n<meta property=\"og:title\" content=\"Humanit\u00e6rt milj\u00f8forl\u00f8b\" \/>\n<meta property=\"og:description\" content=\"Participez \u00e0 une mission humanitaire environnementale et aidez \u00e0 restaurer les \u00e9cosyst\u00e8mes tout en soutenant les populations locales.\" \/>\n<meta property=\"og:url\" content=\"https:\/\/www.vita-explorers.dk\/blog\/humanitaert-miljoeprojekt\/\" \/>\n<meta property=\"og:site_name\" content=\"VITA Explorers Blog\" \/>\n<meta property=\"article:publisher\" content=\"https:\/\/www.facebook.com\/globalong\" \/>\n<meta property=\"article:published_time\" content=\"2025-04-28T03:34:02+00:00\" \/>\n<meta property=\"article:modified_time\" content=\"2025-04-27T14:40:30+00:00\" \/>\n<meta property=\"og:image\" content=\"https:\/\/www.vita-explorers.dk\/blog\/wp-content\/uploads\/2019\/03\/10321019_577095915730211_8869803165837218211_o-min.jpg\" \/>\n\t<meta property=\"og:image:width\" content=\"2048\" \/>\n\t<meta property=\"og:image:height\" content=\"1365\" \/>\n\t<meta property=\"og:image:type\" content=\"image\/jpeg\" \/>\n<meta name=\"author\" content=\"VITA Tribe\" \/>\n<meta name=\"twitter:card\" content=\"summary_large_image\" \/>\n<meta name=\"twitter:label1\" content=\"Skrevet af\" \/>\n\t<meta name=\"twitter:data1\" content=\"VITA Tribe\" \/>\n\t<meta name=\"twitter:label2\" content=\"Estimeret l\u00e6setid\" \/>\n\t<meta name=\"twitter:data2\" content=\"11 minutter\" \/>\n<script type=\"application\/ld+json\" class=\"yoast-schema-graph\">{\"@context\":\"https:\/\/schema.org\",\"@graph\":[{\"@type\":\"Article\",\"@id\":\"https:\/\/www.vita-explorers.dk\/blog\/humanitaert-miljoeprojekt\/#article\",\"isPartOf\":{\"@id\":\"https:\/\/www.vita-explorers.dk\/blog\/humanitaert-miljoeprojekt\/\"},\"author\":{\"name\":\"VITA Tribe\",\"@id\":\"https:\/\/www.vita-explorers.dk\/blog\/#\/schema\/person\/fc0343a2f2db2ebb2793c1f62dbe73f0\"},\"headline\":\"Humanit\u00e6rt milj\u00f8forl\u00f8b\",\"datePublished\":\"2025-04-28T03:34:02+00:00\",\"dateModified\":\"2025-04-27T14:40:30+00:00\",\"mainEntityOfPage\":{\"@id\":\"https:\/\/www.vita-explorers.dk\/blog\/humanitaert-miljoeprojekt\/\"},\"wordCount\":1639,\"commentCount\":0,\"publisher\":{\"@id\":\"https:\/\/www.vita-explorers.dk\/blog\/#organization\"},\"image\":{\"@id\":\"https:\/\/www.vita-explorers.dk\/blog\/humanitaert-miljoeprojekt\/#primaryimage\"},\"thumbnailUrl\":\"https:\/\/www.vita-explorers.dk\/blog\/wp-content\/uploads\/2019\/03\/10321019_577095915730211_8869803165837218211_o-min.jpg\",\"articleSection\":[\"Nyheder\"],\"inLanguage\":\"da-DK\",\"potentialAction\":[{\"@type\":\"CommentAction\",\"name\":\"Comment\",\"target\":[\"https:\/\/www.vita-explorers.dk\/blog\/humanitaert-miljoeprojekt\/#respond\"]}]},{\"@type\":\"WebPage\",\"@id\":\"https:\/\/www.vita-explorers.dk\/blog\/humanitaert-miljoeprojekt\/\",\"url\":\"https:\/\/www.vita-explorers.dk\/blog\/humanitaert-miljoeprojekt\/\",\"name\":\"Milj\u00f8forl\u00f8b i udlandet: et etisk og ansvarligt engagement - VITA Explorers Blog\",\"isPartOf\":{\"@id\":\"https:\/\/www.vita-explorers.dk\/blog\/#website\"},\"primaryImageOfPage\":{\"@id\":\"https:\/\/www.vita-explorers.dk\/blog\/humanitaert-miljoeprojekt\/#primaryimage\"},\"image\":{\"@id\":\"https:\/\/www.vita-explorers.dk\/blog\/humanitaert-miljoeprojekt\/#primaryimage\"},\"thumbnailUrl\":\"https:\/\/www.vita-explorers.dk\/blog\/wp-content\/uploads\/2019\/03\/10321019_577095915730211_8869803165837218211_o-min.jpg\",\"datePublished\":\"2025-04-28T03:34:02+00:00\",\"dateModified\":\"2025-04-27T14:40:30+00:00\",\"description\":\"Participez \u00e0 une mission humanitaire environnementale et aidez \u00e0 restaurer les \u00e9cosyst\u00e8mes tout en soutenant les populations locales.\",\"breadcrumb\":{\"@id\":\"https:\/\/www.vita-explorers.dk\/blog\/humanitaert-miljoeprojekt\/#breadcrumb\"},\"inLanguage\":\"da-DK\",\"potentialAction\":[{\"@type\":\"ReadAction\",\"target\":[\"https:\/\/www.vita-explorers.dk\/blog\/humanitaert-miljoeprojekt\/\"]}]},{\"@type\":\"ImageObject\",\"inLanguage\":\"da-DK\",\"@id\":\"https:\/\/www.vita-explorers.dk\/blog\/humanitaert-miljoeprojekt\/#primaryimage\",\"url\":\"https:\/\/www.vita-explorers.dk\/blog\/wp-content\/uploads\/2019\/03\/10321019_577095915730211_8869803165837218211_o-min.jpg\",\"contentUrl\":\"https:\/\/www.vita-explorers.dk\/blog\/wp-content\/uploads\/2019\/03\/10321019_577095915730211_8869803165837218211_o-min.jpg\",\"width\":2048,\"height\":1365,\"caption\":\"Mission humanitaire environnementale\"},{\"@type\":\"BreadcrumbList\",\"@id\":\"https:\/\/www.vita-explorers.dk\/blog\/humanitaert-miljoeprojekt\/#breadcrumb\",\"itemListElement\":[{\"@type\":\"ListItem\",\"position\":1,\"name\":\"Accueil\",\"item\":\"https:\/\/www.vita-explorers.dk\/blog\/\"},{\"@type\":\"ListItem\",\"position\":2,\"name\":\"Humanit\u00e6rt milj\u00f8forl\u00f8b\"}]},{\"@type\":\"WebSite\",\"@id\":\"https:\/\/www.vita-explorers.dk\/blog\/#website\",\"url\":\"https:\/\/www.vita-explorers.dk\/blog\/\",\"name\":\"Association Globalong\",\"description\":\"Frivilligt arbejde, sprogophold, praktik i udlandet og internationale oplevelser\",\"publisher\":{\"@id\":\"https:\/\/www.vita-explorers.dk\/blog\/#organization\"},\"potentialAction\":[{\"@type\":\"SearchAction\",\"target\":{\"@type\":\"EntryPoint\",\"urlTemplate\":\"https:\/\/www.vita-explorers.dk\/blog\/?s={search_term_string}\"},\"query-input\":{\"@type\":\"PropertyValueSpecification\",\"valueRequired\":true,\"valueName\":\"search_term_string\"}}],\"inLanguage\":\"da-DK\"},{\"@type\":\"Organization\",\"@id\":\"https:\/\/www.vita-explorers.dk\/blog\/#organization\",\"name\":\"Association Globalong\",\"url\":\"https:\/\/www.vita-explorers.dk\/blog\/\",\"logo\":{\"@type\":\"ImageObject\",\"inLanguage\":\"da-DK\",\"@id\":\"https:\/\/www.vita-explorers.dk\/blog\/#\/schema\/logo\/image\/\",\"url\":\"https:\/\/www.globalong.com\/blog\/wp-content\/uploads\/2014\/11\/cropped-cropped-Logo-et-Afrique-Globalong-petite-taille-2.jpg\",\"contentUrl\":\"https:\/\/www.globalong.com\/blog\/wp-content\/uploads\/2014\/11\/cropped-cropped-Logo-et-Afrique-Globalong-petite-taille-2.jpg\",\"width\":512,\"height\":512,\"caption\":\"Association Globalong\"},\"image\":{\"@id\":\"https:\/\/www.vita-explorers.dk\/blog\/#\/schema\/logo\/image\/\"},\"sameAs\":[\"https:\/\/www.facebook.com\/globalong\"]},{\"@type\":\"Person\",\"@id\":\"https:\/\/www.vita-explorers.dk\/blog\/#\/schema\/person\/fc0343a2f2db2ebb2793c1f62dbe73f0\",\"name\":\"VITA Tribe\",\"image\":{\"@type\":\"ImageObject\",\"inLanguage\":\"da-DK\",\"@id\":\"https:\/\/www.vita-explorers.dk\/blog\/#\/schema\/person\/image\/\",\"url\":\"https:\/\/secure.gravatar.com\/avatar\/f7f05026bb439d0c96b30e135e5f852c?s=96&d=mm&r=g\",\"contentUrl\":\"https:\/\/secure.gravatar.com\/avatar\/f7f05026bb439d0c96b30e135e5f852c?s=96&d=mm&r=g\",\"caption\":\"VITA Tribe\"},\"sameAs\":[\"http:\/\/www.globalong.com\"],\"url\":\"https:\/\/www.vita-explorers.dk\/blog\/author\/teamglobalong\/\"}]}<\/script>\n<!-- \/ Yoast SEO Premium plugin. -->","yoast_head_json":{"title":"Milj\u00f8forl\u00f8b i udlandet: et etisk og ansvarligt engagement - VITA Explorers Blog","description":"Participez \u00e0 une mission humanitaire environnementale et aidez \u00e0 restaurer les \u00e9cosyst\u00e8mes tout en soutenant les populations locales.","robots":{"index":"index","follow":"follow","max-snippet":"max-snippet:-1","max-image-preview":"max-image-preview:large","max-video-preview":"max-video-preview:-1"},"canonical":"https:\/\/www.vita-explorers.dk\/blog\/humanitaert-miljoeprojekt\/","og_locale":"da_DK","og_type":"article","og_title":"Humanit\u00e6rt milj\u00f8forl\u00f8b","og_description":"Participez \u00e0 une mission humanitaire environnementale et aidez \u00e0 restaurer les \u00e9cosyst\u00e8mes tout en soutenant les populations locales.","og_url":"https:\/\/www.vita-explorers.dk\/blog\/humanitaert-miljoeprojekt\/","og_site_name":"VITA Explorers Blog","article_publisher":"https:\/\/www.facebook.com\/globalong","article_published_time":"2025-04-28T03:34:02+00:00","article_modified_time":"2025-04-27T14:40:30+00:00","og_image":[{"width":2048,"height":1365,"url":"https:\/\/www.vita-explorers.dk\/blog\/wp-content\/uploads\/2019\/03\/10321019_577095915730211_8869803165837218211_o-min.jpg","type":"image\/jpeg"}],"author":"VITA Tribe","twitter_card":"summary_large_image","twitter_misc":{"Skrevet af":"VITA Tribe","Estimeret l\u00e6setid":"11 minutter"},"schema":{"@context":"https:\/\/schema.org","@graph":[{"@type":"Article","@id":"https:\/\/www.vita-explorers.dk\/blog\/humanitaert-miljoeprojekt\/#article","isPartOf":{"@id":"https:\/\/www.vita-explorers.dk\/blog\/humanitaert-miljoeprojekt\/"},"author":{"name":"VITA Tribe","@id":"https:\/\/www.vita-explorers.dk\/blog\/#\/schema\/person\/fc0343a2f2db2ebb2793c1f62dbe73f0"},"headline":"Humanit\u00e6rt milj\u00f8forl\u00f8b","datePublished":"2025-04-28T03:34:02+00:00","dateModified":"2025-04-27T14:40:30+00:00","mainEntityOfPage":{"@id":"https:\/\/www.vita-explorers.dk\/blog\/humanitaert-miljoeprojekt\/"},"wordCount":1639,"commentCount":0,"publisher":{"@id":"https:\/\/www.vita-explorers.dk\/blog\/#organization"},"image":{"@id":"https:\/\/www.vita-explorers.dk\/blog\/humanitaert-miljoeprojekt\/#primaryimage"},"thumbnailUrl":"https:\/\/www.vita-explorers.dk\/blog\/wp-content\/uploads\/2019\/03\/10321019_577095915730211_8869803165837218211_o-min.jpg","articleSection":["Nyheder"],"inLanguage":"da-DK","potentialAction":[{"@type":"CommentAction","name":"Comment","target":["https:\/\/www.vita-explorers.dk\/blog\/humanitaert-miljoeprojekt\/#respond"]}]},{"@type":"WebPage","@id":"https:\/\/www.vita-explorers.dk\/blog\/humanitaert-miljoeprojekt\/","url":"https:\/\/www.vita-explorers.dk\/blog\/humanitaert-miljoeprojekt\/","name":"Milj\u00f8forl\u00f8b i udlandet: et etisk og ansvarligt engagement - VITA Explorers Blog","isPartOf":{"@id":"https:\/\/www.vita-explorers.dk\/blog\/#website"},"primaryImageOfPage":{"@id":"https:\/\/www.vita-explorers.dk\/blog\/humanitaert-miljoeprojekt\/#primaryimage"},"image":{"@id":"https:\/\/www.vita-explorers.dk\/blog\/humanitaert-miljoeprojekt\/#primaryimage"},"thumbnailUrl":"https:\/\/www.vita-explorers.dk\/blog\/wp-content\/uploads\/2019\/03\/10321019_577095915730211_8869803165837218211_o-min.jpg","datePublished":"2025-04-28T03:34:02+00:00","dateModified":"2025-04-27T14:40:30+00:00","description":"Participez \u00e0 une mission humanitaire environnementale et aidez \u00e0 restaurer les \u00e9cosyst\u00e8mes tout en soutenant les populations locales.","breadcrumb":{"@id":"https:\/\/www.vita-explorers.dk\/blog\/humanitaert-miljoeprojekt\/#breadcrumb"},"inLanguage":"da-DK","potentialAction":[{"@type":"ReadAction","target":["https:\/\/www.vita-explorers.dk\/blog\/humanitaert-miljoeprojekt\/"]}]},{"@type":"ImageObject","inLanguage":"da-DK","@id":"https:\/\/www.vita-explorers.dk\/blog\/humanitaert-miljoeprojekt\/#primaryimage","url":"https:\/\/www.vita-explorers.dk\/blog\/wp-content\/uploads\/2019\/03\/10321019_577095915730211_8869803165837218211_o-min.jpg","contentUrl":"https:\/\/www.vita-explorers.dk\/blog\/wp-content\/uploads\/2019\/03\/10321019_577095915730211_8869803165837218211_o-min.jpg","width":2048,"height":1365,"caption":"Mission humanitaire environnementale"},{"@type":"BreadcrumbList","@id":"https:\/\/www.vita-explorers.dk\/blog\/humanitaert-miljoeprojekt\/#breadcrumb","itemListElement":[{"@type":"ListItem","position":1,"name":"Accueil","item":"https:\/\/www.vita-explorers.dk\/blog\/"},{"@type":"ListItem","position":2,"name":"Humanit\u00e6rt milj\u00f8forl\u00f8b"}]},{"@type":"WebSite","@id":"https:\/\/www.vita-explorers.dk\/blog\/#website","url":"https:\/\/www.vita-explorers.dk\/blog\/","name":"Association Globalong","description":"Frivilligt arbejde, sprogophold, praktik i udlandet og internationale oplevelser","publisher":{"@id":"https:\/\/www.vita-explorers.dk\/blog\/#organization"},"potentialAction":[{"@type":"SearchAction","target":{"@type":"EntryPoint","urlTemplate":"https:\/\/www.vita-explorers.dk\/blog\/?s={search_term_string}"},"query-input":{"@type":"PropertyValueSpecification","valueRequired":true,"valueName":"search_term_string"}}],"inLanguage":"da-DK"},{"@type":"Organization","@id":"https:\/\/www.vita-explorers.dk\/blog\/#organization","name":"Association Globalong","url":"https:\/\/www.vita-explorers.dk\/blog\/","logo":{"@type":"ImageObject","inLanguage":"da-DK","@id":"https:\/\/www.vita-explorers.dk\/blog\/#\/schema\/logo\/image\/","url":"https:\/\/www.globalong.com\/blog\/wp-content\/uploads\/2014\/11\/cropped-cropped-Logo-et-Afrique-Globalong-petite-taille-2.jpg","contentUrl":"https:\/\/www.globalong.com\/blog\/wp-content\/uploads\/2014\/11\/cropped-cropped-Logo-et-Afrique-Globalong-petite-taille-2.jpg","width":512,"height":512,"caption":"Association Globalong"},"image":{"@id":"https:\/\/www.vita-explorers.dk\/blog\/#\/schema\/logo\/image\/"},"sameAs":["https:\/\/www.facebook.com\/globalong"]},{"@type":"Person","@id":"https:\/\/www.vita-explorers.dk\/blog\/#\/schema\/person\/fc0343a2f2db2ebb2793c1f62dbe73f0","name":"VITA Tribe","image":{"@type":"ImageObject","inLanguage":"da-DK","@id":"https:\/\/www.vita-explorers.dk\/blog\/#\/schema\/person\/image\/","url":"https:\/\/secure.gravatar.com\/avatar\/f7f05026bb439d0c96b30e135e5f852c?s=96&d=mm&r=g","contentUrl":"https:\/\/secure.gravatar.com\/avatar\/f7f05026bb439d0c96b30e135e5f852c?s=96&d=mm&r=g","caption":"VITA Tribe"},"sameAs":["http:\/\/www.globalong.com"],"url":"https:\/\/www.vita-explorers.dk\/blog\/author\/teamglobalong\/"}]}},"_links":{"self":[{"href":"https:\/\/www.vita-explorers.dk\/blog\/wp-json\/wp\/v2\/posts\/21134"}],"collection":[{"href":"https:\/\/www.vita-explorers.dk\/blog\/wp-json\/wp\/v2\/posts"}],"about":[{"href":"https:\/\/www.vita-explorers.dk\/blog\/wp-json\/wp\/v2\/types\/post"}],"author":[{"embeddable":true,"href":"https:\/\/www.vita-explorers.dk\/blog\/wp-json\/wp\/v2\/users\/7"}],"replies":[{"embeddable":true,"href":"https:\/\/www.vita-explorers.dk\/blog\/wp-json\/wp\/v2\/comments?post=21134"}],"version-history":[{"count":3,"href":"https:\/\/www.vita-explorers.dk\/blog\/wp-json\/wp\/v2\/posts\/21134\/revisions"}],"predecessor-version":[{"id":21619,"href":"https:\/\/www.vita-explorers.dk\/blog\/wp-json\/wp\/v2\/posts\/21134\/revisions\/21619"}],"wp:featuredmedia":[{"embeddable":true,"href":"https:\/\/www.vita-explorers.dk\/blog\/wp-json\/wp\/v2\/media\/12462"}],"wp:attachment":[{"href":"https:\/\/www.vita-explorers.dk\/blog\/wp-json\/wp\/v2\/media?parent=21134"}],"wp:term":[{"taxonomy":"category","embeddable":true,"href":"https:\/\/www.vita-explorers.dk\/blog\/wp-json\/wp\/v2\/categories?post=21134"},{"taxonomy":"post_tag","embeddable":true,"href":"https:\/\/www.vita-explorers.dk\/blog\/wp-json\/wp\/v2\/tags?post=21134"}],"curies":[{"name":"wp","href":"https:\/\/api.w.org\/{rel}","templated":true}]}}