{"id":21152,"date":"2025-05-04T04:56:18","date_gmt":"2025-05-04T02:56:18","guid":{"rendered":"https:\/\/www.globalong.com\/blog\/?p=21152"},"modified":"2025-05-24T16:58:36","modified_gmt":"2025-05-24T14:58:36","slug":"humanitaert-forloeb-som-sosu-medhjaelper-i-senegal","status":"publish","type":"post","link":"https:\/\/www.vita-explorers.dk\/blog\/humanitaert-forloeb-som-sosu-medhjaelper-i-senegal\/","title":{"rendered":"Humanit\u00e6rt forl\u00f8b som social- og sundhedsassistent i Senegal"},"content":{"rendered":"<h1><img loading=\"lazy\" decoding=\"async\" class=\"aligncenter wp-image-21154 size-medium\" src=\"https:\/\/www.vita-explorers.dk\/blog\/wp-content\/uploads\/2025\/05\/494264209_725907336426247_6828935153223962722_n-300x300.jpg\" alt=\"Humanit\u00e6rt ophold som social- og sundhedsassistent i Senegal\" width=\"300\" height=\"300\" \/><\/h1>\n<h1>Humanit\u00e6rt ophold som social- og sundhedsassistent i Senegal<\/h1>\n<h2>En meningsfuld og l\u00e6rerig oplevelse<\/h2>\n<header><em>Af VITA, den 04. maj 2025<\/em><\/p>\n<p style=\"text-align: justify;\">I april 2025 deltog en gruppe <strong>deltagere<\/strong> med social- og sundhedsfaglig baggrund i et <a href=\"https:\/\/www.vita-explorers.dk\/blog\/humanit\u00e6rt-forl\u00f8b-au-senegal\/\" target=\"_blank\" rel=\"noopener\">humanit\u00e6rt ophold i Senegal<\/a> som del af et sundhedsfagligt forl\u00f8b organiseret af <strong>VITA Institute<\/strong>. Opholdet gav deltagerne mulighed for at bidrage aktivt til sundhedsindsatser og f\u00e6llesskabsaktiviteter \u2013 samtidig med at de fik indblik i landets kultur og hverdagsliv.<\/p>\n<\/header>\n<nav id=\"table-des-matieres\">\n<h2>Indhold<\/h2>\n<ul>\n<li><a href=\"#definition\">Hvad er et humanit\u00e6rt ophold i Senegal?<\/a><\/li>\n<li><a href=\"#premiere-immersion\">F\u00f8rste m\u00f8de og modtagelse af deltagerne<\/a><\/li>\n<li><a href=\"#engagement-medical\">Indsats i sundhedssektoren og lokale aktiviteter<\/a><\/li>\n<li><a href=\"#rencontres-culturelles\">M\u00f8der og kulturel fordybelse<\/a><\/li>\n<li><a href=\"#vie-quotidienne\">Hverdagsliv og sammenhold i gruppen<\/a><\/li>\n<li><a href=\"#impact-humain\">En menneskelig og solidarisk forskel<\/a><\/li>\n<li><a href=\"#remerciements\">Tak og afrunding<\/a><\/li>\n<\/ul>\n<\/nav>\n<p><img loading=\"lazy\" decoding=\"async\" class=\"aligncenter wp-image-21153 size-medium\" src=\"https:\/\/www.vita-explorers.dk\/blog\/wp-content\/uploads\/2025\/05\/494206121_725907686426212_6311593216118608175_n-300x300.jpg\" alt=\"Social- og sundhedsassistent p\u00e5 humanit\u00e6rt ophold i udlandet\" width=\"300\" height=\"300\" \/><\/p>\n<section id=\"definition\">\n<h2>1. Hvad er et humanit\u00e6rt ophold i Senegal?<\/h2>\n<p style=\"text-align: justify;\">Et <strong>humanit\u00e6rt ophold i Senegal<\/strong> handler om at deltage i solidariske indsatser, der st\u00f8tter mennesker lokalt \u2013 s\u00e6rligt inden for sundhed, uddannelse og milj\u00f8. Forl\u00f8bet giver deltagerne mulighed for at engagere sig konkret og ansvarligt i relevante aktiviteter, samtidig med at de oplever en rig kultur og udvikler b\u00e5de menneskelige og faglige kompetencer.<\/p>\n<\/section>\n<section id=\"premiere-immersion\">\n<h2>2. F\u00f8rste m\u00f8de og modtagelse af deltagerne<\/h2>\n<p style=\"text-align: justify;\">Ved ankomsten til Blaise Diagne International Airport blev deltagerne taget godt imod af det lokale team. Indkvarteringen i lejlighederne i Yoff foregik i en afslappet og tryg stemning, pr\u00e6get af nysgerrighed og lysten til at l\u00e6re landet at kende. Allerede fra start opstod der et st\u00e6rkt f\u00e6llesskab i gruppen, som blev et vigtigt fundament for resten af opholdet.<\/p>\n<p><img loading=\"lazy\" decoding=\"async\" class=\"aligncenter wp-image-21155 size-medium\" src=\"https:\/\/www.vita-explorers.dk\/blog\/wp-content\/uploads\/2025\/05\/494267635_725908009759513_1111342523037406959_n-300x300.jpg\" alt=\"Medicinsk frivilligt arbejde for social- og sundhedsassistenter i Senegal\" width=\"300\" height=\"300\" \/><\/p>\n<\/section>\n<section id=\"engagement-medical\">\n<h2>3. Indsats i sundhedssektoren og lokale aktiviteter<\/h2>\n<h3><strong>3.1 Sundhedsfagligt forl\u00f8b: Pleje og praktisk st\u00f8tte<\/strong><\/h3>\n<p style=\"text-align: justify;\">Hver morgen blev deltagerne fordelt p\u00e5 forskellige afdelinger i et lokalt sundhedscenter \u2013 blandt andet p\u00e6diatri, sengeafsnit og behandlingsrum. Indsatsen gav dem indblik i det senegalesiske sundhedssystem og mulighed for at bruge deres kompetencer i en professionel og menneskelig ramme.<\/p>\n<h3><strong>3.2 Solidariske aktiviteter: Lokal forankring<\/strong><\/h3>\n<p style=\"text-align: justify;\">Ud over den sundhedsfaglige indsats var to dage afsat til st\u00f8rre <strong>f\u00e6llesskabsaktiviteter<\/strong>. Deltagerne medvirkede ved gratis sundhedskonsultationer i <strong>Keur Massar<\/strong> i dialog med lokale teams. Derudover arrangerede de strandoprydning og legende aktiviteter for b\u00f8rn i centeret med fokus p\u00e5 l\u00e6ring og opm\u00e6rksomhed om milj\u00f8.<\/p>\n<p><img loading=\"lazy\" decoding=\"async\" class=\"aligncenter wp-image-21156 size-medium\" src=\"https:\/\/www.vita-explorers.dk\/blog\/wp-content\/uploads\/2025\/05\/494346769_725907249759589_2653174524856967514_n-300x300.jpg\" alt=\"Deltagere fra VITA Institute i Senegal\" width=\"300\" height=\"300\" \/><\/p>\n<\/section>\n<section id=\"rencontres-culturelles\">\n<h2>4. M\u00f8der og kulturel fordybelse<\/h2>\n<h3><strong>4.1 Oplev Senegals kulturarv<\/strong><\/h3>\n<p style=\"text-align: justify;\">Deltagerne fik mulighed for at opleve Senegals kulturelle og historiske rigdom gennem bes\u00f8g ved blandt andet <strong>Monumentet for Afrikansk Ren\u00e6ssance<\/strong> og <strong>Den Store Mosk\u00e9 i Dakar<\/strong>. Bes\u00f8gene gav et bedre indblik i landets historie, kultur og sociale vilk\u00e5r.<\/p>\n<h3><strong>4.2 \u00cele de Gor\u00e9e: Et historisk symbol<\/strong><\/h3>\n<p style=\"text-align: justify;\">Et andet h\u00f8jdepunkt var bes\u00f8get p\u00e5 \u00cele de Gor\u00e9e \u2013 et af Senegals vigtigste historiske steder \u2013 herunder <strong>Slavernes Hus<\/strong>, som st\u00e5r som et st\u00e6rkt symbol p\u00e5 den transatlantiske slavehandel. Bes\u00f8get gav plads til eftertanke og en dybere forst\u00e5else af landets historie.<\/p>\n<\/section>\n<section id=\"vie-quotidienne\">\n<h2>5. Hverdagsliv og sammenhold i gruppen<\/h2>\n<p style=\"text-align: justify;\">For at skabe en god ramme om opholdet blev m\u00e5ltiderne tilberedt hjemme, hvilket gav deltagerne en naturlig introduktion til <strong>det senegalesiske k\u00f8kken<\/strong>. Der var ogs\u00e5 planlagt tid til <strong>hvile<\/strong>, s\u00e5 alle kunne restituere efter dage med h\u00f8jt engagement.<\/p>\n<p style=\"text-align: justify;\">Det gode sociale samv\u00e6r og hensynet til gruppens kostpr\u00e6ferencer styrkede f\u00e6llesskabet og bidrog til en tryg og varm atmosf\u00e6re gennem hele opholdet.<\/p>\n<p><img loading=\"lazy\" decoding=\"async\" class=\"aligncenter wp-image-21157 size-medium\" src=\"https:\/\/www.vita-explorers.dk\/blog\/wp-content\/uploads\/2025\/05\/494379628_725907299759584_7628730656994365120_n-300x300.jpg\" alt=\"Humanit\u00e6rt ophold i Senegal\" width=\"300\" height=\"300\" \/><\/p>\n<\/section>\n<section id=\"impact-humain\">\n<h2>6. En menneskelig og solidarisk forskel<\/h2>\n<p style=\"text-align: justify;\">I l\u00f8bet af dagene opbyggede <strong>deltagerne<\/strong> st\u00e6rke relationer til <strong>mennesker i lokalsamfundet<\/strong> og de involverede teams. Indsatserne havde en konkret betydning, og m\u00f8derne var pr\u00e6get af <strong>solidaritet<\/strong> og <strong>ydmyghed<\/strong>. Opholdet bidrog til at styrke de lokale rammer og gav samtidig en n\u00e6rv\u00e6rende og respektfuld st\u00f8tte til mennesker i s\u00e5rbare situationer.<\/p>\n<\/section>\n<section id=\"remerciements\">\n<h2><strong>7. Tak og afrunding<\/strong><\/h2>\n<p style=\"text-align: justify;\">En stor <strong>tak<\/strong> til alle deltagere for deres <strong>stabile indsats<\/strong>, deres <strong>smittende engagement<\/strong> og deres <strong>respekt for lokale forhold<\/strong>. Det var afg\u00f8rende for, at opholdet blev en succes \u2013 b\u00e5de menneskeligt og i praksis.<\/p>\n<p style=\"text-align: justify;\">Deltagerne rejser hjem med st\u00e6rke minder og nye perspektiver \u2013 og med en indsats, der har sat et positivt aftryk i de <strong>lokale samarbejdsstrukturer<\/strong>.<\/p>\n<p style=\"text-align: justify;\">Vi gl\u00e6der os til at m\u00f8de dem igen p\u00e5 kommende solidariske projekter \u2013 i Senegal eller et andet sted i verden.<\/p>\n<\/section>\n<p class=\"p4\" style=\"text-align: center;\"><b>Vil du h\u00f8re mere, er du velkommen til at kontakte os p\u00e5\u00a0<\/b><a href=\"mailto:info@globalong.com\"><span class=\"s2\"><b>info@globalong.com<\/b><\/span><\/a><\/p>\n<p class=\"p4\" style=\"text-align: center;\"><b>Vil du vide mere om VITA Institute og vores community, kan du f\u00f8lge med p\u00e5\u00a0<\/b><a href=\"https:\/\/www.instagram.com\/globalongofficiel\/\"><span class=\"s2\"><b>Instagram<\/b><\/span><\/a><b>,\u00a0<\/b><a href=\"https:\/\/www.facebook.com\/globalong\"><span class=\"s2\"><b>Facebook<\/b><\/span><\/a><b>,\u00a0<\/b><a href=\"https:\/\/www.linkedin.com\/company\/5113177\/admin\/feed\/posts\/\"><span class=\"s2\"><b>LinkedIn<\/b><\/span><\/a><b>\u00a0og\u00a0<\/b><a href=\"https:\/\/www.youtube.com\/c\/globalong\/videos\"><span class=\"s2\"><b>YouTube<\/b><\/span><\/a><b>\u00a0<\/b><\/p>\n<footer>\u00a9 2025 VITA Institute. Alle rettigheder forbeholdes.<\/footer>\n<p>\u00a0<\/p>\n<p>\u00a0<\/p>\n","protected":false},"excerpt":{"rendered":"<p>Humanit\u00e6rt ophold som social- og sundhedsassistent i Senegal En meningsfuld og l\u00e6rerig oplevelse Af VITA, den 04. maj 2025 I april 2025 deltog en\u2026<\/p>\n","protected":false},"author":7,"featured_media":11905,"comment_status":"open","ping_status":"open","sticky":false,"template":"","format":"standard","meta":{"footnotes":""},"categories":[6],"tags":[],"yoast_head":"<!-- This site is optimized with the Yoast SEO Premium plugin v23.4 (Yoast SEO v23.4) - https:\/\/yoast.com\/wordpress\/plugins\/seo\/ -->\n<title>Humanit\u00e6rt forl\u00f8b som social- og sundhedshj\u00e6lper: opgaver, betydning og kultur - VITA Explorers Blog<\/title>\n<meta name=\"description\" content=\"Participez \u00e0 une mission humanitaire aide soignant pour soutenir les populations au S\u00e9n\u00e9gal tout en d\u00e9couvrant la culture locale.\" \/>\n<meta name=\"robots\" content=\"index, follow, max-snippet:-1, max-image-preview:large, max-video-preview:-1\" \/>\n<link rel=\"canonical\" href=\"https:\/\/www.vita-explorers.dk\/blog\/humanitaert-forloeb-som-sosu-medhjaelper-i-senegal\/\" \/>\n<meta property=\"og:locale\" content=\"da_DK\" \/>\n<meta property=\"og:type\" content=\"article\" \/>\n<meta property=\"og:title\" content=\"Humanit\u00e6rt forl\u00f8b som social- og sundhedsassistent i Senegal\" \/>\n<meta property=\"og:description\" content=\"Participez \u00e0 une mission humanitaire aide soignant pour soutenir les populations au S\u00e9n\u00e9gal tout en d\u00e9couvrant la culture locale.\" \/>\n<meta property=\"og:url\" content=\"https:\/\/www.vita-explorers.dk\/blog\/humanitaert-forloeb-som-sosu-medhjaelper-i-senegal\/\" \/>\n<meta property=\"og:site_name\" content=\"VITA Explorers Blog\" \/>\n<meta property=\"article:publisher\" content=\"https:\/\/www.facebook.com\/globalong\" \/>\n<meta property=\"article:published_time\" content=\"2025-05-04T02:56:18+00:00\" \/>\n<meta property=\"article:modified_time\" content=\"2025-05-24T14:58:36+00:00\" \/>\n<meta property=\"og:image\" content=\"https:\/\/www.vita-explorers.dk\/blog\/wp-content\/uploads\/2018\/11\/Marina-Olivia-Verena-Audrey-en-stage-m\u00e9dical-au-S\u00e9n\u00e9gal-avec-GlobAlong-min.jpeg\" \/>\n\t<meta property=\"og:image:width\" content=\"4096\" \/>\n\t<meta property=\"og:image:height\" content=\"2859\" \/>\n\t<meta property=\"og:image:type\" content=\"image\/jpeg\" \/>\n<meta name=\"author\" content=\"VITA Tribe\" \/>\n<meta name=\"twitter:card\" content=\"summary_large_image\" \/>\n<meta name=\"twitter:label1\" content=\"Skrevet af\" \/>\n\t<meta name=\"twitter:data1\" content=\"VITA Tribe\" \/>\n\t<meta name=\"twitter:label2\" content=\"Estimeret l\u00e6setid\" \/>\n\t<meta name=\"twitter:data2\" content=\"6 minutter\" \/>\n<script type=\"application\/ld+json\" class=\"yoast-schema-graph\">{\"@context\":\"https:\/\/schema.org\",\"@graph\":[{\"@type\":\"Article\",\"@id\":\"https:\/\/www.vita-explorers.dk\/blog\/humanitaert-forloeb-som-sosu-medhjaelper-i-senegal\/#article\",\"isPartOf\":{\"@id\":\"https:\/\/www.vita-explorers.dk\/blog\/humanitaert-forloeb-som-sosu-medhjaelper-i-senegal\/\"},\"author\":{\"name\":\"VITA Tribe\",\"@id\":\"https:\/\/www.vita-explorers.dk\/blog\/#\/schema\/person\/fc0343a2f2db2ebb2793c1f62dbe73f0\"},\"headline\":\"Humanit\u00e6rt forl\u00f8b som social- og sundhedsassistent i Senegal\",\"datePublished\":\"2025-05-04T02:56:18+00:00\",\"dateModified\":\"2025-05-24T14:58:36+00:00\",\"mainEntityOfPage\":{\"@id\":\"https:\/\/www.vita-explorers.dk\/blog\/humanitaert-forloeb-som-sosu-medhjaelper-i-senegal\/\"},\"wordCount\":730,\"commentCount\":0,\"publisher\":{\"@id\":\"https:\/\/www.vita-explorers.dk\/blog\/#organization\"},\"image\":{\"@id\":\"https:\/\/www.vita-explorers.dk\/blog\/humanitaert-forloeb-som-sosu-medhjaelper-i-senegal\/#primaryimage\"},\"thumbnailUrl\":\"https:\/\/www.vita-explorers.dk\/blog\/wp-content\/uploads\/2018\/11\/Marina-Olivia-Verena-Audrey-en-stage-m\u00e9dical-au-S\u00e9n\u00e9gal-avec-GlobAlong-min.jpeg\",\"articleSection\":[\"Nyheder\"],\"inLanguage\":\"da-DK\",\"potentialAction\":[{\"@type\":\"CommentAction\",\"name\":\"Comment\",\"target\":[\"https:\/\/www.vita-explorers.dk\/blog\/humanitaert-forloeb-som-sosu-medhjaelper-i-senegal\/#respond\"]}]},{\"@type\":\"WebPage\",\"@id\":\"https:\/\/www.vita-explorers.dk\/blog\/humanitaert-forloeb-som-sosu-medhjaelper-i-senegal\/\",\"url\":\"https:\/\/www.vita-explorers.dk\/blog\/humanitaert-forloeb-som-sosu-medhjaelper-i-senegal\/\",\"name\":\"Humanit\u00e6rt forl\u00f8b som social- og sundhedshj\u00e6lper: opgaver, betydning og kultur - VITA Explorers Blog\",\"isPartOf\":{\"@id\":\"https:\/\/www.vita-explorers.dk\/blog\/#website\"},\"primaryImageOfPage\":{\"@id\":\"https:\/\/www.vita-explorers.dk\/blog\/humanitaert-forloeb-som-sosu-medhjaelper-i-senegal\/#primaryimage\"},\"image\":{\"@id\":\"https:\/\/www.vita-explorers.dk\/blog\/humanitaert-forloeb-som-sosu-medhjaelper-i-senegal\/#primaryimage\"},\"thumbnailUrl\":\"https:\/\/www.vita-explorers.dk\/blog\/wp-content\/uploads\/2018\/11\/Marina-Olivia-Verena-Audrey-en-stage-m\u00e9dical-au-S\u00e9n\u00e9gal-avec-GlobAlong-min.jpeg\",\"datePublished\":\"2025-05-04T02:56:18+00:00\",\"dateModified\":\"2025-05-24T14:58:36+00:00\",\"description\":\"Participez \u00e0 une mission humanitaire aide soignant pour soutenir les populations au S\u00e9n\u00e9gal tout en d\u00e9couvrant la culture locale.\",\"breadcrumb\":{\"@id\":\"https:\/\/www.vita-explorers.dk\/blog\/humanitaert-forloeb-som-sosu-medhjaelper-i-senegal\/#breadcrumb\"},\"inLanguage\":\"da-DK\",\"potentialAction\":[{\"@type\":\"ReadAction\",\"target\":[\"https:\/\/www.vita-explorers.dk\/blog\/humanitaert-forloeb-som-sosu-medhjaelper-i-senegal\/\"]}]},{\"@type\":\"ImageObject\",\"inLanguage\":\"da-DK\",\"@id\":\"https:\/\/www.vita-explorers.dk\/blog\/humanitaert-forloeb-som-sosu-medhjaelper-i-senegal\/#primaryimage\",\"url\":\"https:\/\/www.vita-explorers.dk\/blog\/wp-content\/uploads\/2018\/11\/Marina-Olivia-Verena-Audrey-en-stage-m\u00e9dical-au-S\u00e9n\u00e9gal-avec-GlobAlong-min.jpeg\",\"contentUrl\":\"https:\/\/www.vita-explorers.dk\/blog\/wp-content\/uploads\/2018\/11\/Marina-Olivia-Verena-Audrey-en-stage-m\u00e9dical-au-S\u00e9n\u00e9gal-avec-GlobAlong-min.jpeg\",\"width\":4096,\"height\":2859,\"caption\":\"Volontariat m\u00e9dical \u00e0 l'\u00e9tranger\"},{\"@type\":\"BreadcrumbList\",\"@id\":\"https:\/\/www.vita-explorers.dk\/blog\/humanitaert-forloeb-som-sosu-medhjaelper-i-senegal\/#breadcrumb\",\"itemListElement\":[{\"@type\":\"ListItem\",\"position\":1,\"name\":\"Accueil\",\"item\":\"https:\/\/www.vita-explorers.dk\/blog\/\"},{\"@type\":\"ListItem\",\"position\":2,\"name\":\"Humanit\u00e6rt forl\u00f8b som social- og sundhedsassistent i Senegal\"}]},{\"@type\":\"WebSite\",\"@id\":\"https:\/\/www.vita-explorers.dk\/blog\/#website\",\"url\":\"https:\/\/www.vita-explorers.dk\/blog\/\",\"name\":\"Association Globalong\",\"description\":\"Frivilligt arbejde, sprogophold, praktik i udlandet og internationale oplevelser\",\"publisher\":{\"@id\":\"https:\/\/www.vita-explorers.dk\/blog\/#organization\"},\"potentialAction\":[{\"@type\":\"SearchAction\",\"target\":{\"@type\":\"EntryPoint\",\"urlTemplate\":\"https:\/\/www.vita-explorers.dk\/blog\/?s={search_term_string}\"},\"query-input\":{\"@type\":\"PropertyValueSpecification\",\"valueRequired\":true,\"valueName\":\"search_term_string\"}}],\"inLanguage\":\"da-DK\"},{\"@type\":\"Organization\",\"@id\":\"https:\/\/www.vita-explorers.dk\/blog\/#organization\",\"name\":\"Association Globalong\",\"url\":\"https:\/\/www.vita-explorers.dk\/blog\/\",\"logo\":{\"@type\":\"ImageObject\",\"inLanguage\":\"da-DK\",\"@id\":\"https:\/\/www.vita-explorers.dk\/blog\/#\/schema\/logo\/image\/\",\"url\":\"https:\/\/www.globalong.com\/blog\/wp-content\/uploads\/2014\/11\/cropped-cropped-Logo-et-Afrique-Globalong-petite-taille-2.jpg\",\"contentUrl\":\"https:\/\/www.globalong.com\/blog\/wp-content\/uploads\/2014\/11\/cropped-cropped-Logo-et-Afrique-Globalong-petite-taille-2.jpg\",\"width\":512,\"height\":512,\"caption\":\"Association Globalong\"},\"image\":{\"@id\":\"https:\/\/www.vita-explorers.dk\/blog\/#\/schema\/logo\/image\/\"},\"sameAs\":[\"https:\/\/www.facebook.com\/globalong\"]},{\"@type\":\"Person\",\"@id\":\"https:\/\/www.vita-explorers.dk\/blog\/#\/schema\/person\/fc0343a2f2db2ebb2793c1f62dbe73f0\",\"name\":\"VITA Tribe\",\"image\":{\"@type\":\"ImageObject\",\"inLanguage\":\"da-DK\",\"@id\":\"https:\/\/www.vita-explorers.dk\/blog\/#\/schema\/person\/image\/\",\"url\":\"https:\/\/secure.gravatar.com\/avatar\/f7f05026bb439d0c96b30e135e5f852c?s=96&d=mm&r=g\",\"contentUrl\":\"https:\/\/secure.gravatar.com\/avatar\/f7f05026bb439d0c96b30e135e5f852c?s=96&d=mm&r=g\",\"caption\":\"VITA Tribe\"},\"sameAs\":[\"http:\/\/www.globalong.com\"],\"url\":\"https:\/\/www.vita-explorers.dk\/blog\/author\/teamglobalong\/\"}]}<\/script>\n<!-- \/ Yoast SEO Premium plugin. -->","yoast_head_json":{"title":"Humanit\u00e6rt forl\u00f8b som social- og sundhedshj\u00e6lper: opgaver, betydning og kultur - VITA Explorers Blog","description":"Participez \u00e0 une mission humanitaire aide soignant pour soutenir les populations au S\u00e9n\u00e9gal tout en d\u00e9couvrant la culture locale.","robots":{"index":"index","follow":"follow","max-snippet":"max-snippet:-1","max-image-preview":"max-image-preview:large","max-video-preview":"max-video-preview:-1"},"canonical":"https:\/\/www.vita-explorers.dk\/blog\/humanitaert-forloeb-som-sosu-medhjaelper-i-senegal\/","og_locale":"da_DK","og_type":"article","og_title":"Humanit\u00e6rt forl\u00f8b som social- og sundhedsassistent i Senegal","og_description":"Participez \u00e0 une mission humanitaire aide soignant pour soutenir les populations au S\u00e9n\u00e9gal tout en d\u00e9couvrant la culture locale.","og_url":"https:\/\/www.vita-explorers.dk\/blog\/humanitaert-forloeb-som-sosu-medhjaelper-i-senegal\/","og_site_name":"VITA Explorers Blog","article_publisher":"https:\/\/www.facebook.com\/globalong","article_published_time":"2025-05-04T02:56:18+00:00","article_modified_time":"2025-05-24T14:58:36+00:00","og_image":[{"width":4096,"height":2859,"url":"https:\/\/www.vita-explorers.dk\/blog\/wp-content\/uploads\/2018\/11\/Marina-Olivia-Verena-Audrey-en-stage-m\u00e9dical-au-S\u00e9n\u00e9gal-avec-GlobAlong-min.jpeg","type":"image\/jpeg"}],"author":"VITA Tribe","twitter_card":"summary_large_image","twitter_misc":{"Skrevet af":"VITA Tribe","Estimeret l\u00e6setid":"6 minutter"},"schema":{"@context":"https:\/\/schema.org","@graph":[{"@type":"Article","@id":"https:\/\/www.vita-explorers.dk\/blog\/humanitaert-forloeb-som-sosu-medhjaelper-i-senegal\/#article","isPartOf":{"@id":"https:\/\/www.vita-explorers.dk\/blog\/humanitaert-forloeb-som-sosu-medhjaelper-i-senegal\/"},"author":{"name":"VITA Tribe","@id":"https:\/\/www.vita-explorers.dk\/blog\/#\/schema\/person\/fc0343a2f2db2ebb2793c1f62dbe73f0"},"headline":"Humanit\u00e6rt forl\u00f8b som social- og sundhedsassistent i Senegal","datePublished":"2025-05-04T02:56:18+00:00","dateModified":"2025-05-24T14:58:36+00:00","mainEntityOfPage":{"@id":"https:\/\/www.vita-explorers.dk\/blog\/humanitaert-forloeb-som-sosu-medhjaelper-i-senegal\/"},"wordCount":730,"commentCount":0,"publisher":{"@id":"https:\/\/www.vita-explorers.dk\/blog\/#organization"},"image":{"@id":"https:\/\/www.vita-explorers.dk\/blog\/humanitaert-forloeb-som-sosu-medhjaelper-i-senegal\/#primaryimage"},"thumbnailUrl":"https:\/\/www.vita-explorers.dk\/blog\/wp-content\/uploads\/2018\/11\/Marina-Olivia-Verena-Audrey-en-stage-m\u00e9dical-au-S\u00e9n\u00e9gal-avec-GlobAlong-min.jpeg","articleSection":["Nyheder"],"inLanguage":"da-DK","potentialAction":[{"@type":"CommentAction","name":"Comment","target":["https:\/\/www.vita-explorers.dk\/blog\/humanitaert-forloeb-som-sosu-medhjaelper-i-senegal\/#respond"]}]},{"@type":"WebPage","@id":"https:\/\/www.vita-explorers.dk\/blog\/humanitaert-forloeb-som-sosu-medhjaelper-i-senegal\/","url":"https:\/\/www.vita-explorers.dk\/blog\/humanitaert-forloeb-som-sosu-medhjaelper-i-senegal\/","name":"Humanit\u00e6rt forl\u00f8b som social- og sundhedshj\u00e6lper: opgaver, betydning og kultur - VITA Explorers Blog","isPartOf":{"@id":"https:\/\/www.vita-explorers.dk\/blog\/#website"},"primaryImageOfPage":{"@id":"https:\/\/www.vita-explorers.dk\/blog\/humanitaert-forloeb-som-sosu-medhjaelper-i-senegal\/#primaryimage"},"image":{"@id":"https:\/\/www.vita-explorers.dk\/blog\/humanitaert-forloeb-som-sosu-medhjaelper-i-senegal\/#primaryimage"},"thumbnailUrl":"https:\/\/www.vita-explorers.dk\/blog\/wp-content\/uploads\/2018\/11\/Marina-Olivia-Verena-Audrey-en-stage-m\u00e9dical-au-S\u00e9n\u00e9gal-avec-GlobAlong-min.jpeg","datePublished":"2025-05-04T02:56:18+00:00","dateModified":"2025-05-24T14:58:36+00:00","description":"Participez \u00e0 une mission humanitaire aide soignant pour soutenir les populations au S\u00e9n\u00e9gal tout en d\u00e9couvrant la culture locale.","breadcrumb":{"@id":"https:\/\/www.vita-explorers.dk\/blog\/humanitaert-forloeb-som-sosu-medhjaelper-i-senegal\/#breadcrumb"},"inLanguage":"da-DK","potentialAction":[{"@type":"ReadAction","target":["https:\/\/www.vita-explorers.dk\/blog\/humanitaert-forloeb-som-sosu-medhjaelper-i-senegal\/"]}]},{"@type":"ImageObject","inLanguage":"da-DK","@id":"https:\/\/www.vita-explorers.dk\/blog\/humanitaert-forloeb-som-sosu-medhjaelper-i-senegal\/#primaryimage","url":"https:\/\/www.vita-explorers.dk\/blog\/wp-content\/uploads\/2018\/11\/Marina-Olivia-Verena-Audrey-en-stage-m\u00e9dical-au-S\u00e9n\u00e9gal-avec-GlobAlong-min.jpeg","contentUrl":"https:\/\/www.vita-explorers.dk\/blog\/wp-content\/uploads\/2018\/11\/Marina-Olivia-Verena-Audrey-en-stage-m\u00e9dical-au-S\u00e9n\u00e9gal-avec-GlobAlong-min.jpeg","width":4096,"height":2859,"caption":"Volontariat m\u00e9dical \u00e0 l'\u00e9tranger"},{"@type":"BreadcrumbList","@id":"https:\/\/www.vita-explorers.dk\/blog\/humanitaert-forloeb-som-sosu-medhjaelper-i-senegal\/#breadcrumb","itemListElement":[{"@type":"ListItem","position":1,"name":"Accueil","item":"https:\/\/www.vita-explorers.dk\/blog\/"},{"@type":"ListItem","position":2,"name":"Humanit\u00e6rt forl\u00f8b som social- og sundhedsassistent i Senegal"}]},{"@type":"WebSite","@id":"https:\/\/www.vita-explorers.dk\/blog\/#website","url":"https:\/\/www.vita-explorers.dk\/blog\/","name":"Association Globalong","description":"Frivilligt arbejde, sprogophold, praktik i udlandet og internationale oplevelser","publisher":{"@id":"https:\/\/www.vita-explorers.dk\/blog\/#organization"},"potentialAction":[{"@type":"SearchAction","target":{"@type":"EntryPoint","urlTemplate":"https:\/\/www.vita-explorers.dk\/blog\/?s={search_term_string}"},"query-input":{"@type":"PropertyValueSpecification","valueRequired":true,"valueName":"search_term_string"}}],"inLanguage":"da-DK"},{"@type":"Organization","@id":"https:\/\/www.vita-explorers.dk\/blog\/#organization","name":"Association Globalong","url":"https:\/\/www.vita-explorers.dk\/blog\/","logo":{"@type":"ImageObject","inLanguage":"da-DK","@id":"https:\/\/www.vita-explorers.dk\/blog\/#\/schema\/logo\/image\/","url":"https:\/\/www.globalong.com\/blog\/wp-content\/uploads\/2014\/11\/cropped-cropped-Logo-et-Afrique-Globalong-petite-taille-2.jpg","contentUrl":"https:\/\/www.globalong.com\/blog\/wp-content\/uploads\/2014\/11\/cropped-cropped-Logo-et-Afrique-Globalong-petite-taille-2.jpg","width":512,"height":512,"caption":"Association Globalong"},"image":{"@id":"https:\/\/www.vita-explorers.dk\/blog\/#\/schema\/logo\/image\/"},"sameAs":["https:\/\/www.facebook.com\/globalong"]},{"@type":"Person","@id":"https:\/\/www.vita-explorers.dk\/blog\/#\/schema\/person\/fc0343a2f2db2ebb2793c1f62dbe73f0","name":"VITA Tribe","image":{"@type":"ImageObject","inLanguage":"da-DK","@id":"https:\/\/www.vita-explorers.dk\/blog\/#\/schema\/person\/image\/","url":"https:\/\/secure.gravatar.com\/avatar\/f7f05026bb439d0c96b30e135e5f852c?s=96&d=mm&r=g","contentUrl":"https:\/\/secure.gravatar.com\/avatar\/f7f05026bb439d0c96b30e135e5f852c?s=96&d=mm&r=g","caption":"VITA Tribe"},"sameAs":["http:\/\/www.globalong.com"],"url":"https:\/\/www.vita-explorers.dk\/blog\/author\/teamglobalong\/"}]}},"_links":{"self":[{"href":"https:\/\/www.vita-explorers.dk\/blog\/wp-json\/wp\/v2\/posts\/21152"}],"collection":[{"href":"https:\/\/www.vita-explorers.dk\/blog\/wp-json\/wp\/v2\/posts"}],"about":[{"href":"https:\/\/www.vita-explorers.dk\/blog\/wp-json\/wp\/v2\/types\/post"}],"author":[{"embeddable":true,"href":"https:\/\/www.vita-explorers.dk\/blog\/wp-json\/wp\/v2\/users\/7"}],"replies":[{"embeddable":true,"href":"https:\/\/www.vita-explorers.dk\/blog\/wp-json\/wp\/v2\/comments?post=21152"}],"version-history":[{"count":3,"href":"https:\/\/www.vita-explorers.dk\/blog\/wp-json\/wp\/v2\/posts\/21152\/revisions"}],"predecessor-version":[{"id":21600,"href":"https:\/\/www.vita-explorers.dk\/blog\/wp-json\/wp\/v2\/posts\/21152\/revisions\/21600"}],"wp:featuredmedia":[{"embeddable":true,"href":"https:\/\/www.vita-explorers.dk\/blog\/wp-json\/wp\/v2\/media\/11905"}],"wp:attachment":[{"href":"https:\/\/www.vita-explorers.dk\/blog\/wp-json\/wp\/v2\/media?parent=21152"}],"wp:term":[{"taxonomy":"category","embeddable":true,"href":"https:\/\/www.vita-explorers.dk\/blog\/wp-json\/wp\/v2\/categories?post=21152"},{"taxonomy":"post_tag","embeddable":true,"href":"https:\/\/www.vita-explorers.dk\/blog\/wp-json\/wp\/v2\/tags?post=21152"}],"curies":[{"name":"wp","href":"https:\/\/api.w.org\/{rel}","templated":true}]}}