{"id":21200,"date":"2025-05-19T15:01:51","date_gmt":"2025-05-19T13:01:51","guid":{"rendered":"https:\/\/www.globalong.com\/blog\/?p=21200"},"modified":"2025-05-19T15:01:51","modified_gmt":"2025-05-19T13:01:51","slug":"forberedelse-foer-du-tager-afsted-paa-internationalt-forloeb","status":"publish","type":"post","link":"https:\/\/www.vita-explorers.dk\/blog\/forberedelse-foer-du-tager-afsted-paa-internationalt-forloeb\/","title":{"rendered":"Forberedelse f\u00f8r et humanit\u00e6rt ophold"},"content":{"rendered":"<header>\n<h1>Forberedelse f\u00f8r et humanit\u00e6rt ophold: Den komplette guide<\/h1>\n<\/header>\n<article><!-- Sommaire cliquable --><\/p>\n<section>\n<h2>Indhold<\/h2>\n<ul>\n<li><a href=\"#pourquoi-choisir-la-formation-avant-de-partir\">Hvorfor er forberedelse afg\u00f8rende for et vellykket humanit\u00e6rt ophold?<\/a><\/li>\n<li><a href=\"#impact-direct-sur-la-mission\">Den direkte betydning for opholdet<\/a><\/li>\n<li><a href=\"#securite-et-gestion-des-risques\">Sikkerhed og risikoh\u00e5ndtering p\u00e5 et humanit\u00e6rt ophold<\/a><\/li>\n<li><a href=\"#integration-culturelle\">Kulturel forst\u00e5else og respekt for lokale normer<\/a><\/li>\n<li><a href=\"#types-de-formation\">Typer af forberedelse f\u00f8r et humanit\u00e6rt ophold<\/a><\/li>\n<li><a href=\"#formation-globalong\">VITAs forberedelse: det skal du vide<\/a><\/li>\n<li><a href=\"#faq\">FAQ &#8211; Ofte stillede sp\u00f8rgsm\u00e5l<\/a><\/li>\n<li><a href=\"#conclusion\">Konklusion: S\u00e5dan forbereder du dig p\u00e5 et ansvarligt frivilligt arbejde<\/a><\/li>\n<\/ul>\n<\/section>\n<section>\n<h2 id=\"pourquoi-choisir-la-formation-avant-de-partir\">Hvorfor er forberedelse afg\u00f8rende for et vellykket humanit\u00e6rt ophold?<\/h2>\n<p style=\"text-align: justify;\">En <strong>grundig forberedelse f\u00f8r et humanit\u00e6rt ophold<\/strong> er vigtig for, at du er klar til de kulturelle, praktiske og f\u00f8lelsesm\u00e6ssige udfordringer, du kan m\u00f8de. Den hj\u00e6lper dig ikke kun med at bidrage mere hensigtsm\u00e6ssigt, men ogs\u00e5 med at finde dig til rette i en ny hverdag \u2013 samtidig med at der er fokus p\u00e5 din egen og andres sikkerhed. I denne artikel ser vi p\u00e5, hvorfor forberedelse er en central del af et ansvarligt ophold.<\/p>\n<h3 id=\"impact-direct-sur-la-mission\">Den direkte betydning for opholdet<\/h3>\n<p style=\"text-align: justify;\">Med den rette forberedelse kan du bidrage mere m\u00e5lrettet. Uanset om du skal indg\u00e5 i undervisning, sundhedsrelaterede indsatser eller st\u00f8tte til b\u00f8rn og unge, hj\u00e6lper forberedelsen dig med at forst\u00e5 projektets rammer og den lokale kontekst. Det giver bedre foruds\u00e6tninger for, at din indsats bliver meningsfuld og kan m\u00e6rkes i praksis.<\/p>\n<h3 id=\"securite-et-gestion-des-risques\"><strong>Sikkerhed og risikoh\u00e5ndtering p\u00e5 et humanit\u00e6rt ophold<\/strong><\/h3>\n<p style=\"text-align: justify;\">Sikkerhed b\u00f8r altid komme f\u00f8rst. Forberedelsen omfatter viden om lokale risici (klima, politiske forhold, sundhed), samt konkrete r\u00e5d til kriseh\u00e5ndtering og personlig sikkerhed under opholdet. Det er vigtigt at kende procedurer ved n\u00f8dsituationer og at have grundl\u00e6ggende f\u00f8rstehj\u00e6lpsviden.<\/p>\n<h3 id=\"integration-culturelle\"><strong>Kulturel forst\u00e5else og respekt for lokale normer<\/strong><\/h3>\n<p style=\"text-align: justify;\">Et <a href=\"https:\/\/www.vita-explorers.dk\/mission-humanitaire.html\" target=\"_blank\" rel=\"noopener\">humanit\u00e6rt ophold<\/a> handler ogs\u00e5 om kulturudveksling. Forberedelse til kultur og hverdagsnormer mindsker risikoen for misforst\u00e5elser og g\u00f8r det lettere at m\u00f8de mennesker med respekt. N\u00e5r du har indsigt i traditioner, v\u00e6rdier og lokale skikke, bliver det enklere at indg\u00e5 i samarbejdet og bidrage p\u00e5 en m\u00e5de, der giver mening i den konkrete kontekst.<\/p>\n<p><img loading=\"lazy\" decoding=\"async\" class=\"aligncenter wp-image-19980 size-medium\" src=\"https:\/\/www.vita-explorers.dk\/blog\/wp-content\/uploads\/2025\/01\/enseignement-vietnam-classe-300x225.jpg\" alt=\"Forberedelse til humanit\u00e6rt ophold\" width=\"300\" height=\"225\" srcset=\"https:\/\/www.vita-explorers.dk\/blog\/wp-content\/uploads\/2025\/01\/enseignement-vietnam-classe-300x225.jpg 300w, https:\/\/www.vita-explorers.dk\/blog\/wp-content\/uploads\/2025\/01\/enseignement-vietnam-classe-1024x768.jpg 1024w, https:\/\/www.vita-explorers.dk\/blog\/wp-content\/uploads\/2025\/01\/enseignement-vietnam-classe-768x576.jpg 768w, https:\/\/www.vita-explorers.dk\/blog\/wp-content\/uploads\/2025\/01\/enseignement-vietnam-classe-1536x1152.jpg 1536w, https:\/\/www.vita-explorers.dk\/blog\/wp-content\/uploads\/2025\/01\/enseignement-vietnam-classe-2048x1536.jpg 2048w\" sizes=\"(max-width: 300px) 100vw, 300px\" \/><\/p>\n<\/section>\n<section>\n<h2 id=\"types-de-formation\">Typer af forberedelse f\u00f8r et humanit\u00e6rt ophold<\/h2>\n<h3 id=\"formation-culturelle\"><strong>Kultur- og landekendskab<\/strong><\/h3>\n<p style=\"text-align: justify;\">Inden du rejser, er det en fordel at s\u00e6tte dig ind i lokale normer, sprog og de udfordringer, der kan pr\u00e6ge omr\u00e5det. Kulturforberedelse giver dig indsigt i vigtige forskelle i m\u00e5den at leve og arbejde p\u00e5 i et andet land. Du l\u00e6rer ogs\u00e5 at navigere respektfuldt i lokale traditioner, samtidig med at du bidrager p\u00e5 en ansvarlig m\u00e5de.<\/p>\n<h3 id=\"formation-securite\"><strong>Sikkerhed og f\u00f8rstehj\u00e6lp<\/strong><\/h3>\n<p style=\"text-align: justify;\">Sikkerhedstr\u00e6ning er s\u00e6rlig vigtig ved ophold i omr\u00e5der, hvor forholdene kan \u00e6ndre sig hurtigt. Det kan omfatte risikoh\u00e5ndtering (sygdom, naturkatastrofer, politiske sp\u00e6ndinger) og praktiske f\u00f8rstehj\u00e6lpsf\u00e6rdigheder. God forberedelse g\u00f8r dig bedre rustet til at reagere ved akutte situationer og til at passe p\u00e5 b\u00e5de dig selv og andre.<\/p>\n<h3 id=\"formation-administrative\"><strong>Praktisk og administrativ forberedelse<\/strong><\/h3>\n<p style=\"text-align: justify;\">Inden afrejse er det vigtigt at have styr p\u00e5 de praktiske rammer, fx visa, rejsedokumenter, <a href=\"https:\/\/www.vita-explorers.dk\/blog\/rejseforsikring-til-internationale-forloeb\/\" target=\"_blank\" rel=\"noopener\">forsikringer<\/a> og vaccinationer. N\u00e5r det administrative er afklaret i god tid, f\u00e5r du ro til at fokusere p\u00e5 opholdet og din rolle undervejs.<\/p>\n<\/section>\n<section>\n<h2 id=\"formation-globalong\">VITAs forberedelse: det skal du vide<\/h2>\n<p style=\"text-align: justify;\">Hos VITA prioriterer vi, at VITA Explorers f\u00e5r en <strong>grundig forberedelse f\u00f8r afrejse<\/strong>. Vores onlineforl\u00f8b d\u00e6kker centrale emner \u2013 fra kulturforst\u00e5else til risikoh\u00e5ndtering \u2013 og du kan l\u00f8bende f\u00e5 svar p\u00e5 sp\u00f8rgsm\u00e5l, s\u00e5 du f\u00f8ler dig tryg og godt kl\u00e6dt p\u00e5 til dit internationale forl\u00f8b.<\/p>\n<h3 id=\"formation-en-ligne\"><strong>Online forberedelse med interaktive moduler<\/strong><\/h3>\n<p style=\"text-align: justify;\">Vores onlineforberedelse indeholder moduler om kulturforst\u00e5else, h\u00e5ndtering af n\u00f8dsituationer og grundprincipper i ansvarligt frivilligt arbejde. Modulerne er bygget op, s\u00e5 du kan oms\u00e6tte viden til praksis og f\u00e5 overblik over det, der er vigtigt inden afrejse.<\/p>\n<h3 id=\"accompagnement-local\"><strong>St\u00f8tte under opholdet<\/strong><\/h3>\n<p style=\"text-align: justify;\">N\u00e5r du er ankommet, f\u00e5r du st\u00f8tte fra teamet p\u00e5 stedet, som hj\u00e6lper dig med at finde dig til rette i hverdagen og i din rolle. Du kan stille sp\u00f8rgsm\u00e5l undervejs og f\u00e5 sparring, der passer til de konkrete situationer, du m\u00f8der.<\/p>\n<h3 id=\"kit-de-preparation\"><strong>Personlig forberedelsespakke<\/strong><\/h3>\n<p style=\"text-align: justify;\">F\u00f8r afrejse f\u00e5r du praktisk information om dit ophold, sikkerhedsguides og en tjekliste over n\u00f8dvendige dokumenter. Det giver et godt overblik og g\u00f8r det lettere at tage afsted med ro i maven.<\/p>\n<p><img loading=\"lazy\" decoding=\"async\" class=\"aligncenter wp-image-19344 size-medium\" src=\"https:\/\/www.vita-explorers.dk\/blog\/wp-content\/uploads\/2024\/11\/15557344472_5bd683d2ce-300x200.jpg\" alt=\"Forberedelse til frivilligt arbejde i udlandet\" width=\"300\" height=\"200\" srcset=\"https:\/\/www.vita-explorers.dk\/blog\/wp-content\/uploads\/2024\/11\/15557344472_5bd683d2ce-300x200.jpg 300w, https:\/\/www.vita-explorers.dk\/blog\/wp-content\/uploads\/2024\/11\/15557344472_5bd683d2ce.jpg 499w\" sizes=\"(max-width: 300px) 100vw, 300px\" \/><\/p>\n<\/section>\n<section>\n<h2 id=\"faq\">FAQ &#8211; Ofte stillede sp\u00f8rgsm\u00e5l<\/h2>\n<h3 id=\"comment-postuler\"><strong>Hvordan ans\u00f8ger jeg om et humanit\u00e6rt ophold?<\/strong><\/h3>\n<p>Du kan <a href=\"https:\/\/www.vita-explorers.dk\/mission-humanitaire.html#tel-contact-form-glob\" target=\"_blank\" rel=\"noopener\">ans\u00f8ge direkte via vores hjemmeside<\/a> ved at udfylde en ans\u00f8gningsformular. N\u00e5r din ans\u00f8gning er godkendt, guider vi dig gennem forberedelse og de n\u00e6ste trin.<\/p>\n<h3 id=\"ai-je-besoin-de-qualifications\"><strong>Skal jeg have s\u00e6rlige kvalifikationer?<\/strong><\/h3>\n<p style=\"text-align: justify;\">Det afh\u00e6nger af projektet. Nogle forl\u00f8b kr\u00e6ver specifikke kompetencer, fx inden for sundhed eller undervisning, mens andre er \u00e5bne for dig, der er motiveret, ansvarsbevidst og klar til at engagere dig.<\/p>\n<h3 id=\"combien-de-temps-dure-une-mission\"><strong>Hvor l\u00e6nge varer et humanit\u00e6rt ophold?<\/strong><\/h3>\n<p style=\"text-align: justify;\">Ophold kan vare fra 2 uger til 6 m\u00e5neder, afh\u00e6ngigt af din tid og projektets behov. Vi hj\u00e6lper dig med at finde et forl\u00f8b, der matcher dine forventninger og din kalender.<\/p>\n<h3 id=\"couts-de-la-mission\"><strong>Hvilke omkostninger er der forbundet med oplevelsen?<\/strong><\/h3>\n<p style=\"text-align: justify;\">Omkostningerne varierer afh\u00e6ngigt af projekt og land. De d\u00e6kker typisk indkvartering, m\u00e5ltider og i nogle tilf\u00e6lde lokal transport.<\/p>\n<p><img loading=\"lazy\" decoding=\"async\" class=\"aligncenter wp-image-18965 size-medium\" src=\"https:\/\/www.vita-explorers.dk\/blog\/wp-content\/uploads\/2014\/11\/cropped-cropped-Logo-et-Afrique-Globalong-petite-taille-2-300x300.jpg\" alt=\"Forberedelse f\u00f8r humanit\u00e6rt ophold\" width=\"300\" height=\"300\" srcset=\"https:\/\/www.vita-explorers.dk\/blog\/wp-content\/uploads\/2014\/11\/cropped-cropped-Logo-et-Afrique-Globalong-petite-taille-2-300x300.jpg 300w, https:\/\/www.vita-explorers.dk\/blog\/wp-content\/uploads\/2014\/11\/cropped-cropped-Logo-et-Afrique-Globalong-petite-taille-2-150x150.jpg 150w, https:\/\/www.vita-explorers.dk\/blog\/wp-content\/uploads\/2014\/11\/cropped-cropped-Logo-et-Afrique-Globalong-petite-taille-2-270x270.jpg 270w, https:\/\/www.vita-explorers.dk\/blog\/wp-content\/uploads\/2014\/11\/cropped-cropped-Logo-et-Afrique-Globalong-petite-taille-2-192x192.jpg 192w, https:\/\/www.vita-explorers.dk\/blog\/wp-content\/uploads\/2014\/11\/cropped-cropped-Logo-et-Afrique-Globalong-petite-taille-2-180x180.jpg 180w, https:\/\/www.vita-explorers.dk\/blog\/wp-content\/uploads\/2014\/11\/cropped-cropped-Logo-et-Afrique-Globalong-petite-taille-2-32x32.jpg 32w, https:\/\/www.vita-explorers.dk\/blog\/wp-content\/uploads\/2014\/11\/cropped-cropped-Logo-et-Afrique-Globalong-petite-taille-2.jpg 512w\" sizes=\"(max-width: 300px) 100vw, 300px\" \/><\/p>\n<\/section>\n<section>\n<h2 id=\"conclusion\">Konklusion: S\u00e5dan forbereder du dig p\u00e5 et ansvarligt frivilligt arbejde<\/h2>\n<p style=\"text-align: justify;\">Forberedelse f\u00f8r et humanit\u00e6rt ophold er afg\u00f8rende for, at du kan trives og bidrage p\u00e5 en ansvarlig m\u00e5de. Med den rette tr\u00e6ning og praktiske afklaringer er du bedre rustet til at h\u00e5ndtere udfordringer og indg\u00e5 respektfuldt i den lokale hverdag. VITA f\u00f8lger dig hele vejen \u2013 fra valg af forl\u00f8b til du er hjemme igen.<\/p>\n<\/section>\n<footer><strong>Klar til at komme i gang?<\/strong> <a href=\"\/inscription\">Tilmeld dig nu<\/a> et af vores internationale frivilligforl\u00f8b og g\u00f8r dig klar til en oplevelse med faglighed, kulturudveksling og nye perspektiver.<\/footer>\n<\/article>\n<p>\u00a0<\/p>\n<p>\u00a0<\/p>\n","protected":false},"excerpt":{"rendered":"<p>Forberedelse f\u00f8r et humanit\u00e6rt ophold: Den komplette guide Indhold Hvorfor er forberedelse afg\u00f8rende for et vellykket humanit\u00e6rt ophold? Den direkte betydning for opholdet Sikkerhed\u2026<\/p>\n","protected":false},"author":7,"featured_media":15972,"comment_status":"open","ping_status":"open","sticky":false,"template":"","format":"standard","meta":{"footnotes":""},"categories":[1,6,4],"tags":[],"yoast_head":"<!-- This site is optimized with the Yoast SEO Premium plugin v23.4 (Yoast SEO v23.4) - https:\/\/yoast.com\/wordpress\/plugins\/seo\/ -->\n<title>Forberedelse f\u00f8r et humanit\u00e6rt ophold: Komplet guide - VITA Explorers Blog<\/title>\n<meta name=\"description\" content=\"D\u00e9couvrez l&#039;importance de la formation avant de partir en mission humanitaire en 2025\/26 pour garantir votre s\u00e9curit\u00e9 et votre efficacit\u00e9.\" \/>\n<meta name=\"robots\" content=\"index, follow, max-snippet:-1, max-image-preview:large, max-video-preview:-1\" \/>\n<link rel=\"canonical\" href=\"https:\/\/www.vita-explorers.dk\/blog\/forberedelse-foer-du-tager-afsted-paa-internationalt-forloeb\/\" \/>\n<meta property=\"og:locale\" content=\"da_DK\" \/>\n<meta property=\"og:type\" content=\"article\" \/>\n<meta property=\"og:title\" content=\"Forberedelse f\u00f8r et humanit\u00e6rt ophold\" \/>\n<meta property=\"og:description\" content=\"D\u00e9couvrez l&#039;importance de la formation avant de partir en mission humanitaire en 2025\/26 pour garantir votre s\u00e9curit\u00e9 et votre efficacit\u00e9.\" \/>\n<meta property=\"og:url\" content=\"https:\/\/www.vita-explorers.dk\/blog\/forberedelse-foer-du-tager-afsted-paa-internationalt-forloeb\/\" \/>\n<meta property=\"og:site_name\" content=\"VITA Explorers Blog\" \/>\n<meta property=\"article:publisher\" content=\"https:\/\/www.facebook.com\/globalong\" \/>\n<meta property=\"article:published_time\" content=\"2025-05-19T13:01:51+00:00\" \/>\n<meta property=\"og:image\" content=\"https:\/\/www.vita-explorers.dk\/blog\/wp-content\/uploads\/2024\/01\/Les-questions-a-se-poser-avant-de-candidater-a-une-mission-humanitaire-.png\" \/>\n\t<meta property=\"og:image:width\" content=\"1260\" \/>\n\t<meta property=\"og:image:height\" content=\"936\" \/>\n\t<meta property=\"og:image:type\" content=\"image\/png\" \/>\n<meta name=\"author\" content=\"VITA Tribe\" \/>\n<meta name=\"twitter:card\" content=\"summary_large_image\" \/>\n<meta name=\"twitter:label1\" content=\"Skrevet af\" \/>\n\t<meta name=\"twitter:data1\" content=\"VITA Tribe\" \/>\n\t<meta name=\"twitter:label2\" content=\"Estimeret l\u00e6setid\" \/>\n\t<meta name=\"twitter:data2\" content=\"6 minutter\" \/>\n<script type=\"application\/ld+json\" class=\"yoast-schema-graph\">{\"@context\":\"https:\/\/schema.org\",\"@graph\":[{\"@type\":\"Article\",\"@id\":\"https:\/\/www.vita-explorers.dk\/blog\/forberedelse-foer-du-tager-afsted-paa-internationalt-forloeb\/#article\",\"isPartOf\":{\"@id\":\"https:\/\/www.vita-explorers.dk\/blog\/forberedelse-foer-du-tager-afsted-paa-internationalt-forloeb\/\"},\"author\":{\"name\":\"VITA Tribe\",\"@id\":\"https:\/\/www.vita-explorers.dk\/blog\/#\/schema\/person\/fc0343a2f2db2ebb2793c1f62dbe73f0\"},\"headline\":\"Forberedelse f\u00f8r et humanit\u00e6rt ophold\",\"datePublished\":\"2025-05-19T13:01:51+00:00\",\"dateModified\":\"2025-05-19T13:01:51+00:00\",\"mainEntityOfPage\":{\"@id\":\"https:\/\/www.vita-explorers.dk\/blog\/forberedelse-foer-du-tager-afsted-paa-internationalt-forloeb\/\"},\"wordCount\":1000,\"commentCount\":0,\"publisher\":{\"@id\":\"https:\/\/www.vita-explorers.dk\/blog\/#organization\"},\"image\":{\"@id\":\"https:\/\/www.vita-explorers.dk\/blog\/forberedelse-foer-du-tager-afsted-paa-internationalt-forloeb\/#primaryimage\"},\"thumbnailUrl\":\"https:\/\/www.vita-explorers.dk\/blog\/wp-content\/uploads\/2024\/01\/Les-questions-a-se-poser-avant-de-candidater-a-une-mission-humanitaire-.png\",\"articleSection\":[\"No Name\",\"Nyheder\",\"VITA Explorers\"],\"inLanguage\":\"da-DK\",\"potentialAction\":[{\"@type\":\"CommentAction\",\"name\":\"Comment\",\"target\":[\"https:\/\/www.vita-explorers.dk\/blog\/forberedelse-foer-du-tager-afsted-paa-internationalt-forloeb\/#respond\"]}]},{\"@type\":\"WebPage\",\"@id\":\"https:\/\/www.vita-explorers.dk\/blog\/forberedelse-foer-du-tager-afsted-paa-internationalt-forloeb\/\",\"url\":\"https:\/\/www.vita-explorers.dk\/blog\/forberedelse-foer-du-tager-afsted-paa-internationalt-forloeb\/\",\"name\":\"Forberedelse f\u00f8r et humanit\u00e6rt ophold: Komplet guide - VITA Explorers Blog\",\"isPartOf\":{\"@id\":\"https:\/\/www.vita-explorers.dk\/blog\/#website\"},\"primaryImageOfPage\":{\"@id\":\"https:\/\/www.vita-explorers.dk\/blog\/forberedelse-foer-du-tager-afsted-paa-internationalt-forloeb\/#primaryimage\"},\"image\":{\"@id\":\"https:\/\/www.vita-explorers.dk\/blog\/forberedelse-foer-du-tager-afsted-paa-internationalt-forloeb\/#primaryimage\"},\"thumbnailUrl\":\"https:\/\/www.vita-explorers.dk\/blog\/wp-content\/uploads\/2024\/01\/Les-questions-a-se-poser-avant-de-candidater-a-une-mission-humanitaire-.png\",\"datePublished\":\"2025-05-19T13:01:51+00:00\",\"dateModified\":\"2025-05-19T13:01:51+00:00\",\"description\":\"D\u00e9couvrez l'importance de la formation avant de partir en mission humanitaire en 2025\/26 pour garantir votre s\u00e9curit\u00e9 et votre efficacit\u00e9.\",\"breadcrumb\":{\"@id\":\"https:\/\/www.vita-explorers.dk\/blog\/forberedelse-foer-du-tager-afsted-paa-internationalt-forloeb\/#breadcrumb\"},\"inLanguage\":\"da-DK\",\"potentialAction\":[{\"@type\":\"ReadAction\",\"target\":[\"https:\/\/www.vita-explorers.dk\/blog\/forberedelse-foer-du-tager-afsted-paa-internationalt-forloeb\/\"]}]},{\"@type\":\"ImageObject\",\"inLanguage\":\"da-DK\",\"@id\":\"https:\/\/www.vita-explorers.dk\/blog\/forberedelse-foer-du-tager-afsted-paa-internationalt-forloeb\/#primaryimage\",\"url\":\"https:\/\/www.vita-explorers.dk\/blog\/wp-content\/uploads\/2024\/01\/Les-questions-a-se-poser-avant-de-candidater-a-une-mission-humanitaire-.png\",\"contentUrl\":\"https:\/\/www.vita-explorers.dk\/blog\/wp-content\/uploads\/2024\/01\/Les-questions-a-se-poser-avant-de-candidater-a-une-mission-humanitaire-.png\",\"width\":1260,\"height\":936,\"caption\":\"faire du b\u00e9n\u00e9volat \u00e0 l'\u00e9tranger\"},{\"@type\":\"BreadcrumbList\",\"@id\":\"https:\/\/www.vita-explorers.dk\/blog\/forberedelse-foer-du-tager-afsted-paa-internationalt-forloeb\/#breadcrumb\",\"itemListElement\":[{\"@type\":\"ListItem\",\"position\":1,\"name\":\"Accueil\",\"item\":\"https:\/\/www.vita-explorers.dk\/blog\/\"},{\"@type\":\"ListItem\",\"position\":2,\"name\":\"Forberedelse f\u00f8r et humanit\u00e6rt ophold\"}]},{\"@type\":\"WebSite\",\"@id\":\"https:\/\/www.vita-explorers.dk\/blog\/#website\",\"url\":\"https:\/\/www.vita-explorers.dk\/blog\/\",\"name\":\"Association Globalong\",\"description\":\"Frivilligt arbejde, sprogophold, praktik i udlandet og internationale oplevelser\",\"publisher\":{\"@id\":\"https:\/\/www.vita-explorers.dk\/blog\/#organization\"},\"potentialAction\":[{\"@type\":\"SearchAction\",\"target\":{\"@type\":\"EntryPoint\",\"urlTemplate\":\"https:\/\/www.vita-explorers.dk\/blog\/?s={search_term_string}\"},\"query-input\":{\"@type\":\"PropertyValueSpecification\",\"valueRequired\":true,\"valueName\":\"search_term_string\"}}],\"inLanguage\":\"da-DK\"},{\"@type\":\"Organization\",\"@id\":\"https:\/\/www.vita-explorers.dk\/blog\/#organization\",\"name\":\"Association Globalong\",\"url\":\"https:\/\/www.vita-explorers.dk\/blog\/\",\"logo\":{\"@type\":\"ImageObject\",\"inLanguage\":\"da-DK\",\"@id\":\"https:\/\/www.vita-explorers.dk\/blog\/#\/schema\/logo\/image\/\",\"url\":\"https:\/\/www.globalong.com\/blog\/wp-content\/uploads\/2014\/11\/cropped-cropped-Logo-et-Afrique-Globalong-petite-taille-2.jpg\",\"contentUrl\":\"https:\/\/www.globalong.com\/blog\/wp-content\/uploads\/2014\/11\/cropped-cropped-Logo-et-Afrique-Globalong-petite-taille-2.jpg\",\"width\":512,\"height\":512,\"caption\":\"Association Globalong\"},\"image\":{\"@id\":\"https:\/\/www.vita-explorers.dk\/blog\/#\/schema\/logo\/image\/\"},\"sameAs\":[\"https:\/\/www.facebook.com\/globalong\"]},{\"@type\":\"Person\",\"@id\":\"https:\/\/www.vita-explorers.dk\/blog\/#\/schema\/person\/fc0343a2f2db2ebb2793c1f62dbe73f0\",\"name\":\"VITA Tribe\",\"image\":{\"@type\":\"ImageObject\",\"inLanguage\":\"da-DK\",\"@id\":\"https:\/\/www.vita-explorers.dk\/blog\/#\/schema\/person\/image\/\",\"url\":\"https:\/\/secure.gravatar.com\/avatar\/f7f05026bb439d0c96b30e135e5f852c?s=96&d=mm&r=g\",\"contentUrl\":\"https:\/\/secure.gravatar.com\/avatar\/f7f05026bb439d0c96b30e135e5f852c?s=96&d=mm&r=g\",\"caption\":\"VITA Tribe\"},\"sameAs\":[\"http:\/\/www.globalong.com\"],\"url\":\"https:\/\/www.vita-explorers.dk\/blog\/author\/teamglobalong\/\"}]}<\/script>\n<!-- \/ Yoast SEO Premium plugin. -->","yoast_head_json":{"title":"Forberedelse f\u00f8r et humanit\u00e6rt ophold: Komplet guide - VITA Explorers Blog","description":"D\u00e9couvrez l'importance de la formation avant de partir en mission humanitaire en 2025\/26 pour garantir votre s\u00e9curit\u00e9 et votre efficacit\u00e9.","robots":{"index":"index","follow":"follow","max-snippet":"max-snippet:-1","max-image-preview":"max-image-preview:large","max-video-preview":"max-video-preview:-1"},"canonical":"https:\/\/www.vita-explorers.dk\/blog\/forberedelse-foer-du-tager-afsted-paa-internationalt-forloeb\/","og_locale":"da_DK","og_type":"article","og_title":"Forberedelse f\u00f8r et humanit\u00e6rt ophold","og_description":"D\u00e9couvrez l'importance de la formation avant de partir en mission humanitaire en 2025\/26 pour garantir votre s\u00e9curit\u00e9 et votre efficacit\u00e9.","og_url":"https:\/\/www.vita-explorers.dk\/blog\/forberedelse-foer-du-tager-afsted-paa-internationalt-forloeb\/","og_site_name":"VITA Explorers Blog","article_publisher":"https:\/\/www.facebook.com\/globalong","article_published_time":"2025-05-19T13:01:51+00:00","og_image":[{"width":1260,"height":936,"url":"https:\/\/www.vita-explorers.dk\/blog\/wp-content\/uploads\/2024\/01\/Les-questions-a-se-poser-avant-de-candidater-a-une-mission-humanitaire-.png","type":"image\/png"}],"author":"VITA Tribe","twitter_card":"summary_large_image","twitter_misc":{"Skrevet af":"VITA Tribe","Estimeret l\u00e6setid":"6 minutter"},"schema":{"@context":"https:\/\/schema.org","@graph":[{"@type":"Article","@id":"https:\/\/www.vita-explorers.dk\/blog\/forberedelse-foer-du-tager-afsted-paa-internationalt-forloeb\/#article","isPartOf":{"@id":"https:\/\/www.vita-explorers.dk\/blog\/forberedelse-foer-du-tager-afsted-paa-internationalt-forloeb\/"},"author":{"name":"VITA Tribe","@id":"https:\/\/www.vita-explorers.dk\/blog\/#\/schema\/person\/fc0343a2f2db2ebb2793c1f62dbe73f0"},"headline":"Forberedelse f\u00f8r et humanit\u00e6rt ophold","datePublished":"2025-05-19T13:01:51+00:00","dateModified":"2025-05-19T13:01:51+00:00","mainEntityOfPage":{"@id":"https:\/\/www.vita-explorers.dk\/blog\/forberedelse-foer-du-tager-afsted-paa-internationalt-forloeb\/"},"wordCount":1000,"commentCount":0,"publisher":{"@id":"https:\/\/www.vita-explorers.dk\/blog\/#organization"},"image":{"@id":"https:\/\/www.vita-explorers.dk\/blog\/forberedelse-foer-du-tager-afsted-paa-internationalt-forloeb\/#primaryimage"},"thumbnailUrl":"https:\/\/www.vita-explorers.dk\/blog\/wp-content\/uploads\/2024\/01\/Les-questions-a-se-poser-avant-de-candidater-a-une-mission-humanitaire-.png","articleSection":["No Name","Nyheder","VITA Explorers"],"inLanguage":"da-DK","potentialAction":[{"@type":"CommentAction","name":"Comment","target":["https:\/\/www.vita-explorers.dk\/blog\/forberedelse-foer-du-tager-afsted-paa-internationalt-forloeb\/#respond"]}]},{"@type":"WebPage","@id":"https:\/\/www.vita-explorers.dk\/blog\/forberedelse-foer-du-tager-afsted-paa-internationalt-forloeb\/","url":"https:\/\/www.vita-explorers.dk\/blog\/forberedelse-foer-du-tager-afsted-paa-internationalt-forloeb\/","name":"Forberedelse f\u00f8r et humanit\u00e6rt ophold: Komplet guide - VITA Explorers Blog","isPartOf":{"@id":"https:\/\/www.vita-explorers.dk\/blog\/#website"},"primaryImageOfPage":{"@id":"https:\/\/www.vita-explorers.dk\/blog\/forberedelse-foer-du-tager-afsted-paa-internationalt-forloeb\/#primaryimage"},"image":{"@id":"https:\/\/www.vita-explorers.dk\/blog\/forberedelse-foer-du-tager-afsted-paa-internationalt-forloeb\/#primaryimage"},"thumbnailUrl":"https:\/\/www.vita-explorers.dk\/blog\/wp-content\/uploads\/2024\/01\/Les-questions-a-se-poser-avant-de-candidater-a-une-mission-humanitaire-.png","datePublished":"2025-05-19T13:01:51+00:00","dateModified":"2025-05-19T13:01:51+00:00","description":"D\u00e9couvrez l'importance de la formation avant de partir en mission humanitaire en 2025\/26 pour garantir votre s\u00e9curit\u00e9 et votre efficacit\u00e9.","breadcrumb":{"@id":"https:\/\/www.vita-explorers.dk\/blog\/forberedelse-foer-du-tager-afsted-paa-internationalt-forloeb\/#breadcrumb"},"inLanguage":"da-DK","potentialAction":[{"@type":"ReadAction","target":["https:\/\/www.vita-explorers.dk\/blog\/forberedelse-foer-du-tager-afsted-paa-internationalt-forloeb\/"]}]},{"@type":"ImageObject","inLanguage":"da-DK","@id":"https:\/\/www.vita-explorers.dk\/blog\/forberedelse-foer-du-tager-afsted-paa-internationalt-forloeb\/#primaryimage","url":"https:\/\/www.vita-explorers.dk\/blog\/wp-content\/uploads\/2024\/01\/Les-questions-a-se-poser-avant-de-candidater-a-une-mission-humanitaire-.png","contentUrl":"https:\/\/www.vita-explorers.dk\/blog\/wp-content\/uploads\/2024\/01\/Les-questions-a-se-poser-avant-de-candidater-a-une-mission-humanitaire-.png","width":1260,"height":936,"caption":"faire du b\u00e9n\u00e9volat \u00e0 l'\u00e9tranger"},{"@type":"BreadcrumbList","@id":"https:\/\/www.vita-explorers.dk\/blog\/forberedelse-foer-du-tager-afsted-paa-internationalt-forloeb\/#breadcrumb","itemListElement":[{"@type":"ListItem","position":1,"name":"Accueil","item":"https:\/\/www.vita-explorers.dk\/blog\/"},{"@type":"ListItem","position":2,"name":"Forberedelse f\u00f8r et humanit\u00e6rt ophold"}]},{"@type":"WebSite","@id":"https:\/\/www.vita-explorers.dk\/blog\/#website","url":"https:\/\/www.vita-explorers.dk\/blog\/","name":"Association Globalong","description":"Frivilligt arbejde, sprogophold, praktik i udlandet og internationale oplevelser","publisher":{"@id":"https:\/\/www.vita-explorers.dk\/blog\/#organization"},"potentialAction":[{"@type":"SearchAction","target":{"@type":"EntryPoint","urlTemplate":"https:\/\/www.vita-explorers.dk\/blog\/?s={search_term_string}"},"query-input":{"@type":"PropertyValueSpecification","valueRequired":true,"valueName":"search_term_string"}}],"inLanguage":"da-DK"},{"@type":"Organization","@id":"https:\/\/www.vita-explorers.dk\/blog\/#organization","name":"Association Globalong","url":"https:\/\/www.vita-explorers.dk\/blog\/","logo":{"@type":"ImageObject","inLanguage":"da-DK","@id":"https:\/\/www.vita-explorers.dk\/blog\/#\/schema\/logo\/image\/","url":"https:\/\/www.globalong.com\/blog\/wp-content\/uploads\/2014\/11\/cropped-cropped-Logo-et-Afrique-Globalong-petite-taille-2.jpg","contentUrl":"https:\/\/www.globalong.com\/blog\/wp-content\/uploads\/2014\/11\/cropped-cropped-Logo-et-Afrique-Globalong-petite-taille-2.jpg","width":512,"height":512,"caption":"Association Globalong"},"image":{"@id":"https:\/\/www.vita-explorers.dk\/blog\/#\/schema\/logo\/image\/"},"sameAs":["https:\/\/www.facebook.com\/globalong"]},{"@type":"Person","@id":"https:\/\/www.vita-explorers.dk\/blog\/#\/schema\/person\/fc0343a2f2db2ebb2793c1f62dbe73f0","name":"VITA Tribe","image":{"@type":"ImageObject","inLanguage":"da-DK","@id":"https:\/\/www.vita-explorers.dk\/blog\/#\/schema\/person\/image\/","url":"https:\/\/secure.gravatar.com\/avatar\/f7f05026bb439d0c96b30e135e5f852c?s=96&d=mm&r=g","contentUrl":"https:\/\/secure.gravatar.com\/avatar\/f7f05026bb439d0c96b30e135e5f852c?s=96&d=mm&r=g","caption":"VITA Tribe"},"sameAs":["http:\/\/www.globalong.com"],"url":"https:\/\/www.vita-explorers.dk\/blog\/author\/teamglobalong\/"}]}},"_links":{"self":[{"href":"https:\/\/www.vita-explorers.dk\/blog\/wp-json\/wp\/v2\/posts\/21200"}],"collection":[{"href":"https:\/\/www.vita-explorers.dk\/blog\/wp-json\/wp\/v2\/posts"}],"about":[{"href":"https:\/\/www.vita-explorers.dk\/blog\/wp-json\/wp\/v2\/types\/post"}],"author":[{"embeddable":true,"href":"https:\/\/www.vita-explorers.dk\/blog\/wp-json\/wp\/v2\/users\/7"}],"replies":[{"embeddable":true,"href":"https:\/\/www.vita-explorers.dk\/blog\/wp-json\/wp\/v2\/comments?post=21200"}],"version-history":[{"count":2,"href":"https:\/\/www.vita-explorers.dk\/blog\/wp-json\/wp\/v2\/posts\/21200\/revisions"}],"predecessor-version":[{"id":21572,"href":"https:\/\/www.vita-explorers.dk\/blog\/wp-json\/wp\/v2\/posts\/21200\/revisions\/21572"}],"wp:featuredmedia":[{"embeddable":true,"href":"https:\/\/www.vita-explorers.dk\/blog\/wp-json\/wp\/v2\/media\/15972"}],"wp:attachment":[{"href":"https:\/\/www.vita-explorers.dk\/blog\/wp-json\/wp\/v2\/media?parent=21200"}],"wp:term":[{"taxonomy":"category","embeddable":true,"href":"https:\/\/www.vita-explorers.dk\/blog\/wp-json\/wp\/v2\/categories?post=21200"},{"taxonomy":"post_tag","embeddable":true,"href":"https:\/\/www.vita-explorers.dk\/blog\/wp-json\/wp\/v2\/tags?post=21200"}],"curies":[{"name":"wp","href":"https:\/\/api.w.org\/{rel}","templated":true}]}}