{"id":21237,"date":"2025-05-29T06:56:32","date_gmt":"2025-05-29T04:56:32","guid":{"rendered":"https:\/\/www.globalong.com\/blog\/?p=21237"},"modified":"2025-11-12T16:25:12","modified_gmt":"2025-11-12T15:25:12","slug":"tage-paa-humanitaert-ophold-i-afrika","status":"publish","type":"post","link":"https:\/\/www.vita-explorers.dk\/blog\/tage-paa-humanitaert-ophold-i-afrika\/","title":{"rendered":"Tag p\u00e5 et humanit\u00e6rt ophold i Afrika"},"content":{"rendered":"<header>\n<h1>Frivilligt arbejde i Afrika: En komplet guide til dig, der vil afsted<\/h1>\n<p><iframe loading=\"lazy\" title=\"Stage infirmier en Tanzanie avec l&#039;association Globalong\" width=\"500\" height=\"281\" src=\"https:\/\/www.youtube.com\/embed\/H_AgGbuHtOc?feature=oembed\" frameborder=\"0\" allow=\"accelerometer; autoplay; clipboard-write; encrypted-media; gyroscope; picture-in-picture; web-share\" referrerpolicy=\"strict-origin-when-cross-origin\" allowfullscreen><\/iframe><\/p>\n<\/header>\n<article>\n<section>\n<h2>Indhold<\/h2>\n<ul>\n<li><a href=\"#introduction\">Introduktion: Hvorfor tage afsted p\u00e5 et humanit\u00e6rt ophold i Afrika?<\/a><\/li>\n<li><a href=\"#choisir-lorganisation\">V\u00e6lg den rigtige organisation til et ophold i Afrika<\/a><\/li>\n<li><a href=\"#preparation\">Forberedelse f\u00f8r afrejse: Forberedelse, tr\u00e6ning og n\u00f8dvendige dokumenter<\/a><\/li>\n<li><a href=\"#aspects-financiers\">\u00d8konomi: Hvad koster et ophold, og hvordan kan det finansieres?<\/a><\/li>\n<li><a href=\"#vivre-lexperience\">P\u00e5 stedet: udfordringer og muligheder<\/a><\/li>\n<li><a href=\"#conclusion\">Konklusion: Hvilken forskel kan frivilligt arbejde i Afrika g\u00f8re?<\/a><\/li>\n<\/ul>\n<\/section>\n<section id=\"introduction\">\n<h2>Introduktion: Hvorfor tage afsted p\u00e5 et humanit\u00e6rt ophold i Afrika?<\/h2>\n<p style=\"text-align: justify;\">At tage afsted p\u00e5 et <strong>humanit\u00e6rt ophold<\/strong> <strong>i Afrika<\/strong> kan v\u00e6re en meget l\u00e6rerig oplevelse \u2013 b\u00e5de fagligt og menneskeligt. Kontinentet rummer stor kulturel mangfoldighed og vidt forskellige lokale behov. Uanset om du engagerer dig i uddannelse, sundhed, landbrug, milj\u00f8indsatser eller st\u00f8tte til mennesker p\u00e5 flugt, findes der forl\u00f8b, hvor du kan bidrage meningsfuldt og samtidig opleve kulturudveksling p\u00e5 t\u00e6t hold.<\/p>\n<h3><strong>Hvorfor Afrika?<\/strong><\/h3>\n<p style=\"text-align: justify;\">I mange omr\u00e5der er behovet for st\u00f8tte fortsat stort. Sociale uligheder, begr\u00e6nset adgang til skolegang, vedvarende fattigdom og sundhedsm\u00e6ssige udfordringer p\u00e5virker hverdagen for mange familier. Derfor arbejder mange organisationer med langsigtede indsatser i forskellige afrikanske lande \u2013 ofte i dialog med lokale teams.<\/p>\n<p style=\"text-align: justify;\">At deltage i et <a href=\"https:\/\/www.vita-explorers.dk\/blog\/hvor-kan-man-lave-frivilligt-arbejde-i-afrika\/\" target=\"_blank\" rel=\"noopener\">humanit\u00e6rt ophold i Afrika<\/a> handler ikke kun om at hj\u00e6lpe, men ogs\u00e5 om at l\u00e6re: at forst\u00e5 andre perspektiver, udvikle nye kompetencer og bidrage til ansvarlige ophold, hvor indsatsen giver mening i den lokale hverdag.<\/p>\n<p><img loading=\"lazy\" decoding=\"async\" class=\"aligncenter wp-image-11782 size-medium\" src=\"https:\/\/www.vita-explorers.dk\/blog\/wp-content\/uploads\/2018\/10\/Arriv\u00e9e-des-b\u00e9n\u00e9voles-Globalong-afrique-min-300x225.jpg\" alt=\"Humanit\u00e6rt ophold i Afrika\" width=\"300\" height=\"225\" srcset=\"https:\/\/www.vita-explorers.dk\/blog\/wp-content\/uploads\/2018\/10\/Arriv\u00e9e-des-b\u00e9n\u00e9voles-Globalong-afrique-min-300x225.jpg 300w, https:\/\/www.vita-explorers.dk\/blog\/wp-content\/uploads\/2018\/10\/Arriv\u00e9e-des-b\u00e9n\u00e9voles-Globalong-afrique-min-768x576.jpg 768w, https:\/\/www.vita-explorers.dk\/blog\/wp-content\/uploads\/2018\/10\/Arriv\u00e9e-des-b\u00e9n\u00e9voles-Globalong-afrique-min-150x113.jpg 150w, https:\/\/www.vita-explorers.dk\/blog\/wp-content\/uploads\/2018\/10\/Arriv\u00e9e-des-b\u00e9n\u00e9voles-Globalong-afrique-min.jpg 960w\" sizes=\"(max-width: 300px) 100vw, 300px\" \/><\/p>\n<\/section>\n<section id=\"choisir-lorganisation\">\n<h2>V\u00e6lg den rigtige organisation til et ophold i Afrika<\/h2>\n<p style=\"text-align: justify;\">Valget af organisation er afg\u00f8rende, n\u00e5r du vil <strong>tage afsted p\u00e5 et <a href=\"https:\/\/www.vita-explorers.dk\/blog\/hvordan-du-kommer-paa-frivilligt-ophold-i-udlandet\/\" target=\"_blank\" rel=\"noopener\">humanit\u00e6rt ophold i Afrika<\/a><\/strong>. Der findes mange akt\u00f8rer, og det er vigtigt at v\u00e6lge en ramme, der passer til dine v\u00e6rdier, dine kompetencer og dine forventninger.<\/p>\n<h3><strong>1. Trov\u00e6rdighed og gennemsigtighed<\/strong><\/h3>\n<p style=\"text-align: justify;\">Unders\u00f8g organisationens trov\u00e6rdighed og hvor transparent den er omkring rammer, \u00f8konomi og arbejdsgange. V\u00e6lg en akt\u00f8r, der er kendt for seri\u00f8sitet og tydelig kommunikation om arbejdet p\u00e5 stedet. L\u00e6s erfaringer fra tidligere deltagere, kig efter uafh\u00e6ngige anmeldelser, og s\u00e6t dig ind i, hvilke projekter organisationen har gennemf\u00f8rt.<\/p>\n<div class=\"ti-widget ti-goog\" data-layout-id=\"4\" data-set-id=\"light-background\" data-pid=\"\" data-language=\"fr\" data-version=\"2\" data-review-target-width=\"300\" data-review-text-mode=\"readmore\" data-pager-autoplay-timeout=\"6\" > <div class=\"ti-widget-container ti-col-3\"> <div class=\"ti-reviews-container\"> <div class=\"ti-controls\"> <div class=\"ti-next\" aria-label=\"Avis suivante\" role=\"button\"><\/div> <div class=\"ti-prev\" aria-label=\"Avis pr\u00e9c\u00e9dent\" role=\"button\"><\/div> <\/div> <div class=\"ti-reviews-container-wrapper\">  <div data-empty=\"0\" class=\"ti-review-item source-Google ti-image-layout-thumbnail\" data-id=\"cfcd208495d565ef66e7dff9f98764da\" > <div class=\"ti-inner\"> <div class=\"ti-review-header\"> <div class=\"ti-profile-img\"> <img decoding=\"async\" src=\"https:\/\/lh3.googleusercontent.com\/a\/ACg8ocKpaoKe37CD0_POxO97KqB60GsWQRsIuG2vmCfXT-W_FY44vw=s120-c-rp-mo-br100\" srcset=\"https:\/\/lh3.googleusercontent.com\/a\/ACg8ocKpaoKe37CD0_POxO97KqB60GsWQRsIuG2vmCfXT-W_FY44vw=s120-c-rp-mo-br100 2x\" alt=\"Lucie Correia\" loading=\"lazy\" \/> <\/div> <div class=\"ti-profile-details\"> <div class=\"ti-name\"> Lucie Correia <\/div> <div class=\"ti-date\">2024-10-17<\/div> <\/div> <\/div> <span class=\"ti-stars\"><span class=\"ti-star f\"><\/span><span class=\"ti-star f\"><\/span><span class=\"ti-star f\"><\/span><span class=\"ti-star f\"><\/span><span class=\"ti-star f\"><\/span><\/span> <div class=\"ti-review-text-container ti-review-content\"><!-- R-CONTENT -->La communication avec Globalong est super, personnes tr\u00e8s pr\u00e9sentes pour les b\u00e9n\u00e9voles et \u00e9tudiants partant avec cette association. Elles r\u00e9pondent \u00e0 toutes nos questions et sont tr\u00e8s accessibles au t\u00e9l\u00e9phone.<!-- R-CONTENT --><\/div> <span class=\"ti-read-more\" data-container=\".ti-review-content\" data-collapse-text=\"Cacher\" data-open-text=\"Lire la suite\" ><\/span> <\/div> <\/div>  <div data-empty=\"0\" class=\"ti-review-item source-Google ti-image-layout-thumbnail\" data-id=\"cfcd208495d565ef66e7dff9f98764da\" > <div class=\"ti-inner\"> <div class=\"ti-review-header\"> <div class=\"ti-profile-img\"> <img decoding=\"async\" src=\"https:\/\/lh3.googleusercontent.com\/a-\/ALV-UjWqnnzM7-7c9BDqeTDF-a7pOgNjvLkJ3WshRd_Tn7z0Eu-AGQwo=s120-c-rp-mo-br100\" srcset=\"https:\/\/lh3.googleusercontent.com\/a-\/ALV-UjWqnnzM7-7c9BDqeTDF-a7pOgNjvLkJ3WshRd_Tn7z0Eu-AGQwo=s120-c-rp-mo-br100 2x\" alt=\"Ra\u00efssa Frisch\" loading=\"lazy\" \/> <\/div> <div class=\"ti-profile-details\"> <div class=\"ti-name\"> Ra\u00efssa Frisch <\/div> <div class=\"ti-date\">2024-10-14<\/div> <\/div> <\/div> <span class=\"ti-stars\"><span class=\"ti-star f\"><\/span><span class=\"ti-star f\"><\/span><span class=\"ti-star f\"><\/span><span class=\"ti-star f\"><\/span><span class=\"ti-star f\"><\/span><\/span> <div class=\"ti-review-text-container ti-review-content\"><!-- R-CONTENT -->J\u2019ai d\u00e9j\u00e0 eu l\u2019opportunit\u00e9 de r\u00e9aliser deux projets humanitaires avec l\u2019association Globalong. Je ne peux que la recommander, car j\u2019ai toujours b\u00e9n\u00e9fici\u00e9 d\u2019un excellent accompagnement, aussi bien avant que pendant le voyage. On ne vous laisse pas vous d\u00e9brouiller seuls, bien au contraire, vous \u00eates tr\u00e8s bien encadr\u00e9s pour accomplir toutes les d\u00e9marches dans les d\u00e9lais.\n\nAu-del\u00e0 du suivi, les exp\u00e9riences humanitaires propos\u00e9es par Globalong ne peuvent que transformer votre vie de mani\u00e8re positive. Elles vous apportent une richesse humaine inestimable.<!-- R-CONTENT --><\/div> <span class=\"ti-read-more\" data-container=\".ti-review-content\" data-collapse-text=\"Cacher\" data-open-text=\"Lire la suite\" ><\/span> <\/div> <\/div>  <div data-empty=\"0\" class=\"ti-review-item source-Google ti-image-layout-thumbnail\" data-id=\"cfcd208495d565ef66e7dff9f98764da\" > <div class=\"ti-inner\"> <div class=\"ti-review-header\"> <div class=\"ti-profile-img\"> <img decoding=\"async\" src=\"https:\/\/lh3.googleusercontent.com\/a\/ACg8ocJL-Dxv25YkXK2QwWPNRxTVqZCv5uTmDQDFg5qslKra3vRZew=s120-c-rp-mo-br100\" srcset=\"https:\/\/lh3.googleusercontent.com\/a\/ACg8ocJL-Dxv25YkXK2QwWPNRxTVqZCv5uTmDQDFg5qslKra3vRZew=s120-c-rp-mo-br100 2x\" alt=\"Tara Turan\" loading=\"lazy\" \/> <\/div> <div class=\"ti-profile-details\"> <div class=\"ti-name\"> Tara Turan <\/div> <div class=\"ti-date\">2024-10-14<\/div> <\/div> <\/div> <span class=\"ti-stars\"><span class=\"ti-star f\"><\/span><span class=\"ti-star f\"><\/span><span class=\"ti-star f\"><\/span><span class=\"ti-star f\"><\/span><span class=\"ti-star f\"><\/span><\/span> <div class=\"ti-review-text-container ti-review-content\"><!-- R-CONTENT -->Une des meilleures associations que j\u2019ai pu faire !\nUne organisation et un suivi vraiment parfait, c\u2019est avec grand plaisir que je referai un projet avec eux.<!-- R-CONTENT --><\/div> <span class=\"ti-read-more\" data-container=\".ti-review-content\" data-collapse-text=\"Cacher\" data-open-text=\"Lire la suite\" ><\/span> <\/div> <\/div>  <div data-empty=\"0\" class=\"ti-review-item source-Google ti-image-layout-thumbnail\" data-id=\"cfcd208495d565ef66e7dff9f98764da\" > <div class=\"ti-inner\"> <div class=\"ti-review-header\"> <div class=\"ti-profile-img\"> <img decoding=\"async\" src=\"https:\/\/lh3.googleusercontent.com\/a\/ACg8ocLctTPNovSk3eKM0b_MIPOfcFEQsz2135Cdu59_BWRVsIYC7Q=s120-c-rp-mo-br100\" srcset=\"https:\/\/lh3.googleusercontent.com\/a\/ACg8ocLctTPNovSk3eKM0b_MIPOfcFEQsz2135Cdu59_BWRVsIYC7Q=s120-c-rp-mo-br100 2x\" alt=\"Repiquet Julie\" loading=\"lazy\" \/> <\/div> <div class=\"ti-profile-details\"> <div class=\"ti-name\"> Repiquet Julie <\/div> <div class=\"ti-date\">2024-10-13<\/div> <\/div> <\/div> <span class=\"ti-stars\"><span class=\"ti-star f\"><\/span><span class=\"ti-star f\"><\/span><span class=\"ti-star f\"><\/span><span class=\"ti-star f\"><\/span><span class=\"ti-star f\"><\/span><\/span> <div class=\"ti-review-text-container ti-review-content\"><!-- R-CONTENT -->Tr\u00e8s bon accompagnement de la part de Globalong, du premier jour avec toutes mes interrogations, jusqu'au d\u00e9part dans quelques jours. Le dossier transmis apr\u00e8s validation de la mission est plus que complet, les webmaster tr\u00e8s int\u00e9ressantes et permettent de d\u00e9charger mentalement ce genre de pr\u00e9paration, tout est pr\u00e9vu il n'y a plus qu'\u00e0 suivre ! Merci \u00e0 Florence de r\u00e9pondre \u00e0 toutes mes questions avec gentillesse et bienveillance, cela m'a permis de passer le cap!\nMaintenant, il n'y a plus qu'\u00e0 \ud83d\ude00<!-- R-CONTENT --><\/div> <span class=\"ti-read-more\" data-container=\".ti-review-content\" data-collapse-text=\"Cacher\" data-open-text=\"Lire la suite\" ><\/span> <\/div> <\/div>  <div data-empty=\"0\" class=\"ti-review-item source-Google ti-image-layout-thumbnail\" data-id=\"cfcd208495d565ef66e7dff9f98764da\" > <div class=\"ti-inner\"> <div class=\"ti-review-header\"> <div class=\"ti-profile-img\"> <img decoding=\"async\" src=\"https:\/\/lh3.googleusercontent.com\/a\/ACg8ocJJTdmTWs8nAA0yuH_cKOUgzc6GFAkHBiXhpnnVYXaWMBZsHw=s120-c-rp-mo-br100\" srcset=\"https:\/\/lh3.googleusercontent.com\/a\/ACg8ocJJTdmTWs8nAA0yuH_cKOUgzc6GFAkHBiXhpnnVYXaWMBZsHw=s120-c-rp-mo-br100 2x\" alt=\"Marine Guilhamat\" loading=\"lazy\" \/> <\/div> <div class=\"ti-profile-details\"> <div class=\"ti-name\"> Marine Guilhamat <\/div> <div class=\"ti-date\">2024-10-09<\/div> <\/div> <\/div> <span class=\"ti-stars\"><span class=\"ti-star f\"><\/span><span class=\"ti-star f\"><\/span><span class=\"ti-star f\"><\/span><span class=\"ti-star f\"><\/span><span class=\"ti-star f\"><\/span><\/span> <div class=\"ti-review-text-container ti-review-content\"><!-- R-CONTENT -->Tr\u00e8s belle association qui offre un cadre super s\u00e9curisant et permet de s\u2019investir dans des projets qui ont du sens. Merci \u00e0 l\u2019\u00e9quipe Globalong pour votre disponibilit\u00e9, gentillesse et accompagnement !<!-- R-CONTENT --><\/div> <span class=\"ti-read-more\" data-container=\".ti-review-content\" data-collapse-text=\"Cacher\" data-open-text=\"Lire la suite\" ><\/span> <\/div> <\/div>  <div data-empty=\"0\" class=\"ti-review-item source-Google ti-image-layout-thumbnail\" data-id=\"cfcd208495d565ef66e7dff9f98764da\" > <div class=\"ti-inner\"> <div class=\"ti-review-header\"> <div class=\"ti-profile-img\"> <img decoding=\"async\" src=\"https:\/\/lh3.googleusercontent.com\/a\/ACg8ocIgITHXKo46qgJyPqlJeAcxz11gCKUJpGIk2qauiIe2O3iZ6w=s120-c-rp-mo-br100\" srcset=\"https:\/\/lh3.googleusercontent.com\/a\/ACg8ocIgITHXKo46qgJyPqlJeAcxz11gCKUJpGIk2qauiIe2O3iZ6w=s120-c-rp-mo-br100 2x\" alt=\"Laura Mercier\" loading=\"lazy\" \/> <\/div> <div class=\"ti-profile-details\"> <div class=\"ti-name\"> Laura Mercier <\/div> <div class=\"ti-date\">2024-10-08<\/div> <\/div> <\/div> <span class=\"ti-stars\"><span class=\"ti-star f\"><\/span><span class=\"ti-star f\"><\/span><span class=\"ti-star f\"><\/span><span class=\"ti-star f\"><\/span><span class=\"ti-star f\"><\/span><\/span> <div class=\"ti-review-text-container ti-review-content\"><!-- R-CONTENT -->Mon d\u00e9part approche, je pars dans une semaine, et depuis le d\u00e9but de mon inscription je suis tr\u00e8s satisfaite du suivi effectu\u00e9 par l\u2019association. Ils sont tr\u00e8s disponibles et r\u00e9pondent rapidement \u00e0 l\u2019ensemble des questions. Je suis tr\u00e8s contente de partir faire cette mission humanitaire encadr\u00e9e par cette association. Je recommande vraiment.<!-- R-CONTENT --><\/div> <span class=\"ti-read-more\" data-container=\".ti-review-content\" data-collapse-text=\"Cacher\" data-open-text=\"Lire la suite\" ><\/span> <\/div> <\/div>  <div data-empty=\"0\" class=\"ti-review-item source-Google ti-image-layout-thumbnail\" data-id=\"cfcd208495d565ef66e7dff9f98764da\" > <div class=\"ti-inner\"> <div class=\"ti-review-header\"> <div class=\"ti-profile-img\"> <img decoding=\"async\" src=\"https:\/\/lh3.googleusercontent.com\/a-\/ALV-UjVVr0YMQhXl8QNEEB32l-rnoaYwvRZUjIEX9OEwPE_1fQwzIyk=s120-c-rp-mo-br100\" srcset=\"https:\/\/lh3.googleusercontent.com\/a-\/ALV-UjVVr0YMQhXl8QNEEB32l-rnoaYwvRZUjIEX9OEwPE_1fQwzIyk=s120-c-rp-mo-br100 2x\" alt=\"Anouk Rzkt\" loading=\"lazy\" \/> <\/div> <div class=\"ti-profile-details\"> <div class=\"ti-name\"> Anouk Rzkt <\/div> <div class=\"ti-date\">2024-10-02<\/div> <\/div> <\/div> <span class=\"ti-stars\"><span class=\"ti-star f\"><\/span><span class=\"ti-star f\"><\/span><span class=\"ti-star f\"><\/span><span class=\"ti-star f\"><\/span><span class=\"ti-star f\"><\/span><\/span> <div class=\"ti-review-text-container ti-review-content\"><!-- R-CONTENT -->Globalong est l'association parfaite. L'\u00e9quipe offre un v\u00e9ritable accompagnement rythm\u00e9 par beaucoup de conseils et d'\u00e9coute. Le site est tr\u00e8s bien fait avec des dossiers complets allant des sujets tr\u00e8s pratiques a d'autres plus th\u00e9oriques (tels que le choc culturel par exemple). Je recommande vivement et remercie sinc\u00e8rement toute l'\u00e9quipe pour leur gentillesse et investissement !<!-- R-CONTENT --><\/div> <span class=\"ti-read-more\" data-container=\".ti-review-content\" data-collapse-text=\"Cacher\" data-open-text=\"Lire la suite\" ><\/span> <\/div> <\/div>  <\/div> <div class=\"ti-controls-line\"> <div class=\"dot\"><\/div> <\/div> <\/div> <div class=\"ti-footer\"> <div class=\"ti-rating-text\"> <span class=\"nowrap\">\u00c9valuation <strong>Google<\/strong> : <\/span><span class=\"nowrap\"><strong>4.8<\/strong> sur 5, <\/span><span class=\"nowrap\">Bas\u00e9e sur <strong>240 avis<\/strong><\/span> <\/div> <\/div>  <\/div> <\/div> \n<h3><strong>2. Type af forl\u00f8b og indsatsomr\u00e5de<\/strong><\/h3>\n<p style=\"text-align: justify;\">Nogle organisationer fokuserer p\u00e5 bestemte indsatser \u2013 fx undervisning, sundhed, indsats mod <a href=\"https:\/\/www.vita-explorers.dk\/blog\/kampen-mod-undern\u00e6ring-hos-b\u00f8rn\/\" target=\"_blank\" rel=\"noopener\">underern\u00e6ring<\/a> eller milj\u00f8. V\u00e6lg et forl\u00f8b, der matcher dine interesser og din baggrund. Er du fx sundhedsfaglig, kan et forl\u00f8b med fokus p\u00e5 sundhed v\u00e6re relevant, mens du som underviser eller studerende kan passe godt ind i undervisningsrelaterede aktiviteter.<\/p>\n<h3><strong>3. St\u00f8tte og forberedelse<\/strong><\/h3>\n<p style=\"text-align: justify;\">En god organisation tilbyder grundig st\u00f8tte f\u00f8r, under og efter opholdet. Det kan v\u00e6re introduktion til kultur og kontekst, sikkerhed og h\u00e5ndtering af uforudsete situationer. Tjek ogs\u00e5, at der er en tydelig kontaktflade p\u00e5 stedet, s\u00e5 du f\u00e5r hj\u00e6lp til at falde til og kan f\u00e5 sparring, hvis der opst\u00e5r udfordringer undervejs.<\/p>\n<h3><strong>4. Pris og hvad der er inkluderet<\/strong><\/h3>\n<p style=\"text-align: justify;\">Nogle ophold i Afrika kan v\u00e6re <a href=\"https:\/\/www.vita-explorers.dk\/blog\/pris-for-et-humanitaert-ophold-i-udlandet\/\" target=\"_blank\" rel=\"noopener\">forbundet med udgifter<\/a>. Det er ikke us\u00e6dvanligt, at der betales et deltagergebyr, som kan d\u00e6kke koordinering, overnatning, m\u00e5ltider, transport og forberedelse. S\u00f8rg for at f\u00e5 et klart overblik over, hvad prisen inkluderer, f\u00f8r du beslutter dig.<\/p>\n<p><img loading=\"lazy\" decoding=\"async\" class=\"aligncenter wp-image-8692 size-medium\" src=\"https:\/\/www.vita-explorers.dk\/blog\/wp-content\/uploads\/2018\/01\/workshop-min-300x234.jpg\" alt=\"Humanit\u00e6rt ophold i Afrika\" width=\"300\" height=\"234\" srcset=\"https:\/\/www.vita-explorers.dk\/blog\/wp-content\/uploads\/2018\/01\/workshop-min-300x234.jpg 300w, https:\/\/www.vita-explorers.dk\/blog\/wp-content\/uploads\/2018\/01\/workshop-min-768x598.jpg 768w, https:\/\/www.vita-explorers.dk\/blog\/wp-content\/uploads\/2018\/01\/workshop-min-150x117.jpg 150w, https:\/\/www.vita-explorers.dk\/blog\/wp-content\/uploads\/2018\/01\/workshop-min.jpg 960w\" sizes=\"(max-width: 300px) 100vw, 300px\" \/><\/p>\n<\/section>\n<section id=\"preparation\">\n<h2>Forberedelse f\u00f8r afrejse: forberedelse, tr\u00e6ning og n\u00f8dvendige dokumenter<\/h2>\n<p style=\"text-align: justify;\">God forberedelse er afg\u00f8rende, f\u00f8r du tager afsted. Det handler b\u00e5de om praktiske forhold, den rette forventningsafstemning og en plan for rejsen.<\/p>\n<h3><strong>1. Forberedelse og introduktion f\u00f8r afrejse<\/strong><\/h3>\n<p style=\"text-align: justify;\">Mange organisationer \u2013 herunder <a href=\"https:\/\/www.vita-explorers.dk\/association-globalong.html\" target=\"_blank\" rel=\"noopener\">VITA Institute<\/a> \u2013 tilbyder introduktion og forberedelse inden afrejse, s\u00e5 du st\u00e5r st\u00e6rkere i m\u00f8det med hverdagen p\u00e5 stedet. Det kan fx omfatte kulturforst\u00e5else, sikkerhed, f\u00f8rstehj\u00e6lp og praktiske r\u00e5d. M\u00e5let er, at du f\u00e5r en realistisk forst\u00e5else af rammerne og lettere kan finde dig til rette i dit forl\u00f8b.<\/p>\n<h3><strong>2. N\u00f8dvendige dokumenter<\/strong><\/h3>\n<p style=\"text-align: justify;\">S\u00f8rg i god tid for, at dine dokumenter er p\u00e5 plads: pas, visum, rejse- og sygeforsikring samt eventuelle anbefalede eller p\u00e5kr\u00e6vede vaccinationer. Nogle organisationer tilbyder ogs\u00e5 en praktisk afrejseguide med information om landet, sikkerhed, lokale normer og gode r\u00e5d til hverdagen.<\/p>\n<h3><strong>3. Rejselogistik<\/strong><\/h3>\n<p style=\"text-align: justify;\"><a href=\"https:\/\/www.vita-explorers.dk\/blog\/s\u00e5dan-finder-du-din-flybillet-til-den-bedste-pris-med-google-flights\/\" target=\"_blank\" rel=\"noopener\">Book din flybillet<\/a> og f\u00e5 styr p\u00e5 de vigtigste praktiske detaljer om overnatning, lokal transport og sikkerhed. S\u00e6t dig ogs\u00e5 ind i sundhedsanbefalinger for destinationen, og pak en f\u00f8rstehj\u00e6lpstaske, der passer til dit ophold og dine aktiviteter.<\/p>\n<p><img loading=\"lazy\" decoding=\"async\" class=\"aligncenter wp-image-7604 size-medium\" src=\"https:\/\/www.vita-explorers.dk\/blog\/wp-content\/uploads\/2017\/11\/Etudiants-et-be\u0301ne\u0301voles-en-Afrique-du-Sud-GlobAlong--300x200.jpg\" alt=\"Deltager p\u00e5 rejse i Sydafrika.\" width=\"300\" height=\"200\" srcset=\"https:\/\/www.vita-explorers.dk\/blog\/wp-content\/uploads\/2017\/11\/Etudiants-et-be\u0301ne\u0301voles-en-Afrique-du-Sud-GlobAlong--300x200.jpg 300w, https:\/\/www.vita-explorers.dk\/blog\/wp-content\/uploads\/2017\/11\/Etudiants-et-be\u0301ne\u0301voles-en-Afrique-du-Sud-GlobAlong--768x512.jpg 768w, https:\/\/www.vita-explorers.dk\/blog\/wp-content\/uploads\/2017\/11\/Etudiants-et-be\u0301ne\u0301voles-en-Afrique-du-Sud-GlobAlong--1024x682.jpg 1024w, https:\/\/www.vita-explorers.dk\/blog\/wp-content\/uploads\/2017\/11\/Etudiants-et-be\u0301ne\u0301voles-en-Afrique-du-Sud-GlobAlong--150x100.jpg 150w\" sizes=\"(max-width: 300px) 100vw, 300px\" \/><\/p>\n<\/section>\n<section id=\"aspects-financiers\">\n<h2>\u00d8konomi: Hvad koster et ophold, og hvordan kan det finansieres?<\/h2>\n<p style=\"text-align: justify;\">Et humanit\u00e6rt ophold i Afrika kan medf\u00f8re udgifter, men der findes flere m\u00e5der at planl\u00e6gge og finansiere dit forl\u00f8b p\u00e5. Her er et overblik over typiske omkostninger:<\/p>\n<h3><strong>1. Deltagergebyr og koordinering<\/strong><\/h3>\n<p style=\"text-align: justify;\">Et deltagergebyr kan d\u00e6kke koordinering, overnatning, m\u00e5ltider og forberedelse inden afrejse. Bel\u00f8bet afh\u00e6nger af organisationen og l\u00e6ngden p\u00e5 opholdet, s\u00e5 det er vigtigt at f\u00e5 pr\u00e6ciseret, hvad der er inkluderet, f\u00f8r du tilmelder dig.<\/p>\n<h3><strong>2. Transport og rejse<\/strong><\/h3>\n<p style=\"text-align: justify;\">Flybillet og lokal transport betales ofte af deltageren. Det kan betale sig at bestille i god tid og holde \u00f8je med gode priser. Nogle v\u00e6lger ogs\u00e5 at samle midler ind i netv\u00e6rket eller f\u00e5 st\u00f8tte via relevante samarbejder for at kunne gennemf\u00f8re rejsen.<\/p>\n<h3><strong>3. Overnatning og m\u00e5ltider<\/strong><\/h3>\n<p style=\"text-align: justify;\">I nogle forl\u00f8b er overnatning og m\u00e5ltider inkluderet, mens det i andre skal betales separat. Standard og rammer kan variere fra delte v\u00e6relser til mere enkle boliger i landlige omr\u00e5der \u2013 afh\u00e6ngigt af destinationen.<\/p>\n<h3><strong>4. Legater og st\u00f8tte<\/strong><\/h3>\n<p style=\"text-align: justify;\">Unders\u00f8g mulighederne for legater eller ekstern st\u00f8tte, der kan lette udgifterne. Nogle fonde og institutioner har puljer, der kan st\u00f8tte internationale forl\u00f8b, kulturudveksling eller frivilligt arbejde.<\/p>\n<p><img loading=\"lazy\" decoding=\"async\" class=\"aligncenter wp-image-1085 size-medium\" src=\"https:\/\/www.vita-explorers.dk\/blog\/wp-content\/uploads\/2016\/02\/FB_IMG_1439416478879-300x200.jpg\" alt=\"st\u00f8tteundervisning i udlandet\" width=\"300\" height=\"200\" srcset=\"https:\/\/www.vita-explorers.dk\/blog\/wp-content\/uploads\/2016\/02\/FB_IMG_1439416478879-300x200.jpg 300w, https:\/\/www.vita-explorers.dk\/blog\/wp-content\/uploads\/2016\/02\/FB_IMG_1439416478879-150x100.jpg 150w, https:\/\/www.vita-explorers.dk\/blog\/wp-content\/uploads\/2016\/02\/FB_IMG_1439416478879.jpg 720w\" sizes=\"(max-width: 300px) 100vw, 300px\" \/><\/p>\n<\/section>\n<section id=\"vivre-lexperience\">\n<h2>P\u00e5 stedet: udfordringer og muligheder<\/h2>\n<p style=\"text-align: justify;\">N\u00e5r du er fremme, vil du m\u00f8de b\u00e5de udfordringer og oplevelser, der s\u00e6tter spor. Her er noget af det, du kan forvente:<\/p>\n<h3><strong>1. Kulturchok<\/strong><\/h3>\n<p style=\"text-align: justify;\">Det kan f\u00f8les overv\u00e6ldende at ankomme til en ny kultur og hverdag, der fungerer anderledes end derhjemme. Samtidig er tilpasningen en vigtig del af l\u00e6ringen. N\u00e5r du er nysgerrig og \u00e5ben over for lokale normer, bliver det lettere at skabe gode relationer og arbejde respektfuldt i den kontekst, du er i.<\/p>\n<h3><strong>2. Arbejdsforhold<\/strong><\/h3>\n<p style=\"text-align: justify;\">Arbejdsforholdene varierer meget afh\u00e6ngigt af omr\u00e5de og type indsats. V\u00e6r forberedt p\u00e5, at rammerne kan v\u00e6re mere enkle, og at hverdagen kan kr\u00e6ve fleksibilitet. For mange er det netop en del af erfaringen ved internationale forl\u00f8b.<\/p>\n<h3><strong>3. Personlig og f\u00e6lles betydning<\/strong><\/h3>\n<p style=\"text-align: justify;\">En af de st\u00e6rkeste oplevelser ved et ophold er at se, hvordan din indsats indg\u00e5r i et st\u00f8rre f\u00e6llesskab. Du kan opleve t\u00e6t samarbejde, l\u00e6ring p\u00e5 tv\u00e6rs og en fornemmelse af at bidrage p\u00e5 en m\u00e5de, der er konkret og relevant i hverdagen.<\/p>\n<p><img loading=\"lazy\" decoding=\"async\" class=\"aligncenter wp-image-1377 size-medium\" src=\"https:\/\/www.vita-explorers.dk\/blog\/wp-content\/uploads\/2015\/09\/cours-2-225x300.png\" alt=\"Frivilligt arbejde i Afrika\" width=\"225\" height=\"300\" srcset=\"https:\/\/www.vita-explorers.dk\/blog\/wp-content\/uploads\/2015\/09\/cours-2-225x300.png 225w, https:\/\/www.vita-explorers.dk\/blog\/wp-content\/uploads\/2015\/09\/cours-2-112x150.png 112w, https:\/\/www.vita-explorers.dk\/blog\/wp-content\/uploads\/2015\/09\/cours-2.png 394w\" sizes=\"(max-width: 225px) 100vw, 225px\" \/><\/p>\n<\/section>\n<section id=\"conclusion\">\n<h2>Konklusion: Hvilken forskel kan frivilligt arbejde i Afrika g\u00f8re?<\/h2>\n<p style=\"text-align: justify;\">Et humanit\u00e6rt ophold i Afrika kan v\u00e6re givende \u2013 b\u00e5de for dig og for de f\u00e6llesskaber, du bliver en del af. Kontinentet rummer komplekse udfordringer, men ogs\u00e5 st\u00e6rke lokale l\u00f8sninger og stor handlekraft, som du f\u00e5r mulighed for at l\u00e6re af.<\/p>\n<p style=\"text-align: justify;\">Hvis du \u00f8nsker at engagere dig i et ansvarligt ophold og samtidig f\u00e5 en solid kulturudveksling, kan Afrika v\u00e6re et godt valg. <a href=\"https:\/\/www.vita-explorers.dk\/association-globalong.html\" target=\"_blank\" rel=\"noopener\">VITA Institute<\/a> og andre akt\u00f8rer kan hj\u00e6lpe med rammer, forberedelse og st\u00f8tte, s\u00e5 dit forl\u00f8b bliver trygt og meningsfuldt.<\/p>\n<p style=\"text-align: justify;\"><strong>Klar til at komme i gang?<\/strong> Se vores aktuelle forl\u00f8b og <a href=\"https:\/\/www.vita-explorers.dk\/#tel-contact-form-glob\" target=\"_blank\" rel=\"noopener\">send din ans\u00f8gning her<\/a>, hvis du vil h\u00f8re mere om dine muligheder.<\/p>\n<\/section>\n<\/article>\n<section id=\"faq\">\n<p style=\"text-align: center;\"><strong>Vil du f\u00f8lge med i VITA Institute og vores community, s\u00e5 find os p\u00e5 <a href=\"https:\/\/www.instagram.com\/globalongofficiel\/\"><span class=\"s2\">Instagram<\/span><\/a>, <a href=\"https:\/\/www.facebook.com\/globalong\"><span class=\"s2\">Facebook<\/span><\/a>, <a href=\"https:\/\/www.linkedin.com\/company\/5113177\/admin\/feed\/posts\/\"><span class=\"s2\">LinkedIn<\/span><\/a> og <a href=\"https:\/\/www.youtube.com\/c\/globalong\/videos\"><span class=\"s2\">YouTube<\/span><\/a>!<\/strong><\/p>\n<\/section>\n<footer><strong>\u00a9 2025 VITA Institute \u2013 Alle rettigheder forbeholdes.<\/strong><\/footer>\n","protected":false},"excerpt":{"rendered":"<p>Frivilligt arbejde i Afrika: En komplet guide til dig, der vil afsted Indhold Introduktion: Hvorfor tage afsted p\u00e5 et humanit\u00e6rt ophold i Afrika? V\u00e6lg\u2026<\/p>\n","protected":false},"author":7,"featured_media":15734,"comment_status":"open","ping_status":"open","sticky":false,"template":"","format":"standard","meta":{"footnotes":""},"categories":[1],"tags":[],"yoast_head":"<!-- This site is optimized with the Yoast SEO Premium plugin v23.4 (Yoast SEO v23.4) - https:\/\/yoast.com\/wordpress\/plugins\/seo\/ -->\n<title>Rejs til Afrika p\u00e5 et ansvarligt humanit\u00e6rt forl\u00f8b: Praktisk guide til at g\u00f8re en forskel - VITA Explorers Blog<\/title>\n<meta name=\"description\" content=\"Engagez-vous dans une mission humanitaire en Afrique et d\u00e9couvrez la richesse culturelle tout en faisant une diff\u00e9rence significative.\" \/>\n<meta name=\"robots\" content=\"index, follow, max-snippet:-1, max-image-preview:large, max-video-preview:-1\" \/>\n<link rel=\"canonical\" href=\"https:\/\/www.vita-explorers.dk\/blog\/tage-paa-humanitaert-ophold-i-afrika\/\" \/>\n<meta property=\"og:locale\" content=\"da_DK\" \/>\n<meta property=\"og:type\" content=\"article\" \/>\n<meta property=\"og:title\" content=\"Tag p\u00e5 et humanit\u00e6rt ophold i Afrika\" \/>\n<meta property=\"og:description\" content=\"Engagez-vous dans une mission humanitaire en Afrique et d\u00e9couvrez la richesse culturelle tout en faisant une diff\u00e9rence significative.\" \/>\n<meta property=\"og:url\" content=\"https:\/\/www.vita-explorers.dk\/blog\/tage-paa-humanitaert-ophold-i-afrika\/\" \/>\n<meta property=\"og:site_name\" content=\"VITA Explorers Blog\" \/>\n<meta property=\"article:publisher\" content=\"https:\/\/www.facebook.com\/globalong\" \/>\n<meta property=\"article:published_time\" content=\"2025-05-29T04:56:32+00:00\" \/>\n<meta property=\"article:modified_time\" content=\"2025-11-12T15:25:12+00:00\" \/>\n<meta property=\"og:image\" content=\"https:\/\/www.vita-explorers.dk\/blog\/wp-content\/uploads\/2023\/10\/mission-humanitaire-en-afrique-ong-1024x670.png\" \/>\n\t<meta property=\"og:image:width\" content=\"1024\" \/>\n\t<meta property=\"og:image:height\" content=\"670\" \/>\n\t<meta property=\"og:image:type\" content=\"image\/png\" \/>\n<meta name=\"author\" content=\"VITA Tribe\" \/>\n<meta name=\"twitter:card\" content=\"summary_large_image\" \/>\n<meta name=\"twitter:label1\" content=\"Skrevet af\" \/>\n\t<meta name=\"twitter:data1\" content=\"VITA Tribe\" \/>\n\t<meta name=\"twitter:label2\" content=\"Estimeret l\u00e6setid\" \/>\n\t<meta name=\"twitter:data2\" content=\"8 minutter\" \/>\n<script type=\"application\/ld+json\" class=\"yoast-schema-graph\">{\"@context\":\"https:\/\/schema.org\",\"@graph\":[{\"@type\":\"Article\",\"@id\":\"https:\/\/www.vita-explorers.dk\/blog\/tage-paa-humanitaert-ophold-i-afrika\/#article\",\"isPartOf\":{\"@id\":\"https:\/\/www.vita-explorers.dk\/blog\/tage-paa-humanitaert-ophold-i-afrika\/\"},\"author\":{\"name\":\"VITA Tribe\",\"@id\":\"https:\/\/www.vita-explorers.dk\/blog\/#\/schema\/person\/fc0343a2f2db2ebb2793c1f62dbe73f0\"},\"headline\":\"Tag p\u00e5 et humanit\u00e6rt ophold i Afrika\",\"datePublished\":\"2025-05-29T04:56:32+00:00\",\"dateModified\":\"2025-11-12T15:25:12+00:00\",\"mainEntityOfPage\":{\"@id\":\"https:\/\/www.vita-explorers.dk\/blog\/tage-paa-humanitaert-ophold-i-afrika\/\"},\"wordCount\":1297,\"commentCount\":0,\"publisher\":{\"@id\":\"https:\/\/www.vita-explorers.dk\/blog\/#organization\"},\"image\":{\"@id\":\"https:\/\/www.vita-explorers.dk\/blog\/tage-paa-humanitaert-ophold-i-afrika\/#primaryimage\"},\"thumbnailUrl\":\"https:\/\/www.vita-explorers.dk\/blog\/wp-content\/uploads\/2023\/10\/mission-humanitaire-en-afrique-ong.png\",\"articleSection\":[\"No Name\"],\"inLanguage\":\"da-DK\",\"potentialAction\":[{\"@type\":\"CommentAction\",\"name\":\"Comment\",\"target\":[\"https:\/\/www.vita-explorers.dk\/blog\/tage-paa-humanitaert-ophold-i-afrika\/#respond\"]}]},{\"@type\":\"WebPage\",\"@id\":\"https:\/\/www.vita-explorers.dk\/blog\/tage-paa-humanitaert-ophold-i-afrika\/\",\"url\":\"https:\/\/www.vita-explorers.dk\/blog\/tage-paa-humanitaert-ophold-i-afrika\/\",\"name\":\"Rejs til Afrika p\u00e5 et ansvarligt humanit\u00e6rt forl\u00f8b: Praktisk guide til at g\u00f8re en forskel - VITA Explorers Blog\",\"isPartOf\":{\"@id\":\"https:\/\/www.vita-explorers.dk\/blog\/#website\"},\"primaryImageOfPage\":{\"@id\":\"https:\/\/www.vita-explorers.dk\/blog\/tage-paa-humanitaert-ophold-i-afrika\/#primaryimage\"},\"image\":{\"@id\":\"https:\/\/www.vita-explorers.dk\/blog\/tage-paa-humanitaert-ophold-i-afrika\/#primaryimage\"},\"thumbnailUrl\":\"https:\/\/www.vita-explorers.dk\/blog\/wp-content\/uploads\/2023\/10\/mission-humanitaire-en-afrique-ong.png\",\"datePublished\":\"2025-05-29T04:56:32+00:00\",\"dateModified\":\"2025-11-12T15:25:12+00:00\",\"description\":\"Engagez-vous dans une mission humanitaire en Afrique et d\u00e9couvrez la richesse culturelle tout en faisant une diff\u00e9rence significative.\",\"breadcrumb\":{\"@id\":\"https:\/\/www.vita-explorers.dk\/blog\/tage-paa-humanitaert-ophold-i-afrika\/#breadcrumb\"},\"inLanguage\":\"da-DK\",\"potentialAction\":[{\"@type\":\"ReadAction\",\"target\":[\"https:\/\/www.vita-explorers.dk\/blog\/tage-paa-humanitaert-ophold-i-afrika\/\"]}]},{\"@type\":\"ImageObject\",\"inLanguage\":\"da-DK\",\"@id\":\"https:\/\/www.vita-explorers.dk\/blog\/tage-paa-humanitaert-ophold-i-afrika\/#primaryimage\",\"url\":\"https:\/\/www.vita-explorers.dk\/blog\/wp-content\/uploads\/2023\/10\/mission-humanitaire-en-afrique-ong.png\",\"contentUrl\":\"https:\/\/www.vita-explorers.dk\/blog\/wp-content\/uploads\/2023\/10\/mission-humanitaire-en-afrique-ong.png\",\"width\":1456,\"height\":952,\"caption\":\"Association humanitaire en Afrique\"},{\"@type\":\"BreadcrumbList\",\"@id\":\"https:\/\/www.vita-explorers.dk\/blog\/tage-paa-humanitaert-ophold-i-afrika\/#breadcrumb\",\"itemListElement\":[{\"@type\":\"ListItem\",\"position\":1,\"name\":\"Accueil\",\"item\":\"https:\/\/www.vita-explorers.dk\/blog\/\"},{\"@type\":\"ListItem\",\"position\":2,\"name\":\"Tag p\u00e5 et humanit\u00e6rt ophold i Afrika\"}]},{\"@type\":\"WebSite\",\"@id\":\"https:\/\/www.vita-explorers.dk\/blog\/#website\",\"url\":\"https:\/\/www.vita-explorers.dk\/blog\/\",\"name\":\"Association Globalong\",\"description\":\"Frivilligt arbejde, sprogophold, praktik i udlandet og internationale oplevelser\",\"publisher\":{\"@id\":\"https:\/\/www.vita-explorers.dk\/blog\/#organization\"},\"potentialAction\":[{\"@type\":\"SearchAction\",\"target\":{\"@type\":\"EntryPoint\",\"urlTemplate\":\"https:\/\/www.vita-explorers.dk\/blog\/?s={search_term_string}\"},\"query-input\":{\"@type\":\"PropertyValueSpecification\",\"valueRequired\":true,\"valueName\":\"search_term_string\"}}],\"inLanguage\":\"da-DK\"},{\"@type\":\"Organization\",\"@id\":\"https:\/\/www.vita-explorers.dk\/blog\/#organization\",\"name\":\"Association Globalong\",\"url\":\"https:\/\/www.vita-explorers.dk\/blog\/\",\"logo\":{\"@type\":\"ImageObject\",\"inLanguage\":\"da-DK\",\"@id\":\"https:\/\/www.vita-explorers.dk\/blog\/#\/schema\/logo\/image\/\",\"url\":\"https:\/\/www.globalong.com\/blog\/wp-content\/uploads\/2014\/11\/cropped-cropped-Logo-et-Afrique-Globalong-petite-taille-2.jpg\",\"contentUrl\":\"https:\/\/www.globalong.com\/blog\/wp-content\/uploads\/2014\/11\/cropped-cropped-Logo-et-Afrique-Globalong-petite-taille-2.jpg\",\"width\":512,\"height\":512,\"caption\":\"Association Globalong\"},\"image\":{\"@id\":\"https:\/\/www.vita-explorers.dk\/blog\/#\/schema\/logo\/image\/\"},\"sameAs\":[\"https:\/\/www.facebook.com\/globalong\"]},{\"@type\":\"Person\",\"@id\":\"https:\/\/www.vita-explorers.dk\/blog\/#\/schema\/person\/fc0343a2f2db2ebb2793c1f62dbe73f0\",\"name\":\"VITA Tribe\",\"image\":{\"@type\":\"ImageObject\",\"inLanguage\":\"da-DK\",\"@id\":\"https:\/\/www.vita-explorers.dk\/blog\/#\/schema\/person\/image\/\",\"url\":\"https:\/\/secure.gravatar.com\/avatar\/f7f05026bb439d0c96b30e135e5f852c?s=96&d=mm&r=g\",\"contentUrl\":\"https:\/\/secure.gravatar.com\/avatar\/f7f05026bb439d0c96b30e135e5f852c?s=96&d=mm&r=g\",\"caption\":\"VITA Tribe\"},\"sameAs\":[\"http:\/\/www.globalong.com\"],\"url\":\"https:\/\/www.vita-explorers.dk\/blog\/author\/teamglobalong\/\"}]}<\/script>\n<!-- \/ Yoast SEO Premium plugin. -->","yoast_head_json":{"title":"Rejs til Afrika p\u00e5 et ansvarligt humanit\u00e6rt forl\u00f8b: Praktisk guide til at g\u00f8re en forskel - VITA Explorers Blog","description":"Engagez-vous dans une mission humanitaire en Afrique et d\u00e9couvrez la richesse culturelle tout en faisant une diff\u00e9rence significative.","robots":{"index":"index","follow":"follow","max-snippet":"max-snippet:-1","max-image-preview":"max-image-preview:large","max-video-preview":"max-video-preview:-1"},"canonical":"https:\/\/www.vita-explorers.dk\/blog\/tage-paa-humanitaert-ophold-i-afrika\/","og_locale":"da_DK","og_type":"article","og_title":"Tag p\u00e5 et humanit\u00e6rt ophold i Afrika","og_description":"Engagez-vous dans une mission humanitaire en Afrique et d\u00e9couvrez la richesse culturelle tout en faisant une diff\u00e9rence significative.","og_url":"https:\/\/www.vita-explorers.dk\/blog\/tage-paa-humanitaert-ophold-i-afrika\/","og_site_name":"VITA Explorers Blog","article_publisher":"https:\/\/www.facebook.com\/globalong","article_published_time":"2025-05-29T04:56:32+00:00","article_modified_time":"2025-11-12T15:25:12+00:00","og_image":[{"width":1024,"height":670,"url":"https:\/\/www.vita-explorers.dk\/blog\/wp-content\/uploads\/2023\/10\/mission-humanitaire-en-afrique-ong-1024x670.png","type":"image\/png"}],"author":"VITA Tribe","twitter_card":"summary_large_image","twitter_misc":{"Skrevet af":"VITA Tribe","Estimeret l\u00e6setid":"8 minutter"},"schema":{"@context":"https:\/\/schema.org","@graph":[{"@type":"Article","@id":"https:\/\/www.vita-explorers.dk\/blog\/tage-paa-humanitaert-ophold-i-afrika\/#article","isPartOf":{"@id":"https:\/\/www.vita-explorers.dk\/blog\/tage-paa-humanitaert-ophold-i-afrika\/"},"author":{"name":"VITA Tribe","@id":"https:\/\/www.vita-explorers.dk\/blog\/#\/schema\/person\/fc0343a2f2db2ebb2793c1f62dbe73f0"},"headline":"Tag p\u00e5 et humanit\u00e6rt ophold i Afrika","datePublished":"2025-05-29T04:56:32+00:00","dateModified":"2025-11-12T15:25:12+00:00","mainEntityOfPage":{"@id":"https:\/\/www.vita-explorers.dk\/blog\/tage-paa-humanitaert-ophold-i-afrika\/"},"wordCount":1297,"commentCount":0,"publisher":{"@id":"https:\/\/www.vita-explorers.dk\/blog\/#organization"},"image":{"@id":"https:\/\/www.vita-explorers.dk\/blog\/tage-paa-humanitaert-ophold-i-afrika\/#primaryimage"},"thumbnailUrl":"https:\/\/www.vita-explorers.dk\/blog\/wp-content\/uploads\/2023\/10\/mission-humanitaire-en-afrique-ong.png","articleSection":["No Name"],"inLanguage":"da-DK","potentialAction":[{"@type":"CommentAction","name":"Comment","target":["https:\/\/www.vita-explorers.dk\/blog\/tage-paa-humanitaert-ophold-i-afrika\/#respond"]}]},{"@type":"WebPage","@id":"https:\/\/www.vita-explorers.dk\/blog\/tage-paa-humanitaert-ophold-i-afrika\/","url":"https:\/\/www.vita-explorers.dk\/blog\/tage-paa-humanitaert-ophold-i-afrika\/","name":"Rejs til Afrika p\u00e5 et ansvarligt humanit\u00e6rt forl\u00f8b: Praktisk guide til at g\u00f8re en forskel - VITA Explorers Blog","isPartOf":{"@id":"https:\/\/www.vita-explorers.dk\/blog\/#website"},"primaryImageOfPage":{"@id":"https:\/\/www.vita-explorers.dk\/blog\/tage-paa-humanitaert-ophold-i-afrika\/#primaryimage"},"image":{"@id":"https:\/\/www.vita-explorers.dk\/blog\/tage-paa-humanitaert-ophold-i-afrika\/#primaryimage"},"thumbnailUrl":"https:\/\/www.vita-explorers.dk\/blog\/wp-content\/uploads\/2023\/10\/mission-humanitaire-en-afrique-ong.png","datePublished":"2025-05-29T04:56:32+00:00","dateModified":"2025-11-12T15:25:12+00:00","description":"Engagez-vous dans une mission humanitaire en Afrique et d\u00e9couvrez la richesse culturelle tout en faisant une diff\u00e9rence significative.","breadcrumb":{"@id":"https:\/\/www.vita-explorers.dk\/blog\/tage-paa-humanitaert-ophold-i-afrika\/#breadcrumb"},"inLanguage":"da-DK","potentialAction":[{"@type":"ReadAction","target":["https:\/\/www.vita-explorers.dk\/blog\/tage-paa-humanitaert-ophold-i-afrika\/"]}]},{"@type":"ImageObject","inLanguage":"da-DK","@id":"https:\/\/www.vita-explorers.dk\/blog\/tage-paa-humanitaert-ophold-i-afrika\/#primaryimage","url":"https:\/\/www.vita-explorers.dk\/blog\/wp-content\/uploads\/2023\/10\/mission-humanitaire-en-afrique-ong.png","contentUrl":"https:\/\/www.vita-explorers.dk\/blog\/wp-content\/uploads\/2023\/10\/mission-humanitaire-en-afrique-ong.png","width":1456,"height":952,"caption":"Association humanitaire en Afrique"},{"@type":"BreadcrumbList","@id":"https:\/\/www.vita-explorers.dk\/blog\/tage-paa-humanitaert-ophold-i-afrika\/#breadcrumb","itemListElement":[{"@type":"ListItem","position":1,"name":"Accueil","item":"https:\/\/www.vita-explorers.dk\/blog\/"},{"@type":"ListItem","position":2,"name":"Tag p\u00e5 et humanit\u00e6rt ophold i Afrika"}]},{"@type":"WebSite","@id":"https:\/\/www.vita-explorers.dk\/blog\/#website","url":"https:\/\/www.vita-explorers.dk\/blog\/","name":"Association Globalong","description":"Frivilligt arbejde, sprogophold, praktik i udlandet og internationale oplevelser","publisher":{"@id":"https:\/\/www.vita-explorers.dk\/blog\/#organization"},"potentialAction":[{"@type":"SearchAction","target":{"@type":"EntryPoint","urlTemplate":"https:\/\/www.vita-explorers.dk\/blog\/?s={search_term_string}"},"query-input":{"@type":"PropertyValueSpecification","valueRequired":true,"valueName":"search_term_string"}}],"inLanguage":"da-DK"},{"@type":"Organization","@id":"https:\/\/www.vita-explorers.dk\/blog\/#organization","name":"Association Globalong","url":"https:\/\/www.vita-explorers.dk\/blog\/","logo":{"@type":"ImageObject","inLanguage":"da-DK","@id":"https:\/\/www.vita-explorers.dk\/blog\/#\/schema\/logo\/image\/","url":"https:\/\/www.globalong.com\/blog\/wp-content\/uploads\/2014\/11\/cropped-cropped-Logo-et-Afrique-Globalong-petite-taille-2.jpg","contentUrl":"https:\/\/www.globalong.com\/blog\/wp-content\/uploads\/2014\/11\/cropped-cropped-Logo-et-Afrique-Globalong-petite-taille-2.jpg","width":512,"height":512,"caption":"Association Globalong"},"image":{"@id":"https:\/\/www.vita-explorers.dk\/blog\/#\/schema\/logo\/image\/"},"sameAs":["https:\/\/www.facebook.com\/globalong"]},{"@type":"Person","@id":"https:\/\/www.vita-explorers.dk\/blog\/#\/schema\/person\/fc0343a2f2db2ebb2793c1f62dbe73f0","name":"VITA Tribe","image":{"@type":"ImageObject","inLanguage":"da-DK","@id":"https:\/\/www.vita-explorers.dk\/blog\/#\/schema\/person\/image\/","url":"https:\/\/secure.gravatar.com\/avatar\/f7f05026bb439d0c96b30e135e5f852c?s=96&d=mm&r=g","contentUrl":"https:\/\/secure.gravatar.com\/avatar\/f7f05026bb439d0c96b30e135e5f852c?s=96&d=mm&r=g","caption":"VITA Tribe"},"sameAs":["http:\/\/www.globalong.com"],"url":"https:\/\/www.vita-explorers.dk\/blog\/author\/teamglobalong\/"}]}},"_links":{"self":[{"href":"https:\/\/www.vita-explorers.dk\/blog\/wp-json\/wp\/v2\/posts\/21237"}],"collection":[{"href":"https:\/\/www.vita-explorers.dk\/blog\/wp-json\/wp\/v2\/posts"}],"about":[{"href":"https:\/\/www.vita-explorers.dk\/blog\/wp-json\/wp\/v2\/types\/post"}],"author":[{"embeddable":true,"href":"https:\/\/www.vita-explorers.dk\/blog\/wp-json\/wp\/v2\/users\/7"}],"replies":[{"embeddable":true,"href":"https:\/\/www.vita-explorers.dk\/blog\/wp-json\/wp\/v2\/comments?post=21237"}],"version-history":[{"count":5,"href":"https:\/\/www.vita-explorers.dk\/blog\/wp-json\/wp\/v2\/posts\/21237\/revisions"}],"predecessor-version":[{"id":22506,"href":"https:\/\/www.vita-explorers.dk\/blog\/wp-json\/wp\/v2\/posts\/21237\/revisions\/22506"}],"wp:featuredmedia":[{"embeddable":true,"href":"https:\/\/www.vita-explorers.dk\/blog\/wp-json\/wp\/v2\/media\/15734"}],"wp:attachment":[{"href":"https:\/\/www.vita-explorers.dk\/blog\/wp-json\/wp\/v2\/media?parent=21237"}],"wp:term":[{"taxonomy":"category","embeddable":true,"href":"https:\/\/www.vita-explorers.dk\/blog\/wp-json\/wp\/v2\/categories?post=21237"},{"taxonomy":"post_tag","embeddable":true,"href":"https:\/\/www.vita-explorers.dk\/blog\/wp-json\/wp\/v2\/tags?post=21237"}],"curies":[{"name":"wp","href":"https:\/\/api.w.org\/{rel}","templated":true}]}}