{"id":21282,"date":"2025-06-09T17:30:09","date_gmt":"2025-06-09T15:30:09","guid":{"rendered":"https:\/\/www.globalong.com\/blog\/?p=21282"},"modified":"2025-06-09T17:30:09","modified_gmt":"2025-06-09T15:30:09","slug":"hvordan-engagerer-man-sig-i-et-internationalt-forlob","status":"publish","type":"post","link":"https:\/\/www.vita-explorers.dk\/blog\/hvordan-engagerer-man-sig-i-et-internationalt-forlob\/","title":{"rendered":"Hvordan engagerer man sig i et humanit\u00e6rt forl\u00f8b"},"content":{"rendered":"<p><iframe loading=\"lazy\" title=\"Depuis une recherche sur Google jusqu&#039;aux rencontres sur le terrain...\" width=\"422\" height=\"750\" src=\"https:\/\/www.youtube.com\/embed\/pxgJbMqEHIE?feature=oembed\" frameborder=\"0\" allow=\"accelerometer; autoplay; clipboard-write; encrypted-media; gyroscope; picture-in-picture; web-share\" referrerpolicy=\"strict-origin-when-cross-origin\" allowfullscreen><\/iframe><\/p>\n<p><!-- 1. Title & Meta --><\/p>\n<p><!-- 2. Canonical URL --><\/p>\n<p><!-- 3. JSON-LD Article --><br \/>\n<script type=\"application\/ld+json\">\n  {\n    \"@context\": \"https:\/\/schema.org\",\n    \"@type\": \"Article\",\n    \"headline\": \"S\u00e5dan engagerer du dig i et humanit\u00e6rt forl\u00f8b\",\n    \"description\": \"En trin-for-trin guide til at engagere dig i et humanit\u00e6rt forl\u00f8b: motivation, organisationer, proces, finansiering og oplevelser.\",\n    \"author\": {\n      \"@type\": \"Organization\",\n      \"name\": \"VITA Institute\"\n    },\n    \"datePublished\": \"2025-06-09\",\n    \"mainEntityOfPage\": {\n      \"@type\": \"WebPage\",\n      \"@id\": \"https:\/\/blog.globalong.com\/engager-mission-humanitaire\"\n    }\n  }\n  <\/script><\/p>\n<p><!-- 4. JSON-LD FAQ --><br \/>\n<script type=\"application\/ld+json\">\n  {\n    \"@context\": \"https:\/\/schema.org\",\n    \"@type\": \"FAQPage\",\n    \"mainEntity\": [\n      {\n        \"@type\": \"Question\",\n        \"name\": \"Hvad er minimumsalderen for at rejse ud?\",\n        \"acceptedAnswer\": {\n          \"@type\": \"Answer\",\n          \"text\": \"Du skal v\u00e6re fyldt 18 \u00e5r. Nogle organisationer accepterer fra 17 \u00e5r med for\u00e6ldresamtykke.\"\n        }\n      },\n      {\n        \"@type\": \"Question\",\n        \"name\": \"Hvor l\u00e6nge skal man engagere sig?\",\n        \"acceptedAnswer\": {\n          \"@type\": \"Answer\",\n          \"text\": \"Fra 2 uger (korte forl\u00f8b) til 12 m\u00e5neder. Udviklingsprojekter varer ofte 6\u201312 m\u00e5neder.\"\n        }\n      },\n      {\n        \"@type\": \"Question\",\n        \"name\": \"Kan man rejse ud som familie?\",\n        \"acceptedAnswer\": {\n          \"@type\": \"Answer\",\n          \"text\": \"Ja, nogle forl\u00f8b tager imod deltagere, der rejser sammen med familie.\"\n        }\n      },\n      {\n        \"@type\": \"Question\",\n        \"name\": \"Skal man kunne det lokale sprog?\",\n        \"acceptedAnswer\": {\n          \"@type\": \"Answer\",\n          \"text\": \"Et godt niveau i engelsk er som regel n\u00f8dvendigt, og det anbefales kraftigt at l\u00e6re noget af det lokale sprog.\"\n        }\n      },\n      {\n        \"@type\": \"Question\",\n        \"name\": \"Hvordan kan jeg finansiere mit humanit\u00e6re forl\u00f8b?\",\n        \"acceptedAnswer\": {\n          \"@type\": \"Answer\",\n          \"text\": \"Egenbetaling, stipendier, tilskud, crowdfunding og virksomhedssamarbejder kan v\u00e6re m\u00e5der at d\u00e6kke udgifterne p\u00e5.\"\n        }\n      }\n    ]\n  }\n  <\/script><\/p>\n<p><!-- 5. Styles & Performance --><br \/>\n<!--  \t<link rel=\"stylesheet\" href=\"\/css\/styles.min.css\" \/> --><br \/>\n<!-- Aktiv\u00e9r GZIP\/Brotli-komprimering p\u00e5 serversiden. --><\/p>\n<p><!-- Br\u00f8dkrumme --><\/p>\n<nav aria-label=\"Breadcrumb\">\n<ol class=\"breadcrumb\">\n<li><a href=\"https:\/\/www.vita-explorers.dk\/\" target=\"_blank\" rel=\"noopener\">Forside<\/a><\/li>\n<li><a href=\"https:\/\/www.vita-explorers.dk\/blog\/\" target=\"_blank\" rel=\"noopener\">Blog<\/a><\/li>\n<li aria-current=\"page\">S\u00e5dan engagerer du dig i et humanit\u00e6rt forl\u00f8b<\/li>\n<\/ol>\n<\/nav>\n<p><!-- Hovedtitel (H1) --><\/p>\n<h1>S\u00e5dan engagerer du dig i et humanit\u00e6rt forl\u00f8b<\/h1>\n<p><!-- Klikbar indholdsfortegnelse --><\/p>\n<nav class=\"toc\">\n<ul>\n<li><a href=\"#introduction\">Introduktion<\/a><\/li>\n<li><a href=\"#pourquoi\">Hvorfor engagere sig?<\/a><\/li>\n<li><a href=\"#types\">Typer af forl\u00f8b<\/a><\/li>\n<li><a href=\"#choix-ong\">V\u00e6lg den rette organisation<\/a><\/li>\n<li><a href=\"#postuler\">Vigtige trin i ans\u00f8gningen<\/a><\/li>\n<li><a href=\"#logistique\">Administrativ og praktisk forberedelse<\/a><\/li>\n<li><a href=\"#financement\">Finansiering og st\u00f8tte<\/a><\/li>\n<li><a href=\"#competences\">Kompetencer og forberedelse<\/a><\/li>\n<li><a href=\"#terrain\">Hverdagen p\u00e5 stedet<\/a><\/li>\n<li><a href=\"#impact\">M\u00e5l og synligg\u00f8r din indsats<\/a><\/li>\n<li><a href=\"#temoignages\">Oplevelser<\/a><\/li>\n<li><a href=\"#faq\">Uddybende FAQ<\/a><\/li>\n<li><a href=\"#conclusion\">Afrunding &#038; CTA<\/a><\/li>\n<\/ul>\n<\/nav>\n<section id=\"introduction\">\n<h2><strong>1. Introduktion<\/strong><\/h2>\n<p style=\"text-align: justify;\">At engagere sig i et humanit\u00e6rt forl\u00f8b kan \u00e6ndre dit blik p\u00e5 verden \u2013 og p\u00e5 dig selv. Det er en menneskelig oplevelse, hvor kulturudveksling, faglig l\u00e6ring og personlig udvikling ofte g\u00e5r h\u00e5nd i h\u00e5nd. Du bidrager med din tid og dine kompetencer, men du vender typisk hjem med endnu flere perspektiver, end du rejste ud med. I denne guide f\u00f8lger vi dig trin for trin i det vigtigste sp\u00f8rgsm\u00e5l: <strong>Hvordan engagerer man sig i et humanit\u00e6rt forl\u00f8b<\/strong>? Fra at afklare din motivation til at s\u00e6tte ord p\u00e5 din erfaring: her f\u00e5r du overblikket til at lykkes med dit projekt hos VITA Institute.<\/p>\n<p><img loading=\"lazy\" decoding=\"async\" class=\"aligncenter wp-image-21242 size-medium\" src=\"https:\/\/www.vita-explorers.dk\/blog\/wp-content\/uploads\/2025\/05\/ChatGPT-Image-25-mai-2025-19_26_45-300x200.png\" alt=\"Forbered dit humanit\u00e6re ophold i udlandet\" width=\"300\" height=\"200\" srcset=\"https:\/\/www.vita-explorers.dk\/blog\/wp-content\/uploads\/2025\/05\/ChatGPT-Image-25-mai-2025-19_26_45-300x200.png 300w, https:\/\/www.vita-explorers.dk\/blog\/wp-content\/uploads\/2025\/05\/ChatGPT-Image-25-mai-2025-19_26_45-1024x683.png 1024w, https:\/\/www.vita-explorers.dk\/blog\/wp-content\/uploads\/2025\/05\/ChatGPT-Image-25-mai-2025-19_26_45-768x512.png 768w, https:\/\/www.vita-explorers.dk\/blog\/wp-content\/uploads\/2025\/05\/ChatGPT-Image-25-mai-2025-19_26_45.png 1536w\" sizes=\"(max-width: 300px) 100vw, 300px\" \/><\/p>\n<\/section>\n<section id=\"pourquoi\">\n<h2>2. Hvorfor engagere sig i et humanit\u00e6rt forl\u00f8b?<\/h2>\n<p style=\"text-align: justify;\">Start med at v\u00e6re \u00e6rlig omkring dine drivkr\u00e6fter. \u00d8nsket om at g\u00f8re en forskel er sj\u00e6ldent kun en impuls \u2013 for mange bliver det en retning. Her er fire typiske grunde til, at mennesker v\u00e6lger frivilligt arbejde og internationale forl\u00f8b:<\/p>\n<ul>\n<li style=\"text-align: justify;\"><strong>Meningsfuldhed<\/strong> : at bidrage konkret til bedre hverdagsvilk\u00e5r for mennesker i s\u00e5rbare situationer.<\/li>\n<li style=\"text-align: justify;\"><strong>Personlig udvikling<\/strong> : at tr\u00e6de ud af komfortzonen, styrke din tilpasningsevne og din empati.<\/li>\n<li style=\"text-align: justify;\"><strong>Faglig l\u00e6ring<\/strong> : at opbygge kompetencer inden for projektarbejde, samarbejde, ledelse og interkulturel kommunikation.<\/li>\n<li style=\"text-align: justify;\"><strong>Kulturel indsigt<\/strong> : at komme t\u00e6t p\u00e5 en ny kultur og f\u00e5 et naturligt l\u00f8ft i sprog og kulturforst\u00e5else.<\/li>\n<\/ul>\n<blockquote><p>\u201cMit forl\u00f8b i <a href=\"https:\/\/www.vita-explorers.dk\/frivilligt-arbejde\/frivilligt-arbejde-kenya.html\" target=\"_blank\" rel=\"noopener\">Kenya<\/a> blev et vendepunkt: Jeg fandt ud af, at solidaritet ikke kun er en id\u00e9 \u2013 det er noget, man g\u00f8r i praksis.\u201d<br \/>\n\u2014 David, VITA Explorer 2025<\/p><\/blockquote>\n<p style=\"text-align: justify;\">De positive sider \u00e6ndrer ikke ved, at der ogs\u00e5 kan v\u00e6re udfordringer: en enkel hverdag, h\u00f8j arbejdsintensitet og uforudsete praktiske forhold. Forbered dig mentalt, og l\u00e6g en realistisk plan, s\u00e5 du f\u00e5r mest muligt ud af oplevelsen.<\/p>\n<\/section>\n<section id=\"types\">\n<h2>3. De forskellige typer humanit\u00e6re forl\u00f8b<\/h2>\n<p style=\"text-align: justify;\">Valget af forl\u00f8bstype har betydning for din rolle, varighed, forventninger og de kompetencer, der er brug for. Her er fire overordnede typer af forl\u00f8b hos VITA Institute:<\/p>\n<h3><strong>3.1. Akut indsats og n\u00f8dhj\u00e6lp<\/strong><\/h3>\n<p style=\"text-align: justify;\">Hurtige indsatser efter naturkatastrofer (jordsk\u00e6lv, oversv\u00f8mmelser) eller humanit\u00e6re kriser (konflikter, epidemier). Varighed: 2 til 4 uger. Profil: redningsfolk, logistikere, sundhedsprofessionelle. Forl\u00f8bene kr\u00e6ver h\u00f8j omstillingsevne og god stresstolerance.<\/p>\n<h3><strong>3.2. Udviklingsprojekter p\u00e5 mellem og lang sigt<\/strong><\/h3>\n<p style=\"text-align: justify;\">Langsigtede indsatser som opbygning af infrastruktur (skoler, sundhedsklinikker, br\u00f8nde), folkesundhedsprogrammer, undervisnings- og landbrugsprojekter. Varighed: 1 til 12 m\u00e5neder. Profil: ingeni\u00f8rer, undervisere, agronomer, sundhedsprofessionelle. Du indg\u00e5r i arbejdet t\u00e6t p\u00e5 de lokale f\u00e6llesskaber for at styrke holdbarheden af det, der s\u00e6ttes i gang.<\/p>\n<h3><strong>3.3. Frivilligt arbejde med faglige kompetencer<\/strong><\/h3>\n<p style=\"text-align: justify;\">Del din viden inden for projektledelse, kommunikation, fundraising, \u00f8konomi eller IT. Varighed: 1 til 6 m\u00e5neder, ofte side om side med en lokal kollega. Profil: specialister, konsulenter og fagpersoner. Fokus er typisk at styrke organisationers kapacitet og arbejdsgange.<\/p>\n<h3><strong>3.4. Studieforl\u00f8b og familieforl\u00f8b<\/strong><\/h3>\n<p style=\"text-align: justify;\">Korte, rammesatte forl\u00f8b for <a href=\"https:\/\/www.vita-explorers.dk\/blog\/solidaritetsprojekter-for-studerende\/\" target=\"_blank\" rel=\"noopener\">studerende<\/a>, gymnasieelever og familier, der gerne vil engagere sig sammen. Varighed: 2 uger til 2 m\u00e5neder. Profil: grupper, med st\u00f8tte fra erfarne koordinatorer. P\u00e6dagogiske m\u00e5l: l\u00e6ring, kulturudveksling og f\u00e6lles, overskuelige aktiviteter.<\/p>\n<p><img loading=\"lazy\" decoding=\"async\" class=\"aligncenter wp-image-19736 size-medium\" src=\"https:\/\/www.vita-explorers.dk\/blog\/wp-content\/uploads\/2024\/12\/107695164_1357931937735407_4757696997449785457_n-225x300.jpg\" alt=\"S\u00e5dan engagerer du dig i et humanit\u00e6rt forl\u00f8b\" width=\"225\" height=\"300\" srcset=\"https:\/\/www.vita-explorers.dk\/blog\/wp-content\/uploads\/2024\/12\/107695164_1357931937735407_4757696997449785457_n-225x300.jpg 225w, https:\/\/www.vita-explorers.dk\/blog\/wp-content\/uploads\/2024\/12\/107695164_1357931937735407_4757696997449785457_n.jpg 720w\" sizes=\"(max-width: 225px) 100vw, 225px\" \/><\/p>\n<\/section>\n<section id=\"choix-ong\">\n<h2><strong>4. Kriterier for at v\u00e6lge den rette organisation<\/strong><\/h2>\n<p style=\"text-align: justify;\">Organisationer arbejder forskelligt: nogle har st\u00e6rk international r\u00e6kkevidde, andre har s\u00e6rligt godt lokalkendskab. For at finde et forl\u00f8b, der passer til dig, kan du l\u00e6ne dig op ad disse seks grundl\u00e6ggende kriterier:<\/p>\n<ol>\n<li><strong>Trov\u00e6rdighed og dokumentation<\/strong><br \/>\nTjek anerkendelser, \u00e5benhed og \u00f8konomisk gennemsigtighed.<\/li>\n<li><strong>Omr\u00e5de og sikkerhed<\/strong><br \/>\nSe p\u00e5 den politiske situation, klima, rejsevejledninger og generelt risikoniveau.<\/li>\n<li><strong>Projektets indhold og varighed<\/strong><br \/>\nS\u00f8rg for, at forl\u00f8bet matcher dine kompetencer, din tid og din motivation.<\/li>\n<li><strong>Forberedelse og st\u00f8tte<\/strong><br \/>\nInden afrejse: sikkerhed, f\u00f8rstehj\u00e6lp og interkulturel forst\u00e5else. P\u00e5 stedet: kontaktperson, hotline og praktisk support.<\/li>\n<li><strong>Pris og gennemsigtighed<\/strong><br \/>\nF\u00e5 overblik over udgifter (administration, forberedelse, ophold, transport, forsikring) og hvordan midlerne bruges.<\/li>\n<li><strong>Erfaringer fra tidligere deltagere<\/strong><br \/>\n<a href=\"https:\/\/www.vita-explorers.dk\/blog\/avis-globalong\/\" target=\"_blank\" rel=\"noopener\">L\u00e6s erfaringer<\/a> og eventuelle impact-rapporter \u2013 ogs\u00e5 i uafh\u00e6ngige fora.<\/li>\n<\/ol>\n<p><a title=\"Nos actions terrain\" href=\"https:\/\/www.vita-explorers.dk\/frivilligt-arbejde\/\" target=\"_blank\" rel=\"noopener\">Se VITA Institutes forl\u00f8b og indsatser<\/a> for at blive inspireret.<\/p>\n<\/section>\n<section id=\"postuler\">\n<h2><strong>5. Vigtige trin i ans\u00f8gningen<\/strong><\/h2>\n<p style=\"text-align: justify;\">En god ans\u00f8gning handler om et gennemarbejdet materiale, realistisk forberedelse og tydelig kommunikation. Brug disse tre faser til at \u00f8ge dine chancer for at blive optaget.<\/p>\n<h3><strong>5.1. Forbered din ans\u00f8gning<\/strong><\/h3>\n<ul>\n<li><strong>M\u00e5lrettet CV<\/strong> : fremh\u00e6v dine <a href=\"https:\/\/www.vita-explorers.dk\/blog\/h\u00e5rde-kompetencer-og-internationalt-frivilligt-arbejde\/\" target=\"_blank\" rel=\"noopener\">hard skills<\/a> (faglige\/tekniske) og <a href=\"https:\/\/www.vita-explorers.dk\/blog\/tv\u00e6rg\u00e5ende-kompetencer-soft-skills\/\" target=\"_blank\" rel=\"noopener\">soft skills<\/a> (tilpasningsevne, samarbejde, ansvarlighed).<\/li>\n<li><a href=\"https:\/\/www.vita-explorers.dk\/blog\/motivationsbrev-til-medicinsk-praktik-i-udlandet\/\" target=\"_blank\" rel=\"noopener\"><strong>Personlig motiveret ans\u00f8gning<\/strong><\/a> : fort\u00e6l om din motivation, din forst\u00e5else af konteksten og dine forventninger.<\/li>\n<li><strong>Dokumentation<\/strong> : relevante certifikater (f\u00f8rstehj\u00e6lp, sprog, evt. internationalt k\u00f8rekort).<\/li>\n<\/ul>\n<h3><strong>5.2. Udv\u00e6lgelsessamtaler<\/strong><\/h3>\n<p>Forbered dig p\u00e5 telefon- eller videosamtaler. Du bliver typisk vurderet p\u00e5:<\/p>\n<ul>\n<li>Din motivation og dit engagement.<\/li>\n<li>Din evne til at h\u00e5ndtere uforudsete situationer og <a href=\"https:\/\/www.vita-explorers.dk\/blog\/stresshaandtering-for-studerende-paa-praktik-i-udlandet\/\" target=\"_blank\" rel=\"noopener\">stress<\/a>.<\/li>\n<li>Dine sprogf\u00e6rdigheder (ofte engelsk, nogle gange ogs\u00e5 lokalt sprog).<\/li>\n<li>Konkrete cases (logistik, samarbejde p\u00e5 tv\u00e6rs af kultur).<\/li>\n<\/ul>\n<h3><strong>5.3. Godkendelse og aftale<\/strong><\/h3>\n<p>N\u00e5r du er optaget:<\/p>\n<ul>\n<li>Varighed og rammer for forl\u00f8bet.<\/li>\n<li>Rettigheder og ansvar (forsikring, hjemtransport, fortrolighed).<\/li>\n<li><a href=\"https:\/\/www.vita-explorers.dk\/blog\/charte-for-internationalt-frivilligt-arbejde\/\" target=\"_blank\" rel=\"noopener\">Etiske retningslinjer<\/a> (neutralitet, respekt og ansvarlig praksis).<\/li>\n<\/ul>\n<p><img loading=\"lazy\" decoding=\"async\" class=\"aligncenter wp-image-19334 size-medium\" src=\"https:\/\/www.vita-explorers.dk\/blog\/wp-content\/uploads\/2024\/11\/36517409686_5be92744ac_w-300x225.jpg\" alt=\"S\u00e5dan engagerer du dig i et humanit\u00e6rt forl\u00f8b\" width=\"300\" height=\"225\" srcset=\"https:\/\/www.vita-explorers.dk\/blog\/wp-content\/uploads\/2024\/11\/36517409686_5be92744ac_w-300x225.jpg 300w, https:\/\/www.vita-explorers.dk\/blog\/wp-content\/uploads\/2024\/11\/36517409686_5be92744ac_w.jpg 400w\" sizes=\"(max-width: 300px) 100vw, 300px\" \/><\/p>\n<\/section>\n<section id=\"logistique\">\n<h2><strong>6. Administrativ og praktisk forberedelse<\/strong><\/h2>\n<p style=\"text-align: justify;\">God planl\u00e6gning g\u00f8r en stor forskel for, hvordan dit forl\u00f8b bliver. G\u00e5 systematisk til v\u00e6rks, s\u00e5 du undg\u00e5r un\u00f8dige overraskelser.<\/p>\n<h3><strong>6.1. Visum og indrejsekrav<\/strong><\/h3>\n<p>Afh\u00e6ngigt af land skal du v\u00e6lge den rette visumtype.<br \/>\nSaml en solid dokumentpakke med:<\/p>\n<ul>\n<li>Bekr\u00e6ftelse p\u00e5 forl\u00f8b fra organisationen.<\/li>\n<li>Sygeforsikring og hjemtransport.<\/li>\n<li>Pas, der er gyldigt mindst 6 m\u00e5neder efter hjemrejsedato.<\/li>\n<\/ul>\n<h3><strong>6.2. Forsikring og vaccinationer<\/strong><\/h3>\n<p><a href=\"https:\/\/www.vita-explorers.dk\/blog\/rejseforsikring-til-internationale-forloeb\/\" target=\"_blank\" rel=\"noopener\">Tegn en forsikring<\/a> der d\u00e6kker behandling, indl\u00e6ggelse og medicinsk evakuering.<br \/>\nOpdater dine vaccinationer:<\/p>\n<ul>\n<li>Gul feber (certifikat kan v\u00e6re p\u00e5kr\u00e6vet).<\/li>\n<li>Hepatitis A\/B, tyfus, malariaforebyggelse.<\/li>\n<li>S\u00e6sonvacciner (influenza, COVID-19).<\/li>\n<\/ul>\n<h3><strong>6.3. Udstyr og pakkeliste<\/strong><\/h3>\n<p>Pak praktisk og funktionelt:<\/p>\n<ul>\n<li>Alsidigt t\u00f8j (let, \u00e5ndbart og d\u00e6kkende).<\/li>\n<li>F\u00f8rstehj\u00e6lpskit og personlige l\u00e6gemidler.<\/li>\n<li>Pandelampe, powerbank, international adapter.<\/li>\n<li>B\u00e6rbar computer og smartphone med vandt\u00e6t beskyttelse.<\/li>\n<\/ul>\n<h3><strong>6.4. Kommunikations- og sikkerhedsplan<\/strong><\/h3>\n<p style=\"text-align: justify;\">Lav en enkel plan: aftalte kontaktpunkter, n\u00f8dnumre (organisation, ambassade) og hvor ofte du giver lyd fra dig til din kontaktperson.<\/p>\n<p><img loading=\"lazy\" decoding=\"async\" class=\"aligncenter wp-image-19309 size-medium\" src=\"https:\/\/www.vita-explorers.dk\/blog\/wp-content\/uploads\/2024\/11\/29949402438_e9492b2e8c_w-300x225.jpg\" alt=\"S\u00e5dan engagerer du dig i et humanit\u00e6rt forl\u00f8b i udlandet\" width=\"300\" height=\"225\" srcset=\"https:\/\/www.vita-explorers.dk\/blog\/wp-content\/uploads\/2024\/11\/29949402438_e9492b2e8c_w-300x225.jpg 300w, https:\/\/www.vita-explorers.dk\/blog\/wp-content\/uploads\/2024\/11\/29949402438_e9492b2e8c_w.jpg 400w\" sizes=\"(max-width: 300px) 100vw, 300px\" \/><\/p>\n<\/section>\n<section id=\"financement\">\n<h2><strong>7. Finansiering og mulige st\u00f8tteordninger<\/strong><\/h2>\n<p style=\"text-align: justify;\">Udgifterne til et ophold kan v\u00e6re en investering. Unders\u00f8g flere veje til finansiering, s\u00e5 budgettet bliver mere overskueligt.<\/p>\n<h3><strong>7.1. Egenbetaling og skattem\u00e6ssige forhold<\/strong><\/h3>\n<p>Brug opsparing og unders\u00f8g relevante fradragsmuligheder for donationer og udgifter.<\/p>\n<h3><strong>7.2. Legater og tilskud<\/strong><\/h3>\n<ul>\n<li>Studielegater (Erasmus+).<\/li>\n<li>Offentlige tilskud (kommuner, statslige puljer).<\/li>\n<li>Private fonde.<\/li>\n<\/ul>\n<h3><strong>7.3. Crowdfunding og partnerskaber<\/strong><\/h3>\n<p>Start en crowdfunding-kampagne. Lav et tydeligt budget, og opdater l\u00f8bende, s\u00e5 folk kan f\u00f8lge med og st\u00f8tte p\u00e5 et oplyst grundlag.<\/p>\n<p><img loading=\"lazy\" decoding=\"async\" class=\"aligncenter wp-image-19267 size-medium\" src=\"https:\/\/www.vita-explorers.dk\/blog\/wp-content\/uploads\/2024\/11\/23996459023_a83a6f01dd_z-300x200.jpg\" alt=\"Studerende p\u00e5 praktikophold i udlandet med VITA Institute\" width=\"300\" height=\"200\" srcset=\"https:\/\/www.vita-explorers.dk\/blog\/wp-content\/uploads\/2024\/11\/23996459023_a83a6f01dd_z-300x200.jpg 300w, https:\/\/www.vita-explorers.dk\/blog\/wp-content\/uploads\/2024\/11\/23996459023_a83a6f01dd_z.jpg 640w\" sizes=\"(max-width: 300px) 100vw, 300px\" \/><\/p>\n<\/section>\n<section id=\"competences\">\n<h2><strong>8. Kompetencer, forberedelse og sundhed<\/strong><\/h2>\n<p>For at kunne bidrage ansvarligt \u2013 og passe p\u00e5 dig selv \u2013 er det en god id\u00e9 at styrke dine kompetencer og f\u00e5 et sundhedstjek.<\/p>\n<h3><strong>8.1. Vigtige soft skills<\/strong><\/h3>\n<ul>\n<li>Empati og aktiv lytning.<\/li>\n<li>Tilpasningsevne, n\u00e5r planer \u00e6ndrer sig.<\/li>\n<li>Stresstolerance og robusthed.<\/li>\n<li>Samarbejde i et mangfoldigt team.<\/li>\n<\/ul>\n<h3><strong>8.2. Nyttige hard skills<\/strong><\/h3>\n<ul>\n<li>Sprog: engelsk, fransk eller spansk afh\u00e6ngigt af omr\u00e5de.<\/li>\n<li>Teknik: byggeri, vand\/hydraulik, agro\u00f8kologi.<\/li>\n<li>IT: Office-pakken, samarbejdsv\u00e6rkt\u00f8jer, GIS-kortl\u00e6gning.<\/li>\n<\/ul>\n<h3><strong>8.3. Forberedelse f\u00f8r afrejse<\/strong><\/h3>\n<p>Tag relevante moduler om:<\/p>\n<ul>\n<li>Sikkerhed i omr\u00e5der med \u00f8get risiko.<\/li>\n<li>F\u00f8rstehj\u00e6lp under enkle forhold.<\/li>\n<li>Interkulturel forst\u00e5else og konflikth\u00e5ndtering.<\/li>\n<\/ul>\n<h3><strong>8.4. Sundhedsopf\u00f8lgning<\/strong><\/h3>\n<ul>\n<li>Helbredstjek f\u00f8r afrejse.<\/li>\n<li>Gennemgang af vaccinationer.<\/li>\n<li>Introduktion til h\u00e5ndtering af akutte situationer.<\/li>\n<\/ul>\n<p><img loading=\"lazy\" decoding=\"async\" class=\"aligncenter wp-image-18965 size-medium\" src=\"https:\/\/www.vita-explorers.dk\/blog\/wp-content\/uploads\/2014\/11\/cropped-cropped-Logo-et-Afrique-Globalong-petite-taille-2-300x300.jpg\" alt=\"Forberedelse f\u00f8r et humanit\u00e6rt forl\u00f8b\" width=\"300\" height=\"300\" srcset=\"https:\/\/www.vita-explorers.dk\/blog\/wp-content\/uploads\/2014\/11\/cropped-cropped-Logo-et-Afrique-Globalong-petite-taille-2-300x300.jpg 300w, https:\/\/www.vita-explorers.dk\/blog\/wp-content\/uploads\/2014\/11\/cropped-cropped-Logo-et-Afrique-Globalong-petite-taille-2-150x150.jpg 150w, https:\/\/www.vita-explorers.dk\/blog\/wp-content\/uploads\/2014\/11\/cropped-cropped-Logo-et-Afrique-Globalong-petite-taille-2-270x270.jpg 270w, https:\/\/www.vita-explorers.dk\/blog\/wp-content\/uploads\/2014\/11\/cropped-cropped-Logo-et-Afrique-Globalong-petite-taille-2-192x192.jpg 192w, https:\/\/www.vita-explorers.dk\/blog\/wp-content\/uploads\/2014\/11\/cropped-cropped-Logo-et-Afrique-Globalong-petite-taille-2-180x180.jpg 180w, https:\/\/www.vita-explorers.dk\/blog\/wp-content\/uploads\/2014\/11\/cropped-cropped-Logo-et-Afrique-Globalong-petite-taille-2-32x32.jpg 32w, https:\/\/www.vita-explorers.dk\/blog\/wp-content\/uploads\/2014\/11\/cropped-cropped-Logo-et-Afrique-Globalong-petite-taille-2.jpg 512w\" sizes=\"(max-width: 300px) 100vw, 300px\" \/><\/p>\n<\/section>\n<section id=\"terrain\">\n<h2><strong>9. Hverdagen p\u00e5 stedet<\/strong><\/h2>\n<p>Hvordan du falder til, har stor betydning for, hvordan dit forl\u00f8b bliver. Her er de vigtigste forhold at tage h\u00f8jde for.<\/p>\n<h3><strong>9.1. Indkvartering og mad<\/strong><\/h3>\n<p style=\"text-align: justify;\">Du bor ofte p\u00e5 f\u00e6lles sovesale eller privat. V\u00e6r indstillet p\u00e5 at dele plads, respektere lokale rammer og tilpasse dig kosten i landet.<\/p>\n<h3><strong>9.2. Tidsstyring og rutiner<\/strong><\/h3>\n<p style=\"text-align: justify;\">Skab en god rytme: formiddage til projektet, eftermiddage til koordinering, aftener med friere tid. Planl\u00e6g ogs\u00e5 pauser, s\u00e5 du ikke br\u00e6nder ud.<\/p>\n<h3><strong>9.3. Relationer i lokalsamfundet<\/strong><\/h3>\n<p>L\u00e6r nogle ord p\u00e5 det lokale sprog for at skabe kontakt. Deltag i kulturelle aktiviteter, og v\u00e6r n\u00e6rv\u00e6rende og respektfuld.<\/p>\n<h3><strong>9.4. Sikkerhedsprocedurer<\/strong><\/h3>\n<p style=\"text-align: justify;\">F\u00e5 styr p\u00e5 sikre omr\u00e5der, f\u00f8lg instruktionerne fra organisationen, og hav altid kontaktoplysninger til din kontaktperson og ambassade p\u00e5 dig.<\/p>\n<p><iframe loading=\"lazy\" title=\"Partir en mission avec Globalong : des moments partag\u00e9s \u00e0 travers le monde\" width=\"422\" height=\"750\" src=\"https:\/\/www.youtube.com\/embed\/ZRC4xs6EX2g?feature=oembed\" frameborder=\"0\" allow=\"accelerometer; autoplay; clipboard-write; encrypted-media; gyroscope; picture-in-picture; web-share\" referrerpolicy=\"strict-origin-when-cross-origin\" allowfullscreen><\/iframe><\/p>\n<\/section>\n<section id=\"impact\">\n<h2><strong>10. M\u00e5l og synligg\u00f8r din indsats<\/strong><\/h2>\n<p style=\"text-align: justify;\">For at styrke kvaliteten og l\u00e6ringen i forl\u00f8bet kan det hj\u00e6lpe at arbejde med enkle indikatorer og afsluttende evalueringer.<\/p>\n<h3><strong>10.1. Kvantitative indikatorer<\/strong><\/h3>\n<ul>\n<li>Antal mennesker, der er n\u00e5et.<\/li>\n<li>Byggeri eller renoveringer, der er gennemf\u00f8rt.<\/li>\n<li>M\u00e6ngde vand distribueret, antal undervisningsforl\u00f8b.<\/li>\n<\/ul>\n<h3><strong>10.2. Kvalitative indikatorer<\/strong><\/h3>\n<ul>\n<li>Oplevelser fra dem, det handler om.<\/li>\n<li>Observerede \u00e6ndringer i praksis og adf\u00e6rd.<\/li>\n<li>Tilfredshed blandt lokale samarbejdspartnere.<\/li>\n<\/ul>\n<h3><strong>10.3. Rapporter og opsamling<\/strong><\/h3>\n<p style=\"text-align: justify;\">Lav en kort status undervejs og en afsluttende opsamling med dine vigtigste l\u00e6ringer. Del den gerne med VITA community og p\u00e5 <a href=\"https:\/\/www.vita-explorers.dk\/blog\/VITA-tips: S\u00e5dan fremh\u00e6ver du dit engagement som deltager p\u00e5 LinkedIn\/\" target=\"_blank\" rel=\"noopener\">LinkedIn<\/a>, hvis du vil synligg\u00f8re dine erfaringer.<\/p>\n<\/section>\n<section id=\"temoignages\">\n<h2><strong>11. Oplevelser fra deltagere<\/strong><\/h2>\n<blockquote><p>\u201cAt se landsbyer f\u00e5 adgang til rent drikkevand gjorde et stort indtryk. Forl\u00f8bet l\u00e6rte mig v\u00e6rdien af teamwork.\u201d<\/p><\/blockquote>\n<blockquote><p>\u201cJeg l\u00e6rte at handle i pressede situationer og h\u00e5ndtere stress. Det gav mig en ro og robusthed, jeg ikke havde f\u00f8r.\u201d<\/p><\/blockquote>\n<blockquote><p>\u201cAt m\u00f8de en helt anden hverdag \u00e5bnede nye horisonter og gav mig lysten til at blive underviser.\u201d<\/p>\n<div class=\"ti-widget ti-goog\" data-layout-id=\"4\" data-set-id=\"light-background\" data-pid=\"\" data-language=\"fr\" data-version=\"2\" data-review-target-width=\"300\" data-review-text-mode=\"readmore\" data-pager-autoplay-timeout=\"6\" > <div class=\"ti-widget-container ti-col-3\"> <div class=\"ti-reviews-container\"> <div class=\"ti-controls\"> <div class=\"ti-next\" aria-label=\"Avis suivante\" role=\"button\"><\/div> <div class=\"ti-prev\" aria-label=\"Avis pr\u00e9c\u00e9dent\" role=\"button\"><\/div> <\/div> <div class=\"ti-reviews-container-wrapper\">  <div data-empty=\"0\" class=\"ti-review-item source-Google ti-image-layout-thumbnail\" data-id=\"cfcd208495d565ef66e7dff9f98764da\" > <div class=\"ti-inner\"> <div class=\"ti-review-header\"> <div class=\"ti-profile-img\"> <img decoding=\"async\" src=\"https:\/\/lh3.googleusercontent.com\/a\/ACg8ocKpaoKe37CD0_POxO97KqB60GsWQRsIuG2vmCfXT-W_FY44vw=s120-c-rp-mo-br100\" srcset=\"https:\/\/lh3.googleusercontent.com\/a\/ACg8ocKpaoKe37CD0_POxO97KqB60GsWQRsIuG2vmCfXT-W_FY44vw=s120-c-rp-mo-br100 2x\" alt=\"Lucie Correia\" loading=\"lazy\" \/> <\/div> <div class=\"ti-profile-details\"> <div class=\"ti-name\"> Lucie Correia <\/div> <div class=\"ti-date\">2024-10-17<\/div> <\/div> <\/div> <span class=\"ti-stars\"><span class=\"ti-star f\"><\/span><span class=\"ti-star f\"><\/span><span class=\"ti-star f\"><\/span><span class=\"ti-star f\"><\/span><span class=\"ti-star f\"><\/span><\/span> <div class=\"ti-review-text-container ti-review-content\"><!-- R-CONTENT -->La communication avec Globalong est super, personnes tr\u00e8s pr\u00e9sentes pour les b\u00e9n\u00e9voles et \u00e9tudiants partant avec cette association. Elles r\u00e9pondent \u00e0 toutes nos questions et sont tr\u00e8s accessibles au t\u00e9l\u00e9phone.<!-- R-CONTENT --><\/div> <span class=\"ti-read-more\" data-container=\".ti-review-content\" data-collapse-text=\"Cacher\" data-open-text=\"Lire la suite\" ><\/span> <\/div> <\/div>  <div data-empty=\"0\" class=\"ti-review-item source-Google ti-image-layout-thumbnail\" data-id=\"cfcd208495d565ef66e7dff9f98764da\" > <div class=\"ti-inner\"> <div class=\"ti-review-header\"> <div class=\"ti-profile-img\"> <img decoding=\"async\" src=\"https:\/\/lh3.googleusercontent.com\/a-\/ALV-UjWqnnzM7-7c9BDqeTDF-a7pOgNjvLkJ3WshRd_Tn7z0Eu-AGQwo=s120-c-rp-mo-br100\" srcset=\"https:\/\/lh3.googleusercontent.com\/a-\/ALV-UjWqnnzM7-7c9BDqeTDF-a7pOgNjvLkJ3WshRd_Tn7z0Eu-AGQwo=s120-c-rp-mo-br100 2x\" alt=\"Ra\u00efssa Frisch\" loading=\"lazy\" \/> <\/div> <div class=\"ti-profile-details\"> <div class=\"ti-name\"> Ra\u00efssa Frisch <\/div> <div class=\"ti-date\">2024-10-14<\/div> <\/div> <\/div> <span class=\"ti-stars\"><span class=\"ti-star f\"><\/span><span class=\"ti-star f\"><\/span><span class=\"ti-star f\"><\/span><span class=\"ti-star f\"><\/span><span class=\"ti-star f\"><\/span><\/span> <div class=\"ti-review-text-container ti-review-content\"><!-- R-CONTENT -->J\u2019ai d\u00e9j\u00e0 eu l\u2019opportunit\u00e9 de r\u00e9aliser deux projets humanitaires avec l\u2019association Globalong. Je ne peux que la recommander, car j\u2019ai toujours b\u00e9n\u00e9fici\u00e9 d\u2019un excellent accompagnement, aussi bien avant que pendant le voyage. On ne vous laisse pas vous d\u00e9brouiller seuls, bien au contraire, vous \u00eates tr\u00e8s bien encadr\u00e9s pour accomplir toutes les d\u00e9marches dans les d\u00e9lais.\n\nAu-del\u00e0 du suivi, les exp\u00e9riences humanitaires propos\u00e9es par Globalong ne peuvent que transformer votre vie de mani\u00e8re positive. Elles vous apportent une richesse humaine inestimable.<!-- R-CONTENT --><\/div> <span class=\"ti-read-more\" data-container=\".ti-review-content\" data-collapse-text=\"Cacher\" data-open-text=\"Lire la suite\" ><\/span> <\/div> <\/div>  <div data-empty=\"0\" class=\"ti-review-item source-Google ti-image-layout-thumbnail\" data-id=\"cfcd208495d565ef66e7dff9f98764da\" > <div class=\"ti-inner\"> <div class=\"ti-review-header\"> <div class=\"ti-profile-img\"> <img decoding=\"async\" src=\"https:\/\/lh3.googleusercontent.com\/a\/ACg8ocJL-Dxv25YkXK2QwWPNRxTVqZCv5uTmDQDFg5qslKra3vRZew=s120-c-rp-mo-br100\" srcset=\"https:\/\/lh3.googleusercontent.com\/a\/ACg8ocJL-Dxv25YkXK2QwWPNRxTVqZCv5uTmDQDFg5qslKra3vRZew=s120-c-rp-mo-br100 2x\" alt=\"Tara Turan\" loading=\"lazy\" \/> <\/div> <div class=\"ti-profile-details\"> <div class=\"ti-name\"> Tara Turan <\/div> <div class=\"ti-date\">2024-10-14<\/div> <\/div> <\/div> <span class=\"ti-stars\"><span class=\"ti-star f\"><\/span><span class=\"ti-star f\"><\/span><span class=\"ti-star f\"><\/span><span class=\"ti-star f\"><\/span><span class=\"ti-star f\"><\/span><\/span> <div class=\"ti-review-text-container ti-review-content\"><!-- R-CONTENT -->Une des meilleures associations que j\u2019ai pu faire !\nUne organisation et un suivi vraiment parfait, c\u2019est avec grand plaisir que je referai un projet avec eux.<!-- R-CONTENT --><\/div> <span class=\"ti-read-more\" data-container=\".ti-review-content\" data-collapse-text=\"Cacher\" data-open-text=\"Lire la suite\" ><\/span> <\/div> <\/div>  <div data-empty=\"0\" class=\"ti-review-item source-Google ti-image-layout-thumbnail\" data-id=\"cfcd208495d565ef66e7dff9f98764da\" > <div class=\"ti-inner\"> <div class=\"ti-review-header\"> <div class=\"ti-profile-img\"> <img decoding=\"async\" src=\"https:\/\/lh3.googleusercontent.com\/a\/ACg8ocLctTPNovSk3eKM0b_MIPOfcFEQsz2135Cdu59_BWRVsIYC7Q=s120-c-rp-mo-br100\" srcset=\"https:\/\/lh3.googleusercontent.com\/a\/ACg8ocLctTPNovSk3eKM0b_MIPOfcFEQsz2135Cdu59_BWRVsIYC7Q=s120-c-rp-mo-br100 2x\" alt=\"Repiquet Julie\" loading=\"lazy\" \/> <\/div> <div class=\"ti-profile-details\"> <div class=\"ti-name\"> Repiquet Julie <\/div> <div class=\"ti-date\">2024-10-13<\/div> <\/div> <\/div> <span class=\"ti-stars\"><span class=\"ti-star f\"><\/span><span class=\"ti-star f\"><\/span><span class=\"ti-star f\"><\/span><span class=\"ti-star f\"><\/span><span class=\"ti-star f\"><\/span><\/span> <div class=\"ti-review-text-container ti-review-content\"><!-- R-CONTENT -->Tr\u00e8s bon accompagnement de la part de Globalong, du premier jour avec toutes mes interrogations, jusqu'au d\u00e9part dans quelques jours. Le dossier transmis apr\u00e8s validation de la mission est plus que complet, les webmaster tr\u00e8s int\u00e9ressantes et permettent de d\u00e9charger mentalement ce genre de pr\u00e9paration, tout est pr\u00e9vu il n'y a plus qu'\u00e0 suivre ! Merci \u00e0 Florence de r\u00e9pondre \u00e0 toutes mes questions avec gentillesse et bienveillance, cela m'a permis de passer le cap!\nMaintenant, il n'y a plus qu'\u00e0 \ud83d\ude00<!-- R-CONTENT --><\/div> <span class=\"ti-read-more\" data-container=\".ti-review-content\" data-collapse-text=\"Cacher\" data-open-text=\"Lire la suite\" ><\/span> <\/div> <\/div>  <div data-empty=\"0\" class=\"ti-review-item source-Google ti-image-layout-thumbnail\" data-id=\"cfcd208495d565ef66e7dff9f98764da\" > <div class=\"ti-inner\"> <div class=\"ti-review-header\"> <div class=\"ti-profile-img\"> <img decoding=\"async\" src=\"https:\/\/lh3.googleusercontent.com\/a\/ACg8ocJJTdmTWs8nAA0yuH_cKOUgzc6GFAkHBiXhpnnVYXaWMBZsHw=s120-c-rp-mo-br100\" srcset=\"https:\/\/lh3.googleusercontent.com\/a\/ACg8ocJJTdmTWs8nAA0yuH_cKOUgzc6GFAkHBiXhpnnVYXaWMBZsHw=s120-c-rp-mo-br100 2x\" alt=\"Marine Guilhamat\" loading=\"lazy\" \/> <\/div> <div class=\"ti-profile-details\"> <div class=\"ti-name\"> Marine Guilhamat <\/div> <div class=\"ti-date\">2024-10-09<\/div> <\/div> <\/div> <span class=\"ti-stars\"><span class=\"ti-star f\"><\/span><span class=\"ti-star f\"><\/span><span class=\"ti-star f\"><\/span><span class=\"ti-star f\"><\/span><span class=\"ti-star f\"><\/span><\/span> <div class=\"ti-review-text-container ti-review-content\"><!-- R-CONTENT -->Tr\u00e8s belle association qui offre un cadre super s\u00e9curisant et permet de s\u2019investir dans des projets qui ont du sens. Merci \u00e0 l\u2019\u00e9quipe Globalong pour votre disponibilit\u00e9, gentillesse et accompagnement !<!-- R-CONTENT --><\/div> <span class=\"ti-read-more\" data-container=\".ti-review-content\" data-collapse-text=\"Cacher\" data-open-text=\"Lire la suite\" ><\/span> <\/div> <\/div>  <div data-empty=\"0\" class=\"ti-review-item source-Google ti-image-layout-thumbnail\" data-id=\"cfcd208495d565ef66e7dff9f98764da\" > <div class=\"ti-inner\"> <div class=\"ti-review-header\"> <div class=\"ti-profile-img\"> <img decoding=\"async\" src=\"https:\/\/lh3.googleusercontent.com\/a\/ACg8ocIgITHXKo46qgJyPqlJeAcxz11gCKUJpGIk2qauiIe2O3iZ6w=s120-c-rp-mo-br100\" srcset=\"https:\/\/lh3.googleusercontent.com\/a\/ACg8ocIgITHXKo46qgJyPqlJeAcxz11gCKUJpGIk2qauiIe2O3iZ6w=s120-c-rp-mo-br100 2x\" alt=\"Laura Mercier\" loading=\"lazy\" \/> <\/div> <div class=\"ti-profile-details\"> <div class=\"ti-name\"> Laura Mercier <\/div> <div class=\"ti-date\">2024-10-08<\/div> <\/div> <\/div> <span class=\"ti-stars\"><span class=\"ti-star f\"><\/span><span class=\"ti-star f\"><\/span><span class=\"ti-star f\"><\/span><span class=\"ti-star f\"><\/span><span class=\"ti-star f\"><\/span><\/span> <div class=\"ti-review-text-container ti-review-content\"><!-- R-CONTENT -->Mon d\u00e9part approche, je pars dans une semaine, et depuis le d\u00e9but de mon inscription je suis tr\u00e8s satisfaite du suivi effectu\u00e9 par l\u2019association. Ils sont tr\u00e8s disponibles et r\u00e9pondent rapidement \u00e0 l\u2019ensemble des questions. Je suis tr\u00e8s contente de partir faire cette mission humanitaire encadr\u00e9e par cette association. Je recommande vraiment.<!-- R-CONTENT --><\/div> <span class=\"ti-read-more\" data-container=\".ti-review-content\" data-collapse-text=\"Cacher\" data-open-text=\"Lire la suite\" ><\/span> <\/div> <\/div>  <div data-empty=\"0\" class=\"ti-review-item source-Google ti-image-layout-thumbnail\" data-id=\"cfcd208495d565ef66e7dff9f98764da\" > <div class=\"ti-inner\"> <div class=\"ti-review-header\"> <div class=\"ti-profile-img\"> <img decoding=\"async\" src=\"https:\/\/lh3.googleusercontent.com\/a-\/ALV-UjVVr0YMQhXl8QNEEB32l-rnoaYwvRZUjIEX9OEwPE_1fQwzIyk=s120-c-rp-mo-br100\" srcset=\"https:\/\/lh3.googleusercontent.com\/a-\/ALV-UjVVr0YMQhXl8QNEEB32l-rnoaYwvRZUjIEX9OEwPE_1fQwzIyk=s120-c-rp-mo-br100 2x\" alt=\"Anouk Rzkt\" loading=\"lazy\" \/> <\/div> <div class=\"ti-profile-details\"> <div class=\"ti-name\"> Anouk Rzkt <\/div> <div class=\"ti-date\">2024-10-02<\/div> <\/div> <\/div> <span class=\"ti-stars\"><span class=\"ti-star f\"><\/span><span class=\"ti-star f\"><\/span><span class=\"ti-star f\"><\/span><span class=\"ti-star f\"><\/span><span class=\"ti-star f\"><\/span><\/span> <div class=\"ti-review-text-container ti-review-content\"><!-- R-CONTENT -->Globalong est l'association parfaite. L'\u00e9quipe offre un v\u00e9ritable accompagnement rythm\u00e9 par beaucoup de conseils et d'\u00e9coute. Le site est tr\u00e8s bien fait avec des dossiers complets allant des sujets tr\u00e8s pratiques a d'autres plus th\u00e9oriques (tels que le choc culturel par exemple). Je recommande vivement et remercie sinc\u00e8rement toute l'\u00e9quipe pour leur gentillesse et investissement !<!-- R-CONTENT --><\/div> <span class=\"ti-read-more\" data-container=\".ti-review-content\" data-collapse-text=\"Cacher\" data-open-text=\"Lire la suite\" ><\/span> <\/div> <\/div>  <\/div> <div class=\"ti-controls-line\"> <div class=\"dot\"><\/div> <\/div> <\/div> <div class=\"ti-footer\"> <div class=\"ti-rating-text\"> <span class=\"nowrap\">\u00c9valuation <strong>Google<\/strong> : <\/span><span class=\"nowrap\"><strong>4.8<\/strong> sur 5, <\/span><span class=\"nowrap\">Bas\u00e9e sur <strong>240 avis<\/strong><\/span> <\/div> <\/div>  <\/div> <\/div> \n<p>a0<\/p>\n<h2><strong>12. Uddybende FAQ<\/strong><\/h2>\n<\/blockquote>\n<\/section>\n<dl>\n<dt>Hvad er minimumsalderen for at rejse ud?<\/dt>\n<dt>18 \u00e5r, nogle gange 17 \u00e5r med for\u00e6ldresamtykke.<\/dt>\n<\/dl>\n<dl>\n<dt>Hvor l\u00e6nge skal man engagere sig?<\/dt>\n<dd>2 uger til 12 m\u00e5neder afh\u00e6ngigt af projekterne.<\/dd>\n<dt>Kan man rejse ud som gruppe eller familie?<\/dt>\n<dd>Ja, VITA Institute tilbyder forl\u00f8b, der kan tilpasses grupper og familier.<\/dd>\n<dt>Skal man kunne det lokale sprog?<\/dt>\n<dd>Et godt niveau i engelsk er som regel n\u00f8dvendigt, og det anbefales kraftigt at l\u00e6re noget af det lokale sprog.<\/dd>\n<dt>Hvordan kan jeg finansiere mit humanit\u00e6re forl\u00f8b?<\/dt>\n<dd>Egenbetaling, stipendier, tilskud, crowdfunding og virksomhedssamarbejder.<\/dd>\n<\/dl>\n<section id=\"conclusion\">\n<h2><strong>13. Afrunding og opfordring til handling<\/strong><\/h2>\n<p style=\"text-align: justify;\">Du har nu en samlet guide til at g\u00e5 fra tanke til handling og gennemf\u00f8re et humanit\u00e6rt forl\u00f8b med VITA Institute. Hvert trin \u2013 fra at afklare din motivation til at s\u00e6tte ord p\u00e5 din indsats \u2013 er beskrevet, s\u00e5 du kan planl\u00e6gge dit projekt med ro, realisme og retning.<\/p>\n<p><a class=\"btn btn-primary\" href=\"https:\/\/www.vita-explorers.dk\/\" target=\"_blank\" rel=\"noopener\">Se vores forl\u00f8b<\/a><br \/>\n<a class=\"btn btn-secondary\" href=\"https:\/\/www.vita-explorers.dk\/#tel-contact-form-glob\" target=\"_blank\" rel=\"noopener\">Kontakt en r\u00e5dgiver<\/a><\/p>\n<\/section>\n<p><!-- JS-scripts (minificerede, asynkrone) --><br \/>\n<!-- <script src=\"\/js\/main.min.js\" async><\/script> --><\/p>\n<article>\n<section id=\"conclusion\"><strong>Ans\u00f8g allerede nu<\/strong>a0og tag de f\u00f8rste skridt mod dit internationale forl\u00f8b med VITA Institute.<\/p>\n<\/section>\n<\/article>\n<p class=\"p4\"><b>Vil du vide mere, er du velkommen til at skrive til os p\u00e5a0<\/b><a href=\"mailto:info@globalong.com\"><span class=\"s2\"><b>info@globalong.com<\/b><\/span><\/a><\/p>\n<p class=\"p4\"><b>Vil du f\u00f8lge med i VITA Institute og vores community, s\u00e5 find os p\u00e5a0<\/b><a href=\"https:\/\/www.instagram.com\/globalongofficiel\/\"><span class=\"s2\"><b>Instagram<\/b><\/span><\/a><b>,a0<\/b><a href=\"https:\/\/www.facebook.com\/globalong\"><span class=\"s2\"><b>Facebook<\/b><\/span><\/a><b>,a0<\/b><a href=\"https:\/\/www.linkedin.com\/company\/5113177\/admin\/feed\/posts\/\"><span class=\"s2\"><b>LinkedIn<\/b><\/span><\/a><b>a0oga0<\/b><a href=\"https:\/\/www.youtube.com\/c\/globalong\/videos\"><span class=\"s2\"><b>YouTube<\/b><\/span><\/a><b>a0.a0<\/b><\/p>\n<footer><strong>\u00a9 2025 VITA Institute. Alle rettigheder forbeholdes.<\/strong><\/footer>\n<p>a0<\/p>\n","protected":false},"excerpt":{"rendered":"<p>Forside Blog S\u00e5dan engagerer du dig i et humanit\u00e6rt forl\u00f8b S\u00e5dan engagerer du dig i et humanit\u00e6rt forl\u00f8b Introduktion Hvorfor engagere sig? Typer af\u2026<\/p>\n","protected":false},"author":7,"featured_media":15778,"comment_status":"open","ping_status":"open","sticky":false,"template":"","format":"standard","meta":{"footnotes":""},"categories":[6,4],"tags":[],"yoast_head":"<!-- This site is optimized with the Yoast SEO Premium plugin v23.4 (Yoast SEO v23.4) - https:\/\/yoast.com\/wordpress\/plugins\/seo\/ -->\n<title>S\u00e5dan engagerer du dig i et humanit\u00e6rt forl\u00f8b: en praktisk guide<\/title>\n<meta name=\"description\" content=\"D\u00e9couvrez comment s\u2019engager dans une mission humanitaire : pr\u00e9paration, choix d\u2019ONG, financement, comp\u00e9tences et t\u00e9moignages pour r\u00e9ussir\" \/>\n<meta name=\"robots\" content=\"index, follow, max-snippet:-1, max-image-preview:large, max-video-preview:-1\" \/>\n<link rel=\"canonical\" href=\"https:\/\/www.vita-explorers.dk\/blog\/hvordan-engagerer-man-sig-i-et-internationalt-forlob\/\" \/>\n<meta property=\"og:locale\" content=\"da_DK\" \/>\n<meta property=\"og:type\" content=\"article\" \/>\n<meta property=\"og:title\" content=\"Hvordan engagerer man sig i et humanit\u00e6rt forl\u00f8b\" \/>\n<meta property=\"og:description\" content=\"D\u00e9couvrez comment s\u2019engager dans une mission humanitaire : pr\u00e9paration, choix d\u2019ONG, financement, comp\u00e9tences et t\u00e9moignages pour r\u00e9ussir\" \/>\n<meta property=\"og:url\" content=\"https:\/\/www.vita-explorers.dk\/blog\/hvordan-engagerer-man-sig-i-et-internationalt-forlob\/\" \/>\n<meta property=\"og:site_name\" content=\"VITA Explorers Blog\" \/>\n<meta property=\"article:publisher\" content=\"https:\/\/www.facebook.com\/globalong\" \/>\n<meta property=\"article:published_time\" content=\"2025-06-09T15:30:09+00:00\" \/>\n<meta property=\"og:image\" content=\"https:\/\/www.vita-explorers.dk\/blog\/wp-content\/uploads\/2023\/10\/mission-humanitaire-afrique-du-sud.png\" \/>\n\t<meta property=\"og:image:width\" content=\"1258\" \/>\n\t<meta property=\"og:image:height\" content=\"1060\" \/>\n\t<meta property=\"og:image:type\" content=\"image\/png\" \/>\n<meta name=\"author\" content=\"VITA Tribe\" \/>\n<meta name=\"twitter:card\" content=\"summary_large_image\" \/>\n<meta name=\"twitter:label1\" content=\"Skrevet af\" \/>\n\t<meta name=\"twitter:data1\" content=\"VITA Tribe\" \/>\n\t<meta name=\"twitter:label2\" content=\"Estimeret l\u00e6setid\" \/>\n\t<meta name=\"twitter:data2\" content=\"10 minutter\" \/>\n<script type=\"application\/ld+json\" class=\"yoast-schema-graph\">{\"@context\":\"https:\/\/schema.org\",\"@graph\":[{\"@type\":\"Article\",\"@id\":\"https:\/\/www.vita-explorers.dk\/blog\/hvordan-engagerer-man-sig-i-et-internationalt-forlob\/#article\",\"isPartOf\":{\"@id\":\"https:\/\/www.vita-explorers.dk\/blog\/hvordan-engagerer-man-sig-i-et-internationalt-forlob\/\"},\"author\":{\"name\":\"VITA Tribe\",\"@id\":\"https:\/\/www.vita-explorers.dk\/blog\/#\/schema\/person\/fc0343a2f2db2ebb2793c1f62dbe73f0\"},\"headline\":\"Hvordan engagerer man sig i et humanit\u00e6rt forl\u00f8b\",\"datePublished\":\"2025-06-09T15:30:09+00:00\",\"dateModified\":\"2025-06-09T15:30:09+00:00\",\"mainEntityOfPage\":{\"@id\":\"https:\/\/www.vita-explorers.dk\/blog\/hvordan-engagerer-man-sig-i-et-internationalt-forlob\/\"},\"wordCount\":1808,\"commentCount\":0,\"publisher\":{\"@id\":\"https:\/\/www.vita-explorers.dk\/blog\/#organization\"},\"image\":{\"@id\":\"https:\/\/www.vita-explorers.dk\/blog\/hvordan-engagerer-man-sig-i-et-internationalt-forlob\/#primaryimage\"},\"thumbnailUrl\":\"https:\/\/www.vita-explorers.dk\/blog\/wp-content\/uploads\/2023\/10\/mission-humanitaire-afrique-du-sud.png\",\"articleSection\":[\"Nyheder\",\"VITA Explorers\"],\"inLanguage\":\"da-DK\",\"potentialAction\":[{\"@type\":\"CommentAction\",\"name\":\"Comment\",\"target\":[\"https:\/\/www.vita-explorers.dk\/blog\/hvordan-engagerer-man-sig-i-et-internationalt-forlob\/#respond\"]}]},{\"@type\":\"WebPage\",\"@id\":\"https:\/\/www.vita-explorers.dk\/blog\/hvordan-engagerer-man-sig-i-et-internationalt-forlob\/\",\"url\":\"https:\/\/www.vita-explorers.dk\/blog\/hvordan-engagerer-man-sig-i-et-internationalt-forlob\/\",\"name\":\"S\u00e5dan engagerer du dig i et humanit\u00e6rt forl\u00f8b: en praktisk guide\",\"isPartOf\":{\"@id\":\"https:\/\/www.vita-explorers.dk\/blog\/#website\"},\"primaryImageOfPage\":{\"@id\":\"https:\/\/www.vita-explorers.dk\/blog\/hvordan-engagerer-man-sig-i-et-internationalt-forlob\/#primaryimage\"},\"image\":{\"@id\":\"https:\/\/www.vita-explorers.dk\/blog\/hvordan-engagerer-man-sig-i-et-internationalt-forlob\/#primaryimage\"},\"thumbnailUrl\":\"https:\/\/www.vita-explorers.dk\/blog\/wp-content\/uploads\/2023\/10\/mission-humanitaire-afrique-du-sud.png\",\"datePublished\":\"2025-06-09T15:30:09+00:00\",\"dateModified\":\"2025-06-09T15:30:09+00:00\",\"description\":\"D\u00e9couvrez comment s\u2019engager dans une mission humanitaire : pr\u00e9paration, choix d\u2019ONG, financement, comp\u00e9tences et t\u00e9moignages pour r\u00e9ussir\",\"breadcrumb\":{\"@id\":\"https:\/\/www.vita-explorers.dk\/blog\/hvordan-engagerer-man-sig-i-et-internationalt-forlob\/#breadcrumb\"},\"inLanguage\":\"da-DK\",\"potentialAction\":[{\"@type\":\"ReadAction\",\"target\":[\"https:\/\/www.vita-explorers.dk\/blog\/hvordan-engagerer-man-sig-i-et-internationalt-forlob\/\"]}]},{\"@type\":\"ImageObject\",\"inLanguage\":\"da-DK\",\"@id\":\"https:\/\/www.vita-explorers.dk\/blog\/hvordan-engagerer-man-sig-i-et-internationalt-forlob\/#primaryimage\",\"url\":\"https:\/\/www.vita-explorers.dk\/blog\/wp-content\/uploads\/2023\/10\/mission-humanitaire-afrique-du-sud.png\",\"contentUrl\":\"https:\/\/www.vita-explorers.dk\/blog\/wp-content\/uploads\/2023\/10\/mission-humanitaire-afrique-du-sud.png\",\"width\":1258,\"height\":1060,\"caption\":\"Comment s\u2019engager dans une mission de volontariat \u00e0 l'\u00e9tranger en 2026\"},{\"@type\":\"BreadcrumbList\",\"@id\":\"https:\/\/www.vita-explorers.dk\/blog\/hvordan-engagerer-man-sig-i-et-internationalt-forlob\/#breadcrumb\",\"itemListElement\":[{\"@type\":\"ListItem\",\"position\":1,\"name\":\"Accueil\",\"item\":\"https:\/\/www.vita-explorers.dk\/blog\/\"},{\"@type\":\"ListItem\",\"position\":2,\"name\":\"Hvordan engagerer man sig i et humanit\u00e6rt forl\u00f8b\"}]},{\"@type\":\"WebSite\",\"@id\":\"https:\/\/www.vita-explorers.dk\/blog\/#website\",\"url\":\"https:\/\/www.vita-explorers.dk\/blog\/\",\"name\":\"Association Globalong\",\"description\":\"Frivilligt arbejde, sprogophold, praktik i udlandet og internationale oplevelser\",\"publisher\":{\"@id\":\"https:\/\/www.vita-explorers.dk\/blog\/#organization\"},\"potentialAction\":[{\"@type\":\"SearchAction\",\"target\":{\"@type\":\"EntryPoint\",\"urlTemplate\":\"https:\/\/www.vita-explorers.dk\/blog\/?s={search_term_string}\"},\"query-input\":{\"@type\":\"PropertyValueSpecification\",\"valueRequired\":true,\"valueName\":\"search_term_string\"}}],\"inLanguage\":\"da-DK\"},{\"@type\":\"Organization\",\"@id\":\"https:\/\/www.vita-explorers.dk\/blog\/#organization\",\"name\":\"Association Globalong\",\"url\":\"https:\/\/www.vita-explorers.dk\/blog\/\",\"logo\":{\"@type\":\"ImageObject\",\"inLanguage\":\"da-DK\",\"@id\":\"https:\/\/www.vita-explorers.dk\/blog\/#\/schema\/logo\/image\/\",\"url\":\"https:\/\/www.globalong.com\/blog\/wp-content\/uploads\/2014\/11\/cropped-cropped-Logo-et-Afrique-Globalong-petite-taille-2.jpg\",\"contentUrl\":\"https:\/\/www.globalong.com\/blog\/wp-content\/uploads\/2014\/11\/cropped-cropped-Logo-et-Afrique-Globalong-petite-taille-2.jpg\",\"width\":512,\"height\":512,\"caption\":\"Association Globalong\"},\"image\":{\"@id\":\"https:\/\/www.vita-explorers.dk\/blog\/#\/schema\/logo\/image\/\"},\"sameAs\":[\"https:\/\/www.facebook.com\/globalong\"]},{\"@type\":\"Person\",\"@id\":\"https:\/\/www.vita-explorers.dk\/blog\/#\/schema\/person\/fc0343a2f2db2ebb2793c1f62dbe73f0\",\"name\":\"VITA Tribe\",\"image\":{\"@type\":\"ImageObject\",\"inLanguage\":\"da-DK\",\"@id\":\"https:\/\/www.vita-explorers.dk\/blog\/#\/schema\/person\/image\/\",\"url\":\"https:\/\/secure.gravatar.com\/avatar\/f7f05026bb439d0c96b30e135e5f852c?s=96&d=mm&r=g\",\"contentUrl\":\"https:\/\/secure.gravatar.com\/avatar\/f7f05026bb439d0c96b30e135e5f852c?s=96&d=mm&r=g\",\"caption\":\"VITA Tribe\"},\"sameAs\":[\"http:\/\/www.globalong.com\"],\"url\":\"https:\/\/www.vita-explorers.dk\/blog\/author\/teamglobalong\/\"}]}<\/script>\n<!-- \/ Yoast SEO Premium plugin. -->","yoast_head_json":{"title":"S\u00e5dan engagerer du dig i et humanit\u00e6rt forl\u00f8b: en praktisk guide","description":"D\u00e9couvrez comment s\u2019engager dans une mission humanitaire : pr\u00e9paration, choix d\u2019ONG, financement, comp\u00e9tences et t\u00e9moignages pour r\u00e9ussir","robots":{"index":"index","follow":"follow","max-snippet":"max-snippet:-1","max-image-preview":"max-image-preview:large","max-video-preview":"max-video-preview:-1"},"canonical":"https:\/\/www.vita-explorers.dk\/blog\/hvordan-engagerer-man-sig-i-et-internationalt-forlob\/","og_locale":"da_DK","og_type":"article","og_title":"Hvordan engagerer man sig i et humanit\u00e6rt forl\u00f8b","og_description":"D\u00e9couvrez comment s\u2019engager dans une mission humanitaire : pr\u00e9paration, choix d\u2019ONG, financement, comp\u00e9tences et t\u00e9moignages pour r\u00e9ussir","og_url":"https:\/\/www.vita-explorers.dk\/blog\/hvordan-engagerer-man-sig-i-et-internationalt-forlob\/","og_site_name":"VITA Explorers Blog","article_publisher":"https:\/\/www.facebook.com\/globalong","article_published_time":"2025-06-09T15:30:09+00:00","og_image":[{"width":1258,"height":1060,"url":"https:\/\/www.vita-explorers.dk\/blog\/wp-content\/uploads\/2023\/10\/mission-humanitaire-afrique-du-sud.png","type":"image\/png"}],"author":"VITA Tribe","twitter_card":"summary_large_image","twitter_misc":{"Skrevet af":"VITA Tribe","Estimeret l\u00e6setid":"10 minutter"},"schema":{"@context":"https:\/\/schema.org","@graph":[{"@type":"Article","@id":"https:\/\/www.vita-explorers.dk\/blog\/hvordan-engagerer-man-sig-i-et-internationalt-forlob\/#article","isPartOf":{"@id":"https:\/\/www.vita-explorers.dk\/blog\/hvordan-engagerer-man-sig-i-et-internationalt-forlob\/"},"author":{"name":"VITA Tribe","@id":"https:\/\/www.vita-explorers.dk\/blog\/#\/schema\/person\/fc0343a2f2db2ebb2793c1f62dbe73f0"},"headline":"Hvordan engagerer man sig i et humanit\u00e6rt forl\u00f8b","datePublished":"2025-06-09T15:30:09+00:00","dateModified":"2025-06-09T15:30:09+00:00","mainEntityOfPage":{"@id":"https:\/\/www.vita-explorers.dk\/blog\/hvordan-engagerer-man-sig-i-et-internationalt-forlob\/"},"wordCount":1808,"commentCount":0,"publisher":{"@id":"https:\/\/www.vita-explorers.dk\/blog\/#organization"},"image":{"@id":"https:\/\/www.vita-explorers.dk\/blog\/hvordan-engagerer-man-sig-i-et-internationalt-forlob\/#primaryimage"},"thumbnailUrl":"https:\/\/www.vita-explorers.dk\/blog\/wp-content\/uploads\/2023\/10\/mission-humanitaire-afrique-du-sud.png","articleSection":["Nyheder","VITA Explorers"],"inLanguage":"da-DK","potentialAction":[{"@type":"CommentAction","name":"Comment","target":["https:\/\/www.vita-explorers.dk\/blog\/hvordan-engagerer-man-sig-i-et-internationalt-forlob\/#respond"]}]},{"@type":"WebPage","@id":"https:\/\/www.vita-explorers.dk\/blog\/hvordan-engagerer-man-sig-i-et-internationalt-forlob\/","url":"https:\/\/www.vita-explorers.dk\/blog\/hvordan-engagerer-man-sig-i-et-internationalt-forlob\/","name":"S\u00e5dan engagerer du dig i et humanit\u00e6rt forl\u00f8b: en praktisk guide","isPartOf":{"@id":"https:\/\/www.vita-explorers.dk\/blog\/#website"},"primaryImageOfPage":{"@id":"https:\/\/www.vita-explorers.dk\/blog\/hvordan-engagerer-man-sig-i-et-internationalt-forlob\/#primaryimage"},"image":{"@id":"https:\/\/www.vita-explorers.dk\/blog\/hvordan-engagerer-man-sig-i-et-internationalt-forlob\/#primaryimage"},"thumbnailUrl":"https:\/\/www.vita-explorers.dk\/blog\/wp-content\/uploads\/2023\/10\/mission-humanitaire-afrique-du-sud.png","datePublished":"2025-06-09T15:30:09+00:00","dateModified":"2025-06-09T15:30:09+00:00","description":"D\u00e9couvrez comment s\u2019engager dans une mission humanitaire : pr\u00e9paration, choix d\u2019ONG, financement, comp\u00e9tences et t\u00e9moignages pour r\u00e9ussir","breadcrumb":{"@id":"https:\/\/www.vita-explorers.dk\/blog\/hvordan-engagerer-man-sig-i-et-internationalt-forlob\/#breadcrumb"},"inLanguage":"da-DK","potentialAction":[{"@type":"ReadAction","target":["https:\/\/www.vita-explorers.dk\/blog\/hvordan-engagerer-man-sig-i-et-internationalt-forlob\/"]}]},{"@type":"ImageObject","inLanguage":"da-DK","@id":"https:\/\/www.vita-explorers.dk\/blog\/hvordan-engagerer-man-sig-i-et-internationalt-forlob\/#primaryimage","url":"https:\/\/www.vita-explorers.dk\/blog\/wp-content\/uploads\/2023\/10\/mission-humanitaire-afrique-du-sud.png","contentUrl":"https:\/\/www.vita-explorers.dk\/blog\/wp-content\/uploads\/2023\/10\/mission-humanitaire-afrique-du-sud.png","width":1258,"height":1060,"caption":"Comment s\u2019engager dans une mission de volontariat \u00e0 l'\u00e9tranger en 2026"},{"@type":"BreadcrumbList","@id":"https:\/\/www.vita-explorers.dk\/blog\/hvordan-engagerer-man-sig-i-et-internationalt-forlob\/#breadcrumb","itemListElement":[{"@type":"ListItem","position":1,"name":"Accueil","item":"https:\/\/www.vita-explorers.dk\/blog\/"},{"@type":"ListItem","position":2,"name":"Hvordan engagerer man sig i et humanit\u00e6rt forl\u00f8b"}]},{"@type":"WebSite","@id":"https:\/\/www.vita-explorers.dk\/blog\/#website","url":"https:\/\/www.vita-explorers.dk\/blog\/","name":"Association Globalong","description":"Frivilligt arbejde, sprogophold, praktik i udlandet og internationale oplevelser","publisher":{"@id":"https:\/\/www.vita-explorers.dk\/blog\/#organization"},"potentialAction":[{"@type":"SearchAction","target":{"@type":"EntryPoint","urlTemplate":"https:\/\/www.vita-explorers.dk\/blog\/?s={search_term_string}"},"query-input":{"@type":"PropertyValueSpecification","valueRequired":true,"valueName":"search_term_string"}}],"inLanguage":"da-DK"},{"@type":"Organization","@id":"https:\/\/www.vita-explorers.dk\/blog\/#organization","name":"Association Globalong","url":"https:\/\/www.vita-explorers.dk\/blog\/","logo":{"@type":"ImageObject","inLanguage":"da-DK","@id":"https:\/\/www.vita-explorers.dk\/blog\/#\/schema\/logo\/image\/","url":"https:\/\/www.globalong.com\/blog\/wp-content\/uploads\/2014\/11\/cropped-cropped-Logo-et-Afrique-Globalong-petite-taille-2.jpg","contentUrl":"https:\/\/www.globalong.com\/blog\/wp-content\/uploads\/2014\/11\/cropped-cropped-Logo-et-Afrique-Globalong-petite-taille-2.jpg","width":512,"height":512,"caption":"Association Globalong"},"image":{"@id":"https:\/\/www.vita-explorers.dk\/blog\/#\/schema\/logo\/image\/"},"sameAs":["https:\/\/www.facebook.com\/globalong"]},{"@type":"Person","@id":"https:\/\/www.vita-explorers.dk\/blog\/#\/schema\/person\/fc0343a2f2db2ebb2793c1f62dbe73f0","name":"VITA Tribe","image":{"@type":"ImageObject","inLanguage":"da-DK","@id":"https:\/\/www.vita-explorers.dk\/blog\/#\/schema\/person\/image\/","url":"https:\/\/secure.gravatar.com\/avatar\/f7f05026bb439d0c96b30e135e5f852c?s=96&d=mm&r=g","contentUrl":"https:\/\/secure.gravatar.com\/avatar\/f7f05026bb439d0c96b30e135e5f852c?s=96&d=mm&r=g","caption":"VITA Tribe"},"sameAs":["http:\/\/www.globalong.com"],"url":"https:\/\/www.vita-explorers.dk\/blog\/author\/teamglobalong\/"}]}},"_links":{"self":[{"href":"https:\/\/www.vita-explorers.dk\/blog\/wp-json\/wp\/v2\/posts\/21282"}],"collection":[{"href":"https:\/\/www.vita-explorers.dk\/blog\/wp-json\/wp\/v2\/posts"}],"about":[{"href":"https:\/\/www.vita-explorers.dk\/blog\/wp-json\/wp\/v2\/types\/post"}],"author":[{"embeddable":true,"href":"https:\/\/www.vita-explorers.dk\/blog\/wp-json\/wp\/v2\/users\/7"}],"replies":[{"embeddable":true,"href":"https:\/\/www.vita-explorers.dk\/blog\/wp-json\/wp\/v2\/comments?post=21282"}],"version-history":[{"count":2,"href":"https:\/\/www.vita-explorers.dk\/blog\/wp-json\/wp\/v2\/posts\/21282\/revisions"}],"predecessor-version":[{"id":21284,"href":"https:\/\/www.vita-explorers.dk\/blog\/wp-json\/wp\/v2\/posts\/21282\/revisions\/21284"}],"wp:featuredmedia":[{"embeddable":true,"href":"https:\/\/www.vita-explorers.dk\/blog\/wp-json\/wp\/v2\/media\/15778"}],"wp:attachment":[{"href":"https:\/\/www.vita-explorers.dk\/blog\/wp-json\/wp\/v2\/media?parent=21282"}],"wp:term":[{"taxonomy":"category","embeddable":true,"href":"https:\/\/www.vita-explorers.dk\/blog\/wp-json\/wp\/v2\/categories?post=21282"},{"taxonomy":"post_tag","embeddable":true,"href":"https:\/\/www.vita-explorers.dk\/blog\/wp-json\/wp\/v2\/tags?post=21282"}],"curies":[{"name":"wp","href":"https:\/\/api.w.org\/{rel}","templated":true}]}}